{"id":99885,"date":"2025-03-14T15:48:11","date_gmt":"2025-03-14T14:48:11","guid":{"rendered":"https:\/\/www.tuicamper.com\/?p=99885"},"modified":"2025-03-14T15:48:11","modified_gmt":"2025-03-14T14:48:11","slug":"camping-im-europa-park-rust","status":"publish","type":"post","link":"https:\/\/www.tuicamper.com\/magazin\/camping-im-europa-park-rust\/","title":{"rendered":"Camping im Europa-Park: Mit dem Wohnmobil zum Freizeitpark der Superlative"},"content":{"rendered":"<div id='av_section_1'  class='avia-section av-y84opcd-c4cef4b0f781345218f89e32d846d40f main_color avia-section-default avia-no-border-styling  avia-builder-el-0  el_before_av_textblock  avia-builder-el-first  reduced-content avia-bg-style-scroll container_wrap sidebar_right'  ><div class='container av-section-cont-open' ><main  role=\"main\" itemprop=\"mainContentOfPage\"  class='template-page content  av-content-small alpha units'><div class='post-entry post-entry-type-page post-entry-99885'><div class='entry-content-wrapper clearfix'>\n\n<style type=\"text\/css\" data-created_by=\"avia_inline_auto\" id=\"style-css-av-3d1ua99-80314a5f5a1bb47ee5c938f13b6e6561\">\n.flex_column.av-3d1ua99-80314a5f5a1bb47ee5c938f13b6e6561{\nborder-radius:0px 0px 0px 0px;\npadding:0px 0px 0px 0px;\n}\n<\/style>\n<div  class='flex_column av-3d1ua99-80314a5f5a1bb47ee5c938f13b6e6561 av_one_full  avia-builder-el-1  avia-builder-el-no-sibling  first flex_column_div av-zero-column-padding  '     ><section  class='av_textblock_section av-m88s4vpq-5a36df8a5869ba8b2065b92c14695d3e '   itemscope=\"itemscope\" itemtype=\"https:\/\/schema.org\/BlogPosting\" itemprop=\"blogPost\" ><div class='avia_textblock'  itemprop=\"text\" ><p>\u00dcber 100 Attraktionen, mehr als sechs Millionen Besucher pro Jahr und die mehrfache Auszeichnung als \u201ebester Freizeitpark der Welt\u201c: Der Europa-Park in Rust geh\u00f6rt zu den gr\u00f6\u00dften Freizeitparks der Welt \u2013 und zu den sch\u00f6nsten. Und es gibt gute Nachrichten f\u00fcr alle Wohnmobil-Reisenden: Direkt vor den Toren des Parks befindet sich ein gro\u00dfer Campingplatz f\u00fcr alle Besucher. Aber auch an Alternativen mangelt es nicht. Was Camper vor Ort erwartet.<\/p>\n<\/div><\/section><\/div>\n<\/div><\/div><\/main><!-- close content main element --><\/div><\/div><div id='after_section_1'  class='main_color av_default_container_wrap container_wrap sidebar_right'  ><div class='container av-section-cont-open' ><div class='template-page content  av-content-small alpha units'><div class='post-entry post-entry-type-page post-entry-99885'><div class='entry-content-wrapper clearfix'>\n<section  class='av_textblock_section av-3behd8t-be456be0dd7d81cf117e1b8f4aa34eae '   itemscope=\"itemscope\" itemtype=\"https:\/\/schema.org\/BlogPosting\" itemprop=\"blogPost\" ><div class='avia_textblock'  itemprop=\"text\" >\n<\/div><\/section>\n<\/div><\/div><\/div><!-- close content main div --><\/div><\/div><div id='av_section_2'  class='avia-section av-wsgutu5-96ff602f152f716760257aa2c2302fb6 main_color avia-section-default avia-no-border-styling  avia-builder-el-4  el_after_av_textblock  el_before_av_section  reduced-content avia-bg-style-scroll container_wrap sidebar_right'  ><div class='container av-section-cont-open' ><div class='template-page content  av-content-small alpha units'><div class='post-entry post-entry-type-page post-entry-99885'><div class='entry-content-wrapper clearfix'>\n<section  class='av_textblock_section av-wjub4p9-85ff4e63a1ca3f1eba95028754c49144 '   itemscope=\"itemscope\" itemtype=\"https:\/\/schema.org\/BlogPosting\" itemprop=\"blogPost\" ><div class='avia_textblock'  itemprop=\"text\" ><div id=\"js-table-of-contents\">\r\n    <strong>Inhaltsverzeichnis<\/strong>\r\n<\/div>\n<\/div><\/section>\n\n<\/div><\/div><\/div><!-- close content main div --><\/div><\/div><div id='av_section_3'  class='avia-section av-vvrfzwt-10e0d5ba2576c3831ce2f748a33be8ef main_color avia-section-default avia-no-border-styling  avia-builder-el-6  el_after_av_section  el_before_av_section  reduced-content avia-bg-style-scroll container_wrap sidebar_right'  ><div class='container av-section-cont-open' ><div class='template-page content  av-content-small alpha units'><div class='post-entry post-entry-type-page post-entry-99885'><div class='entry-content-wrapper clearfix'>\n\n<style type=\"text\/css\" data-created_by=\"avia_inline_auto\" id=\"style-css-av-vccnj71-69583ce3b235b5d4d715a5d8db914c9f\">\n.flex_column.av-vccnj71-69583ce3b235b5d4d715a5d8db914c9f{\nborder-radius:0px 0px 0px 0px;\npadding:0px 0px 0px 0px;\n}\n<\/style>\n<div  class='flex_column av-vccnj71-69583ce3b235b5d4d715a5d8db914c9f av_one_full  avia-builder-el-7  avia-builder-el-no-sibling  first flex_column_div av-zero-column-padding  '     ><section  class='av_textblock_section av-v6id8bx-5965dfe15d0ab9afa2ca37619e63df29 '   itemscope=\"itemscope\" itemtype=\"https:\/\/schema.org\/BlogPosting\" itemprop=\"blogPost\" ><div class='avia_textblock'  itemprop=\"text\" ><h2>Wohnmobil-Stellplatz vorm Europa-Park: Das erwartet Camper<\/h2>\n<p>Einfach mal ein paar Tage zu Deutschlands gr\u00f6\u00dften Freizeitpark fahren, ohne teure Hotel-Kosten mit einkalkulieren zu m\u00fcssen? Kein Problem, denn der Europa-Park reiht sich in die Reihe der <a href=\"https:\/\/www.tuicamper.com\/magazin\/freizeitparks-mit-campingplatz\/\">Freizeitparks mit Campingplatz<\/a> ein. Nur f\u00fcnf Gehminuten vom Haupteingang entfernt finden Camper alles, was sie brauchen. Im Europa-Park Caravaning erwarten Sie:<\/p>\n<ul>\n<li>komfortable Stellpl\u00e4tze in unterschiedlichen Gr\u00f6\u00dfen<\/li>\n<li>Strom- und Wasseranschl\u00fcsse<\/li>\n<li>moderne Sanit\u00e4ranlagen<\/li>\n<li>Versorgungsm\u00f6glichkeiten im Stil einer Westernstadt<\/li>\n<li>kostenfreies WLAN<\/li>\n<\/ul>\n<p>Und nat\u00fcrlich sind auch Hunde auf dem Campingplatz im Europa-Park herzlich willkommen. Gut zu wissen: Der Platz punktet nicht nur mit seiner N\u00e4he zum Europa-Park, sondern hat auch selbst einiges zu bieten. Beispielsweise einen eigenen Badesee, der im Sommer zum Schwimmen einl\u00e4dt. Und auch Beach Volleyball- und Tennisspieler kommen vor Ort voll auf ihre Kosten.<\/p>\n<\/div><\/section><\/div>\n\n<\/div><\/div><\/div><!-- close content main div --><\/div><\/div><div id='av_section_4'  class='avia-section av-uqbskwd-b6d450b6bec2abd9670778777848ddcb main_color avia-section-default avia-no-border-styling  avia-builder-el-9  el_after_av_section  el_before_av_section  reduced-content avia-bg-style-scroll container_wrap sidebar_right'  ><div class='container av-section-cont-open' ><div class='template-page content  av-content-small alpha units'><div class='post-entry post-entry-type-page post-entry-99885'><div class='entry-content-wrapper clearfix'>\n\n<style type=\"text\/css\" data-created_by=\"avia_inline_auto\" id=\"style-css-av-u13ujd9-774b4a5907ff0dddab6d4d907219ff19\">\n.avia-image-container.av-u13ujd9-774b4a5907ff0dddab6d4d907219ff19 img.avia_image{\nbox-shadow:none;\n}\n.avia-image-container.av-u13ujd9-774b4a5907ff0dddab6d4d907219ff19 .av-caption-image-overlay-bg{\nopacity:0.4;\nbackground-color:#000000;\n}\n.avia-image-container.av-u13ujd9-774b4a5907ff0dddab6d4d907219ff19 .av-image-caption-overlay-center{\ncolor:#ffffff;\n}\n<\/style>\n<div  class='avia-image-container av-u13ujd9-774b4a5907ff0dddab6d4d907219ff19 av-styling- av-img-linked avia_animated_image av-animated-when-visible-95 fade-in avia-align-center  avia-builder-el-10  el_before_av_hr  avia-builder-el-first  noHover av-overlay-on-hover'   itemprop=\"image\" itemscope=\"itemscope\" itemtype=\"https:\/\/schema.org\/ImageObject\" ><div class=\"avia-image-container-inner\"><div class=\"avia-image-overlay-wrap\"><a href=\"https:\/\/www.tuicamper.com\/wp-docker\/wp-content\/uploads\/2025\/03\/camping-europa-park-achterbahn-1030x644.jpg\" data-srcset=\"https:\/\/www.tuicamper.com\/wp-docker\/wp-content\/uploads\/2025\/03\/camping-europa-park-achterbahn-1030x644.jpg 1030w, https:\/\/www.tuicamper.com\/wp-docker\/wp-content\/uploads\/2025\/03\/camping-europa-park-achterbahn-300x188.jpg 300w, https:\/\/www.tuicamper.com\/wp-docker\/wp-content\/uploads\/2025\/03\/camping-europa-park-achterbahn-768x480.jpg 768w, https:\/\/www.tuicamper.com\/wp-docker\/wp-content\/uploads\/2025\/03\/camping-europa-park-achterbahn-705x441.jpg 705w, https:\/\/www.tuicamper.com\/wp-docker\/wp-content\/uploads\/2025\/03\/camping-europa-park-achterbahn.jpg 1440w\" data-sizes=\"(max-width: 1030px) 100vw, 1030px\" class='avia_image '  aria-label='Europa Park Rust Achterbahn'><div class=\"av-image-caption-overlay\"><div class=\"av-caption-image-overlay-bg\"><\/div><div class=\"av-image-caption-overlay-position\"><div class=\"av-image-caption-overlay-center\"><p>Wodan Timburcoaster im Europa Park Rust<\/p>\n<\/div><\/div><\/div><img decoding=\"async\" fetchpriority=\"high\" class='wp-image-99893 avia-img-lazy-loading-not-99893 avia_image ' src=\"https:\/\/www.tuicamper.com\/wp-docker\/wp-content\/uploads\/2025\/03\/camping-europa-park-achterbahn-845x684.jpg\" alt='' title='Europa Park Rust Achterbahn'  height=\"684\" width=\"845\"  itemprop=\"thumbnailUrl\" srcset=\"https:\/\/www.tuicamper.com\/wp-docker\/wp-content\/uploads\/2025\/03\/camping-europa-park-achterbahn-845x684.jpg 845w, https:\/\/www.tuicamper.com\/wp-docker\/wp-content\/uploads\/2025\/03\/camping-europa-park-achterbahn-495x400.jpg 495w\" sizes=\"(max-width: 845px) 100vw, 845px\" \/><\/a><\/div><\/div><\/div>\n\n<style type=\"text\/css\" data-created_by=\"avia_inline_auto\" id=\"style-css-av-tq1ntzh-3db3f71d0c169be05476b4f417b4a13b\">\n#top .hr.hr-invisible.av-tq1ntzh-3db3f71d0c169be05476b4f417b4a13b{\nheight:25px;\n}\n<\/style>\n<div  class='hr av-tq1ntzh-3db3f71d0c169be05476b4f417b4a13b hr-invisible  avia-builder-el-11  el_after_av_image  avia-builder-el-last '><span class='hr-inner '><span class=\"hr-inner-style\"><\/span><\/span><\/div>\n\n<\/div><\/div><\/div><!-- close content main div --><\/div><\/div><div id='av_section_5'  class='avia-section av-t61dmbx-529fbc32a8af3ec0824bda6503a8704e main_color avia-section-default avia-no-border-styling  avia-builder-el-12  el_after_av_section  el_before_av_section  reduced-content avia-bg-style-scroll container_wrap sidebar_right'  ><div class='container av-section-cont-open' ><div class='template-page content  av-content-small alpha units'><div class='post-entry post-entry-type-page post-entry-99885'><div class='entry-content-wrapper clearfix'>\n\n<style type=\"text\/css\" data-created_by=\"avia_inline_auto\" id=\"style-css-av-sqgjah9-092d4c0c11f46e2ea1310faad4153cf6\">\n.flex_column.av-sqgjah9-092d4c0c11f46e2ea1310faad4153cf6{\nborder-radius:0px 0px 0px 0px;\npadding:0px 0px 0px 0px;\n}\n<\/style>\n<div  class='flex_column av-sqgjah9-092d4c0c11f46e2ea1310faad4153cf6 av_one_full  avia-builder-el-13  avia-builder-el-no-sibling  first flex_column_div av-zero-column-padding  '     ><section  class='av_textblock_section av-s2u1ktp-b7326cb216c60e74d7916dc5aa450f62 '   itemscope=\"itemscope\" itemtype=\"https:\/\/schema.org\/BlogPosting\" itemprop=\"blogPost\" ><div class='avia_textblock'  itemprop=\"text\" ><h2>Die Preise im \u00dcberblick<\/h2>\n<p>Wie teuer die \u00dcbernachtung auf dem Campingplatz wird, h\u00e4ngt von mehreren Faktoren ab. Wenn Sie ohnehin vorhaben, den Europa-Park zu besuchen, empfiehlt es sich, die \u00dcbernachtung mit dem Kauf einer Tageskarte zu kombinieren. Pro Erwachsenem werden in der Sommersaison 2025 (22.03 bis 02.11.2025) dann 64,50\u20ac\u00a0und pro Kind 54,50\u20ac f\u00e4llig. F\u00fcr Hunde kommt eine extra Geb\u00fchr von 5,00\u20ac dazu. Wenn Sie sich f\u00fcr eine 2- oder 3-Tageskarte entscheiden, wird es im Verh\u00e4ltnis g\u00fcnstiger.<\/p>\n<p>In der Wintersaison (29.11.2025 bis 18.01.2026) sind die Preise identisch. G\u00fcnstiger wird es in der Zwischensaison, die als \u201eHALLOWinter\u201c bezeichnet wird. Diese reicht vom 03.11. bis zum 28.11.2025.<\/p>\n<p>Die aktuellen Eintrittspreise k\u00f6nnen Sie jederzeit auf der <a href=\"https:\/\/www.europapark.de\/de\/uebernachten\/caravaning\/preise\" target=\"_blank\" rel=\"noopener\">Website des Europa-Parks<\/a> einsehen.<\/p>\n<\/div><\/section><\/div>\n\n<\/div><\/div><\/div><!-- close content main div --><\/div><\/div><div id='av_section_6'  class='avia-section av-rov90gd-e44f26d69db714c87ece265d2a956c40 main_color avia-section-default avia-no-border-styling  avia-builder-el-15  el_after_av_section  el_before_av_section  reduced-content avia-bg-style-scroll container_wrap sidebar_right'  ><div class='container av-section-cont-open' ><div class='template-page content  av-content-small alpha units'><div class='post-entry post-entry-type-page post-entry-99885'><div class='entry-content-wrapper clearfix'>\n\n<style type=\"text\/css\" data-created_by=\"avia_inline_auto\" id=\"style-css-av-rdpo4x9-f44da79f51ffac991c15742425b2690f\">\n.avia-image-container.av-rdpo4x9-f44da79f51ffac991c15742425b2690f img.avia_image{\nbox-shadow:none;\n}\n.avia-image-container.av-rdpo4x9-f44da79f51ffac991c15742425b2690f .av-caption-image-overlay-bg{\nopacity:0.4;\nbackground-color:#000000;\n}\n.avia-image-container.av-rdpo4x9-f44da79f51ffac991c15742425b2690f .av-image-caption-overlay-center{\ncolor:#ffffff;\n}\n<\/style>\n<div  class='avia-image-container av-rdpo4x9-f44da79f51ffac991c15742425b2690f av-styling- av-img-linked avia_animated_image av-animated-when-visible-95 fade-in avia-align-center  avia-builder-el-16  el_before_av_hr  avia-builder-el-first  noHover av-overlay-on-hover'   itemprop=\"image\" itemscope=\"itemscope\" itemtype=\"https:\/\/schema.org\/ImageObject\" ><div class=\"avia-image-container-inner\"><div class=\"avia-image-overlay-wrap\"><a href=\"https:\/\/www.tuicamper.com\/wp-docker\/wp-content\/uploads\/2025\/03\/camping-europa-park-wohnmobil-1030x644.jpg\" data-srcset=\"https:\/\/www.tuicamper.com\/wp-docker\/wp-content\/uploads\/2025\/03\/camping-europa-park-wohnmobil-1030x644.jpg 1030w, https:\/\/www.tuicamper.com\/wp-docker\/wp-content\/uploads\/2025\/03\/camping-europa-park-wohnmobil-300x188.jpg 300w, https:\/\/www.tuicamper.com\/wp-docker\/wp-content\/uploads\/2025\/03\/camping-europa-park-wohnmobil-768x480.jpg 768w, https:\/\/www.tuicamper.com\/wp-docker\/wp-content\/uploads\/2025\/03\/camping-europa-park-wohnmobil-705x441.jpg 705w, https:\/\/www.tuicamper.com\/wp-docker\/wp-content\/uploads\/2025\/03\/camping-europa-park-wohnmobil.jpg 1440w\" data-sizes=\"(max-width: 1030px) 100vw, 1030px\" class='avia_image '  aria-label='Camping Europa Park Wohnmobil'><div class=\"av-image-caption-overlay\"><div class=\"av-caption-image-overlay-bg\"><\/div><div class=\"av-image-caption-overlay-position\"><div class=\"av-image-caption-overlay-center\"><p>Auf den Campingpl\u00e4tzen rund um den Europa Park Rust gibt es auch viel Natur<\/p>\n<\/div><\/div><\/div><img decoding=\"async\" fetchpriority=\"high\" class='wp-image-99897 avia-img-lazy-loading-not-99897 avia_image ' src=\"https:\/\/www.tuicamper.com\/wp-docker\/wp-content\/uploads\/2025\/03\/camping-europa-park-wohnmobil-845x684.jpg\" alt='' title='Camping Europa Park Wohnmobil'  height=\"684\" width=\"845\"  itemprop=\"thumbnailUrl\" srcset=\"https:\/\/www.tuicamper.com\/wp-docker\/wp-content\/uploads\/2025\/03\/camping-europa-park-wohnmobil-845x684.jpg 845w, https:\/\/www.tuicamper.com\/wp-docker\/wp-content\/uploads\/2025\/03\/camping-europa-park-wohnmobil-495x400.jpg 495w\" sizes=\"(max-width: 845px) 100vw, 845px\" \/><\/a><\/div><\/div><\/div>\n\n<style type=\"text\/css\" data-created_by=\"avia_inline_auto\" id=\"style-css-av-qrnogkt-78eb78c547d6f4204692a4e4701ada73\">\n#top .hr.hr-invisible.av-qrnogkt-78eb78c547d6f4204692a4e4701ada73{\nheight:25px;\n}\n<\/style>\n<div  class='hr av-qrnogkt-78eb78c547d6f4204692a4e4701ada73 hr-invisible  avia-builder-el-17  el_after_av_image  avia-builder-el-last '><span class='hr-inner '><span class=\"hr-inner-style\"><\/span><\/span><\/div>\n<\/div><\/div><\/div><!-- close content main div --><\/div><\/div><div id='av_section_7'  class='avia-section av-ql1esa5-12337c94e1125224e49760ceb844cc8b main_color avia-section-default avia-no-border-styling  avia-builder-el-18  el_after_av_section  el_before_av_section  reduced-content avia-bg-style-scroll container_wrap sidebar_right'  ><div class='container av-section-cont-open' ><div class='template-page content  av-content-small alpha units'><div class='post-entry post-entry-type-page post-entry-99885'><div class='entry-content-wrapper clearfix'>\n\n<style type=\"text\/css\" data-created_by=\"avia_inline_auto\" id=\"style-css-av-9czcb1-b665009e7fcf37398f266c390a7b40ae\">\n.flex_column.av-9czcb1-b665009e7fcf37398f266c390a7b40ae{\nborder-radius:0px 0px 0px 0px;\npadding:0px 0px 0px 0px;\n}\n<\/style>\n<div  class='flex_column av-9czcb1-b665009e7fcf37398f266c390a7b40ae av_one_full  avia-builder-el-19  avia-builder-el-no-sibling  first flex_column_div av-zero-column-padding  '     ><section  class='av_textblock_section av-pnp0mel-d6cf21c69754dcf78b2f98adb334346f '   itemscope=\"itemscope\" itemtype=\"https:\/\/schema.org\/BlogPosting\" itemprop=\"blogPost\" ><div class='avia_textblock'  itemprop=\"text\" ><h2>3 empfehlenswerte Campingpl\u00e4tze in der N\u00e4he des Europa-Parks<\/h2>\n<p>Die Stellpl\u00e4tze auf dem Europa-Park Caravaning sind nicht das Richtige f\u00fcr Sie? Zum Beispiel, weil Sie sich einen ruhigen Campingplatz abseits des Trubels w\u00fcnschen? Kein Problem. Rund um den Europa-Park gibt es eine ganze Reihe von Campingpl\u00e4tzen, die Sie alternativ ansteuern k\u00f6nnen. Wir stellen Ihnen drei empfehlenswerte Pl\u00e4tze vor.<\/p>\n<\/div><\/section><br \/>\n<\/p><\/div>\n<\/p>\n<\/div><\/div><\/div><!-- close content main div --><\/div><\/div><div id='av_section_8'  class='avia-section av-nvi0god-c99153c202ddfb7ea2d3a09d7a5c8bce main_color avia-section-default avia-no-border-styling  avia-builder-el-22  el_after_av_section  el_before_av_section  reduced-content avia-bg-style-scroll container_wrap sidebar_right'  ><div class='container av-section-cont-open' ><div class='template-page content  av-content-small alpha units'><div class='post-entry post-entry-type-page post-entry-99885'><div class='entry-content-wrapper clearfix'>\n\n<style type=\"text\/css\" data-created_by=\"avia_inline_auto\" id=\"style-css-av-n28wxv1-003606bd190b28fffd64ff7d18a03ba3\">\n.flex_column.av-n28wxv1-003606bd190b28fffd64ff7d18a03ba3{\nborder-radius:0px 0px 0px 0px;\npadding:0px 0px 0px 0px;\n}\n<\/style>\n<div  class='flex_column av-n28wxv1-003606bd190b28fffd64ff7d18a03ba3 av_one_full  avia-builder-el-23  avia-builder-el-no-sibling  first flex_column_div av-zero-column-padding  '     ><section  class='av_textblock_section av-mw1ne0d-cec9f536358f78bacd5d78dbb406e3a4 '   itemscope=\"itemscope\" itemtype=\"https:\/\/schema.org\/BlogPosting\" itemprop=\"blogPost\" ><div class='avia_textblock'  itemprop=\"text\" ><h3>1.) Campingpark Oase \u2013 familienfreundlicher Campingplatz mitten in der Natur<\/h3>\n<ul>\n<li><strong>Distanz<\/strong> zum Europa-Park: ca. <strong>10 km<\/strong><\/li>\n<li><strong>Fahrzeit<\/strong> zum Europa-Park: ca. <strong>15 Minuten<\/strong><\/li>\n<\/ul>\n<p>Nur wenige Kilometer vom Europa-Park entfernt liegt der <a href=\"https:\/\/www.campingpark-oase.de\/\" target=\"_blank\" rel=\"noopener\">Campingpark Oase<\/a>. Gro\u00dfz\u00fcgige Fl\u00e4chen, viel Natur, eine idyllische Landschaft und zahlreiche Spazier- und Wanderwege laden hier zum Entspannen ein. Damit bietet der Campingplatz das perfekte Kontrastprogramm zu den nervenaufreibenden Attraktionen des Europa-Parks. Zumal der familienfreundliche Campingplatz auch noch zahlreiche Freizeitangebote zu bieten hat. Sei es Fu\u00dfball, Volleyball oder Tennis: Vor Ort wird alles geboten. Und dank einem eigenen Schwimmbar l\u00e4sst es sich hier auch im Sommer gut aushalten.<\/p>\n<\/div><\/section><br \/>\n<section  class='av_textblock_section av-m88scjdo-5ad09cb6e36db5e0b2fc401f58f47077 '   itemscope=\"itemscope\" itemtype=\"https:\/\/schema.org\/BlogPosting\" itemprop=\"blogPost\" ><div class='avia_textblock'  itemprop=\"text\" ><h3>2.) Terrassen-Campingplatz Herbolzheim \u2013 ruhiger Platz im Gr\u00fcnen<\/h3>\n<ul>\n<li><strong>Distanz<\/strong> zum Europa-Park: ca. <strong>10 km<\/strong><\/li>\n<li><strong>Fahrzeit<\/strong> zum Europa-Park: ca. <strong>15 Minuten<\/strong><\/li>\n<\/ul>\n<p>Auch der <a href=\"https:\/\/www.laue-camp.de\/\" target=\"_blank\" rel=\"noopener\">Terrassen-Campingplatz Herbolzheim<\/a> liegt nur einen Steinwurf vom Europa-Park entfernt. Der ruhige, von sehr viel Gr\u00fcn umgebene Campingplatz bietet beste Bedingungen, um den Abend nach einem erlebnisreichen Freizeitpark-Besuch ausklingen zu lassen. Ein angrenzendes Schwimmbad und nahegelegene Badeseen sorgen im Sommer f\u00fcr eine erfrischende Abk\u00fchlung.<\/p>\n<\/div><\/section><br \/>\n<section  class='av_textblock_section av-m88scwv3-ad4d1249738569687a869d2cde693b66 '   itemscope=\"itemscope\" itemtype=\"https:\/\/schema.org\/BlogPosting\" itemprop=\"blogPost\" ><div class='avia_textblock'  itemprop=\"text\" ><h3>3.) Wohnmobil-Stellplatz Team Baumann \u2013 ganzj\u00e4hrig zug\u00e4ngliche Stellpl\u00e4tze<\/h3>\n<ul>\n<li><strong>Distanz<\/strong> zum Europa-Park: ca. <strong>6 km<\/strong><\/li>\n<li><strong>Fahrzeit<\/strong> zum Europa-Park: ca. <strong>8 Minuten<\/strong><\/li>\n<\/ul>\n<p>Ihnen gen\u00fcgt ein einfacher Stellplatz f\u00fcr die \u00dcbernachtung? Dann sind Sie bei <a href=\"https:\/\/www.teambaumann.com\/wohnmobil\" target=\"_blank\" rel=\"noopener\">Team Baumann<\/a> genau richtig. In unmittelbarer N\u00e4her zum Europa-Park finden Sie hier am Rande von Ringsheim zahlreiche gepflegte Stellpl\u00e4tze. Eine Reservierung ist zwar nicht m\u00f6glich, daf\u00fcr ist die Anlage aber rund um die Uhr zug\u00e4nglich \u2013 und das 365 Tage im Jahr! Der Stellplatz ist damit ideal, wenn Sie den Europa-Park in der Winter-Saison besuchen m\u00f6chten, w\u00e4hrend der viele der umliegenden Campingpl\u00e4tze geschlossen haben.<\/p>\n<\/div><\/section><\/p><\/div>\n\n<\/div><\/div><\/div><!-- close content main div --><\/div><\/div><div id='av_section_9'  class='avia-section av-i35s8d-887e5aa2592db8e2703d65036b346efd main_color avia-section-default avia-no-border-styling  avia-builder-el-27  el_after_av_section  el_before_av_section  routes-breaker fullwidth_section avia-bg-style-scroll container_wrap sidebar_right'  ><div class='container av-section-cont-open' ><div class='template-page content  av-content-small alpha units'><div class='post-entry post-entry-type-page post-entry-99885'><div class='entry-content-wrapper clearfix'>\n<section  class='av_textblock_section av-fg9ael-2691988537f985b71168dfa9376bd237 '   itemscope=\"itemscope\" itemtype=\"https:\/\/schema.org\/BlogPosting\" itemprop=\"blogPost\" ><div class='avia_textblock'  itemprop=\"text\" >\r\n<div class=\"flex_column av_one_full flex_column_div av-zero-column-padding first avia-builder-el-first\">\r\n    <section class=\"av_textblock_section \" itemscope=\"itemscope\"\r\n             itemtype=\"https:\/\/schema.org\/CreativeWork\">\r\n        <div class=\"avia_textblock\" itemprop=\"text\">\r\n            Die besten Routentipps        <\/div>\r\n    <\/section>\r\n    <div class=\"route-breaker-items\">\r\n                    <div class=\"route-breaker-item\">\r\n                <a href=\"https:\/\/www.tuicamper.com\/routen\/deutschland-routen\/freiburg-rundreise\/\">\r\n                                            <div\r\n                                class=\"route-breaker-item-thumbnail\"\r\n                                style=\"background-image: url(https:\/\/www.tuicamper.com\/wp-docker\/wp-content\/uploads\/2023\/04\/vogesen-sonnenuntergang-400x200.jpg);\"\r\n                        ><\/div>\r\n                                        <span>Freiburg-Rundreise mit dem Camper: Schwarzwald, Z\u00fcrich und die Vogesen<\/span>\r\n                <\/a>\r\n            <\/div>\r\n                    <div class=\"route-breaker-item\">\r\n                <a href=\"https:\/\/www.tuicamper.com\/routen\/deutschland-routen\/frankfurt-rundreise\/\">\r\n                                            <div\r\n                                class=\"route-breaker-item-thumbnail\"\r\n                                style=\"background-image: url(https:\/\/www.tuicamper.com\/wp-docker\/wp-content\/uploads\/2023\/01\/frankfurt-gb374a666e_1280-1-e1681896646896-400x200.jpg);\"\r\n                        ><\/div>\r\n                                        <span>Frankfurt-Rundreise durch das Moseltal und die Vogesen<\/span>\r\n                <\/a>\r\n            <\/div>\r\n                    <div class=\"route-breaker-item\">\r\n                <a href=\"https:\/\/www.tuicamper.com\/routen\/frankreich-routen\/rundreise-suedfrankreich-nordspanien\/\">\r\n                                            <div\r\n                                class=\"route-breaker-item-thumbnail\"\r\n                                style=\"background-image: url(https:\/\/www.tuicamper.com\/wp-docker\/wp-content\/uploads\/2024\/10\/Bordeaux_Weinstock-400x200.jpg);\"\r\n                        ><\/div>\r\n                                        <span>Rundreise durch S\u00fcdfrankreich mit Pyren\u00e4en und Barcelona<\/span>\r\n                <\/a>\r\n            <\/div>\r\n                    <\/div>\r\n            <div class=\"route-breaker-countries-footer mode-footer_inline\">\r\n            <div><p>Alle Routen f\u00fcr:<\/p><\/div>\r\n            <div>\r\n                                    <a href=\"https:\/\/www.tuicamper.com\/routen\/deutschland-routen\/\">\r\n                                                    <img decoding=\"async\" src=\"https:\/\/www.tuicamper.com\/wp-docker\/wp-content\/uploads\/2022\/04\/de-circle.png\" alt=\"Deutschland\">\r\n                                                Deutschland                    <\/a>\r\n                                    <a href=\"https:\/\/www.tuicamper.com\/routen\/frankreich-routen\/\">\r\n                                                    <img decoding=\"async\" src=\"https:\/\/www.tuicamper.com\/wp-docker\/wp-content\/uploads\/2022\/04\/fr-circle.png\" alt=\"Frankreich\">\r\n                                                Frankreich                    <\/a>\r\n                            <\/div>\r\n        <\/div>\r\n                <div class=\"route-breaker-countries-footer mode-overview no-border\">\r\n            <p><i class=\"tui-cars-icon tuicars-icon-arrow-left\"><\/i><a href=\"https:\/\/www.tuicamper.com\/routen\/\">Zur Routen-\u00dcbersicht<\/a><\/p>\r\n        <\/div>\r\n    <\/div>\r\n\n<\/div><\/section>\n\n<\/div><\/div><\/div><!-- close content main div --><\/div><\/div><div id='av_section_10'  class='avia-section av-3zqr5e5-9e5f7bd25fa2be636c0be4174188e2c8 main_color avia-section-default avia-no-border-styling  avia-builder-el-29  el_after_av_section  el_before_av_section  reduced-content avia-bg-style-scroll container_wrap sidebar_right'  ><div class='container av-section-cont-open' ><div class='template-page content  av-content-small alpha units'><div class='post-entry post-entry-type-page post-entry-99885'><div class='entry-content-wrapper clearfix'>\n\n<style type=\"text\/css\" data-created_by=\"avia_inline_auto\" id=\"style-css-av-cpb1nx-5262aed121ee504290b2b20938ad42ee\">\n.flex_column.av-cpb1nx-5262aed121ee504290b2b20938ad42ee{\nborder-radius:0px 0px 0px 0px;\npadding:0px 0px 0px 0px;\n}\n<\/style>\n<div  class='flex_column av-cpb1nx-5262aed121ee504290b2b20938ad42ee av_one_full  avia-builder-el-30  avia-builder-el-no-sibling  first flex_column_div av-zero-column-padding  '     ><section  class='av_textblock_section av-azmje5-ff382d7382762a912a2d74fa357d61f2 '   itemscope=\"itemscope\" itemtype=\"https:\/\/schema.org\/BlogPosting\" itemprop=\"blogPost\" ><div class='avia_textblock'  itemprop=\"text\" ><h2>Erlebnisreiche Wohnmobil-Touren rund um den Europa-Park<\/h2>\n<p>Ein Besuch des Europa-Parks mit dem Wohnmobil l\u00e4sst sich hervorragend mit einer l\u00e4ngeren Wohnmobil-Tour verbinden. M\u00f6glichkeiten rund um Deutschlands gr\u00f6\u00dftem Freizeitpark gibt es mehr als genug:<\/p>\n<ul>\n<li>Vom Campingplatz aus bietet sich eine Fahrradtour durch die <strong>Rheinauen<\/strong> in der Umgebung an. Wer m\u00f6chte, kann vor Ort auch das Naturschutzgebiet Taubergie\u00dfen im Rahmen einer Bootsfahrt erkunden.<\/li>\n<li>Nur eine kurze Fahrt trennt Sie von den Ausl\u00e4ufern des <strong>Schwarzwalds<\/strong>. Die ideale Gelegenheit also, um den Besuch des Europa-Parks mit einem ausgedehnten <a href=\"https:\/\/www.tuicamper.com\/magazin\/schwarzwald-urlaub-mit-wohnmobil\/\">Schwarzwald-Urlaub mit dem Wohnmobil<\/a> zu verbinden.<\/li>\n<li>Lust auf einen St\u00e4dtetrip? Zwei M\u00f6glichkeiten bieten sich an. Zum einen ist da <strong>Freiburg im Breisgau<\/strong>, das mit seinem mittelalterlichen, von etlichen kleinen B\u00e4chen durchzogenen Stadtzentrum lockt. Zum anderen ist die Fachwerk-Idylle der franz\u00f6sischen Stadt <strong>Stra\u00dfburg<\/strong> nur einen Katzensprung entfernt.<\/li>\n<li>Der Europa-Park bietet sich aber auch f\u00fcr einen Roadtrip <a href=\"https:\/\/www.tuicamper.com\/magazin\/wohnmobil-bodensee\/\">mit dem Wohnmobil zum <strong>Bodensee<\/strong><\/a> Immerhin ist Deutschlands gr\u00f6\u00dfter See mit seinen zahlreichen Sehensw\u00fcrdigkeiten gerade mal rund 170 Kilometer entfernt.<\/li>\n<\/ul>\n<\/div><\/section><\/div>\n\n<\/div><\/div><\/div><!-- close content main div --><\/div><\/div><div id='av_section_11'  class='avia-section av-99pgh9-0ad98a41093e57fc3a5f68ff759020db main_color avia-section-default avia-no-border-styling  avia-builder-el-32  el_after_av_section  avia-builder-el-last  reduced-content avia-bg-style-scroll container_wrap sidebar_right'  ><div class='container av-section-cont-open' ><div class='template-page content  av-content-small alpha units'><div class='post-entry post-entry-type-page post-entry-99885'><div class='entry-content-wrapper clearfix'>\n<div  class='avia-button-wrap av-213m2wd-05c9c626480df923194f80b2b5763a50-wrap avia-button-center  avia-builder-el-33  el_before_av_one_full  avia-builder-el-first '><a href='https:\/\/www.tuicamper.com\/reiseziele\/europa\/deutschland\/'  class='avia-button av-213m2wd-05c9c626480df923194f80b2b5763a50 av-link-btn avia-icon_select-yes-right-icon avia-size-large avia-position-center avia-color-theme-color'   aria-label=\"Jetzt Wohnmobil mieten f\u00fcr Deutschland\"><span class='avia_iconbox_title' >Jetzt Wohnmobil mieten f\u00fcr Deutschland<\/span><span class='avia_button_icon avia_button_icon_right avia-iconfont avia-font-entypo-fontello' data-av_icon='\ue875' data-av_iconfont='entypo-fontello' ><\/span><\/a><\/div>\n\n<style type=\"text\/css\" data-created_by=\"avia_inline_auto\" id=\"style-css-av-1les5al-f0e2cede172739aaa8c34a36468b1919\">\n.flex_column.av-1les5al-f0e2cede172739aaa8c34a36468b1919{\nborder-radius:0px 0px 0px 0px;\npadding:0px 0px 0px 0px;\n}\n<\/style>\n<div  class='flex_column av-1les5al-f0e2cede172739aaa8c34a36468b1919 av_one_full  avia-builder-el-34  el_after_av_button  el_before_av_social_share  first flex_column_div av-zero-column-padding  '     ><style type=\"text\/css\" data-created_by=\"avia_inline_auto\" id=\"style-css-av-11s0h2l-7efc567d87311fc3aa6d671b89554310\">\n#top .av_textblock_section.av-11s0h2l-7efc567d87311fc3aa6d671b89554310 .avia_textblock{\nfont-size:28px;\n}\n<\/style>\n<section  class='av_textblock_section av-11s0h2l-7efc567d87311fc3aa6d671b89554310 '   itemscope=\"itemscope\" itemtype=\"https:\/\/schema.org\/BlogPosting\" itemprop=\"blogPost\" ><div class='avia_textblock'  itemprop=\"text\" ><p><strong>Ihr TUI CAMPER-Team w\u00fcnscht Ihnen ein adrenalingeladenes Camping-Erlebnis im Europa-Park!<\/strong><\/p>\n<\/div><\/section><\/div><div  class='av-social-sharing-box av-2z1qh9-c188b3d5cf84a618441b59c474da63d7 av-social-sharing-box-default  avia-builder-el-36  el_after_av_one_full  avia-builder-el-last  av-social-sharing-box-fullwidth'><div class=\"av-share-box\"><ul class=\"av-share-box-list noLightbox\"><li class='av-share-link av-social-link-facebook avia_social_iconfont' ><a target=\"_blank\" aria-label=\"Teilen auf Facebook\" href='https:\/\/www.facebook.com\/sharer.php?u=https:\/\/www.tuicamper.com\/magazin\/camping-im-europa-park-rust\/&#038;t=Camping%20im%20Europa-Park%3A%20Mit%20dem%20Wohnmobil%20zum%20Freizeitpark%20der%20Superlative' data-av_icon='\ue8f3' data-av_iconfont='entypo-fontello'  title='' data-avia-related-tooltip='Teilen auf Facebook'><span class='avia_hidden_link_text'>Teilen auf Facebook<\/span><\/a><\/li><li class='av-share-link av-social-link-twitter avia_social_iconfont' ><a target=\"_blank\" aria-label=\"Teilen auf X\" href='https:\/\/twitter.com\/share?text=Camping%20im%20Europa-Park%3A%20Mit%20dem%20Wohnmobil%20zum%20Freizeitpark%20der%20Superlative&#038;url=https:\/\/www.tuicamper.com\/magazin\/camping-im-europa-park-rust\/' data-av_icon='\ue932' data-av_iconfont='entypo-fontello'  title='' data-avia-related-tooltip='Teilen auf X'><span class='avia_hidden_link_text'>Teilen auf X<\/span><\/a><\/li><li class='av-share-link av-social-link-whatsapp avia_social_iconfont' ><a target=\"_blank\" aria-label=\"Teilen auf WhatsApp\" href='https:\/\/api.whatsapp.com\/send?text=https:\/\/www.tuicamper.com\/magazin\/camping-im-europa-park-rust\/' data-av_icon='\uf232' data-av_iconfont='entypo-fontello'  title='' data-avia-related-tooltip='Teilen auf WhatsApp'><span class='avia_hidden_link_text'>Teilen auf WhatsApp<\/span><\/a><\/li><li class='av-share-link av-social-link-pinterest avia_social_iconfont' ><a target=\"_blank\" aria-label=\"Teilen auf Pinterest\" href='https:\/\/pinterest.com\/pin\/create\/button\/?url=https%3A%2F%2Fwww.tuicamper.com%2Fmagazin%2Fcamping-im-europa-park-rust%2F&#038;description=Camping%20im%20Europa-Park%3A%20Mit%20dem%20Wohnmobil%20zum%20Freizeitpark%20der%20Superlative&#038;media=https%3A%2F%2Fwww.tuicamper.com%2Fwp-docker%2Fwp-content%2Fuploads%2F2025%2F03%2Fcamping-europa-park-header-705x271.jpg' data-av_icon='\ue8f8' data-av_iconfont='entypo-fontello'  title='' data-avia-related-tooltip='Teilen auf Pinterest'><span class='avia_hidden_link_text'>Teilen auf Pinterest<\/span><\/a><\/li><li class='av-share-link av-social-link-mail avia_social_iconfont' ><a  aria-label=\"Per E-Mail teilen\" href='mailto:?subject=Camping%20im%20Europa-Park%3A%20Mit%20dem%20Wohnmobil%20zum%20Freizeitpark%20der%20Superlative&#038;body=https:\/\/www.tuicamper.com\/magazin\/camping-im-europa-park-rust\/' data-av_icon='\ue805' data-av_iconfont='entypo-fontello'  title='' data-avia-related-tooltip='Per E-Mail teilen'><span class='avia_hidden_link_text'>Per E-Mail teilen<\/span><\/a><\/li><\/ul><\/div><\/div>\n<\/div><\/div><\/div><!-- close content main div --><\/div><\/div><div id='after_section_11'  class='main_color av_default_container_wrap container_wrap sidebar_right'  ><div class='container av-section-cont-open' ><div class='template-page content  av-content-small alpha units'><div class='post-entry post-entry-type-page post-entry-99885'><div class='entry-content-wrapper clearfix'>\n","protected":false},"excerpt":{"rendered":"<p>Mit dem Wohnmobil direkt im Europa-Park \u00fcbernachten? Das geht! Wir stellen Ihnen den parkeigenen Campingplatz vor \u2013 und geben Ihnen Alternativen an die Hand!<\/p>\n","protected":false},"author":5,"featured_media":99891,"comment_status":"open","ping_status":"open","sticky":false,"template":"","format":"standard","meta":{"footnotes":""},"categories":[33],"tags":[28,40,38],"class_list":["post-99885","post","type-post","status-publish","format-standard","has-post-thumbnail","hentry","category-reisethema","tag-deutschland","tag-familie","tag-uebernachten"],"yoast_head":"<!-- This site is optimized with the Yoast SEO plugin v27.4 - https:\/\/yoast.com\/product\/yoast-seo-wordpress\/ -->\n<title>Camping im Europa-Park: Tipps f\u00fcr Wohnmobil-Reisende - TUI CAMPER<\/title>\n<meta name=\"description\" content=\"Alles Wissenswerte zu: Wohnmobilstellpl\u00e4tzen im Europa-Park \u2713 Preise \u2713 Campingpl\u00e4tze in der N\u00e4he \u2713 Ausflugstipps \u2713 Mehr erfahren!\" \/>\n<meta name=\"robots\" content=\"index, follow, max-snippet:-1, max-image-preview:large, max-video-preview:-1\" \/>\n<link rel=\"canonical\" href=\"https:\/\/www.tuicamper.com\/magazin\/camping-im-europa-park-rust\/\" \/>\n<meta property=\"og:locale\" content=\"de_DE\" \/>\n<meta property=\"og:type\" content=\"article\" \/>\n<meta property=\"og:title\" content=\"Camping im Europa-Park: Tipps f\u00fcr Wohnmobil-Reisende - TUI CAMPER\" \/>\n<meta property=\"og:description\" content=\"Alles Wissenswerte zu: Wohnmobilstellpl\u00e4tzen im Europa-Park \u2713 Preise \u2713 Campingpl\u00e4tze in der N\u00e4he \u2713 Ausflugstipps \u2713 Mehr erfahren!\" \/>\n<meta property=\"og:url\" content=\"https:\/\/www.tuicamper.com\/magazin\/camping-im-europa-park-rust\/\" \/>\n<meta property=\"og:site_name\" content=\"TUI Camper Magazin\" \/>\n<meta property=\"article:published_time\" content=\"2025-03-14T14:48:11+00:00\" \/>\n<meta property=\"og:image\" content=\"https:\/\/www.tuicamper.com\/wp-docker\/wp-content\/uploads\/2025\/03\/camping-europa-park-header.jpg\" \/>\n\t<meta property=\"og:image:width\" content=\"1280\" \/>\n\t<meta property=\"og:image:height\" content=\"492\" \/>\n\t<meta property=\"og:image:type\" content=\"image\/jpeg\" \/>\n<meta name=\"author\" content=\"Olli\" \/>\n<meta name=\"twitter:card\" content=\"summary_large_image\" \/>\n<meta name=\"twitter:label1\" content=\"Verfasst von\" \/>\n\t<meta name=\"twitter:data1\" content=\"Olli\" \/>\n\t<meta name=\"twitter:label2\" content=\"Gesch\u00e4tzte Lesezeit\" \/>\n\t<meta name=\"twitter:data2\" content=\"6\u00a0Minuten\" \/>\n<!-- \/ Yoast SEO plugin. -->","yoast_head_json":{"title":"Camping im Europa-Park: Tipps f\u00fcr Wohnmobil-Reisende - TUI CAMPER","description":"Alles Wissenswerte zu: Wohnmobilstellpl\u00e4tzen im Europa-Park \u2713 Preise \u2713 Campingpl\u00e4tze in der N\u00e4he \u2713 Ausflugstipps \u2713 Mehr erfahren!","robots":{"index":"index","follow":"follow","max-snippet":"max-snippet:-1","max-image-preview":"max-image-preview:large","max-video-preview":"max-video-preview:-1"},"canonical":"https:\/\/www.tuicamper.com\/magazin\/camping-im-europa-park-rust\/","og_locale":"de_DE","og_type":"article","og_title":"Camping im Europa-Park: Tipps f\u00fcr Wohnmobil-Reisende - TUI CAMPER","og_description":"Alles Wissenswerte zu: Wohnmobilstellpl\u00e4tzen im Europa-Park \u2713 Preise \u2713 Campingpl\u00e4tze in der N\u00e4he \u2713 Ausflugstipps \u2713 Mehr erfahren!","og_url":"https:\/\/www.tuicamper.com\/magazin\/camping-im-europa-park-rust\/","og_site_name":"TUI Camper Magazin","article_published_time":"2025-03-14T14:48:11+00:00","og_image":[{"width":1280,"height":492,"url":"https:\/\/www.tuicamper.com\/wp-docker\/wp-content\/uploads\/2025\/03\/camping-europa-park-header.jpg","type":"image\/jpeg"}],"author":"Olli","twitter_card":"summary_large_image","twitter_misc":{"Verfasst von":"Olli","Gesch\u00e4tzte Lesezeit":"6\u00a0Minuten"},"schema":{"@context":"https:\/\/schema.org","@graph":[{"@type":"Article","@id":"https:\/\/www.tuicamper.com\/magazin\/camping-im-europa-park-rust\/#article","isPartOf":{"@id":"https:\/\/www.tuicamper.com\/magazin\/camping-im-europa-park-rust\/"},"author":{"name":"Olli","@id":"https:\/\/www.tuicamper.com\/wp-docker\/#\/schema\/person\/98975e733813f701672fd75ef9df8b69"},"headline":"Camping im Europa-Park: Mit dem Wohnmobil zum Freizeitpark der Superlative","datePublished":"2025-03-14T14:48:11+00:00","mainEntityOfPage":{"@id":"https:\/\/www.tuicamper.com\/magazin\/camping-im-europa-park-rust\/"},"wordCount":4134,"commentCount":0,"image":{"@id":"https:\/\/www.tuicamper.com\/magazin\/camping-im-europa-park-rust\/#primaryimage"},"thumbnailUrl":"https:\/\/www.tuicamper.com\/wp-docker\/wp-content\/uploads\/2025\/03\/camping-europa-park-header.jpg","keywords":["Deutschland","Familie","\u00dcbernachten"],"articleSection":["Reisethema"],"inLanguage":"de","potentialAction":[{"@type":"CommentAction","name":"Comment","target":["https:\/\/www.tuicamper.com\/magazin\/camping-im-europa-park-rust\/#respond"]}]},{"@type":"WebPage","@id":"https:\/\/www.tuicamper.com\/magazin\/camping-im-europa-park-rust\/","url":"https:\/\/www.tuicamper.com\/magazin\/camping-im-europa-park-rust\/","name":"Camping im Europa-Park: Tipps f\u00fcr Wohnmobil-Reisende - TUI CAMPER","isPartOf":{"@id":"https:\/\/www.tuicamper.com\/#website"},"primaryImageOfPage":{"@id":"https:\/\/www.tuicamper.com\/magazin\/camping-im-europa-park-rust\/#primaryimage"},"image":{"@id":"https:\/\/www.tuicamper.com\/magazin\/camping-im-europa-park-rust\/#primaryimage"},"thumbnailUrl":"https:\/\/www.tuicamper.com\/wp-content\/uploads\/2025\/03\/camping-europa-park-header.jpg","datePublished":"2025-03-14T14:48:11+00:00","author":{"@id":"https:\/\/www.tuicamper.com\/#\/schema\/person\/98975e733813f701672fd75ef9df8b69"},"description":"Alles Wissenswerte zu: Wohnmobilstellpl\u00e4tzen im Europa-Park \u2713 Preise \u2713 Campingpl\u00e4tze in der N\u00e4he \u2713 Ausflugstipps \u2713 Mehr erfahren!","breadcrumb":{"@id":"https:\/\/www.tuicamper.com\/magazin\/camping-im-europa-park-rust\/#breadcrumb"},"inLanguage":"de","potentialAction":["Array"]},{"@type":"ImageObject","inLanguage":"de","@id":"https:\/\/www.tuicamper.com\/magazin\/camping-im-europa-park-rust\/#primaryimage","url":"https:\/\/www.tuicamper.com\/wp-docker\/wp-content\/uploads\/2025\/03\/camping-europa-park-header.jpg","contentUrl":"https:\/\/www.tuicamper.com\/wp-docker\/wp-content\/uploads\/2025\/03\/camping-europa-park-header.jpg","width":1280,"height":492},{"@type":"BreadcrumbList","@id":"https:\/\/www.tuicamper.com\/magazin\/camping-im-europa-park-rust\/#breadcrumb","itemListElement":[{"@type":"ListItem","position":1,"name":"Startseite","item":"https:\/\/www.tuicamper.com\/wp-docker\/"},{"@type":"ListItem","position":2,"name":"Camping im Europa-Park: Mit dem Wohnmobil zum Freizeitpark der Superlative"}]},{"@type":"WebSite","@id":"https:\/\/www.tuicamper.com\/#website","url":"https:\/\/www.tuicamper.com\/","name":"TUI Camper Magazin","description":"","potentialAction":["Array"],"inLanguage":"de"},{"@type":"Person","@id":"https:\/\/www.tuicamper.com\/wp-docker\/#\/schema\/person\/98975e733813f701672fd75ef9df8b69","name":"Olli","image":{"@type":"ImageObject","inLanguage":"de","@id":"https:\/\/secure.gravatar.com\/avatar\/4529b17b9a4dec34d38f705f89e1db8c906d30537b64d795d775d528c07951ff?s=96&d=mm&r=g","url":"https:\/\/secure.gravatar.com\/avatar\/4529b17b9a4dec34d38f705f89e1db8c906d30537b64d795d775d528c07951ff?s=96&d=mm&r=g","contentUrl":"https:\/\/secure.gravatar.com\/avatar\/4529b17b9a4dec34d38f705f89e1db8c906d30537b64d795d775d528c07951ff?s=96&d=mm&r=g","caption":"Olli"},"url":"https:\/\/www.tuicamper.com\/wp-docker\/magazin\/author\/olli\/"}]}},"_links":{"self":[{"href":"https:\/\/www.tuicamper.com\/wp-docker\/wp-json\/wp\/v2\/posts\/99885","targetHints":{"allow":["GET"]}}],"collection":[{"href":"https:\/\/www.tuicamper.com\/wp-docker\/wp-json\/wp\/v2\/posts"}],"about":[{"href":"https:\/\/www.tuicamper.com\/wp-docker\/wp-json\/wp\/v2\/types\/post"}],"author":[{"embeddable":true,"href":"https:\/\/www.tuicamper.com\/wp-docker\/wp-json\/wp\/v2\/users\/5"}],"replies":[{"embeddable":true,"href":"https:\/\/www.tuicamper.com\/wp-docker\/wp-json\/wp\/v2\/comments?post=99885"}],"version-history":[{"count":10,"href":"https:\/\/www.tuicamper.com\/wp-docker\/wp-json\/wp\/v2\/posts\/99885\/revisions"}],"predecessor-version":[{"id":99899,"href":"https:\/\/www.tuicamper.com\/wp-docker\/wp-json\/wp\/v2\/posts\/99885\/revisions\/99899"}],"wp:featuredmedia":[{"embeddable":true,"href":"https:\/\/www.tuicamper.com\/wp-docker\/wp-json\/wp\/v2\/media\/99891"}],"wp:attachment":[{"href":"https:\/\/www.tuicamper.com\/wp-docker\/wp-json\/wp\/v2\/media?parent=99885"}],"wp:term":[{"taxonomy":"category","embeddable":true,"href":"https:\/\/www.tuicamper.com\/wp-docker\/wp-json\/wp\/v2\/categories?post=99885"},{"taxonomy":"post_tag","embeddable":true,"href":"https:\/\/www.tuicamper.com\/wp-docker\/wp-json\/wp\/v2\/tags?post=99885"}],"curies":[{"name":"wp","href":"https:\/\/api.w.org\/{rel}","templated":true}]}}