{"id":98943,"date":"2025-02-28T11:55:05","date_gmt":"2025-02-28T10:55:05","guid":{"rendered":"https:\/\/www.tuicamper.com\/?p=98943"},"modified":"2025-02-28T11:55:26","modified_gmt":"2025-02-28T10:55:26","slug":"camping-gardasee-mit-hund","status":"publish","type":"post","link":"https:\/\/www.tuicamper.com\/magazin\/camping-gardasee-mit-hund\/","title":{"rendered":"Camping am Gardasee mit Hund \u2013 Die besten Tipps &#038; Campingpl\u00e4tze"},"content":{"rendered":"<div id='av_section_1'  class='avia-section av-x014c1r-7b88c86413651e8d7b13b86c42e9101a main_color avia-section-default avia-no-border-styling  avia-builder-el-0  el_before_av_textblock  avia-builder-el-first  reduced-content avia-bg-style-scroll container_wrap sidebar_right'  ><div class='container av-section-cont-open' ><main  role=\"main\" itemprop=\"mainContentOfPage\"  class='template-page content  av-content-small alpha units'><div class='post-entry post-entry-type-page post-entry-98943'><div class='entry-content-wrapper clearfix'>\n\n<style type=\"text\/css\" data-created_by=\"avia_inline_auto\" id=\"style-css-av-wkpbslb-12e8bb1cbefb7affb0ca668dee0a0e25\">\n.flex_column.av-wkpbslb-12e8bb1cbefb7affb0ca668dee0a0e25{\nborder-radius:0px 0px 0px 0px;\npadding:0px 0px 0px 0px;\n}\n<\/style>\n<div  class='flex_column av-wkpbslb-12e8bb1cbefb7affb0ca668dee0a0e25 av_one_full  avia-builder-el-1  avia-builder-el-no-sibling  first flex_column_div av-zero-column-padding  '     ><section  class='av_textblock_section av-m7ojb2n7-4558f7f6179a8145f9a2363e9a81e456 '   itemscope=\"itemscope\" itemtype=\"https:\/\/schema.org\/BlogPosting\" itemprop=\"blogPost\" ><div class='avia_textblock'  itemprop=\"text\" ><p>Entspannte Spazierg\u00e4nge am idyllischen Seeufer \u2013 mit kleiner Abk\u00fchlung f\u00fcr Ihren Vierbeiner am n\u00e4chsten Hundestrand. Ausgedehnte Wanderungen, auf denen sich Ihr Hund so richtig austoben kann. Hundefreundliche Campingpl\u00e4tze, die gr\u00f6\u00dftm\u00f6glichen Komfort f\u00fcr Mensch und Tier versprechen. Der Gardasee ist bei Wohnmobil-Urlaubern mit Hund zurecht sehr beliebt. Wir zeigen Ihnen, was Sie beim Camping am Gardasee beachten m\u00fcssen \u2013 und stellen Ihnen drei der sch\u00f6nsten hundefreundlichen Campingpl\u00e4tze vor!<\/p>\n<\/div><\/section><\/div>\n<\/div><\/div><\/main><!-- close content main element --><\/div><\/div><div id='after_section_1'  class='main_color av_default_container_wrap container_wrap sidebar_right'  ><div class='container av-section-cont-open' ><div class='template-page content  av-content-small alpha units'><div class='post-entry post-entry-type-page post-entry-98943'><div class='entry-content-wrapper clearfix'>\n<section  class='av_textblock_section av-w02atmn-2f49096a0434dd78fa3fbb01b83681ca '   itemscope=\"itemscope\" itemtype=\"https:\/\/schema.org\/BlogPosting\" itemprop=\"blogPost\" ><div class='avia_textblock'  itemprop=\"text\" >\n<\/div><\/section>\n<\/div><\/div><\/div><!-- close content main div --><\/div><\/div><div id='av_section_2'  class='avia-section av-vns21hb-ba736c9230723494a2362dcb40e42142 main_color avia-section-default avia-no-border-styling  avia-builder-el-4  el_after_av_textblock  el_before_av_section  reduced-content avia-bg-style-scroll container_wrap sidebar_right'  ><div class='container av-section-cont-open' ><div class='template-page content  av-content-small alpha units'><div class='post-entry post-entry-type-page post-entry-98943'><div class='entry-content-wrapper clearfix'>\n<section  class='av_textblock_section av-uxc67i7-43926be14e58ab6b5898ed290dca18f7 '   itemscope=\"itemscope\" itemtype=\"https:\/\/schema.org\/BlogPosting\" itemprop=\"blogPost\" ><div class='avia_textblock'  itemprop=\"text\" ><div id=\"js-table-of-contents\">\r\n    <strong>Inhaltsverzeichnis<\/strong>\r\n<\/div>\n<\/div><\/section>\n\n<\/div><\/div><\/div><!-- close content main div --><\/div><\/div><div id='av_section_3'  class='avia-section av-uikmem7-08a8aef57c3a3140005147b807f2e6b1 main_color avia-section-default avia-no-border-styling  avia-builder-el-6  el_after_av_section  el_before_av_section  reduced-content avia-bg-style-scroll container_wrap sidebar_right'  ><div class='container av-section-cont-open' ><div class='template-page content  av-content-small alpha units'><div class='post-entry post-entry-type-page post-entry-98943'><div class='entry-content-wrapper clearfix'>\n\n<style type=\"text\/css\" data-created_by=\"avia_inline_auto\" id=\"style-css-av-u1za7dr-caec13edbbf991987b7f248b5c2a3962\">\n.flex_column.av-u1za7dr-caec13edbbf991987b7f248b5c2a3962{\nborder-radius:0px 0px 0px 0px;\npadding:0px 0px 0px 0px;\n}\n<\/style>\n<div  class='flex_column av-u1za7dr-caec13edbbf991987b7f248b5c2a3962 av_one_full  avia-builder-el-7  avia-builder-el-no-sibling  first flex_column_div av-zero-column-padding  '     ><section  class='av_textblock_section av-m7ojbaq9-22d0386d56418518f9be1392f8dc0265 '   itemscope=\"itemscope\" itemtype=\"https:\/\/schema.org\/BlogPosting\" itemprop=\"blogPost\" ><div class='avia_textblock'  itemprop=\"text\" ><h1>Camping am Gardasee mit Hund \u2013 Die besten Tipps &amp; Campingpl\u00e4tze<\/h1>\n<p>Entspannte Spazierg\u00e4nge am idyllischen Seeufer \u2013 mit kleiner Abk\u00fchlung f\u00fcr Ihren Vierbeiner am n\u00e4chsten Hundestrand. Ausgedehnte Wanderungen, auf denen sich Ihr Hund so richtig austoben kann. Hundefreundliche Campingpl\u00e4tze, die gr\u00f6\u00dftm\u00f6glichen Komfort f\u00fcr Mensch und Tier versprechen. Der Gardasee ist bei Wohnmobil-Urlaubern mit Hund zurecht sehr beliebt. Wir zeigen Ihnen, was Sie beim Camping am Gardasee beachten m\u00fcssen \u2013 und stellen Ihnen drei der sch\u00f6nsten hundefreundlichen Campingpl\u00e4tze vor!<\/p>\n<\/div><\/section><\/div>\n\n<\/div><\/div><\/div><!-- close content main div --><\/div><\/div><div id='av_section_4'  class='avia-section av-tp1kxzz-03f7a0e5e09637a06afce414a8e521e4 main_color avia-section-default avia-no-border-styling  avia-builder-el-9  el_after_av_section  el_before_av_section  reduced-content avia-bg-style-scroll container_wrap sidebar_right'  ><div class='container av-section-cont-open' ><div class='template-page content  av-content-small alpha units'><div class='post-entry post-entry-type-page post-entry-98943'><div class='entry-content-wrapper clearfix'>\n\n<style type=\"text\/css\" data-created_by=\"avia_inline_auto\" id=\"style-css-av-t0kq4hr-f3c11919c6b2ea480efde7765ad9de8f\">\n.avia-image-container.av-t0kq4hr-f3c11919c6b2ea480efde7765ad9de8f img.avia_image{\nbox-shadow:none;\n}\n.avia-image-container.av-t0kq4hr-f3c11919c6b2ea480efde7765ad9de8f .av-caption-image-overlay-bg{\nopacity:0.4;\nbackground-color:#000000;\n}\n.avia-image-container.av-t0kq4hr-f3c11919c6b2ea480efde7765ad9de8f .av-image-caption-overlay-center{\ncolor:#ffffff;\n}\n<\/style>\n<div  class='avia-image-container av-t0kq4hr-f3c11919c6b2ea480efde7765ad9de8f av-styling- av-img-linked avia_animated_image av-animated-when-visible-95 fade-in avia-align-center  avia-builder-el-10  el_before_av_hr  avia-builder-el-first  noHover av-overlay-on-hover'   itemprop=\"image\" itemscope=\"itemscope\" itemtype=\"https:\/\/schema.org\/ImageObject\" ><div class=\"avia-image-container-inner\"><div class=\"avia-image-overlay-wrap\"><a href=\"https:\/\/www.tuicamper.com\/wp-docker\/wp-content\/uploads\/2025\/02\/camping-gardasee-torbole-1030x644.jpg\" data-srcset=\"https:\/\/www.tuicamper.com\/wp-docker\/wp-content\/uploads\/2025\/02\/camping-gardasee-torbole-1030x644.jpg 1030w, https:\/\/www.tuicamper.com\/wp-docker\/wp-content\/uploads\/2025\/02\/camping-gardasee-torbole-300x188.jpg 300w, https:\/\/www.tuicamper.com\/wp-docker\/wp-content\/uploads\/2025\/02\/camping-gardasee-torbole-768x480.jpg 768w, https:\/\/www.tuicamper.com\/wp-docker\/wp-content\/uploads\/2025\/02\/camping-gardasee-torbole-705x441.jpg 705w, https:\/\/www.tuicamper.com\/wp-docker\/wp-content\/uploads\/2025\/02\/camping-gardasee-torbole.jpg 1440w\" data-sizes=\"(max-width: 1030px) 100vw, 1030px\" class='avia_image '  aria-label='Camping Gardasee Torbole'><div class=\"av-image-caption-overlay\"><div class=\"av-caption-image-overlay-bg\"><\/div><div class=\"av-image-caption-overlay-position\"><div class=\"av-image-caption-overlay-center\"><p>Blick auf Torbole am Gardasee<\/p>\n<\/div><\/div><\/div><img decoding=\"async\" fetchpriority=\"high\" class='wp-image-98951 avia-img-lazy-loading-not-98951 avia_image ' src=\"https:\/\/www.tuicamper.com\/wp-docker\/wp-content\/uploads\/2025\/02\/camping-gardasee-torbole-845x684.jpg\" alt='' title='Camping Gardasee Torbole'  height=\"684\" width=\"845\"  itemprop=\"thumbnailUrl\" srcset=\"https:\/\/www.tuicamper.com\/wp-docker\/wp-content\/uploads\/2025\/02\/camping-gardasee-torbole-845x684.jpg 845w, https:\/\/www.tuicamper.com\/wp-docker\/wp-content\/uploads\/2025\/02\/camping-gardasee-torbole-495x400.jpg 495w\" sizes=\"(max-width: 845px) 100vw, 845px\" \/><\/a><\/div><\/div><\/div>\n\n<style type=\"text\/css\" data-created_by=\"avia_inline_auto\" id=\"style-css-av-smnpuxr-c6632300fbfe3d001ef66a87073c3825\">\n#top .hr.hr-invisible.av-smnpuxr-c6632300fbfe3d001ef66a87073c3825{\nheight:25px;\n}\n<\/style>\n<div  class='hr av-smnpuxr-c6632300fbfe3d001ef66a87073c3825 hr-invisible  avia-builder-el-11  el_after_av_image  avia-builder-el-last '><span class='hr-inner '><span class=\"hr-inner-style\"><\/span><\/span><\/div>\n\n<\/div><\/div><\/div><!-- close content main div --><\/div><\/div><div id='av_section_5'  class='avia-section av-s6alfun-0051b3dc316fd5d6e8d1dde32f932912 main_color avia-section-default avia-no-border-styling  avia-builder-el-12  el_after_av_section  el_before_av_section  reduced-content avia-bg-style-scroll container_wrap sidebar_right'  ><div class='container av-section-cont-open' ><div class='template-page content  av-content-small alpha units'><div class='post-entry post-entry-type-page post-entry-98943'><div class='entry-content-wrapper clearfix'>\n\n<style type=\"text\/css\" data-created_by=\"avia_inline_auto\" id=\"style-css-av-rxc77rz-4cab342271548e7981972bff9af648ae\">\n.flex_column.av-rxc77rz-4cab342271548e7981972bff9af648ae{\nborder-radius:0px 0px 0px 0px;\npadding:0px 0px 0px 0px;\n}\n<\/style>\n<div  class='flex_column av-rxc77rz-4cab342271548e7981972bff9af648ae av_one_full  avia-builder-el-13  avia-builder-el-no-sibling  first flex_column_div av-zero-column-padding  '     ><section  class='av_textblock_section av-m7ojbt8i-4ac89d0ead5a620f5c00948b4cfc18e5 '   itemscope=\"itemscope\" itemtype=\"https:\/\/schema.org\/BlogPosting\" itemprop=\"blogPost\" ><div class='avia_textblock'  itemprop=\"text\" ><h2>Mit der Fellnase zum Gardasee: 3 Tipps f\u00fcr den Wohnmobil-Urlaub mit Hund<\/h2>\n<p>Bevor Sie mit Ihrem Hund zum Camping am Gardasee aufbrechen, sollten Sie folgende Tipps beachten.<\/p>\n<ol>\n<li><strong>Buchen Sie schattige Stellpl\u00e4tze.<\/strong> Denn gerade im Sommer kann es am Gardasee sehr hei\u00df werden. Aber auch im Mai und September scheint die Sonne im Durchschnitt noch bis zu 9 Stunden t\u00e4glich. F\u00fcr Ihre Vierbeiner sind schattige Campingpl\u00e4tze daher sehr angenehm.<\/li>\n<li><strong>Reisen Sie nach M\u00f6glichkeit in der Nebensaison.<\/strong> Insbesondere dann, wenn Sie sich und Ihrem Vierbeiner auf gemeinsamen Spazierg\u00e4ngen und Ausfl\u00fcgen etwas Ruhe g\u00f6nnen m\u00f6chten. Gerade im Juli und August kann es rund um die beliebtesten Orte und Campingpl\u00e4tze des Gardasees sehr trubelig zugehen. Kein guter Reisezeitpunkt f\u00fcr stressempfindliche Hunde.<\/li>\n<li><strong>Denken Sie an Impfausweise und EU-Heimtierausweis.<\/strong> In Italien ist das Mitf\u00fchren eines EU-Heimtierausweis und der Nachweis \u00fcber eine g\u00fcltige Tollwutimpfung Pflicht. Einige Campingpl\u00e4tze pr\u00fcfen die Dokumente \u2013 und machen Sie zur Bedingung, damit Ihr Hund Zugang zu gemeinschaftlichen Auslauffl\u00e4chen und Hundestr\u00e4nden bekommt.<\/li>\n<\/ol>\n<p>\u00dcbrigens: Worauf Sie ganz generell beim <a href=\"https:\/\/www.tuicamper.com\/magazin\/wohnmobil-urlaub-mit-tieren\/\">Wohnmobil-Urlaub mit Hund<\/a> achten m\u00fcssen, haben wir im TUI Camper Magazin ebenfalls f\u00fcr Sie zusammengefasst.<\/p>\n<\/div><\/section><\/div>\n\n<\/div><\/div><\/div><!-- close content main div --><\/div><\/div><div id='av_section_6'  class='avia-section av-2prfngf-2581e6c14be4a0266ceb2b4ab526b31e main_color avia-section-default avia-no-border-styling  avia-builder-el-15  el_after_av_section  el_before_av_section  reduced-content avia-bg-style-scroll container_wrap sidebar_right'  ><div class='container av-section-cont-open' ><div class='template-page content  av-content-small alpha units'><div class='post-entry post-entry-type-page post-entry-98943'><div class='entry-content-wrapper clearfix'>\n\n<style type=\"text\/css\" data-created_by=\"avia_inline_auto\" id=\"style-css-av-qt7n6pr-89e189f2314991bea0ab93e1edc344e3\">\n.avia-image-container.av-qt7n6pr-89e189f2314991bea0ab93e1edc344e3 img.avia_image{\nbox-shadow:none;\n}\n.avia-image-container.av-qt7n6pr-89e189f2314991bea0ab93e1edc344e3 .av-caption-image-overlay-bg{\nopacity:0.4;\nbackground-color:#000000;\n}\n.avia-image-container.av-qt7n6pr-89e189f2314991bea0ab93e1edc344e3 .av-image-caption-overlay-center{\ncolor:#ffffff;\n}\n<\/style>\n<div  class='avia-image-container av-qt7n6pr-89e189f2314991bea0ab93e1edc344e3 av-styling- av-img-linked avia_animated_image av-animated-when-visible-95 fade-in avia-align-center  avia-builder-el-16  el_before_av_hr  avia-builder-el-first  noHover av-overlay-on-hover'   itemprop=\"image\" itemscope=\"itemscope\" itemtype=\"https:\/\/schema.org\/ImageObject\" ><div class=\"avia-image-container-inner\"><div class=\"avia-image-overlay-wrap\"><a href=\"https:\/\/www.tuicamper.com\/wp-docker\/wp-content\/uploads\/2025\/02\/camping-gardasee-hund-1030x644.jpg\" data-srcset=\"https:\/\/www.tuicamper.com\/wp-docker\/wp-content\/uploads\/2025\/02\/camping-gardasee-hund-1030x644.jpg 1030w, https:\/\/www.tuicamper.com\/wp-docker\/wp-content\/uploads\/2025\/02\/camping-gardasee-hund-300x188.jpg 300w, https:\/\/www.tuicamper.com\/wp-docker\/wp-content\/uploads\/2025\/02\/camping-gardasee-hund-768x480.jpg 768w, https:\/\/www.tuicamper.com\/wp-docker\/wp-content\/uploads\/2025\/02\/camping-gardasee-hund-705x441.jpg 705w, https:\/\/www.tuicamper.com\/wp-docker\/wp-content\/uploads\/2025\/02\/camping-gardasee-hund.jpg 1440w\" data-sizes=\"(max-width: 1030px) 100vw, 1030px\" class='avia_image '  aria-label='Hund am Gardasee'><div class=\"av-image-caption-overlay\"><div class=\"av-caption-image-overlay-bg\"><\/div><div class=\"av-image-caption-overlay-position\"><div class=\"av-image-caption-overlay-center\"><p>Mit dem Hund am Gardasee<\/p>\n<\/div><\/div><\/div><img decoding=\"async\" fetchpriority=\"high\" class='wp-image-98953 avia-img-lazy-loading-not-98953 avia_image ' src=\"https:\/\/www.tuicamper.com\/wp-docker\/wp-content\/uploads\/2025\/02\/camping-gardasee-hund-845x684.jpg\" alt='Hund am Gardasee' title='Hund am Gardasee'  height=\"684\" width=\"845\"  itemprop=\"thumbnailUrl\" srcset=\"https:\/\/www.tuicamper.com\/wp-docker\/wp-content\/uploads\/2025\/02\/camping-gardasee-hund-845x684.jpg 845w, https:\/\/www.tuicamper.com\/wp-docker\/wp-content\/uploads\/2025\/02\/camping-gardasee-hund-495x400.jpg 495w\" sizes=\"(max-width: 845px) 100vw, 845px\" \/><\/a><\/div><\/div><\/div>\n\n<style type=\"text\/css\" data-created_by=\"avia_inline_auto\" id=\"style-css-av-9ir85b-12845ee57430f625a9fe922f15c9fd72\">\n#top .hr.hr-invisible.av-9ir85b-12845ee57430f625a9fe922f15c9fd72{\nheight:25px;\n}\n<\/style>\n<div  class='hr av-9ir85b-12845ee57430f625a9fe922f15c9fd72 hr-invisible  avia-builder-el-17  el_after_av_image  avia-builder-el-last '><span class='hr-inner '><span class=\"hr-inner-style\"><\/span><\/span><\/div>\n\n<\/div><\/div><\/div><!-- close content main div --><\/div><\/div><div id='av_section_7'  class='avia-section av-q275r7j-075dee6542ff8f7473242b0c827a3694 main_color avia-section-default avia-no-border-styling  avia-builder-el-18  el_after_av_section  el_before_av_section  reduced-content avia-bg-style-scroll container_wrap sidebar_right'  ><div class='container av-section-cont-open' ><div class='template-page content  av-content-small alpha units'><div class='post-entry post-entry-type-page post-entry-98943'><div class='entry-content-wrapper clearfix'>\n\n<style type=\"text\/css\" data-created_by=\"avia_inline_auto\" id=\"style-css-av-2jtp1a7-dc9e3bf8a364fb1da904ca4ea1e638d0\">\n.flex_column.av-2jtp1a7-dc9e3bf8a364fb1da904ca4ea1e638d0{\nborder-radius:0px 0px 0px 0px;\npadding:0px 0px 0px 0px;\n}\n<\/style>\n<div  class='flex_column av-2jtp1a7-dc9e3bf8a364fb1da904ca4ea1e638d0 av_one_full  avia-builder-el-19  avia-builder-el-no-sibling  first flex_column_div av-zero-column-padding  '     ><section  class='av_textblock_section av-m7ojc4fr-59b38159c877e044489e3a0882a39d16 '   itemscope=\"itemscope\" itemtype=\"https:\/\/schema.org\/BlogPosting\" itemprop=\"blogPost\" ><div class='avia_textblock'  itemprop=\"text\" ><h2>Camping mit Hund direkt am Gardasee \u2013 3 hundefreundliche Campingpl\u00e4tze im Portr\u00e4t<\/h2>\n<p>Rund um den gr\u00f6\u00dften See Italiens gibt es mehr als 100 Campingpl\u00e4tze. Viele davon gestatten Hunde zumindest auf Teilen des Areals. Einige sind aber auch besonders hundefreundlich \u2013 und bieten ihren vierbeinigen G\u00e4sten so einige Annehmlichkeiten. Wir stellen Ihnen drei hundefreundliche Campingpl\u00e4tze am Gardasee vor.<\/p>\n<\/div><\/section><\/div>\n\n<\/div><\/div><\/div><!-- close content main div --><\/div><\/div><div id='av_section_8'  class='avia-section av-mh1x4v-b1a6a166c52673bf6f6c1b285dba534a main_color avia-section-default avia-no-border-styling  avia-builder-el-21  el_after_av_section  el_before_av_section  reduced-content avia-bg-style-scroll container_wrap sidebar_right'  ><div class='container av-section-cont-open' ><div class='template-page content  av-content-small alpha units'><div class='post-entry post-entry-type-page post-entry-98943'><div class='entry-content-wrapper clearfix'>\n\n\n<\/div><\/div><\/div><!-- close content main div --><\/div><\/div><div id='av_section_9'  class='avia-section av-nqc4wvz-b9258925ab903694313e208f96691927 main_color avia-section-default avia-no-border-styling  avia-builder-el-23  el_after_av_section  el_before_av_section  reduced-content avia-bg-style-scroll container_wrap sidebar_right'  ><div class='container av-section-cont-open' ><div class='template-page content  av-content-small alpha units'><div class='post-entry post-entry-type-page post-entry-98943'><div class='entry-content-wrapper clearfix'>\n\n<style type=\"text\/css\" data-created_by=\"avia_inline_auto\" id=\"style-css-av-n7n8szj-07ba0fc974910264dee6c42b205a0ee8\">\n.flex_column.av-n7n8szj-07ba0fc974910264dee6c42b205a0ee8{\nborder-radius:0px 0px 0px 0px;\npadding:0px 0px 0px 0px;\n}\n<\/style>\n<div  class='flex_column av-n7n8szj-07ba0fc974910264dee6c42b205a0ee8 av_one_full  avia-builder-el-24  avia-builder-el-no-sibling  first flex_column_div av-zero-column-padding  '     ><section  class='av_textblock_section av-m7ojccha-55b63f4640175e272df7cb835fa4b1dc '   itemscope=\"itemscope\" itemtype=\"https:\/\/schema.org\/BlogPosting\" itemprop=\"blogPost\" ><div class='avia_textblock'  itemprop=\"text\" ><h3>1.) Camping Fornella \u2013 platzeigener Hundestrand und gro\u00dfes Auslaufgebiet<\/h3>\n<p>Lust auf einen <a href=\"https:\/\/www.tuicamper.com\/magazin\/glamping-deutschland\/\">Glamping<\/a>-Urlaub, der keine W\u00fcnsche offenl\u00e4sst? Dann ist der 5-Sterne-<a href=\"https:\/\/www.fornella.it\/de\" target=\"_blank\" rel=\"noopener\">Campingplatz Fornella<\/a> genau richtig. Idyllisch zwischen Gardasee und einem ausgedehnten Olivenhain gelegen, erwartet Sie hier eine gr\u00fcne Oase abseits des Trubels. Restaurants, Schwimmb\u00e4der, Wellness-Bereich, Animation und Co. sorgen f\u00fcr einen abwechslungsreichen Aufenthalt.<\/p>\n<p>Das Beste: Hunde sind hier gerne gesehen \u2013 und auf allen Stellpl\u00e4tzen erlaubt. Und auch Ihre Fellnasen d\u00fcrfen sich auf eine tolle Ausstattung freuen. Vom platzeigenen Hundestrand \u00fcber eine eigene Hundedusche bis hin zu einem gro\u00dfen Freilaufbereich neben dem Campingplatz, der t\u00e4glich von 8:00 bis 21:00 Uhr ge\u00f6ffnet hat. Der Zugang zum Hundeauslauf ist \u00fcber einen Chip m\u00f6glich, den Sie gegen Kaution an der Rezeption erhalten.<\/p>\n<\/div><\/section><\/div>\n\n<\/div><\/div><\/div><!-- close content main div --><\/div><\/div><div id='av_section_10'  class='avia-section av-15dzdpb-f63a9179a324ca515a916496ff3e9242 main_color avia-section-default avia-no-border-styling  avia-builder-el-26  el_after_av_section  el_before_av_section  reduced-content avia-bg-style-scroll container_wrap sidebar_right'  ><div class='container av-section-cont-open' ><div class='template-page content  av-content-small alpha units'><div class='post-entry post-entry-type-page post-entry-98943'><div class='entry-content-wrapper clearfix'>\n\n<style type=\"text\/css\" data-created_by=\"avia_inline_auto\" id=\"style-css-av-m7onkree-1f22cf92282e68da3528cbd7f59b3746\">\n.avia-image-container.av-m7onkree-1f22cf92282e68da3528cbd7f59b3746 img.avia_image{\nbox-shadow:none;\n}\n.avia-image-container.av-m7onkree-1f22cf92282e68da3528cbd7f59b3746 .av-caption-image-overlay-bg{\nopacity:0.4;\nbackground-color:#000000;\n}\n.avia-image-container.av-m7onkree-1f22cf92282e68da3528cbd7f59b3746 .av-image-caption-overlay-center{\ncolor:#ffffff;\n}\n<\/style>\n<div  class='avia-image-container av-m7onkree-1f22cf92282e68da3528cbd7f59b3746 av-styling- av-img-linked avia_animated_image av-animated-when-visible-95 fade-in avia-align-center  avia-builder-el-27  el_before_av_hr  avia-builder-el-first  noHover av-overlay-on-hover'   itemprop=\"image\" itemscope=\"itemscope\" itemtype=\"https:\/\/schema.org\/ImageObject\" ><div class=\"avia-image-container-inner\"><div class=\"avia-image-overlay-wrap\"><a href=\"https:\/\/www.tuicamper.com\/wp-docker\/wp-content\/uploads\/2025\/02\/camping-gardasee-baden-1030x644.jpg\" data-srcset=\"https:\/\/www.tuicamper.com\/wp-docker\/wp-content\/uploads\/2025\/02\/camping-gardasee-baden-1030x644.jpg 1030w, https:\/\/www.tuicamper.com\/wp-docker\/wp-content\/uploads\/2025\/02\/camping-gardasee-baden-300x188.jpg 300w, https:\/\/www.tuicamper.com\/wp-docker\/wp-content\/uploads\/2025\/02\/camping-gardasee-baden-768x480.jpg 768w, https:\/\/www.tuicamper.com\/wp-docker\/wp-content\/uploads\/2025\/02\/camping-gardasee-baden-705x441.jpg 705w, https:\/\/www.tuicamper.com\/wp-docker\/wp-content\/uploads\/2025\/02\/camping-gardasee-baden.jpg 1440w\" data-sizes=\"(max-width: 1030px) 100vw, 1030px\" class='avia_image '  aria-label='Camping Gardasee Badestrand'><div class=\"av-image-caption-overlay\"><div class=\"av-caption-image-overlay-bg\"><\/div><div class=\"av-image-caption-overlay-position\"><div class=\"av-image-caption-overlay-center\"><p>Es gibt einige wundersch\u00f6ne Badestr\u00e4nde rund um den Gardasee<\/p>\n<\/div><\/div><\/div><img decoding=\"async\" fetchpriority=\"high\" class='wp-image-98956 avia-img-lazy-loading-not-98956 avia_image ' src=\"https:\/\/www.tuicamper.com\/wp-docker\/wp-content\/uploads\/2025\/02\/camping-gardasee-baden-845x684.jpg\" alt='Badestrand am Gardasee' title='Camping Gardasee Badestrand'  height=\"684\" width=\"845\"  itemprop=\"thumbnailUrl\" srcset=\"https:\/\/www.tuicamper.com\/wp-docker\/wp-content\/uploads\/2025\/02\/camping-gardasee-baden-845x684.jpg 845w, https:\/\/www.tuicamper.com\/wp-docker\/wp-content\/uploads\/2025\/02\/camping-gardasee-baden-495x400.jpg 495w\" sizes=\"(max-width: 845px) 100vw, 845px\" \/><\/a><\/div><\/div><\/div>\n\n<style type=\"text\/css\" data-created_by=\"avia_inline_auto\" id=\"style-css-av-od1mf3-e2f240e82d1a1ea639fbaa442a52e249\">\n#top .hr.hr-invisible.av-od1mf3-e2f240e82d1a1ea639fbaa442a52e249{\nheight:25px;\n}\n<\/style>\n<div  class='hr av-od1mf3-e2f240e82d1a1ea639fbaa442a52e249 hr-invisible  avia-builder-el-28  el_after_av_image  avia-builder-el-last '><span class='hr-inner '><span class=\"hr-inner-style\"><\/span><\/span><\/div>\n\n<\/div><\/div><\/div><!-- close content main div --><\/div><\/div><div id='av_section_11'  class='avia-section av-4knubr3-f21e90ea0c20ee15a0a6a04f7c6ceae4 main_color avia-section-default avia-no-border-styling  avia-builder-el-29  el_after_av_section  el_before_av_section  reduced-content avia-bg-style-scroll container_wrap sidebar_right'  ><div class='container av-section-cont-open' ><div class='template-page content  av-content-small alpha units'><div class='post-entry post-entry-type-page post-entry-98943'><div class='entry-content-wrapper clearfix'>\n\n<style type=\"text\/css\" data-created_by=\"avia_inline_auto\" id=\"style-css-av-3tqxhvj-eefa72bb8736b961942d7f0d8c9e7d97\">\n.flex_column.av-3tqxhvj-eefa72bb8736b961942d7f0d8c9e7d97{\nborder-radius:0px 0px 0px 0px;\npadding:0px 0px 0px 0px;\n}\n<\/style>\n<div  class='flex_column av-3tqxhvj-eefa72bb8736b961942d7f0d8c9e7d97 av_one_full  avia-builder-el-30  avia-builder-el-no-sibling  first flex_column_div av-zero-column-padding  '     ><section  class='av_textblock_section av-m7ojco78-2304585d2f1a81c6715ed89d25c67b37 '   itemscope=\"itemscope\" itemtype=\"https:\/\/schema.org\/BlogPosting\" itemprop=\"blogPost\" ><div class='avia_textblock'  itemprop=\"text\" ><h3>2.) Camping Europa Silvella \u2013 5 Sterne Camping f\u00fcr Mensch und Tier<\/h3>\n<p>Nicht weit von Camping Fornella \u2013 und damit an einer der sch\u00f6nsten Ecken des Gardasees gelegen \u2013 befindet sich der ebenso empfehlenswerte Campingplatz <a href=\"https:\/\/www.europasilvella.it\/de\" target=\"_blank\" rel=\"noopener\">Europa Silvella<\/a>. Und auch hier sind Hunde herzlich willkommen. Auch auf den Stellpl\u00e4tzen direkt am See. Ihre vierbeinigen Freunde erwartet unter anderem:<\/p>\n<ul>\n<li>eigener Hundepark mit einer Gesamtfl\u00e4che von 250 Quadratmetern<\/li>\n<li>tolle Gassi-Routen entlang des Seeufers<\/li>\n<li>Hunde-Snacks und -Desserts im Restaurant und an der Poolbar<\/li>\n<li>nahegelegener Hundestrand<\/li>\n<li>gro\u00dfer Hundepark in der N\u00e4he<\/li>\n<li>Tierklinik unweit des Campingplatzes<\/li>\n<\/ul>\n<p>Gut zu wissen: Beim Check-in m\u00fcssen Sie Ihren EU-Heimtierausweis vorlegen und Impfungen nachweisen k\u00f6nnen.<\/p>\n<\/div><\/section><\/div>\n\n<\/div><\/div><\/div><!-- close content main div --><\/div><\/div><div id='av_section_12'  class='avia-section av-3kg5gf3-865895f64a08dc1ebc3b7dc5c6e5c56b main_color avia-section-default avia-no-border-styling  avia-builder-el-32  el_after_av_section  el_before_av_section  reduced-content avia-bg-style-scroll container_wrap sidebar_right'  ><div class='container av-section-cont-open' ><div class='template-page content  av-content-small alpha units'><div class='post-entry post-entry-type-page post-entry-98943'><div class='entry-content-wrapper clearfix'>\n\n<style type=\"text\/css\" data-created_by=\"avia_inline_auto\" id=\"style-css-av-35oaxq7-4389695fece00bb2f3863795c4e3fd40\">\n.flex_column.av-35oaxq7-4389695fece00bb2f3863795c4e3fd40{\nborder-radius:0px 0px 0px 0px;\npadding:0px 0px 0px 0px;\n}\n<\/style>\n<div  class='flex_column av-35oaxq7-4389695fece00bb2f3863795c4e3fd40 av_one_full  avia-builder-el-33  avia-builder-el-no-sibling  first flex_column_div av-zero-column-padding  '     ><section  class='av_textblock_section av-m7ojcz1f-c588c323194dfee3d0f15f111c5a6c29 '   itemscope=\"itemscope\" itemtype=\"https:\/\/schema.org\/BlogPosting\" itemprop=\"blogPost\" ><div class='avia_textblock'  itemprop=\"text\" ><h3>3.) Camping Bergamini \u2013 hundefreundlich, famili\u00e4r, umweltbewusst<\/h3>\n<p>Ausgelassen spielen, einfach am Strand entspannen oder ins erfrischende Wasser des Gardasees springen: <a href=\"https:\/\/www.campingbergamini.it\/de\" target=\"_blank\" rel=\"noopener\">Camping Bergamini<\/a> bietet die besten Bedingungen f\u00fcr einen angenehmen Wohnmobil-Urlaub mit Hund am Gardasee. Selbstverst\u00e4ndlich sind Ihre Vierbeiner auf dem hundefreundlichen Campingplatz auf allen Stellpl\u00e4tzen gerne gesehen. Vor Ort finden Sie Au\u00dfenduschen und \u2013 besonderes Highlight \u2013 einen sehr gepflegten Hundestrand, an dem Ihre Haustiere auch baden d\u00fcrfen. Und in der mit Liegen und Sonnenschirmen ausgestatteten Dog Relax Area k\u00f6nnen Sie und Ihre Hunde so richtig ausspannen.<\/p>\n<\/div><\/section><\/div>\n\n<\/div><\/div><\/div><!-- close content main div --><\/div><\/div><div id='av_section_13'  class='avia-section av-59d9sdb-321998009601bc2a45a1755c599493a7 main_color avia-section-default avia-no-border-styling  avia-builder-el-35  el_after_av_section  el_before_av_section  routes-breaker fullwidth_section avia-bg-style-scroll container_wrap sidebar_right'  ><div class='container av-section-cont-open' ><div class='template-page content  av-content-small alpha units'><div class='post-entry post-entry-type-page post-entry-98943'><div class='entry-content-wrapper clearfix'>\n<section  class='av_textblock_section av-510db8f-a6a5b30c4770355c39ce42bc359355fb '   itemscope=\"itemscope\" itemtype=\"https:\/\/schema.org\/BlogPosting\" itemprop=\"blogPost\" ><div class='avia_textblock'  itemprop=\"text\" >\r\n<div class=\"flex_column av_one_full flex_column_div av-zero-column-padding first avia-builder-el-first\">\r\n    <section class=\"av_textblock_section \" itemscope=\"itemscope\"\r\n             itemtype=\"https:\/\/schema.org\/CreativeWork\">\r\n        <div class=\"avia_textblock\" itemprop=\"text\">\r\n            Die besten Routentipps        <\/div>\r\n    <\/section>\r\n    <div class=\"route-breaker-items\">\r\n                    <div class=\"route-breaker-item\">\r\n                <a href=\"https:\/\/www.tuicamper.com\/routen\/italien-routen\/bologna-rundreise-durch-norditalien\/\">\r\n                                            <div\r\n                                class=\"route-breaker-item-thumbnail\"\r\n                                style=\"background-image: url(https:\/\/www.tuicamper.com\/wp-docker\/wp-content\/uploads\/2023\/05\/Skyline-Bologna-400x200.jpg);\"\r\n                        ><\/div>\r\n                                        <span>Bologna-Rundreise: Mit dem Camper durch Norditalien<\/span>\r\n                <\/a>\r\n            <\/div>\r\n                    <div class=\"route-breaker-item\">\r\n                <a href=\"https:\/\/www.tuicamper.com\/routen\/italien-routen\/turin-rundreise\/\">\r\n                                            <div\r\n                                class=\"route-breaker-item-thumbnail\"\r\n                                style=\"background-image: url(https:\/\/www.tuicamper.com\/wp-docker\/wp-content\/uploads\/2022\/12\/turin-pano-400x200.jpg);\"\r\n                        ><\/div>\r\n                                        <span>Turin-Rundreise durch Piemont, Ligurien &#038; die C\u00f4te d\u2019Azur<\/span>\r\n                <\/a>\r\n            <\/div>\r\n                    <div class=\"route-breaker-item\">\r\n                <a href=\"https:\/\/www.tuicamper.com\/routen\/italien-routen\/sizilien-rundreise\/\">\r\n                                            <div\r\n                                class=\"route-breaker-item-thumbnail\"\r\n                                style=\"background-image: url(https:\/\/www.tuicamper.com\/wp-docker\/wp-content\/uploads\/2022\/12\/etna-panorama-400x200.jpg);\"\r\n                        ><\/div>\r\n                                        <span>Sizilien-Rundreise \u2013 Traumstr\u00e4nde, Vulkane &#038; viel Geschichte<\/span>\r\n                <\/a>\r\n            <\/div>\r\n                    <\/div>\r\n            <div class=\"route-breaker-countries-footer mode-footer_inline\">\r\n            <div><p>Alle Routen f\u00fcr:<\/p><\/div>\r\n            <div>\r\n                                    <a href=\"https:\/\/www.tuicamper.com\/routen\/italien-routen\/\">\r\n                                                    <img decoding=\"async\" src=\"https:\/\/www.tuicamper.com\/wp-docker\/wp-content\/uploads\/2022\/04\/it-circle.png\" alt=\"Italien\">\r\n                                                Italien                    <\/a>\r\n                            <\/div>\r\n        <\/div>\r\n                <div class=\"route-breaker-countries-footer mode-overview no-border\">\r\n            <p><i class=\"tui-cars-icon tuicars-icon-arrow-left\"><\/i><a href=\"https:\/\/www.tuicamper.com\/routen\/\">Zur Routen-\u00dcbersicht<\/a><\/p>\r\n        <\/div>\r\n    <\/div>\r\n\n<\/div><\/section>\n\n<\/div><\/div><\/div><!-- close content main div --><\/div><\/div><div id='av_section_14'  class='avia-section av-2ljfopr-9e31e892fbfa2c043dd603699554790b main_color avia-section-default avia-no-border-styling  avia-builder-el-37  el_after_av_section  el_before_av_section  reduced-content avia-bg-style-scroll container_wrap sidebar_right'  ><div class='container av-section-cont-open' ><div class='template-page content  av-content-small alpha units'><div class='post-entry post-entry-type-page post-entry-98943'><div class='entry-content-wrapper clearfix'>\n\n<style type=\"text\/css\" data-created_by=\"avia_inline_auto\" id=\"style-css-av-209d8n3-90427452e65571f8be942ba508271375\">\n.flex_column.av-209d8n3-90427452e65571f8be942ba508271375{\nborder-radius:0px 0px 0px 0px;\npadding:0px 0px 0px 0px;\n}\n<\/style>\n<div  class='flex_column av-209d8n3-90427452e65571f8be942ba508271375 av_one_full  avia-builder-el-38  avia-builder-el-no-sibling  first flex_column_div av-zero-column-padding  '     ><section  class='av_textblock_section av-m7ojda12-227a76005d672177ec04c393e05ddead '   itemscope=\"itemscope\" itemtype=\"https:\/\/schema.org\/BlogPosting\" itemprop=\"blogPost\" ><div class='avia_textblock'  itemprop=\"text\" ><h2>Die beste Reisezeit f\u00fcr das Camping mit Hund am Gardasee<\/h2>\n<p>Sie sind mit Ihrem Hund gerne aktiv und wollen bei fr\u00fchmorgendlichen Spazierg\u00e4ngen am Seeufer auch mal ganz ungest\u00f6rt sein? Dann bieten sich die Herbst- und Fr\u00fchlingsmonate als beste Reisezeit an. Hier sind die Temperaturen angenehm mild und es gibt deutlich weniger Gewitter als im Sommer. Zugleich ist rund um die vielen landschaftlichen und kulturellen Highlights des Gardasees deutlich weniger los. Angenehme Temperaturen, weniger Trubel, kaum Gewitter und seltenere Regenf\u00e4lle: Von April bis Juni sowie im September und Oktober verspricht der Camping-Urlaub am Gardasee Erholung f\u00fcr Mensch und Tier.<\/p>\n<\/div><\/section><\/div>\n\n<\/div><\/div><\/div><!-- close content main div --><\/div><\/div><div id='av_section_15'  class='avia-section av-1gn2ppb-4646ad700a1ae1d9bfc9d5a7772ec43c main_color avia-section-default avia-no-border-styling  avia-builder-el-40  el_after_av_section  avia-builder-el-last  reduced-content avia-bg-style-scroll container_wrap sidebar_right'  ><div class='container av-section-cont-open' ><div class='template-page content  av-content-small alpha units'><div class='post-entry post-entry-type-page post-entry-98943'><div class='entry-content-wrapper clearfix'>\n<div  class='avia-button-wrap av-m7ojerzv-81e3fba9040b94f6859fb28be8df770b-wrap avia-button-center  avia-builder-el-41  el_before_av_one_full  avia-builder-el-first '><a href='https:\/\/www.tuicamper.com\/reiseziele\/europa\/italien\/'  class='avia-button av-m7ojerzv-81e3fba9040b94f6859fb28be8df770b av-link-btn avia-icon_select-yes-right-icon avia-size-large avia-position-center avia-color-theme-color'   aria-label=\"Jetzt Wohnmobil mieten f\u00fcr Italien\"><span class='avia_iconbox_title' >Jetzt Wohnmobil mieten f\u00fcr Italien<\/span><span class='avia_button_icon avia_button_icon_right avia-iconfont avia-font-entypo-fontello' data-av_icon='\ue875' data-av_iconfont='entypo-fontello' ><\/span><\/a><\/div>\n\n<style type=\"text\/css\" data-created_by=\"avia_inline_auto\" id=\"style-css-av-4p0xtr-8f7978eb749367ef1beea14cfdb7208b\">\n.flex_column.av-4p0xtr-8f7978eb749367ef1beea14cfdb7208b{\nborder-radius:0px 0px 0px 0px;\npadding:0px 0px 0px 0px;\n}\n<\/style>\n<div  class='flex_column av-4p0xtr-8f7978eb749367ef1beea14cfdb7208b av_one_full  avia-builder-el-42  el_after_av_button  el_before_av_social_share  first flex_column_div av-zero-column-padding  '     ><style type=\"text\/css\" data-created_by=\"avia_inline_auto\" id=\"style-css-av-m7ojdpvv-c458a56e728e48d0657d93b7799f186e\">\n#top .av_textblock_section.av-m7ojdpvv-c458a56e728e48d0657d93b7799f186e .avia_textblock{\nfont-size:28px;\n}\n<\/style>\n<section  class='av_textblock_section av-m7ojdpvv-c458a56e728e48d0657d93b7799f186e '   itemscope=\"itemscope\" itemtype=\"https:\/\/schema.org\/BlogPosting\" itemprop=\"blogPost\" ><div class='avia_textblock'  itemprop=\"text\" ><p><strong>Ihr TUI CAMPER-Team w\u00fcnscht Ihnen und Ihrem Vierbeiner einen entspannten Wohnmobil-Urlaub am Gardasee!<\/strong><\/p>\n<\/div><\/section><\/div><div  class='av-social-sharing-box av-r0az7j-882577cd15e9c2be379478a9ce634bf0 av-social-sharing-box-default  avia-builder-el-44  el_after_av_one_full  avia-builder-el-last  av-social-sharing-box-fullwidth'><div class=\"av-share-box\"><ul class=\"av-share-box-list noLightbox\"><li class='av-share-link av-social-link-facebook avia_social_iconfont' ><a target=\"_blank\" aria-label=\"Teilen auf Facebook\" href='https:\/\/www.facebook.com\/sharer.php?u=https:\/\/www.tuicamper.com\/magazin\/camping-gardasee-mit-hund\/&#038;t=Camping%20am%20Gardasee%20mit%20Hund%20%E2%80%93%20Die%20besten%20Tipps%20%26%20Campingpl%C3%A4tze' data-av_icon='\ue8f3' data-av_iconfont='entypo-fontello'  title='' data-avia-related-tooltip='Teilen auf Facebook'><span class='avia_hidden_link_text'>Teilen auf Facebook<\/span><\/a><\/li><li class='av-share-link av-social-link-twitter avia_social_iconfont' ><a target=\"_blank\" aria-label=\"Teilen auf X\" href='https:\/\/twitter.com\/share?text=Camping%20am%20Gardasee%20mit%20Hund%20%E2%80%93%20Die%20besten%20Tipps%20%26%20Campingpl%C3%A4tze&#038;url=https:\/\/www.tuicamper.com\/magazin\/camping-gardasee-mit-hund\/' data-av_icon='\ue932' data-av_iconfont='entypo-fontello'  title='' data-avia-related-tooltip='Teilen auf X'><span class='avia_hidden_link_text'>Teilen auf X<\/span><\/a><\/li><li class='av-share-link av-social-link-whatsapp avia_social_iconfont' ><a target=\"_blank\" aria-label=\"Teilen auf WhatsApp\" href='https:\/\/api.whatsapp.com\/send?text=https:\/\/www.tuicamper.com\/magazin\/camping-gardasee-mit-hund\/' data-av_icon='\uf232' data-av_iconfont='entypo-fontello'  title='' data-avia-related-tooltip='Teilen auf WhatsApp'><span class='avia_hidden_link_text'>Teilen auf WhatsApp<\/span><\/a><\/li><li class='av-share-link av-social-link-pinterest avia_social_iconfont' ><a target=\"_blank\" aria-label=\"Teilen auf Pinterest\" href='https:\/\/pinterest.com\/pin\/create\/button\/?url=https%3A%2F%2Fwww.tuicamper.com%2Fmagazin%2Fcamping-gardasee-mit-hund%2F&#038;description=Camping%20am%20Gardasee%20mit%20Hund%20%E2%80%93%20Die%20besten%20Tipps%20%26%20Campingpl%C3%A4tze&#038;media=https%3A%2F%2Fwww.tuicamper.com%2Fwp-docker%2Fwp-content%2Fuploads%2F2025%2F02%2Fcamping-gardasee-header-1-705x271.jpg' data-av_icon='\ue8f8' data-av_iconfont='entypo-fontello'  title='' data-avia-related-tooltip='Teilen auf Pinterest'><span class='avia_hidden_link_text'>Teilen auf Pinterest<\/span><\/a><\/li><li class='av-share-link av-social-link-mail avia_social_iconfont' ><a  aria-label=\"Per E-Mail teilen\" href='mailto:?subject=Camping%20am%20Gardasee%20mit%20Hund%20%E2%80%93%20Die%20besten%20Tipps%20%26%20Campingpl%C3%A4tze&#038;body=https:\/\/www.tuicamper.com\/magazin\/camping-gardasee-mit-hund\/' data-av_icon='\ue805' data-av_iconfont='entypo-fontello'  title='' data-avia-related-tooltip='Per E-Mail teilen'><span class='avia_hidden_link_text'>Per E-Mail teilen<\/span><\/a><\/li><\/ul><\/div><\/div>\n<\/div><\/div><\/div><!-- close content main div --><\/div><\/div><div id='after_section_15'  class='main_color av_default_container_wrap container_wrap sidebar_right'  ><div class='container av-section-cont-open' ><div class='template-page content  av-content-small alpha units'><div class='post-entry post-entry-type-page post-entry-98943'><div class='entry-content-wrapper clearfix'>\n","protected":false},"excerpt":{"rendered":"<p>Am Gardasee l\u00e4sst es sich wunderbar campen \u2013 auch mit Hund. Wir geben Ihnen Tipps zur Tour und stellen Ihnen die sch\u00f6nsten hundefreundlichen Campingpl\u00e4tze vor! <\/p>\n","protected":false},"author":5,"featured_media":98950,"comment_status":"open","ping_status":"open","sticky":false,"template":"","format":"standard","meta":{"footnotes":""},"categories":[33],"tags":[51,52,69,53,36],"class_list":["post-98943","post","type-post","status-publish","format-standard","has-post-thumbnail","hentry","category-reisethema","tag-entspannung","tag-geniesser","tag-italien","tag-kultur","tag-tiere"],"yoast_head":"<!-- This site is optimized with the Yoast SEO plugin v27.4 - https:\/\/yoast.com\/product\/yoast-seo-wordpress\/ -->\n<title>Camping am Gardasee mit Hund \u2013 Tipps &amp; Campingpl\u00e4tze - TUI CAMPER<\/title>\n<meta name=\"description\" content=\"Auf diesen Campingpl\u00e4tzen werden Vierbeiner gl\u00fccklich: Hundestr\u00e4nde mit Zugang zum See \u2713 Auslauffl\u00e4chen \u2713 hundefreundliche Wanderwege\" \/>\n<meta name=\"robots\" content=\"index, follow, max-snippet:-1, max-image-preview:large, max-video-preview:-1\" \/>\n<link rel=\"canonical\" href=\"https:\/\/www.tuicamper.com\/magazin\/camping-gardasee-mit-hund\/\" \/>\n<meta property=\"og:locale\" content=\"de_DE\" \/>\n<meta property=\"og:type\" content=\"article\" \/>\n<meta property=\"og:title\" content=\"Camping am Gardasee mit Hund \u2013 Tipps &amp; Campingpl\u00e4tze - TUI CAMPER\" \/>\n<meta property=\"og:description\" content=\"Auf diesen Campingpl\u00e4tzen werden Vierbeiner gl\u00fccklich: Hundestr\u00e4nde mit Zugang zum See \u2713 Auslauffl\u00e4chen \u2713 hundefreundliche Wanderwege\" \/>\n<meta property=\"og:url\" content=\"https:\/\/www.tuicamper.com\/magazin\/camping-gardasee-mit-hund\/\" \/>\n<meta property=\"og:site_name\" content=\"TUI Camper Magazin\" \/>\n<meta property=\"article:published_time\" content=\"2025-02-28T10:55:05+00:00\" \/>\n<meta property=\"article:modified_time\" content=\"2025-02-28T10:55:26+00:00\" \/>\n<meta property=\"og:image\" content=\"https:\/\/www.tuicamper.com\/wp-docker\/wp-content\/uploads\/2025\/02\/camping-gardasee-header-1.jpg\" \/>\n\t<meta property=\"og:image:width\" content=\"1280\" \/>\n\t<meta property=\"og:image:height\" content=\"492\" \/>\n\t<meta property=\"og:image:type\" content=\"image\/jpeg\" \/>\n<meta name=\"author\" content=\"Olli\" \/>\n<meta name=\"twitter:card\" content=\"summary_large_image\" \/>\n<meta name=\"twitter:label1\" content=\"Verfasst von\" \/>\n\t<meta name=\"twitter:data1\" content=\"Olli\" \/>\n\t<meta name=\"twitter:label2\" content=\"Gesch\u00e4tzte Lesezeit\" \/>\n\t<meta name=\"twitter:data2\" content=\"6\u00a0Minuten\" \/>\n<!-- \/ Yoast SEO plugin. -->","yoast_head_json":{"title":"Camping am Gardasee mit Hund \u2013 Tipps & Campingpl\u00e4tze - TUI CAMPER","description":"Auf diesen Campingpl\u00e4tzen werden Vierbeiner gl\u00fccklich: Hundestr\u00e4nde mit Zugang zum See \u2713 Auslauffl\u00e4chen \u2713 hundefreundliche Wanderwege","robots":{"index":"index","follow":"follow","max-snippet":"max-snippet:-1","max-image-preview":"max-image-preview:large","max-video-preview":"max-video-preview:-1"},"canonical":"https:\/\/www.tuicamper.com\/magazin\/camping-gardasee-mit-hund\/","og_locale":"de_DE","og_type":"article","og_title":"Camping am Gardasee mit Hund \u2013 Tipps & Campingpl\u00e4tze - TUI CAMPER","og_description":"Auf diesen Campingpl\u00e4tzen werden Vierbeiner gl\u00fccklich: Hundestr\u00e4nde mit Zugang zum See \u2713 Auslauffl\u00e4chen \u2713 hundefreundliche Wanderwege","og_url":"https:\/\/www.tuicamper.com\/magazin\/camping-gardasee-mit-hund\/","og_site_name":"TUI Camper Magazin","article_published_time":"2025-02-28T10:55:05+00:00","article_modified_time":"2025-02-28T10:55:26+00:00","og_image":[{"width":1280,"height":492,"url":"https:\/\/www.tuicamper.com\/wp-docker\/wp-content\/uploads\/2025\/02\/camping-gardasee-header-1.jpg","type":"image\/jpeg"}],"author":"Olli","twitter_card":"summary_large_image","twitter_misc":{"Verfasst von":"Olli","Gesch\u00e4tzte Lesezeit":"6\u00a0Minuten"},"schema":{"@context":"https:\/\/schema.org","@graph":[{"@type":"Article","@id":"https:\/\/www.tuicamper.com\/magazin\/camping-gardasee-mit-hund\/#article","isPartOf":{"@id":"https:\/\/www.tuicamper.com\/magazin\/camping-gardasee-mit-hund\/"},"author":{"name":"Olli","@id":"https:\/\/www.tuicamper.com\/wp-docker\/#\/schema\/person\/98975e733813f701672fd75ef9df8b69"},"headline":"Camping am Gardasee mit Hund \u2013 Die besten Tipps &#038; Campingpl\u00e4tze","datePublished":"2025-02-28T10:55:05+00:00","dateModified":"2025-02-28T10:55:26+00:00","mainEntityOfPage":{"@id":"https:\/\/www.tuicamper.com\/magazin\/camping-gardasee-mit-hund\/"},"wordCount":5220,"commentCount":0,"image":{"@id":"https:\/\/www.tuicamper.com\/magazin\/camping-gardasee-mit-hund\/#primaryimage"},"thumbnailUrl":"https:\/\/www.tuicamper.com\/wp-docker\/wp-content\/uploads\/2025\/02\/camping-gardasee-header-1.jpg","keywords":["Entspannung","Genie\u00dfer","Italien","Kultur","Tiere"],"articleSection":["Reisethema"],"inLanguage":"de","potentialAction":[{"@type":"CommentAction","name":"Comment","target":["https:\/\/www.tuicamper.com\/magazin\/camping-gardasee-mit-hund\/#respond"]}]},{"@type":"WebPage","@id":"https:\/\/www.tuicamper.com\/magazin\/camping-gardasee-mit-hund\/","url":"https:\/\/www.tuicamper.com\/magazin\/camping-gardasee-mit-hund\/","name":"Camping am Gardasee mit Hund \u2013 Tipps & Campingpl\u00e4tze - TUI CAMPER","isPartOf":{"@id":"https:\/\/www.tuicamper.com\/#website"},"primaryImageOfPage":{"@id":"https:\/\/www.tuicamper.com\/magazin\/camping-gardasee-mit-hund\/#primaryimage"},"image":{"@id":"https:\/\/www.tuicamper.com\/magazin\/camping-gardasee-mit-hund\/#primaryimage"},"thumbnailUrl":"https:\/\/www.tuicamper.com\/wp-content\/uploads\/2025\/02\/camping-gardasee-header-1.jpg","datePublished":"2025-02-28T10:55:05+00:00","dateModified":"2025-02-28T10:55:26+00:00","author":{"@id":"https:\/\/www.tuicamper.com\/#\/schema\/person\/98975e733813f701672fd75ef9df8b69"},"description":"Auf diesen Campingpl\u00e4tzen werden Vierbeiner gl\u00fccklich: Hundestr\u00e4nde mit Zugang zum See \u2713 Auslauffl\u00e4chen \u2713 hundefreundliche Wanderwege","breadcrumb":{"@id":"https:\/\/www.tuicamper.com\/magazin\/camping-gardasee-mit-hund\/#breadcrumb"},"inLanguage":"de","potentialAction":["Array"]},{"@type":"ImageObject","inLanguage":"de","@id":"https:\/\/www.tuicamper.com\/magazin\/camping-gardasee-mit-hund\/#primaryimage","url":"https:\/\/www.tuicamper.com\/wp-docker\/wp-content\/uploads\/2025\/02\/camping-gardasee-header-1.jpg","contentUrl":"https:\/\/www.tuicamper.com\/wp-docker\/wp-content\/uploads\/2025\/02\/camping-gardasee-header-1.jpg","width":1280,"height":492,"caption":"mit dem Hund am Gardasee"},{"@type":"BreadcrumbList","@id":"https:\/\/www.tuicamper.com\/magazin\/camping-gardasee-mit-hund\/#breadcrumb","itemListElement":[{"@type":"ListItem","position":1,"name":"Startseite","item":"https:\/\/www.tuicamper.com\/wp-docker\/"},{"@type":"ListItem","position":2,"name":"Camping am Gardasee mit Hund \u2013 Die besten Tipps &#038; Campingpl\u00e4tze"}]},{"@type":"WebSite","@id":"https:\/\/www.tuicamper.com\/#website","url":"https:\/\/www.tuicamper.com\/","name":"TUI Camper Magazin","description":"","potentialAction":["Array"],"inLanguage":"de"},{"@type":"Person","@id":"https:\/\/www.tuicamper.com\/wp-docker\/#\/schema\/person\/98975e733813f701672fd75ef9df8b69","name":"Olli","image":{"@type":"ImageObject","inLanguage":"de","@id":"https:\/\/secure.gravatar.com\/avatar\/4529b17b9a4dec34d38f705f89e1db8c906d30537b64d795d775d528c07951ff?s=96&d=mm&r=g","url":"https:\/\/secure.gravatar.com\/avatar\/4529b17b9a4dec34d38f705f89e1db8c906d30537b64d795d775d528c07951ff?s=96&d=mm&r=g","contentUrl":"https:\/\/secure.gravatar.com\/avatar\/4529b17b9a4dec34d38f705f89e1db8c906d30537b64d795d775d528c07951ff?s=96&d=mm&r=g","caption":"Olli"},"url":"https:\/\/www.tuicamper.com\/wp-docker\/magazin\/author\/olli\/"}]}},"_links":{"self":[{"href":"https:\/\/www.tuicamper.com\/wp-docker\/wp-json\/wp\/v2\/posts\/98943","targetHints":{"allow":["GET"]}}],"collection":[{"href":"https:\/\/www.tuicamper.com\/wp-docker\/wp-json\/wp\/v2\/posts"}],"about":[{"href":"https:\/\/www.tuicamper.com\/wp-docker\/wp-json\/wp\/v2\/types\/post"}],"author":[{"embeddable":true,"href":"https:\/\/www.tuicamper.com\/wp-docker\/wp-json\/wp\/v2\/users\/5"}],"replies":[{"embeddable":true,"href":"https:\/\/www.tuicamper.com\/wp-docker\/wp-json\/wp\/v2\/comments?post=98943"}],"version-history":[{"count":13,"href":"https:\/\/www.tuicamper.com\/wp-docker\/wp-json\/wp\/v2\/posts\/98943\/revisions"}],"predecessor-version":[{"id":98960,"href":"https:\/\/www.tuicamper.com\/wp-docker\/wp-json\/wp\/v2\/posts\/98943\/revisions\/98960"}],"wp:featuredmedia":[{"embeddable":true,"href":"https:\/\/www.tuicamper.com\/wp-docker\/wp-json\/wp\/v2\/media\/98950"}],"wp:attachment":[{"href":"https:\/\/www.tuicamper.com\/wp-docker\/wp-json\/wp\/v2\/media?parent=98943"}],"wp:term":[{"taxonomy":"category","embeddable":true,"href":"https:\/\/www.tuicamper.com\/wp-docker\/wp-json\/wp\/v2\/categories?post=98943"},{"taxonomy":"post_tag","embeddable":true,"href":"https:\/\/www.tuicamper.com\/wp-docker\/wp-json\/wp\/v2\/tags?post=98943"}],"curies":[{"name":"wp","href":"https:\/\/api.w.org\/{rel}","templated":true}]}}