{"id":97995,"date":"2025-02-14T10:02:34","date_gmt":"2025-02-14T09:02:34","guid":{"rendered":"https:\/\/www.tuicamper.com\/?p=97995"},"modified":"2025-02-14T10:02:34","modified_gmt":"2025-02-14T09:02:34","slug":"beste-reisezeit-toskana","status":"publish","type":"post","link":"https:\/\/www.tuicamper.com\/magazin\/beste-reisezeit-toskana\/","title":{"rendered":"Beste Reisezeit Toskana: Mit dem Wohnmobil durch die Kulturlandschaft"},"content":{"rendered":"<div id='av_section_1'  class='avia-section av-ynqautn-92fda8890b2e8f041eb6159d05046f58 main_color avia-section-default avia-no-border-styling  avia-builder-el-0  el_before_av_textblock  avia-builder-el-first  reduced-content avia-bg-style-scroll container_wrap sidebar_right'  ><div class='container av-section-cont-open' ><main  role=\"main\" itemprop=\"mainContentOfPage\"  class='template-page content  av-content-small alpha units'><div class='post-entry post-entry-type-page post-entry-97995'><div class='entry-content-wrapper clearfix'>\n\n<style type=\"text\/css\" data-created_by=\"avia_inline_auto\" id=\"style-css-av-y7g1bfv-8112d77d74a53fd6d2cf65ef41774c10\">\n.flex_column.av-y7g1bfv-8112d77d74a53fd6d2cf65ef41774c10{\nborder-radius:0px 0px 0px 0px;\npadding:0px 0px 0px 0px;\n}\n<\/style>\n<div  class='flex_column av-y7g1bfv-8112d77d74a53fd6d2cf65ef41774c10 av_one_full  avia-builder-el-1  avia-builder-el-no-sibling  first flex_column_div av-zero-column-padding  '     ><section  class='av_textblock_section av-xpjwg23-c9e4cffaefdc8a19bbbdc6c24cf427ed '   itemscope=\"itemscope\" itemtype=\"https:\/\/schema.org\/BlogPosting\" itemprop=\"blogPost\" ><div class='avia_textblock'  itemprop=\"text\" ><p>Seit Jahrzehnten ist die im Herzen Italiens gelegene Toskana Sehnsuchtsziel von Campern aus aller Welt. Zwischen historischen St\u00e4dten von Weltrang, traumhaften Str\u00e4nden und einem h\u00fcgeligen Hinterland, das von Olivenhainen und Weinbergen gepr\u00e4gt wird, l\u00e4sst sich ein absolut unvergleichlicher Wohnmobil-Urlaub verbringen \u2013 und das \u00fcber weite Teile des Jahres. Je nach Interessenlage lockt die Toskana zu jeder Jahreszeit mit ganz unterschiedlichen Reizen. Wir zeigen Ihnen, wann die beste Reisezeit f\u00fcr Ihre Toskana-Tour ist.<\/p>\n<\/div><\/section><\/div>\n<\/div><\/div><\/main><!-- close content main element --><\/div><\/div><div id='after_section_1'  class='main_color av_default_container_wrap container_wrap sidebar_right'  ><div class='container av-section-cont-open' ><div class='template-page content  av-content-small alpha units'><div class='post-entry post-entry-type-page post-entry-97995'><div class='entry-content-wrapper clearfix'>\n<section  class='av_textblock_section av-3bjwde3-2975b22f1b5dc1012dcade3d95312239 '   itemscope=\"itemscope\" itemtype=\"https:\/\/schema.org\/BlogPosting\" itemprop=\"blogPost\" ><div class='avia_textblock'  itemprop=\"text\" >\n<\/div><\/section>\n<\/div><\/div><\/div><!-- close content main div --><\/div><\/div><div id='av_section_2'  class='avia-section av-wosqp8r-86dfa1aee68ad4018e80a9cf7a33c3d7 main_color avia-section-default avia-no-border-styling  avia-builder-el-4  el_after_av_textblock  el_before_av_section  reduced-content avia-bg-style-scroll container_wrap sidebar_right'  ><div class='container av-section-cont-open' ><div class='template-page content  av-content-small alpha units'><div class='post-entry post-entry-type-page post-entry-97995'><div class='entry-content-wrapper clearfix'>\n<section  class='av_textblock_section av-weybctn-f2f5db5bd790763ad7003c459a4a1f62 '   itemscope=\"itemscope\" itemtype=\"https:\/\/schema.org\/BlogPosting\" itemprop=\"blogPost\" ><div class='avia_textblock'  itemprop=\"text\" ><div id=\"js-table-of-contents\">\r\n    <strong>Inhaltsverzeichnis<\/strong>\r\n<\/div>\n<\/div><\/section>\n\n<\/div><\/div><\/div><!-- close content main div --><\/div><\/div><div id='av_section_3'  class='avia-section av-vsfnjjf-0e96cb676878f0f7598ec333e7d9ea64 main_color avia-section-default avia-no-border-styling  avia-builder-el-6  el_after_av_section  el_before_av_section  reduced-content avia-bg-style-scroll container_wrap sidebar_right'  ><div class='container av-section-cont-open' ><div class='template-page content  av-content-small alpha units'><div class='post-entry post-entry-type-page post-entry-97995'><div class='entry-content-wrapper clearfix'>\n\n<style type=\"text\/css\" data-created_by=\"avia_inline_auto\" id=\"style-css-av-35o2ccr-98b1381550a444fef0ba1c1982003f86\">\n.flex_column.av-35o2ccr-98b1381550a444fef0ba1c1982003f86{\nborder-radius:0px 0px 0px 0px;\npadding:0px 0px 0px 0px;\n}\n<\/style>\n<div  class='flex_column av-35o2ccr-98b1381550a444fef0ba1c1982003f86 av_one_full  avia-builder-el-7  avia-builder-el-no-sibling  first flex_column_div av-zero-column-padding  '     ><section  class='av_textblock_section av-v4ozsnf-b412795f6c8ba7d6c0db5e0d1dbe76ba '   itemscope=\"itemscope\" itemtype=\"https:\/\/schema.org\/BlogPosting\" itemprop=\"blogPost\" ><div class='avia_textblock'  itemprop=\"text\" ><h2>Wissenswertes zu Klima und Wetter in der Toskana<\/h2>\n<p>Gerade die K\u00fcsten und T\u00e4ler der Toskana sind von einem mediterranen Klima gepr\u00e4gt. Hier bleibt es auch im Sp\u00e4therbst und Winter noch vergleichsweise mild, w\u00e4hrend die Temperaturen in den Bergen durchaus unter 0 \u00b0C fallen k\u00f6nnen. Dann f\u00e4llt in der Toskana sogar Schnee, sodass ein Ski-Urlaub m\u00f6glich ist. Die Sommer in der Toskana sind dagegen trocken und hei\u00df. Das gilt insbesondere f\u00fcr die vielbesuchten St\u00e4dteperlen des Landes wie Florenz, Pisa oder Lucca. Gerade im Juli und August steigen die Temperaturen hier nicht selten \u00fcber 40 \u00b0C, sodass entspannte St\u00e4dtetrips kaum mehr m\u00f6glich sind. Trotzdem gilt der Sommer zwischen Juli und September als Hauptsaison, in der die meisten Touristen unterwegs sind. Wer die Toskana abseits des gro\u00dfen Trubels kennenlernen m\u00f6chte, weicht daher besser auf die Fr\u00fchlings- und Herbstmonate aus. Hier gibt es in der Regel immer noch viele Sonnenstunden und die Temperaturen sind angenehm warm. Zudem k\u00f6nnen Sie ab September die Wein- und Olivenernte beobachten.<\/p>\n<\/div><\/section><\/div>\n\n<\/div><\/div><\/div><!-- close content main div --><\/div><\/div><div id='av_section_4'  class='avia-section av-urzzgp7-c75fdd4c0b02d8e67827627d36f2e0a9 main_color avia-section-default avia-no-border-styling  avia-builder-el-9  el_after_av_section  el_before_av_section  reduced-content avia-bg-style-scroll container_wrap sidebar_right'  ><div class='container av-section-cont-open' ><div class='template-page content  av-content-small alpha units'><div class='post-entry post-entry-type-page post-entry-97995'><div class='entry-content-wrapper clearfix'>\n\n<style type=\"text\/css\" data-created_by=\"avia_inline_auto\" id=\"style-css-av-tyvl9kb-812a9d43eb35634138d8fd9692581f80\">\n.avia-image-container.av-tyvl9kb-812a9d43eb35634138d8fd9692581f80 img.avia_image{\nbox-shadow:none;\n}\n.avia-image-container.av-tyvl9kb-812a9d43eb35634138d8fd9692581f80 .av-caption-image-overlay-bg{\nopacity:0.4;\nbackground-color:#000000;\n}\n.avia-image-container.av-tyvl9kb-812a9d43eb35634138d8fd9692581f80 .av-image-caption-overlay-center{\ncolor:#ffffff;\n}\n<\/style>\n<div  class='avia-image-container av-tyvl9kb-812a9d43eb35634138d8fd9692581f80 av-styling- av-img-linked avia_animated_image av-animated-when-visible-95 fade-in avia-align-center  avia-builder-el-10  el_before_av_hr  avia-builder-el-first  noHover av-overlay-on-hover'   itemprop=\"image\" itemscope=\"itemscope\" itemtype=\"https:\/\/schema.org\/ImageObject\" ><div class=\"avia-image-container-inner\"><div class=\"avia-image-overlay-wrap\"><a href=\"https:\/\/www.tuicamper.com\/wp-docker\/wp-content\/uploads\/2025\/02\/toskana-reisezeit-sienna-1030x644.jpg\" data-srcset=\"https:\/\/www.tuicamper.com\/wp-docker\/wp-content\/uploads\/2025\/02\/toskana-reisezeit-sienna-1030x644.jpg 1030w, https:\/\/www.tuicamper.com\/wp-docker\/wp-content\/uploads\/2025\/02\/toskana-reisezeit-sienna-300x188.jpg 300w, https:\/\/www.tuicamper.com\/wp-docker\/wp-content\/uploads\/2025\/02\/toskana-reisezeit-sienna-768x480.jpg 768w, https:\/\/www.tuicamper.com\/wp-docker\/wp-content\/uploads\/2025\/02\/toskana-reisezeit-sienna-705x441.jpg 705w, https:\/\/www.tuicamper.com\/wp-docker\/wp-content\/uploads\/2025\/02\/toskana-reisezeit-sienna.jpg 1440w\" data-sizes=\"(max-width: 1030px) 100vw, 1030px\" class='avia_image '  aria-label='Toskana Siena'><div class=\"av-image-caption-overlay\"><div class=\"av-caption-image-overlay-bg\"><\/div><div class=\"av-image-caption-overlay-position\"><div class=\"av-image-caption-overlay-center\"><p>Blick auf Siena<\/p>\n<\/div><\/div><\/div><img decoding=\"async\" fetchpriority=\"high\" class='wp-image-98001 avia-img-lazy-loading-not-98001 avia_image ' src=\"https:\/\/www.tuicamper.com\/wp-docker\/wp-content\/uploads\/2025\/02\/toskana-reisezeit-sienna-845x684.jpg\" alt='Blick auf Siena' title='Toskana Siena'  height=\"684\" width=\"845\"  itemprop=\"thumbnailUrl\" srcset=\"https:\/\/www.tuicamper.com\/wp-docker\/wp-content\/uploads\/2025\/02\/toskana-reisezeit-sienna-845x684.jpg 845w, https:\/\/www.tuicamper.com\/wp-docker\/wp-content\/uploads\/2025\/02\/toskana-reisezeit-sienna-495x400.jpg 495w\" sizes=\"(max-width: 845px) 100vw, 845px\" \/><\/a><\/div><\/div><\/div>\n\n<style type=\"text\/css\" data-created_by=\"avia_inline_auto\" id=\"style-css-av-trivy0b-f17a799b7f99d11119c24d3731bacb5d\">\n#top .hr.hr-invisible.av-trivy0b-f17a799b7f99d11119c24d3731bacb5d{\nheight:25px;\n}\n<\/style>\n<div  class='hr av-trivy0b-f17a799b7f99d11119c24d3731bacb5d hr-invisible  avia-builder-el-11  el_after_av_image  avia-builder-el-last '><span class='hr-inner '><span class=\"hr-inner-style\"><\/span><\/span><\/div>\n\n<\/div><\/div><\/div><!-- close content main div --><\/div><\/div><div id='av_section_5'  class='avia-section av-t36qg6j-1fc36a7b24caf2190e7b2c7d6365d3fc main_color avia-section-default avia-no-border-styling  avia-builder-el-12  el_after_av_section  el_before_av_section  reduced-content avia-bg-style-scroll container_wrap sidebar_right'  ><div class='container av-section-cont-open' ><div class='template-page content  av-content-small alpha units'><div class='post-entry post-entry-type-page post-entry-97995'><div class='entry-content-wrapper clearfix'>\n\n<style type=\"text\/css\" data-created_by=\"avia_inline_auto\" id=\"style-css-av-sr08p57-82a1e2d445ae51775729121c146cca37\">\n.flex_column.av-sr08p57-82a1e2d445ae51775729121c146cca37{\nborder-radius:0px 0px 0px 0px;\npadding:0px 0px 0px 0px;\n}\n<\/style>\n<div  class='flex_column av-sr08p57-82a1e2d445ae51775729121c146cca37 av_one_full  avia-builder-el-13  avia-builder-el-no-sibling  first flex_column_div av-zero-column-padding  '     ><section  class='av_textblock_section av-s6hz70r-5d1a68f8e8946e30a661650a6bcc4a6a '   itemscope=\"itemscope\" itemtype=\"https:\/\/schema.org\/BlogPosting\" itemprop=\"blogPost\" ><div class='avia_textblock'  itemprop=\"text\" ><h2>Die eine beste Reisezeit f\u00fcr die Toskana gibt es nicht<\/h2>\n<p>Die Toskana hat viele Gesichter. Die eine beste Reisezeit gibt es daher nicht. Vielmehr punktet jede Jahreszeit mit ganz eigenen Vorz\u00fcgen.<\/p>\n<ul>\n<li><strong>Juli bis September<\/strong>: Die Sommermonate locken mit vielen Sonnenstunden und warmen bis hei\u00dfen Temperaturen. Daf\u00fcr herrscht in der Hauptsaison aber auch gro\u00dfer Touristenandrang \u2013 insb. die Highlights der Region sind nicht selten sehr stark frequentiert. F\u00fcr einen Badeurlaub an der K\u00fcste ist der Sommer in der Toskana aber ideal.<\/li>\n<li><strong>Oktober bis November<\/strong>: Vielen Toskana-Kennern gilt der Herbst als beste Reisezeit f\u00fcr einen Urlaub. Hier sind die Temperaturen in der Regel noch angenehm warm und es ist deutlich weniger los. Die ideale Zeit f\u00fcr Wanderungen und Weinproben.<\/li>\n<li><strong>Dezember bis Februar<\/strong>: Gerade in den h\u00f6heren Lagen schneit es in den Wintermonaten, sodass sogar ein Ski-Urlaub m\u00f6glich ist. Zudem k\u00f6nnen St\u00e4dte wie Florenz und Pisa im Winter ganz abseits des \u00fcblichen Trubels entdeckt werden.<\/li>\n<li><strong>M\u00e4rz bis Juni<\/strong>: Zwischen Mitte M\u00e4rz und Juni zeigt sich die Sonne schon vergleichsweise h\u00e4ufig und die Temperaturen sind angenehm mild. Die ideale Zeit also f\u00fcr St\u00e4dtetrips. Der eine oder andere Regentag l\u00e4sst sich dabei durchaus verschmerzen.<\/li>\n<\/ul>\n<\/div><\/section><\/div>\n\n<\/div><\/div><\/div><!-- close content main div --><\/div><\/div><div id='av_section_6'  class='avia-section av-rxlluej-998ecae0e3bf0bee8e43788276df99e3 main_color avia-section-default avia-no-border-styling  avia-builder-el-15  el_after_av_section  el_before_av_section  reduced-content avia-bg-style-scroll container_wrap sidebar_right'  ><div class='container av-section-cont-open' ><div class='template-page content  av-content-small alpha units'><div class='post-entry post-entry-type-page post-entry-97995'><div class='entry-content-wrapper clearfix'>\n\n<style type=\"text\/css\" data-created_by=\"avia_inline_auto\" id=\"style-css-av-ra52gsr-cbdb33fa1f81e5c09843d324dd60b254\">\n.avia-image-container.av-ra52gsr-cbdb33fa1f81e5c09843d324dd60b254 img.avia_image{\nbox-shadow:none;\n}\n.avia-image-container.av-ra52gsr-cbdb33fa1f81e5c09843d324dd60b254 .av-caption-image-overlay-bg{\nopacity:0.4;\nbackground-color:#000000;\n}\n.avia-image-container.av-ra52gsr-cbdb33fa1f81e5c09843d324dd60b254 .av-image-caption-overlay-center{\ncolor:#ffffff;\n}\n<\/style>\n<div  class='avia-image-container av-ra52gsr-cbdb33fa1f81e5c09843d324dd60b254 av-styling- av-img-linked avia_animated_image av-animated-when-visible-95 fade-in avia-align-center  avia-builder-el-16  el_before_av_hr  avia-builder-el-first  noHover av-overlay-on-hover'   itemprop=\"image\" itemscope=\"itemscope\" itemtype=\"https:\/\/schema.org\/ImageObject\" ><div class=\"avia-image-container-inner\"><div class=\"avia-image-overlay-wrap\"><a href=\"https:\/\/www.tuicamper.com\/wp-docker\/wp-content\/uploads\/2025\/02\/toskana-reisezeit-grillen-1030x644.jpg\" data-srcset=\"https:\/\/www.tuicamper.com\/wp-docker\/wp-content\/uploads\/2025\/02\/toskana-reisezeit-grillen-1030x644.jpg 1030w, https:\/\/www.tuicamper.com\/wp-docker\/wp-content\/uploads\/2025\/02\/toskana-reisezeit-grillen-300x188.jpg 300w, https:\/\/www.tuicamper.com\/wp-docker\/wp-content\/uploads\/2025\/02\/toskana-reisezeit-grillen-768x480.jpg 768w, https:\/\/www.tuicamper.com\/wp-docker\/wp-content\/uploads\/2025\/02\/toskana-reisezeit-grillen-705x441.jpg 705w, https:\/\/www.tuicamper.com\/wp-docker\/wp-content\/uploads\/2025\/02\/toskana-reisezeit-grillen.jpg 1440w\" data-sizes=\"(max-width: 1030px) 100vw, 1030px\" class='avia_image '  aria-label='Toskana Grillen'><div class=\"av-image-caption-overlay\"><div class=\"av-caption-image-overlay-bg\"><\/div><div class=\"av-image-caption-overlay-position\"><div class=\"av-image-caption-overlay-center\"><p>Grillen in der Toskana bei Sonnenuntergang<\/p>\n<\/div><\/div><\/div><img decoding=\"async\" fetchpriority=\"high\" class='wp-image-98003 avia-img-lazy-loading-not-98003 avia_image ' src=\"https:\/\/www.tuicamper.com\/wp-docker\/wp-content\/uploads\/2025\/02\/toskana-reisezeit-grillen-845x684.jpg\" alt='Grillen in der Toskana' title='Toskana Grillen'  height=\"684\" width=\"845\"  itemprop=\"thumbnailUrl\" srcset=\"https:\/\/www.tuicamper.com\/wp-docker\/wp-content\/uploads\/2025\/02\/toskana-reisezeit-grillen-845x684.jpg 845w, https:\/\/www.tuicamper.com\/wp-docker\/wp-content\/uploads\/2025\/02\/toskana-reisezeit-grillen-495x400.jpg 495w\" sizes=\"(max-width: 845px) 100vw, 845px\" \/><\/a><\/div><\/div><\/div>\n\n<style type=\"text\/css\" data-created_by=\"avia_inline_auto\" id=\"style-css-av-r2ax57v-e62b88b4ed7705e705e30ec7c243db3c\">\n#top .hr.hr-invisible.av-r2ax57v-e62b88b4ed7705e705e30ec7c243db3c{\nheight:25px;\n}\n<\/style>\n<div  class='hr av-r2ax57v-e62b88b4ed7705e705e30ec7c243db3c hr-invisible  avia-builder-el-17  el_after_av_image  avia-builder-el-last '><span class='hr-inner '><span class=\"hr-inner-style\"><\/span><\/span><\/div>\n\n<\/div><\/div><\/div><!-- close content main div --><\/div><\/div><div id='av_section_7'  class='avia-section av-q8tb4gb-48bd1171b725142c82b10ea7b24531e7 main_color avia-section-default avia-no-border-styling  avia-builder-el-18  el_after_av_section  el_before_av_section  reduced-content avia-bg-style-scroll container_wrap sidebar_right'  ><div class='container av-section-cont-open' ><div class='template-page content  av-content-small alpha units'><div class='post-entry post-entry-type-page post-entry-97995'><div class='entry-content-wrapper clearfix'>\n\n<style type=\"text\/css\" data-created_by=\"avia_inline_auto\" id=\"style-css-av-pt0lvez-952a0fad7573a9def7b00d30cf65f5e8\">\n.flex_column.av-pt0lvez-952a0fad7573a9def7b00d30cf65f5e8{\nborder-radius:0px 0px 0px 0px;\npadding:0px 0px 0px 0px;\n}\n<\/style>\n<div  class='flex_column av-pt0lvez-952a0fad7573a9def7b00d30cf65f5e8 av_one_full  avia-builder-el-19  avia-builder-el-no-sibling  first flex_column_div av-zero-column-padding  '     ><section  class='av_textblock_section av-po61kuj-9739daea1383d5b4d1841efdb65afb29 '   itemscope=\"itemscope\" itemtype=\"https:\/\/schema.org\/BlogPosting\" itemprop=\"blogPost\" ><div class='avia_textblock'  itemprop=\"text\" ><h2>Die beste Reisezeit f\u00fcr die Toskana mit dem Wohnmobil<\/h2>\n<p>Sie planen einen Wohnmobil-Urlaub in der Toskana \u2013 und wollen dabei m\u00f6glichst alle Facetten der mittelitalienischen Kulturlandschaft kennenlernen? Dann bietet sich die Zeit zwischen Mitte Mai und Juni sowie zwischen September und Mitte Oktober an. Denn im sp\u00e4ten Fr\u00fchling und fr\u00fchen Herbst zeigt sich die Toskana von ihrer sch\u00f6nsten Seite. Die Temperaturen sind warm, die Niederschl\u00e4ge halten sich in Grenzen und das Wetter ist angenehm best\u00e4ndig. Ideal, um die <a href=\"https:\/\/www.tuicamper.com\/magazin\/wohnmobil-toskana\/\">Toskana mit dem Wohnmobil<\/a> zu entdecken:<\/p>\n<ul>\n<li>Entdecken Sie <strong>historische St\u00e4dteperlen<\/strong> wie Florenz, Pisa und San Gimignano \u2013 ohne die dr\u00fcckende Hitze, die im Sommer oft \u00fcber den St\u00e4dten h\u00e4ngt.<\/li>\n<li>Schauen Sie zu, wie im September die ersten <strong>Weintrauben <\/strong>geerntet werden \u2013 und verkosten Sie einige der ber\u00fchmten toskanischen Weine.<\/li>\n<li>Erfrischen Sie sich im Meer. Ab Mitte Mai liegt die Wassertemperatur oft schon bei \u00fcber 20\u00b0C, sodass ein <strong>Badeurlaub<\/strong> problemlos m\u00f6glich ist. Seine angenehme Temperatur h\u00e4lt das Meer in der Regel bis Mitte Oktober.<\/li>\n<li>Unternehmen Sie ausgedehnte <strong>Wanderungen <\/strong>durch h\u00fcgelige Landschaften, ohne dabei allzu sehr ins Schwitzen zu geraten.<\/li>\n<\/ul>\n<\/div><\/section><\/div><\/div><\/div><\/div><!-- close content main div --><\/div><\/div><div id='av_section_8'  class='avia-section av-ov34yq3-07a79a889af2eb8fcfea0fd5091d9502 main_color avia-section-default avia-no-border-styling  avia-builder-el-21  el_after_av_section  el_before_av_section  magazine-slider-section fullwidth_section avia-bg-style-scroll container_wrap sidebar_right'  ><div class='container av-section-cont-open' ><div class='template-page content  av-content-small alpha units'><div class='post-entry post-entry-type-page post-entry-97995'><div class='entry-content-wrapper clearfix'>\n\n<style type=\"text\/css\" data-created_by=\"avia_inline_auto\" id=\"style-css-av-2fyhvbf-bc038fcff8bfb3151afd50d3f0dcc315\">\n.flex_column.av-2fyhvbf-bc038fcff8bfb3151afd50d3f0dcc315{\nborder-radius:0px 0px 0px 0px;\npadding:0px 0px 0px 0px;\n}\n<\/style>\n<div  class='flex_column av-2fyhvbf-bc038fcff8bfb3151afd50d3f0dcc315 av_one_full  avia-builder-el-22  avia-builder-el-no-sibling  first flex_column_div av-zero-column-padding  '     ><section  class='av_textblock_section av-o182jor-1189b322a7bc5e3c9f3c66f8b22393a2 '   itemscope=\"itemscope\" itemtype=\"https:\/\/schema.org\/BlogPosting\" itemprop=\"blogPost\" ><div class='avia_textblock'  itemprop=\"text\" ><div class=\"flex_column av_three_fourth flex_column_div av-zero-column-padding first el_before_av_one_fourth avia-builder-el-first headline-section\">\r\n    <section class=\"av_textblock_section \" itemscope=\"itemscope\"\r\n             itemtype=\"https:\/\/schema.org\/CreativeWork\">\r\n                    <div class=\"avia_textblock\" itemprop=\"text\">\r\n                                    Aus dem TUI Camper Magazin:<br>\r\n                                Spannende Artikel \u00fcber Italien            <\/div>\r\n            <\/section>\r\n<\/div>\r\n<div class=\"flex_column av_one_fourth flex_column_div av-zero-column-padding el_after_av_three_fourth el_before_av_feature_image_slider avia-builder-el-last logo-section\">\r\n    <div class=\"avia-image-container avia-builder-el-no-sibling avia-align-center\"\r\n         itemprop=\"image\" itemscope=\"itemscope\" itemtype=\"https:\/\/schema.org\/ImageObject\">\r\n        <div class=\"avia-image-container-inner\">\r\n            <div class=\"avia-image-overlay-wrap\">\r\n                <a href=\"\/magazin\/\">\r\n                    <img decoding=\"async\" class=\"wp-image-3099 avia-img-lazy-loading-not-3099 avia_image\"\r\n                         src=\"\/wp-docker\/wp-content\/themes\/tuicamper_enfold\/assets\/img\/logo_350-135.png\"\r\n                         alt=\"TUI Camper Magazin\" height=\"69\" width=\"150\"\r\n                         itemprop=\"thumbnailUrl\">\r\n                <\/a>\r\n            <\/div>\r\n        <\/div>\r\n    <\/div>\r\n<\/div>\r\n<div class=\"flex_column av_one_full flex_column_div av-zero-column-padding first el_before_av_textblock avia-builder-el-first\"\r\n     style=\"border-radius:0px;\">\r\n    <div class=\"carousel\">\r\n                    <div class=\"carousel-cell\">\r\n                <a href=\"https:\/\/www.tuicamper.com\/magazin\/wohnmobil-sardinien\/\">\r\n                    <div class=\"img-container\" style=\"background-image: url('https:\/\/www.tuicamper.com\/wp-docker\/wp-content\/uploads\/2019\/05\/wohnmobil-sardinien.jpg');\"><\/div>\r\n                    <p>Wohnmobil Sardinien \u2013 Highlights, Rundreise und Campingm\u00f6glichkeiten <span class=\"dashicons dashicons-arrow-right-alt2\"><\/span><\/p>\r\n                <\/a>\r\n            <\/div>\r\n                    <div class=\"carousel-cell\">\r\n                <a href=\"https:\/\/www.tuicamper.com\/magazin\/camping-am-ledrosee\/\">\r\n                    <div class=\"img-container\" style=\"background-image: url('https:\/\/www.tuicamper.com\/wp-docker\/wp-content\/uploads\/2024\/03\/camping-am-ledrosee-teaser.jpg');\"><\/div>\r\n                    <p>Camping am Ledrosee \u2013 die entspannte Gardasee Alternative <span class=\"dashicons dashicons-arrow-right-alt2\"><\/span><\/p>\r\n                <\/a>\r\n            <\/div>\r\n                    <div class=\"carousel-cell\">\r\n                <a href=\"https:\/\/www.tuicamper.com\/magazin\/camping-am-gardasee\/\">\r\n                    <div class=\"img-container\" style=\"background-image: url('https:\/\/www.tuicamper.com\/wp-docker\/wp-content\/uploads\/2025\/05\/camping-am-gardasee-header.jpg');\"><\/div>\r\n                    <p>Camping am Gardasee: Die besten Campingpl\u00e4tze, Tipps &#038; Highlights <span class=\"dashicons dashicons-arrow-right-alt2\"><\/span><\/p>\r\n                <\/a>\r\n            <\/div>\r\n                    <div class=\"carousel-cell\">\r\n                <a href=\"https:\/\/www.tuicamper.com\/magazin\/camping-sardinien-campingplaetze\/\">\r\n                    <div class=\"img-container\" style=\"background-image: url('https:\/\/www.tuicamper.com\/wp-docker\/wp-content\/uploads\/2024\/11\/Camping_Sardinien.jpg');\"><\/div>\r\n                    <p>Camping Sardinien: Unsere 4 Top-Campingpl\u00e4tze <span class=\"dashicons dashicons-arrow-right-alt2\"><\/span><\/p>\r\n                <\/a>\r\n            <\/div>\r\n                    <div class=\"carousel-cell\">\r\n                <a href=\"https:\/\/www.tuicamper.com\/magazin\/groesster-campingplatz-europas-marina-di-venezia\/\">\r\n                    <div class=\"img-container\" style=\"background-image: url('https:\/\/www.tuicamper.com\/wp-docker\/wp-content\/uploads\/2024\/06\/Groesster_Campingplatz_Europas.jpg');\"><\/div>\r\n                    <p>Gr\u00f6\u00dfter Campingplatz Europas: Das erwartet Sie im Camping Village Marina Di Venezia <span class=\"dashicons dashicons-arrow-right-alt2\"><\/span><\/p>\r\n                <\/a>\r\n            <\/div>\r\n                    <div class=\"carousel-cell\">\r\n                <a href=\"https:\/\/www.tuicamper.com\/magazin\/wohnmobil-sizilien\/\">\r\n                    <div class=\"img-container\" style=\"background-image: url('https:\/\/www.tuicamper.com\/wp-docker\/wp-content\/uploads\/2019\/05\/wohnmobil-sizilien.jpg');\"><\/div>\r\n                    <p>Wohnmobil Sizilien \u2013 Highlights f\u00fcr eine Camper-Rundreise <span class=\"dashicons dashicons-arrow-right-alt2\"><\/span><\/p>\r\n                <\/a>\r\n            <\/div>\r\n            <\/div>\r\n<\/div>\n<\/div><\/section><\/div>\n<\/p>\n<div id='av_section_9'  class='avia-section av-ni0fa8b-1e4089bce7bfc97066bf9971e440b3cf main_color avia-section-default avia-no-border-styling  avia-builder-el-0  el_before_av_textblock  avia-builder-el-first  reduced-content avia-bg-style-scroll container_wrap sidebar_right'  ><div class='container av-section-cont-open' ><main  role=\"main\" itemprop=\"mainContentOfPage\"  class='template-page content  av-content-small alpha units'><div class='post-entry post-entry-type-page post-entry-97995'><div class='entry-content-wrapper clearfix'>\n\n<style type=\"text\/css\" data-created_by=\"avia_inline_auto\" id=\"style-css-av-n35jgcr-39a8ee940752d581072b2989ecda5bd2\">\n.flex_column.av-n35jgcr-39a8ee940752d581072b2989ecda5bd2{\nborder-radius:0px 0px 0px 0px;\npadding:0px 0px 0px 0px;\n}\n<\/style>\n<div  class='flex_column av-n35jgcr-39a8ee940752d581072b2989ecda5bd2 av_one_full  avia-builder-el-1  avia-builder-el-no-sibling  first flex_column_div av-zero-column-padding  '     ><section  class='av_textblock_section av-mu58n57-f92412aa1db2eab95ced2346bb3083e5 '   itemscope=\"itemscope\" itemtype=\"https:\/\/schema.org\/BlogPosting\" itemprop=\"blogPost\" ><div class='avia_textblock'  itemprop=\"text\" ><h2>Optimale Reisezeit f\u00fcr ausgiebige St\u00e4dterips und Wanderungen<\/h2>\n<p>Im Juli und August senkt sich oft eine dr\u00fcckende Hitze \u00fcber weite Teile der Toskana. Das macht entspanntes Sightseeing schwierig \u2013 und ausgiebige Wanderungen durch die idyllische Landschaft so gut wie unm\u00f6glich. F\u00fcr Aktivurlaube und St\u00e4dtetrips sind daher die Fr\u00fchlings- und Herbstmonate ideal. Schon ab April wird dabei vielerorts die 20 \u00b0C Marke gerissen. Zugleich bleiben die Tagesspitzenwerte in der Regel bei 25 bis 27 \u00b0C. Damit k\u00f6nnen Sie Ihren Urlaub voll auskosten, ohne vor der mitt\u00e4glichen Hitze ins klimatisierte Hotelzimmer fliehen zu m\u00fcssen.<\/p>\n<\/div><\/section><\/div>\n<\/div><\/div><\/main><!-- close content main element --><\/div><\/div><div id='after_section_9'  class='main_color av_default_container_wrap container_wrap sidebar_right'  ><div class='container av-section-cont-open' ><div class='template-page content  av-content-small alpha units'><div class='post-entry post-entry-type-page post-entry-97995'><div class='entry-content-wrapper clearfix'>\n<\/div><\/div><\/div><!-- close content main div --><\/div><\/div><div id='av_section_10'  class='avia-section av-4tp19mz-07bbb30b5e1cd099c83e020d63704cfc main_color avia-section-default avia-no-border-styling  routes-breaker fullwidth_section avia-bg-style-scroll container_wrap sidebar_right'  ><div class='container av-section-cont-open' ><div class='template-page content  av-content-small alpha units'><div class='post-entry post-entry-type-page post-entry-97995'><div class='entry-content-wrapper clearfix'>\n<section  class='av_textblock_section av-49qnn4b-7c547c03e6782d8c5c2d0defa298383c '   itemscope=\"itemscope\" itemtype=\"https:\/\/schema.org\/BlogPosting\" itemprop=\"blogPost\" ><div class='avia_textblock'  itemprop=\"text\" >\r\n<div class=\"flex_column av_one_full flex_column_div av-zero-column-padding first avia-builder-el-first\">\r\n    <section class=\"av_textblock_section \" itemscope=\"itemscope\"\r\n             itemtype=\"https:\/\/schema.org\/CreativeWork\">\r\n        <div class=\"avia_textblock\" itemprop=\"text\">\r\n            Die besten Routentipps        <\/div>\r\n    <\/section>\r\n    <div class=\"route-breaker-items\">\r\n                    <div class=\"route-breaker-item\">\r\n                <a href=\"https:\/\/www.tuicamper.com\/routen\/italien-routen\/bologna-rundreise-durch-norditalien\/\">\r\n                                            <div\r\n                                class=\"route-breaker-item-thumbnail\"\r\n                                style=\"background-image: url(https:\/\/www.tuicamper.com\/wp-docker\/wp-content\/uploads\/2023\/05\/Skyline-Bologna-400x200.jpg);\"\r\n                        ><\/div>\r\n                                        <span>Bologna-Rundreise: Mit dem Camper durch Norditalien<\/span>\r\n                <\/a>\r\n            <\/div>\r\n                    <div class=\"route-breaker-item\">\r\n                <a href=\"https:\/\/www.tuicamper.com\/routen\/italien-routen\/rom-rundreise\/\">\r\n                                            <div\r\n                                class=\"route-breaker-item-thumbnail\"\r\n                                style=\"background-image: url(https:\/\/www.tuicamper.com\/wp-docker\/wp-content\/uploads\/2022\/11\/rom-panorama-400x200.jpg);\"\r\n                        ><\/div>\r\n                                        <span>Rom Rundreise \u2013 Kultur, Kunst &#038; Traumstr\u00e4nde<\/span>\r\n                <\/a>\r\n            <\/div>\r\n                    <div class=\"route-breaker-item\">\r\n                <a href=\"https:\/\/www.tuicamper.com\/routen\/italien-routen\/toskana-rundreise\/\">\r\n                                            <div\r\n                                class=\"route-breaker-item-thumbnail\"\r\n                                style=\"background-image: url(https:\/\/www.tuicamper.com\/wp-docker\/wp-content\/uploads\/2023\/06\/Florenmz_panorama-e1687335583718-400x200.jpg);\"\r\n                        ><\/div>\r\n                                        <span>Toskana-Rundreise mit dem Wohnmobil<\/span>\r\n                <\/a>\r\n            <\/div>\r\n                    <\/div>\r\n            <div class=\"route-breaker-countries-footer mode-footer_inline\">\r\n            <div><p>Alle Routen f\u00fcr:<\/p><\/div>\r\n            <div>\r\n                                    <a href=\"https:\/\/www.tuicamper.com\/routen\/italien-routen\/\">\r\n                                                    <img decoding=\"async\" src=\"https:\/\/www.tuicamper.com\/wp-docker\/wp-content\/uploads\/2022\/04\/it-circle.png\" alt=\"Italien\">\r\n                                                Italien                    <\/a>\r\n                            <\/div>\r\n        <\/div>\r\n                <div class=\"route-breaker-countries-footer mode-overview no-border\">\r\n            <p><i class=\"tui-cars-icon tuicars-icon-arrow-left\"><\/i><a href=\"https:\/\/www.tuicamper.com\/routen\/\">Zur Routen-\u00dcbersicht<\/a><\/p>\r\n        <\/div>\r\n    <\/div>\r\n\n<\/div><\/section>\n<\/div><\/div><\/div><!-- close content main div --><\/div><\/div><div id='after_section_10'  class='main_color av_default_container_wrap container_wrap sidebar_right'  ><div class='container av-section-cont-open' ><div class='template-page content  av-content-small alpha units'><div class='post-entry post-entry-type-page post-entry-97995'><div class='entry-content-wrapper clearfix'>\n<\/div><\/div><\/div><!-- close content main div --><\/div><\/div><div id='av_section_11'  class='avia-section av-3y3vc7f-79e064ddd0b5fde28186b68b48143d16 main_color avia-section-default avia-no-border-styling  avia-builder-el-4  el_after_av_textblock  el_before_av_section  reduced-content avia-bg-style-scroll container_wrap sidebar_right'  ><div class='container av-section-cont-open' ><div class='template-page content  av-content-small alpha units'><div class='post-entry post-entry-type-page post-entry-97995'><div class='entry-content-wrapper clearfix'>\n\n<style type=\"text\/css\" data-created_by=\"avia_inline_auto\" id=\"style-css-av-cey2a3-deece716343c29cdac5129d0e0e8b757\">\n.flex_column.av-cey2a3-deece716343c29cdac5129d0e0e8b757{\nborder-radius:0px 0px 0px 0px;\npadding:0px 0px 0px 0px;\n}\n<\/style>\n<div  class='flex_column av-cey2a3-deece716343c29cdac5129d0e0e8b757 av_one_full first flex_column_div av-zero-column-padding  '     ><section  class='av_textblock_section av-2uf15ij-3d2bf41f58d60ddb60307644cf10e0ff '   itemscope=\"itemscope\" itemtype=\"https:\/\/schema.org\/BlogPosting\" itemprop=\"blogPost\" ><div class='avia_textblock'  itemprop=\"text\" ><h2>Geheimtipp: Toskana im Winter erleben<\/h2>\n<p>Die \u00fcberwiegende Mehrzahl der Touristen besuchen die Toskana zwischen Fr\u00fchling und Herbst. Die h\u00f6heren Niederschl\u00e4ge und niedrigeren Temperaturen im Winter schrecken dagegen viele Menschen ab. Darin liegt eine echte Chance. Denn gerade zwischen Dezember und Februar ist eine Tour durch die Toskana etwas ganz Besonderes. Zum einen pr\u00e4sentieren sich selbst so beliebte St\u00e4dte wie Florenz, deren Renaissance-Meisterwerke Weltruf genie\u00dfen, angenehm ruhig. Damit ist der Winter die ideale Reisezeit, um die einzigartigen kulturellen Sch\u00e4tze der Toskana abseits der Menschenmassen kennenzulernen. Gerade rund um die Weihnachtszeit erstrahlen dabei auch die kleineren toskanischen St\u00e4dte und Ortschaften in einem zauberhaften Lichterglanz.<\/p>\n<p>Zum anderen kann die Camper-Tour durch die Toskana im Winter mit einem Ski-Urlaub verbunden werden. Zwischen Dezember und Februar sind die toskanischen Skigebiete sehr beliebt.<\/p>\n<p>Zudem findet den gesamten Winter hindurch die Olivenernte statt. Helfer sind vor Ort gerne gesehen \u2013 und sei es auch nur f\u00fcr ein paar Stunden. Viele Olivenbauern bieten Helfern sogar kostenfreie Stellpl\u00e4tze an, wenn sie mit anpacken. Aber auch auf den Campingpl\u00e4tzen sind die Preise deutlich g\u00fcnstiger als zur Hauptsaison.<\/p>\n<\/div><\/section><\/div>\n\n<\/div><\/div><\/div><!-- close content main div --><\/div><\/div><div id='av_section_12'  class='avia-section av-8hd6mj-f39f092b263f5382b987b3552c81514a main_color avia-section-default avia-no-border-styling  avia-builder-el-6  el_after_av_section  el_before_av_section  reduced-content avia-bg-style-scroll container_wrap sidebar_right'  ><div class='container av-section-cont-open' ><div class='template-page content  av-content-small alpha units'><div class='post-entry post-entry-type-page post-entry-97995'><div class='entry-content-wrapper clearfix'>\n<div  class='avia-button-wrap av-2a8qgnf-8b5b851532356430b7ff93e9820761cb-wrap avia-button-center '><a href='https:\/\/www.tuicamper.com\/reiseziele\/europa\/italien\/'  class='avia-button av-2a8qgnf-8b5b851532356430b7ff93e9820761cb av-link-btn avia-icon_select-yes-right-icon avia-size-large avia-position-center avia-color-theme-color'   aria-label=\"Jetzt Wohnmobil mieten f\u00fcr Italien\"><span class='avia_iconbox_title' >Jetzt Wohnmobil mieten f\u00fcr Italien<\/span><span class='avia_button_icon avia_button_icon_right avia-iconfont avia-font-entypo-fontello' data-av_icon='\ue875' data-av_iconfont='entypo-fontello' ><\/span><\/a><\/div>\n\n<style type=\"text\/css\" data-created_by=\"avia_inline_auto\" id=\"style-css-av-1o0hqgb-9a8d854e5d40f878170f366a9136d1c4\">\n.flex_column.av-1o0hqgb-9a8d854e5d40f878170f366a9136d1c4{\nborder-radius:0px 0px 0px 0px;\npadding:0px 0px 0px 0px;\n}\n<\/style>\n<div  class='flex_column av-1o0hqgb-9a8d854e5d40f878170f366a9136d1c4 av_one_full  avia-builder-el-7  avia-builder-el-no-sibling  first flex_column_div av-zero-column-padding  '     ><style type=\"text\/css\" data-created_by=\"avia_inline_auto\" id=\"style-css-av-1de7ax7-0e3a7ca736a47662afd60be01cd7e697\">\n#top .av_textblock_section.av-1de7ax7-0e3a7ca736a47662afd60be01cd7e697 .avia_textblock{\nfont-size:28px;\n}\n<\/style>\n<section  class='av_textblock_section av-1de7ax7-0e3a7ca736a47662afd60be01cd7e697 '   itemscope=\"itemscope\" itemtype=\"https:\/\/schema.org\/BlogPosting\" itemprop=\"blogPost\" ><div class='avia_textblock'  itemprop=\"text\" ><p><strong>Ihr TUI CAMPER-Team w\u00fcnscht Ihnen einen vielseitigen Wohnmobil-Urlaub in der Toskana!<\/strong><\/p>\n<\/div><\/section><\/div><div  class='av-social-sharing-box av-r7ml7v-d69d3f8531c3ae1c1a916c0ba17780cc av-social-sharing-box-default av-social-sharing-box-fullwidth'><div class=\"av-share-box\"><ul class=\"av-share-box-list noLightbox\"><li class='av-share-link av-social-link-facebook avia_social_iconfont' ><a target=\"_blank\" aria-label=\"Teilen auf Facebook\" href='https:\/\/www.facebook.com\/sharer.php?u=https:\/\/www.tuicamper.com\/magazin\/wohnmobil-sizilien\/&#038;t=Wohnmobil%20Sizilien%20%E2%80%93%20Highlights%20f%C3%BCr%20eine%20Camper-Rundreise' data-av_icon='\ue8f3' data-av_iconfont='entypo-fontello'  title='' data-avia-related-tooltip='Teilen auf Facebook'><span class='avia_hidden_link_text'>Teilen auf Facebook<\/span><\/a><\/li><li class='av-share-link av-social-link-twitter avia_social_iconfont' ><a target=\"_blank\" aria-label=\"Teilen auf X\" href='https:\/\/twitter.com\/share?text=Wohnmobil%20Sizilien%20%E2%80%93%20Highlights%20f%C3%BCr%20eine%20Camper-Rundreise&#038;url=https:\/\/www.tuicamper.com\/magazin\/wohnmobil-sizilien\/' data-av_icon='\ue932' data-av_iconfont='entypo-fontello'  title='' data-avia-related-tooltip='Teilen auf X'><span class='avia_hidden_link_text'>Teilen auf X<\/span><\/a><\/li><li class='av-share-link av-social-link-whatsapp avia_social_iconfont' ><a target=\"_blank\" aria-label=\"Teilen auf WhatsApp\" href='https:\/\/api.whatsapp.com\/send?text=https:\/\/www.tuicamper.com\/magazin\/wohnmobil-sizilien\/' data-av_icon='\uf232' data-av_iconfont='entypo-fontello'  title='' data-avia-related-tooltip='Teilen auf WhatsApp'><span class='avia_hidden_link_text'>Teilen auf WhatsApp<\/span><\/a><\/li><li class='av-share-link av-social-link-pinterest avia_social_iconfont' ><a target=\"_blank\" aria-label=\"Teilen auf Pinterest\" href='https:\/\/pinterest.com\/pin\/create\/button\/?url=https%3A%2F%2Fwww.tuicamper.com%2Fmagazin%2Fwohnmobil-sizilien%2F&#038;description=Wohnmobil%20Sizilien%20%E2%80%93%20Highlights%20f%C3%BCr%20eine%20Camper-Rundreise&#038;media=https%3A%2F%2Fwww.tuicamper.com%2Fwp-docker%2Fwp-content%2Fuploads%2F2019%2F05%2Fwohnmobil-sizilien-705x269.jpg' data-av_icon='\ue8f8' data-av_iconfont='entypo-fontello'  title='' data-avia-related-tooltip='Teilen auf Pinterest'><span class='avia_hidden_link_text'>Teilen auf Pinterest<\/span><\/a><\/li><li class='av-share-link av-social-link-mail avia_social_iconfont' ><a  aria-label=\"Per E-Mail teilen\" href='mailto:?subject=Wohnmobil%20Sizilien%20%E2%80%93%20Highlights%20f%C3%BCr%20eine%20Camper-Rundreise&#038;body=https:\/\/www.tuicamper.com\/magazin\/wohnmobil-sizilien\/' data-av_icon='\ue805' data-av_iconfont='entypo-fontello'  title='' data-avia-related-tooltip='Per E-Mail teilen'><span class='avia_hidden_link_text'>Per E-Mail teilen<\/span><\/a><\/li><\/ul><\/div><\/div>\n\n","protected":false},"excerpt":{"rendered":"<p>Durch idyllische Landschaften wandern? Historische St\u00e4dtejuwelen entdecken? Entspannt im Meer baden? Alles Wissenswerte zur besten Reisezeit f\u00fcr die Toskana!<\/p>\n","protected":false},"author":5,"featured_media":98000,"comment_status":"open","ping_status":"open","sticky":false,"template":"","format":"standard","meta":{"footnotes":""},"categories":[29],"tags":[69,53,19],"class_list":["post-97995","post","type-post","status-publish","format-standard","has-post-thumbnail","hentry","category-reisezeit","tag-italien","tag-kultur","tag-sommer"],"yoast_head":"<!-- This site is optimized with the Yoast SEO plugin v27.4 - https:\/\/yoast.com\/product\/yoast-seo-wordpress\/ -->\n<title>Beste Reisezeit Toskana \u2013 unterwegs mit dem Wohnmobil - TUI CAMPER<\/title>\n<meta name=\"description\" content=\"Mit dem Camper durch die Toskana: Tipps zur besten Reisezeit f\u00fcr: Wandern \u2713 Sightseeing \u2713 Badeurlaub \u2713 Jetzt mehr erfahren!\" \/>\n<meta name=\"robots\" content=\"index, follow, max-snippet:-1, max-image-preview:large, max-video-preview:-1\" \/>\n<link rel=\"canonical\" href=\"https:\/\/www.tuicamper.com\/magazin\/beste-reisezeit-toskana\/\" \/>\n<meta property=\"og:locale\" content=\"de_DE\" \/>\n<meta property=\"og:type\" content=\"article\" \/>\n<meta property=\"og:title\" content=\"Beste Reisezeit Toskana \u2013 unterwegs mit dem Wohnmobil - TUI CAMPER\" \/>\n<meta property=\"og:description\" content=\"Mit dem Camper durch die Toskana: Tipps zur besten Reisezeit f\u00fcr: Wandern \u2713 Sightseeing \u2713 Badeurlaub \u2713 Jetzt mehr erfahren!\" \/>\n<meta property=\"og:url\" content=\"https:\/\/www.tuicamper.com\/magazin\/beste-reisezeit-toskana\/\" \/>\n<meta property=\"og:site_name\" content=\"TUI Camper Magazin\" \/>\n<meta property=\"article:published_time\" content=\"2025-02-14T09:02:34+00:00\" \/>\n<meta property=\"og:image\" content=\"https:\/\/www.tuicamper.com\/wp-docker\/wp-content\/uploads\/2025\/02\/toskana-reisezeit-header.jpg\" \/>\n\t<meta property=\"og:image:width\" content=\"1280\" \/>\n\t<meta property=\"og:image:height\" content=\"492\" \/>\n\t<meta property=\"og:image:type\" content=\"image\/jpeg\" \/>\n<meta name=\"author\" content=\"Olli\" \/>\n<meta name=\"twitter:card\" content=\"summary_large_image\" \/>\n<meta name=\"twitter:label1\" content=\"Verfasst von\" \/>\n\t<meta name=\"twitter:data1\" content=\"Olli\" \/>\n\t<meta name=\"twitter:label2\" content=\"Gesch\u00e4tzte Lesezeit\" \/>\n\t<meta name=\"twitter:data2\" content=\"7\u00a0Minuten\" \/>\n<!-- \/ Yoast SEO plugin. -->","yoast_head_json":{"title":"Beste Reisezeit Toskana \u2013 unterwegs mit dem Wohnmobil - TUI CAMPER","description":"Mit dem Camper durch die Toskana: Tipps zur besten Reisezeit f\u00fcr: Wandern \u2713 Sightseeing \u2713 Badeurlaub \u2713 Jetzt mehr erfahren!","robots":{"index":"index","follow":"follow","max-snippet":"max-snippet:-1","max-image-preview":"max-image-preview:large","max-video-preview":"max-video-preview:-1"},"canonical":"https:\/\/www.tuicamper.com\/magazin\/beste-reisezeit-toskana\/","og_locale":"de_DE","og_type":"article","og_title":"Beste Reisezeit Toskana \u2013 unterwegs mit dem Wohnmobil - TUI CAMPER","og_description":"Mit dem Camper durch die Toskana: Tipps zur besten Reisezeit f\u00fcr: Wandern \u2713 Sightseeing \u2713 Badeurlaub \u2713 Jetzt mehr erfahren!","og_url":"https:\/\/www.tuicamper.com\/magazin\/beste-reisezeit-toskana\/","og_site_name":"TUI Camper Magazin","article_published_time":"2025-02-14T09:02:34+00:00","og_image":[{"width":1280,"height":492,"url":"https:\/\/www.tuicamper.com\/wp-docker\/wp-content\/uploads\/2025\/02\/toskana-reisezeit-header.jpg","type":"image\/jpeg"}],"author":"Olli","twitter_card":"summary_large_image","twitter_misc":{"Verfasst von":"Olli","Gesch\u00e4tzte Lesezeit":"7\u00a0Minuten"},"schema":{"@context":"https:\/\/schema.org","@graph":[{"@type":"Article","@id":"https:\/\/www.tuicamper.com\/magazin\/beste-reisezeit-toskana\/#article","isPartOf":{"@id":"https:\/\/www.tuicamper.com\/magazin\/beste-reisezeit-toskana\/"},"author":{"name":"Olli","@id":"https:\/\/www.tuicamper.com\/wp-docker\/#\/schema\/person\/98975e733813f701672fd75ef9df8b69"},"headline":"Beste Reisezeit Toskana: Mit dem Wohnmobil durch die Kulturlandschaft","datePublished":"2025-02-14T09:02:34+00:00","mainEntityOfPage":{"@id":"https:\/\/www.tuicamper.com\/magazin\/beste-reisezeit-toskana\/"},"wordCount":4549,"commentCount":0,"image":{"@id":"https:\/\/www.tuicamper.com\/magazin\/beste-reisezeit-toskana\/#primaryimage"},"thumbnailUrl":"https:\/\/www.tuicamper.com\/wp-docker\/wp-content\/uploads\/2025\/02\/toskana-reisezeit-header.jpg","keywords":["Italien","Kultur","Sommer"],"articleSection":["Reisezeit"],"inLanguage":"de","potentialAction":[{"@type":"CommentAction","name":"Comment","target":["https:\/\/www.tuicamper.com\/magazin\/beste-reisezeit-toskana\/#respond"]}]},{"@type":"WebPage","@id":"https:\/\/www.tuicamper.com\/magazin\/beste-reisezeit-toskana\/","url":"https:\/\/www.tuicamper.com\/magazin\/beste-reisezeit-toskana\/","name":"Beste Reisezeit Toskana \u2013 unterwegs mit dem Wohnmobil - TUI CAMPER","isPartOf":{"@id":"https:\/\/www.tuicamper.com\/#website"},"primaryImageOfPage":{"@id":"https:\/\/www.tuicamper.com\/magazin\/beste-reisezeit-toskana\/#primaryimage"},"image":{"@id":"https:\/\/www.tuicamper.com\/magazin\/beste-reisezeit-toskana\/#primaryimage"},"thumbnailUrl":"https:\/\/www.tuicamper.com\/wp-content\/uploads\/2025\/02\/toskana-reisezeit-header.jpg","datePublished":"2025-02-14T09:02:34+00:00","author":{"@id":"https:\/\/www.tuicamper.com\/#\/schema\/person\/98975e733813f701672fd75ef9df8b69"},"description":"Mit dem Camper durch die Toskana: Tipps zur besten Reisezeit f\u00fcr: Wandern \u2713 Sightseeing \u2713 Badeurlaub \u2713 Jetzt mehr erfahren!","breadcrumb":{"@id":"https:\/\/www.tuicamper.com\/magazin\/beste-reisezeit-toskana\/#breadcrumb"},"inLanguage":"de","potentialAction":["Array"]},{"@type":"ImageObject","inLanguage":"de","@id":"https:\/\/www.tuicamper.com\/magazin\/beste-reisezeit-toskana\/#primaryimage","url":"https:\/\/www.tuicamper.com\/wp-docker\/wp-content\/uploads\/2025\/02\/toskana-reisezeit-header.jpg","contentUrl":"https:\/\/www.tuicamper.com\/wp-docker\/wp-content\/uploads\/2025\/02\/toskana-reisezeit-header.jpg","width":1280,"height":492,"caption":"Blick auf die typische Landschaft der Toskana"},{"@type":"BreadcrumbList","@id":"https:\/\/www.tuicamper.com\/magazin\/beste-reisezeit-toskana\/#breadcrumb","itemListElement":[{"@type":"ListItem","position":1,"name":"Startseite","item":"https:\/\/www.tuicamper.com\/wp-docker\/"},{"@type":"ListItem","position":2,"name":"Beste Reisezeit Toskana: Mit dem Wohnmobil durch die Kulturlandschaft"}]},{"@type":"WebSite","@id":"https:\/\/www.tuicamper.com\/#website","url":"https:\/\/www.tuicamper.com\/","name":"TUI Camper Magazin","description":"","potentialAction":["Array"],"inLanguage":"de"},{"@type":"Person","@id":"https:\/\/www.tuicamper.com\/wp-docker\/#\/schema\/person\/98975e733813f701672fd75ef9df8b69","name":"Olli","image":{"@type":"ImageObject","inLanguage":"de","@id":"https:\/\/secure.gravatar.com\/avatar\/4529b17b9a4dec34d38f705f89e1db8c906d30537b64d795d775d528c07951ff?s=96&d=mm&r=g","url":"https:\/\/secure.gravatar.com\/avatar\/4529b17b9a4dec34d38f705f89e1db8c906d30537b64d795d775d528c07951ff?s=96&d=mm&r=g","contentUrl":"https:\/\/secure.gravatar.com\/avatar\/4529b17b9a4dec34d38f705f89e1db8c906d30537b64d795d775d528c07951ff?s=96&d=mm&r=g","caption":"Olli"},"url":"https:\/\/www.tuicamper.com\/wp-docker\/magazin\/author\/olli\/"}]}},"_links":{"self":[{"href":"https:\/\/www.tuicamper.com\/wp-docker\/wp-json\/wp\/v2\/posts\/97995","targetHints":{"allow":["GET"]}}],"collection":[{"href":"https:\/\/www.tuicamper.com\/wp-docker\/wp-json\/wp\/v2\/posts"}],"about":[{"href":"https:\/\/www.tuicamper.com\/wp-docker\/wp-json\/wp\/v2\/types\/post"}],"author":[{"embeddable":true,"href":"https:\/\/www.tuicamper.com\/wp-docker\/wp-json\/wp\/v2\/users\/5"}],"replies":[{"embeddable":true,"href":"https:\/\/www.tuicamper.com\/wp-docker\/wp-json\/wp\/v2\/comments?post=97995"}],"version-history":[{"count":8,"href":"https:\/\/www.tuicamper.com\/wp-docker\/wp-json\/wp\/v2\/posts\/97995\/revisions"}],"predecessor-version":[{"id":98006,"href":"https:\/\/www.tuicamper.com\/wp-docker\/wp-json\/wp\/v2\/posts\/97995\/revisions\/98006"}],"wp:featuredmedia":[{"embeddable":true,"href":"https:\/\/www.tuicamper.com\/wp-docker\/wp-json\/wp\/v2\/media\/98000"}],"wp:attachment":[{"href":"https:\/\/www.tuicamper.com\/wp-docker\/wp-json\/wp\/v2\/media?parent=97995"}],"wp:term":[{"taxonomy":"category","embeddable":true,"href":"https:\/\/www.tuicamper.com\/wp-docker\/wp-json\/wp\/v2\/categories?post=97995"},{"taxonomy":"post_tag","embeddable":true,"href":"https:\/\/www.tuicamper.com\/wp-docker\/wp-json\/wp\/v2\/tags?post=97995"}],"curies":[{"name":"wp","href":"https:\/\/api.w.org\/{rel}","templated":true}]}}