{"id":97017,"date":"2025-01-30T17:39:06","date_gmt":"2025-01-30T16:39:06","guid":{"rendered":"https:\/\/www.tuicamper.com\/?p=97017"},"modified":"2025-01-30T17:39:06","modified_gmt":"2025-01-30T16:39:06","slug":"ein-wohnmobil-fuers-festival-mieten","status":"publish","type":"post","link":"https:\/\/www.tuicamper.com\/magazin\/ein-wohnmobil-fuers-festival-mieten\/","title":{"rendered":"Ein Wohnmobil f\u00fcrs Festival mieten? Das m\u00fcssen Sie beachten!"},"content":{"rendered":"<div id='av_section_1'  class='avia-section av-ytk3znd-1d2ae553d4ab0342714a7c5bc6b516e4 main_color avia-section-default avia-no-border-styling  avia-builder-el-0  el_before_av_textblock  avia-builder-el-first  reduced-content avia-bg-style-scroll container_wrap sidebar_right'  ><div class='container av-section-cont-open' ><main  role=\"main\" itemprop=\"mainContentOfPage\"  class='template-page content  av-content-small alpha units'><div class='post-entry post-entry-type-page post-entry-97017'><div class='entry-content-wrapper clearfix'>\n\n<style type=\"text\/css\" data-created_by=\"avia_inline_auto\" id=\"style-css-av-y78rt3t-d990ce04396e0a2c2ab0012058d4e142\">\n.flex_column.av-y78rt3t-d990ce04396e0a2c2ab0012058d4e142{\nborder-radius:0px 0px 0px 0px;\npadding:0px 0px 0px 0px;\n}\n<\/style>\n<div  class='flex_column av-y78rt3t-d990ce04396e0a2c2ab0012058d4e142 av_one_full  avia-builder-el-1  avia-builder-el-no-sibling  first flex_column_div av-zero-column-padding  '     ><section  class='av_textblock_section av-xmncph5-09768c8cd9ba1e60efd6ac705349a105 '   itemscope=\"itemscope\" itemtype=\"https:\/\/schema.org\/BlogPosting\" itemprop=\"blogPost\" ><div class='avia_textblock'  itemprop=\"text\" ><p>Festival-Besuche hei\u00dfen: ausgelassen mit Freunden feiern, neue Menschen kennenlernen, stundenlang ganz im Beat der Lieblingsband versinken. Allzu oft aber auch: knietief im Matsch waten, drei Tage lang Dosen-Ravioli essen und im stickigen Zelt um Schlaf ringen. Unvermeidlich? Nicht unbedingt, denn es geht auch anders. Mit dem eigenen Wohnmobil wird der n\u00e4chste Festival-Besuch um L\u00e4ngen komfortabler. Wir zeigen Ihnen, was Sie wissen m\u00fcssen, wenn Sie ein Wohnmobil f\u00fcrs Festival mieten wollen.<\/p>\n<\/div><\/section><\/div>\n<\/div><\/div><\/main><!-- close content main element --><\/div><\/div><div id='after_section_1'  class='main_color av_default_container_wrap container_wrap sidebar_right'  ><div class='container av-section-cont-open' ><div class='template-page content  av-content-small alpha units'><div class='post-entry post-entry-type-page post-entry-97017'><div class='entry-content-wrapper clearfix'>\n<section  class='av_textblock_section av-xbis9o9-146e3ff5274fb59fd01739ff15df9368 '   itemscope=\"itemscope\" itemtype=\"https:\/\/schema.org\/BlogPosting\" itemprop=\"blogPost\" ><div class='avia_textblock'  itemprop=\"text\" >\n<\/div><\/section>\n<\/div><\/div><\/div><!-- close content main div --><\/div><\/div><div id='av_section_2'  class='avia-section av-wvlhza1-b23125b979d22c65dcecf53b5e88e508 main_color avia-section-default avia-no-border-styling  avia-builder-el-4  el_after_av_textblock  el_before_av_section  reduced-content avia-bg-style-scroll container_wrap sidebar_right'  ><div class='container av-section-cont-open' ><div class='template-page content  av-content-small alpha units'><div class='post-entry post-entry-type-page post-entry-97017'><div class='entry-content-wrapper clearfix'>\n<section  class='av_textblock_section av-wfbevdl-172faa2f2b3745e96dd2d5309a1f3aac '   itemscope=\"itemscope\" itemtype=\"https:\/\/schema.org\/BlogPosting\" itemprop=\"blogPost\" ><div class='avia_textblock'  itemprop=\"text\" ><div id=\"js-table-of-contents\">\r\n    <strong>Inhaltsverzeichnis<\/strong>\r\n<\/div>\n<\/div><\/section>\n\n<\/div><\/div><\/div><!-- close content main div --><\/div><\/div><div id='av_section_3'  class='avia-section av-vtg3909-40040b4c5aa47fab55160abdc6ec5db4 main_color avia-section-default avia-no-border-styling  avia-builder-el-6  el_after_av_section  el_before_av_section  reduced-content avia-bg-style-scroll container_wrap sidebar_right'  ><div class='container av-section-cont-open' ><div class='template-page content  av-content-small alpha units'><div class='post-entry post-entry-type-page post-entry-97017'><div class='entry-content-wrapper clearfix'>\n\n<style type=\"text\/css\" data-created_by=\"avia_inline_auto\" id=\"style-css-av-352xfmh-0017fb8dca937f4a98c2612c010b730b\">\n.flex_column.av-352xfmh-0017fb8dca937f4a98c2612c010b730b{\nborder-radius:0px 0px 0px 0px;\npadding:0px 0px 0px 0px;\n}\n<\/style>\n<div  class='flex_column av-352xfmh-0017fb8dca937f4a98c2612c010b730b av_one_full  avia-builder-el-7  avia-builder-el-no-sibling  first flex_column_div av-zero-column-padding  '     ><section  class='av_textblock_section av-v3t5315-6d075253b64cee7d03728a706612b5d4 '   itemscope=\"itemscope\" itemtype=\"https:\/\/schema.org\/BlogPosting\" itemprop=\"blogPost\" ><div class='avia_textblock'  itemprop=\"text\" ><h2>Mit dem Wohnmobil zum Festival? Das spricht daf\u00fcr<\/h2>\n<p>Keine Lust, beim n\u00e4chsten Festival-Besuch schon wieder auf jedweden Komfort zu verzichten? Dann spricht so einiges daf\u00fcr, sich einen Camper f\u00fcrs n\u00e4chste Festival zu mieten. Die wichtigsten Vorteile:<\/p>\n<ul>\n<li>Wer auf einem Festival schonmal einen heftigen Sommerregenguss erlebt hat, wei\u00df, wie schnell das gesamte Gel\u00e4nde zur einzigen Matschpf\u00fctze werden kann \u2013 und wie schnell sich Dreck und Feuchtigkeit ins Zeltinnere ziehen. Wie angenehm ist im Vergleich doch ein <strong>trockenes Bett <\/strong>im Wohnmobil.<\/li>\n<li>Viele Wohnmobile bieten eine eigene Kochnische sowie einen kleinen K\u00fchlschrank. Statt Dosenfutter und halbgare Nudeln gibt es daher <strong>echte Mahlzeiten<\/strong>! Gut zu wissen: In unserem Magazin haben wir die besten Camping-Rezepte f\u00fcr Sie zusammengestellt.<\/li>\n<li>Der Vorteil, \u00fcber den sich nicht streiten l\u00e4sst: Im Wohnmobil warten <strong>eine eigene Dusche und Toilette<\/strong> auf Sie. Beides ist auf einem vielbesuchten Festival einfach Luxus pur.<\/li>\n<li>Eben mal schnell das <strong>Handy laden<\/strong>? Mitten auf dem Festival-Gel\u00e4nde gar nicht so leicht. Im gemieteten Camper dagegen kein Problem.<\/li>\n<\/ul>\n<\/div><\/section><\/div>\n\n<\/div><\/div><\/div><!-- close content main div --><\/div><\/div><div id='av_section_4'  class='avia-section av-uf86dg9-b02c0361dad6ebe87ba29d15ffbeeeb0 main_color avia-section-default avia-no-border-styling  avia-builder-el-9  el_after_av_section  el_before_av_section  reduced-content avia-bg-style-scroll container_wrap sidebar_right'  ><div class='container av-section-cont-open' ><div class='template-page content  av-content-small alpha units'><div class='post-entry post-entry-type-page post-entry-97017'><div class='entry-content-wrapper clearfix'>\n\n<style type=\"text\/css\" data-created_by=\"avia_inline_auto\" id=\"style-css-av-u4xqgux-7c85ab2d23124d6a4a3a207064354c62\">\n.avia-image-container.av-u4xqgux-7c85ab2d23124d6a4a3a207064354c62 img.avia_image{\nbox-shadow:none;\n}\n.avia-image-container.av-u4xqgux-7c85ab2d23124d6a4a3a207064354c62 .av-caption-image-overlay-bg{\nopacity:0.4;\nbackground-color:#000000;\n}\n.avia-image-container.av-u4xqgux-7c85ab2d23124d6a4a3a207064354c62 .av-image-caption-overlay-center{\ncolor:#ffffff;\n}\n<\/style>\n<div  class='avia-image-container av-u4xqgux-7c85ab2d23124d6a4a3a207064354c62 av-styling- av-img-linked avia_animated_image av-animated-when-visible-95 fade-in avia-align-center  avia-builder-el-10  el_before_av_hr  avia-builder-el-first  noHover av-overlay-on-hover'   itemprop=\"image\" itemscope=\"itemscope\" itemtype=\"https:\/\/schema.org\/ImageObject\" ><div class=\"avia-image-container-inner\"><div class=\"avia-image-overlay-wrap\"><a href=\"https:\/\/www.tuicamper.com\/wp-docker\/wp-content\/uploads\/2025\/01\/wohnmobil-festival-mieten-1030x644.jpg\" data-srcset=\"https:\/\/www.tuicamper.com\/wp-docker\/wp-content\/uploads\/2025\/01\/wohnmobil-festival-mieten-1030x644.jpg 1030w, https:\/\/www.tuicamper.com\/wp-docker\/wp-content\/uploads\/2025\/01\/wohnmobil-festival-mieten-300x188.jpg 300w, https:\/\/www.tuicamper.com\/wp-docker\/wp-content\/uploads\/2025\/01\/wohnmobil-festival-mieten-768x480.jpg 768w, https:\/\/www.tuicamper.com\/wp-docker\/wp-content\/uploads\/2025\/01\/wohnmobil-festival-mieten-705x441.jpg 705w, https:\/\/www.tuicamper.com\/wp-docker\/wp-content\/uploads\/2025\/01\/wohnmobil-festival-mieten.jpg 1440w\" data-sizes=\"(max-width: 1030px) 100vw, 1030px\" class='avia_image '  aria-label='Wohnmobil f\u00fcrs Festival mieten'><div class=\"av-image-caption-overlay\"><div class=\"av-caption-image-overlay-bg\"><\/div><div class=\"av-image-caption-overlay-position\"><div class=\"av-image-caption-overlay-center\"><\/div><\/div><\/div><img decoding=\"async\" fetchpriority=\"high\" class='wp-image-97031 avia-img-lazy-loading-not-97031 avia_image ' src=\"https:\/\/www.tuicamper.com\/wp-docker\/wp-content\/uploads\/2025\/01\/wohnmobil-festival-mieten-845x684.jpg\" alt='' title='Wohnmobil f\u00fcrs Festival mieten'  height=\"684\" width=\"845\"  itemprop=\"thumbnailUrl\" srcset=\"https:\/\/www.tuicamper.com\/wp-docker\/wp-content\/uploads\/2025\/01\/wohnmobil-festival-mieten-845x684.jpg 845w, https:\/\/www.tuicamper.com\/wp-docker\/wp-content\/uploads\/2025\/01\/wohnmobil-festival-mieten-495x400.jpg 495w\" sizes=\"(max-width: 845px) 100vw, 845px\" \/><\/a><\/div><\/div><\/div>\n\n<style type=\"text\/css\" data-created_by=\"avia_inline_auto\" id=\"style-css-av-tgwlhq1-9c2c32eea2cc0cb4c570cd12c53bfdef\">\n#top .hr.hr-invisible.av-tgwlhq1-9c2c32eea2cc0cb4c570cd12c53bfdef{\nheight:25px;\n}\n<\/style>\n<div  class='hr av-tgwlhq1-9c2c32eea2cc0cb4c570cd12c53bfdef hr-invisible  avia-builder-el-11  el_after_av_image  avia-builder-el-last '><span class='hr-inner '><span class=\"hr-inner-style\"><\/span><\/span><\/div>\n\n<\/div><\/div><\/div><!-- close content main div --><\/div><\/div><div id='av_section_5'  class='avia-section av-te8x4t5-18ad4a1b7a01a0e1794af9bc9a711ed2 main_color avia-section-default avia-no-border-styling  avia-builder-el-12  el_after_av_section  el_before_av_section  reduced-content avia-bg-style-scroll container_wrap sidebar_right'  ><div class='container av-section-cont-open' ><div class='template-page content  av-content-small alpha units'><div class='post-entry post-entry-type-page post-entry-97017'><div class='entry-content-wrapper clearfix'>\n\n<style type=\"text\/css\" data-created_by=\"avia_inline_auto\" id=\"style-css-av-sjm6255-7ff356a6448094d5992754859acd32c4\">\n.flex_column.av-sjm6255-7ff356a6448094d5992754859acd32c4{\nborder-radius:0px 0px 0px 0px;\npadding:0px 0px 0px 0px;\n}\n<\/style>\n<div  class='flex_column av-sjm6255-7ff356a6448094d5992754859acd32c4 av_one_full  avia-builder-el-13  avia-builder-el-no-sibling  first flex_column_div av-zero-column-padding  '     ><section  class='av_textblock_section av-se9brax-0dd59709f01c688c904908d03a87a5d8 '   itemscope=\"itemscope\" itemtype=\"https:\/\/schema.org\/BlogPosting\" itemprop=\"blogPost\" ><div class='avia_textblock'  itemprop=\"text\" ><h2>Camper f\u00fcrs Festival mieten: Wissenswertes zur Auswahl<\/h2>\n<p>Die Entscheidung ist gefallen: Zum n\u00e4chsten Festival kommen Sie im Camper. Jetzt geht es an die n\u00e4chsten Schritte. Zun\u00e4chst sollten Sie sich klar machen, welche Ausstattungsmerkmale Ihr Wohnmobil haben sollte. Tipp: Achten Sie darauf, dass Ihr Wohnmobil zumindest eine kleine Nasszelle mit Toilette und Dusche hat. Denn der Gewinn an Privatsph\u00e4re ist unbezahlbar! Und auch eine K\u00fcche mit Kochstellen und K\u00fchlschrank, wie sie viele Wohnmobile an Bord haben, macht sich bezahlt. Schon mit einer einfachen Grundausstattung wird das <a href=\"https:\/\/www.tuicamper.com\/magazin\/kochen-im-wohnmobil-tipps-und-tricks-fuer-ihre-camper-kueche\/\">Kochen im Wohnmobil<\/a> zum Kinderspiel \u2013 und das gemeinsame Abendessen nach dem letzten energetischen Konzert noch sch\u00f6ner. Und mit ausfahrbarer Markise k\u00f6nnen Sie auch bei regnerischen Tagen oder bei prallem Sonnenschein entspannt drau\u00dfen essen.<\/p>\n<p>Sch\u00e4tzen Sie dagegen das urspr\u00fcngliche Festival-Erlebnis und w\u00fcnschen sich eigentlich nur ein eigenes, trockenes Bett, ist auch ein kleiner Camper schon ausreichend.<\/p>\n<p><strong>Gut zu wissen<\/strong>: Einige Anbieter m\u00f6chten ihre Wohnmobile nicht f\u00fcr das Fahren zu Festivals zur Verf\u00fcgung stellen. Entsprechende Hinweise finden Sie in der Regel in der Beschreibung zum jeweiligen Fahrzeug oder Partner.<\/p>\n<\/div><\/section><\/div>\n\n<\/div><\/div><\/div><!-- close content main div --><\/div><\/div><div id='av_section_6'  class='avia-section av-2stzt09-2c0e1387cbcefaa372cab363d5e3e8ac main_color avia-section-default avia-no-border-styling  avia-builder-el-15  el_after_av_section  el_before_av_section  reduced-content avia-bg-style-scroll container_wrap sidebar_right'  ><div class='container av-section-cont-open' ><div class='template-page content  av-content-small alpha units'><div class='post-entry post-entry-type-page post-entry-97017'><div class='entry-content-wrapper clearfix'>\n\n<style type=\"text\/css\" data-created_by=\"avia_inline_auto\" id=\"style-css-av-r779puh-1d7c5c40121d0d732abfc462de4b1053\">\n.avia-image-container.av-r779puh-1d7c5c40121d0d732abfc462de4b1053 img.avia_image{\nbox-shadow:none;\n}\n.avia-image-container.av-r779puh-1d7c5c40121d0d732abfc462de4b1053 .av-caption-image-overlay-bg{\nopacity:0.4;\nbackground-color:#000000;\n}\n.avia-image-container.av-r779puh-1d7c5c40121d0d732abfc462de4b1053 .av-image-caption-overlay-center{\ncolor:#ffffff;\n}\n<\/style>\n<div  class='avia-image-container av-r779puh-1d7c5c40121d0d732abfc462de4b1053 av-styling- av-img-linked avia_animated_image av-animated-when-visible-95 fade-in avia-align-center  avia-builder-el-16  el_before_av_hr  avia-builder-el-first  noHover av-overlay-on-hover'   itemprop=\"image\" itemscope=\"itemscope\" itemtype=\"https:\/\/schema.org\/ImageObject\" ><div class=\"avia-image-container-inner\"><div class=\"avia-image-overlay-wrap\"><a href=\"https:\/\/www.tuicamper.com\/wp-docker\/wp-content\/uploads\/2025\/01\/wohnmobil-festival-1030x644.jpg\" data-srcset=\"https:\/\/www.tuicamper.com\/wp-docker\/wp-content\/uploads\/2025\/01\/wohnmobil-festival-1030x644.jpg 1030w, https:\/\/www.tuicamper.com\/wp-docker\/wp-content\/uploads\/2025\/01\/wohnmobil-festival-300x188.jpg 300w, https:\/\/www.tuicamper.com\/wp-docker\/wp-content\/uploads\/2025\/01\/wohnmobil-festival-768x480.jpg 768w, https:\/\/www.tuicamper.com\/wp-docker\/wp-content\/uploads\/2025\/01\/wohnmobil-festival-705x441.jpg 705w, https:\/\/www.tuicamper.com\/wp-docker\/wp-content\/uploads\/2025\/01\/wohnmobil-festival.jpg 1440w\" data-sizes=\"(max-width: 1030px) 100vw, 1030px\" class='avia_image '  aria-label='Mit dem Wohnmobil zum Festival'><div class=\"av-image-caption-overlay\"><div class=\"av-caption-image-overlay-bg\"><\/div><div class=\"av-image-caption-overlay-position\"><div class=\"av-image-caption-overlay-center\"><p>Mit dem Wohnmobil zu den besten Festivals in Deutschland<\/p>\n<\/div><\/div><\/div><img decoding=\"async\" fetchpriority=\"high\" class='wp-image-97033 avia-img-lazy-loading-not-97033 avia_image ' src=\"https:\/\/www.tuicamper.com\/wp-docker\/wp-content\/uploads\/2025\/01\/wohnmobil-festival-845x684.jpg\" alt='' title='Mit dem Wohnmobil zum Festival'  height=\"684\" width=\"845\"  itemprop=\"thumbnailUrl\" srcset=\"https:\/\/www.tuicamper.com\/wp-docker\/wp-content\/uploads\/2025\/01\/wohnmobil-festival-845x684.jpg 845w, https:\/\/www.tuicamper.com\/wp-docker\/wp-content\/uploads\/2025\/01\/wohnmobil-festival-495x400.jpg 495w\" sizes=\"(max-width: 845px) 100vw, 845px\" \/><\/a><\/div><\/div><\/div>\n\n<style type=\"text\/css\" data-created_by=\"avia_inline_auto\" id=\"style-css-av-r0fekgp-e4ec3b11db7d5823866488d190ee5a5c\">\n#top .hr.hr-invisible.av-r0fekgp-e4ec3b11db7d5823866488d190ee5a5c{\nheight:25px;\n}\n<\/style>\n<div  class='hr av-r0fekgp-e4ec3b11db7d5823866488d190ee5a5c hr-invisible  avia-builder-el-17  el_after_av_image  avia-builder-el-last '><span class='hr-inner '><span class=\"hr-inner-style\"><\/span><\/span><\/div>\n\n<\/div><\/div><\/div><!-- close content main div --><\/div><\/div><div id='av_section_7'  class='avia-section av-qmks1bt-c25e7ad7947341f1d0d5c72754ed1922 main_color avia-section-default avia-no-border-styling  avia-builder-el-18  el_after_av_section  el_before_av_section  reduced-content avia-bg-style-scroll container_wrap sidebar_right'  ><div class='container av-section-cont-open' ><div class='template-page content  av-content-small alpha units'><div class='post-entry post-entry-type-page post-entry-97017'><div class='entry-content-wrapper clearfix'>\n\n<style type=\"text\/css\" data-created_by=\"avia_inline_auto\" id=\"style-css-av-q31p921-e46d30e614b03fae61ad32bbd20e3d2c\">\n.flex_column.av-q31p921-e46d30e614b03fae61ad32bbd20e3d2c{\nborder-radius:0px 0px 0px 0px;\npadding:0px 0px 0px 0px;\n}\n<\/style>\n<div  class='flex_column av-q31p921-e46d30e614b03fae61ad32bbd20e3d2c av_one_full  avia-builder-el-19  avia-builder-el-no-sibling  first flex_column_div av-zero-column-padding  '     ><section  class='av_textblock_section av-pigp5jt-b70f3019228800afc1bf7d9ed825a1c7 '   itemscope=\"itemscope\" itemtype=\"https:\/\/schema.org\/BlogPosting\" itemprop=\"blogPost\" ><div class='avia_textblock'  itemprop=\"text\" ><h2>3 Tipps f\u00fcr den Festival-Besuch mit dem Wohnmobil<\/h2>\n<p>Damit Sie auf Ihrem Festival-Trip mit dem Camper keine b\u00f6sen \u00dcberraschungen erwarten, sollten Sie folgende Hinweise beachten.<\/p>\n<ol>\n<li><strong>Buchen Sie rechtzeitig<\/strong>. Wenn Sie mit dem Wohnmobil zu einem Festival fahren wollen, ben\u00f6tigen Sie in der Regel ein extra Ticket, um auf dem Gel\u00e4nde stehen zu d\u00fcrfen. Und letztere sind oftmals schnell vergriffen. Umso wichtiger ist eine fr\u00fchzeitige Buchung.<\/li>\n<li><strong>Bereiten Sie sich vor<\/strong>. Gerade, wenn Sie das erste Mal mit dem Wohnmobil unterwegs sind, sollten Sie sich vorab mit den wichtigsten Punkten vertraut machen. Etwa mit den Themen Wasser- und Stromversorgung sowie mit der Abwasserentsorgung. Die wichtigsten <a href=\"https:\/\/www.tuicamper.com\/magazin\/anfaengertipps-wohnmobil\/\">Wohnmobil-Tipps f\u00fcr Anf\u00e4nger<\/a> haben wir in unserem Magazin f\u00fcr Sie zusammengestellt.<\/li>\n<li><strong>Beachten Sie die Grundregeln zur Sicherheit im Wohnmobil<\/strong>. Immerhin geht es auf Festivals sehr trubelig zu. Ihren Camper sollten Sie daher immer abschlie\u00dfen und keine Wertsachen offen herumliegen lassen.<\/li>\n<\/ol>\n<\/div><\/section><\/div>\n\n<\/div><\/div><\/div><!-- close content main div --><\/div><\/div><div id='av_section_8'  class='avia-section av-p5kjmc9-c0919aac3c4b28d096e7cf3bfe97ad9f main_color avia-section-default avia-no-border-styling  avia-builder-el-21  el_after_av_section  el_before_av_section  magazine-slider-section fullwidth_section avia-bg-style-scroll container_wrap sidebar_right'  ><div class='container av-section-cont-open' ><div class='template-page content  av-content-small alpha units'><div class='post-entry post-entry-type-page post-entry-97017'><div class='entry-content-wrapper clearfix'>\n\n<style type=\"text\/css\" data-created_by=\"avia_inline_auto\" id=\"style-css-av-oo7gmbd-e70f07a80e888781216f12d160a7edcf\">\n.flex_column.av-oo7gmbd-e70f07a80e888781216f12d160a7edcf{\nborder-radius:0px 0px 0px 0px;\npadding:0px 0px 0px 0px;\n}\n<\/style>\n<div  class='flex_column av-oo7gmbd-e70f07a80e888781216f12d160a7edcf av_one_full  avia-builder-el-22  avia-builder-el-no-sibling  first flex_column_div av-zero-column-padding  '     ><section  class='av_textblock_section av-nznicgp-d7a60b089ca3b0390fd584d76cf3ff97 '   itemscope=\"itemscope\" itemtype=\"https:\/\/schema.org\/BlogPosting\" itemprop=\"blogPost\" ><div class='avia_textblock'  itemprop=\"text\" ><div class=\"flex_column av_three_fourth flex_column_div av-zero-column-padding first el_before_av_one_fourth avia-builder-el-first headline-section\">\r\n    <section class=\"av_textblock_section \" itemscope=\"itemscope\"\r\n             itemtype=\"https:\/\/schema.org\/CreativeWork\">\r\n                    <div class=\"avia_textblock\" itemprop=\"text\">\r\n                                    Aus dem TUI Camper Magazin:<br>\r\n                                Spannende Artikel \u00fcber Deutschland            <\/div>\r\n            <\/section>\r\n<\/div>\r\n<div class=\"flex_column av_one_fourth flex_column_div av-zero-column-padding el_after_av_three_fourth el_before_av_feature_image_slider avia-builder-el-last logo-section\">\r\n    <div class=\"avia-image-container avia-builder-el-no-sibling avia-align-center\"\r\n         itemprop=\"image\" itemscope=\"itemscope\" itemtype=\"https:\/\/schema.org\/ImageObject\">\r\n        <div class=\"avia-image-container-inner\">\r\n            <div class=\"avia-image-overlay-wrap\">\r\n                <a href=\"\/magazin\/\">\r\n                    <img decoding=\"async\" class=\"wp-image-3099 avia-img-lazy-loading-not-3099 avia_image\"\r\n                         src=\"\/wp-docker\/wp-content\/themes\/tuicamper_enfold\/assets\/img\/logo_350-135.png\"\r\n                         alt=\"TUI Camper Magazin\" height=\"69\" width=\"150\"\r\n                         itemprop=\"thumbnailUrl\">\r\n                <\/a>\r\n            <\/div>\r\n        <\/div>\r\n    <\/div>\r\n<\/div>\r\n<div class=\"flex_column av_one_full flex_column_div av-zero-column-padding first el_before_av_textblock avia-builder-el-first\"\r\n     style=\"border-radius:0px;\">\r\n    <div class=\"carousel\">\r\n                    <div class=\"carousel-cell\">\r\n                <a href=\"https:\/\/www.tuicamper.com\/magazin\/rheinische-sagenweg\/\">\r\n                    <div class=\"img-container\" style=\"background-image: url('https:\/\/www.tuicamper.com\/wp-docker\/wp-content\/uploads\/2019\/08\/rheinischer-sagenweg.jpg');\"><\/div>\r\n                    <p>Der Rheinische Sagenweg: Mit dem Wohnmobil den Rhein entlang <span class=\"dashicons dashicons-arrow-right-alt2\"><\/span><\/p>\r\n                <\/a>\r\n            <\/div>\r\n                    <div class=\"carousel-cell\">\r\n                <a href=\"https:\/\/www.tuicamper.com\/magazin\/saechsische-schweiz\/\">\r\n                    <div class=\"img-container\" style=\"background-image: url('https:\/\/www.tuicamper.com\/wp-docker\/wp-content\/uploads\/2019\/04\/saechsische-schweiz.jpg');\"><\/div>\r\n                    <p>Die S\u00e4chsische Schweiz \u2013 Mit dem Wohnmobil ins Elbsandsteingebirge <span class=\"dashicons dashicons-arrow-right-alt2\"><\/span><\/p>\r\n                <\/a>\r\n            <\/div>\r\n                    <div class=\"carousel-cell\">\r\n                <a href=\"https:\/\/www.tuicamper.com\/magazin\/wohnmobil-touren-fuer-anfaenger\/\">\r\n                    <div class=\"img-container\" style=\"background-image: url('https:\/\/www.tuicamper.com\/wp-docker\/wp-content\/uploads\/2024\/02\/wohnmobil-touren-fuer-anfaenger-teaser.jpg');\"><\/div>\r\n                    <p>Wohnmobil-Touren f\u00fcr Anf\u00e4nger \u2013 Planung, Tipps und Routen <span class=\"dashicons dashicons-arrow-right-alt2\"><\/span><\/p>\r\n                <\/a>\r\n            <\/div>\r\n                    <div class=\"carousel-cell\">\r\n                <a href=\"https:\/\/www.tuicamper.com\/magazin\/groesster-campingplatz-deutschlands-grav-insel\/\">\r\n                    <div class=\"img-container\" style=\"background-image: url('https:\/\/www.tuicamper.com\/wp-docker\/wp-content\/uploads\/2024\/11\/Campingplatz_Deutschland.jpg');\"><\/div>\r\n                    <p>Grav-Insel: Das erwartet Sie auf dem gr\u00f6\u00dften Campingplatz Deutschlands <span class=\"dashicons dashicons-arrow-right-alt2\"><\/span><\/p>\r\n                <\/a>\r\n            <\/div>\r\n                    <div class=\"carousel-cell\">\r\n                <a href=\"https:\/\/www.tuicamper.com\/magazin\/nationalpark-bayerischer-wald\/\">\r\n                    <div class=\"img-container\" style=\"background-image: url('https:\/\/www.tuicamper.com\/wp-docker\/wp-content\/uploads\/2019\/06\/bayrischer-wald.jpg');\"><\/div>\r\n                    <p>Nationalpark Bayerischer Wald: Sehensw\u00fcrdigkeiten, Camping &#038; Ausflugstipps <span class=\"dashicons dashicons-arrow-right-alt2\"><\/span><\/p>\r\n                <\/a>\r\n            <\/div>\r\n                    <div class=\"carousel-cell\">\r\n                <a href=\"https:\/\/www.tuicamper.com\/magazin\/unterwegs-an-der-mosel\/\">\r\n                    <div class=\"img-container\" style=\"background-image: url('https:\/\/www.tuicamper.com\/wp-docker\/wp-content\/uploads\/2020\/01\/mosel.jpg');\"><\/div>\r\n                    <p>Mit dem Wohnmobil unterwegs an der Mosel: Von Trier nach Koblenz <span class=\"dashicons dashicons-arrow-right-alt2\"><\/span><\/p>\r\n                <\/a>\r\n            <\/div>\r\n            <\/div>\r\n<\/div>\n<\/div><\/section><\/div>\n\n<div id='av_section_9'  class='avia-section av-nr5yot5-1ce7f0a97ab67a7aad1feebda06107e9 main_color avia-section-default avia-no-border-styling  avia-builder-el-0  el_before_av_textblock  avia-builder-el-first  reduced-content avia-bg-style-scroll container_wrap sidebar_right'  ><div class='container av-section-cont-open' ><main  role=\"main\" itemprop=\"mainContentOfPage\"  class='template-page content  av-content-small alpha units'><div class='post-entry post-entry-type-page post-entry-97017'><div class='entry-content-wrapper clearfix'>\n\n<style type=\"text\/css\" data-created_by=\"avia_inline_auto\" id=\"style-css-av-nbwyvw9-2946925cba3c098b605dc6a5e07549e2\">\n.flex_column.av-nbwyvw9-2946925cba3c098b605dc6a5e07549e2{\nborder-radius:0px 0px 0px 0px;\npadding:0px 0px 0px 0px;\n}\n<\/style>\n<div  class='flex_column av-nbwyvw9-2946925cba3c098b605dc6a5e07549e2 av_one_full  avia-builder-el-1  avia-builder-el-no-sibling  first flex_column_div av-zero-column-padding  '     ><section  class='av_textblock_section av-mrs3mvt-6224ed069eb9e442f6575b9d91480c9f '   itemscope=\"itemscope\" itemtype=\"https:\/\/schema.org\/BlogPosting\" itemprop=\"blogPost\" ><div class='avia_textblock'  itemprop=\"text\" ><h2>Diese beliebten deutschen Festivals bieten Stellpl\u00e4tze f\u00fcr Wohnmobile<\/h2>\n<p>Gute Nachrichten f\u00fcr alle, die mit dem gemieteten Wohnmobil zu ihrem Lieblingsfestival fahren wollen: So gut wie alle gr\u00f6\u00dferen deutschen Festivals bieten separate Stellpl\u00e4tze f\u00fcr Camper an. Teils sogar mir Stromanschluss. Ein \u00dcberblick \u00fcber die Situation auf den beliebtesten Festivals:<\/p>\n<ul>\n<li><strong>Rock am Ring<\/strong>: Rock am Ring geh\u00f6rt zu den traditionsreichsten und beliebtesten Festivals in Deutschland. Klar, dass es vor Ort auch eine eigene Fl\u00e4che f\u00fcr Wohnmobil-Besucher gibt. Um Zugang zu erhalten, ist ein Caravan Pass erforderlich.<\/li>\n<li><strong>Rock im Park<\/strong>: Um das Wohnmobil auf dem Caravan Campingplatz abstellen zu k\u00f6nnen, ist auch bei Rock im Park \u2013 dem Schwesterfestival zu Rock am Ring \u2013 ein entsprechendes Ticket erforderlich.<\/li>\n<li><strong>Wacken<\/strong>: Im \u201eCamper Park\u201c gibt es Stellpl\u00e4tze f\u00fcr Wohnmobile in unterschiedlichen Gr\u00f6\u00dfen und mit Stromanschluss.<\/li>\n<li><strong>Hurricane<\/strong>: Auch auf dem Hurricane Festival gibt es im \u201eTrailer Park\u201c separate Stellpl\u00e4tze f\u00fcr Camper. Auf Wunsch sogar mit Stromanschluss.<\/li>\n<li><strong>Southside<\/strong>: Das nicht minder beliebte Southside-Festival bietet die gleichen Camping-M\u00f6glichkeiten wie das Schwester-Festival Hurricane.<\/li>\n<li><strong>Splash<\/strong>: Zu dem Hip-Hop-Festival k\u00f6nnen Sie ebenso mit dem Wohnmobil anreisen. F\u00fcr den Zutritt zum Caravan Campinggel\u00e4nde gibt es Tickets als Addon.<\/li>\n<\/ul>\n<\/div><\/section><\/div>\n<\/div><\/div><\/main><!-- close content main element --><\/div><\/div><div id='after_section_9'  class='main_color av_default_container_wrap container_wrap sidebar_right'  ><div class='container av-section-cont-open' ><div class='template-page content  av-content-small alpha units'><div class='post-entry post-entry-type-page post-entry-97017'><div class='entry-content-wrapper clearfix'>\n<\/div><\/div><\/div><!-- close content main div --><\/div><\/div><div id='av_section_10'  class='avia-section av-av_section-2107efcb6a7decaede31ece042cb8d59 main_color avia-section-default avia-no-border-styling  reduced-content avia-bg-style-scroll container_wrap sidebar_right'  ><div class='container av-section-cont-open' ><div class='template-page content  av-content-small alpha units'><div class='post-entry post-entry-type-page post-entry-97017'><div class='entry-content-wrapper clearfix'>\n\n<style type=\"text\/css\" data-created_by=\"avia_inline_auto\" id=\"style-css-av-m6jk7rpz-1f5990d6f1c5afd820459de59c318fbc\">\n.avia-image-container.av-m6jk7rpz-1f5990d6f1c5afd820459de59c318fbc img.avia_image{\nbox-shadow:none;\n}\n.avia-image-container.av-m6jk7rpz-1f5990d6f1c5afd820459de59c318fbc .av-caption-image-overlay-bg{\nopacity:0.4;\nbackground-color:#000000;\n}\n.avia-image-container.av-m6jk7rpz-1f5990d6f1c5afd820459de59c318fbc .av-image-caption-overlay-center{\ncolor:#ffffff;\n}\n<\/style>\n<div  class='avia-image-container av-m6jk7rpz-1f5990d6f1c5afd820459de59c318fbc av-styling- av-img-linked avia_animated_image av-animated-when-visible-95 fade-in avia-align-center noHover av-overlay-on-hover'   itemprop=\"image\" itemscope=\"itemscope\" itemtype=\"https:\/\/schema.org\/ImageObject\" ><div class=\"avia-image-container-inner\"><div class=\"avia-image-overlay-wrap\"><a href=\"https:\/\/www.tuicamper.com\/wp-docker\/wp-content\/uploads\/2025\/01\/wohnmobil-festival-feiern-1030x644.jpg\" data-srcset=\"https:\/\/www.tuicamper.com\/wp-docker\/wp-content\/uploads\/2025\/01\/wohnmobil-festival-feiern-1030x644.jpg 1030w, https:\/\/www.tuicamper.com\/wp-docker\/wp-content\/uploads\/2025\/01\/wohnmobil-festival-feiern-300x188.jpg 300w, https:\/\/www.tuicamper.com\/wp-docker\/wp-content\/uploads\/2025\/01\/wohnmobil-festival-feiern-768x480.jpg 768w, https:\/\/www.tuicamper.com\/wp-docker\/wp-content\/uploads\/2025\/01\/wohnmobil-festival-feiern-705x441.jpg 705w, https:\/\/www.tuicamper.com\/wp-docker\/wp-content\/uploads\/2025\/01\/wohnmobil-festival-feiern.jpg 1440w\" data-sizes=\"(max-width: 1030px) 100vw, 1030px\" class='avia_image '  aria-label='Festivals in Deutschland'><div class=\"av-image-caption-overlay\"><div class=\"av-caption-image-overlay-bg\"><\/div><div class=\"av-image-caption-overlay-position\"><div class=\"av-image-caption-overlay-center\"><\/div><\/div><\/div><img decoding=\"async\" fetchpriority=\"high\" class='wp-image-97035 avia-img-lazy-loading-not-97035 avia_image ' src=\"https:\/\/www.tuicamper.com\/wp-docker\/wp-content\/uploads\/2025\/01\/wohnmobil-festival-feiern-845x684.jpg\" alt='' title='Festivals in Deutschland'  height=\"684\" width=\"845\"  itemprop=\"thumbnailUrl\" srcset=\"https:\/\/www.tuicamper.com\/wp-docker\/wp-content\/uploads\/2025\/01\/wohnmobil-festival-feiern-845x684.jpg 845w, https:\/\/www.tuicamper.com\/wp-docker\/wp-content\/uploads\/2025\/01\/wohnmobil-festival-feiern-495x400.jpg 495w\" sizes=\"(max-width: 845px) 100vw, 845px\" \/><\/a><\/div><\/div><\/div>\n\n<style type=\"text\/css\" data-created_by=\"avia_inline_auto\" id=\"style-css-av-av_hr-5305fcd8eee3278794e45a8d8d6bfab2\">\n#top .hr.hr-invisible.av-av_hr-5305fcd8eee3278794e45a8d8d6bfab2{\nheight:25px;\n}\n<\/style>\n<div  class='hr av-av_hr-5305fcd8eee3278794e45a8d8d6bfab2 hr-invisible'><span class='hr-inner '><span class=\"hr-inner-style\"><\/span><\/span><\/div>\n<\/div><\/div><\/div><!-- close content main div --><\/div><\/div><div id='after_section_10'  class='main_color av_default_container_wrap container_wrap sidebar_right'  ><div class='container av-section-cont-open' ><div class='template-page content  av-content-small alpha units'><div class='post-entry post-entry-type-page post-entry-97017'><div class='entry-content-wrapper clearfix'><\/div><\/div><\/div><!-- close content main div --><\/div><\/div><div id='av_section_11'  class='avia-section av-44b95mh-7dffad84a78f597ed1a66c6e74e83a56 main_color avia-section-default avia-no-border-styling  reduced-content avia-bg-style-scroll container_wrap sidebar_right'  ><div class='container av-section-cont-open' ><div class='template-page content  av-content-small alpha units'><div class='post-entry post-entry-type-page post-entry-97017'><div class='entry-content-wrapper clearfix'>\n\n<style type=\"text\/css\" data-created_by=\"avia_inline_auto\" id=\"style-css-av-39vaf95-d3e5cb69014f6097e95b6185e325e2d7\">\n.flex_column.av-39vaf95-d3e5cb69014f6097e95b6185e325e2d7{\nborder-radius:0px 0px 0px 0px;\npadding:0px 0px 0px 0px;\n}\n<\/style>\n<div  class='flex_column av-39vaf95-d3e5cb69014f6097e95b6185e325e2d7 av_one_full first flex_column_div av-zero-column-padding  '     ><section  class='av_textblock_section av-2zaffkp-8ab871a5f4a87db98be5f75abdc2abf5 '   itemscope=\"itemscope\" itemtype=\"https:\/\/schema.org\/BlogPosting\" itemprop=\"blogPost\" ><div class='avia_textblock'  itemprop=\"text\" ><h2>Packliste f\u00fcrs Festival-Camping<\/h2>\n<p>Was muss mit aufs Festival? Zum Abschluss haben wir noch eine kleine Packliste f\u00fcr Sie zusammengestellt \u2013 mit Dingen, die unbedingt mit an Bord m\u00fcssen:<\/p>\n<ul>\n<li><strong>Unverzichtbares <\/strong>(Tickets, F\u00fchrerschein, Ausweise, Bargeld)<\/li>\n<li><strong>Medikamente <\/strong>(Notfall-Apotheke \u2013 und, wichtig f\u00fcr die weiten Wiesenfl\u00e4chen, bei Bedarf Medikamente gegen Heuschnupfen)<\/li>\n<li><strong>Basics f\u00fcr die Camper-K\u00fcche<\/strong> (insb. Nudeln, Konserven, Obst, Gem\u00fcse und Gew\u00fcrze)<\/li>\n<li><strong>Campingst\u00fchle<\/strong> f\u00fcr das gemeinschaftliche Chillen nach und zwischen den Konzerten<\/li>\n<li><strong>Ohrst\u00f6psel<\/strong> \u2013 f\u00fcr alle, die nachts ruhig schlafen m\u00f6chten<\/li>\n<li><strong>Hygieneartikel <\/strong><\/li>\n<li>(gro\u00dfe)<strong> M\u00fclls\u00e4cke <\/strong>\u2013 immer gut zu gebrauchen (im Zweifel auch als Regenschutz)<\/li>\n<li><strong>Wechselkleidung<\/strong> (abh\u00e4ngig von der Wetterlage; im Zweifel besser zu viel als zu wenig)<\/li>\n<li><strong>Bluetooth-Lautsprecher<\/strong>, um f\u00fcr Stimmung zu sorgen<\/li>\n<\/ul>\n<\/div><\/section><\/div>\n<\/div><\/div><\/div><!-- close content main div --><\/div><\/div><div id='after_section_11'  class='main_color av_default_container_wrap container_wrap sidebar_right'  ><div class='container av-section-cont-open' ><div class='template-page content  av-content-small alpha units'><div class='post-entry post-entry-type-page post-entry-97017'><div class='entry-content-wrapper clearfix'><\/p>\n<\/div><\/div><\/div><!-- close content main div --><\/div><\/div><div id='av_section_12'  class='avia-section av-8tou3d-1a5159e4655909883b752f7c014cc59c main_color avia-section-default avia-no-border-styling  avia-builder-el-4  el_after_av_textblock  el_before_av_section  reduced-content avia-bg-style-scroll container_wrap sidebar_right'  ><div class='container av-section-cont-open' ><div class='template-page content  av-content-small alpha units'><div class='post-entry post-entry-type-page post-entry-97017'><div class='entry-content-wrapper clearfix'>\n<div  class='avia-button-wrap av-24xql15-d06ba6713532a69c0ace3a931ace1239-wrap avia-button-center '><a href='https:\/\/www.tuicamper.com\/reiseziele\/europa\/deutschland\/'  class='avia-button av-24xql15-d06ba6713532a69c0ace3a931ace1239 av-link-btn avia-icon_select-yes-right-icon avia-size-large avia-position-center avia-color-theme-color'   aria-label=\"Jetzt Wohnmobil mieten f\u00fcr Deutschland\"><span class='avia_iconbox_title' >Jetzt Wohnmobil mieten f\u00fcr Deutschland<\/span><span class='avia_button_icon avia_button_icon_right avia-iconfont avia-font-entypo-fontello' data-av_icon='\ue875' data-av_iconfont='entypo-fontello' ><\/span><\/a><\/div>\n\n<style type=\"text\/css\" data-created_by=\"avia_inline_auto\" id=\"style-css-av-1kjvos9-35613f140814689ba668ba7f32275b60\">\n.flex_column.av-1kjvos9-35613f140814689ba668ba7f32275b60{\nborder-radius:0px 0px 0px 0px;\npadding:0px 0px 0px 0px;\n}\n<\/style>\n<div  class='flex_column av-1kjvos9-35613f140814689ba668ba7f32275b60 av_one_full first flex_column_div av-zero-column-padding  '     ><style type=\"text\/css\" data-created_by=\"avia_inline_auto\" id=\"style-css-av-3z6oop-b07a82d5b68febaa85283c2e89d0fa40\">\n#top .av_textblock_section.av-3z6oop-b07a82d5b68febaa85283c2e89d0fa40 .avia_textblock{\nfont-size:28px;\n}\n<\/style>\n<section  class='av_textblock_section av-3z6oop-b07a82d5b68febaa85283c2e89d0fa40 '   itemscope=\"itemscope\" itemtype=\"https:\/\/schema.org\/BlogPosting\" itemprop=\"blogPost\" ><div class='avia_textblock'  itemprop=\"text\" ><p><strong>Ihr TUI CAMPER-Team w\u00fcnscht Ihnen eine unvergessliche Zeit beim Festival-Camping!<\/strong><\/p>\n<\/div><\/section><\/div><div  class='av-social-sharing-box av-lbyywp-5276c9a73d7cc6796203a2549e8f7d04 av-social-sharing-box-default av-social-sharing-box-fullwidth'><div class=\"av-share-box\"><ul class=\"av-share-box-list noLightbox\"><li class='av-share-link av-social-link-facebook avia_social_iconfont' ><a target=\"_blank\" aria-label=\"Teilen auf Facebook\" href='https:\/\/www.facebook.com\/sharer.php?u=https:\/\/www.tuicamper.com\/magazin\/unterwegs-an-der-mosel\/&#038;t=Mit%20dem%20Wohnmobil%20unterwegs%20an%20der%20Mosel%3A%20Von%20Trier%20nach%20Koblenz' data-av_icon='\ue8f3' data-av_iconfont='entypo-fontello'  title='' data-avia-related-tooltip='Teilen auf Facebook'><span class='avia_hidden_link_text'>Teilen auf Facebook<\/span><\/a><\/li><li class='av-share-link av-social-link-twitter avia_social_iconfont' ><a target=\"_blank\" aria-label=\"Teilen auf X\" href='https:\/\/twitter.com\/share?text=Mit%20dem%20Wohnmobil%20unterwegs%20an%20der%20Mosel%3A%20Von%20Trier%20nach%20Koblenz&#038;url=https:\/\/www.tuicamper.com\/magazin\/unterwegs-an-der-mosel\/' data-av_icon='\ue932' data-av_iconfont='entypo-fontello'  title='' data-avia-related-tooltip='Teilen auf X'><span class='avia_hidden_link_text'>Teilen auf X<\/span><\/a><\/li><li class='av-share-link av-social-link-whatsapp avia_social_iconfont' ><a target=\"_blank\" aria-label=\"Teilen auf WhatsApp\" href='https:\/\/api.whatsapp.com\/send?text=https:\/\/www.tuicamper.com\/magazin\/unterwegs-an-der-mosel\/' data-av_icon='\uf232' data-av_iconfont='entypo-fontello'  title='' data-avia-related-tooltip='Teilen auf WhatsApp'><span class='avia_hidden_link_text'>Teilen auf WhatsApp<\/span><\/a><\/li><li class='av-share-link av-social-link-pinterest avia_social_iconfont' ><a target=\"_blank\" aria-label=\"Teilen auf Pinterest\" href='https:\/\/pinterest.com\/pin\/create\/button\/?url=https%3A%2F%2Fwww.tuicamper.com%2Fmagazin%2Funterwegs-an-der-mosel%2F&#038;description=Mit%20dem%20Wohnmobil%20unterwegs%20an%20der%20Mosel%3A%20Von%20Trier%20nach%20Koblenz&#038;media=https%3A%2F%2Fwww.tuicamper.com%2Fwp-docker%2Fwp-content%2Fuploads%2F2020%2F01%2Fmosel-705x269.jpg' data-av_icon='\ue8f8' data-av_iconfont='entypo-fontello'  title='' data-avia-related-tooltip='Teilen auf Pinterest'><span class='avia_hidden_link_text'>Teilen auf Pinterest<\/span><\/a><\/li><li class='av-share-link av-social-link-mail avia_social_iconfont' ><a  aria-label=\"Per E-Mail teilen\" href='mailto:?subject=Mit%20dem%20Wohnmobil%20unterwegs%20an%20der%20Mosel%3A%20Von%20Trier%20nach%20Koblenz&#038;body=https:\/\/www.tuicamper.com\/magazin\/unterwegs-an-der-mosel\/' data-av_icon='\ue805' data-av_iconfont='entypo-fontello'  title='' data-avia-related-tooltip='Per E-Mail teilen'><span class='avia_hidden_link_text'>Per E-Mail teilen<\/span><\/a><\/li><\/ul><\/div><\/div>\n\n","protected":false},"excerpt":{"rendered":"<p>Ein trockener Schlafplatz, eine K\u00fcche, flie\u00dfendes Wasser: Vieles spricht daf\u00fcr, ein Wohnmobil f\u00fcrs Festival zu mieten. Doch es gibt auch einiges zu beachten.<\/p>\n","protected":false},"author":5,"featured_media":97030,"comment_status":"open","ping_status":"open","sticky":false,"template":"","format":"standard","meta":{"footnotes":""},"categories":[33],"tags":[],"class_list":["post-97017","post","type-post","status-publish","format-standard","has-post-thumbnail","hentry","category-reisethema"],"yoast_head":"<!-- This site is optimized with the Yoast SEO plugin v27.4 - https:\/\/yoast.com\/product\/yoast-seo-wordpress\/ -->\n<title>Ein Wohnmobil f\u00fcrs Festival mieten? Das m\u00fcssen Sie wissen - TUI CAMPER<\/title>\n<meta name=\"description\" content=\"Welcher Camper kommt in Frage? Welche Festivals bieten eigene Stellpl\u00e4tze f\u00fcr Wohnmobile? Und was muss unbedingt mit? Wir verraten es Ihnen!\" \/>\n<meta name=\"robots\" content=\"index, follow, max-snippet:-1, max-image-preview:large, max-video-preview:-1\" \/>\n<link rel=\"canonical\" href=\"https:\/\/www.tuicamper.com\/magazin\/ein-wohnmobil-fuers-festival-mieten\/\" \/>\n<meta property=\"og:locale\" content=\"de_DE\" \/>\n<meta property=\"og:type\" content=\"article\" \/>\n<meta property=\"og:title\" content=\"Ein Wohnmobil f\u00fcrs Festival mieten? Das m\u00fcssen Sie wissen - TUI CAMPER\" \/>\n<meta property=\"og:description\" content=\"Welcher Camper kommt in Frage? Welche Festivals bieten eigene Stellpl\u00e4tze f\u00fcr Wohnmobile? Und was muss unbedingt mit? Wir verraten es Ihnen!\" \/>\n<meta property=\"og:url\" content=\"https:\/\/www.tuicamper.com\/magazin\/ein-wohnmobil-fuers-festival-mieten\/\" \/>\n<meta property=\"og:site_name\" content=\"TUI Camper Magazin\" \/>\n<meta property=\"article:published_time\" content=\"2025-01-30T16:39:06+00:00\" \/>\n<meta property=\"og:image\" content=\"https:\/\/www.tuicamper.com\/wp-docker\/wp-content\/uploads\/2025\/01\/wohnmobil-festival-mieten-teaser.jpg\" \/>\n\t<meta property=\"og:image:width\" content=\"1280\" \/>\n\t<meta property=\"og:image:height\" content=\"492\" \/>\n\t<meta property=\"og:image:type\" content=\"image\/jpeg\" \/>\n<meta name=\"author\" content=\"Olli\" \/>\n<meta name=\"twitter:card\" content=\"summary_large_image\" \/>\n<meta name=\"twitter:label1\" content=\"Verfasst von\" \/>\n\t<meta name=\"twitter:data1\" content=\"Olli\" \/>\n\t<meta name=\"twitter:label2\" content=\"Gesch\u00e4tzte Lesezeit\" \/>\n\t<meta name=\"twitter:data2\" content=\"7\u00a0Minuten\" \/>\n<!-- \/ Yoast SEO plugin. -->","yoast_head_json":{"title":"Ein Wohnmobil f\u00fcrs Festival mieten? Das m\u00fcssen Sie wissen - TUI CAMPER","description":"Welcher Camper kommt in Frage? Welche Festivals bieten eigene Stellpl\u00e4tze f\u00fcr Wohnmobile? Und was muss unbedingt mit? Wir verraten es Ihnen!","robots":{"index":"index","follow":"follow","max-snippet":"max-snippet:-1","max-image-preview":"max-image-preview:large","max-video-preview":"max-video-preview:-1"},"canonical":"https:\/\/www.tuicamper.com\/magazin\/ein-wohnmobil-fuers-festival-mieten\/","og_locale":"de_DE","og_type":"article","og_title":"Ein Wohnmobil f\u00fcrs Festival mieten? Das m\u00fcssen Sie wissen - TUI CAMPER","og_description":"Welcher Camper kommt in Frage? Welche Festivals bieten eigene Stellpl\u00e4tze f\u00fcr Wohnmobile? Und was muss unbedingt mit? Wir verraten es Ihnen!","og_url":"https:\/\/www.tuicamper.com\/magazin\/ein-wohnmobil-fuers-festival-mieten\/","og_site_name":"TUI Camper Magazin","article_published_time":"2025-01-30T16:39:06+00:00","og_image":[{"width":1280,"height":492,"url":"https:\/\/www.tuicamper.com\/wp-docker\/wp-content\/uploads\/2025\/01\/wohnmobil-festival-mieten-teaser.jpg","type":"image\/jpeg"}],"author":"Olli","twitter_card":"summary_large_image","twitter_misc":{"Verfasst von":"Olli","Gesch\u00e4tzte Lesezeit":"7\u00a0Minuten"},"schema":{"@context":"https:\/\/schema.org","@graph":[{"@type":"Article","@id":"https:\/\/www.tuicamper.com\/magazin\/ein-wohnmobil-fuers-festival-mieten\/#article","isPartOf":{"@id":"https:\/\/www.tuicamper.com\/magazin\/ein-wohnmobil-fuers-festival-mieten\/"},"author":{"name":"Olli","@id":"https:\/\/www.tuicamper.com\/wp-docker\/#\/schema\/person\/98975e733813f701672fd75ef9df8b69"},"headline":"Ein Wohnmobil f\u00fcrs Festival mieten? Das m\u00fcssen Sie beachten!","datePublished":"2025-01-30T16:39:06+00:00","mainEntityOfPage":{"@id":"https:\/\/www.tuicamper.com\/magazin\/ein-wohnmobil-fuers-festival-mieten\/"},"wordCount":4342,"commentCount":0,"image":{"@id":"https:\/\/www.tuicamper.com\/magazin\/ein-wohnmobil-fuers-festival-mieten\/#primaryimage"},"thumbnailUrl":"https:\/\/www.tuicamper.com\/wp-docker\/wp-content\/uploads\/2025\/01\/wohnmobil-festival-mieten-teaser.jpg","articleSection":["Reisethema"],"inLanguage":"de","potentialAction":[{"@type":"CommentAction","name":"Comment","target":["https:\/\/www.tuicamper.com\/magazin\/ein-wohnmobil-fuers-festival-mieten\/#respond"]}]},{"@type":"WebPage","@id":"https:\/\/www.tuicamper.com\/magazin\/ein-wohnmobil-fuers-festival-mieten\/","url":"https:\/\/www.tuicamper.com\/magazin\/ein-wohnmobil-fuers-festival-mieten\/","name":"Ein Wohnmobil f\u00fcrs Festival mieten? Das m\u00fcssen Sie wissen - TUI CAMPER","isPartOf":{"@id":"https:\/\/www.tuicamper.com\/#website"},"primaryImageOfPage":{"@id":"https:\/\/www.tuicamper.com\/magazin\/ein-wohnmobil-fuers-festival-mieten\/#primaryimage"},"image":{"@id":"https:\/\/www.tuicamper.com\/magazin\/ein-wohnmobil-fuers-festival-mieten\/#primaryimage"},"thumbnailUrl":"https:\/\/www.tuicamper.com\/wp-content\/uploads\/2025\/01\/wohnmobil-festival-mieten-teaser.jpg","datePublished":"2025-01-30T16:39:06+00:00","author":{"@id":"https:\/\/www.tuicamper.com\/#\/schema\/person\/98975e733813f701672fd75ef9df8b69"},"description":"Welcher Camper kommt in Frage? Welche Festivals bieten eigene Stellpl\u00e4tze f\u00fcr Wohnmobile? Und was muss unbedingt mit? Wir verraten es Ihnen!","breadcrumb":{"@id":"https:\/\/www.tuicamper.com\/magazin\/ein-wohnmobil-fuers-festival-mieten\/#breadcrumb"},"inLanguage":"de","potentialAction":["Array"]},{"@type":"ImageObject","inLanguage":"de","@id":"https:\/\/www.tuicamper.com\/magazin\/ein-wohnmobil-fuers-festival-mieten\/#primaryimage","url":"https:\/\/www.tuicamper.com\/wp-docker\/wp-content\/uploads\/2025\/01\/wohnmobil-festival-mieten-teaser.jpg","contentUrl":"https:\/\/www.tuicamper.com\/wp-docker\/wp-content\/uploads\/2025\/01\/wohnmobil-festival-mieten-teaser.jpg","width":1280,"height":492},{"@type":"BreadcrumbList","@id":"https:\/\/www.tuicamper.com\/magazin\/ein-wohnmobil-fuers-festival-mieten\/#breadcrumb","itemListElement":[{"@type":"ListItem","position":1,"name":"Startseite","item":"https:\/\/www.tuicamper.com\/wp-docker\/"},{"@type":"ListItem","position":2,"name":"Ein Wohnmobil f\u00fcrs Festival mieten? Das m\u00fcssen Sie beachten!"}]},{"@type":"WebSite","@id":"https:\/\/www.tuicamper.com\/#website","url":"https:\/\/www.tuicamper.com\/","name":"TUI Camper Magazin","description":"","potentialAction":["Array"],"inLanguage":"de"},{"@type":"Person","@id":"https:\/\/www.tuicamper.com\/wp-docker\/#\/schema\/person\/98975e733813f701672fd75ef9df8b69","name":"Olli","image":{"@type":"ImageObject","inLanguage":"de","@id":"https:\/\/secure.gravatar.com\/avatar\/4529b17b9a4dec34d38f705f89e1db8c906d30537b64d795d775d528c07951ff?s=96&d=mm&r=g","url":"https:\/\/secure.gravatar.com\/avatar\/4529b17b9a4dec34d38f705f89e1db8c906d30537b64d795d775d528c07951ff?s=96&d=mm&r=g","contentUrl":"https:\/\/secure.gravatar.com\/avatar\/4529b17b9a4dec34d38f705f89e1db8c906d30537b64d795d775d528c07951ff?s=96&d=mm&r=g","caption":"Olli"},"url":"https:\/\/www.tuicamper.com\/wp-docker\/magazin\/author\/olli\/"}]}},"_links":{"self":[{"href":"https:\/\/www.tuicamper.com\/wp-docker\/wp-json\/wp\/v2\/posts\/97017","targetHints":{"allow":["GET"]}}],"collection":[{"href":"https:\/\/www.tuicamper.com\/wp-docker\/wp-json\/wp\/v2\/posts"}],"about":[{"href":"https:\/\/www.tuicamper.com\/wp-docker\/wp-json\/wp\/v2\/types\/post"}],"author":[{"embeddable":true,"href":"https:\/\/www.tuicamper.com\/wp-docker\/wp-json\/wp\/v2\/users\/5"}],"replies":[{"embeddable":true,"href":"https:\/\/www.tuicamper.com\/wp-docker\/wp-json\/wp\/v2\/comments?post=97017"}],"version-history":[{"count":10,"href":"https:\/\/www.tuicamper.com\/wp-docker\/wp-json\/wp\/v2\/posts\/97017\/revisions"}],"predecessor-version":[{"id":97037,"href":"https:\/\/www.tuicamper.com\/wp-docker\/wp-json\/wp\/v2\/posts\/97017\/revisions\/97037"}],"wp:featuredmedia":[{"embeddable":true,"href":"https:\/\/www.tuicamper.com\/wp-docker\/wp-json\/wp\/v2\/media\/97030"}],"wp:attachment":[{"href":"https:\/\/www.tuicamper.com\/wp-docker\/wp-json\/wp\/v2\/media?parent=97017"}],"wp:term":[{"taxonomy":"category","embeddable":true,"href":"https:\/\/www.tuicamper.com\/wp-docker\/wp-json\/wp\/v2\/categories?post=97017"},{"taxonomy":"post_tag","embeddable":true,"href":"https:\/\/www.tuicamper.com\/wp-docker\/wp-json\/wp\/v2\/tags?post=97017"}],"curies":[{"name":"wp","href":"https:\/\/api.w.org\/{rel}","templated":true}]}}