{"id":90645,"date":"2024-11-04T14:20:17","date_gmt":"2024-11-04T13:20:17","guid":{"rendered":"https:\/\/www.tuicamper.com\/?p=90645"},"modified":"2025-07-01T16:54:48","modified_gmt":"2025-07-01T14:54:48","slug":"camping-sardinien-campingplaetze","status":"publish","type":"post","link":"https:\/\/www.tuicamper.com\/magazin\/camping-sardinien-campingplaetze\/","title":{"rendered":"Camping Sardinien: Unsere 4 Top-Campingpl\u00e4tze"},"content":{"rendered":"<div id='av_section_1'  class='avia-section av-yucg34l-24dde9e6267b01e4c6e18b0a637fb651 main_color avia-section-default avia-no-border-styling  avia-builder-el-0  el_before_av_textblock  avia-builder-el-first  reduced-content avia-bg-style-scroll container_wrap sidebar_right'  ><div class='container av-section-cont-open' ><main  role=\"main\" itemprop=\"mainContentOfPage\"  class='template-page content  av-content-small alpha units'><div class='post-entry post-entry-type-page post-entry-90645'><div class='entry-content-wrapper clearfix'>\n\n<style type=\"text\/css\" data-created_by=\"avia_inline_auto\" id=\"style-css-av-y3ri2id-4abe57ab66e5b488e31186031c0f2ca5\">\n.flex_column.av-y3ri2id-4abe57ab66e5b488e31186031c0f2ca5{\nborder-radius:0px 0px 0px 0px;\npadding:0px 0px 0px 0px;\n}\n<\/style>\n<div  class='flex_column av-y3ri2id-4abe57ab66e5b488e31186031c0f2ca5 av_one_full  avia-builder-el-1  avia-builder-el-no-sibling  first flex_column_div av-zero-column-padding  '     ><section  class='av_textblock_section av-xoe3npx-03ed9d53d11c41e927890d640cbc4937 '   itemscope=\"itemscope\" itemtype=\"https:\/\/schema.org\/BlogPosting\" itemprop=\"blogPost\" ><div class='avia_textblock'  itemprop=\"text\" ><p>Quicklebendige Hafenst\u00e4dtchen, ein faszinierendes Hinterland und wei\u00dfe Sandstr\u00e4nde wie aus dem Bilderbuch: Camping auf Sardinien ist ein unvergessliches Erlebnis. Zumal die italienische Insel mit vielen traumhaft gelegenen Campingpl\u00e4tzen aufwartet. Wir stellen Ihnen vier der sch\u00f6nsten Pl\u00e4tze vor \u2013 vom kleinen Geheimtipp mitten in der Natur bis zum top ausgestatteten Campingdorf direkt am Strand, das keine W\u00fcnsche offen l\u00e4sst.<\/p>\n<\/div><\/section><\/div><\/div><\/div><\/main><!-- close content main element --><\/div><\/div><div id='after_section_1'  class='main_color av_default_container_wrap container_wrap sidebar_right'  ><div class='container av-section-cont-open' ><div class='template-page content  av-content-small alpha units'><div class='post-entry post-entry-type-page post-entry-90645'><div class='entry-content-wrapper clearfix'><section  class='av_textblock_section av-xantlat-5e92cf67c36c62befb0c090fbb795806 '   itemscope=\"itemscope\" itemtype=\"https:\/\/schema.org\/BlogPosting\" itemprop=\"blogPost\" ><div class='avia_textblock'  itemprop=\"text\" >\n<\/div><\/section><\/p>\n<\/div><\/div><\/div><!-- close content main div --><\/div><\/div><div id='av_section_2'  class='avia-section av-wswv6vp-7d0f05c8c4a0e42ca5f1978b0c50dbd6 main_color avia-section-default avia-no-border-styling  avia-builder-el-4  el_after_av_textblock  el_before_av_section  reduced-content avia-bg-style-scroll container_wrap sidebar_right'  ><div class='container av-section-cont-open' ><div class='template-page content  av-content-small alpha units'><div class='post-entry post-entry-type-page post-entry-90645'><div class='entry-content-wrapper clearfix'>\n<section  class='av_textblock_section av-wdw9llh-8b796057dd4bf7fb85cb67cbe930d6bc '   itemscope=\"itemscope\" itemtype=\"https:\/\/schema.org\/BlogPosting\" itemprop=\"blogPost\" ><div class='avia_textblock'  itemprop=\"text\" ><div id=\"js-table-of-contents\">\r\n    <strong>Inhaltsverzeichnis<\/strong>\r\n<\/div>\n<\/div><\/section>\n\n<\/div><\/div><\/div><!-- close content main div --><\/div><\/div><div id='av_section_3'  class='avia-section av-w4qwlqt-baee5628c7abb64066daad7d1cd4f7b7 main_color avia-section-default avia-no-border-styling  avia-builder-el-6  el_after_av_section  el_before_av_section  reduced-content avia-bg-style-scroll container_wrap sidebar_right'  ><div class='container av-section-cont-open' ><div class='template-page content  av-content-small alpha units'><div class='post-entry post-entry-type-page post-entry-90645'><div class='entry-content-wrapper clearfix'>\n\n\n<\/div><\/div><\/div><!-- close content main div --><\/div><\/div><div id='av_section_4'  class='avia-section av-nng4b3p-510bccd3b5629fe0a988ca83ac0ba502 main_color avia-section-default avia-no-border-styling  avia-builder-el-8  el_after_av_section  el_before_av_section  reduced-content avia-bg-style-scroll container_wrap sidebar_right'  ><div class='container av-section-cont-open' ><div class='template-page content  av-content-small alpha units'><div class='post-entry post-entry-type-page post-entry-90645'><div class='entry-content-wrapper clearfix'>\n\n<style type=\"text\/css\" data-created_by=\"avia_inline_auto\" id=\"style-css-av-n0ppuyd-b8595524e91265ff9dd16284c195463a\">\n.flex_column.av-n0ppuyd-b8595524e91265ff9dd16284c195463a{\nborder-radius:0px 0px 0px 0px;\npadding:0px 0px 0px 0px;\n}\n<\/style>\n<div  class='flex_column av-n0ppuyd-b8595524e91265ff9dd16284c195463a av_one_full  avia-builder-el-9  avia-builder-el-no-sibling  first flex_column_div av-zero-column-padding  '     ><section  class='av_textblock_section av-mvra8yd-13d20dd2052d928ad0abc4fd8e2744d2 '   itemscope=\"itemscope\" itemtype=\"https:\/\/schema.org\/BlogPosting\" itemprop=\"blogPost\" ><div class='avia_textblock'  itemprop=\"text\" ><h2>1.) Paradise Park \u2013 sch\u00f6ner Campingplatz am Rand von Alghero<\/h2>\n<p>Dem Namen nach trumpft der Campingplatz <a href=\"https:\/\/www.paradisepark.it\/\" target=\"_blank\" rel=\"noopener\">Paradise Park<\/a> gro\u00df auf. Und tats\u00e4chlich kann man auf den 150 Stellpl\u00e4tzen mitunter einen Hauch von Paradies erahnen. Daf\u00fcr sorgen die schattigen Stellpl\u00e4tze zwischen reich bl\u00fchenden Oleanderb\u00fcschen am ruhigen Waldesrand. Und die hervorragende Lage zwischen Meer und der wundersch\u00f6nen Stadt Alghero. Dass die Sanit\u00e4reinrichtungen ein wenig in die Jahre gekommen sind, l\u00e4sst sich unter diesen Voraussetzungen sicher verschmerzen. Zumal Sie nur ein kurzer Spaziergang durch den Wald vom Strand trennt und Alghero vom Platz aus in kurzer Zeit erreichbar ist. Wenn Sie nicht mit dem Rad in die Stadt fahren m\u00f6chten: Unmittelbar vor dem Campingplatz befindet sich eine Bushaltestelle. Die Fahrt nach Alghero dauert nur wenige Minuten \u2013 und ist ein absolutes Muss! Die von einer dicken Stadtmauer umschlossene mittelalterliche Altstadt geh\u00f6rt zu den sch\u00f6nsten Sardiniens. In den engen G\u00e4sschen der Stadt befinden sich zudem zahlreiche erstklassige Restaurants.<\/p>\n<p>Aber auch ein l\u00e4ngerer Ausflug nach Castelsardo, das eine gute Fahrtstunde entfernt liegt, lohnt sich. Die weit ins Meer hineinragende Ortschaft, die sich rund um eine felsige Anh\u00f6he schmiegt, bietet in jeder Himmelsrichtung traumhafte Panoramablicke.<\/p>\n<ul>\n<li><strong>Camping-Highlights<\/strong>: schattige Stellpl\u00e4tze, ruhige Lage am Waldesrand \u2013 zwischen Meer und Stadt<\/li>\n<li><strong>Aktivit\u00e4ten<\/strong>: Wandern, Spazieren, Fahrradfahren, (Sonnen-)Baden, Segeln, Tauchen<\/li>\n<li><strong>Ausfl\u00fcge<\/strong>: Alghero (Altstadt), Castelsardo<\/li>\n<\/ul>\n<\/div><\/section><\/div>\n\n<\/div><\/div><\/div><!-- close content main div --><\/div><\/div><div id='av_section_5'  class='avia-section av-ujsm5th-43b3d17cf4e73bc936d7f864aa6b2340 main_color avia-section-default avia-no-border-styling  avia-builder-el-11  el_after_av_section  el_before_av_section  reduced-content avia-bg-style-scroll container_wrap sidebar_right'  ><div class='container av-section-cont-open' ><div class='template-page content  av-content-small alpha units'><div class='post-entry post-entry-type-page post-entry-90645'><div class='entry-content-wrapper clearfix'>\n\n<style type=\"text\/css\" data-created_by=\"avia_inline_auto\" id=\"style-css-av-u1ws08l-0d2fb1d68b01de0302acfb5a6f0194b6\">\n.avia-image-container.av-u1ws08l-0d2fb1d68b01de0302acfb5a6f0194b6 img.avia_image{\nbox-shadow:none;\n}\n.avia-image-container.av-u1ws08l-0d2fb1d68b01de0302acfb5a6f0194b6 .av-caption-image-overlay-bg{\nopacity:0.4;\nbackground-color:#000000;\n}\n.avia-image-container.av-u1ws08l-0d2fb1d68b01de0302acfb5a6f0194b6 .av-image-caption-overlay-center{\ncolor:#ffffff;\n}\n<\/style>\n<div  class='avia-image-container av-u1ws08l-0d2fb1d68b01de0302acfb5a6f0194b6 av-styling- av-img-linked avia_animated_image av-animated-when-visible-95 fade-in avia-align-center  avia-builder-el-12  el_before_av_hr  avia-builder-el-first  noHover av-overlay-on-hover'   itemprop=\"image\" itemscope=\"itemscope\" itemtype=\"https:\/\/schema.org\/ImageObject\" ><div class=\"avia-image-container-inner\"><div class=\"avia-image-overlay-wrap\"><a href=\"https:\/\/www.tuicamper.com\/wp-docker\/wp-content\/uploads\/2024\/11\/Sardinien_Alghero-1030x644.jpg\" data-srcset=\"https:\/\/www.tuicamper.com\/wp-docker\/wp-content\/uploads\/2024\/11\/Sardinien_Alghero-1030x644.jpg 1030w, https:\/\/www.tuicamper.com\/wp-docker\/wp-content\/uploads\/2024\/11\/Sardinien_Alghero-300x188.jpg 300w, https:\/\/www.tuicamper.com\/wp-docker\/wp-content\/uploads\/2024\/11\/Sardinien_Alghero-768x480.jpg 768w, https:\/\/www.tuicamper.com\/wp-docker\/wp-content\/uploads\/2024\/11\/Sardinien_Alghero-705x441.jpg 705w, https:\/\/www.tuicamper.com\/wp-docker\/wp-content\/uploads\/2024\/11\/Sardinien_Alghero.jpg 1440w\" data-sizes=\"(max-width: 1030px) 100vw, 1030px\" class='avia_image '  aria-label='Sardinien Alghero'><div class=\"av-image-caption-overlay\"><div class=\"av-caption-image-overlay-bg\"><\/div><div class=\"av-image-caption-overlay-position\"><div class=\"av-image-caption-overlay-center\"><p>Sonnenuntergang \u00fcber Alghero<\/p>\n<\/div><\/div><\/div><img decoding=\"async\" fetchpriority=\"high\" class='wp-image-90665 avia-img-lazy-loading-not-90665 avia_image ' src=\"https:\/\/www.tuicamper.com\/wp-docker\/wp-content\/uploads\/2024\/11\/Sardinien_Alghero-845x684.jpg\" alt='' title='Sardinien Alghero'  height=\"684\" width=\"845\"  itemprop=\"thumbnailUrl\" srcset=\"https:\/\/www.tuicamper.com\/wp-docker\/wp-content\/uploads\/2024\/11\/Sardinien_Alghero-845x684.jpg 845w, https:\/\/www.tuicamper.com\/wp-docker\/wp-content\/uploads\/2024\/11\/Sardinien_Alghero-495x400.jpg 495w\" sizes=\"(max-width: 845px) 100vw, 845px\" \/><\/a><\/div><\/div><\/div>\n\n<style type=\"text\/css\" data-created_by=\"avia_inline_auto\" id=\"style-css-av-ttqwg1h-18e297605a70ba5a41349c63a45b25a7\">\n#top .hr.hr-invisible.av-ttqwg1h-18e297605a70ba5a41349c63a45b25a7{\nheight:25px;\n}\n<\/style>\n<div  class='hr av-ttqwg1h-18e297605a70ba5a41349c63a45b25a7 hr-invisible  avia-builder-el-13  el_after_av_image  avia-builder-el-last '><span class='hr-inner '><span class=\"hr-inner-style\"><\/span><\/span><\/div>\n\n<\/div><\/div><\/div><!-- close content main div --><\/div><\/div><div id='av_section_6'  class='avia-section av-qdcob6d-cbe85c5dc9bfb706b7d7c07f8ec320c9 main_color avia-section-default avia-no-border-styling  avia-builder-el-14  el_after_av_section  el_before_av_section  reduced-content avia-bg-style-scroll container_wrap sidebar_right'  ><div class='container av-section-cont-open' ><div class='template-page content  av-content-small alpha units'><div class='post-entry post-entry-type-page post-entry-90645'><div class='entry-content-wrapper clearfix'>\n\n<style type=\"text\/css\" data-created_by=\"avia_inline_auto\" id=\"style-css-av-pvnmhw5-63e8d333ecc62d872eddf0f9aac8e320\">\n.flex_column.av-pvnmhw5-63e8d333ecc62d872eddf0f9aac8e320{\nborder-radius:0px 0px 0px 0px;\npadding:0px 0px 0px 0px;\n}\n<\/style>\n<div  class='flex_column av-pvnmhw5-63e8d333ecc62d872eddf0f9aac8e320 av_one_full  avia-builder-el-15  avia-builder-el-no-sibling  first flex_column_div av-zero-column-padding  '     ><section  class='av_textblock_section av-plysmk5-7118101738afb530d7f4646f80253593 '   itemscope=\"itemscope\" itemtype=\"https:\/\/schema.org\/BlogPosting\" itemprop=\"blogPost\" ><div class='avia_textblock'  itemprop=\"text\" ><h2>2.) Camping Maddalena \u2013 \u00fcbernachten im Inselparadies<\/h2>\n<p>Unmittelbar vor der K\u00fcste Sardiniens, kaum mehr als eine 20-min\u00fctige Fahrt mit der F\u00e4hre entfernt, liegt das Inselparadies von La Maddalena. Wenn Sie mit dem <a href=\"https:\/\/www.tuicamper.com\/magazin\/wohnmobil-sardinien\/\">Wohnmobil Sardinien<\/a> erkunden, ist ein Abstecher zu dem Archipel sehr empfehlenswert. Der Platz Camping Maddalena liegt mitten auf der Hauptinsel \u2013 und ist umgeben von einer einzigartigen Natur. Versteckte Buchten mit kleinen Str\u00e4nden, vor denen das Meer in verschiedensten Blau- bis Gr\u00fcnt\u00f6nen schimmert. Zauberhafte Altst\u00e4dte wie aus dem Bilderbuch. Leckere italienische Restaurants mit urspr\u00fcnglicher sardischer K\u00fcche, in die sich kaum Touristen verirren. Besser k\u00f6nnte ein Campingplatz kaum liegen.<\/p>\n<p>Gut zu wissen: Der gepflegte Platz selbst punktet mit einer ruhigen Lage, schattigen Stellpl\u00e4tzen und einem kleinen Sandstrand vor der Haust\u00fcr. Er liegt ideal, um in wenigen Tagen die Hauptinsel La Maddalena zu erkunden oder die eine oder andere Bootstour durch den idyllischen Archipel zu unternehmen.<\/p>\n<p>Erreicht werden kann La Maddalena vom Hafen von Palau aus, von wo mehrmals t\u00e4glich eine F\u00e4hre ablegt.<\/p>\n<ul>\n<li><strong>Camping-Highlights<\/strong>: ruhiger, schattiger Campingplatz<\/li>\n<li><strong>Aktivit\u00e4ten<\/strong>: Spazieren, Wandern, (Sonnen-)Baden, Bootsausfl\u00fcge<\/li>\n<li><strong>Ausfl\u00fcge<\/strong>: Altstadt von La Maddalena, kleine ruhige Buchten und Str\u00e4nde entlang der K\u00fcste, Costa Smeralda (sardische K\u00fcste)<\/li>\n<\/ul>\n<\/div><\/section><\/div>\n\n<\/div><\/div><\/div><!-- close content main div --><\/div><\/div><div id='av_section_7'  class='avia-section av-6ljr5h-22646e564ec6a41b6c7e20c04b423e38 main_color avia-section-default avia-no-border-styling  avia-builder-el-17  el_after_av_section  el_before_av_section  reduced-content avia-bg-style-scroll container_wrap sidebar_right'  ><div class='container av-section-cont-open' ><div class='template-page content  av-content-small alpha units'><div class='post-entry post-entry-type-page post-entry-90645'><div class='entry-content-wrapper clearfix'>\n\n<style type=\"text\/css\" data-created_by=\"avia_inline_auto\" id=\"style-css-av-48l74l-61ba018f9f55d447fb4b32a34df3caa2\">\n.avia-image-container.av-48l74l-61ba018f9f55d447fb4b32a34df3caa2 img.avia_image{\nbox-shadow:none;\n}\n.avia-image-container.av-48l74l-61ba018f9f55d447fb4b32a34df3caa2 .av-caption-image-overlay-bg{\nopacity:0.4;\nbackground-color:#000000;\n}\n.avia-image-container.av-48l74l-61ba018f9f55d447fb4b32a34df3caa2 .av-image-caption-overlay-center{\ncolor:#ffffff;\n}\n<\/style>\n<div  class='avia-image-container av-48l74l-61ba018f9f55d447fb4b32a34df3caa2 av-styling- av-img-linked avia_animated_image av-animated-when-visible-95 fade-in avia-align-center  avia-builder-el-18  el_before_av_hr  avia-builder-el-first  noHover av-overlay-on-hover'   itemprop=\"image\" itemscope=\"itemscope\" itemtype=\"https:\/\/schema.org\/ImageObject\" ><div class=\"avia-image-container-inner\"><div class=\"avia-image-overlay-wrap\"><a href=\"https:\/\/www.tuicamper.com\/wp-docker\/wp-content\/uploads\/2024\/11\/Sardinien_La_Maddalena_Archipel-1030x644.jpg\" data-srcset=\"https:\/\/www.tuicamper.com\/wp-docker\/wp-content\/uploads\/2024\/11\/Sardinien_La_Maddalena_Archipel-1030x644.jpg 1030w, https:\/\/www.tuicamper.com\/wp-docker\/wp-content\/uploads\/2024\/11\/Sardinien_La_Maddalena_Archipel-300x188.jpg 300w, https:\/\/www.tuicamper.com\/wp-docker\/wp-content\/uploads\/2024\/11\/Sardinien_La_Maddalena_Archipel-768x480.jpg 768w, https:\/\/www.tuicamper.com\/wp-docker\/wp-content\/uploads\/2024\/11\/Sardinien_La_Maddalena_Archipel-705x441.jpg 705w, https:\/\/www.tuicamper.com\/wp-docker\/wp-content\/uploads\/2024\/11\/Sardinien_La_Maddalena_Archipel.jpg 1440w\" data-sizes=\"(max-width: 1030px) 100vw, 1030px\" class='avia_image '  aria-label='La Maddalena Archipel'><div class=\"av-image-caption-overlay\"><div class=\"av-caption-image-overlay-bg\"><\/div><div class=\"av-image-caption-overlay-position\"><div class=\"av-image-caption-overlay-center\"><p>Das La Maddalena Archipel im Norden Sardiniens besteht aus vielen kleinen Inseln<\/p>\n<\/div><\/div><\/div><img decoding=\"async\" fetchpriority=\"high\" class='wp-image-90661 avia-img-lazy-loading-not-90661 avia_image ' src=\"https:\/\/www.tuicamper.com\/wp-docker\/wp-content\/uploads\/2024\/11\/Sardinien_La_Maddalena_Archipel-845x684.jpg\" alt='' title='La Maddalena Archipel'  height=\"684\" width=\"845\"  itemprop=\"thumbnailUrl\" srcset=\"https:\/\/www.tuicamper.com\/wp-docker\/wp-content\/uploads\/2024\/11\/Sardinien_La_Maddalena_Archipel-845x684.jpg 845w, https:\/\/www.tuicamper.com\/wp-docker\/wp-content\/uploads\/2024\/11\/Sardinien_La_Maddalena_Archipel-495x400.jpg 495w\" sizes=\"(max-width: 845px) 100vw, 845px\" \/><\/a><\/div><\/div><\/div>\n\n<style type=\"text\/css\" data-created_by=\"avia_inline_auto\" id=\"style-css-av-t2u9qt-e854da9d640152a5a10e28e689b0f638\">\n#top .hr.hr-invisible.av-t2u9qt-e854da9d640152a5a10e28e689b0f638{\nheight:25px;\n}\n<\/style>\n<div  class='hr av-t2u9qt-e854da9d640152a5a10e28e689b0f638 hr-invisible  avia-builder-el-19  el_after_av_image  avia-builder-el-last '><span class='hr-inner '><span class=\"hr-inner-style\"><\/span><\/span><\/div>\n\n<\/div><\/div><\/div><!-- close content main div --><\/div><\/div><div id='av_section_8'  class='avia-section av-1ril6ph-3cf6b3bcdcaf64cefc1ce209ea254335 main_color avia-section-default avia-no-border-styling  avia-builder-el-20  el_after_av_section  el_before_av_section  reduced-content avia-bg-style-scroll container_wrap sidebar_right'  ><div class='container av-section-cont-open' ><div class='template-page content  av-content-small alpha units'><div class='post-entry post-entry-type-page post-entry-90645'><div class='entry-content-wrapper clearfix'>\n\n<style type=\"text\/css\" data-created_by=\"avia_inline_auto\" id=\"style-css-av-1ala67p-9fcef6ff90f607684e52ffbe68e70ab4\">\n.flex_column.av-1ala67p-9fcef6ff90f607684e52ffbe68e70ab4{\nborder-radius:0px 0px 0px 0px;\npadding:0px 0px 0px 0px;\n}\n<\/style>\n<div  class='flex_column av-1ala67p-9fcef6ff90f607684e52ffbe68e70ab4 av_one_full  avia-builder-el-21  avia-builder-el-no-sibling  first flex_column_div av-zero-column-padding  '     ><section  class='av_textblock_section av-idvdzp-fc3a13a29a865fa68d2fcd2e260694f3 '   itemscope=\"itemscope\" itemtype=\"https:\/\/schema.org\/BlogPosting\" itemprop=\"blogPost\" ><div class='avia_textblock'  itemprop=\"text\" ><h2>3.) Camping La Pineta \u2013 famili\u00e4rer Campingplatz im Herzen von Ogliastra<\/h2>\n<p>Der im Osten Sardiniens gelegene Platz <a href=\"https:\/\/www.campingbungalowlapineta.it\/\" target=\"_blank\" rel=\"noopener\">Camping La Pineta<\/a> besticht durch seine gem\u00fctliche, fast famili\u00e4re Atmosph\u00e4re. Unter dem Schatten der Pinienb\u00e4ume, nur 400 Meter vom malerischen langen Sandstrand von Planargia entfernt, l\u00e4sst sich ein wundersch\u00f6ner Camping-Urlaub verbringen. Und auch f\u00fcr Ausflugsm\u00f6glichkeiten ist gesorgt. Immerhin liegt der Campingplatz im Herzen der Region Ogliastra, die Kennern als die authentischste Sardiniens gilt. Die Highlights reichen von echten Traumstr\u00e4nden vor imposanten Klippen bis zu faszinierenden Kalkgebirgen, die zu Wanderungen einladen.<\/p>\n<ul>\n<li><strong>Camping-Highlights<\/strong>: Strandn\u00e4he, famili\u00e4re Atmosph\u00e4re, italienisches Restaurant<\/li>\n<li><strong>Aktivit\u00e4ten<\/strong>: (Sonnen-)Baden, Wandern, Fahrradfahren<\/li>\n<li><strong>Ausfl\u00fcge<\/strong>: rote Felsen von Arbatax, Marina di Gairo, Supramonte (zahlreiche Wanderwege f\u00fchren durch das Gebirge)<\/li>\n<\/ul>\n<\/div><\/section><\/div>\n\n<\/div><\/div><\/div><!-- close content main div --><\/div><\/div><div id='av_section_9'  class='avia-section av-p613c1h-44ab90a78c6c17b631829225a337fb86 main_color avia-section-default avia-no-border-styling  avia-builder-el-23  el_after_av_section  el_before_av_section  magazine-slider-section fullwidth_section avia-bg-style-scroll container_wrap sidebar_right'  ><div class='container av-section-cont-open' ><div class='template-page content  av-content-small alpha units'><div class='post-entry post-entry-type-page post-entry-90645'><div class='entry-content-wrapper clearfix'>\n\n<style type=\"text\/css\" data-created_by=\"avia_inline_auto\" id=\"style-css-av-oetvped-8679007cb2e6a5a5102dd0c06b689218\">\n.flex_column.av-oetvped-8679007cb2e6a5a5102dd0c06b689218{\nborder-radius:0px 0px 0px 0px;\npadding:0px 0px 0px 0px;\n}\n<\/style>\n<div  class='flex_column av-oetvped-8679007cb2e6a5a5102dd0c06b689218 av_one_full  avia-builder-el-24  avia-builder-el-no-sibling  first flex_column_div av-zero-column-padding  '     ><section  class='av_textblock_section av-o4ga7at-2af1dbe577185cf0c212cd95267a1940 '   itemscope=\"itemscope\" itemtype=\"https:\/\/schema.org\/BlogPosting\" itemprop=\"blogPost\" ><div class='avia_textblock'  itemprop=\"text\" ><div class=\"flex_column av_three_fourth flex_column_div av-zero-column-padding first el_before_av_one_fourth avia-builder-el-first headline-section\">\r\n    <section class=\"av_textblock_section \" itemscope=\"itemscope\"\r\n             itemtype=\"https:\/\/schema.org\/CreativeWork\">\r\n                    <div class=\"avia_textblock\" itemprop=\"text\">\r\n                                    Aus dem TUI Camper Magazin:<br>\r\n                                Spannende Artikel \u00fcber Italien            <\/div>\r\n            <\/section>\r\n<\/div>\r\n<div class=\"flex_column av_one_fourth flex_column_div av-zero-column-padding el_after_av_three_fourth el_before_av_feature_image_slider avia-builder-el-last logo-section\">\r\n    <div class=\"avia-image-container avia-builder-el-no-sibling avia-align-center\"\r\n         itemprop=\"image\" itemscope=\"itemscope\" itemtype=\"https:\/\/schema.org\/ImageObject\">\r\n        <div class=\"avia-image-container-inner\">\r\n            <div class=\"avia-image-overlay-wrap\">\r\n                <a href=\"\/magazin\/\">\r\n                    <img decoding=\"async\" class=\"wp-image-3099 avia-img-lazy-loading-not-3099 avia_image\"\r\n                         src=\"\/wp-docker\/wp-content\/themes\/tuicamper_enfold\/assets\/img\/logo_350-135.png\"\r\n                         alt=\"TUI Camper Magazin\" height=\"69\" width=\"150\"\r\n                         itemprop=\"thumbnailUrl\">\r\n                <\/a>\r\n            <\/div>\r\n        <\/div>\r\n    <\/div>\r\n<\/div>\r\n<div class=\"flex_column av_one_full flex_column_div av-zero-column-padding first el_before_av_textblock avia-builder-el-first\"\r\n     style=\"border-radius:0px;\">\r\n    <div class=\"carousel\">\r\n                    <div class=\"carousel-cell\">\r\n                <a href=\"https:\/\/www.tuicamper.com\/magazin\/camping-am-gardasee\/\">\r\n                    <div class=\"img-container\" style=\"background-image: url('https:\/\/www.tuicamper.com\/wp-docker\/wp-content\/uploads\/2025\/05\/camping-am-gardasee-header.jpg');\"><\/div>\r\n                    <p>Camping am Gardasee: Die besten Campingpl\u00e4tze, Tipps &#038; Highlights <span class=\"dashicons dashicons-arrow-right-alt2\"><\/span><\/p>\r\n                <\/a>\r\n            <\/div>\r\n                    <div class=\"carousel-cell\">\r\n                <a href=\"https:\/\/www.tuicamper.com\/magazin\/wohnmobil-sardinien\/\">\r\n                    <div class=\"img-container\" style=\"background-image: url('https:\/\/www.tuicamper.com\/wp-docker\/wp-content\/uploads\/2019\/05\/wohnmobil-sardinien.jpg');\"><\/div>\r\n                    <p>Wohnmobil Sardinien \u2013 Highlights, Rundreise und Campingm\u00f6glichkeiten <span class=\"dashicons dashicons-arrow-right-alt2\"><\/span><\/p>\r\n                <\/a>\r\n            <\/div>\r\n                    <div class=\"carousel-cell\">\r\n                <a href=\"https:\/\/www.tuicamper.com\/magazin\/camper-reiseziele-im-herbst\/\">\r\n                    <div class=\"img-container\" style=\"background-image: url('https:\/\/www.tuicamper.com\/wp-docker\/wp-content\/uploads\/2019\/08\/herbst-reisen.jpg');\"><\/div>\r\n                    <p>Die 5 sch\u00f6nsten Reiseziele mit dem Camper im Herbst <span class=\"dashicons dashicons-arrow-right-alt2\"><\/span><\/p>\r\n                <\/a>\r\n            <\/div>\r\n                    <div class=\"carousel-cell\">\r\n                <a href=\"https:\/\/www.tuicamper.com\/magazin\/beste-reisezeit-toskana\/\">\r\n                    <div class=\"img-container\" style=\"background-image: url('https:\/\/www.tuicamper.com\/wp-docker\/wp-content\/uploads\/2025\/02\/toskana-reisezeit-header.jpg');\"><\/div>\r\n                    <p>Beste Reisezeit Toskana: Mit dem Wohnmobil durch die Kulturlandschaft <span class=\"dashicons dashicons-arrow-right-alt2\"><\/span><\/p>\r\n                <\/a>\r\n            <\/div>\r\n                    <div class=\"carousel-cell\">\r\n                <a href=\"https:\/\/www.tuicamper.com\/magazin\/wohnmobil-sizilien\/\">\r\n                    <div class=\"img-container\" style=\"background-image: url('https:\/\/www.tuicamper.com\/wp-docker\/wp-content\/uploads\/2019\/05\/wohnmobil-sizilien.jpg');\"><\/div>\r\n                    <p>Wohnmobil Sizilien \u2013 Highlights f\u00fcr eine Camper-Rundreise <span class=\"dashicons dashicons-arrow-right-alt2\"><\/span><\/p>\r\n                <\/a>\r\n            <\/div>\r\n                    <div class=\"carousel-cell\">\r\n                <a href=\"https:\/\/www.tuicamper.com\/magazin\/schoenste-seen-in-europa\/\">\r\n                    <div class=\"img-container\" style=\"background-image: url('https:\/\/www.tuicamper.com\/wp-docker\/wp-content\/uploads\/2019\/10\/see-europa.jpg');\"><\/div>\r\n                    <p>Die 5 sch\u00f6nsten Seen f\u00fcr einen Camper-Urlaub in Europa <span class=\"dashicons dashicons-arrow-right-alt2\"><\/span><\/p>\r\n                <\/a>\r\n            <\/div>\r\n            <\/div>\r\n<\/div>\n<\/div><\/section><\/div>\n\n<div id='av_section_10'  class='avia-section av-3sy62yd-552ad064be091186f0127494c3acbcc5 main_color avia-section-default avia-no-border-styling  avia-builder-el-0  el_before_av_textblock  avia-builder-el-first  reduced-content avia-bg-style-scroll container_wrap sidebar_right'  ><div class='container av-section-cont-open' ><main  role=\"main\" itemprop=\"mainContentOfPage\"  class='template-page content  av-content-small alpha units'><div class='post-entry post-entry-type-page post-entry-90645'><div class='entry-content-wrapper clearfix'>\n\n<style type=\"text\/css\" data-created_by=\"avia_inline_auto\" id=\"style-css-av-19avx1-3fc10dd5442d648a4984409516c223d0\">\n.flex_column.av-19avx1-3fc10dd5442d648a4984409516c223d0{\nborder-radius:0px 0px 0px 0px;\npadding:0px 0px 0px 0px;\n}\n<\/style>\n<div  class='flex_column av-19avx1-3fc10dd5442d648a4984409516c223d0 av_one_full  avia-builder-el-1  avia-builder-el-no-sibling  first flex_column_div av-zero-column-padding  '     ><section  class='av_textblock_section av-2uv3p6d-0a53506fe2f93b878edf09c46013f4c0 '   itemscope=\"itemscope\" itemtype=\"https:\/\/schema.org\/BlogPosting\" itemprop=\"blogPost\" ><div class='avia_textblock'  itemprop=\"text\" ><h2>4.) Camping Village Capo Ferrato \u2013 gut ausgestatteter Platz vor karibischem Traumstrand<\/h2>\n<p>Das <a href=\"https:\/\/www.campingcapoferrato.com\/de\/\" target=\"_blank\" rel=\"noopener\">Camping Village Capo Ferrato<\/a> l\u00e4sst keine W\u00fcnsche offen. Der gro\u00dfe Campingplatz im S\u00fcdosten Sardiniens punktet mit wechselnden Animationen, Shows und Programmen f\u00fcr Gro\u00df und Klein. Die gro\u00dfz\u00fcgig bemessenen Stellpl\u00e4tze befinden sich direkt am Wasser und bieten einen tollen Blick auf Strand und Meer. Gerade bei Familien mit kleinen Kindern ist der mit zwei gro\u00dfen Spielpl\u00e4tzen ausgestattete Campingplatz beliebt. Immerhin befindet sich der wei\u00dfe Sandstrand, der echtes Karibik-Flair verstr\u00f6mt, direkt vor der Haust\u00fcr. Ohnehin liegt das Camping Village Capo Ferrato inmitten der Costa Rei \u2013 dem K\u00fcstenabschnitt Sardiniens, der mit den sch\u00f6nsten Sandstr\u00e4nden aufwartet.<\/p>\n<p>Wer nach erholsamen Tagen am Strand Lust auf Kunst, Kultur und Sightseeing hat, kann einen Abstecher ins nahegelegene Cagliari unternehmen. Die Hauptstadt Sardiniens zieht Besucher mit ihren vielen architektonischen Highlights, lebhaften Pl\u00e4tzen und M\u00e4rkten sowie einer charmanten Altstadt, in deren verwinkelten G\u00e4sschen Sie immer wieder neue Fotomotive entdecken, in den Bann.<\/p>\n<ul>\n<li><strong>Camping-Highlights<\/strong>: Stellpl\u00e4tze direkt am Wasser, karibischer Traumstrand, gute Ausstattung, ideal f\u00fcr Familien mit kleinen Kindern<\/li>\n<li><strong>Aktivit\u00e4ten<\/strong>: (Sonnen-)Baden, Wandern, Bootsausfl\u00fcge<\/li>\n<li><strong>Ausfl\u00fcge<\/strong>: Str\u00e4nde in der Region, Cagliari<\/li>\n<\/ul>\n<\/div><\/section><\/div>\n<\/div><\/div><\/main><!-- close content main element --><\/div><\/div><div id='after_section_10'  class='main_color av_default_container_wrap container_wrap sidebar_right'  ><div class='container av-section-cont-open' ><div class='template-page content  av-content-small alpha units'><div class='post-entry post-entry-type-page post-entry-90645'><div class='entry-content-wrapper clearfix'>\n<\/div><\/div><\/div><!-- close content main div --><\/div><\/div><div id='av_section_11'  class='avia-section av-2r786ol-0c79f76e335b16933eab429086e6f9ac main_color avia-section-default avia-no-border-styling  reduced-content avia-bg-style-scroll container_wrap sidebar_right'  ><div class='container av-section-cont-open' ><div class='template-page content  av-content-small alpha units'><div class='post-entry post-entry-type-page post-entry-90645'><div class='entry-content-wrapper clearfix'>\n<div  class='avia-button-wrap av-7jublh-8697b8dddaa1266f13f9433e97426653-wrap avia-button-center '><a href='https:\/\/www.tuicamper.com\/reiseziele\/europa\/italien\/'  class='avia-button av-7jublh-8697b8dddaa1266f13f9433e97426653 av-link-btn avia-icon_select-yes-right-icon avia-size-large avia-position-center avia-color-theme-color'   aria-label=\"Jetzt Wohnmobil mieten f\u00fcr Italien\"><span class='avia_iconbox_title' >Jetzt Wohnmobil mieten f\u00fcr Italien<\/span><span class='avia_button_icon avia_button_icon_right avia-iconfont avia-font-entypo-fontello' data-av_icon='\ue875' data-av_iconfont='entypo-fontello' ><\/span><\/a><\/div>\n\n<style type=\"text\/css\" data-created_by=\"avia_inline_auto\" id=\"style-css-av-1m6n19x-6e54d95786e3c31a2a78d72308dbf069\">\n.flex_column.av-1m6n19x-6e54d95786e3c31a2a78d72308dbf069{\nborder-radius:0px 0px 0px 0px;\npadding:0px 0px 0px 0px;\n}\n<\/style>\n<div  class='flex_column av-1m6n19x-6e54d95786e3c31a2a78d72308dbf069 av_one_full first flex_column_div av-zero-column-padding  '     ><style type=\"text\/css\" data-created_by=\"avia_inline_auto\" id=\"style-css-av-40q9xx-cf54e57ebb47a7a98ec826a2eb89221a\">\n#top .av_textblock_section.av-40q9xx-cf54e57ebb47a7a98ec826a2eb89221a .avia_textblock{\nfont-size:28px;\n}\n<\/style>\n<section  class='av_textblock_section av-40q9xx-cf54e57ebb47a7a98ec826a2eb89221a '   itemscope=\"itemscope\" itemtype=\"https:\/\/schema.org\/BlogPosting\" itemprop=\"blogPost\" ><div class='avia_textblock'  itemprop=\"text\" ><p><strong>Ihr TUI CAMPER-Team w\u00fcnscht Ihnen eine unvergessliche Zeit beim Camping auf Sardinien!<\/strong><\/p>\n<\/div><\/section><\/div><div  class='av-social-sharing-box av-vuqt1x-11701e26fceb81421b12e3598c1d391e av-social-sharing-box-default av-social-sharing-box-fullwidth'><div class=\"av-share-box\"><ul class=\"av-share-box-list noLightbox\"><li class='av-share-link av-social-link-facebook avia_social_iconfont' ><a target=\"_blank\" aria-label=\"Teilen auf Facebook\" href='https:\/\/www.facebook.com\/sharer.php?u=https:\/\/www.tuicamper.com\/magazin\/schoenste-seen-in-europa\/&#038;t=Die%205%20sch%C3%B6nsten%20Seen%20f%C3%BCr%20einen%20Camper-Urlaub%20in%20Europa' data-av_icon='\ue8f3' data-av_iconfont='entypo-fontello'  title='' data-avia-related-tooltip='Teilen auf Facebook'><span class='avia_hidden_link_text'>Teilen auf Facebook<\/span><\/a><\/li><li class='av-share-link av-social-link-twitter avia_social_iconfont' ><a target=\"_blank\" aria-label=\"Teilen auf X\" href='https:\/\/twitter.com\/share?text=Die%205%20sch%C3%B6nsten%20Seen%20f%C3%BCr%20einen%20Camper-Urlaub%20in%20Europa&#038;url=https:\/\/www.tuicamper.com\/magazin\/schoenste-seen-in-europa\/' data-av_icon='\ue932' data-av_iconfont='entypo-fontello'  title='' data-avia-related-tooltip='Teilen auf X'><span class='avia_hidden_link_text'>Teilen auf X<\/span><\/a><\/li><li class='av-share-link av-social-link-whatsapp avia_social_iconfont' ><a target=\"_blank\" aria-label=\"Teilen auf WhatsApp\" href='https:\/\/api.whatsapp.com\/send?text=https:\/\/www.tuicamper.com\/magazin\/schoenste-seen-in-europa\/' data-av_icon='\uf232' data-av_iconfont='entypo-fontello'  title='' data-avia-related-tooltip='Teilen auf WhatsApp'><span class='avia_hidden_link_text'>Teilen auf WhatsApp<\/span><\/a><\/li><li class='av-share-link av-social-link-pinterest avia_social_iconfont' ><a target=\"_blank\" aria-label=\"Teilen auf Pinterest\" href='https:\/\/pinterest.com\/pin\/create\/button\/?url=https%3A%2F%2Fwww.tuicamper.com%2Fmagazin%2Fschoenste-seen-in-europa%2F&#038;description=Die%205%20sch%C3%B6nsten%20Seen%20f%C3%BCr%20einen%20Camper-Urlaub%20in%20Europa&#038;media=https%3A%2F%2Fwww.tuicamper.com%2Fwp-docker%2Fwp-content%2Fuploads%2F2019%2F10%2Fsee-europa-705x269.jpg' data-av_icon='\ue8f8' data-av_iconfont='entypo-fontello'  title='' data-avia-related-tooltip='Teilen auf Pinterest'><span class='avia_hidden_link_text'>Teilen auf Pinterest<\/span><\/a><\/li><li class='av-share-link av-social-link-mail avia_social_iconfont' ><a  aria-label=\"Per E-Mail teilen\" href='mailto:?subject=Die%205%20sch%C3%B6nsten%20Seen%20f%C3%BCr%20einen%20Camper-Urlaub%20in%20Europa&#038;body=https:\/\/www.tuicamper.com\/magazin\/schoenste-seen-in-europa\/' data-av_icon='\ue805' data-av_iconfont='entypo-fontello'  title='' data-avia-related-tooltip='Per E-Mail teilen'><span class='avia_hidden_link_text'>Per E-Mail teilen<\/span><\/a><\/li><\/ul><\/div><\/div>\n<\/div><\/div><\/div><!-- close content main div --><\/div><\/div><div id='after_section_11'  class='main_color av_default_container_wrap container_wrap sidebar_right'  ><div class='container av-section-cont-open' ><div class='template-page content  av-content-small alpha units'><div class='post-entry post-entry-type-page post-entry-90645'><div class='entry-content-wrapper clearfix'>\n","protected":false},"excerpt":{"rendered":"<p>Traumstr\u00e4nde, St\u00e4dteperlen, Naturhighlights: Sardinien geh\u00f6rt zu den besten Campingzielen Europas. Wir stellen Ihnen die sch\u00f6nsten Campingpl\u00e4tze der Insel vor! <\/p>\n","protected":false},"author":5,"featured_media":90655,"comment_status":"open","ping_status":"open","sticky":false,"template":"","format":"standard","meta":{"footnotes":""},"categories":[8],"tags":[69,50,38],"class_list":["post-90645","post","type-post","status-publish","format-standard","has-post-thumbnail","hentry","category-reiselaender","tag-italien","tag-natur","tag-uebernachten"],"yoast_head":"<!-- This site is optimized with the Yoast SEO plugin v27.4 - https:\/\/yoast.com\/product\/yoast-seo-wordpress\/ -->\n<title>Camping auf Sardinien: Unsere 5 Top-Campingpl\u00e4tze - TUI CAMPER<\/title>\n<meta name=\"description\" content=\"Die 5 sch\u00f6nsten sardischen Campingpl\u00e4tze im Portr\u00e4t. Vom Geheimtipp bis zum top-ausgestatteten Campingdorf. Jetzt entdecken!\" \/>\n<meta name=\"robots\" content=\"index, follow, max-snippet:-1, max-image-preview:large, max-video-preview:-1\" \/>\n<link rel=\"canonical\" href=\"https:\/\/www.tuicamper.com\/magazin\/camping-sardinien-campingplaetze\/\" \/>\n<meta property=\"og:locale\" content=\"de_DE\" \/>\n<meta property=\"og:type\" content=\"article\" \/>\n<meta property=\"og:title\" content=\"Camping auf Sardinien: Unsere 5 Top-Campingpl\u00e4tze - TUI CAMPER\" \/>\n<meta property=\"og:description\" content=\"Die 5 sch\u00f6nsten sardischen Campingpl\u00e4tze im Portr\u00e4t. Vom Geheimtipp bis zum top-ausgestatteten Campingdorf. Jetzt entdecken!\" \/>\n<meta property=\"og:url\" content=\"https:\/\/www.tuicamper.com\/magazin\/camping-sardinien-campingplaetze\/\" \/>\n<meta property=\"og:site_name\" content=\"TUI Camper Magazin\" \/>\n<meta property=\"article:published_time\" content=\"2024-11-04T13:20:17+00:00\" \/>\n<meta property=\"article:modified_time\" content=\"2025-07-01T14:54:48+00:00\" \/>\n<meta property=\"og:image\" content=\"https:\/\/www.tuicamper.com\/wp-docker\/wp-content\/uploads\/2024\/11\/Camping_Sardinien.jpg\" \/>\n\t<meta property=\"og:image:width\" content=\"1280\" \/>\n\t<meta property=\"og:image:height\" content=\"492\" \/>\n\t<meta property=\"og:image:type\" content=\"image\/jpeg\" \/>\n<meta name=\"author\" content=\"Olli\" \/>\n<meta name=\"twitter:card\" content=\"summary_large_image\" \/>\n<meta name=\"twitter:label1\" content=\"Verfasst von\" \/>\n\t<meta name=\"twitter:data1\" content=\"Olli\" \/>\n\t<meta name=\"twitter:label2\" content=\"Gesch\u00e4tzte Lesezeit\" \/>\n\t<meta name=\"twitter:data2\" content=\"6\u00a0Minuten\" \/>\n<!-- \/ Yoast SEO plugin. -->","yoast_head_json":{"title":"Camping auf Sardinien: Unsere 5 Top-Campingpl\u00e4tze - TUI CAMPER","description":"Die 5 sch\u00f6nsten sardischen Campingpl\u00e4tze im Portr\u00e4t. Vom Geheimtipp bis zum top-ausgestatteten Campingdorf. Jetzt entdecken!","robots":{"index":"index","follow":"follow","max-snippet":"max-snippet:-1","max-image-preview":"max-image-preview:large","max-video-preview":"max-video-preview:-1"},"canonical":"https:\/\/www.tuicamper.com\/magazin\/camping-sardinien-campingplaetze\/","og_locale":"de_DE","og_type":"article","og_title":"Camping auf Sardinien: Unsere 5 Top-Campingpl\u00e4tze - TUI CAMPER","og_description":"Die 5 sch\u00f6nsten sardischen Campingpl\u00e4tze im Portr\u00e4t. Vom Geheimtipp bis zum top-ausgestatteten Campingdorf. Jetzt entdecken!","og_url":"https:\/\/www.tuicamper.com\/magazin\/camping-sardinien-campingplaetze\/","og_site_name":"TUI Camper Magazin","article_published_time":"2024-11-04T13:20:17+00:00","article_modified_time":"2025-07-01T14:54:48+00:00","og_image":[{"width":1280,"height":492,"url":"https:\/\/www.tuicamper.com\/wp-docker\/wp-content\/uploads\/2024\/11\/Camping_Sardinien.jpg","type":"image\/jpeg"}],"author":"Olli","twitter_card":"summary_large_image","twitter_misc":{"Verfasst von":"Olli","Gesch\u00e4tzte Lesezeit":"6\u00a0Minuten"},"schema":{"@context":"https:\/\/schema.org","@graph":[{"@type":"Article","@id":"https:\/\/www.tuicamper.com\/magazin\/camping-sardinien-campingplaetze\/#article","isPartOf":{"@id":"https:\/\/www.tuicamper.com\/magazin\/camping-sardinien-campingplaetze\/"},"author":{"name":"Olli","@id":"https:\/\/www.tuicamper.com\/wp-docker\/#\/schema\/person\/98975e733813f701672fd75ef9df8b69"},"headline":"Camping Sardinien: Unsere 4 Top-Campingpl\u00e4tze","datePublished":"2024-11-04T13:20:17+00:00","dateModified":"2025-07-01T14:54:48+00:00","mainEntityOfPage":{"@id":"https:\/\/www.tuicamper.com\/magazin\/camping-sardinien-campingplaetze\/"},"wordCount":4021,"commentCount":0,"image":{"@id":"https:\/\/www.tuicamper.com\/magazin\/camping-sardinien-campingplaetze\/#primaryimage"},"thumbnailUrl":"https:\/\/www.tuicamper.com\/wp-docker\/wp-content\/uploads\/2024\/11\/Camping_Sardinien.jpg","keywords":["Italien","Natur","\u00dcbernachten"],"articleSection":["Reisel\u00e4nder"],"inLanguage":"de","potentialAction":[{"@type":"CommentAction","name":"Comment","target":["https:\/\/www.tuicamper.com\/magazin\/camping-sardinien-campingplaetze\/#respond"]}]},{"@type":"WebPage","@id":"https:\/\/www.tuicamper.com\/magazin\/camping-sardinien-campingplaetze\/","url":"https:\/\/www.tuicamper.com\/magazin\/camping-sardinien-campingplaetze\/","name":"Camping auf Sardinien: Unsere 5 Top-Campingpl\u00e4tze - TUI CAMPER","isPartOf":{"@id":"https:\/\/www.tuicamper.com\/#website"},"primaryImageOfPage":{"@id":"https:\/\/www.tuicamper.com\/magazin\/camping-sardinien-campingplaetze\/#primaryimage"},"image":{"@id":"https:\/\/www.tuicamper.com\/magazin\/camping-sardinien-campingplaetze\/#primaryimage"},"thumbnailUrl":"https:\/\/www.tuicamper.com\/wp-content\/uploads\/2024\/11\/Camping_Sardinien.jpg","datePublished":"2024-11-04T13:20:17+00:00","dateModified":"2025-07-01T14:54:48+00:00","author":{"@id":"https:\/\/www.tuicamper.com\/#\/schema\/person\/98975e733813f701672fd75ef9df8b69"},"description":"Die 5 sch\u00f6nsten sardischen Campingpl\u00e4tze im Portr\u00e4t. Vom Geheimtipp bis zum top-ausgestatteten Campingdorf. Jetzt entdecken!","breadcrumb":{"@id":"https:\/\/www.tuicamper.com\/magazin\/camping-sardinien-campingplaetze\/#breadcrumb"},"inLanguage":"de","potentialAction":["Array"]},{"@type":"ImageObject","inLanguage":"de","@id":"https:\/\/www.tuicamper.com\/magazin\/camping-sardinien-campingplaetze\/#primaryimage","url":"https:\/\/www.tuicamper.com\/wp-docker\/wp-content\/uploads\/2024\/11\/Camping_Sardinien.jpg","contentUrl":"https:\/\/www.tuicamper.com\/wp-docker\/wp-content\/uploads\/2024\/11\/Camping_Sardinien.jpg","width":1280,"height":492},{"@type":"BreadcrumbList","@id":"https:\/\/www.tuicamper.com\/magazin\/camping-sardinien-campingplaetze\/#breadcrumb","itemListElement":[{"@type":"ListItem","position":1,"name":"Startseite","item":"https:\/\/www.tuicamper.com\/wp-docker\/"},{"@type":"ListItem","position":2,"name":"Camping Sardinien: Unsere 4 Top-Campingpl\u00e4tze"}]},{"@type":"WebSite","@id":"https:\/\/www.tuicamper.com\/#website","url":"https:\/\/www.tuicamper.com\/","name":"TUI Camper Magazin","description":"","potentialAction":["Array"],"inLanguage":"de"},{"@type":"Person","@id":"https:\/\/www.tuicamper.com\/wp-docker\/#\/schema\/person\/98975e733813f701672fd75ef9df8b69","name":"Olli","image":{"@type":"ImageObject","inLanguage":"de","@id":"https:\/\/secure.gravatar.com\/avatar\/4529b17b9a4dec34d38f705f89e1db8c906d30537b64d795d775d528c07951ff?s=96&d=mm&r=g","url":"https:\/\/secure.gravatar.com\/avatar\/4529b17b9a4dec34d38f705f89e1db8c906d30537b64d795d775d528c07951ff?s=96&d=mm&r=g","contentUrl":"https:\/\/secure.gravatar.com\/avatar\/4529b17b9a4dec34d38f705f89e1db8c906d30537b64d795d775d528c07951ff?s=96&d=mm&r=g","caption":"Olli"},"url":"https:\/\/www.tuicamper.com\/wp-docker\/magazin\/author\/olli\/"}]}},"_links":{"self":[{"href":"https:\/\/www.tuicamper.com\/wp-docker\/wp-json\/wp\/v2\/posts\/90645","targetHints":{"allow":["GET"]}}],"collection":[{"href":"https:\/\/www.tuicamper.com\/wp-docker\/wp-json\/wp\/v2\/posts"}],"about":[{"href":"https:\/\/www.tuicamper.com\/wp-docker\/wp-json\/wp\/v2\/types\/post"}],"author":[{"embeddable":true,"href":"https:\/\/www.tuicamper.com\/wp-docker\/wp-json\/wp\/v2\/users\/5"}],"replies":[{"embeddable":true,"href":"https:\/\/www.tuicamper.com\/wp-docker\/wp-json\/wp\/v2\/comments?post=90645"}],"version-history":[{"count":14,"href":"https:\/\/www.tuicamper.com\/wp-docker\/wp-json\/wp\/v2\/posts\/90645\/revisions"}],"predecessor-version":[{"id":107444,"href":"https:\/\/www.tuicamper.com\/wp-docker\/wp-json\/wp\/v2\/posts\/90645\/revisions\/107444"}],"wp:featuredmedia":[{"embeddable":true,"href":"https:\/\/www.tuicamper.com\/wp-docker\/wp-json\/wp\/v2\/media\/90655"}],"wp:attachment":[{"href":"https:\/\/www.tuicamper.com\/wp-docker\/wp-json\/wp\/v2\/media?parent=90645"}],"wp:term":[{"taxonomy":"category","embeddable":true,"href":"https:\/\/www.tuicamper.com\/wp-docker\/wp-json\/wp\/v2\/categories?post=90645"},{"taxonomy":"post_tag","embeddable":true,"href":"https:\/\/www.tuicamper.com\/wp-docker\/wp-json\/wp\/v2\/tags?post=90645"}],"curies":[{"name":"wp","href":"https:\/\/api.w.org\/{rel}","templated":true}]}}