{"id":89480,"date":"2024-10-16T11:31:40","date_gmt":"2024-10-16T09:31:40","guid":{"rendered":"https:\/\/www.tuicamper.com\/?p=89480"},"modified":"2024-10-16T11:31:40","modified_gmt":"2024-10-16T09:31:40","slug":"camping-lueneburger-heide","status":"publish","type":"post","link":"https:\/\/www.tuicamper.com\/magazin\/camping-lueneburger-heide\/","title":{"rendered":"Camping in der L\u00fcneburger Heide: Die sch\u00f6nsten Campingpl\u00e4tze und besten Tipps"},"content":{"rendered":"<div id='av_section_1'  class='avia-section av-yloncq0-358143d5d6784684d44aea96b1bc7d5d main_color avia-section-default avia-no-border-styling  avia-builder-el-0  el_before_av_textblock  avia-builder-el-first  reduced-content avia-bg-style-scroll container_wrap sidebar_right'  ><div class='container av-section-cont-open' ><main  role=\"main\" itemprop=\"mainContentOfPage\"  class='template-page content  av-content-small alpha units'><div class='post-entry post-entry-type-page post-entry-89480'><div class='entry-content-wrapper clearfix'>\n\n<style type=\"text\/css\" data-created_by=\"avia_inline_auto\" id=\"style-css-av-y7v3eh4-ab7dbce3a277596913cdbbbe20940867\">\n.flex_column.av-y7v3eh4-ab7dbce3a277596913cdbbbe20940867{\nborder-radius:0px 0px 0px 0px;\npadding:0px 0px 0px 0px;\n}\n<\/style>\n<div  class='flex_column av-y7v3eh4-ab7dbce3a277596913cdbbbe20940867 av_one_full  avia-builder-el-1  avia-builder-el-no-sibling  first flex_column_div av-zero-column-padding  '     ><section  class='av_textblock_section av-xqwpt3c-160abca4a4771becb1da97f435f26271 '   itemscope=\"itemscope\" itemtype=\"https:\/\/schema.org\/BlogPosting\" itemprop=\"blogPost\" ><div class='avia_textblock'  itemprop=\"text\" ><p>Wenn im August und September lilafarbene Bl\u00fctenteppiche die sanften H\u00fcgel bedecken, pr\u00e4sentiert sich die L\u00fcneburger Heide von ihrer sch\u00f6nsten Seite. Aber auch abseits der Heidebl\u00fcte garantiert die einzigartige Naturlandschaft mit ihren W\u00e4ldern, Mooren und Heidefl\u00e4chen ein unvergessliches Camping-Erlebnis. Zumal sich in der Region etliche Sehensw\u00fcrdigkeiten und Freizeitparks befinden. Wir zeigen Ihnen, was Sie zum Camping in der L\u00fcneburger Heide wissen m\u00fcssen \u2013 und stellen Ihnen drei der sch\u00f6nsten Campingpl\u00e4tze vor.<\/p>\n<\/div><\/section><\/div>\n<\/div><\/div><\/main><!-- close content main element --><\/div><\/div><div id='after_section_1'  class='main_color av_default_container_wrap container_wrap sidebar_right'  ><div class='container av-section-cont-open' ><div class='template-page content  av-content-small alpha units'><div class='post-entry post-entry-type-page post-entry-89480'><div class='entry-content-wrapper clearfix'>\n<section  class='av_textblock_section av-xa1ht7s-2ca38e4eac33dd17a1fa3a925eac8f88 '   itemscope=\"itemscope\" itemtype=\"https:\/\/schema.org\/BlogPosting\" itemprop=\"blogPost\" ><div class='avia_textblock'  itemprop=\"text\" >\n<\/div><\/section>\n<\/div><\/div><\/div><!-- close content main div --><\/div><\/div><div id='av_section_2'  class='avia-section av-x2q7xig-ad5525a0b8a84731709ad4a3cd9df6f8 main_color avia-section-default avia-no-border-styling  avia-builder-el-4  el_after_av_textblock  el_before_av_section  reduced-content avia-bg-style-scroll container_wrap sidebar_right'  ><div class='container av-section-cont-open' ><div class='template-page content  av-content-small alpha units'><div class='post-entry post-entry-type-page post-entry-89480'><div class='entry-content-wrapper clearfix'>\n<section  class='av_textblock_section av-w9ltqdk-b832b55912cc7d8bcffbf49ab6676fc4 '   itemscope=\"itemscope\" itemtype=\"https:\/\/schema.org\/BlogPosting\" itemprop=\"blogPost\" ><div class='avia_textblock'  itemprop=\"text\" ><div id=\"js-table-of-contents\">\r\n    <strong>Inhaltsverzeichnis<\/strong>\r\n<\/div>\n<\/div><\/section>\n\n<\/div><\/div><\/div><!-- close content main div --><\/div><\/div><div id='av_section_3'  class='avia-section av-w3t35oo-30f4bf6793e350399899dbb34c5fc17f main_color avia-section-default avia-no-border-styling  avia-builder-el-6  el_after_av_section  el_before_av_section  reduced-content avia-bg-style-scroll container_wrap sidebar_right'  ><div class='container av-section-cont-open' ><div class='template-page content  av-content-small alpha units'><div class='post-entry post-entry-type-page post-entry-89480'><div class='entry-content-wrapper clearfix'>\n\n<style type=\"text\/css\" data-created_by=\"avia_inline_auto\" id=\"style-css-av-vixyow8-273f2cbc670056410a4a24f779740e5d\">\n.flex_column.av-vixyow8-273f2cbc670056410a4a24f779740e5d{\nborder-radius:0px 0px 0px 0px;\npadding:0px 0px 0px 0px;\n}\n<\/style>\n<div  class='flex_column av-vixyow8-273f2cbc670056410a4a24f779740e5d av_one_full  avia-builder-el-7  avia-builder-el-no-sibling  first flex_column_div av-zero-column-padding  '     ><section  class='av_textblock_section av-ux5539k-090a35b912d36445a2c9d2f963e9aac4 '   itemscope=\"itemscope\" itemtype=\"https:\/\/schema.org\/BlogPosting\" itemprop=\"blogPost\" ><div class='avia_textblock'  itemprop=\"text\" ><h2>3 Top-Campingpl\u00e4tze in der L\u00fcneburger Heide<\/h2>\n<p>Idyllische Heidelandschaften direkt vor dem Stellplatz, Camping direkt am See oder luxuri\u00f6ses Flair nahe beliebter Sehensw\u00fcrdigkeiten: In der L\u00fcneburger Heide finden sich Campingpl\u00e4tze f\u00fcr jeden Geschmack. Wir stellen Ihnen drei unserer Favoriten vor.<\/p>\n<\/div><\/section><\/div>\n\n<\/div><\/div><\/div><!-- close content main div --><\/div><\/div><div id='av_section_4'  class='avia-section av-1abks5k-2c0d2fb26d02e12bd7a69f1f45c5a3e7 main_color avia-section-default avia-no-border-styling  avia-builder-el-9  el_after_av_section  el_before_av_section  reduced-content avia-bg-style-scroll container_wrap sidebar_right'  ><div class='container av-section-cont-open' ><div class='template-page content  av-content-small alpha units'><div class='post-entry post-entry-type-page post-entry-89480'><div class='entry-content-wrapper clearfix'>\n\n<style type=\"text\/css\" data-created_by=\"avia_inline_auto\" id=\"style-css-av-sf31t4-f24a5d7845c2fff2de77942df1b3645f\">\n.flex_column.av-sf31t4-f24a5d7845c2fff2de77942df1b3645f{\nborder-radius:0px 0px 0px 0px;\npadding:0px 0px 0px 0px;\n}\n<\/style>\n<div  class='flex_column av-sf31t4-f24a5d7845c2fff2de77942df1b3645f av_one_full  avia-builder-el-10  avia-builder-el-no-sibling  first flex_column_div av-zero-column-padding  '     ><\/div>\n\n<\/div><\/div><\/div><!-- close content main div --><\/div><\/div><div id='av_section_5'  class='avia-section av-tdh411k-1b7832377337eefba53123ed842d700c main_color avia-section-default avia-no-border-styling  avia-builder-el-12  el_after_av_section  el_before_av_section  reduced-content avia-bg-style-scroll container_wrap sidebar_right'  ><div class='container av-section-cont-open' ><div class='template-page content  av-content-small alpha units'><div class='post-entry post-entry-type-page post-entry-89480'><div class='entry-content-wrapper clearfix'>\n\n<style type=\"text\/css\" data-created_by=\"avia_inline_auto\" id=\"style-css-av-sqjqt48-e88ca720ecdc820e519c2f2634003d67\">\n.flex_column.av-sqjqt48-e88ca720ecdc820e519c2f2634003d67{\nborder-radius:0px 0px 0px 0px;\npadding:0px 0px 0px 0px;\n}\n<\/style>\n<div  class='flex_column av-sqjqt48-e88ca720ecdc820e519c2f2634003d67 av_one_full  avia-builder-el-13  avia-builder-el-no-sibling  first flex_column_div av-zero-column-padding  '     ><section  class='av_textblock_section av-s8vy07c-7370e41c8aa3dc53f5e3ed4624a37e64 '   itemscope=\"itemscope\" itemtype=\"https:\/\/schema.org\/BlogPosting\" itemprop=\"blogPost\" ><div class='avia_textblock'  itemprop=\"text\" ><h3>1.) Campingplatz zum Oertzewinkel \u2013 idyllisches Camping im Oertzetal<\/h3>\n<p>Im Herzen der L\u00fcneburger Heide und doch wunderbar ruhig liegt der <a href=\"https:\/\/www.oertzewinkel.de\/\" target=\"_blank\" rel=\"noopener\">Campingplatz zum Oertzewinkel<\/a>. Eingebettet zwischen W\u00e4ldern, der idyllisch dahinpl\u00e4tschernden Kleinen \u00d6rtze und der sanften Heidelandschaft k\u00f6nnen Sie hier die Natur in vollen Z\u00fcgen genie\u00dfen. Auf Wanderungen und Fahrradtouren durch das kleine Oertzetal lernen Sie die einzigartige Region kennen. Aber auch der gr\u00fcne Platz selbst hat viel zu bieten \u2013 von einem Gasthaus mit hervorragender regionaler K\u00fcche \u00fcber einen Naturbadeteich bis hin zu Spielpl\u00e4tzen f\u00fcr die Kleinsten. Und auch Hunde sind vor Ort herzlich willkommen. Praktisch: Wer mit Hund anreist, bekommt vor Ort einen Hunde-Infoflyer ausgeh\u00e4ndigt, der die sch\u00f6nsten Rundwege und Ausflugsm\u00f6glichkeiten mit Hund und nahegelegene Tierarztpraxen aufzeigt.<\/p>\n<\/div><\/section><\/div>\n\n<\/div><\/div><\/div><!-- close content main div --><\/div><\/div><div id='av_section_6'  class='avia-section av-uiqotoo-e431d6fb8aa4200deecc9b4ef83825f9 main_color avia-section-default avia-no-border-styling  avia-builder-el-15  el_after_av_section  el_before_av_section  reduced-content avia-bg-style-scroll container_wrap sidebar_right'  ><div class='container av-section-cont-open' ><div class='template-page content  av-content-small alpha units'><div class='post-entry post-entry-type-page post-entry-89480'><div class='entry-content-wrapper clearfix'>\n\n<style type=\"text\/css\" data-created_by=\"avia_inline_auto\" id=\"style-css-av-u52722w-7e7a671d1e3f31b08d4deaa248e39097\">\n.avia-image-container.av-u52722w-7e7a671d1e3f31b08d4deaa248e39097 img.avia_image{\nbox-shadow:none;\n}\n.avia-image-container.av-u52722w-7e7a671d1e3f31b08d4deaa248e39097 .av-caption-image-overlay-bg{\nopacity:0.4;\nbackground-color:#000000;\n}\n.avia-image-container.av-u52722w-7e7a671d1e3f31b08d4deaa248e39097 .av-image-caption-overlay-center{\ncolor:#ffffff;\n}\n<\/style>\n<div  class='avia-image-container av-u52722w-7e7a671d1e3f31b08d4deaa248e39097 av-styling- av-img-linked avia_animated_image av-animated-when-visible-95 fade-in avia-align-center  avia-builder-el-16  el_before_av_hr  avia-builder-el-first  noHover av-overlay-on-hover'   itemprop=\"image\" itemscope=\"itemscope\" itemtype=\"https:\/\/schema.org\/ImageObject\" ><div class=\"avia-image-container-inner\"><div class=\"avia-image-overlay-wrap\"><a href=\"https:\/\/www.tuicamper.com\/wp-docker\/wp-content\/uploads\/2024\/10\/Luenburger_Heide_Stall-1030x644.jpg\" data-srcset=\"https:\/\/www.tuicamper.com\/wp-docker\/wp-content\/uploads\/2024\/10\/Luenburger_Heide_Stall-1030x644.jpg 1030w, https:\/\/www.tuicamper.com\/wp-docker\/wp-content\/uploads\/2024\/10\/Luenburger_Heide_Stall-300x188.jpg 300w, https:\/\/www.tuicamper.com\/wp-docker\/wp-content\/uploads\/2024\/10\/Luenburger_Heide_Stall-768x480.jpg 768w, https:\/\/www.tuicamper.com\/wp-docker\/wp-content\/uploads\/2024\/10\/Luenburger_Heide_Stall-705x441.jpg 705w, https:\/\/www.tuicamper.com\/wp-docker\/wp-content\/uploads\/2024\/10\/Luenburger_Heide_Stall.jpg 1440w\" data-sizes=\"(max-width: 1030px) 100vw, 1030px\" class='avia_image '  aria-label='Luenburger Heide Schafstall'><div class=\"av-image-caption-overlay\"><div class=\"av-caption-image-overlay-bg\"><\/div><div class=\"av-image-caption-overlay-position\"><div class=\"av-image-caption-overlay-center\"><p>Schafstall in der L\u00fcneburger Heide<\/p>\n<\/div><\/div><\/div><img decoding=\"async\" fetchpriority=\"high\" class='wp-image-89490 avia-img-lazy-loading-not-89490 avia_image ' src=\"https:\/\/www.tuicamper.com\/wp-docker\/wp-content\/uploads\/2024\/10\/Luenburger_Heide_Stall-845x684.jpg\" alt='Luenburger Heide Schafstall' title='Luenburger Heide Schafstall'  height=\"684\" width=\"845\"  itemprop=\"thumbnailUrl\" srcset=\"https:\/\/www.tuicamper.com\/wp-docker\/wp-content\/uploads\/2024\/10\/Luenburger_Heide_Stall-845x684.jpg 845w, https:\/\/www.tuicamper.com\/wp-docker\/wp-content\/uploads\/2024\/10\/Luenburger_Heide_Stall-495x400.jpg 495w\" sizes=\"(max-width: 845px) 100vw, 845px\" \/><\/a><\/div><\/div><\/div>\n\n<style type=\"text\/css\" data-created_by=\"avia_inline_auto\" id=\"style-css-av-tt4oya0-9158349bddfdc7519c831feb94b09fb1\">\n#top .hr.hr-invisible.av-tt4oya0-9158349bddfdc7519c831feb94b09fb1{\nheight:25px;\n}\n<\/style>\n<div  class='hr av-tt4oya0-9158349bddfdc7519c831feb94b09fb1 hr-invisible  avia-builder-el-17  el_after_av_image  avia-builder-el-last '><span class='hr-inner '><span class=\"hr-inner-style\"><\/span><\/span><\/div>\n\n<\/div><\/div><\/div><!-- close content main div --><\/div><\/div><div id='av_section_7'  class='avia-section av-qg3oo6g-f834fc8544004ec1cf9ed72e1b373aa6 main_color avia-section-default avia-no-border-styling  avia-builder-el-18  el_after_av_section  el_before_av_section  reduced-content avia-bg-style-scroll container_wrap sidebar_right'  ><div class='container av-section-cont-open' ><div class='template-page content  av-content-small alpha units'><div class='post-entry post-entry-type-page post-entry-89480'><div class='entry-content-wrapper clearfix'>\n\n<style type=\"text\/css\" data-created_by=\"avia_inline_auto\" id=\"style-css-av-prxwiiw-f78afa193dcbb49251f0aac81fe6afe5\">\n.flex_column.av-prxwiiw-f78afa193dcbb49251f0aac81fe6afe5{\nborder-radius:0px 0px 0px 0px;\npadding:0px 0px 0px 0px;\n}\n<\/style>\n<div  class='flex_column av-prxwiiw-f78afa193dcbb49251f0aac81fe6afe5 av_one_full  avia-builder-el-19  avia-builder-el-no-sibling  first flex_column_div av-zero-column-padding  '     ><section  class='av_textblock_section av-pnmg8h4-dd1f4d6b5cd69f2dddee83c315952e22 '   itemscope=\"itemscope\" itemtype=\"https:\/\/schema.org\/BlogPosting\" itemprop=\"blogPost\" ><div class='avia_textblock'  itemprop=\"text\" ><h3>2.) R\u00f6ders\u2019 Park \u2013 5-Sterne-Camping in der L\u00fcneburger Heide<\/h3>\n<p>Lust auf komfortables <a href=\"https:\/\/www.tuicamper.com\/magazin\/glamping-deutschland\/\">Glamping in Deutschland<\/a> \u2013 mitten in der wundersch\u00f6nen Landschaft der L\u00fcneburger Heide? Dann sind Sie auf dem 5-Sterne-Campingplatz <a href=\"https:\/\/www.roeders-park.de\/\" target=\"_blank\" rel=\"noopener\">R\u00f6ders\u2019 Park<\/a> genau richtig. Die park\u00e4hnliche Anlage am Rande des Ebsmoors ist top ausgestattet und bietet genau das richtige Ma\u00df Luxus f\u00fcr ein rundum entspanntes Camping in der L\u00fcneburger Heide.<\/p>\n<\/div><\/section><\/div>\n\n<\/div><\/div><\/div><!-- close content main div --><\/div><\/div><div id='av_section_8'  class='avia-section av-ak0rbc-b97838da61d7534edcdc924eac8e63d1 main_color avia-section-default avia-no-border-styling  avia-builder-el-21  el_after_av_section  el_before_av_section  reduced-content avia-bg-style-scroll container_wrap sidebar_right'  ><div class='container av-section-cont-open' ><div class='template-page content  av-content-small alpha units'><div class='post-entry post-entry-type-page post-entry-89480'><div class='entry-content-wrapper clearfix'>\n\n<style type=\"text\/css\" data-created_by=\"avia_inline_auto\" id=\"style-css-av-2pymsko-7e66dd51eab1b7aed66e400583007998\">\n.flex_column.av-2pymsko-7e66dd51eab1b7aed66e400583007998{\nborder-radius:0px 0px 0px 0px;\npadding:0px 0px 0px 0px;\n}\n<\/style>\n<div  class='flex_column av-2pymsko-7e66dd51eab1b7aed66e400583007998 av_one_full  avia-builder-el-22  avia-builder-el-no-sibling  first flex_column_div av-zero-column-padding  '     ><section  class='av_textblock_section av-m2bhckqh-3c44f0e8e8c02637d3a2d74fa7d34b80 '   itemscope=\"itemscope\" itemtype=\"https:\/\/schema.org\/BlogPosting\" itemprop=\"blogPost\" ><div class='avia_textblock'  itemprop=\"text\" ><h3>3.) Camping am Hardausee \u2013 Heide, See und Komfort<\/h3>\n<p>Auch der mehrfach ausgezeichnete <a href=\"https:\/\/www.camping-hardausee.de\/\" target=\"_blank\" rel=\"noopener\">Campingplatz am Hardausee<\/a> lockt mit 5 Sternen. Hier haben Sie Gelegenheit, einen Wohnmobil-Urlaub in der L\u00fcneburger Heide mit entspanntem <a href=\"https:\/\/www.tuicamper.com\/magazin\/camping-am-see-in-deutschland\/\">Camping am See<\/a> zu verbinden. Der Platz liegt fu\u00dfl\u00e4ufig zum idyllischen Hardausee, der \u00fcber einen eigenen Badestrand mit Spielbereich verf\u00fcgt. Der Campingplatz selbst punktet mit viel Komfort. Etwa mit gro\u00dfz\u00fcgigen Stellpl\u00e4tzen und einem umfangreichen Wellnessangebot.<\/p>\n<\/div><\/section><\/div>\n\n<\/div><\/div><\/div><!-- close content main div --><\/div><\/div><div id='av_section_9'  class='avia-section av-28zyhe0-5e4330590a647dc3993f5adee885918a main_color avia-section-default avia-no-border-styling  avia-builder-el-24  el_after_av_section  el_before_av_section  reduced-content avia-bg-style-scroll container_wrap sidebar_right'  ><div class='container av-section-cont-open' ><div class='template-page content  av-content-small alpha units'><div class='post-entry post-entry-type-page post-entry-89480'><div class='entry-content-wrapper clearfix'>\n\n<style type=\"text\/css\" data-created_by=\"avia_inline_auto\" id=\"style-css-av-re4jr0o-ed77ef85dd6edf523b42ad7e96bfc85c\">\n.avia-image-container.av-re4jr0o-ed77ef85dd6edf523b42ad7e96bfc85c img.avia_image{\nbox-shadow:none;\n}\n.avia-image-container.av-re4jr0o-ed77ef85dd6edf523b42ad7e96bfc85c .av-caption-image-overlay-bg{\nopacity:0.4;\nbackground-color:#000000;\n}\n.avia-image-container.av-re4jr0o-ed77ef85dd6edf523b42ad7e96bfc85c .av-image-caption-overlay-center{\ncolor:#ffffff;\n}\n<\/style>\n<div  class='avia-image-container av-re4jr0o-ed77ef85dd6edf523b42ad7e96bfc85c av-styling- av-img-linked avia_animated_image av-animated-when-visible-95 fade-in avia-align-center  avia-builder-el-25  avia-builder-el-no-sibling  noHover av-overlay-on-hover'   itemprop=\"image\" itemscope=\"itemscope\" itemtype=\"https:\/\/schema.org\/ImageObject\" ><div class=\"avia-image-container-inner\"><div class=\"avia-image-overlay-wrap\"><a href=\"https:\/\/www.tuicamper.com\/wp-docker\/wp-content\/uploads\/2024\/10\/Luenburger_Heide_Reh-1030x644.jpg\" data-srcset=\"https:\/\/www.tuicamper.com\/wp-docker\/wp-content\/uploads\/2024\/10\/Luenburger_Heide_Reh-1030x644.jpg 1030w, https:\/\/www.tuicamper.com\/wp-docker\/wp-content\/uploads\/2024\/10\/Luenburger_Heide_Reh-300x188.jpg 300w, https:\/\/www.tuicamper.com\/wp-docker\/wp-content\/uploads\/2024\/10\/Luenburger_Heide_Reh-768x480.jpg 768w, https:\/\/www.tuicamper.com\/wp-docker\/wp-content\/uploads\/2024\/10\/Luenburger_Heide_Reh-705x441.jpg 705w, https:\/\/www.tuicamper.com\/wp-docker\/wp-content\/uploads\/2024\/10\/Luenburger_Heide_Reh.jpg 1440w\" data-sizes=\"(max-width: 1030px) 100vw, 1030px\" class='avia_image '  aria-label='L\u00fcneburger Heide Reh'><div class=\"av-image-caption-overlay\"><div class=\"av-caption-image-overlay-bg\"><\/div><div class=\"av-image-caption-overlay-position\"><div class=\"av-image-caption-overlay-center\"><p>Die L\u00fcneburger Heide ist ein Lebensraum f\u00fcr eine Vielzahl seltener Tiere und Pflanzen<\/p>\n<\/div><\/div><\/div><img decoding=\"async\" fetchpriority=\"high\" class='wp-image-89502 avia-img-lazy-loading-not-89502 avia_image ' src=\"https:\/\/www.tuicamper.com\/wp-docker\/wp-content\/uploads\/2024\/10\/Luenburger_Heide_Reh-845x684.jpg\" alt='L\u00fcneburger Heide Reh' title='L\u00fcneburger Heide Reh'  height=\"684\" width=\"845\"  itemprop=\"thumbnailUrl\" srcset=\"https:\/\/www.tuicamper.com\/wp-docker\/wp-content\/uploads\/2024\/10\/Luenburger_Heide_Reh-845x684.jpg 845w, https:\/\/www.tuicamper.com\/wp-docker\/wp-content\/uploads\/2024\/10\/Luenburger_Heide_Reh-495x400.jpg 495w\" sizes=\"(max-width: 845px) 100vw, 845px\" \/><\/a><\/div><\/div><\/div>\n<\/div><\/div><\/div><!-- close content main div --><\/div><\/div><div id='av_section_10'  class='avia-section av-nhbtwdk-420f6a237c51b4578aca828d42e8b1ab main_color avia-section-default avia-no-border-styling  avia-builder-el-26  el_after_av_section  el_before_av_section  reduced-content avia-bg-style-scroll container_wrap sidebar_right'  ><div class='container av-section-cont-open' ><div class='template-page content  av-content-small alpha units'><div class='post-entry post-entry-type-page post-entry-89480'><div class='entry-content-wrapper clearfix'>\n\n<style type=\"text\/css\" data-created_by=\"avia_inline_auto\" id=\"style-css-av-ncrzep4-0403cc9b1ed5688ba75dc7eae21c3c56\">\n.flex_column.av-ncrzep4-0403cc9b1ed5688ba75dc7eae21c3c56{\nborder-radius:0px 0px 0px 0px;\npadding:0px 0px 0px 0px;\n}\n<\/style>\n<div  class='flex_column av-ncrzep4-0403cc9b1ed5688ba75dc7eae21c3c56 av_one_full  avia-builder-el-27  avia-builder-el-no-sibling  first flex_column_div av-zero-column-padding  '     ><section  class='av_textblock_section av-muhbk5k-108e987a7bd060f55e0da24fcc17187e '   itemscope=\"itemscope\" itemtype=\"https:\/\/schema.org\/BlogPosting\" itemprop=\"blogPost\" ><div class='avia_textblock'  itemprop=\"text\" ><h2>Diese 7 Sehensw\u00fcrdigkeiten sind ein Must-see<\/h2>\n<p>Die L\u00fcneburger Heide wird von etlichen Rad- und Wanderwegen durchzogen, die durch idyllische Heide-, Moor- und Waldlandschaften und malerische D\u00f6rfchen f\u00fchren. Die Region hat aber auch ganz konkrete Highlights zu bieten, die w\u00e4hrend der Camping-Tour zu Ausfl\u00fcgen einladen. Sieben Sehensw\u00fcrdigkeiten, die in jedem Fall einen Besuch wert sind:<\/p>\n<ol>\n<li><strong>Altstadt von L\u00fcneburg<\/strong>: Kopfsteingepflasterte Stra\u00dfen, mittelalterliche Kaufmannsh\u00e4user im Stil der Backsteingotik und etliche kulturelle Highlights: ein Spaziergang durch die L\u00fcneburger Altstadt ist eine absolutes Muss. Aber auch ein Abstecher zum Deutschen Salzmuseum lohnt sich.<\/li>\n<li><strong>Heidedorf Wilsede<\/strong>: Bei Wanderungen und Fahrradtouren durch die L\u00fcneburger Heide sto\u00dfen Sie immer wieder auf kleine Heided\u00f6rfer, die malerischer kaum sein k\u00f6nnten. Bestes Beispiel ist das idyllische Wilsede, das sich seinen urspr\u00fcnglichen Charakter bis heute bewahrt hat und lediglich via Fahrrad, zu Fu\u00df oder per Kutsche erreicht werden kann.<\/li>\n<li><strong>Schloss von Celle<\/strong>: Nicht nur L\u00fcneburg, auch Celle im S\u00fcden der L\u00fcneburger Heide punktet mit einer wundersch\u00f6nen \u2013 aus hunderten Fachwerkh\u00e4usern bestehenden \u2013 Altstadt. Empfehlenswertes Ausflugsziel ist aber insbesondere das absolut instagram-taugliche Celler Schloss.<\/li>\n<li><strong>Hundertwasser-Bahnhof in Uelzen<\/strong>: Einplanen sollten Sie auch einen Besuch der Hansestadt Uelzen. Hier ist es allerdings nicht die Altstadt, die Besucher aus ganz Deutschland in den Bann zieht \u2013 sondern der Bahnhof. Dieser wurde vom ber\u00fchmten K\u00fcnstler Friedensreich Hundertwasser gestaltet und ist damit ein absoluter Eyecatcher.<\/li>\n<li><strong>Wanderung durch das Pietzmoor<\/strong>: Das Pietzmoor gilt als gr\u00f6\u00dftes zusammenh\u00e4ngendes Moor der L\u00fcneburger Heide und punktet mit einer verwunschen wirkenden Landschaft, die Sie \u00fcber einen Rundwanderweg auf Bohlenstegen entdecken k\u00f6nnen.<\/li>\n<li><strong>Heidegarten von Schneverdingen<\/strong>: Im Heidegarten von Schneverdingen zeigt die Heide ihre Bl\u00fctenpracht das gesamte Jahr hindurch. Daf\u00fcr sorgt die Vielfalt an \u00fcber 200, teils sehr seltenen, Arten von Heidepflanzen.<\/li>\n<li><strong>Barfu\u00dfpark L\u00fcneburger Heide<\/strong>: Besonders intensive Heideerlebnisse verspricht der Barfu\u00dfpark in Egestorf. Auf Naturwegen aus wechselnden Untergr\u00fcnden erkunden Sie barfu\u00df die Landschaft mitten im Naturschutzgebiet \u2013 und sammeln dabei ganz neue Sinneseindr\u00fccke.<\/li>\n<\/ol>\n<\/div><\/section><\/div>\n<\/p>\n<\/div><\/div><\/div><!-- close content main div --><\/div><\/div><div id='av_section_11'  class='avia-section av-1sd4p54-a60cf415ec963cbe37aa9d07e38c3b37 main_color avia-section-default avia-no-border-styling  avia-builder-el-29  el_after_av_section  el_before_av_section  reduced-content avia-bg-style-scroll container_wrap sidebar_right'  ><div class='container av-section-cont-open' ><div class='template-page content  av-content-small alpha units'><div class='post-entry post-entry-type-page post-entry-89480'><div class='entry-content-wrapper clearfix'>\n\n<style type=\"text\/css\" data-created_by=\"avia_inline_auto\" id=\"style-css-av-1aqvmeg-f3d0ea60ded62c6a056cf5666eac101c\">\n.avia-image-container.av-1aqvmeg-f3d0ea60ded62c6a056cf5666eac101c img.avia_image{\nbox-shadow:none;\n}\n.avia-image-container.av-1aqvmeg-f3d0ea60ded62c6a056cf5666eac101c .av-caption-image-overlay-bg{\nopacity:0.4;\nbackground-color:#000000;\n}\n.avia-image-container.av-1aqvmeg-f3d0ea60ded62c6a056cf5666eac101c .av-image-caption-overlay-center{\ncolor:#ffffff;\n}\n<\/style>\n<div  class='avia-image-container av-1aqvmeg-f3d0ea60ded62c6a056cf5666eac101c av-styling- av-img-linked avia_animated_image av-animated-when-visible-95 fade-in avia-align-center  avia-builder-el-30  el_before_av_hr  avia-builder-el-first  noHover av-overlay-on-hover'   itemprop=\"image\" itemscope=\"itemscope\" itemtype=\"https:\/\/schema.org\/ImageObject\" ><div class=\"avia-image-container-inner\"><div class=\"avia-image-overlay-wrap\"><a href=\"https:\/\/www.tuicamper.com\/wp-docker\/wp-content\/uploads\/2024\/10\/Lueneburg-1030x644.jpg\" data-srcset=\"https:\/\/www.tuicamper.com\/wp-docker\/wp-content\/uploads\/2024\/10\/Lueneburg-1030x644.jpg 1030w, https:\/\/www.tuicamper.com\/wp-docker\/wp-content\/uploads\/2024\/10\/Lueneburg-300x188.jpg 300w, https:\/\/www.tuicamper.com\/wp-docker\/wp-content\/uploads\/2024\/10\/Lueneburg-768x480.jpg 768w, https:\/\/www.tuicamper.com\/wp-docker\/wp-content\/uploads\/2024\/10\/Lueneburg-705x441.jpg 705w, https:\/\/www.tuicamper.com\/wp-docker\/wp-content\/uploads\/2024\/10\/Lueneburg.jpg 1440w\" data-sizes=\"(max-width: 1030px) 100vw, 1030px\" class='avia_image '  aria-label='L\u00fcneburg'><div class=\"av-image-caption-overlay\"><div class=\"av-caption-image-overlay-bg\"><\/div><div class=\"av-image-caption-overlay-position\"><div class=\"av-image-caption-overlay-center\"><p>Blick auf das malerische L\u00fcneburg und die Ilmenau<\/p>\n<\/div><\/div><\/div><img decoding=\"async\" fetchpriority=\"high\" class='wp-image-89491 avia-img-lazy-loading-not-89491 avia_image ' src=\"https:\/\/www.tuicamper.com\/wp-docker\/wp-content\/uploads\/2024\/10\/Lueneburg-845x684.jpg\" alt='L\u00fcneburg' title='L\u00fcneburg'  height=\"684\" width=\"845\"  itemprop=\"thumbnailUrl\" srcset=\"https:\/\/www.tuicamper.com\/wp-docker\/wp-content\/uploads\/2024\/10\/Lueneburg-845x684.jpg 845w, https:\/\/www.tuicamper.com\/wp-docker\/wp-content\/uploads\/2024\/10\/Lueneburg-495x400.jpg 495w\" sizes=\"(max-width: 845px) 100vw, 845px\" \/><\/a><\/div><\/div><\/div>\n\n<style type=\"text\/css\" data-created_by=\"avia_inline_auto\" id=\"style-css-av-oquoco-074af7bf3d1e49705137a369656f702a\">\n#top .hr.hr-invisible.av-oquoco-074af7bf3d1e49705137a369656f702a{\nheight:25px;\n}\n<\/style>\n<div  class='hr av-oquoco-074af7bf3d1e49705137a369656f702a hr-invisible  avia-builder-el-31  el_after_av_image  avia-builder-el-last '><span class='hr-inner '><span class=\"hr-inner-style\"><\/span><\/span><\/div>\n\n<\/div><\/div><\/div><!-- close content main div --><\/div><\/div><div id='av_section_12'  class='avia-section av-44bnzxk-ed5e7cbf6fbddb644704f8cf6da6f9ae main_color avia-section-default avia-no-border-styling  avia-builder-el-32  el_after_av_section  el_before_av_section  reduced-content avia-bg-style-scroll container_wrap sidebar_right'  ><div class='container av-section-cont-open' ><div class='template-page content  av-content-small alpha units'><div class='post-entry post-entry-type-page post-entry-89480'><div class='entry-content-wrapper clearfix'>\n\n<style type=\"text\/css\" data-created_by=\"avia_inline_auto\" id=\"style-css-av-3k1m9yg-728ce9246b2084708098f32ae74e275c\">\n.flex_column.av-3k1m9yg-728ce9246b2084708098f32ae74e275c{\nborder-radius:0px 0px 0px 0px;\npadding:0px 0px 0px 0px;\n}\n<\/style>\n<div  class='flex_column av-3k1m9yg-728ce9246b2084708098f32ae74e275c av_one_full  avia-builder-el-33  avia-builder-el-no-sibling  first flex_column_div av-zero-column-padding  '     ><section  class='av_textblock_section av-34tmwrs-9185819597597da237c14da6c849a715 '   itemscope=\"itemscope\" itemtype=\"https:\/\/schema.org\/BlogPosting\" itemprop=\"blogPost\" ><div class='avia_textblock'  itemprop=\"text\" ><h2>Ausflugstipps f\u00fcr Familien und Adrenalin-Junkies<\/h2>\n<p>Viele Camper verbinden die L\u00fcneburger Heide in erster Linie mit ihrer idyllischen Naturlandschaft. Doch die Region ist auch ein echtes Freizeit-Paradies \u2013 mit Strahlkraft \u00fcber ganz Europa. Nirgendwo sonst auf dem Kontinent finden sich auf engstem Raum so viele Freizeit-, Abenteuer-, Tier- und Vergn\u00fcgungsparks:<\/p>\n<ul>\n<li>Unternehmen Sie rasante Achterbahnfahrten im <strong>Heide Park in Soltau<\/strong> \u2013 z.B. auf dem Colossos, der h\u00f6chsten Holzachterbahn Europas. Einziges Manko: Es handelt sich nicht um einen <a href=\"https:\/\/www.tuicamper.com\/magazin\/freizeitparks-mit-campingplatz\/\">Freizeitpark mit Campingplatz<\/a> \u2013 in der Umgebung werden Sie aber garantiert f\u00fcndig.<\/li>\n<li>Gehen Sie im gr\u00f6\u00dften Safaripark Europas auf Tuchf\u00fchlung mit den Big Five. Auf \u00fcber 220 Hektar k\u00f6nnen Sie im <strong>Serengeti-Park in Hodenhagen<\/strong> rund 1.500 freilebende Tiere bestaunen.<\/li>\n<li>Bewundern Sie Singstimmen und Gefieder etlicher einheimischer und exotischer V\u00f6gel im <strong>Weltvogelpark in Walsrode<\/strong>. Die Artenvielfalt im gr\u00f6\u00dften Vogelpark Deutschlands ist einfach atemberaubend.<\/li>\n<\/ul>\n<p>Neben diesen Highlights lockt die L\u00fcneburger Heide noch mit zahlreichen kleineren Erlebnisparks. Viel Abwechslung f\u00fcr kleine und gro\u00dfe Abenteurer hat etwa die Gemeinde <strong>Bispingen<\/strong> zu bieten. Hier befinden sich unter anderem ein Abenteuerlabyrinth, eine Indoor-Skianlage und das \u201eVerr\u00fcckte Haus\u201c, das im wahrsten Sinne des Wortes auf dem Kopf steht.<\/p>\n<\/div><\/section><\/div>\n\n<\/div><\/div><\/div><!-- close content main div --><\/div><\/div><div id='av_section_13'  class='avia-section av-p5qdi94-1007aad21122971d099a1981b4bb37fb main_color avia-section-default avia-no-border-styling  avia-builder-el-35  el_after_av_section  el_before_av_section  magazine-slider-section fullwidth_section avia-bg-style-scroll container_wrap sidebar_right'  ><div class='container av-section-cont-open' ><div class='template-page content  av-content-small alpha units'><div class='post-entry post-entry-type-page post-entry-89480'><div class='entry-content-wrapper clearfix'>\n\n<style type=\"text\/css\" data-created_by=\"avia_inline_auto\" id=\"style-css-av-onh0t8o-86f9eff46288c31c28be615447d7270f\">\n.flex_column.av-onh0t8o-86f9eff46288c31c28be615447d7270f{\nborder-radius:0px 0px 0px 0px;\npadding:0px 0px 0px 0px;\n}\n<\/style>\n<div  class='flex_column av-onh0t8o-86f9eff46288c31c28be615447d7270f av_one_full  avia-builder-el-36  avia-builder-el-no-sibling  first flex_column_div av-zero-column-padding  '     ><section  class='av_textblock_section av-o1xufm0-097f1071970d39be14a02c2015d90000 '   itemscope=\"itemscope\" itemtype=\"https:\/\/schema.org\/BlogPosting\" itemprop=\"blogPost\" ><div class='avia_textblock'  itemprop=\"text\" ><div class=\"flex_column av_three_fourth flex_column_div av-zero-column-padding first el_before_av_one_fourth avia-builder-el-first headline-section\">\r\n    <section class=\"av_textblock_section \" itemscope=\"itemscope\"\r\n             itemtype=\"https:\/\/schema.org\/CreativeWork\">\r\n                    <div class=\"avia_textblock\" itemprop=\"text\">\r\n                                    Aus dem TUI Camper Magazin:<br>\r\n                                Spannende Artikel \u00fcber Deutschland            <\/div>\r\n            <\/section>\r\n<\/div>\r\n<div class=\"flex_column av_one_fourth flex_column_div av-zero-column-padding el_after_av_three_fourth el_before_av_feature_image_slider avia-builder-el-last logo-section\">\r\n    <div class=\"avia-image-container avia-builder-el-no-sibling avia-align-center\"\r\n         itemprop=\"image\" itemscope=\"itemscope\" itemtype=\"https:\/\/schema.org\/ImageObject\">\r\n        <div class=\"avia-image-container-inner\">\r\n            <div class=\"avia-image-overlay-wrap\">\r\n                <a href=\"\/magazin\/\">\r\n                    <img decoding=\"async\" class=\"wp-image-3099 avia-img-lazy-loading-not-3099 avia_image\"\r\n                         src=\"\/wp-docker\/wp-content\/themes\/tuicamper_enfold\/assets\/img\/logo_350-135.png\"\r\n                         alt=\"TUI Camper Magazin\" height=\"69\" width=\"150\"\r\n                         itemprop=\"thumbnailUrl\">\r\n                <\/a>\r\n            <\/div>\r\n        <\/div>\r\n    <\/div>\r\n<\/div>\r\n<div class=\"flex_column av_one_full flex_column_div av-zero-column-padding first el_before_av_textblock avia-builder-el-first\"\r\n     style=\"border-radius:0px;\">\r\n    <div class=\"carousel\">\r\n                    <div class=\"carousel-cell\">\r\n                <a href=\"https:\/\/www.tuicamper.com\/magazin\/fkk-camping-ostsee\/\">\r\n                    <div class=\"img-container\" style=\"background-image: url('https:\/\/www.tuicamper.com\/wp-docker\/wp-content\/uploads\/2024\/08\/FKK_Campingplaetze_Deutschland.jpg');\"><\/div>\r\n                    <p>FKK-Camping an der Ostsee: Die 5 sch\u00f6nsten Campingpl\u00e4tze <span class=\"dashicons dashicons-arrow-right-alt2\"><\/span><\/p>\r\n                <\/a>\r\n            <\/div>\r\n                    <div class=\"carousel-cell\">\r\n                <a href=\"https:\/\/www.tuicamper.com\/magazin\/camping-im-mai\/\">\r\n                    <div class=\"img-container\" style=\"background-image: url('https:\/\/www.tuicamper.com\/wp-docker\/wp-content\/uploads\/2025\/02\/camping-im-mai-teaser.jpg');\"><\/div>\r\n                    <p>Camping im Mai \u2013 Die 5 sch\u00f6nsten Reiseziele f\u00fcr die Wohnmobil-Tour <span class=\"dashicons dashicons-arrow-right-alt2\"><\/span><\/p>\r\n                <\/a>\r\n            <\/div>\r\n                    <div class=\"carousel-cell\">\r\n                <a href=\"https:\/\/www.tuicamper.com\/magazin\/mit-dem-camper-entlang-der-ostseekueste\/\">\r\n                    <div class=\"img-container\" style=\"background-image: url('https:\/\/www.tuicamper.com\/wp-docker\/wp-content\/uploads\/2021\/07\/seebruecke-sellin.jpg');\"><\/div>\r\n                    <p>Mit dem Camper entlang der Ostseek\u00fcste: Von Kiel bis nach R\u00fcgen <span class=\"dashicons dashicons-arrow-right-alt2\"><\/span><\/p>\r\n                <\/a>\r\n            <\/div>\r\n                    <div class=\"carousel-cell\">\r\n                <a href=\"https:\/\/www.tuicamper.com\/magazin\/camping-im-legoland-guenzburg\/\">\r\n                    <div class=\"img-container\" style=\"background-image: url('https:\/\/www.tuicamper.com\/wp-docker\/wp-content\/uploads\/2026\/03\/legoland-camping-header.jpg');\"><\/div>\r\n                    <p>Camping im Legoland G\u00fcnzburg: Diese M\u00f6glichkeiten haben Sie <span class=\"dashicons dashicons-arrow-right-alt2\"><\/span><\/p>\r\n                <\/a>\r\n            <\/div>\r\n                    <div class=\"carousel-cell\">\r\n                <a href=\"https:\/\/www.tuicamper.com\/magazin\/camper-idyll-nordseekueste\/\">\r\n                    <div class=\"img-container\" style=\"background-image: url('https:\/\/www.tuicamper.com\/wp-docker\/wp-content\/uploads\/2020\/02\/nordsee-panorama.jpg');\"><\/div>\r\n                    <p>Camper-Idyll Nordseek\u00fcste: Von Ostfriesland bis nach Hamburg <span class=\"dashicons dashicons-arrow-right-alt2\"><\/span><\/p>\r\n                <\/a>\r\n            <\/div>\r\n                    <div class=\"carousel-cell\">\r\n                <a href=\"https:\/\/www.tuicamper.com\/magazin\/muenchen-sehenswuerdigkeiten\/\">\r\n                    <div class=\"img-container\" style=\"background-image: url('https:\/\/www.tuicamper.com\/wp-docker\/wp-content\/uploads\/2025\/09\/muenchen-sehenswuerdigkeiten-header.jpg');\"><\/div>\r\n                    <p>M\u00fcnchen Sehensw\u00fcrdigkeiten: Die sch\u00f6nsten Highlights, Campingpl\u00e4tze &#038; Tipps <span class=\"dashicons dashicons-arrow-right-alt2\"><\/span><\/p>\r\n                <\/a>\r\n            <\/div>\r\n            <\/div>\r\n<\/div>\n<\/div><\/section><\/div>\n\n<div id='av_section_14'  class='avia-section av-1c46bag-7a83062630ec01e68fef63b3bc9a489a main_color avia-section-default avia-no-border-styling  avia-builder-el-0  el_before_av_textblock  avia-builder-el-first  reduced-content avia-bg-style-scroll container_wrap sidebar_right'  ><div class='container av-section-cont-open' ><main  role=\"main\" itemprop=\"mainContentOfPage\"  class='template-page content  av-content-small alpha units'><div class='post-entry post-entry-type-page post-entry-89480'><div class='entry-content-wrapper clearfix'>\n\n<style type=\"text\/css\" data-created_by=\"avia_inline_auto\" id=\"style-css-av-nyovfs-7ec7bbc760c1d67a2766943dd2043afb\">\n.flex_column.av-nyovfs-7ec7bbc760c1d67a2766943dd2043afb{\nborder-radius:0px 0px 0px 0px;\npadding:0px 0px 0px 0px;\n}\n<\/style>\n<div  class='flex_column av-nyovfs-7ec7bbc760c1d67a2766943dd2043afb av_one_full  avia-builder-el-1  avia-builder-el-no-sibling  first flex_column_div av-zero-column-padding  '     ><section  class='av_textblock_section av-m2bhee5y-f2f438e0fce6dc4febc1aa4b0e746468 '   itemscope=\"itemscope\" itemtype=\"https:\/\/schema.org\/BlogPosting\" itemprop=\"blogPost\" ><div class='avia_textblock'  itemprop=\"text\" ><h2>L\u00fcneburger Heide: beste Reisezeit f\u00fcr einen Wohnmobil-Urlaub<\/h2>\n<p>Als beste Reisezeit f\u00fcr die L\u00fcneburger Heide gilt der Zeitraum von Anfang August bis Anfang September. Hier entfaltet die Heidelandschaft ihre volle Pracht (\u201egro\u00dfe Heidebl\u00fcte\u201c) \u2013 und pr\u00e4sentiert sich vielerorts in einem dichten lilafarbenen Bl\u00fctenteppich. Der genaue Zeitraum der Bl\u00fcte variiert, abh\u00e4ngig von den Wetterbedingungen. Als einfach zu merkender Richtwert gilt allerdings der Zeitraum vom <strong>08.08. bis zum 09.09. <\/strong><\/p>\n<p>Gut zu wissen: Auf dem <a href=\"https:\/\/www.lueneburger-heide.de\/natur\/artikel\/3452\/heideblueten-barometer.html\" target=\"_blank\" rel=\"noopener\">Heidebl\u00fcten-Barometer<\/a> k\u00f6nnen Sie sich \u00fcber den aktuellen Stand der Heidebl\u00fcte informieren.<\/p>\n<\/div><\/section><\/div>\n<\/div><\/div><\/main><!-- close content main element --><\/div><\/div><div id='after_section_14'  class='main_color av_default_container_wrap container_wrap sidebar_right'  ><div class='container av-section-cont-open' ><div class='template-page content  av-content-small alpha units'><div class='post-entry post-entry-type-page post-entry-89480'><div class='entry-content-wrapper clearfix'>\n<\/div><\/div><\/div><!-- close content main div --><\/div><\/div><div id='av_section_15'  class='avia-section av-2o7rf3c-bfe99da8245d786414a05a93dc3f5ec7 main_color avia-section-default avia-no-border-styling  reduced-content avia-bg-style-scroll container_wrap sidebar_right'  ><div class='container av-section-cont-open' ><div class='template-page content  av-content-small alpha units'><div class='post-entry post-entry-type-page post-entry-89480'><div class='entry-content-wrapper clearfix'>\n<div  class='avia-button-wrap av-261g19k-ea09dec65028bef0d44dc0849b7427ad-wrap avia-button-center '><a href='https:\/\/www.tuicamper.com\/reiseziele\/europa\/deutschland\/'  class='avia-button av-261g19k-ea09dec65028bef0d44dc0849b7427ad av-link-btn avia-icon_select-yes-right-icon avia-size-large avia-position-center avia-color-theme-color'   aria-label=\"Jetzt Wohnmobil mieten f\u00fcr Deutschland\"><span class='avia_iconbox_title' >Jetzt Wohnmobil mieten f\u00fcr Deutschland<\/span><span class='avia_button_icon avia_button_icon_right avia-iconfont avia-font-entypo-fontello' data-av_icon='\ue875' data-av_iconfont='entypo-fontello' ><\/span><\/a><\/div>\n\n<style type=\"text\/css\" data-created_by=\"avia_inline_auto\" id=\"style-css-av-1jpqzrc-38a5cd0a50b371f9d77c466a0dccf5a2\">\n.flex_column.av-1jpqzrc-38a5cd0a50b371f9d77c466a0dccf5a2{\nborder-radius:0px 0px 0px 0px;\npadding:0px 0px 0px 0px;\n}\n<\/style>\n<div  class='flex_column av-1jpqzrc-38a5cd0a50b371f9d77c466a0dccf5a2 av_one_full first flex_column_div av-zero-column-padding  '     ><style type=\"text\/css\" data-created_by=\"avia_inline_auto\" id=\"style-css-av-1c9lcw8-bb4e52425dddde85da4c90349b7ddc76\">\n#top .av_textblock_section.av-1c9lcw8-bb4e52425dddde85da4c90349b7ddc76 .avia_textblock{\nfont-size:28px;\n}\n<\/style>\n<section  class='av_textblock_section av-1c9lcw8-bb4e52425dddde85da4c90349b7ddc76 '   itemscope=\"itemscope\" itemtype=\"https:\/\/schema.org\/BlogPosting\" itemprop=\"blogPost\" ><div class='avia_textblock'  itemprop=\"text\" ><p><strong>Ihr TUI CAMPER-Team w\u00fcnscht Ihnen viel Spa\u00df beim Camping in der L\u00fcneburger Heide!<\/strong><\/p>\n<\/div><\/section><\/div><div  class='av-social-sharing-box av-36q05k-6e1d4b80f1868fda7be9d78bb58617f3 av-social-sharing-box-default av-social-sharing-box-fullwidth'><div class=\"av-share-box\"><ul class=\"av-share-box-list noLightbox\"><li class='av-share-link av-social-link-facebook avia_social_iconfont' ><a target=\"_blank\" aria-label=\"Teilen auf Facebook\" href='https:\/\/www.facebook.com\/sharer.php?u=https:\/\/www.tuicamper.com\/magazin\/muenchen-sehenswuerdigkeiten\/&#038;t=M%C3%BCnchen%20Sehensw%C3%BCrdigkeiten%3A%20Die%20sch%C3%B6nsten%20Highlights%2C%20Campingpl%C3%A4tze%20%26%20Tipps' data-av_icon='\ue8f3' data-av_iconfont='entypo-fontello'  title='' data-avia-related-tooltip='Teilen auf Facebook'><span class='avia_hidden_link_text'>Teilen auf Facebook<\/span><\/a><\/li><li class='av-share-link av-social-link-twitter avia_social_iconfont' ><a target=\"_blank\" aria-label=\"Teilen auf X\" href='https:\/\/twitter.com\/share?text=M%C3%BCnchen%20Sehensw%C3%BCrdigkeiten%3A%20Die%20sch%C3%B6nsten%20Highlights%2C%20Campingpl%C3%A4tze%20%26%20Tipps&#038;url=https:\/\/www.tuicamper.com\/magazin\/muenchen-sehenswuerdigkeiten\/' data-av_icon='\ue932' data-av_iconfont='entypo-fontello'  title='' data-avia-related-tooltip='Teilen auf X'><span class='avia_hidden_link_text'>Teilen auf X<\/span><\/a><\/li><li class='av-share-link av-social-link-whatsapp avia_social_iconfont' ><a target=\"_blank\" aria-label=\"Teilen auf WhatsApp\" href='https:\/\/api.whatsapp.com\/send?text=https:\/\/www.tuicamper.com\/magazin\/muenchen-sehenswuerdigkeiten\/' data-av_icon='\uf232' data-av_iconfont='entypo-fontello'  title='' data-avia-related-tooltip='Teilen auf WhatsApp'><span class='avia_hidden_link_text'>Teilen auf WhatsApp<\/span><\/a><\/li><li class='av-share-link av-social-link-pinterest avia_social_iconfont' ><a target=\"_blank\" aria-label=\"Teilen auf Pinterest\" href='https:\/\/pinterest.com\/pin\/create\/button\/?url=https%3A%2F%2Fwww.tuicamper.com%2Fmagazin%2Fmuenchen-sehenswuerdigkeiten%2F&#038;description=M%C3%BCnchen%20Sehensw%C3%BCrdigkeiten%3A%20Die%20sch%C3%B6nsten%20Highlights%2C%20Campingpl%C3%A4tze%20%26%20Tipps&#038;media=https%3A%2F%2Fwww.tuicamper.com%2Fwp-docker%2Fwp-content%2Fuploads%2F2025%2F09%2Fmuenchen-sehenswuerdigkeiten-header-705x271.jpg' data-av_icon='\ue8f8' data-av_iconfont='entypo-fontello'  title='' data-avia-related-tooltip='Teilen auf Pinterest'><span class='avia_hidden_link_text'>Teilen auf Pinterest<\/span><\/a><\/li><li class='av-share-link av-social-link-mail avia_social_iconfont' ><a  aria-label=\"Per E-Mail teilen\" href='mailto:?subject=M%C3%BCnchen%20Sehensw%C3%BCrdigkeiten%3A%20Die%20sch%C3%B6nsten%20Highlights%2C%20Campingpl%C3%A4tze%20%26%20Tipps&#038;body=https:\/\/www.tuicamper.com\/magazin\/muenchen-sehenswuerdigkeiten\/' data-av_icon='\ue805' data-av_iconfont='entypo-fontello'  title='' data-avia-related-tooltip='Per E-Mail teilen'><span class='avia_hidden_link_text'>Per E-Mail teilen<\/span><\/a><\/li><\/ul><\/div><\/div>\n<\/div><\/div><\/div><!-- close content main div --><\/div><\/div><div id='after_section_15'  class='main_color av_default_container_wrap container_wrap sidebar_right'  ><div class='container av-section-cont-open' ><div class='template-page content  av-content-small alpha units'><div class='post-entry post-entry-type-page post-entry-89480'><div class='entry-content-wrapper clearfix'>\n","protected":false},"excerpt":{"rendered":"<p>Die Heidebl\u00fcte ist eines der sch\u00f6nsten Naturereignisse Deutschlands. Doch die L\u00fcneburger Heide hat noch viel mehr zu bieten. Tipps f\u00fcr Ihren Camping-Urlaub!<\/p>\n","protected":false},"author":5,"featured_media":89486,"comment_status":"open","ping_status":"open","sticky":false,"template":"","format":"standard","meta":{"footnotes":""},"categories":[8],"tags":[28,50],"class_list":["post-89480","post","type-post","status-publish","format-standard","has-post-thumbnail","hentry","category-reiselaender","tag-deutschland","tag-natur"],"yoast_head":"<!-- This site is optimized with the Yoast SEO plugin v27.4 - https:\/\/yoast.com\/product\/yoast-seo-wordpress\/ -->\n<title>Camping in der L\u00fcneburger Heide: Campingpl\u00e4tze &amp; Tipps - TUI CAMPER<\/title>\n<meta name=\"description\" content=\"Erleben Sie die einzigartige Magie der L\u00fcneburger Heide \u2713 Campingpl\u00e4tze \u2713 Sehensw\u00fcrdigkeiten \u2713 Ausflugstipps \u2713 beste Reisezeit\" \/>\n<meta name=\"robots\" content=\"index, follow, max-snippet:-1, max-image-preview:large, max-video-preview:-1\" \/>\n<link rel=\"canonical\" href=\"https:\/\/www.tuicamper.com\/magazin\/camping-lueneburger-heide\/\" \/>\n<meta property=\"og:locale\" content=\"de_DE\" \/>\n<meta property=\"og:type\" content=\"article\" \/>\n<meta property=\"og:title\" content=\"Camping in der L\u00fcneburger Heide: Campingpl\u00e4tze &amp; Tipps - TUI CAMPER\" \/>\n<meta property=\"og:description\" content=\"Erleben Sie die einzigartige Magie der L\u00fcneburger Heide \u2713 Campingpl\u00e4tze \u2713 Sehensw\u00fcrdigkeiten \u2713 Ausflugstipps \u2713 beste Reisezeit\" \/>\n<meta property=\"og:url\" content=\"https:\/\/www.tuicamper.com\/magazin\/camping-lueneburger-heide\/\" \/>\n<meta property=\"og:site_name\" content=\"TUI Camper Magazin\" \/>\n<meta property=\"article:published_time\" content=\"2024-10-16T09:31:40+00:00\" \/>\n<meta property=\"og:image\" content=\"https:\/\/www.tuicamper.com\/wp-docker\/wp-content\/uploads\/2024\/10\/Luenburger_Heide.jpg\" \/>\n\t<meta property=\"og:image:width\" content=\"1280\" \/>\n\t<meta property=\"og:image:height\" content=\"492\" \/>\n\t<meta property=\"og:image:type\" content=\"image\/jpeg\" \/>\n<meta name=\"author\" content=\"Olli\" \/>\n<meta name=\"twitter:card\" content=\"summary_large_image\" \/>\n<meta name=\"twitter:label1\" content=\"Verfasst von\" \/>\n\t<meta name=\"twitter:data1\" content=\"Olli\" \/>\n\t<meta name=\"twitter:label2\" content=\"Gesch\u00e4tzte Lesezeit\" \/>\n\t<meta name=\"twitter:data2\" content=\"7\u00a0Minuten\" \/>\n<!-- \/ Yoast SEO plugin. -->","yoast_head_json":{"title":"Camping in der L\u00fcneburger Heide: Campingpl\u00e4tze & Tipps - TUI CAMPER","description":"Erleben Sie die einzigartige Magie der L\u00fcneburger Heide \u2713 Campingpl\u00e4tze \u2713 Sehensw\u00fcrdigkeiten \u2713 Ausflugstipps \u2713 beste Reisezeit","robots":{"index":"index","follow":"follow","max-snippet":"max-snippet:-1","max-image-preview":"max-image-preview:large","max-video-preview":"max-video-preview:-1"},"canonical":"https:\/\/www.tuicamper.com\/magazin\/camping-lueneburger-heide\/","og_locale":"de_DE","og_type":"article","og_title":"Camping in der L\u00fcneburger Heide: Campingpl\u00e4tze & Tipps - TUI CAMPER","og_description":"Erleben Sie die einzigartige Magie der L\u00fcneburger Heide \u2713 Campingpl\u00e4tze \u2713 Sehensw\u00fcrdigkeiten \u2713 Ausflugstipps \u2713 beste Reisezeit","og_url":"https:\/\/www.tuicamper.com\/magazin\/camping-lueneburger-heide\/","og_site_name":"TUI Camper Magazin","article_published_time":"2024-10-16T09:31:40+00:00","og_image":[{"width":1280,"height":492,"url":"https:\/\/www.tuicamper.com\/wp-docker\/wp-content\/uploads\/2024\/10\/Luenburger_Heide.jpg","type":"image\/jpeg"}],"author":"Olli","twitter_card":"summary_large_image","twitter_misc":{"Verfasst von":"Olli","Gesch\u00e4tzte Lesezeit":"7\u00a0Minuten"},"schema":{"@context":"https:\/\/schema.org","@graph":[{"@type":"Article","@id":"https:\/\/www.tuicamper.com\/magazin\/camping-lueneburger-heide\/#article","isPartOf":{"@id":"https:\/\/www.tuicamper.com\/magazin\/camping-lueneburger-heide\/"},"author":{"name":"Olli","@id":"https:\/\/www.tuicamper.com\/wp-docker\/#\/schema\/person\/98975e733813f701672fd75ef9df8b69"},"headline":"Camping in der L\u00fcneburger Heide: Die sch\u00f6nsten Campingpl\u00e4tze und besten Tipps","datePublished":"2024-10-16T09:31:40+00:00","mainEntityOfPage":{"@id":"https:\/\/www.tuicamper.com\/magazin\/camping-lueneburger-heide\/"},"wordCount":5145,"commentCount":0,"image":{"@id":"https:\/\/www.tuicamper.com\/magazin\/camping-lueneburger-heide\/#primaryimage"},"thumbnailUrl":"https:\/\/www.tuicamper.com\/wp-docker\/wp-content\/uploads\/2024\/10\/Luenburger_Heide.jpg","keywords":["Deutschland","Natur"],"articleSection":["Reisel\u00e4nder"],"inLanguage":"de","potentialAction":[{"@type":"CommentAction","name":"Comment","target":["https:\/\/www.tuicamper.com\/magazin\/camping-lueneburger-heide\/#respond"]}]},{"@type":"WebPage","@id":"https:\/\/www.tuicamper.com\/magazin\/camping-lueneburger-heide\/","url":"https:\/\/www.tuicamper.com\/magazin\/camping-lueneburger-heide\/","name":"Camping in der L\u00fcneburger Heide: Campingpl\u00e4tze & Tipps - TUI CAMPER","isPartOf":{"@id":"https:\/\/www.tuicamper.com\/#website"},"primaryImageOfPage":{"@id":"https:\/\/www.tuicamper.com\/magazin\/camping-lueneburger-heide\/#primaryimage"},"image":{"@id":"https:\/\/www.tuicamper.com\/magazin\/camping-lueneburger-heide\/#primaryimage"},"thumbnailUrl":"https:\/\/www.tuicamper.com\/wp-content\/uploads\/2024\/10\/Luenburger_Heide.jpg","datePublished":"2024-10-16T09:31:40+00:00","author":{"@id":"https:\/\/www.tuicamper.com\/#\/schema\/person\/98975e733813f701672fd75ef9df8b69"},"description":"Erleben Sie die einzigartige Magie der L\u00fcneburger Heide \u2713 Campingpl\u00e4tze \u2713 Sehensw\u00fcrdigkeiten \u2713 Ausflugstipps \u2713 beste Reisezeit","breadcrumb":{"@id":"https:\/\/www.tuicamper.com\/magazin\/camping-lueneburger-heide\/#breadcrumb"},"inLanguage":"de","potentialAction":["Array"]},{"@type":"ImageObject","inLanguage":"de","@id":"https:\/\/www.tuicamper.com\/magazin\/camping-lueneburger-heide\/#primaryimage","url":"https:\/\/www.tuicamper.com\/wp-docker\/wp-content\/uploads\/2024\/10\/Luenburger_Heide.jpg","contentUrl":"https:\/\/www.tuicamper.com\/wp-docker\/wp-content\/uploads\/2024\/10\/Luenburger_Heide.jpg","width":1280,"height":492},{"@type":"BreadcrumbList","@id":"https:\/\/www.tuicamper.com\/magazin\/camping-lueneburger-heide\/#breadcrumb","itemListElement":[{"@type":"ListItem","position":1,"name":"Startseite","item":"https:\/\/www.tuicamper.com\/wp-docker\/"},{"@type":"ListItem","position":2,"name":"Camping in der L\u00fcneburger Heide: Die sch\u00f6nsten Campingpl\u00e4tze und besten Tipps"}]},{"@type":"WebSite","@id":"https:\/\/www.tuicamper.com\/#website","url":"https:\/\/www.tuicamper.com\/","name":"TUI Camper Magazin","description":"","potentialAction":["Array"],"inLanguage":"de"},{"@type":"Person","@id":"https:\/\/www.tuicamper.com\/wp-docker\/#\/schema\/person\/98975e733813f701672fd75ef9df8b69","name":"Olli","image":{"@type":"ImageObject","inLanguage":"de","@id":"https:\/\/secure.gravatar.com\/avatar\/4529b17b9a4dec34d38f705f89e1db8c906d30537b64d795d775d528c07951ff?s=96&d=mm&r=g","url":"https:\/\/secure.gravatar.com\/avatar\/4529b17b9a4dec34d38f705f89e1db8c906d30537b64d795d775d528c07951ff?s=96&d=mm&r=g","contentUrl":"https:\/\/secure.gravatar.com\/avatar\/4529b17b9a4dec34d38f705f89e1db8c906d30537b64d795d775d528c07951ff?s=96&d=mm&r=g","caption":"Olli"},"url":"https:\/\/www.tuicamper.com\/wp-docker\/magazin\/author\/olli\/"}]}},"_links":{"self":[{"href":"https:\/\/www.tuicamper.com\/wp-docker\/wp-json\/wp\/v2\/posts\/89480","targetHints":{"allow":["GET"]}}],"collection":[{"href":"https:\/\/www.tuicamper.com\/wp-docker\/wp-json\/wp\/v2\/posts"}],"about":[{"href":"https:\/\/www.tuicamper.com\/wp-docker\/wp-json\/wp\/v2\/types\/post"}],"author":[{"embeddable":true,"href":"https:\/\/www.tuicamper.com\/wp-docker\/wp-json\/wp\/v2\/users\/5"}],"replies":[{"embeddable":true,"href":"https:\/\/www.tuicamper.com\/wp-docker\/wp-json\/wp\/v2\/comments?post=89480"}],"version-history":[{"count":17,"href":"https:\/\/www.tuicamper.com\/wp-docker\/wp-json\/wp\/v2\/posts\/89480\/revisions"}],"predecessor-version":[{"id":90659,"href":"https:\/\/www.tuicamper.com\/wp-docker\/wp-json\/wp\/v2\/posts\/89480\/revisions\/90659"}],"wp:featuredmedia":[{"embeddable":true,"href":"https:\/\/www.tuicamper.com\/wp-docker\/wp-json\/wp\/v2\/media\/89486"}],"wp:attachment":[{"href":"https:\/\/www.tuicamper.com\/wp-docker\/wp-json\/wp\/v2\/media?parent=89480"}],"wp:term":[{"taxonomy":"category","embeddable":true,"href":"https:\/\/www.tuicamper.com\/wp-docker\/wp-json\/wp\/v2\/categories?post=89480"},{"taxonomy":"post_tag","embeddable":true,"href":"https:\/\/www.tuicamper.com\/wp-docker\/wp-json\/wp\/v2\/tags?post=89480"}],"curies":[{"name":"wp","href":"https:\/\/api.w.org\/{rel}","templated":true}]}}