{"id":88024,"date":"2024-10-02T15:13:55","date_gmt":"2024-10-02T13:13:55","guid":{"rendered":"https:\/\/www.tuicamper.com\/?p=88024"},"modified":"2024-10-02T15:13:55","modified_gmt":"2024-10-02T13:13:55","slug":"fkk-camping-frankreich","status":"publish","type":"post","link":"https:\/\/www.tuicamper.com\/magazin\/fkk-camping-frankreich\/","title":{"rendered":"FKK-Camping in Frankreich: Die 5 sch\u00f6nsten Nackt-Campingpl\u00e4tze"},"content":{"rendered":"<div id='av_section_1'  class='avia-section av-yodc48o-c47b7121b5eb4028bdffac01ec961c68 main_color avia-section-default avia-no-border-styling  avia-builder-el-0  el_before_av_textblock  avia-builder-el-first  reduced-content avia-bg-style-scroll container_wrap sidebar_right'  ><div class='container av-section-cont-open' ><main  role=\"main\" itemprop=\"mainContentOfPage\"  class='template-page content  av-content-small alpha units'><div class='post-entry post-entry-type-page post-entry-88024'><div class='entry-content-wrapper clearfix'>\n\n<style type=\"text\/css\" data-created_by=\"avia_inline_auto\" id=\"style-css-av-y9xe9nc-62a3bba65260f5f75f51cd845331ccce\">\n.flex_column.av-y9xe9nc-62a3bba65260f5f75f51cd845331ccce{\nborder-radius:0px 0px 0px 0px;\npadding:0px 0px 0px 0px;\n}\n<\/style>\n<div  class='flex_column av-y9xe9nc-62a3bba65260f5f75f51cd845331ccce av_one_full  avia-builder-el-1  avia-builder-el-no-sibling  first flex_column_div av-zero-column-padding  '     ><section  class='av_textblock_section av-xmzfm48-a6716b48b0b8ba135de4975a64095816 '   itemscope=\"itemscope\" itemtype=\"https:\/\/schema.org\/BlogPosting\" itemprop=\"blogPost\" ><div class='avia_textblock'  itemprop=\"text\" ><p>Die w\u00e4rmende Sonne sowie eine erfrischende Brise auf der nackten Haut sp\u00fcren und im Einklang mit der Natur sein \u2013 <a href=\"https:\/\/www.tuicamper.com\/magazin\/fkk-camping\/\">FKK-Camping<\/a> verspricht genau das. Alle, die die sch\u00f6nsten Pl\u00e4tze f\u00fcr <a href=\"https:\/\/www.tuicamper.com\/magazin\/fkk-camping-in-deutschland\/\">FKK-Camping in Deutschland<\/a> schon erlebt haben, finden in Frankreich neue Reize. Immerhin pflegen auch unsere franz\u00f6sischen Nachbarn eine lange Tradition der Freik\u00f6rperkultur. Eingebettet in eine malerische Landschaft liegen hier einige der idyllischsten FKK-Campingpl\u00e4tze des Kontinents. Wir stellen Ihnen f\u00fcnf der sch\u00f6nsten Spots f\u00fcr das FKK-Camping in Frankreich vor!<\/p>\n<\/div><\/section><\/div>\n<\/div><\/div><\/main><!-- close content main element --><\/div><\/div><div id='after_section_1'  class='main_color av_default_container_wrap container_wrap sidebar_right'  ><div class='container av-section-cont-open' ><div class='template-page content  av-content-small alpha units'><div class='post-entry post-entry-type-page post-entry-88024'><div class='entry-content-wrapper clearfix'>\n<section  class='av_textblock_section av-x94v854-7206af626a4946d2baf211588aa684e5 '   itemscope=\"itemscope\" itemtype=\"https:\/\/schema.org\/BlogPosting\" itemprop=\"blogPost\" ><div class='avia_textblock'  itemprop=\"text\" >\n<\/div><\/section>\n<\/div><\/div><\/div><!-- close content main div --><\/div><\/div><div id='av_section_2'  class='avia-section av-3al8qag-b7bf0814693f8e001467321a752be9b9 main_color avia-section-default avia-no-border-styling  avia-builder-el-4  el_after_av_textblock  el_before_av_section  reduced-content avia-bg-style-scroll container_wrap sidebar_right'  ><div class='container av-section-cont-open' ><div class='template-page content  av-content-small alpha units'><div class='post-entry post-entry-type-page post-entry-88024'><div class='entry-content-wrapper clearfix'>\n<section  class='av_textblock_section av-wf5ox14-71b9da4f9308fd38d9b8670576b4c60f '   itemscope=\"itemscope\" itemtype=\"https:\/\/schema.org\/BlogPosting\" itemprop=\"blogPost\" ><div class='avia_textblock'  itemprop=\"text\" ><div id=\"js-table-of-contents\">\r\n    <strong>Inhaltsverzeichnis<\/strong>\r\n<\/div>\n<\/div><\/section>\n\n<\/div><\/div><\/div><!-- close content main div --><\/div><\/div><div id='av_section_3'  class='avia-section av-vrjz2go-9f657082714ccbafca2df2cb3c363c1b main_color avia-section-default avia-no-border-styling  avia-builder-el-6  el_after_av_section  el_before_av_section  reduced-content avia-bg-style-scroll container_wrap sidebar_right'  ><div class='container av-section-cont-open' ><div class='template-page content  av-content-small alpha units'><div class='post-entry post-entry-type-page post-entry-88024'><div class='entry-content-wrapper clearfix'>\n\n<style type=\"text\/css\" data-created_by=\"avia_inline_auto\" id=\"style-css-av-ixc7g8-3be7fb73c2fad94d6bfd6f75039d2862\">\n.flex_column.av-ixc7g8-3be7fb73c2fad94d6bfd6f75039d2862{\nborder-radius:0px 0px 0px 0px;\npadding:0px 0px 0px 0px;\n}\n<\/style>\n<div  class='flex_column av-ixc7g8-3be7fb73c2fad94d6bfd6f75039d2862 av_one_full  avia-builder-el-7  el_before_av_codeblock  avia-builder-el-first  first flex_column_div av-zero-column-padding  '     ><section  class='av_textblock_section av-m1q7mbnf-4485a23d9b7dbe1e016e9fe65d66ac83 '   itemscope=\"itemscope\" itemtype=\"https:\/\/schema.org\/BlogPosting\" itemprop=\"blogPost\" ><div class='avia_textblock'  itemprop=\"text\" ><h2>Die 5 sch\u00f6nsten FKK Campingpl\u00e4tze in Frankreich<\/h2>\n<\/div><\/section><\/div>\n\n<\/div><\/div><\/div><!-- close content main div --><\/div><\/div><div id='av_section_4'  class='avia-section av-1smaqqg-b82e9ce1feabf46507d6b624291bde96 main_color avia-section-default avia-no-border-styling  avia-builder-el-10  el_after_av_section  el_before_av_section  reduced-content avia-bg-style-scroll container_wrap sidebar_right'  ><div class='container av-section-cont-open' ><div class='template-page content  av-content-small alpha units'><div class='post-entry post-entry-type-page post-entry-88024'><div class='entry-content-wrapper clearfix'>\n\n<style type=\"text\/css\" data-created_by=\"avia_inline_auto\" id=\"style-css-av-ywgxtk-309b7e276f1ab36d3c6bb8d9511bd007\">\n.flex_column.av-ywgxtk-309b7e276f1ab36d3c6bb8d9511bd007{\nborder-radius:0px 0px 0px 0px;\npadding:0px 0px 0px 0px;\n}\n<\/style>\n<div  class='flex_column av-ywgxtk-309b7e276f1ab36d3c6bb8d9511bd007 av_one_full  avia-builder-el-11  avia-builder-el-no-sibling  first flex_column_div av-zero-column-padding  '     ><section  class='av_textblock_section av-37bemw-a0ca5d86e6611e1f4cc04b0a04931956 '   itemscope=\"itemscope\" itemtype=\"https:\/\/schema.org\/BlogPosting\" itemprop=\"blogPost\" ><div class='avia_textblock'  itemprop=\"text\" ><h3>1.) Camping Naturiste du Lac de Lislebonne \u2013 entspanntes Nackt-Camping am See<\/h3>\n<p>Ein idyllischer See direkt an einem kleinen Waldst\u00fcck. Ein Sandstrand, der zum nackten (Sonnen-)Baden einl\u00e4dt. Beach-Volleyball-Felder, Spielpl\u00e4tze, Swimming-Pool und Co, die f\u00fcr ausgelassenen Freizeitspa\u00df sorgen. <a href=\"https:\/\/www.camping-lac-lislebonne.com\/index.php\/fr\/\" target=\"_blank\" rel=\"noopener\">Camping Naturiste du Lac de Lislebonne<\/a> bietet das perfekte Ambiente f\u00fcr ein rundum entspanntes FKK-Camping in Frankreich. Zumal die beschaulichen Ortschaften der Region zu dem einen oder anderen (Fahrrad-)Ausflug einladen. Das benachbarte M\u00e9zin etwa punktet mit einem sehr sehenswerten historischen Ortskern.<\/p>\n<\/div><\/section><\/div>\n\n<\/div><\/div><\/div><!-- close content main div --><\/div><\/div><div id='av_section_5'  class='avia-section av-uno63zs-bc2cd6d434d52673997b201699bc470c main_color avia-section-default avia-no-border-styling  avia-builder-el-13  el_after_av_section  el_before_av_section  reduced-content avia-bg-style-scroll container_wrap sidebar_right'  ><div class='container av-section-cont-open' ><div class='template-page content  av-content-small alpha units'><div class='post-entry post-entry-type-page post-entry-88024'><div class='entry-content-wrapper clearfix'>\n\n<style type=\"text\/css\" data-created_by=\"avia_inline_auto\" id=\"style-css-av-u4xdeyg-75ff833563044b0986a981d3a473e135\">\n.avia-image-container.av-u4xdeyg-75ff833563044b0986a981d3a473e135 img.avia_image{\nbox-shadow:none;\n}\n.avia-image-container.av-u4xdeyg-75ff833563044b0986a981d3a473e135 .av-caption-image-overlay-bg{\nopacity:0.4;\nbackground-color:#000000;\n}\n.avia-image-container.av-u4xdeyg-75ff833563044b0986a981d3a473e135 .av-image-caption-overlay-center{\ncolor:#ffffff;\n}\n<\/style>\n<div  class='avia-image-container av-u4xdeyg-75ff833563044b0986a981d3a473e135 av-styling- av-img-linked avia_animated_image av-animated-when-visible-95 fade-in avia-align-center  avia-builder-el-14  el_before_av_hr  avia-builder-el-first  noHover av-overlay-on-hover'   itemprop=\"image\" itemscope=\"itemscope\" itemtype=\"https:\/\/schema.org\/ImageObject\" ><div class=\"avia-image-container-inner\"><div class=\"avia-image-overlay-wrap\"><a href=\"https:\/\/www.tuicamper.com\/wp-docker\/wp-content\/uploads\/2024\/10\/Frankreich_FKK_Camper-1030x644.jpg\" data-srcset=\"https:\/\/www.tuicamper.com\/wp-docker\/wp-content\/uploads\/2024\/10\/Frankreich_FKK_Camper-1030x644.jpg 1030w, https:\/\/www.tuicamper.com\/wp-docker\/wp-content\/uploads\/2024\/10\/Frankreich_FKK_Camper-300x188.jpg 300w, https:\/\/www.tuicamper.com\/wp-docker\/wp-content\/uploads\/2024\/10\/Frankreich_FKK_Camper-768x480.jpg 768w, https:\/\/www.tuicamper.com\/wp-docker\/wp-content\/uploads\/2024\/10\/Frankreich_FKK_Camper-705x441.jpg 705w, https:\/\/www.tuicamper.com\/wp-docker\/wp-content\/uploads\/2024\/10\/Frankreich_FKK_Camper.jpg 1440w\" data-sizes=\"(max-width: 1030px) 100vw, 1030px\" class='avia_image '  aria-label='Frankreich FKK Camper'><div class=\"av-image-caption-overlay\"><div class=\"av-caption-image-overlay-bg\"><\/div><div class=\"av-image-caption-overlay-position\"><div class=\"av-image-caption-overlay-center\"><p>Camping am See in Frankreich<\/p>\n<\/div><\/div><\/div><img decoding=\"async\" fetchpriority=\"high\" class='wp-image-88031 avia-img-lazy-loading-not-88031 avia_image ' src=\"https:\/\/www.tuicamper.com\/wp-docker\/wp-content\/uploads\/2024\/10\/Frankreich_FKK_Camper-845x684.jpg\" alt='Camping am See in Frankreich' title='Frankreich FKK Camper'  height=\"684\" width=\"845\"  itemprop=\"thumbnailUrl\" srcset=\"https:\/\/www.tuicamper.com\/wp-docker\/wp-content\/uploads\/2024\/10\/Frankreich_FKK_Camper-845x684.jpg 845w, https:\/\/www.tuicamper.com\/wp-docker\/wp-content\/uploads\/2024\/10\/Frankreich_FKK_Camper-495x400.jpg 495w\" sizes=\"(max-width: 845px) 100vw, 845px\" \/><\/a><\/div><\/div><\/div>\n\n<style type=\"text\/css\" data-created_by=\"avia_inline_auto\" id=\"style-css-av-trs3y6w-aa681b0ec031db98665304338ca22977\">\n#top .hr.hr-invisible.av-trs3y6w-aa681b0ec031db98665304338ca22977{\nheight:25px;\n}\n<\/style>\n<div  class='hr av-trs3y6w-aa681b0ec031db98665304338ca22977 hr-invisible  avia-builder-el-15  el_after_av_image  avia-builder-el-last '><span class='hr-inner '><span class=\"hr-inner-style\"><\/span><\/span><\/div>\n\n<\/div><\/div><\/div><!-- close content main div --><\/div><\/div><div id='av_section_6'  class='avia-section av-tb2q01k-05395f3d93d659c8a1f9d629a2a18536 main_color avia-section-default avia-no-border-styling  avia-builder-el-16  el_after_av_section  el_before_av_section  reduced-content avia-bg-style-scroll container_wrap sidebar_right'  ><div class='container av-section-cont-open' ><div class='template-page content  av-content-small alpha units'><div class='post-entry post-entry-type-page post-entry-88024'><div class='entry-content-wrapper clearfix'>\n\n<style type=\"text\/css\" data-created_by=\"avia_inline_auto\" id=\"style-css-av-swwb34o-3a2b756bda406cebe19361859110973c\">\n.flex_column.av-swwb34o-3a2b756bda406cebe19361859110973c{\nborder-radius:0px 0px 0px 0px;\npadding:0px 0px 0px 0px;\n}\n<\/style>\n<div  class='flex_column av-swwb34o-3a2b756bda406cebe19361859110973c av_one_full  avia-builder-el-17  avia-builder-el-no-sibling  first flex_column_div av-zero-column-padding  '     ><section  class='av_textblock_section av-2tbum7s-27cdf5a988796d78a881997cd1be01d3 '   itemscope=\"itemscope\" itemtype=\"https:\/\/schema.org\/BlogPosting\" itemprop=\"blogPost\" ><div class='avia_textblock'  itemprop=\"text\" ><h3>2.) Camping Naturiste Les Aillos \u2013 klasse gelegener Platz im Herzen des Lauragais<\/h3>\n<p>Schon allein wegen seiner idyllischen Lage geh\u00f6rt <a href=\"https:\/\/www.lesaillos.eu\/\" target=\"_blank\" rel=\"noopener\">Camping Naturiste Les Aillos<\/a> zu den sch\u00f6nsten FKK-Campingpl\u00e4tzen Frankreichs. So befindet sich der 4-Sterne Nackt-Campingplatz im Herzen des Lauragais. Die abwechslungsreiche Landschaft im S\u00fcdwesten Frankreichs zieht mit ihren sanften H\u00fcgeln, Weinbergen, Getreide- und Sonnenblumenfeldern, malerischen historischen St\u00e4dtchen, m\u00e4rchenhaften Burgen und der traumwandlerisch sch\u00f6nen Flusslandschaft rund um den Canal du Midi Natur- und Kulturliebhaber gleicherma\u00dfen in den Bann. Und dank den zahlreichen Sehensw\u00fcrdigkeiten in der Region k\u00f6nnen Sie auf dem Campingplatz gut und gerne mehrere Wochen verbringen, ohne auch nur den geringsten Anflug von Langeweile zu versp\u00fcren. Eine Tagestour lohnt sich insbesondere nach Toulouse. La Ville Rose (\u201edie rosarote Stadt\u201c) fasziniert mit ihren roten Ziegelstein-Geb\u00e4uden, die im Licht der Sonne leuchten und bietet zahlreiche historische Sehensw\u00fcrdigkeiten sowie spannende Museen f\u00fcr die ganze Familie. F\u00fcr Mittelalter-Fans ist zudem ein Roadtrip ins nahegelegene Carcassonne absolute Pflicht. Immerhin geh\u00f6rt die mittelalterliche Festung La Cit\u00e9 zu den eindrucksvollsten Festungsst\u00e4dten des Kontinents.<\/p>\n<p>Auf dem ruhigen Campingplatz selbst erwarten Familie und Paare entspannte Tage in traumhafter Naturkulisse. Zudem wird ein abwechslungsreiches Unterhaltungsprogramm f\u00fcr Gro\u00df und Klein geboten.<\/p>\n<\/div><\/section><\/div>\n\n<\/div><\/div><\/div><!-- close content main div --><\/div><\/div><div id='av_section_7'  class='avia-section av-av_section-2107efcb6a7decaede31ece042cb8d59 main_color avia-section-default avia-no-border-styling  avia-builder-el-19  el_after_av_section  el_before_av_section  reduced-content avia-bg-style-scroll container_wrap sidebar_right'  ><div class='container av-section-cont-open' ><div class='template-page content  av-content-small alpha units'><div class='post-entry post-entry-type-page post-entry-88024'><div class='entry-content-wrapper clearfix'>\n\n<style type=\"text\/css\" data-created_by=\"avia_inline_auto\" id=\"style-css-av-m1riamar-e8945f0337fc192f645dc102bc7350f6\">\n.avia-image-container.av-m1riamar-e8945f0337fc192f645dc102bc7350f6 img.avia_image{\nbox-shadow:none;\n}\n.avia-image-container.av-m1riamar-e8945f0337fc192f645dc102bc7350f6 .av-caption-image-overlay-bg{\nopacity:0.4;\nbackground-color:#000000;\n}\n.avia-image-container.av-m1riamar-e8945f0337fc192f645dc102bc7350f6 .av-image-caption-overlay-center{\ncolor:#ffffff;\n}\n<\/style>\n<div  class='avia-image-container av-m1riamar-e8945f0337fc192f645dc102bc7350f6 av-styling- av-img-linked avia_animated_image av-animated-when-visible-95 fade-in avia-align-center  avia-builder-el-20  el_before_av_hr  avia-builder-el-first  noHover av-overlay-on-hover'   itemprop=\"image\" itemscope=\"itemscope\" itemtype=\"https:\/\/schema.org\/ImageObject\" ><div class=\"avia-image-container-inner\"><div class=\"avia-image-overlay-wrap\"><a href=\"https:\/\/www.tuicamper.com\/wp-docker\/wp-content\/uploads\/2024\/10\/Frankreich_FKK_Carcassonne-1030x644.jpg\" data-srcset=\"https:\/\/www.tuicamper.com\/wp-docker\/wp-content\/uploads\/2024\/10\/Frankreich_FKK_Carcassonne-1030x644.jpg 1030w, https:\/\/www.tuicamper.com\/wp-docker\/wp-content\/uploads\/2024\/10\/Frankreich_FKK_Carcassonne-300x188.jpg 300w, https:\/\/www.tuicamper.com\/wp-docker\/wp-content\/uploads\/2024\/10\/Frankreich_FKK_Carcassonne-768x480.jpg 768w, https:\/\/www.tuicamper.com\/wp-docker\/wp-content\/uploads\/2024\/10\/Frankreich_FKK_Carcassonne-705x441.jpg 705w, https:\/\/www.tuicamper.com\/wp-docker\/wp-content\/uploads\/2024\/10\/Frankreich_FKK_Carcassonne.jpg 1440w\" data-sizes=\"(max-width: 1030px) 100vw, 1030px\" class='avia_image '  aria-label='Frankreich Carcassonne'><div class=\"av-image-caption-overlay\"><div class=\"av-caption-image-overlay-bg\"><\/div><div class=\"av-image-caption-overlay-position\"><div class=\"av-image-caption-overlay-center\"><p>Beeindruckende mittelalterliche Festung in Carcassonne<\/p>\n<\/div><\/div><\/div><img decoding=\"async\" fetchpriority=\"high\" class='wp-image-88519 avia-img-lazy-loading-not-88519 avia_image ' src=\"https:\/\/www.tuicamper.com\/wp-docker\/wp-content\/uploads\/2024\/10\/Frankreich_FKK_Carcassonne-845x684.jpg\" alt='Carcassonne in Frankreich' title='Frankreich Carcassonne'  height=\"684\" width=\"845\"  itemprop=\"thumbnailUrl\" srcset=\"https:\/\/www.tuicamper.com\/wp-docker\/wp-content\/uploads\/2024\/10\/Frankreich_FKK_Carcassonne-845x684.jpg 845w, https:\/\/www.tuicamper.com\/wp-docker\/wp-content\/uploads\/2024\/10\/Frankreich_FKK_Carcassonne-495x400.jpg 495w\" sizes=\"(max-width: 845px) 100vw, 845px\" \/><\/a><\/div><\/div><\/div>\n\n<style type=\"text\/css\" data-created_by=\"avia_inline_auto\" id=\"style-css-av-av_hr-5305fcd8eee3278794e45a8d8d6bfab2\">\n#top .hr.hr-invisible.av-av_hr-5305fcd8eee3278794e45a8d8d6bfab2{\nheight:25px;\n}\n<\/style>\n<div  class='hr av-av_hr-5305fcd8eee3278794e45a8d8d6bfab2 hr-invisible  avia-builder-el-21  el_after_av_image  avia-builder-el-last '><span class='hr-inner '><span class=\"hr-inner-style\"><\/span><\/span><\/div>\n<\/div><\/div><\/div><!-- close content main div --><\/div><\/div><div id='av_section_8'  class='avia-section av-qfe0uvs-c65b683b16115ce1346bd1fb28d98831 main_color avia-section-default avia-no-border-styling  avia-builder-el-22  el_after_av_section  el_before_av_section  reduced-content avia-bg-style-scroll container_wrap sidebar_right'  ><div class='container av-section-cont-open' ><div class='template-page content  av-content-small alpha units'><div class='post-entry post-entry-type-page post-entry-88024'><div class='entry-content-wrapper clearfix'>\n\n<style type=\"text\/css\" data-created_by=\"avia_inline_auto\" id=\"style-css-av-ptirdo8-7299a4b98b3776b43bbd2d4d331d1b1b\">\n.flex_column.av-ptirdo8-7299a4b98b3776b43bbd2d4d331d1b1b{\nborder-radius:0px 0px 0px 0px;\npadding:0px 0px 0px 0px;\n}\n<\/style>\n<div  class='flex_column av-ptirdo8-7299a4b98b3776b43bbd2d4d331d1b1b av_one_full  avia-builder-el-23  avia-builder-el-no-sibling  first flex_column_div av-zero-column-padding  '     ><section  class='av_textblock_section av-pd7hek8-73a982a9586b3ce429dedccb493003b5 '   itemscope=\"itemscope\" itemtype=\"https:\/\/schema.org\/BlogPosting\" itemprop=\"blogPost\" ><div class='avia_textblock'  itemprop=\"text\" ><h3>3.) Camping Naturiste Le S\u00e9rignan Plage Nature \u2013 toller Platz mit eigenem FKK-Strand<\/h3>\n<p>Lust auf FKK-Camping in Frankreich direkt am Meer? Dann sind Sie bei <a href=\"https:\/\/www.leserignannature.com\/de\/\" target=\"_blank\" rel=\"noopener\">Camping Naturiste Le S\u00e9rignan Plage Nature<\/a> genau an der richtigen Adresse. Der Platz liegt nicht nur am Mittelmeer, sondern bietet obendrein einen eigenen feinsandigen FKK-Strand, der als einer der sch\u00f6nsten Str\u00e4nde Okzitaniens gilt und wegen seiner herausragenden Qualit\u00e4t mit der \u201eBlauen Flagge\u201c ausgezeichnet worden ist. Trotz seiner stattlichen Gr\u00f6\u00dfe herrscht im Campingdorf eine ruhige, freundliche Atmosph\u00e4re. Mehrere Restaurants, ein Supermarkt, viele Spiel- und Unterhaltungsm\u00f6glichkeiten f\u00fcr Kinder sowie ein abwechslungsreiches Abendprogramm sorgen daf\u00fcr, dass Sie problemlos Ihren gesamten Wohnmobil-Urlaub auf dem Platz verbringen k\u00f6nnten. Trotzdem bietet es sich an, die Region zu erkunden. Touren sind beispielsweise an die C\u00f4te d&#8217;Azur mit ihren malerischen D\u00f6rfern, mond\u00e4nen St\u00e4dten und Traumstr\u00e4nden m\u00f6glich. Aber auch eine Bootstour entlang dem Canal du Midi, der in der nahegelegenen Hafenstadt S\u00e8te ins Mittelmeer m\u00fcndet, bietet sich an.<\/p>\n<\/div><\/section><\/div>\n<\/p>\n<\/div><\/div><\/div><!-- close content main div --><\/div><\/div><div id='av_section_9'  class='avia-section av-ovsyyoo-63659c9222069607bc0d6c441c090ead main_color avia-section-default avia-no-border-styling  avia-builder-el-25  el_after_av_section  el_before_av_section  magazine-slider-section fullwidth_section avia-bg-style-scroll container_wrap sidebar_right'  ><div class='container av-section-cont-open' ><div class='template-page content  av-content-small alpha units'><div class='post-entry post-entry-type-page post-entry-88024'><div class='entry-content-wrapper clearfix'>\n\n<style type=\"text\/css\" data-created_by=\"avia_inline_auto\" id=\"style-css-av-og4bgk8-7a8487b8100955320a46a945d87ca082\">\n.flex_column.av-og4bgk8-7a8487b8100955320a46a945d87ca082{\nborder-radius:0px 0px 0px 0px;\npadding:0px 0px 0px 0px;\n}\n<\/style>\n<div  class='flex_column av-og4bgk8-7a8487b8100955320a46a945d87ca082 av_one_full  avia-builder-el-26  avia-builder-el-no-sibling  first flex_column_div av-zero-column-padding  '     ><section  class='av_textblock_section av-o8zpmu0-93a779f4d68dd440dafb248037914cc6 '   itemscope=\"itemscope\" itemtype=\"https:\/\/schema.org\/BlogPosting\" itemprop=\"blogPost\" ><div class='avia_textblock'  itemprop=\"text\" ><div class=\"flex_column av_three_fourth flex_column_div av-zero-column-padding first el_before_av_one_fourth avia-builder-el-first headline-section\">\r\n    <section class=\"av_textblock_section \" itemscope=\"itemscope\"\r\n             itemtype=\"https:\/\/schema.org\/CreativeWork\">\r\n                    <div class=\"avia_textblock\" itemprop=\"text\">\r\n                                    Aus dem TUI Camper Magazin:<br>\r\n                                Spannende Artikel \u00fcber Frankreich            <\/div>\r\n            <\/section>\r\n<\/div>\r\n<div class=\"flex_column av_one_fourth flex_column_div av-zero-column-padding el_after_av_three_fourth el_before_av_feature_image_slider avia-builder-el-last logo-section\">\r\n    <div class=\"avia-image-container avia-builder-el-no-sibling avia-align-center\"\r\n         itemprop=\"image\" itemscope=\"itemscope\" itemtype=\"https:\/\/schema.org\/ImageObject\">\r\n        <div class=\"avia-image-container-inner\">\r\n            <div class=\"avia-image-overlay-wrap\">\r\n                <a href=\"\/magazin\/\">\r\n                    <img decoding=\"async\" class=\"wp-image-3099 avia-img-lazy-loading-not-3099 avia_image\"\r\n                         src=\"\/wp-docker\/wp-content\/themes\/tuicamper_enfold\/assets\/img\/logo_350-135.png\"\r\n                         alt=\"TUI Camper Magazin\" height=\"69\" width=\"150\"\r\n                         itemprop=\"thumbnailUrl\">\r\n                <\/a>\r\n            <\/div>\r\n        <\/div>\r\n    <\/div>\r\n<\/div>\r\n<div class=\"flex_column av_one_full flex_column_div av-zero-column-padding first el_before_av_textblock avia-builder-el-first\"\r\n     style=\"border-radius:0px;\">\r\n    <div class=\"carousel\">\r\n                    <div class=\"carousel-cell\">\r\n                <a href=\"https:\/\/www.tuicamper.com\/magazin\/wohnmobil-frankreich\/\">\r\n                    <div class=\"img-container\" style=\"background-image: url('https:\/\/www.tuicamper.com\/wp-docker\/wp-content\/uploads\/2019\/03\/wohnmobil-frankreich-header.jpg');\"><\/div>\r\n                    <p>Wohnmobil Frankreich \u2013 Die sch\u00f6nsten Touren &#038; Highlights <span class=\"dashicons dashicons-arrow-right-alt2\"><\/span><\/p>\r\n                <\/a>\r\n            <\/div>\r\n                    <div class=\"carousel-cell\">\r\n                <a href=\"https:\/\/www.tuicamper.com\/magazin\/schoenste-seen-in-europa\/\">\r\n                    <div class=\"img-container\" style=\"background-image: url('https:\/\/www.tuicamper.com\/wp-docker\/wp-content\/uploads\/2019\/10\/see-europa.jpg');\"><\/div>\r\n                    <p>Die 5 sch\u00f6nsten Seen f\u00fcr einen Camper-Urlaub in Europa <span class=\"dashicons dashicons-arrow-right-alt2\"><\/span><\/p>\r\n                <\/a>\r\n            <\/div>\r\n                    <div class=\"carousel-cell\">\r\n                <a href=\"https:\/\/www.tuicamper.com\/magazin\/camping-in-carcassonne-tipps-und-stellplaetze\/\">\r\n                    <div class=\"img-container\" style=\"background-image: url('https:\/\/www.tuicamper.com\/wp-docker\/wp-content\/uploads\/2025\/06\/camping-carcassonne-header.jpg');\"><\/div>\r\n                    <p>Camping in Carcassonne \u2013 Tipps &#038; Stellpl\u00e4tze in der franz\u00f6sischen Festungsstadt <span class=\"dashicons dashicons-arrow-right-alt2\"><\/span><\/p>\r\n                <\/a>\r\n            <\/div>\r\n                    <div class=\"carousel-cell\">\r\n                <a href=\"https:\/\/www.tuicamper.com\/magazin\/suedfrankreich-mit-dem-wohnmobil\/\">\r\n                    <div class=\"img-container\" style=\"background-image: url('https:\/\/www.tuicamper.com\/wp-docker\/wp-content\/uploads\/2024\/04\/Wohnmobil_Suedfrankreich_Albi.jpg');\"><\/div>\r\n                    <p>S\u00fcdfrankreich mit dem Wohnmobil \u2013 Tipps f\u00fcr eine unvergessliche Camper-Tour <span class=\"dashicons dashicons-arrow-right-alt2\"><\/span><\/p>\r\n                <\/a>\r\n            <\/div>\r\n                    <div class=\"carousel-cell\">\r\n                <a href=\"https:\/\/www.tuicamper.com\/magazin\/surfspots-europa\/\">\r\n                    <div class=\"img-container\" style=\"background-image: url('https:\/\/www.tuicamper.com\/wp-docker\/wp-content\/uploads\/2019\/04\/surfspots-europa.jpg');\"><\/div>\r\n                    <p>Surfspots Europa: Die sch\u00f6nsten Ziele f\u00fcr den Surfurlaub <span class=\"dashicons dashicons-arrow-right-alt2\"><\/span><\/p>\r\n                <\/a>\r\n            <\/div>\r\n                    <div class=\"carousel-cell\">\r\n                <a href=\"https:\/\/www.tuicamper.com\/magazin\/atlantikkueste-frankreich\/\">\r\n                    <div class=\"img-container\" style=\"background-image: url('https:\/\/www.tuicamper.com\/wp-docker\/wp-content\/uploads\/2019\/11\/frankreichs-atlantikkueste.jpg');\"><\/div>\r\n                    <p>Mit dem Wohnmobil unterwegs an Frankreichs Atlantikk\u00fcste <span class=\"dashicons dashicons-arrow-right-alt2\"><\/span><\/p>\r\n                <\/a>\r\n            <\/div>\r\n            <\/div>\r\n<\/div>\n<\/div><\/section><\/div>\n\n<div id='av_section_10'  class='avia-section av-nvbtau0-8b7ae87cfa4d0cc91cda1f8b6391d604 main_color avia-section-default avia-no-border-styling  avia-builder-el-0  el_before_av_textblock  avia-builder-el-first  reduced-content avia-bg-style-scroll container_wrap sidebar_right'  ><div class='container av-section-cont-open' ><main  role=\"main\" itemprop=\"mainContentOfPage\"  class='template-page content  av-content-small alpha units'><div class='post-entry post-entry-type-page post-entry-88024'><div class='entry-content-wrapper clearfix'>\n\n<style type=\"text\/css\" data-created_by=\"avia_inline_auto\" id=\"style-css-av-n9961q0-bf203c222e7092b62c4d73d8aa29dcca\">\n.flex_column.av-n9961q0-bf203c222e7092b62c4d73d8aa29dcca{\nborder-radius:0px 0px 0px 0px;\npadding:0px 0px 0px 0px;\n}\n<\/style>\n<div  class='flex_column av-n9961q0-bf203c222e7092b62c4d73d8aa29dcca av_one_full  avia-builder-el-1  avia-builder-el-no-sibling  first flex_column_div av-zero-column-padding  '     ><section  class='av_textblock_section av-29pfsyg-84cac57e462f49ff39320c7c2857f734 '   itemscope=\"itemscope\" itemtype=\"https:\/\/schema.org\/BlogPosting\" itemprop=\"blogPost\" ><div class='avia_textblock'  itemprop=\"text\" ><h3>4.) Camping La Ferme Naturiste L\u2018Oliverie \u2013 FFK-Camping in famili\u00e4rer Atmosph\u00e4re<\/h3>\n<p>Die Dimensionen des Campingdorfs Le S\u00e9rignan Plage Nature sind so gar nichts f\u00fcr Sie? Stattdessen w\u00fcnschen Sie sich einen abgeschiedenen Campingplatz mit famili\u00e4rer Atmosph\u00e4re im Herzen der Natur? Dann sind Sie auf dem franz\u00f6sischen FKK-Campingplatz <a href=\"https:\/\/www.oliverie.com\/\" target=\"_blank\" rel=\"noopener\">Camping La Ferme Naturiste L\u2018Oliverie<\/a> in Saurais genau an der richtigen Adresse. Es erwartet Sie ein sehr beschaulicher Campingplatz f\u00fcr Nudisten, auf dem Kinder entspannt und sicher spielen k\u00f6nnen. Insgesamt stehen 23 gro\u00dfz\u00fcgig bemessene, teilweise beschattete Stellpl\u00e4tze auf einer gr\u00fcnen Wiese neben einem kleinen See zur Verf\u00fcgung. Herzst\u00fcck des Platzes ist eine historische Familien-Farm aus dem 18. Jahrhundert.<\/p>\n<p>Ausflugziele gibt es in der Region mehr als genug. Die mittelalterlich anmutende Altstadt des St\u00e4dtchens Parthenay etwa ist kaum 10 Minuten Fahrtzeit entfernt. Und auch das Futuroscope \u2013 ein faszinierender Freizeitpark, der sich mit den Medientechnologien der Zukunft besch\u00e4ftigt, befindet sich in der N\u00e4he.<\/p>\n<\/div><\/section><\/div>\n<\/div><\/div><\/main><!-- close content main element --><\/div><\/div><div id='after_section_10'  class='main_color av_default_container_wrap container_wrap sidebar_right'  ><div class='container av-section-cont-open' ><div class='template-page content  av-content-small alpha units'><div class='post-entry post-entry-type-page post-entry-88024'><div class='entry-content-wrapper clearfix'>\n<\/div><\/div><\/div><!-- close content main div --><\/div><\/div><div id='av_section_11'  class='avia-section av-1mvl1i0-f0b6853f26e572919d6860bd1d453595 main_color avia-section-default avia-no-border-styling  reduced-content avia-bg-style-scroll container_wrap sidebar_right'  ><div class='container av-section-cont-open' ><div class='template-page content  av-content-small alpha units'><div class='post-entry post-entry-type-page post-entry-88024'><div class='entry-content-wrapper clearfix'>\n\n<style type=\"text\/css\" data-created_by=\"avia_inline_auto\" id=\"style-css-av-1545hso-c590d74dee76f535a16ace15c4266969\">\n.avia-image-container.av-1545hso-c590d74dee76f535a16ace15c4266969 img.avia_image{\nbox-shadow:none;\n}\n.avia-image-container.av-1545hso-c590d74dee76f535a16ace15c4266969 .av-caption-image-overlay-bg{\nopacity:0.4;\nbackground-color:#000000;\n}\n.avia-image-container.av-1545hso-c590d74dee76f535a16ace15c4266969 .av-image-caption-overlay-center{\ncolor:#ffffff;\n}\n<\/style>\n<div  class='avia-image-container av-1545hso-c590d74dee76f535a16ace15c4266969 av-styling- av-img-linked avia_animated_image av-animated-when-visible-95 fade-in avia-align-center noHover av-overlay-on-hover'   itemprop=\"image\" itemscope=\"itemscope\" itemtype=\"https:\/\/schema.org\/ImageObject\" ><div class=\"avia-image-container-inner\"><div class=\"avia-image-overlay-wrap\"><a href=\"https:\/\/www.tuicamper.com\/wp-docker\/wp-content\/uploads\/2024\/10\/Frankreich_FKK_Parthenay-1030x644.jpg\" data-srcset=\"https:\/\/www.tuicamper.com\/wp-docker\/wp-content\/uploads\/2024\/10\/Frankreich_FKK_Parthenay-1030x644.jpg 1030w, https:\/\/www.tuicamper.com\/wp-docker\/wp-content\/uploads\/2024\/10\/Frankreich_FKK_Parthenay-300x188.jpg 300w, https:\/\/www.tuicamper.com\/wp-docker\/wp-content\/uploads\/2024\/10\/Frankreich_FKK_Parthenay-768x480.jpg 768w, https:\/\/www.tuicamper.com\/wp-docker\/wp-content\/uploads\/2024\/10\/Frankreich_FKK_Parthenay-705x441.jpg 705w, https:\/\/www.tuicamper.com\/wp-docker\/wp-content\/uploads\/2024\/10\/Frankreich_FKK_Parthenay.jpg 1440w\" data-sizes=\"(max-width: 1030px) 100vw, 1030px\" class='avia_image '  aria-label='Parthenay Frankreich'><div class=\"av-image-caption-overlay\"><div class=\"av-caption-image-overlay-bg\"><\/div><div class=\"av-image-caption-overlay-position\"><div class=\"av-image-caption-overlay-center\"><p>Ein sehenswertes Ausflugsziel &#8211; die mittelalterliche Altstadt von Parthenay<\/p>\n<\/div><\/div><\/div><img decoding=\"async\" fetchpriority=\"high\" class='wp-image-88042 avia-img-lazy-loading-not-88042 avia_image ' src=\"https:\/\/www.tuicamper.com\/wp-docker\/wp-content\/uploads\/2024\/10\/Frankreich_FKK_Parthenay-845x684.jpg\" alt='mittlelalterlich gepr\u00e4gte Stadt Parthenay' title='Parthenay Frankreich'  height=\"684\" width=\"845\"  itemprop=\"thumbnailUrl\" srcset=\"https:\/\/www.tuicamper.com\/wp-docker\/wp-content\/uploads\/2024\/10\/Frankreich_FKK_Parthenay-845x684.jpg 845w, https:\/\/www.tuicamper.com\/wp-docker\/wp-content\/uploads\/2024\/10\/Frankreich_FKK_Parthenay-495x400.jpg 495w\" sizes=\"(max-width: 845px) 100vw, 845px\" \/><\/a><\/div><\/div><\/div>\n\n<style type=\"text\/css\" data-created_by=\"avia_inline_auto\" id=\"style-css-av-sfz63c-7c48586015aeaa45a67a97ef34bcce96\">\n#top .hr.hr-invisible.av-sfz63c-7c48586015aeaa45a67a97ef34bcce96{\nheight:25px;\n}\n<\/style>\n<div  class='hr av-sfz63c-7c48586015aeaa45a67a97ef34bcce96 hr-invisible'><span class='hr-inner '><span class=\"hr-inner-style\"><\/span><\/span><\/div>\n<\/div><\/div><\/div><!-- close content main div --><\/div><\/div><div id='after_section_11'  class='main_color av_default_container_wrap container_wrap sidebar_right'  ><div class='container av-section-cont-open' ><div class='template-page content  av-content-small alpha units'><div class='post-entry post-entry-type-page post-entry-88024'><div class='entry-content-wrapper clearfix'>\n<\/div><\/div><\/div><!-- close content main div --><\/div><\/div><div id='av_section_12'  class='avia-section av-dos860-bed8447840b3ad6dbdcb04ed3d9667d3 main_color avia-section-default avia-no-border-styling  reduced-content avia-bg-style-scroll container_wrap sidebar_right'  ><div class='container av-section-cont-open' ><div class='template-page content  av-content-small alpha units'><div class='post-entry post-entry-type-page post-entry-88024'><div class='entry-content-wrapper clearfix'>\n\n<style type=\"text\/css\" data-created_by=\"avia_inline_auto\" id=\"style-css-av-3mzw4bc-35a4a02af64aad28607adeab2ad7d9b3\">\n.flex_column.av-3mzw4bc-35a4a02af64aad28607adeab2ad7d9b3{\nborder-radius:0px 0px 0px 0px;\npadding:0px 0px 0px 0px;\n}\n<\/style>\n<div  class='flex_column av-3mzw4bc-35a4a02af64aad28607adeab2ad7d9b3 av_one_full first flex_column_div av-zero-column-padding  '     ><section  class='av_textblock_section av-2sz3xvc-0525690e50c835f007035f4fba9d4db0 '   itemscope=\"itemscope\" itemtype=\"https:\/\/schema.org\/BlogPosting\" itemprop=\"blogPost\" ><div class='avia_textblock'  itemprop=\"text\" ><h3>5.) Camping Naturiste La Tuquette \u2013 idyllischer Platz zwischen Provence und C\u00f4te d&#8217;Azur<\/h3>\n<p>Auch der FKK-Campingplatz <a href=\"http:\/\/www.tuquette.com\/\" target=\"_blank\" rel=\"noopener\">Camping Naturiste La Tuquette<\/a> k\u00f6nnte kaum idyllischer liegen. Am Rande des malerischen Dorfs Fayence gelegen sind die Lavendelfelder und urigen D\u00f6rfchen der Provence von hier ebenso erreichbar wie die Traumstr\u00e4nde und mond\u00e4nen K\u00fcstenst\u00e4dte der C\u00f4te d\u2019Azur.<\/p>\n<p>So bietet der Platz zwischen <a href=\"https:\/\/www.tuicamper.com\/magazin\/wohnmobil-provence\/\">Provence und C\u00f4te d\u2019Azur<\/a> nahezu unendliche Ausflugsm\u00f6glichkeiten. Beheizte Schwimmb\u00e4der, umfangreiche Sportm\u00f6glichkeiten, ein wechselndes Abendprogramm und Wanderrouten, die unmittelbar am Campingplatz entlangf\u00fchren, runden den Aufenthalt ab.<\/p>\n<\/div><\/section><\/div>\n<\/div><\/div><\/div><!-- close content main div --><\/div><\/div><div id='after_section_12'  class='main_color av_default_container_wrap container_wrap sidebar_right'  ><div class='container av-section-cont-open' ><div class='template-page content  av-content-small alpha units'><div class='post-entry post-entry-type-page post-entry-88024'><div class='entry-content-wrapper clearfix'>\n<\/div><\/div><\/div><!-- close content main div --><\/div><\/div><div id='av_section_13'  class='avia-section av-2earvnc-9496d3d463a2faf549a6b47060398ac2 main_color avia-section-default avia-no-border-styling  avia-builder-el-4  el_after_av_textblock  el_before_av_section  reduced-content avia-bg-style-scroll container_wrap sidebar_right'  ><div class='container av-section-cont-open' ><div class='template-page content  av-content-small alpha units'><div class='post-entry post-entry-type-page post-entry-88024'><div class='entry-content-wrapper clearfix'>\n<div  class='avia-button-wrap av-22m79x4-6ade8178cc813bdef4c9f244f0c71b76-wrap avia-button-center '><a href='https:\/\/www.tuicamper.com\/reiseziele\/europa\/frankreich\/'  class='avia-button av-22m79x4-6ade8178cc813bdef4c9f244f0c71b76 av-link-btn avia-icon_select-yes-right-icon avia-size-large avia-position-center avia-color-theme-color'   aria-label=\"Jetzt Wohnmobil mieten f\u00fcr Frankreich\"><span class='avia_iconbox_title' >Jetzt Wohnmobil mieten f\u00fcr Frankreich<\/span><span class='avia_button_icon avia_button_icon_right avia-iconfont avia-font-entypo-fontello' data-av_icon='\ue875' data-av_iconfont='entypo-fontello' ><\/span><\/a><\/div>\n\n<style type=\"text\/css\" data-created_by=\"avia_inline_auto\" id=\"style-css-av-1jmj7yw-70885d534e2e9433992636a5beec2006\">\n.flex_column.av-1jmj7yw-70885d534e2e9433992636a5beec2006{\nborder-radius:0px 0px 0px 0px;\npadding:0px 0px 0px 0px;\n}\n<\/style>\n<div  class='flex_column av-1jmj7yw-70885d534e2e9433992636a5beec2006 av_one_full first flex_column_div av-zero-column-padding  '     ><style type=\"text\/css\" data-created_by=\"avia_inline_auto\" id=\"style-css-av-1d1c4k8-5449d497cd946d5dfe62d0ce1406f432\">\n#top .av_textblock_section.av-1d1c4k8-5449d497cd946d5dfe62d0ce1406f432 .avia_textblock{\nfont-size:28px;\n}\n<\/style>\n<section  class='av_textblock_section av-1d1c4k8-5449d497cd946d5dfe62d0ce1406f432 '   itemscope=\"itemscope\" itemtype=\"https:\/\/schema.org\/BlogPosting\" itemprop=\"blogPost\" ><div class='avia_textblock'  itemprop=\"text\" ><p><strong>Ihr TUI CAMPER-Team w\u00fcnscht Ihnen ein entspanntes FKK-Camping in Frankreich!<\/strong><\/p>\n<\/div><\/section><\/div><div  class='av-social-sharing-box av-q8bdco-3c22aba1a9112bc59cc574f79e8cba4b av-social-sharing-box-default av-social-sharing-box-fullwidth'><div class=\"av-share-box\"><ul class=\"av-share-box-list noLightbox\"><li class='av-share-link av-social-link-facebook avia_social_iconfont' ><a target=\"_blank\" aria-label=\"Teilen auf Facebook\" href='https:\/\/www.facebook.com\/sharer.php?u=https:\/\/www.tuicamper.com\/magazin\/atlantikkueste-frankreich\/&#038;t=Mit%20dem%20Wohnmobil%20unterwegs%20an%20Frankreichs%20Atlantikk%C3%BCste' data-av_icon='\ue8f3' data-av_iconfont='entypo-fontello'  title='' data-avia-related-tooltip='Teilen auf Facebook'><span class='avia_hidden_link_text'>Teilen auf Facebook<\/span><\/a><\/li><li class='av-share-link av-social-link-twitter avia_social_iconfont' ><a target=\"_blank\" aria-label=\"Teilen auf X\" href='https:\/\/twitter.com\/share?text=Mit%20dem%20Wohnmobil%20unterwegs%20an%20Frankreichs%20Atlantikk%C3%BCste&#038;url=https:\/\/www.tuicamper.com\/magazin\/atlantikkueste-frankreich\/' data-av_icon='\ue932' data-av_iconfont='entypo-fontello'  title='' data-avia-related-tooltip='Teilen auf X'><span class='avia_hidden_link_text'>Teilen auf X<\/span><\/a><\/li><li class='av-share-link av-social-link-whatsapp avia_social_iconfont' ><a target=\"_blank\" aria-label=\"Teilen auf WhatsApp\" href='https:\/\/api.whatsapp.com\/send?text=https:\/\/www.tuicamper.com\/magazin\/atlantikkueste-frankreich\/' data-av_icon='\uf232' data-av_iconfont='entypo-fontello'  title='' data-avia-related-tooltip='Teilen auf WhatsApp'><span class='avia_hidden_link_text'>Teilen auf WhatsApp<\/span><\/a><\/li><li class='av-share-link av-social-link-pinterest avia_social_iconfont' ><a target=\"_blank\" aria-label=\"Teilen auf Pinterest\" href='https:\/\/pinterest.com\/pin\/create\/button\/?url=https%3A%2F%2Fwww.tuicamper.com%2Fmagazin%2Fatlantikkueste-frankreich%2F&#038;description=Mit%20dem%20Wohnmobil%20unterwegs%20an%20Frankreichs%20Atlantikk%C3%BCste&#038;media=https%3A%2F%2Fwww.tuicamper.com%2Fwp-docker%2Fwp-content%2Fuploads%2F2019%2F11%2Ffrankreichs-atlantikkueste-705x269.jpg' data-av_icon='\ue8f8' data-av_iconfont='entypo-fontello'  title='' data-avia-related-tooltip='Teilen auf Pinterest'><span class='avia_hidden_link_text'>Teilen auf Pinterest<\/span><\/a><\/li><li class='av-share-link av-social-link-mail avia_social_iconfont' ><a  aria-label=\"Per E-Mail teilen\" href='mailto:?subject=Mit%20dem%20Wohnmobil%20unterwegs%20an%20Frankreichs%20Atlantikk%C3%BCste&#038;body=https:\/\/www.tuicamper.com\/magazin\/atlantikkueste-frankreich\/' data-av_icon='\ue805' data-av_iconfont='entypo-fontello'  title='' data-avia-related-tooltip='Per E-Mail teilen'><span class='avia_hidden_link_text'>Per E-Mail teilen<\/span><\/a><\/li><\/ul><\/div><\/div>\n\n","protected":false},"excerpt":{"rendered":"<p>Frankreich hat eine lange FKK-Tradition. Wir stellen Ihnen die sch\u00f6nsten Nackt-Campingpl\u00e4tze des Landes vor \u2013 in idyllischer Landschaft oder direkt am Meer. <\/p>\n","protected":false},"author":5,"featured_media":88030,"comment_status":"open","ping_status":"open","sticky":false,"template":"","format":"standard","meta":{"footnotes":""},"categories":[33],"tags":[574,24,50],"class_list":["post-88024","post","type-post","status-publish","format-standard","has-post-thumbnail","hentry","category-reisethema","tag-fkk","tag-frankreich","tag-natur"],"yoast_head":"<!-- This site is optimized with the Yoast SEO plugin v27.4 - https:\/\/yoast.com\/product\/yoast-seo-wordpress\/ -->\n<title>FKK-Camping in Frankreich: Die sch\u00f6nsten Pl\u00e4tze - TUI CAMPER<\/title>\n<meta name=\"description\" content=\"Frankreich hat einige der sch\u00f6nsten FKK-Campingpl\u00e4tze Europas zu bieten. Erleben Sie Nackt-Camping von seiner besten Seite.\" \/>\n<meta name=\"robots\" content=\"index, follow, max-snippet:-1, max-image-preview:large, max-video-preview:-1\" \/>\n<link rel=\"canonical\" href=\"https:\/\/www.tuicamper.com\/magazin\/fkk-camping-frankreich\/\" \/>\n<meta property=\"og:locale\" content=\"de_DE\" \/>\n<meta property=\"og:type\" content=\"article\" \/>\n<meta property=\"og:title\" content=\"FKK-Camping in Frankreich: Die sch\u00f6nsten Pl\u00e4tze - TUI CAMPER\" \/>\n<meta property=\"og:description\" content=\"Frankreich hat einige der sch\u00f6nsten FKK-Campingpl\u00e4tze Europas zu bieten. Erleben Sie Nackt-Camping von seiner besten Seite.\" \/>\n<meta property=\"og:url\" content=\"https:\/\/www.tuicamper.com\/magazin\/fkk-camping-frankreich\/\" \/>\n<meta property=\"og:site_name\" content=\"TUI Camper Magazin\" \/>\n<meta property=\"article:published_time\" content=\"2024-10-02T13:13:55+00:00\" \/>\n<meta property=\"og:image\" content=\"https:\/\/www.tuicamper.com\/wp-docker\/wp-content\/uploads\/2024\/10\/Frankreich_FKK.jpg\" \/>\n\t<meta property=\"og:image:width\" content=\"1280\" \/>\n\t<meta property=\"og:image:height\" content=\"492\" \/>\n\t<meta property=\"og:image:type\" content=\"image\/jpeg\" \/>\n<meta name=\"author\" content=\"Olli\" \/>\n<meta name=\"twitter:card\" content=\"summary_large_image\" \/>\n<meta name=\"twitter:label1\" content=\"Verfasst von\" \/>\n\t<meta name=\"twitter:data1\" content=\"Olli\" \/>\n\t<meta name=\"twitter:label2\" content=\"Gesch\u00e4tzte Lesezeit\" \/>\n\t<meta name=\"twitter:data2\" content=\"6\u00a0Minuten\" \/>\n<!-- \/ Yoast SEO plugin. -->","yoast_head_json":{"title":"FKK-Camping in Frankreich: Die sch\u00f6nsten Pl\u00e4tze - TUI CAMPER","description":"Frankreich hat einige der sch\u00f6nsten FKK-Campingpl\u00e4tze Europas zu bieten. Erleben Sie Nackt-Camping von seiner besten Seite.","robots":{"index":"index","follow":"follow","max-snippet":"max-snippet:-1","max-image-preview":"max-image-preview:large","max-video-preview":"max-video-preview:-1"},"canonical":"https:\/\/www.tuicamper.com\/magazin\/fkk-camping-frankreich\/","og_locale":"de_DE","og_type":"article","og_title":"FKK-Camping in Frankreich: Die sch\u00f6nsten Pl\u00e4tze - TUI CAMPER","og_description":"Frankreich hat einige der sch\u00f6nsten FKK-Campingpl\u00e4tze Europas zu bieten. Erleben Sie Nackt-Camping von seiner besten Seite.","og_url":"https:\/\/www.tuicamper.com\/magazin\/fkk-camping-frankreich\/","og_site_name":"TUI Camper Magazin","article_published_time":"2024-10-02T13:13:55+00:00","og_image":[{"width":1280,"height":492,"url":"https:\/\/www.tuicamper.com\/wp-docker\/wp-content\/uploads\/2024\/10\/Frankreich_FKK.jpg","type":"image\/jpeg"}],"author":"Olli","twitter_card":"summary_large_image","twitter_misc":{"Verfasst von":"Olli","Gesch\u00e4tzte Lesezeit":"6\u00a0Minuten"},"schema":{"@context":"https:\/\/schema.org","@graph":[{"@type":"Article","@id":"https:\/\/www.tuicamper.com\/magazin\/fkk-camping-frankreich\/#article","isPartOf":{"@id":"https:\/\/www.tuicamper.com\/magazin\/fkk-camping-frankreich\/"},"author":{"name":"Olli","@id":"https:\/\/www.tuicamper.com\/wp-docker\/#\/schema\/person\/98975e733813f701672fd75ef9df8b69"},"headline":"FKK-Camping in Frankreich: Die 5 sch\u00f6nsten Nackt-Campingpl\u00e4tze","datePublished":"2024-10-02T13:13:55+00:00","mainEntityOfPage":{"@id":"https:\/\/www.tuicamper.com\/magazin\/fkk-camping-frankreich\/"},"wordCount":4822,"commentCount":0,"image":{"@id":"https:\/\/www.tuicamper.com\/magazin\/fkk-camping-frankreich\/#primaryimage"},"thumbnailUrl":"https:\/\/www.tuicamper.com\/wp-docker\/wp-content\/uploads\/2024\/10\/Frankreich_FKK.jpg","keywords":["FKK","Frankreich","Natur"],"articleSection":["Reisethema"],"inLanguage":"de","potentialAction":[{"@type":"CommentAction","name":"Comment","target":["https:\/\/www.tuicamper.com\/magazin\/fkk-camping-frankreich\/#respond"]}]},{"@type":"WebPage","@id":"https:\/\/www.tuicamper.com\/magazin\/fkk-camping-frankreich\/","url":"https:\/\/www.tuicamper.com\/magazin\/fkk-camping-frankreich\/","name":"FKK-Camping in Frankreich: Die sch\u00f6nsten Pl\u00e4tze - TUI CAMPER","isPartOf":{"@id":"https:\/\/www.tuicamper.com\/#website"},"primaryImageOfPage":{"@id":"https:\/\/www.tuicamper.com\/magazin\/fkk-camping-frankreich\/#primaryimage"},"image":{"@id":"https:\/\/www.tuicamper.com\/magazin\/fkk-camping-frankreich\/#primaryimage"},"thumbnailUrl":"https:\/\/www.tuicamper.com\/wp-content\/uploads\/2024\/10\/Frankreich_FKK.jpg","datePublished":"2024-10-02T13:13:55+00:00","author":{"@id":"https:\/\/www.tuicamper.com\/#\/schema\/person\/98975e733813f701672fd75ef9df8b69"},"description":"Frankreich hat einige der sch\u00f6nsten FKK-Campingpl\u00e4tze Europas zu bieten. Erleben Sie Nackt-Camping von seiner besten Seite.","breadcrumb":{"@id":"https:\/\/www.tuicamper.com\/magazin\/fkk-camping-frankreich\/#breadcrumb"},"inLanguage":"de","potentialAction":["Array"]},{"@type":"ImageObject","inLanguage":"de","@id":"https:\/\/www.tuicamper.com\/magazin\/fkk-camping-frankreich\/#primaryimage","url":"https:\/\/www.tuicamper.com\/wp-docker\/wp-content\/uploads\/2024\/10\/Frankreich_FKK.jpg","contentUrl":"https:\/\/www.tuicamper.com\/wp-docker\/wp-content\/uploads\/2024\/10\/Frankreich_FKK.jpg","width":1280,"height":492},{"@type":"BreadcrumbList","@id":"https:\/\/www.tuicamper.com\/magazin\/fkk-camping-frankreich\/#breadcrumb","itemListElement":[{"@type":"ListItem","position":1,"name":"Startseite","item":"https:\/\/www.tuicamper.com\/wp-docker\/"},{"@type":"ListItem","position":2,"name":"FKK-Camping in Frankreich: Die 5 sch\u00f6nsten Nackt-Campingpl\u00e4tze"}]},{"@type":"WebSite","@id":"https:\/\/www.tuicamper.com\/#website","url":"https:\/\/www.tuicamper.com\/","name":"TUI Camper Magazin","description":"","potentialAction":["Array"],"inLanguage":"de"},{"@type":"Person","@id":"https:\/\/www.tuicamper.com\/wp-docker\/#\/schema\/person\/98975e733813f701672fd75ef9df8b69","name":"Olli","image":{"@type":"ImageObject","inLanguage":"de","@id":"https:\/\/secure.gravatar.com\/avatar\/4529b17b9a4dec34d38f705f89e1db8c906d30537b64d795d775d528c07951ff?s=96&d=mm&r=g","url":"https:\/\/secure.gravatar.com\/avatar\/4529b17b9a4dec34d38f705f89e1db8c906d30537b64d795d775d528c07951ff?s=96&d=mm&r=g","contentUrl":"https:\/\/secure.gravatar.com\/avatar\/4529b17b9a4dec34d38f705f89e1db8c906d30537b64d795d775d528c07951ff?s=96&d=mm&r=g","caption":"Olli"},"url":"https:\/\/www.tuicamper.com\/wp-docker\/magazin\/author\/olli\/"}]}},"_links":{"self":[{"href":"https:\/\/www.tuicamper.com\/wp-docker\/wp-json\/wp\/v2\/posts\/88024","targetHints":{"allow":["GET"]}}],"collection":[{"href":"https:\/\/www.tuicamper.com\/wp-docker\/wp-json\/wp\/v2\/posts"}],"about":[{"href":"https:\/\/www.tuicamper.com\/wp-docker\/wp-json\/wp\/v2\/types\/post"}],"author":[{"embeddable":true,"href":"https:\/\/www.tuicamper.com\/wp-docker\/wp-json\/wp\/v2\/users\/5"}],"replies":[{"embeddable":true,"href":"https:\/\/www.tuicamper.com\/wp-docker\/wp-json\/wp\/v2\/comments?post=88024"}],"version-history":[{"count":19,"href":"https:\/\/www.tuicamper.com\/wp-docker\/wp-json\/wp\/v2\/posts\/88024\/revisions"}],"predecessor-version":[{"id":88521,"href":"https:\/\/www.tuicamper.com\/wp-docker\/wp-json\/wp\/v2\/posts\/88024\/revisions\/88521"}],"wp:featuredmedia":[{"embeddable":true,"href":"https:\/\/www.tuicamper.com\/wp-docker\/wp-json\/wp\/v2\/media\/88030"}],"wp:attachment":[{"href":"https:\/\/www.tuicamper.com\/wp-docker\/wp-json\/wp\/v2\/media?parent=88024"}],"wp:term":[{"taxonomy":"category","embeddable":true,"href":"https:\/\/www.tuicamper.com\/wp-docker\/wp-json\/wp\/v2\/categories?post=88024"},{"taxonomy":"post_tag","embeddable":true,"href":"https:\/\/www.tuicamper.com\/wp-docker\/wp-json\/wp\/v2\/tags?post=88024"}],"curies":[{"name":"wp","href":"https:\/\/api.w.org\/{rel}","templated":true}]}}