{"id":87468,"date":"2024-10-01T12:42:56","date_gmt":"2024-10-01T10:42:56","guid":{"rendered":"https:\/\/www.tuicamper.com\/?p=87468"},"modified":"2024-10-01T14:26:17","modified_gmt":"2024-10-01T12:26:17","slug":"langzeitreisen-wohnmobil","status":"publish","type":"post","link":"https:\/\/www.tuicamper.com\/magazin\/langzeitreisen-wohnmobil\/","title":{"rendered":"5 Jahre Langzeitreisen mit dem Wohnmobil: Tipps und Erlebnisse"},"content":{"rendered":"<div id='av_section_1'  class='avia-section av-yfgjr2k-4ec707889d8181606a2976231598ea3b main_color avia-section-default avia-no-border-styling  avia-builder-el-0  el_before_av_textblock  avia-builder-el-first  reduced-content avia-bg-style-scroll container_wrap sidebar_right'  ><div class='container av-section-cont-open' ><main  role=\"main\" itemprop=\"mainContentOfPage\"  class='template-page content  av-content-small alpha units'><div class='post-entry post-entry-type-page post-entry-87468'><div class='entry-content-wrapper clearfix'>\n\n<style type=\"text\/css\" data-created_by=\"avia_inline_auto\" id=\"style-css-av-xrptv0s-4c2989c2354d7f0aac7c297553d83d21\">\n.flex_column.av-xrptv0s-4c2989c2354d7f0aac7c297553d83d21{\nborder-radius:0px 0px 0px 0px;\npadding:0px 0px 0px 0px;\n}\n<\/style>\n<div  class='flex_column av-xrptv0s-4c2989c2354d7f0aac7c297553d83d21 av_one_fourth  avia-builder-el-1  el_before_av_three_fourth  avia-builder-el-first  first flex_column_div av-zero-column-padding  '     ><section  class='av_textblock_section av-m19gpo3w-e5083f08716badeddde59418ec94f7e9 '   itemscope=\"itemscope\" itemtype=\"https:\/\/schema.org\/BlogPosting\" itemprop=\"blogPost\" ><div class='avia_textblock'  itemprop=\"text\" ><p><a href=\"#GastbeitragTrustBreathe\"><img loading=\"lazy\" decoding=\"async\" class=\"size-full wp-image-87963 aligncenter\" src=\"https:\/\/www.tuicamper.com\/wp-docker\/wp-content\/uploads\/2024\/09\/gastbeitrag-trust-breathe.jpg\" alt=\"Trust and Breathe\" width=\"165\" height=\"200\" \/><\/a><\/p>\n<\/div><\/section><\/div>\n<style type=\"text\/css\" data-created_by=\"avia_inline_auto\" id=\"style-css-av-t2d20c-d9ef47515edd3c825182831b99e166d8\">\n.flex_column.av-t2d20c-d9ef47515edd3c825182831b99e166d8{\nborder-radius:0px 0px 0px 0px;\npadding:0px 0px 0px 0px;\n}\n<\/style>\n<div  class='flex_column av-t2d20c-d9ef47515edd3c825182831b99e166d8 av_three_fourth  avia-builder-el-3  el_after_av_one_fourth  avia-builder-el-last  flex_column_div av-zero-column-padding  '     ><section  class='av_textblock_section av-m1j9oh02-f26bd0fecdb3dc90eb2328611d73f232 '   itemscope=\"itemscope\" itemtype=\"https:\/\/schema.org\/BlogPosting\" itemprop=\"blogPost\" ><div class='avia_textblock'  itemprop=\"text\" ><p>Stell Dir vor, Dein Zuhause ist immer dabei. Kein Kofferpacken, keine Hotelsuche, keine festen Pl\u00e4ne. Genau so sieht unser Leben die meiste Zeit aus. Seit f\u00fcnf Jahren reisen wir mit dem Wohnmobil auf ausgedehnten Langzeitreisen durch Europa und dar\u00fcber hinaus. Wir haben die Fesseln des Alltags abgesch\u00fcttelt und genie\u00dfen die unendlichen M\u00f6glichkeiten, die das Reisen auf diese Weise bietet.<\/p>\n<\/div><\/section><\/div><\/div><\/div><\/main><!-- close content main element --><\/div><\/div><div id='after_section_1'  class='main_color av_default_container_wrap container_wrap sidebar_right'  ><div class='container av-section-cont-open' ><div class='template-page content  av-content-small alpha units'><div class='post-entry post-entry-type-page post-entry-87468'><div class='entry-content-wrapper clearfix'><section  class='av_textblock_section av-x4w5j1o-7523676d281071a8fad307350b75edb2 '   itemscope=\"itemscope\" itemtype=\"https:\/\/schema.org\/BlogPosting\" itemprop=\"blogPost\" ><div class='avia_textblock'  itemprop=\"text\" >\n<\/div><\/section><\/p>\n<\/div><\/div><\/div><!-- close content main div --><\/div><\/div><div id='av_section_2'  class='avia-section av-3adi2zw-43d55873de1770ff4ea963f5f70f0c07 main_color avia-section-default avia-no-border-styling  avia-builder-el-6  el_after_av_textblock  el_before_av_section  reduced-content avia-bg-style-scroll container_wrap sidebar_right'  ><div class='container av-section-cont-open' ><div class='template-page content  av-content-small alpha units'><div class='post-entry post-entry-type-page post-entry-87468'><div class='entry-content-wrapper clearfix'>\n<section  class='av_textblock_section av-38ht3ik-617d7d8cfd0740a1422292b3dbcd9ffb '   itemscope=\"itemscope\" itemtype=\"https:\/\/schema.org\/BlogPosting\" itemprop=\"blogPost\" ><div class='avia_textblock'  itemprop=\"text\" ><div id=\"js-table-of-contents\">\r\n    <strong>Inhaltsverzeichnis<\/strong>\r\n<\/div>\n<\/div><\/section>\n\n<\/div><\/div><\/div><!-- close content main div --><\/div><\/div><div id='av_section_3'  class='avia-section av-vz1m9ws-53e45f1e75d12e9cb64e0e4180529216 main_color avia-section-default avia-no-border-styling  avia-builder-el-8  el_after_av_section  el_before_av_section  reduced-content avia-bg-style-scroll container_wrap sidebar_right'  ><div class='container av-section-cont-open' ><div class='template-page content  av-content-small alpha units'><div class='post-entry post-entry-type-page post-entry-87468'><div class='entry-content-wrapper clearfix'>\n\n<style type=\"text\/css\" data-created_by=\"avia_inline_auto\" id=\"style-css-av-vj9xglo-3ae280f70223907d9bd9b74335a8489d\">\n.flex_column.av-vj9xglo-3ae280f70223907d9bd9b74335a8489d{\nborder-radius:0px 0px 0px 0px;\npadding:0px 0px 0px 0px;\n}\n<\/style>\n<div  class='flex_column av-vj9xglo-3ae280f70223907d9bd9b74335a8489d av_one_full  avia-builder-el-9  avia-builder-el-no-sibling  first flex_column_div av-zero-column-padding  '     ><section  class='av_textblock_section av-v83vfsc-66d423a81fd90e6888228f374810e57a '   itemscope=\"itemscope\" itemtype=\"https:\/\/schema.org\/BlogPosting\" itemprop=\"blogPost\" ><div class='avia_textblock'  itemprop=\"text\" ><h2>Wie bei uns alles begann<\/h2>\n<p>Alles begann mit diesem einen Moment. Gefangen in der Routine des B\u00fcroalltags und dem Spagat zwischen Kita, Haushalt und Verpflichtungen, sahen wir uns eines Abend auf der Couch in die Augen und stellten uns die Frage &#8211; Ist es das jetzt? Ist dies das Leben, auf das wir alle die Jahre hingearbeitet haben? Eine sch\u00f6ne Wohnung, ein sicherer Job, ein Auto und zwei gesunde Kinder. Mehr als Grund genug, wirklich gl\u00fccklich zu sein oder? Warum haben wir jedoch das dumpfe Gef\u00fchl es nicht zu sein?<\/p>\n<p>In der Routine des Alltags verschwimmen die immergleichen Tage zu Monaten und Jahren. Wir wollten das Leben sp\u00fcren, den Fahrtwind im Gesicht und das Salz der Gischt auf den Lippen schmecken. Also setzten wir alles auf eine Karte und k\u00fcndigten unser altes Leben. Mit der Freiheit im Gep\u00e4ck und der Sonne entgegen starteten wir 2019 unsere erste Reise.<\/p>\n<\/div><\/section><\/div>\n\n<\/div><\/div><\/div><!-- close content main div --><\/div><\/div><div id='av_section_4'  class='avia-section av-unjpcj0-e270382e3a853c946b8b1704ef1fbc42 main_color avia-section-default avia-no-border-styling  avia-builder-el-11  el_after_av_section  el_before_av_section  reduced-content avia-bg-style-scroll container_wrap sidebar_right'  ><div class='container av-section-cont-open' ><div class='template-page content  av-content-small alpha units'><div class='post-entry post-entry-type-page post-entry-87468'><div class='entry-content-wrapper clearfix'>\n\n<style type=\"text\/css\" data-created_by=\"avia_inline_auto\" id=\"style-css-av-u9t09zg-29c7db0663373cfc68a69a7ad98b614b\">\n.avia-image-container.av-u9t09zg-29c7db0663373cfc68a69a7ad98b614b img.avia_image{\nbox-shadow:none;\n}\n.avia-image-container.av-u9t09zg-29c7db0663373cfc68a69a7ad98b614b .av-caption-image-overlay-bg{\nopacity:0.4;\nbackground-color:#000000;\n}\n.avia-image-container.av-u9t09zg-29c7db0663373cfc68a69a7ad98b614b .av-image-caption-overlay-center{\ncolor:#ffffff;\n}\n<\/style>\n<div  class='avia-image-container av-u9t09zg-29c7db0663373cfc68a69a7ad98b614b av-styling- av-img-linked avia_animated_image av-animated-when-visible-95 fade-in avia-align-center  avia-builder-el-12  avia-builder-el-no-sibling  noHover av-overlay-on-hover'   itemprop=\"image\" itemscope=\"itemscope\" itemtype=\"https:\/\/schema.org\/ImageObject\" ><div class=\"avia-image-container-inner\"><div class=\"avia-image-overlay-wrap\"><a href=\"https:\/\/www.tuicamper.com\/wp-docker\/wp-content\/uploads\/2024\/09\/trustandbreathe_Camper-1030x644.jpg\" data-srcset=\"https:\/\/www.tuicamper.com\/wp-docker\/wp-content\/uploads\/2024\/09\/trustandbreathe_Camper-1030x644.jpg 1030w, https:\/\/www.tuicamper.com\/wp-docker\/wp-content\/uploads\/2024\/09\/trustandbreathe_Camper-300x188.jpg 300w, https:\/\/www.tuicamper.com\/wp-docker\/wp-content\/uploads\/2024\/09\/trustandbreathe_Camper-768x480.jpg 768w, https:\/\/www.tuicamper.com\/wp-docker\/wp-content\/uploads\/2024\/09\/trustandbreathe_Camper-705x441.jpg 705w, https:\/\/www.tuicamper.com\/wp-docker\/wp-content\/uploads\/2024\/09\/trustandbreathe_Camper.jpg 1440w\" data-sizes=\"(max-width: 1030px) 100vw, 1030px\" class='avia_image '  aria-label='Camperurlaub mit trustandbreathe'><div class=\"av-image-caption-overlay\"><div class=\"av-caption-image-overlay-bg\"><\/div><div class=\"av-image-caption-overlay-position\"><div class=\"av-image-caption-overlay-center\"><\/div><\/div><\/div><img decoding=\"async\" fetchpriority=\"high\" class='wp-image-87489 avia-img-lazy-loading-not-87489 avia_image ' src=\"https:\/\/www.tuicamper.com\/wp-docker\/wp-content\/uploads\/2024\/09\/trustandbreathe_Camper-845x684.jpg\" alt='Camperurlaub mit trustandbreathe' title='Camperurlaub mit trustandbreathe'  height=\"684\" width=\"845\"  itemprop=\"thumbnailUrl\" srcset=\"https:\/\/www.tuicamper.com\/wp-docker\/wp-content\/uploads\/2024\/09\/trustandbreathe_Camper-845x684.jpg 845w, https:\/\/www.tuicamper.com\/wp-docker\/wp-content\/uploads\/2024\/09\/trustandbreathe_Camper-495x400.jpg 495w\" sizes=\"(max-width: 845px) 100vw, 845px\" \/><\/a><\/div><\/div><\/div>\n\n<\/div><\/div><\/div><!-- close content main div --><\/div><\/div><div id='av_section_5'  class='avia-section av-tdtqdik-6244b7e5ec3f34066d9795e012cbed6c main_color avia-section-default avia-no-border-styling  avia-builder-el-13  el_after_av_section  el_before_av_section  reduced-content avia-bg-style-scroll container_wrap sidebar_right'  ><div class='container av-section-cont-open' ><div class='template-page content  av-content-small alpha units'><div class='post-entry post-entry-type-page post-entry-87468'><div class='entry-content-wrapper clearfix'>\n\n<style type=\"text\/css\" data-created_by=\"avia_inline_auto\" id=\"style-css-av-sk74b9o-053e41f25a5c88cc22f1ebaf198eeaa2\">\n.flex_column.av-sk74b9o-053e41f25a5c88cc22f1ebaf198eeaa2{\nborder-radius:0px 0px 0px 0px;\npadding:0px 0px 0px 0px;\n}\n<\/style>\n<div  class='flex_column av-sk74b9o-053e41f25a5c88cc22f1ebaf198eeaa2 av_one_full  avia-builder-el-14  avia-builder-el-no-sibling  first flex_column_div av-zero-column-padding  '     ><section  class='av_textblock_section av-seymh58-61413a8d7159e6fa0f1ed077987f5828 '   itemscope=\"itemscope\" itemtype=\"https:\/\/schema.org\/BlogPosting\" itemprop=\"blogPost\" ><div class='avia_textblock'  itemprop=\"text\" ><p>Das Reisen im Camper erm\u00f6glicht es uns, einfach loszufahren und die sch\u00f6nsten Landschaften, St\u00e4dte und Stellpl\u00e4tze zu entdecken. Die Welt ist dabei unser Garten und hinter jeder Ecke neue spannende Begegnungen. Wir bleiben, wo es uns gef\u00e4llt und fahren bei schlechtem Wetter der Sonne hinterher. Doch Langzeitreisen im Camper haben nicht nur Vorteile, wie wir schon gleich zu Beginn unserer ersten Roadtrips feststellen durften, gibt es auch eine Menge Herausforderungen.<\/p>\n<p>Wenn die Kinder nach einer langen Fahrt langsam quengelig werden, der herausgesuchte Stellplatz aufgrund einer Baustelle aktuell geschlossen ist, man dann notd\u00fcrftig auf einem verm\u00fcllten Rastplatz \u00fcbernachtet und zu guter Letzt auch noch das Gas beim Kochen des Abendessens leer geht, dann ist wenig \u00fcbrig von der eigentlichen Camping-Romantik und dem Freiheitsgef\u00fchl.<\/p>\n<p>Damit Du m\u00f6glichst wenig von solchen unsch\u00f6nen Erfahrungen auf deinen Campingreisen erlebst, m\u00f6chten wir in diesem Artikel unsere wichtigsten Tipps f\u00fcr Kurz- und Langzeitreisen im Camper ebenso mit Dir teilen, wie unsere skurrilsten, witzigsten und be\u00e4ngstigten Erlebnisse aus f\u00fcnf Jahren on the Road.<\/p>\n<\/div><\/section><\/div>\n\n<\/div><\/div><\/div><!-- close content main div --><\/div><\/div><div id='av_section_6'  class='avia-section av-rvjh5gs-41b0428c0218ea34512e7e6503aa268f main_color avia-section-default avia-no-border-styling  avia-builder-el-16  el_after_av_section  el_before_av_section  reduced-content avia-bg-style-scroll container_wrap sidebar_right'  ><div class='container av-section-cont-open' ><div class='template-page content  av-content-small alpha units'><div class='post-entry post-entry-type-page post-entry-87468'><div class='entry-content-wrapper clearfix'>\n\n<style type=\"text\/css\" data-created_by=\"avia_inline_auto\" id=\"style-css-av-rcy5n70-6fa8c2d4ad357d27a3b91f760080d77c\">\n.avia-image-container.av-rcy5n70-6fa8c2d4ad357d27a3b91f760080d77c img.avia_image{\nbox-shadow:none;\n}\n.avia-image-container.av-rcy5n70-6fa8c2d4ad357d27a3b91f760080d77c .av-caption-image-overlay-bg{\nopacity:0.4;\nbackground-color:#000000;\n}\n.avia-image-container.av-rcy5n70-6fa8c2d4ad357d27a3b91f760080d77c .av-image-caption-overlay-center{\ncolor:#ffffff;\n}\n<\/style>\n<div  class='avia-image-container av-rcy5n70-6fa8c2d4ad357d27a3b91f760080d77c av-styling- av-img-linked avia_animated_image av-animated-when-visible-95 fade-in avia-align-center  avia-builder-el-17  el_before_av_hr  avia-builder-el-first  noHover av-overlay-on-hover'   itemprop=\"image\" itemscope=\"itemscope\" itemtype=\"https:\/\/schema.org\/ImageObject\" ><div class=\"avia-image-container-inner\"><div class=\"avia-image-overlay-wrap\"><a href=\"https:\/\/www.tuicamper.com\/wp-docker\/wp-content\/uploads\/2024\/09\/trustandbreathe_Camper_an_Kueste-1030x644.jpg\" data-srcset=\"https:\/\/www.tuicamper.com\/wp-docker\/wp-content\/uploads\/2024\/09\/trustandbreathe_Camper_an_Kueste-1030x644.jpg 1030w, https:\/\/www.tuicamper.com\/wp-docker\/wp-content\/uploads\/2024\/09\/trustandbreathe_Camper_an_Kueste-300x188.jpg 300w, https:\/\/www.tuicamper.com\/wp-docker\/wp-content\/uploads\/2024\/09\/trustandbreathe_Camper_an_Kueste-768x480.jpg 768w, https:\/\/www.tuicamper.com\/wp-docker\/wp-content\/uploads\/2024\/09\/trustandbreathe_Camper_an_Kueste-705x441.jpg 705w, https:\/\/www.tuicamper.com\/wp-docker\/wp-content\/uploads\/2024\/09\/trustandbreathe_Camper_an_Kueste.jpg 1440w\" data-sizes=\"(max-width: 1030px) 100vw, 1030px\" class='avia_image '  aria-label='Mit Trust and Breathe Camper an der Kueste'><div class=\"av-image-caption-overlay\"><div class=\"av-caption-image-overlay-bg\"><\/div><div class=\"av-image-caption-overlay-position\"><div class=\"av-image-caption-overlay-center\"><p>Stellplatz an der K\u00fcste<\/p>\n<\/div><\/div><\/div><img decoding=\"async\" fetchpriority=\"high\" class='wp-image-87978 avia-img-lazy-loading-not-87978 avia_image ' src=\"https:\/\/www.tuicamper.com\/wp-docker\/wp-content\/uploads\/2024\/09\/trustandbreathe_Camper_an_Kueste-845x684.jpg\" alt='Mit Trust and Breathe und Ihrem Camper an der Kueste' title='Mit Trust and Breathe Camper an der Kueste'  height=\"684\" width=\"845\"  itemprop=\"thumbnailUrl\" srcset=\"https:\/\/www.tuicamper.com\/wp-docker\/wp-content\/uploads\/2024\/09\/trustandbreathe_Camper_an_Kueste-845x684.jpg 845w, https:\/\/www.tuicamper.com\/wp-docker\/wp-content\/uploads\/2024\/09\/trustandbreathe_Camper_an_Kueste-495x400.jpg 495w\" sizes=\"(max-width: 845px) 100vw, 845px\" \/><\/a><\/div><\/div><\/div>\n\n<style type=\"text\/css\" data-created_by=\"avia_inline_auto\" id=\"style-css-av-r3by2x8-8bfc2e627735a3c3aadbe8d8dd715410\">\n#top .hr.hr-invisible.av-r3by2x8-8bfc2e627735a3c3aadbe8d8dd715410{\nheight:25px;\n}\n<\/style>\n<div  class='hr av-r3by2x8-8bfc2e627735a3c3aadbe8d8dd715410 hr-invisible  avia-builder-el-18  el_after_av_image  avia-builder-el-last '><span class='hr-inner '><span class=\"hr-inner-style\"><\/span><\/span><\/div>\n\n<\/div><\/div><\/div><!-- close content main div --><\/div><\/div><div id='av_section_7'  class='avia-section av-qdemz0s-6fdd353d10dad49b3062bd6c3d9c219e main_color avia-section-default avia-no-border-styling  avia-builder-el-19  el_after_av_section  el_before_av_section  reduced-content avia-bg-style-scroll container_wrap sidebar_right'  ><div class='container av-section-cont-open' ><div class='template-page content  av-content-small alpha units'><div class='post-entry post-entry-type-page post-entry-87468'><div class='entry-content-wrapper clearfix'>\n\n<style type=\"text\/css\" data-created_by=\"avia_inline_auto\" id=\"style-css-av-pt0axho-f2349bfd89fcf498863de54890531512\">\n.flex_column.av-pt0axho-f2349bfd89fcf498863de54890531512{\nborder-radius:0px 0px 0px 0px;\npadding:0px 0px 0px 0px;\n}\n<\/style>\n<div  class='flex_column av-pt0axho-f2349bfd89fcf498863de54890531512 av_one_full  avia-builder-el-20  avia-builder-el-no-sibling  first flex_column_div av-zero-column-padding  '     ><section  class='av_textblock_section av-2jxm90s-bb9be6f4633c81c63b9d6e9bc25e5d6d '   itemscope=\"itemscope\" itemtype=\"https:\/\/schema.org\/BlogPosting\" itemprop=\"blogPost\" ><div class='avia_textblock'  itemprop=\"text\" ><h2><strong>Tipps f\u00fcr einen Camping-Urlaub (7-14 Tage)<\/strong><\/h2>\n<ul>\n<li>Plane Deine Reise in sinnvollen Etappen. Wir schaffen mit unseren Kids maximal 6-7 Stunden mit Spiel- und Essenpausen. Suche Dir entsprechend dieser Distanz sch\u00f6ne Stellpl\u00e4tze im Gr\u00fcnen mit Spielm\u00f6glichkeiten f\u00fcr die Kinder unweit der Autobahn heraus. Wenn es sich dabei um Campingpl\u00e4tze handelt und Du in der Hochsaison reist, buche Deine \u00dcbernachtung vorab schon, um sicher zu stellen, dass Du auch einen Platz bekommst.<\/li>\n<li>Mache einen gr\u00fcndlichen Fahrzeugcheck etwa eine Woche vor Abreise. Nichts ist schlimmer als erst unterwegs festzustellen, dass der K\u00fchlschrank kaputt ist oder der Keilriemen nach den ersten 800 Km rei\u00dft.<\/li>\n<li>Achte auf das Gewicht beim Packen f\u00fcr den Urlaub. Viele Campingfahrzeuge haben kaum noch Zuladung und auch wir waren auf unserer ersten Reise 300 Kg \u00fcberladen. Damit zahlt man nicht nur mehr Maut, hat h\u00f6here Spritkosten, sondern es ist auch ein Sicherheitsrisiko und im schlimmsten Fall erlischt sogar dein KFZ-Versicherungsschutz.<\/li>\n<li>Unsere Tipps zum Gewichtsparenden Packen: Nimm eher wenig Kleidung mit. In der Regel tendiert man dazu, viel zu viel mit zu nehmen. Vor Ort gibt es auch Superm\u00e4rkte, nimm daher nur einen Basisvorrat f\u00fcr 3-4 Tage mit und ggf. spezielle Lebensmittel auf die unter keinen Umst\u00e4nden verzichten m\u00f6chtest. B\u00fccher, zu viele Handt\u00fccher und ein zu gro\u00dfer Vorrat an Getr\u00e4nken sind \u201eh\u00e4ufige Gewichtsfallen\u201c. Frage Dich auch, ob Du die Fahrr\u00e4der oder andere schwere Freizeitger\u00e4te wirklich nutzen wirst oder Du dir nicht lieber vor Ort f\u00fcr diesen einen Tag etwas ausleihen m\u00f6chtest.<\/li>\n<li>Buche Deinen Campingplatz am Zielort im voraus, vor allem in der Hochsaison. Wir haben h\u00e4ufig komplett ausgebuchte Pl\u00e4tze auf unseren Reisen gesehen.<\/li>\n<li>\u00dcbernachte niemals auf Autobahnrastst\u00e4tten. Vor allem nicht in der N\u00e4he von Ballungsgebieten. Wir wurden tats\u00e4chlich schon einmal nachts auf einer Autobahnrastst\u00e4tte ausgeraubt.<\/li>\n<\/ul>\n<\/div><\/section><\/div>\n\n<\/div><\/div><\/div><!-- close content main div --><\/div><\/div><div id='av_section_8'  class='avia-section av-p1z82do-3dac8c68fd3a9a836cff6c0e16b80df2 main_color avia-section-default avia-no-border-styling  avia-builder-el-22  el_after_av_section  el_before_av_section  magazine-slider-section fullwidth_section avia-bg-style-scroll container_wrap sidebar_right'  ><div class='container av-section-cont-open' ><div class='template-page content  av-content-small alpha units'><div class='post-entry post-entry-type-page post-entry-87468'><div class='entry-content-wrapper clearfix'>\n\n<style type=\"text\/css\" data-created_by=\"avia_inline_auto\" id=\"style-css-av-oj1p67g-2d771ff2e2c35293c69a440e68c3d7d5\">\n.flex_column.av-oj1p67g-2d771ff2e2c35293c69a440e68c3d7d5{\nborder-radius:0px 0px 0px 0px;\npadding:0px 0px 0px 0px;\n}\n<\/style>\n<div  class='flex_column av-oj1p67g-2d771ff2e2c35293c69a440e68c3d7d5 av_one_full  avia-builder-el-23  avia-builder-el-no-sibling  first flex_column_div av-zero-column-padding  '     ><section  class='av_textblock_section av-2fabg18-30cd9e81fab47676f0f1ce90f6245ef0 '   itemscope=\"itemscope\" itemtype=\"https:\/\/schema.org\/BlogPosting\" itemprop=\"blogPost\" ><div class='avia_textblock'  itemprop=\"text\" ><div class=\"flex_column av_three_fourth flex_column_div av-zero-column-padding first el_before_av_one_fourth avia-builder-el-first headline-section\">\r\n    <section class=\"av_textblock_section \" itemscope=\"itemscope\"\r\n             itemtype=\"https:\/\/schema.org\/CreativeWork\">\r\n                    <div class=\"avia_textblock\" itemprop=\"text\">\r\n                                    Aus dem TUI Camper Magazin:<br>\r\n                                Spannende Artikel \u00fcber Kroatien & Frankreich            <\/div>\r\n            <\/section>\r\n<\/div>\r\n<div class=\"flex_column av_one_fourth flex_column_div av-zero-column-padding el_after_av_three_fourth el_before_av_feature_image_slider avia-builder-el-last logo-section\">\r\n    <div class=\"avia-image-container avia-builder-el-no-sibling avia-align-center\"\r\n         itemprop=\"image\" itemscope=\"itemscope\" itemtype=\"https:\/\/schema.org\/ImageObject\">\r\n        <div class=\"avia-image-container-inner\">\r\n            <div class=\"avia-image-overlay-wrap\">\r\n                <a href=\"\/magazin\/\">\r\n                    <img decoding=\"async\" class=\"wp-image-3099 avia-img-lazy-loading-not-3099 avia_image\"\r\n                         src=\"\/wp-docker\/wp-content\/themes\/tuicamper_enfold\/assets\/img\/logo_350-135.png\"\r\n                         alt=\"TUI Camper Magazin\" height=\"69\" width=\"150\"\r\n                         itemprop=\"thumbnailUrl\">\r\n                <\/a>\r\n            <\/div>\r\n        <\/div>\r\n    <\/div>\r\n<\/div>\r\n<div class=\"flex_column av_one_full flex_column_div av-zero-column-padding first el_before_av_textblock avia-builder-el-first\"\r\n     style=\"border-radius:0px;\">\r\n    <div class=\"carousel\">\r\n                    <div class=\"carousel-cell\">\r\n                <a href=\"https:\/\/www.tuicamper.com\/magazin\/weinstrasse-elsass\/\">\r\n                    <div class=\"img-container\" style=\"background-image: url('https:\/\/www.tuicamper.com\/wp-docker\/wp-content\/uploads\/2019\/03\/weinstrasse-elsass-header.jpg');\"><\/div>\r\n                    <p>Weinstra\u00dfe im Elsass: Auf Genussreise mit dem Wohnmobil <span class=\"dashicons dashicons-arrow-right-alt2\"><\/span><\/p>\r\n                <\/a>\r\n            <\/div>\r\n                    <div class=\"carousel-cell\">\r\n                <a href=\"https:\/\/www.tuicamper.com\/magazin\/fkk-camping-frankreich\/\">\r\n                    <div class=\"img-container\" style=\"background-image: url('https:\/\/www.tuicamper.com\/wp-docker\/wp-content\/uploads\/2024\/10\/Frankreich_FKK.jpg');\"><\/div>\r\n                    <p>FKK-Camping in Frankreich: Die 5 sch\u00f6nsten Nackt-Campingpl\u00e4tze <span class=\"dashicons dashicons-arrow-right-alt2\"><\/span><\/p>\r\n                <\/a>\r\n            <\/div>\r\n                    <div class=\"carousel-cell\">\r\n                <a href=\"https:\/\/www.tuicamper.com\/magazin\/wohnmobil-provence\/\">\r\n                    <div class=\"img-container\" style=\"background-image: url('https:\/\/www.tuicamper.com\/wp-docker\/wp-content\/uploads\/2019\/03\/wohnmobil-provence-header.jpg');\"><\/div>\r\n                    <p>Mit dem Wohnmobil in die Provence und an die C\u00f4te d&#8217;Azur <span class=\"dashicons dashicons-arrow-right-alt2\"><\/span><\/p>\r\n                <\/a>\r\n            <\/div>\r\n                    <div class=\"carousel-cell\">\r\n                <a href=\"https:\/\/www.tuicamper.com\/magazin\/camping-im-disneyland-paris\/\">\r\n                    <div class=\"img-container\" style=\"background-image: url('https:\/\/www.tuicamper.com\/wp-docker\/wp-content\/uploads\/2024\/09\/Disneyland_Paris_Wohnmobil.jpg');\"><\/div>\r\n                    <p>Camping im Disneyland Paris: M\u00f6glichkeiten im Check <span class=\"dashicons dashicons-arrow-right-alt2\"><\/span><\/p>\r\n                <\/a>\r\n            <\/div>\r\n                    <div class=\"carousel-cell\">\r\n                <a href=\"https:\/\/www.tuicamper.com\/magazin\/schoenste-seen-in-europa\/\">\r\n                    <div class=\"img-container\" style=\"background-image: url('https:\/\/www.tuicamper.com\/wp-docker\/wp-content\/uploads\/2019\/10\/see-europa.jpg');\"><\/div>\r\n                    <p>Die 5 sch\u00f6nsten Seen f\u00fcr einen Camper-Urlaub in Europa <span class=\"dashicons dashicons-arrow-right-alt2\"><\/span><\/p>\r\n                <\/a>\r\n            <\/div>\r\n                    <div class=\"carousel-cell\">\r\n                <a href=\"https:\/\/www.tuicamper.com\/magazin\/atlantikkueste-frankreich\/\">\r\n                    <div class=\"img-container\" style=\"background-image: url('https:\/\/www.tuicamper.com\/wp-docker\/wp-content\/uploads\/2019\/11\/frankreichs-atlantikkueste.jpg');\"><\/div>\r\n                    <p>Mit dem Wohnmobil unterwegs an Frankreichs Atlantikk\u00fcste <span class=\"dashicons dashicons-arrow-right-alt2\"><\/span><\/p>\r\n                <\/a>\r\n            <\/div>\r\n            <\/div>\r\n<\/div>\n<\/div><\/section><\/div>\n\n<div id='av_section_9'  class='avia-section av-nnzrjm4-6aefdb0d10271399c53f2451180b459e main_color avia-section-default avia-no-border-styling  avia-builder-el-0  el_before_av_textblock  avia-builder-el-first  reduced-content avia-bg-style-scroll container_wrap sidebar_right'  ><div class='container av-section-cont-open' ><main  role=\"main\" itemprop=\"mainContentOfPage\"  class='template-page content  av-content-small alpha units'><div class='post-entry post-entry-type-page post-entry-87468'><div class='entry-content-wrapper clearfix'>\n\n<style type=\"text\/css\" data-created_by=\"avia_inline_auto\" id=\"style-css-av-n547dqk-b37e514714a0983633238d49a2484cbd\">\n.flex_column.av-n547dqk-b37e514714a0983633238d49a2484cbd{\nborder-radius:0px 0px 0px 0px;\npadding:0px 0px 0px 0px;\n}\n<\/style>\n<div  class='flex_column av-n547dqk-b37e514714a0983633238d49a2484cbd av_one_full  avia-builder-el-1  avia-builder-el-no-sibling  first flex_column_div av-zero-column-padding  '     ><section  class='av_textblock_section av-mt5qzd8-250c663e366f83c8345baa53f24c0f6f '   itemscope=\"itemscope\" itemtype=\"https:\/\/schema.org\/BlogPosting\" itemprop=\"blogPost\" ><div class='avia_textblock'  itemprop=\"text\" ><h2><strong>Tipps f\u00fcr Langzeitreisen im Camper (>14 Tage)<\/strong><\/h2>\n<p>Etwas anders lauten unsere Tipps f\u00fcr Langzeitreisende. Egal ob Elternzeitreise, Sabbatjahr oder der Einstieg ins Vollzeit-Vanlife, hier gilt es die Magie der zeitlichen Freiheit auszukosten, sich treiben zu lassen und sich Zeit f\u00fcr die Routen und Geschichten abseits der ausgetretenen Touristenpfade zu nehmen.<\/p>\n<ul>\n<li>Lege Dich im voraus nicht so exakt fest mit Deiner Route, sei offen f\u00fcr Tipps von anderen Reisenden und Inspiration w\u00e4hrend Du reist. Plane lieber ein paar Eckpunkte, also Orte die Du gerne sehen m\u00f6chtest und lasse Dich auf dem Weg dorthin treiben.<\/li>\n<li>Plane im voraus nicht zu viele Spots und Highlights. Denn zum einen ist es ziemlich anstrengend von einer Sehensw\u00fcrdigkeit zu n\u00e4chsten zu hetzten und zum anderen kommt es auf solchen Reisen eh immer anders als gedacht. Das Wetter wird Euch hier und da mal einen Strich durch die Rechnung machen und manchmal ist es auch einfach sch\u00f6n an einem Ort l\u00e4nger zu bleiben.<\/li>\n<li>Plane sp\u00e4testens nach drei Wochen intensiven Roadtrip mit vielen Stopps und h\u00e4ufigen Ortswechseln einen l\u00e4ngeren Aufenthalt einem Ort, der allen Mitreisenden gut gef\u00e4llt.<\/li>\n<li>Das beengte Raumangebot im Camper bietet sehr viel Konfliktpotenzial, daher ist gutes Wetter so ziemlich das Wichtigste f\u00fcr den \u201eWohnmobil-Segen\u201c. Sp\u00e4testens nach 2-3 vollen Regentagen, f\u00e4llt uns im Camper die Decke auf den Kopf. Wir behalten immer das Wetter sehr Auge und fahren auch schon mal 500 km, um einer zweiw\u00f6chigen Schlechtwetterfront zu entkommen.<\/li>\n<\/ul>\n<\/div><\/section><\/div>\n<\/div><\/div><\/main><!-- close content main element --><\/div><\/div><div id='after_section_9'  class='main_color av_default_container_wrap container_wrap sidebar_right'  ><div class='container av-section-cont-open' ><div class='template-page content  av-content-small alpha units'><div class='post-entry post-entry-type-page post-entry-87468'><div class='entry-content-wrapper clearfix'>\n<\/div><\/div><\/div><!-- close content main div --><\/div><\/div><div id='av_section_10'  class='avia-section av-1okytjg-a8cc93bd700c43cc5dea574aff7ad0bd main_color avia-section-default avia-no-border-styling  reduced-content avia-bg-style-scroll container_wrap sidebar_right'  ><div class='container av-section-cont-open' ><div class='template-page content  av-content-small alpha units'><div class='post-entry post-entry-type-page post-entry-87468'><div class='entry-content-wrapper clearfix'>\n\n<style type=\"text\/css\" data-created_by=\"avia_inline_auto\" id=\"style-css-av-1dhcob0-df0692f9deceb4f46f13603e1e80aa50\">\n.avia-image-container.av-1dhcob0-df0692f9deceb4f46f13603e1e80aa50 img.avia_image{\nbox-shadow:none;\n}\n.avia-image-container.av-1dhcob0-df0692f9deceb4f46f13603e1e80aa50 .av-caption-image-overlay-bg{\nopacity:0.4;\nbackground-color:#000000;\n}\n.avia-image-container.av-1dhcob0-df0692f9deceb4f46f13603e1e80aa50 .av-image-caption-overlay-center{\ncolor:#ffffff;\n}\n<\/style>\n<div  class='avia-image-container av-1dhcob0-df0692f9deceb4f46f13603e1e80aa50 av-styling- av-img-linked avia_animated_image av-animated-when-visible-95 fade-in avia-align-center noHover av-overlay-on-hover'   itemprop=\"image\" itemscope=\"itemscope\" itemtype=\"https:\/\/schema.org\/ImageObject\" ><div class=\"avia-image-container-inner\"><div class=\"avia-image-overlay-wrap\"><a href=\"https:\/\/www.tuicamper.com\/wp-docker\/wp-content\/uploads\/2024\/09\/trustandbreathe_Strand-1030x644.jpg\" data-srcset=\"https:\/\/www.tuicamper.com\/wp-docker\/wp-content\/uploads\/2024\/09\/trustandbreathe_Strand-1030x644.jpg 1030w, https:\/\/www.tuicamper.com\/wp-docker\/wp-content\/uploads\/2024\/09\/trustandbreathe_Strand-300x188.jpg 300w, https:\/\/www.tuicamper.com\/wp-docker\/wp-content\/uploads\/2024\/09\/trustandbreathe_Strand-768x480.jpg 768w, https:\/\/www.tuicamper.com\/wp-docker\/wp-content\/uploads\/2024\/09\/trustandbreathe_Strand-705x441.jpg 705w, https:\/\/www.tuicamper.com\/wp-docker\/wp-content\/uploads\/2024\/09\/trustandbreathe_Strand.jpg 1440w\" data-sizes=\"(max-width: 1030px) 100vw, 1030px\" class='avia_image '  aria-label='Trust and Breathe Strand'><div class=\"av-image-caption-overlay\"><div class=\"av-caption-image-overlay-bg\"><\/div><div class=\"av-image-caption-overlay-position\"><div class=\"av-image-caption-overlay-center\"><\/div><\/div><\/div><img decoding=\"async\" fetchpriority=\"high\" class='wp-image-87992 avia-img-lazy-loading-not-87992 avia_image ' src=\"https:\/\/www.tuicamper.com\/wp-docker\/wp-content\/uploads\/2024\/09\/trustandbreathe_Strand-845x684.jpg\" alt='Trust and Breathe am Strand' title='Trust and Breathe Strand'  height=\"684\" width=\"845\"  itemprop=\"thumbnailUrl\" srcset=\"https:\/\/www.tuicamper.com\/wp-docker\/wp-content\/uploads\/2024\/09\/trustandbreathe_Strand-845x684.jpg 845w, https:\/\/www.tuicamper.com\/wp-docker\/wp-content\/uploads\/2024\/09\/trustandbreathe_Strand-495x400.jpg 495w\" sizes=\"(max-width: 845px) 100vw, 845px\" \/><\/a><\/div><\/div><\/div>\n\n<style type=\"text\/css\" data-created_by=\"avia_inline_auto\" id=\"style-css-av-wc2gb0-fe836f095b8e93410fe51f099045ec7c\">\n#top .hr.hr-invisible.av-wc2gb0-fe836f095b8e93410fe51f099045ec7c{\nheight:25px;\n}\n<\/style>\n<div  class='hr av-wc2gb0-fe836f095b8e93410fe51f099045ec7c hr-invisible'><span class='hr-inner '><span class=\"hr-inner-style\"><\/span><\/span><\/div>\n<\/div><\/div><\/div><!-- close content main div --><\/div><\/div><div id='after_section_10'  class='main_color av_default_container_wrap container_wrap sidebar_right'  ><div class='container av-section-cont-open' ><div class='template-page content  av-content-small alpha units'><div class='post-entry post-entry-type-page post-entry-87468'><div class='entry-content-wrapper clearfix'>\n<\/div><\/div><\/div><!-- close content main div --><\/div><\/div><div id='av_section_11'  class='avia-section av-1ccxcbw-ff69a760161956bfea66d6cfee13efb7 main_color avia-section-default avia-no-border-styling  reduced-content avia-bg-style-scroll container_wrap sidebar_right'  ><div class='container av-section-cont-open' ><div class='template-page content  av-content-small alpha units'><div class='post-entry post-entry-type-page post-entry-87468'><div class='entry-content-wrapper clearfix'>\n\n<style type=\"text\/css\" data-created_by=\"avia_inline_auto\" id=\"style-css-av-sgr0r0-163c8347a77f897d604272ad323a1105\">\n.flex_column.av-sgr0r0-163c8347a77f897d604272ad323a1105{\nborder-radius:0px 0px 0px 0px;\npadding:0px 0px 0px 0px;\n}\n<\/style>\n<div  class='flex_column av-sgr0r0-163c8347a77f897d604272ad323a1105 av_one_full first flex_column_div av-zero-column-padding  '     ><section  class='av_textblock_section av-m1g5vt4c-1f808b2f78ed092fe8824132f9cdf439 '   itemscope=\"itemscope\" itemtype=\"https:\/\/schema.org\/BlogPosting\" itemprop=\"blogPost\" ><div class='avia_textblock'  itemprop=\"text\" ><ul>\n<li>Mache Dir Gedanken \u00fcber Deine Gasversorgung. Die vollen Flaschen aus <a href=\"https:\/\/www.tuicamper.com\/reiseziele\/europa\/deutschland\/\">Deutschland<\/a> reichen nicht ewig und dann ben\u00f6tigst Du Nachschub. Mit der App \u201ePark4Night\u201c kannst du zwar unterwegs nach \u201eGas\u201c filtern und findest so vielleicht Pl\u00e4tze an denen Du deine deutsche Flasche mit LPG Autogas auff\u00fcllen lassen kannst. Aber das ist in den meisten L\u00e4ndern eigentlich nicht legal. Eine M\u00f6glichkeit ist es direkt auf LPG Gas umzur\u00fcsten oder spezielle Adapter mit zu nehmen, die es Dir erm\u00f6glichen, landestypische Gasflaschen zu nutzen. Gerade f\u00fcr f\u00fcr Spanien und Portugal empfehlen wir den \u201eClip-On-Adapter\u201c. Damit lassen sich die g\u00fcnstigen Flaschen von Repsol an unser deutsches Gas-System im Wohnmobil anschlie\u00dfen.<br \/>\n<strong>Hinweis<\/strong>: In <a href=\"https:\/\/www.tuicamper.com\/reiseziele\/europa\/portugal\/\">Portugal<\/a> gibt fast ausschlie\u00dflich Butangas an den Tankstellen zu kaufen. Das ist f\u00fcr gasbetriebene K\u00fchlschr\u00e4nke (Ru\u00dfbildung) und bei sehr niedrigen Temperaturen problematisch. Wir konnten einmal unsere Heizung nicht anmachen, da die Gasflasche so kalt war, dass der Siedepunkt von -0,5 Grad des Butans unterschritten wurde und es nicht mehr ohne weiteres in den gasf\u00f6rmigen Zustand wechseln konnte.<br \/>\nGer\u00e4te wie unsere Truma Heizung oder der Absorber-K\u00fchlschrank k\u00f6nnen jedoch nur den gasf\u00f6rmigen Zustand verarbeiten.<\/li>\n<li>Wenn Du \u00fcber die kalten Monate im S\u00fcden Europas \u00fcberwintern m\u00f6chtest, stelle Dich darauf ein, dass viele Camping- und Stellpl\u00e4tze geschlossen haben. Wir empfehlen daher, den Camper autark auszur\u00fcsten, so dass Du auch mal l\u00e4nger Freistehen kannst. Das wichtigste dabei ist eine Solaranlage, ein Wechselrichter, ausreichend dimensionierte Wassertanks und eine Trockentrenntoilette, die Dich unabh\u00e4ngig von Entsorgungsstationen macht.<\/li>\n<\/ul>\n<\/div><\/section><\/div>\n<\/div><\/div><\/div><!-- close content main div --><\/div><\/div><div id='after_section_11'  class='main_color av_default_container_wrap container_wrap sidebar_right'  ><div class='container av-section-cont-open' ><div class='template-page content  av-content-small alpha units'><div class='post-entry post-entry-type-page post-entry-87468'><div class='entry-content-wrapper clearfix'>\n<\/div><\/div><\/div><!-- close content main div --><\/div><\/div><div id='av_section_12'  class='avia-section av-4sw3dik-0baeebb6881737b8812adaff83fbe04c main_color avia-section-default avia-no-border-styling  avia-builder-el-4  el_after_av_textblock  el_before_av_section  routes-breaker fullwidth_section avia-bg-style-scroll container_wrap sidebar_right'  ><div class='container av-section-cont-open' ><div class='template-page content  av-content-small alpha units'><div class='post-entry post-entry-type-page post-entry-87468'><div class='entry-content-wrapper clearfix'>\n<section  class='av_textblock_section av-4cc6m4s-57aef45a5f17413453dc7045dc16cfa9 '   itemscope=\"itemscope\" itemtype=\"https:\/\/schema.org\/BlogPosting\" itemprop=\"blogPost\" ><div class='avia_textblock'  itemprop=\"text\" >\r\n<div class=\"flex_column av_one_full flex_column_div av-zero-column-padding first avia-builder-el-first\">\r\n    <section class=\"av_textblock_section \" itemscope=\"itemscope\"\r\n             itemtype=\"https:\/\/schema.org\/CreativeWork\">\r\n        <div class=\"avia_textblock\" itemprop=\"text\">\r\n            Die besten Routentipps        <\/div>\r\n    <\/section>\r\n    <div class=\"route-breaker-items\">\r\n                    <div class=\"route-breaker-item\">\r\n                <a href=\"https:\/\/www.tuicamper.com\/routen\/deutschland-routen\/freiburg-rundreise\/\">\r\n                                            <div\r\n                                class=\"route-breaker-item-thumbnail\"\r\n                                style=\"background-image: url(https:\/\/www.tuicamper.com\/wp-docker\/wp-content\/uploads\/2023\/04\/vogesen-sonnenuntergang-400x200.jpg);\"\r\n                        ><\/div>\r\n                                        <span>Freiburg-Rundreise mit dem Camper: Schwarzwald, Z\u00fcrich und die Vogesen<\/span>\r\n                <\/a>\r\n            <\/div>\r\n                    <div class=\"route-breaker-item\">\r\n                <a href=\"https:\/\/www.tuicamper.com\/routen\/deutschland-routen\/die-deutsche-alpenstrasse\/\">\r\n                                            <div\r\n                                class=\"route-breaker-item-thumbnail\"\r\n                                style=\"background-image: url(https:\/\/www.tuicamper.com\/wp-docker\/wp-content\/uploads\/2022\/11\/allgaeu-panorama-400x200.jpg);\"\r\n                        ><\/div>\r\n                                        <span>Die deutsche Alpenstra\u00dfe: Mit dem Wohnmobil unterwegs im Allg\u00e4u<\/span>\r\n                <\/a>\r\n            <\/div>\r\n                    <div class=\"route-breaker-item\">\r\n                <a href=\"https:\/\/www.tuicamper.com\/routen\/italien-routen\/bologna-rundreise-durch-norditalien\/\">\r\n                                            <div\r\n                                class=\"route-breaker-item-thumbnail\"\r\n                                style=\"background-image: url(https:\/\/www.tuicamper.com\/wp-docker\/wp-content\/uploads\/2023\/05\/Skyline-Bologna-400x200.jpg);\"\r\n                        ><\/div>\r\n                                        <span>Bologna-Rundreise: Mit dem Camper durch Norditalien<\/span>\r\n                <\/a>\r\n            <\/div>\r\n                    <\/div>\r\n            <div class=\"route-breaker-countries-footer mode-footer_inline\">\r\n            <div><p>Alle Routen f\u00fcr:<\/p><\/div>\r\n            <div>\r\n                                    <a href=\"https:\/\/www.tuicamper.com\/routen\/deutschland-routen\/\">\r\n                                                    <img decoding=\"async\" src=\"https:\/\/www.tuicamper.com\/wp-docker\/wp-content\/uploads\/2022\/04\/de-circle.png\" alt=\"Deutschland\">\r\n                                                Deutschland                    <\/a>\r\n                                    <a href=\"https:\/\/www.tuicamper.com\/routen\/italien-routen\/\">\r\n                                                    <img decoding=\"async\" src=\"https:\/\/www.tuicamper.com\/wp-docker\/wp-content\/uploads\/2022\/04\/it-circle.png\" alt=\"Italien\">\r\n                                                Italien                    <\/a>\r\n                            <\/div>\r\n        <\/div>\r\n                <div class=\"route-breaker-countries-footer mode-overview no-border\">\r\n            <p><i class=\"tui-cars-icon tuicars-icon-arrow-left\"><\/i><a href=\"https:\/\/www.tuicamper.com\/routen\/\">Zur Routen-\u00dcbersicht<\/a><\/p>\r\n        <\/div>\r\n    <\/div>\r\n\n<\/div><\/section>\n\n<\/div><\/div><\/div><!-- close content main div --><\/div><\/div><div id='av_section_13'  class='avia-section av-44o878s-b6a22dccd4b1e05d74dd999d17197d08 main_color avia-section-default avia-no-border-styling  avia-builder-el-6  el_after_av_section  el_before_av_section  reduced-content avia-bg-style-scroll container_wrap sidebar_right'  ><div class='container av-section-cont-open' ><div class='template-page content  av-content-small alpha units'><div class='post-entry post-entry-type-page post-entry-87468'><div class='entry-content-wrapper clearfix'>\n<section  class='av_textblock_section av-2vlw4y4-ff11b112bcfbce61bcd0577e593e9f60 '   itemscope=\"itemscope\" itemtype=\"https:\/\/schema.org\/BlogPosting\" itemprop=\"blogPost\" ><div class='avia_textblock'  itemprop=\"text\" ><h2><strong>3 Geschichten aus 5 Jahren Campingreisen durch Europa<\/strong><\/h2>\n<\/div><\/section>\n\n<style type=\"text\/css\" data-created_by=\"avia_inline_auto\" id=\"style-css-av-1xj5sc-f9de5dd1329741a9ac8f557b6216066c\">\n#top .hr.hr-invisible.av-1xj5sc-f9de5dd1329741a9ac8f557b6216066c{\nheight:25px;\n}\n<\/style>\n<div  class='hr av-1xj5sc-f9de5dd1329741a9ac8f557b6216066c hr-invisible'><span class='hr-inner '><span class=\"hr-inner-style\"><\/span><\/span><\/div>\n\n<style type=\"text\/css\" data-created_by=\"avia_inline_auto\" id=\"style-css-av-3a1rudo-90f56b6552de94d713263b0b87a6dd05\">\n.flex_column.av-3a1rudo-90f56b6552de94d713263b0b87a6dd05{\nborder-radius:0px 0px 0px 0px;\npadding:0px 0px 0px 0px;\n}\n<\/style>\n<div  class='flex_column av-3a1rudo-90f56b6552de94d713263b0b87a6dd05 av_one_full  avia-builder-el-7  avia-builder-el-no-sibling  first flex_column_div av-zero-column-padding  '     ><section  class='av_textblock_section av-m1ia9mlq-a1d19848327123e511be3867f05dc777 '   itemscope=\"itemscope\" itemtype=\"https:\/\/schema.org\/BlogPosting\" itemprop=\"blogPost\" ><div class='avia_textblock'  itemprop=\"text\" ><h3>1.)\u00a0 &#8222;Idylle und herzliche Gastfreundschaft in Bosnien&#8220;<\/h3>\n<p>Auf unserer Reise von Berlin bis Griechenland sind wir auch durch das wirklich sch\u00f6ne Bosnien Herzegowina gefahren. Auf der Suche nach einem Campingplatz am See sind wir einem Google-Maps Eintrag in ein winziges Dorf gefolgt. Einige H\u00e4user wirkten verlassen und ziemlich herunter gekommen. Als die Stra\u00dfe dann immer kleiner und unbefestigter wurde, beschlich uns das ungute Gef\u00fchl, dass wir hier m\u00f6glicherweise nicht ganz richtig sind. Am Ende der Stra\u00dfe angekommen, standen wir mit unserem Camper direkt vor dem gro\u00dfem Stausee. Hier gab es allerdings weit und breit keinen Campingplatz, sondern nur ein privates Einfamilienhaus.<\/p>\n<p>Etwas irritiert stiegen wir aus und schauten uns fragend um, als ein junges M\u00e4dchen aus dem Einfamilienhaus zu her\u00fcber lief und uns in sehr gutem Englisch auf dem Campingplatz willkommen hie\u00df. Es stellte sich heraus, dass der \u201eCampingplatz\u201c sich im Garten der Gro\u00dffamilie befindet.<\/p>\n<p>Mit einigem Rangieraufwand parkten wir mit einer unfassbar atemberaubenden Aussicht auf den See direkt neben Obstb\u00e4umen und Himbeerb\u00fcschen.<\/p>\n<\/div><\/section><\/div>\n<style type=\"text\/css\" data-created_by=\"avia_inline_auto\" id=\"style-css-av-1545hd8-6e5163cb4fe1529d984406fa5bb0f961\">\n.avia-image-container.av-1545hd8-6e5163cb4fe1529d984406fa5bb0f961 img.avia_image{\nbox-shadow:none;\n}\n.avia-image-container.av-1545hd8-6e5163cb4fe1529d984406fa5bb0f961 .av-caption-image-overlay-bg{\nopacity:0.4;\nbackground-color:#000000;\n}\n.avia-image-container.av-1545hd8-6e5163cb4fe1529d984406fa5bb0f961 .av-image-caption-overlay-center{\ncolor:#ffffff;\n}\n<\/style>\n<div  class='avia-image-container av-1545hd8-6e5163cb4fe1529d984406fa5bb0f961 av-styling- av-img-linked avia_animated_image av-animated-when-visible-95 fade-in avia-align-center noHover av-overlay-on-hover'   itemprop=\"image\" itemscope=\"itemscope\" itemtype=\"https:\/\/schema.org\/ImageObject\" ><div class=\"avia-image-container-inner\"><div class=\"avia-image-overlay-wrap\"><a href=\"https:\/\/www.tuicamper.com\/wp-docker\/wp-content\/uploads\/2024\/09\/trustandbreathe_Gartencampingplatz_Bosnien-1030x644.jpg\" data-srcset=\"https:\/\/www.tuicamper.com\/wp-docker\/wp-content\/uploads\/2024\/09\/trustandbreathe_Gartencampingplatz_Bosnien-1030x644.jpg 1030w, https:\/\/www.tuicamper.com\/wp-docker\/wp-content\/uploads\/2024\/09\/trustandbreathe_Gartencampingplatz_Bosnien-300x188.jpg 300w, https:\/\/www.tuicamper.com\/wp-docker\/wp-content\/uploads\/2024\/09\/trustandbreathe_Gartencampingplatz_Bosnien-768x480.jpg 768w, https:\/\/www.tuicamper.com\/wp-docker\/wp-content\/uploads\/2024\/09\/trustandbreathe_Gartencampingplatz_Bosnien-705x441.jpg 705w, https:\/\/www.tuicamper.com\/wp-docker\/wp-content\/uploads\/2024\/09\/trustandbreathe_Gartencampingplatz_Bosnien.jpg 1440w\" data-sizes=\"(max-width: 1030px) 100vw, 1030px\" class='avia_image '  aria-label='Gartencampingplatz in Bosnien'><div class=\"av-image-caption-overlay\"><div class=\"av-caption-image-overlay-bg\"><\/div><div class=\"av-image-caption-overlay-position\"><div class=\"av-image-caption-overlay-center\"><p>Gartencampingplatz in Bosnien<\/p>\n<\/div><\/div><\/div><img decoding=\"async\" fetchpriority=\"high\" class='wp-image-87982 avia-img-lazy-loading-not-87982 avia_image ' src=\"https:\/\/www.tuicamper.com\/wp-docker\/wp-content\/uploads\/2024\/09\/trustandbreathe_Gartencampingplatz_Bosnien-845x684.jpg\" alt='Gartencampingplatz in Bosnien' title='Gartencampingplatz in Bosnien'  height=\"684\" width=\"845\"  itemprop=\"thumbnailUrl\" srcset=\"https:\/\/www.tuicamper.com\/wp-docker\/wp-content\/uploads\/2024\/09\/trustandbreathe_Gartencampingplatz_Bosnien-845x684.jpg 845w, https:\/\/www.tuicamper.com\/wp-docker\/wp-content\/uploads\/2024\/09\/trustandbreathe_Gartencampingplatz_Bosnien-495x400.jpg 495w\" sizes=\"(max-width: 845px) 100vw, 845px\" \/><\/a><\/div><\/div><\/div>\n\n<style type=\"text\/css\" data-created_by=\"avia_inline_auto\" id=\"style-css-av-1v3a7g-41290da04e9453bb1d228e9965752cc8\">\n#top .hr.hr-invisible.av-1v3a7g-41290da04e9453bb1d228e9965752cc8{\nheight:25px;\n}\n<\/style>\n<div  class='hr av-1v3a7g-41290da04e9453bb1d228e9965752cc8 hr-invisible'><span class='hr-inner '><span class=\"hr-inner-style\"><\/span><\/span><\/div>\n\n<style type=\"text\/css\" data-created_by=\"avia_inline_auto\" id=\"style-css-av-1qr0qy4-81e76d780e5d843e106572e8d6e29954\">\n.flex_column.av-1qr0qy4-81e76d780e5d843e106572e8d6e29954{\nborder-radius:0px 0px 0px 0px;\npadding:0px 0px 0px 0px;\n}\n<\/style>\n<div  class='flex_column av-1qr0qy4-81e76d780e5d843e106572e8d6e29954 av_one_full first flex_column_div av-zero-column-padding  '     ><section  class='av_textblock_section av-m1qaq6nt-600d5d84976f78ce97eb8b8ce874b9a2 '   itemscope=\"itemscope\" itemtype=\"https:\/\/schema.org\/BlogPosting\" itemprop=\"blogPost\" ><div class='avia_textblock'  itemprop=\"text\" ><p>Die Gastgeber-Familie nahm uns so unglaublich herzlich auf, dass der Aufenthalt auf ihrem Grundst\u00fcck zu einem unserer sch\u00f6nsten Erinnerungen in Bosnien wurde. Wir sa\u00dfen abends gemeinsam mit dem Gro\u00dfvater der Familie am Lagerfeuer, tranken selbst gebrannten Obstschnaps und tauschten mit Hilfe der Englischkenntnisse der j\u00fcngsten in der Familie Geschichten aus. Wir bekamen jede Menge spannende Einsichten \u00fcber das Leben in Bosnien, \u00fcber die Lage des Stausees und haben hier den leckersten Kuchen unseres Lebens gegessen. \u00dcbersetzt lautete der Name des Kuchens so viel wie \u201eSommertraum\u201c.<\/p>\n<\/div><\/section><\/div>\n<style type=\"text\/css\" data-created_by=\"avia_inline_auto\" id=\"style-css-av-k9kb0s-dda0702fa0dbd0892eafd3e4e4dea28b\">\n#top .hr.hr-invisible.av-k9kb0s-dda0702fa0dbd0892eafd3e4e4dea28b{\nheight:25px;\n}\n<\/style>\n<div  class='hr av-k9kb0s-dda0702fa0dbd0892eafd3e4e4dea28b hr-invisible'><span class='hr-inner '><span class=\"hr-inner-style\"><\/span><\/span><\/div>\n\n<style type=\"text\/css\" data-created_by=\"avia_inline_auto\" id=\"style-css-av-14uqu0c-69db104cff830ebb8136c05d79db35d0\">\n.avia-image-container.av-14uqu0c-69db104cff830ebb8136c05d79db35d0 img.avia_image{\nbox-shadow:none;\n}\n.avia-image-container.av-14uqu0c-69db104cff830ebb8136c05d79db35d0 .av-caption-image-overlay-bg{\nopacity:0.4;\nbackground-color:#000000;\n}\n.avia-image-container.av-14uqu0c-69db104cff830ebb8136c05d79db35d0 .av-image-caption-overlay-center{\ncolor:#ffffff;\n}\n<\/style>\n<div  class='avia-image-container av-14uqu0c-69db104cff830ebb8136c05d79db35d0 av-styling- av-img-linked avia_animated_image av-animated-when-visible-95 fade-in avia-align-center noHover av-overlay-on-hover'   itemprop=\"image\" itemscope=\"itemscope\" itemtype=\"https:\/\/schema.org\/ImageObject\" ><div class=\"avia-image-container-inner\"><div class=\"avia-image-overlay-wrap\"><a href=\"https:\/\/www.tuicamper.com\/wp-docker\/wp-content\/uploads\/2024\/10\/bosnischer-kuchen-sommertraum-1030x1030.jpg\" data-srcset=\"https:\/\/www.tuicamper.com\/wp-docker\/wp-content\/uploads\/2024\/10\/bosnischer-kuchen-sommertraum-1030x1030.jpg 1030w, https:\/\/www.tuicamper.com\/wp-docker\/wp-content\/uploads\/2024\/10\/bosnischer-kuchen-sommertraum-300x300.jpg 300w, https:\/\/www.tuicamper.com\/wp-docker\/wp-content\/uploads\/2024\/10\/bosnischer-kuchen-sommertraum-80x80.jpg 80w, https:\/\/www.tuicamper.com\/wp-docker\/wp-content\/uploads\/2024\/10\/bosnischer-kuchen-sommertraum-768x768.jpg 768w, https:\/\/www.tuicamper.com\/wp-docker\/wp-content\/uploads\/2024\/10\/bosnischer-kuchen-sommertraum-36x36.jpg 36w, https:\/\/www.tuicamper.com\/wp-docker\/wp-content\/uploads\/2024\/10\/bosnischer-kuchen-sommertraum-180x180.jpg 180w, https:\/\/www.tuicamper.com\/wp-docker\/wp-content\/uploads\/2024\/10\/bosnischer-kuchen-sommertraum-705x705.jpg 705w, https:\/\/www.tuicamper.com\/wp-docker\/wp-content\/uploads\/2024\/10\/bosnischer-kuchen-sommertraum.jpg 1350w\" data-sizes=\"(max-width: 1030px) 100vw, 1030px\" class='avia_image '  aria-label='Bosnischer Kuchen: Sommertraum'><div class=\"av-image-caption-overlay\"><div class=\"av-caption-image-overlay-bg\"><\/div><div class=\"av-image-caption-overlay-position\"><div class=\"av-image-caption-overlay-center\"><p>Bosnischer Kuchen: Sommertraum<\/p>\n<\/div><\/div><\/div><img decoding=\"async\" fetchpriority=\"high\" class='wp-image-88056 avia-img-lazy-loading-not-88056 avia_image ' src=\"https:\/\/www.tuicamper.com\/wp-docker\/wp-content\/uploads\/2024\/10\/bosnischer-kuchen-sommertraum-845x684.jpg\" alt='Bosnischer Kuchen: Sommertraum' title='Bosnischer Kuchen: Sommertraum'  height=\"684\" width=\"845\"  itemprop=\"thumbnailUrl\" srcset=\"https:\/\/www.tuicamper.com\/wp-docker\/wp-content\/uploads\/2024\/10\/bosnischer-kuchen-sommertraum-845x684.jpg 845w, https:\/\/www.tuicamper.com\/wp-docker\/wp-content\/uploads\/2024\/10\/bosnischer-kuchen-sommertraum-495x400.jpg 495w\" sizes=\"(max-width: 845px) 100vw, 845px\" \/><\/a><\/div><\/div><\/div>\n\n<style type=\"text\/css\" data-created_by=\"avia_inline_auto\" id=\"style-css-av-ok05cc-be13c86b96b59bd84cffe444d35a016d\">\n#top .hr.hr-invisible.av-ok05cc-be13c86b96b59bd84cffe444d35a016d{\nheight:25px;\n}\n<\/style>\n<div  class='hr av-ok05cc-be13c86b96b59bd84cffe444d35a016d hr-invisible'><span class='hr-inner '><span class=\"hr-inner-style\"><\/span><\/span><\/div>\n\n<\/div><\/div><\/div><!-- close content main div --><\/div><\/div><div id='av_section_14'  class='avia-section av-217ya18-2804696ef50d1972c66e21a735f8d62b main_color avia-section-default avia-no-border-styling  avia-builder-el-9  el_after_av_section  el_before_av_section  reduced-content avia-bg-style-scroll container_wrap sidebar_right'  ><div class='container av-section-cont-open' ><div class='template-page content  av-content-small alpha units'><div class='post-entry post-entry-type-page post-entry-87468'><div class='entry-content-wrapper clearfix'>\n\n<style type=\"text\/css\" data-created_by=\"avia_inline_auto\" id=\"style-css-av-1h125kc-9bb7c85187c85ea329cfc088565c2037\">\n.flex_column.av-1h125kc-9bb7c85187c85ea329cfc088565c2037{\nborder-radius:0px 0px 0px 0px;\npadding:0px 0px 0px 0px;\n}\n<\/style>\n<div  class='flex_column av-1h125kc-9bb7c85187c85ea329cfc088565c2037 av_one_full  avia-builder-el-10  avia-builder-el-no-sibling  first flex_column_div av-zero-column-padding  '     ><section  class='av_textblock_section av-m19gzch9-cddef0685556761d139004852b8e10c6 '   itemscope=\"itemscope\" itemtype=\"https:\/\/schema.org\/BlogPosting\" itemprop=\"blogPost\" ><div class='avia_textblock'  itemprop=\"text\" ><h3>2.) &#8222;Nachts auf einer Autobahnrastst\u00e4tte in Frankreich&#8220;<\/h3>\n<p>Nat\u00fcrlich gab es auf unseren Reisen nicht nur sch\u00f6ne Erfahrungen. Die wohl gef\u00e4hrlichste ereignete sich aufgrund einer Verkettung von ungl\u00fccklichen Zuf\u00e4llen und einer gro\u00dfen Portion Eigenverschulden. Auf einer langen R\u00fcckfahrt Portugal nach Deutschland kamen wir ziemlich \u00fcberm\u00fcdet im Gro\u00dfraum Bordeaux an. Der Plan war eigentlich deutlich vorher schon einen Platz f\u00fcr die Nacht zu suchen, aber wir entschieden uns daf\u00fcr, noch ein wenig Strecke zu machen und wollten hinter Bordeaux \u00fcbernachten. Leider stellten wir dabei fest, dass wir tats\u00e4chlich zu m\u00fcde sind, um sicher weiter fahren zu k\u00f6nnen. Da wir keinen geeigneten Stellplatz per App in der N\u00e4he fanden, machten wir etwas, was man eigentlich nie tun sollte: Wir entschieden uns dazu, wenigstens ein paar Stunden auf einer Autobahnrastst\u00e4tte zu schlafen und dann ganz fr\u00fch morgens weiterzufahren.<br \/>\nGesagt getan. Direkt neben einer hell beleuchteten und belebten Tankstelle mit etwa 15 anderen Campingfahrzeugen, die hier auch \u00fcbernachteten, f\u00fchlten wir uns recht sicher. Am n\u00e4chsten Morgen wachten wir mit Kopfschmerzen auf und mussten feststellen, dass jemand die Beifahrert\u00fcr aufgebrochen und unser gesamtes Bargeld f\u00fcr die Maut gestohlen wurde. Das mulmige Gef\u00fchl, dass jemand w\u00e4hrend wir schliefen in unserem Camper war, besch\u00e4ftigte uns noch eine ganze Weile. Denn aufgrund der Kopfschmerzen und dem Nichtanschlagens unseres Hundes, sind wir uns nicht sicher, ob nicht m\u00f6glicherweise eine Art Narkosegas verwendet wurde. Dann h\u00e4tten wir auch nicht mitbekommen, wenn jemand unsere Kinder entf\u00fchrt h\u00e4tte oder sogar noch schlimmeres. Aber wir hatten \u201eGl\u00fcck im Ungl\u00fcck\u201c und es fehlte uns nur Bargeld und das Schloss der Beifahrert\u00fcr wurde besch\u00e4digt.<br \/>\nWie man sich vorstellen kann, war dies unsere letzte \u00dcbernachtung auf einer Autobahnrastst\u00e4tte und seitdem achten wir noch mehr auf bessere Stellplatz-Planung, wenn wir l\u00e4ngere Strecken fahren.<\/p>\n<\/div><\/section><\/div>\n\n<\/div><\/div><\/div><!-- close content main div --><\/div><\/div><div id='av_section_15'  class='avia-section av-1r77qlo-fae259a8d2d7004da218c145f6604433 main_color avia-section-default avia-no-border-styling  avia-builder-el-12  el_after_av_section  el_before_av_section  reduced-content avia-bg-style-scroll container_wrap sidebar_right'  ><div class='container av-section-cont-open' ><div class='template-page content  av-content-small alpha units'><div class='post-entry post-entry-type-page post-entry-87468'><div class='entry-content-wrapper clearfix'>\n\n<style type=\"text\/css\" data-created_by=\"avia_inline_auto\" id=\"style-css-av-17qr9e4-28bb88ed13bf3cc5d66e154440409e41\">\n.avia-image-container.av-17qr9e4-28bb88ed13bf3cc5d66e154440409e41 img.avia_image{\nbox-shadow:none;\n}\n.avia-image-container.av-17qr9e4-28bb88ed13bf3cc5d66e154440409e41 .av-caption-image-overlay-bg{\nopacity:0.4;\nbackground-color:#000000;\n}\n.avia-image-container.av-17qr9e4-28bb88ed13bf3cc5d66e154440409e41 .av-image-caption-overlay-center{\ncolor:#ffffff;\n}\n<\/style>\n<div  class='avia-image-container av-17qr9e4-28bb88ed13bf3cc5d66e154440409e41 av-styling- av-img-linked avia_animated_image av-animated-when-visible-95 fade-in avia-align-center noHover av-overlay-on-hover'   itemprop=\"image\" itemscope=\"itemscope\" itemtype=\"https:\/\/schema.org\/ImageObject\" ><div class=\"avia-image-container-inner\"><div class=\"avia-image-overlay-wrap\"><a href=\"https:\/\/www.tuicamper.com\/wp-docker\/wp-content\/uploads\/2024\/09\/trustandbreathe_Camper_am_See-1030x644.jpg\" data-srcset=\"https:\/\/www.tuicamper.com\/wp-docker\/wp-content\/uploads\/2024\/09\/trustandbreathe_Camper_am_See-1030x644.jpg 1030w, https:\/\/www.tuicamper.com\/wp-docker\/wp-content\/uploads\/2024\/09\/trustandbreathe_Camper_am_See-300x188.jpg 300w, https:\/\/www.tuicamper.com\/wp-docker\/wp-content\/uploads\/2024\/09\/trustandbreathe_Camper_am_See-768x480.jpg 768w, https:\/\/www.tuicamper.com\/wp-docker\/wp-content\/uploads\/2024\/09\/trustandbreathe_Camper_am_See-705x441.jpg 705w, https:\/\/www.tuicamper.com\/wp-docker\/wp-content\/uploads\/2024\/09\/trustandbreathe_Camper_am_See.jpg 1440w\" data-sizes=\"(max-width: 1030px) 100vw, 1030px\" class='avia_image '  aria-label='Trust and Breathe am See'><div class=\"av-image-caption-overlay\"><div class=\"av-caption-image-overlay-bg\"><\/div><div class=\"av-image-caption-overlay-position\"><div class=\"av-image-caption-overlay-center\"><\/div><\/div><\/div><img decoding=\"async\" fetchpriority=\"high\" class='wp-image-87980 avia-img-lazy-loading-not-87980 avia_image ' src=\"https:\/\/www.tuicamper.com\/wp-docker\/wp-content\/uploads\/2024\/09\/trustandbreathe_Camper_am_See-845x684.jpg\" alt='Trust and Breathe am See' title='Trust and Breathe am See'  height=\"684\" width=\"845\"  itemprop=\"thumbnailUrl\" srcset=\"https:\/\/www.tuicamper.com\/wp-docker\/wp-content\/uploads\/2024\/09\/trustandbreathe_Camper_am_See-845x684.jpg 845w, https:\/\/www.tuicamper.com\/wp-docker\/wp-content\/uploads\/2024\/09\/trustandbreathe_Camper_am_See-495x400.jpg 495w\" sizes=\"(max-width: 845px) 100vw, 845px\" \/><\/a><\/div><\/div><\/div>\n\n<style type=\"text\/css\" data-created_by=\"avia_inline_auto\" id=\"style-css-av-ohx4q4-de620fafaa3c9e0883d16fb3da55817a\">\n#top .hr.hr-invisible.av-ohx4q4-de620fafaa3c9e0883d16fb3da55817a{\nheight:25px;\n}\n<\/style>\n<div  class='hr av-ohx4q4-de620fafaa3c9e0883d16fb3da55817a hr-invisible'><span class='hr-inner '><span class=\"hr-inner-style\"><\/span><\/span><\/div>\n\n<\/div><\/div><\/div><!-- close content main div --><\/div><\/div><div id='av_section_16'  class='avia-section av-4a4uuk-27f56569bde74c7cbba2db1b6d71bbfb main_color avia-section-default avia-no-border-styling  reduced-content avia-bg-style-scroll container_wrap sidebar_right'  ><div class='container av-section-cont-open' ><div class='template-page content  av-content-small alpha units'><div class='post-entry post-entry-type-page post-entry-87468'><div class='entry-content-wrapper clearfix'>\n\n<style type=\"text\/css\" data-created_by=\"avia_inline_auto\" id=\"style-css-av-wf5wng-44ae183860d440b715676c37520e6b75\">\n.flex_column.av-wf5wng-44ae183860d440b715676c37520e6b75{\nborder-radius:0px 0px 0px 0px;\npadding:0px 0px 0px 0px;\n}\n<\/style>\n<div  class='flex_column av-wf5wng-44ae183860d440b715676c37520e6b75 av_one_full  avia-builder-el-13  avia-builder-el-no-sibling  first flex_column_div av-zero-column-padding  '     ><section  class='av_textblock_section av-m19gyxu5-b9b5a14d8539d4c26cfee1bc47301ad4 '   itemscope=\"itemscope\" itemtype=\"https:\/\/schema.org\/BlogPosting\" itemprop=\"blogPost\" ><div class='avia_textblock'  itemprop=\"text\" ><h3>3.)\u00a0 &#8222;Unerwartet traumhaft sch\u00f6ner Stellplatz auf dem Weg zum Atlantik&#8220;<\/h3>\n<p>Auf Reisen im Wohnmobil sind es manchmal die Zufallsentdeckungen, die diese Art des Reisens so spannend und interessant machen. Auf dem Weg quer durch <a href=\"https:\/\/www.tuicamper.com\/reiseziele\/europa\/frankreich\/\">Frankreich<\/a> zum Atlantik sind wir eines Tages deutlich mehr gefahren, als wir eigentlich an dem Tag schaffen wollten. Als sich die D\u00e4mmerung so langsam ank\u00fcndigte suchten wir mit den einschl\u00e4gigen <a href=\"https:\/\/www.tuicamper.com\/magazin\/wohnmobil-stellplatz\/\">Stellplatz-Apps<\/a> nach etwas Passendem in der N\u00e4he. Wir wollten nur einen ruhigen und sicheren Platz f\u00fcr die Nacht und hatten ansonsten keine gro\u00dfen Anspr\u00fcche. Wir navigierten auf gut Gl\u00fcck einfach zum n\u00e4chst gelegenen Platz und fielen dort aus allen Wolken. Denn wir sind an diesem Abend in dem Mittelalterort \u201eBellac\u201c gelandet. Dort gab es nicht nur einen wundersch\u00f6n gelegenen kostenlosen Stellplatz f\u00fcr Camper <a href=\"https:\/\/maps.app.goo.gl\/2k7LG5ntvowViBCg7\">direkt an einem malerischen Park<\/a> mit Spielplatz f\u00fcr unsere Kinder, sondern der Ortskern selbst ist auch heute noch aufgrund seiner Entstehung im zehnten Jahrhundert ebenso malerisch wie die Umgebung. Die einstig wichtige Handelsstadt im Mittelalter hat viel seines urspr\u00fcnglichen Charakters behalten k\u00f6nnen. Nat\u00fcrlich blieben wir l\u00e4nger als eine Nacht in dieser sch\u00f6nen Zufallsentdeckung.<\/p>\n<\/div><\/section><\/div>\n<\/div><\/div><\/div><!-- close content main div --><\/div><\/div><div id='after_section_16'  class='main_color av_default_container_wrap container_wrap sidebar_right'  ><div class='container av-section-cont-open' ><div class='template-page content  av-content-small alpha units'><div class='post-entry post-entry-type-page post-entry-87468'><div class='entry-content-wrapper clearfix'>\n<\/div><\/div><\/div><!-- close content main div --><\/div><\/div><div id='box-olli'  class='avia-section av-1xfqato-bf81189638b03c1e02cc1abac9ed76c3 main_color avia-section-default avia-no-border-styling  avia-builder-el-15  el_after_av_section  el_before_av_section  reduced-content border-box avia-bg-style-scroll container_wrap sidebar_right'  ><div class='container av-section-cont-open' ><div class='template-page content  av-content-small alpha units'><div class='post-entry post-entry-type-page post-entry-87468'><div class='entry-content-wrapper clearfix'>\n\n<style type=\"text\/css\" data-created_by=\"avia_inline_auto\" id=\"style-css-av-1tvnylo-3f7f2fed89c771c98fdf3def73e5d4eb\">\n.flex_column.av-1tvnylo-3f7f2fed89c771c98fdf3def73e5d4eb{\nborder-radius:0px 0px 0px 0px;\npadding:0px 0px 0px 0px;\n}\n<\/style>\n<div  class='flex_column av-1tvnylo-3f7f2fed89c771c98fdf3def73e5d4eb av_one_full first flex_column_div av-zero-column-padding  '     ><style type=\"text\/css\" data-created_by=\"avia_inline_auto\" id=\"style-css-av-m1gegqsb-cb9d164a27521dbed6a5fa2052bc7be1\">\n#top .av_textblock_section.av-m1gegqsb-cb9d164a27521dbed6a5fa2052bc7be1 .avia_textblock{\nfont-size:28px;\n}\n<\/style>\n<section  class='av_textblock_section av-m1gegqsb-cb9d164a27521dbed6a5fa2052bc7be1 '   itemscope=\"itemscope\" itemtype=\"https:\/\/schema.org\/BlogPosting\" itemprop=\"blogPost\" ><div class='avia_textblock'  itemprop=\"text\" ><p><a id=\"GastbeitragTrustBreathe\"><\/a><strong>Gastbeitrag von Trust and Breathe<\/strong><\/p>\n<\/div><\/section><\/div>\n<style type=\"text\/css\" data-created_by=\"avia_inline_auto\" id=\"style-css-av-13cdyh8-3112b266fa065d8b2dbc4d75dca1ec23\">\n.flex_column.av-13cdyh8-3112b266fa065d8b2dbc4d75dca1ec23{\nborder-radius:0px 0px 0px 0px;\npadding:0px 0px 0px 0px;\n}\n<\/style>\n<div  class='flex_column av-13cdyh8-3112b266fa065d8b2dbc4d75dca1ec23 av_one_fourth first flex_column_div av-zero-column-padding  '     ><section  class='av_textblock_section av-m1j9jr7w-55052dfdcac9eb38c4b7dc9823ea1ec6 '   itemscope=\"itemscope\" itemtype=\"https:\/\/schema.org\/BlogPosting\" itemprop=\"blogPost\" ><div class='avia_textblock'  itemprop=\"text\" ><p><img loading=\"lazy\" decoding=\"async\" class=\"size-full wp-image-87963 aligncenter\" src=\"https:\/\/www.tuicamper.com\/wp-docker\/wp-content\/uploads\/2024\/09\/gastbeitrag-trust-breathe.jpg\" alt=\"Trust and Breathe\" width=\"165\" height=\"200\" \/><\/p>\n<\/div><\/section><\/div>\n<style type=\"text\/css\" data-created_by=\"avia_inline_auto\" id=\"style-css-av-pvge98-082f1c4db4c3e231907a941970dd3724\">\n.flex_column.av-pvge98-082f1c4db4c3e231907a941970dd3724{\nborder-radius:0px 0px 0px 0px;\npadding:0px 0px 0px 0px;\n}\n<\/style>\n<div  class='flex_column av-pvge98-082f1c4db4c3e231907a941970dd3724 av_three_fourth flex_column_div av-zero-column-padding  '     ><section  class='av_textblock_section av-m1j9jhdh-4deda7589632f37fc0820e79f09b0100 '   itemscope=\"itemscope\" itemtype=\"https:\/\/schema.org\/BlogPosting\" itemprop=\"blogPost\" ><div class='avia_textblock'  itemprop=\"text\" ><p>Wir sind Jasmin und Jonas und wir reisen mit unseren beiden Kindern im Camper durch Europa und dar\u00fcber hinaus. Wenn Du wissen m\u00f6chtest, wo wir jetzt gerade sind und was wir dort erleben, schau gerne auf unseren Kan\u00e4len vorbei:<br \/>\n<strong>Instagram:<\/strong> <a href=\"https:\/\/www.instagram.com\/trust.and.breathe\/\" target=\"_blank\" rel=\"noopener\">@trust.and.breathe<\/a><br \/>\n<strong>YouTube:<\/strong> <a href=\"https:\/\/www.youtube.com\/channel\/UCWHyvkQx594hj3pCFIPfEoA\" target=\"_blank\" rel=\"noopener\">trustandbreathe<\/a><br \/>\n<strong>Wohnmobil-Reiseblog<\/strong>: <a href=\"https:\/\/trustandbreathe.com\/\" target=\"_blank\" rel=\"noopener\">trustandbreathe.com<\/a><\/p>\n<\/div><\/section><\/div><\/div><\/div><\/div><!-- close content main div --><\/div><\/div><div id='av_section_18'  class='avia-section av-2nn1hos-179db5a0549b1ece451df6ab5c8d3ca0 main_color avia-section-default avia-no-border-styling  reduced-content avia-bg-style-scroll container_wrap sidebar_right'  ><div class='container av-section-cont-open' ><div class='template-page content  av-content-small alpha units'><div class='post-entry post-entry-type-page post-entry-87468'><div class='entry-content-wrapper clearfix'>\n<div  class='avia-button-wrap av-1zhdmcs-d3f71efb18b442f5e00c02cb057a8f7b-wrap avia-button-center '><a href='https:\/\/www.tuicamper.com\/reiseziele\/europa\/deutschland\/'  class='avia-button av-1zhdmcs-d3f71efb18b442f5e00c02cb057a8f7b av-link-btn avia-icon_select-yes-right-icon avia-size-large avia-position-center avia-color-theme-color'   aria-label=\"Jetzt Wohnmobil mieten f\u00fcr Deutschland\"><span class='avia_iconbox_title' >Jetzt Wohnmobil mieten f\u00fcr Deutschland<\/span><span class='avia_button_icon avia_button_icon_right avia-iconfont avia-font-entypo-fontello' data-av_icon='\ue875' data-av_iconfont='entypo-fontello' ><\/span><\/a><\/div>\n\n<style type=\"text\/css\" data-created_by=\"avia_inline_auto\" id=\"style-css-av-1jt54cs-651f8050e9184a674ad25fde2f9a8260\">\n.flex_column.av-1jt54cs-651f8050e9184a674ad25fde2f9a8260{\nborder-radius:0px 0px 0px 0px;\npadding:0px 0px 0px 0px;\n}\n<\/style>\n<div  class='flex_column av-1jt54cs-651f8050e9184a674ad25fde2f9a8260 av_one_full first flex_column_div av-zero-column-padding  '     ><p>\n<style type=\"text\/css\" data-created_by=\"avia_inline_auto\" id=\"style-css-av-155p7jg-1afa42168064803617ea8ac61075e2f0\">\n#top .av_textblock_section.av-155p7jg-1afa42168064803617ea8ac61075e2f0 .avia_textblock{\nfont-size:28px;\n}\n<\/style>\n<section  class='av_textblock_section av-155p7jg-1afa42168064803617ea8ac61075e2f0 '   itemscope=\"itemscope\" itemtype=\"https:\/\/schema.org\/BlogPosting\" itemprop=\"blogPost\" ><div class='avia_textblock'  itemprop=\"text\" ><p><strong>Jasmin &#038; Jonas und TUI CAMPER w\u00fcnschen Euch eine sch\u00f6ne Wohnmobil-Reise!<\/strong><\/p>\n<\/div><\/section><br \/>\n<div  class='av-social-sharing-box av-myfj58-dd0a182f973ebb6ad691d801387ebdfc av-social-sharing-box-default av-social-sharing-box-fullwidth'><div class=\"av-share-box\"><ul class=\"av-share-box-list noLightbox\"><li class='av-share-link av-social-link-facebook avia_social_iconfont' ><a target=\"_blank\" aria-label=\"Teilen auf Facebook\" href='https:\/\/www.facebook.com\/sharer.php?u=https:\/\/www.tuicamper.com\/magazin\/atlantikkueste-frankreich\/&#038;t=Mit%20dem%20Wohnmobil%20unterwegs%20an%20Frankreichs%20Atlantikk%C3%BCste' data-av_icon='\ue8f3' data-av_iconfont='entypo-fontello'  title='' data-avia-related-tooltip='Teilen auf Facebook'><span class='avia_hidden_link_text'>Teilen auf Facebook<\/span><\/a><\/li><li class='av-share-link av-social-link-twitter avia_social_iconfont' ><a target=\"_blank\" aria-label=\"Teilen auf X\" href='https:\/\/twitter.com\/share?text=Mit%20dem%20Wohnmobil%20unterwegs%20an%20Frankreichs%20Atlantikk%C3%BCste&#038;url=https:\/\/www.tuicamper.com\/magazin\/atlantikkueste-frankreich\/' data-av_icon='\ue932' data-av_iconfont='entypo-fontello'  title='' data-avia-related-tooltip='Teilen auf X'><span class='avia_hidden_link_text'>Teilen auf X<\/span><\/a><\/li><li class='av-share-link av-social-link-whatsapp avia_social_iconfont' ><a target=\"_blank\" aria-label=\"Teilen auf WhatsApp\" href='https:\/\/api.whatsapp.com\/send?text=https:\/\/www.tuicamper.com\/magazin\/atlantikkueste-frankreich\/' data-av_icon='\uf232' data-av_iconfont='entypo-fontello'  title='' data-avia-related-tooltip='Teilen auf WhatsApp'><span class='avia_hidden_link_text'>Teilen auf WhatsApp<\/span><\/a><\/li><li class='av-share-link av-social-link-pinterest avia_social_iconfont' ><a target=\"_blank\" aria-label=\"Teilen auf Pinterest\" href='https:\/\/pinterest.com\/pin\/create\/button\/?url=https%3A%2F%2Fwww.tuicamper.com%2Fmagazin%2Fatlantikkueste-frankreich%2F&#038;description=Mit%20dem%20Wohnmobil%20unterwegs%20an%20Frankreichs%20Atlantikk%C3%BCste&#038;media=https%3A%2F%2Fwww.tuicamper.com%2Fwp-docker%2Fwp-content%2Fuploads%2F2019%2F11%2Ffrankreichs-atlantikkueste-705x269.jpg' data-av_icon='\ue8f8' data-av_iconfont='entypo-fontello'  title='' data-avia-related-tooltip='Teilen auf Pinterest'><span class='avia_hidden_link_text'>Teilen auf Pinterest<\/span><\/a><\/li><li class='av-share-link av-social-link-mail avia_social_iconfont' ><a  aria-label=\"Per E-Mail teilen\" href='mailto:?subject=Mit%20dem%20Wohnmobil%20unterwegs%20an%20Frankreichs%20Atlantikk%C3%BCste&#038;body=https:\/\/www.tuicamper.com\/magazin\/atlantikkueste-frankreich\/' data-av_icon='\ue805' data-av_iconfont='entypo-fontello'  title='' data-avia-related-tooltip='Per E-Mail teilen'><span class='avia_hidden_link_text'>Per E-Mail teilen<\/span><\/a><\/li><\/ul><\/div><\/div><\/p><\/div>\n<\/div><\/div><\/div><!-- close content main div --><\/div><\/div><div id='after_section_18'  class='main_color av_default_container_wrap container_wrap sidebar_right'  ><div class='container av-section-cont-open' ><div class='template-page content  av-content-small alpha units'><div class='post-entry post-entry-type-page post-entry-87468'><div class='entry-content-wrapper clearfix'><\/p>\n","protected":false},"excerpt":{"rendered":"<p>Jasmin und Jonas reisen seit 2019 mit ihrem Camper durch Europa. In diesem Artikel teilen die beiden ihre Erfahrungen &#038; besten Tipps f\u00fcr Euren n\u00e4chsten Camperurlaub.<\/p>\n","protected":false},"author":5,"featured_media":87506,"comment_status":"open","ping_status":"open","sticky":false,"template":"","format":"standard","meta":{"footnotes":""},"categories":[32],"tags":[49,48,40,44],"class_list":["post-87468","post","type-post","status-publish","format-standard","has-post-thumbnail","hentry","category-camper-insights","tag-abenteuer","tag-buchungstipps","tag-familie","tag-insider-infos"],"yoast_head":"<!-- This site is optimized with the Yoast SEO plugin v27.4 - https:\/\/yoast.com\/product\/yoast-seo-wordpress\/ -->\n<title>Langzeitreisen mit dem Wohnmobil: Tipps &amp; Erlebnisse - TUI CAMPER<\/title>\n<meta name=\"description\" content=\"Jasmin und Jonas reisen seit 2019 mit ihrem Camper durch Europa. In diesem Artikel teilen die beiden ihre Erfahrungen &amp; besten Tipps f\u00fcr euren n\u00e4chsten Camperurlaub.\" \/>\n<meta name=\"robots\" content=\"index, follow, max-snippet:-1, max-image-preview:large, max-video-preview:-1\" \/>\n<link rel=\"canonical\" href=\"https:\/\/www.tuicamper.com\/magazin\/langzeitreisen-wohnmobil\/\" \/>\n<meta property=\"og:locale\" content=\"de_DE\" \/>\n<meta property=\"og:type\" content=\"article\" \/>\n<meta property=\"og:title\" content=\"Langzeitreisen mit dem Wohnmobil: Tipps &amp; Erlebnisse - TUI CAMPER\" \/>\n<meta property=\"og:description\" content=\"Jasmin und Jonas reisen seit 2019 mit ihrem Camper durch Europa. In diesem Artikel teilen die beiden ihre Erfahrungen &amp; besten Tipps f\u00fcr euren n\u00e4chsten Camperurlaub.\" \/>\n<meta property=\"og:url\" content=\"https:\/\/www.tuicamper.com\/magazin\/langzeitreisen-wohnmobil\/\" \/>\n<meta property=\"og:site_name\" content=\"TUI Camper Magazin\" \/>\n<meta property=\"article:published_time\" content=\"2024-10-01T10:42:56+00:00\" \/>\n<meta property=\"article:modified_time\" content=\"2024-10-01T12:26:17+00:00\" \/>\n<meta property=\"og:image\" content=\"https:\/\/www.tuicamper.com\/wp-docker\/wp-content\/uploads\/2024\/09\/trustandbreathe_Camper-1.jpg\" \/>\n\t<meta property=\"og:image:width\" content=\"1280\" \/>\n\t<meta property=\"og:image:height\" content=\"492\" \/>\n\t<meta property=\"og:image:type\" content=\"image\/jpeg\" \/>\n<meta name=\"author\" content=\"Olli\" \/>\n<meta name=\"twitter:card\" content=\"summary_large_image\" \/>\n<meta name=\"twitter:label1\" content=\"Verfasst von\" \/>\n\t<meta name=\"twitter:data1\" content=\"Olli\" \/>\n\t<meta name=\"twitter:label2\" content=\"Gesch\u00e4tzte Lesezeit\" \/>\n\t<meta name=\"twitter:data2\" content=\"14\u00a0Minuten\" \/>\n<!-- \/ Yoast SEO plugin. -->","yoast_head_json":{"title":"Langzeitreisen mit dem Wohnmobil: Tipps & Erlebnisse - TUI CAMPER","description":"Jasmin und Jonas reisen seit 2019 mit ihrem Camper durch Europa. In diesem Artikel teilen die beiden ihre Erfahrungen & besten Tipps f\u00fcr euren n\u00e4chsten Camperurlaub.","robots":{"index":"index","follow":"follow","max-snippet":"max-snippet:-1","max-image-preview":"max-image-preview:large","max-video-preview":"max-video-preview:-1"},"canonical":"https:\/\/www.tuicamper.com\/magazin\/langzeitreisen-wohnmobil\/","og_locale":"de_DE","og_type":"article","og_title":"Langzeitreisen mit dem Wohnmobil: Tipps & Erlebnisse - TUI CAMPER","og_description":"Jasmin und Jonas reisen seit 2019 mit ihrem Camper durch Europa. In diesem Artikel teilen die beiden ihre Erfahrungen & besten Tipps f\u00fcr euren n\u00e4chsten Camperurlaub.","og_url":"https:\/\/www.tuicamper.com\/magazin\/langzeitreisen-wohnmobil\/","og_site_name":"TUI Camper Magazin","article_published_time":"2024-10-01T10:42:56+00:00","article_modified_time":"2024-10-01T12:26:17+00:00","og_image":[{"width":1280,"height":492,"url":"https:\/\/www.tuicamper.com\/wp-docker\/wp-content\/uploads\/2024\/09\/trustandbreathe_Camper-1.jpg","type":"image\/jpeg"}],"author":"Olli","twitter_card":"summary_large_image","twitter_misc":{"Verfasst von":"Olli","Gesch\u00e4tzte Lesezeit":"14\u00a0Minuten"},"schema":{"@context":"https:\/\/schema.org","@graph":[{"@type":"Article","@id":"https:\/\/www.tuicamper.com\/magazin\/langzeitreisen-wohnmobil\/#article","isPartOf":{"@id":"https:\/\/www.tuicamper.com\/magazin\/langzeitreisen-wohnmobil\/"},"author":{"name":"Olli","@id":"https:\/\/www.tuicamper.com\/wp-docker\/#\/schema\/person\/98975e733813f701672fd75ef9df8b69"},"headline":"5 Jahre Langzeitreisen mit dem Wohnmobil: Tipps und Erlebnisse","datePublished":"2024-10-01T10:42:56+00:00","dateModified":"2024-10-01T12:26:17+00:00","mainEntityOfPage":{"@id":"https:\/\/www.tuicamper.com\/magazin\/langzeitreisen-wohnmobil\/"},"wordCount":8741,"commentCount":0,"image":{"@id":"https:\/\/www.tuicamper.com\/magazin\/langzeitreisen-wohnmobil\/#primaryimage"},"thumbnailUrl":"https:\/\/www.tuicamper.com\/wp-docker\/wp-content\/uploads\/2024\/09\/trustandbreathe_Camper-1.jpg","keywords":["Abenteuer","Buchungstipps","Familie","Insider-Infos"],"articleSection":["Camper-Insights"],"inLanguage":"de","potentialAction":[{"@type":"CommentAction","name":"Comment","target":["https:\/\/www.tuicamper.com\/magazin\/langzeitreisen-wohnmobil\/#respond"]}]},{"@type":"WebPage","@id":"https:\/\/www.tuicamper.com\/magazin\/langzeitreisen-wohnmobil\/","url":"https:\/\/www.tuicamper.com\/magazin\/langzeitreisen-wohnmobil\/","name":"Langzeitreisen mit dem Wohnmobil: Tipps & Erlebnisse - TUI CAMPER","isPartOf":{"@id":"https:\/\/www.tuicamper.com\/#website"},"primaryImageOfPage":{"@id":"https:\/\/www.tuicamper.com\/magazin\/langzeitreisen-wohnmobil\/#primaryimage"},"image":{"@id":"https:\/\/www.tuicamper.com\/magazin\/langzeitreisen-wohnmobil\/#primaryimage"},"thumbnailUrl":"https:\/\/www.tuicamper.com\/wp-content\/uploads\/2024\/09\/trustandbreathe_Camper-1.jpg","datePublished":"2024-10-01T10:42:56+00:00","dateModified":"2024-10-01T12:26:17+00:00","author":{"@id":"https:\/\/www.tuicamper.com\/#\/schema\/person\/98975e733813f701672fd75ef9df8b69"},"description":"Jasmin und Jonas reisen seit 2019 mit ihrem Camper durch Europa. In diesem Artikel teilen die beiden ihre Erfahrungen & besten Tipps f\u00fcr euren n\u00e4chsten Camperurlaub.","breadcrumb":{"@id":"https:\/\/www.tuicamper.com\/magazin\/langzeitreisen-wohnmobil\/#breadcrumb"},"inLanguage":"de","potentialAction":["Array"]},{"@type":"ImageObject","inLanguage":"de","@id":"https:\/\/www.tuicamper.com\/magazin\/langzeitreisen-wohnmobil\/#primaryimage","url":"https:\/\/www.tuicamper.com\/wp-docker\/wp-content\/uploads\/2024\/09\/trustandbreathe_Camper-1.jpg","contentUrl":"https:\/\/www.tuicamper.com\/wp-docker\/wp-content\/uploads\/2024\/09\/trustandbreathe_Camper-1.jpg","width":1280,"height":492},{"@type":"BreadcrumbList","@id":"https:\/\/www.tuicamper.com\/magazin\/langzeitreisen-wohnmobil\/#breadcrumb","itemListElement":[{"@type":"ListItem","position":1,"name":"Startseite","item":"https:\/\/www.tuicamper.com\/wp-docker\/"},{"@type":"ListItem","position":2,"name":"5 Jahre Langzeitreisen mit dem Wohnmobil: Tipps und Erlebnisse"}]},{"@type":"WebSite","@id":"https:\/\/www.tuicamper.com\/#website","url":"https:\/\/www.tuicamper.com\/","name":"TUI Camper Magazin","description":"","potentialAction":["Array"],"inLanguage":"de"},{"@type":"Person","@id":"https:\/\/www.tuicamper.com\/wp-docker\/#\/schema\/person\/98975e733813f701672fd75ef9df8b69","name":"Olli","image":{"@type":"ImageObject","inLanguage":"de","@id":"https:\/\/secure.gravatar.com\/avatar\/4529b17b9a4dec34d38f705f89e1db8c906d30537b64d795d775d528c07951ff?s=96&d=mm&r=g","url":"https:\/\/secure.gravatar.com\/avatar\/4529b17b9a4dec34d38f705f89e1db8c906d30537b64d795d775d528c07951ff?s=96&d=mm&r=g","contentUrl":"https:\/\/secure.gravatar.com\/avatar\/4529b17b9a4dec34d38f705f89e1db8c906d30537b64d795d775d528c07951ff?s=96&d=mm&r=g","caption":"Olli"},"url":"https:\/\/www.tuicamper.com\/wp-docker\/magazin\/author\/olli\/"}]}},"_links":{"self":[{"href":"https:\/\/www.tuicamper.com\/wp-docker\/wp-json\/wp\/v2\/posts\/87468","targetHints":{"allow":["GET"]}}],"collection":[{"href":"https:\/\/www.tuicamper.com\/wp-docker\/wp-json\/wp\/v2\/posts"}],"about":[{"href":"https:\/\/www.tuicamper.com\/wp-docker\/wp-json\/wp\/v2\/types\/post"}],"author":[{"embeddable":true,"href":"https:\/\/www.tuicamper.com\/wp-docker\/wp-json\/wp\/v2\/users\/5"}],"replies":[{"embeddable":true,"href":"https:\/\/www.tuicamper.com\/wp-docker\/wp-json\/wp\/v2\/comments?post=87468"}],"version-history":[{"count":72,"href":"https:\/\/www.tuicamper.com\/wp-docker\/wp-json\/wp\/v2\/posts\/87468\/revisions"}],"predecessor-version":[{"id":87999,"href":"https:\/\/www.tuicamper.com\/wp-docker\/wp-json\/wp\/v2\/posts\/87468\/revisions\/87999"}],"wp:featuredmedia":[{"embeddable":true,"href":"https:\/\/www.tuicamper.com\/wp-docker\/wp-json\/wp\/v2\/media\/87506"}],"wp:attachment":[{"href":"https:\/\/www.tuicamper.com\/wp-docker\/wp-json\/wp\/v2\/media?parent=87468"}],"wp:term":[{"taxonomy":"category","embeddable":true,"href":"https:\/\/www.tuicamper.com\/wp-docker\/wp-json\/wp\/v2\/categories?post=87468"},{"taxonomy":"post_tag","embeddable":true,"href":"https:\/\/www.tuicamper.com\/wp-docker\/wp-json\/wp\/v2\/tags?post=87468"}],"curies":[{"name":"wp","href":"https:\/\/api.w.org\/{rel}","templated":true}]}}