{"id":85950,"date":"2024-09-04T11:14:51","date_gmt":"2024-09-04T09:14:51","guid":{"rendered":"https:\/\/www.tuicamper.com\/?p=85950"},"modified":"2024-09-04T11:14:51","modified_gmt":"2024-09-04T09:14:51","slug":"camping-ueber-silvester","status":"publish","type":"post","link":"https:\/\/www.tuicamper.com\/magazin\/camping-ueber-silvester\/","title":{"rendered":"Camping \u00fcber Silvester: Die besten Tipps &#038; Stellpl\u00e4tze"},"content":{"rendered":"<div id='av_section_1'  class='avia-section av-ynh4ita-162e7c22c4cf19de9ce90a63239f9977 main_color avia-section-default avia-no-border-styling  avia-builder-el-0  el_before_av_textblock  avia-builder-el-first  reduced-content avia-bg-style-scroll container_wrap sidebar_right'  ><div class='container av-section-cont-open' ><main  role=\"main\" itemprop=\"mainContentOfPage\"  class='template-page content  av-content-small alpha units'><div class='post-entry post-entry-type-page post-entry-85950'><div class='entry-content-wrapper clearfix'>\n\n<style type=\"text\/css\" data-created_by=\"avia_inline_auto\" id=\"style-css-av-y1vdza6-251e52f779a16f63bf551616e7e4ad2d\">\n.flex_column.av-y1vdza6-251e52f779a16f63bf551616e7e4ad2d{\nborder-radius:0px 0px 0px 0px;\npadding:0px 0px 0px 0px;\n}\n<\/style>\n<div  class='flex_column av-y1vdza6-251e52f779a16f63bf551616e7e4ad2d av_one_full  avia-builder-el-1  avia-builder-el-no-sibling  first flex_column_div av-zero-column-padding  '     ><section  class='av_textblock_section av-xtrh5dq-d1db3ecb1eaf2933aca7894ea061e67a '   itemscope=\"itemscope\" itemtype=\"https:\/\/schema.org\/BlogPosting\" itemprop=\"blogPost\" ><div class='avia_textblock'  itemprop=\"text\" ><p>Legend\u00e4re Partys in den deutschen Metropolen erleben \u2013 und abends (oder eher: fr\u00fchmorgens) ausgepowert und gl\u00fccklich ins eigene Wohnmobil-Bett fallen. Den Silvester-Abend ganz entspannt am Strand verbringen \u2013 mit Blick auf das funkelnde Feuerwerk. Oder ein komplett b\u00f6llerfreies Silvester in idyllischer Kulisse genie\u00dfen \u2013 gemeinsam mit seinem entspannten Hund. Aus guten Gr\u00fcnden entscheiden sich immer mehr Menschen daf\u00fcr, \u00fcber Silvester mit dem Wohnmobil zu verreisen. Sei es nur f\u00fcr zwei Tage oder f\u00fcr einen zweiw\u00f6chigen Winter-Urlaub. Wir zeigen Ihnen, was Sie rund um Ihren Camping-Urlaub zum Jahreswechsel beachten sollten \u2013 und geben Ihnen konkrete Wohnmobilstellplatz-Tipps f\u00fcr Ihr Silvester-Camping 2024\/2025 an die Hand!<\/p>\n<\/div><\/section><\/div>\n<\/div><\/div><\/main><!-- close content main element --><\/div><\/div><div id='after_section_1'  class='main_color av_default_container_wrap container_wrap sidebar_right'  ><div class='container av-section-cont-open' ><div class='template-page content  av-content-small alpha units'><div class='post-entry post-entry-type-page post-entry-85950'><div class='entry-content-wrapper clearfix'>\n<section  class='av_textblock_section av-xfavq0u-cdc60cc3d566e6c8555b327d0656812f '   itemscope=\"itemscope\" itemtype=\"https:\/\/schema.org\/BlogPosting\" itemprop=\"blogPost\" ><div class='avia_textblock'  itemprop=\"text\" >\n<\/div><\/section>\n<\/div><\/div><\/div><!-- close content main div --><\/div><\/div><div id='av_section_2'  class='avia-section av-wu9omv2-fc32d8b7cfabb053bf2eefbd05cfc015 main_color avia-section-default avia-no-border-styling  avia-builder-el-4  el_after_av_textblock  el_before_av_section  reduced-content avia-bg-style-scroll container_wrap sidebar_right'  ><div class='container av-section-cont-open' ><div class='template-page content  av-content-small alpha units'><div class='post-entry post-entry-type-page post-entry-85950'><div class='entry-content-wrapper clearfix'>\n<section  class='av_textblock_section av-wcw078e-dd9cd1184701a5cece1653f62d0b8e12 '   itemscope=\"itemscope\" itemtype=\"https:\/\/schema.org\/BlogPosting\" itemprop=\"blogPost\" ><div class='avia_textblock'  itemprop=\"text\" ><div id=\"js-table-of-contents\">\r\n    <strong>Inhaltsverzeichnis<\/strong>\r\n<\/div>\n<\/div><\/section>\n\n<\/div><\/div><\/div><!-- close content main div --><\/div><\/div><div id='av_section_3'  class='avia-section av-37hfha6-f425e0460d6a7aa011f331de1e1ed222 main_color avia-section-default avia-no-border-styling  avia-builder-el-6  el_after_av_section  el_before_av_section  reduced-content avia-bg-style-scroll container_wrap sidebar_right'  ><div class='container av-section-cont-open' ><div class='template-page content  av-content-small alpha units'><div class='post-entry post-entry-type-page post-entry-85950'><div class='entry-content-wrapper clearfix'>\n\n<style type=\"text\/css\" data-created_by=\"avia_inline_auto\" id=\"style-css-av-vdoxhlq-86338a548caff50cd8b091d5b24f29e9\">\n.flex_column.av-vdoxhlq-86338a548caff50cd8b091d5b24f29e9{\nborder-radius:0px 0px 0px 0px;\npadding:0px 0px 0px 0px;\n}\n<\/style>\n<div  class='flex_column av-vdoxhlq-86338a548caff50cd8b091d5b24f29e9 av_one_full  avia-builder-el-7  avia-builder-el-no-sibling  first flex_column_div av-zero-column-padding  '     ><section  class='av_textblock_section av-v4vf0ou-80cc2ec5b8c070554fc6691576c00973 '   itemscope=\"itemscope\" itemtype=\"https:\/\/schema.org\/BlogPosting\" itemprop=\"blogPost\" ><div class='avia_textblock'  itemprop=\"text\" ><h2>3 Tipps f\u00fcr die Silvester-Party im Camper<\/h2>\n<p>Planen Sie mit dem Wohnmobil \u00fcber Silvester zu verreisen, sollten Sie drei Grundregeln beachten.<\/p>\n<ol>\n<li><strong>K\u00fcmmern Sie sich fr\u00fchzeitig um die Wohnmobilbuchung<\/strong>. Silvester-Camping wird immer beliebter und die Zahl der zwischen den Jahren ge\u00f6ffneten Anbieter ist begrenzt. Gerade, wenn Sie Ihr Wohnmobil zwischen den Jahren in Empfang nehmen und nur f\u00fcr wenige Tage mieten m\u00f6chten, sollten Sie sich daher rechtzeitig \u00fcber Verf\u00fcgbarkeiten informieren.<\/li>\n<li><strong>Befolgen Sie die Regeln des <\/strong><a href=\"https:\/\/www.tuicamper.com\/magazin\/wintercamping\/\"><strong>Wintercampings<\/strong><\/a>. Denn auch, in Deutschland kann es zum Jahreswechsel empfindlich kalt und schneereich werden. Insbesondere, wenn es Sie in die Berge zieht.<\/li>\n<li><strong>Buchen Sie rechtzeitig einen Stellplatz auf Ihrem Wunsch-Campingplatz<\/strong>. L\u00e4ngst nicht jeder Campingplatz hat ganzj\u00e4hrig ge\u00f6ffnet. Selbst klassische Winter-Destinationen schlie\u00dfen teilweise \u00fcber Silvester. Gerade auf beliebte Campingpl\u00e4tze, die traditionell ein Silvester-Angebot bieten, kann der Ansturm gro\u00df sein. Ihren Stellplatz sollten Sie daher stets so fr\u00fch wie m\u00f6glich reservieren.<\/li>\n<\/ol>\n<\/div><\/section><\/div>\n\n<\/div><\/div><\/div><!-- close content main div --><\/div><\/div><div id='av_section_4'  class='avia-section av-uqf4b4u-b7e7b982794bc5dede75a6e08ca12d5a main_color avia-section-default avia-no-border-styling  avia-builder-el-9  el_after_av_section  el_before_av_section  reduced-content avia-bg-style-scroll container_wrap sidebar_right'  ><div class='container av-section-cont-open' ><div class='template-page content  av-content-small alpha units'><div class='post-entry post-entry-type-page post-entry-85950'><div class='entry-content-wrapper clearfix'>\n\n<style type=\"text\/css\" data-created_by=\"avia_inline_auto\" id=\"style-css-av-u7z3k5a-47c3aa52abc421327c7563f753aaeb08\">\n.avia-image-container.av-u7z3k5a-47c3aa52abc421327c7563f753aaeb08 img.avia_image{\nbox-shadow:none;\n}\n.avia-image-container.av-u7z3k5a-47c3aa52abc421327c7563f753aaeb08 .av-caption-image-overlay-bg{\nopacity:0.4;\nbackground-color:#000000;\n}\n.avia-image-container.av-u7z3k5a-47c3aa52abc421327c7563f753aaeb08 .av-image-caption-overlay-center{\ncolor:#ffffff;\n}\n<\/style>\n<div  class='avia-image-container av-u7z3k5a-47c3aa52abc421327c7563f753aaeb08 av-styling- av-img-linked avia_animated_image av-animated-when-visible-95 fade-in avia-align-center  avia-builder-el-10  el_before_av_hr  avia-builder-el-first  noHover av-overlay-on-hover'   itemprop=\"image\" itemscope=\"itemscope\" itemtype=\"https:\/\/schema.org\/ImageObject\" ><div class=\"avia-image-container-inner\"><div class=\"avia-image-overlay-wrap\"><a href=\"https:\/\/www.tuicamper.com\/wp-docker\/wp-content\/uploads\/2024\/09\/Camping_Silvester_Wunderkerzen-1030x644.jpg\" data-srcset=\"https:\/\/www.tuicamper.com\/wp-docker\/wp-content\/uploads\/2024\/09\/Camping_Silvester_Wunderkerzen-1030x644.jpg 1030w, https:\/\/www.tuicamper.com\/wp-docker\/wp-content\/uploads\/2024\/09\/Camping_Silvester_Wunderkerzen-300x188.jpg 300w, https:\/\/www.tuicamper.com\/wp-docker\/wp-content\/uploads\/2024\/09\/Camping_Silvester_Wunderkerzen-768x480.jpg 768w, https:\/\/www.tuicamper.com\/wp-docker\/wp-content\/uploads\/2024\/09\/Camping_Silvester_Wunderkerzen-705x441.jpg 705w, https:\/\/www.tuicamper.com\/wp-docker\/wp-content\/uploads\/2024\/09\/Camping_Silvester_Wunderkerzen.jpg 1440w\" data-sizes=\"(max-width: 1030px) 100vw, 1030px\" class='avia_image '  aria-label='Silvester Camping mit Wunderkerzen'><div class=\"av-image-caption-overlay\"><div class=\"av-caption-image-overlay-bg\"><\/div><div class=\"av-image-caption-overlay-position\"><div class=\"av-image-caption-overlay-center\"><p>Silvester Camping mit Wunderkerzen<\/p>\n<\/div><\/div><\/div><img decoding=\"async\" fetchpriority=\"high\" class='wp-image-85963 avia-img-lazy-loading-not-85963 avia_image ' src=\"https:\/\/www.tuicamper.com\/wp-docker\/wp-content\/uploads\/2024\/09\/Camping_Silvester_Wunderkerzen-845x684.jpg\" alt='Campen an Silvester' title='Silvester Camping mit Wunderkerzen'  height=\"684\" width=\"845\"  itemprop=\"thumbnailUrl\" srcset=\"https:\/\/www.tuicamper.com\/wp-docker\/wp-content\/uploads\/2024\/09\/Camping_Silvester_Wunderkerzen-845x684.jpg 845w, https:\/\/www.tuicamper.com\/wp-docker\/wp-content\/uploads\/2024\/09\/Camping_Silvester_Wunderkerzen-495x400.jpg 495w\" sizes=\"(max-width: 845px) 100vw, 845px\" \/><\/a><\/div><\/div><\/div>\n\n<style type=\"text\/css\" data-created_by=\"avia_inline_auto\" id=\"style-css-av-2y1j40u-5dc2dbfe02eac08a39b5212d5ee0db4e\">\n#top .hr.hr-invisible.av-2y1j40u-5dc2dbfe02eac08a39b5212d5ee0db4e{\nheight:25px;\n}\n<\/style>\n<div  class='hr av-2y1j40u-5dc2dbfe02eac08a39b5212d5ee0db4e hr-invisible  avia-builder-el-11  el_after_av_image  avia-builder-el-last '><span class='hr-inner '><span class=\"hr-inner-style\"><\/span><\/span><\/div>\n<\/div><\/div><\/div><!-- close content main div --><\/div><\/div><div id='av_section_5'  class='avia-section av-t47thvi-1a9cad2e1675dd54a215ea7ab04422a5 main_color avia-section-default avia-no-border-styling  avia-builder-el-12  el_after_av_section  el_before_av_section  reduced-content avia-bg-style-scroll container_wrap sidebar_right'  ><div class='container av-section-cont-open' ><div class='template-page content  av-content-small alpha units'><div class='post-entry post-entry-type-page post-entry-85950'><div class='entry-content-wrapper clearfix'>\n\n<style type=\"text\/css\" data-created_by=\"avia_inline_auto\" id=\"style-css-av-smum7j2-b938a4edd3593faeefdabe846278a3c1\">\n.flex_column.av-smum7j2-b938a4edd3593faeefdabe846278a3c1{\nborder-radius:0px 0px 0px 0px;\npadding:0px 0px 0px 0px;\n}\n<\/style>\n<div  class='flex_column av-smum7j2-b938a4edd3593faeefdabe846278a3c1 av_one_full  avia-builder-el-13  avia-builder-el-no-sibling  first flex_column_div av-zero-column-padding  '     ><section  class='av_textblock_section av-s5nhjjy-fc9d4a12e2050311743bc27439c309d3 '   itemscope=\"itemscope\" itemtype=\"https:\/\/schema.org\/BlogPosting\" itemprop=\"blogPost\" ><div class='avia_textblock'  itemprop=\"text\" ><h2>Silvester 2024 mit dem Wohnmobil: Die sch\u00f6nsten Regionen und Stellpl\u00e4tze<\/h2>\n<p>Silvester-Camping ist fast \u00fcberall in Deutschland m\u00f6glich. Insbesondere Pl\u00e4tze an Mosel, Rhein, Nord- und Ostsee erfreuen sich zum Jahreswechsel einer gro\u00dfen Beliebtheit. Aber auch die Metropolen mit ihren rauschenden Partys stehen hoch im Kurs. Wir stellen Ihnen die sch\u00f6nsten Regionen und Wohnmobilstellpl\u00e4tze f\u00fcr Silvester 2024\/2025 vor!<\/p>\n<\/div><\/section><\/div>\n<\/p>\n<\/div><\/div><\/div><!-- close content main div --><\/div><\/div><div id='av_section_6'  class='avia-section av-1610kse-2a99b15f69bba07776518d5a842ed8dc main_color avia-section-default avia-no-border-styling  avia-builder-el-15  el_after_av_section  el_before_av_section  reduced-content avia-bg-style-scroll container_wrap sidebar_right'  ><div class='container av-section-cont-open' ><div class='template-page content  av-content-small alpha units'><div class='post-entry post-entry-type-page post-entry-85950'><div class='entry-content-wrapper clearfix'>\n\n\n<\/div><\/div><\/div><!-- close content main div --><\/div><\/div><div id='av_section_7'  class='avia-section av-qfq1rpa-0e1d94c9de7d820467651949a6edc2ee main_color avia-section-default avia-no-border-styling  avia-builder-el-17  el_after_av_section  el_before_av_section  reduced-content avia-bg-style-scroll container_wrap sidebar_right'  ><div class='container av-section-cont-open' ><div class='template-page content  av-content-small alpha units'><div class='post-entry post-entry-type-page post-entry-85950'><div class='entry-content-wrapper clearfix'>\n\n<style type=\"text\/css\" data-created_by=\"avia_inline_auto\" id=\"style-css-av-pte8fvi-721500a99c7461892d9ccd14b28ac525\">\n.flex_column.av-pte8fvi-721500a99c7461892d9ccd14b28ac525{\nborder-radius:0px 0px 0px 0px;\npadding:0px 0px 0px 0px;\n}\n<\/style>\n<div  class='flex_column av-pte8fvi-721500a99c7461892d9ccd14b28ac525 av_one_full  avia-builder-el-18  avia-builder-el-no-sibling  first flex_column_div av-zero-column-padding  '     ><section  class='av_textblock_section av-pdr0dlq-bbc8ce7f5a486917dd86ebe16d3ff6a6 '   itemscope=\"itemscope\" itemtype=\"https:\/\/schema.org\/BlogPosting\" itemprop=\"blogPost\" ><div class='avia_textblock'  itemprop=\"text\" ><h3>Camping an der Mosel<\/h3>\n<p>Verschneite Weinberge. Kleine St\u00e4dtchen mit Fachwerkh\u00e4usern, deren Fassaden im zarten Licht der Wintersonne leuchten. Atemberaubendes Feuerwerk \u00fcber m\u00e4rchenhaften Burgen, die \u00fcber der Mosel thronen. Die Moselregion erfreut sich unter Campern nicht nur im Herbst gro\u00dfer Beliebtheit. Auch im Winter \u2013 und speziell zum Jahreswechsel \u2013 ziehen die Campingpl\u00e4tze der Region viele Wohnmobil-Urlauber an. Wenn Sie Silvester mit dem Wohnmobil an der Mosel verbringen, haben Sie die Wahl aus zahlreichen Spots mit eindrucksvoller Kulisse. So etwa im ganzj\u00e4hrig ge\u00f6ffneten <a href=\"https:\/\/www.campingpark-zell.de\/\">Campingpark Zell Mosel<\/a>, der sich \u2013 umgeben vom urigen \u00d6rtchen Zell \u2013 direkt an die Mosel schmiegt. Dank der zentralen Lage des Platzes im Landkreis Cochem Zell bietet sich der Stellplatz auch f\u00fcr einen l\u00e4ngeren Winterurlaub rund um Silvester und Neujahr an.<\/p>\n<\/div><\/section><\/div>\n\n<\/div><\/div><\/div><!-- close content main div --><\/div><\/div><div id='av_section_8'  class='avia-section av-p1w2fpa-a31e944482db76068cc4bc0146a31430 main_color avia-section-default avia-no-border-styling  avia-builder-el-20  el_after_av_section  el_before_av_section  magazine-slider-section fullwidth_section avia-bg-style-scroll container_wrap sidebar_right'  ><div class='container av-section-cont-open' ><div class='template-page content  av-content-small alpha units'><div class='post-entry post-entry-type-page post-entry-85950'><div class='entry-content-wrapper clearfix'>\n\n<style type=\"text\/css\" data-created_by=\"avia_inline_auto\" id=\"style-css-av-omhpqce-1829dff0182e2ffd199d9774cf75ed81\">\n.flex_column.av-omhpqce-1829dff0182e2ffd199d9774cf75ed81{\nborder-radius:0px 0px 0px 0px;\npadding:0px 0px 0px 0px;\n}\n<\/style>\n<div  class='flex_column av-omhpqce-1829dff0182e2ffd199d9774cf75ed81 av_one_full  avia-builder-el-21  avia-builder-el-no-sibling  first flex_column_div av-zero-column-padding  '     ><section  class='av_textblock_section av-o40596m-0b6ccc6f4c1cf7168f7b71d6cce70e0d '   itemscope=\"itemscope\" itemtype=\"https:\/\/schema.org\/BlogPosting\" itemprop=\"blogPost\" ><div class='avia_textblock'  itemprop=\"text\" ><div class=\"flex_column av_three_fourth flex_column_div av-zero-column-padding first el_before_av_one_fourth avia-builder-el-first headline-section\">\r\n    <section class=\"av_textblock_section \" itemscope=\"itemscope\"\r\n             itemtype=\"https:\/\/schema.org\/CreativeWork\">\r\n                    <div class=\"avia_textblock\" itemprop=\"text\">\r\n                                    Aus dem TUI Camper Magazin:<br>\r\n                                Spannende Artikel \u00fcber Deutschland &amp; Frankreich            <\/div>\r\n            <\/section>\r\n<\/div>\r\n<div class=\"flex_column av_one_fourth flex_column_div av-zero-column-padding el_after_av_three_fourth el_before_av_feature_image_slider avia-builder-el-last logo-section\">\r\n    <div class=\"avia-image-container avia-builder-el-no-sibling avia-align-center\"\r\n         itemprop=\"image\" itemscope=\"itemscope\" itemtype=\"https:\/\/schema.org\/ImageObject\">\r\n        <div class=\"avia-image-container-inner\">\r\n            <div class=\"avia-image-overlay-wrap\">\r\n                <a href=\"\/magazin\/\">\r\n                    <img decoding=\"async\" class=\"wp-image-3099 avia-img-lazy-loading-not-3099 avia_image\"\r\n                         src=\"\/wp-docker\/wp-content\/themes\/tuicamper_enfold\/assets\/img\/logo_350-135.png\"\r\n                         alt=\"TUI Camper Magazin\" height=\"69\" width=\"150\"\r\n                         itemprop=\"thumbnailUrl\">\r\n                <\/a>\r\n            <\/div>\r\n        <\/div>\r\n    <\/div>\r\n<\/div>\r\n<div class=\"flex_column av_one_full flex_column_div av-zero-column-padding first el_before_av_textblock avia-builder-el-first\"\r\n     style=\"border-radius:0px;\">\r\n    <div class=\"carousel\">\r\n                    <div class=\"carousel-cell\">\r\n                <a href=\"https:\/\/www.tuicamper.com\/magazin\/camping-im-disneyland-paris\/\">\r\n                    <div class=\"img-container\" style=\"background-image: url('https:\/\/www.tuicamper.com\/wp-docker\/wp-content\/uploads\/2024\/09\/Disneyland_Paris_Wohnmobil.jpg');\"><\/div>\r\n                    <p>Camping im Disneyland Paris: M\u00f6glichkeiten im Check <span class=\"dashicons dashicons-arrow-right-alt2\"><\/span><\/p>\r\n                <\/a>\r\n            <\/div>\r\n                    <div class=\"carousel-cell\">\r\n                <a href=\"https:\/\/www.tuicamper.com\/magazin\/atlantikkueste-frankreich\/\">\r\n                    <div class=\"img-container\" style=\"background-image: url('https:\/\/www.tuicamper.com\/wp-docker\/wp-content\/uploads\/2019\/11\/frankreichs-atlantikkueste.jpg');\"><\/div>\r\n                    <p>Mit dem Wohnmobil unterwegs an Frankreichs Atlantikk\u00fcste <span class=\"dashicons dashicons-arrow-right-alt2\"><\/span><\/p>\r\n                <\/a>\r\n            <\/div>\r\n                    <div class=\"carousel-cell\">\r\n                <a href=\"https:\/\/www.tuicamper.com\/magazin\/camping-ohne-kinder-tipps-und-campingplaetze\/\">\r\n                    <div class=\"img-container\" style=\"background-image: url('https:\/\/www.tuicamper.com\/wp-docker\/wp-content\/uploads\/2025\/10\/camping-ohne-kinder-header.jpg');\"><\/div>\r\n                    <p>Camping ohne Kinder? M\u00f6glichkeiten, Tipps und Campingpl\u00e4tze <span class=\"dashicons dashicons-arrow-right-alt2\"><\/span><\/p>\r\n                <\/a>\r\n            <\/div>\r\n                    <div class=\"carousel-cell\">\r\n                <a href=\"https:\/\/www.tuicamper.com\/magazin\/indian-summer-in-deutschland\/\">\r\n                    <div class=\"img-container\" style=\"background-image: url('https:\/\/www.tuicamper.com\/wp-docker\/wp-content\/uploads\/2025\/08\/indian-summer-deutschland-header.jpg');\"><\/div>\r\n                    <p>Indian Summer in Deutschland erleben: Tipps f\u00fcr die herbstliche Camper-Tour <span class=\"dashicons dashicons-arrow-right-alt2\"><\/span><\/p>\r\n                <\/a>\r\n            <\/div>\r\n                    <div class=\"carousel-cell\">\r\n                <a href=\"https:\/\/www.tuicamper.com\/magazin\/wohnmobil-fehmarn\/\">\r\n                    <div class=\"img-container\" style=\"background-image: url('https:\/\/www.tuicamper.com\/wp-docker\/wp-content\/uploads\/2020\/01\/fehmarn.jpg');\"><\/div>\r\n                    <p>Wohnmobil Fehmarn: Anreise, Stellpl\u00e4tze &#038; Highlights <span class=\"dashicons dashicons-arrow-right-alt2\"><\/span><\/p>\r\n                <\/a>\r\n            <\/div>\r\n                    <div class=\"carousel-cell\">\r\n                <a href=\"https:\/\/www.tuicamper.com\/magazin\/wohnmobil-frankreich\/\">\r\n                    <div class=\"img-container\" style=\"background-image: url('https:\/\/www.tuicamper.com\/wp-docker\/wp-content\/uploads\/2019\/03\/wohnmobil-frankreich-header.jpg');\"><\/div>\r\n                    <p>Wohnmobil Frankreich \u2013 Die sch\u00f6nsten Touren &#038; Highlights <span class=\"dashicons dashicons-arrow-right-alt2\"><\/span><\/p>\r\n                <\/a>\r\n            <\/div>\r\n            <\/div>\r\n<\/div>\n<\/div><\/section><\/div>\n\n<div id='av_section_9'  class='avia-section av-nmkbnry-57b37762b0ebde77fe5f43c4f4a561f2 main_color avia-section-default avia-no-border-styling  avia-builder-el-0  el_before_av_textblock  avia-builder-el-first  reduced-content avia-bg-style-scroll container_wrap sidebar_right'  ><div class='container av-section-cont-open' ><main  role=\"main\" itemprop=\"mainContentOfPage\"  class='template-page content  av-content-small alpha units'><div class='post-entry post-entry-type-page post-entry-85950'><div class='entry-content-wrapper clearfix'>\n\n<style type=\"text\/css\" data-created_by=\"avia_inline_auto\" id=\"style-css-av-n9jenq6-2bde02f4fc0d9d6abbe5026e66d84307\">\n.flex_column.av-n9jenq6-2bde02f4fc0d9d6abbe5026e66d84307{\nborder-radius:0px 0px 0px 0px;\npadding:0px 0px 0px 0px;\n}\n<\/style>\n<div  class='flex_column av-n9jenq6-2bde02f4fc0d9d6abbe5026e66d84307 av_one_full  avia-builder-el-1  avia-builder-el-no-sibling  first flex_column_div av-zero-column-padding  '     ><section  class='av_textblock_section av-mnbtiam-40f5f863d3e7a29fea43d3c9cdeabaf8 '   itemscope=\"itemscope\" itemtype=\"https:\/\/schema.org\/BlogPosting\" itemprop=\"blogPost\" ><div class='avia_textblock'  itemprop=\"text\" ><h3>Silvester mit dem Wohnmobil am Rhein<\/h3>\n<p>Nicht nur die Mosel, auch der Rhein punktet mit etlichen tollen Campingpl\u00e4tzen, die \u00fcber Silvester und Neujahr ge\u00f6ffnet haben. Zum Beispiel der <a href=\"https:\/\/www.camping-loreleyblick.de\/camping\/campingplatz\" target=\"_blank\" rel=\"noopener\">Campingplatz Loreleyblick<\/a>, der sich direkt gegen\u00fcber des ber\u00fchmten Loreley-Felsens befindet. Umgeben von kleinen \u2013 \u00fcber den Jahreswechsel stilvoll beleuchteten \u2013 D\u00f6rfern mit historischem Stadtkern l\u00e4sst sich hier wahlweise ruhig oder gesellig ins neue Jahr starten.<\/p>\n<h3>An der Ost- oder Nordsee ins neue Jahr starten<\/h3>\n<p>Ein einzigartiges Erlebnis ist das Camping \u00fcber Silvester am Meer. Sp\u00e4testens, wenn das Wasser von Nord- und Ostsee die vielerorts aufwendig inszenierten Feuerwerke spiegelt, sich der Geschmack von Seeluft mit perlendem Sekt mischt und Freunde und Familie eng beieinander feiern wird klar: Besser kann man nicht ins neue Jahr starten. Ein beliebter Spot f\u00fcr die Silvester-Feier an der Nordseek\u00fcste ist etwa der <a href=\"https:\/\/campingplatz.wenningstedt.de\/index.php\" target=\"_blank\" rel=\"noopener\">Campingplatz Wenningstedt<\/a>. Der sowohl \u00fcber Weihnachten als auch Silvester ge\u00f6ffnete Platz liegt mitten auf Sylt unweit des Meeres. Die perfekte Location, um den Jahreswechsel wahlweise entspannt am Strand zu verbringen oder sich ins Sylter Party-Get\u00fcmmel rund um den H\u00f6rnumer Hafen zu st\u00fcrzen, wo das Jahr 2025 mit einem funkelnden Feuerwerk begr\u00fc\u00dft wird.<\/p>\n<\/div><\/section><\/div>\n<\/div><\/div><\/main><!-- close content main element --><\/div><\/div><div id='after_section_9'  class='main_color av_default_container_wrap container_wrap sidebar_right'  ><div class='container av-section-cont-open' ><div class='template-page content  av-content-small alpha units'><div class='post-entry post-entry-type-page post-entry-85950'><div class='entry-content-wrapper clearfix'>\n<\/div><\/div><\/div><!-- close content main div --><\/div><\/div><div id='av_section_10'  class='avia-section av-4uj198e-742931a1ea230ff779fe0881c1eaa658 main_color avia-section-default avia-no-border-styling  routes-breaker fullwidth_section avia-bg-style-scroll container_wrap sidebar_right'  ><div class='container av-section-cont-open' ><div class='template-page content  av-content-small alpha units'><div class='post-entry post-entry-type-page post-entry-85950'><div class='entry-content-wrapper clearfix'>\n<section  class='av_textblock_section av-1m7w4e-689c7b3831d31d6525a53795aa74255d '   itemscope=\"itemscope\" itemtype=\"https:\/\/schema.org\/BlogPosting\" itemprop=\"blogPost\" ><div class='avia_textblock'  itemprop=\"text\" >\r\n<div class=\"flex_column av_one_full flex_column_div av-zero-column-padding first avia-builder-el-first\">\r\n    <section class=\"av_textblock_section \" itemscope=\"itemscope\"\r\n             itemtype=\"https:\/\/schema.org\/CreativeWork\">\r\n        <div class=\"avia_textblock\" itemprop=\"text\">\r\n            Die besten Routentipps        <\/div>\r\n    <\/section>\r\n    <div class=\"route-breaker-items\">\r\n                    <div class=\"route-breaker-item\">\r\n                <a href=\"https:\/\/www.tuicamper.com\/routen\/deutschland-routen\/berlin-rundreise\/\">\r\n                                            <div\r\n                                class=\"route-breaker-item-thumbnail\"\r\n                                style=\"background-image: url(https:\/\/www.tuicamper.com\/wp-docker\/wp-content\/uploads\/2023\/01\/berlin-g03368e0a5_1280-1-e1681896556162-400x200.jpg);\"\r\n                        ><\/div>\r\n                                        <span>Berlin-Rundreise durch Brandenburg &#038; Mecklenburg Vorpommern<\/span>\r\n                <\/a>\r\n            <\/div>\r\n                    <div class=\"route-breaker-item\">\r\n                <a href=\"https:\/\/www.tuicamper.com\/routen\/deutschland-routen\/frankfurt-rundreise\/\">\r\n                                            <div\r\n                                class=\"route-breaker-item-thumbnail\"\r\n                                style=\"background-image: url(https:\/\/www.tuicamper.com\/wp-docker\/wp-content\/uploads\/2023\/01\/frankfurt-gb374a666e_1280-1-e1681896646896-400x200.jpg);\"\r\n                        ><\/div>\r\n                                        <span>Frankfurt-Rundreise durch das Moseltal und die Vogesen<\/span>\r\n                <\/a>\r\n            <\/div>\r\n                    <div class=\"route-breaker-item\">\r\n                <a href=\"https:\/\/www.tuicamper.com\/routen\/deutschland-routen\/dresden-rundreise\/\">\r\n                                            <div\r\n                                class=\"route-breaker-item-thumbnail\"\r\n                                style=\"background-image: url(https:\/\/www.tuicamper.com\/wp-docker\/wp-content\/uploads\/2023\/04\/dresden-sonnenaufgang-400x200.jpg);\"\r\n                        ><\/div>\r\n                                        <span>Ab Dresden die Highlights von S\u00fcdpolen &#038; Tschechien entdecken<\/span>\r\n                <\/a>\r\n            <\/div>\r\n                    <\/div>\r\n            <div class=\"route-breaker-countries-footer mode-footer_inline\">\r\n            <div><p>Alle Routen f\u00fcr:<\/p><\/div>\r\n            <div>\r\n                                    <a href=\"https:\/\/www.tuicamper.com\/routen\/deutschland-routen\/\">\r\n                                                    <img decoding=\"async\" src=\"https:\/\/www.tuicamper.com\/wp-docker\/wp-content\/uploads\/2022\/04\/de-circle.png\" alt=\"Deutschland\">\r\n                                                Deutschland                    <\/a>\r\n                            <\/div>\r\n        <\/div>\r\n                <div class=\"route-breaker-countries-footer mode-overview no-border\">\r\n            <p><i class=\"tui-cars-icon tuicars-icon-arrow-left\"><\/i><a href=\"https:\/\/www.tuicamper.com\/routen\/\">Zur Routen-\u00dcbersicht<\/a><\/p>\r\n        <\/div>\r\n    <\/div>\r\n\n<\/div><\/section>\n<\/div><\/div><\/div><!-- close content main div --><\/div><\/div><div id='after_section_10'  class='main_color av_default_container_wrap container_wrap sidebar_right'  ><div class='container av-section-cont-open' ><div class='template-page content  av-content-small alpha units'><div class='post-entry post-entry-type-page post-entry-85950'><div class='entry-content-wrapper clearfix'>\n<\/div><\/div><\/div><!-- close content main div --><\/div><\/div><div id='av_section_11'  class='avia-section av-3v4xmny-d7adbdbf99391608967107182212523f main_color avia-section-default avia-no-border-styling  avia-builder-el-4  el_after_av_textblock  el_before_av_section  reduced-content avia-bg-style-scroll container_wrap sidebar_right'  ><div class='container av-section-cont-open' ><div class='template-page content  av-content-small alpha units'><div class='post-entry post-entry-type-page post-entry-85950'><div class='entry-content-wrapper clearfix'>\n\n<style type=\"text\/css\" data-created_by=\"avia_inline_auto\" id=\"style-css-av-3j8oj8e-0bada97c543bd07e2f287da3a8f76f17\">\n.flex_column.av-3j8oj8e-0bada97c543bd07e2f287da3a8f76f17{\nborder-radius:0px 0px 0px 0px;\npadding:0px 0px 0px 0px;\n}\n<\/style>\n<div  class='flex_column av-3j8oj8e-0bada97c543bd07e2f287da3a8f76f17 av_one_full  avia-builder-el-5  avia-builder-el-no-sibling  first flex_column_div av-zero-column-padding  '     ><section  class='av_textblock_section av-2unatj2-486d0a53660e578cac133b63385537e7 '   itemscope=\"itemscope\" itemtype=\"https:\/\/schema.org\/BlogPosting\" itemprop=\"blogPost\" ><div class='avia_textblock'  itemprop=\"text\" ><h3>Berlin, Hamburg und Co: Silvester-Camping in den Metropolen<\/h3>\n<p>Sie haben Lust auf die legend\u00e4ren Silvester-Partys der deutschen Metropolen? Wollen die Silvester-Party mit Sightseeing und einem kleinen Winterurlaub verbinden? Und sich das \u00fcber den Jahreswechsel traditionell s\u00fcndhaft teure Hotel sparen? Dann ist ein Camping-Trip nach Berlin, Hamburg, M\u00fcnchen und Co. genau das Richtige! \u00dcberall finden sich Campingpl\u00e4tze, die \u00fcber Silvester 2024 ge\u00f6ffnet haben \u2013 und mit kurzen Wegen in die City punkten. Zieht es Sie \u00fcber Silvester in die deutsche Hauptstadt kommt etwa das ganzj\u00e4hrig ge\u00f6ffnete <a href=\"https:\/\/www.city-camping-berlin.de\/\" target=\"_blank\" rel=\"noopener\">Hotel &amp; City Camping Berlin<\/a>, in Frage, das gleich zwei Campingpl\u00e4tze bietet. Beide liegen vergleichsweise ruhig, haben \u00fcber \u00f6ffentliche Verkehrsmittel aber guten Anschluss an die City.<\/p>\n<\/div><\/section><\/div>\n\n<\/div><\/div><\/div><!-- close content main div --><\/div><\/div><div id='av_section_12'  class='avia-section av-rtqgl1a-af378cf96f6fbf4227a572b7237d3668 main_color avia-section-default avia-no-border-styling  avia-builder-el-7  el_after_av_section  el_before_av_section  reduced-content avia-bg-style-scroll container_wrap sidebar_right'  ><div class='container av-section-cont-open' ><div class='template-page content  av-content-small alpha units'><div class='post-entry post-entry-type-page post-entry-85950'><div class='entry-content-wrapper clearfix'>\n\n<style type=\"text\/css\" data-created_by=\"avia_inline_auto\" id=\"style-css-av-rbrl49q-969e85f269f69d28cae37ae22a013389\">\n.avia-image-container.av-rbrl49q-969e85f269f69d28cae37ae22a013389 img.avia_image{\nbox-shadow:none;\n}\n.avia-image-container.av-rbrl49q-969e85f269f69d28cae37ae22a013389 .av-caption-image-overlay-bg{\nopacity:0.4;\nbackground-color:#000000;\n}\n.avia-image-container.av-rbrl49q-969e85f269f69d28cae37ae22a013389 .av-image-caption-overlay-center{\ncolor:#ffffff;\n}\n<\/style>\n<div  class='avia-image-container av-rbrl49q-969e85f269f69d28cae37ae22a013389 av-styling- av-img-linked avia_animated_image av-animated-when-visible-95 fade-in avia-align-center noHover av-overlay-on-hover'   itemprop=\"image\" itemscope=\"itemscope\" itemtype=\"https:\/\/schema.org\/ImageObject\" ><div class=\"avia-image-container-inner\"><div class=\"avia-image-overlay-wrap\"><a href=\"https:\/\/www.tuicamper.com\/wp-docker\/wp-content\/uploads\/2024\/09\/Camping_Silvester_Dresden-1030x644.jpg\" data-srcset=\"https:\/\/www.tuicamper.com\/wp-docker\/wp-content\/uploads\/2024\/09\/Camping_Silvester_Dresden-1030x644.jpg 1030w, https:\/\/www.tuicamper.com\/wp-docker\/wp-content\/uploads\/2024\/09\/Camping_Silvester_Dresden-300x188.jpg 300w, https:\/\/www.tuicamper.com\/wp-docker\/wp-content\/uploads\/2024\/09\/Camping_Silvester_Dresden-768x480.jpg 768w, https:\/\/www.tuicamper.com\/wp-docker\/wp-content\/uploads\/2024\/09\/Camping_Silvester_Dresden-705x441.jpg 705w, https:\/\/www.tuicamper.com\/wp-docker\/wp-content\/uploads\/2024\/09\/Camping_Silvester_Dresden.jpg 1440w\" data-sizes=\"(max-width: 1030px) 100vw, 1030px\" class='avia_image '  aria-label='Silvester in Dresden'><div class=\"av-image-caption-overlay\"><div class=\"av-caption-image-overlay-bg\"><\/div><div class=\"av-image-caption-overlay-position\"><div class=\"av-image-caption-overlay-center\"><p>In Dresden erwartet Besucher ein Feuerwerkspektakel vor imposanter Kulisse<\/p>\n<\/div><\/div><\/div><img decoding=\"async\" fetchpriority=\"high\" class='wp-image-85965 avia-img-lazy-loading-not-85965 avia_image ' src=\"https:\/\/www.tuicamper.com\/wp-docker\/wp-content\/uploads\/2024\/09\/Camping_Silvester_Dresden-845x684.jpg\" alt='Silvester in Dresden' title='Silvester in Dresden'  height=\"684\" width=\"845\"  itemprop=\"thumbnailUrl\" srcset=\"https:\/\/www.tuicamper.com\/wp-docker\/wp-content\/uploads\/2024\/09\/Camping_Silvester_Dresden-845x684.jpg 845w, https:\/\/www.tuicamper.com\/wp-docker\/wp-content\/uploads\/2024\/09\/Camping_Silvester_Dresden-495x400.jpg 495w\" sizes=\"(max-width: 845px) 100vw, 845px\" \/><\/a><\/div><\/div><\/div>\n\n<style type=\"text\/css\" data-created_by=\"avia_inline_auto\" id=\"style-css-av-r1eiwm6-158104edbeae675c3b7c056024de189f\">\n#top .hr.hr-invisible.av-r1eiwm6-158104edbeae675c3b7c056024de189f{\nheight:25px;\n}\n<\/style>\n<div  class='hr av-r1eiwm6-158104edbeae675c3b7c056024de189f hr-invisible'><span class='hr-inner '><span class=\"hr-inner-style\"><\/span><\/span><\/div>\n\n<\/div><\/div><\/div><!-- close content main div --><\/div><\/div><div id='av_section_13'  class='avia-section av-18xg0am-5a71e2e4fc9758e37ddc2229b6047923 main_color avia-section-default avia-no-border-styling  reduced-content avia-bg-style-scroll container_wrap sidebar_right'  ><div class='container av-section-cont-open' ><div class='template-page content  av-content-small alpha units'><div class='post-entry post-entry-type-page post-entry-85950'><div class='entry-content-wrapper clearfix'>\n\n<style type=\"text\/css\" data-created_by=\"avia_inline_auto\" id=\"style-css-av-uytvem-562867d362e3bf6c5383bdc2dbab94f5\">\n.flex_column.av-uytvem-562867d362e3bf6c5383bdc2dbab94f5{\nborder-radius:0px 0px 0px 0px;\npadding:0px 0px 0px 0px;\n}\n<\/style>\n<div  class='flex_column av-uytvem-562867d362e3bf6c5383bdc2dbab94f5 av_one_full  avia-builder-el-8  avia-builder-el-no-sibling  first flex_column_div av-zero-column-padding  '     ><section  class='av_textblock_section av-m0m5xo7t-6a7395d4106d37bcf453b4bb5bdd2206 '   itemscope=\"itemscope\" itemtype=\"https:\/\/schema.org\/BlogPosting\" itemprop=\"blogPost\" ><div class='avia_textblock'  itemprop=\"text\" ><h2>Camping \u00fcber Silvester mit Hund \u2013 stressfreier Jahreswechsel f\u00fcr Mensch und Tier<\/h2>\n<p>W\u00e4hrend sich viele Menschen am bunten Silvester-Treiben erfreuen, die laute Musik genie\u00dfen und das farbenfrohe Feuerwerk genie\u00dfen, bedeutet der Jahreswechsel f\u00fcr Vierbeiner vor allem eines: Stress. Gerade in gr\u00f6\u00dferen St\u00e4dten, in denen ausgelassen gefeiert wird, werden Hunde vom dr\u00f6hnenden Silvester-L\u00e4rm eingesch\u00fcchtert. M\u00f6chten Sie Ihrem Vierbeiner diesen Stress ersparen, bietet sich ein Camping-Trip \u00fcber Silvester an. In Frage daf\u00fcr kommen alle ruhig gelegenen Campingpl\u00e4tze. Idealerweise herrscht vor Ort auch noch ein B\u00f6llerverbot. Das ist beispielsweise rund um viele Nationalparks und Naturschutzgebiete der Fall. Bei Hundebesitzern sehr beliebt ist etwa <a href=\"https:\/\/www.spreewaldcamping-see.de\/\" target=\"_blank\" rel=\"noopener\">Spreewald Natur Camping \u201eAm See\u201c<\/a>. Auch 2024 bietet der Campingplatz wieder ein spezielles Silvesterangebot (2 N\u00e4chte, 2 Personen inkl. Nebenkosten und Silvesterfeier) kosten 170,00\u20ac. Gefeiert wird ohne Feuerwerk und B\u00f6ller \u2013 und damit absolut tierfreundlich!<\/p>\n<\/div><\/section><\/div>\n<\/div><\/div><\/div><!-- close content main div --><\/div><\/div><div id='after_section_13'  class='main_color av_default_container_wrap container_wrap sidebar_right'  ><div class='container av-section-cont-open' ><div class='template-page content  av-content-small alpha units'><div class='post-entry post-entry-type-page post-entry-85950'><div class='entry-content-wrapper clearfix'>\n<\/div><\/div><\/div><!-- close content main div --><\/div><\/div><div id='av_section_14'  class='avia-section av-1c6uose-fb173f9fa1a08a16ce96facfbd44ab63 main_color avia-section-default avia-no-border-styling  avia-builder-el-10  el_after_av_section  el_before_av_section  reduced-content avia-bg-style-scroll container_wrap sidebar_right'  ><div class='container av-section-cont-open' ><div class='template-page content  av-content-small alpha units'><div class='post-entry post-entry-type-page post-entry-85950'><div class='entry-content-wrapper clearfix'>\n\n<style type=\"text\/css\" data-created_by=\"avia_inline_auto\" id=\"style-css-av-m0m7f825-6ead5c1987d60aa2e16e584608e08690\">\n.avia-image-container.av-m0m7f825-6ead5c1987d60aa2e16e584608e08690 img.avia_image{\nbox-shadow:none;\n}\n.avia-image-container.av-m0m7f825-6ead5c1987d60aa2e16e584608e08690 .av-caption-image-overlay-bg{\nopacity:0.4;\nbackground-color:#000000;\n}\n.avia-image-container.av-m0m7f825-6ead5c1987d60aa2e16e584608e08690 .av-image-caption-overlay-center{\ncolor:#ffffff;\n}\n<\/style>\n<div  class='avia-image-container av-m0m7f825-6ead5c1987d60aa2e16e584608e08690 av-styling- av-img-linked avia_animated_image av-animated-when-visible-95 fade-in avia-align-center  avia-builder-el-11  avia-builder-el-no-sibling  noHover av-overlay-on-hover'   itemprop=\"image\" itemscope=\"itemscope\" itemtype=\"https:\/\/schema.org\/ImageObject\" ><div class=\"avia-image-container-inner\"><div class=\"avia-image-overlay-wrap\"><a href=\"https:\/\/www.tuicamper.com\/wp-docker\/wp-content\/uploads\/2024\/09\/Camping_Silvester_mit_Hund-1030x644.jpg\" data-srcset=\"https:\/\/www.tuicamper.com\/wp-docker\/wp-content\/uploads\/2024\/09\/Camping_Silvester_mit_Hund-1030x644.jpg 1030w, https:\/\/www.tuicamper.com\/wp-docker\/wp-content\/uploads\/2024\/09\/Camping_Silvester_mit_Hund-300x188.jpg 300w, https:\/\/www.tuicamper.com\/wp-docker\/wp-content\/uploads\/2024\/09\/Camping_Silvester_mit_Hund-768x480.jpg 768w, https:\/\/www.tuicamper.com\/wp-docker\/wp-content\/uploads\/2024\/09\/Camping_Silvester_mit_Hund-705x441.jpg 705w, https:\/\/www.tuicamper.com\/wp-docker\/wp-content\/uploads\/2024\/09\/Camping_Silvester_mit_Hund.jpg 1440w\" data-sizes=\"(max-width: 1030px) 100vw, 1030px\" class='avia_image '  aria-label='Kind mit Hund im Schnee'><div class=\"av-image-caption-overlay\"><div class=\"av-caption-image-overlay-bg\"><\/div><div class=\"av-image-caption-overlay-position\"><div class=\"av-image-caption-overlay-center\"><p>Abseits vom gro\u00dfen Silvestertrubel f\u00fchlen sich die meisten Hunde am wohlsten<\/p>\n<\/div><\/div><\/div><img decoding=\"async\" fetchpriority=\"high\" class='wp-image-85982 avia-img-lazy-loading-not-85982 avia_image ' src=\"https:\/\/www.tuicamper.com\/wp-docker\/wp-content\/uploads\/2024\/09\/Camping_Silvester_mit_Hund-845x684.jpg\" alt='Kind mit Hund im Schnee' title='Kind mit Hund im Schnee'  height=\"684\" width=\"845\"  itemprop=\"thumbnailUrl\" srcset=\"https:\/\/www.tuicamper.com\/wp-docker\/wp-content\/uploads\/2024\/09\/Camping_Silvester_mit_Hund-845x684.jpg 845w, https:\/\/www.tuicamper.com\/wp-docker\/wp-content\/uploads\/2024\/09\/Camping_Silvester_mit_Hund-495x400.jpg 495w\" sizes=\"(max-width: 845px) 100vw, 845px\" \/><\/a><\/div><\/div><\/div>\n\n<style type=\"text\/css\" data-created_by=\"avia_inline_auto\" id=\"style-css-av-t5mwny-a4db4bc9813ea7d0214add102dd96abb\">\n#top .hr.hr-invisible.av-t5mwny-a4db4bc9813ea7d0214add102dd96abb{\nheight:25px;\n}\n<\/style>\n<div  class='hr av-t5mwny-a4db4bc9813ea7d0214add102dd96abb hr-invisible'><span class='hr-inner '><span class=\"hr-inner-style\"><\/span><\/span><\/div>\n\n<\/div><\/div><\/div><!-- close content main div --><\/div><\/div><div id='av_section_15'  class='avia-section av-2fc7zzy-b1f00f739079939a05fe6f7fcb5471a0 main_color avia-section-default avia-no-border-styling  avia-builder-el-12  el_after_av_section  el_before_av_section  reduced-content avia-bg-style-scroll container_wrap sidebar_right'  ><div class='container av-section-cont-open' ><div class='template-page content  av-content-small alpha units'><div class='post-entry post-entry-type-page post-entry-85950'><div class='entry-content-wrapper clearfix'>\n<div  class='avia-button-wrap av-29kdkpq-7ddbaebae7bf5c87e9d06eddf2f288b8-wrap avia-button-center '><a href='https:\/\/www.tuicamper.com\/reiseziele\/europa\/deutschland\/'  class='avia-button av-29kdkpq-7ddbaebae7bf5c87e9d06eddf2f288b8 av-link-btn avia-icon_select-yes-right-icon avia-size-large avia-position-center avia-color-theme-color'   aria-label=\"Jetzt Wohnmobil mieten f\u00fcr Deutschland\"><span class='avia_iconbox_title' >Jetzt Wohnmobil mieten f\u00fcr Deutschland<\/span><span class='avia_button_icon avia_button_icon_right avia-iconfont avia-font-entypo-fontello' data-av_icon='\ue875' data-av_iconfont='entypo-fontello' ><\/span><\/a><\/div>\n\n<style type=\"text\/css\" data-created_by=\"avia_inline_auto\" id=\"style-css-av-1nz46gu-7a84aff25ebefb214feced5ec35ab112\">\n.flex_column.av-1nz46gu-7a84aff25ebefb214feced5ec35ab112{\nborder-radius:0px 0px 0px 0px;\npadding:0px 0px 0px 0px;\n}\n<\/style>\n<div  class='flex_column av-1nz46gu-7a84aff25ebefb214feced5ec35ab112 av_one_full  avia-builder-el-13  avia-builder-el-no-sibling  first flex_column_div av-zero-column-padding  '     ><style type=\"text\/css\" data-created_by=\"avia_inline_auto\" id=\"style-css-av-1528v26-37f3b1acba41105aaa22065f8504b6d7\">\n#top .av_textblock_section.av-1528v26-37f3b1acba41105aaa22065f8504b6d7 .avia_textblock{\nfont-size:28px;\n}\n<\/style>\n<section  class='av_textblock_section av-1528v26-37f3b1acba41105aaa22065f8504b6d7 '   itemscope=\"itemscope\" itemtype=\"https:\/\/schema.org\/BlogPosting\" itemprop=\"blogPost\" ><div class='avia_textblock'  itemprop=\"text\" ><p><strong>Ihr TUI CAMPER-Team w\u00fcnscht Ihnen einen gl\u00fccklichen Start ins neue Jahr und ein unvergessliches Silvester-Camping 2024!<\/strong><\/p>\n<\/div><\/section><\/div><div  class='av-social-sharing-box av-ioadge-c8392ee08a59986cf03ca5b8fc3f6ba3 av-social-sharing-box-default av-social-sharing-box-fullwidth'><div class=\"av-share-box\"><ul class=\"av-share-box-list noLightbox\"><li class='av-share-link av-social-link-facebook avia_social_iconfont' ><a target=\"_blank\" aria-label=\"Teilen auf Facebook\" href='https:\/\/www.facebook.com\/sharer.php?u=https:\/\/www.tuicamper.com\/magazin\/wohnmobil-frankreich\/&#038;t=Wohnmobil%20Frankreich%20%E2%80%93%20Die%20sch%C3%B6nsten%20Touren%20%26%20Highlights' data-av_icon='\ue8f3' data-av_iconfont='entypo-fontello'  title='' data-avia-related-tooltip='Teilen auf Facebook'><span class='avia_hidden_link_text'>Teilen auf Facebook<\/span><\/a><\/li><li class='av-share-link av-social-link-twitter avia_social_iconfont' ><a target=\"_blank\" aria-label=\"Teilen auf X\" href='https:\/\/twitter.com\/share?text=Wohnmobil%20Frankreich%20%E2%80%93%20Die%20sch%C3%B6nsten%20Touren%20%26%20Highlights&#038;url=https:\/\/www.tuicamper.com\/magazin\/wohnmobil-frankreich\/' data-av_icon='\ue932' data-av_iconfont='entypo-fontello'  title='' data-avia-related-tooltip='Teilen auf X'><span class='avia_hidden_link_text'>Teilen auf X<\/span><\/a><\/li><li class='av-share-link av-social-link-whatsapp avia_social_iconfont' ><a target=\"_blank\" aria-label=\"Teilen auf WhatsApp\" href='https:\/\/api.whatsapp.com\/send?text=https:\/\/www.tuicamper.com\/magazin\/wohnmobil-frankreich\/' data-av_icon='\uf232' data-av_iconfont='entypo-fontello'  title='' data-avia-related-tooltip='Teilen auf WhatsApp'><span class='avia_hidden_link_text'>Teilen auf WhatsApp<\/span><\/a><\/li><li class='av-share-link av-social-link-pinterest avia_social_iconfont' ><a target=\"_blank\" aria-label=\"Teilen auf Pinterest\" href='https:\/\/pinterest.com\/pin\/create\/button\/?url=https%3A%2F%2Fwww.tuicamper.com%2Fmagazin%2Fwohnmobil-frankreich%2F&#038;description=Wohnmobil%20Frankreich%20%E2%80%93%20Die%20sch%C3%B6nsten%20Touren%20%26%20Highlights&#038;media=https%3A%2F%2Fwww.tuicamper.com%2Fwp-docker%2Fwp-content%2Fuploads%2F2019%2F03%2Fwohnmobil-frankreich-header-705x269.jpg' data-av_icon='\ue8f8' data-av_iconfont='entypo-fontello'  title='' data-avia-related-tooltip='Teilen auf Pinterest'><span class='avia_hidden_link_text'>Teilen auf Pinterest<\/span><\/a><\/li><li class='av-share-link av-social-link-mail avia_social_iconfont' ><a  aria-label=\"Per E-Mail teilen\" href='mailto:?subject=Wohnmobil%20Frankreich%20%E2%80%93%20Die%20sch%C3%B6nsten%20Touren%20%26%20Highlights&#038;body=https:\/\/www.tuicamper.com\/magazin\/wohnmobil-frankreich\/' data-av_icon='\ue805' data-av_iconfont='entypo-fontello'  title='' data-avia-related-tooltip='Per E-Mail teilen'><span class='avia_hidden_link_text'>Per E-Mail teilen<\/span><\/a><\/li><\/ul><\/div><\/div>\n\n","protected":false},"excerpt":{"rendered":"<p>Wundersch\u00f6ner Blick aufs Meer, die Berge oder das Feuerwerk der Gro\u00dfstadt und ein traumhafter Jahreswechsel: Was das Camping \u00fcber Silvester so reizvoll macht.<\/p>\n","protected":false},"author":5,"featured_media":85962,"comment_status":"open","ping_status":"open","sticky":false,"template":"","format":"standard","meta":{"footnotes":""},"categories":[29],"tags":[48,28,44,21],"class_list":["post-85950","post","type-post","status-publish","format-standard","has-post-thumbnail","hentry","category-reisezeit","tag-buchungstipps","tag-deutschland","tag-insider-infos","tag-winter"],"yoast_head":"<!-- This site is optimized with the Yoast SEO plugin v27.4 - https:\/\/yoast.com\/product\/yoast-seo-wordpress\/ -->\n<title>Camping \u00fcber Silvester: Die besten Tipps &amp; Stellpl\u00e4tze - TUI CAMPER<\/title>\n<meta name=\"description\" content=\"Praxis-Tipps zum Silvester-Camping \u2713 Die sch\u00f6nsten Stellpl\u00e4tze \u2713 Camping \u00fcber Silvester mit Hund \u2713 Jetzt Silvester-Tour im Wohnmobil planen!\" \/>\n<meta name=\"robots\" content=\"index, follow, max-snippet:-1, max-image-preview:large, max-video-preview:-1\" \/>\n<link rel=\"canonical\" href=\"https:\/\/www.tuicamper.com\/magazin\/camping-ueber-silvester\/\" \/>\n<meta property=\"og:locale\" content=\"de_DE\" \/>\n<meta property=\"og:type\" content=\"article\" \/>\n<meta property=\"og:title\" content=\"Camping \u00fcber Silvester: Die besten Tipps &amp; Stellpl\u00e4tze - TUI CAMPER\" \/>\n<meta property=\"og:description\" content=\"Praxis-Tipps zum Silvester-Camping \u2713 Die sch\u00f6nsten Stellpl\u00e4tze \u2713 Camping \u00fcber Silvester mit Hund \u2713 Jetzt Silvester-Tour im Wohnmobil planen!\" \/>\n<meta property=\"og:url\" content=\"https:\/\/www.tuicamper.com\/magazin\/camping-ueber-silvester\/\" \/>\n<meta property=\"og:site_name\" content=\"TUI Camper Magazin\" \/>\n<meta property=\"article:published_time\" content=\"2024-09-04T09:14:51+00:00\" \/>\n<meta property=\"og:image\" content=\"https:\/\/www.tuicamper.com\/wp-docker\/wp-content\/uploads\/2024\/09\/Camping_Silvester_Feuerwerk.jpg\" \/>\n\t<meta property=\"og:image:width\" content=\"1280\" \/>\n\t<meta property=\"og:image:height\" content=\"492\" \/>\n\t<meta property=\"og:image:type\" content=\"image\/jpeg\" \/>\n<meta name=\"author\" content=\"Olli\" \/>\n<meta name=\"twitter:card\" content=\"summary_large_image\" \/>\n<meta name=\"twitter:label1\" content=\"Verfasst von\" \/>\n\t<meta name=\"twitter:data1\" content=\"Olli\" \/>\n\t<meta name=\"twitter:label2\" content=\"Gesch\u00e4tzte Lesezeit\" \/>\n\t<meta name=\"twitter:data2\" content=\"7\u00a0Minuten\" \/>\n<!-- \/ Yoast SEO plugin. -->","yoast_head_json":{"title":"Camping \u00fcber Silvester: Die besten Tipps & Stellpl\u00e4tze - TUI CAMPER","description":"Praxis-Tipps zum Silvester-Camping \u2713 Die sch\u00f6nsten Stellpl\u00e4tze \u2713 Camping \u00fcber Silvester mit Hund \u2713 Jetzt Silvester-Tour im Wohnmobil planen!","robots":{"index":"index","follow":"follow","max-snippet":"max-snippet:-1","max-image-preview":"max-image-preview:large","max-video-preview":"max-video-preview:-1"},"canonical":"https:\/\/www.tuicamper.com\/magazin\/camping-ueber-silvester\/","og_locale":"de_DE","og_type":"article","og_title":"Camping \u00fcber Silvester: Die besten Tipps & Stellpl\u00e4tze - TUI CAMPER","og_description":"Praxis-Tipps zum Silvester-Camping \u2713 Die sch\u00f6nsten Stellpl\u00e4tze \u2713 Camping \u00fcber Silvester mit Hund \u2713 Jetzt Silvester-Tour im Wohnmobil planen!","og_url":"https:\/\/www.tuicamper.com\/magazin\/camping-ueber-silvester\/","og_site_name":"TUI Camper Magazin","article_published_time":"2024-09-04T09:14:51+00:00","og_image":[{"width":1280,"height":492,"url":"https:\/\/www.tuicamper.com\/wp-docker\/wp-content\/uploads\/2024\/09\/Camping_Silvester_Feuerwerk.jpg","type":"image\/jpeg"}],"author":"Olli","twitter_card":"summary_large_image","twitter_misc":{"Verfasst von":"Olli","Gesch\u00e4tzte Lesezeit":"7\u00a0Minuten"},"schema":{"@context":"https:\/\/schema.org","@graph":[{"@type":"Article","@id":"https:\/\/www.tuicamper.com\/magazin\/camping-ueber-silvester\/#article","isPartOf":{"@id":"https:\/\/www.tuicamper.com\/magazin\/camping-ueber-silvester\/"},"author":{"name":"Olli","@id":"https:\/\/www.tuicamper.com\/wp-docker\/#\/schema\/person\/98975e733813f701672fd75ef9df8b69"},"headline":"Camping \u00fcber Silvester: Die besten Tipps &#038; Stellpl\u00e4tze","datePublished":"2024-09-04T09:14:51+00:00","mainEntityOfPage":{"@id":"https:\/\/www.tuicamper.com\/magazin\/camping-ueber-silvester\/"},"wordCount":5116,"commentCount":0,"image":{"@id":"https:\/\/www.tuicamper.com\/magazin\/camping-ueber-silvester\/#primaryimage"},"thumbnailUrl":"https:\/\/www.tuicamper.com\/wp-docker\/wp-content\/uploads\/2024\/09\/Camping_Silvester_Feuerwerk.jpg","keywords":["Buchungstipps","Deutschland","Insider-Infos","Winter"],"articleSection":["Reisezeit"],"inLanguage":"de","potentialAction":[{"@type":"CommentAction","name":"Comment","target":["https:\/\/www.tuicamper.com\/magazin\/camping-ueber-silvester\/#respond"]}]},{"@type":"WebPage","@id":"https:\/\/www.tuicamper.com\/magazin\/camping-ueber-silvester\/","url":"https:\/\/www.tuicamper.com\/magazin\/camping-ueber-silvester\/","name":"Camping \u00fcber Silvester: Die besten Tipps & Stellpl\u00e4tze - TUI CAMPER","isPartOf":{"@id":"https:\/\/www.tuicamper.com\/#website"},"primaryImageOfPage":{"@id":"https:\/\/www.tuicamper.com\/magazin\/camping-ueber-silvester\/#primaryimage"},"image":{"@id":"https:\/\/www.tuicamper.com\/magazin\/camping-ueber-silvester\/#primaryimage"},"thumbnailUrl":"https:\/\/www.tuicamper.com\/wp-content\/uploads\/2024\/09\/Camping_Silvester_Feuerwerk.jpg","datePublished":"2024-09-04T09:14:51+00:00","author":{"@id":"https:\/\/www.tuicamper.com\/#\/schema\/person\/98975e733813f701672fd75ef9df8b69"},"description":"Praxis-Tipps zum Silvester-Camping \u2713 Die sch\u00f6nsten Stellpl\u00e4tze \u2713 Camping \u00fcber Silvester mit Hund \u2713 Jetzt Silvester-Tour im Wohnmobil planen!","breadcrumb":{"@id":"https:\/\/www.tuicamper.com\/magazin\/camping-ueber-silvester\/#breadcrumb"},"inLanguage":"de","potentialAction":["Array"]},{"@type":"ImageObject","inLanguage":"de","@id":"https:\/\/www.tuicamper.com\/magazin\/camping-ueber-silvester\/#primaryimage","url":"https:\/\/www.tuicamper.com\/wp-docker\/wp-content\/uploads\/2024\/09\/Camping_Silvester_Feuerwerk.jpg","contentUrl":"https:\/\/www.tuicamper.com\/wp-docker\/wp-content\/uploads\/2024\/09\/Camping_Silvester_Feuerwerk.jpg","width":1280,"height":492},{"@type":"BreadcrumbList","@id":"https:\/\/www.tuicamper.com\/magazin\/camping-ueber-silvester\/#breadcrumb","itemListElement":[{"@type":"ListItem","position":1,"name":"Startseite","item":"https:\/\/www.tuicamper.com\/wp-docker\/"},{"@type":"ListItem","position":2,"name":"Camping \u00fcber Silvester: Die besten Tipps &#038; Stellpl\u00e4tze"}]},{"@type":"WebSite","@id":"https:\/\/www.tuicamper.com\/#website","url":"https:\/\/www.tuicamper.com\/","name":"TUI Camper Magazin","description":"","potentialAction":["Array"],"inLanguage":"de"},{"@type":"Person","@id":"https:\/\/www.tuicamper.com\/wp-docker\/#\/schema\/person\/98975e733813f701672fd75ef9df8b69","name":"Olli","image":{"@type":"ImageObject","inLanguage":"de","@id":"https:\/\/secure.gravatar.com\/avatar\/4529b17b9a4dec34d38f705f89e1db8c906d30537b64d795d775d528c07951ff?s=96&d=mm&r=g","url":"https:\/\/secure.gravatar.com\/avatar\/4529b17b9a4dec34d38f705f89e1db8c906d30537b64d795d775d528c07951ff?s=96&d=mm&r=g","contentUrl":"https:\/\/secure.gravatar.com\/avatar\/4529b17b9a4dec34d38f705f89e1db8c906d30537b64d795d775d528c07951ff?s=96&d=mm&r=g","caption":"Olli"},"url":"https:\/\/www.tuicamper.com\/wp-docker\/magazin\/author\/olli\/"}]}},"_links":{"self":[{"href":"https:\/\/www.tuicamper.com\/wp-docker\/wp-json\/wp\/v2\/posts\/85950","targetHints":{"allow":["GET"]}}],"collection":[{"href":"https:\/\/www.tuicamper.com\/wp-docker\/wp-json\/wp\/v2\/posts"}],"about":[{"href":"https:\/\/www.tuicamper.com\/wp-docker\/wp-json\/wp\/v2\/types\/post"}],"author":[{"embeddable":true,"href":"https:\/\/www.tuicamper.com\/wp-docker\/wp-json\/wp\/v2\/users\/5"}],"replies":[{"embeddable":true,"href":"https:\/\/www.tuicamper.com\/wp-docker\/wp-json\/wp\/v2\/comments?post=85950"}],"version-history":[{"count":25,"href":"https:\/\/www.tuicamper.com\/wp-docker\/wp-json\/wp\/v2\/posts\/85950\/revisions"}],"predecessor-version":[{"id":86466,"href":"https:\/\/www.tuicamper.com\/wp-docker\/wp-json\/wp\/v2\/posts\/85950\/revisions\/86466"}],"wp:featuredmedia":[{"embeddable":true,"href":"https:\/\/www.tuicamper.com\/wp-docker\/wp-json\/wp\/v2\/media\/85962"}],"wp:attachment":[{"href":"https:\/\/www.tuicamper.com\/wp-docker\/wp-json\/wp\/v2\/media?parent=85950"}],"wp:term":[{"taxonomy":"category","embeddable":true,"href":"https:\/\/www.tuicamper.com\/wp-docker\/wp-json\/wp\/v2\/categories?post=85950"},{"taxonomy":"post_tag","embeddable":true,"href":"https:\/\/www.tuicamper.com\/wp-docker\/wp-json\/wp\/v2\/tags?post=85950"}],"curies":[{"name":"wp","href":"https:\/\/api.w.org\/{rel}","templated":true}]}}