{"id":7936,"date":"2022-03-10T16:11:32","date_gmt":"2022-03-10T15:11:32","guid":{"rendered":"https:\/\/www.tuicamper.com\/?p=7936"},"modified":"2022-12-15T13:51:00","modified_gmt":"2022-12-15T12:51:00","slug":"die-deutsche-maerchenstrasse","status":"publish","type":"post","link":"https:\/\/www.tuicamper.com\/magazin\/die-deutsche-maerchenstrasse\/","title":{"rendered":"Mit dem Wohnmobil entlang der Deutschen M\u00e4rchenstra\u00dfe"},"content":{"rendered":"<div id='av_section_1'  class='avia-section av-18eu1gg-e800225a5f4e2a35a126e116991704fd main_color avia-section-default avia-no-border-styling  avia-builder-el-0  el_before_av_textblock  avia-builder-el-first  reduced-content avia-bg-style-scroll container_wrap sidebar_right'  ><div class='container av-section-cont-open' ><main  role=\"main\" itemprop=\"mainContentOfPage\"  class='template-page content  av-content-small alpha units'><div class='post-entry post-entry-type-page post-entry-7936'><div class='entry-content-wrapper clearfix'>\n\n<style type=\"text\/css\" data-created_by=\"avia_inline_auto\" id=\"style-css-av-15jy4eo-ef9fc1934449c28693eac7fb95125077\">\n.flex_column.av-15jy4eo-ef9fc1934449c28693eac7fb95125077{\nborder-radius:0px 0px 0px 0px;\npadding:0px 0px 0px 0px;\n}\n<\/style>\n<div  class='flex_column av-15jy4eo-ef9fc1934449c28693eac7fb95125077 av_one_full  avia-builder-el-1  avia-builder-el-no-sibling  first flex_column_div av-zero-column-padding  '     ><section  class='av_textblock_section av-l0l3rz63-7875ec8202ca22be9eae325c3f95fdc2 '   itemscope=\"itemscope\" itemtype=\"https:\/\/schema.org\/BlogPosting\" itemprop=\"blogPost\" ><div class='avia_textblock'  itemprop=\"text\" ><p>Stolze 600 Kilometer schl\u00e4ngelt sich die Deutsche M\u00e4rchenstra\u00dfe durch weite Teile Hessens und Niedersachsens \u2013 von Hanau, der Gebr\u00fcder Grimm Stadt, nach Bremen, Heimat der Bremer Stadtmusikanten. Dabei folgt sie den Spuren ber\u00fchmter deutscher M\u00e4rchen und f\u00fchrt durch m\u00e4rchenhafte Ortschaften, idyllische Naturlandschaften und vorbei an verwunschenen Burgen und Schl\u00f6ssern. Auf einer Camper-Tour entlang der Deutschen M\u00e4rchenstra\u00dfe warten etliche Orte darauf, entdeckt zu werden. Besonders praktisch: Die Camping-Infrastruktur ist ausgezeichnet, sodass bei jeder Etappe tolle Camping- und Stellpl\u00e4tze angesteuert werden k\u00f6nnen. Wir stellen Ihnen die Highlights der Deutschen M\u00e4rchenstra\u00dfe vor.<\/p>\n<\/div><\/section><\/div>\n<\/div><\/div><\/main><!-- close content main element --><\/div><\/div><div id='after_section_1'  class='main_color av_default_container_wrap container_wrap sidebar_right'  ><div class='container av-section-cont-open' ><div class='template-page content  av-content-small alpha units'><div class='post-entry post-entry-type-page post-entry-7936'><div class='entry-content-wrapper clearfix'>\n<section  class='av_textblock_section av-14zdlgg-b8d6ba4c1da2bdfd674ca5511c025bd6 '   itemscope=\"itemscope\" itemtype=\"https:\/\/schema.org\/BlogPosting\" itemprop=\"blogPost\" ><div class='avia_textblock'  itemprop=\"text\" >\n<\/div><\/section>\n<\/div><\/div><\/div><!-- close content main div --><\/div><\/div><div id='av_section_2'  class='avia-section av-128w2kg-04750e30f4e8e57d18d06a48cf5a0527 main_color avia-section-default avia-no-border-styling  avia-builder-el-4  el_after_av_textblock  el_before_av_section  reduced-content avia-bg-style-scroll container_wrap sidebar_right'  ><div class='container av-section-cont-open' ><div class='template-page content  av-content-small alpha units'><div class='post-entry post-entry-type-page post-entry-7936'><div class='entry-content-wrapper clearfix'>\n<section  class='av_textblock_section av-3snd68-a732d8eb8f86b70804b3abfef40a36d6 '   itemscope=\"itemscope\" itemtype=\"https:\/\/schema.org\/BlogPosting\" itemprop=\"blogPost\" ><div class='avia_textblock'  itemprop=\"text\" ><div id=\"js-table-of-contents\">\r\n    <strong>Inhaltsverzeichnis<\/strong>\r\n<\/div>\n<\/div><\/section>\n\n<\/div><\/div><\/div><!-- close content main div --><\/div><\/div><div id='av_section_3'  class='avia-section av-3m6ljk-8a2076c918e81bd428e9754ba7179c16 main_color avia-section-default avia-no-border-styling  avia-builder-el-6  el_after_av_section  el_before_av_section  reduced-content avia-bg-style-scroll container_wrap sidebar_right'  ><div class='container av-section-cont-open' ><div class='template-page content  av-content-small alpha units'><div class='post-entry post-entry-type-page post-entry-7936'><div class='entry-content-wrapper clearfix'>\n\n<style type=\"text\/css\" data-created_by=\"avia_inline_auto\" id=\"style-css-av-xd19m8-8cbf032ae36b50f379e7c612cd8959db\">\n.flex_column.av-xd19m8-8cbf032ae36b50f379e7c612cd8959db{\nborder-radius:0px 0px 0px 0px;\npadding:0px 0px 0px 0px;\n}\n<\/style>\n<div  class='flex_column av-xd19m8-8cbf032ae36b50f379e7c612cd8959db av_one_full  avia-builder-el-7  avia-builder-el-no-sibling  first flex_column_div av-zero-column-padding  '     ><section  class='av_textblock_section av-l0l3u93g-87f31929560a308550445ee50f3f31b0 '   itemscope=\"itemscope\" itemtype=\"https:\/\/schema.org\/BlogPosting\" itemprop=\"blogPost\" ><div class='avia_textblock'  itemprop=\"text\" ><h2>Nicht nur f\u00fcr M\u00e4rchen-Freunde: 10 Orte, die Sie unbedingt erkunden sollten<\/h2>\n<p>Entlang der Deutschen M\u00e4rchenstra\u00dfe gibt es viele Dutzend Orte, die es sich zu erkunden lohnt. Wir stellen Ihnen zehn der interessantesten Highlights der Ferienstra\u00dfe vor.<\/p>\n<ol>\n<li><strong>Hanau<\/strong>: Die Geburtsstadt der Gebr\u00fcder Grimm ist der Ausgangspunkt der Deutschen M\u00e4rchenstra\u00dfe. Absolute Highlights vor Ort sind die von etlichen Fachwerkh\u00e4usern gepr\u00e4gte Steinheimer Altstadt und das imposante Schloss Philippsruhe. Tipp: Von Mai bis Juli finden die Br\u00fcder Grimm Festspiele statt \u2013 ein echtes Highlight f\u00fcr M\u00e4rchen-Freunde.<\/li>\n<li><strong>Lahntal<\/strong>: Kleine Fachwerkh\u00e4uschen, die wildromantischen Lahnauen und eine imposante Kirche mit Wehrturm: Das hessische Lahntal k\u00f6nnte romantischer kaum sein. M\u00e4rchen-Fans sollten sich unbedingt auf den \u201eWichtelweg\u201c begeben, entlang dem kuriose Steinformationen mitten im Wald \u2013 die sogenannten \u201eWichtelh\u00e4user\u201c, in denen einst leibhaftige Wichtel gehaust haben sollen \u2013 bestaunt werden k\u00f6nnen.<\/li>\n<li><strong>Frankenberg (Eder)<\/strong>: Die Frankenberger Altstadt zieht Besucher mit einer au\u00dfergew\u00f6hnlich hohen Dichte an Fachwerkh\u00e4usern in den Bann. Die jahrhundertalten Wohngeb\u00e4ude werden dabei immer wieder von historischen T\u00fcrmen \u00fcberragt, die das Stadtbild ebenfalls pr\u00e4gen. Tipp: Folgen Sie dem H\u00e4nsel-und-Gretel-Radweg, sto\u00dfen Sie irgendwann auf das legend\u00e4re Hexenhaus des M\u00e4rchens.<\/li>\n<li><strong>Bad Wildungen<\/strong>: Die hessische Stadt Bad Wildungen ist reich an Sehensw\u00fcrdigkeiten. Absolute Must-see sind Europas gr\u00f6\u00dfter Kurpark, Schloss Friedrichstein, der eindrucksvolle F\u00fcrstenhof, die Stadtkirche in der malerischen Altstadt und das Schneewittchenhaus. Tipp: Am Bahnhof finden Sie einen gro\u00dfz\u00fcgigen Stellplatz vor.<\/li>\n<li><strong> M\u00fcnden<\/strong>: 700 Fachwerkh\u00e4user, die sich rund um die Weser gruppieren, pr\u00e4gen das Stadtbild von Hann. M\u00fcnden. Aber auch Wanderfreunde kommen hier voll auf ihre Kosten \u2013 etwa auf dem Frau-Holle-Pfad oder entlang des M\u00e4rchenlandwegs. Tipp: Der auf einer Flussinsel gelegene Stellplatz \u201eAm Weserstein\u201c punktet mit einem tollen Blick auf die Altstadt.<\/li>\n<li><strong>Trendelburg<\/strong>: Eine malerische Altstadt, deren verwinkelte G\u00e4sschen Besucher unwillk\u00fcrlich ins Mittelalter zur\u00fcckversetzen, von Fachwerkh\u00e4usern ges\u00e4umte Pl\u00e4tze und eine imposante Burg: Das \u00fcberschaubare Trendelburg ist eine echte Perle. Tipp: Jeden Sonntag gibt sich im Burghof niemand Geringeres als Rapunzel die Ehre. Als Stellplatz f\u00fcr die Nacht empfiehlt sich \u201eTrendulas Paradies\u201c.<\/li>\n<li><strong>Hameln<\/strong>: In Hameln wird es d\u00fcster, zumindest, was die M\u00e4rcheninhalte angeht. Die Heimat des ber\u00fchmt-ber\u00fcchtigten Rattenf\u00e4ngers von Hameln h\u00e4lt ihre M\u00e4rchentradition noch heute in Ehren. Sonntags haben Besucher die M\u00f6glichkeit, das <a href=\"https:\/\/www.hameln.de\/de\/der-rattenfaenger\/rattenfaenger-musical-rats\/\" target=\"_blank\" rel=\"noopener\">Rattenf\u00e4nger-Musical \u201eRATS\u201c<\/a> zu bestaunen.<\/li>\n<li><strong>Bad Oeynhausen<\/strong>: Das Heilbad Bad Oeynhausen ist nicht nur f\u00fcr seine Thermalquellen bekannt. Die Stadt verf\u00fcgt auch \u00fcber einen malerischen Kurpark \u2013 und bietet mit dem Deutsche M\u00e4rchen- und Wesersagenmuseum einen echten Leckerbissen f\u00fcr M\u00e4rchenfreunde.<\/li>\n<li><strong>Nienburg\/Weser<\/strong>: Die 1.000-j\u00e4hrige Stadtgeschichte ist in Nienburg omnipr\u00e4sent. Ein gem\u00fctlicher Spaziergang durch die Altstadt mit ihren Fachwerkh\u00e4usern und Renaissance-Bauwerken ist ein absolutes Muss. Zumal sich um die Altstadt etliche Sagen und Legenden ranken. Tipp: Direkt am westlichen Weserufer finden Sie einen Stellplatz mit tollem Altstadtblick!<\/li>\n<li><strong>Bremen<\/strong>: Die Deutsche M\u00e4rchenstra\u00dfe endet mit einem Feuerwerk. In Bremen sp\u00fcren Sie der Geschichte der Bremer Stadtmusikanten nach und entdecken die Stadt zwischen Tradition und Moderne. Tipp: Der Stellplatz Am Kuhhirten ist die ideale Ausgangsbasis f\u00fcr Stadterkundungen.<\/li>\n<\/ol>\n<\/div><\/section><\/div>\n\n<\/div><\/div><\/div><!-- close content main div --><\/div><\/div><div id='av_section_4'  class='avia-section av-t4daog-af615982b471bcabd2887f38ee261059 main_color avia-section-default avia-no-border-styling  avia-builder-el-9  el_after_av_section  el_before_av_section  reduced-content avia-bg-style-scroll container_wrap sidebar_right'  ><div class='container av-section-cont-open' ><div class='template-page content  av-content-small alpha units'><div class='post-entry post-entry-type-page post-entry-7936'><div class='entry-content-wrapper clearfix'>\n\n<style type=\"text\/css\" data-created_by=\"avia_inline_auto\" id=\"style-css-av-qvqrxs-21e636052d83af8074845cdf17dc4458\">\n.avia-image-container.av-qvqrxs-21e636052d83af8074845cdf17dc4458 img.avia_image{\nbox-shadow:none;\n}\n.avia-image-container.av-qvqrxs-21e636052d83af8074845cdf17dc4458 .av-caption-image-overlay-bg{\nopacity:0.4;\nbackground-color:#000000;\n}\n.avia-image-container.av-qvqrxs-21e636052d83af8074845cdf17dc4458 .av-image-caption-overlay-center{\ncolor:#ffffff;\n}\n<\/style>\n<div  class='avia-image-container av-qvqrxs-21e636052d83af8074845cdf17dc4458 av-styling- av-img-linked avia_animated_image av-animated-when-visible-95 fade-in avia-align-center  avia-builder-el-10  el_before_av_hr  avia-builder-el-first  noHover av-overlay-on-hover'   itemprop=\"image\" itemscope=\"itemscope\" itemtype=\"https:\/\/schema.org\/ImageObject\" ><div class=\"avia-image-container-inner\"><div class=\"avia-image-overlay-wrap\"><a href=\"https:\/\/www.tuicamper.com\/wp-docker\/wp-content\/uploads\/2022\/03\/bremer-stadtmusikanten-1030x686.jpg\" data-srcset=\"https:\/\/www.tuicamper.com\/wp-docker\/wp-content\/uploads\/2022\/03\/bremer-stadtmusikanten-1030x686.jpg 1030w, https:\/\/www.tuicamper.com\/wp-docker\/wp-content\/uploads\/2022\/03\/bremer-stadtmusikanten-300x200.jpg 300w, https:\/\/www.tuicamper.com\/wp-docker\/wp-content\/uploads\/2022\/03\/bremer-stadtmusikanten-768x512.jpg 768w, https:\/\/www.tuicamper.com\/wp-docker\/wp-content\/uploads\/2022\/03\/bremer-stadtmusikanten-705x470.jpg 705w, https:\/\/www.tuicamper.com\/wp-docker\/wp-content\/uploads\/2022\/03\/bremer-stadtmusikanten.jpg 1280w\" data-sizes=\"(max-width: 1030px) 100vw, 1030px\" class='avia_image '  aria-label='Bremer Stadtmusikanten'><div class=\"av-image-caption-overlay\"><div class=\"av-caption-image-overlay-bg\"><\/div><div class=\"av-image-caption-overlay-position\"><div class=\"av-image-caption-overlay-center\"><p>Bremer Stadtmusikanten<\/p>\n<\/div><\/div><\/div><img decoding=\"async\" fetchpriority=\"high\" class='wp-image-7940 avia-img-lazy-loading-not-7940 avia_image ' src=\"https:\/\/www.tuicamper.com\/wp-docker\/wp-content\/uploads\/2022\/03\/bremer-stadtmusikanten-1280x630.jpg\" alt='Bremer Stadtmusikanten' title='Bremer Stadtmusikanten'  height=\"630\" width=\"1280\"  itemprop=\"thumbnailUrl\"  \/><\/a><\/div><\/div><\/div>\n\n<style type=\"text\/css\" data-created_by=\"avia_inline_auto\" id=\"style-css-av-q7rv4g-9e59c3d828a31d9b2e100d39512357bc\">\n#top .hr.hr-invisible.av-q7rv4g-9e59c3d828a31d9b2e100d39512357bc{\nheight:25px;\n}\n<\/style>\n<div  class='hr av-q7rv4g-9e59c3d828a31d9b2e100d39512357bc hr-invisible  avia-builder-el-11  el_after_av_image  avia-builder-el-last '><span class='hr-inner '><span class=\"hr-inner-style\"><\/span><\/span><\/div>\n\n<\/div><\/div><\/div><!-- close content main div --><\/div><\/div><div id='av_section_5'  class='avia-section av-av_section-04e052d40f5084a42c25f6afc19e68dd main_color avia-section-default avia-no-border-styling  avia-builder-el-12  el_after_av_section  el_before_av_section  magazine-slider-section fullwidth_section avia-bg-style-scroll container_wrap sidebar_right'  ><div class='container av-section-cont-open' ><div class='template-page content  av-content-small alpha units'><div class='post-entry post-entry-type-page post-entry-7936'><div class='entry-content-wrapper clearfix'>\n\n<style type=\"text\/css\" data-created_by=\"avia_inline_auto\" id=\"style-css-av-av_one_full-53b0b300fb3685750664fb085c5ad19d\">\n.flex_column.av-av_one_full-53b0b300fb3685750664fb085c5ad19d{\nborder-radius:0px 0px 0px 0px;\npadding:0px 0px 0px 0px;\n}\n<\/style>\n<div  class='flex_column av-av_one_full-53b0b300fb3685750664fb085c5ad19d av_one_full  avia-builder-el-13  avia-builder-el-no-sibling  first flex_column_div av-zero-column-padding  '     ><section  class='av_textblock_section av-av_textblock-32af9c344aeda5838e62bcf702809feb '   itemscope=\"itemscope\" itemtype=\"https:\/\/schema.org\/BlogPosting\" itemprop=\"blogPost\" ><div class='avia_textblock'  itemprop=\"text\" ><div class=\"flex_column av_three_fourth flex_column_div av-zero-column-padding first el_before_av_one_fourth avia-builder-el-first headline-section\">\r\n    <section class=\"av_textblock_section \" itemscope=\"itemscope\"\r\n             itemtype=\"https:\/\/schema.org\/CreativeWork\">\r\n                    <div class=\"avia_textblock\" itemprop=\"text\">\r\n                                    Aus dem TUI Camper Magazin:<br>\r\n                                Spannende Artikel \u00fcber Deutschland            <\/div>\r\n            <\/section>\r\n<\/div>\r\n<div class=\"flex_column av_one_fourth flex_column_div av-zero-column-padding el_after_av_three_fourth el_before_av_feature_image_slider avia-builder-el-last logo-section\">\r\n    <div class=\"avia-image-container avia-builder-el-no-sibling avia-align-center\"\r\n         itemprop=\"image\" itemscope=\"itemscope\" itemtype=\"https:\/\/schema.org\/ImageObject\">\r\n        <div class=\"avia-image-container-inner\">\r\n            <div class=\"avia-image-overlay-wrap\">\r\n                <a href=\"\/magazin\/\">\r\n                    <img decoding=\"async\" class=\"wp-image-3099 avia-img-lazy-loading-not-3099 avia_image\"\r\n                         src=\"\/wp-docker\/wp-content\/themes\/tuicamper_enfold\/assets\/img\/logo_350-135.png\"\r\n                         alt=\"TUI Camper Magazin\" height=\"69\" width=\"150\"\r\n                         itemprop=\"thumbnailUrl\">\r\n                <\/a>\r\n            <\/div>\r\n        <\/div>\r\n    <\/div>\r\n<\/div>\r\n<div class=\"flex_column av_one_full flex_column_div av-zero-column-padding first el_before_av_textblock avia-builder-el-first\"\r\n     style=\"border-radius:0px;\">\r\n    <div class=\"carousel\">\r\n                    <div class=\"carousel-cell\">\r\n                <a href=\"https:\/\/www.tuicamper.com\/magazin\/camping-im-europa-park-rust\/\">\r\n                    <div class=\"img-container\" style=\"background-image: url('https:\/\/www.tuicamper.com\/wp-docker\/wp-content\/uploads\/2025\/03\/camping-europa-park-header.jpg');\"><\/div>\r\n                    <p>Camping im Europa-Park: Mit dem Wohnmobil zum Freizeitpark der Superlative <span class=\"dashicons dashicons-arrow-right-alt2\"><\/span><\/p>\r\n                <\/a>\r\n            <\/div>\r\n                    <div class=\"carousel-cell\">\r\n                <a href=\"https:\/\/www.tuicamper.com\/magazin\/camping-ohne-kinder-tipps-und-campingplaetze\/\">\r\n                    <div class=\"img-container\" style=\"background-image: url('https:\/\/www.tuicamper.com\/wp-docker\/wp-content\/uploads\/2025\/10\/camping-ohne-kinder-header.jpg');\"><\/div>\r\n                    <p>Camping ohne Kinder? M\u00f6glichkeiten, Tipps und Campingpl\u00e4tze <span class=\"dashicons dashicons-arrow-right-alt2\"><\/span><\/p>\r\n                <\/a>\r\n            <\/div>\r\n                    <div class=\"carousel-cell\">\r\n                <a href=\"https:\/\/www.tuicamper.com\/magazin\/ferienstrassen-deutschland\/\">\r\n                    <div class=\"img-container\" style=\"background-image: url('https:\/\/www.tuicamper.com\/wp-docker\/wp-content\/uploads\/2024\/02\/ferienstrasse-deutschland-schloss-neuschwanstein.jpg');\"><\/div>\r\n                    <p>Die 20 sch\u00f6nsten Ferienstra\u00dfen Deutschlands <span class=\"dashicons dashicons-arrow-right-alt2\"><\/span><\/p>\r\n                <\/a>\r\n            <\/div>\r\n                    <div class=\"carousel-cell\">\r\n                <a href=\"https:\/\/www.tuicamper.com\/magazin\/deutsche-burgenstrasse\/\">\r\n                    <div class=\"img-container\" style=\"background-image: url('https:\/\/www.tuicamper.com\/wp-docker\/wp-content\/uploads\/2019\/05\/burgenstrasse.jpg');\"><\/div>\r\n                    <p>Die Burgenstra\u00dfe: Vorbei an Burgen, Schl\u00f6ssern &#038; historischen Altst\u00e4dten <span class=\"dashicons dashicons-arrow-right-alt2\"><\/span><\/p>\r\n                <\/a>\r\n            <\/div>\r\n                    <div class=\"carousel-cell\">\r\n                <a href=\"https:\/\/www.tuicamper.com\/magazin\/muenchen-sehenswuerdigkeiten\/\">\r\n                    <div class=\"img-container\" style=\"background-image: url('https:\/\/www.tuicamper.com\/wp-docker\/wp-content\/uploads\/2025\/09\/muenchen-sehenswuerdigkeiten-header.jpg');\"><\/div>\r\n                    <p>M\u00fcnchen Sehensw\u00fcrdigkeiten: Die sch\u00f6nsten Highlights, Campingpl\u00e4tze &#038; Tipps <span class=\"dashicons dashicons-arrow-right-alt2\"><\/span><\/p>\r\n                <\/a>\r\n            <\/div>\r\n                    <div class=\"carousel-cell\">\r\n                <a href=\"https:\/\/www.tuicamper.com\/magazin\/camping-sauerland\/\">\r\n                    <div class=\"img-container\" style=\"background-image: url('https:\/\/www.tuicamper.com\/wp-docker\/wp-content\/uploads\/2024\/10\/Sauerland_Camping.jpg');\"><\/div>\r\n                    <p>Camping Sauerland: Tipps, Infos &#038; Campingpl\u00e4tze <span class=\"dashicons dashicons-arrow-right-alt2\"><\/span><\/p>\r\n                <\/a>\r\n            <\/div>\r\n            <\/div>\r\n<\/div>\n<\/div><\/section><\/div>\n\n<div id='av_section_6'  class='avia-section av-w4prcg-1cdb2cdfe805435ed42d7346bc1f5f08 main_color avia-section-default avia-no-border-styling  avia-builder-el-0  el_before_av_textblock  avia-builder-el-first  reduced-content avia-bg-style-scroll container_wrap sidebar_right'  ><div class='container av-section-cont-open' ><main  role=\"main\" itemprop=\"mainContentOfPage\"  class='template-page content  av-content-small alpha units'><div class='post-entry post-entry-type-page post-entry-7936'><div class='entry-content-wrapper clearfix'>\n\n<style type=\"text\/css\" data-created_by=\"avia_inline_auto\" id=\"style-css-av-34oo2o-2c53a105dde87964def9c8b0b72d1017\">\n.flex_column.av-34oo2o-2c53a105dde87964def9c8b0b72d1017{\nborder-radius:0px 0px 0px 0px;\npadding:0px 0px 0px 0px;\n}\n<\/style>\n<div  class='flex_column av-34oo2o-2c53a105dde87964def9c8b0b72d1017 av_one_full  avia-builder-el-1  avia-builder-el-no-sibling  first flex_column_div av-zero-column-padding  '     ><section  class='av_textblock_section av-l0l3vdey-3c5cbfde7d06cd383b2c0ee70c6c57fd '   itemscope=\"itemscope\" itemtype=\"https:\/\/schema.org\/BlogPosting\" itemprop=\"blogPost\" ><div class='avia_textblock'  itemprop=\"text\" ><h2>Wahrhaft m\u00e4rchenhaft: Verwunschene M\u00e4rchenschl\u00f6sser, sagenhafte Museen<\/h2>\n<p>F\u00fcr eingefleischte M\u00e4rchenliebhaber warten die St\u00e4dte und D\u00f6rfer entlang der M\u00e4rchenstra\u00dfe mit einigen ganz besonderen Leckerbissen auf. Unbedingt einplanen sollten Sie einen Besuch der folgenden Schl\u00f6sser und Museen:<\/p>\n<ul>\n<li><strong>Alsfelder M\u00e4rchenhaus<\/strong>: Im Fachwerkhaus aus dem 17. Jahrhundert dreht sich alles um die M\u00e4rchen der Br\u00fcder Grimm.<\/li>\n<li><strong>Grimmwelt Kassel<\/strong>: Mit modernsten technischen Methoden erwacht die faszinierende M\u00e4rchenwelt der Br\u00fcder Grimm zum Leben.<\/li>\n<li><strong>Schneewitchenhaus Bad Wildungen<\/strong>: Thematisiert nicht nur das gleichnamige M\u00e4rchen, sondern widmet sich auch der Bergmannsgeschichte der Stadt.<\/li>\n<li><strong>Sababurg<\/strong>: Das m\u00e4rchenhafte \u201eDornr\u00f6schenschloss\u201c liegt mitten im sagenumwobenen Reinhardswald.<\/li>\n<li><strong>Schloss Steinau<\/strong>: \u00dcberaus imposant ist auch das Schloss Steinau, das in seinen Museumsr\u00e4umen eine h\u00f6chst interessante Grimm-Ausstellung beherbergt.<\/li>\n<li><strong>Frau-Holle-Museum Lichtenau<\/strong>: Das Museum zeigt die vier Welten der Frau Holle, eine der ber\u00fchmtesten M\u00e4rchengestalten des Landes.<\/li>\n<li><strong>Museum Hameln<\/strong>: Tauchen Sie ein in die Geschichte des Rattenf\u00e4ngers von Hameln und begeben Sie sich auf die Spur der historischen Hintergr\u00fcnde des M\u00e4rchens.<\/li>\n<li><strong>L\u00f6wenburg Kassel<\/strong>: Bestaunen Sie die inmitten des UNESCO-Welterbes Bergpark Wilhelmsh\u00f6he gelegene L\u00f6wenburg.<\/li>\n<\/ul>\n<\/div><\/section><\/div>\n<\/div><\/div><\/main><!-- close content main element --><\/div><\/div><div id='after_section_6'  class='main_color av_default_container_wrap container_wrap sidebar_right'  ><div class='container av-section-cont-open' ><div class='template-page content  av-content-small alpha units'><div class='post-entry post-entry-type-page post-entry-7936'><div class='entry-content-wrapper clearfix'>\n\n<style type=\"text\/css\" data-created_by=\"avia_inline_auto\" id=\"style-css-av-b0axio-1c1e3601f03149d08845af9a6eabd2dd\">\n.flex_column.av-b0axio-1c1e3601f03149d08845af9a6eabd2dd{\nborder-radius:0px 0px 0px 0px;\npadding:0px 0px 0px 0px;\n}\n<\/style>\n<div  class='flex_column av-b0axio-1c1e3601f03149d08845af9a6eabd2dd av_one_full first flex_column_div av-zero-column-padding  '     ><section  class='av_textblock_section av-8x2634-2d99a3b7a7652e302ae6572647709af8 '   itemscope=\"itemscope\" itemtype=\"https:\/\/schema.org\/BlogPosting\" itemprop=\"blogPost\" ><div class='avia_textblock'  itemprop=\"text\" >\r\n<div style=\"clear: both;\"><\/div>\r\n<div class=\"post-breaker-item breaker-type-default\">\r\n    <div class=\"post-breaker-item-inner\">\r\n                    <section  class='av_textblock_section av-jtpksizx-164f13b3c3c3c77f29161827e20b76e7 '   itemscope=\"itemscope\" itemtype=\"https:\/\/schema.org\/BlogPosting\" itemprop=\"blogPost\" ><div class='avia_textblock'  itemprop=\"text\" ><h3>\u2013 Auch interessant \u2013<\/h3>\n<\/div><\/section>\n\n<style type=\"text\/css\" data-created_by=\"avia_inline_auto\" id=\"style-css-av-ehyb5-42286bbb62f5c947921c50b729609f1d\">\n.flex_column.av-ehyb5-42286bbb62f5c947921c50b729609f1d{\nborder-radius:0px 0px 0px 0px;\npadding:0px 0px 0px 0px;\n}\n<\/style>\n<div  class='flex_column av-ehyb5-42286bbb62f5c947921c50b729609f1d av_one_third first flex_column_div av-zero-column-padding  '     ><p>\n<style type=\"text\/css\" data-created_by=\"avia_inline_auto\" id=\"style-css-av-jt75ko0n-ffee6827062e7756e889cff91f9ff09f\">\n.avia-image-container.av-jt75ko0n-ffee6827062e7756e889cff91f9ff09f img.avia_image{\nbox-shadow:none;\n}\n.avia-image-container.av-jt75ko0n-ffee6827062e7756e889cff91f9ff09f .av-image-caption-overlay-center{\ncolor:#ffffff;\n}\n<\/style>\n<div  class='avia-image-container av-jt75ko0n-ffee6827062e7756e889cff91f9ff09f av-styling-no-styling av-hover-grow av-hide-overflow av-img-linked avia_animated_image av-animated-when-visible-95 fade-in avia-align-left'   itemprop=\"image\" itemscope=\"itemscope\" itemtype=\"https:\/\/schema.org\/ImageObject\" ><div class=\"avia-image-container-inner\"><div class=\"avia-image-overlay-wrap\"><a href=\"https:\/\/www.tuicamper.com\/magazin\/harz-urlaub-im-wohnmobil\/\" class='avia_image '  aria-label='Harz Urlaub'><img decoding=\"async\" fetchpriority=\"high\" class='wp-image-2179 avia-img-lazy-loading-not-2179 avia_image ' src=\"https:\/\/www.tuicamper.com\/wp-docker\/wp-content\/uploads\/2019\/04\/harz-urlaub-teaser.jpg\" alt='Harz Urlaub' title='Harz Urlaub'  height=\"200\" width=\"350\"  itemprop=\"thumbnailUrl\" srcset=\"https:\/\/www.tuicamper.com\/wp-docker\/wp-content\/uploads\/2019\/04\/harz-urlaub-teaser.jpg 350w, https:\/\/www.tuicamper.com\/wp-docker\/wp-content\/uploads\/2019\/04\/harz-urlaub-teaser-300x171.jpg 300w\" sizes=\"(max-width: 350px) 100vw, 350px\" \/><\/a><\/div><\/div><\/div><br \/>\n<section  class='av_textblock_section av-jt75lbqb-0e28abd88dd346ceab05488c61a808ca '   itemscope=\"itemscope\" itemtype=\"https:\/\/schema.org\/BlogPosting\" itemprop=\"blogPost\" ><div class='avia_textblock'  itemprop=\"text\" ><p style=\"text-align: left;\"><strong><a href=\"https:\/\/www.tuicamper.com\/magazin\/harz-urlaub-im-wohnmobil\/\">Harz-Urlaub im Wohnmobil: Sehensw\u00fcrdigkeiten, Camping &amp; Ausflugsziele<\/a><\/strong><\/p>\n<\/div><\/section><\/p><\/div>\n\n<style type=\"text\/css\" data-created_by=\"avia_inline_auto\" id=\"style-css-av-ehyb5-8fadcff6392c44a3fc98dc4b014d4246\">\n.flex_column.av-ehyb5-8fadcff6392c44a3fc98dc4b014d4246{\nborder-radius:0px 0px 0px 0px;\npadding:0px 0px 0px 0px;\n}\n<\/style>\n<div  class='flex_column av-ehyb5-8fadcff6392c44a3fc98dc4b014d4246 av_one_third flex_column_div av-zero-column-padding  '     ><p>\n<style type=\"text\/css\" data-created_by=\"avia_inline_auto\" id=\"style-css-av-jt75ko0n-41eff700c0bab3736f809dc0fe5be0c0\">\n.avia-image-container.av-jt75ko0n-41eff700c0bab3736f809dc0fe5be0c0 img.avia_image{\nbox-shadow:none;\n}\n.avia-image-container.av-jt75ko0n-41eff700c0bab3736f809dc0fe5be0c0 .av-image-caption-overlay-center{\ncolor:#ffffff;\n}\n<\/style>\n<div  class='avia-image-container av-jt75ko0n-41eff700c0bab3736f809dc0fe5be0c0 av-styling-no-styling av-hover-grow av-hide-overflow av-img-linked avia_animated_image av-animated-when-visible-95 fade-in avia-align-left'   itemprop=\"image\" itemscope=\"itemscope\" itemtype=\"https:\/\/schema.org\/ImageObject\" ><div class=\"avia-image-container-inner\"><div class=\"avia-image-overlay-wrap\"><a href=\"https:\/\/www.tuicamper.com\/magazin\/allgaeu-urlaub-mit-dem-wohnmobil\/\" class='avia_image '  aria-label='Allg\u00e4u Urlaub'><img decoding=\"async\" fetchpriority=\"high\" class='wp-image-570 avia-img-lazy-loading-not-570 avia_image ' src=\"https:\/\/www.tuicamper.com\/wp-docker\/wp-content\/uploads\/2019\/03\/allgaeu-urlaub-teaser.jpg\" alt='Allg\u00e4u Urlaub' title='Allg\u00e4u Urlaub'  height=\"200\" width=\"350\"  itemprop=\"thumbnailUrl\" srcset=\"https:\/\/www.tuicamper.com\/wp-docker\/wp-content\/uploads\/2019\/03\/allgaeu-urlaub-teaser.jpg 350w, https:\/\/www.tuicamper.com\/wp-docker\/wp-content\/uploads\/2019\/03\/allgaeu-urlaub-teaser-300x171.jpg 300w\" sizes=\"(max-width: 350px) 100vw, 350px\" \/><\/a><\/div><\/div><\/div><br \/>\n<section  class='av_textblock_section av-jt75lbqb-bba29013bb6610b0762c56b6a5ae7819 '   itemscope=\"itemscope\" itemtype=\"https:\/\/schema.org\/BlogPosting\" itemprop=\"blogPost\" ><div class='avia_textblock'  itemprop=\"text\" ><p style=\"text-align: left;\"><strong><a href=\"https:\/\/www.tuicamper.com\/magazin\/allgaeu-urlaub-mit-dem-wohnmobil\/\">Allg\u00e4u-Urlaub mit dem Wohnmobil: Highlights, Camping &amp; Ausflugstipps<\/a><\/strong><\/p>\n<\/div><\/section><\/p><\/div>\n\n<style type=\"text\/css\" data-created_by=\"avia_inline_auto\" id=\"style-css-av-ehyb5-8fadcff6392c44a3fc98dc4b014d4246\">\n.flex_column.av-ehyb5-8fadcff6392c44a3fc98dc4b014d4246{\nborder-radius:0px 0px 0px 0px;\npadding:0px 0px 0px 0px;\n}\n<\/style>\n<div  class='flex_column av-ehyb5-8fadcff6392c44a3fc98dc4b014d4246 av_one_third flex_column_div av-zero-column-padding  '     ><p>\n<style type=\"text\/css\" data-created_by=\"avia_inline_auto\" id=\"style-css-av-jt75ko0n-54ee3735799361767573f1d93d31b7c7\">\n.avia-image-container.av-jt75ko0n-54ee3735799361767573f1d93d31b7c7 img.avia_image{\nbox-shadow:none;\n}\n.avia-image-container.av-jt75ko0n-54ee3735799361767573f1d93d31b7c7 .av-image-caption-overlay-center{\ncolor:#ffffff;\n}\n<\/style>\n<div  class='avia-image-container av-jt75ko0n-54ee3735799361767573f1d93d31b7c7 av-styling-no-styling av-hover-grow av-hide-overflow av-img-linked avia_animated_image av-animated-when-visible-95 fade-in avia-align-left'   itemprop=\"image\" itemscope=\"itemscope\" itemtype=\"https:\/\/schema.org\/ImageObject\" ><div class=\"avia-image-container-inner\"><div class=\"avia-image-overlay-wrap\"><a href=\"https:\/\/www.tuicamper.com\/magazin\/wohnmobil-daenemark\/\" class='avia_image '  aria-label='Wohnmobil D\u00e4nemark'><img decoding=\"async\" fetchpriority=\"high\" class='wp-image-1739 avia-img-lazy-loading-not-1739 avia_image ' src=\"https:\/\/www.tuicamper.com\/wp-docker\/wp-content\/uploads\/2019\/04\/wohnmobil-daenemark-teaser.jpg\" alt='Wohnmobil D\u00e4nemark' title='Wohnmobil D\u00e4nemark'  height=\"200\" width=\"350\"  itemprop=\"thumbnailUrl\" srcset=\"https:\/\/www.tuicamper.com\/wp-docker\/wp-content\/uploads\/2019\/04\/wohnmobil-daenemark-teaser.jpg 350w, https:\/\/www.tuicamper.com\/wp-docker\/wp-content\/uploads\/2019\/04\/wohnmobil-daenemark-teaser-300x171.jpg 300w\" sizes=\"(max-width: 350px) 100vw, 350px\" \/><\/a><\/div><\/div><\/div><br \/>\n<section  class='av_textblock_section av-jt75lbqb-bba29013bb6610b0762c56b6a5ae7819 '   itemscope=\"itemscope\" itemtype=\"https:\/\/schema.org\/BlogPosting\" itemprop=\"blogPost\" ><div class='avia_textblock'  itemprop=\"text\" ><p style=\"text-align: left;\"><strong><a href=\"https:\/\/www.tuicamper.com\/magazin\/wohnmobil-daenemark\/\">Wohnmobil D\u00e4nemark \u2013 Die sch\u00f6nsten Touren &amp; Highlights<\/a><\/strong><\/p>\n<\/div><\/section><\/p><\/div>\n            <div style=\"clear: both;\"><\/div>\r\n            <\/div>\r\n<\/div>\r\n\n<\/div><\/section><\/div>\n<\/div><\/div><\/div><!-- close content main div --><\/div><\/div><div id='av_section_7'  class='avia-section av-ncmy00-19c742dae07ee7e73ff7a24c08ea5afa main_color avia-section-default avia-no-border-styling  avia-builder-el-4  el_after_av_textblock  el_before_av_section  reduced-content avia-bg-style-scroll container_wrap sidebar_right'  ><div class='container av-section-cont-open' ><div class='template-page content  av-content-small alpha units'><div class='post-entry post-entry-type-page post-entry-7936'><div class='entry-content-wrapper clearfix'>\n\n<style type=\"text\/css\" data-created_by=\"avia_inline_auto\" id=\"style-css-av-27wbsg-a90503762087df978b8cfa2022354b71\">\n.flex_column.av-27wbsg-a90503762087df978b8cfa2022354b71{\nborder-radius:0px 0px 0px 0px;\npadding:0px 0px 0px 0px;\n}\n<\/style>\n<div  class='flex_column av-27wbsg-a90503762087df978b8cfa2022354b71 av_one_full first flex_column_div av-zero-column-padding  '     ><section  class='av_textblock_section av-l0l3vvev-8e78b549b05f069b2a638fca3b2a30f8 '   itemscope=\"itemscope\" itemtype=\"https:\/\/schema.org\/BlogPosting\" itemprop=\"blogPost\" ><div class='avia_textblock'  itemprop=\"text\" ><h2>Zauberhafte Naturparadiese<\/h2>\n<p>Die Deutsche M\u00e4rchenstra\u00dfe punktet nicht nur mit malerischen Ortschaften und higlightreichen St\u00e4dtchen, sondern vereint auch einige der sch\u00f6nsten Naturlandschaften des Landes miteinander. Bestes Beispiel: der Geo-Naturpark Frau-Holle-Land. In der sanften Landschaft befinden sich zahlreiche Orte, die mit dem Frau-Holle-M\u00e4rchen verkn\u00fcpft sind. So etwa der Frau-Holle-Teich, der einst auch die Br\u00fcder Grimm inspiriert haben soll. Tipp: Ein ganz besonderes Naturschauspiel ist die Mohnbl\u00fcte in Germerode, wo sich unz\u00e4hlige pinkfarbene Mohnfelder bis zum Horizont erstrecken.<\/p>\n<p>Bemerkenswert sind auch die Wolkenbr\u00fcche von Trendelburg. Die durch Erdf\u00e4lle entstandenen Einsturztrichter sind heute als Geotop ausgewiesen und werden von eigenartig miteinander verwachsenen B\u00e4umen und \u00fcppiger Vegetation umgeben \u2013 ein Anblick wie aus dem M\u00e4rchenbuch.<\/p>\n<p>Absolut idyllisch pr\u00e4sentiert sich dagegen der Werratalsee. Badebuchten mit tollen Sandstr\u00e4nden, Wassersportm\u00f6glichkeiten, Spielpl\u00e4tze und Rundwege bieten viel Abwechslung f\u00fcr Gro\u00df und Klein. Tipp: Der Campingplatz KNAUS Campingpark Eschwege befindet sich direkt am Seeufer.<\/p>\n<\/div><\/section><\/div>\n\n<\/div><\/div><\/div><!-- close content main div --><\/div><\/div><div id='av_section_8'  class='avia-section av-kh13b4-355967ec74ef3a2c7ae082ac6aee9a71 main_color avia-section-default avia-no-border-styling  avia-builder-el-6  el_after_av_section  el_before_av_section  reduced-content avia-bg-style-scroll container_wrap sidebar_right'  ><div class='container av-section-cont-open' ><div class='template-page content  av-content-small alpha units'><div class='post-entry post-entry-type-page post-entry-7936'><div class='entry-content-wrapper clearfix'>\n\n<style type=\"text\/css\" data-created_by=\"avia_inline_auto\" id=\"style-css-av-ie6ouo-85349fe861bb383014a81f92dabbc4c2\">\n.avia-image-container.av-ie6ouo-85349fe861bb383014a81f92dabbc4c2 img.avia_image{\nbox-shadow:none;\n}\n.avia-image-container.av-ie6ouo-85349fe861bb383014a81f92dabbc4c2 .av-caption-image-overlay-bg{\nopacity:0.4;\nbackground-color:#000000;\n}\n.avia-image-container.av-ie6ouo-85349fe861bb383014a81f92dabbc4c2 .av-image-caption-overlay-center{\ncolor:#ffffff;\n}\n<\/style>\n<div  class='avia-image-container av-ie6ouo-85349fe861bb383014a81f92dabbc4c2 av-styling- av-img-linked avia_animated_image av-animated-when-visible-95 fade-in avia-align-center noHover av-overlay-on-hover'   itemprop=\"image\" itemscope=\"itemscope\" itemtype=\"https:\/\/schema.org\/ImageObject\" ><div class=\"avia-image-container-inner\"><div class=\"avia-image-overlay-wrap\"><a href=\"https:\/\/www.tuicamper.com\/wp-docker\/wp-content\/uploads\/2022\/03\/kirche-werra-1030x773.jpg\" data-srcset=\"https:\/\/www.tuicamper.com\/wp-docker\/wp-content\/uploads\/2022\/03\/kirche-werra-1030x773.jpg 1030w, https:\/\/www.tuicamper.com\/wp-docker\/wp-content\/uploads\/2022\/03\/kirche-werra-300x225.jpg 300w, https:\/\/www.tuicamper.com\/wp-docker\/wp-content\/uploads\/2022\/03\/kirche-werra-768x576.jpg 768w, https:\/\/www.tuicamper.com\/wp-docker\/wp-content\/uploads\/2022\/03\/kirche-werra-705x529.jpg 705w, https:\/\/www.tuicamper.com\/wp-docker\/wp-content\/uploads\/2022\/03\/kirche-werra.jpg 1280w\" data-sizes=\"(max-width: 1030px) 100vw, 1030px\" class='avia_image '  aria-label='Kirche an der Werra'><div class=\"av-image-caption-overlay\"><div class=\"av-caption-image-overlay-bg\"><\/div><div class=\"av-image-caption-overlay-position\"><div class=\"av-image-caption-overlay-center\"><p>Kirche an der Werra<\/p>\n<\/div><\/div><\/div><img decoding=\"async\" fetchpriority=\"high\" class='wp-image-7942 avia-img-lazy-loading-not-7942 avia_image ' src=\"https:\/\/www.tuicamper.com\/wp-docker\/wp-content\/uploads\/2022\/03\/kirche-werra-1280x630.jpg\" alt='Kirche an der Werra' title='Kirche an der Werra'  height=\"630\" width=\"1280\"  itemprop=\"thumbnailUrl\"  \/><\/a><\/div><\/div><\/div>\n\n<style type=\"text\/css\" data-created_by=\"avia_inline_auto\" id=\"style-css-av-hyxcm8-743783e441cdaa7f62bf17ba3d96067e\">\n#top .hr.hr-invisible.av-hyxcm8-743783e441cdaa7f62bf17ba3d96067e{\nheight:25px;\n}\n<\/style>\n<div  class='hr av-hyxcm8-743783e441cdaa7f62bf17ba3d96067e hr-invisible'><span class='hr-inner '><span class=\"hr-inner-style\"><\/span><\/span><\/div>\n\n<\/div><\/div><\/div><!-- close content main div --><\/div><\/div><div id='av_section_9'  class='avia-section av-75mnao-bf6592429595570a59c8d037e0e39d10 main_color avia-section-default avia-no-border-styling  reduced-content avia-bg-style-scroll container_wrap sidebar_right'  ><div class='container av-section-cont-open' ><div class='template-page content  av-content-small alpha units'><div class='post-entry post-entry-type-page post-entry-7936'><div class='entry-content-wrapper clearfix'>\n<div  class='avia-button-wrap av-69fiwg-b99995002ae6464fe051e02f44b45796-wrap avia-button-center '><a href='https:\/\/www.tuicamper.com\/reiseziele\/europa\/deutschland\/'  class='avia-button av-69fiwg-b99995002ae6464fe051e02f44b45796 av-link-btn avia-icon_select-yes-right-icon avia-size-large avia-position-center avia-color-theme-color'   aria-label=\"Jetzt Wohnmobil mieten f\u00fcr Deutschland\"><span class='avia_iconbox_title' >Jetzt Wohnmobil mieten f\u00fcr Deutschland<\/span><span class='avia_button_icon avia_button_icon_right avia-iconfont avia-font-entypo-fontello' data-av_icon='\ue875' data-av_iconfont='entypo-fontello' ><\/span><\/a><\/div>\n\n<style type=\"text\/css\" data-created_by=\"avia_inline_auto\" id=\"style-css-av-4qtfkw-6691ab51ed7a777843caeaed75f3deec\">\n.flex_column.av-4qtfkw-6691ab51ed7a777843caeaed75f3deec{\nborder-radius:0px 0px 0px 0px;\npadding:0px 0px 0px 0px;\n}\n<\/style>\n<div  class='flex_column av-4qtfkw-6691ab51ed7a777843caeaed75f3deec av_one_full  avia-builder-el-7  avia-builder-el-no-sibling  first flex_column_div av-zero-column-padding  '     ><style type=\"text\/css\" data-created_by=\"avia_inline_auto\" id=\"style-css-av-l0l3wkhn-1f0fb0eb724b0357872f36a0ad3d73bd\">\n#top .av_textblock_section.av-l0l3wkhn-1f0fb0eb724b0357872f36a0ad3d73bd .avia_textblock{\nfont-size:28px;\n}\n<\/style>\n<section  class='av_textblock_section av-l0l3wkhn-1f0fb0eb724b0357872f36a0ad3d73bd '   itemscope=\"itemscope\" itemtype=\"https:\/\/schema.org\/BlogPosting\" itemprop=\"blogPost\" ><div class='avia_textblock'  itemprop=\"text\" ><p><strong>Ihr TUI CAMPER-Team w\u00fcnscht Ihnen einen m\u00e4rchenhaften Wohnmobil-Urlaub! <\/strong><\/p>\n<\/div><\/section><\/div><div  class='av-social-sharing-box av-2lcxs0-e9a58cf9b51dcdb9778eaaa20dc77fcd av-social-sharing-box-default av-social-sharing-box-fullwidth'><div class=\"av-share-box\"><ul class=\"av-share-box-list noLightbox\"><li class='av-share-link av-social-link-facebook avia_social_iconfont' ><a target=\"_blank\" aria-label=\"Teilen auf Facebook\" href='https:\/\/www.facebook.com\/sharer.php?u=https:\/\/www.tuicamper.com\/magazin\/camping-sauerland\/&#038;t=Camping%20Sauerland%3A%20Tipps%2C%20Infos%20%26%20Campingpl%C3%A4tze' data-av_icon='\ue8f3' data-av_iconfont='entypo-fontello'  title='' data-avia-related-tooltip='Teilen auf Facebook'><span class='avia_hidden_link_text'>Teilen auf Facebook<\/span><\/a><\/li><li class='av-share-link av-social-link-twitter avia_social_iconfont' ><a target=\"_blank\" aria-label=\"Teilen auf X\" href='https:\/\/twitter.com\/share?text=Camping%20Sauerland%3A%20Tipps%2C%20Infos%20%26%20Campingpl%C3%A4tze&#038;url=https:\/\/www.tuicamper.com\/magazin\/camping-sauerland\/' data-av_icon='\ue932' data-av_iconfont='entypo-fontello'  title='' data-avia-related-tooltip='Teilen auf X'><span class='avia_hidden_link_text'>Teilen auf X<\/span><\/a><\/li><li class='av-share-link av-social-link-whatsapp avia_social_iconfont' ><a target=\"_blank\" aria-label=\"Teilen auf WhatsApp\" href='https:\/\/api.whatsapp.com\/send?text=https:\/\/www.tuicamper.com\/magazin\/camping-sauerland\/' data-av_icon='\uf232' data-av_iconfont='entypo-fontello'  title='' data-avia-related-tooltip='Teilen auf WhatsApp'><span class='avia_hidden_link_text'>Teilen auf WhatsApp<\/span><\/a><\/li><li class='av-share-link av-social-link-pinterest avia_social_iconfont' ><a target=\"_blank\" aria-label=\"Teilen auf Pinterest\" href='https:\/\/pinterest.com\/pin\/create\/button\/?url=https%3A%2F%2Fwww.tuicamper.com%2Fmagazin%2Fcamping-sauerland%2F&#038;description=Camping%20Sauerland%3A%20Tipps%2C%20Infos%20%26%20Campingpl%C3%A4tze&#038;media=https%3A%2F%2Fwww.tuicamper.com%2Fwp-docker%2Fwp-content%2Fuploads%2F2024%2F10%2FSauerland_Camping-705x271.jpg' data-av_icon='\ue8f8' data-av_iconfont='entypo-fontello'  title='' data-avia-related-tooltip='Teilen auf Pinterest'><span class='avia_hidden_link_text'>Teilen auf Pinterest<\/span><\/a><\/li><li class='av-share-link av-social-link-mail avia_social_iconfont' ><a  aria-label=\"Per E-Mail teilen\" href='mailto:?subject=Camping%20Sauerland%3A%20Tipps%2C%20Infos%20%26%20Campingpl%C3%A4tze&#038;body=https:\/\/www.tuicamper.com\/magazin\/camping-sauerland\/' data-av_icon='\ue805' data-av_iconfont='entypo-fontello'  title='' data-avia-related-tooltip='Per E-Mail teilen'><span class='avia_hidden_link_text'>Per E-Mail teilen<\/span><\/a><\/li><\/ul><\/div><\/div>\n<\/div><\/div><\/div><!-- close content main div --><\/div><\/div><div id='after_section_9'  class='main_color av_default_container_wrap container_wrap sidebar_right'  ><div class='container av-section-cont-open' ><div class='template-page content  av-content-small alpha units'><div class='post-entry post-entry-type-page post-entry-7936'><div class='entry-content-wrapper clearfix'>\n","protected":false},"excerpt":{"rendered":"<p>M\u00e4rchenhafte Altst\u00e4dte, verwunschene Schl\u00f6sser, zauberhafte Naturlandschaften und h\u00f6chst lebendige M\u00e4rchen. Lernen Sie die Deutsche M\u00e4rchenstra\u00dfe kennen!<\/p>\n","protected":false},"author":3,"featured_media":7938,"comment_status":"open","ping_status":"open","sticky":false,"template":"","format":"standard","meta":{"footnotes":""},"categories":[33],"tags":[28,53,42,54],"class_list":["post-7936","post","type-post","status-publish","format-standard","has-post-thumbnail","hentry","category-reisethema","tag-deutschland","tag-kultur","tag-paare","tag-staedte"],"yoast_head":"<!-- This site is optimized with the Yoast SEO plugin v27.4 - https:\/\/yoast.com\/product\/yoast-seo-wordpress\/ -->\n<title>Mit dem Wohnmobil entlang der Deutschen M\u00e4rchenstra\u00dfe - TUI CAMPER<\/title>\n<meta name=\"description\" content=\"M\u00e4rchenhafte Altst\u00e4dte, verwunschene Schl\u00f6sser, zauberhafte Naturlandschaften und h\u00f6chst lebendige M\u00e4rchen. Lernen Sie die Deutsche M\u00e4rchenstra\u00dfe kennen!\" \/>\n<meta name=\"robots\" content=\"index, follow, max-snippet:-1, max-image-preview:large, max-video-preview:-1\" \/>\n<link rel=\"canonical\" href=\"https:\/\/www.tuicamper.com\/magazin\/die-deutsche-maerchenstrasse\/\" \/>\n<meta property=\"og:locale\" content=\"de_DE\" \/>\n<meta property=\"og:type\" content=\"article\" \/>\n<meta property=\"og:title\" content=\"Mit dem Wohnmobil entlang der Deutschen M\u00e4rchenstra\u00dfe - TUI CAMPER\" \/>\n<meta property=\"og:description\" content=\"M\u00e4rchenhafte Altst\u00e4dte, verwunschene Schl\u00f6sser, zauberhafte Naturlandschaften und h\u00f6chst lebendige M\u00e4rchen. Lernen Sie die Deutsche M\u00e4rchenstra\u00dfe kennen!\" \/>\n<meta property=\"og:url\" content=\"https:\/\/www.tuicamper.com\/magazin\/die-deutsche-maerchenstrasse\/\" \/>\n<meta property=\"og:site_name\" content=\"TUI Camper Magazin\" \/>\n<meta property=\"article:published_time\" content=\"2022-03-10T15:11:32+00:00\" \/>\n<meta property=\"article:modified_time\" content=\"2022-12-15T12:51:00+00:00\" \/>\n<meta property=\"og:image\" content=\"https:\/\/www.tuicamper.com\/wp-docker\/wp-content\/uploads\/2022\/03\/deutsche-maerchenstrasse-header.jpg\" \/>\n\t<meta property=\"og:image:width\" content=\"1310\" \/>\n\t<meta property=\"og:image:height\" content=\"500\" \/>\n\t<meta property=\"og:image:type\" content=\"image\/jpeg\" \/>\n<meta name=\"author\" content=\"S\u00f6ren Cortekar\" \/>\n<meta name=\"twitter:card\" content=\"summary_large_image\" \/>\n<meta name=\"twitter:label1\" content=\"Verfasst von\" \/>\n\t<meta name=\"twitter:data1\" content=\"S\u00f6ren Cortekar\" \/>\n\t<meta name=\"twitter:label2\" content=\"Gesch\u00e4tzte Lesezeit\" \/>\n\t<meta name=\"twitter:data2\" content=\"10\u00a0Minuten\" \/>\n<!-- \/ Yoast SEO plugin. -->","yoast_head_json":{"title":"Mit dem Wohnmobil entlang der Deutschen M\u00e4rchenstra\u00dfe - TUI CAMPER","description":"M\u00e4rchenhafte Altst\u00e4dte, verwunschene Schl\u00f6sser, zauberhafte Naturlandschaften und h\u00f6chst lebendige M\u00e4rchen. Lernen Sie die Deutsche M\u00e4rchenstra\u00dfe kennen!","robots":{"index":"index","follow":"follow","max-snippet":"max-snippet:-1","max-image-preview":"max-image-preview:large","max-video-preview":"max-video-preview:-1"},"canonical":"https:\/\/www.tuicamper.com\/magazin\/die-deutsche-maerchenstrasse\/","og_locale":"de_DE","og_type":"article","og_title":"Mit dem Wohnmobil entlang der Deutschen M\u00e4rchenstra\u00dfe - TUI CAMPER","og_description":"M\u00e4rchenhafte Altst\u00e4dte, verwunschene Schl\u00f6sser, zauberhafte Naturlandschaften und h\u00f6chst lebendige M\u00e4rchen. Lernen Sie die Deutsche M\u00e4rchenstra\u00dfe kennen!","og_url":"https:\/\/www.tuicamper.com\/magazin\/die-deutsche-maerchenstrasse\/","og_site_name":"TUI Camper Magazin","article_published_time":"2022-03-10T15:11:32+00:00","article_modified_time":"2022-12-15T12:51:00+00:00","og_image":[{"width":1310,"height":500,"url":"https:\/\/www.tuicamper.com\/wp-docker\/wp-content\/uploads\/2022\/03\/deutsche-maerchenstrasse-header.jpg","type":"image\/jpeg"}],"author":"S\u00f6ren Cortekar","twitter_card":"summary_large_image","twitter_misc":{"Verfasst von":"S\u00f6ren Cortekar","Gesch\u00e4tzte Lesezeit":"10\u00a0Minuten"},"schema":{"@context":"https:\/\/schema.org","@graph":[{"@type":"Article","@id":"https:\/\/www.tuicamper.com\/magazin\/die-deutsche-maerchenstrasse\/#article","isPartOf":{"@id":"https:\/\/www.tuicamper.com\/magazin\/die-deutsche-maerchenstrasse\/"},"author":{"name":"S\u00f6ren Cortekar","@id":"https:\/\/www.tuicamper.com\/wp-docker\/#\/schema\/person\/a9ad15b73e3b6169a6c4a794a58d1ea6"},"headline":"Mit dem Wohnmobil entlang der Deutschen M\u00e4rchenstra\u00dfe","datePublished":"2022-03-10T15:11:32+00:00","dateModified":"2022-12-15T12:51:00+00:00","mainEntityOfPage":{"@id":"https:\/\/www.tuicamper.com\/magazin\/die-deutsche-maerchenstrasse\/"},"wordCount":2998,"commentCount":0,"image":{"@id":"https:\/\/www.tuicamper.com\/magazin\/die-deutsche-maerchenstrasse\/#primaryimage"},"thumbnailUrl":"https:\/\/www.tuicamper.com\/wp-docker\/wp-content\/uploads\/2022\/03\/deutsche-maerchenstrasse-header.jpg","keywords":["Deutschland","Kultur","Paare","St\u00e4dte"],"articleSection":["Reisethema"],"inLanguage":"de","potentialAction":[{"@type":"CommentAction","name":"Comment","target":["https:\/\/www.tuicamper.com\/magazin\/die-deutsche-maerchenstrasse\/#respond"]}]},{"@type":"WebPage","@id":"https:\/\/www.tuicamper.com\/magazin\/die-deutsche-maerchenstrasse\/","url":"https:\/\/www.tuicamper.com\/magazin\/die-deutsche-maerchenstrasse\/","name":"Mit dem Wohnmobil entlang der Deutschen M\u00e4rchenstra\u00dfe - TUI CAMPER","isPartOf":{"@id":"https:\/\/www.tuicamper.com\/#website"},"primaryImageOfPage":{"@id":"https:\/\/www.tuicamper.com\/magazin\/die-deutsche-maerchenstrasse\/#primaryimage"},"image":{"@id":"https:\/\/www.tuicamper.com\/magazin\/die-deutsche-maerchenstrasse\/#primaryimage"},"thumbnailUrl":"https:\/\/www.tuicamper.com\/wp-content\/uploads\/2022\/03\/deutsche-maerchenstrasse-header.jpg","datePublished":"2022-03-10T15:11:32+00:00","dateModified":"2022-12-15T12:51:00+00:00","author":{"@id":"https:\/\/www.tuicamper.com\/#\/schema\/person\/a9ad15b73e3b6169a6c4a794a58d1ea6"},"description":"M\u00e4rchenhafte Altst\u00e4dte, verwunschene Schl\u00f6sser, zauberhafte Naturlandschaften und h\u00f6chst lebendige M\u00e4rchen. Lernen Sie die Deutsche M\u00e4rchenstra\u00dfe kennen!","breadcrumb":{"@id":"https:\/\/www.tuicamper.com\/magazin\/die-deutsche-maerchenstrasse\/#breadcrumb"},"inLanguage":"de","potentialAction":["Array"]},{"@type":"ImageObject","inLanguage":"de","@id":"https:\/\/www.tuicamper.com\/magazin\/die-deutsche-maerchenstrasse\/#primaryimage","url":"https:\/\/www.tuicamper.com\/wp-docker\/wp-content\/uploads\/2022\/03\/deutsche-maerchenstrasse-header.jpg","contentUrl":"https:\/\/www.tuicamper.com\/wp-docker\/wp-content\/uploads\/2022\/03\/deutsche-maerchenstrasse-header.jpg","width":1310,"height":500,"caption":"Deutsche M\u00e4rchenstrasse"},{"@type":"BreadcrumbList","@id":"https:\/\/www.tuicamper.com\/magazin\/die-deutsche-maerchenstrasse\/#breadcrumb","itemListElement":[{"@type":"ListItem","position":1,"name":"Startseite","item":"https:\/\/www.tuicamper.com\/wp-docker\/"},{"@type":"ListItem","position":2,"name":"Mit dem Wohnmobil entlang der Deutschen M\u00e4rchenstra\u00dfe"}]},{"@type":"WebSite","@id":"https:\/\/www.tuicamper.com\/#website","url":"https:\/\/www.tuicamper.com\/","name":"TUI Camper Magazin","description":"","potentialAction":["Array"],"inLanguage":"de"},{"@type":"Person","@id":"https:\/\/www.tuicamper.com\/wp-docker\/#\/schema\/person\/a9ad15b73e3b6169a6c4a794a58d1ea6","name":"S\u00f6ren Cortekar","image":{"@type":"ImageObject","inLanguage":"de","@id":"https:\/\/secure.gravatar.com\/avatar\/399f9c9096d84e9147b61735bfa53689fd2add8aa9c074669869e4c106f7df59?s=96&d=mm&r=g","url":"https:\/\/secure.gravatar.com\/avatar\/399f9c9096d84e9147b61735bfa53689fd2add8aa9c074669869e4c106f7df59?s=96&d=mm&r=g","contentUrl":"https:\/\/secure.gravatar.com\/avatar\/399f9c9096d84e9147b61735bfa53689fd2add8aa9c074669869e4c106f7df59?s=96&d=mm&r=g","caption":"S\u00f6ren Cortekar"},"url":"https:\/\/www.tuicamper.com\/wp-docker\/magazin\/author\/soeren-cortekar\/"}]}},"_links":{"self":[{"href":"https:\/\/www.tuicamper.com\/wp-docker\/wp-json\/wp\/v2\/posts\/7936","targetHints":{"allow":["GET"]}}],"collection":[{"href":"https:\/\/www.tuicamper.com\/wp-docker\/wp-json\/wp\/v2\/posts"}],"about":[{"href":"https:\/\/www.tuicamper.com\/wp-docker\/wp-json\/wp\/v2\/types\/post"}],"author":[{"embeddable":true,"href":"https:\/\/www.tuicamper.com\/wp-docker\/wp-json\/wp\/v2\/users\/3"}],"replies":[{"embeddable":true,"href":"https:\/\/www.tuicamper.com\/wp-docker\/wp-json\/wp\/v2\/comments?post=7936"}],"version-history":[{"count":6,"href":"https:\/\/www.tuicamper.com\/wp-docker\/wp-json\/wp\/v2\/posts\/7936\/revisions"}],"predecessor-version":[{"id":40245,"href":"https:\/\/www.tuicamper.com\/wp-docker\/wp-json\/wp\/v2\/posts\/7936\/revisions\/40245"}],"wp:featuredmedia":[{"embeddable":true,"href":"https:\/\/www.tuicamper.com\/wp-docker\/wp-json\/wp\/v2\/media\/7938"}],"wp:attachment":[{"href":"https:\/\/www.tuicamper.com\/wp-docker\/wp-json\/wp\/v2\/media?parent=7936"}],"wp:term":[{"taxonomy":"category","embeddable":true,"href":"https:\/\/www.tuicamper.com\/wp-docker\/wp-json\/wp\/v2\/categories?post=7936"},{"taxonomy":"post_tag","embeddable":true,"href":"https:\/\/www.tuicamper.com\/wp-docker\/wp-json\/wp\/v2\/tags?post=7936"}],"curies":[{"name":"wp","href":"https:\/\/api.w.org\/{rel}","templated":true}]}}