{"id":76912,"date":"2024-04-30T16:29:16","date_gmt":"2024-04-30T14:29:16","guid":{"rendered":"https:\/\/www.tuicamper.com\/?p=76912"},"modified":"2024-05-02T10:21:10","modified_gmt":"2024-05-02T08:21:10","slug":"suedfrankreich-mit-dem-wohnmobil","status":"publish","type":"post","link":"https:\/\/www.tuicamper.com\/magazin\/suedfrankreich-mit-dem-wohnmobil\/","title":{"rendered":"S\u00fcdfrankreich mit dem Wohnmobil \u2013 Tipps f\u00fcr eine unvergessliche Camper-Tour"},"content":{"rendered":"<div id='av_section_1'  class='avia-section av-y5n8wk0-acf0d5d8fb07bfbdaeec4621e0a6e117 main_color avia-section-default avia-no-border-styling  avia-builder-el-0  el_before_av_textblock  avia-builder-el-first  reduced-content avia-bg-style-scroll container_wrap sidebar_right'  ><div class='container av-section-cont-open' ><main  role=\"main\" itemprop=\"mainContentOfPage\"  class='template-page content  av-content-small alpha units'><div class='post-entry post-entry-type-page post-entry-76912'><div class='entry-content-wrapper clearfix'>\n\n<style type=\"text\/css\" data-created_by=\"avia_inline_auto\" id=\"style-css-av-xpk8ur4-a8b12077c6f0efe2b8d1dcf11db7a2ec\">\n.flex_column.av-xpk8ur4-a8b12077c6f0efe2b8d1dcf11db7a2ec{\nborder-radius:0px 0px 0px 0px;\npadding:0px 0px 0px 0px;\n}\n<\/style>\n<div  class='flex_column av-xpk8ur4-a8b12077c6f0efe2b8d1dcf11db7a2ec av_one_full  avia-builder-el-1  avia-builder-el-no-sibling  first flex_column_div av-zero-column-padding  '     ><section  class='av_textblock_section av-lvm5rcwg-d2943d0830773a183cd88a08364f4770 '   itemscope=\"itemscope\" itemtype=\"https:\/\/schema.org\/BlogPosting\" itemprop=\"blogPost\" ><div class='avia_textblock'  itemprop=\"text\" ><p>Vertr\u00e4umte D\u00f6rfchen vor idyllischen Landschaften. Turbulente Metropolen und lebendige Hafenst\u00e4dte mit mond\u00e4nem Flair und echten Traumstr\u00e4nden. Grandiose Gebirgslandschaften mit malerischen T\u00e4lern. Und mittelalterliche Altst\u00e4dte mit reicher Geschichte und einzigartigen Fotomotiven. Der S\u00fcden Frankreichs vereint all das \u2013 und bietet Wohnmobil-Urlaubern damit immer wieder ein unvergessliches Reiseerlebnis. Wir geben Ihnen Tipps f\u00fcr Ihre anstehende Tour durch S\u00fcdfrankreich und stellen Ihnen drei der sch\u00f6nsten Routen durch die Region vor.<\/p>\n<\/div><\/section><\/div>\n<\/div><\/div><\/main><!-- close content main element --><\/div><\/div><div id='after_section_1'  class='main_color av_default_container_wrap container_wrap sidebar_right'  ><div class='container av-section-cont-open' ><div class='template-page content  av-content-small alpha units'><div class='post-entry post-entry-type-page post-entry-76912'><div class='entry-content-wrapper clearfix'>\n<section  class='av_textblock_section av-xipkyts-ff34b7d6c5cec26f63f1a5cfdba15fe2 '   itemscope=\"itemscope\" itemtype=\"https:\/\/schema.org\/BlogPosting\" itemprop=\"blogPost\" ><div class='avia_textblock'  itemprop=\"text\" >\n<\/div><\/section>\n<\/div><\/div><\/div><!-- close content main div --><\/div><\/div><div id='av_section_2'  class='avia-section av-39zmggg-16d7922d68f71b5dbaf89ee1d18a5d14 main_color avia-section-default avia-no-border-styling  avia-builder-el-4  el_after_av_textblock  el_before_av_section  reduced-content avia-bg-style-scroll container_wrap sidebar_right'  ><div class='container av-section-cont-open' ><div class='template-page content  av-content-small alpha units'><div class='post-entry post-entry-type-page post-entry-76912'><div class='entry-content-wrapper clearfix'>\n<section  class='av_textblock_section av-38ste28-66b41e88046ab842cfdfe1938eedd9ed '   itemscope=\"itemscope\" itemtype=\"https:\/\/schema.org\/BlogPosting\" itemprop=\"blogPost\" ><div class='avia_textblock'  itemprop=\"text\" ><div id=\"js-table-of-contents\">\r\n    <strong>Inhaltsverzeichnis<\/strong>\r\n<\/div>\n<\/div><\/section>\n\n<\/div><\/div><\/div><!-- close content main div --><\/div><\/div><div id='av_section_3'  class='avia-section av-w3lmyxc-8b2cac93c37c33bdae394f3677585a08 main_color avia-section-default avia-no-border-styling  avia-builder-el-6  el_after_av_section  el_before_av_section  reduced-content avia-bg-style-scroll container_wrap sidebar_right'  ><div class='container av-section-cont-open' ><div class='template-page content  av-content-small alpha units'><div class='post-entry post-entry-type-page post-entry-76912'><div class='entry-content-wrapper clearfix'>\n\n<style type=\"text\/css\" data-created_by=\"avia_inline_auto\" id=\"style-css-av-35oj1dc-f083331a89ea5dc7a4efc397e3cf14ed\">\n.flex_column.av-35oj1dc-f083331a89ea5dc7a4efc397e3cf14ed{\nborder-radius:0px 0px 0px 0px;\npadding:0px 0px 0px 0px;\n}\n<\/style>\n<div  class='flex_column av-35oj1dc-f083331a89ea5dc7a4efc397e3cf14ed av_one_full  avia-builder-el-7  avia-builder-el-no-sibling  first flex_column_div av-zero-column-padding  '     ><section  class='av_textblock_section av-uuwp5qo-69d613ac49f42d0d7325a7ead9f747d8 '   itemscope=\"itemscope\" itemtype=\"https:\/\/schema.org\/BlogPosting\" itemprop=\"blogPost\" ><div class='avia_textblock'  itemprop=\"text\" ><h2>S\u00fcdfrankreich \u2013 perfektes Ziel f\u00fcr den Wohnmobil-Urlaub<\/h2>\n<p>S\u00fcdfrankreich ist immer eine Camping-Reise wert. Gleich drei Gr\u00fcnde pr\u00e4destinieren die Destination f\u00fcr einen unvergesslichen Wohnmobil-Urlaub.<\/p>\n<ol>\n<li><strong>Ideales Klima<\/strong>: Milde Temperaturen und viele Sonnenstunden bis weit in den Herbst hinein. S\u00fcdfrankreich punktet mit einem angenehmen Klima und ist damit auch abseits der Hauptsaison ein fantastisches Ziel f\u00fcr einen Wohnmobil-Urlaub.<\/li>\n<li><strong>Abwechslung pur<\/strong>: Feinsandige Traumstr\u00e4nde vor mond\u00e4nen Metropolen. Vertr\u00e4umte Gebirgsd\u00f6rfchen, eingebettet in eine atemberaubender Naturkulisse. Mittelalterliche Altst\u00e4dte mit spektakul\u00e4ren Festungen. Eine Tour durch den S\u00fcden Frankreichs k\u00f6nnte kaum abwechslungsreicher sein.<\/li>\n<li><strong>Perfekte Camping-Infrastruktur<\/strong>: Egal f\u00fcr welche Route Sie sich entscheiden. Nahezu \u00fcberall in Frankreichs S\u00fcden finden Sie fantastisch gelegene Campingpl\u00e4tze. Direkt am Meer oder hoch oben in den grandiosen Gebirgsz\u00fcgen der Pyren\u00e4en.<\/li>\n<\/ol>\n<\/div><\/section><\/div>\n\n<\/div><\/div><\/div><!-- close content main div --><\/div><\/div><div id='av_section_4'  class='avia-section av-uk9tals-1b11299ffb55d2f0d873a5a7adceab5a main_color avia-section-default avia-no-border-styling  avia-builder-el-9  el_after_av_section  el_before_av_section  reduced-content avia-bg-style-scroll container_wrap sidebar_right'  ><div class='container av-section-cont-open' ><div class='template-page content  av-content-small alpha units'><div class='post-entry post-entry-type-page post-entry-76912'><div class='entry-content-wrapper clearfix'>\n\n<style type=\"text\/css\" data-created_by=\"avia_inline_auto\" id=\"style-css-av-u80xt5c-dd0b20692b1938725a03fb23274e326b\">\n.avia-image-container.av-u80xt5c-dd0b20692b1938725a03fb23274e326b img.avia_image{\nbox-shadow:none;\n}\n.avia-image-container.av-u80xt5c-dd0b20692b1938725a03fb23274e326b .av-caption-image-overlay-bg{\nopacity:0.4;\nbackground-color:#000000;\n}\n.avia-image-container.av-u80xt5c-dd0b20692b1938725a03fb23274e326b .av-image-caption-overlay-center{\ncolor:#ffffff;\n}\n<\/style>\n<div  class='avia-image-container av-u80xt5c-dd0b20692b1938725a03fb23274e326b av-styling- av-img-linked avia_animated_image av-animated-when-visible-95 fade-in avia-align-center  avia-builder-el-10  el_before_av_hr  avia-builder-el-first  noHover av-overlay-on-hover'   itemprop=\"image\" itemscope=\"itemscope\" itemtype=\"https:\/\/schema.org\/ImageObject\" ><div class=\"avia-image-container-inner\"><div class=\"avia-image-overlay-wrap\"><a href=\"https:\/\/www.tuicamper.com\/wp-docker\/wp-content\/uploads\/2024\/04\/Wohnmobil_Suedfrankreich_Lavendel-1030x644.jpg\" data-srcset=\"https:\/\/www.tuicamper.com\/wp-docker\/wp-content\/uploads\/2024\/04\/Wohnmobil_Suedfrankreich_Lavendel-1030x644.jpg 1030w, https:\/\/www.tuicamper.com\/wp-docker\/wp-content\/uploads\/2024\/04\/Wohnmobil_Suedfrankreich_Lavendel-300x188.jpg 300w, https:\/\/www.tuicamper.com\/wp-docker\/wp-content\/uploads\/2024\/04\/Wohnmobil_Suedfrankreich_Lavendel-768x480.jpg 768w, https:\/\/www.tuicamper.com\/wp-docker\/wp-content\/uploads\/2024\/04\/Wohnmobil_Suedfrankreich_Lavendel-705x441.jpg 705w, https:\/\/www.tuicamper.com\/wp-docker\/wp-content\/uploads\/2024\/04\/Wohnmobil_Suedfrankreich_Lavendel.jpg 1440w\" data-sizes=\"(max-width: 1030px) 100vw, 1030px\" class='avia_image '  aria-label='Wohnmobil_Suedfrankreich_Lavendel'><div class=\"av-image-caption-overlay\"><div class=\"av-caption-image-overlay-bg\"><\/div><div class=\"av-image-caption-overlay-position\"><div class=\"av-image-caption-overlay-center\"><p>Lavendelfeld in S\u00fcdfrankreich<\/p>\n<\/div><\/div><\/div><img decoding=\"async\" fetchpriority=\"high\" class='wp-image-76916 avia-img-lazy-loading-not-76916 avia_image ' src=\"https:\/\/www.tuicamper.com\/wp-docker\/wp-content\/uploads\/2024\/04\/Wohnmobil_Suedfrankreich_Lavendel-845x684.jpg\" alt='Lavendelfeld in S\u00fcdfrankreich' title='Wohnmobil_Suedfrankreich_Lavendel'  height=\"684\" width=\"845\"  itemprop=\"thumbnailUrl\" srcset=\"https:\/\/www.tuicamper.com\/wp-docker\/wp-content\/uploads\/2024\/04\/Wohnmobil_Suedfrankreich_Lavendel-845x684.jpg 845w, https:\/\/www.tuicamper.com\/wp-docker\/wp-content\/uploads\/2024\/04\/Wohnmobil_Suedfrankreich_Lavendel-495x400.jpg 495w\" sizes=\"(max-width: 845px) 100vw, 845px\" \/><\/a><\/div><\/div><\/div>\n\n<style type=\"text\/css\" data-created_by=\"avia_inline_auto\" id=\"style-css-av-tpd8kgg-0adb187ce0923e300f7761e5c8cfc27a\">\n#top .hr.hr-invisible.av-tpd8kgg-0adb187ce0923e300f7761e5c8cfc27a{\nheight:25px;\n}\n<\/style>\n<div  class='hr av-tpd8kgg-0adb187ce0923e300f7761e5c8cfc27a hr-invisible  avia-builder-el-11  el_after_av_image  avia-builder-el-last '><span class='hr-inner '><span class=\"hr-inner-style\"><\/span><\/span><\/div>\n\n<\/div><\/div><\/div><!-- close content main div --><\/div><\/div><div id='av_section_5'  class='avia-section av-t1lv3n4-f13607a76c315021839165a600a62341 main_color avia-section-default avia-no-border-styling  avia-builder-el-12  el_after_av_section  el_before_av_section  reduced-content avia-bg-style-scroll container_wrap sidebar_right'  ><div class='container av-section-cont-open' ><div class='template-page content  av-content-small alpha units'><div class='post-entry post-entry-type-page post-entry-76912'><div class='entry-content-wrapper clearfix'>\n\n<style type=\"text\/css\" data-created_by=\"avia_inline_auto\" id=\"style-css-av-ss4lfow-eed01de39f8f1499429497852da62756\">\n.flex_column.av-ss4lfow-eed01de39f8f1499429497852da62756{\nborder-radius:0px 0px 0px 0px;\npadding:0px 0px 0px 0px;\n}\n<\/style>\n<div  class='flex_column av-ss4lfow-eed01de39f8f1499429497852da62756 av_one_full  avia-builder-el-13  avia-builder-el-no-sibling  first flex_column_div av-zero-column-padding  '     ><section  class='av_textblock_section av-s8tupw0-698c15a3f9f70b1738cd5fb3b43928a6 '   itemscope=\"itemscope\" itemtype=\"https:\/\/schema.org\/BlogPosting\" itemprop=\"blogPost\" ><div class='avia_textblock'  itemprop=\"text\" ><h2>Reiseinfos: Anreise, Wohnmobil-Stationen und Maut<\/h2>\n<p>S\u00fcdfrankreich ist problemlos mit dem Flugzeug zu erreichen. Flugh\u00e4fen befinden sich beispielsweise in Bordeaux, Toulouse, Montpellier, Marseilles und Nizza. Wohnmobil-Stationen befinden sich in Bordeaux oder Marseilles. M\u00f6chten Sie vor Ort direkt Ihr gemietetes Wohnmobil in Empfang nehmen, empfiehlt sich ein Flug hierher. Gut zu wissen: Die Verkehrsregeln in S\u00fcdfrankreich gleichen in vielen Punkten den deutschen. Die Autobahnen sind allerdings mautpflichtig. Ebenso wie viele gr\u00f6\u00dfere St\u00e4dte (City Maut).<\/p>\n<\/div><\/section><\/div>\n\n<\/div><\/div><\/div><!-- close content main div --><\/div><\/div><div id='av_section_6'  class='avia-section av-2sjduxc-55478191498586445b876a2f923b9373 main_color avia-section-default avia-no-border-styling  avia-builder-el-15  el_after_av_section  el_before_av_section  reduced-content avia-bg-style-scroll container_wrap sidebar_right'  ><div class='container av-section-cont-open' ><div class='template-page content  av-content-small alpha units'><div class='post-entry post-entry-type-page post-entry-76912'><div class='entry-content-wrapper clearfix'>\n\n<style type=\"text\/css\" data-created_by=\"avia_inline_auto\" id=\"style-css-av-2qmqkvk-646a2812d359fd07b18aa73e0fa2ed60\">\n.avia-image-container.av-2qmqkvk-646a2812d359fd07b18aa73e0fa2ed60 img.avia_image{\nbox-shadow:none;\n}\n.avia-image-container.av-2qmqkvk-646a2812d359fd07b18aa73e0fa2ed60 .av-caption-image-overlay-bg{\nopacity:0.4;\nbackground-color:#000000;\n}\n.avia-image-container.av-2qmqkvk-646a2812d359fd07b18aa73e0fa2ed60 .av-image-caption-overlay-center{\ncolor:#ffffff;\n}\n<\/style>\n<div  class='avia-image-container av-2qmqkvk-646a2812d359fd07b18aa73e0fa2ed60 av-styling- av-img-linked avia_animated_image av-animated-when-visible-95 fade-in avia-align-center  avia-builder-el-16  el_before_av_hr  avia-builder-el-first  noHover av-overlay-on-hover'   itemprop=\"image\" itemscope=\"itemscope\" itemtype=\"https:\/\/schema.org\/ImageObject\" ><div class=\"avia-image-container-inner\"><div class=\"avia-image-overlay-wrap\"><a href=\"https:\/\/www.tuicamper.com\/wp-docker\/wp-content\/uploads\/2024\/04\/Wohnmobil_Suedfrankreich_Marseille-1030x644.jpg\" data-srcset=\"https:\/\/www.tuicamper.com\/wp-docker\/wp-content\/uploads\/2024\/04\/Wohnmobil_Suedfrankreich_Marseille-1030x644.jpg 1030w, https:\/\/www.tuicamper.com\/wp-docker\/wp-content\/uploads\/2024\/04\/Wohnmobil_Suedfrankreich_Marseille-300x188.jpg 300w, https:\/\/www.tuicamper.com\/wp-docker\/wp-content\/uploads\/2024\/04\/Wohnmobil_Suedfrankreich_Marseille-768x480.jpg 768w, https:\/\/www.tuicamper.com\/wp-docker\/wp-content\/uploads\/2024\/04\/Wohnmobil_Suedfrankreich_Marseille-705x441.jpg 705w, https:\/\/www.tuicamper.com\/wp-docker\/wp-content\/uploads\/2024\/04\/Wohnmobil_Suedfrankreich_Marseille.jpg 1440w\" data-sizes=\"(max-width: 1030px) 100vw, 1030px\" class='avia_image '  aria-label='Wohnmobil_Suedfrankreich_Marseille'><div class=\"av-image-caption-overlay\"><div class=\"av-caption-image-overlay-bg\"><\/div><div class=\"av-image-caption-overlay-position\"><div class=\"av-image-caption-overlay-center\"><p>Marseille &#8211; die \u00e4lteste Stadt Frankreichs<\/p>\n<\/div><\/div><\/div><img decoding=\"async\" fetchpriority=\"high\" class='wp-image-76918 avia-img-lazy-loading-not-76918 avia_image ' src=\"https:\/\/www.tuicamper.com\/wp-docker\/wp-content\/uploads\/2024\/04\/Wohnmobil_Suedfrankreich_Marseille-845x684.jpg\" alt='Wohnmobil Suedfrankreich Marseille' title='Wohnmobil_Suedfrankreich_Marseille'  height=\"684\" width=\"845\"  itemprop=\"thumbnailUrl\" srcset=\"https:\/\/www.tuicamper.com\/wp-docker\/wp-content\/uploads\/2024\/04\/Wohnmobil_Suedfrankreich_Marseille-845x684.jpg 845w, https:\/\/www.tuicamper.com\/wp-docker\/wp-content\/uploads\/2024\/04\/Wohnmobil_Suedfrankreich_Marseille-495x400.jpg 495w\" sizes=\"(max-width: 845px) 100vw, 845px\" \/><\/a><\/div><\/div><\/div>\n\n<style type=\"text\/css\" data-created_by=\"avia_inline_auto\" id=\"style-css-av-qugxsuo-ea18e3d9069c7a56555148f0e7359016\">\n#top .hr.hr-invisible.av-qugxsuo-ea18e3d9069c7a56555148f0e7359016{\nheight:25px;\n}\n<\/style>\n<div  class='hr av-qugxsuo-ea18e3d9069c7a56555148f0e7359016 hr-invisible  avia-builder-el-17  el_after_av_image  avia-builder-el-last '><span class='hr-inner '><span class=\"hr-inner-style\"><\/span><\/span><\/div>\n\n<\/div><\/div><\/div><!-- close content main div --><\/div><\/div><div id='av_section_7'  class='avia-section av-n0zao-4f84e109af6f7f0e943704d90f096969 main_color avia-section-default avia-no-border-styling  avia-builder-el-18  el_after_av_section  el_before_av_section  reduced-content avia-bg-style-scroll container_wrap sidebar_right'  ><div class='container av-section-cont-open' ><div class='template-page content  av-content-small alpha units'><div class='post-entry post-entry-type-page post-entry-76912'><div class='entry-content-wrapper clearfix'>\n\n<style type=\"text\/css\" data-created_by=\"avia_inline_auto\" id=\"style-css-av-z0ig5s-8ea33d9cb10df77eef46cb68f905337b\">\n.flex_column.av-z0ig5s-8ea33d9cb10df77eef46cb68f905337b{\nborder-radius:0px 0px 0px 0px;\npadding:0px 0px 0px 0px;\n}\n<\/style>\n<div  class='flex_column av-z0ig5s-8ea33d9cb10df77eef46cb68f905337b av_one_full  avia-builder-el-19  avia-builder-el-no-sibling  first flex_column_div av-zero-column-padding  '     ><section  class='av_textblock_section av-21vecw-8dffdc17555921d414a7dadb10735db6 '   itemscope=\"itemscope\" itemtype=\"https:\/\/schema.org\/BlogPosting\" itemprop=\"blogPost\" ><div class='avia_textblock'  itemprop=\"text\" ><h2>Wohnmobil-Tour durch S\u00fcdfrankreich \u2013 3 unvergessliche Routen<\/h2>\n<p>Sei es eine Tour durch die urigen D\u00f6rfer sowie sanften Landschaften der Provence und die mond\u00e4nen Orte der C\u00f4te d\u2019Azur. Eine Fahrt durch die atemberaubende Naturkulisse der Pyren\u00e4en. Oder ein Roadtrip von der Mittelmeerk\u00fcste an den Atlantik, vorbei an mittelalterlichen St\u00e4dte-Perlen. Wir stellen Ihnen drei der sch\u00f6nsten Strecken durch den S\u00fcden Frankreichs vor.<\/p>\n<\/div><\/section><\/div>\n\n<\/div><\/div><\/div><!-- close content main div --><\/div><\/div><div id='av_section_8'  class='avia-section av-qq3zrk-8037ab0fee14e08362a6d48b35bb00ef main_color avia-section-default avia-no-border-styling  avia-builder-el-21  el_after_av_section  el_before_av_section  reduced-content avia-bg-style-scroll container_wrap sidebar_right'  ><div class='container av-section-cont-open' ><div class='template-page content  av-content-small alpha units'><div class='post-entry post-entry-type-page post-entry-76912'><div class='entry-content-wrapper clearfix'>\n\n<\/div><\/div><\/div><!-- close content main div --><\/div><\/div><div id='av_section_9'  class='avia-section av-qdkgsls-7a4bd86533a4e060a3e53b432a7f3561 main_color avia-section-default avia-no-border-styling  avia-builder-el-23  el_after_av_section  el_before_av_section  reduced-content avia-bg-style-scroll container_wrap sidebar_right'  ><div class='container av-section-cont-open' ><div class='template-page content  av-content-small alpha units'><div class='post-entry post-entry-type-page post-entry-76912'><div class='entry-content-wrapper clearfix'>\n\n<style type=\"text\/css\" data-created_by=\"avia_inline_auto\" id=\"style-css-av-pxo0igg-a049de5d24379b0d70dff81442986818\">\n.flex_column.av-pxo0igg-a049de5d24379b0d70dff81442986818{\nborder-radius:0px 0px 0px 0px;\npadding:0px 0px 0px 0px;\n}\n<\/style>\n<div  class='flex_column av-pxo0igg-a049de5d24379b0d70dff81442986818 av_one_full  avia-builder-el-24  avia-builder-el-no-sibling  first flex_column_div av-zero-column-padding  '     ><section  class='av_textblock_section av-pd3luk0-e3dd25fbf10174240b092cad76e9a85e '   itemscope=\"itemscope\" itemtype=\"https:\/\/schema.org\/BlogPosting\" itemprop=\"blogPost\" ><div class='avia_textblock'  itemprop=\"text\" ><h3>1.) Provence und C\u00f4te d\u2019Azur \u2013 Glamour und Geheimtipps<\/h3>\n<p><strong>Naturpark Verdon \u2013 B\u00e9doin \u2013 Avignon \u2013 Gordes \u2013 Marseilles \u2013 Hy\u00e8res \u2013 Ramatuelle \u2013 Saint-Tropez \u2013 Cannes <\/strong><\/p>\n<p>Diese Route f\u00fcr Ihre Wohnmobil-Tour durch S\u00fcdfrankreich vereint zwei Gegens\u00e4tze miteinander: das tiefenentspannte Flair der <a href=\"https:\/\/www.tuicamper.com\/magazin\/wohnmobil-provence\/\">Provence<\/a> und die mond\u00e4nen St\u00e4dteperlen der C\u00f4te d\u2019Azur. Gleich die erste Station Ihres Roadtrips ist ein echtes Feuerwerk. Im Regionalen Naturpark Verdon (Parc naturel r\u00e9gional du Verdon) erwarten Sie atemberaubende Naturlandschaften \u2013 und eine Wanderung durch die bis zu 700 Meter tiefe Verdonschlucht. Im Anschluss f\u00fchrt Sie Ihre Route vorbei an violetten Lavendelfeldern durch urige Provence-D\u00f6rfchen wie B\u00e9doin, Flassan und Mormoiron bis ins lebendige Avignon, in dessen Zentrum der spektakul\u00e4re Papstpalast thront. \u00dcber das malerische D\u00f6rfchen Gordes gelangen Sie schlie\u00dflich in die faszinierende Metropole Marseille, die mit Kunst und Kultur von Weltrang aufwartet und mit einem pulsierenden Nachtleben \u00fcberzeugt.<\/p>\n<p>Mit dem sehr mediterran wirkenden St\u00e4dtchen Hy\u00e8res tauchen Sie schlie\u00dflich ein in die schillernde (Kultur-)Landschaft der C\u00f4te d\u2019Azur. Ihre weitere Tour f\u00fchrt Sie \u00fcber die von mittelalterlichen Gassen gepr\u00e4gte Gemeinde Ramatuelle bis in den legend\u00e4ren Hafenort Saint-Tropez, wo sich der internationale Jetset seit Generationen die Klinke in die Hand dr\u00fcckt. Was mit einem Feuerwerk begann, endet mit einem Paukenschlag. Im traumhaften Cannes, das durch seine Filmfestspiele weltber\u00fchmt ist, erwarten Sie fantastische Flaniermeilen, viele Sehensw\u00fcrdigkeiten, echte Traumstr\u00e4nde und internationales Flair.<\/p>\n<\/div><\/section><\/div>\n<\/p>\n<\/div><\/div><\/div><!-- close content main div --><\/div><\/div><div id='av_section_10'  class='avia-section av-2it6owg-9d9d062cdf5533491915799c740a3d15 main_color avia-section-default avia-no-border-styling  avia-builder-el-26  el_after_av_section  el_before_av_section  magazine-slider-section fullwidth_section avia-bg-style-scroll container_wrap sidebar_right'  ><div class='container av-section-cont-open' ><div class='template-page content  av-content-small alpha units'><div class='post-entry post-entry-type-page post-entry-76912'><div class='entry-content-wrapper clearfix'>\n\n<style type=\"text\/css\" data-created_by=\"avia_inline_auto\" id=\"style-css-av-oly038w-2e492dbd710735238997997ddd519aa5\">\n.flex_column.av-oly038w-2e492dbd710735238997997ddd519aa5{\nborder-radius:0px 0px 0px 0px;\npadding:0px 0px 0px 0px;\n}\n<\/style>\n<div  class='flex_column av-oly038w-2e492dbd710735238997997ddd519aa5 av_one_full  avia-builder-el-27  avia-builder-el-no-sibling  first flex_column_div av-zero-column-padding  '     ><section  class='av_textblock_section av-2e91hf4-b0d44e94ef7db97afafe02cd89c132b8 '   itemscope=\"itemscope\" itemtype=\"https:\/\/schema.org\/BlogPosting\" itemprop=\"blogPost\" ><div class='avia_textblock'  itemprop=\"text\" ><div class=\"flex_column av_three_fourth flex_column_div av-zero-column-padding first el_before_av_one_fourth avia-builder-el-first headline-section\">\r\n    <section class=\"av_textblock_section \" itemscope=\"itemscope\"\r\n             itemtype=\"https:\/\/schema.org\/CreativeWork\">\r\n                    <div class=\"avia_textblock\" itemprop=\"text\">\r\n                                    Aus dem TUI Camper Magazin:<br>\r\n                                Spannende Artikel \u00fcber Frankreich            <\/div>\r\n            <\/section>\r\n<\/div>\r\n<div class=\"flex_column av_one_fourth flex_column_div av-zero-column-padding el_after_av_three_fourth el_before_av_feature_image_slider avia-builder-el-last logo-section\">\r\n    <div class=\"avia-image-container avia-builder-el-no-sibling avia-align-center\"\r\n         itemprop=\"image\" itemscope=\"itemscope\" itemtype=\"https:\/\/schema.org\/ImageObject\">\r\n        <div class=\"avia-image-container-inner\">\r\n            <div class=\"avia-image-overlay-wrap\">\r\n                <a href=\"\/magazin\/\">\r\n                    <img decoding=\"async\" class=\"wp-image-3099 avia-img-lazy-loading-not-3099 avia_image\"\r\n                         src=\"\/wp-docker\/wp-content\/themes\/tuicamper_enfold\/assets\/img\/logo_350-135.png\"\r\n                         alt=\"TUI Camper Magazin\" height=\"69\" width=\"150\"\r\n                         itemprop=\"thumbnailUrl\">\r\n                <\/a>\r\n            <\/div>\r\n        <\/div>\r\n    <\/div>\r\n<\/div>\r\n<div class=\"flex_column av_one_full flex_column_div av-zero-column-padding first el_before_av_textblock avia-builder-el-first\"\r\n     style=\"border-radius:0px;\">\r\n    <div class=\"carousel\">\r\n                    <div class=\"carousel-cell\">\r\n                <a href=\"https:\/\/www.tuicamper.com\/magazin\/fkk-camping-frankreich\/\">\r\n                    <div class=\"img-container\" style=\"background-image: url('https:\/\/www.tuicamper.com\/wp-docker\/wp-content\/uploads\/2024\/10\/Frankreich_FKK.jpg');\"><\/div>\r\n                    <p>FKK-Camping in Frankreich: Die 5 sch\u00f6nsten Nackt-Campingpl\u00e4tze <span class=\"dashicons dashicons-arrow-right-alt2\"><\/span><\/p>\r\n                <\/a>\r\n            <\/div>\r\n                    <div class=\"carousel-cell\">\r\n                <a href=\"https:\/\/www.tuicamper.com\/magazin\/bretagne-rundreise\/\">\r\n                    <div class=\"img-container\" style=\"background-image: url('https:\/\/www.tuicamper.com\/wp-docker\/wp-content\/uploads\/2019\/03\/bretagne-header.jpg');\"><\/div>\r\n                    <p>Bretagne Rundreise: Mit dem Wohnmobil durch lebendige Hafenst\u00e4dtchen und schroffe Klippen <span class=\"dashicons dashicons-arrow-right-alt2\"><\/span><\/p>\r\n                <\/a>\r\n            <\/div>\r\n                    <div class=\"carousel-cell\">\r\n                <a href=\"https:\/\/www.tuicamper.com\/magazin\/camping-in-carcassonne-tipps-und-stellplaetze\/\">\r\n                    <div class=\"img-container\" style=\"background-image: url('https:\/\/www.tuicamper.com\/wp-docker\/wp-content\/uploads\/2025\/06\/camping-carcassonne-header.jpg');\"><\/div>\r\n                    <p>Camping in Carcassonne \u2013 Tipps &#038; Stellpl\u00e4tze in der franz\u00f6sischen Festungsstadt <span class=\"dashicons dashicons-arrow-right-alt2\"><\/span><\/p>\r\n                <\/a>\r\n            <\/div>\r\n                    <div class=\"carousel-cell\">\r\n                <a href=\"https:\/\/www.tuicamper.com\/magazin\/atlantikkueste-frankreich\/\">\r\n                    <div class=\"img-container\" style=\"background-image: url('https:\/\/www.tuicamper.com\/wp-docker\/wp-content\/uploads\/2019\/11\/frankreichs-atlantikkueste.jpg');\"><\/div>\r\n                    <p>Mit dem Wohnmobil unterwegs an Frankreichs Atlantikk\u00fcste <span class=\"dashicons dashicons-arrow-right-alt2\"><\/span><\/p>\r\n                <\/a>\r\n            <\/div>\r\n                    <div class=\"carousel-cell\">\r\n                <a href=\"https:\/\/www.tuicamper.com\/magazin\/wohnmobil-korsika\/\">\r\n                    <div class=\"img-container\" style=\"background-image: url('https:\/\/www.tuicamper.com\/wp-docker\/wp-content\/uploads\/2019\/06\/wohnmobil-korsika.jpg');\"><\/div>\r\n                    <p>Wohnmobil Korsika: Die besten Highlights &#038; Tipps <span class=\"dashicons dashicons-arrow-right-alt2\"><\/span><\/p>\r\n                <\/a>\r\n            <\/div>\r\n                    <div class=\"carousel-cell\">\r\n                <a href=\"https:\/\/www.tuicamper.com\/magazin\/schoenste-seen-in-europa\/\">\r\n                    <div class=\"img-container\" style=\"background-image: url('https:\/\/www.tuicamper.com\/wp-docker\/wp-content\/uploads\/2019\/10\/see-europa.jpg');\"><\/div>\r\n                    <p>Die 5 sch\u00f6nsten Seen f\u00fcr einen Camper-Urlaub in Europa <span class=\"dashicons dashicons-arrow-right-alt2\"><\/span><\/p>\r\n                <\/a>\r\n            <\/div>\r\n            <\/div>\r\n<\/div>\n<\/div><\/section><\/div>\n\n<div id='av_section_11'  class='avia-section av-nspi01c-66bc0e6e2cc9689948a9c91f20bf2c23 main_color avia-section-default avia-no-border-styling  avia-builder-el-0  el_before_av_textblock  avia-builder-el-first  reduced-content avia-bg-style-scroll container_wrap sidebar_right'  ><div class='container av-section-cont-open' ><main  role=\"main\" itemprop=\"mainContentOfPage\"  class='template-page content  av-content-small alpha units'><div class='post-entry post-entry-type-page post-entry-76912'><div class='entry-content-wrapper clearfix'>\n\n<style type=\"text\/css\" data-created_by=\"avia_inline_auto\" id=\"style-css-av-n7tlo5s-e5cba439ef6445177277d53a8aec20fe\">\n.flex_column.av-n7tlo5s-e5cba439ef6445177277d53a8aec20fe{\nborder-radius:0px 0px 0px 0px;\npadding:0px 0px 0px 0px;\n}\n<\/style>\n<div  class='flex_column av-n7tlo5s-e5cba439ef6445177277d53a8aec20fe av_one_full  avia-builder-el-1  avia-builder-el-no-sibling  first flex_column_div av-zero-column-padding  '     ><section  class='av_textblock_section av-mqlxpqo-80da45e102913cc16b090b84eb823599 '   itemscope=\"itemscope\" itemtype=\"https:\/\/schema.org\/BlogPosting\" itemprop=\"blogPost\" ><div class='avia_textblock'  itemprop=\"text\" ><h3>2.) Pyren\u00e4en \u2013 spektakul\u00e4re Naturlandschaften<\/h3>\n<p><strong>Argel\u00e8s-sur-Mer \u2013 Ma\u00e7anet de Cabrenys \u2013 Gorges de la Fou \u2013 Cirque de Gavarnie \u2013 Cambo-les-Bains<\/strong><\/p>\n<p>Auch wenn viele Wohnmobil-Urlauber bei S\u00fcdfrankreich an die Provence und die C\u00f4te d\u2019Azur denken \u2013 die Region hat weit mehr zu bieten. So etwa die vielerorts geradezu dramatische Naturlandschaft der <a href=\"https:\/\/www.tuicamper.com\/magazin\/mit-dem-wohnmobil-durch-die-pyrenaeen\/\">Pyren\u00e4en<\/a> an der Grenze zu Spanien. Sie starten Ihre Wohnmobil-Tour in Argel\u00e8s-sur-Mer. Wo die Pyren\u00e4en ins Meer eintauchen, erwartet Sie ein kilometerlanger Sandstrand und mit <a href=\"https:\/\/www.campingledauphin.com\/camping\/\">Camping Le Dauphin<\/a> ein sehr empfehlenswerter \u00f6kologischer Campingplatz. Die n\u00e4chsten Tage f\u00fchren Sie ins Herz der Pyren\u00e4en. Zum Beispiel in das Bilderbuchdorf Ma\u00e7anet de Cabrenys oder an die Gorges de la Fou. Die 200 Meter tiefe \u201eNarrenschlucht\u201c gilt als eine der schmalsten Schluchten der Welt. Durchzogen von einem wilden Bach, liegen nur wenige Meter zwischen den Felsw\u00e4nden. Eine Wanderung entlang der hier errichteten Br\u00fccke geh\u00f6rt zu den intensivsten Naturerlebnissen, die die Pyren\u00e4en zu bieten haben. Wegen eines Erdrutsches muss das Stegsystem aktuell allerdings erneuert werden, sodass die Schlucht derzeit (Stand: Februar 2024) noch nicht zug\u00e4nglich ist. Eine Wiederer\u00f6ffnung ist geplant.<\/p>\n<p>Noch spektakul\u00e4rer ist nur der Anblick des Cirque de Gavarnie. Der idyllische Felsenkessel im Nationalpark Pyren\u00e4en wird von gr\u00fcnen W\u00e4ldern, die sich an fast senkrechte Felsw\u00e4nde schmiegen, gepr\u00e4gt. Und von den atemberaubenden Gavarnie-F\u00e4llen, die sich \u00fcber 400 Meter ins Tal st\u00fcrzen. Den Abschluss findet Ihre Pyren\u00e4en-Tour im kulturell vielseitigen Baskenland, das sowohl Teile Frankreichs als auch Spaniens umfasst.<\/p>\n<\/div><\/section><\/div>\n<\/div><\/div><\/main><!-- close content main element --><\/div><\/div><div id='after_section_11'  class='main_color av_default_container_wrap container_wrap sidebar_right'  ><div class='container av-section-cont-open' ><div class='template-page content  av-content-small alpha units'><div class='post-entry post-entry-type-page post-entry-76912'><div class='entry-content-wrapper clearfix'>\n<\/div><\/div><\/div><!-- close content main div --><\/div><\/div><div id='av_section_12'  class='avia-section av-18q8gwg-0ccb7d4ab5b9bf198461d25e99b60a42 main_color avia-section-default avia-no-border-styling  reduced-content avia-bg-style-scroll container_wrap sidebar_right'  ><div class='container av-section-cont-open' ><div class='template-page content  av-content-small alpha units'><div class='post-entry post-entry-type-page post-entry-76912'><div class='entry-content-wrapper clearfix'>\n\n<style type=\"text\/css\" data-created_by=\"avia_inline_auto\" id=\"style-css-av-lvm7gxud-493db0acf778ef30f07605e4a6f3ebf6\">\n.avia-image-container.av-lvm7gxud-493db0acf778ef30f07605e4a6f3ebf6 img.avia_image{\nbox-shadow:none;\n}\n.avia-image-container.av-lvm7gxud-493db0acf778ef30f07605e4a6f3ebf6 .av-caption-image-overlay-bg{\nopacity:0.4;\nbackground-color:#000000;\n}\n.avia-image-container.av-lvm7gxud-493db0acf778ef30f07605e4a6f3ebf6 .av-image-caption-overlay-center{\ncolor:#ffffff;\n}\n<\/style>\n<div  class='avia-image-container av-lvm7gxud-493db0acf778ef30f07605e4a6f3ebf6 av-styling- av-img-linked avia_animated_image av-animated-when-visible-95 fade-in avia-align-center noHover av-overlay-on-hover'   itemprop=\"image\" itemscope=\"itemscope\" itemtype=\"https:\/\/schema.org\/ImageObject\" ><div class=\"avia-image-container-inner\"><div class=\"avia-image-overlay-wrap\"><a href=\"https:\/\/www.tuicamper.com\/wp-docker\/wp-content\/uploads\/2024\/04\/Wohnmobil_Suedfrankreich_Grand_canyon_du_Verdon-1030x644.jpg\" data-srcset=\"https:\/\/www.tuicamper.com\/wp-docker\/wp-content\/uploads\/2024\/04\/Wohnmobil_Suedfrankreich_Grand_canyon_du_Verdon-1030x644.jpg 1030w, https:\/\/www.tuicamper.com\/wp-docker\/wp-content\/uploads\/2024\/04\/Wohnmobil_Suedfrankreich_Grand_canyon_du_Verdon-300x188.jpg 300w, https:\/\/www.tuicamper.com\/wp-docker\/wp-content\/uploads\/2024\/04\/Wohnmobil_Suedfrankreich_Grand_canyon_du_Verdon-768x480.jpg 768w, https:\/\/www.tuicamper.com\/wp-docker\/wp-content\/uploads\/2024\/04\/Wohnmobil_Suedfrankreich_Grand_canyon_du_Verdon-705x441.jpg 705w, https:\/\/www.tuicamper.com\/wp-docker\/wp-content\/uploads\/2024\/04\/Wohnmobil_Suedfrankreich_Grand_canyon_du_Verdon.jpg 1440w\" data-sizes=\"(max-width: 1030px) 100vw, 1030px\" class='avia_image '  aria-label='Wohnmobil_Suedfrankreich_Grand_canyon_du_Verdon'><div class=\"av-image-caption-overlay\"><div class=\"av-caption-image-overlay-bg\"><\/div><div class=\"av-image-caption-overlay-position\"><div class=\"av-image-caption-overlay-center\"><p>Grand Canyon in Verdon<\/p>\n<\/div><\/div><\/div><img decoding=\"async\" fetchpriority=\"high\" class='wp-image-76925 avia-img-lazy-loading-not-76925 avia_image ' src=\"https:\/\/www.tuicamper.com\/wp-docker\/wp-content\/uploads\/2024\/04\/Wohnmobil_Suedfrankreich_Grand_canyon_du_Verdon-845x684.jpg\" alt='Grand Canyon du Verdon' title='Wohnmobil_Suedfrankreich_Grand_canyon_du_Verdon'  height=\"684\" width=\"845\"  itemprop=\"thumbnailUrl\" srcset=\"https:\/\/www.tuicamper.com\/wp-docker\/wp-content\/uploads\/2024\/04\/Wohnmobil_Suedfrankreich_Grand_canyon_du_Verdon-845x684.jpg 845w, https:\/\/www.tuicamper.com\/wp-docker\/wp-content\/uploads\/2024\/04\/Wohnmobil_Suedfrankreich_Grand_canyon_du_Verdon-495x400.jpg 495w\" sizes=\"(max-width: 845px) 100vw, 845px\" \/><\/a><\/div><\/div><\/div>\n\n<style type=\"text\/css\" data-created_by=\"avia_inline_auto\" id=\"style-css-av-rs9vn4-7e2e002472e5035bd306323c060251ca\">\n#top .hr.hr-invisible.av-rs9vn4-7e2e002472e5035bd306323c060251ca{\nheight:25px;\n}\n<\/style>\n<div  class='hr av-rs9vn4-7e2e002472e5035bd306323c060251ca hr-invisible'><span class='hr-inner '><span class=\"hr-inner-style\"><\/span><\/span><\/div>\n<\/div><\/div><\/div><!-- close content main div --><\/div><\/div><div id='after_section_12'  class='main_color av_default_container_wrap container_wrap sidebar_right'  ><div class='container av-section-cont-open' ><div class='template-page content  av-content-small alpha units'><div class='post-entry post-entry-type-page post-entry-76912'><div class='entry-content-wrapper clearfix'>\n<\/div><\/div><\/div><!-- close content main div --><\/div><\/div><div id='av_section_13'  class='avia-section av-3q2i7xs-164d534a67a7ad52c6b5fd7b0787b484 main_color avia-section-default avia-no-border-styling  reduced-content avia-bg-style-scroll container_wrap sidebar_right'  ><div class='container av-section-cont-open' ><div class='template-page content  av-content-small alpha units'><div class='post-entry post-entry-type-page post-entry-76912'><div class='entry-content-wrapper clearfix'>\n\n<style type=\"text\/css\" data-created_by=\"avia_inline_auto\" id=\"style-css-av-3iqtc40-6110b9e2037a01a8788dfa8686386644\">\n.flex_column.av-3iqtc40-6110b9e2037a01a8788dfa8686386644{\nborder-radius:0px 0px 0px 0px;\npadding:0px 0px 0px 0px;\n}\n<\/style>\n<div  class='flex_column av-3iqtc40-6110b9e2037a01a8788dfa8686386644 av_one_full first flex_column_div av-zero-column-padding  '     ><section  class='av_textblock_section av-2tie5ao-e9fa157b0730fb37fee1bc2b869c1173 '   itemscope=\"itemscope\" itemtype=\"https:\/\/schema.org\/BlogPosting\" itemprop=\"blogPost\" ><div class='avia_textblock'  itemprop=\"text\" ><h3>3.) Vom Mittelmeer zum Atlantik<\/h3>\n<p><strong>Perpignan \u2013 Carcassonne \u2013 Albi \u2013 Cordes-sur-Ciel \u2013 Toulouse \u2013 Biarritz \u2013 Bordeaux<\/strong><\/p>\n<p>Unser dritter Vorschlag f\u00fcr Ihre Camper-Tour durch S\u00fcdfrankreich f\u00fchrt Sie vom Mittelmeer bis zum Atlantik \u2013 quer durch die mittelalterlich gepr\u00e4gte Kulturlandschaft Okzitanien. Los geht es in Perpignan. Die lebendige katalanische Stadt besticht durch ihren historischen Stadtkern und ihre reiche Kulinarik. Von Perpignan geht es weiter nach Carcassonne. Die auf einem H\u00fcgel thronende Festungsstadt (Cit\u00e9 von Carcassonne) ist eine der bekanntesten Sehensw\u00fcrdigkeiten S\u00fcdfrankreichs. Praktisch: Direkt am Fu\u00df der Festungsstadt befindet sich der Stellplatz <a href=\"https:\/\/campingcitecarcassonne.com\/\">Camping de la Cit\u00e9<\/a>. Ein wahrer Augenschmaus f\u00fcr Liebhaber mittelalterlicher Altst\u00e4dte sind auch die nahe beieinander liegenden Gemeinden Albi und Cordes-sur-Ciel.<\/p>\n<p>Ihr n\u00e4chstes Etappenziel Toulouse verbindet dagegen sein historisches Erbe perfekt mit dem quicklebendigen Charme einer studentisch gepr\u00e4gten Metropole.<\/p>\n<p>Die weitere Strecke f\u00fchrt Sie durch die malerische Landschaft Okzitaniens bis an die baskische K\u00fcste. Im eleganten Seebad Biarritz genie\u00dfen Sie mond\u00e4nes Flair und fantastische Sandstr\u00e4nde. Ihre S\u00fcdfrankreich-Tour mit dem Wohnmobil beschlie\u00dfen Sie in Bordeaux. Die kleine Metropole im Herzen der ber\u00fchmten Weinbauregion erinnert dank ihres gro\u00dfartigen Stadtbilds auf angenehme Weise an Paris \u2013 ohne dabei touristisch allzu \u00fcberlaufen zu sein.<\/p>\n<\/div><\/section><\/div>\n<\/div><\/div><\/div><!-- close content main div --><\/div><\/div><div id='after_section_13'  class='main_color av_default_container_wrap container_wrap sidebar_right'  ><div class='container av-section-cont-open' ><div class='template-page content  av-content-small alpha units'><div class='post-entry post-entry-type-page post-entry-76912'><div class='entry-content-wrapper clearfix'>\n<\/div><\/div><\/div><!-- close content main div --><\/div><\/div><div id='av_section_14'  class='avia-section av-2dcw2r4-74922146fe2ae098d9565dec9bb21e9c main_color avia-section-default avia-no-border-styling  avia-builder-el-4  el_after_av_textblock  el_before_av_section  reduced-content avia-bg-style-scroll container_wrap sidebar_right'  ><div class='container av-section-cont-open' ><div class='template-page content  av-content-small alpha units'><div class='post-entry post-entry-type-page post-entry-76912'><div class='entry-content-wrapper clearfix'>\n<div  class='avia-button-wrap av-211c52o-682210068683aff742242ca7da190298-wrap avia-button-center '><a href='https:\/\/www.tuicamper.com\/reiseziele\/europa\/frankreich\/'  class='avia-button av-211c52o-682210068683aff742242ca7da190298 av-link-btn avia-icon_select-yes-right-icon avia-size-large avia-position-center avia-color-theme-color'   aria-label=\"Jetzt Wohnmobil mieten f\u00fcr Frankreich\"><span class='avia_iconbox_title' >Jetzt Wohnmobil mieten f\u00fcr Frankreich<\/span><span class='avia_button_icon avia_button_icon_right avia-iconfont avia-font-entypo-fontello' data-av_icon='\ue875' data-av_iconfont='entypo-fontello' ><\/span><\/a><\/div>\n\n<style type=\"text\/css\" data-created_by=\"avia_inline_auto\" id=\"style-css-av-1pxpzu8-a578758f29ca28bbf86232a1e71e70cc\">\n.flex_column.av-1pxpzu8-a578758f29ca28bbf86232a1e71e70cc{\nborder-radius:0px 0px 0px 0px;\npadding:0px 0px 0px 0px;\n}\n<\/style>\n<div  class='flex_column av-1pxpzu8-a578758f29ca28bbf86232a1e71e70cc av_one_full first flex_column_div av-zero-column-padding  '     ><style type=\"text\/css\" data-created_by=\"avia_inline_auto\" id=\"style-css-av-1ac8380-2fb228112f8b6ba1a9d8704a92eb375c\">\n#top .av_textblock_section.av-1ac8380-2fb228112f8b6ba1a9d8704a92eb375c .avia_textblock{\nfont-size:28px;\n}\n<\/style>\n<section  class='av_textblock_section av-1ac8380-2fb228112f8b6ba1a9d8704a92eb375c '   itemscope=\"itemscope\" itemtype=\"https:\/\/schema.org\/BlogPosting\" itemprop=\"blogPost\" ><div class='avia_textblock'  itemprop=\"text\" ><p><strong>Ihr TUI CAMPER-Team w\u00fcnscht Ihnen einen erlebnisreichen Wohnmobil-Urlaub in S\u00fcdfrankreich!\u00a0<\/strong><\/p>\n<\/div><\/section><\/div><div  class='av-social-sharing-box av-ixg974-bffadcb8557bda61a24a4de056b84fbd av-social-sharing-box-default av-social-sharing-box-fullwidth'><div class=\"av-share-box\"><ul class=\"av-share-box-list noLightbox\"><li class='av-share-link av-social-link-facebook avia_social_iconfont' ><a target=\"_blank\" aria-label=\"Teilen auf Facebook\" href='https:\/\/www.facebook.com\/sharer.php?u=https:\/\/www.tuicamper.com\/magazin\/schoenste-seen-in-europa\/&#038;t=Die%205%20sch%C3%B6nsten%20Seen%20f%C3%BCr%20einen%20Camper-Urlaub%20in%20Europa' data-av_icon='\ue8f3' data-av_iconfont='entypo-fontello'  title='' data-avia-related-tooltip='Teilen auf Facebook'><span class='avia_hidden_link_text'>Teilen auf Facebook<\/span><\/a><\/li><li class='av-share-link av-social-link-twitter avia_social_iconfont' ><a target=\"_blank\" aria-label=\"Teilen auf X\" href='https:\/\/twitter.com\/share?text=Die%205%20sch%C3%B6nsten%20Seen%20f%C3%BCr%20einen%20Camper-Urlaub%20in%20Europa&#038;url=https:\/\/www.tuicamper.com\/magazin\/schoenste-seen-in-europa\/' data-av_icon='\ue932' data-av_iconfont='entypo-fontello'  title='' data-avia-related-tooltip='Teilen auf X'><span class='avia_hidden_link_text'>Teilen auf X<\/span><\/a><\/li><li class='av-share-link av-social-link-whatsapp avia_social_iconfont' ><a target=\"_blank\" aria-label=\"Teilen auf WhatsApp\" href='https:\/\/api.whatsapp.com\/send?text=https:\/\/www.tuicamper.com\/magazin\/schoenste-seen-in-europa\/' data-av_icon='\uf232' data-av_iconfont='entypo-fontello'  title='' data-avia-related-tooltip='Teilen auf WhatsApp'><span class='avia_hidden_link_text'>Teilen auf WhatsApp<\/span><\/a><\/li><li class='av-share-link av-social-link-pinterest avia_social_iconfont' ><a target=\"_blank\" aria-label=\"Teilen auf Pinterest\" href='https:\/\/pinterest.com\/pin\/create\/button\/?url=https%3A%2F%2Fwww.tuicamper.com%2Fmagazin%2Fschoenste-seen-in-europa%2F&#038;description=Die%205%20sch%C3%B6nsten%20Seen%20f%C3%BCr%20einen%20Camper-Urlaub%20in%20Europa&#038;media=https%3A%2F%2Fwww.tuicamper.com%2Fwp-docker%2Fwp-content%2Fuploads%2F2019%2F10%2Fsee-europa-705x269.jpg' data-av_icon='\ue8f8' data-av_iconfont='entypo-fontello'  title='' data-avia-related-tooltip='Teilen auf Pinterest'><span class='avia_hidden_link_text'>Teilen auf Pinterest<\/span><\/a><\/li><li class='av-share-link av-social-link-mail avia_social_iconfont' ><a  aria-label=\"Per E-Mail teilen\" href='mailto:?subject=Die%205%20sch%C3%B6nsten%20Seen%20f%C3%BCr%20einen%20Camper-Urlaub%20in%20Europa&#038;body=https:\/\/www.tuicamper.com\/magazin\/schoenste-seen-in-europa\/' data-av_icon='\ue805' data-av_iconfont='entypo-fontello'  title='' data-avia-related-tooltip='Per E-Mail teilen'><span class='avia_hidden_link_text'>Per E-Mail teilen<\/span><\/a><\/li><\/ul><\/div><\/div>\n\n","protected":false},"excerpt":{"rendered":"<p>Verschlafene D\u00f6rfer und mond\u00e4ne St\u00e4dte. Str\u00e4nde und Gebirgslandschaften. Historische Altst\u00e4dte und mediterranes Flair. Erleben Sie S\u00fcdfrankreich mit dem Camper!<\/p>\n","protected":false},"author":5,"featured_media":76914,"comment_status":"open","ping_status":"open","sticky":false,"template":"","format":"standard","meta":{"footnotes":""},"categories":[8],"tags":[24],"class_list":["post-76912","post","type-post","status-publish","format-standard","has-post-thumbnail","hentry","category-reiselaender","tag-frankreich"],"yoast_head":"<!-- This site is optimized with the Yoast SEO plugin v27.4 - https:\/\/yoast.com\/product\/yoast-seo-wordpress\/ -->\n<title>S\u00fcdfrankreich mit dem Wohnmobil - Tipps &amp; Routen - TUI CAMPER<\/title>\n<meta name=\"description\" content=\"Verschlafene D\u00f6rfer und mond\u00e4ne St\u00e4dte. Str\u00e4nde und Gebirgslandschaften. Historische Altst\u00e4dte und mediterranes Flair. Erleben Sie S\u00fcdfrankreich mit dem Camper!\" \/>\n<meta name=\"robots\" content=\"index, follow, max-snippet:-1, max-image-preview:large, max-video-preview:-1\" \/>\n<link rel=\"canonical\" href=\"https:\/\/www.tuicamper.com\/magazin\/suedfrankreich-mit-dem-wohnmobil\/\" \/>\n<meta property=\"og:locale\" content=\"de_DE\" \/>\n<meta property=\"og:type\" content=\"article\" \/>\n<meta property=\"og:title\" content=\"S\u00fcdfrankreich mit dem Wohnmobil - Tipps &amp; Routen - TUI CAMPER\" \/>\n<meta property=\"og:description\" content=\"Verschlafene D\u00f6rfer und mond\u00e4ne St\u00e4dte. Str\u00e4nde und Gebirgslandschaften. Historische Altst\u00e4dte und mediterranes Flair. Erleben Sie S\u00fcdfrankreich mit dem Camper!\" \/>\n<meta property=\"og:url\" content=\"https:\/\/www.tuicamper.com\/magazin\/suedfrankreich-mit-dem-wohnmobil\/\" \/>\n<meta property=\"og:site_name\" content=\"TUI Camper Magazin\" \/>\n<meta property=\"article:published_time\" content=\"2024-04-30T14:29:16+00:00\" \/>\n<meta property=\"article:modified_time\" content=\"2024-05-02T08:21:10+00:00\" \/>\n<meta property=\"og:image\" content=\"https:\/\/www.tuicamper.com\/wp-docker\/wp-content\/uploads\/2024\/04\/Wohnmobil_Suedfrankreich_Albi.jpg\" \/>\n\t<meta property=\"og:image:width\" content=\"1280\" \/>\n\t<meta property=\"og:image:height\" content=\"492\" \/>\n\t<meta property=\"og:image:type\" content=\"image\/jpeg\" \/>\n<meta name=\"author\" content=\"Olli\" \/>\n<meta name=\"twitter:card\" content=\"summary_large_image\" \/>\n<meta name=\"twitter:label1\" content=\"Verfasst von\" \/>\n\t<meta name=\"twitter:data1\" content=\"Olli\" \/>\n\t<meta name=\"twitter:label2\" content=\"Gesch\u00e4tzte Lesezeit\" \/>\n\t<meta name=\"twitter:data2\" content=\"7\u00a0Minuten\" \/>\n<!-- \/ Yoast SEO plugin. -->","yoast_head_json":{"title":"S\u00fcdfrankreich mit dem Wohnmobil - Tipps & Routen - TUI CAMPER","description":"Verschlafene D\u00f6rfer und mond\u00e4ne St\u00e4dte. Str\u00e4nde und Gebirgslandschaften. Historische Altst\u00e4dte und mediterranes Flair. Erleben Sie S\u00fcdfrankreich mit dem Camper!","robots":{"index":"index","follow":"follow","max-snippet":"max-snippet:-1","max-image-preview":"max-image-preview:large","max-video-preview":"max-video-preview:-1"},"canonical":"https:\/\/www.tuicamper.com\/magazin\/suedfrankreich-mit-dem-wohnmobil\/","og_locale":"de_DE","og_type":"article","og_title":"S\u00fcdfrankreich mit dem Wohnmobil - Tipps & Routen - TUI CAMPER","og_description":"Verschlafene D\u00f6rfer und mond\u00e4ne St\u00e4dte. Str\u00e4nde und Gebirgslandschaften. Historische Altst\u00e4dte und mediterranes Flair. Erleben Sie S\u00fcdfrankreich mit dem Camper!","og_url":"https:\/\/www.tuicamper.com\/magazin\/suedfrankreich-mit-dem-wohnmobil\/","og_site_name":"TUI Camper Magazin","article_published_time":"2024-04-30T14:29:16+00:00","article_modified_time":"2024-05-02T08:21:10+00:00","og_image":[{"width":1280,"height":492,"url":"https:\/\/www.tuicamper.com\/wp-docker\/wp-content\/uploads\/2024\/04\/Wohnmobil_Suedfrankreich_Albi.jpg","type":"image\/jpeg"}],"author":"Olli","twitter_card":"summary_large_image","twitter_misc":{"Verfasst von":"Olli","Gesch\u00e4tzte Lesezeit":"7\u00a0Minuten"},"schema":{"@context":"https:\/\/schema.org","@graph":[{"@type":"Article","@id":"https:\/\/www.tuicamper.com\/magazin\/suedfrankreich-mit-dem-wohnmobil\/#article","isPartOf":{"@id":"https:\/\/www.tuicamper.com\/magazin\/suedfrankreich-mit-dem-wohnmobil\/"},"author":{"name":"Olli","@id":"https:\/\/www.tuicamper.com\/wp-docker\/#\/schema\/person\/98975e733813f701672fd75ef9df8b69"},"headline":"S\u00fcdfrankreich mit dem Wohnmobil \u2013 Tipps f\u00fcr eine unvergessliche Camper-Tour","datePublished":"2024-04-30T14:29:16+00:00","dateModified":"2024-05-02T08:21:10+00:00","mainEntityOfPage":{"@id":"https:\/\/www.tuicamper.com\/magazin\/suedfrankreich-mit-dem-wohnmobil\/"},"wordCount":5142,"commentCount":0,"image":{"@id":"https:\/\/www.tuicamper.com\/magazin\/suedfrankreich-mit-dem-wohnmobil\/#primaryimage"},"thumbnailUrl":"https:\/\/www.tuicamper.com\/wp-docker\/wp-content\/uploads\/2024\/04\/Wohnmobil_Suedfrankreich_Albi.jpg","keywords":["Frankreich"],"articleSection":["Reisel\u00e4nder"],"inLanguage":"de","potentialAction":[{"@type":"CommentAction","name":"Comment","target":["https:\/\/www.tuicamper.com\/magazin\/suedfrankreich-mit-dem-wohnmobil\/#respond"]}]},{"@type":"WebPage","@id":"https:\/\/www.tuicamper.com\/magazin\/suedfrankreich-mit-dem-wohnmobil\/","url":"https:\/\/www.tuicamper.com\/magazin\/suedfrankreich-mit-dem-wohnmobil\/","name":"S\u00fcdfrankreich mit dem Wohnmobil - Tipps & Routen - TUI CAMPER","isPartOf":{"@id":"https:\/\/www.tuicamper.com\/#website"},"primaryImageOfPage":{"@id":"https:\/\/www.tuicamper.com\/magazin\/suedfrankreich-mit-dem-wohnmobil\/#primaryimage"},"image":{"@id":"https:\/\/www.tuicamper.com\/magazin\/suedfrankreich-mit-dem-wohnmobil\/#primaryimage"},"thumbnailUrl":"https:\/\/www.tuicamper.com\/wp-content\/uploads\/2024\/04\/Wohnmobil_Suedfrankreich_Albi.jpg","datePublished":"2024-04-30T14:29:16+00:00","dateModified":"2024-05-02T08:21:10+00:00","author":{"@id":"https:\/\/www.tuicamper.com\/#\/schema\/person\/98975e733813f701672fd75ef9df8b69"},"description":"Verschlafene D\u00f6rfer und mond\u00e4ne St\u00e4dte. Str\u00e4nde und Gebirgslandschaften. Historische Altst\u00e4dte und mediterranes Flair. Erleben Sie S\u00fcdfrankreich mit dem Camper!","breadcrumb":{"@id":"https:\/\/www.tuicamper.com\/magazin\/suedfrankreich-mit-dem-wohnmobil\/#breadcrumb"},"inLanguage":"de","potentialAction":["Array"]},{"@type":"ImageObject","inLanguage":"de","@id":"https:\/\/www.tuicamper.com\/magazin\/suedfrankreich-mit-dem-wohnmobil\/#primaryimage","url":"https:\/\/www.tuicamper.com\/wp-docker\/wp-content\/uploads\/2024\/04\/Wohnmobil_Suedfrankreich_Albi.jpg","contentUrl":"https:\/\/www.tuicamper.com\/wp-docker\/wp-content\/uploads\/2024\/04\/Wohnmobil_Suedfrankreich_Albi.jpg","width":1280,"height":492,"caption":"Wohnmobil Suedfrankreich Albi"},{"@type":"BreadcrumbList","@id":"https:\/\/www.tuicamper.com\/magazin\/suedfrankreich-mit-dem-wohnmobil\/#breadcrumb","itemListElement":[{"@type":"ListItem","position":1,"name":"Startseite","item":"https:\/\/www.tuicamper.com\/wp-docker\/"},{"@type":"ListItem","position":2,"name":"S\u00fcdfrankreich mit dem Wohnmobil \u2013 Tipps f\u00fcr eine unvergessliche Camper-Tour"}]},{"@type":"WebSite","@id":"https:\/\/www.tuicamper.com\/#website","url":"https:\/\/www.tuicamper.com\/","name":"TUI Camper Magazin","description":"","potentialAction":["Array"],"inLanguage":"de"},{"@type":"Person","@id":"https:\/\/www.tuicamper.com\/wp-docker\/#\/schema\/person\/98975e733813f701672fd75ef9df8b69","name":"Olli","image":{"@type":"ImageObject","inLanguage":"de","@id":"https:\/\/secure.gravatar.com\/avatar\/4529b17b9a4dec34d38f705f89e1db8c906d30537b64d795d775d528c07951ff?s=96&d=mm&r=g","url":"https:\/\/secure.gravatar.com\/avatar\/4529b17b9a4dec34d38f705f89e1db8c906d30537b64d795d775d528c07951ff?s=96&d=mm&r=g","contentUrl":"https:\/\/secure.gravatar.com\/avatar\/4529b17b9a4dec34d38f705f89e1db8c906d30537b64d795d775d528c07951ff?s=96&d=mm&r=g","caption":"Olli"},"url":"https:\/\/www.tuicamper.com\/wp-docker\/magazin\/author\/olli\/"}]}},"_links":{"self":[{"href":"https:\/\/www.tuicamper.com\/wp-docker\/wp-json\/wp\/v2\/posts\/76912","targetHints":{"allow":["GET"]}}],"collection":[{"href":"https:\/\/www.tuicamper.com\/wp-docker\/wp-json\/wp\/v2\/posts"}],"about":[{"href":"https:\/\/www.tuicamper.com\/wp-docker\/wp-json\/wp\/v2\/types\/post"}],"author":[{"embeddable":true,"href":"https:\/\/www.tuicamper.com\/wp-docker\/wp-json\/wp\/v2\/users\/5"}],"replies":[{"embeddable":true,"href":"https:\/\/www.tuicamper.com\/wp-docker\/wp-json\/wp\/v2\/comments?post=76912"}],"version-history":[{"count":17,"href":"https:\/\/www.tuicamper.com\/wp-docker\/wp-json\/wp\/v2\/posts\/76912\/revisions"}],"predecessor-version":[{"id":81900,"href":"https:\/\/www.tuicamper.com\/wp-docker\/wp-json\/wp\/v2\/posts\/76912\/revisions\/81900"}],"wp:featuredmedia":[{"embeddable":true,"href":"https:\/\/www.tuicamper.com\/wp-docker\/wp-json\/wp\/v2\/media\/76914"}],"wp:attachment":[{"href":"https:\/\/www.tuicamper.com\/wp-docker\/wp-json\/wp\/v2\/media?parent=76912"}],"wp:term":[{"taxonomy":"category","embeddable":true,"href":"https:\/\/www.tuicamper.com\/wp-docker\/wp-json\/wp\/v2\/categories?post=76912"},{"taxonomy":"post_tag","embeddable":true,"href":"https:\/\/www.tuicamper.com\/wp-docker\/wp-json\/wp\/v2\/tags?post=76912"}],"curies":[{"name":"wp","href":"https:\/\/api.w.org\/{rel}","templated":true}]}}