{"id":760,"date":"2019-04-03T13:56:15","date_gmt":"2019-04-03T11:56:15","guid":{"rendered":"https:\/\/www.tuicamper.com\/wp-docker\/?p=760"},"modified":"2019-05-03T11:15:56","modified_gmt":"2019-05-03T09:15:56","slug":"camper-fehler","status":"publish","type":"post","link":"https:\/\/www.tuicamper.com\/magazin\/camper-fehler\/","title":{"rendered":"Typische Anf\u00e4ngerfehler im Camper-Urlaub \u2013 und wie man sie vermeidet!"},"content":{"rendered":"<div id='av_section_1'  class='avia-section av-jt5vrdgv-4386718e65b314e69682ca60ae604601 main_color avia-section-default avia-no-border-styling  avia-builder-el-0  el_before_av_textblock  avia-builder-el-first  reduced-content avia-bg-style-scroll container_wrap sidebar_right'  ><div class='container av-section-cont-open' ><main  role=\"main\" itemprop=\"mainContentOfPage\"  class='template-page content  av-content-small alpha units'><div class='post-entry post-entry-type-page post-entry-760'><div class='entry-content-wrapper clearfix'>\n\n<style type=\"text\/css\" data-created_by=\"avia_inline_auto\" id=\"style-css-av-1g5aou-6e8505d9de1136ce38f66b0d0e5d2a36\">\n.flex_column.av-1g5aou-6e8505d9de1136ce38f66b0d0e5d2a36{\nborder-radius:0px 0px 0px 0px;\npadding:0px 0px 0px 0px;\n}\n<\/style>\n<div  class='flex_column av-1g5aou-6e8505d9de1136ce38f66b0d0e5d2a36 av_one_full  avia-builder-el-1  avia-builder-el-no-sibling  first flex_column_div av-zero-column-padding  '     ><section  class='av_textblock_section av-jt5tjyk0-1e04ddf86ca9bd8201b4b17bbb4a6491 '   itemscope=\"itemscope\" itemtype=\"https:\/\/schema.org\/BlogPosting\" itemprop=\"blogPost\" ><div class='avia_textblock'  itemprop=\"text\" ><p>L\u00e4stige \u00dcberladung, stinkendes WC, unn\u00f6tiger Stress: Gerade f\u00fcr unerfahrene Wohnmobil-Reisende lauern im Camping-Urlaub zahlreiche Fallstricke. Die gute Nachricht: Die meisten dieser typischen Anf\u00e4ngerfehler im Wohnmobil-Urlaub lassen sich mit dem n\u00f6tigen Vorwissen ohne gro\u00dfen Aufwand vermeiden. Wir stellen klassische Camper-Fehler vor und zeigen Ihnen, wie Sie diese vermeiden k\u00f6nnen!<\/p>\n<\/div><\/section><\/div>\n<\/div><\/div><\/main><!-- close content main element --><\/div><\/div><div id='after_section_1'  class='main_color av_default_container_wrap container_wrap sidebar_right'  ><div class='container av-section-cont-open' ><div class='template-page content  av-content-small alpha units'><div class='post-entry post-entry-type-page post-entry-760'><div class='entry-content-wrapper clearfix'>\n<section  class='av_textblock_section av-jtpqpty6-550c066a997ebaf648fccc87d0b9ff16 '   itemscope=\"itemscope\" itemtype=\"https:\/\/schema.org\/BlogPosting\" itemprop=\"blogPost\" ><div class='avia_textblock'  itemprop=\"text\" >\n<\/div><\/section>\n<\/div><\/div><\/div><!-- close content main div --><\/div><\/div><div id='av_section_2'  class='avia-section av-jt5vrdgv-4386718e65b314e69682ca60ae604601 main_color avia-section-default avia-no-border-styling  avia-builder-el-4  el_after_av_textblock  el_before_av_section  reduced-content avia-bg-style-scroll container_wrap sidebar_right'  ><div class='container av-section-cont-open' ><div class='template-page content  av-content-small alpha units'><div class='post-entry post-entry-type-page post-entry-760'><div class='entry-content-wrapper clearfix'>\n<section  class='av_textblock_section av-jt5tjyk0-1e04ddf86ca9bd8201b4b17bbb4a6491 '   itemscope=\"itemscope\" itemtype=\"https:\/\/schema.org\/BlogPosting\" itemprop=\"blogPost\" ><div class='avia_textblock'  itemprop=\"text\" ><div id=\"js-table-of-contents\">\r\n    <strong>Inhaltsverzeichnis<\/strong>\r\n<\/div>\n<\/div><\/section>\n\n<\/div><\/div><\/div><!-- close content main div --><\/div><\/div><div id='av_section_3'  class='avia-section av-jt5vrdgv-4386718e65b314e69682ca60ae604601 main_color avia-section-default avia-no-border-styling  avia-builder-el-6  el_after_av_section  el_before_av_section  reduced-content avia-bg-style-scroll container_wrap sidebar_right'  ><div class='container av-section-cont-open' ><div class='template-page content  av-content-small alpha units'><div class='post-entry post-entry-type-page post-entry-760'><div class='entry-content-wrapper clearfix'>\n\n<style type=\"text\/css\" data-created_by=\"avia_inline_auto\" id=\"style-css-av-1g5aou-6e8505d9de1136ce38f66b0d0e5d2a36\">\n.flex_column.av-1g5aou-6e8505d9de1136ce38f66b0d0e5d2a36{\nborder-radius:0px 0px 0px 0px;\npadding:0px 0px 0px 0px;\n}\n<\/style>\n<div  class='flex_column av-1g5aou-6e8505d9de1136ce38f66b0d0e5d2a36 av_one_full  avia-builder-el-7  avia-builder-el-no-sibling  first flex_column_div av-zero-column-padding  '     ><section  class='av_textblock_section av-jt5tjyk0-1e04ddf86ca9bd8201b4b17bbb4a6491 '   itemscope=\"itemscope\" itemtype=\"https:\/\/schema.org\/BlogPosting\" itemprop=\"blogPost\" ><div class='avia_textblock'  itemprop=\"text\" ><h2>Meist zu viel des Guten: das Camper-Gep\u00e4ck<\/h2>\n<p>Es mag nach einer typischen Binsenweisheit klingen. Doch in puncto Gep\u00e4ck im Wohnmobil-Urlaub ist weniger tats\u00e4chlich mehr. Die meisten Camping-Anf\u00e4nger neigen dazu, Ihr Wohnmobil vor Reiseantritt heillos zu \u00fcberladen. Das hat gleich zwei gro\u00dfe Nachteile:<\/p>\n<ol>\n<li>Im Camper wird es ungem\u00fctlich eng, was gerade auf l\u00e4ngeren Strecken zur regelrechten Qual ausarten und den Stressfaktor unn\u00f6tig in die H\u00f6he treiben kann.<\/li>\n<li>Die Rechnung ist denkbar einfach: Je mehr Gep\u00e4ck Sie mitnehmen, desto schwerer wird Ihr Wohnmobil. Die unvermeidbare Folge: Der <a href=\"https:\/\/www.tuicamper.com\/magazin\/sprit-sparen\/\">Benzinverbrauch<\/a> schnellt in die H\u00f6he.<\/li>\n<\/ol>\n<p>Beim Packen f\u00fcr Ihre erste Camper-Reise sind Sie daher gut damit beraten, in m\u00f6glichst kleinen Dimensionen zu denken. Versuchen Sie Werkzeug, Kochausr\u00fcstung und Bekleidung auf das Wesentliche zu beschr\u00e4nken.<\/p>\n<\/div><\/section><\/div>\n\n<\/div><\/div><\/div><!-- close content main div --><\/div><\/div><div id='av_section_4'  class='avia-section av-jt5vrdgv-4386718e65b314e69682ca60ae604601 main_color avia-section-default avia-no-border-styling  avia-builder-el-9  el_after_av_section  el_before_av_textblock  reduced-content avia-bg-style-scroll container_wrap sidebar_right'  ><div class='container av-section-cont-open' ><div class='template-page content  av-content-small alpha units'><div class='post-entry post-entry-type-page post-entry-760'><div class='entry-content-wrapper clearfix'>\n\n<style type=\"text\/css\" data-created_by=\"avia_inline_auto\" id=\"style-css-av-1g5aou-6e8505d9de1136ce38f66b0d0e5d2a36\">\n.flex_column.av-1g5aou-6e8505d9de1136ce38f66b0d0e5d2a36{\nborder-radius:0px 0px 0px 0px;\npadding:0px 0px 0px 0px;\n}\n<\/style>\n<div  class='flex_column av-1g5aou-6e8505d9de1136ce38f66b0d0e5d2a36 av_one_full  avia-builder-el-10  avia-builder-el-no-sibling  first flex_column_div av-zero-column-padding  '     ><section  class='av_textblock_section av-jt5tjyk0-1e04ddf86ca9bd8201b4b17bbb4a6491 '   itemscope=\"itemscope\" itemtype=\"https:\/\/schema.org\/BlogPosting\" itemprop=\"blogPost\" ><div class='avia_textblock'  itemprop=\"text\" ><h3>Tipp: Packplan erstellen und falsches Packen vermeiden<\/h3>\n<p>Der h\u00e4ufigste Grund f\u00fcr ein \u00dcberladen des Wohnmobils liegt in der falschen (bzw. nicht vorhandenen) Planung. Wer spontan anf\u00e4ngt zu packen, wird mit sehr hoher Wahrscheinlichkeit zu viel Gep\u00e4ck mitnehmen. Ein durchdachter Packplan, der nur die wirklich notwendigen Bekleidungs- und Ausr\u00fcstungsgegenst\u00e4nde auff\u00fchrt, schafft hier Abhilfe.<br \/>\nZudem hilft er bei der Beladung des Wohnmobils, die bei unerfahrenen Wohnmobil-Urlaubern gerne mal etwas chaotischer ausf\u00e4llt. So f\u00e4llt es mit Packplan leichter, dem Verstauen des Gep\u00e4cks ein logisches Prinzip zu Grunde zu legen. Das erleichtert das sp\u00e4tere Auffinden von kleineren Gegenst\u00e4nden.<\/p>\n<\/div><\/section><\/div>\n<\/div><\/div><\/div><!-- close content main div --><\/div><\/div><div id='after_section_4'  class='main_color av_default_container_wrap container_wrap sidebar_right'  ><div class='container av-section-cont-open' ><div class='template-page content  av-content-small alpha units'><div class='post-entry post-entry-type-page post-entry-760'><div class='entry-content-wrapper clearfix'>\n<section  class='av_textblock_section av-jtpqpty6-550c066a997ebaf648fccc87d0b9ff16 '   itemscope=\"itemscope\" itemtype=\"https:\/\/schema.org\/BlogPosting\" itemprop=\"blogPost\" ><div class='avia_textblock'  itemprop=\"text\" >\r\n<div style=\"clear: both;\"><\/div>\r\n<div class=\"post-breaker-item breaker-type-default\">\r\n    <div class=\"post-breaker-item-inner\">\r\n                    \n<style type=\"text\/css\" data-created_by=\"avia_inline_auto\" id=\"style-css-av-jtpksizx-4b352f2a2752c01e58a4c67632af1aa6\">\n#top .av_textblock_section.av-jtpksizx-4b352f2a2752c01e58a4c67632af1aa6 .avia_textblock{\nfont-size:28px;\n}\n<\/style>\n<section  class='av_textblock_section av-jtpksizx-4b352f2a2752c01e58a4c67632af1aa6 '   itemscope=\"itemscope\" itemtype=\"https:\/\/schema.org\/BlogPosting\" itemprop=\"blogPost\" ><div class='avia_textblock'  itemprop=\"text\" ><p><strong>\u2013 Lesen Sie auch \u2013<\/strong><\/p>\n<\/div><\/section>\n\n<style type=\"text\/css\" data-created_by=\"avia_inline_auto\" id=\"style-css-av-ehyb5-42286bbb62f5c947921c50b729609f1d\">\n.flex_column.av-ehyb5-42286bbb62f5c947921c50b729609f1d{\nborder-radius:0px 0px 0px 0px;\npadding:0px 0px 0px 0px;\n}\n<\/style>\n<div  class='flex_column av-ehyb5-42286bbb62f5c947921c50b729609f1d av_one_third first flex_column_div av-zero-column-padding  '     ><p>\n<style type=\"text\/css\" data-created_by=\"avia_inline_auto\" id=\"style-css-av-jt75ko0n-ae0abf66f680910458804783a0283718\">\n.avia-image-container.av-jt75ko0n-ae0abf66f680910458804783a0283718 img.avia_image{\nbox-shadow:none;\n}\n.avia-image-container.av-jt75ko0n-ae0abf66f680910458804783a0283718 .av-image-caption-overlay-center{\ncolor:#ffffff;\n}\n<\/style>\n<div  class='avia-image-container av-jt75ko0n-ae0abf66f680910458804783a0283718 av-styling-no-styling av-hover-grow av-hide-overflow av-img-linked avia_animated_image av-animated-when-visible-95 fade-in avia-align-left'   itemprop=\"image\" itemscope=\"itemscope\" itemtype=\"https:\/\/schema.org\/ImageObject\" ><div class=\"avia-image-container-inner\"><div class=\"avia-image-overlay-wrap\"><a href=\"https:\/\/www.tuicamper.com\/magazin\/wohnmobil-urlaub-mit-kindern\/\" class='avia_image '  aria-label='Wohnmobil-Urlaub mit Kindern'><img decoding=\"async\" fetchpriority=\"high\" class='wp-image-620 avia-img-lazy-loading-not-620 avia_image ' src=\"https:\/\/www.tuicamper.com\/wp-docker\/wp-content\/uploads\/2019\/03\/wohnmobil-urlaub-kinder-teaser.jpg\" alt='Wohnmobil-Urlaub mit Kindern' title='Wohnmobil-Urlaub mit Kindern'  height=\"200\" width=\"350\"  itemprop=\"thumbnailUrl\" srcset=\"https:\/\/www.tuicamper.com\/wp-docker\/wp-content\/uploads\/2019\/03\/wohnmobil-urlaub-kinder-teaser.jpg 350w, https:\/\/www.tuicamper.com\/wp-docker\/wp-content\/uploads\/2019\/03\/wohnmobil-urlaub-kinder-teaser-300x171.jpg 300w\" sizes=\"(max-width: 350px) 100vw, 350px\" \/><\/a><\/div><\/div><\/div><br \/>\n<section  class='av_textblock_section av-jt75lbqb-bba29013bb6610b0762c56b6a5ae7819 '   itemscope=\"itemscope\" itemtype=\"https:\/\/schema.org\/BlogPosting\" itemprop=\"blogPost\" ><div class='avia_textblock'  itemprop=\"text\" ><p style=\"text-align: left;\"><strong><a href=\"https:\/\/www.tuicamper.com\/magazin\/wohnmobil-urlaub-mit-kindern\/\">Wohnmobil-Urlaub mit Kindern \u2013 Tipps zum entspannten Reisen<\/a><\/strong><\/p>\n<\/div><\/section><\/p><\/div>\n<style type=\"text\/css\" data-created_by=\"avia_inline_auto\" id=\"style-css-av-7tzf5-0c74ac4f5c6d3099336654f757cbc09f\">\n.flex_column.av-7tzf5-0c74ac4f5c6d3099336654f757cbc09f{\nborder-radius:0px 0px 0px 0px;\npadding:0px 0px 0px 0px;\n}\n<\/style>\n<div  class='flex_column av-7tzf5-0c74ac4f5c6d3099336654f757cbc09f av_one_third flex_column_div av-zero-column-padding  '     ><p>\n<style type=\"text\/css\" data-created_by=\"avia_inline_auto\" id=\"style-css-av-jt75ko0n-2c595d832b98b67059b43241ace6d4e3\">\n.avia-image-container.av-jt75ko0n-2c595d832b98b67059b43241ace6d4e3 img.avia_image{\nbox-shadow:none;\n}\n.avia-image-container.av-jt75ko0n-2c595d832b98b67059b43241ace6d4e3 .av-image-caption-overlay-center{\ncolor:#ffffff;\n}\n<\/style>\n<div  class='avia-image-container av-jt75ko0n-2c595d832b98b67059b43241ace6d4e3 av-styling-no-styling av-hover-grow av-hide-overflow av-img-linked avia_animated_image av-animated-when-visible-95 fade-in avia-align-left'   itemprop=\"image\" itemscope=\"itemscope\" itemtype=\"https:\/\/schema.org\/ImageObject\" ><div class=\"avia-image-container-inner\"><div class=\"avia-image-overlay-wrap\"><a href=\"https:\/\/www.tuicamper.com\/magazin\/ungeziefer-im-wohnmobil\/\" class='avia_image '  aria-label='Ungeziefer im Wohnmobil'><img decoding=\"async\" fetchpriority=\"high\" class='wp-image-781 avia-img-lazy-loading-not-781 avia_image ' src=\"https:\/\/www.tuicamper.com\/wp-docker\/wp-content\/uploads\/2019\/04\/ungeziefer-im-wohnmobil-teaser.jpg\" alt='Ungeziefer im Wohnmobil' title='Ungeziefer im Wohnmobil'  height=\"200\" width=\"350\"  itemprop=\"thumbnailUrl\" srcset=\"https:\/\/www.tuicamper.com\/wp-docker\/wp-content\/uploads\/2019\/04\/ungeziefer-im-wohnmobil-teaser.jpg 350w, https:\/\/www.tuicamper.com\/wp-docker\/wp-content\/uploads\/2019\/04\/ungeziefer-im-wohnmobil-teaser-300x171.jpg 300w\" sizes=\"(max-width: 350px) 100vw, 350px\" \/><\/a><\/div><\/div><\/div><br \/>\n<section  class='av_textblock_section av-jt75lbqb-bba29013bb6610b0762c56b6a5ae7819 '   itemscope=\"itemscope\" itemtype=\"https:\/\/schema.org\/BlogPosting\" itemprop=\"blogPost\" ><div class='avia_textblock'  itemprop=\"text\" ><p style=\"text-align: left;\"><a href=\"https:\/\/www.tuicamper.com\/magazin\/ungeziefer-im-wohnmobil\/\"><strong>Ungeziefer im Wohnmobil \u2013 Die besten Tipps gegen M\u00fccken, Spinnen Co. <\/strong><\/a><\/p>\n<\/div><\/section><\/p><\/div>\n<style type=\"text\/css\" data-created_by=\"avia_inline_auto\" id=\"style-css-av-ehyb5-8fadcff6392c44a3fc98dc4b014d4246\">\n.flex_column.av-ehyb5-8fadcff6392c44a3fc98dc4b014d4246{\nborder-radius:0px 0px 0px 0px;\npadding:0px 0px 0px 0px;\n}\n<\/style>\n<div  class='flex_column av-ehyb5-8fadcff6392c44a3fc98dc4b014d4246 av_one_third flex_column_div av-zero-column-padding  '     ><p>\n<style type=\"text\/css\" data-created_by=\"avia_inline_auto\" id=\"style-css-av-jt75ko0n-b43f370347ad460181b50c8ec8948820\">\n.avia-image-container.av-jt75ko0n-b43f370347ad460181b50c8ec8948820 img.avia_image{\nbox-shadow:none;\n}\n.avia-image-container.av-jt75ko0n-b43f370347ad460181b50c8ec8948820 .av-image-caption-overlay-center{\ncolor:#ffffff;\n}\n<\/style>\n<div  class='avia-image-container av-jt75ko0n-b43f370347ad460181b50c8ec8948820 av-styling-no-styling av-hover-grow av-hide-overflow av-img-linked avia_animated_image av-animated-when-visible-95 fade-in avia-align-left'   itemprop=\"image\" itemscope=\"itemscope\" itemtype=\"https:\/\/schema.org\/ImageObject\" ><div class=\"avia-image-container-inner\"><div class=\"avia-image-overlay-wrap\"><a href=\"https:\/\/www.tuicamper.com\/magazin\/wohnmobil-grundausruestung\/\" class='avia_image '  aria-label='Wohnmobil Grundausstattung'><img decoding=\"async\" fetchpriority=\"high\" class='wp-image-499 avia-img-lazy-loading-not-499 avia_image ' src=\"https:\/\/www.tuicamper.com\/wp-docker\/wp-content\/uploads\/2019\/03\/wohnmobil-grundausruestung-teaser.jpg\" alt='Wohnmobil Grundausstattung' title='Wohnmobil Grundausstattung'  height=\"200\" width=\"350\"  itemprop=\"thumbnailUrl\" srcset=\"https:\/\/www.tuicamper.com\/wp-docker\/wp-content\/uploads\/2019\/03\/wohnmobil-grundausruestung-teaser.jpg 350w, https:\/\/www.tuicamper.com\/wp-docker\/wp-content\/uploads\/2019\/03\/wohnmobil-grundausruestung-teaser-300x171.jpg 300w\" sizes=\"(max-width: 350px) 100vw, 350px\" \/><\/a><\/div><\/div><\/div><br \/>\n<section  class='av_textblock_section av-jt75lbqb-bba29013bb6610b0762c56b6a5ae7819 '   itemscope=\"itemscope\" itemtype=\"https:\/\/schema.org\/BlogPosting\" itemprop=\"blogPost\" ><div class='avia_textblock'  itemprop=\"text\" ><p style=\"text-align: left;\"><strong><a href=\"https:\/\/www.tuicamper.com\/magazin\/wohnmobil-grundausruestung\/\">Wohnmobil Grundausstattung \u2013 Das beste Zubeh\u00f6r &amp; n\u00fctzliche Gadgets<\/a><\/strong><\/p>\n<\/div><\/section><\/p><\/div><\/p>\n            <div style=\"clear: both;\"><\/div>\r\n            <\/div>\r\n<\/div>\r\n\n<\/div><\/section>\n<\/div><\/div><\/div><!-- close content main div --><\/div><\/div><div id='av_section_5'  class='avia-section av-jt5vrdgv-4386718e65b314e69682ca60ae604601 main_color avia-section-default avia-no-border-styling  avia-builder-el-13  el_after_av_textblock  el_before_av_section  reduced-content avia-bg-style-scroll container_wrap sidebar_right'  ><div class='container av-section-cont-open' ><div class='template-page content  av-content-small alpha units'><div class='post-entry post-entry-type-page post-entry-760'><div class='entry-content-wrapper clearfix'>\n\n<style type=\"text\/css\" data-created_by=\"avia_inline_auto\" id=\"style-css-av-1g5aou-6e8505d9de1136ce38f66b0d0e5d2a36\">\n.flex_column.av-1g5aou-6e8505d9de1136ce38f66b0d0e5d2a36{\nborder-radius:0px 0px 0px 0px;\npadding:0px 0px 0px 0px;\n}\n<\/style>\n<div  class='flex_column av-1g5aou-6e8505d9de1136ce38f66b0d0e5d2a36 av_one_full  avia-builder-el-14  avia-builder-el-no-sibling  first flex_column_div av-zero-column-padding  '     ><section  class='av_textblock_section av-jt5tjyk0-1e04ddf86ca9bd8201b4b17bbb4a6491 '   itemscope=\"itemscope\" itemtype=\"https:\/\/schema.org\/BlogPosting\" itemprop=\"blogPost\" ><div class='avia_textblock'  itemprop=\"text\" ><h2>Sicherheit geht vor: Camper-Fehler beim Laden und Sichern vermeiden<\/h2>\n<p>Viele Camper vernachl\u00e4ssigen die Sicherung ihrer Ladung. Was bisweilen als Fl\u00fcchtigkeitsfehler angesehen wird, kann fatale Folgen haben. Etwa dann, wenn Geschirr, Kochausr\u00fcstung und Co. bei einer Vollbremsung ungebremst durch den Innenraum des Wohnmobils fliegen und die Mitreisenden verletzen. Umso wichtiger ist es, auf eine korrekte Ladung und Sicherung des mitgef\u00fchrten Gep\u00e4cks zu achten. Insbesondere die folgenden Tipps sollten Sie dabei beachten.<\/p>\n<ul>\n<li>Prinzipiell gilt beim Packen nat\u00fcrlich: Schwere Gegenst\u00e4nde kommen nach unten, leichte nach oben.<\/li>\n<li>Zudem sollten schwerere Gegenst\u00e4nde m\u00f6glichst gleichm\u00e4\u00dfig verteilt werden.<\/li>\n<li>Geschirr, Besteck und Co. sollten Sie in speziellen Aufbewahrungsboxen verstauen.<\/li>\n<li>Vor Fahrtantritt sollten Sie die korrekte Sicherung von schweren Gegenst\u00e4nden noch einmal \u00fcberpr\u00fcfen. Das gilt nicht nur f\u00fcr die im Innenraum verstauten Gegenst\u00e4nde, sondern insbesondere auch f\u00fcr Kajaks, Fahrr\u00e4der und Co, die auf dem Dach oder dem Hecktr\u00e4ger befestigt worden sind.<\/li>\n<li>Haustiere\u00a0sollten w\u00e4hrend der Fahrt in geeigneten Transportsystemen untergebracht und gesichert werden.<\/li>\n<\/ul>\n<p><strong>Wichtige Informationen zu einem Camper-Urlaub mit Tieren finden Sie in unserem Artikel:<\/strong><br \/>\n<a href=\"https:\/\/www.tuicamper.com\/magazin\/wohnmobil-urlaub-mit-tieren\/\">Wohnmobil mieten mit Hund: Tipps f\u00fcr den Camper-Urlaub mit Tieren<\/a><\/p>\n<\/div><\/section><\/div>\n\n<\/div><\/div><\/div><!-- close content main div --><\/div><\/div><div id='av_section_6'  class='avia-section av-b7gvl-1eb57de5f7b7a94c40602e8cf977ebb0 main_color avia-section-default avia-no-border-styling  avia-builder-el-16  el_after_av_section  el_before_av_section  reduced-content avia-bg-style-scroll container_wrap sidebar_right'  ><div class='container av-section-cont-open' ><div class='template-page content  av-content-small alpha units'><div class='post-entry post-entry-type-page post-entry-760'><div class='entry-content-wrapper clearfix'>\n\n<style type=\"text\/css\" data-created_by=\"avia_inline_auto\" id=\"style-css-av-jtplvt5k-b22a8cbfae1d1adcfca4be43090de4d4\">\n.avia-image-container.av-jtplvt5k-b22a8cbfae1d1adcfca4be43090de4d4 img.avia_image{\nbox-shadow:none;\n}\n.avia-image-container.av-jtplvt5k-b22a8cbfae1d1adcfca4be43090de4d4 .av-caption-image-overlay-bg{\nopacity:0.4;\nbackground-color:#000000;\n}\n.avia-image-container.av-jtplvt5k-b22a8cbfae1d1adcfca4be43090de4d4 .av-image-caption-overlay-center{\ncolor:#ffffff;\n}\n<\/style>\n<div  class='avia-image-container av-jtplvt5k-b22a8cbfae1d1adcfca4be43090de4d4 av-styling- av-img-linked avia_animated_image av-animated-when-visible-95 fade-in avia-align-center  avia-builder-el-17  avia-builder-el-no-sibling  noHover av-overlay-on-hover'   itemprop=\"image\" itemscope=\"itemscope\" itemtype=\"https:\/\/schema.org\/ImageObject\" ><div class=\"avia-image-container-inner\"><div class=\"avia-image-overlay-wrap\"><a href=\"https:\/\/www.tuicamper.com\/wp-docker\/wp-content\/uploads\/2019\/04\/wohnmobil-packen-1030x686.jpg\" data-srcset=\"https:\/\/www.tuicamper.com\/wp-docker\/wp-content\/uploads\/2019\/04\/wohnmobil-packen-1030x686.jpg 1030w, https:\/\/www.tuicamper.com\/wp-docker\/wp-content\/uploads\/2019\/04\/wohnmobil-packen-300x200.jpg 300w, https:\/\/www.tuicamper.com\/wp-docker\/wp-content\/uploads\/2019\/04\/wohnmobil-packen-768x512.jpg 768w, https:\/\/www.tuicamper.com\/wp-docker\/wp-content\/uploads\/2019\/04\/wohnmobil-packen-705x470.jpg 705w, https:\/\/www.tuicamper.com\/wp-docker\/wp-content\/uploads\/2019\/04\/wohnmobil-packen-450x300.jpg 450w, https:\/\/www.tuicamper.com\/wp-docker\/wp-content\/uploads\/2019\/04\/wohnmobil-packen.jpg 1280w\" data-sizes=\"(max-width: 1030px) 100vw, 1030px\" class='avia_image '  aria-label='Wohnmobil packen'><div class=\"av-image-caption-overlay\"><div class=\"av-caption-image-overlay-bg\"><\/div><div class=\"av-image-caption-overlay-position\"><div class=\"av-image-caption-overlay-center\"><p>Wohnmobil packen<\/p>\n<\/div><\/div><\/div><img decoding=\"async\" fetchpriority=\"high\" class='wp-image-769 avia-img-lazy-loading-not-769 avia_image ' src=\"https:\/\/www.tuicamper.com\/wp-docker\/wp-content\/uploads\/2019\/04\/wohnmobil-packen-1280x630.jpg\" alt='Wohnmobil packen' title='Wohnmobil packen'  height=\"630\" width=\"1280\"  itemprop=\"thumbnailUrl\"  \/><\/a><\/div><\/div><\/div>\n\n<\/div><\/div><\/div><!-- close content main div --><\/div><\/div><div id='av_section_7'  class='avia-section av-jt5vrdgv-4386718e65b314e69682ca60ae604601 main_color avia-section-default avia-no-border-styling  avia-builder-el-18  el_after_av_section  el_before_av_section  reduced-content avia-bg-style-scroll container_wrap sidebar_right'  ><div class='container av-section-cont-open' ><div class='template-page content  av-content-small alpha units'><div class='post-entry post-entry-type-page post-entry-760'><div class='entry-content-wrapper clearfix'>\n\n<style type=\"text\/css\" data-created_by=\"avia_inline_auto\" id=\"style-css-av-1g5aou-6e8505d9de1136ce38f66b0d0e5d2a36\">\n.flex_column.av-1g5aou-6e8505d9de1136ce38f66b0d0e5d2a36{\nborder-radius:0px 0px 0px 0px;\npadding:0px 0px 0px 0px;\n}\n<\/style>\n<div  class='flex_column av-1g5aou-6e8505d9de1136ce38f66b0d0e5d2a36 av_one_full  avia-builder-el-19  avia-builder-el-no-sibling  first flex_column_div av-zero-column-padding  '     ><section  class='av_textblock_section av-jt5tjyk0-1e04ddf86ca9bd8201b4b17bbb4a6491 '   itemscope=\"itemscope\" itemtype=\"https:\/\/schema.org\/BlogPosting\" itemprop=\"blogPost\" ><div class='avia_textblock'  itemprop=\"text\" ><h2>Klassischer Campingfehler: w\u00e4hrend der Fahrt im Camper umherspazieren<\/h2>\n<p>W\u00e4hrend einer langen Camperfahrt h\u00e4lt es die wenigsten unerfahrenen Wohnmobil-Reisenden dauerhaft auf den Sitzen. W\u00e4hrend die einen einen kleinen Snack in der K\u00fcche zubereiten, machen die anderen kleine Entspannungs\u00fcbungen, um Verspannungen zu l\u00f6sen \u2013 was im B\u00fcro hilft, kann ja auch auf einer Wohnmobil-Fahrt nicht verkehrt sein, oder?<\/p>\n<p>Tats\u00e4chlich ist Aufstehen w\u00e4hrend der Fahrt im Wohnmobil absolut tabu \u2013 auch, wenn die viele Bewegungsfreiheit dazu verf\u00fchren mag. Kommt es zu einem Unfall oder muss der Fahrer pl\u00f6tzlich bremsen, k\u00f6nnen schwere Verletzungen die Folge des Bewegungsdrangs sein. Sitzen bleiben und Anschnallen ist daher Pflicht \u2013 und nat\u00fcrlich auch gesetzlich vorgeschrieben! Planen Sie lieber ausreichend Fahrpausen ein, um sich die Beine zu vertreten sowie\u00a0Ess- und Kochpausen\u00a0einzulegen.<\/p>\n<p><strong>Lesen Sie hierzu auch:<\/strong><br \/>\n<a href=\"https:\/\/www.tuicamper.com\/magazin\/kochen-im-wohnmobil-tipps-und-tricks-fuer-ihre-camper-kueche\/\">Kochen im Wohnmobil: Tipps und Tricks f\u00fcr Ihre Camper-K\u00fcche<\/a><\/p>\n<\/div><\/section><\/div>\n\n<\/div><\/div><\/div><!-- close content main div --><\/div><\/div><div id='av_section_8'  class='avia-section av-b7gvl-1eb57de5f7b7a94c40602e8cf977ebb0 main_color avia-section-default avia-no-border-styling  avia-builder-el-21  el_after_av_section  el_before_av_section  reduced-content avia-bg-style-scroll container_wrap sidebar_right'  ><div class='container av-section-cont-open' ><div class='template-page content  av-content-small alpha units'><div class='post-entry post-entry-type-page post-entry-760'><div class='entry-content-wrapper clearfix'>\n\n<style type=\"text\/css\" data-created_by=\"avia_inline_auto\" id=\"style-css-av-jtplvt5k-a721666cee4449cdedb4dea6e244ee12\">\n.avia-image-container.av-jtplvt5k-a721666cee4449cdedb4dea6e244ee12 img.avia_image{\nbox-shadow:none;\n}\n.avia-image-container.av-jtplvt5k-a721666cee4449cdedb4dea6e244ee12 .av-caption-image-overlay-bg{\nopacity:0.4;\nbackground-color:#000000;\n}\n.avia-image-container.av-jtplvt5k-a721666cee4449cdedb4dea6e244ee12 .av-image-caption-overlay-center{\ncolor:#ffffff;\n}\n<\/style>\n<div  class='avia-image-container av-jtplvt5k-a721666cee4449cdedb4dea6e244ee12 av-styling- av-img-linked avia_animated_image av-animated-when-visible-95 fade-in avia-align-center  avia-builder-el-22  avia-builder-el-no-sibling  noHover av-overlay-on-hover'   itemprop=\"image\" itemscope=\"itemscope\" itemtype=\"https:\/\/schema.org\/ImageObject\" ><div class=\"avia-image-container-inner\"><div class=\"avia-image-overlay-wrap\"><a href=\"https:\/\/www.tuicamper.com\/wp-docker\/wp-content\/uploads\/2019\/04\/essen-im-wohnmobil-1030x686.jpg\" data-srcset=\"https:\/\/www.tuicamper.com\/wp-docker\/wp-content\/uploads\/2019\/04\/essen-im-wohnmobil-1030x686.jpg 1030w, https:\/\/www.tuicamper.com\/wp-docker\/wp-content\/uploads\/2019\/04\/essen-im-wohnmobil-300x200.jpg 300w, https:\/\/www.tuicamper.com\/wp-docker\/wp-content\/uploads\/2019\/04\/essen-im-wohnmobil-768x512.jpg 768w, https:\/\/www.tuicamper.com\/wp-docker\/wp-content\/uploads\/2019\/04\/essen-im-wohnmobil-705x470.jpg 705w, https:\/\/www.tuicamper.com\/wp-docker\/wp-content\/uploads\/2019\/04\/essen-im-wohnmobil-450x300.jpg 450w, https:\/\/www.tuicamper.com\/wp-docker\/wp-content\/uploads\/2019\/04\/essen-im-wohnmobil.jpg 1280w\" data-sizes=\"(max-width: 1030px) 100vw, 1030px\" class='avia_image '  aria-label='Essen im Wohnmobil'><div class=\"av-image-caption-overlay\"><div class=\"av-caption-image-overlay-bg\"><\/div><div class=\"av-image-caption-overlay-position\"><div class=\"av-image-caption-overlay-center\"><p>Essen im Wohnmobil<\/p>\n<\/div><\/div><\/div><img decoding=\"async\" fetchpriority=\"high\" class='wp-image-772 avia-img-lazy-loading-not-772 avia_image ' src=\"https:\/\/www.tuicamper.com\/wp-docker\/wp-content\/uploads\/2019\/04\/essen-im-wohnmobil-1280x630.jpg\" alt='Essen im Wohnmobil' title='Essen im Wohnmobil'  height=\"630\" width=\"1280\"  itemprop=\"thumbnailUrl\"  \/><\/a><\/div><\/div><\/div>\n\n<\/div><\/div><\/div><!-- close content main div --><\/div><\/div><div id='av_section_9'  class='avia-section av-jt5vrdgv-4386718e65b314e69682ca60ae604601 main_color avia-section-default avia-no-border-styling  avia-builder-el-23  el_after_av_section  el_before_av_section  reduced-content avia-bg-style-scroll container_wrap sidebar_right'  ><div class='container av-section-cont-open' ><div class='template-page content  av-content-small alpha units'><div class='post-entry post-entry-type-page post-entry-760'><div class='entry-content-wrapper clearfix'>\n\n<style type=\"text\/css\" data-created_by=\"avia_inline_auto\" id=\"style-css-av-1g5aou-6e8505d9de1136ce38f66b0d0e5d2a36\">\n.flex_column.av-1g5aou-6e8505d9de1136ce38f66b0d0e5d2a36{\nborder-radius:0px 0px 0px 0px;\npadding:0px 0px 0px 0px;\n}\n<\/style>\n<div  class='flex_column av-1g5aou-6e8505d9de1136ce38f66b0d0e5d2a36 av_one_full  avia-builder-el-24  avia-builder-el-no-sibling  first flex_column_div av-zero-column-padding  '     ><section  class='av_textblock_section av-jt5tjyk0-1e04ddf86ca9bd8201b4b17bbb4a6491 '   itemscope=\"itemscope\" itemtype=\"https:\/\/schema.org\/BlogPosting\" itemprop=\"blogPost\" ><div class='avia_textblock'  itemprop=\"text\" ><h2>4 klassische Planungsfehler von Campinganf\u00e4ngern<\/h2>\n<p>Die meisten Fehler beim Camping beziehen sich auf eine unzureichende Planung \u2013 und sind damit problemlos vermeidbar. Wir zeigen Ihnen, welche typischen Planungsfehler Sie besser vermeiden sollten.<\/p>\n<\/div><\/section><\/div>\n\n<\/div><\/div><\/div><!-- close content main div --><\/div><\/div><div id='av_section_10'  class='avia-section av-jt5vrdgv-4386718e65b314e69682ca60ae604601 main_color avia-section-default avia-no-border-styling  avia-builder-el-26  el_after_av_section  el_before_av_section  reduced-content avia-bg-style-scroll container_wrap sidebar_right'  ><div class='container av-section-cont-open' ><div class='template-page content  av-content-small alpha units'><div class='post-entry post-entry-type-page post-entry-760'><div class='entry-content-wrapper clearfix'>\n\n<style type=\"text\/css\" data-created_by=\"avia_inline_auto\" id=\"style-css-av-1g5aou-6e8505d9de1136ce38f66b0d0e5d2a36\">\n.flex_column.av-1g5aou-6e8505d9de1136ce38f66b0d0e5d2a36{\nborder-radius:0px 0px 0px 0px;\npadding:0px 0px 0px 0px;\n}\n<\/style>\n<div  class='flex_column av-1g5aou-6e8505d9de1136ce38f66b0d0e5d2a36 av_one_full  avia-builder-el-27  avia-builder-el-no-sibling  first flex_column_div av-zero-column-padding  '     ><section  class='av_textblock_section av-jt5tjyk0-1e04ddf86ca9bd8201b4b17bbb4a6491 '   itemscope=\"itemscope\" itemtype=\"https:\/\/schema.org\/BlogPosting\" itemprop=\"blogPost\" ><div class='avia_textblock'  itemprop=\"text\" ><h3>1.) Vorsicht \u00dcberladung: Wassertank vor Fahrtantritt voll machen<\/h3>\n<p><b><\/b>Vielen frischgebackenen Wohnmobilfahrern erscheint es sinnvoll, den Wassertank vor Fahrtantritt so voll wie m\u00f6glich zu machen. Es handelt sich jedoch um einen klassischen Anf\u00e4ngerfehler. So fasst ein Wohnmobiltank gut 100 bis 170 Liter Wasser \u2013 ein betr\u00e4chtliches Zusatzgewicht, das den Benzinverbrauch in die H\u00f6he treibt. Zudem droht durch das \u2013 meist nicht ber\u00fccksichtigte \u2013 Zusatzgewicht eine \u00dcberladung des Campers.<br \/>\nEine Wassermenge von 10 Litern pro Person (plus gegebenenfalls eine kleine Reserve) ist im Regelfall mehr als genug. Schlie\u00dflich gibt es in nahezu jeder Wohnmobildestination in regelm\u00e4\u00dfigen Abst\u00e4nden M\u00f6glichkeiten, den Tank wieder zu f\u00fcllen \u2013 beispielsweise an Tankstellen oder auf Campingpl\u00e4tzen.<\/p>\n<\/div><\/section><\/div>\n\n<\/div><\/div><\/div><!-- close content main div --><\/div><\/div><div id='av_section_11'  class='avia-section av-b7gvl-1eb57de5f7b7a94c40602e8cf977ebb0 main_color avia-section-default avia-no-border-styling  avia-builder-el-29  el_after_av_section  el_before_av_section  reduced-content avia-bg-style-scroll container_wrap sidebar_right'  ><div class='container av-section-cont-open' ><div class='template-page content  av-content-small alpha units'><div class='post-entry post-entry-type-page post-entry-760'><div class='entry-content-wrapper clearfix'>\n\n<style type=\"text\/css\" data-created_by=\"avia_inline_auto\" id=\"style-css-av-jtplvt5k-eaf0b73a091c9e3f1125f80459704c10\">\n.avia-image-container.av-jtplvt5k-eaf0b73a091c9e3f1125f80459704c10 img.avia_image{\nbox-shadow:none;\n}\n.avia-image-container.av-jtplvt5k-eaf0b73a091c9e3f1125f80459704c10 .av-caption-image-overlay-bg{\nopacity:0.4;\nbackground-color:#000000;\n}\n.avia-image-container.av-jtplvt5k-eaf0b73a091c9e3f1125f80459704c10 .av-image-caption-overlay-center{\ncolor:#ffffff;\n}\n<\/style>\n<div  class='avia-image-container av-jtplvt5k-eaf0b73a091c9e3f1125f80459704c10 av-styling- av-img-linked avia_animated_image av-animated-when-visible-95 fade-in avia-align-center  avia-builder-el-30  avia-builder-el-no-sibling  noHover av-overlay-on-hover'   itemprop=\"image\" itemscope=\"itemscope\" itemtype=\"https:\/\/schema.org\/ImageObject\" ><div class=\"avia-image-container-inner\"><div class=\"avia-image-overlay-wrap\"><a href=\"https:\/\/www.tuicamper.com\/wp-docker\/wp-content\/uploads\/2019\/04\/wohnmobil-strom-1030x686.jpg\" data-srcset=\"https:\/\/www.tuicamper.com\/wp-docker\/wp-content\/uploads\/2019\/04\/wohnmobil-strom-1030x686.jpg 1030w, https:\/\/www.tuicamper.com\/wp-docker\/wp-content\/uploads\/2019\/04\/wohnmobil-strom-300x200.jpg 300w, https:\/\/www.tuicamper.com\/wp-docker\/wp-content\/uploads\/2019\/04\/wohnmobil-strom-768x512.jpg 768w, https:\/\/www.tuicamper.com\/wp-docker\/wp-content\/uploads\/2019\/04\/wohnmobil-strom-705x470.jpg 705w, https:\/\/www.tuicamper.com\/wp-docker\/wp-content\/uploads\/2019\/04\/wohnmobil-strom-450x300.jpg 450w, https:\/\/www.tuicamper.com\/wp-docker\/wp-content\/uploads\/2019\/04\/wohnmobil-strom.jpg 1280w\" data-sizes=\"(max-width: 1030px) 100vw, 1030px\" class='avia_image '  aria-label='Wohnmobil Stromanschluss'><div class=\"av-image-caption-overlay\"><div class=\"av-caption-image-overlay-bg\"><\/div><div class=\"av-image-caption-overlay-position\"><div class=\"av-image-caption-overlay-center\"><p>Wohnmobil Stromanschluss<\/p>\n<\/div><\/div><\/div><img decoding=\"async\" fetchpriority=\"high\" class='wp-image-774 avia-img-lazy-loading-not-774 avia_image ' src=\"https:\/\/www.tuicamper.com\/wp-docker\/wp-content\/uploads\/2019\/04\/wohnmobil-strom-1280x630.jpg\" alt='Wohnmobil Stromanschluss' title='Wohnmobil Stromanschluss'  height=\"630\" width=\"1280\"  itemprop=\"thumbnailUrl\"  \/><\/a><\/div><\/div><\/div>\n\n<\/div><\/div><\/div><!-- close content main div --><\/div><\/div><div id='av_section_12'  class='avia-section av-jt5vrdgv-4386718e65b314e69682ca60ae604601 main_color avia-section-default avia-no-border-styling  avia-builder-el-31  el_after_av_section  el_before_av_section  reduced-content avia-bg-style-scroll container_wrap sidebar_right'  ><div class='container av-section-cont-open' ><div class='template-page content  av-content-small alpha units'><div class='post-entry post-entry-type-page post-entry-760'><div class='entry-content-wrapper clearfix'>\n\n<style type=\"text\/css\" data-created_by=\"avia_inline_auto\" id=\"style-css-av-1g5aou-6e8505d9de1136ce38f66b0d0e5d2a36\">\n.flex_column.av-1g5aou-6e8505d9de1136ce38f66b0d0e5d2a36{\nborder-radius:0px 0px 0px 0px;\npadding:0px 0px 0px 0px;\n}\n<\/style>\n<div  class='flex_column av-1g5aou-6e8505d9de1136ce38f66b0d0e5d2a36 av_one_full  avia-builder-el-32  avia-builder-el-no-sibling  first flex_column_div av-zero-column-padding  '     ><section  class='av_textblock_section av-jt5tjyk0-1e04ddf86ca9bd8201b4b17bbb4a6491 '   itemscope=\"itemscope\" itemtype=\"https:\/\/schema.org\/BlogPosting\" itemprop=\"blogPost\" ><div class='avia_textblock'  itemprop=\"text\" ><h3>2.) Der sinnlose Kampf um die sonnigsten Stellpl\u00e4tze<\/h3>\n<p>Was Reisende mit wenig Campingerfahrung oft noch nicht wissen: Die sonnigsten Stellpl\u00e4tze sind nicht immer die besten. Gerade im Sommer kann es auf einem Platz in der Sonne ungem\u00fctlich hei\u00df werden. Halten Sie daher besser nach schattigen Pl\u00e4tzen Ausschau. Wichtig: Achten Sie dabei auf die Umgebung und bedenken Sie den Verlauf der Sonne. Wer das Wohnmobil morgens auf einen schattigen Platz stellt, steht gegen Mittag wom\u00f6glich schon in der prallen Sonne.<\/p>\n<p><strong>Erfahren Sie mehr zur Stellplatzsuche in unserem Artikel:<\/strong><br \/>\n<a href=\"https:\/\/www.tuicamper.com\/magazin\/wohnmobil-stellplatz\/\">Wohnmobil-Stellplatz \u2013 Welche \u00dcbernachtungsm\u00f6glichkeiten gibt es mit dem Camper?<\/a><\/p>\n<\/div><\/section><\/div>\n\n<\/div><\/div><\/div><!-- close content main div --><\/div><\/div><div id='av_section_13'  class='avia-section av-jt5vrdgv-4386718e65b314e69682ca60ae604601 main_color avia-section-default avia-no-border-styling  avia-builder-el-34  el_after_av_section  el_before_av_section  reduced-content avia-bg-style-scroll container_wrap sidebar_right'  ><div class='container av-section-cont-open' ><div class='template-page content  av-content-small alpha units'><div class='post-entry post-entry-type-page post-entry-760'><div class='entry-content-wrapper clearfix'>\n\n<style type=\"text\/css\" data-created_by=\"avia_inline_auto\" id=\"style-css-av-1g5aou-6e8505d9de1136ce38f66b0d0e5d2a36\">\n.flex_column.av-1g5aou-6e8505d9de1136ce38f66b0d0e5d2a36{\nborder-radius:0px 0px 0px 0px;\npadding:0px 0px 0px 0px;\n}\n<\/style>\n<div  class='flex_column av-1g5aou-6e8505d9de1136ce38f66b0d0e5d2a36 av_one_full  avia-builder-el-35  avia-builder-el-no-sibling  first flex_column_div av-zero-column-padding  '     ><section  class='av_textblock_section av-jt5tjyk0-1e04ddf86ca9bd8201b4b17bbb4a6491 '   itemscope=\"itemscope\" itemtype=\"https:\/\/schema.org\/BlogPosting\" itemprop=\"blogPost\" ><div class='avia_textblock'  itemprop=\"text\" ><h3>3.) Nicht zu empfehlen: eine allzu strikte Routenplanung<\/h3>\n<p>Absolute Camping-Neulinge sind sehr oft viel zu ambitioniert, was die Routenplanung betrifft. Dabei sind Verz\u00f6gerungen im Camping-Urlaub eher die Regel als die Ausnahme. Oft gef\u00e4llt es einem an Ort und Stelle schlicht so gut, dass man sich kaum losrei\u00dfen kann. Wirbelt jedoch schon die kleinste zeitliche Abweichung vom festgelegten Zeitplan die gesamte Planung durcheinander, wird es schwer die gesteckten Ziele zu erreichen. Camper-Anf\u00e4nger sollten daher stets gen\u00fcgend zeitlichen Puffer einplanen, um flexibel zu bleiben.<\/p>\n<p><strong>Lesen Sie hierzu auch unseren Artikel:<\/strong><br \/>\n<a href=\"https:\/\/www.tuicamper.com\/magazin\/streckenplanung\/\">Streckenplanung: Clevere Tipps f\u00fcr eine entspannte Wohnmobil-Tour<\/a><\/p>\n<\/div><\/section><\/div>\n\n<\/div><\/div><\/div><!-- close content main div --><\/div><\/div><div id='av_section_14'  class='avia-section av-b7gvl-1eb57de5f7b7a94c40602e8cf977ebb0 main_color avia-section-default avia-no-border-styling  avia-builder-el-37  el_after_av_section  el_before_av_section  reduced-content avia-bg-style-scroll container_wrap sidebar_right'  ><div class='container av-section-cont-open' ><div class='template-page content  av-content-small alpha units'><div class='post-entry post-entry-type-page post-entry-760'><div class='entry-content-wrapper clearfix'>\n\n<style type=\"text\/css\" data-created_by=\"avia_inline_auto\" id=\"style-css-av-jtplvt5k-b926305014a717dd71e8bcf1565242a6\">\n.avia-image-container.av-jtplvt5k-b926305014a717dd71e8bcf1565242a6 img.avia_image{\nbox-shadow:none;\n}\n.avia-image-container.av-jtplvt5k-b926305014a717dd71e8bcf1565242a6 .av-caption-image-overlay-bg{\nopacity:0.4;\nbackground-color:#000000;\n}\n.avia-image-container.av-jtplvt5k-b926305014a717dd71e8bcf1565242a6 .av-image-caption-overlay-center{\ncolor:#ffffff;\n}\n<\/style>\n<div  class='avia-image-container av-jtplvt5k-b926305014a717dd71e8bcf1565242a6 av-styling- av-img-linked avia_animated_image av-animated-when-visible-95 fade-in avia-align-center  avia-builder-el-38  avia-builder-el-no-sibling  noHover av-overlay-on-hover'   itemprop=\"image\" itemscope=\"itemscope\" itemtype=\"https:\/\/schema.org\/ImageObject\" ><div class=\"avia-image-container-inner\"><div class=\"avia-image-overlay-wrap\"><a href=\"https:\/\/www.tuicamper.com\/wp-docker\/wp-content\/uploads\/2019\/04\/stellplatz-in-der-sonne-1030x687.jpg\" data-srcset=\"https:\/\/www.tuicamper.com\/wp-docker\/wp-content\/uploads\/2019\/04\/stellplatz-in-der-sonne-1030x687.jpg 1030w, https:\/\/www.tuicamper.com\/wp-docker\/wp-content\/uploads\/2019\/04\/stellplatz-in-der-sonne-300x200.jpg 300w, https:\/\/www.tuicamper.com\/wp-docker\/wp-content\/uploads\/2019\/04\/stellplatz-in-der-sonne-768x512.jpg 768w, https:\/\/www.tuicamper.com\/wp-docker\/wp-content\/uploads\/2019\/04\/stellplatz-in-der-sonne-705x470.jpg 705w, https:\/\/www.tuicamper.com\/wp-docker\/wp-content\/uploads\/2019\/04\/stellplatz-in-der-sonne-450x300.jpg 450w, https:\/\/www.tuicamper.com\/wp-docker\/wp-content\/uploads\/2019\/04\/stellplatz-in-der-sonne.jpg 1280w\" data-sizes=\"(max-width: 1030px) 100vw, 1030px\" class='avia_image '  aria-label='Stellplatz in der Sonne'><div class=\"av-image-caption-overlay\"><div class=\"av-caption-image-overlay-bg\"><\/div><div class=\"av-image-caption-overlay-position\"><div class=\"av-image-caption-overlay-center\"><p>Stellplatz in der Sonne am Meer<\/p>\n<\/div><\/div><\/div><img decoding=\"async\" fetchpriority=\"high\" class='wp-image-775 avia-img-lazy-loading-not-775 avia_image ' src=\"https:\/\/www.tuicamper.com\/wp-docker\/wp-content\/uploads\/2019\/04\/stellplatz-in-der-sonne-1280x630.jpg\" alt='Stellplatz in der Sonne' title='Stellplatz in der Sonne'  height=\"630\" width=\"1280\"  itemprop=\"thumbnailUrl\"  \/><\/a><\/div><\/div><\/div>\n\n<\/div><\/div><\/div><!-- close content main div --><\/div><\/div><div id='av_section_15'  class='avia-section av-jt5vrdgv-4386718e65b314e69682ca60ae604601 main_color avia-section-default avia-no-border-styling  avia-builder-el-39  el_after_av_section  el_before_av_section  reduced-content avia-bg-style-scroll container_wrap sidebar_right'  ><div class='container av-section-cont-open' ><div class='template-page content  av-content-small alpha units'><div class='post-entry post-entry-type-page post-entry-760'><div class='entry-content-wrapper clearfix'>\n\n<style type=\"text\/css\" data-created_by=\"avia_inline_auto\" id=\"style-css-av-1g5aou-6e8505d9de1136ce38f66b0d0e5d2a36\">\n.flex_column.av-1g5aou-6e8505d9de1136ce38f66b0d0e5d2a36{\nborder-radius:0px 0px 0px 0px;\npadding:0px 0px 0px 0px;\n}\n<\/style>\n<div  class='flex_column av-1g5aou-6e8505d9de1136ce38f66b0d0e5d2a36 av_one_full  avia-builder-el-40  avia-builder-el-no-sibling  first flex_column_div av-zero-column-padding  '     ><section  class='av_textblock_section av-jt5tjyk0-1e04ddf86ca9bd8201b4b17bbb4a6491 '   itemscope=\"itemscope\" itemtype=\"https:\/\/schema.org\/BlogPosting\" itemprop=\"blogPost\" ><div class='avia_textblock'  itemprop=\"text\" ><h3>4.) \u201eIst doch noch Zeit\u201c: Abwasserentsorgung hinausz\u00f6gern<\/h3>\n<p>Zugegeben, die Abwasserentsorgung ist ein l\u00e4stiges Thema. Wer entsorgt schon gerne Grau- und Schwarzwasser. Kein Wunder also, dass die Abwasserentsorgung gerne auf die lange Bank geschoben wird. Doch dieses Verhalten r\u00e4cht sich fr\u00fcher oder sp\u00e4ter. Sp\u00e4testens dann, wenn die stinkende Suppe in der Kurve pl\u00f6tzlich ins Wohnmobilinnere schwappt, sind \u00c4rger und Ekel gro\u00df. Nutzen Sie daher besser jede sich bietende Gelegenheit um Grau- und Schwarzwasser zu entsorgen. Nicht vergessen: Nach der fachgerechten Entsorgung m\u00fcssen die Tanks wieder verriegelt werden.<\/p>\n<\/div><\/section><\/div>\n\n<\/div><\/div><\/div><!-- close content main div --><\/div><\/div><div id='av_section_16'  class='avia-section av-jt5vrdgv-4386718e65b314e69682ca60ae604601 main_color avia-section-default avia-no-border-styling  avia-builder-el-42  el_after_av_section  avia-builder-el-last  reduced-content avia-bg-style-scroll container_wrap sidebar_right'  ><div class='container av-section-cont-open' ><div class='template-page content  av-content-small alpha units'><div class='post-entry post-entry-type-page post-entry-760'><div class='entry-content-wrapper clearfix'>\n\n<style type=\"text\/css\" data-created_by=\"avia_inline_auto\" id=\"style-css-av-1g5aou-6e8505d9de1136ce38f66b0d0e5d2a36\">\n.flex_column.av-1g5aou-6e8505d9de1136ce38f66b0d0e5d2a36{\nborder-radius:0px 0px 0px 0px;\npadding:0px 0px 0px 0px;\n}\n<\/style>\n<div  class='flex_column av-1g5aou-6e8505d9de1136ce38f66b0d0e5d2a36 av_one_full  avia-builder-el-43  el_before_av_social_share  avia-builder-el-first  first flex_column_div av-zero-column-padding  '     ><style type=\"text\/css\" data-created_by=\"avia_inline_auto\" id=\"style-css-av-jt5tjyk0-26a28d0242835cbba60d70517a13c769\">\n#top .av_textblock_section.av-jt5tjyk0-26a28d0242835cbba60d70517a13c769 .avia_textblock{\nfont-size:28px;\n}\n<\/style>\n<section  class='av_textblock_section av-jt5tjyk0-26a28d0242835cbba60d70517a13c769 '   itemscope=\"itemscope\" itemtype=\"https:\/\/schema.org\/BlogPosting\" itemprop=\"blogPost\" ><div class='avia_textblock'  itemprop=\"text\" ><p><strong>Ihr TUI CAMPER-Team w\u00fcnscht Ihnen einen sicheren, fehlerfreien Wohnmobil-Urlaub!<\/strong><\/p>\n<\/div><\/section><\/div><div  class='av-social-sharing-box av-10zg8-8676a2d54b4a15bbf6c39a1c18f0815b av-social-sharing-box-default  avia-builder-el-45  el_after_av_one_full  avia-builder-el-last  av-social-sharing-box-fullwidth'><div class=\"av-share-box\"><ul class=\"av-share-box-list noLightbox\"><li class='av-share-link av-social-link-facebook avia_social_iconfont' ><a target=\"_blank\" aria-label=\"Teilen auf Facebook\" href='https:\/\/www.facebook.com\/sharer.php?u=https:\/\/www.tuicamper.com\/magazin\/camper-fehler\/&#038;t=Typische%20Anf%C3%A4ngerfehler%20im%20Camper-Urlaub%20%E2%80%93%20und%20wie%20man%20sie%20vermeidet%21' data-av_icon='\ue8f3' data-av_iconfont='entypo-fontello'  title='' data-avia-related-tooltip='Teilen auf Facebook'><span class='avia_hidden_link_text'>Teilen auf Facebook<\/span><\/a><\/li><li class='av-share-link av-social-link-twitter avia_social_iconfont' ><a target=\"_blank\" aria-label=\"Teilen auf X\" href='https:\/\/twitter.com\/share?text=Typische%20Anf%C3%A4ngerfehler%20im%20Camper-Urlaub%20%E2%80%93%20und%20wie%20man%20sie%20vermeidet%21&#038;url=https:\/\/www.tuicamper.com\/magazin\/camper-fehler\/' data-av_icon='\ue932' data-av_iconfont='entypo-fontello'  title='' data-avia-related-tooltip='Teilen auf X'><span class='avia_hidden_link_text'>Teilen auf X<\/span><\/a><\/li><li class='av-share-link av-social-link-whatsapp avia_social_iconfont' ><a target=\"_blank\" aria-label=\"Teilen auf WhatsApp\" href='https:\/\/api.whatsapp.com\/send?text=https:\/\/www.tuicamper.com\/magazin\/camper-fehler\/' data-av_icon='\uf232' data-av_iconfont='entypo-fontello'  title='' data-avia-related-tooltip='Teilen auf WhatsApp'><span class='avia_hidden_link_text'>Teilen auf WhatsApp<\/span><\/a><\/li><li class='av-share-link av-social-link-pinterest avia_social_iconfont' ><a target=\"_blank\" aria-label=\"Teilen auf Pinterest\" href='https:\/\/pinterest.com\/pin\/create\/button\/?url=https%3A%2F%2Fwww.tuicamper.com%2Fmagazin%2Fcamper-fehler%2F&#038;description=Typische%20Anf%C3%A4ngerfehler%20im%20Camper-Urlaub%20%E2%80%93%20und%20wie%20man%20sie%20vermeidet%21&#038;media=https%3A%2F%2Fwww.tuicamper.com%2Fwp-docker%2Fwp-content%2Fuploads%2F2019%2F04%2Fcamper-fehler-705x269.jpg' data-av_icon='\ue8f8' data-av_iconfont='entypo-fontello'  title='' data-avia-related-tooltip='Teilen auf Pinterest'><span class='avia_hidden_link_text'>Teilen auf Pinterest<\/span><\/a><\/li><li class='av-share-link av-social-link-mail avia_social_iconfont' ><a  aria-label=\"Per E-Mail teilen\" href='mailto:?subject=Typische%20Anf%C3%A4ngerfehler%20im%20Camper-Urlaub%20%E2%80%93%20und%20wie%20man%20sie%20vermeidet%21&#038;body=https:\/\/www.tuicamper.com\/magazin\/camper-fehler\/' data-av_icon='\ue805' data-av_iconfont='entypo-fontello'  title='' data-avia-related-tooltip='Per E-Mail teilen'><span class='avia_hidden_link_text'>Per E-Mail teilen<\/span><\/a><\/li><\/ul><\/div><\/div>\n<\/div><\/div><\/div><!-- close content main div --><\/div><\/div><div id='after_section_16'  class='main_color av_default_container_wrap container_wrap sidebar_right'  ><div class='container av-section-cont-open' ><div class='template-page content  av-content-small alpha units'><div class='post-entry post-entry-type-page post-entry-760'><div class='entry-content-wrapper clearfix'>\n","protected":false},"excerpt":{"rendered":"<p>Gerade im ersten Camper-Urlaub sind Camping-Fehler an der Tagesordnung. Lesen Sie hier, wie Sie typische Anf\u00e4ngerfehler im Wohnmobil-Urlaub vermeiden!<\/p>\n","protected":false},"author":3,"featured_media":762,"comment_status":"open","ping_status":"open","sticky":false,"template":"","format":"standard","meta":{"footnotes":""},"categories":[32],"tags":[35,47,44],"class_list":["post-760","post","type-post","status-publish","format-standard","has-post-thumbnail","hentry","category-camper-insights","tag-einpacken","tag-grundlagen","tag-insider-infos"],"yoast_head":"<!-- This site is optimized with the Yoast SEO plugin v27.4 - https:\/\/yoast.com\/product\/yoast-seo-wordpress\/ -->\n<title>Typische Anf\u00e4ngerfehler im Camper-Urlaub \u2013 und wie man sie vermeidet!<\/title>\n<meta name=\"description\" content=\"Gerade im ersten Camper-Urlaub sind Camping-Fehler an der Tagesordnung. Lesen Sie hier, wie Sie typische Anf\u00e4ngerfehler im Wohnmobil-Urlaub vermeiden!\" \/>\n<meta name=\"robots\" content=\"index, follow, max-snippet:-1, max-image-preview:large, max-video-preview:-1\" \/>\n<link rel=\"canonical\" href=\"https:\/\/www.tuicamper.com\/magazin\/camper-fehler\/\" \/>\n<meta property=\"og:locale\" content=\"de_DE\" \/>\n<meta property=\"og:type\" content=\"article\" \/>\n<meta property=\"og:title\" content=\"Typische Anf\u00e4ngerfehler im Camper-Urlaub \u2013 und wie man sie vermeidet!\" \/>\n<meta property=\"og:description\" content=\"Gerade im ersten Camper-Urlaub sind Camping-Fehler an der Tagesordnung. Lesen Sie hier, wie Sie typische Anf\u00e4ngerfehler im Wohnmobil-Urlaub vermeiden!\" \/>\n<meta property=\"og:url\" content=\"https:\/\/www.tuicamper.com\/magazin\/camper-fehler\/\" \/>\n<meta property=\"og:site_name\" content=\"TUI Camper Magazin\" \/>\n<meta property=\"article:published_time\" content=\"2019-04-03T11:56:15+00:00\" \/>\n<meta property=\"article:modified_time\" content=\"2019-05-03T09:15:56+00:00\" \/>\n<meta property=\"og:image\" content=\"https:\/\/www.tuicamper.com\/wp-docker\/wp-content\/uploads\/2019\/04\/camper-fehler.jpg\" \/>\n\t<meta property=\"og:image:width\" content=\"1310\" \/>\n\t<meta property=\"og:image:height\" content=\"500\" \/>\n\t<meta property=\"og:image:type\" content=\"image\/jpeg\" \/>\n<meta name=\"author\" content=\"S\u00f6ren Cortekar\" \/>\n<meta name=\"twitter:card\" content=\"summary_large_image\" \/>\n<meta name=\"twitter:label1\" content=\"Verfasst von\" \/>\n\t<meta name=\"twitter:data1\" content=\"S\u00f6ren Cortekar\" \/>\n\t<meta name=\"twitter:label2\" content=\"Gesch\u00e4tzte Lesezeit\" \/>\n\t<meta name=\"twitter:data2\" content=\"24\u00a0Minuten\" \/>\n<!-- \/ Yoast SEO plugin. -->","yoast_head_json":{"title":"Typische Anf\u00e4ngerfehler im Camper-Urlaub \u2013 und wie man sie vermeidet!","description":"Gerade im ersten Camper-Urlaub sind Camping-Fehler an der Tagesordnung. Lesen Sie hier, wie Sie typische Anf\u00e4ngerfehler im Wohnmobil-Urlaub vermeiden!","robots":{"index":"index","follow":"follow","max-snippet":"max-snippet:-1","max-image-preview":"max-image-preview:large","max-video-preview":"max-video-preview:-1"},"canonical":"https:\/\/www.tuicamper.com\/magazin\/camper-fehler\/","og_locale":"de_DE","og_type":"article","og_title":"Typische Anf\u00e4ngerfehler im Camper-Urlaub \u2013 und wie man sie vermeidet!","og_description":"Gerade im ersten Camper-Urlaub sind Camping-Fehler an der Tagesordnung. Lesen Sie hier, wie Sie typische Anf\u00e4ngerfehler im Wohnmobil-Urlaub vermeiden!","og_url":"https:\/\/www.tuicamper.com\/magazin\/camper-fehler\/","og_site_name":"TUI Camper Magazin","article_published_time":"2019-04-03T11:56:15+00:00","article_modified_time":"2019-05-03T09:15:56+00:00","og_image":[{"width":1310,"height":500,"url":"https:\/\/www.tuicamper.com\/wp-docker\/wp-content\/uploads\/2019\/04\/camper-fehler.jpg","type":"image\/jpeg"}],"author":"S\u00f6ren Cortekar","twitter_card":"summary_large_image","twitter_misc":{"Verfasst von":"S\u00f6ren Cortekar","Gesch\u00e4tzte Lesezeit":"24\u00a0Minuten"},"schema":{"@context":"https:\/\/schema.org","@graph":[{"@type":"Article","@id":"https:\/\/www.tuicamper.com\/magazin\/camper-fehler\/#article","isPartOf":{"@id":"https:\/\/www.tuicamper.com\/magazin\/camper-fehler\/"},"author":{"name":"S\u00f6ren Cortekar","@id":"https:\/\/www.tuicamper.com\/wp-docker\/#\/schema\/person\/a9ad15b73e3b6169a6c4a794a58d1ea6"},"headline":"Typische Anf\u00e4ngerfehler im Camper-Urlaub \u2013 und wie man sie vermeidet!","datePublished":"2019-04-03T11:56:15+00:00","dateModified":"2019-05-03T09:15:56+00:00","mainEntityOfPage":{"@id":"https:\/\/www.tuicamper.com\/magazin\/camper-fehler\/"},"wordCount":3960,"commentCount":0,"image":{"@id":"https:\/\/www.tuicamper.com\/magazin\/camper-fehler\/#primaryimage"},"thumbnailUrl":"https:\/\/www.tuicamper.com\/wp-docker\/wp-content\/uploads\/2019\/04\/camper-fehler.jpg","keywords":["Einpacken","Grundlagen","Insider-Infos"],"articleSection":["Camper-Insights"],"inLanguage":"de","potentialAction":[{"@type":"CommentAction","name":"Comment","target":["https:\/\/www.tuicamper.com\/magazin\/camper-fehler\/#respond"]}]},{"@type":"WebPage","@id":"https:\/\/www.tuicamper.com\/magazin\/camper-fehler\/","url":"https:\/\/www.tuicamper.com\/magazin\/camper-fehler\/","name":"Typische Anf\u00e4ngerfehler im Camper-Urlaub \u2013 und wie man sie vermeidet!","isPartOf":{"@id":"https:\/\/www.tuicamper.com\/#website"},"primaryImageOfPage":{"@id":"https:\/\/www.tuicamper.com\/magazin\/camper-fehler\/#primaryimage"},"image":{"@id":"https:\/\/www.tuicamper.com\/magazin\/camper-fehler\/#primaryimage"},"thumbnailUrl":"https:\/\/www.tuicamper.com\/wp-content\/uploads\/2019\/04\/camper-fehler.jpg","datePublished":"2019-04-03T11:56:15+00:00","dateModified":"2019-05-03T09:15:56+00:00","author":{"@id":"https:\/\/www.tuicamper.com\/#\/schema\/person\/a9ad15b73e3b6169a6c4a794a58d1ea6"},"description":"Gerade im ersten Camper-Urlaub sind Camping-Fehler an der Tagesordnung. Lesen Sie hier, wie Sie typische Anf\u00e4ngerfehler im Wohnmobil-Urlaub vermeiden!","breadcrumb":{"@id":"https:\/\/www.tuicamper.com\/magazin\/camper-fehler\/#breadcrumb"},"inLanguage":"de","potentialAction":["Array"]},{"@type":"ImageObject","inLanguage":"de","@id":"https:\/\/www.tuicamper.com\/magazin\/camper-fehler\/#primaryimage","url":"https:\/\/www.tuicamper.com\/wp-docker\/wp-content\/uploads\/2019\/04\/camper-fehler.jpg","contentUrl":"https:\/\/www.tuicamper.com\/wp-docker\/wp-content\/uploads\/2019\/04\/camper-fehler.jpg","width":1310,"height":500,"caption":"Camper Fehler"},{"@type":"BreadcrumbList","@id":"https:\/\/www.tuicamper.com\/magazin\/camper-fehler\/#breadcrumb","itemListElement":[{"@type":"ListItem","position":1,"name":"Startseite","item":"https:\/\/www.tuicamper.com\/wp-docker\/"},{"@type":"ListItem","position":2,"name":"Typische Anf\u00e4ngerfehler im Camper-Urlaub \u2013 und wie man sie vermeidet!"}]},{"@type":"WebSite","@id":"https:\/\/www.tuicamper.com\/#website","url":"https:\/\/www.tuicamper.com\/","name":"TUI Camper Magazin","description":"","potentialAction":["Array"],"inLanguage":"de"},{"@type":"Person","@id":"https:\/\/www.tuicamper.com\/wp-docker\/#\/schema\/person\/a9ad15b73e3b6169a6c4a794a58d1ea6","name":"S\u00f6ren Cortekar","image":{"@type":"ImageObject","inLanguage":"de","@id":"https:\/\/secure.gravatar.com\/avatar\/399f9c9096d84e9147b61735bfa53689fd2add8aa9c074669869e4c106f7df59?s=96&d=mm&r=g","url":"https:\/\/secure.gravatar.com\/avatar\/399f9c9096d84e9147b61735bfa53689fd2add8aa9c074669869e4c106f7df59?s=96&d=mm&r=g","contentUrl":"https:\/\/secure.gravatar.com\/avatar\/399f9c9096d84e9147b61735bfa53689fd2add8aa9c074669869e4c106f7df59?s=96&d=mm&r=g","caption":"S\u00f6ren Cortekar"},"url":"https:\/\/www.tuicamper.com\/wp-docker\/magazin\/author\/soeren-cortekar\/"}]}},"_links":{"self":[{"href":"https:\/\/www.tuicamper.com\/wp-docker\/wp-json\/wp\/v2\/posts\/760","targetHints":{"allow":["GET"]}}],"collection":[{"href":"https:\/\/www.tuicamper.com\/wp-docker\/wp-json\/wp\/v2\/posts"}],"about":[{"href":"https:\/\/www.tuicamper.com\/wp-docker\/wp-json\/wp\/v2\/types\/post"}],"author":[{"embeddable":true,"href":"https:\/\/www.tuicamper.com\/wp-docker\/wp-json\/wp\/v2\/users\/3"}],"replies":[{"embeddable":true,"href":"https:\/\/www.tuicamper.com\/wp-docker\/wp-json\/wp\/v2\/comments?post=760"}],"version-history":[{"count":18,"href":"https:\/\/www.tuicamper.com\/wp-docker\/wp-json\/wp\/v2\/posts\/760\/revisions"}],"predecessor-version":[{"id":2778,"href":"https:\/\/www.tuicamper.com\/wp-docker\/wp-json\/wp\/v2\/posts\/760\/revisions\/2778"}],"wp:featuredmedia":[{"embeddable":true,"href":"https:\/\/www.tuicamper.com\/wp-docker\/wp-json\/wp\/v2\/media\/762"}],"wp:attachment":[{"href":"https:\/\/www.tuicamper.com\/wp-docker\/wp-json\/wp\/v2\/media?parent=760"}],"wp:term":[{"taxonomy":"category","embeddable":true,"href":"https:\/\/www.tuicamper.com\/wp-docker\/wp-json\/wp\/v2\/categories?post=760"},{"taxonomy":"post_tag","embeddable":true,"href":"https:\/\/www.tuicamper.com\/wp-docker\/wp-json\/wp\/v2\/tags?post=760"}],"curies":[{"name":"wp","href":"https:\/\/api.w.org\/{rel}","templated":true}]}}