{"id":72710,"date":"2024-03-07T17:15:23","date_gmt":"2024-03-07T16:15:23","guid":{"rendered":"https:\/\/www.tuicamper.com\/?p=72710"},"modified":"2024-03-07T17:15:23","modified_gmt":"2024-03-07T16:15:23","slug":"camping-am-ledrosee","status":"publish","type":"post","link":"https:\/\/www.tuicamper.com\/magazin\/camping-am-ledrosee\/","title":{"rendered":"Camping am Ledrosee \u2013 die entspannte Gardasee Alternative"},"content":{"rendered":"<div id='av_section_1'  class='avia-section av-1wsr5tc6-737a3037b693f67d28d0ccdf311c24dd main_color avia-section-default avia-no-border-styling  avia-builder-el-0  el_before_av_textblock  avia-builder-el-first  reduced-content avia-bg-style-scroll container_wrap sidebar_right'  ><div class='container av-section-cont-open' ><main  role=\"main\" itemprop=\"mainContentOfPage\"  class='template-page content  av-content-small alpha units'><div class='post-entry post-entry-type-page post-entry-72710'><div class='entry-content-wrapper clearfix'>\n\n<style type=\"text\/css\" data-created_by=\"avia_inline_auto\" id=\"style-css-av-1w2ounye-e11e4abe833b1b35fd5fb3d7e258bfdc\">\n.flex_column.av-1w2ounye-e11e4abe833b1b35fd5fb3d7e258bfdc{\nborder-radius:0px 0px 0px 0px;\npadding:0px 0px 0px 0px;\n}\n<\/style>\n<div  class='flex_column av-1w2ounye-e11e4abe833b1b35fd5fb3d7e258bfdc av_one_full  avia-builder-el-1  avia-builder-el-no-sibling  first flex_column_div av-zero-column-padding  '     ><section  class='av_textblock_section av-1vwoqbd2-b93f94eb92a25e0353dd1f4ccad4a229 '   itemscope=\"itemscope\" itemtype=\"https:\/\/schema.org\/BlogPosting\" itemprop=\"blogPost\" ><div class='avia_textblock'  itemprop=\"text\" ><p>Umgeben von dicht bewaldeten Bergen erinnert das Panorama des Ledrosees (Lago di Ledro) an den sehr viel gr\u00f6\u00dferen Gardasee. Und doch ist der unweit des Gardasees gelegene Lago di Ledro noch ein echter Geheimtipp. Die gut ausgestatteten Campingpl\u00e4tze am idyllischen Seeufer versprechen einen ruhigen Camping-Urlaub abseits des Trubels, der viele Spots am benachbarten Gardasee kennzeichnet. Wir stellen Ihnen die sch\u00f6nsten Campingpl\u00e4tze, Sehensw\u00fcrdigkeiten und Highlights des kleinen Ledrosees vor.<\/p>\n<\/div><\/section><\/div><\/div><\/div><\/main><!-- close content main element --><\/div><\/div><div id='after_section_1'  class='main_color av_default_container_wrap container_wrap sidebar_right'  ><div class='container av-section-cont-open' ><div class='template-page content  av-content-small alpha units'><div class='post-entry post-entry-type-page post-entry-72710'><div class='entry-content-wrapper clearfix'><section  class='av_textblock_section av-1v8f2u9y-e7c3c4a476ea6b91184941c000a681a0 '   itemscope=\"itemscope\" itemtype=\"https:\/\/schema.org\/BlogPosting\" itemprop=\"blogPost\" ><div class='avia_textblock'  itemprop=\"text\" >\n<\/div><\/section><\/p>\n<\/div><\/div><\/div><!-- close content main div --><\/div><\/div><div id='av_section_2'  class='avia-section av-1uxtqpba-908483dca6b3edc8782f22ff31a1c758 main_color avia-section-default avia-no-border-styling  avia-builder-el-4  el_after_av_textblock  el_before_av_section  reduced-content avia-bg-style-scroll container_wrap sidebar_right'  ><div class='container av-section-cont-open' ><div class='template-page content  av-content-small alpha units'><div class='post-entry post-entry-type-page post-entry-72710'><div class='entry-content-wrapper clearfix'>\n<section  class='av_textblock_section av-1udznecm-d29c2ff871842b43b0759b19cc0df292 '   itemscope=\"itemscope\" itemtype=\"https:\/\/schema.org\/BlogPosting\" itemprop=\"blogPost\" ><div class='avia_textblock'  itemprop=\"text\" ><div id=\"js-table-of-contents\">\r\n    <strong>Inhaltsverzeichnis<\/strong>\r\n<\/div>\n<\/div><\/section>\n\n<\/div><\/div><\/div><!-- close content main div --><\/div><\/div><div id='av_section_3'  class='avia-section av-1tvebw2u-56caba2fa192fc40f6178838c88ef6b2 main_color avia-section-default avia-no-border-styling  avia-builder-el-6  el_after_av_section  el_before_av_section  reduced-content avia-bg-style-scroll container_wrap sidebar_right'  ><div class='container av-section-cont-open' ><div class='template-page content  av-content-small alpha units'><div class='post-entry post-entry-type-page post-entry-72710'><div class='entry-content-wrapper clearfix'>\n\n<style type=\"text\/css\" data-created_by=\"avia_inline_auto\" id=\"style-css-av-1tizi2km-ab2d2dafa829d149299bcb137bbda023\">\n.flex_column.av-1tizi2km-ab2d2dafa829d149299bcb137bbda023{\nborder-radius:0px 0px 0px 0px;\npadding:0px 0px 0px 0px;\n}\n<\/style>\n<div  class='flex_column av-1tizi2km-ab2d2dafa829d149299bcb137bbda023 av_one_full  avia-builder-el-7  avia-builder-el-no-sibling  first flex_column_div av-zero-column-padding  '     ><section  class='av_textblock_section av-lt8p0h37-e243181166812096c5b24a2b80920b16 '   itemscope=\"itemscope\" itemtype=\"https:\/\/schema.org\/BlogPosting\" itemprop=\"blogPost\" ><div class='avia_textblock'  itemprop=\"text\" ><h2>Darum ist der Ledrosee f\u00fcr Camper die ideale Gardasee-Alternative<\/h2>\n<p>Tiefblaues Wasser, in dem sich die \u00fcppig gr\u00fcnen Gipfel der umliegenden Berge spiegeln. Kleine Str\u00e4nde rund um das Seeufer, die zum (Sonnen-)Baden einladen. Unz\u00e4hlige Wanderrouten und Ausflugsm\u00f6glichkeiten f\u00fcr einen abwechslungsreichen Wohnmobil-Urlaub. Der Ledrosee verdichtet die Highlights des ungleich bekannteren Gardasees auf engstem Raum \u2013 und ist damit die ideale Alternative f\u00fcr Camper, die dem Trubel des Gardasees entkommen m\u00f6chten. Denn selbst in der Hauptsaison ist es am vergleichsweise kleinen Lago di Ledro l\u00e4ngst nicht so \u00fcberlaufen wie am benachbarten oberitalienischen See. Zugleich m\u00fcssen Wohnmobil-Reisende dank einer gut ausgebauten Camping-Infrastruktur auf keine Annehmlichkeiten verzichten. Einem entspannten Camping am Ledrosee steht damit nichts im Weg.<\/p>\n<\/div><\/section><\/div>\n\n<\/div><\/div><\/div><!-- close content main div --><\/div><\/div><div id='av_section_4'  class='avia-section av-1t0e4f52-c606f1f791389e517875468a9d232cef main_color avia-section-default avia-no-border-styling  avia-builder-el-9  el_after_av_section  el_before_av_section  reduced-content avia-bg-style-scroll container_wrap sidebar_right'  ><div class='container av-section-cont-open' ><div class='template-page content  av-content-small alpha units'><div class='post-entry post-entry-type-page post-entry-72710'><div class='entry-content-wrapper clearfix'>\n\n<style type=\"text\/css\" data-created_by=\"avia_inline_auto\" id=\"style-css-av-1shvd2rq-3555cb8e324fb5dfc7d5204bfb01bea6\">\n.avia-image-container.av-1shvd2rq-3555cb8e324fb5dfc7d5204bfb01bea6 img.avia_image{\nbox-shadow:none;\n}\n.avia-image-container.av-1shvd2rq-3555cb8e324fb5dfc7d5204bfb01bea6 .av-caption-image-overlay-bg{\nopacity:0.4;\nbackground-color:#000000;\n}\n.avia-image-container.av-1shvd2rq-3555cb8e324fb5dfc7d5204bfb01bea6 .av-image-caption-overlay-center{\ncolor:#ffffff;\n}\n<\/style>\n<div  class='avia-image-container av-1shvd2rq-3555cb8e324fb5dfc7d5204bfb01bea6 av-styling- av-img-linked avia_animated_image av-animated-when-visible-95 fade-in avia-align-center  avia-builder-el-10  el_before_av_hr  avia-builder-el-first  noHover av-overlay-on-hover'   itemprop=\"image\" itemscope=\"itemscope\" itemtype=\"https:\/\/schema.org\/ImageObject\" ><div class=\"avia-image-container-inner\"><div class=\"avia-image-overlay-wrap\"><a href=\"https:\/\/www.tuicamper.com\/wp-docker\/wp-content\/uploads\/2024\/03\/camping-am-ledrosee-1030x644.jpg\" data-srcset=\"https:\/\/www.tuicamper.com\/wp-docker\/wp-content\/uploads\/2024\/03\/camping-am-ledrosee-1030x644.jpg 1030w, https:\/\/www.tuicamper.com\/wp-docker\/wp-content\/uploads\/2024\/03\/camping-am-ledrosee-300x188.jpg 300w, https:\/\/www.tuicamper.com\/wp-docker\/wp-content\/uploads\/2024\/03\/camping-am-ledrosee-768x480.jpg 768w, https:\/\/www.tuicamper.com\/wp-docker\/wp-content\/uploads\/2024\/03\/camping-am-ledrosee-705x441.jpg 705w, https:\/\/www.tuicamper.com\/wp-docker\/wp-content\/uploads\/2024\/03\/camping-am-ledrosee.jpg 1440w\" data-sizes=\"(max-width: 1030px) 100vw, 1030px\" class='avia_image '  aria-label='camping-am-ledrosee'><div class=\"av-image-caption-overlay\"><div class=\"av-caption-image-overlay-bg\"><\/div><div class=\"av-image-caption-overlay-position\"><div class=\"av-image-caption-overlay-center\"><\/div><\/div><\/div><img decoding=\"async\" fetchpriority=\"high\" class='wp-image-72716 avia-img-lazy-loading-not-72716 avia_image ' src=\"https:\/\/www.tuicamper.com\/wp-docker\/wp-content\/uploads\/2024\/03\/camping-am-ledrosee-845x684.jpg\" alt='' title='camping-am-ledrosee'  height=\"684\" width=\"845\"  itemprop=\"thumbnailUrl\" srcset=\"https:\/\/www.tuicamper.com\/wp-docker\/wp-content\/uploads\/2024\/03\/camping-am-ledrosee-845x684.jpg 845w, https:\/\/www.tuicamper.com\/wp-docker\/wp-content\/uploads\/2024\/03\/camping-am-ledrosee-495x400.jpg 495w\" sizes=\"(max-width: 845px) 100vw, 845px\" \/><\/a><\/div><\/div><\/div>\n\n<style type=\"text\/css\" data-created_by=\"avia_inline_auto\" id=\"style-css-av-1s297ldy-67fec746ba8044ac56f6a418d13dfbe9\">\n#top .hr.hr-invisible.av-1s297ldy-67fec746ba8044ac56f6a418d13dfbe9{\nheight:25px;\n}\n<\/style>\n<div  class='hr av-1s297ldy-67fec746ba8044ac56f6a418d13dfbe9 hr-invisible  avia-builder-el-11  el_after_av_image  avia-builder-el-last '><span class='hr-inner '><span class=\"hr-inner-style\"><\/span><\/span><\/div>\n\n<\/div><\/div><\/div><!-- close content main div --><\/div><\/div><div id='av_section_5'  class='avia-section av-1rmpspdy-f82cead02839ffd84200f5fdf849cd56 main_color avia-section-default avia-no-border-styling  avia-builder-el-12  el_after_av_section  el_before_av_section  reduced-content avia-bg-style-scroll container_wrap sidebar_right'  ><div class='container av-section-cont-open' ><div class='template-page content  av-content-small alpha units'><div class='post-entry post-entry-type-page post-entry-72710'><div class='entry-content-wrapper clearfix'>\n\n<style type=\"text\/css\" data-created_by=\"avia_inline_auto\" id=\"style-css-av-1r9w9h8m-f450d0fec122606b11863cc9d3dd31a3\">\n.flex_column.av-1r9w9h8m-f450d0fec122606b11863cc9d3dd31a3{\nborder-radius:0px 0px 0px 0px;\npadding:0px 0px 0px 0px;\n}\n<\/style>\n<div  class='flex_column av-1r9w9h8m-f450d0fec122606b11863cc9d3dd31a3 av_one_full  avia-builder-el-13  avia-builder-el-no-sibling  first flex_column_div av-zero-column-padding  '     ><section  class='av_textblock_section av-1qsmt806-1108de3a6b91f30d5be48650e9ff3261 '   itemscope=\"itemscope\" itemtype=\"https:\/\/schema.org\/BlogPosting\" itemprop=\"blogPost\" ><div class='avia_textblock'  itemprop=\"text\" ><h2>Die Campingpl\u00e4tze am Ledrosee im Portr\u00e4t<\/h2>\n<p>W\u00e4hrend es rund um die gro\u00dfen Oberitalienischen Seen wie den <a href=\"https:\/\/www.tuicamper.com\/magazin\/wohnmobil-gardasee\/\">Gardasee<\/a> oder den Lago Maggiore viele dutzend Campingpl\u00e4tze gibt, beschr\u00e4nkt sich die Auswahl am Ledrosee auf vier Pl\u00e4tze.<\/p>\n<ul>\n<li><a href=\"https:\/\/www.campingazzurro.net\/de\"><strong>Camping Azzurro<\/strong><\/a>: Der Campingplatz Azzurro am Nordwestufer des Ledrosees bietet insgesamt 150 Stellpl\u00e4tze im Schatten von B\u00e4umen und mit direktem Zugang zum Strand. Wassersport-Fans haben vor Ort die M\u00f6glichkeit, Boote, Kanus, Tretboote und Surfbretter zu leihen.<\/li>\n<li><a href=\"https:\/\/www.camping-al-lago.it\/de\"><strong>Camping Al Lago<\/strong><\/a>: Unmittelbar neben dem Campingplatz Azzurro bietet Al Lago nicht weniger empfehlenswerte Stellpl\u00e4tze mit Blick auf den See oder die umliegende Bergwelt. Kanus (inkl. Schwimmwesten) k\u00f6nnen direkt auf dem Platz gemietet werden.<\/li>\n<li><a href=\"https:\/\/www.campingalsole.it\/de\"><strong>Camping al Sole<\/strong><\/a>: Am Ostufer des Lago di Ledro gelegen bietet der Campingplatz Al Sone vor allem Familien mit Kindern beste Unterhaltung. Daf\u00fcr sorgen ein Fu\u00dfballplatz, Wasserrutschen, Spielpl\u00e4tze und ein Animationsprogramm. Gut zu wissen: Einige Stellpl\u00e4tze liegen direkt am See.<\/li>\n<li><a href=\"https:\/\/bestledrocamping.it\/\"><strong>Best Ledro Camping<\/strong><\/a>: Ebenfalls am \u00f6stlichen Ufer nahe dem Dorf Molina di Ledro liegt Best Ledro Camping. Der \u00fcberschaubare Platz bietet insgesamt 27 Stellpl\u00e4tze zwischen 30 und 90 Quadratmetern.<\/li>\n<\/ul>\n<p>Die Chance, spontan einen freien Stellplatz auf einem Campingplatz am Ledrosee zu finden, ist zwar gr\u00f6\u00dfer als bei vielen beliebten Pl\u00e4tzen am Gardasee. Trotzdem empfiehlt sich eine Reservierung \u2013 gerade im Juli und August.<\/p>\n<h2 aria-level=\"2\"><\/h2>\n<\/div><\/section><\/div>\n\n<\/div><\/div><\/div><!-- close content main div --><\/div><\/div><div id='av_section_6'  class='avia-section av-1otxaf3a-0993ed560650d797dabf22387b9e38e0 main_color avia-section-default avia-no-border-styling  avia-builder-el-15  el_after_av_section  el_before_av_section  reduced-content avia-bg-style-scroll container_wrap sidebar_right'  ><div class='container av-section-cont-open' ><div class='template-page content  av-content-small alpha units'><div class='post-entry post-entry-type-page post-entry-72710'><div class='entry-content-wrapper clearfix'>\n\n<style type=\"text\/css\" data-created_by=\"avia_inline_auto\" id=\"style-css-av-1od9xcee-fe51196d480c5b61ced995142e25ea0a\">\n.flex_column.av-1od9xcee-fe51196d480c5b61ced995142e25ea0a{\nborder-radius:0px 0px 0px 0px;\npadding:0px 0px 0px 0px;\n}\n<\/style>\n<div  class='flex_column av-1od9xcee-fe51196d480c5b61ced995142e25ea0a av_one_full  avia-builder-el-16  avia-builder-el-no-sibling  first flex_column_div av-zero-column-padding  '     ><section  class='av_textblock_section av-1o2svizq-a00620d9926dc60b14d742f2b9dad7bd '   itemscope=\"itemscope\" itemtype=\"https:\/\/schema.org\/BlogPosting\" itemprop=\"blogPost\" ><div class='avia_textblock'  itemprop=\"text\" ><h2>Campingpl\u00e4tze am Ledrosee mit Hund? Unsere Tipps<\/h2>\n<p>Auch wer auf der Suche nach einem sch\u00f6nen Spot f\u00fcr das <a href=\"https:\/\/www.tuicamper.com\/magazin\/camping-mit-hund-am-see\/\">Camping mit Hund am See<\/a> ist, ist am Lago di Ledro gut aufgehoben. Wander- und Spazierwege sorgen f\u00fcr ordentlich Auslauf und an eigenen Badestellen d\u00fcrften sich wasserliebende Vierbeiner ins erfrischende Nass st\u00fcrzen. So etwa an dem gro\u00dfen und sauberen Hundestrand des kleinen Dorfs Pur am S\u00fcdufer des Sees. Und auch die Campingpl\u00e4tze vor Ort sind hundefreundlich. In vielen Bereichen sind die Fellnasen ausdr\u00fccklich erlaubt. Teils sind auch eigene Hundefreilaufzonen vorhanden \u2013 so etwa bei Camping al Sole.<\/p>\n<\/div><\/section><\/div>\n\n<\/div><\/div><\/div><!-- close content main div --><\/div><\/div><div id='av_section_7'  class='avia-section av-1no8y2na-ef0b6fff6d8af87f8840efa18d24d85e main_color avia-section-default avia-no-border-styling  avia-builder-el-18  el_after_av_section  el_before_av_section  magazine-slider-section fullwidth_section avia-bg-style-scroll container_wrap sidebar_right'  ><div class='container av-section-cont-open' ><div class='template-page content  av-content-small alpha units'><div class='post-entry post-entry-type-page post-entry-72710'><div class='entry-content-wrapper clearfix'>\n\n<style type=\"text\/css\" data-created_by=\"avia_inline_auto\" id=\"style-css-av-1n4x0hmu-97b64d731fd7252a27524013be340744\">\n.flex_column.av-1n4x0hmu-97b64d731fd7252a27524013be340744{\nborder-radius:0px 0px 0px 0px;\npadding:0px 0px 0px 0px;\n}\n<\/style>\n<div  class='flex_column av-1n4x0hmu-97b64d731fd7252a27524013be340744 av_one_full  avia-builder-el-19  avia-builder-el-no-sibling  first flex_column_div av-zero-column-padding  '     ><section  class='av_textblock_section av-5v4y3pi-227dbcaac9493ed757c3dfa2574cec20 '   itemscope=\"itemscope\" itemtype=\"https:\/\/schema.org\/BlogPosting\" itemprop=\"blogPost\" ><div class='avia_textblock'  itemprop=\"text\" ><div class=\"flex_column av_three_fourth flex_column_div av-zero-column-padding first el_before_av_one_fourth avia-builder-el-first headline-section\">\r\n    <section class=\"av_textblock_section \" itemscope=\"itemscope\"\r\n             itemtype=\"https:\/\/schema.org\/CreativeWork\">\r\n                    <div class=\"avia_textblock\" itemprop=\"text\">\r\n                                    Aus dem TUI Camper Magazin:<br>\r\n                                Spannende Artikel \u00fcber Italien            <\/div>\r\n            <\/section>\r\n<\/div>\r\n<div class=\"flex_column av_one_fourth flex_column_div av-zero-column-padding el_after_av_three_fourth el_before_av_feature_image_slider avia-builder-el-last logo-section\">\r\n    <div class=\"avia-image-container avia-builder-el-no-sibling avia-align-center\"\r\n         itemprop=\"image\" itemscope=\"itemscope\" itemtype=\"https:\/\/schema.org\/ImageObject\">\r\n        <div class=\"avia-image-container-inner\">\r\n            <div class=\"avia-image-overlay-wrap\">\r\n                <a href=\"\/magazin\/\">\r\n                    <img decoding=\"async\" class=\"wp-image-3099 avia-img-lazy-loading-not-3099 avia_image\"\r\n                         src=\"\/wp-docker\/wp-content\/themes\/tuicamper_enfold\/assets\/img\/logo_350-135.png\"\r\n                         alt=\"TUI Camper Magazin\" height=\"69\" width=\"150\"\r\n                         itemprop=\"thumbnailUrl\">\r\n                <\/a>\r\n            <\/div>\r\n        <\/div>\r\n    <\/div>\r\n<\/div>\r\n<div class=\"flex_column av_one_full flex_column_div av-zero-column-padding first el_before_av_textblock avia-builder-el-first\"\r\n     style=\"border-radius:0px;\">\r\n    <div class=\"carousel\">\r\n                    <div class=\"carousel-cell\">\r\n                <a href=\"https:\/\/www.tuicamper.com\/magazin\/camping-sardinien-campingplaetze\/\">\r\n                    <div class=\"img-container\" style=\"background-image: url('https:\/\/www.tuicamper.com\/wp-docker\/wp-content\/uploads\/2024\/11\/Camping_Sardinien.jpg');\"><\/div>\r\n                    <p>Camping Sardinien: Unsere 4 Top-Campingpl\u00e4tze <span class=\"dashicons dashicons-arrow-right-alt2\"><\/span><\/p>\r\n                <\/a>\r\n            <\/div>\r\n                    <div class=\"carousel-cell\">\r\n                <a href=\"https:\/\/www.tuicamper.com\/magazin\/camping-am-gardasee\/\">\r\n                    <div class=\"img-container\" style=\"background-image: url('https:\/\/www.tuicamper.com\/wp-docker\/wp-content\/uploads\/2025\/05\/camping-am-gardasee-header.jpg');\"><\/div>\r\n                    <p>Camping am Gardasee: Die besten Campingpl\u00e4tze, Tipps &#038; Highlights <span class=\"dashicons dashicons-arrow-right-alt2\"><\/span><\/p>\r\n                <\/a>\r\n            <\/div>\r\n                    <div class=\"carousel-cell\">\r\n                <a href=\"https:\/\/www.tuicamper.com\/magazin\/camping-am-ledrosee\/\">\r\n                    <div class=\"img-container\" style=\"background-image: url('https:\/\/www.tuicamper.com\/wp-docker\/wp-content\/uploads\/2024\/03\/camping-am-ledrosee-teaser.jpg');\"><\/div>\r\n                    <p>Camping am Ledrosee \u2013 die entspannte Gardasee Alternative <span class=\"dashicons dashicons-arrow-right-alt2\"><\/span><\/p>\r\n                <\/a>\r\n            <\/div>\r\n                    <div class=\"carousel-cell\">\r\n                <a href=\"https:\/\/www.tuicamper.com\/magazin\/reisetipps-italien\/\">\r\n                    <div class=\"img-container\" style=\"background-image: url('https:\/\/www.tuicamper.com\/wp-docker\/wp-content\/uploads\/2019\/04\/reisetipps-italien.jpg');\"><\/div>\r\n                    <p>Reisetipps Italien: Das sollten Sie wissen f\u00fcr Ihren Camper-Urlaub <span class=\"dashicons dashicons-arrow-right-alt2\"><\/span><\/p>\r\n                <\/a>\r\n            <\/div>\r\n                    <div class=\"carousel-cell\">\r\n                <a href=\"https:\/\/www.tuicamper.com\/magazin\/camping-lago-maggiore\/\">\r\n                    <div class=\"img-container\" style=\"background-image: url('https:\/\/www.tuicamper.com\/wp-docker\/wp-content\/uploads\/2024\/01\/camping-lago-maggiore.jpg');\"><\/div>\r\n                    <p>Camping Lago Maggiore \u2013 Die besten Highlights, Tipps &#038; Campingpl\u00e4tze <span class=\"dashicons dashicons-arrow-right-alt2\"><\/span><\/p>\r\n                <\/a>\r\n            <\/div>\r\n                    <div class=\"carousel-cell\">\r\n                <a href=\"https:\/\/www.tuicamper.com\/magazin\/beste-reisezeit-toskana\/\">\r\n                    <div class=\"img-container\" style=\"background-image: url('https:\/\/www.tuicamper.com\/wp-docker\/wp-content\/uploads\/2025\/02\/toskana-reisezeit-header.jpg');\"><\/div>\r\n                    <p>Beste Reisezeit Toskana: Mit dem Wohnmobil durch die Kulturlandschaft <span class=\"dashicons dashicons-arrow-right-alt2\"><\/span><\/p>\r\n                <\/a>\r\n            <\/div>\r\n            <\/div>\r\n<\/div>\n<\/div><\/section><\/div>\n\n<div id='av_section_8'  class='avia-section av-1mat7006-f3784f3f0e32e19a96016c34b9e82ffb main_color avia-section-default avia-no-border-styling  avia-builder-el-0  el_before_av_textblock  avia-builder-el-first  reduced-content avia-bg-style-scroll container_wrap sidebar_right'  ><div class='container av-section-cont-open' ><main  role=\"main\" itemprop=\"mainContentOfPage\"  class='template-page content  av-content-small alpha units'><div class='post-entry post-entry-type-page post-entry-72710'><div class='entry-content-wrapper clearfix'>\n\n<style type=\"text\/css\" data-created_by=\"avia_inline_auto\" id=\"style-css-av-1ljk0n2e-a8e3c22b6374abcfb4a3cd5a0db3a392\">\n.flex_column.av-1ljk0n2e-a8e3c22b6374abcfb4a3cd5a0db3a392{\nborder-radius:0px 0px 0px 0px;\npadding:0px 0px 0px 0px;\n}\n<\/style>\n<div  class='flex_column av-1ljk0n2e-a8e3c22b6374abcfb4a3cd5a0db3a392 av_one_full  avia-builder-el-1  avia-builder-el-no-sibling  first flex_column_div av-zero-column-padding  '     ><section  class='av_textblock_section av-1l5jqhom-4d88c4db0bf4a1a6af092e84c81ce2f0 '   itemscope=\"itemscope\" itemtype=\"https:\/\/schema.org\/BlogPosting\" itemprop=\"blogPost\" ><div class='avia_textblock'  itemprop=\"text\" ><h2 aria-level=\"2\"><span data-contrast=\"none\">Die sch\u00f6nsten Sehensw\u00fcrdigkeiten am Ledrosee\u00a0<\/span><span data-ccp-props=\"{\">\u00a0<\/span><\/h2>\n<p><span data-contrast=\"auto\">Viele Sehensw\u00fcrdigkeiten und Ausflugsm\u00f6glichkeiten rund um den Lago die Ledro sorgen f\u00fcr einen vielseitigen Camping-Urlaub. Wir stellen Ihnen drei der sch\u00f6nsten Aktivit\u00e4ten vor.<\/span><span data-ccp-props=\"{}\">\u00a0<\/span><\/p>\n<\/div><\/section><\/div>\n<\/div><\/div><\/main><!-- close content main element --><\/div><\/div><div id='after_section_8'  class='main_color av_default_container_wrap container_wrap sidebar_right'  ><div class='container av-section-cont-open' ><div class='template-page content  av-content-small alpha units'><div class='post-entry post-entry-type-page post-entry-72710'><div class='entry-content-wrapper clearfix'>\n<\/div><\/div><\/div><!-- close content main div --><\/div><\/div><div id='av_section_9'  class='avia-section av-zhh7nq-4c69485a635af2bd258136146147ab4b main_color avia-section-default avia-no-border-styling  reduced-content avia-bg-style-scroll container_wrap sidebar_right'  ><div class='container av-section-cont-open' ><div class='template-page content  av-content-small alpha units'><div class='post-entry post-entry-type-page post-entry-72710'><div class='entry-content-wrapper clearfix'>\n\n<style type=\"text\/css\" data-created_by=\"avia_inline_auto\" id=\"style-css-av-u1pvye-42d0af40e5fc99e7c3c4c31e06815f9f\">\n.flex_column.av-u1pvye-42d0af40e5fc99e7c3c4c31e06815f9f{\nborder-radius:0px 0px 0px 0px;\npadding:0px 0px 0px 0px;\n}\n<\/style>\n<div  class='flex_column av-u1pvye-42d0af40e5fc99e7c3c4c31e06815f9f av_one_full first flex_column_div av-zero-column-padding  '     ><section  class='av_textblock_section av-lt8pty8r-f450ae1ac4704f1b15642ada5b893d2a '   itemscope=\"itemscope\" itemtype=\"https:\/\/schema.org\/BlogPosting\" itemprop=\"blogPost\" ><div class='avia_textblock'  itemprop=\"text\" ><h3>1.) Faszinierende Pfahlbauten \u2013 Zeitreise in die Urgeschichte<\/h3>\n<p>Schon vor vielen Jahrtausenden siedelten Menschen rund den Ledrosee. Die \u00dcberreste der pr\u00e4historischen Siedlungen sorgten schon bei ihrer Entdeckung von knapp 100 Jahren f\u00fcr gro\u00dfes wissenschaftliches und \u00f6ffentliches Interesse. Heute ist die Pfahlbautensiedlung am Ledrosee Teil des UNESCO-Weltkulturerbes. Im <a href=\"https:\/\/www.palafitteledro.it\/de\/\">Pfahlbaumuseum Ledrosee<\/a> (Museo delle Palafitte del Lago di Ledro) k\u00f6nnen Besucher tief in die pr\u00e4historische Lebenswelt der fr\u00fcheren Siedler eintauchen. Im Freilichtbereich des Museums vermitteln begehbare Nachbauten der Pfahlbausiedlung einen immersiven Eindruck des Alltags der hier lebenden J\u00e4ger, Sammler und Schamanen.<\/p>\n<\/div><\/section><\/div>\n<\/div><\/div><\/div><!-- close content main div --><\/div><\/div><div id='after_section_9'  class='main_color av_default_container_wrap container_wrap sidebar_right'  ><div class='container av-section-cont-open' ><div class='template-page content  av-content-small alpha units'><div class='post-entry post-entry-type-page post-entry-72710'><div class='entry-content-wrapper clearfix'>\n<\/div><\/div><\/div><!-- close content main div --><\/div><\/div><div id='av_section_10'  class='avia-section av-321fapy-6855fc0bf490635774d21c3a7a430d0b main_color avia-section-default avia-no-border-styling  avia-builder-el-4  el_after_av_textblock  el_before_av_section  reduced-content avia-bg-style-scroll container_wrap sidebar_right'  ><div class='container av-section-cont-open' ><div class='template-page content  av-content-small alpha units'><div class='post-entry post-entry-type-page post-entry-72710'><div class='entry-content-wrapper clearfix'>\n\n<style type=\"text\/css\" data-created_by=\"avia_inline_auto\" id=\"style-css-av-2pzp0iu-9a241d2b1be6a41c2cbb58ebece367a7\">\n.avia-image-container.av-2pzp0iu-9a241d2b1be6a41c2cbb58ebece367a7 img.avia_image{\nbox-shadow:none;\n}\n.avia-image-container.av-2pzp0iu-9a241d2b1be6a41c2cbb58ebece367a7 .av-caption-image-overlay-bg{\nopacity:0.4;\nbackground-color:#000000;\n}\n.avia-image-container.av-2pzp0iu-9a241d2b1be6a41c2cbb58ebece367a7 .av-image-caption-overlay-center{\ncolor:#ffffff;\n}\n<\/style>\n<div  class='avia-image-container av-2pzp0iu-9a241d2b1be6a41c2cbb58ebece367a7 av-styling- av-img-linked avia_animated_image av-animated-when-visible-95 fade-in avia-align-center noHover av-overlay-on-hover'   itemprop=\"image\" itemscope=\"itemscope\" itemtype=\"https:\/\/schema.org\/ImageObject\" ><div class=\"avia-image-container-inner\"><div class=\"avia-image-overlay-wrap\"><a href=\"https:\/\/www.tuicamper.com\/wp-docker\/wp-content\/uploads\/2024\/03\/camping-am-ledrosee-pfahlbauten-1030x644.jpg\" data-srcset=\"https:\/\/www.tuicamper.com\/wp-docker\/wp-content\/uploads\/2024\/03\/camping-am-ledrosee-pfahlbauten-1030x644.jpg 1030w, https:\/\/www.tuicamper.com\/wp-docker\/wp-content\/uploads\/2024\/03\/camping-am-ledrosee-pfahlbauten-300x188.jpg 300w, https:\/\/www.tuicamper.com\/wp-docker\/wp-content\/uploads\/2024\/03\/camping-am-ledrosee-pfahlbauten-768x480.jpg 768w, https:\/\/www.tuicamper.com\/wp-docker\/wp-content\/uploads\/2024\/03\/camping-am-ledrosee-pfahlbauten-705x441.jpg 705w, https:\/\/www.tuicamper.com\/wp-docker\/wp-content\/uploads\/2024\/03\/camping-am-ledrosee-pfahlbauten.jpg 1440w\" data-sizes=\"(max-width: 1030px) 100vw, 1030px\" class='avia_image '  aria-label='camping-am-ledrosee-pfahlbauten'><div class=\"av-image-caption-overlay\"><div class=\"av-caption-image-overlay-bg\"><\/div><div class=\"av-image-caption-overlay-position\"><div class=\"av-image-caption-overlay-center\"><\/div><\/div><\/div><img decoding=\"async\" fetchpriority=\"high\" class='wp-image-72737 avia-img-lazy-loading-not-72737 avia_image ' src=\"https:\/\/www.tuicamper.com\/wp-docker\/wp-content\/uploads\/2024\/03\/camping-am-ledrosee-pfahlbauten-845x684.jpg\" alt='' title='camping-am-ledrosee-pfahlbauten'  height=\"684\" width=\"845\"  itemprop=\"thumbnailUrl\" srcset=\"https:\/\/www.tuicamper.com\/wp-docker\/wp-content\/uploads\/2024\/03\/camping-am-ledrosee-pfahlbauten-845x684.jpg 845w, https:\/\/www.tuicamper.com\/wp-docker\/wp-content\/uploads\/2024\/03\/camping-am-ledrosee-pfahlbauten-495x400.jpg 495w\" sizes=\"(max-width: 845px) 100vw, 845px\" \/><\/a><\/div><\/div><\/div>\n\n<style type=\"text\/css\" data-created_by=\"avia_inline_auto\" id=\"style-css-av-1vv5syu-7af0f121cf59beb2c7e5287d6bfc4049\">\n#top .hr.hr-invisible.av-1vv5syu-7af0f121cf59beb2c7e5287d6bfc4049{\nheight:25px;\n}\n<\/style>\n<div  class='hr av-1vv5syu-7af0f121cf59beb2c7e5287d6bfc4049 hr-invisible'><span class='hr-inner '><span class=\"hr-inner-style\"><\/span><\/span><\/div>\n\n<\/div><\/div><\/div><!-- close content main div --><\/div><\/div><div id='av_section_11'  class='avia-section av-1wlpqjq-20ca1b193ee7b472c2b30c35b7789cda main_color avia-section-default avia-no-border-styling  reduced-content avia-bg-style-scroll container_wrap sidebar_right'  ><div class='container av-section-cont-open' ><div class='template-page content  av-content-small alpha units'><div class='post-entry post-entry-type-page post-entry-72710'><div class='entry-content-wrapper clearfix'>\n\n<style type=\"text\/css\" data-created_by=\"avia_inline_auto\" id=\"style-css-av-1fvfmzq-c48f9d551f6ac8aa338e2a30d1638c61\">\n.flex_column.av-1fvfmzq-c48f9d551f6ac8aa338e2a30d1638c61{\nborder-radius:0px 0px 0px 0px;\npadding:0px 0px 0px 0px;\n}\n<\/style>\n<div  class='flex_column av-1fvfmzq-c48f9d551f6ac8aa338e2a30d1638c61 av_one_full first flex_column_div av-zero-column-padding  '     ><section  class='av_textblock_section av-lt8puyzb-64a1aef84d1c069a43c2be81baf46182 '   itemscope=\"itemscope\" itemtype=\"https:\/\/schema.org\/BlogPosting\" itemprop=\"blogPost\" ><div class='avia_textblock'  itemprop=\"text\" ><h3>2.) Ledrotal: Wanderung durch ein Naturidyll<\/h3>\n<p>Egal f\u00fcr welchen Campingplatz Sie sich entschieden haben, von \u00fcberall k\u00f6nnen Sie zu einer 10 Kilometer langen Wanderung rund um den Ledrosee aufbrechen. Wem das nicht gen\u00fcgt, steht das gesamte Ledrotal (Val di Ledro) als panoramastarkes Wanderparadies offen. Zwischen tiefblauen Seen, duftenden Blumenwiesen und gr\u00fcnen W\u00e4ldern f\u00fchrt ein Netz aus Pfaden und Wanderwegen mitten durch die unber\u00fchrte Natur. Sehr sehenswert ist beispielsweise der naturbelassene <strong>Lago d&#8217;Ampola<\/strong>, der zahlreichen Seev\u00f6geln, Reptilien und Amphibien ein Zuhause bietet und vielen Orchideenarten beste Wachstumsbedingungen bietet. Aber auch Wanderungen zu den Wasserf\u00e4llen <strong>Cascata d&#8217;Ampola<\/strong> und <strong>Cascata del Gorg<\/strong> <strong>d&#8217;Abiss<\/strong> sind sehr empfehlenswert.<\/p>\n<p>Eine faszinierende Kombination aus Kunst und Kultur erwartet Sie im Pinienwald von Pur. Rund um den idyllischen Bach Assat befinden sich zahlreiche Kunstinstallationen aus Holz, Stein und Metall, die sich der Natur des Ledrotals auf einzigartige Weise n\u00e4hern. Damit geh\u00f6rt der Lehrpfad <strong>Ledro Land Art<\/strong> sicherlich zu den intensivsten Ausflugsm\u00f6glichkeiten rund um den Ledrosee.<\/p>\n<\/div><\/section><\/div>\n<\/div><\/div><\/div><!-- close content main div --><\/div><\/div><div id='after_section_11'  class='main_color av_default_container_wrap container_wrap sidebar_right'  ><div class='container av-section-cont-open' ><div class='template-page content  av-content-small alpha units'><div class='post-entry post-entry-type-page post-entry-72710'><div class='entry-content-wrapper clearfix'>\n<\/div><\/div><\/div><!-- close content main div --><\/div><\/div><div id='av_section_12'  class='avia-section av-1m9s8xy-76a23d75190267b29ccbf7aebcc72ef6 main_color avia-section-default avia-no-border-styling  avia-builder-el-6  el_after_av_section  el_before_av_section  reduced-content avia-bg-style-scroll container_wrap sidebar_right'  ><div class='container av-section-cont-open' ><div class='template-page content  av-content-small alpha units'><div class='post-entry post-entry-type-page post-entry-72710'><div class='entry-content-wrapper clearfix'>\n\n<style type=\"text\/css\" data-created_by=\"avia_inline_auto\" id=\"style-css-av-10sc0yu-09ec52dc2919d31185629504efb5b0a4\">\n.avia-image-container.av-10sc0yu-09ec52dc2919d31185629504efb5b0a4 img.avia_image{\nbox-shadow:none;\n}\n.avia-image-container.av-10sc0yu-09ec52dc2919d31185629504efb5b0a4 .av-caption-image-overlay-bg{\nopacity:0.4;\nbackground-color:#000000;\n}\n.avia-image-container.av-10sc0yu-09ec52dc2919d31185629504efb5b0a4 .av-image-caption-overlay-center{\ncolor:#ffffff;\n}\n<\/style>\n<div  class='avia-image-container av-10sc0yu-09ec52dc2919d31185629504efb5b0a4 av-styling- av-img-linked avia_animated_image av-animated-when-visible-95 fade-in avia-align-center noHover av-overlay-on-hover'   itemprop=\"image\" itemscope=\"itemscope\" itemtype=\"https:\/\/schema.org\/ImageObject\" ><div class=\"avia-image-container-inner\"><div class=\"avia-image-overlay-wrap\"><a href=\"https:\/\/www.tuicamper.com\/wp-docker\/wp-content\/uploads\/2024\/03\/camping-am-ledrosee-hund-1030x644.jpg\" data-srcset=\"https:\/\/www.tuicamper.com\/wp-docker\/wp-content\/uploads\/2024\/03\/camping-am-ledrosee-hund-1030x644.jpg 1030w, https:\/\/www.tuicamper.com\/wp-docker\/wp-content\/uploads\/2024\/03\/camping-am-ledrosee-hund-300x188.jpg 300w, https:\/\/www.tuicamper.com\/wp-docker\/wp-content\/uploads\/2024\/03\/camping-am-ledrosee-hund-768x480.jpg 768w, https:\/\/www.tuicamper.com\/wp-docker\/wp-content\/uploads\/2024\/03\/camping-am-ledrosee-hund-705x441.jpg 705w, https:\/\/www.tuicamper.com\/wp-docker\/wp-content\/uploads\/2024\/03\/camping-am-ledrosee-hund.jpg 1440w\" data-sizes=\"(max-width: 1030px) 100vw, 1030px\" class='avia_image '  aria-label='camping-am-ledrosee-hund'><div class=\"av-image-caption-overlay\"><div class=\"av-caption-image-overlay-bg\"><\/div><div class=\"av-image-caption-overlay-position\"><div class=\"av-image-caption-overlay-center\"><\/div><\/div><\/div><img decoding=\"async\" fetchpriority=\"high\" class='wp-image-72739 avia-img-lazy-loading-not-72739 avia_image ' src=\"https:\/\/www.tuicamper.com\/wp-docker\/wp-content\/uploads\/2024\/03\/camping-am-ledrosee-hund-845x684.jpg\" alt='' title='camping-am-ledrosee-hund'  height=\"684\" width=\"845\"  itemprop=\"thumbnailUrl\" srcset=\"https:\/\/www.tuicamper.com\/wp-docker\/wp-content\/uploads\/2024\/03\/camping-am-ledrosee-hund-845x684.jpg 845w, https:\/\/www.tuicamper.com\/wp-docker\/wp-content\/uploads\/2024\/03\/camping-am-ledrosee-hund-495x400.jpg 495w\" sizes=\"(max-width: 845px) 100vw, 845px\" \/><\/a><\/div><\/div><\/div>\n\n<style type=\"text\/css\" data-created_by=\"avia_inline_auto\" id=\"style-css-av-vwxq5i-935e39ba042a95991c0371325c4035a6\">\n#top .hr.hr-invisible.av-vwxq5i-935e39ba042a95991c0371325c4035a6{\nheight:25px;\n}\n<\/style>\n<div  class='hr av-vwxq5i-935e39ba042a95991c0371325c4035a6 hr-invisible'><span class='hr-inner '><span class=\"hr-inner-style\"><\/span><\/span><\/div>\n\n<\/div><\/div><\/div><!-- close content main div --><\/div><\/div><div id='av_section_13'  class='avia-section av-yr3pk6-8028fa404a0a5077d90a93de98b989be main_color avia-section-default avia-no-border-styling  reduced-content avia-bg-style-scroll container_wrap sidebar_right'  ><div class='container av-section-cont-open' ><div class='template-page content  av-content-small alpha units'><div class='post-entry post-entry-type-page post-entry-72710'><div class='entry-content-wrapper clearfix'>\n\n<style type=\"text\/css\" data-created_by=\"avia_inline_auto\" id=\"style-css-av-p6og3q-359fb6df56a0c45778af41391572f811\">\n.flex_column.av-p6og3q-359fb6df56a0c45778af41391572f811{\nborder-radius:0px 0px 0px 0px;\npadding:0px 0px 0px 0px;\n}\n<\/style>\n<div  class='flex_column av-p6og3q-359fb6df56a0c45778af41391572f811 av_one_full  avia-builder-el-7  avia-builder-el-no-sibling  first flex_column_div av-zero-column-padding  '     ><section  class='av_textblock_section av-lt8pvyxf-2de202a93ef816f1d38760825ad95455 '   itemscope=\"itemscope\" itemtype=\"https:\/\/schema.org\/BlogPosting\" itemprop=\"blogPost\" ><div class='avia_textblock'  itemprop=\"text\" ><h3>3.) Cascate del Varone \u2013 spektakul\u00e4rer Wasserfall in einer Grotte<\/h3>\n<p>Wenige Kilometer vom Ledrosee entfernt befindet sich eines der absoluten Highlights der Region. Die Wassermassen des Varone Wasserfalls (Cascate del Varone) st\u00fcrzen aus einer H\u00f6he von fast 100 Meter durch eine enge Grotte \u2013 und bieten einen geradezu dramatischen Anblick. Ein befestigter Weg erlaubt es, die Grotte sicher zu betreten. Der Pfad f\u00fchrt Sie dicht am Felsen die Schlucht entlang und er\u00f6ffnet schlie\u00dflich den Blick auf das spektakul\u00e4re Naturschauspiel. Zwei Aussichtspunkte erm\u00f6glichen unterschiedliche Perspektiven auf den Cascate del Varone.<\/p>\n<\/div><\/section><\/div>\n<\/div><\/div><\/div><!-- close content main div --><\/div><\/div><div id='after_section_13'  class='main_color av_default_container_wrap container_wrap sidebar_right'  ><div class='container av-section-cont-open' ><div class='template-page content  av-content-small alpha units'><div class='post-entry post-entry-type-page post-entry-72710'><div class='entry-content-wrapper clearfix'>\n<\/div><\/div><\/div><!-- close content main div --><\/div><\/div><div id='av_section_14'  class='avia-section av-2mkt59i-04c5650eeb9f52533f96041edfb4274a main_color avia-section-default avia-no-border-styling  avia-builder-el-9  el_after_av_section  el_before_av_section  reduced-content avia-bg-style-scroll container_wrap sidebar_right'  ><div class='container av-section-cont-open' ><div class='template-page content  av-content-small alpha units'><div class='post-entry post-entry-type-page post-entry-72710'><div class='entry-content-wrapper clearfix'>\n<div  class='avia-button-wrap av-22zvx0m-e368aa961eb454b04962d95ee6f2e6b4-wrap avia-button-center '><a href='https:\/\/www.tuicamper.com\/reiseziele\/europa\/italien\/'  class='avia-button av-22zvx0m-e368aa961eb454b04962d95ee6f2e6b4 av-link-btn avia-icon_select-yes-right-icon avia-size-large avia-position-center avia-color-theme-color'   aria-label=\"Jetzt Wohnmobil mieten f\u00fcr Italien\"><span class='avia_iconbox_title' >Jetzt Wohnmobil mieten f\u00fcr Italien<\/span><span class='avia_button_icon avia_button_icon_right avia-iconfont avia-font-entypo-fontello' data-av_icon='\ue875' data-av_iconfont='entypo-fontello' ><\/span><\/a><\/div>\n\n<style type=\"text\/css\" data-created_by=\"avia_inline_auto\" id=\"style-css-av-1s6zko6-fcb05a41c2ed50a2f990bb4bc2a1ce22\">\n.flex_column.av-1s6zko6-fcb05a41c2ed50a2f990bb4bc2a1ce22{\nborder-radius:0px 0px 0px 0px;\npadding:0px 0px 0px 0px;\n}\n<\/style>\n<div  class='flex_column av-1s6zko6-fcb05a41c2ed50a2f990bb4bc2a1ce22 av_one_full first flex_column_div av-zero-column-padding  '     ><style type=\"text\/css\" data-created_by=\"avia_inline_auto\" id=\"style-css-av-1cglww6-e0bb27a57acdbec3a554d9b046fcf327\">\n#top .av_textblock_section.av-1cglww6-e0bb27a57acdbec3a554d9b046fcf327 .avia_textblock{\nfont-size:28px;\n}\n<\/style>\n<section  class='av_textblock_section av-1cglww6-e0bb27a57acdbec3a554d9b046fcf327 '   itemscope=\"itemscope\" itemtype=\"https:\/\/schema.org\/BlogPosting\" itemprop=\"blogPost\" ><div class='avia_textblock'  itemprop=\"text\" ><p><strong>Ihr TUI CAMPER-Team w\u00fcnscht Ihnen eine wundersch\u00f6ne Zeit beim Camping am Ledrosee!<\/strong><\/p>\n<\/div><\/section><\/div><div  class='av-social-sharing-box av-q9qhdy-b0d5c60236bd6d182feb6a4d92edadfa av-social-sharing-box-default av-social-sharing-box-fullwidth'><div class=\"av-share-box\"><ul class=\"av-share-box-list noLightbox\"><li class='av-share-link av-social-link-facebook avia_social_iconfont' ><a target=\"_blank\" aria-label=\"Teilen auf Facebook\" href='https:\/\/www.facebook.com\/sharer.php?u=https:\/\/www.tuicamper.com\/magazin\/beste-reisezeit-toskana\/&#038;t=Beste%20Reisezeit%20Toskana%3A%20Mit%20dem%20Wohnmobil%20durch%20die%20Kulturlandschaft' data-av_icon='\ue8f3' data-av_iconfont='entypo-fontello'  title='' data-avia-related-tooltip='Teilen auf Facebook'><span class='avia_hidden_link_text'>Teilen auf Facebook<\/span><\/a><\/li><li class='av-share-link av-social-link-twitter avia_social_iconfont' ><a target=\"_blank\" aria-label=\"Teilen auf X\" href='https:\/\/twitter.com\/share?text=Beste%20Reisezeit%20Toskana%3A%20Mit%20dem%20Wohnmobil%20durch%20die%20Kulturlandschaft&#038;url=https:\/\/www.tuicamper.com\/magazin\/beste-reisezeit-toskana\/' data-av_icon='\ue932' data-av_iconfont='entypo-fontello'  title='' data-avia-related-tooltip='Teilen auf X'><span class='avia_hidden_link_text'>Teilen auf X<\/span><\/a><\/li><li class='av-share-link av-social-link-whatsapp avia_social_iconfont' ><a target=\"_blank\" aria-label=\"Teilen auf WhatsApp\" href='https:\/\/api.whatsapp.com\/send?text=https:\/\/www.tuicamper.com\/magazin\/beste-reisezeit-toskana\/' data-av_icon='\uf232' data-av_iconfont='entypo-fontello'  title='' data-avia-related-tooltip='Teilen auf WhatsApp'><span class='avia_hidden_link_text'>Teilen auf WhatsApp<\/span><\/a><\/li><li class='av-share-link av-social-link-pinterest avia_social_iconfont' ><a target=\"_blank\" aria-label=\"Teilen auf Pinterest\" href='https:\/\/pinterest.com\/pin\/create\/button\/?url=https%3A%2F%2Fwww.tuicamper.com%2Fmagazin%2Fbeste-reisezeit-toskana%2F&#038;description=Beste%20Reisezeit%20Toskana%3A%20Mit%20dem%20Wohnmobil%20durch%20die%20Kulturlandschaft&#038;media=https%3A%2F%2Fwww.tuicamper.com%2Fwp-docker%2Fwp-content%2Fuploads%2F2025%2F02%2Ftoskana-reisezeit-header-705x271.jpg' data-av_icon='\ue8f8' data-av_iconfont='entypo-fontello'  title='' data-avia-related-tooltip='Teilen auf Pinterest'><span class='avia_hidden_link_text'>Teilen auf Pinterest<\/span><\/a><\/li><li class='av-share-link av-social-link-mail avia_social_iconfont' ><a  aria-label=\"Per E-Mail teilen\" href='mailto:?subject=Beste%20Reisezeit%20Toskana%3A%20Mit%20dem%20Wohnmobil%20durch%20die%20Kulturlandschaft&#038;body=https:\/\/www.tuicamper.com\/magazin\/beste-reisezeit-toskana\/' data-av_icon='\ue805' data-av_iconfont='entypo-fontello'  title='' data-avia-related-tooltip='Per E-Mail teilen'><span class='avia_hidden_link_text'>Per E-Mail teilen<\/span><\/a><\/li><\/ul><\/div><\/div>\n\n","protected":false},"excerpt":{"rendered":"<p>Idyllische Campingpl\u00e4tze, panoramastarke Wanderrouten und einzigartige Sehensw\u00fcrdigkeiten: Lernen Sie den unwiderstehlichen Charme des Ledrosees kennen!  <\/p>\n","protected":false},"author":5,"featured_media":72714,"comment_status":"open","ping_status":"open","sticky":false,"template":"","format":"standard","meta":{"footnotes":""},"categories":[8],"tags":[69,50,36],"class_list":["post-72710","post","type-post","status-publish","format-standard","has-post-thumbnail","hentry","category-reiselaender","tag-italien","tag-natur","tag-tiere"],"yoast_head":"<!-- This site is optimized with the Yoast SEO plugin v27.4 - https:\/\/yoast.com\/product\/yoast-seo-wordpress\/ -->\n<title>Camping am Ledrosee - die Gardasee Alternative- TUI CAMPER<\/title>\n<meta name=\"description\" content=\"Idyllische Campingpl\u00e4tze, panoramastarke Wanderrouten und einzigartige Sehensw\u00fcrdigkeiten: Lernen Sie den unwiderstehlichen Charme des Ledrosees kennen!\" \/>\n<meta name=\"robots\" content=\"index, follow, max-snippet:-1, max-image-preview:large, max-video-preview:-1\" \/>\n<link rel=\"canonical\" href=\"https:\/\/www.tuicamper.com\/magazin\/camping-am-ledrosee\/\" \/>\n<meta property=\"og:locale\" content=\"de_DE\" \/>\n<meta property=\"og:type\" content=\"article\" \/>\n<meta property=\"og:title\" content=\"Camping am Ledrosee - die Gardasee Alternative- TUI CAMPER\" \/>\n<meta property=\"og:description\" content=\"Idyllische Campingpl\u00e4tze, panoramastarke Wanderrouten und einzigartige Sehensw\u00fcrdigkeiten: Lernen Sie den unwiderstehlichen Charme des Ledrosees kennen!\" \/>\n<meta property=\"og:url\" content=\"https:\/\/www.tuicamper.com\/magazin\/camping-am-ledrosee\/\" \/>\n<meta property=\"og:site_name\" content=\"TUI Camper Magazin\" \/>\n<meta property=\"article:published_time\" content=\"2024-03-07T16:15:23+00:00\" \/>\n<meta property=\"og:image\" content=\"https:\/\/www.tuicamper.com\/wp-docker\/wp-content\/uploads\/2024\/03\/camping-am-ledrosee-teaser.jpg\" \/>\n\t<meta property=\"og:image:width\" content=\"1280\" \/>\n\t<meta property=\"og:image:height\" content=\"492\" \/>\n\t<meta property=\"og:image:type\" content=\"image\/jpeg\" \/>\n<meta name=\"author\" content=\"Olli\" \/>\n<meta name=\"twitter:card\" content=\"summary_large_image\" \/>\n<meta name=\"twitter:label1\" content=\"Verfasst von\" \/>\n\t<meta name=\"twitter:data1\" content=\"Olli\" \/>\n\t<meta name=\"twitter:label2\" content=\"Gesch\u00e4tzte Lesezeit\" \/>\n\t<meta name=\"twitter:data2\" content=\"6\u00a0Minuten\" \/>\n<!-- \/ Yoast SEO plugin. -->","yoast_head_json":{"title":"Camping am Ledrosee - die Gardasee Alternative- TUI CAMPER","description":"Idyllische Campingpl\u00e4tze, panoramastarke Wanderrouten und einzigartige Sehensw\u00fcrdigkeiten: Lernen Sie den unwiderstehlichen Charme des Ledrosees kennen!","robots":{"index":"index","follow":"follow","max-snippet":"max-snippet:-1","max-image-preview":"max-image-preview:large","max-video-preview":"max-video-preview:-1"},"canonical":"https:\/\/www.tuicamper.com\/magazin\/camping-am-ledrosee\/","og_locale":"de_DE","og_type":"article","og_title":"Camping am Ledrosee - die Gardasee Alternative- TUI CAMPER","og_description":"Idyllische Campingpl\u00e4tze, panoramastarke Wanderrouten und einzigartige Sehensw\u00fcrdigkeiten: Lernen Sie den unwiderstehlichen Charme des Ledrosees kennen!","og_url":"https:\/\/www.tuicamper.com\/magazin\/camping-am-ledrosee\/","og_site_name":"TUI Camper Magazin","article_published_time":"2024-03-07T16:15:23+00:00","og_image":[{"width":1280,"height":492,"url":"https:\/\/www.tuicamper.com\/wp-docker\/wp-content\/uploads\/2024\/03\/camping-am-ledrosee-teaser.jpg","type":"image\/jpeg"}],"author":"Olli","twitter_card":"summary_large_image","twitter_misc":{"Verfasst von":"Olli","Gesch\u00e4tzte Lesezeit":"6\u00a0Minuten"},"schema":{"@context":"https:\/\/schema.org","@graph":[{"@type":"Article","@id":"https:\/\/www.tuicamper.com\/magazin\/camping-am-ledrosee\/#article","isPartOf":{"@id":"https:\/\/www.tuicamper.com\/magazin\/camping-am-ledrosee\/"},"author":{"name":"Olli","@id":"https:\/\/www.tuicamper.com\/wp-docker\/#\/schema\/person\/98975e733813f701672fd75ef9df8b69"},"headline":"Camping am Ledrosee \u2013 die entspannte Gardasee Alternative","datePublished":"2024-03-07T16:15:23+00:00","mainEntityOfPage":{"@id":"https:\/\/www.tuicamper.com\/magazin\/camping-am-ledrosee\/"},"wordCount":5129,"commentCount":0,"image":{"@id":"https:\/\/www.tuicamper.com\/magazin\/camping-am-ledrosee\/#primaryimage"},"thumbnailUrl":"https:\/\/www.tuicamper.com\/wp-docker\/wp-content\/uploads\/2024\/03\/camping-am-ledrosee-teaser.jpg","keywords":["Italien","Natur","Tiere"],"articleSection":["Reisel\u00e4nder"],"inLanguage":"de","potentialAction":[{"@type":"CommentAction","name":"Comment","target":["https:\/\/www.tuicamper.com\/magazin\/camping-am-ledrosee\/#respond"]}]},{"@type":"WebPage","@id":"https:\/\/www.tuicamper.com\/magazin\/camping-am-ledrosee\/","url":"https:\/\/www.tuicamper.com\/magazin\/camping-am-ledrosee\/","name":"Camping am Ledrosee - die Gardasee Alternative- TUI CAMPER","isPartOf":{"@id":"https:\/\/www.tuicamper.com\/#website"},"primaryImageOfPage":{"@id":"https:\/\/www.tuicamper.com\/magazin\/camping-am-ledrosee\/#primaryimage"},"image":{"@id":"https:\/\/www.tuicamper.com\/magazin\/camping-am-ledrosee\/#primaryimage"},"thumbnailUrl":"https:\/\/www.tuicamper.com\/wp-content\/uploads\/2024\/03\/camping-am-ledrosee-teaser.jpg","datePublished":"2024-03-07T16:15:23+00:00","author":{"@id":"https:\/\/www.tuicamper.com\/#\/schema\/person\/98975e733813f701672fd75ef9df8b69"},"description":"Idyllische Campingpl\u00e4tze, panoramastarke Wanderrouten und einzigartige Sehensw\u00fcrdigkeiten: Lernen Sie den unwiderstehlichen Charme des Ledrosees kennen!","breadcrumb":{"@id":"https:\/\/www.tuicamper.com\/magazin\/camping-am-ledrosee\/#breadcrumb"},"inLanguage":"de","potentialAction":["Array"]},{"@type":"ImageObject","inLanguage":"de","@id":"https:\/\/www.tuicamper.com\/magazin\/camping-am-ledrosee\/#primaryimage","url":"https:\/\/www.tuicamper.com\/wp-docker\/wp-content\/uploads\/2024\/03\/camping-am-ledrosee-teaser.jpg","contentUrl":"https:\/\/www.tuicamper.com\/wp-docker\/wp-content\/uploads\/2024\/03\/camping-am-ledrosee-teaser.jpg","width":1280,"height":492},{"@type":"BreadcrumbList","@id":"https:\/\/www.tuicamper.com\/magazin\/camping-am-ledrosee\/#breadcrumb","itemListElement":[{"@type":"ListItem","position":1,"name":"Startseite","item":"https:\/\/www.tuicamper.com\/wp-docker\/"},{"@type":"ListItem","position":2,"name":"Camping am Ledrosee \u2013 die entspannte Gardasee Alternative"}]},{"@type":"WebSite","@id":"https:\/\/www.tuicamper.com\/#website","url":"https:\/\/www.tuicamper.com\/","name":"TUI Camper Magazin","description":"","potentialAction":["Array"],"inLanguage":"de"},{"@type":"Person","@id":"https:\/\/www.tuicamper.com\/wp-docker\/#\/schema\/person\/98975e733813f701672fd75ef9df8b69","name":"Olli","image":{"@type":"ImageObject","inLanguage":"de","@id":"https:\/\/secure.gravatar.com\/avatar\/4529b17b9a4dec34d38f705f89e1db8c906d30537b64d795d775d528c07951ff?s=96&d=mm&r=g","url":"https:\/\/secure.gravatar.com\/avatar\/4529b17b9a4dec34d38f705f89e1db8c906d30537b64d795d775d528c07951ff?s=96&d=mm&r=g","contentUrl":"https:\/\/secure.gravatar.com\/avatar\/4529b17b9a4dec34d38f705f89e1db8c906d30537b64d795d775d528c07951ff?s=96&d=mm&r=g","caption":"Olli"},"url":"https:\/\/www.tuicamper.com\/wp-docker\/magazin\/author\/olli\/"}]}},"_links":{"self":[{"href":"https:\/\/www.tuicamper.com\/wp-docker\/wp-json\/wp\/v2\/posts\/72710","targetHints":{"allow":["GET"]}}],"collection":[{"href":"https:\/\/www.tuicamper.com\/wp-docker\/wp-json\/wp\/v2\/posts"}],"about":[{"href":"https:\/\/www.tuicamper.com\/wp-docker\/wp-json\/wp\/v2\/types\/post"}],"author":[{"embeddable":true,"href":"https:\/\/www.tuicamper.com\/wp-docker\/wp-json\/wp\/v2\/users\/5"}],"replies":[{"embeddable":true,"href":"https:\/\/www.tuicamper.com\/wp-docker\/wp-json\/wp\/v2\/comments?post=72710"}],"version-history":[{"count":22,"href":"https:\/\/www.tuicamper.com\/wp-docker\/wp-json\/wp\/v2\/posts\/72710\/revisions"}],"predecessor-version":[{"id":74290,"href":"https:\/\/www.tuicamper.com\/wp-docker\/wp-json\/wp\/v2\/posts\/72710\/revisions\/74290"}],"wp:featuredmedia":[{"embeddable":true,"href":"https:\/\/www.tuicamper.com\/wp-docker\/wp-json\/wp\/v2\/media\/72714"}],"wp:attachment":[{"href":"https:\/\/www.tuicamper.com\/wp-docker\/wp-json\/wp\/v2\/media?parent=72710"}],"wp:term":[{"taxonomy":"category","embeddable":true,"href":"https:\/\/www.tuicamper.com\/wp-docker\/wp-json\/wp\/v2\/categories?post=72710"},{"taxonomy":"post_tag","embeddable":true,"href":"https:\/\/www.tuicamper.com\/wp-docker\/wp-json\/wp\/v2\/tags?post=72710"}],"curies":[{"name":"wp","href":"https:\/\/api.w.org\/{rel}","templated":true}]}}