{"id":72150,"date":"2024-02-27T12:09:50","date_gmt":"2024-02-27T11:09:50","guid":{"rendered":"https:\/\/www.tuicamper.com\/?p=72150"},"modified":"2024-02-27T12:09:50","modified_gmt":"2024-02-27T11:09:50","slug":"beste-reisezeit-island","status":"publish","type":"post","link":"https:\/\/www.tuicamper.com\/magazin\/beste-reisezeit-island\/","title":{"rendered":"Beste Reisezeit Island: Nordlichter, Wale und Natursch\u00f6nheiten"},"content":{"rendered":"<div id='av_section_1'  class='avia-section av-ykvab86-f4606c18d9f2c96edd1d6b05840ee56a main_color avia-section-default avia-no-border-styling  avia-builder-el-0  el_before_av_textblock  avia-builder-el-first  reduced-content avia-bg-style-scroll container_wrap sidebar_right'  ><div class='container av-section-cont-open' ><main  role=\"main\" itemprop=\"mainContentOfPage\"  class='template-page content  av-content-small alpha units'><div class='post-entry post-entry-type-page post-entry-72150'><div class='entry-content-wrapper clearfix'>\n\n<style type=\"text\/css\" data-created_by=\"avia_inline_auto\" id=\"style-css-av-y6je7jq-642a1f99038deca46366a6bb8aad7dba\">\n.flex_column.av-y6je7jq-642a1f99038deca46366a6bb8aad7dba{\nborder-radius:0px 0px 0px 0px;\npadding:0px 0px 0px 0px;\n}\n<\/style>\n<div  class='flex_column av-y6je7jq-642a1f99038deca46366a6bb8aad7dba av_one_full  avia-builder-el-1  avia-builder-el-no-sibling  first flex_column_div av-zero-column-padding  '     ><section  class='av_textblock_section av-xyjj4k6-32e7aceebd0e69cca1827a6092c85a79 '   itemscope=\"itemscope\" itemtype=\"https:\/\/schema.org\/BlogPosting\" itemprop=\"blogPost\" ><div class='avia_textblock'  itemprop=\"text\" ><p><span class=\"TextRun SCXW143909611 BCX0\" lang=\"DE-DE\" xml:lang=\"DE-DE\" data-contrast=\"auto\"><span class=\"NormalTextRun SCXW143909611 BCX0\">Feurige Vulkane und eisige Gletscher. Glitzernde Schneelandschaften und \u00fcppig gr\u00fcne Fjorde. M\u00e4rchenhafte Mitternachtssonne und magische Polarlichter. Island <\/span><span class=\"NormalTextRun SCXW143909611 BCX0\">vereint Gegens\u00e4tze wie keine zweite Reisedestination. Als beste Reisezeit f\u00fcr das Land mit den vielen Facetten gilt oft der Sommer. Tats\u00e4chlich bieten aber auch Winter, Herbst und Fr\u00fchling ihre ganz eigenen Reize. Wir zeigen Ihnen,<\/span><span class=\"NormalTextRun SCXW143909611 BCX0\"> zu welchen Jahreszeiten Sie Islands Top-<\/span><span class=\"NormalTextRun SCXW143909611 BCX0\">Sehensw\u00fcrdigkeiten<\/span><span class=\"NormalTextRun SCXW143909611 BCX0\"> am besten erkunden k\u00f6nnen!\u00a0<\/span><\/span><span class=\"EOP SCXW143909611 BCX0\" data-ccp-props=\"{}\">\u00a0<\/span><\/p>\n<\/div><\/section><\/div>\n<\/div><\/div><\/main><!-- close content main element --><\/div><\/div><div id='after_section_1'  class='main_color av_default_container_wrap container_wrap sidebar_right'  ><div class='container av-section-cont-open' ><div class='template-page content  av-content-small alpha units'><div class='post-entry post-entry-type-page post-entry-72150'><div class='entry-content-wrapper clearfix'>\n<section  class='av_textblock_section av-x7vb846-558cd3e25889bf2599782f1d76e826de '   itemscope=\"itemscope\" itemtype=\"https:\/\/schema.org\/BlogPosting\" itemprop=\"blogPost\" ><div class='avia_textblock'  itemprop=\"text\" >\n<\/div><\/section>\n<\/div><\/div><\/div><!-- close content main div --><\/div><\/div><div id='av_section_2'  class='avia-section av-x1tl06u-1d43c4fe1f9f45d99f95930d2e863abc main_color avia-section-default avia-no-border-styling  avia-builder-el-4  el_after_av_textblock  el_before_av_section  reduced-content avia-bg-style-scroll container_wrap sidebar_right'  ><div class='container av-section-cont-open' ><div class='template-page content  av-content-small alpha units'><div class='post-entry post-entry-type-page post-entry-72150'><div class='entry-content-wrapper clearfix'>\n<section  class='av_textblock_section av-wanstee-98af5a143e273c9b80a7b3033fe3e9a4 '   itemscope=\"itemscope\" itemtype=\"https:\/\/schema.org\/BlogPosting\" itemprop=\"blogPost\" ><div class='avia_textblock'  itemprop=\"text\" ><div id=\"js-table-of-contents\">\r\n    <strong>Inhaltsverzeichnis<\/strong>\r\n<\/div>\n<\/div><\/section>\n\n<\/div><\/div><\/div><!-- close content main div --><\/div><\/div><div id='av_section_3'  class='avia-section av-37o7ixi-358bd5a529dc321bc3324ce97b391c74 main_color avia-section-default avia-no-border-styling  avia-builder-el-6  el_after_av_section  el_before_av_section  reduced-content avia-bg-style-scroll container_wrap sidebar_right'  ><div class='container av-section-cont-open' ><div class='template-page content  av-content-small alpha units'><div class='post-entry post-entry-type-page post-entry-72150'><div class='entry-content-wrapper clearfix'>\n\n<style type=\"text\/css\" data-created_by=\"avia_inline_auto\" id=\"style-css-av-vfrp8ja-ff50bc9e72c671258aa4c0f3bbb95336\">\n.flex_column.av-vfrp8ja-ff50bc9e72c671258aa4c0f3bbb95336{\nborder-radius:0px 0px 0px 0px;\npadding:0px 0px 0px 0px;\n}\n<\/style>\n<div  class='flex_column av-vfrp8ja-ff50bc9e72c671258aa4c0f3bbb95336 av_one_full  avia-builder-el-7  avia-builder-el-no-sibling  first flex_column_div av-zero-column-padding  '     ><section  class='av_textblock_section av-uvkbys6-e2445a73fb80f38cdaaa1f21cab26a32 '   itemscope=\"itemscope\" itemtype=\"https:\/\/schema.org\/BlogPosting\" itemprop=\"blogPost\" ><div class='avia_textblock'  itemprop=\"text\" ><h2 aria-level=\"2\"><span data-contrast=\"none\">Wetter und Klima: Tipps zur besten Reisezeit in Island<\/span><span data-ccp-props=\"{\">\u00a0<\/span><\/h2>\n<p><span data-contrast=\"auto\">Als <\/span><b><span data-contrast=\"auto\">beste Reisezeit<\/span><\/b><span data-contrast=\"auto\"> f\u00fcr Island gelten gemeinhin die <\/span><b><span data-contrast=\"auto\">Sommermonate Juni, Juli und August<\/span><\/b><span data-contrast=\"auto\">. Zu dieser Zeit sind die Temperaturen mild und die Tage deutlich l\u00e4nger als in den Sommermonaten. Gerade f\u00fcr Camper, die die gesamte Insel erkunden und ausgedehnte Wanderungen unternehmen wollen, ist der Sommer daher die optimale Reisezeit. Wer die Hochsaison vermeiden und die Top-Sehensw\u00fcrdigkeiten Islands mit weniger Touristen teilen m\u00f6chte, weicht dagegen besser auf den <\/span><b><span data-contrast=\"auto\">Mai oder September<\/span><\/b><span data-contrast=\"auto\"> aus \u2013 beide Monate gelten als <\/span><b><span data-contrast=\"auto\">gute Reisezeit<\/span><\/b><span data-contrast=\"auto\"> f\u00fcr den Wohnmobil-Urlaub in Island.\u00a0<\/span><span data-ccp-props=\"{}\"><br \/>\n<\/span><span data-contrast=\"auto\">Obwohl die meisten Touristen Island im Sommer bereisen, hat auch der Winter seine unwiderstehlichen Reize \u2013 von tanzenden Polarlichtern bis hin zu faszinierenden Schneewanderungen \u00fcber glitzernde Gletscher. Gut zu wissen: Entgegen so mancher Annahme ist der isl\u00e4ndische Winter vergleichsweise mild. Der Einfluss des Golfstroms sorgt daf\u00fcr, dass die Temperaturen auch im Winter selten unter -3\u00b0 C sinken.<\/span><span data-ccp-props=\"{}\">\u00a0<\/span><\/p>\n<\/div><\/section><\/div>\n\n<\/div><\/div><\/div><!-- close content main div --><\/div><\/div><div id='av_section_4'  class='avia-section av-uput4ra-fb887a198a32be1ce0d29649e0ab5199 main_color avia-section-default avia-no-border-styling  avia-builder-el-9  el_after_av_section  el_before_av_section  reduced-content avia-bg-style-scroll container_wrap sidebar_right'  ><div class='container av-section-cont-open' ><div class='template-page content  av-content-small alpha units'><div class='post-entry post-entry-type-page post-entry-72150'><div class='entry-content-wrapper clearfix'>\n\n<style type=\"text\/css\" data-created_by=\"avia_inline_auto\" id=\"style-css-av-u4rclhy-0ed8c646eb03c9e25e9148edfcd0a2f3\">\n.avia-image-container.av-u4rclhy-0ed8c646eb03c9e25e9148edfcd0a2f3 img.avia_image{\nbox-shadow:none;\n}\n.avia-image-container.av-u4rclhy-0ed8c646eb03c9e25e9148edfcd0a2f3 .av-caption-image-overlay-bg{\nopacity:0.4;\nbackground-color:#000000;\n}\n.avia-image-container.av-u4rclhy-0ed8c646eb03c9e25e9148edfcd0a2f3 .av-image-caption-overlay-center{\ncolor:#ffffff;\n}\n<\/style>\n<div  class='avia-image-container av-u4rclhy-0ed8c646eb03c9e25e9148edfcd0a2f3 av-styling- av-img-linked avia_animated_image av-animated-when-visible-95 fade-in avia-align-center  avia-builder-el-10  el_before_av_hr  avia-builder-el-first  noHover av-overlay-on-hover'   itemprop=\"image\" itemscope=\"itemscope\" itemtype=\"https:\/\/schema.org\/ImageObject\" ><div class=\"avia-image-container-inner\"><div class=\"avia-image-overlay-wrap\"><a href=\"https:\/\/www.tuicamper.com\/wp-docker\/wp-content\/uploads\/2024\/02\/beste-reisezeit-island-Stykkisholmur-1030x644.jpg\" data-srcset=\"https:\/\/www.tuicamper.com\/wp-docker\/wp-content\/uploads\/2024\/02\/beste-reisezeit-island-Stykkisholmur-1030x644.jpg 1030w, https:\/\/www.tuicamper.com\/wp-docker\/wp-content\/uploads\/2024\/02\/beste-reisezeit-island-Stykkisholmur-300x188.jpg 300w, https:\/\/www.tuicamper.com\/wp-docker\/wp-content\/uploads\/2024\/02\/beste-reisezeit-island-Stykkisholmur-768x480.jpg 768w, https:\/\/www.tuicamper.com\/wp-docker\/wp-content\/uploads\/2024\/02\/beste-reisezeit-island-Stykkisholmur-705x441.jpg 705w, https:\/\/www.tuicamper.com\/wp-docker\/wp-content\/uploads\/2024\/02\/beste-reisezeit-island-Stykkisholmur.jpg 1440w\" data-sizes=\"(max-width: 1030px) 100vw, 1030px\" class='avia_image '  aria-label='beste-reisezeit-island-Stykkisholmur'><div class=\"av-image-caption-overlay\"><div class=\"av-caption-image-overlay-bg\"><\/div><div class=\"av-image-caption-overlay-position\"><div class=\"av-image-caption-overlay-center\"><p>Blick auf die majest\u00e4tischen und felsigen Fjorde von Stykkisholmur<\/p>\n<\/div><\/div><\/div><img decoding=\"async\" fetchpriority=\"high\" class='wp-image-72163 avia-img-lazy-loading-not-72163 avia_image ' src=\"https:\/\/www.tuicamper.com\/wp-docker\/wp-content\/uploads\/2024\/02\/beste-reisezeit-island-Stykkisholmur-845x684.jpg\" alt='Beste Reisezeit Island Stykkisholmur' title='beste-reisezeit-island-Stykkisholmur'  height=\"684\" width=\"845\"  itemprop=\"thumbnailUrl\" srcset=\"https:\/\/www.tuicamper.com\/wp-docker\/wp-content\/uploads\/2024\/02\/beste-reisezeit-island-Stykkisholmur-845x684.jpg 845w, https:\/\/www.tuicamper.com\/wp-docker\/wp-content\/uploads\/2024\/02\/beste-reisezeit-island-Stykkisholmur-495x400.jpg 495w\" sizes=\"(max-width: 845px) 100vw, 845px\" \/><\/a><\/div><\/div><\/div>\n\n<style type=\"text\/css\" data-created_by=\"avia_inline_auto\" id=\"style-css-av-tirz87q-5be6b05654b4e9b1006aa41dd9d75dd4\">\n#top .hr.hr-invisible.av-tirz87q-5be6b05654b4e9b1006aa41dd9d75dd4{\nheight:25px;\n}\n<\/style>\n<div  class='hr av-tirz87q-5be6b05654b4e9b1006aa41dd9d75dd4 hr-invisible  avia-builder-el-11  el_after_av_image  avia-builder-el-last '><span class='hr-inner '><span class=\"hr-inner-style\"><\/span><\/span><\/div>\n\n<\/div><\/div><\/div><!-- close content main div --><\/div><\/div><div id='av_section_5'  class='avia-section av-t2nwliu-f49afcbdcc4bb21654b071c40b35a753 main_color avia-section-default avia-no-border-styling  avia-builder-el-12  el_after_av_section  el_before_av_section  reduced-content avia-bg-style-scroll container_wrap sidebar_right'  ><div class='container av-section-cont-open' ><div class='template-page content  av-content-small alpha units'><div class='post-entry post-entry-type-page post-entry-72150'><div class='entry-content-wrapper clearfix'>\n\n<style type=\"text\/css\" data-created_by=\"avia_inline_auto\" id=\"style-css-av-sonbqc6-18f7fd4163aae117d105e882f63b240b\">\n.flex_column.av-sonbqc6-18f7fd4163aae117d105e882f63b240b{\nborder-radius:0px 0px 0px 0px;\npadding:0px 0px 0px 0px;\n}\n<\/style>\n<div  class='flex_column av-sonbqc6-18f7fd4163aae117d105e882f63b240b av_one_full  avia-builder-el-13  avia-builder-el-no-sibling  first flex_column_div av-zero-column-padding  '     ><section  class='av_textblock_section av-sefbpbq-c80ce3c49b3e87c9115c6240e8b9d2a8 '   itemscope=\"itemscope\" itemtype=\"https:\/\/schema.org\/BlogPosting\" itemprop=\"blogPost\" ><div class='avia_textblock'  itemprop=\"text\" ><h2 aria-level=\"2\"><span data-contrast=\"none\">Atemberaubendes Naturschauspiel: die beste Reisezeit f\u00fcr Islands Nordlichter\u00a0<\/span><span data-ccp-props=\"{\">\u00a0<\/span><\/h2>\n<p><span data-contrast=\"auto\">Mal tanzen sie in kr\u00e4ftigem Gr\u00fcn oder Rot \u00fcber den Himmel, mal erhellen sie den Nachthimmel in einem traumwandlerisch sch\u00f6nen Gelb, Rosa oder Violett: Polarlichter geh\u00f6ren zu den faszinierendsten Naturspektakeln, die Island zu bieten hat. Wenn Sie auf Ihrer Camper-Tour <\/span><a href=\"https:\/\/www.tuicamper.com\/magazin\/polarlichter-sehen\/\"><b><span data-contrast=\"none\">Nordlichter sehen<\/span><\/b><\/a><span data-contrast=\"auto\"> m\u00f6chten, sollten Sie die Reise in den Wintermonaten antreten. Die gr\u00f6\u00dften Chancen auf das n\u00e4chtliche Himmelsspektakel haben Sie in der Zeit von <\/span><b><span data-contrast=\"auto\">Mitte November bis Anfang M\u00e4rz<\/span><\/b><span data-contrast=\"auto\">. Garantien auf das Lichterspiel gibt es allerdings auch zu dieser Zeit nicht. Eine klare Nacht und eine ausreichend starke Solaraktivit\u00e4t sind Voraussetzungen f\u00fcr die Aurora borealis.<\/span><span data-ccp-props=\"{}\">\u00a0<\/span><\/p>\n<\/div><\/section><\/div>\n\n<\/div><\/div><\/div><!-- close content main div --><\/div><\/div><div id='av_section_6'  class='avia-section av-ruuiree-097012a19e563326758f170aa3d2a5d3 main_color avia-section-default avia-no-border-styling  avia-builder-el-15  el_after_av_section  el_before_av_section  reduced-content avia-bg-style-scroll container_wrap sidebar_right'  ><div class='container av-section-cont-open' ><div class='template-page content  av-content-small alpha units'><div class='post-entry post-entry-type-page post-entry-72150'><div class='entry-content-wrapper clearfix'>\n\n<style type=\"text\/css\" data-created_by=\"avia_inline_auto\" id=\"style-css-av-rcnddbq-eb23ba02627afaf3d3dadb82d69bd8e9\">\n.avia-image-container.av-rcnddbq-eb23ba02627afaf3d3dadb82d69bd8e9 img.avia_image{\nbox-shadow:none;\n}\n.avia-image-container.av-rcnddbq-eb23ba02627afaf3d3dadb82d69bd8e9 .av-caption-image-overlay-bg{\nopacity:0.4;\nbackground-color:#000000;\n}\n.avia-image-container.av-rcnddbq-eb23ba02627afaf3d3dadb82d69bd8e9 .av-image-caption-overlay-center{\ncolor:#ffffff;\n}\n<\/style>\n<div  class='avia-image-container av-rcnddbq-eb23ba02627afaf3d3dadb82d69bd8e9 av-styling- av-img-linked avia_animated_image av-animated-when-visible-95 fade-in avia-align-center  avia-builder-el-16  el_before_av_hr  avia-builder-el-first  noHover av-overlay-on-hover'   itemprop=\"image\" itemscope=\"itemscope\" itemtype=\"https:\/\/schema.org\/ImageObject\" ><div class=\"avia-image-container-inner\"><div class=\"avia-image-overlay-wrap\"><a href=\"https:\/\/www.tuicamper.com\/wp-docker\/wp-content\/uploads\/2024\/02\/beste-reisezeit-island-nordlichter-1030x644.jpg\" data-srcset=\"https:\/\/www.tuicamper.com\/wp-docker\/wp-content\/uploads\/2024\/02\/beste-reisezeit-island-nordlichter-1030x644.jpg 1030w, https:\/\/www.tuicamper.com\/wp-docker\/wp-content\/uploads\/2024\/02\/beste-reisezeit-island-nordlichter-300x188.jpg 300w, https:\/\/www.tuicamper.com\/wp-docker\/wp-content\/uploads\/2024\/02\/beste-reisezeit-island-nordlichter-768x480.jpg 768w, https:\/\/www.tuicamper.com\/wp-docker\/wp-content\/uploads\/2024\/02\/beste-reisezeit-island-nordlichter-705x441.jpg 705w, https:\/\/www.tuicamper.com\/wp-docker\/wp-content\/uploads\/2024\/02\/beste-reisezeit-island-nordlichter.jpg 1440w\" data-sizes=\"(max-width: 1030px) 100vw, 1030px\" class='avia_image '  aria-label='beste-reisezeit-island-nordlichter'><div class=\"av-image-caption-overlay\"><div class=\"av-caption-image-overlay-bg\"><\/div><div class=\"av-image-caption-overlay-position\"><div class=\"av-image-caption-overlay-center\"><p>Nordlichter \u00fcber Island<\/p>\n<\/div><\/div><\/div><img decoding=\"async\" fetchpriority=\"high\" class='wp-image-72166 avia-img-lazy-loading-not-72166 avia_image ' src=\"https:\/\/www.tuicamper.com\/wp-docker\/wp-content\/uploads\/2024\/02\/beste-reisezeit-island-nordlichter-845x684.jpg\" alt='' title='beste-reisezeit-island-nordlichter'  height=\"684\" width=\"845\"  itemprop=\"thumbnailUrl\" srcset=\"https:\/\/www.tuicamper.com\/wp-docker\/wp-content\/uploads\/2024\/02\/beste-reisezeit-island-nordlichter-845x684.jpg 845w, https:\/\/www.tuicamper.com\/wp-docker\/wp-content\/uploads\/2024\/02\/beste-reisezeit-island-nordlichter-495x400.jpg 495w\" sizes=\"(max-width: 845px) 100vw, 845px\" \/><\/a><\/div><\/div><\/div>\n\n<style type=\"text\/css\" data-created_by=\"avia_inline_auto\" id=\"style-css-av-r3fbx92-7089050869966e00933fd93f5a0dac65\">\n#top .hr.hr-invisible.av-r3fbx92-7089050869966e00933fd93f5a0dac65{\nheight:25px;\n}\n<\/style>\n<div  class='hr av-r3fbx92-7089050869966e00933fd93f5a0dac65 hr-invisible  avia-builder-el-17  el_after_av_image  avia-builder-el-last '><span class='hr-inner '><span class=\"hr-inner-style\"><\/span><\/span><\/div>\n\n<\/div><\/div><\/div><!-- close content main div --><\/div><\/div><div id='av_section_7'  class='avia-section av-9l03km-b1aee805114042cb5b5f68292e0433da main_color avia-section-default avia-no-border-styling  avia-builder-el-18  el_after_av_section  el_before_av_section  reduced-content avia-bg-style-scroll container_wrap sidebar_right'  ><div class='container av-section-cont-open' ><div class='template-page content  av-content-small alpha units'><div class='post-entry post-entry-type-page post-entry-72150'><div class='entry-content-wrapper clearfix'>\n\n<style type=\"text\/css\" data-created_by=\"avia_inline_auto\" id=\"style-css-av-q4n76wm-2e904d3212ea2133aac3f900eec1c404\">\n.flex_column.av-q4n76wm-2e904d3212ea2133aac3f900eec1c404{\nborder-radius:0px 0px 0px 0px;\npadding:0px 0px 0px 0px;\n}\n<\/style>\n<div  class='flex_column av-q4n76wm-2e904d3212ea2133aac3f900eec1c404 av_one_full  avia-builder-el-19  avia-builder-el-no-sibling  first flex_column_div av-zero-column-padding  '     ><section  class='av_textblock_section av-pnzf43a-2ceb88e87ee94e73203f14bcd728c48a '   itemscope=\"itemscope\" itemtype=\"https:\/\/schema.org\/BlogPosting\" itemprop=\"blogPost\" ><div class='avia_textblock'  itemprop=\"text\" ><h2 aria-level=\"2\"><span data-contrast=\"none\">Gletscher-Touren und Schneewanderungen: So reizvoll ist Islands Winter<\/span><span data-ccp-props=\"{\">\u00a0<\/span><\/h2>\n<p><span data-contrast=\"auto\">Mit dem Camper durch verschneite Landschaften fahren, die endlosen Schneefelder der Hochebene bestaunen, den Zauber gefrorener Wasserf\u00e4lle auf sich wirken lassen: Der isl\u00e4ndische Winter hat einen geradezu m\u00e4rchenhaften Charme. Insbesondere f\u00fcr Gletscher-Touren sind die Wintermonate pr\u00e4destiniert. Zugleich werden H\u00e4user und Stra\u00dfen in den St\u00e4dten und D\u00f6rfern bunt geschm\u00fcckt \u2013 und sorgen f\u00fcr eine angenehm festliche Atmosph\u00e4re. Und auch ein Bad in den warmen Thermalb\u00e4dern des Landes, \u00fcber denen in den Wintern\u00e4chten die Polarlichter flackern, ist ein geradezu magisches Erlebnis.\u00a0<\/span><span data-ccp-props=\"{}\">\u00a0<\/span><\/p>\n<\/div><\/section><\/div>\n\n<\/div><\/div><\/div><!-- close content main div --><\/div><\/div><div id='av_section_8'  class='avia-section av-ozuy3yu-d0284394fb3ac82bace38d285a5a0231 main_color avia-section-default avia-no-border-styling  avia-builder-el-21  el_after_av_section  el_before_av_section  magazine-slider-section fullwidth_section avia-bg-style-scroll container_wrap sidebar_right'  ><div class='container av-section-cont-open' ><div class='template-page content  av-content-small alpha units'><div class='post-entry post-entry-type-page post-entry-72150'><div class='entry-content-wrapper clearfix'>\n\n<style type=\"text\/css\" data-created_by=\"avia_inline_auto\" id=\"style-css-av-ommph6e-e46d502bfa687d0474c716b4e3ddd6d4\">\n.flex_column.av-ommph6e-e46d502bfa687d0474c716b4e3ddd6d4{\nborder-radius:0px 0px 0px 0px;\npadding:0px 0px 0px 0px;\n}\n<\/style>\n<div  class='flex_column av-ommph6e-e46d502bfa687d0474c716b4e3ddd6d4 av_one_full  avia-builder-el-22  avia-builder-el-no-sibling  first flex_column_div av-zero-column-padding  '     ><section  class='av_textblock_section av-ny5bd86-d0114f1efaa69066a7a2c7f02563bd92 '   itemscope=\"itemscope\" itemtype=\"https:\/\/schema.org\/BlogPosting\" itemprop=\"blogPost\" ><div class='avia_textblock'  itemprop=\"text\" ><div class=\"flex_column av_three_fourth flex_column_div av-zero-column-padding first el_before_av_one_fourth avia-builder-el-first headline-section\">\r\n    <section class=\"av_textblock_section \" itemscope=\"itemscope\"\r\n             itemtype=\"https:\/\/schema.org\/CreativeWork\">\r\n                    <div class=\"avia_textblock\" itemprop=\"text\">\r\n                                    Aus dem TUI Camper Magazin:<br>\r\n                                Spannende Artikel \u00fcber Island &amp; Norwegen            <\/div>\r\n            <\/section>\r\n<\/div>\r\n<div class=\"flex_column av_one_fourth flex_column_div av-zero-column-padding el_after_av_three_fourth el_before_av_feature_image_slider avia-builder-el-last logo-section\">\r\n    <div class=\"avia-image-container avia-builder-el-no-sibling avia-align-center\"\r\n         itemprop=\"image\" itemscope=\"itemscope\" itemtype=\"https:\/\/schema.org\/ImageObject\">\r\n        <div class=\"avia-image-container-inner\">\r\n            <div class=\"avia-image-overlay-wrap\">\r\n                <a href=\"\/magazin\/\">\r\n                    <img decoding=\"async\" class=\"wp-image-3099 avia-img-lazy-loading-not-3099 avia_image\"\r\n                         src=\"\/wp-docker\/wp-content\/themes\/tuicamper_enfold\/assets\/img\/logo_350-135.png\"\r\n                         alt=\"TUI Camper Magazin\" height=\"69\" width=\"150\"\r\n                         itemprop=\"thumbnailUrl\">\r\n                <\/a>\r\n            <\/div>\r\n        <\/div>\r\n    <\/div>\r\n<\/div>\r\n<div class=\"flex_column av_one_full flex_column_div av-zero-column-padding first el_before_av_textblock avia-builder-el-first\"\r\n     style=\"border-radius:0px;\">\r\n    <div class=\"carousel\">\r\n                    <div class=\"carousel-cell\">\r\n                <a href=\"https:\/\/www.tuicamper.com\/magazin\/reisetipps-norwegen\/\">\r\n                    <div class=\"img-container\" style=\"background-image: url('https:\/\/www.tuicamper.com\/wp-docker\/wp-content\/uploads\/2019\/04\/reisetipps-norwegen.jpg');\"><\/div>\r\n                    <p>Reisetipps Norwegen \u2013 Die wichtigsten Tipps f\u00fcr Ihre Camper-Reise <span class=\"dashicons dashicons-arrow-right-alt2\"><\/span><\/p>\r\n                <\/a>\r\n            <\/div>\r\n                    <div class=\"carousel-cell\">\r\n                <a href=\"https:\/\/www.tuicamper.com\/magazin\/reisetipps-island\/\">\r\n                    <div class=\"img-container\" style=\"background-image: url('https:\/\/www.tuicamper.com\/wp-docker\/wp-content\/uploads\/2019\/04\/reisetipps-island.jpg');\"><\/div>\r\n                    <p>Reisetipps Island: Die besten Tipps f\u00fcr Ihre Camper-Tour auf der Vulkaninsel <span class=\"dashicons dashicons-arrow-right-alt2\"><\/span><\/p>\r\n                <\/a>\r\n            <\/div>\r\n                    <div class=\"carousel-cell\">\r\n                <a href=\"https:\/\/www.tuicamper.com\/magazin\/polarlichter-sehen\/\">\r\n                    <div class=\"img-container\" style=\"background-image: url('https:\/\/www.tuicamper.com\/wp-docker\/wp-content\/uploads\/2020\/03\/polarlichter.jpg');\"><\/div>\r\n                    <p>Polarlichter sehen: Wann und wo ist das Polarlicht am sch\u00f6nsten? <span class=\"dashicons dashicons-arrow-right-alt2\"><\/span><\/p>\r\n                <\/a>\r\n            <\/div>\r\n                    <div class=\"carousel-cell\">\r\n                <a href=\"https:\/\/www.tuicamper.com\/magazin\/mit-dem-wohnmobil-nach-norwegen\/\">\r\n                    <div class=\"img-container\" style=\"background-image: url('https:\/\/www.tuicamper.com\/wp-docker\/wp-content\/uploads\/2025\/07\/norwegen-anreise-header.jpg');\"><\/div>\r\n                    <p>Mit dem Wohnmobil nach Norwegen: Alles zu Anreise, Route &#038; F\u00e4hre <span class=\"dashicons dashicons-arrow-right-alt2\"><\/span><\/p>\r\n                <\/a>\r\n            <\/div>\r\n                    <div class=\"carousel-cell\">\r\n                <a href=\"https:\/\/www.tuicamper.com\/magazin\/beste-reisezeit-island\/\">\r\n                    <div class=\"img-container\" style=\"background-image: url('https:\/\/www.tuicamper.com\/wp-docker\/wp-content\/uploads\/2024\/02\/beste-reisezeit-island.jpg');\"><\/div>\r\n                    <p>Beste Reisezeit Island: Nordlichter, Wale und Natursch\u00f6nheiten <span class=\"dashicons dashicons-arrow-right-alt2\"><\/span><\/p>\r\n                <\/a>\r\n            <\/div>\r\n                    <div class=\"carousel-cell\">\r\n                <a href=\"https:\/\/www.tuicamper.com\/magazin\/mit-dem-wohnmobil-zum-nordkap\/\">\r\n                    <div class=\"img-container\" style=\"background-image: url('https:\/\/www.tuicamper.com\/wp-docker\/wp-content\/uploads\/2019\/04\/nordkap-reise.jpg');\"><\/div>\r\n                    <p>Mit dem Wohnmobil zum Nordkap &#038; Norwegens Norden entdecken <span class=\"dashicons dashicons-arrow-right-alt2\"><\/span><\/p>\r\n                <\/a>\r\n            <\/div>\r\n            <\/div>\r\n<\/div>\n<\/div><\/section><\/div>\n\n<div id='av_section_9'  class='avia-section av-3tn3qxi-80587af82334e52b8073f81cf68bf425 main_color avia-section-default avia-no-border-styling  avia-builder-el-0  el_before_av_textblock  avia-builder-el-first  reduced-content avia-bg-style-scroll container_wrap sidebar_right'  ><div class='container av-section-cont-open' ><main  role=\"main\" itemprop=\"mainContentOfPage\"  class='template-page content  av-content-small alpha units'><div class='post-entry post-entry-type-page post-entry-72150'><div class='entry-content-wrapper clearfix'>\n\n<style type=\"text\/css\" data-created_by=\"avia_inline_auto\" id=\"style-css-av-3joxdee-454a9875cff7a2c7c18e1a43094c9ead\">\n.flex_column.av-3joxdee-454a9875cff7a2c7c18e1a43094c9ead{\nborder-radius:0px 0px 0px 0px;\npadding:0px 0px 0px 0px;\n}\n<\/style>\n<div  class='flex_column av-3joxdee-454a9875cff7a2c7c18e1a43094c9ead av_one_full  avia-builder-el-1  avia-builder-el-no-sibling  first flex_column_div av-zero-column-padding  '     ><section  class='av_textblock_section av-aulwie-3b8e0fab0548c91e2786760d6a84b32a '   itemscope=\"itemscope\" itemtype=\"https:\/\/schema.org\/BlogPosting\" itemprop=\"blogPost\" ><div class='avia_textblock'  itemprop=\"text\" ><h2 aria-level=\"2\"><span data-contrast=\"none\">Whale Whatching in Island \u2013 in diesen Monaten sind die Chancen am gr\u00f6\u00dften<\/span><span data-ccp-props=\"{\">\u00a0<\/span><\/h2>\n<p><span data-contrast=\"auto\">Gerade die Hauptstadt Reykjav\u00edk im S\u00fcdwesten und der kleine Ort H\u00fasav\u00edk im Norden gelten als Hotspots f\u00fcr <\/span><b><span data-contrast=\"auto\">Walbeobachtungen<\/span><\/b><span data-contrast=\"auto\"> in Island. Insbesondere in den Sommermonaten <\/span><b><span data-contrast=\"auto\">Juni, Juli und August<\/span><\/b><span data-contrast=\"auto\"> k\u00f6nnen die sanften Meeresriesen gesichtet werden. Fast zwei Dutzend verschiedene Walarten halten sich vor Islands K\u00fcsten auf. Beobachtet werden k\u00f6nnen etwa Orcas, Delfine, Finnwale oder Buckelwale. Mit einer ordentlichen Portion Gl\u00fcck k\u00f6nnen Sie auf Ihrer Bootstour sogar den majest\u00e4tischen Blauwal \u2013 das schwerste und gr\u00f6\u00dfte Tier der Welt \u2013 ersp\u00e4hen.\u00a0<\/span><span data-ccp-props=\"{}\"><br \/>\n<\/span><span data-contrast=\"auto\">Aber auch in den Fr\u00fchlings- und Herbstmonaten bestehen noch Chancen auf Walbeobachtungen. Einige Walarten (z.B. Zwergwale) k\u00f6nnen sogar das gesamte Jahr \u00fcber gesichtet werden.\u00a0<\/span><span data-ccp-props=\"{}\">\u00a0<\/span><\/p>\n<\/div><\/section><\/div>\n<\/div><\/div><\/main><!-- close content main element --><\/div><\/div><div id='after_section_9'  class='main_color av_default_container_wrap container_wrap sidebar_right'  ><div class='container av-section-cont-open' ><div class='template-page content  av-content-small alpha units'><div class='post-entry post-entry-type-page post-entry-72150'><div class='entry-content-wrapper clearfix'>\n<\/div><\/div><\/div><!-- close content main div --><\/div><\/div><div id='av_section_10'  class='avia-section av-11gkcuu-f229998c81195c31508444bd7f16dc19 main_color avia-section-default avia-no-border-styling  reduced-content avia-bg-style-scroll container_wrap sidebar_right'  ><div class='container av-section-cont-open' ><div class='template-page content  av-content-small alpha units'><div class='post-entry post-entry-type-page post-entry-72150'><div class='entry-content-wrapper clearfix'>\n\n<style type=\"text\/css\" data-created_by=\"avia_inline_auto\" id=\"style-css-av-lt38csjf-2301d1a5beaee1a73e6babcc73253ece\">\n.avia-image-container.av-lt38csjf-2301d1a5beaee1a73e6babcc73253ece img.avia_image{\nbox-shadow:none;\n}\n.avia-image-container.av-lt38csjf-2301d1a5beaee1a73e6babcc73253ece .av-caption-image-overlay-bg{\nopacity:0.4;\nbackground-color:#000000;\n}\n.avia-image-container.av-lt38csjf-2301d1a5beaee1a73e6babcc73253ece .av-image-caption-overlay-center{\ncolor:#ffffff;\n}\n<\/style>\n<div  class='avia-image-container av-lt38csjf-2301d1a5beaee1a73e6babcc73253ece av-styling- av-img-linked avia_animated_image av-animated-when-visible-95 fade-in avia-align-center noHover av-overlay-on-hover'   itemprop=\"image\" itemscope=\"itemscope\" itemtype=\"https:\/\/schema.org\/ImageObject\" ><div class=\"avia-image-container-inner\"><div class=\"avia-image-overlay-wrap\"><a href=\"https:\/\/www.tuicamper.com\/wp-docker\/wp-content\/uploads\/2024\/02\/beste-reisezeit-island-buckelwal-1030x644.jpg\" data-srcset=\"https:\/\/www.tuicamper.com\/wp-docker\/wp-content\/uploads\/2024\/02\/beste-reisezeit-island-buckelwal-1030x644.jpg 1030w, https:\/\/www.tuicamper.com\/wp-docker\/wp-content\/uploads\/2024\/02\/beste-reisezeit-island-buckelwal-300x188.jpg 300w, https:\/\/www.tuicamper.com\/wp-docker\/wp-content\/uploads\/2024\/02\/beste-reisezeit-island-buckelwal-768x480.jpg 768w, https:\/\/www.tuicamper.com\/wp-docker\/wp-content\/uploads\/2024\/02\/beste-reisezeit-island-buckelwal-705x441.jpg 705w, https:\/\/www.tuicamper.com\/wp-docker\/wp-content\/uploads\/2024\/02\/beste-reisezeit-island-buckelwal.jpg 1440w\" data-sizes=\"(max-width: 1030px) 100vw, 1030px\" class='avia_image '  aria-label='beste-reisezeit-island-buckelwal'><div class=\"av-image-caption-overlay\"><div class=\"av-caption-image-overlay-bg\"><\/div><div class=\"av-image-caption-overlay-position\"><div class=\"av-image-caption-overlay-center\"><p>Buckelwal<\/p>\n<\/div><\/div><\/div><img decoding=\"async\" fetchpriority=\"high\" class='wp-image-72168 avia-img-lazy-loading-not-72168 avia_image ' src=\"https:\/\/www.tuicamper.com\/wp-docker\/wp-content\/uploads\/2024\/02\/beste-reisezeit-island-buckelwal-845x684.jpg\" alt='' title='beste-reisezeit-island-buckelwal'  height=\"684\" width=\"845\"  itemprop=\"thumbnailUrl\" srcset=\"https:\/\/www.tuicamper.com\/wp-docker\/wp-content\/uploads\/2024\/02\/beste-reisezeit-island-buckelwal-845x684.jpg 845w, https:\/\/www.tuicamper.com\/wp-docker\/wp-content\/uploads\/2024\/02\/beste-reisezeit-island-buckelwal-495x400.jpg 495w\" sizes=\"(max-width: 845px) 100vw, 845px\" \/><\/a><\/div><\/div><\/div>\n\n<style type=\"text\/css\" data-created_by=\"avia_inline_auto\" id=\"style-css-av-u5erh2-c144115fe8bc276d781e853f02c6edd3\">\n#top .hr.hr-invisible.av-u5erh2-c144115fe8bc276d781e853f02c6edd3{\nheight:25px;\n}\n<\/style>\n<div  class='hr av-u5erh2-c144115fe8bc276d781e853f02c6edd3 hr-invisible'><span class='hr-inner '><span class=\"hr-inner-style\"><\/span><\/span><\/div>\n<\/div><\/div><\/div><!-- close content main div --><\/div><\/div><div id='after_section_10'  class='main_color av_default_container_wrap container_wrap sidebar_right'  ><div class='container av-section-cont-open' ><div class='template-page content  av-content-small alpha units'><div class='post-entry post-entry-type-page post-entry-72150'><div class='entry-content-wrapper clearfix'>\n<\/div><\/div><\/div><!-- close content main div --><\/div><\/div><div id='av_section_11'  class='avia-section av-nk9k41i-5f78c856dad9669e1950348501ba755c main_color avia-section-default avia-no-border-styling  reduced-content avia-bg-style-scroll container_wrap sidebar_right'  ><div class='container av-section-cont-open' ><div class='template-page content  av-content-small alpha units'><div class='post-entry post-entry-type-page post-entry-72150'><div class='entry-content-wrapper clearfix'>\n\n<style type=\"text\/css\" data-created_by=\"avia_inline_auto\" id=\"style-css-av-nevgsty-ca5d606509ce4f6e153c9cba60dcd744\">\n.flex_column.av-nevgsty-ca5d606509ce4f6e153c9cba60dcd744{\nborder-radius:0px 0px 0px 0px;\npadding:0px 0px 0px 0px;\n}\n<\/style>\n<div  class='flex_column av-nevgsty-ca5d606509ce4f6e153c9cba60dcd744 av_one_full first flex_column_div av-zero-column-padding  '     ><section  class='av_textblock_section av-2a13k5y-5eb57e9b393430befaf1a1370731b94e '   itemscope=\"itemscope\" itemtype=\"https:\/\/schema.org\/BlogPosting\" itemprop=\"blogPost\" ><div class='avia_textblock'  itemprop=\"text\" ><h2><span class=\"TextRun SCXW151407996 BCX0\" lang=\"DE-DE\" xml:lang=\"DE-DE\" data-contrast=\"none\"><span class=\"NormalTextRun SCXW151407996 BCX0\" data-ccp-parastyle=\"heading 2\">Die optimale Reisezeit f\u00fcr <\/span><span class=\"NormalTextRun SCXW151407996 BCX0\" data-ccp-parastyle=\"heading 2\">Island<\/span><span class=\"NormalTextRun SCXW151407996 BCX0\" data-ccp-parastyle=\"heading 2\">s Top<\/span><span class=\"NormalTextRun SCXW151407996 BCX0\" data-ccp-parastyle=\"heading 2\">-Sehensw\u00fcrdigkeiten<\/span><\/span><\/h2>\n<\/div><\/section><br \/>\n<div class='avia-data-table-wrap av-dp2nbme-4aae409cd454fc49dd01435aa0f493c3 avia_scrollable_table avia-table-1'><table  class='avia-table avia-data-table avia_pricing_default'  itemscope=\"itemscope\" itemtype=\"https:\/\/schema.org\/Table\" ><tbody><tr class='avia-heading-row'><th class='avia-highlight-col'>Sehensw\u00fcrdigkeit <\/th><th class='avia-highlight-col'>Beste Reisezeit <\/th><th class='avia-highlight-col'>Wissenswertes <\/th><\/tr><tr class=''><td class='avia-highlight-col'>Blaue Lagune <\/td><td class='avia-highlight-col'>Ganzj\u00e4hrig<br \/>\n(Sommer: Mitternachtssonne; Winter: Polarlichter) <\/td><td class='avia-highlight-col'>Im Sommer sind die Wetterverh\u00e4ltnisse tendenziell besser.<br \/>\nAm Abend ist zudem ein Bad im magischen Licht der Mitternachtssonne m\u00f6glich.<br \/>\nDaf\u00fcr wird das ber\u00fchmte Thermalbad mitunter sehr stark frequentiert.<br \/>\nIm Winter m\u00fcssen Sie das Badevergn\u00fcgen mit weniger Menschen teilen und k\u00f6nnen nachts mit etwas Gl\u00fcck Polarlichter beobachten.<br \/>\nWeniger Tageslicht sorgt allerdings f\u00fcr schlechtere Foto-Bedingungen.<\/td><\/tr><tr class=''><td class='avia-highlight-col'>Diamond Beach <\/td><td class='avia-highlight-col'>Ganzj\u00e4hrig <\/td><td class='avia-highlight-col'>Da sich die Eisberge das gesamte Jahr \u00fcber vom nahegelegenen Gletscher l\u00f6sen, ist eine Besuch des Diamond Beach das gesamte Jahr \u00fcber lohnenswert.<br \/>\nTipp: Am besten kommen die glitzernden Eiskristalle vor dem pechschwarzen Sand zum Sonnenaufgang und Sonnenuntergang zur Geltung \u2013 vorausgesetzt das Wetter spielt mit. <\/td><\/tr><tr class=''><td class='avia-highlight-col'><a href=\"\/routen\/island-routen\/islands-suedwesten\/\">Golden Circle<\/a><\/td><td class='avia-highlight-col'>Juni bis September <\/td><td class='avia-highlight-col'>In den Sommermonaten herrschen die besten Bedingungen, um die Geysire, den Gullfoss-Wasserfall und die atemberaubende Landschaft des Nationalparks Thingvellir zu entdecken.<br \/>\nTipp: Auch der September punktet meist mit guten Wetterbedingungen, zugleich sind hier deutlich weniger Touristen unterwegs. <\/td><\/tr><tr class=''><td class='avia-highlight-col'>Reykjav\u00edk <\/td><td class='avia-highlight-col'>Juni bis September<br \/>\nDezember <\/td><td class='avia-highlight-col'>Prinzipiell k\u00f6nnen Sie die Hauptstadt und das kulturelle Zentrum Islands das gesamte Jahr \u00fcber erkunden. In den Sommermonaten wartet Reykjav\u00edk mit den besseren Wetterbedingungen auf.<br \/>\nIn der Adventszeit erstrahlt die Stadt dagegen im festlichen Lichterglanz und bietet viele unvergessliche Eindr\u00fccke. <\/td><\/tr><tr class=''><td class='avia-highlight-col'>Skaftafell-Nationalpark <\/td><td class='avia-highlight-col'>Ganzj\u00e4hrig <\/td><td class='avia-highlight-col'>Der Skaftafell-Nationalpark ist ganzj\u00e4hrig ge\u00f6ffnet und bietet selbstverst\u00e4ndlich auch im Fr\u00fchjahr und Sommer beste Bedingungen f\u00fcr Wanderungen. Wenn die Birkenw\u00e4lder im Herbst zu leuchten beginnen, ergeben sich allerdings vielerorts noch sch\u00f6nerer Fotomotive.<br \/>\nUnd auch im Winter punktet der Nationalpark mit seinen vergleichsweise milden Temperaturen mit ganz eigenen Reizen. Jetzt ist insbesondere die Zeit f\u00fcr faszinierende Eish\u00f6hlen-Touren. <\/td><\/tr><tr class=''><td class='avia-highlight-col'>Westfjorde <\/td><td class='avia-highlight-col'>Juni bis September <\/td><td class='avia-highlight-col'>Die verschlungenen Fjorde im Westen Islands gelten selbst zur Hochsaison noch als Geheimtipp. Zug\u00e4nglich sind sie allerdings nur in den Sommermonaten.<br \/>\nIm Winter ist das schneereiche Gebiet in der Regel unpassierbar. Aber auch im Fr\u00fchling und Herbst sind die Stra\u00dfenverh\u00e4ltnisse innerhalb der d\u00fcnn besiedelten Region oft nicht optimal. <\/td><\/tr><\/tbody><\/table><\/div><\/p><\/div><\/div><\/div><\/div><!-- close content main div --><\/div><\/div><div id='after_section_11'  class='main_color av_default_container_wrap container_wrap sidebar_right'  ><div class='container av-section-cont-open' ><div class='template-page content  av-content-small alpha units'><div class='post-entry post-entry-type-page post-entry-72150'><div class='entry-content-wrapper clearfix'><\/div><\/div><\/div><!-- close content main div --><\/div><\/div><div id='av_section_12'  class='avia-section av-19pnnpy-ffda9cd0f08207358ee4079dca10fbc5 main_color avia-section-default avia-no-border-styling  avia-builder-el-4  el_after_av_textblock  el_before_av_section  reduced-content avia-bg-style-scroll container_wrap sidebar_right'  ><div class='container av-section-cont-open' ><div class='template-page content  av-content-small alpha units'><div class='post-entry post-entry-type-page post-entry-72150'><div class='entry-content-wrapper clearfix'>\n\n<style type=\"text\/css\" data-created_by=\"avia_inline_auto\" id=\"style-css-av-m9ezx2-d3e0faed1b12924e0a182f842c6c9f28\">\n.flex_column.av-m9ezx2-d3e0faed1b12924e0a182f842c6c9f28{\nborder-radius:0px 0px 0px 0px;\npadding:0px 0px 0px 0px;\n}\n<\/style>\n<div  class='flex_column av-m9ezx2-d3e0faed1b12924e0a182f842c6c9f28 av_one_full first flex_column_div av-zero-column-padding  '     ><section  class='av_textblock_section av-lt37aprh-a40c883bc78b4cbf31cba709be2208ab '   itemscope=\"itemscope\" itemtype=\"https:\/\/schema.org\/BlogPosting\" itemprop=\"blogPost\" ><div class='avia_textblock'  itemprop=\"text\" ><h2 aria-level=\"2\"><span data-contrast=\"none\">Beste Reisezeit f\u00fcr eine Island-Rundreise mit dem Wohnmobil<\/span><span data-ccp-props=\"{\">\u00a0<\/span><\/h2>\n<p><span data-contrast=\"auto\">Klare Sache, eine <\/span><a href=\"https:\/\/www.tuicamper.com\/routen\/island-routen\/island-rundreise\/\"><b><span data-contrast=\"none\">Island-Rundreise<\/span><\/b><\/a><span data-contrast=\"auto\"> mit dem Camper kommt nur in den <\/span><b><span data-contrast=\"auto\">Sommermonaten zwischen Juni und September<\/span><\/b><span data-contrast=\"auto\"> in Betracht. Zu dieser Jahreszeit sind die Wetterverh\u00e4ltnisse oft gut, die Stra\u00dfen passierbar und auch so gut wie alle Campingpl\u00e4tze haben ge\u00f6ffnet. Insbesondere Islands ber\u00fchmte Ringstra\u00dfe, die komplett um die Insel f\u00fchrt, ist im Sommer mit dem Wohnmobil gut befahrbar. Unterwegs l\u00e4dt das angenehme Klima zu ausgedehnten Wanderungen ein.<\/span><span data-ccp-props=\"{}\">\u00a0<\/span><\/p>\n<\/div><\/section><\/div>\n<\/p>\n<\/div><\/div><\/div><!-- close content main div --><\/div><\/div><div id='av_section_13'  class='avia-section av-2essz12-43b6eaa7b49a22af53d480c95b782620 main_color avia-section-default avia-no-border-styling  avia-builder-el-6  el_after_av_section  el_before_av_section  reduced-content avia-bg-style-scroll container_wrap sidebar_right'  ><div class='container av-section-cont-open' ><div class='template-page content  av-content-small alpha units'><div class='post-entry post-entry-type-page post-entry-72150'><div class='entry-content-wrapper clearfix'>\n<div  class='avia-button-wrap av-20r9t9y-3014cfd6097c34cff4d187144acf07a3-wrap avia-button-center '><a href='https:\/\/www.tuicamper.com\/reiseziele\/europa\/island\/'  class='avia-button av-20r9t9y-3014cfd6097c34cff4d187144acf07a3 av-link-btn avia-icon_select-yes-right-icon avia-size-large avia-position-center avia-color-theme-color'   aria-label=\"Jetzt Wohnmobil mieten f\u00fcr Island\"><span class='avia_iconbox_title' >Jetzt Wohnmobil mieten f\u00fcr Island<\/span><span class='avia_button_icon avia_button_icon_right avia-iconfont avia-font-entypo-fontello' data-av_icon='\ue875' data-av_iconfont='entypo-fontello' ><\/span><\/a><\/div>\n\n<style type=\"text\/css\" data-created_by=\"avia_inline_auto\" id=\"style-css-av-1ilhpw6-27880ed5077a65447c921f64bfe3f63a\">\n.flex_column.av-1ilhpw6-27880ed5077a65447c921f64bfe3f63a{\nborder-radius:0px 0px 0px 0px;\npadding:0px 0px 0px 0px;\n}\n<\/style>\n<div  class='flex_column av-1ilhpw6-27880ed5077a65447c921f64bfe3f63a av_one_full first flex_column_div av-zero-column-padding  '     ><style type=\"text\/css\" data-created_by=\"avia_inline_auto\" id=\"style-css-av-4q537a-8e50cc23d72035e3eae7d52d6a86ce25\">\n#top .av_textblock_section.av-4q537a-8e50cc23d72035e3eae7d52d6a86ce25 .avia_textblock{\nfont-size:28px;\n}\n<\/style>\n<section  class='av_textblock_section av-4q537a-8e50cc23d72035e3eae7d52d6a86ce25 '   itemscope=\"itemscope\" itemtype=\"https:\/\/schema.org\/BlogPosting\" itemprop=\"blogPost\" ><div class='avia_textblock'  itemprop=\"text\" ><p><strong><span class=\"TextRun SCXW55924996 BCX0\" lang=\"DE-DE\" xml:lang=\"DE-DE\" data-contrast=\"auto\"><span class=\"NormalTextRun SCXW55924996 BCX0\">Ihr TUI CAMPER-Team w\u00fcnscht Ihnen <\/span><span class=\"NormalTextRun SCXW55924996 BCX0\">einen atemberaubenden Wohnmobil-Urlaub durch die einzigartige<\/span><span class=\"NormalTextRun SCXW55924996 BCX0\">n<\/span><span class=\"NormalTextRun SCXW55924996 BCX0\"> Landschaft<\/span><span class=\"NormalTextRun SCXW55924996 BCX0\">en<\/span><span class=\"NormalTextRun SCXW55924996 BCX0\"> Islands!\u00a0<\/span><\/span><span class=\"EOP SCXW55924996 BCX0\" data-ccp-props=\"{}\">\u00a0<\/span><\/strong><\/p>\n<\/div><\/section><\/div><div  class='av-social-sharing-box av-swte9i-9a2107a9d41c4e00fcc691cc07d278bd av-social-sharing-box-default av-social-sharing-box-fullwidth'><div class=\"av-share-box\"><ul class=\"av-share-box-list noLightbox\"><li class='av-share-link av-social-link-facebook avia_social_iconfont' ><a target=\"_blank\" aria-label=\"Teilen auf Facebook\" href='https:\/\/www.facebook.com\/sharer.php?u=https:\/\/www.tuicamper.com\/magazin\/mit-dem-wohnmobil-zum-nordkap\/&#038;t=Mit%20dem%20Wohnmobil%20zum%20Nordkap%20%26%20Norwegens%20Norden%20entdecken' data-av_icon='\ue8f3' data-av_iconfont='entypo-fontello'  title='' data-avia-related-tooltip='Teilen auf Facebook'><span class='avia_hidden_link_text'>Teilen auf Facebook<\/span><\/a><\/li><li class='av-share-link av-social-link-twitter avia_social_iconfont' ><a target=\"_blank\" aria-label=\"Teilen auf X\" href='https:\/\/twitter.com\/share?text=Mit%20dem%20Wohnmobil%20zum%20Nordkap%20%26%20Norwegens%20Norden%20entdecken&#038;url=https:\/\/www.tuicamper.com\/magazin\/mit-dem-wohnmobil-zum-nordkap\/' data-av_icon='\ue932' data-av_iconfont='entypo-fontello'  title='' data-avia-related-tooltip='Teilen auf X'><span class='avia_hidden_link_text'>Teilen auf X<\/span><\/a><\/li><li class='av-share-link av-social-link-whatsapp avia_social_iconfont' ><a target=\"_blank\" aria-label=\"Teilen auf WhatsApp\" href='https:\/\/api.whatsapp.com\/send?text=https:\/\/www.tuicamper.com\/magazin\/mit-dem-wohnmobil-zum-nordkap\/' data-av_icon='\uf232' data-av_iconfont='entypo-fontello'  title='' data-avia-related-tooltip='Teilen auf WhatsApp'><span class='avia_hidden_link_text'>Teilen auf WhatsApp<\/span><\/a><\/li><li class='av-share-link av-social-link-pinterest avia_social_iconfont' ><a target=\"_blank\" aria-label=\"Teilen auf Pinterest\" href='https:\/\/pinterest.com\/pin\/create\/button\/?url=https%3A%2F%2Fwww.tuicamper.com%2Fmagazin%2Fmit-dem-wohnmobil-zum-nordkap%2F&#038;description=Mit%20dem%20Wohnmobil%20zum%20Nordkap%20%26%20Norwegens%20Norden%20entdecken&#038;media=https%3A%2F%2Fwww.tuicamper.com%2Fwp-docker%2Fwp-content%2Fuploads%2F2019%2F04%2Fnordkap-reise-705x269.jpg' data-av_icon='\ue8f8' data-av_iconfont='entypo-fontello'  title='' data-avia-related-tooltip='Teilen auf Pinterest'><span class='avia_hidden_link_text'>Teilen auf Pinterest<\/span><\/a><\/li><li class='av-share-link av-social-link-mail avia_social_iconfont' ><a  aria-label=\"Per E-Mail teilen\" href='mailto:?subject=Mit%20dem%20Wohnmobil%20zum%20Nordkap%20%26%20Norwegens%20Norden%20entdecken&#038;body=https:\/\/www.tuicamper.com\/magazin\/mit-dem-wohnmobil-zum-nordkap\/' data-av_icon='\ue805' data-av_iconfont='entypo-fontello'  title='' data-avia-related-tooltip='Per E-Mail teilen'><span class='avia_hidden_link_text'>Per E-Mail teilen<\/span><\/a><\/li><\/ul><\/div><\/div>\n\n","protected":false},"excerpt":{"rendered":"<p>Nordlichter sehen, Wale beobachten, Gletscher bestaunen: Erfahren Sie, zu welchen Jahreszeiten Sie die Top-Highlights Island am besten erleben k\u00f6nnen!<\/p>\n","protected":false},"author":5,"featured_media":72154,"comment_status":"open","ping_status":"open","sticky":false,"template":"","format":"standard","meta":{"footnotes":""},"categories":[8],"tags":[59,50],"class_list":["post-72150","post","type-post","status-publish","format-standard","has-post-thumbnail","hentry","category-reiselaender","tag-island","tag-natur"],"yoast_head":"<!-- This site is optimized with the Yoast SEO plugin v27.4 - https:\/\/yoast.com\/product\/yoast-seo-wordpress\/ -->\n<title>Beste Reisezeit Island: Wetter &amp; Reisezeit f\u00fcr alle Regionen - TUI CAMPER<\/title>\n<meta name=\"description\" content=\"Nordlichter sehen, Wale beobachten, Gletscher bestaunen: Erfahren Sie, zu welchen Jahreszeiten Sie die Top-Highlights Island am besten erleben k\u00f6nnen!\" \/>\n<meta name=\"robots\" content=\"index, follow, max-snippet:-1, max-image-preview:large, max-video-preview:-1\" \/>\n<link rel=\"canonical\" href=\"https:\/\/www.tuicamper.com\/magazin\/beste-reisezeit-island\/\" \/>\n<meta property=\"og:locale\" content=\"de_DE\" \/>\n<meta property=\"og:type\" content=\"article\" \/>\n<meta property=\"og:title\" content=\"Beste Reisezeit Island: Wetter &amp; Reisezeit f\u00fcr alle Regionen - TUI CAMPER\" \/>\n<meta property=\"og:description\" content=\"Nordlichter sehen, Wale beobachten, Gletscher bestaunen: Erfahren Sie, zu welchen Jahreszeiten Sie die Top-Highlights Island am besten erleben k\u00f6nnen!\" \/>\n<meta property=\"og:url\" content=\"https:\/\/www.tuicamper.com\/magazin\/beste-reisezeit-island\/\" \/>\n<meta property=\"og:site_name\" content=\"TUI Camper Magazin\" \/>\n<meta property=\"article:published_time\" content=\"2024-02-27T11:09:50+00:00\" \/>\n<meta property=\"og:image\" content=\"https:\/\/www.tuicamper.com\/wp-docker\/wp-content\/uploads\/2024\/02\/beste-reisezeit-island.jpg\" \/>\n\t<meta property=\"og:image:width\" content=\"1280\" \/>\n\t<meta property=\"og:image:height\" content=\"492\" \/>\n\t<meta property=\"og:image:type\" content=\"image\/jpeg\" \/>\n<meta name=\"author\" content=\"Olli\" \/>\n<meta name=\"twitter:card\" content=\"summary_large_image\" \/>\n<meta name=\"twitter:label1\" content=\"Verfasst von\" \/>\n\t<meta name=\"twitter:data1\" content=\"Olli\" \/>\n\t<meta name=\"twitter:label2\" content=\"Gesch\u00e4tzte Lesezeit\" \/>\n\t<meta name=\"twitter:data2\" content=\"7\u00a0Minuten\" \/>\n<!-- \/ Yoast SEO plugin. -->","yoast_head_json":{"title":"Beste Reisezeit Island: Wetter & Reisezeit f\u00fcr alle Regionen - TUI CAMPER","description":"Nordlichter sehen, Wale beobachten, Gletscher bestaunen: Erfahren Sie, zu welchen Jahreszeiten Sie die Top-Highlights Island am besten erleben k\u00f6nnen!","robots":{"index":"index","follow":"follow","max-snippet":"max-snippet:-1","max-image-preview":"max-image-preview:large","max-video-preview":"max-video-preview:-1"},"canonical":"https:\/\/www.tuicamper.com\/magazin\/beste-reisezeit-island\/","og_locale":"de_DE","og_type":"article","og_title":"Beste Reisezeit Island: Wetter & Reisezeit f\u00fcr alle Regionen - TUI CAMPER","og_description":"Nordlichter sehen, Wale beobachten, Gletscher bestaunen: Erfahren Sie, zu welchen Jahreszeiten Sie die Top-Highlights Island am besten erleben k\u00f6nnen!","og_url":"https:\/\/www.tuicamper.com\/magazin\/beste-reisezeit-island\/","og_site_name":"TUI Camper Magazin","article_published_time":"2024-02-27T11:09:50+00:00","og_image":[{"width":1280,"height":492,"url":"https:\/\/www.tuicamper.com\/wp-docker\/wp-content\/uploads\/2024\/02\/beste-reisezeit-island.jpg","type":"image\/jpeg"}],"author":"Olli","twitter_card":"summary_large_image","twitter_misc":{"Verfasst von":"Olli","Gesch\u00e4tzte Lesezeit":"7\u00a0Minuten"},"schema":{"@context":"https:\/\/schema.org","@graph":[{"@type":"Article","@id":"https:\/\/www.tuicamper.com\/magazin\/beste-reisezeit-island\/#article","isPartOf":{"@id":"https:\/\/www.tuicamper.com\/magazin\/beste-reisezeit-island\/"},"author":{"name":"Olli","@id":"https:\/\/www.tuicamper.com\/wp-docker\/#\/schema\/person\/98975e733813f701672fd75ef9df8b69"},"headline":"Beste Reisezeit Island: Nordlichter, Wale und Natursch\u00f6nheiten","datePublished":"2024-02-27T11:09:50+00:00","mainEntityOfPage":{"@id":"https:\/\/www.tuicamper.com\/magazin\/beste-reisezeit-island\/"},"wordCount":5183,"commentCount":0,"image":{"@id":"https:\/\/www.tuicamper.com\/magazin\/beste-reisezeit-island\/#primaryimage"},"thumbnailUrl":"https:\/\/www.tuicamper.com\/wp-docker\/wp-content\/uploads\/2024\/02\/beste-reisezeit-island.jpg","keywords":["Island","Natur"],"articleSection":["Reisel\u00e4nder"],"inLanguage":"de","potentialAction":[{"@type":"CommentAction","name":"Comment","target":["https:\/\/www.tuicamper.com\/magazin\/beste-reisezeit-island\/#respond"]}]},{"@type":"WebPage","@id":"https:\/\/www.tuicamper.com\/magazin\/beste-reisezeit-island\/","url":"https:\/\/www.tuicamper.com\/magazin\/beste-reisezeit-island\/","name":"Beste Reisezeit Island: Wetter & Reisezeit f\u00fcr alle Regionen - TUI CAMPER","isPartOf":{"@id":"https:\/\/www.tuicamper.com\/#website"},"primaryImageOfPage":{"@id":"https:\/\/www.tuicamper.com\/magazin\/beste-reisezeit-island\/#primaryimage"},"image":{"@id":"https:\/\/www.tuicamper.com\/magazin\/beste-reisezeit-island\/#primaryimage"},"thumbnailUrl":"https:\/\/www.tuicamper.com\/wp-content\/uploads\/2024\/02\/beste-reisezeit-island.jpg","datePublished":"2024-02-27T11:09:50+00:00","author":{"@id":"https:\/\/www.tuicamper.com\/#\/schema\/person\/98975e733813f701672fd75ef9df8b69"},"description":"Nordlichter sehen, Wale beobachten, Gletscher bestaunen: Erfahren Sie, zu welchen Jahreszeiten Sie die Top-Highlights Island am besten erleben k\u00f6nnen!","breadcrumb":{"@id":"https:\/\/www.tuicamper.com\/magazin\/beste-reisezeit-island\/#breadcrumb"},"inLanguage":"de","potentialAction":["Array"]},{"@type":"ImageObject","inLanguage":"de","@id":"https:\/\/www.tuicamper.com\/magazin\/beste-reisezeit-island\/#primaryimage","url":"https:\/\/www.tuicamper.com\/wp-docker\/wp-content\/uploads\/2024\/02\/beste-reisezeit-island.jpg","contentUrl":"https:\/\/www.tuicamper.com\/wp-docker\/wp-content\/uploads\/2024\/02\/beste-reisezeit-island.jpg","width":1280,"height":492,"caption":"Beste Reisezeit Island"},{"@type":"BreadcrumbList","@id":"https:\/\/www.tuicamper.com\/magazin\/beste-reisezeit-island\/#breadcrumb","itemListElement":[{"@type":"ListItem","position":1,"name":"Startseite","item":"https:\/\/www.tuicamper.com\/wp-docker\/"},{"@type":"ListItem","position":2,"name":"Beste Reisezeit Island: Nordlichter, Wale und Natursch\u00f6nheiten"}]},{"@type":"WebSite","@id":"https:\/\/www.tuicamper.com\/#website","url":"https:\/\/www.tuicamper.com\/","name":"TUI Camper Magazin","description":"","potentialAction":["Array"],"inLanguage":"de"},{"@type":"Person","@id":"https:\/\/www.tuicamper.com\/wp-docker\/#\/schema\/person\/98975e733813f701672fd75ef9df8b69","name":"Olli","image":{"@type":"ImageObject","inLanguage":"de","@id":"https:\/\/secure.gravatar.com\/avatar\/4529b17b9a4dec34d38f705f89e1db8c906d30537b64d795d775d528c07951ff?s=96&d=mm&r=g","url":"https:\/\/secure.gravatar.com\/avatar\/4529b17b9a4dec34d38f705f89e1db8c906d30537b64d795d775d528c07951ff?s=96&d=mm&r=g","contentUrl":"https:\/\/secure.gravatar.com\/avatar\/4529b17b9a4dec34d38f705f89e1db8c906d30537b64d795d775d528c07951ff?s=96&d=mm&r=g","caption":"Olli"},"url":"https:\/\/www.tuicamper.com\/wp-docker\/magazin\/author\/olli\/"}]}},"_links":{"self":[{"href":"https:\/\/www.tuicamper.com\/wp-docker\/wp-json\/wp\/v2\/posts\/72150","targetHints":{"allow":["GET"]}}],"collection":[{"href":"https:\/\/www.tuicamper.com\/wp-docker\/wp-json\/wp\/v2\/posts"}],"about":[{"href":"https:\/\/www.tuicamper.com\/wp-docker\/wp-json\/wp\/v2\/types\/post"}],"author":[{"embeddable":true,"href":"https:\/\/www.tuicamper.com\/wp-docker\/wp-json\/wp\/v2\/users\/5"}],"replies":[{"embeddable":true,"href":"https:\/\/www.tuicamper.com\/wp-docker\/wp-json\/wp\/v2\/comments?post=72150"}],"version-history":[{"count":35,"href":"https:\/\/www.tuicamper.com\/wp-docker\/wp-json\/wp\/v2\/posts\/72150\/revisions"}],"predecessor-version":[{"id":73783,"href":"https:\/\/www.tuicamper.com\/wp-docker\/wp-json\/wp\/v2\/posts\/72150\/revisions\/73783"}],"wp:featuredmedia":[{"embeddable":true,"href":"https:\/\/www.tuicamper.com\/wp-docker\/wp-json\/wp\/v2\/media\/72154"}],"wp:attachment":[{"href":"https:\/\/www.tuicamper.com\/wp-docker\/wp-json\/wp\/v2\/media?parent=72150"}],"wp:term":[{"taxonomy":"category","embeddable":true,"href":"https:\/\/www.tuicamper.com\/wp-docker\/wp-json\/wp\/v2\/categories?post=72150"},{"taxonomy":"post_tag","embeddable":true,"href":"https:\/\/www.tuicamper.com\/wp-docker\/wp-json\/wp\/v2\/tags?post=72150"}],"curies":[{"name":"wp","href":"https:\/\/api.w.org\/{rel}","templated":true}]}}