{"id":7210,"date":"2021-03-17T11:29:16","date_gmt":"2021-03-17T10:29:16","guid":{"rendered":"https:\/\/www.tuicamper.com\/?p=7210"},"modified":"2021-03-17T11:29:16","modified_gmt":"2021-03-17T10:29:16","slug":"wohnmobil-in-deutschland-mieten-oder-vor-ort","status":"publish","type":"post","link":"https:\/\/www.tuicamper.com\/magazin\/wohnmobil-in-deutschland-mieten-oder-vor-ort\/","title":{"rendered":"Wohnmobil in Deutschland mieten oder vor Ort?"},"content":{"rendered":"<div id='av_section_1'  class='avia-section av-jt5vrdgv-4386718e65b314e69682ca60ae604601 main_color avia-section-default avia-no-border-styling  avia-builder-el-0  el_before_av_textblock  avia-builder-el-first  reduced-content avia-bg-style-scroll container_wrap sidebar_right'  ><div class='container av-section-cont-open' ><main  role=\"main\" itemprop=\"mainContentOfPage\"  class='template-page content  av-content-small alpha units'><div class='post-entry post-entry-type-page post-entry-7210'><div class='entry-content-wrapper clearfix'>\n\n<style type=\"text\/css\" data-created_by=\"avia_inline_auto\" id=\"style-css-av-1g5aou-6e8505d9de1136ce38f66b0d0e5d2a36\">\n.flex_column.av-1g5aou-6e8505d9de1136ce38f66b0d0e5d2a36{\nborder-radius:0px 0px 0px 0px;\npadding:0px 0px 0px 0px;\n}\n<\/style>\n<div  class='flex_column av-1g5aou-6e8505d9de1136ce38f66b0d0e5d2a36 av_one_full  avia-builder-el-1  avia-builder-el-no-sibling  first flex_column_div av-zero-column-padding  '     ><section  class='av_textblock_section av-jt5tjyk0-3c3ad3c49a2fedf7b0c26b6227895b8a '   itemscope=\"itemscope\" itemtype=\"https:\/\/schema.org\/BlogPosting\" itemprop=\"blogPost\" ><div class='avia_textblock'  itemprop=\"text\" ><p>Viele Urlauber sch\u00e4tzen die Freiheit, die ihnen ein Wohnmobil-Urlaub bietet. Doch gerade bei Reisen innerhalb Europas stellt sich selbst eingefleischten Campern immer wieder dieselbe Frage: Soll das Wohnmobil in Deutschland oder besser vor Ort angemietet werden. Eine pauschale Antwort ist zwar nicht m\u00f6glich, es gibt allerdings eine ganze Reihe von Kriterien, die bei der Entscheidungsfindung helfen. Wir stellen sie Ihnen vor.<\/p>\n<\/div><\/section><\/div>\n<\/div><\/div><\/main><!-- close content main element --><\/div><\/div><div id='after_section_1'  class='main_color av_default_container_wrap container_wrap sidebar_right'  ><div class='container av-section-cont-open' ><div class='template-page content  av-content-small alpha units'><div class='post-entry post-entry-type-page post-entry-7210'><div class='entry-content-wrapper clearfix'>\n<section  class='av_textblock_section av-jtpqpty6-550c066a997ebaf648fccc87d0b9ff16 '   itemscope=\"itemscope\" itemtype=\"https:\/\/schema.org\/BlogPosting\" itemprop=\"blogPost\" ><div class='avia_textblock'  itemprop=\"text\" >\n<\/div><\/section>\n<\/div><\/div><\/div><!-- close content main div --><\/div><\/div><div id='av_section_2'  class='avia-section av-jt5vrdgv-4386718e65b314e69682ca60ae604601 main_color avia-section-default avia-no-border-styling  avia-builder-el-4  el_after_av_textblock  el_before_av_section  reduced-content avia-bg-style-scroll container_wrap sidebar_right'  ><div class='container av-section-cont-open' ><div class='template-page content  av-content-small alpha units'><div class='post-entry post-entry-type-page post-entry-7210'><div class='entry-content-wrapper clearfix'>\n<section  class='av_textblock_section av-jt5tjyk0-1e04ddf86ca9bd8201b4b17bbb4a6491 '   itemscope=\"itemscope\" itemtype=\"https:\/\/schema.org\/BlogPosting\" itemprop=\"blogPost\" ><div class='avia_textblock'  itemprop=\"text\" ><div id=\"js-table-of-contents\">\r\n    <strong>Inhaltsverzeichnis<\/strong>\r\n<\/div>\n<\/div><\/section>\n\n<\/div><\/div><\/div><!-- close content main div --><\/div><\/div><div id='av_section_3'  class='avia-section av-jt5vrdgv-4386718e65b314e69682ca60ae604601 main_color avia-section-default avia-no-border-styling  avia-builder-el-6  el_after_av_section  el_before_av_section  reduced-content avia-bg-style-scroll container_wrap sidebar_right'  ><div class='container av-section-cont-open' ><div class='template-page content  av-content-small alpha units'><div class='post-entry post-entry-type-page post-entry-7210'><div class='entry-content-wrapper clearfix'>\n\n<style type=\"text\/css\" data-created_by=\"avia_inline_auto\" id=\"style-css-av-1g5aou-6e8505d9de1136ce38f66b0d0e5d2a36\">\n.flex_column.av-1g5aou-6e8505d9de1136ce38f66b0d0e5d2a36{\nborder-radius:0px 0px 0px 0px;\npadding:0px 0px 0px 0px;\n}\n<\/style>\n<div  class='flex_column av-1g5aou-6e8505d9de1136ce38f66b0d0e5d2a36 av_one_full  avia-builder-el-7  avia-builder-el-no-sibling  first flex_column_div av-zero-column-padding  '     ><section  class='av_textblock_section av-jt5tjyk0-3c3ad3c49a2fedf7b0c26b6227895b8a '   itemscope=\"itemscope\" itemtype=\"https:\/\/schema.org\/BlogPosting\" itemprop=\"blogPost\" ><div class='avia_textblock'  itemprop=\"text\" ><h2>Entfernung, Gep\u00e4ck, Verf\u00fcgbarkeiten \u2013 grundlegende \u00dcberlegungen<\/h2>\n<p>Um eine fundierte Entscheidung \u00fcber den Ort der Camper-Anmietung treffen zu k\u00f6nnen, gilt es einige Vor\u00fcberlegungen zu treffen. Dabei sollten insbesondere drei Faktoren ber\u00fccksichtigt werden:<\/p>\n<ol>\n<li>Entfernung zum Zielland,<\/li>\n<li>Menge des Gep\u00e4cks und<\/li>\n<li>Wohnmobil-Verf\u00fcgbarkeit.<\/li>\n<\/ol>\n<\/div><\/section><\/div>\n\n<\/div><\/div><\/div><!-- close content main div --><\/div><\/div><div id='av_section_4'  class='avia-section av-jt5vrdgv-4386718e65b314e69682ca60ae604601 main_color avia-section-default avia-no-border-styling  avia-builder-el-9  el_after_av_section  el_before_av_section  reduced-content avia-bg-style-scroll container_wrap sidebar_right'  ><div class='container av-section-cont-open' ><div class='template-page content  av-content-small alpha units'><div class='post-entry post-entry-type-page post-entry-7210'><div class='entry-content-wrapper clearfix'>\n\n<style type=\"text\/css\" data-created_by=\"avia_inline_auto\" id=\"style-css-av-1g5aou-6e8505d9de1136ce38f66b0d0e5d2a36\">\n.flex_column.av-1g5aou-6e8505d9de1136ce38f66b0d0e5d2a36{\nborder-radius:0px 0px 0px 0px;\npadding:0px 0px 0px 0px;\n}\n<\/style>\n<div  class='flex_column av-1g5aou-6e8505d9de1136ce38f66b0d0e5d2a36 av_one_full  avia-builder-el-10  avia-builder-el-no-sibling  first flex_column_div av-zero-column-padding  '     ><section  class='av_textblock_section av-jt5tjyk0-3c3ad3c49a2fedf7b0c26b6227895b8a '   itemscope=\"itemscope\" itemtype=\"https:\/\/schema.org\/BlogPosting\" itemprop=\"blogPost\" ><div class='avia_textblock'  itemprop=\"text\" ><h3>Die Distanz entscheidet nicht alleine \u00fcber den Ort der Wohnmobil-Anmietung<\/h3>\n<p>Wenn es um die Frage geht, wo ein Wohnmobil sinnvollerweise gemietet werden soll, steht ein Kriterium ganz weit vorne bei der Entscheidungsfindung: die Entfernung. Prinzipiell gilt: Eine weite Distanz zu Deutschland spricht f\u00fcr eine Anmietung vor Ort. Nachbarl\u00e4nder wie Frankreich, die innerhalb eines Tages auch von Deutschland mit dem Wohnmobil zu erreichen sind, legen eine Anmietung in Deutschland nahe. So ist die Anreise nach Frankreich sicher schneller und einfacher zu bewerkstelligen als eine Wohnmobil-Fahrt nach Portugal.<\/p>\n<p>Es empfiehlt sich vor Ort ein Wohnmobil zu mieten, wenn<\/p>\n<ul>\n<li>die Entfernung zum Zielland verh\u00e4ltnism\u00e4\u00dfig gro\u00df ist,<\/li>\n<li>f\u00fcr die Anreise mehrere Tage vergehen w\u00fcrden,<\/li>\n<li>die Strecke zum Zielland landschaftlich oder kulturell nicht besonders reizvoll ist,<\/li>\n<li>sich ein (von Deutschland aus angeflogener) Flughafen in der N\u00e4he der Wohnmobil-Station befindet und<\/li>\n<li>die Strecke vom Flughafen zur Wohnmobil-Station problemlos mit \u00f6ffentlichen Verkehrsmitteln oder mit dem Taxi zur\u00fcckgelegt werden kann.<\/li>\n<\/ul>\n<\/div><\/section><\/div>\n\n<\/div><\/div><\/div><!-- close content main div --><\/div><\/div><div id='av_section_5'  class='avia-section av-b7gvl-1eb57de5f7b7a94c40602e8cf977ebb0 main_color avia-section-default avia-no-border-styling  avia-builder-el-12  el_after_av_section  el_before_av_section  reduced-content avia-bg-style-scroll container_wrap sidebar_right'  ><div class='container av-section-cont-open' ><div class='template-page content  av-content-small alpha units'><div class='post-entry post-entry-type-page post-entry-7210'><div class='entry-content-wrapper clearfix'>\n\n<style type=\"text\/css\" data-created_by=\"avia_inline_auto\" id=\"style-css-av-jtplvt5k-b5bfed17e30dee416a4242a9c0610a1e\">\n.avia-image-container.av-jtplvt5k-b5bfed17e30dee416a4242a9c0610a1e img.avia_image{\nbox-shadow:none;\n}\n.avia-image-container.av-jtplvt5k-b5bfed17e30dee416a4242a9c0610a1e .av-caption-image-overlay-bg{\nopacity:0.4;\nbackground-color:#000000;\n}\n.avia-image-container.av-jtplvt5k-b5bfed17e30dee416a4242a9c0610a1e .av-image-caption-overlay-center{\ncolor:#ffffff;\n}\n<\/style>\n<div  class='avia-image-container av-jtplvt5k-b5bfed17e30dee416a4242a9c0610a1e av-styling- av-img-linked avia_animated_image av-animated-when-visible-95 fade-in avia-align-center  avia-builder-el-13  el_before_av_hr  avia-builder-el-first  noHover av-overlay-on-hover'   itemprop=\"image\" itemscope=\"itemscope\" itemtype=\"https:\/\/schema.org\/ImageObject\" ><div class=\"avia-image-container-inner\"><div class=\"avia-image-overlay-wrap\"><a href=\"https:\/\/www.tuicamper.com\/wp-docker\/wp-content\/uploads\/2021\/03\/wo-anmieten-1-1030x687.jpg\" data-srcset=\"https:\/\/www.tuicamper.com\/wp-docker\/wp-content\/uploads\/2021\/03\/wo-anmieten-1-1030x687.jpg 1030w, https:\/\/www.tuicamper.com\/wp-docker\/wp-content\/uploads\/2021\/03\/wo-anmieten-1-300x200.jpg 300w, https:\/\/www.tuicamper.com\/wp-docker\/wp-content\/uploads\/2021\/03\/wo-anmieten-1-768x512.jpg 768w, https:\/\/www.tuicamper.com\/wp-docker\/wp-content\/uploads\/2021\/03\/wo-anmieten-1-705x470.jpg 705w, https:\/\/www.tuicamper.com\/wp-docker\/wp-content\/uploads\/2021\/03\/wo-anmieten-1.jpg 1200w\" data-sizes=\"(max-width: 1030px) 100vw, 1030px\" class='avia_image '  aria-label='Camper in der Natur'><div class=\"av-image-caption-overlay\"><div class=\"av-caption-image-overlay-bg\"><\/div><div class=\"av-image-caption-overlay-position\"><div class=\"av-image-caption-overlay-center\"><\/div><\/div><\/div><img decoding=\"async\" fetchpriority=\"high\" class='wp-image-7217 avia-img-lazy-loading-not-7217 avia_image ' src=\"https:\/\/www.tuicamper.com\/wp-docker\/wp-content\/uploads\/2021\/03\/wo-anmieten-1-1200x630.jpg\" alt='Camper in der Natur' title='Camper in der Natur'  height=\"630\" width=\"1200\"  itemprop=\"thumbnailUrl\"  \/><\/a><\/div><\/div><\/div>\n\n<style type=\"text\/css\" data-created_by=\"avia_inline_auto\" id=\"style-css-av-jwj918c3-315e0fede61d05e0c478b80905e3cec5\">\n#top .hr.hr-invisible.av-jwj918c3-315e0fede61d05e0c478b80905e3cec5{\nheight:25px;\n}\n<\/style>\n<div  class='hr av-jwj918c3-315e0fede61d05e0c478b80905e3cec5 hr-invisible  avia-builder-el-14  el_after_av_image  avia-builder-el-last '><span class='hr-inner '><span class=\"hr-inner-style\"><\/span><\/span><\/div>\n\n<\/div><\/div><\/div><!-- close content main div --><\/div><\/div><div id='av_section_6'  class='avia-section av-jt5vrdgv-4386718e65b314e69682ca60ae604601 main_color avia-section-default avia-no-border-styling  avia-builder-el-15  el_after_av_section  el_before_av_textblock  reduced-content avia-bg-style-scroll container_wrap sidebar_right'  ><div class='container av-section-cont-open' ><div class='template-page content  av-content-small alpha units'><div class='post-entry post-entry-type-page post-entry-7210'><div class='entry-content-wrapper clearfix'>\n\n<style type=\"text\/css\" data-created_by=\"avia_inline_auto\" id=\"style-css-av-1g5aou-6e8505d9de1136ce38f66b0d0e5d2a36\">\n.flex_column.av-1g5aou-6e8505d9de1136ce38f66b0d0e5d2a36{\nborder-radius:0px 0px 0px 0px;\npadding:0px 0px 0px 0px;\n}\n<\/style>\n<div  class='flex_column av-1g5aou-6e8505d9de1136ce38f66b0d0e5d2a36 av_one_full  avia-builder-el-16  avia-builder-el-no-sibling  first flex_column_div av-zero-column-padding  '     ><section  class='av_textblock_section av-jt5tjyk0-3c3ad3c49a2fedf7b0c26b6227895b8a '   itemscope=\"itemscope\" itemtype=\"https:\/\/schema.org\/BlogPosting\" itemprop=\"blogPost\" ><div class='avia_textblock'  itemprop=\"text\" ><h3>Schwer bepackt oder leichtes Gep\u00e4ck?<\/h3>\n<p>Gerade Familien mit Kindern, die traditionell mit viel Gep\u00e4ck reisen, wissen: Vollbepackt in den Urlaub zu fliegen ist nicht nur organisatorisch anspruchsvoll, sondern auch ganz sch\u00f6n teuer. Im eigenen PKW wiederum wird es ganz schnell sehr eng. Sofern es die Distanz zum Zielland rechtfertig, entscheiden sich die meisten Familien mit viel Gep\u00e4ck daher zurecht daf\u00fcr, ihr Wohnmobil vor Ort anzumieten. Gleiches gilt f\u00fcr Paare oder Freunde, die neben Koffern und Rucks\u00e4cken auch gr\u00f6\u00dfere Gep\u00e4ckst\u00fccke transportieren m\u00f6chten. M\u00f6chten Sie etwa Fahrr\u00e4der, Kanus oder die komplette Ski-Ausr\u00fcstung mit in den Wohnmobil-Urlaub nehmen, ist das Anmieten eines Wohnmobils in Deutschland in der Regel alternativlos.<\/p>\n<p>Passt Ihr gesamtes Reisegep\u00e4ck dagegen problemlos in Rucksack und Reisekoffer, spricht nichts dagegen, das Wohnmobil vor Ort anzumieten.<\/p>\n<\/div><\/section><\/div>\n<\/div><\/div><\/div><!-- close content main div --><\/div><\/div><div id='after_section_6'  class='main_color av_default_container_wrap container_wrap sidebar_right'  ><div class='container av-section-cont-open' ><div class='template-page content  av-content-small alpha units'><div class='post-entry post-entry-type-page post-entry-7210'><div class='entry-content-wrapper clearfix'>\n<section  class='av_textblock_section av-jt5tjyk0-3c3ad3c49a2fedf7b0c26b6227895b8a '   itemscope=\"itemscope\" itemtype=\"https:\/\/schema.org\/BlogPosting\" itemprop=\"blogPost\" ><div class='avia_textblock'  itemprop=\"text\" >\r\n<div style=\"clear: both;\"><\/div>\r\n<div class=\"post-breaker-item breaker-type-default\">\r\n    <div class=\"post-breaker-item-inner\">\r\n                    \n<style type=\"text\/css\" data-created_by=\"avia_inline_auto\" id=\"style-css-av-jtpksizx-4b352f2a2752c01e58a4c67632af1aa6\">\n#top .av_textblock_section.av-jtpksizx-4b352f2a2752c01e58a4c67632af1aa6 .avia_textblock{\nfont-size:28px;\n}\n<\/style>\n<section  class='av_textblock_section av-jtpksizx-4b352f2a2752c01e58a4c67632af1aa6 '   itemscope=\"itemscope\" itemtype=\"https:\/\/schema.org\/BlogPosting\" itemprop=\"blogPost\" ><div class='avia_textblock'  itemprop=\"text\" ><p><strong>\u2013 Lesen Sie auch \u2013<\/strong><\/p>\n<\/div><\/section>\n\n<style type=\"text\/css\" data-created_by=\"avia_inline_auto\" id=\"style-css-av-ehyb5-42286bbb62f5c947921c50b729609f1d\">\n.flex_column.av-ehyb5-42286bbb62f5c947921c50b729609f1d{\nborder-radius:0px 0px 0px 0px;\npadding:0px 0px 0px 0px;\n}\n<\/style>\n<div  class='flex_column av-ehyb5-42286bbb62f5c947921c50b729609f1d av_one_third first flex_column_div av-zero-column-padding  '     ><p>\n<style type=\"text\/css\" data-created_by=\"avia_inline_auto\" id=\"style-css-av-jt75ko0n-b7cbc62ac0e345e450f5be5f50bc6a33\">\n.avia-image-container.av-jt75ko0n-b7cbc62ac0e345e450f5be5f50bc6a33 img.avia_image{\nbox-shadow:none;\n}\n.avia-image-container.av-jt75ko0n-b7cbc62ac0e345e450f5be5f50bc6a33 .av-image-caption-overlay-center{\ncolor:#ffffff;\n}\n<\/style>\n<div  class='avia-image-container av-jt75ko0n-b7cbc62ac0e345e450f5be5f50bc6a33 av-styling-no-styling av-hover-grow av-hide-overflow av-img-linked avia_animated_image av-animated-when-visible-95 fade-in avia-align-left'   itemprop=\"image\" itemscope=\"itemscope\" itemtype=\"https:\/\/schema.org\/ImageObject\" ><div class=\"avia-image-container-inner\"><div class=\"avia-image-overlay-wrap\"><a href=\"https:\/\/www.tuicamper.com\/magazin\/wohnmobil-bodensee\/\" class='avia_image '  aria-label='Wohnmobil Bodensee'><img decoding=\"async\" fetchpriority=\"high\" class='wp-image-719 avia-img-lazy-loading-not-719 avia_image ' src=\"https:\/\/www.tuicamper.com\/wp-docker\/wp-content\/uploads\/2019\/04\/wohnmobil-bodensee-teaser.jpg\" alt='Wohnmobil Bodensee' title='Wohnmobil Bodensee'  height=\"200\" width=\"350\"  itemprop=\"thumbnailUrl\" srcset=\"https:\/\/www.tuicamper.com\/wp-docker\/wp-content\/uploads\/2019\/04\/wohnmobil-bodensee-teaser.jpg 350w, https:\/\/www.tuicamper.com\/wp-docker\/wp-content\/uploads\/2019\/04\/wohnmobil-bodensee-teaser-300x171.jpg 300w\" sizes=\"(max-width: 350px) 100vw, 350px\" \/><\/a><\/div><\/div><\/div><br \/>\n<section  class='av_textblock_section av-jt75lbqb-bba29013bb6610b0762c56b6a5ae7819 '   itemscope=\"itemscope\" itemtype=\"https:\/\/schema.org\/BlogPosting\" itemprop=\"blogPost\" ><div class='avia_textblock'  itemprop=\"text\" ><p style=\"text-align: left;\"><strong><a href=\"https:\/\/www.tuicamper.com\/magazin\/wohnmobil-bodensee\/\">Wohnmobil Bodensee \u2013 Highlights, Ausfl\u00fcge &amp; die besten Stellpl\u00e4tze<\/a><\/strong><\/p>\n<\/div><\/section><\/p><\/div>\n\n<style type=\"text\/css\" data-created_by=\"avia_inline_auto\" id=\"style-css-av-mjaz5-8c98367a6c18636835015f228c708a47\">\n.flex_column.av-mjaz5-8c98367a6c18636835015f228c708a47{\nborder-radius:0px 0px 0px 0px;\npadding:0px 0px 0px 0px;\n}\n<\/style>\n<div  class='flex_column av-mjaz5-8c98367a6c18636835015f228c708a47 av_one_third flex_column_div av-zero-column-padding  '     ><p>\n<style type=\"text\/css\" data-created_by=\"avia_inline_auto\" id=\"style-css-av-jt75ko0n-907da92ff25266397546e66aaf4c799c\">\n.avia-image-container.av-jt75ko0n-907da92ff25266397546e66aaf4c799c img.avia_image{\nbox-shadow:none;\n}\n.avia-image-container.av-jt75ko0n-907da92ff25266397546e66aaf4c799c .av-image-caption-overlay-center{\ncolor:#ffffff;\n}\n<\/style>\n<div  class='avia-image-container av-jt75ko0n-907da92ff25266397546e66aaf4c799c av-styling-no-styling av-hover-grow av-hide-overflow av-img-linked avia_animated_image av-animated-when-visible-95 fade-in avia-align-left'   itemprop=\"image\" itemscope=\"itemscope\" itemtype=\"https:\/\/schema.org\/ImageObject\" ><div class=\"avia-image-container-inner\"><div class=\"avia-image-overlay-wrap\"><a href=\"https:\/\/www.tuicamper.com\/magazin\/wohnmobil-oesterreich\/\" class='avia_image '  ><img decoding=\"async\" fetchpriority=\"high\" class='wp-image-5282 avia-img-lazy-loading-not-5282 avia_image ' src=\"https:\/\/www.tuicamper.com\/wp-docker\/wp-content\/uploads\/2019\/12\/wohnmobil-oesterreich-teaser.jpg\" alt='Wohnmobil \u00d6sterreich' title=''  height=\"200\" width=\"350\"  itemprop=\"thumbnailUrl\" srcset=\"https:\/\/www.tuicamper.com\/wp-docker\/wp-content\/uploads\/2019\/12\/wohnmobil-oesterreich-teaser.jpg 350w, https:\/\/www.tuicamper.com\/wp-docker\/wp-content\/uploads\/2019\/12\/wohnmobil-oesterreich-teaser-300x171.jpg 300w\" sizes=\"(max-width: 350px) 100vw, 350px\" \/><\/a><\/div><\/div><\/div><br \/>\n<section  class='av_textblock_section av-jt75lbqb-a3941722c602776008ce3d2fb200aa0f '   itemscope=\"itemscope\" itemtype=\"https:\/\/schema.org\/BlogPosting\" itemprop=\"blogPost\" ><div class='avia_textblock'  itemprop=\"text\" ><p style=\"text-align: left;\"><a href=\"https:\/\/www.tuicamper.com\/magazin\/wohnmobil-oesterreich\/\"><strong>Mit dem Wohnmobil durch \u00d6sterreich \u2013 10 Highlights f\u00fcr eine Camper-Tour<\/strong><\/a><\/p>\n<\/div><\/section><\/p><\/div>\n<style type=\"text\/css\" data-created_by=\"avia_inline_auto\" id=\"style-css-av-ehyb5-8fadcff6392c44a3fc98dc4b014d4246\">\n.flex_column.av-ehyb5-8fadcff6392c44a3fc98dc4b014d4246{\nborder-radius:0px 0px 0px 0px;\npadding:0px 0px 0px 0px;\n}\n<\/style>\n<div  class='flex_column av-ehyb5-8fadcff6392c44a3fc98dc4b014d4246 av_one_third flex_column_div av-zero-column-padding  '     ><p>\n<style type=\"text\/css\" data-created_by=\"avia_inline_auto\" id=\"style-css-av-jt75ko0n-b0bd9e019c22a6e3e0c809a51554667c\">\n.avia-image-container.av-jt75ko0n-b0bd9e019c22a6e3e0c809a51554667c img.avia_image{\nbox-shadow:none;\n}\n.avia-image-container.av-jt75ko0n-b0bd9e019c22a6e3e0c809a51554667c .av-image-caption-overlay-center{\ncolor:#ffffff;\n}\n<\/style>\n<div  class='avia-image-container av-jt75ko0n-b0bd9e019c22a6e3e0c809a51554667c av-styling-no-styling av-hover-grow av-hide-overflow av-img-linked avia_animated_image av-animated-when-visible-95 fade-in avia-align-left'   itemprop=\"image\" itemscope=\"itemscope\" itemtype=\"https:\/\/schema.org\/ImageObject\" ><div class=\"avia-image-container-inner\"><div class=\"avia-image-overlay-wrap\"><a href=\"https:\/\/www.tuicamper.com\/magazin\/wohnmobil-gardasee\/\" class='avia_image '  aria-label='Wohnmobil Gardasee'><img decoding=\"async\" fetchpriority=\"high\" class='wp-image-1861 avia-img-lazy-loading-not-1861 avia_image ' src=\"https:\/\/www.tuicamper.com\/wp-docker\/wp-content\/uploads\/2019\/04\/wohnmobil-gardasee-teaser.jpg\" alt='Wohnmobil Gardasee' title='Wohnmobil Gardasee'  height=\"200\" width=\"350\"  itemprop=\"thumbnailUrl\" srcset=\"https:\/\/www.tuicamper.com\/wp-docker\/wp-content\/uploads\/2019\/04\/wohnmobil-gardasee-teaser.jpg 350w, https:\/\/www.tuicamper.com\/wp-docker\/wp-content\/uploads\/2019\/04\/wohnmobil-gardasee-teaser-300x171.jpg 300w\" sizes=\"(max-width: 350px) 100vw, 350px\" \/><\/a><\/div><\/div><\/div><br \/>\n<section  class='av_textblock_section av-jt75lbqb-bba29013bb6610b0762c56b6a5ae7819 '   itemscope=\"itemscope\" itemtype=\"https:\/\/schema.org\/BlogPosting\" itemprop=\"blogPost\" ><div class='avia_textblock'  itemprop=\"text\" ><p style=\"text-align: left;\"><strong><a href=\"https:\/\/www.tuicamper.com\/magazin\/wohnmobil-gardasee\/\">Wohnmobil Gardasee \u2013 Camping, Highlights &amp; die besten Ausfl\u00fcge<\/a><\/strong><\/p>\n<\/div><\/section><\/p><\/div><\/p>\n            <div style=\"clear: both;\"><\/div>\r\n            <\/div>\r\n<\/div>\r\n\n<\/div><\/section>\n<\/div><\/div><\/div><!-- close content main div --><\/div><\/div><div id='av_section_7'  class='avia-section av-jt5vrdgv-4386718e65b314e69682ca60ae604601 main_color avia-section-default avia-no-border-styling  avia-builder-el-19  el_after_av_textblock  el_before_av_section  reduced-content avia-bg-style-scroll container_wrap sidebar_right'  ><div class='container av-section-cont-open' ><div class='template-page content  av-content-small alpha units'><div class='post-entry post-entry-type-page post-entry-7210'><div class='entry-content-wrapper clearfix'>\n\n<style type=\"text\/css\" data-created_by=\"avia_inline_auto\" id=\"style-css-av-1g5aou-6e8505d9de1136ce38f66b0d0e5d2a36\">\n.flex_column.av-1g5aou-6e8505d9de1136ce38f66b0d0e5d2a36{\nborder-radius:0px 0px 0px 0px;\npadding:0px 0px 0px 0px;\n}\n<\/style>\n<div  class='flex_column av-1g5aou-6e8505d9de1136ce38f66b0d0e5d2a36 av_one_full  avia-builder-el-20  avia-builder-el-no-sibling  first flex_column_div av-zero-column-padding  '     ><section  class='av_textblock_section av-jt5tjyk0-3c3ad3c49a2fedf7b0c26b6227895b8a '   itemscope=\"itemscope\" itemtype=\"https:\/\/schema.org\/BlogPosting\" itemprop=\"blogPost\" ><div class='avia_textblock'  itemprop=\"text\" ><h3>Die Sache mit der Verf\u00fcgbarkeit<\/h3>\n<p>Sie haben sich f\u00fcr einen Wohnmobil-Urlaub in Portugal entschieden \u2013 und eigentlich ist die Sache klar. Sie wollen bei der Anreise Zeit sparen, haben vergleichsweise wenig Gep\u00e4ck dabei und sind bereits auf der Suche nach einer Wohnmobil-Station vor Ort. Das Problem: Zu Ihrer gew\u00fcnschten Reisezeit sind in Portugal einfach keine Wohnmobile mehr verf\u00fcgbar. Haben Sie bez\u00fcglich des Reisedatums wenig Flexibilit\u00e4t \u2013 beispielsweise, weil zu dieser Zeit gerade Sommerferien sind und Ihre Kinder zur Schule gehen \u2013 empfiehlt es sich, die Wohnmobil-Verf\u00fcgbarkeit in Deutschland anzufragen.<\/p>\n<p>Das gilt nat\u00fcrlich ebenso f\u00fcr den umgekehrten Fall. Sind in Deutschland s\u00e4mtliche Wohnmobile vermietet, kann es im Zielland durchaus noch Verf\u00fcgbarkeiten geben. Da sich die Ferien- und Hauptreisezeiten zwischen den europ\u00e4ischen L\u00e4ndern durchaus unterscheiden k\u00f6nnen, ist diese Situation sogar gar nicht so ungew\u00f6hnlich.<\/p>\n<\/div><\/section><\/div>\n\n<\/div><\/div><\/div><!-- close content main div --><\/div><\/div><div id='av_section_8'  class='avia-section av-b7gvl-1eb57de5f7b7a94c40602e8cf977ebb0 main_color avia-section-default avia-no-border-styling  avia-builder-el-22  el_after_av_section  el_before_av_section  reduced-content avia-bg-style-scroll container_wrap sidebar_right'  ><div class='container av-section-cont-open' ><div class='template-page content  av-content-small alpha units'><div class='post-entry post-entry-type-page post-entry-7210'><div class='entry-content-wrapper clearfix'>\n\n<style type=\"text\/css\" data-created_by=\"avia_inline_auto\" id=\"style-css-av-jtplvt5k-b4c01ab02512f120d5ad5bd2e825a3d1\">\n.avia-image-container.av-jtplvt5k-b4c01ab02512f120d5ad5bd2e825a3d1 img.avia_image{\nbox-shadow:none;\n}\n.avia-image-container.av-jtplvt5k-b4c01ab02512f120d5ad5bd2e825a3d1 .av-caption-image-overlay-bg{\nopacity:0.4;\nbackground-color:#000000;\n}\n.avia-image-container.av-jtplvt5k-b4c01ab02512f120d5ad5bd2e825a3d1 .av-image-caption-overlay-center{\ncolor:#ffffff;\n}\n<\/style>\n<div  class='avia-image-container av-jtplvt5k-b4c01ab02512f120d5ad5bd2e825a3d1 av-styling- av-img-linked avia_animated_image av-animated-when-visible-95 fade-in avia-align-center  avia-builder-el-23  el_before_av_hr  avia-builder-el-first  noHover av-overlay-on-hover'   itemprop=\"image\" itemscope=\"itemscope\" itemtype=\"https:\/\/schema.org\/ImageObject\" ><div class=\"avia-image-container-inner\"><div class=\"avia-image-overlay-wrap\"><a href=\"https:\/\/www.tuicamper.com\/wp-docker\/wp-content\/uploads\/2020\/02\/Neuseeland-Britz-Fam-Frontier-2-1030x597.gif\" data-srcset=\"https:\/\/www.tuicamper.com\/wp-docker\/wp-content\/uploads\/2020\/02\/Neuseeland-Britz-Fam-Frontier-2-1030x597.gif 1030w, https:\/\/www.tuicamper.com\/wp-docker\/wp-content\/uploads\/2020\/02\/Neuseeland-Britz-Fam-Frontier-2-300x174.gif 300w, https:\/\/www.tuicamper.com\/wp-docker\/wp-content\/uploads\/2020\/02\/Neuseeland-Britz-Fam-Frontier-2-768x445.gif 768w, https:\/\/www.tuicamper.com\/wp-docker\/wp-content\/uploads\/2020\/02\/Neuseeland-Britz-Fam-Frontier-2-705x409.gif 705w\" data-sizes=\"(max-width: 1030px) 100vw, 1030px\" class='avia_image '  aria-label='Fr\u00fchst\u00fcck mit Ausblick'><div class=\"av-image-caption-overlay\"><div class=\"av-caption-image-overlay-bg\"><\/div><div class=\"av-image-caption-overlay-position\"><div class=\"av-image-caption-overlay-center\"><\/div><\/div><\/div><img decoding=\"async\" fetchpriority=\"high\" class='wp-image-5604 avia-img-lazy-loading-not-5604 avia_image ' src=\"https:\/\/www.tuicamper.com\/wp-docker\/wp-content\/uploads\/2020\/02\/Neuseeland-Britz-Fam-Frontier-2-1200x630.gif\" alt='Fr\u00fchst\u00fcck mit Ausblick' title='Fr\u00fchst\u00fcck mit Ausblick'  height=\"630\" width=\"1200\"  itemprop=\"thumbnailUrl\"  \/><\/a><\/div><\/div><\/div>\n\n<style type=\"text\/css\" data-created_by=\"avia_inline_auto\" id=\"style-css-av-jwj918c3-315e0fede61d05e0c478b80905e3cec5\">\n#top .hr.hr-invisible.av-jwj918c3-315e0fede61d05e0c478b80905e3cec5{\nheight:25px;\n}\n<\/style>\n<div  class='hr av-jwj918c3-315e0fede61d05e0c478b80905e3cec5 hr-invisible  avia-builder-el-24  el_after_av_image  avia-builder-el-last '><span class='hr-inner '><span class=\"hr-inner-style\"><\/span><\/span><\/div>\n<\/div><\/div><\/div><!-- close content main div --><\/div><\/div><div id='av_section_9'  class='avia-section av-jt5vrdgv-4386718e65b314e69682ca60ae604601 main_color avia-section-default avia-no-border-styling  avia-builder-el-25  el_after_av_section  el_before_av_section  reduced-content avia-bg-style-scroll container_wrap sidebar_right'  ><div class='container av-section-cont-open' ><div class='template-page content  av-content-small alpha units'><div class='post-entry post-entry-type-page post-entry-7210'><div class='entry-content-wrapper clearfix'>\n\n<style type=\"text\/css\" data-created_by=\"avia_inline_auto\" id=\"style-css-av-1g5aou-6e8505d9de1136ce38f66b0d0e5d2a36\">\n.flex_column.av-1g5aou-6e8505d9de1136ce38f66b0d0e5d2a36{\nborder-radius:0px 0px 0px 0px;\npadding:0px 0px 0px 0px;\n}\n<\/style>\n<div  class='flex_column av-1g5aou-6e8505d9de1136ce38f66b0d0e5d2a36 av_one_full  avia-builder-el-26  avia-builder-el-no-sibling  first flex_column_div av-zero-column-padding  '     ><section  class='av_textblock_section av-jt5tjyk0-3c3ad3c49a2fedf7b0c26b6227895b8a '   itemscope=\"itemscope\" itemtype=\"https:\/\/schema.org\/BlogPosting\" itemprop=\"blogPost\" ><div class='avia_textblock'  itemprop=\"text\" ><h2>Die Kostenfrage<\/h2>\n<p>Sind die grundlegenden organisatorischen Fragen beantwortet, treten vor allem Kosten\u00fcberlegungen in den Vordergrund. So k\u00f6nnen Entfernung zum Zielland und Gep\u00e4ck f\u00fcr eine Anmietung vor Ort sprechen, das verf\u00fcgbare Budget aber dagegen. Dabei gilt es verschiedene Kostenfaktoren zu ber\u00fccksichtigen. Um einsch\u00e4tzen zu k\u00f6nnen, ob die Anmietung vor Ort oder im Zielland schonender f\u00fcr den Geldbeutel ist, sollten Sie folgende Kostenpunkte einander gegen\u00fcberstellen.<\/p>\n<p><strong>Zus\u00e4tzliche Kosten f\u00fcr die Wohnmobil-Anmietung vor Ort:<\/strong><\/p>\n<ul>\n<li>Hotelkosten (f\u00fcr den Anreisetag vor der Wohnmobil-\u00dcbernahme)<\/li>\n<li>Anreisekosten (Flugtickets, Benzinkosten, F\u00e4hrtickets, Maut)<\/li>\n<li>Gep\u00e4ckkosten (insb. f\u00fcr aufgegebenes \u00dcber- und Sperrgep\u00e4ck)<\/li>\n<\/ul>\n<p><strong>Zus\u00e4tzliche Kosten f\u00fcr die Wohnmobil-Anmietung in Deutschland:<\/strong><\/p>\n<ul>\n<li>L\u00e4ngere Mietdauer des Wohnmobils (f\u00fcr die An- und Abreise)<\/li>\n<li>Benzinkosten (f\u00fcr die An- und Abreise)<\/li>\n<li>Sonstige Fahrtkosten (F\u00e4hrtickets, Maut)<\/li>\n<li>Stellplatzkosten (f\u00fcr \u00dcbernachtungen w\u00e4hrend An- und Abreise)<\/li>\n<\/ul>\n<\/div><\/section><\/div>\n<\/p>\n<\/div><\/div><\/div><!-- close content main div --><\/div><\/div><div id='av_section_10'  class='avia-section av-b7gvl-1eb57de5f7b7a94c40602e8cf977ebb0 main_color avia-section-default avia-no-border-styling  avia-builder-el-28  el_after_av_section  el_before_av_section  reduced-content avia-bg-style-scroll container_wrap sidebar_right'  ><div class='container av-section-cont-open' ><div class='template-page content  av-content-small alpha units'><div class='post-entry post-entry-type-page post-entry-7210'><div class='entry-content-wrapper clearfix'>\n\n<style type=\"text\/css\" data-created_by=\"avia_inline_auto\" id=\"style-css-av-jtplvt5k-c625b40f4b2c786c9d2986023fb434c0\">\n.avia-image-container.av-jtplvt5k-c625b40f4b2c786c9d2986023fb434c0 img.avia_image{\nbox-shadow:none;\n}\n.avia-image-container.av-jtplvt5k-c625b40f4b2c786c9d2986023fb434c0 .av-caption-image-overlay-bg{\nopacity:0.4;\nbackground-color:#000000;\n}\n.avia-image-container.av-jtplvt5k-c625b40f4b2c786c9d2986023fb434c0 .av-image-caption-overlay-center{\ncolor:#ffffff;\n}\n<\/style>\n<div  class='avia-image-container av-jtplvt5k-c625b40f4b2c786c9d2986023fb434c0 av-styling- av-img-linked avia_animated_image av-animated-when-visible-95 fade-in avia-align-center  avia-builder-el-29  el_before_av_hr  avia-builder-el-first  noHover av-overlay-on-hover'   itemprop=\"image\" itemscope=\"itemscope\" itemtype=\"https:\/\/schema.org\/ImageObject\" ><div class=\"avia-image-container-inner\"><div class=\"avia-image-overlay-wrap\"><a href=\"https:\/\/www.tuicamper.com\/wp-docker\/wp-content\/uploads\/2019\/04\/lagerfeuer-kanada-1030x687.jpg\" data-srcset=\"https:\/\/www.tuicamper.com\/wp-docker\/wp-content\/uploads\/2019\/04\/lagerfeuer-kanada-1030x687.jpg 1030w, https:\/\/www.tuicamper.com\/wp-docker\/wp-content\/uploads\/2019\/04\/lagerfeuer-kanada-300x200.jpg 300w, https:\/\/www.tuicamper.com\/wp-docker\/wp-content\/uploads\/2019\/04\/lagerfeuer-kanada-768x512.jpg 768w, https:\/\/www.tuicamper.com\/wp-docker\/wp-content\/uploads\/2019\/04\/lagerfeuer-kanada-705x470.jpg 705w, https:\/\/www.tuicamper.com\/wp-docker\/wp-content\/uploads\/2019\/04\/lagerfeuer-kanada-450x300.jpg 450w, https:\/\/www.tuicamper.com\/wp-docker\/wp-content\/uploads\/2019\/04\/lagerfeuer-kanada.jpg 1280w\" data-sizes=\"(max-width: 1030px) 100vw, 1030px\" class='avia_image '  aria-label='Lagerfeuer am Stellplatz'><div class=\"av-image-caption-overlay\"><div class=\"av-caption-image-overlay-bg\"><\/div><div class=\"av-image-caption-overlay-position\"><div class=\"av-image-caption-overlay-center\"><\/div><\/div><\/div><img decoding=\"async\" fetchpriority=\"high\" class='wp-image-1888 avia-img-lazy-loading-not-1888 avia_image ' src=\"https:\/\/www.tuicamper.com\/wp-docker\/wp-content\/uploads\/2019\/04\/lagerfeuer-kanada-1280x630.jpg\" alt='Lagerfeuer am Stellplatz' title='Lagerfeuer am Stellplatz'  height=\"630\" width=\"1280\"  itemprop=\"thumbnailUrl\"  \/><\/a><\/div><\/div><\/div>\n\n<style type=\"text\/css\" data-created_by=\"avia_inline_auto\" id=\"style-css-av-jwj918c3-315e0fede61d05e0c478b80905e3cec5\">\n#top .hr.hr-invisible.av-jwj918c3-315e0fede61d05e0c478b80905e3cec5{\nheight:25px;\n}\n<\/style>\n<div  class='hr av-jwj918c3-315e0fede61d05e0c478b80905e3cec5 hr-invisible  avia-builder-el-30  el_after_av_image  avia-builder-el-last '><span class='hr-inner '><span class=\"hr-inner-style\"><\/span><\/span><\/div>\n<\/div><\/div><\/div><!-- close content main div --><\/div><\/div><div id='av_section_11'  class='avia-section av-jt5vrdgv-4386718e65b314e69682ca60ae604601 main_color avia-section-default avia-no-border-styling  avia-builder-el-31  el_after_av_section  el_before_av_section  reduced-content avia-bg-style-scroll container_wrap sidebar_right'  ><div class='container av-section-cont-open' ><div class='template-page content  av-content-small alpha units'><div class='post-entry post-entry-type-page post-entry-7210'><div class='entry-content-wrapper clearfix'>\n\n<style type=\"text\/css\" data-created_by=\"avia_inline_auto\" id=\"style-css-av-1g5aou-6e8505d9de1136ce38f66b0d0e5d2a36\">\n.flex_column.av-1g5aou-6e8505d9de1136ce38f66b0d0e5d2a36{\nborder-radius:0px 0px 0px 0px;\npadding:0px 0px 0px 0px;\n}\n<\/style>\n<div  class='flex_column av-1g5aou-6e8505d9de1136ce38f66b0d0e5d2a36 av_one_full  avia-builder-el-32  avia-builder-el-no-sibling  first flex_column_div av-zero-column-padding  '     ><section  class='av_textblock_section av-jt5tjyk0-3c3ad3c49a2fedf7b0c26b6227895b8a '   itemscope=\"itemscope\" itemtype=\"https:\/\/schema.org\/BlogPosting\" itemprop=\"blogPost\" ><div class='avia_textblock'  itemprop=\"text\" ><h2>Weitere Kriterien f\u00fcr die Entscheidungsfindung<\/h2>\n<p>Die Hauptkriterien, die bei der Wahl der Wohnmobil-Anmietung eine Rolle spielen, haben Sie nun bedacht. Wenn Sie sich jetzt immer noch nicht ganz sicher sind, sind wom\u00f6glich die folgenden Punkte das Z\u00fcnglein an der Waage.<\/p>\n<ul>\n<li><strong>Sprache<\/strong>: Gerade Wohnmobil-Neulinge d\u00fcrften einige Frage an den Wohnmobil-Vermieter haben. Gut m\u00f6glich, dass sich einige davon auch erst nach der Proberunde auf dem Parkplatz ergeben. Immerhin ist das Fahrgef\u00fchl eines gro\u00dfen Wohnmobils nicht mit dem eines PKWs vergleichbar. F\u00fchlen Sie sich in einer anderen Sprache nicht sicher genug, um Ihre Anliegen vorzutragen, spricht dieser Umstand daf\u00fcr, das Wohnmobil in Deutschland zu mieten.<\/li>\n<li><strong>Haustiere<\/strong>: Ihr Hund soll mit auf gro\u00dfe Camper-Tour, Sie m\u00f6chten dem Tier aber den \u2013 in vielen F\u00e4llen stressigen \u2013 Flug ersparen? Klare Sache: Ihr Wohnmobil mieten Sie besser in Deutschland an.<\/li>\n<li><strong>Der Weg ist das Ziel<\/strong>: Wer sich aus Kosten- und Zeitgr\u00fcnden vorschnell f\u00fcr eine schnelle Fluganreise und die Wohnmobil-Anmietung vor Ort entscheidet, verpasst wom\u00f6glich das Beste. Immerhin gibt es etliche highlightreiche und landschaftlich sch\u00f6ne Routen, die Deutschland mit anderen L\u00e4ndern Europas verbindet. \u00dcberlegen Sie daher gut, ob Sie Ihren Camper-Urlaub mit der Wohnmobil-Anreise aus Deutschland nicht um eine tolle Erfahrung bereichern k\u00f6nnen.<\/li>\n<\/ul>\n<\/div><\/section><\/div>\n<\/p>\n<\/div><\/div><\/div><!-- close content main div --><\/div><\/div><div id='av_section_12'  class='avia-section av-jt5vrdgv-4386718e65b314e69682ca60ae604601 main_color avia-section-default avia-no-border-styling  avia-builder-el-34  el_after_av_section  avia-builder-el-last  reduced-content avia-bg-style-scroll container_wrap sidebar_right'  ><div class='container av-section-cont-open' ><div class='template-page content  av-content-small alpha units'><div class='post-entry post-entry-type-page post-entry-7210'><div class='entry-content-wrapper clearfix'>\n<div  class='avia-button-wrap av-ju2eusip-835d1ab8fdd045aebc3bdaa25c325e82-wrap avia-button-center  avia-builder-el-35  el_before_av_one_full  avia-builder-el-first '><a href='https:\/\/www.tuicamper.com\/reiseziele\/europa\/deutschland\/'  class='avia-button av-ju2eusip-835d1ab8fdd045aebc3bdaa25c325e82 av-link-btn avia-icon_select-yes-right-icon avia-size-large avia-position-center avia-color-theme-color'   aria-label=\"Jetzt Wohnmobil mieten f\u00fcr Deutschland\"><span class='avia_iconbox_title' >Jetzt Wohnmobil mieten f\u00fcr Deutschland<\/span><span class='avia_button_icon avia_button_icon_right avia-iconfont avia-font-entypo-fontello' data-av_icon='\ue875' data-av_iconfont='entypo-fontello' ><\/span><\/a><\/div>\n\n<style type=\"text\/css\" data-created_by=\"avia_inline_auto\" id=\"style-css-av-1g5aou-6e8505d9de1136ce38f66b0d0e5d2a36\">\n.flex_column.av-1g5aou-6e8505d9de1136ce38f66b0d0e5d2a36{\nborder-radius:0px 0px 0px 0px;\npadding:0px 0px 0px 0px;\n}\n<\/style>\n<div  class='flex_column av-1g5aou-6e8505d9de1136ce38f66b0d0e5d2a36 av_one_full  avia-builder-el-36  el_after_av_button  el_before_av_social_share  first flex_column_div av-zero-column-padding  '     ><style type=\"text\/css\" data-created_by=\"avia_inline_auto\" id=\"style-css-av-jt5tjyk0-8f5676507078e399ec507ab0865fa0f8\">\n#top .av_textblock_section.av-jt5tjyk0-8f5676507078e399ec507ab0865fa0f8 .avia_textblock{\nfont-size:28px;\n}\n<\/style>\n<section  class='av_textblock_section av-jt5tjyk0-8f5676507078e399ec507ab0865fa0f8 '   itemscope=\"itemscope\" itemtype=\"https:\/\/schema.org\/BlogPosting\" itemprop=\"blogPost\" ><div class='avia_textblock'  itemprop=\"text\" ><p><strong>Ihr TUI CAMPER-Team w\u00fcnscht Ihnen einen erlebnisreichen Wohnmobil-Urlaub und eine entspannte Anreise aus Deutschland \u2013 mit oder ohne Wohnmobil!\u00a0<\/strong><\/p>\n<\/div><\/section><\/div><div  class='av-social-sharing-box av-10zg8-8676a2d54b4a15bbf6c39a1c18f0815b av-social-sharing-box-default  avia-builder-el-38  el_after_av_one_full  avia-builder-el-last  av-social-sharing-box-fullwidth'><div class=\"av-share-box\"><ul class=\"av-share-box-list noLightbox\"><li class='av-share-link av-social-link-facebook avia_social_iconfont' ><a target=\"_blank\" aria-label=\"Teilen auf Facebook\" href='https:\/\/www.facebook.com\/sharer.php?u=https:\/\/www.tuicamper.com\/magazin\/wohnmobil-in-deutschland-mieten-oder-vor-ort\/&#038;t=Wohnmobil%20in%20Deutschland%20mieten%20oder%20vor%20Ort%3F' data-av_icon='\ue8f3' data-av_iconfont='entypo-fontello'  title='' data-avia-related-tooltip='Teilen auf Facebook'><span class='avia_hidden_link_text'>Teilen auf Facebook<\/span><\/a><\/li><li class='av-share-link av-social-link-twitter avia_social_iconfont' ><a target=\"_blank\" aria-label=\"Teilen auf X\" href='https:\/\/twitter.com\/share?text=Wohnmobil%20in%20Deutschland%20mieten%20oder%20vor%20Ort%3F&#038;url=https:\/\/www.tuicamper.com\/magazin\/wohnmobil-in-deutschland-mieten-oder-vor-ort\/' data-av_icon='\ue932' data-av_iconfont='entypo-fontello'  title='' data-avia-related-tooltip='Teilen auf X'><span class='avia_hidden_link_text'>Teilen auf X<\/span><\/a><\/li><li class='av-share-link av-social-link-whatsapp avia_social_iconfont' ><a target=\"_blank\" aria-label=\"Teilen auf WhatsApp\" href='https:\/\/api.whatsapp.com\/send?text=https:\/\/www.tuicamper.com\/magazin\/wohnmobil-in-deutschland-mieten-oder-vor-ort\/' data-av_icon='\uf232' data-av_iconfont='entypo-fontello'  title='' data-avia-related-tooltip='Teilen auf WhatsApp'><span class='avia_hidden_link_text'>Teilen auf WhatsApp<\/span><\/a><\/li><li class='av-share-link av-social-link-pinterest avia_social_iconfont' ><a target=\"_blank\" aria-label=\"Teilen auf Pinterest\" href='https:\/\/pinterest.com\/pin\/create\/button\/?url=https%3A%2F%2Fwww.tuicamper.com%2Fmagazin%2Fwohnmobil-in-deutschland-mieten-oder-vor-ort%2F&#038;description=Wohnmobil%20in%20Deutschland%20mieten%20oder%20vor%20Ort%3F&#038;media=https%3A%2F%2Fwww.tuicamper.com%2Fwp-docker%2Fwp-content%2Fuploads%2F2021%2F03%2Fwo-camper-anmieten-header-705x269.jpg' data-av_icon='\ue8f8' data-av_iconfont='entypo-fontello'  title='' data-avia-related-tooltip='Teilen auf Pinterest'><span class='avia_hidden_link_text'>Teilen auf Pinterest<\/span><\/a><\/li><li class='av-share-link av-social-link-mail avia_social_iconfont' ><a  aria-label=\"Per E-Mail teilen\" href='mailto:?subject=Wohnmobil%20in%20Deutschland%20mieten%20oder%20vor%20Ort%3F&#038;body=https:\/\/www.tuicamper.com\/magazin\/wohnmobil-in-deutschland-mieten-oder-vor-ort\/' data-av_icon='\ue805' data-av_iconfont='entypo-fontello'  title='' data-avia-related-tooltip='Per E-Mail teilen'><span class='avia_hidden_link_text'>Per E-Mail teilen<\/span><\/a><\/li><\/ul><\/div><\/div>\n<\/div><\/div><\/div><!-- close content main div --><\/div><\/div><div id='after_section_12'  class='main_color av_default_container_wrap container_wrap sidebar_right'  ><div class='container av-section-cont-open' ><div class='template-page content  av-content-small alpha units'><div class='post-entry post-entry-type-page post-entry-7210'><div class='entry-content-wrapper clearfix'>\n","protected":false},"excerpt":{"rendered":"<p>Wohnmobil in Deutschland mieten? Oder Camper doch besser vor Ort anmieten? Kommt ganz darauf an. Wir geben Ihnen eine Entscheidungshilfe an die Hand!<\/p>\n","protected":false},"author":3,"featured_media":7228,"comment_status":"open","ping_status":"open","sticky":false,"template":"","format":"standard","meta":{"footnotes":""},"categories":[32],"tags":[48,28,44],"class_list":["post-7210","post","type-post","status-publish","format-standard","has-post-thumbnail","hentry","category-camper-insights","tag-buchungstipps","tag-deutschland","tag-insider-infos"],"yoast_head":"<!-- This site is optimized with the Yoast SEO plugin v27.4 - https:\/\/yoast.com\/product\/yoast-seo-wordpress\/ -->\n<title>Wohnmobil in Deutschland mieten oder vor Ort? - TUI Camper Magazin<\/title>\n<meta name=\"description\" content=\"Wohnmobil in Deutschland mieten? Oder Camper doch besser vor Ort anmieten? Kommt ganz darauf an. Wir geben Ihnen eine Entscheidungshilfe an die Hand!\" \/>\n<meta name=\"robots\" content=\"index, follow, max-snippet:-1, max-image-preview:large, max-video-preview:-1\" \/>\n<link rel=\"canonical\" href=\"https:\/\/www.tuicamper.com\/magazin\/wohnmobil-in-deutschland-mieten-oder-vor-ort\/\" \/>\n<meta property=\"og:locale\" content=\"de_DE\" \/>\n<meta property=\"og:type\" content=\"article\" \/>\n<meta property=\"og:title\" content=\"Wohnmobil in Deutschland mieten oder vor Ort? - TUI Camper Magazin\" \/>\n<meta property=\"og:description\" content=\"Wohnmobil in Deutschland mieten? Oder Camper doch besser vor Ort anmieten? Kommt ganz darauf an. Wir geben Ihnen eine Entscheidungshilfe an die Hand!\" \/>\n<meta property=\"og:url\" content=\"https:\/\/www.tuicamper.com\/magazin\/wohnmobil-in-deutschland-mieten-oder-vor-ort\/\" \/>\n<meta property=\"og:site_name\" content=\"TUI Camper Magazin\" \/>\n<meta property=\"article:published_time\" content=\"2021-03-17T10:29:16+00:00\" \/>\n<meta property=\"og:image\" content=\"https:\/\/www.tuicamper.com\/wp-docker\/wp-content\/uploads\/2021\/03\/wo-camper-anmieten-header.jpg\" \/>\n\t<meta property=\"og:image:width\" content=\"1310\" \/>\n\t<meta property=\"og:image:height\" content=\"500\" \/>\n\t<meta property=\"og:image:type\" content=\"image\/jpeg\" \/>\n<meta name=\"author\" content=\"S\u00f6ren Cortekar\" \/>\n<meta name=\"twitter:card\" content=\"summary_large_image\" \/>\n<meta name=\"twitter:label1\" content=\"Verfasst von\" \/>\n\t<meta name=\"twitter:data1\" content=\"S\u00f6ren Cortekar\" \/>\n\t<meta name=\"twitter:label2\" content=\"Gesch\u00e4tzte Lesezeit\" \/>\n\t<meta name=\"twitter:data2\" content=\"9\u00a0Minuten\" \/>\n<!-- \/ Yoast SEO plugin. -->","yoast_head_json":{"title":"Wohnmobil in Deutschland mieten oder vor Ort? - TUI Camper Magazin","description":"Wohnmobil in Deutschland mieten? Oder Camper doch besser vor Ort anmieten? Kommt ganz darauf an. Wir geben Ihnen eine Entscheidungshilfe an die Hand!","robots":{"index":"index","follow":"follow","max-snippet":"max-snippet:-1","max-image-preview":"max-image-preview:large","max-video-preview":"max-video-preview:-1"},"canonical":"https:\/\/www.tuicamper.com\/magazin\/wohnmobil-in-deutschland-mieten-oder-vor-ort\/","og_locale":"de_DE","og_type":"article","og_title":"Wohnmobil in Deutschland mieten oder vor Ort? - TUI Camper Magazin","og_description":"Wohnmobil in Deutschland mieten? Oder Camper doch besser vor Ort anmieten? Kommt ganz darauf an. Wir geben Ihnen eine Entscheidungshilfe an die Hand!","og_url":"https:\/\/www.tuicamper.com\/magazin\/wohnmobil-in-deutschland-mieten-oder-vor-ort\/","og_site_name":"TUI Camper Magazin","article_published_time":"2021-03-17T10:29:16+00:00","og_image":[{"width":1310,"height":500,"url":"https:\/\/www.tuicamper.com\/wp-docker\/wp-content\/uploads\/2021\/03\/wo-camper-anmieten-header.jpg","type":"image\/jpeg"}],"author":"S\u00f6ren Cortekar","twitter_card":"summary_large_image","twitter_misc":{"Verfasst von":"S\u00f6ren Cortekar","Gesch\u00e4tzte Lesezeit":"9\u00a0Minuten"},"schema":{"@context":"https:\/\/schema.org","@graph":[{"@type":"Article","@id":"https:\/\/www.tuicamper.com\/magazin\/wohnmobil-in-deutschland-mieten-oder-vor-ort\/#article","isPartOf":{"@id":"https:\/\/www.tuicamper.com\/magazin\/wohnmobil-in-deutschland-mieten-oder-vor-ort\/"},"author":{"name":"S\u00f6ren Cortekar","@id":"https:\/\/www.tuicamper.com\/wp-docker\/#\/schema\/person\/a9ad15b73e3b6169a6c4a794a58d1ea6"},"headline":"Wohnmobil in Deutschland mieten oder vor Ort?","datePublished":"2021-03-17T10:29:16+00:00","mainEntityOfPage":{"@id":"https:\/\/www.tuicamper.com\/magazin\/wohnmobil-in-deutschland-mieten-oder-vor-ort\/"},"wordCount":3307,"commentCount":0,"image":{"@id":"https:\/\/www.tuicamper.com\/magazin\/wohnmobil-in-deutschland-mieten-oder-vor-ort\/#primaryimage"},"thumbnailUrl":"https:\/\/www.tuicamper.com\/wp-docker\/wp-content\/uploads\/2021\/03\/wo-camper-anmieten-header.jpg","keywords":["Buchungstipps","Deutschland","Insider-Infos"],"articleSection":["Camper-Insights"],"inLanguage":"de","potentialAction":[{"@type":"CommentAction","name":"Comment","target":["https:\/\/www.tuicamper.com\/magazin\/wohnmobil-in-deutschland-mieten-oder-vor-ort\/#respond"]}]},{"@type":"WebPage","@id":"https:\/\/www.tuicamper.com\/magazin\/wohnmobil-in-deutschland-mieten-oder-vor-ort\/","url":"https:\/\/www.tuicamper.com\/magazin\/wohnmobil-in-deutschland-mieten-oder-vor-ort\/","name":"Wohnmobil in Deutschland mieten oder vor Ort? - TUI Camper Magazin","isPartOf":{"@id":"https:\/\/www.tuicamper.com\/#website"},"primaryImageOfPage":{"@id":"https:\/\/www.tuicamper.com\/magazin\/wohnmobil-in-deutschland-mieten-oder-vor-ort\/#primaryimage"},"image":{"@id":"https:\/\/www.tuicamper.com\/magazin\/wohnmobil-in-deutschland-mieten-oder-vor-ort\/#primaryimage"},"thumbnailUrl":"https:\/\/www.tuicamper.com\/wp-content\/uploads\/2021\/03\/wo-camper-anmieten-header.jpg","datePublished":"2021-03-17T10:29:16+00:00","author":{"@id":"https:\/\/www.tuicamper.com\/#\/schema\/person\/a9ad15b73e3b6169a6c4a794a58d1ea6"},"description":"Wohnmobil in Deutschland mieten? Oder Camper doch besser vor Ort anmieten? Kommt ganz darauf an. Wir geben Ihnen eine Entscheidungshilfe an die Hand!","breadcrumb":{"@id":"https:\/\/www.tuicamper.com\/magazin\/wohnmobil-in-deutschland-mieten-oder-vor-ort\/#breadcrumb"},"inLanguage":"de","potentialAction":["Array"]},{"@type":"ImageObject","inLanguage":"de","@id":"https:\/\/www.tuicamper.com\/magazin\/wohnmobil-in-deutschland-mieten-oder-vor-ort\/#primaryimage","url":"https:\/\/www.tuicamper.com\/wp-docker\/wp-content\/uploads\/2021\/03\/wo-camper-anmieten-header.jpg","contentUrl":"https:\/\/www.tuicamper.com\/wp-docker\/wp-content\/uploads\/2021\/03\/wo-camper-anmieten-header.jpg","width":1310,"height":500,"caption":"Camper anmieten"},{"@type":"BreadcrumbList","@id":"https:\/\/www.tuicamper.com\/magazin\/wohnmobil-in-deutschland-mieten-oder-vor-ort\/#breadcrumb","itemListElement":[{"@type":"ListItem","position":1,"name":"Startseite","item":"https:\/\/www.tuicamper.com\/wp-docker\/"},{"@type":"ListItem","position":2,"name":"Wohnmobil in Deutschland mieten oder vor Ort?"}]},{"@type":"WebSite","@id":"https:\/\/www.tuicamper.com\/#website","url":"https:\/\/www.tuicamper.com\/","name":"TUI Camper Magazin","description":"","potentialAction":["Array"],"inLanguage":"de"},{"@type":"Person","@id":"https:\/\/www.tuicamper.com\/wp-docker\/#\/schema\/person\/a9ad15b73e3b6169a6c4a794a58d1ea6","name":"S\u00f6ren Cortekar","image":{"@type":"ImageObject","inLanguage":"de","@id":"https:\/\/secure.gravatar.com\/avatar\/399f9c9096d84e9147b61735bfa53689fd2add8aa9c074669869e4c106f7df59?s=96&d=mm&r=g","url":"https:\/\/secure.gravatar.com\/avatar\/399f9c9096d84e9147b61735bfa53689fd2add8aa9c074669869e4c106f7df59?s=96&d=mm&r=g","contentUrl":"https:\/\/secure.gravatar.com\/avatar\/399f9c9096d84e9147b61735bfa53689fd2add8aa9c074669869e4c106f7df59?s=96&d=mm&r=g","caption":"S\u00f6ren Cortekar"},"url":"https:\/\/www.tuicamper.com\/wp-docker\/magazin\/author\/soeren-cortekar\/"}]}},"_links":{"self":[{"href":"https:\/\/www.tuicamper.com\/wp-docker\/wp-json\/wp\/v2\/posts\/7210","targetHints":{"allow":["GET"]}}],"collection":[{"href":"https:\/\/www.tuicamper.com\/wp-docker\/wp-json\/wp\/v2\/posts"}],"about":[{"href":"https:\/\/www.tuicamper.com\/wp-docker\/wp-json\/wp\/v2\/types\/post"}],"author":[{"embeddable":true,"href":"https:\/\/www.tuicamper.com\/wp-docker\/wp-json\/wp\/v2\/users\/3"}],"replies":[{"embeddable":true,"href":"https:\/\/www.tuicamper.com\/wp-docker\/wp-json\/wp\/v2\/comments?post=7210"}],"version-history":[{"count":12,"href":"https:\/\/www.tuicamper.com\/wp-docker\/wp-json\/wp\/v2\/posts\/7210\/revisions"}],"predecessor-version":[{"id":7547,"href":"https:\/\/www.tuicamper.com\/wp-docker\/wp-json\/wp\/v2\/posts\/7210\/revisions\/7547"}],"wp:featuredmedia":[{"embeddable":true,"href":"https:\/\/www.tuicamper.com\/wp-docker\/wp-json\/wp\/v2\/media\/7228"}],"wp:attachment":[{"href":"https:\/\/www.tuicamper.com\/wp-docker\/wp-json\/wp\/v2\/media?parent=7210"}],"wp:term":[{"taxonomy":"category","embeddable":true,"href":"https:\/\/www.tuicamper.com\/wp-docker\/wp-json\/wp\/v2\/categories?post=7210"},{"taxonomy":"post_tag","embeddable":true,"href":"https:\/\/www.tuicamper.com\/wp-docker\/wp-json\/wp\/v2\/tags?post=7210"}],"curies":[{"name":"wp","href":"https:\/\/api.w.org\/{rel}","templated":true}]}}