{"id":71603,"date":"2024-02-16T15:03:08","date_gmt":"2024-02-16T14:03:08","guid":{"rendered":"https:\/\/www.tuicamper.com\/?p=71603"},"modified":"2024-02-16T15:03:08","modified_gmt":"2024-02-16T14:03:08","slug":"mini-camper-mieten","status":"publish","type":"post","link":"https:\/\/www.tuicamper.com\/magazin\/mini-camper-mieten\/","title":{"rendered":"Mini Camper mieten \u2013 Die Vorteile von Minivan, Minibus und Co."},"content":{"rendered":"<div id='av_section_1'  class='avia-section av-xl0ijar-afac231301d4e6b2cf164b9f76a572b9 main_color avia-section-default avia-no-border-styling  avia-builder-el-0  el_before_av_textblock  avia-builder-el-first  reduced-content avia-bg-style-scroll container_wrap sidebar_right'  ><div class='container av-section-cont-open' ><main  role=\"main\" itemprop=\"mainContentOfPage\"  class='template-page content  av-content-small alpha units'><div class='post-entry post-entry-type-page post-entry-71603'><div class='entry-content-wrapper clearfix'>\n\n<style type=\"text\/css\" data-created_by=\"avia_inline_auto\" id=\"style-css-av-x5q3aj7-0aa4bb1c50e210eeb9169f084f10751f\">\n.flex_column.av-x5q3aj7-0aa4bb1c50e210eeb9169f084f10751f{\nborder-radius:0px 0px 0px 0px;\npadding:0px 0px 0px 0px;\n}\n<\/style>\n<div  class='flex_column av-x5q3aj7-0aa4bb1c50e210eeb9169f084f10751f av_one_full  avia-builder-el-1  avia-builder-el-no-sibling  first flex_column_div av-zero-column-padding  '     ><section  class='av_textblock_section av-lsohvkv1-c76cd6285695980ef9de62a33dd57a1e '   itemscope=\"itemscope\" itemtype=\"https:\/\/schema.org\/BlogPosting\" itemprop=\"blogPost\" ><div class='avia_textblock'  itemprop=\"text\" ><p>Problemlos durch Metropolen navigieren und direkt neben dem Trail \u00fcbernachten? Mini-Camper machen es m\u00f6glich. Die kompakten Wohnmobile punkten mit ihrer Wendigkeit, einem einfachen Handling und einem dezenten Look. Dank kleiner Kochnische und Schlafm\u00f6glichkeit \u2013 z.B. im praktischen Dachzelt oder auf der umgebauten R\u00fcckbank \u2013 ist Abenteuer-Feeling vorprogrammiert. Wir stellen Ihnen die Vorteile, M\u00f6glichkeiten und Einschr\u00e4nkungen der Mini-Wohnmobile vor.<\/p>\n<\/div><\/section><\/div>\n<\/div><\/div><\/main><!-- close content main element --><\/div><\/div><div id='after_section_1'  class='main_color av_default_container_wrap container_wrap sidebar_right'  ><div class='container av-section-cont-open' ><div class='template-page content  av-content-small alpha units'><div class='post-entry post-entry-type-page post-entry-71603'><div class='entry-content-wrapper clearfix'>\n<section  class='av_textblock_section av-wwpqc5v-0a1780a67a179e3c242bfc11bf2b19de '   itemscope=\"itemscope\" itemtype=\"https:\/\/schema.org\/BlogPosting\" itemprop=\"blogPost\" ><div class='avia_textblock'  itemprop=\"text\" >\n<\/div><\/section>\n<\/div><\/div><\/div><!-- close content main div --><\/div><\/div><div id='av_section_2'  class='avia-section av-wj1nkoj-510ed854a36e0e588e087e853fd52929 main_color avia-section-default avia-no-border-styling  avia-builder-el-4  el_after_av_textblock  el_before_av_section  reduced-content avia-bg-style-scroll container_wrap sidebar_right'  ><div class='container av-section-cont-open' ><div class='template-page content  av-content-small alpha units'><div class='post-entry post-entry-type-page post-entry-71603'><div class='entry-content-wrapper clearfix'>\n<section  class='av_textblock_section av-3732mj7-650aac2625cd7bf48c60d973e0fe85e5 '   itemscope=\"itemscope\" itemtype=\"https:\/\/schema.org\/BlogPosting\" itemprop=\"blogPost\" ><div class='avia_textblock'  itemprop=\"text\" ><div id=\"js-table-of-contents\">\r\n    <strong>Inhaltsverzeichnis<\/strong>\r\n<\/div>\n<\/div><\/section>\n\n<\/div><\/div><\/div><!-- close content main div --><\/div><\/div><div id='av_section_3'  class='avia-section av-5f0zv7-5bbf3d6e790fdf4036aaee4677aa96b8 main_color avia-section-default avia-no-border-styling  avia-builder-el-6  el_after_av_section  el_before_av_section  reduced-content avia-bg-style-scroll container_wrap sidebar_right'  ><div class='container av-section-cont-open' ><div class='template-page content  av-content-small alpha units'><div class='post-entry post-entry-type-page post-entry-71603'><div class='entry-content-wrapper clearfix'>\n\n<style type=\"text\/css\" data-created_by=\"avia_inline_auto\" id=\"style-css-av-gh3jn-6788902d964088ece3c6c6c8cefaeecd\">\n.flex_column.av-gh3jn-6788902d964088ece3c6c6c8cefaeecd{\nborder-radius:0px 0px 0px 0px;\npadding:0px 0px 0px 0px;\n}\n<\/style>\n<div  class='flex_column av-gh3jn-6788902d964088ece3c6c6c8cefaeecd av_one_full  avia-builder-el-7  avia-builder-el-no-sibling  first flex_column_div av-zero-column-padding  '     ><section  class='av_textblock_section av-tshn83-ecfba40ebdb3b10d7da4b328cd4cedf7 '   itemscope=\"itemscope\" itemtype=\"https:\/\/schema.org\/BlogPosting\" itemprop=\"blogPost\" ><div class='avia_textblock'  itemprop=\"text\" ><h2>Mini-Camper mieten?<br \/>\n7 Vorteile der kleinen Wohnmobile f\u00fcr 2 Personen<\/h2>\n<p>Wendige Mini-Camper mit \u00fcberschaubarer Fahrzeugl\u00e4nge sind eine echte Alternative zu gr\u00f6\u00dferen Modellen. Sowohl f\u00fcr kurze <a href=\"https:\/\/www.tuicamper.com\/magazin\/wochenendtrip-mit-dem-wohnmobil\/\">Wohnmobil-Wochenendtouren<\/a> als auch f\u00fcr mehrw\u00f6chige <a href=\"https:\/\/www.tuicamper.com\/routen\/\">Wohnmobil-Touren<\/a>. Gegen\u00fcber ihren deutlich gr\u00f6\u00dferen Br\u00fcdern und Schwestern bringen Mini-Wohnmobile gleich sieben gewichtige Vorteile mit.<\/p>\n<ol>\n<li><strong>Unkompliziertes Parken<\/strong>: Wer in st\u00e4dtischen Bereichen oder rund um stark frequentierte Sehensw\u00fcrdigkeiten mit einem gr\u00f6\u00dferen Wohnmobil einen geeigneten Parkplatz finden will, braucht in der Regel zwei Dinge: Geduld und Nervenst\u00e4rke. Mit einem kompakten Mini-Camper dagegen verl\u00e4uft die Parkplatzsuche meist deutlich unkomplizierter. Und auch Stellpl\u00e4tze auf kleineren Campingpl\u00e4tzen sind oft schnell gefunden.<\/li>\n<li><strong>Einfaches Handling<\/strong>: F\u00fcr das sichere Fahren von Wohnmobilen ist in der Regel eine gewisse Eingew\u00f6hnung erforderlich. Immerhin sind diese deutlich schwerer und l\u00e4nger als gew\u00f6hnliche Pkw. Ein Mini-Camper dagegen \u00e4hnelt im Handling viel st\u00e4rker einem klassischen Auto. Das sorgt f\u00fcr ein angenehm vertrautes Fahrgef\u00fchl \u2013 in der Stadt ebenso wie auf der Landstra\u00dfe oder Autobahn.<\/li>\n<li><strong>Dezentes Fahren und \u00dcbernachten<\/strong>: Je gr\u00f6\u00dfer Ihr Wohnmobil, desto mehr fallen Sie im Stra\u00dfenverkehr ins Auge. Allein wegen ihrer Gr\u00f6\u00dfe ziehen luxuri\u00f6se Wohnmobil-Busse unweigerlich mehr Blicke auf sich als ein dezenter Minivan. Mit einem Mini-Camper entgehen Sie dieser (ungewollten) Aufmerksamkeit. Sowohl beim Fahren als auch beim \u00dcbernachten im Wohnmobil.<\/li>\n<li><strong>Leichter Camping-Einstieg<\/strong>: Vertrautes Fahrgef\u00fchl, einfache Parkplatzsuche, Wendigkeit und volle Flexibilit\u00e4t: Kleine Camper haben kaum Einstiegsh\u00fcrden. Besonders f\u00fcr den ersten Camping-Urlaub sind sie daher geradezu pr\u00e4destiniert.<\/li>\n<li><strong>Echtes Camping-Feeling<\/strong>: W\u00e4hrend Wohnmobile mit Alkoven und Wohnmobil-Busse viel Komfort bieten, f\u00e4llt der Urlaub im Mini-Camper puristischer und urspr\u00fcnglicher aus. Durch den \u00fcberschaubaren Platz im Inneren verbringen Sie ganz automatisch mehr Zeit in der Natur.<\/li>\n<li><strong>Abenteuerliche Routen<\/strong>: Dank ihren kompakten Ma\u00dfen sind Mini-Wohnmobile auch f\u00fcr enge st\u00e4dtische Stra\u00dfen geeignet. Und auch abgelegenere Orte lassen sich mit Minivan, Minibus und Co. leichter erreichen.<\/li>\n<li><strong>Kosteneffiziente Alternative<\/strong>: Auch kostentechnisch k\u00f6nnen sich sehr kleine Camper lohnen. So ist ihr Kraftstoffverbrauch in der Regel vergleichsweise gering. Sogar in der Anmietung k\u00f6nnen mitunter echte Schn\u00e4ppchen gemacht werden.<\/li>\n<\/ol>\n<\/div><\/section><\/div><\/div><\/div><\/div><!-- close content main div --><\/div><\/div><div id='av_section_4'  class='avia-section av-udh1vpv-2f58ac3c7b4ba4454977a099f6725c8b main_color avia-section-default avia-no-border-styling  avia-builder-el-9  el_after_av_section  el_before_av_section  reduced-content avia-bg-style-scroll container_wrap sidebar_right'  ><div class='container av-section-cont-open' ><div class='template-page content  av-content-small alpha units'><div class='post-entry post-entry-type-page post-entry-71603'><div class='entry-content-wrapper clearfix'>\n\n<style type=\"text\/css\" data-created_by=\"avia_inline_auto\" id=\"style-css-av-u7npvf7-e1367fa91f7cd0455742b7a99a201e75\">\n.avia-image-container.av-u7npvf7-e1367fa91f7cd0455742b7a99a201e75 img.avia_image{\nbox-shadow:none;\n}\n.avia-image-container.av-u7npvf7-e1367fa91f7cd0455742b7a99a201e75 .av-caption-image-overlay-bg{\nopacity:0.4;\nbackground-color:#000000;\n}\n.avia-image-container.av-u7npvf7-e1367fa91f7cd0455742b7a99a201e75 .av-image-caption-overlay-center{\ncolor:#ffffff;\n}\n<\/style>\n<div  class='avia-image-container av-u7npvf7-e1367fa91f7cd0455742b7a99a201e75 av-styling- av-img-linked avia_animated_image av-animated-when-visible-95 fade-in avia-align-center  avia-builder-el-10  el_before_av_hr  avia-builder-el-first  noHover av-overlay-on-hover'   itemprop=\"image\" itemscope=\"itemscope\" itemtype=\"https:\/\/schema.org\/ImageObject\" ><div class=\"avia-image-container-inner\"><div class=\"avia-image-overlay-wrap\"><a href=\"https:\/\/www.tuicamper.com\/wp-docker\/wp-content\/uploads\/2024\/02\/mini-camper-mieten-minivan-1030x644.jpg\" data-srcset=\"https:\/\/www.tuicamper.com\/wp-docker\/wp-content\/uploads\/2024\/02\/mini-camper-mieten-minivan-1030x644.jpg 1030w, https:\/\/www.tuicamper.com\/wp-docker\/wp-content\/uploads\/2024\/02\/mini-camper-mieten-minivan-300x188.jpg 300w, https:\/\/www.tuicamper.com\/wp-docker\/wp-content\/uploads\/2024\/02\/mini-camper-mieten-minivan-768x480.jpg 768w, https:\/\/www.tuicamper.com\/wp-docker\/wp-content\/uploads\/2024\/02\/mini-camper-mieten-minivan-705x441.jpg 705w, https:\/\/www.tuicamper.com\/wp-docker\/wp-content\/uploads\/2024\/02\/mini-camper-mieten-minivan.jpg 1440w\" data-sizes=\"(max-width: 1030px) 100vw, 1030px\" class='avia_image '  aria-label='mini-camper-mieten-minivan'><div class=\"av-image-caption-overlay\"><div class=\"av-caption-image-overlay-bg\"><\/div><div class=\"av-image-caption-overlay-position\"><div class=\"av-image-caption-overlay-center\"><p>Minivan<\/p>\n<\/div><\/div><\/div><img decoding=\"async\" fetchpriority=\"high\" class='wp-image-71610 avia-img-lazy-loading-not-71610 avia_image ' src=\"https:\/\/www.tuicamper.com\/wp-docker\/wp-content\/uploads\/2024\/02\/mini-camper-mieten-minivan-845x684.jpg\" alt='' title='mini-camper-mieten-minivan'  height=\"684\" width=\"845\"  itemprop=\"thumbnailUrl\" srcset=\"https:\/\/www.tuicamper.com\/wp-docker\/wp-content\/uploads\/2024\/02\/mini-camper-mieten-minivan-845x684.jpg 845w, https:\/\/www.tuicamper.com\/wp-docker\/wp-content\/uploads\/2024\/02\/mini-camper-mieten-minivan-495x400.jpg 495w\" sizes=\"(max-width: 845px) 100vw, 845px\" \/><\/a><\/div><\/div><\/div>\n\n<style type=\"text\/css\" data-created_by=\"avia_inline_auto\" id=\"style-css-av-tn32mvn-a06e838a3ba63f273d3ba504b623c21c\">\n#top .hr.hr-invisible.av-tn32mvn-a06e838a3ba63f273d3ba504b623c21c{\nheight:25px;\n}\n<\/style>\n<div  class='hr av-tn32mvn-a06e838a3ba63f273d3ba504b623c21c hr-invisible  avia-builder-el-11  el_after_av_image  avia-builder-el-last '><span class='hr-inner '><span class=\"hr-inner-style\"><\/span><\/span><\/div>\n<\/p>\n<\/div><\/div><\/div><!-- close content main div --><\/div><\/div><div id='av_section_5'  class='avia-section av-teeohrn-af52266369d9ce1cc621c10d101444f2 main_color avia-section-default avia-no-border-styling  avia-builder-el-12  el_after_av_section  el_before_av_section  reduced-content avia-bg-style-scroll container_wrap sidebar_right'  ><div class='container av-section-cont-open' ><div class='template-page content  av-content-small alpha units'><div class='post-entry post-entry-type-page post-entry-71603'><div class='entry-content-wrapper clearfix'>\n\n<style type=\"text\/css\" data-created_by=\"avia_inline_auto\" id=\"style-css-av-sjdtg2b-4493525c3125f8962c95fee9b44c8282\">\n.flex_column.av-sjdtg2b-4493525c3125f8962c95fee9b44c8282{\nborder-radius:0px 0px 0px 0px;\npadding:0px 0px 0px 0px;\n}\n<\/style>\n<div  class='flex_column av-sjdtg2b-4493525c3125f8962c95fee9b44c8282 av_one_full  avia-builder-el-13  avia-builder-el-no-sibling  first flex_column_div av-zero-column-padding  '     ><section  class='av_textblock_section av-2tz8lmb-c278aecca2e9f9aef3561a4e098f9220 '   itemscope=\"itemscope\" itemtype=\"https:\/\/schema.org\/BlogPosting\" itemprop=\"blogPost\" ><div class='avia_textblock'  itemprop=\"text\" ><h2>Einschr\u00e4nkungen der kleinen Camper-Modelle<\/h2>\n<p>Nat\u00fcrlich haben die kleinen wendigen Fahrzeuge nicht nur Vorteile. Wenn Sie sich f\u00fcr einen Mini-Camper entscheiden, m\u00fcssen Sie vor allem in zwei Bereichen Abstriche machen: Sie reisen <strong>weniger komfortabel<\/strong> und Sie haben <strong>weniger Stauraum<\/strong> zur Verf\u00fcgung. Konkret bedeutet das:<\/p>\n<ul>\n<li>In puncto Reisegep\u00e4ck m\u00fcssen Sie sich auf das Wesentliche beschr\u00e4nken.<\/li>\n<li>Eine Nasszelle mit Dusche\/WC gibt es h\u00e4ufig nicht.<\/li>\n<li>Die Aufnahmef\u00e4higkeit der Wassertanks ist begrenzt, sodass Sie verst\u00e4rkt auf externe Auff\u00fcllm\u00f6glichkeiten angewiesen sind.<\/li>\n<li>Der K\u00fcchenbereich ist rudiment\u00e4r ausgestattet und beschr\u00e4nkt sich teils auf Gaskocher und K\u00fchlbox.<\/li>\n<li>Der Schlafbereich ist sehr kompakt gestaltet.<\/li>\n<li>Im Innenraum gibt es kaum Platz f\u00fcr Wohn- und Sitzbereiche, was gerade bei schlechtem Wetter herausfordernd ist.<\/li>\n<\/ul>\n<p>Sehr kleine Camper bringen viele Vor-, aber auch einige bedeutende Nachteile mit. Letztlich h\u00e4ngt die Wahl des richtigen Fahrzeugs daher immer von Ihren individuellen Anspr\u00fcchen ab.<\/p>\n<\/div><\/section><\/div>\n\n<\/div><\/div><\/div><!-- close content main div --><\/div><\/div><div id='av_section_6'  class='avia-section av-9z1x0z-a87b428a2198e2d0f5fc77b074a00322 main_color avia-section-default avia-no-border-styling  avia-builder-el-15  el_after_av_section  el_before_av_section  reduced-content avia-bg-style-scroll container_wrap sidebar_right'  ><div class='container av-section-cont-open' ><div class='template-page content  av-content-small alpha units'><div class='post-entry post-entry-type-page post-entry-71603'><div class='entry-content-wrapper clearfix'>\n\n<style type=\"text\/css\" data-created_by=\"avia_inline_auto\" id=\"style-css-av-rg3bt1v-25761383bfea274be11133841f693258\">\n.avia-image-container.av-rg3bt1v-25761383bfea274be11133841f693258 img.avia_image{\nbox-shadow:none;\n}\n.avia-image-container.av-rg3bt1v-25761383bfea274be11133841f693258 .av-caption-image-overlay-bg{\nopacity:0.4;\nbackground-color:#000000;\n}\n.avia-image-container.av-rg3bt1v-25761383bfea274be11133841f693258 .av-image-caption-overlay-center{\ncolor:#ffffff;\n}\n<\/style>\n<div  class='avia-image-container av-rg3bt1v-25761383bfea274be11133841f693258 av-styling- av-img-linked avia_animated_image av-animated-when-visible-95 fade-in avia-align-center  avia-builder-el-16  el_before_av_hr  avia-builder-el-first  noHover av-overlay-on-hover'   itemprop=\"image\" itemscope=\"itemscope\" itemtype=\"https:\/\/schema.org\/ImageObject\" ><div class=\"avia-image-container-inner\"><div class=\"avia-image-overlay-wrap\"><a href=\"https:\/\/www.tuicamper.com\/wp-docker\/wp-content\/uploads\/2024\/02\/mini-camper-mieten-am-see-1030x644.jpg\" data-srcset=\"https:\/\/www.tuicamper.com\/wp-docker\/wp-content\/uploads\/2024\/02\/mini-camper-mieten-am-see-1030x644.jpg 1030w, https:\/\/www.tuicamper.com\/wp-docker\/wp-content\/uploads\/2024\/02\/mini-camper-mieten-am-see-300x188.jpg 300w, https:\/\/www.tuicamper.com\/wp-docker\/wp-content\/uploads\/2024\/02\/mini-camper-mieten-am-see-768x480.jpg 768w, https:\/\/www.tuicamper.com\/wp-docker\/wp-content\/uploads\/2024\/02\/mini-camper-mieten-am-see-705x441.jpg 705w, https:\/\/www.tuicamper.com\/wp-docker\/wp-content\/uploads\/2024\/02\/mini-camper-mieten-am-see.jpg 1440w\" data-sizes=\"(max-width: 1030px) 100vw, 1030px\" class='avia_image '  aria-label='mini-camper-mieten-am-see'><div class=\"av-image-caption-overlay\"><div class=\"av-caption-image-overlay-bg\"><\/div><div class=\"av-image-caption-overlay-position\"><div class=\"av-image-caption-overlay-center\"><\/div><\/div><\/div><img decoding=\"async\" fetchpriority=\"high\" class='wp-image-71613 avia-img-lazy-loading-not-71613 avia_image ' src=\"https:\/\/www.tuicamper.com\/wp-docker\/wp-content\/uploads\/2024\/02\/mini-camper-mieten-am-see-845x684.jpg\" alt='' title='mini-camper-mieten-am-see'  height=\"684\" width=\"845\"  itemprop=\"thumbnailUrl\" srcset=\"https:\/\/www.tuicamper.com\/wp-docker\/wp-content\/uploads\/2024\/02\/mini-camper-mieten-am-see-845x684.jpg 845w, https:\/\/www.tuicamper.com\/wp-docker\/wp-content\/uploads\/2024\/02\/mini-camper-mieten-am-see-495x400.jpg 495w\" sizes=\"(max-width: 845px) 100vw, 845px\" \/><\/a><\/div><\/div><\/div>\n\n<style type=\"text\/css\" data-created_by=\"avia_inline_auto\" id=\"style-css-av-qym0mmr-a38184ad7d38b0719d2c0da98b84d089\">\n#top .hr.hr-invisible.av-qym0mmr-a38184ad7d38b0719d2c0da98b84d089{\nheight:25px;\n}\n<\/style>\n<div  class='hr av-qym0mmr-a38184ad7d38b0719d2c0da98b84d089 hr-invisible  avia-builder-el-17  el_after_av_image  avia-builder-el-last '><span class='hr-inner '><span class=\"hr-inner-style\"><\/span><\/span><\/div>\n\n<\/div><\/div><\/div><!-- close content main div --><\/div><\/div><div id='av_section_7'  class='avia-section av-qda3qkz-b904225270ac39ea8fa86a91e0960969 main_color avia-section-default avia-no-border-styling  avia-builder-el-18  el_after_av_section  el_before_av_section  reduced-content avia-bg-style-scroll container_wrap sidebar_right'  ><div class='container av-section-cont-open' ><div class='template-page content  av-content-small alpha units'><div class='post-entry post-entry-type-page post-entry-71603'><div class='entry-content-wrapper clearfix'>\n\n<style type=\"text\/css\" data-created_by=\"avia_inline_auto\" id=\"style-css-av-9e3gj7-4cf8a3a577c93b672882fda27b1a82a6\">\n.flex_column.av-9e3gj7-4cf8a3a577c93b672882fda27b1a82a6{\nborder-radius:0px 0px 0px 0px;\npadding:0px 0px 0px 0px;\n}\n<\/style>\n<div  class='flex_column av-9e3gj7-4cf8a3a577c93b672882fda27b1a82a6 av_one_full  avia-builder-el-19  avia-builder-el-no-sibling  first flex_column_div av-zero-column-padding  '     ><section  class='av_textblock_section av-pepamz7-d56b61544347c0cc9d4497dcda80af77 '   itemscope=\"itemscope\" itemtype=\"https:\/\/schema.org\/BlogPosting\" itemprop=\"blogPost\" ><div class='avia_textblock'  itemprop=\"text\" ><h2>F\u00fcr diese Routen sind Mini-Wohnmobile ideal<\/h2>\n<p>Gerade in st\u00e4dtischen Gebieten k\u00f6nnen Mini-Camper ihre Vorteile voll ausspielen. Dank leichter Man\u00f6vrierbarkeit geraten Sie selbst im dichten Stadtverkehr nicht ins Schwitzen. Und auch die Parkplatzsuche f\u00e4llt vergleichsweise leicht. Egal, ob Sie legend\u00e4re nordamerikanische Metropolen in den USA und Kanada oder geschichtstr\u00e4chtige s\u00fcdeurop\u00e4ische St\u00e4dtchen mit ihren engen Stra\u00dfen entdecken m\u00f6chten: Sind <strong>St\u00e4dtetrips <\/strong>wesentlicher Teil Ihrer Route, ist die Anmietung eines Mini-Wohnmobils stets eine erw\u00e4genswerte Option.<\/p>\n<p>Gerade mit robusten Pick-Up Campern oder 4WD-Camper mit zuschaltbarem Allradantrieb erreichen Sie auch <strong>entlegene Winkel<\/strong>. Damit sind die Mini-Camper auch ideal f\u00fcr romantische Wildcamping-Abenteuer und unvergessliche Touren zu unber\u00fchrten Natur-Highlights.<\/p>\n<\/div><\/section><\/div>\n\n<\/div><\/div><\/div><!-- close content main div --><\/div><\/div><div id='av_section_8'  class='avia-section av-2hl4i1f-9e2b2ceb85b7d16c02081a1001c75ccc main_color avia-section-default avia-no-border-styling  avia-builder-el-21  el_after_av_section  el_before_av_section  magazine-slider-section fullwidth_section avia-bg-style-scroll container_wrap sidebar_right'  ><div class='container av-section-cont-open' ><div class='template-page content  av-content-small alpha units'><div class='post-entry post-entry-type-page post-entry-71603'><div class='entry-content-wrapper clearfix'>\n\n<style type=\"text\/css\" data-created_by=\"avia_inline_auto\" id=\"style-css-av-oh2ayj7-c8cce267765207e85c8ad3d09d957459\">\n.flex_column.av-oh2ayj7-c8cce267765207e85c8ad3d09d957459{\nborder-radius:0px 0px 0px 0px;\npadding:0px 0px 0px 0px;\n}\n<\/style>\n<div  class='flex_column av-oh2ayj7-c8cce267765207e85c8ad3d09d957459 av_one_full  avia-builder-el-22  avia-builder-el-no-sibling  first flex_column_div av-zero-column-padding  '     ><section  class='av_textblock_section av-nyv7pmb-d60b5b5c63cc1f89b1d528e0ce8d5a91 '   itemscope=\"itemscope\" itemtype=\"https:\/\/schema.org\/BlogPosting\" itemprop=\"blogPost\" ><div class='avia_textblock'  itemprop=\"text\" ><div class=\"flex_column av_three_fourth flex_column_div av-zero-column-padding first el_before_av_one_fourth avia-builder-el-first headline-section\">\r\n    <section class=\"av_textblock_section \" itemscope=\"itemscope\"\r\n             itemtype=\"https:\/\/schema.org\/CreativeWork\">\r\n                    <div class=\"avia_textblock\" itemprop=\"text\">\r\n                                    Aus dem TUI Camper Magazin:<br>\r\n                                Spannende Artikel \u00fcber Deutschland            <\/div>\r\n            <\/section>\r\n<\/div>\r\n<div class=\"flex_column av_one_fourth flex_column_div av-zero-column-padding el_after_av_three_fourth el_before_av_feature_image_slider avia-builder-el-last logo-section\">\r\n    <div class=\"avia-image-container avia-builder-el-no-sibling avia-align-center\"\r\n         itemprop=\"image\" itemscope=\"itemscope\" itemtype=\"https:\/\/schema.org\/ImageObject\">\r\n        <div class=\"avia-image-container-inner\">\r\n            <div class=\"avia-image-overlay-wrap\">\r\n                <a href=\"\/magazin\/\">\r\n                    <img decoding=\"async\" class=\"wp-image-3099 avia-img-lazy-loading-not-3099 avia_image\"\r\n                         src=\"\/wp-docker\/wp-content\/themes\/tuicamper_enfold\/assets\/img\/logo_350-135.png\"\r\n                         alt=\"TUI Camper Magazin\" height=\"69\" width=\"150\"\r\n                         itemprop=\"thumbnailUrl\">\r\n                <\/a>\r\n            <\/div>\r\n        <\/div>\r\n    <\/div>\r\n<\/div>\r\n<div class=\"flex_column av_one_full flex_column_div av-zero-column-padding first el_before_av_textblock avia-builder-el-first\"\r\n     style=\"border-radius:0px;\">\r\n    <div class=\"carousel\">\r\n                    <div class=\"carousel-cell\">\r\n                <a href=\"https:\/\/www.tuicamper.com\/magazin\/schoenste-campingplaetze-mit-hallenbad-in-deutschland\/\">\r\n                    <div class=\"img-container\" style=\"background-image: url('https:\/\/www.tuicamper.com\/wp-docker\/wp-content\/uploads\/2025\/11\/camping-hallenbad-header.jpg');\"><\/div>\r\n                    <p>Camping mit Hallenbad: Die 5 sch\u00f6nsten Campingpl\u00e4tze in Deutschland <span class=\"dashicons dashicons-arrow-right-alt2\"><\/span><\/p>\r\n                <\/a>\r\n            <\/div>\r\n                    <div class=\"carousel-cell\">\r\n                <a href=\"https:\/\/www.tuicamper.com\/magazin\/badeseen-in-deutschland\/\">\r\n                    <div class=\"img-container\" style=\"background-image: url('https:\/\/www.tuicamper.com\/wp-docker\/wp-content\/uploads\/2019\/09\/urlaub-am-see.jpg');\"><\/div>\r\n                    <p>Urlaub am See: Die 5 sch\u00f6nsten Badeseen in Deutschland <span class=\"dashicons dashicons-arrow-right-alt2\"><\/span><\/p>\r\n                <\/a>\r\n            <\/div>\r\n                    <div class=\"carousel-cell\">\r\n                <a href=\"https:\/\/www.tuicamper.com\/magazin\/muenchen-sehenswuerdigkeiten\/\">\r\n                    <div class=\"img-container\" style=\"background-image: url('https:\/\/www.tuicamper.com\/wp-docker\/wp-content\/uploads\/2025\/09\/muenchen-sehenswuerdigkeiten-header.jpg');\"><\/div>\r\n                    <p>M\u00fcnchen Sehensw\u00fcrdigkeiten: Die sch\u00f6nsten Highlights, Campingpl\u00e4tze &#038; Tipps <span class=\"dashicons dashicons-arrow-right-alt2\"><\/span><\/p>\r\n                <\/a>\r\n            <\/div>\r\n                    <div class=\"carousel-cell\">\r\n                <a href=\"https:\/\/www.tuicamper.com\/magazin\/die-saechsische-weinstrasse\/\">\r\n                    <div class=\"img-container\" style=\"background-image: url('https:\/\/www.tuicamper.com\/wp-docker\/wp-content\/uploads\/2023\/07\/die-saechsische-weinstrasse.jpg');\"><\/div>\r\n                    <p>Die S\u00e4chsische Weinstra\u00dfe: Erleben Sie die Sch\u00f6nheit Sachsens mit dem Wohnmobil <span class=\"dashicons dashicons-arrow-right-alt2\"><\/span><\/p>\r\n                <\/a>\r\n            <\/div>\r\n                    <div class=\"carousel-cell\">\r\n                <a href=\"https:\/\/www.tuicamper.com\/magazin\/wohnmobil-touren-fuer-anfaenger\/\">\r\n                    <div class=\"img-container\" style=\"background-image: url('https:\/\/www.tuicamper.com\/wp-docker\/wp-content\/uploads\/2024\/02\/wohnmobil-touren-fuer-anfaenger-teaser.jpg');\"><\/div>\r\n                    <p>Wohnmobil-Touren f\u00fcr Anf\u00e4nger \u2013 Planung, Tipps und Routen <span class=\"dashicons dashicons-arrow-right-alt2\"><\/span><\/p>\r\n                <\/a>\r\n            <\/div>\r\n                    <div class=\"carousel-cell\">\r\n                <a href=\"https:\/\/www.tuicamper.com\/magazin\/5-aussergewoehnliche-campingplaetze-in-deutschland\/\">\r\n                    <div class=\"img-container\" style=\"background-image: url('https:\/\/www.tuicamper.com\/wp-docker\/wp-content\/uploads\/2026\/01\/aussergewoehnliche-campingplaetze-deutschland-header.jpg');\"><\/div>\r\n                    <p>Au\u00dfergew\u00f6hnliche Campingpl\u00e4tze in Deutschland: 5 ganz besondere Camping-Spots <span class=\"dashicons dashicons-arrow-right-alt2\"><\/span><\/p>\r\n                <\/a>\r\n            <\/div>\r\n            <\/div>\r\n<\/div>\n<\/div><\/section><\/div>\n\n<div id='av_section_9'  class='avia-section av-2csn837-e0a361502edc40ae330e223b7b251b1d main_color avia-section-default avia-no-border-styling  avia-builder-el-0  el_before_av_textblock  avia-builder-el-first  reduced-content avia-bg-style-scroll container_wrap sidebar_right'  ><div class='container av-section-cont-open' ><main  role=\"main\" itemprop=\"mainContentOfPage\"  class='template-page content  av-content-small alpha units'><div class='post-entry post-entry-type-page post-entry-71603'><div class='entry-content-wrapper clearfix'>\n\n<style type=\"text\/css\" data-created_by=\"avia_inline_auto\" id=\"style-css-av-n14y5cj-cbfe3dd6c68398c50d9eb9a1239f96c1\">\n.flex_column.av-n14y5cj-cbfe3dd6c68398c50d9eb9a1239f96c1{\nborder-radius:0px 0px 0px 0px;\npadding:0px 0px 0px 0px;\n}\n<\/style>\n<div  class='flex_column av-n14y5cj-cbfe3dd6c68398c50d9eb9a1239f96c1 av_one_full  avia-builder-el-1  avia-builder-el-no-sibling  first flex_column_div av-zero-column-padding  '     ><section  class='av_textblock_section av-myv0wib-d9de15b6cd1d359ed20f70df6d872714 '   itemscope=\"itemscope\" itemtype=\"https:\/\/schema.org\/BlogPosting\" itemprop=\"blogPost\" ><div class='avia_textblock'  itemprop=\"text\" ><h2>Mini-Camper im \u00dcberblick<\/h2>\n<p>Als Mini-Camper kommen verschiedene Fahrzeug-Typen in Betracht. Bei TUI Camper haben Sie die Wahl zwischen f\u00fcnf Kategorien.<\/p>\n<\/div><\/section><br \/>\n<div class='avia-data-table-wrap av-mf898ab-2e130c7e7b20ee5acf9883127de4d223 avia_scrollable_table avia-table-1'><table  class='avia-table avia-data-table avia_pricing_default'  itemscope=\"itemscope\" itemtype=\"https:\/\/schema.org\/Table\" ><tbody><tr class='avia-heading-row'><th class=''>Fahrzeug<\/th><th class=''>Ma\u00dfe<\/th><th class=''>Ausstattung<\/th><th class=''>Eigenschaften<\/th><\/tr><tr class=''><td class=''>Minivan <\/td><td class=''>L\u00e4nge bis ca. 5,20 m; Innenh\u00f6he ca. 1,20 m<\/td><td class=''>Dachzelt oder umgebaute R\u00fcckbank; Komb\u00fcse im Heck; Tisch; keine Dusche\/WC<\/td><td class=''>Sehr kompakter und wendiger Mini-Camper, der seinen Namen verdient. Ideal, um St\u00e4dte-Trips mit abenteuerlichen Camping-Erfahrungen in der Wildnis zu kombinieren.<\/td><\/tr><tr class=''><td class=''>Minibus<\/td><td class=''>L\u00e4nge ca. 5 m; Innenh\u00f6he ca. 1,30 \u2013 2,20 m<\/td><td class=''>Aufstelldach mit Doppelbett; ggf. umgebaute Sitzb\u00e4nke; kompakte K\u00fcche; keine Dusche\/WC <\/td><td class=''>Etwas ger\u00e4umiger als der Minivan und dabei absolut alltagstauglich. Perfekter Camper f\u00fcr Einsteiger, die Wert auf volle Flexibilit\u00e4t bei der Routenplanung legen.<\/td><\/tr><tr class=''><td class=''>Campervan<\/td><td class=''>L\u00e4nge bis ca. 7,40 m; Innenh\u00f6he ca. 1,95 m<\/td><td class=''>Abh\u00e4ngig vom Modell; keine Dusche\/WC in der kleinsten Variante<\/td><td class=''>Ger\u00e4umig genug f\u00fcr einen entspannten Urlaub zu zweit und dabei leicht auch durch St\u00e4dte man\u00f6vrierbar. Ein echtes Raumwunder. <\/td><\/tr><tr class=''><td class=''>Pick-Up Camper<\/td><td class=''>L\u00e4nge bis ca. 7,40 m; Innenh\u00f6he ca. 1,95 m<\/td><td class=''>Abh\u00e4ngig vom Modell; in einigen Ausf\u00fchrungen K\u00fcche, Dusche &amp; WC vorhanden<\/td><td class=''>Robust, wendig und auch f\u00fcr schwieriges Gel\u00e4nde geeignet. Ein Pick-Up Camper f\u00fchrt Sie auch zu abgelegenen Hidden Gems und verspricht Abenteuer-Feeling pur.<\/td><\/tr><tr class=''><td class=''>4WD-Camper<\/td><td class=''>modellabh\u00e4ngig<\/td><td class=''>Dachzelt oder Zelt; 4\u00d74-Allradantrieb; Gaskocher und K\u00fchlbox \u2013 teils auch K\u00fcchenzeile; konkrete Ausstattung modellabh\u00e4ngig<\/td><td class=''>Praktisch, robust, wendig: Mit dem Allrad-Fahrzeug mit zuschaltbarem 4\u00d74-Allradantrieb befahren Sie auch schwieriges Gel\u00e4nde m\u00fchelos und entdecken die sch\u00f6nsten Spots abseits der ausgetretenen Touristen-Pfade.<\/td><\/tr><\/tbody><\/table><\/div><br \/>\n<section  class='av_textblock_section av-lsohyrmo-fa86b451ea6410a143579ef7d1c7904c '   itemscope=\"itemscope\" itemtype=\"https:\/\/schema.org\/BlogPosting\" itemprop=\"blogPost\" ><div class='avia_textblock'  itemprop=\"text\" ><p>Die meisten kleinen Camper sind f\u00fcr maximal zwei Personen ausgelegt. In den gr\u00f6\u00dferen Modellen der Pick-Up Camper und 4WD-Camper finden bis zu vier Personen Platz.<\/p>\n<\/div><\/section><\/p><\/div>\n<\/div><\/div><\/main><!-- close content main element --><\/div><\/div><div id='after_section_9'  class='main_color av_default_container_wrap container_wrap sidebar_right'  ><div class='container av-section-cont-open' ><div class='template-page content  av-content-small alpha units'><div class='post-entry post-entry-type-page post-entry-71603'><div class='entry-content-wrapper clearfix'>\n<\/div><\/div><\/div><!-- close content main div --><\/div><\/div><div id='av_section_10'  class='avia-section av-2jw26lv-65af71f143d1e44d733c45956c7b6f68 main_color avia-section-default avia-no-border-styling  avia-builder-el-4  el_after_av_textblock  el_before_av_section  reduced-content avia-bg-style-scroll container_wrap sidebar_right'  ><div class='container av-section-cont-open' ><div class='template-page content  av-content-small alpha units'><div class='post-entry post-entry-type-page post-entry-71603'><div class='entry-content-wrapper clearfix'>\n<div  class='avia-button-wrap av-20klqvn-ab7fb7fc531e041d5f51d8be9ee76959-wrap avia-button-center '><a href='https:\/\/www.tuicamper.com\/reiseziele\/europa\/deutschland\/'  class='avia-button av-20klqvn-ab7fb7fc531e041d5f51d8be9ee76959 av-link-btn avia-icon_select-yes-right-icon avia-size-large avia-position-center avia-color-theme-color'   aria-label=\"Jetzt Wohnmobil mieten f\u00fcr Deutschland\"><span class='avia_iconbox_title' >Jetzt Wohnmobil mieten f\u00fcr Deutschland<\/span><span class='avia_button_icon avia_button_icon_right avia-iconfont avia-font-entypo-fontello' data-av_icon='\ue875' data-av_iconfont='entypo-fontello' ><\/span><\/a><\/div>\n\n<style type=\"text\/css\" data-created_by=\"avia_inline_auto\" id=\"style-css-av-57ci5v-7253b6b463633c4bf928d5ab8fc9f6f8\">\n.flex_column.av-57ci5v-7253b6b463633c4bf928d5ab8fc9f6f8{\nborder-radius:0px 0px 0px 0px;\npadding:0px 0px 0px 0px;\n}\n<\/style>\n<div  class='flex_column av-57ci5v-7253b6b463633c4bf928d5ab8fc9f6f8 av_one_full first flex_column_div av-zero-column-padding  '     ><style type=\"text\/css\" data-created_by=\"avia_inline_auto\" id=\"style-css-av-14vmn6b-c5a4cb6edc7e2ee9372d1e543027633a\">\n#top .av_textblock_section.av-14vmn6b-c5a4cb6edc7e2ee9372d1e543027633a .avia_textblock{\nfont-size:28px;\n}\n<\/style>\n<section  class='av_textblock_section av-14vmn6b-c5a4cb6edc7e2ee9372d1e543027633a '   itemscope=\"itemscope\" itemtype=\"https:\/\/schema.org\/BlogPosting\" itemprop=\"blogPost\" ><div class='avia_textblock'  itemprop=\"text\" ><p><strong>Ihr TUI CAMPER-Team w\u00fcnscht Ihnen eine erlebnisreiche Reise in Ihrem Mini-Camper!<\/strong><\/p>\n<\/div><\/section><\/div><div  class='av-social-sharing-box av-kl5x2r-5f3d9d46480bfc132e9b11fc11201862 av-social-sharing-box-default av-social-sharing-box-fullwidth'><div class=\"av-share-box\"><ul class=\"av-share-box-list noLightbox\"><li class='av-share-link av-social-link-facebook avia_social_iconfont' ><a target=\"_blank\" aria-label=\"Teilen auf Facebook\" href='https:\/\/www.facebook.com\/sharer.php?u=https:\/\/www.tuicamper.com\/magazin\/5-aussergewoehnliche-campingplaetze-in-deutschland\/&#038;t=Au%C3%9Fergew%C3%B6hnliche%20Campingpl%C3%A4tze%20in%20Deutschland%3A%205%20ganz%20besondere%20Camping-Spots' data-av_icon='\ue8f3' data-av_iconfont='entypo-fontello'  title='' data-avia-related-tooltip='Teilen auf Facebook'><span class='avia_hidden_link_text'>Teilen auf Facebook<\/span><\/a><\/li><li class='av-share-link av-social-link-twitter avia_social_iconfont' ><a target=\"_blank\" aria-label=\"Teilen auf X\" href='https:\/\/twitter.com\/share?text=Au%C3%9Fergew%C3%B6hnliche%20Campingpl%C3%A4tze%20in%20Deutschland%3A%205%20ganz%20besondere%20Camping-Spots&#038;url=https:\/\/www.tuicamper.com\/magazin\/5-aussergewoehnliche-campingplaetze-in-deutschland\/' data-av_icon='\ue932' data-av_iconfont='entypo-fontello'  title='' data-avia-related-tooltip='Teilen auf X'><span class='avia_hidden_link_text'>Teilen auf X<\/span><\/a><\/li><li class='av-share-link av-social-link-whatsapp avia_social_iconfont' ><a target=\"_blank\" aria-label=\"Teilen auf WhatsApp\" href='https:\/\/api.whatsapp.com\/send?text=https:\/\/www.tuicamper.com\/magazin\/5-aussergewoehnliche-campingplaetze-in-deutschland\/' data-av_icon='\uf232' data-av_iconfont='entypo-fontello'  title='' data-avia-related-tooltip='Teilen auf WhatsApp'><span class='avia_hidden_link_text'>Teilen auf WhatsApp<\/span><\/a><\/li><li class='av-share-link av-social-link-pinterest avia_social_iconfont' ><a target=\"_blank\" aria-label=\"Teilen auf Pinterest\" href='https:\/\/pinterest.com\/pin\/create\/button\/?url=https%3A%2F%2Fwww.tuicamper.com%2Fmagazin%2F5-aussergewoehnliche-campingplaetze-in-deutschland%2F&#038;description=Au%C3%9Fergew%C3%B6hnliche%20Campingpl%C3%A4tze%20in%20Deutschland%3A%205%20ganz%20besondere%20Camping-Spots&#038;media=https%3A%2F%2Fwww.tuicamper.com%2Fwp-docker%2Fwp-content%2Fuploads%2F2026%2F01%2Faussergewoehnliche-campingplaetze-deutschland-header-705x271.jpg' data-av_icon='\ue8f8' data-av_iconfont='entypo-fontello'  title='' data-avia-related-tooltip='Teilen auf Pinterest'><span class='avia_hidden_link_text'>Teilen auf Pinterest<\/span><\/a><\/li><li class='av-share-link av-social-link-mail avia_social_iconfont' ><a  aria-label=\"Per E-Mail teilen\" href='mailto:?subject=Au%C3%9Fergew%C3%B6hnliche%20Campingpl%C3%A4tze%20in%20Deutschland%3A%205%20ganz%20besondere%20Camping-Spots&#038;body=https:\/\/www.tuicamper.com\/magazin\/5-aussergewoehnliche-campingplaetze-in-deutschland\/' data-av_icon='\ue805' data-av_iconfont='entypo-fontello'  title='' data-avia-related-tooltip='Per E-Mail teilen'><span class='avia_hidden_link_text'>Per E-Mail teilen<\/span><\/a><\/li><\/ul><\/div><\/div>\n\n","protected":false},"excerpt":{"rendered":"<p>Kompakte Ma\u00dfe, exzellente Wendigkeit und gem\u00fctliche Schlafm\u00f6glichkeit: Mini-Camper haben viele Vorteile. Lesen Sie, was die kleinen Wohnmobile zu bieten haben!<\/p>\n","protected":false},"author":5,"featured_media":71609,"comment_status":"open","ping_status":"open","sticky":false,"template":"","format":"standard","meta":{"footnotes":""},"categories":[31],"tags":[48,44,42],"class_list":["post-71603","post","type-post","status-publish","format-standard","has-post-thumbnail","hentry","category-camper-know-how","tag-buchungstipps","tag-insider-infos","tag-paare"],"yoast_head":"<!-- This site is optimized with the Yoast SEO plugin v27.4 - https:\/\/yoast.com\/product\/yoast-seo-wordpress\/ -->\n<title>Mini Camper mieten: Vorteile von Minivan, Minibus und Co. - TUI CAMPER<\/title>\n<meta name=\"description\" content=\"Kompakte Ma\u00dfe, exzellente Wendigkeit und gem\u00fctliche Schlafm\u00f6glichkeit: Mini-Camper haben viele Vorteile. Lesen Sie, was die kleinen Wohnmobile zu bieten haben!\" \/>\n<meta name=\"robots\" content=\"index, follow, max-snippet:-1, max-image-preview:large, max-video-preview:-1\" \/>\n<link rel=\"canonical\" href=\"https:\/\/www.tuicamper.com\/magazin\/mini-camper-mieten\/\" \/>\n<meta property=\"og:locale\" content=\"de_DE\" \/>\n<meta property=\"og:type\" content=\"article\" \/>\n<meta property=\"og:title\" content=\"Mini Camper mieten: Vorteile von Minivan, Minibus und Co. - TUI CAMPER\" \/>\n<meta property=\"og:description\" content=\"Kompakte Ma\u00dfe, exzellente Wendigkeit und gem\u00fctliche Schlafm\u00f6glichkeit: Mini-Camper haben viele Vorteile. Lesen Sie, was die kleinen Wohnmobile zu bieten haben!\" \/>\n<meta property=\"og:url\" content=\"https:\/\/www.tuicamper.com\/magazin\/mini-camper-mieten\/\" \/>\n<meta property=\"og:site_name\" content=\"TUI Camper Magazin\" \/>\n<meta property=\"article:published_time\" content=\"2024-02-16T14:03:08+00:00\" \/>\n<meta property=\"og:image\" content=\"https:\/\/www.tuicamper.com\/wp-docker\/wp-content\/uploads\/2024\/02\/mini-camper-mieten.jpg\" \/>\n\t<meta property=\"og:image:width\" content=\"1280\" \/>\n\t<meta property=\"og:image:height\" content=\"492\" \/>\n\t<meta property=\"og:image:type\" content=\"image\/jpeg\" \/>\n<meta name=\"author\" content=\"Olli\" \/>\n<meta name=\"twitter:card\" content=\"summary_large_image\" \/>\n<meta name=\"twitter:label1\" content=\"Verfasst von\" \/>\n\t<meta name=\"twitter:data1\" content=\"Olli\" \/>\n\t<meta name=\"twitter:label2\" content=\"Gesch\u00e4tzte Lesezeit\" \/>\n\t<meta name=\"twitter:data2\" content=\"6\u00a0Minuten\" \/>\n<!-- \/ Yoast SEO plugin. -->","yoast_head_json":{"title":"Mini Camper mieten: Vorteile von Minivan, Minibus und Co. - TUI CAMPER","description":"Kompakte Ma\u00dfe, exzellente Wendigkeit und gem\u00fctliche Schlafm\u00f6glichkeit: Mini-Camper haben viele Vorteile. Lesen Sie, was die kleinen Wohnmobile zu bieten haben!","robots":{"index":"index","follow":"follow","max-snippet":"max-snippet:-1","max-image-preview":"max-image-preview:large","max-video-preview":"max-video-preview:-1"},"canonical":"https:\/\/www.tuicamper.com\/magazin\/mini-camper-mieten\/","og_locale":"de_DE","og_type":"article","og_title":"Mini Camper mieten: Vorteile von Minivan, Minibus und Co. - TUI CAMPER","og_description":"Kompakte Ma\u00dfe, exzellente Wendigkeit und gem\u00fctliche Schlafm\u00f6glichkeit: Mini-Camper haben viele Vorteile. Lesen Sie, was die kleinen Wohnmobile zu bieten haben!","og_url":"https:\/\/www.tuicamper.com\/magazin\/mini-camper-mieten\/","og_site_name":"TUI Camper Magazin","article_published_time":"2024-02-16T14:03:08+00:00","og_image":[{"width":1280,"height":492,"url":"https:\/\/www.tuicamper.com\/wp-docker\/wp-content\/uploads\/2024\/02\/mini-camper-mieten.jpg","type":"image\/jpeg"}],"author":"Olli","twitter_card":"summary_large_image","twitter_misc":{"Verfasst von":"Olli","Gesch\u00e4tzte Lesezeit":"6\u00a0Minuten"},"schema":{"@context":"https:\/\/schema.org","@graph":[{"@type":"Article","@id":"https:\/\/www.tuicamper.com\/magazin\/mini-camper-mieten\/#article","isPartOf":{"@id":"https:\/\/www.tuicamper.com\/magazin\/mini-camper-mieten\/"},"author":{"name":"Olli","@id":"https:\/\/www.tuicamper.com\/wp-docker\/#\/schema\/person\/98975e733813f701672fd75ef9df8b69"},"headline":"Mini Camper mieten \u2013 Die Vorteile von Minivan, Minibus und Co.","datePublished":"2024-02-16T14:03:08+00:00","mainEntityOfPage":{"@id":"https:\/\/www.tuicamper.com\/magazin\/mini-camper-mieten\/"},"wordCount":4182,"commentCount":0,"image":{"@id":"https:\/\/www.tuicamper.com\/magazin\/mini-camper-mieten\/#primaryimage"},"thumbnailUrl":"https:\/\/www.tuicamper.com\/wp-docker\/wp-content\/uploads\/2024\/02\/mini-camper-mieten.jpg","keywords":["Buchungstipps","Insider-Infos","Paare"],"articleSection":["Camper Know-how"],"inLanguage":"de","potentialAction":[{"@type":"CommentAction","name":"Comment","target":["https:\/\/www.tuicamper.com\/magazin\/mini-camper-mieten\/#respond"]}]},{"@type":"WebPage","@id":"https:\/\/www.tuicamper.com\/magazin\/mini-camper-mieten\/","url":"https:\/\/www.tuicamper.com\/magazin\/mini-camper-mieten\/","name":"Mini Camper mieten: Vorteile von Minivan, Minibus und Co. - TUI CAMPER","isPartOf":{"@id":"https:\/\/www.tuicamper.com\/#website"},"primaryImageOfPage":{"@id":"https:\/\/www.tuicamper.com\/magazin\/mini-camper-mieten\/#primaryimage"},"image":{"@id":"https:\/\/www.tuicamper.com\/magazin\/mini-camper-mieten\/#primaryimage"},"thumbnailUrl":"https:\/\/www.tuicamper.com\/wp-content\/uploads\/2024\/02\/mini-camper-mieten.jpg","datePublished":"2024-02-16T14:03:08+00:00","author":{"@id":"https:\/\/www.tuicamper.com\/#\/schema\/person\/98975e733813f701672fd75ef9df8b69"},"description":"Kompakte Ma\u00dfe, exzellente Wendigkeit und gem\u00fctliche Schlafm\u00f6glichkeit: Mini-Camper haben viele Vorteile. Lesen Sie, was die kleinen Wohnmobile zu bieten haben!","breadcrumb":{"@id":"https:\/\/www.tuicamper.com\/magazin\/mini-camper-mieten\/#breadcrumb"},"inLanguage":"de","potentialAction":["Array"]},{"@type":"ImageObject","inLanguage":"de","@id":"https:\/\/www.tuicamper.com\/magazin\/mini-camper-mieten\/#primaryimage","url":"https:\/\/www.tuicamper.com\/wp-docker\/wp-content\/uploads\/2024\/02\/mini-camper-mieten.jpg","contentUrl":"https:\/\/www.tuicamper.com\/wp-docker\/wp-content\/uploads\/2024\/02\/mini-camper-mieten.jpg","width":1280,"height":492,"caption":"Mini Camper mieten"},{"@type":"BreadcrumbList","@id":"https:\/\/www.tuicamper.com\/magazin\/mini-camper-mieten\/#breadcrumb","itemListElement":[{"@type":"ListItem","position":1,"name":"Startseite","item":"https:\/\/www.tuicamper.com\/wp-docker\/"},{"@type":"ListItem","position":2,"name":"Mini Camper mieten \u2013 Die Vorteile von Minivan, Minibus und Co."}]},{"@type":"WebSite","@id":"https:\/\/www.tuicamper.com\/#website","url":"https:\/\/www.tuicamper.com\/","name":"TUI Camper Magazin","description":"","potentialAction":["Array"],"inLanguage":"de"},{"@type":"Person","@id":"https:\/\/www.tuicamper.com\/wp-docker\/#\/schema\/person\/98975e733813f701672fd75ef9df8b69","name":"Olli","image":{"@type":"ImageObject","inLanguage":"de","@id":"https:\/\/secure.gravatar.com\/avatar\/4529b17b9a4dec34d38f705f89e1db8c906d30537b64d795d775d528c07951ff?s=96&d=mm&r=g","url":"https:\/\/secure.gravatar.com\/avatar\/4529b17b9a4dec34d38f705f89e1db8c906d30537b64d795d775d528c07951ff?s=96&d=mm&r=g","contentUrl":"https:\/\/secure.gravatar.com\/avatar\/4529b17b9a4dec34d38f705f89e1db8c906d30537b64d795d775d528c07951ff?s=96&d=mm&r=g","caption":"Olli"},"url":"https:\/\/www.tuicamper.com\/wp-docker\/magazin\/author\/olli\/"}]}},"_links":{"self":[{"href":"https:\/\/www.tuicamper.com\/wp-docker\/wp-json\/wp\/v2\/posts\/71603","targetHints":{"allow":["GET"]}}],"collection":[{"href":"https:\/\/www.tuicamper.com\/wp-docker\/wp-json\/wp\/v2\/posts"}],"about":[{"href":"https:\/\/www.tuicamper.com\/wp-docker\/wp-json\/wp\/v2\/types\/post"}],"author":[{"embeddable":true,"href":"https:\/\/www.tuicamper.com\/wp-docker\/wp-json\/wp\/v2\/users\/5"}],"replies":[{"embeddable":true,"href":"https:\/\/www.tuicamper.com\/wp-docker\/wp-json\/wp\/v2\/comments?post=71603"}],"version-history":[{"count":10,"href":"https:\/\/www.tuicamper.com\/wp-docker\/wp-json\/wp\/v2\/posts\/71603\/revisions"}],"predecessor-version":[{"id":72155,"href":"https:\/\/www.tuicamper.com\/wp-docker\/wp-json\/wp\/v2\/posts\/71603\/revisions\/72155"}],"wp:featuredmedia":[{"embeddable":true,"href":"https:\/\/www.tuicamper.com\/wp-docker\/wp-json\/wp\/v2\/media\/71609"}],"wp:attachment":[{"href":"https:\/\/www.tuicamper.com\/wp-docker\/wp-json\/wp\/v2\/media?parent=71603"}],"wp:term":[{"taxonomy":"category","embeddable":true,"href":"https:\/\/www.tuicamper.com\/wp-docker\/wp-json\/wp\/v2\/categories?post=71603"},{"taxonomy":"post_tag","embeddable":true,"href":"https:\/\/www.tuicamper.com\/wp-docker\/wp-json\/wp\/v2\/tags?post=71603"}],"curies":[{"name":"wp","href":"https:\/\/api.w.org\/{rel}","templated":true}]}}