{"id":71059,"date":"2024-02-08T16:32:00","date_gmt":"2024-02-08T15:32:00","guid":{"rendered":"https:\/\/www.tuicamper.com\/?p=71059"},"modified":"2024-02-28T09:27:20","modified_gmt":"2024-02-28T08:27:20","slug":"wohnmobil-touren-fuer-anfaenger","status":"publish","type":"post","link":"https:\/\/www.tuicamper.com\/magazin\/wohnmobil-touren-fuer-anfaenger\/","title":{"rendered":"Wohnmobil-Touren f\u00fcr Anf\u00e4nger \u2013 Planung, Tipps und Routen"},"content":{"rendered":"<div id='av_section_1'  class='avia-section av-yvw1jwz-cea4a4e5475d552ca937396ed3241d94 main_color avia-section-default avia-no-border-styling  avia-builder-el-0  el_before_av_textblock  avia-builder-el-first  reduced-content avia-bg-style-scroll container_wrap sidebar_right'  ><div class='container av-section-cont-open' ><main  role=\"main\" itemprop=\"mainContentOfPage\"  class='template-page content  av-content-small alpha units'><div class='post-entry post-entry-type-page post-entry-71059'><div class='entry-content-wrapper clearfix'>\n\n<style type=\"text\/css\" data-created_by=\"avia_inline_auto\" id=\"style-css-av-y3l00wj-15214e359e0a65164419287b2f3eb894\">\n.flex_column.av-y3l00wj-15214e359e0a65164419287b2f3eb894{\nborder-radius:0px 0px 0px 0px;\npadding:0px 0px 0px 0px;\n}\n<\/style>\n<div  class='flex_column av-y3l00wj-15214e359e0a65164419287b2f3eb894 av_one_full  avia-builder-el-1  avia-builder-el-no-sibling  first flex_column_div av-zero-column-padding  '     ><section  class='av_textblock_section av-xuekg5v-2dd1543843cef18fa9250b212603410e '   itemscope=\"itemscope\" itemtype=\"https:\/\/schema.org\/BlogPosting\" itemprop=\"blogPost\" ><div class='avia_textblock'  itemprop=\"text\" ><p>Vollste Flexibilit\u00e4t genie\u00dfen, nach Lust und Laune dem Ruf der Stra\u00dfe folgen und den Urlaub ganz nach den eigenen W\u00fcnschen planen: Genau das bietet ein Roadtrip mit dem Wohnmobil. Bevor die Monatstour durch Australien oder Amerika geplant wird, empfiehlt es sich allerdings gerade f\u00fcr Anf\u00e4nger, zun\u00e4chst eine \u00fcberschaubare Wohnmobil-Tour zu unternehmen. Und sei es nur, um ein Gef\u00fchl f\u00fcr den Urlaub im Camper zu bekommen \u2013 und l\u00e4ngere Trips geschickter planen zu k\u00f6nnen. Wir stellen Ihnen die sch\u00f6nsten Wohnmobil-Touren f\u00fcr Anf\u00e4nger in Deutschland und Europa vor!<\/p>\n<\/div><\/section><\/div>\n<\/div><\/div><\/main><!-- close content main element --><\/div><\/div><div id='after_section_1'  class='main_color av_default_container_wrap container_wrap sidebar_right'  ><div class='container av-section-cont-open' ><div class='template-page content  av-content-small alpha units'><div class='post-entry post-entry-type-page post-entry-71059'><div class='entry-content-wrapper clearfix'>\n<section  class='av_textblock_section av-xdw9k43-8352fde7d653783afa6820f7c39771db '   itemscope=\"itemscope\" itemtype=\"https:\/\/schema.org\/BlogPosting\" itemprop=\"blogPost\" ><div class='avia_textblock'  itemprop=\"text\" >\n<\/div><\/section>\n<\/div><\/div><\/div><!-- close content main div --><\/div><\/div><div id='av_section_2'  class='avia-section av-wo9djar-3c024d00808ea0987f31b4b08bb25920 main_color avia-section-default avia-no-border-styling  avia-builder-el-4  el_after_av_textblock  el_before_av_section  reduced-content avia-bg-style-scroll container_wrap sidebar_right'  ><div class='container av-section-cont-open' ><div class='template-page content  av-content-small alpha units'><div class='post-entry post-entry-type-page post-entry-71059'><div class='entry-content-wrapper clearfix'>\n<section  class='av_textblock_section av-wf3h903-002399e053732d2a91b5aebab53f045b '   itemscope=\"itemscope\" itemtype=\"https:\/\/schema.org\/BlogPosting\" itemprop=\"blogPost\" ><div class='avia_textblock'  itemprop=\"text\" ><div id=\"js-table-of-contents\">\r\n    <strong>Inhaltsverzeichnis<\/strong>\r\n<\/div>\n<\/div><\/section>\n\n<\/div><\/div><\/div><!-- close content main div --><\/div><\/div><div id='av_section_3'  class='avia-section av-w3eysfn-b153f2d42ce3aef72d9b82ac6836727a main_color avia-section-default avia-no-border-styling  avia-builder-el-6  el_after_av_section  el_before_av_section  reduced-content avia-bg-style-scroll container_wrap sidebar_right'  ><div class='container av-section-cont-open' ><div class='template-page content  av-content-small alpha units'><div class='post-entry post-entry-type-page post-entry-71059'><div class='entry-content-wrapper clearfix'>\n\n<style type=\"text\/css\" data-created_by=\"avia_inline_auto\" id=\"style-css-av-vnwg1ub-0ca8a853cc58723ca8219d666c8c0bf1\">\n.flex_column.av-vnwg1ub-0ca8a853cc58723ca8219d666c8c0bf1{\nborder-radius:0px 0px 0px 0px;\npadding:0px 0px 0px 0px;\n}\n<\/style>\n<div  class='flex_column av-vnwg1ub-0ca8a853cc58723ca8219d666c8c0bf1 av_one_full  avia-builder-el-7  avia-builder-el-no-sibling  first flex_column_div av-zero-column-padding  '     ><section  class='av_textblock_section av-uuhihar-9f9dbfeba2faad54be03d1e36e92cb4a '   itemscope=\"itemscope\" itemtype=\"https:\/\/schema.org\/BlogPosting\" itemprop=\"blogPost\" ><div class='avia_textblock'  itemprop=\"text\" ><h2>Die Routenplanung \u2013 Weniger ist mehr<\/h2>\n<p>Sp\u00e4testens, wenn es an die konkrete <a href=\"https:\/\/www.tuicamper.com\/magazin\/streckenplanung\/\">Streckenplanung<\/a> geht, erreicht die Vorfreude auf den anstehenden Wohnmobil-Urlaub ihren ersten H\u00f6hepunkt. Bei der Planung st\u00f6\u00dft man dabei immer wieder auf einen idyllischen Campingplatz. Auf ein einzigartiges Naturhighlight, f\u00fcr das sich einfach jeder Umweg lohnt. Oder auf eine weitere Sehensw\u00fcrdigkeit, die unbedingt angesteuert werden muss. In der Folge wird die Route unversehens immer dichter. Wenn eine Sehensw\u00fcrdigkeit die n\u00e4chste jagt, bedeutet das allerdings schlicht: Stress. F\u00fcr einen entspannten Wohnmobil-Urlaub und intensive Erlebnisse gilt bei der Routenplanung daher die goldene Regel \u201eWeniger ist mehr\u201c.<\/p>\n<p>Tipp: Mit der passenden <a href=\"https:\/\/www.tuicamper.com\/magazin\/camper-apps-fuer-den-wohnmobil-urlaub\/\">Camper-App<\/a> geht auch die Routenplanung viel leichter von der Hand.<\/p>\n<\/div><\/section><\/div>\n\n<\/div><\/div><\/div><!-- close content main div --><\/div><\/div><div id='av_section_4'  class='avia-section av-urdgp8z-4fdf30d3fcc08b8e6b88be0a0147dfb3 main_color avia-section-default avia-no-border-styling  avia-builder-el-9  el_after_av_section  el_before_av_section  reduced-content avia-bg-style-scroll container_wrap sidebar_right'  ><div class='container av-section-cont-open' ><div class='template-page content  av-content-small alpha units'><div class='post-entry post-entry-type-page post-entry-71059'><div class='entry-content-wrapper clearfix'>\n\n<style type=\"text\/css\" data-created_by=\"avia_inline_auto\" id=\"style-css-av-u63oyz7-d93c862f446ac2d293aaf0220b163676\">\n.avia-image-container.av-u63oyz7-d93c862f446ac2d293aaf0220b163676 img.avia_image{\nbox-shadow:none;\n}\n.avia-image-container.av-u63oyz7-d93c862f446ac2d293aaf0220b163676 .av-caption-image-overlay-bg{\nopacity:0.4;\nbackground-color:#000000;\n}\n.avia-image-container.av-u63oyz7-d93c862f446ac2d293aaf0220b163676 .av-image-caption-overlay-center{\ncolor:#ffffff;\n}\n<\/style>\n<div  class='avia-image-container av-u63oyz7-d93c862f446ac2d293aaf0220b163676 av-styling- av-img-linked avia_animated_image av-animated-when-visible-95 fade-in avia-align-center  avia-builder-el-10  el_before_av_hr  avia-builder-el-first  noHover av-overlay-on-hover'   itemprop=\"image\" itemscope=\"itemscope\" itemtype=\"https:\/\/schema.org\/ImageObject\" ><div class=\"avia-image-container-inner\"><div class=\"avia-image-overlay-wrap\"><a href=\"https:\/\/www.tuicamper.com\/wp-docker\/wp-content\/uploads\/2024\/02\/wohnmobil-touren-fuer-anfaenger-planung-1030x507.jpg\" data-srcset=\"https:\/\/www.tuicamper.com\/wp-docker\/wp-content\/uploads\/2024\/02\/wohnmobil-touren-fuer-anfaenger-planung-1030x507.jpg 1030w, https:\/\/www.tuicamper.com\/wp-docker\/wp-content\/uploads\/2024\/02\/wohnmobil-touren-fuer-anfaenger-planung-300x148.jpg 300w, https:\/\/www.tuicamper.com\/wp-docker\/wp-content\/uploads\/2024\/02\/wohnmobil-touren-fuer-anfaenger-planung-768x378.jpg 768w, https:\/\/www.tuicamper.com\/wp-docker\/wp-content\/uploads\/2024\/02\/wohnmobil-touren-fuer-anfaenger-planung-705x347.jpg 705w, https:\/\/www.tuicamper.com\/wp-docker\/wp-content\/uploads\/2024\/02\/wohnmobil-touren-fuer-anfaenger-planung.jpg 1280w\" data-sizes=\"(max-width: 1030px) 100vw, 1030px\" class='avia_image '  aria-label='wohnmobil-touren-fuer-anfaenger-planung'><div class=\"av-image-caption-overlay\"><div class=\"av-caption-image-overlay-bg\"><\/div><div class=\"av-image-caption-overlay-position\"><div class=\"av-image-caption-overlay-center\"><p>Landkarte bei der Tourenplanung<\/p>\n<\/div><\/div><\/div><img decoding=\"async\" fetchpriority=\"high\" class='wp-image-71065 avia-img-lazy-loading-not-71065 avia_image ' src=\"https:\/\/www.tuicamper.com\/wp-docker\/wp-content\/uploads\/2024\/02\/wohnmobil-touren-fuer-anfaenger-planung-845x630.jpg\" alt='Routenplanung' title='wohnmobil-touren-fuer-anfaenger-planung'  height=\"630\" width=\"845\"  itemprop=\"thumbnailUrl\"  \/><\/a><\/div><\/div><\/div>\n\n<style type=\"text\/css\" data-created_by=\"avia_inline_auto\" id=\"style-css-av-tpmrdmb-eef77c41193111958d33262fb262c02f\">\n#top .hr.hr-invisible.av-tpmrdmb-eef77c41193111958d33262fb262c02f{\nheight:25px;\n}\n<\/style>\n<div  class='hr av-tpmrdmb-eef77c41193111958d33262fb262c02f hr-invisible  avia-builder-el-11  el_after_av_image  avia-builder-el-last '><span class='hr-inner '><span class=\"hr-inner-style\"><\/span><\/span><\/div>\n\n<\/div><\/div><\/div><!-- close content main div --><\/div><\/div><div id='av_section_5'  class='avia-section av-t97jxwz-e35e4b5705b85b2131ddf2078e8d714d main_color avia-section-default avia-no-border-styling  avia-builder-el-12  el_after_av_section  el_before_av_section  reduced-content avia-bg-style-scroll container_wrap sidebar_right'  ><div class='container av-section-cont-open' ><div class='template-page content  av-content-small alpha units'><div class='post-entry post-entry-type-page post-entry-71059'><div class='entry-content-wrapper clearfix'>\n\n<style type=\"text\/css\" data-created_by=\"avia_inline_auto\" id=\"style-css-av-2us441f-f36261e2a400f2b3df4262656fb0f75e\">\n.flex_column.av-2us441f-f36261e2a400f2b3df4262656fb0f75e{\nborder-radius:0px 0px 0px 0px;\npadding:0px 0px 0px 0px;\n}\n<\/style>\n<div  class='flex_column av-2us441f-f36261e2a400f2b3df4262656fb0f75e av_one_full  avia-builder-el-13  avia-builder-el-no-sibling  first flex_column_div av-zero-column-padding  '     ><section  class='av_textblock_section av-2u3ac43-761e67b6962e1e6df13436005d5c1e2f '   itemscope=\"itemscope\" itemtype=\"https:\/\/schema.org\/BlogPosting\" itemprop=\"blogPost\" ><div class='avia_textblock'  itemprop=\"text\" ><h2>3 empfehlenswerte Wohnmobil-Touren f\u00fcr Anf\u00e4nger in Deutschland<\/h2>\n<p>Kurze Wege, erstklassig ausgestattete Campingpl\u00e4tze, gut zug\u00e4ngliche Sehensw\u00fcrdigkeiten: Deutschland ist das perfekte \u00dcbungsfeld f\u00fcr Wohnmobil-Anf\u00e4nger. Viele Routen sind keine 1.000 Kilometer lang und k\u00f6nnen gelassen in 10 bis 14 Tagen befahren werden. Wir stellen Ihnen drei der sch\u00f6nsten Touren vor.<\/p>\n<\/div><\/section><\/div>\n\n<\/div><\/div><\/div><!-- close content main div --><\/div><\/div><div id='av_section_6'  class='avia-section av-qg1rotv-37d1514b36038f3644cd43a29bbc04db main_color avia-section-default avia-no-border-styling  avia-builder-el-15  el_after_av_section  el_before_av_section  reduced-content avia-bg-style-scroll container_wrap sidebar_right'  ><div class='container av-section-cont-open' ><div class='template-page content  av-content-small alpha units'><div class='post-entry post-entry-type-page post-entry-71059'><div class='entry-content-wrapper clearfix'>\n\n<style type=\"text\/css\" data-created_by=\"avia_inline_auto\" id=\"style-css-av-ptk00yb-6bd00c8fcf1b3e887f032190dc737117\">\n.flex_column.av-ptk00yb-6bd00c8fcf1b3e887f032190dc737117{\nborder-radius:0px 0px 0px 0px;\npadding:0px 0px 0px 0px;\n}\n<\/style>\n<div  class='flex_column av-ptk00yb-6bd00c8fcf1b3e887f032190dc737117 av_one_full  avia-builder-el-16  avia-builder-el-no-sibling  first flex_column_div av-zero-column-padding  '     ><section  class='av_textblock_section av-pig7g8j-841dc07875dbb0d6e7bde862313182aa '   itemscope=\"itemscope\" itemtype=\"https:\/\/schema.org\/BlogPosting\" itemprop=\"blogPost\" ><div class='avia_textblock'  itemprop=\"text\" ><h3>1.) Anf\u00e4ngertour entlang der Ostsee<\/h3>\n<p>Eine <a href=\"https:\/\/www.tuicamper.com\/routen\/deutschland-routen\/ostsee-rundreise\/\">Ostsee-Rundreise<\/a> geh\u00f6rt zu den klassischen Wohnmobil-Touren f\u00fcr Anf\u00e4nger. Es gibt viel zu sehen, die Stra\u00dfen sind hervorragend, die Etappen kurz und der n\u00e4chste Campingplatz ist nie weit entfernt. Spontane Abweichungen von der Routenplanung sind damit jederzeit problemlos m\u00f6glich.<\/p>\n<p><strong>Hamburg\/Kayhude \u2013 Timmendorfer Strand \u2013 L\u00fcbeck \u2013 Timmendorfer Strand \u2013 Wismar \u2013 Rostock \u2013 Stralsund \u2013 Greifswald \u2013 Usedom \u2013 Anklam \u2013 Greifswald \u2013 Waren \u2013 Schwerin \u2013 L\u00fcneburg \u2013 Hamburg\/Kayhude<\/strong><\/p>\n<ul>\n<li>Dauer: 11 Tage<\/li>\n<li>Etappen: 10<\/li>\n<li>Strecke: ca. 900 km<\/li>\n<\/ul>\n<p>Immer wieder umweht Sie auf Ihrer Tour der salzige Duft des Meeres. An feinen Sandstr\u00e4nden genie\u00dfen Sie Sonne und Ostseeflair in vollen Z\u00fcgen \u2013 und st\u00fcrzen sich im Anschluss in spannende Stadterkundungen. Highlights sind etwa die bunte Metropole Hamburg sowie die vielseitigen Hansest\u00e4dte Wismar und Rostock. Aber auch intime Naturerlebnisse sind Teil Ihrer Tour \u2013 etwa an der idyllischen <a href=\"https:\/\/www.tuicamper.com\/magazin\/mecklenburgische-seenplatte\/\">Mecklenburgischen Seenplatte<\/a>.<\/p>\n<\/div><\/section><\/div>\n\n<\/div><\/div><\/div><!-- close content main div --><\/div><\/div><div id='av_section_7'  class='avia-section av-4aw2u1f-6458158924dcc14be13edcc9f8a7f3f0 main_color avia-section-default avia-no-border-styling  avia-builder-el-18  el_after_av_section  el_before_av_section  reduced-content avia-bg-style-scroll container_wrap sidebar_right'  ><div class='container av-section-cont-open' ><div class='template-page content  av-content-small alpha units'><div class='post-entry post-entry-type-page post-entry-71059'><div class='entry-content-wrapper clearfix'>\n\n<style type=\"text\/css\" data-created_by=\"avia_inline_auto\" id=\"style-css-av-e1ijf7-56a9c36b64e75a7793d72adb6d3a3840\">\n.avia-image-container.av-e1ijf7-56a9c36b64e75a7793d72adb6d3a3840 img.avia_image{\nbox-shadow:none;\n}\n.avia-image-container.av-e1ijf7-56a9c36b64e75a7793d72adb6d3a3840 .av-caption-image-overlay-bg{\nopacity:0.4;\nbackground-color:#000000;\n}\n.avia-image-container.av-e1ijf7-56a9c36b64e75a7793d72adb6d3a3840 .av-image-caption-overlay-center{\ncolor:#ffffff;\n}\n<\/style>\n<div  class='avia-image-container av-e1ijf7-56a9c36b64e75a7793d72adb6d3a3840 av-styling- av-img-linked avia_animated_image av-animated-when-visible-95 fade-in avia-align-center  avia-builder-el-19  el_before_av_hr  avia-builder-el-first  noHover av-overlay-on-hover'   itemprop=\"image\" itemscope=\"itemscope\" itemtype=\"https:\/\/schema.org\/ImageObject\" ><div class=\"avia-image-container-inner\"><div class=\"avia-image-overlay-wrap\"><a href=\"https:\/\/www.tuicamper.com\/wp-docker\/wp-content\/uploads\/2024\/02\/strand-von-ahlbeck-usedom-1030x507.jpg\" data-srcset=\"https:\/\/www.tuicamper.com\/wp-docker\/wp-content\/uploads\/2024\/02\/strand-von-ahlbeck-usedom-1030x507.jpg 1030w, https:\/\/www.tuicamper.com\/wp-docker\/wp-content\/uploads\/2024\/02\/strand-von-ahlbeck-usedom-300x148.jpg 300w, https:\/\/www.tuicamper.com\/wp-docker\/wp-content\/uploads\/2024\/02\/strand-von-ahlbeck-usedom-768x378.jpg 768w, https:\/\/www.tuicamper.com\/wp-docker\/wp-content\/uploads\/2024\/02\/strand-von-ahlbeck-usedom-705x347.jpg 705w, https:\/\/www.tuicamper.com\/wp-docker\/wp-content\/uploads\/2024\/02\/strand-von-ahlbeck-usedom.jpg 1280w\" data-sizes=\"(max-width: 1030px) 100vw, 1030px\" class='avia_image '  aria-label='strand-von-ahlbeck-usedom'><div class=\"av-image-caption-overlay\"><div class=\"av-caption-image-overlay-bg\"><\/div><div class=\"av-image-caption-overlay-position\"><div class=\"av-image-caption-overlay-center\"><p>Strand von Ahlbeck mit Seebr\u00fccke<\/p>\n<\/div><\/div><\/div><img decoding=\"async\" fetchpriority=\"high\" class='wp-image-71071 avia-img-lazy-loading-not-71071 avia_image ' src=\"https:\/\/www.tuicamper.com\/wp-docker\/wp-content\/uploads\/2024\/02\/strand-von-ahlbeck-usedom-845x630.jpg\" alt='Strand von Ahlbeck mit Seebr\u00fccke' title='strand-von-ahlbeck-usedom'  height=\"630\" width=\"845\"  itemprop=\"thumbnailUrl\"  \/><\/a><\/div><\/div><\/div>\n\n<style type=\"text\/css\" data-created_by=\"avia_inline_auto\" id=\"style-css-av-3ieq40j-e9c227f6dbe39f63580d606e70c45ef3\">\n#top .hr.hr-invisible.av-3ieq40j-e9c227f6dbe39f63580d606e70c45ef3{\nheight:25px;\n}\n<\/style>\n<div  class='hr av-3ieq40j-e9c227f6dbe39f63580d606e70c45ef3 hr-invisible  avia-builder-el-20  el_after_av_image  avia-builder-el-last '><span class='hr-inner '><span class=\"hr-inner-style\"><\/span><\/span><\/div>\n\n<\/div><\/div><\/div><!-- close content main div --><\/div><\/div><div id='av_section_8'  class='avia-section av-24c8a2b-01ef4835a5a4ae0237a164a700921166 main_color avia-section-default avia-no-border-styling  avia-builder-el-21  el_after_av_section  el_before_av_section  reduced-content avia-bg-style-scroll container_wrap sidebar_right'  ><div class='container av-section-cont-open' ><div class='template-page content  av-content-small alpha units'><div class='post-entry post-entry-type-page post-entry-71059'><div class='entry-content-wrapper clearfix'>\n\n<style type=\"text\/css\" data-created_by=\"avia_inline_auto\" id=\"style-css-av-1jt0hdf-b1e31b14930fb8e499539c3d5b4bd1ab\">\n.flex_column.av-1jt0hdf-b1e31b14930fb8e499539c3d5b4bd1ab{\nborder-radius:0px 0px 0px 0px;\npadding:0px 0px 0px 0px;\n}\n<\/style>\n<div  class='flex_column av-1jt0hdf-b1e31b14930fb8e499539c3d5b4bd1ab av_one_full  avia-builder-el-22  avia-builder-el-no-sibling  first flex_column_div av-zero-column-padding  '     ><section  class='av_textblock_section av-lsdae48a-e0c4ecc6648a17fd9b2ce440b8512afe '   itemscope=\"itemscope\" itemtype=\"https:\/\/schema.org\/BlogPosting\" itemprop=\"blogPost\" ><div class='avia_textblock'  itemprop=\"text\" ><h3>2.) Moseltal und Vogesen \u2013 Naturparadiese und kulturelle H\u00f6hepunkte<\/h3>\n<p>Kurze Etappen, fantastische Campingpl\u00e4tze und ein ausgewogener Mix aus Naturerfahrungen und kulturellen Highlights machen diese <a href=\"https:\/\/www.tuicamper.com\/routen\/deutschland-routen\/frankfurt-rundreise\/\">Frankfurt-Rundreise<\/a> zur perfekten Camper-Tour f\u00fcr Anf\u00e4nger.<\/p>\n<p><strong>Frankfurt \u2013 Lautertal (Odenwald) \u2013 Heidelberg \u2013 Biosph\u00e4renreservat Pf\u00e4lzerwald-Vosges du Nord \u2013 Trier \u2013 Traben-Trabach \u2013 Moselkern \u2013 Wiesbaden \u2013 Frankfurt<\/strong><\/p>\n<ul>\n<li>Dauer: 11 Tage<\/li>\n<li>Etappen: 8<\/li>\n<li>Strecke: ca. 700 km<\/li>\n<\/ul>\n<p>Von Frankfurt aus f\u00fchrt Sie diese Route durch echte Naturparadiese wie das idyllische Moseltal oder die \u2013 landschaftlich wundersch\u00f6nen \u2013 n\u00f6rdlichen Vogesen. Aber auch St\u00e4dte-Perlen wie Heidelberg, Trier oder Traben-Trarbach sind Teil der Tour.<\/p>\n<\/div><\/section><\/div>\n\n<\/div><\/div><\/div><!-- close content main div --><\/div><\/div><div id='av_section_9'  class='avia-section av-2ygtms3-92d421b994b8c9b7930e75cb455e02ba main_color avia-section-default avia-no-border-styling  avia-builder-el-24  el_after_av_section  el_before_av_section  reduced-content avia-bg-style-scroll container_wrap sidebar_right'  ><div class='container av-section-cont-open' ><div class='template-page content  av-content-small alpha units'><div class='post-entry post-entry-type-page post-entry-71059'><div class='entry-content-wrapper clearfix'>\n\n<style type=\"text\/css\" data-created_by=\"avia_inline_auto\" id=\"style-css-av-9kn7rn-e082dd841e474e2ca45a311b9610cf01\">\n.avia-image-container.av-9kn7rn-e082dd841e474e2ca45a311b9610cf01 img.avia_image{\nbox-shadow:none;\n}\n.avia-image-container.av-9kn7rn-e082dd841e474e2ca45a311b9610cf01 .av-caption-image-overlay-bg{\nopacity:0.4;\nbackground-color:#000000;\n}\n.avia-image-container.av-9kn7rn-e082dd841e474e2ca45a311b9610cf01 .av-image-caption-overlay-center{\ncolor:#ffffff;\n}\n<\/style>\n<div  class='avia-image-container av-9kn7rn-e082dd841e474e2ca45a311b9610cf01 av-styling- av-img-linked avia_animated_image av-animated-when-visible-95 fade-in avia-align-center  avia-builder-el-25  el_before_av_hr  avia-builder-el-first  noHover av-overlay-on-hover'   itemprop=\"image\" itemscope=\"itemscope\" itemtype=\"https:\/\/schema.org\/ImageObject\" ><div class=\"avia-image-container-inner\"><div class=\"avia-image-overlay-wrap\"><a href=\"https:\/\/www.tuicamper.com\/wp-docker\/wp-content\/uploads\/2024\/02\/traben-trarbach-1030x507.jpg\" data-srcset=\"https:\/\/www.tuicamper.com\/wp-docker\/wp-content\/uploads\/2024\/02\/traben-trarbach-1030x507.jpg 1030w, https:\/\/www.tuicamper.com\/wp-docker\/wp-content\/uploads\/2024\/02\/traben-trarbach-300x148.jpg 300w, https:\/\/www.tuicamper.com\/wp-docker\/wp-content\/uploads\/2024\/02\/traben-trarbach-768x378.jpg 768w, https:\/\/www.tuicamper.com\/wp-docker\/wp-content\/uploads\/2024\/02\/traben-trarbach-705x347.jpg 705w, https:\/\/www.tuicamper.com\/wp-docker\/wp-content\/uploads\/2024\/02\/traben-trarbach.jpg 1280w\" data-sizes=\"(max-width: 1030px) 100vw, 1030px\" class='avia_image '  aria-label='traben-trarbach'><div class=\"av-image-caption-overlay\"><div class=\"av-caption-image-overlay-bg\"><\/div><div class=\"av-image-caption-overlay-position\"><div class=\"av-image-caption-overlay-center\"><p>Blick auf Traben-Trarbach in Rheinland-Pfalz<\/p>\n<\/div><\/div><\/div><img decoding=\"async\" fetchpriority=\"high\" class='wp-image-71072 avia-img-lazy-loading-not-71072 avia_image ' src=\"https:\/\/www.tuicamper.com\/wp-docker\/wp-content\/uploads\/2024\/02\/traben-trarbach-845x630.jpg\" alt='Blick auf Traben-Trarbach in Rheinland-Pfalz' title='traben-trarbach'  height=\"630\" width=\"845\"  itemprop=\"thumbnailUrl\"  \/><\/a><\/div><\/div><\/div>\n\n<style type=\"text\/css\" data-created_by=\"avia_inline_auto\" id=\"style-css-av-246xis3-4cce7c1f62b87f11d5b12ba9a58ce6fc\">\n#top .hr.hr-invisible.av-246xis3-4cce7c1f62b87f11d5b12ba9a58ce6fc{\nheight:25px;\n}\n<\/style>\n<div  class='hr av-246xis3-4cce7c1f62b87f11d5b12ba9a58ce6fc hr-invisible  avia-builder-el-26  el_after_av_image  avia-builder-el-last '><span class='hr-inner '><span class=\"hr-inner-style\"><\/span><\/span><\/div>\n\n<\/div><\/div><\/div><!-- close content main div --><\/div><\/div><div id='av_section_10'  class='avia-section av-4f2eib-3a137246357a0c6b99993ce3338975eb main_color avia-section-default avia-no-border-styling  avia-builder-el-27  el_after_av_section  el_before_av_section  reduced-content avia-bg-style-scroll container_wrap sidebar_right'  ><div class='container av-section-cont-open' ><div class='template-page content  av-content-small alpha units'><div class='post-entry post-entry-type-page post-entry-71059'><div class='entry-content-wrapper clearfix'>\n\n<style type=\"text\/css\" data-created_by=\"avia_inline_auto\" id=\"style-css-av-t05eer-ed06fac9194b0b563b2ca2e885643791\">\n.flex_column.av-t05eer-ed06fac9194b0b563b2ca2e885643791{\nborder-radius:0px 0px 0px 0px;\npadding:0px 0px 0px 0px;\n}\n<\/style>\n<div  class='flex_column av-t05eer-ed06fac9194b0b563b2ca2e885643791 av_one_full  avia-builder-el-28  avia-builder-el-no-sibling  first flex_column_div av-zero-column-padding  '     ><section  class='av_textblock_section av-lsdaevnw-861446f5fc45d5fb1165556a34936a85 '   itemscope=\"itemscope\" itemtype=\"https:\/\/schema.org\/BlogPosting\" itemprop=\"blogPost\" ><div class='avia_textblock'  itemprop=\"text\" ><h3>3.) Deutsche Alpenstra\u00dfe \u2013 Panoramatour f\u00fcr Anf\u00e4nger<\/h3>\n<p>Kaum eine andere Wohnmobil-Tour f\u00fcr Anf\u00e4nger bietet so viele atemberaubende Panoramen wie die <a href=\"https:\/\/www.tuicamper.com\/routen\/deutschland-routen\/die-deutsche-alpenstrasse\/\">Deutsche Alpenstra\u00dfe<\/a>. Trotz vieler Natur- und Kulturhighlights kann die Route entspannt in 11 Tagen befahren werden.<\/p>\n<p><strong>M\u00fcnchen\/Sulzemoos \u2013 Garmisch-Partenkirchen \u2013 Oberammergau \u2013 F\u00fcssen \u2013 Oberstaufen \u2013 Bregenz \u2013 Lindau \u2013 Ulm \u2013 Augsburg \u2013 Langwieder See \u2013 M\u00fcnchen \u2013 Langwieder See \u2013 M\u00fcnchen\/Sulzemoos<\/strong><\/p>\n<ul>\n<li>Dauer: 11 Tage<\/li>\n<li>Etappen: 8<\/li>\n<li>Strecke: ca. 700 km<\/li>\n<\/ul>\n<p>Ihre Route f\u00fchrt Sie quer durch die wundersch\u00f6nen Bayerischen Alpen. Von M\u00fcnchen aus geht es \u00fcber die grandiose Berglandschaft rund um Garmisch-Partenkirchen bis zum <a href=\"https:\/\/www.tuicamper.com\/magazin\/wohnmobil-bodensee\/\">Bodensee<\/a> \u2013 ein echtes Paradies f\u00fcr Wohnmobil-Reisende.<\/p>\n<\/div><\/section><\/div>\n\n<\/div><\/div><\/div><!-- close content main div --><\/div><\/div><div id='av_section_11'  class='avia-section av-1lsr7rn-69e18d84650e3e4a32f12c00a4051a66 main_color avia-section-default avia-no-border-styling  avia-builder-el-30  el_after_av_section  el_before_av_section  reduced-content avia-bg-style-scroll container_wrap sidebar_right'  ><div class='container av-section-cont-open' ><div class='template-page content  av-content-small alpha units'><div class='post-entry post-entry-type-page post-entry-71059'><div class='entry-content-wrapper clearfix'>\n\n<style type=\"text\/css\" data-created_by=\"avia_inline_auto\" id=\"style-css-av-183dar7-8de6f67d572363197930473430ae9837\">\n.avia-image-container.av-183dar7-8de6f67d572363197930473430ae9837 img.avia_image{\nbox-shadow:none;\n}\n.avia-image-container.av-183dar7-8de6f67d572363197930473430ae9837 .av-caption-image-overlay-bg{\nopacity:0.4;\nbackground-color:#000000;\n}\n.avia-image-container.av-183dar7-8de6f67d572363197930473430ae9837 .av-image-caption-overlay-center{\ncolor:#ffffff;\n}\n<\/style>\n<div  class='avia-image-container av-183dar7-8de6f67d572363197930473430ae9837 av-styling- av-img-linked avia_animated_image av-animated-when-visible-95 fade-in avia-align-center  avia-builder-el-31  el_before_av_hr  avia-builder-el-first  noHover av-overlay-on-hover'   itemprop=\"image\" itemscope=\"itemscope\" itemtype=\"https:\/\/schema.org\/ImageObject\" ><div class=\"avia-image-container-inner\"><div class=\"avia-image-overlay-wrap\"><a href=\"https:\/\/www.tuicamper.com\/wp-docker\/wp-content\/uploads\/2024\/02\/lindau-am-bodensee-1030x507.jpg\" data-srcset=\"https:\/\/www.tuicamper.com\/wp-docker\/wp-content\/uploads\/2024\/02\/lindau-am-bodensee-1030x507.jpg 1030w, https:\/\/www.tuicamper.com\/wp-docker\/wp-content\/uploads\/2024\/02\/lindau-am-bodensee-300x148.jpg 300w, https:\/\/www.tuicamper.com\/wp-docker\/wp-content\/uploads\/2024\/02\/lindau-am-bodensee-768x378.jpg 768w, https:\/\/www.tuicamper.com\/wp-docker\/wp-content\/uploads\/2024\/02\/lindau-am-bodensee-705x347.jpg 705w, https:\/\/www.tuicamper.com\/wp-docker\/wp-content\/uploads\/2024\/02\/lindau-am-bodensee.jpg 1280w\" data-sizes=\"(max-width: 1030px) 100vw, 1030px\" class='avia_image '  aria-label='lindau-am-bodensee'><div class=\"av-image-caption-overlay\"><div class=\"av-caption-image-overlay-bg\"><\/div><div class=\"av-image-caption-overlay-position\"><div class=\"av-image-caption-overlay-center\"><p>Lindau am Bodensee<\/p>\n<\/div><\/div><\/div><img decoding=\"async\" fetchpriority=\"high\" class='wp-image-71075 avia-img-lazy-loading-not-71075 avia_image ' src=\"https:\/\/www.tuicamper.com\/wp-docker\/wp-content\/uploads\/2024\/02\/lindau-am-bodensee-845x630.jpg\" alt='Lindau am Bodensee' title='lindau-am-bodensee'  height=\"630\" width=\"845\"  itemprop=\"thumbnailUrl\"  \/><\/a><\/div><\/div><\/div>\n\n<style type=\"text\/css\" data-created_by=\"avia_inline_auto\" id=\"style-css-av-mv10c3-d29073cf0c1e17b5d85054f1fe70a37d\">\n#top .hr.hr-invisible.av-mv10c3-d29073cf0c1e17b5d85054f1fe70a37d{\nheight:25px;\n}\n<\/style>\n<div  class='hr av-mv10c3-d29073cf0c1e17b5d85054f1fe70a37d hr-invisible  avia-builder-el-32  el_after_av_image  avia-builder-el-last '><span class='hr-inner '><span class=\"hr-inner-style\"><\/span><\/span><\/div>\n\n<\/div><\/div><\/div><!-- close content main div --><\/div><\/div><div id='av_section_12'  class='avia-section av-2cvfy7n-ddbbb2c691584841b62b9ee2663d3b2b main_color avia-section-default avia-no-border-styling  avia-builder-el-33  el_after_av_section  el_before_av_section  reduced-content avia-bg-style-scroll container_wrap sidebar_right'  ><div class='container av-section-cont-open' ><div class='template-page content  av-content-small alpha units'><div class='post-entry post-entry-type-page post-entry-71059'><div class='entry-content-wrapper clearfix'>\n\n<style type=\"text\/css\" data-created_by=\"avia_inline_auto\" id=\"style-css-av-n8ok33n-fee3722d34154ad32bd300295ed5c656\">\n.flex_column.av-n8ok33n-fee3722d34154ad32bd300295ed5c656{\nborder-radius:0px 0px 0px 0px;\npadding:0px 0px 0px 0px;\n}\n<\/style>\n<div  class='flex_column av-n8ok33n-fee3722d34154ad32bd300295ed5c656 av_one_full  avia-builder-el-34  el_before_av_one_full  avia-builder-el-first  first flex_column_div av-zero-column-padding  '     ><section  class='av_textblock_section av-mty509f-63f12fe0f7620363f8612192efcc6650 '   itemscope=\"itemscope\" itemtype=\"https:\/\/schema.org\/BlogPosting\" itemprop=\"blogPost\" ><div class='avia_textblock'  itemprop=\"text\" ><h2>Lohnenswerte Camper-Touren f\u00fcr Einsteiger in Europa<\/h2>\n<p>Nicht nur Deutschland hat Camper-Neulingen viele sch\u00f6ne Strecken zu bieten, die ohne gro\u00dfe Camping-Erfahrung bew\u00e4ltigt werden k\u00f6nnen. Auch unsere europ\u00e4ischen Nachbarn punkten mit h\u00f6hepunktreichen Routen. Die Vorteile: Die Wohnmobilstation ist schnell erreicht, die Camping-Infrastruktur hervorragend und es gibt deutlich weniger kulturelle Unterschiede zu handeln als in Camping-Zielen au\u00dferhalb Europas.<\/p>\n<p>Unsere Routen-Empfehlungen:<\/p>\n<\/div><\/section><br \/>\n<div class='avia-data-table-wrap av-28h4sgj-67bf1f8a4f3f807cae6115d5cb91f35f avia_scrollable_table avia-table-1'><table  class='avia-table avia-data-table avia_pricing_default  avia-builder-el-36  el_after_av_textblock  avia-builder-el-last '  itemscope=\"itemscope\" itemtype=\"https:\/\/schema.org\/Table\" ><tbody><tr class='avia-heading-row'><th class='avia-highlight-col'>Tour<\/th><th class='avia-highlight-col'>Allgemeines<\/th><th class='avia-highlight-col'>Verlauf<\/th><\/tr><tr class=''><td class='avia-highlight-col'><a href=\"\/routen\/italien-routen\/toskana-rundreise\/\">Toskana-Rundreise<\/a><\/td><td class='avia-highlight-col'>Land: Italien<br \/>\nDauer: 12 Tage<br \/>\nL\u00e4nge: ca. 700 km<\/td><td class='avia-highlight-col'>Florenz \u2013 Nationalpark Foreste Casentinesi \u2013 Ravenna \u2013 Rimini \u2013 San Marino \u2013 Val d\u2019Orcia \u2013 San Gimignano \u2013 Pisa \u2013 Lucca \u2013 Florenz<\/td><\/tr><tr class=''><td class='avia-highlight-col'><a href=\"\/routen\/niederlande-routen\/amsterdam-rundreise\/\">Amsterdam-Rundreise<\/a><\/td><td class='avia-highlight-col'>Land: Niederlande<br \/>\nDauer: 13 Tage<br \/>\nL\u00e4nge: ca. 500 km<\/td><td class='avia-highlight-col'>Amsterdam \u2013 Texel \u2013 Enkhuizen \u2013 Utrecht \u2013 Kinderdijk \u2013 Nationalpark De Biesbosch \u2013 Rotterdam \u2013 Schiedam \u2013 Den Haag \u2013 Lisse \u2013 Amsterdam<\/td><\/tr><tr class=''><td class='avia-highlight-col'><a href=\"\/routen\/norwegen-routen\/norwegen-rundreise\/\">Norwegen-Rundreise<\/a><\/td><td class='avia-highlight-col'>Land: Norwegen<br \/>\nDauer: 10 Tage<br \/>\nL\u00e4nge: ca. 1.100 km<\/td><td class='avia-highlight-col'>Oslo \u2013 \u00d8vre Eidfjord\/Hardangervidda \u2013 Bergen \u2013 L\u00e6rdals\u00f8yri \/Sognefjord \u2013 Fl\u00e5m\/ N\u00e6r\u00f8yfjord \u2013 \u00c5ndalsnes\/Trollstigen \u2013 V\u00e5g\u00e5\/Jotunheimen \u2013 Lillehammer \u2013 Oslo<\/td><\/tr><tr class=''><td class='avia-highlight-col'><a href=\"\/routen\/oesterreich-routen\/oesterreich-rundreise\/\">\u00d6sterreich-Rundreise<\/a><\/td><td class='avia-highlight-col'>Land: \u00d6sterreich<br \/>\nDauer: 13 Tage<br \/>\nL\u00e4nge: ca. 1.200 km<\/td><td class='avia-highlight-col'>Wien \u2013 Bratislava \u2013 Nationalpark Neusiedler See-Seewinkel \u2013 Graz \u2013 Villach\/Ossiacher See \u2013 Nationalpark Hohe Tauern \u2013 Zell am See \u2013 Nationalpark Berchtesgaden \u2013 Linz \u2013 Wien<\/td><\/tr><tr class=''><td class='avia-highlight-col'><a href=\"\/routen\/portugal-routen\/algarve-rundreise\/\">Algarve-Rundreise<\/a><\/td><td class='avia-highlight-col'>Land: Portugal<br \/>\nDauer: 10 Tage<br \/>\nL\u00e4nge: ca. 1.000 km<\/td><td class='avia-highlight-col'>Lissabon\/Sintra \u2013 Cascais \u2013 Lissabon \u2013 Vila Nova de Milfontes \u2013 Lagos \u2013 Albufeira \u2013 Faro \u2013 Albufeira \u2013 Serpa \u2013 Costa de Caparica \u2013 Lissabon\/Sintra<\/td><\/tr><tr class=''><td class='avia-highlight-col'><a href=\"\/routen\/schweden-routen\/stockholm-rundreise\/\">Stockholm-Rundreise<\/a><\/td><td class='avia-highlight-col'>Land: Schweden<br \/>\nDauer: 9 Tage<br \/>\nL\u00e4nge: ca. 1.100 km<\/td><td class='avia-highlight-col'>Stockholm \u2013 Mariefred\/Gripsholm \u2013 \u00d6rebro \u2013 Forsvik\/G\u00f6ta-Kanal \u2013 K\u00e5llands\u00f6\/V\u00e4nernsee \u2013 G\u00f6teborg \u2013 Gr\u00e4nna\/V\u00e4tternsee \u2013 S\u00f6derk\u00f6ping\/G\u00f6ta-Kanal \u2013 Oxel\u00f6sund \u2013 Stockholm<\/td><\/tr><\/tbody><\/table><\/div><\/p><\/div>\n<style type=\"text\/css\" data-created_by=\"avia_inline_auto\" id=\"style-css-av-nefqnn-0b4524d2ece6190821810de1b488235d\">\n.flex_column.av-nefqnn-0b4524d2ece6190821810de1b488235d{\nborder-radius:0px 0px 0px 0px;\npadding:0px 0px 0px 0px;\n}\n<\/style>\n<div  class='flex_column av-nefqnn-0b4524d2ece6190821810de1b488235d av_one_full  avia-builder-el-37  el_after_av_one_full  avia-builder-el-last  first flex_column_div av-zero-column-padding  column-top-margin'     ><section  class='av_textblock_section av-lsddkdx2-c96e36e1471ad33ed984d834c430c9c3 '   itemscope=\"itemscope\" itemtype=\"https:\/\/schema.org\/BlogPosting\" itemprop=\"blogPost\" ><div class='avia_textblock'  itemprop=\"text\" ><p>Alle aufgef\u00fchrten Routenempfehlungen finden Sie hier: <a href=\"https:\/\/www.tuicamper.com\/routen\/\">Die sch\u00f6nsten Wohnmobil Routen weltweit<\/a><\/p>\n<\/div><\/section><\/div><\/div><\/div><\/div><!-- close content main div --><\/div><\/div><div id='av_section_13'  class='avia-section av-p2g04z7-0f12c35032f3b64141eeae9231114c04 main_color avia-section-default avia-no-border-styling  avia-builder-el-39  el_after_av_section  el_before_av_section  magazine-slider-section fullwidth_section avia-bg-style-scroll container_wrap sidebar_right'  ><div class='container av-section-cont-open' ><div class='template-page content  av-content-small alpha units'><div class='post-entry post-entry-type-page post-entry-71059'><div class='entry-content-wrapper clearfix'>\n\n<style type=\"text\/css\" data-created_by=\"avia_inline_auto\" id=\"style-css-av-okxst5f-ec61957ed54fa926e08ed65e09d233fc\">\n.flex_column.av-okxst5f-ec61957ed54fa926e08ed65e09d233fc{\nborder-radius:0px 0px 0px 0px;\npadding:0px 0px 0px 0px;\n}\n<\/style>\n<div  class='flex_column av-okxst5f-ec61957ed54fa926e08ed65e09d233fc av_one_full  avia-builder-el-40  avia-builder-el-no-sibling  first flex_column_div av-zero-column-padding  '     ><section  class='av_textblock_section av-o4gictv-e9eb6084d2e1f5bb681adea0d91b42fa '   itemscope=\"itemscope\" itemtype=\"https:\/\/schema.org\/BlogPosting\" itemprop=\"blogPost\" ><div class='avia_textblock'  itemprop=\"text\" ><div class=\"flex_column av_three_fourth flex_column_div av-zero-column-padding first el_before_av_one_fourth avia-builder-el-first headline-section\">\r\n    <section class=\"av_textblock_section \" itemscope=\"itemscope\"\r\n             itemtype=\"https:\/\/schema.org\/CreativeWork\">\r\n                    <div class=\"avia_textblock\" itemprop=\"text\">\r\n                                    Aus dem TUI Camper Magazin:<br>\r\n                                Spannende Artikel \u00fcber Deutschland            <\/div>\r\n            <\/section>\r\n<\/div>\r\n<div class=\"flex_column av_one_fourth flex_column_div av-zero-column-padding el_after_av_three_fourth el_before_av_feature_image_slider avia-builder-el-last logo-section\">\r\n    <div class=\"avia-image-container avia-builder-el-no-sibling avia-align-center\"\r\n         itemprop=\"image\" itemscope=\"itemscope\" itemtype=\"https:\/\/schema.org\/ImageObject\">\r\n        <div class=\"avia-image-container-inner\">\r\n            <div class=\"avia-image-overlay-wrap\">\r\n                <a href=\"\/magazin\/\">\r\n                    <img decoding=\"async\" class=\"wp-image-3099 avia-img-lazy-loading-not-3099 avia_image\"\r\n                         src=\"\/wp-docker\/wp-content\/themes\/tuicamper_enfold\/assets\/img\/logo_350-135.png\"\r\n                         alt=\"TUI Camper Magazin\" height=\"69\" width=\"150\"\r\n                         itemprop=\"thumbnailUrl\">\r\n                <\/a>\r\n            <\/div>\r\n        <\/div>\r\n    <\/div>\r\n<\/div>\r\n<div class=\"flex_column av_one_full flex_column_div av-zero-column-padding first el_before_av_textblock avia-builder-el-first\"\r\n     style=\"border-radius:0px;\">\r\n    <div class=\"carousel\">\r\n                    <div class=\"carousel-cell\">\r\n                <a href=\"https:\/\/www.tuicamper.com\/magazin\/fkk-camping-ostsee\/\">\r\n                    <div class=\"img-container\" style=\"background-image: url('https:\/\/www.tuicamper.com\/wp-docker\/wp-content\/uploads\/2024\/08\/FKK_Campingplaetze_Deutschland.jpg');\"><\/div>\r\n                    <p>FKK-Camping an der Ostsee: Die 5 sch\u00f6nsten Campingpl\u00e4tze <span class=\"dashicons dashicons-arrow-right-alt2\"><\/span><\/p>\r\n                <\/a>\r\n            <\/div>\r\n                    <div class=\"carousel-cell\">\r\n                <a href=\"https:\/\/www.tuicamper.com\/magazin\/camping-serengeti-park-hodenhagen\/\">\r\n                    <div class=\"img-container\" style=\"background-image: url('https:\/\/www.tuicamper.com\/wp-docker\/wp-content\/uploads\/2025\/09\/camping-serengeti-park.jpg');\"><\/div>\r\n                    <p>Camping im Serengeti-Park Hodenhagen: Diese M\u00f6glichkeiten haben Sie <span class=\"dashicons dashicons-arrow-right-alt2\"><\/span><\/p>\r\n                <\/a>\r\n            <\/div>\r\n                    <div class=\"carousel-cell\">\r\n                <a href=\"https:\/\/www.tuicamper.com\/magazin\/wohnmobil-touren-fuer-anfaenger\/\">\r\n                    <div class=\"img-container\" style=\"background-image: url('https:\/\/www.tuicamper.com\/wp-docker\/wp-content\/uploads\/2024\/02\/wohnmobil-touren-fuer-anfaenger-teaser.jpg');\"><\/div>\r\n                    <p>Wohnmobil-Touren f\u00fcr Anf\u00e4nger \u2013 Planung, Tipps und Routen <span class=\"dashicons dashicons-arrow-right-alt2\"><\/span><\/p>\r\n                <\/a>\r\n            <\/div>\r\n                    <div class=\"carousel-cell\">\r\n                <a href=\"https:\/\/www.tuicamper.com\/magazin\/mit-dem-camper-entlang-der-ostseekueste\/\">\r\n                    <div class=\"img-container\" style=\"background-image: url('https:\/\/www.tuicamper.com\/wp-docker\/wp-content\/uploads\/2021\/07\/seebruecke-sellin.jpg');\"><\/div>\r\n                    <p>Mit dem Camper entlang der Ostseek\u00fcste: Von Kiel bis nach R\u00fcgen <span class=\"dashicons dashicons-arrow-right-alt2\"><\/span><\/p>\r\n                <\/a>\r\n            <\/div>\r\n                    <div class=\"carousel-cell\">\r\n                <a href=\"https:\/\/www.tuicamper.com\/magazin\/camping-im-mai\/\">\r\n                    <div class=\"img-container\" style=\"background-image: url('https:\/\/www.tuicamper.com\/wp-docker\/wp-content\/uploads\/2025\/02\/camping-im-mai-teaser.jpg');\"><\/div>\r\n                    <p>Camping im Mai \u2013 Die 5 sch\u00f6nsten Reiseziele f\u00fcr die Wohnmobil-Tour <span class=\"dashicons dashicons-arrow-right-alt2\"><\/span><\/p>\r\n                <\/a>\r\n            <\/div>\r\n                    <div class=\"carousel-cell\">\r\n                <a href=\"https:\/\/www.tuicamper.com\/magazin\/camping-ohne-kinder-tipps-und-campingplaetze\/\">\r\n                    <div class=\"img-container\" style=\"background-image: url('https:\/\/www.tuicamper.com\/wp-docker\/wp-content\/uploads\/2025\/10\/camping-ohne-kinder-header.jpg');\"><\/div>\r\n                    <p>Camping ohne Kinder? M\u00f6glichkeiten, Tipps und Campingpl\u00e4tze <span class=\"dashicons dashicons-arrow-right-alt2\"><\/span><\/p>\r\n                <\/a>\r\n            <\/div>\r\n            <\/div>\r\n<\/div>\n<\/div><\/section><\/div>\n<\/p>\n<div id='av_section_14'  class='avia-section av-10jkx3n-4632af17cd5b47f7c27aadae006f861f main_color avia-section-default avia-no-border-styling  avia-builder-el-0  el_before_av_textblock  avia-builder-el-first  reduced-content avia-bg-style-scroll container_wrap sidebar_right'  ><div class='container av-section-cont-open' ><main  role=\"main\" itemprop=\"mainContentOfPage\"  class='template-page content  av-content-small alpha units'><div class='post-entry post-entry-type-page post-entry-71059'><div class='entry-content-wrapper clearfix'>\n\n<style type=\"text\/css\" data-created_by=\"avia_inline_auto\" id=\"style-css-av-siae9f-3bb6ed2f41108ec927032a3e605da989\">\n.flex_column.av-siae9f-3bb6ed2f41108ec927032a3e605da989{\nborder-radius:0px 0px 0px 0px;\npadding:0px 0px 0px 0px;\n}\n<\/style>\n<div  class='flex_column av-siae9f-3bb6ed2f41108ec927032a3e605da989 av_one_full  avia-builder-el-1  avia-builder-el-no-sibling  first flex_column_div av-zero-column-padding  '     ><section  class='av_textblock_section av-lsdbfs09-f472a00aa6ccb2523d3eb5543293c073 '   itemscope=\"itemscope\" itemtype=\"https:\/\/schema.org\/BlogPosting\" itemprop=\"blogPost\" ><div class='avia_textblock'  itemprop=\"text\" ><h2>Vermeiden Sie diese 5 Anf\u00e4ngerfehler<\/h2>\n<p>Wer noch nicht viele Wohnmobil-Urlaube hinter sich hat oder sogar die allererste Tour antritt, neigt verst\u00e4ndlicherweise zu klassischen Anf\u00e4ngerfehlern. Die f\u00fcnf h\u00e4ufigsten:<\/p>\n<ol>\n<li><strong>Zu viel Reisegep\u00e4ck<\/strong>: Gerade auf der ersten Wohnmobil-Tour tendieren Camper dazu, viel zu viel Reisegep\u00e4ck mitzunehmen. Das allerdings f\u00fchrt dazu, dass es schnell ungem\u00fctlich eng wird. Zudem steigt der Benzinverbrauch.<\/li>\n<li><strong>Ungen\u00fcgende Ladungssicherung<\/strong>: Geht nach einer Vollbremsung das Geschirr im Innenraum zu Bruch, ist das \u00e4rgerlich. Rutscht das Kajak vom Dach kann das Verkehrsteilnehmer ernsthaft gef\u00e4hrden. Umso wichtiger ist die Ladungssicherung!<\/li>\n<li><strong>Aufstehen w\u00e4hrend der Fahrt<\/strong>: Nur mal schnell so richtig ausstrecken, im Reisegep\u00e4ck nach dem Tablet der Kinder kramen oder einen Snack aus der K\u00fcche holen. Klingt undramatisch, ist aber verboten und birgt erhebliche Verletzungsgefahr!<\/li>\n<li><strong>Wassertank voll machen<\/strong>: Viele Camper machen den Wassertank bei Fahrtantritt randvoll. Bei den meisten Routen ist das aber unn\u00f6tig. Bei einem F\u00fcllvolumen von bis zu 170 Litern kann das Zusatzgewicht sogar zu einer \u00dcberladung f\u00fchren.<\/li>\n<li><strong>Abwasserentsorgung hinausz\u00f6gern<\/strong>: Die Entsorgung des Abwassers ist ein leidiges Thema, das gerne so lange wie m\u00f6glich hinausgez\u00f6gert wird. Manchmal zu lange. Dann gelangt die stinkende Br\u00fche ins Wohnmobilinnere \u2013 und der \u00c4rger ist gro\u00df.<\/li>\n<\/ol>\n<p>Gut zu wissen: Im TUI CAMPER Magazin haben wir noch mehr <a href=\"https:\/\/www.tuicamper.com\/magazin\/camper-fehler\/\">Wohnmobil-Anf\u00e4ngerfehler<\/a> f\u00fcr Sie zusammengestellt \u2013 und zeigen Ihnen, wie Sie es schon bei Ihrer ersten Wohnmobil-Tour richtig machen! Zudem erwarten Sie hier etliche <a href=\"https:\/\/www.tuicamper.com\/magazin\/anfaengertipps-wohnmobil\/\">Wohnmobil-Tipps f\u00fcr Anf\u00e4nger<\/a>. Von der Camper-\u00dcbernahme \u00fcber die Gas- und Stromversorgung w\u00e4hrend der Fahrt bis hin zu praktischen Camper-Tipps.<\/p>\n<\/div><\/section><\/div>\n<\/div><\/div><\/main><!-- close content main element --><\/div><\/div><div id='after_section_14'  class='main_color av_default_container_wrap container_wrap sidebar_right'  ><div class='container av-section-cont-open' ><div class='template-page content  av-content-small alpha units'><div class='post-entry post-entry-type-page post-entry-71059'><div class='entry-content-wrapper clearfix'>\n<\/div><\/div><\/div><!-- close content main div --><\/div><\/div><div id='av_section_15'  class='avia-section av-2pgzyur-904100efa10380a40b51bfa122d38e9a main_color avia-section-default avia-no-border-styling  reduced-content avia-bg-style-scroll container_wrap sidebar_right'  ><div class='container av-section-cont-open' ><div class='template-page content  av-content-small alpha units'><div class='post-entry post-entry-type-page post-entry-71059'><div class='entry-content-wrapper clearfix'>\n<div  class='avia-button-wrap av-1za1myb-1a2520132d8263cd6dce3b2bdc97569c-wrap avia-button-center '><a href='https:\/\/www.tuicamper.com\/reiseziele\/europa\/deutschland\/'  class='avia-button av-1za1myb-1a2520132d8263cd6dce3b2bdc97569c av-link-btn avia-icon_select-yes-right-icon avia-size-large avia-position-center avia-color-theme-color'   aria-label=\"Jetzt Wohnmobil mieten f\u00fcr Deutschland\"><span class='avia_iconbox_title' >Jetzt Wohnmobil mieten f\u00fcr Deutschland<\/span><span class='avia_button_icon avia_button_icon_right avia-iconfont avia-font-entypo-fontello' data-av_icon='\ue875' data-av_iconfont='entypo-fontello' ><\/span><\/a><\/div>\n\n<style type=\"text\/css\" data-created_by=\"avia_inline_auto\" id=\"style-css-av-1k6vvrn-b06d7b39093067b25f8b6412dee0b3ce\">\n.flex_column.av-1k6vvrn-b06d7b39093067b25f8b6412dee0b3ce{\nborder-radius:0px 0px 0px 0px;\npadding:0px 0px 0px 0px;\n}\n<\/style>\n<div  class='flex_column av-1k6vvrn-b06d7b39093067b25f8b6412dee0b3ce av_one_full first flex_column_div av-zero-column-padding  '     ><style type=\"text\/css\" data-created_by=\"avia_inline_auto\" id=\"style-css-av-10x9w0j-2e6c8887b8fac4a62834ee391d429328\">\n#top .av_textblock_section.av-10x9w0j-2e6c8887b8fac4a62834ee391d429328 .avia_textblock{\nfont-size:28px;\n}\n<\/style>\n<section  class='av_textblock_section av-10x9w0j-2e6c8887b8fac4a62834ee391d429328 '   itemscope=\"itemscope\" itemtype=\"https:\/\/schema.org\/BlogPosting\" itemprop=\"blogPost\" ><div class='avia_textblock'  itemprop=\"text\" ><p><strong>Ihr TUI CAMPER-Team w\u00fcnscht Ihnen viel Spa\u00df im bevorstehenden Wohnmobil-Urlaub! \u00a0<\/strong><\/p>\n<\/div><\/section><\/div><div  class='av-social-sharing-box av-jko19v-932fd5257984dcae6919f82995f9d556 av-social-sharing-box-default av-social-sharing-box-fullwidth'><div class=\"av-share-box\"><ul class=\"av-share-box-list noLightbox\"><li class='av-share-link av-social-link-facebook avia_social_iconfont' ><a target=\"_blank\" aria-label=\"Teilen auf Facebook\" href='https:\/\/www.facebook.com\/sharer.php?u=https:\/\/www.tuicamper.com\/magazin\/camping-ohne-kinder-tipps-und-campingplaetze\/&#038;t=Camping%20ohne%20Kinder%3F%20M%C3%B6glichkeiten%2C%20Tipps%20und%20Campingpl%C3%A4tze' data-av_icon='\ue8f3' data-av_iconfont='entypo-fontello'  title='' data-avia-related-tooltip='Teilen auf Facebook'><span class='avia_hidden_link_text'>Teilen auf Facebook<\/span><\/a><\/li><li class='av-share-link av-social-link-twitter avia_social_iconfont' ><a target=\"_blank\" aria-label=\"Teilen auf X\" href='https:\/\/twitter.com\/share?text=Camping%20ohne%20Kinder%3F%20M%C3%B6glichkeiten%2C%20Tipps%20und%20Campingpl%C3%A4tze&#038;url=https:\/\/www.tuicamper.com\/magazin\/camping-ohne-kinder-tipps-und-campingplaetze\/' data-av_icon='\ue932' data-av_iconfont='entypo-fontello'  title='' data-avia-related-tooltip='Teilen auf X'><span class='avia_hidden_link_text'>Teilen auf X<\/span><\/a><\/li><li class='av-share-link av-social-link-whatsapp avia_social_iconfont' ><a target=\"_blank\" aria-label=\"Teilen auf WhatsApp\" href='https:\/\/api.whatsapp.com\/send?text=https:\/\/www.tuicamper.com\/magazin\/camping-ohne-kinder-tipps-und-campingplaetze\/' data-av_icon='\uf232' data-av_iconfont='entypo-fontello'  title='' data-avia-related-tooltip='Teilen auf WhatsApp'><span class='avia_hidden_link_text'>Teilen auf WhatsApp<\/span><\/a><\/li><li class='av-share-link av-social-link-pinterest avia_social_iconfont' ><a target=\"_blank\" aria-label=\"Teilen auf Pinterest\" href='https:\/\/pinterest.com\/pin\/create\/button\/?url=https%3A%2F%2Fwww.tuicamper.com%2Fmagazin%2Fcamping-ohne-kinder-tipps-und-campingplaetze%2F&#038;description=Camping%20ohne%20Kinder%3F%20M%C3%B6glichkeiten%2C%20Tipps%20und%20Campingpl%C3%A4tze&#038;media=https%3A%2F%2Fwww.tuicamper.com%2Fwp-docker%2Fwp-content%2Fuploads%2F2025%2F10%2Fcamping-ohne-kinder-header-705x271.jpg' data-av_icon='\ue8f8' data-av_iconfont='entypo-fontello'  title='' data-avia-related-tooltip='Teilen auf Pinterest'><span class='avia_hidden_link_text'>Teilen auf Pinterest<\/span><\/a><\/li><li class='av-share-link av-social-link-mail avia_social_iconfont' ><a  aria-label=\"Per E-Mail teilen\" href='mailto:?subject=Camping%20ohne%20Kinder%3F%20M%C3%B6glichkeiten%2C%20Tipps%20und%20Campingpl%C3%A4tze&#038;body=https:\/\/www.tuicamper.com\/magazin\/camping-ohne-kinder-tipps-und-campingplaetze\/' data-av_icon='\ue805' data-av_iconfont='entypo-fontello'  title='' data-avia-related-tooltip='Per E-Mail teilen'><span class='avia_hidden_link_text'>Per E-Mail teilen<\/span><\/a><\/li><\/ul><\/div><\/div>\n<\/div><\/div><\/div><!-- close content main div --><\/div><\/div><div id='after_section_15'  class='main_color av_default_container_wrap container_wrap sidebar_right'  ><div class='container av-section-cont-open' ><div class='template-page content  av-content-small alpha units'><div class='post-entry post-entry-type-page post-entry-71059'><div class='entry-content-wrapper clearfix'>\n","protected":false},"excerpt":{"rendered":"<p>Das erste Mal unterwegs mit dem Wohnmobil? Wir geben Ihnen praktische Tipps zur Routenplanung. Lernen Sie die sch\u00f6nsten Wohnmobil-Touren f\u00fcr Anf\u00e4nger kennen!<\/p>\n","protected":false},"author":5,"featured_media":71062,"comment_status":"open","ping_status":"open","sticky":false,"template":"","format":"standard","meta":{"footnotes":""},"categories":[32],"tags":[28,47,44],"class_list":["post-71059","post","type-post","status-publish","format-standard","has-post-thumbnail","hentry","category-camper-insights","tag-deutschland","tag-grundlagen","tag-insider-infos"],"yoast_head":"<!-- This site is optimized with the Yoast SEO plugin v27.4 - https:\/\/yoast.com\/product\/yoast-seo-wordpress\/ -->\n<title>Wohnmobil-Touren f\u00fcr Anf\u00e4nger \u2013 Planung, Tipps und Routen - TUI CAMPER<\/title>\n<meta name=\"description\" content=\"Das erste Mal unterwegs mit dem Wohnmobil? Wir geben Ihnen praktische Tipps zur Routenplanung. Lernen Sie die sch\u00f6nsten Wohnmobil-Touren f\u00fcr Anf\u00e4nger kennen!\" \/>\n<meta name=\"robots\" content=\"index, follow, max-snippet:-1, max-image-preview:large, max-video-preview:-1\" \/>\n<link rel=\"canonical\" href=\"https:\/\/www.tuicamper.com\/magazin\/wohnmobil-touren-fuer-anfaenger\/\" \/>\n<meta property=\"og:locale\" content=\"de_DE\" \/>\n<meta property=\"og:type\" content=\"article\" \/>\n<meta property=\"og:title\" content=\"Wohnmobil-Touren f\u00fcr Anf\u00e4nger \u2013 Planung, Tipps und Routen - TUI CAMPER\" \/>\n<meta property=\"og:description\" content=\"Das erste Mal unterwegs mit dem Wohnmobil? Wir geben Ihnen praktische Tipps zur Routenplanung. Lernen Sie die sch\u00f6nsten Wohnmobil-Touren f\u00fcr Anf\u00e4nger kennen!\" \/>\n<meta property=\"og:url\" content=\"https:\/\/www.tuicamper.com\/magazin\/wohnmobil-touren-fuer-anfaenger\/\" \/>\n<meta property=\"og:site_name\" content=\"TUI Camper Magazin\" \/>\n<meta property=\"article:published_time\" content=\"2024-02-08T15:32:00+00:00\" \/>\n<meta property=\"article:modified_time\" content=\"2024-02-28T08:27:20+00:00\" \/>\n<meta property=\"og:image\" content=\"https:\/\/www.tuicamper.com\/wp-docker\/wp-content\/uploads\/2024\/02\/wohnmobil-touren-fuer-anfaenger-teaser.jpg\" \/>\n\t<meta property=\"og:image:width\" content=\"1280\" \/>\n\t<meta property=\"og:image:height\" content=\"492\" \/>\n\t<meta property=\"og:image:type\" content=\"image\/jpeg\" \/>\n<meta name=\"author\" content=\"Olli\" \/>\n<meta name=\"twitter:card\" content=\"summary_large_image\" \/>\n<meta name=\"twitter:label1\" content=\"Verfasst von\" \/>\n\t<meta name=\"twitter:data1\" content=\"Olli\" \/>\n\t<meta name=\"twitter:label2\" content=\"Gesch\u00e4tzte Lesezeit\" \/>\n\t<meta name=\"twitter:data2\" content=\"8\u00a0Minuten\" \/>\n<!-- \/ Yoast SEO plugin. -->","yoast_head_json":{"title":"Wohnmobil-Touren f\u00fcr Anf\u00e4nger \u2013 Planung, Tipps und Routen - TUI CAMPER","description":"Das erste Mal unterwegs mit dem Wohnmobil? Wir geben Ihnen praktische Tipps zur Routenplanung. Lernen Sie die sch\u00f6nsten Wohnmobil-Touren f\u00fcr Anf\u00e4nger kennen!","robots":{"index":"index","follow":"follow","max-snippet":"max-snippet:-1","max-image-preview":"max-image-preview:large","max-video-preview":"max-video-preview:-1"},"canonical":"https:\/\/www.tuicamper.com\/magazin\/wohnmobil-touren-fuer-anfaenger\/","og_locale":"de_DE","og_type":"article","og_title":"Wohnmobil-Touren f\u00fcr Anf\u00e4nger \u2013 Planung, Tipps und Routen - TUI CAMPER","og_description":"Das erste Mal unterwegs mit dem Wohnmobil? Wir geben Ihnen praktische Tipps zur Routenplanung. Lernen Sie die sch\u00f6nsten Wohnmobil-Touren f\u00fcr Anf\u00e4nger kennen!","og_url":"https:\/\/www.tuicamper.com\/magazin\/wohnmobil-touren-fuer-anfaenger\/","og_site_name":"TUI Camper Magazin","article_published_time":"2024-02-08T15:32:00+00:00","article_modified_time":"2024-02-28T08:27:20+00:00","og_image":[{"width":1280,"height":492,"url":"https:\/\/www.tuicamper.com\/wp-docker\/wp-content\/uploads\/2024\/02\/wohnmobil-touren-fuer-anfaenger-teaser.jpg","type":"image\/jpeg"}],"author":"Olli","twitter_card":"summary_large_image","twitter_misc":{"Verfasst von":"Olli","Gesch\u00e4tzte Lesezeit":"8\u00a0Minuten"},"schema":{"@context":"https:\/\/schema.org","@graph":[{"@type":"Article","@id":"https:\/\/www.tuicamper.com\/magazin\/wohnmobil-touren-fuer-anfaenger\/#article","isPartOf":{"@id":"https:\/\/www.tuicamper.com\/magazin\/wohnmobil-touren-fuer-anfaenger\/"},"author":{"name":"Olli","@id":"https:\/\/www.tuicamper.com\/wp-docker\/#\/schema\/person\/98975e733813f701672fd75ef9df8b69"},"headline":"Wohnmobil-Touren f\u00fcr Anf\u00e4nger \u2013 Planung, Tipps und Routen","datePublished":"2024-02-08T15:32:00+00:00","dateModified":"2024-02-28T08:27:20+00:00","mainEntityOfPage":{"@id":"https:\/\/www.tuicamper.com\/magazin\/wohnmobil-touren-fuer-anfaenger\/"},"wordCount":5846,"commentCount":0,"image":{"@id":"https:\/\/www.tuicamper.com\/magazin\/wohnmobil-touren-fuer-anfaenger\/#primaryimage"},"thumbnailUrl":"https:\/\/www.tuicamper.com\/wp-docker\/wp-content\/uploads\/2024\/02\/wohnmobil-touren-fuer-anfaenger-teaser.jpg","keywords":["Deutschland","Grundlagen","Insider-Infos"],"articleSection":["Camper-Insights"],"inLanguage":"de","potentialAction":[{"@type":"CommentAction","name":"Comment","target":["https:\/\/www.tuicamper.com\/magazin\/wohnmobil-touren-fuer-anfaenger\/#respond"]}]},{"@type":"WebPage","@id":"https:\/\/www.tuicamper.com\/magazin\/wohnmobil-touren-fuer-anfaenger\/","url":"https:\/\/www.tuicamper.com\/magazin\/wohnmobil-touren-fuer-anfaenger\/","name":"Wohnmobil-Touren f\u00fcr Anf\u00e4nger \u2013 Planung, Tipps und Routen - TUI CAMPER","isPartOf":{"@id":"https:\/\/www.tuicamper.com\/#website"},"primaryImageOfPage":{"@id":"https:\/\/www.tuicamper.com\/magazin\/wohnmobil-touren-fuer-anfaenger\/#primaryimage"},"image":{"@id":"https:\/\/www.tuicamper.com\/magazin\/wohnmobil-touren-fuer-anfaenger\/#primaryimage"},"thumbnailUrl":"https:\/\/www.tuicamper.com\/wp-content\/uploads\/2024\/02\/wohnmobil-touren-fuer-anfaenger-teaser.jpg","datePublished":"2024-02-08T15:32:00+00:00","dateModified":"2024-02-28T08:27:20+00:00","author":{"@id":"https:\/\/www.tuicamper.com\/#\/schema\/person\/98975e733813f701672fd75ef9df8b69"},"description":"Das erste Mal unterwegs mit dem Wohnmobil? Wir geben Ihnen praktische Tipps zur Routenplanung. Lernen Sie die sch\u00f6nsten Wohnmobil-Touren f\u00fcr Anf\u00e4nger kennen!","breadcrumb":{"@id":"https:\/\/www.tuicamper.com\/magazin\/wohnmobil-touren-fuer-anfaenger\/#breadcrumb"},"inLanguage":"de","potentialAction":["Array"]},{"@type":"ImageObject","inLanguage":"de","@id":"https:\/\/www.tuicamper.com\/magazin\/wohnmobil-touren-fuer-anfaenger\/#primaryimage","url":"https:\/\/www.tuicamper.com\/wp-docker\/wp-content\/uploads\/2024\/02\/wohnmobil-touren-fuer-anfaenger-teaser.jpg","contentUrl":"https:\/\/www.tuicamper.com\/wp-docker\/wp-content\/uploads\/2024\/02\/wohnmobil-touren-fuer-anfaenger-teaser.jpg","width":1280,"height":492,"caption":"Wohnmobil Touren f\u00fcr Anf\u00e4nger"},{"@type":"BreadcrumbList","@id":"https:\/\/www.tuicamper.com\/magazin\/wohnmobil-touren-fuer-anfaenger\/#breadcrumb","itemListElement":[{"@type":"ListItem","position":1,"name":"Startseite","item":"https:\/\/www.tuicamper.com\/wp-docker\/"},{"@type":"ListItem","position":2,"name":"Wohnmobil-Touren f\u00fcr Anf\u00e4nger \u2013 Planung, Tipps und Routen"}]},{"@type":"WebSite","@id":"https:\/\/www.tuicamper.com\/#website","url":"https:\/\/www.tuicamper.com\/","name":"TUI Camper Magazin","description":"","potentialAction":["Array"],"inLanguage":"de"},{"@type":"Person","@id":"https:\/\/www.tuicamper.com\/wp-docker\/#\/schema\/person\/98975e733813f701672fd75ef9df8b69","name":"Olli","image":{"@type":"ImageObject","inLanguage":"de","@id":"https:\/\/secure.gravatar.com\/avatar\/4529b17b9a4dec34d38f705f89e1db8c906d30537b64d795d775d528c07951ff?s=96&d=mm&r=g","url":"https:\/\/secure.gravatar.com\/avatar\/4529b17b9a4dec34d38f705f89e1db8c906d30537b64d795d775d528c07951ff?s=96&d=mm&r=g","contentUrl":"https:\/\/secure.gravatar.com\/avatar\/4529b17b9a4dec34d38f705f89e1db8c906d30537b64d795d775d528c07951ff?s=96&d=mm&r=g","caption":"Olli"},"url":"https:\/\/www.tuicamper.com\/wp-docker\/magazin\/author\/olli\/"}]}},"_links":{"self":[{"href":"https:\/\/www.tuicamper.com\/wp-docker\/wp-json\/wp\/v2\/posts\/71059","targetHints":{"allow":["GET"]}}],"collection":[{"href":"https:\/\/www.tuicamper.com\/wp-docker\/wp-json\/wp\/v2\/posts"}],"about":[{"href":"https:\/\/www.tuicamper.com\/wp-docker\/wp-json\/wp\/v2\/types\/post"}],"author":[{"embeddable":true,"href":"https:\/\/www.tuicamper.com\/wp-docker\/wp-json\/wp\/v2\/users\/5"}],"replies":[{"embeddable":true,"href":"https:\/\/www.tuicamper.com\/wp-docker\/wp-json\/wp\/v2\/comments?post=71059"}],"version-history":[{"count":25,"href":"https:\/\/www.tuicamper.com\/wp-docker\/wp-json\/wp\/v2\/posts\/71059\/revisions"}],"predecessor-version":[{"id":72738,"href":"https:\/\/www.tuicamper.com\/wp-docker\/wp-json\/wp\/v2\/posts\/71059\/revisions\/72738"}],"wp:featuredmedia":[{"embeddable":true,"href":"https:\/\/www.tuicamper.com\/wp-docker\/wp-json\/wp\/v2\/media\/71062"}],"wp:attachment":[{"href":"https:\/\/www.tuicamper.com\/wp-docker\/wp-json\/wp\/v2\/media?parent=71059"}],"wp:term":[{"taxonomy":"category","embeddable":true,"href":"https:\/\/www.tuicamper.com\/wp-docker\/wp-json\/wp\/v2\/categories?post=71059"},{"taxonomy":"post_tag","embeddable":true,"href":"https:\/\/www.tuicamper.com\/wp-docker\/wp-json\/wp\/v2\/tags?post=71059"}],"curies":[{"name":"wp","href":"https:\/\/api.w.org\/{rel}","templated":true}]}}