{"id":70535,"date":"2024-02-02T11:28:30","date_gmt":"2024-02-02T10:28:30","guid":{"rendered":"https:\/\/www.tuicamper.com\/?p=70535"},"modified":"2024-06-10T14:38:34","modified_gmt":"2024-06-10T12:38:34","slug":"ferienstrassen-deutschland","status":"publish","type":"post","link":"https:\/\/www.tuicamper.com\/magazin\/ferienstrassen-deutschland\/","title":{"rendered":"Die 20 sch\u00f6nsten Ferienstra\u00dfen Deutschlands"},"content":{"rendered":"<div id='av_section_1'  class='avia-section av-ymtyfhj-9564ebc4943c40ae8959e21c6900d3f5 main_color avia-section-default avia-no-border-styling  avia-builder-el-0  el_before_av_textblock  avia-builder-el-first  reduced-content avia-bg-style-scroll container_wrap sidebar_right'  ><div class='container av-section-cont-open' ><main  role=\"main\" itemprop=\"mainContentOfPage\"  class='template-page content  av-content-small alpha units'><div class='post-entry post-entry-type-page post-entry-70535'><div class='entry-content-wrapper clearfix'>\n\n<style type=\"text\/css\" data-created_by=\"avia_inline_auto\" id=\"style-css-av-y2sd2av-48e6895710b7a971e610e6c9ef0a46b0\">\n.flex_column.av-y2sd2av-48e6895710b7a971e610e6c9ef0a46b0{\nborder-radius:0px 0px 0px 0px;\npadding:0px 0px 0px 0px;\n}\n<\/style>\n<div  class='flex_column av-y2sd2av-48e6895710b7a971e610e6c9ef0a46b0 av_one_full  avia-builder-el-1  avia-builder-el-no-sibling  first flex_column_div av-zero-column-padding  '     ><section  class='av_textblock_section av-xndrsav-69eb82fb850a3d49fcbd99d601f8ef70 '   itemscope=\"itemscope\" itemtype=\"https:\/\/schema.org\/BlogPosting\" itemprop=\"blogPost\" ><div class='avia_textblock'  itemprop=\"text\" ><p>Dramatische Gebirgslandschaften, mittelalterliche Altst\u00e4dte, kristallklare Seen, idyllische Weinberge und echte M\u00e4rchenschl\u00f6sser: F\u00fcr einen unvergesslichen Camping-Urlaub m\u00fcssen Sie nicht in die Ferne schweifen. \u00dcberall in Deutschland finden sich facettenreiche (Kultur-)Landschaften, die wie geschaffen f\u00fcr eine Wohnmobil-Tour sind. Praktisch: Themen- und Ferienstra\u00dfen verbinden viele landschaftlich und kulturell reizvollen Sehensw\u00fcrdigkeiten miteinander \u2013 und sind damit wie geschaffen f\u00fcr einen Roadtrip mit dem Camper. Wir stellen Ihnen die sch\u00f6nsten der fast 150 Ferienstra\u00dfen in Deutschland vor!<\/p>\n<\/div><\/section><\/div>\n<\/div><\/div><\/main><!-- close content main element --><\/div><\/div><div id='after_section_1'  class='main_color av_default_container_wrap container_wrap sidebar_right'  ><div class='container av-section-cont-open' ><div class='template-page content  av-content-small alpha units'><div class='post-entry post-entry-type-page post-entry-70535'><div class='entry-content-wrapper clearfix'>\n<section  class='av_textblock_section av-x9v42fb-33f4f36f6c28d9f53c2627a5a4b7a9e3 '   itemscope=\"itemscope\" itemtype=\"https:\/\/schema.org\/BlogPosting\" itemprop=\"blogPost\" ><div class='avia_textblock'  itemprop=\"text\" >\n<\/div><\/section>\n<\/div><\/div><\/div><!-- close content main div --><\/div><\/div><div id='av_section_2'  class='avia-section av-buxb5z-5829aa26d757afd297558fa1f55c060f main_color avia-section-default avia-no-border-styling  avia-builder-el-4  el_after_av_textblock  el_before_av_section  reduced-content avia-bg-style-scroll container_wrap sidebar_right'  ><div class='container av-section-cont-open' ><div class='template-page content  av-content-small alpha units'><div class='post-entry post-entry-type-page post-entry-70535'><div class='entry-content-wrapper clearfix'>\n<section  class='av_textblock_section av-wcgr693-e26684a2e657ce86dbd993bbb3a66dda '   itemscope=\"itemscope\" itemtype=\"https:\/\/schema.org\/BlogPosting\" itemprop=\"blogPost\" ><div class='avia_textblock'  itemprop=\"text\" ><div id=\"js-table-of-contents\">\r\n    <strong>Inhaltsverzeichnis<\/strong>\r\n<\/div>\n<\/div><\/section>\n\n<\/div><\/div><\/div><!-- close content main div --><\/div><\/div><div id='av_section_3'  class='avia-section av-w49oquf-a9d00609ef80d6e6cffba1f3b3ce88e1 main_color avia-section-default avia-no-border-styling  avia-builder-el-6  el_after_av_section  el_before_av_section  reduced-content avia-bg-style-scroll container_wrap sidebar_right'  ><div class='container av-section-cont-open' ><div class='template-page content  av-content-small alpha units'><div class='post-entry post-entry-type-page post-entry-70535'><div class='entry-content-wrapper clearfix'>\n\n<style type=\"text\/css\" data-created_by=\"avia_inline_auto\" id=\"style-css-av-vllmn6v-342c898ce5aa672d218e6ae41e50e532\">\n.flex_column.av-vllmn6v-342c898ce5aa672d218e6ae41e50e532{\nborder-radius:0px 0px 0px 0px;\npadding:0px 0px 0px 0px;\n}\n<\/style>\n<div  class='flex_column av-vllmn6v-342c898ce5aa672d218e6ae41e50e532 av_one_full  avia-builder-el-7  el_before_av_table  avia-builder-el-first  first flex_column_div av-zero-column-padding  '     ><section  class='av_textblock_section av-345klbb-4be8624248f75ab1951e6d30531fbd4c '   itemscope=\"itemscope\" itemtype=\"https:\/\/schema.org\/BlogPosting\" itemprop=\"blogPost\" ><div class='avia_textblock'  itemprop=\"text\" ><h2>Ferienstra\u00dfen im Norden Deutschlands<\/h2>\n<p>Auf den Ferien- und Themenstra\u00dfen im Norden Deutschlands gibt es viel zu entdecken. Auf K\u00e4se- und Spargelstra\u00dfe kommen Feinschmecker voll auf ihre Kosten. Arch\u00e4ologisch interessierte Wohnmobil-Reisende sind dagegen auf der Stra\u00dfe der Megalithkultur genau richtig.<\/p>\n<\/div><\/section><\/div><div class='avia-data-table-wrap av-ivrl5vr-4f713b30c5d5dd670651239a657faccc avia_scrollable_table avia-table-1'><table  class='avia-table avia-data-table avia_pricing_default  avia-builder-el-9  el_after_av_one_full  avia-builder-el-last '  itemscope=\"itemscope\" itemtype=\"https:\/\/schema.org\/Table\" ><tbody><tr class='avia-heading-row'><th class='avia-highlight-col'>Ferienstra\u00dfe <\/th><th class='avia-highlight-col'>Verlauf &amp; L\u00e4nge<\/th><th class='avia-highlight-col'>Sehensw\u00fcrdigkeiten &amp; Wissenswertes<\/th><\/tr><tr class=''><td class='avia-highlight-col'>Alte Salzstra\u00dfe<\/td><td class='avia-highlight-col'>L\u00fcneburg \u2013 L\u00fcbeck<br \/>\nL\u00e4nge: 113 km<\/td><td class='avia-highlight-col'>Einst wurde \u00fcber die Alte Salzstra\u00dfe das \u201ewei\u00dfe Gold\u201c des Mittelalters transportiert. Entlang der Ferienstra\u00dfe laden St\u00e4dte-Perlen wie L\u00fcneburg und L\u00fcbeck zum Entdecken ein. Ein echtes Naturparadies entlang des Wegs sind die Lauenburgische Seen. Und auch die L\u00fcneburger Heide ist nur einen Steinwurf entfernt. <\/td><\/tr><tr class=''><td class='avia-highlight-col'>K\u00e4sestra\u00dfe Schleswig-Holstein<\/td><td class='avia-highlight-col'>Rund um Schleswig-Holstein<br \/>\nL\u00e4nge: 500 km<\/td><td class='avia-highlight-col'>Die Ferienstra\u00dfe f\u00fcr K\u00e4seliebhaber und Feinschmecker verbindet dutzende traditionelle K\u00e4semanufakturen miteinander \u2013 auf einer landschaftlich und kulturell reizvollen Route. Auf Ihren Hofbesuchen lernen Sie Menschen und Tiere kennen und machen Abstecher zu St\u00e4dte-Highlights wie Flensburg und Kiel.<\/td><\/tr><tr class=''><td class='avia-highlight-col'>Nieders\u00e4chsische Spargelstra\u00dfe<\/td><td class='avia-highlight-col'>Rundweg \u00fcber Braunschweig \u2013 Cloppenburg \u2013 Bremen \u2013 L\u00fcneburg<br \/>\nL\u00e4nge: 750 km<\/td><td class='avia-highlight-col'>Die Route verbindet die wichtigsten Spargelanbaugebiete Niedersachsens miteinander und l\u00e4sst viel Raum f\u00fcr Stadt-Erkundungen (z.B. Bremen oder Hamburg). In idyllischen Naturlandschaften wie der L\u00fcneburger Heide oder der sanften Auenlandschaft der Nieders\u00e4chsischen Elbtalaue finden Camper Ruhe und Erholung. <\/td><\/tr><tr class=''><td class='avia-highlight-col'>Stra\u00dfe der Megalithkultur<\/td><td class='avia-highlight-col'>Osnabr\u00fcck \u2013 Oldenburg<br \/>\nL\u00e4nge: 310km<\/td><td class='avia-highlight-col'>Auf der Stra\u00dfe der Megalithkultur sp\u00fcren Sie der jungsteinzeitlichen Menschheitsgeschichte nach. Mehr als 30 spannende arch\u00e4ologische St\u00e4tten werden dabei miteinander verkn\u00fcpft. Aber auch Sehensw\u00fcrdigkeiten wie die Burgen und Schl\u00f6sser des Osnabr\u00fccker Lands, das Museumsdorf Cloppenburg oder das faszinierende Kloster Hude sind Teil der Route.<\/td><\/tr><\/tbody><\/table><\/div>\n\n<\/div><\/div><\/div><!-- close content main div --><\/div><\/div><div id='av_section_4'  class='avia-section av-roti85j-08d6187d4d950df3d898bf741e1f8082 main_color avia-section-default avia-no-border-styling  avia-builder-el-10  el_after_av_section  el_before_av_section  reduced-content avia-bg-style-scroll container_wrap sidebar_right'  ><div class='container av-section-cont-open' ><div class='template-page content  av-content-small alpha units'><div class='post-entry post-entry-type-page post-entry-70535'><div class='entry-content-wrapper clearfix'>\n\n<style type=\"text\/css\" data-created_by=\"avia_inline_auto\" id=\"style-css-av-rg1pww7-03182c52b8dc5993d050cfc156d391d7\">\n.avia-image-container.av-rg1pww7-03182c52b8dc5993d050cfc156d391d7 img.avia_image{\nbox-shadow:none;\n}\n.avia-image-container.av-rg1pww7-03182c52b8dc5993d050cfc156d391d7 .av-caption-image-overlay-bg{\nopacity:0.4;\nbackground-color:#000000;\n}\n.avia-image-container.av-rg1pww7-03182c52b8dc5993d050cfc156d391d7 .av-image-caption-overlay-center{\ncolor:#ffffff;\n}\n<\/style>\n<div  class='avia-image-container av-rg1pww7-03182c52b8dc5993d050cfc156d391d7 av-styling- av-img-linked avia_animated_image av-animated-when-visible-95 fade-in avia-align-center  avia-builder-el-11  el_before_av_hr  avia-builder-el-first  noHover av-overlay-on-hover'   itemprop=\"image\" itemscope=\"itemscope\" itemtype=\"https:\/\/schema.org\/ImageObject\" ><div class=\"avia-image-container-inner\"><div class=\"avia-image-overlay-wrap\"><a href=\"https:\/\/www.tuicamper.com\/wp-docker\/wp-content\/uploads\/2024\/02\/ferienstrasse-deutschland-lueneburger-heide-1030x507.jpg\" data-srcset=\"https:\/\/www.tuicamper.com\/wp-docker\/wp-content\/uploads\/2024\/02\/ferienstrasse-deutschland-lueneburger-heide-1030x507.jpg 1030w, https:\/\/www.tuicamper.com\/wp-docker\/wp-content\/uploads\/2024\/02\/ferienstrasse-deutschland-lueneburger-heide-300x148.jpg 300w, https:\/\/www.tuicamper.com\/wp-docker\/wp-content\/uploads\/2024\/02\/ferienstrasse-deutschland-lueneburger-heide-768x378.jpg 768w, https:\/\/www.tuicamper.com\/wp-docker\/wp-content\/uploads\/2024\/02\/ferienstrasse-deutschland-lueneburger-heide-705x347.jpg 705w, https:\/\/www.tuicamper.com\/wp-docker\/wp-content\/uploads\/2024\/02\/ferienstrasse-deutschland-lueneburger-heide.jpg 1280w\" data-sizes=\"(max-width: 1030px) 100vw, 1030px\" class='avia_image '  aria-label='L\u00fcneburger Heide'><div class=\"av-image-caption-overlay\"><div class=\"av-caption-image-overlay-bg\"><\/div><div class=\"av-image-caption-overlay-position\"><div class=\"av-image-caption-overlay-center\"><p>L\u00fcneburger Heide<\/p>\n<\/div><\/div><\/div><img decoding=\"async\" fetchpriority=\"high\" class='wp-image-70546 avia-img-lazy-loading-not-70546 avia_image ' src=\"https:\/\/www.tuicamper.com\/wp-docker\/wp-content\/uploads\/2024\/02\/ferienstrasse-deutschland-lueneburger-heide-845x630.jpg\" alt='L\u00fcneburger Heide' title='L\u00fcneburger Heide'  height=\"630\" width=\"845\"  itemprop=\"thumbnailUrl\"  \/><\/a><\/div><\/div><\/div>\n\n<style type=\"text\/css\" data-created_by=\"avia_inline_auto\" id=\"style-css-av-r3qvp53-a0d214f5d9306407939b18f8450e71d5\">\n#top .hr.hr-invisible.av-r3qvp53-a0d214f5d9306407939b18f8450e71d5{\nheight:25px;\n}\n<\/style>\n<div  class='hr av-r3qvp53-a0d214f5d9306407939b18f8450e71d5 hr-invisible  avia-builder-el-12  el_after_av_image  avia-builder-el-last '><span class='hr-inner '><span class=\"hr-inner-style\"><\/span><\/span><\/div>\n\n<\/div><\/div><\/div><!-- close content main div --><\/div><\/div><div id='av_section_5'  class='avia-section av-4xlcjqf-cfd5d03ac2d422cbdb99664b2f37db6c main_color avia-section-default avia-no-border-styling  avia-builder-el-13  el_after_av_section  el_before_av_section  routes-breaker fullwidth_section avia-bg-style-scroll container_wrap sidebar_right'  ><div class='container av-section-cont-open' ><div class='template-page content  av-content-small alpha units'><div class='post-entry post-entry-type-page post-entry-70535'><div class='entry-content-wrapper clearfix'>\n<section  class='av_textblock_section av-4ckzgtj-125554e9901b02a4f8723e62ee0039a8 '   itemscope=\"itemscope\" itemtype=\"https:\/\/schema.org\/BlogPosting\" itemprop=\"blogPost\" ><div class='avia_textblock'  itemprop=\"text\" >\r\n<div class=\"flex_column av_one_full flex_column_div av-zero-column-padding first avia-builder-el-first\">\r\n    <section class=\"av_textblock_section \" itemscope=\"itemscope\"\r\n             itemtype=\"https:\/\/schema.org\/CreativeWork\">\r\n        <div class=\"avia_textblock\" itemprop=\"text\">\r\n            Die besten Routentipps        <\/div>\r\n    <\/section>\r\n    <div class=\"route-breaker-items\">\r\n                    <div class=\"route-breaker-item\">\r\n                <a href=\"https:\/\/www.tuicamper.com\/routen\/deutschland-routen\/nordsee-rundreise\/\">\r\n                                            <div\r\n                                class=\"route-breaker-item-thumbnail\"\r\n                                style=\"background-image: url(https:\/\/www.tuicamper.com\/wp-docker\/wp-content\/uploads\/2022\/11\/strand-nordsee-pano-400x200.jpg);\"\r\n                        ><\/div>\r\n                                        <span>Nordsee-Rundreise mit dem Camper \u2013 Wattenmeer und D\u00fcnen<\/span>\r\n                <\/a>\r\n            <\/div>\r\n                    <div class=\"route-breaker-item\">\r\n                <a href=\"https:\/\/www.tuicamper.com\/routen\/deutschland-routen\/ostsee-rundreise\/\">\r\n                                            <div\r\n                                class=\"route-breaker-item-thumbnail\"\r\n                                style=\"background-image: url(https:\/\/www.tuicamper.com\/wp-docker\/wp-content\/uploads\/2022\/11\/seebruecke-pano-400x200.jpg);\"\r\n                        ><\/div>\r\n                                        <span>Ostsee-Rundreise \u2013 Hansest\u00e4dte und Backsteingotik<\/span>\r\n                <\/a>\r\n            <\/div>\r\n                    <div class=\"route-breaker-item\">\r\n                <a href=\"https:\/\/www.tuicamper.com\/routen\/deutschland-routen\/bremen-rundreise\/\">\r\n                                            <div\r\n                                class=\"route-breaker-item-thumbnail\"\r\n                                style=\"background-image: url(https:\/\/www.tuicamper.com\/wp-docker\/wp-content\/uploads\/2023\/04\/bremen-ge66684bab_1280-1-e1681381785411-400x200.jpg);\"\r\n                        ><\/div>\r\n                                        <span>Bremen-Rundreise: Nationalparks, K\u00fcsten &#038; historische St\u00e4dte<\/span>\r\n                <\/a>\r\n            <\/div>\r\n                    <\/div>\r\n            <div class=\"route-breaker-countries-footer mode-footer_inline\">\r\n            <div><p>Alle Routen f\u00fcr:<\/p><\/div>\r\n            <div>\r\n                                    <a href=\"https:\/\/www.tuicamper.com\/routen\/deutschland-routen\/\">\r\n                                                    <img decoding=\"async\" src=\"https:\/\/www.tuicamper.com\/wp-docker\/wp-content\/uploads\/2022\/04\/de-circle.png\" alt=\"Deutschland\">\r\n                                                Deutschland                    <\/a>\r\n                            <\/div>\r\n        <\/div>\r\n                <div class=\"route-breaker-countries-footer mode-overview no-border\">\r\n            <p><i class=\"tui-cars-icon tuicars-icon-arrow-left\"><\/i><a href=\"https:\/\/www.tuicamper.com\/routen\/\">Zur Routen-\u00dcbersicht<\/a><\/p>\r\n        <\/div>\r\n    <\/div>\r\n\n<\/div><\/section>\n\n<\/div><\/div><\/div><!-- close content main div --><\/div><\/div><div id='av_section_6'  class='avia-section av-t0humvb-025a910ebfd0b93aa2dfbd27e21a8db7 main_color avia-section-default avia-no-border-styling  avia-builder-el-15  el_after_av_section  el_before_av_section  reduced-content avia-bg-style-scroll container_wrap sidebar_right'  ><div class='container av-section-cont-open' ><div class='template-page content  av-content-small alpha units'><div class='post-entry post-entry-type-page post-entry-70535'><div class='entry-content-wrapper clearfix'>\n\n<style type=\"text\/css\" data-created_by=\"avia_inline_auto\" id=\"style-css-av-sn9yv1j-51e412f88b4cb0d0e5169178ff0f9b84\">\n.flex_column.av-sn9yv1j-51e412f88b4cb0d0e5169178ff0f9b84{\nborder-radius:0px 0px 0px 0px;\npadding:0px 0px 0px 0px;\n}\n<\/style>\n<div  class='flex_column av-sn9yv1j-51e412f88b4cb0d0e5169178ff0f9b84 av_one_full  avia-builder-el-16  avia-builder-el-no-sibling  first flex_column_div av-zero-column-padding  '     ><section  class='av_textblock_section av-sfl4aqv-33761402b303efecd3cea29507bdf534 '   itemscope=\"itemscope\" itemtype=\"https:\/\/schema.org\/BlogPosting\" itemprop=\"blogPost\" ><div class='avia_textblock'  itemprop=\"text\" ><h2>Ferienstra\u00dfen im Osten Deutschlands<\/h2>\n<p>Im Osten Deutschlands erwartet Sie auf der Stra\u00dfe der Romanik eine faszinierende Reise ins Mittelalter, w\u00e4hrend die Dampfbahn-Route dem historischen Streckennetz der s\u00e4chsischen Schmalspurbahnen folgt \u2013 mitten durch die malerischen Landschaften der Oberlausitz und der S\u00e4chsischen Schweiz. F\u00fcr Weinliebhaber h\u00e4lt der Osten Deutschlands zudem gleich zwei sehr empfehlenswerte Weinstra\u00dfen parat.<\/p>\n<\/div><\/section><br \/>\n<div class='avia-data-table-wrap av-a390orr-52f264df7ff89ea29ecec11e5b8f93ea avia_scrollable_table avia-table-2'><table  class='avia-table avia-data-table avia_pricing_default  avia-builder-el-18  el_after_av_textblock  avia-builder-el-last '  itemscope=\"itemscope\" itemtype=\"https:\/\/schema.org\/Table\" ><tbody><tr class='avia-heading-row'><th class='avia-highlight-col'>Ferienstra\u00dfe <\/th><th class='avia-highlight-col'>Verlauf &amp; L\u00e4nge<\/th><th class='avia-highlight-col'>Sehensw\u00fcrdigkeiten &amp; Wissenswertes<\/th><\/tr><tr class=''><td class='avia-highlight-col'>Stra\u00dfe der Romanik<\/td><td class='avia-highlight-col'>Rund um Sachsen-Anhalt<br \/>\nL\u00e4nge: 1.000 km<\/td><td class='avia-highlight-col'>Die Ferienstra\u00dfe steht ganz im Zeichen der gro\u00dfartigen romanischen Bauwerke des Mittelalters. Einige der vielen Highlights sind der spektakul\u00e4re Magdeburger Dom, der Havelberger Dom Sankt Marien, das Wasserschloss Westerburg, die Stiftskirche St. Servatius in Quedlinburg und die Burg Falkenstein. Etliche historische Altst\u00e4dte und gro\u00dfartige Naturlandschaften wie der Harz sorgen f\u00fcr einen abwechslungsreichen Camper-Trip.<\/td><\/tr><tr class=''><td class='avia-highlight-col'>Dampfbahn-Route Sachsen<\/td><td class='avia-highlight-col'>Drei Strecken\u00e4ste f\u00fchren quer durch Sachsen<br \/>\nL\u00e4nge: 750 km<\/td><td class='avia-highlight-col'>Auf der Dampfbahn-Route folgen Sie dem fr\u00fcheren Verlauf der s\u00e4chsischen Schmalspurbahnen und entdecken dabei historische Museumsbahnen, Eisenbahnmuseen und Denkm\u00e4ler. Zudem erkunden Sie St\u00e4dte-Highlights wie Dresden, die idyllische Oberlausitz und die dramatische Naturkulisse der S\u00e4chsischen Schweiz.<\/td><\/tr><tr class=''><td class='avia-highlight-col'>Weinstra\u00dfe Saale-Unstrut<\/td><td class='avia-highlight-col'>Memleben \u2013 Bad Sulza<br \/>\nL\u00e4nge: 60 km<\/td><td class='avia-highlight-col'>Die Weinstra\u00dfe Saale-Unstrut f\u00fchrt mitten durch den Naturpark Saale-Unstrut-Triasland. Dabei l\u00e4dt die Route zu Wanderungen durch idyllische Auenlandschaften, \u00fcber Streuobstwiesen und Weinbergen vorbei an Burgen und Schl\u00f6ssern ein. <\/td><\/tr><tr class=''><td class='avia-highlight-col'><a href=\"\/magazin\/die-saechsische-weinstrasse\/\">S\u00e4chsische Weinstra\u00dfe<\/a><\/td><td class='avia-highlight-col'>Pirna \u2013 Diesbar-Seu\u00dflitz<br \/>\nL\u00e4nge: 55 km<\/td><td class='avia-highlight-col'>Die Weinstra\u00dfe Saale-Unstrut f\u00fchrt mitten durch den Naturpark Saale-Unstrut-Triasland. Dabei l\u00e4dt die Route zu Wanderungen durch idyllische Auenlandschaften, \u00fcber Streuobstwiesen und Weinbergen vorbei an Burgen und Schl\u00f6ssern ein. <\/td><\/tr><\/tbody><\/table><\/div><\/p><\/div>\n\n<\/div><\/div><\/div><!-- close content main div --><\/div><\/div><div id='av_section_7'  class='avia-section av-1oj65nr-28c64535d9b5c5d06577584184d25c2b main_color avia-section-default avia-no-border-styling  avia-builder-el-19  el_after_av_section  el_before_av_section  reduced-content avia-bg-style-scroll container_wrap sidebar_right'  ><div class='container av-section-cont-open' ><div class='template-page content  av-content-small alpha units'><div class='post-entry post-entry-type-page post-entry-70535'><div class='entry-content-wrapper clearfix'>\n\n<style type=\"text\/css\" data-created_by=\"avia_inline_auto\" id=\"style-css-av-1966qzr-1b758e4d5ce035c9504f5157c73a5a53\">\n.avia-image-container.av-1966qzr-1b758e4d5ce035c9504f5157c73a5a53 img.avia_image{\nbox-shadow:none;\n}\n.avia-image-container.av-1966qzr-1b758e4d5ce035c9504f5157c73a5a53 .av-caption-image-overlay-bg{\nopacity:0.4;\nbackground-color:#000000;\n}\n.avia-image-container.av-1966qzr-1b758e4d5ce035c9504f5157c73a5a53 .av-image-caption-overlay-center{\ncolor:#ffffff;\n}\n<\/style>\n<div  class='avia-image-container av-1966qzr-1b758e4d5ce035c9504f5157c73a5a53 av-styling- av-img-linked avia_animated_image av-animated-when-visible-95 fade-in avia-align-center  avia-builder-el-20  el_before_av_hr  avia-builder-el-first  noHover av-overlay-on-hover'   itemprop=\"image\" itemscope=\"itemscope\" itemtype=\"https:\/\/schema.org\/ImageObject\" ><div class=\"avia-image-container-inner\"><div class=\"avia-image-overlay-wrap\"><a href=\"https:\/\/www.tuicamper.com\/wp-docker\/wp-content\/uploads\/2024\/02\/ferienstrasse-deutschland-dresden-1030x507.jpg\" data-srcset=\"https:\/\/www.tuicamper.com\/wp-docker\/wp-content\/uploads\/2024\/02\/ferienstrasse-deutschland-dresden-1030x507.jpg 1030w, https:\/\/www.tuicamper.com\/wp-docker\/wp-content\/uploads\/2024\/02\/ferienstrasse-deutschland-dresden-300x148.jpg 300w, https:\/\/www.tuicamper.com\/wp-docker\/wp-content\/uploads\/2024\/02\/ferienstrasse-deutschland-dresden-768x378.jpg 768w, https:\/\/www.tuicamper.com\/wp-docker\/wp-content\/uploads\/2024\/02\/ferienstrasse-deutschland-dresden-705x347.jpg 705w, https:\/\/www.tuicamper.com\/wp-docker\/wp-content\/uploads\/2024\/02\/ferienstrasse-deutschland-dresden.jpg 1280w\" data-sizes=\"(max-width: 1030px) 100vw, 1030px\" class='avia_image '  aria-label='ferienstrasse-deutschland-dresden'><div class=\"av-image-caption-overlay\"><div class=\"av-caption-image-overlay-bg\"><\/div><div class=\"av-image-caption-overlay-position\"><div class=\"av-image-caption-overlay-center\"><p>Blick auf die Frauenkirche in Dresden an der Elbe<\/p>\n<\/div><\/div><\/div><img decoding=\"async\" fetchpriority=\"high\" class='wp-image-70556 avia-img-lazy-loading-not-70556 avia_image ' src=\"https:\/\/www.tuicamper.com\/wp-docker\/wp-content\/uploads\/2024\/02\/ferienstrasse-deutschland-dresden-845x630.jpg\" alt='Ferienstra\u00dfen in Deutschland, Dresden an der Elbe' title='ferienstrasse-deutschland-dresden'  height=\"630\" width=\"845\"  itemprop=\"thumbnailUrl\"  \/><\/a><\/div><\/div><\/div>\n\n<style type=\"text\/css\" data-created_by=\"avia_inline_auto\" id=\"style-css-av-v4cvfr-5353d9ec98ac6439af73f57634de18b6\">\n#top .hr.hr-invisible.av-v4cvfr-5353d9ec98ac6439af73f57634de18b6{\nheight:25px;\n}\n<\/style>\n<div  class='hr av-v4cvfr-5353d9ec98ac6439af73f57634de18b6 hr-invisible  avia-builder-el-21  el_after_av_image  avia-builder-el-last '><span class='hr-inner '><span class=\"hr-inner-style\"><\/span><\/span><\/div>\n\n<\/div><\/div><\/div><!-- close content main div --><\/div><\/div><div id='av_section_8'  class='avia-section av-qa3m24n-64e948716d60d03e4f1023b9692bfa03 main_color avia-section-default avia-no-border-styling  avia-builder-el-22  el_after_av_section  el_before_av_section  reduced-content avia-bg-style-scroll container_wrap sidebar_right'  ><div class='container av-section-cont-open' ><div class='template-page content  av-content-small alpha units'><div class='post-entry post-entry-type-page post-entry-70535'><div class='entry-content-wrapper clearfix'>\n\n<style type=\"text\/css\" data-created_by=\"avia_inline_auto\" id=\"style-css-av-q4nsl9j-e987846ac5aed5839f237017022a9b82\">\n.flex_column.av-q4nsl9j-e987846ac5aed5839f237017022a9b82{\nborder-radius:0px 0px 0px 0px;\npadding:0px 0px 0px 0px;\n}\n<\/style>\n<div  class='flex_column av-q4nsl9j-e987846ac5aed5839f237017022a9b82 av_one_full  avia-builder-el-23  avia-builder-el-no-sibling  first flex_column_div av-zero-column-padding  '     ><section  class='av_textblock_section av-pctnrtz-4e74e9889adb16e579c8e32d0e47dd62 '   itemscope=\"itemscope\" itemtype=\"https:\/\/schema.org\/BlogPosting\" itemprop=\"blogPost\" ><div class='avia_textblock'  itemprop=\"text\" ><h2>Ferienstra\u00dfen im S\u00fcden Deutschlands<\/h2>\n<p>Die Ferien- und Themenstra\u00dfen in S\u00fcddeutschland geizen nicht mit postkartenmotivw\u00fcrdigen Panoramen. Sei es die dramatische Kulisse der Bayerischen Alpen, das liebliche Taubertal, der traumhafte Schwarzwald oder der m\u00e4rchenhafte Blick auf das Schloss Neuschwanstein.<\/p>\n<\/div><\/section><br \/>\n<div class='avia-data-table-wrap av-jr4cvon-fde5be21cc8750d609fd78e5fe495227 avia_scrollable_table avia-table-3'><table  class='avia-table avia-data-table avia_pricing_default  avia-builder-el-25  el_after_av_textblock  avia-builder-el-last '  itemscope=\"itemscope\" itemtype=\"https:\/\/schema.org\/Table\" ><tbody><tr class='avia-heading-row'><th class='avia-highlight-col'>Ferienstra\u00dfe <\/th><th class='avia-highlight-col'>Verlauf &amp; L\u00e4nge<\/th><th class='avia-highlight-col'>Sehensw\u00fcrdigkeiten &amp; Wissenswertes<\/th><\/tr><tr class=''><td class='avia-highlight-col'>Badische Weinstra\u00dfe<\/td><td class='avia-highlight-col'>Laudenbach \u2013 Weil am Rhein<br \/>\nL\u00e4nge: 500 km<\/td><td class='avia-highlight-col'>Die Ferienstra\u00dfe steht ganz im Zeichen der gro\u00dfartigen romanischen Bauwerke des Mittelalters. Einige der vielen Highlights sind der spektakul\u00e4re Magdeburger Dom, der Havelberger Dom Sankt Marien, das Wasserschloss Westerburg, die Stiftskirche St. Servatius in Quedlinburg und die Burg Falkenstein. Etliche historische Altst\u00e4dte und gro\u00dfartige Naturlandschaften wie der Harz sorgen f\u00fcr einen abwechslungsreichen Camper-Trip.<\/td><\/tr><tr class=''><td class='avia-highlight-col'><a href=\"\/routen\/deutschland-routen\/die-deutsche-alpenstrasse\/\">Deutsche Alpenstra\u00dfe<\/a><\/td><td class='avia-highlight-col'>Lindau \u2013 Sch\u00f6nau am K\u00f6nigssee<br \/>\nL\u00e4nge: 480 km<\/td><td class='avia-highlight-col'>Auf fast 500 Kilometern verl\u00e4uft die \u00e4lteste Ferienstra\u00dfe Deutschlands durch die atemberaubende Natur- und Kulturlandschaft der Bayerischen Alpen. Es erwartet Sie eine panoramastarke Route, die vom Bodensee bis hin zum malerischen K\u00f6nigssee im vielseitigen Berchtesgadener Land f\u00fchrt.<\/td><\/tr><tr class=''><td class='avia-highlight-col'>Romantische Stra\u00dfe<\/td><td class='avia-highlight-col'>W\u00fcrzburg \u2013 F\u00fcssen<br \/>\nL\u00e4nge: 460 km<\/td><td class='avia-highlight-col'>Von Franken bis zum Allg\u00e4u verbindet die Romantische Stra\u00dfe unz\u00e4hlige Sehensw\u00fcrdigkeiten miteinander, die Besucher seit vielen Generationen ins Schw\u00e4rmen geraten lassen. Zu den absoluten Highlights der Ferienstra\u00dfe geh\u00f6ren die begehbaren Stadtmauern der beschaulichen St\u00e4dtchen Dinkelsb\u00fchl und N\u00f6rdlingen, die spektakul\u00e4re mittelalterliche Altstadt von Rothenburg ob der Tauber und das m\u00e4rchenhafte Schloss Neuschwanstein.<\/td><\/tr><tr class=''><td class='avia-highlight-col'>Schwarzwaldhochstra\u00dfe<\/td><td class='avia-highlight-col'>Baden-Baden \u2013 Freudenstadt<br \/>\nL\u00e4nge: 60 km<\/td><td class='avia-highlight-col'>\u201eNur\u201c 60 Kilometer lang, ist die Schwarzwaldhochstra\u00dfe doch eine der beliebtesten Ferienstra\u00dfen Deutschlands. Zu Recht. Die panoramastarke Strecke f\u00fchrt Sie mitten durch den Nationalpark Schwarzwald \u2013 durch dichte Bergmischw\u00e4lder, vorbei an kristallklaren Seen und durch urige D\u00f6rfchen. <\/td><\/tr><\/tbody><\/table><\/div><\/p><\/div><\/div><\/div><\/div><!-- close content main div --><\/div><\/div><div id='av_section_9'  class='avia-section av-p1nwgtj-a681fee68711c210e9de707d1b705a78 main_color avia-section-default avia-no-border-styling  avia-builder-el-26  el_after_av_section  el_before_av_section  magazine-slider-section fullwidth_section avia-bg-style-scroll container_wrap sidebar_right'  ><div class='container av-section-cont-open' ><div class='template-page content  av-content-small alpha units'><div class='post-entry post-entry-type-page post-entry-70535'><div class='entry-content-wrapper clearfix'>\n\n<style type=\"text\/css\" data-created_by=\"avia_inline_auto\" id=\"style-css-av-oh1ahzb-c627cdc9b39d49f2092307a160e054ad\">\n.flex_column.av-oh1ahzb-c627cdc9b39d49f2092307a160e054ad{\nborder-radius:0px 0px 0px 0px;\npadding:0px 0px 0px 0px;\n}\n<\/style>\n<div  class='flex_column av-oh1ahzb-c627cdc9b39d49f2092307a160e054ad av_one_full  avia-builder-el-27  avia-builder-el-no-sibling  first flex_column_div av-zero-column-padding  '     ><section  class='av_textblock_section av-o9d7srr-ba9fc90430c49fbbfdfe2b4f225d1ab2 '   itemscope=\"itemscope\" itemtype=\"https:\/\/schema.org\/BlogPosting\" itemprop=\"blogPost\" ><div class='avia_textblock'  itemprop=\"text\" ><div class=\"flex_column av_three_fourth flex_column_div av-zero-column-padding first el_before_av_one_fourth avia-builder-el-first headline-section\">\r\n    <section class=\"av_textblock_section \" itemscope=\"itemscope\"\r\n             itemtype=\"https:\/\/schema.org\/CreativeWork\">\r\n                    <div class=\"avia_textblock\" itemprop=\"text\">\r\n                                    Aus dem TUI Camper Magazin:<br>\r\n                                Spannende Artikel \u00fcber Deutschland            <\/div>\r\n            <\/section>\r\n<\/div>\r\n<div class=\"flex_column av_one_fourth flex_column_div av-zero-column-padding el_after_av_three_fourth el_before_av_feature_image_slider avia-builder-el-last logo-section\">\r\n    <div class=\"avia-image-container avia-builder-el-no-sibling avia-align-center\"\r\n         itemprop=\"image\" itemscope=\"itemscope\" itemtype=\"https:\/\/schema.org\/ImageObject\">\r\n        <div class=\"avia-image-container-inner\">\r\n            <div class=\"avia-image-overlay-wrap\">\r\n                <a href=\"\/magazin\/\">\r\n                    <img decoding=\"async\" class=\"wp-image-3099 avia-img-lazy-loading-not-3099 avia_image\"\r\n                         src=\"\/wp-docker\/wp-content\/themes\/tuicamper_enfold\/assets\/img\/logo_350-135.png\"\r\n                         alt=\"TUI Camper Magazin\" height=\"69\" width=\"150\"\r\n                         itemprop=\"thumbnailUrl\">\r\n                <\/a>\r\n            <\/div>\r\n        <\/div>\r\n    <\/div>\r\n<\/div>\r\n<div class=\"flex_column av_one_full flex_column_div av-zero-column-padding first el_before_av_textblock avia-builder-el-first\"\r\n     style=\"border-radius:0px;\">\r\n    <div class=\"carousel\">\r\n                    <div class=\"carousel-cell\">\r\n                <a href=\"https:\/\/www.tuicamper.com\/magazin\/rheinische-sagenweg\/\">\r\n                    <div class=\"img-container\" style=\"background-image: url('https:\/\/www.tuicamper.com\/wp-docker\/wp-content\/uploads\/2019\/08\/rheinischer-sagenweg.jpg');\"><\/div>\r\n                    <p>Der Rheinische Sagenweg: Mit dem Wohnmobil den Rhein entlang <span class=\"dashicons dashicons-arrow-right-alt2\"><\/span><\/p>\r\n                <\/a>\r\n            <\/div>\r\n                    <div class=\"carousel-cell\">\r\n                <a href=\"https:\/\/www.tuicamper.com\/magazin\/indian-summer-in-deutschland\/\">\r\n                    <div class=\"img-container\" style=\"background-image: url('https:\/\/www.tuicamper.com\/wp-docker\/wp-content\/uploads\/2025\/08\/indian-summer-deutschland-header.jpg');\"><\/div>\r\n                    <p>Indian Summer in Deutschland erleben: Tipps f\u00fcr die herbstliche Camper-Tour <span class=\"dashicons dashicons-arrow-right-alt2\"><\/span><\/p>\r\n                <\/a>\r\n            <\/div>\r\n                    <div class=\"carousel-cell\">\r\n                <a href=\"https:\/\/www.tuicamper.com\/magazin\/wohnmobil-ruegen\/\">\r\n                    <div class=\"img-container\" style=\"background-image: url('https:\/\/www.tuicamper.com\/wp-docker\/wp-content\/uploads\/2019\/10\/ruegen-strand.jpg');\"><\/div>\r\n                    <p>Wohnmobil R\u00fcgen: Anreise, Stellpl\u00e4tze &#038; die sch\u00f6nsten Highlights <span class=\"dashicons dashicons-arrow-right-alt2\"><\/span><\/p>\r\n                <\/a>\r\n            <\/div>\r\n                    <div class=\"carousel-cell\">\r\n                <a href=\"https:\/\/www.tuicamper.com\/magazin\/wohnmobil-fehmarn\/\">\r\n                    <div class=\"img-container\" style=\"background-image: url('https:\/\/www.tuicamper.com\/wp-docker\/wp-content\/uploads\/2020\/01\/fehmarn.jpg');\"><\/div>\r\n                    <p>Wohnmobil Fehmarn: Anreise, Stellpl\u00e4tze &#038; Highlights <span class=\"dashicons dashicons-arrow-right-alt2\"><\/span><\/p>\r\n                <\/a>\r\n            <\/div>\r\n                    <div class=\"carousel-cell\">\r\n                <a href=\"https:\/\/www.tuicamper.com\/magazin\/nationalpark-bayerischer-wald\/\">\r\n                    <div class=\"img-container\" style=\"background-image: url('https:\/\/www.tuicamper.com\/wp-docker\/wp-content\/uploads\/2019\/06\/bayrischer-wald.jpg');\"><\/div>\r\n                    <p>Nationalpark Bayerischer Wald: Sehensw\u00fcrdigkeiten, Camping &#038; Ausflugstipps <span class=\"dashicons dashicons-arrow-right-alt2\"><\/span><\/p>\r\n                <\/a>\r\n            <\/div>\r\n                    <div class=\"carousel-cell\">\r\n                <a href=\"https:\/\/www.tuicamper.com\/magazin\/camping-im-mai\/\">\r\n                    <div class=\"img-container\" style=\"background-image: url('https:\/\/www.tuicamper.com\/wp-docker\/wp-content\/uploads\/2025\/02\/camping-im-mai-teaser.jpg');\"><\/div>\r\n                    <p>Camping im Mai \u2013 Die 5 sch\u00f6nsten Reiseziele f\u00fcr die Wohnmobil-Tour <span class=\"dashicons dashicons-arrow-right-alt2\"><\/span><\/p>\r\n                <\/a>\r\n            <\/div>\r\n            <\/div>\r\n<\/div>\n<\/div><\/section><\/div>\n<\/p>\n<div id='av_section_10'  class='avia-section av-nnhlglj-fe5e82122d940d197e3e355ed98f11bb main_color avia-section-default avia-no-border-styling  avia-builder-el-0  el_before_av_textblock  avia-builder-el-first  reduced-content avia-bg-style-scroll container_wrap sidebar_right'  ><div class='container av-section-cont-open' ><main  role=\"main\" itemprop=\"mainContentOfPage\"  class='template-page content  av-content-small alpha units'><div class='post-entry post-entry-type-page post-entry-70535'><div class='entry-content-wrapper clearfix'>\n\n<style type=\"text\/css\" data-created_by=\"avia_inline_auto\" id=\"style-css-av-nblgnhj-3b85478489893e306c49b411582f55bb\">\n.flex_column.av-nblgnhj-3b85478489893e306c49b411582f55bb{\nborder-radius:0px 0px 0px 0px;\npadding:0px 0px 0px 0px;\n}\n<\/style>\n<div  class='flex_column av-nblgnhj-3b85478489893e306c49b411582f55bb av_one_full  avia-builder-el-1  avia-builder-el-no-sibling  first flex_column_div av-zero-column-padding  '     ><section  class='av_textblock_section av-msbhsrr-bf46271ac6d5d49ea3d44a60097d3351 '   itemscope=\"itemscope\" itemtype=\"https:\/\/schema.org\/BlogPosting\" itemprop=\"blogPost\" ><div class='avia_textblock'  itemprop=\"text\" ><h2>Ferienstra\u00dfen im Westen Deutschlands<\/h2>\n<p>Auch in Westdeutschland k\u00f6nnen Camper vier einzigartige Ferienstra\u00dfen kennenlernen. Sei es die sonnenverw\u00f6hnte (Kultur-)Landschaft der Bergstra\u00dfe, die Erinnerungen an Italien wachruft. Die idyllische Pfalz, durch die sich die Deutsche Weinstra\u00dfe schl\u00e4ngelt. Die vielen tollen Altst\u00e4dte, Burgen, Schl\u00f6sser und Panoramen des Rheinischen Sagenwegs. Oder die sagenumwobenen Highlights der Nibelungenstra\u00dfe.<\/p>\n<\/div><\/section><br \/>\n<div class='avia-data-table-wrap av-a3h6brb-3665f9d83d444dfa525797109baa8807 avia_scrollable_table avia-table-4'><table  class='avia-table avia-data-table avia_pricing_default'  itemscope=\"itemscope\" itemtype=\"https:\/\/schema.org\/Table\" ><tbody><tr class='avia-heading-row'><th class='avia-highlight-col'>Ferienstra\u00dfe <\/th><th class='avia-highlight-col'>Verlauf &amp; L\u00e4nge<\/th><th class='avia-highlight-col'>Sehensw\u00fcrdigkeiten &amp; Wissenswertes<\/th><\/tr><tr class=''><td class='avia-highlight-col'>Bergstra\u00dfe<\/td><td class='avia-highlight-col'>Darmstadt \u2013 Wiesloch<br \/>\nL\u00e4nge: 80 km<\/td><td class='avia-highlight-col'>Das milde und sonnige Klima der Bergstra\u00dfe verw\u00f6hnt Camper-Reisende auch noch im Herbst. Unterwegs erkunden Sie die Jugenstilhochburg Darmstadt und entdecken mit Heidelberg eine der sch\u00f6nsten St\u00e4dte Deutschlands. In der Naturlandschaft des Geoparks Bergstra\u00dfe Odenwald lassen Sie die Seele baumeln und lernen das UNESCO Weltkulturerbe Kloster Lorsch kennen.<\/td><\/tr><tr class=''><td class='avia-highlight-col'><a href=\"\/magazin\/deutsche-weinstrasse\/\">Deutsche Weinstra\u00dfe<\/a><\/td><td class='avia-highlight-col'>Schweigen-Rechtenbach \u2013 Bockenheim an der Weinstra\u00dfe<br \/>\nL\u00e4nge: 85 km<\/td><td class='avia-highlight-col'>Die Deutsche Weinstra\u00dfe geh\u00f6rt zu den \u00e4ltesten und nach wie vor beliebtesten Ferienstra\u00dfen Deutschlands. Sie f\u00fchrt mitten durch das gro\u00dfe Weinanbaugebiet der Pfalz und punktet mit zahlreichen Wanderwegen durch idyllische Weinberge. Highlights unterwegs sind unter anderem das Hambacher Schloss und die sehenswerte Kurstadt Bad D\u00fcrkheim.<\/td><\/tr><tr class=''><td class='avia-highlight-col'>Rheinischer Sagenweg<\/td><td class='avia-highlight-col'>D\u00fcsseldorf \u2013 Mainz<br \/>\nL\u00e4nge: 586 km<\/td><td class='avia-highlight-col'>48 Orte und weit \u00fcber 100 Sehensw\u00fcrdigkeiten liegen auf der Route des Rheinischen Sagenwegs. Auf Ihrer Wohnmobil-Tour lernen Sie die Metropolen K\u00f6ln und D\u00fcsseldorf kennen, entdecken immer wieder majest\u00e4tische Burgen und Schl\u00f6sser und bestaunen die St\u00e4dte-Juwelen Cochem und Limburg an der Lahn. <\/td><\/tr><tr class=''><td class='avia-highlight-col'>Nibelungenstra\u00dfe<\/td><td class='avia-highlight-col'>Worms \u2013 Wertheim<br \/>\nL\u00e4nge: 110 km<\/td><td class='avia-highlight-col'>Von der Nibelungenstadt Worms mit ihrem markanten rheinischen Kaiserdom \u00fcber die Fachwerk-Idylle der Bensheimer Altstadt bis zum Naturparadies des Odenwalds gibt es auf der Nibelungenstra\u00dfe viel zu entdecken.<\/td><\/tr><\/tbody><\/table><\/div><\/p><\/div><\/div><\/div><\/main><!-- close content main element --><\/div><\/div><div id='after_section_10'  class='main_color av_default_container_wrap container_wrap sidebar_right'  ><div class='container av-section-cont-open' ><div class='template-page content  av-content-small alpha units'><div class='post-entry post-entry-type-page post-entry-70535'><div class='entry-content-wrapper clearfix'><\/div><\/div><\/div><!-- close content main div --><\/div><\/div><div id='av_section_11'  class='avia-section av-16aalxj-ba863ff2fc2391f41621cabcc57e5da0 main_color avia-section-default avia-no-border-styling  reduced-content avia-bg-style-scroll container_wrap sidebar_right'  ><div class='container av-section-cont-open' ><div class='template-page content  av-content-small alpha units'><div class='post-entry post-entry-type-page post-entry-70535'><div class='entry-content-wrapper clearfix'>\n\n<style type=\"text\/css\" data-created_by=\"avia_inline_auto\" id=\"style-css-av-ls4h942q-d7989955aaba607ebbb48e13c962de66\">\n.avia-image-container.av-ls4h942q-d7989955aaba607ebbb48e13c962de66 img.avia_image{\nbox-shadow:none;\n}\n.avia-image-container.av-ls4h942q-d7989955aaba607ebbb48e13c962de66 .av-caption-image-overlay-bg{\nopacity:0.4;\nbackground-color:#000000;\n}\n.avia-image-container.av-ls4h942q-d7989955aaba607ebbb48e13c962de66 .av-image-caption-overlay-center{\ncolor:#ffffff;\n}\n<\/style>\n<div  class='avia-image-container av-ls4h942q-d7989955aaba607ebbb48e13c962de66 av-styling- av-img-linked avia_animated_image av-animated-when-visible-95 fade-in avia-align-center noHover av-overlay-on-hover'   itemprop=\"image\" itemscope=\"itemscope\" itemtype=\"https:\/\/schema.org\/ImageObject\" ><div class=\"avia-image-container-inner\"><div class=\"avia-image-overlay-wrap\"><a href=\"https:\/\/www.tuicamper.com\/wp-docker\/wp-content\/uploads\/2024\/02\/ferienstrasse-deutschland-cochem-1030x507.jpg\" data-srcset=\"https:\/\/www.tuicamper.com\/wp-docker\/wp-content\/uploads\/2024\/02\/ferienstrasse-deutschland-cochem-1030x507.jpg 1030w, https:\/\/www.tuicamper.com\/wp-docker\/wp-content\/uploads\/2024\/02\/ferienstrasse-deutschland-cochem-300x148.jpg 300w, https:\/\/www.tuicamper.com\/wp-docker\/wp-content\/uploads\/2024\/02\/ferienstrasse-deutschland-cochem-768x378.jpg 768w, https:\/\/www.tuicamper.com\/wp-docker\/wp-content\/uploads\/2024\/02\/ferienstrasse-deutschland-cochem-705x347.jpg 705w, https:\/\/www.tuicamper.com\/wp-docker\/wp-content\/uploads\/2024\/02\/ferienstrasse-deutschland-cochem.jpg 1280w\" data-sizes=\"(max-width: 1030px) 100vw, 1030px\" class='avia_image '  aria-label='ferienstrasse-deutschland-cochem'><div class=\"av-image-caption-overlay\"><div class=\"av-caption-image-overlay-bg\"><\/div><div class=\"av-image-caption-overlay-position\"><div class=\"av-image-caption-overlay-center\"><p>Blick auf Cochem und die Reichsburg an der Mosel<\/p>\n<\/div><\/div><\/div><img decoding=\"async\" fetchpriority=\"high\" class='wp-image-70554 avia-img-lazy-loading-not-70554 avia_image ' src=\"https:\/\/www.tuicamper.com\/wp-docker\/wp-content\/uploads\/2024\/02\/ferienstrasse-deutschland-cochem-845x630.jpg\" alt='Ferienstra\u00dfen in Deutschland Blick auf Cochem' title='ferienstrasse-deutschland-cochem'  height=\"630\" width=\"845\"  itemprop=\"thumbnailUrl\"  \/><\/a><\/div><\/div><\/div>\n\n<style type=\"text\/css\" data-created_by=\"avia_inline_auto\" id=\"style-css-av-l8z8g7-d6cbba957870f96f4efc62252fade8f0\">\n#top .hr.hr-invisible.av-l8z8g7-d6cbba957870f96f4efc62252fade8f0{\nheight:25px;\n}\n<\/style>\n<div  class='hr av-l8z8g7-d6cbba957870f96f4efc62252fade8f0 hr-invisible'><span class='hr-inner '><span class=\"hr-inner-style\"><\/span><\/span><\/div>\n<\/div><\/div><\/div><!-- close content main div --><\/div><\/div><div id='after_section_11'  class='main_color av_default_container_wrap container_wrap sidebar_right'  ><div class='container av-section-cont-open' ><div class='template-page content  av-content-small alpha units'><div class='post-entry post-entry-type-page post-entry-70535'><div class='entry-content-wrapper clearfix'><\/p>\n<\/div><\/div><\/div><!-- close content main div --><\/div><\/div><div id='av_section_12'  class='avia-section av-3rdrwg7-4f5ea4d7c8c2b92f2f93e8bcc670752e main_color avia-section-default avia-no-border-styling  reduced-content avia-bg-style-scroll container_wrap sidebar_right'  ><div class='container av-section-cont-open' ><div class='template-page content  av-content-small alpha units'><div class='post-entry post-entry-type-page post-entry-70535'><div class='entry-content-wrapper clearfix'>\n\n<style type=\"text\/css\" data-created_by=\"avia_inline_auto\" id=\"style-css-av-3c98ukn-5ccd1701cc52ebf74d9872037ed452d6\">\n.flex_column.av-3c98ukn-5ccd1701cc52ebf74d9872037ed452d6{\nborder-radius:0px 0px 0px 0px;\npadding:0px 0px 0px 0px;\n}\n<\/style>\n<div  class='flex_column av-3c98ukn-5ccd1701cc52ebf74d9872037ed452d6 av_one_full first flex_column_div av-zero-column-padding  '     ><section  class='av_textblock_section av-2z5neav-3c2d17e618d70dd10f2be47db5101410 '   itemscope=\"itemscope\" itemtype=\"https:\/\/schema.org\/BlogPosting\" itemprop=\"blogPost\" ><div class='avia_textblock'  itemprop=\"text\" ><h2>F\u00fcr l\u00e4ngere Camper-Trips: regionen\u00fcbergreifende Ferienstra\u00dfen<\/h2>\n<p>Neben den regionalen Ferienstra\u00dfen gibt es auch mehrere Routen, die quer durch ganz Deutschland oder zumindest \u00fcber mehrere Bundesl\u00e4nder f\u00fchren. Unsere vier Favoriten setzen dabei ganz verschiedene Akzente.<\/p>\n<\/div><\/section><\/div><div class='avia-data-table-wrap av-a08d2vb-9f974951052f14afe8439c159faf535c avia_scrollable_table avia-table-5'><table  class='avia-table avia-data-table avia_pricing_default'  itemscope=\"itemscope\" itemtype=\"https:\/\/schema.org\/Table\" ><tbody><tr class='avia-heading-row'><th class='avia-highlight-col'>Ferienstra\u00dfe <\/th><th class='avia-highlight-col'>Verlauf &amp; L\u00e4nge<\/th><th class='avia-highlight-col'>Sehensw\u00fcrdigkeiten &amp; Wissenswertes<\/th><\/tr><tr class=''><td class='avia-highlight-col'>Deutsche Alleenstra\u00dfe<\/td><td class='avia-highlight-col'>Sellin \u2013 Bad Honnef<br \/>\nL\u00e4nge: 2.900 km<\/td><td class='avia-highlight-col'>Von Sellin auf R\u00fcgen im Nordosten \u00fcber Konstanz im S\u00fcdwesten bis hin zu Bad Honnef im Westen Deutschlands durchquert die Deutsche Alleenstra\u00dfe das gesamte Land. Um die Ferienstra\u00dfe komplett zu befahren und einige ihrer unz\u00e4hligen Highlights kennenzulernen, ist mindestens ein drei- bis vierw\u00f6chiger Wohnmobil-Urlaub einzuplanen. Jeder der insgesamt 10 Teilabschnitte kann aber auch f\u00fcr sich entdeckt werden. <\/td><\/tr><tr class=''><td class='avia-highlight-col'>Deutsche Fachwerkstra\u00dfe<\/td><td class='avia-highlight-col'>8 Regional-strecken<br \/>\nL\u00e4nge: 3.900 km<\/td><td class='avia-highlight-col'>Von der Elbe bis zum Bodensee f\u00fchrt die Ferienstra\u00dfe durch einzigartige Landschaften und verbindet dabei die sch\u00f6nsten Fachwerkst\u00e4dte Deutschlands miteinander. Nat\u00fcrlich k\u00f6nnen die acht Teilstrecken, die durch insgesamt acht Bundesl\u00e4nder f\u00fchren, jeweils auch separat befahren werden. <\/td><\/tr><tr class=''><td class='avia-highlight-col'>Deutsche M\u00e4rchenstra\u00dfe<\/td><td class='avia-highlight-col'>Hanau \u2013 Bremen<br \/>\nL\u00e4nge: 600 km<\/td><td class='avia-highlight-col'>Die Deutsche M\u00e4rchenstra\u00dfe verl\u00e4uft von der hessischen Br\u00fcder-Grimm-Stadt Hanau bis nach Bremen, Heimat der Bremer Stadtmusikanten. Unterwegs folgen Sie nicht nur den Spuren der ber\u00fchmtesten deutschen M\u00e4rchen, sondern lernen etliche sehenswerte St\u00e4dte kennen, bestaunen Burgen und Schl\u00f6sser und entdecken unz\u00e4hlige m\u00e4rchenhafte Highlights. <\/td><\/tr><tr class=''><td class='avia-highlight-col'><a href=\"\/magazin\/deutsche-burgenstrasse\/\">Burgenstra\u00dfe<\/a><br \/>\n<\/td><td class='avia-highlight-col'>Mannheim \u2013 Bayreuth<br \/>\nL\u00e4nge: 770 km<\/td><td class='avia-highlight-col'>Die Burgenstra\u00dfe h\u00e4lt, was sie verspricht. Sie f\u00fchrt Camper an den sch\u00f6nsten Burgen und Schl\u00f6ssern des Landes vorbei \u2013 vom gewaltigen Barockschloss Mannheim, eines der gr\u00f6\u00dften Schl\u00f6sser Europas, bis nach Bayreuth, dessen wundersch\u00f6ne Altstadt das \u201eNeue Schloss\u201c beherbergt. <\/td><\/tr><\/tbody><\/table><\/div>\n<\/div><\/div><\/div><!-- close content main div --><\/div><\/div><div id='after_section_12'  class='main_color av_default_container_wrap container_wrap sidebar_right'  ><div class='container av-section-cont-open' ><div class='template-page content  av-content-small alpha units'><div class='post-entry post-entry-type-page post-entry-70535'><div class='entry-content-wrapper clearfix'><\/div><\/div><\/div><!-- close content main div --><\/div><\/div><div id='av_section_13'  class='avia-section av-2g4fm6f-4d20cc95ff8e59b9356ab4e2d14fa42f main_color avia-section-default avia-no-border-styling  avia-builder-el-4  el_after_av_textblock  el_before_av_section  reduced-content avia-bg-style-scroll container_wrap sidebar_right'  ><div class='container av-section-cont-open' ><div class='template-page content  av-content-small alpha units'><div class='post-entry post-entry-type-page post-entry-70535'><div class='entry-content-wrapper clearfix'>\n<div  class='avia-button-wrap av-1yoo5xj-69f930bd9d819cb0b5143446da7d6bbf-wrap avia-button-center '><a href='https:\/\/www.tuicamper.com\/reiseziele\/europa\/deutschland\/'  class='avia-button av-1yoo5xj-69f930bd9d819cb0b5143446da7d6bbf av-link-btn avia-icon_select-yes-right-icon avia-size-large avia-position-center avia-color-theme-color'   aria-label=\"Jetzt Wohnmobil mieten f\u00fcr Deutschland\"><span class='avia_iconbox_title' >Jetzt Wohnmobil mieten f\u00fcr Deutschland<\/span><span class='avia_button_icon avia_button_icon_right avia-iconfont avia-font-entypo-fontello' data-av_icon='\ue875' data-av_iconfont='entypo-fontello' ><\/span><\/a><\/div>\n\n<style type=\"text\/css\" data-created_by=\"avia_inline_auto\" id=\"style-css-av-1nbrnnr-ec0594b3e6146bf186e7db8f0f1d1c3f\">\n.flex_column.av-1nbrnnr-ec0594b3e6146bf186e7db8f0f1d1c3f{\nborder-radius:0px 0px 0px 0px;\npadding:0px 0px 0px 0px;\n}\n<\/style>\n<div  class='flex_column av-1nbrnnr-ec0594b3e6146bf186e7db8f0f1d1c3f av_one_full first flex_column_div av-zero-column-padding  '     ><style type=\"text\/css\" data-created_by=\"avia_inline_auto\" id=\"style-css-av-1c9gnyf-e82f85a091b071cc8c267a4d79e14ddc\">\n#top .av_textblock_section.av-1c9gnyf-e82f85a091b071cc8c267a4d79e14ddc .avia_textblock{\nfont-size:28px;\n}\n<\/style>\n<section  class='av_textblock_section av-1c9gnyf-e82f85a091b071cc8c267a4d79e14ddc '   itemscope=\"itemscope\" itemtype=\"https:\/\/schema.org\/BlogPosting\" itemprop=\"blogPost\" ><div class='avia_textblock'  itemprop=\"text\" ><p><strong>Ihr TUI CAMPER-Team w\u00fcnscht Ihnen eine h\u00f6hepunktreiche Wohnmobil-Tour entlang den sch\u00f6nsten Ferienstra\u00dfen Deutschlands!<\/strong><\/p>\n<\/div><\/section><\/div><div  class='av-social-sharing-box av-que6ef-43ec2db36fa232d4ff5ccdee8f2efce9 av-social-sharing-box-default av-social-sharing-box-fullwidth'><div class=\"av-share-box\"><ul class=\"av-share-box-list noLightbox\"><li class='av-share-link av-social-link-facebook avia_social_iconfont' ><a target=\"_blank\" aria-label=\"Teilen auf Facebook\" href='https:\/\/www.facebook.com\/sharer.php?u=https:\/\/www.tuicamper.com\/magazin\/camping-im-mai\/&#038;t=Camping%20im%20Mai%20%E2%80%93%20Die%205%20sch%C3%B6nsten%20Reiseziele%20f%C3%BCr%20die%20Wohnmobil-Tour' data-av_icon='\ue8f3' data-av_iconfont='entypo-fontello'  title='' data-avia-related-tooltip='Teilen auf Facebook'><span class='avia_hidden_link_text'>Teilen auf Facebook<\/span><\/a><\/li><li class='av-share-link av-social-link-twitter avia_social_iconfont' ><a target=\"_blank\" aria-label=\"Teilen auf X\" href='https:\/\/twitter.com\/share?text=Camping%20im%20Mai%20%E2%80%93%20Die%205%20sch%C3%B6nsten%20Reiseziele%20f%C3%BCr%20die%20Wohnmobil-Tour&#038;url=https:\/\/www.tuicamper.com\/magazin\/camping-im-mai\/' data-av_icon='\ue932' data-av_iconfont='entypo-fontello'  title='' data-avia-related-tooltip='Teilen auf X'><span class='avia_hidden_link_text'>Teilen auf X<\/span><\/a><\/li><li class='av-share-link av-social-link-whatsapp avia_social_iconfont' ><a target=\"_blank\" aria-label=\"Teilen auf WhatsApp\" href='https:\/\/api.whatsapp.com\/send?text=https:\/\/www.tuicamper.com\/magazin\/camping-im-mai\/' data-av_icon='\uf232' data-av_iconfont='entypo-fontello'  title='' data-avia-related-tooltip='Teilen auf WhatsApp'><span class='avia_hidden_link_text'>Teilen auf WhatsApp<\/span><\/a><\/li><li class='av-share-link av-social-link-pinterest avia_social_iconfont' ><a target=\"_blank\" aria-label=\"Teilen auf Pinterest\" href='https:\/\/pinterest.com\/pin\/create\/button\/?url=https%3A%2F%2Fwww.tuicamper.com%2Fmagazin%2Fcamping-im-mai%2F&#038;description=Camping%20im%20Mai%20%E2%80%93%20Die%205%20sch%C3%B6nsten%20Reiseziele%20f%C3%BCr%20die%20Wohnmobil-Tour&#038;media=https%3A%2F%2Fwww.tuicamper.com%2Fwp-docker%2Fwp-content%2Fuploads%2F2025%2F02%2Fcamping-im-mai-teaser-705x271.jpg' data-av_icon='\ue8f8' data-av_iconfont='entypo-fontello'  title='' data-avia-related-tooltip='Teilen auf Pinterest'><span class='avia_hidden_link_text'>Teilen auf Pinterest<\/span><\/a><\/li><li class='av-share-link av-social-link-mail avia_social_iconfont' ><a  aria-label=\"Per E-Mail teilen\" href='mailto:?subject=Camping%20im%20Mai%20%E2%80%93%20Die%205%20sch%C3%B6nsten%20Reiseziele%20f%C3%BCr%20die%20Wohnmobil-Tour&#038;body=https:\/\/www.tuicamper.com\/magazin\/camping-im-mai\/' data-av_icon='\ue805' data-av_iconfont='entypo-fontello'  title='' data-avia-related-tooltip='Per E-Mail teilen'><span class='avia_hidden_link_text'>Per E-Mail teilen<\/span><\/a><\/li><\/ul><\/div><\/div>\n<\/p>\n","protected":false},"excerpt":{"rendered":"<p>Liebliche T\u00e4ler, spektakul\u00e4re Gebirgspanoramen, idyllische Weinberge, mittelalterliche Altst\u00e4dte: Das und mehr bieten die sch\u00f6nsten Ferienstra\u00dfen Deutschlands!<\/p>\n","protected":false},"author":5,"featured_media":70537,"comment_status":"open","ping_status":"open","sticky":false,"template":"","format":"standard","meta":{"footnotes":""},"categories":[8],"tags":[28,53,50,42],"class_list":["post-70535","post","type-post","status-publish","format-standard","has-post-thumbnail","hentry","category-reiselaender","tag-deutschland","tag-kultur","tag-natur","tag-paare"],"yoast_head":"<!-- This site is optimized with the Yoast SEO plugin v27.4 - https:\/\/yoast.com\/product\/yoast-seo-wordpress\/ -->\n<title>Die 20 sch\u00f6nsten Ferienstra\u00dfen Deutschlands - TUI CAMPER<\/title>\n<meta name=\"description\" content=\"Liebliche T\u00e4ler, spektakul\u00e4re Gebirgspanoramen, idyllische Weinberge, mittelalterliche Altst\u00e4dte: Das und mehr bieten die sch\u00f6nsten Ferienstra\u00dfen Deutschlands!\" \/>\n<meta name=\"robots\" content=\"index, follow, max-snippet:-1, max-image-preview:large, max-video-preview:-1\" \/>\n<link rel=\"canonical\" href=\"https:\/\/www.tuicamper.com\/magazin\/ferienstrassen-deutschland\/\" \/>\n<meta property=\"og:locale\" content=\"de_DE\" \/>\n<meta property=\"og:type\" content=\"article\" \/>\n<meta property=\"og:title\" content=\"Die 20 sch\u00f6nsten Ferienstra\u00dfen Deutschlands - TUI CAMPER\" \/>\n<meta property=\"og:description\" content=\"Liebliche T\u00e4ler, spektakul\u00e4re Gebirgspanoramen, idyllische Weinberge, mittelalterliche Altst\u00e4dte: Das und mehr bieten die sch\u00f6nsten Ferienstra\u00dfen Deutschlands!\" \/>\n<meta property=\"og:url\" content=\"https:\/\/www.tuicamper.com\/magazin\/ferienstrassen-deutschland\/\" \/>\n<meta property=\"og:site_name\" content=\"TUI Camper Magazin\" \/>\n<meta property=\"article:published_time\" content=\"2024-02-02T10:28:30+00:00\" \/>\n<meta property=\"article:modified_time\" content=\"2024-06-10T12:38:34+00:00\" \/>\n<meta property=\"og:image\" content=\"https:\/\/www.tuicamper.com\/wp-docker\/wp-content\/uploads\/2024\/02\/ferienstrasse-deutschland-schloss-neuschwanstein.jpg\" \/>\n\t<meta property=\"og:image:width\" content=\"1280\" \/>\n\t<meta property=\"og:image:height\" content=\"492\" \/>\n\t<meta property=\"og:image:type\" content=\"image\/jpeg\" \/>\n<meta name=\"author\" content=\"Olli\" \/>\n<meta name=\"twitter:card\" content=\"summary_large_image\" \/>\n<meta name=\"twitter:label1\" content=\"Verfasst von\" \/>\n\t<meta name=\"twitter:data1\" content=\"Olli\" \/>\n\t<meta name=\"twitter:label2\" content=\"Gesch\u00e4tzte Lesezeit\" \/>\n\t<meta name=\"twitter:data2\" content=\"9\u00a0Minuten\" \/>\n<!-- \/ Yoast SEO plugin. -->","yoast_head_json":{"title":"Die 20 sch\u00f6nsten Ferienstra\u00dfen Deutschlands - TUI CAMPER","description":"Liebliche T\u00e4ler, spektakul\u00e4re Gebirgspanoramen, idyllische Weinberge, mittelalterliche Altst\u00e4dte: Das und mehr bieten die sch\u00f6nsten Ferienstra\u00dfen Deutschlands!","robots":{"index":"index","follow":"follow","max-snippet":"max-snippet:-1","max-image-preview":"max-image-preview:large","max-video-preview":"max-video-preview:-1"},"canonical":"https:\/\/www.tuicamper.com\/magazin\/ferienstrassen-deutschland\/","og_locale":"de_DE","og_type":"article","og_title":"Die 20 sch\u00f6nsten Ferienstra\u00dfen Deutschlands - TUI CAMPER","og_description":"Liebliche T\u00e4ler, spektakul\u00e4re Gebirgspanoramen, idyllische Weinberge, mittelalterliche Altst\u00e4dte: Das und mehr bieten die sch\u00f6nsten Ferienstra\u00dfen Deutschlands!","og_url":"https:\/\/www.tuicamper.com\/magazin\/ferienstrassen-deutschland\/","og_site_name":"TUI Camper Magazin","article_published_time":"2024-02-02T10:28:30+00:00","article_modified_time":"2024-06-10T12:38:34+00:00","og_image":[{"width":1280,"height":492,"url":"https:\/\/www.tuicamper.com\/wp-docker\/wp-content\/uploads\/2024\/02\/ferienstrasse-deutschland-schloss-neuschwanstein.jpg","type":"image\/jpeg"}],"author":"Olli","twitter_card":"summary_large_image","twitter_misc":{"Verfasst von":"Olli","Gesch\u00e4tzte Lesezeit":"9\u00a0Minuten"},"schema":{"@context":"https:\/\/schema.org","@graph":[{"@type":"Article","@id":"https:\/\/www.tuicamper.com\/magazin\/ferienstrassen-deutschland\/#article","isPartOf":{"@id":"https:\/\/www.tuicamper.com\/magazin\/ferienstrassen-deutschland\/"},"author":{"name":"Olli","@id":"https:\/\/www.tuicamper.com\/wp-docker\/#\/schema\/person\/98975e733813f701672fd75ef9df8b69"},"headline":"Die 20 sch\u00f6nsten Ferienstra\u00dfen Deutschlands","datePublished":"2024-02-02T10:28:30+00:00","dateModified":"2024-06-10T12:38:34+00:00","mainEntityOfPage":{"@id":"https:\/\/www.tuicamper.com\/magazin\/ferienstrassen-deutschland\/"},"wordCount":6285,"commentCount":0,"image":{"@id":"https:\/\/www.tuicamper.com\/magazin\/ferienstrassen-deutschland\/#primaryimage"},"thumbnailUrl":"https:\/\/www.tuicamper.com\/wp-docker\/wp-content\/uploads\/2024\/02\/ferienstrasse-deutschland-schloss-neuschwanstein.jpg","keywords":["Deutschland","Kultur","Natur","Paare"],"articleSection":["Reisel\u00e4nder"],"inLanguage":"de","potentialAction":[{"@type":"CommentAction","name":"Comment","target":["https:\/\/www.tuicamper.com\/magazin\/ferienstrassen-deutschland\/#respond"]}]},{"@type":"WebPage","@id":"https:\/\/www.tuicamper.com\/magazin\/ferienstrassen-deutschland\/","url":"https:\/\/www.tuicamper.com\/magazin\/ferienstrassen-deutschland\/","name":"Die 20 sch\u00f6nsten Ferienstra\u00dfen Deutschlands - TUI CAMPER","isPartOf":{"@id":"https:\/\/www.tuicamper.com\/#website"},"primaryImageOfPage":{"@id":"https:\/\/www.tuicamper.com\/magazin\/ferienstrassen-deutschland\/#primaryimage"},"image":{"@id":"https:\/\/www.tuicamper.com\/magazin\/ferienstrassen-deutschland\/#primaryimage"},"thumbnailUrl":"https:\/\/www.tuicamper.com\/wp-content\/uploads\/2024\/02\/ferienstrasse-deutschland-schloss-neuschwanstein.jpg","datePublished":"2024-02-02T10:28:30+00:00","dateModified":"2024-06-10T12:38:34+00:00","author":{"@id":"https:\/\/www.tuicamper.com\/#\/schema\/person\/98975e733813f701672fd75ef9df8b69"},"description":"Liebliche T\u00e4ler, spektakul\u00e4re Gebirgspanoramen, idyllische Weinberge, mittelalterliche Altst\u00e4dte: Das und mehr bieten die sch\u00f6nsten Ferienstra\u00dfen Deutschlands!","breadcrumb":{"@id":"https:\/\/www.tuicamper.com\/magazin\/ferienstrassen-deutschland\/#breadcrumb"},"inLanguage":"de","potentialAction":["Array"]},{"@type":"ImageObject","inLanguage":"de","@id":"https:\/\/www.tuicamper.com\/magazin\/ferienstrassen-deutschland\/#primaryimage","url":"https:\/\/www.tuicamper.com\/wp-docker\/wp-content\/uploads\/2024\/02\/ferienstrasse-deutschland-schloss-neuschwanstein.jpg","contentUrl":"https:\/\/www.tuicamper.com\/wp-docker\/wp-content\/uploads\/2024\/02\/ferienstrasse-deutschland-schloss-neuschwanstein.jpg","width":1280,"height":492,"caption":"Die 20 sch\u00f6nsten Ferienstra\u00dfen Deutschlands"},{"@type":"BreadcrumbList","@id":"https:\/\/www.tuicamper.com\/magazin\/ferienstrassen-deutschland\/#breadcrumb","itemListElement":[{"@type":"ListItem","position":1,"name":"Startseite","item":"https:\/\/www.tuicamper.com\/wp-docker\/"},{"@type":"ListItem","position":2,"name":"Die 20 sch\u00f6nsten Ferienstra\u00dfen Deutschlands"}]},{"@type":"WebSite","@id":"https:\/\/www.tuicamper.com\/#website","url":"https:\/\/www.tuicamper.com\/","name":"TUI Camper Magazin","description":"","potentialAction":["Array"],"inLanguage":"de"},{"@type":"Person","@id":"https:\/\/www.tuicamper.com\/wp-docker\/#\/schema\/person\/98975e733813f701672fd75ef9df8b69","name":"Olli","image":{"@type":"ImageObject","inLanguage":"de","@id":"https:\/\/secure.gravatar.com\/avatar\/4529b17b9a4dec34d38f705f89e1db8c906d30537b64d795d775d528c07951ff?s=96&d=mm&r=g","url":"https:\/\/secure.gravatar.com\/avatar\/4529b17b9a4dec34d38f705f89e1db8c906d30537b64d795d775d528c07951ff?s=96&d=mm&r=g","contentUrl":"https:\/\/secure.gravatar.com\/avatar\/4529b17b9a4dec34d38f705f89e1db8c906d30537b64d795d775d528c07951ff?s=96&d=mm&r=g","caption":"Olli"},"url":"https:\/\/www.tuicamper.com\/wp-docker\/magazin\/author\/olli\/"}]}},"_links":{"self":[{"href":"https:\/\/www.tuicamper.com\/wp-docker\/wp-json\/wp\/v2\/posts\/70535","targetHints":{"allow":["GET"]}}],"collection":[{"href":"https:\/\/www.tuicamper.com\/wp-docker\/wp-json\/wp\/v2\/posts"}],"about":[{"href":"https:\/\/www.tuicamper.com\/wp-docker\/wp-json\/wp\/v2\/types\/post"}],"author":[{"embeddable":true,"href":"https:\/\/www.tuicamper.com\/wp-docker\/wp-json\/wp\/v2\/users\/5"}],"replies":[{"embeddable":true,"href":"https:\/\/www.tuicamper.com\/wp-docker\/wp-json\/wp\/v2\/comments?post=70535"}],"version-history":[{"count":21,"href":"https:\/\/www.tuicamper.com\/wp-docker\/wp-json\/wp\/v2\/posts\/70535\/revisions"}],"predecessor-version":[{"id":81899,"href":"https:\/\/www.tuicamper.com\/wp-docker\/wp-json\/wp\/v2\/posts\/70535\/revisions\/81899"}],"wp:featuredmedia":[{"embeddable":true,"href":"https:\/\/www.tuicamper.com\/wp-docker\/wp-json\/wp\/v2\/media\/70537"}],"wp:attachment":[{"href":"https:\/\/www.tuicamper.com\/wp-docker\/wp-json\/wp\/v2\/media?parent=70535"}],"wp:term":[{"taxonomy":"category","embeddable":true,"href":"https:\/\/www.tuicamper.com\/wp-docker\/wp-json\/wp\/v2\/categories?post=70535"},{"taxonomy":"post_tag","embeddable":true,"href":"https:\/\/www.tuicamper.com\/wp-docker\/wp-json\/wp\/v2\/tags?post=70535"}],"curies":[{"name":"wp","href":"https:\/\/api.w.org\/{rel}","templated":true}]}}