{"id":6778,"date":"2020-11-18T11:17:45","date_gmt":"2020-11-18T10:17:45","guid":{"rendered":"https:\/\/www.tuicamper.com\/?p=6778"},"modified":"2024-03-01T15:00:46","modified_gmt":"2024-03-01T14:00:46","slug":"mit-dem-camper-in-den-nordosten-europas","status":"publish","type":"post","link":"https:\/\/www.tuicamper.com\/magazin\/mit-dem-camper-in-den-nordosten-europas\/","title":{"rendered":"Mit dem Camper in den Nordosten Europas"},"content":{"rendered":"<div id='av_section_1'  class='avia-section av-jt5vrdgv-4386718e65b314e69682ca60ae604601 main_color avia-section-default avia-no-border-styling  avia-builder-el-0  el_before_av_textblock  avia-builder-el-first  reduced-content avia-bg-style-scroll container_wrap sidebar_right'  ><div class='container av-section-cont-open' ><main  role=\"main\" itemprop=\"mainContentOfPage\"  class='template-page content  av-content-small alpha units'><div class='post-entry post-entry-type-page post-entry-6778'><div class='entry-content-wrapper clearfix'>\n\n<style type=\"text\/css\" data-created_by=\"avia_inline_auto\" id=\"style-css-av-1g5aou-6e8505d9de1136ce38f66b0d0e5d2a36\">\n.flex_column.av-1g5aou-6e8505d9de1136ce38f66b0d0e5d2a36{\nborder-radius:0px 0px 0px 0px;\npadding:0px 0px 0px 0px;\n}\n<\/style>\n<div  class='flex_column av-1g5aou-6e8505d9de1136ce38f66b0d0e5d2a36 av_one_full  avia-builder-el-1  avia-builder-el-no-sibling  first flex_column_div av-zero-column-padding  '     ><section  class='av_textblock_section av-jt5tjyk0-3c3ad3c49a2fedf7b0c26b6227895b8a '   itemscope=\"itemscope\" itemtype=\"https:\/\/schema.org\/BlogPosting\" itemprop=\"blogPost\" ><div class='avia_textblock'  itemprop=\"text\" ><p><a href=\"#bachmann\"><img loading=\"lazy\" decoding=\"async\" class=\"alignleft wp-image-6960 size-full\" src=\"https:\/\/www.tuicamper.com\/wp-docker\/wp-content\/uploads\/2020\/11\/Gastartikel-Bachmann.jpg\" alt=\"Gastartikel Bachmann\" width=\"165\" height=\"200\" \/><\/a>Ein Nationalpark, der einen an die Sahara erinnert; eine Stadt, in der man sich ins Mittelalter zur\u00fcckversetzt f\u00fchlt; ein Archipel, wo Sie bestimmt Ihre Lieblingsinsel finden und eine Stra\u00dfe, die durch urspr\u00fcngliche W\u00e4lder und verwunschene Seen f\u00fchrt. Wandern Sie durch den Slowinzischen Nationalpark in Polens Norden, entdecken Sie Estlands Hauptstadt Tallinn, paddeln Sie auf dem \u00c5landarchipel zwischen Finnland und Schweden von Insel zu Insel und genie\u00dfen Sie die Fahrt auf der Via Karelia entlang der finnisch-russischen Grenze. Diese Wohnmobilreise verspricht Abenteuer, interessante St\u00e4dtebesuche, kulturelle Begegnungen und Natur pur zugleich. Auf geht\u2019s in den Nordosten Europas!<\/p>\n<\/div><\/section><\/div>\n<\/div><\/div><\/main><!-- close content main element --><\/div><\/div><div id='after_section_1'  class='main_color av_default_container_wrap container_wrap sidebar_right'  ><div class='container av-section-cont-open' ><div class='template-page content  av-content-small alpha units'><div class='post-entry post-entry-type-page post-entry-6778'><div class='entry-content-wrapper clearfix'>\n<section  class='av_textblock_section av-jtpqpty6-550c066a997ebaf648fccc87d0b9ff16 '   itemscope=\"itemscope\" itemtype=\"https:\/\/schema.org\/BlogPosting\" itemprop=\"blogPost\" ><div class='avia_textblock'  itemprop=\"text\" >\n<\/div><\/section>\n<\/div><\/div><\/div><!-- close content main div --><\/div><\/div><div id='av_section_2'  class='avia-section av-jt5vrdgv-149-d13422c9698dead875c83737d089dc85 main_color avia-section-default avia-no-border-styling  avia-builder-el-4  el_after_av_textblock  el_before_av_section  reduced-content avia-bg-style-scroll container_wrap sidebar_right'  ><div class='container av-section-cont-open' ><div class='template-page content  av-content-small alpha units'><div class='post-entry post-entry-type-page post-entry-6778'><div class='entry-content-wrapper clearfix'>\n<section  class='av_textblock_section av-jt5tjyk0-147-15790b8e48c570a3e2e3da3a2a76bddf '   itemscope=\"itemscope\" itemtype=\"https:\/\/schema.org\/BlogPosting\" itemprop=\"blogPost\" ><div class='avia_textblock'  itemprop=\"text\" ><div id=\"js-table-of-contents\">\r\n    <strong>Inhaltsverzeichnis<\/strong>\r\n<\/div>\n<\/div><\/section>\n\n<\/div><\/div><\/div><!-- close content main div --><\/div><\/div><div id='av_section_3'  class='avia-section av-jt5vrdgv-146-082c0935280576bc4fd73f170a3df9c6 main_color avia-section-default avia-no-border-styling  avia-builder-el-6  el_after_av_section  el_before_av_section  reduced-content avia-bg-style-scroll container_wrap sidebar_right'  ><div class='container av-section-cont-open' ><div class='template-page content  av-content-small alpha units'><div class='post-entry post-entry-type-page post-entry-6778'><div class='entry-content-wrapper clearfix'>\n\n<style type=\"text\/css\" data-created_by=\"avia_inline_auto\" id=\"style-css-av-1g5aou-148-6b6e6ff7268e76a1cde32b61d974bfb9\">\n.flex_column.av-1g5aou-148-6b6e6ff7268e76a1cde32b61d974bfb9{\nborder-radius:0px 0px 0px 0px;\npadding:0px 0px 0px 0px;\n}\n<\/style>\n<div  class='flex_column av-1g5aou-148-6b6e6ff7268e76a1cde32b61d974bfb9 av_one_full  avia-builder-el-7  avia-builder-el-no-sibling  first flex_column_div av-zero-column-padding  '     ><section  class='av_textblock_section av-jt5tjyk0-145-4f43e21b95e79b377bcd271cf849adf2 '   itemscope=\"itemscope\" itemtype=\"https:\/\/schema.org\/BlogPosting\" itemprop=\"blogPost\" ><div class='avia_textblock'  itemprop=\"text\" ><h2>Prolog<\/h2>\n<p>Noch anfangs Mai hatte ich die Hoffnung nicht aufgegeben, dass es mit dem langgeplanten Amerikaurlaub doch noch klappt. Doch schon wenige Wochen sp\u00e4ter musste ich die Tr\u00e4ume der f\u00fcnfw\u00f6chigen <a href=\"https:\/\/www.tuicamper.com\/magazin\/roadtrip-usa\/\">Wohnmobil-Rundreise durch den S\u00fcdwesten der USA<\/a> endg\u00fcltig begraben. Schuld daran: das winzigkleine Corona-Virus. Was nun?<\/p>\n<p>Zuhause rumsitzen kam f\u00fcr mich nicht in Frage. Wir \u2013 meine liebe Frau Esther und unsere beiden Kinder Ian und Nina &#8211; entschieden uns nach kurzer Diskussion, den Norden Europas neu zu entdecken, obwohl wir schon etliche Ecken davon besucht hatten. Eine Mail an TUI-Camper gen\u00fcgte und schon wurde uns die Anmietung des Wohnmobils unkompliziert umgebucht.<\/p>\n<p>Nun ging\u2019s an die <a href=\"https:\/\/www.tuicamper.com\/routen\/\">Reiseroutenplanung<\/a>. In Zeiten von Corona gar nicht so einfach. Zu Beginn war <a href=\"https:\/\/www.tuicamper.com\/reiseziele\/europa\/schweden\/\">Schweden<\/a> angedacht, doch die steigenden Fallzahlen hielten uns von einer Reise ins Land von Astrid Lindgren und ABBA ab. So schwenkten wir auf <a href=\"https:\/\/www.tuicamper.com\/reiseziele\/europa\/finnland\/\">Finnland<\/a> um; ein letztendlich guter Entscheid. F\u00fcr die Anreise w\u00e4hlten wir den Landweg \u00fcber Polen und das Baltikum;<\/p>\n<p>f\u00fcr den R\u00fcckweg entschieden wir uns f\u00fcr die direkte F\u00e4hrfahrt einmal quer durch die Ostsee von Helsinki nach Travem\u00fcnde.<\/p>\n<\/div><\/section><\/div>\n\n<\/div><\/div><\/div><!-- close content main div --><\/div><\/div><div id='av_section_4'  class='avia-section av-jt5vrdgv-144-b33a3a7ecc37d5d886a581ce7dbe75f9 main_color avia-section-default avia-no-border-styling  avia-builder-el-9  el_after_av_section  el_before_av_section  reduced-content avia-bg-style-scroll container_wrap sidebar_right'  ><div class='container av-section-cont-open' ><div class='template-page content  av-content-small alpha units'><div class='post-entry post-entry-type-page post-entry-6778'><div class='entry-content-wrapper clearfix'>\n\n<style type=\"text\/css\" data-created_by=\"avia_inline_auto\" id=\"style-css-av-1g5aou-143-ab19a5ab56d53266cdd0e6ff74456ac9\">\n.flex_column.av-1g5aou-143-ab19a5ab56d53266cdd0e6ff74456ac9{\nborder-radius:0px 0px 0px 0px;\npadding:0px 0px 0px 0px;\n}\n<\/style>\n<div  class='flex_column av-1g5aou-143-ab19a5ab56d53266cdd0e6ff74456ac9 av_one_full  avia-builder-el-10  avia-builder-el-no-sibling  first flex_column_div av-zero-column-padding  '     ><section  class='av_textblock_section av-jt5tjyk0-142-910732cba1b701b32f52f2b85d5f30b0 '   itemscope=\"itemscope\" itemtype=\"https:\/\/schema.org\/BlogPosting\" itemprop=\"blogPost\" ><div class='avia_textblock'  itemprop=\"text\" ><h2>Vorbereitungen<\/h2>\n<p>Endlich ging\u2019s dann doch noch los. Nordosteuropa wir kommen!<br \/>\nDie \u00dcbernahme des Campers in <a href=\"https:\/\/www.tuicamper.com\/reiseziele\/europa\/deutschland\/rheinfelden\/\">Rheinfelden<\/a> verlief \u00e4u\u00dferst unkompliziert, die Mitarbeiter waren super freundlich. Gaskochherd l\u00e4uft. Bordtoilette in Ordnung. Elektrisches Hebebett l\u00e4sst sich einwandfrei runter- und hochfahren. Alles prima!<br \/>\nMein Tipp: H\u00f6ren Sie aufmerksam zu und notieren Sie sich beim Rundgang wegen eventueller Sch\u00e4den jeden Kratzer, es erspart Ihnen im Nachhinein viel \u00c4rger.<br \/>\nNach gut anderthalb Stunden spurte ich bereits auf die Autobahn ein. Unser Ziel: M\u00f6glichst weit in den Norden Deutschlands zu kommen. In der L\u00fcneburger Heide wurden wir f\u00fcndig, ein netter Campingplatz am Rande der Heide mit Blick auf eine Pferdekoppel (<a href=\"https:\/\/www.camping-lh.de\/\" target=\"_blank\" rel=\"noopener\">https:\/\/www.camping-lh.de\/<\/a>).<\/p>\n<\/div><\/section><\/div>\n\n<\/div><\/div><\/div><!-- close content main div --><\/div><\/div><div id='av_section_5'  class='avia-section av-jt5vrdgv-141-e26ee69e83a81df454e9650a4b00ff14 main_color avia-section-default avia-no-border-styling  avia-builder-el-12  el_after_av_section  el_before_av_section  reduced-content avia-bg-style-scroll container_wrap sidebar_right'  ><div class='container av-section-cont-open' ><div class='template-page content  av-content-small alpha units'><div class='post-entry post-entry-type-page post-entry-6778'><div class='entry-content-wrapper clearfix'>\n\n<style type=\"text\/css\" data-created_by=\"avia_inline_auto\" id=\"style-css-av-1g5aou-140-9748dd436628ce5cf67a04dd729d80a1\">\n.flex_column.av-1g5aou-140-9748dd436628ce5cf67a04dd729d80a1{\nborder-radius:0px 0px 0px 0px;\npadding:0px 0px 0px 0px;\n}\n<\/style>\n<div  class='flex_column av-1g5aou-140-9748dd436628ce5cf67a04dd729d80a1 av_one_full  avia-builder-el-13  avia-builder-el-no-sibling  first flex_column_div av-zero-column-padding  '     ><section  class='av_textblock_section av-jt5tjyk0-139-4c45150157af9a611b963c86b7a9f7c9 '   itemscope=\"itemscope\" itemtype=\"https:\/\/schema.org\/BlogPosting\" itemprop=\"blogPost\" ><div class='avia_textblock'  itemprop=\"text\" ><h2>Polens Norden \u2013 kulturelle Sch\u00e4tze und Naturph\u00e4nomen<\/h2>\n<p>Am n\u00e4chsten Tag mussten wir uns erstmals einen Grundstock an Lebensmitteln zulegen. Das erledigten wir auf der deutschen Seite Usedoms. Aufgrund der Corona-Situation waren jedoch die Campingpl\u00e4tze total \u00fcberlaufen. So entschieden wir uns rasch nach Polen weiterzufahren. Mit der Gratisf\u00e4hre ging\u2019s r\u00fcber nach Polen.<\/p>\n<\/div><\/section><\/div>\n\n<\/div><\/div><\/div><!-- close content main div --><\/div><\/div><div id='av_section_6'  class='avia-section av-jt5vrdgv-138-465bbb3568fc0dca31f608e8b8d82ae7 main_color avia-section-default avia-no-border-styling  avia-builder-el-15  el_after_av_section  el_before_av_section  reduced-content avia-bg-style-scroll container_wrap sidebar_right'  ><div class='container av-section-cont-open' ><div class='template-page content  av-content-small alpha units'><div class='post-entry post-entry-type-page post-entry-6778'><div class='entry-content-wrapper clearfix'>\n\n<style type=\"text\/css\" data-created_by=\"avia_inline_auto\" id=\"style-css-av-kgt6zehk-5a8d7b3cb05b8f25a4860935d263ff77\">\n#top .avia-gallery.av-kgt6zehk-5a8d7b3cb05b8f25a4860935d263ff77 .avia-gallery-thumb a{\nwidth:100%;\n}\n<\/style>\n<div  class='avia-gallery av-kgt6zehk-5a8d7b3cb05b8f25a4860935d263ff77 avia_animate_when_visible  avia-builder-el-16  avia-builder-el-no-sibling  animations_off avia-gallery-1'  itemprop=\"image\" itemscope=\"itemscope\" itemtype=\"https:\/\/schema.org\/ImageObject\" ><meta itemprop=\"contentURL\" content=\"https:\/\/www.tuicamper.com\/magazin\/mit-dem-camper-in-den-nordosten-europas\/\"><div class='avia-gallery-thumb'><a href=\"https:\/\/www.tuicamper.com\/wp-docker\/wp-content\/uploads\/2020\/10\/unbenannt-01020-1030x687.jpg\" data-srcset=\"https:\/\/www.tuicamper.com\/wp-docker\/wp-content\/uploads\/2020\/10\/unbenannt-01020-1030x687.jpg 1030w, https:\/\/www.tuicamper.com\/wp-docker\/wp-content\/uploads\/2020\/10\/unbenannt-01020-300x200.jpg 300w, https:\/\/www.tuicamper.com\/wp-docker\/wp-content\/uploads\/2020\/10\/unbenannt-01020-768x512.jpg 768w, https:\/\/www.tuicamper.com\/wp-docker\/wp-content\/uploads\/2020\/10\/unbenannt-01020-705x470.jpg 705w, https:\/\/www.tuicamper.com\/wp-docker\/wp-content\/uploads\/2020\/10\/unbenannt-01020.jpg 1440w\" data-sizes=\"(max-width: 1030px) 100vw, 1030px\" data-rel='gallery-1' data-prev-img='https:\/\/www.tuicamper.com\/wp-docker\/wp-content\/uploads\/2020\/10\/unbenannt-01020-495x400.jpg' class='first_thumb lightbox ' data-onclick='1' title='F\u00e4hre nach Polen'  itemprop=\"thumbnailUrl\"  ><img decoding=\"async\" fetchpriority=\"high\" class=\"wp-image-6791 avia-img-lazy-loading-not-6791\"   src=\"https:\/\/www.tuicamper.com\/wp-docker\/wp-content\/uploads\/2020\/10\/unbenannt-01020-710x375.jpg\" width=\"710\" height=\"375\"  title='F\u00e4hre nach Polen' alt='F\u00e4hre nach Polen' \/><div class='big-prev-fake'><img decoding=\"async\" loading=\"lazy\" class=\"wp-image-6791 avia-img-lazy-loading-6791\"  width=\"495\" height=\"400\" src=\"https:\/\/www.tuicamper.com\/wp-docker\/wp-content\/uploads\/2020\/10\/unbenannt-01020-495x400.jpg\" title='F\u00e4hre nach Polen' alt='F\u00e4hre nach Polen' srcset=\"https:\/\/www.tuicamper.com\/wp-docker\/wp-content\/uploads\/2020\/10\/unbenannt-01020-495x400.jpg 495w, https:\/\/www.tuicamper.com\/wp-docker\/wp-content\/uploads\/2020\/10\/unbenannt-01020-845x684.jpg 845w\" sizes=\"auto, (max-width: 495px) 100vw, 495px\" \/><\/div><\/a><\/div><\/div>\n\n<\/div><\/div><\/div><!-- close content main div --><\/div><\/div><div id='av_section_7'  class='avia-section av-jt5vrdgv-135-fc7657f81704a7662fb3a68e95a74efc main_color avia-section-default avia-no-border-styling  avia-builder-el-17  el_after_av_section  el_before_av_section  reduced-content avia-bg-style-scroll container_wrap sidebar_right'  ><div class='container av-section-cont-open' ><div class='template-page content  av-content-small alpha units'><div class='post-entry post-entry-type-page post-entry-6778'><div class='entry-content-wrapper clearfix'>\n\n<style type=\"text\/css\" data-created_by=\"avia_inline_auto\" id=\"style-css-av-1g5aou-137-079917d2a303b3698d463698a093695d\">\n.flex_column.av-1g5aou-137-079917d2a303b3698d463698a093695d{\nborder-radius:0px 0px 0px 0px;\npadding:0px 0px 0px 0px;\n}\n<\/style>\n<div  class='flex_column av-1g5aou-137-079917d2a303b3698d463698a093695d av_one_full  avia-builder-el-18  avia-builder-el-no-sibling  first flex_column_div av-zero-column-padding  '     ><section  class='av_textblock_section av-jt5tjyk0-136-9e452362c7015f5ca70d5b55ff032fb8 '   itemscope=\"itemscope\" itemtype=\"https:\/\/schema.org\/BlogPosting\" itemprop=\"blogPost\" ><div class='avia_textblock'  itemprop=\"text\" ><p>Mit dem Stettiner Haff und den beiden Inseln Usedom und Wollin zeigt sich die polnische Ostseek\u00fcste gleich zum Auftakt von ihrer sch\u00f6nsten Seite: mit breiten Str\u00e4nden und hohen Kliffen.<\/p>\n<\/div><\/section><\/div>\n\n<\/div><\/div><\/div><!-- close content main div --><\/div><\/div><div id='av_section_8'  class='avia-section av-jt5vrdgv-133-108920db0eda3cc1d75ba96878a52b19 main_color avia-section-default avia-no-border-styling  avia-builder-el-20  el_after_av_section  el_before_av_section  reduced-content avia-bg-style-scroll container_wrap sidebar_right'  ><div class='container av-section-cont-open' ><div class='template-page content  av-content-small alpha units'><div class='post-entry post-entry-type-page post-entry-6778'><div class='entry-content-wrapper clearfix'>\n\n<style type=\"text\/css\" data-created_by=\"avia_inline_auto\" id=\"style-css-av-kgt6zehk-134-c01a423db4420bea6194417686254150\">\n#top .avia-gallery.av-kgt6zehk-134-c01a423db4420bea6194417686254150 .avia-gallery-thumb a{\nwidth:50%;\n}\n<\/style>\n<div  class='avia-gallery av-kgt6zehk-134-c01a423db4420bea6194417686254150 avia_animate_when_visible  avia-builder-el-21  avia-builder-el-no-sibling  animations_off avia-gallery-2'  itemprop=\"image\" itemscope=\"itemscope\" itemtype=\"https:\/\/schema.org\/ImageObject\" ><meta itemprop=\"contentURL\" content=\"https:\/\/www.tuicamper.com\/magazin\/mit-dem-camper-in-den-nordosten-europas\/\"><div class='avia-gallery-thumb'><a href=\"https:\/\/www.tuicamper.com\/wp-docker\/wp-content\/uploads\/2020\/10\/unbenannt-01004-1030x687.jpg\" data-srcset=\"https:\/\/www.tuicamper.com\/wp-docker\/wp-content\/uploads\/2020\/10\/unbenannt-01004-1030x687.jpg 1030w, https:\/\/www.tuicamper.com\/wp-docker\/wp-content\/uploads\/2020\/10\/unbenannt-01004-300x200.jpg 300w, https:\/\/www.tuicamper.com\/wp-docker\/wp-content\/uploads\/2020\/10\/unbenannt-01004-768x512.jpg 768w, https:\/\/www.tuicamper.com\/wp-docker\/wp-content\/uploads\/2020\/10\/unbenannt-01004-705x470.jpg 705w, https:\/\/www.tuicamper.com\/wp-docker\/wp-content\/uploads\/2020\/10\/unbenannt-01004.jpg 1440w\" data-sizes=\"(max-width: 1030px) 100vw, 1030px\" data-rel='gallery-2' data-prev-img='https:\/\/www.tuicamper.com\/wp-docker\/wp-content\/uploads\/2020\/10\/unbenannt-01004-495x400.jpg' class='first_thumb lightbox ' data-onclick='1' title='Polnische Ostseek\u00fcste'  itemprop=\"thumbnailUrl\"  ><img decoding=\"async\" fetchpriority=\"high\" class=\"wp-image-6824 avia-img-lazy-loading-not-6824\"   src=\"https:\/\/www.tuicamper.com\/wp-docker\/wp-content\/uploads\/2020\/10\/unbenannt-01004-1030x687.jpg\" width=\"1030\" height=\"687\"  title='Polnische Ostseek\u00fcste' alt='Polnische Ostseek\u00fcste' srcset=\"https:\/\/www.tuicamper.com\/wp-docker\/wp-content\/uploads\/2020\/10\/unbenannt-01004-1030x687.jpg 1030w, https:\/\/www.tuicamper.com\/wp-docker\/wp-content\/uploads\/2020\/10\/unbenannt-01004-300x200.jpg 300w, https:\/\/www.tuicamper.com\/wp-docker\/wp-content\/uploads\/2020\/10\/unbenannt-01004-768x512.jpg 768w, https:\/\/www.tuicamper.com\/wp-docker\/wp-content\/uploads\/2020\/10\/unbenannt-01004-705x470.jpg 705w, https:\/\/www.tuicamper.com\/wp-docker\/wp-content\/uploads\/2020\/10\/unbenannt-01004.jpg 1440w\" sizes=\"(max-width: 1030px) 100vw, 1030px\" \/><div class='big-prev-fake'><img decoding=\"async\" loading=\"lazy\" class=\"wp-image-6824 avia-img-lazy-loading-6824\"  width=\"495\" height=\"400\" src=\"https:\/\/www.tuicamper.com\/wp-docker\/wp-content\/uploads\/2020\/10\/unbenannt-01004-495x400.jpg\" title='Polnische Ostseek\u00fcste' alt='Polnische Ostseek\u00fcste' srcset=\"https:\/\/www.tuicamper.com\/wp-docker\/wp-content\/uploads\/2020\/10\/unbenannt-01004-495x400.jpg 495w, https:\/\/www.tuicamper.com\/wp-docker\/wp-content\/uploads\/2020\/10\/unbenannt-01004-845x684.jpg 845w\" sizes=\"auto, (max-width: 495px) 100vw, 495px\" \/><\/div><\/a><a href=\"https:\/\/www.tuicamper.com\/wp-docker\/wp-content\/uploads\/2020\/10\/unbenannt-00983-1030x687.jpg\" data-srcset=\"https:\/\/www.tuicamper.com\/wp-docker\/wp-content\/uploads\/2020\/10\/unbenannt-00983-1030x687.jpg 1030w, https:\/\/www.tuicamper.com\/wp-docker\/wp-content\/uploads\/2020\/10\/unbenannt-00983-300x200.jpg 300w, https:\/\/www.tuicamper.com\/wp-docker\/wp-content\/uploads\/2020\/10\/unbenannt-00983-768x512.jpg 768w, https:\/\/www.tuicamper.com\/wp-docker\/wp-content\/uploads\/2020\/10\/unbenannt-00983-705x470.jpg 705w, https:\/\/www.tuicamper.com\/wp-docker\/wp-content\/uploads\/2020\/10\/unbenannt-00983.jpg 1440w\" data-sizes=\"(max-width: 1030px) 100vw, 1030px\" data-rel='gallery-2' data-prev-img='https:\/\/www.tuicamper.com\/wp-docker\/wp-content\/uploads\/2020\/10\/unbenannt-00983-495x400.jpg' class='lightbox ' data-onclick='2' title='Polnische Ostseek\u00fcste'  itemprop=\"thumbnailUrl\"  ><img decoding=\"async\" fetchpriority=\"high\" class=\"wp-image-6823 avia-img-lazy-loading-not-6823\"   src=\"https:\/\/www.tuicamper.com\/wp-docker\/wp-content\/uploads\/2020\/10\/unbenannt-00983-1030x687.jpg\" width=\"1030\" height=\"687\"  title='Polnische Ostseek\u00fcste' alt='Polnische Ostseek\u00fcste' srcset=\"https:\/\/www.tuicamper.com\/wp-docker\/wp-content\/uploads\/2020\/10\/unbenannt-00983-1030x687.jpg 1030w, https:\/\/www.tuicamper.com\/wp-docker\/wp-content\/uploads\/2020\/10\/unbenannt-00983-300x200.jpg 300w, https:\/\/www.tuicamper.com\/wp-docker\/wp-content\/uploads\/2020\/10\/unbenannt-00983-768x512.jpg 768w, https:\/\/www.tuicamper.com\/wp-docker\/wp-content\/uploads\/2020\/10\/unbenannt-00983-705x470.jpg 705w, https:\/\/www.tuicamper.com\/wp-docker\/wp-content\/uploads\/2020\/10\/unbenannt-00983.jpg 1440w\" sizes=\"(max-width: 1030px) 100vw, 1030px\" \/><div class='big-prev-fake'><img decoding=\"async\" loading=\"lazy\" class=\"wp-image-6823 avia-img-lazy-loading-6823\"  width=\"495\" height=\"400\" src=\"https:\/\/www.tuicamper.com\/wp-docker\/wp-content\/uploads\/2020\/10\/unbenannt-00983-495x400.jpg\" title='Polnische Ostseek\u00fcste' alt='Polnische Ostseek\u00fcste' srcset=\"https:\/\/www.tuicamper.com\/wp-docker\/wp-content\/uploads\/2020\/10\/unbenannt-00983-495x400.jpg 495w, https:\/\/www.tuicamper.com\/wp-docker\/wp-content\/uploads\/2020\/10\/unbenannt-00983-845x684.jpg 845w\" sizes=\"auto, (max-width: 495px) 100vw, 495px\" \/><\/div><\/a><\/div><\/div>\n\n<\/div><\/div><\/div><!-- close content main div --><\/div><\/div><div id='av_section_9'  class='avia-section av-jt5vrdgv-130-dcd5da500bfafe8f6a59d097c5c16d22 main_color avia-section-default avia-no-border-styling  avia-builder-el-22  el_after_av_section  el_before_av_section  reduced-content avia-bg-style-scroll container_wrap sidebar_right'  ><div class='container av-section-cont-open' ><div class='template-page content  av-content-small alpha units'><div class='post-entry post-entry-type-page post-entry-6778'><div class='entry-content-wrapper clearfix'>\n\n<style type=\"text\/css\" data-created_by=\"avia_inline_auto\" id=\"style-css-av-1g5aou-132-87ffa365f6aa226937e8e202ceac912e\">\n.flex_column.av-1g5aou-132-87ffa365f6aa226937e8e202ceac912e{\nborder-radius:0px 0px 0px 0px;\npadding:0px 0px 0px 0px;\n}\n<\/style>\n<div  class='flex_column av-1g5aou-132-87ffa365f6aa226937e8e202ceac912e av_one_full  avia-builder-el-23  avia-builder-el-no-sibling  first flex_column_div av-zero-column-padding  '     ><section  class='av_textblock_section av-jt5tjyk0-131-5c10c5aeef9e3d72b5343bf5dcea8ea7 '   itemscope=\"itemscope\" itemtype=\"https:\/\/schema.org\/BlogPosting\" itemprop=\"blogPost\" ><div class='avia_textblock'  itemprop=\"text\" ><p>Eingangstor und einen Abstecher wert k\u00f6nnte das 60 km von der K\u00fcste entfernte Stettin sein. Die heutige Hauptstadt der Provinz Westpommern lockt mit einer mittelalterlichen Altstadt, maritimem Flair und einem vitalen kulturellen Leben.<\/p>\n<p>Das Highlight der Grenzregion aber ist f\u00fcr mich der Wolliner Nationalpark mit Klippen, t\u00fcrkisfarbenen Seen, Buchenw\u00e4ldern, die zum Wandern einladen und einem riesigen Haff im Hinterland. Wer zudem gerne badet; an der K\u00fcste bei Miedzyzdroje locken herrliche Str\u00e4nde.<\/p>\n<\/div><\/section><\/div>\n\n<\/div><\/div><\/div><!-- close content main div --><\/div><\/div><div id='av_section_10'  class='avia-section av-jt5vrdgv-128-e5c7af215da5cb7512e508576c643696 main_color avia-section-default avia-no-border-styling  avia-builder-el-25  el_after_av_section  el_before_av_section  reduced-content avia-bg-style-scroll container_wrap sidebar_right'  ><div class='container av-section-cont-open' ><div class='template-page content  av-content-small alpha units'><div class='post-entry post-entry-type-page post-entry-6778'><div class='entry-content-wrapper clearfix'>\n\n<style type=\"text\/css\" data-created_by=\"avia_inline_auto\" id=\"style-css-av-kgt6zehk-129-8c42144db6455808b132a7151b511579\">\n#top .avia-gallery.av-kgt6zehk-129-8c42144db6455808b132a7151b511579 .avia-gallery-thumb a{\nwidth:50%;\n}\n<\/style>\n<div  class='avia-gallery av-kgt6zehk-129-8c42144db6455808b132a7151b511579 avia_animate_when_visible  avia-builder-el-26  avia-builder-el-no-sibling  animations_off avia-gallery-3'  itemprop=\"image\" itemscope=\"itemscope\" itemtype=\"https:\/\/schema.org\/ImageObject\" ><meta itemprop=\"contentURL\" content=\"https:\/\/www.tuicamper.com\/magazin\/mit-dem-camper-in-den-nordosten-europas\/\"><div class='avia-gallery-thumb'><a href=\"https:\/\/www.tuicamper.com\/wp-docker\/wp-content\/uploads\/2020\/10\/unbenannt-01021-1030x687.jpg\" data-srcset=\"https:\/\/www.tuicamper.com\/wp-docker\/wp-content\/uploads\/2020\/10\/unbenannt-01021-1030x687.jpg 1030w, https:\/\/www.tuicamper.com\/wp-docker\/wp-content\/uploads\/2020\/10\/unbenannt-01021-300x200.jpg 300w, https:\/\/www.tuicamper.com\/wp-docker\/wp-content\/uploads\/2020\/10\/unbenannt-01021-768x512.jpg 768w, https:\/\/www.tuicamper.com\/wp-docker\/wp-content\/uploads\/2020\/10\/unbenannt-01021-705x470.jpg 705w, https:\/\/www.tuicamper.com\/wp-docker\/wp-content\/uploads\/2020\/10\/unbenannt-01021.jpg 1440w\" data-sizes=\"(max-width: 1030px) 100vw, 1030px\" data-rel='gallery-3' data-prev-img='https:\/\/www.tuicamper.com\/wp-docker\/wp-content\/uploads\/2020\/10\/unbenannt-01021-495x400.jpg' class='first_thumb lightbox ' data-onclick='1' title='Wolliner Nationalpark'  itemprop=\"thumbnailUrl\"  ><img decoding=\"async\" fetchpriority=\"high\" class=\"wp-image-6860 avia-img-lazy-loading-not-6860\"   src=\"https:\/\/www.tuicamper.com\/wp-docker\/wp-content\/uploads\/2020\/10\/unbenannt-01021-1030x687.jpg\" width=\"1030\" height=\"687\"  title='Wolliner Nationalpark' alt='Wolliner Nationalpark' srcset=\"https:\/\/www.tuicamper.com\/wp-docker\/wp-content\/uploads\/2020\/10\/unbenannt-01021-1030x687.jpg 1030w, https:\/\/www.tuicamper.com\/wp-docker\/wp-content\/uploads\/2020\/10\/unbenannt-01021-300x200.jpg 300w, https:\/\/www.tuicamper.com\/wp-docker\/wp-content\/uploads\/2020\/10\/unbenannt-01021-768x512.jpg 768w, https:\/\/www.tuicamper.com\/wp-docker\/wp-content\/uploads\/2020\/10\/unbenannt-01021-705x470.jpg 705w, https:\/\/www.tuicamper.com\/wp-docker\/wp-content\/uploads\/2020\/10\/unbenannt-01021.jpg 1440w\" sizes=\"(max-width: 1030px) 100vw, 1030px\" \/><div class='big-prev-fake'><img decoding=\"async\" loading=\"lazy\" class=\"wp-image-6860 avia-img-lazy-loading-6860\"  width=\"495\" height=\"400\" src=\"https:\/\/www.tuicamper.com\/wp-docker\/wp-content\/uploads\/2020\/10\/unbenannt-01021-495x400.jpg\" title='Wolliner Nationalpark' alt='Wolliner Nationalpark' srcset=\"https:\/\/www.tuicamper.com\/wp-docker\/wp-content\/uploads\/2020\/10\/unbenannt-01021-495x400.jpg 495w, https:\/\/www.tuicamper.com\/wp-docker\/wp-content\/uploads\/2020\/10\/unbenannt-01021-845x684.jpg 845w\" sizes=\"auto, (max-width: 495px) 100vw, 495px\" \/><\/div><\/a><a href=\"https:\/\/www.tuicamper.com\/wp-docker\/wp-content\/uploads\/2020\/10\/unbenannt-01033-1030x687.jpg\" data-srcset=\"https:\/\/www.tuicamper.com\/wp-docker\/wp-content\/uploads\/2020\/10\/unbenannt-01033-1030x687.jpg 1030w, https:\/\/www.tuicamper.com\/wp-docker\/wp-content\/uploads\/2020\/10\/unbenannt-01033-300x200.jpg 300w, https:\/\/www.tuicamper.com\/wp-docker\/wp-content\/uploads\/2020\/10\/unbenannt-01033-768x512.jpg 768w, https:\/\/www.tuicamper.com\/wp-docker\/wp-content\/uploads\/2020\/10\/unbenannt-01033-705x470.jpg 705w, https:\/\/www.tuicamper.com\/wp-docker\/wp-content\/uploads\/2020\/10\/unbenannt-01033.jpg 1440w\" data-sizes=\"(max-width: 1030px) 100vw, 1030px\" data-rel='gallery-3' data-prev-img='https:\/\/www.tuicamper.com\/wp-docker\/wp-content\/uploads\/2020\/10\/unbenannt-01033-495x400.jpg' class='lightbox ' data-onclick='2' title='Wolliner Nationalpark'  itemprop=\"thumbnailUrl\"  ><img decoding=\"async\" fetchpriority=\"high\" class=\"wp-image-6861 avia-img-lazy-loading-not-6861\"   src=\"https:\/\/www.tuicamper.com\/wp-docker\/wp-content\/uploads\/2020\/10\/unbenannt-01033-1030x687.jpg\" width=\"1030\" height=\"687\"  title='Wolliner Nationalpark' alt='Wolliner Nationalpark' srcset=\"https:\/\/www.tuicamper.com\/wp-docker\/wp-content\/uploads\/2020\/10\/unbenannt-01033-1030x687.jpg 1030w, https:\/\/www.tuicamper.com\/wp-docker\/wp-content\/uploads\/2020\/10\/unbenannt-01033-300x200.jpg 300w, https:\/\/www.tuicamper.com\/wp-docker\/wp-content\/uploads\/2020\/10\/unbenannt-01033-768x512.jpg 768w, https:\/\/www.tuicamper.com\/wp-docker\/wp-content\/uploads\/2020\/10\/unbenannt-01033-705x470.jpg 705w, https:\/\/www.tuicamper.com\/wp-docker\/wp-content\/uploads\/2020\/10\/unbenannt-01033.jpg 1440w\" sizes=\"(max-width: 1030px) 100vw, 1030px\" \/><div class='big-prev-fake'><img decoding=\"async\" loading=\"lazy\" class=\"wp-image-6861 avia-img-lazy-loading-6861\"  width=\"495\" height=\"400\" src=\"https:\/\/www.tuicamper.com\/wp-docker\/wp-content\/uploads\/2020\/10\/unbenannt-01033-495x400.jpg\" title='Wolliner Nationalpark' alt='Wolliner Nationalpark' srcset=\"https:\/\/www.tuicamper.com\/wp-docker\/wp-content\/uploads\/2020\/10\/unbenannt-01033-495x400.jpg 495w, https:\/\/www.tuicamper.com\/wp-docker\/wp-content\/uploads\/2020\/10\/unbenannt-01033-845x684.jpg 845w\" sizes=\"auto, (max-width: 495px) 100vw, 495px\" \/><\/div><\/a><\/div><\/div>\n\n<\/div><\/div><\/div><!-- close content main div --><\/div><\/div><div id='av_section_11'  class='avia-section av-jt5vrdgv-125-9e739523bbdee8ee6a2fdbb381f7da00 main_color avia-section-default avia-no-border-styling  avia-builder-el-27  el_after_av_section  el_before_av_section  reduced-content avia-bg-style-scroll container_wrap sidebar_right'  ><div class='container av-section-cont-open' ><div class='template-page content  av-content-small alpha units'><div class='post-entry post-entry-type-page post-entry-6778'><div class='entry-content-wrapper clearfix'>\n\n<style type=\"text\/css\" data-created_by=\"avia_inline_auto\" id=\"style-css-av-1g5aou-127-c2749371d28005cdfaf84bbc35c8a24e\">\n.flex_column.av-1g5aou-127-c2749371d28005cdfaf84bbc35c8a24e{\nborder-radius:0px 0px 0px 0px;\npadding:0px 0px 0px 0px;\n}\n<\/style>\n<div  class='flex_column av-1g5aou-127-c2749371d28005cdfaf84bbc35c8a24e av_one_full  avia-builder-el-28  avia-builder-el-no-sibling  first flex_column_div av-zero-column-padding  '     ><section  class='av_textblock_section av-jt5tjyk0-126-bad810704d7883066c1a1631fbce7e87 '   itemscope=\"itemscope\" itemtype=\"https:\/\/schema.org\/BlogPosting\" itemprop=\"blogPost\" ><div class='avia_textblock'  itemprop=\"text\" ><p>Mehr per Zufall las ich in einem Reisef\u00fchrer von einem Nationalpark, der an die Sahara erinnert. Da wollte ich unbedingt hin. Ausgangspunkt bildet das nette D\u00f6rfchen Leba, gut zwei Stunden Autofahrt vom Wolliner Nationalpark entfernt, wo wir zwei N\u00e4chte auf einem gepflegten Campingplatz \u00fcbernachteten (<a href=\"http:\/\/camping21.pl\/?lang=de\" target=\"_blank\" rel=\"noopener\">http:\/\/camping21.pl\/?lang=de<\/a>).<\/p>\n<p>Von hier aus l\u00e4sst sich der Slowinzische Nationalpark &#8211; UNESCO Biosp\u00e4hrenreservat &#8211; entdecken. Wanderd\u00fcnen und schilfige Salzseen, weite T\u00e4ler mit knorrigem Geh\u00f6lz aber auch Passagen mit dichtem Kiefernwald: Ein Tag in und auf den schneeweissen, sichelartigen bis zu 50 Meter hohen D\u00fcnen z\u00e4hlt zu den sch\u00f6nsten Erlebnissen <a href=\"https:\/\/www.tuicamper.com\/magazin\/wohnmobil-polen\/\">einer Polenreise<\/a>.<\/p>\n<p>Zuerst geht es in einer guten Stunde auf einem gut ausgebauten Weg durch den Wald. Urpl\u00f6tzlich steht man vor der 42m hohen Lacka-D\u00fcne. Hier beginnt ein kurzer, aber anstrengender Aufstieg: Kn\u00f6cheltief versinkt man im Sand, doch oben angelangt, wird man mit einem fantastischen Ausblick belohnt: Sandberge soweit das Auge reicht; landeinw\u00e4rts erblickt man den vom Wind gekr\u00e4uselten Lebsko-See, zum Meer hin das blaue Band der Ostsee.<\/p>\n<p>Anschlie\u00dfend stapft man durch hohe Sandwehen Richtung Meer und nimmt immer neue Sahara-Bilder in sich auf. Alles dem Strand entlang geht\u2019s zur\u00fcck zum Ausgangspunkt. Vergessen Sie nicht, gen\u00fcgend Wasser und eine Kamera mitzunehmen!<\/p>\n<\/div><\/section><\/div>\n\n<\/div><\/div><\/div><!-- close content main div --><\/div><\/div><div id='av_section_12'  class='avia-section av-jt5vrdgv-123-7bfedc461393bf07faa4ef709955ebea main_color avia-section-default avia-no-border-styling  avia-builder-el-30  el_after_av_section  el_before_av_section  reduced-content avia-bg-style-scroll container_wrap sidebar_right'  ><div class='container av-section-cont-open' ><div class='template-page content  av-content-small alpha units'><div class='post-entry post-entry-type-page post-entry-6778'><div class='entry-content-wrapper clearfix'>\n\n<style type=\"text\/css\" data-created_by=\"avia_inline_auto\" id=\"style-css-av-kgt6zehk-124-dece62276303dd0c69ff89a16693e99c\">\n#top .avia-gallery.av-kgt6zehk-124-dece62276303dd0c69ff89a16693e99c .avia-gallery-thumb a{\nwidth:50%;\n}\n<\/style>\n<div  class='avia-gallery av-kgt6zehk-124-dece62276303dd0c69ff89a16693e99c avia_animate_when_visible  avia-builder-el-31  avia-builder-el-no-sibling  animations_off avia-gallery-4'  itemprop=\"image\" itemscope=\"itemscope\" itemtype=\"https:\/\/schema.org\/ImageObject\" ><meta itemprop=\"contentURL\" content=\"https:\/\/www.tuicamper.com\/magazin\/mit-dem-camper-in-den-nordosten-europas\/\"><div class='avia-gallery-thumb'><a href=\"https:\/\/www.tuicamper.com\/wp-docker\/wp-content\/uploads\/2020\/10\/unbenannt-01079-1030x687.jpg\" data-srcset=\"https:\/\/www.tuicamper.com\/wp-docker\/wp-content\/uploads\/2020\/10\/unbenannt-01079-1030x687.jpg 1030w, https:\/\/www.tuicamper.com\/wp-docker\/wp-content\/uploads\/2020\/10\/unbenannt-01079-300x200.jpg 300w, https:\/\/www.tuicamper.com\/wp-docker\/wp-content\/uploads\/2020\/10\/unbenannt-01079-768x512.jpg 768w, https:\/\/www.tuicamper.com\/wp-docker\/wp-content\/uploads\/2020\/10\/unbenannt-01079-705x470.jpg 705w, https:\/\/www.tuicamper.com\/wp-docker\/wp-content\/uploads\/2020\/10\/unbenannt-01079.jpg 1440w\" data-sizes=\"(max-width: 1030px) 100vw, 1030px\" data-rel='gallery-4' data-prev-img='https:\/\/www.tuicamper.com\/wp-docker\/wp-content\/uploads\/2020\/10\/unbenannt-01079-495x400.jpg' class='first_thumb lightbox ' data-onclick='1' title='Slowinzische Nationalpark'  itemprop=\"thumbnailUrl\"  ><img decoding=\"async\" fetchpriority=\"high\" class=\"wp-image-6864 avia-img-lazy-loading-not-6864\"   src=\"https:\/\/www.tuicamper.com\/wp-docker\/wp-content\/uploads\/2020\/10\/unbenannt-01079-1030x687.jpg\" width=\"1030\" height=\"687\"  title='Slowinzische Nationalpark' alt='Slowinzische Nationalpark' srcset=\"https:\/\/www.tuicamper.com\/wp-docker\/wp-content\/uploads\/2020\/10\/unbenannt-01079-1030x687.jpg 1030w, https:\/\/www.tuicamper.com\/wp-docker\/wp-content\/uploads\/2020\/10\/unbenannt-01079-300x200.jpg 300w, https:\/\/www.tuicamper.com\/wp-docker\/wp-content\/uploads\/2020\/10\/unbenannt-01079-768x512.jpg 768w, https:\/\/www.tuicamper.com\/wp-docker\/wp-content\/uploads\/2020\/10\/unbenannt-01079-705x470.jpg 705w, https:\/\/www.tuicamper.com\/wp-docker\/wp-content\/uploads\/2020\/10\/unbenannt-01079.jpg 1440w\" sizes=\"(max-width: 1030px) 100vw, 1030px\" \/><div class='big-prev-fake'><img decoding=\"async\" loading=\"lazy\" class=\"wp-image-6864 avia-img-lazy-loading-6864\"  width=\"495\" height=\"400\" src=\"https:\/\/www.tuicamper.com\/wp-docker\/wp-content\/uploads\/2020\/10\/unbenannt-01079-495x400.jpg\" title='Slowinzische Nationalpark' alt='Slowinzische Nationalpark' srcset=\"https:\/\/www.tuicamper.com\/wp-docker\/wp-content\/uploads\/2020\/10\/unbenannt-01079-495x400.jpg 495w, https:\/\/www.tuicamper.com\/wp-docker\/wp-content\/uploads\/2020\/10\/unbenannt-01079-845x684.jpg 845w\" sizes=\"auto, (max-width: 495px) 100vw, 495px\" \/><\/div><\/a><a href=\"https:\/\/www.tuicamper.com\/wp-docker\/wp-content\/uploads\/2020\/10\/unbenannt-01075-1030x687.jpg\" data-srcset=\"https:\/\/www.tuicamper.com\/wp-docker\/wp-content\/uploads\/2020\/10\/unbenannt-01075-1030x687.jpg 1030w, https:\/\/www.tuicamper.com\/wp-docker\/wp-content\/uploads\/2020\/10\/unbenannt-01075-300x200.jpg 300w, https:\/\/www.tuicamper.com\/wp-docker\/wp-content\/uploads\/2020\/10\/unbenannt-01075-768x512.jpg 768w, https:\/\/www.tuicamper.com\/wp-docker\/wp-content\/uploads\/2020\/10\/unbenannt-01075-705x470.jpg 705w, https:\/\/www.tuicamper.com\/wp-docker\/wp-content\/uploads\/2020\/10\/unbenannt-01075.jpg 1440w\" data-sizes=\"(max-width: 1030px) 100vw, 1030px\" data-rel='gallery-4' data-prev-img='https:\/\/www.tuicamper.com\/wp-docker\/wp-content\/uploads\/2020\/10\/unbenannt-01075-495x400.jpg' class='lightbox ' data-onclick='2' title='Slowinzische Nationalpark'  itemprop=\"thumbnailUrl\"  ><img decoding=\"async\" fetchpriority=\"high\" class=\"wp-image-6863 avia-img-lazy-loading-not-6863\"   src=\"https:\/\/www.tuicamper.com\/wp-docker\/wp-content\/uploads\/2020\/10\/unbenannt-01075-1030x687.jpg\" width=\"1030\" height=\"687\"  title='Slowinzische Nationalpark' alt='Slowinzische Nationalpark' srcset=\"https:\/\/www.tuicamper.com\/wp-docker\/wp-content\/uploads\/2020\/10\/unbenannt-01075-1030x687.jpg 1030w, https:\/\/www.tuicamper.com\/wp-docker\/wp-content\/uploads\/2020\/10\/unbenannt-01075-300x200.jpg 300w, https:\/\/www.tuicamper.com\/wp-docker\/wp-content\/uploads\/2020\/10\/unbenannt-01075-768x512.jpg 768w, https:\/\/www.tuicamper.com\/wp-docker\/wp-content\/uploads\/2020\/10\/unbenannt-01075-705x470.jpg 705w, https:\/\/www.tuicamper.com\/wp-docker\/wp-content\/uploads\/2020\/10\/unbenannt-01075.jpg 1440w\" sizes=\"(max-width: 1030px) 100vw, 1030px\" \/><div class='big-prev-fake'><img decoding=\"async\" loading=\"lazy\" class=\"wp-image-6863 avia-img-lazy-loading-6863\"  width=\"495\" height=\"400\" src=\"https:\/\/www.tuicamper.com\/wp-docker\/wp-content\/uploads\/2020\/10\/unbenannt-01075-495x400.jpg\" title='Slowinzische Nationalpark' alt='Slowinzische Nationalpark' srcset=\"https:\/\/www.tuicamper.com\/wp-docker\/wp-content\/uploads\/2020\/10\/unbenannt-01075-495x400.jpg 495w, https:\/\/www.tuicamper.com\/wp-docker\/wp-content\/uploads\/2020\/10\/unbenannt-01075-845x684.jpg 845w\" sizes=\"auto, (max-width: 495px) 100vw, 495px\" \/><\/div><\/a><a href=\"https:\/\/www.tuicamper.com\/wp-docker\/wp-content\/uploads\/2020\/10\/unbenannt-01088-1030x687.jpg\" data-srcset=\"https:\/\/www.tuicamper.com\/wp-docker\/wp-content\/uploads\/2020\/10\/unbenannt-01088-1030x687.jpg 1030w, https:\/\/www.tuicamper.com\/wp-docker\/wp-content\/uploads\/2020\/10\/unbenannt-01088-300x200.jpg 300w, https:\/\/www.tuicamper.com\/wp-docker\/wp-content\/uploads\/2020\/10\/unbenannt-01088-768x512.jpg 768w, https:\/\/www.tuicamper.com\/wp-docker\/wp-content\/uploads\/2020\/10\/unbenannt-01088-705x470.jpg 705w, https:\/\/www.tuicamper.com\/wp-docker\/wp-content\/uploads\/2020\/10\/unbenannt-01088.jpg 1440w\" data-sizes=\"(max-width: 1030px) 100vw, 1030px\" data-rel='gallery-4' data-prev-img='https:\/\/www.tuicamper.com\/wp-docker\/wp-content\/uploads\/2020\/10\/unbenannt-01088-495x400.jpg' class='first_thumb lightbox ' data-onclick='3' title='Slowinzische Nationalpark'  itemprop=\"thumbnailUrl\"  ><img decoding=\"async\" fetchpriority=\"high\" class=\"wp-image-6865 avia-img-lazy-loading-not-6865\"   src=\"https:\/\/www.tuicamper.com\/wp-docker\/wp-content\/uploads\/2020\/10\/unbenannt-01088-1030x687.jpg\" width=\"1030\" height=\"687\"  title='Slowinzische Nationalpark' alt='Slowinzische Nationalpark' srcset=\"https:\/\/www.tuicamper.com\/wp-docker\/wp-content\/uploads\/2020\/10\/unbenannt-01088-1030x687.jpg 1030w, https:\/\/www.tuicamper.com\/wp-docker\/wp-content\/uploads\/2020\/10\/unbenannt-01088-300x200.jpg 300w, https:\/\/www.tuicamper.com\/wp-docker\/wp-content\/uploads\/2020\/10\/unbenannt-01088-768x512.jpg 768w, https:\/\/www.tuicamper.com\/wp-docker\/wp-content\/uploads\/2020\/10\/unbenannt-01088-705x470.jpg 705w, https:\/\/www.tuicamper.com\/wp-docker\/wp-content\/uploads\/2020\/10\/unbenannt-01088.jpg 1440w\" sizes=\"(max-width: 1030px) 100vw, 1030px\" \/><div class='big-prev-fake'><img decoding=\"async\" loading=\"lazy\" class=\"wp-image-6865 avia-img-lazy-loading-6865\"  width=\"495\" height=\"400\" src=\"https:\/\/www.tuicamper.com\/wp-docker\/wp-content\/uploads\/2020\/10\/unbenannt-01088-495x400.jpg\" title='Slowinzische Nationalpark' alt='Slowinzische Nationalpark' srcset=\"https:\/\/www.tuicamper.com\/wp-docker\/wp-content\/uploads\/2020\/10\/unbenannt-01088-495x400.jpg 495w, https:\/\/www.tuicamper.com\/wp-docker\/wp-content\/uploads\/2020\/10\/unbenannt-01088-845x684.jpg 845w\" sizes=\"auto, (max-width: 495px) 100vw, 495px\" \/><\/div><\/a><a href=\"https:\/\/www.tuicamper.com\/wp-docker\/wp-content\/uploads\/2020\/10\/unbenannt-01125-1030x687.jpg\" data-srcset=\"https:\/\/www.tuicamper.com\/wp-docker\/wp-content\/uploads\/2020\/10\/unbenannt-01125-1030x687.jpg 1030w, https:\/\/www.tuicamper.com\/wp-docker\/wp-content\/uploads\/2020\/10\/unbenannt-01125-300x200.jpg 300w, https:\/\/www.tuicamper.com\/wp-docker\/wp-content\/uploads\/2020\/10\/unbenannt-01125-768x512.jpg 768w, https:\/\/www.tuicamper.com\/wp-docker\/wp-content\/uploads\/2020\/10\/unbenannt-01125-705x470.jpg 705w, https:\/\/www.tuicamper.com\/wp-docker\/wp-content\/uploads\/2020\/10\/unbenannt-01125.jpg 1440w\" data-sizes=\"(max-width: 1030px) 100vw, 1030px\" data-rel='gallery-4' data-prev-img='https:\/\/www.tuicamper.com\/wp-docker\/wp-content\/uploads\/2020\/10\/unbenannt-01125-495x400.jpg' class='lightbox ' data-onclick='4' title='Slowinzische Nationalpark'  itemprop=\"thumbnailUrl\"  ><img decoding=\"async\" fetchpriority=\"high\" class=\"wp-image-6866 avia-img-lazy-loading-not-6866\"   src=\"https:\/\/www.tuicamper.com\/wp-docker\/wp-content\/uploads\/2020\/10\/unbenannt-01125-1030x687.jpg\" width=\"1030\" height=\"687\"  title='Slowinzische Nationalpark' alt='Slowinzische Nationalpark' srcset=\"https:\/\/www.tuicamper.com\/wp-docker\/wp-content\/uploads\/2020\/10\/unbenannt-01125-1030x687.jpg 1030w, https:\/\/www.tuicamper.com\/wp-docker\/wp-content\/uploads\/2020\/10\/unbenannt-01125-300x200.jpg 300w, https:\/\/www.tuicamper.com\/wp-docker\/wp-content\/uploads\/2020\/10\/unbenannt-01125-768x512.jpg 768w, https:\/\/www.tuicamper.com\/wp-docker\/wp-content\/uploads\/2020\/10\/unbenannt-01125-705x470.jpg 705w, https:\/\/www.tuicamper.com\/wp-docker\/wp-content\/uploads\/2020\/10\/unbenannt-01125.jpg 1440w\" sizes=\"(max-width: 1030px) 100vw, 1030px\" \/><div class='big-prev-fake'><img decoding=\"async\" loading=\"lazy\" class=\"wp-image-6866 avia-img-lazy-loading-6866\"  width=\"495\" height=\"400\" src=\"https:\/\/www.tuicamper.com\/wp-docker\/wp-content\/uploads\/2020\/10\/unbenannt-01125-495x400.jpg\" title='Slowinzische Nationalpark' alt='Slowinzische Nationalpark' srcset=\"https:\/\/www.tuicamper.com\/wp-docker\/wp-content\/uploads\/2020\/10\/unbenannt-01125-495x400.jpg 495w, https:\/\/www.tuicamper.com\/wp-docker\/wp-content\/uploads\/2020\/10\/unbenannt-01125-845x684.jpg 845w\" sizes=\"auto, (max-width: 495px) 100vw, 495px\" \/><\/div><\/a><\/div><\/div>\n\n<\/div><\/div><\/div><!-- close content main div --><\/div><\/div><div id='av_section_13'  class='avia-section av-jt5vrdgv-120-31224321cbd2b256c7cefecd931b7364 main_color avia-section-default avia-no-border-styling  avia-builder-el-32  el_after_av_section  el_before_av_section  reduced-content avia-bg-style-scroll container_wrap sidebar_right'  ><div class='container av-section-cont-open' ><div class='template-page content  av-content-small alpha units'><div class='post-entry post-entry-type-page post-entry-6778'><div class='entry-content-wrapper clearfix'>\n\n<style type=\"text\/css\" data-created_by=\"avia_inline_auto\" id=\"style-css-av-1g5aou-122-d91ea5a812aac4f69d6dd3b619b8df70\">\n.flex_column.av-1g5aou-122-d91ea5a812aac4f69d6dd3b619b8df70{\nborder-radius:0px 0px 0px 0px;\npadding:0px 0px 0px 0px;\n}\n<\/style>\n<div  class='flex_column av-1g5aou-122-d91ea5a812aac4f69d6dd3b619b8df70 av_one_full  avia-builder-el-33  avia-builder-el-no-sibling  first flex_column_div av-zero-column-padding  '     ><section  class='av_textblock_section av-jt5tjyk0-121-8745e3cbe6475ab0e18213b4f6b4f49a '   itemscope=\"itemscope\" itemtype=\"https:\/\/schema.org\/BlogPosting\" itemprop=\"blogPost\" ><div class='avia_textblock'  itemprop=\"text\" ><p>Nach diesem unvergesslichen Ausflug wartete tags drauf schon ein weiteres Highlight, der Besuch der restaurierten Recht- und Altstadt Danzig, der ehemaligen K\u00f6nigin der Ostsee.<\/p>\n<p>Ein Meer schmaler und in allen Farben schillernder Giebelh\u00e4user und eine Armada wuchtiger Backsteinkirchen: Die Altstadt der einstigen Hansestadt Danzig wirkt so malerisch und in sich geschlossen, dass man sie glatt f\u00fcr die Kulisse eines Historienfilms halten k\u00f6nnte. Das Herzst\u00fcck Danzigs ist die wiederaufgebaute Rechtstadt, wo die wohlhabenden, \u00fcberwiegend deutschen B\u00fcrger lebten. Hielt der K\u00f6nig Einzug, folgte er einem sich stets wiederholenden Ritual: So betrat er die Stadt durchs Gr\u00fcne oder Hohe Tor, schritt die Langgasse und den Langen Markt ab und nahm dann in einem der pomp\u00f6sen B\u00fcrgerh\u00e4user Quartier. Bis heute hat sich diese Route den Namen K\u00f6nigsweg bewahrt und ist die Prachtmeile Danzigs mit den repr\u00e4sentativsten Geb\u00e4uden. Wie w\u00e4r\u2019s mit einer Kaffeepause im Caf\u00e9 Ferber? Das rotgestylte Caf\u00e9 spielt mit Danziger Traditionen: Patrizier Gesichter mit Stehkragen blinzeln von den W\u00e4nden, dazu erklingen Pop, Beat und Chillout Musik.<\/p>\n<\/div><\/section><\/div>\n\n<\/div><\/div><\/div><!-- close content main div --><\/div><\/div><div id='av_section_14'  class='avia-section av-jt5vrdgv-118-3f56aeb4d9b0aa297766c1835789e8e9 main_color avia-section-default avia-no-border-styling  avia-builder-el-35  el_after_av_section  el_before_av_section  reduced-content avia-bg-style-scroll container_wrap sidebar_right'  ><div class='container av-section-cont-open' ><div class='template-page content  av-content-small alpha units'><div class='post-entry post-entry-type-page post-entry-6778'><div class='entry-content-wrapper clearfix'>\n\n<style type=\"text\/css\" data-created_by=\"avia_inline_auto\" id=\"style-css-av-kgt6zehk-119-0b71f75827053c50d126517b7c71e4fd\">\n#top .avia-gallery.av-kgt6zehk-119-0b71f75827053c50d126517b7c71e4fd .avia-gallery-thumb a{\nwidth:50%;\n}\n<\/style>\n<div  class='avia-gallery av-kgt6zehk-119-0b71f75827053c50d126517b7c71e4fd avia_animate_when_visible  avia-builder-el-36  avia-builder-el-no-sibling  animations_off avia-gallery-5'  itemprop=\"image\" itemscope=\"itemscope\" itemtype=\"https:\/\/schema.org\/ImageObject\" ><meta itemprop=\"contentURL\" content=\"https:\/\/www.tuicamper.com\/magazin\/mit-dem-camper-in-den-nordosten-europas\/\"><div class='avia-gallery-thumb'><a href=\"https:\/\/www.tuicamper.com\/wp-docker\/wp-content\/uploads\/2020\/10\/unbenannt-01153-1030x687.jpg\" data-srcset=\"https:\/\/www.tuicamper.com\/wp-docker\/wp-content\/uploads\/2020\/10\/unbenannt-01153-1030x687.jpg 1030w, https:\/\/www.tuicamper.com\/wp-docker\/wp-content\/uploads\/2020\/10\/unbenannt-01153-300x200.jpg 300w, https:\/\/www.tuicamper.com\/wp-docker\/wp-content\/uploads\/2020\/10\/unbenannt-01153-768x512.jpg 768w, https:\/\/www.tuicamper.com\/wp-docker\/wp-content\/uploads\/2020\/10\/unbenannt-01153-705x470.jpg 705w, https:\/\/www.tuicamper.com\/wp-docker\/wp-content\/uploads\/2020\/10\/unbenannt-01153.jpg 1440w\" data-sizes=\"(max-width: 1030px) 100vw, 1030px\" data-rel='gallery-5' data-prev-img='https:\/\/www.tuicamper.com\/wp-docker\/wp-content\/uploads\/2020\/10\/unbenannt-01153-495x400.jpg' class='first_thumb lightbox ' data-onclick='1' title='Altstadt von Danzig'  itemprop=\"thumbnailUrl\"  ><img decoding=\"async\" fetchpriority=\"high\" class=\"wp-image-6877 avia-img-lazy-loading-not-6877\"   src=\"https:\/\/www.tuicamper.com\/wp-docker\/wp-content\/uploads\/2020\/10\/unbenannt-01153-1030x687.jpg\" width=\"1030\" height=\"687\"  title='Altstadt von Danzig' alt='Altstadt von Danzig' srcset=\"https:\/\/www.tuicamper.com\/wp-docker\/wp-content\/uploads\/2020\/10\/unbenannt-01153-1030x687.jpg 1030w, https:\/\/www.tuicamper.com\/wp-docker\/wp-content\/uploads\/2020\/10\/unbenannt-01153-300x200.jpg 300w, https:\/\/www.tuicamper.com\/wp-docker\/wp-content\/uploads\/2020\/10\/unbenannt-01153-768x512.jpg 768w, https:\/\/www.tuicamper.com\/wp-docker\/wp-content\/uploads\/2020\/10\/unbenannt-01153-705x470.jpg 705w, https:\/\/www.tuicamper.com\/wp-docker\/wp-content\/uploads\/2020\/10\/unbenannt-01153.jpg 1440w\" sizes=\"(max-width: 1030px) 100vw, 1030px\" \/><div class='big-prev-fake'><img decoding=\"async\" loading=\"lazy\" class=\"wp-image-6877 avia-img-lazy-loading-6877\"  width=\"495\" height=\"400\" src=\"https:\/\/www.tuicamper.com\/wp-docker\/wp-content\/uploads\/2020\/10\/unbenannt-01153-495x400.jpg\" title='Altstadt von Danzig' alt='Altstadt von Danzig' srcset=\"https:\/\/www.tuicamper.com\/wp-docker\/wp-content\/uploads\/2020\/10\/unbenannt-01153-495x400.jpg 495w, https:\/\/www.tuicamper.com\/wp-docker\/wp-content\/uploads\/2020\/10\/unbenannt-01153-845x684.jpg 845w\" sizes=\"auto, (max-width: 495px) 100vw, 495px\" \/><\/div><\/a><a href=\"https:\/\/www.tuicamper.com\/wp-docker\/wp-content\/uploads\/2020\/10\/unbenannt-01187-1030x687.jpg\" data-srcset=\"https:\/\/www.tuicamper.com\/wp-docker\/wp-content\/uploads\/2020\/10\/unbenannt-01187-1030x687.jpg 1030w, https:\/\/www.tuicamper.com\/wp-docker\/wp-content\/uploads\/2020\/10\/unbenannt-01187-300x200.jpg 300w, https:\/\/www.tuicamper.com\/wp-docker\/wp-content\/uploads\/2020\/10\/unbenannt-01187-768x512.jpg 768w, https:\/\/www.tuicamper.com\/wp-docker\/wp-content\/uploads\/2020\/10\/unbenannt-01187-705x470.jpg 705w, https:\/\/www.tuicamper.com\/wp-docker\/wp-content\/uploads\/2020\/10\/unbenannt-01187.jpg 1440w\" data-sizes=\"(max-width: 1030px) 100vw, 1030px\" data-rel='gallery-5' data-prev-img='https:\/\/www.tuicamper.com\/wp-docker\/wp-content\/uploads\/2020\/10\/unbenannt-01187-495x400.jpg' class='lightbox ' data-onclick='2' title='Altstadt von Danzig'  itemprop=\"thumbnailUrl\"  ><img decoding=\"async\" fetchpriority=\"high\" class=\"wp-image-6878 avia-img-lazy-loading-not-6878\"   src=\"https:\/\/www.tuicamper.com\/wp-docker\/wp-content\/uploads\/2020\/10\/unbenannt-01187-1030x687.jpg\" width=\"1030\" height=\"687\"  title='Altstadt von Danzig' alt='Altstadt von Danzig' srcset=\"https:\/\/www.tuicamper.com\/wp-docker\/wp-content\/uploads\/2020\/10\/unbenannt-01187-1030x687.jpg 1030w, https:\/\/www.tuicamper.com\/wp-docker\/wp-content\/uploads\/2020\/10\/unbenannt-01187-300x200.jpg 300w, https:\/\/www.tuicamper.com\/wp-docker\/wp-content\/uploads\/2020\/10\/unbenannt-01187-768x512.jpg 768w, https:\/\/www.tuicamper.com\/wp-docker\/wp-content\/uploads\/2020\/10\/unbenannt-01187-705x470.jpg 705w, https:\/\/www.tuicamper.com\/wp-docker\/wp-content\/uploads\/2020\/10\/unbenannt-01187.jpg 1440w\" sizes=\"(max-width: 1030px) 100vw, 1030px\" \/><div class='big-prev-fake'><img decoding=\"async\" loading=\"lazy\" class=\"wp-image-6878 avia-img-lazy-loading-6878\"  width=\"495\" height=\"400\" src=\"https:\/\/www.tuicamper.com\/wp-docker\/wp-content\/uploads\/2020\/10\/unbenannt-01187-495x400.jpg\" title='Altstadt von Danzig' alt='Altstadt von Danzig' srcset=\"https:\/\/www.tuicamper.com\/wp-docker\/wp-content\/uploads\/2020\/10\/unbenannt-01187-495x400.jpg 495w, https:\/\/www.tuicamper.com\/wp-docker\/wp-content\/uploads\/2020\/10\/unbenannt-01187-845x684.jpg 845w\" sizes=\"auto, (max-width: 495px) 100vw, 495px\" \/><\/div><\/a><\/div><\/div>\n\n<\/div><\/div><\/div><!-- close content main div --><\/div><\/div><div id='av_section_15'  class='avia-section av-jt5vrdgv-115-d68a01411f1868b3c0166e52c9cea011 main_color avia-section-default avia-no-border-styling  avia-builder-el-37  el_after_av_section  el_before_av_section  reduced-content avia-bg-style-scroll container_wrap sidebar_right'  ><div class='container av-section-cont-open' ><div class='template-page content  av-content-small alpha units'><div class='post-entry post-entry-type-page post-entry-6778'><div class='entry-content-wrapper clearfix'>\n\n<style type=\"text\/css\" data-created_by=\"avia_inline_auto\" id=\"style-css-av-1g5aou-117-95eb8c6fcb010eeb44e0ed8dd12e0589\">\n.flex_column.av-1g5aou-117-95eb8c6fcb010eeb44e0ed8dd12e0589{\nborder-radius:0px 0px 0px 0px;\npadding:0px 0px 0px 0px;\n}\n<\/style>\n<div  class='flex_column av-1g5aou-117-95eb8c6fcb010eeb44e0ed8dd12e0589 av_one_full  avia-builder-el-38  avia-builder-el-no-sibling  first flex_column_div av-zero-column-padding  '     ><section  class='av_textblock_section av-jt5tjyk0-116-2fcbedd4e6dd82c813e31793d2f28e41 '   itemscope=\"itemscope\" itemtype=\"https:\/\/schema.org\/BlogPosting\" itemprop=\"blogPost\" ><div class='avia_textblock'  itemprop=\"text\" ><p><strong>Mein Tipp<\/strong>: \u00dcbernachten Sie mit dem Wohnmobil au\u00dferhalb der Stadt im Gr\u00fcnen.<br \/>\nMit der Stra\u00dfenbahn erreichen Sie in 15 Minuten das Zentrum:<br \/>\n<a href=\"https:\/\/osrodekprzywydmach.pl\/caravan-camping-park\/\" target=\"_blank\" rel=\"noopener\">https:\/\/osrodekprzywydmach.pl\/caravan-camping-park\/<\/a><\/p>\n<p><a href=\"https:\/\/www.tuicamper.com\/magazin\/masurische-seenplatte\/\">\u00dcber die masurische Seenplatte<\/a>, wo man \u00fcbrigens auch prima baden, aber auch paddeln, segeln und wandern kann, ging\u2019s f\u00fcr uns weiter ins <a href=\"https:\/\/www.tuicamper.com\/magazin\/wohnmobil-baltikum\/\">Baltikum<\/a>.<\/p>\n<\/div><\/section><\/div>\n\n<\/div><\/div><\/div><!-- close content main div --><\/div><\/div><div id='av_section_16'  class='avia-section av-jt5vrdgv-113-8b2ddf86b23469c783b7dd438c0dcbfa main_color avia-section-default avia-no-border-styling  avia-builder-el-40  el_after_av_section  el_before_av_section  reduced-content avia-bg-style-scroll container_wrap sidebar_right'  ><div class='container av-section-cont-open' ><div class='template-page content  av-content-small alpha units'><div class='post-entry post-entry-type-page post-entry-6778'><div class='entry-content-wrapper clearfix'>\n\n<style type=\"text\/css\" data-created_by=\"avia_inline_auto\" id=\"style-css-av-1g5aou-112-082283a401ad66ce1ed3980feb10fa38\">\n.flex_column.av-1g5aou-112-082283a401ad66ce1ed3980feb10fa38{\nborder-radius:0px 0px 0px 0px;\npadding:0px 0px 0px 0px;\n}\n<\/style>\n<div  class='flex_column av-1g5aou-112-082283a401ad66ce1ed3980feb10fa38 av_one_full  avia-builder-el-41  avia-builder-el-no-sibling  first flex_column_div av-zero-column-padding  '     ><section  class='av_textblock_section av-jt5tjyk0-111-e49cd6eff65af61a65c992f7f93ead36 '   itemscope=\"itemscope\" itemtype=\"https:\/\/schema.org\/BlogPosting\" itemprop=\"blogPost\" ><div class='avia_textblock'  itemprop=\"text\" ><h2><strong>Tallinn und das Baltikum<\/strong><\/h2>\n<p>Erste Station: Kurische Nehrung in Litauen, ein l\u00e4nglicher Landstreifen an der Baltischen See, der sich auf einer L\u00e4nge von knapp 100km vom litauischen Klaip\u0117da im Norden bis ins s\u00fcdliche Kaliningrad erstreckt. Die Nehrung ist durch seine gesch\u00fctzte Lage ein wahres Naturparadies. Die weitl\u00e4ufigen Sandstr\u00e4nde und das malerisch bewaldete Hinterland bieten Raum f\u00fcr Erholung. Von hier aus ist es auch nicht weit ins lettische Ventspils und in den obersten Zipfel der Halbinsel Nordkurland.<\/p>\n<\/div><\/section><\/div>\n\n<\/div><\/div><\/div><!-- close content main div --><\/div><\/div><div id='av_section_17'  class='avia-section av-jt5vrdgv-110-2d9b20f5cd64b5f17b5fdd113b7c48c3 main_color avia-section-default avia-no-border-styling  avia-builder-el-43  el_after_av_section  el_before_av_section  reduced-content avia-bg-style-scroll container_wrap sidebar_right'  ><div class='container av-section-cont-open' ><div class='template-page content  av-content-small alpha units'><div class='post-entry post-entry-type-page post-entry-6778'><div class='entry-content-wrapper clearfix'>\n\n<style type=\"text\/css\" data-created_by=\"avia_inline_auto\" id=\"style-css-av-kgt6zehk-114-a8cf7f1a963574eac51414199f084657\">\n#top .avia-gallery.av-kgt6zehk-114-a8cf7f1a963574eac51414199f084657 .avia-gallery-thumb a{\nwidth:100%;\n}\n<\/style>\n<div  class='avia-gallery av-kgt6zehk-114-a8cf7f1a963574eac51414199f084657 avia_animate_when_visible  avia-builder-el-44  avia-builder-el-no-sibling  animations_off avia-gallery-6'  itemprop=\"image\" itemscope=\"itemscope\" itemtype=\"https:\/\/schema.org\/ImageObject\" ><meta itemprop=\"contentURL\" content=\"https:\/\/www.tuicamper.com\/magazin\/mit-dem-camper-in-den-nordosten-europas\/\"><div class='avia-gallery-thumb'><a href=\"https:\/\/www.tuicamper.com\/wp-docker\/wp-content\/uploads\/2020\/10\/unbenannt-01283-1030x751.jpg\" data-srcset=\"https:\/\/www.tuicamper.com\/wp-docker\/wp-content\/uploads\/2020\/10\/unbenannt-01283-1030x751.jpg 1030w, https:\/\/www.tuicamper.com\/wp-docker\/wp-content\/uploads\/2020\/10\/unbenannt-01283-300x219.jpg 300w, https:\/\/www.tuicamper.com\/wp-docker\/wp-content\/uploads\/2020\/10\/unbenannt-01283-768x560.jpg 768w, https:\/\/www.tuicamper.com\/wp-docker\/wp-content\/uploads\/2020\/10\/unbenannt-01283-705x514.jpg 705w, https:\/\/www.tuicamper.com\/wp-docker\/wp-content\/uploads\/2020\/10\/unbenannt-01283.jpg 1440w\" data-sizes=\"(max-width: 1030px) 100vw, 1030px\" data-rel='gallery-6' data-prev-img='https:\/\/www.tuicamper.com\/wp-docker\/wp-content\/uploads\/2020\/10\/unbenannt-01283-495x400.jpg' class='first_thumb lightbox ' data-onclick='1' title='Nationalpark Sl\u012btere'  itemprop=\"thumbnailUrl\"  ><img decoding=\"async\" fetchpriority=\"high\" class=\"wp-image-6880 avia-img-lazy-loading-not-6880\"   src=\"https:\/\/www.tuicamper.com\/wp-docker\/wp-content\/uploads\/2020\/10\/unbenannt-01283-710x375.jpg\" width=\"710\" height=\"375\"  title='Nationalpark Sl\u012btere' alt='Nationalpark Sl\u012btere' \/><div class='big-prev-fake'><img decoding=\"async\" loading=\"lazy\" class=\"wp-image-6880 avia-img-lazy-loading-6880\"  width=\"495\" height=\"400\" src=\"https:\/\/www.tuicamper.com\/wp-docker\/wp-content\/uploads\/2020\/10\/unbenannt-01283-495x400.jpg\" title='Nationalpark Sl\u012btere' alt='Nationalpark Sl\u012btere' srcset=\"https:\/\/www.tuicamper.com\/wp-docker\/wp-content\/uploads\/2020\/10\/unbenannt-01283-495x400.jpg 495w, https:\/\/www.tuicamper.com\/wp-docker\/wp-content\/uploads\/2020\/10\/unbenannt-01283-845x684.jpg 845w\" sizes=\"auto, (max-width: 495px) 100vw, 495px\" \/><\/div><\/a><\/div><\/div>\n\n<\/div><\/div><\/div><!-- close content main div --><\/div><\/div><div id='av_section_18'  class='avia-section av-jt5vrdgv-107-f17c25bffcd6131f9e4d5716449d1ca0 main_color avia-section-default avia-no-border-styling  avia-builder-el-45  el_after_av_section  el_before_av_section  reduced-content avia-bg-style-scroll container_wrap sidebar_right'  ><div class='container av-section-cont-open' ><div class='template-page content  av-content-small alpha units'><div class='post-entry post-entry-type-page post-entry-6778'><div class='entry-content-wrapper clearfix'>\n\n<style type=\"text\/css\" data-created_by=\"avia_inline_auto\" id=\"style-css-av-1g5aou-109-55abfd7523e6da8a184adc1d3ccd9eca\">\n.flex_column.av-1g5aou-109-55abfd7523e6da8a184adc1d3ccd9eca{\nborder-radius:0px 0px 0px 0px;\npadding:0px 0px 0px 0px;\n}\n<\/style>\n<div  class='flex_column av-1g5aou-109-55abfd7523e6da8a184adc1d3ccd9eca av_one_full  avia-builder-el-46  avia-builder-el-no-sibling  first flex_column_div av-zero-column-padding  '     ><section  class='av_textblock_section av-jt5tjyk0-108-a902b54cb73499ce2098fd1518f45712 '   itemscope=\"itemscope\" itemtype=\"https:\/\/schema.org\/BlogPosting\" itemprop=\"blogPost\" ><div class='avia_textblock'  itemprop=\"text\" ><p>Hier befindet sich der Nationalpark Sl\u012btere, wo sich das Meer, Laubw\u00e4lder, Moore und Feuchtgebiete mit Borealw\u00e4ldern und Schwarzerlen abwechseln und eine einzigartig sch\u00f6ne Landschaft schaffen. Eine wunderbare Bleibe f\u00fcr die Nacht finden Sie am Kap Kolka (<a href=\"http:\/\/www.kolka.info\/de\/\" target=\"_blank\" rel=\"noopener\">http:\/\/www.kolka.info\/de\/<\/a>).<\/p>\n<\/div><\/section><\/div>\n\n<\/div><\/div><\/div><!-- close content main div --><\/div><\/div><div id='av_section_19'  class='avia-section av-jt5vrdgv-105-f9a0ce3d17cd80f9ec4348ef14478811 main_color avia-section-default avia-no-border-styling  avia-builder-el-48  el_after_av_section  el_before_av_section  reduced-content avia-bg-style-scroll container_wrap sidebar_right'  ><div class='container av-section-cont-open' ><div class='template-page content  av-content-small alpha units'><div class='post-entry post-entry-type-page post-entry-6778'><div class='entry-content-wrapper clearfix'>\n\n<style type=\"text\/css\" data-created_by=\"avia_inline_auto\" id=\"style-css-av-1g5aou-104-19f1949d5ec53ec21de514acd96a748f\">\n.flex_column.av-1g5aou-104-19f1949d5ec53ec21de514acd96a748f{\nborder-radius:0px 0px 0px 0px;\npadding:0px 0px 0px 0px;\n}\n<\/style>\n<div  class='flex_column av-1g5aou-104-19f1949d5ec53ec21de514acd96a748f av_one_full  avia-builder-el-49  avia-builder-el-no-sibling  first flex_column_div av-zero-column-padding  '     ><section  class='av_textblock_section av-jt5tjyk0-103-9bf5efbdb0691be951c39271d9e0ee6a '   itemscope=\"itemscope\" itemtype=\"https:\/\/schema.org\/BlogPosting\" itemprop=\"blogPost\" ><div class='avia_textblock'  itemprop=\"text\" ><p>Nach diesen Naturerlebnissen war es Zeit f\u00fcr Kultur- und Stadtleben. Lettlands Hauptstadt Riga &#8211; mit rund 700 000 Einwohnern gr\u00f6sste Stadt des Baltikums &#8211; hat davon viel zu bieten. Die alte Hansestadt ist ber\u00fchmt f\u00fcr ihre Jugendstilbauten sowie f\u00fcr die gut erhaltene malerische Altstadt, die sich gut zu Fuss erkunden l\u00e4sst.<\/p>\n<p>Zum \u00dcbernachten fanden wir kurz vor der Grenze zu Estland den vorz\u00fcglich ausgestatteten Campingplatz J\u016brasdze\u0146i mit Standpl\u00e4tzen direkt am Meer:<\/p>\n<p><a href=\"https:\/\/www.facebook.com\/camping.jurasdzeni\/?rf=207636696032778\" target=\"_blank\" rel=\"noopener\">https:\/\/www.facebook.com\/camping.jurasdzeni\/?rf=207636696032778<\/a><\/p>\n<\/div><\/section><\/div>\n\n<\/div><\/div><\/div><!-- close content main div --><\/div><\/div><div id='av_section_20'  class='avia-section av-jt5vrdgv-102-7262a1c9082d8832584eaf46de84f24a main_color avia-section-default avia-no-border-styling  avia-builder-el-51  el_after_av_section  el_before_av_section  reduced-content avia-bg-style-scroll container_wrap sidebar_right'  ><div class='container av-section-cont-open' ><div class='template-page content  av-content-small alpha units'><div class='post-entry post-entry-type-page post-entry-6778'><div class='entry-content-wrapper clearfix'>\n\n<style type=\"text\/css\" data-created_by=\"avia_inline_auto\" id=\"style-css-av-kgt6zehk-106-1a83f90597ffe15a51ddcf97012c227e\">\n#top .avia-gallery.av-kgt6zehk-106-1a83f90597ffe15a51ddcf97012c227e .avia-gallery-thumb a{\nwidth:50%;\n}\n<\/style>\n<div  class='avia-gallery av-kgt6zehk-106-1a83f90597ffe15a51ddcf97012c227e avia_animate_when_visible  avia-builder-el-52  avia-builder-el-no-sibling  animations_off avia-gallery-7'  itemprop=\"image\" itemscope=\"itemscope\" itemtype=\"https:\/\/schema.org\/ImageObject\" ><meta itemprop=\"contentURL\" content=\"https:\/\/www.tuicamper.com\/magazin\/mit-dem-camper-in-den-nordosten-europas\/\"><div class='avia-gallery-thumb'><a href=\"https:\/\/www.tuicamper.com\/wp-docker\/wp-content\/uploads\/2020\/10\/unbenannt-01256-1030x687.jpg\" data-srcset=\"https:\/\/www.tuicamper.com\/wp-docker\/wp-content\/uploads\/2020\/10\/unbenannt-01256-1030x687.jpg 1030w, https:\/\/www.tuicamper.com\/wp-docker\/wp-content\/uploads\/2020\/10\/unbenannt-01256-300x200.jpg 300w, https:\/\/www.tuicamper.com\/wp-docker\/wp-content\/uploads\/2020\/10\/unbenannt-01256-768x512.jpg 768w, https:\/\/www.tuicamper.com\/wp-docker\/wp-content\/uploads\/2020\/10\/unbenannt-01256-705x470.jpg 705w, https:\/\/www.tuicamper.com\/wp-docker\/wp-content\/uploads\/2020\/10\/unbenannt-01256.jpg 1440w\" data-sizes=\"(max-width: 1030px) 100vw, 1030px\" data-rel='gallery-7' data-prev-img='https:\/\/www.tuicamper.com\/wp-docker\/wp-content\/uploads\/2020\/10\/unbenannt-01256-495x400.jpg' class='first_thumb lightbox ' data-onclick='1' title='Camping direkt am Meer'  itemprop=\"thumbnailUrl\"  ><img decoding=\"async\" fetchpriority=\"high\" class=\"wp-image-6882 avia-img-lazy-loading-not-6882\"   src=\"https:\/\/www.tuicamper.com\/wp-docker\/wp-content\/uploads\/2020\/10\/unbenannt-01256-1030x687.jpg\" width=\"1030\" height=\"687\"  title='Camping direkt am Meer' alt='Camping direkt am Meer' srcset=\"https:\/\/www.tuicamper.com\/wp-docker\/wp-content\/uploads\/2020\/10\/unbenannt-01256-1030x687.jpg 1030w, https:\/\/www.tuicamper.com\/wp-docker\/wp-content\/uploads\/2020\/10\/unbenannt-01256-300x200.jpg 300w, https:\/\/www.tuicamper.com\/wp-docker\/wp-content\/uploads\/2020\/10\/unbenannt-01256-768x512.jpg 768w, https:\/\/www.tuicamper.com\/wp-docker\/wp-content\/uploads\/2020\/10\/unbenannt-01256-705x470.jpg 705w, https:\/\/www.tuicamper.com\/wp-docker\/wp-content\/uploads\/2020\/10\/unbenannt-01256.jpg 1440w\" sizes=\"(max-width: 1030px) 100vw, 1030px\" \/><div class='big-prev-fake'><img decoding=\"async\" loading=\"lazy\" class=\"wp-image-6882 avia-img-lazy-loading-6882\"  width=\"495\" height=\"400\" src=\"https:\/\/www.tuicamper.com\/wp-docker\/wp-content\/uploads\/2020\/10\/unbenannt-01256-495x400.jpg\" title='Camping direkt am Meer' alt='Camping direkt am Meer' srcset=\"https:\/\/www.tuicamper.com\/wp-docker\/wp-content\/uploads\/2020\/10\/unbenannt-01256-495x400.jpg 495w, https:\/\/www.tuicamper.com\/wp-docker\/wp-content\/uploads\/2020\/10\/unbenannt-01256-845x684.jpg 845w\" sizes=\"auto, (max-width: 495px) 100vw, 495px\" \/><\/div><\/a><a href=\"https:\/\/www.tuicamper.com\/wp-docker\/wp-content\/uploads\/2020\/10\/unbenannt-01263-1030x687.jpg\" data-srcset=\"https:\/\/www.tuicamper.com\/wp-docker\/wp-content\/uploads\/2020\/10\/unbenannt-01263-1030x687.jpg 1030w, https:\/\/www.tuicamper.com\/wp-docker\/wp-content\/uploads\/2020\/10\/unbenannt-01263-300x200.jpg 300w, https:\/\/www.tuicamper.com\/wp-docker\/wp-content\/uploads\/2020\/10\/unbenannt-01263-768x512.jpg 768w, https:\/\/www.tuicamper.com\/wp-docker\/wp-content\/uploads\/2020\/10\/unbenannt-01263-705x470.jpg 705w, https:\/\/www.tuicamper.com\/wp-docker\/wp-content\/uploads\/2020\/10\/unbenannt-01263.jpg 1440w\" data-sizes=\"(max-width: 1030px) 100vw, 1030px\" data-rel='gallery-7' data-prev-img='https:\/\/www.tuicamper.com\/wp-docker\/wp-content\/uploads\/2020\/10\/unbenannt-01263-495x400.jpg' class='lightbox ' data-onclick='2' title='Camping direkt am Meer'  itemprop=\"thumbnailUrl\"  ><img decoding=\"async\" fetchpriority=\"high\" class=\"wp-image-6883 avia-img-lazy-loading-not-6883\"   src=\"https:\/\/www.tuicamper.com\/wp-docker\/wp-content\/uploads\/2020\/10\/unbenannt-01263-1030x687.jpg\" width=\"1030\" height=\"687\"  title='Camping direkt am Meer' alt='Camping direkt am Meer' srcset=\"https:\/\/www.tuicamper.com\/wp-docker\/wp-content\/uploads\/2020\/10\/unbenannt-01263-1030x687.jpg 1030w, https:\/\/www.tuicamper.com\/wp-docker\/wp-content\/uploads\/2020\/10\/unbenannt-01263-300x200.jpg 300w, https:\/\/www.tuicamper.com\/wp-docker\/wp-content\/uploads\/2020\/10\/unbenannt-01263-768x512.jpg 768w, https:\/\/www.tuicamper.com\/wp-docker\/wp-content\/uploads\/2020\/10\/unbenannt-01263-705x470.jpg 705w, https:\/\/www.tuicamper.com\/wp-docker\/wp-content\/uploads\/2020\/10\/unbenannt-01263.jpg 1440w\" sizes=\"(max-width: 1030px) 100vw, 1030px\" \/><div class='big-prev-fake'><img decoding=\"async\" loading=\"lazy\" class=\"wp-image-6883 avia-img-lazy-loading-6883\"  width=\"495\" height=\"400\" src=\"https:\/\/www.tuicamper.com\/wp-docker\/wp-content\/uploads\/2020\/10\/unbenannt-01263-495x400.jpg\" title='Camping direkt am Meer' alt='Camping direkt am Meer' srcset=\"https:\/\/www.tuicamper.com\/wp-docker\/wp-content\/uploads\/2020\/10\/unbenannt-01263-495x400.jpg 495w, https:\/\/www.tuicamper.com\/wp-docker\/wp-content\/uploads\/2020\/10\/unbenannt-01263-845x684.jpg 845w\" sizes=\"auto, (max-width: 495px) 100vw, 495px\" \/><\/div><\/a><\/div><\/div>\n\n<\/div><\/div><\/div><!-- close content main div --><\/div><\/div><div id='av_section_21'  class='avia-section av-jt5vrdgv-99-0dc85c2c5ba5ddaf5098d52d702d530f main_color avia-section-default avia-no-border-styling  avia-builder-el-53  el_after_av_section  el_before_av_section  reduced-content avia-bg-style-scroll container_wrap sidebar_right'  ><div class='container av-section-cont-open' ><div class='template-page content  av-content-small alpha units'><div class='post-entry post-entry-type-page post-entry-6778'><div class='entry-content-wrapper clearfix'>\n\n<style type=\"text\/css\" data-created_by=\"avia_inline_auto\" id=\"style-css-av-1g5aou-101-fe5511f62fb56c933d8d826d6d886e36\">\n.flex_column.av-1g5aou-101-fe5511f62fb56c933d8d826d6d886e36{\nborder-radius:0px 0px 0px 0px;\npadding:0px 0px 0px 0px;\n}\n<\/style>\n<div  class='flex_column av-1g5aou-101-fe5511f62fb56c933d8d826d6d886e36 av_one_full  avia-builder-el-54  avia-builder-el-no-sibling  first flex_column_div av-zero-column-padding  '     ><section  class='av_textblock_section av-jt5tjyk0-100-0902c69885714724e75f6384b59eaadf '   itemscope=\"itemscope\" itemtype=\"https:\/\/schema.org\/BlogPosting\" itemprop=\"blogPost\" ><div class='avia_textblock'  itemprop=\"text\" ><p>In <a href=\"https:\/\/www.tuicamper.com\/reiseziele\/europa\/estland\/\">Estland<\/a> angekommen, lohnt ein Abstecher auf die Insel Saaremaa. Die viertgr\u00f6sste Insel der Ostsee besitzt eine artenreiche Tierwelt, in den K\u00fcstengew\u00e4ssern leben viele der heimischen Robbenarten wie etwa die Kegelrobbe. Au\u00dferdem liegen die Inseln im Zuggebiet zahlreicher Vogelarten wie etwa der Ringelg\u00e4nse und Eiderenten, die diese im Fr\u00fchjahr und Herbst als Zwischenstation auf ihrer Reise nutzen. Wer sich f\u00fcr Architektur interessiert, dem sei die Arensburg in Kuressaare empfohlen. Ende des 14. Jahrhunderts wurde die quadratisch angelegte Festung mit trutzigen Schutzw\u00e4llen versehen.<\/p>\n<p>Auf dem Weg nach Finnland f\u00fchrt kein Weg an <a href=\"https:\/\/www.tuicamper.com\/reiseziele\/europa\/estland\/tallinn\/\">Tallinn<\/a> vorbei. Bevor man die F\u00e4hre nach Helsinki nimmt, ist es ein Muss, die Hauptstadt Estlands zu besichtigen! Eine Stadt zum Verlieben und das kulturelle Zentrum des Landes. Hier trifft Neuzeit auf Mittelalter. Die Altstadt Tallinn\u2019s l\u00e4sst sich prima zu Fu\u00df erkunden und ist komplett von einer Stadtmauer umschlossen. Hier warten zahlreiche Gesch\u00e4fte und Caf\u00e9s, besonders einladend ist der historische Rathausplatz, der vom gotischen Rathaus und seinem 64m hohen Turm dominiert wird, wo man wunderbar eine Tasse Kaffee oder auch ein Glas Wein genie\u00dfen kann.<\/p>\n<\/div><\/section><\/div>\n\n<\/div><\/div><\/div><!-- close content main div --><\/div><\/div><div id='av_section_22'  class='avia-section av-jt5vrdgv-97-4efc41f9f6f800e2c673fe3ca09a4c42 main_color avia-section-default avia-no-border-styling  avia-builder-el-56  el_after_av_section  el_before_av_section  reduced-content avia-bg-style-scroll container_wrap sidebar_right'  ><div class='container av-section-cont-open' ><div class='template-page content  av-content-small alpha units'><div class='post-entry post-entry-type-page post-entry-6778'><div class='entry-content-wrapper clearfix'>\n\n<style type=\"text\/css\" data-created_by=\"avia_inline_auto\" id=\"style-css-av-kgt6zehk-98-de42266c2826bd1cbe8b48bf87791889\">\n#top .avia-gallery.av-kgt6zehk-98-de42266c2826bd1cbe8b48bf87791889 .avia-gallery-thumb a{\nwidth:50%;\n}\n<\/style>\n<div  class='avia-gallery av-kgt6zehk-98-de42266c2826bd1cbe8b48bf87791889 avia_animate_when_visible  avia-builder-el-57  avia-builder-el-no-sibling  animations_off avia-gallery-8'  itemprop=\"image\" itemscope=\"itemscope\" itemtype=\"https:\/\/schema.org\/ImageObject\" ><meta itemprop=\"contentURL\" content=\"https:\/\/www.tuicamper.com\/magazin\/mit-dem-camper-in-den-nordosten-europas\/\"><div class='avia-gallery-thumb'><a href=\"https:\/\/www.tuicamper.com\/wp-docker\/wp-content\/uploads\/2020\/10\/unbenannt-01308-1030x679.jpg\" data-srcset=\"https:\/\/www.tuicamper.com\/wp-docker\/wp-content\/uploads\/2020\/10\/unbenannt-01308-1030x679.jpg 1030w, https:\/\/www.tuicamper.com\/wp-docker\/wp-content\/uploads\/2020\/10\/unbenannt-01308-300x198.jpg 300w, https:\/\/www.tuicamper.com\/wp-docker\/wp-content\/uploads\/2020\/10\/unbenannt-01308-768x506.jpg 768w, https:\/\/www.tuicamper.com\/wp-docker\/wp-content\/uploads\/2020\/10\/unbenannt-01308-705x465.jpg 705w, https:\/\/www.tuicamper.com\/wp-docker\/wp-content\/uploads\/2020\/10\/unbenannt-01308.jpg 1440w\" data-sizes=\"(max-width: 1030px) 100vw, 1030px\" data-rel='gallery-8' data-prev-img='https:\/\/www.tuicamper.com\/wp-docker\/wp-content\/uploads\/2020\/10\/unbenannt-01308-495x400.jpg' class='first_thumb lightbox ' data-onclick='1' title='Historischer Rathausplatz Talinn'  itemprop=\"thumbnailUrl\"  ><img decoding=\"async\" fetchpriority=\"high\" class=\"wp-image-6885 avia-img-lazy-loading-not-6885\"   src=\"https:\/\/www.tuicamper.com\/wp-docker\/wp-content\/uploads\/2020\/10\/unbenannt-01308-1030x679.jpg\" width=\"1030\" height=\"679\"  title='Historischer Rathausplatz Talinn' alt='Historischer Rathausplatz Talinn' srcset=\"https:\/\/www.tuicamper.com\/wp-docker\/wp-content\/uploads\/2020\/10\/unbenannt-01308-1030x679.jpg 1030w, https:\/\/www.tuicamper.com\/wp-docker\/wp-content\/uploads\/2020\/10\/unbenannt-01308-300x198.jpg 300w, https:\/\/www.tuicamper.com\/wp-docker\/wp-content\/uploads\/2020\/10\/unbenannt-01308-768x506.jpg 768w, https:\/\/www.tuicamper.com\/wp-docker\/wp-content\/uploads\/2020\/10\/unbenannt-01308-705x465.jpg 705w, https:\/\/www.tuicamper.com\/wp-docker\/wp-content\/uploads\/2020\/10\/unbenannt-01308.jpg 1440w\" sizes=\"(max-width: 1030px) 100vw, 1030px\" \/><div class='big-prev-fake'><img decoding=\"async\" loading=\"lazy\" class=\"wp-image-6885 avia-img-lazy-loading-6885\"  width=\"495\" height=\"400\" src=\"https:\/\/www.tuicamper.com\/wp-docker\/wp-content\/uploads\/2020\/10\/unbenannt-01308-495x400.jpg\" title='Historischer Rathausplatz Talinn' alt='Historischer Rathausplatz Talinn' srcset=\"https:\/\/www.tuicamper.com\/wp-docker\/wp-content\/uploads\/2020\/10\/unbenannt-01308-495x400.jpg 495w, https:\/\/www.tuicamper.com\/wp-docker\/wp-content\/uploads\/2020\/10\/unbenannt-01308-845x684.jpg 845w\" sizes=\"auto, (max-width: 495px) 100vw, 495px\" \/><\/div><\/a><a href=\"https:\/\/www.tuicamper.com\/wp-docker\/wp-content\/uploads\/2020\/11\/unbenannt-01330-1030x687.jpg\" data-srcset=\"https:\/\/www.tuicamper.com\/wp-docker\/wp-content\/uploads\/2020\/11\/unbenannt-01330-1030x687.jpg 1030w, https:\/\/www.tuicamper.com\/wp-docker\/wp-content\/uploads\/2020\/11\/unbenannt-01330-300x200.jpg 300w, https:\/\/www.tuicamper.com\/wp-docker\/wp-content\/uploads\/2020\/11\/unbenannt-01330-768x512.jpg 768w, https:\/\/www.tuicamper.com\/wp-docker\/wp-content\/uploads\/2020\/11\/unbenannt-01330-705x470.jpg 705w, https:\/\/www.tuicamper.com\/wp-docker\/wp-content\/uploads\/2020\/11\/unbenannt-01330.jpg 1440w\" data-sizes=\"(max-width: 1030px) 100vw, 1030px\" data-rel='gallery-8' data-prev-img='https:\/\/www.tuicamper.com\/wp-docker\/wp-content\/uploads\/2020\/11\/unbenannt-01330-495x400.jpg' class='lightbox ' data-onclick='2' title='Blick \u00fcber Talinn'  itemprop=\"thumbnailUrl\"  ><img decoding=\"async\" fetchpriority=\"high\" class=\"wp-image-6899 avia-img-lazy-loading-not-6899\"   src=\"https:\/\/www.tuicamper.com\/wp-docker\/wp-content\/uploads\/2020\/11\/unbenannt-01330-1030x687.jpg\" width=\"1030\" height=\"687\"  title='Blick \u00fcber Talinn' alt='Blick \u00fcber Talinn' srcset=\"https:\/\/www.tuicamper.com\/wp-docker\/wp-content\/uploads\/2020\/11\/unbenannt-01330-1030x687.jpg 1030w, https:\/\/www.tuicamper.com\/wp-docker\/wp-content\/uploads\/2020\/11\/unbenannt-01330-300x200.jpg 300w, https:\/\/www.tuicamper.com\/wp-docker\/wp-content\/uploads\/2020\/11\/unbenannt-01330-768x512.jpg 768w, https:\/\/www.tuicamper.com\/wp-docker\/wp-content\/uploads\/2020\/11\/unbenannt-01330-705x470.jpg 705w, https:\/\/www.tuicamper.com\/wp-docker\/wp-content\/uploads\/2020\/11\/unbenannt-01330.jpg 1440w\" sizes=\"(max-width: 1030px) 100vw, 1030px\" \/><div class='big-prev-fake'><img decoding=\"async\" loading=\"lazy\" class=\"wp-image-6899 avia-img-lazy-loading-6899\"  width=\"495\" height=\"400\" src=\"https:\/\/www.tuicamper.com\/wp-docker\/wp-content\/uploads\/2020\/11\/unbenannt-01330-495x400.jpg\" title='Blick \u00fcber Talinn' alt='Blick \u00fcber Talinn' srcset=\"https:\/\/www.tuicamper.com\/wp-docker\/wp-content\/uploads\/2020\/11\/unbenannt-01330-495x400.jpg 495w, https:\/\/www.tuicamper.com\/wp-docker\/wp-content\/uploads\/2020\/11\/unbenannt-01330-845x684.jpg 845w\" sizes=\"auto, (max-width: 495px) 100vw, 495px\" \/><\/div><\/a><\/div><\/div>\n\n<\/div><\/div><\/div><!-- close content main div --><\/div><\/div><div id='av_section_23'  class='avia-section av-jt5vrdgv-94-1d01612610f0da30098c1e69c889db6e main_color avia-section-default avia-no-border-styling  avia-builder-el-58  el_after_av_section  el_before_av_section  reduced-content avia-bg-style-scroll container_wrap sidebar_right'  ><div class='container av-section-cont-open' ><div class='template-page content  av-content-small alpha units'><div class='post-entry post-entry-type-page post-entry-6778'><div class='entry-content-wrapper clearfix'>\n\n<style type=\"text\/css\" data-created_by=\"avia_inline_auto\" id=\"style-css-av-1g5aou-96-c24e6ec65627f02e0bd2ba3b0555c628\">\n.flex_column.av-1g5aou-96-c24e6ec65627f02e0bd2ba3b0555c628{\nborder-radius:0px 0px 0px 0px;\npadding:0px 0px 0px 0px;\n}\n<\/style>\n<div  class='flex_column av-1g5aou-96-c24e6ec65627f02e0bd2ba3b0555c628 av_one_full  avia-builder-el-59  avia-builder-el-no-sibling  first flex_column_div av-zero-column-padding  '     ><section  class='av_textblock_section av-jt5tjyk0-95-dc65f44ea48f7d7045c87c30b38520a2 '   itemscope=\"itemscope\" itemtype=\"https:\/\/schema.org\/BlogPosting\" itemprop=\"blogPost\" ><div class='avia_textblock'  itemprop=\"text\" ><p>Um \u00fcber die D\u00e4cher Tallinn\u2019s zu schauen, steigt man die Gasse Pikk Jalg hoch, passiert auf dem Weg die fotogene russisch-orthodoxe Kathedrale Alexander Newski und erreicht nach wenigen Minuten die Aussichtsplattform. Hier liegt einem Tallinn zu F\u00fcssen.<\/p>\n<p>Ein passabler Stellplatz befindet sich im Pirita-Hafen, \u00f6stlich der Stadt:<br \/>\n<a href=\"http:\/\/www.piritatop.ee\/en\/caravan-camping\/\" target=\"_blank\" rel=\"noopener\">http:\/\/www.piritatop.ee\/en\/caravan-camping\/<\/a><\/p>\n<\/div><\/section><\/div>\n\n<\/div><\/div><\/div><!-- close content main div --><\/div><\/div><div id='av_section_24'  class='avia-section av-jt5vrdgv-92-9858aad0fe14b10ae27ed4d7930fd9c7 main_color avia-section-default avia-no-border-styling  avia-builder-el-61  el_after_av_section  el_before_av_section  reduced-content avia-bg-style-scroll container_wrap sidebar_right'  ><div class='container av-section-cont-open' ><div class='template-page content  av-content-small alpha units'><div class='post-entry post-entry-type-page post-entry-6778'><div class='entry-content-wrapper clearfix'>\n\n<style type=\"text\/css\" data-created_by=\"avia_inline_auto\" id=\"style-css-av-kgt6zehk-93-7be2f529f8d041de1513e476efe1f09d\">\n#top .avia-gallery.av-kgt6zehk-93-7be2f529f8d041de1513e476efe1f09d .avia-gallery-thumb a{\nwidth:50%;\n}\n<\/style>\n<div  class='avia-gallery av-kgt6zehk-93-7be2f529f8d041de1513e476efe1f09d avia_animate_when_visible  avia-builder-el-62  avia-builder-el-no-sibling  animations_off avia-gallery-9'  itemprop=\"image\" itemscope=\"itemscope\" itemtype=\"https:\/\/schema.org\/ImageObject\" ><meta itemprop=\"contentURL\" content=\"https:\/\/www.tuicamper.com\/magazin\/mit-dem-camper-in-den-nordosten-europas\/\"><div class='avia-gallery-thumb'><a href=\"https:\/\/www.tuicamper.com\/wp-docker\/wp-content\/uploads\/2020\/11\/unbenannt-01321-1030x687.jpg\" data-srcset=\"https:\/\/www.tuicamper.com\/wp-docker\/wp-content\/uploads\/2020\/11\/unbenannt-01321-1030x687.jpg 1030w, https:\/\/www.tuicamper.com\/wp-docker\/wp-content\/uploads\/2020\/11\/unbenannt-01321-300x200.jpg 300w, https:\/\/www.tuicamper.com\/wp-docker\/wp-content\/uploads\/2020\/11\/unbenannt-01321-768x512.jpg 768w, https:\/\/www.tuicamper.com\/wp-docker\/wp-content\/uploads\/2020\/11\/unbenannt-01321-705x470.jpg 705w, https:\/\/www.tuicamper.com\/wp-docker\/wp-content\/uploads\/2020\/11\/unbenannt-01321.jpg 1440w\" data-sizes=\"(max-width: 1030px) 100vw, 1030px\" data-rel='gallery-9' data-prev-img='https:\/\/www.tuicamper.com\/wp-docker\/wp-content\/uploads\/2020\/11\/unbenannt-01321-495x400.jpg' class='first_thumb lightbox ' data-onclick='1' title='Kathedrale Alexander Newski'  itemprop=\"thumbnailUrl\"  ><img decoding=\"async\" fetchpriority=\"high\" class=\"wp-image-6898 avia-img-lazy-loading-not-6898\"   src=\"https:\/\/www.tuicamper.com\/wp-docker\/wp-content\/uploads\/2020\/11\/unbenannt-01321-1030x687.jpg\" width=\"1030\" height=\"687\"  title='Kathedrale Alexander Newski' alt='Kathedrale Alexander Newski' srcset=\"https:\/\/www.tuicamper.com\/wp-docker\/wp-content\/uploads\/2020\/11\/unbenannt-01321-1030x687.jpg 1030w, https:\/\/www.tuicamper.com\/wp-docker\/wp-content\/uploads\/2020\/11\/unbenannt-01321-300x200.jpg 300w, https:\/\/www.tuicamper.com\/wp-docker\/wp-content\/uploads\/2020\/11\/unbenannt-01321-768x512.jpg 768w, https:\/\/www.tuicamper.com\/wp-docker\/wp-content\/uploads\/2020\/11\/unbenannt-01321-705x470.jpg 705w, https:\/\/www.tuicamper.com\/wp-docker\/wp-content\/uploads\/2020\/11\/unbenannt-01321.jpg 1440w\" sizes=\"(max-width: 1030px) 100vw, 1030px\" \/><div class='big-prev-fake'><img decoding=\"async\" loading=\"lazy\" class=\"wp-image-6898 avia-img-lazy-loading-6898\"  width=\"495\" height=\"400\" src=\"https:\/\/www.tuicamper.com\/wp-docker\/wp-content\/uploads\/2020\/11\/unbenannt-01321-495x400.jpg\" title='Kathedrale Alexander Newski' alt='Kathedrale Alexander Newski' srcset=\"https:\/\/www.tuicamper.com\/wp-docker\/wp-content\/uploads\/2020\/11\/unbenannt-01321-495x400.jpg 495w, https:\/\/www.tuicamper.com\/wp-docker\/wp-content\/uploads\/2020\/11\/unbenannt-01321-845x684.jpg 845w\" sizes=\"auto, (max-width: 495px) 100vw, 495px\" \/><\/div><\/a><a href=\"https:\/\/www.tuicamper.com\/wp-docker\/wp-content\/uploads\/2020\/11\/unbenannt-01348-1030x687.jpg\" data-srcset=\"https:\/\/www.tuicamper.com\/wp-docker\/wp-content\/uploads\/2020\/11\/unbenannt-01348-1030x687.jpg 1030w, https:\/\/www.tuicamper.com\/wp-docker\/wp-content\/uploads\/2020\/11\/unbenannt-01348-300x200.jpg 300w, https:\/\/www.tuicamper.com\/wp-docker\/wp-content\/uploads\/2020\/11\/unbenannt-01348-768x512.jpg 768w, https:\/\/www.tuicamper.com\/wp-docker\/wp-content\/uploads\/2020\/11\/unbenannt-01348-705x470.jpg 705w, https:\/\/www.tuicamper.com\/wp-docker\/wp-content\/uploads\/2020\/11\/unbenannt-01348.jpg 1440w\" data-sizes=\"(max-width: 1030px) 100vw, 1030px\" data-rel='gallery-9' data-prev-img='https:\/\/www.tuicamper.com\/wp-docker\/wp-content\/uploads\/2020\/11\/unbenannt-01348-495x400.jpg' class='lightbox ' data-onclick='2' title='Stellplatz im Pirita-Hafen'  itemprop=\"thumbnailUrl\"  ><img decoding=\"async\" fetchpriority=\"high\" class=\"wp-image-6897 avia-img-lazy-loading-not-6897\"   src=\"https:\/\/www.tuicamper.com\/wp-docker\/wp-content\/uploads\/2020\/11\/unbenannt-01348-1030x687.jpg\" width=\"1030\" height=\"687\"  title='Stellplatz im Pirita-Hafen' alt='Stellplatz im Pirita-Hafen' srcset=\"https:\/\/www.tuicamper.com\/wp-docker\/wp-content\/uploads\/2020\/11\/unbenannt-01348-1030x687.jpg 1030w, https:\/\/www.tuicamper.com\/wp-docker\/wp-content\/uploads\/2020\/11\/unbenannt-01348-300x200.jpg 300w, https:\/\/www.tuicamper.com\/wp-docker\/wp-content\/uploads\/2020\/11\/unbenannt-01348-768x512.jpg 768w, https:\/\/www.tuicamper.com\/wp-docker\/wp-content\/uploads\/2020\/11\/unbenannt-01348-705x470.jpg 705w, https:\/\/www.tuicamper.com\/wp-docker\/wp-content\/uploads\/2020\/11\/unbenannt-01348.jpg 1440w\" sizes=\"(max-width: 1030px) 100vw, 1030px\" \/><div class='big-prev-fake'><img decoding=\"async\" loading=\"lazy\" class=\"wp-image-6897 avia-img-lazy-loading-6897\"  width=\"495\" height=\"400\" src=\"https:\/\/www.tuicamper.com\/wp-docker\/wp-content\/uploads\/2020\/11\/unbenannt-01348-495x400.jpg\" title='Stellplatz im Pirita-Hafen' alt='Stellplatz im Pirita-Hafen' srcset=\"https:\/\/www.tuicamper.com\/wp-docker\/wp-content\/uploads\/2020\/11\/unbenannt-01348-495x400.jpg 495w, https:\/\/www.tuicamper.com\/wp-docker\/wp-content\/uploads\/2020\/11\/unbenannt-01348-845x684.jpg 845w\" sizes=\"auto, (max-width: 495px) 100vw, 495px\" \/><\/div><\/a><\/div><\/div>\n\n<\/div><\/div><\/div><!-- close content main div --><\/div><\/div><div id='av_section_25'  class='avia-section av-jt5vrdgv-89-a3c1ee59408fa601bd04a56bbd624527 main_color avia-section-default avia-no-border-styling  avia-builder-el-63  el_after_av_section  el_before_av_section  reduced-content avia-bg-style-scroll container_wrap sidebar_right'  ><div class='container av-section-cont-open' ><div class='template-page content  av-content-small alpha units'><div class='post-entry post-entry-type-page post-entry-6778'><div class='entry-content-wrapper clearfix'>\n\n<style type=\"text\/css\" data-created_by=\"avia_inline_auto\" id=\"style-css-av-1g5aou-91-f7abdeddc63675dcbf3ca39d2c0b31ca\">\n.flex_column.av-1g5aou-91-f7abdeddc63675dcbf3ca39d2c0b31ca{\nborder-radius:0px 0px 0px 0px;\npadding:0px 0px 0px 0px;\n}\n<\/style>\n<div  class='flex_column av-1g5aou-91-f7abdeddc63675dcbf3ca39d2c0b31ca av_one_full  avia-builder-el-64  avia-builder-el-no-sibling  first flex_column_div av-zero-column-padding  '     ><section  class='av_textblock_section av-jt5tjyk0-90-a23f5bf0b947ab15673cfc6bd11ce37a '   itemscope=\"itemscope\" itemtype=\"https:\/\/schema.org\/BlogPosting\" itemprop=\"blogPost\" ><div class='avia_textblock'  itemprop=\"text\" ><p>Am n\u00e4chsten Tag ging\u2019s f\u00fcr uns \u00fcber die Ostsee. Im Internet l\u00e4sst sich das F\u00e4hrticket problemlos einen Tag zuvor buchen.<\/p>\n<\/div><\/section><\/div>\n\n<\/div><\/div><\/div><!-- close content main div --><\/div><\/div><div id='av_section_26'  class='avia-section av-jt5vrdgv-87-db9a4d62f32002c1498283b9e62c8be9 main_color avia-section-default avia-no-border-styling  avia-builder-el-66  el_after_av_section  el_before_av_section  reduced-content avia-bg-style-scroll container_wrap sidebar_right'  ><div class='container av-section-cont-open' ><div class='template-page content  av-content-small alpha units'><div class='post-entry post-entry-type-page post-entry-6778'><div class='entry-content-wrapper clearfix'>\n\n<style type=\"text\/css\" data-created_by=\"avia_inline_auto\" id=\"style-css-av-kgt6zehk-88-e292137abbe41169abd04d3cb62cf1dd\">\n#top .avia-gallery.av-kgt6zehk-88-e292137abbe41169abd04d3cb62cf1dd .avia-gallery-thumb a{\nwidth:100%;\n}\n<\/style>\n<div  class='avia-gallery av-kgt6zehk-88-e292137abbe41169abd04d3cb62cf1dd avia_animate_when_visible  avia-builder-el-67  avia-builder-el-no-sibling  animations_off avia-gallery-10'  itemprop=\"image\" itemscope=\"itemscope\" itemtype=\"https:\/\/schema.org\/ImageObject\" ><meta itemprop=\"contentURL\" content=\"https:\/\/www.tuicamper.com\/magazin\/mit-dem-camper-in-den-nordosten-europas\/\"><div class='avia-gallery-thumb'><a href=\"https:\/\/www.tuicamper.com\/wp-docker\/wp-content\/uploads\/2020\/11\/unbenannt-01350-1030x687.jpg\" data-srcset=\"https:\/\/www.tuicamper.com\/wp-docker\/wp-content\/uploads\/2020\/11\/unbenannt-01350-1030x687.jpg 1030w, https:\/\/www.tuicamper.com\/wp-docker\/wp-content\/uploads\/2020\/11\/unbenannt-01350-300x200.jpg 300w, https:\/\/www.tuicamper.com\/wp-docker\/wp-content\/uploads\/2020\/11\/unbenannt-01350-768x512.jpg 768w, https:\/\/www.tuicamper.com\/wp-docker\/wp-content\/uploads\/2020\/11\/unbenannt-01350-705x470.jpg 705w, https:\/\/www.tuicamper.com\/wp-docker\/wp-content\/uploads\/2020\/11\/unbenannt-01350.jpg 1440w\" data-sizes=\"(max-width: 1030px) 100vw, 1030px\" data-rel='gallery-10' data-prev-img='https:\/\/www.tuicamper.com\/wp-docker\/wp-content\/uploads\/2020\/11\/unbenannt-01350-495x400.jpg' class='first_thumb lightbox ' data-onclick='1' title='F\u00e4hre nach Finnland'  itemprop=\"thumbnailUrl\"  ><img decoding=\"async\" fetchpriority=\"high\" class=\"wp-image-6903 avia-img-lazy-loading-not-6903\"   src=\"https:\/\/www.tuicamper.com\/wp-docker\/wp-content\/uploads\/2020\/11\/unbenannt-01350-710x375.jpg\" width=\"710\" height=\"375\"  title='F\u00e4hre nach Finnland' alt='F\u00e4hre nach Finnland' \/><div class='big-prev-fake'><img decoding=\"async\" loading=\"lazy\" class=\"wp-image-6903 avia-img-lazy-loading-6903\"  width=\"495\" height=\"400\" src=\"https:\/\/www.tuicamper.com\/wp-docker\/wp-content\/uploads\/2020\/11\/unbenannt-01350-495x400.jpg\" title='F\u00e4hre nach Finnland' alt='F\u00e4hre nach Finnland' srcset=\"https:\/\/www.tuicamper.com\/wp-docker\/wp-content\/uploads\/2020\/11\/unbenannt-01350-495x400.jpg 495w, https:\/\/www.tuicamper.com\/wp-docker\/wp-content\/uploads\/2020\/11\/unbenannt-01350-845x684.jpg 845w\" sizes=\"auto, (max-width: 495px) 100vw, 495px\" \/><\/div><\/a><\/div><\/div>\n\n<\/div><\/div><\/div><!-- close content main div --><\/div><\/div><div id='av_section_27'  class='avia-section av-jt5vrdgv-84-c95b4d395926ab05a033c86a4be628d7 main_color avia-section-default avia-no-border-styling  avia-builder-el-68  el_after_av_section  el_before_av_section  reduced-content avia-bg-style-scroll container_wrap sidebar_right'  ><div class='container av-section-cont-open' ><div class='template-page content  av-content-small alpha units'><div class='post-entry post-entry-type-page post-entry-6778'><div class='entry-content-wrapper clearfix'>\n\n<style type=\"text\/css\" data-created_by=\"avia_inline_auto\" id=\"style-css-av-1g5aou-86-342bf928702e29d63bd7c5fdeb06fb3d\">\n.flex_column.av-1g5aou-86-342bf928702e29d63bd7c5fdeb06fb3d{\nborder-radius:0px 0px 0px 0px;\npadding:0px 0px 0px 0px;\n}\n<\/style>\n<div  class='flex_column av-1g5aou-86-342bf928702e29d63bd7c5fdeb06fb3d av_one_full  avia-builder-el-69  avia-builder-el-no-sibling  first flex_column_div av-zero-column-padding  '     ><section  class='av_textblock_section av-jt5tjyk0-85-f68a866245bed3fffe582286e88e06a3 '   itemscope=\"itemscope\" itemtype=\"https:\/\/schema.org\/BlogPosting\" itemprop=\"blogPost\" ><div class='avia_textblock'  itemprop=\"text\" ><p>In nur 2 Stunden gelangt man mit der F\u00e4hre von Estland ins benachbarte Finnland und landet in dessen Hauptstadt <a href=\"https:\/\/www.tuicamper.com\/reiseziele\/europa\/finnland\/helsinki\/\">Helsinki<\/a>, wo unz\u00e4hlige Bauten einen Besuch wert sind. Sei es die prachtvolle Uspenski-Kathedrale oder das Olympiastadion, das f\u00fcr die Olympischen Spiele 1952 genutzt wurde wie auch der Sibeliuspark oder die ber\u00fchmte Felsenkirche, einem einmalig modernen Bauwerk, das vollst\u00e4ndig aus Stein in einen Felsen hineingebaut wurde. Und nat\u00fcrlich darf auch ein Erinnerungsbild mit dem wei\u00dfen Dom im Hintergrund nicht fehlen. Nach so viel \u00abStadt\u00bb wurde es Zeit in die Natur zur\u00fcckzukehren. Und das geht so richtig prima auf den malerischen \u00c5land-Inseln im S\u00fcdwesten Finnlands.<\/p>\n<\/div><\/section><\/div>\n\n<\/div><\/div><\/div><!-- close content main div --><\/div><\/div><div id='av_section_28'  class='avia-section av-jt5vrdgv-82-17a82da5d4b24d16be830495bae35204 main_color avia-section-default avia-no-border-styling  avia-builder-el-71  el_after_av_section  el_before_av_section  reduced-content avia-bg-style-scroll container_wrap sidebar_right'  ><div class='container av-section-cont-open' ><div class='template-page content  av-content-small alpha units'><div class='post-entry post-entry-type-page post-entry-6778'><div class='entry-content-wrapper clearfix'>\n\n<style type=\"text\/css\" data-created_by=\"avia_inline_auto\" id=\"style-css-av-1g5aou-81-89823dc196d901f84a4512d535c00fdb\">\n.flex_column.av-1g5aou-81-89823dc196d901f84a4512d535c00fdb{\nborder-radius:0px 0px 0px 0px;\npadding:0px 0px 0px 0px;\n}\n<\/style>\n<div  class='flex_column av-1g5aou-81-89823dc196d901f84a4512d535c00fdb av_one_full  avia-builder-el-72  avia-builder-el-no-sibling  first flex_column_div av-zero-column-padding  '     ><section  class='av_textblock_section av-jt5tjyk0-80-26b739b1dc04dc429a5088bfb9db1fac '   itemscope=\"itemscope\" itemtype=\"https:\/\/schema.org\/BlogPosting\" itemprop=\"blogPost\" ><div class='avia_textblock'  itemprop=\"text\" ><h2><strong>Geheimtipp \u00c5land-Inseln<\/strong><\/h2>\n<p>Sunde, Buchten und Sandstr\u00e4nde, kahle Granitklippen und dichte W\u00e4lder, weites Bauernland und sturmzerzauste K\u00fcstenpartien, eine artenreiche Flora und Fauna sowie das allgegenw\u00e4rtige Wasser pr\u00e4gen die Landschaft.<\/p>\n<\/div><\/section><\/div>\n\n<\/div><\/div><\/div><!-- close content main div --><\/div><\/div><div id='av_section_29'  class='avia-section av-jt5vrdgv-79-2e03dc1817589dead9ed8dda6bae1f89 main_color avia-section-default avia-no-border-styling  avia-builder-el-74  el_after_av_section  el_before_av_section  reduced-content avia-bg-style-scroll container_wrap sidebar_right'  ><div class='container av-section-cont-open' ><div class='template-page content  av-content-small alpha units'><div class='post-entry post-entry-type-page post-entry-6778'><div class='entry-content-wrapper clearfix'>\n\n<style type=\"text\/css\" data-created_by=\"avia_inline_auto\" id=\"style-css-av-kgt6zehk-83-4a436a54973711faf46580e8a3366702\">\n#top .avia-gallery.av-kgt6zehk-83-4a436a54973711faf46580e8a3366702 .avia-gallery-thumb a{\nwidth:50%;\n}\n<\/style>\n<div  class='avia-gallery av-kgt6zehk-83-4a436a54973711faf46580e8a3366702 avia_animate_when_visible  avia-builder-el-75  avia-builder-el-no-sibling  animations_off avia-gallery-11'  itemprop=\"image\" itemscope=\"itemscope\" itemtype=\"https:\/\/schema.org\/ImageObject\" ><meta itemprop=\"contentURL\" content=\"https:\/\/www.tuicamper.com\/magazin\/mit-dem-camper-in-den-nordosten-europas\/\"><div class='avia-gallery-thumb'><a href=\"https:\/\/www.tuicamper.com\/wp-docker\/wp-content\/uploads\/2020\/11\/unbenannt-01390-1030x687.jpg\" data-srcset=\"https:\/\/www.tuicamper.com\/wp-docker\/wp-content\/uploads\/2020\/11\/unbenannt-01390-1030x687.jpg 1030w, https:\/\/www.tuicamper.com\/wp-docker\/wp-content\/uploads\/2020\/11\/unbenannt-01390-300x200.jpg 300w, https:\/\/www.tuicamper.com\/wp-docker\/wp-content\/uploads\/2020\/11\/unbenannt-01390-768x512.jpg 768w, https:\/\/www.tuicamper.com\/wp-docker\/wp-content\/uploads\/2020\/11\/unbenannt-01390-705x470.jpg 705w, https:\/\/www.tuicamper.com\/wp-docker\/wp-content\/uploads\/2020\/11\/unbenannt-01390.jpg 1440w\" data-sizes=\"(max-width: 1030px) 100vw, 1030px\" data-rel='gallery-11' data-prev-img='https:\/\/www.tuicamper.com\/wp-docker\/wp-content\/uploads\/2020\/11\/unbenannt-01390-495x400.jpg' class='first_thumb lightbox ' data-onclick='1' title='Natur auf den \u00c5land-Inseln'  itemprop=\"thumbnailUrl\"  ><img decoding=\"async\" fetchpriority=\"high\" class=\"wp-image-6907 avia-img-lazy-loading-not-6907\"   src=\"https:\/\/www.tuicamper.com\/wp-docker\/wp-content\/uploads\/2020\/11\/unbenannt-01390-1030x687.jpg\" width=\"1030\" height=\"687\"  title='Natur auf den \u00c5land-Inseln' alt='Natur auf den \u00c5land-Inseln' srcset=\"https:\/\/www.tuicamper.com\/wp-docker\/wp-content\/uploads\/2020\/11\/unbenannt-01390-1030x687.jpg 1030w, https:\/\/www.tuicamper.com\/wp-docker\/wp-content\/uploads\/2020\/11\/unbenannt-01390-300x200.jpg 300w, https:\/\/www.tuicamper.com\/wp-docker\/wp-content\/uploads\/2020\/11\/unbenannt-01390-768x512.jpg 768w, https:\/\/www.tuicamper.com\/wp-docker\/wp-content\/uploads\/2020\/11\/unbenannt-01390-705x470.jpg 705w, https:\/\/www.tuicamper.com\/wp-docker\/wp-content\/uploads\/2020\/11\/unbenannt-01390.jpg 1440w\" sizes=\"(max-width: 1030px) 100vw, 1030px\" \/><div class='big-prev-fake'><img decoding=\"async\" loading=\"lazy\" class=\"wp-image-6907 avia-img-lazy-loading-6907\"  width=\"495\" height=\"400\" src=\"https:\/\/www.tuicamper.com\/wp-docker\/wp-content\/uploads\/2020\/11\/unbenannt-01390-495x400.jpg\" title='Natur auf den \u00c5land-Inseln' alt='Natur auf den \u00c5land-Inseln' srcset=\"https:\/\/www.tuicamper.com\/wp-docker\/wp-content\/uploads\/2020\/11\/unbenannt-01390-495x400.jpg 495w, https:\/\/www.tuicamper.com\/wp-docker\/wp-content\/uploads\/2020\/11\/unbenannt-01390-845x684.jpg 845w\" sizes=\"auto, (max-width: 495px) 100vw, 495px\" \/><\/div><\/a><a href=\"https:\/\/www.tuicamper.com\/wp-docker\/wp-content\/uploads\/2020\/11\/unbenannt-01462-1030x688.jpg\" data-srcset=\"https:\/\/www.tuicamper.com\/wp-docker\/wp-content\/uploads\/2020\/11\/unbenannt-01462-1030x688.jpg 1030w, https:\/\/www.tuicamper.com\/wp-docker\/wp-content\/uploads\/2020\/11\/unbenannt-01462-300x200.jpg 300w, https:\/\/www.tuicamper.com\/wp-docker\/wp-content\/uploads\/2020\/11\/unbenannt-01462-768x513.jpg 768w, https:\/\/www.tuicamper.com\/wp-docker\/wp-content\/uploads\/2020\/11\/unbenannt-01462-705x471.jpg 705w, https:\/\/www.tuicamper.com\/wp-docker\/wp-content\/uploads\/2020\/11\/unbenannt-01462.jpg 1440w\" data-sizes=\"(max-width: 1030px) 100vw, 1030px\" data-rel='gallery-11' data-prev-img='https:\/\/www.tuicamper.com\/wp-docker\/wp-content\/uploads\/2020\/11\/unbenannt-01462-495x400.jpg' class='lightbox ' data-onclick='2' title='unbenannt-01462'  itemprop=\"thumbnailUrl\"  ><img decoding=\"async\" fetchpriority=\"high\" class=\"wp-image-6906 avia-img-lazy-loading-not-6906\"   src=\"https:\/\/www.tuicamper.com\/wp-docker\/wp-content\/uploads\/2020\/11\/unbenannt-01462-1030x688.jpg\" width=\"1030\" height=\"688\"  title='unbenannt-01462' alt='' srcset=\"https:\/\/www.tuicamper.com\/wp-docker\/wp-content\/uploads\/2020\/11\/unbenannt-01462-1030x688.jpg 1030w, https:\/\/www.tuicamper.com\/wp-docker\/wp-content\/uploads\/2020\/11\/unbenannt-01462-300x200.jpg 300w, https:\/\/www.tuicamper.com\/wp-docker\/wp-content\/uploads\/2020\/11\/unbenannt-01462-768x513.jpg 768w, https:\/\/www.tuicamper.com\/wp-docker\/wp-content\/uploads\/2020\/11\/unbenannt-01462-705x471.jpg 705w, https:\/\/www.tuicamper.com\/wp-docker\/wp-content\/uploads\/2020\/11\/unbenannt-01462.jpg 1440w\" sizes=\"(max-width: 1030px) 100vw, 1030px\" \/><div class='big-prev-fake'><img decoding=\"async\" loading=\"lazy\" class=\"wp-image-6906 avia-img-lazy-loading-6906\"  width=\"495\" height=\"400\" src=\"https:\/\/www.tuicamper.com\/wp-docker\/wp-content\/uploads\/2020\/11\/unbenannt-01462-495x400.jpg\" title='unbenannt-01462' alt='' srcset=\"https:\/\/www.tuicamper.com\/wp-docker\/wp-content\/uploads\/2020\/11\/unbenannt-01462-495x400.jpg 495w, https:\/\/www.tuicamper.com\/wp-docker\/wp-content\/uploads\/2020\/11\/unbenannt-01462-845x684.jpg 845w\" sizes=\"auto, (max-width: 495px) 100vw, 495px\" \/><\/div><\/a><\/div><\/div>\n\n<\/div><\/div><\/div><!-- close content main div --><\/div><\/div><div id='av_section_30'  class='avia-section av-jt5vrdgv-76-cab41ee8f8c71d2a5bcabf6a17704702 main_color avia-section-default avia-no-border-styling  avia-builder-el-76  el_after_av_section  el_before_av_section  reduced-content avia-bg-style-scroll container_wrap sidebar_right'  ><div class='container av-section-cont-open' ><div class='template-page content  av-content-small alpha units'><div class='post-entry post-entry-type-page post-entry-6778'><div class='entry-content-wrapper clearfix'>\n\n<style type=\"text\/css\" data-created_by=\"avia_inline_auto\" id=\"style-css-av-1g5aou-78-060b08119192d2405cfae5ca16fddf54\">\n.flex_column.av-1g5aou-78-060b08119192d2405cfae5ca16fddf54{\nborder-radius:0px 0px 0px 0px;\npadding:0px 0px 0px 0px;\n}\n<\/style>\n<div  class='flex_column av-1g5aou-78-060b08119192d2405cfae5ca16fddf54 av_one_full  avia-builder-el-77  avia-builder-el-no-sibling  first flex_column_div av-zero-column-padding  '     ><section  class='av_textblock_section av-jt5tjyk0-77-6e8cf4899b8b013c4170f447d86e8968 '   itemscope=\"itemscope\" itemtype=\"https:\/\/schema.org\/BlogPosting\" itemprop=\"blogPost\" ><div class='avia_textblock'  itemprop=\"text\" ><p>Der Archipel \u00c5land mit \u00fcber 6.700 Inseln und Sch\u00e4ren, der zwischen Schweden und dem finnischen Festland liegt, ist ein Paradies zum Wandern, Velofahren, Paddeln oder V\u00f6gel beobachten und deshalb ein perfektes Reiseziel f\u00fcr Natur- und Outdoorfans. Zumal die Inseln die meisten Sonnenstunden von ganz Finnland aufweisen. Allein schon die Anfahrt ist eine Reise wert. Ob mit der F\u00e4hre direkt in die einzige Stadt \u00c5lands Mariehamn oder per Inselhopping, die Ausblicke vom Schiff aus auf die Sch\u00e4renwelt sind einmalig. Durch seine Vergangenheit und fremden Einfl\u00fcsse ist \u00c5land \u00e4u\u00dferst kontrastreich und kulturell gepr\u00e4gt. Im 13. Jahrhundert geh\u00f6rte \u00c5land zur schwedischen Krone. 1809 besetzen die Russen den Archipel und erst nach der Russischen Revolution spricht der V\u00f6lkerbund das Inselparadies Finnland zu. Auf \u00c5land werden Autonomie, der Erhalt der eigenen Kultur und Gebr\u00e4uche und die schwedische Sprache garantiert. Unter den Festland-Finnen wird gemunkelt, dass die auf ihren Inseln eh tun und lassen wie es ihnen gef\u00e4llt. Das mag stimmen \u2013 und tr\u00e4gt zum Charme dieser Gegend bei.<\/p>\n<p>Ein ganz besonderes Highlight ist das Insel-Hopping \u2013 das geht sogar mit einem Camper. Reservieren Sie Ihren Platz auf der F\u00e4hre unbedingt im Voraus \u2013 dank Internet ein Leichtes.<\/p>\n<\/div><\/section><\/div>\n\n<\/div><\/div><\/div><!-- close content main div --><\/div><\/div><div id='av_section_31'  class='avia-section av-jt5vrdgv-74-8955c77794e84ac9ee86df5a3aa7496e main_color avia-section-default avia-no-border-styling  avia-builder-el-79  el_after_av_section  el_before_av_section  reduced-content avia-bg-style-scroll container_wrap sidebar_right'  ><div class='container av-section-cont-open' ><div class='template-page content  av-content-small alpha units'><div class='post-entry post-entry-type-page post-entry-6778'><div class='entry-content-wrapper clearfix'>\n\n<style type=\"text\/css\" data-created_by=\"avia_inline_auto\" id=\"style-css-av-kgt6zehk-75-8dd146d6a7fea73219c82303a3780118\">\n#top .avia-gallery.av-kgt6zehk-75-8dd146d6a7fea73219c82303a3780118 .avia-gallery-thumb a{\nwidth:100%;\n}\n<\/style>\n<div  class='avia-gallery av-kgt6zehk-75-8dd146d6a7fea73219c82303a3780118 avia_animate_when_visible  avia-builder-el-80  avia-builder-el-no-sibling  animations_off avia-gallery-12'  itemprop=\"image\" itemscope=\"itemscope\" itemtype=\"https:\/\/schema.org\/ImageObject\" ><meta itemprop=\"contentURL\" content=\"https:\/\/www.tuicamper.com\/magazin\/mit-dem-camper-in-den-nordosten-europas\/\"><div class='avia-gallery-thumb'><a href=\"https:\/\/www.tuicamper.com\/wp-docker\/wp-content\/uploads\/2020\/11\/unbenannt-01425-1030x687.jpg\" data-srcset=\"https:\/\/www.tuicamper.com\/wp-docker\/wp-content\/uploads\/2020\/11\/unbenannt-01425-1030x687.jpg 1030w, https:\/\/www.tuicamper.com\/wp-docker\/wp-content\/uploads\/2020\/11\/unbenannt-01425-300x200.jpg 300w, https:\/\/www.tuicamper.com\/wp-docker\/wp-content\/uploads\/2020\/11\/unbenannt-01425-768x512.jpg 768w, https:\/\/www.tuicamper.com\/wp-docker\/wp-content\/uploads\/2020\/11\/unbenannt-01425-705x470.jpg 705w, https:\/\/www.tuicamper.com\/wp-docker\/wp-content\/uploads\/2020\/11\/unbenannt-01425.jpg 1440w\" data-sizes=\"(max-width: 1030px) 100vw, 1030px\" data-rel='gallery-12' data-prev-img='https:\/\/www.tuicamper.com\/wp-docker\/wp-content\/uploads\/2020\/11\/unbenannt-01425-495x400.jpg' class='first_thumb lightbox ' data-onclick='1' title='Insel-Hopping mit dem Camper'  itemprop=\"thumbnailUrl\"  ><img decoding=\"async\" fetchpriority=\"high\" class=\"wp-image-6909 avia-img-lazy-loading-not-6909\"   src=\"https:\/\/www.tuicamper.com\/wp-docker\/wp-content\/uploads\/2020\/11\/unbenannt-01425-710x375.jpg\" width=\"710\" height=\"375\"  title='Insel-Hopping mit dem Camper' alt='Insel-Hopping mit dem Camper' \/><div class='big-prev-fake'><img decoding=\"async\" loading=\"lazy\" class=\"wp-image-6909 avia-img-lazy-loading-6909\"  width=\"495\" height=\"400\" src=\"https:\/\/www.tuicamper.com\/wp-docker\/wp-content\/uploads\/2020\/11\/unbenannt-01425-495x400.jpg\" title='Insel-Hopping mit dem Camper' alt='Insel-Hopping mit dem Camper' srcset=\"https:\/\/www.tuicamper.com\/wp-docker\/wp-content\/uploads\/2020\/11\/unbenannt-01425-495x400.jpg 495w, https:\/\/www.tuicamper.com\/wp-docker\/wp-content\/uploads\/2020\/11\/unbenannt-01425-845x684.jpg 845w\" sizes=\"auto, (max-width: 495px) 100vw, 495px\" \/><\/div><\/a><\/div><\/div>\n\n<\/div><\/div><\/div><!-- close content main div --><\/div><\/div><div id='av_section_32'  class='avia-section av-jt5vrdgv-71-297950d872d7f528b81f49ec155d273f main_color avia-section-default avia-no-border-styling  avia-builder-el-81  el_after_av_section  el_before_av_section  reduced-content avia-bg-style-scroll container_wrap sidebar_right'  ><div class='container av-section-cont-open' ><div class='template-page content  av-content-small alpha units'><div class='post-entry post-entry-type-page post-entry-6778'><div class='entry-content-wrapper clearfix'>\n\n<style type=\"text\/css\" data-created_by=\"avia_inline_auto\" id=\"style-css-av-1g5aou-73-5302a1a7d9c6049be40fb64efc5d93b5\">\n.flex_column.av-1g5aou-73-5302a1a7d9c6049be40fb64efc5d93b5{\nborder-radius:0px 0px 0px 0px;\npadding:0px 0px 0px 0px;\n}\n<\/style>\n<div  class='flex_column av-1g5aou-73-5302a1a7d9c6049be40fb64efc5d93b5 av_one_full  avia-builder-el-82  avia-builder-el-no-sibling  first flex_column_div av-zero-column-padding  '     ><section  class='av_textblock_section av-jt5tjyk0-72-786c74cbf5b1c30247a19dbb9ee16a0c '   itemscope=\"itemscope\" itemtype=\"https:\/\/schema.org\/BlogPosting\" itemprop=\"blogPost\" ><div class='avia_textblock'  itemprop=\"text\" ><p>Gut zwei F\u00e4hrstunden entfernt, liegt im S\u00fcdosten das mystische K\u00f6kar, das ich Ihnen besonders ans Herz legen m\u00f6chte. Die Insel besticht mit seiner herben Natursch\u00f6nheit und den typisch kargen Sch\u00e4renlandschaften. Zwischen 1400 und 1600 lebten hier Hunderte von Bootsmannschaften, die Ostseehering und Dorsche fingen. Heute ist K\u00f6kar mit 280 Bewohnern die zweitkleinste Gemeinde \u00c5lands. Von der reichen Vergangenheit erz\u00e4hlt die Kirche, die in fantastischer Lage oberhalb der r\u00f6tlichen Granitklippen der Westk\u00fcste thront und mehr Gl\u00e4ubige fasst, als Menschen auf der Insel leben. Das Gotteshaus mit seinem hohen Schindeldach wurde mit Hilfe einer Kollekte aus ganz Schweden 1785 errichtet, nachdem russische Soldaten die alte Holzkirche niedergebrannt hatten.<\/p>\n<\/div><\/section><\/div>\n\n<\/div><\/div><\/div><!-- close content main div --><\/div><\/div><div id='av_section_33'  class='avia-section av-jt5vrdgv-69-a4935b4f246df9d8a9965f54895ed5ce main_color avia-section-default avia-no-border-styling  avia-builder-el-84  el_after_av_section  el_before_av_section  reduced-content avia-bg-style-scroll container_wrap sidebar_right'  ><div class='container av-section-cont-open' ><div class='template-page content  av-content-small alpha units'><div class='post-entry post-entry-type-page post-entry-6778'><div class='entry-content-wrapper clearfix'>\n\n<style type=\"text\/css\" data-created_by=\"avia_inline_auto\" id=\"style-css-av-kgt6zehk-70-c2a3333e623f68538641a8f362909ea6\">\n#top .avia-gallery.av-kgt6zehk-70-c2a3333e623f68538641a8f362909ea6 .avia-gallery-thumb a{\nwidth:100%;\n}\n<\/style>\n<div  class='avia-gallery av-kgt6zehk-70-c2a3333e623f68538641a8f362909ea6 avia_animate_when_visible  avia-builder-el-85  avia-builder-el-no-sibling  animations_off avia-gallery-13'  itemprop=\"image\" itemscope=\"itemscope\" itemtype=\"https:\/\/schema.org\/ImageObject\" ><meta itemprop=\"contentURL\" content=\"https:\/\/www.tuicamper.com\/magazin\/mit-dem-camper-in-den-nordosten-europas\/\"><div class='avia-gallery-thumb'><a href=\"https:\/\/www.tuicamper.com\/wp-docker\/wp-content\/uploads\/2020\/11\/unbenannt-01446-1030x687.jpg\" data-srcset=\"https:\/\/www.tuicamper.com\/wp-docker\/wp-content\/uploads\/2020\/11\/unbenannt-01446-1030x687.jpg 1030w, https:\/\/www.tuicamper.com\/wp-docker\/wp-content\/uploads\/2020\/11\/unbenannt-01446-300x200.jpg 300w, https:\/\/www.tuicamper.com\/wp-docker\/wp-content\/uploads\/2020\/11\/unbenannt-01446-768x512.jpg 768w, https:\/\/www.tuicamper.com\/wp-docker\/wp-content\/uploads\/2020\/11\/unbenannt-01446-705x470.jpg 705w, https:\/\/www.tuicamper.com\/wp-docker\/wp-content\/uploads\/2020\/11\/unbenannt-01446.jpg 1440w\" data-sizes=\"(max-width: 1030px) 100vw, 1030px\" data-rel='gallery-13' data-prev-img='https:\/\/www.tuicamper.com\/wp-docker\/wp-content\/uploads\/2020\/11\/unbenannt-01446-495x400.jpg' class='first_thumb lightbox ' data-onclick='1' title='Kirche in K\u00f6kar'  itemprop=\"thumbnailUrl\"  ><img decoding=\"async\" fetchpriority=\"high\" class=\"wp-image-6911 avia-img-lazy-loading-not-6911\"   src=\"https:\/\/www.tuicamper.com\/wp-docker\/wp-content\/uploads\/2020\/11\/unbenannt-01446-710x375.jpg\" width=\"710\" height=\"375\"  title='Kirche in K\u00f6kar' alt='Kirche in K\u00f6kar' \/><div class='big-prev-fake'><img decoding=\"async\" loading=\"lazy\" class=\"wp-image-6911 avia-img-lazy-loading-6911\"  width=\"495\" height=\"400\" src=\"https:\/\/www.tuicamper.com\/wp-docker\/wp-content\/uploads\/2020\/11\/unbenannt-01446-495x400.jpg\" title='Kirche in K\u00f6kar' alt='Kirche in K\u00f6kar' srcset=\"https:\/\/www.tuicamper.com\/wp-docker\/wp-content\/uploads\/2020\/11\/unbenannt-01446-495x400.jpg 495w, https:\/\/www.tuicamper.com\/wp-docker\/wp-content\/uploads\/2020\/11\/unbenannt-01446-845x684.jpg 845w\" sizes=\"auto, (max-width: 495px) 100vw, 495px\" \/><\/div><\/a><\/div><\/div>\n\n<\/div><\/div><\/div><!-- close content main div --><\/div><\/div><div id='av_section_34'  class='avia-section av-jt5vrdgv-66-4b6a1216fd9a0dc20aea27c4ab2e3ded main_color avia-section-default avia-no-border-styling  avia-builder-el-86  el_after_av_section  el_before_av_section  reduced-content avia-bg-style-scroll container_wrap sidebar_right'  ><div class='container av-section-cont-open' ><div class='template-page content  av-content-small alpha units'><div class='post-entry post-entry-type-page post-entry-6778'><div class='entry-content-wrapper clearfix'>\n\n<style type=\"text\/css\" data-created_by=\"avia_inline_auto\" id=\"style-css-av-1g5aou-68-2d4382af7c64f6d1d980174908709a1b\">\n.flex_column.av-1g5aou-68-2d4382af7c64f6d1d980174908709a1b{\nborder-radius:0px 0px 0px 0px;\npadding:0px 0px 0px 0px;\n}\n<\/style>\n<div  class='flex_column av-1g5aou-68-2d4382af7c64f6d1d980174908709a1b av_one_full  avia-builder-el-87  avia-builder-el-no-sibling  first flex_column_div av-zero-column-padding  '     ><section  class='av_textblock_section av-jt5tjyk0-67-dd7324aec062e4691680eb91c9e3d8e0 '   itemscope=\"itemscope\" itemtype=\"https:\/\/schema.org\/BlogPosting\" itemprop=\"blogPost\" ><div class='avia_textblock'  itemprop=\"text\" ><p>Das Geb\u00e4ude ist von einem stimmungsvollen Friedhof mit alten Eisenkreuzen umgeben und besitzt einen freistehenden Glockenturm, der fr\u00fcher als Leuchtfeuer diente. Unweit der Kirche sollte man sich die \u00dcberreste des ehemaligen Kellers einer Franziskanerklosters anschauen, dessen M\u00f6nche bis zur Reformation hier lebten. Karlby, die einzige Ortschaft auf K\u00f6kar, besticht mit einem sehenswerten Jachthafen; ein beliebter Treffpunkt f\u00fcr Tourensegler aus Schweden und Finnland.\u00a0 Hier ist im Sommer dank Restaurant, Lounge und Hotel immer was los \u2013 im Gegensatz zum weitgehend einsamen Rest dieses wundersch\u00f6nen Flecken Erde. Versuchen Sie im Caf\u00e9 Sk\u00e4rg\u00e5rdsbr\u00f6d gleich neben dem Hotel Brudhall das s\u00fc\u00dflich \u00e5landische Schwarzbrot, das in Kombination mit salziger Butter und ger\u00e4uchertem Lachs am allerbesten schmeckt. Prima \u00fcbernachten k\u00f6nnen Sie hier: <a href=\"https:\/\/www.sandvik.ax\/\" target=\"_blank\" rel=\"noopener\">http:\/\/www.sandvik.ax\/<\/a><\/p>\n<\/div><\/section><\/div><\/div><\/div><\/div><!-- close content main div --><\/div><\/div><div id='av_section_35'  class='avia-section av-jt5vrdgv-64-2e633d84834ed0f11e7acefb865be357 main_color avia-section-default avia-no-border-styling  avia-builder-el-89  el_after_av_section  el_before_av_section  reduced-content avia-bg-style-scroll container_wrap sidebar_right'  ><div class='container av-section-cont-open' ><div class='template-page content  av-content-small alpha units'><div class='post-entry post-entry-type-page post-entry-6778'><div class='entry-content-wrapper clearfix'>\n\n<style type=\"text\/css\" data-created_by=\"avia_inline_auto\" id=\"style-css-av-kgt6zehk-65-47570fb2b9d6f8ec1df9d94e37c8742d\">\n#top .avia-gallery.av-kgt6zehk-65-47570fb2b9d6f8ec1df9d94e37c8742d .avia-gallery-thumb a{\nwidth:100%;\n}\n<\/style>\n<div  class='avia-gallery av-kgt6zehk-65-47570fb2b9d6f8ec1df9d94e37c8742d avia_animate_when_visible  avia-builder-el-90  avia-builder-el-no-sibling  animations_off avia-gallery-14'  itemprop=\"image\" itemscope=\"itemscope\" itemtype=\"https:\/\/schema.org\/ImageObject\" ><meta itemprop=\"contentURL\" content=\"https:\/\/www.tuicamper.com\/magazin\/mit-dem-camper-in-den-nordosten-europas\/\"><div class='avia-gallery-thumb'><a href=\"https:\/\/www.tuicamper.com\/wp-docker\/wp-content\/uploads\/2020\/11\/unbenannt-01440-1030x687.jpg\" data-srcset=\"https:\/\/www.tuicamper.com\/wp-docker\/wp-content\/uploads\/2020\/11\/unbenannt-01440-1030x687.jpg 1030w, https:\/\/www.tuicamper.com\/wp-docker\/wp-content\/uploads\/2020\/11\/unbenannt-01440-300x200.jpg 300w, https:\/\/www.tuicamper.com\/wp-docker\/wp-content\/uploads\/2020\/11\/unbenannt-01440-768x512.jpg 768w, https:\/\/www.tuicamper.com\/wp-docker\/wp-content\/uploads\/2020\/11\/unbenannt-01440-705x470.jpg 705w, https:\/\/www.tuicamper.com\/wp-docker\/wp-content\/uploads\/2020\/11\/unbenannt-01440.jpg 1440w\" data-sizes=\"(max-width: 1030px) 100vw, 1030px\" data-rel='gallery-14' data-prev-img='https:\/\/www.tuicamper.com\/wp-docker\/wp-content\/uploads\/2020\/11\/unbenannt-01440-495x400.jpg' class='first_thumb lightbox ' data-onclick='1' title='Idyllischer Hafen'  itemprop=\"thumbnailUrl\"  ><img decoding=\"async\" fetchpriority=\"high\" class=\"wp-image-6912 avia-img-lazy-loading-not-6912\"   src=\"https:\/\/www.tuicamper.com\/wp-docker\/wp-content\/uploads\/2020\/11\/unbenannt-01440-710x375.jpg\" width=\"710\" height=\"375\"  title='Idyllischer Hafen' alt='Idyllischer Hafen' \/><div class='big-prev-fake'><img decoding=\"async\" loading=\"lazy\" class=\"wp-image-6912 avia-img-lazy-loading-6912\"  width=\"495\" height=\"400\" src=\"https:\/\/www.tuicamper.com\/wp-docker\/wp-content\/uploads\/2020\/11\/unbenannt-01440-495x400.jpg\" title='Idyllischer Hafen' alt='Idyllischer Hafen' srcset=\"https:\/\/www.tuicamper.com\/wp-docker\/wp-content\/uploads\/2020\/11\/unbenannt-01440-495x400.jpg 495w, https:\/\/www.tuicamper.com\/wp-docker\/wp-content\/uploads\/2020\/11\/unbenannt-01440-845x684.jpg 845w\" sizes=\"auto, (max-width: 495px) 100vw, 495px\" \/><\/div><\/a><\/div><\/div>\n<\/p>\n<\/div><\/div><\/div><!-- close content main div --><\/div><\/div><div id='av_section_36'  class='avia-section av-jt5vrdgv-61-7e63d8da9d00d9cdd4798310889525d8 main_color avia-section-default avia-no-border-styling  avia-builder-el-91  el_after_av_section  el_before_av_section  reduced-content avia-bg-style-scroll container_wrap sidebar_right'  ><div class='container av-section-cont-open' ><div class='template-page content  av-content-small alpha units'><div class='post-entry post-entry-type-page post-entry-6778'><div class='entry-content-wrapper clearfix'>\n\n<style type=\"text\/css\" data-created_by=\"avia_inline_auto\" id=\"style-css-av-1g5aou-63-6ffd79ab79f63bd23032d2f1f38a05a3\">\n.flex_column.av-1g5aou-63-6ffd79ab79f63bd23032d2f1f38a05a3{\nborder-radius:0px 0px 0px 0px;\npadding:0px 0px 0px 0px;\n}\n<\/style>\n<div  class='flex_column av-1g5aou-63-6ffd79ab79f63bd23032d2f1f38a05a3 av_one_full  avia-builder-el-92  avia-builder-el-no-sibling  first flex_column_div av-zero-column-padding  '     ><section  class='av_textblock_section av-jt5tjyk0-62-ef143528dfdb6027709196bc763daaf7 '   itemscope=\"itemscope\" itemtype=\"https:\/\/schema.org\/BlogPosting\" itemprop=\"blogPost\" ><div class='avia_textblock'  itemprop=\"text\" ><p>Auf dem Weg nach Mariehamn passiert man Sottunga &#8211; mit gerade mal 100 Einwohnern gilt sie als die kleinste Gemeinde \u00c5lands. Auch die Nachbarsinsel F\u00f6gl\u00f6 eignet sich bestens f\u00fcr einen Tagesausflug oder als Zwischenstopp in den Sch\u00e4ren und besticht durch das idyllische \u00d6rtchen Degerby mit farbigen Holzh\u00e4uschen. W\u00e4hlt man die n\u00f6rdliche Route kommt man an Br\u00e4nd\u00f6 nicht vorbei, ein wahres Paradies f\u00fcr Angler. Die Stra\u00dfenf\u00fchrung selbst muss man erlebt haben \u2013 der Weg windet sich malerisch \u00fcber Br\u00fccken und Inselchen, vorbei an Geh\u00f6ften und einsamen Str\u00e4nden. Diese Route ist \u00fcbrigens identisch mit dem historischen Postweg, der zur Zeit der Schwedenherrschaft eingerichtet wurde.<\/p>\n<p>Zum sogenannten Pflichtprogramm eines Besuchs \u00c5lands geh\u00f6rt auch der Halt in der \u00abHauptstadt\u00bb. Mit gut 11\u2019500 Einwohnern ist Mariehamn eine \u00fcbersichtliche Kleinstadt mit netten, kleinen L\u00e4den. Im Seeviertel am Osthafen, das mit seinen Bootswerkst\u00e4tten und Handwerkern eines der sch\u00f6nsten Fotomotive der Hauptstadt bildet, werden immer noch nach alter Tradition Boote gefertigt.<\/p>\n<\/div><\/section><\/div>\n\n<\/div><\/div><\/div><!-- close content main div --><\/div><\/div><div id='av_section_37'  class='avia-section av-jt5vrdgv-59-955f5a365bcfe554e097b3c0566046df main_color avia-section-default avia-no-border-styling  avia-builder-el-94  el_after_av_section  el_before_av_section  reduced-content avia-bg-style-scroll container_wrap sidebar_right'  ><div class='container av-section-cont-open' ><div class='template-page content  av-content-small alpha units'><div class='post-entry post-entry-type-page post-entry-6778'><div class='entry-content-wrapper clearfix'>\n\n<style type=\"text\/css\" data-created_by=\"avia_inline_auto\" id=\"style-css-av-kgt6zehk-60-b3c0863316611260290fb24da09fb3ed\">\n#top .avia-gallery.av-kgt6zehk-60-b3c0863316611260290fb24da09fb3ed .avia-gallery-thumb a{\nwidth:100%;\n}\n<\/style>\n<div  class='avia-gallery av-kgt6zehk-60-b3c0863316611260290fb24da09fb3ed avia_animate_when_visible  avia-builder-el-95  avia-builder-el-no-sibling  animations_off avia-gallery-15'  itemprop=\"image\" itemscope=\"itemscope\" itemtype=\"https:\/\/schema.org\/ImageObject\" ><meta itemprop=\"contentURL\" content=\"https:\/\/www.tuicamper.com\/magazin\/mit-dem-camper-in-den-nordosten-europas\/\"><div class='avia-gallery-thumb'><a href=\"https:\/\/www.tuicamper.com\/wp-docker\/wp-content\/uploads\/2020\/11\/unbenannt-01486-1030x686.jpg\" data-srcset=\"https:\/\/www.tuicamper.com\/wp-docker\/wp-content\/uploads\/2020\/11\/unbenannt-01486-1030x686.jpg 1030w, https:\/\/www.tuicamper.com\/wp-docker\/wp-content\/uploads\/2020\/11\/unbenannt-01486-300x200.jpg 300w, https:\/\/www.tuicamper.com\/wp-docker\/wp-content\/uploads\/2020\/11\/unbenannt-01486-768x511.jpg 768w, https:\/\/www.tuicamper.com\/wp-docker\/wp-content\/uploads\/2020\/11\/unbenannt-01486-705x470.jpg 705w, https:\/\/www.tuicamper.com\/wp-docker\/wp-content\/uploads\/2020\/11\/unbenannt-01486.jpg 1440w\" data-sizes=\"(max-width: 1030px) 100vw, 1030px\" data-rel='gallery-15' data-prev-img='https:\/\/www.tuicamper.com\/wp-docker\/wp-content\/uploads\/2020\/11\/unbenannt-01486-495x400.jpg' class='first_thumb lightbox ' data-onclick='1' title='Seeviertel am Osthafen von Mariehamn'  itemprop=\"thumbnailUrl\"  ><img decoding=\"async\" fetchpriority=\"high\" class=\"wp-image-6913 avia-img-lazy-loading-not-6913\"   src=\"https:\/\/www.tuicamper.com\/wp-docker\/wp-content\/uploads\/2020\/11\/unbenannt-01486-710x375.jpg\" width=\"710\" height=\"375\"  title='Seeviertel am Osthafen von Mariehamn' alt='Seeviertel am Osthafen von Mariehamn' \/><div class='big-prev-fake'><img decoding=\"async\" loading=\"lazy\" class=\"wp-image-6913 avia-img-lazy-loading-6913\"  width=\"495\" height=\"400\" src=\"https:\/\/www.tuicamper.com\/wp-docker\/wp-content\/uploads\/2020\/11\/unbenannt-01486-495x400.jpg\" title='Seeviertel am Osthafen von Mariehamn' alt='Seeviertel am Osthafen von Mariehamn' srcset=\"https:\/\/www.tuicamper.com\/wp-docker\/wp-content\/uploads\/2020\/11\/unbenannt-01486-495x400.jpg 495w, https:\/\/www.tuicamper.com\/wp-docker\/wp-content\/uploads\/2020\/11\/unbenannt-01486-845x684.jpg 845w\" sizes=\"auto, (max-width: 495px) 100vw, 495px\" \/><\/div><\/a><\/div><\/div>\n\n<\/div><\/div><\/div><!-- close content main div --><\/div><\/div><div id='av_section_38'  class='avia-section av-jt5vrdgv-56-5f4c08e8e03d934b8308925ba1eb8b21 main_color avia-section-default avia-no-border-styling  avia-builder-el-96  el_after_av_section  el_before_av_section  reduced-content avia-bg-style-scroll container_wrap sidebar_right'  ><div class='container av-section-cont-open' ><div class='template-page content  av-content-small alpha units'><div class='post-entry post-entry-type-page post-entry-6778'><div class='entry-content-wrapper clearfix'>\n\n<style type=\"text\/css\" data-created_by=\"avia_inline_auto\" id=\"style-css-av-1g5aou-58-a5f6d523c3fce07b8b007018cba43281\">\n.flex_column.av-1g5aou-58-a5f6d523c3fce07b8b007018cba43281{\nborder-radius:0px 0px 0px 0px;\npadding:0px 0px 0px 0px;\n}\n<\/style>\n<div  class='flex_column av-1g5aou-58-a5f6d523c3fce07b8b007018cba43281 av_one_full  avia-builder-el-97  avia-builder-el-no-sibling  first flex_column_div av-zero-column-padding  '     ><section  class='av_textblock_section av-jt5tjyk0-57-7707ce21e3bc77666c57fb6a428ecea4 '   itemscope=\"itemscope\" itemtype=\"https:\/\/schema.org\/BlogPosting\" itemprop=\"blogPost\" ><div class='avia_textblock'  itemprop=\"text\" ><p>Alle, die ein Mitbringsel f\u00fcr zu Hause suchen, sollten einen Blick in den tollen Souvenirshop voller Handwerksprodukte in der Hafenanlage werfen. Wer etwas mehr Zeit mitbringt, sollte es nicht vers\u00e4umen, dem Schifffahrtsmuseum einen Besuch abzustatten, wo auch das Museumschiff Pommern liegt \u2013 ein Viermastsegler, der 1903 in Glasgow vom Stapel lief und bis heute der einzige Viermaster weltweit ist, der in seinem urspr\u00fcnglichen Zustand erhalten blieb.<\/p>\n<\/div><\/section><\/div>\n\n<\/div><\/div><\/div><!-- close content main div --><\/div><\/div><div id='av_section_39'  class='avia-section av-jt5vrdgv-54-be39f0c7f32b880a98dc931039669d10 main_color avia-section-default avia-no-border-styling  avia-builder-el-99  el_after_av_section  el_before_av_section  reduced-content avia-bg-style-scroll container_wrap sidebar_right'  ><div class='container av-section-cont-open' ><div class='template-page content  av-content-small alpha units'><div class='post-entry post-entry-type-page post-entry-6778'><div class='entry-content-wrapper clearfix'>\n\n<style type=\"text\/css\" data-created_by=\"avia_inline_auto\" id=\"style-css-av-kgt6zehk-55-19586eb2111448fa6facf54aba26abd0\">\n#top .avia-gallery.av-kgt6zehk-55-19586eb2111448fa6facf54aba26abd0 .avia-gallery-thumb a{\nwidth:100%;\n}\n<\/style>\n<div  class='avia-gallery av-kgt6zehk-55-19586eb2111448fa6facf54aba26abd0 avia_animate_when_visible  avia-builder-el-100  avia-builder-el-no-sibling  animations_off avia-gallery-16'  itemprop=\"image\" itemscope=\"itemscope\" itemtype=\"https:\/\/schema.org\/ImageObject\" ><meta itemprop=\"contentURL\" content=\"https:\/\/www.tuicamper.com\/magazin\/mit-dem-camper-in-den-nordosten-europas\/\"><div class='avia-gallery-thumb'><a href=\"https:\/\/www.tuicamper.com\/wp-docker\/wp-content\/uploads\/2020\/11\/unbenannt-01494-1030x687.jpg\" data-srcset=\"https:\/\/www.tuicamper.com\/wp-docker\/wp-content\/uploads\/2020\/11\/unbenannt-01494-1030x687.jpg 1030w, https:\/\/www.tuicamper.com\/wp-docker\/wp-content\/uploads\/2020\/11\/unbenannt-01494-300x200.jpg 300w, https:\/\/www.tuicamper.com\/wp-docker\/wp-content\/uploads\/2020\/11\/unbenannt-01494-768x512.jpg 768w, https:\/\/www.tuicamper.com\/wp-docker\/wp-content\/uploads\/2020\/11\/unbenannt-01494-705x470.jpg 705w, https:\/\/www.tuicamper.com\/wp-docker\/wp-content\/uploads\/2020\/11\/unbenannt-01494.jpg 1440w\" data-sizes=\"(max-width: 1030px) 100vw, 1030px\" data-rel='gallery-16' data-prev-img='https:\/\/www.tuicamper.com\/wp-docker\/wp-content\/uploads\/2020\/11\/unbenannt-01494-495x400.jpg' class='first_thumb lightbox ' data-onclick='1' title='Museumschiff Pommern'  itemprop=\"thumbnailUrl\"  ><img decoding=\"async\" fetchpriority=\"high\" class=\"wp-image-6914 avia-img-lazy-loading-not-6914\"   src=\"https:\/\/www.tuicamper.com\/wp-docker\/wp-content\/uploads\/2020\/11\/unbenannt-01494-710x375.jpg\" width=\"710\" height=\"375\"  title='Museumschiff Pommern' alt='Museumschiff Pommern' \/><div class='big-prev-fake'><img decoding=\"async\" loading=\"lazy\" class=\"wp-image-6914 avia-img-lazy-loading-6914\"  width=\"495\" height=\"400\" src=\"https:\/\/www.tuicamper.com\/wp-docker\/wp-content\/uploads\/2020\/11\/unbenannt-01494-495x400.jpg\" title='Museumschiff Pommern' alt='Museumschiff Pommern' srcset=\"https:\/\/www.tuicamper.com\/wp-docker\/wp-content\/uploads\/2020\/11\/unbenannt-01494-495x400.jpg 495w, https:\/\/www.tuicamper.com\/wp-docker\/wp-content\/uploads\/2020\/11\/unbenannt-01494-845x684.jpg 845w\" sizes=\"auto, (max-width: 495px) 100vw, 495px\" \/><\/div><\/a><\/div><\/div>\n\n<\/div><\/div><\/div><!-- close content main div --><\/div><\/div><div id='av_section_40'  class='avia-section av-jt5vrdgv-51-523c6bc24afbde247bce19a52b7205d1 main_color avia-section-default avia-no-border-styling  avia-builder-el-101  el_after_av_section  el_before_av_section  reduced-content avia-bg-style-scroll container_wrap sidebar_right'  ><div class='container av-section-cont-open' ><div class='template-page content  av-content-small alpha units'><div class='post-entry post-entry-type-page post-entry-6778'><div class='entry-content-wrapper clearfix'>\n\n<style type=\"text\/css\" data-created_by=\"avia_inline_auto\" id=\"style-css-av-1g5aou-53-6a990d38128703d789bc22709c638afd\">\n.flex_column.av-1g5aou-53-6a990d38128703d789bc22709c638afd{\nborder-radius:0px 0px 0px 0px;\npadding:0px 0px 0px 0px;\n}\n<\/style>\n<div  class='flex_column av-1g5aou-53-6a990d38128703d789bc22709c638afd av_one_full  avia-builder-el-102  avia-builder-el-no-sibling  first flex_column_div av-zero-column-padding  '     ><section  class='av_textblock_section av-jt5tjyk0-52-598544c15c64ab74d579633967547e25 '   itemscope=\"itemscope\" itemtype=\"https:\/\/schema.org\/BlogPosting\" itemprop=\"blogPost\" ><div class='avia_textblock'  itemprop=\"text\" ><p>Der interaktiv gestaltete Museumsrundgang informiert auf unterhaltende Art und Weise \u00fcber die Bedeutung der Schifffahrt f\u00fcr die \u00c5land-Inseln. Im gr\u00f6\u00dferen Umkreis des Hauptorts lohnen sich weitere Abstecher: die sehenswerten Bauten wie das mittelalterliche Schloss Kastelholm und das danebenliegende Freilandmuseum mit historischen Inselgeb\u00e4uden, die ehemalige russische Festung Bomarsund oder aber auch die Bierbrauerei Stallhagen.<\/p>\n<\/div><\/section><\/div>\n\n<\/div><\/div><\/div><!-- close content main div --><\/div><\/div><div id='av_section_41'  class='avia-section av-jt5vrdgv-49-e108674f1a492ba049f6566d131155dd main_color avia-section-default avia-no-border-styling  avia-builder-el-104  el_after_av_section  el_before_av_section  reduced-content avia-bg-style-scroll container_wrap sidebar_right'  ><div class='container av-section-cont-open' ><div class='template-page content  av-content-small alpha units'><div class='post-entry post-entry-type-page post-entry-6778'><div class='entry-content-wrapper clearfix'>\n\n<style type=\"text\/css\" data-created_by=\"avia_inline_auto\" id=\"style-css-av-kgt6zehk-50-825888bcd2c7952e202b03489035967a\">\n#top .avia-gallery.av-kgt6zehk-50-825888bcd2c7952e202b03489035967a .avia-gallery-thumb a{\nwidth:100%;\n}\n<\/style>\n<div  class='avia-gallery av-kgt6zehk-50-825888bcd2c7952e202b03489035967a avia_animate_when_visible  avia-builder-el-105  avia-builder-el-no-sibling  animations_off avia-gallery-17'  itemprop=\"image\" itemscope=\"itemscope\" itemtype=\"https:\/\/schema.org\/ImageObject\" ><meta itemprop=\"contentURL\" content=\"https:\/\/www.tuicamper.com\/magazin\/mit-dem-camper-in-den-nordosten-europas\/\"><div class='avia-gallery-thumb'><a href=\"https:\/\/www.tuicamper.com\/wp-docker\/wp-content\/uploads\/2020\/11\/unbenannt-01499-1030x687.jpg\" data-srcset=\"https:\/\/www.tuicamper.com\/wp-docker\/wp-content\/uploads\/2020\/11\/unbenannt-01499-1030x687.jpg 1030w, https:\/\/www.tuicamper.com\/wp-docker\/wp-content\/uploads\/2020\/11\/unbenannt-01499-300x200.jpg 300w, https:\/\/www.tuicamper.com\/wp-docker\/wp-content\/uploads\/2020\/11\/unbenannt-01499-768x512.jpg 768w, https:\/\/www.tuicamper.com\/wp-docker\/wp-content\/uploads\/2020\/11\/unbenannt-01499-705x470.jpg 705w, https:\/\/www.tuicamper.com\/wp-docker\/wp-content\/uploads\/2020\/11\/unbenannt-01499.jpg 1440w\" data-sizes=\"(max-width: 1030px) 100vw, 1030px\" data-rel='gallery-17' data-prev-img='https:\/\/www.tuicamper.com\/wp-docker\/wp-content\/uploads\/2020\/11\/unbenannt-01499-495x400.jpg' class='first_thumb lightbox ' data-onclick='1' title='Mittelalterliches Schloss Kastelholm'  itemprop=\"thumbnailUrl\"  ><img decoding=\"async\" fetchpriority=\"high\" class=\"wp-image-6915 avia-img-lazy-loading-not-6915\"   src=\"https:\/\/www.tuicamper.com\/wp-docker\/wp-content\/uploads\/2020\/11\/unbenannt-01499-710x375.jpg\" width=\"710\" height=\"375\"  title='Mittelalterliches Schloss Kastelholm' alt='Mittelalterliches Schloss Kastelholm' \/><div class='big-prev-fake'><img decoding=\"async\" loading=\"lazy\" class=\"wp-image-6915 avia-img-lazy-loading-6915\"  width=\"495\" height=\"400\" src=\"https:\/\/www.tuicamper.com\/wp-docker\/wp-content\/uploads\/2020\/11\/unbenannt-01499-495x400.jpg\" title='Mittelalterliches Schloss Kastelholm' alt='Mittelalterliches Schloss Kastelholm' srcset=\"https:\/\/www.tuicamper.com\/wp-docker\/wp-content\/uploads\/2020\/11\/unbenannt-01499-495x400.jpg 495w, https:\/\/www.tuicamper.com\/wp-docker\/wp-content\/uploads\/2020\/11\/unbenannt-01499-845x684.jpg 845w\" sizes=\"auto, (max-width: 495px) 100vw, 495px\" \/><\/div><\/a><\/div><\/div>\n\n<\/div><\/div><\/div><!-- close content main div --><\/div><\/div><div id='av_section_42'  class='avia-section av-jt5vrdgv-46-3d0b24848ba8dd84bdca449bfe598f2a main_color avia-section-default avia-no-border-styling  avia-builder-el-106  el_after_av_section  el_before_av_section  reduced-content avia-bg-style-scroll container_wrap sidebar_right'  ><div class='container av-section-cont-open' ><div class='template-page content  av-content-small alpha units'><div class='post-entry post-entry-type-page post-entry-6778'><div class='entry-content-wrapper clearfix'>\n\n<style type=\"text\/css\" data-created_by=\"avia_inline_auto\" id=\"style-css-av-1g5aou-48-ffad460299e75030bc3eb1548a5394f8\">\n.flex_column.av-1g5aou-48-ffad460299e75030bc3eb1548a5394f8{\nborder-radius:0px 0px 0px 0px;\npadding:0px 0px 0px 0px;\n}\n<\/style>\n<div  class='flex_column av-1g5aou-48-ffad460299e75030bc3eb1548a5394f8 av_one_full  avia-builder-el-107  avia-builder-el-no-sibling  first flex_column_div av-zero-column-padding  '     ><section  class='av_textblock_section av-jt5tjyk0-47-cdb6c43b73c5cd2d66af74f75a9f888a '   itemscope=\"itemscope\" itemtype=\"https:\/\/schema.org\/BlogPosting\" itemprop=\"blogPost\" ><div class='avia_textblock'  itemprop=\"text\" ><h2><strong>Via Karelia \u2013 entlang der finnisch-russischen Grenze<\/strong><\/h2>\n<p>Nach dem ausgedehnten Inselh\u00fcpfen wollten wir unbedingt noch den Osten Finnlands kennenlernen und die damit verbundene Handelsstrasse Via Karelia, auf der vor zig Jahren die karelischen Kaufleute nach Norden reisten. Heute l\u00e4dt die ostfinnische Urlaubsroute, \u00fcbrigens die \u00e4lteste Finnlands, ein, um die karelische Kultur und reiche Natur zu entdecken.<\/p>\n<p>So fuhren wir &#8211; nach einer Nacht unmittelbar am Strand von Rauma und der Besichtigung des gleichnamigen St\u00e4dtchens &#8211; in zwei Tagen knapp 1000km \u00fcber Rovaniemi nach Salla unweit der finnisch-russischen Grenze. Nat\u00fcrlich durfte auch der obligate Besuch beim Weihnachtsmann nicht fehlen. Unweit des Ortes <a href=\"https:\/\/www.tuicamper.com\/reiseziele\/europa\/finnland\/rovaniemi\/\">Rovaniemi<\/a> campt man \u00fcbrigens sch\u00f6n am Fluss bei <a href=\"https:\/\/saarituvat.fi\/index.html\" target=\"_blank\" rel=\"noopener\">https:\/\/saarituvat.fi\/index.html<\/a><\/p>\n<p>In Salla, dem Ausgangspunkt der Via Karelia und dem nord\u00f6stlichsten Punkt unserer Reise, lohnt es sich den noch wenig bekannten Rentierpark zu besuchen. Auf einem sch\u00f6n angelegten Rundwanderweg geht\u2019s in gut zwei Stunden \u00fcber Stock und Stein, \u00fcber Bohlenwege durch Sumpfgebiet, vorbei an einem See zu den Rentieren, die sich hier \u00abfrei\u00bb bewegen und sogar streicheln lassen. Wenn da nur nicht die l\u00e4stigen M\u00fccken w\u00e4ren&#8230;<\/p>\n<\/div><\/section><\/div>\n\n<\/div><\/div><\/div><!-- close content main div --><\/div><\/div><div id='av_section_43'  class='avia-section av-jt5vrdgv-44-6813085b3b2d1d7867ed07a27e04e53a main_color avia-section-default avia-no-border-styling  avia-builder-el-109  el_after_av_section  el_before_av_section  reduced-content avia-bg-style-scroll container_wrap sidebar_right'  ><div class='container av-section-cont-open' ><div class='template-page content  av-content-small alpha units'><div class='post-entry post-entry-type-page post-entry-6778'><div class='entry-content-wrapper clearfix'>\n\n<style type=\"text\/css\" data-created_by=\"avia_inline_auto\" id=\"style-css-av-kgt6zehk-45-a4b9bbf8819d59aa32f52ee6e5fe5dbc\">\n#top .avia-gallery.av-kgt6zehk-45-a4b9bbf8819d59aa32f52ee6e5fe5dbc .avia-gallery-thumb a{\nwidth:50%;\n}\n<\/style>\n<div  class='avia-gallery av-kgt6zehk-45-a4b9bbf8819d59aa32f52ee6e5fe5dbc avia_animate_when_visible  avia-builder-el-110  avia-builder-el-no-sibling  animations_off avia-gallery-18'  itemprop=\"image\" itemscope=\"itemscope\" itemtype=\"https:\/\/schema.org\/ImageObject\" ><meta itemprop=\"contentURL\" content=\"https:\/\/www.tuicamper.com\/magazin\/mit-dem-camper-in-den-nordosten-europas\/\"><div class='avia-gallery-thumb'><a href=\"https:\/\/www.tuicamper.com\/wp-docker\/wp-content\/uploads\/2020\/11\/unbenannt-01644-1030x687.jpg\" data-srcset=\"https:\/\/www.tuicamper.com\/wp-docker\/wp-content\/uploads\/2020\/11\/unbenannt-01644-1030x687.jpg 1030w, https:\/\/www.tuicamper.com\/wp-docker\/wp-content\/uploads\/2020\/11\/unbenannt-01644-300x200.jpg 300w, https:\/\/www.tuicamper.com\/wp-docker\/wp-content\/uploads\/2020\/11\/unbenannt-01644-768x512.jpg 768w, https:\/\/www.tuicamper.com\/wp-docker\/wp-content\/uploads\/2020\/11\/unbenannt-01644-705x470.jpg 705w, https:\/\/www.tuicamper.com\/wp-docker\/wp-content\/uploads\/2020\/11\/unbenannt-01644.jpg 1440w\" data-sizes=\"(max-width: 1030px) 100vw, 1030px\" data-rel='gallery-18' data-prev-img='https:\/\/www.tuicamper.com\/wp-docker\/wp-content\/uploads\/2020\/11\/unbenannt-01644-495x400.jpg' class='first_thumb lightbox ' data-onclick='1' title='Im Rentierpark'  itemprop=\"thumbnailUrl\"  ><img decoding=\"async\" fetchpriority=\"high\" class=\"wp-image-6918 avia-img-lazy-loading-not-6918\"   src=\"https:\/\/www.tuicamper.com\/wp-docker\/wp-content\/uploads\/2020\/11\/unbenannt-01644-1030x687.jpg\" width=\"1030\" height=\"687\"  title='Im Rentierpark' alt='Im Rentierpark' srcset=\"https:\/\/www.tuicamper.com\/wp-docker\/wp-content\/uploads\/2020\/11\/unbenannt-01644-1030x687.jpg 1030w, https:\/\/www.tuicamper.com\/wp-docker\/wp-content\/uploads\/2020\/11\/unbenannt-01644-300x200.jpg 300w, https:\/\/www.tuicamper.com\/wp-docker\/wp-content\/uploads\/2020\/11\/unbenannt-01644-768x512.jpg 768w, https:\/\/www.tuicamper.com\/wp-docker\/wp-content\/uploads\/2020\/11\/unbenannt-01644-705x470.jpg 705w, https:\/\/www.tuicamper.com\/wp-docker\/wp-content\/uploads\/2020\/11\/unbenannt-01644.jpg 1440w\" sizes=\"(max-width: 1030px) 100vw, 1030px\" \/><div class='big-prev-fake'><img decoding=\"async\" loading=\"lazy\" class=\"wp-image-6918 avia-img-lazy-loading-6918\"  width=\"495\" height=\"400\" src=\"https:\/\/www.tuicamper.com\/wp-docker\/wp-content\/uploads\/2020\/11\/unbenannt-01644-495x400.jpg\" title='Im Rentierpark' alt='Im Rentierpark' srcset=\"https:\/\/www.tuicamper.com\/wp-docker\/wp-content\/uploads\/2020\/11\/unbenannt-01644-495x400.jpg 495w, https:\/\/www.tuicamper.com\/wp-docker\/wp-content\/uploads\/2020\/11\/unbenannt-01644-845x684.jpg 845w\" sizes=\"auto, (max-width: 495px) 100vw, 495px\" \/><\/div><\/a><a href=\"https:\/\/www.tuicamper.com\/wp-docker\/wp-content\/uploads\/2020\/11\/unbenannt-01649-1030x687.jpg\" data-srcset=\"https:\/\/www.tuicamper.com\/wp-docker\/wp-content\/uploads\/2020\/11\/unbenannt-01649-1030x687.jpg 1030w, https:\/\/www.tuicamper.com\/wp-docker\/wp-content\/uploads\/2020\/11\/unbenannt-01649-300x200.jpg 300w, https:\/\/www.tuicamper.com\/wp-docker\/wp-content\/uploads\/2020\/11\/unbenannt-01649-768x512.jpg 768w, https:\/\/www.tuicamper.com\/wp-docker\/wp-content\/uploads\/2020\/11\/unbenannt-01649-705x470.jpg 705w, https:\/\/www.tuicamper.com\/wp-docker\/wp-content\/uploads\/2020\/11\/unbenannt-01649.jpg 1440w\" data-sizes=\"(max-width: 1030px) 100vw, 1030px\" data-rel='gallery-18' data-prev-img='https:\/\/www.tuicamper.com\/wp-docker\/wp-content\/uploads\/2020\/11\/unbenannt-01649-495x400.jpg' class='lightbox ' data-onclick='2' title='Im Rentierpark'  itemprop=\"thumbnailUrl\"  ><img decoding=\"async\" fetchpriority=\"high\" class=\"wp-image-6917 avia-img-lazy-loading-not-6917\"   src=\"https:\/\/www.tuicamper.com\/wp-docker\/wp-content\/uploads\/2020\/11\/unbenannt-01649-1030x687.jpg\" width=\"1030\" height=\"687\"  title='Im Rentierpark' alt='Im Rentierpark' srcset=\"https:\/\/www.tuicamper.com\/wp-docker\/wp-content\/uploads\/2020\/11\/unbenannt-01649-1030x687.jpg 1030w, https:\/\/www.tuicamper.com\/wp-docker\/wp-content\/uploads\/2020\/11\/unbenannt-01649-300x200.jpg 300w, https:\/\/www.tuicamper.com\/wp-docker\/wp-content\/uploads\/2020\/11\/unbenannt-01649-768x512.jpg 768w, https:\/\/www.tuicamper.com\/wp-docker\/wp-content\/uploads\/2020\/11\/unbenannt-01649-705x470.jpg 705w, https:\/\/www.tuicamper.com\/wp-docker\/wp-content\/uploads\/2020\/11\/unbenannt-01649.jpg 1440w\" sizes=\"(max-width: 1030px) 100vw, 1030px\" \/><div class='big-prev-fake'><img decoding=\"async\" loading=\"lazy\" class=\"wp-image-6917 avia-img-lazy-loading-6917\"  width=\"495\" height=\"400\" src=\"https:\/\/www.tuicamper.com\/wp-docker\/wp-content\/uploads\/2020\/11\/unbenannt-01649-495x400.jpg\" title='Im Rentierpark' alt='Im Rentierpark' srcset=\"https:\/\/www.tuicamper.com\/wp-docker\/wp-content\/uploads\/2020\/11\/unbenannt-01649-495x400.jpg 495w, https:\/\/www.tuicamper.com\/wp-docker\/wp-content\/uploads\/2020\/11\/unbenannt-01649-845x684.jpg 845w\" sizes=\"auto, (max-width: 495px) 100vw, 495px\" \/><\/div><\/a><\/div><\/div>\n\n<\/div><\/div><\/div><!-- close content main div --><\/div><\/div><div id='av_section_44'  class='avia-section av-jt5vrdgv-41-56b65cf59d806897bf963b44f8792ec7 main_color avia-section-default avia-no-border-styling  avia-builder-el-111  el_after_av_section  el_before_av_section  reduced-content avia-bg-style-scroll container_wrap sidebar_right'  ><div class='container av-section-cont-open' ><div class='template-page content  av-content-small alpha units'><div class='post-entry post-entry-type-page post-entry-6778'><div class='entry-content-wrapper clearfix'>\n\n<style type=\"text\/css\" data-created_by=\"avia_inline_auto\" id=\"style-css-av-1g5aou-43-96928980245330724c2fb544f9784de8\">\n.flex_column.av-1g5aou-43-96928980245330724c2fb544f9784de8{\nborder-radius:0px 0px 0px 0px;\npadding:0px 0px 0px 0px;\n}\n<\/style>\n<div  class='flex_column av-1g5aou-43-96928980245330724c2fb544f9784de8 av_one_full  avia-builder-el-112  avia-builder-el-no-sibling  first flex_column_div av-zero-column-padding  '     ><section  class='av_textblock_section av-jt5tjyk0-42-d0f6170a833b47c000826ded28bc2300 '   itemscope=\"itemscope\" itemtype=\"https:\/\/schema.org\/BlogPosting\" itemprop=\"blogPost\" ><div class='avia_textblock'  itemprop=\"text\" ><p>Am folgenden Tag f\u00fchrte uns die Via Karelia in den Oulanka National-Park \u2013 einer der sch\u00f6nsten Aufenthalte unserer Reise, erinnert einen der Park doch an die endlosen W\u00e4lder <a href=\"https:\/\/www.tuicamper.com\/reiseziele\/nordamerika\/kanada\/\">Kanadas<\/a>. Hier l\u00e4sst sich prima wandern. Ob bloss eine Stunde, zwei oder den ganzen Tag \u2013 Sie entscheiden \u00fcber L\u00e4nge und Dauer. Vers\u00e4umen Sie auf jeden Fall nicht, die eindr\u00fccklichen Stromschnellen aufzusuchen, wo sich das Wasser durch eine enge Schlucht zw\u00e4ngt. Ein grossartiges Schauspiel! Auch der Campingplatz direkt im Nationalpark und eine Sauna am Wasser &#8211; die man f\u00fcr sich mieten kann \u2013 l\u00e4dt zu einem mehrt\u00e4gigen Aufenthalt ein.<\/p>\n<p>100 km s\u00fcdlicher lockt der Hossa-Nationalpark mit einem ansprechenden Campingplatz unweit des Besucherzentrums. Ein sch\u00f6ner Rundwanderweg am gr\u00f6ssten Canyon-See Finnlands Julma-\u00d6lkky verl\u00e4uft 3 km oberhalb der Steilw\u00e4nde. Via H\u00e4ngebr\u00fccke l\u00e4sst sich die gegen\u00fcberliegende Canyon-Seite erreichen.<\/p>\n<\/div><\/section><\/div>\n\n<\/div><\/div><\/div><!-- close content main div --><\/div><\/div><div id='av_section_45'  class='avia-section av-jt5vrdgv-39-6d043fa432e62d394165746833abde27 main_color avia-section-default avia-no-border-styling  avia-builder-el-114  el_after_av_section  el_before_av_section  reduced-content avia-bg-style-scroll container_wrap sidebar_right'  ><div class='container av-section-cont-open' ><div class='template-page content  av-content-small alpha units'><div class='post-entry post-entry-type-page post-entry-6778'><div class='entry-content-wrapper clearfix'>\n\n<style type=\"text\/css\" data-created_by=\"avia_inline_auto\" id=\"style-css-av-kgt6zehk-40-43bddb607794abe9f564b114bdd3bb37\">\n#top .avia-gallery.av-kgt6zehk-40-43bddb607794abe9f564b114bdd3bb37 .avia-gallery-thumb a{\nwidth:50%;\n}\n<\/style>\n<div  class='avia-gallery av-kgt6zehk-40-43bddb607794abe9f564b114bdd3bb37 avia_animate_when_visible  avia-builder-el-115  avia-builder-el-no-sibling  animations_off avia-gallery-19'  itemprop=\"image\" itemscope=\"itemscope\" itemtype=\"https:\/\/schema.org\/ImageObject\" ><meta itemprop=\"contentURL\" content=\"https:\/\/www.tuicamper.com\/magazin\/mit-dem-camper-in-den-nordosten-europas\/\"><div class='avia-gallery-thumb'><a href=\"https:\/\/www.tuicamper.com\/wp-docker\/wp-content\/uploads\/2020\/11\/unbenannt-01516-1030x650.jpg\" data-srcset=\"https:\/\/www.tuicamper.com\/wp-docker\/wp-content\/uploads\/2020\/11\/unbenannt-01516-1030x650.jpg 1030w, https:\/\/www.tuicamper.com\/wp-docker\/wp-content\/uploads\/2020\/11\/unbenannt-01516-300x189.jpg 300w, https:\/\/www.tuicamper.com\/wp-docker\/wp-content\/uploads\/2020\/11\/unbenannt-01516-768x485.jpg 768w, https:\/\/www.tuicamper.com\/wp-docker\/wp-content\/uploads\/2020\/11\/unbenannt-01516-705x445.jpg 705w, https:\/\/www.tuicamper.com\/wp-docker\/wp-content\/uploads\/2020\/11\/unbenannt-01516.jpg 1440w\" data-sizes=\"(max-width: 1030px) 100vw, 1030px\" data-rel='gallery-19' data-prev-img='https:\/\/www.tuicamper.com\/wp-docker\/wp-content\/uploads\/2020\/11\/unbenannt-01516-495x400.jpg' class='first_thumb lightbox ' data-onclick='1' title='Sauna am Wasser'  itemprop=\"thumbnailUrl\"  ><img decoding=\"async\" fetchpriority=\"high\" class=\"wp-image-6921 avia-img-lazy-loading-not-6921\"   src=\"https:\/\/www.tuicamper.com\/wp-docker\/wp-content\/uploads\/2020\/11\/unbenannt-01516-1030x650.jpg\" width=\"1030\" height=\"650\"  title='Sauna am Wasser' alt='Sauna am Wasser' srcset=\"https:\/\/www.tuicamper.com\/wp-docker\/wp-content\/uploads\/2020\/11\/unbenannt-01516-1030x650.jpg 1030w, https:\/\/www.tuicamper.com\/wp-docker\/wp-content\/uploads\/2020\/11\/unbenannt-01516-300x189.jpg 300w, https:\/\/www.tuicamper.com\/wp-docker\/wp-content\/uploads\/2020\/11\/unbenannt-01516-768x485.jpg 768w, https:\/\/www.tuicamper.com\/wp-docker\/wp-content\/uploads\/2020\/11\/unbenannt-01516-705x445.jpg 705w, https:\/\/www.tuicamper.com\/wp-docker\/wp-content\/uploads\/2020\/11\/unbenannt-01516.jpg 1440w\" sizes=\"(max-width: 1030px) 100vw, 1030px\" \/><div class='big-prev-fake'><img decoding=\"async\" loading=\"lazy\" class=\"wp-image-6921 avia-img-lazy-loading-6921\"  width=\"495\" height=\"400\" src=\"https:\/\/www.tuicamper.com\/wp-docker\/wp-content\/uploads\/2020\/11\/unbenannt-01516-495x400.jpg\" title='Sauna am Wasser' alt='Sauna am Wasser' srcset=\"https:\/\/www.tuicamper.com\/wp-docker\/wp-content\/uploads\/2020\/11\/unbenannt-01516-495x400.jpg 495w, https:\/\/www.tuicamper.com\/wp-docker\/wp-content\/uploads\/2020\/11\/unbenannt-01516-845x684.jpg 845w\" sizes=\"auto, (max-width: 495px) 100vw, 495px\" \/><\/div><\/a><a href=\"https:\/\/www.tuicamper.com\/wp-docker\/wp-content\/uploads\/2020\/11\/unbenannt-01718-1030x687.jpg\" data-srcset=\"https:\/\/www.tuicamper.com\/wp-docker\/wp-content\/uploads\/2020\/11\/unbenannt-01718-1030x687.jpg 1030w, https:\/\/www.tuicamper.com\/wp-docker\/wp-content\/uploads\/2020\/11\/unbenannt-01718-300x200.jpg 300w, https:\/\/www.tuicamper.com\/wp-docker\/wp-content\/uploads\/2020\/11\/unbenannt-01718-768x512.jpg 768w, https:\/\/www.tuicamper.com\/wp-docker\/wp-content\/uploads\/2020\/11\/unbenannt-01718-705x470.jpg 705w, https:\/\/www.tuicamper.com\/wp-docker\/wp-content\/uploads\/2020\/11\/unbenannt-01718.jpg 1440w\" data-sizes=\"(max-width: 1030px) 100vw, 1030px\" data-rel='gallery-19' data-prev-img='https:\/\/www.tuicamper.com\/wp-docker\/wp-content\/uploads\/2020\/11\/unbenannt-01718-495x400.jpg' class='lightbox ' data-onclick='2' title='Oulanka National-Park'  itemprop=\"thumbnailUrl\"  ><img decoding=\"async\" fetchpriority=\"high\" class=\"wp-image-6922 avia-img-lazy-loading-not-6922\"   src=\"https:\/\/www.tuicamper.com\/wp-docker\/wp-content\/uploads\/2020\/11\/unbenannt-01718-1030x687.jpg\" width=\"1030\" height=\"687\"  title='Oulanka National-Park' alt='Oulanka National-Park' srcset=\"https:\/\/www.tuicamper.com\/wp-docker\/wp-content\/uploads\/2020\/11\/unbenannt-01718-1030x687.jpg 1030w, https:\/\/www.tuicamper.com\/wp-docker\/wp-content\/uploads\/2020\/11\/unbenannt-01718-300x200.jpg 300w, https:\/\/www.tuicamper.com\/wp-docker\/wp-content\/uploads\/2020\/11\/unbenannt-01718-768x512.jpg 768w, https:\/\/www.tuicamper.com\/wp-docker\/wp-content\/uploads\/2020\/11\/unbenannt-01718-705x470.jpg 705w, https:\/\/www.tuicamper.com\/wp-docker\/wp-content\/uploads\/2020\/11\/unbenannt-01718.jpg 1440w\" sizes=\"(max-width: 1030px) 100vw, 1030px\" \/><div class='big-prev-fake'><img decoding=\"async\" loading=\"lazy\" class=\"wp-image-6922 avia-img-lazy-loading-6922\"  width=\"495\" height=\"400\" src=\"https:\/\/www.tuicamper.com\/wp-docker\/wp-content\/uploads\/2020\/11\/unbenannt-01718-495x400.jpg\" title='Oulanka National-Park' alt='Oulanka National-Park' srcset=\"https:\/\/www.tuicamper.com\/wp-docker\/wp-content\/uploads\/2020\/11\/unbenannt-01718-495x400.jpg 495w, https:\/\/www.tuicamper.com\/wp-docker\/wp-content\/uploads\/2020\/11\/unbenannt-01718-845x684.jpg 845w\" sizes=\"auto, (max-width: 495px) 100vw, 495px\" \/><\/div><\/a><a href=\"https:\/\/www.tuicamper.com\/wp-docker\/wp-content\/uploads\/2020\/11\/unbenannt-01787-1030x687.jpg\" data-srcset=\"https:\/\/www.tuicamper.com\/wp-docker\/wp-content\/uploads\/2020\/11\/unbenannt-01787-1030x687.jpg 1030w, https:\/\/www.tuicamper.com\/wp-docker\/wp-content\/uploads\/2020\/11\/unbenannt-01787-300x200.jpg 300w, https:\/\/www.tuicamper.com\/wp-docker\/wp-content\/uploads\/2020\/11\/unbenannt-01787-768x512.jpg 768w, https:\/\/www.tuicamper.com\/wp-docker\/wp-content\/uploads\/2020\/11\/unbenannt-01787-705x470.jpg 705w, https:\/\/www.tuicamper.com\/wp-docker\/wp-content\/uploads\/2020\/11\/unbenannt-01787.jpg 1440w\" data-sizes=\"(max-width: 1030px) 100vw, 1030px\" data-rel='gallery-19' data-prev-img='https:\/\/www.tuicamper.com\/wp-docker\/wp-content\/uploads\/2020\/11\/unbenannt-01787-495x400.jpg' class='first_thumb lightbox ' data-onclick='3' title='Oulanka National-Park'  itemprop=\"thumbnailUrl\"  ><img decoding=\"async\" fetchpriority=\"high\" class=\"wp-image-6923 avia-img-lazy-loading-not-6923\"   src=\"https:\/\/www.tuicamper.com\/wp-docker\/wp-content\/uploads\/2020\/11\/unbenannt-01787-1030x687.jpg\" width=\"1030\" height=\"687\"  title='Oulanka National-Park' alt='Oulanka National-Park' srcset=\"https:\/\/www.tuicamper.com\/wp-docker\/wp-content\/uploads\/2020\/11\/unbenannt-01787-1030x687.jpg 1030w, https:\/\/www.tuicamper.com\/wp-docker\/wp-content\/uploads\/2020\/11\/unbenannt-01787-300x200.jpg 300w, https:\/\/www.tuicamper.com\/wp-docker\/wp-content\/uploads\/2020\/11\/unbenannt-01787-768x512.jpg 768w, https:\/\/www.tuicamper.com\/wp-docker\/wp-content\/uploads\/2020\/11\/unbenannt-01787-705x470.jpg 705w, https:\/\/www.tuicamper.com\/wp-docker\/wp-content\/uploads\/2020\/11\/unbenannt-01787.jpg 1440w\" sizes=\"(max-width: 1030px) 100vw, 1030px\" \/><div class='big-prev-fake'><img decoding=\"async\" loading=\"lazy\" class=\"wp-image-6923 avia-img-lazy-loading-6923\"  width=\"495\" height=\"400\" src=\"https:\/\/www.tuicamper.com\/wp-docker\/wp-content\/uploads\/2020\/11\/unbenannt-01787-495x400.jpg\" title='Oulanka National-Park' alt='Oulanka National-Park' srcset=\"https:\/\/www.tuicamper.com\/wp-docker\/wp-content\/uploads\/2020\/11\/unbenannt-01787-495x400.jpg 495w, https:\/\/www.tuicamper.com\/wp-docker\/wp-content\/uploads\/2020\/11\/unbenannt-01787-845x684.jpg 845w\" sizes=\"auto, (max-width: 495px) 100vw, 495px\" \/><\/div><\/a><a href=\"https:\/\/www.tuicamper.com\/wp-docker\/wp-content\/uploads\/2020\/11\/unbenannt-01861-1030x687.jpg\" data-srcset=\"https:\/\/www.tuicamper.com\/wp-docker\/wp-content\/uploads\/2020\/11\/unbenannt-01861-1030x687.jpg 1030w, https:\/\/www.tuicamper.com\/wp-docker\/wp-content\/uploads\/2020\/11\/unbenannt-01861-300x200.jpg 300w, https:\/\/www.tuicamper.com\/wp-docker\/wp-content\/uploads\/2020\/11\/unbenannt-01861-768x512.jpg 768w, https:\/\/www.tuicamper.com\/wp-docker\/wp-content\/uploads\/2020\/11\/unbenannt-01861-705x470.jpg 705w, https:\/\/www.tuicamper.com\/wp-docker\/wp-content\/uploads\/2020\/11\/unbenannt-01861.jpg 1440w\" data-sizes=\"(max-width: 1030px) 100vw, 1030px\" data-rel='gallery-19' data-prev-img='https:\/\/www.tuicamper.com\/wp-docker\/wp-content\/uploads\/2020\/11\/unbenannt-01861-495x400.jpg' class='lightbox ' data-onclick='4' title='H\u00e4ngebr\u00fccke im Hossa-Nationalpark'  itemprop=\"thumbnailUrl\"  ><img decoding=\"async\" fetchpriority=\"high\" class=\"wp-image-6920 avia-img-lazy-loading-not-6920\"   src=\"https:\/\/www.tuicamper.com\/wp-docker\/wp-content\/uploads\/2020\/11\/unbenannt-01861-1030x687.jpg\" width=\"1030\" height=\"687\"  title='H\u00e4ngebr\u00fccke im Hossa-Nationalpark' alt='H\u00e4ngebr\u00fccke im Hossa-Nationalpark' srcset=\"https:\/\/www.tuicamper.com\/wp-docker\/wp-content\/uploads\/2020\/11\/unbenannt-01861-1030x687.jpg 1030w, https:\/\/www.tuicamper.com\/wp-docker\/wp-content\/uploads\/2020\/11\/unbenannt-01861-300x200.jpg 300w, https:\/\/www.tuicamper.com\/wp-docker\/wp-content\/uploads\/2020\/11\/unbenannt-01861-768x512.jpg 768w, https:\/\/www.tuicamper.com\/wp-docker\/wp-content\/uploads\/2020\/11\/unbenannt-01861-705x470.jpg 705w, https:\/\/www.tuicamper.com\/wp-docker\/wp-content\/uploads\/2020\/11\/unbenannt-01861.jpg 1440w\" sizes=\"(max-width: 1030px) 100vw, 1030px\" \/><div class='big-prev-fake'><img decoding=\"async\" loading=\"lazy\" class=\"wp-image-6920 avia-img-lazy-loading-6920\"  width=\"495\" height=\"400\" src=\"https:\/\/www.tuicamper.com\/wp-docker\/wp-content\/uploads\/2020\/11\/unbenannt-01861-495x400.jpg\" title='H\u00e4ngebr\u00fccke im Hossa-Nationalpark' alt='H\u00e4ngebr\u00fccke im Hossa-Nationalpark' srcset=\"https:\/\/www.tuicamper.com\/wp-docker\/wp-content\/uploads\/2020\/11\/unbenannt-01861-495x400.jpg 495w, https:\/\/www.tuicamper.com\/wp-docker\/wp-content\/uploads\/2020\/11\/unbenannt-01861-845x684.jpg 845w\" sizes=\"auto, (max-width: 495px) 100vw, 495px\" \/><\/div><\/a><\/div><\/div>\n\n<\/div><\/div><\/div><!-- close content main div --><\/div><\/div><div id='av_section_46'  class='avia-section av-jt5vrdgv-36-9a549bfc67a1df3dff965122828c9125 main_color avia-section-default avia-no-border-styling  avia-builder-el-116  el_after_av_section  el_before_av_section  reduced-content avia-bg-style-scroll container_wrap sidebar_right'  ><div class='container av-section-cont-open' ><div class='template-page content  av-content-small alpha units'><div class='post-entry post-entry-type-page post-entry-6778'><div class='entry-content-wrapper clearfix'>\n\n<style type=\"text\/css\" data-created_by=\"avia_inline_auto\" id=\"style-css-av-1g5aou-38-ca7aefb1441eee36d099a2acc196d2a7\">\n.flex_column.av-1g5aou-38-ca7aefb1441eee36d099a2acc196d2a7{\nborder-radius:0px 0px 0px 0px;\npadding:0px 0px 0px 0px;\n}\n<\/style>\n<div  class='flex_column av-1g5aou-38-ca7aefb1441eee36d099a2acc196d2a7 av_one_full  avia-builder-el-117  avia-builder-el-no-sibling  first flex_column_div av-zero-column-padding  '     ><section  class='av_textblock_section av-jt5tjyk0-37-9a8c9be5be24ceeef2a679f3af1ea267 '   itemscope=\"itemscope\" itemtype=\"https:\/\/schema.org\/BlogPosting\" itemprop=\"blogPost\" ><div class='avia_textblock'  itemprop=\"text\" ><p>Falls Sie einmal in freier Natur \u00fcbernachten m\u00f6chten \u2013 in ganz <a href=\"https:\/\/www.tuicamper.com\/magazin\/wohnmobil-skandinavien\/\">Skandinavien<\/a> ist dies dank dem Jedermannsrecht erlaubt \u2013 in Ruunaa direkt an der finnisch-russischen Grenze gibt es ausgewiesene Naturpl\u00e4tze mitsamt Feuerstelle wie man es von <a href=\"https:\/\/www.tuicamper.com\/magazin\/camping-usa\/\">Campingpl\u00e4tzen in den USA<\/a> und Kanada kennt. Hier werden auch Wildwasserfahrten mit traditionellen Holz- oder modernen Schlauchbooten veranstaltet. M\u00f6glich sind zudem Paddeltouren per Kanu oder Kajak.<\/p>\n<\/div><\/section><\/div>\n\n<\/div><\/div><\/div><!-- close content main div --><\/div><\/div><div id='av_section_47'  class='avia-section av-jt5vrdgv-34-595d62b7235c6cbdce919f4748ceaf31 main_color avia-section-default avia-no-border-styling  avia-builder-el-119  el_after_av_section  el_before_av_section  reduced-content avia-bg-style-scroll container_wrap sidebar_right'  ><div class='container av-section-cont-open' ><div class='template-page content  av-content-small alpha units'><div class='post-entry post-entry-type-page post-entry-6778'><div class='entry-content-wrapper clearfix'>\n\n<style type=\"text\/css\" data-created_by=\"avia_inline_auto\" id=\"style-css-av-kgt6zehk-35-2149f1b6ea5ef6d00e6f395e186073a1\">\n#top .avia-gallery.av-kgt6zehk-35-2149f1b6ea5ef6d00e6f395e186073a1 .avia-gallery-thumb a{\nwidth:50%;\n}\n<\/style>\n<div  class='avia-gallery av-kgt6zehk-35-2149f1b6ea5ef6d00e6f395e186073a1 avia_animate_when_visible  avia-builder-el-120  avia-builder-el-no-sibling  animations_off avia-gallery-20'  itemprop=\"image\" itemscope=\"itemscope\" itemtype=\"https:\/\/schema.org\/ImageObject\" ><meta itemprop=\"contentURL\" content=\"https:\/\/www.tuicamper.com\/magazin\/mit-dem-camper-in-den-nordosten-europas\/\"><div class='avia-gallery-thumb'><a href=\"https:\/\/www.tuicamper.com\/wp-docker\/wp-content\/uploads\/2020\/11\/unbenannt-01918-1030x687.jpg\" data-srcset=\"https:\/\/www.tuicamper.com\/wp-docker\/wp-content\/uploads\/2020\/11\/unbenannt-01918-1030x687.jpg 1030w, https:\/\/www.tuicamper.com\/wp-docker\/wp-content\/uploads\/2020\/11\/unbenannt-01918-300x200.jpg 300w, https:\/\/www.tuicamper.com\/wp-docker\/wp-content\/uploads\/2020\/11\/unbenannt-01918-768x512.jpg 768w, https:\/\/www.tuicamper.com\/wp-docker\/wp-content\/uploads\/2020\/11\/unbenannt-01918-705x470.jpg 705w, https:\/\/www.tuicamper.com\/wp-docker\/wp-content\/uploads\/2020\/11\/unbenannt-01918.jpg 1440w\" data-sizes=\"(max-width: 1030px) 100vw, 1030px\" data-rel='gallery-20' data-prev-img='https:\/\/www.tuicamper.com\/wp-docker\/wp-content\/uploads\/2020\/11\/unbenannt-01918-495x400.jpg' class='first_thumb lightbox ' data-onclick='1' title='Lagerfeuer am Stellplatz'  itemprop=\"thumbnailUrl\"  ><img decoding=\"async\" fetchpriority=\"high\" class=\"wp-image-6934 avia-img-lazy-loading-not-6934\"   src=\"https:\/\/www.tuicamper.com\/wp-docker\/wp-content\/uploads\/2020\/11\/unbenannt-01918-1030x687.jpg\" width=\"1030\" height=\"687\"  title='Lagerfeuer am Stellplatz' alt='Lagerfeuer am Stellplatz' srcset=\"https:\/\/www.tuicamper.com\/wp-docker\/wp-content\/uploads\/2020\/11\/unbenannt-01918-1030x687.jpg 1030w, https:\/\/www.tuicamper.com\/wp-docker\/wp-content\/uploads\/2020\/11\/unbenannt-01918-300x200.jpg 300w, https:\/\/www.tuicamper.com\/wp-docker\/wp-content\/uploads\/2020\/11\/unbenannt-01918-768x512.jpg 768w, https:\/\/www.tuicamper.com\/wp-docker\/wp-content\/uploads\/2020\/11\/unbenannt-01918-705x470.jpg 705w, https:\/\/www.tuicamper.com\/wp-docker\/wp-content\/uploads\/2020\/11\/unbenannt-01918.jpg 1440w\" sizes=\"(max-width: 1030px) 100vw, 1030px\" \/><div class='big-prev-fake'><img decoding=\"async\" loading=\"lazy\" class=\"wp-image-6934 avia-img-lazy-loading-6934\"  width=\"495\" height=\"400\" src=\"https:\/\/www.tuicamper.com\/wp-docker\/wp-content\/uploads\/2020\/11\/unbenannt-01918-495x400.jpg\" title='Lagerfeuer am Stellplatz' alt='Lagerfeuer am Stellplatz' srcset=\"https:\/\/www.tuicamper.com\/wp-docker\/wp-content\/uploads\/2020\/11\/unbenannt-01918-495x400.jpg 495w, https:\/\/www.tuicamper.com\/wp-docker\/wp-content\/uploads\/2020\/11\/unbenannt-01918-845x684.jpg 845w\" sizes=\"auto, (max-width: 495px) 100vw, 495px\" \/><\/div><\/a><a href=\"https:\/\/www.tuicamper.com\/wp-docker\/wp-content\/uploads\/2020\/11\/unbenannt-01963-1030x687.jpg\" data-srcset=\"https:\/\/www.tuicamper.com\/wp-docker\/wp-content\/uploads\/2020\/11\/unbenannt-01963-1030x687.jpg 1030w, https:\/\/www.tuicamper.com\/wp-docker\/wp-content\/uploads\/2020\/11\/unbenannt-01963-300x200.jpg 300w, https:\/\/www.tuicamper.com\/wp-docker\/wp-content\/uploads\/2020\/11\/unbenannt-01963-768x512.jpg 768w, https:\/\/www.tuicamper.com\/wp-docker\/wp-content\/uploads\/2020\/11\/unbenannt-01963-705x470.jpg 705w, https:\/\/www.tuicamper.com\/wp-docker\/wp-content\/uploads\/2020\/11\/unbenannt-01963.jpg 1440w\" data-sizes=\"(max-width: 1030px) 100vw, 1030px\" data-rel='gallery-20' data-prev-img='https:\/\/www.tuicamper.com\/wp-docker\/wp-content\/uploads\/2020\/11\/unbenannt-01963-495x400.jpg' class='lightbox ' data-onclick='2' title='Sonnenuntergang'  itemprop=\"thumbnailUrl\"  ><img decoding=\"async\" fetchpriority=\"high\" class=\"wp-image-6935 avia-img-lazy-loading-not-6935\"   src=\"https:\/\/www.tuicamper.com\/wp-docker\/wp-content\/uploads\/2020\/11\/unbenannt-01963-1030x687.jpg\" width=\"1030\" height=\"687\"  title='Sonnenuntergang' alt='Sonnenuntergang' srcset=\"https:\/\/www.tuicamper.com\/wp-docker\/wp-content\/uploads\/2020\/11\/unbenannt-01963-1030x687.jpg 1030w, https:\/\/www.tuicamper.com\/wp-docker\/wp-content\/uploads\/2020\/11\/unbenannt-01963-300x200.jpg 300w, https:\/\/www.tuicamper.com\/wp-docker\/wp-content\/uploads\/2020\/11\/unbenannt-01963-768x512.jpg 768w, https:\/\/www.tuicamper.com\/wp-docker\/wp-content\/uploads\/2020\/11\/unbenannt-01963-705x470.jpg 705w, https:\/\/www.tuicamper.com\/wp-docker\/wp-content\/uploads\/2020\/11\/unbenannt-01963.jpg 1440w\" sizes=\"(max-width: 1030px) 100vw, 1030px\" \/><div class='big-prev-fake'><img decoding=\"async\" loading=\"lazy\" class=\"wp-image-6935 avia-img-lazy-loading-6935\"  width=\"495\" height=\"400\" src=\"https:\/\/www.tuicamper.com\/wp-docker\/wp-content\/uploads\/2020\/11\/unbenannt-01963-495x400.jpg\" title='Sonnenuntergang' alt='Sonnenuntergang' srcset=\"https:\/\/www.tuicamper.com\/wp-docker\/wp-content\/uploads\/2020\/11\/unbenannt-01963-495x400.jpg 495w, https:\/\/www.tuicamper.com\/wp-docker\/wp-content\/uploads\/2020\/11\/unbenannt-01963-845x684.jpg 845w\" sizes=\"auto, (max-width: 495px) 100vw, 495px\" \/><\/div><\/a><\/div><\/div>\n\n<\/div><\/div><\/div><!-- close content main div --><\/div><\/div><div id='av_section_48'  class='avia-section av-jt5vrdgv-31-92cbb722b20b054083badff3174aae74 main_color avia-section-default avia-no-border-styling  avia-builder-el-121  el_after_av_section  el_before_av_section  reduced-content avia-bg-style-scroll container_wrap sidebar_right'  ><div class='container av-section-cont-open' ><div class='template-page content  av-content-small alpha units'><div class='post-entry post-entry-type-page post-entry-6778'><div class='entry-content-wrapper clearfix'>\n\n<style type=\"text\/css\" data-created_by=\"avia_inline_auto\" id=\"style-css-av-1g5aou-33-751b9559b208d65f3a3232e921673acd\">\n.flex_column.av-1g5aou-33-751b9559b208d65f3a3232e921673acd{\nborder-radius:0px 0px 0px 0px;\npadding:0px 0px 0px 0px;\n}\n<\/style>\n<div  class='flex_column av-1g5aou-33-751b9559b208d65f3a3232e921673acd av_one_full  avia-builder-el-122  avia-builder-el-no-sibling  first flex_column_div av-zero-column-padding  '     ><section  class='av_textblock_section av-jt5tjyk0-32-3b37bb87306c2dfd05e20cd6f340ad79 '   itemscope=\"itemscope\" itemtype=\"https:\/\/schema.org\/BlogPosting\" itemprop=\"blogPost\" ><div class='avia_textblock'  itemprop=\"text\" ><p>Am Ende der vierw\u00f6chigen Wohnmobilreise wartete noch ein ganz besonderes Highlight auf uns. Auf der Saimaa-Seenplatte im S\u00fcdosten Finnlands lebt eine der bedrohtesten Tierarten dieser Erde. Nur noch etwa 400 Exemplare der Saimaa-Ringelrobbe tummeln sich in den Gew\u00e4ssern rund um die beiden Nationalparks Linnansaari und Kolovesi, wo die S\u00e4ugetiere ihre Jungen geb\u00e4ren und aufziehen. Auf einer gef\u00fchrten Robbensafari an einem herrlichen finnischen Sommerabend hatten wir das gro\u00dfe Gl\u00fcck, zwei dieser wundersch\u00f6n gezeichneten Robben beim Sonnen zu beobachten!<\/p>\n<\/div><\/section><\/div>\n\n<\/div><\/div><\/div><!-- close content main div --><\/div><\/div><div id='av_section_49'  class='avia-section av-jt5vrdgv-29-d4c6a4416dde1a1b882331362ac67e61 main_color avia-section-default avia-no-border-styling  avia-builder-el-124  el_after_av_section  el_before_av_section  reduced-content avia-bg-style-scroll container_wrap sidebar_right'  ><div class='container av-section-cont-open' ><div class='template-page content  av-content-small alpha units'><div class='post-entry post-entry-type-page post-entry-6778'><div class='entry-content-wrapper clearfix'>\n\n<style type=\"text\/css\" data-created_by=\"avia_inline_auto\" id=\"style-css-av-kgt6zehk-30-3bda5aaf3982e5404027f640b044b2e4\">\n#top .avia-gallery.av-kgt6zehk-30-3bda5aaf3982e5404027f640b044b2e4 .avia-gallery-thumb a{\nwidth:50%;\n}\n<\/style>\n<div  class='avia-gallery av-kgt6zehk-30-3bda5aaf3982e5404027f640b044b2e4 avia_animate_when_visible  avia-builder-el-125  avia-builder-el-no-sibling  animations_off avia-gallery-21'  itemprop=\"image\" itemscope=\"itemscope\" itemtype=\"https:\/\/schema.org\/ImageObject\" ><meta itemprop=\"contentURL\" content=\"https:\/\/www.tuicamper.com\/magazin\/mit-dem-camper-in-den-nordosten-europas\/\"><div class='avia-gallery-thumb'><a href=\"https:\/\/www.tuicamper.com\/wp-docker\/wp-content\/uploads\/2020\/11\/unbenannt-02012-1030x687.jpg\" data-srcset=\"https:\/\/www.tuicamper.com\/wp-docker\/wp-content\/uploads\/2020\/11\/unbenannt-02012-1030x687.jpg 1030w, https:\/\/www.tuicamper.com\/wp-docker\/wp-content\/uploads\/2020\/11\/unbenannt-02012-300x200.jpg 300w, https:\/\/www.tuicamper.com\/wp-docker\/wp-content\/uploads\/2020\/11\/unbenannt-02012-768x512.jpg 768w, https:\/\/www.tuicamper.com\/wp-docker\/wp-content\/uploads\/2020\/11\/unbenannt-02012-705x470.jpg 705w, https:\/\/www.tuicamper.com\/wp-docker\/wp-content\/uploads\/2020\/11\/unbenannt-02012.jpg 1440w\" data-sizes=\"(max-width: 1030px) 100vw, 1030px\" data-rel='gallery-21' data-prev-img='https:\/\/www.tuicamper.com\/wp-docker\/wp-content\/uploads\/2020\/11\/unbenannt-02012-495x400.jpg' class='first_thumb lightbox ' data-onclick='1' title='Kayak fahren auf dem See'  itemprop=\"thumbnailUrl\"  ><img decoding=\"async\" fetchpriority=\"high\" class=\"wp-image-6936 avia-img-lazy-loading-not-6936\"   src=\"https:\/\/www.tuicamper.com\/wp-docker\/wp-content\/uploads\/2020\/11\/unbenannt-02012-1030x687.jpg\" width=\"1030\" height=\"687\"  title='Kayak fahren auf dem See' alt='Kayak fahren auf dem See' srcset=\"https:\/\/www.tuicamper.com\/wp-docker\/wp-content\/uploads\/2020\/11\/unbenannt-02012-1030x687.jpg 1030w, https:\/\/www.tuicamper.com\/wp-docker\/wp-content\/uploads\/2020\/11\/unbenannt-02012-300x200.jpg 300w, https:\/\/www.tuicamper.com\/wp-docker\/wp-content\/uploads\/2020\/11\/unbenannt-02012-768x512.jpg 768w, https:\/\/www.tuicamper.com\/wp-docker\/wp-content\/uploads\/2020\/11\/unbenannt-02012-705x470.jpg 705w, https:\/\/www.tuicamper.com\/wp-docker\/wp-content\/uploads\/2020\/11\/unbenannt-02012.jpg 1440w\" sizes=\"(max-width: 1030px) 100vw, 1030px\" \/><div class='big-prev-fake'><img decoding=\"async\" loading=\"lazy\" class=\"wp-image-6936 avia-img-lazy-loading-6936\"  width=\"495\" height=\"400\" src=\"https:\/\/www.tuicamper.com\/wp-docker\/wp-content\/uploads\/2020\/11\/unbenannt-02012-495x400.jpg\" title='Kayak fahren auf dem See' alt='Kayak fahren auf dem See' srcset=\"https:\/\/www.tuicamper.com\/wp-docker\/wp-content\/uploads\/2020\/11\/unbenannt-02012-495x400.jpg 495w, https:\/\/www.tuicamper.com\/wp-docker\/wp-content\/uploads\/2020\/11\/unbenannt-02012-845x684.jpg 845w\" sizes=\"auto, (max-width: 495px) 100vw, 495px\" \/><\/div><\/a><a href=\"https:\/\/www.tuicamper.com\/wp-docker\/wp-content\/uploads\/2020\/11\/unbenannt-02219-1030x617.jpg\" data-srcset=\"https:\/\/www.tuicamper.com\/wp-docker\/wp-content\/uploads\/2020\/11\/unbenannt-02219-1030x617.jpg 1030w, https:\/\/www.tuicamper.com\/wp-docker\/wp-content\/uploads\/2020\/11\/unbenannt-02219-300x180.jpg 300w, https:\/\/www.tuicamper.com\/wp-docker\/wp-content\/uploads\/2020\/11\/unbenannt-02219-768x460.jpg 768w, https:\/\/www.tuicamper.com\/wp-docker\/wp-content\/uploads\/2020\/11\/unbenannt-02219-705x423.jpg 705w, https:\/\/www.tuicamper.com\/wp-docker\/wp-content\/uploads\/2020\/11\/unbenannt-02219.jpg 1440w\" data-sizes=\"(max-width: 1030px) 100vw, 1030px\" data-rel='gallery-21' data-prev-img='https:\/\/www.tuicamper.com\/wp-docker\/wp-content\/uploads\/2020\/11\/unbenannt-02219-495x400.jpg' class='lightbox ' data-onclick='2' title='Saimaa-Ringelrobbe'  itemprop=\"thumbnailUrl\"  ><img decoding=\"async\" fetchpriority=\"high\" class=\"wp-image-6937 avia-img-lazy-loading-not-6937\"   src=\"https:\/\/www.tuicamper.com\/wp-docker\/wp-content\/uploads\/2020\/11\/unbenannt-02219-1030x617.jpg\" width=\"1030\" height=\"617\"  title='Saimaa-Ringelrobbe' alt='Saimaa-Ringelrobbe' srcset=\"https:\/\/www.tuicamper.com\/wp-docker\/wp-content\/uploads\/2020\/11\/unbenannt-02219-1030x617.jpg 1030w, https:\/\/www.tuicamper.com\/wp-docker\/wp-content\/uploads\/2020\/11\/unbenannt-02219-300x180.jpg 300w, https:\/\/www.tuicamper.com\/wp-docker\/wp-content\/uploads\/2020\/11\/unbenannt-02219-768x460.jpg 768w, https:\/\/www.tuicamper.com\/wp-docker\/wp-content\/uploads\/2020\/11\/unbenannt-02219-705x423.jpg 705w, https:\/\/www.tuicamper.com\/wp-docker\/wp-content\/uploads\/2020\/11\/unbenannt-02219.jpg 1440w\" sizes=\"(max-width: 1030px) 100vw, 1030px\" \/><div class='big-prev-fake'><img decoding=\"async\" loading=\"lazy\" class=\"wp-image-6937 avia-img-lazy-loading-6937\"  width=\"495\" height=\"400\" src=\"https:\/\/www.tuicamper.com\/wp-docker\/wp-content\/uploads\/2020\/11\/unbenannt-02219-495x400.jpg\" title='Saimaa-Ringelrobbe' alt='Saimaa-Ringelrobbe' srcset=\"https:\/\/www.tuicamper.com\/wp-docker\/wp-content\/uploads\/2020\/11\/unbenannt-02219-495x400.jpg 495w, https:\/\/www.tuicamper.com\/wp-docker\/wp-content\/uploads\/2020\/11\/unbenannt-02219-845x684.jpg 845w\" sizes=\"auto, (max-width: 495px) 100vw, 495px\" \/><\/div><\/a><\/div><\/div>\n\n<\/div><\/div><\/div><!-- close content main div --><\/div><\/div><div id='av_section_50'  class='avia-section av-jt5vrdgv-26-1a8b7eb57e49308c24979ab2a4f6349c main_color avia-section-default avia-no-border-styling  avia-builder-el-126  el_after_av_section  el_before_av_section  reduced-content avia-bg-style-scroll container_wrap sidebar_right'  ><div class='container av-section-cont-open' ><div class='template-page content  av-content-small alpha units'><div class='post-entry post-entry-type-page post-entry-6778'><div class='entry-content-wrapper clearfix'>\n\n<style type=\"text\/css\" data-created_by=\"avia_inline_auto\" id=\"style-css-av-1g5aou-28-31544ce378730dc1f544217926cdc934\">\n.flex_column.av-1g5aou-28-31544ce378730dc1f544217926cdc934{\nborder-radius:0px 0px 0px 0px;\npadding:0px 0px 0px 0px;\n}\n<\/style>\n<div  class='flex_column av-1g5aou-28-31544ce378730dc1f544217926cdc934 av_one_full  avia-builder-el-127  avia-builder-el-no-sibling  first flex_column_div av-zero-column-padding  '     ><section  class='av_textblock_section av-jt5tjyk0-27-ff4f6f513d5bdf5a8b7eb9925ab426b7 '   itemscope=\"itemscope\" itemtype=\"https:\/\/schema.org\/BlogPosting\" itemprop=\"blogPost\" ><div class='avia_textblock'  itemprop=\"text\" ><p>Nat\u00fcrlich soll bei einer Reise in fremde L\u00e4nder das Gaumenerlebnis nicht zu kurz kommen. Probieren Sie einmal karelische Piroggen (gef\u00fcllte Teigtaschen) und geschmortes Wurzelgem\u00fcse. Je weiter man sich vom Finnischen Meerbusen Richtung Norden entfernt, desto st\u00e4rker und unverwechselbarer werden die Geschmackserlebnisse. In der N\u00e4he von Virolahti sind es die Ostseeheringe und andere Seefischarten. In S\u00fcdkarelien sollten Sie nebst den handgemachten Piroggen auch verschiedene Fladenbrotsorten probieren. In Savonlinna schmecken Ihnen bestimmt die Kleinen Mar\u00e4nen oder auch die Saimaa-Seeforelle.<\/p>\n<\/div><\/section><\/div>\n\n<\/div><\/div><\/div><!-- close content main div --><\/div><\/div><div id='av_section_51'  class='avia-section av-jt5vrdgv-24-6fa9a5742f1c0b615aae8036c7578a04 main_color avia-section-default avia-no-border-styling  avia-builder-el-129  el_after_av_section  el_before_av_section  reduced-content avia-bg-style-scroll container_wrap sidebar_right'  ><div class='container av-section-cont-open' ><div class='template-page content  av-content-small alpha units'><div class='post-entry post-entry-type-page post-entry-6778'><div class='entry-content-wrapper clearfix'>\n\n<style type=\"text\/css\" data-created_by=\"avia_inline_auto\" id=\"style-css-av-kgt6zehk-25-c5d07af2ae7d33a3cb0016cee6391740\">\n#top .avia-gallery.av-kgt6zehk-25-c5d07af2ae7d33a3cb0016cee6391740 .avia-gallery-thumb a{\nwidth:100%;\n}\n<\/style>\n<div  class='avia-gallery av-kgt6zehk-25-c5d07af2ae7d33a3cb0016cee6391740 avia_animate_when_visible  avia-builder-el-130  avia-builder-el-no-sibling  animations_off avia-gallery-22'  itemprop=\"image\" itemscope=\"itemscope\" itemtype=\"https:\/\/schema.org\/ImageObject\" ><meta itemprop=\"contentURL\" content=\"https:\/\/www.tuicamper.com\/magazin\/mit-dem-camper-in-den-nordosten-europas\/\"><div class='avia-gallery-thumb'><a href=\"https:\/\/www.tuicamper.com\/wp-docker\/wp-content\/uploads\/2020\/11\/unbenannt-02285-1030x687.jpg\" data-srcset=\"https:\/\/www.tuicamper.com\/wp-docker\/wp-content\/uploads\/2020\/11\/unbenannt-02285-1030x687.jpg 1030w, https:\/\/www.tuicamper.com\/wp-docker\/wp-content\/uploads\/2020\/11\/unbenannt-02285-300x200.jpg 300w, https:\/\/www.tuicamper.com\/wp-docker\/wp-content\/uploads\/2020\/11\/unbenannt-02285-768x512.jpg 768w, https:\/\/www.tuicamper.com\/wp-docker\/wp-content\/uploads\/2020\/11\/unbenannt-02285-705x470.jpg 705w, https:\/\/www.tuicamper.com\/wp-docker\/wp-content\/uploads\/2020\/11\/unbenannt-02285.jpg 1440w\" data-sizes=\"(max-width: 1030px) 100vw, 1030px\" data-rel='gallery-22' data-prev-img='https:\/\/www.tuicamper.com\/wp-docker\/wp-content\/uploads\/2020\/11\/unbenannt-02285-495x400.jpg' class='first_thumb lightbox ' data-onclick='1' title='Burg im Wasser'  itemprop=\"thumbnailUrl\"  ><img decoding=\"async\" fetchpriority=\"high\" class=\"wp-image-6938 avia-img-lazy-loading-not-6938\"   src=\"https:\/\/www.tuicamper.com\/wp-docker\/wp-content\/uploads\/2020\/11\/unbenannt-02285-710x375.jpg\" width=\"710\" height=\"375\"  title='Burg im Wasser' alt='Burg im Wasser' \/><div class='big-prev-fake'><img decoding=\"async\" loading=\"lazy\" class=\"wp-image-6938 avia-img-lazy-loading-6938\"  width=\"495\" height=\"400\" src=\"https:\/\/www.tuicamper.com\/wp-docker\/wp-content\/uploads\/2020\/11\/unbenannt-02285-495x400.jpg\" title='Burg im Wasser' alt='Burg im Wasser' srcset=\"https:\/\/www.tuicamper.com\/wp-docker\/wp-content\/uploads\/2020\/11\/unbenannt-02285-495x400.jpg 495w, https:\/\/www.tuicamper.com\/wp-docker\/wp-content\/uploads\/2020\/11\/unbenannt-02285-845x684.jpg 845w\" sizes=\"auto, (max-width: 495px) 100vw, 495px\" \/><\/div><\/a><\/div><\/div>\n\n<\/div><\/div><\/div><!-- close content main div --><\/div><\/div><div id='av_section_52'  class='avia-section av-jt5vrdgv-21-af8a2da801eb4cf6151878aef8ceabf8 main_color avia-section-default avia-no-border-styling  avia-builder-el-131  el_after_av_section  el_before_av_section  reduced-content avia-bg-style-scroll container_wrap sidebar_right'  ><div class='container av-section-cont-open' ><div class='template-page content  av-content-small alpha units'><div class='post-entry post-entry-type-page post-entry-6778'><div class='entry-content-wrapper clearfix'>\n\n<style type=\"text\/css\" data-created_by=\"avia_inline_auto\" id=\"style-css-av-1g5aou-23-41b6d38316d197238e1f49d3dd6c0ae4\">\n.flex_column.av-1g5aou-23-41b6d38316d197238e1f49d3dd6c0ae4{\nborder-radius:0px 0px 0px 0px;\npadding:0px 0px 0px 0px;\n}\n<\/style>\n<div  class='flex_column av-1g5aou-23-41b6d38316d197238e1f49d3dd6c0ae4 av_one_full  avia-builder-el-132  avia-builder-el-no-sibling  first flex_column_div av-zero-column-padding  '     ><section  class='av_textblock_section av-jt5tjyk0-22-c9a88efd57bb9f0e299492c0372fc10f '   itemscope=\"itemscope\" itemtype=\"https:\/\/schema.org\/BlogPosting\" itemprop=\"blogPost\" ><div class='avia_textblock'  itemprop=\"text\" ><p>Wie w\u00e4r\u2019s zum Nachtisch mit einem St\u00fcck herrlich frischem Quarkkuchen oder einer L\u00f6rtsy, einer Teigtasche gef\u00fcllt mit Apfelmus oder Beerenkonfit\u00fcre.<\/p>\n<p>Auszuprobieren zum Beispiel im netten St\u00e4dtchen Porvoo. Wenn es um Delikatessen und Inneneinrichtung geht, ist Porvoo definitiv eine der besten Adressen in S\u00fcdfinnland. Schon im 19. Jahrhundert reisten die Helsinkier hier hin, um die Caf\u00e9s und Restaurants der Stadt zu besuchen. Die gem\u00fctlichen Inneneinrichtungsgesch\u00e4fte sind im ganzen Land ber\u00fchmt und f\u00fchren verschiedene Stilepochen- von edlen Antiquit\u00e4ten bis hin zu modernen Einrichtungsst\u00fccken findet man hier alles, was das Herz begehrt. Porvoos bekannteste Wahrzeichen sind die reizenden, rot gestrichenen Holzh\u00e4user am Fluss. Einst wurden sie als Lagerh\u00e4user f\u00fcr G\u00fcter und exotische Delikatessen aus fernen L\u00e4ndern genutzt.<\/p>\n<\/div><\/section><\/div>\n\n<\/div><\/div><\/div><!-- close content main div --><\/div><\/div><div id='av_section_53'  class='avia-section av-jt5vrdgv-19-6bef86ca90cc051d68913a2072184b86 main_color avia-section-default avia-no-border-styling  avia-builder-el-134  el_after_av_section  el_before_av_section  reduced-content avia-bg-style-scroll container_wrap sidebar_right'  ><div class='container av-section-cont-open' ><div class='template-page content  av-content-small alpha units'><div class='post-entry post-entry-type-page post-entry-6778'><div class='entry-content-wrapper clearfix'>\n\n<style type=\"text\/css\" data-created_by=\"avia_inline_auto\" id=\"style-css-av-kgt6zehk-20-d14b7600036b73b6b69d21632067e1aa\">\n#top .avia-gallery.av-kgt6zehk-20-d14b7600036b73b6b69d21632067e1aa .avia-gallery-thumb a{\nwidth:50%;\n}\n<\/style>\n<div  class='avia-gallery av-kgt6zehk-20-d14b7600036b73b6b69d21632067e1aa avia_animate_when_visible  avia-builder-el-135  avia-builder-el-no-sibling  animations_off avia-gallery-23'  itemprop=\"image\" itemscope=\"itemscope\" itemtype=\"https:\/\/schema.org\/ImageObject\" ><meta itemprop=\"contentURL\" content=\"https:\/\/www.tuicamper.com\/magazin\/mit-dem-camper-in-den-nordosten-europas\/\"><div class='avia-gallery-thumb'><a href=\"https:\/\/www.tuicamper.com\/wp-docker\/wp-content\/uploads\/2020\/11\/unbenannt-02320-1030x687.jpg\" data-srcset=\"https:\/\/www.tuicamper.com\/wp-docker\/wp-content\/uploads\/2020\/11\/unbenannt-02320-1030x687.jpg 1030w, https:\/\/www.tuicamper.com\/wp-docker\/wp-content\/uploads\/2020\/11\/unbenannt-02320-300x200.jpg 300w, https:\/\/www.tuicamper.com\/wp-docker\/wp-content\/uploads\/2020\/11\/unbenannt-02320-768x512.jpg 768w, https:\/\/www.tuicamper.com\/wp-docker\/wp-content\/uploads\/2020\/11\/unbenannt-02320-705x470.jpg 705w, https:\/\/www.tuicamper.com\/wp-docker\/wp-content\/uploads\/2020\/11\/unbenannt-02320.jpg 1440w\" data-sizes=\"(max-width: 1030px) 100vw, 1030px\" data-rel='gallery-23' data-prev-img='https:\/\/www.tuicamper.com\/wp-docker\/wp-content\/uploads\/2020\/11\/unbenannt-02320-495x400.jpg' class='first_thumb lightbox ' data-onclick='1' title='Rot gestrichenes Holzhaus'  itemprop=\"thumbnailUrl\"  ><img decoding=\"async\" fetchpriority=\"high\" class=\"wp-image-6939 avia-img-lazy-loading-not-6939\"   src=\"https:\/\/www.tuicamper.com\/wp-docker\/wp-content\/uploads\/2020\/11\/unbenannt-02320-1030x687.jpg\" width=\"1030\" height=\"687\"  title='Rot gestrichenes Holzhaus' alt='Rot gestrichenes Holzhaus' srcset=\"https:\/\/www.tuicamper.com\/wp-docker\/wp-content\/uploads\/2020\/11\/unbenannt-02320-1030x687.jpg 1030w, https:\/\/www.tuicamper.com\/wp-docker\/wp-content\/uploads\/2020\/11\/unbenannt-02320-300x200.jpg 300w, https:\/\/www.tuicamper.com\/wp-docker\/wp-content\/uploads\/2020\/11\/unbenannt-02320-768x512.jpg 768w, https:\/\/www.tuicamper.com\/wp-docker\/wp-content\/uploads\/2020\/11\/unbenannt-02320-705x470.jpg 705w, https:\/\/www.tuicamper.com\/wp-docker\/wp-content\/uploads\/2020\/11\/unbenannt-02320.jpg 1440w\" sizes=\"(max-width: 1030px) 100vw, 1030px\" \/><div class='big-prev-fake'><img decoding=\"async\" loading=\"lazy\" class=\"wp-image-6939 avia-img-lazy-loading-6939\"  width=\"495\" height=\"400\" src=\"https:\/\/www.tuicamper.com\/wp-docker\/wp-content\/uploads\/2020\/11\/unbenannt-02320-495x400.jpg\" title='Rot gestrichenes Holzhaus' alt='Rot gestrichenes Holzhaus' srcset=\"https:\/\/www.tuicamper.com\/wp-docker\/wp-content\/uploads\/2020\/11\/unbenannt-02320-495x400.jpg 495w, https:\/\/www.tuicamper.com\/wp-docker\/wp-content\/uploads\/2020\/11\/unbenannt-02320-845x684.jpg 845w\" sizes=\"auto, (max-width: 495px) 100vw, 495px\" \/><\/div><\/a><a href=\"https:\/\/www.tuicamper.com\/wp-docker\/wp-content\/uploads\/2020\/11\/unbenannt-02323-1030x687.jpg\" data-srcset=\"https:\/\/www.tuicamper.com\/wp-docker\/wp-content\/uploads\/2020\/11\/unbenannt-02323-1030x687.jpg 1030w, https:\/\/www.tuicamper.com\/wp-docker\/wp-content\/uploads\/2020\/11\/unbenannt-02323-300x200.jpg 300w, https:\/\/www.tuicamper.com\/wp-docker\/wp-content\/uploads\/2020\/11\/unbenannt-02323-768x512.jpg 768w, https:\/\/www.tuicamper.com\/wp-docker\/wp-content\/uploads\/2020\/11\/unbenannt-02323-705x470.jpg 705w, https:\/\/www.tuicamper.com\/wp-docker\/wp-content\/uploads\/2020\/11\/unbenannt-02323.jpg 1440w\" data-sizes=\"(max-width: 1030px) 100vw, 1030px\" data-rel='gallery-23' data-prev-img='https:\/\/www.tuicamper.com\/wp-docker\/wp-content\/uploads\/2020\/11\/unbenannt-02323-495x400.jpg' class='lightbox ' data-onclick='2' title='Holzh\u00e4user am Fluss'  itemprop=\"thumbnailUrl\"  ><img decoding=\"async\" fetchpriority=\"high\" class=\"wp-image-6940 avia-img-lazy-loading-not-6940\"   src=\"https:\/\/www.tuicamper.com\/wp-docker\/wp-content\/uploads\/2020\/11\/unbenannt-02323-1030x687.jpg\" width=\"1030\" height=\"687\"  title='Holzh\u00e4user am Fluss' alt='Holzh\u00e4user am Fluss' srcset=\"https:\/\/www.tuicamper.com\/wp-docker\/wp-content\/uploads\/2020\/11\/unbenannt-02323-1030x687.jpg 1030w, https:\/\/www.tuicamper.com\/wp-docker\/wp-content\/uploads\/2020\/11\/unbenannt-02323-300x200.jpg 300w, https:\/\/www.tuicamper.com\/wp-docker\/wp-content\/uploads\/2020\/11\/unbenannt-02323-768x512.jpg 768w, https:\/\/www.tuicamper.com\/wp-docker\/wp-content\/uploads\/2020\/11\/unbenannt-02323-705x470.jpg 705w, https:\/\/www.tuicamper.com\/wp-docker\/wp-content\/uploads\/2020\/11\/unbenannt-02323.jpg 1440w\" sizes=\"(max-width: 1030px) 100vw, 1030px\" \/><div class='big-prev-fake'><img decoding=\"async\" loading=\"lazy\" class=\"wp-image-6940 avia-img-lazy-loading-6940\"  width=\"495\" height=\"400\" src=\"https:\/\/www.tuicamper.com\/wp-docker\/wp-content\/uploads\/2020\/11\/unbenannt-02323-495x400.jpg\" title='Holzh\u00e4user am Fluss' alt='Holzh\u00e4user am Fluss' srcset=\"https:\/\/www.tuicamper.com\/wp-docker\/wp-content\/uploads\/2020\/11\/unbenannt-02323-495x400.jpg 495w, https:\/\/www.tuicamper.com\/wp-docker\/wp-content\/uploads\/2020\/11\/unbenannt-02323-845x684.jpg 845w\" sizes=\"auto, (max-width: 495px) 100vw, 495px\" \/><\/div><\/a><\/div><\/div>\n\n<\/div><\/div><\/div><!-- close content main div --><\/div><\/div><div id='av_section_54'  class='avia-section av-jt5vrdgv-16-affaf024292dfb18097e1d5d21a2b7c8 main_color avia-section-default avia-no-border-styling  avia-builder-el-136  el_after_av_section  el_before_av_section  reduced-content avia-bg-style-scroll container_wrap sidebar_right'  ><div class='container av-section-cont-open' ><div class='template-page content  av-content-small alpha units'><div class='post-entry post-entry-type-page post-entry-6778'><div class='entry-content-wrapper clearfix'>\n\n<style type=\"text\/css\" data-created_by=\"avia_inline_auto\" id=\"style-css-av-1g5aou-18-5a719a068b34a66b0bef32443fedfffc\">\n.flex_column.av-1g5aou-18-5a719a068b34a66b0bef32443fedfffc{\nborder-radius:0px 0px 0px 0px;\npadding:0px 0px 0px 0px;\n}\n<\/style>\n<div  class='flex_column av-1g5aou-18-5a719a068b34a66b0bef32443fedfffc av_one_full  avia-builder-el-137  avia-builder-el-no-sibling  first flex_column_div av-zero-column-padding  '     ><section  class='av_textblock_section av-jt5tjyk0-17-3c73cd6b57e843137513b2b979465895 '   itemscope=\"itemscope\" itemtype=\"https:\/\/schema.org\/BlogPosting\" itemprop=\"blogPost\" ><div class='avia_textblock'  itemprop=\"text\" ><h2><strong>Heimreise<\/strong><\/h2>\n<p>Zur\u00fcck in Helsinki schlie\u00dft sich der Bogen unserer Reise. F\u00fcrs Nachtlager empfehle ich den Rastila-Camping etwas au\u00dferhalb der finnischen Hauptstadt. Mit der Metro gelangen Sie von hier aus in 15 Minuten in die Innenstadt: <a href=\"https:\/\/www.hel.fi\/helsinki\/en\/culture\/leisure\/rastila\" target=\"_blank\" rel=\"noopener\">https:\/\/www.hel.fi\/helsinki\/en\/culture\/leisure\/rastila<\/a><\/p>\n<\/div><\/section><\/div>\n\n<\/div><\/div><\/div><!-- close content main div --><\/div><\/div><div id='av_section_55'  class='avia-section av-jt5vrdgv-14-8b0c22f6bdbf5e4eb51f476445383f48 main_color avia-section-default avia-no-border-styling  avia-builder-el-139  el_after_av_section  el_before_av_section  reduced-content avia-bg-style-scroll container_wrap sidebar_right'  ><div class='container av-section-cont-open' ><div class='template-page content  av-content-small alpha units'><div class='post-entry post-entry-type-page post-entry-6778'><div class='entry-content-wrapper clearfix'>\n\n<style type=\"text\/css\" data-created_by=\"avia_inline_auto\" id=\"style-css-av-kgt6zehk-15-5b5da626104fd47b2a2026f21e86a8cf\">\n#top .avia-gallery.av-kgt6zehk-15-5b5da626104fd47b2a2026f21e86a8cf .avia-gallery-thumb a{\nwidth:50%;\n}\n<\/style>\n<div  class='avia-gallery av-kgt6zehk-15-5b5da626104fd47b2a2026f21e86a8cf avia_animate_when_visible  avia-builder-el-140  avia-builder-el-no-sibling  animations_off avia-gallery-24'  itemprop=\"image\" itemscope=\"itemscope\" itemtype=\"https:\/\/schema.org\/ImageObject\" ><meta itemprop=\"contentURL\" content=\"https:\/\/www.tuicamper.com\/magazin\/mit-dem-camper-in-den-nordosten-europas\/\"><div class='avia-gallery-thumb'><a href=\"https:\/\/www.tuicamper.com\/wp-docker\/wp-content\/uploads\/2020\/11\/unbenannt-02332-1030x687.jpg\" data-srcset=\"https:\/\/www.tuicamper.com\/wp-docker\/wp-content\/uploads\/2020\/11\/unbenannt-02332-1030x687.jpg 1030w, https:\/\/www.tuicamper.com\/wp-docker\/wp-content\/uploads\/2020\/11\/unbenannt-02332-300x200.jpg 300w, https:\/\/www.tuicamper.com\/wp-docker\/wp-content\/uploads\/2020\/11\/unbenannt-02332-768x512.jpg 768w, https:\/\/www.tuicamper.com\/wp-docker\/wp-content\/uploads\/2020\/11\/unbenannt-02332-705x470.jpg 705w, https:\/\/www.tuicamper.com\/wp-docker\/wp-content\/uploads\/2020\/11\/unbenannt-02332.jpg 1440w\" data-sizes=\"(max-width: 1030px) 100vw, 1030px\" data-rel='gallery-24' data-prev-img='https:\/\/www.tuicamper.com\/wp-docker\/wp-content\/uploads\/2020\/11\/unbenannt-02332-495x400.jpg' class='first_thumb lightbox ' data-onclick='1' title='Dom von Helsinki'  itemprop=\"thumbnailUrl\"  ><img decoding=\"async\" fetchpriority=\"high\" class=\"wp-image-6942 avia-img-lazy-loading-not-6942\"   src=\"https:\/\/www.tuicamper.com\/wp-docker\/wp-content\/uploads\/2020\/11\/unbenannt-02332-1030x687.jpg\" width=\"1030\" height=\"687\"  title='Dom von Helsinki' alt='Dom von Helsinki' srcset=\"https:\/\/www.tuicamper.com\/wp-docker\/wp-content\/uploads\/2020\/11\/unbenannt-02332-1030x687.jpg 1030w, https:\/\/www.tuicamper.com\/wp-docker\/wp-content\/uploads\/2020\/11\/unbenannt-02332-300x200.jpg 300w, https:\/\/www.tuicamper.com\/wp-docker\/wp-content\/uploads\/2020\/11\/unbenannt-02332-768x512.jpg 768w, https:\/\/www.tuicamper.com\/wp-docker\/wp-content\/uploads\/2020\/11\/unbenannt-02332-705x470.jpg 705w, https:\/\/www.tuicamper.com\/wp-docker\/wp-content\/uploads\/2020\/11\/unbenannt-02332.jpg 1440w\" sizes=\"(max-width: 1030px) 100vw, 1030px\" \/><div class='big-prev-fake'><img decoding=\"async\" loading=\"lazy\" class=\"wp-image-6942 avia-img-lazy-loading-6942\"  width=\"495\" height=\"400\" src=\"https:\/\/www.tuicamper.com\/wp-docker\/wp-content\/uploads\/2020\/11\/unbenannt-02332-495x400.jpg\" title='Dom von Helsinki' alt='Dom von Helsinki' srcset=\"https:\/\/www.tuicamper.com\/wp-docker\/wp-content\/uploads\/2020\/11\/unbenannt-02332-495x400.jpg 495w, https:\/\/www.tuicamper.com\/wp-docker\/wp-content\/uploads\/2020\/11\/unbenannt-02332-845x684.jpg 845w\" sizes=\"auto, (max-width: 495px) 100vw, 495px\" \/><\/div><\/a><a href=\"https:\/\/www.tuicamper.com\/wp-docker\/wp-content\/uploads\/2020\/11\/unbenannt-02341-1030x765.jpg\" data-srcset=\"https:\/\/www.tuicamper.com\/wp-docker\/wp-content\/uploads\/2020\/11\/unbenannt-02341-1030x765.jpg 1030w, https:\/\/www.tuicamper.com\/wp-docker\/wp-content\/uploads\/2020\/11\/unbenannt-02341-300x223.jpg 300w, https:\/\/www.tuicamper.com\/wp-docker\/wp-content\/uploads\/2020\/11\/unbenannt-02341-768x571.jpg 768w, https:\/\/www.tuicamper.com\/wp-docker\/wp-content\/uploads\/2020\/11\/unbenannt-02341-705x524.jpg 705w, https:\/\/www.tuicamper.com\/wp-docker\/wp-content\/uploads\/2020\/11\/unbenannt-02341.jpg 1440w\" data-sizes=\"(max-width: 1030px) 100vw, 1030px\" data-rel='gallery-24' data-prev-img='https:\/\/www.tuicamper.com\/wp-docker\/wp-content\/uploads\/2020\/11\/unbenannt-02341-495x400.jpg' class='lightbox ' data-onclick='2' title='Uspenski-Kathedrale'  itemprop=\"thumbnailUrl\"  ><img decoding=\"async\" fetchpriority=\"high\" class=\"wp-image-6943 avia-img-lazy-loading-not-6943\"   src=\"https:\/\/www.tuicamper.com\/wp-docker\/wp-content\/uploads\/2020\/11\/unbenannt-02341-1030x765.jpg\" width=\"1030\" height=\"765\"  title='Uspenski-Kathedrale' alt='Uspenski-Kathedrale' srcset=\"https:\/\/www.tuicamper.com\/wp-docker\/wp-content\/uploads\/2020\/11\/unbenannt-02341-1030x765.jpg 1030w, https:\/\/www.tuicamper.com\/wp-docker\/wp-content\/uploads\/2020\/11\/unbenannt-02341-300x223.jpg 300w, https:\/\/www.tuicamper.com\/wp-docker\/wp-content\/uploads\/2020\/11\/unbenannt-02341-768x571.jpg 768w, https:\/\/www.tuicamper.com\/wp-docker\/wp-content\/uploads\/2020\/11\/unbenannt-02341-705x524.jpg 705w, https:\/\/www.tuicamper.com\/wp-docker\/wp-content\/uploads\/2020\/11\/unbenannt-02341.jpg 1440w\" sizes=\"(max-width: 1030px) 100vw, 1030px\" \/><div class='big-prev-fake'><img decoding=\"async\" loading=\"lazy\" class=\"wp-image-6943 avia-img-lazy-loading-6943\"  width=\"495\" height=\"400\" src=\"https:\/\/www.tuicamper.com\/wp-docker\/wp-content\/uploads\/2020\/11\/unbenannt-02341-495x400.jpg\" title='Uspenski-Kathedrale' alt='Uspenski-Kathedrale' srcset=\"https:\/\/www.tuicamper.com\/wp-docker\/wp-content\/uploads\/2020\/11\/unbenannt-02341-495x400.jpg 495w, https:\/\/www.tuicamper.com\/wp-docker\/wp-content\/uploads\/2020\/11\/unbenannt-02341-845x684.jpg 845w\" sizes=\"auto, (max-width: 495px) 100vw, 495px\" \/><\/div><\/a><\/div><\/div>\n\n<\/div><\/div><\/div><!-- close content main div --><\/div><\/div><div id='av_section_56'  class='avia-section av-jt5vrdgv-11-caa4a1092c3a8f4ba4b850fa57de364a main_color avia-section-default avia-no-border-styling  avia-builder-el-141  el_after_av_section  el_before_av_section  reduced-content avia-bg-style-scroll container_wrap sidebar_right'  ><div class='container av-section-cont-open' ><div class='template-page content  av-content-small alpha units'><div class='post-entry post-entry-type-page post-entry-6778'><div class='entry-content-wrapper clearfix'>\n\n<style type=\"text\/css\" data-created_by=\"avia_inline_auto\" id=\"style-css-av-1g5aou-13-1a18706a0ef14cc13bc9e04d2421952f\">\n.flex_column.av-1g5aou-13-1a18706a0ef14cc13bc9e04d2421952f{\nborder-radius:0px 0px 0px 0px;\npadding:0px 0px 0px 0px;\n}\n<\/style>\n<div  class='flex_column av-1g5aou-13-1a18706a0ef14cc13bc9e04d2421952f av_one_full  avia-builder-el-142  avia-builder-el-no-sibling  first flex_column_div av-zero-column-padding  '     ><section  class='av_textblock_section av-jt5tjyk0-12-ff532f40a434e75c79c6514bdb100cba '   itemscope=\"itemscope\" itemtype=\"https:\/\/schema.org\/BlogPosting\" itemprop=\"blogPost\" ><div class='avia_textblock'  itemprop=\"text\" ><p>Nicht ganz billig, daf\u00fcr komfortabel, bringt uns die F\u00e4hre der Reederei Finnlines in knapp 29 Stunden zur\u00fcck nach Deutschland. Nebst einem guten kulinarischen Angebot \u2013 buchen Sie online das Essenspaket &#8211; k\u00f6nnen Sie bei einem abendlichen Saunagang und einem Schlummertrunk die untergehende Sonne geniessen und die wunderbaren Erlebnisse der letzten Wochen Revue passieren lassen.<\/p>\n<\/div><\/section><\/div>\n\n<\/div><\/div><\/div><!-- close content main div --><\/div><\/div><div id='av_section_57'  class='avia-section av-jt5vrdgv-9-06978d48f47c0b2e0cde0fca8f77ea77 main_color avia-section-default avia-no-border-styling  avia-builder-el-144  el_after_av_section  el_before_av_section  reduced-content avia-bg-style-scroll container_wrap sidebar_right'  ><div class='container av-section-cont-open' ><div class='template-page content  av-content-small alpha units'><div class='post-entry post-entry-type-page post-entry-6778'><div class='entry-content-wrapper clearfix'>\n\n<style type=\"text\/css\" data-created_by=\"avia_inline_auto\" id=\"style-css-av-1g5aou-8-333a8aca8d60ad30096030bf70238cbb\">\n.flex_column.av-1g5aou-8-333a8aca8d60ad30096030bf70238cbb{\nborder-radius:0px 0px 0px 0px;\npadding:0px 0px 0px 0px;\n}\n<\/style>\n<div  class='flex_column av-1g5aou-8-333a8aca8d60ad30096030bf70238cbb av_one_full  avia-builder-el-145  avia-builder-el-no-sibling  first flex_column_div av-zero-column-padding  '     ><section  class='av_textblock_section av-jt5tjyk0-7-71fcb42b6edbb0f436e29a64ac82f192 '   itemscope=\"itemscope\" itemtype=\"https:\/\/schema.org\/BlogPosting\" itemprop=\"blogPost\" ><div class='avia_textblock'  itemprop=\"text\" ><p>Nicht ganz billig, daf\u00fcr komfortabel, bringt uns die F\u00e4hre der Reederei Finnlines in knapp 29 Stunden zur\u00fcck nach Deutschland. Nebst einem guten kulinarischen Angebot \u2013 buchen Sie online das Essenspaket &#8211; k\u00f6nnen Sie bei einem abendlichen Saunagang und einem Schlummertrunk die untergehende Sonne geniessen und die wunderbaren Erlebnisse der letzten Wochen Revue passieren lassen.<\/p>\n<\/div><\/section><\/div>\n\n<\/div><\/div><\/div><!-- close content main div --><\/div><\/div><div id='av_section_58'  class='avia-section av-jt5vrdgv-6-d6a7dc34d8bb54ec2eae97e6d7089bb7 main_color avia-section-default avia-no-border-styling  avia-builder-el-147  el_after_av_section  el_before_av_section  reduced-content avia-bg-style-scroll container_wrap sidebar_right'  ><div class='container av-section-cont-open' ><div class='template-page content  av-content-small alpha units'><div class='post-entry post-entry-type-page post-entry-6778'><div class='entry-content-wrapper clearfix'>\n\n<style type=\"text\/css\" data-created_by=\"avia_inline_auto\" id=\"style-css-av-kgt6zehk-10-158f34f48fa6bb5b65edbfcab327fc27\">\n#top .avia-gallery.av-kgt6zehk-10-158f34f48fa6bb5b65edbfcab327fc27 .avia-gallery-thumb a{\nwidth:100%;\n}\n<\/style>\n<div  class='avia-gallery av-kgt6zehk-10-158f34f48fa6bb5b65edbfcab327fc27 avia_animate_when_visible  avia-builder-el-148  avia-builder-el-no-sibling  animations_off avia-gallery-25'  itemprop=\"image\" itemscope=\"itemscope\" itemtype=\"https:\/\/schema.org\/ImageObject\" ><meta itemprop=\"contentURL\" content=\"https:\/\/www.tuicamper.com\/magazin\/mit-dem-camper-in-den-nordosten-europas\/\"><div class='avia-gallery-thumb'><a href=\"https:\/\/www.tuicamper.com\/wp-docker\/wp-content\/uploads\/2020\/11\/unbenannt-02236-1030x687.jpg\" data-srcset=\"https:\/\/www.tuicamper.com\/wp-docker\/wp-content\/uploads\/2020\/11\/unbenannt-02236-1030x687.jpg 1030w, https:\/\/www.tuicamper.com\/wp-docker\/wp-content\/uploads\/2020\/11\/unbenannt-02236-300x200.jpg 300w, https:\/\/www.tuicamper.com\/wp-docker\/wp-content\/uploads\/2020\/11\/unbenannt-02236-768x512.jpg 768w, https:\/\/www.tuicamper.com\/wp-docker\/wp-content\/uploads\/2020\/11\/unbenannt-02236-705x470.jpg 705w, https:\/\/www.tuicamper.com\/wp-docker\/wp-content\/uploads\/2020\/11\/unbenannt-02236.jpg 1440w\" data-sizes=\"(max-width: 1030px) 100vw, 1030px\" data-rel='gallery-25' data-prev-img='https:\/\/www.tuicamper.com\/wp-docker\/wp-content\/uploads\/2020\/11\/unbenannt-02236-495x400.jpg' class='first_thumb lightbox ' data-onclick='1' title='Romantischer Sonnenuntergang'  itemprop=\"thumbnailUrl\"  ><img decoding=\"async\" fetchpriority=\"high\" class=\"wp-image-6944 avia-img-lazy-loading-not-6944\"   src=\"https:\/\/www.tuicamper.com\/wp-docker\/wp-content\/uploads\/2020\/11\/unbenannt-02236-710x375.jpg\" width=\"710\" height=\"375\"  title='Romantischer Sonnenuntergang' alt='Romantischer Sonnenuntergang' \/><div class='big-prev-fake'><img decoding=\"async\" loading=\"lazy\" class=\"wp-image-6944 avia-img-lazy-loading-6944\"  width=\"495\" height=\"400\" src=\"https:\/\/www.tuicamper.com\/wp-docker\/wp-content\/uploads\/2020\/11\/unbenannt-02236-495x400.jpg\" title='Romantischer Sonnenuntergang' alt='Romantischer Sonnenuntergang' srcset=\"https:\/\/www.tuicamper.com\/wp-docker\/wp-content\/uploads\/2020\/11\/unbenannt-02236-495x400.jpg 495w, https:\/\/www.tuicamper.com\/wp-docker\/wp-content\/uploads\/2020\/11\/unbenannt-02236-845x684.jpg 845w\" sizes=\"auto, (max-width: 495px) 100vw, 495px\" \/><\/div><\/a><\/div><\/div>\n\n<\/div><\/div><\/div><!-- close content main div --><\/div><\/div><div id='bachmann'  class='avia-section av-jt6zgk4j-3a331a72a550ed1914e55e3e802c0eae main_color avia-section-default avia-no-border-styling  avia-builder-el-149  el_after_av_section  el_before_av_section  reduced-content border-box avia-bg-style-scroll container_wrap sidebar_right'  ><div class='container av-section-cont-open' ><div class='template-page content  av-content-small alpha units'><div class='post-entry post-entry-type-page post-entry-6778'><div class='entry-content-wrapper clearfix'>\n\n<style type=\"text\/css\" data-created_by=\"avia_inline_auto\" id=\"style-css-av-jt6z8pv5-03e9d03bf8b3de2c6dd005c3d864715f\">\n.flex_column.av-jt6z8pv5-03e9d03bf8b3de2c6dd005c3d864715f{\nborder-radius:0px 0px 0px 0px;\npadding:0px 0px 0px 0px;\n}\n<\/style>\n<div  class='flex_column av-jt6z8pv5-03e9d03bf8b3de2c6dd005c3d864715f av_one_full  avia-builder-el-150  el_before_av_one_full  avia-builder-el-first  first flex_column_div av-zero-column-padding  '     ><style type=\"text\/css\" data-created_by=\"avia_inline_auto\" id=\"style-css-av-jt6zdxfi-d6c602e8f8ea0fce658e016673dfad71\">\n#top .av_textblock_section.av-jt6zdxfi-d6c602e8f8ea0fce658e016673dfad71 .avia_textblock{\nfont-size:30px;\n}\n<\/style>\n<section  class='av_textblock_section av-jt6zdxfi-d6c602e8f8ea0fce658e016673dfad71 '   itemscope=\"itemscope\" itemtype=\"https:\/\/schema.org\/BlogPosting\" itemprop=\"blogPost\" ><div class='avia_textblock'  itemprop=\"text\" ><p>GASTBEITRAG VON MICHAEL BACHMANN<\/p>\n<\/div><\/section><\/div>\n<style type=\"text\/css\" data-created_by=\"avia_inline_auto\" id=\"style-css-av-jt6z8pv5-2-abf159dd3f686edba4594d82b2535355\">\n.flex_column.av-jt6z8pv5-2-abf159dd3f686edba4594d82b2535355{\nborder-radius:0px 0px 0px 0px;\npadding:0px 0px 0px 0px;\n}\n<\/style>\n<div  class='flex_column av-jt6z8pv5-2-abf159dd3f686edba4594d82b2535355 av_one_full  avia-builder-el-152  el_after_av_one_full  avia-builder-el-last  first flex_column_div av-zero-column-padding  column-top-margin'     ><section  class='av_textblock_section av-jt6zdxfi-1-ad31c666a6163cf4962cc5160230830c '   itemscope=\"itemscope\" itemtype=\"https:\/\/schema.org\/BlogPosting\" itemprop=\"blogPost\" ><div class='avia_textblock'  itemprop=\"text\" ><p><img loading=\"lazy\" decoding=\"async\" class=\"alignleft size-medium wp-image-6785\" src=\"https:\/\/www.tuicamper.com\/wp-docker\/wp-content\/uploads\/2020\/10\/bachmann-profil-300x225.jpg\" alt=\"Michael Bachmann\" width=\"300\" height=\"225\" srcset=\"https:\/\/www.tuicamper.com\/wp-docker\/wp-content\/uploads\/2020\/10\/bachmann-profil-300x225.jpg 300w, https:\/\/www.tuicamper.com\/wp-docker\/wp-content\/uploads\/2020\/10\/bachmann-profil-1030x773.jpg 1030w, https:\/\/www.tuicamper.com\/wp-docker\/wp-content\/uploads\/2020\/10\/bachmann-profil-768x576.jpg 768w, https:\/\/www.tuicamper.com\/wp-docker\/wp-content\/uploads\/2020\/10\/bachmann-profil-705x529.jpg 705w, https:\/\/www.tuicamper.com\/wp-docker\/wp-content\/uploads\/2020\/10\/bachmann-profil.jpg 1200w\" sizes=\"auto, (max-width: 300px) 100vw, 300px\" \/>Wenn ich nicht gerade als Produzent f\u00fcrs Schweizer Fernsehen arbeite, bin ich unterwegs auf diesem wunderbaren Planeten. Auf dem Wasser, in der Luft oder wie dieses Mal per Landweg. Ich liebe das Reisen auf eigene Faust. Mit Camper und Familie ein neues Land entdecken: Die Sch\u00f6nheiten der Natur. Die Stille. Die einzigartigen Tierwelten. Die unendlichen Weiten. Aber auch pulsierende St\u00e4dte und Kultursch\u00e4tze. Einen kleinen Vorgeschmack auf Ihr n\u00e4chstes Abenteuer finden Sie in diesem Artikel. Kommen Sie mit und erleben Sie zusammen mit mir den Nordosten Europas.<\/p>\n<\/div><\/section><\/div>\n\n<\/div><\/div><\/div><!-- close content main div --><\/div><\/div><div id='av_section_60'  class='avia-section av-jt5vrdgv-3-a1f4b84a13d7c5b59effd0b6befbee48 main_color avia-section-default avia-no-border-styling  avia-builder-el-154  el_after_av_section  avia-builder-el-last  reduced-content avia-bg-style-scroll container_wrap sidebar_right'  ><div class='container av-section-cont-open' ><div class='template-page content  av-content-small alpha units'><div class='post-entry post-entry-type-page post-entry-6778'><div class='entry-content-wrapper clearfix'>\n<div  class='avia-button-wrap av-ju2eusip-64abca6af0626dd838339c17ae80dcbe-wrap avia-button-center  avia-builder-el-155  el_before_av_one_full  avia-builder-el-first '><a href='https:\/\/www.tuicamper.com\/reiseziele\/europa\/deutschland\/'  class='avia-button av-ju2eusip-64abca6af0626dd838339c17ae80dcbe av-link-btn avia-icon_select-yes-right-icon avia-size-large avia-position-center avia-color-theme-color'   aria-label=\"Jetzt Wohnmobil mieten ab Deutschland\"><span class='avia_iconbox_title' >Jetzt Wohnmobil mieten ab Deutschland<\/span><span class='avia_button_icon avia_button_icon_right avia-iconfont avia-font-entypo-fontello' data-av_icon='\ue875' data-av_iconfont='entypo-fontello' ><\/span><\/a><\/div>\n\n<style type=\"text\/css\" data-created_by=\"avia_inline_auto\" id=\"style-css-av-1g5aou-5-33bf9caecc3153e04985c29a10571060\">\n.flex_column.av-1g5aou-5-33bf9caecc3153e04985c29a10571060{\nborder-radius:0px 0px 0px 0px;\npadding:0px 0px 0px 0px;\n}\n<\/style>\n<div  class='flex_column av-1g5aou-5-33bf9caecc3153e04985c29a10571060 av_one_full  avia-builder-el-156  el_after_av_button  el_before_av_social_share  first flex_column_div av-zero-column-padding  '     ><style type=\"text\/css\" data-created_by=\"avia_inline_auto\" id=\"style-css-av-jt5tjyk0-4-74ff3bcb50301c5903c2ecfd5b8a4f18\">\n#top .av_textblock_section.av-jt5tjyk0-4-74ff3bcb50301c5903c2ecfd5b8a4f18 .avia_textblock{\nfont-size:28px;\n}\n<\/style>\n<section  class='av_textblock_section av-jt5tjyk0-4-74ff3bcb50301c5903c2ecfd5b8a4f18 '   itemscope=\"itemscope\" itemtype=\"https:\/\/schema.org\/BlogPosting\" itemprop=\"blogPost\" ><div class='avia_textblock'  itemprop=\"text\" ><p><strong>Ihr TUI CAMPER-Team w\u00fcnscht Ihnen einen erlebnisreiche Reise in den Nordosten Europas!<\/strong><\/p>\n<\/div><\/section><\/div><div  class='av-social-sharing-box av-10zg8-8676a2d54b4a15bbf6c39a1c18f0815b av-social-sharing-box-default  avia-builder-el-158  el_after_av_one_full  avia-builder-el-last  av-social-sharing-box-fullwidth'><div class=\"av-share-box\"><ul class=\"av-share-box-list noLightbox\"><li class='av-share-link av-social-link-facebook avia_social_iconfont' ><a target=\"_blank\" aria-label=\"Teilen auf Facebook\" href='https:\/\/www.facebook.com\/sharer.php?u=https:\/\/www.tuicamper.com\/magazin\/mit-dem-camper-in-den-nordosten-europas\/&#038;t=Mit%20dem%20Camper%20in%20den%20Nordosten%20Europas' data-av_icon='\ue8f3' data-av_iconfont='entypo-fontello'  title='' data-avia-related-tooltip='Teilen auf Facebook'><span class='avia_hidden_link_text'>Teilen auf Facebook<\/span><\/a><\/li><li class='av-share-link av-social-link-twitter avia_social_iconfont' ><a target=\"_blank\" aria-label=\"Teilen auf X\" href='https:\/\/twitter.com\/share?text=Mit%20dem%20Camper%20in%20den%20Nordosten%20Europas&#038;url=https:\/\/www.tuicamper.com\/magazin\/mit-dem-camper-in-den-nordosten-europas\/' data-av_icon='\ue932' data-av_iconfont='entypo-fontello'  title='' data-avia-related-tooltip='Teilen auf X'><span class='avia_hidden_link_text'>Teilen auf X<\/span><\/a><\/li><li class='av-share-link av-social-link-whatsapp avia_social_iconfont' ><a target=\"_blank\" aria-label=\"Teilen auf WhatsApp\" href='https:\/\/api.whatsapp.com\/send?text=https:\/\/www.tuicamper.com\/magazin\/mit-dem-camper-in-den-nordosten-europas\/' data-av_icon='\uf232' data-av_iconfont='entypo-fontello'  title='' data-avia-related-tooltip='Teilen auf WhatsApp'><span class='avia_hidden_link_text'>Teilen auf WhatsApp<\/span><\/a><\/li><li class='av-share-link av-social-link-pinterest avia_social_iconfont' ><a target=\"_blank\" aria-label=\"Teilen auf Pinterest\" href='https:\/\/pinterest.com\/pin\/create\/button\/?url=https%3A%2F%2Fwww.tuicamper.com%2Fmagazin%2Fmit-dem-camper-in-den-nordosten-europas%2F&#038;description=Mit%20dem%20Camper%20in%20den%20Nordosten%20Europas&#038;media=https%3A%2F%2Fwww.tuicamper.com%2Fwp-docker%2Fwp-content%2Fuploads%2F2020%2F10%2Fnordosten-europa-705x269.jpg' data-av_icon='\ue8f8' data-av_iconfont='entypo-fontello'  title='' data-avia-related-tooltip='Teilen auf Pinterest'><span class='avia_hidden_link_text'>Teilen auf Pinterest<\/span><\/a><\/li><li class='av-share-link av-social-link-mail avia_social_iconfont' ><a  aria-label=\"Per E-Mail teilen\" href='mailto:?subject=Mit%20dem%20Camper%20in%20den%20Nordosten%20Europas&#038;body=https:\/\/www.tuicamper.com\/magazin\/mit-dem-camper-in-den-nordosten-europas\/' data-av_icon='\ue805' data-av_iconfont='entypo-fontello'  title='' data-avia-related-tooltip='Per E-Mail teilen'><span class='avia_hidden_link_text'>Per E-Mail teilen<\/span><\/a><\/li><\/ul><\/div><\/div>\n<\/div><\/div><\/div><!-- close content main div --><\/div><\/div><div id='after_section_60'  class='main_color av_default_container_wrap container_wrap sidebar_right'  ><div class='container av-section-cont-open' ><div class='template-page content  av-content-small alpha units'><div class='post-entry post-entry-type-page post-entry-6778'><div class='entry-content-wrapper clearfix'>\n","protected":false},"excerpt":{"rendered":"<p>Kommen Sie mit auf eine Wohnmobilreise in den Nordosten Europas: Abenteuer, interessante St\u00e4dtebesuche, kulturelle Begegnungen und Natur pur.<\/p>\n","protected":false},"author":3,"featured_media":6780,"comment_status":"open","ping_status":"open","sticky":false,"template":"","format":"standard","meta":{"footnotes":""},"categories":[33],"tags":[79,40,72,50,42,23],"class_list":["post-6778","post","type-post","status-publish","format-standard","has-post-thumbnail","hentry","category-reisethema","tag-estland","tag-familie","tag-finnland","tag-natur","tag-paare","tag-polen"],"yoast_head":"<!-- This site is optimized with the Yoast SEO plugin v27.4 - https:\/\/yoast.com\/product\/yoast-seo-wordpress\/ -->\n<title>Mit dem Camper in den Nordosten Europas - TUI Camper Magazin<\/title>\n<meta name=\"description\" content=\"Kommen Sie mit auf eine Wohnmobilreise in den Nordosten Europas: Abenteuer, interessante St\u00e4dtebesuche, kulturelle Begegnungen und Natur pur.\" \/>\n<meta name=\"robots\" content=\"index, follow, max-snippet:-1, max-image-preview:large, max-video-preview:-1\" \/>\n<link rel=\"canonical\" href=\"https:\/\/www.tuicamper.com\/magazin\/mit-dem-camper-in-den-nordosten-europas\/\" \/>\n<meta property=\"og:locale\" content=\"de_DE\" \/>\n<meta property=\"og:type\" content=\"article\" \/>\n<meta property=\"og:title\" content=\"Mit dem Camper in den Nordosten Europas - TUI Camper Magazin\" \/>\n<meta property=\"og:description\" content=\"Kommen Sie mit auf eine Wohnmobilreise in den Nordosten Europas: Abenteuer, interessante St\u00e4dtebesuche, kulturelle Begegnungen und Natur pur.\" \/>\n<meta property=\"og:url\" content=\"https:\/\/www.tuicamper.com\/magazin\/mit-dem-camper-in-den-nordosten-europas\/\" \/>\n<meta property=\"og:site_name\" content=\"TUI Camper Magazin\" \/>\n<meta property=\"article:published_time\" content=\"2020-11-18T10:17:45+00:00\" \/>\n<meta property=\"article:modified_time\" content=\"2024-03-01T14:00:46+00:00\" \/>\n<meta property=\"og:image\" content=\"https:\/\/www.tuicamper.com\/wp-docker\/wp-content\/uploads\/2020\/10\/nordosten-europa.jpg\" \/>\n\t<meta property=\"og:image:width\" content=\"1310\" \/>\n\t<meta property=\"og:image:height\" content=\"500\" \/>\n\t<meta property=\"og:image:type\" content=\"image\/jpeg\" \/>\n<meta name=\"author\" content=\"S\u00f6ren Cortekar\" \/>\n<meta name=\"twitter:card\" content=\"summary_large_image\" \/>\n<meta name=\"twitter:label1\" content=\"Verfasst von\" \/>\n\t<meta name=\"twitter:data1\" content=\"S\u00f6ren Cortekar\" \/>\n\t<meta name=\"twitter:label2\" content=\"Gesch\u00e4tzte Lesezeit\" \/>\n\t<meta name=\"twitter:data2\" content=\"35\u00a0Minuten\" \/>\n<!-- \/ Yoast SEO plugin. -->","yoast_head_json":{"title":"Mit dem Camper in den Nordosten Europas - TUI Camper Magazin","description":"Kommen Sie mit auf eine Wohnmobilreise in den Nordosten Europas: Abenteuer, interessante St\u00e4dtebesuche, kulturelle Begegnungen und Natur pur.","robots":{"index":"index","follow":"follow","max-snippet":"max-snippet:-1","max-image-preview":"max-image-preview:large","max-video-preview":"max-video-preview:-1"},"canonical":"https:\/\/www.tuicamper.com\/magazin\/mit-dem-camper-in-den-nordosten-europas\/","og_locale":"de_DE","og_type":"article","og_title":"Mit dem Camper in den Nordosten Europas - TUI Camper Magazin","og_description":"Kommen Sie mit auf eine Wohnmobilreise in den Nordosten Europas: Abenteuer, interessante St\u00e4dtebesuche, kulturelle Begegnungen und Natur pur.","og_url":"https:\/\/www.tuicamper.com\/magazin\/mit-dem-camper-in-den-nordosten-europas\/","og_site_name":"TUI Camper Magazin","article_published_time":"2020-11-18T10:17:45+00:00","article_modified_time":"2024-03-01T14:00:46+00:00","og_image":[{"width":1310,"height":500,"url":"https:\/\/www.tuicamper.com\/wp-docker\/wp-content\/uploads\/2020\/10\/nordosten-europa.jpg","type":"image\/jpeg"}],"author":"S\u00f6ren Cortekar","twitter_card":"summary_large_image","twitter_misc":{"Verfasst von":"S\u00f6ren Cortekar","Gesch\u00e4tzte Lesezeit":"35\u00a0Minuten"},"schema":{"@context":"https:\/\/schema.org","@graph":[{"@type":"Article","@id":"https:\/\/www.tuicamper.com\/magazin\/mit-dem-camper-in-den-nordosten-europas\/#article","isPartOf":{"@id":"https:\/\/www.tuicamper.com\/magazin\/mit-dem-camper-in-den-nordosten-europas\/"},"author":{"name":"S\u00f6ren Cortekar","@id":"https:\/\/www.tuicamper.com\/wp-docker\/#\/schema\/person\/a9ad15b73e3b6169a6c4a794a58d1ea6"},"headline":"Mit dem Camper in den Nordosten Europas","datePublished":"2020-11-18T10:17:45+00:00","dateModified":"2024-03-01T14:00:46+00:00","mainEntityOfPage":{"@id":"https:\/\/www.tuicamper.com\/magazin\/mit-dem-camper-in-den-nordosten-europas\/"},"wordCount":13728,"commentCount":0,"image":{"@id":"https:\/\/www.tuicamper.com\/magazin\/mit-dem-camper-in-den-nordosten-europas\/#primaryimage"},"thumbnailUrl":"https:\/\/www.tuicamper.com\/wp-docker\/wp-content\/uploads\/2020\/10\/nordosten-europa.jpg","keywords":["Estland","Familie","Finnland","Natur","Paare","Polen"],"articleSection":["Reisethema"],"inLanguage":"de","potentialAction":[{"@type":"CommentAction","name":"Comment","target":["https:\/\/www.tuicamper.com\/magazin\/mit-dem-camper-in-den-nordosten-europas\/#respond"]}]},{"@type":"WebPage","@id":"https:\/\/www.tuicamper.com\/magazin\/mit-dem-camper-in-den-nordosten-europas\/","url":"https:\/\/www.tuicamper.com\/magazin\/mit-dem-camper-in-den-nordosten-europas\/","name":"Mit dem Camper in den Nordosten Europas - TUI Camper Magazin","isPartOf":{"@id":"https:\/\/www.tuicamper.com\/#website"},"primaryImageOfPage":{"@id":"https:\/\/www.tuicamper.com\/magazin\/mit-dem-camper-in-den-nordosten-europas\/#primaryimage"},"image":{"@id":"https:\/\/www.tuicamper.com\/magazin\/mit-dem-camper-in-den-nordosten-europas\/#primaryimage"},"thumbnailUrl":"https:\/\/www.tuicamper.com\/wp-content\/uploads\/2020\/10\/nordosten-europa.jpg","datePublished":"2020-11-18T10:17:45+00:00","dateModified":"2024-03-01T14:00:46+00:00","author":{"@id":"https:\/\/www.tuicamper.com\/#\/schema\/person\/a9ad15b73e3b6169a6c4a794a58d1ea6"},"description":"Kommen Sie mit auf eine Wohnmobilreise in den Nordosten Europas: Abenteuer, interessante St\u00e4dtebesuche, kulturelle Begegnungen und Natur pur.","breadcrumb":{"@id":"https:\/\/www.tuicamper.com\/magazin\/mit-dem-camper-in-den-nordosten-europas\/#breadcrumb"},"inLanguage":"de","potentialAction":["Array"]},{"@type":"ImageObject","inLanguage":"de","@id":"https:\/\/www.tuicamper.com\/magazin\/mit-dem-camper-in-den-nordosten-europas\/#primaryimage","url":"https:\/\/www.tuicamper.com\/wp-docker\/wp-content\/uploads\/2020\/10\/nordosten-europa.jpg","contentUrl":"https:\/\/www.tuicamper.com\/wp-docker\/wp-content\/uploads\/2020\/10\/nordosten-europa.jpg","width":1310,"height":500,"caption":"Nordosten Europa"},{"@type":"BreadcrumbList","@id":"https:\/\/www.tuicamper.com\/magazin\/mit-dem-camper-in-den-nordosten-europas\/#breadcrumb","itemListElement":[{"@type":"ListItem","position":1,"name":"Startseite","item":"https:\/\/www.tuicamper.com\/wp-docker\/"},{"@type":"ListItem","position":2,"name":"Mit dem Camper in den Nordosten Europas"}]},{"@type":"WebSite","@id":"https:\/\/www.tuicamper.com\/#website","url":"https:\/\/www.tuicamper.com\/","name":"TUI Camper Magazin","description":"","potentialAction":["Array"],"inLanguage":"de"},{"@type":"Person","@id":"https:\/\/www.tuicamper.com\/wp-docker\/#\/schema\/person\/a9ad15b73e3b6169a6c4a794a58d1ea6","name":"S\u00f6ren Cortekar","image":{"@type":"ImageObject","inLanguage":"de","@id":"https:\/\/secure.gravatar.com\/avatar\/399f9c9096d84e9147b61735bfa53689fd2add8aa9c074669869e4c106f7df59?s=96&d=mm&r=g","url":"https:\/\/secure.gravatar.com\/avatar\/399f9c9096d84e9147b61735bfa53689fd2add8aa9c074669869e4c106f7df59?s=96&d=mm&r=g","contentUrl":"https:\/\/secure.gravatar.com\/avatar\/399f9c9096d84e9147b61735bfa53689fd2add8aa9c074669869e4c106f7df59?s=96&d=mm&r=g","caption":"S\u00f6ren Cortekar"},"url":"https:\/\/www.tuicamper.com\/wp-docker\/magazin\/author\/soeren-cortekar\/"}]}},"_links":{"self":[{"href":"https:\/\/www.tuicamper.com\/wp-docker\/wp-json\/wp\/v2\/posts\/6778","targetHints":{"allow":["GET"]}}],"collection":[{"href":"https:\/\/www.tuicamper.com\/wp-docker\/wp-json\/wp\/v2\/posts"}],"about":[{"href":"https:\/\/www.tuicamper.com\/wp-docker\/wp-json\/wp\/v2\/types\/post"}],"author":[{"embeddable":true,"href":"https:\/\/www.tuicamper.com\/wp-docker\/wp-json\/wp\/v2\/users\/3"}],"replies":[{"embeddable":true,"href":"https:\/\/www.tuicamper.com\/wp-docker\/wp-json\/wp\/v2\/comments?post=6778"}],"version-history":[{"count":104,"href":"https:\/\/www.tuicamper.com\/wp-docker\/wp-json\/wp\/v2\/posts\/6778\/revisions"}],"predecessor-version":[{"id":87510,"href":"https:\/\/www.tuicamper.com\/wp-docker\/wp-json\/wp\/v2\/posts\/6778\/revisions\/87510"}],"wp:featuredmedia":[{"embeddable":true,"href":"https:\/\/www.tuicamper.com\/wp-docker\/wp-json\/wp\/v2\/media\/6780"}],"wp:attachment":[{"href":"https:\/\/www.tuicamper.com\/wp-docker\/wp-json\/wp\/v2\/media?parent=6778"}],"wp:term":[{"taxonomy":"category","embeddable":true,"href":"https:\/\/www.tuicamper.com\/wp-docker\/wp-json\/wp\/v2\/categories?post=6778"},{"taxonomy":"post_tag","embeddable":true,"href":"https:\/\/www.tuicamper.com\/wp-docker\/wp-json\/wp\/v2\/tags?post=6778"}],"curies":[{"name":"wp","href":"https:\/\/api.w.org\/{rel}","templated":true}]}}