{"id":5955,"date":"2020-07-22T13:45:16","date_gmt":"2020-07-22T11:45:16","guid":{"rendered":"https:\/\/www.tuicamper.com\/wp-docker\/?p=5955"},"modified":"2023-11-08T10:37:35","modified_gmt":"2023-11-08T09:37:35","slug":"polarlichter-sehen","status":"publish","type":"post","link":"https:\/\/www.tuicamper.com\/magazin\/polarlichter-sehen\/","title":{"rendered":"Polarlichter sehen: Wann und wo ist das Polarlicht am sch\u00f6nsten?"},"content":{"rendered":"<div id='av_section_1'  class='avia-section av-jt5vrdgv-4386718e65b314e69682ca60ae604601 main_color avia-section-default avia-no-border-styling  avia-builder-el-0  el_before_av_textblock  avia-builder-el-first  reduced-content avia-bg-style-scroll container_wrap sidebar_right'  ><div class='container av-section-cont-open' ><main  role=\"main\" itemprop=\"mainContentOfPage\"  class='template-page content  av-content-small alpha units'><div class='post-entry post-entry-type-page post-entry-5955'><div class='entry-content-wrapper clearfix'>\n\n<style type=\"text\/css\" data-created_by=\"avia_inline_auto\" id=\"style-css-av-1g5aou-6e8505d9de1136ce38f66b0d0e5d2a36\">\n.flex_column.av-1g5aou-6e8505d9de1136ce38f66b0d0e5d2a36{\nborder-radius:0px 0px 0px 0px;\npadding:0px 0px 0px 0px;\n}\n<\/style>\n<div  class='flex_column av-1g5aou-6e8505d9de1136ce38f66b0d0e5d2a36 av_one_full  avia-builder-el-1  avia-builder-el-no-sibling  first flex_column_div av-zero-column-padding  '     ><section  class='av_textblock_section av-jt5tjyk0-3c3ad3c49a2fedf7b0c26b6227895b8a '   itemscope=\"itemscope\" itemtype=\"https:\/\/schema.org\/BlogPosting\" itemprop=\"blogPost\" ><div class='avia_textblock'  itemprop=\"text\" ><p>Egal ob auf der Nord- oder S\u00fcdhalbkugel: Polarlichter \u00fcben seit jeher eine unwiderstehliche Faszination auf die Menschen aus. Das n\u00e4chtliche Himmelswunder hat zweifellos etwas Magisches an sich \u2013 und lockt Polarlichtj\u00e4ger rund um den Globus an. Warum also nicht den n\u00e4chsten Camper-Urlaub mit einer Polarlichtwanderung verbinden? Wir zeigen Ihnen, wo sich das zauberhafte Lichterspiel regelm\u00e4\u00dfig in seiner vollen Pracht entfaltet.<\/p>\n<\/div><\/section><\/div>\n<\/div><\/div><\/main><!-- close content main element --><\/div><\/div><div id='after_section_1'  class='main_color av_default_container_wrap container_wrap sidebar_right'  ><div class='container av-section-cont-open' ><div class='template-page content  av-content-small alpha units'><div class='post-entry post-entry-type-page post-entry-5955'><div class='entry-content-wrapper clearfix'>\n<section  class='av_textblock_section av-jtpqpty6-550c066a997ebaf648fccc87d0b9ff16 '   itemscope=\"itemscope\" itemtype=\"https:\/\/schema.org\/BlogPosting\" itemprop=\"blogPost\" ><div class='avia_textblock'  itemprop=\"text\" >\n<\/div><\/section>\n<\/div><\/div><\/div><!-- close content main div --><\/div><\/div><div id='av_section_2'  class='avia-section av-jt5vrdgv-48-851c406f7b731e7bd921b145378987a5 main_color avia-section-default avia-no-border-styling  avia-builder-el-4  el_after_av_textblock  el_before_av_section  reduced-content avia-bg-style-scroll container_wrap sidebar_right'  ><div class='container av-section-cont-open' ><div class='template-page content  av-content-small alpha units'><div class='post-entry post-entry-type-page post-entry-5955'><div class='entry-content-wrapper clearfix'>\n<section  class='av_textblock_section av-jt5tjyk0-46-d58cfd5dbef575dcef13e8d58309b277 '   itemscope=\"itemscope\" itemtype=\"https:\/\/schema.org\/BlogPosting\" itemprop=\"blogPost\" ><div class='avia_textblock'  itemprop=\"text\" ><div id=\"js-table-of-contents\">\r\n    <strong>Inhaltsverzeichnis<\/strong>\r\n<\/div>\n<\/div><\/section>\n\n<\/div><\/div><\/div><!-- close content main div --><\/div><\/div><div id='av_section_3'  class='avia-section av-jt5vrdgv-44-6813085b3b2d1d7867ed07a27e04e53a main_color avia-section-default avia-no-border-styling  avia-builder-el-6  el_after_av_section  el_before_av_section  reduced-content avia-bg-style-scroll container_wrap sidebar_right'  ><div class='container av-section-cont-open' ><div class='template-page content  av-content-small alpha units'><div class='post-entry post-entry-type-page post-entry-5955'><div class='entry-content-wrapper clearfix'>\n\n<style type=\"text\/css\" data-created_by=\"avia_inline_auto\" id=\"style-css-av-1g5aou-47-a94f7c716970c43803137214c88fa82a\">\n.flex_column.av-1g5aou-47-a94f7c716970c43803137214c88fa82a{\nborder-radius:0px 0px 0px 0px;\npadding:0px 0px 0px 0px;\n}\n<\/style>\n<div  class='flex_column av-1g5aou-47-a94f7c716970c43803137214c88fa82a av_one_full  avia-builder-el-7  avia-builder-el-no-sibling  first flex_column_div av-zero-column-padding  '     ><section  class='av_textblock_section av-jt5tjyk0-43-d509f14fa746d2ae9afbb6d2a6dc3c3d '   itemscope=\"itemscope\" itemtype=\"https:\/\/schema.org\/BlogPosting\" itemprop=\"blogPost\" ><div class='avia_textblock'  itemprop=\"text\" ><h2>Was sind Polarlichter?<\/h2>\n<p>Meist tanzen sie gr\u00fcn oder rot, manchmal aber auch violett, blau, gelb oder rosa \u00fcber den Nachthimmel: Polarlichter geh\u00f6ren zweifellos zu den sch\u00f6nsten Naturspektakeln, die unser Planet zu bieten hat. Wie ihr Name nahelegt, treten sie vor allem in den Polregionen auf. W\u00e4hrend Sie auf der Nordhalbkugel unter dem wissenschaftlichen Namen Aurora borealis bekannt sind, spricht man bei auf der S\u00fcdhalbkugel auftretenden Polarlichtern von Aurora australis. Verantwortlich f\u00fcr die faszinierende Leuchterscheinung sind Sonnenwinde mit energiegeladenen Teilchen, die \u2013 abgelenkt durch das Magnetfeld der Erde \u2013 in den Polregionen auf die Erdatmosph\u00e4re treffen und mit den Atomen der Erde in \u00fcber 100 Kilometern H\u00f6he reagieren.<\/p>\n<\/div><\/section><\/div>\n\n<\/div><\/div><\/div><!-- close content main div --><\/div><\/div><div id='av_section_4'  class='avia-section av-jt5vrdgv-42-e26a8b1102a50e18af393b4537c441c3 main_color avia-section-default avia-no-border-styling  avia-builder-el-9  el_after_av_section  el_before_av_section  reduced-content avia-bg-style-scroll container_wrap sidebar_right'  ><div class='container av-section-cont-open' ><div class='template-page content  av-content-small alpha units'><div class='post-entry post-entry-type-page post-entry-5955'><div class='entry-content-wrapper clearfix'>\n\n<style type=\"text\/css\" data-created_by=\"avia_inline_auto\" id=\"style-css-av-1g5aou-41-62b31bd9098e15941a6f4e713984d585\">\n.flex_column.av-1g5aou-41-62b31bd9098e15941a6f4e713984d585{\nborder-radius:0px 0px 0px 0px;\npadding:0px 0px 0px 0px;\n}\n<\/style>\n<div  class='flex_column av-1g5aou-41-62b31bd9098e15941a6f4e713984d585 av_one_full  avia-builder-el-10  avia-builder-el-no-sibling  first flex_column_div av-zero-column-padding  '     ><section  class='av_textblock_section av-jt5tjyk0-40-7b9ad441bd1fd3b034b5d517d525f535 '   itemscope=\"itemscope\" itemtype=\"https:\/\/schema.org\/BlogPosting\" itemprop=\"blogPost\" ><div class='avia_textblock'  itemprop=\"text\" ><h2>Wann und wo kann man Polarlichter am besten beobachten?<\/h2>\n<p>Prinzipiell gilt: Je n\u00e4her Sie sich dem Nord- oder S\u00fcdpol n\u00e4hern, desto h\u00f6her sind die Chancen, Polarlichter zu sehen. Um das atemberaubende Himmelsspektakel mit hoher Wahrscheinlichkeit bestaunen zu k\u00f6nnen, m\u00fcssen aber mehrere Faktoren zusammenkommen.<\/p>\n<ol>\n<li>Sie befinden sich in Poln\u00e4he \u2013 in L\u00e4ndern innerhalb des sogenannten Polarlichtovals.<\/li>\n<li>Als beste Monate f\u00fcr die Polarlichtjagd gelten September, Oktober, Februar und M\u00e4rz.<\/li>\n<li>Da Polarlichter in H\u00f6hen weit \u00fcber der Wolkendecke auftreten, muss auch das Wetter mitspielen.<\/li>\n<\/ol>\n<p><strong>Tipp<\/strong>: Nutzen Sie Vorhersage-Apps, um Ihre Chancen auf eine Sichtung der spektakul\u00e4ren Polarlichter zu erh\u00f6hen. So zeigt z.B. die App <strong>Hello Aurora<\/strong> zweier isl\u00e4ndischer Erfinder weltweit an, ob am eigenen Standort die spektakul\u00e4ren Lichter zu sehen sein werden (<a href=\"https:\/\/apps.apple.com\/us\/app\/hello-aurora-forecast-app\/id1457810302\" target=\"_blank\" rel=\"noopener\">iOS<\/a>\/<a href=\"https:\/\/play.google.com\/store\/apps\/details?id=com.helloaurora\" target=\"_blank\" rel=\"noopener\">Android<\/a>).<\/p>\n<\/div><\/section><\/div>\n\n<\/div><\/div><\/div><!-- close content main div --><\/div><\/div><div id='av_section_5'  class='avia-section av-jt5vrdgv-39-6d043fa432e62d394165746833abde27 main_color avia-section-default avia-no-border-styling  avia-builder-el-12  el_after_av_section  el_before_av_section  reduced-content avia-bg-style-scroll container_wrap sidebar_right'  ><div class='container av-section-cont-open' ><div class='template-page content  av-content-small alpha units'><div class='post-entry post-entry-type-page post-entry-5955'><div class='entry-content-wrapper clearfix'>\n\n<style type=\"text\/css\" data-created_by=\"avia_inline_auto\" id=\"style-css-av-1g5aou-38-ca7aefb1441eee36d099a2acc196d2a7\">\n.flex_column.av-1g5aou-38-ca7aefb1441eee36d099a2acc196d2a7{\nborder-radius:0px 0px 0px 0px;\npadding:0px 0px 0px 0px;\n}\n<\/style>\n<div  class='flex_column av-1g5aou-38-ca7aefb1441eee36d099a2acc196d2a7 av_one_full  avia-builder-el-13  avia-builder-el-no-sibling  first flex_column_div av-zero-column-padding  '     ><section  class='av_textblock_section av-jt5tjyk0-37-9a8c9be5be24ceeef2a679f3af1ea267 '   itemscope=\"itemscope\" itemtype=\"https:\/\/schema.org\/BlogPosting\" itemprop=\"blogPost\" ><div class='avia_textblock'  itemprop=\"text\" ><h2>Hier ist das Polarlicht am sch\u00f6nsten<\/h2>\n<p>Verschiedene L\u00e4nder befinden sich innerhalb des Polarlichtovals \u2013 und bieten entsprechend gro\u00dfe Chancen die tanzenden Himmelslichter im Wohnmobil-Urlaub erblicken zu k\u00f6nnen. Wir stellen Ihnen die vielversprechendsten Orte f\u00fcr die Polarlichtjagd vor.<\/p>\n<\/div><\/section><\/div>\n\n<\/div><\/div><\/div><!-- close content main div --><\/div><\/div><div id='av_section_6'  class='avia-section av-jt5vrdgv-36-9a549bfc67a1df3dff965122828c9125 main_color avia-section-default avia-no-border-styling  avia-builder-el-15  el_after_av_section  el_before_av_section  reduced-content avia-bg-style-scroll container_wrap sidebar_right'  ><div class='container av-section-cont-open' ><div class='template-page content  av-content-small alpha units'><div class='post-entry post-entry-type-page post-entry-5955'><div class='entry-content-wrapper clearfix'>\n\n<style type=\"text\/css\" data-created_by=\"avia_inline_auto\" id=\"style-css-av-1g5aou-35-0a4e4d2b2f8e0f41f826c7dfac27831b\">\n.flex_column.av-1g5aou-35-0a4e4d2b2f8e0f41f826c7dfac27831b{\nborder-radius:0px 0px 0px 0px;\npadding:0px 0px 0px 0px;\n}\n<\/style>\n<div  class='flex_column av-1g5aou-35-0a4e4d2b2f8e0f41f826c7dfac27831b av_one_full  avia-builder-el-16  avia-builder-el-no-sibling  first flex_column_div av-zero-column-padding  '     ><section  class='av_textblock_section av-jt5tjyk0-34-d602beb4041a175097eab4c8eab7947d '   itemscope=\"itemscope\" itemtype=\"https:\/\/schema.org\/BlogPosting\" itemprop=\"blogPost\" ><div class='avia_textblock'  itemprop=\"text\" ><h3>Norwegen<\/h3>\n<p>Der Klassiker unter den Polarlicht-Touren: <a href=\"https:\/\/www.tuicamper.com\/reiseziele\/europa\/norwegen\/\">Norwegen<\/a>. An zahlreichen Orten zeigen sich die Nordlichter von ihrer sch\u00f6nsten Seite. Geradezu ber\u00fchmt f\u00fcr die schillernden Himmelslichter ist Troms\u00f6. Rund um die Stadt n\u00f6rdlich des Polarkreises ist das Sichten von Polarlichtern zu den Hochzeiten zwischen September und Oktober sowie zwischen Februar und M\u00e4rz fast garantiert. Nicht ohne Grund werden in der Stadt etliche Polarlichtwanderungen angeboten.<\/p>\n<p>Praktisch: Etwas s\u00fcdlich von Troms\u00f6 k\u00f6nnen Sie\u00a0 auch gleich Ihr Wohnmobil in <a href=\"https:\/\/www.tuicamper.com\/reiseziele\/europa\/norwegen\/bjerkvik\/\">Bjerkvik<\/a> in Empfang nehmen.<\/p>\n<p><strong>Tipp<\/strong>: Mit <a href=\"https:\/\/tromsolodgeandcamping.no\/\" target=\"_blank\" rel=\"nofollow noopener\">Troms\u00f6 Camping<\/a> finden Sie vor den Toren der Stadt einen empfehlenswerten Campingplatz vor.<\/p>\n<\/div><\/section><\/div>\n\n<\/div><\/div><\/div><!-- close content main div --><\/div><\/div><div id='av_section_7'  class='avia-section av-b7gvl-1eb57de5f7b7a94c40602e8cf977ebb0 main_color avia-section-default avia-no-border-styling  avia-builder-el-18  el_after_av_section  el_before_av_section  reduced-content avia-bg-style-scroll container_wrap sidebar_right'  ><div class='container av-section-cont-open' ><div class='template-page content  av-content-small alpha units'><div class='post-entry post-entry-type-page post-entry-5955'><div class='entry-content-wrapper clearfix'>\n\n<style type=\"text\/css\" data-created_by=\"avia_inline_auto\" id=\"style-css-av-jtplvt5k-20d5999cb39005006fd0fbd4a6979d6e\">\n.avia-image-container.av-jtplvt5k-20d5999cb39005006fd0fbd4a6979d6e img.avia_image{\nbox-shadow:none;\n}\n.avia-image-container.av-jtplvt5k-20d5999cb39005006fd0fbd4a6979d6e .av-caption-image-overlay-bg{\nopacity:0.4;\nbackground-color:#000000;\n}\n.avia-image-container.av-jtplvt5k-20d5999cb39005006fd0fbd4a6979d6e .av-image-caption-overlay-center{\ncolor:#ffffff;\n}\n<\/style>\n<div  class='avia-image-container av-jtplvt5k-20d5999cb39005006fd0fbd4a6979d6e av-styling- av-img-linked avia_animated_image av-animated-when-visible-95 fade-in avia-align-center  avia-builder-el-19  el_before_av_hr  avia-builder-el-first  noHover av-overlay-on-hover'   itemprop=\"image\" itemscope=\"itemscope\" itemtype=\"https:\/\/schema.org\/ImageObject\" ><div class=\"avia-image-container-inner\"><div class=\"avia-image-overlay-wrap\"><a href=\"https:\/\/www.tuicamper.com\/wp-docker\/wp-content\/uploads\/2020\/03\/nordlichtwr-norwegen-1030x579.jpg\" data-srcset=\"https:\/\/www.tuicamper.com\/wp-docker\/wp-content\/uploads\/2020\/03\/nordlichtwr-norwegen-1030x579.jpg 1030w, https:\/\/www.tuicamper.com\/wp-docker\/wp-content\/uploads\/2020\/03\/nordlichtwr-norwegen-300x169.jpg 300w, https:\/\/www.tuicamper.com\/wp-docker\/wp-content\/uploads\/2020\/03\/nordlichtwr-norwegen-768x431.jpg 768w, https:\/\/www.tuicamper.com\/wp-docker\/wp-content\/uploads\/2020\/03\/nordlichtwr-norwegen-705x396.jpg 705w, https:\/\/www.tuicamper.com\/wp-docker\/wp-content\/uploads\/2020\/03\/nordlichtwr-norwegen.jpg 1280w\" data-sizes=\"(max-width: 1030px) 100vw, 1030px\" class='avia_image '  aria-label='Nordlichter in Norwegen'><div class=\"av-image-caption-overlay\"><div class=\"av-caption-image-overlay-bg\"><\/div><div class=\"av-image-caption-overlay-position\"><div class=\"av-image-caption-overlay-center\"><p>Wundersch\u00f6ne Nordlichter in Norwegen<\/p>\n<\/div><\/div><\/div><img decoding=\"async\" fetchpriority=\"high\" class='wp-image-5957 avia-img-lazy-loading-not-5957 avia_image ' src=\"https:\/\/www.tuicamper.com\/wp-docker\/wp-content\/uploads\/2020\/03\/nordlichtwr-norwegen-1280x630.jpg\" alt='Nordlichter in Norwegen' title='Nordlichter in Norwegen'  height=\"630\" width=\"1280\"  itemprop=\"thumbnailUrl\"  \/><\/a><\/div><\/div><\/div>\n\n<style type=\"text\/css\" data-created_by=\"avia_inline_auto\" id=\"style-css-av-jwj918c3-315e0fede61d05e0c478b80905e3cec5\">\n#top .hr.hr-invisible.av-jwj918c3-315e0fede61d05e0c478b80905e3cec5{\nheight:25px;\n}\n<\/style>\n<div  class='hr av-jwj918c3-315e0fede61d05e0c478b80905e3cec5 hr-invisible  avia-builder-el-20  el_after_av_image  avia-builder-el-last '><span class='hr-inner '><span class=\"hr-inner-style\"><\/span><\/span><\/div>\n\n<\/div><\/div><\/div><!-- close content main div --><\/div><\/div><div id='av_section_8'  class='avia-section av-jt5vrdgv-33-c74ad57ddd0bfbcbf42924ea1a02988a main_color avia-section-default avia-no-border-styling  avia-builder-el-21  el_after_av_section  el_before_av_section  reduced-content avia-bg-style-scroll container_wrap sidebar_right'  ><div class='container av-section-cont-open' ><div class='template-page content  av-content-small alpha units'><div class='post-entry post-entry-type-page post-entry-5955'><div class='entry-content-wrapper clearfix'>\n\n<style type=\"text\/css\" data-created_by=\"avia_inline_auto\" id=\"style-css-av-1g5aou-32-91e1107bdb8a6e178d9ff71d539c75ad\">\n.flex_column.av-1g5aou-32-91e1107bdb8a6e178d9ff71d539c75ad{\nborder-radius:0px 0px 0px 0px;\npadding:0px 0px 0px 0px;\n}\n<\/style>\n<div  class='flex_column av-1g5aou-32-91e1107bdb8a6e178d9ff71d539c75ad av_one_full  avia-builder-el-22  avia-builder-el-no-sibling  first flex_column_div av-zero-column-padding  '     ><section  class='av_textblock_section av-jt5tjyk0-31-3c630faf633e99305aa080715cd8296e '   itemscope=\"itemscope\" itemtype=\"https:\/\/schema.org\/BlogPosting\" itemprop=\"blogPost\" ><div class='avia_textblock'  itemprop=\"text\" ><h3>Schweden<\/h3>\n<p>Mindestens ebenso spektakul\u00e4r wie in Norwegen pr\u00e4sentieren sich die Polarlichter im Nachbarland <a href=\"https:\/\/www.tuicamper.com\/reiseziele\/europa\/schweden\/\">Schweden<\/a>. Absoluter Polarlicht Hotspot: Das Bergdorf Abisko in Schwedisch Lappland. Hier gibt es im Winter weltweit mit die besten Chancen, die schimmernde Farbenpracht in voller Bl\u00fcte bestaunen zu k\u00f6nnen. Der Grund: Abisko befindet sich nicht nur in Poln\u00e4he, sondern zeichnet sich auch noch durch ein ideales Mikroklima aus. Selbst wenn der \u00fcbrige Teil Lapplands wolkenverhangen ist, zeigt sich der Himmel \u00fcber Abisko sternenklar.<\/p>\n<p>Gut zu wissen: Das Wohnmobil f\u00fcr Ihre Schweden-Tour k\u00f6nnen Sie <a href=\"https:\/\/www.tuicamper.com\/reiseziele\/europa\/schweden\/stockholm\/\">in Stockholm mieten<\/a>.<\/p>\n<\/div><\/section><\/div>\n\n<\/div><\/div><\/div><!-- close content main div --><\/div><\/div><div id='av_section_9'  class='avia-section av-jt5vrdgv-27-de8c2c30d4104f345f411da68a507e9a main_color avia-section-default avia-no-border-styling  avia-builder-el-24  el_after_av_section  el_before_av_section  reduced-content avia-bg-style-scroll container_wrap sidebar_right'  ><div class='container av-section-cont-open' ><div class='template-page content  av-content-small alpha units'><div class='post-entry post-entry-type-page post-entry-5955'><div class='entry-content-wrapper clearfix'>\n\n<style type=\"text\/css\" data-created_by=\"avia_inline_auto\" id=\"style-css-av-1g5aou-26-7333707d586256a4d39b527e97c0b7fc\">\n.flex_column.av-1g5aou-26-7333707d586256a4d39b527e97c0b7fc{\nborder-radius:0px 0px 0px 0px;\npadding:0px 0px 0px 0px;\n}\n<\/style>\n<div  class='flex_column av-1g5aou-26-7333707d586256a4d39b527e97c0b7fc av_one_full  avia-builder-el-25  avia-builder-el-no-sibling  first flex_column_div av-zero-column-padding  '     ><section  class='av_textblock_section av-jt5tjyk0-25-7aad126445ac6c5c25fbfdaff7f1d5fe '   itemscope=\"itemscope\" itemtype=\"https:\/\/schema.org\/BlogPosting\" itemprop=\"blogPost\" ><div class='avia_textblock'  itemprop=\"text\" ><h3>Finnland<\/h3>\n<p>Klare Sache, Skandinavien steht bei Polarlicht-Touristen hoch im Kurs. Das gilt selbstverst\u00e4ndlich auch f\u00fcr <a href=\"https:\/\/www.tuicamper.com\/reiseziele\/europa\/finnland\/\">Finnland<\/a>. Gerade im finnischen Lappland k\u00f6nnen die Polarlichter besonders h\u00e4ufig und von \u00fcberall aus bestaunt werden. Das hat sich auch die hiesige Tourismus-Branche zunutze gemacht. Wer m\u00f6chte, kann sich vor Ort in einem Iglu mit Glasdach einquartieren und eine wahrhaft zauberhafte Nacht mit Blick auf die tanzenden Polarlichter verbringen.<\/p>\n<p>Mieten k\u00f6nnen Sie Ihr Wohnmobil beispielsweise in <a href=\"https:\/\/www.tuicamper.com\/reiseziele\/europa\/finnland\/rovaniemi\/\">Rovaniemi<\/a> oder alternativ in <a href=\"https:\/\/www.tuicamper.com\/reiseziele\/europa\/finnland\/helsinki\/\">Helsinki<\/a>.<\/p>\n<\/div><\/section><\/div>\n\n<\/div><\/div><\/div><!-- close content main div --><\/div><\/div><div id='av_section_10'  class='avia-section av-b7gvl-30-233e8ea3288a67c69f1d06890d0359f0 main_color avia-section-default avia-no-border-styling  avia-builder-el-27  el_after_av_section  el_before_av_section  reduced-content avia-bg-style-scroll container_wrap sidebar_right'  ><div class='container av-section-cont-open' ><div class='template-page content  av-content-small alpha units'><div class='post-entry post-entry-type-page post-entry-5955'><div class='entry-content-wrapper clearfix'>\n\n<style type=\"text\/css\" data-created_by=\"avia_inline_auto\" id=\"style-css-av-jtplvt5k-29-ad11c85e385057d596b5692462d7367f\">\n.avia-image-container.av-jtplvt5k-29-ad11c85e385057d596b5692462d7367f img.avia_image{\nbox-shadow:none;\n}\n.avia-image-container.av-jtplvt5k-29-ad11c85e385057d596b5692462d7367f .av-caption-image-overlay-bg{\nopacity:0.4;\nbackground-color:#000000;\n}\n.avia-image-container.av-jtplvt5k-29-ad11c85e385057d596b5692462d7367f .av-image-caption-overlay-center{\ncolor:#ffffff;\n}\n<\/style>\n<div  class='avia-image-container av-jtplvt5k-29-ad11c85e385057d596b5692462d7367f av-styling- av-img-linked avia_animated_image av-animated-when-visible-95 fade-in avia-align-center  avia-builder-el-28  el_before_av_hr  avia-builder-el-first  noHover av-overlay-on-hover'   itemprop=\"image\" itemscope=\"itemscope\" itemtype=\"https:\/\/schema.org\/ImageObject\" ><div class=\"avia-image-container-inner\"><div class=\"avia-image-overlay-wrap\"><a href=\"https:\/\/www.tuicamper.com\/wp-docker\/wp-content\/uploads\/2020\/03\/polarlichter-finnland-1030x375.jpg\" data-srcset=\"https:\/\/www.tuicamper.com\/wp-docker\/wp-content\/uploads\/2020\/03\/polarlichter-finnland-1030x375.jpg 1030w, https:\/\/www.tuicamper.com\/wp-docker\/wp-content\/uploads\/2020\/03\/polarlichter-finnland-300x109.jpg 300w, https:\/\/www.tuicamper.com\/wp-docker\/wp-content\/uploads\/2020\/03\/polarlichter-finnland-768x280.jpg 768w, https:\/\/www.tuicamper.com\/wp-docker\/wp-content\/uploads\/2020\/03\/polarlichter-finnland-705x257.jpg 705w, https:\/\/www.tuicamper.com\/wp-docker\/wp-content\/uploads\/2020\/03\/polarlichter-finnland.jpg 1280w\" data-sizes=\"(max-width: 1030px) 100vw, 1030px\" class='avia_image '  aria-label='Polarlichter in Finnland'><div class=\"av-image-caption-overlay\"><div class=\"av-caption-image-overlay-bg\"><\/div><div class=\"av-image-caption-overlay-position\"><div class=\"av-image-caption-overlay-center\"><p>Finnlands atemberaubende Polarlichter<\/p>\n<\/div><\/div><\/div><img decoding=\"async\" fetchpriority=\"high\" class='wp-image-5958 avia-img-lazy-loading-not-5958 avia_image ' src=\"https:\/\/www.tuicamper.com\/wp-docker\/wp-content\/uploads\/2020\/03\/polarlichter-finnland.jpg\" alt='Polarlichter in Finnland' title='Polarlichter in Finnland'  height=\"466\" width=\"1280\"  itemprop=\"thumbnailUrl\" srcset=\"https:\/\/www.tuicamper.com\/wp-docker\/wp-content\/uploads\/2020\/03\/polarlichter-finnland.jpg 1280w, https:\/\/www.tuicamper.com\/wp-docker\/wp-content\/uploads\/2020\/03\/polarlichter-finnland-300x109.jpg 300w, https:\/\/www.tuicamper.com\/wp-docker\/wp-content\/uploads\/2020\/03\/polarlichter-finnland-1030x375.jpg 1030w, https:\/\/www.tuicamper.com\/wp-docker\/wp-content\/uploads\/2020\/03\/polarlichter-finnland-768x280.jpg 768w, https:\/\/www.tuicamper.com\/wp-docker\/wp-content\/uploads\/2020\/03\/polarlichter-finnland-705x257.jpg 705w\" sizes=\"(max-width: 1280px) 100vw, 1280px\" \/><\/a><\/div><\/div><\/div>\n\n<style type=\"text\/css\" data-created_by=\"avia_inline_auto\" id=\"style-css-av-jwj918c3-28-d3a664d0ede0f203ede327aa80035d07\">\n#top .hr.hr-invisible.av-jwj918c3-28-d3a664d0ede0f203ede327aa80035d07{\nheight:25px;\n}\n<\/style>\n<div  class='hr av-jwj918c3-28-d3a664d0ede0f203ede327aa80035d07 hr-invisible  avia-builder-el-29  el_after_av_image  avia-builder-el-last '><span class='hr-inner '><span class=\"hr-inner-style\"><\/span><\/span><\/div>\n\n<\/div><\/div><\/div><!-- close content main div --><\/div><\/div><div id='av_section_11'  class='avia-section av-jt5vrdgv-24-6fa9a5742f1c0b615aae8036c7578a04 main_color avia-section-default avia-no-border-styling  avia-builder-el-30  el_after_av_section  el_before_av_section  reduced-content avia-bg-style-scroll container_wrap sidebar_right'  ><div class='container av-section-cont-open' ><div class='template-page content  av-content-small alpha units'><div class='post-entry post-entry-type-page post-entry-5955'><div class='entry-content-wrapper clearfix'>\n\n<style type=\"text\/css\" data-created_by=\"avia_inline_auto\" id=\"style-css-av-1g5aou-23-41b6d38316d197238e1f49d3dd6c0ae4\">\n.flex_column.av-1g5aou-23-41b6d38316d197238e1f49d3dd6c0ae4{\nborder-radius:0px 0px 0px 0px;\npadding:0px 0px 0px 0px;\n}\n<\/style>\n<div  class='flex_column av-1g5aou-23-41b6d38316d197238e1f49d3dd6c0ae4 av_one_full  avia-builder-el-31  avia-builder-el-no-sibling  first flex_column_div av-zero-column-padding  '     ><section  class='av_textblock_section av-jt5tjyk0-22-c9a88efd57bb9f0e299492c0372fc10f '   itemscope=\"itemscope\" itemtype=\"https:\/\/schema.org\/BlogPosting\" itemprop=\"blogPost\" ><div class='avia_textblock'  itemprop=\"text\" ><h3>Schottland<\/h3>\n<p>Was die Polarlichtjagd angeht, ist <a href=\"https:\/\/www.tuicamper.com\/reiseziele\/europa\/island\/reykjavik\/\">Schottland<\/a> noch fast ein Geheimtipp. Tats\u00e4chlich stehen die Chancen im Norden des Landes aber ausgenommen gut. Ein toller Spot ist etwa der Galloway Forest Park, wo keinerlei Lichtverschmutzung herrscht. Das Wohnmobil f\u00fcr die Schottland-Tour k\u00f6nnen Sie <a href=\"https:\/\/www.tuicamper.com\/reiseziele\/europa\/schottland\/edinburgh\/\">in Edinburgh mieten<\/a>.<\/p>\n<p><strong>Tipp<\/strong>: \u00dcbernachten k\u00f6nnen Sie auf der gut gelegenen <a href=\"https:\/\/www.glentroolcampingandcaravansite.co.uk\/\" target=\"_blank\" rel=\"noopener\">Glentrool Camping and Caravan Site<\/a>. Auch hier sind Polarlichtsichtungen keine Seltenheit.<\/p>\n<\/div><\/section><\/div>\n\n<\/div><\/div><\/div><!-- close content main div --><\/div><\/div><div id='av_section_12'  class='avia-section av-jt5vrdgv-18-e8ff4ad53487a77b3176531a1a81d7ca main_color avia-section-default avia-no-border-styling  avia-builder-el-33  el_after_av_section  el_before_av_section  reduced-content avia-bg-style-scroll container_wrap sidebar_right'  ><div class='container av-section-cont-open' ><div class='template-page content  av-content-small alpha units'><div class='post-entry post-entry-type-page post-entry-5955'><div class='entry-content-wrapper clearfix'>\n\n<style type=\"text\/css\" data-created_by=\"avia_inline_auto\" id=\"style-css-av-1g5aou-17-deca6b74d513ca295b1dac90bb6001db\">\n.flex_column.av-1g5aou-17-deca6b74d513ca295b1dac90bb6001db{\nborder-radius:0px 0px 0px 0px;\npadding:0px 0px 0px 0px;\n}\n<\/style>\n<div  class='flex_column av-1g5aou-17-deca6b74d513ca295b1dac90bb6001db av_one_full  avia-builder-el-34  avia-builder-el-no-sibling  first flex_column_div av-zero-column-padding  '     ><section  class='av_textblock_section av-jt5tjyk0-16-169292469d9b59b5b41aa51f628a3ee7 '   itemscope=\"itemscope\" itemtype=\"https:\/\/schema.org\/BlogPosting\" itemprop=\"blogPost\" ><div class='avia_textblock'  itemprop=\"text\" ><h3>Island<\/h3>\n<p><a href=\"https:\/\/www.tuicamper.com\/reiseziele\/europa\/island\/\">Island<\/a> ist ein echtes Eldorado f\u00fcr Polarlichtfreunde. Nahezu \u00fcberall k\u00f6nnen die Himmelslichter bewundert werden. Selbst in der Hauptstadt <a href=\"https:\/\/www.tuicamper.com\/reiseziele\/europa\/island\/reykjavik\/\">Reykjavik<\/a> stehen die Chancen gut. Mieten k\u00f6nnen Sie Ihr Wohnmobil eben dort.<\/p>\n<\/div><\/section><\/div>\n\n<\/div><\/div><\/div><!-- close content main div --><\/div><\/div><div id='av_section_13'  class='avia-section av-b7gvl-21-faea2895ef974eb6769ce657bbbdc564 main_color avia-section-default avia-no-border-styling  avia-builder-el-36  el_after_av_section  el_before_av_section  reduced-content avia-bg-style-scroll container_wrap sidebar_right'  ><div class='container av-section-cont-open' ><div class='template-page content  av-content-small alpha units'><div class='post-entry post-entry-type-page post-entry-5955'><div class='entry-content-wrapper clearfix'>\n\n<style type=\"text\/css\" data-created_by=\"avia_inline_auto\" id=\"style-css-av-jtplvt5k-20-ed68b2e611ed6e4fd744696bead873c6\">\n.avia-image-container.av-jtplvt5k-20-ed68b2e611ed6e4fd744696bead873c6 img.avia_image{\nbox-shadow:none;\n}\n.avia-image-container.av-jtplvt5k-20-ed68b2e611ed6e4fd744696bead873c6 .av-caption-image-overlay-bg{\nopacity:0.4;\nbackground-color:#000000;\n}\n.avia-image-container.av-jtplvt5k-20-ed68b2e611ed6e4fd744696bead873c6 .av-image-caption-overlay-center{\ncolor:#ffffff;\n}\n<\/style>\n<div  class='avia-image-container av-jtplvt5k-20-ed68b2e611ed6e4fd744696bead873c6 av-styling- av-img-linked avia_animated_image av-animated-when-visible-95 fade-in avia-align-center  avia-builder-el-37  el_before_av_hr  avia-builder-el-first  noHover av-overlay-on-hover'   itemprop=\"image\" itemscope=\"itemscope\" itemtype=\"https:\/\/schema.org\/ImageObject\" ><div class=\"avia-image-container-inner\"><div class=\"avia-image-overlay-wrap\"><a href=\"https:\/\/www.tuicamper.com\/wp-docker\/wp-content\/uploads\/2020\/07\/aurora-borealis-island-1030x686.jpg\" data-srcset=\"https:\/\/www.tuicamper.com\/wp-docker\/wp-content\/uploads\/2020\/07\/aurora-borealis-island-1030x686.jpg 1030w, https:\/\/www.tuicamper.com\/wp-docker\/wp-content\/uploads\/2020\/07\/aurora-borealis-island-300x200.jpg 300w, https:\/\/www.tuicamper.com\/wp-docker\/wp-content\/uploads\/2020\/07\/aurora-borealis-island-768x512.jpg 768w, https:\/\/www.tuicamper.com\/wp-docker\/wp-content\/uploads\/2020\/07\/aurora-borealis-island-705x470.jpg 705w, https:\/\/www.tuicamper.com\/wp-docker\/wp-content\/uploads\/2020\/07\/aurora-borealis-island.jpg 1280w\" data-sizes=\"(max-width: 1030px) 100vw, 1030px\" class='avia_image '  aria-label='Polarlicht Island'><div class=\"av-image-caption-overlay\"><div class=\"av-caption-image-overlay-bg\"><\/div><div class=\"av-image-caption-overlay-position\"><div class=\"av-image-caption-overlay-center\"><p>Polarlicht in Island<\/p>\n<\/div><\/div><\/div><img decoding=\"async\" fetchpriority=\"high\" class='wp-image-6383 avia-img-lazy-loading-not-6383 avia_image ' src=\"https:\/\/www.tuicamper.com\/wp-docker\/wp-content\/uploads\/2020\/07\/aurora-borealis-island-1280x630.jpg\" alt='Polarlicht Island' title='Polarlicht Island'  height=\"630\" width=\"1280\"  itemprop=\"thumbnailUrl\"  \/><\/a><\/div><\/div><\/div>\n\n<style type=\"text\/css\" data-created_by=\"avia_inline_auto\" id=\"style-css-av-jwj918c3-19-0e1ac38e4576f2a9fec1ed9d642758b6\">\n#top .hr.hr-invisible.av-jwj918c3-19-0e1ac38e4576f2a9fec1ed9d642758b6{\nheight:25px;\n}\n<\/style>\n<div  class='hr av-jwj918c3-19-0e1ac38e4576f2a9fec1ed9d642758b6 hr-invisible  avia-builder-el-38  el_after_av_image  avia-builder-el-last '><span class='hr-inner '><span class=\"hr-inner-style\"><\/span><\/span><\/div>\n\n<\/div><\/div><\/div><!-- close content main div --><\/div><\/div><div id='av_section_14'  class='avia-section av-jt5vrdgv-15-58cfdb79f6f4330189acbac570dd03e3 main_color avia-section-default avia-no-border-styling  avia-builder-el-39  el_after_av_section  el_before_av_textblock  reduced-content avia-bg-style-scroll container_wrap sidebar_right'  ><div class='container av-section-cont-open' ><div class='template-page content  av-content-small alpha units'><div class='post-entry post-entry-type-page post-entry-5955'><div class='entry-content-wrapper clearfix'>\n\n<style type=\"text\/css\" data-created_by=\"avia_inline_auto\" id=\"style-css-av-1g5aou-14-d21091b063d95097270c04d440d6c02d\">\n.flex_column.av-1g5aou-14-d21091b063d95097270c04d440d6c02d{\nborder-radius:0px 0px 0px 0px;\npadding:0px 0px 0px 0px;\n}\n<\/style>\n<div  class='flex_column av-1g5aou-14-d21091b063d95097270c04d440d6c02d av_one_full  avia-builder-el-40  avia-builder-el-no-sibling  first flex_column_div av-zero-column-padding  '     ><section  class='av_textblock_section av-jt5tjyk0-13-ece4106326cf3393044146213b53f913 '   itemscope=\"itemscope\" itemtype=\"https:\/\/schema.org\/BlogPosting\" itemprop=\"blogPost\" ><div class='avia_textblock'  itemprop=\"text\" ><h3>Kanada<\/h3>\n<p>Nicht nur in Europa, auch in Nordamerika tanzen die bunten Lichter regelm\u00e4\u00dfig \u00fcber den Nachthimmel. So etwa in <a href=\"https:\/\/www.tuicamper.com\/reiseziele\/nordamerika\/kanada\/\">Kanada<\/a>. Als Destination geradezu pr\u00e4destiniert ist dabei Yellowknife. \u00dcber der selbsternannten \u201eHauptstadt der Polarlichter\u201c schimmern die farbenfrohen Lichter besonders h\u00e4ufig.<\/p>\n<p>Wer beim Polarlichtgucken gerne etwas Gro\u00dfstadtflair genie\u00dfen m\u00f6chte, ist dagegen in der kanadischen Millionenmetropole <a href=\"https:\/\/www.tuicamper.com\/reiseziele\/nordamerika\/kanada\/edmonton\/\">Edmonton<\/a> genau an der richtigen Adresse. Hier k\u00f6nnen Sie auch gleich Ihren Camper mieten.<\/p>\n<\/div><\/section><\/div>\n<\/div><\/div><\/div><!-- close content main div --><\/div><\/div><div id='after_section_14'  class='main_color av_default_container_wrap container_wrap sidebar_right'  ><div class='container av-section-cont-open' ><div class='template-page content  av-content-small alpha units'><div class='post-entry post-entry-type-page post-entry-5955'><div class='entry-content-wrapper clearfix'>\n<section  class='av_textblock_section av-jtpqpty6-45-570feb1298c1a3f9d5c3acfd8e086e18 '   itemscope=\"itemscope\" itemtype=\"https:\/\/schema.org\/BlogPosting\" itemprop=\"blogPost\" ><div class='avia_textblock'  itemprop=\"text\" ><div id=\"breaker_element_shortcode\" class=\"postbox \">\n<div class=\"inside\">\n\r\n<div style=\"clear: both;\"><\/div>\r\n<div class=\"post-breaker-item breaker-type-default\">\r\n    <div class=\"post-breaker-item-inner\">\r\n                    \n<style type=\"text\/css\" data-created_by=\"avia_inline_auto\" id=\"style-css-av-jtpksizx-4b352f2a2752c01e58a4c67632af1aa6\">\n#top .av_textblock_section.av-jtpksizx-4b352f2a2752c01e58a4c67632af1aa6 .avia_textblock{\nfont-size:28px;\n}\n<\/style>\n<section  class='av_textblock_section av-jtpksizx-4b352f2a2752c01e58a4c67632af1aa6 '   itemscope=\"itemscope\" itemtype=\"https:\/\/schema.org\/BlogPosting\" itemprop=\"blogPost\" ><div class='avia_textblock'  itemprop=\"text\" ><p><strong>\u2013 Lesen Sie auch \u2013<\/strong><\/p>\n<\/div><\/section>\n\n<style type=\"text\/css\" data-created_by=\"avia_inline_auto\" id=\"style-css-av-ehyb5-42286bbb62f5c947921c50b729609f1d\">\n.flex_column.av-ehyb5-42286bbb62f5c947921c50b729609f1d{\nborder-radius:0px 0px 0px 0px;\npadding:0px 0px 0px 0px;\n}\n<\/style>\n<div  class='flex_column av-ehyb5-42286bbb62f5c947921c50b729609f1d av_one_third first flex_column_div av-zero-column-padding  '     ><p>\n<style type=\"text\/css\" data-created_by=\"avia_inline_auto\" id=\"style-css-av-jt75ko0n-85c574a0eff366c91fdd592462456649\">\n.avia-image-container.av-jt75ko0n-85c574a0eff366c91fdd592462456649 img.avia_image{\nbox-shadow:none;\n}\n.avia-image-container.av-jt75ko0n-85c574a0eff366c91fdd592462456649 .av-image-caption-overlay-center{\ncolor:#ffffff;\n}\n<\/style>\n<div  class='avia-image-container av-jt75ko0n-85c574a0eff366c91fdd592462456649 av-styling-no-styling av-hover-grow av-hide-overflow av-img-linked avia_animated_image av-animated-when-visible-95 fade-in avia-align-left'   itemprop=\"image\" itemscope=\"itemscope\" itemtype=\"https:\/\/schema.org\/ImageObject\" ><div class=\"avia-image-container-inner\"><div class=\"avia-image-overlay-wrap\"><a href=\"https:\/\/www.tuicamper.com\/magazin\/beste-reisezeit-norwegen\/\" class='avia_image '  aria-label='Beste Reisezeit Norwegen'><img decoding=\"async\" fetchpriority=\"high\" class='wp-image-1934 avia-img-lazy-loading-not-1934 avia_image ' src=\"https:\/\/www.tuicamper.com\/wp-docker\/wp-content\/uploads\/2019\/04\/beste-reisezeit-norwegen-teaser.jpg\" alt='' title='Beste Reisezeit Norwegen'  height=\"200\" width=\"350\"  itemprop=\"thumbnailUrl\" srcset=\"https:\/\/www.tuicamper.com\/wp-docker\/wp-content\/uploads\/2019\/04\/beste-reisezeit-norwegen-teaser.jpg 350w, https:\/\/www.tuicamper.com\/wp-docker\/wp-content\/uploads\/2019\/04\/beste-reisezeit-norwegen-teaser-300x171.jpg 300w\" sizes=\"(max-width: 350px) 100vw, 350px\" \/><\/a><\/div><\/div><\/div><br \/>\n<section  class='av_textblock_section av-jt75lbqb-bba29013bb6610b0762c56b6a5ae7819 '   itemscope=\"itemscope\" itemtype=\"https:\/\/schema.org\/BlogPosting\" itemprop=\"blogPost\" ><div class='avia_textblock'  itemprop=\"text\" ><p style=\"text-align: left;\"><strong><a href=\"https:\/\/www.tuicamper.com\/magazin\/beste-reisezeit-norwegen\/\">Beste Reisezeit Norwegen \u2013 Wetter &amp; Reisezeit f\u00fcr alle Regionen<\/a><\/strong><\/p>\n<\/div><\/section><\/p><\/div>\n\n<style type=\"text\/css\" data-created_by=\"avia_inline_auto\" id=\"style-css-av-ehyb5-8fadcff6392c44a3fc98dc4b014d4246\">\n.flex_column.av-ehyb5-8fadcff6392c44a3fc98dc4b014d4246{\nborder-radius:0px 0px 0px 0px;\npadding:0px 0px 0px 0px;\n}\n<\/style>\n<div  class='flex_column av-ehyb5-8fadcff6392c44a3fc98dc4b014d4246 av_one_third flex_column_div av-zero-column-padding  '     ><p>\n<style type=\"text\/css\" data-created_by=\"avia_inline_auto\" id=\"style-css-av-jt75ko0n-9bb0a88636e3d6061be417d335ac0701\">\n.avia-image-container.av-jt75ko0n-9bb0a88636e3d6061be417d335ac0701 img.avia_image{\nbox-shadow:none;\n}\n.avia-image-container.av-jt75ko0n-9bb0a88636e3d6061be417d335ac0701 .av-image-caption-overlay-center{\ncolor:#ffffff;\n}\n<\/style>\n<div  class='avia-image-container av-jt75ko0n-9bb0a88636e3d6061be417d335ac0701 av-styling-no-styling av-hover-grow av-hide-overflow av-img-linked avia_animated_image av-animated-when-visible-95 fade-in avia-align-left'   itemprop=\"image\" itemscope=\"itemscope\" itemtype=\"https:\/\/schema.org\/ImageObject\" ><div class=\"avia-image-container-inner\"><div class=\"avia-image-overlay-wrap\"><a href=\"https:\/\/www.tuicamper.com\/routen\/island-routen\/island-rundreise\/\" class='avia_image '  aria-label='Island Rundreise'><img decoding=\"async\" fetchpriority=\"high\" class='wp-image-987 avia-img-lazy-loading-not-987 avia_image ' src=\"https:\/\/www.tuicamper.com\/wp-docker\/wp-content\/uploads\/2019\/04\/island-rundreise-teaser.jpg\" alt='Island Rundreise auf der Ringstra\u00dfe' title='Island Rundreise'  height=\"200\" width=\"350\"  itemprop=\"thumbnailUrl\" srcset=\"https:\/\/www.tuicamper.com\/wp-docker\/wp-content\/uploads\/2019\/04\/island-rundreise-teaser.jpg 350w, https:\/\/www.tuicamper.com\/wp-docker\/wp-content\/uploads\/2019\/04\/island-rundreise-teaser-300x171.jpg 300w\" sizes=\"(max-width: 350px) 100vw, 350px\" \/><\/a><\/div><\/div><\/div><br \/>\n<section  class='av_textblock_section av-jt75lbqb-5ddc11984ba3561e51cf613c68b16dd0 '   itemscope=\"itemscope\" itemtype=\"https:\/\/schema.org\/BlogPosting\" itemprop=\"blogPost\" ><div class='avia_textblock'  itemprop=\"text\" ><p style=\"text-align: left;\"><strong><a href=\"https:\/\/www.tuicamper.com\/routen\/island-routen\/island-rundreise\/\">Island Rundreise mit dem Wohnmobil \u2013 Die Ringstra\u00dfe in 12 Tagen<\/a><\/strong><\/p>\n<\/div><\/section><\/p><\/div>\n<style type=\"text\/css\" data-created_by=\"avia_inline_auto\" id=\"style-css-av-ehyb5-8fadcff6392c44a3fc98dc4b014d4246\">\n.flex_column.av-ehyb5-8fadcff6392c44a3fc98dc4b014d4246{\nborder-radius:0px 0px 0px 0px;\npadding:0px 0px 0px 0px;\n}\n<\/style>\n<div  class='flex_column av-ehyb5-8fadcff6392c44a3fc98dc4b014d4246 av_one_third flex_column_div av-zero-column-padding  '     ><p>\n<style type=\"text\/css\" data-created_by=\"avia_inline_auto\" id=\"style-css-av-jt75ko0n-cd33f9d79c2fcb90041cc850da240ee1\">\n.avia-image-container.av-jt75ko0n-cd33f9d79c2fcb90041cc850da240ee1 img.avia_image{\nbox-shadow:none;\n}\n.avia-image-container.av-jt75ko0n-cd33f9d79c2fcb90041cc850da240ee1 .av-image-caption-overlay-center{\ncolor:#ffffff;\n}\n<\/style>\n<div  class='avia-image-container av-jt75ko0n-cd33f9d79c2fcb90041cc850da240ee1 av-styling-no-styling av-hover-grow av-hide-overflow av-img-linked avia_animated_image av-animated-when-visible-95 fade-in avia-align-left'   itemprop=\"image\" itemscope=\"itemscope\" itemtype=\"https:\/\/schema.org\/ImageObject\" ><div class=\"avia-image-container-inner\"><div class=\"avia-image-overlay-wrap\"><a href=\"https:\/\/www.tuicamper.com\/magazin\/reisetipps-schweden\/\" class='avia_image '  aria-label='Reisetipps Schweden'><img decoding=\"async\" fetchpriority=\"high\" class='wp-image-1935 avia-img-lazy-loading-not-1935 avia_image ' src=\"https:\/\/www.tuicamper.com\/wp-docker\/wp-content\/uploads\/2019\/04\/reisetipps-schweden-teaser.jpg\" alt='Reisetipps Schweden' title='Reisetipps Schweden'  height=\"200\" width=\"350\"  itemprop=\"thumbnailUrl\" srcset=\"https:\/\/www.tuicamper.com\/wp-docker\/wp-content\/uploads\/2019\/04\/reisetipps-schweden-teaser.jpg 350w, https:\/\/www.tuicamper.com\/wp-docker\/wp-content\/uploads\/2019\/04\/reisetipps-schweden-teaser-300x171.jpg 300w\" sizes=\"(max-width: 350px) 100vw, 350px\" \/><\/a><\/div><\/div><\/div><br \/>\n<section  class='av_textblock_section av-jt75lbqb-bba29013bb6610b0762c56b6a5ae7819 '   itemscope=\"itemscope\" itemtype=\"https:\/\/schema.org\/BlogPosting\" itemprop=\"blogPost\" ><div class='avia_textblock'  itemprop=\"text\" ><p style=\"text-align: left;\"><strong><a href=\"https:\/\/www.tuicamper.com\/magazin\/reisetipps-schweden\/\">Reisetipps Schweden \u2013 Die wichtigsten Tipps f\u00fcr Ihre Camper-Reise<\/a><\/strong><\/p>\n<\/div><\/section><\/p><\/div><\/p>\n            <div style=\"clear: both;\"><\/div>\r\n            <\/div>\r\n<\/div>\r\n\n<\/div>\n<\/div>\n<\/div><\/section>\n<\/div><\/div><\/div><!-- close content main div --><\/div><\/div><div id='av_section_15'  class='avia-section av-jt5vrdgv-9-06978d48f47c0b2e0cde0fca8f77ea77 main_color avia-section-default avia-no-border-styling  avia-builder-el-43  el_after_av_textblock  el_before_av_section  reduced-content avia-bg-style-scroll container_wrap sidebar_right'  ><div class='container av-section-cont-open' ><div class='template-page content  av-content-small alpha units'><div class='post-entry post-entry-type-page post-entry-5955'><div class='entry-content-wrapper clearfix'>\n\n<style type=\"text\/css\" data-created_by=\"avia_inline_auto\" id=\"style-css-av-1g5aou-8-333a8aca8d60ad30096030bf70238cbb\">\n.flex_column.av-1g5aou-8-333a8aca8d60ad30096030bf70238cbb{\nborder-radius:0px 0px 0px 0px;\npadding:0px 0px 0px 0px;\n}\n<\/style>\n<div  class='flex_column av-1g5aou-8-333a8aca8d60ad30096030bf70238cbb av_one_full  avia-builder-el-44  avia-builder-el-no-sibling  first flex_column_div av-zero-column-padding  '     ><section  class='av_textblock_section av-jt5tjyk0-7-2faab81b580dfb30bd94555f324d16c4 '   itemscope=\"itemscope\" itemtype=\"https:\/\/schema.org\/BlogPosting\" itemprop=\"blogPost\" ><div class='avia_textblock'  itemprop=\"text\" ><h3>Alaska<\/h3>\n<p>Besonders sch\u00f6n zeigen sich die Nordlichter auch in <a href=\"https:\/\/www.tuicamper.com\/reiseziele\/nordamerika\/usa\/alaska\/\">Alaska<\/a>. Als geradezu magisch gilt das <a href=\"https:\/\/www.tuicamper.com\/routen\/usa-routen\/von-anchorage-bis-zum-polarkreis\/\">Polarlichterlebnis im Denali-Nationalpark<\/a>. Hier haben Sie zudem die M\u00f6glichkeit, an gef\u00fchrten Touren teilzunehmen. Praktisch: Vor Ort befinden sich gleich mehrere Campingpl\u00e4tze, die in der Nacht vom bunten Lichterspiel am Himmel beleuchtet werden.<\/p>\n<p>Aber auch in den St\u00e4dten <a href=\"https:\/\/www.tuicamper.com\/reiseziele\/nordamerika\/usa\/anchorage\/\">Anchorage<\/a> und <a href=\"https:\/\/www.tuicamper.com\/reiseziele\/nordamerika\/usa\/fairbanks\/\">Fairbanks<\/a> k\u00f6nnen Sie die Polarlichter beobachten \u2013 und im Anschluss Ihr Wohnmobil in Empfang nehmen.<\/p>\n<\/div><\/section><\/div><\/div><\/div><\/div><!-- close content main div --><\/div><\/div><div id='av_section_16'  class='avia-section av-b7gvl-12-1428f8d61cf894cdabad1f154a4bb7fc main_color avia-section-default avia-no-border-styling  avia-builder-el-46  el_after_av_section  el_before_av_section  reduced-content avia-bg-style-scroll container_wrap sidebar_right'  ><div class='container av-section-cont-open' ><div class='template-page content  av-content-small alpha units'><div class='post-entry post-entry-type-page post-entry-5955'><div class='entry-content-wrapper clearfix'>\n\n<style type=\"text\/css\" data-created_by=\"avia_inline_auto\" id=\"style-css-av-jtplvt5k-11-5bb6646d663e8e2946c71935e43a6658\">\n.avia-image-container.av-jtplvt5k-11-5bb6646d663e8e2946c71935e43a6658 img.avia_image{\nbox-shadow:none;\n}\n.avia-image-container.av-jtplvt5k-11-5bb6646d663e8e2946c71935e43a6658 .av-caption-image-overlay-bg{\nopacity:0.4;\nbackground-color:#000000;\n}\n.avia-image-container.av-jtplvt5k-11-5bb6646d663e8e2946c71935e43a6658 .av-image-caption-overlay-center{\ncolor:#ffffff;\n}\n<\/style>\n<div  class='avia-image-container av-jtplvt5k-11-5bb6646d663e8e2946c71935e43a6658 av-styling- av-img-linked avia_animated_image av-animated-when-visible-95 fade-in avia-align-center  avia-builder-el-47  el_before_av_hr  avia-builder-el-first  noHover av-overlay-on-hover'   itemprop=\"image\" itemscope=\"itemscope\" itemtype=\"https:\/\/schema.org\/ImageObject\" ><div class=\"avia-image-container-inner\"><div class=\"avia-image-overlay-wrap\"><a href=\"https:\/\/www.tuicamper.com\/wp-docker\/wp-content\/uploads\/2020\/03\/nordlichter-alaska-1-1030x507.jpg\" data-srcset=\"https:\/\/www.tuicamper.com\/wp-docker\/wp-content\/uploads\/2020\/03\/nordlichter-alaska-1-1030x507.jpg 1030w, https:\/\/www.tuicamper.com\/wp-docker\/wp-content\/uploads\/2020\/03\/nordlichter-alaska-1-300x148.jpg 300w, https:\/\/www.tuicamper.com\/wp-docker\/wp-content\/uploads\/2020\/03\/nordlichter-alaska-1-768x378.jpg 768w, https:\/\/www.tuicamper.com\/wp-docker\/wp-content\/uploads\/2020\/03\/nordlichter-alaska-1-705x347.jpg 705w, https:\/\/www.tuicamper.com\/wp-docker\/wp-content\/uploads\/2020\/03\/nordlichter-alaska-1.jpg 1280w\" data-sizes=\"(max-width: 1030px) 100vw, 1030px\" class='avia_image '  aria-label='Nordlichter in Alaska'><div class=\"av-image-caption-overlay\"><div class=\"av-caption-image-overlay-bg\"><\/div><div class=\"av-image-caption-overlay-position\"><div class=\"av-image-caption-overlay-center\"><p>Faszinierende Nordlichter in Alaska<\/p>\n<\/div><\/div><\/div><img decoding=\"async\" fetchpriority=\"high\" class='wp-image-5964 avia-img-lazy-loading-not-5964 avia_image ' src=\"https:\/\/www.tuicamper.com\/wp-docker\/wp-content\/uploads\/2020\/03\/nordlichter-alaska-1.jpg\" alt='' title='Nordlichter in Alaska'  height=\"630\" width=\"1280\"  itemprop=\"thumbnailUrl\" srcset=\"https:\/\/www.tuicamper.com\/wp-docker\/wp-content\/uploads\/2020\/03\/nordlichter-alaska-1.jpg 1280w, https:\/\/www.tuicamper.com\/wp-docker\/wp-content\/uploads\/2020\/03\/nordlichter-alaska-1-300x148.jpg 300w, https:\/\/www.tuicamper.com\/wp-docker\/wp-content\/uploads\/2020\/03\/nordlichter-alaska-1-1030x507.jpg 1030w, https:\/\/www.tuicamper.com\/wp-docker\/wp-content\/uploads\/2020\/03\/nordlichter-alaska-1-768x378.jpg 768w, https:\/\/www.tuicamper.com\/wp-docker\/wp-content\/uploads\/2020\/03\/nordlichter-alaska-1-705x347.jpg 705w\" sizes=\"(max-width: 1280px) 100vw, 1280px\" \/><\/a><\/div><\/div><\/div>\n\n<style type=\"text\/css\" data-created_by=\"avia_inline_auto\" id=\"style-css-av-jwj918c3-10-2d160fc7d776ea5fc46635617565f817\">\n#top .hr.hr-invisible.av-jwj918c3-10-2d160fc7d776ea5fc46635617565f817{\nheight:25px;\n}\n<\/style>\n<div  class='hr av-jwj918c3-10-2d160fc7d776ea5fc46635617565f817 hr-invisible  avia-builder-el-48  el_after_av_image  avia-builder-el-last '><span class='hr-inner '><span class=\"hr-inner-style\"><\/span><\/span><\/div>\n<\/p>\n<\/div><\/div><\/div><!-- close content main div --><\/div><\/div><div id='av_section_17'  class='avia-section av-jt5vrdgv-6-d6a7dc34d8bb54ec2eae97e6d7089bb7 main_color avia-section-default avia-no-border-styling  avia-builder-el-49  el_after_av_section  el_before_av_section  reduced-content avia-bg-style-scroll container_wrap sidebar_right'  ><div class='container av-section-cont-open' ><div class='template-page content  av-content-small alpha units'><div class='post-entry post-entry-type-page post-entry-5955'><div class='entry-content-wrapper clearfix'>\n\n<style type=\"text\/css\" data-created_by=\"avia_inline_auto\" id=\"style-css-av-1g5aou-5-33bf9caecc3153e04985c29a10571060\">\n.flex_column.av-1g5aou-5-33bf9caecc3153e04985c29a10571060{\nborder-radius:0px 0px 0px 0px;\npadding:0px 0px 0px 0px;\n}\n<\/style>\n<div  class='flex_column av-1g5aou-5-33bf9caecc3153e04985c29a10571060 av_one_full  avia-builder-el-50  avia-builder-el-no-sibling  first flex_column_div av-zero-column-padding  '     ><section  class='av_textblock_section av-jt5tjyk0-4-5ae17d783db51bf563fd804d3e44aff9 '   itemscope=\"itemscope\" itemtype=\"https:\/\/schema.org\/BlogPosting\" itemprop=\"blogPost\" ><div class='avia_textblock'  itemprop=\"text\" ><h3>Neuseeland<\/h3>\n<p>Nicht nur auf der Nord-, auch auf der S\u00fcdhalbkugel k\u00f6nnen Sie Polarlichter bestaunen. Die sogenannte Aurora australis steht den Nordlichtern in puncto Sch\u00f6nheit in nichts nach und kann besonders gut in <a href=\"https:\/\/www.tuicamper.com\/reiseziele\/ozeanien\/neuseeland\/\">Neuseeland<\/a> bestaunt werden. Genauer gesagt in den s\u00fcdlichen K\u00fcstenregionen des Landes. Besonders gut stehen die Chancen in den September- und M\u00e4rz-N\u00e4chten \u2013 beispielsweise in Dunedin.<\/p>\n<p>Ihren Camper f\u00fcr eine Neuseeland-Tour inklusive Polarlichterjagd k\u00f6nnen Sie in <a href=\"https:\/\/www.tuicamper.com\/reiseziele\/ozeanien\/neuseeland\/auckland\/\">Auckland<\/a>, <a href=\"https:\/\/www.tuicamper.com\/reiseziele\/ozeanien\/neuseeland\/christchurch\/\">Christchurch<\/a> oder <a href=\"https:\/\/www.tuicamper.com\/reiseziele\/ozeanien\/neuseeland\/queenstown\/\">Queenstown<\/a>\u00a0mieten.<\/p>\n<\/div><\/section><\/div>\n\n<\/div><\/div><\/div><!-- close content main div --><\/div><\/div><div id='av_section_18'  class='avia-section av-jt5vrdgv-3-a1f4b84a13d7c5b59effd0b6befbee48 main_color avia-section-default avia-no-border-styling  avia-builder-el-52  el_after_av_section  avia-builder-el-last  reduced-content avia-bg-style-scroll container_wrap sidebar_right'  ><div class='container av-section-cont-open' ><div class='template-page content  av-content-small alpha units'><div class='post-entry post-entry-type-page post-entry-5955'><div class='entry-content-wrapper clearfix'>\n<div  class='avia-button-wrap av-ju2eusip-1ea5fae3e85455fbd7036f09971f65f1-wrap avia-button-center  avia-builder-el-53  el_before_av_one_full  avia-builder-el-first '><a href='https:\/\/www.tuicamper.com\/'  class='avia-button av-ju2eusip-1ea5fae3e85455fbd7036f09971f65f1 av-link-btn avia-icon_select-yes-right-icon avia-size-large avia-position-center avia-color-theme-color'   aria-label=\"Jetzt Wohnmobil mieten\"><span class='avia_iconbox_title' >Jetzt Wohnmobil mieten<\/span><span class='avia_button_icon avia_button_icon_right avia-iconfont avia-font-entypo-fontello' data-av_icon='\ue875' data-av_iconfont='entypo-fontello' ><\/span><\/a><\/div>\n\n<style type=\"text\/css\" data-created_by=\"avia_inline_auto\" id=\"style-css-av-1g5aou-2-1f93a398e8836930f210449bc6b0e531\">\n.flex_column.av-1g5aou-2-1f93a398e8836930f210449bc6b0e531{\nborder-radius:0px 0px 0px 0px;\npadding:0px 0px 0px 0px;\n}\n<\/style>\n<div  class='flex_column av-1g5aou-2-1f93a398e8836930f210449bc6b0e531 av_one_full  avia-builder-el-54  el_after_av_button  el_before_av_social_share  first flex_column_div av-zero-column-padding  '     ><style type=\"text\/css\" data-created_by=\"avia_inline_auto\" id=\"style-css-av-jt5tjyk0-1-13d8edd957fdea915ce4c07853282e53\">\n#top .av_textblock_section.av-jt5tjyk0-1-13d8edd957fdea915ce4c07853282e53 .avia_textblock{\nfont-size:28px;\n}\n<\/style>\n<section  class='av_textblock_section av-jt5tjyk0-1-13d8edd957fdea915ce4c07853282e53 '   itemscope=\"itemscope\" itemtype=\"https:\/\/schema.org\/BlogPosting\" itemprop=\"blogPost\" ><div class='avia_textblock'  itemprop=\"text\" ><p><strong>Ihr TUI CAMPER-Team w\u00fcnscht Ihnen einen tollen Wohnmobil-Urlaub und eine erfolgreiche Polarlichtjagd!<\/strong><\/p>\n<\/div><\/section><\/div><div  class='av-social-sharing-box av-10zg8-8676a2d54b4a15bbf6c39a1c18f0815b av-social-sharing-box-default  avia-builder-el-56  el_after_av_one_full  avia-builder-el-last  av-social-sharing-box-fullwidth'><div class=\"av-share-box\"><ul class=\"av-share-box-list noLightbox\"><li class='av-share-link av-social-link-facebook avia_social_iconfont' ><a target=\"_blank\" aria-label=\"Teilen auf Facebook\" href='https:\/\/www.facebook.com\/sharer.php?u=https:\/\/www.tuicamper.com\/magazin\/polarlichter-sehen\/&#038;t=Polarlichter%20sehen%3A%20Wann%20und%20wo%20ist%20das%20Polarlicht%20am%20sch%C3%B6nsten%3F' data-av_icon='\ue8f3' data-av_iconfont='entypo-fontello'  title='' data-avia-related-tooltip='Teilen auf Facebook'><span class='avia_hidden_link_text'>Teilen auf Facebook<\/span><\/a><\/li><li class='av-share-link av-social-link-twitter avia_social_iconfont' ><a target=\"_blank\" aria-label=\"Teilen auf X\" href='https:\/\/twitter.com\/share?text=Polarlichter%20sehen%3A%20Wann%20und%20wo%20ist%20das%20Polarlicht%20am%20sch%C3%B6nsten%3F&#038;url=https:\/\/www.tuicamper.com\/magazin\/polarlichter-sehen\/' data-av_icon='\ue932' data-av_iconfont='entypo-fontello'  title='' data-avia-related-tooltip='Teilen auf X'><span class='avia_hidden_link_text'>Teilen auf X<\/span><\/a><\/li><li class='av-share-link av-social-link-whatsapp avia_social_iconfont' ><a target=\"_blank\" aria-label=\"Teilen auf WhatsApp\" href='https:\/\/api.whatsapp.com\/send?text=https:\/\/www.tuicamper.com\/magazin\/polarlichter-sehen\/' data-av_icon='\uf232' data-av_iconfont='entypo-fontello'  title='' data-avia-related-tooltip='Teilen auf WhatsApp'><span class='avia_hidden_link_text'>Teilen auf WhatsApp<\/span><\/a><\/li><li class='av-share-link av-social-link-pinterest avia_social_iconfont' ><a target=\"_blank\" aria-label=\"Teilen auf Pinterest\" href='https:\/\/pinterest.com\/pin\/create\/button\/?url=https%3A%2F%2Fwww.tuicamper.com%2Fmagazin%2Fpolarlichter-sehen%2F&#038;description=Polarlichter%20sehen%3A%20Wann%20und%20wo%20ist%20das%20Polarlicht%20am%20sch%C3%B6nsten%3F&#038;media=https%3A%2F%2Fwww.tuicamper.com%2Fwp-docker%2Fwp-content%2Fuploads%2F2020%2F03%2Fpolarlichter-705x269.jpg' data-av_icon='\ue8f8' data-av_iconfont='entypo-fontello'  title='' data-avia-related-tooltip='Teilen auf Pinterest'><span class='avia_hidden_link_text'>Teilen auf Pinterest<\/span><\/a><\/li><li class='av-share-link av-social-link-mail avia_social_iconfont' ><a  aria-label=\"Per E-Mail teilen\" href='mailto:?subject=Polarlichter%20sehen%3A%20Wann%20und%20wo%20ist%20das%20Polarlicht%20am%20sch%C3%B6nsten%3F&#038;body=https:\/\/www.tuicamper.com\/magazin\/polarlichter-sehen\/' data-av_icon='\ue805' data-av_iconfont='entypo-fontello'  title='' data-avia-related-tooltip='Per E-Mail teilen'><span class='avia_hidden_link_text'>Per E-Mail teilen<\/span><\/a><\/li><\/ul><\/div><\/div>\n<\/div><\/div><\/div><!-- close content main div --><\/div><\/div><div id='after_section_18'  class='main_color av_default_container_wrap container_wrap sidebar_right'  ><div class='container av-section-cont-open' ><div class='template-page content  av-content-small alpha units'><div class='post-entry post-entry-type-page post-entry-5955'><div class='entry-content-wrapper clearfix'>\n","protected":false},"excerpt":{"rendered":"<p>Polarlichter: Wer sie einmal gesehen hat, schw\u00e4rmt ein Leben lang von ihnen. Sp\u00fcren Sie dem Ph\u00e4nomen nach und erfahren Sie, wo das Polarlicht am sch\u00f6nsten ist!<\/p>\n","protected":false},"author":4,"featured_media":5956,"comment_status":"open","ping_status":"open","sticky":false,"template":"","format":"standard","meta":{"footnotes":""},"categories":[33],"tags":[72,59,56,50,58,63,66,65],"class_list":["post-5955","post","type-post","status-publish","format-standard","has-post-thumbnail","hentry","category-reisethema","tag-finnland","tag-island","tag-kanada","tag-natur","tag-neuseeland","tag-norwegen","tag-schottland","tag-schweden"],"yoast_head":"<!-- This site is optimized with the Yoast SEO plugin v27.4 - https:\/\/yoast.com\/product\/yoast-seo-wordpress\/ -->\n<title>Polarlichter sehen: Wann und wo ist das Polarlicht am sch\u00f6nsten?<\/title>\n<meta name=\"description\" content=\"Polarlichter: Wer sie einmal gesehen hat, schw\u00e4rmt ein Leben lang von ihnen. Sp\u00fcren Sie dem Ph\u00e4nomen nach und erfahren Sie, wo das Polarlicht am sch\u00f6nsten ist!\" \/>\n<meta name=\"robots\" content=\"index, follow, max-snippet:-1, max-image-preview:large, max-video-preview:-1\" \/>\n<link rel=\"canonical\" href=\"https:\/\/www.tuicamper.com\/magazin\/polarlichter-sehen\/\" \/>\n<meta property=\"og:locale\" content=\"de_DE\" \/>\n<meta property=\"og:type\" content=\"article\" \/>\n<meta property=\"og:title\" content=\"Polarlichter sehen: Wann und wo ist das Polarlicht am sch\u00f6nsten?\" \/>\n<meta property=\"og:description\" content=\"Polarlichter: Wer sie einmal gesehen hat, schw\u00e4rmt ein Leben lang von ihnen. Sp\u00fcren Sie dem Ph\u00e4nomen nach und erfahren Sie, wo das Polarlicht am sch\u00f6nsten ist!\" \/>\n<meta property=\"og:url\" content=\"https:\/\/www.tuicamper.com\/magazin\/polarlichter-sehen\/\" \/>\n<meta property=\"og:site_name\" content=\"TUI Camper Magazin\" \/>\n<meta property=\"article:published_time\" content=\"2020-07-22T11:45:16+00:00\" \/>\n<meta property=\"article:modified_time\" content=\"2023-11-08T09:37:35+00:00\" \/>\n<meta property=\"og:image\" content=\"https:\/\/www.tuicamper.com\/wp-docker\/wp-content\/uploads\/2020\/03\/polarlichter.jpg\" \/>\n\t<meta property=\"og:image:width\" content=\"1310\" \/>\n\t<meta property=\"og:image:height\" content=\"500\" \/>\n\t<meta property=\"og:image:type\" content=\"image\/jpeg\" \/>\n<meta name=\"author\" content=\"Trang\" \/>\n<meta name=\"twitter:card\" content=\"summary_large_image\" \/>\n<meta name=\"twitter:label1\" content=\"Verfasst von\" \/>\n\t<meta name=\"twitter:data1\" content=\"Trang\" \/>\n\t<meta name=\"twitter:label2\" content=\"Gesch\u00e4tzte Lesezeit\" \/>\n\t<meta name=\"twitter:data2\" content=\"14\u00a0Minuten\" \/>\n<!-- \/ Yoast SEO plugin. -->","yoast_head_json":{"title":"Polarlichter sehen: Wann und wo ist das Polarlicht am sch\u00f6nsten?","description":"Polarlichter: Wer sie einmal gesehen hat, schw\u00e4rmt ein Leben lang von ihnen. Sp\u00fcren Sie dem Ph\u00e4nomen nach und erfahren Sie, wo das Polarlicht am sch\u00f6nsten ist!","robots":{"index":"index","follow":"follow","max-snippet":"max-snippet:-1","max-image-preview":"max-image-preview:large","max-video-preview":"max-video-preview:-1"},"canonical":"https:\/\/www.tuicamper.com\/magazin\/polarlichter-sehen\/","og_locale":"de_DE","og_type":"article","og_title":"Polarlichter sehen: Wann und wo ist das Polarlicht am sch\u00f6nsten?","og_description":"Polarlichter: Wer sie einmal gesehen hat, schw\u00e4rmt ein Leben lang von ihnen. Sp\u00fcren Sie dem Ph\u00e4nomen nach und erfahren Sie, wo das Polarlicht am sch\u00f6nsten ist!","og_url":"https:\/\/www.tuicamper.com\/magazin\/polarlichter-sehen\/","og_site_name":"TUI Camper Magazin","article_published_time":"2020-07-22T11:45:16+00:00","article_modified_time":"2023-11-08T09:37:35+00:00","og_image":[{"width":1310,"height":500,"url":"https:\/\/www.tuicamper.com\/wp-docker\/wp-content\/uploads\/2020\/03\/polarlichter.jpg","type":"image\/jpeg"}],"author":"Trang","twitter_card":"summary_large_image","twitter_misc":{"Verfasst von":"Trang","Gesch\u00e4tzte Lesezeit":"14\u00a0Minuten"},"schema":{"@context":"https:\/\/schema.org","@graph":[{"@type":"Article","@id":"https:\/\/www.tuicamper.com\/magazin\/polarlichter-sehen\/#article","isPartOf":{"@id":"https:\/\/www.tuicamper.com\/magazin\/polarlichter-sehen\/"},"author":{"name":"Trang","@id":"https:\/\/www.tuicamper.com\/wp-docker\/#\/schema\/person\/64621aaf52862d378f4e7a6961086fa3"},"headline":"Polarlichter sehen: Wann und wo ist das Polarlicht am sch\u00f6nsten?","datePublished":"2020-07-22T11:45:16+00:00","dateModified":"2023-11-08T09:37:35+00:00","mainEntityOfPage":{"@id":"https:\/\/www.tuicamper.com\/magazin\/polarlichter-sehen\/"},"wordCount":4619,"commentCount":0,"image":{"@id":"https:\/\/www.tuicamper.com\/magazin\/polarlichter-sehen\/#primaryimage"},"thumbnailUrl":"https:\/\/www.tuicamper.com\/wp-docker\/wp-content\/uploads\/2020\/03\/polarlichter.jpg","keywords":["Finnland","Island","Kanada","Natur","Neuseeland","Norwegen","Schottland","Schweden"],"articleSection":["Reisethema"],"inLanguage":"de","potentialAction":[{"@type":"CommentAction","name":"Comment","target":["https:\/\/www.tuicamper.com\/magazin\/polarlichter-sehen\/#respond"]}]},{"@type":"WebPage","@id":"https:\/\/www.tuicamper.com\/magazin\/polarlichter-sehen\/","url":"https:\/\/www.tuicamper.com\/magazin\/polarlichter-sehen\/","name":"Polarlichter sehen: Wann und wo ist das Polarlicht am sch\u00f6nsten?","isPartOf":{"@id":"https:\/\/www.tuicamper.com\/#website"},"primaryImageOfPage":{"@id":"https:\/\/www.tuicamper.com\/magazin\/polarlichter-sehen\/#primaryimage"},"image":{"@id":"https:\/\/www.tuicamper.com\/magazin\/polarlichter-sehen\/#primaryimage"},"thumbnailUrl":"https:\/\/www.tuicamper.com\/wp-content\/uploads\/2020\/03\/polarlichter.jpg","datePublished":"2020-07-22T11:45:16+00:00","dateModified":"2023-11-08T09:37:35+00:00","author":{"@id":"https:\/\/www.tuicamper.com\/#\/schema\/person\/64621aaf52862d378f4e7a6961086fa3"},"description":"Polarlichter: Wer sie einmal gesehen hat, schw\u00e4rmt ein Leben lang von ihnen. Sp\u00fcren Sie dem Ph\u00e4nomen nach und erfahren Sie, wo das Polarlicht am sch\u00f6nsten ist!","breadcrumb":{"@id":"https:\/\/www.tuicamper.com\/magazin\/polarlichter-sehen\/#breadcrumb"},"inLanguage":"de","potentialAction":["Array"]},{"@type":"ImageObject","inLanguage":"de","@id":"https:\/\/www.tuicamper.com\/magazin\/polarlichter-sehen\/#primaryimage","url":"https:\/\/www.tuicamper.com\/wp-docker\/wp-content\/uploads\/2020\/03\/polarlichter.jpg","contentUrl":"https:\/\/www.tuicamper.com\/wp-docker\/wp-content\/uploads\/2020\/03\/polarlichter.jpg","width":1310,"height":500,"caption":"polarlichter"},{"@type":"BreadcrumbList","@id":"https:\/\/www.tuicamper.com\/magazin\/polarlichter-sehen\/#breadcrumb","itemListElement":[{"@type":"ListItem","position":1,"name":"Startseite","item":"https:\/\/www.tuicamper.com\/wp-docker\/"},{"@type":"ListItem","position":2,"name":"Polarlichter sehen: Wann und wo ist das Polarlicht am sch\u00f6nsten?"}]},{"@type":"WebSite","@id":"https:\/\/www.tuicamper.com\/#website","url":"https:\/\/www.tuicamper.com\/","name":"TUI Camper Magazin","description":"","potentialAction":["Array"],"inLanguage":"de"},{"@type":"Person","@id":"https:\/\/www.tuicamper.com\/wp-docker\/#\/schema\/person\/64621aaf52862d378f4e7a6961086fa3","name":"Trang","image":{"@type":"ImageObject","inLanguage":"de","@id":"https:\/\/secure.gravatar.com\/avatar\/c946f00f16c232f8cdecfb386f553c12468182e6b4443fb0719b0ef4d8387620?s=96&d=mm&r=g","url":"https:\/\/secure.gravatar.com\/avatar\/c946f00f16c232f8cdecfb386f553c12468182e6b4443fb0719b0ef4d8387620?s=96&d=mm&r=g","contentUrl":"https:\/\/secure.gravatar.com\/avatar\/c946f00f16c232f8cdecfb386f553c12468182e6b4443fb0719b0ef4d8387620?s=96&d=mm&r=g","caption":"Trang"},"url":"https:\/\/www.tuicamper.com\/wp-docker\/magazin\/author\/trang\/"}]}},"_links":{"self":[{"href":"https:\/\/www.tuicamper.com\/wp-docker\/wp-json\/wp\/v2\/posts\/5955","targetHints":{"allow":["GET"]}}],"collection":[{"href":"https:\/\/www.tuicamper.com\/wp-docker\/wp-json\/wp\/v2\/posts"}],"about":[{"href":"https:\/\/www.tuicamper.com\/wp-docker\/wp-json\/wp\/v2\/types\/post"}],"author":[{"embeddable":true,"href":"https:\/\/www.tuicamper.com\/wp-docker\/wp-json\/wp\/v2\/users\/4"}],"replies":[{"embeddable":true,"href":"https:\/\/www.tuicamper.com\/wp-docker\/wp-json\/wp\/v2\/comments?post=5955"}],"version-history":[{"count":13,"href":"https:\/\/www.tuicamper.com\/wp-docker\/wp-json\/wp\/v2\/posts\/5955\/revisions"}],"predecessor-version":[{"id":64347,"href":"https:\/\/www.tuicamper.com\/wp-docker\/wp-json\/wp\/v2\/posts\/5955\/revisions\/64347"}],"wp:featuredmedia":[{"embeddable":true,"href":"https:\/\/www.tuicamper.com\/wp-docker\/wp-json\/wp\/v2\/media\/5956"}],"wp:attachment":[{"href":"https:\/\/www.tuicamper.com\/wp-docker\/wp-json\/wp\/v2\/media?parent=5955"}],"wp:term":[{"taxonomy":"category","embeddable":true,"href":"https:\/\/www.tuicamper.com\/wp-docker\/wp-json\/wp\/v2\/categories?post=5955"},{"taxonomy":"post_tag","embeddable":true,"href":"https:\/\/www.tuicamper.com\/wp-docker\/wp-json\/wp\/v2\/tags?post=5955"}],"curies":[{"name":"wp","href":"https:\/\/api.w.org\/{rel}","templated":true}]}}