{"id":5758,"date":"2020-06-08T15:04:16","date_gmt":"2020-06-08T13:04:16","guid":{"rendered":"https:\/\/www.tuicamper.com\/wp-docker\/?p=5758"},"modified":"2022-11-03T10:22:24","modified_gmt":"2022-11-03T09:22:24","slug":"mit-dem-wohnmobil-durch-die-pyrenaeen","status":"publish","type":"post","link":"https:\/\/www.tuicamper.com\/magazin\/mit-dem-wohnmobil-durch-die-pyrenaeen\/","title":{"rendered":"Mit dem Wohnmobil durch die Pyren\u00e4en: Highlights &#038; Routen"},"content":{"rendered":"<div id='av_section_1'  class='avia-section av-jt5vrdgv-4386718e65b314e69682ca60ae604601 main_color avia-section-default avia-no-border-styling  avia-builder-el-0  el_before_av_textblock  avia-builder-el-first  reduced-content avia-bg-style-scroll container_wrap sidebar_right'  ><div class='container av-section-cont-open' ><main  role=\"main\" itemprop=\"mainContentOfPage\"  class='template-page content  av-content-small alpha units'><div class='post-entry post-entry-type-page post-entry-5758'><div class='entry-content-wrapper clearfix'>\n\n<style type=\"text\/css\" data-created_by=\"avia_inline_auto\" id=\"style-css-av-1g5aou-6e8505d9de1136ce38f66b0d0e5d2a36\">\n.flex_column.av-1g5aou-6e8505d9de1136ce38f66b0d0e5d2a36{\nborder-radius:0px 0px 0px 0px;\npadding:0px 0px 0px 0px;\n}\n<\/style>\n<div  class='flex_column av-1g5aou-6e8505d9de1136ce38f66b0d0e5d2a36 av_one_full  avia-builder-el-1  avia-builder-el-no-sibling  first flex_column_div av-zero-column-padding  '     ><section  class='av_textblock_section av-jt5tjyk0-3c3ad3c49a2fedf7b0c26b6227895b8a '   itemscope=\"itemscope\" itemtype=\"https:\/\/schema.org\/BlogPosting\" itemprop=\"blogPost\" ><div class='avia_textblock'  itemprop=\"text\" ><p>\u00dcber mehr als 430 Kilometer erstrecken sich die Pyren\u00e4en zwischen Frankreich und Spanien und schirmen die Iberische Halbinsel damit wie eine Festung vom Rest Europas ab. Die idyllischen T\u00e4ler und spektakul\u00e4ren H\u00f6hen von bis zu 3.400 Meter bieten Campern schier endlose M\u00f6glichkeiten f\u00fcr unvergessliche Entdecker-Touren. Zwischen imposanten Felsformationen, traumhaften Wanderwegen und vertr\u00e4umten D\u00f6rfchen entfaltet sich der charakteristische Zauber der Pyren\u00e4en ganz von selbst.<\/p>\n<\/div><\/section><\/div>\n<\/div><\/div><\/main><!-- close content main element --><\/div><\/div><div id='after_section_1'  class='main_color av_default_container_wrap container_wrap sidebar_right'  ><div class='container av-section-cont-open' ><div class='template-page content  av-content-small alpha units'><div class='post-entry post-entry-type-page post-entry-5758'><div class='entry-content-wrapper clearfix'>\n<section  class='av_textblock_section av-jtpqpty6-550c066a997ebaf648fccc87d0b9ff16 '   itemscope=\"itemscope\" itemtype=\"https:\/\/schema.org\/BlogPosting\" itemprop=\"blogPost\" ><div class='avia_textblock'  itemprop=\"text\" >\n<\/div><\/section>\n<\/div><\/div><\/div><!-- close content main div --><\/div><\/div><div id='av_section_2'  class='avia-section av-jt5vrdgv-45-e0730a298a4113fbf5511f9c3f179549 main_color avia-section-default avia-no-border-styling  avia-builder-el-4  el_after_av_textblock  el_before_av_section  reduced-content avia-bg-style-scroll container_wrap sidebar_right'  ><div class='container av-section-cont-open' ><div class='template-page content  av-content-small alpha units'><div class='post-entry post-entry-type-page post-entry-5758'><div class='entry-content-wrapper clearfix'>\n<section  class='av_textblock_section av-jt5tjyk0-43-7737d8fc4f83afa63c0212a25090db0d '   itemscope=\"itemscope\" itemtype=\"https:\/\/schema.org\/BlogPosting\" itemprop=\"blogPost\" ><div class='avia_textblock'  itemprop=\"text\" ><div id=\"js-table-of-contents\">\r\n    <strong>Inhaltsverzeichnis<\/strong>\r\n<\/div>\n<\/div><\/section>\n\n<\/div><\/div><\/div><!-- close content main div --><\/div><\/div><div id='av_section_3'  class='avia-section av-jt5vrdgv-41-56b65cf59d806897bf963b44f8792ec7 main_color avia-section-default avia-no-border-styling  avia-builder-el-6  el_after_av_section  el_before_av_section  reduced-content avia-bg-style-scroll container_wrap sidebar_right'  ><div class='container av-section-cont-open' ><div class='template-page content  av-content-small alpha units'><div class='post-entry post-entry-type-page post-entry-5758'><div class='entry-content-wrapper clearfix'>\n\n<style type=\"text\/css\" data-created_by=\"avia_inline_auto\" id=\"style-css-av-1g5aou-44-f50a2b4004669dbba4cdb17c7bb9d9c5\">\n.flex_column.av-1g5aou-44-f50a2b4004669dbba4cdb17c7bb9d9c5{\nborder-radius:0px 0px 0px 0px;\npadding:0px 0px 0px 0px;\n}\n<\/style>\n<div  class='flex_column av-1g5aou-44-f50a2b4004669dbba4cdb17c7bb9d9c5 av_one_full  avia-builder-el-7  avia-builder-el-no-sibling  first flex_column_div av-zero-column-padding  '     ><section  class='av_textblock_section av-jt5tjyk0-40-b6200a958131f095c4c901c05828bef0 '   itemscope=\"itemscope\" itemtype=\"https:\/\/schema.org\/BlogPosting\" itemprop=\"blogPost\" ><div class='avia_textblock'  itemprop=\"text\" ><h2>Die Anreise<\/h2>\n<p>Die Pyren\u00e4en k\u00f6nnen Sie <a href=\"https:\/\/www.tuicamper.com\/reiseziele\/europa\/deutschland\/\">von Deutschland aus<\/a> problemlos auf eigene Faust mit dem Wohnmobil erreichen. Eine (ggf. auch zwei) \u00dcbernachtungen sollten Sie f\u00fcr die \u2013 je nach Startpunkt \u2013 \u00fcber 2.000 Kilometer aber einplanen. Ihre Route f\u00fchrt Sie \u2013 entweder \u00fcber Paris oder \u00fcber Stra\u00dfburg \u2013 einmal <a href=\"https:\/\/www.tuicamper.com\/magazin\/wohnmobil-frankreich\/\">quer durch Frankreich<\/a>. Nachdem Sie Toulouse hinter sich gelassen haben, ist es nur noch ein Katzensprung bis zu den Ausl\u00e4ufern der Pyren\u00e4en. Wichtig: Nicht nur in <a href=\"https:\/\/www.tuicamper.com\/reiseziele\/europa\/spanien\/\">Spanien<\/a> selbst fallen Mautgeb\u00fchren an. Auch bereits in Frankreich wird Maut f\u00e4llig. Auf der Webseite des ADAC lesen Sie mehr zur <a href=\"https:\/\/www.adac.de\/reise-freizeit\/maut-vignette\/frankreich\/\" target=\"_blank\" rel=\"noopener\">Maut in Frankreich<\/a> und <a href=\"https:\/\/www.adac.de\/reise-freizeit\/maut-vignette\/spanien\/\" target=\"_blank\" rel=\"noopener\">Maut in Spanien<\/a>.<\/p>\n<p>Alternativ k\u00f6nnen Sie aber auch mit dem Flugzeug direkt nach Nordspanien, beispielsweise nach Barcelona oder Bilbao fliegen. Wohnmobil-Stationen, in denen Sie Ihren Camper in Empfang nehmen k\u00f6nnen, befinden sich etwa in <a href=\"https:\/\/www.tuicamper.com\/reiseziele\/europa\/spanien\/barcelona\/\">Barcelona<\/a>\u00a0oder <a href=\"https:\/\/www.tuicamper.com\/reiseziele\/europa\/spanien\/san-sebastian\/\">San Sebasti\u00e1n<\/a>.<\/p>\n<\/div><\/section><\/div>\n\n<\/div><\/div><\/div><!-- close content main div --><\/div><\/div><div id='av_section_4'  class='avia-section av-b7gvl-1eb57de5f7b7a94c40602e8cf977ebb0 main_color avia-section-default avia-no-border-styling  avia-builder-el-9  el_after_av_section  el_before_av_section  reduced-content avia-bg-style-scroll container_wrap sidebar_right'  ><div class='container av-section-cont-open' ><div class='template-page content  av-content-small alpha units'><div class='post-entry post-entry-type-page post-entry-5758'><div class='entry-content-wrapper clearfix'>\n\n<style type=\"text\/css\" data-created_by=\"avia_inline_auto\" id=\"style-css-av-jtplvt5k-84e2004781ca1daa0736579410a1123e\">\n.avia-image-container.av-jtplvt5k-84e2004781ca1daa0736579410a1123e img.avia_image{\nbox-shadow:none;\n}\n.avia-image-container.av-jtplvt5k-84e2004781ca1daa0736579410a1123e .av-caption-image-overlay-bg{\nopacity:0.4;\nbackground-color:#000000;\n}\n.avia-image-container.av-jtplvt5k-84e2004781ca1daa0736579410a1123e .av-image-caption-overlay-center{\ncolor:#ffffff;\n}\n<\/style>\n<div  class='avia-image-container av-jtplvt5k-84e2004781ca1daa0736579410a1123e av-styling- av-img-linked avia_animated_image av-animated-when-visible-95 fade-in avia-align-center  avia-builder-el-10  el_before_av_hr  avia-builder-el-first  noHover av-overlay-on-hover'   itemprop=\"image\" itemscope=\"itemscope\" itemtype=\"https:\/\/schema.org\/ImageObject\" ><div class=\"avia-image-container-inner\"><div class=\"avia-image-overlay-wrap\"><a href=\"https:\/\/www.tuicamper.com\/wp-docker\/wp-content\/uploads\/2020\/06\/himmel-pau-1030x686.jpg\" data-srcset=\"https:\/\/www.tuicamper.com\/wp-docker\/wp-content\/uploads\/2020\/06\/himmel-pau-1030x686.jpg 1030w, https:\/\/www.tuicamper.com\/wp-docker\/wp-content\/uploads\/2020\/06\/himmel-pau-300x200.jpg 300w, https:\/\/www.tuicamper.com\/wp-docker\/wp-content\/uploads\/2020\/06\/himmel-pau-768x512.jpg 768w, https:\/\/www.tuicamper.com\/wp-docker\/wp-content\/uploads\/2020\/06\/himmel-pau-705x470.jpg 705w, https:\/\/www.tuicamper.com\/wp-docker\/wp-content\/uploads\/2020\/06\/himmel-pau.jpg 1280w\" data-sizes=\"(max-width: 1030px) 100vw, 1030px\" class='avia_image '  aria-label='Morgenhimmel \u00fcber Pau'><div class=\"av-image-caption-overlay\"><div class=\"av-caption-image-overlay-bg\"><\/div><div class=\"av-image-caption-overlay-position\"><div class=\"av-image-caption-overlay-center\"><p>Morgenhimmel \u00fcber Pau<\/p>\n<\/div><\/div><\/div><img decoding=\"async\" fetchpriority=\"high\" class='wp-image-6220 avia-img-lazy-loading-not-6220 avia_image ' src=\"https:\/\/www.tuicamper.com\/wp-docker\/wp-content\/uploads\/2020\/06\/himmel-pau-1280x630.jpg\" alt='Morgenhimmel \u00fcber Pau' title='Morgenhimmel \u00fcber Pau'  height=\"630\" width=\"1280\"  itemprop=\"thumbnailUrl\"  \/><\/a><\/div><\/div><\/div>\n\n<style type=\"text\/css\" data-created_by=\"avia_inline_auto\" id=\"style-css-av-jwj918c3-315e0fede61d05e0c478b80905e3cec5\">\n#top .hr.hr-invisible.av-jwj918c3-315e0fede61d05e0c478b80905e3cec5{\nheight:25px;\n}\n<\/style>\n<div  class='hr av-jwj918c3-315e0fede61d05e0c478b80905e3cec5 hr-invisible  avia-builder-el-11  el_after_av_image  avia-builder-el-last '><span class='hr-inner '><span class=\"hr-inner-style\"><\/span><\/span><\/div>\n\n<\/div><\/div><\/div><!-- close content main div --><\/div><\/div><div id='av_section_5'  class='avia-section av-jt5vrdgv-39-6d043fa432e62d394165746833abde27 main_color avia-section-default avia-no-border-styling  avia-builder-el-12  el_after_av_section  el_before_av_section  reduced-content avia-bg-style-scroll container_wrap sidebar_right'  ><div class='container av-section-cont-open' ><div class='template-page content  av-content-small alpha units'><div class='post-entry post-entry-type-page post-entry-5758'><div class='entry-content-wrapper clearfix'>\n\n<style type=\"text\/css\" data-created_by=\"avia_inline_auto\" id=\"style-css-av-1g5aou-38-ca7aefb1441eee36d099a2acc196d2a7\">\n.flex_column.av-1g5aou-38-ca7aefb1441eee36d099a2acc196d2a7{\nborder-radius:0px 0px 0px 0px;\npadding:0px 0px 0px 0px;\n}\n<\/style>\n<div  class='flex_column av-1g5aou-38-ca7aefb1441eee36d099a2acc196d2a7 av_one_full  avia-builder-el-13  avia-builder-el-no-sibling  first flex_column_div av-zero-column-padding  '     ><section  class='av_textblock_section av-jt5tjyk0-37-9a8c9be5be24ceeef2a679f3af1ea267 '   itemscope=\"itemscope\" itemtype=\"https:\/\/schema.org\/BlogPosting\" itemprop=\"blogPost\" ><div class='avia_textblock'  itemprop=\"text\" ><h2>5 Highlights der Pyren\u00e4en im Portrait<\/h2>\n<p>Die Pyren\u00e4en geizen nicht mit spektakul\u00e4ren Naturlandschaften und unvergesslichen Orten. Wir stellen Ihnen drei Sehensw\u00fcrdigkeiten vor, die Sie in Ihrem Pyren\u00e4en-Urlaub nicht verpassen sollten.<\/p>\n<\/div><\/section><\/div>\n\n<\/div><\/div><\/div><!-- close content main div --><\/div><\/div><div id='av_section_6'  class='avia-section av-jt5vrdgv-33-c74ad57ddd0bfbcbf42924ea1a02988a main_color avia-section-default avia-no-border-styling  avia-builder-el-15  el_after_av_section  el_before_av_section  reduced-content avia-bg-style-scroll container_wrap sidebar_right'  ><div class='container av-section-cont-open' ><div class='template-page content  av-content-small alpha units'><div class='post-entry post-entry-type-page post-entry-5758'><div class='entry-content-wrapper clearfix'>\n\n<style type=\"text\/css\" data-created_by=\"avia_inline_auto\" id=\"style-css-av-1g5aou-32-91e1107bdb8a6e178d9ff71d539c75ad\">\n.flex_column.av-1g5aou-32-91e1107bdb8a6e178d9ff71d539c75ad{\nborder-radius:0px 0px 0px 0px;\npadding:0px 0px 0px 0px;\n}\n<\/style>\n<div  class='flex_column av-1g5aou-32-91e1107bdb8a6e178d9ff71d539c75ad av_one_full  avia-builder-el-16  avia-builder-el-no-sibling  first flex_column_div av-zero-column-padding  '     ><section  class='av_textblock_section av-jt5tjyk0-31-3c630faf633e99305aa080715cd8296e '   itemscope=\"itemscope\" itemtype=\"https:\/\/schema.org\/BlogPosting\" itemprop=\"blogPost\" ><div class='avia_textblock'  itemprop=\"text\" ><h3>1.) Argel\u00e8s-sur-Mer \u2013 Traumstrand vor idyllischer Landschaft<\/h3>\n<p>Das auf franz\u00f6sischer Seite gelegene Argel\u00e8s-sur-Mer ist ein echtes Kleinod. Ein sieben Kilometer langer Sandstrand l\u00e4dt zum (Sonnen-)Baden ein. Auf Ihrem Spaziergang entlang der Strandpromenade k\u00f6nnen Sie zudem etliche Jugendstilvillen bestaunen. Absolut postkartenmotivw\u00fcrdig sind zudem die schmalen G\u00e4sschen der Altstadt.<\/p>\n<p>Wanderfreunde k\u00f6nnen vom Strand der K\u00fcstenstadt aus bis ins ebenfalls sehenswerte Dorf Collioure wandern. Ges\u00e4umt wird der Weg von w\u00fcrzig duftenden Kr\u00e4utern und immer wieder farbenfroh aufblitzenden Blumen.<\/p>\n<p><strong>Campingplatz-Tipp<\/strong>: Mit <a href=\"https:\/\/www.campingledauphin.com\/\" target=\"_blank\" rel=\"noopener\">Camping Le Dauphin<\/a> finden Sie vor Ort einen sehr gut ausgestatteten, \u00f6kologischen Campingplatz vor. Empfehlenswerte Alternativen gibt es in der Region allerdings mehr als genug. Reisen Sie im Sommer, sollten Sie allerdings unabh\u00e4ngig vom favorisierten Platz rechtzeitig reservieren.<\/p>\n<\/div><\/section><\/div>\n\n<\/div><\/div><\/div><!-- close content main div --><\/div><\/div><div id='av_section_7'  class='avia-section av-b7gvl-36-9b66f4adedadcfb404104cc1662d4212 main_color avia-section-default avia-no-border-styling  avia-builder-el-18  el_after_av_section  el_before_av_section  reduced-content avia-bg-style-scroll container_wrap sidebar_right'  ><div class='container av-section-cont-open' ><div class='template-page content  av-content-small alpha units'><div class='post-entry post-entry-type-page post-entry-5758'><div class='entry-content-wrapper clearfix'>\n\n<style type=\"text\/css\" data-created_by=\"avia_inline_auto\" id=\"style-css-av-jtplvt5k-35-a094df45d6541686cc49e989ca2b67b8\">\n.avia-image-container.av-jtplvt5k-35-a094df45d6541686cc49e989ca2b67b8 img.avia_image{\nbox-shadow:none;\n}\n.avia-image-container.av-jtplvt5k-35-a094df45d6541686cc49e989ca2b67b8 .av-caption-image-overlay-bg{\nopacity:0.4;\nbackground-color:#000000;\n}\n.avia-image-container.av-jtplvt5k-35-a094df45d6541686cc49e989ca2b67b8 .av-image-caption-overlay-center{\ncolor:#ffffff;\n}\n<\/style>\n<div  class='avia-image-container av-jtplvt5k-35-a094df45d6541686cc49e989ca2b67b8 av-styling- av-img-linked avia_animated_image av-animated-when-visible-95 fade-in avia-align-center  avia-builder-el-19  el_before_av_hr  avia-builder-el-first  noHover av-overlay-on-hover'   itemprop=\"image\" itemscope=\"itemscope\" itemtype=\"https:\/\/schema.org\/ImageObject\" ><div class=\"avia-image-container-inner\"><div class=\"avia-image-overlay-wrap\"><a href=\"https:\/\/www.tuicamper.com\/wp-docker\/wp-content\/uploads\/2020\/06\/collioure-1030x773.jpg\" data-srcset=\"https:\/\/www.tuicamper.com\/wp-docker\/wp-content\/uploads\/2020\/06\/collioure-1030x773.jpg 1030w, https:\/\/www.tuicamper.com\/wp-docker\/wp-content\/uploads\/2020\/06\/collioure-300x225.jpg 300w, https:\/\/www.tuicamper.com\/wp-docker\/wp-content\/uploads\/2020\/06\/collioure-768x576.jpg 768w, https:\/\/www.tuicamper.com\/wp-docker\/wp-content\/uploads\/2020\/06\/collioure-705x529.jpg 705w, https:\/\/www.tuicamper.com\/wp-docker\/wp-content\/uploads\/2020\/06\/collioure.jpg 1280w\" data-sizes=\"(max-width: 1030px) 100vw, 1030px\" class='avia_image '  aria-label='Hafen von Collioure'><div class=\"av-image-caption-overlay\"><div class=\"av-caption-image-overlay-bg\"><\/div><div class=\"av-image-caption-overlay-position\"><div class=\"av-image-caption-overlay-center\"><p>Der Hafen con Collioure<\/p>\n<\/div><\/div><\/div><img decoding=\"async\" fetchpriority=\"high\" class='wp-image-6216 avia-img-lazy-loading-not-6216 avia_image ' src=\"https:\/\/www.tuicamper.com\/wp-docker\/wp-content\/uploads\/2020\/06\/collioure-1280x630.jpg\" alt='Hafen von Collioure' title='Hafen von Collioure'  height=\"630\" width=\"1280\"  itemprop=\"thumbnailUrl\"  \/><\/a><\/div><\/div><\/div>\n\n<style type=\"text\/css\" data-created_by=\"avia_inline_auto\" id=\"style-css-av-jwj918c3-34-645ce165f7e15f3d1297a2f70f4c8c7e\">\n#top .hr.hr-invisible.av-jwj918c3-34-645ce165f7e15f3d1297a2f70f4c8c7e{\nheight:25px;\n}\n<\/style>\n<div  class='hr av-jwj918c3-34-645ce165f7e15f3d1297a2f70f4c8c7e hr-invisible  avia-builder-el-20  el_after_av_image  avia-builder-el-last '><span class='hr-inner '><span class=\"hr-inner-style\"><\/span><\/span><\/div>\n\n<\/div><\/div><\/div><!-- close content main div --><\/div><\/div><div id='av_section_8'  class='avia-section av-jt5vrdgv-30-1ceff83e45e7145049cd95a32220b1e0 main_color avia-section-default avia-no-border-styling  avia-builder-el-21  el_after_av_section  el_before_av_section  reduced-content avia-bg-style-scroll container_wrap sidebar_right'  ><div class='container av-section-cont-open' ><div class='template-page content  av-content-small alpha units'><div class='post-entry post-entry-type-page post-entry-5758'><div class='entry-content-wrapper clearfix'>\n\n<style type=\"text\/css\" data-created_by=\"avia_inline_auto\" id=\"style-css-av-1g5aou-29-9e3be53fc3bdaebd02253ce95e6786db\">\n.flex_column.av-1g5aou-29-9e3be53fc3bdaebd02253ce95e6786db{\nborder-radius:0px 0px 0px 0px;\npadding:0px 0px 0px 0px;\n}\n<\/style>\n<div  class='flex_column av-1g5aou-29-9e3be53fc3bdaebd02253ce95e6786db av_one_full  avia-builder-el-22  avia-builder-el-no-sibling  first flex_column_div av-zero-column-padding  '     ><section  class='av_textblock_section av-jt5tjyk0-28-fb3e1c0b8650eea20de569f7b3f389de '   itemscope=\"itemscope\" itemtype=\"https:\/\/schema.org\/BlogPosting\" itemprop=\"blogPost\" ><div class='avia_textblock'  itemprop=\"text\" ><h3>2.) Ma\u00e7anet de Cabrenys \u2013 ein Pyren\u00e4en-Dorf wie aus dem Bilderbuch<\/h3>\n<p>Die Gemeinde Ma\u00e7anet de Cabrenys befindet sich an den \u00f6stlichen Ausl\u00e4ufern der Pyren\u00e4en und gibt einen ersten Vorgeschmack auf die D\u00f6rfer-Idylle, die Sie in den kommenden Tagen und Wochen erwartet. Mittelalterlich anmutende Steinh\u00e4uschen, malerische Kirchen und Kapellen, enge G\u00e4sschen und eine bewaldete Bergkulisse, die zu ausgedehnten Wanderungen einl\u00e4dt: Ma\u00e7anet de Cabrenys pr\u00e4sentiert Ihnen den Zauber der Pyren\u00e4en in der Nussschale.<\/p>\n<p><strong>Campingplatz-Tipp<\/strong>: <a href=\"https:\/\/www.campingmassanet.com\/ca\/\" target=\"_blank\" rel=\"noopener\">Ma\u00e7anet De Cabrenys<\/a> \u2013 idyllisch gelegener Campingplatz mitten in der Natur.<\/p>\n<\/div><\/section><\/div>\n\n<\/div><\/div><\/div><!-- close content main div --><\/div><\/div><div id='av_section_9'  class='avia-section av-b7gvl-27-d0842e4bd83b78d2ad6d828cefde3fc5 main_color avia-section-default avia-no-border-styling  avia-builder-el-24  el_after_av_section  el_before_av_section  reduced-content avia-bg-style-scroll container_wrap sidebar_right'  ><div class='container av-section-cont-open' ><div class='template-page content  av-content-small alpha units'><div class='post-entry post-entry-type-page post-entry-5758'><div class='entry-content-wrapper clearfix'>\n\n<style type=\"text\/css\" data-created_by=\"avia_inline_auto\" id=\"style-css-av-jtplvt5k-26-9a26b15902b94bbd32b45edc7a0fbe7c\">\n.avia-image-container.av-jtplvt5k-26-9a26b15902b94bbd32b45edc7a0fbe7c img.avia_image{\nbox-shadow:none;\n}\n.avia-image-container.av-jtplvt5k-26-9a26b15902b94bbd32b45edc7a0fbe7c .av-caption-image-overlay-bg{\nopacity:0.4;\nbackground-color:#000000;\n}\n.avia-image-container.av-jtplvt5k-26-9a26b15902b94bbd32b45edc7a0fbe7c .av-image-caption-overlay-center{\ncolor:#ffffff;\n}\n<\/style>\n<div  class='avia-image-container av-jtplvt5k-26-9a26b15902b94bbd32b45edc7a0fbe7c av-styling- av-img-linked avia_animated_image av-animated-when-visible-95 fade-in avia-align-center  avia-builder-el-25  el_before_av_hr  avia-builder-el-first  noHover av-overlay-on-hover'   itemprop=\"image\" itemscope=\"itemscope\" itemtype=\"https:\/\/schema.org\/ImageObject\" ><div class=\"avia-image-container-inner\"><div class=\"avia-image-overlay-wrap\"><a href=\"https:\/\/www.tuicamper.com\/wp-docker\/wp-content\/uploads\/2020\/02\/dorfidylle-1030x773.jpg\" data-srcset=\"https:\/\/www.tuicamper.com\/wp-docker\/wp-content\/uploads\/2020\/02\/dorfidylle-1030x773.jpg 1030w, https:\/\/www.tuicamper.com\/wp-docker\/wp-content\/uploads\/2020\/02\/dorfidylle-300x225.jpg 300w, https:\/\/www.tuicamper.com\/wp-docker\/wp-content\/uploads\/2020\/02\/dorfidylle-768x576.jpg 768w, https:\/\/www.tuicamper.com\/wp-docker\/wp-content\/uploads\/2020\/02\/dorfidylle-705x529.jpg 705w, https:\/\/www.tuicamper.com\/wp-docker\/wp-content\/uploads\/2020\/02\/dorfidylle.jpg 1280w\" data-sizes=\"(max-width: 1030px) 100vw, 1030px\" class='avia_image '  aria-label='dorfidylle'><div class=\"av-image-caption-overlay\"><div class=\"av-caption-image-overlay-bg\"><\/div><div class=\"av-image-caption-overlay-position\"><div class=\"av-image-caption-overlay-center\"><p>Kleines Dorf in den Pyren\u00e4en<\/p>\n<\/div><\/div><\/div><img decoding=\"async\" fetchpriority=\"high\" class='wp-image-5765 avia-img-lazy-loading-not-5765 avia_image ' src=\"https:\/\/www.tuicamper.com\/wp-docker\/wp-content\/uploads\/2020\/02\/dorfidylle-1280x630.jpg\" alt='' title='dorfidylle'  height=\"630\" width=\"1280\"  itemprop=\"thumbnailUrl\"  \/><\/a><\/div><\/div><\/div>\n\n<style type=\"text\/css\" data-created_by=\"avia_inline_auto\" id=\"style-css-av-jwj918c3-25-3b27d30ff888b4a5a851b344f627806e\">\n#top .hr.hr-invisible.av-jwj918c3-25-3b27d30ff888b4a5a851b344f627806e{\nheight:25px;\n}\n<\/style>\n<div  class='hr av-jwj918c3-25-3b27d30ff888b4a5a851b344f627806e hr-invisible  avia-builder-el-26  el_after_av_image  avia-builder-el-last '><span class='hr-inner '><span class=\"hr-inner-style\"><\/span><\/span><\/div>\n\n<\/div><\/div><\/div><!-- close content main div --><\/div><\/div><div id='av_section_10'  class='avia-section av-jt5vrdgv-24-6fa9a5742f1c0b615aae8036c7578a04 main_color avia-section-default avia-no-border-styling  avia-builder-el-27  el_after_av_section  el_before_av_section  reduced-content avia-bg-style-scroll container_wrap sidebar_right'  ><div class='container av-section-cont-open' ><div class='template-page content  av-content-small alpha units'><div class='post-entry post-entry-type-page post-entry-5758'><div class='entry-content-wrapper clearfix'>\n\n<style type=\"text\/css\" data-created_by=\"avia_inline_auto\" id=\"style-css-av-1g5aou-23-41b6d38316d197238e1f49d3dd6c0ae4\">\n.flex_column.av-1g5aou-23-41b6d38316d197238e1f49d3dd6c0ae4{\nborder-radius:0px 0px 0px 0px;\npadding:0px 0px 0px 0px;\n}\n<\/style>\n<div  class='flex_column av-1g5aou-23-41b6d38316d197238e1f49d3dd6c0ae4 av_one_full  avia-builder-el-28  el_before_av_one_full  avia-builder-el-first  first flex_column_div av-zero-column-padding  '     ><section  class='av_textblock_section av-jt5tjyk0-22-12f8d10faf31568c8cd53ee50fca1164 '   itemscope=\"itemscope\" itemtype=\"https:\/\/schema.org\/BlogPosting\" itemprop=\"blogPost\" ><div class='avia_textblock'  itemprop=\"text\" ><h3>3.) Gorges de la Fou \u2013 Wandern in der schmalsten Schlucht der Welt<\/h3>\n<p>Ein Highlight der Extraklasse auf Ihrer Pyren\u00e4en-Tour: die Gorges de la Fou. Die Schlucht verl\u00e4uft unterhalb des fast 2.800 Meter hohen Mont Canigou und beginnt nahe des Ortes Arles-sur-Tech. Der wilde Bach und die bis auf einen Meter heranr\u00fcckenden Felsw\u00e4nde sorgen f\u00fcr ein unvergleichlich intensives Wandererlebnis. Dass die einigen Angaben zufolge schmalste Schlucht der Welt von Geistern heimgesucht werden soll, erscheint auf einer Wandertour zwischen den hellgrau und rot gef\u00e4rbten Felsen fast glaubhaft. Zumal das Wasser auf einer H\u00f6he von 1.700 Metern unter gespenstischem Get\u00f6se pl\u00f6tzlich spektakul\u00e4re 250 Meter in die Tiefe rauscht.<\/p>\n<p><strong>Campingplatz-Tipp<\/strong>: <a href=\"https:\/\/www.campinglecortsavi.com\/\" target=\"_blank\" rel=\"noopener\">Le Cortsavi<\/a> \u2013 einfach, aber sauber und idyllisch gelegen.<\/p>\n<\/div><\/section><\/div>\n<style type=\"text\/css\" data-created_by=\"avia_inline_auto\" id=\"style-css-av-1vj3vi-0d3b7736100139e13d3b37906be6204e\">\n.flex_column.av-1vj3vi-0d3b7736100139e13d3b37906be6204e{\nborder-radius:0px 0px 0px 0px;\npadding:0px 0px 0px 0px;\n}\n<\/style>\n<div  class='flex_column av-1vj3vi-0d3b7736100139e13d3b37906be6204e av_one_full  avia-builder-el-30  el_after_av_one_full  avia-builder-el-last  first flex_column_div av-zero-column-padding  column-top-margin'     ><div id='avia-messagebox-' class='avia_message_box av_notification av-la0ufrct-3b562d1c023cd8bf5d0c63d0d61b2992 avia-color-green avia-size-large avia-icon_select-yes avia-border-  avia-builder-el-31  avia-builder-el-no-sibling ' ><span class='avia_message_box_title' >Hinweis<\/span><div class=\"avia_message_box_content\"><span class='avia_message_box_icon avia-iconfont avia-font-entypo-fontello' data-av_icon='\ue81f' data-av_iconfont='entypo-fontello' ><\/span><p>Aufgrund eines Felssturzes ist die Schlucht aktuell f\u00fcr Besucher gesperrt.<br \/>\nBitte informieren Sie sich vorab in den \u00f6rtlichen Touristenb\u00fcros nach dem Stand der Wiederer\u00f6ffnung..<\/p>\n<\/div><\/div><\/div><\/div><\/div><\/div><!-- close content main div --><\/div><\/div><div id='av_section_11'  class='avia-section av-b7gvl-21-faea2895ef974eb6769ce657bbbdc564 main_color avia-section-default avia-no-border-styling  avia-builder-el-32  el_after_av_section  el_before_av_textblock  reduced-content avia-bg-style-scroll container_wrap sidebar_right'  ><div class='container av-section-cont-open' ><div class='template-page content  av-content-small alpha units'><div class='post-entry post-entry-type-page post-entry-5758'><div class='entry-content-wrapper clearfix'>\n\n<style type=\"text\/css\" data-created_by=\"avia_inline_auto\" id=\"style-css-av-jtplvt5k-20-36fa9734b9e38d9d185c2e25f968a3c4\">\n.avia-image-container.av-jtplvt5k-20-36fa9734b9e38d9d185c2e25f968a3c4 img.avia_image{\nbox-shadow:none;\n}\n.avia-image-container.av-jtplvt5k-20-36fa9734b9e38d9d185c2e25f968a3c4 .av-caption-image-overlay-bg{\nopacity:0.4;\nbackground-color:#000000;\n}\n.avia-image-container.av-jtplvt5k-20-36fa9734b9e38d9d185c2e25f968a3c4 .av-image-caption-overlay-center{\ncolor:#ffffff;\n}\n<\/style>\n<div  class='avia-image-container av-jtplvt5k-20-36fa9734b9e38d9d185c2e25f968a3c4 av-styling- av-img-linked avia_animated_image av-animated-when-visible-95 fade-in avia-align-center  avia-builder-el-33  el_before_av_hr  avia-builder-el-first  noHover av-overlay-on-hover'   itemprop=\"image\" itemscope=\"itemscope\" itemtype=\"https:\/\/schema.org\/ImageObject\" ><div class=\"avia-image-container-inner\"><div class=\"avia-image-overlay-wrap\"><a href=\"https:\/\/www.tuicamper.com\/wp-docker\/wp-content\/uploads\/2020\/02\/pyren\u00e4en-wandern-1-1030x526.jpg\" data-srcset=\"https:\/\/www.tuicamper.com\/wp-docker\/wp-content\/uploads\/2020\/02\/pyren\u00e4en-wandern-1-1030x526.jpg 1030w, https:\/\/www.tuicamper.com\/wp-docker\/wp-content\/uploads\/2020\/02\/pyren\u00e4en-wandern-1-300x153.jpg 300w, https:\/\/www.tuicamper.com\/wp-docker\/wp-content\/uploads\/2020\/02\/pyren\u00e4en-wandern-1-768x392.jpg 768w, https:\/\/www.tuicamper.com\/wp-docker\/wp-content\/uploads\/2020\/02\/pyren\u00e4en-wandern-1-705x360.jpg 705w, https:\/\/www.tuicamper.com\/wp-docker\/wp-content\/uploads\/2020\/02\/pyren\u00e4en-wandern-1.jpg 1280w\" data-sizes=\"(max-width: 1030px) 100vw, 1030px\" class='avia_image '  aria-label='pyren\u00e4en wandern'><div class=\"av-image-caption-overlay\"><div class=\"av-caption-image-overlay-bg\"><\/div><div class=\"av-image-caption-overlay-position\"><div class=\"av-image-caption-overlay-center\"><p>Wanderwege in den Pyren\u00e4en<\/p>\n<\/div><\/div><\/div><img decoding=\"async\" fetchpriority=\"high\" class='wp-image-5766 avia-img-lazy-loading-not-5766 avia_image ' src=\"https:\/\/www.tuicamper.com\/wp-docker\/wp-content\/uploads\/2020\/02\/pyren\u00e4en-wandern-1-1280x630.jpg\" alt='pyren\u00e4en wandern' title='pyren\u00e4en wandern'  height=\"630\" width=\"1280\"  itemprop=\"thumbnailUrl\"  \/><\/a><\/div><\/div><\/div>\n\n<style type=\"text\/css\" data-created_by=\"avia_inline_auto\" id=\"style-css-av-jwj918c3-19-0e1ac38e4576f2a9fec1ed9d642758b6\">\n#top .hr.hr-invisible.av-jwj918c3-19-0e1ac38e4576f2a9fec1ed9d642758b6{\nheight:25px;\n}\n<\/style>\n<div  class='hr av-jwj918c3-19-0e1ac38e4576f2a9fec1ed9d642758b6 hr-invisible  avia-builder-el-34  el_after_av_image  avia-builder-el-last '><span class='hr-inner '><span class=\"hr-inner-style\"><\/span><\/span><\/div>\n<\/div><\/div><\/div><!-- close content main div --><\/div><\/div><div id='after_section_11'  class='main_color av_default_container_wrap container_wrap sidebar_right'  ><div class='container av-section-cont-open' ><div class='template-page content  av-content-small alpha units'><div class='post-entry post-entry-type-page post-entry-5758'><div class='entry-content-wrapper clearfix'><\/p>\n<section  class='av_textblock_section av-jtpqpty6-42-6f19142d9694e5de46f503211d2382f9 '   itemscope=\"itemscope\" itemtype=\"https:\/\/schema.org\/BlogPosting\" itemprop=\"blogPost\" ><div class='avia_textblock'  itemprop=\"text\" ><div id=\"breaker_element_shortcode\" class=\"postbox \">\n<div class=\"inside\">\n\r\n<div style=\"clear: both;\"><\/div>\r\n<div class=\"post-breaker-item breaker-type-default\">\r\n    <div class=\"post-breaker-item-inner\">\r\n                    \n<style type=\"text\/css\" data-created_by=\"avia_inline_auto\" id=\"style-css-av-jtpksizx-4b352f2a2752c01e58a4c67632af1aa6\">\n#top .av_textblock_section.av-jtpksizx-4b352f2a2752c01e58a4c67632af1aa6 .avia_textblock{\nfont-size:28px;\n}\n<\/style>\n<section  class='av_textblock_section av-jtpksizx-4b352f2a2752c01e58a4c67632af1aa6 '   itemscope=\"itemscope\" itemtype=\"https:\/\/schema.org\/BlogPosting\" itemprop=\"blogPost\" ><div class='avia_textblock'  itemprop=\"text\" ><p><strong>\u2013 Lesen Sie auch \u2013<\/strong><\/p>\n<\/div><\/section>\n\n<style type=\"text\/css\" data-created_by=\"avia_inline_auto\" id=\"style-css-av-ehyb5-42286bbb62f5c947921c50b729609f1d\">\n.flex_column.av-ehyb5-42286bbb62f5c947921c50b729609f1d{\nborder-radius:0px 0px 0px 0px;\npadding:0px 0px 0px 0px;\n}\n<\/style>\n<div  class='flex_column av-ehyb5-42286bbb62f5c947921c50b729609f1d av_one_third first flex_column_div av-zero-column-padding  '     ><p>\n<style type=\"text\/css\" data-created_by=\"avia_inline_auto\" id=\"style-css-av-jt75ko0n-3a09d8771f75fdffd3de110a0f3d077a\">\n.avia-image-container.av-jt75ko0n-3a09d8771f75fdffd3de110a0f3d077a img.avia_image{\nbox-shadow:none;\n}\n.avia-image-container.av-jt75ko0n-3a09d8771f75fdffd3de110a0f3d077a .av-image-caption-overlay-center{\ncolor:#ffffff;\n}\n<\/style>\n<div  class='avia-image-container av-jt75ko0n-3a09d8771f75fdffd3de110a0f3d077a av-styling-no-styling av-hover-grow av-hide-overflow av-img-linked avia_animated_image av-animated-when-visible-95 fade-in avia-align-left'   itemprop=\"image\" itemscope=\"itemscope\" itemtype=\"https:\/\/schema.org\/ImageObject\" ><div class=\"avia-image-container-inner\"><div class=\"avia-image-overlay-wrap\"><a href=\"https:\/\/www.tuicamper.com\/magazin\/andalusien-highlights\/\" class='avia_image '  aria-label='Wohnmobil Andalusien'><img decoding=\"async\" fetchpriority=\"high\" class='wp-image-1382 avia-img-lazy-loading-not-1382 avia_image ' src=\"https:\/\/www.tuicamper.com\/wp-docker\/wp-content\/uploads\/2019\/04\/andalusien-teaser.jpg\" alt='Wohnmobil Andalusien' title='Wohnmobil Andalusien'  height=\"200\" width=\"350\"  itemprop=\"thumbnailUrl\" srcset=\"https:\/\/www.tuicamper.com\/wp-docker\/wp-content\/uploads\/2019\/04\/andalusien-teaser.jpg 350w, https:\/\/www.tuicamper.com\/wp-docker\/wp-content\/uploads\/2019\/04\/andalusien-teaser-300x171.jpg 300w\" sizes=\"(max-width: 350px) 100vw, 350px\" \/><\/a><\/div><\/div><\/div><br \/>\n<section  class='av_textblock_section av-jt75lbqb-bba29013bb6610b0762c56b6a5ae7819 '   itemscope=\"itemscope\" itemtype=\"https:\/\/schema.org\/BlogPosting\" itemprop=\"blogPost\" ><div class='avia_textblock'  itemprop=\"text\" ><p style=\"text-align: left;\"><strong><a href=\"https:\/\/www.tuicamper.com\/magazin\/andalusien-highlights\/\">Wohnmobil Andalusien \u2013 10 Highlights f\u00fcr eine Camper-Reise<\/a><\/strong><\/p>\n<\/div><\/section><\/p><\/div>\n<style type=\"text\/css\" data-created_by=\"avia_inline_auto\" id=\"style-css-av-ehyb5-8fadcff6392c44a3fc98dc4b014d4246\">\n.flex_column.av-ehyb5-8fadcff6392c44a3fc98dc4b014d4246{\nborder-radius:0px 0px 0px 0px;\npadding:0px 0px 0px 0px;\n}\n<\/style>\n<div  class='flex_column av-ehyb5-8fadcff6392c44a3fc98dc4b014d4246 av_one_third flex_column_div av-zero-column-padding  '     ><p>\n<style type=\"text\/css\" data-created_by=\"avia_inline_auto\" id=\"style-css-av-jt75ko0n-0ee1509438fa95940755fe5595e98f2c\">\n.avia-image-container.av-jt75ko0n-0ee1509438fa95940755fe5595e98f2c img.avia_image{\nbox-shadow:none;\n}\n.avia-image-container.av-jt75ko0n-0ee1509438fa95940755fe5595e98f2c .av-image-caption-overlay-center{\ncolor:#ffffff;\n}\n<\/style>\n<div  class='avia-image-container av-jt75ko0n-0ee1509438fa95940755fe5595e98f2c av-styling-no-styling av-hover-grow av-hide-overflow av-img-linked avia_animated_image av-animated-when-visible-95 fade-in avia-align-left'   itemprop=\"image\" itemscope=\"itemscope\" itemtype=\"https:\/\/schema.org\/ImageObject\" ><div class=\"avia-image-container-inner\"><div class=\"avia-image-overlay-wrap\"><a href=\"https:\/\/www.tuicamper.com\/magazin\/mit-dem-wohnmobil-nach-istrien\/\" class='avia_image '  aria-label='Istrien-Urlaub'><img decoding=\"async\" fetchpriority=\"high\" class='wp-image-1678 avia-img-lazy-loading-not-1678 avia_image ' src=\"https:\/\/www.tuicamper.com\/wp-docker\/wp-content\/uploads\/2019\/04\/istrien-teaser.jpg\" alt='Istrien-Urlaub' title='Istrien-Urlaub'  height=\"200\" width=\"350\"  itemprop=\"thumbnailUrl\" srcset=\"https:\/\/www.tuicamper.com\/wp-docker\/wp-content\/uploads\/2019\/04\/istrien-teaser.jpg 350w, https:\/\/www.tuicamper.com\/wp-docker\/wp-content\/uploads\/2019\/04\/istrien-teaser-300x171.jpg 300w\" sizes=\"(max-width: 350px) 100vw, 350px\" \/><\/a><\/div><\/div><\/div><br \/>\n<section  class='av_textblock_section av-jt75lbqb-bba29013bb6610b0762c56b6a5ae7819 '   itemscope=\"itemscope\" itemtype=\"https:\/\/schema.org\/BlogPosting\" itemprop=\"blogPost\" ><div class='avia_textblock'  itemprop=\"text\" ><p style=\"text-align: left;\"><strong><a href=\"https:\/\/www.tuicamper.com\/magazin\/mit-dem-wohnmobil-nach-istrien\/\">Mit dem Wohnmobil nach Istrien \u2013 Perle an der Adria<\/a><\/strong><\/p>\n<\/div><\/section><\/p><\/div>\n<style type=\"text\/css\" data-created_by=\"avia_inline_auto\" id=\"style-css-av-ehyb5-8fadcff6392c44a3fc98dc4b014d4246\">\n.flex_column.av-ehyb5-8fadcff6392c44a3fc98dc4b014d4246{\nborder-radius:0px 0px 0px 0px;\npadding:0px 0px 0px 0px;\n}\n<\/style>\n<div  class='flex_column av-ehyb5-8fadcff6392c44a3fc98dc4b014d4246 av_one_third flex_column_div av-zero-column-padding  '     ><p>\n<style type=\"text\/css\" data-created_by=\"avia_inline_auto\" id=\"style-css-av-jt75ko0n-b3ae510b2760ad435adfd60cb3f7b6d9\">\n.avia-image-container.av-jt75ko0n-b3ae510b2760ad435adfd60cb3f7b6d9 img.avia_image{\nbox-shadow:none;\n}\n.avia-image-container.av-jt75ko0n-b3ae510b2760ad435adfd60cb3f7b6d9 .av-image-caption-overlay-center{\ncolor:#ffffff;\n}\n<\/style>\n<div  class='avia-image-container av-jt75ko0n-b3ae510b2760ad435adfd60cb3f7b6d9 av-styling-no-styling av-hover-grow av-hide-overflow av-img-linked avia_animated_image av-animated-when-visible-95 fade-in avia-align-left'   itemprop=\"image\" itemscope=\"itemscope\" itemtype=\"https:\/\/schema.org\/ImageObject\" ><div class=\"avia-image-container-inner\"><div class=\"avia-image-overlay-wrap\"><a href=\"https:\/\/www.tuicamper.com\/magazin\/wohnmobil-sardinien\/\" class='avia_image '  aria-label='Wohnmobil Sardinien'><img decoding=\"async\" fetchpriority=\"high\" class='wp-image-1740 avia-img-lazy-loading-not-1740 avia_image ' src=\"https:\/\/www.tuicamper.com\/wp-docker\/wp-content\/uploads\/2019\/04\/sardinien-teaser.jpg\" alt='Wohnmobil Sardinien' title='Wohnmobil Sardinien'  height=\"200\" width=\"350\"  itemprop=\"thumbnailUrl\" srcset=\"https:\/\/www.tuicamper.com\/wp-docker\/wp-content\/uploads\/2019\/04\/sardinien-teaser.jpg 350w, https:\/\/www.tuicamper.com\/wp-docker\/wp-content\/uploads\/2019\/04\/sardinien-teaser-300x171.jpg 300w\" sizes=\"(max-width: 350px) 100vw, 350px\" \/><\/a><\/div><\/div><\/div><br \/>\n<section  class='av_textblock_section av-jt75lbqb-bba29013bb6610b0762c56b6a5ae7819 '   itemscope=\"itemscope\" itemtype=\"https:\/\/schema.org\/BlogPosting\" itemprop=\"blogPost\" ><div class='avia_textblock'  itemprop=\"text\" ><p style=\"text-align: left;\"><strong><a href=\"https:\/\/www.tuicamper.com\/magazin\/wohnmobil-sardinien\/\">Wohnmobil Sardinien \u2013 5 Highlights einer Sardinien-Rundreise<\/a><\/strong><\/p>\n<\/div><\/section><\/p><\/div><\/p>\n            <div style=\"clear: both;\"><\/div>\r\n            <\/div>\r\n<\/div>\r\n\n<\/div>\n<\/div>\n<div id=\"layout\" class=\"postbox \"><\/div>\n<\/div><\/section>\n<\/div><\/div><\/div><!-- close content main div --><\/div><\/div><div id='av_section_12'  class='avia-section av-jt5vrdgv-18-e8ff4ad53487a77b3176531a1a81d7ca main_color avia-section-default avia-no-border-styling  avia-builder-el-36  el_after_av_textblock  el_before_av_section  reduced-content avia-bg-style-scroll container_wrap sidebar_right'  ><div class='container av-section-cont-open' ><div class='template-page content  av-content-small alpha units'><div class='post-entry post-entry-type-page post-entry-5758'><div class='entry-content-wrapper clearfix'>\n\n<style type=\"text\/css\" data-created_by=\"avia_inline_auto\" id=\"style-css-av-1g5aou-17-deca6b74d513ca295b1dac90bb6001db\">\n.flex_column.av-1g5aou-17-deca6b74d513ca295b1dac90bb6001db{\nborder-radius:0px 0px 0px 0px;\npadding:0px 0px 0px 0px;\n}\n<\/style>\n<div  class='flex_column av-1g5aou-17-deca6b74d513ca295b1dac90bb6001db av_one_full  avia-builder-el-37  avia-builder-el-no-sibling  first flex_column_div av-zero-column-padding  '     ><section  class='av_textblock_section av-jt5tjyk0-16-169292469d9b59b5b41aa51f628a3ee7 '   itemscope=\"itemscope\" itemtype=\"https:\/\/schema.org\/BlogPosting\" itemprop=\"blogPost\" ><div class='avia_textblock'  itemprop=\"text\" ><h3>4.) Cirque de Gavarnie \u2013 spektakul\u00e4rer Felsenkessel<\/h3>\n<p>Direkt an der Grenze zu Spanien liegt der Cirque de Gavarnie. Der spektakul\u00e4re Felsenkessel gilt als eines der imposantesten Naturhighlights der gesamten Pyren\u00e4en. Auf einem Durchmesser von etwa zwei Kilometern schrauben sich die umgebenden Berge vom Kesselgrund aus bis zu 1.500 Meter in den Himmel empor. Mit den Gavarnie-F\u00e4llen befinden sich hier die h\u00f6chsten Wasserf\u00e4lle Frankreichs, die eine Gesamtfallh\u00f6he von 422 Metern aufweisen. Nicht ohne Grund bildet das UNESCO-Weltkulturerbe f\u00fcr viele Pyren\u00e4en-Urlauber das sch\u00f6nste Panorama der gesamten Region.<\/p>\n<p><strong>Campingplatz-Tipp<\/strong>: <a href=\"https:\/\/www.camping-gavarnie.com\/\" target=\"_blank\" rel=\"noopener\">Le Pain de Sucre<\/a> \u2013 netter, zweckm\u00e4\u00dfig ausgestatteter Campingplatz in unmittelbarer N\u00e4he zum Cirque de Gavarnie.<\/p>\n<\/div><\/section><\/div>\n\n<\/div><\/div><\/div><!-- close content main div --><\/div><\/div><div id='av_section_13'  class='avia-section av-b7gvl-15-e45cf0d7729ec1e125fcb581ff13da9d main_color avia-section-default avia-no-border-styling  avia-builder-el-39  el_after_av_section  el_before_av_section  reduced-content avia-bg-style-scroll container_wrap sidebar_right'  ><div class='container av-section-cont-open' ><div class='template-page content  av-content-small alpha units'><div class='post-entry post-entry-type-page post-entry-5758'><div class='entry-content-wrapper clearfix'>\n\n<style type=\"text\/css\" data-created_by=\"avia_inline_auto\" id=\"style-css-av-jtplvt5k-14-e8fc8ecdd3ba3d89f0060d053e38798b\">\n.avia-image-container.av-jtplvt5k-14-e8fc8ecdd3ba3d89f0060d053e38798b img.avia_image{\nbox-shadow:none;\n}\n.avia-image-container.av-jtplvt5k-14-e8fc8ecdd3ba3d89f0060d053e38798b .av-caption-image-overlay-bg{\nopacity:0.4;\nbackground-color:#000000;\n}\n.avia-image-container.av-jtplvt5k-14-e8fc8ecdd3ba3d89f0060d053e38798b .av-image-caption-overlay-center{\ncolor:#ffffff;\n}\n<\/style>\n<div  class='avia-image-container av-jtplvt5k-14-e8fc8ecdd3ba3d89f0060d053e38798b av-styling- av-img-linked avia_animated_image av-animated-when-visible-95 fade-in avia-align-center  avia-builder-el-40  el_before_av_hr  avia-builder-el-first  noHover av-overlay-on-hover'   itemprop=\"image\" itemscope=\"itemscope\" itemtype=\"https:\/\/schema.org\/ImageObject\" ><div class=\"avia-image-container-inner\"><div class=\"avia-image-overlay-wrap\"><a href=\"https:\/\/www.tuicamper.com\/wp-docker\/wp-content\/uploads\/2020\/02\/Cirque-de-Gavarnie-1030x684.jpg\" data-srcset=\"https:\/\/www.tuicamper.com\/wp-docker\/wp-content\/uploads\/2020\/02\/Cirque-de-Gavarnie-1030x684.jpg 1030w, https:\/\/www.tuicamper.com\/wp-docker\/wp-content\/uploads\/2020\/02\/Cirque-de-Gavarnie-300x199.jpg 300w, https:\/\/www.tuicamper.com\/wp-docker\/wp-content\/uploads\/2020\/02\/Cirque-de-Gavarnie-768x510.jpg 768w, https:\/\/www.tuicamper.com\/wp-docker\/wp-content\/uploads\/2020\/02\/Cirque-de-Gavarnie-705x468.jpg 705w, https:\/\/www.tuicamper.com\/wp-docker\/wp-content\/uploads\/2020\/02\/Cirque-de-Gavarnie.jpg 1280w\" data-sizes=\"(max-width: 1030px) 100vw, 1030px\" class='avia_image '  aria-label='Cirque de Gavarnie'><div class=\"av-image-caption-overlay\"><div class=\"av-caption-image-overlay-bg\"><\/div><div class=\"av-image-caption-overlay-position\"><div class=\"av-image-caption-overlay-center\"><p>Ausblick auf den Cirque de Gavarnie<\/p>\n<\/div><\/div><\/div><img decoding=\"async\" fetchpriority=\"high\" class='wp-image-5759 avia-img-lazy-loading-not-5759 avia_image ' src=\"https:\/\/www.tuicamper.com\/wp-docker\/wp-content\/uploads\/2020\/02\/Cirque-de-Gavarnie-1280x630.jpg\" alt='' title='Cirque de Gavarnie'  height=\"630\" width=\"1280\"  itemprop=\"thumbnailUrl\"  \/><\/a><\/div><\/div><\/div>\n\n<style type=\"text\/css\" data-created_by=\"avia_inline_auto\" id=\"style-css-av-jwj918c3-13-234c129b83a06c6d2b9d587006ec2b6c\">\n#top .hr.hr-invisible.av-jwj918c3-13-234c129b83a06c6d2b9d587006ec2b6c{\nheight:25px;\n}\n<\/style>\n<div  class='hr av-jwj918c3-13-234c129b83a06c6d2b9d587006ec2b6c hr-invisible  avia-builder-el-41  el_after_av_image  avia-builder-el-last '><span class='hr-inner '><span class=\"hr-inner-style\"><\/span><\/span><\/div>\n\n<\/div><\/div><\/div><!-- close content main div --><\/div><\/div><div id='av_section_14'  class='avia-section av-jt5vrdgv-12-9257252cc7210947059503e8badd01f3 main_color avia-section-default avia-no-border-styling  avia-builder-el-42  el_after_av_section  el_before_av_section  reduced-content avia-bg-style-scroll container_wrap sidebar_right'  ><div class='container av-section-cont-open' ><div class='template-page content  av-content-small alpha units'><div class='post-entry post-entry-type-page post-entry-5758'><div class='entry-content-wrapper clearfix'>\n\n<style type=\"text\/css\" data-created_by=\"avia_inline_auto\" id=\"style-css-av-1g5aou-11-f476629dde47588bc753624edee2e1bf\">\n.flex_column.av-1g5aou-11-f476629dde47588bc753624edee2e1bf{\nborder-radius:0px 0px 0px 0px;\npadding:0px 0px 0px 0px;\n}\n<\/style>\n<div  class='flex_column av-1g5aou-11-f476629dde47588bc753624edee2e1bf av_one_full  avia-builder-el-43  avia-builder-el-no-sibling  first flex_column_div av-zero-column-padding  '     ><section  class='av_textblock_section av-jt5tjyk0-10-5134372c94daae6f262fb65d7374f2d1 '   itemscope=\"itemscope\" itemtype=\"https:\/\/schema.org\/BlogPosting\" itemprop=\"blogPost\" ><div class='avia_textblock'  itemprop=\"text\" ><h3>5.) Cambo-les-Bains \u2013 willkommen im Baskenland<\/h3>\n<p>Ganz im Westen liegt auch ein Teil des Baskenlandes in den Pyren\u00e4en. Geradezu exemplarisch f\u00fcr das Flair der Region ist Cambo-les-Bains, wo Ihnen gleich die charakteristischen rot-wei\u00df gestrichenen H\u00e4user sowie die vielerorts zum Trocknen aufgeh\u00e4ngten Chilischoten ins Auge fallen d\u00fcrften. Zudem verf\u00fcgt der Kurort \u00fcber ein sehenswertes Thermalbad im neoklassizistischen Stil.<\/p>\n<p><strong>Campingplatz-Tipp<\/strong>: <a href=\"https:\/\/www.camping-bixtaeder.fr\/\" target=\"_blank\" rel=\"noopener\">Camping Bixta Eder<\/a> \u2013 idyllisch gelegen und gut ausgestattet.<\/p>\n<\/div><\/section><\/div>\n\n<\/div><\/div><\/div><!-- close content main div --><\/div><\/div><div id='av_section_15'  class='avia-section av-b7gvl-9-379232a4cbc1f59730df7d92ba6f6d22 main_color avia-section-default avia-no-border-styling  avia-builder-el-45  el_after_av_section  el_before_av_section  reduced-content avia-bg-style-scroll container_wrap sidebar_right'  ><div class='container av-section-cont-open' ><div class='template-page content  av-content-small alpha units'><div class='post-entry post-entry-type-page post-entry-5758'><div class='entry-content-wrapper clearfix'>\n\n<style type=\"text\/css\" data-created_by=\"avia_inline_auto\" id=\"style-css-av-jtplvt5k-8-bff5d55c8750433e58f8bf59c08892c2\">\n.avia-image-container.av-jtplvt5k-8-bff5d55c8750433e58f8bf59c08892c2 img.avia_image{\nbox-shadow:none;\n}\n.avia-image-container.av-jtplvt5k-8-bff5d55c8750433e58f8bf59c08892c2 .av-caption-image-overlay-bg{\nopacity:0.4;\nbackground-color:#000000;\n}\n.avia-image-container.av-jtplvt5k-8-bff5d55c8750433e58f8bf59c08892c2 .av-image-caption-overlay-center{\ncolor:#ffffff;\n}\n<\/style>\n<div  class='avia-image-container av-jtplvt5k-8-bff5d55c8750433e58f8bf59c08892c2 av-styling- av-img-linked avia_animated_image av-animated-when-visible-95 fade-in avia-align-center  avia-builder-el-46  el_before_av_hr  avia-builder-el-first  noHover av-overlay-on-hover'   itemprop=\"image\" itemscope=\"itemscope\" itemtype=\"https:\/\/schema.org\/ImageObject\" ><div class=\"avia-image-container-inner\"><div class=\"avia-image-overlay-wrap\"><a href=\"https:\/\/www.tuicamper.com\/wp-docker\/wp-content\/uploads\/2020\/06\/schlucht-pyren\u00e4en-1030x773.jpg\" data-srcset=\"https:\/\/www.tuicamper.com\/wp-docker\/wp-content\/uploads\/2020\/06\/schlucht-pyren\u00e4en-1030x773.jpg 1030w, https:\/\/www.tuicamper.com\/wp-docker\/wp-content\/uploads\/2020\/06\/schlucht-pyren\u00e4en-300x225.jpg 300w, https:\/\/www.tuicamper.com\/wp-docker\/wp-content\/uploads\/2020\/06\/schlucht-pyren\u00e4en-768x576.jpg 768w, https:\/\/www.tuicamper.com\/wp-docker\/wp-content\/uploads\/2020\/06\/schlucht-pyren\u00e4en-705x529.jpg 705w, https:\/\/www.tuicamper.com\/wp-docker\/wp-content\/uploads\/2020\/06\/schlucht-pyren\u00e4en.jpg 1280w\" data-sizes=\"(max-width: 1030px) 100vw, 1030px\" class='avia_image '  aria-label='Schlucht in den Pyren\u00e4en'><div class=\"av-image-caption-overlay\"><div class=\"av-caption-image-overlay-bg\"><\/div><div class=\"av-image-caption-overlay-position\"><div class=\"av-image-caption-overlay-center\"><p>Schlucht in den Pyren\u00e4en<\/p>\n<\/div><\/div><\/div><img decoding=\"async\" fetchpriority=\"high\" class='wp-image-6218 avia-img-lazy-loading-not-6218 avia_image ' src=\"https:\/\/www.tuicamper.com\/wp-docker\/wp-content\/uploads\/2020\/06\/schlucht-pyren\u00e4en-1280x630.jpg\" alt='Schlucht in den Pyren\u00e4en' title='Schlucht in den Pyren\u00e4en'  height=\"630\" width=\"1280\"  itemprop=\"thumbnailUrl\"  \/><\/a><\/div><\/div><\/div>\n\n<style type=\"text\/css\" data-created_by=\"avia_inline_auto\" id=\"style-css-av-jwj918c3-7-13d32beb96291cb0ee4c1c0156fcc418\">\n#top .hr.hr-invisible.av-jwj918c3-7-13d32beb96291cb0ee4c1c0156fcc418{\nheight:25px;\n}\n<\/style>\n<div  class='hr av-jwj918c3-7-13d32beb96291cb0ee4c1c0156fcc418 hr-invisible  avia-builder-el-47  el_after_av_image  avia-builder-el-last '><span class='hr-inner '><span class=\"hr-inner-style\"><\/span><\/span><\/div>\n\n<\/div><\/div><\/div><!-- close content main div --><\/div><\/div><div id='av_section_16'  class='avia-section av-jt5vrdgv-6-d6a7dc34d8bb54ec2eae97e6d7089bb7 main_color avia-section-default avia-no-border-styling  avia-builder-el-48  el_after_av_section  el_before_av_section  reduced-content avia-bg-style-scroll container_wrap sidebar_right'  ><div class='container av-section-cont-open' ><div class='template-page content  av-content-small alpha units'><div class='post-entry post-entry-type-page post-entry-5758'><div class='entry-content-wrapper clearfix'>\n\n<style type=\"text\/css\" data-created_by=\"avia_inline_auto\" id=\"style-css-av-1g5aou-5-33bf9caecc3153e04985c29a10571060\">\n.flex_column.av-1g5aou-5-33bf9caecc3153e04985c29a10571060{\nborder-radius:0px 0px 0px 0px;\npadding:0px 0px 0px 0px;\n}\n<\/style>\n<div  class='flex_column av-1g5aou-5-33bf9caecc3153e04985c29a10571060 av_one_full  avia-builder-el-49  avia-builder-el-no-sibling  first flex_column_div av-zero-column-padding  '     ><section  class='av_textblock_section av-jt5tjyk0-4-879851025a020104fc776c0556714729 '   itemscope=\"itemscope\" itemtype=\"https:\/\/schema.org\/BlogPosting\" itemprop=\"blogPost\" ><div class='avia_textblock'  itemprop=\"text\" ><h2>Kultur und Kulinarik: Das sollten Sie in den Pyren\u00e4en nicht verpassen<\/h2>\n<p>So abgelegen sie auch sein m\u00f6gen, die vielen T\u00e4ler und H\u00f6hen der Pyren\u00e4en sind bereits seit Jahrtausenden besiedelt. Besonders eindrucksvoll zeigt sich das etwa im Vall de Bo\u00ed. Das Tal beherbergt immerhin neun fr\u00fchromanische Kirchen. F\u00fcr diese Dichte an fr\u00fchen Gottesbauten, die europaweit einzigartig ist, erlangte das idyllische Tal den Status des UNESCO-Weltkulturerbes.<\/p>\n<p>Aber auch in Sachen Kulinarik punkten die Pyren\u00e4en mit einer \u00fcberaus lebendigen Kultur. Besonders beliebt sind etwa die Fischsuppe Bourride und das traditionell \u00fcber offenem Feuer zubereitete Schneckenfrikassee Cargolade. Gerade im Inland sind Wildschwein und Kaninchen \u2013 oftmals kombiniert mit s\u00fc\u00dfen Speisen wie Fr\u00fcchten oder Schokolade \u2013 eine gerne gegessene Spezialit\u00e4t. Zum Nachtisch gibt es die ber\u00fchmte Cr\u00e8me Catalane. Hoch im Kurs steht zudem der Gew\u00fcrzwein Hypocras.<\/p>\n<p>Dar\u00fcber hinaus gibt es innerhalb der Pyren\u00e4en eine ganze Reihe von regionalen Br\u00e4uchen und Eigenheiten. Man denke nur an die ber\u00fchmten M\u00fctzen des Baskenlands oder die hier \u00fcberall zu erwerbenden getrockneten Chilischoten.<\/p>\n<\/div><\/section><\/div>\n\n<\/div><\/div><\/div><!-- close content main div --><\/div><\/div><div id='av_section_17'  class='avia-section av-jt5vrdgv-3-a1f4b84a13d7c5b59effd0b6befbee48 main_color avia-section-default avia-no-border-styling  avia-builder-el-51  el_after_av_section  avia-builder-el-last  reduced-content avia-bg-style-scroll container_wrap sidebar_right'  ><div class='container av-section-cont-open' ><div class='template-page content  av-content-small alpha units'><div class='post-entry post-entry-type-page post-entry-5758'><div class='entry-content-wrapper clearfix'>\n<div  class='avia-button-wrap av-ju2eusip-9a10efd9d7928a01920fa5a53ad4b7f8-wrap avia-button-center  avia-builder-el-52  el_before_av_one_full  avia-builder-el-first '><a href='https:\/\/www.tuicamper.com\/reiseziele\/europa\/spanien\/'  class='avia-button av-ju2eusip-9a10efd9d7928a01920fa5a53ad4b7f8 av-link-btn avia-icon_select-yes-right-icon avia-size-large avia-position-center avia-color-theme-color'  target=\"_blank\"  rel=\"noopener noreferrer\"  aria-label=\"Jetzt Wohnmobil mieten f\u00fcr Spanien\"><span class='avia_iconbox_title' >Jetzt Wohnmobil mieten f\u00fcr Spanien<\/span><span class='avia_button_icon avia_button_icon_right avia-iconfont avia-font-entypo-fontello' data-av_icon='\ue875' data-av_iconfont='entypo-fontello' ><\/span><\/a><\/div>\n\n<style type=\"text\/css\" data-created_by=\"avia_inline_auto\" id=\"style-css-av-1g5aou-2-1f93a398e8836930f210449bc6b0e531\">\n.flex_column.av-1g5aou-2-1f93a398e8836930f210449bc6b0e531{\nborder-radius:0px 0px 0px 0px;\npadding:0px 0px 0px 0px;\n}\n<\/style>\n<div  class='flex_column av-1g5aou-2-1f93a398e8836930f210449bc6b0e531 av_one_full  avia-builder-el-53  el_after_av_button  el_before_av_social_share  first flex_column_div av-zero-column-padding  '     ><style type=\"text\/css\" data-created_by=\"avia_inline_auto\" id=\"style-css-av-jt5tjyk0-1-13d8edd957fdea915ce4c07853282e53\">\n#top .av_textblock_section.av-jt5tjyk0-1-13d8edd957fdea915ce4c07853282e53 .avia_textblock{\nfont-size:28px;\n}\n<\/style>\n<section  class='av_textblock_section av-jt5tjyk0-1-13d8edd957fdea915ce4c07853282e53 '   itemscope=\"itemscope\" itemtype=\"https:\/\/schema.org\/BlogPosting\" itemprop=\"blogPost\" ><div class='avia_textblock'  itemprop=\"text\" ><p><strong>Ihr TUI CAMPER-Team w\u00fcnscht Ihnen einen unvergesslichen Wohnmobil-Urlaub in den Pyren\u00e4en!<\/strong><\/p>\n<\/div><\/section><\/div><div  class='av-social-sharing-box av-10zg8-8676a2d54b4a15bbf6c39a1c18f0815b av-social-sharing-box-default  avia-builder-el-55  el_after_av_one_full  avia-builder-el-last  av-social-sharing-box-fullwidth'><div class=\"av-share-box\"><ul class=\"av-share-box-list noLightbox\"><li class='av-share-link av-social-link-facebook avia_social_iconfont' ><a target=\"_blank\" aria-label=\"Teilen auf Facebook\" href='https:\/\/www.facebook.com\/sharer.php?u=https:\/\/www.tuicamper.com\/magazin\/mit-dem-wohnmobil-durch-die-pyrenaeen\/&#038;t=Mit%20dem%20Wohnmobil%20durch%20die%20Pyren%C3%A4en%3A%20Highlights%20%26%20Routen' data-av_icon='\ue8f3' data-av_iconfont='entypo-fontello'  title='' data-avia-related-tooltip='Teilen auf Facebook'><span class='avia_hidden_link_text'>Teilen auf Facebook<\/span><\/a><\/li><li class='av-share-link av-social-link-twitter avia_social_iconfont' ><a target=\"_blank\" aria-label=\"Teilen auf X\" href='https:\/\/twitter.com\/share?text=Mit%20dem%20Wohnmobil%20durch%20die%20Pyren%C3%A4en%3A%20Highlights%20%26%20Routen&#038;url=https:\/\/www.tuicamper.com\/magazin\/mit-dem-wohnmobil-durch-die-pyrenaeen\/' data-av_icon='\ue932' data-av_iconfont='entypo-fontello'  title='' data-avia-related-tooltip='Teilen auf X'><span class='avia_hidden_link_text'>Teilen auf X<\/span><\/a><\/li><li class='av-share-link av-social-link-whatsapp avia_social_iconfont' ><a target=\"_blank\" aria-label=\"Teilen auf WhatsApp\" href='https:\/\/api.whatsapp.com\/send?text=https:\/\/www.tuicamper.com\/magazin\/mit-dem-wohnmobil-durch-die-pyrenaeen\/' data-av_icon='\uf232' data-av_iconfont='entypo-fontello'  title='' data-avia-related-tooltip='Teilen auf WhatsApp'><span class='avia_hidden_link_text'>Teilen auf WhatsApp<\/span><\/a><\/li><li class='av-share-link av-social-link-pinterest avia_social_iconfont' ><a target=\"_blank\" aria-label=\"Teilen auf Pinterest\" href='https:\/\/pinterest.com\/pin\/create\/button\/?url=https%3A%2F%2Fwww.tuicamper.com%2Fmagazin%2Fmit-dem-wohnmobil-durch-die-pyrenaeen%2F&#038;description=Mit%20dem%20Wohnmobil%20durch%20die%20Pyren%C3%A4en%3A%20Highlights%20%26%20Routen&#038;media=https%3A%2F%2Fwww.tuicamper.com%2Fwp-docker%2Fwp-content%2Fuploads%2F2020%2F06%2Fpyren%C3%A4en-aussicht-705x269.jpg' data-av_icon='\ue8f8' data-av_iconfont='entypo-fontello'  title='' data-avia-related-tooltip='Teilen auf Pinterest'><span class='avia_hidden_link_text'>Teilen auf Pinterest<\/span><\/a><\/li><li class='av-share-link av-social-link-mail avia_social_iconfont' ><a  aria-label=\"Per E-Mail teilen\" href='mailto:?subject=Mit%20dem%20Wohnmobil%20durch%20die%20Pyren%C3%A4en%3A%20Highlights%20%26%20Routen&#038;body=https:\/\/www.tuicamper.com\/magazin\/mit-dem-wohnmobil-durch-die-pyrenaeen\/' data-av_icon='\ue805' data-av_iconfont='entypo-fontello'  title='' data-avia-related-tooltip='Per E-Mail teilen'><span class='avia_hidden_link_text'>Per E-Mail teilen<\/span><\/a><\/li><\/ul><\/div><\/div>\n<\/div><\/div><\/div><!-- close content main div --><\/div><\/div><div id='after_section_17'  class='main_color av_default_container_wrap container_wrap sidebar_right'  ><div class='container av-section-cont-open' ><div class='template-page content  av-content-small alpha units'><div class='post-entry post-entry-type-page post-entry-5758'><div class='entry-content-wrapper clearfix'>\n","protected":false},"excerpt":{"rendered":"<p>Die Pyren\u00e4en punkten mit idyllischen D\u00f6rfern und spektakul\u00e4rer Naturkulisse. Lesen Sie, was die Bergkette zwischen Spanien und Frankreich so einzigartig macht!<\/p>\n","protected":false},"author":4,"featured_media":6215,"comment_status":"open","ping_status":"open","sticky":false,"template":"","format":"standard","meta":{"footnotes":""},"categories":[33],"tags":[24,50,26],"class_list":["post-5758","post","type-post","status-publish","format-standard","has-post-thumbnail","hentry","category-reisethema","tag-frankreich","tag-natur","tag-spanien"],"yoast_head":"<!-- This site is optimized with the Yoast SEO plugin v27.4 - https:\/\/yoast.com\/product\/yoast-seo-wordpress\/ -->\n<title>Mit dem Wohnmobil durch die Pyren\u00e4en: Highlights &amp; Routen<\/title>\n<meta name=\"description\" content=\"Die Pyren\u00e4en punkten mit idyllischen D\u00f6rfern und spektakul\u00e4rer Naturkulisse. Lesen Sie, was die Bergkette zwischen Spanien und Frankreich so einzigartig macht!\" \/>\n<meta name=\"robots\" content=\"index, follow, max-snippet:-1, max-image-preview:large, max-video-preview:-1\" \/>\n<link rel=\"canonical\" href=\"https:\/\/www.tuicamper.com\/magazin\/mit-dem-wohnmobil-durch-die-pyrenaeen\/\" \/>\n<meta property=\"og:locale\" content=\"de_DE\" \/>\n<meta property=\"og:type\" content=\"article\" \/>\n<meta property=\"og:title\" content=\"Mit dem Wohnmobil durch die Pyren\u00e4en: Highlights &amp; Routen\" \/>\n<meta property=\"og:description\" content=\"Die Pyren\u00e4en punkten mit idyllischen D\u00f6rfern und spektakul\u00e4rer Naturkulisse. Lesen Sie, was die Bergkette zwischen Spanien und Frankreich so einzigartig macht!\" \/>\n<meta property=\"og:url\" content=\"https:\/\/www.tuicamper.com\/magazin\/mit-dem-wohnmobil-durch-die-pyrenaeen\/\" \/>\n<meta property=\"og:site_name\" content=\"TUI Camper Magazin\" \/>\n<meta property=\"article:published_time\" content=\"2020-06-08T13:04:16+00:00\" \/>\n<meta property=\"article:modified_time\" content=\"2022-11-03T09:22:24+00:00\" \/>\n<meta property=\"og:image\" content=\"https:\/\/www.tuicamper.com\/wp-docker\/wp-content\/uploads\/2020\/06\/pyren\u00e4en-aussicht.jpg\" \/>\n\t<meta property=\"og:image:width\" content=\"1310\" \/>\n\t<meta property=\"og:image:height\" content=\"500\" \/>\n\t<meta property=\"og:image:type\" content=\"image\/jpeg\" \/>\n<meta name=\"author\" content=\"Trang\" \/>\n<meta name=\"twitter:card\" content=\"summary_large_image\" \/>\n<meta name=\"twitter:label1\" content=\"Verfasst von\" \/>\n\t<meta name=\"twitter:data1\" content=\"Trang\" \/>\n\t<meta name=\"twitter:label2\" content=\"Gesch\u00e4tzte Lesezeit\" \/>\n\t<meta name=\"twitter:data2\" content=\"14\u00a0Minuten\" \/>\n<!-- \/ Yoast SEO plugin. -->","yoast_head_json":{"title":"Mit dem Wohnmobil durch die Pyren\u00e4en: Highlights & Routen","description":"Die Pyren\u00e4en punkten mit idyllischen D\u00f6rfern und spektakul\u00e4rer Naturkulisse. Lesen Sie, was die Bergkette zwischen Spanien und Frankreich so einzigartig macht!","robots":{"index":"index","follow":"follow","max-snippet":"max-snippet:-1","max-image-preview":"max-image-preview:large","max-video-preview":"max-video-preview:-1"},"canonical":"https:\/\/www.tuicamper.com\/magazin\/mit-dem-wohnmobil-durch-die-pyrenaeen\/","og_locale":"de_DE","og_type":"article","og_title":"Mit dem Wohnmobil durch die Pyren\u00e4en: Highlights & Routen","og_description":"Die Pyren\u00e4en punkten mit idyllischen D\u00f6rfern und spektakul\u00e4rer Naturkulisse. Lesen Sie, was die Bergkette zwischen Spanien und Frankreich so einzigartig macht!","og_url":"https:\/\/www.tuicamper.com\/magazin\/mit-dem-wohnmobil-durch-die-pyrenaeen\/","og_site_name":"TUI Camper Magazin","article_published_time":"2020-06-08T13:04:16+00:00","article_modified_time":"2022-11-03T09:22:24+00:00","og_image":[{"width":1310,"height":500,"url":"https:\/\/www.tuicamper.com\/wp-docker\/wp-content\/uploads\/2020\/06\/pyren\u00e4en-aussicht.jpg","type":"image\/jpeg"}],"author":"Trang","twitter_card":"summary_large_image","twitter_misc":{"Verfasst von":"Trang","Gesch\u00e4tzte Lesezeit":"14\u00a0Minuten"},"schema":{"@context":"https:\/\/schema.org","@graph":[{"@type":"Article","@id":"https:\/\/www.tuicamper.com\/magazin\/mit-dem-wohnmobil-durch-die-pyrenaeen\/#article","isPartOf":{"@id":"https:\/\/www.tuicamper.com\/magazin\/mit-dem-wohnmobil-durch-die-pyrenaeen\/"},"author":{"name":"Trang","@id":"https:\/\/www.tuicamper.com\/wp-docker\/#\/schema\/person\/64621aaf52862d378f4e7a6961086fa3"},"headline":"Mit dem Wohnmobil durch die Pyren\u00e4en: Highlights &#038; Routen","datePublished":"2020-06-08T13:04:16+00:00","dateModified":"2022-11-03T09:22:24+00:00","mainEntityOfPage":{"@id":"https:\/\/www.tuicamper.com\/magazin\/mit-dem-wohnmobil-durch-die-pyrenaeen\/"},"wordCount":4587,"commentCount":0,"image":{"@id":"https:\/\/www.tuicamper.com\/magazin\/mit-dem-wohnmobil-durch-die-pyrenaeen\/#primaryimage"},"thumbnailUrl":"https:\/\/www.tuicamper.com\/wp-docker\/wp-content\/uploads\/2020\/06\/pyren\u00e4en-aussicht.jpg","keywords":["Frankreich","Natur","Spanien"],"articleSection":["Reisethema"],"inLanguage":"de","potentialAction":[{"@type":"CommentAction","name":"Comment","target":["https:\/\/www.tuicamper.com\/magazin\/mit-dem-wohnmobil-durch-die-pyrenaeen\/#respond"]}]},{"@type":"WebPage","@id":"https:\/\/www.tuicamper.com\/magazin\/mit-dem-wohnmobil-durch-die-pyrenaeen\/","url":"https:\/\/www.tuicamper.com\/magazin\/mit-dem-wohnmobil-durch-die-pyrenaeen\/","name":"Mit dem Wohnmobil durch die Pyren\u00e4en: Highlights & Routen","isPartOf":{"@id":"https:\/\/www.tuicamper.com\/#website"},"primaryImageOfPage":{"@id":"https:\/\/www.tuicamper.com\/magazin\/mit-dem-wohnmobil-durch-die-pyrenaeen\/#primaryimage"},"image":{"@id":"https:\/\/www.tuicamper.com\/magazin\/mit-dem-wohnmobil-durch-die-pyrenaeen\/#primaryimage"},"thumbnailUrl":"https:\/\/www.tuicamper.com\/wp-content\/uploads\/2020\/06\/pyren\u00e4en-aussicht.jpg","datePublished":"2020-06-08T13:04:16+00:00","dateModified":"2022-11-03T09:22:24+00:00","author":{"@id":"https:\/\/www.tuicamper.com\/#\/schema\/person\/64621aaf52862d378f4e7a6961086fa3"},"description":"Die Pyren\u00e4en punkten mit idyllischen D\u00f6rfern und spektakul\u00e4rer Naturkulisse. Lesen Sie, was die Bergkette zwischen Spanien und Frankreich so einzigartig macht!","breadcrumb":{"@id":"https:\/\/www.tuicamper.com\/magazin\/mit-dem-wohnmobil-durch-die-pyrenaeen\/#breadcrumb"},"inLanguage":"de","potentialAction":["Array"]},{"@type":"ImageObject","inLanguage":"de","@id":"https:\/\/www.tuicamper.com\/magazin\/mit-dem-wohnmobil-durch-die-pyrenaeen\/#primaryimage","url":"https:\/\/www.tuicamper.com\/wp-docker\/wp-content\/uploads\/2020\/06\/pyren\u00e4en-aussicht.jpg","contentUrl":"https:\/\/www.tuicamper.com\/wp-docker\/wp-content\/uploads\/2020\/06\/pyren\u00e4en-aussicht.jpg","width":1310,"height":500,"caption":"Pyren\u00e4en Aussicht"},{"@type":"BreadcrumbList","@id":"https:\/\/www.tuicamper.com\/magazin\/mit-dem-wohnmobil-durch-die-pyrenaeen\/#breadcrumb","itemListElement":[{"@type":"ListItem","position":1,"name":"Startseite","item":"https:\/\/www.tuicamper.com\/wp-docker\/"},{"@type":"ListItem","position":2,"name":"Mit dem Wohnmobil durch die Pyren\u00e4en: Highlights &#038; Routen"}]},{"@type":"WebSite","@id":"https:\/\/www.tuicamper.com\/#website","url":"https:\/\/www.tuicamper.com\/","name":"TUI Camper Magazin","description":"","potentialAction":["Array"],"inLanguage":"de"},{"@type":"Person","@id":"https:\/\/www.tuicamper.com\/wp-docker\/#\/schema\/person\/64621aaf52862d378f4e7a6961086fa3","name":"Trang","image":{"@type":"ImageObject","inLanguage":"de","@id":"https:\/\/secure.gravatar.com\/avatar\/c946f00f16c232f8cdecfb386f553c12468182e6b4443fb0719b0ef4d8387620?s=96&d=mm&r=g","url":"https:\/\/secure.gravatar.com\/avatar\/c946f00f16c232f8cdecfb386f553c12468182e6b4443fb0719b0ef4d8387620?s=96&d=mm&r=g","contentUrl":"https:\/\/secure.gravatar.com\/avatar\/c946f00f16c232f8cdecfb386f553c12468182e6b4443fb0719b0ef4d8387620?s=96&d=mm&r=g","caption":"Trang"},"url":"https:\/\/www.tuicamper.com\/wp-docker\/magazin\/author\/trang\/"}]}},"_links":{"self":[{"href":"https:\/\/www.tuicamper.com\/wp-docker\/wp-json\/wp\/v2\/posts\/5758","targetHints":{"allow":["GET"]}}],"collection":[{"href":"https:\/\/www.tuicamper.com\/wp-docker\/wp-json\/wp\/v2\/posts"}],"about":[{"href":"https:\/\/www.tuicamper.com\/wp-docker\/wp-json\/wp\/v2\/types\/post"}],"author":[{"embeddable":true,"href":"https:\/\/www.tuicamper.com\/wp-docker\/wp-json\/wp\/v2\/users\/4"}],"replies":[{"embeddable":true,"href":"https:\/\/www.tuicamper.com\/wp-docker\/wp-json\/wp\/v2\/comments?post=5758"}],"version-history":[{"count":11,"href":"https:\/\/www.tuicamper.com\/wp-docker\/wp-json\/wp\/v2\/posts\/5758\/revisions"}],"predecessor-version":[{"id":6211,"href":"https:\/\/www.tuicamper.com\/wp-docker\/wp-json\/wp\/v2\/posts\/5758\/revisions\/6211"}],"wp:featuredmedia":[{"embeddable":true,"href":"https:\/\/www.tuicamper.com\/wp-docker\/wp-json\/wp\/v2\/media\/6215"}],"wp:attachment":[{"href":"https:\/\/www.tuicamper.com\/wp-docker\/wp-json\/wp\/v2\/media?parent=5758"}],"wp:term":[{"taxonomy":"category","embeddable":true,"href":"https:\/\/www.tuicamper.com\/wp-docker\/wp-json\/wp\/v2\/categories?post=5758"},{"taxonomy":"post_tag","embeddable":true,"href":"https:\/\/www.tuicamper.com\/wp-docker\/wp-json\/wp\/v2\/tags?post=5758"}],"curies":[{"name":"wp","href":"https:\/\/api.w.org\/{rel}","templated":true}]}}