{"id":5735,"date":"2020-02-26T12:53:15","date_gmt":"2020-02-26T11:53:15","guid":{"rendered":"https:\/\/www.tuicamper.com\/wp-docker\/?p=5735"},"modified":"2022-04-26T11:48:18","modified_gmt":"2022-04-26T09:48:18","slug":"atlantikkueste-spanien","status":"publish","type":"post","link":"https:\/\/www.tuicamper.com\/magazin\/atlantikkueste-spanien\/","title":{"rendered":"Atlantikk\u00fcste Spanien: Asturien &#038; Galicien mit dem Wohnmobil entdecken"},"content":{"rendered":"<div id='av_section_1'  class='avia-section av-jt5vrdgv-4386718e65b314e69682ca60ae604601 main_color avia-section-default avia-no-border-styling  avia-builder-el-0  el_before_av_textblock  avia-builder-el-first  reduced-content avia-bg-style-scroll container_wrap sidebar_right'  ><div class='container av-section-cont-open' ><main  role=\"main\" itemprop=\"mainContentOfPage\"  class='template-page content  av-content-small alpha units'><div class='post-entry post-entry-type-page post-entry-5735'><div class='entry-content-wrapper clearfix'>\n\n<style type=\"text\/css\" data-created_by=\"avia_inline_auto\" id=\"style-css-av-1g5aou-6e8505d9de1136ce38f66b0d0e5d2a36\">\n.flex_column.av-1g5aou-6e8505d9de1136ce38f66b0d0e5d2a36{\nborder-radius:0px 0px 0px 0px;\npadding:0px 0px 0px 0px;\n}\n<\/style>\n<div  class='flex_column av-1g5aou-6e8505d9de1136ce38f66b0d0e5d2a36 av_one_full  avia-builder-el-1  avia-builder-el-no-sibling  first flex_column_div av-zero-column-padding  '     ><section  class='av_textblock_section av-jt5tjyk0-3c3ad3c49a2fedf7b0c26b6227895b8a '   itemscope=\"itemscope\" itemtype=\"https:\/\/schema.org\/BlogPosting\" itemprop=\"blogPost\" ><div class='avia_textblock'  itemprop=\"text\" ><p>Highlightreicher Spanien-Urlaub ganz ohne Touristenandrang? In Nordspanien kein Problem. Noch immer werden Asturien und Galicien von vielen Touristen und Wohnmobil-Urlaubern links liegen gelassen. Zu Unrecht, wie ein Besuch der Region eindrucksvoll unter Beweis stellt. Zwischen legend\u00e4ren Pilgerst\u00e4tten, Traumstr\u00e4nden und dem wom\u00f6glich sch\u00f6nsten Sonnenuntergang Spaniens offenbart sich Wohnmobil-Urlaubern eine Destination, die es spielend leicht mit ungleich popul\u00e4reren spanischen Reisezielen aufnehmen kann.<\/p>\n<\/div><\/section><\/div>\n<\/div><\/div><\/main><!-- close content main element --><\/div><\/div><div id='after_section_1'  class='main_color av_default_container_wrap container_wrap sidebar_right'  ><div class='container av-section-cont-open' ><div class='template-page content  av-content-small alpha units'><div class='post-entry post-entry-type-page post-entry-5735'><div class='entry-content-wrapper clearfix'>\n<section  class='av_textblock_section av-jtpqpty6-550c066a997ebaf648fccc87d0b9ff16 '   itemscope=\"itemscope\" itemtype=\"https:\/\/schema.org\/BlogPosting\" itemprop=\"blogPost\" ><div class='avia_textblock'  itemprop=\"text\" >\n<\/div><\/section>\n<\/div><\/div><\/div><!-- close content main div --><\/div><\/div><div id='av_section_2'  class='avia-section av-jt5vrdgv-4386718e65b314e69682ca60ae604601 main_color avia-section-default avia-no-border-styling  avia-builder-el-4  el_after_av_textblock  el_before_av_section  reduced-content avia-bg-style-scroll container_wrap sidebar_right'  ><div class='container av-section-cont-open' ><div class='template-page content  av-content-small alpha units'><div class='post-entry post-entry-type-page post-entry-5735'><div class='entry-content-wrapper clearfix'>\n<section  class='av_textblock_section av-jt5tjyk0-1e04ddf86ca9bd8201b4b17bbb4a6491 '   itemscope=\"itemscope\" itemtype=\"https:\/\/schema.org\/BlogPosting\" itemprop=\"blogPost\" ><div class='avia_textblock'  itemprop=\"text\" ><div id=\"js-table-of-contents\">\r\n    <strong>Inhaltsverzeichnis<\/strong>\r\n<\/div>\n<\/div><\/section>\n\n<\/div><\/div><\/div><!-- close content main div --><\/div><\/div><div id='av_section_3'  class='avia-section av-jt5vrdgv-4386718e65b314e69682ca60ae604601 main_color avia-section-default avia-no-border-styling  avia-builder-el-6  el_after_av_section  el_before_av_section  reduced-content avia-bg-style-scroll container_wrap sidebar_right'  ><div class='container av-section-cont-open' ><div class='template-page content  av-content-small alpha units'><div class='post-entry post-entry-type-page post-entry-5735'><div class='entry-content-wrapper clearfix'>\n\n<style type=\"text\/css\" data-created_by=\"avia_inline_auto\" id=\"style-css-av-1g5aou-6e8505d9de1136ce38f66b0d0e5d2a36\">\n.flex_column.av-1g5aou-6e8505d9de1136ce38f66b0d0e5d2a36{\nborder-radius:0px 0px 0px 0px;\npadding:0px 0px 0px 0px;\n}\n<\/style>\n<div  class='flex_column av-1g5aou-6e8505d9de1136ce38f66b0d0e5d2a36 av_one_full  avia-builder-el-7  avia-builder-el-no-sibling  first flex_column_div av-zero-column-padding  '     ><section  class='av_textblock_section av-jt5tjyk0-0d18eb781390b291547f54187af4d25e '   itemscope=\"itemscope\" itemtype=\"https:\/\/schema.org\/BlogPosting\" itemprop=\"blogPost\" ><div class='avia_textblock'  itemprop=\"text\" ><h2>Die Anreise<\/h2>\n<p>Je nach Abreiseort trennen Sie <a href=\"https:\/\/www.tuicamper.com\/reiseziele\/europa\/deutschland\/\">von Deutschland aus<\/a> \u00fcber 2.500 Kilometer von den Ausl\u00e4ufern des nordspanischen Asturiens. Wer mit dem Wohnmobil anreisen m\u00f6chte, sollte daher besser zwei \u00dcbernachtungen einplanen \u2013 und dabei auch die bereits in <a href=\"https:\/\/www.adac.de\/reise-freizeit\/maut-vignette\/frankreich\/\" target=\"_blank\" rel=\"noopener\">Frankreich anfallende Maut<\/a> im Hinterkopf behalten. Vom n\u00f6rdlichen und mittleren Teil Deutschlands aus erfolgt die Anreise sinnvollerweise \u00fcber <a href=\"https:\/\/www.tuicamper.com\/magazin\/wohnmobil-belgien\/\">Belgien<\/a>. Wer im S\u00fcden Deutschlands startet, f\u00e4hrt direkt <a href=\"https:\/\/www.tuicamper.com\/magazin\/wohnmobil-frankreich\/\">\u00fcber Frankreich<\/a>. Die (in der Regel) schnellste Route f\u00fchrt Sie \u00fcber Paris, Tours und Bordeaux nach <a href=\"https:\/\/www.tuicamper.com\/reiseziele\/europa\/spanien\/\">Spanien<\/a>. Hinter Bilbao erreichen Sie dann schnell die Ausl\u00e4ufer Asturiens.<\/p>\n<p>Alternativ k\u00f6nnen Sie auch mit dem Flugzeug nach Nordspanien (etwa nach Bilbao) reisen und vor Ort ein Wohnmobil mieten. Auf diese Weise sparen Sie bis zu vier Tage ein, die f\u00fcr Hin- und R\u00fcckreise anfallen. Wohnmobil-Stationen finden Sie in <a href=\"https:\/\/www.tuicamper.com\/reiseziele\/europa\/spanien\/san-sebastian\/\">San Sebasti\u00e1n<\/a> und <a href=\"https:\/\/www.tuicamper.com\/reiseziele\/europa\/spanien\/a-coruna\/\">A Coru\u00f1a<\/a>.<\/p>\n<\/div><\/section><\/div><\/div><\/div><\/div><!-- close content main div --><\/div><\/div><div id='av_section_4'  class='avia-section av-jt5vrdgv-4386718e65b314e69682ca60ae604601 main_color avia-section-default avia-no-border-styling  avia-builder-el-9  el_after_av_section  el_before_av_section  reduced-content avia-bg-style-scroll container_wrap sidebar_right'  ><div class='container av-section-cont-open' ><div class='template-page content  av-content-small alpha units'><div class='post-entry post-entry-type-page post-entry-5735'><div class='entry-content-wrapper clearfix'>\n\n<style type=\"text\/css\" data-created_by=\"avia_inline_auto\" id=\"style-css-av-1g5aou-6e8505d9de1136ce38f66b0d0e5d2a36\">\n.flex_column.av-1g5aou-6e8505d9de1136ce38f66b0d0e5d2a36{\nborder-radius:0px 0px 0px 0px;\npadding:0px 0px 0px 0px;\n}\n<\/style>\n<div  class='flex_column av-1g5aou-6e8505d9de1136ce38f66b0d0e5d2a36 av_one_full  avia-builder-el-10  avia-builder-el-no-sibling  first flex_column_div av-zero-column-padding  '     ><section  class='av_textblock_section av-jt5tjyk0-3c3ad3c49a2fedf7b0c26b6227895b8a '   itemscope=\"itemscope\" itemtype=\"https:\/\/schema.org\/BlogPosting\" itemprop=\"blogPost\" ><div class='avia_textblock'  itemprop=\"text\" ><h2>Wie viel Zeit sollte f\u00fcr eine Tour eingeplant werden?<\/h2>\n<p>Das Sch\u00f6ne an Asturien und Galicien: Die Regionen punkten durch viele kleine St\u00e4dteperlen und Naturhighlights, sodass auch l\u00e4ngere Touren von zwei bis drei Wochen \u00fcberaus abwechslungsreich gestaltet werden k\u00f6nnen. Wer es darauf anlegt, kann sich aber auch im Rahmen von sieben Tagen einen umfassenden Eindruck des sch\u00f6nen spanischen Nordens verschaffen \u2013 zumal die Region durch eine hervorragend ausgebaute Infrastruktur gl\u00e4nzt.<\/p>\n<\/div><\/section><\/div>\n<\/p>\n<\/div><\/div><\/div><!-- close content main div --><\/div><\/div><div id='av_section_5'  class='avia-section av-jt5vrdgv-4386718e65b314e69682ca60ae604601 main_color avia-section-default avia-no-border-styling  avia-builder-el-12  el_after_av_section  el_before_av_section  reduced-content avia-bg-style-scroll container_wrap sidebar_right'  ><div class='container av-section-cont-open' ><div class='template-page content  av-content-small alpha units'><div class='post-entry post-entry-type-page post-entry-5735'><div class='entry-content-wrapper clearfix'>\n\n<style type=\"text\/css\" data-created_by=\"avia_inline_auto\" id=\"style-css-av-1g5aou-6e8505d9de1136ce38f66b0d0e5d2a36\">\n.flex_column.av-1g5aou-6e8505d9de1136ce38f66b0d0e5d2a36{\nborder-radius:0px 0px 0px 0px;\npadding:0px 0px 0px 0px;\n}\n<\/style>\n<div  class='flex_column av-1g5aou-6e8505d9de1136ce38f66b0d0e5d2a36 av_one_full  avia-builder-el-13  avia-builder-el-no-sibling  first flex_column_div av-zero-column-padding  '     ><section  class='av_textblock_section av-jt5tjyk0-3c3ad3c49a2fedf7b0c26b6227895b8a '   itemscope=\"itemscope\" itemtype=\"https:\/\/schema.org\/BlogPosting\" itemprop=\"blogPost\" ><div class='avia_textblock'  itemprop=\"text\" ><h2>Asturien &amp; Galicien \u2013 5 Highlights im Portrait<\/h2>\n<p>In Asturien und Galicien warten zahlreiche Sehensw\u00fcrdigkeiten darauf, erkundet zu werden. Wir stellen Ihnen f\u00fcnf Highlights vor, die Sie auf Ihrer Wohnmobil-Tour durch Nordspanien nicht verpassen sollten.<\/p>\n<\/div><\/section><\/div>\n\n<\/div><\/div><\/div><!-- close content main div --><\/div><\/div><div id='av_section_6'  class='avia-section av-jt5vrdgv-4386718e65b314e69682ca60ae604601 main_color avia-section-default avia-no-border-styling  avia-builder-el-15  el_after_av_section  el_before_av_section  reduced-content avia-bg-style-scroll container_wrap sidebar_right'  ><div class='container av-section-cont-open' ><div class='template-page content  av-content-small alpha units'><div class='post-entry post-entry-type-page post-entry-5735'><div class='entry-content-wrapper clearfix'>\n\n<style type=\"text\/css\" data-created_by=\"avia_inline_auto\" id=\"style-css-av-1g5aou-6e8505d9de1136ce38f66b0d0e5d2a36\">\n.flex_column.av-1g5aou-6e8505d9de1136ce38f66b0d0e5d2a36{\nborder-radius:0px 0px 0px 0px;\npadding:0px 0px 0px 0px;\n}\n<\/style>\n<div  class='flex_column av-1g5aou-6e8505d9de1136ce38f66b0d0e5d2a36 av_one_full  avia-builder-el-16  avia-builder-el-no-sibling  first flex_column_div av-zero-column-padding  '     ><section  class='av_textblock_section av-jt5tjyk0-3c3ad3c49a2fedf7b0c26b6227895b8a '   itemscope=\"itemscope\" itemtype=\"https:\/\/schema.org\/BlogPosting\" itemprop=\"blogPost\" ><div class='avia_textblock'  itemprop=\"text\" ><h3>1.) Santiago de Compostela \u2013 steingewordene Geschichte und Pilgerziel<\/h3>\n<p>Santiago de Compostela. Kaum ein anderer Ort weckt unter Pilgerreisenden so lebhafte Assoziationen wie die Hauptstadt Galiciens. Immerhin befinden sich in der majest\u00e4tischen Kathedrale angeblich die sterblichen \u00dcberreste des Apostels Jakobus. So ist Santiago de Compostela f\u00fcr viele Pilger die letzte Station des ber\u00fchmten Jakobswegs. Sehenswert ist nicht nur die Kathedrale selbst, sondern die gesamte \u2013 zum UNESCO Weltkulturerbe z\u00e4hlende \u2013 Altstadt. Entlang der R\u00faa do Franco warten besonders viele Restaurants mit galicischen Spezialit\u00e4ten darauf, ausprobiert zu werden.<\/p>\n<p><strong>Campingplatz-Tipp<\/strong>: <a href=\"https:\/\/www.campingascancelas.com\/de\/\" target=\"_blank\" rel=\"noopener\">Camping As Cancelas<\/a>: Ideal gelegen, um Santiago de Compostela zu erkunden.<\/p>\n<\/div><\/section><\/div>\n\n<\/div><\/div><\/div><!-- close content main div --><\/div><\/div><div id='av_section_7'  class='avia-section av-b7gvl-1eb57de5f7b7a94c40602e8cf977ebb0 main_color avia-section-default avia-no-border-styling  avia-builder-el-18  el_after_av_section  el_before_av_section  reduced-content avia-bg-style-scroll container_wrap sidebar_right'  ><div class='container av-section-cont-open' ><div class='template-page content  av-content-small alpha units'><div class='post-entry post-entry-type-page post-entry-5735'><div class='entry-content-wrapper clearfix'>\n\n<style type=\"text\/css\" data-created_by=\"avia_inline_auto\" id=\"style-css-av-jtplvt5k-9ccf44764bab5727bdb0d8a3d4b7c69f\">\n.avia-image-container.av-jtplvt5k-9ccf44764bab5727bdb0d8a3d4b7c69f img.avia_image{\nbox-shadow:none;\n}\n.avia-image-container.av-jtplvt5k-9ccf44764bab5727bdb0d8a3d4b7c69f .av-caption-image-overlay-bg{\nopacity:0.4;\nbackground-color:#000000;\n}\n.avia-image-container.av-jtplvt5k-9ccf44764bab5727bdb0d8a3d4b7c69f .av-image-caption-overlay-center{\ncolor:#ffffff;\n}\n<\/style>\n<div  class='avia-image-container av-jtplvt5k-9ccf44764bab5727bdb0d8a3d4b7c69f av-styling- av-img-linked avia_animated_image av-animated-when-visible-95 fade-in avia-align-center  avia-builder-el-19  el_before_av_hr  avia-builder-el-first  noHover av-overlay-on-hover'   itemprop=\"image\" itemscope=\"itemscope\" itemtype=\"https:\/\/schema.org\/ImageObject\" ><div class=\"avia-image-container-inner\"><div class=\"avia-image-overlay-wrap\"><a href=\"https:\/\/www.tuicamper.com\/wp-docker\/wp-content\/uploads\/2020\/02\/cathedral-santiago-1030x686.jpg\" data-srcset=\"https:\/\/www.tuicamper.com\/wp-docker\/wp-content\/uploads\/2020\/02\/cathedral-santiago-1030x686.jpg 1030w, https:\/\/www.tuicamper.com\/wp-docker\/wp-content\/uploads\/2020\/02\/cathedral-santiago-300x200.jpg 300w, https:\/\/www.tuicamper.com\/wp-docker\/wp-content\/uploads\/2020\/02\/cathedral-santiago-768x512.jpg 768w, https:\/\/www.tuicamper.com\/wp-docker\/wp-content\/uploads\/2020\/02\/cathedral-santiago-705x470.jpg 705w, https:\/\/www.tuicamper.com\/wp-docker\/wp-content\/uploads\/2020\/02\/cathedral-santiago.jpg 1280w\" data-sizes=\"(max-width: 1030px) 100vw, 1030px\" class='avia_image '  aria-label='Kathedrale von Santiago de Compostela'><div class=\"av-image-caption-overlay\"><div class=\"av-caption-image-overlay-bg\"><\/div><div class=\"av-image-caption-overlay-position\"><div class=\"av-image-caption-overlay-center\"><p>Die Kathedrale von Santiago de Compostela<\/p>\n<\/div><\/div><\/div><img decoding=\"async\" fetchpriority=\"high\" class='wp-image-5802 avia-img-lazy-loading-not-5802 avia_image ' src=\"https:\/\/www.tuicamper.com\/wp-docker\/wp-content\/uploads\/2020\/02\/cathedral-santiago-845x684.jpg\" alt='Kathedrale von Santiago de Compostela' title='Kathedrale von Santiago de Compostela'  height=\"684\" width=\"845\"  itemprop=\"thumbnailUrl\" srcset=\"https:\/\/www.tuicamper.com\/wp-docker\/wp-content\/uploads\/2020\/02\/cathedral-santiago-845x684.jpg 845w, https:\/\/www.tuicamper.com\/wp-docker\/wp-content\/uploads\/2020\/02\/cathedral-santiago-495x400.jpg 495w\" sizes=\"(max-width: 845px) 100vw, 845px\" \/><\/a><\/div><\/div><\/div>\n\n<style type=\"text\/css\" data-created_by=\"avia_inline_auto\" id=\"style-css-av-jwj918c3-315e0fede61d05e0c478b80905e3cec5\">\n#top .hr.hr-invisible.av-jwj918c3-315e0fede61d05e0c478b80905e3cec5{\nheight:25px;\n}\n<\/style>\n<div  class='hr av-jwj918c3-315e0fede61d05e0c478b80905e3cec5 hr-invisible  avia-builder-el-20  el_after_av_image  avia-builder-el-last '><span class='hr-inner '><span class=\"hr-inner-style\"><\/span><\/span><\/div>\n\n<\/div><\/div><\/div><!-- close content main div --><\/div><\/div><div id='av_section_8'  class='avia-section av-jt5vrdgv-4386718e65b314e69682ca60ae604601 main_color avia-section-default avia-no-border-styling  avia-builder-el-21  el_after_av_section  el_before_av_section  reduced-content avia-bg-style-scroll container_wrap sidebar_right'  ><div class='container av-section-cont-open' ><div class='template-page content  av-content-small alpha units'><div class='post-entry post-entry-type-page post-entry-5735'><div class='entry-content-wrapper clearfix'>\n\n<style type=\"text\/css\" data-created_by=\"avia_inline_auto\" id=\"style-css-av-1g5aou-6e8505d9de1136ce38f66b0d0e5d2a36\">\n.flex_column.av-1g5aou-6e8505d9de1136ce38f66b0d0e5d2a36{\nborder-radius:0px 0px 0px 0px;\npadding:0px 0px 0px 0px;\n}\n<\/style>\n<div  class='flex_column av-1g5aou-6e8505d9de1136ce38f66b0d0e5d2a36 av_one_full  avia-builder-el-22  avia-builder-el-no-sibling  first flex_column_div av-zero-column-padding  '     ><section  class='av_textblock_section av-jt5tjyk0-3c3ad3c49a2fedf7b0c26b6227895b8a '   itemscope=\"itemscope\" itemtype=\"https:\/\/schema.org\/BlogPosting\" itemprop=\"blogPost\" ><div class='avia_textblock'  itemprop=\"text\" ><h3>2.) Finisterre und der vielleicht sch\u00f6nste Sonnenuntergang Spaniens<\/h3>\n<p>F\u00fcr die meisten Pilger ist Santiago de Compostela zwar das Ende ihrer Reise. Die historische Route des Jakobswegs endete aber erst am Meer: am schroffen Kap von Finisterre. Hier, so erz\u00e4hlte man sich fr\u00fcher, kann man hinter der Weite des Meeres das Ende der Welt erahnen. Tats\u00e4chlich ist der Blick vom Leuchtturm von Finisterre aus aufs offene Meer schlichtweg atemberaubend. Der Sonnenuntergang, das sagt man ebenfalls \u00fcber die einstige Pilgerst\u00e4dte, soll der sch\u00f6nste ganz Spaniens sein.<\/p>\n<p><strong>Campingplatz-Tipp<\/strong>: Camping Ruta De Finisterre \u2013 gepflegter und gut ausgestatteter Campingplatz.<\/p>\n<\/div><\/section><\/div>\n\n<\/div><\/div><\/div><!-- close content main div --><\/div><\/div><div id='av_section_9'  class='avia-section av-b7gvl-1eb57de5f7b7a94c40602e8cf977ebb0 main_color avia-section-default avia-no-border-styling  avia-builder-el-24  el_after_av_section  el_before_av_section  reduced-content avia-bg-style-scroll container_wrap sidebar_right'  ><div class='container av-section-cont-open' ><div class='template-page content  av-content-small alpha units'><div class='post-entry post-entry-type-page post-entry-5735'><div class='entry-content-wrapper clearfix'>\n\n<style type=\"text\/css\" data-created_by=\"avia_inline_auto\" id=\"style-css-av-jtplvt5k-5bbe4e9b0b67849b3aacb795f448e266\">\n.avia-image-container.av-jtplvt5k-5bbe4e9b0b67849b3aacb795f448e266 img.avia_image{\nbox-shadow:none;\n}\n.avia-image-container.av-jtplvt5k-5bbe4e9b0b67849b3aacb795f448e266 .av-caption-image-overlay-bg{\nopacity:0.4;\nbackground-color:#000000;\n}\n.avia-image-container.av-jtplvt5k-5bbe4e9b0b67849b3aacb795f448e266 .av-image-caption-overlay-center{\ncolor:#ffffff;\n}\n<\/style>\n<div  class='avia-image-container av-jtplvt5k-5bbe4e9b0b67849b3aacb795f448e266 av-styling- av-img-linked avia_animated_image av-animated-when-visible-95 fade-in avia-align-center  avia-builder-el-25  el_before_av_hr  avia-builder-el-first  noHover av-overlay-on-hover'   itemprop=\"image\" itemscope=\"itemscope\" itemtype=\"https:\/\/schema.org\/ImageObject\" ><div class=\"avia-image-container-inner\"><div class=\"avia-image-overlay-wrap\"><a href=\"https:\/\/www.tuicamper.com\/wp-docker\/wp-content\/uploads\/2020\/02\/fisterra-sonnenuntergang-1030x773.jpg\" data-srcset=\"https:\/\/www.tuicamper.com\/wp-docker\/wp-content\/uploads\/2020\/02\/fisterra-sonnenuntergang-1030x773.jpg 1030w, https:\/\/www.tuicamper.com\/wp-docker\/wp-content\/uploads\/2020\/02\/fisterra-sonnenuntergang-300x225.jpg 300w, https:\/\/www.tuicamper.com\/wp-docker\/wp-content\/uploads\/2020\/02\/fisterra-sonnenuntergang-768x576.jpg 768w, https:\/\/www.tuicamper.com\/wp-docker\/wp-content\/uploads\/2020\/02\/fisterra-sonnenuntergang-705x529.jpg 705w, https:\/\/www.tuicamper.com\/wp-docker\/wp-content\/uploads\/2020\/02\/fisterra-sonnenuntergang.jpg 1280w\" data-sizes=\"(max-width: 1030px) 100vw, 1030px\" class='avia_image '  aria-label='Sonnenuntergang bei Fisterra'><div class=\"av-image-caption-overlay\"><div class=\"av-caption-image-overlay-bg\"><\/div><div class=\"av-image-caption-overlay-position\"><div class=\"av-image-caption-overlay-center\"><p>Sonnenuntergang bei Fisterra<\/p>\n<\/div><\/div><\/div><img decoding=\"async\" fetchpriority=\"high\" class='wp-image-5805 avia-img-lazy-loading-not-5805 avia_image ' src=\"https:\/\/www.tuicamper.com\/wp-docker\/wp-content\/uploads\/2020\/02\/fisterra-sonnenuntergang-1280x630.jpg\" alt='Sonnenuntergang bei Fisterra' title='Sonnenuntergang bei Fisterra'  height=\"630\" width=\"1280\"  itemprop=\"thumbnailUrl\"  \/><\/a><\/div><\/div><\/div>\n\n<style type=\"text\/css\" data-created_by=\"avia_inline_auto\" id=\"style-css-av-jwj918c3-315e0fede61d05e0c478b80905e3cec5\">\n#top .hr.hr-invisible.av-jwj918c3-315e0fede61d05e0c478b80905e3cec5{\nheight:25px;\n}\n<\/style>\n<div  class='hr av-jwj918c3-315e0fede61d05e0c478b80905e3cec5 hr-invisible  avia-builder-el-26  el_after_av_image  avia-builder-el-last '><span class='hr-inner '><span class=\"hr-inner-style\"><\/span><\/span><\/div>\n\n<\/div><\/div><\/div><!-- close content main div --><\/div><\/div><div id='av_section_10'  class='avia-section av-jt5vrdgv-4386718e65b314e69682ca60ae604601 main_color avia-section-default avia-no-border-styling  avia-builder-el-27  el_after_av_section  el_before_av_section  reduced-content avia-bg-style-scroll container_wrap sidebar_right'  ><div class='container av-section-cont-open' ><div class='template-page content  av-content-small alpha units'><div class='post-entry post-entry-type-page post-entry-5735'><div class='entry-content-wrapper clearfix'>\n\n<style type=\"text\/css\" data-created_by=\"avia_inline_auto\" id=\"style-css-av-1g5aou-6e8505d9de1136ce38f66b0d0e5d2a36\">\n.flex_column.av-1g5aou-6e8505d9de1136ce38f66b0d0e5d2a36{\nborder-radius:0px 0px 0px 0px;\npadding:0px 0px 0px 0px;\n}\n<\/style>\n<div  class='flex_column av-1g5aou-6e8505d9de1136ce38f66b0d0e5d2a36 av_one_full  avia-builder-el-28  avia-builder-el-no-sibling  first flex_column_div av-zero-column-padding  '     ><section  class='av_textblock_section av-jt5tjyk0-3c3ad3c49a2fedf7b0c26b6227895b8a '   itemscope=\"itemscope\" itemtype=\"https:\/\/schema.org\/BlogPosting\" itemprop=\"blogPost\" ><div class='avia_textblock'  itemprop=\"text\" ><h3>3.) Praia de Carnota \u2013 Karibikflair mitten in Spanien<\/h3>\n<p>In der Provinz <a href=\"https:\/\/www.tuicamper.com\/reiseziele\/europa\/spanien\/a-coruna\/\">A Coru\u00f1a<\/a> erstreckt sich der feinsandige Strand Praia de Carnota. Mit einer L\u00e4nge von \u00fcber 7 Kilometern und (bei Ebbe) einer Breite von bis zu 500 Metern ist der helle Sandstrand der l\u00e4ngste Strand Galiciens \u2013 und der wohl sch\u00f6nste. Vor t\u00fcrkisblauem Wasser gelegen, verspr\u00fcht der Praia de Carnota eine ordentliche Portion Karibik-Flair. Der gesamte Sandstrand steht unter Naturschutz, ist allerdings frei zug\u00e4nglich. Unachtsames Liegenlassen von M\u00fcll ist nat\u00fcrlich strengstens untersagt.<\/p>\n<p><strong>Campingplatz-Tipp<\/strong>: <a href=\"http:\/\/www.campingancoradoiro.com\/index_de.html\" target=\"_blank\" rel=\"noopener\">Camping Ancoradoiro<\/a> \u2013 unweit vom Praia de Carnota und mitten im Naturschutzgebiet gelegen.<\/p>\n<\/div><\/section><\/div>\n\n<\/div><\/div><\/div><!-- close content main div --><\/div><\/div><div id='av_section_11'  class='avia-section av-b7gvl-1eb57de5f7b7a94c40602e8cf977ebb0 main_color avia-section-default avia-no-border-styling  avia-builder-el-30  el_after_av_section  el_before_av_textblock  reduced-content avia-bg-style-scroll container_wrap sidebar_right'  ><div class='container av-section-cont-open' ><div class='template-page content  av-content-small alpha units'><div class='post-entry post-entry-type-page post-entry-5735'><div class='entry-content-wrapper clearfix'>\n\n<style type=\"text\/css\" data-created_by=\"avia_inline_auto\" id=\"style-css-av-jtplvt5k-7f9dcf7e7443c9cd55eeb537ea8a79fb\">\n.avia-image-container.av-jtplvt5k-7f9dcf7e7443c9cd55eeb537ea8a79fb img.avia_image{\nbox-shadow:none;\n}\n.avia-image-container.av-jtplvt5k-7f9dcf7e7443c9cd55eeb537ea8a79fb .av-caption-image-overlay-bg{\nopacity:0.4;\nbackground-color:#000000;\n}\n.avia-image-container.av-jtplvt5k-7f9dcf7e7443c9cd55eeb537ea8a79fb .av-image-caption-overlay-center{\ncolor:#ffffff;\n}\n<\/style>\n<div  class='avia-image-container av-jtplvt5k-7f9dcf7e7443c9cd55eeb537ea8a79fb av-styling- av-img-linked avia_animated_image av-animated-when-visible-95 fade-in avia-align-center  avia-builder-el-31  el_before_av_hr  avia-builder-el-first  noHover av-overlay-on-hover'   itemprop=\"image\" itemscope=\"itemscope\" itemtype=\"https:\/\/schema.org\/ImageObject\" ><div class=\"avia-image-container-inner\"><div class=\"avia-image-overlay-wrap\"><a href=\"https:\/\/www.tuicamper.com\/wp-docker\/wp-content\/uploads\/2020\/02\/strand-galicien-1030x578.jpg\" data-srcset=\"https:\/\/www.tuicamper.com\/wp-docker\/wp-content\/uploads\/2020\/02\/strand-galicien-1030x578.jpg 1030w, https:\/\/www.tuicamper.com\/wp-docker\/wp-content\/uploads\/2020\/02\/strand-galicien-300x168.jpg 300w, https:\/\/www.tuicamper.com\/wp-docker\/wp-content\/uploads\/2020\/02\/strand-galicien-768x431.jpg 768w, https:\/\/www.tuicamper.com\/wp-docker\/wp-content\/uploads\/2020\/02\/strand-galicien-705x395.jpg 705w, https:\/\/www.tuicamper.com\/wp-docker\/wp-content\/uploads\/2020\/02\/strand-galicien.jpg 1280w\" data-sizes=\"(max-width: 1030px) 100vw, 1030px\" class='avia_image '  aria-label='Am Strand in Galicien'><div class=\"av-image-caption-overlay\"><div class=\"av-caption-image-overlay-bg\"><\/div><div class=\"av-image-caption-overlay-position\"><div class=\"av-image-caption-overlay-center\"><p>Am Strand in Galicien<\/p>\n<\/div><\/div><\/div><img decoding=\"async\" fetchpriority=\"high\" class='wp-image-5803 avia-img-lazy-loading-not-5803 avia_image ' src=\"https:\/\/www.tuicamper.com\/wp-docker\/wp-content\/uploads\/2020\/02\/strand-galicien-1280x630.jpg\" alt='Am Strand in Galicien' title='Am Strand in Galicien'  height=\"630\" width=\"1280\"  itemprop=\"thumbnailUrl\"  \/><\/a><\/div><\/div><\/div>\n\n<style type=\"text\/css\" data-created_by=\"avia_inline_auto\" id=\"style-css-av-jwj918c3-315e0fede61d05e0c478b80905e3cec5\">\n#top .hr.hr-invisible.av-jwj918c3-315e0fede61d05e0c478b80905e3cec5{\nheight:25px;\n}\n<\/style>\n<div  class='hr av-jwj918c3-315e0fede61d05e0c478b80905e3cec5 hr-invisible  avia-builder-el-32  el_after_av_image  avia-builder-el-last '><span class='hr-inner '><span class=\"hr-inner-style\"><\/span><\/span><\/div>\n<\/div><\/div><\/div><!-- close content main div --><\/div><\/div><div id='after_section_11'  class='main_color av_default_container_wrap container_wrap sidebar_right'  ><div class='container av-section-cont-open' ><div class='template-page content  av-content-small alpha units'><div class='post-entry post-entry-type-page post-entry-5735'><div class='entry-content-wrapper clearfix'>\n<section  class='av_textblock_section av-jtpqpty6-b6f6273725e550bd464a8e006a9a686c '   itemscope=\"itemscope\" itemtype=\"https:\/\/schema.org\/BlogPosting\" itemprop=\"blogPost\" ><div class='avia_textblock'  itemprop=\"text\" ><div id=\"breaker_element_shortcode\" class=\"postbox \">\n<div class=\"inside\">\n\r\n<div style=\"clear: both;\"><\/div>\r\n<div class=\"post-breaker-item breaker-type-default\">\r\n    <div class=\"post-breaker-item-inner\">\r\n                    \n<style type=\"text\/css\" data-created_by=\"avia_inline_auto\" id=\"style-css-av-jtpksizx-4b352f2a2752c01e58a4c67632af1aa6\">\n#top .av_textblock_section.av-jtpksizx-4b352f2a2752c01e58a4c67632af1aa6 .avia_textblock{\nfont-size:28px;\n}\n<\/style>\n<section  class='av_textblock_section av-jtpksizx-4b352f2a2752c01e58a4c67632af1aa6 '   itemscope=\"itemscope\" itemtype=\"https:\/\/schema.org\/BlogPosting\" itemprop=\"blogPost\" ><div class='avia_textblock'  itemprop=\"text\" ><p><strong>\u2013 Lesen Sie auch \u2013<\/strong><\/p>\n<\/div><\/section>\n\n<style type=\"text\/css\" data-created_by=\"avia_inline_auto\" id=\"style-css-av-ehyb5-42286bbb62f5c947921c50b729609f1d\">\n.flex_column.av-ehyb5-42286bbb62f5c947921c50b729609f1d{\nborder-radius:0px 0px 0px 0px;\npadding:0px 0px 0px 0px;\n}\n<\/style>\n<div  class='flex_column av-ehyb5-42286bbb62f5c947921c50b729609f1d av_one_third first flex_column_div av-zero-column-padding  '     ><p>\n<style type=\"text\/css\" data-created_by=\"avia_inline_auto\" id=\"style-css-av-jt75ko0n-3a09d8771f75fdffd3de110a0f3d077a\">\n.avia-image-container.av-jt75ko0n-3a09d8771f75fdffd3de110a0f3d077a img.avia_image{\nbox-shadow:none;\n}\n.avia-image-container.av-jt75ko0n-3a09d8771f75fdffd3de110a0f3d077a .av-image-caption-overlay-center{\ncolor:#ffffff;\n}\n<\/style>\n<div  class='avia-image-container av-jt75ko0n-3a09d8771f75fdffd3de110a0f3d077a av-styling-no-styling av-hover-grow av-hide-overflow av-img-linked avia_animated_image av-animated-when-visible-95 fade-in avia-align-left'   itemprop=\"image\" itemscope=\"itemscope\" itemtype=\"https:\/\/schema.org\/ImageObject\" ><div class=\"avia-image-container-inner\"><div class=\"avia-image-overlay-wrap\"><a href=\"https:\/\/www.tuicamper.com\/magazin\/andalusien-highlights\/\" class='avia_image '  aria-label='Wohnmobil Andalusien'><img decoding=\"async\" fetchpriority=\"high\" class='wp-image-1382 avia-img-lazy-loading-not-1382 avia_image ' src=\"https:\/\/www.tuicamper.com\/wp-docker\/wp-content\/uploads\/2019\/04\/andalusien-teaser.jpg\" alt='Wohnmobil Andalusien' title='Wohnmobil Andalusien'  height=\"200\" width=\"350\"  itemprop=\"thumbnailUrl\" srcset=\"https:\/\/www.tuicamper.com\/wp-docker\/wp-content\/uploads\/2019\/04\/andalusien-teaser.jpg 350w, https:\/\/www.tuicamper.com\/wp-docker\/wp-content\/uploads\/2019\/04\/andalusien-teaser-300x171.jpg 300w\" sizes=\"(max-width: 350px) 100vw, 350px\" \/><\/a><\/div><\/div><\/div><br \/>\n<section  class='av_textblock_section av-jt75lbqb-bba29013bb6610b0762c56b6a5ae7819 '   itemscope=\"itemscope\" itemtype=\"https:\/\/schema.org\/BlogPosting\" itemprop=\"blogPost\" ><div class='avia_textblock'  itemprop=\"text\" ><p style=\"text-align: left;\"><strong><a href=\"https:\/\/www.tuicamper.com\/magazin\/andalusien-highlights\/\">Wohnmobil Andalusien \u2013 10 Highlights f\u00fcr eine Camper-Reise<\/a><\/strong><\/p>\n<\/div><\/section><\/p><\/div>\n<style type=\"text\/css\" data-created_by=\"avia_inline_auto\" id=\"style-css-av-ehyb5-8fadcff6392c44a3fc98dc4b014d4246\">\n.flex_column.av-ehyb5-8fadcff6392c44a3fc98dc4b014d4246{\nborder-radius:0px 0px 0px 0px;\npadding:0px 0px 0px 0px;\n}\n<\/style>\n<div  class='flex_column av-ehyb5-8fadcff6392c44a3fc98dc4b014d4246 av_one_third flex_column_div av-zero-column-padding  '     ><p>\n<style type=\"text\/css\" data-created_by=\"avia_inline_auto\" id=\"style-css-av-jt75ko0n-9f528bf819fb4cdc780469f6619db8a2\">\n.avia-image-container.av-jt75ko0n-9f528bf819fb4cdc780469f6619db8a2 img.avia_image{\nbox-shadow:none;\n}\n.avia-image-container.av-jt75ko0n-9f528bf819fb4cdc780469f6619db8a2 .av-image-caption-overlay-center{\ncolor:#ffffff;\n}\n<\/style>\n<div  class='avia-image-container av-jt75ko0n-9f528bf819fb4cdc780469f6619db8a2 av-styling-no-styling av-hover-grow av-hide-overflow av-img-linked avia_animated_image av-animated-when-visible-95 fade-in avia-align-left'   itemprop=\"image\" itemscope=\"itemscope\" itemtype=\"https:\/\/schema.org\/ImageObject\" ><div class=\"avia-image-container-inner\"><div class=\"avia-image-overlay-wrap\"><a href=\"https:\/\/www.tuicamper.com\/magazin\/reisetipps-italien\/\" class='avia_image '  aria-label='Reisetipps Italien'><img decoding=\"async\" fetchpriority=\"high\" class='wp-image-1383 avia-img-lazy-loading-not-1383 avia_image ' src=\"https:\/\/www.tuicamper.com\/wp-docker\/wp-content\/uploads\/2019\/04\/reisetipps-italien-teaser.jpg\" alt='Reisetipps Italien' title='Reisetipps Italien'  height=\"200\" width=\"350\"  itemprop=\"thumbnailUrl\" srcset=\"https:\/\/www.tuicamper.com\/wp-docker\/wp-content\/uploads\/2019\/04\/reisetipps-italien-teaser.jpg 350w, https:\/\/www.tuicamper.com\/wp-docker\/wp-content\/uploads\/2019\/04\/reisetipps-italien-teaser-300x171.jpg 300w\" sizes=\"(max-width: 350px) 100vw, 350px\" \/><\/a><\/div><\/div><\/div><br \/>\n<section  class='av_textblock_section av-jt75lbqb-bba29013bb6610b0762c56b6a5ae7819 '   itemscope=\"itemscope\" itemtype=\"https:\/\/schema.org\/BlogPosting\" itemprop=\"blogPost\" ><div class='avia_textblock'  itemprop=\"text\" ><p style=\"text-align: left;\"><strong><a href=\"https:\/\/www.tuicamper.com\/magazin\/reisetipps-italien\/\">Reisetipps Italien \u2013 Das sollten Sie wissen f\u00fcr Ihren Camper-Urlaub<\/a><\/strong><\/p>\n<\/div><\/section><\/p><\/div>\n<style type=\"text\/css\" data-created_by=\"avia_inline_auto\" id=\"style-css-av-ehyb5-8fadcff6392c44a3fc98dc4b014d4246\">\n.flex_column.av-ehyb5-8fadcff6392c44a3fc98dc4b014d4246{\nborder-radius:0px 0px 0px 0px;\npadding:0px 0px 0px 0px;\n}\n<\/style>\n<div  class='flex_column av-ehyb5-8fadcff6392c44a3fc98dc4b014d4246 av_one_third flex_column_div av-zero-column-padding  '     ><p>\n<style type=\"text\/css\" data-created_by=\"avia_inline_auto\" id=\"style-css-av-jt75ko0n-c899c2c5fa2fc7150bab03e2a3bebc8a\">\n.avia-image-container.av-jt75ko0n-c899c2c5fa2fc7150bab03e2a3bebc8a img.avia_image{\nbox-shadow:none;\n}\n.avia-image-container.av-jt75ko0n-c899c2c5fa2fc7150bab03e2a3bebc8a .av-image-caption-overlay-center{\ncolor:#ffffff;\n}\n<\/style>\n<div  class='avia-image-container av-jt75ko0n-c899c2c5fa2fc7150bab03e2a3bebc8a av-styling-no-styling av-hover-grow av-hide-overflow av-img-linked avia_animated_image av-animated-when-visible-95 fade-in avia-align-left'   itemprop=\"image\" itemscope=\"itemscope\" itemtype=\"https:\/\/schema.org\/ImageObject\" ><div class=\"avia-image-container-inner\"><div class=\"avia-image-overlay-wrap\"><a href=\"https:\/\/www.tuicamper.com\/magazin\/wohnmobil-sizilien\/\" class='avia_image '  aria-label='Wohnmobil Sizilien'><img decoding=\"async\" fetchpriority=\"high\" class='wp-image-1860 avia-img-lazy-loading-not-1860 avia_image ' src=\"https:\/\/www.tuicamper.com\/wp-docker\/wp-content\/uploads\/2019\/04\/wohnmobil-sizilien-teaser.jpg\" alt='Wohnmobil Sizilien' title='Wohnmobil Sizilien'  height=\"200\" width=\"350\"  itemprop=\"thumbnailUrl\" srcset=\"https:\/\/www.tuicamper.com\/wp-docker\/wp-content\/uploads\/2019\/04\/wohnmobil-sizilien-teaser.jpg 350w, https:\/\/www.tuicamper.com\/wp-docker\/wp-content\/uploads\/2019\/04\/wohnmobil-sizilien-teaser-300x171.jpg 300w\" sizes=\"(max-width: 350px) 100vw, 350px\" \/><\/a><\/div><\/div><\/div><br \/>\n<section  class='av_textblock_section av-jt75lbqb-bba29013bb6610b0762c56b6a5ae7819 '   itemscope=\"itemscope\" itemtype=\"https:\/\/schema.org\/BlogPosting\" itemprop=\"blogPost\" ><div class='avia_textblock'  itemprop=\"text\" ><p style=\"text-align: left;\"><strong><a href=\"https:\/\/www.tuicamper.com\/magazin\/wohnmobil-sizilien\/\">Wohnmobil Sizilien \u2013 Highlights f\u00fcr eine Camper-Rundreise<\/a><\/strong><\/p>\n<\/div><\/section><\/p><\/div><\/p>\n            <div style=\"clear: both;\"><\/div>\r\n            <\/div>\r\n<\/div>\r\n\n<\/div>\n<\/div>\n<\/div><\/section>\n<\/div><\/div><\/div><!-- close content main div --><\/div><\/div><div id='av_section_12'  class='avia-section av-jt5vrdgv-4386718e65b314e69682ca60ae604601 main_color avia-section-default avia-no-border-styling  avia-builder-el-34  el_after_av_textblock  el_before_av_section  reduced-content avia-bg-style-scroll container_wrap sidebar_right'  ><div class='container av-section-cont-open' ><div class='template-page content  av-content-small alpha units'><div class='post-entry post-entry-type-page post-entry-5735'><div class='entry-content-wrapper clearfix'>\n\n<style type=\"text\/css\" data-created_by=\"avia_inline_auto\" id=\"style-css-av-1g5aou-6e8505d9de1136ce38f66b0d0e5d2a36\">\n.flex_column.av-1g5aou-6e8505d9de1136ce38f66b0d0e5d2a36{\nborder-radius:0px 0px 0px 0px;\npadding:0px 0px 0px 0px;\n}\n<\/style>\n<div  class='flex_column av-1g5aou-6e8505d9de1136ce38f66b0d0e5d2a36 av_one_full  avia-builder-el-35  avia-builder-el-no-sibling  first flex_column_div av-zero-column-padding  '     ><section  class='av_textblock_section av-jt5tjyk0-3c3ad3c49a2fedf7b0c26b6227895b8a '   itemscope=\"itemscope\" itemtype=\"https:\/\/schema.org\/BlogPosting\" itemprop=\"blogPost\" ><div class='avia_textblock'  itemprop=\"text\" ><h3>4.) Ruta del Cares \u2013 spektakul\u00e4re Schluchtwanderung<\/h3>\n<p>Die Ruta del Cares f\u00fchrt mitten durch die Picos de Europa \u2013 ein faszinierendes Kalksteinmassiv, das mit traumhaften Panoramen aufwartet. Der ber\u00fchmte Wanderweg f\u00fchrt durch die Schlucht von Cares und gibt immer wieder beeindruckende Blicke auf imposante Bergformationen und tiefe T\u00e4ler frei. Zudem f\u00fchrt der rund 11 Kilometer lange Wanderweg zwischen Poncebos und Ca\u00edn an idyllischen D\u00f6rfchen vorbei. Die Strecke selbst ist zwar nicht besonders schwer zur\u00fcckzulegen, die Strecke von 22 Kilometern f\u00fcr Hin- und R\u00fcckweg sollte allerdings nicht untersch\u00e4tzt werden. Denken Sie unbedingt an ausreichend Proviant!<\/p>\n<p><strong>Campingplatz-Tipp<\/strong>: <a href=\"https:\/\/campingelcarespicosdeeuropa.com\/\" target=\"_blank\" rel=\"noopener\">Camping El Cares Picos de Europa<\/a> \u2013 sch\u00f6ner Campingplatz mit Bergpanorama.<\/p>\n<\/div><\/section><\/div>\n\n<\/div><\/div><\/div><!-- close content main div --><\/div><\/div><div id='av_section_13'  class='avia-section av-b7gvl-1eb57de5f7b7a94c40602e8cf977ebb0 main_color avia-section-default avia-no-border-styling  avia-builder-el-37  el_after_av_section  el_before_av_section  reduced-content avia-bg-style-scroll container_wrap sidebar_right'  ><div class='container av-section-cont-open' ><div class='template-page content  av-content-small alpha units'><div class='post-entry post-entry-type-page post-entry-5735'><div class='entry-content-wrapper clearfix'>\n\n<style type=\"text\/css\" data-created_by=\"avia_inline_auto\" id=\"style-css-av-jtplvt5k-8ea8789c1e89abe87699c8922b537911\">\n.avia-image-container.av-jtplvt5k-8ea8789c1e89abe87699c8922b537911 img.avia_image{\nbox-shadow:none;\n}\n.avia-image-container.av-jtplvt5k-8ea8789c1e89abe87699c8922b537911 .av-caption-image-overlay-bg{\nopacity:0.4;\nbackground-color:#000000;\n}\n.avia-image-container.av-jtplvt5k-8ea8789c1e89abe87699c8922b537911 .av-image-caption-overlay-center{\ncolor:#ffffff;\n}\n<\/style>\n<div  class='avia-image-container av-jtplvt5k-8ea8789c1e89abe87699c8922b537911 av-styling- av-img-linked avia_animated_image av-animated-when-visible-95 fade-in avia-align-center  avia-builder-el-38  el_before_av_hr  avia-builder-el-first  noHover av-overlay-on-hover'   itemprop=\"image\" itemscope=\"itemscope\" itemtype=\"https:\/\/schema.org\/ImageObject\" ><div class=\"avia-image-container-inner\"><div class=\"avia-image-overlay-wrap\"><a href=\"https:\/\/www.tuicamper.com\/wp-docker\/wp-content\/uploads\/2020\/02\/ruta-del-cares-1030x579.jpg\" data-srcset=\"https:\/\/www.tuicamper.com\/wp-docker\/wp-content\/uploads\/2020\/02\/ruta-del-cares-1030x579.jpg 1030w, https:\/\/www.tuicamper.com\/wp-docker\/wp-content\/uploads\/2020\/02\/ruta-del-cares-300x169.jpg 300w, https:\/\/www.tuicamper.com\/wp-docker\/wp-content\/uploads\/2020\/02\/ruta-del-cares-768x431.jpg 768w, https:\/\/www.tuicamper.com\/wp-docker\/wp-content\/uploads\/2020\/02\/ruta-del-cares-705x396.jpg 705w, https:\/\/www.tuicamper.com\/wp-docker\/wp-content\/uploads\/2020\/02\/ruta-del-cares.jpg 1280w\" data-sizes=\"(max-width: 1030px) 100vw, 1030px\" class='avia_image '  aria-label='ruta del cares'><div class=\"av-image-caption-overlay\"><div class=\"av-caption-image-overlay-bg\"><\/div><div class=\"av-image-caption-overlay-position\"><div class=\"av-image-caption-overlay-center\"><p>Der Ruta del Cares Wanderschlucht entlang<\/p>\n<\/div><\/div><\/div><img decoding=\"async\" fetchpriority=\"high\" class='wp-image-5745 avia-img-lazy-loading-not-5745 avia_image ' src=\"https:\/\/www.tuicamper.com\/wp-docker\/wp-content\/uploads\/2020\/02\/ruta-del-cares-1280x630.jpg\" alt='ruta del cares' title='ruta del cares'  height=\"630\" width=\"1280\"  itemprop=\"thumbnailUrl\"  \/><\/a><\/div><\/div><\/div>\n\n<style type=\"text\/css\" data-created_by=\"avia_inline_auto\" id=\"style-css-av-jwj918c3-315e0fede61d05e0c478b80905e3cec5\">\n#top .hr.hr-invisible.av-jwj918c3-315e0fede61d05e0c478b80905e3cec5{\nheight:25px;\n}\n<\/style>\n<div  class='hr av-jwj918c3-315e0fede61d05e0c478b80905e3cec5 hr-invisible  avia-builder-el-39  el_after_av_image  avia-builder-el-last '><span class='hr-inner '><span class=\"hr-inner-style\"><\/span><\/span><\/div>\n\n<\/div><\/div><\/div><!-- close content main div --><\/div><\/div><div id='av_section_14'  class='avia-section av-jt5vrdgv-4386718e65b314e69682ca60ae604601 main_color avia-section-default avia-no-border-styling  avia-builder-el-40  el_after_av_section  el_before_av_section  reduced-content avia-bg-style-scroll container_wrap sidebar_right'  ><div class='container av-section-cont-open' ><div class='template-page content  av-content-small alpha units'><div class='post-entry post-entry-type-page post-entry-5735'><div class='entry-content-wrapper clearfix'>\n\n<style type=\"text\/css\" data-created_by=\"avia_inline_auto\" id=\"style-css-av-1g5aou-6e8505d9de1136ce38f66b0d0e5d2a36\">\n.flex_column.av-1g5aou-6e8505d9de1136ce38f66b0d0e5d2a36{\nborder-radius:0px 0px 0px 0px;\npadding:0px 0px 0px 0px;\n}\n<\/style>\n<div  class='flex_column av-1g5aou-6e8505d9de1136ce38f66b0d0e5d2a36 av_one_full  avia-builder-el-41  avia-builder-el-no-sibling  first flex_column_div av-zero-column-padding  '     ><section  class='av_textblock_section av-jt5tjyk0-3c3ad3c49a2fedf7b0c26b6227895b8a '   itemscope=\"itemscope\" itemtype=\"https:\/\/schema.org\/BlogPosting\" itemprop=\"blogPost\" ><div class='avia_textblock'  itemprop=\"text\" ><h3>5.) Covadonga \u2013 Willkommen in der Seenidylle<\/h3>\n<p>Ebenfalls im Gebirge Picos de Europa befindet sich die Gemeinde Covadonga. Bekannt ist der Ort nicht nur als Wallfahrtsst\u00e4tte, sondern vor allem als Tor zu den traumhaften Gletscherseen Lago Enol und Lago de la Ercina. Die Bergseen scheinen geradewegs einer Postkarte entsprungen zu sein \u2013 und geh\u00f6ren zu den am h\u00e4ufigsten geknipsten Fotomotiven Asturiens.<\/p>\n<p><strong>Campingplatz-Tipp<\/strong>: Camping Covadonga in Cangas de Onis \u2013 solider Campingplatz nahe der ber\u00fchmten Seen von Covadonga.<\/p>\n<\/div><\/section><\/div>\n\n<\/div><\/div><\/div><!-- close content main div --><\/div><\/div><div id='av_section_15'  class='avia-section av-b7gvl-1eb57de5f7b7a94c40602e8cf977ebb0 main_color avia-section-default avia-no-border-styling  avia-builder-el-43  el_after_av_section  el_before_av_section  reduced-content avia-bg-style-scroll container_wrap sidebar_right'  ><div class='container av-section-cont-open' ><div class='template-page content  av-content-small alpha units'><div class='post-entry post-entry-type-page post-entry-5735'><div class='entry-content-wrapper clearfix'>\n\n<style type=\"text\/css\" data-created_by=\"avia_inline_auto\" id=\"style-css-av-jtplvt5k-496b36e302acfca10f4de1a0f0d53be4\">\n.avia-image-container.av-jtplvt5k-496b36e302acfca10f4de1a0f0d53be4 img.avia_image{\nbox-shadow:none;\n}\n.avia-image-container.av-jtplvt5k-496b36e302acfca10f4de1a0f0d53be4 .av-caption-image-overlay-bg{\nopacity:0.4;\nbackground-color:#000000;\n}\n.avia-image-container.av-jtplvt5k-496b36e302acfca10f4de1a0f0d53be4 .av-image-caption-overlay-center{\ncolor:#ffffff;\n}\n<\/style>\n<div  class='avia-image-container av-jtplvt5k-496b36e302acfca10f4de1a0f0d53be4 av-styling- av-img-linked avia_animated_image av-animated-when-visible-95 fade-in avia-align-center  avia-builder-el-44  el_before_av_hr  avia-builder-el-first  noHover av-overlay-on-hover'   itemprop=\"image\" itemscope=\"itemscope\" itemtype=\"https:\/\/schema.org\/ImageObject\" ><div class=\"avia-image-container-inner\"><div class=\"avia-image-overlay-wrap\"><a href=\"https:\/\/www.tuicamper.com\/wp-docker\/wp-content\/uploads\/2020\/02\/covadonga-kirche-1030x579.jpg\" data-srcset=\"https:\/\/www.tuicamper.com\/wp-docker\/wp-content\/uploads\/2020\/02\/covadonga-kirche-1030x579.jpg 1030w, https:\/\/www.tuicamper.com\/wp-docker\/wp-content\/uploads\/2020\/02\/covadonga-kirche-300x169.jpg 300w, https:\/\/www.tuicamper.com\/wp-docker\/wp-content\/uploads\/2020\/02\/covadonga-kirche-768x432.jpg 768w, https:\/\/www.tuicamper.com\/wp-docker\/wp-content\/uploads\/2020\/02\/covadonga-kirche-705x397.jpg 705w, https:\/\/www.tuicamper.com\/wp-docker\/wp-content\/uploads\/2020\/02\/covadonga-kirche.jpg 1280w\" data-sizes=\"(max-width: 1030px) 100vw, 1030px\" class='avia_image '  aria-label='covadonga kirche'><div class=\"av-image-caption-overlay\"><div class=\"av-caption-image-overlay-bg\"><\/div><div class=\"av-image-caption-overlay-position\"><div class=\"av-image-caption-overlay-center\"><p>Kleine Kirche in Covadonga<\/p>\n<\/div><\/div><\/div><img decoding=\"async\" fetchpriority=\"high\" class='wp-image-5746 avia-img-lazy-loading-not-5746 avia_image ' src=\"https:\/\/www.tuicamper.com\/wp-docker\/wp-content\/uploads\/2020\/02\/covadonga-kirche-1280x630.jpg\" alt='' title='covadonga kirche'  height=\"630\" width=\"1280\"  itemprop=\"thumbnailUrl\"  \/><\/a><\/div><\/div><\/div>\n\n<style type=\"text\/css\" data-created_by=\"avia_inline_auto\" id=\"style-css-av-jwj918c3-315e0fede61d05e0c478b80905e3cec5\">\n#top .hr.hr-invisible.av-jwj918c3-315e0fede61d05e0c478b80905e3cec5{\nheight:25px;\n}\n<\/style>\n<div  class='hr av-jwj918c3-315e0fede61d05e0c478b80905e3cec5 hr-invisible  avia-builder-el-45  el_after_av_image  avia-builder-el-last '><span class='hr-inner '><span class=\"hr-inner-style\"><\/span><\/span><\/div>\n\n<\/div><\/div><\/div><!-- close content main div --><\/div><\/div><div id='av_section_16'  class='avia-section av-jt5vrdgv-4386718e65b314e69682ca60ae604601 main_color avia-section-default avia-no-border-styling  avia-builder-el-46  el_after_av_section  el_before_av_section  reduced-content avia-bg-style-scroll container_wrap sidebar_right'  ><div class='container av-section-cont-open' ><div class='template-page content  av-content-small alpha units'><div class='post-entry post-entry-type-page post-entry-5735'><div class='entry-content-wrapper clearfix'>\n\n<style type=\"text\/css\" data-created_by=\"avia_inline_auto\" id=\"style-css-av-1g5aou-6e8505d9de1136ce38f66b0d0e5d2a36\">\n.flex_column.av-1g5aou-6e8505d9de1136ce38f66b0d0e5d2a36{\nborder-radius:0px 0px 0px 0px;\npadding:0px 0px 0px 0px;\n}\n<\/style>\n<div  class='flex_column av-1g5aou-6e8505d9de1136ce38f66b0d0e5d2a36 av_one_full  avia-builder-el-47  avia-builder-el-no-sibling  first flex_column_div av-zero-column-padding  '     ><section  class='av_textblock_section av-jt5tjyk0-3c3ad3c49a2fedf7b0c26b6227895b8a '   itemscope=\"itemscope\" itemtype=\"https:\/\/schema.org\/BlogPosting\" itemprop=\"blogPost\" ><div class='avia_textblock'  itemprop=\"text\" ><h2>Besonderheiten in Nordspanien: die wichtigsten Tipps &amp; Tricks<\/h2>\n<p>Die Stra\u00dfen in Asturien und Galicien sind im Gro\u00dfen und Ganzen gut ausgebaut. Die Autobahn f\u00fchrt direkt am Meer entlang, sodass an der K\u00fcste auch l\u00e4ngere Streckenabschnitte schnell zur\u00fcckgelegt werden k\u00f6nnen. Wer sich entschlie\u00dft, einer der vielen malerischen Gebirgsstra\u00dfen zu folgen, sollte entsprechend mehr Zeit einplanen. Wichtig: Das spanische Autobahnnetz ist auf manchen Streckenabschnitten geb\u00fchrenpflichtig. Mehr zur <a href=\"https:\/\/www.adac.de\/reise-freizeit\/maut-vignette\/spanien\/\">Maut in Spanien<\/a> lesen Sie auf der Webseite des ADAC.<\/p>\n<p>Sofern sich Camper zur\u00fcckhaltend benehmen und keinen M\u00fcll hinterlassen, wird das Wildcampen in Asturien und Galicien vielerorts zwar toleriert. Offiziell ist <a href=\"https:\/\/www.tuicamper.com\/magazin\/wildcamping\/\">Wildcamping<\/a> allerdings verboten \u2013 und kann mit Geldbu\u00dfen belegt werden. Wer sein Wohnmobil ordnungsgem\u00e4\u00df parkt und keinerlei Campingverhalten \u2013 etwa rausgestellte Tische und St\u00fchle \u2013 an den Tag legt, wird oftmals nicht von den Beh\u00f6rden behelligt. Wenn Sie auf Nummer sicher gehen m\u00f6chten, sollten Sie dennoch nur auf offiziell ausgewiesenen Camping- und Stellpl\u00e4tzen \u00fcbernachten.<\/p>\n<\/div><\/section><\/div>\n\n<\/div><\/div><\/div><!-- close content main div --><\/div><\/div><div id='av_section_17'  class='avia-section av-jt5vrdgv-4386718e65b314e69682ca60ae604601 main_color avia-section-default avia-no-border-styling  avia-builder-el-49  el_after_av_section  avia-builder-el-last  reduced-content avia-bg-style-scroll container_wrap sidebar_right'  ><div class='container av-section-cont-open' ><div class='template-page content  av-content-small alpha units'><div class='post-entry post-entry-type-page post-entry-5735'><div class='entry-content-wrapper clearfix'>\n<div  class='avia-button-wrap av-ju2eusip-d369e55a7d53f706b6f4cb9cc7b67a53-wrap avia-button-center  avia-builder-el-50  el_before_av_one_full  avia-builder-el-first '><a href='https:\/\/www.tuicamper.com\/reiseziele\/europa\/spanien\/'  class='avia-button av-ju2eusip-d369e55a7d53f706b6f4cb9cc7b67a53 av-link-btn avia-icon_select-yes-right-icon avia-size-large avia-position-center avia-color-theme-color'   aria-label=\"Jetzt Wohnmobil mieten f\u00fcr f\u00fcr Ihren Spanien Urlaub\"><span class='avia_iconbox_title' >Jetzt Wohnmobil mieten f\u00fcr f\u00fcr Ihren Spanien Urlaub<\/span><span class='avia_button_icon avia_button_icon_right avia-iconfont avia-font-entypo-fontello' data-av_icon='\ue875' data-av_iconfont='entypo-fontello' ><\/span><\/a><\/div>\n\n<style type=\"text\/css\" data-created_by=\"avia_inline_auto\" id=\"style-css-av-1g5aou-6e8505d9de1136ce38f66b0d0e5d2a36\">\n.flex_column.av-1g5aou-6e8505d9de1136ce38f66b0d0e5d2a36{\nborder-radius:0px 0px 0px 0px;\npadding:0px 0px 0px 0px;\n}\n<\/style>\n<div  class='flex_column av-1g5aou-6e8505d9de1136ce38f66b0d0e5d2a36 av_one_full  avia-builder-el-51  el_after_av_button  el_before_av_social_share  first flex_column_div av-zero-column-padding  '     ><style type=\"text\/css\" data-created_by=\"avia_inline_auto\" id=\"style-css-av-jt5tjyk0-8f5676507078e399ec507ab0865fa0f8\">\n#top .av_textblock_section.av-jt5tjyk0-8f5676507078e399ec507ab0865fa0f8 .avia_textblock{\nfont-size:28px;\n}\n<\/style>\n<section  class='av_textblock_section av-jt5tjyk0-8f5676507078e399ec507ab0865fa0f8 '   itemscope=\"itemscope\" itemtype=\"https:\/\/schema.org\/BlogPosting\" itemprop=\"blogPost\" ><div class='avia_textblock'  itemprop=\"text\" ><p><strong>Ihr TUI CAMPER-Team w\u00fcnscht Ihnen einen h\u00f6hepunktreichen Wohnmobil-Urlaub in Asturien und Galicien!<\/strong><\/p>\n<\/div><\/section><\/div><div  class='av-social-sharing-box av-10zg8-8676a2d54b4a15bbf6c39a1c18f0815b av-social-sharing-box-default  avia-builder-el-53  el_after_av_one_full  avia-builder-el-last  av-social-sharing-box-fullwidth'><div class=\"av-share-box\"><ul class=\"av-share-box-list noLightbox\"><li class='av-share-link av-social-link-facebook avia_social_iconfont' ><a target=\"_blank\" aria-label=\"Teilen auf Facebook\" href='https:\/\/www.facebook.com\/sharer.php?u=https:\/\/www.tuicamper.com\/magazin\/atlantikkueste-spanien\/&#038;t=Atlantikk%C3%BCste%20Spanien%3A%20Asturien%20%26%20Galicien%20mit%20dem%20Wohnmobil%20entdecken' data-av_icon='\ue8f3' data-av_iconfont='entypo-fontello'  title='' data-avia-related-tooltip='Teilen auf Facebook'><span class='avia_hidden_link_text'>Teilen auf Facebook<\/span><\/a><\/li><li class='av-share-link av-social-link-twitter avia_social_iconfont' ><a target=\"_blank\" aria-label=\"Teilen auf X\" href='https:\/\/twitter.com\/share?text=Atlantikk%C3%BCste%20Spanien%3A%20Asturien%20%26%20Galicien%20mit%20dem%20Wohnmobil%20entdecken&#038;url=https:\/\/www.tuicamper.com\/magazin\/atlantikkueste-spanien\/' data-av_icon='\ue932' data-av_iconfont='entypo-fontello'  title='' data-avia-related-tooltip='Teilen auf X'><span class='avia_hidden_link_text'>Teilen auf X<\/span><\/a><\/li><li class='av-share-link av-social-link-whatsapp avia_social_iconfont' ><a target=\"_blank\" aria-label=\"Teilen auf WhatsApp\" href='https:\/\/api.whatsapp.com\/send?text=https:\/\/www.tuicamper.com\/magazin\/atlantikkueste-spanien\/' data-av_icon='\uf232' data-av_iconfont='entypo-fontello'  title='' data-avia-related-tooltip='Teilen auf WhatsApp'><span class='avia_hidden_link_text'>Teilen auf WhatsApp<\/span><\/a><\/li><li class='av-share-link av-social-link-pinterest avia_social_iconfont' ><a target=\"_blank\" aria-label=\"Teilen auf Pinterest\" href='https:\/\/pinterest.com\/pin\/create\/button\/?url=https%3A%2F%2Fwww.tuicamper.com%2Fmagazin%2Fatlantikkueste-spanien%2F&#038;description=Atlantikk%C3%BCste%20Spanien%3A%20Asturien%20%26%20Galicien%20mit%20dem%20Wohnmobil%20entdecken&#038;media=https%3A%2F%2Fwww.tuicamper.com%2Fwp-docker%2Fwp-content%2Fuploads%2F2020%2F02%2Fcosta-da-morte-705x269.jpg' data-av_icon='\ue8f8' data-av_iconfont='entypo-fontello'  title='' data-avia-related-tooltip='Teilen auf Pinterest'><span class='avia_hidden_link_text'>Teilen auf Pinterest<\/span><\/a><\/li><li class='av-share-link av-social-link-mail avia_social_iconfont' ><a  aria-label=\"Per E-Mail teilen\" href='mailto:?subject=Atlantikk%C3%BCste%20Spanien%3A%20Asturien%20%26%20Galicien%20mit%20dem%20Wohnmobil%20entdecken&#038;body=https:\/\/www.tuicamper.com\/magazin\/atlantikkueste-spanien\/' data-av_icon='\ue805' data-av_iconfont='entypo-fontello'  title='' data-avia-related-tooltip='Per E-Mail teilen'><span class='avia_hidden_link_text'>Per E-Mail teilen<\/span><\/a><\/li><\/ul><\/div><\/div>\n<\/div><\/div><\/div><!-- close content main div --><\/div><\/div><div id='after_section_17'  class='main_color av_default_container_wrap container_wrap sidebar_right'  ><div class='container av-section-cont-open' ><div class='template-page content  av-content-small alpha units'><div class='post-entry post-entry-type-page post-entry-5735'><div class='entry-content-wrapper clearfix'>\n","protected":false},"excerpt":{"rendered":"<p>Kulturreiche St\u00e4dte, fantastische Sandstr\u00e4nde, spektakul\u00e4re Wanderwege: Asturien und Galicien faszinieren. Wir stellen Ihnen die Highlights der Region vor!<\/p>\n","protected":false},"author":4,"featured_media":5808,"comment_status":"open","ping_status":"open","sticky":false,"template":"","format":"standard","meta":{"footnotes":""},"categories":[33],"tags":[53,50,43,26],"class_list":["post-5735","post","type-post","status-publish","format-standard","has-post-thumbnail","hentry","category-reisethema","tag-kultur","tag-natur","tag-ruhestaendler","tag-spanien"],"yoast_head":"<!-- This site is optimized with the Yoast SEO plugin v27.4 - https:\/\/yoast.com\/product\/yoast-seo-wordpress\/ -->\n<title>Atlantikk\u00fcste Spanien: Asturien &amp; Galicien mit dem Wohnmobil entdecken<\/title>\n<meta name=\"description\" content=\"Kulturreiche St\u00e4dte, fantastische Sandstr\u00e4nde, spektakul\u00e4re Wanderwege: Asturien und Galicien faszinieren. Wir stellen Ihnen die Highlights der Region vor!\" \/>\n<meta name=\"robots\" content=\"index, follow, max-snippet:-1, max-image-preview:large, max-video-preview:-1\" \/>\n<link rel=\"canonical\" href=\"https:\/\/www.tuicamper.com\/magazin\/atlantikkueste-spanien\/\" \/>\n<meta property=\"og:locale\" content=\"de_DE\" \/>\n<meta property=\"og:type\" content=\"article\" \/>\n<meta property=\"og:title\" content=\"Atlantikk\u00fcste Spanien: Asturien &amp; Galicien mit dem Wohnmobil entdecken\" \/>\n<meta property=\"og:description\" content=\"Kulturreiche St\u00e4dte, fantastische Sandstr\u00e4nde, spektakul\u00e4re Wanderwege: Asturien und Galicien faszinieren. Wir stellen Ihnen die Highlights der Region vor!\" \/>\n<meta property=\"og:url\" content=\"https:\/\/www.tuicamper.com\/magazin\/atlantikkueste-spanien\/\" \/>\n<meta property=\"og:site_name\" content=\"TUI Camper Magazin\" \/>\n<meta property=\"article:published_time\" content=\"2020-02-26T11:53:15+00:00\" \/>\n<meta property=\"article:modified_time\" content=\"2022-04-26T09:48:18+00:00\" \/>\n<meta property=\"og:image\" content=\"https:\/\/www.tuicamper.com\/wp-docker\/wp-content\/uploads\/2020\/02\/costa-da-morte.jpg\" \/>\n\t<meta property=\"og:image:width\" content=\"1310\" \/>\n\t<meta property=\"og:image:height\" content=\"500\" \/>\n\t<meta property=\"og:image:type\" content=\"image\/jpeg\" \/>\n<meta name=\"author\" content=\"Trang\" \/>\n<meta name=\"twitter:card\" content=\"summary_large_image\" \/>\n<meta name=\"twitter:label1\" content=\"Verfasst von\" \/>\n\t<meta name=\"twitter:data1\" content=\"Trang\" \/>\n\t<meta name=\"twitter:label2\" content=\"Gesch\u00e4tzte Lesezeit\" \/>\n\t<meta name=\"twitter:data2\" content=\"27\u00a0Minuten\" \/>\n<!-- \/ Yoast SEO plugin. -->","yoast_head_json":{"title":"Atlantikk\u00fcste Spanien: Asturien & Galicien mit dem Wohnmobil entdecken","description":"Kulturreiche St\u00e4dte, fantastische Sandstr\u00e4nde, spektakul\u00e4re Wanderwege: Asturien und Galicien faszinieren. Wir stellen Ihnen die Highlights der Region vor!","robots":{"index":"index","follow":"follow","max-snippet":"max-snippet:-1","max-image-preview":"max-image-preview:large","max-video-preview":"max-video-preview:-1"},"canonical":"https:\/\/www.tuicamper.com\/magazin\/atlantikkueste-spanien\/","og_locale":"de_DE","og_type":"article","og_title":"Atlantikk\u00fcste Spanien: Asturien & Galicien mit dem Wohnmobil entdecken","og_description":"Kulturreiche St\u00e4dte, fantastische Sandstr\u00e4nde, spektakul\u00e4re Wanderwege: Asturien und Galicien faszinieren. Wir stellen Ihnen die Highlights der Region vor!","og_url":"https:\/\/www.tuicamper.com\/magazin\/atlantikkueste-spanien\/","og_site_name":"TUI Camper Magazin","article_published_time":"2020-02-26T11:53:15+00:00","article_modified_time":"2022-04-26T09:48:18+00:00","og_image":[{"width":1310,"height":500,"url":"https:\/\/www.tuicamper.com\/wp-docker\/wp-content\/uploads\/2020\/02\/costa-da-morte.jpg","type":"image\/jpeg"}],"author":"Trang","twitter_card":"summary_large_image","twitter_misc":{"Verfasst von":"Trang","Gesch\u00e4tzte Lesezeit":"27\u00a0Minuten"},"schema":{"@context":"https:\/\/schema.org","@graph":[{"@type":"Article","@id":"https:\/\/www.tuicamper.com\/magazin\/atlantikkueste-spanien\/#article","isPartOf":{"@id":"https:\/\/www.tuicamper.com\/magazin\/atlantikkueste-spanien\/"},"author":{"name":"Trang","@id":"https:\/\/www.tuicamper.com\/wp-docker\/#\/schema\/person\/64621aaf52862d378f4e7a6961086fa3"},"headline":"Atlantikk\u00fcste Spanien: Asturien &#038; Galicien mit dem Wohnmobil entdecken","datePublished":"2020-02-26T11:53:15+00:00","dateModified":"2022-04-26T09:48:18+00:00","mainEntityOfPage":{"@id":"https:\/\/www.tuicamper.com\/magazin\/atlantikkueste-spanien\/"},"wordCount":4355,"commentCount":0,"image":{"@id":"https:\/\/www.tuicamper.com\/magazin\/atlantikkueste-spanien\/#primaryimage"},"thumbnailUrl":"https:\/\/www.tuicamper.com\/wp-docker\/wp-content\/uploads\/2020\/02\/costa-da-morte.jpg","keywords":["Kultur","Natur","Ruhest\u00e4ndler","Spanien"],"articleSection":["Reisethema"],"inLanguage":"de","potentialAction":[{"@type":"CommentAction","name":"Comment","target":["https:\/\/www.tuicamper.com\/magazin\/atlantikkueste-spanien\/#respond"]}]},{"@type":"WebPage","@id":"https:\/\/www.tuicamper.com\/magazin\/atlantikkueste-spanien\/","url":"https:\/\/www.tuicamper.com\/magazin\/atlantikkueste-spanien\/","name":"Atlantikk\u00fcste Spanien: Asturien & Galicien mit dem Wohnmobil entdecken","isPartOf":{"@id":"https:\/\/www.tuicamper.com\/#website"},"primaryImageOfPage":{"@id":"https:\/\/www.tuicamper.com\/magazin\/atlantikkueste-spanien\/#primaryimage"},"image":{"@id":"https:\/\/www.tuicamper.com\/magazin\/atlantikkueste-spanien\/#primaryimage"},"thumbnailUrl":"https:\/\/www.tuicamper.com\/wp-content\/uploads\/2020\/02\/costa-da-morte.jpg","datePublished":"2020-02-26T11:53:15+00:00","dateModified":"2022-04-26T09:48:18+00:00","author":{"@id":"https:\/\/www.tuicamper.com\/#\/schema\/person\/64621aaf52862d378f4e7a6961086fa3"},"description":"Kulturreiche St\u00e4dte, fantastische Sandstr\u00e4nde, spektakul\u00e4re Wanderwege: Asturien und Galicien faszinieren. Wir stellen Ihnen die Highlights der Region vor!","breadcrumb":{"@id":"https:\/\/www.tuicamper.com\/magazin\/atlantikkueste-spanien\/#breadcrumb"},"inLanguage":"de","potentialAction":["Array"]},{"@type":"ImageObject","inLanguage":"de","@id":"https:\/\/www.tuicamper.com\/magazin\/atlantikkueste-spanien\/#primaryimage","url":"https:\/\/www.tuicamper.com\/wp-docker\/wp-content\/uploads\/2020\/02\/costa-da-morte.jpg","contentUrl":"https:\/\/www.tuicamper.com\/wp-docker\/wp-content\/uploads\/2020\/02\/costa-da-morte.jpg","width":1310,"height":500,"caption":"Costa da Morte"},{"@type":"BreadcrumbList","@id":"https:\/\/www.tuicamper.com\/magazin\/atlantikkueste-spanien\/#breadcrumb","itemListElement":[{"@type":"ListItem","position":1,"name":"Startseite","item":"https:\/\/www.tuicamper.com\/wp-docker\/"},{"@type":"ListItem","position":2,"name":"Atlantikk\u00fcste Spanien: Asturien &#038; Galicien mit dem Wohnmobil entdecken"}]},{"@type":"WebSite","@id":"https:\/\/www.tuicamper.com\/#website","url":"https:\/\/www.tuicamper.com\/","name":"TUI Camper Magazin","description":"","potentialAction":["Array"],"inLanguage":"de"},{"@type":"Person","@id":"https:\/\/www.tuicamper.com\/wp-docker\/#\/schema\/person\/64621aaf52862d378f4e7a6961086fa3","name":"Trang","image":{"@type":"ImageObject","inLanguage":"de","@id":"https:\/\/secure.gravatar.com\/avatar\/c946f00f16c232f8cdecfb386f553c12468182e6b4443fb0719b0ef4d8387620?s=96&d=mm&r=g","url":"https:\/\/secure.gravatar.com\/avatar\/c946f00f16c232f8cdecfb386f553c12468182e6b4443fb0719b0ef4d8387620?s=96&d=mm&r=g","contentUrl":"https:\/\/secure.gravatar.com\/avatar\/c946f00f16c232f8cdecfb386f553c12468182e6b4443fb0719b0ef4d8387620?s=96&d=mm&r=g","caption":"Trang"},"url":"https:\/\/www.tuicamper.com\/wp-docker\/magazin\/author\/trang\/"}]}},"_links":{"self":[{"href":"https:\/\/www.tuicamper.com\/wp-docker\/wp-json\/wp\/v2\/posts\/5735","targetHints":{"allow":["GET"]}}],"collection":[{"href":"https:\/\/www.tuicamper.com\/wp-docker\/wp-json\/wp\/v2\/posts"}],"about":[{"href":"https:\/\/www.tuicamper.com\/wp-docker\/wp-json\/wp\/v2\/types\/post"}],"author":[{"embeddable":true,"href":"https:\/\/www.tuicamper.com\/wp-docker\/wp-json\/wp\/v2\/users\/4"}],"replies":[{"embeddable":true,"href":"https:\/\/www.tuicamper.com\/wp-docker\/wp-json\/wp\/v2\/comments?post=5735"}],"version-history":[{"count":10,"href":"https:\/\/www.tuicamper.com\/wp-docker\/wp-json\/wp\/v2\/posts\/5735\/revisions"}],"predecessor-version":[{"id":5800,"href":"https:\/\/www.tuicamper.com\/wp-docker\/wp-json\/wp\/v2\/posts\/5735\/revisions\/5800"}],"wp:featuredmedia":[{"embeddable":true,"href":"https:\/\/www.tuicamper.com\/wp-docker\/wp-json\/wp\/v2\/media\/5808"}],"wp:attachment":[{"href":"https:\/\/www.tuicamper.com\/wp-docker\/wp-json\/wp\/v2\/media?parent=5735"}],"wp:term":[{"taxonomy":"category","embeddable":true,"href":"https:\/\/www.tuicamper.com\/wp-docker\/wp-json\/wp\/v2\/categories?post=5735"},{"taxonomy":"post_tag","embeddable":true,"href":"https:\/\/www.tuicamper.com\/wp-docker\/wp-json\/wp\/v2\/tags?post=5735"}],"curies":[{"name":"wp","href":"https:\/\/api.w.org\/{rel}","templated":true}]}}