{"id":5442,"date":"2020-02-18T15:35:23","date_gmt":"2020-02-18T14:35:23","guid":{"rendered":"https:\/\/www.tuicamper.com\/wp-docker\/?p=5442"},"modified":"2022-05-12T10:25:46","modified_gmt":"2022-05-12T08:25:46","slug":"wohnmobil-skandinavien","status":"publish","type":"post","link":"https:\/\/www.tuicamper.com\/magazin\/wohnmobil-skandinavien\/","title":{"rendered":"Wohnmobil Skandinavien: Touren &#038; die sch\u00f6nsten Highlights"},"content":{"rendered":"<div id='av_section_1'  class='avia-section av-jt5vrdgv-4386718e65b314e69682ca60ae604601 main_color avia-section-default avia-no-border-styling  avia-builder-el-0  el_before_av_textblock  avia-builder-el-first  reduced-content avia-bg-style-scroll container_wrap sidebar_right'  ><div class='container av-section-cont-open' ><main  role=\"main\" itemprop=\"mainContentOfPage\"  class='template-page content  av-content-small alpha units'><div class='post-entry post-entry-type-page post-entry-5442'><div class='entry-content-wrapper clearfix'>\n\n<style type=\"text\/css\" data-created_by=\"avia_inline_auto\" id=\"style-css-av-1g5aou-6e8505d9de1136ce38f66b0d0e5d2a36\">\n.flex_column.av-1g5aou-6e8505d9de1136ce38f66b0d0e5d2a36{\nborder-radius:0px 0px 0px 0px;\npadding:0px 0px 0px 0px;\n}\n<\/style>\n<div  class='flex_column av-1g5aou-6e8505d9de1136ce38f66b0d0e5d2a36 av_one_full  avia-builder-el-1  avia-builder-el-no-sibling  first flex_column_div av-zero-column-padding  '     ><section  class='av_textblock_section av-jt5tjyk0-005b7b9db978b702a721a131f71d3f78 '   itemscope=\"itemscope\" itemtype=\"https:\/\/schema.org\/BlogPosting\" itemprop=\"blogPost\" ><div class='avia_textblock'  itemprop=\"text\" ><p>Skandinavien ist f\u00fcr Camper ein echtes Eldorado \u2013 in vielfacher Hinsicht. Die wundersch\u00f6nen Fjorde, faszinierenden Gletschern und von Rentierherden durchzogenen Landschaften werden durch das Licht der Mitternachtssonne oder die am Himmel tanzenden Polarlichter immer wieder in ein traumwandlerisch sch\u00f6nes Licht getaucht. Obendrein sorgen \u201eJedermannsrecht\u201c und die vielen Campingpl\u00e4tze in Top-Lage garantiert f\u00fcr einen gelungenen Camping-Urlaub. Wir geben Ihnen einen Eindruck von dem, was Sie auf Ihrer Reise durch Norwegen, Schweden und Finnland erwartet.<\/p>\n<\/div><\/section><\/div>\n<\/div><\/div><\/main><!-- close content main element --><\/div><\/div><div id='after_section_1'  class='main_color av_default_container_wrap container_wrap sidebar_right'  ><div class='container av-section-cont-open' ><div class='template-page content  av-content-small alpha units'><div class='post-entry post-entry-type-page post-entry-5442'><div class='entry-content-wrapper clearfix'>\n<section  class='av_textblock_section av-jtpqpty6-550c066a997ebaf648fccc87d0b9ff16 '   itemscope=\"itemscope\" itemtype=\"https:\/\/schema.org\/BlogPosting\" itemprop=\"blogPost\" ><div class='avia_textblock'  itemprop=\"text\" >\n<\/div><\/section>\n<\/div><\/div><\/div><!-- close content main div --><\/div><\/div><div id='av_section_2'  class='avia-section av-jt5vrdgv-4386718e65b314e69682ca60ae604601 main_color avia-section-default avia-no-border-styling  avia-builder-el-4  el_after_av_textblock  el_before_av_section  reduced-content avia-bg-style-scroll container_wrap sidebar_right'  ><div class='container av-section-cont-open' ><div class='template-page content  av-content-small alpha units'><div class='post-entry post-entry-type-page post-entry-5442'><div class='entry-content-wrapper clearfix'>\n<section  class='av_textblock_section av-jt5tjyk0-1e04ddf86ca9bd8201b4b17bbb4a6491 '   itemscope=\"itemscope\" itemtype=\"https:\/\/schema.org\/BlogPosting\" itemprop=\"blogPost\" ><div class='avia_textblock'  itemprop=\"text\" ><div id=\"js-table-of-contents\">\r\n    <strong>Inhaltsverzeichnis<\/strong>\r\n<\/div>\n<\/div><\/section>\n\n<\/div><\/div><\/div><!-- close content main div --><\/div><\/div><div id='av_section_3'  class='avia-section av-jt5vrdgv-4386718e65b314e69682ca60ae604601 main_color avia-section-default avia-no-border-styling  avia-builder-el-6  el_after_av_section  el_before_av_section  reduced-content avia-bg-style-scroll container_wrap sidebar_right'  ><div class='container av-section-cont-open' ><div class='template-page content  av-content-small alpha units'><div class='post-entry post-entry-type-page post-entry-5442'><div class='entry-content-wrapper clearfix'>\n\n<style type=\"text\/css\" data-created_by=\"avia_inline_auto\" id=\"style-css-av-1g5aou-6e8505d9de1136ce38f66b0d0e5d2a36\">\n.flex_column.av-1g5aou-6e8505d9de1136ce38f66b0d0e5d2a36{\nborder-radius:0px 0px 0px 0px;\npadding:0px 0px 0px 0px;\n}\n<\/style>\n<div  class='flex_column av-1g5aou-6e8505d9de1136ce38f66b0d0e5d2a36 av_one_full  avia-builder-el-7  avia-builder-el-no-sibling  first flex_column_div av-zero-column-padding  '     ><section  class='av_textblock_section av-jt5tjyk0-0d18eb781390b291547f54187af4d25e '   itemscope=\"itemscope\" itemtype=\"https:\/\/schema.org\/BlogPosting\" itemprop=\"blogPost\" ><div class='avia_textblock'  itemprop=\"text\" ><h2>Die Anreise<\/h2>\n<p>Sie m\u00f6chten Ihr Wohnmobil f\u00fcr den anstehenden Urlaub <a href=\"https:\/\/www.tuicamper.com\/reiseziele\/europa\/deutschland\/\">schon in Deutschland mieten<\/a>? Kein Problem. Die Anreise ist denkbar einfach. Entscheiden Sie sich f\u00fcr eine Tour durch einen Teil Norwegens, k\u00f6nnen Sie etwa die E45 und die E39 durch D\u00e4nemark bis zum Hafen von Hirtshals nehmen. Von hier aus gelangen Sie mehrmals t\u00e4glich <a href=\"https:\/\/www.directferries.de\/hirtshals_faehre.htm\" target=\"_blank\" rel=\"nofollow noopener\">mit der F\u00e4hre nach Norwegen<\/a>. M\u00f6chten Sie zun\u00e4chst Schweden erkunden, nehmen sie die E47 \u00fcber Fehmarn und gelangen <a href=\"https:\/\/www.scandlines.de\/inspiration\/anreise\/dk-faehren\" target=\"_blank\" rel=\"nofollow noopener\">mit der F\u00e4hre nach D\u00e4nemark<\/a>. Folgen Sie der E47 und E20 bis Sie Schweden bei Malm\u00f6 erreichen.<\/p>\n<p>Noch schneller starten Sie in den Urlaub, wenn Sie direkt in <a href=\"https:\/\/www.tuicamper.com\/reiseziele\/europa\/schweden\/\">Schweden<\/a>, <a href=\"https:\/\/www.tuicamper.com\/reiseziele\/europa\/norwegen\/\">Norwegen<\/a> oder <a href=\"https:\/\/www.tuicamper.com\/reiseziele\/europa\/finnland\/\">Finnland<\/a> ein Wohnmobil mieten. Von Deutschland aus k\u00f6nnen Sie etwa Direktfl\u00fcge nach <a href=\"https:\/\/www.tuicamper.com\/reiseziele\/europa\/schweden\/stockholm\/\">Stockholm<\/a>, <a href=\"https:\/\/www.tuicamper.com\/reiseziele\/europa\/norwegen\/oslo\/\">Oslo<\/a>, Troms\u00f6 oder <a href=\"https:\/\/www.tuicamper.com\/reiseziele\/europa\/finnland\/helsinki\/\">Helsinki<\/a> buchen.<\/p>\n<\/div><\/section><\/div><\/div><\/div><\/div><!-- close content main div --><\/div><\/div><div id='av_section_4'  class='avia-section av-jt5vrdgv-4386718e65b314e69682ca60ae604601 main_color avia-section-default avia-no-border-styling  avia-builder-el-9  el_after_av_section  el_before_av_section  reduced-content avia-bg-style-scroll container_wrap sidebar_right'  ><div class='container av-section-cont-open' ><div class='template-page content  av-content-small alpha units'><div class='post-entry post-entry-type-page post-entry-5442'><div class='entry-content-wrapper clearfix'>\n\n<style type=\"text\/css\" data-created_by=\"avia_inline_auto\" id=\"style-css-av-1g5aou-6e8505d9de1136ce38f66b0d0e5d2a36\">\n.flex_column.av-1g5aou-6e8505d9de1136ce38f66b0d0e5d2a36{\nborder-radius:0px 0px 0px 0px;\npadding:0px 0px 0px 0px;\n}\n<\/style>\n<div  class='flex_column av-1g5aou-6e8505d9de1136ce38f66b0d0e5d2a36 av_one_full  avia-builder-el-10  avia-builder-el-no-sibling  first flex_column_div av-zero-column-padding  '     ><section  class='av_textblock_section av-jt5tjyk0-005b7b9db978b702a721a131f71d3f78 '   itemscope=\"itemscope\" itemtype=\"https:\/\/schema.org\/BlogPosting\" itemprop=\"blogPost\" ><div class='avia_textblock'  itemprop=\"text\" ><h2>Top-Routen und Highlights im \u00dcberblick<\/h2>\n<p>Ein vielseitiges Inselparadies mit Karibik-Flair, verschneite Winterlandschaften wie aus dem Bilderbuch, kulturell facettenreiche St\u00e4dte und atemberaubende Naturschauspiele. Skandinavien bietet genug Abwechslung f\u00fcr dutzende Wohnmobil-Urlaube. Wir stellen Ihnen drei Routen mit den wichtigsten Highlights vor.<\/p>\n<\/div><\/section><\/div>\n<\/p>\n<\/div><\/div><\/div><!-- close content main div --><\/div><\/div><div id='av_section_5'  class='avia-section av-jt5vrdgv-4386718e65b314e69682ca60ae604601 main_color avia-section-default avia-no-border-styling  avia-builder-el-12  el_after_av_section  el_before_av_section  reduced-content avia-bg-style-scroll container_wrap sidebar_right'  ><div class='container av-section-cont-open' ><div class='template-page content  av-content-small alpha units'><div class='post-entry post-entry-type-page post-entry-5442'><div class='entry-content-wrapper clearfix'>\n\n<style type=\"text\/css\" data-created_by=\"avia_inline_auto\" id=\"style-css-av-1g5aou-6e8505d9de1136ce38f66b0d0e5d2a36\">\n.flex_column.av-1g5aou-6e8505d9de1136ce38f66b0d0e5d2a36{\nborder-radius:0px 0px 0px 0px;\npadding:0px 0px 0px 0px;\n}\n<\/style>\n<div  class='flex_column av-1g5aou-6e8505d9de1136ce38f66b0d0e5d2a36 av_one_full  avia-builder-el-13  avia-builder-el-no-sibling  first flex_column_div av-zero-column-padding  '     ><section  class='av_textblock_section av-jt5tjyk0-005b7b9db978b702a721a131f71d3f78 '   itemscope=\"itemscope\" itemtype=\"https:\/\/schema.org\/BlogPosting\" itemprop=\"blogPost\" ><div class='avia_textblock'  itemprop=\"text\" ><h3>1.) Lofoten \u2013 Willkommen im Inselparadies<\/h3>\n<p>Etwa 80 Inseln umfassen die norwegischen Lofoten \u2013 davon eine sch\u00f6ner als die andere. Zwischen majest\u00e4tischen Bergketten, malerischen Fjorden und vertr\u00e4umten Fischerd\u00f6rfchen erwartet Sie eine Inselwelt wie es sie kein zweites Mal gibt. Kein Wunder, dass nahezu s\u00e4mtliche Campingpl\u00e4tze mit atemberaubenden Panoramen bestechen.<\/p>\n<p>Planen Sie f\u00fcr Ihre <a href=\"https:\/\/www.tuicamper.com\/magazin\/lofoten-rundreise\/\">Lofoten-Tour<\/a> ausreichend Zeit ein, denn es gibt viel zu entdecken. Neben den landschaftlichen Highlights tragen auch atemberaubende Naturschauspiele zum einmaligen Reiz der Lofoten bei. W\u00e4hrend Sie zwischen September und Mitte April \u00fcber den Himmel zuckende Nordlichter bestaunen k\u00f6nnen, wird die n\u00e4chtliche Landschaft zwischen Mai und Mitte Juli von der Mitternachtssonne in ein zauberhaftes Licht getaucht.<\/p>\n<p>Sogar echtes Karibik-Feeling genie\u00dfen Sie vor Ort. Etwa an Haukland Beach, wo Sie ein feiner wei\u00dfer Sandstrand und t\u00fcrkisfarbenes Wasser erwarten.<\/p>\n<\/div><\/section><\/div>\n\n<\/div><\/div><\/div><!-- close content main div --><\/div><\/div><div id='av_section_6'  class='avia-section av-b7gvl-1eb57de5f7b7a94c40602e8cf977ebb0 main_color avia-section-default avia-no-border-styling  avia-builder-el-15  el_after_av_section  el_before_av_section  reduced-content avia-bg-style-scroll container_wrap sidebar_right'  ><div class='container av-section-cont-open' ><div class='template-page content  av-content-small alpha units'><div class='post-entry post-entry-type-page post-entry-5442'><div class='entry-content-wrapper clearfix'>\n\n<style type=\"text\/css\" data-created_by=\"avia_inline_auto\" id=\"style-css-av-jtplvt5k-e80987d1f079fb1a18a0b31241ab621b\">\n.avia-image-container.av-jtplvt5k-e80987d1f079fb1a18a0b31241ab621b img.avia_image{\nbox-shadow:none;\n}\n.avia-image-container.av-jtplvt5k-e80987d1f079fb1a18a0b31241ab621b .av-caption-image-overlay-bg{\nopacity:0.4;\nbackground-color:#000000;\n}\n.avia-image-container.av-jtplvt5k-e80987d1f079fb1a18a0b31241ab621b .av-image-caption-overlay-center{\ncolor:#ffffff;\n}\n<\/style>\n<div  class='avia-image-container av-jtplvt5k-e80987d1f079fb1a18a0b31241ab621b av-styling- av-img-linked avia_animated_image av-animated-when-visible-95 fade-in avia-align-center  avia-builder-el-16  el_before_av_hr  avia-builder-el-first  noHover av-overlay-on-hover'   itemprop=\"image\" itemscope=\"itemscope\" itemtype=\"https:\/\/schema.org\/ImageObject\" ><div class=\"avia-image-container-inner\"><div class=\"avia-image-overlay-wrap\"><a href=\"https:\/\/www.tuicamper.com\/wp-docker\/wp-content\/uploads\/2020\/01\/lofoten-1-1030x549.jpg\" data-srcset=\"https:\/\/www.tuicamper.com\/wp-docker\/wp-content\/uploads\/2020\/01\/lofoten-1-1030x549.jpg 1030w, https:\/\/www.tuicamper.com\/wp-docker\/wp-content\/uploads\/2020\/01\/lofoten-1-300x160.jpg 300w, https:\/\/www.tuicamper.com\/wp-docker\/wp-content\/uploads\/2020\/01\/lofoten-1-768x409.jpg 768w, https:\/\/www.tuicamper.com\/wp-docker\/wp-content\/uploads\/2020\/01\/lofoten-1-705x376.jpg 705w, https:\/\/www.tuicamper.com\/wp-docker\/wp-content\/uploads\/2020\/01\/lofoten-1.jpg 1280w\" data-sizes=\"(max-width: 1030px) 100vw, 1030px\" class='avia_image '  aria-label='Lofoten'><div class=\"av-image-caption-overlay\"><div class=\"av-caption-image-overlay-bg\"><\/div><div class=\"av-image-caption-overlay-position\"><div class=\"av-image-caption-overlay-center\"><p>Rote H\u00e4user der norwegischen Lofoten<\/p>\n<\/div><\/div><\/div><img decoding=\"async\" fetchpriority=\"high\" class='wp-image-5447 avia-img-lazy-loading-not-5447 avia_image ' src=\"https:\/\/www.tuicamper.com\/wp-docker\/wp-content\/uploads\/2020\/01\/lofoten-1-1280x630.jpg\" alt='Lofoten' title='Lofoten'  height=\"630\" width=\"1280\"  itemprop=\"thumbnailUrl\"  \/><\/a><\/div><\/div><\/div>\n\n<style type=\"text\/css\" data-created_by=\"avia_inline_auto\" id=\"style-css-av-jwj918c3-315e0fede61d05e0c478b80905e3cec5\">\n#top .hr.hr-invisible.av-jwj918c3-315e0fede61d05e0c478b80905e3cec5{\nheight:25px;\n}\n<\/style>\n<div  class='hr av-jwj918c3-315e0fede61d05e0c478b80905e3cec5 hr-invisible  avia-builder-el-17  el_after_av_image  avia-builder-el-last '><span class='hr-inner '><span class=\"hr-inner-style\"><\/span><\/span><\/div>\n\n<\/div><\/div><\/div><!-- close content main div --><\/div><\/div><div id='av_section_7'  class='avia-section av-jt5vrdgv-4386718e65b314e69682ca60ae604601 main_color avia-section-default avia-no-border-styling  avia-builder-el-18  el_after_av_section  el_before_av_section  reduced-content avia-bg-style-scroll container_wrap sidebar_right'  ><div class='container av-section-cont-open' ><div class='template-page content  av-content-small alpha units'><div class='post-entry post-entry-type-page post-entry-5442'><div class='entry-content-wrapper clearfix'>\n\n<style type=\"text\/css\" data-created_by=\"avia_inline_auto\" id=\"style-css-av-1g5aou-6e8505d9de1136ce38f66b0d0e5d2a36\">\n.flex_column.av-1g5aou-6e8505d9de1136ce38f66b0d0e5d2a36{\nborder-radius:0px 0px 0px 0px;\npadding:0px 0px 0px 0px;\n}\n<\/style>\n<div  class='flex_column av-1g5aou-6e8505d9de1136ce38f66b0d0e5d2a36 av_one_full  avia-builder-el-19  avia-builder-el-no-sibling  first flex_column_div av-zero-column-padding  '     ><section  class='av_textblock_section av-jt5tjyk0-005b7b9db978b702a721a131f71d3f78 '   itemscope=\"itemscope\" itemtype=\"https:\/\/schema.org\/BlogPosting\" itemprop=\"blogPost\" ><div class='avia_textblock'  itemprop=\"text\" ><h3>2.) M\u00e4rchenhaftes Lappland<\/h3>\n<p>Rentierherden, die \u00fcber glitzernde Schneelandschaften ziehen, w\u00e4hrend \u00fcber ihnen Polarlichter am Himmel tanzen. In Lappland werden Winterm\u00e4rchen wahr. Das Teile Schwedens, Norwegens, Finnlands und Russlands umfassende Gebiet ist daher f\u00fcr eine winterliche Tour geradezu pr\u00e4destiniert. Aber auch das Farbspektakel des Herbstes im finnischen Teil Lapplands \u00fcbt eine unwiderstehliche Anziehungskraft aus. Um nur einige Highlights zu nennen, die Sie Rahmen einer <a href=\"https:\/\/www.tuicamper.com\/magazin\/wohnmobil-reise-lappland\/\">Lappland-Tour<\/a> erwarten:<\/p>\n<ul>\n<li>Besichtigen Sie die vielseitige Hafenstadt Kemi und bestaunen Sie die gr\u00f6\u00dfte Schneeburg der Welt, die jedes Jahr aufs Neue geschaffen wird.<\/li>\n<li>Besuchen Sie das Arktikum in Rovaniemi und tauchen Sie tiefer in die Geschichte und Kultur Lapplands ein.<\/li>\n<li>Lernen Sie das Zuhause des Weihnachtsmanns kennen und besuchen Sie das weihnachtliche Feriendorf Santa Claus Holiday Village.<\/li>\n<li>Entdecken Sie das unweit des Pallas-Yll\u00e4stunturi Nationalparks gelegene Inari, wo die Samen \u2013 die einzige Urbev\u00f6lkerung Europas \u2013 noch heute ihre einzigartige Kultur pflegt.<\/li>\n<li>Genie\u00dfen Sie den unwiderstehlichen Zauber der Mitternachtssonne im norwegischen Varn\u00f6.<\/li>\n<\/ul>\n<p>Gut zu wissen: Wer sich f\u00fcr eine sommerliche Tour durch Lappland entscheidet, sollte sich unbedingt gegen M\u00fccken wappnen. In den warmen Monaten treiben die Plagegeister verst\u00e4rkt ihr Unwesen.<\/p>\n<\/div><\/section><\/div>\n\n<\/div><\/div><\/div><!-- close content main div --><\/div><\/div><div id='av_section_8'  class='avia-section av-b7gvl-1eb57de5f7b7a94c40602e8cf977ebb0 main_color avia-section-default avia-no-border-styling  avia-builder-el-21  el_after_av_section  el_before_av_textblock  reduced-content avia-bg-style-scroll container_wrap sidebar_right'  ><div class='container av-section-cont-open' ><div class='template-page content  av-content-small alpha units'><div class='post-entry post-entry-type-page post-entry-5442'><div class='entry-content-wrapper clearfix'>\n\n<style type=\"text\/css\" data-created_by=\"avia_inline_auto\" id=\"style-css-av-jtplvt5k-60a1217c3f09af559aa03774b5051101\">\n.avia-image-container.av-jtplvt5k-60a1217c3f09af559aa03774b5051101 img.avia_image{\nbox-shadow:none;\n}\n.avia-image-container.av-jtplvt5k-60a1217c3f09af559aa03774b5051101 .av-caption-image-overlay-bg{\nopacity:0.4;\nbackground-color:#000000;\n}\n.avia-image-container.av-jtplvt5k-60a1217c3f09af559aa03774b5051101 .av-image-caption-overlay-center{\ncolor:#ffffff;\n}\n<\/style>\n<div  class='avia-image-container av-jtplvt5k-60a1217c3f09af559aa03774b5051101 av-styling- av-img-linked avia_animated_image av-animated-when-visible-95 fade-in avia-align-center  avia-builder-el-22  el_before_av_hr  avia-builder-el-first  noHover av-overlay-on-hover'   itemprop=\"image\" itemscope=\"itemscope\" itemtype=\"https:\/\/schema.org\/ImageObject\" ><div class=\"avia-image-container-inner\"><div class=\"avia-image-overlay-wrap\"><a href=\"https:\/\/www.tuicamper.com\/wp-docker\/wp-content\/uploads\/2020\/01\/lappland-kirche-1030x686.jpg\" data-srcset=\"https:\/\/www.tuicamper.com\/wp-docker\/wp-content\/uploads\/2020\/01\/lappland-kirche-1030x686.jpg 1030w, https:\/\/www.tuicamper.com\/wp-docker\/wp-content\/uploads\/2020\/01\/lappland-kirche-300x200.jpg 300w, https:\/\/www.tuicamper.com\/wp-docker\/wp-content\/uploads\/2020\/01\/lappland-kirche-768x512.jpg 768w, https:\/\/www.tuicamper.com\/wp-docker\/wp-content\/uploads\/2020\/01\/lappland-kirche-705x470.jpg 705w, https:\/\/www.tuicamper.com\/wp-docker\/wp-content\/uploads\/2020\/01\/lappland-kirche.jpg 1280w\" data-sizes=\"(max-width: 1030px) 100vw, 1030px\" class='avia_image '  aria-label='Lappland Kirche'><div class=\"av-image-caption-overlay\"><div class=\"av-caption-image-overlay-bg\"><\/div><div class=\"av-image-caption-overlay-position\"><div class=\"av-image-caption-overlay-center\"><p>Kleine Kirche im m\u00e4rchenhaften Lappland<\/p>\n<\/div><\/div><\/div><img decoding=\"async\" fetchpriority=\"high\" class='wp-image-5448 avia-img-lazy-loading-not-5448 avia_image ' src=\"https:\/\/www.tuicamper.com\/wp-docker\/wp-content\/uploads\/2020\/01\/lappland-kirche-1280x630.jpg\" alt='Lappland Kirche' title='Lappland Kirche'  height=\"630\" width=\"1280\"  itemprop=\"thumbnailUrl\"  \/><\/a><\/div><\/div><\/div>\n\n<style type=\"text\/css\" data-created_by=\"avia_inline_auto\" id=\"style-css-av-jwj918c3-315e0fede61d05e0c478b80905e3cec5\">\n#top .hr.hr-invisible.av-jwj918c3-315e0fede61d05e0c478b80905e3cec5{\nheight:25px;\n}\n<\/style>\n<div  class='hr av-jwj918c3-315e0fede61d05e0c478b80905e3cec5 hr-invisible  avia-builder-el-23  el_after_av_image  avia-builder-el-last '><span class='hr-inner '><span class=\"hr-inner-style\"><\/span><\/span><\/div>\n<\/div><\/div><\/div><!-- close content main div --><\/div><\/div><div id='after_section_8'  class='main_color av_default_container_wrap container_wrap sidebar_right'  ><div class='container av-section-cont-open' ><div class='template-page content  av-content-small alpha units'><div class='post-entry post-entry-type-page post-entry-5442'><div class='entry-content-wrapper clearfix'>\n<section  class='av_textblock_section av-jtpqpty6-58a7e9c9b3be291e3d438830309406d7 '   itemscope=\"itemscope\" itemtype=\"https:\/\/schema.org\/BlogPosting\" itemprop=\"blogPost\" ><div class='avia_textblock'  itemprop=\"text\" ><div id=\"breaker_element_shortcode\" class=\"postbox \">\n<div class=\"inside\">\n\r\n<div style=\"clear: both;\"><\/div>\r\n<div class=\"post-breaker-item breaker-type-default\">\r\n    <div class=\"post-breaker-item-inner\">\r\n                    \n<style type=\"text\/css\" data-created_by=\"avia_inline_auto\" id=\"style-css-av-jtpksizx-4b352f2a2752c01e58a4c67632af1aa6\">\n#top .av_textblock_section.av-jtpksizx-4b352f2a2752c01e58a4c67632af1aa6 .avia_textblock{\nfont-size:28px;\n}\n<\/style>\n<section  class='av_textblock_section av-jtpksizx-4b352f2a2752c01e58a4c67632af1aa6 '   itemscope=\"itemscope\" itemtype=\"https:\/\/schema.org\/BlogPosting\" itemprop=\"blogPost\" ><div class='avia_textblock'  itemprop=\"text\" ><p><strong>\u2013 Lesen Sie auch \u2013<\/strong><\/p>\n<\/div><\/section>\n\n<style type=\"text\/css\" data-created_by=\"avia_inline_auto\" id=\"style-css-av-ehyb5-42286bbb62f5c947921c50b729609f1d\">\n.flex_column.av-ehyb5-42286bbb62f5c947921c50b729609f1d{\nborder-radius:0px 0px 0px 0px;\npadding:0px 0px 0px 0px;\n}\n<\/style>\n<div  class='flex_column av-ehyb5-42286bbb62f5c947921c50b729609f1d av_one_third first flex_column_div av-zero-column-padding  '     ><p>\n<style type=\"text\/css\" data-created_by=\"avia_inline_auto\" id=\"style-css-av-jt75ko0n-6cf48bd9c3e7ecd777d390912293b41b\">\n.avia-image-container.av-jt75ko0n-6cf48bd9c3e7ecd777d390912293b41b img.avia_image{\nbox-shadow:none;\n}\n.avia-image-container.av-jt75ko0n-6cf48bd9c3e7ecd777d390912293b41b .av-image-caption-overlay-center{\ncolor:#ffffff;\n}\n<\/style>\n<div  class='avia-image-container av-jt75ko0n-6cf48bd9c3e7ecd777d390912293b41b av-styling-no-styling av-hover-grow av-hide-overflow av-img-linked avia_animated_image av-animated-when-visible-95 fade-in avia-align-left'   itemprop=\"image\" itemscope=\"itemscope\" itemtype=\"https:\/\/schema.org\/ImageObject\" ><div class=\"avia-image-container-inner\"><div class=\"avia-image-overlay-wrap\"><a href=\"https:\/\/www.tuicamper.com\/magazin\/reisetipps-norwegen\/\" class='avia_image '  aria-label='Reisetipps Norwegen'><img decoding=\"async\" fetchpriority=\"high\" class='wp-image-1820 avia-img-lazy-loading-not-1820 avia_image ' src=\"https:\/\/www.tuicamper.com\/wp-docker\/wp-content\/uploads\/2019\/04\/reisetipps-norwegen-teaser-1.jpg\" alt='Reisetipps Norwegen' title='Reisetipps Norwegen'  height=\"200\" width=\"350\"  itemprop=\"thumbnailUrl\" srcset=\"https:\/\/www.tuicamper.com\/wp-docker\/wp-content\/uploads\/2019\/04\/reisetipps-norwegen-teaser-1.jpg 350w, https:\/\/www.tuicamper.com\/wp-docker\/wp-content\/uploads\/2019\/04\/reisetipps-norwegen-teaser-1-300x171.jpg 300w\" sizes=\"(max-width: 350px) 100vw, 350px\" \/><\/a><\/div><\/div><\/div><br \/>\n<section  class='av_textblock_section av-jt75lbqb-bba29013bb6610b0762c56b6a5ae7819 '   itemscope=\"itemscope\" itemtype=\"https:\/\/schema.org\/BlogPosting\" itemprop=\"blogPost\" ><div class='avia_textblock'  itemprop=\"text\" ><p style=\"text-align: left;\"><strong><a href=\"https:\/\/www.tuicamper.com\/magazin\/reisetipps-norwegen\/\">Reisetipps Norwegen \u2013 Die wichtigsten Tipps f\u00fcr Ihre Camper-Reise<\/a><\/strong><\/p>\n<\/div><\/section><\/p><\/div>\n<style type=\"text\/css\" data-created_by=\"avia_inline_auto\" id=\"style-css-av-7tzf5-0c74ac4f5c6d3099336654f757cbc09f\">\n.flex_column.av-7tzf5-0c74ac4f5c6d3099336654f757cbc09f{\nborder-radius:0px 0px 0px 0px;\npadding:0px 0px 0px 0px;\n}\n<\/style>\n<div  class='flex_column av-7tzf5-0c74ac4f5c6d3099336654f757cbc09f av_one_third flex_column_div av-zero-column-padding  '     ><p>\n<style type=\"text\/css\" data-created_by=\"avia_inline_auto\" id=\"style-css-av-jt75ko0n-bd301f9f783a332fc7feea77749afe9f\">\n.avia-image-container.av-jt75ko0n-bd301f9f783a332fc7feea77749afe9f img.avia_image{\nbox-shadow:none;\n}\n.avia-image-container.av-jt75ko0n-bd301f9f783a332fc7feea77749afe9f .av-image-caption-overlay-center{\ncolor:#ffffff;\n}\n<\/style>\n<div  class='avia-image-container av-jt75ko0n-bd301f9f783a332fc7feea77749afe9f av-styling-no-styling av-hover-grow av-hide-overflow av-img-linked avia_animated_image av-animated-when-visible-95 fade-in avia-align-left'   itemprop=\"image\" itemscope=\"itemscope\" itemtype=\"https:\/\/schema.org\/ImageObject\" ><div class=\"avia-image-container-inner\"><div class=\"avia-image-overlay-wrap\"><a href=\"https:\/\/www.tuicamper.com\/magazin\/wohnmobil-reise-lappland\/\" class='avia_image '  aria-label='Lappland Reise'><img decoding=\"async\" fetchpriority=\"high\" class='wp-image-1214 avia-img-lazy-loading-not-1214 avia_image ' src=\"https:\/\/www.tuicamper.com\/wp-docker\/wp-content\/uploads\/2019\/04\/lappland-teaser.jpg\" alt='Lappland Reise' title='Lappland Reise'  height=\"200\" width=\"350\"  itemprop=\"thumbnailUrl\" srcset=\"https:\/\/www.tuicamper.com\/wp-docker\/wp-content\/uploads\/2019\/04\/lappland-teaser.jpg 350w, https:\/\/www.tuicamper.com\/wp-docker\/wp-content\/uploads\/2019\/04\/lappland-teaser-300x171.jpg 300w\" sizes=\"(max-width: 350px) 100vw, 350px\" \/><\/a><\/div><\/div><\/div><br \/>\n<section  class='av_textblock_section av-jt75lbqb-bba29013bb6610b0762c56b6a5ae7819 '   itemscope=\"itemscope\" itemtype=\"https:\/\/schema.org\/BlogPosting\" itemprop=\"blogPost\" ><div class='avia_textblock'  itemprop=\"text\" ><p style=\"text-align: left;\"><a href=\"https:\/\/www.tuicamper.com\/magazin\/wohnmobil-reise-lappland\/\"><strong>Wohnmobil Lappland \u2013 Polarlichter, Rentiere und spektakul\u00e4re Landschaften<\/strong><\/a><\/p>\n<\/div><\/section><\/p><\/div>\n<style type=\"text\/css\" data-created_by=\"avia_inline_auto\" id=\"style-css-av-ehyb5-8fadcff6392c44a3fc98dc4b014d4246\">\n.flex_column.av-ehyb5-8fadcff6392c44a3fc98dc4b014d4246{\nborder-radius:0px 0px 0px 0px;\npadding:0px 0px 0px 0px;\n}\n<\/style>\n<div  class='flex_column av-ehyb5-8fadcff6392c44a3fc98dc4b014d4246 av_one_third flex_column_div av-zero-column-padding  '     ><p>\n<style type=\"text\/css\" data-created_by=\"avia_inline_auto\" id=\"style-css-av-jt75ko0n-cd33f9d79c2fcb90041cc850da240ee1\">\n.avia-image-container.av-jt75ko0n-cd33f9d79c2fcb90041cc850da240ee1 img.avia_image{\nbox-shadow:none;\n}\n.avia-image-container.av-jt75ko0n-cd33f9d79c2fcb90041cc850da240ee1 .av-image-caption-overlay-center{\ncolor:#ffffff;\n}\n<\/style>\n<div  class='avia-image-container av-jt75ko0n-cd33f9d79c2fcb90041cc850da240ee1 av-styling-no-styling av-hover-grow av-hide-overflow av-img-linked avia_animated_image av-animated-when-visible-95 fade-in avia-align-left'   itemprop=\"image\" itemscope=\"itemscope\" itemtype=\"https:\/\/schema.org\/ImageObject\" ><div class=\"avia-image-container-inner\"><div class=\"avia-image-overlay-wrap\"><a href=\"https:\/\/www.tuicamper.com\/magazin\/reisetipps-schweden\/\" class='avia_image '  aria-label='Reisetipps Schweden'><img decoding=\"async\" fetchpriority=\"high\" class='wp-image-1935 avia-img-lazy-loading-not-1935 avia_image ' src=\"https:\/\/www.tuicamper.com\/wp-docker\/wp-content\/uploads\/2019\/04\/reisetipps-schweden-teaser.jpg\" alt='Reisetipps Schweden' title='Reisetipps Schweden'  height=\"200\" width=\"350\"  itemprop=\"thumbnailUrl\" srcset=\"https:\/\/www.tuicamper.com\/wp-docker\/wp-content\/uploads\/2019\/04\/reisetipps-schweden-teaser.jpg 350w, https:\/\/www.tuicamper.com\/wp-docker\/wp-content\/uploads\/2019\/04\/reisetipps-schweden-teaser-300x171.jpg 300w\" sizes=\"(max-width: 350px) 100vw, 350px\" \/><\/a><\/div><\/div><\/div><br \/>\n<section  class='av_textblock_section av-jt75lbqb-bba29013bb6610b0762c56b6a5ae7819 '   itemscope=\"itemscope\" itemtype=\"https:\/\/schema.org\/BlogPosting\" itemprop=\"blogPost\" ><div class='avia_textblock'  itemprop=\"text\" ><p style=\"text-align: left;\"><strong><a href=\"https:\/\/www.tuicamper.com\/magazin\/reisetipps-schweden\/\">Reisetipps Schweden \u2013 Die wichtigsten Tipps f\u00fcr Ihre Camper-Reise<\/a><\/strong><\/p>\n<\/div><\/section><\/p><\/div><\/p>\n            <div style=\"clear: both;\"><\/div>\r\n            <\/div>\r\n<\/div>\r\n\n<\/div>\n<\/div>\n<div id=\"layout\" class=\"postbox \"><\/div>\n<\/div><\/section>\n<\/div><\/div><\/div><!-- close content main div --><\/div><\/div><div id='av_section_9'  class='avia-section av-jt5vrdgv-4386718e65b314e69682ca60ae604601 main_color avia-section-default avia-no-border-styling  avia-builder-el-25  el_after_av_textblock  el_before_av_section  reduced-content avia-bg-style-scroll container_wrap sidebar_right'  ><div class='container av-section-cont-open' ><div class='template-page content  av-content-small alpha units'><div class='post-entry post-entry-type-page post-entry-5442'><div class='entry-content-wrapper clearfix'>\n\n<style type=\"text\/css\" data-created_by=\"avia_inline_auto\" id=\"style-css-av-1g5aou-6e8505d9de1136ce38f66b0d0e5d2a36\">\n.flex_column.av-1g5aou-6e8505d9de1136ce38f66b0d0e5d2a36{\nborder-radius:0px 0px 0px 0px;\npadding:0px 0px 0px 0px;\n}\n<\/style>\n<div  class='flex_column av-1g5aou-6e8505d9de1136ce38f66b0d0e5d2a36 av_one_full  avia-builder-el-26  avia-builder-el-no-sibling  first flex_column_div av-zero-column-padding  '     ><section  class='av_textblock_section av-jt5tjyk0-005b7b9db978b702a721a131f71d3f78 '   itemscope=\"itemscope\" itemtype=\"https:\/\/schema.org\/BlogPosting\" itemprop=\"blogPost\" ><div class='avia_textblock'  itemprop=\"text\" ><h3>3.) Weg zum Nordkap: zwischen Fjorden, St\u00e4dteperlen und Polarlichtern<\/h3>\n<p>Auch einer <a href=\"https:\/\/www.tuicamper.com\/magazin\/mit-dem-wohnmobil-zum-nordkap\/\">Tour durch den Norden Norwegens<\/a> wohnt ein ganz besonderer Zauber inne. Gestartet wird in Troms\u00f6, dem Tor zur Arktis, das mit etlichen Highlights aufwartet. Besichtigen Sie unbedingt die architektonisch einmalige Eismeerkathedrale der Stadt und genie\u00dfen Sie von der Luftseilbahn Fjellheisen aus postkartenmotivw\u00fcrdige Panoramablicke.<\/p>\n<p>Im Anschluss erkunden Sie die traumwandlerisch sch\u00f6ne Landschaft des Altafjords \u2013 und wandern zwischen m\u00e4chtigen Canyons und faszinierenden Gletschern. Ziel dieser unvergesslichen Tour: das Nordkap. Am (fast) n\u00f6rdlichsten Punkt Europas halten Sie \u2013 den Blick auf das Meer geheftet \u2013 einen Moment inne und nehmen die Ruhe und raue Sch\u00f6nheit der Landschaft in sich auf.<\/p>\n<\/div><\/section><\/div>\n\n<\/div><\/div><\/div><!-- close content main div --><\/div><\/div><div id='av_section_10'  class='avia-section av-b7gvl-1eb57de5f7b7a94c40602e8cf977ebb0 main_color avia-section-default avia-no-border-styling  avia-builder-el-28  el_after_av_section  el_before_av_section  reduced-content avia-bg-style-scroll container_wrap sidebar_right'  ><div class='container av-section-cont-open' ><div class='template-page content  av-content-small alpha units'><div class='post-entry post-entry-type-page post-entry-5442'><div class='entry-content-wrapper clearfix'>\n\n<style type=\"text\/css\" data-created_by=\"avia_inline_auto\" id=\"style-css-av-jtplvt5k-b77b41c3221739919e3236eddb420791\">\n.avia-image-container.av-jtplvt5k-b77b41c3221739919e3236eddb420791 img.avia_image{\nbox-shadow:none;\n}\n.avia-image-container.av-jtplvt5k-b77b41c3221739919e3236eddb420791 .av-caption-image-overlay-bg{\nopacity:0.4;\nbackground-color:#000000;\n}\n.avia-image-container.av-jtplvt5k-b77b41c3221739919e3236eddb420791 .av-image-caption-overlay-center{\ncolor:#ffffff;\n}\n<\/style>\n<div  class='avia-image-container av-jtplvt5k-b77b41c3221739919e3236eddb420791 av-styling- av-img-linked avia_animated_image av-animated-when-visible-95 fade-in avia-align-center  avia-builder-el-29  el_before_av_hr  avia-builder-el-first  noHover av-overlay-on-hover'   itemprop=\"image\" itemscope=\"itemscope\" itemtype=\"https:\/\/schema.org\/ImageObject\" ><div class=\"avia-image-container-inner\"><div class=\"avia-image-overlay-wrap\"><a href=\"https:\/\/www.tuicamper.com\/wp-docker\/wp-content\/uploads\/2020\/01\/nordkap-1-1030x549.jpg\" data-srcset=\"https:\/\/www.tuicamper.com\/wp-docker\/wp-content\/uploads\/2020\/01\/nordkap-1-1030x549.jpg 1030w, https:\/\/www.tuicamper.com\/wp-docker\/wp-content\/uploads\/2020\/01\/nordkap-1-300x160.jpg 300w, https:\/\/www.tuicamper.com\/wp-docker\/wp-content\/uploads\/2020\/01\/nordkap-1-768x409.jpg 768w, https:\/\/www.tuicamper.com\/wp-docker\/wp-content\/uploads\/2020\/01\/nordkap-1-705x376.jpg 705w, https:\/\/www.tuicamper.com\/wp-docker\/wp-content\/uploads\/2020\/01\/nordkap-1.jpg 1280w\" data-sizes=\"(max-width: 1030px) 100vw, 1030px\" class='avia_image '  aria-label='Nordkap Sonnenuntergang'><div class=\"av-image-caption-overlay\"><div class=\"av-caption-image-overlay-bg\"><\/div><div class=\"av-image-caption-overlay-position\"><div class=\"av-image-caption-overlay-center\"><p>Sonnenuntergang beim Nordkap<\/p>\n<\/div><\/div><\/div><img decoding=\"async\" fetchpriority=\"high\" class='wp-image-5450 avia-img-lazy-loading-not-5450 avia_image ' src=\"https:\/\/www.tuicamper.com\/wp-docker\/wp-content\/uploads\/2020\/01\/nordkap-1-1280x630.jpg\" alt='Nordkap Sonnenuntergang' title='Nordkap Sonnenuntergang'  height=\"630\" width=\"1280\"  itemprop=\"thumbnailUrl\"  \/><\/a><\/div><\/div><\/div>\n\n<style type=\"text\/css\" data-created_by=\"avia_inline_auto\" id=\"style-css-av-jwj918c3-315e0fede61d05e0c478b80905e3cec5\">\n#top .hr.hr-invisible.av-jwj918c3-315e0fede61d05e0c478b80905e3cec5{\nheight:25px;\n}\n<\/style>\n<div  class='hr av-jwj918c3-315e0fede61d05e0c478b80905e3cec5 hr-invisible  avia-builder-el-30  el_after_av_image  avia-builder-el-last '><span class='hr-inner '><span class=\"hr-inner-style\"><\/span><\/span><\/div>\n\n<\/div><\/div><\/div><!-- close content main div --><\/div><\/div><div id='av_section_11'  class='avia-section av-jt5vrdgv-4386718e65b314e69682ca60ae604601 main_color avia-section-default avia-no-border-styling  avia-builder-el-31  el_after_av_section  el_before_av_section  reduced-content avia-bg-style-scroll container_wrap sidebar_right'  ><div class='container av-section-cont-open' ><div class='template-page content  av-content-small alpha units'><div class='post-entry post-entry-type-page post-entry-5442'><div class='entry-content-wrapper clearfix'>\n\n<style type=\"text\/css\" data-created_by=\"avia_inline_auto\" id=\"style-css-av-1g5aou-6e8505d9de1136ce38f66b0d0e5d2a36\">\n.flex_column.av-1g5aou-6e8505d9de1136ce38f66b0d0e5d2a36{\nborder-radius:0px 0px 0px 0px;\npadding:0px 0px 0px 0px;\n}\n<\/style>\n<div  class='flex_column av-1g5aou-6e8505d9de1136ce38f66b0d0e5d2a36 av_one_full  avia-builder-el-32  avia-builder-el-no-sibling  first flex_column_div av-zero-column-padding  '     ><section  class='av_textblock_section av-jt5tjyk0-005b7b9db978b702a721a131f71d3f78 '   itemscope=\"itemscope\" itemtype=\"https:\/\/schema.org\/BlogPosting\" itemprop=\"blogPost\" ><div class='avia_textblock'  itemprop=\"text\" ><h2>Mit dem Wohnmobil nach Skandinavien: Das gilt es zu wissen<\/h2>\n<p>Die landschaftliche Sch\u00f6nheit, der kulturelle Facettenreichtum und die guten Stra\u00dfenverh\u00e4ltnisse Skandinaviens garantieren einen unvergesslichen Wohnmobil-Urlaub. Einige Punkte sollten Sie f\u00fcr Ihre Tour durch Skandinavien allerdings wissen:<\/p>\n<ul>\n<li><strong>Maut<\/strong>: Die Br\u00fccken und Autobahnen, die Sie ggf. auf Ihrer Durchreise in D\u00e4nemark nutzen, sind gr\u00f6\u00dftenteils mautpflichtig. Auch in Norwegen m\u00fcssen Sie f\u00fcr die Nutzung vieler Br\u00fccken und Stra\u00dfen Mautgeb\u00fchren zahlen. Auf finnischen Stra\u00dfen wird dagegen keine Maut f\u00e4llig.<\/li>\n<li><strong>Preisniveau<\/strong>: Es ist kein Geheimnis: Skandinavien ist teuer. Planen Sie daher Ihr Reisebudget entsprechend gro\u00dfz\u00fcgig. Gut zu wissen: In Skandinavien wird vielerorts gerne und h\u00e4ufig mit Kreditkarte bezahlt \u2013 auch kleine Betr\u00e4ge. EC-Karten werden dagegen nicht \u00fcberall akzeptiert.<\/li>\n<li><strong>Camping- und Stellpl\u00e4tze<\/strong>: In Skandinavien finden Sie eine Vielzahl gut ausgestatteter Camping- und Stellpl\u00e4tze. Mit Einschr\u00e4nkungen ist aber auch Wildcamping erlaubt.<\/li>\n<\/ul>\n<\/div><\/section><\/div>\n\n<\/div><\/div><\/div><!-- close content main div --><\/div><\/div><div id='av_section_12'  class='avia-section av-b7gvl-1eb57de5f7b7a94c40602e8cf977ebb0 main_color avia-section-default avia-no-border-styling  avia-builder-el-34  el_after_av_section  el_before_av_section  reduced-content avia-bg-style-scroll container_wrap sidebar_right'  ><div class='container av-section-cont-open' ><div class='template-page content  av-content-small alpha units'><div class='post-entry post-entry-type-page post-entry-5442'><div class='entry-content-wrapper clearfix'>\n\n<style type=\"text\/css\" data-created_by=\"avia_inline_auto\" id=\"style-css-av-jtplvt5k-83bd66c6bb7dc874c19bb1c506ffbfa4\">\n.avia-image-container.av-jtplvt5k-83bd66c6bb7dc874c19bb1c506ffbfa4 img.avia_image{\nbox-shadow:none;\n}\n.avia-image-container.av-jtplvt5k-83bd66c6bb7dc874c19bb1c506ffbfa4 .av-caption-image-overlay-bg{\nopacity:0.4;\nbackground-color:#000000;\n}\n.avia-image-container.av-jtplvt5k-83bd66c6bb7dc874c19bb1c506ffbfa4 .av-image-caption-overlay-center{\ncolor:#ffffff;\n}\n<\/style>\n<div  class='avia-image-container av-jtplvt5k-83bd66c6bb7dc874c19bb1c506ffbfa4 av-styling- av-img-linked avia_animated_image av-animated-when-visible-95 fade-in avia-align-center  avia-builder-el-35  el_before_av_hr  avia-builder-el-first  noHover av-overlay-on-hover'   itemprop=\"image\" itemscope=\"itemscope\" itemtype=\"https:\/\/schema.org\/ImageObject\" ><div class=\"avia-image-container-inner\"><div class=\"avia-image-overlay-wrap\"><a href=\"https:\/\/www.tuicamper.com\/wp-docker\/wp-content\/uploads\/2019\/04\/camping-orig-1030x686.jpg\" data-srcset=\"https:\/\/www.tuicamper.com\/wp-docker\/wp-content\/uploads\/2019\/04\/camping-orig-1030x686.jpg 1030w, https:\/\/www.tuicamper.com\/wp-docker\/wp-content\/uploads\/2019\/04\/camping-orig-300x200.jpg 300w, https:\/\/www.tuicamper.com\/wp-docker\/wp-content\/uploads\/2019\/04\/camping-orig-768x512.jpg 768w, https:\/\/www.tuicamper.com\/wp-docker\/wp-content\/uploads\/2019\/04\/camping-orig-705x470.jpg 705w, https:\/\/www.tuicamper.com\/wp-docker\/wp-content\/uploads\/2019\/04\/camping-orig-450x300.jpg 450w, https:\/\/www.tuicamper.com\/wp-docker\/wp-content\/uploads\/2019\/04\/camping-orig.jpg 1280w\" data-sizes=\"(max-width: 1030px) 100vw, 1030px\" class='avia_image '  aria-label='Camping-Stellplatz bei Nacht'><div class=\"av-image-caption-overlay\"><div class=\"av-caption-image-overlay-bg\"><\/div><div class=\"av-image-caption-overlay-position\"><div class=\"av-image-caption-overlay-center\"><p>Camping bei Nacht<\/p>\n<\/div><\/div><\/div><img decoding=\"async\" fetchpriority=\"high\" class='wp-image-2218 avia-img-lazy-loading-not-2218 avia_image ' src=\"https:\/\/www.tuicamper.com\/wp-docker\/wp-content\/uploads\/2019\/04\/camping-orig-1280x630.jpg\" alt='Camping-Stellplatz bei Nacht' title='Camping-Stellplatz bei Nacht'  height=\"630\" width=\"1280\"  itemprop=\"thumbnailUrl\"  \/><\/a><\/div><\/div><\/div>\n\n<style type=\"text\/css\" data-created_by=\"avia_inline_auto\" id=\"style-css-av-jwj918c3-315e0fede61d05e0c478b80905e3cec5\">\n#top .hr.hr-invisible.av-jwj918c3-315e0fede61d05e0c478b80905e3cec5{\nheight:25px;\n}\n<\/style>\n<div  class='hr av-jwj918c3-315e0fede61d05e0c478b80905e3cec5 hr-invisible  avia-builder-el-36  el_after_av_image  avia-builder-el-last '><span class='hr-inner '><span class=\"hr-inner-style\"><\/span><\/span><\/div>\n\n<\/div><\/div><\/div><!-- close content main div --><\/div><\/div><div id='av_section_13'  class='avia-section av-jt5vrdgv-4386718e65b314e69682ca60ae604601 main_color avia-section-default avia-no-border-styling  avia-builder-el-37  el_after_av_section  el_before_av_section  reduced-content avia-bg-style-scroll container_wrap sidebar_right'  ><div class='container av-section-cont-open' ><div class='template-page content  av-content-small alpha units'><div class='post-entry post-entry-type-page post-entry-5442'><div class='entry-content-wrapper clearfix'>\n\n<style type=\"text\/css\" data-created_by=\"avia_inline_auto\" id=\"style-css-av-1g5aou-6e8505d9de1136ce38f66b0d0e5d2a36\">\n.flex_column.av-1g5aou-6e8505d9de1136ce38f66b0d0e5d2a36{\nborder-radius:0px 0px 0px 0px;\npadding:0px 0px 0px 0px;\n}\n<\/style>\n<div  class='flex_column av-1g5aou-6e8505d9de1136ce38f66b0d0e5d2a36 av_one_full  avia-builder-el-38  avia-builder-el-no-sibling  first flex_column_div av-zero-column-padding  '     ><section  class='av_textblock_section av-jt5tjyk0-3c3ad3c49a2fedf7b0c26b6227895b8a '   itemscope=\"itemscope\" itemtype=\"https:\/\/schema.org\/BlogPosting\" itemprop=\"blogPost\" ><div class='avia_textblock'  itemprop=\"text\" ><h3>Wildcamping in Skandinavien: Die Rechtslage<\/h3>\n<p>Skandinavien-Urlauber haben Grund zur Freude. Hier gilt das sogenannte \u201eJedermannsrecht\u201c, das es Campern in Norwegen, Schweden und Finnland prinzipiell gestattet, sich au\u00dferhalb von offiziellen Campingpl\u00e4tzen einen geeigneten Stellplatz zu suchen. Um die Natur zu schonen, gibt es f\u00fcr Wohnmobil-Reisende allerdings Einschr\u00e4nkungen. So d\u00fcrfen Sie au\u00dferhalb von Campingpl\u00e4tzen lediglich auf Rastpl\u00e4tzen oder am Stra\u00dfenrand \u00fcbernachten \u2013 f\u00fcr maximal 24 Stunden bzw. an Wochenenden bis zum n\u00e4chsten Werktag.<\/p>\n<\/div><\/section><\/div>\n\n<\/div><\/div><\/div><!-- close content main div --><\/div><\/div><div id='av_section_14'  class='avia-section av-jt5vrdgv-4386718e65b314e69682ca60ae604601 main_color avia-section-default avia-no-border-styling  avia-builder-el-40  el_after_av_section  avia-builder-el-last  reduced-content avia-bg-style-scroll container_wrap sidebar_right'  ><div class='container av-section-cont-open' ><div class='template-page content  av-content-small alpha units'><div class='post-entry post-entry-type-page post-entry-5442'><div class='entry-content-wrapper clearfix'>\n<div  class='avia-button-wrap av-ju2eusip-4965d954b145d048684808c345657176-wrap avia-button-center  avia-builder-el-41  el_before_av_one_full  avia-builder-el-first '><a href='https:\/\/www.tuicamper.com\/'  class='avia-button av-ju2eusip-4965d954b145d048684808c345657176 av-link-btn avia-icon_select-yes-right-icon avia-size-large avia-position-center avia-color-theme-color'   aria-label=\"Jetzt Wohnmobil mieten\"><span class='avia_iconbox_title' >Jetzt Wohnmobil mieten<\/span><span class='avia_button_icon avia_button_icon_right avia-iconfont avia-font-entypo-fontello' data-av_icon='\ue875' data-av_iconfont='entypo-fontello' ><\/span><\/a><\/div>\n\n<style type=\"text\/css\" data-created_by=\"avia_inline_auto\" id=\"style-css-av-1g5aou-6e8505d9de1136ce38f66b0d0e5d2a36\">\n.flex_column.av-1g5aou-6e8505d9de1136ce38f66b0d0e5d2a36{\nborder-radius:0px 0px 0px 0px;\npadding:0px 0px 0px 0px;\n}\n<\/style>\n<div  class='flex_column av-1g5aou-6e8505d9de1136ce38f66b0d0e5d2a36 av_one_full  avia-builder-el-42  el_after_av_button  el_before_av_social_share  first flex_column_div av-zero-column-padding  '     ><style type=\"text\/css\" data-created_by=\"avia_inline_auto\" id=\"style-css-av-jt5tjyk0-c058b77acb2af43fe9af15466eb4a9bd\">\n#top .av_textblock_section.av-jt5tjyk0-c058b77acb2af43fe9af15466eb4a9bd .avia_textblock{\nfont-size:28px;\n}\n<\/style>\n<section  class='av_textblock_section av-jt5tjyk0-c058b77acb2af43fe9af15466eb4a9bd '   itemscope=\"itemscope\" itemtype=\"https:\/\/schema.org\/BlogPosting\" itemprop=\"blogPost\" ><div class='avia_textblock'  itemprop=\"text\" ><p><strong>Ihr TUI CAMPER-Team w\u00fcnscht Ihnen eine unvergessliche Camper-Tour durch Skandinavien!<\/strong><\/p>\n<\/div><\/section><\/div><div  class='av-social-sharing-box av-10zg8-8676a2d54b4a15bbf6c39a1c18f0815b av-social-sharing-box-default  avia-builder-el-44  el_after_av_one_full  avia-builder-el-last  av-social-sharing-box-fullwidth'><div class=\"av-share-box\"><ul class=\"av-share-box-list noLightbox\"><li class='av-share-link av-social-link-facebook avia_social_iconfont' ><a target=\"_blank\" aria-label=\"Teilen auf Facebook\" href='https:\/\/www.facebook.com\/sharer.php?u=https:\/\/www.tuicamper.com\/magazin\/wohnmobil-skandinavien\/&#038;t=Wohnmobil%20Skandinavien%3A%20Touren%20%26%20die%20sch%C3%B6nsten%20Highlights' data-av_icon='\ue8f3' data-av_iconfont='entypo-fontello'  title='' data-avia-related-tooltip='Teilen auf Facebook'><span class='avia_hidden_link_text'>Teilen auf Facebook<\/span><\/a><\/li><li class='av-share-link av-social-link-twitter avia_social_iconfont' ><a target=\"_blank\" aria-label=\"Teilen auf X\" href='https:\/\/twitter.com\/share?text=Wohnmobil%20Skandinavien%3A%20Touren%20%26%20die%20sch%C3%B6nsten%20Highlights&#038;url=https:\/\/www.tuicamper.com\/magazin\/wohnmobil-skandinavien\/' data-av_icon='\ue932' data-av_iconfont='entypo-fontello'  title='' data-avia-related-tooltip='Teilen auf X'><span class='avia_hidden_link_text'>Teilen auf X<\/span><\/a><\/li><li class='av-share-link av-social-link-whatsapp avia_social_iconfont' ><a target=\"_blank\" aria-label=\"Teilen auf WhatsApp\" href='https:\/\/api.whatsapp.com\/send?text=https:\/\/www.tuicamper.com\/magazin\/wohnmobil-skandinavien\/' data-av_icon='\uf232' data-av_iconfont='entypo-fontello'  title='' data-avia-related-tooltip='Teilen auf WhatsApp'><span class='avia_hidden_link_text'>Teilen auf WhatsApp<\/span><\/a><\/li><li class='av-share-link av-social-link-pinterest avia_social_iconfont' ><a target=\"_blank\" aria-label=\"Teilen auf Pinterest\" href='https:\/\/pinterest.com\/pin\/create\/button\/?url=https%3A%2F%2Fwww.tuicamper.com%2Fmagazin%2Fwohnmobil-skandinavien%2F&#038;description=Wohnmobil%20Skandinavien%3A%20Touren%20%26%20die%20sch%C3%B6nsten%20Highlights&#038;media=https%3A%2F%2Fwww.tuicamper.com%2Fwp-docker%2Fwp-content%2Fuploads%2F2020%2F01%2Fskandinavien-lofoten-705x260.jpg' data-av_icon='\ue8f8' data-av_iconfont='entypo-fontello'  title='' data-avia-related-tooltip='Teilen auf Pinterest'><span class='avia_hidden_link_text'>Teilen auf Pinterest<\/span><\/a><\/li><li class='av-share-link av-social-link-mail avia_social_iconfont' ><a  aria-label=\"Per E-Mail teilen\" href='mailto:?subject=Wohnmobil%20Skandinavien%3A%20Touren%20%26%20die%20sch%C3%B6nsten%20Highlights&#038;body=https:\/\/www.tuicamper.com\/magazin\/wohnmobil-skandinavien\/' data-av_icon='\ue805' data-av_iconfont='entypo-fontello'  title='' data-avia-related-tooltip='Per E-Mail teilen'><span class='avia_hidden_link_text'>Per E-Mail teilen<\/span><\/a><\/li><\/ul><\/div><\/div>\n<\/div><\/div><\/div><!-- close content main div --><\/div><\/div><div id='after_section_14'  class='main_color av_default_container_wrap container_wrap sidebar_right'  ><div class='container av-section-cont-open' ><div class='template-page content  av-content-small alpha units'><div class='post-entry post-entry-type-page post-entry-5442'><div class='entry-content-wrapper clearfix'>\n","protected":false},"excerpt":{"rendered":"<p>Nordlichter und Mitternachtssonne. Fjorde und Gletscher. Vielseitige St\u00e4dteperlen und die einzige Urbev\u00f6lkerung Europas. Entdecken Sie den Zauber Skandinaviens!<\/p>\n","protected":false},"author":4,"featured_media":5443,"comment_status":"open","ping_status":"open","sticky":false,"template":"","format":"standard","meta":{"footnotes":""},"categories":[8],"tags":[72,50,63,42,43,65],"class_list":["post-5442","post","type-post","status-publish","format-standard","has-post-thumbnail","hentry","category-reiselaender","tag-finnland","tag-natur","tag-norwegen","tag-paare","tag-ruhestaendler","tag-schweden"],"yoast_head":"<!-- This site is optimized with the Yoast SEO plugin v27.4 - https:\/\/yoast.com\/product\/yoast-seo-wordpress\/ -->\n<title>Wohnmobil Skandinavien: Touren &amp; die sch\u00f6nsten Highlights<\/title>\n<meta name=\"description\" content=\"Nordlichter und Mitternachtssonne. Fjorde und Gletscher. Vielseitige St\u00e4dteperlen und die einzige Urbev\u00f6lkerung Europas. Entdecken Sie den Zauber Skandinaviens!\" \/>\n<meta name=\"robots\" content=\"index, follow, max-snippet:-1, max-image-preview:large, max-video-preview:-1\" \/>\n<link rel=\"canonical\" href=\"https:\/\/www.tuicamper.com\/magazin\/wohnmobil-skandinavien\/\" \/>\n<meta property=\"og:locale\" content=\"de_DE\" \/>\n<meta property=\"og:type\" content=\"article\" \/>\n<meta property=\"og:title\" content=\"Wohnmobil Skandinavien: Touren &amp; die sch\u00f6nsten Highlights\" \/>\n<meta property=\"og:description\" content=\"Nordlichter und Mitternachtssonne. Fjorde und Gletscher. Vielseitige St\u00e4dteperlen und die einzige Urbev\u00f6lkerung Europas. Entdecken Sie den Zauber Skandinaviens!\" \/>\n<meta property=\"og:url\" content=\"https:\/\/www.tuicamper.com\/magazin\/wohnmobil-skandinavien\/\" \/>\n<meta property=\"og:site_name\" content=\"TUI Camper Magazin\" \/>\n<meta property=\"article:published_time\" content=\"2020-02-18T14:35:23+00:00\" \/>\n<meta property=\"article:modified_time\" content=\"2022-05-12T08:25:46+00:00\" \/>\n<meta property=\"og:image\" content=\"https:\/\/www.tuicamper.com\/wp-docker\/wp-content\/uploads\/2020\/01\/skandinavien-lofoten.jpg\" \/>\n\t<meta property=\"og:image:width\" content=\"1310\" \/>\n\t<meta property=\"og:image:height\" content=\"483\" \/>\n\t<meta property=\"og:image:type\" content=\"image\/jpeg\" \/>\n<meta name=\"author\" content=\"Trang\" \/>\n<meta name=\"twitter:card\" content=\"summary_large_image\" \/>\n<meta name=\"twitter:label1\" content=\"Verfasst von\" \/>\n\t<meta name=\"twitter:data1\" content=\"Trang\" \/>\n\t<meta name=\"twitter:label2\" content=\"Gesch\u00e4tzte Lesezeit\" \/>\n\t<meta name=\"twitter:data2\" content=\"23\u00a0Minuten\" \/>\n<!-- \/ Yoast SEO plugin. -->","yoast_head_json":{"title":"Wohnmobil Skandinavien: Touren & die sch\u00f6nsten Highlights","description":"Nordlichter und Mitternachtssonne. Fjorde und Gletscher. Vielseitige St\u00e4dteperlen und die einzige Urbev\u00f6lkerung Europas. Entdecken Sie den Zauber Skandinaviens!","robots":{"index":"index","follow":"follow","max-snippet":"max-snippet:-1","max-image-preview":"max-image-preview:large","max-video-preview":"max-video-preview:-1"},"canonical":"https:\/\/www.tuicamper.com\/magazin\/wohnmobil-skandinavien\/","og_locale":"de_DE","og_type":"article","og_title":"Wohnmobil Skandinavien: Touren & die sch\u00f6nsten Highlights","og_description":"Nordlichter und Mitternachtssonne. Fjorde und Gletscher. Vielseitige St\u00e4dteperlen und die einzige Urbev\u00f6lkerung Europas. Entdecken Sie den Zauber Skandinaviens!","og_url":"https:\/\/www.tuicamper.com\/magazin\/wohnmobil-skandinavien\/","og_site_name":"TUI Camper Magazin","article_published_time":"2020-02-18T14:35:23+00:00","article_modified_time":"2022-05-12T08:25:46+00:00","og_image":[{"width":1310,"height":483,"url":"https:\/\/www.tuicamper.com\/wp-docker\/wp-content\/uploads\/2020\/01\/skandinavien-lofoten.jpg","type":"image\/jpeg"}],"author":"Trang","twitter_card":"summary_large_image","twitter_misc":{"Verfasst von":"Trang","Gesch\u00e4tzte Lesezeit":"23\u00a0Minuten"},"schema":{"@context":"https:\/\/schema.org","@graph":[{"@type":"Article","@id":"https:\/\/www.tuicamper.com\/magazin\/wohnmobil-skandinavien\/#article","isPartOf":{"@id":"https:\/\/www.tuicamper.com\/magazin\/wohnmobil-skandinavien\/"},"author":{"name":"Trang","@id":"https:\/\/www.tuicamper.com\/wp-docker\/#\/schema\/person\/64621aaf52862d378f4e7a6961086fa3"},"headline":"Wohnmobil Skandinavien: Touren &#038; die sch\u00f6nsten Highlights","datePublished":"2020-02-18T14:35:23+00:00","dateModified":"2022-05-12T08:25:46+00:00","mainEntityOfPage":{"@id":"https:\/\/www.tuicamper.com\/magazin\/wohnmobil-skandinavien\/"},"wordCount":3690,"commentCount":0,"image":{"@id":"https:\/\/www.tuicamper.com\/magazin\/wohnmobil-skandinavien\/#primaryimage"},"thumbnailUrl":"https:\/\/www.tuicamper.com\/wp-docker\/wp-content\/uploads\/2020\/01\/skandinavien-lofoten.jpg","keywords":["Finnland","Natur","Norwegen","Paare","Ruhest\u00e4ndler","Schweden"],"articleSection":["Reisel\u00e4nder"],"inLanguage":"de","potentialAction":[{"@type":"CommentAction","name":"Comment","target":["https:\/\/www.tuicamper.com\/magazin\/wohnmobil-skandinavien\/#respond"]}]},{"@type":"WebPage","@id":"https:\/\/www.tuicamper.com\/magazin\/wohnmobil-skandinavien\/","url":"https:\/\/www.tuicamper.com\/magazin\/wohnmobil-skandinavien\/","name":"Wohnmobil Skandinavien: Touren & die sch\u00f6nsten Highlights","isPartOf":{"@id":"https:\/\/www.tuicamper.com\/#website"},"primaryImageOfPage":{"@id":"https:\/\/www.tuicamper.com\/magazin\/wohnmobil-skandinavien\/#primaryimage"},"image":{"@id":"https:\/\/www.tuicamper.com\/magazin\/wohnmobil-skandinavien\/#primaryimage"},"thumbnailUrl":"https:\/\/www.tuicamper.com\/wp-content\/uploads\/2020\/01\/skandinavien-lofoten.jpg","datePublished":"2020-02-18T14:35:23+00:00","dateModified":"2022-05-12T08:25:46+00:00","author":{"@id":"https:\/\/www.tuicamper.com\/#\/schema\/person\/64621aaf52862d378f4e7a6961086fa3"},"description":"Nordlichter und Mitternachtssonne. Fjorde und Gletscher. Vielseitige St\u00e4dteperlen und die einzige Urbev\u00f6lkerung Europas. Entdecken Sie den Zauber Skandinaviens!","breadcrumb":{"@id":"https:\/\/www.tuicamper.com\/magazin\/wohnmobil-skandinavien\/#breadcrumb"},"inLanguage":"de","potentialAction":["Array"]},{"@type":"ImageObject","inLanguage":"de","@id":"https:\/\/www.tuicamper.com\/magazin\/wohnmobil-skandinavien\/#primaryimage","url":"https:\/\/www.tuicamper.com\/wp-docker\/wp-content\/uploads\/2020\/01\/skandinavien-lofoten.jpg","contentUrl":"https:\/\/www.tuicamper.com\/wp-docker\/wp-content\/uploads\/2020\/01\/skandinavien-lofoten.jpg","width":1310,"height":483,"caption":"Skandinavien Lofoten"},{"@type":"BreadcrumbList","@id":"https:\/\/www.tuicamper.com\/magazin\/wohnmobil-skandinavien\/#breadcrumb","itemListElement":[{"@type":"ListItem","position":1,"name":"Startseite","item":"https:\/\/www.tuicamper.com\/wp-docker\/"},{"@type":"ListItem","position":2,"name":"Wohnmobil Skandinavien: Touren &#038; die sch\u00f6nsten Highlights"}]},{"@type":"WebSite","@id":"https:\/\/www.tuicamper.com\/#website","url":"https:\/\/www.tuicamper.com\/","name":"TUI Camper Magazin","description":"","potentialAction":["Array"],"inLanguage":"de"},{"@type":"Person","@id":"https:\/\/www.tuicamper.com\/wp-docker\/#\/schema\/person\/64621aaf52862d378f4e7a6961086fa3","name":"Trang","image":{"@type":"ImageObject","inLanguage":"de","@id":"https:\/\/secure.gravatar.com\/avatar\/c946f00f16c232f8cdecfb386f553c12468182e6b4443fb0719b0ef4d8387620?s=96&d=mm&r=g","url":"https:\/\/secure.gravatar.com\/avatar\/c946f00f16c232f8cdecfb386f553c12468182e6b4443fb0719b0ef4d8387620?s=96&d=mm&r=g","contentUrl":"https:\/\/secure.gravatar.com\/avatar\/c946f00f16c232f8cdecfb386f553c12468182e6b4443fb0719b0ef4d8387620?s=96&d=mm&r=g","caption":"Trang"},"url":"https:\/\/www.tuicamper.com\/wp-docker\/magazin\/author\/trang\/"}]}},"_links":{"self":[{"href":"https:\/\/www.tuicamper.com\/wp-docker\/wp-json\/wp\/v2\/posts\/5442","targetHints":{"allow":["GET"]}}],"collection":[{"href":"https:\/\/www.tuicamper.com\/wp-docker\/wp-json\/wp\/v2\/posts"}],"about":[{"href":"https:\/\/www.tuicamper.com\/wp-docker\/wp-json\/wp\/v2\/types\/post"}],"author":[{"embeddable":true,"href":"https:\/\/www.tuicamper.com\/wp-docker\/wp-json\/wp\/v2\/users\/4"}],"replies":[{"embeddable":true,"href":"https:\/\/www.tuicamper.com\/wp-docker\/wp-json\/wp\/v2\/comments?post=5442"}],"version-history":[{"count":16,"href":"https:\/\/www.tuicamper.com\/wp-docker\/wp-json\/wp\/v2\/posts\/5442\/revisions"}],"predecessor-version":[{"id":5589,"href":"https:\/\/www.tuicamper.com\/wp-docker\/wp-json\/wp\/v2\/posts\/5442\/revisions\/5589"}],"wp:featuredmedia":[{"embeddable":true,"href":"https:\/\/www.tuicamper.com\/wp-docker\/wp-json\/wp\/v2\/media\/5443"}],"wp:attachment":[{"href":"https:\/\/www.tuicamper.com\/wp-docker\/wp-json\/wp\/v2\/media?parent=5442"}],"wp:term":[{"taxonomy":"category","embeddable":true,"href":"https:\/\/www.tuicamper.com\/wp-docker\/wp-json\/wp\/v2\/categories?post=5442"},{"taxonomy":"post_tag","embeddable":true,"href":"https:\/\/www.tuicamper.com\/wp-docker\/wp-json\/wp\/v2\/tags?post=5442"}],"curies":[{"name":"wp","href":"https:\/\/api.w.org\/{rel}","templated":true}]}}