{"id":5350,"date":"2020-01-10T10:43:44","date_gmt":"2020-01-10T09:43:44","guid":{"rendered":"https:\/\/www.tuicamper.com\/wp-docker\/?p=5350"},"modified":"2020-09-03T11:26:22","modified_gmt":"2020-09-03T09:26:22","slug":"wohnmobil-fehmarn","status":"publish","type":"post","link":"https:\/\/www.tuicamper.com\/magazin\/wohnmobil-fehmarn\/","title":{"rendered":"Wohnmobil Fehmarn: Anreise, Stellpl\u00e4tze &#038; Highlights"},"content":{"rendered":"<div id='av_section_1'  class='avia-section av-jt5vrdgv-4386718e65b314e69682ca60ae604601 main_color avia-section-default avia-no-border-styling  avia-builder-el-0  el_before_av_textblock  avia-builder-el-first  reduced-content avia-bg-style-scroll container_wrap sidebar_right'  ><div class='container av-section-cont-open' ><main  role=\"main\" itemprop=\"mainContentOfPage\"  class='template-page content  av-content-small alpha units'><div class='post-entry post-entry-type-page post-entry-5350'><div class='entry-content-wrapper clearfix'>\n\n<style type=\"text\/css\" data-created_by=\"avia_inline_auto\" id=\"style-css-av-1g5aou-6e8505d9de1136ce38f66b0d0e5d2a36\">\n.flex_column.av-1g5aou-6e8505d9de1136ce38f66b0d0e5d2a36{\nborder-radius:0px 0px 0px 0px;\npadding:0px 0px 0px 0px;\n}\n<\/style>\n<div  class='flex_column av-1g5aou-6e8505d9de1136ce38f66b0d0e5d2a36 av_one_full  avia-builder-el-1  avia-builder-el-no-sibling  first flex_column_div av-zero-column-padding  '     ><section  class='av_textblock_section av-jt5tjyk0-005b7b9db978b702a721a131f71d3f78 '   itemscope=\"itemscope\" itemtype=\"https:\/\/schema.org\/BlogPosting\" itemprop=\"blogPost\" ><div class='avia_textblock'  itemprop=\"text\" ><p>Gerade mal 16 Kilometer misst Fehmarn, die drittgr\u00f6\u00dfte Insel Deutschlands, an ihrer breitesten Stelle. Zu entdecken gibt es aber einiges \u2013 auch abseits der 78 Meter K\u00fcstenlinie mit ihren sch\u00f6nen Naturstr\u00e4nden und Steilklippen. Die gr\u00f6\u00dferen und kleineren D\u00f6rfer der Insel, die sich 2003 zur Stadt Fehmarn zusammengeschlossen haben, sowie faszinierende Naturparadiese laden zum Erkunden ein. Auf den zahlreichen Wander-, Rad- und Reitwegen k\u00f6nnen Wohnmobil-Urlauber selbst aktiv werden. Wir stellen Ihnen die facettenreiche Insel vor.<\/p>\n<\/div><\/section><\/div><\/div><\/div><\/main><!-- close content main element --><\/div><\/div><div id='after_section_1'  class='main_color av_default_container_wrap container_wrap sidebar_right'  ><div class='container av-section-cont-open' ><div class='template-page content  av-content-small alpha units'><div class='post-entry post-entry-type-page post-entry-5350'><div class='entry-content-wrapper clearfix'><section  class='av_textblock_section av-jtpqpty6-550c066a997ebaf648fccc87d0b9ff16 '   itemscope=\"itemscope\" itemtype=\"https:\/\/schema.org\/BlogPosting\" itemprop=\"blogPost\" ><div class='avia_textblock'  itemprop=\"text\" >\n<\/div><\/section><\/p>\n<\/div><\/div><\/div><!-- close content main div --><\/div><\/div><div id='av_section_2'  class='avia-section av-jt5vrdgv-4386718e65b314e69682ca60ae604601 main_color avia-section-default avia-no-border-styling  avia-builder-el-4  el_after_av_textblock  el_before_av_section  reduced-content avia-bg-style-scroll container_wrap sidebar_right'  ><div class='container av-section-cont-open' ><div class='template-page content  av-content-small alpha units'><div class='post-entry post-entry-type-page post-entry-5350'><div class='entry-content-wrapper clearfix'>\n<section  class='av_textblock_section av-jt5tjyk0-1e04ddf86ca9bd8201b4b17bbb4a6491 '   itemscope=\"itemscope\" itemtype=\"https:\/\/schema.org\/BlogPosting\" itemprop=\"blogPost\" ><div class='avia_textblock'  itemprop=\"text\" ><div id=\"js-table-of-contents\">\r\n    <strong>Inhaltsverzeichnis<\/strong>\r\n<\/div>\n<\/div><\/section>\n\n<\/div><\/div><\/div><!-- close content main div --><\/div><\/div><div id='av_section_3'  class='avia-section av-jt5vrdgv-4386718e65b314e69682ca60ae604601 main_color avia-section-default avia-no-border-styling  avia-builder-el-6  el_after_av_section  el_before_av_section  reduced-content avia-bg-style-scroll container_wrap sidebar_right'  ><div class='container av-section-cont-open' ><div class='template-page content  av-content-small alpha units'><div class='post-entry post-entry-type-page post-entry-5350'><div class='entry-content-wrapper clearfix'>\n\n<style type=\"text\/css\" data-created_by=\"avia_inline_auto\" id=\"style-css-av-1g5aou-6e8505d9de1136ce38f66b0d0e5d2a36\">\n.flex_column.av-1g5aou-6e8505d9de1136ce38f66b0d0e5d2a36{\nborder-radius:0px 0px 0px 0px;\npadding:0px 0px 0px 0px;\n}\n<\/style>\n<div  class='flex_column av-1g5aou-6e8505d9de1136ce38f66b0d0e5d2a36 av_one_full  avia-builder-el-7  avia-builder-el-no-sibling  first flex_column_div av-zero-column-padding  '     ><section  class='av_textblock_section av-jt5tjyk0-005b7b9db978b702a721a131f71d3f78 '   itemscope=\"itemscope\" itemtype=\"https:\/\/schema.org\/BlogPosting\" itemprop=\"blogPost\" ><div class='avia_textblock'  itemprop=\"text\" ><h2>Mit dem Wohnmobil nach Fehmarn: die Anreise<\/h2>\n<p>Mieten Sie Ihr Wohnmobil f\u00fcr den anstehenden Urlaub in <a href=\"https:\/\/www.tuicamper.com\/reiseziele\/europa\/deutschland\/hamburg\/\">Hamburg<\/a>, trennen Sie kaum zwei Stunden Fahrtzeit von der Insel Fehmarn. Folgen Sie der A1 und wechseln Sie bei Heiligenhafen auf die B207. Diese f\u00fchrt Sie auf direktem Weg nach Fehmarn \u2013 \u00fcber die eindrucksvolle Fehmarnsundbr\u00fccke, die den 1,3 Kilometer breiten Fehmarnsund \u00fcberspannt.<\/p>\n<\/div><\/section><\/div>\n\n<\/div><\/div><\/div><!-- close content main div --><\/div><\/div><div id='av_section_4'  class='avia-section av-jt5vrdgv-4386718e65b314e69682ca60ae604601 main_color avia-section-default avia-no-border-styling  avia-builder-el-9  el_after_av_section  el_before_av_section  reduced-content avia-bg-style-scroll container_wrap sidebar_right'  ><div class='container av-section-cont-open' ><div class='template-page content  av-content-small alpha units'><div class='post-entry post-entry-type-page post-entry-5350'><div class='entry-content-wrapper clearfix'>\n\n<style type=\"text\/css\" data-created_by=\"avia_inline_auto\" id=\"style-css-av-1g5aou-6e8505d9de1136ce38f66b0d0e5d2a36\">\n.flex_column.av-1g5aou-6e8505d9de1136ce38f66b0d0e5d2a36{\nborder-radius:0px 0px 0px 0px;\npadding:0px 0px 0px 0px;\n}\n<\/style>\n<div  class='flex_column av-1g5aou-6e8505d9de1136ce38f66b0d0e5d2a36 av_one_full  avia-builder-el-10  avia-builder-el-no-sibling  first flex_column_div av-zero-column-padding  '     ><section  class='av_textblock_section av-jt5tjyk0-005b7b9db978b702a721a131f71d3f78 '   itemscope=\"itemscope\" itemtype=\"https:\/\/schema.org\/BlogPosting\" itemprop=\"blogPost\" ><div class='avia_textblock'  itemprop=\"text\" ><h2>5 Top-Sehensw\u00fcrdigkeiten auf Fehmarn im Portrait<\/h2>\n<p>Traumhafte Str\u00e4nde, Natur pur, spannende Museen: Die drittgr\u00f6\u00dfte deutsche Insel \u00fcberrascht Urlauber mit vielseitigen Sehensw\u00fcrdigkeiten. Wir nehmen f\u00fcnf absolute Highlights in den Fokus, die Sie im Rahmen Ihrer Tour nicht verpassen sollten! Campingplatz-Empfehlungen in der N\u00e4he der Top-Sehensw\u00fcrdigkeiten finden Sie am Ende des Artikels.<\/p>\n<\/div><\/section><\/div>\n\n<\/div><\/div><\/div><!-- close content main div --><\/div><\/div><div id='av_section_5'  class='avia-section av-jt5vrdgv-4386718e65b314e69682ca60ae604601 main_color avia-section-default avia-no-border-styling  avia-builder-el-12  el_after_av_section  el_before_av_section  reduced-content avia-bg-style-scroll container_wrap sidebar_right'  ><div class='container av-section-cont-open' ><div class='template-page content  av-content-small alpha units'><div class='post-entry post-entry-type-page post-entry-5350'><div class='entry-content-wrapper clearfix'>\n\n<style type=\"text\/css\" data-created_by=\"avia_inline_auto\" id=\"style-css-av-1g5aou-6e8505d9de1136ce38f66b0d0e5d2a36\">\n.flex_column.av-1g5aou-6e8505d9de1136ce38f66b0d0e5d2a36{\nborder-radius:0px 0px 0px 0px;\npadding:0px 0px 0px 0px;\n}\n<\/style>\n<div  class='flex_column av-1g5aou-6e8505d9de1136ce38f66b0d0e5d2a36 av_one_full  avia-builder-el-13  avia-builder-el-no-sibling  first flex_column_div av-zero-column-padding  '     ><section  class='av_textblock_section av-jt5tjyk0-005b7b9db978b702a721a131f71d3f78 '   itemscope=\"itemscope\" itemtype=\"https:\/\/schema.org\/BlogPosting\" itemprop=\"blogPost\" ><div class='avia_textblock'  itemprop=\"text\" ><h3>1.) Galileo Wissenswelt \u2013 Lehrreicher Spa\u00df f\u00fcr Gro\u00df und Klein<\/h3>\n<p>Insgesamt drei Museen bilden die Galileo Wissenswelt. Die H\u00e4user f\u00fcr Naturkunde und Technik befinden sich direkt in Burg, das Museum \u00dcbersee liegt zwei Kilometer entfernt am Hafen Burgstaaken. Allen H\u00e4usern gemein: Sie vermitteln Naturwissenschaft, Technik und Kultur anschaulich und interaktiv. Spannende Ausstellungen sorgen bei Jung und Alt f\u00fcr leuchtende Augen \u2013 auch bei schlechtem Wetter.<\/p>\n<p>Die Museen auf einen Blick:<\/p>\n<ol>\n<li><strong>Museum Naturkunde<\/strong>: Echte Fossilien anfassen, Urzeitgiganten bestaunen, im Erdbeben-Simulator die Urgewalten der Erde am eigenen Leib sp\u00fcren \u2013 das und noch viel mehr geht im Museum f\u00fcr Naturkunde.<\/li>\n<li><strong>Museum Technik<\/strong>: Im Teilbereich Technik d\u00fcrfen Sie und Ihr Nachwuchs kr\u00e4ftig mit anpacken. Technikgeschichte und vermeintlich trockene technische Grundprinzipien erwachen durch den interaktiven Ansatz zum Leben.<\/li>\n<li><strong>Museum \u00dcbersee<\/strong>: Was verbindet Menschen rund um den Globus? Welche Unterschiede gibt es zwischen den Kulturen? Wie ist ein friedlicher und respektvoller Umgang \u00fcber unterschiedlichste V\u00f6lker hinweg m\u00f6glich? Das \u00dcberseemuseum liefert Antworten auf Fragen wie diese.<\/li>\n<\/ol>\n<p>Mehr zu den wechselnden Ausstellungen und zu den \u00d6ffnungszeiten lesen Sie auf der offiziellen Homepage der <a href=\"http:\/\/www.galileo-fehmarn.de\/index.html\" target=\"_blank\" rel=\"noopener noreferrer\">Galileo Wissenswelt<\/a>.<\/p>\n<\/div><\/section><\/div>\n\n<\/div><\/div><\/div><!-- close content main div --><\/div><\/div><div id='av_section_6'  class='avia-section av-b7gvl-1eb57de5f7b7a94c40602e8cf977ebb0 main_color avia-section-default avia-no-border-styling  avia-builder-el-15  el_after_av_section  el_before_av_section  reduced-content avia-bg-style-scroll container_wrap sidebar_right'  ><div class='container av-section-cont-open' ><div class='template-page content  av-content-small alpha units'><div class='post-entry post-entry-type-page post-entry-5350'><div class='entry-content-wrapper clearfix'>\n\n<style type=\"text\/css\" data-created_by=\"avia_inline_auto\" id=\"style-css-av-jtplvt5k-1ccefa6fdcbdde93b4f232e64691a1c8\">\n.avia-image-container.av-jtplvt5k-1ccefa6fdcbdde93b4f232e64691a1c8 img.avia_image{\nbox-shadow:none;\n}\n.avia-image-container.av-jtplvt5k-1ccefa6fdcbdde93b4f232e64691a1c8 .av-caption-image-overlay-bg{\nopacity:0.4;\nbackground-color:#000000;\n}\n.avia-image-container.av-jtplvt5k-1ccefa6fdcbdde93b4f232e64691a1c8 .av-image-caption-overlay-center{\ncolor:#ffffff;\n}\n<\/style>\n<div  class='avia-image-container av-jtplvt5k-1ccefa6fdcbdde93b4f232e64691a1c8 av-styling- av-img-linked avia_animated_image av-animated-when-visible-95 fade-in avia-align-center  avia-builder-el-16  el_before_av_hr  avia-builder-el-first  noHover av-overlay-on-hover'   itemprop=\"image\" itemscope=\"itemscope\" itemtype=\"https:\/\/schema.org\/ImageObject\" ><div class=\"avia-image-container-inner\"><div class=\"avia-image-overlay-wrap\"><a href=\"https:\/\/www.tuicamper.com\/wp-docker\/wp-content\/uploads\/2020\/01\/naturkundemueseum-1030x686.jpg\" data-srcset=\"https:\/\/www.tuicamper.com\/wp-docker\/wp-content\/uploads\/2020\/01\/naturkundemueseum-1030x686.jpg 1030w, https:\/\/www.tuicamper.com\/wp-docker\/wp-content\/uploads\/2020\/01\/naturkundemueseum-300x200.jpg 300w, https:\/\/www.tuicamper.com\/wp-docker\/wp-content\/uploads\/2020\/01\/naturkundemueseum-768x511.jpg 768w, https:\/\/www.tuicamper.com\/wp-docker\/wp-content\/uploads\/2020\/01\/naturkundemueseum-705x469.jpg 705w, https:\/\/www.tuicamper.com\/wp-docker\/wp-content\/uploads\/2020\/01\/naturkundemueseum.jpg 1280w\" data-sizes=\"(max-width: 1030px) 100vw, 1030px\" class='avia_image '  aria-label='Naturkundemueseum'><div class=\"av-image-caption-overlay\"><div class=\"av-caption-image-overlay-bg\"><\/div><div class=\"av-image-caption-overlay-position\"><div class=\"av-image-caption-overlay-center\"><p>Dinosaurier im Naturkundemuseum<\/p>\n<\/div><\/div><\/div><img decoding=\"async\" fetchpriority=\"high\" class='wp-image-5351 avia-img-lazy-loading-not-5351 avia_image ' src=\"https:\/\/www.tuicamper.com\/wp-docker\/wp-content\/uploads\/2020\/01\/naturkundemueseum-1280x630.jpg\" alt='Naturkundemueseum' title='Naturkundemueseum'  height=\"630\" width=\"1280\"  itemprop=\"thumbnailUrl\"  \/><\/a><\/div><\/div><\/div>\n\n<style type=\"text\/css\" data-created_by=\"avia_inline_auto\" id=\"style-css-av-jwj918c3-315e0fede61d05e0c478b80905e3cec5\">\n#top .hr.hr-invisible.av-jwj918c3-315e0fede61d05e0c478b80905e3cec5{\nheight:25px;\n}\n<\/style>\n<div  class='hr av-jwj918c3-315e0fede61d05e0c478b80905e3cec5 hr-invisible  avia-builder-el-17  el_after_av_image  avia-builder-el-last '><span class='hr-inner '><span class=\"hr-inner-style\"><\/span><\/span><\/div>\n\n<\/div><\/div><\/div><!-- close content main div --><\/div><\/div><div id='av_section_7'  class='avia-section av-jt5vrdgv-4386718e65b314e69682ca60ae604601 main_color avia-section-default avia-no-border-styling  avia-builder-el-18  el_after_av_section  el_before_av_section  reduced-content avia-bg-style-scroll container_wrap sidebar_right'  ><div class='container av-section-cont-open' ><div class='template-page content  av-content-small alpha units'><div class='post-entry post-entry-type-page post-entry-5350'><div class='entry-content-wrapper clearfix'>\n\n<style type=\"text\/css\" data-created_by=\"avia_inline_auto\" id=\"style-css-av-1g5aou-6e8505d9de1136ce38f66b0d0e5d2a36\">\n.flex_column.av-1g5aou-6e8505d9de1136ce38f66b0d0e5d2a36{\nborder-radius:0px 0px 0px 0px;\npadding:0px 0px 0px 0px;\n}\n<\/style>\n<div  class='flex_column av-1g5aou-6e8505d9de1136ce38f66b0d0e5d2a36 av_one_full  avia-builder-el-19  avia-builder-el-no-sibling  first flex_column_div av-zero-column-padding  '     ><section  class='av_textblock_section av-jt5tjyk0-005b7b9db978b702a721a131f71d3f78 '   itemscope=\"itemscope\" itemtype=\"https:\/\/schema.org\/BlogPosting\" itemprop=\"blogPost\" ><div class='avia_textblock'  itemprop=\"text\" ><h3>2.) Meereszentrum Fehmarn: auf Tuchf\u00fchlung mit Haien und Co.<\/h3>\n<p>Ebenfalls in Burg befindet sich das <a href=\"https:\/\/mega-meereswelten.de\/\" target=\"_blank\" rel=\"noopener noreferrer\">Meereszentrum Fehmarn<\/a>, das die Faszination des Meeres eindrucksvoll darstellt. Alleine das gigantische Ozeanaquarium umfasst mehr als 3 Millionen Liter Meerwasser. Hier tummeln sich Haie aller Arten \u2013 von Schwarzspitzenriffhaien \u00fcber Ammen- und Zitronenhaien bis hin zu Sandtigerhaien.<\/p>\n<p>Aber auch abseits des Haibeckens gibt es viel zu entdecken. Riesige Rochen, ein begehbarer Unterwassertunnel und ein tropisches Aquarium mit Koralleng\u00e4rten, Seepferdchen, Quallen und Co. versetzen Besucher aller Altersklassen in ehrf\u00fcrchtiges Staunen.<\/p>\n<\/div><\/section><\/div>\n\n<\/div><\/div><\/div><!-- close content main div --><\/div><\/div><div id='av_section_8'  class='avia-section av-b7gvl-1eb57de5f7b7a94c40602e8cf977ebb0 main_color avia-section-default avia-no-border-styling  avia-builder-el-21  el_after_av_section  el_before_av_section  reduced-content avia-bg-style-scroll container_wrap sidebar_right'  ><div class='container av-section-cont-open' ><div class='template-page content  av-content-small alpha units'><div class='post-entry post-entry-type-page post-entry-5350'><div class='entry-content-wrapper clearfix'>\n\n<style type=\"text\/css\" data-created_by=\"avia_inline_auto\" id=\"style-css-av-jtplvt5k-057a6f8c21b3258f556260ce2692374f\">\n.avia-image-container.av-jtplvt5k-057a6f8c21b3258f556260ce2692374f img.avia_image{\nbox-shadow:none;\n}\n.avia-image-container.av-jtplvt5k-057a6f8c21b3258f556260ce2692374f .av-caption-image-overlay-bg{\nopacity:0.4;\nbackground-color:#000000;\n}\n.avia-image-container.av-jtplvt5k-057a6f8c21b3258f556260ce2692374f .av-image-caption-overlay-center{\ncolor:#ffffff;\n}\n<\/style>\n<div  class='avia-image-container av-jtplvt5k-057a6f8c21b3258f556260ce2692374f av-styling- av-img-linked avia_animated_image av-animated-when-visible-95 fade-in avia-align-center  avia-builder-el-22  el_before_av_hr  avia-builder-el-first  noHover av-overlay-on-hover'   itemprop=\"image\" itemscope=\"itemscope\" itemtype=\"https:\/\/schema.org\/ImageObject\" ><div class=\"avia-image-container-inner\"><div class=\"avia-image-overlay-wrap\"><a href=\"https:\/\/www.tuicamper.com\/wp-docker\/wp-content\/uploads\/2020\/01\/haie_aquarium-1030x773.jpg\" data-srcset=\"https:\/\/www.tuicamper.com\/wp-docker\/wp-content\/uploads\/2020\/01\/haie_aquarium-1030x773.jpg 1030w, https:\/\/www.tuicamper.com\/wp-docker\/wp-content\/uploads\/2020\/01\/haie_aquarium-300x225.jpg 300w, https:\/\/www.tuicamper.com\/wp-docker\/wp-content\/uploads\/2020\/01\/haie_aquarium-768x576.jpg 768w, https:\/\/www.tuicamper.com\/wp-docker\/wp-content\/uploads\/2020\/01\/haie_aquarium-705x529.jpg 705w, https:\/\/www.tuicamper.com\/wp-docker\/wp-content\/uploads\/2020\/01\/haie_aquarium.jpg 1280w\" data-sizes=\"(max-width: 1030px) 100vw, 1030px\" class='avia_image '  aria-label='Haie Aquarium'><div class=\"av-image-caption-overlay\"><div class=\"av-caption-image-overlay-bg\"><\/div><div class=\"av-image-caption-overlay-position\"><div class=\"av-image-caption-overlay-center\"><p>Haie im Aquarium<\/p>\n<\/div><\/div><\/div><img decoding=\"async\" fetchpriority=\"high\" class='wp-image-5352 avia-img-lazy-loading-not-5352 avia_image ' src=\"https:\/\/www.tuicamper.com\/wp-docker\/wp-content\/uploads\/2020\/01\/haie_aquarium-1280x630.jpg\" alt='' title='Haie Aquarium'  height=\"630\" width=\"1280\"  itemprop=\"thumbnailUrl\"  \/><\/a><\/div><\/div><\/div>\n\n<style type=\"text\/css\" data-created_by=\"avia_inline_auto\" id=\"style-css-av-jwj918c3-315e0fede61d05e0c478b80905e3cec5\">\n#top .hr.hr-invisible.av-jwj918c3-315e0fede61d05e0c478b80905e3cec5{\nheight:25px;\n}\n<\/style>\n<div  class='hr av-jwj918c3-315e0fede61d05e0c478b80905e3cec5 hr-invisible  avia-builder-el-23  el_after_av_image  avia-builder-el-last '><span class='hr-inner '><span class=\"hr-inner-style\"><\/span><\/span><\/div>\n\n<\/div><\/div><\/div><!-- close content main div --><\/div><\/div><div id='av_section_9'  class='avia-section av-jt5vrdgv-4386718e65b314e69682ca60ae604601 main_color avia-section-default avia-no-border-styling  avia-builder-el-24  el_after_av_section  el_before_av_section  reduced-content avia-bg-style-scroll container_wrap sidebar_right'  ><div class='container av-section-cont-open' ><div class='template-page content  av-content-small alpha units'><div class='post-entry post-entry-type-page post-entry-5350'><div class='entry-content-wrapper clearfix'>\n\n<style type=\"text\/css\" data-created_by=\"avia_inline_auto\" id=\"style-css-av-1g5aou-6e8505d9de1136ce38f66b0d0e5d2a36\">\n.flex_column.av-1g5aou-6e8505d9de1136ce38f66b0d0e5d2a36{\nborder-radius:0px 0px 0px 0px;\npadding:0px 0px 0px 0px;\n}\n<\/style>\n<div  class='flex_column av-1g5aou-6e8505d9de1136ce38f66b0d0e5d2a36 av_one_full  avia-builder-el-25  avia-builder-el-no-sibling  first flex_column_div av-zero-column-padding  '     ><section  class='av_textblock_section av-jt5tjyk0-005b7b9db978b702a721a131f71d3f78 '   itemscope=\"itemscope\" itemtype=\"https:\/\/schema.org\/BlogPosting\" itemprop=\"blogPost\" ><div class='avia_textblock'  itemprop=\"text\" ><h3>3.) Burg: Hier ist immer was los<\/h3>\n<p>Burg ist der gr\u00f6\u00dfte Stadtteil der Stadt Fehmarn, die sich \u00fcber die komplette Insel erstreckt. Ein Besuch lohnt sich nicht nur wegen kulturellen Einrichtungen wie der Galileo Wissenswelt und dem Meereszentrum Fehmarn. Vielmehr \u00fcberzeugt das lebendige Zentrum Fehmarns auch mit einem sehr sehenswerten Stadtbild. Spazieren Sie die schmalen, kopfsteingepflasterten Gassen entlang und bestaunen Sie herausgeputzte Fachwerkh\u00e4user, imposante Kirchen und eindrucksvolle Bauten wie das Jugendstil-Rathaus.<\/p>\n<\/div><\/section><\/div>\n\n<\/div><\/div><\/div><!-- close content main div --><\/div><\/div><div id='av_section_10'  class='avia-section av-b7gvl-1eb57de5f7b7a94c40602e8cf977ebb0 main_color avia-section-default avia-no-border-styling  avia-builder-el-27  el_after_av_section  el_before_av_textblock  reduced-content avia-bg-style-scroll container_wrap sidebar_right'  ><div class='container av-section-cont-open' ><div class='template-page content  av-content-small alpha units'><div class='post-entry post-entry-type-page post-entry-5350'><div class='entry-content-wrapper clearfix'>\n\n<style type=\"text\/css\" data-created_by=\"avia_inline_auto\" id=\"style-css-av-jtplvt5k-71b4e449142e80e80eb9b655c9325a52\">\n.avia-image-container.av-jtplvt5k-71b4e449142e80e80eb9b655c9325a52 img.avia_image{\nbox-shadow:none;\n}\n.avia-image-container.av-jtplvt5k-71b4e449142e80e80eb9b655c9325a52 .av-caption-image-overlay-bg{\nopacity:0.4;\nbackground-color:#000000;\n}\n.avia-image-container.av-jtplvt5k-71b4e449142e80e80eb9b655c9325a52 .av-image-caption-overlay-center{\ncolor:#ffffff;\n}\n<\/style>\n<div  class='avia-image-container av-jtplvt5k-71b4e449142e80e80eb9b655c9325a52 av-styling- av-img-linked avia_animated_image av-animated-when-visible-95 fade-in avia-align-center  avia-builder-el-28  el_before_av_hr  avia-builder-el-first  noHover av-overlay-on-hover'   itemprop=\"image\" itemscope=\"itemscope\" itemtype=\"https:\/\/schema.org\/ImageObject\" ><div class=\"avia-image-container-inner\"><div class=\"avia-image-overlay-wrap\"><a href=\"https:\/\/www.tuicamper.com\/wp-docker\/wp-content\/uploads\/2020\/01\/fehmarn_burg-1030x579.jpg\" data-srcset=\"https:\/\/www.tuicamper.com\/wp-docker\/wp-content\/uploads\/2020\/01\/fehmarn_burg-1030x579.jpg 1030w, https:\/\/www.tuicamper.com\/wp-docker\/wp-content\/uploads\/2020\/01\/fehmarn_burg-300x169.jpg 300w, https:\/\/www.tuicamper.com\/wp-docker\/wp-content\/uploads\/2020\/01\/fehmarn_burg-768x432.jpg 768w, https:\/\/www.tuicamper.com\/wp-docker\/wp-content\/uploads\/2020\/01\/fehmarn_burg-705x397.jpg 705w, https:\/\/www.tuicamper.com\/wp-docker\/wp-content\/uploads\/2020\/01\/fehmarn_burg.jpg 1280w\" data-sizes=\"(max-width: 1030px) 100vw, 1030px\" class='avia_image '  aria-label='Fehmarn Burg'><div class=\"av-image-caption-overlay\"><div class=\"av-caption-image-overlay-bg\"><\/div><div class=\"av-image-caption-overlay-position\"><div class=\"av-image-caption-overlay-center\"><p>Burg auf Fehmarn<\/p>\n<\/div><\/div><\/div><img decoding=\"async\" fetchpriority=\"high\" class='wp-image-5353 avia-img-lazy-loading-not-5353 avia_image ' src=\"https:\/\/www.tuicamper.com\/wp-docker\/wp-content\/uploads\/2020\/01\/fehmarn_burg-1280x630.jpg\" alt='' title='Fehmarn Burg'  height=\"630\" width=\"1280\"  itemprop=\"thumbnailUrl\"  \/><\/a><\/div><\/div><\/div>\n\n<style type=\"text\/css\" data-created_by=\"avia_inline_auto\" id=\"style-css-av-jwj918c3-315e0fede61d05e0c478b80905e3cec5\">\n#top .hr.hr-invisible.av-jwj918c3-315e0fede61d05e0c478b80905e3cec5{\nheight:25px;\n}\n<\/style>\n<div  class='hr av-jwj918c3-315e0fede61d05e0c478b80905e3cec5 hr-invisible  avia-builder-el-29  el_after_av_image  avia-builder-el-last '><span class='hr-inner '><span class=\"hr-inner-style\"><\/span><\/span><\/div>\n<\/div><\/div><\/div><!-- close content main div --><\/div><\/div><div id='after_section_10'  class='main_color av_default_container_wrap container_wrap sidebar_right'  ><div class='container av-section-cont-open' ><div class='template-page content  av-content-small alpha units'><div class='post-entry post-entry-type-page post-entry-5350'><div class='entry-content-wrapper clearfix'>\n<section  class='av_textblock_section av-jtpqpty6-58a7e9c9b3be291e3d438830309406d7 '   itemscope=\"itemscope\" itemtype=\"https:\/\/schema.org\/BlogPosting\" itemprop=\"blogPost\" ><div class='avia_textblock'  itemprop=\"text\" ><div id=\"breaker_element_shortcode\" class=\"postbox \">\n<div class=\"inside\">\n\r\n<div style=\"clear: both;\"><\/div>\r\n<div class=\"post-breaker-item breaker-type-default\">\r\n    <div class=\"post-breaker-item-inner\">\r\n                    \n<style type=\"text\/css\" data-created_by=\"avia_inline_auto\" id=\"style-css-av-jtpksizx-4b352f2a2752c01e58a4c67632af1aa6\">\n#top .av_textblock_section.av-jtpksizx-4b352f2a2752c01e58a4c67632af1aa6 .avia_textblock{\nfont-size:28px;\n}\n<\/style>\n<section  class='av_textblock_section av-jtpksizx-4b352f2a2752c01e58a4c67632af1aa6 '   itemscope=\"itemscope\" itemtype=\"https:\/\/schema.org\/BlogPosting\" itemprop=\"blogPost\" ><div class='avia_textblock'  itemprop=\"text\" ><p><strong>\u2013 Lesen Sie auch \u2013<\/strong><\/p>\n<\/div><\/section>\n\n<style type=\"text\/css\" data-created_by=\"avia_inline_auto\" id=\"style-css-av-ehyb5-42286bbb62f5c947921c50b729609f1d\">\n.flex_column.av-ehyb5-42286bbb62f5c947921c50b729609f1d{\nborder-radius:0px 0px 0px 0px;\npadding:0px 0px 0px 0px;\n}\n<\/style>\n<div  class='flex_column av-ehyb5-42286bbb62f5c947921c50b729609f1d av_one_third first flex_column_div av-zero-column-padding  '     ><p>\n<style type=\"text\/css\" data-created_by=\"avia_inline_auto\" id=\"style-css-av-jt75ko0n-41eff700c0bab3736f809dc0fe5be0c0\">\n.avia-image-container.av-jt75ko0n-41eff700c0bab3736f809dc0fe5be0c0 img.avia_image{\nbox-shadow:none;\n}\n.avia-image-container.av-jt75ko0n-41eff700c0bab3736f809dc0fe5be0c0 .av-image-caption-overlay-center{\ncolor:#ffffff;\n}\n<\/style>\n<div  class='avia-image-container av-jt75ko0n-41eff700c0bab3736f809dc0fe5be0c0 av-styling-no-styling av-hover-grow av-hide-overflow av-img-linked avia_animated_image av-animated-when-visible-95 fade-in avia-align-left'   itemprop=\"image\" itemscope=\"itemscope\" itemtype=\"https:\/\/schema.org\/ImageObject\" ><div class=\"avia-image-container-inner\"><div class=\"avia-image-overlay-wrap\"><a href=\"https:\/\/www.tuicamper.com\/magazin\/allgaeu-urlaub-mit-dem-wohnmobil\/\" class='avia_image '  aria-label='Allg\u00e4u Urlaub'><img decoding=\"async\" fetchpriority=\"high\" class='wp-image-570 avia-img-lazy-loading-not-570 avia_image ' src=\"https:\/\/www.tuicamper.com\/wp-docker\/wp-content\/uploads\/2019\/03\/allgaeu-urlaub-teaser.jpg\" alt='Allg\u00e4u Urlaub' title='Allg\u00e4u Urlaub'  height=\"200\" width=\"350\"  itemprop=\"thumbnailUrl\" srcset=\"https:\/\/www.tuicamper.com\/wp-docker\/wp-content\/uploads\/2019\/03\/allgaeu-urlaub-teaser.jpg 350w, https:\/\/www.tuicamper.com\/wp-docker\/wp-content\/uploads\/2019\/03\/allgaeu-urlaub-teaser-300x171.jpg 300w\" sizes=\"(max-width: 350px) 100vw, 350px\" \/><\/a><\/div><\/div><\/div><br \/>\n<section  class='av_textblock_section av-jt75lbqb-bba29013bb6610b0762c56b6a5ae7819 '   itemscope=\"itemscope\" itemtype=\"https:\/\/schema.org\/BlogPosting\" itemprop=\"blogPost\" ><div class='avia_textblock'  itemprop=\"text\" ><p style=\"text-align: left;\"><strong><a href=\"https:\/\/www.tuicamper.com\/magazin\/allgaeu-urlaub-mit-dem-wohnmobil\/\">Allg\u00e4u-Urlaub mit dem Wohnmobil: Highlights, Camping &amp; Ausflugstipps<\/a><\/strong><\/p>\n<\/div><\/section><\/p><\/div>\n<style type=\"text\/css\" data-created_by=\"avia_inline_auto\" id=\"style-css-av-7tzf5-0c74ac4f5c6d3099336654f757cbc09f\">\n.flex_column.av-7tzf5-0c74ac4f5c6d3099336654f757cbc09f{\nborder-radius:0px 0px 0px 0px;\npadding:0px 0px 0px 0px;\n}\n<\/style>\n<div  class='flex_column av-7tzf5-0c74ac4f5c6d3099336654f757cbc09f av_one_third flex_column_div av-zero-column-padding  '     ><p>\n<style type=\"text\/css\" data-created_by=\"avia_inline_auto\" id=\"style-css-av-jt75ko0n-33d46222b32d30ed81488416f5769621\">\n.avia-image-container.av-jt75ko0n-33d46222b32d30ed81488416f5769621 img.avia_image{\nbox-shadow:none;\n}\n.avia-image-container.av-jt75ko0n-33d46222b32d30ed81488416f5769621 .av-image-caption-overlay-center{\ncolor:#ffffff;\n}\n<\/style>\n<div  class='avia-image-container av-jt75ko0n-33d46222b32d30ed81488416f5769621 av-styling-no-styling av-hover-grow av-hide-overflow av-img-linked avia_animated_image av-animated-when-visible-95 fade-in avia-align-left'   itemprop=\"image\" itemscope=\"itemscope\" itemtype=\"https:\/\/schema.org\/ImageObject\" ><div class=\"avia-image-container-inner\"><div class=\"avia-image-overlay-wrap\"><a href=\"https:\/\/www.tuicamper.com\/magazin\/wohnmobil-chiemsee\/\" class='avia_image '  aria-label='Wohnmobil Chiemsee'><img decoding=\"async\" fetchpriority=\"high\" class='wp-image-747 avia-img-lazy-loading-not-747 avia_image ' src=\"https:\/\/www.tuicamper.com\/wp-docker\/wp-content\/uploads\/2019\/04\/wohnmobil-chiemsee-teaser.jpg\" alt='Wohnmobil Chiemsee' title='Wohnmobil Chiemsee'  height=\"200\" width=\"350\"  itemprop=\"thumbnailUrl\" srcset=\"https:\/\/www.tuicamper.com\/wp-docker\/wp-content\/uploads\/2019\/04\/wohnmobil-chiemsee-teaser.jpg 350w, https:\/\/www.tuicamper.com\/wp-docker\/wp-content\/uploads\/2019\/04\/wohnmobil-chiemsee-teaser-300x171.jpg 300w\" sizes=\"(max-width: 350px) 100vw, 350px\" \/><\/a><\/div><\/div><\/div><br \/>\n<section  class='av_textblock_section av-jt75lbqb-bba29013bb6610b0762c56b6a5ae7819 '   itemscope=\"itemscope\" itemtype=\"https:\/\/schema.org\/BlogPosting\" itemprop=\"blogPost\" ><div class='avia_textblock'  itemprop=\"text\" ><p style=\"text-align: left;\"><a href=\"https:\/\/www.tuicamper.com\/magazin\/wohnmobil-chiemsee\/\"><strong>Wohnmobil-Urlaub am Chiemsee \u2013 Camping, Highlights &amp; Ausfl\u00fcge<\/strong><\/a><\/p>\n<\/div><\/section><\/p><\/div>\n<style type=\"text\/css\" data-created_by=\"avia_inline_auto\" id=\"style-css-av-7tzf5-0c74ac4f5c6d3099336654f757cbc09f\">\n.flex_column.av-7tzf5-0c74ac4f5c6d3099336654f757cbc09f{\nborder-radius:0px 0px 0px 0px;\npadding:0px 0px 0px 0px;\n}\n<\/style>\n<div  class='flex_column av-7tzf5-0c74ac4f5c6d3099336654f757cbc09f av_one_third flex_column_div av-zero-column-padding  '     ><p>\n<style type=\"text\/css\" data-created_by=\"avia_inline_auto\" id=\"style-css-av-jt75ko0n-789a284cee69e08c8b03dfa3ef7ffaf3\">\n.avia-image-container.av-jt75ko0n-789a284cee69e08c8b03dfa3ef7ffaf3 img.avia_image{\nbox-shadow:none;\n}\n.avia-image-container.av-jt75ko0n-789a284cee69e08c8b03dfa3ef7ffaf3 .av-image-caption-overlay-center{\ncolor:#ffffff;\n}\n<\/style>\n<div  class='avia-image-container av-jt75ko0n-789a284cee69e08c8b03dfa3ef7ffaf3 av-styling-no-styling av-hover-grow av-hide-overflow av-img-linked avia_animated_image av-animated-when-visible-95 fade-in avia-align-left'   itemprop=\"image\" itemscope=\"itemscope\" itemtype=\"https:\/\/schema.org\/ImageObject\" ><div class=\"avia-image-container-inner\"><div class=\"avia-image-overlay-wrap\"><a href=\"https:\/\/www.tuicamper.com\/magazin\/wohnmobil-bodensee\/\" class='avia_image '  aria-label='Wohnmobil Bodensee'><img decoding=\"async\" fetchpriority=\"high\" class='wp-image-719 avia-img-lazy-loading-not-719 avia_image ' src=\"https:\/\/www.tuicamper.com\/wp-docker\/wp-content\/uploads\/2019\/04\/wohnmobil-bodensee-teaser.jpg\" alt='Wohnmobil Bodensee' title='Wohnmobil Bodensee'  height=\"200\" width=\"350\"  itemprop=\"thumbnailUrl\" srcset=\"https:\/\/www.tuicamper.com\/wp-docker\/wp-content\/uploads\/2019\/04\/wohnmobil-bodensee-teaser.jpg 350w, https:\/\/www.tuicamper.com\/wp-docker\/wp-content\/uploads\/2019\/04\/wohnmobil-bodensee-teaser-300x171.jpg 300w\" sizes=\"(max-width: 350px) 100vw, 350px\" \/><\/a><\/div><\/div><\/div><br \/>\n<section  class='av_textblock_section av-jt75lbqb-bba29013bb6610b0762c56b6a5ae7819 '   itemscope=\"itemscope\" itemtype=\"https:\/\/schema.org\/BlogPosting\" itemprop=\"blogPost\" ><div class='avia_textblock'  itemprop=\"text\" ><p style=\"text-align: left;\"><a href=\"https:\/\/www.tuicamper.com\/magazin\/wohnmobil-chiemsee\/\"><strong>Wohnmobil Bodensee \u2013 Highlights, Ausfl\u00fcge &amp; die besten Stellpl\u00e4tze<\/strong><\/a><\/p>\n<\/div><\/section><\/p><\/div><\/p>\n            <div style=\"clear: both;\"><\/div>\r\n            <\/div>\r\n<\/div>\r\n\n<\/div>\n<\/div>\n<\/div><\/section>\n<\/div><\/div><\/div><!-- close content main div --><\/div><\/div><div id='av_section_11'  class='avia-section av-jt5vrdgv-4386718e65b314e69682ca60ae604601 main_color avia-section-default avia-no-border-styling  avia-builder-el-31  el_after_av_textblock  el_before_av_section  reduced-content avia-bg-style-scroll container_wrap sidebar_right'  ><div class='container av-section-cont-open' ><div class='template-page content  av-content-small alpha units'><div class='post-entry post-entry-type-page post-entry-5350'><div class='entry-content-wrapper clearfix'>\n\n<style type=\"text\/css\" data-created_by=\"avia_inline_auto\" id=\"style-css-av-1g5aou-6e8505d9de1136ce38f66b0d0e5d2a36\">\n.flex_column.av-1g5aou-6e8505d9de1136ce38f66b0d0e5d2a36{\nborder-radius:0px 0px 0px 0px;\npadding:0px 0px 0px 0px;\n}\n<\/style>\n<div  class='flex_column av-1g5aou-6e8505d9de1136ce38f66b0d0e5d2a36 av_one_full  avia-builder-el-32  avia-builder-el-no-sibling  first flex_column_div av-zero-column-padding  '     ><section  class='av_textblock_section av-jt5tjyk0-005b7b9db978b702a721a131f71d3f78 '   itemscope=\"itemscope\" itemtype=\"https:\/\/schema.org\/BlogPosting\" itemprop=\"blogPost\" ><div class='avia_textblock'  itemprop=\"text\" ><h3>4.) S\u00fcdstrand \u2013 Willkommen an der deutschen Costa del Sol<\/h3>\n<p>Mitunter wird Fehmarn auch als deutsche Costa del Sol bezeichnet. Warum, erschlie\u00dft sich sp\u00e4testens am S\u00fcdstrand. Der kilometerlange Sandstrand bei Burgtiefe steht insbesondere bei Familien hoch im Kurs. Immerhin f\u00e4llt er flach ins Meer ab und ist damit auch f\u00fcr Kinder optimal zum Baden geeignet. Mietbare Strandk\u00f6rbe, Caf\u00e9s und Strandbars tun ihr \u00fcbriges dazu, dass sich Camper hier rundum entspannen k\u00f6nnen. Einziger Wermutstropfen: Die drei gigantischen Hochh\u00e4user eines Ferienzentrums aus den sp\u00e4ten Sechzigern, die gemeinhin als gr\u00f6\u00dfte Baus\u00fcnder der gesamten Insel angesehen werden. Wer bei einem Cocktail im Strandkorb entspannt und dem sanften Rauschen des Meeres lauscht, wird aber ohnehin kaum Notiz von den Betonkl\u00f6tzen nehmen.<\/p>\n<\/div><\/section><\/div>\n\n<\/div><\/div><\/div><!-- close content main div --><\/div><\/div><div id='av_section_12'  class='avia-section av-b7gvl-1eb57de5f7b7a94c40602e8cf977ebb0 main_color avia-section-default avia-no-border-styling  avia-builder-el-34  el_after_av_section  el_before_av_section  reduced-content avia-bg-style-scroll container_wrap sidebar_right'  ><div class='container av-section-cont-open' ><div class='template-page content  av-content-small alpha units'><div class='post-entry post-entry-type-page post-entry-5350'><div class='entry-content-wrapper clearfix'>\n\n<style type=\"text\/css\" data-created_by=\"avia_inline_auto\" id=\"style-css-av-jtplvt5k-49a01d855758272388b5c232bd00f848\">\n.avia-image-container.av-jtplvt5k-49a01d855758272388b5c232bd00f848 img.avia_image{\nbox-shadow:none;\n}\n.avia-image-container.av-jtplvt5k-49a01d855758272388b5c232bd00f848 .av-caption-image-overlay-bg{\nopacity:0.4;\nbackground-color:#000000;\n}\n.avia-image-container.av-jtplvt5k-49a01d855758272388b5c232bd00f848 .av-image-caption-overlay-center{\ncolor:#ffffff;\n}\n<\/style>\n<div  class='avia-image-container av-jtplvt5k-49a01d855758272388b5c232bd00f848 av-styling- av-img-linked avia_animated_image av-animated-when-visible-95 fade-in avia-align-center  avia-builder-el-35  el_before_av_hr  avia-builder-el-first  noHover av-overlay-on-hover'   itemprop=\"image\" itemscope=\"itemscope\" itemtype=\"https:\/\/schema.org\/ImageObject\" ><div class=\"avia-image-container-inner\"><div class=\"avia-image-overlay-wrap\"><a href=\"https:\/\/www.tuicamper.com\/wp-docker\/wp-content\/uploads\/2020\/01\/fehmarn_strand-1030x690.jpg\" data-srcset=\"https:\/\/www.tuicamper.com\/wp-docker\/wp-content\/uploads\/2020\/01\/fehmarn_strand-1030x690.jpg 1030w, https:\/\/www.tuicamper.com\/wp-docker\/wp-content\/uploads\/2020\/01\/fehmarn_strand-300x201.jpg 300w, https:\/\/www.tuicamper.com\/wp-docker\/wp-content\/uploads\/2020\/01\/fehmarn_strand-768x514.jpg 768w, https:\/\/www.tuicamper.com\/wp-docker\/wp-content\/uploads\/2020\/01\/fehmarn_strand-705x472.jpg 705w, https:\/\/www.tuicamper.com\/wp-docker\/wp-content\/uploads\/2020\/01\/fehmarn_strand.jpg 1280w\" data-sizes=\"(max-width: 1030px) 100vw, 1030px\" class='avia_image '  aria-label='Fehmarn Strand'><div class=\"av-image-caption-overlay\"><div class=\"av-caption-image-overlay-bg\"><\/div><div class=\"av-image-caption-overlay-position\"><div class=\"av-image-caption-overlay-center\"><p>Dem idyllischen Strand entlang<\/p>\n<\/div><\/div><\/div><img decoding=\"async\" fetchpriority=\"high\" class='wp-image-5354 avia-img-lazy-loading-not-5354 avia_image ' src=\"https:\/\/www.tuicamper.com\/wp-docker\/wp-content\/uploads\/2020\/01\/fehmarn_strand-1280x630.jpg\" alt='Fehmarn Strand' title='Fehmarn Strand'  height=\"630\" width=\"1280\"  itemprop=\"thumbnailUrl\"  \/><\/a><\/div><\/div><\/div>\n\n<style type=\"text\/css\" data-created_by=\"avia_inline_auto\" id=\"style-css-av-jwj918c3-315e0fede61d05e0c478b80905e3cec5\">\n#top .hr.hr-invisible.av-jwj918c3-315e0fede61d05e0c478b80905e3cec5{\nheight:25px;\n}\n<\/style>\n<div  class='hr av-jwj918c3-315e0fede61d05e0c478b80905e3cec5 hr-invisible  avia-builder-el-36  el_after_av_image  avia-builder-el-last '><span class='hr-inner '><span class=\"hr-inner-style\"><\/span><\/span><\/div>\n\n<\/div><\/div><\/div><!-- close content main div --><\/div><\/div><div id='av_section_13'  class='avia-section av-jt5vrdgv-4386718e65b314e69682ca60ae604601 main_color avia-section-default avia-no-border-styling  avia-builder-el-37  el_after_av_section  el_before_av_section  reduced-content avia-bg-style-scroll container_wrap sidebar_right'  ><div class='container av-section-cont-open' ><div class='template-page content  av-content-small alpha units'><div class='post-entry post-entry-type-page post-entry-5350'><div class='entry-content-wrapper clearfix'>\n\n<style type=\"text\/css\" data-created_by=\"avia_inline_auto\" id=\"style-css-av-1g5aou-6e8505d9de1136ce38f66b0d0e5d2a36\">\n.flex_column.av-1g5aou-6e8505d9de1136ce38f66b0d0e5d2a36{\nborder-radius:0px 0px 0px 0px;\npadding:0px 0px 0px 0px;\n}\n<\/style>\n<div  class='flex_column av-1g5aou-6e8505d9de1136ce38f66b0d0e5d2a36 av_one_full  avia-builder-el-38  avia-builder-el-no-sibling  first flex_column_div av-zero-column-padding  '     ><section  class='av_textblock_section av-jt5tjyk0-005b7b9db978b702a721a131f71d3f78 '   itemscope=\"itemscope\" itemtype=\"https:\/\/schema.org\/BlogPosting\" itemprop=\"blogPost\" ><div class='avia_textblock'  itemprop=\"text\" ><h3>5.) Wasservogelreservat Wallnau \u2013 Eldorado f\u00fcr Vogelliebhaber<\/h3>\n<p>Selbstverst\u00e4ndlich kommen im Wohnmobil-Urlaub auf Fehmarn auch Naturfreunde voll auf ihre Kosten. Beispielsweise im Wasservogelreservat Wallnau. Das Naturparadies bietet rund 170 Vogelarten einen nat\u00fcrlichen R\u00fcckzugsort und kann im Rahmen eines Naturerlebnispfades ausgiebig erkundet werden. Mitarbeiter des Reservats f\u00fchren Sie durch das weitl\u00e4ufige Gel\u00e4nde \u2013 und machen Sie mit Kiebitzen, S\u00e4belschn\u00e4blern und Co. bekannt. Praktisch: Im NABU-Caf\u00e9 k\u00f6nnen Sie sich nach der erlebnisreichen Tour mit leckeren Biogerichten und erfrischenden Getr\u00e4nken st\u00e4rken.<\/p>\n<p><strong>Tipp<\/strong>: Besuchen Sie das an der Westk\u00fcste gelegene Wasservogelreservat zwischen Mitte April und Mitte Mai werden Sie Zeuge, wie riesige Zugvogelschw\u00e4rme zur Balz eintreffen.<\/p>\n<\/div><\/section><\/div>\n\n<\/div><\/div><\/div><!-- close content main div --><\/div><\/div><div id='av_section_14'  class='avia-section av-b7gvl-1eb57de5f7b7a94c40602e8cf977ebb0 main_color avia-section-default avia-no-border-styling  avia-builder-el-40  el_after_av_section  el_before_av_section  reduced-content avia-bg-style-scroll container_wrap sidebar_right'  ><div class='container av-section-cont-open' ><div class='template-page content  av-content-small alpha units'><div class='post-entry post-entry-type-page post-entry-5350'><div class='entry-content-wrapper clearfix'>\n\n<style type=\"text\/css\" data-created_by=\"avia_inline_auto\" id=\"style-css-av-jtplvt5k-ae36ddbad7abb5e37fe2e265783ee1ac\">\n.avia-image-container.av-jtplvt5k-ae36ddbad7abb5e37fe2e265783ee1ac img.avia_image{\nbox-shadow:none;\n}\n.avia-image-container.av-jtplvt5k-ae36ddbad7abb5e37fe2e265783ee1ac .av-caption-image-overlay-bg{\nopacity:0.4;\nbackground-color:#000000;\n}\n.avia-image-container.av-jtplvt5k-ae36ddbad7abb5e37fe2e265783ee1ac .av-image-caption-overlay-center{\ncolor:#ffffff;\n}\n<\/style>\n<div  class='avia-image-container av-jtplvt5k-ae36ddbad7abb5e37fe2e265783ee1ac av-styling- av-img-linked avia_animated_image av-animated-when-visible-95 fade-in avia-align-center  avia-builder-el-41  el_before_av_hr  avia-builder-el-first  noHover av-overlay-on-hover'   itemprop=\"image\" itemscope=\"itemscope\" itemtype=\"https:\/\/schema.org\/ImageObject\" ><div class=\"avia-image-container-inner\"><div class=\"avia-image-overlay-wrap\"><a href=\"https:\/\/www.tuicamper.com\/wp-docker\/wp-content\/uploads\/2020\/01\/wallnau_wasserreservat-1030x773.jpg\" data-srcset=\"https:\/\/www.tuicamper.com\/wp-docker\/wp-content\/uploads\/2020\/01\/wallnau_wasserreservat-1030x773.jpg 1030w, https:\/\/www.tuicamper.com\/wp-docker\/wp-content\/uploads\/2020\/01\/wallnau_wasserreservat-300x225.jpg 300w, https:\/\/www.tuicamper.com\/wp-docker\/wp-content\/uploads\/2020\/01\/wallnau_wasserreservat-768x576.jpg 768w, https:\/\/www.tuicamper.com\/wp-docker\/wp-content\/uploads\/2020\/01\/wallnau_wasserreservat-705x529.jpg 705w, https:\/\/www.tuicamper.com\/wp-docker\/wp-content\/uploads\/2020\/01\/wallnau_wasserreservat.jpg 1280w\" data-sizes=\"(max-width: 1030px) 100vw, 1030px\" class='avia_image '  aria-label='Wallnau Wasserreservat'><div class=\"av-image-caption-overlay\"><div class=\"av-caption-image-overlay-bg\"><\/div><div class=\"av-image-caption-overlay-position\"><div class=\"av-image-caption-overlay-center\"><p>Idylle in Wallnau<\/p>\n<\/div><\/div><\/div><img decoding=\"async\" fetchpriority=\"high\" class='wp-image-5356 avia-img-lazy-loading-not-5356 avia_image ' src=\"https:\/\/www.tuicamper.com\/wp-docker\/wp-content\/uploads\/2020\/01\/wallnau_wasserreservat-1280x630.jpg\" alt='Wasserreservat' title='Wallnau Wasserreservat'  height=\"630\" width=\"1280\"  itemprop=\"thumbnailUrl\"  \/><\/a><\/div><\/div><\/div>\n\n<style type=\"text\/css\" data-created_by=\"avia_inline_auto\" id=\"style-css-av-jwj918c3-315e0fede61d05e0c478b80905e3cec5\">\n#top .hr.hr-invisible.av-jwj918c3-315e0fede61d05e0c478b80905e3cec5{\nheight:25px;\n}\n<\/style>\n<div  class='hr av-jwj918c3-315e0fede61d05e0c478b80905e3cec5 hr-invisible  avia-builder-el-42  el_after_av_image  avia-builder-el-last '><span class='hr-inner '><span class=\"hr-inner-style\"><\/span><\/span><\/div>\n\n<\/div><\/div><\/div><!-- close content main div --><\/div><\/div><div id='av_section_15'  class='avia-section av-jt5vrdgv-4386718e65b314e69682ca60ae604601 main_color avia-section-default avia-no-border-styling  avia-builder-el-43  el_after_av_section  el_before_av_section  reduced-content avia-bg-style-scroll container_wrap sidebar_right'  ><div class='container av-section-cont-open' ><div class='template-page content  av-content-small alpha units'><div class='post-entry post-entry-type-page post-entry-5350'><div class='entry-content-wrapper clearfix'>\n\n<style type=\"text\/css\" data-created_by=\"avia_inline_auto\" id=\"style-css-av-1g5aou-6e8505d9de1136ce38f66b0d0e5d2a36\">\n.flex_column.av-1g5aou-6e8505d9de1136ce38f66b0d0e5d2a36{\nborder-radius:0px 0px 0px 0px;\npadding:0px 0px 0px 0px;\n}\n<\/style>\n<div  class='flex_column av-1g5aou-6e8505d9de1136ce38f66b0d0e5d2a36 av_one_full  avia-builder-el-44  avia-builder-el-no-sibling  first flex_column_div av-zero-column-padding  '     ><section  class='av_textblock_section av-jt5tjyk0-005b7b9db978b702a721a131f71d3f78 '   itemscope=\"itemscope\" itemtype=\"https:\/\/schema.org\/BlogPosting\" itemprop=\"blogPost\" ><div class='avia_textblock'  itemprop=\"text\" ><h2>Camping auf Fehmarn: Unsere Empfehlungen<\/h2>\n<p>Trotz seiner \u00fcberschaubaren Gr\u00f6\u00dfe bietet Fehmarn f\u00fcr Wohnmobil-Reisende ideale Bedingungen. Immerhin 16 Campingpl\u00e4tze befinden sich auf der Insel. Wir stellen Ihnen einige der empfehlenswertesten Stell- und Campingpl\u00e4tze vor:<\/p>\n<ul>\n<li><strong>Burg<\/strong>: Auf dem Parkplatz Osterstra\u00dfe am Markt k\u00f6nnen Sie Ihr Wohnmobil auch \u00fcber Nacht stehen lassen \u2013 und in aller Ruhe das quirlige Zentrum Fehmarns erkunden.<\/li>\n<li><strong>Camping S\u00fcdstrand<\/strong>: Sie m\u00f6chten einen Tag am wohl sch\u00f6nsten Strand Fehmarns verbringen? Dann bietet sich Camping-S\u00fcdstrand an. Der Campingplatz punktet obendrein mit seinem gro\u00dfen Freizeitgel\u00e4nde, das unter anderem einen Naturspielplatz, eine Fu\u00dfballwiese und einen Hochseilgarten umfasst.<\/li>\n<li><strong>Strukkamphuk<\/strong>: Im S\u00fcdwesten befindet sich mit Camping Strukkamphuk einer der gr\u00f6\u00dften und sch\u00f6nsten Campingpl\u00e4tze Fehmarns. Hier genie\u00dfen Sie nicht nur einen traumhaften Blick auf das Meer, sondern k\u00f6nnen auch die imposante Silhouette der Fehmarnsundbr\u00fccke bewundern.<\/li>\n<li><strong>Strandcamping-Wallnau<\/strong>: In unmittelbarer N\u00e4he zum NABU Wasservogelreservat befindet sich Strandcamping Wallnau. Der saubere Campingplatz verf\u00fcgt \u00fcber gro\u00dfe Stellpl\u00e4tze und liegt \u2013 der Name verr\u00e4t es \u2013 direkt an einem sch\u00f6nen Naturstrand.<\/li>\n<\/ul>\n<\/div><\/section><\/div>\n\n<\/div><\/div><\/div><!-- close content main div --><\/div><\/div><div id='av_section_16'  class='avia-section av-b7gvl-1eb57de5f7b7a94c40602e8cf977ebb0 main_color avia-section-default avia-no-border-styling  avia-builder-el-46  el_after_av_section  el_before_av_section  reduced-content avia-bg-style-scroll container_wrap sidebar_right'  ><div class='container av-section-cont-open' ><div class='template-page content  av-content-small alpha units'><div class='post-entry post-entry-type-page post-entry-5350'><div class='entry-content-wrapper clearfix'>\n\n<style type=\"text\/css\" data-created_by=\"avia_inline_auto\" id=\"style-css-av-jtplvt5k-17b1383bdced911a606751fc1b0b304c\">\n.avia-image-container.av-jtplvt5k-17b1383bdced911a606751fc1b0b304c img.avia_image{\nbox-shadow:none;\n}\n.avia-image-container.av-jtplvt5k-17b1383bdced911a606751fc1b0b304c .av-caption-image-overlay-bg{\nopacity:0.4;\nbackground-color:#000000;\n}\n.avia-image-container.av-jtplvt5k-17b1383bdced911a606751fc1b0b304c .av-image-caption-overlay-center{\ncolor:#ffffff;\n}\n<\/style>\n<div  class='avia-image-container av-jtplvt5k-17b1383bdced911a606751fc1b0b304c av-styling- av-img-linked avia_animated_image av-animated-when-visible-95 fade-in avia-align-center  avia-builder-el-47  el_before_av_hr  avia-builder-el-first  noHover av-overlay-on-hover'   itemprop=\"image\" itemscope=\"itemscope\" itemtype=\"https:\/\/schema.org\/ImageObject\" ><div class=\"avia-image-container-inner\"><div class=\"avia-image-overlay-wrap\"><a href=\"https:\/\/www.tuicamper.com\/wp-docker\/wp-content\/uploads\/2020\/01\/camping-1030x685.jpg\" data-srcset=\"https:\/\/www.tuicamper.com\/wp-docker\/wp-content\/uploads\/2020\/01\/camping-1030x685.jpg 1030w, https:\/\/www.tuicamper.com\/wp-docker\/wp-content\/uploads\/2020\/01\/camping-300x199.jpg 300w, https:\/\/www.tuicamper.com\/wp-docker\/wp-content\/uploads\/2020\/01\/camping-768x511.jpg 768w, https:\/\/www.tuicamper.com\/wp-docker\/wp-content\/uploads\/2020\/01\/camping-705x469.jpg 705w, https:\/\/www.tuicamper.com\/wp-docker\/wp-content\/uploads\/2020\/01\/camping.jpg 1280w\" data-sizes=\"(max-width: 1030px) 100vw, 1030px\" class='avia_image '  aria-label='Lagerfeuer am Strand'><div class=\"av-image-caption-overlay\"><div class=\"av-caption-image-overlay-bg\"><\/div><div class=\"av-image-caption-overlay-position\"><div class=\"av-image-caption-overlay-center\"><p>Lagerfeuer am Strand<\/p>\n<\/div><\/div><\/div><img decoding=\"async\" fetchpriority=\"high\" class='wp-image-5357 avia-img-lazy-loading-not-5357 avia_image ' src=\"https:\/\/www.tuicamper.com\/wp-docker\/wp-content\/uploads\/2020\/01\/camping-1280x630.jpg\" alt='Lagerfeuer am Strand' title='Lagerfeuer am Strand'  height=\"630\" width=\"1280\"  itemprop=\"thumbnailUrl\"  \/><\/a><\/div><\/div><\/div>\n\n<style type=\"text\/css\" data-created_by=\"avia_inline_auto\" id=\"style-css-av-jwj918c3-315e0fede61d05e0c478b80905e3cec5\">\n#top .hr.hr-invisible.av-jwj918c3-315e0fede61d05e0c478b80905e3cec5{\nheight:25px;\n}\n<\/style>\n<div  class='hr av-jwj918c3-315e0fede61d05e0c478b80905e3cec5 hr-invisible  avia-builder-el-48  el_after_av_image  avia-builder-el-last '><span class='hr-inner '><span class=\"hr-inner-style\"><\/span><\/span><\/div>\n\n<\/div><\/div><\/div><!-- close content main div --><\/div><\/div><div id='av_section_17'  class='avia-section av-jt5vrdgv-4386718e65b314e69682ca60ae604601 main_color avia-section-default avia-no-border-styling  avia-builder-el-49  el_after_av_section  el_before_av_social_share  reduced-content avia-bg-style-scroll container_wrap sidebar_right'  ><div class='container av-section-cont-open' ><div class='template-page content  av-content-small alpha units'><div class='post-entry post-entry-type-page post-entry-5350'><div class='entry-content-wrapper clearfix'>\n<div  class='avia-button-wrap av-ju2eusip-835d1ab8fdd045aebc3bdaa25c325e82-wrap avia-button-center  avia-builder-el-50  el_before_av_one_full  avia-builder-el-first '><a href='https:\/\/www.tuicamper.com\/reiseziele\/europa\/deutschland\/'  class='avia-button av-ju2eusip-835d1ab8fdd045aebc3bdaa25c325e82 av-link-btn avia-icon_select-yes-right-icon avia-size-large avia-position-center avia-color-theme-color'   aria-label=\"Jetzt Wohnmobil mieten f\u00fcr Deutschland\"><span class='avia_iconbox_title' >Jetzt Wohnmobil mieten f\u00fcr Deutschland<\/span><span class='avia_button_icon avia_button_icon_right avia-iconfont avia-font-entypo-fontello' data-av_icon='\ue875' data-av_iconfont='entypo-fontello' ><\/span><\/a><\/div>\n\n<style type=\"text\/css\" data-created_by=\"avia_inline_auto\" id=\"style-css-av-1g5aou-6e8505d9de1136ce38f66b0d0e5d2a36\">\n.flex_column.av-1g5aou-6e8505d9de1136ce38f66b0d0e5d2a36{\nborder-radius:0px 0px 0px 0px;\npadding:0px 0px 0px 0px;\n}\n<\/style>\n<div  class='flex_column av-1g5aou-6e8505d9de1136ce38f66b0d0e5d2a36 av_one_full  avia-builder-el-51  el_after_av_button  avia-builder-el-last  first flex_column_div av-zero-column-padding  '     ><style type=\"text\/css\" data-created_by=\"avia_inline_auto\" id=\"style-css-av-jt5tjyk0-c058b77acb2af43fe9af15466eb4a9bd\">\n#top .av_textblock_section.av-jt5tjyk0-c058b77acb2af43fe9af15466eb4a9bd .avia_textblock{\nfont-size:28px;\n}\n<\/style>\n<section  class='av_textblock_section av-jt5tjyk0-c058b77acb2af43fe9af15466eb4a9bd '   itemscope=\"itemscope\" itemtype=\"https:\/\/schema.org\/BlogPosting\" itemprop=\"blogPost\" ><div class='avia_textblock'  itemprop=\"text\" ><p><strong>Ihr TUI CAMPER-Team w\u00fcnscht Ihnen einen entspannten Wohnmobil-Urlaub auf Fehmarn!<\/strong><\/p>\n<\/div><\/section><\/div>\n<\/div><\/div><\/div><!-- close content main div --><\/div><\/div><div id='after_section_17'  class='main_color av_default_container_wrap container_wrap sidebar_right'  ><div class='container av-section-cont-open' ><div class='template-page content  av-content-small alpha units'><div class='post-entry post-entry-type-page post-entry-5350'><div class='entry-content-wrapper clearfix'>\n<div  class='av-social-sharing-box av-10zg8-8676a2d54b4a15bbf6c39a1c18f0815b av-social-sharing-box-default  avia-builder-el-53  el_after_av_section  avia-builder-el-no-sibling  av-social-sharing-box-fullwidth'><div class=\"av-share-box\"><ul class=\"av-share-box-list noLightbox\"><li class='av-share-link av-social-link-facebook avia_social_iconfont' ><a target=\"_blank\" aria-label=\"Teilen auf Facebook\" href='https:\/\/www.facebook.com\/sharer.php?u=https:\/\/www.tuicamper.com\/magazin\/wohnmobil-fehmarn\/&#038;t=Wohnmobil%20Fehmarn%3A%20Anreise%2C%20Stellpl%C3%A4tze%20%26%20Highlights' data-av_icon='\ue8f3' data-av_iconfont='entypo-fontello'  title='' data-avia-related-tooltip='Teilen auf Facebook'><span class='avia_hidden_link_text'>Teilen auf Facebook<\/span><\/a><\/li><li class='av-share-link av-social-link-twitter avia_social_iconfont' ><a target=\"_blank\" aria-label=\"Teilen auf X\" href='https:\/\/twitter.com\/share?text=Wohnmobil%20Fehmarn%3A%20Anreise%2C%20Stellpl%C3%A4tze%20%26%20Highlights&#038;url=https:\/\/www.tuicamper.com\/magazin\/wohnmobil-fehmarn\/' data-av_icon='\ue932' data-av_iconfont='entypo-fontello'  title='' data-avia-related-tooltip='Teilen auf X'><span class='avia_hidden_link_text'>Teilen auf X<\/span><\/a><\/li><li class='av-share-link av-social-link-whatsapp avia_social_iconfont' ><a target=\"_blank\" aria-label=\"Teilen auf WhatsApp\" href='https:\/\/api.whatsapp.com\/send?text=https:\/\/www.tuicamper.com\/magazin\/wohnmobil-fehmarn\/' data-av_icon='\uf232' data-av_iconfont='entypo-fontello'  title='' data-avia-related-tooltip='Teilen auf WhatsApp'><span class='avia_hidden_link_text'>Teilen auf WhatsApp<\/span><\/a><\/li><li class='av-share-link av-social-link-pinterest avia_social_iconfont' ><a target=\"_blank\" aria-label=\"Teilen auf Pinterest\" href='https:\/\/pinterest.com\/pin\/create\/button\/?url=https%3A%2F%2Fwww.tuicamper.com%2Fmagazin%2Fwohnmobil-fehmarn%2F&#038;description=Wohnmobil%20Fehmarn%3A%20Anreise%2C%20Stellpl%C3%A4tze%20%26%20Highlights&#038;media=https%3A%2F%2Fwww.tuicamper.com%2Fwp-docker%2Fwp-content%2Fuploads%2F2020%2F01%2Ffehmarn-705x269.jpg' data-av_icon='\ue8f8' data-av_iconfont='entypo-fontello'  title='' data-avia-related-tooltip='Teilen auf Pinterest'><span class='avia_hidden_link_text'>Teilen auf Pinterest<\/span><\/a><\/li><li class='av-share-link av-social-link-mail avia_social_iconfont' ><a  aria-label=\"Per E-Mail teilen\" href='mailto:?subject=Wohnmobil%20Fehmarn%3A%20Anreise%2C%20Stellpl%C3%A4tze%20%26%20Highlights&#038;body=https:\/\/www.tuicamper.com\/magazin\/wohnmobil-fehmarn\/' data-av_icon='\ue805' data-av_iconfont='entypo-fontello'  title='' data-avia-related-tooltip='Per E-Mail teilen'><span class='avia_hidden_link_text'>Per E-Mail teilen<\/span><\/a><\/li><\/ul><\/div><\/div>\n","protected":false},"excerpt":{"rendered":"<p>Sandstr\u00e4nde, kulturelle Highlights und Naturparadiese: Das und vieles mehr bietet Fehmarn. Lernen Sie mit uns das vielseitige Camper-Eldorado kennen!<\/p>\n","protected":false},"author":4,"featured_media":5362,"comment_status":"open","ping_status":"open","sticky":false,"template":"","format":"standard","meta":{"footnotes":""},"categories":[33],"tags":[28,50,43],"class_list":["post-5350","post","type-post","status-publish","format-standard","has-post-thumbnail","hentry","category-reisethema","tag-deutschland","tag-natur","tag-ruhestaendler"],"yoast_head":"<!-- This site is optimized with the Yoast SEO plugin v27.4 - https:\/\/yoast.com\/product\/yoast-seo-wordpress\/ -->\n<title>Wohnmobil Fehmarn: Anreise, Stellpl\u00e4tze &amp; Highlights - TUI Camper Magazin<\/title>\n<meta name=\"description\" content=\"Sandstr\u00e4nde, kulturelle Highlights und Naturparadiese: Das und vieles mehr bietet Fehmarn. Lernen Sie mit uns das vielseitige Camper-Eldorado kennen!\" \/>\n<meta name=\"robots\" content=\"index, follow, max-snippet:-1, max-image-preview:large, max-video-preview:-1\" \/>\n<link rel=\"canonical\" href=\"https:\/\/www.tuicamper.com\/magazin\/wohnmobil-fehmarn\/\" \/>\n<meta property=\"og:locale\" content=\"de_DE\" \/>\n<meta property=\"og:type\" content=\"article\" \/>\n<meta property=\"og:title\" content=\"Wohnmobil Fehmarn: Anreise, Stellpl\u00e4tze &amp; Highlights - TUI Camper Magazin\" \/>\n<meta property=\"og:description\" content=\"Sandstr\u00e4nde, kulturelle Highlights und Naturparadiese: Das und vieles mehr bietet Fehmarn. Lernen Sie mit uns das vielseitige Camper-Eldorado kennen!\" \/>\n<meta property=\"og:url\" content=\"https:\/\/www.tuicamper.com\/magazin\/wohnmobil-fehmarn\/\" \/>\n<meta property=\"og:site_name\" content=\"TUI Camper Magazin\" \/>\n<meta property=\"article:published_time\" content=\"2020-01-10T09:43:44+00:00\" \/>\n<meta property=\"article:modified_time\" content=\"2020-09-03T09:26:22+00:00\" \/>\n<meta property=\"og:image\" content=\"https:\/\/www.tuicamper.com\/wp-docker\/wp-content\/uploads\/2020\/01\/fehmarn.jpg\" \/>\n\t<meta property=\"og:image:width\" content=\"1310\" \/>\n\t<meta property=\"og:image:height\" content=\"500\" \/>\n\t<meta property=\"og:image:type\" content=\"image\/jpeg\" \/>\n<meta name=\"author\" content=\"Trang\" \/>\n<meta name=\"twitter:card\" content=\"summary_large_image\" \/>\n<meta name=\"twitter:label1\" content=\"Verfasst von\" \/>\n\t<meta name=\"twitter:data1\" content=\"Trang\" \/>\n\t<meta name=\"twitter:label2\" content=\"Gesch\u00e4tzte Lesezeit\" \/>\n\t<meta name=\"twitter:data2\" content=\"26\u00a0Minuten\" \/>\n<!-- \/ Yoast SEO plugin. -->","yoast_head_json":{"title":"Wohnmobil Fehmarn: Anreise, Stellpl\u00e4tze & Highlights - TUI Camper Magazin","description":"Sandstr\u00e4nde, kulturelle Highlights und Naturparadiese: Das und vieles mehr bietet Fehmarn. Lernen Sie mit uns das vielseitige Camper-Eldorado kennen!","robots":{"index":"index","follow":"follow","max-snippet":"max-snippet:-1","max-image-preview":"max-image-preview:large","max-video-preview":"max-video-preview:-1"},"canonical":"https:\/\/www.tuicamper.com\/magazin\/wohnmobil-fehmarn\/","og_locale":"de_DE","og_type":"article","og_title":"Wohnmobil Fehmarn: Anreise, Stellpl\u00e4tze & Highlights - TUI Camper Magazin","og_description":"Sandstr\u00e4nde, kulturelle Highlights und Naturparadiese: Das und vieles mehr bietet Fehmarn. Lernen Sie mit uns das vielseitige Camper-Eldorado kennen!","og_url":"https:\/\/www.tuicamper.com\/magazin\/wohnmobil-fehmarn\/","og_site_name":"TUI Camper Magazin","article_published_time":"2020-01-10T09:43:44+00:00","article_modified_time":"2020-09-03T09:26:22+00:00","og_image":[{"width":1310,"height":500,"url":"https:\/\/www.tuicamper.com\/wp-docker\/wp-content\/uploads\/2020\/01\/fehmarn.jpg","type":"image\/jpeg"}],"author":"Trang","twitter_card":"summary_large_image","twitter_misc":{"Verfasst von":"Trang","Gesch\u00e4tzte Lesezeit":"26\u00a0Minuten"},"schema":{"@context":"https:\/\/schema.org","@graph":[{"@type":"Article","@id":"https:\/\/www.tuicamper.com\/magazin\/wohnmobil-fehmarn\/#article","isPartOf":{"@id":"https:\/\/www.tuicamper.com\/magazin\/wohnmobil-fehmarn\/"},"author":{"name":"Trang","@id":"https:\/\/www.tuicamper.com\/wp-docker\/#\/schema\/person\/64621aaf52862d378f4e7a6961086fa3"},"headline":"Wohnmobil Fehmarn: Anreise, Stellpl\u00e4tze &#038; Highlights","datePublished":"2020-01-10T09:43:44+00:00","dateModified":"2020-09-03T09:26:22+00:00","mainEntityOfPage":{"@id":"https:\/\/www.tuicamper.com\/magazin\/wohnmobil-fehmarn\/"},"wordCount":4283,"commentCount":0,"image":{"@id":"https:\/\/www.tuicamper.com\/magazin\/wohnmobil-fehmarn\/#primaryimage"},"thumbnailUrl":"https:\/\/www.tuicamper.com\/wp-docker\/wp-content\/uploads\/2020\/01\/fehmarn.jpg","keywords":["Deutschland","Natur","Ruhest\u00e4ndler"],"articleSection":["Reisethema"],"inLanguage":"de","potentialAction":[{"@type":"CommentAction","name":"Comment","target":["https:\/\/www.tuicamper.com\/magazin\/wohnmobil-fehmarn\/#respond"]}]},{"@type":"WebPage","@id":"https:\/\/www.tuicamper.com\/magazin\/wohnmobil-fehmarn\/","url":"https:\/\/www.tuicamper.com\/magazin\/wohnmobil-fehmarn\/","name":"Wohnmobil Fehmarn: Anreise, Stellpl\u00e4tze & Highlights - TUI Camper Magazin","isPartOf":{"@id":"https:\/\/www.tuicamper.com\/#website"},"primaryImageOfPage":{"@id":"https:\/\/www.tuicamper.com\/magazin\/wohnmobil-fehmarn\/#primaryimage"},"image":{"@id":"https:\/\/www.tuicamper.com\/magazin\/wohnmobil-fehmarn\/#primaryimage"},"thumbnailUrl":"https:\/\/www.tuicamper.com\/wp-content\/uploads\/2020\/01\/fehmarn.jpg","datePublished":"2020-01-10T09:43:44+00:00","dateModified":"2020-09-03T09:26:22+00:00","author":{"@id":"https:\/\/www.tuicamper.com\/#\/schema\/person\/64621aaf52862d378f4e7a6961086fa3"},"description":"Sandstr\u00e4nde, kulturelle Highlights und Naturparadiese: Das und vieles mehr bietet Fehmarn. Lernen Sie mit uns das vielseitige Camper-Eldorado kennen!","breadcrumb":{"@id":"https:\/\/www.tuicamper.com\/magazin\/wohnmobil-fehmarn\/#breadcrumb"},"inLanguage":"de","potentialAction":["Array"]},{"@type":"ImageObject","inLanguage":"de","@id":"https:\/\/www.tuicamper.com\/magazin\/wohnmobil-fehmarn\/#primaryimage","url":"https:\/\/www.tuicamper.com\/wp-docker\/wp-content\/uploads\/2020\/01\/fehmarn.jpg","contentUrl":"https:\/\/www.tuicamper.com\/wp-docker\/wp-content\/uploads\/2020\/01\/fehmarn.jpg","width":1310,"height":500,"caption":"fehmarn"},{"@type":"BreadcrumbList","@id":"https:\/\/www.tuicamper.com\/magazin\/wohnmobil-fehmarn\/#breadcrumb","itemListElement":[{"@type":"ListItem","position":1,"name":"Startseite","item":"https:\/\/www.tuicamper.com\/wp-docker\/"},{"@type":"ListItem","position":2,"name":"Wohnmobil Fehmarn: Anreise, Stellpl\u00e4tze &#038; Highlights"}]},{"@type":"WebSite","@id":"https:\/\/www.tuicamper.com\/#website","url":"https:\/\/www.tuicamper.com\/","name":"TUI Camper Magazin","description":"","potentialAction":["Array"],"inLanguage":"de"},{"@type":"Person","@id":"https:\/\/www.tuicamper.com\/wp-docker\/#\/schema\/person\/64621aaf52862d378f4e7a6961086fa3","name":"Trang","image":{"@type":"ImageObject","inLanguage":"de","@id":"https:\/\/secure.gravatar.com\/avatar\/c946f00f16c232f8cdecfb386f553c12468182e6b4443fb0719b0ef4d8387620?s=96&d=mm&r=g","url":"https:\/\/secure.gravatar.com\/avatar\/c946f00f16c232f8cdecfb386f553c12468182e6b4443fb0719b0ef4d8387620?s=96&d=mm&r=g","contentUrl":"https:\/\/secure.gravatar.com\/avatar\/c946f00f16c232f8cdecfb386f553c12468182e6b4443fb0719b0ef4d8387620?s=96&d=mm&r=g","caption":"Trang"},"url":"https:\/\/www.tuicamper.com\/wp-docker\/magazin\/author\/trang\/"}]}},"_links":{"self":[{"href":"https:\/\/www.tuicamper.com\/wp-docker\/wp-json\/wp\/v2\/posts\/5350","targetHints":{"allow":["GET"]}}],"collection":[{"href":"https:\/\/www.tuicamper.com\/wp-docker\/wp-json\/wp\/v2\/posts"}],"about":[{"href":"https:\/\/www.tuicamper.com\/wp-docker\/wp-json\/wp\/v2\/types\/post"}],"author":[{"embeddable":true,"href":"https:\/\/www.tuicamper.com\/wp-docker\/wp-json\/wp\/v2\/users\/4"}],"replies":[{"embeddable":true,"href":"https:\/\/www.tuicamper.com\/wp-docker\/wp-json\/wp\/v2\/comments?post=5350"}],"version-history":[{"count":9,"href":"https:\/\/www.tuicamper.com\/wp-docker\/wp-json\/wp\/v2\/posts\/5350\/revisions"}],"predecessor-version":[{"id":5386,"href":"https:\/\/www.tuicamper.com\/wp-docker\/wp-json\/wp\/v2\/posts\/5350\/revisions\/5386"}],"wp:featuredmedia":[{"embeddable":true,"href":"https:\/\/www.tuicamper.com\/wp-docker\/wp-json\/wp\/v2\/media\/5362"}],"wp:attachment":[{"href":"https:\/\/www.tuicamper.com\/wp-docker\/wp-json\/wp\/v2\/media?parent=5350"}],"wp:term":[{"taxonomy":"category","embeddable":true,"href":"https:\/\/www.tuicamper.com\/wp-docker\/wp-json\/wp\/v2\/categories?post=5350"},{"taxonomy":"post_tag","embeddable":true,"href":"https:\/\/www.tuicamper.com\/wp-docker\/wp-json\/wp\/v2\/tags?post=5350"}],"curies":[{"name":"wp","href":"https:\/\/api.w.org\/{rel}","templated":true}]}}