{"id":5249,"date":"2019-12-19T13:34:28","date_gmt":"2019-12-19T12:34:28","guid":{"rendered":"https:\/\/www.tuicamper.com\/wp-docker\/?p=5249"},"modified":"2020-09-03T11:26:33","modified_gmt":"2020-09-03T09:26:33","slug":"wohnmobil-alpen","status":"publish","type":"post","link":"https:\/\/www.tuicamper.com\/magazin\/wohnmobil-alpen\/","title":{"rendered":"Mit dem Wohnmobil einmal quer durch die Alpen"},"content":{"rendered":"<div id='av_section_1'  class='avia-section av-jt5vrdgv-4386718e65b314e69682ca60ae604601 main_color avia-section-default avia-no-border-styling  avia-builder-el-0  el_before_av_textblock  avia-builder-el-first  reduced-content avia-bg-style-scroll container_wrap sidebar_right'  ><div class='container av-section-cont-open' ><main  role=\"main\" itemprop=\"mainContentOfPage\"  class='template-page content  av-content-small alpha units'><div class='post-entry post-entry-type-page post-entry-5249'><div class='entry-content-wrapper clearfix'>\n\n<style type=\"text\/css\" data-created_by=\"avia_inline_auto\" id=\"style-css-av-1g5aou-6e8505d9de1136ce38f66b0d0e5d2a36\">\n.flex_column.av-1g5aou-6e8505d9de1136ce38f66b0d0e5d2a36{\nborder-radius:0px 0px 0px 0px;\npadding:0px 0px 0px 0px;\n}\n<\/style>\n<div  class='flex_column av-1g5aou-6e8505d9de1136ce38f66b0d0e5d2a36 av_one_full  avia-builder-el-1  avia-builder-el-no-sibling  first flex_column_div av-zero-column-padding  '     ><section  class='av_textblock_section av-jt5tjyk0-005b7b9db978b702a721a131f71d3f78 '   itemscope=\"itemscope\" itemtype=\"https:\/\/schema.org\/BlogPosting\" itemprop=\"blogPost\" ><div class='avia_textblock'  itemprop=\"text\" ><p>\u00dcber 1.200 Kilometer erstrecken sich die Alpen im Zentrum Europas. Auf einer Tour durch das h\u00f6chste Gebirge Europas erwarten Sie schneebedeckte Gipfel, gr\u00fcne T\u00e4ler und traumhafte Passstra\u00dfen mit atemberaubendem Panoramablick. Viele Pass\u00fcberquerungen und <a href=\"https:\/\/www.tuicamper.com\/routen\/\">Routen<\/a> sind dabei sogar mit dem Wohnmobil befahrbar \u2013 die richtige Vorbereitung vorausgesetzt. Wir stellen Ihnen eine beispielhafte Camper-Tour durch die Alpen vor.<\/p>\n<\/div><\/section><\/div><\/div><\/div><\/main><!-- close content main element --><\/div><\/div><div id='after_section_1'  class='main_color av_default_container_wrap container_wrap sidebar_right'  ><div class='container av-section-cont-open' ><div class='template-page content  av-content-small alpha units'><div class='post-entry post-entry-type-page post-entry-5249'><div class='entry-content-wrapper clearfix'><section  class='av_textblock_section av-jtpqpty6-550c066a997ebaf648fccc87d0b9ff16 '   itemscope=\"itemscope\" itemtype=\"https:\/\/schema.org\/BlogPosting\" itemprop=\"blogPost\" ><div class='avia_textblock'  itemprop=\"text\" >\n<\/div><\/section><\/p>\n<\/div><\/div><\/div><!-- close content main div --><\/div><\/div><div id='av_section_2'  class='avia-section av-jt5vrdgv-4386718e65b314e69682ca60ae604601 main_color avia-section-default avia-no-border-styling  avia-builder-el-4  el_after_av_textblock  el_before_av_section  reduced-content avia-bg-style-scroll container_wrap sidebar_right'  ><div class='container av-section-cont-open' ><div class='template-page content  av-content-small alpha units'><div class='post-entry post-entry-type-page post-entry-5249'><div class='entry-content-wrapper clearfix'>\n<section  class='av_textblock_section av-jt5tjyk0-1e04ddf86ca9bd8201b4b17bbb4a6491 '   itemscope=\"itemscope\" itemtype=\"https:\/\/schema.org\/BlogPosting\" itemprop=\"blogPost\" ><div class='avia_textblock'  itemprop=\"text\" ><div id=\"js-table-of-contents\">\r\n    <strong>Inhaltsverzeichnis<\/strong>\r\n<\/div>\n<\/div><\/section>\n\n<\/div><\/div><\/div><!-- close content main div --><\/div><\/div><div id='av_section_3'  class='avia-section av-jt5vrdgv-4386718e65b314e69682ca60ae604601 main_color avia-section-default avia-no-border-styling  avia-builder-el-6  el_after_av_section  el_before_av_section  reduced-content avia-bg-style-scroll container_wrap sidebar_right'  ><div class='container av-section-cont-open' ><div class='template-page content  av-content-small alpha units'><div class='post-entry post-entry-type-page post-entry-5249'><div class='entry-content-wrapper clearfix'>\n\n<style type=\"text\/css\" data-created_by=\"avia_inline_auto\" id=\"style-css-av-1g5aou-6e8505d9de1136ce38f66b0d0e5d2a36\">\n.flex_column.av-1g5aou-6e8505d9de1136ce38f66b0d0e5d2a36{\nborder-radius:0px 0px 0px 0px;\npadding:0px 0px 0px 0px;\n}\n<\/style>\n<div  class='flex_column av-1g5aou-6e8505d9de1136ce38f66b0d0e5d2a36 av_one_full  avia-builder-el-7  avia-builder-el-no-sibling  first flex_column_div av-zero-column-padding  '     ><section  class='av_textblock_section av-jt5tjyk0-005b7b9db978b702a721a131f71d3f78 '   itemscope=\"itemscope\" itemtype=\"https:\/\/schema.org\/BlogPosting\" itemprop=\"blogPost\" ><div class='avia_textblock'  itemprop=\"text\" ><h2>Mit dem Camper durch die Alpen: die Vorbereitung<\/h2>\n<p>Hochgelegene P\u00e4sse, viele Kurven, steile Stra\u00dfen: Eine Tour durch die Alpen ist zwar wundersch\u00f6n, f\u00fcr Fahrer und Wohnmobil sind sie aber auch eine Herausforderung. Wer die sch\u00f6nsten Bergstra\u00dfen und spektakul\u00e4rsten Passh\u00f6hen befahren m\u00f6chte, ben\u00f6tigt daher nicht nur fahrerisches Geschick, sondern auch ein Wohnmobil in einwandfreiem Zustand. Umso wichtiger ist eine gr\u00fcndliche Vorbereitung auf die anstehende Tour.<\/p>\n<ul>\n<li>Pr\u00fcfen Sie \u00d6l- und K\u00fchlwasserst\u00e4nde vor Fahrtantritt.<\/li>\n<li>Testen Sie die Bremsen gr\u00fcndlich, bevor Sie sich an die hoch gelegenen Bergstra\u00dfen wagen \u2013 Sie werden sie brauchen.<\/li>\n<li>Sichern Sie das Gep\u00e4ck an Bord fachgerecht \u2013 auf so mancher steilen und kurvenreichen Stra\u00dfe kann Ihr Gep\u00e4ck durchaus ins Rutschen kommen.<\/li>\n<li>Stellen Sie sicher, dass die angepeilte Route zur gew\u00fcnschten Jahreszeit auch mit einem Wohnmobil befahren werden kann.<\/li>\n<li>Denken Sie daran, dass in <a href=\"https:\/\/www.tuicamper.com\/magazin\/wohnmobil-oesterreich\/\">\u00d6sterreich<\/a> eine Maut f\u00e4llig wird und k\u00fcmmern Sie sich rechtzeitig um eine entsprechende Vignette.<\/li>\n<\/ul>\n<p>Prinzipiell gilt: Nicht alle Passh\u00f6hen eignen sich zur \u00dcberquerung mit dem Wohnmobil. Stellen Sie Ihre Route selbst zusammen, sollten Sie daher unbedingt gr\u00fcndlich recherchieren.<\/p>\n<\/div><\/section><\/div>\n\n<\/div><\/div><\/div><!-- close content main div --><\/div><\/div><div id='av_section_4'  class='avia-section av-jt5vrdgv-4386718e65b314e69682ca60ae604601 main_color avia-section-default avia-no-border-styling  avia-builder-el-9  el_after_av_section  el_before_av_section  reduced-content avia-bg-style-scroll container_wrap sidebar_right'  ><div class='container av-section-cont-open' ><div class='template-page content  av-content-small alpha units'><div class='post-entry post-entry-type-page post-entry-5249'><div class='entry-content-wrapper clearfix'>\n\n<style type=\"text\/css\" data-created_by=\"avia_inline_auto\" id=\"style-css-av-1g5aou-6e8505d9de1136ce38f66b0d0e5d2a36\">\n.flex_column.av-1g5aou-6e8505d9de1136ce38f66b0d0e5d2a36{\nborder-radius:0px 0px 0px 0px;\npadding:0px 0px 0px 0px;\n}\n<\/style>\n<div  class='flex_column av-1g5aou-6e8505d9de1136ce38f66b0d0e5d2a36 av_one_full  avia-builder-el-10  avia-builder-el-no-sibling  first flex_column_div av-zero-column-padding  '     ><section  class='av_textblock_section av-jt5tjyk0-005b7b9db978b702a721a131f71d3f78 '   itemscope=\"itemscope\" itemtype=\"https:\/\/schema.org\/BlogPosting\" itemprop=\"blogPost\" ><div class='avia_textblock'  itemprop=\"text\" ><h2>Wohnmobil-Tour durch die Alpen: ein Routenvorschlag<\/h2>\n<p>Im Folgenden haben wir Ihnen eine beispielhafte Route zusammengestellt, die Sie im Sommer \u2013 fahrerische Erfahrung vorausgesetzt \u2013 auch mit dem Camper problemlos befahren k\u00f6nnen.<\/p>\n<\/div><\/section><\/div>\n\n<\/div><\/div><\/div><!-- close content main div --><\/div><\/div><div id='av_section_5'  class='avia-section av-jt5vrdgv-4386718e65b314e69682ca60ae604601 main_color avia-section-default avia-no-border-styling  avia-builder-el-12  el_after_av_section  el_before_av_section  reduced-content avia-bg-style-scroll container_wrap sidebar_right'  ><div class='container av-section-cont-open' ><div class='template-page content  av-content-small alpha units'><div class='post-entry post-entry-type-page post-entry-5249'><div class='entry-content-wrapper clearfix'>\n\n<style type=\"text\/css\" data-created_by=\"avia_inline_auto\" id=\"style-css-av-1g5aou-6e8505d9de1136ce38f66b0d0e5d2a36\">\n.flex_column.av-1g5aou-6e8505d9de1136ce38f66b0d0e5d2a36{\nborder-radius:0px 0px 0px 0px;\npadding:0px 0px 0px 0px;\n}\n<\/style>\n<div  class='flex_column av-1g5aou-6e8505d9de1136ce38f66b0d0e5d2a36 av_one_full  avia-builder-el-13  avia-builder-el-no-sibling  first flex_column_div av-zero-column-padding  '     ><section  class='av_textblock_section av-jt5tjyk0-005b7b9db978b702a721a131f71d3f78 '   itemscope=\"itemscope\" itemtype=\"https:\/\/schema.org\/BlogPosting\" itemprop=\"blogPost\" ><div class='avia_textblock'  itemprop=\"text\" ><h3>1.) Von St. Johann in Tirol \u00fcber den Pass Thurn<\/h3>\n<p><a href=\"https:\/\/www.tuicamper.com\/reiseziele\/europa\/deutschland\/muenchen\/\">Von M\u00fcnchen aus<\/a> erreichen Sie St. Johann in Tirol in wenigen Stunden \u2013 und bekommen bereits auf der Anfahrt einen Eindruck der atemberaubenden Dimensionen der Alpen. Das majest\u00e4tische Kaisergebirge stets im Blick l\u00e4dt St. Johann zu einem kleinen Erkundungsspaziergang ein. Immerhin ist die Gemeinde im Herz der Kitzb\u00fcheler Alpen eine Hochburg des Barocks und besticht durch ein sehenswertes Stadtbild. Eine kleine Wanderung entlang der vielen Wanderwege in der Umgebung bietet sich an. Nehmen Sie sich einige Stunden Zeit und entdecken Sie Almh\u00fctten, farbenfrohe Wildblumenwiesen und rauschende Wasserf\u00e4lle. Auch der n\u00e4chste Biergarten ist hier garantiert nicht weit entfernt. Die Nacht k\u00f6nnen Sie auf dem idyllischen <a href=\"https:\/\/www.camping-michelnhof.at\/de\/\" target=\"_blank\" rel=\"noopener noreferrer\">Campingplatz Michelnhof<\/a> verbringen, bevor es am n\u00e4chsten Tag weiter in Richtung des Passes Thurn geht.<\/p>\n<\/div><\/section><\/div>\n\n<\/div><\/div><\/div><!-- close content main div --><\/div><\/div><div id='av_section_6'  class='avia-section av-b7gvl-1eb57de5f7b7a94c40602e8cf977ebb0 main_color avia-section-default avia-no-border-styling  avia-builder-el-15  el_after_av_section  el_before_av_section  reduced-content avia-bg-style-scroll container_wrap sidebar_right'  ><div class='container av-section-cont-open' ><div class='template-page content  av-content-small alpha units'><div class='post-entry post-entry-type-page post-entry-5249'><div class='entry-content-wrapper clearfix'>\n\n<style type=\"text\/css\" data-created_by=\"avia_inline_auto\" id=\"style-css-av-jtplvt5k-12c7271ee71469fd921b579522111eca\">\n.avia-image-container.av-jtplvt5k-12c7271ee71469fd921b579522111eca img.avia_image{\nbox-shadow:none;\n}\n.avia-image-container.av-jtplvt5k-12c7271ee71469fd921b579522111eca .av-caption-image-overlay-bg{\nopacity:0.4;\nbackground-color:#000000;\n}\n.avia-image-container.av-jtplvt5k-12c7271ee71469fd921b579522111eca .av-image-caption-overlay-center{\ncolor:#ffffff;\n}\n<\/style>\n<div  class='avia-image-container av-jtplvt5k-12c7271ee71469fd921b579522111eca av-styling- av-img-linked avia_animated_image av-animated-when-visible-95 fade-in avia-align-center  avia-builder-el-16  el_before_av_hr  avia-builder-el-first  noHover av-overlay-on-hover'   itemprop=\"image\" itemscope=\"itemscope\" itemtype=\"https:\/\/schema.org\/ImageObject\" ><div class=\"avia-image-container-inner\"><div class=\"avia-image-overlay-wrap\"><a href=\"https:\/\/www.tuicamper.com\/wp-docker\/wp-content\/uploads\/2019\/12\/wilder-kaiser-1030x579.jpg\" data-srcset=\"https:\/\/www.tuicamper.com\/wp-docker\/wp-content\/uploads\/2019\/12\/wilder-kaiser-1030x579.jpg 1030w, https:\/\/www.tuicamper.com\/wp-docker\/wp-content\/uploads\/2019\/12\/wilder-kaiser-300x169.jpg 300w, https:\/\/www.tuicamper.com\/wp-docker\/wp-content\/uploads\/2019\/12\/wilder-kaiser-768x431.jpg 768w, https:\/\/www.tuicamper.com\/wp-docker\/wp-content\/uploads\/2019\/12\/wilder-kaiser-705x396.jpg 705w, https:\/\/www.tuicamper.com\/wp-docker\/wp-content\/uploads\/2019\/12\/wilder-kaiser.jpg 1280w\" data-sizes=\"(max-width: 1030px) 100vw, 1030px\" class='avia_image '  aria-label='Ausblick auf den Wilden Kaiser'><div class=\"av-image-caption-overlay\"><div class=\"av-caption-image-overlay-bg\"><\/div><div class=\"av-image-caption-overlay-position\"><div class=\"av-image-caption-overlay-center\"><p>Ausblick auf den Wilden Kaiser<\/p>\n<\/div><\/div><\/div><img decoding=\"async\" fetchpriority=\"high\" class='wp-image-5276 avia-img-lazy-loading-not-5276 avia_image ' src=\"https:\/\/www.tuicamper.com\/wp-docker\/wp-content\/uploads\/2019\/12\/wilder-kaiser-1280x630.jpg\" alt='Ausblick auf den Wilden Kaiser' title='Ausblick auf den Wilden Kaiser'  height=\"630\" width=\"1280\"  itemprop=\"thumbnailUrl\"  \/><\/a><\/div><\/div><\/div>\n\n<style type=\"text\/css\" data-created_by=\"avia_inline_auto\" id=\"style-css-av-jwj918c3-315e0fede61d05e0c478b80905e3cec5\">\n#top .hr.hr-invisible.av-jwj918c3-315e0fede61d05e0c478b80905e3cec5{\nheight:25px;\n}\n<\/style>\n<div  class='hr av-jwj918c3-315e0fede61d05e0c478b80905e3cec5 hr-invisible  avia-builder-el-17  el_after_av_image  avia-builder-el-last '><span class='hr-inner '><span class=\"hr-inner-style\"><\/span><\/span><\/div>\n\n<\/div><\/div><\/div><!-- close content main div --><\/div><\/div><div id='av_section_7'  class='avia-section av-jt5vrdgv-4386718e65b314e69682ca60ae604601 main_color avia-section-default avia-no-border-styling  avia-builder-el-18  el_after_av_section  el_before_av_section  reduced-content avia-bg-style-scroll container_wrap sidebar_right'  ><div class='container av-section-cont-open' ><div class='template-page content  av-content-small alpha units'><div class='post-entry post-entry-type-page post-entry-5249'><div class='entry-content-wrapper clearfix'>\n\n<style type=\"text\/css\" data-created_by=\"avia_inline_auto\" id=\"style-css-av-1g5aou-6e8505d9de1136ce38f66b0d0e5d2a36\">\n.flex_column.av-1g5aou-6e8505d9de1136ce38f66b0d0e5d2a36{\nborder-radius:0px 0px 0px 0px;\npadding:0px 0px 0px 0px;\n}\n<\/style>\n<div  class='flex_column av-1g5aou-6e8505d9de1136ce38f66b0d0e5d2a36 av_one_full  avia-builder-el-19  avia-builder-el-no-sibling  first flex_column_div av-zero-column-padding  '     ><section  class='av_textblock_section av-jt5tjyk0-005b7b9db978b702a721a131f71d3f78 '   itemscope=\"itemscope\" itemtype=\"https:\/\/schema.org\/BlogPosting\" itemprop=\"blogPost\" ><div class='avia_textblock'  itemprop=\"text\" ><h3>2.) Durch das Salzach-Tal zum Zeller See<\/h3>\n<p>Der Pass Thurn liegt auf einer H\u00f6he von knapp 1.300 Metern und kann leicht mit dem Wohnmobil befahren werden. Verschiedene Aussichtspunkte er\u00f6ffnen Ihnen einen spektakul\u00e4ren Blick durch das Salzbach-Tal. Letzteres durchqueren Sie auf Ihrem Weg zum Zeller See. Der von den schneebedeckten Gipfeln der Alpen, \u00fcppig gr\u00fcnen T\u00e4lern und dichten W\u00e4ldern eingerahmte See, an den sich das pittoreske St\u00e4dtchen Zell am See schmiegt, bietet postkartenmotivw\u00fcrdige Panoramen in jeder Himmelsrichtung.<\/p>\n<p>Der <a href=\"https:\/\/www.seecamp.at\/\" target=\"_blank\" rel=\"noopener noreferrer\">Campingplatz Seecamp<\/a> liegt ideal, um den See und Zell am See zu erkunden. Die kleine Stadt besticht insbesondere durch ihre h\u00fcbsche Altstadt, die zum Bummeln einl\u00e4dt.<\/p>\n<p><strong>Tipp<\/strong>: Sie k\u00f6nnen den Zeller See auch im Rahmen einer Bootsfahrt erkunden \u2013 und kommen damit in den Genuss weiterer atemberaubender Aussichten.<\/p>\n<\/div><\/section><\/div>\n\n<\/div><\/div><\/div><!-- close content main div --><\/div><\/div><div id='av_section_8'  class='avia-section av-b7gvl-1eb57de5f7b7a94c40602e8cf977ebb0 main_color avia-section-default avia-no-border-styling  avia-builder-el-21  el_after_av_section  el_before_av_section  reduced-content avia-bg-style-scroll container_wrap sidebar_right'  ><div class='container av-section-cont-open' ><div class='template-page content  av-content-small alpha units'><div class='post-entry post-entry-type-page post-entry-5249'><div class='entry-content-wrapper clearfix'>\n\n<style type=\"text\/css\" data-created_by=\"avia_inline_auto\" id=\"style-css-av-jtplvt5k-dd201d6d8a7d374219c478fe512c0211\">\n.avia-image-container.av-jtplvt5k-dd201d6d8a7d374219c478fe512c0211 img.avia_image{\nbox-shadow:none;\n}\n.avia-image-container.av-jtplvt5k-dd201d6d8a7d374219c478fe512c0211 .av-caption-image-overlay-bg{\nopacity:0.4;\nbackground-color:#000000;\n}\n.avia-image-container.av-jtplvt5k-dd201d6d8a7d374219c478fe512c0211 .av-image-caption-overlay-center{\ncolor:#ffffff;\n}\n<\/style>\n<div  class='avia-image-container av-jtplvt5k-dd201d6d8a7d374219c478fe512c0211 av-styling- av-img-linked avia_animated_image av-animated-when-visible-95 fade-in avia-align-center  avia-builder-el-22  el_before_av_hr  avia-builder-el-first  noHover av-overlay-on-hover'   itemprop=\"image\" itemscope=\"itemscope\" itemtype=\"https:\/\/schema.org\/ImageObject\" ><div class=\"avia-image-container-inner\"><div class=\"avia-image-overlay-wrap\"><a href=\"https:\/\/www.tuicamper.com\/wp-docker\/wp-content\/uploads\/2019\/12\/zeller-see-1030x632.jpg\" data-srcset=\"https:\/\/www.tuicamper.com\/wp-docker\/wp-content\/uploads\/2019\/12\/zeller-see-1030x632.jpg 1030w, https:\/\/www.tuicamper.com\/wp-docker\/wp-content\/uploads\/2019\/12\/zeller-see-300x184.jpg 300w, https:\/\/www.tuicamper.com\/wp-docker\/wp-content\/uploads\/2019\/12\/zeller-see-768x471.jpg 768w, https:\/\/www.tuicamper.com\/wp-docker\/wp-content\/uploads\/2019\/12\/zeller-see-705x432.jpg 705w, https:\/\/www.tuicamper.com\/wp-docker\/wp-content\/uploads\/2019\/12\/zeller-see.jpg 1280w\" data-sizes=\"(max-width: 1030px) 100vw, 1030px\" class='avia_image '  aria-label='zeller see'><div class=\"av-image-caption-overlay\"><div class=\"av-caption-image-overlay-bg\"><\/div><div class=\"av-image-caption-overlay-position\"><div class=\"av-image-caption-overlay-center\"><p>Zeller See im Winter<\/p>\n<\/div><\/div><\/div><img decoding=\"async\" fetchpriority=\"high\" class='wp-image-5253 avia-img-lazy-loading-not-5253 avia_image ' src=\"https:\/\/www.tuicamper.com\/wp-docker\/wp-content\/uploads\/2019\/12\/zeller-see-1280x630.jpg\" alt='zeller see' title='zeller see'  height=\"630\" width=\"1280\"  itemprop=\"thumbnailUrl\"  \/><\/a><\/div><\/div><\/div>\n\n<style type=\"text\/css\" data-created_by=\"avia_inline_auto\" id=\"style-css-av-jwj918c3-315e0fede61d05e0c478b80905e3cec5\">\n#top .hr.hr-invisible.av-jwj918c3-315e0fede61d05e0c478b80905e3cec5{\nheight:25px;\n}\n<\/style>\n<div  class='hr av-jwj918c3-315e0fede61d05e0c478b80905e3cec5 hr-invisible  avia-builder-el-23  el_after_av_image  avia-builder-el-last '><span class='hr-inner '><span class=\"hr-inner-style\"><\/span><\/span><\/div>\n\n<\/div><\/div><\/div><!-- close content main div --><\/div><\/div><div id='av_section_9'  class='avia-section av-jt5vrdgv-4386718e65b314e69682ca60ae604601 main_color avia-section-default avia-no-border-styling  avia-builder-el-24  el_after_av_section  el_before_av_section  reduced-content avia-bg-style-scroll container_wrap sidebar_right'  ><div class='container av-section-cont-open' ><div class='template-page content  av-content-small alpha units'><div class='post-entry post-entry-type-page post-entry-5249'><div class='entry-content-wrapper clearfix'>\n\n<style type=\"text\/css\" data-created_by=\"avia_inline_auto\" id=\"style-css-av-1g5aou-6e8505d9de1136ce38f66b0d0e5d2a36\">\n.flex_column.av-1g5aou-6e8505d9de1136ce38f66b0d0e5d2a36{\nborder-radius:0px 0px 0px 0px;\npadding:0px 0px 0px 0px;\n}\n<\/style>\n<div  class='flex_column av-1g5aou-6e8505d9de1136ce38f66b0d0e5d2a36 av_one_full  avia-builder-el-25  avia-builder-el-no-sibling  first flex_column_div av-zero-column-padding  '     ><section  class='av_textblock_section av-jt5tjyk0-005b7b9db978b702a721a131f71d3f78 '   itemscope=\"itemscope\" itemtype=\"https:\/\/schema.org\/BlogPosting\" itemprop=\"blogPost\" ><div class='avia_textblock'  itemprop=\"text\" ><h3>3.) Unterwegs auf der Gro\u00dfglockner-Hochalpenstra\u00dfe<\/h3>\n<p>Von Zell am See aus geht es weiter auf die Gro\u00dfglockner-Hochalpenstra\u00dfe. Die rund 48 Kilometer lange Strecke f\u00fchrt Sie \u00fcber Serpentinen-Stra\u00dfen geradewegs durch den Nationalpark Hohe Tauern. Unterwegs erwarten Sie dramatische Ausblicke auf tiefe Schluchten, gr\u00fcne T\u00e4ler mit kleinen D\u00f6rfern und wolkenverhangene Berge. Diverse Aussichtspunkte \u2013 etwa auf der Edelwei\u00dfspitze \u2013 bieten Zeit, um diesen atemberaubenden Anblick in aller Ruhe in sich aufzusaugen.<\/p>\n<\/div><\/section><\/div>\n\n<\/div><\/div><\/div><!-- close content main div --><\/div><\/div><div id='av_section_10'  class='avia-section av-b7gvl-1eb57de5f7b7a94c40602e8cf977ebb0 main_color avia-section-default avia-no-border-styling  avia-builder-el-27  el_after_av_section  el_before_av_textblock  reduced-content avia-bg-style-scroll container_wrap sidebar_right'  ><div class='container av-section-cont-open' ><div class='template-page content  av-content-small alpha units'><div class='post-entry post-entry-type-page post-entry-5249'><div class='entry-content-wrapper clearfix'>\n\n<style type=\"text\/css\" data-created_by=\"avia_inline_auto\" id=\"style-css-av-jtplvt5k-38e2b2f953fe2e3283d70d35a0ff2dad\">\n.avia-image-container.av-jtplvt5k-38e2b2f953fe2e3283d70d35a0ff2dad img.avia_image{\nbox-shadow:none;\n}\n.avia-image-container.av-jtplvt5k-38e2b2f953fe2e3283d70d35a0ff2dad .av-caption-image-overlay-bg{\nopacity:0.4;\nbackground-color:#000000;\n}\n.avia-image-container.av-jtplvt5k-38e2b2f953fe2e3283d70d35a0ff2dad .av-image-caption-overlay-center{\ncolor:#ffffff;\n}\n<\/style>\n<div  class='avia-image-container av-jtplvt5k-38e2b2f953fe2e3283d70d35a0ff2dad av-styling- av-img-linked avia_animated_image av-animated-when-visible-95 fade-in avia-align-center  avia-builder-el-28  el_before_av_hr  avia-builder-el-first  noHover av-overlay-on-hover'   itemprop=\"image\" itemscope=\"itemscope\" itemtype=\"https:\/\/schema.org\/ImageObject\" ><div class=\"avia-image-container-inner\"><div class=\"avia-image-overlay-wrap\"><a href=\"https:\/\/www.tuicamper.com\/wp-docker\/wp-content\/uploads\/2019\/12\/hohe-tauern-1030x686.jpg\" data-srcset=\"https:\/\/www.tuicamper.com\/wp-docker\/wp-content\/uploads\/2019\/12\/hohe-tauern-1030x686.jpg 1030w, https:\/\/www.tuicamper.com\/wp-docker\/wp-content\/uploads\/2019\/12\/hohe-tauern-300x200.jpg 300w, https:\/\/www.tuicamper.com\/wp-docker\/wp-content\/uploads\/2019\/12\/hohe-tauern-768x512.jpg 768w, https:\/\/www.tuicamper.com\/wp-docker\/wp-content\/uploads\/2019\/12\/hohe-tauern-705x470.jpg 705w, https:\/\/www.tuicamper.com\/wp-docker\/wp-content\/uploads\/2019\/12\/hohe-tauern.jpg 1280w\" data-sizes=\"(max-width: 1030px) 100vw, 1030px\" class='avia_image '  aria-label='Die Gro\u00dfglockner-Hochalpenstra\u00dfe'><div class=\"av-image-caption-overlay\"><div class=\"av-caption-image-overlay-bg\"><\/div><div class=\"av-image-caption-overlay-position\"><div class=\"av-image-caption-overlay-center\"><p>Die Gro\u00dfglockner-Hochalpenstra\u00dfe<\/p>\n<\/div><\/div><\/div><img decoding=\"async\" fetchpriority=\"high\" class='wp-image-5277 avia-img-lazy-loading-not-5277 avia_image ' src=\"https:\/\/www.tuicamper.com\/wp-docker\/wp-content\/uploads\/2019\/12\/hohe-tauern-1280x630.jpg\" alt='Die Gro\u00dfglockner-Hochalpenstra\u00dfe' title='Die Gro\u00dfglockner-Hochalpenstra\u00dfe'  height=\"630\" width=\"1280\"  itemprop=\"thumbnailUrl\"  \/><\/a><\/div><\/div><\/div>\n\n<style type=\"text\/css\" data-created_by=\"avia_inline_auto\" id=\"style-css-av-jwj918c3-315e0fede61d05e0c478b80905e3cec5\">\n#top .hr.hr-invisible.av-jwj918c3-315e0fede61d05e0c478b80905e3cec5{\nheight:25px;\n}\n<\/style>\n<div  class='hr av-jwj918c3-315e0fede61d05e0c478b80905e3cec5 hr-invisible  avia-builder-el-29  el_after_av_image  avia-builder-el-last '><span class='hr-inner '><span class=\"hr-inner-style\"><\/span><\/span><\/div>\n<\/div><\/div><\/div><!-- close content main div --><\/div><\/div><div id='after_section_10'  class='main_color av_default_container_wrap container_wrap sidebar_right'  ><div class='container av-section-cont-open' ><div class='template-page content  av-content-small alpha units'><div class='post-entry post-entry-type-page post-entry-5249'><div class='entry-content-wrapper clearfix'>\n<section  class='av_textblock_section av-jtpqpty6-58a7e9c9b3be291e3d438830309406d7 '   itemscope=\"itemscope\" itemtype=\"https:\/\/schema.org\/BlogPosting\" itemprop=\"blogPost\" ><div class='avia_textblock'  itemprop=\"text\" ><div id=\"breaker_element_shortcode\" class=\"postbox \">\n<div class=\"inside\">\n\r\n<div style=\"clear: both;\"><\/div>\r\n<div class=\"post-breaker-item breaker-type-default\">\r\n    <div class=\"post-breaker-item-inner\">\r\n                    \n<style type=\"text\/css\" data-created_by=\"avia_inline_auto\" id=\"style-css-av-jtpksizx-4b352f2a2752c01e58a4c67632af1aa6\">\n#top .av_textblock_section.av-jtpksizx-4b352f2a2752c01e58a4c67632af1aa6 .avia_textblock{\nfont-size:28px;\n}\n<\/style>\n<section  class='av_textblock_section av-jtpksizx-4b352f2a2752c01e58a4c67632af1aa6 '   itemscope=\"itemscope\" itemtype=\"https:\/\/schema.org\/BlogPosting\" itemprop=\"blogPost\" ><div class='avia_textblock'  itemprop=\"text\" ><p><strong>\u2013 Lesen Sie auch \u2013<\/strong><\/p>\n<\/div><\/section>\n\n<style type=\"text\/css\" data-created_by=\"avia_inline_auto\" id=\"style-css-av-ehyb5-42286bbb62f5c947921c50b729609f1d\">\n.flex_column.av-ehyb5-42286bbb62f5c947921c50b729609f1d{\nborder-radius:0px 0px 0px 0px;\npadding:0px 0px 0px 0px;\n}\n<\/style>\n<div  class='flex_column av-ehyb5-42286bbb62f5c947921c50b729609f1d av_one_third first flex_column_div av-zero-column-padding  '     ><p>\n<style type=\"text\/css\" data-created_by=\"avia_inline_auto\" id=\"style-css-av-jt75ko0n-b7cbc62ac0e345e450f5be5f50bc6a33\">\n.avia-image-container.av-jt75ko0n-b7cbc62ac0e345e450f5be5f50bc6a33 img.avia_image{\nbox-shadow:none;\n}\n.avia-image-container.av-jt75ko0n-b7cbc62ac0e345e450f5be5f50bc6a33 .av-image-caption-overlay-center{\ncolor:#ffffff;\n}\n<\/style>\n<div  class='avia-image-container av-jt75ko0n-b7cbc62ac0e345e450f5be5f50bc6a33 av-styling-no-styling av-hover-grow av-hide-overflow av-img-linked avia_animated_image av-animated-when-visible-95 fade-in avia-align-left'   itemprop=\"image\" itemscope=\"itemscope\" itemtype=\"https:\/\/schema.org\/ImageObject\" ><div class=\"avia-image-container-inner\"><div class=\"avia-image-overlay-wrap\"><a href=\"https:\/\/www.tuicamper.com\/magazin\/wohnmobil-bodensee\/\" class='avia_image '  aria-label='Wohnmobil Bodensee'><img decoding=\"async\" fetchpriority=\"high\" class='wp-image-719 avia-img-lazy-loading-not-719 avia_image ' src=\"https:\/\/www.tuicamper.com\/wp-docker\/wp-content\/uploads\/2019\/04\/wohnmobil-bodensee-teaser.jpg\" alt='Wohnmobil Bodensee' title='Wohnmobil Bodensee'  height=\"200\" width=\"350\"  itemprop=\"thumbnailUrl\" srcset=\"https:\/\/www.tuicamper.com\/wp-docker\/wp-content\/uploads\/2019\/04\/wohnmobil-bodensee-teaser.jpg 350w, https:\/\/www.tuicamper.com\/wp-docker\/wp-content\/uploads\/2019\/04\/wohnmobil-bodensee-teaser-300x171.jpg 300w\" sizes=\"(max-width: 350px) 100vw, 350px\" \/><\/a><\/div><\/div><\/div><br \/>\n<section  class='av_textblock_section av-jt75lbqb-bba29013bb6610b0762c56b6a5ae7819 '   itemscope=\"itemscope\" itemtype=\"https:\/\/schema.org\/BlogPosting\" itemprop=\"blogPost\" ><div class='avia_textblock'  itemprop=\"text\" ><p style=\"text-align: left;\"><strong><a href=\"https:\/\/www.tuicamper.com\/magazin\/wohnmobil-bodensee\/\">Wohnmobil Bodensee \u2013 Highlights, Ausfl\u00fcge &amp; die besten Stellpl\u00e4tze<\/a><\/strong><\/p>\n<\/div><\/section><\/p><\/div>\n\n<style type=\"text\/css\" data-created_by=\"avia_inline_auto\" id=\"style-css-av-mjaz5-8c98367a6c18636835015f228c708a47\">\n.flex_column.av-mjaz5-8c98367a6c18636835015f228c708a47{\nborder-radius:0px 0px 0px 0px;\npadding:0px 0px 0px 0px;\n}\n<\/style>\n<div  class='flex_column av-mjaz5-8c98367a6c18636835015f228c708a47 av_one_third flex_column_div av-zero-column-padding  '     ><p>\n<style type=\"text\/css\" data-created_by=\"avia_inline_auto\" id=\"style-css-av-jt75ko0n-907da92ff25266397546e66aaf4c799c\">\n.avia-image-container.av-jt75ko0n-907da92ff25266397546e66aaf4c799c img.avia_image{\nbox-shadow:none;\n}\n.avia-image-container.av-jt75ko0n-907da92ff25266397546e66aaf4c799c .av-image-caption-overlay-center{\ncolor:#ffffff;\n}\n<\/style>\n<div  class='avia-image-container av-jt75ko0n-907da92ff25266397546e66aaf4c799c av-styling-no-styling av-hover-grow av-hide-overflow av-img-linked avia_animated_image av-animated-when-visible-95 fade-in avia-align-left'   itemprop=\"image\" itemscope=\"itemscope\" itemtype=\"https:\/\/schema.org\/ImageObject\" ><div class=\"avia-image-container-inner\"><div class=\"avia-image-overlay-wrap\"><a href=\"https:\/\/www.tuicamper.com\/magazin\/wohnmobil-oesterreich\/\" class='avia_image '  ><img decoding=\"async\" fetchpriority=\"high\" class='wp-image-5282 avia-img-lazy-loading-not-5282 avia_image ' src=\"https:\/\/www.tuicamper.com\/wp-docker\/wp-content\/uploads\/2019\/12\/wohnmobil-oesterreich-teaser.jpg\" alt='Wohnmobil \u00d6sterreich' title=''  height=\"200\" width=\"350\"  itemprop=\"thumbnailUrl\" srcset=\"https:\/\/www.tuicamper.com\/wp-docker\/wp-content\/uploads\/2019\/12\/wohnmobil-oesterreich-teaser.jpg 350w, https:\/\/www.tuicamper.com\/wp-docker\/wp-content\/uploads\/2019\/12\/wohnmobil-oesterreich-teaser-300x171.jpg 300w\" sizes=\"(max-width: 350px) 100vw, 350px\" \/><\/a><\/div><\/div><\/div><br \/>\n<section  class='av_textblock_section av-jt75lbqb-a3941722c602776008ce3d2fb200aa0f '   itemscope=\"itemscope\" itemtype=\"https:\/\/schema.org\/BlogPosting\" itemprop=\"blogPost\" ><div class='avia_textblock'  itemprop=\"text\" ><p style=\"text-align: left;\"><a href=\"https:\/\/www.tuicamper.com\/magazin\/wohnmobil-oesterreich\/\"><strong>Mit dem Wohnmobil durch \u00d6sterreich \u2013 10 Highlights f\u00fcr eine Camper-Tour<\/strong><\/a><\/p>\n<\/div><\/section><\/p><\/div>\n<style type=\"text\/css\" data-created_by=\"avia_inline_auto\" id=\"style-css-av-ehyb5-8fadcff6392c44a3fc98dc4b014d4246\">\n.flex_column.av-ehyb5-8fadcff6392c44a3fc98dc4b014d4246{\nborder-radius:0px 0px 0px 0px;\npadding:0px 0px 0px 0px;\n}\n<\/style>\n<div  class='flex_column av-ehyb5-8fadcff6392c44a3fc98dc4b014d4246 av_one_third flex_column_div av-zero-column-padding  '     ><p>\n<style type=\"text\/css\" data-created_by=\"avia_inline_auto\" id=\"style-css-av-jt75ko0n-b0bd9e019c22a6e3e0c809a51554667c\">\n.avia-image-container.av-jt75ko0n-b0bd9e019c22a6e3e0c809a51554667c img.avia_image{\nbox-shadow:none;\n}\n.avia-image-container.av-jt75ko0n-b0bd9e019c22a6e3e0c809a51554667c .av-image-caption-overlay-center{\ncolor:#ffffff;\n}\n<\/style>\n<div  class='avia-image-container av-jt75ko0n-b0bd9e019c22a6e3e0c809a51554667c av-styling-no-styling av-hover-grow av-hide-overflow av-img-linked avia_animated_image av-animated-when-visible-95 fade-in avia-align-left'   itemprop=\"image\" itemscope=\"itemscope\" itemtype=\"https:\/\/schema.org\/ImageObject\" ><div class=\"avia-image-container-inner\"><div class=\"avia-image-overlay-wrap\"><a href=\"https:\/\/www.tuicamper.com\/magazin\/wohnmobil-gardasee\/\" class='avia_image '  aria-label='Wohnmobil Gardasee'><img decoding=\"async\" fetchpriority=\"high\" class='wp-image-1861 avia-img-lazy-loading-not-1861 avia_image ' src=\"https:\/\/www.tuicamper.com\/wp-docker\/wp-content\/uploads\/2019\/04\/wohnmobil-gardasee-teaser.jpg\" alt='Wohnmobil Gardasee' title='Wohnmobil Gardasee'  height=\"200\" width=\"350\"  itemprop=\"thumbnailUrl\" srcset=\"https:\/\/www.tuicamper.com\/wp-docker\/wp-content\/uploads\/2019\/04\/wohnmobil-gardasee-teaser.jpg 350w, https:\/\/www.tuicamper.com\/wp-docker\/wp-content\/uploads\/2019\/04\/wohnmobil-gardasee-teaser-300x171.jpg 300w\" sizes=\"(max-width: 350px) 100vw, 350px\" \/><\/a><\/div><\/div><\/div><br \/>\n<section  class='av_textblock_section av-jt75lbqb-bba29013bb6610b0762c56b6a5ae7819 '   itemscope=\"itemscope\" itemtype=\"https:\/\/schema.org\/BlogPosting\" itemprop=\"blogPost\" ><div class='avia_textblock'  itemprop=\"text\" ><p style=\"text-align: left;\"><strong><a href=\"https:\/\/www.tuicamper.com\/magazin\/wohnmobil-gardasee\/\">Wohnmobil Gardasee \u2013 Camping, Highlights &amp; die besten Ausfl\u00fcge<\/a><\/strong><\/p>\n<\/div><\/section><\/p><\/div><\/p>\n            <div style=\"clear: both;\"><\/div>\r\n            <\/div>\r\n<\/div>\r\n\n<\/div>\n<\/div>\n<div id=\"layout\" class=\"postbox closed\"><\/div>\n<\/div><\/section>\n<\/div><\/div><\/div><!-- close content main div --><\/div><\/div><div id='av_section_11'  class='avia-section av-jt5vrdgv-4386718e65b314e69682ca60ae604601 main_color avia-section-default avia-no-border-styling  avia-builder-el-31  el_after_av_textblock  el_before_av_section  reduced-content avia-bg-style-scroll container_wrap sidebar_right'  ><div class='container av-section-cont-open' ><div class='template-page content  av-content-small alpha units'><div class='post-entry post-entry-type-page post-entry-5249'><div class='entry-content-wrapper clearfix'>\n\n<style type=\"text\/css\" data-created_by=\"avia_inline_auto\" id=\"style-css-av-1g5aou-6e8505d9de1136ce38f66b0d0e5d2a36\">\n.flex_column.av-1g5aou-6e8505d9de1136ce38f66b0d0e5d2a36{\nborder-radius:0px 0px 0px 0px;\npadding:0px 0px 0px 0px;\n}\n<\/style>\n<div  class='flex_column av-1g5aou-6e8505d9de1136ce38f66b0d0e5d2a36 av_one_full  avia-builder-el-32  avia-builder-el-no-sibling  first flex_column_div av-zero-column-padding  '     ><section  class='av_textblock_section av-jt5tjyk0-005b7b9db978b702a721a131f71d3f78 '   itemscope=\"itemscope\" itemtype=\"https:\/\/schema.org\/BlogPosting\" itemprop=\"blogPost\" ><div class='avia_textblock'  itemprop=\"text\" ><h3>4.) St. Johann im Pongau und ein Abstecher zur Liechtensteinklamm<\/h3>\n<p>Auf dem R\u00fcckweg steuern Sie das zweite St. Johann auf Ihrer Route an: St. Johann im Pongau. Die h\u00fcbsche Stadt ist insbesondere f\u00fcr die Liechtensteinklamm \u2013 eine 300 Meter tiefe und 4.000 Meter lange Schlucht bekannt. \u00dcber mehrere Holzstege k\u00f6nnen Sie die Klamm besichtigen. H\u00f6hepunkt: der rauschende Wasserfall im Ende der Klamm. Die Liechtensteinklamm wird nach Sanierungsarbeiten voraussichtlich im Fr\u00fchjahr 2020 wieder f\u00fcr Besucher ge\u00f6ffnet.<\/p>\n<p><strong>Tipp<\/strong>: Vom Platz <a href=\"https:\/\/www.camping-stveit.at\/\" target=\"_blank\" rel=\"noopener noreferrer\">Sonnenterrassen-Camping Sankt Veit<\/a> ist es nur noch ein Katzensprung bis zur Liechtensteinklamm.<\/p>\n<\/div><\/section><\/div>\n\n<\/div><\/div><\/div><!-- close content main div --><\/div><\/div><div id='av_section_12'  class='avia-section av-b7gvl-1eb57de5f7b7a94c40602e8cf977ebb0 main_color avia-section-default avia-no-border-styling  avia-builder-el-34  el_after_av_section  el_before_av_section  reduced-content avia-bg-style-scroll container_wrap sidebar_right'  ><div class='container av-section-cont-open' ><div class='template-page content  av-content-small alpha units'><div class='post-entry post-entry-type-page post-entry-5249'><div class='entry-content-wrapper clearfix'>\n\n<style type=\"text\/css\" data-created_by=\"avia_inline_auto\" id=\"style-css-av-jtplvt5k-fa5ec2f2c99ab8e5020d977aeb8282f6\">\n.avia-image-container.av-jtplvt5k-fa5ec2f2c99ab8e5020d977aeb8282f6 img.avia_image{\nbox-shadow:none;\n}\n.avia-image-container.av-jtplvt5k-fa5ec2f2c99ab8e5020d977aeb8282f6 .av-caption-image-overlay-bg{\nopacity:0.4;\nbackground-color:#000000;\n}\n.avia-image-container.av-jtplvt5k-fa5ec2f2c99ab8e5020d977aeb8282f6 .av-image-caption-overlay-center{\ncolor:#ffffff;\n}\n<\/style>\n<div  class='avia-image-container av-jtplvt5k-fa5ec2f2c99ab8e5020d977aeb8282f6 av-styling- av-img-linked avia_animated_image av-animated-when-visible-95 fade-in avia-align-center  avia-builder-el-35  el_before_av_hr  avia-builder-el-first  noHover av-overlay-on-hover'   itemprop=\"image\" itemscope=\"itemscope\" itemtype=\"https:\/\/schema.org\/ImageObject\" ><div class=\"avia-image-container-inner\"><div class=\"avia-image-overlay-wrap\"><a href=\"https:\/\/www.tuicamper.com\/wp-docker\/wp-content\/uploads\/2019\/12\/Liechtensteinklamm-1030x668.jpg\" data-srcset=\"https:\/\/www.tuicamper.com\/wp-docker\/wp-content\/uploads\/2019\/12\/Liechtensteinklamm-1030x668.jpg 1030w, https:\/\/www.tuicamper.com\/wp-docker\/wp-content\/uploads\/2019\/12\/Liechtensteinklamm-300x195.jpg 300w, https:\/\/www.tuicamper.com\/wp-docker\/wp-content\/uploads\/2019\/12\/Liechtensteinklamm-768x498.jpg 768w, https:\/\/www.tuicamper.com\/wp-docker\/wp-content\/uploads\/2019\/12\/Liechtensteinklamm-705x457.jpg 705w, https:\/\/www.tuicamper.com\/wp-docker\/wp-content\/uploads\/2019\/12\/Liechtensteinklamm.jpg 1280w\" data-sizes=\"(max-width: 1030px) 100vw, 1030px\" class='avia_image '  aria-label='Liechtensteinklamm'><div class=\"av-image-caption-overlay\"><div class=\"av-caption-image-overlay-bg\"><\/div><div class=\"av-image-caption-overlay-position\"><div class=\"av-image-caption-overlay-center\"><p>Ausblick in die Liechtensteinklamm<\/p>\n<\/div><\/div><\/div><img decoding=\"async\" fetchpriority=\"high\" class='wp-image-5255 avia-img-lazy-loading-not-5255 avia_image ' src=\"https:\/\/www.tuicamper.com\/wp-docker\/wp-content\/uploads\/2019\/12\/Liechtensteinklamm-1280x630.jpg\" alt='' title='Liechtensteinklamm'  height=\"630\" width=\"1280\"  itemprop=\"thumbnailUrl\"  \/><\/a><\/div><\/div><\/div>\n\n<style type=\"text\/css\" data-created_by=\"avia_inline_auto\" id=\"style-css-av-jwj918c3-315e0fede61d05e0c478b80905e3cec5\">\n#top .hr.hr-invisible.av-jwj918c3-315e0fede61d05e0c478b80905e3cec5{\nheight:25px;\n}\n<\/style>\n<div  class='hr av-jwj918c3-315e0fede61d05e0c478b80905e3cec5 hr-invisible  avia-builder-el-36  el_after_av_image  avia-builder-el-last '><span class='hr-inner '><span class=\"hr-inner-style\"><\/span><\/span><\/div>\n\n<\/div><\/div><\/div><!-- close content main div --><\/div><\/div><div id='av_section_13'  class='avia-section av-jt5vrdgv-4386718e65b314e69682ca60ae604601 main_color avia-section-default avia-no-border-styling  avia-builder-el-37  el_after_av_section  el_before_av_section  reduced-content avia-bg-style-scroll container_wrap sidebar_right'  ><div class='container av-section-cont-open' ><div class='template-page content  av-content-small alpha units'><div class='post-entry post-entry-type-page post-entry-5249'><div class='entry-content-wrapper clearfix'>\n\n<style type=\"text\/css\" data-created_by=\"avia_inline_auto\" id=\"style-css-av-1g5aou-6e8505d9de1136ce38f66b0d0e5d2a36\">\n.flex_column.av-1g5aou-6e8505d9de1136ce38f66b0d0e5d2a36{\nborder-radius:0px 0px 0px 0px;\npadding:0px 0px 0px 0px;\n}\n<\/style>\n<div  class='flex_column av-1g5aou-6e8505d9de1136ce38f66b0d0e5d2a36 av_one_full  avia-builder-el-38  avia-builder-el-no-sibling  first flex_column_div av-zero-column-padding  '     ><section  class='av_textblock_section av-jt5tjyk0-005b7b9db978b702a721a131f71d3f78 '   itemscope=\"itemscope\" itemtype=\"https:\/\/schema.org\/BlogPosting\" itemprop=\"blogPost\" ><div class='avia_textblock'  itemprop=\"text\" ><h3>5.) Unterwegs im vielseitigen Salzburg<\/h3>\n<p>Dass die Alpen nicht nur beschauliche St\u00e4dtchen, sondern lebhafte St\u00e4dte-Highlights zu bieten haben, erfahren Sie auf der n\u00e4chsten Etappe Ihrer Alpen-Tour. Ziel: Das pulsierende Salzburg, das mit zahlreichen Sehensw\u00fcrdigkeiten aufwartet. Absolutes Must-see: Die gro\u00dfe Altstadt, \u00fcber der der Festungsberg mit der gewaltigen Festung Hohensalzburg thront. Von hier aus genie\u00dfen Sie \u00fcbrigens den besten Blick auf die Altstadt. Nehmen Sie sich Zeit und schlendern Sie durch die historische \u201eMozartstadt\u201c, wo zahlreiche Caf\u00e9s zum Verweilen einladen.<\/p>\n<p><strong>Tipp<\/strong>: Rund um Salzburg finden Sie gleich mehrere Stellpl\u00e4tze. Sch\u00f6n zentral liegt der <a href=\"http:\/\/www.reisemobilstellplatz-salzburg.at\/\" target=\"_blank\" rel=\"noopener noreferrer\">Reisemobil Stellplatz Salzburg<\/a> (Carl-Zuckmayer-Stra\u00dfe 26, 5020 Salzburg).<\/p>\n<\/div><\/section><\/div>\n\n<\/div><\/div><\/div><!-- close content main div --><\/div><\/div><div id='av_section_14'  class='avia-section av-b7gvl-1eb57de5f7b7a94c40602e8cf977ebb0 main_color avia-section-default avia-no-border-styling  avia-builder-el-40  el_after_av_section  el_before_av_section  reduced-content avia-bg-style-scroll container_wrap sidebar_right'  ><div class='container av-section-cont-open' ><div class='template-page content  av-content-small alpha units'><div class='post-entry post-entry-type-page post-entry-5249'><div class='entry-content-wrapper clearfix'>\n\n<style type=\"text\/css\" data-created_by=\"avia_inline_auto\" id=\"style-css-av-jtplvt5k-0245f9648c7fc720bf8d7deec515ddd1\">\n.avia-image-container.av-jtplvt5k-0245f9648c7fc720bf8d7deec515ddd1 img.avia_image{\nbox-shadow:none;\n}\n.avia-image-container.av-jtplvt5k-0245f9648c7fc720bf8d7deec515ddd1 .av-caption-image-overlay-bg{\nopacity:0.4;\nbackground-color:#000000;\n}\n.avia-image-container.av-jtplvt5k-0245f9648c7fc720bf8d7deec515ddd1 .av-image-caption-overlay-center{\ncolor:#ffffff;\n}\n<\/style>\n<div  class='avia-image-container av-jtplvt5k-0245f9648c7fc720bf8d7deec515ddd1 av-styling- av-img-linked avia_animated_image av-animated-when-visible-95 fade-in avia-align-center  avia-builder-el-41  el_before_av_hr  avia-builder-el-first  noHover av-overlay-on-hover'   itemprop=\"image\" itemscope=\"itemscope\" itemtype=\"https:\/\/schema.org\/ImageObject\" ><div class=\"avia-image-container-inner\"><div class=\"avia-image-overlay-wrap\"><a href=\"https:\/\/www.tuicamper.com\/wp-docker\/wp-content\/uploads\/2019\/12\/salzburg-1030x686.jpg\" data-srcset=\"https:\/\/www.tuicamper.com\/wp-docker\/wp-content\/uploads\/2019\/12\/salzburg-1030x686.jpg 1030w, https:\/\/www.tuicamper.com\/wp-docker\/wp-content\/uploads\/2019\/12\/salzburg-300x200.jpg 300w, https:\/\/www.tuicamper.com\/wp-docker\/wp-content\/uploads\/2019\/12\/salzburg-768x512.jpg 768w, https:\/\/www.tuicamper.com\/wp-docker\/wp-content\/uploads\/2019\/12\/salzburg-705x470.jpg 705w, https:\/\/www.tuicamper.com\/wp-docker\/wp-content\/uploads\/2019\/12\/salzburg.jpg 1280w\" data-sizes=\"(max-width: 1030px) 100vw, 1030px\" class='avia_image '  aria-label='salzburg'><div class=\"av-image-caption-overlay\"><div class=\"av-caption-image-overlay-bg\"><\/div><div class=\"av-image-caption-overlay-position\"><div class=\"av-image-caption-overlay-center\"><p>Schloss in Salzburg<\/p>\n<\/div><\/div><\/div><img decoding=\"async\" fetchpriority=\"high\" class='wp-image-5256 avia-img-lazy-loading-not-5256 avia_image ' src=\"https:\/\/www.tuicamper.com\/wp-docker\/wp-content\/uploads\/2019\/12\/salzburg-1280x630.jpg\" alt='salzburg' title='salzburg'  height=\"630\" width=\"1280\"  itemprop=\"thumbnailUrl\"  \/><\/a><\/div><\/div><\/div>\n\n<style type=\"text\/css\" data-created_by=\"avia_inline_auto\" id=\"style-css-av-jwj918c3-315e0fede61d05e0c478b80905e3cec5\">\n#top .hr.hr-invisible.av-jwj918c3-315e0fede61d05e0c478b80905e3cec5{\nheight:25px;\n}\n<\/style>\n<div  class='hr av-jwj918c3-315e0fede61d05e0c478b80905e3cec5 hr-invisible  avia-builder-el-42  el_after_av_image  avia-builder-el-last '><span class='hr-inner '><span class=\"hr-inner-style\"><\/span><\/span><\/div>\n\n<\/div><\/div><\/div><!-- close content main div --><\/div><\/div><div id='av_section_15'  class='avia-section av-jt5vrdgv-4386718e65b314e69682ca60ae604601 main_color avia-section-default avia-no-border-styling  avia-builder-el-43  el_after_av_section  el_before_av_section  reduced-content avia-bg-style-scroll container_wrap sidebar_right'  ><div class='container av-section-cont-open' ><div class='template-page content  av-content-small alpha units'><div class='post-entry post-entry-type-page post-entry-5249'><div class='entry-content-wrapper clearfix'>\n\n<style type=\"text\/css\" data-created_by=\"avia_inline_auto\" id=\"style-css-av-1g5aou-6e8505d9de1136ce38f66b0d0e5d2a36\">\n.flex_column.av-1g5aou-6e8505d9de1136ce38f66b0d0e5d2a36{\nborder-radius:0px 0px 0px 0px;\npadding:0px 0px 0px 0px;\n}\n<\/style>\n<div  class='flex_column av-1g5aou-6e8505d9de1136ce38f66b0d0e5d2a36 av_one_full  avia-builder-el-44  avia-builder-el-no-sibling  first flex_column_div av-zero-column-padding  '     ><section  class='av_textblock_section av-jt5tjyk0-005b7b9db978b702a721a131f71d3f78 '   itemscope=\"itemscope\" itemtype=\"https:\/\/schema.org\/BlogPosting\" itemprop=\"blogPost\" ><div class='avia_textblock'  itemprop=\"text\" ><h3>6.) Sch\u00f6nau am K\u00f6nigssee im Nationalpark Berchtesgaden<\/h3>\n<p>Von Salzburg aus geht es zur\u00fcck nach Deutschland \u2013 geradewegs in den Nationalpark Berchtesgaden. Der einzige deutsche Nationalpark in den Alpen ist insbesondere f\u00fcr die spektakul\u00e4re Kulisse am K\u00f6nigssee ber\u00fchmt. Der Blick vom Aussichtspunkt Malerwinkel aus auf den fjord\u00e4hnlichen, von steilen Felsw\u00e4nden eingerahmten See ist schlichtweg atemberaubend. Von Sch\u00f6nau am K\u00f6nigssee aus k\u00f6nnen Sie den faszinierenden See zudem im Rahmen einer Bootstour erkunden.<\/p>\n<p><strong>Tipp<\/strong>: F\u00fcr eine \u00dcbernachtung bietet sich der toll gelegene und gut ausgestattete <a href=\"http:\/\/www.camping-grafenlehen.de\/de\/\" target=\"_blank\" rel=\"noopener noreferrer\">Campingplatz Grafenlehen<\/a> an.<\/p>\n<\/div><\/section><\/div>\n\n<\/div><\/div><\/div><!-- close content main div --><\/div><\/div><div id='av_section_16'  class='avia-section av-b7gvl-1eb57de5f7b7a94c40602e8cf977ebb0 main_color avia-section-default avia-no-border-styling  avia-builder-el-46  el_after_av_section  el_before_av_section  reduced-content avia-bg-style-scroll container_wrap sidebar_right'  ><div class='container av-section-cont-open' ><div class='template-page content  av-content-small alpha units'><div class='post-entry post-entry-type-page post-entry-5249'><div class='entry-content-wrapper clearfix'>\n\n<style type=\"text\/css\" data-created_by=\"avia_inline_auto\" id=\"style-css-av-jtplvt5k-bf104982c6dc2f8de7a62f8bb244f785\">\n.avia-image-container.av-jtplvt5k-bf104982c6dc2f8de7a62f8bb244f785 img.avia_image{\nbox-shadow:none;\n}\n.avia-image-container.av-jtplvt5k-bf104982c6dc2f8de7a62f8bb244f785 .av-caption-image-overlay-bg{\nopacity:0.4;\nbackground-color:#000000;\n}\n.avia-image-container.av-jtplvt5k-bf104982c6dc2f8de7a62f8bb244f785 .av-image-caption-overlay-center{\ncolor:#ffffff;\n}\n<\/style>\n<div  class='avia-image-container av-jtplvt5k-bf104982c6dc2f8de7a62f8bb244f785 av-styling- av-img-linked avia_animated_image av-animated-when-visible-95 fade-in avia-align-center  avia-builder-el-47  el_before_av_hr  avia-builder-el-first  noHover av-overlay-on-hover'   itemprop=\"image\" itemscope=\"itemscope\" itemtype=\"https:\/\/schema.org\/ImageObject\" ><div class=\"avia-image-container-inner\"><div class=\"avia-image-overlay-wrap\"><a href=\"https:\/\/www.tuicamper.com\/wp-docker\/wp-content\/uploads\/2019\/12\/k\u00f6nigssee-1030x687.jpg\" data-srcset=\"https:\/\/www.tuicamper.com\/wp-docker\/wp-content\/uploads\/2019\/12\/k\u00f6nigssee-1030x687.jpg 1030w, https:\/\/www.tuicamper.com\/wp-docker\/wp-content\/uploads\/2019\/12\/k\u00f6nigssee-300x200.jpg 300w, https:\/\/www.tuicamper.com\/wp-docker\/wp-content\/uploads\/2019\/12\/k\u00f6nigssee-768x512.jpg 768w, https:\/\/www.tuicamper.com\/wp-docker\/wp-content\/uploads\/2019\/12\/k\u00f6nigssee-705x470.jpg 705w, https:\/\/www.tuicamper.com\/wp-docker\/wp-content\/uploads\/2019\/12\/k\u00f6nigssee.jpg 1280w\" data-sizes=\"(max-width: 1030px) 100vw, 1030px\" class='avia_image '  ><div class=\"av-image-caption-overlay\"><div class=\"av-caption-image-overlay-bg\"><\/div><div class=\"av-image-caption-overlay-position\"><div class=\"av-image-caption-overlay-center\"><p>K\u00f6nigssee im Nationalpark Berchtesgaden<\/p>\n<\/div><\/div><\/div><img decoding=\"async\" fetchpriority=\"high\" class='wp-image-5257 avia-img-lazy-loading-not-5257 avia_image ' src=\"https:\/\/www.tuicamper.com\/wp-docker\/wp-content\/uploads\/2019\/12\/k\u00f6nigssee-1280x630.jpg\" alt='Blick auf den K\u00f6nigssee' title=''  height=\"630\" width=\"1280\"  itemprop=\"thumbnailUrl\"  \/><\/a><\/div><\/div><\/div>\n\n<style type=\"text\/css\" data-created_by=\"avia_inline_auto\" id=\"style-css-av-jwj918c3-315e0fede61d05e0c478b80905e3cec5\">\n#top .hr.hr-invisible.av-jwj918c3-315e0fede61d05e0c478b80905e3cec5{\nheight:25px;\n}\n<\/style>\n<div  class='hr av-jwj918c3-315e0fede61d05e0c478b80905e3cec5 hr-invisible  avia-builder-el-48  el_after_av_image  avia-builder-el-last '><span class='hr-inner '><span class=\"hr-inner-style\"><\/span><\/span><\/div>\n\n<\/div><\/div><\/div><!-- close content main div --><\/div><\/div><div id='av_section_17'  class='avia-section av-jt5vrdgv-4386718e65b314e69682ca60ae604601 main_color avia-section-default avia-no-border-styling  avia-builder-el-49  el_after_av_section  avia-builder-el-last  reduced-content avia-bg-style-scroll container_wrap sidebar_right'  ><div class='container av-section-cont-open' ><div class='template-page content  av-content-small alpha units'><div class='post-entry post-entry-type-page post-entry-5249'><div class='entry-content-wrapper clearfix'>\n<div  class='avia-button-wrap av-ju2eusip-97710f6dcc707c8eed466dbdaec97a2c-wrap avia-button-center  avia-builder-el-50  el_before_av_one_full  avia-builder-el-first '><a href='https:\/\/www.tuicamper.com\/'  class='avia-button av-ju2eusip-97710f6dcc707c8eed466dbdaec97a2c av-link-btn avia-icon_select-yes-right-icon avia-size-large avia-position-center avia-color-theme-color'   aria-label=\"Jetzt Wohnmobil mieten\"><span class='avia_iconbox_title' >Jetzt Wohnmobil mieten<\/span><span class='avia_button_icon avia_button_icon_right avia-iconfont avia-font-entypo-fontello' data-av_icon='\ue875' data-av_iconfont='entypo-fontello' ><\/span><\/a><\/div>\n\n<style type=\"text\/css\" data-created_by=\"avia_inline_auto\" id=\"style-css-av-1g5aou-6e8505d9de1136ce38f66b0d0e5d2a36\">\n.flex_column.av-1g5aou-6e8505d9de1136ce38f66b0d0e5d2a36{\nborder-radius:0px 0px 0px 0px;\npadding:0px 0px 0px 0px;\n}\n<\/style>\n<div  class='flex_column av-1g5aou-6e8505d9de1136ce38f66b0d0e5d2a36 av_one_full  avia-builder-el-51  el_after_av_button  el_before_av_social_share  first flex_column_div av-zero-column-padding  '     ><style type=\"text\/css\" data-created_by=\"avia_inline_auto\" id=\"style-css-av-jt5tjyk0-c058b77acb2af43fe9af15466eb4a9bd\">\n#top .av_textblock_section.av-jt5tjyk0-c058b77acb2af43fe9af15466eb4a9bd .avia_textblock{\nfont-size:28px;\n}\n<\/style>\n<section  class='av_textblock_section av-jt5tjyk0-c058b77acb2af43fe9af15466eb4a9bd '   itemscope=\"itemscope\" itemtype=\"https:\/\/schema.org\/BlogPosting\" itemprop=\"blogPost\" ><div class='avia_textblock'  itemprop=\"text\" ><p><strong>Ihr TUI CAMPER-Team w\u00fcnscht Ihnen eine atemberaubende Wohnmobil-Tour durch die Alpen!<\/strong><\/p>\n<\/div><\/section><\/div><div  class='av-social-sharing-box av-10zg8-8676a2d54b4a15bbf6c39a1c18f0815b av-social-sharing-box-default  avia-builder-el-53  el_after_av_one_full  avia-builder-el-last  av-social-sharing-box-fullwidth'><div class=\"av-share-box\"><ul class=\"av-share-box-list noLightbox\"><li class='av-share-link av-social-link-facebook avia_social_iconfont' ><a target=\"_blank\" aria-label=\"Teilen auf Facebook\" href='https:\/\/www.facebook.com\/sharer.php?u=https:\/\/www.tuicamper.com\/magazin\/wohnmobil-alpen\/&#038;t=Mit%20dem%20Wohnmobil%20einmal%20quer%20durch%20die%20Alpen' data-av_icon='\ue8f3' data-av_iconfont='entypo-fontello'  title='' data-avia-related-tooltip='Teilen auf Facebook'><span class='avia_hidden_link_text'>Teilen auf Facebook<\/span><\/a><\/li><li class='av-share-link av-social-link-twitter avia_social_iconfont' ><a target=\"_blank\" aria-label=\"Teilen auf X\" href='https:\/\/twitter.com\/share?text=Mit%20dem%20Wohnmobil%20einmal%20quer%20durch%20die%20Alpen&#038;url=https:\/\/www.tuicamper.com\/magazin\/wohnmobil-alpen\/' data-av_icon='\ue932' data-av_iconfont='entypo-fontello'  title='' data-avia-related-tooltip='Teilen auf X'><span class='avia_hidden_link_text'>Teilen auf X<\/span><\/a><\/li><li class='av-share-link av-social-link-whatsapp avia_social_iconfont' ><a target=\"_blank\" aria-label=\"Teilen auf WhatsApp\" href='https:\/\/api.whatsapp.com\/send?text=https:\/\/www.tuicamper.com\/magazin\/wohnmobil-alpen\/' data-av_icon='\uf232' data-av_iconfont='entypo-fontello'  title='' data-avia-related-tooltip='Teilen auf WhatsApp'><span class='avia_hidden_link_text'>Teilen auf WhatsApp<\/span><\/a><\/li><li class='av-share-link av-social-link-pinterest avia_social_iconfont' ><a target=\"_blank\" aria-label=\"Teilen auf Pinterest\" href='https:\/\/pinterest.com\/pin\/create\/button\/?url=https%3A%2F%2Fwww.tuicamper.com%2Fmagazin%2Fwohnmobil-alpen%2F&#038;description=Mit%20dem%20Wohnmobil%20einmal%20quer%20durch%20die%20Alpen&#038;media=https%3A%2F%2Fwww.tuicamper.com%2Fwp-docker%2Fwp-content%2Fuploads%2F2019%2F12%2Falpen-705x269.jpg' data-av_icon='\ue8f8' data-av_iconfont='entypo-fontello'  title='' data-avia-related-tooltip='Teilen auf Pinterest'><span class='avia_hidden_link_text'>Teilen auf Pinterest<\/span><\/a><\/li><li class='av-share-link av-social-link-mail avia_social_iconfont' ><a  aria-label=\"Per E-Mail teilen\" href='mailto:?subject=Mit%20dem%20Wohnmobil%20einmal%20quer%20durch%20die%20Alpen&#038;body=https:\/\/www.tuicamper.com\/magazin\/wohnmobil-alpen\/' data-av_icon='\ue805' data-av_iconfont='entypo-fontello'  title='' data-avia-related-tooltip='Per E-Mail teilen'><span class='avia_hidden_link_text'>Per E-Mail teilen<\/span><\/a><\/li><\/ul><\/div><\/div>\n<\/div><\/div><\/div><!-- close content main div --><\/div><\/div><div id='after_section_17'  class='main_color av_default_container_wrap container_wrap sidebar_right'  ><div class='container av-section-cont-open' ><div class='template-page content  av-content-small alpha units'><div class='post-entry post-entry-type-page post-entry-5249'><div class='entry-content-wrapper clearfix'>\n","protected":false},"excerpt":{"rendered":"<p>Unvergessliche Panoramablicke, lebhafte St\u00e4dtchen und atemberaubende Natur-Highlights. Lesen Sie, was Sie auf einer Wohnmobil-Tour durch die Alpen erwartet!<\/p>\n","protected":false},"author":4,"featured_media":5250,"comment_status":"open","ping_status":"open","sticky":false,"template":"","format":"standard","meta":{"footnotes":""},"categories":[33],"tags":[28,50,68],"class_list":["post-5249","post","type-post","status-publish","format-standard","has-post-thumbnail","hentry","category-reisethema","tag-deutschland","tag-natur","tag-oesterreich"],"yoast_head":"<!-- This site is optimized with the Yoast SEO plugin v27.4 - https:\/\/yoast.com\/product\/yoast-seo-wordpress\/ -->\n<title>Mit dem Wohnmobil einmal quer durch die Alpen - TUI Camper Magazin<\/title>\n<meta name=\"description\" content=\"Unvergessliche Panoramablicke, lebhafte St\u00e4dtchen und atemberaubende Natur-Highlights. Lesen Sie, was Sie auf einer Wohnmobil-Tour durch die Alpen erwartet!\" \/>\n<meta name=\"robots\" content=\"index, follow, max-snippet:-1, max-image-preview:large, max-video-preview:-1\" \/>\n<link rel=\"canonical\" href=\"https:\/\/www.tuicamper.com\/magazin\/wohnmobil-alpen\/\" \/>\n<meta property=\"og:locale\" content=\"de_DE\" \/>\n<meta property=\"og:type\" content=\"article\" \/>\n<meta property=\"og:title\" content=\"Mit dem Wohnmobil einmal quer durch die Alpen - TUI Camper Magazin\" \/>\n<meta property=\"og:description\" content=\"Unvergessliche Panoramablicke, lebhafte St\u00e4dtchen und atemberaubende Natur-Highlights. Lesen Sie, was Sie auf einer Wohnmobil-Tour durch die Alpen erwartet!\" \/>\n<meta property=\"og:url\" content=\"https:\/\/www.tuicamper.com\/magazin\/wohnmobil-alpen\/\" \/>\n<meta property=\"og:site_name\" content=\"TUI Camper Magazin\" \/>\n<meta property=\"article:published_time\" content=\"2019-12-19T12:34:28+00:00\" \/>\n<meta property=\"article:modified_time\" content=\"2020-09-03T09:26:33+00:00\" \/>\n<meta property=\"og:image\" content=\"https:\/\/www.tuicamper.com\/wp-docker\/wp-content\/uploads\/2019\/12\/alpen.jpg\" \/>\n\t<meta property=\"og:image:width\" content=\"1310\" \/>\n\t<meta property=\"og:image:height\" content=\"500\" \/>\n\t<meta property=\"og:image:type\" content=\"image\/jpeg\" \/>\n<meta name=\"author\" content=\"Trang\" \/>\n<meta name=\"twitter:card\" content=\"summary_large_image\" \/>\n<meta name=\"twitter:label1\" content=\"Verfasst von\" \/>\n\t<meta name=\"twitter:data1\" content=\"Trang\" \/>\n\t<meta name=\"twitter:label2\" content=\"Gesch\u00e4tzte Lesezeit\" \/>\n\t<meta name=\"twitter:data2\" content=\"26\u00a0Minuten\" \/>\n<!-- \/ Yoast SEO plugin. -->","yoast_head_json":{"title":"Mit dem Wohnmobil einmal quer durch die Alpen - TUI Camper Magazin","description":"Unvergessliche Panoramablicke, lebhafte St\u00e4dtchen und atemberaubende Natur-Highlights. Lesen Sie, was Sie auf einer Wohnmobil-Tour durch die Alpen erwartet!","robots":{"index":"index","follow":"follow","max-snippet":"max-snippet:-1","max-image-preview":"max-image-preview:large","max-video-preview":"max-video-preview:-1"},"canonical":"https:\/\/www.tuicamper.com\/magazin\/wohnmobil-alpen\/","og_locale":"de_DE","og_type":"article","og_title":"Mit dem Wohnmobil einmal quer durch die Alpen - TUI Camper Magazin","og_description":"Unvergessliche Panoramablicke, lebhafte St\u00e4dtchen und atemberaubende Natur-Highlights. Lesen Sie, was Sie auf einer Wohnmobil-Tour durch die Alpen erwartet!","og_url":"https:\/\/www.tuicamper.com\/magazin\/wohnmobil-alpen\/","og_site_name":"TUI Camper Magazin","article_published_time":"2019-12-19T12:34:28+00:00","article_modified_time":"2020-09-03T09:26:33+00:00","og_image":[{"width":1310,"height":500,"url":"https:\/\/www.tuicamper.com\/wp-docker\/wp-content\/uploads\/2019\/12\/alpen.jpg","type":"image\/jpeg"}],"author":"Trang","twitter_card":"summary_large_image","twitter_misc":{"Verfasst von":"Trang","Gesch\u00e4tzte Lesezeit":"26\u00a0Minuten"},"schema":{"@context":"https:\/\/schema.org","@graph":[{"@type":"Article","@id":"https:\/\/www.tuicamper.com\/magazin\/wohnmobil-alpen\/#article","isPartOf":{"@id":"https:\/\/www.tuicamper.com\/magazin\/wohnmobil-alpen\/"},"author":{"name":"Trang","@id":"https:\/\/www.tuicamper.com\/wp-docker\/#\/schema\/person\/64621aaf52862d378f4e7a6961086fa3"},"headline":"Mit dem Wohnmobil einmal quer durch die Alpen","datePublished":"2019-12-19T12:34:28+00:00","dateModified":"2020-09-03T09:26:33+00:00","mainEntityOfPage":{"@id":"https:\/\/www.tuicamper.com\/magazin\/wohnmobil-alpen\/"},"wordCount":4251,"commentCount":0,"image":{"@id":"https:\/\/www.tuicamper.com\/magazin\/wohnmobil-alpen\/#primaryimage"},"thumbnailUrl":"https:\/\/www.tuicamper.com\/wp-docker\/wp-content\/uploads\/2019\/12\/alpen.jpg","keywords":["Deutschland","Natur","\u00d6sterreich"],"articleSection":["Reisethema"],"inLanguage":"de","potentialAction":[{"@type":"CommentAction","name":"Comment","target":["https:\/\/www.tuicamper.com\/magazin\/wohnmobil-alpen\/#respond"]}]},{"@type":"WebPage","@id":"https:\/\/www.tuicamper.com\/magazin\/wohnmobil-alpen\/","url":"https:\/\/www.tuicamper.com\/magazin\/wohnmobil-alpen\/","name":"Mit dem Wohnmobil einmal quer durch die Alpen - TUI Camper Magazin","isPartOf":{"@id":"https:\/\/www.tuicamper.com\/#website"},"primaryImageOfPage":{"@id":"https:\/\/www.tuicamper.com\/magazin\/wohnmobil-alpen\/#primaryimage"},"image":{"@id":"https:\/\/www.tuicamper.com\/magazin\/wohnmobil-alpen\/#primaryimage"},"thumbnailUrl":"https:\/\/www.tuicamper.com\/wp-content\/uploads\/2019\/12\/alpen.jpg","datePublished":"2019-12-19T12:34:28+00:00","dateModified":"2020-09-03T09:26:33+00:00","author":{"@id":"https:\/\/www.tuicamper.com\/#\/schema\/person\/64621aaf52862d378f4e7a6961086fa3"},"description":"Unvergessliche Panoramablicke, lebhafte St\u00e4dtchen und atemberaubende Natur-Highlights. Lesen Sie, was Sie auf einer Wohnmobil-Tour durch die Alpen erwartet!","breadcrumb":{"@id":"https:\/\/www.tuicamper.com\/magazin\/wohnmobil-alpen\/#breadcrumb"},"inLanguage":"de","potentialAction":["Array"]},{"@type":"ImageObject","inLanguage":"de","@id":"https:\/\/www.tuicamper.com\/magazin\/wohnmobil-alpen\/#primaryimage","url":"https:\/\/www.tuicamper.com\/wp-docker\/wp-content\/uploads\/2019\/12\/alpen.jpg","contentUrl":"https:\/\/www.tuicamper.com\/wp-docker\/wp-content\/uploads\/2019\/12\/alpen.jpg","width":1310,"height":500,"caption":"alpen"},{"@type":"BreadcrumbList","@id":"https:\/\/www.tuicamper.com\/magazin\/wohnmobil-alpen\/#breadcrumb","itemListElement":[{"@type":"ListItem","position":1,"name":"Startseite","item":"https:\/\/www.tuicamper.com\/wp-docker\/"},{"@type":"ListItem","position":2,"name":"Mit dem Wohnmobil einmal quer durch die Alpen"}]},{"@type":"WebSite","@id":"https:\/\/www.tuicamper.com\/#website","url":"https:\/\/www.tuicamper.com\/","name":"TUI Camper Magazin","description":"","potentialAction":["Array"],"inLanguage":"de"},{"@type":"Person","@id":"https:\/\/www.tuicamper.com\/wp-docker\/#\/schema\/person\/64621aaf52862d378f4e7a6961086fa3","name":"Trang","image":{"@type":"ImageObject","inLanguage":"de","@id":"https:\/\/secure.gravatar.com\/avatar\/c946f00f16c232f8cdecfb386f553c12468182e6b4443fb0719b0ef4d8387620?s=96&d=mm&r=g","url":"https:\/\/secure.gravatar.com\/avatar\/c946f00f16c232f8cdecfb386f553c12468182e6b4443fb0719b0ef4d8387620?s=96&d=mm&r=g","contentUrl":"https:\/\/secure.gravatar.com\/avatar\/c946f00f16c232f8cdecfb386f553c12468182e6b4443fb0719b0ef4d8387620?s=96&d=mm&r=g","caption":"Trang"},"url":"https:\/\/www.tuicamper.com\/wp-docker\/magazin\/author\/trang\/"}]}},"_links":{"self":[{"href":"https:\/\/www.tuicamper.com\/wp-docker\/wp-json\/wp\/v2\/posts\/5249","targetHints":{"allow":["GET"]}}],"collection":[{"href":"https:\/\/www.tuicamper.com\/wp-docker\/wp-json\/wp\/v2\/posts"}],"about":[{"href":"https:\/\/www.tuicamper.com\/wp-docker\/wp-json\/wp\/v2\/types\/post"}],"author":[{"embeddable":true,"href":"https:\/\/www.tuicamper.com\/wp-docker\/wp-json\/wp\/v2\/users\/4"}],"replies":[{"embeddable":true,"href":"https:\/\/www.tuicamper.com\/wp-docker\/wp-json\/wp\/v2\/comments?post=5249"}],"version-history":[{"count":12,"href":"https:\/\/www.tuicamper.com\/wp-docker\/wp-json\/wp\/v2\/posts\/5249\/revisions"}],"predecessor-version":[{"id":6672,"href":"https:\/\/www.tuicamper.com\/wp-docker\/wp-json\/wp\/v2\/posts\/5249\/revisions\/6672"}],"wp:featuredmedia":[{"embeddable":true,"href":"https:\/\/www.tuicamper.com\/wp-docker\/wp-json\/wp\/v2\/media\/5250"}],"wp:attachment":[{"href":"https:\/\/www.tuicamper.com\/wp-docker\/wp-json\/wp\/v2\/media?parent=5249"}],"wp:term":[{"taxonomy":"category","embeddable":true,"href":"https:\/\/www.tuicamper.com\/wp-docker\/wp-json\/wp\/v2\/categories?post=5249"},{"taxonomy":"post_tag","embeddable":true,"href":"https:\/\/www.tuicamper.com\/wp-docker\/wp-json\/wp\/v2\/tags?post=5249"}],"curies":[{"name":"wp","href":"https:\/\/api.w.org\/{rel}","templated":true}]}}