{"id":4904,"date":"2019-12-03T15:36:15","date_gmt":"2019-12-03T14:36:15","guid":{"rendered":"https:\/\/www.tuicamper.com\/wp-docker\/?p=4904"},"modified":"2020-11-18T10:52:49","modified_gmt":"2020-11-18T09:52:49","slug":"melbourne-sehenswuerdigkeiten","status":"publish","type":"post","link":"https:\/\/www.tuicamper.com\/magazin\/melbourne-sehenswuerdigkeiten\/","title":{"rendered":"Mit Olli durch Australien #07: Melbourne Sehensw\u00fcrdigkeiten"},"content":{"rendered":"<div id='av_section_1'  class='avia-section av-jt5vrdgv-4386718e65b314e69682ca60ae604601 main_color avia-section-default avia-no-border-styling  avia-builder-el-0  el_before_av_textblock  avia-builder-el-first  reduced-content avia-bg-style-scroll container_wrap sidebar_right'  ><div class='container av-section-cont-open' ><main  role=\"main\" itemprop=\"mainContentOfPage\"  class='template-page content  av-content-small alpha units'><div class='post-entry post-entry-type-page post-entry-4904'><div class='entry-content-wrapper clearfix'>\n\n<style type=\"text\/css\" data-created_by=\"avia_inline_auto\" id=\"style-css-av-1g5aou-6e8505d9de1136ce38f66b0d0e5d2a36\">\n.flex_column.av-1g5aou-6e8505d9de1136ce38f66b0d0e5d2a36{\nborder-radius:0px 0px 0px 0px;\npadding:0px 0px 0px 0px;\n}\n<\/style>\n<div  class='flex_column av-1g5aou-6e8505d9de1136ce38f66b0d0e5d2a36 av_one_full  avia-builder-el-1  avia-builder-el-no-sibling  first flex_column_div av-zero-column-padding  '     ><section  class='av_textblock_section av-jt5tjyk0-3c3ad3c49a2fedf7b0c26b6227895b8a '   itemscope=\"itemscope\" itemtype=\"https:\/\/schema.org\/BlogPosting\" itemprop=\"blogPost\" ><div class='avia_textblock'  itemprop=\"text\" ><p><a href=\"#mit-olli\"><img loading=\"lazy\" decoding=\"async\" class=\"alignleft wp-image-5041 size-full\" src=\"https:\/\/www.tuicamper.com\/wp-docker\/wp-content\/uploads\/2019\/11\/Kleiner-Banner.jpg\" alt=\"Mit Olli durch Australien\" width=\"165\" height=\"200\" \/><\/a>Unsere Camper-Reise von Sydney nach Melbourne neigt sich dem Ende entgegen. Wir haben 14 Tage lang die Sch\u00f6nheit der australischen S\u00fcdk\u00fcste mit all ihren Facetten kennen und lieben gelernt. Als letzter Stopp unserer Reise stand die zweitgr\u00f6\u00dfte Stadt des Kontinents auf der Agenda \u2013 <a href=\"https:\/\/www.tuicamper.com\/reiseziele\/ozeanien\/australien\/melbourne\/\">Melbourne<\/a>. Was wir dort so alles erlebt und welche Sehensw\u00fcrdigkeiten Melbournes wir besucht haben, erfahrt ihr hier.<\/p>\n<\/div><\/section><\/div><\/div><\/div><\/main><!-- close content main element --><\/div><\/div><div id='after_section_1'  class='main_color av_default_container_wrap container_wrap sidebar_right'  ><div class='container av-section-cont-open' ><div class='template-page content  av-content-small alpha units'><div class='post-entry post-entry-type-page post-entry-4904'><div class='entry-content-wrapper clearfix'><section  class='av_textblock_section av-jtpqpty6-550c066a997ebaf648fccc87d0b9ff16 '   itemscope=\"itemscope\" itemtype=\"https:\/\/schema.org\/BlogPosting\" itemprop=\"blogPost\" ><div class='avia_textblock'  itemprop=\"text\" >\n<\/div><\/section><\/p>\n<\/div><\/div><\/div><!-- close content main div --><\/div><\/div><div id='av_section_2'  class='avia-section av-jt5vrdgv-4386718e65b314e69682ca60ae604601 main_color avia-section-default avia-no-border-styling  avia-builder-el-4  el_after_av_textblock  el_before_av_section  reduced-content avia-bg-style-scroll container_wrap sidebar_right'  ><div class='container av-section-cont-open' ><div class='template-page content  av-content-small alpha units'><div class='post-entry post-entry-type-page post-entry-4904'><div class='entry-content-wrapper clearfix'>\n<section  class='av_textblock_section av-jt5tjyk0-1e04ddf86ca9bd8201b4b17bbb4a6491 '   itemscope=\"itemscope\" itemtype=\"https:\/\/schema.org\/BlogPosting\" itemprop=\"blogPost\" ><div class='avia_textblock'  itemprop=\"text\" ><div id=\"js-table-of-contents\">\r\n    <strong>Inhaltsverzeichnis<\/strong>\r\n<\/div>\n<\/div><\/section>\n\n<\/div><\/div><\/div><!-- close content main div --><\/div><\/div><div id='av_section_3'  class='avia-section av-jt5vrdgv-4386718e65b314e69682ca60ae604601 main_color avia-section-default avia-no-border-styling  avia-builder-el-6  el_after_av_section  el_before_av_section  reduced-content avia-bg-style-scroll container_wrap sidebar_right'  ><div class='container av-section-cont-open' ><div class='template-page content  av-content-small alpha units'><div class='post-entry post-entry-type-page post-entry-4904'><div class='entry-content-wrapper clearfix'>\n\n<style type=\"text\/css\" data-created_by=\"avia_inline_auto\" id=\"style-css-av-1g5aou-6e8505d9de1136ce38f66b0d0e5d2a36\">\n.flex_column.av-1g5aou-6e8505d9de1136ce38f66b0d0e5d2a36{\nborder-radius:0px 0px 0px 0px;\npadding:0px 0px 0px 0px;\n}\n<\/style>\n<div  class='flex_column av-1g5aou-6e8505d9de1136ce38f66b0d0e5d2a36 av_one_full  avia-builder-el-7  avia-builder-el-no-sibling  first flex_column_div av-zero-column-padding  '     ><section  class='av_textblock_section av-jt5tjyk0-005b7b9db978b702a721a131f71d3f78 '   itemscope=\"itemscope\" itemtype=\"https:\/\/schema.org\/BlogPosting\" itemprop=\"blogPost\" ><div class='avia_textblock'  itemprop=\"text\" ><h2>Mit dem Wohnmobil durch Melbourne<\/h2>\n<p>Machen wir uns nichts vor, Wohnmobilfahren in Gro\u00dfst\u00e4dten ist immer etwas stressig. Nervige Parkplatzsuche und Staus sind auch in Melbourne an der Tagesordnung.<br \/>\nAm besten lasst ihr das Wohnmobil in Melbourne direkt nach eurer Ankunft auf dem Campingplatz stehen. Die \u00f6ffentlichen Verkehrsmittel bringen euch verl\u00e4sslich zu den Hot-Spots. Wenn ihr euch etwas mehr Komfort w\u00fcnscht, k\u00f6nnt ihr nat\u00fcrlich auch Taxi fahren oder Uber nutzen.<\/p>\n<p>Unser Campingplatz, der <a href=\"https:\/\/www.melbournebig4.com.au\/\" target=\"_blank\" rel=\"noopener noreferrer\">BIG4 Melbourne Holiday Park<\/a>, lag etwas abseits im Norden der Stadt. Wenn ihr dichter am Zentrum der Metropole schlafen wollt, solltet ihr euch also nach einer Alternative umschauen. Wie fast alle BIG4-Pl\u00e4tze, war aber auch der Melbourne Holiday Park sehr gut ausgestattet und sauber.<\/p>\n<\/div><\/section><\/div>\n\n<\/div><\/div><\/div><!-- close content main div --><\/div><\/div><div id='av_section_4'  class='avia-section av-b7gvl-1eb57de5f7b7a94c40602e8cf977ebb0 main_color avia-section-default avia-no-border-styling  avia-builder-el-9  el_after_av_section  el_before_av_section  reduced-content avia-bg-style-scroll container_wrap sidebar_right'  ><div class='container av-section-cont-open' ><div class='template-page content  av-content-small alpha units'><div class='post-entry post-entry-type-page post-entry-4904'><div class='entry-content-wrapper clearfix'>\n\n<style type=\"text\/css\" data-created_by=\"avia_inline_auto\" id=\"style-css-av-jtplvt5k-8b897d51d604c970f5f8a16bf9beefbb\">\n.avia-image-container.av-jtplvt5k-8b897d51d604c970f5f8a16bf9beefbb img.avia_image{\nbox-shadow:none;\n}\n.avia-image-container.av-jtplvt5k-8b897d51d604c970f5f8a16bf9beefbb .av-caption-image-overlay-bg{\nopacity:0.4;\nbackground-color:#000000;\n}\n.avia-image-container.av-jtplvt5k-8b897d51d604c970f5f8a16bf9beefbb .av-image-caption-overlay-center{\ncolor:#ffffff;\n}\n<\/style>\n<div  class='avia-image-container av-jtplvt5k-8b897d51d604c970f5f8a16bf9beefbb av-styling- av-img-linked avia_animated_image av-animated-when-visible-95 fade-in avia-align-center  avia-builder-el-10  el_before_av_hr  avia-builder-el-first  noHover av-overlay-on-hover'   itemprop=\"image\" itemscope=\"itemscope\" itemtype=\"https:\/\/schema.org\/ImageObject\" ><div class=\"avia-image-container-inner\"><div class=\"avia-image-overlay-wrap\"><a href=\"https:\/\/www.tuicamper.com\/wp-docker\/wp-content\/uploads\/2019\/12\/melbourne-holiday-park-1030x687.jpg\" data-srcset=\"https:\/\/www.tuicamper.com\/wp-docker\/wp-content\/uploads\/2019\/12\/melbourne-holiday-park-1030x687.jpg 1030w, https:\/\/www.tuicamper.com\/wp-docker\/wp-content\/uploads\/2019\/12\/melbourne-holiday-park-300x200.jpg 300w, https:\/\/www.tuicamper.com\/wp-docker\/wp-content\/uploads\/2019\/12\/melbourne-holiday-park-768x512.jpg 768w, https:\/\/www.tuicamper.com\/wp-docker\/wp-content\/uploads\/2019\/12\/melbourne-holiday-park-705x470.jpg 705w, https:\/\/www.tuicamper.com\/wp-docker\/wp-content\/uploads\/2019\/12\/melbourne-holiday-park.jpg 1288w\" data-sizes=\"(max-width: 1030px) 100vw, 1030px\" class='avia_image '  aria-label='Unser Camper auf dem Melbourne Holiday Park'><div class=\"av-image-caption-overlay\"><div class=\"av-caption-image-overlay-bg\"><\/div><div class=\"av-image-caption-overlay-position\"><div class=\"av-image-caption-overlay-center\"><p>Unser Camper auf dem Melbourne Holiday Park<\/p>\n<\/div><\/div><\/div><img decoding=\"async\" fetchpriority=\"high\" class='wp-image-4927 avia-img-lazy-loading-not-4927 avia_image ' src=\"https:\/\/www.tuicamper.com\/wp-docker\/wp-content\/uploads\/2019\/12\/melbourne-holiday-park-1288x630.jpg\" alt='Unser Camper auf dem Melbourne Holiday Park' title='Unser Camper auf dem Melbourne Holiday Park'  height=\"630\" width=\"1288\"  itemprop=\"thumbnailUrl\"  \/><\/a><\/div><\/div><\/div>\n\n<style type=\"text\/css\" data-created_by=\"avia_inline_auto\" id=\"style-css-av-jwj918c3-315e0fede61d05e0c478b80905e3cec5\">\n#top .hr.hr-invisible.av-jwj918c3-315e0fede61d05e0c478b80905e3cec5{\nheight:25px;\n}\n<\/style>\n<div  class='hr av-jwj918c3-315e0fede61d05e0c478b80905e3cec5 hr-invisible  avia-builder-el-11  el_after_av_image  avia-builder-el-last '><span class='hr-inner '><span class=\"hr-inner-style\"><\/span><\/span><\/div>\n\n<\/div><\/div><\/div><!-- close content main div --><\/div><\/div><div id='av_section_5'  class='avia-section av-jt5vrdgv-4386718e65b314e69682ca60ae604601 main_color avia-section-default avia-no-border-styling  avia-builder-el-12  el_after_av_section  el_before_av_section  reduced-content avia-bg-style-scroll container_wrap sidebar_right'  ><div class='container av-section-cont-open' ><div class='template-page content  av-content-small alpha units'><div class='post-entry post-entry-type-page post-entry-4904'><div class='entry-content-wrapper clearfix'>\n\n<style type=\"text\/css\" data-created_by=\"avia_inline_auto\" id=\"style-css-av-1g5aou-6e8505d9de1136ce38f66b0d0e5d2a36\">\n.flex_column.av-1g5aou-6e8505d9de1136ce38f66b0d0e5d2a36{\nborder-radius:0px 0px 0px 0px;\npadding:0px 0px 0px 0px;\n}\n<\/style>\n<div  class='flex_column av-1g5aou-6e8505d9de1136ce38f66b0d0e5d2a36 av_one_full  avia-builder-el-13  el_before_av_image  avia-builder-el-first  first flex_column_div av-zero-column-padding  '     ><section  class='av_textblock_section av-jt5tjyk0-005b7b9db978b702a721a131f71d3f78 '   itemscope=\"itemscope\" itemtype=\"https:\/\/schema.org\/BlogPosting\" itemprop=\"blogPost\" ><div class='avia_textblock'  itemprop=\"text\" ><h3>1. Sehensw\u00fcrdigkeiten Melbourne: Der Brighton Beach<\/h3>\n<p>Bevor es jedoch in Richtung Campingplatz ging, legten wir noch einen kleinen Zwischenstopp an einer der bekanntesten Sehensw\u00fcrdigkeiten Melbournes ein: dem Brighton Beach mit seinen kunterbunten Bathing Boxes.<\/p>\n<p>Die farbenfrohen H\u00fctten s\u00e4umen den Strand seit den 1860er Jahren und haben so manches Unwetter in der Bucht von Port Phillip schadlos \u00fcberstanden. Zwischenzeitlich hatte die Verwaltung des Stadtteils Brighton \u00fcberlegt, die charmanten Bretterbuden abrei\u00dfen zu lassen, doch gl\u00fccklicherweise kam es nicht dazu. Denn sie machen nicht nur optisch einiges her, sondern erfreuen sich auch gro\u00dfer Beliebtheit bei betuchten Melbournians.<\/p>\n<\/div><\/section><\/div>\n<style type=\"text\/css\" data-created_by=\"avia_inline_auto\" id=\"style-css-av-jtplvt5k-b7b210c7bf700ccfa56edeb81b7a13b5\">\n.avia-image-container.av-jtplvt5k-b7b210c7bf700ccfa56edeb81b7a13b5 img.avia_image{\nbox-shadow:none;\n}\n.avia-image-container.av-jtplvt5k-b7b210c7bf700ccfa56edeb81b7a13b5 .av-caption-image-overlay-bg{\nopacity:0.4;\nbackground-color:#000000;\n}\n.avia-image-container.av-jtplvt5k-b7b210c7bf700ccfa56edeb81b7a13b5 .av-image-caption-overlay-center{\ncolor:#ffffff;\n}\n<\/style>\n<div  class='avia-image-container av-jtplvt5k-b7b210c7bf700ccfa56edeb81b7a13b5 av-styling- av-img-linked avia_animated_image av-animated-when-visible-95 fade-in avia-align-center  avia-builder-el-15  el_after_av_one_full  avia-builder-el-last  noHover av-overlay-on-hover'   itemprop=\"image\" itemscope=\"itemscope\" itemtype=\"https:\/\/schema.org\/ImageObject\" ><div class=\"avia-image-container-inner\"><div class=\"avia-image-overlay-wrap\"><a href=\"https:\/\/www.tuicamper.com\/wp-docker\/wp-content\/uploads\/2019\/12\/M10P3030-1030x687.jpg\" data-srcset=\"https:\/\/www.tuicamper.com\/wp-docker\/wp-content\/uploads\/2019\/12\/M10P3030-1030x687.jpg 1030w, https:\/\/www.tuicamper.com\/wp-docker\/wp-content\/uploads\/2019\/12\/M10P3030-300x200.jpg 300w, https:\/\/www.tuicamper.com\/wp-docker\/wp-content\/uploads\/2019\/12\/M10P3030-768x512.jpg 768w, https:\/\/www.tuicamper.com\/wp-docker\/wp-content\/uploads\/2019\/12\/M10P3030-705x470.jpg 705w, https:\/\/www.tuicamper.com\/wp-docker\/wp-content\/uploads\/2019\/12\/M10P3030.jpg 1288w\" data-sizes=\"(max-width: 1030px) 100vw, 1030px\" class='avia_image '  aria-label='Bathing Boxes am Brighton Beach'><div class=\"av-image-caption-overlay\"><div class=\"av-caption-image-overlay-bg\"><\/div><div class=\"av-image-caption-overlay-position\"><div class=\"av-image-caption-overlay-center\"><p>Bathing Boxes am Brighton Beach<\/p>\n<\/div><\/div><\/div><img decoding=\"async\" fetchpriority=\"high\" class='wp-image-4928 avia-img-lazy-loading-not-4928 avia_image ' src=\"https:\/\/www.tuicamper.com\/wp-docker\/wp-content\/uploads\/2019\/12\/M10P3030-1288x630.jpg\" alt='' title='Bathing Boxes am Brighton Beach'  height=\"630\" width=\"1288\"  itemprop=\"thumbnailUrl\"  \/><\/a><\/div><\/div><\/div>\n\n<\/div><\/div><\/div><!-- close content main div --><\/div><\/div><div id='av_section_6'  class='avia-section av-jt5vrdgv-4386718e65b314e69682ca60ae604601 main_color avia-section-default avia-no-border-styling  avia-builder-el-16  el_after_av_section  el_before_av_section  reduced-content avia-bg-style-scroll container_wrap sidebar_right'  ><div class='container av-section-cont-open' ><div class='template-page content  av-content-small alpha units'><div class='post-entry post-entry-type-page post-entry-4904'><div class='entry-content-wrapper clearfix'>\n\n<style type=\"text\/css\" data-created_by=\"avia_inline_auto\" id=\"style-css-av-1g5aou-6e8505d9de1136ce38f66b0d0e5d2a36\">\n.flex_column.av-1g5aou-6e8505d9de1136ce38f66b0d0e5d2a36{\nborder-radius:0px 0px 0px 0px;\npadding:0px 0px 0px 0px;\n}\n<\/style>\n<div  class='flex_column av-1g5aou-6e8505d9de1136ce38f66b0d0e5d2a36 av_one_full  avia-builder-el-17  avia-builder-el-no-sibling  first flex_column_div av-zero-column-padding  '     ><section  class='av_textblock_section av-jt5tjyk0-005b7b9db978b702a721a131f71d3f78 '   itemscope=\"itemscope\" itemtype=\"https:\/\/schema.org\/BlogPosting\" itemprop=\"blogPost\" ><div class='avia_textblock'  itemprop=\"text\" ><p>Die meisten Bathing Boxes befinden sich seit Generationen in Familienbesitz. Freie H\u00fctten sind, um es mit einem typisch australischen Wortspiel zu umschreiben, so rar wie H\u00fchnerz\u00e4hne.<\/p>\n<p>Zuletzt erzielte Box Nummer 76B (von insgesamt 88) bei einer Versteigerung die sagenhafte Verkaufssumme von 337.000 Australischen Dollar, umgerechnet rund 207.000 Euro. Die bunten Buden sind also allesamt in Privatbesitz und d\u00fcrfen nicht vermietet werden.<\/p>\n<p>Alle Eigent\u00fcmer m\u00fcssen in ihren kleinen Refugien auf Strom verzichten, da hatten wir ihnen in unserem Camper etwas voraus. Da wir direkt am Strand auf dem Public Car Park an der K\u00fcstenstra\u00dfe Esplanade halten konnten, teilten wir uns mit den Box-Ownern die herrliche Aussicht auf die Bucht, mit dem feinen Unterschied, dass wir kalte Getr\u00e4nke hatten.<\/p>\n<p><u>Weitere Str\u00e4nde:<br \/>\n<\/u><strong>St. Kilda:<\/strong> Nur etwa 7 Km vom Zentrum entfernt. Mit historischer Promenade und vielen Pubs und Bars. Beliebtes Ausgeh-Ziel der Melbournians.<br \/>\n<strong>Williamstown Beach:<\/strong> Liegt im Westen der Port Phillip Bay. Tolle Aussicht auf die Skyline Melbournes.<br \/>\n<strong>Altona Beach:<\/strong> Benannt von einem Hamburger Siedler. Hier bietet der Strand zus\u00e4tzlich Restaurants\u00a0 und Bars, ein Pier und Sanit\u00e4ranlagen.<br \/>\n<strong>Bells Beach:<\/strong> Jenseits der Port Phillip Bucht mit ihrem seichten Wasser ist Bells Beach der Treffpunkt f\u00fcr Surfer und andere Wassersportler. Liegt aber fast 100 Km au\u00dferhalb von Melbourne.<\/p>\n<\/div><\/section><\/div>\n\n<\/div><\/div><\/div><!-- close content main div --><\/div><\/div><div id='av_section_7'  class='avia-section av-jt5vrdgv-4386718e65b314e69682ca60ae604601 main_color avia-section-default avia-no-border-styling  avia-builder-el-19  el_after_av_section  el_before_av_section  reduced-content avia-bg-style-scroll container_wrap sidebar_right'  ><div class='container av-section-cont-open' ><div class='template-page content  av-content-small alpha units'><div class='post-entry post-entry-type-page post-entry-4904'><div class='entry-content-wrapper clearfix'>\n\n<style type=\"text\/css\" data-created_by=\"avia_inline_auto\" id=\"style-css-av-1g5aou-6e8505d9de1136ce38f66b0d0e5d2a36\">\n.flex_column.av-1g5aou-6e8505d9de1136ce38f66b0d0e5d2a36{\nborder-radius:0px 0px 0px 0px;\npadding:0px 0px 0px 0px;\n}\n<\/style>\n<div  class='flex_column av-1g5aou-6e8505d9de1136ce38f66b0d0e5d2a36 av_one_full  avia-builder-el-20  el_before_av_image  avia-builder-el-first  first flex_column_div av-zero-column-padding  '     ><section  class='av_textblock_section av-jt5tjyk0-005b7b9db978b702a721a131f71d3f78 '   itemscope=\"itemscope\" itemtype=\"https:\/\/schema.org\/BlogPosting\" itemprop=\"blogPost\" ><div class='avia_textblock'  itemprop=\"text\" ><h3>2. Eureka Tower \u2013 360 Grad Blick auf Melbourne<\/h3>\n<p>Eine weitere Sehensw\u00fcrdigkeit Melbournes ist der Eureka Tower an der\u00a0Southbank Promenade, der lebhaften Flaniermeile am Yarra River. Der Wolkenkratzer ist mit einer\u00a0H\u00f6he von 297,3 Metern das h\u00f6chste Geb\u00e4ude Melbournes und das zweith\u00f6chste Australiens sowie der s\u00fcdlichen Hemisph\u00e4re.<\/p>\n<p>Auf 285 Metern liegt das Skydeck, die \u00f6ffentliche Aussichtsplattform des Towers. Hier gibt es ein Restaurant, eine Au\u00dfenterrasse und nat\u00fcrlich einen \u00fcberw\u00e4ltigenden 360 Grad Blick auf Melbourne. Wenn ihr die atemberaubende Aussicht auf die Stadt, das Meer und bei gutem Wetter sogar die Dandenongs Bergkette genie\u00dfen k\u00f6nnt, habt ihr die erste Attraktion im Eureka Tower bereits hinter euch.<\/p>\n<\/div><\/section><\/div>\n<style type=\"text\/css\" data-created_by=\"avia_inline_auto\" id=\"style-css-av-jtplvt5k-9bb2b2e0307214b5b7ad980444d3c30b\">\n.avia-image-container.av-jtplvt5k-9bb2b2e0307214b5b7ad980444d3c30b img.avia_image{\nbox-shadow:none;\n}\n.avia-image-container.av-jtplvt5k-9bb2b2e0307214b5b7ad980444d3c30b .av-caption-image-overlay-bg{\nopacity:0.4;\nbackground-color:#000000;\n}\n.avia-image-container.av-jtplvt5k-9bb2b2e0307214b5b7ad980444d3c30b .av-image-caption-overlay-center{\ncolor:#ffffff;\n}\n<\/style>\n<div  class='avia-image-container av-jtplvt5k-9bb2b2e0307214b5b7ad980444d3c30b av-styling- av-img-linked avia_animated_image av-animated-when-visible-95 fade-in avia-align-center  avia-builder-el-22  el_after_av_one_full  el_before_av_one_full  noHover av-overlay-on-hover'   itemprop=\"image\" itemscope=\"itemscope\" itemtype=\"https:\/\/schema.org\/ImageObject\" ><div class=\"avia-image-container-inner\"><div class=\"avia-image-overlay-wrap\"><a href=\"https:\/\/www.tuicamper.com\/wp-docker\/wp-content\/uploads\/2019\/12\/eureka-tower-1030x687.jpg\" data-srcset=\"https:\/\/www.tuicamper.com\/wp-docker\/wp-content\/uploads\/2019\/12\/eureka-tower-1030x687.jpg 1030w, https:\/\/www.tuicamper.com\/wp-docker\/wp-content\/uploads\/2019\/12\/eureka-tower-300x200.jpg 300w, https:\/\/www.tuicamper.com\/wp-docker\/wp-content\/uploads\/2019\/12\/eureka-tower-768x512.jpg 768w, https:\/\/www.tuicamper.com\/wp-docker\/wp-content\/uploads\/2019\/12\/eureka-tower-705x470.jpg 705w, https:\/\/www.tuicamper.com\/wp-docker\/wp-content\/uploads\/2019\/12\/eureka-tower.jpg 1288w\" data-sizes=\"(max-width: 1030px) 100vw, 1030px\" class='avia_image '  aria-label='Blick vom Eureka Tower'><div class=\"av-image-caption-overlay\"><div class=\"av-caption-image-overlay-bg\"><\/div><div class=\"av-image-caption-overlay-position\"><div class=\"av-image-caption-overlay-center\"><p>Blick vom Eureka Tower<\/p>\n<\/div><\/div><\/div><img decoding=\"async\" fetchpriority=\"high\" class='wp-image-4933 avia-img-lazy-loading-not-4933 avia_image ' src=\"https:\/\/www.tuicamper.com\/wp-docker\/wp-content\/uploads\/2019\/12\/eureka-tower-1288x630.jpg\" alt='Blick vom Eureka Tower' title='Blick vom Eureka Tower'  height=\"630\" width=\"1288\"  itemprop=\"thumbnailUrl\"  \/><\/a><\/div><\/div><\/div>\n\n<style type=\"text\/css\" data-created_by=\"avia_inline_auto\" id=\"style-css-av-1g5aou-6e8505d9de1136ce38f66b0d0e5d2a36\">\n.flex_column.av-1g5aou-6e8505d9de1136ce38f66b0d0e5d2a36{\nborder-radius:0px 0px 0px 0px;\npadding:0px 0px 0px 0px;\n}\n<\/style>\n<div  class='flex_column av-1g5aou-6e8505d9de1136ce38f66b0d0e5d2a36 av_one_full  avia-builder-el-23  el_after_av_image  avia-builder-el-last  first flex_column_div av-zero-column-padding  '     ><section  class='av_textblock_section av-jt5tjyk0-005b7b9db978b702a721a131f71d3f78 '   itemscope=\"itemscope\" itemtype=\"https:\/\/schema.org\/BlogPosting\" itemprop=\"blogPost\" ><div class='avia_textblock'  itemprop=\"text\" ><p>W\u00e4hlt ihr unter den 13 zur Verf\u00fcgung stehenden Aufz\u00fcgen anschlie\u00dfend den Express-Lift, braucht ihr nur 40 Sekunden, um in den 88. Stock hinaufzuschnellen. Das sind etwa 9 Meter pro Sekunde. Damit ist der Lift fast so schnell wie Usain Bolt bei seinem Weltrekord \u00fcber 100 Meter.<\/p>\n<p>Damit aber nicht genug der Action: Sucht ihr n\u00e4mlich den ultimativen Nervenkitzel, legen wir euch \u201eThe Edge\u201c ans Herz. Der Glaskubus f\u00e4hrt mit euch an Bord drei Meter aus der Fassade heraus. Wenn er dann auf Knopfdruck durchsichtig wird, schaut ihr rund 300 Meter in die Tiefe. Habt ihr H\u00f6henangst, solltet ihr diese Mutprobe tunlichst meiden, sucht ihr jedoch einen waschechten Adrenalin-Kick, ist The Edge genau das Richtige f\u00fcr euch.<\/p>\n<p>Als wir den Tower besuchten war es nass, neblig und die Fernsicht nicht optimal, aber immer noch imposant genug um das Fazit zu ziehen: Eureka Tower \u2013 lohnenswert!<\/p>\n<p><strong>Adresse<\/strong>: 7 Riverside Quay, Southbank VIC 3006, Australien<br \/>\n<strong>\u00d6ffnungszeiten<\/strong>: 10 \u2013 22 Uhr<br \/>\n<strong>Eintritt Erwachsene<\/strong>: Eureka Tower Skydeck 88 ab 23 AUD. Skydeck 88 inkl. The Edge ab 35 AUD.<\/p>\n<\/div><\/section><\/div>\n\n<\/div><\/div><\/div><!-- close content main div --><\/div><\/div><div id='av_section_8'  class='avia-section av-jt5vrdgv-4386718e65b314e69682ca60ae604601 main_color avia-section-default avia-no-border-styling  avia-builder-el-25  el_after_av_section  el_before_av_section  reduced-content avia-bg-style-scroll container_wrap sidebar_right'  ><div class='container av-section-cont-open' ><div class='template-page content  av-content-small alpha units'><div class='post-entry post-entry-type-page post-entry-4904'><div class='entry-content-wrapper clearfix'>\n\n<style type=\"text\/css\" data-created_by=\"avia_inline_auto\" id=\"style-css-av-1g5aou-6e8505d9de1136ce38f66b0d0e5d2a36\">\n.flex_column.av-1g5aou-6e8505d9de1136ce38f66b0d0e5d2a36{\nborder-radius:0px 0px 0px 0px;\npadding:0px 0px 0px 0px;\n}\n<\/style>\n<div  class='flex_column av-1g5aou-6e8505d9de1136ce38f66b0d0e5d2a36 av_one_full  avia-builder-el-26  el_before_av_image  avia-builder-el-first  first flex_column_div av-zero-column-padding  '     ><section  class='av_textblock_section av-jt5tjyk0-005b7b9db978b702a721a131f71d3f78 '   itemscope=\"itemscope\" itemtype=\"https:\/\/schema.org\/BlogPosting\" itemprop=\"blogPost\" ><div class='avia_textblock'  itemprop=\"text\" ><h3>3. Stadtspaziergang rund um den Federation Square<\/h3>\n<p>Vom Eureka Tower aus \u00fcberquerten wir zu Fu\u00df den Yarra River \u00fcber die Princes Bridge und erreichten nach etwa f\u00fcnf Minuten den Federation Square.<\/p>\n<p>Der belebte Platz ist das kulturelle Epizentrum Melbournes und idealer Ausgangspunkt f\u00fcr einen Stadtrundgang. Zwischen dem futuristischen Central Business District und dem mit Sportstadien gespickten Melbourne Park gelegen, ist der Federation Square der Hot-Spot f\u00fcr Reisende und Einheimische gleicherma\u00dfen.<\/p>\n<\/div><\/section><\/div>\n<style type=\"text\/css\" data-created_by=\"avia_inline_auto\" id=\"style-css-av-jtplvt5k-6400db2c971d66fa057a6e3ab0902af1\">\n.avia-image-container.av-jtplvt5k-6400db2c971d66fa057a6e3ab0902af1 img.avia_image{\nbox-shadow:none;\n}\n.avia-image-container.av-jtplvt5k-6400db2c971d66fa057a6e3ab0902af1 .av-caption-image-overlay-bg{\nopacity:0.4;\nbackground-color:#000000;\n}\n.avia-image-container.av-jtplvt5k-6400db2c971d66fa057a6e3ab0902af1 .av-image-caption-overlay-center{\ncolor:#ffffff;\n}\n<\/style>\n<div  class='avia-image-container av-jtplvt5k-6400db2c971d66fa057a6e3ab0902af1 av-styling- av-img-linked avia_animated_image av-animated-when-visible-95 fade-in avia-align-center  avia-builder-el-28  el_after_av_one_full  el_before_av_one_full  noHover av-overlay-on-hover'   itemprop=\"image\" itemscope=\"itemscope\" itemtype=\"https:\/\/schema.org\/ImageObject\" ><div class=\"avia-image-container-inner\"><div class=\"avia-image-overlay-wrap\"><a href=\"https:\/\/www.tuicamper.com\/wp-docker\/wp-content\/uploads\/2019\/12\/federation-square-1030x687.jpg\" data-srcset=\"https:\/\/www.tuicamper.com\/wp-docker\/wp-content\/uploads\/2019\/12\/federation-square-1030x687.jpg 1030w, https:\/\/www.tuicamper.com\/wp-docker\/wp-content\/uploads\/2019\/12\/federation-square-300x200.jpg 300w, https:\/\/www.tuicamper.com\/wp-docker\/wp-content\/uploads\/2019\/12\/federation-square-768x512.jpg 768w, https:\/\/www.tuicamper.com\/wp-docker\/wp-content\/uploads\/2019\/12\/federation-square-705x470.jpg 705w, https:\/\/www.tuicamper.com\/wp-docker\/wp-content\/uploads\/2019\/12\/federation-square.jpg 1288w\" data-sizes=\"(max-width: 1030px) 100vw, 1030px\" class='avia_image '  aria-label='Am Federation Square in Melbourne'><div class=\"av-image-caption-overlay\"><div class=\"av-caption-image-overlay-bg\"><\/div><div class=\"av-image-caption-overlay-position\"><div class=\"av-image-caption-overlay-center\"><p>Am Federation Square in Melbourne<\/p>\n<\/div><\/div><\/div><img decoding=\"async\" fetchpriority=\"high\" class='wp-image-4935 avia-img-lazy-loading-not-4935 avia_image ' src=\"https:\/\/www.tuicamper.com\/wp-docker\/wp-content\/uploads\/2019\/12\/federation-square-1288x630.jpg\" alt='' title='Am Federation Square in Melbourne'  height=\"630\" width=\"1288\"  itemprop=\"thumbnailUrl\"  \/><\/a><\/div><\/div><\/div>\n\n<style type=\"text\/css\" data-created_by=\"avia_inline_auto\" id=\"style-css-av-1g5aou-6e8505d9de1136ce38f66b0d0e5d2a36\">\n.flex_column.av-1g5aou-6e8505d9de1136ce38f66b0d0e5d2a36{\nborder-radius:0px 0px 0px 0px;\npadding:0px 0px 0px 0px;\n}\n<\/style>\n<div  class='flex_column av-1g5aou-6e8505d9de1136ce38f66b0d0e5d2a36 av_one_full  avia-builder-el-29  el_after_av_image  avia-builder-el-last  first flex_column_div av-zero-column-padding  '     ><section  class='av_textblock_section av-jt5tjyk0-005b7b9db978b702a721a131f71d3f78 '   itemscope=\"itemscope\" itemtype=\"https:\/\/schema.org\/BlogPosting\" itemprop=\"blogPost\" ><div class='avia_textblock'  itemprop=\"text\" ><p>Ganzj\u00e4hrig finden hier unz\u00e4hlige Events statt, vor allem aber ist der Platz der angesagteste Meeting Point Melbournes. Wollt ihr Leute kennenlernen oder einfach nur das pulsierende Leben der Metropole aufsaugen, dann f\u00fchrt am Federation Square kein Weg vorbei. Nat\u00fcrlich gibt es hier unz\u00e4hlige Bars und Restaurants, Souvenirshops und das Visitor Center. Architektonischer Blickfang ist das Ian Potter Centre. Das auff\u00e4llige Geb\u00e4ude beherbergt die australische Kunstsammlung der National Gallery of Victoria.<\/p>\n<p>Spaziert ihr weiter rund um den Platz, so k\u00f6nnt ihr noch die St. Pauls Cathedral besichtigen, durch die Royal Botanic Gardens flanieren oder der Rod Laver Arena einen Besuch abstatten, wo j\u00e4hrlich die Gewinner der Australien Open im Tennis ermittelt werden.<\/p>\n<p>Der Platz liegt direkt an der Flinders Street Station. Ihr k\u00f6nnt also euer Wohnmobil guten Gewissens auf dem Campingplatz stehen lassen und die \u00f6ffentlichen Verkehrsmittel nutzen, um das Zentrum rund um den Federation Square zu erkunden.<\/p>\n<p><strong>Adresse<\/strong>: Swanston St &amp; Flinders St, Melbourne VIC 3000<\/p>\n<\/div><\/section><\/div>\n\n<\/div><\/div><\/div><!-- close content main div --><\/div><\/div><div id='av_section_9'  class='avia-section av-jt5vrdgv-4386718e65b314e69682ca60ae604601 main_color avia-section-default avia-no-border-styling  avia-builder-el-31  el_after_av_section  el_before_av_section  reduced-content avia-bg-style-scroll container_wrap sidebar_right'  ><div class='container av-section-cont-open' ><div class='template-page content  av-content-small alpha units'><div class='post-entry post-entry-type-page post-entry-4904'><div class='entry-content-wrapper clearfix'>\n\n<style type=\"text\/css\" data-created_by=\"avia_inline_auto\" id=\"style-css-av-1g5aou-6e8505d9de1136ce38f66b0d0e5d2a36\">\n.flex_column.av-1g5aou-6e8505d9de1136ce38f66b0d0e5d2a36{\nborder-radius:0px 0px 0px 0px;\npadding:0px 0px 0px 0px;\n}\n<\/style>\n<div  class='flex_column av-1g5aou-6e8505d9de1136ce38f66b0d0e5d2a36 av_one_full  avia-builder-el-32  el_before_av_image  avia-builder-el-first  first flex_column_div av-zero-column-padding  '     ><section  class='av_textblock_section av-jt5tjyk0-005b7b9db978b702a721a131f71d3f78 '   itemscope=\"itemscope\" itemtype=\"https:\/\/schema.org\/BlogPosting\" itemprop=\"blogPost\" ><div class='avia_textblock'  itemprop=\"text\" ><h3>4. Chinatown in Melbourne<\/h3>\n<p>Folgt ihr vom Federation Square aus in n\u00f6rdlicher Richtung der Russel Street und biegt dann in die Little Bourke Street ein, so erblickt ihr eins von f\u00fcnf verzierten Toren mit geschwungenen Ziegeld\u00e4chern. Sie markieren die Eing\u00e4nge zum gr\u00f6\u00dften Chinatown in der westlichen Welt.<\/p>\n<\/div><\/section><\/div>\n<style type=\"text\/css\" data-created_by=\"avia_inline_auto\" id=\"style-css-av-jtplvt5k-480160f5d3f752323e95ed6857313c8a\">\n.avia-image-container.av-jtplvt5k-480160f5d3f752323e95ed6857313c8a img.avia_image{\nbox-shadow:none;\n}\n.avia-image-container.av-jtplvt5k-480160f5d3f752323e95ed6857313c8a .av-caption-image-overlay-bg{\nopacity:0.4;\nbackground-color:#000000;\n}\n.avia-image-container.av-jtplvt5k-480160f5d3f752323e95ed6857313c8a .av-image-caption-overlay-center{\ncolor:#ffffff;\n}\n<\/style>\n<div  class='avia-image-container av-jtplvt5k-480160f5d3f752323e95ed6857313c8a av-styling- av-img-linked avia_animated_image av-animated-when-visible-95 fade-in avia-align-center  avia-builder-el-34  el_after_av_one_full  el_before_av_one_full  noHover av-overlay-on-hover'   itemprop=\"image\" itemscope=\"itemscope\" itemtype=\"https:\/\/schema.org\/ImageObject\" ><div class=\"avia-image-container-inner\"><div class=\"avia-image-overlay-wrap\"><a href=\"https:\/\/www.tuicamper.com\/wp-docker\/wp-content\/uploads\/2019\/12\/chinatown-melbourne-1030x687.jpg\" data-srcset=\"https:\/\/www.tuicamper.com\/wp-docker\/wp-content\/uploads\/2019\/12\/chinatown-melbourne-1030x687.jpg 1030w, https:\/\/www.tuicamper.com\/wp-docker\/wp-content\/uploads\/2019\/12\/chinatown-melbourne-300x200.jpg 300w, https:\/\/www.tuicamper.com\/wp-docker\/wp-content\/uploads\/2019\/12\/chinatown-melbourne-768x512.jpg 768w, https:\/\/www.tuicamper.com\/wp-docker\/wp-content\/uploads\/2019\/12\/chinatown-melbourne-705x470.jpg 705w, https:\/\/www.tuicamper.com\/wp-docker\/wp-content\/uploads\/2019\/12\/chinatown-melbourne.jpg 1288w\" data-sizes=\"(max-width: 1030px) 100vw, 1030px\" class='avia_image '  aria-label='Chinatown in Melbourne'><div class=\"av-image-caption-overlay\"><div class=\"av-caption-image-overlay-bg\"><\/div><div class=\"av-image-caption-overlay-position\"><div class=\"av-image-caption-overlay-center\"><p>Chinatown in Melbourne<\/p>\n<\/div><\/div><\/div><img decoding=\"async\" fetchpriority=\"high\" class='wp-image-4938 avia-img-lazy-loading-not-4938 avia_image ' src=\"https:\/\/www.tuicamper.com\/wp-docker\/wp-content\/uploads\/2019\/12\/chinatown-melbourne-1288x630.jpg\" alt='Chinatown in Melbourne' title='Chinatown in Melbourne'  height=\"630\" width=\"1288\"  itemprop=\"thumbnailUrl\"  \/><\/a><\/div><\/div><\/div>\n\n<style type=\"text\/css\" data-created_by=\"avia_inline_auto\" id=\"style-css-av-1g5aou-6e8505d9de1136ce38f66b0d0e5d2a36\">\n.flex_column.av-1g5aou-6e8505d9de1136ce38f66b0d0e5d2a36{\nborder-radius:0px 0px 0px 0px;\npadding:0px 0px 0px 0px;\n}\n<\/style>\n<div  class='flex_column av-1g5aou-6e8505d9de1136ce38f66b0d0e5d2a36 av_one_full  avia-builder-el-35  el_after_av_image  avia-builder-el-last  first flex_column_div av-zero-column-padding  '     ><section  class='av_textblock_section av-jt5tjyk0-005b7b9db978b702a721a131f71d3f78 '   itemscope=\"itemscope\" itemtype=\"https:\/\/schema.org\/BlogPosting\" itemprop=\"blogPost\" ><div class='avia_textblock'  itemprop=\"text\" ><p>Um 1850 machten sich viele Chinesen von Hong Kong aus auf, um am australischen Goldrausch teilzuhaben. Sie versorgten die aus der ganzen Welt eintreffenden Goldsucher mit Nahrung, Material und Medizin. Heute noch vereint Chinatown viktorianische Architektur und fern\u00f6stliches Flair. Die vielf\u00e4ltige asiatische K\u00fcche ist exzellent und neben Restaurants gibt es unz\u00e4hlige Bars und Boutiquen zu entdecken.<\/p>\n<p>Neben dem Asian Food Festival im Juli lohnt sich auch der Besuch des chinesischen Neujahrsfestes in Chinatown. Dann wird allj\u00e4hrlich ein riesiger Drache f\u00fcr den Umzug aus dem Chinese Museum am Cohen Place hervorgeholt.<\/p>\n<p><strong>\u00a0Adresse<\/strong>: Little Bourke St, Melbourne VIC 3000<\/p>\n<\/div><\/section><\/div>\n\n<\/div><\/div><\/div><!-- close content main div --><\/div><\/div><div id='av_section_10'  class='avia-section av-jt5vrdgv-4386718e65b314e69682ca60ae604601 main_color avia-section-default avia-no-border-styling  avia-builder-el-37  el_after_av_section  el_before_av_section  reduced-content avia-bg-style-scroll container_wrap sidebar_right'  ><div class='container av-section-cont-open' ><div class='template-page content  av-content-small alpha units'><div class='post-entry post-entry-type-page post-entry-4904'><div class='entry-content-wrapper clearfix'>\n\n<style type=\"text\/css\" data-created_by=\"avia_inline_auto\" id=\"style-css-av-1g5aou-6e8505d9de1136ce38f66b0d0e5d2a36\">\n.flex_column.av-1g5aou-6e8505d9de1136ce38f66b0d0e5d2a36{\nborder-radius:0px 0px 0px 0px;\npadding:0px 0px 0px 0px;\n}\n<\/style>\n<div  class='flex_column av-1g5aou-6e8505d9de1136ce38f66b0d0e5d2a36 av_one_full  avia-builder-el-38  avia-builder-el-no-sibling  first flex_column_div av-zero-column-padding  '     ><section  class='av_textblock_section av-jt5tjyk0-005b7b9db978b702a721a131f71d3f78 '   itemscope=\"itemscope\" itemtype=\"https:\/\/schema.org\/BlogPosting\" itemprop=\"blogPost\" ><div class='avia_textblock'  itemprop=\"text\" ><h3>5. Queen Victoria Market \u2013 Shopping, Frische und Genuss<\/h3>\n<p>20 Fu\u00dfminuten westlich von Chinatown liegt der Queen Victoria Market. Er ist der gr\u00f6\u00dfte Freiluftmarkt der s\u00fcdlichen Halbkugel. Hier findet ihr alles, was das Herz begehrt, zu annehmbaren Preisen. Entstanden in der viktorianischen Zeit, z\u00e4hlt Queen Vic, wie die Melbournians sagen, zu den touristischen Attraktionen der Stadt. Neben einer riesigen Vielfalt an Fr\u00fcchten, Gem\u00fcse, Fleisch, Gefl\u00fcgel und Meeresfr\u00fcchten, gibt es dort Feinkost und Delikatessen zu kaufen. Das Street Food Angebot ist breit gef\u00e4chert und immer lecker. Wein und Craftbeer runden das kulinarische Erlebnis ab.<\/p>\n<p>Dar\u00fcber hinaus bietet der Markt unz\u00e4hlige Non-Food Waren wie Bekleidung, Schuhe, Schmuck und Kunsthandwerk. Sucht ihr ein Mitbringsel f\u00fcr die Heimat, werdet ihr hier f\u00fcndig. Publikumsmagnet im Queen Vic ist ein kleiner Donut-Wagen. Besucht ihr den Markt, solltet ihr nicht gehen, ohne einen der s\u00fc\u00dfen Kringel mit der \u00fcppigen Marmeladenf\u00fcllung probiert zu haben.<\/p>\n<\/div><\/section><br \/>\n\n<style type=\"text\/css\" data-created_by=\"avia_inline_auto\" id=\"style-css-av-jtplvt5k-2aa87d1f76fa63cbe36ad9db8bac2f4c\">\n.avia-image-container.av-jtplvt5k-2aa87d1f76fa63cbe36ad9db8bac2f4c img.avia_image{\nbox-shadow:none;\n}\n.avia-image-container.av-jtplvt5k-2aa87d1f76fa63cbe36ad9db8bac2f4c .av-caption-image-overlay-bg{\nopacity:0.4;\nbackground-color:#000000;\n}\n.avia-image-container.av-jtplvt5k-2aa87d1f76fa63cbe36ad9db8bac2f4c .av-image-caption-overlay-center{\ncolor:#ffffff;\n}\n<\/style>\n<div  class='avia-image-container av-jtplvt5k-2aa87d1f76fa63cbe36ad9db8bac2f4c av-styling- av-img-linked avia_animated_image av-animated-when-visible-95 fade-in avia-align-center  avia-builder-el-40  el_after_av_textblock  el_before_av_textblock  noHover av-overlay-on-hover'   itemprop=\"image\" itemscope=\"itemscope\" itemtype=\"https:\/\/schema.org\/ImageObject\" ><div class=\"avia-image-container-inner\"><div class=\"avia-image-overlay-wrap\"><a href=\"https:\/\/www.tuicamper.com\/wp-docker\/wp-content\/uploads\/2019\/12\/unterwegs-in-melbourne-1030x687.jpg\" data-srcset=\"https:\/\/www.tuicamper.com\/wp-docker\/wp-content\/uploads\/2019\/12\/unterwegs-in-melbourne-1030x687.jpg 1030w, https:\/\/www.tuicamper.com\/wp-docker\/wp-content\/uploads\/2019\/12\/unterwegs-in-melbourne-300x200.jpg 300w, https:\/\/www.tuicamper.com\/wp-docker\/wp-content\/uploads\/2019\/12\/unterwegs-in-melbourne-768x512.jpg 768w, https:\/\/www.tuicamper.com\/wp-docker\/wp-content\/uploads\/2019\/12\/unterwegs-in-melbourne-705x470.jpg 705w, https:\/\/www.tuicamper.com\/wp-docker\/wp-content\/uploads\/2019\/12\/unterwegs-in-melbourne.jpg 1288w\" data-sizes=\"(max-width: 1030px) 100vw, 1030px\" class='avia_image '  aria-label='Unterwegs in Melbourne'><div class=\"av-image-caption-overlay\"><div class=\"av-caption-image-overlay-bg\"><\/div><div class=\"av-image-caption-overlay-position\"><div class=\"av-image-caption-overlay-center\"><p>Unterwegs in Melbourne<\/p>\n<\/div><\/div><\/div><img decoding=\"async\" fetchpriority=\"high\" class='wp-image-4939 avia-img-lazy-loading-not-4939 avia_image ' src=\"https:\/\/www.tuicamper.com\/wp-docker\/wp-content\/uploads\/2019\/12\/unterwegs-in-melbourne-1288x630.jpg\" alt='' title='Unterwegs in Melbourne'  height=\"630\" width=\"1288\"  itemprop=\"thumbnailUrl\"  \/><\/a><\/div><\/div><\/div><br \/>\n<section  class='av_textblock_section av-jt5tjyk0-005b7b9db978b702a721a131f71d3f78 '   itemscope=\"itemscope\" itemtype=\"https:\/\/schema.org\/BlogPosting\" itemprop=\"blogPost\" ><div class='avia_textblock'  itemprop=\"text\" ><p>Erbaut um 1850 im viktorianischen Stil, erlebte Queen Vic 2003 eine nachhaltige Modernisierung. Das Dach erhielt eine 2000 Quadratmeter gro\u00dfe Photovoltaikanlage &#8211; die gr\u00f6\u00dfte in ganz Melbourne.<\/p>\n<p>Der Markt ist t\u00e4glich zwischen sechs (sonntags erst ab neun Uhr) und 15 Uhr ge\u00f6ffnet, nur am Montag bleibt er geschlossen. Im Sommer kann das bunte Treiben aber auch mal bis sp\u00e4t in den Abend gehen. Viele Special-Angebote und Shopping-Events haben besondere \u00d6ffnungszeiten, daher lohnt sich der Blick auf die <a href=\"https:\/\/qvm.com.au\/\" target=\"_blank\" rel=\"noopener noreferrer\">Website des Queen Victoria Markets<\/a>, wo die aktuellen \u00d6ffnungszeiten aufgef\u00fchrt sind.<\/p>\n<p><strong>Adresse:<\/strong><strong>\u00a0<\/strong>Queen St, Melbourne VIC 3000<\/p>\n<\/div><\/section><\/p><\/div>\n\n<\/div><\/div><\/div><!-- close content main div --><\/div><\/div><div id='av_section_11'  class='avia-section av-jt5vrdgv-4386718e65b314e69682ca60ae604601 main_color avia-section-default avia-no-border-styling  avia-builder-el-42  el_after_av_section  el_before_av_section  reduced-content avia-bg-style-scroll container_wrap sidebar_right'  ><div class='container av-section-cont-open' ><div class='template-page content  av-content-small alpha units'><div class='post-entry post-entry-type-page post-entry-4904'><div class='entry-content-wrapper clearfix'>\n\n<style type=\"text\/css\" data-created_by=\"avia_inline_auto\" id=\"style-css-av-1g5aou-6e8505d9de1136ce38f66b0d0e5d2a36\">\n.flex_column.av-1g5aou-6e8505d9de1136ce38f66b0d0e5d2a36{\nborder-radius:0px 0px 0px 0px;\npadding:0px 0px 0px 0px;\n}\n<\/style>\n<div  class='flex_column av-1g5aou-6e8505d9de1136ce38f66b0d0e5d2a36 av_one_full  avia-builder-el-43  el_before_av_image  avia-builder-el-first  first flex_column_div av-zero-column-padding  '     ><section  class='av_textblock_section av-jt5tjyk0-005b7b9db978b702a721a131f71d3f78 '   itemscope=\"itemscope\" itemtype=\"https:\/\/schema.org\/BlogPosting\" itemprop=\"blogPost\" ><div class='avia_textblock'  itemprop=\"text\" ><h3>6. Hosier Lane und Co. \u2013 Street Art in Melbourne<\/h3>\n<p>Gilt Melbourne als internationales Mekka f\u00fcr Street Art, so ist die Hosier Lane der farbenpr\u00e4chtige Schrein der Szene. Kaum jemand w\u00fcrde die dunkle, schmale Gasse betreten, w\u00e4re sie nicht in leuchtendes Graffiti geh\u00fcllt. W\u00e4hrend die Stra\u00dfenkunst in den siebziger und achtziger Jahren zun\u00e4chst Ausdruck verbotener Subkultur war, posieren heute frisch verm\u00e4hlte Ehepaare oder Models f\u00fcr Foto-Shootings vor der leuchtenden Kulisse in der Hosier Lane.<\/p>\n<\/div><\/section><\/div>\n<style type=\"text\/css\" data-created_by=\"avia_inline_auto\" id=\"style-css-av-jtplvt5k-586732dab3e88e62c2f8bd7c94f7f0f6\">\n.avia-image-container.av-jtplvt5k-586732dab3e88e62c2f8bd7c94f7f0f6 img.avia_image{\nbox-shadow:none;\n}\n.avia-image-container.av-jtplvt5k-586732dab3e88e62c2f8bd7c94f7f0f6 .av-caption-image-overlay-bg{\nopacity:0.4;\nbackground-color:#000000;\n}\n.avia-image-container.av-jtplvt5k-586732dab3e88e62c2f8bd7c94f7f0f6 .av-image-caption-overlay-center{\ncolor:#ffffff;\n}\n<\/style>\n<div  class='avia-image-container av-jtplvt5k-586732dab3e88e62c2f8bd7c94f7f0f6 av-styling- av-img-linked avia_animated_image av-animated-when-visible-95 fade-in avia-align-center  avia-builder-el-45  el_after_av_one_full  el_before_av_one_full  noHover av-overlay-on-hover'   itemprop=\"image\" itemscope=\"itemscope\" itemtype=\"https:\/\/schema.org\/ImageObject\" ><div class=\"avia-image-container-inner\"><div class=\"avia-image-overlay-wrap\"><a href=\"https:\/\/www.tuicamper.com\/wp-docker\/wp-content\/uploads\/2019\/12\/strassen-von-melbourne-687x1030.jpg\" data-srcset=\"https:\/\/www.tuicamper.com\/wp-docker\/wp-content\/uploads\/2019\/12\/strassen-von-melbourne-687x1030.jpg 687w, https:\/\/www.tuicamper.com\/wp-docker\/wp-content\/uploads\/2019\/12\/strassen-von-melbourne-200x300.jpg 200w, https:\/\/www.tuicamper.com\/wp-docker\/wp-content\/uploads\/2019\/12\/strassen-von-melbourne-768x1152.jpg 768w, https:\/\/www.tuicamper.com\/wp-docker\/wp-content\/uploads\/2019\/12\/strassen-von-melbourne-470x705.jpg 470w, https:\/\/www.tuicamper.com\/wp-docker\/wp-content\/uploads\/2019\/12\/strassen-von-melbourne.jpg 859w\" data-sizes=\"(max-width: 687px) 100vw, 687px\" class='avia_image '  aria-label='In den Stra\u00dfen von Melbourne'><div class=\"av-image-caption-overlay\"><div class=\"av-caption-image-overlay-bg\"><\/div><div class=\"av-image-caption-overlay-position\"><div class=\"av-image-caption-overlay-center\"><p>In den Stra\u00dfen von Melbourne<\/p>\n<\/div><\/div><\/div><img decoding=\"async\" fetchpriority=\"high\" class='wp-image-4940 avia-img-lazy-loading-not-4940 avia_image ' src=\"https:\/\/www.tuicamper.com\/wp-docker\/wp-content\/uploads\/2019\/12\/strassen-von-melbourne-859x430.jpg\" alt='' title='In den Stra\u00dfen von Melbourne'  height=\"430\" width=\"859\"  itemprop=\"thumbnailUrl\"  \/><\/a><\/div><\/div><\/div>\n\n<style type=\"text\/css\" data-created_by=\"avia_inline_auto\" id=\"style-css-av-1g5aou-6e8505d9de1136ce38f66b0d0e5d2a36\">\n.flex_column.av-1g5aou-6e8505d9de1136ce38f66b0d0e5d2a36{\nborder-radius:0px 0px 0px 0px;\npadding:0px 0px 0px 0px;\n}\n<\/style>\n<div  class='flex_column av-1g5aou-6e8505d9de1136ce38f66b0d0e5d2a36 av_one_full  avia-builder-el-46  el_after_av_image  avia-builder-el-last  first flex_column_div av-zero-column-padding  '     ><section  class='av_textblock_section av-jt5tjyk0-005b7b9db978b702a721a131f71d3f78 '   itemscope=\"itemscope\" itemtype=\"https:\/\/schema.org\/BlogPosting\" itemprop=\"blogPost\" ><div class='avia_textblock'  itemprop=\"text\" ><p>Seit Instagram verl\u00e4sst kein Teenager die Stadt, ohne dort ein Selfie gemacht zu haben. Umso mehr, da die enge Gasse in unmittelbarer N\u00e4he zum Federation Square liegt, dem lebhaften Treffpunkt der Jugend aus aller Welt.<\/p>\n<p>Auch der Superstar der Szene, Banksy, hat sich mehrfach in den Stra\u00dfen Melbournes mit seinen ikonischen Ratten-Stencils verewigt. Die meisten seiner insgesamt neun Werke wurden jedoch von ahnungslosen Anstreichern \u00fcbert\u00fcncht. Zuletzt wurde 2016 ein Stencil des K\u00fcnstlers in der ACDC Street durch Bauarbeiten zerst\u00f6rt. Die Hosier Lane macht jedoch nur einen kleinen Teil der Melbourner Street-Art-Kultur aus. Weitere bedeutende Werke findet ihr in der Union Lane, am Centre Place, in der Croft Alley oder der Fitzroy Street (diese Stra\u00dfen sind teilweise auch noch nicht ganz so \u00fcberlaufen wie die Hosier Lane).<\/p>\n<p><strong>Adresse<\/strong>: Hosier Ln,\u00a0Melbourne, Vic 3000<\/p>\n<\/div><\/section><\/div>\n\n<\/div><\/div><\/div><!-- close content main div --><\/div><\/div><div id='av_section_12'  class='avia-section av-jt5vrdgv-4386718e65b314e69682ca60ae604601 main_color avia-section-default avia-no-border-styling  avia-builder-el-48  el_after_av_section  el_before_av_section  reduced-content avia-bg-style-scroll container_wrap sidebar_right'  ><div class='container av-section-cont-open' ><div class='template-page content  av-content-small alpha units'><div class='post-entry post-entry-type-page post-entry-4904'><div class='entry-content-wrapper clearfix'>\n\n<style type=\"text\/css\" data-created_by=\"avia_inline_auto\" id=\"style-css-av-1g5aou-6e8505d9de1136ce38f66b0d0e5d2a36\">\n.flex_column.av-1g5aou-6e8505d9de1136ce38f66b0d0e5d2a36{\nborder-radius:0px 0px 0px 0px;\npadding:0px 0px 0px 0px;\n}\n<\/style>\n<div  class='flex_column av-1g5aou-6e8505d9de1136ce38f66b0d0e5d2a36 av_one_full  avia-builder-el-49  el_before_av_image  avia-builder-el-first  first flex_column_div av-zero-column-padding  '     ><section  class='av_textblock_section av-jt5tjyk0-005b7b9db978b702a721a131f71d3f78 '   itemscope=\"itemscope\" itemtype=\"https:\/\/schema.org\/BlogPosting\" itemprop=\"blogPost\" ><div class='avia_textblock'  itemprop=\"text\" ><h3>7. City Circle Tram in Melbourne<\/h3>\n<p>Wenn ihr euch entspannt einen \u00dcberblick \u00fcber die unz\u00e4hligen Sehensw\u00fcrdigkeiten Melbournes im Stadtzentrum verschaffen wollt, solltet ihr unbedingt eine Fahrt mit der City Circle Tram Melbourne machen.<\/p>\n<\/div><\/section><\/div>\n<style type=\"text\/css\" data-created_by=\"avia_inline_auto\" id=\"style-css-av-jtplvt5k-52c46e44c8394b4076f7a7399fd6998d\">\n.avia-image-container.av-jtplvt5k-52c46e44c8394b4076f7a7399fd6998d img.avia_image{\nbox-shadow:none;\n}\n.avia-image-container.av-jtplvt5k-52c46e44c8394b4076f7a7399fd6998d .av-caption-image-overlay-bg{\nopacity:0.4;\nbackground-color:#000000;\n}\n.avia-image-container.av-jtplvt5k-52c46e44c8394b4076f7a7399fd6998d .av-image-caption-overlay-center{\ncolor:#ffffff;\n}\n<\/style>\n<div  class='avia-image-container av-jtplvt5k-52c46e44c8394b4076f7a7399fd6998d av-styling- av-img-linked avia_animated_image av-animated-when-visible-95 fade-in avia-align-center  avia-builder-el-51  el_after_av_one_full  el_before_av_one_full  noHover av-overlay-on-hover'   itemprop=\"image\" itemscope=\"itemscope\" itemtype=\"https:\/\/schema.org\/ImageObject\" ><div class=\"avia-image-container-inner\"><div class=\"avia-image-overlay-wrap\"><a href=\"https:\/\/www.tuicamper.com\/wp-docker\/wp-content\/uploads\/2019\/12\/city-circle-tram-1030x687.jpg\" data-srcset=\"https:\/\/www.tuicamper.com\/wp-docker\/wp-content\/uploads\/2019\/12\/city-circle-tram-1030x687.jpg 1030w, https:\/\/www.tuicamper.com\/wp-docker\/wp-content\/uploads\/2019\/12\/city-circle-tram-300x200.jpg 300w, https:\/\/www.tuicamper.com\/wp-docker\/wp-content\/uploads\/2019\/12\/city-circle-tram-768x512.jpg 768w, https:\/\/www.tuicamper.com\/wp-docker\/wp-content\/uploads\/2019\/12\/city-circle-tram-705x470.jpg 705w, https:\/\/www.tuicamper.com\/wp-docker\/wp-content\/uploads\/2019\/12\/city-circle-tram.jpg 1288w\" data-sizes=\"(max-width: 1030px) 100vw, 1030px\" class='avia_image '  aria-label='Tram in Melbourne'><div class=\"av-image-caption-overlay\"><div class=\"av-caption-image-overlay-bg\"><\/div><div class=\"av-image-caption-overlay-position\"><div class=\"av-image-caption-overlay-center\"><p>Tram in Melbourne<\/p>\n<\/div><\/div><\/div><img decoding=\"async\" fetchpriority=\"high\" class='wp-image-4942 avia-img-lazy-loading-not-4942 avia_image ' src=\"https:\/\/www.tuicamper.com\/wp-docker\/wp-content\/uploads\/2019\/12\/city-circle-tram-1288x630.jpg\" alt='Tram in Melbourne' title='Tram in Melbourne'  height=\"630\" width=\"1288\"  itemprop=\"thumbnailUrl\"  \/><\/a><\/div><\/div><\/div>\n\n<style type=\"text\/css\" data-created_by=\"avia_inline_auto\" id=\"style-css-av-1g5aou-6e8505d9de1136ce38f66b0d0e5d2a36\">\n.flex_column.av-1g5aou-6e8505d9de1136ce38f66b0d0e5d2a36{\nborder-radius:0px 0px 0px 0px;\npadding:0px 0px 0px 0px;\n}\n<\/style>\n<div  class='flex_column av-1g5aou-6e8505d9de1136ce38f66b0d0e5d2a36 av_one_full  avia-builder-el-52  el_after_av_image  avia-builder-el-last  first flex_column_div av-zero-column-padding  '     ><section  class='av_textblock_section av-jt5tjyk0-005b7b9db978b702a721a131f71d3f78 '   itemscope=\"itemscope\" itemtype=\"https:\/\/schema.org\/BlogPosting\" itemprop=\"blogPost\" ><div class='avia_textblock'  itemprop=\"text\" ><p>Am einfachsten ist es, wenn ihr am Federation Square in die historische Tram der Linie 35 steigt, um eine Runde durch die Innenstadt zu drehen. Die Bahn f\u00e4hrt einen Rundkurs in beide Richtungen, ihr endet also immer dort, wo ihr zugestiegen seid. Die weinroten Wagons sind leicht zu erkennen. Sie verkehren zwischen 10 und 18 Uhr und fahren alle 12 Minuten. Eine Runde dauert insgesamt 50 Minuten. Unterwegs stoppt die Tram an verschiedenen Sehensw\u00fcrdigkeiten, zum Beispiel am Melbourne Aquarium, am Parlament, am Old Treasury Building und am Princes Theatre. Unterwegs gibt es zus\u00e4tzlich Audio-Informationen zu den betreffenden Attraktionen. Und das Beste: Die Fahrt ist gratis!<\/p>\n<p><strong>Adresse<\/strong>: Flinders Street Station, Melbourne, Victoria, 3000<br \/>\nLinie 35<br \/>\n<strong>Fahrtzeit<\/strong>: 50 Min, T\u00e4glich alle 12 Min von 10-18 Uhr<\/p>\n<\/div><\/section><\/div>\n\n<\/div><\/div><\/div><!-- close content main div --><\/div><\/div><div id='av_section_13'  class='avia-section av-jt5vrdgv-4386718e65b314e69682ca60ae604601 main_color avia-section-default avia-no-border-styling  avia-builder-el-54  el_after_av_section  el_before_av_textblock  reduced-content avia-bg-style-scroll container_wrap sidebar_right'  ><div class='container av-section-cont-open' ><div class='template-page content  av-content-small alpha units'><div class='post-entry post-entry-type-page post-entry-4904'><div class='entry-content-wrapper clearfix'>\n\n<style type=\"text\/css\" data-created_by=\"avia_inline_auto\" id=\"style-css-av-1g5aou-6e8505d9de1136ce38f66b0d0e5d2a36\">\n.flex_column.av-1g5aou-6e8505d9de1136ce38f66b0d0e5d2a36{\nborder-radius:0px 0px 0px 0px;\npadding:0px 0px 0px 0px;\n}\n<\/style>\n<div  class='flex_column av-1g5aou-6e8505d9de1136ce38f66b0d0e5d2a36 av_one_full  avia-builder-el-55  avia-builder-el-no-sibling  first flex_column_div av-zero-column-padding  '     ><section  class='av_textblock_section av-jt5tjyk0-005b7b9db978b702a721a131f71d3f78 '   itemscope=\"itemscope\" itemtype=\"https:\/\/schema.org\/BlogPosting\" itemprop=\"blogPost\" ><div class='avia_textblock'  itemprop=\"text\" ><h3>8. Phillip Island<\/h3>\n<p>Wenn ihr eine Auszeit nehmen wollt vom pulsierenden Stadtleben in Melbourne, bietet sich ein Ausflug nach Phillip Island an. Die Insel liegt vom Zentrum eine Autostunde entfernt in s\u00fcd\u00f6stlicher Richtung. Sie ist \u00fcber eine Br\u00fccke mit dem Festland verbunden.<\/p>\n<p>Auf Phillip Island gibt es eine Vielzahl an Campgrounds, die ihr bequem mit eurem Wohnmobil anfahren k\u00f6nnt. Durch die N\u00e4he zu Melbourne ist es aber unbedingt empfehlenswert, den Campingplatz im Vorfeld eurer Reise zu reservieren.<\/p>\n<p>Vor Ort k\u00f6nnt ihr die Idylle am Meer genie\u00dfen und im Koala Conservation Centre die niedlichen Wahrzeichen Australiens aus n\u00e4chster N\u00e4he erleben.<\/p>\n<\/div><\/section><br \/>\n\n<style type=\"text\/css\" data-created_by=\"avia_inline_auto\" id=\"style-css-av-jtplvt5k-1b3f5327beec23740618f32c26af5357\">\n.avia-image-container.av-jtplvt5k-1b3f5327beec23740618f32c26af5357 img.avia_image{\nbox-shadow:none;\n}\n.avia-image-container.av-jtplvt5k-1b3f5327beec23740618f32c26af5357 .av-caption-image-overlay-bg{\nopacity:0.4;\nbackground-color:#000000;\n}\n.avia-image-container.av-jtplvt5k-1b3f5327beec23740618f32c26af5357 .av-image-caption-overlay-center{\ncolor:#ffffff;\n}\n<\/style>\n<div  class='avia-image-container av-jtplvt5k-1b3f5327beec23740618f32c26af5357 av-styling- av-img-linked avia_animated_image av-animated-when-visible-95 fade-in avia-align-center  avia-builder-el-57  el_after_av_textblock  el_before_av_textblock  noHover av-overlay-on-hover'   itemprop=\"image\" itemscope=\"itemscope\" itemtype=\"https:\/\/schema.org\/ImageObject\" ><div class=\"avia-image-container-inner\"><div class=\"avia-image-overlay-wrap\"><a href=\"https:\/\/www.tuicamper.com\/wp-docker\/wp-content\/uploads\/2019\/12\/koala-1030x688.jpg\" data-srcset=\"https:\/\/www.tuicamper.com\/wp-docker\/wp-content\/uploads\/2019\/12\/koala-1030x688.jpg 1030w, https:\/\/www.tuicamper.com\/wp-docker\/wp-content\/uploads\/2019\/12\/koala-300x200.jpg 300w, https:\/\/www.tuicamper.com\/wp-docker\/wp-content\/uploads\/2019\/12\/koala-768x513.jpg 768w, https:\/\/www.tuicamper.com\/wp-docker\/wp-content\/uploads\/2019\/12\/koala-705x471.jpg 705w, https:\/\/www.tuicamper.com\/wp-docker\/wp-content\/uploads\/2019\/12\/koala.jpg 1288w\" data-sizes=\"(max-width: 1030px) 100vw, 1030px\" class='avia_image '  aria-label='Koala auf Phillip Island'><div class=\"av-image-caption-overlay\"><div class=\"av-caption-image-overlay-bg\"><\/div><div class=\"av-image-caption-overlay-position\"><div class=\"av-image-caption-overlay-center\"><p>Koala auf Phillip Island<\/p>\n<\/div><\/div><\/div><img decoding=\"async\" fetchpriority=\"high\" class='wp-image-4943 avia-img-lazy-loading-not-4943 avia_image ' src=\"https:\/\/www.tuicamper.com\/wp-docker\/wp-content\/uploads\/2019\/12\/koala-1288x630.jpg\" alt='' title='Koala auf Phillip Island'  height=\"630\" width=\"1288\"  itemprop=\"thumbnailUrl\"  \/><\/a><\/div><\/div><\/div><br \/>\n<section  class='av_textblock_section av-jt5tjyk0-005b7b9db978b702a721a131f71d3f78 '   itemscope=\"itemscope\" itemtype=\"https:\/\/schema.org\/BlogPosting\" itemprop=\"blogPost\" ><div class='avia_textblock'  itemprop=\"text\" ><p>Dar\u00fcber hinaus habt ihr abends die M\u00f6glichkeit, der Penguin-Parade beiwohnen: Hunderte Zwerg Pinguine machen sich fast gleichzeitig vom Ozean aus auf in ihre Behausungen am Strand.<\/p>\n<p>Das Naturerlebnis auf Phillip Island ist einzigartig, wenngleich ihr euch unbedingt an die Vorgaben der Natursch\u00fctzer halten m\u00fcsst. Denn sowohl Pinguine als auch Koalas sind empfindliche Tiere, die weder gestreichelt noch fotografiert werden wollen.<\/p>\n<\/div><\/section><\/p><\/div>\n<\/div><\/div><\/div><!-- close content main div --><\/div><\/div><div id='after_section_13'  class='main_color av_default_container_wrap container_wrap sidebar_right'  ><div class='container av-section-cont-open' ><div class='template-page content  av-content-small alpha units'><div class='post-entry post-entry-type-page post-entry-4904'><div class='entry-content-wrapper clearfix'>\n<section  class='av_textblock_section av-jtpqpty6-58a7e9c9b3be291e3d438830309406d7 '   itemscope=\"itemscope\" itemtype=\"https:\/\/schema.org\/BlogPosting\" itemprop=\"blogPost\" ><div class='avia_textblock'  itemprop=\"text\" >\r\n<div style=\"clear: both;\"><\/div>\r\n<div class=\"post-breaker-item breaker-type-default\">\r\n    <div class=\"post-breaker-item-inner\">\r\n                    \n<style type=\"text\/css\" data-created_by=\"avia_inline_auto\" id=\"style-css-av-jtpksizx-1da5c89edcc6a63fe667f7b2bb9d0ed5\">\n#top .av_textblock_section.av-jtpksizx-1da5c89edcc6a63fe667f7b2bb9d0ed5 .avia_textblock{\nfont-size:28px;\n}\n<\/style>\n<section  class='av_textblock_section av-jtpksizx-1da5c89edcc6a63fe667f7b2bb9d0ed5 '   itemscope=\"itemscope\" itemtype=\"https:\/\/schema.org\/BlogPosting\" itemprop=\"blogPost\" ><div class='avia_textblock'  itemprop=\"text\" ><p><strong>\u2013 Mit Olli durch Australien: Die weiteren Artikel \u2013<\/strong><\/p>\n<\/div><\/section>\n\n<style type=\"text\/css\" data-created_by=\"avia_inline_auto\" id=\"style-css-av-mjaz5-4a5e7a4612d820311f0a023801221c9c\">\n.flex_column.av-mjaz5-4a5e7a4612d820311f0a023801221c9c{\nborder-radius:0px 0px 0px 0px;\npadding:0px 0px 0px 0px;\n}\n<\/style>\n<div  class='flex_column av-mjaz5-4a5e7a4612d820311f0a023801221c9c av_one_third first flex_column_div av-zero-column-padding  '     ><style type=\"text\/css\" data-created_by=\"avia_inline_auto\" id=\"style-css-av-jt75ko0n-cbf6ef60b3d0096764828cd907c81dad\">\n.avia-image-container.av-jt75ko0n-cbf6ef60b3d0096764828cd907c81dad img.avia_image{\nbox-shadow:none;\n}\n.avia-image-container.av-jt75ko0n-cbf6ef60b3d0096764828cd907c81dad .av-image-caption-overlay-center{\ncolor:#ffffff;\n}\n<\/style>\n<div  class='avia-image-container av-jt75ko0n-cbf6ef60b3d0096764828cd907c81dad av-styling-no-styling av-hover-grow av-hide-overflow av-img-linked avia_animated_image av-animated-when-visible-95 fade-in avia-align-center'   itemprop=\"image\" itemscope=\"itemscope\" itemtype=\"https:\/\/schema.org\/ImageObject\" ><div class=\"avia-image-container-inner\"><div class=\"avia-image-overlay-wrap\"><a href=\"https:\/\/www.tuicamper.com\/magazin\/mit-dem-camper-durch-australien\/\" class='avia_image '  ><img decoding=\"async\" fetchpriority=\"high\" class='wp-image-5151 avia-img-lazy-loading-not-5151 avia_image ' src=\"https:\/\/www.tuicamper.com\/wp-docker\/wp-content\/uploads\/2019\/12\/01-teaser.jpg\" alt='Reisevorbereitung Australien' title=''  height=\"240\" width=\"360\"  itemprop=\"thumbnailUrl\" srcset=\"https:\/\/www.tuicamper.com\/wp-docker\/wp-content\/uploads\/2019\/12\/01-teaser.jpg 360w, https:\/\/www.tuicamper.com\/wp-docker\/wp-content\/uploads\/2019\/12\/01-teaser-300x200.jpg 300w\" sizes=\"(max-width: 360px) 100vw, 360px\" \/><\/a><\/div><\/div><\/div><\/div>\n\n<style type=\"text\/css\" data-created_by=\"avia_inline_auto\" id=\"style-css-av-ehyb5-8fadcff6392c44a3fc98dc4b014d4246\">\n.flex_column.av-ehyb5-8fadcff6392c44a3fc98dc4b014d4246{\nborder-radius:0px 0px 0px 0px;\npadding:0px 0px 0px 0px;\n}\n<\/style>\n<div  class='flex_column av-ehyb5-8fadcff6392c44a3fc98dc4b014d4246 av_one_third flex_column_div av-zero-column-padding  '     ><style type=\"text\/css\" data-created_by=\"avia_inline_auto\" id=\"style-css-av-jt75ko0n-f55a790711e196a5aafb0974145c4f0a\">\n.avia-image-container.av-jt75ko0n-f55a790711e196a5aafb0974145c4f0a img.avia_image{\nbox-shadow:none;\n}\n.avia-image-container.av-jt75ko0n-f55a790711e196a5aafb0974145c4f0a .av-image-caption-overlay-center{\ncolor:#ffffff;\n}\n<\/style>\n<div  class='avia-image-container av-jt75ko0n-f55a790711e196a5aafb0974145c4f0a av-styling-no-styling av-hover-grow av-hide-overflow av-img-linked avia_animated_image av-animated-when-visible-95 fade-in avia-align-center'   itemprop=\"image\" itemscope=\"itemscope\" itemtype=\"https:\/\/schema.org\/ImageObject\" ><div class=\"avia-image-container-inner\"><div class=\"avia-image-overlay-wrap\"><a href=\"https:\/\/www.tuicamper.com\/magazin\/packliste-australien\/\" class='avia_image '  ><img decoding=\"async\" fetchpriority=\"high\" class='wp-image-5152 avia-img-lazy-loading-not-5152 avia_image ' src=\"https:\/\/www.tuicamper.com\/wp-docker\/wp-content\/uploads\/2019\/12\/02-teaser.jpg\" alt='Packliste Australien' title=''  height=\"240\" width=\"360\"  itemprop=\"thumbnailUrl\" srcset=\"https:\/\/www.tuicamper.com\/wp-docker\/wp-content\/uploads\/2019\/12\/02-teaser.jpg 360w, https:\/\/www.tuicamper.com\/wp-docker\/wp-content\/uploads\/2019\/12\/02-teaser-300x200.jpg 300w\" sizes=\"(max-width: 360px) 100vw, 360px\" \/><\/a><\/div><\/div><\/div><\/div>\n\n<style type=\"text\/css\" data-created_by=\"avia_inline_auto\" id=\"style-css-av-ehyb5-8fadcff6392c44a3fc98dc4b014d4246\">\n.flex_column.av-ehyb5-8fadcff6392c44a3fc98dc4b014d4246{\nborder-radius:0px 0px 0px 0px;\npadding:0px 0px 0px 0px;\n}\n<\/style>\n<div  class='flex_column av-ehyb5-8fadcff6392c44a3fc98dc4b014d4246 av_one_third flex_column_div av-zero-column-padding  '     ><style type=\"text\/css\" data-created_by=\"avia_inline_auto\" id=\"style-css-av-jt75ko0n-5cf4f08334b2c27a58a822cb77e113fa\">\n.avia-image-container.av-jt75ko0n-5cf4f08334b2c27a58a822cb77e113fa img.avia_image{\nbox-shadow:none;\n}\n.avia-image-container.av-jt75ko0n-5cf4f08334b2c27a58a822cb77e113fa .av-image-caption-overlay-center{\ncolor:#ffffff;\n}\n<\/style>\n<div  class='avia-image-container av-jt75ko0n-5cf4f08334b2c27a58a822cb77e113fa av-styling-no-styling av-hover-grow av-hide-overflow av-img-linked avia_animated_image av-animated-when-visible-95 fade-in avia-align-center'   itemprop=\"image\" itemscope=\"itemscope\" itemtype=\"https:\/\/schema.org\/ImageObject\" ><div class=\"avia-image-container-inner\"><div class=\"avia-image-overlay-wrap\"><a href=\"https:\/\/www.tuicamper.com\/magazin\/wohnmobil-beladen\/\" class='avia_image '  ><img decoding=\"async\" fetchpriority=\"high\" class='wp-image-5153 avia-img-lazy-loading-not-5153 avia_image ' src=\"https:\/\/www.tuicamper.com\/wp-docker\/wp-content\/uploads\/2019\/12\/03-teaser.jpg\" alt='Wohnmobil beladen' title=''  height=\"240\" width=\"360\"  itemprop=\"thumbnailUrl\" srcset=\"https:\/\/www.tuicamper.com\/wp-docker\/wp-content\/uploads\/2019\/12\/03-teaser.jpg 360w, https:\/\/www.tuicamper.com\/wp-docker\/wp-content\/uploads\/2019\/12\/03-teaser-300x200.jpg 300w\" sizes=\"(max-width: 360px) 100vw, 360px\" \/><\/a><\/div><\/div><\/div><\/div>\n\n<style type=\"text\/css\" data-created_by=\"avia_inline_auto\" id=\"style-css-av-mjaz5-4a5e7a4612d820311f0a023801221c9c\">\n.flex_column.av-mjaz5-4a5e7a4612d820311f0a023801221c9c{\nborder-radius:0px 0px 0px 0px;\npadding:0px 0px 0px 0px;\n}\n<\/style>\n<div  class='flex_column av-mjaz5-4a5e7a4612d820311f0a023801221c9c av_one_third first flex_column_div av-zero-column-padding  '     ><style type=\"text\/css\" data-created_by=\"avia_inline_auto\" id=\"style-css-av-jt75ko0n-10b9e9ef87bbf50fd9a69ec5e1f2c4f7\">\n.avia-image-container.av-jt75ko0n-10b9e9ef87bbf50fd9a69ec5e1f2c4f7 img.avia_image{\nbox-shadow:none;\n}\n.avia-image-container.av-jt75ko0n-10b9e9ef87bbf50fd9a69ec5e1f2c4f7 .av-image-caption-overlay-center{\ncolor:#ffffff;\n}\n<\/style>\n<div  class='avia-image-container av-jt75ko0n-10b9e9ef87bbf50fd9a69ec5e1f2c4f7 av-styling-no-styling av-hover-grow av-hide-overflow av-img-linked avia_animated_image av-animated-when-visible-95 fade-in avia-align-center'   itemprop=\"image\" itemscope=\"itemscope\" itemtype=\"https:\/\/schema.org\/ImageObject\" ><div class=\"avia-image-container-inner\"><div class=\"avia-image-overlay-wrap\"><a href=\"https:\/\/www.tuicamper.com\/magazin\/campingplaetze-australien\/\" class='avia_image '  ><img decoding=\"async\" fetchpriority=\"high\" class='wp-image-5154 avia-img-lazy-loading-not-5154 avia_image ' src=\"https:\/\/www.tuicamper.com\/wp-docker\/wp-content\/uploads\/2019\/12\/04-teaser.jpg\" alt='Campingpl\u00e4tze Australien' title=''  height=\"240\" width=\"360\"  itemprop=\"thumbnailUrl\" srcset=\"https:\/\/www.tuicamper.com\/wp-docker\/wp-content\/uploads\/2019\/12\/04-teaser.jpg 360w, https:\/\/www.tuicamper.com\/wp-docker\/wp-content\/uploads\/2019\/12\/04-teaser-300x200.jpg 300w\" sizes=\"(max-width: 360px) 100vw, 360px\" \/><\/a><\/div><\/div><\/div><\/div>\n\n<style type=\"text\/css\" data-created_by=\"avia_inline_auto\" id=\"style-css-av-ehyb5-8fadcff6392c44a3fc98dc4b014d4246\">\n.flex_column.av-ehyb5-8fadcff6392c44a3fc98dc4b014d4246{\nborder-radius:0px 0px 0px 0px;\npadding:0px 0px 0px 0px;\n}\n<\/style>\n<div  class='flex_column av-ehyb5-8fadcff6392c44a3fc98dc4b014d4246 av_one_third flex_column_div av-zero-column-padding  '     ><style type=\"text\/css\" data-created_by=\"avia_inline_auto\" id=\"style-css-av-jt75ko0n-88e4cf56a61e5312f03d9a7f4221ad63\">\n.avia-image-container.av-jt75ko0n-88e4cf56a61e5312f03d9a7f4221ad63 img.avia_image{\nbox-shadow:none;\n}\n.avia-image-container.av-jt75ko0n-88e4cf56a61e5312f03d9a7f4221ad63 .av-image-caption-overlay-center{\ncolor:#ffffff;\n}\n<\/style>\n<div  class='avia-image-container av-jt75ko0n-88e4cf56a61e5312f03d9a7f4221ad63 av-styling-no-styling av-hover-grow av-hide-overflow av-img-linked avia_animated_image av-animated-when-visible-95 fade-in avia-align-center'   itemprop=\"image\" itemscope=\"itemscope\" itemtype=\"https:\/\/schema.org\/ImageObject\" ><div class=\"avia-image-container-inner\"><div class=\"avia-image-overlay-wrap\"><a href=\"https:\/\/www.tuicamper.com\/magazin\/von-sydney-nach-melbourne\/\" class='avia_image '  ><img decoding=\"async\" fetchpriority=\"high\" class='wp-image-5155 avia-img-lazy-loading-not-5155 avia_image ' src=\"https:\/\/www.tuicamper.com\/wp-docker\/wp-content\/uploads\/2019\/12\/05-teaser.jpg\" alt='Von Sydney nach Melbourne' title=''  height=\"240\" width=\"360\"  itemprop=\"thumbnailUrl\" srcset=\"https:\/\/www.tuicamper.com\/wp-docker\/wp-content\/uploads\/2019\/12\/05-teaser.jpg 360w, https:\/\/www.tuicamper.com\/wp-docker\/wp-content\/uploads\/2019\/12\/05-teaser-300x200.jpg 300w\" sizes=\"(max-width: 360px) 100vw, 360px\" \/><\/a><\/div><\/div><\/div><\/div>\n\n<style type=\"text\/css\" data-created_by=\"avia_inline_auto\" id=\"style-css-av-ehyb5-8fadcff6392c44a3fc98dc4b014d4246\">\n.flex_column.av-ehyb5-8fadcff6392c44a3fc98dc4b014d4246{\nborder-radius:0px 0px 0px 0px;\npadding:0px 0px 0px 0px;\n}\n<\/style>\n<div  class='flex_column av-ehyb5-8fadcff6392c44a3fc98dc4b014d4246 av_one_third flex_column_div av-zero-column-padding  '     ><style type=\"text\/css\" data-created_by=\"avia_inline_auto\" id=\"style-css-av-jt75ko0n-ad1e4414b0d189551956dcfe585761f4\">\n.avia-image-container.av-jt75ko0n-ad1e4414b0d189551956dcfe585761f4 img.avia_image{\nbox-shadow:none;\n}\n.avia-image-container.av-jt75ko0n-ad1e4414b0d189551956dcfe585761f4 .av-image-caption-overlay-center{\ncolor:#ffffff;\n}\n<\/style>\n<div  class='avia-image-container av-jt75ko0n-ad1e4414b0d189551956dcfe585761f4 av-styling-no-styling av-hover-grow av-hide-overflow av-img-linked avia_animated_image av-animated-when-visible-95 fade-in avia-align-center'   itemprop=\"image\" itemscope=\"itemscope\" itemtype=\"https:\/\/schema.org\/ImageObject\" ><div class=\"avia-image-container-inner\"><div class=\"avia-image-overlay-wrap\"><a href=\"https:\/\/www.tuicamper.com\/magazin\/wilsons-promontory-national-park\/\" class='avia_image '  ><img decoding=\"async\" fetchpriority=\"high\" class='wp-image-5156 avia-img-lazy-loading-not-5156 avia_image ' src=\"https:\/\/www.tuicamper.com\/wp-docker\/wp-content\/uploads\/2019\/12\/06-teaser.jpg\" alt='Der Wilsons Promontory National Park' title=''  height=\"240\" width=\"360\"  itemprop=\"thumbnailUrl\" srcset=\"https:\/\/www.tuicamper.com\/wp-docker\/wp-content\/uploads\/2019\/12\/06-teaser.jpg 360w, https:\/\/www.tuicamper.com\/wp-docker\/wp-content\/uploads\/2019\/12\/06-teaser-300x200.jpg 300w\" sizes=\"(max-width: 360px) 100vw, 360px\" \/><\/a><\/div><\/div><\/div><\/div>\n            <div style=\"clear: both;\"><\/div>\r\n            <\/div>\r\n<\/div>\r\n\n<\/div><\/section>\n<\/div><\/div><\/div><!-- close content main div --><\/div><\/div><div id='av_section_14'  class='avia-section av-jt5vrdgv-4386718e65b314e69682ca60ae604601 main_color avia-section-default avia-no-border-styling  avia-builder-el-60  el_after_av_textblock  el_before_av_section  reduced-content avia-bg-style-scroll container_wrap sidebar_right'  ><div class='container av-section-cont-open' ><div class='template-page content  av-content-small alpha units'><div class='post-entry post-entry-type-page post-entry-4904'><div class='entry-content-wrapper clearfix'>\n\n<style type=\"text\/css\" data-created_by=\"avia_inline_auto\" id=\"style-css-av-1g5aou-6e8505d9de1136ce38f66b0d0e5d2a36\">\n.flex_column.av-1g5aou-6e8505d9de1136ce38f66b0d0e5d2a36{\nborder-radius:0px 0px 0px 0px;\npadding:0px 0px 0px 0px;\n}\n<\/style>\n<div  class='flex_column av-1g5aou-6e8505d9de1136ce38f66b0d0e5d2a36 av_one_full  avia-builder-el-61  avia-builder-el-no-sibling  first flex_column_div av-zero-column-padding  '     ><section  class='av_textblock_section av-jt5tjyk0-005b7b9db978b702a721a131f71d3f78 '   itemscope=\"itemscope\" itemtype=\"https:\/\/schema.org\/BlogPosting\" itemprop=\"blogPost\" ><div class='avia_textblock'  itemprop=\"text\" ><h2>Fazit zu Melbournes Sehensw\u00fcrdigkeiten<\/h2>\n<p>Einen Vergleich zwischen Sydney und Melbourne ist wie ein Vergleich zwischen \u00c4pfeln und Birnen.<\/p>\n<p>Beide sind mit ihren rund f\u00fcnf Millionen Einwohnern Weltst\u00e4dte und als Reiseziel unbedingt zu empfehlen. Was uns an Melbourne gefallen hat, ist das kulturelle und kulinarische Angebot. Dar\u00fcber hinaus beeindruckte uns die charmante Vielfalt der unterschiedlichen Stadtviertel zwischen Moderne und viktorianischem Flair, gespickt mit Einfl\u00fcssen aus aller Welt. Ein gro\u00dfer Vorteil der Stadt: Das Stadtzentrum mit seinen unz\u00e4hligen Attraktionen und Sehensw\u00fcrdigkeiten ist sehr kompakt, sodass viele Wege zu Fu\u00df zur\u00fcckgelegt werden k\u00f6nnen.<\/p>\n<p>In Australien liegen die Preise insgesamt etwas h\u00f6her als in Deutschland, da die Australier durchschnittlich mehr verdienen. Dennoch hielten sich die Preise f\u00fcr Lebensmittel, Restaurants und Caf\u00e9s in Grenzen und Melbourne schneidet hier besser ab als viele europ\u00e4ische Metropolen.<\/p>\n<\/div><\/section><\/div>\n\n<\/div><\/div><\/div><!-- close content main div --><\/div><\/div><div id='box-olli'  class='avia-section av-jt5vrdgv-0a8bd51cd9a0e29892690a212bba0313 main_color avia-section-default avia-no-border-styling  avia-builder-el-63  el_after_av_section  el_before_av_section  reduced-content avia-bg-style-scroll container_wrap sidebar_right'  ><div class='container av-section-cont-open' ><div class='template-page content  av-content-small alpha units'><div class='post-entry post-entry-type-page post-entry-4904'><div class='entry-content-wrapper clearfix'>\n\n<style type=\"text\/css\" data-created_by=\"avia_inline_auto\" id=\"style-css-av-1g5aou-6e8505d9de1136ce38f66b0d0e5d2a36\">\n.flex_column.av-1g5aou-6e8505d9de1136ce38f66b0d0e5d2a36{\nborder-radius:0px 0px 0px 0px;\npadding:0px 0px 0px 0px;\n}\n<\/style>\n<div  class='flex_column av-1g5aou-6e8505d9de1136ce38f66b0d0e5d2a36 av_one_full  avia-builder-el-64  el_before_av_video  avia-builder-el-first  first flex_column_div av-zero-column-padding  '     ><section  class='av_textblock_section av-jt5tjyk0-005b7b9db978b702a721a131f71d3f78 '   itemscope=\"itemscope\" itemtype=\"https:\/\/schema.org\/BlogPosting\" itemprop=\"blogPost\" ><div class='avia_textblock'  itemprop=\"text\" ><h2 class=\"TextA\"><strong>Unsere Australien-Reise im Vlog: Folge 7<\/strong><\/h2>\n<p>Mit Olli &amp; TUI Camper durch Australien | Folge 7: Philipp Island, Koalas &amp; Melbourne City Lights<\/p>\n<\/div><\/section><\/div>\n<style type=\"text\/css\" data-created_by=\"avia_inline_auto\" id=\"style-css-av-k3oitdas-9a3f366933ede390deeb1f62f7e9a33e\">\n.avia-video.av-k3oitdas-9a3f366933ede390deeb1f62f7e9a33e{\nbackground-image:url(https:\/\/www.tuicamper.com\/wp-docker\/wp-content\/uploads\/2019\/12\/eureka-tower.jpg);\n}\n<\/style>\n<div  class='avia-video av-k3oitdas-9a3f366933ede390deeb1f62f7e9a33e avia-video-16-9 av-preview-image avia-video-confirm_all av-lazyload-video-embed'  itemprop=\"video\" itemtype=\"https:\/\/schema.org\/VideoObject\"  data-original_url='https:\/\/www.youtube.com\/watch?v=364XRnshQy8'><script type='text\/html' class='av-video-tmpl'><div class='avia-iframe-wrap'><iframe loading=\"lazy\" title=\"Mit Olli &amp; TUI Camper durch Australien | Philipp Island, Koalas &amp; Melbourne City Lights\" width=\"1500\" height=\"844\" src=\"https:\/\/www.youtube.com\/embed\/364XRnshQy8?feature=oembed&autoplay=1&loop=0&controls=1&mute=0\" frameborder=\"0\" allow=\"accelerometer; autoplay; encrypted-media; gyroscope; picture-in-picture\" allowfullscreen><\/iframe><\/div><\/script><div class='av-click-to-play-overlay'><div class=\"avia_playpause_icon\"><\/div><\/div><\/div>\n\n<\/div><\/div><\/div><!-- close content main div --><\/div><\/div><div id='av_section_16'  class='avia-section av-jt5vrdgv-4386718e65b314e69682ca60ae604601 main_color avia-section-default avia-no-border-styling  avia-builder-el-67  el_after_av_section  el_before_av_section  reduced-content avia-bg-style-scroll container_wrap sidebar_right'  ><div class='container av-section-cont-open' ><div class='template-page content  av-content-small alpha units'><div class='post-entry post-entry-type-page post-entry-4904'><div class='entry-content-wrapper clearfix'>\n<div  class='avia-button-wrap av-ju2eusip-4c124c3fa166825f4765dac1bcf4994e-wrap avia-button-center  avia-builder-el-68  el_before_av_one_full  avia-builder-el-first '><a href='https:\/\/www.tuicamper.com\/reiseziele\/ozeanien\/australien\/'  class='avia-button av-ju2eusip-4c124c3fa166825f4765dac1bcf4994e av-link-btn avia-icon_select-yes-right-icon avia-size-large avia-position-center avia-color-theme-color'   aria-label=\"Jetzt Wohnmobil mieten f\u00fcr Australien\"><span class='avia_iconbox_title' >Jetzt Wohnmobil mieten f\u00fcr Australien<\/span><span class='avia_button_icon avia_button_icon_right avia-iconfont avia-font-entypo-fontello' data-av_icon='\ue875' data-av_iconfont='entypo-fontello' ><\/span><\/a><\/div>\n\n<style type=\"text\/css\" data-created_by=\"avia_inline_auto\" id=\"style-css-av-1g5aou-6e8505d9de1136ce38f66b0d0e5d2a36\">\n.flex_column.av-1g5aou-6e8505d9de1136ce38f66b0d0e5d2a36{\nborder-radius:0px 0px 0px 0px;\npadding:0px 0px 0px 0px;\n}\n<\/style>\n<div  class='flex_column av-1g5aou-6e8505d9de1136ce38f66b0d0e5d2a36 av_one_full  avia-builder-el-69  el_after_av_button  el_before_av_social_share  first flex_column_div av-zero-column-padding  '     ><style type=\"text\/css\" data-created_by=\"avia_inline_auto\" id=\"style-css-av-jt5tjyk0-c058b77acb2af43fe9af15466eb4a9bd\">\n#top .av_textblock_section.av-jt5tjyk0-c058b77acb2af43fe9af15466eb4a9bd .avia_textblock{\nfont-size:28px;\n}\n<\/style>\n<section  class='av_textblock_section av-jt5tjyk0-c058b77acb2af43fe9af15466eb4a9bd '   itemscope=\"itemscope\" itemtype=\"https:\/\/schema.org\/BlogPosting\" itemprop=\"blogPost\" ><div class='avia_textblock'  itemprop=\"text\" ><p><strong>Olli und das TUI Camper-Magazin w\u00fcnschen euch viel Spa\u00df beim Erkunden von Melbourne!<\/strong><\/p>\n<\/div><\/section><\/div><div  class='av-social-sharing-box av-10zg8-8676a2d54b4a15bbf6c39a1c18f0815b av-social-sharing-box-default  avia-builder-el-71  el_after_av_one_full  avia-builder-el-last  av-social-sharing-box-fullwidth'><div class=\"av-share-box\"><ul class=\"av-share-box-list noLightbox\"><li class='av-share-link av-social-link-facebook avia_social_iconfont' ><a target=\"_blank\" aria-label=\"Teilen auf Facebook\" href='https:\/\/www.facebook.com\/sharer.php?u=https:\/\/www.tuicamper.com\/magazin\/melbourne-sehenswuerdigkeiten\/&#038;t=Mit%20Olli%20durch%20Australien%20%2307%3A%20Melbourne%20Sehensw%C3%BCrdigkeiten' data-av_icon='\ue8f3' data-av_iconfont='entypo-fontello'  title='' data-avia-related-tooltip='Teilen auf Facebook'><span class='avia_hidden_link_text'>Teilen auf Facebook<\/span><\/a><\/li><li class='av-share-link av-social-link-twitter avia_social_iconfont' ><a target=\"_blank\" aria-label=\"Teilen auf X\" href='https:\/\/twitter.com\/share?text=Mit%20Olli%20durch%20Australien%20%2307%3A%20Melbourne%20Sehensw%C3%BCrdigkeiten&#038;url=https:\/\/www.tuicamper.com\/magazin\/melbourne-sehenswuerdigkeiten\/' data-av_icon='\ue932' data-av_iconfont='entypo-fontello'  title='' data-avia-related-tooltip='Teilen auf X'><span class='avia_hidden_link_text'>Teilen auf X<\/span><\/a><\/li><li class='av-share-link av-social-link-whatsapp avia_social_iconfont' ><a target=\"_blank\" aria-label=\"Teilen auf WhatsApp\" href='https:\/\/api.whatsapp.com\/send?text=https:\/\/www.tuicamper.com\/magazin\/melbourne-sehenswuerdigkeiten\/' data-av_icon='\uf232' data-av_iconfont='entypo-fontello'  title='' data-avia-related-tooltip='Teilen auf WhatsApp'><span class='avia_hidden_link_text'>Teilen auf WhatsApp<\/span><\/a><\/li><li class='av-share-link av-social-link-pinterest avia_social_iconfont' ><a target=\"_blank\" aria-label=\"Teilen auf Pinterest\" href='https:\/\/pinterest.com\/pin\/create\/button\/?url=https%3A%2F%2Fwww.tuicamper.com%2Fmagazin%2Fmelbourne-sehenswuerdigkeiten%2F&#038;description=Mit%20Olli%20durch%20Australien%20%2307%3A%20Melbourne%20Sehensw%C3%BCrdigkeiten&#038;media=https%3A%2F%2Fwww.tuicamper.com%2Fwp-docker%2Fwp-content%2Fuploads%2F2019%2F12%2Fmelbourne-sehenswuerdigkeiten-705x269.jpg' data-av_icon='\ue8f8' data-av_iconfont='entypo-fontello'  title='' data-avia-related-tooltip='Teilen auf Pinterest'><span class='avia_hidden_link_text'>Teilen auf Pinterest<\/span><\/a><\/li><li class='av-share-link av-social-link-mail avia_social_iconfont' ><a  aria-label=\"Per E-Mail teilen\" href='mailto:?subject=Mit%20Olli%20durch%20Australien%20%2307%3A%20Melbourne%20Sehensw%C3%BCrdigkeiten&#038;body=https:\/\/www.tuicamper.com\/magazin\/melbourne-sehenswuerdigkeiten\/' data-av_icon='\ue805' data-av_iconfont='entypo-fontello'  title='' data-avia-related-tooltip='Per E-Mail teilen'><span class='avia_hidden_link_text'>Per E-Mail teilen<\/span><\/a><\/li><\/ul><\/div><\/div>\n\n<\/div><\/div><\/div><!-- close content main div --><\/div><\/div><div id='mit-olli'  class='avia-section av-jt6zgk4j-70e077e4d34ad89a77879b04881163c8 main_color avia-section-default avia-no-border-styling  avia-builder-el-72  el_after_av_section  el_before_av_section  reduced-content border-box avia-bg-style-scroll container_wrap sidebar_right'  ><div class='container av-section-cont-open' ><div class='template-page content  av-content-small alpha units'><div class='post-entry post-entry-type-page post-entry-4904'><div class='entry-content-wrapper clearfix'>\n\n<style type=\"text\/css\" data-created_by=\"avia_inline_auto\" id=\"style-css-av-jt6z8pv5-03e9d03bf8b3de2c6dd005c3d864715f\">\n.flex_column.av-jt6z8pv5-03e9d03bf8b3de2c6dd005c3d864715f{\nborder-radius:0px 0px 0px 0px;\npadding:0px 0px 0px 0px;\n}\n<\/style>\n<div  class='flex_column av-jt6z8pv5-03e9d03bf8b3de2c6dd005c3d864715f av_one_full  avia-builder-el-73  el_before_av_one_full  avia-builder-el-first  first flex_column_div av-zero-column-padding  '     ><p>\n<style type=\"text\/css\" data-created_by=\"avia_inline_auto\" id=\"style-css-av-jt6zdxfi-7dfb080af8adce552ee29b835d26d5cf\">\n#top .av_textblock_section.av-jt6zdxfi-7dfb080af8adce552ee29b835d26d5cf .avia_textblock{\nfont-size:28px;\n}\n<\/style>\n<section  class='av_textblock_section av-jt6zdxfi-7dfb080af8adce552ee29b835d26d5cf '   itemscope=\"itemscope\" itemtype=\"https:\/\/schema.org\/BlogPosting\" itemprop=\"blogPost\" ><div class='avia_textblock'  itemprop=\"text\" ><p><a name=\"box-olli\"><\/a><strong>Mit Olli durch Australien<\/strong><\/p>\n<\/div><\/section><br \/>\n<section  class='av_textblock_section av-jt6zdxfi-65978db49466f051c86d57445782f60d '   itemscope=\"itemscope\" itemtype=\"https:\/\/schema.org\/BlogPosting\" itemprop=\"blogPost\" ><div class='avia_textblock'  itemprop=\"text\" ><p>Hallo meine Lieben, ich hei\u00dfe Oliver Bender, komme aus Leipzig und liebe es, die Welt im Camper zu entdecken. F\u00fcr TUI Camper bin ich zusammen mit meinem besten Kumpel Ronny auf Abenteuer-Reise zur S\u00fcdk\u00fcste von Australien aufgebrochen.<\/p>\n<p>\u00dcber alles was wir vor Ort erlebt haben und die besten Tipps &amp; Tricks f\u00fcr eine Camper-Tour in Down Under berichte ich <a href=\"https:\/\/www.tuicamper.com\/magazin\/meine-australien-reiseroute\/\">hier im TUI Camper Magazin<\/a>.<\/p>\n<p>Viel Spa\u00df dabei, euer Olli!<\/p>\n<\/div><\/section><\/p><\/div>\n<style type=\"text\/css\" data-created_by=\"avia_inline_auto\" id=\"style-css-av-jt6z8pv5-03e9d03bf8b3de2c6dd005c3d864715f\">\n.flex_column.av-jt6z8pv5-03e9d03bf8b3de2c6dd005c3d864715f{\nborder-radius:0px 0px 0px 0px;\npadding:0px 0px 0px 0px;\n}\n<\/style>\n<div  class='flex_column av-jt6z8pv5-03e9d03bf8b3de2c6dd005c3d864715f av_one_full  avia-builder-el-76  el_after_av_one_full  avia-builder-el-last  first flex_column_div av-zero-column-padding  column-top-margin'     ><style type=\"text\/css\" data-created_by=\"avia_inline_auto\" id=\"style-css-av-jt6zho32-7d036317d11c9873daada54231308101\">\n.avia-image-container.av-jt6zho32-7d036317d11c9873daada54231308101 img.avia_image{\nbox-shadow:none;\n}\n.avia-image-container.av-jt6zho32-7d036317d11c9873daada54231308101 .av-image-caption-overlay-center{\ncolor:#ffffff;\n}\n<\/style>\n<div  class='avia-image-container av-jt6zho32-7d036317d11c9873daada54231308101 av-styling-no-styling avia-align-center  avia-builder-el-77  avia-builder-el-no-sibling '   itemprop=\"image\" itemscope=\"itemscope\" itemtype=\"https:\/\/schema.org\/ImageObject\" ><div class=\"avia-image-container-inner\"><div class=\"avia-image-overlay-wrap\"><img decoding=\"async\" fetchpriority=\"high\" class='wp-image-5126 avia-img-lazy-loading-not-5126 avia_image ' src=\"https:\/\/www.tuicamper.com\/wp-docker\/wp-content\/uploads\/2019\/11\/banner-breit-bild.jpg\" alt='Mit Olli durch Australien' title=''  height=\"200\" width=\"900\"  itemprop=\"thumbnailUrl\" srcset=\"https:\/\/www.tuicamper.com\/wp-docker\/wp-content\/uploads\/2019\/11\/banner-breit-bild.jpg 900w, https:\/\/www.tuicamper.com\/wp-docker\/wp-content\/uploads\/2019\/11\/banner-breit-bild-300x67.jpg 300w, https:\/\/www.tuicamper.com\/wp-docker\/wp-content\/uploads\/2019\/11\/banner-breit-bild-768x171.jpg 768w, https:\/\/www.tuicamper.com\/wp-docker\/wp-content\/uploads\/2019\/11\/banner-breit-bild-705x157.jpg 705w\" sizes=\"(max-width: 900px) 100vw, 900px\" \/><\/div><\/div><\/div><\/div>\n\n<\/div><\/div><\/div><!-- close content main div --><\/div><\/div><div id='av_section_18'  class='avia-section av-jt5vrdgv-4386718e65b314e69682ca60ae604601 main_color avia-section-default avia-no-border-styling  avia-builder-el-78  el_after_av_section  avia-builder-el-last  reduced-content avia-bg-style-scroll container_wrap sidebar_right'  ><div class='container av-section-cont-open' ><div class='template-page content  av-content-small alpha units'><div class='post-entry post-entry-type-page post-entry-4904'><div class='entry-content-wrapper clearfix'><\/div><\/div><\/div><!-- close content main div --><\/div><\/div><div id='after_section_18'  class='main_color av_default_container_wrap container_wrap sidebar_right'  ><div class='container av-section-cont-open' ><div class='template-page content  av-content-small alpha units'><div class='post-entry post-entry-type-page post-entry-4904'><div class='entry-content-wrapper clearfix'>\n","protected":false},"excerpt":{"rendered":"<p>Entdecken Sie Australiens zweitgr\u00f6\u00dfte Metropole &#8211; Wir nehmen Sie mit nach Melbourne und zeigen Ihnen 8 Sehensw\u00fcrdigkeiten &#038; Highlights.<\/p>\n","protected":false},"author":3,"featured_media":4906,"comment_status":"open","ping_status":"open","sticky":false,"template":"","format":"standard","meta":{"footnotes":""},"categories":[33],"tags":[57,54],"class_list":["post-4904","post","type-post","status-publish","format-standard","has-post-thumbnail","hentry","category-reisethema","tag-australien","tag-staedte"],"yoast_head":"<!-- This site is optimized with the Yoast SEO plugin v27.4 - https:\/\/yoast.com\/product\/yoast-seo-wordpress\/ -->\n<title>Melbourne Sehensw\u00fcrdigkeiten: 8 Highlights der australischen Metropole<\/title>\n<meta name=\"description\" content=\"Entdecken Sie Australiens zweitgr\u00f6\u00dfte Metropole - Wir nehmen Sie mit nach Melbourne und zeigen Ihnen 8 Sehensw\u00fcrdigkeiten &amp; Highlights.\" \/>\n<meta name=\"robots\" content=\"index, follow, max-snippet:-1, max-image-preview:large, max-video-preview:-1\" \/>\n<link rel=\"canonical\" href=\"https:\/\/www.tuicamper.com\/magazin\/melbourne-sehenswuerdigkeiten\/\" \/>\n<meta property=\"og:locale\" content=\"de_DE\" \/>\n<meta property=\"og:type\" content=\"article\" \/>\n<meta property=\"og:title\" content=\"Melbourne Sehensw\u00fcrdigkeiten: 8 Highlights der australischen Metropole\" \/>\n<meta property=\"og:description\" content=\"Entdecken Sie Australiens zweitgr\u00f6\u00dfte Metropole - Wir nehmen Sie mit nach Melbourne und zeigen Ihnen 8 Sehensw\u00fcrdigkeiten &amp; Highlights.\" \/>\n<meta property=\"og:url\" content=\"https:\/\/www.tuicamper.com\/magazin\/melbourne-sehenswuerdigkeiten\/\" \/>\n<meta property=\"og:site_name\" content=\"TUI Camper Magazin\" \/>\n<meta property=\"article:published_time\" content=\"2019-12-03T14:36:15+00:00\" \/>\n<meta property=\"article:modified_time\" content=\"2020-11-18T09:52:49+00:00\" \/>\n<meta property=\"og:image\" content=\"https:\/\/www.tuicamper.com\/wp-docker\/wp-content\/uploads\/2019\/12\/melbourne-sehenswuerdigkeiten.jpg\" \/>\n\t<meta property=\"og:image:width\" content=\"1310\" \/>\n\t<meta property=\"og:image:height\" content=\"500\" \/>\n\t<meta property=\"og:image:type\" content=\"image\/jpeg\" \/>\n<meta name=\"author\" content=\"S\u00f6ren Cortekar\" \/>\n<meta name=\"twitter:card\" content=\"summary_large_image\" \/>\n<meta name=\"twitter:label1\" content=\"Verfasst von\" \/>\n\t<meta name=\"twitter:data1\" content=\"S\u00f6ren Cortekar\" \/>\n\t<meta name=\"twitter:label2\" content=\"Gesch\u00e4tzte Lesezeit\" \/>\n\t<meta name=\"twitter:data2\" content=\"42\u00a0Minuten\" \/>\n<!-- \/ Yoast SEO plugin. -->","yoast_head_json":{"title":"Melbourne Sehensw\u00fcrdigkeiten: 8 Highlights der australischen Metropole","description":"Entdecken Sie Australiens zweitgr\u00f6\u00dfte Metropole - Wir nehmen Sie mit nach Melbourne und zeigen Ihnen 8 Sehensw\u00fcrdigkeiten & Highlights.","robots":{"index":"index","follow":"follow","max-snippet":"max-snippet:-1","max-image-preview":"max-image-preview:large","max-video-preview":"max-video-preview:-1"},"canonical":"https:\/\/www.tuicamper.com\/magazin\/melbourne-sehenswuerdigkeiten\/","og_locale":"de_DE","og_type":"article","og_title":"Melbourne Sehensw\u00fcrdigkeiten: 8 Highlights der australischen Metropole","og_description":"Entdecken Sie Australiens zweitgr\u00f6\u00dfte Metropole - Wir nehmen Sie mit nach Melbourne und zeigen Ihnen 8 Sehensw\u00fcrdigkeiten & Highlights.","og_url":"https:\/\/www.tuicamper.com\/magazin\/melbourne-sehenswuerdigkeiten\/","og_site_name":"TUI Camper Magazin","article_published_time":"2019-12-03T14:36:15+00:00","article_modified_time":"2020-11-18T09:52:49+00:00","og_image":[{"width":1310,"height":500,"url":"https:\/\/www.tuicamper.com\/wp-docker\/wp-content\/uploads\/2019\/12\/melbourne-sehenswuerdigkeiten.jpg","type":"image\/jpeg"}],"author":"S\u00f6ren Cortekar","twitter_card":"summary_large_image","twitter_misc":{"Verfasst von":"S\u00f6ren Cortekar","Gesch\u00e4tzte Lesezeit":"42\u00a0Minuten"},"schema":{"@context":"https:\/\/schema.org","@graph":[{"@type":"Article","@id":"https:\/\/www.tuicamper.com\/magazin\/melbourne-sehenswuerdigkeiten\/#article","isPartOf":{"@id":"https:\/\/www.tuicamper.com\/magazin\/melbourne-sehenswuerdigkeiten\/"},"author":{"name":"S\u00f6ren Cortekar","@id":"https:\/\/www.tuicamper.com\/wp-docker\/#\/schema\/person\/a9ad15b73e3b6169a6c4a794a58d1ea6"},"headline":"Mit Olli durch Australien #07: Melbourne Sehensw\u00fcrdigkeiten","datePublished":"2019-12-03T14:36:15+00:00","dateModified":"2020-11-18T09:52:49+00:00","mainEntityOfPage":{"@id":"https:\/\/www.tuicamper.com\/magazin\/melbourne-sehenswuerdigkeiten\/"},"wordCount":6854,"commentCount":0,"image":{"@id":"https:\/\/www.tuicamper.com\/magazin\/melbourne-sehenswuerdigkeiten\/#primaryimage"},"thumbnailUrl":"https:\/\/www.tuicamper.com\/wp-docker\/wp-content\/uploads\/2019\/12\/melbourne-sehenswuerdigkeiten.jpg","keywords":["Australien","St\u00e4dte"],"articleSection":["Reisethema"],"inLanguage":"de","potentialAction":[{"@type":"CommentAction","name":"Comment","target":["https:\/\/www.tuicamper.com\/magazin\/melbourne-sehenswuerdigkeiten\/#respond"]}]},{"@type":"WebPage","@id":"https:\/\/www.tuicamper.com\/magazin\/melbourne-sehenswuerdigkeiten\/","url":"https:\/\/www.tuicamper.com\/magazin\/melbourne-sehenswuerdigkeiten\/","name":"Melbourne Sehensw\u00fcrdigkeiten: 8 Highlights der australischen Metropole","isPartOf":{"@id":"https:\/\/www.tuicamper.com\/#website"},"primaryImageOfPage":{"@id":"https:\/\/www.tuicamper.com\/magazin\/melbourne-sehenswuerdigkeiten\/#primaryimage"},"image":{"@id":"https:\/\/www.tuicamper.com\/magazin\/melbourne-sehenswuerdigkeiten\/#primaryimage"},"thumbnailUrl":"https:\/\/www.tuicamper.com\/wp-content\/uploads\/2019\/12\/melbourne-sehenswuerdigkeiten.jpg","datePublished":"2019-12-03T14:36:15+00:00","dateModified":"2020-11-18T09:52:49+00:00","author":{"@id":"https:\/\/www.tuicamper.com\/#\/schema\/person\/a9ad15b73e3b6169a6c4a794a58d1ea6"},"description":"Entdecken Sie Australiens zweitgr\u00f6\u00dfte Metropole - Wir nehmen Sie mit nach Melbourne und zeigen Ihnen 8 Sehensw\u00fcrdigkeiten & Highlights.","breadcrumb":{"@id":"https:\/\/www.tuicamper.com\/magazin\/melbourne-sehenswuerdigkeiten\/#breadcrumb"},"inLanguage":"de","potentialAction":["Array"]},{"@type":"ImageObject","inLanguage":"de","@id":"https:\/\/www.tuicamper.com\/magazin\/melbourne-sehenswuerdigkeiten\/#primaryimage","url":"https:\/\/www.tuicamper.com\/wp-docker\/wp-content\/uploads\/2019\/12\/melbourne-sehenswuerdigkeiten.jpg","contentUrl":"https:\/\/www.tuicamper.com\/wp-docker\/wp-content\/uploads\/2019\/12\/melbourne-sehenswuerdigkeiten.jpg","width":1310,"height":500,"caption":"Melbourne Sehensw\u00fcrdigkeiten"},{"@type":"BreadcrumbList","@id":"https:\/\/www.tuicamper.com\/magazin\/melbourne-sehenswuerdigkeiten\/#breadcrumb","itemListElement":[{"@type":"ListItem","position":1,"name":"Startseite","item":"https:\/\/www.tuicamper.com\/wp-docker\/"},{"@type":"ListItem","position":2,"name":"Mit Olli durch Australien #07: Melbourne Sehensw\u00fcrdigkeiten"}]},{"@type":"WebSite","@id":"https:\/\/www.tuicamper.com\/#website","url":"https:\/\/www.tuicamper.com\/","name":"TUI Camper Magazin","description":"","potentialAction":["Array"],"inLanguage":"de"},{"@type":"Person","@id":"https:\/\/www.tuicamper.com\/wp-docker\/#\/schema\/person\/a9ad15b73e3b6169a6c4a794a58d1ea6","name":"S\u00f6ren Cortekar","image":{"@type":"ImageObject","inLanguage":"de","@id":"https:\/\/secure.gravatar.com\/avatar\/399f9c9096d84e9147b61735bfa53689fd2add8aa9c074669869e4c106f7df59?s=96&d=mm&r=g","url":"https:\/\/secure.gravatar.com\/avatar\/399f9c9096d84e9147b61735bfa53689fd2add8aa9c074669869e4c106f7df59?s=96&d=mm&r=g","contentUrl":"https:\/\/secure.gravatar.com\/avatar\/399f9c9096d84e9147b61735bfa53689fd2add8aa9c074669869e4c106f7df59?s=96&d=mm&r=g","caption":"S\u00f6ren Cortekar"},"url":"https:\/\/www.tuicamper.com\/wp-docker\/magazin\/author\/soeren-cortekar\/"}]}},"_links":{"self":[{"href":"https:\/\/www.tuicamper.com\/wp-docker\/wp-json\/wp\/v2\/posts\/4904","targetHints":{"allow":["GET"]}}],"collection":[{"href":"https:\/\/www.tuicamper.com\/wp-docker\/wp-json\/wp\/v2\/posts"}],"about":[{"href":"https:\/\/www.tuicamper.com\/wp-docker\/wp-json\/wp\/v2\/types\/post"}],"author":[{"embeddable":true,"href":"https:\/\/www.tuicamper.com\/wp-docker\/wp-json\/wp\/v2\/users\/3"}],"replies":[{"embeddable":true,"href":"https:\/\/www.tuicamper.com\/wp-docker\/wp-json\/wp\/v2\/comments?post=4904"}],"version-history":[{"count":30,"href":"https:\/\/www.tuicamper.com\/wp-docker\/wp-json\/wp\/v2\/posts\/4904\/revisions"}],"predecessor-version":[{"id":4956,"href":"https:\/\/www.tuicamper.com\/wp-docker\/wp-json\/wp\/v2\/posts\/4904\/revisions\/4956"}],"wp:featuredmedia":[{"embeddable":true,"href":"https:\/\/www.tuicamper.com\/wp-docker\/wp-json\/wp\/v2\/media\/4906"}],"wp:attachment":[{"href":"https:\/\/www.tuicamper.com\/wp-docker\/wp-json\/wp\/v2\/media?parent=4904"}],"wp:term":[{"taxonomy":"category","embeddable":true,"href":"https:\/\/www.tuicamper.com\/wp-docker\/wp-json\/wp\/v2\/categories?post=4904"},{"taxonomy":"post_tag","embeddable":true,"href":"https:\/\/www.tuicamper.com\/wp-docker\/wp-json\/wp\/v2\/tags?post=4904"}],"curies":[{"name":"wp","href":"https:\/\/api.w.org\/{rel}","templated":true}]}}