{"id":4317,"date":"2019-10-17T15:44:52","date_gmt":"2019-10-17T13:44:52","guid":{"rendered":"https:\/\/www.tuicamper.com\/wp-docker\/?p=4317"},"modified":"2019-10-24T16:08:24","modified_gmt":"2019-10-24T14:08:24","slug":"schoenste-seen-in-europa","status":"publish","type":"post","link":"https:\/\/www.tuicamper.com\/magazin\/schoenste-seen-in-europa\/","title":{"rendered":"Die 5 sch\u00f6nsten Seen f\u00fcr einen Camper-Urlaub in Europa"},"content":{"rendered":"<div id='av_section_1'  class='avia-section av-jt5vrdgv-4386718e65b314e69682ca60ae604601 main_color avia-section-default avia-no-border-styling  avia-builder-el-0  el_before_av_textblock  avia-builder-el-first  reduced-content avia-bg-style-scroll container_wrap sidebar_right'  ><div class='container av-section-cont-open' ><main  role=\"main\" itemprop=\"mainContentOfPage\"  class='template-page content  av-content-small alpha units'><div class='post-entry post-entry-type-page post-entry-4317'><div class='entry-content-wrapper clearfix'>\n\n<style type=\"text\/css\" data-created_by=\"avia_inline_auto\" id=\"style-css-av-1g5aou-6e8505d9de1136ce38f66b0d0e5d2a36\">\n.flex_column.av-1g5aou-6e8505d9de1136ce38f66b0d0e5d2a36{\nborder-radius:0px 0px 0px 0px;\npadding:0px 0px 0px 0px;\n}\n<\/style>\n<div  class='flex_column av-1g5aou-6e8505d9de1136ce38f66b0d0e5d2a36 av_one_full  avia-builder-el-1  avia-builder-el-no-sibling  first flex_column_div av-zero-column-padding  '     ><section  class='av_textblock_section av-jt5tjyk0-0dcba2d71ec5fa9367b20fb4fe90a68e '   itemscope=\"itemscope\" itemtype=\"https:\/\/schema.org\/BlogPosting\" itemprop=\"blogPost\" ><div class='avia_textblock'  itemprop=\"text\" ><p>Wer Lust auf Badespa\u00df hat, muss den Wohnmobil-Urlaub nicht zwangsweise am Meer verbringen. Immerhin bietet <a href=\"https:\/\/www.tuicamper.com\/reiseziele\/europa\/\">Europa<\/a> eine Vielzahl wundersch\u00f6ner Seen, die nicht nur mit atemberaubenden Panoramen, sondern auch vielen Sehensw\u00fcrdigkeiten und einem umfangreichen Freizeitangebot locken. Wir nehmen die f\u00fcnf sch\u00f6nsten Seen Europas in den Fokus und geben Ihnen Tipps und Tricks f\u00fcr den anstehenden Camper-Urlaub mit auf den Weg.<\/p>\n<\/div><\/section><\/div>\n<\/div><\/div><\/main><!-- close content main element --><\/div><\/div><div id='after_section_1'  class='main_color av_default_container_wrap container_wrap sidebar_right'  ><div class='container av-section-cont-open' ><div class='template-page content  av-content-small alpha units'><div class='post-entry post-entry-type-page post-entry-4317'><div class='entry-content-wrapper clearfix'>\n<section  class='av_textblock_section av-jtpqpty6-550c066a997ebaf648fccc87d0b9ff16 '   itemscope=\"itemscope\" itemtype=\"https:\/\/schema.org\/BlogPosting\" itemprop=\"blogPost\" ><div class='avia_textblock'  itemprop=\"text\" >\n<\/div><\/section>\n<\/div><\/div><\/div><!-- close content main div --><\/div><\/div><div id='av_section_2'  class='avia-section av-jt5vrdgv-4386718e65b314e69682ca60ae604601 main_color avia-section-default avia-no-border-styling  avia-builder-el-4  el_after_av_textblock  el_before_av_section  reduced-content avia-bg-style-scroll container_wrap sidebar_right'  ><div class='container av-section-cont-open' ><div class='template-page content  av-content-small alpha units'><div class='post-entry post-entry-type-page post-entry-4317'><div class='entry-content-wrapper clearfix'>\n<section  class='av_textblock_section av-jt5tjyk0-1e04ddf86ca9bd8201b4b17bbb4a6491 '   itemscope=\"itemscope\" itemtype=\"https:\/\/schema.org\/BlogPosting\" itemprop=\"blogPost\" ><div class='avia_textblock'  itemprop=\"text\" ><div id=\"js-table-of-contents\">\r\n    <strong>Inhaltsverzeichnis<\/strong>\r\n<\/div>\n<\/div><\/section>\n\n<\/div><\/div><\/div><!-- close content main div --><\/div><\/div><div id='av_section_3'  class='avia-section av-jt5vrdgv-4386718e65b314e69682ca60ae604601 main_color avia-section-default avia-no-border-styling  avia-builder-el-6  el_after_av_section  el_before_av_section  reduced-content avia-bg-style-scroll container_wrap sidebar_right'  ><div class='container av-section-cont-open' ><div class='template-page content  av-content-small alpha units'><div class='post-entry post-entry-type-page post-entry-4317'><div class='entry-content-wrapper clearfix'>\n\n<style type=\"text\/css\" data-created_by=\"avia_inline_auto\" id=\"style-css-av-1g5aou-6e8505d9de1136ce38f66b0d0e5d2a36\">\n.flex_column.av-1g5aou-6e8505d9de1136ce38f66b0d0e5d2a36{\nborder-radius:0px 0px 0px 0px;\npadding:0px 0px 0px 0px;\n}\n<\/style>\n<div  class='flex_column av-1g5aou-6e8505d9de1136ce38f66b0d0e5d2a36 av_one_full  avia-builder-el-7  avia-builder-el-no-sibling  first flex_column_div av-zero-column-padding  '     ><section  class='av_textblock_section av-jt5tjyk0-0dcba2d71ec5fa9367b20fb4fe90a68e '   itemscope=\"itemscope\" itemtype=\"https:\/\/schema.org\/BlogPosting\" itemprop=\"blogPost\" ><div class='avia_textblock'  itemprop=\"text\" ><h2>1.) Vierwaldst\u00e4ttersee, Schweiz \u2013 tolles Panorama und mediterranes Flair<\/h2>\n<p>Mildes Klima, gro\u00dfes Wassersportangebot, viele Ausflugsm\u00f6glichkeiten und ein Panorama der Extraklasse: Der nahe Luzern gelegene Vierwaldst\u00e4ttersee ist ein echtes Eldorado f\u00fcr Camper. W\u00e4hrend das Ufer von sehenswerten St\u00e4dtchen ges\u00e4umt wird und mit Yuccas und Zypressen bewachsen ist, erstrecken sich im Hintergrund die majest\u00e4tischen Berge der Voralpen. Damit ergeben sich am Vierwaldst\u00e4ttersee in jeder Himmelsrichtung atemberaubende Panoramen.<\/p>\n<\/div><\/section><\/div>\n\n<\/div><\/div><\/div><!-- close content main div --><\/div><\/div><div id='av_section_4'  class='avia-section av-b7gvl-1eb57de5f7b7a94c40602e8cf977ebb0 main_color avia-section-default avia-no-border-styling  avia-builder-el-9  el_after_av_section  el_before_av_section  reduced-content avia-bg-style-scroll container_wrap sidebar_right'  ><div class='container av-section-cont-open' ><div class='template-page content  av-content-small alpha units'><div class='post-entry post-entry-type-page post-entry-4317'><div class='entry-content-wrapper clearfix'>\n\n<style type=\"text\/css\" data-created_by=\"avia_inline_auto\" id=\"style-css-av-jtplvt5k-55e10b8dd66e79ef64316fa2bf07da8c\">\n.avia-image-container.av-jtplvt5k-55e10b8dd66e79ef64316fa2bf07da8c img.avia_image{\nbox-shadow:none;\n}\n.avia-image-container.av-jtplvt5k-55e10b8dd66e79ef64316fa2bf07da8c .av-caption-image-overlay-bg{\nopacity:0.4;\nbackground-color:#000000;\n}\n.avia-image-container.av-jtplvt5k-55e10b8dd66e79ef64316fa2bf07da8c .av-image-caption-overlay-center{\ncolor:#ffffff;\n}\n<\/style>\n<div  class='avia-image-container av-jtplvt5k-55e10b8dd66e79ef64316fa2bf07da8c av-styling- av-img-linked avia_animated_image av-animated-when-visible-95 fade-in avia-align-center  avia-builder-el-10  avia-builder-el-no-sibling  noHover av-overlay-on-hover'   itemprop=\"image\" itemscope=\"itemscope\" itemtype=\"https:\/\/schema.org\/ImageObject\" ><div class=\"avia-image-container-inner\"><div class=\"avia-image-overlay-wrap\"><a href=\"https:\/\/www.tuicamper.com\/wp-docker\/wp-content\/uploads\/2019\/10\/vierwaldstaettersee-1030x517.jpg\" data-srcset=\"https:\/\/www.tuicamper.com\/wp-docker\/wp-content\/uploads\/2019\/10\/vierwaldstaettersee-1030x517.jpg 1030w, https:\/\/www.tuicamper.com\/wp-docker\/wp-content\/uploads\/2019\/10\/vierwaldstaettersee-300x150.jpg 300w, https:\/\/www.tuicamper.com\/wp-docker\/wp-content\/uploads\/2019\/10\/vierwaldstaettersee-768x385.jpg 768w, https:\/\/www.tuicamper.com\/wp-docker\/wp-content\/uploads\/2019\/10\/vierwaldstaettersee-705x354.jpg 705w, https:\/\/www.tuicamper.com\/wp-docker\/wp-content\/uploads\/2019\/10\/vierwaldstaettersee.jpg 1280w\" data-sizes=\"(max-width: 1030px) 100vw, 1030px\" class='avia_image '  aria-label='Ausblick auf den Vierwaldst\u00e4ttersee'><div class=\"av-image-caption-overlay\"><div class=\"av-caption-image-overlay-bg\"><\/div><div class=\"av-image-caption-overlay-position\"><div class=\"av-image-caption-overlay-center\"><p>Rigi &#8211; die K\u00f6nigin der Berge<\/p>\n<\/div><\/div><\/div><img decoding=\"async\" fetchpriority=\"high\" class='wp-image-4328 avia-img-lazy-loading-not-4328 avia_image ' src=\"https:\/\/www.tuicamper.com\/wp-docker\/wp-content\/uploads\/2019\/10\/vierwaldstaettersee-1280x630.jpg\" alt='Ausblick auf den Vierwaldst\u00e4ttersee' title='Ausblick auf den Vierwaldst\u00e4ttersee'  height=\"630\" width=\"1280\"  itemprop=\"thumbnailUrl\"  \/><\/a><\/div><\/div><\/div>\n\n<\/div><\/div><\/div><!-- close content main div --><\/div><\/div><div id='av_section_5'  class='avia-section av-jt5vrdgv-4386718e65b314e69682ca60ae604601 main_color avia-section-default avia-no-border-styling  avia-builder-el-11  el_after_av_section  el_before_av_section  reduced-content avia-bg-style-scroll container_wrap sidebar_right'  ><div class='container av-section-cont-open' ><div class='template-page content  av-content-small alpha units'><div class='post-entry post-entry-type-page post-entry-4317'><div class='entry-content-wrapper clearfix'>\n\n<style type=\"text\/css\" data-created_by=\"avia_inline_auto\" id=\"style-css-av-1g5aou-6e8505d9de1136ce38f66b0d0e5d2a36\">\n.flex_column.av-1g5aou-6e8505d9de1136ce38f66b0d0e5d2a36{\nborder-radius:0px 0px 0px 0px;\npadding:0px 0px 0px 0px;\n}\n<\/style>\n<div  class='flex_column av-1g5aou-6e8505d9de1136ce38f66b0d0e5d2a36 av_one_full  avia-builder-el-12  avia-builder-el-no-sibling  first flex_column_div av-zero-column-padding  '     ><section  class='av_textblock_section av-jt5tjyk0-0dcba2d71ec5fa9367b20fb4fe90a68e '   itemscope=\"itemscope\" itemtype=\"https:\/\/schema.org\/BlogPosting\" itemprop=\"blogPost\" ><div class='avia_textblock'  itemprop=\"text\" ><p>F\u00fcr Freizeit- und Ausflugsm\u00f6glichkeiten ist nat\u00fcrlich ebenfalls gesorgt:<\/p>\n<ul>\n<li>Entdecken Sie die Sehensw\u00fcrdigkeiten des lebendigen Luzerns \u2013 allen voran die ber\u00fchmte Kapellbr\u00fccke.<\/li>\n<li>Lernen Sie die Faszination der im <a href=\"http:\/\/www.glasi.ch\/\">Glasmuseum Hergiswil<\/a> ausgestellten Glasarbeiten kennen.<\/li>\n<li>Unternehmen Sie Wanderungen auf dem knapp 1.800 Meter hohen Berg Rigi und genie\u00dfen Sie spektakul\u00e4re Ausblicke.<\/li>\n<li>Profitieren Sie von einer der gr\u00f6\u00dften Dampfschiffflotten Europas und brechen Sie zu einer unvergesslichen Bootstour auf.<\/li>\n<li>Nutzen Sie das vielf\u00e4ltige Wassersportangebot, das von Windsurfen \u00fcber Wasserski bis hin zu Tauchen reicht.<\/li>\n<\/ul>\n<p>F\u00fcr Wohnmobil-Urlauber besonders praktisch: Rund um den Vierwaldst\u00e4ttersee gibt es eine Vielzahl an Campingpl\u00e4tzen.<\/p>\n<p><strong>Campingplatz-Tipp<\/strong>: Empfehlenswert ist etwa der direkt am Ufer des Vierwaldst\u00e4ttersees gelegene <a href=\"http:\/\/www.camping-vitznau.ch\/\" target=\"_blank\" rel=\"noopener noreferrer\">Campingplatz Vitznau<\/a>. Der <a href=\"https:\/\/www.windsurfing-urnersee.ch\/\" target=\"_blank\" rel=\"noopener noreferrer\">Campingplatz Windsurfing Urnersee<\/a> zieht dagegen dank der hervorragenden Windbedingungen Windsurfer aus ganz Europa an.<\/p>\n<\/div><\/section><\/div>\n\n<\/div><\/div><\/div><!-- close content main div --><\/div><\/div><div id='av_section_6'  class='avia-section av-jt5vrdgv-4386718e65b314e69682ca60ae604601 main_color avia-section-default avia-no-border-styling  avia-builder-el-14  el_after_av_section  el_before_av_section  reduced-content avia-bg-style-scroll container_wrap sidebar_right'  ><div class='container av-section-cont-open' ><div class='template-page content  av-content-small alpha units'><div class='post-entry post-entry-type-page post-entry-4317'><div class='entry-content-wrapper clearfix'>\n\n<style type=\"text\/css\" data-created_by=\"avia_inline_auto\" id=\"style-css-av-1g5aou-6e8505d9de1136ce38f66b0d0e5d2a36\">\n.flex_column.av-1g5aou-6e8505d9de1136ce38f66b0d0e5d2a36{\nborder-radius:0px 0px 0px 0px;\npadding:0px 0px 0px 0px;\n}\n<\/style>\n<div  class='flex_column av-1g5aou-6e8505d9de1136ce38f66b0d0e5d2a36 av_one_full  avia-builder-el-15  avia-builder-el-no-sibling  first flex_column_div av-zero-column-padding  '     ><section  class='av_textblock_section av-jt5tjyk0-0dcba2d71ec5fa9367b20fb4fe90a68e '   itemscope=\"itemscope\" itemtype=\"https:\/\/schema.org\/BlogPosting\" itemprop=\"blogPost\" ><div class='avia_textblock'  itemprop=\"text\" ><h2>2.) Loch Ness, Schottland \u2013 mehr als nur eine Monster-Heimat<\/h2>\n<p>International genie\u00dft Loch Ness in <a href=\"https:\/\/www.tuicamper.com\/reiseziele\/europa\/schottland\/\">Schottland<\/a> vor allem als Heimat des sagenumwobenen Seeungeheuers Nessie gro\u00dfe Ber\u00fchmtheit. Tats\u00e4chlich kommen hier Monsterj\u00e4ger und Nessie-Touristen auf ihre Kosten \u2013 allen voran in dem kleinen Ort Drumnadrochit. Gleich zwei Besucherzentren befassen sich mit Nessie und der Kryptozoologie, sprich mit (Fabel-)Tieren, f\u00fcr die es keine stichhaltigen wissenschaftlichen Belege gibt.<\/p>\n<\/div><\/section><\/div>\n\n<\/div><\/div><\/div><!-- close content main div --><\/div><\/div><div id='av_section_7'  class='avia-section av-b7gvl-1eb57de5f7b7a94c40602e8cf977ebb0 main_color avia-section-default avia-no-border-styling  avia-builder-el-17  el_after_av_section  el_before_av_section  reduced-content avia-bg-style-scroll container_wrap sidebar_right'  ><div class='container av-section-cont-open' ><div class='template-page content  av-content-small alpha units'><div class='post-entry post-entry-type-page post-entry-4317'><div class='entry-content-wrapper clearfix'>\n\n<style type=\"text\/css\" data-created_by=\"avia_inline_auto\" id=\"style-css-av-jtplvt5k-abd136bad1908171d67a1e533808c4a7\">\n.avia-image-container.av-jtplvt5k-abd136bad1908171d67a1e533808c4a7 img.avia_image{\nbox-shadow:none;\n}\n.avia-image-container.av-jtplvt5k-abd136bad1908171d67a1e533808c4a7 .av-caption-image-overlay-bg{\nopacity:0.4;\nbackground-color:#000000;\n}\n.avia-image-container.av-jtplvt5k-abd136bad1908171d67a1e533808c4a7 .av-image-caption-overlay-center{\ncolor:#ffffff;\n}\n<\/style>\n<div  class='avia-image-container av-jtplvt5k-abd136bad1908171d67a1e533808c4a7 av-styling- av-img-linked avia_animated_image av-animated-when-visible-95 fade-in avia-align-center  avia-builder-el-18  avia-builder-el-no-sibling  noHover av-overlay-on-hover'   itemprop=\"image\" itemscope=\"itemscope\" itemtype=\"https:\/\/schema.org\/ImageObject\" ><div class=\"avia-image-container-inner\"><div class=\"avia-image-overlay-wrap\"><a href=\"https:\/\/www.tuicamper.com\/wp-docker\/wp-content\/uploads\/2019\/10\/loch-ness-1030x686.jpg\" data-srcset=\"https:\/\/www.tuicamper.com\/wp-docker\/wp-content\/uploads\/2019\/10\/loch-ness-1030x686.jpg 1030w, https:\/\/www.tuicamper.com\/wp-docker\/wp-content\/uploads\/2019\/10\/loch-ness-300x200.jpg 300w, https:\/\/www.tuicamper.com\/wp-docker\/wp-content\/uploads\/2019\/10\/loch-ness-768x512.jpg 768w, https:\/\/www.tuicamper.com\/wp-docker\/wp-content\/uploads\/2019\/10\/loch-ness-705x470.jpg 705w, https:\/\/www.tuicamper.com\/wp-docker\/wp-content\/uploads\/2019\/10\/loch-ness.jpg 1280w\" data-sizes=\"(max-width: 1030px) 100vw, 1030px\" class='avia_image '  aria-label='Loch Ness Festungsruine'><div class=\"av-image-caption-overlay\"><div class=\"av-caption-image-overlay-bg\"><\/div><div class=\"av-image-caption-overlay-position\"><div class=\"av-image-caption-overlay-center\"><p>Festungsruine Urquhart Castle von Loch Ness<\/p>\n<\/div><\/div><\/div><img decoding=\"async\" fetchpriority=\"high\" class='wp-image-4324 avia-img-lazy-loading-not-4324 avia_image ' src=\"https:\/\/www.tuicamper.com\/wp-docker\/wp-content\/uploads\/2019\/10\/loch-ness-1280x630.jpg\" alt='Loch Ness Festungsruine' title='Loch Ness Festungsruine'  height=\"630\" width=\"1280\"  itemprop=\"thumbnailUrl\"  \/><\/a><\/div><\/div><\/div>\n\n<\/div><\/div><\/div><!-- close content main div --><\/div><\/div><div id='av_section_8'  class='avia-section av-jt5vrdgv-4386718e65b314e69682ca60ae604601 main_color avia-section-default avia-no-border-styling  avia-builder-el-19  el_after_av_section  el_before_av_textblock  reduced-content avia-bg-style-scroll container_wrap sidebar_right'  ><div class='container av-section-cont-open' ><div class='template-page content  av-content-small alpha units'><div class='post-entry post-entry-type-page post-entry-4317'><div class='entry-content-wrapper clearfix'>\n\n<style type=\"text\/css\" data-created_by=\"avia_inline_auto\" id=\"style-css-av-1g5aou-6e8505d9de1136ce38f66b0d0e5d2a36\">\n.flex_column.av-1g5aou-6e8505d9de1136ce38f66b0d0e5d2a36{\nborder-radius:0px 0px 0px 0px;\npadding:0px 0px 0px 0px;\n}\n<\/style>\n<div  class='flex_column av-1g5aou-6e8505d9de1136ce38f66b0d0e5d2a36 av_one_full  avia-builder-el-20  avia-builder-el-no-sibling  first flex_column_div av-zero-column-padding  '     ><section  class='av_textblock_section av-jt5tjyk0-0dcba2d71ec5fa9367b20fb4fe90a68e '   itemscope=\"itemscope\" itemtype=\"https:\/\/schema.org\/BlogPosting\" itemprop=\"blogPost\" ><div class='avia_textblock'  itemprop=\"text\" ><p>Doch Loch Ness hat weit mehr zu bieten als Nessie. Das wohl bekannteste \u2013 und absolut postkartenmotivw\u00fcrdige Panorama \u2013 ergibt sich rund drei Kilometer von Drumnadrochit entfernt. Hier befindet sich die m\u00e4rchenhaft anmutende Festungsruine Urquhart Castle, die wie ein steinerner W\u00e4chter \u00fcber Loch Ness und dessen vielerorts dicht bewaldeten Ufern thront. Sp\u00e4testens hier wird deutlich, dass sich Loch Ness inmitten der wildromantischen Natur <a href=\"https:\/\/www.tuicamper.com\/routen\/schottland-routen\/schottische-highlands\/\">der schottischen Highlands<\/a> befindet, die Jahr f\u00fcr Jahr Camper aus aller Welt anzieht.<\/p>\n<p>Wer sich von vermeintlichen Monstern nicht abschrecken l\u00e4sst, bekommt auf den angebotenen Schiffstouren \u00fcber Loch Ness weitere spektakul\u00e4re Panoramen geboten.<\/p>\n<p><strong>Campingplatz-Tipp<\/strong>: Selbstverst\u00e4ndlich gibt es auch rund um Loch Ness zahlreiche Campingpl\u00e4tze. Empfehlenswert ist beispielsweise <a href=\"https:\/\/www.campingandcaravanningclub.co.uk\/campsites\/uk\/inverness\/foyers\/loch-ness-shores-camping-and-caravanning-club-site\/\" target=\"_blank\" rel=\"noopener noreferrer\">Loch Ness Shores Camping and Caravanning Club Site<\/a>.<\/p>\n<\/div><\/section><\/div>\n<\/div><\/div><\/div><!-- close content main div --><\/div><\/div><div id='after_section_8'  class='main_color av_default_container_wrap container_wrap sidebar_right'  ><div class='container av-section-cont-open' ><div class='template-page content  av-content-small alpha units'><div class='post-entry post-entry-type-page post-entry-4317'><div class='entry-content-wrapper clearfix'>\n<section  class='av_textblock_section av-jtpqpty6-e77e47e0036c8b1ce0ca020c81e12ef2 '   itemscope=\"itemscope\" itemtype=\"https:\/\/schema.org\/BlogPosting\" itemprop=\"blogPost\" ><div class='avia_textblock'  itemprop=\"text\" >\r\n<div style=\"clear: both;\"><\/div>\r\n<div class=\"post-breaker-item breaker-type-default\">\r\n    <div class=\"post-breaker-item-inner\">\r\n                    \n<style type=\"text\/css\" data-created_by=\"avia_inline_auto\" id=\"style-css-av-jtpksizx-d3bd8e7c9ddefd74e789f9b4176744e9\">\n#top .av_textblock_section.av-jtpksizx-d3bd8e7c9ddefd74e789f9b4176744e9 .avia_textblock{\nfont-size:28px;\n}\n<\/style>\n<section  class='av_textblock_section av-jtpksizx-d3bd8e7c9ddefd74e789f9b4176744e9 '   itemscope=\"itemscope\" itemtype=\"https:\/\/schema.org\/BlogPosting\" itemprop=\"blogPost\" ><div class='avia_textblock'  itemprop=\"text\" ><p><strong>\u2013 Mehr aus unserem Magazin \u2013<\/strong><\/p>\n<\/div><\/section>\n\n<style type=\"text\/css\" data-created_by=\"avia_inline_auto\" id=\"style-css-av-7tzf5-e6e9a5bdae0b67e6b0f568ed33849f23\">\n.flex_column.av-7tzf5-e6e9a5bdae0b67e6b0f568ed33849f23{\nborder-radius:0px 0px 0px 0px;\npadding:0px 0px 0px 0px;\n}\n<\/style>\n<div  class='flex_column av-7tzf5-e6e9a5bdae0b67e6b0f568ed33849f23 av_one_third first flex_column_div av-zero-column-padding  '     ><p>\n<style type=\"text\/css\" data-created_by=\"avia_inline_auto\" id=\"style-css-av-jt75ko0n-11f2ac0011af5f686b69efef316c2596\">\n.avia-image-container.av-jt75ko0n-11f2ac0011af5f686b69efef316c2596 img.avia_image{\nbox-shadow:none;\n}\n.avia-image-container.av-jt75ko0n-11f2ac0011af5f686b69efef316c2596 .av-image-caption-overlay-center{\ncolor:#ffffff;\n}\n<\/style>\n<div  class='avia-image-container av-jt75ko0n-11f2ac0011af5f686b69efef316c2596 av-styling-no-styling av-hover-grow av-hide-overflow av-img-linked avia_animated_image av-animated-when-visible-95 fade-in avia-align-left'   itemprop=\"image\" itemscope=\"itemscope\" itemtype=\"https:\/\/schema.org\/ImageObject\" ><div class=\"avia-image-container-inner\"><div class=\"avia-image-overlay-wrap\"><a href=\"https:\/\/www.tuicamper.com\/magazin\/badeseen-in-deutschland\/\" class='avia_image '  aria-label='Badeseen Deutschland'><img decoding=\"async\" fetchpriority=\"high\" class='wp-image-4343 avia-img-lazy-loading-not-4343 avia_image ' src=\"https:\/\/www.tuicamper.com\/wp-docker\/wp-content\/uploads\/2019\/10\/urlaub-am-see-teaser.jpg\" alt='Badeseen Deutschland' title='Badeseen Deutschland'  height=\"200\" width=\"350\"  itemprop=\"thumbnailUrl\" srcset=\"https:\/\/www.tuicamper.com\/wp-docker\/wp-content\/uploads\/2019\/10\/urlaub-am-see-teaser.jpg 350w, https:\/\/www.tuicamper.com\/wp-docker\/wp-content\/uploads\/2019\/10\/urlaub-am-see-teaser-300x171.jpg 300w\" sizes=\"(max-width: 350px) 100vw, 350px\" \/><\/a><\/div><\/div><\/div><br \/>\n<section  class='av_textblock_section av-jt75lbqb-15eb3e228350e44f6c068bcea2379c08 '   itemscope=\"itemscope\" itemtype=\"https:\/\/schema.org\/BlogPosting\" itemprop=\"blogPost\" ><div class='avia_textblock'  itemprop=\"text\" ><p style=\"text-align: left;\"><a href=\"https:\/\/www.tuicamper.com\/magazin\/badeseen-in-deutschland\/\"><strong>Urlaub am See: Die 5 sch\u00f6nsten Badeseen in Deutschland<\/strong><\/a><\/p>\n<\/div><\/section><\/p><\/div>\n<style type=\"text\/css\" data-created_by=\"avia_inline_auto\" id=\"style-css-av-ehyb5-8fadcff6392c44a3fc98dc4b014d4246\">\n.flex_column.av-ehyb5-8fadcff6392c44a3fc98dc4b014d4246{\nborder-radius:0px 0px 0px 0px;\npadding:0px 0px 0px 0px;\n}\n<\/style>\n<div  class='flex_column av-ehyb5-8fadcff6392c44a3fc98dc4b014d4246 av_one_third flex_column_div av-zero-column-padding  '     ><p>\n<style type=\"text\/css\" data-created_by=\"avia_inline_auto\" id=\"style-css-av-jt75ko0n-41eff700c0bab3736f809dc0fe5be0c0\">\n.avia-image-container.av-jt75ko0n-41eff700c0bab3736f809dc0fe5be0c0 img.avia_image{\nbox-shadow:none;\n}\n.avia-image-container.av-jt75ko0n-41eff700c0bab3736f809dc0fe5be0c0 .av-image-caption-overlay-center{\ncolor:#ffffff;\n}\n<\/style>\n<div  class='avia-image-container av-jt75ko0n-41eff700c0bab3736f809dc0fe5be0c0 av-styling-no-styling av-hover-grow av-hide-overflow av-img-linked avia_animated_image av-animated-when-visible-95 fade-in avia-align-left'   itemprop=\"image\" itemscope=\"itemscope\" itemtype=\"https:\/\/schema.org\/ImageObject\" ><div class=\"avia-image-container-inner\"><div class=\"avia-image-overlay-wrap\"><a href=\"https:\/\/www.tuicamper.com\/magazin\/allgaeu-urlaub-mit-dem-wohnmobil\/\" class='avia_image '  aria-label='Allg\u00e4u Urlaub'><img decoding=\"async\" fetchpriority=\"high\" class='wp-image-570 avia-img-lazy-loading-not-570 avia_image ' src=\"https:\/\/www.tuicamper.com\/wp-docker\/wp-content\/uploads\/2019\/03\/allgaeu-urlaub-teaser.jpg\" alt='Allg\u00e4u Urlaub' title='Allg\u00e4u Urlaub'  height=\"200\" width=\"350\"  itemprop=\"thumbnailUrl\" srcset=\"https:\/\/www.tuicamper.com\/wp-docker\/wp-content\/uploads\/2019\/03\/allgaeu-urlaub-teaser.jpg 350w, https:\/\/www.tuicamper.com\/wp-docker\/wp-content\/uploads\/2019\/03\/allgaeu-urlaub-teaser-300x171.jpg 300w\" sizes=\"(max-width: 350px) 100vw, 350px\" \/><\/a><\/div><\/div><\/div><br \/>\n<section  class='av_textblock_section av-jt75lbqb-bba29013bb6610b0762c56b6a5ae7819 '   itemscope=\"itemscope\" itemtype=\"https:\/\/schema.org\/BlogPosting\" itemprop=\"blogPost\" ><div class='avia_textblock'  itemprop=\"text\" ><p style=\"text-align: left;\"><strong><a href=\"https:\/\/www.tuicamper.com\/magazin\/allgaeu-urlaub-mit-dem-wohnmobil\/\">Allg\u00e4u-Urlaub mit dem Wohnmobil: Highlights, Camping &amp; Ausflugstipps<\/a><\/strong><\/p>\n<\/div><\/section><\/p><\/div><\/p>\n\n<style type=\"text\/css\" data-created_by=\"avia_inline_auto\" id=\"style-css-av-ehyb5-8fadcff6392c44a3fc98dc4b014d4246\">\n.flex_column.av-ehyb5-8fadcff6392c44a3fc98dc4b014d4246{\nborder-radius:0px 0px 0px 0px;\npadding:0px 0px 0px 0px;\n}\n<\/style>\n<div  class='flex_column av-ehyb5-8fadcff6392c44a3fc98dc4b014d4246 av_one_third flex_column_div av-zero-column-padding  '     ><p>\n<style type=\"text\/css\" data-created_by=\"avia_inline_auto\" id=\"style-css-av-jt75ko0n-b7cbc62ac0e345e450f5be5f50bc6a33\">\n.avia-image-container.av-jt75ko0n-b7cbc62ac0e345e450f5be5f50bc6a33 img.avia_image{\nbox-shadow:none;\n}\n.avia-image-container.av-jt75ko0n-b7cbc62ac0e345e450f5be5f50bc6a33 .av-image-caption-overlay-center{\ncolor:#ffffff;\n}\n<\/style>\n<div  class='avia-image-container av-jt75ko0n-b7cbc62ac0e345e450f5be5f50bc6a33 av-styling-no-styling av-hover-grow av-hide-overflow av-img-linked avia_animated_image av-animated-when-visible-95 fade-in avia-align-left'   itemprop=\"image\" itemscope=\"itemscope\" itemtype=\"https:\/\/schema.org\/ImageObject\" ><div class=\"avia-image-container-inner\"><div class=\"avia-image-overlay-wrap\"><a href=\"https:\/\/www.tuicamper.com\/magazin\/wohnmobil-bodensee\/\" class='avia_image '  aria-label='Wohnmobil Bodensee'><img decoding=\"async\" fetchpriority=\"high\" class='wp-image-719 avia-img-lazy-loading-not-719 avia_image ' src=\"https:\/\/www.tuicamper.com\/wp-docker\/wp-content\/uploads\/2019\/04\/wohnmobil-bodensee-teaser.jpg\" alt='Wohnmobil Bodensee' title='Wohnmobil Bodensee'  height=\"200\" width=\"350\"  itemprop=\"thumbnailUrl\" srcset=\"https:\/\/www.tuicamper.com\/wp-docker\/wp-content\/uploads\/2019\/04\/wohnmobil-bodensee-teaser.jpg 350w, https:\/\/www.tuicamper.com\/wp-docker\/wp-content\/uploads\/2019\/04\/wohnmobil-bodensee-teaser-300x171.jpg 300w\" sizes=\"(max-width: 350px) 100vw, 350px\" \/><\/a><\/div><\/div><\/div><br \/>\n<section  class='av_textblock_section av-jt75lbqb-bba29013bb6610b0762c56b6a5ae7819 '   itemscope=\"itemscope\" itemtype=\"https:\/\/schema.org\/BlogPosting\" itemprop=\"blogPost\" ><div class='avia_textblock'  itemprop=\"text\" ><p style=\"text-align: left;\"><strong><a href=\"https:\/\/www.tuicamper.com\/magazin\/wohnmobil-bodensee\/\">Wohnmobil Bodensee \u2013 Highlights, Ausfl\u00fcge &amp; die besten Stellpl\u00e4tze<\/a><\/strong><\/p>\n<\/div><\/section><\/p><\/div>\n            <div style=\"clear: both;\"><\/div>\r\n            <\/div>\r\n<\/div>\r\n\n<\/div><\/section>\n<\/div><\/div><\/div><!-- close content main div --><\/div><\/div><div id='av_section_9'  class='avia-section av-jt5vrdgv-4386718e65b314e69682ca60ae604601 main_color avia-section-default avia-no-border-styling  avia-builder-el-23  el_after_av_textblock  el_before_av_section  reduced-content avia-bg-style-scroll container_wrap sidebar_right'  ><div class='container av-section-cont-open' ><div class='template-page content  av-content-small alpha units'><div class='post-entry post-entry-type-page post-entry-4317'><div class='entry-content-wrapper clearfix'>\n\n<style type=\"text\/css\" data-created_by=\"avia_inline_auto\" id=\"style-css-av-1g5aou-6e8505d9de1136ce38f66b0d0e5d2a36\">\n.flex_column.av-1g5aou-6e8505d9de1136ce38f66b0d0e5d2a36{\nborder-radius:0px 0px 0px 0px;\npadding:0px 0px 0px 0px;\n}\n<\/style>\n<div  class='flex_column av-1g5aou-6e8505d9de1136ce38f66b0d0e5d2a36 av_one_full  avia-builder-el-24  avia-builder-el-no-sibling  first flex_column_div av-zero-column-padding  '     ><section  class='av_textblock_section av-jt5tjyk0-0dcba2d71ec5fa9367b20fb4fe90a68e '   itemscope=\"itemscope\" itemtype=\"https:\/\/schema.org\/BlogPosting\" itemprop=\"blogPost\" ><div class='avia_textblock'  itemprop=\"text\" ><h2>3.) Gardasse, Italien \u2013 See der Superlative<\/h2>\n<p>Gr\u00f6\u00dfter See in <a href=\"https:\/\/www.tuicamper.com\/reiseziele\/europa\/italien\/\">Italien<\/a>, gr\u00f6\u00dfter Freizeitpark des Landes, Panoramen, die weltweit ihresgleichen suchen: Der Gardasee ist ein See der Superlative \u2013 und steht bei Campern zurecht seit jeher hoch im Kurs. W\u00e4hrend sich gro\u00dfe und kleine Adrenalin-Junkies im Gardaland, Italiens gr\u00f6\u00dftem Freizeitpark, vergn\u00fcgen k\u00f6nnen, ist f\u00fcr Landschaftsenthusiasten eine Fahrt entlang der Gardesana ein absolutes Muss.<\/p>\n<\/div><\/section><\/div>\n\n<\/div><\/div><\/div><!-- close content main div --><\/div><\/div><div id='av_section_10'  class='avia-section av-b7gvl-1eb57de5f7b7a94c40602e8cf977ebb0 main_color avia-section-default avia-no-border-styling  avia-builder-el-26  el_after_av_section  el_before_av_section  reduced-content avia-bg-style-scroll container_wrap sidebar_right'  ><div class='container av-section-cont-open' ><div class='template-page content  av-content-small alpha units'><div class='post-entry post-entry-type-page post-entry-4317'><div class='entry-content-wrapper clearfix'>\n\n<style type=\"text\/css\" data-created_by=\"avia_inline_auto\" id=\"style-css-av-jtplvt5k-78bc63b6665013fef588cb525600be9a\">\n.avia-image-container.av-jtplvt5k-78bc63b6665013fef588cb525600be9a img.avia_image{\nbox-shadow:none;\n}\n.avia-image-container.av-jtplvt5k-78bc63b6665013fef588cb525600be9a .av-caption-image-overlay-bg{\nopacity:0.4;\nbackground-color:#000000;\n}\n.avia-image-container.av-jtplvt5k-78bc63b6665013fef588cb525600be9a .av-image-caption-overlay-center{\ncolor:#ffffff;\n}\n<\/style>\n<div  class='avia-image-container av-jtplvt5k-78bc63b6665013fef588cb525600be9a av-styling- av-img-linked avia_animated_image av-animated-when-visible-95 fade-in avia-align-center  avia-builder-el-27  avia-builder-el-no-sibling  noHover av-overlay-on-hover'   itemprop=\"image\" itemscope=\"itemscope\" itemtype=\"https:\/\/schema.org\/ImageObject\" ><div class=\"avia-image-container-inner\"><div class=\"avia-image-overlay-wrap\"><a href=\"https:\/\/www.tuicamper.com\/wp-docker\/wp-content\/uploads\/2019\/10\/gardasee-1030x604.jpg\" data-srcset=\"https:\/\/www.tuicamper.com\/wp-docker\/wp-content\/uploads\/2019\/10\/gardasee-1030x604.jpg 1030w, https:\/\/www.tuicamper.com\/wp-docker\/wp-content\/uploads\/2019\/10\/gardasee-300x176.jpg 300w, https:\/\/www.tuicamper.com\/wp-docker\/wp-content\/uploads\/2019\/10\/gardasee-768x450.jpg 768w, https:\/\/www.tuicamper.com\/wp-docker\/wp-content\/uploads\/2019\/10\/gardasee-705x413.jpg 705w, https:\/\/www.tuicamper.com\/wp-docker\/wp-content\/uploads\/2019\/10\/gardasee.jpg 1280w\" data-sizes=\"(max-width: 1030px) 100vw, 1030px\" class='avia_image '  aria-label='Ausblick  auf den Gardasee'><div class=\"av-image-caption-overlay\"><div class=\"av-caption-image-overlay-bg\"><\/div><div class=\"av-image-caption-overlay-position\"><div class=\"av-image-caption-overlay-center\"><p>Ausblick auf den Gardasee<\/p>\n<\/div><\/div><\/div><img decoding=\"async\" fetchpriority=\"high\" class='wp-image-4321 avia-img-lazy-loading-not-4321 avia_image ' src=\"https:\/\/www.tuicamper.com\/wp-docker\/wp-content\/uploads\/2019\/10\/gardasee-1280x630.jpg\" alt='' title='Ausblick  auf den Gardasee'  height=\"630\" width=\"1280\"  itemprop=\"thumbnailUrl\"  \/><\/a><\/div><\/div><\/div>\n\n<\/div><\/div><\/div><!-- close content main div --><\/div><\/div><div id='av_section_11'  class='avia-section av-jt5vrdgv-4386718e65b314e69682ca60ae604601 main_color avia-section-default avia-no-border-styling  avia-builder-el-28  el_after_av_section  el_before_av_section  reduced-content avia-bg-style-scroll container_wrap sidebar_right'  ><div class='container av-section-cont-open' ><div class='template-page content  av-content-small alpha units'><div class='post-entry post-entry-type-page post-entry-4317'><div class='entry-content-wrapper clearfix'>\n\n<style type=\"text\/css\" data-created_by=\"avia_inline_auto\" id=\"style-css-av-1g5aou-6e8505d9de1136ce38f66b0d0e5d2a36\">\n.flex_column.av-1g5aou-6e8505d9de1136ce38f66b0d0e5d2a36{\nborder-radius:0px 0px 0px 0px;\npadding:0px 0px 0px 0px;\n}\n<\/style>\n<div  class='flex_column av-1g5aou-6e8505d9de1136ce38f66b0d0e5d2a36 av_one_full  avia-builder-el-29  avia-builder-el-no-sibling  first flex_column_div av-zero-column-padding  '     ><section  class='av_textblock_section av-jt5tjyk0-0dcba2d71ec5fa9367b20fb4fe90a68e '   itemscope=\"itemscope\" itemtype=\"https:\/\/schema.org\/BlogPosting\" itemprop=\"blogPost\" ><div class='avia_textblock'  itemprop=\"text\" ><p>Die Route, die vielen als eine der sch\u00f6nsten Strecken Europas gilt, f\u00fchrt \u00fcber 150 Kilometer an den Ufern des Gardasees entlang und schraubt sich \u00fcber Serpentinen-Stra\u00dfen nach oben, nur um immer wieder neue atemberaubende Panoramen auf das glitzernde Wasser des Sees zu Fu\u00dfe der Alpen freizugeben. Unterwegs geht es vorbei an ebenso lebendigen wie idyllischen Ortschaften, kleinen H\u00e4fen und tollen Str\u00e4nden. Caf\u00e9s, Restaurants, Bars und etliche Campingpl\u00e4tze laden unterwegs zum Verweilen ein.<\/p>\n<p><strong>Campingplatz-Tipp<\/strong>: Inmitten von idyllischen Olivenhainen und in der N\u00e4he der mittelalterlich gepr\u00e4gten Altstadt liegt der kleine <a href=\"https:\/\/campinglombardi.com\/\">Campingplatz Lombardi<\/a> \u2013 nahe des Gardasee-Ufers versteht sich. Der traumhaft gelegene und gut ausgestattete Campingplatz ist rundum empfehlenswert.<\/p>\n<\/div><\/section><\/div>\n\n<\/div><\/div><\/div><!-- close content main div --><\/div><\/div><div id='av_section_12'  class='avia-section av-jt5vrdgv-956751d171f127a8502625190d463ca0 main_color avia-section-default avia-no-border-styling  avia-builder-el-31  el_after_av_section  el_before_av_section  reduced-content border-box avia-bg-style-scroll container_wrap sidebar_right'  ><div class='container av-section-cont-open' ><div class='template-page content  av-content-small alpha units'><div class='post-entry post-entry-type-page post-entry-4317'><div class='entry-content-wrapper clearfix'>\n\n<style type=\"text\/css\" data-created_by=\"avia_inline_auto\" id=\"style-css-av-1g5aou-6e8505d9de1136ce38f66b0d0e5d2a36\">\n.flex_column.av-1g5aou-6e8505d9de1136ce38f66b0d0e5d2a36{\nborder-radius:0px 0px 0px 0px;\npadding:0px 0px 0px 0px;\n}\n<\/style>\n<div  class='flex_column av-1g5aou-6e8505d9de1136ce38f66b0d0e5d2a36 av_one_full  avia-builder-el-32  el_before_av_two_third  avia-builder-el-first  first flex_column_div av-zero-column-padding  '     ><section  class='av_textblock_section av-jt5tjyk0-0dcba2d71ec5fa9367b20fb4fe90a68e '   itemscope=\"itemscope\" itemtype=\"https:\/\/schema.org\/BlogPosting\" itemprop=\"blogPost\" ><div class='avia_textblock'  itemprop=\"text\" ><p style=\"text-align: center;\"><b>&#8211; Mehr erfahren &#8211;<\/b><\/p>\n<\/div><\/section><\/div>\n<style type=\"text\/css\" data-created_by=\"avia_inline_auto\" id=\"style-css-av-1g5aou-6e8505d9de1136ce38f66b0d0e5d2a36\">\n.flex_column.av-1g5aou-6e8505d9de1136ce38f66b0d0e5d2a36{\nborder-radius:0px 0px 0px 0px;\npadding:0px 0px 0px 0px;\n}\n<\/style>\n<div  class='flex_column av-1g5aou-6e8505d9de1136ce38f66b0d0e5d2a36 av_two_third  avia-builder-el-34  el_after_av_one_full  el_before_av_one_third  first flex_column_div av-zero-column-padding  column-top-margin'     ><section  class='av_textblock_section av-jt5tjyk0-0dcba2d71ec5fa9367b20fb4fe90a68e '   itemscope=\"itemscope\" itemtype=\"https:\/\/schema.org\/BlogPosting\" itemprop=\"blogPost\" ><div class='avia_textblock'  itemprop=\"text\" ><p><strong><a href=\"https:\/\/www.tuicamper.com\/magazin\/wohnmobil-bodensee\/\">Wohnmobil-Urlaub am Gardasee<\/a><\/strong><br \/>\nDer Gardasee ist eine der sch\u00f6nsten Reiseziele Europas. Eine Fahrt auf der Gardesana gilt als unvergesslich. Lesen Sie hier Tipps f\u00fcr Ihre Camper-Reise an den Gardasee!<\/p>\n<\/div><\/section><\/div>\n<style type=\"text\/css\" data-created_by=\"avia_inline_auto\" id=\"style-css-av-1g5aou-6830b91dce2b0424b160ca1489481ff0\">\n.flex_column.av-1g5aou-6830b91dce2b0424b160ca1489481ff0{\nborder-radius:0px 0px 0px 0px;\npadding:0px 0px 0px 0px;\n}\n<\/style>\n<div  class='flex_column av-1g5aou-6830b91dce2b0424b160ca1489481ff0 av_one_third  avia-builder-el-36  el_after_av_two_third  avia-builder-el-last  flex_column_div av-zero-column-padding  column-top-margin'     ><section  class='av_textblock_section av-jt5tjyk0-0dcba2d71ec5fa9367b20fb4fe90a68e '   itemscope=\"itemscope\" itemtype=\"https:\/\/schema.org\/BlogPosting\" itemprop=\"blogPost\" ><div class='avia_textblock'  itemprop=\"text\" ><p><a href=\"https:\/\/www.tuicamper.com\/magazin\/wohnmobil-gardasee\/\"><img loading=\"lazy\" decoding=\"async\" class=\"aligncenter wp-image-1861 size-full\" src=\"https:\/\/www.tuicamper.com\/magazin\/wp-content\/uploads\/2019\/04\/wohnmobil-gardasee-teaser.jpg\" alt=\"Wohnmobil Gardasee\" width=\"350\" height=\"200\" srcset=\"https:\/\/www.tuicamper.com\/wp-docker\/wp-content\/uploads\/2019\/04\/wohnmobil-gardasee-teaser.jpg 350w, https:\/\/www.tuicamper.com\/wp-docker\/wp-content\/uploads\/2019\/04\/wohnmobil-gardasee-teaser-300x171.jpg 300w\" sizes=\"auto, (max-width: 350px) 100vw, 350px\" \/><\/a><\/p>\n<\/div><\/section><\/div>\n\n<\/div><\/div><\/div><!-- close content main div --><\/div><\/div><div id='av_section_13'  class='avia-section av-jt5vrdgv-4386718e65b314e69682ca60ae604601 main_color avia-section-default avia-no-border-styling  avia-builder-el-38  el_after_av_section  el_before_av_section  reduced-content avia-bg-style-scroll container_wrap sidebar_right'  ><div class='container av-section-cont-open' ><div class='template-page content  av-content-small alpha units'><div class='post-entry post-entry-type-page post-entry-4317'><div class='entry-content-wrapper clearfix'>\n\n<style type=\"text\/css\" data-created_by=\"avia_inline_auto\" id=\"style-css-av-1g5aou-6e8505d9de1136ce38f66b0d0e5d2a36\">\n.flex_column.av-1g5aou-6e8505d9de1136ce38f66b0d0e5d2a36{\nborder-radius:0px 0px 0px 0px;\npadding:0px 0px 0px 0px;\n}\n<\/style>\n<div  class='flex_column av-1g5aou-6e8505d9de1136ce38f66b0d0e5d2a36 av_one_full  avia-builder-el-39  avia-builder-el-no-sibling  first flex_column_div av-zero-column-padding  '     ><section  class='av_textblock_section av-jt5tjyk0-0dcba2d71ec5fa9367b20fb4fe90a68e '   itemscope=\"itemscope\" itemtype=\"https:\/\/schema.org\/BlogPosting\" itemprop=\"blogPost\" ><div class='avia_textblock'  itemprop=\"text\" ><h2>4.) Lac D\u2019Annecy, Frankreich \u2013 der sauberste See Europas<\/h2>\n<p>Der Lac D\u2019Annecy in <a href=\"https:\/\/www.tuicamper.com\/magazin\/wohnmobil-frankreich\/\">Frankreich<\/a> wird ausschlie\u00dflich von Gebirgsfl\u00fcssen mit Trinkwasserqualit\u00e4t gespeist und gilt damit als der sauberste See Europas. Glasklares Wasser, dicht bewaldete Berge und H\u00fcgel sowie idyllische Uferst\u00e4dtchen machen den Lac D\u2019Annecy aber nicht nur zum saubersten, sondern auch zu einem der sch\u00f6nsten Seen Europas. Entsprechend lohnenswert ist ein Campingurlaub am Ufer des Sees \u2013 zumal der Lac D\u2019Annecy mit verschiedensten Sehensw\u00fcrdigkeiten und Freizeitaktivit\u00e4ten lockt.<\/p>\n<\/div><\/section><\/div>\n\n<\/div><\/div><\/div><!-- close content main div --><\/div><\/div><div id='av_section_14'  class='avia-section av-b7gvl-1eb57de5f7b7a94c40602e8cf977ebb0 main_color avia-section-default avia-no-border-styling  avia-builder-el-41  el_after_av_section  el_before_av_section  reduced-content avia-bg-style-scroll container_wrap sidebar_right'  ><div class='container av-section-cont-open' ><div class='template-page content  av-content-small alpha units'><div class='post-entry post-entry-type-page post-entry-4317'><div class='entry-content-wrapper clearfix'>\n\n<style type=\"text\/css\" data-created_by=\"avia_inline_auto\" id=\"style-css-av-jtplvt5k-6c95a4854dd7c5a197e738cc103f6579\">\n.avia-image-container.av-jtplvt5k-6c95a4854dd7c5a197e738cc103f6579 img.avia_image{\nbox-shadow:none;\n}\n.avia-image-container.av-jtplvt5k-6c95a4854dd7c5a197e738cc103f6579 .av-caption-image-overlay-bg{\nopacity:0.4;\nbackground-color:#000000;\n}\n.avia-image-container.av-jtplvt5k-6c95a4854dd7c5a197e738cc103f6579 .av-image-caption-overlay-center{\ncolor:#ffffff;\n}\n<\/style>\n<div  class='avia-image-container av-jtplvt5k-6c95a4854dd7c5a197e738cc103f6579 av-styling- av-img-linked avia_animated_image av-animated-when-visible-95 fade-in avia-align-center  avia-builder-el-42  avia-builder-el-no-sibling  noHover av-overlay-on-hover'   itemprop=\"image\" itemscope=\"itemscope\" itemtype=\"https:\/\/schema.org\/ImageObject\" ><div class=\"avia-image-container-inner\"><div class=\"avia-image-overlay-wrap\"><a href=\"https:\/\/www.tuicamper.com\/wp-docker\/wp-content\/uploads\/2019\/10\/lac-annecy-1030x686.jpg\" data-srcset=\"https:\/\/www.tuicamper.com\/wp-docker\/wp-content\/uploads\/2019\/10\/lac-annecy-1030x686.jpg 1030w, https:\/\/www.tuicamper.com\/wp-docker\/wp-content\/uploads\/2019\/10\/lac-annecy-300x200.jpg 300w, https:\/\/www.tuicamper.com\/wp-docker\/wp-content\/uploads\/2019\/10\/lac-annecy-768x512.jpg 768w, https:\/\/www.tuicamper.com\/wp-docker\/wp-content\/uploads\/2019\/10\/lac-annecy-705x470.jpg 705w, https:\/\/www.tuicamper.com\/wp-docker\/wp-content\/uploads\/2019\/10\/lac-annecy.jpg 1280w\" data-sizes=\"(max-width: 1030px) 100vw, 1030px\" class='avia_image '  aria-label='Lac D\u2019Annecy'><div class=\"av-image-caption-overlay\"><div class=\"av-caption-image-overlay-bg\"><\/div><div class=\"av-image-caption-overlay-position\"><div class=\"av-image-caption-overlay-center\"><p>Lac D&#8217;Annecy Panoramaausblick<\/p>\n<\/div><\/div><\/div><img decoding=\"async\" fetchpriority=\"high\" class='wp-image-4349 avia-img-lazy-loading-not-4349 avia_image ' src=\"https:\/\/www.tuicamper.com\/wp-docker\/wp-content\/uploads\/2019\/10\/lac-annecy-1280x630.jpg\" alt='Lac D\u2019Annecy' title='Lac D\u2019Annecy'  height=\"630\" width=\"1280\"  itemprop=\"thumbnailUrl\"  \/><\/a><\/div><\/div><\/div>\n\n<\/div><\/div><\/div><!-- close content main div --><\/div><\/div><div id='av_section_15'  class='avia-section av-jt5vrdgv-4386718e65b314e69682ca60ae604601 main_color avia-section-default avia-no-border-styling  avia-builder-el-43  el_after_av_section  el_before_av_section  reduced-content avia-bg-style-scroll container_wrap sidebar_right'  ><div class='container av-section-cont-open' ><div class='template-page content  av-content-small alpha units'><div class='post-entry post-entry-type-page post-entry-4317'><div class='entry-content-wrapper clearfix'>\n\n<style type=\"text\/css\" data-created_by=\"avia_inline_auto\" id=\"style-css-av-1g5aou-6e8505d9de1136ce38f66b0d0e5d2a36\">\n.flex_column.av-1g5aou-6e8505d9de1136ce38f66b0d0e5d2a36{\nborder-radius:0px 0px 0px 0px;\npadding:0px 0px 0px 0px;\n}\n<\/style>\n<div  class='flex_column av-1g5aou-6e8505d9de1136ce38f66b0d0e5d2a36 av_one_full  avia-builder-el-44  avia-builder-el-no-sibling  first flex_column_div av-zero-column-padding  '     ><section  class='av_textblock_section av-jt5tjyk0-0dcba2d71ec5fa9367b20fb4fe90a68e '   itemscope=\"itemscope\" itemtype=\"https:\/\/schema.org\/BlogPosting\" itemprop=\"blogPost\" ><div class='avia_textblock'  itemprop=\"text\" ><ul>\n<li>Besuchen Sie die auf einem Felsvorsprung gelegene Burg Annecy und genie\u00dfen Sie den fantastischen Ausblick \u00fcber den Lac D\u2019Annecy.<\/li>\n<li>Probieren Sie sich an der Felswand nahe Talloires im Deep Water Soloing. Dabei klettern Sie ohne Sicherung und lassen m\u00f6gliche St\u00fcrze vom k\u00fchlen Nass auffangen.<\/li>\n<li>Spazieren Sie \u00fcber die romantische Pont des Amours in Annecy und statten Sie im Anschluss der pittoresken Altstadt einen Besuch ab.<\/li>\n<li>Werden Sie aktiv und profitieren Sie von den vielen erstklassigen Wanderstrecken und Radrouten.<\/li>\n<\/ul>\n<p><strong>Campingplatz-Tipp<\/strong>: Der <a href=\"http:\/\/www.lesrivesdulac-annecy.com\/\">Campingplatz Les Rives Du Lac<\/a> besticht durch seine hervorragende Lage direkt am Seeufer, einen privaten Strand und eine guten Ausstattung.<\/p>\n<\/div><\/section><\/div>\n\n<\/div><\/div><\/div><!-- close content main div --><\/div><\/div><div id='av_section_16'  class='avia-section av-jt5vrdgv-4386718e65b314e69682ca60ae604601 main_color avia-section-default avia-no-border-styling  avia-builder-el-46  el_after_av_section  el_before_av_section  reduced-content avia-bg-style-scroll container_wrap sidebar_right'  ><div class='container av-section-cont-open' ><div class='template-page content  av-content-small alpha units'><div class='post-entry post-entry-type-page post-entry-4317'><div class='entry-content-wrapper clearfix'>\n\n<style type=\"text\/css\" data-created_by=\"avia_inline_auto\" id=\"style-css-av-1g5aou-6e8505d9de1136ce38f66b0d0e5d2a36\">\n.flex_column.av-1g5aou-6e8505d9de1136ce38f66b0d0e5d2a36{\nborder-radius:0px 0px 0px 0px;\npadding:0px 0px 0px 0px;\n}\n<\/style>\n<div  class='flex_column av-1g5aou-6e8505d9de1136ce38f66b0d0e5d2a36 av_one_full  avia-builder-el-47  avia-builder-el-no-sibling  first flex_column_div av-zero-column-padding  '     ><section  class='av_textblock_section av-jt5tjyk0-0dcba2d71ec5fa9367b20fb4fe90a68e '   itemscope=\"itemscope\" itemtype=\"https:\/\/schema.org\/BlogPosting\" itemprop=\"blogPost\" ><div class='avia_textblock'  itemprop=\"text\" ><h2>5.) V\u00e4nern, Schweden \u2013 das \u201eBinnenmeer\u201c<\/h2>\n<p>V\u00e4nern, der gr\u00f6\u00dfte See in <a href=\"https:\/\/www.tuicamper.com\/magazin\/reisetipps-schweden\/\">Schweden<\/a> wird in Folge seiner Dimensionen h\u00e4ufig auch als \u201eBinnenmeer\u201c bezeichnet. Entsprechend gro\u00df sind f\u00fcr Wohnmobil-Urlauber auch die Erholungs-, Freizeit- und Ausflugsm\u00f6glichkeiten rund um den V\u00e4nern.<\/p>\n<\/div><\/section><\/div>\n\n<\/div><\/div><\/div><!-- close content main div --><\/div><\/div><div id='av_section_17'  class='avia-section av-b7gvl-1eb57de5f7b7a94c40602e8cf977ebb0 main_color avia-section-default avia-no-border-styling  avia-builder-el-49  el_after_av_section  el_before_av_section  reduced-content avia-bg-style-scroll container_wrap sidebar_right'  ><div class='container av-section-cont-open' ><div class='template-page content  av-content-small alpha units'><div class='post-entry post-entry-type-page post-entry-4317'><div class='entry-content-wrapper clearfix'>\n\n<style type=\"text\/css\" data-created_by=\"avia_inline_auto\" id=\"style-css-av-jtplvt5k-30b95bb701d7a1a058b7f1d3131cb02e\">\n.avia-image-container.av-jtplvt5k-30b95bb701d7a1a058b7f1d3131cb02e img.avia_image{\nbox-shadow:none;\n}\n.avia-image-container.av-jtplvt5k-30b95bb701d7a1a058b7f1d3131cb02e .av-caption-image-overlay-bg{\nopacity:0.4;\nbackground-color:#000000;\n}\n.avia-image-container.av-jtplvt5k-30b95bb701d7a1a058b7f1d3131cb02e .av-image-caption-overlay-center{\ncolor:#ffffff;\n}\n<\/style>\n<div  class='avia-image-container av-jtplvt5k-30b95bb701d7a1a058b7f1d3131cb02e av-styling- av-img-linked avia_animated_image av-animated-when-visible-95 fade-in avia-align-center  avia-builder-el-50  el_before_av_hr  avia-builder-el-first  noHover av-overlay-on-hover'   itemprop=\"image\" itemscope=\"itemscope\" itemtype=\"https:\/\/schema.org\/ImageObject\" ><div class=\"avia-image-container-inner\"><div class=\"avia-image-overlay-wrap\"><a href=\"https:\/\/www.tuicamper.com\/wp-docker\/wp-content\/uploads\/2019\/10\/vaenern-schweden-1030x686.jpg\" data-srcset=\"https:\/\/www.tuicamper.com\/wp-docker\/wp-content\/uploads\/2019\/10\/vaenern-schweden-1030x686.jpg 1030w, https:\/\/www.tuicamper.com\/wp-docker\/wp-content\/uploads\/2019\/10\/vaenern-schweden-300x200.jpg 300w, https:\/\/www.tuicamper.com\/wp-docker\/wp-content\/uploads\/2019\/10\/vaenern-schweden-768x512.jpg 768w, https:\/\/www.tuicamper.com\/wp-docker\/wp-content\/uploads\/2019\/10\/vaenern-schweden-705x470.jpg 705w, https:\/\/www.tuicamper.com\/wp-docker\/wp-content\/uploads\/2019\/10\/vaenern-schweden.jpg 1280w\" data-sizes=\"(max-width: 1030px) 100vw, 1030px\" class='avia_image '  aria-label='Typisch schwedische H\u00e4user am V\u00e4nern'><div class=\"av-image-caption-overlay\"><div class=\"av-caption-image-overlay-bg\"><\/div><div class=\"av-image-caption-overlay-position\"><div class=\"av-image-caption-overlay-center\"><p>Typisch schwedische H\u00e4user am V\u00e4nern<\/p>\n<\/div><\/div><\/div><img decoding=\"async\" fetchpriority=\"high\" class='wp-image-4352 avia-img-lazy-loading-not-4352 avia_image ' src=\"https:\/\/www.tuicamper.com\/wp-docker\/wp-content\/uploads\/2019\/10\/vaenern-schweden-1280x630.jpg\" alt='Typisch schwedische H\u00e4user am V\u00e4nern' title='Typisch schwedische H\u00e4user am V\u00e4nern'  height=\"630\" width=\"1280\"  itemprop=\"thumbnailUrl\"  \/><\/a><\/div><\/div><\/div>\n\n<style type=\"text\/css\" data-created_by=\"avia_inline_auto\" id=\"style-css-av-jwj918c3-315e0fede61d05e0c478b80905e3cec5\">\n#top .hr.hr-invisible.av-jwj918c3-315e0fede61d05e0c478b80905e3cec5{\nheight:25px;\n}\n<\/style>\n<div  class='hr av-jwj918c3-315e0fede61d05e0c478b80905e3cec5 hr-invisible  avia-builder-el-51  el_after_av_image  avia-builder-el-last '><span class='hr-inner '><span class=\"hr-inner-style\"><\/span><\/span><\/div>\n<\/div><\/div><\/div><!-- close content main div --><\/div><\/div><div id='av_section_18'  class='avia-section av-jt5vrdgv-4386718e65b314e69682ca60ae604601 main_color avia-section-default avia-no-border-styling  avia-builder-el-52  el_after_av_section  el_before_av_section  reduced-content avia-bg-style-scroll container_wrap sidebar_right'  ><div class='container av-section-cont-open' ><div class='template-page content  av-content-small alpha units'><div class='post-entry post-entry-type-page post-entry-4317'><div class='entry-content-wrapper clearfix'>\n\n<style type=\"text\/css\" data-created_by=\"avia_inline_auto\" id=\"style-css-av-1g5aou-6e8505d9de1136ce38f66b0d0e5d2a36\">\n.flex_column.av-1g5aou-6e8505d9de1136ce38f66b0d0e5d2a36{\nborder-radius:0px 0px 0px 0px;\npadding:0px 0px 0px 0px;\n}\n<\/style>\n<div  class='flex_column av-1g5aou-6e8505d9de1136ce38f66b0d0e5d2a36 av_one_full  avia-builder-el-53  avia-builder-el-no-sibling  first flex_column_div av-zero-column-padding  '     ><section  class='av_textblock_section av-jt5tjyk0-0dcba2d71ec5fa9367b20fb4fe90a68e '   itemscope=\"itemscope\" itemtype=\"https:\/\/schema.org\/BlogPosting\" itemprop=\"blogPost\" ><div class='avia_textblock'  itemprop=\"text\" ><p>Die Sehensw\u00fcrdigkeiten reichen von traumhaften Ortschaften wie Maristad mit seinem von Holzh\u00e4usern gepr\u00e4gten historischen Stadtkern \u00fcber Burgen und Schl\u00f6sser \u2013 allen voran das pr\u00e4chtige Barockschloss L\u00e4ck\u00f6 \u2013 bis hin zu den idyllischen Wanderwegen im Naturschutzgebiet des Kinnekulle, einem der V\u00e4stg\u00f6taberge. Auch Angler kommen hier voll auf ihre Kosten. So gl\u00e4nzt der V\u00e4nern mit zahlreichen Angelm\u00f6glichkeiten und gro\u00dfem Fischreichtum.<\/p>\n<p><strong>Campingplatz-Tipp<\/strong>: An Campingpl\u00e4tzen herrscht rund um den V\u00e4nern kein Mangel. Empfehlenswert ist beispielsweise der gepflegte Platz <a href=\"https:\/\/sorbostrandscamping.se\/\">S\u00f6rbostrands Camping<\/a>.<\/p>\n<\/div><\/section><\/div>\n<\/p>\n<\/div><\/div><\/div><!-- close content main div --><\/div><\/div><div id='av_section_19'  class='avia-section av-jt5vrdgv-4386718e65b314e69682ca60ae604601 main_color avia-section-default avia-no-border-styling  avia-builder-el-55  el_after_av_section  avia-builder-el-last  reduced-content avia-bg-style-scroll container_wrap sidebar_right'  ><div class='container av-section-cont-open' ><div class='template-page content  av-content-small alpha units'><div class='post-entry post-entry-type-page post-entry-4317'><div class='entry-content-wrapper clearfix'>\n<div  class='avia-button-wrap av-ju2eusip-97710f6dcc707c8eed466dbdaec97a2c-wrap avia-button-center  avia-builder-el-56  el_before_av_one_full  avia-builder-el-first '><a href='https:\/\/www.tuicamper.com\/'  class='avia-button av-ju2eusip-97710f6dcc707c8eed466dbdaec97a2c av-link-btn avia-icon_select-yes-right-icon avia-size-large avia-position-center avia-color-theme-color'   aria-label=\"Jetzt Wohnmobil mieten\"><span class='avia_iconbox_title' >Jetzt Wohnmobil mieten<\/span><span class='avia_button_icon avia_button_icon_right avia-iconfont avia-font-entypo-fontello' data-av_icon='\ue875' data-av_iconfont='entypo-fontello' ><\/span><\/a><\/div>\n\n<style type=\"text\/css\" data-created_by=\"avia_inline_auto\" id=\"style-css-av-1g5aou-6e8505d9de1136ce38f66b0d0e5d2a36\">\n.flex_column.av-1g5aou-6e8505d9de1136ce38f66b0d0e5d2a36{\nborder-radius:0px 0px 0px 0px;\npadding:0px 0px 0px 0px;\n}\n<\/style>\n<div  class='flex_column av-1g5aou-6e8505d9de1136ce38f66b0d0e5d2a36 av_one_full  avia-builder-el-57  el_after_av_button  el_before_av_social_share  first flex_column_div av-zero-column-padding  '     ><style type=\"text\/css\" data-created_by=\"avia_inline_auto\" id=\"style-css-av-jt5tjyk0-ab0f5bf83c5f2a1609268d18fe7426dd\">\n#top .av_textblock_section.av-jt5tjyk0-ab0f5bf83c5f2a1609268d18fe7426dd .avia_textblock{\nfont-size:28px;\n}\n<\/style>\n<section  class='av_textblock_section av-jt5tjyk0-ab0f5bf83c5f2a1609268d18fe7426dd '   itemscope=\"itemscope\" itemtype=\"https:\/\/schema.org\/BlogPosting\" itemprop=\"blogPost\" ><div class='avia_textblock'  itemprop=\"text\" ><p><strong>Ihr TUI CAMPER-Team w\u00fcnscht Ihnen einen unvergesslichen Camping-Urlaub an einem der sch\u00f6nsten Seen Europas!<\/strong><\/p>\n<\/div><\/section><\/div><div  class='av-social-sharing-box av-10zg8-8676a2d54b4a15bbf6c39a1c18f0815b av-social-sharing-box-default  avia-builder-el-59  el_after_av_one_full  avia-builder-el-last  av-social-sharing-box-fullwidth'><div class=\"av-share-box\"><ul class=\"av-share-box-list noLightbox\"><li class='av-share-link av-social-link-facebook avia_social_iconfont' ><a target=\"_blank\" aria-label=\"Teilen auf Facebook\" href='https:\/\/www.facebook.com\/sharer.php?u=https:\/\/www.tuicamper.com\/magazin\/schoenste-seen-in-europa\/&#038;t=Die%205%20sch%C3%B6nsten%20Seen%20f%C3%BCr%20einen%20Camper-Urlaub%20in%20Europa' data-av_icon='\ue8f3' data-av_iconfont='entypo-fontello'  title='' data-avia-related-tooltip='Teilen auf Facebook'><span class='avia_hidden_link_text'>Teilen auf Facebook<\/span><\/a><\/li><li class='av-share-link av-social-link-twitter avia_social_iconfont' ><a target=\"_blank\" aria-label=\"Teilen auf X\" href='https:\/\/twitter.com\/share?text=Die%205%20sch%C3%B6nsten%20Seen%20f%C3%BCr%20einen%20Camper-Urlaub%20in%20Europa&#038;url=https:\/\/www.tuicamper.com\/magazin\/schoenste-seen-in-europa\/' data-av_icon='\ue932' data-av_iconfont='entypo-fontello'  title='' data-avia-related-tooltip='Teilen auf X'><span class='avia_hidden_link_text'>Teilen auf X<\/span><\/a><\/li><li class='av-share-link av-social-link-whatsapp avia_social_iconfont' ><a target=\"_blank\" aria-label=\"Teilen auf WhatsApp\" href='https:\/\/api.whatsapp.com\/send?text=https:\/\/www.tuicamper.com\/magazin\/schoenste-seen-in-europa\/' data-av_icon='\uf232' data-av_iconfont='entypo-fontello'  title='' data-avia-related-tooltip='Teilen auf WhatsApp'><span class='avia_hidden_link_text'>Teilen auf WhatsApp<\/span><\/a><\/li><li class='av-share-link av-social-link-pinterest avia_social_iconfont' ><a target=\"_blank\" aria-label=\"Teilen auf Pinterest\" href='https:\/\/pinterest.com\/pin\/create\/button\/?url=https%3A%2F%2Fwww.tuicamper.com%2Fmagazin%2Fschoenste-seen-in-europa%2F&#038;description=Die%205%20sch%C3%B6nsten%20Seen%20f%C3%BCr%20einen%20Camper-Urlaub%20in%20Europa&#038;media=https%3A%2F%2Fwww.tuicamper.com%2Fwp-docker%2Fwp-content%2Fuploads%2F2019%2F10%2Fsee-europa-705x269.jpg' data-av_icon='\ue8f8' data-av_iconfont='entypo-fontello'  title='' data-avia-related-tooltip='Teilen auf Pinterest'><span class='avia_hidden_link_text'>Teilen auf Pinterest<\/span><\/a><\/li><li class='av-share-link av-social-link-mail avia_social_iconfont' ><a  aria-label=\"Per E-Mail teilen\" href='mailto:?subject=Die%205%20sch%C3%B6nsten%20Seen%20f%C3%BCr%20einen%20Camper-Urlaub%20in%20Europa&#038;body=https:\/\/www.tuicamper.com\/magazin\/schoenste-seen-in-europa\/' data-av_icon='\ue805' data-av_iconfont='entypo-fontello'  title='' data-avia-related-tooltip='Per E-Mail teilen'><span class='avia_hidden_link_text'>Per E-Mail teilen<\/span><\/a><\/li><\/ul><\/div><\/div>\n<\/div><\/div><\/div><!-- close content main div --><\/div><\/div><div id='after_section_19'  class='main_color av_default_container_wrap container_wrap sidebar_right'  ><div class='container av-section-cont-open' ><div class='template-page content  av-content-small alpha units'><div class='post-entry post-entry-type-page post-entry-4317'><div class='entry-content-wrapper clearfix'>\n","protected":false},"excerpt":{"rendered":"<p>Spektakul\u00e4re Panoramen, abwechslungsreiche Ausflugsm\u00f6glichkeiten, gut ausgestattete Campingpl\u00e4tze: Wir stellen Ihnen die f\u00fcnf sch\u00f6nsten Seen Europas vor!<\/p>\n","protected":false},"author":4,"featured_media":4338,"comment_status":"open","ping_status":"open","sticky":false,"template":"","format":"standard","meta":{"footnotes":""},"categories":[33],"tags":[40,24,69,66,65,75],"class_list":["post-4317","post","type-post","status-publish","format-standard","has-post-thumbnail","hentry","category-reisethema","tag-familie","tag-frankreich","tag-italien","tag-schottland","tag-schweden","tag-schweiz"],"yoast_head":"<!-- This site is optimized with the Yoast SEO plugin v27.4 - https:\/\/yoast.com\/product\/yoast-seo-wordpress\/ -->\n<title>Die 5 sch\u00f6nsten Seen f\u00fcr einen Camper-Urlaub in Europa<\/title>\n<meta name=\"description\" content=\"Spektakul\u00e4re Panoramen, abwechslungsreiche Ausflugsm\u00f6glichkeiten, gut ausgestattete Campingpl\u00e4tze: Wir stellen Ihnen die f\u00fcnf sch\u00f6nsten Seen Europas vor!\" \/>\n<meta name=\"robots\" content=\"index, follow, max-snippet:-1, max-image-preview:large, max-video-preview:-1\" \/>\n<link rel=\"canonical\" href=\"https:\/\/www.tuicamper.com\/magazin\/schoenste-seen-in-europa\/\" \/>\n<meta property=\"og:locale\" content=\"de_DE\" \/>\n<meta property=\"og:type\" content=\"article\" \/>\n<meta property=\"og:title\" content=\"Die 5 sch\u00f6nsten Seen f\u00fcr einen Camper-Urlaub in Europa\" \/>\n<meta property=\"og:description\" content=\"Spektakul\u00e4re Panoramen, abwechslungsreiche Ausflugsm\u00f6glichkeiten, gut ausgestattete Campingpl\u00e4tze: Wir stellen Ihnen die f\u00fcnf sch\u00f6nsten Seen Europas vor!\" \/>\n<meta property=\"og:url\" content=\"https:\/\/www.tuicamper.com\/magazin\/schoenste-seen-in-europa\/\" \/>\n<meta property=\"og:site_name\" content=\"TUI Camper Magazin\" \/>\n<meta property=\"article:published_time\" content=\"2019-10-17T13:44:52+00:00\" \/>\n<meta property=\"article:modified_time\" content=\"2019-10-24T14:08:24+00:00\" \/>\n<meta property=\"og:image\" content=\"https:\/\/www.tuicamper.com\/wp-docker\/wp-content\/uploads\/2019\/10\/see-europa.jpg\" \/>\n\t<meta property=\"og:image:width\" content=\"1310\" \/>\n\t<meta property=\"og:image:height\" content=\"500\" \/>\n\t<meta property=\"og:image:type\" content=\"image\/jpeg\" \/>\n<meta name=\"author\" content=\"Trang\" \/>\n<meta name=\"twitter:card\" content=\"summary_large_image\" \/>\n<meta name=\"twitter:label1\" content=\"Verfasst von\" \/>\n\t<meta name=\"twitter:data1\" content=\"Trang\" \/>\n\t<meta name=\"twitter:label2\" content=\"Gesch\u00e4tzte Lesezeit\" \/>\n\t<meta name=\"twitter:data2\" content=\"30\u00a0Minuten\" \/>\n<!-- \/ Yoast SEO plugin. -->","yoast_head_json":{"title":"Die 5 sch\u00f6nsten Seen f\u00fcr einen Camper-Urlaub in Europa","description":"Spektakul\u00e4re Panoramen, abwechslungsreiche Ausflugsm\u00f6glichkeiten, gut ausgestattete Campingpl\u00e4tze: Wir stellen Ihnen die f\u00fcnf sch\u00f6nsten Seen Europas vor!","robots":{"index":"index","follow":"follow","max-snippet":"max-snippet:-1","max-image-preview":"max-image-preview:large","max-video-preview":"max-video-preview:-1"},"canonical":"https:\/\/www.tuicamper.com\/magazin\/schoenste-seen-in-europa\/","og_locale":"de_DE","og_type":"article","og_title":"Die 5 sch\u00f6nsten Seen f\u00fcr einen Camper-Urlaub in Europa","og_description":"Spektakul\u00e4re Panoramen, abwechslungsreiche Ausflugsm\u00f6glichkeiten, gut ausgestattete Campingpl\u00e4tze: Wir stellen Ihnen die f\u00fcnf sch\u00f6nsten Seen Europas vor!","og_url":"https:\/\/www.tuicamper.com\/magazin\/schoenste-seen-in-europa\/","og_site_name":"TUI Camper Magazin","article_published_time":"2019-10-17T13:44:52+00:00","article_modified_time":"2019-10-24T14:08:24+00:00","og_image":[{"width":1310,"height":500,"url":"https:\/\/www.tuicamper.com\/wp-docker\/wp-content\/uploads\/2019\/10\/see-europa.jpg","type":"image\/jpeg"}],"author":"Trang","twitter_card":"summary_large_image","twitter_misc":{"Verfasst von":"Trang","Gesch\u00e4tzte Lesezeit":"30\u00a0Minuten"},"schema":{"@context":"https:\/\/schema.org","@graph":[{"@type":"Article","@id":"https:\/\/www.tuicamper.com\/magazin\/schoenste-seen-in-europa\/#article","isPartOf":{"@id":"https:\/\/www.tuicamper.com\/magazin\/schoenste-seen-in-europa\/"},"author":{"name":"Trang","@id":"https:\/\/www.tuicamper.com\/wp-docker\/#\/schema\/person\/64621aaf52862d378f4e7a6961086fa3"},"headline":"Die 5 sch\u00f6nsten Seen f\u00fcr einen Camper-Urlaub in Europa","datePublished":"2019-10-17T13:44:52+00:00","dateModified":"2019-10-24T14:08:24+00:00","mainEntityOfPage":{"@id":"https:\/\/www.tuicamper.com\/magazin\/schoenste-seen-in-europa\/"},"wordCount":4748,"commentCount":0,"image":{"@id":"https:\/\/www.tuicamper.com\/magazin\/schoenste-seen-in-europa\/#primaryimage"},"thumbnailUrl":"https:\/\/www.tuicamper.com\/wp-docker\/wp-content\/uploads\/2019\/10\/see-europa.jpg","keywords":["Familie","Frankreich","Italien","Schottland","Schweden","Schweiz"],"articleSection":["Reisethema"],"inLanguage":"de","potentialAction":[{"@type":"CommentAction","name":"Comment","target":["https:\/\/www.tuicamper.com\/magazin\/schoenste-seen-in-europa\/#respond"]}]},{"@type":"WebPage","@id":"https:\/\/www.tuicamper.com\/magazin\/schoenste-seen-in-europa\/","url":"https:\/\/www.tuicamper.com\/magazin\/schoenste-seen-in-europa\/","name":"Die 5 sch\u00f6nsten Seen f\u00fcr einen Camper-Urlaub in Europa","isPartOf":{"@id":"https:\/\/www.tuicamper.com\/#website"},"primaryImageOfPage":{"@id":"https:\/\/www.tuicamper.com\/magazin\/schoenste-seen-in-europa\/#primaryimage"},"image":{"@id":"https:\/\/www.tuicamper.com\/magazin\/schoenste-seen-in-europa\/#primaryimage"},"thumbnailUrl":"https:\/\/www.tuicamper.com\/wp-content\/uploads\/2019\/10\/see-europa.jpg","datePublished":"2019-10-17T13:44:52+00:00","dateModified":"2019-10-24T14:08:24+00:00","author":{"@id":"https:\/\/www.tuicamper.com\/#\/schema\/person\/64621aaf52862d378f4e7a6961086fa3"},"description":"Spektakul\u00e4re Panoramen, abwechslungsreiche Ausflugsm\u00f6glichkeiten, gut ausgestattete Campingpl\u00e4tze: Wir stellen Ihnen die f\u00fcnf sch\u00f6nsten Seen Europas vor!","breadcrumb":{"@id":"https:\/\/www.tuicamper.com\/magazin\/schoenste-seen-in-europa\/#breadcrumb"},"inLanguage":"de","potentialAction":["Array"]},{"@type":"ImageObject","inLanguage":"de","@id":"https:\/\/www.tuicamper.com\/magazin\/schoenste-seen-in-europa\/#primaryimage","url":"https:\/\/www.tuicamper.com\/wp-docker\/wp-content\/uploads\/2019\/10\/see-europa.jpg","contentUrl":"https:\/\/www.tuicamper.com\/wp-docker\/wp-content\/uploads\/2019\/10\/see-europa.jpg","width":1310,"height":500},{"@type":"BreadcrumbList","@id":"https:\/\/www.tuicamper.com\/magazin\/schoenste-seen-in-europa\/#breadcrumb","itemListElement":[{"@type":"ListItem","position":1,"name":"Startseite","item":"https:\/\/www.tuicamper.com\/wp-docker\/"},{"@type":"ListItem","position":2,"name":"Die 5 sch\u00f6nsten Seen f\u00fcr einen Camper-Urlaub in Europa"}]},{"@type":"WebSite","@id":"https:\/\/www.tuicamper.com\/#website","url":"https:\/\/www.tuicamper.com\/","name":"TUI Camper Magazin","description":"","potentialAction":["Array"],"inLanguage":"de"},{"@type":"Person","@id":"https:\/\/www.tuicamper.com\/wp-docker\/#\/schema\/person\/64621aaf52862d378f4e7a6961086fa3","name":"Trang","image":{"@type":"ImageObject","inLanguage":"de","@id":"https:\/\/secure.gravatar.com\/avatar\/c946f00f16c232f8cdecfb386f553c12468182e6b4443fb0719b0ef4d8387620?s=96&d=mm&r=g","url":"https:\/\/secure.gravatar.com\/avatar\/c946f00f16c232f8cdecfb386f553c12468182e6b4443fb0719b0ef4d8387620?s=96&d=mm&r=g","contentUrl":"https:\/\/secure.gravatar.com\/avatar\/c946f00f16c232f8cdecfb386f553c12468182e6b4443fb0719b0ef4d8387620?s=96&d=mm&r=g","caption":"Trang"},"url":"https:\/\/www.tuicamper.com\/wp-docker\/magazin\/author\/trang\/"}]}},"_links":{"self":[{"href":"https:\/\/www.tuicamper.com\/wp-docker\/wp-json\/wp\/v2\/posts\/4317","targetHints":{"allow":["GET"]}}],"collection":[{"href":"https:\/\/www.tuicamper.com\/wp-docker\/wp-json\/wp\/v2\/posts"}],"about":[{"href":"https:\/\/www.tuicamper.com\/wp-docker\/wp-json\/wp\/v2\/types\/post"}],"author":[{"embeddable":true,"href":"https:\/\/www.tuicamper.com\/wp-docker\/wp-json\/wp\/v2\/users\/4"}],"replies":[{"embeddable":true,"href":"https:\/\/www.tuicamper.com\/wp-docker\/wp-json\/wp\/v2\/comments?post=4317"}],"version-history":[{"count":17,"href":"https:\/\/www.tuicamper.com\/wp-docker\/wp-json\/wp\/v2\/posts\/4317\/revisions"}],"predecessor-version":[{"id":5514,"href":"https:\/\/www.tuicamper.com\/wp-docker\/wp-json\/wp\/v2\/posts\/4317\/revisions\/5514"}],"wp:featuredmedia":[{"embeddable":true,"href":"https:\/\/www.tuicamper.com\/wp-docker\/wp-json\/wp\/v2\/media\/4338"}],"wp:attachment":[{"href":"https:\/\/www.tuicamper.com\/wp-docker\/wp-json\/wp\/v2\/media?parent=4317"}],"wp:term":[{"taxonomy":"category","embeddable":true,"href":"https:\/\/www.tuicamper.com\/wp-docker\/wp-json\/wp\/v2\/categories?post=4317"},{"taxonomy":"post_tag","embeddable":true,"href":"https:\/\/www.tuicamper.com\/wp-docker\/wp-json\/wp\/v2\/tags?post=4317"}],"curies":[{"name":"wp","href":"https:\/\/api.w.org\/{rel}","templated":true}]}}