{"id":421,"date":"2019-03-27T12:09:11","date_gmt":"2019-03-27T11:09:11","guid":{"rendered":"https:\/\/www.tuicamper.com\/wp-docker\/?p=421"},"modified":"2023-07-10T13:03:15","modified_gmt":"2023-07-10T11:03:15","slug":"wohnmobil-provence","status":"publish","type":"post","link":"https:\/\/www.tuicamper.com\/magazin\/wohnmobil-provence\/","title":{"rendered":"Mit dem Wohnmobil in die Provence und an die C\u00f4te d&#8217;Azur"},"content":{"rendered":"<div id='av_section_1'  class='avia-section av-jt5vrdgv-4386718e65b314e69682ca60ae604601 main_color avia-section-default avia-no-border-styling  avia-builder-el-0  el_before_av_textblock  avia-builder-el-first  reduced-content avia-bg-style-scroll container_wrap sidebar_right'  ><div class='container av-section-cont-open' ><main  role=\"main\" itemprop=\"mainContentOfPage\"  class='template-page content  av-content-small alpha units'><div class='post-entry post-entry-type-page post-entry-421'><div class='entry-content-wrapper clearfix'>\n\n<style type=\"text\/css\" data-created_by=\"avia_inline_auto\" id=\"style-css-av-1g5aou-6e8505d9de1136ce38f66b0d0e5d2a36\">\n.flex_column.av-1g5aou-6e8505d9de1136ce38f66b0d0e5d2a36{\nborder-radius:0px 0px 0px 0px;\npadding:0px 0px 0px 0px;\n}\n<\/style>\n<div  class='flex_column av-1g5aou-6e8505d9de1136ce38f66b0d0e5d2a36 av_one_full  avia-builder-el-1  avia-builder-el-no-sibling  first flex_column_div av-zero-column-padding  '     ><section  class='av_textblock_section av-jt5tjyk0-1e04ddf86ca9bd8201b4b17bbb4a6491 '   itemscope=\"itemscope\" itemtype=\"https:\/\/schema.org\/BlogPosting\" itemprop=\"blogPost\" ><div class='avia_textblock'  itemprop=\"text\" ><p>Weite Lavendelfelder, urige D\u00f6rfchen, Metropolen und traumhafte K\u00fcstenabschnitte: Eine Wohnmobil-Reise in die Provence und an die C\u00f4te d&#8217;Azur k\u00f6nnte kaum facettenreicher sein. Wir nehmen die faszinierende Region im S\u00fcdosten <a href=\"https:\/\/www.tuicamper.com\/magazin\/wohnmobil-frankreich\/\">Frankreichs<\/a> in den Fokus und geben Ihnen eine ausgearbeitete Routenempfehlung an die Hand \u2013 Tipps und Geheimtipps inklusive.<\/p>\n<\/div><\/section><\/div>\n<\/div><\/div><\/main><!-- close content main element --><\/div><\/div><div id='after_section_1'  class='main_color av_default_container_wrap container_wrap sidebar_right'  ><div class='container av-section-cont-open' ><div class='template-page content  av-content-small alpha units'><div class='post-entry post-entry-type-page post-entry-421'><div class='entry-content-wrapper clearfix'>\n<section  class='av_textblock_section av-jtpqpty6-550c066a997ebaf648fccc87d0b9ff16 '   itemscope=\"itemscope\" itemtype=\"https:\/\/schema.org\/BlogPosting\" itemprop=\"blogPost\" ><div class='avia_textblock'  itemprop=\"text\" >\n<\/div><\/section>\n<\/div><\/div><\/div><!-- close content main div --><\/div><\/div><div id='av_section_2'  class='avia-section av-jt5vrdgv-52-735dd8b552c634c4508f1f82478ac0cb main_color avia-section-default avia-no-border-styling  avia-builder-el-4  el_after_av_textblock  el_before_av_section  reduced-content avia-bg-style-scroll container_wrap sidebar_right'  ><div class='container av-section-cont-open' ><div class='template-page content  av-content-small alpha units'><div class='post-entry post-entry-type-page post-entry-421'><div class='entry-content-wrapper clearfix'>\n\n<style type=\"text\/css\" data-created_by=\"avia_inline_auto\" id=\"style-css-av-1g5aou-51-3d0602483ddb2773299e119a0ab533aa\">\n.flex_column.av-1g5aou-51-3d0602483ddb2773299e119a0ab533aa{\nborder-radius:0px 0px 0px 0px;\npadding:0px 0px 0px 0px;\n}\n<\/style>\n<div  class='flex_column av-1g5aou-51-3d0602483ddb2773299e119a0ab533aa av_one_full  avia-builder-el-5  avia-builder-el-no-sibling  first flex_column_div av-zero-column-padding  '     ><section  class='av_textblock_section av-jt5tjyk0-50-6fbd4a539fa613b74d8df59f036bf9ed '   itemscope=\"itemscope\" itemtype=\"https:\/\/schema.org\/BlogPosting\" itemprop=\"blogPost\" ><div class='avia_textblock'  itemprop=\"text\" ><div id=\"js-table-of-contents\">\r\n    <strong>Inhaltsverzeichnis<\/strong>\r\n<\/div>\n<\/div><\/section><\/div>\n\n<\/div><\/div><\/div><!-- close content main div --><\/div><\/div><div id='av_section_3'  class='avia-section av-jt5vrdgv-48-851c406f7b731e7bd921b145378987a5 main_color avia-section-default avia-no-border-styling  avia-builder-el-7  el_after_av_section  el_before_av_section  reduced-content avia-bg-style-scroll container_wrap sidebar_right'  ><div class='container av-section-cont-open' ><div class='template-page content  av-content-small alpha units'><div class='post-entry post-entry-type-page post-entry-421'><div class='entry-content-wrapper clearfix'>\n\n<style type=\"text\/css\" data-created_by=\"avia_inline_auto\" id=\"style-css-av-1g5aou-47-a94f7c716970c43803137214c88fa82a\">\n.flex_column.av-1g5aou-47-a94f7c716970c43803137214c88fa82a{\nborder-radius:0px 0px 0px 0px;\npadding:0px 0px 0px 0px;\n}\n<\/style>\n<div  class='flex_column av-1g5aou-47-a94f7c716970c43803137214c88fa82a av_one_full  avia-builder-el-8  avia-builder-el-no-sibling  first flex_column_div av-zero-column-padding  '     ><section  class='av_textblock_section av-jt5tjyk0-46-d58cfd5dbef575dcef13e8d58309b277 '   itemscope=\"itemscope\" itemtype=\"https:\/\/schema.org\/BlogPosting\" itemprop=\"blogPost\" ><div class='avia_textblock'  itemprop=\"text\" ><h2>Die Anreise von Deutschland<\/h2>\n<p>Die Provence ist mit dem Wohnmobil unkompliziert von\u00a0<a href=\"https:\/\/www.tuicamper.com\/reiseziele\/europa\/deutschland\/\">Deutschland<\/a>\u00a0aus zu erreichen. \u00dcberqueren Sie die franz\u00f6sische Grenze bei M\u00fclhausen und fahren Sie \u00fcber Lyon oder Grenoble in die Provence. Alternativ ist auch die Anreise \u00fcber die\u00a0<a href=\"https:\/\/www.tuicamper.com\/reiseziele\/europa\/schweiz\/\">Schweiz<\/a>\u00a0und\u00a0<a href=\"https:\/\/www.tuicamper.com\/reiseziele\/europa\/italien\/\">Italien<\/a>\u00a0problemlos m\u00f6glich. Je nach Startpunkt dauert die Fahrt zwischen 6 und 15 Stunden. Planen Sie daher gegebenenfalls eine \u00dcbernachtung f\u00fcr die Anreise mit ein.<\/p>\n<\/div><\/section><\/div>\n\n<\/div><\/div><\/div><!-- close content main div --><\/div><\/div><div id='av_section_4'  class='avia-section av-jt5vrdgv-45-b447868044de3bf85fce0c29d729f59a main_color avia-section-default avia-no-border-styling  avia-builder-el-10  el_after_av_section  el_before_av_section  reduced-content av-mini-hide avia-bg-style-scroll container_wrap sidebar_right'  ><div class='container av-section-cont-open' ><div class='template-page content  av-content-small alpha units'><div class='post-entry post-entry-type-page post-entry-421'><div class='entry-content-wrapper clearfix'>\n\n\n<\/div><\/div><\/div><!-- close content main div --><\/div><\/div><div id='av_section_5'  class='avia-section av-jt5vrdgv-42-e26a8b1102a50e18af393b4537c441c3 main_color avia-section-default avia-no-border-styling  avia-builder-el-12  el_after_av_section  el_before_av_section  reduced-content avia-bg-style-scroll container_wrap sidebar_right'  ><div class='container av-section-cont-open' ><div class='template-page content  av-content-small alpha units'><div class='post-entry post-entry-type-page post-entry-421'><div class='entry-content-wrapper clearfix'>\n\n<style type=\"text\/css\" data-created_by=\"avia_inline_auto\" id=\"style-css-av-1g5aou-44-f50a2b4004669dbba4cdb17c7bb9d9c5\">\n.flex_column.av-1g5aou-44-f50a2b4004669dbba4cdb17c7bb9d9c5{\nborder-radius:0px 0px 0px 0px;\npadding:0px 0px 0px 0px;\n}\n<\/style>\n<div  class='flex_column av-1g5aou-44-f50a2b4004669dbba4cdb17c7bb9d9c5 av_one_full  avia-builder-el-13  avia-builder-el-no-sibling  first flex_column_div av-zero-column-padding  '     ><section  class='av_textblock_section av-jt5tjyk0-43-3c82883d5d18ffb3cc8b5061aebbe149 '   itemscope=\"itemscope\" itemtype=\"https:\/\/schema.org\/BlogPosting\" itemprop=\"blogPost\" ><div class='avia_textblock'  itemprop=\"text\" ><h3>1. Kraft tanken im Regionalen Naturpark Verdon<\/h3>\n<p>Nach der langen Anreise ist jetzt erstmal Erholung angesagt. Und wo ginge das besser als in der freien Natur? Der Regionale Naturpark Verdon (Parc naturel r\u00e9gional du Verdon) ist eine der vielen Naturperlen Frankreichs \u2013 und wartet mit der wohl spektakul\u00e4rsten Landschaft der Provence auf. \u00dcbernachten k\u00f6nnen Sie in einem der zahlreichen Campingpl\u00e4tze vor Ort. Beispielsweise auf dem idyllischen Platz \u201e<a href=\"https:\/\/www.camping-la-source.eu\/de\/\" target=\"_blank\" rel=\"noopener\">Camping La Source<\/a>\u201c, der direkt an einem gro\u00dfen See liegt.<\/p>\n<\/div><\/section><\/div><\/div><\/div><\/div><!-- close content main div --><\/div><\/div><div id='av_section_6'  class='avia-section av-jt5vrdgv-41-56b65cf59d806897bf963b44f8792ec7 main_color avia-section-default avia-no-border-styling  avia-builder-el-15  el_after_av_section  el_before_av_section  reduced-content avia-bg-style-scroll container_wrap sidebar_right'  ><div class='container av-section-cont-open' ><div class='template-page content  av-content-small alpha units'><div class='post-entry post-entry-type-page post-entry-421'><div class='entry-content-wrapper clearfix'>\n\n<style type=\"text\/css\" data-created_by=\"avia_inline_auto\" id=\"style-css-av-1g5aou-40-430115de0ccb3b1aca676a82fff2c528\">\n.flex_column.av-1g5aou-40-430115de0ccb3b1aca676a82fff2c528{\nborder-radius:0px 0px 0px 0px;\npadding:0px 0px 0px 0px;\n}\n<\/style>\n<div  class='flex_column av-1g5aou-40-430115de0ccb3b1aca676a82fff2c528 av_one_full  avia-builder-el-16  avia-builder-el-no-sibling  first flex_column_div av-zero-column-padding  '     ><section  class='av_textblock_section av-jt5tjyk0-39-97ef58d945e080c0b1e39106a6162d3d '   itemscope=\"itemscope\" itemtype=\"https:\/\/schema.org\/BlogPosting\" itemprop=\"blogPost\" ><div class='avia_textblock'  itemprop=\"text\" ><h3>2. Wandern entlang der dramatischen Verdonschlucht<\/h3>\n<p>Nach dem entspannten ersten Tag entdecken Sie am zweiten Tag die Verdonschlucht (Gorges du Verdon), das absolute Highlights des Naturparks. Der spektakul\u00e4re Canyon ist stolze 700 Meter tief und 21 Kilometer lang \u2013 Dimensionen, mit denen in Europa lediglich die montenegrinische Tara-Schlucht mithalten kann. Zahlreiche Wanderrouten laden zum Entdecken des Canyons ein \u2013 und bieten immer wieder atemberaubende Panoramen. Der durch die Schlucht flie\u00dfende Fluss l\u00e4sst sich streckenweise auch mit Wildwasser-Kajaks befahren. Ein Highlight f\u00fcr abenteuerlustige Camper.<\/p>\n<\/div><\/section><\/div>\n<\/p>\n<\/div><\/div><\/div><!-- close content main div --><\/div><\/div><div id='av_section_7'  class='avia-section av-b7gvl-1eb57de5f7b7a94c40602e8cf977ebb0 main_color avia-section-default avia-no-border-styling  avia-builder-el-18  el_after_av_section  el_before_av_section  reduced-content avia-bg-style-scroll container_wrap sidebar_right'  ><div class='container av-section-cont-open' ><div class='template-page content  av-content-small alpha units'><div class='post-entry post-entry-type-page post-entry-421'><div class='entry-content-wrapper clearfix'>\n\n<style type=\"text\/css\" data-created_by=\"avia_inline_auto\" id=\"style-css-av-jtplvt5k-d1a82f8375acab37330bed7bc3778b54\">\n.avia-image-container.av-jtplvt5k-d1a82f8375acab37330bed7bc3778b54 img.avia_image{\nbox-shadow:none;\n}\n.avia-image-container.av-jtplvt5k-d1a82f8375acab37330bed7bc3778b54 .av-caption-image-overlay-bg{\nopacity:0.4;\nbackground-color:#000000;\n}\n.avia-image-container.av-jtplvt5k-d1a82f8375acab37330bed7bc3778b54 .av-image-caption-overlay-center{\ncolor:#ffffff;\n}\n<\/style>\n<div  class='avia-image-container av-jtplvt5k-d1a82f8375acab37330bed7bc3778b54 av-styling- av-img-linked avia_animated_image av-animated-when-visible-95 fade-in avia-align-center  avia-builder-el-19  avia-builder-el-no-sibling  noHover av-overlay-on-hover'   itemprop=\"image\" itemscope=\"itemscope\" itemtype=\"https:\/\/schema.org\/ImageObject\" ><div class=\"avia-image-container-inner\"><div class=\"avia-image-overlay-wrap\"><a href=\"https:\/\/www.tuicamper.com\/wp-docker\/wp-content\/uploads\/2019\/03\/Die-Schlucht-von-Verdon-1030x689.jpg\" data-srcset=\"https:\/\/www.tuicamper.com\/wp-docker\/wp-content\/uploads\/2019\/03\/Die-Schlucht-von-Verdon-1030x689.jpg 1030w, https:\/\/www.tuicamper.com\/wp-docker\/wp-content\/uploads\/2019\/03\/Die-Schlucht-von-Verdon-300x201.jpg 300w, https:\/\/www.tuicamper.com\/wp-docker\/wp-content\/uploads\/2019\/03\/Die-Schlucht-von-Verdon-768x514.jpg 768w, https:\/\/www.tuicamper.com\/wp-docker\/wp-content\/uploads\/2019\/03\/Die-Schlucht-von-Verdon-705x471.jpg 705w, https:\/\/www.tuicamper.com\/wp-docker\/wp-content\/uploads\/2019\/03\/Die-Schlucht-von-Verdon-450x301.jpg 450w, https:\/\/www.tuicamper.com\/wp-docker\/wp-content\/uploads\/2019\/03\/Die-Schlucht-von-Verdon.jpg 1280w\" data-sizes=\"(max-width: 1030px) 100vw, 1030px\" class='avia_image '  aria-label='Die Schlucht von Verdon'><div class=\"av-image-caption-overlay\"><div class=\"av-caption-image-overlay-bg\"><\/div><div class=\"av-image-caption-overlay-position\"><div class=\"av-image-caption-overlay-center\"><p>Die Schlucht von Verdon<\/p>\n<\/div><\/div><\/div><img decoding=\"async\" fetchpriority=\"high\" class='wp-image-428 avia-img-lazy-loading-not-428 avia_image ' src=\"https:\/\/www.tuicamper.com\/wp-docker\/wp-content\/uploads\/2019\/03\/Die-Schlucht-von-Verdon-1280x630.jpg\" alt='Die Schlucht von Verdon' title='Die Schlucht von Verdon'  height=\"630\" width=\"1280\"  itemprop=\"thumbnailUrl\"  \/><\/a><\/div><\/div><\/div>\n\n<\/div><\/div><\/div><!-- close content main div --><\/div><\/div><div id='av_section_8'  class='avia-section av-jt5vrdgv-38-76c61bbd27d5507502754f9ff8efe4d0 main_color avia-section-default avia-no-border-styling  avia-builder-el-20  el_after_av_section  el_before_av_section  reduced-content avia-bg-style-scroll container_wrap sidebar_right'  ><div class='container av-section-cont-open' ><div class='template-page content  av-content-small alpha units'><div class='post-entry post-entry-type-page post-entry-421'><div class='entry-content-wrapper clearfix'>\n\n<style type=\"text\/css\" data-created_by=\"avia_inline_auto\" id=\"style-css-av-1g5aou-37-e36c6257f2ec55951693900a6530e832\">\n.flex_column.av-1g5aou-37-e36c6257f2ec55951693900a6530e832{\nborder-radius:0px 0px 0px 0px;\npadding:0px 0px 0px 0px;\n}\n<\/style>\n<div  class='flex_column av-1g5aou-37-e36c6257f2ec55951693900a6530e832 av_one_full  avia-builder-el-21  avia-builder-el-no-sibling  first flex_column_div av-zero-column-padding  '     ><section  class='av_textblock_section av-jt5tjyk0-36-a789eb36cdb211fe85b6cce9499f88e5 '   itemscope=\"itemscope\" itemtype=\"https:\/\/schema.org\/BlogPosting\" itemprop=\"blogPost\" ><div class='avia_textblock'  itemprop=\"text\" ><h3>3. B\u00e9doin \u2013 ein Dorf wie ein Gem\u00e4lde<\/h3>\n<p>Vom Regionalen Naturpark Verdon geht es weiter Richtung Herz der Provence: in das urige D\u00f6rfchen B\u00e9doin. Am Fu\u00df des majest\u00e4tischen Mont Ventoux gelegen, s\u00e4umen Zypressen und Weinreben den Ort mit der charakteristischen Barock-Kirche und lassen B\u00e9doin aus der Ferne betrachtet wie ein Gem\u00e4lde wirken. \u00dcbernachten k\u00f6nnen Sie im nahegelegenen Campingplatz \u201e<a href=\"http:\/\/https\/\/www.provence-camping.com\/\" target=\"_blank\" rel=\"noopener\">Camping Les Verguettes<\/a>\u201c.<\/p>\n<p><b>Tipp<\/b>: Hobbyradfahrer, die neue Herausforderungen suchen, werden in B\u00e9doin f\u00fcndig. Von der Ortschaft aus f\u00fchrt eine 22 Kilometer lange Stra\u00dfe direkt auf den Gipfel des Mont Ventoux. Die Bergstrecke, in deren Rahmen stolze 1.600 H\u00f6henmeter \u00fcberwunden werden, ist eine der klassischen Routen der Tour de France.<\/p>\n<\/div><\/section><\/div>\n\n<\/div><\/div><\/div><!-- close content main div --><\/div><\/div><div id='av_section_9'  class='avia-section av-b7gvl-35-9342eb16168af55c42e77747afb66138 main_color avia-section-default avia-no-border-styling  avia-builder-el-23  el_after_av_section  el_before_av_section  reduced-content avia-bg-style-scroll container_wrap sidebar_right'  ><div class='container av-section-cont-open' ><div class='template-page content  av-content-small alpha units'><div class='post-entry post-entry-type-page post-entry-421'><div class='entry-content-wrapper clearfix'>\n\n<style type=\"text\/css\" data-created_by=\"avia_inline_auto\" id=\"style-css-av-jtplvt5k-34-d9330424fade2369caa87d8d52875da0\">\n.avia-image-container.av-jtplvt5k-34-d9330424fade2369caa87d8d52875da0 img.avia_image{\nbox-shadow:none;\n}\n.avia-image-container.av-jtplvt5k-34-d9330424fade2369caa87d8d52875da0 .av-caption-image-overlay-bg{\nopacity:0.4;\nbackground-color:#000000;\n}\n.avia-image-container.av-jtplvt5k-34-d9330424fade2369caa87d8d52875da0 .av-image-caption-overlay-center{\ncolor:#ffffff;\n}\n<\/style>\n<div  class='avia-image-container av-jtplvt5k-34-d9330424fade2369caa87d8d52875da0 av-styling- av-img-linked avia_animated_image av-animated-when-visible-95 fade-in avia-align-center  avia-builder-el-24  avia-builder-el-no-sibling  noHover av-overlay-on-hover'   itemprop=\"image\" itemscope=\"itemscope\" itemtype=\"https:\/\/schema.org\/ImageObject\" ><div class=\"avia-image-container-inner\"><div class=\"avia-image-overlay-wrap\"><a href=\"https:\/\/www.tuicamper.com\/wp-docker\/wp-content\/uploads\/2019\/03\/Mont-Ventoux-1030x685.jpg\" data-srcset=\"https:\/\/www.tuicamper.com\/wp-docker\/wp-content\/uploads\/2019\/03\/Mont-Ventoux-1030x685.jpg 1030w, https:\/\/www.tuicamper.com\/wp-docker\/wp-content\/uploads\/2019\/03\/Mont-Ventoux-300x199.jpg 300w, https:\/\/www.tuicamper.com\/wp-docker\/wp-content\/uploads\/2019\/03\/Mont-Ventoux-768x511.jpg 768w, https:\/\/www.tuicamper.com\/wp-docker\/wp-content\/uploads\/2019\/03\/Mont-Ventoux-705x469.jpg 705w, https:\/\/www.tuicamper.com\/wp-docker\/wp-content\/uploads\/2019\/03\/Mont-Ventoux-450x299.jpg 450w, https:\/\/www.tuicamper.com\/wp-docker\/wp-content\/uploads\/2019\/03\/Mont-Ventoux.jpg 1280w\" data-sizes=\"(max-width: 1030px) 100vw, 1030px\" class='avia_image '  aria-label='Mont Ventoux'><div class=\"av-image-caption-overlay\"><div class=\"av-caption-image-overlay-bg\"><\/div><div class=\"av-image-caption-overlay-position\"><div class=\"av-image-caption-overlay-center\"><p>Blick vom Mont Ventoux<\/p>\n<\/div><\/div><\/div><img decoding=\"async\" fetchpriority=\"high\" class='wp-image-429 avia-img-lazy-loading-not-429 avia_image ' src=\"https:\/\/www.tuicamper.com\/wp-docker\/wp-content\/uploads\/2019\/03\/Mont-Ventoux-1280x630.jpg\" alt='Blick vom Mont Ventoux' title='Mont Ventoux'  height=\"630\" width=\"1280\"  itemprop=\"thumbnailUrl\"  \/><\/a><\/div><\/div><\/div>\n\n<\/div><\/div><\/div><!-- close content main div --><\/div><\/div><div id='av_section_10'  class='avia-section av-jt5vrdgv-33-c74ad57ddd0bfbcbf42924ea1a02988a main_color avia-section-default avia-no-border-styling  avia-builder-el-25  el_after_av_section  el_before_av_section  reduced-content avia-bg-style-scroll container_wrap sidebar_right'  ><div class='container av-section-cont-open' ><div class='template-page content  av-content-small alpha units'><div class='post-entry post-entry-type-page post-entry-421'><div class='entry-content-wrapper clearfix'>\n\n<style type=\"text\/css\" data-created_by=\"avia_inline_auto\" id=\"style-css-av-1g5aou-32-91e1107bdb8a6e178d9ff71d539c75ad\">\n.flex_column.av-1g5aou-32-91e1107bdb8a6e178d9ff71d539c75ad{\nborder-radius:0px 0px 0px 0px;\npadding:0px 0px 0px 0px;\n}\n<\/style>\n<div  class='flex_column av-1g5aou-32-91e1107bdb8a6e178d9ff71d539c75ad av_one_full  avia-builder-el-26  avia-builder-el-no-sibling  first flex_column_div av-zero-column-padding  '     ><section  class='av_textblock_section av-jt5tjyk0-31-33d927c753b7298958af0c502b4a8c97 '   itemscope=\"itemscope\" itemtype=\"https:\/\/schema.org\/BlogPosting\" itemprop=\"blogPost\" ><div class='avia_textblock'  itemprop=\"text\" ><h3>4. Mit dem Rad nach Flassan und Mormoiron<\/h3>\n<p>Hobbyradfahrer mit weniger ambitionierten Ambitionen kommen jedoch auch auf ihre Kosten: Von Camping Les Verguettes aus unternehmen Sie eine Radtour auf der 23 Kilometer langen Rundstrecke \u201e<a href=\"https:\/\/static.apidae-tourisme.com\/filestore\/objets-touristiques\/documents\/120\/148\/17863800\/Dep+BEDOIN+BD2.pdf\" target=\"_blank\" rel=\"nofollow noopener\">Aux portes du Ventoux<\/a>\u201c. Diese f\u00fchrt Sie nicht nur an B\u00e9doin, sondern auch an den urigen D\u00f6rfern Flassan und Mormoiron vorbei, die zum Erkunden einladen.<\/p>\n<\/div><\/section><\/div>\n\n<\/div><\/div><\/div><!-- close content main div --><\/div><\/div><div id='av_section_11'  class='avia-section av-jt5vrdgv-28-0db5659567886333e27bbc97d4d46b52 main_color avia-section-default avia-no-border-styling  avia-builder-el-28  el_after_av_section  el_before_av_section  reduced-content avia-bg-style-scroll container_wrap sidebar_right'  ><div class='container av-section-cont-open' ><div class='template-page content  av-content-small alpha units'><div class='post-entry post-entry-type-page post-entry-421'><div class='entry-content-wrapper clearfix'>\n\n<style type=\"text\/css\" data-created_by=\"avia_inline_auto\" id=\"style-css-av-1g5aou-27-374141bbef6ec85ce031573321c0a999\">\n.flex_column.av-1g5aou-27-374141bbef6ec85ce031573321c0a999{\nborder-radius:0px 0px 0px 0px;\npadding:0px 0px 0px 0px;\n}\n<\/style>\n<div  class='flex_column av-1g5aou-27-374141bbef6ec85ce031573321c0a999 av_one_full  avia-builder-el-29  avia-builder-el-no-sibling  first flex_column_div av-zero-column-padding  '     ><section  class='av_textblock_section av-jt5tjyk0-26-aba71262ede1f88c169b7f22937a4e19 '   itemscope=\"itemscope\" itemtype=\"https:\/\/schema.org\/BlogPosting\" itemprop=\"blogPost\" ><div class='avia_textblock'  itemprop=\"text\" ><h3>5. Avignon: ein Tag in der Stadt der P\u00e4pste<\/h3>\n<p>Mit Avignon steht ein weiteres Highlight der Provence auf dem Programm. Die Altstadt des einstigen Papstsitzes ist gepr\u00e4gt von dem riesigen gotischen Papstpalast, der internationale Ber\u00fchmtheit genie\u00dft. Ebenso wie die nahe gelegene Br\u00fccke Pont d\u2019Avignon. Beide Sehensw\u00fcrdigkeiten der Stadt sind heute Teil des UNESCO-Welterbes.<\/p>\n<p><b>Tipp<\/b>: Mit\u00a0<a href=\"https:\/\/www.aquadis-loisirs.com\/camping-du-pont-d-avignon\/\" target=\"_blank\" rel=\"nofollow noopener\">Camping du Pont d&#8217;Avignon<\/a>\u00a0finden Sie vor Ort einen zentral gelegenen Campingplatz.<\/p>\n<\/div><\/section><\/div>\n\n<\/div><\/div><\/div><!-- close content main div --><\/div><\/div><div id='av_section_12'  class='avia-section av-b7gvl-30-233e8ea3288a67c69f1d06890d0359f0 main_color avia-section-default avia-no-border-styling  avia-builder-el-31  el_after_av_section  el_before_av_section  reduced-content avia-bg-style-scroll container_wrap sidebar_right'  ><div class='container av-section-cont-open' ><div class='template-page content  av-content-small alpha units'><div class='post-entry post-entry-type-page post-entry-421'><div class='entry-content-wrapper clearfix'>\n\n<style type=\"text\/css\" data-created_by=\"avia_inline_auto\" id=\"style-css-av-jtplvt5k-29-e6df333316c806222677c84123a789de\">\n.avia-image-container.av-jtplvt5k-29-e6df333316c806222677c84123a789de img.avia_image{\nbox-shadow:none;\n}\n.avia-image-container.av-jtplvt5k-29-e6df333316c806222677c84123a789de .av-caption-image-overlay-bg{\nopacity:0.4;\nbackground-color:#000000;\n}\n.avia-image-container.av-jtplvt5k-29-e6df333316c806222677c84123a789de .av-image-caption-overlay-center{\ncolor:#ffffff;\n}\n<\/style>\n<div  class='avia-image-container av-jtplvt5k-29-e6df333316c806222677c84123a789de av-styling- av-img-linked avia_animated_image av-animated-when-visible-95 fade-in avia-align-center  avia-builder-el-32  avia-builder-el-no-sibling  noHover av-overlay-on-hover'   itemprop=\"image\" itemscope=\"itemscope\" itemtype=\"https:\/\/schema.org\/ImageObject\" ><div class=\"avia-image-container-inner\"><div class=\"avia-image-overlay-wrap\"><a href=\"https:\/\/www.tuicamper.com\/wp-docker\/wp-content\/uploads\/2019\/03\/Pont-Avignon-1030x686.jpg\" data-srcset=\"https:\/\/www.tuicamper.com\/wp-docker\/wp-content\/uploads\/2019\/03\/Pont-Avignon-1030x686.jpg 1030w, https:\/\/www.tuicamper.com\/wp-docker\/wp-content\/uploads\/2019\/03\/Pont-Avignon-300x200.jpg 300w, https:\/\/www.tuicamper.com\/wp-docker\/wp-content\/uploads\/2019\/03\/Pont-Avignon-768x512.jpg 768w, https:\/\/www.tuicamper.com\/wp-docker\/wp-content\/uploads\/2019\/03\/Pont-Avignon-705x470.jpg 705w, https:\/\/www.tuicamper.com\/wp-docker\/wp-content\/uploads\/2019\/03\/Pont-Avignon-450x300.jpg 450w, https:\/\/www.tuicamper.com\/wp-docker\/wp-content\/uploads\/2019\/03\/Pont-Avignon.jpg 1280w\" data-sizes=\"(max-width: 1030px) 100vw, 1030px\" class='avia_image '  aria-label='Pont Avignon'><div class=\"av-image-caption-overlay\"><div class=\"av-caption-image-overlay-bg\"><\/div><div class=\"av-image-caption-overlay-position\"><div class=\"av-image-caption-overlay-center\"><p>Br\u00fccke Pont d\u2019Avignon<\/p>\n<\/div><\/div><\/div><img decoding=\"async\" fetchpriority=\"high\" class='wp-image-430 avia-img-lazy-loading-not-430 avia_image ' src=\"https:\/\/www.tuicamper.com\/wp-docker\/wp-content\/uploads\/2019\/03\/Pont-Avignon-1280x630.jpg\" alt='' title='Pont Avignon'  height=\"630\" width=\"1280\"  itemprop=\"thumbnailUrl\"  \/><\/a><\/div><\/div><\/div>\n\n<\/div><\/div><\/div><!-- close content main div --><\/div><\/div><div id='av_section_13'  class='avia-section av-jt5vrdgv-25-a1fe70b73b659f7cb8a29d58538f8258 main_color avia-section-default avia-no-border-styling  avia-builder-el-33  el_after_av_section  el_before_av_section  reduced-content avia-bg-style-scroll container_wrap sidebar_right'  ><div class='container av-section-cont-open' ><div class='template-page content  av-content-small alpha units'><div class='post-entry post-entry-type-page post-entry-421'><div class='entry-content-wrapper clearfix'>\n\n<style type=\"text\/css\" data-created_by=\"avia_inline_auto\" id=\"style-css-av-1g5aou-24-090c34018305634c6b85a1b111c4250a\">\n.flex_column.av-1g5aou-24-090c34018305634c6b85a1b111c4250a{\nborder-radius:0px 0px 0px 0px;\npadding:0px 0px 0px 0px;\n}\n<\/style>\n<div  class='flex_column av-1g5aou-24-090c34018305634c6b85a1b111c4250a av_one_full  avia-builder-el-34  avia-builder-el-no-sibling  first flex_column_div av-zero-column-padding  '     ><section  class='av_textblock_section av-jt5tjyk0-23-27ed6c2b67453fd212439d9e382169bb '   itemscope=\"itemscope\" itemtype=\"https:\/\/schema.org\/BlogPosting\" itemprop=\"blogPost\" ><div class='avia_textblock'  itemprop=\"text\" ><h3>6. Gordes, Roussillon, Menerbes \u2013 D\u00f6rfer zum Verlieben<\/h3>\n<p>Nach der ausgiebigen Erkundung Avignons geht es wieder raus in die Provinz. Genauer gesagt nach Gordes, an dessen Fu\u00dfe Sie mit \u201e<a href=\"https:\/\/www.campingdessources.com\/de\/\" target=\"_blank\" rel=\"noopener\">Camping des Sources<\/a>\u201c einen gut ausgestatteten Campingplatz vorfinden. Das mittelalterlich gepr\u00e4gte Gordes ist einen Spaziergang allemal wert. Nicht nur wegen den gut erhaltenen Bauwerken und dem reizvollen, aus engen Gassen mit schmalen, hohen H\u00e4usern bestehenden Stra\u00dfenbild. Auch, wegen der Panoramen, die sich vom dem auf einem kleinen Berg gelegenen Dorf ergeben. Immer wieder k\u00f6nnen Sie den Blick schweifen lassen \u00fcber Lavendelfelder, Zypressen, kleine Kapellen und Kl\u00f6ster \u2013 die Provence in der Nussschale. Mindestens ebenso sehenswert wie Gordes sind die nahegelegenen D\u00f6rfer Roussillon und M\u00e9nerbes. Letzteres wurde durch den Weltbestseller \u201eMein Jahr in der Provence\u201c von Peter Mayle weltber\u00fchmt.<\/p>\n<p><b>Tipp<\/b>: In den drei D\u00f6rfern finden Sie viele sehr gute Restaurants, die typische Speisen und Spezialit\u00e4ten der Provence servieren. Probieren Sie unbedingt die ber\u00fchmte Ratatouille und die leckeren Lamm- und Kaninchengerichte, stellen Sie sich aber auf eine geh\u00f6rige Portion Knoblauch ein.<\/p>\n<\/div><\/section><\/div>\n\n<\/div><\/div><\/div><!-- close content main div --><\/div><\/div><div id='av_section_14'  class='avia-section av-b7gvl-22-1f904ded0aa8675f14a93f6d65599c5f main_color avia-section-default avia-no-border-styling  avia-builder-el-36  el_after_av_section  el_before_av_section  reduced-content avia-bg-style-scroll container_wrap sidebar_right'  ><div class='container av-section-cont-open' ><div class='template-page content  av-content-small alpha units'><div class='post-entry post-entry-type-page post-entry-421'><div class='entry-content-wrapper clearfix'>\n\n<style type=\"text\/css\" data-created_by=\"avia_inline_auto\" id=\"style-css-av-jtplvt5k-21-fa4173a3c952b45acaf3fa55c2901619\">\n.avia-image-container.av-jtplvt5k-21-fa4173a3c952b45acaf3fa55c2901619 img.avia_image{\nbox-shadow:none;\n}\n.avia-image-container.av-jtplvt5k-21-fa4173a3c952b45acaf3fa55c2901619 .av-caption-image-overlay-bg{\nopacity:0.4;\nbackground-color:#000000;\n}\n.avia-image-container.av-jtplvt5k-21-fa4173a3c952b45acaf3fa55c2901619 .av-image-caption-overlay-center{\ncolor:#ffffff;\n}\n<\/style>\n<div  class='avia-image-container av-jtplvt5k-21-fa4173a3c952b45acaf3fa55c2901619 av-styling- av-img-linked avia_animated_image av-animated-when-visible-95 fade-in avia-align-center  avia-builder-el-37  avia-builder-el-no-sibling  noHover av-overlay-on-hover'   itemprop=\"image\" itemscope=\"itemscope\" itemtype=\"https:\/\/schema.org\/ImageObject\" ><div class=\"avia-image-container-inner\"><div class=\"avia-image-overlay-wrap\"><a href=\"https:\/\/www.tuicamper.com\/wp-docker\/wp-content\/uploads\/2019\/03\/kloster-notre-dame-de-senanque-1030x686.jpg\" data-srcset=\"https:\/\/www.tuicamper.com\/wp-docker\/wp-content\/uploads\/2019\/03\/kloster-notre-dame-de-senanque-1030x686.jpg 1030w, https:\/\/www.tuicamper.com\/wp-docker\/wp-content\/uploads\/2019\/03\/kloster-notre-dame-de-senanque-300x200.jpg 300w, https:\/\/www.tuicamper.com\/wp-docker\/wp-content\/uploads\/2019\/03\/kloster-notre-dame-de-senanque-768x512.jpg 768w, https:\/\/www.tuicamper.com\/wp-docker\/wp-content\/uploads\/2019\/03\/kloster-notre-dame-de-senanque-705x470.jpg 705w, https:\/\/www.tuicamper.com\/wp-docker\/wp-content\/uploads\/2019\/03\/kloster-notre-dame-de-senanque-450x300.jpg 450w, https:\/\/www.tuicamper.com\/wp-docker\/wp-content\/uploads\/2019\/03\/kloster-notre-dame-de-senanque.jpg 1280w\" data-sizes=\"(max-width: 1030px) 100vw, 1030px\" class='avia_image '  aria-label='Kloster Notre-Dame de S\u00e9nanque'><div class=\"av-image-caption-overlay\"><div class=\"av-caption-image-overlay-bg\"><\/div><div class=\"av-image-caption-overlay-position\"><div class=\"av-image-caption-overlay-center\"><p>Kloster Notre-Dame de S\u00e9nanque<\/p>\n<\/div><\/div><\/div><img decoding=\"async\" fetchpriority=\"high\" class='wp-image-2830 avia-img-lazy-loading-not-2830 avia_image ' src=\"https:\/\/www.tuicamper.com\/wp-docker\/wp-content\/uploads\/2019\/03\/kloster-notre-dame-de-senanque-1280x630.jpg\" alt='Kloster Notre-Dame de S\u00e9nanque' title='Kloster Notre-Dame de S\u00e9nanque'  height=\"630\" width=\"1280\"  itemprop=\"thumbnailUrl\"  \/><\/a><\/div><\/div><\/div>\n\n<\/div><\/div><\/div><!-- close content main div --><\/div><\/div><div id='av_section_15'  class='avia-section av-jt5vrdgv-20-9a365a697394a909cc50cbafc0a95ce6 main_color avia-section-default avia-no-border-styling  avia-builder-el-38  el_after_av_section  el_before_av_section  reduced-content avia-bg-style-scroll container_wrap sidebar_right'  ><div class='container av-section-cont-open' ><div class='template-page content  av-content-small alpha units'><div class='post-entry post-entry-type-page post-entry-421'><div class='entry-content-wrapper clearfix'>\n\n<style type=\"text\/css\" data-created_by=\"avia_inline_auto\" id=\"style-css-av-1g5aou-19-c6c907dba605fbe84697216732caafc6\">\n.flex_column.av-1g5aou-19-c6c907dba605fbe84697216732caafc6{\nborder-radius:0px 0px 0px 0px;\npadding:0px 0px 0px 0px;\n}\n<\/style>\n<div  class='flex_column av-1g5aou-19-c6c907dba605fbe84697216732caafc6 av_one_full  avia-builder-el-39  avia-builder-el-no-sibling  first flex_column_div av-zero-column-padding  '     ><section  class='av_textblock_section av-jt5tjyk0-18-d47b11a33b9e956f284ce6415ef2804d '   itemscope=\"itemscope\" itemtype=\"https:\/\/schema.org\/BlogPosting\" itemprop=\"blogPost\" ><div class='avia_textblock'  itemprop=\"text\" ><h3>7. Marseille: faszinierende Metropole<\/h3>\n<p>Von romantischen D\u00f6rfern mitten in die Gro\u00dfstadt: Keine Provence-Rundreise w\u00e4re komplett ohne einen Abstecher nach Marseille. Die wichtigste Hafenstadt Frankreichs beeindruckt durch ihre kulturelle Vielfalt und ihren imposanten Bauwerken. Besonders sehenswert ist die im neobyzantinischen Stil gehaltene Kirche Notre-Dame de la Garde. Von hier aus erwartet Sie zudem ein spektakul\u00e4rer Ausblick auf Marseille. \u00dcbernachten k\u00f6nnen Sie auf einem der vielen Camping- und Stellpl\u00e4tze in und rund um Marseille.<\/p>\n<\/div><\/section><\/div>\n\n<\/div><\/div><\/div><!-- close content main div --><\/div><\/div><div id='av_section_16'  class='avia-section av-jt5vrdgv-15-58cfdb79f6f4330189acbac570dd03e3 main_color avia-section-default avia-no-border-styling  avia-builder-el-41  el_after_av_section  el_before_av_textblock  reduced-content avia-bg-style-scroll container_wrap sidebar_right'  ><div class='container av-section-cont-open' ><div class='template-page content  av-content-small alpha units'><div class='post-entry post-entry-type-page post-entry-421'><div class='entry-content-wrapper clearfix'>\n\n<style type=\"text\/css\" data-created_by=\"avia_inline_auto\" id=\"style-css-av-1g5aou-14-d21091b063d95097270c04d440d6c02d\">\n.flex_column.av-1g5aou-14-d21091b063d95097270c04d440d6c02d{\nborder-radius:0px 0px 0px 0px;\npadding:0px 0px 0px 0px;\n}\n<\/style>\n<div  class='flex_column av-1g5aou-14-d21091b063d95097270c04d440d6c02d av_one_full  avia-builder-el-42  avia-builder-el-no-sibling  first flex_column_div av-zero-column-padding  '     ><section  class='av_textblock_section av-jt5tjyk0-13-6c6839c0aae16d75b2b20720abf33ca1 '   itemscope=\"itemscope\" itemtype=\"https:\/\/schema.org\/BlogPosting\" itemprop=\"blogPost\" ><div class='avia_textblock'  itemprop=\"text\" ><h3>8. Hy\u00e8res \u2013 Stadt der Palmen<\/h3>\n<p>Heute lassen Sie Marseille hinter sich und tauchen ein, in die traumhafte K\u00fcstenregion C\u00f4te d&#8217;Azur. In der Stadt Hy\u00e8res kommt dann auch gleich viel Mittelmeerfeeling auf. Verantwortlich hierf\u00fcr sind unter anderem die vielen Palmen, die das Stadtbild pr\u00e4gen. In der typisch s\u00fcdfranz\u00f6sischen Altstadt lassen Sie den Tag entspannt ausklingen \u2013 etwa in einem der vielen einladenden Caf\u00e9s.<\/p>\n<\/div><\/section><\/div>\n<\/div><\/div><\/div><!-- close content main div --><\/div><\/div><div id='after_section_16'  class='main_color av_default_container_wrap container_wrap sidebar_right'  ><div class='container av-section-cont-open' ><div class='template-page content  av-content-small alpha units'><div class='post-entry post-entry-type-page post-entry-421'><div class='entry-content-wrapper clearfix'>\n<section  class='av_textblock_section av-jtpqpty6-49-0160ce09b40785bdf9a71c7e4b555e52 '   itemscope=\"itemscope\" itemtype=\"https:\/\/schema.org\/BlogPosting\" itemprop=\"blogPost\" ><div class='avia_textblock'  itemprop=\"text\" >\r\n<div style=\"clear: both;\"><\/div>\r\n<div class=\"post-breaker-item breaker-type-default\">\r\n    <div class=\"post-breaker-item-inner\">\r\n                    \n<style type=\"text\/css\" data-created_by=\"avia_inline_auto\" id=\"style-css-av-jtpksizx-4b352f2a2752c01e58a4c67632af1aa6\">\n#top .av_textblock_section.av-jtpksizx-4b352f2a2752c01e58a4c67632af1aa6 .avia_textblock{\nfont-size:28px;\n}\n<\/style>\n<section  class='av_textblock_section av-jtpksizx-4b352f2a2752c01e58a4c67632af1aa6 '   itemscope=\"itemscope\" itemtype=\"https:\/\/schema.org\/BlogPosting\" itemprop=\"blogPost\" ><div class='avia_textblock'  itemprop=\"text\" ><p><strong>\u2013 Auch interessant \u2013<\/strong><\/p>\n<\/div><\/section>\n\n<style type=\"text\/css\" data-created_by=\"avia_inline_auto\" id=\"style-css-av-mjaz5-4a5e7a4612d820311f0a023801221c9c\">\n.flex_column.av-mjaz5-4a5e7a4612d820311f0a023801221c9c{\nborder-radius:0px 0px 0px 0px;\npadding:0px 0px 0px 0px;\n}\n<\/style>\n<div  class='flex_column av-mjaz5-4a5e7a4612d820311f0a023801221c9c av_one_third first flex_column_div av-zero-column-padding  '     ><p>\n<style type=\"text\/css\" data-created_by=\"avia_inline_auto\" id=\"style-css-av-jt75ko0n-07325c87869ea8f132190ef0b5dfe99a\">\n.avia-image-container.av-jt75ko0n-07325c87869ea8f132190ef0b5dfe99a img.avia_image{\nbox-shadow:none;\n}\n.avia-image-container.av-jt75ko0n-07325c87869ea8f132190ef0b5dfe99a .av-image-caption-overlay-center{\ncolor:#ffffff;\n}\n<\/style>\n<div  class='avia-image-container av-jt75ko0n-07325c87869ea8f132190ef0b5dfe99a av-styling-no-styling av-hover-grow av-hide-overflow av-img-linked avia_animated_image av-animated-when-visible-95 fade-in avia-align-left'   itemprop=\"image\" itemscope=\"itemscope\" itemtype=\"https:\/\/schema.org\/ImageObject\" ><div class=\"avia-image-container-inner\"><div class=\"avia-image-overlay-wrap\"><a href=\"https:\/\/www.tuicamper.com\/magazin\/wohnmobil-frankreich\/\" class='avia_image '  aria-label='Wohnmobil Frankreich'><img decoding=\"async\" fetchpriority=\"high\" class='wp-image-413 avia-img-lazy-loading-not-413 avia_image ' src=\"https:\/\/www.tuicamper.com\/wp-docker\/wp-content\/uploads\/2019\/03\/wohnmobil-frankreich-teaser.jpg\" alt='Wohnmobil Frankreich' title='Wohnmobil Frankreich'  height=\"200\" width=\"350\"  itemprop=\"thumbnailUrl\" srcset=\"https:\/\/www.tuicamper.com\/wp-docker\/wp-content\/uploads\/2019\/03\/wohnmobil-frankreich-teaser.jpg 350w, https:\/\/www.tuicamper.com\/wp-docker\/wp-content\/uploads\/2019\/03\/wohnmobil-frankreich-teaser-300x171.jpg 300w\" sizes=\"(max-width: 350px) 100vw, 350px\" \/><\/a><\/div><\/div><\/div><br \/>\n<section  class='av_textblock_section av-jt75lbqb-bba29013bb6610b0762c56b6a5ae7819 '   itemscope=\"itemscope\" itemtype=\"https:\/\/schema.org\/BlogPosting\" itemprop=\"blogPost\" ><div class='avia_textblock'  itemprop=\"text\" ><p style=\"text-align: left;\"><a href=\"https:\/\/www.tuicamper.com\/magazin\/wohnmobil-frankreich\/\"><strong>Wohnmobil Frankreich \u2013 Die sch\u00f6nsten Touren &amp; Highlights<\/strong><\/a><\/p>\n<\/div><\/section><\/p><\/div>\n\n<style type=\"text\/css\" data-created_by=\"avia_inline_auto\" id=\"style-css-av-ehyb5-8fadcff6392c44a3fc98dc4b014d4246\">\n.flex_column.av-ehyb5-8fadcff6392c44a3fc98dc4b014d4246{\nborder-radius:0px 0px 0px 0px;\npadding:0px 0px 0px 0px;\n}\n<\/style>\n<div  class='flex_column av-ehyb5-8fadcff6392c44a3fc98dc4b014d4246 av_one_third flex_column_div av-zero-column-padding  '     ><p>\n<style type=\"text\/css\" data-created_by=\"avia_inline_auto\" id=\"style-css-av-jt75ko0n-a0b62a6e4b18d101f4f6f3710f7342c0\">\n.avia-image-container.av-jt75ko0n-a0b62a6e4b18d101f4f6f3710f7342c0 img.avia_image{\nbox-shadow:none;\n}\n.avia-image-container.av-jt75ko0n-a0b62a6e4b18d101f4f6f3710f7342c0 .av-image-caption-overlay-center{\ncolor:#ffffff;\n}\n<\/style>\n<div  class='avia-image-container av-jt75ko0n-a0b62a6e4b18d101f4f6f3710f7342c0 av-styling-no-styling av-hover-grow av-hide-overflow av-img-linked avia_animated_image av-animated-when-visible-95 fade-in avia-align-left'   itemprop=\"image\" itemscope=\"itemscope\" itemtype=\"https:\/\/schema.org\/ImageObject\" ><div class=\"avia-image-container-inner\"><div class=\"avia-image-overlay-wrap\"><a href=\"https:\/\/www.tuicamper.com\/magazin\/weinstrasse-elsass\/\" class='avia_image '  aria-label='Weinstrasse Elsass'><img decoding=\"async\" fetchpriority=\"high\" class='wp-image-414 avia-img-lazy-loading-not-414 avia_image ' src=\"https:\/\/www.tuicamper.com\/wp-docker\/wp-content\/uploads\/2019\/03\/weinstrasse-elsass-teaser.jpg\" alt='Weinstrasse Elsass' title='Weinstrasse Elsass'  height=\"200\" width=\"350\"  itemprop=\"thumbnailUrl\" srcset=\"https:\/\/www.tuicamper.com\/wp-docker\/wp-content\/uploads\/2019\/03\/weinstrasse-elsass-teaser.jpg 350w, https:\/\/www.tuicamper.com\/wp-docker\/wp-content\/uploads\/2019\/03\/weinstrasse-elsass-teaser-300x171.jpg 300w\" sizes=\"(max-width: 350px) 100vw, 350px\" \/><\/a><\/div><\/div><\/div><br \/>\n<section  class='av_textblock_section av-jt75lbqb-bba29013bb6610b0762c56b6a5ae7819 '   itemscope=\"itemscope\" itemtype=\"https:\/\/schema.org\/BlogPosting\" itemprop=\"blogPost\" ><div class='avia_textblock'  itemprop=\"text\" ><p style=\"text-align: left;\"><strong><a href=\"https:\/\/www.tuicamper.com\/magazin\/weinstrasse-elsass\/\">Weinstra\u00dfe im Elsass: Auf Genussreise mit dem Wohnmobil<\/a><\/strong><\/p>\n<\/div><\/section><\/p><\/div>\n\n<style type=\"text\/css\" data-created_by=\"avia_inline_auto\" id=\"style-css-av-7tzf5-0c74ac4f5c6d3099336654f757cbc09f\">\n.flex_column.av-7tzf5-0c74ac4f5c6d3099336654f757cbc09f{\nborder-radius:0px 0px 0px 0px;\npadding:0px 0px 0px 0px;\n}\n<\/style>\n<div  class='flex_column av-7tzf5-0c74ac4f5c6d3099336654f757cbc09f av_one_third flex_column_div av-zero-column-padding  '     ><p>\n<style type=\"text\/css\" data-created_by=\"avia_inline_auto\" id=\"style-css-av-jt75ko0n-f4484fb5876bba78f716bd507bbf7100\">\n.avia-image-container.av-jt75ko0n-f4484fb5876bba78f716bd507bbf7100 img.avia_image{\nbox-shadow:none;\n}\n.avia-image-container.av-jt75ko0n-f4484fb5876bba78f716bd507bbf7100 .av-image-caption-overlay-center{\ncolor:#ffffff;\n}\n<\/style>\n<div  class='avia-image-container av-jt75ko0n-f4484fb5876bba78f716bd507bbf7100 av-styling-no-styling av-hover-grow av-hide-overflow av-img-linked avia_animated_image av-animated-when-visible-95 fade-in avia-align-left'   itemprop=\"image\" itemscope=\"itemscope\" itemtype=\"https:\/\/schema.org\/ImageObject\" ><div class=\"avia-image-container-inner\"><div class=\"avia-image-overlay-wrap\"><a href=\"https:\/\/www.tuicamper.com\/magazin\/bretagne-rundreise\/\" class='avia_image '  aria-label='Bretagne Rundreise'><img decoding=\"async\" fetchpriority=\"high\" class='wp-image-434 avia-img-lazy-loading-not-434 avia_image ' src=\"https:\/\/www.tuicamper.com\/wp-docker\/wp-content\/uploads\/2019\/03\/bretagne-teaser.jpg\" alt='Bretagne Rundreise' title='Bretagne Rundreise'  height=\"200\" width=\"350\"  itemprop=\"thumbnailUrl\" srcset=\"https:\/\/www.tuicamper.com\/wp-docker\/wp-content\/uploads\/2019\/03\/bretagne-teaser.jpg 350w, https:\/\/www.tuicamper.com\/wp-docker\/wp-content\/uploads\/2019\/03\/bretagne-teaser-300x171.jpg 300w\" sizes=\"(max-width: 350px) 100vw, 350px\" \/><\/a><\/div><\/div><\/div><br \/>\n<section  class='av_textblock_section av-jt75lbqb-bba29013bb6610b0762c56b6a5ae7819 '   itemscope=\"itemscope\" itemtype=\"https:\/\/schema.org\/BlogPosting\" itemprop=\"blogPost\" ><div class='avia_textblock'  itemprop=\"text\" ><p style=\"text-align: left;\"><a href=\"https:\/\/www.tuicamper.com\/magazin\/bretagne-rundreise\/\"><strong>Bretagne Rundreise \u2013 Mit dem Wohnmobil durch die Bretagne in 12 Tagen<\/strong><\/a><\/p>\n<\/div><\/section><\/p><\/div>\n            <div style=\"clear: both;\"><\/div>\r\n            <\/div>\r\n<\/div>\r\n\n<\/div><\/section>\n<\/div><\/div><\/div><!-- close content main div --><\/div><\/div><div id='av_section_17'  class='avia-section av-jt5vrdgv-12-9257252cc7210947059503e8badd01f3 main_color avia-section-default avia-no-border-styling  avia-builder-el-45  el_after_av_textblock  el_before_av_section  reduced-content avia-bg-style-scroll container_wrap sidebar_right'  ><div class='container av-section-cont-open' ><div class='template-page content  av-content-small alpha units'><div class='post-entry post-entry-type-page post-entry-421'><div class='entry-content-wrapper clearfix'>\n\n<style type=\"text\/css\" data-created_by=\"avia_inline_auto\" id=\"style-css-av-1g5aou-11-f476629dde47588bc753624edee2e1bf\">\n.flex_column.av-1g5aou-11-f476629dde47588bc753624edee2e1bf{\nborder-radius:0px 0px 0px 0px;\npadding:0px 0px 0px 0px;\n}\n<\/style>\n<div  class='flex_column av-1g5aou-11-f476629dde47588bc753624edee2e1bf av_one_full  avia-builder-el-46  avia-builder-el-no-sibling  first flex_column_div av-zero-column-padding  '     ><section  class='av_textblock_section av-jt5tjyk0-10-0ac3465bac87e918002d973ebd30e408 '   itemscope=\"itemscope\" itemtype=\"https:\/\/schema.org\/BlogPosting\" itemprop=\"blogPost\" ><div class='avia_textblock'  itemprop=\"text\" ><h3>9. Inselhopping von Hy\u00e8res<\/h3>\n<p>Vor Hy\u00e8res befinden sich gleich mehrere Inseln, die mit der F\u00e4hre im Handumdrehen erreicht werden k\u00f6nnen. Ihr Wohnmobil m\u00fcssen Sie dabei auf einem der zahlreichen Campingpl\u00e4tze von Hy\u00e8res zur\u00fccklassen. Fahrr\u00e4der d\u00fcrfen Sie aber gerne mit an Bord nehmen. Mit ihren vielen Buchten, der vielseitigen Flora und dem romantischen Hafen ist insbesondere Porquerolles einen Besuch wert.<\/p>\n<\/div><\/section><\/div>\n\n<\/div><\/div><\/div><!-- close content main div --><\/div><\/div><div id='av_section_18'  class='avia-section av-jt5vrdgv-9-06978d48f47c0b2e0cde0fca8f77ea77 main_color avia-section-default avia-no-border-styling  avia-builder-el-48  el_after_av_section  el_before_av_section  reduced-content avia-bg-style-scroll container_wrap sidebar_right'  ><div class='container av-section-cont-open' ><div class='template-page content  av-content-small alpha units'><div class='post-entry post-entry-type-page post-entry-421'><div class='entry-content-wrapper clearfix'>\n\n<style type=\"text\/css\" data-created_by=\"avia_inline_auto\" id=\"style-css-av-1g5aou-8-333a8aca8d60ad30096030bf70238cbb\">\n.flex_column.av-1g5aou-8-333a8aca8d60ad30096030bf70238cbb{\nborder-radius:0px 0px 0px 0px;\npadding:0px 0px 0px 0px;\n}\n<\/style>\n<div  class='flex_column av-1g5aou-8-333a8aca8d60ad30096030bf70238cbb av_one_full  avia-builder-el-49  avia-builder-el-no-sibling  first flex_column_div av-zero-column-padding  '     ><section  class='av_textblock_section av-jt5tjyk0-7-94e1a4b9b176b450a83830dc810d4353 '   itemscope=\"itemscope\" itemtype=\"https:\/\/schema.org\/BlogPosting\" itemprop=\"blogPost\" ><div class='avia_textblock'  itemprop=\"text\" ><h3>10. \u00dcber Ramatuelle nach Saint Tropez<\/h3>\n<p>Weiter geht es entlang der K\u00fcste nach Ramatuelle. Das mittelalterlich gepr\u00e4gte Dorf liegt inmitten eines gro\u00dfen Pinienwaldes und ist ein angenehmer Kontrast zum benachbarten Saint Tropez. In der vor Lebendigkeit schier \u00fcbersch\u00e4umenden K\u00fcstenstadt, wo sich auch viele Prominente immer wieder blicken lassen, gibt es viel zu entdecken. Neben den Traumstr\u00e4nden lohnt sich etwa ein Bummel durch die romantischen Gassen der Altstadt und eine Erkundung der vielf\u00e4ltigen Museumslandschaft.<\/p>\n<p><b>Tipp<\/b>: Mit \u201e<a href=\"http:\/\/https\/\/www.camping-var-ramatuelle.com\/de\/\" target=\"_blank\" rel=\"noopener\">Camping la Rouill\u00e8re<\/a>\u201c befindet sich vor Ort ein angenehm ruhig gelegener Campingplatz.<\/p>\n<\/div><\/section><\/div>\n\n<\/div><\/div><\/div><!-- close content main div --><\/div><\/div><div id='av_section_19'  class='avia-section av-b7gvl-17-b005b631b37a49c82c5edefba87cd80a main_color avia-section-default avia-no-border-styling  avia-builder-el-51  el_after_av_section  el_before_av_section  reduced-content avia-bg-style-scroll container_wrap sidebar_right'  ><div class='container av-section-cont-open' ><div class='template-page content  av-content-small alpha units'><div class='post-entry post-entry-type-page post-entry-421'><div class='entry-content-wrapper clearfix'>\n\n<style type=\"text\/css\" data-created_by=\"avia_inline_auto\" id=\"style-css-av-jtplvt5k-16-d8a131e1791e98c3bd2b51317a6e9285\">\n.avia-image-container.av-jtplvt5k-16-d8a131e1791e98c3bd2b51317a6e9285 img.avia_image{\nbox-shadow:none;\n}\n.avia-image-container.av-jtplvt5k-16-d8a131e1791e98c3bd2b51317a6e9285 .av-caption-image-overlay-bg{\nopacity:0.4;\nbackground-color:#000000;\n}\n.avia-image-container.av-jtplvt5k-16-d8a131e1791e98c3bd2b51317a6e9285 .av-image-caption-overlay-center{\ncolor:#ffffff;\n}\n<\/style>\n<div  class='avia-image-container av-jtplvt5k-16-d8a131e1791e98c3bd2b51317a6e9285 av-styling- av-img-linked avia_animated_image av-animated-when-visible-95 fade-in avia-align-center  avia-builder-el-52  avia-builder-el-no-sibling  noHover av-overlay-on-hover'   itemprop=\"image\" itemscope=\"itemscope\" itemtype=\"https:\/\/schema.org\/ImageObject\" ><div class=\"avia-image-container-inner\"><div class=\"avia-image-overlay-wrap\"><a href=\"https:\/\/www.tuicamper.com\/wp-docker\/wp-content\/uploads\/2019\/03\/Hafen-von-Saint-Tropez-1030x270.jpg\" data-srcset=\"https:\/\/www.tuicamper.com\/wp-docker\/wp-content\/uploads\/2019\/03\/Hafen-von-Saint-Tropez-1030x270.jpg 1030w, https:\/\/www.tuicamper.com\/wp-docker\/wp-content\/uploads\/2019\/03\/Hafen-von-Saint-Tropez-300x79.jpg 300w, https:\/\/www.tuicamper.com\/wp-docker\/wp-content\/uploads\/2019\/03\/Hafen-von-Saint-Tropez-768x202.jpg 768w, https:\/\/www.tuicamper.com\/wp-docker\/wp-content\/uploads\/2019\/03\/Hafen-von-Saint-Tropez-1500x394.jpg 1500w, https:\/\/www.tuicamper.com\/wp-docker\/wp-content\/uploads\/2019\/03\/Hafen-von-Saint-Tropez-705x185.jpg 705w, https:\/\/www.tuicamper.com\/wp-docker\/wp-content\/uploads\/2019\/03\/Hafen-von-Saint-Tropez-450x118.jpg 450w, https:\/\/www.tuicamper.com\/wp-docker\/wp-content\/uploads\/2019\/03\/Hafen-von-Saint-Tropez.jpg 1920w\" data-sizes=\"(max-width: 1030px) 100vw, 1030px\" class='avia_image '  aria-label='Hafen von Saint Tropez'><div class=\"av-image-caption-overlay\"><div class=\"av-caption-image-overlay-bg\"><\/div><div class=\"av-image-caption-overlay-position\"><div class=\"av-image-caption-overlay-center\"><p>Der Hafen von Saint Tropez<\/p>\n<\/div><\/div><\/div><img decoding=\"async\" fetchpriority=\"high\" class='wp-image-432 avia-img-lazy-loading-not-432 avia_image ' src=\"https:\/\/www.tuicamper.com\/wp-docker\/wp-content\/uploads\/2019\/03\/Hafen-von-Saint-Tropez-1500x504.jpg\" alt='' title='Hafen von Saint Tropez'  height=\"504\" width=\"1500\"  itemprop=\"thumbnailUrl\"  \/><\/a><\/div><\/div><\/div>\n\n<\/div><\/div><\/div><!-- close content main div --><\/div><\/div><div id='av_section_20'  class='avia-section av-jt5vrdgv-6-d6a7dc34d8bb54ec2eae97e6d7089bb7 main_color avia-section-default avia-no-border-styling  avia-builder-el-53  el_after_av_section  el_before_av_section  reduced-content avia-bg-style-scroll container_wrap sidebar_right'  ><div class='container av-section-cont-open' ><div class='template-page content  av-content-small alpha units'><div class='post-entry post-entry-type-page post-entry-421'><div class='entry-content-wrapper clearfix'>\n\n<style type=\"text\/css\" data-created_by=\"avia_inline_auto\" id=\"style-css-av-1g5aou-5-33bf9caecc3153e04985c29a10571060\">\n.flex_column.av-1g5aou-5-33bf9caecc3153e04985c29a10571060{\nborder-radius:0px 0px 0px 0px;\npadding:0px 0px 0px 0px;\n}\n<\/style>\n<div  class='flex_column av-1g5aou-5-33bf9caecc3153e04985c29a10571060 av_one_full  avia-builder-el-54  avia-builder-el-no-sibling  first flex_column_div av-zero-column-padding  '     ><section  class='av_textblock_section av-jt5tjyk0-4-d086bd1a44e700557ed3f0f3553031cb '   itemscope=\"itemscope\" itemtype=\"https:\/\/schema.org\/BlogPosting\" itemprop=\"blogPost\" ><div class='avia_textblock'  itemprop=\"text\" ><h3>11. Cannes \u2013 furioses Finale<\/h3>\n<p>Der fulminante Abschluss unserer Provence- und C\u00f4te d&#8217;Azur-Tour erwartet Sie mit Cannes. Ber\u00fchmt ist die idyllische Stadt insbesondere f\u00fcr ihr internationales Filmfestival. Mit Ihren sch\u00f6nen Str\u00e4nden, Flaniermeilen und Uferpromenaden und einem allseits sp\u00fcrbaren Hauch von Luxus-Flair ist Cannes zweifellos einer der H\u00f6hepunkte der C\u00f4te d&#8217;Azur.<\/p>\n<\/div><\/section><\/div>\n\n<\/div><\/div><\/div><!-- close content main div --><\/div><\/div><div id='av_section_21'  class='avia-section av-jt5vrdgv-3-a1f4b84a13d7c5b59effd0b6befbee48 main_color avia-section-default avia-no-border-styling  avia-builder-el-56  el_after_av_section  avia-builder-el-last  reduced-content avia-bg-style-scroll container_wrap sidebar_right'  ><div class='container av-section-cont-open' ><div class='template-page content  av-content-small alpha units'><div class='post-entry post-entry-type-page post-entry-421'><div class='entry-content-wrapper clearfix'>\n\n<style type=\"text\/css\" data-created_by=\"avia_inline_auto\" id=\"style-css-av-1g5aou-2-1f93a398e8836930f210449bc6b0e531\">\n.flex_column.av-1g5aou-2-1f93a398e8836930f210449bc6b0e531{\nborder-radius:0px 0px 0px 0px;\npadding:0px 0px 0px 0px;\n}\n<\/style>\n<div  class='flex_column av-1g5aou-2-1f93a398e8836930f210449bc6b0e531 av_one_full  avia-builder-el-57  el_before_av_social_share  avia-builder-el-first  first flex_column_div av-zero-column-padding  '     ><style type=\"text\/css\" data-created_by=\"avia_inline_auto\" id=\"style-css-av-jt5tjyk0-1-05ba4494232e2baf2020c9bf469bab69\">\n#top .av_textblock_section.av-jt5tjyk0-1-05ba4494232e2baf2020c9bf469bab69 .avia_textblock{\nfont-size:24px;\n}\n<\/style>\n<section  class='av_textblock_section av-jt5tjyk0-1-05ba4494232e2baf2020c9bf469bab69 '   itemscope=\"itemscope\" itemtype=\"https:\/\/schema.org\/BlogPosting\" itemprop=\"blogPost\" ><div class='avia_textblock'  itemprop=\"text\" ><p><strong>Ihr TUI CAMPER-Team w\u00fcnscht Ihnen eine erlebnisreiche Rundreise durch die Provence &#038; die C\u00f4te d&#8217;Azur!<\/strong><\/p>\n<\/div><\/section><\/div><div  class='av-social-sharing-box av-10zg8-8676a2d54b4a15bbf6c39a1c18f0815b av-social-sharing-box-default  avia-builder-el-59  el_after_av_one_full  avia-builder-el-last  av-social-sharing-box-fullwidth'><div class=\"av-share-box\"><ul class=\"av-share-box-list noLightbox\"><li class='av-share-link av-social-link-facebook avia_social_iconfont' ><a target=\"_blank\" aria-label=\"Teilen auf Facebook\" href='https:\/\/www.facebook.com\/sharer.php?u=https:\/\/www.tuicamper.com\/magazin\/wohnmobil-provence\/&#038;t=Mit%20dem%20Wohnmobil%20in%20die%20Provence%20und%20an%20die%20C%C3%B4te%20d%E2%80%99Azur' data-av_icon='\ue8f3' data-av_iconfont='entypo-fontello'  title='' data-avia-related-tooltip='Teilen auf Facebook'><span class='avia_hidden_link_text'>Teilen auf Facebook<\/span><\/a><\/li><li class='av-share-link av-social-link-twitter avia_social_iconfont' ><a target=\"_blank\" aria-label=\"Teilen auf X\" href='https:\/\/twitter.com\/share?text=Mit%20dem%20Wohnmobil%20in%20die%20Provence%20und%20an%20die%20C%C3%B4te%20d%E2%80%99Azur&#038;url=https:\/\/www.tuicamper.com\/magazin\/wohnmobil-provence\/' data-av_icon='\ue932' data-av_iconfont='entypo-fontello'  title='' data-avia-related-tooltip='Teilen auf X'><span class='avia_hidden_link_text'>Teilen auf X<\/span><\/a><\/li><li class='av-share-link av-social-link-whatsapp avia_social_iconfont' ><a target=\"_blank\" aria-label=\"Teilen auf WhatsApp\" href='https:\/\/api.whatsapp.com\/send?text=https:\/\/www.tuicamper.com\/magazin\/wohnmobil-provence\/' data-av_icon='\uf232' data-av_iconfont='entypo-fontello'  title='' data-avia-related-tooltip='Teilen auf WhatsApp'><span class='avia_hidden_link_text'>Teilen auf WhatsApp<\/span><\/a><\/li><li class='av-share-link av-social-link-pinterest avia_social_iconfont' ><a target=\"_blank\" aria-label=\"Teilen auf Pinterest\" href='https:\/\/pinterest.com\/pin\/create\/button\/?url=https%3A%2F%2Fwww.tuicamper.com%2Fmagazin%2Fwohnmobil-provence%2F&#038;description=Mit%20dem%20Wohnmobil%20in%20die%20Provence%20und%20an%20die%20C%C3%B4te%20d%E2%80%99Azur&#038;media=https%3A%2F%2Fwww.tuicamper.com%2Fwp-docker%2Fwp-content%2Fuploads%2F2019%2F03%2Fwohnmobil-provence-header-705x269.jpg' data-av_icon='\ue8f8' data-av_iconfont='entypo-fontello'  title='' data-avia-related-tooltip='Teilen auf Pinterest'><span class='avia_hidden_link_text'>Teilen auf Pinterest<\/span><\/a><\/li><li class='av-share-link av-social-link-mail avia_social_iconfont' ><a  aria-label=\"Per E-Mail teilen\" href='mailto:?subject=Mit%20dem%20Wohnmobil%20in%20die%20Provence%20und%20an%20die%20C%C3%B4te%20d%E2%80%99Azur&#038;body=https:\/\/www.tuicamper.com\/magazin\/wohnmobil-provence\/' data-av_icon='\ue805' data-av_iconfont='entypo-fontello'  title='' data-avia-related-tooltip='Per E-Mail teilen'><span class='avia_hidden_link_text'>Per E-Mail teilen<\/span><\/a><\/li><\/ul><\/div><\/div>\n<\/div><\/div><\/div><!-- close content main div --><\/div><\/div><div id='after_section_21'  class='main_color av_default_container_wrap container_wrap sidebar_right'  ><div class='container av-section-cont-open' ><div class='template-page content  av-content-small alpha units'><div class='post-entry post-entry-type-page post-entry-421'><div class='entry-content-wrapper clearfix'>\n","protected":false},"excerpt":{"rendered":"<p>Provence und C\u00f4te d&#8217;Azur: Zwei Begriffe, die mit vielen Sehns\u00fcchten verbunden sind. Tauchen Sie mit uns ein in die facettenreiche s\u00fcdfranz\u00f6sische Region!<\/p>\n","protected":false},"author":3,"featured_media":424,"comment_status":"open","ping_status":"open","sticky":false,"template":"","format":"standard","meta":{"footnotes":""},"categories":[33],"tags":[24,18,52,42],"class_list":["post-421","post","type-post","status-publish","format-standard","has-post-thumbnail","hentry","category-reisethema","tag-frankreich","tag-fruehling","tag-geniesser","tag-paare"],"yoast_head":"<!-- This site is optimized with the Yoast SEO plugin v27.4 - https:\/\/yoast.com\/product\/yoast-seo-wordpress\/ -->\n<title>Mit dem Wohnmobil in die Provence und an die C\u00f4te d&#039;Azur<\/title>\n<meta name=\"description\" content=\"Provence und C\u00f4te d&#039;Azur: Zwei Begriffe, die mit vielen Sehns\u00fcchten verbunden sind. Tauchen Sie mit uns ein in die facettenreiche s\u00fcdfranz\u00f6sische Region!\" \/>\n<meta name=\"robots\" content=\"index, follow, max-snippet:-1, max-image-preview:large, max-video-preview:-1\" \/>\n<link rel=\"canonical\" href=\"https:\/\/www.tuicamper.com\/magazin\/wohnmobil-provence\/\" \/>\n<meta property=\"og:locale\" content=\"de_DE\" \/>\n<meta property=\"og:type\" content=\"article\" \/>\n<meta property=\"og:title\" content=\"Mit dem Wohnmobil in die Provence und an die C\u00f4te d&#039;Azur\" \/>\n<meta property=\"og:description\" content=\"Provence und C\u00f4te d&#039;Azur: Zwei Begriffe, die mit vielen Sehns\u00fcchten verbunden sind. Tauchen Sie mit uns ein in die facettenreiche s\u00fcdfranz\u00f6sische Region!\" \/>\n<meta property=\"og:url\" content=\"https:\/\/www.tuicamper.com\/magazin\/wohnmobil-provence\/\" \/>\n<meta property=\"og:site_name\" content=\"TUI Camper Magazin\" \/>\n<meta property=\"article:published_time\" content=\"2019-03-27T11:09:11+00:00\" \/>\n<meta property=\"article:modified_time\" content=\"2023-07-10T11:03:15+00:00\" \/>\n<meta property=\"og:image\" content=\"https:\/\/www.tuicamper.com\/wp-docker\/wp-content\/uploads\/2019\/03\/wohnmobil-provence-header.jpg\" \/>\n\t<meta property=\"og:image:width\" content=\"1310\" \/>\n\t<meta property=\"og:image:height\" content=\"500\" \/>\n\t<meta property=\"og:image:type\" content=\"image\/jpeg\" \/>\n<meta name=\"author\" content=\"S\u00f6ren Cortekar\" \/>\n<meta name=\"twitter:card\" content=\"summary_large_image\" \/>\n<meta name=\"twitter:label1\" content=\"Verfasst von\" \/>\n\t<meta name=\"twitter:data1\" content=\"S\u00f6ren Cortekar\" \/>\n\t<meta name=\"twitter:label2\" content=\"Gesch\u00e4tzte Lesezeit\" \/>\n\t<meta name=\"twitter:data2\" content=\"16\u00a0Minuten\" \/>\n<!-- \/ Yoast SEO plugin. -->","yoast_head_json":{"title":"Mit dem Wohnmobil in die Provence und an die C\u00f4te d'Azur","description":"Provence und C\u00f4te d'Azur: Zwei Begriffe, die mit vielen Sehns\u00fcchten verbunden sind. Tauchen Sie mit uns ein in die facettenreiche s\u00fcdfranz\u00f6sische Region!","robots":{"index":"index","follow":"follow","max-snippet":"max-snippet:-1","max-image-preview":"max-image-preview:large","max-video-preview":"max-video-preview:-1"},"canonical":"https:\/\/www.tuicamper.com\/magazin\/wohnmobil-provence\/","og_locale":"de_DE","og_type":"article","og_title":"Mit dem Wohnmobil in die Provence und an die C\u00f4te d'Azur","og_description":"Provence und C\u00f4te d'Azur: Zwei Begriffe, die mit vielen Sehns\u00fcchten verbunden sind. Tauchen Sie mit uns ein in die facettenreiche s\u00fcdfranz\u00f6sische Region!","og_url":"https:\/\/www.tuicamper.com\/magazin\/wohnmobil-provence\/","og_site_name":"TUI Camper Magazin","article_published_time":"2019-03-27T11:09:11+00:00","article_modified_time":"2023-07-10T11:03:15+00:00","og_image":[{"width":1310,"height":500,"url":"https:\/\/www.tuicamper.com\/wp-docker\/wp-content\/uploads\/2019\/03\/wohnmobil-provence-header.jpg","type":"image\/jpeg"}],"author":"S\u00f6ren Cortekar","twitter_card":"summary_large_image","twitter_misc":{"Verfasst von":"S\u00f6ren Cortekar","Gesch\u00e4tzte Lesezeit":"16\u00a0Minuten"},"schema":{"@context":"https:\/\/schema.org","@graph":[{"@type":"Article","@id":"https:\/\/www.tuicamper.com\/magazin\/wohnmobil-provence\/#article","isPartOf":{"@id":"https:\/\/www.tuicamper.com\/magazin\/wohnmobil-provence\/"},"author":{"name":"S\u00f6ren Cortekar","@id":"https:\/\/www.tuicamper.com\/wp-docker\/#\/schema\/person\/a9ad15b73e3b6169a6c4a794a58d1ea6"},"headline":"Mit dem Wohnmobil in die Provence und an die C\u00f4te d&#8217;Azur","datePublished":"2019-03-27T11:09:11+00:00","dateModified":"2023-07-10T11:03:15+00:00","mainEntityOfPage":{"@id":"https:\/\/www.tuicamper.com\/magazin\/wohnmobil-provence\/"},"wordCount":5032,"commentCount":0,"image":{"@id":"https:\/\/www.tuicamper.com\/magazin\/wohnmobil-provence\/#primaryimage"},"thumbnailUrl":"https:\/\/www.tuicamper.com\/wp-docker\/wp-content\/uploads\/2019\/03\/wohnmobil-provence-header.jpg","keywords":["Frankreich","Fr\u00fchling","Genie\u00dfer","Paare"],"articleSection":["Reisethema"],"inLanguage":"de","potentialAction":[{"@type":"CommentAction","name":"Comment","target":["https:\/\/www.tuicamper.com\/magazin\/wohnmobil-provence\/#respond"]}]},{"@type":"WebPage","@id":"https:\/\/www.tuicamper.com\/magazin\/wohnmobil-provence\/","url":"https:\/\/www.tuicamper.com\/magazin\/wohnmobil-provence\/","name":"Mit dem Wohnmobil in die Provence und an die C\u00f4te d'Azur","isPartOf":{"@id":"https:\/\/www.tuicamper.com\/#website"},"primaryImageOfPage":{"@id":"https:\/\/www.tuicamper.com\/magazin\/wohnmobil-provence\/#primaryimage"},"image":{"@id":"https:\/\/www.tuicamper.com\/magazin\/wohnmobil-provence\/#primaryimage"},"thumbnailUrl":"https:\/\/www.tuicamper.com\/wp-content\/uploads\/2019\/03\/wohnmobil-provence-header.jpg","datePublished":"2019-03-27T11:09:11+00:00","dateModified":"2023-07-10T11:03:15+00:00","author":{"@id":"https:\/\/www.tuicamper.com\/#\/schema\/person\/a9ad15b73e3b6169a6c4a794a58d1ea6"},"description":"Provence und C\u00f4te d'Azur: Zwei Begriffe, die mit vielen Sehns\u00fcchten verbunden sind. Tauchen Sie mit uns ein in die facettenreiche s\u00fcdfranz\u00f6sische Region!","breadcrumb":{"@id":"https:\/\/www.tuicamper.com\/magazin\/wohnmobil-provence\/#breadcrumb"},"inLanguage":"de","potentialAction":["Array"]},{"@type":"ImageObject","inLanguage":"de","@id":"https:\/\/www.tuicamper.com\/magazin\/wohnmobil-provence\/#primaryimage","url":"https:\/\/www.tuicamper.com\/wp-docker\/wp-content\/uploads\/2019\/03\/wohnmobil-provence-header.jpg","contentUrl":"https:\/\/www.tuicamper.com\/wp-docker\/wp-content\/uploads\/2019\/03\/wohnmobil-provence-header.jpg","width":1310,"height":500,"caption":"Wohnmobil Provence"},{"@type":"BreadcrumbList","@id":"https:\/\/www.tuicamper.com\/magazin\/wohnmobil-provence\/#breadcrumb","itemListElement":[{"@type":"ListItem","position":1,"name":"Startseite","item":"https:\/\/www.tuicamper.com\/wp-docker\/"},{"@type":"ListItem","position":2,"name":"Mit dem Wohnmobil in die Provence und an die C\u00f4te d&#8217;Azur"}]},{"@type":"WebSite","@id":"https:\/\/www.tuicamper.com\/#website","url":"https:\/\/www.tuicamper.com\/","name":"TUI Camper Magazin","description":"","potentialAction":["Array"],"inLanguage":"de"},{"@type":"Person","@id":"https:\/\/www.tuicamper.com\/wp-docker\/#\/schema\/person\/a9ad15b73e3b6169a6c4a794a58d1ea6","name":"S\u00f6ren Cortekar","image":{"@type":"ImageObject","inLanguage":"de","@id":"https:\/\/secure.gravatar.com\/avatar\/399f9c9096d84e9147b61735bfa53689fd2add8aa9c074669869e4c106f7df59?s=96&d=mm&r=g","url":"https:\/\/secure.gravatar.com\/avatar\/399f9c9096d84e9147b61735bfa53689fd2add8aa9c074669869e4c106f7df59?s=96&d=mm&r=g","contentUrl":"https:\/\/secure.gravatar.com\/avatar\/399f9c9096d84e9147b61735bfa53689fd2add8aa9c074669869e4c106f7df59?s=96&d=mm&r=g","caption":"S\u00f6ren Cortekar"},"url":"https:\/\/www.tuicamper.com\/wp-docker\/magazin\/author\/soeren-cortekar\/"}]}},"_links":{"self":[{"href":"https:\/\/www.tuicamper.com\/wp-docker\/wp-json\/wp\/v2\/posts\/421","targetHints":{"allow":["GET"]}}],"collection":[{"href":"https:\/\/www.tuicamper.com\/wp-docker\/wp-json\/wp\/v2\/posts"}],"about":[{"href":"https:\/\/www.tuicamper.com\/wp-docker\/wp-json\/wp\/v2\/types\/post"}],"author":[{"embeddable":true,"href":"https:\/\/www.tuicamper.com\/wp-docker\/wp-json\/wp\/v2\/users\/3"}],"replies":[{"embeddable":true,"href":"https:\/\/www.tuicamper.com\/wp-docker\/wp-json\/wp\/v2\/comments?post=421"}],"version-history":[{"count":16,"href":"https:\/\/www.tuicamper.com\/wp-docker\/wp-json\/wp\/v2\/posts\/421\/revisions"}],"predecessor-version":[{"id":436,"href":"https:\/\/www.tuicamper.com\/wp-docker\/wp-json\/wp\/v2\/posts\/421\/revisions\/436"}],"wp:featuredmedia":[{"embeddable":true,"href":"https:\/\/www.tuicamper.com\/wp-docker\/wp-json\/wp\/v2\/media\/424"}],"wp:attachment":[{"href":"https:\/\/www.tuicamper.com\/wp-docker\/wp-json\/wp\/v2\/media?parent=421"}],"wp:term":[{"taxonomy":"category","embeddable":true,"href":"https:\/\/www.tuicamper.com\/wp-docker\/wp-json\/wp\/v2\/categories?post=421"},{"taxonomy":"post_tag","embeddable":true,"href":"https:\/\/www.tuicamper.com\/wp-docker\/wp-json\/wp\/v2\/tags?post=421"}],"curies":[{"name":"wp","href":"https:\/\/api.w.org\/{rel}","templated":true}]}}