{"id":39682,"date":"2023-05-04T11:58:06","date_gmt":"2023-05-04T09:58:06","guid":{"rendered":"https:\/\/www.tuicamper.com\/?p=39682"},"modified":"2026-02-12T17:54:01","modified_gmt":"2026-02-12T16:54:01","slug":"rocky-mountain-nationalpark","status":"publish","type":"post","link":"https:\/\/www.tuicamper.com\/magazin\/rocky-mountain-nationalpark\/","title":{"rendered":"Rocky Mountain Nationalpark: Die sch\u00f6nsten Highlights und die besten Tipps"},"content":{"rendered":"<div id='av_section_1'  class='avia-section av-du97vk2-6ce1ca38464ae282766b706a57d155fa main_color avia-section-default avia-no-border-styling  avia-builder-el-0  el_before_av_textblock  avia-builder-el-first  reduced-content avia-bg-style-scroll container_wrap sidebar_right'  ><div class='container av-section-cont-open' ><main  role=\"main\" itemprop=\"mainContentOfPage\"  class='template-page content  av-content-small alpha units'><div class='post-entry post-entry-type-page post-entry-39682'><div class='entry-content-wrapper clearfix'>\n\n<style type=\"text\/css\" data-created_by=\"avia_inline_auto\" id=\"style-css-av-dgepmqq-dbba291f88db90c469570c47c1006c99\">\n.flex_column.av-dgepmqq-dbba291f88db90c469570c47c1006c99{\nborder-radius:0px 0px 0px 0px;\npadding:0px 0px 0px 0px;\n}\n<\/style>\n<div  class='flex_column av-dgepmqq-dbba291f88db90c469570c47c1006c99 av_one_full  avia-builder-el-1  avia-builder-el-no-sibling  first flex_column_div av-zero-column-padding  '     ><section  class='av_textblock_section av-lg0jc2xc-4a473a540f6fd0239ccd5569c861abe9 '   itemscope=\"itemscope\" itemtype=\"https:\/\/schema.org\/BlogPosting\" itemprop=\"blogPost\" ><div class='avia_textblock'  itemprop=\"text\" ><p>Majest\u00e4tische Hirsche, deren tiefes R\u00f6hren \u00fcber farbenfrohe Wiesen, dichte W\u00e4lder und dramatische Gebirgsz\u00fcge hallt. Tosende Wasserf\u00e4lle, die sich in glitzernde Bergseen ergie\u00dfen. Und das mysteri\u00f6se Heulen der Kojoten, wenn die Sonne hinter dem Horizont verschwunden ist. Im Herzen der Rockies liegt ein Nationalpark der Superlative, der Campern ein unvergleichliches Wildnis-Abenteuer verspricht. Wir zeigen Ihnen, was Sie f\u00fcr Ihren Besuch im Rocky Mountain Nationalpark wissen m\u00fcssen.<\/p>\n<\/div><\/section><\/div>\n<\/div><\/div><\/main><!-- close content main element --><\/div><\/div><div id='after_section_1'  class='main_color av_default_container_wrap container_wrap sidebar_right'  ><div class='container av-section-cont-open' ><div class='template-page content  av-content-small alpha units'><div class='post-entry post-entry-type-page post-entry-39682'><div class='entry-content-wrapper clearfix'>\n<section  class='av_textblock_section av-d18ta6a-fb9834da3f42a94382a0f2ced485648b '   itemscope=\"itemscope\" itemtype=\"https:\/\/schema.org\/BlogPosting\" itemprop=\"blogPost\" ><div class='avia_textblock'  itemprop=\"text\" >\n<\/div><\/section>\n<\/div><\/div><\/div><!-- close content main div --><\/div><\/div><div id='av_section_2'  class='avia-section av-cushxxe-daebb953e48e9996d1daeb1ce7b1fe5c main_color avia-section-default avia-no-border-styling  avia-builder-el-4  el_after_av_textblock  el_before_av_section  reduced-content avia-bg-style-scroll container_wrap sidebar_right'  ><div class='container av-section-cont-open' ><div class='template-page content  av-content-small alpha units'><div class='post-entry post-entry-type-page post-entry-39682'><div class='entry-content-wrapper clearfix'>\n<section  class='av_textblock_section av-17uw9r6-5f67aff660e75eac4815bf2833ccc0c9 '   itemscope=\"itemscope\" itemtype=\"https:\/\/schema.org\/BlogPosting\" itemprop=\"blogPost\" ><div class='avia_textblock'  itemprop=\"text\" ><div id=\"js-table-of-contents\">\r\n    <strong>Inhaltsverzeichnis<\/strong>\r\n<\/div>\n<\/div><\/section>\n\n<\/div><\/div><\/div><!-- close content main div --><\/div><\/div><div id='av_section_3'  class='avia-section av-bvd9lb6-436f810bfccf1eca9953df409f868cf0 main_color avia-section-default avia-no-border-styling  avia-builder-el-6  el_after_av_section  el_before_av_section  reduced-content avia-bg-style-scroll container_wrap sidebar_right'  ><div class='container av-section-cont-open' ><div class='template-page content  av-content-small alpha units'><div class='post-entry post-entry-type-page post-entry-39682'><div class='entry-content-wrapper clearfix'>\n\n<style type=\"text\/css\" data-created_by=\"avia_inline_auto\" id=\"style-css-av-bepjnnm-b4447bc06a01c7c67e4f8d8d8640bbe6\">\n.flex_column.av-bepjnnm-b4447bc06a01c7c67e4f8d8d8640bbe6{\nborder-radius:0px 0px 0px 0px;\npadding:0px 0px 0px 0px;\n}\n<\/style>\n<div  class='flex_column av-bepjnnm-b4447bc06a01c7c67e4f8d8d8640bbe6 av_one_full  avia-builder-el-7  avia-builder-el-no-sibling  first flex_column_div av-zero-column-padding  '     ><section  class='av_textblock_section av-lg0jcekb-467d27e531689985789360989af4b96f '   itemscope=\"itemscope\" itemtype=\"https:\/\/schema.org\/BlogPosting\" itemprop=\"blogPost\" ><div class='avia_textblock'  itemprop=\"text\" ><h2>Wissenswertes zum Rocky Mountain Nationalpark<\/h2>\n<p>Der im Norden Colorados gelegene Rocky Mountain Nationalpark ist der h\u00f6chstgelegene Nationalpark der USA. Die Berge, W\u00e4lder und alpine Tundra des Parks sind das gesamte Jahr \u00fcber zug\u00e4nglich, allerdings k\u00f6nnen im Winter nicht alle Stra\u00dfen genutzt werden. Es gibt zwei Eing\u00e4nge in den Park. Der erste befindet sich bei Grand Lake, wesentlich h\u00e4ufiger wird allerdings der \u00f6stlich gelegene Haupteingang bei Estes Park genutzt. Auch Camper betreten den Park in der Regel vom Osteingang aus, ist dieser von <a href=\"https:\/\/www.tuicamper.com\/reiseziele\/nordamerika\/usa\/denver\/\" rel=\"noopener\">Denver<\/a>, der n\u00e4chstgelegenen Camper-Station, doch schnell erreicht.<\/p>\n<p data-start=\"0\" data-end=\"260\">Der Eintritt in den Park wird pro Fahrzeug berechnet und gilt jeweils f\u00fcr sieben aufeinanderfolgende Tage. Die Geb\u00fchr betr\u00e4gt aktuell 35 US-Dollar pro Fahrzeug. Dieser Pass ist damit auch dann die beste Wahl, wenn der Aufenthalt nur zwei oder drei Tage dauert.<\/p>\n<p data-start=\"262\" data-end=\"468\"><strong>Wichtig zu wissen:<\/strong> In besonders stark besuchten Nationalparks wird f\u00fcr internationale Besucher ab 16 Jahren zus\u00e4tzlich eine Geb\u00fchr von 100 US-Dollar pro Person erhoben, sofern kein Jahrespass vorhanden ist.<\/p>\n<p data-start=\"470\" data-end=\"986\">Wer im Rahmen einer USA-Reise mehrere Nationalparks besuchen m\u00f6chte, f\u00e4hrt mit dem \u201eAmerica the Beautiful Annual Pass\u201c f\u00fcr 250 US-Dollar deutlich g\u00fcnstiger. Dieser gilt ein Jahr lang und erlaubt bis zu vier Erwachsenen pro Fahrzeug sowie allen Kindern unter 16 Jahren den Zugang zu s\u00e4mtlichen Nationalparks der USA sowie zu zahlreichen weiteren Schutzgebieten. Gleichzeitig entf\u00e4llt mit diesem Pass auch die zus\u00e4tzliche Personengeb\u00fchr in den betroffenen Parks, wodurch sich insgesamt eine deutliche Ersparnis ergibt.<\/p>\n<\/div><\/section><\/div><\/div><\/div><\/div><!-- close content main div --><\/div><\/div><div id='av_section_4'  class='avia-section av-1scx78i-29cbd8037999d5903f4ef2f4a4443712 main_color avia-section-default avia-no-border-styling  avia-builder-el-9  el_after_av_section  el_before_av_section  routes-breaker fullwidth_section avia-bg-style-scroll container_wrap sidebar_right'  ><div class='container av-section-cont-open' ><div class='template-page content  av-content-small alpha units'><div class='post-entry post-entry-type-page post-entry-39682'><div class='entry-content-wrapper clearfix'>\n<section  class='av_textblock_section av-lg3pzy81-2a7cda37cfd13d3d16568e398ad4d8bc '   itemscope=\"itemscope\" itemtype=\"https:\/\/schema.org\/BlogPosting\" itemprop=\"blogPost\" ><div class='avia_textblock'  itemprop=\"text\" >\r\n<div class=\"flex_column av_one_full flex_column_div av-zero-column-padding first avia-builder-el-first\">\r\n    <section class=\"av_textblock_section \" itemscope=\"itemscope\"\r\n             itemtype=\"https:\/\/schema.org\/CreativeWork\">\r\n        <div class=\"avia_textblock\" itemprop=\"text\">\r\n            Die besten Routentipps        <\/div>\r\n    <\/section>\r\n    <div class=\"route-breaker-items\">\r\n                    <div class=\"route-breaker-item\">\r\n                <a href=\"https:\/\/www.tuicamper.com\/routen\/usa-routen\/von-denver-nach-salt-lake-city\/\">\r\n                                            <div\r\n                                class=\"route-breaker-item-thumbnail\"\r\n                                style=\"background-image: url(https:\/\/www.tuicamper.com\/wp-docker\/wp-content\/uploads\/2022\/11\/idaho-pano-400x200.jpg);\"\r\n                        ><\/div>\r\n                                        <span>Von Denver nach Salt Lake City \u2013 Hochgebirge und Pr\u00e4rielandschaften<\/span>\r\n                <\/a>\r\n            <\/div>\r\n                    <div class=\"route-breaker-item\">\r\n                <a href=\"https:\/\/www.tuicamper.com\/routen\/usa-routen\/salt-lake-city-rundreise\/\">\r\n                                            <div\r\n                                class=\"route-breaker-item-thumbnail\"\r\n                                style=\"background-image: url(https:\/\/www.tuicamper.com\/wp-docker\/wp-content\/uploads\/2022\/11\/cruise-pano-400x200.jpg);\"\r\n                        ><\/div>\r\n                                        <span>Salt Lake City Rundreise: Der wilde Westen und die Nationalparks<\/span>\r\n                <\/a>\r\n            <\/div>\r\n                    <div class=\"route-breaker-item\">\r\n                <a href=\"https:\/\/www.tuicamper.com\/routen\/usa-routen\/von-phoenix-nach-denver\/\">\r\n                                            <div\r\n                                class=\"route-breaker-item-thumbnail\"\r\n                                style=\"background-image: url(https:\/\/www.tuicamper.com\/wp-docker\/wp-content\/uploads\/2022\/11\/grand-canyon-pano-400x200.jpg);\"\r\n                        ><\/div>\r\n                                        <span>Von Phoenix nach Denver: Nationaldenkm\u00e4ler und Naturwunder<\/span>\r\n                <\/a>\r\n            <\/div>\r\n                    <\/div>\r\n            <div class=\"route-breaker-countries-footer mode-footer_inline\">\r\n            <div><p>Alle Routen f\u00fcr:<\/p><\/div>\r\n            <div>\r\n                                    <a href=\"https:\/\/www.tuicamper.com\/routen\/usa-routen\/\">\r\n                                                    <img decoding=\"async\" src=\"https:\/\/www.tuicamper.com\/wp-docker\/wp-content\/uploads\/2022\/04\/us-circle.png\" alt=\"USA\">\r\n                                                USA                    <\/a>\r\n                            <\/div>\r\n        <\/div>\r\n                <div class=\"route-breaker-countries-footer mode-overview no-border\">\r\n            <p><i class=\"tui-cars-icon tuicars-icon-arrow-left\"><\/i><a href=\"https:\/\/www.tuicamper.com\/routen\/\">Zur Routen-\u00dcbersicht<\/a><\/p>\r\n        <\/div>\r\n    <\/div>\r\n\n<\/div><\/section>\n<\/p>\n<\/div><\/div><\/div><!-- close content main div --><\/div><\/div><div id='av_section_5'  class='avia-section av-au138ua-9430305d48470c302f30489d19ad37a5 main_color avia-section-default avia-no-border-styling  avia-builder-el-11  el_after_av_section  el_before_av_section  reduced-content avia-bg-style-scroll container_wrap sidebar_right'  ><div class='container av-section-cont-open' ><div class='template-page content  av-content-small alpha units'><div class='post-entry post-entry-type-page post-entry-39682'><div class='entry-content-wrapper clearfix'>\n\n<style type=\"text\/css\" data-created_by=\"avia_inline_auto\" id=\"style-css-av-a88mi6a-760e725872e5bf011334958b042393d7\">\n.flex_column.av-a88mi6a-760e725872e5bf011334958b042393d7{\nborder-radius:0px 0px 0px 0px;\npadding:0px 0px 0px 0px;\n}\n<\/style>\n<div  class='flex_column av-a88mi6a-760e725872e5bf011334958b042393d7 av_one_full  avia-builder-el-12  avia-builder-el-no-sibling  first flex_column_div av-zero-column-padding  '     ><section  class='av_textblock_section av-lg0jd1x2-2b8d6426b04bff02e1e1639d60adf783 '   itemscope=\"itemscope\" itemtype=\"https:\/\/schema.org\/BlogPosting\" itemprop=\"blogPost\" ><div class='avia_textblock'  itemprop=\"text\" ><h2>5 Top-Sehensw\u00fcrdigkeiten im Rocky Mountain Nationalpark<\/h2>\n<p>Die atemberaubende Naturlandschaft des Rocky Mountain Nationalparks ist schon ein Highlight f\u00fcr sich. Es gibt keine Wanderroute, kein Ausflugsziel, das nicht von spektakul\u00e4ren Panoramen begleitet w\u00fcrde. Dennoch gibt es einige Sehensw\u00fcrdigkeiten, die Sie bei einem Besuch unbedingt einplanen sollten. Wir stellen Ihnen 5 Top-Highlights vor.<\/p>\n<ol>\n<li><strong>Trail Ridge Road<\/strong>: Es gibt keine bessere M\u00f6glichkeit einen \u00dcberblick \u00fcber den Rocky Mountain Nationalpark zu erlangen als eine Fahrt entlang der Trail Ridge Road. Die 77 Kilometer lange Stra\u00dfe verbindet die Orte Grand Lake und Estes Park und f\u00fchrt dabei auf eine H\u00f6he von bis zu 3.713 Meter. F\u00fcr die Strecke sollten Sie allerdings einen guten halben Tag einplanen, immerhin kommen Sie an etlichen Aussichtspunkten vorbei, die zu einem Halt einladen. Tipp: Wer die Stra\u00dfe m\u00f6glichst f\u00fcr sich allein haben m\u00f6chte, sollte fr\u00fch losfahren. Sp\u00e4testens zum Vormittag wird es merklich voller. Befahrbar ist die Trail Ridge Road in der Regel zwischen Mai und Oktober.<\/li>\n<li><strong>Bear Lake<\/strong>: Umgeben von dichten W\u00e4ldern und majest\u00e4tischen Gebirgsz\u00fcgen, die sich im kristallklaren Wasser verdoppeln, scheint der Bear Lake geradewegs einem Gem\u00e4lde entsprungen zu sein. Zahlreiche Wanderrouten erstrecken sich rund um den alpinen See.<\/li>\n<li><strong>Alberta Falls<\/strong>: Die \u00fcber einen Wanderweg problemlos zu erreichenden Alberta Falls st\u00fcrzen zwischen dichten W\u00e4ldern \u00fcber markante Felsen in die Tiefe \u2013 und stehen bei Wanderern daher zurecht hoch im Kurs.<\/li>\n<li><strong>Chapel on the Rock<\/strong>: Ein besonderes Fotomotiv ist auch die Chapel on the Rock. Die aus Stein errichtete katholische Kapelle erhebt sich aus der idyllischen Landschaft der Rockies und ist damit ein absolutes Highlight \u2013 sei es f\u00fcrs Fotoalbum oder f\u00fcr Instagram.<\/li>\n<li><strong>Estes Park<\/strong>: Die Berggemeinde Estes Park schmiegt sich an die Rockies und ist damit eine der landschaftlich sch\u00f6nsten St\u00e4dtchen der USA. Zudem ist es Ausgangspunkt zahlreicher Wanderungen. Wer im Rocky Mountain Nationalpark richtig gut essen gehen m\u00f6chte, kommt an einem Besuch von Estes Park ebenfalls nicht vorbei. Vor Ort haben sich zahlreiche Caf\u00e9s und Restaurants angesiedelt. Erstklassiges Fr\u00fchst\u00fcck zum erschwinglichen Preis erwartet Sie beispielsweise im <a href=\"https:\/\/eggofestes.com\/\" target=\"_blank\" rel=\"noopener\">The Egg of Estes<\/a>.<\/li>\n<\/ol>\n<p>Tipp: Bleiben Sie nur einen Tag im Nationalpark, sollten Sie, sofern zug\u00e4nglich, zumindest die auch mit einem Wohnmobil sehr gut zug\u00e4ngliche Trail Ridge Road befahren. Die Panoramastrecke z\u00e4hlt ohne jeden Zweifel zu den sch\u00f6nsten der Welt.<\/p>\n<\/div><\/section><\/div>\n\n<\/div><\/div><\/div><!-- close content main div --><\/div><\/div><div id='av_section_6'  class='avia-section av-9qwfnk2-1c55f56117aac1d38584718b3838c562 main_color avia-section-default avia-no-border-styling  avia-builder-el-14  el_after_av_section  el_before_av_section  reduced-content avia-bg-style-scroll container_wrap sidebar_right'  ><div class='container av-section-cont-open' ><div class='template-page content  av-content-small alpha units'><div class='post-entry post-entry-type-page post-entry-39682'><div class='entry-content-wrapper clearfix'>\n\n<style type=\"text\/css\" data-created_by=\"avia_inline_auto\" id=\"style-css-av-9n5n476-abdd858af0b208abbb678c0a5669ef2a\">\n.avia-image-container.av-9n5n476-abdd858af0b208abbb678c0a5669ef2a img.avia_image{\nbox-shadow:none;\n}\n.avia-image-container.av-9n5n476-abdd858af0b208abbb678c0a5669ef2a .av-caption-image-overlay-bg{\nopacity:0.4;\nbackground-color:#000000;\n}\n.avia-image-container.av-9n5n476-abdd858af0b208abbb678c0a5669ef2a .av-image-caption-overlay-center{\ncolor:#ffffff;\n}\n<\/style>\n<div  class='avia-image-container av-9n5n476-abdd858af0b208abbb678c0a5669ef2a av-styling- av-img-linked avia_animated_image av-animated-when-visible-95 fade-in avia-align-center  avia-builder-el-15  el_before_av_hr  avia-builder-el-first  noHover av-overlay-on-hover'   itemprop=\"image\" itemscope=\"itemscope\" itemtype=\"https:\/\/schema.org\/ImageObject\" ><div class=\"avia-image-container-inner\"><div class=\"avia-image-overlay-wrap\"><a href=\"https:\/\/www.tuicamper.com\/wp-docker\/wp-content\/uploads\/2023\/04\/Ausblick-auf-den-Baerensee-1030x773.jpg\" data-srcset=\"https:\/\/www.tuicamper.com\/wp-docker\/wp-content\/uploads\/2023\/04\/Ausblick-auf-den-Baerensee-1030x773.jpg 1030w, https:\/\/www.tuicamper.com\/wp-docker\/wp-content\/uploads\/2023\/04\/Ausblick-auf-den-Baerensee-300x225.jpg 300w, https:\/\/www.tuicamper.com\/wp-docker\/wp-content\/uploads\/2023\/04\/Ausblick-auf-den-Baerensee-768x576.jpg 768w, https:\/\/www.tuicamper.com\/wp-docker\/wp-content\/uploads\/2023\/04\/Ausblick-auf-den-Baerensee-705x529.jpg 705w, https:\/\/www.tuicamper.com\/wp-docker\/wp-content\/uploads\/2023\/04\/Ausblick-auf-den-Baerensee.jpg 1280w\" data-sizes=\"(max-width: 1030px) 100vw, 1030px\" class='avia_image '  aria-label='Ausblick auf den B\u00e4rensee'><div class=\"av-image-caption-overlay\"><div class=\"av-caption-image-overlay-bg\"><\/div><div class=\"av-image-caption-overlay-position\"><div class=\"av-image-caption-overlay-center\"><p>Blick auf den B\u00e4rensee<\/p>\n<\/div><\/div><\/div><img decoding=\"async\" fetchpriority=\"high\" class='wp-image-40992 avia-img-lazy-loading-not-40992 avia_image ' src=\"https:\/\/www.tuicamper.com\/wp-docker\/wp-content\/uploads\/2023\/04\/Ausblick-auf-den-Baerensee-1280x630.jpg\" alt='Blick auf den B\u00e4rensee' title='Ausblick auf den B\u00e4rensee'  height=\"630\" width=\"1280\"  itemprop=\"thumbnailUrl\"  \/><\/a><\/div><\/div><\/div>\n\n<style type=\"text\/css\" data-created_by=\"avia_inline_auto\" id=\"style-css-av-967oixu-56bcd756ebf8fbe0cd39f9d974e8fa2b\">\n#top .hr.hr-invisible.av-967oixu-56bcd756ebf8fbe0cd39f9d974e8fa2b{\nheight:25px;\n}\n<\/style>\n<div  class='hr av-967oixu-56bcd756ebf8fbe0cd39f9d974e8fa2b hr-invisible  avia-builder-el-16  el_after_av_image  avia-builder-el-last '><span class='hr-inner '><span class=\"hr-inner-style\"><\/span><\/span><\/div>\n\n<\/div><\/div><\/div><!-- close content main div --><\/div><\/div><div id='av_section_7'  class='avia-section av-v2m1z6-c491c4ac5d272b7bf5ecad4c65de94e2 main_color avia-section-default avia-no-border-styling  avia-builder-el-17  el_after_av_section  el_before_av_section  reduced-content avia-bg-style-scroll container_wrap sidebar_right'  ><div class='container av-section-cont-open' ><div class='template-page content  av-content-small alpha units'><div class='post-entry post-entry-type-page post-entry-39682'><div class='entry-content-wrapper clearfix'>\n\n<style type=\"text\/css\" data-created_by=\"avia_inline_auto\" id=\"style-css-av-84w7wea-9fb4c4783a3f7033622f9953a2f70b18\">\n.flex_column.av-84w7wea-9fb4c4783a3f7033622f9953a2f70b18{\nborder-radius:0px 0px 0px 0px;\npadding:0px 0px 0px 0px;\n}\n<\/style>\n<div  class='flex_column av-84w7wea-9fb4c4783a3f7033622f9953a2f70b18 av_one_full  avia-builder-el-18  avia-builder-el-no-sibling  first flex_column_div av-zero-column-padding  '     ><section  class='av_textblock_section av-lg0jdjdl-8d8da149e99b2755011b3edb005c4763 '   itemscope=\"itemscope\" itemtype=\"https:\/\/schema.org\/BlogPosting\" itemprop=\"blogPost\" ><div class='avia_textblock'  itemprop=\"text\" ><h2>Wanderungen im Rocky Mountain Nationalpark<\/h2>\n<p>Der Rocky Mountain Nationalpark wird von einem dichten Netz an Wanderwegen unterschiedlichster L\u00e4nge und Schwierigkeitsgraden durchzogen. Wir stellen Ihnen einige der sch\u00f6nsten Wanderungen vor.<\/p>\n<ul>\n<li><strong>Bear Lake Trail<\/strong>: Der Bear Lake Trail gilt zurecht als eine der am h\u00e4ufigsten gewanderten Routen im Park. Er ist einfach zu gehen und f\u00fchrt bis zu den benachbarten Seen. Wer auf der Jagd nach noch dramatischeren Panoramen ist, kann dem Bear Lake Trail im Rahmen einer Tageswanderung aber auch bis zum Flattop Mountain folgen.<\/li>\n<li><strong>Emerald Lake Trail<\/strong>: Der rund 5 Kilometer lange Emerald Lake Trail f\u00fchrt Sie in einer moderaten Wanderung rund um den Emerald Lake \u2013 tolle Aussichtspunkte inklusive.<\/li>\n<li><strong>Adams Falls Trail<\/strong>: Wer mit der ganzen Familie unterwegs ist, ist mit dem Adams Falls Trail gut beraten. Die Strecke ist leicht zu bew\u00e4ltigen und bietet sch\u00f6ne Ausblicke auf den Grand Lake. Zudem k\u00f6nnen die imposanten Adams Fall bestaunt werden.<\/li>\n<li><strong>Ute Trail<\/strong>: Der Ute Trail f\u00fchrt vom Alpine Visitor Center mehrere Kilometer durch die traumwandlerisch sch\u00f6ne Landschaft der alpinen Tundra und er\u00f6ffnet immer wieder sagenhafte Panoramablicke auf die umliegende Bergwelt.<\/li>\n<\/ul>\n<p>Tipp: Sie k\u00f6nnen die malerische Landschaft des Rocky Mountain Nationalparks nicht nur zu Fu\u00df erkunden, sondern auch auf dem R\u00fccken eines Pferdes. Gelegenheit dazu bieten Ihnen etwa die <a href=\"https:\/\/www.sombrero.com\/\" target=\"_blank\" rel=\"noopener\">Sombrero Stables<\/a> \u2013 ein Reiterhof in Estes Park.<\/p>\n<\/div><\/section><\/div>\n\n<\/div><\/div><\/div><!-- close content main div --><\/div><\/div><div id='av_section_8'  class='avia-section av-11oxvfm-6ffcfaa690e065e3927c2c9e5a3fd301 main_color avia-section-default avia-no-border-styling  avia-builder-el-20  el_after_av_section  el_before_av_section  magazine-slider-section fullwidth_section avia-bg-style-scroll container_wrap sidebar_right'  ><div class='container av-section-cont-open' ><div class='template-page content  av-content-small alpha units'><div class='post-entry post-entry-type-page post-entry-39682'><div class='entry-content-wrapper clearfix'>\n\n<style type=\"text\/css\" data-created_by=\"avia_inline_auto\" id=\"style-css-av-tasdxe-19fe60d15edf2b7a530801a6d0d5dd24\">\n.flex_column.av-tasdxe-19fe60d15edf2b7a530801a6d0d5dd24{\nborder-radius:0px 0px 0px 0px;\npadding:0px 0px 0px 0px;\n}\n<\/style>\n<div  class='flex_column av-tasdxe-19fe60d15edf2b7a530801a6d0d5dd24 av_one_full  avia-builder-el-21  avia-builder-el-no-sibling  first flex_column_div av-zero-column-padding  '     ><section  class='av_textblock_section av-lg3pvhou-5f65366d9159546feb97bca20d09037d '   itemscope=\"itemscope\" itemtype=\"https:\/\/schema.org\/BlogPosting\" itemprop=\"blogPost\" ><div class='avia_textblock'  itemprop=\"text\" ><div class=\"flex_column av_three_fourth flex_column_div av-zero-column-padding first el_before_av_one_fourth avia-builder-el-first headline-section\">\r\n    <section class=\"av_textblock_section \" itemscope=\"itemscope\"\r\n             itemtype=\"https:\/\/schema.org\/CreativeWork\">\r\n                    <div class=\"avia_textblock\" itemprop=\"text\">\r\n                                    Aus dem TUI Camper Magazin:<br>\r\n                                Spannende Artikel \u00fcber die USA            <\/div>\r\n            <\/section>\r\n<\/div>\r\n<div class=\"flex_column av_one_fourth flex_column_div av-zero-column-padding el_after_av_three_fourth el_before_av_feature_image_slider avia-builder-el-last logo-section\">\r\n    <div class=\"avia-image-container avia-builder-el-no-sibling avia-align-center\"\r\n         itemprop=\"image\" itemscope=\"itemscope\" itemtype=\"https:\/\/schema.org\/ImageObject\">\r\n        <div class=\"avia-image-container-inner\">\r\n            <div class=\"avia-image-overlay-wrap\">\r\n                <a href=\"\/magazin\/\">\r\n                    <img decoding=\"async\" class=\"wp-image-3099 avia-img-lazy-loading-not-3099 avia_image\"\r\n                         src=\"\/wp-docker\/wp-content\/themes\/tuicamper_enfold\/assets\/img\/logo_350-135.png\"\r\n                         alt=\"TUI Camper Magazin\" height=\"69\" width=\"150\"\r\n                         itemprop=\"thumbnailUrl\">\r\n                <\/a>\r\n            <\/div>\r\n        <\/div>\r\n    <\/div>\r\n<\/div>\r\n<div class=\"flex_column av_one_full flex_column_div av-zero-column-padding first el_before_av_textblock avia-builder-el-first\"\r\n     style=\"border-radius:0px;\">\r\n    <div class=\"carousel\">\r\n                    <div class=\"carousel-cell\">\r\n                <a href=\"https:\/\/www.tuicamper.com\/magazin\/sequoia-national-park-camping-tipps\/\">\r\n                    <div class=\"img-container\" style=\"background-image: url('https:\/\/www.tuicamper.com\/wp-docker\/wp-content\/uploads\/2025\/10\/sequoia-header.jpg');\"><\/div>\r\n                    <p>Sequoia National Park: Sehensw\u00fcrdigkeiten, Infos &#038; Camping-Tipps <span class=\"dashicons dashicons-arrow-right-alt2\"><\/span><\/p>\r\n                <\/a>\r\n            <\/div>\r\n                    <div class=\"carousel-cell\">\r\n                <a href=\"https:\/\/www.tuicamper.com\/magazin\/beste-reisezeit-florida\/\">\r\n                    <div class=\"img-container\" style=\"background-image: url('https:\/\/www.tuicamper.com\/wp-docker\/wp-content\/uploads\/2025\/01\/Reisezeit_Florida.jpg');\"><\/div>\r\n                    <p>Beste Reisezeit Florida: Alle Infos &#038; Tipps <span class=\"dashicons dashicons-arrow-right-alt2\"><\/span><\/p>\r\n                <\/a>\r\n            <\/div>\r\n                    <div class=\"carousel-cell\">\r\n                <a href=\"https:\/\/www.tuicamper.com\/magazin\/rocky-mountain-nationalpark\/\">\r\n                    <div class=\"img-container\" style=\"background-image: url('https:\/\/www.tuicamper.com\/wp-docker\/wp-content\/uploads\/2023\/05\/rocky-mountains-colorado.jpg');\"><\/div>\r\n                    <p>Rocky Mountain Nationalpark: Die sch\u00f6nsten Highlights und die besten Tipps <span class=\"dashicons dashicons-arrow-right-alt2\"><\/span><\/p>\r\n                <\/a>\r\n            <\/div>\r\n                    <div class=\"carousel-cell\">\r\n                <a href=\"https:\/\/www.tuicamper.com\/magazin\/everglades-national-park\/\">\r\n                    <div class=\"img-container\" style=\"background-image: url('https:\/\/www.tuicamper.com\/wp-docker\/wp-content\/uploads\/2024\/10\/Everglades_National_Park.jpg');\"><\/div>\r\n                    <p>Everglades National Park: Highlights, Tipps &#038; Campingpl\u00e4tze <span class=\"dashicons dashicons-arrow-right-alt2\"><\/span><\/p>\r\n                <\/a>\r\n            <\/div>\r\n                    <div class=\"carousel-cell\">\r\n                <a href=\"https:\/\/www.tuicamper.com\/magazin\/reiseziele-im-fruehjahr\/\">\r\n                    <div class=\"img-container\" style=\"background-image: url('https:\/\/www.tuicamper.com\/wp-docker\/wp-content\/uploads\/2019\/11\/neuseeland.jpg');\"><\/div>\r\n                    <p>Die 5 sch\u00f6nsten Reiseziele mit dem Camper im Fr\u00fchjahr <span class=\"dashicons dashicons-arrow-right-alt2\"><\/span><\/p>\r\n                <\/a>\r\n            <\/div>\r\n                    <div class=\"carousel-cell\">\r\n                <a href=\"https:\/\/www.tuicamper.com\/magazin\/burning-man-festival\/\">\r\n                    <div class=\"img-container\" style=\"background-image: url('https:\/\/www.tuicamper.com\/wp-docker\/wp-content\/uploads\/2019\/04\/burning-man-festival.jpg');\"><\/div>\r\n                    <p>Burning Man \u2013 Mit dem Wohnmobil zum verr\u00fccktesten Festival der Welt! <span class=\"dashicons dashicons-arrow-right-alt2\"><\/span><\/p>\r\n                <\/a>\r\n            <\/div>\r\n            <\/div>\r\n<\/div>\n<\/div><\/section><\/div>\n\n<div id='av_section_9'  class='avia-section av-7h1g9fm-02a7d75d379fbc21e24e5381e536fbe6 main_color avia-section-default avia-no-border-styling  avia-builder-el-0  el_before_av_textblock  avia-builder-el-first  reduced-content avia-bg-style-scroll container_wrap sidebar_right'  ><div class='container av-section-cont-open' ><main  role=\"main\" itemprop=\"mainContentOfPage\"  class='template-page content  av-content-small alpha units'><div class='post-entry post-entry-type-page post-entry-39682'><div class='entry-content-wrapper clearfix'>\n\n<style type=\"text\/css\" data-created_by=\"avia_inline_auto\" id=\"style-css-av-q3n5j6-d964199aa6091e2b65986f6940baecc3\">\n.flex_column.av-q3n5j6-d964199aa6091e2b65986f6940baecc3{\nborder-radius:0px 0px 0px 0px;\npadding:0px 0px 0px 0px;\n}\n<\/style>\n<div  class='flex_column av-q3n5j6-d964199aa6091e2b65986f6940baecc3 av_one_full  avia-builder-el-1  avia-builder-el-no-sibling  first flex_column_div av-zero-column-padding  '     ><section  class='av_textblock_section av-lg0jeh9j-202e76a0c54fb2cf21ce4a9042bfe928 '   itemscope=\"itemscope\" itemtype=\"https:\/\/schema.org\/BlogPosting\" itemprop=\"blogPost\" ><div class='avia_textblock'  itemprop=\"text\" ><h2>Camping im Nationalpark: Diese M\u00f6glichkeiten haben Sie<\/h2>\n<p>Innerhalb des Nationalparks stehen Ihnen verschiedene Campingpl\u00e4tze zur Verf\u00fcgung. F\u00fcr Wohnmobile eignen sich insbesondere:<\/p>\n<ul>\n<li>Aspenglen Campground<\/li>\n<li>Glacier Basin Campground<\/li>\n<li>Moraine Park Campground<\/li>\n<li>Timber Creek Campground<\/li>\n<\/ul>\n<p>Mehr Informationen zu \u00d6ffnungszeiten, Preisen und Ausstattung finden Sie auf der offiziellen <a href=\"https:\/\/www.nps.gov\/romo\/planyourvisit\/camping.htm\" target=\"_blank\" rel=\"noopener\">Seite der Parkverwaltung<\/a>.<\/p>\n<\/div><\/section><\/div>\n<\/div><\/div><\/main><!-- close content main element --><\/div><\/div><div id='after_section_9'  class='main_color av_default_container_wrap container_wrap sidebar_right'  ><div class='container av-section-cont-open' ><div class='template-page content  av-content-small alpha units'><div class='post-entry post-entry-type-page post-entry-39682'><div class='entry-content-wrapper clearfix'>\n<\/div><\/div><\/div><!-- close content main div --><\/div><\/div><div id='av_section_10'  class='avia-section av-58opgiq-d1a04386cdddb2b76feb26078a4c1d89 main_color avia-section-default avia-no-border-styling  reduced-content avia-bg-style-scroll container_wrap sidebar_right'  ><div class='container av-section-cont-open' ><div class='template-page content  av-content-small alpha units'><div class='post-entry post-entry-type-page post-entry-39682'><div class='entry-content-wrapper clearfix'>\n\n<style type=\"text\/css\" data-created_by=\"avia_inline_auto\" id=\"style-css-av-4qunlr6-a6f8304545eabfcc24692cc8e31053d8\">\n.avia-image-container.av-4qunlr6-a6f8304545eabfcc24692cc8e31053d8 img.avia_image{\nbox-shadow:none;\n}\n.avia-image-container.av-4qunlr6-a6f8304545eabfcc24692cc8e31053d8 .av-caption-image-overlay-bg{\nopacity:0.4;\nbackground-color:#000000;\n}\n.avia-image-container.av-4qunlr6-a6f8304545eabfcc24692cc8e31053d8 .av-image-caption-overlay-center{\ncolor:#ffffff;\n}\n<\/style>\n<div  class='avia-image-container av-4qunlr6-a6f8304545eabfcc24692cc8e31053d8 av-styling- av-img-linked avia_animated_image av-animated-when-visible-95 fade-in avia-align-center noHover av-overlay-on-hover'   itemprop=\"image\" itemscope=\"itemscope\" itemtype=\"https:\/\/schema.org\/ImageObject\" ><div class=\"avia-image-container-inner\"><div class=\"avia-image-overlay-wrap\"><a href=\"https:\/\/www.tuicamper.com\/wp-docker\/wp-content\/uploads\/2023\/04\/Estes-park-kirche-1030x684.jpg\" data-srcset=\"https:\/\/www.tuicamper.com\/wp-docker\/wp-content\/uploads\/2023\/04\/Estes-park-kirche-1030x684.jpg 1030w, https:\/\/www.tuicamper.com\/wp-docker\/wp-content\/uploads\/2023\/04\/Estes-park-kirche-300x199.jpg 300w, https:\/\/www.tuicamper.com\/wp-docker\/wp-content\/uploads\/2023\/04\/Estes-park-kirche-768x510.jpg 768w, https:\/\/www.tuicamper.com\/wp-docker\/wp-content\/uploads\/2023\/04\/Estes-park-kirche-705x468.jpg 705w, https:\/\/www.tuicamper.com\/wp-docker\/wp-content\/uploads\/2023\/04\/Estes-park-kirche.jpg 1280w\" data-sizes=\"(max-width: 1030px) 100vw, 1030px\" class='avia_image '  aria-label='Estes park kirche'><div class=\"av-image-caption-overlay\"><div class=\"av-caption-image-overlay-bg\"><\/div><div class=\"av-image-caption-overlay-position\"><div class=\"av-image-caption-overlay-center\"><p>Aussicht Estes Park<\/p>\n<\/div><\/div><\/div><img decoding=\"async\" fetchpriority=\"high\" class='wp-image-40299 avia-img-lazy-loading-not-40299 avia_image ' src=\"https:\/\/www.tuicamper.com\/wp-docker\/wp-content\/uploads\/2023\/04\/Estes-park-kirche-1280x630.jpg\" alt='Kirche im Estes park' title='Estes park kirche'  height=\"630\" width=\"1280\"  itemprop=\"thumbnailUrl\"  \/><\/a><\/div><\/div><\/div>\n\n<style type=\"text\/css\" data-created_by=\"avia_inline_auto\" id=\"style-css-av-4jzea82-04204fa038eaf051582dfe71af3afde9\">\n#top .hr.hr-invisible.av-4jzea82-04204fa038eaf051582dfe71af3afde9{\nheight:25px;\n}\n<\/style>\n<div  class='hr av-4jzea82-04204fa038eaf051582dfe71af3afde9 hr-invisible'><span class='hr-inner '><span class=\"hr-inner-style\"><\/span><\/span><\/div>\n<\/div><\/div><\/div><!-- close content main div --><\/div><\/div><div id='after_section_10'  class='main_color av_default_container_wrap container_wrap sidebar_right'  ><div class='container av-section-cont-open' ><div class='template-page content  av-content-small alpha units'><div class='post-entry post-entry-type-page post-entry-39682'><div class='entry-content-wrapper clearfix'>\n<\/div><\/div><\/div><!-- close content main div --><\/div><\/div><div id='av_section_11'  class='avia-section av-32ibate-ab13b49c1d03ec4a91b00f3655f80a62 main_color avia-section-default avia-no-border-styling  reduced-content avia-bg-style-scroll container_wrap sidebar_right'  ><div class='container av-section-cont-open' ><div class='template-page content  av-content-small alpha units'><div class='post-entry post-entry-type-page post-entry-39682'><div class='entry-content-wrapper clearfix'>\n\n<style type=\"text\/css\" data-created_by=\"avia_inline_auto\" id=\"style-css-av-2fvnvs2-fc6054458e0bd57206b1636a45600ec8\">\n.flex_column.av-2fvnvs2-fc6054458e0bd57206b1636a45600ec8{\nborder-radius:0px 0px 0px 0px;\npadding:0px 0px 0px 0px;\n}\n<\/style>\n<div  class='flex_column av-2fvnvs2-fc6054458e0bd57206b1636a45600ec8 av_one_full first flex_column_div av-zero-column-padding  '     ><section  class='av_textblock_section av-lg0jevcg-c400ab9d24613001183266843b884a08 '   itemscope=\"itemscope\" itemtype=\"https:\/\/schema.org\/BlogPosting\" itemprop=\"blogPost\" ><div class='avia_textblock'  itemprop=\"text\" ><h2>Die beste Reisezeit<\/h2>\n<p>Zwar ist der Rocky Mountain Nationalpark das gesamte Jahr \u00fcber ge\u00f6ffnet. Als beste Reisezeit gelten allerdings die Sommermonate von Juni bis September. Im Herbst und Winter sind einige Stra\u00dfen und Routen nicht passierbar. Zudem ist es im Winter empfindlich kalt, was l\u00e4ngere Wanderungen schwierig macht.<\/p>\n<p>M\u00f6chten Sie die Brunftzeit der Wapiti-Hirsche erleben, sollten Sie den Nationalpark dagegen zwischen Ende August und Mitte Oktober bereisen. Zudem sorgt das goldgelb leuchtende Bl\u00e4tterdach der Espen im Herbst f\u00fcr ein noch sch\u00f6neres Panorama.<\/p>\n<\/div><\/section><\/div>\n<\/div><\/div><\/div><!-- close content main div --><\/div><\/div><div id='after_section_11'  class='main_color av_default_container_wrap container_wrap sidebar_right'  ><div class='container av-section-cont-open' ><div class='template-page content  av-content-small alpha units'><div class='post-entry post-entry-type-page post-entry-39682'><div class='entry-content-wrapper clearfix'>\n<\/div><\/div><\/div><!-- close content main div --><\/div><\/div><div id='av_section_12'  class='avia-section av-22esgpu-3356cf278759e9a8a43d6336861b2848 main_color avia-section-default avia-no-border-styling  avia-builder-el-4  el_after_av_textblock  el_before_av_section  reduced-content avia-bg-style-scroll container_wrap sidebar_right'  ><div class='container av-section-cont-open' ><div class='template-page content  av-content-small alpha units'><div class='post-entry post-entry-type-page post-entry-39682'><div class='entry-content-wrapper clearfix'>\n<div  class='avia-button-wrap av-1mlbcle-bde1ae35fca3231c3e2833a60b163ccb-wrap avia-button-center '><a href='https:\/\/www.tuicamper.com\/reiseziele\/nordamerika\/usa\/'  class='avia-button av-1mlbcle-bde1ae35fca3231c3e2833a60b163ccb av-link-btn avia-icon_select-yes-right-icon avia-size-large avia-position-center avia-color-theme-color'   aria-label=\"Jetzt Wohnmobil mieten f\u00fcr die USA\"><span class='avia_iconbox_title' >Jetzt Wohnmobil mieten f\u00fcr die USA<\/span><span class='avia_button_icon avia_button_icon_right avia-iconfont avia-font-entypo-fontello' data-av_icon='\ue875' data-av_iconfont='entypo-fontello' ><\/span><\/a><\/div>\n\n<style type=\"text\/css\" data-created_by=\"avia_inline_auto\" id=\"style-css-av-18jwh5u-d9f16922ccf6692e2a372f4d782f154d\">\n.flex_column.av-18jwh5u-d9f16922ccf6692e2a372f4d782f154d{\nborder-radius:0px 0px 0px 0px;\npadding:0px 0px 0px 0px;\n}\n<\/style>\n<div  class='flex_column av-18jwh5u-d9f16922ccf6692e2a372f4d782f154d av_one_full first flex_column_div av-zero-column-padding  '     ><style type=\"text\/css\" data-created_by=\"avia_inline_auto\" id=\"style-css-av-lg0jfcw3-61d37ecb32c798f49068d4780f134dbc\">\n#top .av_textblock_section.av-lg0jfcw3-61d37ecb32c798f49068d4780f134dbc .avia_textblock{\nfont-size:28px;\n}\n<\/style>\n<section  class='av_textblock_section av-lg0jfcw3-61d37ecb32c798f49068d4780f134dbc '   itemscope=\"itemscope\" itemtype=\"https:\/\/schema.org\/BlogPosting\" itemprop=\"blogPost\" ><div class='avia_textblock'  itemprop=\"text\" ><p>Ihr TUI CAMPER-Team w\u00fcnscht Ihnen eine unvergessliche Zeit im Rocky Mountain Nationalpark!<\/p>\n<\/div><\/section><\/div><div  class='av-social-sharing-box av-oag6si-3c4fe1a26caa892447211ade58057ef7 av-social-sharing-box-default av-social-sharing-box-fullwidth'><div class=\"av-share-box\"><ul class=\"av-share-box-list noLightbox\"><li class='av-share-link av-social-link-facebook avia_social_iconfont' ><a target=\"_blank\" aria-label=\"Teilen auf Facebook\" href='https:\/\/www.facebook.com\/sharer.php?u=https:\/\/www.tuicamper.com\/magazin\/burning-man-festival\/&#038;t=Burning%20Man%20%E2%80%93%20Mit%20dem%20Wohnmobil%20zum%20verr%C3%BCcktesten%20Festival%20der%20Welt%21' data-av_icon='\ue8f3' data-av_iconfont='entypo-fontello'  title='' data-avia-related-tooltip='Teilen auf Facebook'><span class='avia_hidden_link_text'>Teilen auf Facebook<\/span><\/a><\/li><li class='av-share-link av-social-link-twitter avia_social_iconfont' ><a target=\"_blank\" aria-label=\"Teilen auf X\" href='https:\/\/twitter.com\/share?text=Burning%20Man%20%E2%80%93%20Mit%20dem%20Wohnmobil%20zum%20verr%C3%BCcktesten%20Festival%20der%20Welt%21&#038;url=https:\/\/www.tuicamper.com\/magazin\/burning-man-festival\/' data-av_icon='\ue932' data-av_iconfont='entypo-fontello'  title='' data-avia-related-tooltip='Teilen auf X'><span class='avia_hidden_link_text'>Teilen auf X<\/span><\/a><\/li><li class='av-share-link av-social-link-whatsapp avia_social_iconfont' ><a target=\"_blank\" aria-label=\"Teilen auf WhatsApp\" href='https:\/\/api.whatsapp.com\/send?text=https:\/\/www.tuicamper.com\/magazin\/burning-man-festival\/' data-av_icon='\uf232' data-av_iconfont='entypo-fontello'  title='' data-avia-related-tooltip='Teilen auf WhatsApp'><span class='avia_hidden_link_text'>Teilen auf WhatsApp<\/span><\/a><\/li><li class='av-share-link av-social-link-pinterest avia_social_iconfont' ><a target=\"_blank\" aria-label=\"Teilen auf Pinterest\" href='https:\/\/pinterest.com\/pin\/create\/button\/?url=https%3A%2F%2Fwww.tuicamper.com%2Fmagazin%2Fburning-man-festival%2F&#038;description=Burning%20Man%20%E2%80%93%20Mit%20dem%20Wohnmobil%20zum%20verr%C3%BCcktesten%20Festival%20der%20Welt%21&#038;media=https%3A%2F%2Fwww.tuicamper.com%2Fwp-docker%2Fwp-content%2Fuploads%2F2019%2F04%2Fburning-man-festival-705x269.jpg' data-av_icon='\ue8f8' data-av_iconfont='entypo-fontello'  title='' data-avia-related-tooltip='Teilen auf Pinterest'><span class='avia_hidden_link_text'>Teilen auf Pinterest<\/span><\/a><\/li><li class='av-share-link av-social-link-mail avia_social_iconfont' ><a  aria-label=\"Per E-Mail teilen\" href='mailto:?subject=Burning%20Man%20%E2%80%93%20Mit%20dem%20Wohnmobil%20zum%20verr%C3%BCcktesten%20Festival%20der%20Welt%21&#038;body=https:\/\/www.tuicamper.com\/magazin\/burning-man-festival\/' data-av_icon='\ue805' data-av_iconfont='entypo-fontello'  title='' data-avia-related-tooltip='Per E-Mail teilen'><span class='avia_hidden_link_text'>Per E-Mail teilen<\/span><\/a><\/li><\/ul><\/div><\/div>\n\n","protected":false},"excerpt":{"rendered":"<p>Atemberaubende Gebirgslandschaften, funkelnde Bergseen, r\u00f6hrende Hirsche, tolle Panoramen: Lernen Sie die Highlights des Rocky Mountain Nationalparks kennen!<\/p>\n","protected":false},"author":12,"featured_media":42995,"comment_status":"open","ping_status":"open","sticky":false,"template":"","format":"standard","meta":{"footnotes":""},"categories":[33],"tags":[50,22],"class_list":["post-39682","post","type-post","status-publish","format-standard","has-post-thumbnail","hentry","category-reisethema","tag-natur","tag-usa"],"yoast_head":"<!-- This site is optimized with the Yoast SEO plugin v27.4 - https:\/\/yoast.com\/product\/yoast-seo-wordpress\/ -->\n<title>Rocky Mountain Nationalpark: Die sch\u00f6nsten Highlights - TUI Camper<\/title>\n<meta name=\"description\" content=\"Atemberaubende Gebirgslandschaften, funkelnde Bergseen, r\u00f6hrende Hirsche, tolle Panoramen: Lernen Sie die Highlights des Rocky Mountain Nationalparks kennen!\" \/>\n<meta name=\"robots\" content=\"index, follow, max-snippet:-1, max-image-preview:large, max-video-preview:-1\" \/>\n<link rel=\"canonical\" href=\"https:\/\/www.tuicamper.com\/magazin\/rocky-mountain-nationalpark\/\" \/>\n<meta property=\"og:locale\" content=\"de_DE\" \/>\n<meta property=\"og:type\" content=\"article\" \/>\n<meta property=\"og:title\" content=\"Rocky Mountain Nationalpark: Die sch\u00f6nsten Highlights - TUI Camper\" \/>\n<meta property=\"og:description\" content=\"Atemberaubende Gebirgslandschaften, funkelnde Bergseen, r\u00f6hrende Hirsche, tolle Panoramen: Lernen Sie die Highlights des Rocky Mountain Nationalparks kennen!\" \/>\n<meta property=\"og:url\" content=\"https:\/\/www.tuicamper.com\/magazin\/rocky-mountain-nationalpark\/\" \/>\n<meta property=\"og:site_name\" content=\"TUI Camper Magazin\" \/>\n<meta property=\"article:published_time\" content=\"2023-05-04T09:58:06+00:00\" \/>\n<meta property=\"article:modified_time\" content=\"2026-02-12T16:54:01+00:00\" \/>\n<meta property=\"og:image\" content=\"https:\/\/www.tuicamper.com\/wp-docker\/wp-content\/uploads\/2023\/05\/rocky-mountains-colorado.jpg\" \/>\n\t<meta property=\"og:image:width\" content=\"1236\" \/>\n\t<meta property=\"og:image:height\" content=\"475\" \/>\n\t<meta property=\"og:image:type\" content=\"image\/jpeg\" \/>\n<meta name=\"author\" content=\"Rawad\" \/>\n<meta name=\"twitter:card\" content=\"summary_large_image\" \/>\n<meta name=\"twitter:label1\" content=\"Verfasst von\" \/>\n\t<meta name=\"twitter:data1\" content=\"Rawad\" \/>\n\t<meta name=\"twitter:label2\" content=\"Gesch\u00e4tzte Lesezeit\" \/>\n\t<meta name=\"twitter:data2\" content=\"7\u00a0Minuten\" \/>\n<!-- \/ Yoast SEO plugin. -->","yoast_head_json":{"title":"Rocky Mountain Nationalpark: Die sch\u00f6nsten Highlights - TUI Camper","description":"Atemberaubende Gebirgslandschaften, funkelnde Bergseen, r\u00f6hrende Hirsche, tolle Panoramen: Lernen Sie die Highlights des Rocky Mountain Nationalparks kennen!","robots":{"index":"index","follow":"follow","max-snippet":"max-snippet:-1","max-image-preview":"max-image-preview:large","max-video-preview":"max-video-preview:-1"},"canonical":"https:\/\/www.tuicamper.com\/magazin\/rocky-mountain-nationalpark\/","og_locale":"de_DE","og_type":"article","og_title":"Rocky Mountain Nationalpark: Die sch\u00f6nsten Highlights - TUI Camper","og_description":"Atemberaubende Gebirgslandschaften, funkelnde Bergseen, r\u00f6hrende Hirsche, tolle Panoramen: Lernen Sie die Highlights des Rocky Mountain Nationalparks kennen!","og_url":"https:\/\/www.tuicamper.com\/magazin\/rocky-mountain-nationalpark\/","og_site_name":"TUI Camper Magazin","article_published_time":"2023-05-04T09:58:06+00:00","article_modified_time":"2026-02-12T16:54:01+00:00","og_image":[{"width":1236,"height":475,"url":"https:\/\/www.tuicamper.com\/wp-docker\/wp-content\/uploads\/2023\/05\/rocky-mountains-colorado.jpg","type":"image\/jpeg"}],"author":"Rawad","twitter_card":"summary_large_image","twitter_misc":{"Verfasst von":"Rawad","Gesch\u00e4tzte Lesezeit":"7\u00a0Minuten"},"schema":{"@context":"https:\/\/schema.org","@graph":[{"@type":"Article","@id":"https:\/\/www.tuicamper.com\/magazin\/rocky-mountain-nationalpark\/#article","isPartOf":{"@id":"https:\/\/www.tuicamper.com\/magazin\/rocky-mountain-nationalpark\/"},"author":{"name":"Rawad","@id":"https:\/\/www.tuicamper.com\/wp-docker\/#\/schema\/person\/42eabd3a2c2b6f1764fc557047e68836"},"headline":"Rocky Mountain Nationalpark: Die sch\u00f6nsten Highlights und die besten Tipps","datePublished":"2023-05-04T09:58:06+00:00","dateModified":"2026-02-12T16:54:01+00:00","mainEntityOfPage":{"@id":"https:\/\/www.tuicamper.com\/magazin\/rocky-mountain-nationalpark\/"},"wordCount":4366,"commentCount":0,"image":{"@id":"https:\/\/www.tuicamper.com\/magazin\/rocky-mountain-nationalpark\/#primaryimage"},"thumbnailUrl":"https:\/\/www.tuicamper.com\/wp-docker\/wp-content\/uploads\/2023\/05\/rocky-mountains-colorado.jpg","keywords":["Natur","USA"],"articleSection":["Reisethema"],"inLanguage":"de","potentialAction":[{"@type":"CommentAction","name":"Comment","target":["https:\/\/www.tuicamper.com\/magazin\/rocky-mountain-nationalpark\/#respond"]}]},{"@type":"WebPage","@id":"https:\/\/www.tuicamper.com\/magazin\/rocky-mountain-nationalpark\/","url":"https:\/\/www.tuicamper.com\/magazin\/rocky-mountain-nationalpark\/","name":"Rocky Mountain Nationalpark: Die sch\u00f6nsten Highlights - TUI Camper","isPartOf":{"@id":"https:\/\/www.tuicamper.com\/#website"},"primaryImageOfPage":{"@id":"https:\/\/www.tuicamper.com\/magazin\/rocky-mountain-nationalpark\/#primaryimage"},"image":{"@id":"https:\/\/www.tuicamper.com\/magazin\/rocky-mountain-nationalpark\/#primaryimage"},"thumbnailUrl":"https:\/\/www.tuicamper.com\/wp-content\/uploads\/2023\/05\/rocky-mountains-colorado.jpg","datePublished":"2023-05-04T09:58:06+00:00","dateModified":"2026-02-12T16:54:01+00:00","author":{"@id":"https:\/\/www.tuicamper.com\/#\/schema\/person\/42eabd3a2c2b6f1764fc557047e68836"},"description":"Atemberaubende Gebirgslandschaften, funkelnde Bergseen, r\u00f6hrende Hirsche, tolle Panoramen: Lernen Sie die Highlights des Rocky Mountain Nationalparks kennen!","breadcrumb":{"@id":"https:\/\/www.tuicamper.com\/magazin\/rocky-mountain-nationalpark\/#breadcrumb"},"inLanguage":"de","potentialAction":["Array"]},{"@type":"ImageObject","inLanguage":"de","@id":"https:\/\/www.tuicamper.com\/magazin\/rocky-mountain-nationalpark\/#primaryimage","url":"https:\/\/www.tuicamper.com\/wp-docker\/wp-content\/uploads\/2023\/05\/rocky-mountains-colorado.jpg","contentUrl":"https:\/\/www.tuicamper.com\/wp-docker\/wp-content\/uploads\/2023\/05\/rocky-mountains-colorado.jpg","width":1236,"height":475,"caption":"Rocky Mountains Colorado"},{"@type":"BreadcrumbList","@id":"https:\/\/www.tuicamper.com\/magazin\/rocky-mountain-nationalpark\/#breadcrumb","itemListElement":[{"@type":"ListItem","position":1,"name":"Startseite","item":"https:\/\/www.tuicamper.com\/wp-docker\/"},{"@type":"ListItem","position":2,"name":"Rocky Mountain Nationalpark: Die sch\u00f6nsten Highlights und die besten Tipps"}]},{"@type":"WebSite","@id":"https:\/\/www.tuicamper.com\/#website","url":"https:\/\/www.tuicamper.com\/","name":"TUI Camper Magazin","description":"","potentialAction":["Array"],"inLanguage":"de"},{"@type":"Person","@id":"https:\/\/www.tuicamper.com\/wp-docker\/#\/schema\/person\/42eabd3a2c2b6f1764fc557047e68836","name":"Rawad","image":{"@type":"ImageObject","inLanguage":"de","@id":"https:\/\/secure.gravatar.com\/avatar\/ec96af0d1682109d522d819499c10cecd4749e1a3ba95d0491d76a9a43a0bb43?s=96&d=mm&r=g","url":"https:\/\/secure.gravatar.com\/avatar\/ec96af0d1682109d522d819499c10cecd4749e1a3ba95d0491d76a9a43a0bb43?s=96&d=mm&r=g","contentUrl":"https:\/\/secure.gravatar.com\/avatar\/ec96af0d1682109d522d819499c10cecd4749e1a3ba95d0491d76a9a43a0bb43?s=96&d=mm&r=g","caption":"Rawad"},"url":"https:\/\/www.tuicamper.com\/wp-docker\/magazin\/author\/rawad\/"}]}},"_links":{"self":[{"href":"https:\/\/www.tuicamper.com\/wp-docker\/wp-json\/wp\/v2\/posts\/39682","targetHints":{"allow":["GET"]}}],"collection":[{"href":"https:\/\/www.tuicamper.com\/wp-docker\/wp-json\/wp\/v2\/posts"}],"about":[{"href":"https:\/\/www.tuicamper.com\/wp-docker\/wp-json\/wp\/v2\/types\/post"}],"author":[{"embeddable":true,"href":"https:\/\/www.tuicamper.com\/wp-docker\/wp-json\/wp\/v2\/users\/12"}],"replies":[{"embeddable":true,"href":"https:\/\/www.tuicamper.com\/wp-docker\/wp-json\/wp\/v2\/comments?post=39682"}],"version-history":[{"count":15,"href":"https:\/\/www.tuicamper.com\/wp-docker\/wp-json\/wp\/v2\/posts\/39682\/revisions"}],"predecessor-version":[{"id":123270,"href":"https:\/\/www.tuicamper.com\/wp-docker\/wp-json\/wp\/v2\/posts\/39682\/revisions\/123270"}],"wp:featuredmedia":[{"embeddable":true,"href":"https:\/\/www.tuicamper.com\/wp-docker\/wp-json\/wp\/v2\/media\/42995"}],"wp:attachment":[{"href":"https:\/\/www.tuicamper.com\/wp-docker\/wp-json\/wp\/v2\/media?parent=39682"}],"wp:term":[{"taxonomy":"category","embeddable":true,"href":"https:\/\/www.tuicamper.com\/wp-docker\/wp-json\/wp\/v2\/categories?post=39682"},{"taxonomy":"post_tag","embeddable":true,"href":"https:\/\/www.tuicamper.com\/wp-docker\/wp-json\/wp\/v2\/tags?post=39682"}],"curies":[{"name":"wp","href":"https:\/\/api.w.org\/{rel}","templated":true}]}}