{"id":3832,"date":"2019-08-28T13:11:27","date_gmt":"2019-08-28T11:11:27","guid":{"rendered":"https:\/\/www.tuicamper.com\/wp-docker\/?p=3832"},"modified":"2022-12-02T12:00:46","modified_gmt":"2022-12-02T11:00:46","slug":"camper-reiseziele-im-herbst","status":"publish","type":"post","link":"https:\/\/www.tuicamper.com\/magazin\/camper-reiseziele-im-herbst\/","title":{"rendered":"Die 5 sch\u00f6nsten Reiseziele mit dem Camper im Herbst"},"content":{"rendered":"<div id='av_section_1'  class='avia-section av-jt5vrdgv-4386718e65b314e69682ca60ae604601 main_color avia-section-default avia-no-border-styling  avia-builder-el-0  el_before_av_textblock  avia-builder-el-first  reduced-content avia-bg-style-scroll container_wrap sidebar_right'  ><div class='container av-section-cont-open' ><main  role=\"main\" itemprop=\"mainContentOfPage\"  class='template-page content  av-content-small alpha units'><div class='post-entry post-entry-type-page post-entry-3832'><div class='entry-content-wrapper clearfix'>\n\n<style type=\"text\/css\" data-created_by=\"avia_inline_auto\" id=\"style-css-av-1g5aou-6e8505d9de1136ce38f66b0d0e5d2a36\">\n.flex_column.av-1g5aou-6e8505d9de1136ce38f66b0d0e5d2a36{\nborder-radius:0px 0px 0px 0px;\npadding:0px 0px 0px 0px;\n}\n<\/style>\n<div  class='flex_column av-1g5aou-6e8505d9de1136ce38f66b0d0e5d2a36 av_one_full  avia-builder-el-1  avia-builder-el-no-sibling  first flex_column_div av-zero-column-padding  '     ><section  class='av_textblock_section av-jt5tjyk0-1e04ddf86ca9bd8201b4b17bbb4a6491 '   itemscope=\"itemscope\" itemtype=\"https:\/\/schema.org\/BlogPosting\" itemprop=\"blogPost\" ><div class='avia_textblock'  itemprop=\"text\" ><p>Vom bunten Bl\u00e4ttermeer Neuenglands bis hin zu den goldenen Sandstr\u00e4nden der Algarve: Einige Destinationen zeigen sich erst im Herbst von ihrer sch\u00f6nsten Seite. Wir stellen Ihnen f\u00fcnf Reiseziele rund um den Globus vor, die f\u00fcr eine herbstliche Camper-Tour geradezu pr\u00e4destiniert sind.<\/p>\n<\/div><\/section><\/div>\n<\/div><\/div><\/main><!-- close content main element --><\/div><\/div><div id='after_section_1'  class='main_color av_default_container_wrap container_wrap sidebar_right'  ><div class='container av-section-cont-open' ><div class='template-page content  av-content-small alpha units'><div class='post-entry post-entry-type-page post-entry-3832'><div class='entry-content-wrapper clearfix'>\n<section  class='av_textblock_section av-jtpqpty6-550c066a997ebaf648fccc87d0b9ff16 '   itemscope=\"itemscope\" itemtype=\"https:\/\/schema.org\/BlogPosting\" itemprop=\"blogPost\" ><div class='avia_textblock'  itemprop=\"text\" >\n<\/div><\/section>\n<\/div><\/div><\/div><!-- close content main div --><\/div><\/div><div id='av_section_2'  class='avia-section av-jt5vrdgv-4386718e65b314e69682ca60ae604601 main_color avia-section-default avia-no-border-styling  avia-builder-el-4  el_after_av_textblock  el_before_av_section  reduced-content avia-bg-style-scroll container_wrap sidebar_right'  ><div class='container av-section-cont-open' ><div class='template-page content  av-content-small alpha units'><div class='post-entry post-entry-type-page post-entry-3832'><div class='entry-content-wrapper clearfix'>\n<section  class='av_textblock_section av-jt5tjyk0-1e04ddf86ca9bd8201b4b17bbb4a6491 '   itemscope=\"itemscope\" itemtype=\"https:\/\/schema.org\/BlogPosting\" itemprop=\"blogPost\" ><div class='avia_textblock'  itemprop=\"text\" ><div id=\"js-table-of-contents\">\r\n    <strong>Inhaltsverzeichnis<\/strong>\r\n<\/div>\n<\/div><\/section>\n\n<\/div><\/div><\/div><!-- close content main div --><\/div><\/div><div id='av_section_3'  class='avia-section av-jt5vrdgv-4386718e65b314e69682ca60ae604601 main_color avia-section-default avia-no-border-styling  avia-builder-el-6  el_after_av_section  el_before_av_section  reduced-content avia-bg-style-scroll container_wrap sidebar_right'  ><div class='container av-section-cont-open' ><div class='template-page content  av-content-small alpha units'><div class='post-entry post-entry-type-page post-entry-3832'><div class='entry-content-wrapper clearfix'>\n\n<style type=\"text\/css\" data-created_by=\"avia_inline_auto\" id=\"style-css-av-1g5aou-6e8505d9de1136ce38f66b0d0e5d2a36\">\n.flex_column.av-1g5aou-6e8505d9de1136ce38f66b0d0e5d2a36{\nborder-radius:0px 0px 0px 0px;\npadding:0px 0px 0px 0px;\n}\n<\/style>\n<div  class='flex_column av-1g5aou-6e8505d9de1136ce38f66b0d0e5d2a36 av_one_full  avia-builder-el-7  el_before_av_button  avia-builder-el-first  first flex_column_div av-zero-column-padding  '     ><section  class='av_textblock_section av-jt5tjyk0-1e04ddf86ca9bd8201b4b17bbb4a6491 '   itemscope=\"itemscope\" itemtype=\"https:\/\/schema.org\/BlogPosting\" itemprop=\"blogPost\" ><div class='avia_textblock'  itemprop=\"text\" ><h2>1.) Indian Summer in Neuengland erleben<\/h2>\n<p>Ein Traum in Gelb, Orange und Rot: Nirgendwo sonst zeigt sich der Herbst in so leuchtenden Farben wie in Neuengland. Ab Ende September verwandeln sich die Laub- und Mischw\u00e4lder von Vermont, Maine, Massachusetts, New Hampshire, Connecticut und Rhode Island in ein buntes Farbenmeer, das Touristen aus aller Welt anzieht. Bekannt ist dieses Spektakel gemeinhin als \u201eIndian Summer\u201c. Doch Indian Summer ist nicht gleich Indian Summer. Jeder Bundestaat Neuenglands vermag im Herbst ganz eigene Akzente zu setzen.<\/p>\n<\/div><\/section><br \/>\n\n<style type=\"text\/css\" data-created_by=\"avia_inline_auto\" id=\"style-css-av-jwj918c3-315e0fede61d05e0c478b80905e3cec5\">\n#top .hr.hr-invisible.av-jwj918c3-315e0fede61d05e0c478b80905e3cec5{\nheight:25px;\n}\n<\/style>\n<div  class='hr av-jwj918c3-315e0fede61d05e0c478b80905e3cec5 hr-invisible  avia-builder-el-9  el_after_av_textblock  el_before_av_horizontal_gallery  avia-builder-el-last '><span class='hr-inner '><span class=\"hr-inner-style\"><\/span><\/span><\/div><br \/>\n\n<style type=\"text\/css\" data-created_by=\"avia_inline_auto\" id=\"style-css-av-jztwf4fg-6ce934cadaa432c4b4ea086ab149f938\">\n.av-horizontal-gallery.av-jztwf4fg-6ce934cadaa432c4b4ea086ab149f938 .av-horizontal-gallery-inner{\npadding-bottom:50%;\n}\n<\/style>\n<div  class='av-horizontal-gallery av-jztwf4fg-6ce934cadaa432c4b4ea086ab149f938 av-horizontal-gallery-large-gap av-horizontal-gallery--effect  avia-builder-el-10  el_after_av_hr  el_before_av_hr  av-slideshow-ui av-control-default av-slideshow-manual av-loop-once av-loop-manual-endless av-horizontal-gallery-1' data-slideshow-data=\"{&quot;animation&quot;:&quot;slide&quot;,&quot;autoplay&quot;:false,&quot;loop_autoplay&quot;:&quot;once&quot;,&quot;interval&quot;:5,&quot;loop_manual&quot;:&quot;manual-endless&quot;,&quot;autoplay_stopper&quot;:false,&quot;noNavigation&quot;:false,&quot;bg_slider&quot;:false,&quot;keep_padding&quot;:&quot;&quot;,&quot;hoverpause&quot;:false,&quot;show_slide_delay&quot;:0,&quot;initial&quot;:&quot;1&quot;}\"  itemprop=\"image\" itemscope=\"itemscope\" itemtype=\"https:\/\/schema.org\/ImageObject\" ><div class='avia-slideshow-arrows avia-slideshow-controls' ><a href='#prev' class='prev-slide av-horizontal-gallery-prev avia-svg-icon avia-font-svg_entypo-fontello' data-av_svg_icon='left-open-big' data-av_iconset='svg_entypo-fontello' tabindex='-1' title=\"Zur\u00fcck\"><svg version=\"1.1\" xmlns=\"http:\/\/www.w3.org\/2000\/svg\" width=\"15\" height=\"32\" viewBox=\"0 0 15 32\" preserveAspectRatio=\"xMidYMid meet\" aria-labelledby='av-svg-title-1' aria-describedby='av-svg-desc-1' role=\"graphics-symbol\" aria-hidden=\"true\">\n<title id='av-svg-title-1'>Zur\u00fcck<\/title>\n<desc id='av-svg-desc-1'>Zur\u00fcck<\/desc>\n<path d=\"M14.464 27.84q0.832 0.832 0 1.536-0.832 0.832-1.536 0l-12.544-12.608q-0.768-0.768 0-1.6l12.544-12.608q0.704-0.832 1.536 0 0.832 0.704 0 1.536l-11.456 11.904z\"><\/path>\n<\/svg><span class='avia_hidden_link_text'>Zur\u00fcck<\/span><\/a><a href='#next' class='next-slide av-horizontal-gallery-next avia-svg-icon avia-font-svg_entypo-fontello' data-av_svg_icon='right-open-big' data-av_iconset='svg_entypo-fontello' tabindex='-1' title=\"Weiter\"><svg version=\"1.1\" xmlns=\"http:\/\/www.w3.org\/2000\/svg\" width=\"15\" height=\"32\" viewBox=\"0 0 15 32\" preserveAspectRatio=\"xMidYMid meet\" aria-labelledby='av-svg-title-2' aria-describedby='av-svg-desc-2' role=\"graphics-symbol\" aria-hidden=\"true\">\n<title id='av-svg-title-2'>Weiter<\/title>\n<desc id='av-svg-desc-2'>Weiter<\/desc>\n<path d=\"M0.416 27.84l11.456-11.84-11.456-11.904q-0.832-0.832 0-1.536 0.832-0.832 1.536 0l12.544 12.608q0.768 0.832 0 1.6l-12.544 12.608q-0.704 0.832-1.536 0-0.832-0.704 0-1.536z\"><\/path>\n<\/svg><span class='avia_hidden_link_text'>Weiter<\/span><\/a><\/div><div class='avia-slideshow-dots avia-slideshow-controls av-horizontal-gallery-dots fade-in'><a href='#1' class='goto-slide active' >1<\/a><a href='#2' class='goto-slide ' >2<\/a><a href='#3' class='goto-slide ' >3<\/a><\/div><div class='av-horizontal-gallery-inner' data-av-height='50'><div class=\"av-horizontal-gallery-slider\"><div class=\"av-horizontal-gallery-wrap noHover\"><img decoding=\"async\" loading=\"lazy\" class='wp-image-3841 avia-img-lazy-loading-3841 av-horizontal-gallery-img' width=\"1280\" height=\"630\" src=\"https:\/\/www.tuicamper.com\/wp-docker\/wp-content\/uploads\/2019\/08\/indian-summer-england-orig-1280x630.jpg\" title='Indian Summer in Neuengland' alt='Indian Summer in Neuengland' \/><a href=\"https:\/\/www.tuicamper.com\/wp-docker\/wp-content\/uploads\/2019\/08\/indian-summer-england-orig-1030x686.jpg\" data-srcset=\"https:\/\/www.tuicamper.com\/wp-docker\/wp-content\/uploads\/2019\/08\/indian-summer-england-orig-1030x686.jpg 1030w, https:\/\/www.tuicamper.com\/wp-docker\/wp-content\/uploads\/2019\/08\/indian-summer-england-orig-300x200.jpg 300w, https:\/\/www.tuicamper.com\/wp-docker\/wp-content\/uploads\/2019\/08\/indian-summer-england-orig-768x512.jpg 768w, https:\/\/www.tuicamper.com\/wp-docker\/wp-content\/uploads\/2019\/08\/indian-summer-england-orig-705x470.jpg 705w, https:\/\/www.tuicamper.com\/wp-docker\/wp-content\/uploads\/2019\/08\/indian-summer-england-orig-450x300.jpg 450w, https:\/\/www.tuicamper.com\/wp-docker\/wp-content\/uploads\/2019\/08\/indian-summer-england-orig.jpg 1280w\" data-sizes=\"(max-width: 1030px) 100vw, 1030px\" class='av-horizontal-gallery-link avia-svg-icon avia-font-svg_entypo-fontello' data-av_svg_icon='resize-full' data-av_iconset='svg_entypo-fontello' title='Indian Summer in Neuengland' alt='Indian Summer in Neuengland' aria-label='Open image in lightbox: Indian Summer in Neuengland'><svg version=\"1.1\" xmlns=\"http:\/\/www.w3.org\/2000\/svg\" width=\"25\" height=\"32\" viewBox=\"0 0 25 32\" preserveAspectRatio=\"xMidYMid meet\" aria-labelledby='av-svg-title-3' aria-describedby='av-svg-desc-3' role=\"graphics-symbol\" aria-hidden=\"true\">\n<title id='av-svg-title-3'>Open image in lightbox: Indian Summer in Neuengland<\/title>\n<desc id='av-svg-desc-3'>Open image in lightbox: Indian Summer in Neuengland<\/desc>\n<path d=\"M15.232 3.328h10.112v10.112l-3.2-3.968-4.672 4.864-3.2-3.2 4.864-4.672zM7.872 17.536l3.2 3.2-4.864 4.672 3.904 3.2h-10.112v-10.112l3.2 3.904z\"><\/path>\n<\/svg><\/a><\/div><div class=\"av-horizontal-gallery-wrap noHover\"><img decoding=\"async\" loading=\"lazy\" class='wp-image-3443 avia-img-lazy-loading-3443 av-horizontal-gallery-img' width=\"1280\" height=\"630\" src=\"https:\/\/www.tuicamper.com\/wp-docker\/wp-content\/uploads\/2019\/07\/kanada-herbst-1280x630.jpg\" title='Landschaft in Kanada im Herbst' alt='Landschaft in Kanada im Herbst' \/><a href=\"https:\/\/www.tuicamper.com\/wp-docker\/wp-content\/uploads\/2019\/07\/kanada-herbst-1030x612.jpg\" data-srcset=\"https:\/\/www.tuicamper.com\/wp-docker\/wp-content\/uploads\/2019\/07\/kanada-herbst-1030x612.jpg 1030w, https:\/\/www.tuicamper.com\/wp-docker\/wp-content\/uploads\/2019\/07\/kanada-herbst-300x178.jpg 300w, https:\/\/www.tuicamper.com\/wp-docker\/wp-content\/uploads\/2019\/07\/kanada-herbst-768x456.jpg 768w, https:\/\/www.tuicamper.com\/wp-docker\/wp-content\/uploads\/2019\/07\/kanada-herbst-705x419.jpg 705w, https:\/\/www.tuicamper.com\/wp-docker\/wp-content\/uploads\/2019\/07\/kanada-herbst-450x267.jpg 450w, https:\/\/www.tuicamper.com\/wp-docker\/wp-content\/uploads\/2019\/07\/kanada-herbst.jpg 1280w\" data-sizes=\"(max-width: 1030px) 100vw, 1030px\" class='av-horizontal-gallery-link avia-svg-icon avia-font-svg_entypo-fontello' data-av_svg_icon='resize-full' data-av_iconset='svg_entypo-fontello' title='Landschaft in Kanada im Herbst' alt='Landschaft in Kanada im Herbst' aria-label='Open image in lightbox: Landschaft in Kanada im Herbst'><svg version=\"1.1\" xmlns=\"http:\/\/www.w3.org\/2000\/svg\" width=\"25\" height=\"32\" viewBox=\"0 0 25 32\" preserveAspectRatio=\"xMidYMid meet\" aria-labelledby='av-svg-title-4' aria-describedby='av-svg-desc-4' role=\"graphics-symbol\" aria-hidden=\"true\">\n<title id='av-svg-title-4'>Open image in lightbox: Landschaft in Kanada im Herbst<\/title>\n<desc id='av-svg-desc-4'>Open image in lightbox: Landschaft in Kanada im Herbst<\/desc>\n<path d=\"M15.232 3.328h10.112v10.112l-3.2-3.968-4.672 4.864-3.2-3.2 4.864-4.672zM7.872 17.536l3.2 3.2-4.864 4.672 3.904 3.2h-10.112v-10.112l3.2 3.904z\"><\/path>\n<\/svg><\/a><\/div><div class=\"av-horizontal-gallery-wrap noHover\"><img decoding=\"async\" loading=\"lazy\" class='wp-image-3441 avia-img-lazy-loading-3441 av-horizontal-gallery-img' width=\"1280\" height=\"630\" src=\"https:\/\/www.tuicamper.com\/wp-docker\/wp-content\/uploads\/2019\/07\/bar-harbor-maine-1280x630.jpg\" title='Bar Harbor in Maine' alt='Bar Harbor in Maine' \/><a href=\"https:\/\/www.tuicamper.com\/wp-docker\/wp-content\/uploads\/2019\/07\/bar-harbor-maine-1030x686.jpg\" data-srcset=\"https:\/\/www.tuicamper.com\/wp-docker\/wp-content\/uploads\/2019\/07\/bar-harbor-maine-1030x686.jpg 1030w, https:\/\/www.tuicamper.com\/wp-docker\/wp-content\/uploads\/2019\/07\/bar-harbor-maine-300x200.jpg 300w, https:\/\/www.tuicamper.com\/wp-docker\/wp-content\/uploads\/2019\/07\/bar-harbor-maine-768x512.jpg 768w, https:\/\/www.tuicamper.com\/wp-docker\/wp-content\/uploads\/2019\/07\/bar-harbor-maine-705x470.jpg 705w, https:\/\/www.tuicamper.com\/wp-docker\/wp-content\/uploads\/2019\/07\/bar-harbor-maine-450x300.jpg 450w, https:\/\/www.tuicamper.com\/wp-docker\/wp-content\/uploads\/2019\/07\/bar-harbor-maine.jpg 1280w\" data-sizes=\"(max-width: 1030px) 100vw, 1030px\" class='av-horizontal-gallery-link avia-svg-icon avia-font-svg_entypo-fontello' data-av_svg_icon='resize-full' data-av_iconset='svg_entypo-fontello' title='Bar Harbor in Maine' alt='Bar Harbor in Maine' aria-label='Open image in lightbox: Bar Harbor in Maine'><svg version=\"1.1\" xmlns=\"http:\/\/www.w3.org\/2000\/svg\" width=\"25\" height=\"32\" viewBox=\"0 0 25 32\" preserveAspectRatio=\"xMidYMid meet\" aria-labelledby='av-svg-title-5' aria-describedby='av-svg-desc-5' role=\"graphics-symbol\" aria-hidden=\"true\">\n<title id='av-svg-title-5'>Open image in lightbox: Bar Harbor in Maine<\/title>\n<desc id='av-svg-desc-5'>Open image in lightbox: Bar Harbor in Maine<\/desc>\n<path d=\"M15.232 3.328h10.112v10.112l-3.2-3.968-4.672 4.864-3.2-3.2 4.864-4.672zM7.872 17.536l3.2 3.2-4.864 4.672 3.904 3.2h-10.112v-10.112l3.2 3.904z\"><\/path>\n<\/svg><\/a><\/div><\/div><\/div><\/div><br \/>\n\n<style type=\"text\/css\" data-created_by=\"avia_inline_auto\" id=\"style-css-av-jwj918c3-315e0fede61d05e0c478b80905e3cec5\">\n#top .hr.hr-invisible.av-jwj918c3-315e0fede61d05e0c478b80905e3cec5{\nheight:25px;\n}\n<\/style>\n<div  class='hr av-jwj918c3-315e0fede61d05e0c478b80905e3cec5 hr-invisible  avia-builder-el-11  el_after_av_horizontal_gallery  el_before_av_textblock  avia-builder-el-first '><span class='hr-inner '><span class=\"hr-inner-style\"><\/span><\/span><\/div><br \/>\n<section  class='av_textblock_section av-jt5tjyk0-1e04ddf86ca9bd8201b4b17bbb4a6491 '   itemscope=\"itemscope\" itemtype=\"https:\/\/schema.org\/BlogPosting\" itemprop=\"blogPost\" ><div class='avia_textblock'  itemprop=\"text\" ><ul>\n<li><strong>Vermont<\/strong>: Sanfte H\u00fcgel und \u00fcberwiegend Laubb\u00e4ume \u2013 in Vermont herrschen die besten Voraussetzungen f\u00fcr einen farbenfrohen Indian Summer. Insbesondere die vielen Ahornb\u00e4ume des Staates sorgen f\u00fcr besonders kr\u00e4ftige rote Farbtupfer im Laubmeer.<\/li>\n<li><strong>Maine<\/strong>: Dank der vielen Kiefern wird das gelb-orange-rote Farbenmeer des Indian-Summers in Maine durch Gr\u00fcnt\u00f6ne bereichert.<\/li>\n<li><strong>Massachusetts<\/strong>: Indian Summer und Gro\u00dfstadt? In Massachusetts passt das zusammen. Erkunden Sie die Metropole <a href=\"https:\/\/www.tuicamper.com\/reiseziele\/nordamerika\/usa\/boston\/\">Boston<\/a> im Herbst und lassen Sie sich von kulturellen Highlights ebenso verzaubern wie von den bunt gef\u00e4rbten Baumkronen.<\/li>\n<li><strong>New Hampshire<\/strong>: Der US-Bundesstaat New Hampshire z\u00e4hlt etliche Seen. Hier ist das Spektakel des Indian Summers besonders eindrucksvoll. Immerhin wird die Farbenpracht durch die Spiegelung im Wasser verdoppelt.<\/li>\n<li><strong>Connecticut<\/strong>: Auch in Connecticut zeigt sich der Herbst in seiner vollen Pracht. Kenner reisen zu den Northwest Hills in den Nordwesten des Bundesstaats, wo sich der Indian Summer von seiner sch\u00f6nsten Seite zeigt.<\/li>\n<li><strong>Rhode Island<\/strong>: Der kleinste US-Bundesstaat hat zahlreiche Buchten und Str\u00e4nde, die von Laubw\u00e4ldern ges\u00e4umt werden \u2013 im Herbst ein geradezu berauschender Anblick.<\/li>\n<\/ul>\n<p><strong>Lesetipp<\/strong>: Mehr Infos zum Indian Summer in Neuengland finden Sie in unserem Artikel<br \/>\n<a href=\"https:\/\/www.tuicamper.com\/magazin\/indian-summer-kanada-usa\/\">Indian Summer in Kanada &#038; den USA: Bl\u00e4tterpracht im goldenen Herbst<\/a><\/p>\n<\/div><\/section><\/p><\/div><div  class='avia-button-wrap av-ju2eusip-1476fc140663bbda0720ce3f00476f5e-wrap avia-button-center  avia-builder-el-13  el_after_av_one_full  el_before_av_hr '><a href='https:\/\/www.tuicamper.com\/reiseziele\/nordamerika\/usa\/boston\/'  class='avia-button av-ju2eusip-1476fc140663bbda0720ce3f00476f5e av-link-btn avia-icon_select-yes-right-icon avia-size-large avia-position-center avia-color-theme-color'   aria-label=\"Jetzt Wohnmobil mieten f\u00fcr Neuengland\"><span class='avia_iconbox_title' >Jetzt Wohnmobil mieten f\u00fcr Neuengland<\/span><span class='avia_button_icon avia_button_icon_right avia-iconfont avia-font-entypo-fontello' data-av_icon='\ue875' data-av_iconfont='entypo-fontello' ><\/span><\/a><\/div>\n\n<style type=\"text\/css\" data-created_by=\"avia_inline_auto\" id=\"style-css-av-jwj918c3-315e0fede61d05e0c478b80905e3cec5\">\n#top .hr.hr-invisible.av-jwj918c3-315e0fede61d05e0c478b80905e3cec5{\nheight:25px;\n}\n<\/style>\n<div  class='hr av-jwj918c3-315e0fede61d05e0c478b80905e3cec5 hr-invisible  avia-builder-el-14  el_after_av_button  avia-builder-el-last '><span class='hr-inner '><span class=\"hr-inner-style\"><\/span><\/span><\/div>\n\n<\/div><\/div><\/div><!-- close content main div --><\/div><\/div><div id='av_section_4'  class='avia-section av-jt5vrdgv-4386718e65b314e69682ca60ae604601 main_color avia-section-default avia-no-border-styling  avia-builder-el-15  el_after_av_section  el_before_av_section  reduced-content avia-bg-style-scroll container_wrap sidebar_right'  ><div class='container av-section-cont-open' ><div class='template-page content  av-content-small alpha units'><div class='post-entry post-entry-type-page post-entry-3832'><div class='entry-content-wrapper clearfix'>\n\n<style type=\"text\/css\" data-created_by=\"avia_inline_auto\" id=\"style-css-av-1g5aou-6e8505d9de1136ce38f66b0d0e5d2a36\">\n.flex_column.av-1g5aou-6e8505d9de1136ce38f66b0d0e5d2a36{\nborder-radius:0px 0px 0px 0px;\npadding:0px 0px 0px 0px;\n}\n<\/style>\n<div  class='flex_column av-1g5aou-6e8505d9de1136ce38f66b0d0e5d2a36 av_one_full  avia-builder-el-16  el_before_av_hr  avia-builder-el-first  first flex_column_div av-zero-column-padding  '     ><section  class='av_textblock_section av-jt5tjyk0-69347f2b68b0b2a0a7f856b9f4c87537 '   itemscope=\"itemscope\" itemtype=\"https:\/\/schema.org\/BlogPosting\" itemprop=\"blogPost\" ><div class='avia_textblock'  itemprop=\"text\" ><h2>2.) Australien: Von Cairns bis nach Sydney<\/h2>\n<p>In den Herbstmonaten punktet die Ostk\u00fcste Australiens mit angenehmen Temperaturen. Zudem sind in diesem Zeitraum vergleichsweise wenige Touristen unterwegs. Der Herbst ist daher geradezu pr\u00e4destiniert f\u00fcr <a href=\"https:\/\/www.tuicamper.com\/routen\/australien-routen\/von-cairns-nach-sydney\/\">eine Tour von Cairns bis nach Sydney<\/a>. Unterwegs gibt es viel zu entdecken:<\/p>\n<\/div><\/section><\/div>\n<style type=\"text\/css\" data-created_by=\"avia_inline_auto\" id=\"style-css-av-jwj918c3-315e0fede61d05e0c478b80905e3cec5\">\n#top .hr.hr-invisible.av-jwj918c3-315e0fede61d05e0c478b80905e3cec5{\nheight:25px;\n}\n<\/style>\n<div  class='hr av-jwj918c3-315e0fede61d05e0c478b80905e3cec5 hr-invisible  avia-builder-el-18  el_after_av_one_full  el_before_av_horizontal_gallery  avia-builder-el-last '><span class='hr-inner '><span class=\"hr-inner-style\"><\/span><\/span><\/div>\n\n<style type=\"text\/css\" data-created_by=\"avia_inline_auto\" id=\"style-css-av-jztwf4fg-8700571f89f598f97aff7b9d4b1f2bdb\">\n.av-horizontal-gallery.av-jztwf4fg-8700571f89f598f97aff7b9d4b1f2bdb .av-horizontal-gallery-inner{\npadding-bottom:50%;\n}\n<\/style>\n<div  class='av-horizontal-gallery av-jztwf4fg-8700571f89f598f97aff7b9d4b1f2bdb av-horizontal-gallery-large-gap av-horizontal-gallery--effect  avia-builder-el-19  el_after_av_hr  el_before_av_hr  av-slideshow-ui av-control-default av-slideshow-manual av-loop-once av-loop-manual-endless av-horizontal-gallery-2' data-slideshow-data=\"{&quot;animation&quot;:&quot;slide&quot;,&quot;autoplay&quot;:false,&quot;loop_autoplay&quot;:&quot;once&quot;,&quot;interval&quot;:5,&quot;loop_manual&quot;:&quot;manual-endless&quot;,&quot;autoplay_stopper&quot;:false,&quot;noNavigation&quot;:false,&quot;bg_slider&quot;:false,&quot;keep_padding&quot;:&quot;&quot;,&quot;hoverpause&quot;:false,&quot;show_slide_delay&quot;:0,&quot;initial&quot;:&quot;1&quot;}\"  itemprop=\"image\" itemscope=\"itemscope\" itemtype=\"https:\/\/schema.org\/ImageObject\" ><div class='avia-slideshow-arrows avia-slideshow-controls' ><a href='#prev' class='prev-slide av-horizontal-gallery-prev avia-svg-icon avia-font-svg_entypo-fontello' data-av_svg_icon='left-open-big' data-av_iconset='svg_entypo-fontello' tabindex='-1' title=\"Zur\u00fcck\"><svg version=\"1.1\" xmlns=\"http:\/\/www.w3.org\/2000\/svg\" width=\"15\" height=\"32\" viewBox=\"0 0 15 32\" preserveAspectRatio=\"xMidYMid meet\" aria-labelledby='av-svg-title-6' aria-describedby='av-svg-desc-6' role=\"graphics-symbol\" aria-hidden=\"true\">\n<title id='av-svg-title-6'>Zur\u00fcck<\/title>\n<desc id='av-svg-desc-6'>Zur\u00fcck<\/desc>\n<path d=\"M14.464 27.84q0.832 0.832 0 1.536-0.832 0.832-1.536 0l-12.544-12.608q-0.768-0.768 0-1.6l12.544-12.608q0.704-0.832 1.536 0 0.832 0.704 0 1.536l-11.456 11.904z\"><\/path>\n<\/svg><span class='avia_hidden_link_text'>Zur\u00fcck<\/span><\/a><a href='#next' class='next-slide av-horizontal-gallery-next avia-svg-icon avia-font-svg_entypo-fontello' data-av_svg_icon='right-open-big' data-av_iconset='svg_entypo-fontello' tabindex='-1' title=\"Weiter\"><svg version=\"1.1\" xmlns=\"http:\/\/www.w3.org\/2000\/svg\" width=\"15\" height=\"32\" viewBox=\"0 0 15 32\" preserveAspectRatio=\"xMidYMid meet\" aria-labelledby='av-svg-title-7' aria-describedby='av-svg-desc-7' role=\"graphics-symbol\" aria-hidden=\"true\">\n<title id='av-svg-title-7'>Weiter<\/title>\n<desc id='av-svg-desc-7'>Weiter<\/desc>\n<path d=\"M0.416 27.84l11.456-11.84-11.456-11.904q-0.832-0.832 0-1.536 0.832-0.832 1.536 0l12.544 12.608q0.768 0.832 0 1.6l-12.544 12.608q-0.704 0.832-1.536 0-0.832-0.704 0-1.536z\"><\/path>\n<\/svg><span class='avia_hidden_link_text'>Weiter<\/span><\/a><\/div><div class='avia-slideshow-dots avia-slideshow-controls av-horizontal-gallery-dots fade-in'><a href='#1' class='goto-slide active' >1<\/a><a href='#2' class='goto-slide ' >2<\/a><a href='#3' class='goto-slide ' >3<\/a><\/div><div class='av-horizontal-gallery-inner' data-av-height='50'><div class=\"av-horizontal-gallery-slider\"><div class=\"av-horizontal-gallery-wrap noHover\"><img decoding=\"async\" loading=\"lazy\" class='wp-image-3840 avia-img-lazy-loading-3840 av-horizontal-gallery-img' width=\"1280\" height=\"630\" src=\"https:\/\/www.tuicamper.com\/wp-docker\/wp-content\/uploads\/2019\/08\/great-barrier-reef-orig-1280x630.jpg\" title='Great Barrier Reef' alt='Great Barrier Reef' \/><a href=\"https:\/\/www.tuicamper.com\/wp-docker\/wp-content\/uploads\/2019\/08\/great-barrier-reef-orig-1030x682.jpg\" data-srcset=\"https:\/\/www.tuicamper.com\/wp-docker\/wp-content\/uploads\/2019\/08\/great-barrier-reef-orig-1030x682.jpg 1030w, https:\/\/www.tuicamper.com\/wp-docker\/wp-content\/uploads\/2019\/08\/great-barrier-reef-orig-300x199.jpg 300w, https:\/\/www.tuicamper.com\/wp-docker\/wp-content\/uploads\/2019\/08\/great-barrier-reef-orig-768x508.jpg 768w, https:\/\/www.tuicamper.com\/wp-docker\/wp-content\/uploads\/2019\/08\/great-barrier-reef-orig-705x467.jpg 705w, https:\/\/www.tuicamper.com\/wp-docker\/wp-content\/uploads\/2019\/08\/great-barrier-reef-orig-450x298.jpg 450w, https:\/\/www.tuicamper.com\/wp-docker\/wp-content\/uploads\/2019\/08\/great-barrier-reef-orig.jpg 1280w\" data-sizes=\"(max-width: 1030px) 100vw, 1030px\" class='av-horizontal-gallery-link avia-svg-icon avia-font-svg_entypo-fontello' data-av_svg_icon='resize-full' data-av_iconset='svg_entypo-fontello' title='Great Barrier Reef' alt='Great Barrier Reef' aria-label='Open image in lightbox: Great Barrier Reef'><svg version=\"1.1\" xmlns=\"http:\/\/www.w3.org\/2000\/svg\" width=\"25\" height=\"32\" viewBox=\"0 0 25 32\" preserveAspectRatio=\"xMidYMid meet\" aria-labelledby='av-svg-title-8' aria-describedby='av-svg-desc-8' role=\"graphics-symbol\" aria-hidden=\"true\">\n<title id='av-svg-title-8'>Open image in lightbox: Great Barrier Reef<\/title>\n<desc id='av-svg-desc-8'>Open image in lightbox: Great Barrier Reef<\/desc>\n<path d=\"M15.232 3.328h10.112v10.112l-3.2-3.968-4.672 4.864-3.2-3.2 4.864-4.672zM7.872 17.536l3.2 3.2-4.864 4.672 3.904 3.2h-10.112v-10.112l3.2 3.904z\"><\/path>\n<\/svg><\/a><\/div><div class=\"av-horizontal-gallery-wrap noHover\"><img decoding=\"async\" loading=\"lazy\" class='wp-image-375 avia-img-lazy-loading-375 av-horizontal-gallery-img' width=\"1280\" height=\"630\" src=\"https:\/\/www.tuicamper.com\/wp-docker\/wp-content\/uploads\/2019\/03\/sydney-opera-house-1280x630.jpg\" title='Opernhaus in Sydney' alt='Opernhaus in Sydney' \/><a href=\"https:\/\/www.tuicamper.com\/wp-docker\/wp-content\/uploads\/2019\/03\/sydney-opera-house-1030x687.jpg\" data-srcset=\"https:\/\/www.tuicamper.com\/wp-docker\/wp-content\/uploads\/2019\/03\/sydney-opera-house-1030x687.jpg 1030w, https:\/\/www.tuicamper.com\/wp-docker\/wp-content\/uploads\/2019\/03\/sydney-opera-house-300x200.jpg 300w, https:\/\/www.tuicamper.com\/wp-docker\/wp-content\/uploads\/2019\/03\/sydney-opera-house-768x512.jpg 768w, https:\/\/www.tuicamper.com\/wp-docker\/wp-content\/uploads\/2019\/03\/sydney-opera-house-705x470.jpg 705w, https:\/\/www.tuicamper.com\/wp-docker\/wp-content\/uploads\/2019\/03\/sydney-opera-house-450x300.jpg 450w, https:\/\/www.tuicamper.com\/wp-docker\/wp-content\/uploads\/2019\/03\/sydney-opera-house.jpg 1280w\" data-sizes=\"(max-width: 1030px) 100vw, 1030px\" class='av-horizontal-gallery-link avia-svg-icon avia-font-svg_entypo-fontello' data-av_svg_icon='resize-full' data-av_iconset='svg_entypo-fontello' title='Opernhaus in Sydney' alt='Opernhaus in Sydney' aria-label='Open image in lightbox: Opernhaus in Sydney'><svg version=\"1.1\" xmlns=\"http:\/\/www.w3.org\/2000\/svg\" width=\"25\" height=\"32\" viewBox=\"0 0 25 32\" preserveAspectRatio=\"xMidYMid meet\" aria-labelledby='av-svg-title-9' aria-describedby='av-svg-desc-9' role=\"graphics-symbol\" aria-hidden=\"true\">\n<title id='av-svg-title-9'>Open image in lightbox: Opernhaus in Sydney<\/title>\n<desc id='av-svg-desc-9'>Open image in lightbox: Opernhaus in Sydney<\/desc>\n<path d=\"M15.232 3.328h10.112v10.112l-3.2-3.968-4.672 4.864-3.2-3.2 4.864-4.672zM7.872 17.536l3.2 3.2-4.864 4.672 3.904 3.2h-10.112v-10.112l3.2 3.904z\"><\/path>\n<\/svg><\/a><\/div><div class=\"av-horizontal-gallery-wrap noHover\"><img decoding=\"async\" loading=\"lazy\" class='wp-image-2403 avia-img-lazy-loading-2403 av-horizontal-gallery-img' width=\"1280\" height=\"630\" src=\"https:\/\/www.tuicamper.com\/wp-docker\/wp-content\/uploads\/2019\/05\/kaenguru-australien-1280x630.jpg\" title='K\u00e4nguru in Australien' alt='K\u00e4nguru in Australien' \/><a href=\"https:\/\/www.tuicamper.com\/wp-docker\/wp-content\/uploads\/2019\/05\/kaenguru-australien-1030x686.jpg\" data-srcset=\"https:\/\/www.tuicamper.com\/wp-docker\/wp-content\/uploads\/2019\/05\/kaenguru-australien-1030x686.jpg 1030w, https:\/\/www.tuicamper.com\/wp-docker\/wp-content\/uploads\/2019\/05\/kaenguru-australien-300x200.jpg 300w, https:\/\/www.tuicamper.com\/wp-docker\/wp-content\/uploads\/2019\/05\/kaenguru-australien-768x512.jpg 768w, https:\/\/www.tuicamper.com\/wp-docker\/wp-content\/uploads\/2019\/05\/kaenguru-australien-705x470.jpg 705w, https:\/\/www.tuicamper.com\/wp-docker\/wp-content\/uploads\/2019\/05\/kaenguru-australien-450x300.jpg 450w, https:\/\/www.tuicamper.com\/wp-docker\/wp-content\/uploads\/2019\/05\/kaenguru-australien.jpg 1280w\" data-sizes=\"(max-width: 1030px) 100vw, 1030px\" class='av-horizontal-gallery-link avia-svg-icon avia-font-svg_entypo-fontello' data-av_svg_icon='resize-full' data-av_iconset='svg_entypo-fontello' title='K\u00e4nguru in Australien' alt='K\u00e4nguru in Australien' aria-label='Open image in lightbox: K\u00e4nguru in Australien'><svg version=\"1.1\" xmlns=\"http:\/\/www.w3.org\/2000\/svg\" width=\"25\" height=\"32\" viewBox=\"0 0 25 32\" preserveAspectRatio=\"xMidYMid meet\" aria-labelledby='av-svg-title-10' aria-describedby='av-svg-desc-10' role=\"graphics-symbol\" aria-hidden=\"true\">\n<title id='av-svg-title-10'>Open image in lightbox: K\u00e4nguru in Australien<\/title>\n<desc id='av-svg-desc-10'>Open image in lightbox: K\u00e4nguru in Australien<\/desc>\n<path d=\"M15.232 3.328h10.112v10.112l-3.2-3.968-4.672 4.864-3.2-3.2 4.864-4.672zM7.872 17.536l3.2 3.2-4.864 4.672 3.904 3.2h-10.112v-10.112l3.2 3.904z\"><\/path>\n<\/svg><\/a><\/div><\/div><\/div><\/div>\n\n<style type=\"text\/css\" data-created_by=\"avia_inline_auto\" id=\"style-css-av-jwj918c3-315e0fede61d05e0c478b80905e3cec5\">\n#top .hr.hr-invisible.av-jwj918c3-315e0fede61d05e0c478b80905e3cec5{\nheight:25px;\n}\n<\/style>\n<div  class='hr av-jwj918c3-315e0fede61d05e0c478b80905e3cec5 hr-invisible  avia-builder-el-20  el_after_av_horizontal_gallery  el_before_av_one_full  avia-builder-el-first '><span class='hr-inner '><span class=\"hr-inner-style\"><\/span><\/span><\/div>\n\n<style type=\"text\/css\" data-created_by=\"avia_inline_auto\" id=\"style-css-av-1g5aou-6e8505d9de1136ce38f66b0d0e5d2a36\">\n.flex_column.av-1g5aou-6e8505d9de1136ce38f66b0d0e5d2a36{\nborder-radius:0px 0px 0px 0px;\npadding:0px 0px 0px 0px;\n}\n<\/style>\n<div  class='flex_column av-1g5aou-6e8505d9de1136ce38f66b0d0e5d2a36 av_one_full  avia-builder-el-21  el_after_av_hr  el_before_av_button  first flex_column_div av-zero-column-padding  '     ><section  class='av_textblock_section av-jt5tjyk0-1e04ddf86ca9bd8201b4b17bbb4a6491 '   itemscope=\"itemscope\" itemtype=\"https:\/\/schema.org\/BlogPosting\" itemprop=\"blogPost\" ><div class='avia_textblock'  itemprop=\"text\" ><ul>\n<li>Begeben Sie sich von <a href=\"https:\/\/www.tuicamper.com\/reiseziele\/ozeanien\/australien\/cairns\/\">Cairns<\/a> aus mit der Skyrail auf eine unvergessliche Gondelfahrt \u00fcber den tropischen Regenwald.<\/li>\n<li>Erleben Sie die einmalige Sch\u00f6nheit des faszinierenden Great Barrier Reefs, das zu Recht als eines der sieben nat\u00fcrlichen Weltwunder gilt.<\/li>\n<li>Entdecken Sie Buchten und Traumstr\u00e4nde mit nahegelegenen Campingpl\u00e4tzen und wagen Sie den Sprung ins erfrischende Nass.<\/li>\n<li>Machen Sie einen Abstecher nach Magnetic Island und gehen Sie auf Tuchf\u00fchlung mit den Koalas, die die Eukalyptus-W\u00e4lder der Insel bedecken.<\/li>\n<li>Erkunden Sie das facettenreiche <a href=\"https:\/\/www.tuicamper.com\/reiseziele\/ozeanien\/australien\/brisbane\/\">Brisbane<\/a>, das f\u00fcr seinen kulturellen Facettenreichtum bekannt ist.<\/li>\n<li>Entdecken Sie einige der Top-Surfspots des Landes und st\u00fcrzen Sie sich in die Wellen.<\/li>\n<li>Lernen Sie zum Abschluss der Tour die Hauptstadt und pulsierende Millionenmetropole <a href=\"https:\/\/www.tuicamper.com\/reiseziele\/ozeanien\/australien\/sydney\/\">Sydney<\/a> mit ihren unz\u00e4hligen Highlights kennen.<\/li>\n<\/ul>\n<\/div><\/section><\/div><div  class='avia-button-wrap av-ju2eusip-a28c890d2ae7a325d4c56a91a64573bb-wrap avia-button-center  avia-builder-el-23  el_after_av_one_full  el_before_av_hr '><a href='https:\/\/www.tuicamper.com\/reiseziele\/ozeanien\/australien\/'  class='avia-button av-ju2eusip-a28c890d2ae7a325d4c56a91a64573bb av-link-btn avia-icon_select-yes-right-icon avia-size-large avia-position-center avia-color-theme-color'   aria-label=\"Jetzt Wohnmobil mieten f\u00fcr Australien\"><span class='avia_iconbox_title' >Jetzt Wohnmobil mieten f\u00fcr Australien<\/span><span class='avia_button_icon avia_button_icon_right avia-iconfont avia-font-entypo-fontello' data-av_icon='\ue875' data-av_iconfont='entypo-fontello' ><\/span><\/a><\/div>\n\n<style type=\"text\/css\" data-created_by=\"avia_inline_auto\" id=\"style-css-av-jwj918c3-315e0fede61d05e0c478b80905e3cec5\">\n#top .hr.hr-invisible.av-jwj918c3-315e0fede61d05e0c478b80905e3cec5{\nheight:25px;\n}\n<\/style>\n<div  class='hr av-jwj918c3-315e0fede61d05e0c478b80905e3cec5 hr-invisible  avia-builder-el-24  el_after_av_button  avia-builder-el-last '><span class='hr-inner '><span class=\"hr-inner-style\"><\/span><\/span><\/div>\n<\/div><\/div><\/div><!-- close content main div --><\/div><\/div><div id='av_section_5'  class='avia-section av-jt5vrdgv-4386718e65b314e69682ca60ae604601 main_color avia-section-default avia-no-border-styling  avia-builder-el-25  el_after_av_section  el_before_av_textblock  reduced-content avia-bg-style-scroll container_wrap sidebar_right'  ><div class='container av-section-cont-open' ><div class='template-page content  av-content-small alpha units'><div class='post-entry post-entry-type-page post-entry-3832'><div class='entry-content-wrapper clearfix'>\n\n<style type=\"text\/css\" data-created_by=\"avia_inline_auto\" id=\"style-css-av-1g5aou-6e8505d9de1136ce38f66b0d0e5d2a36\">\n.flex_column.av-1g5aou-6e8505d9de1136ce38f66b0d0e5d2a36{\nborder-radius:0px 0px 0px 0px;\npadding:0px 0px 0px 0px;\n}\n<\/style>\n<div  class='flex_column av-1g5aou-6e8505d9de1136ce38f66b0d0e5d2a36 av_one_full  avia-builder-el-26  el_before_av_button  avia-builder-el-first  first flex_column_div av-zero-column-padding  '     ><section  class='av_textblock_section av-jt5tjyk0-1e04ddf86ca9bd8201b4b17bbb4a6491 '   itemscope=\"itemscope\" itemtype=\"https:\/\/schema.org\/BlogPosting\" itemprop=\"blogPost\" ><div class='avia_textblock'  itemprop=\"text\" ><h2>3.) USA Westk\u00fcste: Der Road-Trip Klassiker in Kalifornien<\/h2>\n<p>Zwischen Millionenmetropolen und unber\u00fchrter Natur: <a href=\"https:\/\/www.tuicamper.com\/magazin\/roadtrip-usa\/\">Eine Tour entlang der kalifornischen Westk\u00fcste<\/a> ist der Klassiker im Herbst. Immerhin ist der Camper-Urlaub in den Herbstmonaten besonders g\u00fcnstig \u2013 und angenehm warm ist es im sonnenverw\u00f6hnten <a href=\"https:\/\/www.tuicamper.com\/reiseziele\/nordamerika\/usa\/kalifornien\/\">Kalifornien<\/a> auch im Herbst. Sie entscheiden, welche Schwerpunkte Sie auf Ihrer Tour setzen m\u00f6chten. Einige Highlights sind aber sicherlich nicht verhandelbar.<\/p>\n<\/div><\/section><br \/>\n\n<style type=\"text\/css\" data-created_by=\"avia_inline_auto\" id=\"style-css-av-jwj918c3-315e0fede61d05e0c478b80905e3cec5\">\n#top .hr.hr-invisible.av-jwj918c3-315e0fede61d05e0c478b80905e3cec5{\nheight:25px;\n}\n<\/style>\n<div  class='hr av-jwj918c3-315e0fede61d05e0c478b80905e3cec5 hr-invisible  avia-builder-el-28  el_after_av_textblock  el_before_av_horizontal_gallery  avia-builder-el-last '><span class='hr-inner '><span class=\"hr-inner-style\"><\/span><\/span><\/div><br \/>\n\n<style type=\"text\/css\" data-created_by=\"avia_inline_auto\" id=\"style-css-av-jztwf4fg-e6eb64b9745e6ab750c84ecb6b8943ee\">\n.av-horizontal-gallery.av-jztwf4fg-e6eb64b9745e6ab750c84ecb6b8943ee .av-horizontal-gallery-inner{\npadding-bottom:50%;\n}\n<\/style>\n<div  class='av-horizontal-gallery av-jztwf4fg-e6eb64b9745e6ab750c84ecb6b8943ee av-horizontal-gallery-large-gap av-horizontal-gallery--effect  avia-builder-el-29  el_after_av_hr  el_before_av_hr  av-slideshow-ui av-control-default av-slideshow-manual av-loop-once av-loop-manual-endless av-horizontal-gallery-3' data-slideshow-data=\"{&quot;animation&quot;:&quot;slide&quot;,&quot;autoplay&quot;:false,&quot;loop_autoplay&quot;:&quot;once&quot;,&quot;interval&quot;:5,&quot;loop_manual&quot;:&quot;manual-endless&quot;,&quot;autoplay_stopper&quot;:false,&quot;noNavigation&quot;:false,&quot;bg_slider&quot;:false,&quot;keep_padding&quot;:&quot;&quot;,&quot;hoverpause&quot;:false,&quot;show_slide_delay&quot;:0,&quot;initial&quot;:&quot;1&quot;}\"  itemprop=\"image\" itemscope=\"itemscope\" itemtype=\"https:\/\/schema.org\/ImageObject\" ><div class='avia-slideshow-arrows avia-slideshow-controls' ><a href='#prev' class='prev-slide av-horizontal-gallery-prev avia-svg-icon avia-font-svg_entypo-fontello' data-av_svg_icon='left-open-big' data-av_iconset='svg_entypo-fontello' tabindex='-1' title=\"Zur\u00fcck\"><svg version=\"1.1\" xmlns=\"http:\/\/www.w3.org\/2000\/svg\" width=\"15\" height=\"32\" viewBox=\"0 0 15 32\" preserveAspectRatio=\"xMidYMid meet\" aria-labelledby='av-svg-title-11' aria-describedby='av-svg-desc-11' role=\"graphics-symbol\" aria-hidden=\"true\">\n<title id='av-svg-title-11'>Zur\u00fcck<\/title>\n<desc id='av-svg-desc-11'>Zur\u00fcck<\/desc>\n<path d=\"M14.464 27.84q0.832 0.832 0 1.536-0.832 0.832-1.536 0l-12.544-12.608q-0.768-0.768 0-1.6l12.544-12.608q0.704-0.832 1.536 0 0.832 0.704 0 1.536l-11.456 11.904z\"><\/path>\n<\/svg><span class='avia_hidden_link_text'>Zur\u00fcck<\/span><\/a><a href='#next' class='next-slide av-horizontal-gallery-next avia-svg-icon avia-font-svg_entypo-fontello' data-av_svg_icon='right-open-big' data-av_iconset='svg_entypo-fontello' tabindex='-1' title=\"Weiter\"><svg version=\"1.1\" xmlns=\"http:\/\/www.w3.org\/2000\/svg\" width=\"15\" height=\"32\" viewBox=\"0 0 15 32\" preserveAspectRatio=\"xMidYMid meet\" aria-labelledby='av-svg-title-12' aria-describedby='av-svg-desc-12' role=\"graphics-symbol\" aria-hidden=\"true\">\n<title id='av-svg-title-12'>Weiter<\/title>\n<desc id='av-svg-desc-12'>Weiter<\/desc>\n<path d=\"M0.416 27.84l11.456-11.84-11.456-11.904q-0.832-0.832 0-1.536 0.832-0.832 1.536 0l12.544 12.608q0.768 0.832 0 1.6l-12.544 12.608q-0.704 0.832-1.536 0-0.832-0.704 0-1.536z\"><\/path>\n<\/svg><span class='avia_hidden_link_text'>Weiter<\/span><\/a><\/div><div class='avia-slideshow-dots avia-slideshow-controls av-horizontal-gallery-dots fade-in'><a href='#1' class='goto-slide active' >1<\/a><a href='#2' class='goto-slide ' >2<\/a><a href='#3' class='goto-slide ' >3<\/a><\/div><div class='av-horizontal-gallery-inner' data-av-height='50'><div class=\"av-horizontal-gallery-slider\"><div class=\"av-horizontal-gallery-wrap noHover\"><img decoding=\"async\" loading=\"lazy\" class='wp-image-3844 avia-img-lazy-loading-3844 av-horizontal-gallery-img' width=\"1280\" height=\"630\" src=\"https:\/\/www.tuicamper.com\/wp-docker\/wp-content\/uploads\/2019\/08\/yosemite-national-park-orig-1280x630.jpg\" title='Yosemite National Park' alt='Yosemite National Park' \/><a href=\"https:\/\/www.tuicamper.com\/wp-docker\/wp-content\/uploads\/2019\/08\/yosemite-national-park-orig-1030x579.jpg\" data-srcset=\"https:\/\/www.tuicamper.com\/wp-docker\/wp-content\/uploads\/2019\/08\/yosemite-national-park-orig-1030x579.jpg 1030w, https:\/\/www.tuicamper.com\/wp-docker\/wp-content\/uploads\/2019\/08\/yosemite-national-park-orig-300x169.jpg 300w, https:\/\/www.tuicamper.com\/wp-docker\/wp-content\/uploads\/2019\/08\/yosemite-national-park-orig-768x431.jpg 768w, https:\/\/www.tuicamper.com\/wp-docker\/wp-content\/uploads\/2019\/08\/yosemite-national-park-orig-705x396.jpg 705w, https:\/\/www.tuicamper.com\/wp-docker\/wp-content\/uploads\/2019\/08\/yosemite-national-park-orig-450x253.jpg 450w, https:\/\/www.tuicamper.com\/wp-docker\/wp-content\/uploads\/2019\/08\/yosemite-national-park-orig.jpg 1280w\" data-sizes=\"(max-width: 1030px) 100vw, 1030px\" class='av-horizontal-gallery-link avia-svg-icon avia-font-svg_entypo-fontello' data-av_svg_icon='resize-full' data-av_iconset='svg_entypo-fontello' title='Yosemite National Park' alt='Yosemite National Park' aria-label='Open image in lightbox: Yosemite National Park'><svg version=\"1.1\" xmlns=\"http:\/\/www.w3.org\/2000\/svg\" width=\"25\" height=\"32\" viewBox=\"0 0 25 32\" preserveAspectRatio=\"xMidYMid meet\" aria-labelledby='av-svg-title-13' aria-describedby='av-svg-desc-13' role=\"graphics-symbol\" aria-hidden=\"true\">\n<title id='av-svg-title-13'>Open image in lightbox: Yosemite National Park<\/title>\n<desc id='av-svg-desc-13'>Open image in lightbox: Yosemite National Park<\/desc>\n<path d=\"M15.232 3.328h10.112v10.112l-3.2-3.968-4.672 4.864-3.2-3.2 4.864-4.672zM7.872 17.536l3.2 3.2-4.864 4.672 3.904 3.2h-10.112v-10.112l3.2 3.904z\"><\/path>\n<\/svg><\/a><\/div><div class=\"av-horizontal-gallery-wrap noHover\"><img decoding=\"async\" loading=\"lazy\" class='wp-image-1427 avia-img-lazy-loading-1427 av-horizontal-gallery-img' width=\"1280\" height=\"630\" src=\"https:\/\/www.tuicamper.com\/wp-docker\/wp-content\/uploads\/2019\/04\/golden-gate-bridge-1280x630.jpg\" title='Golden Gate Bridge' alt='Golden Gate Bridge in San Francisco' \/><a href=\"https:\/\/www.tuicamper.com\/wp-docker\/wp-content\/uploads\/2019\/04\/golden-gate-bridge-1030x686.jpg\" data-srcset=\"https:\/\/www.tuicamper.com\/wp-docker\/wp-content\/uploads\/2019\/04\/golden-gate-bridge-1030x686.jpg 1030w, https:\/\/www.tuicamper.com\/wp-docker\/wp-content\/uploads\/2019\/04\/golden-gate-bridge-300x200.jpg 300w, https:\/\/www.tuicamper.com\/wp-docker\/wp-content\/uploads\/2019\/04\/golden-gate-bridge-768x512.jpg 768w, https:\/\/www.tuicamper.com\/wp-docker\/wp-content\/uploads\/2019\/04\/golden-gate-bridge-705x470.jpg 705w, https:\/\/www.tuicamper.com\/wp-docker\/wp-content\/uploads\/2019\/04\/golden-gate-bridge-450x300.jpg 450w, https:\/\/www.tuicamper.com\/wp-docker\/wp-content\/uploads\/2019\/04\/golden-gate-bridge.jpg 1280w\" data-sizes=\"(max-width: 1030px) 100vw, 1030px\" class='av-horizontal-gallery-link avia-svg-icon avia-font-svg_entypo-fontello' data-av_svg_icon='resize-full' data-av_iconset='svg_entypo-fontello' title='Golden Gate Bridge' alt='Golden Gate Bridge in San Francisco' aria-label='Open image in lightbox: Golden Gate Bridge'><svg version=\"1.1\" xmlns=\"http:\/\/www.w3.org\/2000\/svg\" width=\"25\" height=\"32\" viewBox=\"0 0 25 32\" preserveAspectRatio=\"xMidYMid meet\" aria-labelledby='av-svg-title-14' aria-describedby='av-svg-desc-14' role=\"graphics-symbol\" aria-hidden=\"true\">\n<title id='av-svg-title-14'>Open image in lightbox: Golden Gate Bridge<\/title>\n<desc id='av-svg-desc-14'>Open image in lightbox: Golden Gate Bridge<\/desc>\n<path d=\"M15.232 3.328h10.112v10.112l-3.2-3.968-4.672 4.864-3.2-3.2 4.864-4.672zM7.872 17.536l3.2 3.2-4.864 4.672 3.904 3.2h-10.112v-10.112l3.2 3.904z\"><\/path>\n<\/svg><\/a><\/div><div class=\"av-horizontal-gallery-wrap noHover\"><img decoding=\"async\" loading=\"lazy\" class='wp-image-2048 avia-img-lazy-loading-2048 av-horizontal-gallery-img' width=\"1280\" height=\"568\" src=\"https:\/\/www.tuicamper.com\/wp-docker\/wp-content\/uploads\/2019\/04\/las-vegas-strip.jpg\" title='Blick auf den Strip in Las Vegas' alt='Blick auf den Strip in Las Vegas' srcset=\"https:\/\/www.tuicamper.com\/wp-docker\/wp-content\/uploads\/2019\/04\/las-vegas-strip.jpg 1280w, https:\/\/www.tuicamper.com\/wp-docker\/wp-content\/uploads\/2019\/04\/las-vegas-strip-300x133.jpg 300w, https:\/\/www.tuicamper.com\/wp-docker\/wp-content\/uploads\/2019\/04\/las-vegas-strip-768x341.jpg 768w, https:\/\/www.tuicamper.com\/wp-docker\/wp-content\/uploads\/2019\/04\/las-vegas-strip-1030x457.jpg 1030w, https:\/\/www.tuicamper.com\/wp-docker\/wp-content\/uploads\/2019\/04\/las-vegas-strip-705x313.jpg 705w, https:\/\/www.tuicamper.com\/wp-docker\/wp-content\/uploads\/2019\/04\/las-vegas-strip-450x200.jpg 450w\" sizes=\"auto, (max-width: 1280px) 100vw, 1280px\" \/><a href=\"https:\/\/www.tuicamper.com\/wp-docker\/wp-content\/uploads\/2019\/04\/las-vegas-strip-1030x457.jpg\" data-srcset=\"https:\/\/www.tuicamper.com\/wp-docker\/wp-content\/uploads\/2019\/04\/las-vegas-strip-1030x457.jpg 1030w, https:\/\/www.tuicamper.com\/wp-docker\/wp-content\/uploads\/2019\/04\/las-vegas-strip-300x133.jpg 300w, https:\/\/www.tuicamper.com\/wp-docker\/wp-content\/uploads\/2019\/04\/las-vegas-strip-768x341.jpg 768w, https:\/\/www.tuicamper.com\/wp-docker\/wp-content\/uploads\/2019\/04\/las-vegas-strip-705x313.jpg 705w, https:\/\/www.tuicamper.com\/wp-docker\/wp-content\/uploads\/2019\/04\/las-vegas-strip-450x200.jpg 450w, https:\/\/www.tuicamper.com\/wp-docker\/wp-content\/uploads\/2019\/04\/las-vegas-strip.jpg 1280w\" data-sizes=\"(max-width: 1030px) 100vw, 1030px\" class='av-horizontal-gallery-link avia-svg-icon avia-font-svg_entypo-fontello' data-av_svg_icon='resize-full' data-av_iconset='svg_entypo-fontello' title='Blick auf den Strip in Las Vegas' alt='Blick auf den Strip in Las Vegas' aria-label='Open image in lightbox: Blick auf den Strip in Las Vegas'><svg version=\"1.1\" xmlns=\"http:\/\/www.w3.org\/2000\/svg\" width=\"25\" height=\"32\" viewBox=\"0 0 25 32\" preserveAspectRatio=\"xMidYMid meet\" aria-labelledby='av-svg-title-15' aria-describedby='av-svg-desc-15' role=\"graphics-symbol\" aria-hidden=\"true\">\n<title id='av-svg-title-15'>Open image in lightbox: Blick auf den Strip in Las Vegas<\/title>\n<desc id='av-svg-desc-15'>Open image in lightbox: Blick auf den Strip in Las Vegas<\/desc>\n<path d=\"M15.232 3.328h10.112v10.112l-3.2-3.968-4.672 4.864-3.2-3.2 4.864-4.672zM7.872 17.536l3.2 3.2-4.864 4.672 3.904 3.2h-10.112v-10.112l3.2 3.904z\"><\/path>\n<\/svg><\/a><\/div><\/div><\/div><\/div><br \/>\n\n<style type=\"text\/css\" data-created_by=\"avia_inline_auto\" id=\"style-css-av-jwj918c3-315e0fede61d05e0c478b80905e3cec5\">\n#top .hr.hr-invisible.av-jwj918c3-315e0fede61d05e0c478b80905e3cec5{\nheight:25px;\n}\n<\/style>\n<div  class='hr av-jwj918c3-315e0fede61d05e0c478b80905e3cec5 hr-invisible  avia-builder-el-30  el_after_av_horizontal_gallery  el_before_av_textblock  avia-builder-el-first '><span class='hr-inner '><span class=\"hr-inner-style\"><\/span><\/span><\/div><br \/>\n<section  class='av_textblock_section av-jt5tjyk0-1e04ddf86ca9bd8201b4b17bbb4a6491 '   itemscope=\"itemscope\" itemtype=\"https:\/\/schema.org\/BlogPosting\" itemprop=\"blogPost\" ><div class='avia_textblock'  itemprop=\"text\" ><p>Das gilt nat\u00fcrlich insbesondere f\u00fcr die Stadt der Engel \u2013 <a href=\"https:\/\/www.tuicamper.com\/reiseziele\/nordamerika\/usa\/los-angeles\/\">Los Angeles<\/a>. Die Metropole ist das Zentrum der Filmbranche, bietet unz\u00e4hlige Sehensw\u00fcrdigkeiten und hat tolle Str\u00e4nde. Die Fahrt von Los Angeles entlang der K\u00fcste in das nicht minder sehenswerte <a href=\"https:\/\/www.tuicamper.com\/reiseziele\/nordamerika\/usa\/san-francisco\/\">San Francisco<\/a> wird als eine der sch\u00f6nsten <a href=\"https:\/\/www.tuicamper.com\/routen\/usa-routen\/\">Strecken der USA<\/a> gehandelt. Das Highlight der Tour: Die Golden Gate Bridge im Licht der untergehenden Sonne. Nach einer ausgiebigen Erkundung San Franciscos gilt es die Natursch\u00f6nheit Kaliforniens n\u00e4her zu entdecken \u2013 im <a href=\"https:\/\/www.tuicamper.com\/magazin\/yosemite-nationalpark\/\">Yosemite Nationalpark<\/a> versteht sich. Hier erwarten Sie spektakul\u00e4re Wasserf\u00e4lle, kristallklare Bergseen und fantastisch anmutende Granitfelsen.<\/p>\n<\/div><\/section><\/p><\/div><div  class='avia-button-wrap av-ju2eusip-a456f10ae50d1f1602f84c19971a9771-wrap avia-button-center  avia-builder-el-32  el_after_av_one_full  avia-builder-el-last '><a href='https:\/\/www.tuicamper.com\/reiseziele\/nordamerika\/usa\/'  class='avia-button av-ju2eusip-a456f10ae50d1f1602f84c19971a9771 av-link-btn avia-icon_select-yes-right-icon avia-size-large avia-position-center avia-color-theme-color'   aria-label=\"Jetzt Wohnmobil mieten f\u00fcr die USA\"><span class='avia_iconbox_title' >Jetzt Wohnmobil mieten f\u00fcr die USA<\/span><span class='avia_button_icon avia_button_icon_right avia-iconfont avia-font-entypo-fontello' data-av_icon='\ue875' data-av_iconfont='entypo-fontello' ><\/span><\/a><\/div>\n<\/div><\/div><\/div><!-- close content main div --><\/div><\/div><div id='after_section_5'  class='main_color av_default_container_wrap container_wrap sidebar_right'  ><div class='container av-section-cont-open' ><div class='template-page content  av-content-small alpha units'><div class='post-entry post-entry-type-page post-entry-3832'><div class='entry-content-wrapper clearfix'><\/p>\n<section  class='av_textblock_section av-jtpqpty6-550c066a997ebaf648fccc87d0b9ff16 '   itemscope=\"itemscope\" itemtype=\"https:\/\/schema.org\/BlogPosting\" itemprop=\"blogPost\" ><div class='avia_textblock'  itemprop=\"text\" >\r\n<div style=\"clear: both;\"><\/div>\r\n<div class=\"post-breaker-item breaker-type-default\">\r\n    <div class=\"post-breaker-item-inner\">\r\n                    \n<style type=\"text\/css\" data-created_by=\"avia_inline_auto\" id=\"style-css-av-jtpksizx-4b352f2a2752c01e58a4c67632af1aa6\">\n#top .av_textblock_section.av-jtpksizx-4b352f2a2752c01e58a4c67632af1aa6 .avia_textblock{\nfont-size:28px;\n}\n<\/style>\n<section  class='av_textblock_section av-jtpksizx-4b352f2a2752c01e58a4c67632af1aa6 '   itemscope=\"itemscope\" itemtype=\"https:\/\/schema.org\/BlogPosting\" itemprop=\"blogPost\" ><div class='avia_textblock'  itemprop=\"text\" ><p><strong>\u2013 Lesen Sie auch \u2013<\/strong><\/p>\n<\/div><\/section>\n\n<style type=\"text\/css\" data-created_by=\"avia_inline_auto\" id=\"style-css-av-ehyb5-42286bbb62f5c947921c50b729609f1d\">\n.flex_column.av-ehyb5-42286bbb62f5c947921c50b729609f1d{\nborder-radius:0px 0px 0px 0px;\npadding:0px 0px 0px 0px;\n}\n<\/style>\n<div  class='flex_column av-ehyb5-42286bbb62f5c947921c50b729609f1d av_one_third first flex_column_div av-zero-column-padding  '     ><p>\n<style type=\"text\/css\" data-created_by=\"avia_inline_auto\" id=\"style-css-av-jt75ko0n-ae0abf66f680910458804783a0283718\">\n.avia-image-container.av-jt75ko0n-ae0abf66f680910458804783a0283718 img.avia_image{\nbox-shadow:none;\n}\n.avia-image-container.av-jt75ko0n-ae0abf66f680910458804783a0283718 .av-image-caption-overlay-center{\ncolor:#ffffff;\n}\n<\/style>\n<div  class='avia-image-container av-jt75ko0n-ae0abf66f680910458804783a0283718 av-styling-no-styling av-hover-grow av-hide-overflow av-img-linked avia_animated_image av-animated-when-visible-95 fade-in avia-align-left'   itemprop=\"image\" itemscope=\"itemscope\" itemtype=\"https:\/\/schema.org\/ImageObject\" ><div class=\"avia-image-container-inner\"><div class=\"avia-image-overlay-wrap\"><a href=\"https:\/\/www.tuicamper.com\/magazin\/wohnmobil-urlaub-mit-kindern\/\" class='avia_image '  aria-label='Wohnmobil-Urlaub mit Kindern'><img decoding=\"async\" fetchpriority=\"high\" class='wp-image-620 avia-img-lazy-loading-not-620 avia_image ' src=\"https:\/\/www.tuicamper.com\/wp-docker\/wp-content\/uploads\/2019\/03\/wohnmobil-urlaub-kinder-teaser.jpg\" alt='Wohnmobil-Urlaub mit Kindern' title='Wohnmobil-Urlaub mit Kindern'  height=\"200\" width=\"350\"  itemprop=\"thumbnailUrl\" srcset=\"https:\/\/www.tuicamper.com\/wp-docker\/wp-content\/uploads\/2019\/03\/wohnmobil-urlaub-kinder-teaser.jpg 350w, https:\/\/www.tuicamper.com\/wp-docker\/wp-content\/uploads\/2019\/03\/wohnmobil-urlaub-kinder-teaser-300x171.jpg 300w\" sizes=\"(max-width: 350px) 100vw, 350px\" \/><\/a><\/div><\/div><\/div><br \/>\n<section  class='av_textblock_section av-jt75lbqb-bba29013bb6610b0762c56b6a5ae7819 '   itemscope=\"itemscope\" itemtype=\"https:\/\/schema.org\/BlogPosting\" itemprop=\"blogPost\" ><div class='avia_textblock'  itemprop=\"text\" ><p style=\"text-align: left;\"><strong><a href=\"https:\/\/www.tuicamper.com\/magazin\/wohnmobil-urlaub-mit-kindern\/\">Wohnmobil-Urlaub mit Kindern \u2013 Tipps zum entspannten Reisen<\/a><\/strong><\/p>\n<\/div><\/section><\/p><\/div>\n<style type=\"text\/css\" data-created_by=\"avia_inline_auto\" id=\"style-css-av-mjaz5-8c98367a6c18636835015f228c708a47\">\n.flex_column.av-mjaz5-8c98367a6c18636835015f228c708a47{\nborder-radius:0px 0px 0px 0px;\npadding:0px 0px 0px 0px;\n}\n<\/style>\n<div  class='flex_column av-mjaz5-8c98367a6c18636835015f228c708a47 av_one_third flex_column_div av-zero-column-padding  '     ><p>\n<style type=\"text\/css\" data-created_by=\"avia_inline_auto\" id=\"style-css-av-jt75ko0n-936a7e755d09d003012dadea625cf8fe\">\n.avia-image-container.av-jt75ko0n-936a7e755d09d003012dadea625cf8fe img.avia_image{\nbox-shadow:none;\n}\n.avia-image-container.av-jt75ko0n-936a7e755d09d003012dadea625cf8fe .av-image-caption-overlay-center{\ncolor:#ffffff;\n}\n<\/style>\n<div  class='avia-image-container av-jt75ko0n-936a7e755d09d003012dadea625cf8fe av-styling-no-styling av-hover-grow av-hide-overflow av-img-linked avia_animated_image av-animated-when-visible-95 fade-in avia-align-left'   itemprop=\"image\" itemscope=\"itemscope\" itemtype=\"https:\/\/schema.org\/ImageObject\" ><div class=\"avia-image-container-inner\"><div class=\"avia-image-overlay-wrap\"><a href=\"https:\/\/www.tuicamper.com\/magazin\/streckenplanung\/\" class='avia_image '  aria-label='Streckenplanung'><img decoding=\"async\" fetchpriority=\"high\" class='wp-image-498 avia-img-lazy-loading-not-498 avia_image ' src=\"https:\/\/www.tuicamper.com\/wp-docker\/wp-content\/uploads\/2019\/03\/streckenplanung-teaser.jpg\" alt='' title='Streckenplanung'  height=\"200\" width=\"350\"  itemprop=\"thumbnailUrl\" srcset=\"https:\/\/www.tuicamper.com\/wp-docker\/wp-content\/uploads\/2019\/03\/streckenplanung-teaser.jpg 350w, https:\/\/www.tuicamper.com\/wp-docker\/wp-content\/uploads\/2019\/03\/streckenplanung-teaser-300x171.jpg 300w\" sizes=\"(max-width: 350px) 100vw, 350px\" \/><\/a><\/div><\/div><\/div><br \/>\n<section  class='av_textblock_section av-jt75lbqb-bba29013bb6610b0762c56b6a5ae7819 '   itemscope=\"itemscope\" itemtype=\"https:\/\/schema.org\/BlogPosting\" itemprop=\"blogPost\" ><div class='avia_textblock'  itemprop=\"text\" ><p style=\"text-align: left;\"><a href=\"https:\/\/www.tuicamper.com\/magazin\/streckenplanung\/\"><strong>Streckenplanung \u2013 Clevere Tipps f\u00fcr eine entspannte Wohnmobil-Reise<\/strong><\/a><\/p>\n<\/div><\/section><\/p><\/div>\n<style type=\"text\/css\" data-created_by=\"avia_inline_auto\" id=\"style-css-av-ehyb5-8fadcff6392c44a3fc98dc4b014d4246\">\n.flex_column.av-ehyb5-8fadcff6392c44a3fc98dc4b014d4246{\nborder-radius:0px 0px 0px 0px;\npadding:0px 0px 0px 0px;\n}\n<\/style>\n<div  class='flex_column av-ehyb5-8fadcff6392c44a3fc98dc4b014d4246 av_one_third flex_column_div av-zero-column-padding  '     ><p>\n<style type=\"text\/css\" data-created_by=\"avia_inline_auto\" id=\"style-css-av-jt75ko0n-b43f370347ad460181b50c8ec8948820\">\n.avia-image-container.av-jt75ko0n-b43f370347ad460181b50c8ec8948820 img.avia_image{\nbox-shadow:none;\n}\n.avia-image-container.av-jt75ko0n-b43f370347ad460181b50c8ec8948820 .av-image-caption-overlay-center{\ncolor:#ffffff;\n}\n<\/style>\n<div  class='avia-image-container av-jt75ko0n-b43f370347ad460181b50c8ec8948820 av-styling-no-styling av-hover-grow av-hide-overflow av-img-linked avia_animated_image av-animated-when-visible-95 fade-in avia-align-left'   itemprop=\"image\" itemscope=\"itemscope\" itemtype=\"https:\/\/schema.org\/ImageObject\" ><div class=\"avia-image-container-inner\"><div class=\"avia-image-overlay-wrap\"><a href=\"https:\/\/www.tuicamper.com\/magazin\/wohnmobil-grundausruestung\/\" class='avia_image '  aria-label='Wohnmobil Grundausstattung'><img decoding=\"async\" fetchpriority=\"high\" class='wp-image-499 avia-img-lazy-loading-not-499 avia_image ' src=\"https:\/\/www.tuicamper.com\/wp-docker\/wp-content\/uploads\/2019\/03\/wohnmobil-grundausruestung-teaser.jpg\" alt='Wohnmobil Grundausstattung' title='Wohnmobil Grundausstattung'  height=\"200\" width=\"350\"  itemprop=\"thumbnailUrl\" srcset=\"https:\/\/www.tuicamper.com\/wp-docker\/wp-content\/uploads\/2019\/03\/wohnmobil-grundausruestung-teaser.jpg 350w, https:\/\/www.tuicamper.com\/wp-docker\/wp-content\/uploads\/2019\/03\/wohnmobil-grundausruestung-teaser-300x171.jpg 300w\" sizes=\"(max-width: 350px) 100vw, 350px\" \/><\/a><\/div><\/div><\/div><br \/>\n<section  class='av_textblock_section av-jt75lbqb-bba29013bb6610b0762c56b6a5ae7819 '   itemscope=\"itemscope\" itemtype=\"https:\/\/schema.org\/BlogPosting\" itemprop=\"blogPost\" ><div class='avia_textblock'  itemprop=\"text\" ><p style=\"text-align: left;\"><strong><a href=\"https:\/\/www.tuicamper.com\/magazin\/wohnmobil-grundausruestung\/\">Wohnmobil Grundausstattung \u2013 Das beste Zubeh\u00f6r &amp; n\u00fctzliche Gadgets<\/a><\/strong><\/p>\n<\/div><\/section><\/p><\/div><\/p>\n            <div style=\"clear: both;\"><\/div>\r\n            <\/div>\r\n<\/div>\r\n\n<\/div><\/section>\n<\/div><\/div><\/div><!-- close content main div --><\/div><\/div><div id='av_section_6'  class='avia-section av-jt5vrdgv-4386718e65b314e69682ca60ae604601 main_color avia-section-default avia-no-border-styling  avia-builder-el-34  el_after_av_textblock  el_before_av_section  reduced-content avia-bg-style-scroll container_wrap sidebar_right'  ><div class='container av-section-cont-open' ><div class='template-page content  av-content-small alpha units'><div class='post-entry post-entry-type-page post-entry-3832'><div class='entry-content-wrapper clearfix'>\n\n<style type=\"text\/css\" data-created_by=\"avia_inline_auto\" id=\"style-css-av-1g5aou-6e8505d9de1136ce38f66b0d0e5d2a36\">\n.flex_column.av-1g5aou-6e8505d9de1136ce38f66b0d0e5d2a36{\nborder-radius:0px 0px 0px 0px;\npadding:0px 0px 0px 0px;\n}\n<\/style>\n<div  class='flex_column av-1g5aou-6e8505d9de1136ce38f66b0d0e5d2a36 av_one_full  avia-builder-el-35  el_before_av_button  avia-builder-el-first  first flex_column_div av-zero-column-padding  '     ><section  class='av_textblock_section av-jt5tjyk0-1e04ddf86ca9bd8201b4b17bbb4a6491 '   itemscope=\"itemscope\" itemtype=\"https:\/\/schema.org\/BlogPosting\" itemprop=\"blogPost\" ><div class='avia_textblock'  itemprop=\"text\" ><h2>4.) Die Algarve in Portugal<\/h2>\n<p>Traumstr\u00e4nde und idyllische Buchten, aufgereiht wie an einer Perlenkette. Die portugiesische Algarve ist der wahrgewordene Urlaubstraum schlechthin. Rund um <a href=\"https:\/\/www.tuicamper.com\/reiseziele\/europa\/portugal\/faro\/\">Faro<\/a> erstrecken sich fantastische Sandbuchten, die von typisch wei\u00df gekalkten D\u00f6rfern ges\u00e4umt werden. Die Felsklippenlandschaft Ponta da Piedade mit ihren Str\u00e4nden und Buchten ist eines der am weitesten verbreiteten Postkartenmotive \u00fcberhaupt. Doch die Sch\u00f6nheit der Algarve ist alles andere als ein wohlgeh\u00fctetes Geheimnis. Gerade im Sommer sind viele der sch\u00f6nsten Str\u00e4nde heillos \u00fcberlaufen. Ein Grund mehr, die Algarve in den Herbstmonaten zu erkunden. Sp\u00e4testens Ende September sind die gro\u00dfen Touristenstr\u00f6me versiegt. Die Sonne aber bleibt.<\/p>\n<p><strong>Lesetipp<\/strong>: Erfahren Sie mehr \u00fcber Portugal in unserem Artikel<br \/>\n<a href=\"https:\/\/www.tuicamper.com\/magazin\/portugal-highlights\/\">Portugal Sehensw\u00fcrdigkeiten: 10 Highlights f\u00fcr einen Camper-Roadtrip<\/a><\/p>\n<\/div><\/section><\/div><div  class='avia-button-wrap av-ju2eusip-e21b6e1e73e06ab8100dfca0fa160d89-wrap avia-button-center  avia-builder-el-37  el_after_av_one_full  el_before_av_hr '><a href='https:\/\/www.tuicamper.com\/reiseziele\/europa\/portugal\/'  class='avia-button av-ju2eusip-e21b6e1e73e06ab8100dfca0fa160d89 av-link-btn avia-icon_select-yes-right-icon avia-size-large avia-position-center avia-color-theme-color'   aria-label=\"Jetzt Wohnmobil mieten f\u00fcr Portugal\"><span class='avia_iconbox_title' >Jetzt Wohnmobil mieten f\u00fcr Portugal<\/span><span class='avia_button_icon avia_button_icon_right avia-iconfont avia-font-entypo-fontello' data-av_icon='\ue875' data-av_iconfont='entypo-fontello' ><\/span><\/a><\/div>\n\n<style type=\"text\/css\" data-created_by=\"avia_inline_auto\" id=\"style-css-av-jwj918c3-315e0fede61d05e0c478b80905e3cec5\">\n#top .hr.hr-invisible.av-jwj918c3-315e0fede61d05e0c478b80905e3cec5{\nheight:25px;\n}\n<\/style>\n<div  class='hr av-jwj918c3-315e0fede61d05e0c478b80905e3cec5 hr-invisible  avia-builder-el-38  el_after_av_button  el_before_av_horizontal_gallery  avia-builder-el-last '><span class='hr-inner '><span class=\"hr-inner-style\"><\/span><\/span><\/div>\n\n<style type=\"text\/css\" data-created_by=\"avia_inline_auto\" id=\"style-css-av-jztwf4fg-2b05be4c95ff705eb8c9c35d385370d5\">\n.av-horizontal-gallery.av-jztwf4fg-2b05be4c95ff705eb8c9c35d385370d5 .av-horizontal-gallery-inner{\npadding-bottom:50%;\n}\n<\/style>\n<div  class='av-horizontal-gallery av-jztwf4fg-2b05be4c95ff705eb8c9c35d385370d5 av-horizontal-gallery-large-gap av-horizontal-gallery--effect  avia-builder-el-39  el_after_av_hr  el_before_av_hr  av-slideshow-ui av-control-default av-slideshow-manual av-loop-once av-loop-manual-endless av-horizontal-gallery-4' data-slideshow-data=\"{&quot;animation&quot;:&quot;slide&quot;,&quot;autoplay&quot;:false,&quot;loop_autoplay&quot;:&quot;once&quot;,&quot;interval&quot;:5,&quot;loop_manual&quot;:&quot;manual-endless&quot;,&quot;autoplay_stopper&quot;:false,&quot;noNavigation&quot;:false,&quot;bg_slider&quot;:false,&quot;keep_padding&quot;:&quot;&quot;,&quot;hoverpause&quot;:false,&quot;show_slide_delay&quot;:0,&quot;initial&quot;:&quot;1&quot;}\"  itemprop=\"image\" itemscope=\"itemscope\" itemtype=\"https:\/\/schema.org\/ImageObject\" ><div class='avia-slideshow-arrows avia-slideshow-controls' ><a href='#prev' class='prev-slide av-horizontal-gallery-prev avia-svg-icon avia-font-svg_entypo-fontello' data-av_svg_icon='left-open-big' data-av_iconset='svg_entypo-fontello' tabindex='-1' title=\"Zur\u00fcck\"><svg version=\"1.1\" xmlns=\"http:\/\/www.w3.org\/2000\/svg\" width=\"15\" height=\"32\" viewBox=\"0 0 15 32\" preserveAspectRatio=\"xMidYMid meet\" aria-labelledby='av-svg-title-16' aria-describedby='av-svg-desc-16' role=\"graphics-symbol\" aria-hidden=\"true\">\n<title id='av-svg-title-16'>Zur\u00fcck<\/title>\n<desc id='av-svg-desc-16'>Zur\u00fcck<\/desc>\n<path d=\"M14.464 27.84q0.832 0.832 0 1.536-0.832 0.832-1.536 0l-12.544-12.608q-0.768-0.768 0-1.6l12.544-12.608q0.704-0.832 1.536 0 0.832 0.704 0 1.536l-11.456 11.904z\"><\/path>\n<\/svg><span class='avia_hidden_link_text'>Zur\u00fcck<\/span><\/a><a href='#next' class='next-slide av-horizontal-gallery-next avia-svg-icon avia-font-svg_entypo-fontello' data-av_svg_icon='right-open-big' data-av_iconset='svg_entypo-fontello' tabindex='-1' title=\"Weiter\"><svg version=\"1.1\" xmlns=\"http:\/\/www.w3.org\/2000\/svg\" width=\"15\" height=\"32\" viewBox=\"0 0 15 32\" preserveAspectRatio=\"xMidYMid meet\" aria-labelledby='av-svg-title-17' aria-describedby='av-svg-desc-17' role=\"graphics-symbol\" aria-hidden=\"true\">\n<title id='av-svg-title-17'>Weiter<\/title>\n<desc id='av-svg-desc-17'>Weiter<\/desc>\n<path d=\"M0.416 27.84l11.456-11.84-11.456-11.904q-0.832-0.832 0-1.536 0.832-0.832 1.536 0l12.544 12.608q0.768 0.832 0 1.6l-12.544 12.608q-0.704 0.832-1.536 0-0.832-0.704 0-1.536z\"><\/path>\n<\/svg><span class='avia_hidden_link_text'>Weiter<\/span><\/a><\/div><div class='avia-slideshow-dots avia-slideshow-controls av-horizontal-gallery-dots fade-in'><a href='#1' class='goto-slide active' >1<\/a><a href='#2' class='goto-slide ' >2<\/a><a href='#3' class='goto-slide ' >3<\/a><\/div><div class='av-horizontal-gallery-inner' data-av-height='50'><div class=\"av-horizontal-gallery-slider\"><div class=\"av-horizontal-gallery-wrap noHover\"><img decoding=\"async\" loading=\"lazy\" class='wp-image-1399 avia-img-lazy-loading-1399 av-horizontal-gallery-img' width=\"1280\" height=\"630\" src=\"https:\/\/www.tuicamper.com\/wp-docker\/wp-content\/uploads\/2019\/04\/sonnenuntergang-algarve-1280x630.jpg\" title='Sonnenuntergang an der Algarve' alt='Sonnenuntergang an der Algarve' \/><a href=\"https:\/\/www.tuicamper.com\/wp-docker\/wp-content\/uploads\/2019\/04\/sonnenuntergang-algarve-1030x652.jpg\" data-srcset=\"https:\/\/www.tuicamper.com\/wp-docker\/wp-content\/uploads\/2019\/04\/sonnenuntergang-algarve-1030x652.jpg 1030w, https:\/\/www.tuicamper.com\/wp-docker\/wp-content\/uploads\/2019\/04\/sonnenuntergang-algarve-300x190.jpg 300w, https:\/\/www.tuicamper.com\/wp-docker\/wp-content\/uploads\/2019\/04\/sonnenuntergang-algarve-768x486.jpg 768w, https:\/\/www.tuicamper.com\/wp-docker\/wp-content\/uploads\/2019\/04\/sonnenuntergang-algarve-705x446.jpg 705w, https:\/\/www.tuicamper.com\/wp-docker\/wp-content\/uploads\/2019\/04\/sonnenuntergang-algarve-450x285.jpg 450w, https:\/\/www.tuicamper.com\/wp-docker\/wp-content\/uploads\/2019\/04\/sonnenuntergang-algarve.jpg 1280w\" data-sizes=\"(max-width: 1030px) 100vw, 1030px\" class='av-horizontal-gallery-link avia-svg-icon avia-font-svg_entypo-fontello' data-av_svg_icon='resize-full' data-av_iconset='svg_entypo-fontello' title='Sonnenuntergang an der Algarve' alt='Sonnenuntergang an der Algarve' aria-label='Open image in lightbox: Sonnenuntergang an der Algarve'><svg version=\"1.1\" xmlns=\"http:\/\/www.w3.org\/2000\/svg\" width=\"25\" height=\"32\" viewBox=\"0 0 25 32\" preserveAspectRatio=\"xMidYMid meet\" aria-labelledby='av-svg-title-18' aria-describedby='av-svg-desc-18' role=\"graphics-symbol\" aria-hidden=\"true\">\n<title id='av-svg-title-18'>Open image in lightbox: Sonnenuntergang an der Algarve<\/title>\n<desc id='av-svg-desc-18'>Open image in lightbox: Sonnenuntergang an der Algarve<\/desc>\n<path d=\"M15.232 3.328h10.112v10.112l-3.2-3.968-4.672 4.864-3.2-3.2 4.864-4.672zM7.872 17.536l3.2 3.2-4.864 4.672 3.904 3.2h-10.112v-10.112l3.2 3.904z\"><\/path>\n<\/svg><\/a><\/div><div class=\"av-horizontal-gallery-wrap noHover\"><img decoding=\"async\" loading=\"lazy\" class='wp-image-3839 avia-img-lazy-loading-3839 av-horizontal-gallery-img' width=\"1280\" height=\"630\" src=\"https:\/\/www.tuicamper.com\/wp-docker\/wp-content\/uploads\/2019\/08\/algarve-orig-1280x630.jpg\" title='Die K\u00fcste an der Algarve' alt='Die K\u00fcste an der Algarve' \/><a href=\"https:\/\/www.tuicamper.com\/wp-docker\/wp-content\/uploads\/2019\/08\/algarve-orig-1030x686.jpg\" data-srcset=\"https:\/\/www.tuicamper.com\/wp-docker\/wp-content\/uploads\/2019\/08\/algarve-orig-1030x686.jpg 1030w, https:\/\/www.tuicamper.com\/wp-docker\/wp-content\/uploads\/2019\/08\/algarve-orig-300x200.jpg 300w, https:\/\/www.tuicamper.com\/wp-docker\/wp-content\/uploads\/2019\/08\/algarve-orig-768x512.jpg 768w, https:\/\/www.tuicamper.com\/wp-docker\/wp-content\/uploads\/2019\/08\/algarve-orig-705x470.jpg 705w, https:\/\/www.tuicamper.com\/wp-docker\/wp-content\/uploads\/2019\/08\/algarve-orig-450x300.jpg 450w, https:\/\/www.tuicamper.com\/wp-docker\/wp-content\/uploads\/2019\/08\/algarve-orig.jpg 1280w\" data-sizes=\"(max-width: 1030px) 100vw, 1030px\" class='av-horizontal-gallery-link avia-svg-icon avia-font-svg_entypo-fontello' data-av_svg_icon='resize-full' data-av_iconset='svg_entypo-fontello' title='Die K\u00fcste an der Algarve' alt='Die K\u00fcste an der Algarve' aria-label='Open image in lightbox: Die K\u00fcste an der Algarve'><svg version=\"1.1\" xmlns=\"http:\/\/www.w3.org\/2000\/svg\" width=\"25\" height=\"32\" viewBox=\"0 0 25 32\" preserveAspectRatio=\"xMidYMid meet\" aria-labelledby='av-svg-title-19' aria-describedby='av-svg-desc-19' role=\"graphics-symbol\" aria-hidden=\"true\">\n<title id='av-svg-title-19'>Open image in lightbox: Die K\u00fcste an der Algarve<\/title>\n<desc id='av-svg-desc-19'>Open image in lightbox: Die K\u00fcste an der Algarve<\/desc>\n<path d=\"M15.232 3.328h10.112v10.112l-3.2-3.968-4.672 4.864-3.2-3.2 4.864-4.672zM7.872 17.536l3.2 3.2-4.864 4.672 3.904 3.2h-10.112v-10.112l3.2 3.904z\"><\/path>\n<\/svg><\/a><\/div><div class=\"av-horizontal-gallery-wrap noHover\"><img decoding=\"async\" loading=\"lazy\" class='wp-image-1161 avia-img-lazy-loading-1161 av-horizontal-gallery-img' width=\"1280\" height=\"630\" src=\"https:\/\/www.tuicamper.com\/wp-docker\/wp-content\/uploads\/2019\/04\/surfer-portugal-1280x630.jpg\" title='Surfer am Strand von Portugal' alt='Surfer am Strand von Portugal' \/><a href=\"https:\/\/www.tuicamper.com\/wp-docker\/wp-content\/uploads\/2019\/04\/surfer-portugal-1030x686.jpg\" data-srcset=\"https:\/\/www.tuicamper.com\/wp-docker\/wp-content\/uploads\/2019\/04\/surfer-portugal-1030x686.jpg 1030w, https:\/\/www.tuicamper.com\/wp-docker\/wp-content\/uploads\/2019\/04\/surfer-portugal-300x200.jpg 300w, https:\/\/www.tuicamper.com\/wp-docker\/wp-content\/uploads\/2019\/04\/surfer-portugal-768x512.jpg 768w, https:\/\/www.tuicamper.com\/wp-docker\/wp-content\/uploads\/2019\/04\/surfer-portugal-705x470.jpg 705w, https:\/\/www.tuicamper.com\/wp-docker\/wp-content\/uploads\/2019\/04\/surfer-portugal-450x300.jpg 450w, https:\/\/www.tuicamper.com\/wp-docker\/wp-content\/uploads\/2019\/04\/surfer-portugal.jpg 1280w\" data-sizes=\"(max-width: 1030px) 100vw, 1030px\" class='av-horizontal-gallery-link avia-svg-icon avia-font-svg_entypo-fontello' data-av_svg_icon='resize-full' data-av_iconset='svg_entypo-fontello' title='Surfer am Strand von Portugal' alt='Surfer am Strand von Portugal' aria-label='Open image in lightbox: Surfer am Strand von Portugal'><svg version=\"1.1\" xmlns=\"http:\/\/www.w3.org\/2000\/svg\" width=\"25\" height=\"32\" viewBox=\"0 0 25 32\" preserveAspectRatio=\"xMidYMid meet\" aria-labelledby='av-svg-title-20' aria-describedby='av-svg-desc-20' role=\"graphics-symbol\" aria-hidden=\"true\">\n<title id='av-svg-title-20'>Open image in lightbox: Surfer am Strand von Portugal<\/title>\n<desc id='av-svg-desc-20'>Open image in lightbox: Surfer am Strand von Portugal<\/desc>\n<path d=\"M15.232 3.328h10.112v10.112l-3.2-3.968-4.672 4.864-3.2-3.2 4.864-4.672zM7.872 17.536l3.2 3.2-4.864 4.672 3.904 3.2h-10.112v-10.112l3.2 3.904z\"><\/path>\n<\/svg><\/a><\/div><\/div><\/div><\/div>\n\n<style type=\"text\/css\" data-created_by=\"avia_inline_auto\" id=\"style-css-av-jwj918c3-315e0fede61d05e0c478b80905e3cec5\">\n#top .hr.hr-invisible.av-jwj918c3-315e0fede61d05e0c478b80905e3cec5{\nheight:25px;\n}\n<\/style>\n<div  class='hr av-jwj918c3-315e0fede61d05e0c478b80905e3cec5 hr-invisible  avia-builder-el-40  el_after_av_horizontal_gallery  avia-builder-el-no-sibling '><span class='hr-inner '><span class=\"hr-inner-style\"><\/span><\/span><\/div>\n\n<\/div><\/div><\/div><!-- close content main div --><\/div><\/div><div id='av_section_7'  class='avia-section av-jt5vrdgv-4386718e65b314e69682ca60ae604601 main_color avia-section-default avia-no-border-styling  avia-builder-el-41  el_after_av_section  el_before_av_section  reduced-content avia-bg-style-scroll container_wrap sidebar_right'  ><div class='container av-section-cont-open' ><div class='template-page content  av-content-small alpha units'><div class='post-entry post-entry-type-page post-entry-3832'><div class='entry-content-wrapper clearfix'>\n\n<style type=\"text\/css\" data-created_by=\"avia_inline_auto\" id=\"style-css-av-1g5aou-6e8505d9de1136ce38f66b0d0e5d2a36\">\n.flex_column.av-1g5aou-6e8505d9de1136ce38f66b0d0e5d2a36{\nborder-radius:0px 0px 0px 0px;\npadding:0px 0px 0px 0px;\n}\n<\/style>\n<div  class='flex_column av-1g5aou-6e8505d9de1136ce38f66b0d0e5d2a36 av_one_full  avia-builder-el-42  el_before_av_button  avia-builder-el-first  first flex_column_div av-zero-column-padding  '     ><section  class='av_textblock_section av-jt5tjyk0-1e04ddf86ca9bd8201b4b17bbb4a6491 '   itemscope=\"itemscope\" itemtype=\"https:\/\/schema.org\/BlogPosting\" itemprop=\"blogPost\" ><div class='avia_textblock'  itemprop=\"text\" ><h2>5.) S\u00fcditalien: Sizilien &#038; Kalabrien<\/h2>\n<p>Je weiter Sie in <a href=\"https:\/\/www.tuicamper.com\/reiseziele\/europa\/italien\/\">Italien<\/a> Richtung S\u00fcden fahren, desto mehr verschiebt sich die optimale Reisezeit in den Sp\u00e4therbst. Insbesondere in Kalabrien und auf Sizilien sind die Temperaturen erst im Herbst so richtig angenehm. Zu entdecken gibt es auf einer Tour durch Kalabrien und Sizilien viel:<\/p>\n<ul>\n<li>Erkunden Sie ebenso charmante wie geschichtstr\u00e4chtige kalabrische D\u00f6rfer wie Scilla.<\/li>\n<li>Lernen Sie die unglaublich facettenreiche kalabrische K\u00fcche kennen.<\/li>\n<li>Gehen Sie auf Tuchf\u00fchlung mit den Urgewalten der Natur und besuchen Sie die Vulkane \u00c4tna und Stromboli.<\/li>\n<li>Entspannen Sie an traumhaften Sandstr\u00e4nden \u2013 beispielsweise am Strand von Cefal\u00f9.<\/li>\n<li>Besuchen Sie die H\u00fcgelstadt Taormina und sp\u00fcren Sie der r\u00f6mischen Geschichte Siziliens nach.<\/li>\n<li>St\u00fcrzen Sie sich in den bunten Trubel von Palermo und lernen Sie den unverwechselbaren Takt der sizilianischen Hauptstadt kennen.<\/li>\n<\/ul>\n<\/div><\/section><br \/>\n\n<style type=\"text\/css\" data-created_by=\"avia_inline_auto\" id=\"style-css-av-jwj918c3-315e0fede61d05e0c478b80905e3cec5\">\n#top .hr.hr-invisible.av-jwj918c3-315e0fede61d05e0c478b80905e3cec5{\nheight:25px;\n}\n<\/style>\n<div  class='hr av-jwj918c3-315e0fede61d05e0c478b80905e3cec5 hr-invisible  avia-builder-el-44  el_after_av_textblock  el_before_av_horizontal_gallery  avia-builder-el-last '><span class='hr-inner '><span class=\"hr-inner-style\"><\/span><\/span><\/div><br \/>\n\n<style type=\"text\/css\" data-created_by=\"avia_inline_auto\" id=\"style-css-av-jztwf4fg-3a17dd8e34cf106a12e58355220d85bc\">\n.av-horizontal-gallery.av-jztwf4fg-3a17dd8e34cf106a12e58355220d85bc .av-horizontal-gallery-inner{\npadding-bottom:50%;\n}\n<\/style>\n<div  class='av-horizontal-gallery av-jztwf4fg-3a17dd8e34cf106a12e58355220d85bc av-horizontal-gallery-large-gap av-horizontal-gallery--effect  avia-builder-el-45  el_after_av_hr  el_before_av_hr  av-slideshow-ui av-control-default av-slideshow-manual av-loop-once av-loop-manual-endless av-horizontal-gallery-5' data-slideshow-data=\"{&quot;animation&quot;:&quot;slide&quot;,&quot;autoplay&quot;:false,&quot;loop_autoplay&quot;:&quot;once&quot;,&quot;interval&quot;:5,&quot;loop_manual&quot;:&quot;manual-endless&quot;,&quot;autoplay_stopper&quot;:false,&quot;noNavigation&quot;:false,&quot;bg_slider&quot;:false,&quot;keep_padding&quot;:&quot;&quot;,&quot;hoverpause&quot;:false,&quot;show_slide_delay&quot;:0,&quot;initial&quot;:&quot;1&quot;}\"  itemprop=\"image\" itemscope=\"itemscope\" itemtype=\"https:\/\/schema.org\/ImageObject\" ><div class='avia-slideshow-arrows avia-slideshow-controls' ><a href='#prev' class='prev-slide av-horizontal-gallery-prev avia-svg-icon avia-font-svg_entypo-fontello' data-av_svg_icon='left-open-big' data-av_iconset='svg_entypo-fontello' tabindex='-1' title=\"Zur\u00fcck\"><svg version=\"1.1\" xmlns=\"http:\/\/www.w3.org\/2000\/svg\" width=\"15\" height=\"32\" viewBox=\"0 0 15 32\" preserveAspectRatio=\"xMidYMid meet\" aria-labelledby='av-svg-title-21' aria-describedby='av-svg-desc-21' role=\"graphics-symbol\" aria-hidden=\"true\">\n<title id='av-svg-title-21'>Zur\u00fcck<\/title>\n<desc id='av-svg-desc-21'>Zur\u00fcck<\/desc>\n<path d=\"M14.464 27.84q0.832 0.832 0 1.536-0.832 0.832-1.536 0l-12.544-12.608q-0.768-0.768 0-1.6l12.544-12.608q0.704-0.832 1.536 0 0.832 0.704 0 1.536l-11.456 11.904z\"><\/path>\n<\/svg><span class='avia_hidden_link_text'>Zur\u00fcck<\/span><\/a><a href='#next' class='next-slide av-horizontal-gallery-next avia-svg-icon avia-font-svg_entypo-fontello' data-av_svg_icon='right-open-big' data-av_iconset='svg_entypo-fontello' tabindex='-1' title=\"Weiter\"><svg version=\"1.1\" xmlns=\"http:\/\/www.w3.org\/2000\/svg\" width=\"15\" height=\"32\" viewBox=\"0 0 15 32\" preserveAspectRatio=\"xMidYMid meet\" aria-labelledby='av-svg-title-22' aria-describedby='av-svg-desc-22' role=\"graphics-symbol\" aria-hidden=\"true\">\n<title id='av-svg-title-22'>Weiter<\/title>\n<desc id='av-svg-desc-22'>Weiter<\/desc>\n<path d=\"M0.416 27.84l11.456-11.84-11.456-11.904q-0.832-0.832 0-1.536 0.832-0.832 1.536 0l12.544 12.608q0.768 0.832 0 1.6l-12.544 12.608q-0.704 0.832-1.536 0-0.832-0.704 0-1.536z\"><\/path>\n<\/svg><span class='avia_hidden_link_text'>Weiter<\/span><\/a><\/div><div class='avia-slideshow-dots avia-slideshow-controls av-horizontal-gallery-dots fade-in'><a href='#1' class='goto-slide active' >1<\/a><a href='#2' class='goto-slide ' >2<\/a><a href='#3' class='goto-slide ' >3<\/a><\/div><div class='av-horizontal-gallery-inner' data-av-height='50'><div class=\"av-horizontal-gallery-slider\"><div class=\"av-horizontal-gallery-wrap noHover\"><img decoding=\"async\" loading=\"lazy\" class='wp-image-2434 avia-img-lazy-loading-2434 av-horizontal-gallery-img' width=\"1280\" height=\"630\" src=\"https:\/\/www.tuicamper.com\/wp-docker\/wp-content\/uploads\/2019\/05\/catania-etna-1280x630.jpg\" title='Catania mit Blick auf den \u00c4tna' alt='Catania mit Blick auf den \u00c4tna' \/><a href=\"https:\/\/www.tuicamper.com\/wp-docker\/wp-content\/uploads\/2019\/05\/catania-etna-1030x626.jpg\" data-srcset=\"https:\/\/www.tuicamper.com\/wp-docker\/wp-content\/uploads\/2019\/05\/catania-etna-1030x626.jpg 1030w, https:\/\/www.tuicamper.com\/wp-docker\/wp-content\/uploads\/2019\/05\/catania-etna-300x182.jpg 300w, https:\/\/www.tuicamper.com\/wp-docker\/wp-content\/uploads\/2019\/05\/catania-etna-768x467.jpg 768w, https:\/\/www.tuicamper.com\/wp-docker\/wp-content\/uploads\/2019\/05\/catania-etna-705x429.jpg 705w, https:\/\/www.tuicamper.com\/wp-docker\/wp-content\/uploads\/2019\/05\/catania-etna-450x274.jpg 450w, https:\/\/www.tuicamper.com\/wp-docker\/wp-content\/uploads\/2019\/05\/catania-etna.jpg 1280w\" data-sizes=\"(max-width: 1030px) 100vw, 1030px\" class='av-horizontal-gallery-link avia-svg-icon avia-font-svg_entypo-fontello' data-av_svg_icon='resize-full' data-av_iconset='svg_entypo-fontello' title='Catania mit Blick auf den \u00c4tna' alt='Catania mit Blick auf den \u00c4tna' aria-label='Open image in lightbox: Catania mit Blick auf den \u00c4tna'><svg version=\"1.1\" xmlns=\"http:\/\/www.w3.org\/2000\/svg\" width=\"25\" height=\"32\" viewBox=\"0 0 25 32\" preserveAspectRatio=\"xMidYMid meet\" aria-labelledby='av-svg-title-23' aria-describedby='av-svg-desc-23' role=\"graphics-symbol\" aria-hidden=\"true\">\n<title id='av-svg-title-23'>Open image in lightbox: Catania mit Blick auf den \u00c4tna<\/title>\n<desc id='av-svg-desc-23'>Open image in lightbox: Catania mit Blick auf den \u00c4tna<\/desc>\n<path d=\"M15.232 3.328h10.112v10.112l-3.2-3.968-4.672 4.864-3.2-3.2 4.864-4.672zM7.872 17.536l3.2 3.2-4.864 4.672 3.904 3.2h-10.112v-10.112l3.2 3.904z\"><\/path>\n<\/svg><\/a><\/div><div class=\"av-horizontal-gallery-wrap noHover\"><img decoding=\"async\" loading=\"lazy\" class='wp-image-2436 avia-img-lazy-loading-2436 av-horizontal-gallery-img' width=\"1280\" height=\"630\" src=\"https:\/\/www.tuicamper.com\/wp-docker\/wp-content\/uploads\/2019\/05\/stromboli-1280x630.jpg\" title='Blick auf den Stromboli' alt='Blick auf den Stromboli' \/><a href=\"https:\/\/www.tuicamper.com\/wp-docker\/wp-content\/uploads\/2019\/05\/stromboli-1030x686.jpg\" data-srcset=\"https:\/\/www.tuicamper.com\/wp-docker\/wp-content\/uploads\/2019\/05\/stromboli-1030x686.jpg 1030w, https:\/\/www.tuicamper.com\/wp-docker\/wp-content\/uploads\/2019\/05\/stromboli-300x200.jpg 300w, https:\/\/www.tuicamper.com\/wp-docker\/wp-content\/uploads\/2019\/05\/stromboli-768x512.jpg 768w, https:\/\/www.tuicamper.com\/wp-docker\/wp-content\/uploads\/2019\/05\/stromboli-705x470.jpg 705w, https:\/\/www.tuicamper.com\/wp-docker\/wp-content\/uploads\/2019\/05\/stromboli-450x300.jpg 450w, https:\/\/www.tuicamper.com\/wp-docker\/wp-content\/uploads\/2019\/05\/stromboli.jpg 1280w\" data-sizes=\"(max-width: 1030px) 100vw, 1030px\" class='av-horizontal-gallery-link avia-svg-icon avia-font-svg_entypo-fontello' data-av_svg_icon='resize-full' data-av_iconset='svg_entypo-fontello' title='Blick auf den Stromboli' alt='Blick auf den Stromboli' aria-label='Open image in lightbox: Blick auf den Stromboli'><svg version=\"1.1\" xmlns=\"http:\/\/www.w3.org\/2000\/svg\" width=\"25\" height=\"32\" viewBox=\"0 0 25 32\" preserveAspectRatio=\"xMidYMid meet\" aria-labelledby='av-svg-title-24' aria-describedby='av-svg-desc-24' role=\"graphics-symbol\" aria-hidden=\"true\">\n<title id='av-svg-title-24'>Open image in lightbox: Blick auf den Stromboli<\/title>\n<desc id='av-svg-desc-24'>Open image in lightbox: Blick auf den Stromboli<\/desc>\n<path d=\"M15.232 3.328h10.112v10.112l-3.2-3.968-4.672 4.864-3.2-3.2 4.864-4.672zM7.872 17.536l3.2 3.2-4.864 4.672 3.904 3.2h-10.112v-10.112l3.2 3.904z\"><\/path>\n<\/svg><\/a><\/div><div class=\"av-horizontal-gallery-wrap noHover\"><img decoding=\"async\" loading=\"lazy\" class='wp-image-3842 avia-img-lazy-loading-3842 av-horizontal-gallery-img' width=\"1280\" height=\"630\" src=\"https:\/\/www.tuicamper.com\/wp-docker\/wp-content\/uploads\/2019\/08\/sizilien-orig-1280x630.jpg\" title='Hafen auf Sizilien' alt='Hafen auf Sizilien' \/><a href=\"https:\/\/www.tuicamper.com\/wp-docker\/wp-content\/uploads\/2019\/08\/sizilien-orig-1030x685.jpg\" data-srcset=\"https:\/\/www.tuicamper.com\/wp-docker\/wp-content\/uploads\/2019\/08\/sizilien-orig-1030x685.jpg 1030w, https:\/\/www.tuicamper.com\/wp-docker\/wp-content\/uploads\/2019\/08\/sizilien-orig-300x199.jpg 300w, https:\/\/www.tuicamper.com\/wp-docker\/wp-content\/uploads\/2019\/08\/sizilien-orig-768x511.jpg 768w, https:\/\/www.tuicamper.com\/wp-docker\/wp-content\/uploads\/2019\/08\/sizilien-orig-705x469.jpg 705w, https:\/\/www.tuicamper.com\/wp-docker\/wp-content\/uploads\/2019\/08\/sizilien-orig-450x299.jpg 450w, https:\/\/www.tuicamper.com\/wp-docker\/wp-content\/uploads\/2019\/08\/sizilien-orig.jpg 1280w\" data-sizes=\"(max-width: 1030px) 100vw, 1030px\" class='av-horizontal-gallery-link avia-svg-icon avia-font-svg_entypo-fontello' data-av_svg_icon='resize-full' data-av_iconset='svg_entypo-fontello' title='Hafen auf Sizilien' alt='Hafen auf Sizilien' aria-label='Open image in lightbox: Hafen auf Sizilien'><svg version=\"1.1\" xmlns=\"http:\/\/www.w3.org\/2000\/svg\" width=\"25\" height=\"32\" viewBox=\"0 0 25 32\" preserveAspectRatio=\"xMidYMid meet\" aria-labelledby='av-svg-title-25' aria-describedby='av-svg-desc-25' role=\"graphics-symbol\" aria-hidden=\"true\">\n<title id='av-svg-title-25'>Open image in lightbox: Hafen auf Sizilien<\/title>\n<desc id='av-svg-desc-25'>Open image in lightbox: Hafen auf Sizilien<\/desc>\n<path d=\"M15.232 3.328h10.112v10.112l-3.2-3.968-4.672 4.864-3.2-3.2 4.864-4.672zM7.872 17.536l3.2 3.2-4.864 4.672 3.904 3.2h-10.112v-10.112l3.2 3.904z\"><\/path>\n<\/svg><\/a><\/div><\/div><\/div><\/div><br \/>\n\n<style type=\"text\/css\" data-created_by=\"avia_inline_auto\" id=\"style-css-av-jwj918c3-315e0fede61d05e0c478b80905e3cec5\">\n#top .hr.hr-invisible.av-jwj918c3-315e0fede61d05e0c478b80905e3cec5{\nheight:25px;\n}\n<\/style>\n<div  class='hr av-jwj918c3-315e0fede61d05e0c478b80905e3cec5 hr-invisible  avia-builder-el-46  el_after_av_horizontal_gallery  el_before_av_textblock  avia-builder-el-first '><span class='hr-inner '><span class=\"hr-inner-style\"><\/span><\/span><\/div><br \/>\n<section  class='av_textblock_section av-jt5tjyk0-1e04ddf86ca9bd8201b4b17bbb4a6491 '   itemscope=\"itemscope\" itemtype=\"https:\/\/schema.org\/BlogPosting\" itemprop=\"blogPost\" ><div class='avia_textblock'  itemprop=\"text\" ><p>Gut zu wissen: Im Sp\u00e4therbst sind auch die Campingpl\u00e4tze in Kalabrien und Sizilien merklich weniger frequentiert, sodass auch spontanen \u00dcbernachtungen nichts im Wege steht.<\/p>\n<p><strong>Lesetipp<\/strong>: Die wichtigsten Infos zu einer Camper-Reise nach Sizilien finden Sie in unserem Artikel<br \/>\n<a href=\"https:\/\/www.tuicamper.com\/magazin\/wohnmobil-sizilien\/\">Wohnmobil Sizilien \u2013 Highlights f\u00fcr eine Camper-Rundreise<\/a><\/p>\n<\/div><\/section><\/p><\/div><div  class='avia-button-wrap av-ju2eusip-d769c114ea76032e8b2b3689f546b18a-wrap avia-button-center  avia-builder-el-48  el_after_av_one_full  avia-builder-el-last '><a href='https:\/\/www.tuicamper.com\/reiseziele\/europa\/italien\/'  class='avia-button av-ju2eusip-d769c114ea76032e8b2b3689f546b18a av-link-btn avia-icon_select-yes-right-icon avia-size-large avia-position-center avia-color-theme-color'   aria-label=\"Jetzt Wohnmobil mieten f\u00fcr Sizilien\"><span class='avia_iconbox_title' >Jetzt Wohnmobil mieten f\u00fcr Sizilien<\/span><span class='avia_button_icon avia_button_icon_right avia-iconfont avia-font-entypo-fontello' data-av_icon='\ue875' data-av_iconfont='entypo-fontello' ><\/span><\/a><\/div>\n\n<\/div><\/div><\/div><!-- close content main div --><\/div><\/div><div id='av_section_8'  class='avia-section av-jt5vrdgv-4386718e65b314e69682ca60ae604601 main_color avia-section-default avia-no-border-styling  avia-builder-el-49  el_after_av_section  avia-builder-el-last  reduced-content avia-bg-style-scroll container_wrap sidebar_right'  ><div class='container av-section-cont-open' ><div class='template-page content  av-content-small alpha units'><div class='post-entry post-entry-type-page post-entry-3832'><div class='entry-content-wrapper clearfix'>\n\n<style type=\"text\/css\" data-created_by=\"avia_inline_auto\" id=\"style-css-av-1g5aou-6e8505d9de1136ce38f66b0d0e5d2a36\">\n.flex_column.av-1g5aou-6e8505d9de1136ce38f66b0d0e5d2a36{\nborder-radius:0px 0px 0px 0px;\npadding:0px 0px 0px 0px;\n}\n<\/style>\n<div  class='flex_column av-1g5aou-6e8505d9de1136ce38f66b0d0e5d2a36 av_one_full  avia-builder-el-50  el_before_av_social_share  avia-builder-el-first  first flex_column_div av-zero-column-padding  '     ><style type=\"text\/css\" data-created_by=\"avia_inline_auto\" id=\"style-css-av-jt5tjyk0-26a28d0242835cbba60d70517a13c769\">\n#top .av_textblock_section.av-jt5tjyk0-26a28d0242835cbba60d70517a13c769 .avia_textblock{\nfont-size:28px;\n}\n<\/style>\n<section  class='av_textblock_section av-jt5tjyk0-26a28d0242835cbba60d70517a13c769 '   itemscope=\"itemscope\" itemtype=\"https:\/\/schema.org\/BlogPosting\" itemprop=\"blogPost\" ><div class='avia_textblock'  itemprop=\"text\" ><p><strong>Ihr TUICAMPER-Team w\u00fcnscht Ihnen eine unvergessliche Reise im goldenen Herbst!<\/strong><\/p>\n<\/div><\/section><\/div><div  class='av-social-sharing-box av-10zg8-8676a2d54b4a15bbf6c39a1c18f0815b av-social-sharing-box-default  avia-builder-el-52  el_after_av_one_full  avia-builder-el-last  av-social-sharing-box-fullwidth'><div class=\"av-share-box\"><ul class=\"av-share-box-list noLightbox\"><li class='av-share-link av-social-link-facebook avia_social_iconfont' ><a target=\"_blank\" aria-label=\"Teilen auf Facebook\" href='https:\/\/www.facebook.com\/sharer.php?u=https:\/\/www.tuicamper.com\/magazin\/camper-reiseziele-im-herbst\/&#038;t=Die%205%20sch%C3%B6nsten%20Reiseziele%20mit%20dem%20Camper%20im%20Herbst' data-av_icon='\ue8f3' data-av_iconfont='entypo-fontello'  title='' data-avia-related-tooltip='Teilen auf Facebook'><span class='avia_hidden_link_text'>Teilen auf Facebook<\/span><\/a><\/li><li class='av-share-link av-social-link-twitter avia_social_iconfont' ><a target=\"_blank\" aria-label=\"Teilen auf X\" href='https:\/\/twitter.com\/share?text=Die%205%20sch%C3%B6nsten%20Reiseziele%20mit%20dem%20Camper%20im%20Herbst&#038;url=https:\/\/www.tuicamper.com\/magazin\/camper-reiseziele-im-herbst\/' data-av_icon='\ue932' data-av_iconfont='entypo-fontello'  title='' data-avia-related-tooltip='Teilen auf X'><span class='avia_hidden_link_text'>Teilen auf X<\/span><\/a><\/li><li class='av-share-link av-social-link-whatsapp avia_social_iconfont' ><a target=\"_blank\" aria-label=\"Teilen auf WhatsApp\" href='https:\/\/api.whatsapp.com\/send?text=https:\/\/www.tuicamper.com\/magazin\/camper-reiseziele-im-herbst\/' data-av_icon='\uf232' data-av_iconfont='entypo-fontello'  title='' data-avia-related-tooltip='Teilen auf WhatsApp'><span class='avia_hidden_link_text'>Teilen auf WhatsApp<\/span><\/a><\/li><li class='av-share-link av-social-link-pinterest avia_social_iconfont' ><a target=\"_blank\" aria-label=\"Teilen auf Pinterest\" href='https:\/\/pinterest.com\/pin\/create\/button\/?url=https%3A%2F%2Fwww.tuicamper.com%2Fmagazin%2Fcamper-reiseziele-im-herbst%2F&#038;description=Die%205%20sch%C3%B6nsten%20Reiseziele%20mit%20dem%20Camper%20im%20Herbst&#038;media=https%3A%2F%2Fwww.tuicamper.com%2Fwp-docker%2Fwp-content%2Fuploads%2F2019%2F08%2Fherbst-reisen-705x269.jpg' data-av_icon='\ue8f8' data-av_iconfont='entypo-fontello'  title='' data-avia-related-tooltip='Teilen auf Pinterest'><span class='avia_hidden_link_text'>Teilen auf Pinterest<\/span><\/a><\/li><li class='av-share-link av-social-link-mail avia_social_iconfont' ><a  aria-label=\"Per E-Mail teilen\" href='mailto:?subject=Die%205%20sch%C3%B6nsten%20Reiseziele%20mit%20dem%20Camper%20im%20Herbst&#038;body=https:\/\/www.tuicamper.com\/magazin\/camper-reiseziele-im-herbst\/' data-av_icon='\ue805' data-av_iconfont='entypo-fontello'  title='' data-avia-related-tooltip='Per E-Mail teilen'><span class='avia_hidden_link_text'>Per E-Mail teilen<\/span><\/a><\/li><\/ul><\/div><\/div>\n<\/div><\/div><\/div><!-- close content main div --><\/div><\/div><div id='after_section_8'  class='main_color av_default_container_wrap container_wrap sidebar_right'  ><div class='container av-section-cont-open' ><div class='template-page content  av-content-small alpha units'><div class='post-entry post-entry-type-page post-entry-3832'><div class='entry-content-wrapper clearfix'>\n","protected":false},"excerpt":{"rendered":"<p>Vom bunten Bl\u00e4ttermeer Neuenglands bis hin zu den goldenen Sandstr\u00e4nden der Algarve: Wir stellen Ihnen f\u00fcnf Reiseziele rund um den Globus vor, die f\u00fcr eine herbstliche Camper-Tour geradezu pr\u00e4destiniert sind.<\/p>\n","protected":false},"author":4,"featured_media":3838,"comment_status":"open","ping_status":"open","sticky":false,"template":"","format":"standard","meta":{"footnotes":""},"categories":[29],"tags":[57,20,69,60,22],"class_list":["post-3832","post","type-post","status-publish","format-standard","has-post-thumbnail","hentry","category-reisezeit","tag-australien","tag-herbst","tag-italien","tag-portugal","tag-usa"],"yoast_head":"<!-- This site is optimized with the Yoast SEO plugin v27.4 - https:\/\/yoast.com\/product\/yoast-seo-wordpress\/ -->\n<title>Die 5 sch\u00f6nsten Reiseziele mit dem Camper im Herbst<\/title>\n<meta name=\"description\" content=\"Vom bunten Bl\u00e4ttermeer Neuenglands bis hin zu den goldenen Sandstr\u00e4nden der Algarve: Wir stellen Ihnen f\u00fcnf Herbst-Reiseziele rund um den Globus vor.\" \/>\n<meta name=\"robots\" content=\"index, follow, max-snippet:-1, max-image-preview:large, max-video-preview:-1\" \/>\n<link rel=\"canonical\" href=\"https:\/\/www.tuicamper.com\/magazin\/camper-reiseziele-im-herbst\/\" \/>\n<meta property=\"og:locale\" content=\"de_DE\" \/>\n<meta property=\"og:type\" content=\"article\" \/>\n<meta property=\"og:title\" content=\"Die 5 sch\u00f6nsten Reiseziele mit dem Camper im Herbst\" \/>\n<meta property=\"og:description\" content=\"Vom bunten Bl\u00e4ttermeer Neuenglands bis hin zu den goldenen Sandstr\u00e4nden der Algarve: Wir stellen Ihnen f\u00fcnf Herbst-Reiseziele rund um den Globus vor.\" \/>\n<meta property=\"og:url\" content=\"https:\/\/www.tuicamper.com\/magazin\/camper-reiseziele-im-herbst\/\" \/>\n<meta property=\"og:site_name\" content=\"TUI Camper Magazin\" \/>\n<meta property=\"article:published_time\" content=\"2019-08-28T11:11:27+00:00\" \/>\n<meta property=\"article:modified_time\" content=\"2022-12-02T11:00:46+00:00\" \/>\n<meta property=\"og:image\" content=\"https:\/\/www.tuicamper.com\/wp-docker\/wp-content\/uploads\/2019\/08\/herbst-reisen.jpg\" \/>\n\t<meta property=\"og:image:width\" content=\"1310\" \/>\n\t<meta property=\"og:image:height\" content=\"500\" \/>\n\t<meta property=\"og:image:type\" content=\"image\/jpeg\" \/>\n<meta name=\"author\" content=\"Trang\" \/>\n<meta name=\"twitter:card\" content=\"summary_large_image\" \/>\n<meta name=\"twitter:label1\" content=\"Verfasst von\" \/>\n\t<meta name=\"twitter:data1\" content=\"Trang\" \/>\n\t<meta name=\"twitter:label2\" content=\"Gesch\u00e4tzte Lesezeit\" \/>\n\t<meta name=\"twitter:data2\" content=\"12\u00a0Minuten\" \/>\n<!-- \/ Yoast SEO plugin. -->","yoast_head_json":{"title":"Die 5 sch\u00f6nsten Reiseziele mit dem Camper im Herbst","description":"Vom bunten Bl\u00e4ttermeer Neuenglands bis hin zu den goldenen Sandstr\u00e4nden der Algarve: Wir stellen Ihnen f\u00fcnf Herbst-Reiseziele rund um den Globus vor.","robots":{"index":"index","follow":"follow","max-snippet":"max-snippet:-1","max-image-preview":"max-image-preview:large","max-video-preview":"max-video-preview:-1"},"canonical":"https:\/\/www.tuicamper.com\/magazin\/camper-reiseziele-im-herbst\/","og_locale":"de_DE","og_type":"article","og_title":"Die 5 sch\u00f6nsten Reiseziele mit dem Camper im Herbst","og_description":"Vom bunten Bl\u00e4ttermeer Neuenglands bis hin zu den goldenen Sandstr\u00e4nden der Algarve: Wir stellen Ihnen f\u00fcnf Herbst-Reiseziele rund um den Globus vor.","og_url":"https:\/\/www.tuicamper.com\/magazin\/camper-reiseziele-im-herbst\/","og_site_name":"TUI Camper Magazin","article_published_time":"2019-08-28T11:11:27+00:00","article_modified_time":"2022-12-02T11:00:46+00:00","og_image":[{"width":1310,"height":500,"url":"https:\/\/www.tuicamper.com\/wp-docker\/wp-content\/uploads\/2019\/08\/herbst-reisen.jpg","type":"image\/jpeg"}],"author":"Trang","twitter_card":"summary_large_image","twitter_misc":{"Verfasst von":"Trang","Gesch\u00e4tzte Lesezeit":"12\u00a0Minuten"},"schema":{"@context":"https:\/\/schema.org","@graph":[{"@type":"Article","@id":"https:\/\/www.tuicamper.com\/magazin\/camper-reiseziele-im-herbst\/#article","isPartOf":{"@id":"https:\/\/www.tuicamper.com\/magazin\/camper-reiseziele-im-herbst\/"},"author":{"name":"Trang","@id":"https:\/\/www.tuicamper.com\/wp-docker\/#\/schema\/person\/64621aaf52862d378f4e7a6961086fa3"},"headline":"Die 5 sch\u00f6nsten Reiseziele mit dem Camper im Herbst","datePublished":"2019-08-28T11:11:27+00:00","dateModified":"2022-12-02T11:00:46+00:00","mainEntityOfPage":{"@id":"https:\/\/www.tuicamper.com\/magazin\/camper-reiseziele-im-herbst\/"},"wordCount":3633,"commentCount":0,"image":{"@id":"https:\/\/www.tuicamper.com\/magazin\/camper-reiseziele-im-herbst\/#primaryimage"},"thumbnailUrl":"https:\/\/www.tuicamper.com\/wp-docker\/wp-content\/uploads\/2019\/08\/herbst-reisen.jpg","keywords":["Australien","Herbst","Italien","Portugal","USA"],"articleSection":["Reisezeit"],"inLanguage":"de","potentialAction":[{"@type":"CommentAction","name":"Comment","target":["https:\/\/www.tuicamper.com\/magazin\/camper-reiseziele-im-herbst\/#respond"]}]},{"@type":"WebPage","@id":"https:\/\/www.tuicamper.com\/magazin\/camper-reiseziele-im-herbst\/","url":"https:\/\/www.tuicamper.com\/magazin\/camper-reiseziele-im-herbst\/","name":"Die 5 sch\u00f6nsten Reiseziele mit dem Camper im Herbst","isPartOf":{"@id":"https:\/\/www.tuicamper.com\/#website"},"primaryImageOfPage":{"@id":"https:\/\/www.tuicamper.com\/magazin\/camper-reiseziele-im-herbst\/#primaryimage"},"image":{"@id":"https:\/\/www.tuicamper.com\/magazin\/camper-reiseziele-im-herbst\/#primaryimage"},"thumbnailUrl":"https:\/\/www.tuicamper.com\/wp-content\/uploads\/2019\/08\/herbst-reisen.jpg","datePublished":"2019-08-28T11:11:27+00:00","dateModified":"2022-12-02T11:00:46+00:00","author":{"@id":"https:\/\/www.tuicamper.com\/#\/schema\/person\/64621aaf52862d378f4e7a6961086fa3"},"description":"Vom bunten Bl\u00e4ttermeer Neuenglands bis hin zu den goldenen Sandstr\u00e4nden der Algarve: Wir stellen Ihnen f\u00fcnf Herbst-Reiseziele rund um den Globus vor.","breadcrumb":{"@id":"https:\/\/www.tuicamper.com\/magazin\/camper-reiseziele-im-herbst\/#breadcrumb"},"inLanguage":"de","potentialAction":["Array"]},{"@type":"ImageObject","inLanguage":"de","@id":"https:\/\/www.tuicamper.com\/magazin\/camper-reiseziele-im-herbst\/#primaryimage","url":"https:\/\/www.tuicamper.com\/wp-docker\/wp-content\/uploads\/2019\/08\/herbst-reisen.jpg","contentUrl":"https:\/\/www.tuicamper.com\/wp-docker\/wp-content\/uploads\/2019\/08\/herbst-reisen.jpg","width":1310,"height":500,"caption":"herbst-reisen"},{"@type":"BreadcrumbList","@id":"https:\/\/www.tuicamper.com\/magazin\/camper-reiseziele-im-herbst\/#breadcrumb","itemListElement":[{"@type":"ListItem","position":1,"name":"Startseite","item":"https:\/\/www.tuicamper.com\/wp-docker\/"},{"@type":"ListItem","position":2,"name":"Die 5 sch\u00f6nsten Reiseziele mit dem Camper im Herbst"}]},{"@type":"WebSite","@id":"https:\/\/www.tuicamper.com\/#website","url":"https:\/\/www.tuicamper.com\/","name":"TUI Camper Magazin","description":"","potentialAction":["Array"],"inLanguage":"de"},{"@type":"Person","@id":"https:\/\/www.tuicamper.com\/wp-docker\/#\/schema\/person\/64621aaf52862d378f4e7a6961086fa3","name":"Trang","image":{"@type":"ImageObject","inLanguage":"de","@id":"https:\/\/secure.gravatar.com\/avatar\/c946f00f16c232f8cdecfb386f553c12468182e6b4443fb0719b0ef4d8387620?s=96&d=mm&r=g","url":"https:\/\/secure.gravatar.com\/avatar\/c946f00f16c232f8cdecfb386f553c12468182e6b4443fb0719b0ef4d8387620?s=96&d=mm&r=g","contentUrl":"https:\/\/secure.gravatar.com\/avatar\/c946f00f16c232f8cdecfb386f553c12468182e6b4443fb0719b0ef4d8387620?s=96&d=mm&r=g","caption":"Trang"},"url":"https:\/\/www.tuicamper.com\/wp-docker\/magazin\/author\/trang\/"}]}},"_links":{"self":[{"href":"https:\/\/www.tuicamper.com\/wp-docker\/wp-json\/wp\/v2\/posts\/3832","targetHints":{"allow":["GET"]}}],"collection":[{"href":"https:\/\/www.tuicamper.com\/wp-docker\/wp-json\/wp\/v2\/posts"}],"about":[{"href":"https:\/\/www.tuicamper.com\/wp-docker\/wp-json\/wp\/v2\/types\/post"}],"author":[{"embeddable":true,"href":"https:\/\/www.tuicamper.com\/wp-docker\/wp-json\/wp\/v2\/users\/4"}],"replies":[{"embeddable":true,"href":"https:\/\/www.tuicamper.com\/wp-docker\/wp-json\/wp\/v2\/comments?post=3832"}],"version-history":[{"count":17,"href":"https:\/\/www.tuicamper.com\/wp-docker\/wp-json\/wp\/v2\/posts\/3832\/revisions"}],"predecessor-version":[{"id":29470,"href":"https:\/\/www.tuicamper.com\/wp-docker\/wp-json\/wp\/v2\/posts\/3832\/revisions\/29470"}],"wp:featuredmedia":[{"embeddable":true,"href":"https:\/\/www.tuicamper.com\/wp-docker\/wp-json\/wp\/v2\/media\/3838"}],"wp:attachment":[{"href":"https:\/\/www.tuicamper.com\/wp-docker\/wp-json\/wp\/v2\/media?parent=3832"}],"wp:term":[{"taxonomy":"category","embeddable":true,"href":"https:\/\/www.tuicamper.com\/wp-docker\/wp-json\/wp\/v2\/categories?post=3832"},{"taxonomy":"post_tag","embeddable":true,"href":"https:\/\/www.tuicamper.com\/wp-docker\/wp-json\/wp\/v2\/tags?post=3832"}],"curies":[{"name":"wp","href":"https:\/\/api.w.org\/{rel}","templated":true}]}}