{"id":3307,"date":"2019-07-08T12:00:23","date_gmt":"2019-07-08T10:00:23","guid":{"rendered":"https:\/\/www.tuicamper.com\/wp-docker\/?p=3307"},"modified":"2022-04-26T11:42:48","modified_gmt":"2022-04-26T09:42:48","slug":"mecklenburgische-seenplatte","status":"publish","type":"post","link":"https:\/\/www.tuicamper.com\/magazin\/mecklenburgische-seenplatte\/","title":{"rendered":"Mecklenburgische Seenplatte: Wohnmobil-Idyll f\u00fcr Natur-Liebhaber"},"content":{"rendered":"<div id='av_section_1'  class='avia-section av-jt5vrdgv-4386718e65b314e69682ca60ae604601 main_color avia-section-default avia-no-border-styling  avia-builder-el-0  el_before_av_textblock  avia-builder-el-first  reduced-content avia-bg-style-scroll container_wrap sidebar_right'  ><div class='container av-section-cont-open' ><main  role=\"main\" itemprop=\"mainContentOfPage\"  class='template-page content  av-content-small alpha units'><div class='post-entry post-entry-type-page post-entry-3307'><div class='entry-content-wrapper clearfix'>\n\n<style type=\"text\/css\" data-created_by=\"avia_inline_auto\" id=\"style-css-av-1g5aou-6e8505d9de1136ce38f66b0d0e5d2a36\">\n.flex_column.av-1g5aou-6e8505d9de1136ce38f66b0d0e5d2a36{\nborder-radius:0px 0px 0px 0px;\npadding:0px 0px 0px 0px;\n}\n<\/style>\n<div  class='flex_column av-1g5aou-6e8505d9de1136ce38f66b0d0e5d2a36 av_one_full  avia-builder-el-1  avia-builder-el-no-sibling  first flex_column_div av-zero-column-padding  '     ><section  class='av_textblock_section av-jt5tjyk0-1e04ddf86ca9bd8201b4b17bbb4a6491 '   itemscope=\"itemscope\" itemtype=\"https:\/\/schema.org\/BlogPosting\" itemprop=\"blogPost\" ><div class='avia_textblock'  itemprop=\"text\" ><p>Im Nordosten Deutschlands, zwischen Berlin und Rostock, liegt Europas gr\u00f6\u00dftes zusammenh\u00e4ngendes Seengebiet: die Mecklenburgische Seenplatte. Mehr als 1.000 gr\u00f6\u00dfere und kleinere Seen reihen sich hier aneinander. Dazwischen: Beschauliche D\u00f6rfer und lebendige St\u00e4dtchen mit traumhaften Altst\u00e4dten. Umso lohnenswerter ist eine Camper-Tour durch die facettenreiche Region. Zumal sich hier immerhin 30 Campingpl\u00e4tze befinden \u2013 selbstverst\u00e4ndlich nahezu ausnahmslos am Wasser gelegen. Wir stellen Ihnen die Mecklenburgische Seenplatte mitsamt ihren wichtigsten Highlights vor.<\/p>\n<\/div><\/section><\/div>\n<\/div><\/div><\/main><!-- close content main element --><\/div><\/div><div id='after_section_1'  class='main_color av_default_container_wrap container_wrap sidebar_right'  ><div class='container av-section-cont-open' ><div class='template-page content  av-content-small alpha units'><div class='post-entry post-entry-type-page post-entry-3307'><div class='entry-content-wrapper clearfix'>\n<section  class='av_textblock_section av-jtpqpty6-550c066a997ebaf648fccc87d0b9ff16 '   itemscope=\"itemscope\" itemtype=\"https:\/\/schema.org\/BlogPosting\" itemprop=\"blogPost\" ><div class='avia_textblock'  itemprop=\"text\" >\n<\/div><\/section>\n<\/div><\/div><\/div><!-- close content main div --><\/div><\/div><div id='av_section_2'  class='avia-section av-jt5vrdgv-4386718e65b314e69682ca60ae604601 main_color avia-section-default avia-no-border-styling  avia-builder-el-4  el_after_av_textblock  el_before_av_section  reduced-content avia-bg-style-scroll container_wrap sidebar_right'  ><div class='container av-section-cont-open' ><div class='template-page content  av-content-small alpha units'><div class='post-entry post-entry-type-page post-entry-3307'><div class='entry-content-wrapper clearfix'>\n<section  class='av_textblock_section av-jt5tjyk0-1e04ddf86ca9bd8201b4b17bbb4a6491 '   itemscope=\"itemscope\" itemtype=\"https:\/\/schema.org\/BlogPosting\" itemprop=\"blogPost\" ><div class='avia_textblock'  itemprop=\"text\" ><div id=\"js-table-of-contents\">\r\n    <strong>Inhaltsverzeichnis<\/strong>\r\n<\/div>\n<\/div><\/section>\n\n<\/div><\/div><\/div><!-- close content main div --><\/div><\/div><div id='av_section_3'  class='avia-section av-jt5vrdgv-4386718e65b314e69682ca60ae604601 main_color avia-section-default avia-no-border-styling  avia-builder-el-6  el_after_av_section  el_before_av_section  reduced-content avia-bg-style-scroll container_wrap sidebar_right'  ><div class='container av-section-cont-open' ><div class='template-page content  av-content-small alpha units'><div class='post-entry post-entry-type-page post-entry-3307'><div class='entry-content-wrapper clearfix'>\n\n<style type=\"text\/css\" data-created_by=\"avia_inline_auto\" id=\"style-css-av-1g5aou-6e8505d9de1136ce38f66b0d0e5d2a36\">\n.flex_column.av-1g5aou-6e8505d9de1136ce38f66b0d0e5d2a36{\nborder-radius:0px 0px 0px 0px;\npadding:0px 0px 0px 0px;\n}\n<\/style>\n<div  class='flex_column av-1g5aou-6e8505d9de1136ce38f66b0d0e5d2a36 av_one_full  avia-builder-el-7  avia-builder-el-no-sibling  first flex_column_div av-zero-column-padding  '     ><section  class='av_textblock_section av-jt5tjyk0-0d18eb781390b291547f54187af4d25e '   itemscope=\"itemscope\" itemtype=\"https:\/\/schema.org\/BlogPosting\" itemprop=\"blogPost\" ><div class='avia_textblock'  itemprop=\"text\" ><h2>Die Anreise<\/h2>\n<p>Nahe der Mecklenburgischen Seenplatte befinden sich mehrere Camper-Stationen, an denen Sie Ihr Wohnmobil mieten k\u00f6nnen:<\/p>\n<ul>\n<li><a href=\"https:\/\/www.tuicamper.com\/reiseziele\/europa\/deutschland\/berlin\/\"><strong>Berlin<\/strong><\/a>: Nehmen Sie die A10 und wechseln Sie kurz hinter Berlin auf die B96, die Sie geradewegs in die Mecklenburgische Seenplatte f\u00fchrt.<\/li>\n<li><a href=\"https:\/\/www.tuicamper.com\/reiseziele\/europa\/deutschland\/hamburg\/\"><strong>Hamburg<\/strong><\/a>: Von Hamburg aus bietet sich die Anfahrt \u00fcber die A24 und die B103 an.<\/li>\n<\/ul>\n<p>Von allen Camper-Stationen aus erreichen Sie die Mecklenburgische Seenplatte in der Regel innerhalb von drei Stunden.<\/p>\n<\/div><\/section><\/div><\/div><\/div><\/div><!-- close content main div --><\/div><\/div><div id='av_section_4'  class='avia-section av-b7gvl-1eb57de5f7b7a94c40602e8cf977ebb0 main_color avia-section-default avia-no-border-styling  avia-builder-el-9  el_after_av_section  el_before_av_section  reduced-content avia-bg-style-scroll container_wrap sidebar_right'  ><div class='container av-section-cont-open' ><div class='template-page content  av-content-small alpha units'><div class='post-entry post-entry-type-page post-entry-3307'><div class='entry-content-wrapper clearfix'>\n\n<style type=\"text\/css\" data-created_by=\"avia_inline_auto\" id=\"style-css-av-jtplvt5k-cdc839d2564166a71a5d59420571bce9\">\n.avia-image-container.av-jtplvt5k-cdc839d2564166a71a5d59420571bce9 img.avia_image{\nbox-shadow:none;\n}\n.avia-image-container.av-jtplvt5k-cdc839d2564166a71a5d59420571bce9 .av-caption-image-overlay-bg{\nopacity:0.4;\nbackground-color:#000000;\n}\n.avia-image-container.av-jtplvt5k-cdc839d2564166a71a5d59420571bce9 .av-image-caption-overlay-center{\ncolor:#ffffff;\n}\n<\/style>\n<div  class='avia-image-container av-jtplvt5k-cdc839d2564166a71a5d59420571bce9 av-styling- av-img-linked avia_animated_image av-animated-when-visible-95 fade-in avia-align-center  avia-builder-el-10  el_before_av_hr  avia-builder-el-first  noHover av-overlay-on-hover'   itemprop=\"image\" itemscope=\"itemscope\" itemtype=\"https:\/\/schema.org\/ImageObject\" ><div class=\"avia-image-container-inner\"><div class=\"avia-image-overlay-wrap\"><a href=\"https:\/\/www.tuicamper.com\/wp-docker\/wp-content\/uploads\/2019\/07\/seenplatte-mecklenburg-1030x553.jpg\" data-srcset=\"https:\/\/www.tuicamper.com\/wp-docker\/wp-content\/uploads\/2019\/07\/seenplatte-mecklenburg-1030x553.jpg 1030w, https:\/\/www.tuicamper.com\/wp-docker\/wp-content\/uploads\/2019\/07\/seenplatte-mecklenburg-300x161.jpg 300w, https:\/\/www.tuicamper.com\/wp-docker\/wp-content\/uploads\/2019\/07\/seenplatte-mecklenburg-768x412.jpg 768w, https:\/\/www.tuicamper.com\/wp-docker\/wp-content\/uploads\/2019\/07\/seenplatte-mecklenburg-705x378.jpg 705w, https:\/\/www.tuicamper.com\/wp-docker\/wp-content\/uploads\/2019\/07\/seenplatte-mecklenburg-450x242.jpg 450w, https:\/\/www.tuicamper.com\/wp-docker\/wp-content\/uploads\/2019\/07\/seenplatte-mecklenburg.jpg 1280w\" data-sizes=\"(max-width: 1030px) 100vw, 1030px\" class='avia_image '  aria-label='Seenplatte in Mecklenburg'><div class=\"av-image-caption-overlay\"><div class=\"av-caption-image-overlay-bg\"><\/div><div class=\"av-image-caption-overlay-position\"><div class=\"av-image-caption-overlay-center\"><p>Seenplatte in Mecklenburg<\/p>\n<\/div><\/div><\/div><img decoding=\"async\" fetchpriority=\"high\" class='wp-image-3490 avia-img-lazy-loading-not-3490 avia_image ' src=\"https:\/\/www.tuicamper.com\/wp-docker\/wp-content\/uploads\/2019\/07\/seenplatte-mecklenburg-1280x630.jpg\" alt='Seenplatte in Mecklenburg' title='Seenplatte in Mecklenburg'  height=\"630\" width=\"1280\"  itemprop=\"thumbnailUrl\"  \/><\/a><\/div><\/div><\/div>\n\n<style type=\"text\/css\" data-created_by=\"avia_inline_auto\" id=\"style-css-av-jwj918c3-315e0fede61d05e0c478b80905e3cec5\">\n#top .hr.hr-invisible.av-jwj918c3-315e0fede61d05e0c478b80905e3cec5{\nheight:25px;\n}\n<\/style>\n<div  class='hr av-jwj918c3-315e0fede61d05e0c478b80905e3cec5 hr-invisible  avia-builder-el-11  el_after_av_image  avia-builder-el-last '><span class='hr-inner '><span class=\"hr-inner-style\"><\/span><\/span><\/div>\n<\/p>\n<\/div><\/div><\/div><!-- close content main div --><\/div><\/div><div id='av_section_5'  class='avia-section av-jt5vrdgv-4386718e65b314e69682ca60ae604601 main_color avia-section-default avia-no-border-styling  avia-builder-el-12  el_after_av_section  el_before_av_section  reduced-content avia-bg-style-scroll container_wrap sidebar_right'  ><div class='container av-section-cont-open' ><div class='template-page content  av-content-small alpha units'><div class='post-entry post-entry-type-page post-entry-3307'><div class='entry-content-wrapper clearfix'>\n\n<style type=\"text\/css\" data-created_by=\"avia_inline_auto\" id=\"style-css-av-1g5aou-6e8505d9de1136ce38f66b0d0e5d2a36\">\n.flex_column.av-1g5aou-6e8505d9de1136ce38f66b0d0e5d2a36{\nborder-radius:0px 0px 0px 0px;\npadding:0px 0px 0px 0px;\n}\n<\/style>\n<div  class='flex_column av-1g5aou-6e8505d9de1136ce38f66b0d0e5d2a36 av_one_full  avia-builder-el-13  avia-builder-el-no-sibling  first flex_column_div av-zero-column-padding  '     ><section  class='av_textblock_section av-jt5tjyk0-1e04ddf86ca9bd8201b4b17bbb4a6491 '   itemscope=\"itemscope\" itemtype=\"https:\/\/schema.org\/BlogPosting\" itemprop=\"blogPost\" ><div class='avia_textblock'  itemprop=\"text\" ><h2>4 Top-Sehensw\u00fcrdigkeiten im Kurzportrait<\/h2>\n<p>Idyllische Seen, malerische Altst\u00e4dte, bezaubernde Burgen und Schl\u00f6sser: Entlang der Mecklenburgischen Seenplatte gibt es viel zu sehen. Wir stellen Ihnen vier Sehensw\u00fcrdigkeiten vor, die Sie unbedingt in Ihre Tour integrieren sollten \u2013 und geben Ihnen Tipps f\u00fcr die \u00dcbernachtung an die Hand.<\/p>\n<\/div><\/section><\/div>\n\n<\/div><\/div><\/div><!-- close content main div --><\/div><\/div><div id='av_section_6'  class='avia-section av-jt5vrdgv-4386718e65b314e69682ca60ae604601 main_color avia-section-default avia-no-border-styling  avia-builder-el-15  el_after_av_section  el_before_av_section  reduced-content avia-bg-style-scroll container_wrap sidebar_right'  ><div class='container av-section-cont-open' ><div class='template-page content  av-content-small alpha units'><div class='post-entry post-entry-type-page post-entry-3307'><div class='entry-content-wrapper clearfix'>\n\n<style type=\"text\/css\" data-created_by=\"avia_inline_auto\" id=\"style-css-av-1g5aou-6e8505d9de1136ce38f66b0d0e5d2a36\">\n.flex_column.av-1g5aou-6e8505d9de1136ce38f66b0d0e5d2a36{\nborder-radius:0px 0px 0px 0px;\npadding:0px 0px 0px 0px;\n}\n<\/style>\n<div  class='flex_column av-1g5aou-6e8505d9de1136ce38f66b0d0e5d2a36 av_one_full  avia-builder-el-16  avia-builder-el-no-sibling  first flex_column_div av-zero-column-padding  '     ><section  class='av_textblock_section av-jt5tjyk0-1e04ddf86ca9bd8201b4b17bbb4a6491 '   itemscope=\"itemscope\" itemtype=\"https:\/\/schema.org\/BlogPosting\" itemprop=\"blogPost\" ><div class='avia_textblock'  itemprop=\"text\" ><h3>1.) Moltzow und das Schloss Ulrichshusen<\/h3>\n<p>Die Mecklenburgische Seenplatte wird nicht nur von unz\u00e4hligen Seen gepr\u00e4gt, sondern auch von m\u00e4rchenhaften Schl\u00f6ssern, die in den letzten Jahren teils aufw\u00e4ndig restauriert worden sind. Eines der besten Beispiele findet sich im D\u00f6rfchen Moltzow. Hier befindet sich das Schloss Ulrichshusen \u2013 eines der bedeutendsten Renaissance-Bauwerke Mecklenburgs. Im Sommer ist das Schloss einer der Schaupl\u00e4tze der Festspiele Mecklenburg-Vorpommern. Zu dieser Zeit ist ein Besuch besonders lohnenswert.<\/p>\n<p><strong>Tipp<\/strong>: In der N\u00e4he von Moltzow befinden sich gleich mehrere Campingpl\u00e4tze. Empfehlenswert ist etwa das <a href=\"http:\/\/www.campingparadies-dahmen.de\/\" target=\"_blank\" rel=\"noopener\">Campingparadies Dahmen am Malchiner See<\/a>.<\/p>\n<\/div><\/section><\/div>\n\n<\/div><\/div><\/div><!-- close content main div --><\/div><\/div><div id='av_section_7'  class='avia-section av-b7gvl-1eb57de5f7b7a94c40602e8cf977ebb0 main_color avia-section-default avia-no-border-styling  avia-builder-el-18  el_after_av_section  el_before_av_section  reduced-content avia-bg-style-scroll container_wrap sidebar_right'  ><div class='container av-section-cont-open' ><div class='template-page content  av-content-small alpha units'><div class='post-entry post-entry-type-page post-entry-3307'><div class='entry-content-wrapper clearfix'>\n\n<style type=\"text\/css\" data-created_by=\"avia_inline_auto\" id=\"style-css-av-jtplvt5k-836f0a1ba0de6929129d0b3ea96a9228\">\n.avia-image-container.av-jtplvt5k-836f0a1ba0de6929129d0b3ea96a9228 img.avia_image{\nbox-shadow:none;\n}\n.avia-image-container.av-jtplvt5k-836f0a1ba0de6929129d0b3ea96a9228 .av-caption-image-overlay-bg{\nopacity:0.4;\nbackground-color:#000000;\n}\n.avia-image-container.av-jtplvt5k-836f0a1ba0de6929129d0b3ea96a9228 .av-image-caption-overlay-center{\ncolor:#ffffff;\n}\n<\/style>\n<div  class='avia-image-container av-jtplvt5k-836f0a1ba0de6929129d0b3ea96a9228 av-styling- av-img-linked avia_animated_image av-animated-when-visible-95 fade-in avia-align-center  avia-builder-el-19  el_before_av_hr  avia-builder-el-first  noHover av-overlay-on-hover'   itemprop=\"image\" itemscope=\"itemscope\" itemtype=\"https:\/\/schema.org\/ImageObject\" ><div class=\"avia-image-container-inner\"><div class=\"avia-image-overlay-wrap\"><a href=\"https:\/\/www.tuicamper.com\/wp-docker\/wp-content\/uploads\/2019\/06\/ulrichhusen-261107_1280-973x1030.jpg\" data-srcset=\"https:\/\/www.tuicamper.com\/wp-docker\/wp-content\/uploads\/2019\/06\/ulrichhusen-261107_1280-973x1030.jpg 973w, https:\/\/www.tuicamper.com\/wp-docker\/wp-content\/uploads\/2019\/06\/ulrichhusen-261107_1280-283x300.jpg 283w, https:\/\/www.tuicamper.com\/wp-docker\/wp-content\/uploads\/2019\/06\/ulrichhusen-261107_1280-768x813.jpg 768w, https:\/\/www.tuicamper.com\/wp-docker\/wp-content\/uploads\/2019\/06\/ulrichhusen-261107_1280-666x705.jpg 666w, https:\/\/www.tuicamper.com\/wp-docker\/wp-content\/uploads\/2019\/06\/ulrichhusen-261107_1280-450x476.jpg 450w, https:\/\/www.tuicamper.com\/wp-docker\/wp-content\/uploads\/2019\/06\/ulrichhusen-261107_1280.jpg 1209w\" data-sizes=\"(max-width: 973px) 100vw, 973px\" class='avia_image '  aria-label='Schloss Ulrichhusen'><div class=\"av-image-caption-overlay\"><div class=\"av-caption-image-overlay-bg\"><\/div><div class=\"av-image-caption-overlay-position\"><div class=\"av-image-caption-overlay-center\"><p>Schloss Ulrichhusen<\/p>\n<\/div><\/div><\/div><img decoding=\"async\" fetchpriority=\"high\" class='wp-image-3371 avia-img-lazy-loading-not-3371 avia_image ' src=\"https:\/\/www.tuicamper.com\/wp-docker\/wp-content\/uploads\/2019\/06\/ulrichhusen-261107_1280-1209x630.jpg\" alt='Schloss Ulrichhusen' title='Schloss Ulrichhusen'  height=\"630\" width=\"1209\"  itemprop=\"thumbnailUrl\"  \/><\/a><\/div><\/div><\/div>\n\n<style type=\"text\/css\" data-created_by=\"avia_inline_auto\" id=\"style-css-av-jwj918c3-315e0fede61d05e0c478b80905e3cec5\">\n#top .hr.hr-invisible.av-jwj918c3-315e0fede61d05e0c478b80905e3cec5{\nheight:25px;\n}\n<\/style>\n<div  class='hr av-jwj918c3-315e0fede61d05e0c478b80905e3cec5 hr-invisible  avia-builder-el-20  el_after_av_image  avia-builder-el-last '><span class='hr-inner '><span class=\"hr-inner-style\"><\/span><\/span><\/div>\n\n<\/div><\/div><\/div><!-- close content main div --><\/div><\/div><div id='av_section_8'  class='avia-section av-jt5vrdgv-4386718e65b314e69682ca60ae604601 main_color avia-section-default avia-no-border-styling  avia-builder-el-21  el_after_av_section  el_before_av_section  reduced-content avia-bg-style-scroll container_wrap sidebar_right'  ><div class='container av-section-cont-open' ><div class='template-page content  av-content-small alpha units'><div class='post-entry post-entry-type-page post-entry-3307'><div class='entry-content-wrapper clearfix'>\n\n<style type=\"text\/css\" data-created_by=\"avia_inline_auto\" id=\"style-css-av-1g5aou-6e8505d9de1136ce38f66b0d0e5d2a36\">\n.flex_column.av-1g5aou-6e8505d9de1136ce38f66b0d0e5d2a36{\nborder-radius:0px 0px 0px 0px;\npadding:0px 0px 0px 0px;\n}\n<\/style>\n<div  class='flex_column av-1g5aou-6e8505d9de1136ce38f66b0d0e5d2a36 av_one_full  avia-builder-el-22  avia-builder-el-no-sibling  first flex_column_div av-zero-column-padding  '     ><section  class='av_textblock_section av-jt5tjyk0-1e04ddf86ca9bd8201b4b17bbb4a6491 '   itemscope=\"itemscope\" itemtype=\"https:\/\/schema.org\/BlogPosting\" itemprop=\"blogPost\" ><div class='avia_textblock'  itemprop=\"text\" ><h3>2.) Neustrelitz: Zwischen Barock und Moderne<\/h3>\n<p>Ein besonderes Erlebnis im Rahmen des Wohnmobil-Urlaubs an der Mecklenburgischen Seenplatte ist der Besuch von Neustrelitz. Die einstige Residenzstadt der mecklenburgischen Herz\u00f6ge ist geradezu ein Barock-Traum. Rund um den quadratischen Marktplatz befinden sich etliche Bauwerke im typisch ausladenden Barockstil \u2013 darunter die Stadtkirche und das Rathaus. Noch spektakul\u00e4rer war nur das \u2013 mittlerweile vollkommen zerst\u00f6rte und abgetragene \u2013 Schloss Neustrelitz. Ein Abstecher zum ehemaligen Standort des Schlosses lohnt sich aber dennoch, denn der liebevoll gestaltete Schlosspark existiert noch immer.<\/p>\n<p>Wer durch Neustrelitz spaziert, merkt allerdings schnell: Die Stadt ist nicht nur ein beeindruckendes Zeugnis des Barock, sie gibt sich auch sehr modern \u2013 insbesondere hinsichtlich des Kunst- und Kulturlebens.<\/p>\n<p>Gut essen k\u00f6nnen Sie am Stadthafen, wo sich zahlreiche Caf\u00e9s und Restaurants angesiedelt haben. Hier befindet sich zudem ein gro\u00dfer Wohnmobil-Stellplatz.<\/p>\n<\/div><\/section><\/div>\n\n<\/div><\/div><\/div><!-- close content main div --><\/div><\/div><div id='av_section_9'  class='avia-section av-b7gvl-1eb57de5f7b7a94c40602e8cf977ebb0 main_color avia-section-default avia-no-border-styling  avia-builder-el-24  el_after_av_section  el_before_av_section  reduced-content avia-bg-style-scroll container_wrap sidebar_right'  ><div class='container av-section-cont-open' ><div class='template-page content  av-content-small alpha units'><div class='post-entry post-entry-type-page post-entry-3307'><div class='entry-content-wrapper clearfix'>\n\n<style type=\"text\/css\" data-created_by=\"avia_inline_auto\" id=\"style-css-av-jtplvt5k-84668702a38cf4c36a02537ec112a546\">\n.avia-image-container.av-jtplvt5k-84668702a38cf4c36a02537ec112a546 img.avia_image{\nbox-shadow:none;\n}\n.avia-image-container.av-jtplvt5k-84668702a38cf4c36a02537ec112a546 .av-caption-image-overlay-bg{\nopacity:0.4;\nbackground-color:#000000;\n}\n.avia-image-container.av-jtplvt5k-84668702a38cf4c36a02537ec112a546 .av-image-caption-overlay-center{\ncolor:#ffffff;\n}\n<\/style>\n<div  class='avia-image-container av-jtplvt5k-84668702a38cf4c36a02537ec112a546 av-styling- av-img-linked avia_animated_image av-animated-when-visible-95 fade-in avia-align-center  avia-builder-el-25  el_before_av_hr  avia-builder-el-first  noHover av-overlay-on-hover'   itemprop=\"image\" itemscope=\"itemscope\" itemtype=\"https:\/\/schema.org\/ImageObject\" ><div class=\"avia-image-container-inner\"><div class=\"avia-image-overlay-wrap\"><a href=\"https:\/\/www.tuicamper.com\/wp-docker\/wp-content\/uploads\/2019\/06\/Neustrelitz-schlosskirche-1030x684.jpg\" data-srcset=\"https:\/\/www.tuicamper.com\/wp-docker\/wp-content\/uploads\/2019\/06\/Neustrelitz-schlosskirche-1030x684.jpg 1030w, https:\/\/www.tuicamper.com\/wp-docker\/wp-content\/uploads\/2019\/06\/Neustrelitz-schlosskirche-300x199.jpg 300w, https:\/\/www.tuicamper.com\/wp-docker\/wp-content\/uploads\/2019\/06\/Neustrelitz-schlosskirche-768x510.jpg 768w, https:\/\/www.tuicamper.com\/wp-docker\/wp-content\/uploads\/2019\/06\/Neustrelitz-schlosskirche-705x468.jpg 705w, https:\/\/www.tuicamper.com\/wp-docker\/wp-content\/uploads\/2019\/06\/Neustrelitz-schlosskirche-450x299.jpg 450w, https:\/\/www.tuicamper.com\/wp-docker\/wp-content\/uploads\/2019\/06\/Neustrelitz-schlosskirche.jpg 1280w\" data-sizes=\"(max-width: 1030px) 100vw, 1030px\" class='avia_image '  aria-label='Neustrelitz-Schlosskirche'><div class=\"av-image-caption-overlay\"><div class=\"av-caption-image-overlay-bg\"><\/div><div class=\"av-image-caption-overlay-position\"><div class=\"av-image-caption-overlay-center\"><p>Neustrelitz-Schlosskirche<\/p>\n<\/div><\/div><\/div><img decoding=\"async\" fetchpriority=\"high\" class='wp-image-3369 avia-img-lazy-loading-not-3369 avia_image ' src=\"https:\/\/www.tuicamper.com\/wp-docker\/wp-content\/uploads\/2019\/06\/Neustrelitz-schlosskirche-1280x630.jpg\" alt='Neustrelitz-Schlosskirche' title='Neustrelitz-Schlosskirche'  height=\"630\" width=\"1280\"  itemprop=\"thumbnailUrl\"  \/><\/a><\/div><\/div><\/div>\n\n<style type=\"text\/css\" data-created_by=\"avia_inline_auto\" id=\"style-css-av-jwj918c3-315e0fede61d05e0c478b80905e3cec5\">\n#top .hr.hr-invisible.av-jwj918c3-315e0fede61d05e0c478b80905e3cec5{\nheight:25px;\n}\n<\/style>\n<div  class='hr av-jwj918c3-315e0fede61d05e0c478b80905e3cec5 hr-invisible  avia-builder-el-26  el_after_av_image  avia-builder-el-last '><span class='hr-inner '><span class=\"hr-inner-style\"><\/span><\/span><\/div>\n\n<\/div><\/div><\/div><!-- close content main div --><\/div><\/div><div id='av_section_10'  class='avia-section av-jt5vrdgv-4386718e65b314e69682ca60ae604601 main_color avia-section-default avia-no-border-styling  avia-builder-el-27  el_after_av_section  el_before_av_section  reduced-content avia-bg-style-scroll container_wrap sidebar_right'  ><div class='container av-section-cont-open' ><div class='template-page content  av-content-small alpha units'><div class='post-entry post-entry-type-page post-entry-3307'><div class='entry-content-wrapper clearfix'>\n\n<style type=\"text\/css\" data-created_by=\"avia_inline_auto\" id=\"style-css-av-1g5aou-6e8505d9de1136ce38f66b0d0e5d2a36\">\n.flex_column.av-1g5aou-6e8505d9de1136ce38f66b0d0e5d2a36{\nborder-radius:0px 0px 0px 0px;\npadding:0px 0px 0px 0px;\n}\n<\/style>\n<div  class='flex_column av-1g5aou-6e8505d9de1136ce38f66b0d0e5d2a36 av_one_full  avia-builder-el-28  avia-builder-el-no-sibling  first flex_column_div av-zero-column-padding  '     ><section  class='av_textblock_section av-jt5tjyk0-1e04ddf86ca9bd8201b4b17bbb4a6491 '   itemscope=\"itemscope\" itemtype=\"https:\/\/schema.org\/BlogPosting\" itemprop=\"blogPost\" ><div class='avia_textblock'  itemprop=\"text\" ><h3>3.) M\u00fcritzeum: Ausflugstipp f\u00fcr die ganze Familie<\/h3>\n<p>Eine der absoluten Top-Sehensw\u00fcrdigkeiten der Mecklenburgischen Seenplatte befindet sich in Waren: das <a href=\"https:\/\/mueritzeum.de\/\" target=\"_blank\" rel=\"noopener\">M\u00fcritzeum<\/a>. Auf mehr als 2.300 Quadratmetern lernen Sie die Natur und Umwelt der Mecklenburgischen Seenplatte kennen. Besonders spektakul\u00e4r ist das \u201eHaus der 1000 Seen\u201c, das Hauptgeb\u00e4ude des M\u00fcritzeums. Hier befindet sich das gr\u00f6\u00dfte S\u00fc\u00dfwasseraquarium f\u00fcr heimische S\u00fc\u00dfwasserfische in Deutschland. In \u00fcber 26 Becken lernen Sie auf interaktive Weise die heimische Um- und Fischwelt kennen.<\/p>\n<p>Nach einem Besuch des M\u00fcritzeums lohnt sich zudem ein Besuch der gut erhaltenen Altstadt von Waren. Wer Waren zwischen Juni und September besucht, kann einer Auff\u00fchrung der ber\u00fchmten M\u00fcritz-Saga beiwohnen, einem Zyklus von St\u00fccken, die thematisch allesamt in der Region spielen.<\/p>\n<p><strong>Tipp<\/strong>: Gut f\u00fcr eine Erkundung Warens geeignet ist der sehr gut ausgestattete <a href=\"https:\/\/www.camping-ecktannen.de\/campingplatz-ecktannen-am-mueritz-nationalpark\" target=\"_blank\" rel=\"noopener\">Campingplatz Ecktannen<\/a>.<\/p>\n<\/div><\/section><\/div>\n\n<\/div><\/div><\/div><!-- close content main div --><\/div><\/div><div id='av_section_11'  class='avia-section av-b7gvl-1eb57de5f7b7a94c40602e8cf977ebb0 main_color avia-section-default avia-no-border-styling  avia-builder-el-30  el_after_av_section  el_before_av_section  reduced-content avia-bg-style-scroll container_wrap sidebar_right'  ><div class='container av-section-cont-open' ><div class='template-page content  av-content-small alpha units'><div class='post-entry post-entry-type-page post-entry-3307'><div class='entry-content-wrapper clearfix'>\n\n<style type=\"text\/css\" data-created_by=\"avia_inline_auto\" id=\"style-css-av-jtplvt5k-b04016341d616d7b6cd013edf4358fa2\">\n.avia-image-container.av-jtplvt5k-b04016341d616d7b6cd013edf4358fa2 img.avia_image{\nbox-shadow:none;\n}\n.avia-image-container.av-jtplvt5k-b04016341d616d7b6cd013edf4358fa2 .av-caption-image-overlay-bg{\nopacity:0.4;\nbackground-color:#000000;\n}\n.avia-image-container.av-jtplvt5k-b04016341d616d7b6cd013edf4358fa2 .av-image-caption-overlay-center{\ncolor:#ffffff;\n}\n<\/style>\n<div  class='avia-image-container av-jtplvt5k-b04016341d616d7b6cd013edf4358fa2 av-styling- av-img-linked avia_animated_image av-animated-when-visible-95 fade-in avia-align-center  avia-builder-el-31  el_before_av_hr  avia-builder-el-first  noHover av-overlay-on-hover'   itemprop=\"image\" itemscope=\"itemscope\" itemtype=\"https:\/\/schema.org\/ImageObject\" ><div class=\"avia-image-container-inner\"><div class=\"avia-image-overlay-wrap\"><a href=\"https:\/\/www.tuicamper.com\/wp-docker\/wp-content\/uploads\/2019\/07\/waren-mueritz-1030x685.jpg\" data-srcset=\"https:\/\/www.tuicamper.com\/wp-docker\/wp-content\/uploads\/2019\/07\/waren-mueritz-1030x685.jpg 1030w, https:\/\/www.tuicamper.com\/wp-docker\/wp-content\/uploads\/2019\/07\/waren-mueritz-300x199.jpg 300w, https:\/\/www.tuicamper.com\/wp-docker\/wp-content\/uploads\/2019\/07\/waren-mueritz-768x511.jpg 768w, https:\/\/www.tuicamper.com\/wp-docker\/wp-content\/uploads\/2019\/07\/waren-mueritz-705x469.jpg 705w, https:\/\/www.tuicamper.com\/wp-docker\/wp-content\/uploads\/2019\/07\/waren-mueritz-450x299.jpg 450w, https:\/\/www.tuicamper.com\/wp-docker\/wp-content\/uploads\/2019\/07\/waren-mueritz.jpg 1280w\" data-sizes=\"(max-width: 1030px) 100vw, 1030px\" class='avia_image '  aria-label='Die Stadt Waren'><div class=\"av-image-caption-overlay\"><div class=\"av-caption-image-overlay-bg\"><\/div><div class=\"av-image-caption-overlay-position\"><div class=\"av-image-caption-overlay-center\"><p>Die Stadt Waren<\/p>\n<\/div><\/div><\/div><img decoding=\"async\" fetchpriority=\"high\" class='wp-image-3488 avia-img-lazy-loading-not-3488 avia_image ' src=\"https:\/\/www.tuicamper.com\/wp-docker\/wp-content\/uploads\/2019\/07\/waren-mueritz-845x684.jpg\" alt='Die Stadt Waren' title='Die Stadt Waren'  height=\"684\" width=\"845\"  itemprop=\"thumbnailUrl\" srcset=\"https:\/\/www.tuicamper.com\/wp-docker\/wp-content\/uploads\/2019\/07\/waren-mueritz-845x684.jpg 845w, https:\/\/www.tuicamper.com\/wp-docker\/wp-content\/uploads\/2019\/07\/waren-mueritz-495x400.jpg 495w\" sizes=\"(max-width: 845px) 100vw, 845px\" \/><\/a><\/div><\/div><\/div>\n\n<style type=\"text\/css\" data-created_by=\"avia_inline_auto\" id=\"style-css-av-jwj918c3-315e0fede61d05e0c478b80905e3cec5\">\n#top .hr.hr-invisible.av-jwj918c3-315e0fede61d05e0c478b80905e3cec5{\nheight:25px;\n}\n<\/style>\n<div  class='hr av-jwj918c3-315e0fede61d05e0c478b80905e3cec5 hr-invisible  avia-builder-el-32  el_after_av_image  avia-builder-el-last '><span class='hr-inner '><span class=\"hr-inner-style\"><\/span><\/span><\/div>\n\n<\/div><\/div><\/div><!-- close content main div --><\/div><\/div><div id='av_section_12'  class='avia-section av-jt5vrdgv-4386718e65b314e69682ca60ae604601 main_color avia-section-default avia-no-border-styling  avia-builder-el-33  el_after_av_section  el_before_av_section  reduced-content avia-bg-style-scroll container_wrap sidebar_right'  ><div class='container av-section-cont-open' ><div class='template-page content  av-content-small alpha units'><div class='post-entry post-entry-type-page post-entry-3307'><div class='entry-content-wrapper clearfix'>\n\n<style type=\"text\/css\" data-created_by=\"avia_inline_auto\" id=\"style-css-av-1g5aou-6e8505d9de1136ce38f66b0d0e5d2a36\">\n.flex_column.av-1g5aou-6e8505d9de1136ce38f66b0d0e5d2a36{\nborder-radius:0px 0px 0px 0px;\npadding:0px 0px 0px 0px;\n}\n<\/style>\n<div  class='flex_column av-1g5aou-6e8505d9de1136ce38f66b0d0e5d2a36 av_one_full  avia-builder-el-34  avia-builder-el-no-sibling  first flex_column_div av-zero-column-padding  '     ><section  class='av_textblock_section av-jt5tjyk0-1e04ddf86ca9bd8201b4b17bbb4a6491 '   itemscope=\"itemscope\" itemtype=\"https:\/\/schema.org\/BlogPosting\" itemprop=\"blogPost\" ><div class='avia_textblock'  itemprop=\"text\" ><h3>4.) Hochseilgarten Havelberge: Kletterspa\u00df f\u00fcr gro\u00dfe und kleine Camper<\/h3>\n<p>Wer mit Kindern reist oder selbst Spa\u00df am Klettern hat, kommt im Ferienpark Havelberge voll auf seine Kosten. Der <a href=\"https:\/\/www.haveltourist.de\/hochseilgarten.html\" target=\"_blank\" rel=\"noopener\">Hochseilgarten Havelberge<\/a> bietet sieben verschiedene Parcours mit unterschiedlichem Schwierigkeitsgrad \u2013 und vier weitere Parcours, die speziell f\u00fcr Kleinkinder gestaltet worden sind. Vor Ort befindet sich ein sehr gut ausgebildetes Trainerteam, das Gro\u00df und Klein Hilfestellungen beim Klettern gibt. Erwachsene zahlen einen Eintrittspreis von 18,00 Euro. Der Kleinkindparcours darf f\u00fcr 8,00 Euro genutzt werden.<\/p>\n<\/div><\/section><\/div>\n\n<\/div><\/div><\/div><!-- close content main div --><\/div><\/div><div id='av_section_13'  class='avia-section av-b7gvl-1eb57de5f7b7a94c40602e8cf977ebb0 main_color avia-section-default avia-no-border-styling  avia-builder-el-36  el_after_av_section  el_before_av_section  reduced-content avia-bg-style-scroll container_wrap sidebar_right'  ><div class='container av-section-cont-open' ><div class='template-page content  av-content-small alpha units'><div class='post-entry post-entry-type-page post-entry-3307'><div class='entry-content-wrapper clearfix'>\n\n<style type=\"text\/css\" data-created_by=\"avia_inline_auto\" id=\"style-css-av-jtplvt5k-84a8f12abc6194655437ad4d9cf0f90f\">\n.avia-image-container.av-jtplvt5k-84a8f12abc6194655437ad4d9cf0f90f img.avia_image{\nbox-shadow:none;\n}\n.avia-image-container.av-jtplvt5k-84a8f12abc6194655437ad4d9cf0f90f .av-caption-image-overlay-bg{\nopacity:0.4;\nbackground-color:#000000;\n}\n.avia-image-container.av-jtplvt5k-84a8f12abc6194655437ad4d9cf0f90f .av-image-caption-overlay-center{\ncolor:#ffffff;\n}\n<\/style>\n<div  class='avia-image-container av-jtplvt5k-84a8f12abc6194655437ad4d9cf0f90f av-styling- av-img-linked avia_animated_image av-animated-when-visible-95 fade-in avia-align-center  avia-builder-el-37  el_before_av_hr  avia-builder-el-first  noHover av-overlay-on-hover'   itemprop=\"image\" itemscope=\"itemscope\" itemtype=\"https:\/\/schema.org\/ImageObject\" ><div class=\"avia-image-container-inner\"><div class=\"avia-image-overlay-wrap\"><a href=\"https:\/\/www.tuicamper.com\/wp-docker\/wp-content\/uploads\/2019\/06\/hochseilgartenwald-1030x773.jpg\" data-srcset=\"https:\/\/www.tuicamper.com\/wp-docker\/wp-content\/uploads\/2019\/06\/hochseilgartenwald-1030x773.jpg 1030w, https:\/\/www.tuicamper.com\/wp-docker\/wp-content\/uploads\/2019\/06\/hochseilgartenwald-300x225.jpg 300w, https:\/\/www.tuicamper.com\/wp-docker\/wp-content\/uploads\/2019\/06\/hochseilgartenwald-768x576.jpg 768w, https:\/\/www.tuicamper.com\/wp-docker\/wp-content\/uploads\/2019\/06\/hochseilgartenwald-705x529.jpg 705w, https:\/\/www.tuicamper.com\/wp-docker\/wp-content\/uploads\/2019\/06\/hochseilgartenwald-450x338.jpg 450w, https:\/\/www.tuicamper.com\/wp-docker\/wp-content\/uploads\/2019\/06\/hochseilgartenwald.jpg 1280w\" data-sizes=\"(max-width: 1030px) 100vw, 1030px\" class='avia_image '  aria-label='Idyllischer Hochseilgartenwald'><div class=\"av-image-caption-overlay\"><div class=\"av-caption-image-overlay-bg\"><\/div><div class=\"av-image-caption-overlay-position\"><div class=\"av-image-caption-overlay-center\"><p>Idyllischer Hochseilgartenwald<\/p>\n<\/div><\/div><\/div><img decoding=\"async\" fetchpriority=\"high\" class='wp-image-3367 avia-img-lazy-loading-not-3367 avia_image ' src=\"https:\/\/www.tuicamper.com\/wp-docker\/wp-content\/uploads\/2019\/06\/hochseilgartenwald-1280x630.jpg\" alt='Idyllischer Hochseilgartenwald' title='Idyllischer Hochseilgartenwald'  height=\"630\" width=\"1280\"  itemprop=\"thumbnailUrl\"  \/><\/a><\/div><\/div><\/div>\n\n<style type=\"text\/css\" data-created_by=\"avia_inline_auto\" id=\"style-css-av-jwj918c3-315e0fede61d05e0c478b80905e3cec5\">\n#top .hr.hr-invisible.av-jwj918c3-315e0fede61d05e0c478b80905e3cec5{\nheight:25px;\n}\n<\/style>\n<div  class='hr av-jwj918c3-315e0fede61d05e0c478b80905e3cec5 hr-invisible  avia-builder-el-38  el_after_av_image  avia-builder-el-last '><span class='hr-inner '><span class=\"hr-inner-style\"><\/span><\/span><\/div>\n\n<\/div><\/div><\/div><!-- close content main div --><\/div><\/div><div id='av_section_14'  class='avia-section av-jt5vrdgv-4386718e65b314e69682ca60ae604601 main_color avia-section-default avia-no-border-styling  avia-builder-el-39  el_after_av_section  el_before_av_textblock  reduced-content avia-bg-style-scroll container_wrap sidebar_right'  ><div class='container av-section-cont-open' ><div class='template-page content  av-content-small alpha units'><div class='post-entry post-entry-type-page post-entry-3307'><div class='entry-content-wrapper clearfix'>\n\n<style type=\"text\/css\" data-created_by=\"avia_inline_auto\" id=\"style-css-av-1g5aou-6e8505d9de1136ce38f66b0d0e5d2a36\">\n.flex_column.av-1g5aou-6e8505d9de1136ce38f66b0d0e5d2a36{\nborder-radius:0px 0px 0px 0px;\npadding:0px 0px 0px 0px;\n}\n<\/style>\n<div  class='flex_column av-1g5aou-6e8505d9de1136ce38f66b0d0e5d2a36 av_one_full  avia-builder-el-40  avia-builder-el-no-sibling  first flex_column_div av-zero-column-padding  '     ><section  class='av_textblock_section av-jt5tjyk0-1e04ddf86ca9bd8201b4b17bbb4a6491 '   itemscope=\"itemscope\" itemtype=\"https:\/\/schema.org\/BlogPosting\" itemprop=\"blogPost\" ><div class='avia_textblock'  itemprop=\"text\" ><h2>Wassercamper: das besondere Camping-Erlebnis<\/h2>\n<p>Mit \u00fcber 30 Campingpl\u00e4tzen und zahlreichen Stellpl\u00e4tzen l\u00e4sst die Campinginfrastruktur der Mecklenburgischen Seenplatte keine W\u00fcnsche offen. F\u00fcr Wohnmobil-Reisende, die eine Abwechslung zum klassischen Camping-Erlebnis suchen, bietet die M\u00fcritz-Region allerdings ein ganz besonderes Highlight: der <a href=\"http:\/\/www.mueritzboot.de\/\" target=\"_blank\" rel=\"noopener\">Wassercamper<\/a>.<\/p>\n<\/div><\/section><\/div>\n<\/div><\/div><\/div><!-- close content main div --><\/div><\/div><div id='after_section_14'  class='main_color av_default_container_wrap container_wrap sidebar_right'  ><div class='container av-section-cont-open' ><div class='template-page content  av-content-small alpha units'><div class='post-entry post-entry-type-page post-entry-3307'><div class='entry-content-wrapper clearfix'>\n<section  class='av_textblock_section av-jtpqpty6-550c066a997ebaf648fccc87d0b9ff16 '   itemscope=\"itemscope\" itemtype=\"https:\/\/schema.org\/BlogPosting\" itemprop=\"blogPost\" ><div class='avia_textblock'  itemprop=\"text\" ><div id=\"breaker_element_shortcode\" class=\"postbox \">\n<div class=\"inside\">\n\r\n<div style=\"clear: both;\"><\/div>\r\n<div class=\"post-breaker-item breaker-type-default\">\r\n    <div class=\"post-breaker-item-inner\">\r\n                    \n<style type=\"text\/css\" data-created_by=\"avia_inline_auto\" id=\"style-css-av-jtpksizx-4b352f2a2752c01e58a4c67632af1aa6\">\n#top .av_textblock_section.av-jtpksizx-4b352f2a2752c01e58a4c67632af1aa6 .avia_textblock{\nfont-size:28px;\n}\n<\/style>\n<section  class='av_textblock_section av-jtpksizx-4b352f2a2752c01e58a4c67632af1aa6 '   itemscope=\"itemscope\" itemtype=\"https:\/\/schema.org\/BlogPosting\" itemprop=\"blogPost\" ><div class='avia_textblock'  itemprop=\"text\" ><p><strong>\u2013 Lesen Sie auch \u2013<\/strong><\/p>\n<\/div><\/section>\n\n<style type=\"text\/css\" data-created_by=\"avia_inline_auto\" id=\"style-css-av-7tzf5-e6e9a5bdae0b67e6b0f568ed33849f23\">\n.flex_column.av-7tzf5-e6e9a5bdae0b67e6b0f568ed33849f23{\nborder-radius:0px 0px 0px 0px;\npadding:0px 0px 0px 0px;\n}\n<\/style>\n<div  class='flex_column av-7tzf5-e6e9a5bdae0b67e6b0f568ed33849f23 av_one_third first flex_column_div av-zero-column-padding  '     ><p>\n<style type=\"text\/css\" data-created_by=\"avia_inline_auto\" id=\"style-css-av-jt75ko0n-33d46222b32d30ed81488416f5769621\">\n.avia-image-container.av-jt75ko0n-33d46222b32d30ed81488416f5769621 img.avia_image{\nbox-shadow:none;\n}\n.avia-image-container.av-jt75ko0n-33d46222b32d30ed81488416f5769621 .av-image-caption-overlay-center{\ncolor:#ffffff;\n}\n<\/style>\n<div  class='avia-image-container av-jt75ko0n-33d46222b32d30ed81488416f5769621 av-styling-no-styling av-hover-grow av-hide-overflow av-img-linked avia_animated_image av-animated-when-visible-95 fade-in avia-align-left'   itemprop=\"image\" itemscope=\"itemscope\" itemtype=\"https:\/\/schema.org\/ImageObject\" ><div class=\"avia-image-container-inner\"><div class=\"avia-image-overlay-wrap\"><a href=\"https:\/\/www.tuicamper.com\/magazin\/wohnmobil-chiemsee\/\" class='avia_image '  aria-label='Wohnmobil Chiemsee'><img decoding=\"async\" fetchpriority=\"high\" class='wp-image-747 avia-img-lazy-loading-not-747 avia_image ' src=\"https:\/\/www.tuicamper.com\/wp-docker\/wp-content\/uploads\/2019\/04\/wohnmobil-chiemsee-teaser.jpg\" alt='Wohnmobil Chiemsee' title='Wohnmobil Chiemsee'  height=\"200\" width=\"350\"  itemprop=\"thumbnailUrl\" srcset=\"https:\/\/www.tuicamper.com\/wp-docker\/wp-content\/uploads\/2019\/04\/wohnmobil-chiemsee-teaser.jpg 350w, https:\/\/www.tuicamper.com\/wp-docker\/wp-content\/uploads\/2019\/04\/wohnmobil-chiemsee-teaser-300x171.jpg 300w\" sizes=\"(max-width: 350px) 100vw, 350px\" \/><\/a><\/div><\/div><\/div><br \/>\n<section  class='av_textblock_section av-jt75lbqb-bba29013bb6610b0762c56b6a5ae7819 '   itemscope=\"itemscope\" itemtype=\"https:\/\/schema.org\/BlogPosting\" itemprop=\"blogPost\" ><div class='avia_textblock'  itemprop=\"text\" ><p style=\"text-align: left;\"><a href=\"https:\/\/www.tuicamper.com\/magazin\/wohnmobil-chiemsee\/\"><strong>Wohnmobil-Urlaub am Chiemsee \u2013 Camping, Highlights &amp; Ausfl\u00fcge<\/strong><\/a><\/p>\n<\/div><\/section><\/p><\/div>\n\n<style type=\"text\/css\" data-created_by=\"avia_inline_auto\" id=\"style-css-av-ehyb5-8fadcff6392c44a3fc98dc4b014d4246\">\n.flex_column.av-ehyb5-8fadcff6392c44a3fc98dc4b014d4246{\nborder-radius:0px 0px 0px 0px;\npadding:0px 0px 0px 0px;\n}\n<\/style>\n<div  class='flex_column av-ehyb5-8fadcff6392c44a3fc98dc4b014d4246 av_one_third flex_column_div av-zero-column-padding  '     ><p>\n<style type=\"text\/css\" data-created_by=\"avia_inline_auto\" id=\"style-css-av-jt75ko0n-39f78f46f506ecc06b59bf5f8fcbb4e2\">\n.avia-image-container.av-jt75ko0n-39f78f46f506ecc06b59bf5f8fcbb4e2 img.avia_image{\nbox-shadow:none;\n}\n.avia-image-container.av-jt75ko0n-39f78f46f506ecc06b59bf5f8fcbb4e2 .av-image-caption-overlay-center{\ncolor:#ffffff;\n}\n<\/style>\n<div  class='avia-image-container av-jt75ko0n-39f78f46f506ecc06b59bf5f8fcbb4e2 av-styling-no-styling av-hover-grow av-hide-overflow av-img-linked avia_animated_image av-animated-when-visible-95 fade-in avia-align-left'   itemprop=\"image\" itemscope=\"itemscope\" itemtype=\"https:\/\/schema.org\/ImageObject\" ><div class=\"avia-image-container-inner\"><div class=\"avia-image-overlay-wrap\"><a href=\"https:\/\/www.tuicamper.com\/magazin\/schwarzwald-urlaub-mit-wohnmobil\/\" class='avia_image '  ><img decoding=\"async\" fetchpriority=\"high\" class='wp-image-3495 avia-img-lazy-loading-not-3495 avia_image ' src=\"https:\/\/www.tuicamper.com\/wp-docker\/wp-content\/uploads\/2019\/06\/schwarzwald-urlaub-teaser.jpg\" alt='Schwarzwald Urlaub' title=''  height=\"200\" width=\"350\"  itemprop=\"thumbnailUrl\" srcset=\"https:\/\/www.tuicamper.com\/wp-docker\/wp-content\/uploads\/2019\/06\/schwarzwald-urlaub-teaser.jpg 350w, https:\/\/www.tuicamper.com\/wp-docker\/wp-content\/uploads\/2019\/06\/schwarzwald-urlaub-teaser-300x171.jpg 300w\" sizes=\"(max-width: 350px) 100vw, 350px\" \/><\/a><\/div><\/div><\/div><br \/>\n<section  class='av_textblock_section av-jt75lbqb-bba29013bb6610b0762c56b6a5ae7819 '   itemscope=\"itemscope\" itemtype=\"https:\/\/schema.org\/BlogPosting\" itemprop=\"blogPost\" ><div class='avia_textblock'  itemprop=\"text\" ><p style=\"text-align: left;\"><strong><a href=\"https:\/\/www.tuicamper.com\/magazin\/schwarzwald-urlaub-mit-wohnmobil\/\">Schwarzwald-Urlaub mit dem Wohnmobil \u2013 Die sch\u00f6nsten Highlights<\/a><\/strong><\/p>\n<\/div><\/section><\/p><\/div>\n<style type=\"text\/css\" data-created_by=\"avia_inline_auto\" id=\"style-css-av-ehyb5-8fadcff6392c44a3fc98dc4b014d4246\">\n.flex_column.av-ehyb5-8fadcff6392c44a3fc98dc4b014d4246{\nborder-radius:0px 0px 0px 0px;\npadding:0px 0px 0px 0px;\n}\n<\/style>\n<div  class='flex_column av-ehyb5-8fadcff6392c44a3fc98dc4b014d4246 av_one_third flex_column_div av-zero-column-padding  '     ><p>\n<style type=\"text\/css\" data-created_by=\"avia_inline_auto\" id=\"style-css-av-jt75ko0n-cac049edc6fc0224326cb1f0f170654c\">\n.avia-image-container.av-jt75ko0n-cac049edc6fc0224326cb1f0f170654c img.avia_image{\nbox-shadow:none;\n}\n.avia-image-container.av-jt75ko0n-cac049edc6fc0224326cb1f0f170654c .av-image-caption-overlay-center{\ncolor:#ffffff;\n}\n<\/style>\n<div  class='avia-image-container av-jt75ko0n-cac049edc6fc0224326cb1f0f170654c av-styling-no-styling av-hover-grow av-hide-overflow av-img-linked avia_animated_image av-animated-when-visible-95 fade-in avia-align-left'   itemprop=\"image\" itemscope=\"itemscope\" itemtype=\"https:\/\/schema.org\/ImageObject\" ><div class=\"avia-image-container-inner\"><div class=\"avia-image-overlay-wrap\"><a href=\"https:\/\/www.tuicamper.com\/magazin\/deutsche-burgenstrasse\/\" class='avia_image '  ><img decoding=\"async\" fetchpriority=\"high\" class='wp-image-3496 avia-img-lazy-loading-not-3496 avia_image ' src=\"https:\/\/www.tuicamper.com\/wp-docker\/wp-content\/uploads\/2019\/06\/burgenstrasse-teaser.jpg\" alt='Die Burgenstra\u00dfe' title=''  height=\"200\" width=\"350\"  itemprop=\"thumbnailUrl\" srcset=\"https:\/\/www.tuicamper.com\/wp-docker\/wp-content\/uploads\/2019\/06\/burgenstrasse-teaser.jpg 350w, https:\/\/www.tuicamper.com\/wp-docker\/wp-content\/uploads\/2019\/06\/burgenstrasse-teaser-300x171.jpg 300w\" sizes=\"(max-width: 350px) 100vw, 350px\" \/><\/a><\/div><\/div><\/div><br \/>\n<section  class='av_textblock_section av-jt75lbqb-bba29013bb6610b0762c56b6a5ae7819 '   itemscope=\"itemscope\" itemtype=\"https:\/\/schema.org\/BlogPosting\" itemprop=\"blogPost\" ><div class='avia_textblock'  itemprop=\"text\" ><p style=\"text-align: left;\"><strong><a href=\"https:\/\/www.tuicamper.com\/magazin\/deutsche-burgenstrasse\/\">Die Burgenstra\u00dfe: Vorbei an Burgen, Schl\u00f6ssern &amp; historischen Altst\u00e4dten<\/a><\/strong><\/p>\n<\/div><\/section><\/p><\/div><\/p>\n            <div style=\"clear: both;\"><\/div>\r\n            <\/div>\r\n<\/div>\r\n\n<\/div>\n<\/div>\n<\/div><\/section>\n<\/div><\/div><\/div><!-- close content main div --><\/div><\/div><div id='av_section_15'  class='avia-section av-jt5vrdgv-4386718e65b314e69682ca60ae604601 main_color avia-section-default avia-no-border-styling  avia-builder-el-43  el_after_av_textblock  el_before_av_section  reduced-content avia-bg-style-scroll container_wrap sidebar_right'  ><div class='container av-section-cont-open' ><div class='template-page content  av-content-small alpha units'><div class='post-entry post-entry-type-page post-entry-3307'><div class='entry-content-wrapper clearfix'>\n\n<style type=\"text\/css\" data-created_by=\"avia_inline_auto\" id=\"style-css-av-1g5aou-6e8505d9de1136ce38f66b0d0e5d2a36\">\n.flex_column.av-1g5aou-6e8505d9de1136ce38f66b0d0e5d2a36{\nborder-radius:0px 0px 0px 0px;\npadding:0px 0px 0px 0px;\n}\n<\/style>\n<div  class='flex_column av-1g5aou-6e8505d9de1136ce38f66b0d0e5d2a36 av_one_full  avia-builder-el-44  avia-builder-el-no-sibling  first flex_column_div av-zero-column-padding  '     ><section  class='av_textblock_section av-jt5tjyk0-1e04ddf86ca9bd8201b4b17bbb4a6491 '   itemscope=\"itemscope\" itemtype=\"https:\/\/schema.org\/BlogPosting\" itemprop=\"blogPost\" ><div class='avia_textblock'  itemprop=\"text\" ><p>Der Clou: Sie k\u00f6nnen ein Hausboot mieten, auf das Ihr Wohnmobil befestigt wird \u2013 und so die M\u00fcritz und die Mecklenburgische Seenplatte ganz entspannt vom Wasser aus erkunden. Das bietet Ihnen viele unvergessliche Eindr\u00fccke, die dem klassischen Camper-Urlauber verschlossen bleiben. Aufgrund einer seit 2004 g\u00fcltigen Sonderregelung d\u00fcrfen die Hausboote der besonderen Art sogar ohne besonderen F\u00fchrerschein gefahren werden. Einige Voraussetzungen sind allerdings zu beachten:<\/p>\n<ul>\n<li>Die Gesamtl\u00e4nge des Wohnmobils betr\u00e4gt maximal 8 Meter.<\/li>\n<li>Der Camper ist nicht h\u00f6her als 3,20 Meter \u2013 inklusive s\u00e4mtlicher Aufbauten.<\/li>\n<li>Das Gesamtgewicht betr\u00e4gt maximal 4,5 Tonnen.<\/li>\n<\/ul>\n<p>Die Wassercamper m\u00fcssen im Vorfeld gebucht werden. Gerade f\u00fcr den Sommer empfiehlt sich eine rechtzeitige Buchungsanfrage.<\/p>\n<\/div><\/section><\/div>\n\n<\/div><\/div><\/div><!-- close content main div --><\/div><\/div><div id='av_section_16'  class='avia-section av-jt5vrdgv-4386718e65b314e69682ca60ae604601 main_color avia-section-default avia-no-border-styling  avia-builder-el-46  el_after_av_section  avia-builder-el-last  reduced-content avia-bg-style-scroll container_wrap sidebar_right'  ><div class='container av-section-cont-open' ><div class='template-page content  av-content-small alpha units'><div class='post-entry post-entry-type-page post-entry-3307'><div class='entry-content-wrapper clearfix'>\n<div  class='avia-button-wrap av-ju2eusip-835d1ab8fdd045aebc3bdaa25c325e82-wrap avia-button-center  avia-builder-el-47  el_before_av_one_full  avia-builder-el-first '><a href='https:\/\/www.tuicamper.com\/reiseziele\/europa\/deutschland\/'  class='avia-button av-ju2eusip-835d1ab8fdd045aebc3bdaa25c325e82 av-link-btn avia-icon_select-yes-right-icon avia-size-large avia-position-center avia-color-theme-color'   aria-label=\"Jetzt Wohnmobil mieten f\u00fcr Deutschland\"><span class='avia_iconbox_title' >Jetzt Wohnmobil mieten f\u00fcr Deutschland<\/span><span class='avia_button_icon avia_button_icon_right avia-iconfont avia-font-entypo-fontello' data-av_icon='\ue875' data-av_iconfont='entypo-fontello' ><\/span><\/a><\/div>\n\n<style type=\"text\/css\" data-created_by=\"avia_inline_auto\" id=\"style-css-av-1g5aou-6e8505d9de1136ce38f66b0d0e5d2a36\">\n.flex_column.av-1g5aou-6e8505d9de1136ce38f66b0d0e5d2a36{\nborder-radius:0px 0px 0px 0px;\npadding:0px 0px 0px 0px;\n}\n<\/style>\n<div  class='flex_column av-1g5aou-6e8505d9de1136ce38f66b0d0e5d2a36 av_one_full  avia-builder-el-48  el_after_av_button  el_before_av_social_share  first flex_column_div av-zero-column-padding  '     ><style type=\"text\/css\" data-created_by=\"avia_inline_auto\" id=\"style-css-av-jt5tjyk0-26a28d0242835cbba60d70517a13c769\">\n#top .av_textblock_section.av-jt5tjyk0-26a28d0242835cbba60d70517a13c769 .avia_textblock{\nfont-size:28px;\n}\n<\/style>\n<section  class='av_textblock_section av-jt5tjyk0-26a28d0242835cbba60d70517a13c769 '   itemscope=\"itemscope\" itemtype=\"https:\/\/schema.org\/BlogPosting\" itemprop=\"blogPost\" ><div class='avia_textblock'  itemprop=\"text\" ><p><strong>Ihr TUI CAMPER-Team w\u00fcnscht Ihnen einen entspannten Wohnmobil-Urlaub in der Mecklenburgischen Seenplatte!<\/strong><\/p>\n<\/div><\/section><\/div><div  class='av-social-sharing-box av-10zg8-8676a2d54b4a15bbf6c39a1c18f0815b av-social-sharing-box-default  avia-builder-el-50  el_after_av_one_full  avia-builder-el-last  av-social-sharing-box-fullwidth'><div class=\"av-share-box\"><ul class=\"av-share-box-list noLightbox\"><li class='av-share-link av-social-link-facebook avia_social_iconfont' ><a target=\"_blank\" aria-label=\"Teilen auf Facebook\" href='https:\/\/www.facebook.com\/sharer.php?u=https:\/\/www.tuicamper.com\/magazin\/mecklenburgische-seenplatte\/&#038;t=Mecklenburgische%20Seenplatte%3A%20Wohnmobil-Idyll%20f%C3%BCr%20Natur-Liebhaber' data-av_icon='\ue8f3' data-av_iconfont='entypo-fontello'  title='' data-avia-related-tooltip='Teilen auf Facebook'><span class='avia_hidden_link_text'>Teilen auf Facebook<\/span><\/a><\/li><li class='av-share-link av-social-link-twitter avia_social_iconfont' ><a target=\"_blank\" aria-label=\"Teilen auf X\" href='https:\/\/twitter.com\/share?text=Mecklenburgische%20Seenplatte%3A%20Wohnmobil-Idyll%20f%C3%BCr%20Natur-Liebhaber&#038;url=https:\/\/www.tuicamper.com\/magazin\/mecklenburgische-seenplatte\/' data-av_icon='\ue932' data-av_iconfont='entypo-fontello'  title='' data-avia-related-tooltip='Teilen auf X'><span class='avia_hidden_link_text'>Teilen auf X<\/span><\/a><\/li><li class='av-share-link av-social-link-whatsapp avia_social_iconfont' ><a target=\"_blank\" aria-label=\"Teilen auf WhatsApp\" href='https:\/\/api.whatsapp.com\/send?text=https:\/\/www.tuicamper.com\/magazin\/mecklenburgische-seenplatte\/' data-av_icon='\uf232' data-av_iconfont='entypo-fontello'  title='' data-avia-related-tooltip='Teilen auf WhatsApp'><span class='avia_hidden_link_text'>Teilen auf WhatsApp<\/span><\/a><\/li><li class='av-share-link av-social-link-pinterest avia_social_iconfont' ><a target=\"_blank\" aria-label=\"Teilen auf Pinterest\" href='https:\/\/pinterest.com\/pin\/create\/button\/?url=https%3A%2F%2Fwww.tuicamper.com%2Fmagazin%2Fmecklenburgische-seenplatte%2F&#038;description=Mecklenburgische%20Seenplatte%3A%20Wohnmobil-Idyll%20f%C3%BCr%20Natur-Liebhaber&#038;media=https%3A%2F%2Fwww.tuicamper.com%2Fwp-docker%2Fwp-content%2Fuploads%2F2019%2F06%2Fkummerower-lake-3972291_1920-1-705x269.jpg' data-av_icon='\ue8f8' data-av_iconfont='entypo-fontello'  title='' data-avia-related-tooltip='Teilen auf Pinterest'><span class='avia_hidden_link_text'>Teilen auf Pinterest<\/span><\/a><\/li><li class='av-share-link av-social-link-mail avia_social_iconfont' ><a  aria-label=\"Per E-Mail teilen\" href='mailto:?subject=Mecklenburgische%20Seenplatte%3A%20Wohnmobil-Idyll%20f%C3%BCr%20Natur-Liebhaber&#038;body=https:\/\/www.tuicamper.com\/magazin\/mecklenburgische-seenplatte\/' data-av_icon='\ue805' data-av_iconfont='entypo-fontello'  title='' data-avia-related-tooltip='Per E-Mail teilen'><span class='avia_hidden_link_text'>Per E-Mail teilen<\/span><\/a><\/li><\/ul><\/div><\/div>\n<\/div><\/div><\/div><!-- close content main div --><\/div><\/div><div id='after_section_16'  class='main_color av_default_container_wrap container_wrap sidebar_right'  ><div class='container av-section-cont-open' ><div class='template-page content  av-content-small alpha units'><div class='post-entry post-entry-type-page post-entry-3307'><div class='entry-content-wrapper clearfix'>\n","protected":false},"excerpt":{"rendered":"<p>1.000 Seen, 30 Campingpl\u00e4tze, unz\u00e4hlige Sehensw\u00fcrdigkeiten: Die Mecklenburgische Seenplatte ist f\u00fcr Camper geradezu pr\u00e4destiniert. Entdecken Sie die Highlights!<\/p>\n","protected":false},"author":4,"featured_media":3365,"comment_status":"open","ping_status":"open","sticky":false,"template":"","format":"standard","meta":{"footnotes":""},"categories":[33],"tags":[28,50],"class_list":["post-3307","post","type-post","status-publish","format-standard","has-post-thumbnail","hentry","category-reisethema","tag-deutschland","tag-natur"],"yoast_head":"<!-- This site is optimized with the Yoast SEO plugin v27.4 - https:\/\/yoast.com\/product\/yoast-seo-wordpress\/ -->\n<title>Mecklenburgische Seenplatte: Wohnmobil-Idyll f\u00fcr Natur-Liebhaber<\/title>\n<meta name=\"description\" content=\"1.000 Seen, 30 Campingpl\u00e4tze, unz\u00e4hlige Sehensw\u00fcrdigkeiten: Die Mecklenburgische Seenplatte ist f\u00fcr Camper geradezu pr\u00e4destiniert. Entdecken Sie die Highlights!\" \/>\n<meta name=\"robots\" content=\"index, follow, max-snippet:-1, max-image-preview:large, max-video-preview:-1\" \/>\n<link rel=\"canonical\" href=\"https:\/\/www.tuicamper.com\/magazin\/mecklenburgische-seenplatte\/\" \/>\n<meta property=\"og:locale\" content=\"de_DE\" \/>\n<meta property=\"og:type\" content=\"article\" \/>\n<meta property=\"og:title\" content=\"Mecklenburgische Seenplatte: Wohnmobil-Idyll f\u00fcr Natur-Liebhaber\" \/>\n<meta property=\"og:description\" content=\"1.000 Seen, 30 Campingpl\u00e4tze, unz\u00e4hlige Sehensw\u00fcrdigkeiten: Die Mecklenburgische Seenplatte ist f\u00fcr Camper geradezu pr\u00e4destiniert. Entdecken Sie die Highlights!\" \/>\n<meta property=\"og:url\" content=\"https:\/\/www.tuicamper.com\/magazin\/mecklenburgische-seenplatte\/\" \/>\n<meta property=\"og:site_name\" content=\"TUI Camper Magazin\" \/>\n<meta property=\"article:published_time\" content=\"2019-07-08T10:00:23+00:00\" \/>\n<meta property=\"article:modified_time\" content=\"2022-04-26T09:42:48+00:00\" \/>\n<meta property=\"og:image\" content=\"https:\/\/www.tuicamper.com\/wp-docker\/wp-content\/uploads\/2019\/06\/kummerower-lake-3972291_1920-1.jpg\" \/>\n\t<meta property=\"og:image:width\" content=\"1310\" \/>\n\t<meta property=\"og:image:height\" content=\"500\" \/>\n\t<meta property=\"og:image:type\" content=\"image\/jpeg\" \/>\n<meta name=\"author\" content=\"Trang\" \/>\n<meta name=\"twitter:card\" content=\"summary_large_image\" \/>\n<meta name=\"twitter:label1\" content=\"Verfasst von\" \/>\n\t<meta name=\"twitter:data1\" content=\"Trang\" \/>\n\t<meta name=\"twitter:label2\" content=\"Gesch\u00e4tzte Lesezeit\" \/>\n\t<meta name=\"twitter:data2\" content=\"24\u00a0Minuten\" \/>\n<!-- \/ Yoast SEO plugin. -->","yoast_head_json":{"title":"Mecklenburgische Seenplatte: Wohnmobil-Idyll f\u00fcr Natur-Liebhaber","description":"1.000 Seen, 30 Campingpl\u00e4tze, unz\u00e4hlige Sehensw\u00fcrdigkeiten: Die Mecklenburgische Seenplatte ist f\u00fcr Camper geradezu pr\u00e4destiniert. Entdecken Sie die Highlights!","robots":{"index":"index","follow":"follow","max-snippet":"max-snippet:-1","max-image-preview":"max-image-preview:large","max-video-preview":"max-video-preview:-1"},"canonical":"https:\/\/www.tuicamper.com\/magazin\/mecklenburgische-seenplatte\/","og_locale":"de_DE","og_type":"article","og_title":"Mecklenburgische Seenplatte: Wohnmobil-Idyll f\u00fcr Natur-Liebhaber","og_description":"1.000 Seen, 30 Campingpl\u00e4tze, unz\u00e4hlige Sehensw\u00fcrdigkeiten: Die Mecklenburgische Seenplatte ist f\u00fcr Camper geradezu pr\u00e4destiniert. Entdecken Sie die Highlights!","og_url":"https:\/\/www.tuicamper.com\/magazin\/mecklenburgische-seenplatte\/","og_site_name":"TUI Camper Magazin","article_published_time":"2019-07-08T10:00:23+00:00","article_modified_time":"2022-04-26T09:42:48+00:00","og_image":[{"width":1310,"height":500,"url":"https:\/\/www.tuicamper.com\/wp-docker\/wp-content\/uploads\/2019\/06\/kummerower-lake-3972291_1920-1.jpg","type":"image\/jpeg"}],"author":"Trang","twitter_card":"summary_large_image","twitter_misc":{"Verfasst von":"Trang","Gesch\u00e4tzte Lesezeit":"24\u00a0Minuten"},"schema":{"@context":"https:\/\/schema.org","@graph":[{"@type":"Article","@id":"https:\/\/www.tuicamper.com\/magazin\/mecklenburgische-seenplatte\/#article","isPartOf":{"@id":"https:\/\/www.tuicamper.com\/magazin\/mecklenburgische-seenplatte\/"},"author":{"name":"Trang","@id":"https:\/\/www.tuicamper.com\/wp-docker\/#\/schema\/person\/64621aaf52862d378f4e7a6961086fa3"},"headline":"Mecklenburgische Seenplatte: Wohnmobil-Idyll f\u00fcr Natur-Liebhaber","datePublished":"2019-07-08T10:00:23+00:00","dateModified":"2022-04-26T09:42:48+00:00","mainEntityOfPage":{"@id":"https:\/\/www.tuicamper.com\/magazin\/mecklenburgische-seenplatte\/"},"wordCount":3935,"commentCount":0,"image":{"@id":"https:\/\/www.tuicamper.com\/magazin\/mecklenburgische-seenplatte\/#primaryimage"},"thumbnailUrl":"https:\/\/www.tuicamper.com\/wp-docker\/wp-content\/uploads\/2019\/06\/kummerower-lake-3972291_1920-1.jpg","keywords":["Deutschland","Natur"],"articleSection":["Reisethema"],"inLanguage":"de","potentialAction":[{"@type":"CommentAction","name":"Comment","target":["https:\/\/www.tuicamper.com\/magazin\/mecklenburgische-seenplatte\/#respond"]}]},{"@type":"WebPage","@id":"https:\/\/www.tuicamper.com\/magazin\/mecklenburgische-seenplatte\/","url":"https:\/\/www.tuicamper.com\/magazin\/mecklenburgische-seenplatte\/","name":"Mecklenburgische Seenplatte: Wohnmobil-Idyll f\u00fcr Natur-Liebhaber","isPartOf":{"@id":"https:\/\/www.tuicamper.com\/#website"},"primaryImageOfPage":{"@id":"https:\/\/www.tuicamper.com\/magazin\/mecklenburgische-seenplatte\/#primaryimage"},"image":{"@id":"https:\/\/www.tuicamper.com\/magazin\/mecklenburgische-seenplatte\/#primaryimage"},"thumbnailUrl":"https:\/\/www.tuicamper.com\/wp-content\/uploads\/2019\/06\/kummerower-lake-3972291_1920-1.jpg","datePublished":"2019-07-08T10:00:23+00:00","dateModified":"2022-04-26T09:42:48+00:00","author":{"@id":"https:\/\/www.tuicamper.com\/#\/schema\/person\/64621aaf52862d378f4e7a6961086fa3"},"description":"1.000 Seen, 30 Campingpl\u00e4tze, unz\u00e4hlige Sehensw\u00fcrdigkeiten: Die Mecklenburgische Seenplatte ist f\u00fcr Camper geradezu pr\u00e4destiniert. Entdecken Sie die Highlights!","breadcrumb":{"@id":"https:\/\/www.tuicamper.com\/magazin\/mecklenburgische-seenplatte\/#breadcrumb"},"inLanguage":"de","potentialAction":["Array"]},{"@type":"ImageObject","inLanguage":"de","@id":"https:\/\/www.tuicamper.com\/magazin\/mecklenburgische-seenplatte\/#primaryimage","url":"https:\/\/www.tuicamper.com\/wp-docker\/wp-content\/uploads\/2019\/06\/kummerower-lake-3972291_1920-1.jpg","contentUrl":"https:\/\/www.tuicamper.com\/wp-docker\/wp-content\/uploads\/2019\/06\/kummerower-lake-3972291_1920-1.jpg","width":1310,"height":500,"caption":"kummerower see"},{"@type":"BreadcrumbList","@id":"https:\/\/www.tuicamper.com\/magazin\/mecklenburgische-seenplatte\/#breadcrumb","itemListElement":[{"@type":"ListItem","position":1,"name":"Startseite","item":"https:\/\/www.tuicamper.com\/wp-docker\/"},{"@type":"ListItem","position":2,"name":"Mecklenburgische Seenplatte: Wohnmobil-Idyll f\u00fcr Natur-Liebhaber"}]},{"@type":"WebSite","@id":"https:\/\/www.tuicamper.com\/#website","url":"https:\/\/www.tuicamper.com\/","name":"TUI Camper Magazin","description":"","potentialAction":["Array"],"inLanguage":"de"},{"@type":"Person","@id":"https:\/\/www.tuicamper.com\/wp-docker\/#\/schema\/person\/64621aaf52862d378f4e7a6961086fa3","name":"Trang","image":{"@type":"ImageObject","inLanguage":"de","@id":"https:\/\/secure.gravatar.com\/avatar\/c946f00f16c232f8cdecfb386f553c12468182e6b4443fb0719b0ef4d8387620?s=96&d=mm&r=g","url":"https:\/\/secure.gravatar.com\/avatar\/c946f00f16c232f8cdecfb386f553c12468182e6b4443fb0719b0ef4d8387620?s=96&d=mm&r=g","contentUrl":"https:\/\/secure.gravatar.com\/avatar\/c946f00f16c232f8cdecfb386f553c12468182e6b4443fb0719b0ef4d8387620?s=96&d=mm&r=g","caption":"Trang"},"url":"https:\/\/www.tuicamper.com\/wp-docker\/magazin\/author\/trang\/"}]}},"_links":{"self":[{"href":"https:\/\/www.tuicamper.com\/wp-docker\/wp-json\/wp\/v2\/posts\/3307","targetHints":{"allow":["GET"]}}],"collection":[{"href":"https:\/\/www.tuicamper.com\/wp-docker\/wp-json\/wp\/v2\/posts"}],"about":[{"href":"https:\/\/www.tuicamper.com\/wp-docker\/wp-json\/wp\/v2\/types\/post"}],"author":[{"embeddable":true,"href":"https:\/\/www.tuicamper.com\/wp-docker\/wp-json\/wp\/v2\/users\/4"}],"replies":[{"embeddable":true,"href":"https:\/\/www.tuicamper.com\/wp-docker\/wp-json\/wp\/v2\/comments?post=3307"}],"version-history":[{"count":14,"href":"https:\/\/www.tuicamper.com\/wp-docker\/wp-json\/wp\/v2\/posts\/3307\/revisions"}],"predecessor-version":[{"id":10422,"href":"https:\/\/www.tuicamper.com\/wp-docker\/wp-json\/wp\/v2\/posts\/3307\/revisions\/10422"}],"wp:featuredmedia":[{"embeddable":true,"href":"https:\/\/www.tuicamper.com\/wp-docker\/wp-json\/wp\/v2\/media\/3365"}],"wp:attachment":[{"href":"https:\/\/www.tuicamper.com\/wp-docker\/wp-json\/wp\/v2\/media?parent=3307"}],"wp:term":[{"taxonomy":"category","embeddable":true,"href":"https:\/\/www.tuicamper.com\/wp-docker\/wp-json\/wp\/v2\/categories?post=3307"},{"taxonomy":"post_tag","embeddable":true,"href":"https:\/\/www.tuicamper.com\/wp-docker\/wp-json\/wp\/v2\/tags?post=3307"}],"curies":[{"name":"wp","href":"https:\/\/api.w.org\/{rel}","templated":true}]}}