{"id":320,"date":"2019-03-26T15:02:29","date_gmt":"2019-03-26T14:02:29","guid":{"rendered":"https:\/\/www.tuicamper.com\/wp-docker\/?p=320"},"modified":"2026-02-05T10:11:15","modified_gmt":"2026-02-05T09:11:15","slug":"andalusien-highlights","status":"publish","type":"post","link":"https:\/\/www.tuicamper.com\/magazin\/andalusien-highlights\/","title":{"rendered":"Mit dem Wohnmobil durch Andalusien &#8211; 10 Highlights f\u00fcr eine Camper-Reise"},"content":{"rendered":"<div id='av_section_1'  class='avia-section av-jt5vrdgv-4386718e65b314e69682ca60ae604601 main_color avia-section-default avia-no-border-styling  avia-builder-el-0  el_before_av_textblock  avia-builder-el-first  reduced-content avia-bg-style-scroll container_wrap sidebar_right'  ><div class='container av-section-cont-open' ><main  role=\"main\" itemprop=\"mainContentOfPage\"  class='template-page content  av-content-small alpha units'><div class='post-entry post-entry-type-page post-entry-320'><div class='entry-content-wrapper clearfix'>\n\n<style type=\"text\/css\" data-created_by=\"avia_inline_auto\" id=\"style-css-av-1g5aou-6e8505d9de1136ce38f66b0d0e5d2a36\">\n.flex_column.av-1g5aou-6e8505d9de1136ce38f66b0d0e5d2a36{\nborder-radius:0px 0px 0px 0px;\npadding:0px 0px 0px 0px;\n}\n<\/style>\n<div  class='flex_column av-1g5aou-6e8505d9de1136ce38f66b0d0e5d2a36 av_one_full  avia-builder-el-1  avia-builder-el-no-sibling  first flex_column_div av-zero-column-padding  '     ><section  class='av_textblock_section av-jt5tjyk0-7d581ddedd9fdb6d809a23d84026a66a '   itemscope=\"itemscope\" itemtype=\"https:\/\/schema.org\/BlogPosting\" itemprop=\"blogPost\" ><div class='avia_textblock'  itemprop=\"text\" ><p>800 Kilometer traumhafte K\u00fcstenlinie, Sonne satt, landschaftliche H\u00f6hepunkte en masse und geschichtstr\u00e4chtige St\u00e4dte, die von faszinierenden orientalischen Einfl\u00fcssen durchzogen sind: das ist Andalusien. Nicht ohne Grund verlieben sich immer wieder Camper in die sonnenverw\u00f6hnte Region an der S\u00fcdk\u00fcste Spaniens, die auch ein beliebtes <a href=\"https:\/\/www.tuicamper.com\/magazin\/reiseziele-im-fruehjahr\/\">Reiseziel im Fr\u00fchling<\/a> ist, und verbringen regelm\u00e4\u00dfig ihren Wohnmobil-Urlaub hier. Wir stellen zehn Highlights der facettenreichen Region vor, die Sie auf der n\u00e4chsten Camper-Reise durch Andalusien nicht verpassen sollten!<\/p>\n<\/div><\/section><\/div>\n<\/div><\/div><\/main><!-- close content main element --><\/div><\/div><div id='after_section_1'  class='main_color av_default_container_wrap container_wrap sidebar_right'  ><div class='container av-section-cont-open' ><div class='template-page content  av-content-small alpha units'><div class='post-entry post-entry-type-page post-entry-320'><div class='entry-content-wrapper clearfix'>\n<section  class='av_textblock_section av-jtpqpty6-550c066a997ebaf648fccc87d0b9ff16 '   itemscope=\"itemscope\" itemtype=\"https:\/\/schema.org\/BlogPosting\" itemprop=\"blogPost\" ><div class='avia_textblock'  itemprop=\"text\" >\n<\/div><\/section>\n<\/div><\/div><\/div><!-- close content main div --><\/div><\/div><div id='av_section_2'  class='avia-section av-jt5vrdgv-46-3d0b24848ba8dd84bdca449bfe598f2a main_color avia-section-default avia-no-border-styling  avia-builder-el-4  el_after_av_textblock  el_before_av_section  reduced-content avia-bg-style-scroll container_wrap sidebar_right'  ><div class='container av-section-cont-open' ><div class='template-page content  av-content-small alpha units'><div class='post-entry post-entry-type-page post-entry-320'><div class='entry-content-wrapper clearfix'>\n\n<style type=\"text\/css\" data-created_by=\"avia_inline_auto\" id=\"style-css-av-1g5aou-45-cdefcd3d9b7343095f35c6c413569c0f\">\n.flex_column.av-1g5aou-45-cdefcd3d9b7343095f35c6c413569c0f{\nborder-radius:0px 0px 0px 0px;\npadding:0px 0px 0px 0px;\n}\n<\/style>\n<div  class='flex_column av-1g5aou-45-cdefcd3d9b7343095f35c6c413569c0f av_one_full  avia-builder-el-5  avia-builder-el-no-sibling  first flex_column_div av-zero-column-padding  '     ><section  class='av_textblock_section av-jt5tjyk0-44-30c4662f83859b0e561594d638047915 '   itemscope=\"itemscope\" itemtype=\"https:\/\/schema.org\/BlogPosting\" itemprop=\"blogPost\" ><div class='avia_textblock'  itemprop=\"text\" ><div id=\"js-table-of-contents\">\r\n    <strong>Inhaltsverzeichnis<\/strong>\r\n<\/div>\n<\/div><\/section><\/div>\n\n<\/div><\/div><\/div><!-- close content main div --><\/div><\/div><div id='av_section_3'  class='avia-section av-jt5vrdgv-42-e26a8b1102a50e18af393b4537c441c3 main_color avia-section-default avia-no-border-styling  avia-builder-el-7  el_after_av_section  el_before_av_section  reduced-content avia-bg-style-scroll container_wrap sidebar_right'  ><div class='container av-section-cont-open' ><div class='template-page content  av-content-small alpha units'><div class='post-entry post-entry-type-page post-entry-320'><div class='entry-content-wrapper clearfix'>\n\n<style type=\"text\/css\" data-created_by=\"avia_inline_auto\" id=\"style-css-av-1g5aou-41-62b31bd9098e15941a6f4e713984d585\">\n.flex_column.av-1g5aou-41-62b31bd9098e15941a6f4e713984d585{\nborder-radius:0px 0px 0px 0px;\npadding:0px 0px 0px 0px;\n}\n<\/style>\n<div  class='flex_column av-1g5aou-41-62b31bd9098e15941a6f4e713984d585 av_one_full  avia-builder-el-8  avia-builder-el-no-sibling  first flex_column_div av-zero-column-padding  '     ><section  class='av_textblock_section av-jt5tjyk0-40-3302518f9127fd4ea53b6f6974b84a78 '   itemscope=\"itemscope\" itemtype=\"https:\/\/schema.org\/BlogPosting\" itemprop=\"blogPost\" ><div class='avia_textblock'  itemprop=\"text\" ><h2>1.) Alhambra: Sternstunde der maurischen Kunst<\/h2>\n<p>In wenigen anderen Bauwerken hat der markante maurische Stil zu einer solchen Bl\u00fcte gefunden wie in der majest\u00e4tischen Stadtburg Alhambra. \u00dcber eine L\u00e4nge von gut 740 Meter und eine Breite von 220 Meter erstreckt sich das Geb\u00e4ude- und Festungsensemble auf dem Sabikah-H\u00fcgel und er\u00f6ffnet ein einzigartiges Panorama auf Granada. Eine Erkundung des einstigen Verteidigungssystems geh\u00f6rt zu den absoluten Must-Dos im Rahmen einer Camper-Reise durch Andalusien.<\/p>\n<p><strong>Campingplatz-Tipp<\/strong>: <a href=\"https:\/\/campingreinaisabel.com\/\" target=\"_blank\" rel=\"noopener\">Camping Reina Isabel<\/a> \u2013 stadtnaher, sauberer Platz; perfekt f\u00fcr einen Besuch der Stadtburg<\/p>\n<\/div><\/section><\/div>\n\n<\/div><\/div><\/div><!-- close content main div --><\/div><\/div><div id='av_section_4'  class='avia-section av-b7gvl-1eb57de5f7b7a94c40602e8cf977ebb0 main_color avia-section-default avia-no-border-styling  avia-builder-el-10  el_after_av_section  el_before_av_section  reduced-content avia-bg-style-scroll container_wrap sidebar_right'  ><div class='container av-section-cont-open' ><div class='template-page content  av-content-small alpha units'><div class='post-entry post-entry-type-page post-entry-320'><div class='entry-content-wrapper clearfix'>\n\n<style type=\"text\/css\" data-created_by=\"avia_inline_auto\" id=\"style-css-av-jtplvt5k-7ca5253488cf54167fbd0217f8972364\">\n.avia-image-container.av-jtplvt5k-7ca5253488cf54167fbd0217f8972364 img.avia_image{\nbox-shadow:none;\n}\n.avia-image-container.av-jtplvt5k-7ca5253488cf54167fbd0217f8972364 .av-caption-image-overlay-bg{\nopacity:0.4;\nbackground-color:#000000;\n}\n.avia-image-container.av-jtplvt5k-7ca5253488cf54167fbd0217f8972364 .av-image-caption-overlay-center{\ncolor:#ffffff;\n}\n<\/style>\n<div  class='avia-image-container av-jtplvt5k-7ca5253488cf54167fbd0217f8972364 av-styling- av-img-linked avia_animated_image av-animated-when-visible-95 fade-in avia-align-center  avia-builder-el-11  avia-builder-el-no-sibling  noHover av-overlay-on-hover'   itemprop=\"image\" itemscope=\"itemscope\" itemtype=\"https:\/\/schema.org\/ImageObject\" ><div class=\"avia-image-container-inner\"><div class=\"avia-image-overlay-wrap\"><a href=\"https:\/\/www.tuicamper.com\/wp-docker\/wp-content\/uploads\/2019\/03\/alhambra-3098633_1280-1030x635.jpg\" data-srcset=\"https:\/\/www.tuicamper.com\/wp-docker\/wp-content\/uploads\/2019\/03\/alhambra-3098633_1280-1030x635.jpg 1030w, https:\/\/www.tuicamper.com\/wp-docker\/wp-content\/uploads\/2019\/03\/alhambra-3098633_1280-300x185.jpg 300w, https:\/\/www.tuicamper.com\/wp-docker\/wp-content\/uploads\/2019\/03\/alhambra-3098633_1280-768x473.jpg 768w, https:\/\/www.tuicamper.com\/wp-docker\/wp-content\/uploads\/2019\/03\/alhambra-3098633_1280-705x435.jpg 705w, https:\/\/www.tuicamper.com\/wp-docker\/wp-content\/uploads\/2019\/03\/alhambra-3098633_1280-450x277.jpg 450w, https:\/\/www.tuicamper.com\/wp-docker\/wp-content\/uploads\/2019\/03\/alhambra-3098633_1280.jpg 1280w\" data-sizes=\"(max-width: 1030px) 100vw, 1030px\" class='avia_image '  aria-label='Alhambra'><div class=\"av-image-caption-overlay\"><div class=\"av-caption-image-overlay-bg\"><\/div><div class=\"av-image-caption-overlay-position\"><div class=\"av-image-caption-overlay-center\"><p>Alhambra<\/p>\n<\/div><\/div><\/div><img decoding=\"async\" fetchpriority=\"high\" class='wp-image-326 avia-img-lazy-loading-not-326 avia_image ' src=\"https:\/\/www.tuicamper.com\/wp-docker\/wp-content\/uploads\/2019\/03\/alhambra-3098633_1280-1280x630.jpg\" alt='Alhambra' title='Alhambra'  height=\"630\" width=\"1280\"  itemprop=\"thumbnailUrl\"  \/><\/a><\/div><\/div><\/div>\n\n<\/div><\/div><\/div><!-- close content main div --><\/div><\/div><div id='av_section_5'  class='avia-section av-jt5vrdgv-39-6d043fa432e62d394165746833abde27 main_color avia-section-default avia-no-border-styling  avia-builder-el-12  el_after_av_section  el_before_av_section  reduced-content avia-bg-style-scroll container_wrap sidebar_right'  ><div class='container av-section-cont-open' ><div class='template-page content  av-content-small alpha units'><div class='post-entry post-entry-type-page post-entry-320'><div class='entry-content-wrapper clearfix'>\n\n<style type=\"text\/css\" data-created_by=\"avia_inline_auto\" id=\"style-css-av-1g5aou-38-ca7aefb1441eee36d099a2acc196d2a7\">\n.flex_column.av-1g5aou-38-ca7aefb1441eee36d099a2acc196d2a7{\nborder-radius:0px 0px 0px 0px;\npadding:0px 0px 0px 0px;\n}\n<\/style>\n<div  class='flex_column av-1g5aou-38-ca7aefb1441eee36d099a2acc196d2a7 av_one_full  avia-builder-el-13  avia-builder-el-no-sibling  first flex_column_div av-zero-column-padding  '     ><section  class='av_textblock_section av-jt5tjyk0-37-d2ec8772185535eef4a65eae4bb5514e '   itemscope=\"itemscope\" itemtype=\"https:\/\/schema.org\/BlogPosting\" itemprop=\"blogPost\" ><div class='avia_textblock'  itemprop=\"text\" ><h2>2.) Mezquita-Catedral de C\u00f3rdoba: Wo sich Islam und Christentum verbinden<\/h2>\n<p>Kathedralmoschee oder Moscheenkathedrale? Auf die Mezquita-Catedral de C\u00f3rdoba treffen beide Bezeichnungen zu. Das seit 1984 zum UNESCO Weltkulturerbe z\u00e4hlende Bauwerk wurde im Jahr 784 als Moschee errichtet, nach der R\u00fcckeroberung C\u00f3rdobas von den Mauren im Jahr 1236 aber wieder zur christlichen Kirche geweiht. In den n\u00e4chsten Jahrhunderten folgte eine ganze Reihe von Umbauten, die die heutige Optik der Kathedrale pr\u00e4gen. Christliche und maurische Bauelemente stehen hier \u00fcberall Seite an Seite und gehen eine seltene Symbiose ein. Das Meer aus hunderten, kunstvoll gestalteten, B\u00f6gen und S\u00e4ulen macht die Mezquita-Catedral ohne jeden Zweifel zu einem der absoluten Highlights Andalusiens.<\/p>\n<p><strong>Stellplatz-Tipp<\/strong>: \u00c1rea de Autocaravanas de C\u00f3rdoba \u2013 Zentraler Wohnmobil-Stellplatz neben dem Teatro de la Axerqu\u00eda; fu\u00dfl\u00e4ufig zur Mezquita-Catedral<\/p>\n<\/div><\/section><\/div>\n\n<\/div><\/div><\/div><!-- close content main div --><\/div><\/div><div id='av_section_6'  class='avia-section av-b7gvl-36-9b66f4adedadcfb404104cc1662d4212 main_color avia-section-default avia-no-border-styling  avia-builder-el-15  el_after_av_section  el_before_av_section  reduced-content avia-bg-style-scroll container_wrap sidebar_right'  ><div class='container av-section-cont-open' ><div class='template-page content  av-content-small alpha units'><div class='post-entry post-entry-type-page post-entry-320'><div class='entry-content-wrapper clearfix'>\n\n<style type=\"text\/css\" data-created_by=\"avia_inline_auto\" id=\"style-css-av-jtplvt5k-35-1aaa0c19b3e2ab3f66c3404c7d82ddbc\">\n.avia-image-container.av-jtplvt5k-35-1aaa0c19b3e2ab3f66c3404c7d82ddbc img.avia_image{\nbox-shadow:none;\n}\n.avia-image-container.av-jtplvt5k-35-1aaa0c19b3e2ab3f66c3404c7d82ddbc .av-caption-image-overlay-bg{\nopacity:0.4;\nbackground-color:#000000;\n}\n.avia-image-container.av-jtplvt5k-35-1aaa0c19b3e2ab3f66c3404c7d82ddbc .av-image-caption-overlay-center{\ncolor:#ffffff;\n}\n<\/style>\n<div  class='avia-image-container av-jtplvt5k-35-1aaa0c19b3e2ab3f66c3404c7d82ddbc av-styling- av-img-linked avia_animated_image av-animated-when-visible-95 fade-in avia-align-center  avia-builder-el-16  avia-builder-el-no-sibling  noHover av-overlay-on-hover'   itemprop=\"image\" itemscope=\"itemscope\" itemtype=\"https:\/\/schema.org\/ImageObject\" ><div class=\"avia-image-container-inner\"><div class=\"avia-image-overlay-wrap\"><a href=\"https:\/\/www.tuicamper.com\/wp-docker\/wp-content\/uploads\/2019\/03\/cordoba-573799_1280-1030x686.jpg\" data-srcset=\"https:\/\/www.tuicamper.com\/wp-docker\/wp-content\/uploads\/2019\/03\/cordoba-573799_1280-1030x686.jpg 1030w, https:\/\/www.tuicamper.com\/wp-docker\/wp-content\/uploads\/2019\/03\/cordoba-573799_1280-300x200.jpg 300w, https:\/\/www.tuicamper.com\/wp-docker\/wp-content\/uploads\/2019\/03\/cordoba-573799_1280-768x512.jpg 768w, https:\/\/www.tuicamper.com\/wp-docker\/wp-content\/uploads\/2019\/03\/cordoba-573799_1280-705x470.jpg 705w, https:\/\/www.tuicamper.com\/wp-docker\/wp-content\/uploads\/2019\/03\/cordoba-573799_1280-450x300.jpg 450w, https:\/\/www.tuicamper.com\/wp-docker\/wp-content\/uploads\/2019\/03\/cordoba-573799_1280.jpg 1280w\" data-sizes=\"(max-width: 1030px) 100vw, 1030px\" class='avia_image '  aria-label='Mezquita-Catedral de C\u00f3rdoba'><div class=\"av-image-caption-overlay\"><div class=\"av-caption-image-overlay-bg\"><\/div><div class=\"av-image-caption-overlay-position\"><div class=\"av-image-caption-overlay-center\"><p>Mezquita-Catedral de C\u00f3rdoba<\/p>\n<\/div><\/div><\/div><img decoding=\"async\" fetchpriority=\"high\" class='wp-image-330 avia-img-lazy-loading-not-330 avia_image ' src=\"https:\/\/www.tuicamper.com\/wp-docker\/wp-content\/uploads\/2019\/03\/cordoba-573799_1280-1280x630.jpg\" alt='Mezquita-Catedral de C\u00f3rdoba' title='Mezquita-Catedral de C\u00f3rdoba'  height=\"630\" width=\"1280\"  itemprop=\"thumbnailUrl\"  \/><\/a><\/div><\/div><\/div>\n\n<\/div><\/div><\/div><!-- close content main div --><\/div><\/div><div id='av_section_7'  class='avia-section av-jt5vrdgv-34-595d62b7235c6cbdce919f4748ceaf31 main_color avia-section-default avia-no-border-styling  avia-builder-el-17  el_after_av_section  el_before_av_section  reduced-content avia-bg-style-scroll container_wrap sidebar_right'  ><div class='container av-section-cont-open' ><div class='template-page content  av-content-small alpha units'><div class='post-entry post-entry-type-page post-entry-320'><div class='entry-content-wrapper clearfix'>\n\n<style type=\"text\/css\" data-created_by=\"avia_inline_auto\" id=\"style-css-av-1g5aou-33-751b9559b208d65f3a3232e921673acd\">\n.flex_column.av-1g5aou-33-751b9559b208d65f3a3232e921673acd{\nborder-radius:0px 0px 0px 0px;\npadding:0px 0px 0px 0px;\n}\n<\/style>\n<div  class='flex_column av-1g5aou-33-751b9559b208d65f3a3232e921673acd av_one_full  avia-builder-el-18  avia-builder-el-no-sibling  first flex_column_div av-zero-column-padding  '     ><section  class='av_textblock_section av-jt5tjyk0-32-a350a720c002f2dc320fda982b01245a '   itemscope=\"itemscope\" itemtype=\"https:\/\/schema.org\/BlogPosting\" itemprop=\"blogPost\" ><div class='avia_textblock'  itemprop=\"text\" ><h2>3.) Die traumhaften G\u00e4rten von Alc\u00e1zar de los Reyes Cristianos<\/h2>\n<p>Ein Besuch von C\u00f3rdoba lohnt im Rahmen des Wohnmobil-Urlaubs in Andalusien nicht nur wegen der Mezquita-Catedral de C\u00f3rdoba. Ebenso faszinierend sind die m\u00e4rchenhaften G\u00e4rten von Alc\u00e1zar de los Reyes Cristianos, die sich an einen pr\u00e4chtigen Palast schmiegen, der den Katholischen K\u00f6nigen einst als Residenz diente. Wasserspiele, Springbrunnen, dichte Hecken und ein farbenpr\u00e4chtiges Blumenmeer tragen die maurische Gartenbaukunst in die Moderne.<\/p>\n<\/div><\/section><\/div>\n\n<\/div><\/div><\/div><!-- close content main div --><\/div><\/div><div id='av_section_8'  class='avia-section av-jt5vrdgv-29-d4c6a4416dde1a1b882331362ac67e61 main_color avia-section-default avia-no-border-styling  avia-builder-el-20  el_after_av_section  el_before_av_textblock  reduced-content avia-bg-style-scroll container_wrap sidebar_right'  ><div class='container av-section-cont-open' ><div class='template-page content  av-content-small alpha units'><div class='post-entry post-entry-type-page post-entry-320'><div class='entry-content-wrapper clearfix'>\n\n<style type=\"text\/css\" data-created_by=\"avia_inline_auto\" id=\"style-css-av-1g5aou-28-31544ce378730dc1f544217926cdc934\">\n.flex_column.av-1g5aou-28-31544ce378730dc1f544217926cdc934{\nborder-radius:0px 0px 0px 0px;\npadding:0px 0px 0px 0px;\n}\n<\/style>\n<div  class='flex_column av-1g5aou-28-31544ce378730dc1f544217926cdc934 av_one_full  avia-builder-el-21  avia-builder-el-no-sibling  first flex_column_div av-zero-column-padding  '     ><section  class='av_textblock_section av-jt5tjyk0-27-7e2b9dd8f970f31b419fd446e1784e77 '   itemscope=\"itemscope\" itemtype=\"https:\/\/schema.org\/BlogPosting\" itemprop=\"blogPost\" ><div class='avia_textblock'  itemprop=\"text\" ><h2>4.) Costa del Sol: zwischen Badespa\u00df, kulturellen H\u00f6hepunkten und Touristen<\/h2>\n<p>Wenn Sie Andalusien mit dem Wohnmobil entdecken, ist eine Tour entlang der Costa del Sol oder \u201eSonnenk\u00fcste\u201c w\u00e4rmstens zu empfehlen. Denn der Name k\u00f6nnte treffender kaum sein. Auf einer L\u00e4nge von 300 Kilometern f\u00fchrt dieser K\u00fcstenabschnitt, der durchschnittlich mit 320 Sonnentagen j\u00e4hrlich punktet, an einigen der sch\u00f6nsten Str\u00e4nde Europas vorbei. Badespa\u00df ist hier also garantiert! Aber auch an kulturellen Highlights mangelt es entlang der Costa del Sol nicht, liegen hier doch so geschichtstr\u00e4chtige und kulturell reichhaltige Metropolen wie M\u00e1laga. Einziger Nachteil: Die Sch\u00f6nheit der Sonnenk\u00fcste ist kein Geheimnis \u2013 entsprechend gro\u00df ist an den Hotspots auch der touristische Andrang.<\/p>\n<\/div><\/section><\/div>\n<\/div><\/div><\/div><!-- close content main div --><\/div><\/div><div id='after_section_8'  class='main_color av_default_container_wrap container_wrap sidebar_right'  ><div class='container av-section-cont-open' ><div class='template-page content  av-content-small alpha units'><div class='post-entry post-entry-type-page post-entry-320'><div class='entry-content-wrapper clearfix'>\n<section  class='av_textblock_section av-jtpqpty6-43-ec164c3d1b7e269eacd0ff85c720303c '   itemscope=\"itemscope\" itemtype=\"https:\/\/schema.org\/BlogPosting\" itemprop=\"blogPost\" ><div class='avia_textblock'  itemprop=\"text\" >\r\n<div style=\"clear: both;\"><\/div>\r\n<div class=\"post-breaker-item breaker-type-default\">\r\n    <div class=\"post-breaker-item-inner\">\r\n                    \n<style type=\"text\/css\" data-created_by=\"avia_inline_auto\" id=\"style-css-av-jtpksizx-4b352f2a2752c01e58a4c67632af1aa6\">\n#top .av_textblock_section.av-jtpksizx-4b352f2a2752c01e58a4c67632af1aa6 .avia_textblock{\nfont-size:28px;\n}\n<\/style>\n<section  class='av_textblock_section av-jtpksizx-4b352f2a2752c01e58a4c67632af1aa6 '   itemscope=\"itemscope\" itemtype=\"https:\/\/schema.org\/BlogPosting\" itemprop=\"blogPost\" ><div class='avia_textblock'  itemprop=\"text\" ><p><strong>\u2013 Auch interessant \u2013<\/strong><\/p>\n<\/div><\/section>\n\n<style type=\"text\/css\" data-created_by=\"avia_inline_auto\" id=\"style-css-av-mjaz5-4a5e7a4612d820311f0a023801221c9c\">\n.flex_column.av-mjaz5-4a5e7a4612d820311f0a023801221c9c{\nborder-radius:0px 0px 0px 0px;\npadding:0px 0px 0px 0px;\n}\n<\/style>\n<div  class='flex_column av-mjaz5-4a5e7a4612d820311f0a023801221c9c av_one_third first flex_column_div av-zero-column-padding  '     ><p>\n<style type=\"text\/css\" data-created_by=\"avia_inline_auto\" id=\"style-css-av-jt75ko0n-f2541e96d396e47bd2d6eaf0c5717f70\">\n.avia-image-container.av-jt75ko0n-f2541e96d396e47bd2d6eaf0c5717f70 img.avia_image{\nbox-shadow:none;\n}\n.avia-image-container.av-jt75ko0n-f2541e96d396e47bd2d6eaf0c5717f70 .av-image-caption-overlay-center{\ncolor:#ffffff;\n}\n<\/style>\n<div  class='avia-image-container av-jt75ko0n-f2541e96d396e47bd2d6eaf0c5717f70 av-styling-no-styling av-hover-grow av-hide-overflow av-img-linked avia_animated_image av-animated-when-visible-95 fade-in avia-align-left'   itemprop=\"image\" itemscope=\"itemscope\" itemtype=\"https:\/\/schema.org\/ImageObject\" ><div class=\"avia-image-container-inner\"><div class=\"avia-image-overlay-wrap\"><a href=\"https:\/\/www.tuicamper.com\/magazin\/reisetipps-spanien\/\" class='avia_image '  aria-label='Reisetipps Spanien'><img decoding=\"async\" fetchpriority=\"high\" class='wp-image-338 avia-img-lazy-loading-not-338 avia_image ' src=\"https:\/\/www.tuicamper.com\/wp-docker\/wp-content\/uploads\/2019\/03\/reisetipps-spanien-teaser.jpg\" alt='Reisetipps Spanien' title='Reisetipps Spanien'  height=\"200\" width=\"350\"  itemprop=\"thumbnailUrl\" srcset=\"https:\/\/www.tuicamper.com\/wp-docker\/wp-content\/uploads\/2019\/03\/reisetipps-spanien-teaser.jpg 350w, https:\/\/www.tuicamper.com\/wp-docker\/wp-content\/uploads\/2019\/03\/reisetipps-spanien-teaser-300x171.jpg 300w\" sizes=\"(max-width: 350px) 100vw, 350px\" \/><\/a><\/div><\/div><\/div><br \/>\n<section  class='av_textblock_section av-jt75lbqb-bba29013bb6610b0762c56b6a5ae7819 '   itemscope=\"itemscope\" itemtype=\"https:\/\/schema.org\/BlogPosting\" itemprop=\"blogPost\" ><div class='avia_textblock'  itemprop=\"text\" ><p style=\"text-align: left;\"><a href=\"https:\/\/www.tuicamper.com\/magazin\/reisetipps-spanien\/\"><strong>Reisetipps Spanien \u2013 Die besten Tipps, Highlights &amp; Empfehlungen<\/strong><\/a><\/p>\n<\/div><\/section><\/p><\/div>\n\n<style type=\"text\/css\" data-created_by=\"avia_inline_auto\" id=\"style-css-av-ehyb5-8fadcff6392c44a3fc98dc4b014d4246\">\n.flex_column.av-ehyb5-8fadcff6392c44a3fc98dc4b014d4246{\nborder-radius:0px 0px 0px 0px;\npadding:0px 0px 0px 0px;\n}\n<\/style>\n<div  class='flex_column av-ehyb5-8fadcff6392c44a3fc98dc4b014d4246 av_one_third flex_column_div av-zero-column-padding  '     ><p>\n<style type=\"text\/css\" data-created_by=\"avia_inline_auto\" id=\"style-css-av-jt75ko0n-3852215314f72f54a137444d13a244b8\">\n.avia-image-container.av-jt75ko0n-3852215314f72f54a137444d13a244b8 img.avia_image{\nbox-shadow:none;\n}\n.avia-image-container.av-jt75ko0n-3852215314f72f54a137444d13a244b8 .av-image-caption-overlay-center{\ncolor:#ffffff;\n}\n<\/style>\n<div  class='avia-image-container av-jt75ko0n-3852215314f72f54a137444d13a244b8 av-styling-no-styling av-hover-grow av-hide-overflow av-img-linked avia_animated_image av-animated-when-visible-95 fade-in avia-align-left'   itemprop=\"image\" itemscope=\"itemscope\" itemtype=\"https:\/\/schema.org\/ImageObject\" ><div class=\"avia-image-container-inner\"><div class=\"avia-image-overlay-wrap\"><a href=\"https:\/\/www.tuicamper.com\/magazin\/wohnmobil-toskana\/\" class='avia_image '  aria-label='Wohnmobil Toskana'><img decoding=\"async\" fetchpriority=\"high\" class='wp-image-339 avia-img-lazy-loading-not-339 avia_image ' src=\"https:\/\/www.tuicamper.com\/wp-docker\/wp-content\/uploads\/2019\/03\/wohnmobil-toskana-teaser.jpg\" alt='Wohnmobil Toskana' title='Wohnmobil Toskana'  height=\"200\" width=\"350\"  itemprop=\"thumbnailUrl\" srcset=\"https:\/\/www.tuicamper.com\/wp-docker\/wp-content\/uploads\/2019\/03\/wohnmobil-toskana-teaser.jpg 350w, https:\/\/www.tuicamper.com\/wp-docker\/wp-content\/uploads\/2019\/03\/wohnmobil-toskana-teaser-300x171.jpg 300w\" sizes=\"(max-width: 350px) 100vw, 350px\" \/><\/a><\/div><\/div><\/div><br \/>\n<section  class='av_textblock_section av-jt75lbqb-bba29013bb6610b0762c56b6a5ae7819 '   itemscope=\"itemscope\" itemtype=\"https:\/\/schema.org\/BlogPosting\" itemprop=\"blogPost\" ><div class='avia_textblock'  itemprop=\"text\" ><p style=\"text-align: left;\"><strong><a href=\"https:\/\/www.tuicamper.com\/magazin\/wohnmobil-toskana\/\">Wohnmobil Toskana \u2013 10 Highlights f\u00fcr eine Camper-Reise<\/a><\/strong><\/p>\n<\/div><\/section><\/p><\/div>\n\n<style type=\"text\/css\" data-created_by=\"avia_inline_auto\" id=\"style-css-av-7tzf5-0c74ac4f5c6d3099336654f757cbc09f\">\n.flex_column.av-7tzf5-0c74ac4f5c6d3099336654f757cbc09f{\nborder-radius:0px 0px 0px 0px;\npadding:0px 0px 0px 0px;\n}\n<\/style>\n<div  class='flex_column av-7tzf5-0c74ac4f5c6d3099336654f757cbc09f av_one_third flex_column_div av-zero-column-padding  '     ><p>\n<style type=\"text\/css\" data-created_by=\"avia_inline_auto\" id=\"style-css-av-jt75ko0n-e7d4aaffaac2ab53b51afa6d3f7c6039\">\n.avia-image-container.av-jt75ko0n-e7d4aaffaac2ab53b51afa6d3f7c6039 img.avia_image{\nbox-shadow:none;\n}\n.avia-image-container.av-jt75ko0n-e7d4aaffaac2ab53b51afa6d3f7c6039 .av-image-caption-overlay-center{\ncolor:#ffffff;\n}\n<\/style>\n<div  class='avia-image-container av-jt75ko0n-e7d4aaffaac2ab53b51afa6d3f7c6039 av-styling-no-styling av-hover-grow av-hide-overflow av-img-linked avia_animated_image av-animated-when-visible-95 fade-in avia-align-left'   itemprop=\"image\" itemscope=\"itemscope\" itemtype=\"https:\/\/schema.org\/ImageObject\" ><div class=\"avia-image-container-inner\"><div class=\"avia-image-overlay-wrap\"><a href=\"https:\/\/www.tuicamper.com\/magazin\/schutz-gegen-hitze\/\" class='avia_image '  aria-label='Schutz gegen Hitze'><img decoding=\"async\" fetchpriority=\"high\" class='wp-image-340 avia-img-lazy-loading-not-340 avia_image ' src=\"https:\/\/www.tuicamper.com\/wp-docker\/wp-content\/uploads\/2019\/03\/schutz-gegen-hitze-teaser.jpg\" alt='Schutz gegen Hitze' title='Schutz gegen Hitze'  height=\"200\" width=\"350\"  itemprop=\"thumbnailUrl\" srcset=\"https:\/\/www.tuicamper.com\/wp-docker\/wp-content\/uploads\/2019\/03\/schutz-gegen-hitze-teaser.jpg 350w, https:\/\/www.tuicamper.com\/wp-docker\/wp-content\/uploads\/2019\/03\/schutz-gegen-hitze-teaser-300x171.jpg 300w\" sizes=\"(max-width: 350px) 100vw, 350px\" \/><\/a><\/div><\/div><\/div><br \/>\n<section  class='av_textblock_section av-jt75lbqb-bba29013bb6610b0762c56b6a5ae7819 '   itemscope=\"itemscope\" itemtype=\"https:\/\/schema.org\/BlogPosting\" itemprop=\"blogPost\" ><div class='avia_textblock'  itemprop=\"text\" ><p style=\"text-align: left;\"><a href=\"https:\/\/www.tuicamper.com\/magazin\/schutz-gegen-hitze\/\"><strong>Schutz gegen Hitze \u2013 Mit diesen Tipps bleibt Ihr Wohnmobil im Sommer k\u00fchl<\/strong><\/a><\/p>\n<\/div><\/section><\/p><\/div>\n            <div style=\"clear: both;\"><\/div>\r\n            <\/div>\r\n<\/div>\r\n\n<\/div><\/section>\n<\/div><\/div><\/div><!-- close content main div --><\/div><\/div><div id='av_section_9'  class='avia-section av-jt5vrdgv-26-1a8b7eb57e49308c24979ab2a4f6349c main_color avia-section-default avia-no-border-styling  avia-builder-el-24  el_after_av_textblock  el_before_av_section  reduced-content avia-bg-style-scroll container_wrap sidebar_right'  ><div class='container av-section-cont-open' ><div class='template-page content  av-content-small alpha units'><div class='post-entry post-entry-type-page post-entry-320'><div class='entry-content-wrapper clearfix'>\n\n<style type=\"text\/css\" data-created_by=\"avia_inline_auto\" id=\"style-css-av-1g5aou-25-67dacc25ad1b950b40fce227594269b6\">\n.flex_column.av-1g5aou-25-67dacc25ad1b950b40fce227594269b6{\nborder-radius:0px 0px 0px 0px;\npadding:0px 0px 0px 0px;\n}\n<\/style>\n<div  class='flex_column av-1g5aou-25-67dacc25ad1b950b40fce227594269b6 av_one_full  avia-builder-el-25  el_before_av_button  avia-builder-el-first  first flex_column_div av-zero-column-padding  '     ><section  class='av_textblock_section av-jt5tjyk0-24-e5e03dea2ae816c5d4c7eb8594bd89f2 '   itemscope=\"itemscope\" itemtype=\"https:\/\/schema.org\/BlogPosting\" itemprop=\"blogPost\" ><div class='avia_textblock'  itemprop=\"text\" ><h2>5.) Costa de la Luz \u2013 die K\u00fcste des Lichts<\/h2>\n<p>Wer auf der Wohnmobil-Tour durch Andalusien allzu gro\u00dfe Touristenmassen lieber meiden m\u00f6chte, findet mit der Costa de la Luz, der \u201eK\u00fcste des Lichts\u201c, eine gute Alternative zur vielbesuchten Costa del Sol. Traumstr\u00e4nde gibt es auch an der s\u00fcdlichen Atlantikk\u00fcste en masse. Diese sind jedoch noch einen Hauch urspr\u00fcnglicher \u2013 und bei weitem nicht so \u00fcberlaufen wie die Str\u00e4nde der Costa del Sol. Vertr\u00e4umte D\u00f6rfer und geschichtstr\u00e4chtige St\u00e4dte mit sehenswerter Altstadt finden sich auf der rund 200 Kilometer langen Strecke nat\u00fcrlich ebenso.<\/p>\n<\/div><\/section><\/div><div  class='avia-button-wrap av-ju2eusip-fa90a8e91227f522ed35afe3527e4ec4-wrap avia-button-center  avia-builder-el-27  el_after_av_one_full  avia-builder-el-last '><a href='https:\/\/www.tuicamper.com\/reiseziele\/europa\/spanien\/'  class='avia-button av-ju2eusip-fa90a8e91227f522ed35afe3527e4ec4 av-link-btn avia-icon_select-yes-right-icon avia-size-large avia-position-center avia-color-theme-color'   aria-label=\"Jetzt Wohnmobil mieten f\u00fcr Spanien\"><span class='avia_iconbox_title' >Jetzt Wohnmobil mieten f\u00fcr Spanien<\/span><span class='avia_button_icon avia_button_icon_right avia-iconfont avia-font-entypo-fontello' data-av_icon='\ue875' data-av_iconfont='entypo-fontello' ><\/span><\/a><\/div>\n\n<\/div><\/div><\/div><!-- close content main div --><\/div><\/div><div id='av_section_10'  class='avia-section av-jt5vrdgv-23-8f946bdfccfd44039f1e300dd7706ea8 main_color avia-section-default avia-no-border-styling  avia-builder-el-28  el_after_av_section  el_before_av_section  reduced-content avia-bg-style-scroll container_wrap sidebar_right'  ><div class='container av-section-cont-open' ><div class='template-page content  av-content-small alpha units'><div class='post-entry post-entry-type-page post-entry-320'><div class='entry-content-wrapper clearfix'>\n\n<style type=\"text\/css\" data-created_by=\"avia_inline_auto\" id=\"style-css-av-1g5aou-22-bf67208e4d5d4c3b63460ee9d782a192\">\n.flex_column.av-1g5aou-22-bf67208e4d5d4c3b63460ee9d782a192{\nborder-radius:0px 0px 0px 0px;\npadding:0px 0px 0px 0px;\n}\n<\/style>\n<div  class='flex_column av-1g5aou-22-bf67208e4d5d4c3b63460ee9d782a192 av_one_full  avia-builder-el-29  avia-builder-el-no-sibling  first flex_column_div av-zero-column-padding  '     ><section  class='av_textblock_section av-jt5tjyk0-21-05b5f7dc18c5dd6dc3008fe8e2ef1c5f '   itemscope=\"itemscope\" itemtype=\"https:\/\/schema.org\/BlogPosting\" itemprop=\"blogPost\" ><div class='avia_textblock'  itemprop=\"text\" ><h2>6.) Die atemberaubenden Panoramen Rondas<\/h2>\n<p>Wenn Sie mit dem Wohnmobil Andalusien erkunden, k\u00f6nnen wir Ihnen einen Stopp ans Herz legen: Ronda. Die in der Provinz Malaga gelegene Stadt thront auf einem Berggipfel \u00fcber einer tiefen Schlucht, in die sich ein Fluss gr\u00e4bt. Atemberaubende Panoramen sind in der Stadt, die mit ihren verwinkelten und schmalen Gassen zum Erkunden einl\u00e4dt, garantiert!<\/p>\n<p><strong>Tipp<\/strong>: Ronda liegt mitten auf der idyllischen Landstra\u00dfenroute Ruta de los Pueblos Blancos. Entlang der Strecke blitzen immer wieder die charakteristischen wei\u00df gekalkten H\u00e4user der zwischen sanften Gebirgen gelegenen D\u00f6rfer auf.<\/p>\n<p><strong>Stellplatz-Tipp<\/strong>: <a href=\"https:\/\/www.arearonda.net\/\" target=\"_blank\" rel=\"noopener\">\u00c1rea de Autocaravanas Ciudad de Ronda<\/a> \u2013 perfekter Ausgangspunkt, um Ronda kennenzulernen<\/p>\n<\/div><\/section><\/div>\n\n<\/div><\/div><\/div><!-- close content main div --><\/div><\/div><div id='av_section_11'  class='avia-section av-b7gvl-31-0f89eced0c045894bb3678ea6e45d5f5 main_color avia-section-default avia-no-border-styling  avia-builder-el-31  el_after_av_section  el_before_av_section  reduced-content avia-bg-style-scroll container_wrap sidebar_right'  ><div class='container av-section-cont-open' ><div class='template-page content  av-content-small alpha units'><div class='post-entry post-entry-type-page post-entry-320'><div class='entry-content-wrapper clearfix'>\n\n<style type=\"text\/css\" data-created_by=\"avia_inline_auto\" id=\"style-css-av-jtplvt5k-30-8378e3db633638e719b18ba2c75a9ab8\">\n.avia-image-container.av-jtplvt5k-30-8378e3db633638e719b18ba2c75a9ab8 img.avia_image{\nbox-shadow:none;\n}\n.avia-image-container.av-jtplvt5k-30-8378e3db633638e719b18ba2c75a9ab8 .av-caption-image-overlay-bg{\nopacity:0.4;\nbackground-color:#000000;\n}\n.avia-image-container.av-jtplvt5k-30-8378e3db633638e719b18ba2c75a9ab8 .av-image-caption-overlay-center{\ncolor:#ffffff;\n}\n<\/style>\n<div  class='avia-image-container av-jtplvt5k-30-8378e3db633638e719b18ba2c75a9ab8 av-styling- av-img-linked avia_animated_image av-animated-when-visible-95 fade-in avia-align-center  avia-builder-el-32  avia-builder-el-no-sibling  noHover av-overlay-on-hover'   itemprop=\"image\" itemscope=\"itemscope\" itemtype=\"https:\/\/schema.org\/ImageObject\" ><div class=\"avia-image-container-inner\"><div class=\"avia-image-overlay-wrap\"><a href=\"https:\/\/www.tuicamper.com\/wp-docker\/wp-content\/uploads\/2019\/03\/ronda-2154601_1280-1030x686.jpg\" data-srcset=\"https:\/\/www.tuicamper.com\/wp-docker\/wp-content\/uploads\/2019\/03\/ronda-2154601_1280-1030x686.jpg 1030w, https:\/\/www.tuicamper.com\/wp-docker\/wp-content\/uploads\/2019\/03\/ronda-2154601_1280-300x200.jpg 300w, https:\/\/www.tuicamper.com\/wp-docker\/wp-content\/uploads\/2019\/03\/ronda-2154601_1280-768x512.jpg 768w, https:\/\/www.tuicamper.com\/wp-docker\/wp-content\/uploads\/2019\/03\/ronda-2154601_1280-705x470.jpg 705w, https:\/\/www.tuicamper.com\/wp-docker\/wp-content\/uploads\/2019\/03\/ronda-2154601_1280-450x300.jpg 450w, https:\/\/www.tuicamper.com\/wp-docker\/wp-content\/uploads\/2019\/03\/ronda-2154601_1280.jpg 1280w\" data-sizes=\"(max-width: 1030px) 100vw, 1030px\" class='avia_image '  aria-label='Puente Nuevo'><div class=\"av-image-caption-overlay\"><div class=\"av-caption-image-overlay-bg\"><\/div><div class=\"av-image-caption-overlay-position\"><div class=\"av-image-caption-overlay-center\"><p>Blick auf die Puente Nuevo Br\u00fccke<\/p>\n<\/div><\/div><\/div><img decoding=\"async\" fetchpriority=\"high\" class='wp-image-332 avia-img-lazy-loading-not-332 avia_image ' src=\"https:\/\/www.tuicamper.com\/wp-docker\/wp-content\/uploads\/2019\/03\/ronda-2154601_1280-1280x630.jpg\" alt='' title='Puente Nuevo'  height=\"630\" width=\"1280\"  itemprop=\"thumbnailUrl\"  \/><\/a><\/div><\/div><\/div>\n\n<\/div><\/div><\/div><!-- close content main div --><\/div><\/div><div id='av_section_12'  class='avia-section av-jt5vrdgv-19-6bef86ca90cc051d68913a2072184b86 main_color avia-section-default avia-no-border-styling  avia-builder-el-33  el_after_av_section  el_before_av_section  reduced-content avia-bg-style-scroll container_wrap sidebar_right'  ><div class='container av-section-cont-open' ><div class='template-page content  av-content-small alpha units'><div class='post-entry post-entry-type-page post-entry-320'><div class='entry-content-wrapper clearfix'>\n\n<style type=\"text\/css\" data-created_by=\"avia_inline_auto\" id=\"style-css-av-1g5aou-18-5a719a068b34a66b0bef32443fedfffc\">\n.flex_column.av-1g5aou-18-5a719a068b34a66b0bef32443fedfffc{\nborder-radius:0px 0px 0px 0px;\npadding:0px 0px 0px 0px;\n}\n<\/style>\n<div  class='flex_column av-1g5aou-18-5a719a068b34a66b0bef32443fedfffc av_one_full  avia-builder-el-34  avia-builder-el-no-sibling  first flex_column_div av-zero-column-padding  '     ><section  class='av_textblock_section av-jt5tjyk0-17-c3308a3fcf63ef49f90250f782486154 '   itemscope=\"itemscope\" itemtype=\"https:\/\/schema.org\/BlogPosting\" itemprop=\"blogPost\" ><div class='avia_textblock'  itemprop=\"text\" ><h2>7.) In Malaga auf Picassos Spuren<\/h2>\n<p>Es gibt viele Gr\u00fcnde <a href=\"https:\/\/www.tuicamper.com\/reiseziele\/europa\/spanien\/malaga\/\">Malaga<\/a>, der zweitgr\u00f6\u00dften Stadt Andalusiens, einen Besuch abzustatten. F\u00fcr Kunstfreunde steht vor allem einer im Vordergrund: An der Plaza de la Merced befindet sich das Geburtshaus von Pablo Picasso, dem wohl ber\u00fchmtesten Sohn der Stadt. Im Museo Picasso k\u00f6nnen derzeit mehr als 200 Werke des K\u00fcnstlers bewundert werden.<\/p>\n<p><strong>Campingplatz-Tipp<\/strong>: <a href=\"https:\/\/castilloalmalaga.es\/camping\/\" target=\"_blank\" rel=\"noopener\">Camping Castillo AlM\u00e1laga<\/a> \u2013 sch\u00f6ner Campingplatz in den H\u00fcgeln von Malaga<\/p>\n<\/div><\/section><\/div>\n\n<\/div><\/div><\/div><!-- close content main div --><\/div><\/div><div id='av_section_13'  class='avia-section av-jt5vrdgv-14-8b0c22f6bdbf5e4eb51f476445383f48 main_color avia-section-default avia-no-border-styling  avia-builder-el-36  el_after_av_section  el_before_av_section  reduced-content avia-bg-style-scroll container_wrap sidebar_right'  ><div class='container av-section-cont-open' ><div class='template-page content  av-content-small alpha units'><div class='post-entry post-entry-type-page post-entry-320'><div class='entry-content-wrapper clearfix'>\n\n<style type=\"text\/css\" data-created_by=\"avia_inline_auto\" id=\"style-css-av-jtplvt5k-15-395b79532a7c05a5a6776fe933a2f021\">\n.avia-image-container.av-jtplvt5k-15-395b79532a7c05a5a6776fe933a2f021 img.avia_image{\nbox-shadow:none;\n}\n.avia-image-container.av-jtplvt5k-15-395b79532a7c05a5a6776fe933a2f021 .av-caption-image-overlay-bg{\nopacity:0.4;\nbackground-color:#000000;\n}\n.avia-image-container.av-jtplvt5k-15-395b79532a7c05a5a6776fe933a2f021 .av-image-caption-overlay-center{\ncolor:#ffffff;\n}\n<\/style>\n<div  class='avia-image-container av-jtplvt5k-15-395b79532a7c05a5a6776fe933a2f021 av-styling- av-img-linked avia_animated_image av-animated-when-visible-95 fade-in avia-align-center  avia-builder-el-37  avia-builder-el-no-sibling  noHover av-overlay-on-hover'   itemprop=\"image\" itemscope=\"itemscope\" itemtype=\"https:\/\/schema.org\/ImageObject\" ><div class=\"avia-image-container-inner\"><div class=\"avia-image-overlay-wrap\"><a href=\"https:\/\/www.tuicamper.com\/wp-docker\/wp-content\/uploads\/2019\/03\/sea-1283651_1280-1030x319.jpg\" data-srcset=\"https:\/\/www.tuicamper.com\/wp-docker\/wp-content\/uploads\/2019\/03\/sea-1283651_1280-1030x319.jpg 1030w, https:\/\/www.tuicamper.com\/wp-docker\/wp-content\/uploads\/2019\/03\/sea-1283651_1280-300x93.jpg 300w, https:\/\/www.tuicamper.com\/wp-docker\/wp-content\/uploads\/2019\/03\/sea-1283651_1280-768x238.jpg 768w, https:\/\/www.tuicamper.com\/wp-docker\/wp-content\/uploads\/2019\/03\/sea-1283651_1280-705x219.jpg 705w, https:\/\/www.tuicamper.com\/wp-docker\/wp-content\/uploads\/2019\/03\/sea-1283651_1280-450x140.jpg 450w, https:\/\/www.tuicamper.com\/wp-docker\/wp-content\/uploads\/2019\/03\/sea-1283651_1280.jpg 1280w\" data-sizes=\"(max-width: 1030px) 100vw, 1030px\" class='avia_image '  aria-label='Malaga Hafen'><div class=\"av-image-caption-overlay\"><div class=\"av-caption-image-overlay-bg\"><\/div><div class=\"av-image-caption-overlay-position\"><div class=\"av-image-caption-overlay-center\"><p>Blick in den Hafen von Malaga<\/p>\n<\/div><\/div><\/div><img decoding=\"async\" fetchpriority=\"high\" class='wp-image-333 avia-img-lazy-loading-not-333 avia_image ' src=\"https:\/\/www.tuicamper.com\/wp-docker\/wp-content\/uploads\/2019\/03\/sea-1283651_1280-845x397.jpg\" alt='' title='Malaga Hafen'  height=\"397\" width=\"845\"  itemprop=\"thumbnailUrl\"  \/><\/a><\/div><\/div><\/div>\n\n<\/div><\/div><\/div><!-- close content main div --><\/div><\/div><div id='av_section_14'  class='avia-section av-jt5vrdgv-11-caa4a1092c3a8f4ba4b850fa57de364a main_color avia-section-default avia-no-border-styling  avia-builder-el-38  el_after_av_section  el_before_av_section  reduced-content avia-bg-style-scroll container_wrap sidebar_right'  ><div class='container av-section-cont-open' ><div class='template-page content  av-content-small alpha units'><div class='post-entry post-entry-type-page post-entry-320'><div class='entry-content-wrapper clearfix'>\n\n<style type=\"text\/css\" data-created_by=\"avia_inline_auto\" id=\"style-css-av-1g5aou-13-1a18706a0ef14cc13bc9e04d2421952f\">\n.flex_column.av-1g5aou-13-1a18706a0ef14cc13bc9e04d2421952f{\nborder-radius:0px 0px 0px 0px;\npadding:0px 0px 0px 0px;\n}\n<\/style>\n<div  class='flex_column av-1g5aou-13-1a18706a0ef14cc13bc9e04d2421952f av_one_full  avia-builder-el-39  el_before_av_button  avia-builder-el-first  first flex_column_div av-zero-column-padding  '     ><section  class='av_textblock_section av-jt5tjyk0-12-1ddc9c878652d1eb09ea11a7f3a13eb3 '   itemscope=\"itemscope\" itemtype=\"https:\/\/schema.org\/BlogPosting\" itemprop=\"blogPost\" ><div class='avia_textblock'  itemprop=\"text\" ><h2>8.) Sevilla: Zu Gast in der Wiege des Flamencos<\/h2>\n<p>Sevilla, die Hauptstadt Andalusiens, besitzt viele Reize. Bei einem Bummel durch die gr\u00f6\u00dfte zusammenh\u00e4ngende Altstadt Spaniens entdecken Sie bereits viele der sch\u00f6nsten <a href=\"https:\/\/www.tuicamper.com\/magazin\/sevilla-sehenswuerdigkeiten\/\">Sevilla-Sehensw\u00fcrdigkeiten<\/a> \u2013 zum Beispiel die Kathedrale von Sevilla, eine der gr\u00f6\u00dften Kirchen der Welt. Doch\u00a0<a href=\"https:\/\/www.tuicamper.com\/reiseziele\/europa\/spanien\/sevilla\/\">Sevilla<\/a> gilt auch als Wiege des ber\u00fchmten Flamencos. Wer andalusische Kultur hautnah erleben m\u00f6chte, besucht also am besten eine der Musikclubs (Pe\u00f1as flamencas) der Stadt, wo die leidenschaftlichen romantisch-wehklagendenden T\u00e4nze und Ges\u00e4nge des Flamencos durch die Nacht dringen. Tipp: Sevilla ist der perfekte Ausgangspunkt f\u00fcr eine 15-t\u00e4gige Wohnmobil-Tour. Im Rahmen einer <a href=\"https:\/\/www.tuicamper.com\/routen\/spanien-routen\/sevilla-rundreise-andalusien-algarve\/\">Sevilla-Rundreise<\/a> lernen Sie viele der sch\u00f6nsten Regionen Spaniens und Portugals kennen.<\/p>\n<p><strong>Campingplatz-Tipp<\/strong>: <a href=\"https:\/\/campingvillsom.com\/\" target=\"_blank\" rel=\"noopener\">Camping Villsom Sevilla<\/a> \u2013 zentral gelegener Platz; schnelle Busverbindung ins Zentrum<\/p>\n<\/div><\/section><\/div><div  class='avia-button-wrap av-ju2eusip-20-90af49efd78194b5d8bb91adbe7995d4-wrap avia-button-center  avia-builder-el-41  el_after_av_one_full  avia-builder-el-last '><a href='https:\/\/www.tuicamper.com\/reiseziele\/europa\/spanien\/'  class='avia-button av-ju2eusip-20-90af49efd78194b5d8bb91adbe7995d4 av-link-btn avia-icon_select-yes-right-icon avia-size-large avia-position-center avia-color-theme-color'   aria-label=\"Jetzt Wohnmobil mieten f\u00fcr Spanien\"><span class='avia_iconbox_title' >Jetzt Wohnmobil mieten f\u00fcr Spanien<\/span><span class='avia_button_icon avia_button_icon_right avia-iconfont avia-font-entypo-fontello' data-av_icon='\ue875' data-av_iconfont='entypo-fontello' ><\/span><\/a><\/div>\n\n<\/div><\/div><\/div><!-- close content main div --><\/div><\/div><div id='av_section_15'  class='avia-section av-jt5vrdgv-9-06978d48f47c0b2e0cde0fca8f77ea77 main_color avia-section-default avia-no-border-styling  avia-builder-el-42  el_after_av_section  el_before_av_section  reduced-content avia-bg-style-scroll container_wrap sidebar_right'  ><div class='container av-section-cont-open' ><div class='template-page content  av-content-small alpha units'><div class='post-entry post-entry-type-page post-entry-320'><div class='entry-content-wrapper clearfix'>\n\n<style type=\"text\/css\" data-created_by=\"avia_inline_auto\" id=\"style-css-av-1g5aou-8-333a8aca8d60ad30096030bf70238cbb\">\n.flex_column.av-1g5aou-8-333a8aca8d60ad30096030bf70238cbb{\nborder-radius:0px 0px 0px 0px;\npadding:0px 0px 0px 0px;\n}\n<\/style>\n<div  class='flex_column av-1g5aou-8-333a8aca8d60ad30096030bf70238cbb av_one_full  avia-builder-el-43  avia-builder-el-no-sibling  first flex_column_div av-zero-column-padding  '     ><section  class='av_textblock_section av-jt5tjyk0-7-94e1a4b9b176b450a83830dc810d4353 '   itemscope=\"itemscope\" itemtype=\"https:\/\/schema.org\/BlogPosting\" itemprop=\"blogPost\" ><div class='avia_textblock'  itemprop=\"text\" ><h2>9.) Plaza de Espa\u00f1a: F\u00fcr Filmfans ein absolutes Muss<\/h2>\n<p>Filmfans sollten in Sevilla zudem einen Abstecher zum Plaza de Espa\u00f1a machen. Der von einem rund 200 Meter langen, halbkreisf\u00f6rmigen Geb\u00e4ude im Renaissance-Stil umgebene Platz mag Cineasten seltsam vertraut vorkommen \u2013 und das nicht ohne Grund. So diente der Platz schon zahlreichen Filmen als Kulisse. Gedreht wurden hier unter anderem Szenen aus Lawrence von Arabien und Star Wars: Episode II \u2013 Angriff der Klonkrieger.<\/p>\n<\/div><\/section><\/div>\n\n<\/div><\/div><\/div><!-- close content main div --><\/div><\/div><div id='av_section_16'  class='avia-section av-b7gvl-16-37cc237ba68afb61b08a162758abb06c main_color avia-section-default avia-no-border-styling  avia-builder-el-45  el_after_av_section  el_before_av_section  reduced-content avia-bg-style-scroll container_wrap sidebar_right'  ><div class='container av-section-cont-open' ><div class='template-page content  av-content-small alpha units'><div class='post-entry post-entry-type-page post-entry-320'><div class='entry-content-wrapper clearfix'>\n\n<style type=\"text\/css\" data-created_by=\"avia_inline_auto\" id=\"style-css-av-jtplvt5k-10-4122b6a41715dd7d2bfccc8e821de5a2\">\n.avia-image-container.av-jtplvt5k-10-4122b6a41715dd7d2bfccc8e821de5a2 img.avia_image{\nbox-shadow:none;\n}\n.avia-image-container.av-jtplvt5k-10-4122b6a41715dd7d2bfccc8e821de5a2 .av-caption-image-overlay-bg{\nopacity:0.4;\nbackground-color:#000000;\n}\n.avia-image-container.av-jtplvt5k-10-4122b6a41715dd7d2bfccc8e821de5a2 .av-image-caption-overlay-center{\ncolor:#ffffff;\n}\n<\/style>\n<div  class='avia-image-container av-jtplvt5k-10-4122b6a41715dd7d2bfccc8e821de5a2 av-styling- av-img-linked avia_animated_image av-animated-when-visible-95 fade-in avia-align-center  avia-builder-el-46  avia-builder-el-no-sibling  noHover av-overlay-on-hover'   itemprop=\"image\" itemscope=\"itemscope\" itemtype=\"https:\/\/schema.org\/ImageObject\" ><div class=\"avia-image-container-inner\"><div class=\"avia-image-overlay-wrap\"><a href=\"https:\/\/www.tuicamper.com\/wp-docker\/wp-content\/uploads\/2019\/03\/plaza-de-espana-1644624_1280-1030x686.jpg\" data-srcset=\"https:\/\/www.tuicamper.com\/wp-docker\/wp-content\/uploads\/2019\/03\/plaza-de-espana-1644624_1280-1030x686.jpg 1030w, https:\/\/www.tuicamper.com\/wp-docker\/wp-content\/uploads\/2019\/03\/plaza-de-espana-1644624_1280-300x200.jpg 300w, https:\/\/www.tuicamper.com\/wp-docker\/wp-content\/uploads\/2019\/03\/plaza-de-espana-1644624_1280-768x512.jpg 768w, https:\/\/www.tuicamper.com\/wp-docker\/wp-content\/uploads\/2019\/03\/plaza-de-espana-1644624_1280-705x470.jpg 705w, https:\/\/www.tuicamper.com\/wp-docker\/wp-content\/uploads\/2019\/03\/plaza-de-espana-1644624_1280-450x300.jpg 450w, https:\/\/www.tuicamper.com\/wp-docker\/wp-content\/uploads\/2019\/03\/plaza-de-espana-1644624_1280.jpg 1280w\" data-sizes=\"(max-width: 1030px) 100vw, 1030px\" class='avia_image '  aria-label='Plaza de Espa\u00f1a'><div class=\"av-image-caption-overlay\"><div class=\"av-caption-image-overlay-bg\"><\/div><div class=\"av-image-caption-overlay-position\"><div class=\"av-image-caption-overlay-center\"><p>Plaza de Espa\u00f1a<\/p>\n<\/div><\/div><\/div><img decoding=\"async\" fetchpriority=\"high\" class='wp-image-334 avia-img-lazy-loading-not-334 avia_image ' src=\"https:\/\/www.tuicamper.com\/wp-docker\/wp-content\/uploads\/2019\/03\/plaza-de-espana-1644624_1280-1280x630.jpg\" alt='Plaza de Espa\u00f1a' title='Plaza de Espa\u00f1a'  height=\"630\" width=\"1280\"  itemprop=\"thumbnailUrl\"  \/><\/a><\/div><\/div><\/div>\n\n<\/div><\/div><\/div><!-- close content main div --><\/div><\/div><div id='av_section_17'  class='avia-section av-jt5vrdgv-6-d6a7dc34d8bb54ec2eae97e6d7089bb7 main_color avia-section-default avia-no-border-styling  avia-builder-el-47  el_after_av_section  el_before_av_section  reduced-content avia-bg-style-scroll container_wrap sidebar_right'  ><div class='container av-section-cont-open' ><div class='template-page content  av-content-small alpha units'><div class='post-entry post-entry-type-page post-entry-320'><div class='entry-content-wrapper clearfix'>\n\n<style type=\"text\/css\" data-created_by=\"avia_inline_auto\" id=\"style-css-av-1g5aou-5-33bf9caecc3153e04985c29a10571060\">\n.flex_column.av-1g5aou-5-33bf9caecc3153e04985c29a10571060{\nborder-radius:0px 0px 0px 0px;\npadding:0px 0px 0px 0px;\n}\n<\/style>\n<div  class='flex_column av-1g5aou-5-33bf9caecc3153e04985c29a10571060 av_one_full  avia-builder-el-48  avia-builder-el-no-sibling  first flex_column_div av-zero-column-padding  '     ><section  class='av_textblock_section av-jt5tjyk0-4-2e2af432aef8f80ff53351b426cb2c5d '   itemscope=\"itemscope\" itemtype=\"https:\/\/schema.org\/BlogPosting\" itemprop=\"blogPost\" ><div class='avia_textblock'  itemprop=\"text\" ><h2>10.) Die H\u00f6hlen von Nerja<\/h2>\n<p>In der spanischen Gemeinde Nerja befindet sich eines der faszinierendsten H\u00f6hlensysteme Europas, das Jahr f\u00fcr Jahr unz\u00e4hlige Besucher in seinen Bann schl\u00e4gt. Die Cuevas de Nerja \u2013 zu Deutsch H\u00f6hlen von Nerja \u2013 sind ein fast f\u00fcnf Kilometer langes H\u00f6hlensystem, das in Teilen der \u00d6ffentlichkeit zug\u00e4nglich ist. Besucher bestaunen hier nicht nur ein \u00fcber Jahrtausende gewachsenes System aus Tropfsteinen, das einige der gr\u00f6\u00dften Stalaktiten der Welt enth\u00e4lt, sondern sp\u00fcren anhand von H\u00f6hlenmalereien aus der Steinzeit den Urspr\u00fcngen der menschlichen Zivilisation nach.<\/p>\n<p><strong>Tipp<\/strong>: Die einzigartige Akkustik der Cuevas de Nerja wird w\u00e4hrend des Festival Internacional de M\u00fasica y Danza de las Cuevas de Nerja f\u00fcr Konzerte genutzt. Das Festival findet j\u00e4hrlich vom 10. Juni bis zum 1. Juli statt \u2013 und bietet ein akustisches und atmosph\u00e4risch dichtes Musikerlebnis wie es so wohl kein zweites Mal zu finden ist.<\/p>\n<p><strong>Campingplatz-Tipp<\/strong>: <a href=\"https:\/\/www.campingcortijosanmiguel.com\/\" target=\"_blank\" rel=\"noopener\">Camping Cortijo San Miguel<\/a> \u2013 sch\u00f6ner Campingplatz am Rande von Nerja, umgeben von Bananen- und Avocadob\u00e4umen<\/p>\n<\/div><\/section><\/div><\/div><\/div><\/div><!-- close content main div --><\/div><\/div><div id='av_section_18'  class='avia-section av-jt5vrdgv-3-a1f4b84a13d7c5b59effd0b6befbee48 main_color avia-section-default avia-no-border-styling  avia-builder-el-50  el_after_av_section  avia-builder-el-last  reduced-content avia-bg-style-scroll container_wrap sidebar_right'  ><div class='container av-section-cont-open' ><div class='template-page content  av-content-small alpha units'><div class='post-entry post-entry-type-page post-entry-320'><div class='entry-content-wrapper clearfix'>\n\n<style type=\"text\/css\" data-created_by=\"avia_inline_auto\" id=\"style-css-av-1g5aou-2-1f93a398e8836930f210449bc6b0e531\">\n.flex_column.av-1g5aou-2-1f93a398e8836930f210449bc6b0e531{\nborder-radius:0px 0px 0px 0px;\npadding:0px 0px 0px 0px;\n}\n<\/style>\n<div  class='flex_column av-1g5aou-2-1f93a398e8836930f210449bc6b0e531 av_one_full  avia-builder-el-51  el_before_av_social_share  avia-builder-el-first  first flex_column_div av-zero-column-padding  '     ><style type=\"text\/css\" data-created_by=\"avia_inline_auto\" id=\"style-css-av-jt5tjyk0-1-05ba4494232e2baf2020c9bf469bab69\">\n#top .av_textblock_section.av-jt5tjyk0-1-05ba4494232e2baf2020c9bf469bab69 .avia_textblock{\nfont-size:24px;\n}\n<\/style>\n<section  class='av_textblock_section av-jt5tjyk0-1-05ba4494232e2baf2020c9bf469bab69 '   itemscope=\"itemscope\" itemtype=\"https:\/\/schema.org\/BlogPosting\" itemprop=\"blogPost\" ><div class='avia_textblock'  itemprop=\"text\" ><p><strong>Ihr TUI CAMPER-Team w\u00fcnscht Ihnen eine highlightreiche Wohnmobil-Tour durch Andalusien!<\/strong><\/p>\n<\/div><\/section><\/div><div  class='av-social-sharing-box av-10zg8-8676a2d54b4a15bbf6c39a1c18f0815b av-social-sharing-box-default  avia-builder-el-53  el_after_av_one_full  avia-builder-el-last  av-social-sharing-box-fullwidth'><div class=\"av-share-box\"><ul class=\"av-share-box-list noLightbox\"><li class='av-share-link av-social-link-facebook avia_social_iconfont' ><a target=\"_blank\" aria-label=\"Teilen auf Facebook\" href='https:\/\/www.facebook.com\/sharer.php?u=https:\/\/www.tuicamper.com\/magazin\/andalusien-highlights\/&#038;t=Mit%20dem%20Wohnmobil%20durch%20Andalusien%20%E2%80%93%2010%20Highlights%20f%C3%BCr%20eine%20Camper-Reise' data-av_icon='\ue8f3' data-av_iconfont='entypo-fontello'  title='' data-avia-related-tooltip='Teilen auf Facebook'><span class='avia_hidden_link_text'>Teilen auf Facebook<\/span><\/a><\/li><li class='av-share-link av-social-link-twitter avia_social_iconfont' ><a target=\"_blank\" aria-label=\"Teilen auf X\" href='https:\/\/twitter.com\/share?text=Mit%20dem%20Wohnmobil%20durch%20Andalusien%20%E2%80%93%2010%20Highlights%20f%C3%BCr%20eine%20Camper-Reise&#038;url=https:\/\/www.tuicamper.com\/magazin\/andalusien-highlights\/' data-av_icon='\ue932' data-av_iconfont='entypo-fontello'  title='' data-avia-related-tooltip='Teilen auf X'><span class='avia_hidden_link_text'>Teilen auf X<\/span><\/a><\/li><li class='av-share-link av-social-link-whatsapp avia_social_iconfont' ><a target=\"_blank\" aria-label=\"Teilen auf WhatsApp\" href='https:\/\/api.whatsapp.com\/send?text=https:\/\/www.tuicamper.com\/magazin\/andalusien-highlights\/' data-av_icon='\uf232' data-av_iconfont='entypo-fontello'  title='' data-avia-related-tooltip='Teilen auf WhatsApp'><span class='avia_hidden_link_text'>Teilen auf WhatsApp<\/span><\/a><\/li><li class='av-share-link av-social-link-pinterest avia_social_iconfont' ><a target=\"_blank\" aria-label=\"Teilen auf Pinterest\" href='https:\/\/pinterest.com\/pin\/create\/button\/?url=https%3A%2F%2Fwww.tuicamper.com%2Fmagazin%2Fandalusien-highlights%2F&#038;description=Mit%20dem%20Wohnmobil%20durch%20Andalusien%20%E2%80%93%2010%20Highlights%20f%C3%BCr%20eine%20Camper-Reise&#038;media=https%3A%2F%2Fwww.tuicamper.com%2Fwp-docker%2Fwp-content%2Fuploads%2F2019%2F03%2Fandalusien-camper-header-705x271.jpg' data-av_icon='\ue8f8' data-av_iconfont='entypo-fontello'  title='' data-avia-related-tooltip='Teilen auf Pinterest'><span class='avia_hidden_link_text'>Teilen auf Pinterest<\/span><\/a><\/li><li class='av-share-link av-social-link-mail avia_social_iconfont' ><a  aria-label=\"Per E-Mail teilen\" href='mailto:?subject=Mit%20dem%20Wohnmobil%20durch%20Andalusien%20%E2%80%93%2010%20Highlights%20f%C3%BCr%20eine%20Camper-Reise&#038;body=https:\/\/www.tuicamper.com\/magazin\/andalusien-highlights\/' data-av_icon='\ue805' data-av_iconfont='entypo-fontello'  title='' data-avia-related-tooltip='Per E-Mail teilen'><span class='avia_hidden_link_text'>Per E-Mail teilen<\/span><\/a><\/li><\/ul><\/div><\/div>\n<\/div><\/div><\/div><!-- close content main div --><\/div><\/div><div id='after_section_18'  class='main_color av_default_container_wrap container_wrap sidebar_right'  ><div class='container av-section-cont-open' ><div class='template-page content  av-content-small alpha units'><div class='post-entry post-entry-type-page post-entry-320'><div class='entry-content-wrapper clearfix'><\/p>\n","protected":false},"excerpt":{"rendered":"<p>Andalusien \u2013 die Region im S\u00fcden Spaniens ist ein echtes Eldorado f\u00fcr Camper. Lesen Sie hier, mit welchen Highlights Andalusien Urlauber in seinen Bann zieht!<\/p>\n","protected":false},"author":3,"featured_media":122808,"comment_status":"open","ping_status":"open","sticky":false,"template":"","format":"standard","meta":{"footnotes":""},"categories":[33],"tags":[18,52,20,50,42,26,54],"class_list":["post-320","post","type-post","status-publish","format-standard","has-post-thumbnail","hentry","category-reisethema","tag-fruehling","tag-geniesser","tag-herbst","tag-natur","tag-paare","tag-spanien","tag-staedte"],"yoast_head":"<!-- This site is optimized with the Yoast SEO plugin v27.4 - https:\/\/yoast.com\/product\/yoast-seo-wordpress\/ -->\n<title>Wohnmobil Andalusien - 10 Highlights f\u00fcr eine Camper-Reise<\/title>\n<meta name=\"description\" content=\"Andalusien \u2013 die Region im S\u00fcden Spaniens ist ein echtes Eldorado f\u00fcr Camper. Lesen Sie hier, mit welchen Highlights Andalusien Urlauber in seinen Bann zieht!\" \/>\n<meta name=\"robots\" content=\"index, follow, max-snippet:-1, max-image-preview:large, max-video-preview:-1\" \/>\n<link rel=\"canonical\" href=\"https:\/\/www.tuicamper.com\/magazin\/andalusien-highlights\/\" \/>\n<meta property=\"og:locale\" content=\"de_DE\" \/>\n<meta property=\"og:type\" content=\"article\" \/>\n<meta property=\"og:title\" content=\"Wohnmobil Andalusien - 10 Highlights f\u00fcr eine Camper-Reise\" \/>\n<meta property=\"og:description\" content=\"Andalusien \u2013 die Region im S\u00fcden Spaniens ist ein echtes Eldorado f\u00fcr Camper. Lesen Sie hier, mit welchen Highlights Andalusien Urlauber in seinen Bann zieht!\" \/>\n<meta property=\"og:url\" content=\"https:\/\/www.tuicamper.com\/magazin\/andalusien-highlights\/\" \/>\n<meta property=\"og:site_name\" content=\"TUI Camper Magazin\" \/>\n<meta property=\"article:published_time\" content=\"2019-03-26T14:02:29+00:00\" \/>\n<meta property=\"article:modified_time\" content=\"2026-02-05T09:11:15+00:00\" \/>\n<meta property=\"og:image\" content=\"https:\/\/www.tuicamper.com\/wp-docker\/wp-content\/uploads\/2019\/03\/andalusien-camper-header.jpg\" \/>\n\t<meta property=\"og:image:width\" content=\"1280\" \/>\n\t<meta property=\"og:image:height\" content=\"492\" \/>\n\t<meta property=\"og:image:type\" content=\"image\/jpeg\" \/>\n<meta name=\"author\" content=\"S\u00f6ren Cortekar\" \/>\n<meta name=\"twitter:card\" content=\"summary_large_image\" \/>\n<meta name=\"twitter:label1\" content=\"Verfasst von\" \/>\n\t<meta name=\"twitter:data1\" content=\"S\u00f6ren Cortekar\" \/>\n\t<meta name=\"twitter:label2\" content=\"Gesch\u00e4tzte Lesezeit\" \/>\n\t<meta name=\"twitter:data2\" content=\"8\u00a0Minuten\" \/>\n<!-- \/ Yoast SEO plugin. -->","yoast_head_json":{"title":"Wohnmobil Andalusien - 10 Highlights f\u00fcr eine Camper-Reise","description":"Andalusien \u2013 die Region im S\u00fcden Spaniens ist ein echtes Eldorado f\u00fcr Camper. Lesen Sie hier, mit welchen Highlights Andalusien Urlauber in seinen Bann zieht!","robots":{"index":"index","follow":"follow","max-snippet":"max-snippet:-1","max-image-preview":"max-image-preview:large","max-video-preview":"max-video-preview:-1"},"canonical":"https:\/\/www.tuicamper.com\/magazin\/andalusien-highlights\/","og_locale":"de_DE","og_type":"article","og_title":"Wohnmobil Andalusien - 10 Highlights f\u00fcr eine Camper-Reise","og_description":"Andalusien \u2013 die Region im S\u00fcden Spaniens ist ein echtes Eldorado f\u00fcr Camper. Lesen Sie hier, mit welchen Highlights Andalusien Urlauber in seinen Bann zieht!","og_url":"https:\/\/www.tuicamper.com\/magazin\/andalusien-highlights\/","og_site_name":"TUI Camper Magazin","article_published_time":"2019-03-26T14:02:29+00:00","article_modified_time":"2026-02-05T09:11:15+00:00","og_image":[{"width":1280,"height":492,"url":"https:\/\/www.tuicamper.com\/wp-docker\/wp-content\/uploads\/2019\/03\/andalusien-camper-header.jpg","type":"image\/jpeg"}],"author":"S\u00f6ren Cortekar","twitter_card":"summary_large_image","twitter_misc":{"Verfasst von":"S\u00f6ren Cortekar","Gesch\u00e4tzte Lesezeit":"8\u00a0Minuten"},"schema":{"@context":"https:\/\/schema.org","@graph":[{"@type":"Article","@id":"https:\/\/www.tuicamper.com\/magazin\/andalusien-highlights\/#article","isPartOf":{"@id":"https:\/\/www.tuicamper.com\/magazin\/andalusien-highlights\/"},"author":{"name":"S\u00f6ren Cortekar","@id":"https:\/\/www.tuicamper.com\/wp-docker\/#\/schema\/person\/a9ad15b73e3b6169a6c4a794a58d1ea6"},"headline":"Mit dem Wohnmobil durch Andalusien &#8211; 10 Highlights f\u00fcr eine Camper-Reise","datePublished":"2019-03-26T14:02:29+00:00","dateModified":"2026-02-05T09:11:15+00:00","mainEntityOfPage":{"@id":"https:\/\/www.tuicamper.com\/magazin\/andalusien-highlights\/"},"wordCount":5413,"commentCount":0,"image":{"@id":"https:\/\/www.tuicamper.com\/magazin\/andalusien-highlights\/#primaryimage"},"thumbnailUrl":"https:\/\/www.tuicamper.com\/wp-docker\/wp-content\/uploads\/2019\/03\/andalusien-camper-header.jpg","keywords":["Fr\u00fchling","Genie\u00dfer","Herbst","Natur","Paare","Spanien","St\u00e4dte"],"articleSection":["Reisethema"],"inLanguage":"de","potentialAction":[{"@type":"CommentAction","name":"Comment","target":["https:\/\/www.tuicamper.com\/magazin\/andalusien-highlights\/#respond"]}]},{"@type":"WebPage","@id":"https:\/\/www.tuicamper.com\/magazin\/andalusien-highlights\/","url":"https:\/\/www.tuicamper.com\/magazin\/andalusien-highlights\/","name":"Wohnmobil Andalusien - 10 Highlights f\u00fcr eine Camper-Reise","isPartOf":{"@id":"https:\/\/www.tuicamper.com\/#website"},"primaryImageOfPage":{"@id":"https:\/\/www.tuicamper.com\/magazin\/andalusien-highlights\/#primaryimage"},"image":{"@id":"https:\/\/www.tuicamper.com\/magazin\/andalusien-highlights\/#primaryimage"},"thumbnailUrl":"https:\/\/www.tuicamper.com\/wp-content\/uploads\/2019\/03\/andalusien-camper-header.jpg","datePublished":"2019-03-26T14:02:29+00:00","dateModified":"2026-02-05T09:11:15+00:00","author":{"@id":"https:\/\/www.tuicamper.com\/#\/schema\/person\/a9ad15b73e3b6169a6c4a794a58d1ea6"},"description":"Andalusien \u2013 die Region im S\u00fcden Spaniens ist ein echtes Eldorado f\u00fcr Camper. Lesen Sie hier, mit welchen Highlights Andalusien Urlauber in seinen Bann zieht!","breadcrumb":{"@id":"https:\/\/www.tuicamper.com\/magazin\/andalusien-highlights\/#breadcrumb"},"inLanguage":"de","potentialAction":["Array"]},{"@type":"ImageObject","inLanguage":"de","@id":"https:\/\/www.tuicamper.com\/magazin\/andalusien-highlights\/#primaryimage","url":"https:\/\/www.tuicamper.com\/wp-docker\/wp-content\/uploads\/2019\/03\/andalusien-camper-header.jpg","contentUrl":"https:\/\/www.tuicamper.com\/wp-docker\/wp-content\/uploads\/2019\/03\/andalusien-camper-header.jpg","width":1280,"height":492},{"@type":"BreadcrumbList","@id":"https:\/\/www.tuicamper.com\/magazin\/andalusien-highlights\/#breadcrumb","itemListElement":[{"@type":"ListItem","position":1,"name":"Startseite","item":"https:\/\/www.tuicamper.com\/wp-docker\/"},{"@type":"ListItem","position":2,"name":"Mit dem Wohnmobil durch Andalusien &#8211; 10 Highlights f\u00fcr eine Camper-Reise"}]},{"@type":"WebSite","@id":"https:\/\/www.tuicamper.com\/#website","url":"https:\/\/www.tuicamper.com\/","name":"TUI Camper Magazin","description":"","potentialAction":["Array"],"inLanguage":"de"},{"@type":"Person","@id":"https:\/\/www.tuicamper.com\/wp-docker\/#\/schema\/person\/a9ad15b73e3b6169a6c4a794a58d1ea6","name":"S\u00f6ren Cortekar","image":{"@type":"ImageObject","inLanguage":"de","@id":"https:\/\/secure.gravatar.com\/avatar\/399f9c9096d84e9147b61735bfa53689fd2add8aa9c074669869e4c106f7df59?s=96&d=mm&r=g","url":"https:\/\/secure.gravatar.com\/avatar\/399f9c9096d84e9147b61735bfa53689fd2add8aa9c074669869e4c106f7df59?s=96&d=mm&r=g","contentUrl":"https:\/\/secure.gravatar.com\/avatar\/399f9c9096d84e9147b61735bfa53689fd2add8aa9c074669869e4c106f7df59?s=96&d=mm&r=g","caption":"S\u00f6ren Cortekar"},"url":"https:\/\/www.tuicamper.com\/wp-docker\/magazin\/author\/soeren-cortekar\/"}]}},"_links":{"self":[{"href":"https:\/\/www.tuicamper.com\/wp-docker\/wp-json\/wp\/v2\/posts\/320","targetHints":{"allow":["GET"]}}],"collection":[{"href":"https:\/\/www.tuicamper.com\/wp-docker\/wp-json\/wp\/v2\/posts"}],"about":[{"href":"https:\/\/www.tuicamper.com\/wp-docker\/wp-json\/wp\/v2\/types\/post"}],"author":[{"embeddable":true,"href":"https:\/\/www.tuicamper.com\/wp-docker\/wp-json\/wp\/v2\/users\/3"}],"replies":[{"embeddable":true,"href":"https:\/\/www.tuicamper.com\/wp-docker\/wp-json\/wp\/v2\/comments?post=320"}],"version-history":[{"count":23,"href":"https:\/\/www.tuicamper.com\/wp-docker\/wp-json\/wp\/v2\/posts\/320\/revisions"}],"predecessor-version":[{"id":122812,"href":"https:\/\/www.tuicamper.com\/wp-docker\/wp-json\/wp\/v2\/posts\/320\/revisions\/122812"}],"wp:featuredmedia":[{"embeddable":true,"href":"https:\/\/www.tuicamper.com\/wp-docker\/wp-json\/wp\/v2\/media\/122808"}],"wp:attachment":[{"href":"https:\/\/www.tuicamper.com\/wp-docker\/wp-json\/wp\/v2\/media?parent=320"}],"wp:term":[{"taxonomy":"category","embeddable":true,"href":"https:\/\/www.tuicamper.com\/wp-docker\/wp-json\/wp\/v2\/categories?post=320"},{"taxonomy":"post_tag","embeddable":true,"href":"https:\/\/www.tuicamper.com\/wp-docker\/wp-json\/wp\/v2\/tags?post=320"}],"curies":[{"name":"wp","href":"https:\/\/api.w.org\/{rel}","templated":true}]}}