{"id":3059,"date":"2019-08-09T16:10:44","date_gmt":"2019-08-09T14:10:44","guid":{"rendered":"https:\/\/www.tuicamper.com\/wp-docker\/?p=3059"},"modified":"2020-09-03T11:27:49","modified_gmt":"2020-09-03T09:27:49","slug":"rheinische-sagenweg","status":"publish","type":"post","link":"https:\/\/www.tuicamper.com\/magazin\/rheinische-sagenweg\/","title":{"rendered":"Der Rheinische Sagenweg: Mit dem Wohnmobil den Rhein entlang"},"content":{"rendered":"<div id='av_section_1'  class='avia-section av-jt5vrdgv-4386718e65b314e69682ca60ae604601 main_color avia-section-default avia-no-border-styling  avia-builder-el-0  el_before_av_textblock  avia-builder-el-first  reduced-content avia-bg-style-scroll container_wrap sidebar_right'  ><div class='container av-section-cont-open' ><main  role=\"main\" itemprop=\"mainContentOfPage\"  class='template-page content  av-content-small alpha units'><div class='post-entry post-entry-type-page post-entry-3059'><div class='entry-content-wrapper clearfix'>\n\n<style type=\"text\/css\" data-created_by=\"avia_inline_auto\" id=\"style-css-av-1g5aou-6e8505d9de1136ce38f66b0d0e5d2a36\">\n.flex_column.av-1g5aou-6e8505d9de1136ce38f66b0d0e5d2a36{\nborder-radius:0px 0px 0px 0px;\npadding:0px 0px 0px 0px;\n}\n<\/style>\n<div  class='flex_column av-1g5aou-6e8505d9de1136ce38f66b0d0e5d2a36 av_one_full  avia-builder-el-1  avia-builder-el-no-sibling  first flex_column_div av-zero-column-padding  '     ><section  class='av_textblock_section av-jt5tjyk0-1e04ddf86ca9bd8201b4b17bbb4a6491 '   itemscope=\"itemscope\" itemtype=\"https:\/\/schema.org\/BlogPosting\" itemprop=\"blogPost\" ><div class='avia_textblock'  itemprop=\"text\" ><p>Idyllische Altst\u00e4dte mit traumhaften Fachwerkh\u00e4usern, Weinberge, die einige der besten Weine Europas hervorbringen, spektakul\u00e4re Schl\u00f6sser und atemberaubende Rheinkurven \u2013 der Rheinische Sagenweg steht bei Wohnmobil-Urlauber nicht ohne Grund hoch im Kurs. Wir sp\u00fcren dem eigent\u00fcmlichen Zauber der Region nach.<\/p>\n<\/div><\/section><\/div><\/div><\/div><\/main><!-- close content main element --><\/div><\/div><div id='after_section_1'  class='main_color av_default_container_wrap container_wrap sidebar_right'  ><div class='container av-section-cont-open' ><div class='template-page content  av-content-small alpha units'><div class='post-entry post-entry-type-page post-entry-3059'><div class='entry-content-wrapper clearfix'><section  class='av_textblock_section av-jtpqpty6-550c066a997ebaf648fccc87d0b9ff16 '   itemscope=\"itemscope\" itemtype=\"https:\/\/schema.org\/BlogPosting\" itemprop=\"blogPost\" ><div class='avia_textblock'  itemprop=\"text\" >\n<\/div><\/section><\/p>\n<\/div><\/div><\/div><!-- close content main div --><\/div><\/div><div id='av_section_2'  class='avia-section av-jt5vrdgv-4386718e65b314e69682ca60ae604601 main_color avia-section-default avia-no-border-styling  avia-builder-el-4  el_after_av_textblock  el_before_av_section  reduced-content avia-bg-style-scroll container_wrap sidebar_right'  ><div class='container av-section-cont-open' ><div class='template-page content  av-content-small alpha units'><div class='post-entry post-entry-type-page post-entry-3059'><div class='entry-content-wrapper clearfix'>\n<section  class='av_textblock_section av-jt5tjyk0-1e04ddf86ca9bd8201b4b17bbb4a6491 '   itemscope=\"itemscope\" itemtype=\"https:\/\/schema.org\/BlogPosting\" itemprop=\"blogPost\" ><div class='avia_textblock'  itemprop=\"text\" ><div id=\"js-table-of-contents\">\r\n    <strong>Inhaltsverzeichnis<\/strong>\r\n<\/div>\n<\/div><\/section>\n\n<\/div><\/div><\/div><!-- close content main div --><\/div><\/div><div id='av_section_3'  class='avia-section av-jt5vrdgv-4386718e65b314e69682ca60ae604601 main_color avia-section-default avia-no-border-styling  avia-builder-el-6  el_after_av_section  el_before_av_section  reduced-content avia-bg-style-scroll container_wrap sidebar_right'  ><div class='container av-section-cont-open' ><div class='template-page content  av-content-small alpha units'><div class='post-entry post-entry-type-page post-entry-3059'><div class='entry-content-wrapper clearfix'>\n\n<style type=\"text\/css\" data-created_by=\"avia_inline_auto\" id=\"style-css-av-1g5aou-6e8505d9de1136ce38f66b0d0e5d2a36\">\n.flex_column.av-1g5aou-6e8505d9de1136ce38f66b0d0e5d2a36{\nborder-radius:0px 0px 0px 0px;\npadding:0px 0px 0px 0px;\n}\n<\/style>\n<div  class='flex_column av-1g5aou-6e8505d9de1136ce38f66b0d0e5d2a36 av_one_full  avia-builder-el-7  avia-builder-el-no-sibling  first flex_column_div av-zero-column-padding  '     ><section  class='av_textblock_section av-jt5tjyk0-1e04ddf86ca9bd8201b4b17bbb4a6491 '   itemscope=\"itemscope\" itemtype=\"https:\/\/schema.org\/BlogPosting\" itemprop=\"blogPost\" ><div class='avia_textblock'  itemprop=\"text\" ><h2>Rheinischer Sagenweg: Wo die Natur die menschliche Fantasie befeuert<\/h2>\n<p>Rund 580 Kilometer ist der Rheinische Sagenweg lang. Wer ihn mit dem Wohnmobil abf\u00e4hrt, passiert idyllische Weinberge, unz\u00e4hlige m\u00e4rchenhafte Schl\u00f6sser und Burgen und beschauliche Orte mit fantastischen Altst\u00e4dten. \u00dcber 100 Sehensw\u00fcrdigkeiten und 48 Orte liegen entlang des Weges \u2013 eingebettet in eine spektakul\u00e4re Naturkulisse, die seit Jahrhunderten die menschliche Fantasie befeuert und unz\u00e4hlige Sagen und Legenden hervorgebracht hat.<\/p>\n<p>Praktisch: Rund um den Rheinischen Sagenweg befinden sich zahlreiche Camping- und Stellpl\u00e4tze. Trotz dieser guten Campinginfrastruktur empfiehlt es sich allerdings, im Vorfeld zu reservieren \u2013 gerade zur Hauptsaison.<\/p>\n<\/div><\/section><\/div>\n\n<\/div><\/div><\/div><!-- close content main div --><\/div><\/div><div id='av_section_4'  class='avia-section av-jt5vrdgv-aaa57a0ec80f3287d16e73c9693d5a37 main_color avia-section-default avia-no-border-styling  avia-builder-el-9  el_after_av_section  el_before_av_section  reduced-content av-mini-hide avia-bg-style-scroll container_wrap sidebar_right'  ><div class='container av-section-cont-open' ><div class='template-page content  av-content-small alpha units'><div class='post-entry post-entry-type-page post-entry-3059'><div class='entry-content-wrapper clearfix'>\n\n\n<\/div><\/div><\/div><!-- close content main div --><\/div><\/div><div id='av_section_5'  class='avia-section av-jt5vrdgv-4386718e65b314e69682ca60ae604601 main_color avia-section-default avia-no-border-styling  avia-builder-el-11  el_after_av_section  el_before_av_section  reduced-content avia-bg-style-scroll container_wrap sidebar_right'  ><div class='container av-section-cont-open' ><div class='template-page content  av-content-small alpha units'><div class='post-entry post-entry-type-page post-entry-3059'><div class='entry-content-wrapper clearfix'>\n\n<style type=\"text\/css\" data-created_by=\"avia_inline_auto\" id=\"style-css-av-1g5aou-6e8505d9de1136ce38f66b0d0e5d2a36\">\n.flex_column.av-1g5aou-6e8505d9de1136ce38f66b0d0e5d2a36{\nborder-radius:0px 0px 0px 0px;\npadding:0px 0px 0px 0px;\n}\n<\/style>\n<div  class='flex_column av-1g5aou-6e8505d9de1136ce38f66b0d0e5d2a36 av_one_full  avia-builder-el-12  avia-builder-el-no-sibling  first flex_column_div av-zero-column-padding  '     ><section  class='av_textblock_section av-jt5tjyk0-1e04ddf86ca9bd8201b4b17bbb4a6491 '   itemscope=\"itemscope\" itemtype=\"https:\/\/schema.org\/BlogPosting\" itemprop=\"blogPost\" ><div class='avia_textblock'  itemprop=\"text\" ><h2>7 Orte, 7 Sagen, 7 Highlights entlang des Rheinischen Sagenwegs<\/h2>\n<p>Noch heute sind es die Sagen und Legenden, die dem Rheinischen Sagenweg seinen Zauber verleihen \u2013 zusammen mit der atemberaubenden Naturkulisse versteht sich. Wir nehmen sieben Sagen in den Fokus und stellen Ihnen damit zugleich sieben der sehenswertesten Orte des Rheinischen Sagenwegs vor.<\/p>\n<\/div><\/section><\/div>\n\n<\/div><\/div><\/div><!-- close content main div --><\/div><\/div><div id='av_section_6'  class='avia-section av-jt5vrdgv-4386718e65b314e69682ca60ae604601 main_color avia-section-default avia-no-border-styling  avia-builder-el-14  el_after_av_section  el_before_av_section  reduced-content avia-bg-style-scroll container_wrap sidebar_right'  ><div class='container av-section-cont-open' ><div class='template-page content  av-content-small alpha units'><div class='post-entry post-entry-type-page post-entry-3059'><div class='entry-content-wrapper clearfix'>\n\n<style type=\"text\/css\" data-created_by=\"avia_inline_auto\" id=\"style-css-av-1g5aou-6e8505d9de1136ce38f66b0d0e5d2a36\">\n.flex_column.av-1g5aou-6e8505d9de1136ce38f66b0d0e5d2a36{\nborder-radius:0px 0px 0px 0px;\npadding:0px 0px 0px 0px;\n}\n<\/style>\n<div  class='flex_column av-1g5aou-6e8505d9de1136ce38f66b0d0e5d2a36 av_one_full  avia-builder-el-15  avia-builder-el-no-sibling  first flex_column_div av-zero-column-padding  '     ><section  class='av_textblock_section av-jt5tjyk0-1e04ddf86ca9bd8201b4b17bbb4a6491 '   itemscope=\"itemscope\" itemtype=\"https:\/\/schema.org\/BlogPosting\" itemprop=\"blogPost\" ><div class='avia_textblock'  itemprop=\"text\" ><h3>1.) Die wei\u00dfe Frau im Schlossturm<\/h3>\n<p>D\u00fcsseldorf: Die bedeutende Mode- und Kunstmetropole ist nicht in erster Linie f\u00fcr ihren Reichtum an Sagen und Legenden bekannt. Doch der Rheinische Sagenweg beginnt genau im Herzen der pulsierenden Stadt. Genauer gesagt im Schlossturm des einst pr\u00e4chtigen Stadtschlosses, das in Folge eines Feuers schon vor \u00fcber 100 Jahren abgerissen werden musste. In besagtem Turm soll noch heute die \u201eFrau in Wei\u00df\u201c ihr Unwesen treiben. Die einstige Herzogin, deren Sch\u00f6nheit gemeinhin bekannt war, musste im 16. Jahrhundert in Folge eines blutigen Machtkampfes sterben.<\/p>\n<p>Ein Besuch des Schlossturms lohnt sich nicht nur, um dieser uralten Legende nachzusp\u00fcren. In seinem Inneren befindet sich neben einem rastlosen Geist auch noch eines der \u00e4ltesten \u2013 und sehenswertesten \u2013 Binnenschifffahrtmuseen Deutschlands.<\/p>\n<p><strong>Tipp<\/strong>: Im Aussichtsgeschoss des Schlossturms befindet sich ein Caf\u00e9, das einen herrlichen Panoramablick \u00fcber die sch\u00f6ne D\u00fcsseldorfer Altstadt bietet.<\/p>\n<\/div><\/section><\/div>\n\n<\/div><\/div><\/div><!-- close content main div --><\/div><\/div><div id='av_section_7'  class='avia-section av-b7gvl-1eb57de5f7b7a94c40602e8cf977ebb0 main_color avia-section-default avia-no-border-styling  avia-builder-el-17  el_after_av_section  el_before_av_section  reduced-content avia-bg-style-scroll container_wrap sidebar_right'  ><div class='container av-section-cont-open' ><div class='template-page content  av-content-small alpha units'><div class='post-entry post-entry-type-page post-entry-3059'><div class='entry-content-wrapper clearfix'>\n\n<style type=\"text\/css\" data-created_by=\"avia_inline_auto\" id=\"style-css-av-jtplvt5k-c56b8cac223b7a51243c661016aaac04\">\n.avia-image-container.av-jtplvt5k-c56b8cac223b7a51243c661016aaac04 img.avia_image{\nbox-shadow:none;\n}\n.avia-image-container.av-jtplvt5k-c56b8cac223b7a51243c661016aaac04 .av-caption-image-overlay-bg{\nopacity:0.4;\nbackground-color:#000000;\n}\n.avia-image-container.av-jtplvt5k-c56b8cac223b7a51243c661016aaac04 .av-image-caption-overlay-center{\ncolor:#ffffff;\n}\n<\/style>\n<div  class='avia-image-container av-jtplvt5k-c56b8cac223b7a51243c661016aaac04 av-styling- av-img-linked avia_animated_image av-animated-when-visible-95 fade-in avia-align-center  avia-builder-el-18  avia-builder-el-no-sibling  noHover av-overlay-on-hover'   itemprop=\"image\" itemscope=\"itemscope\" itemtype=\"https:\/\/schema.org\/ImageObject\" ><div class=\"avia-image-container-inner\"><div class=\"avia-image-overlay-wrap\"><a href=\"https:\/\/www.tuicamper.com\/wp-docker\/wp-content\/uploads\/2019\/07\/duesseldorf-schlossturm-1030x773.jpg\" data-srcset=\"https:\/\/www.tuicamper.com\/wp-docker\/wp-content\/uploads\/2019\/07\/duesseldorf-schlossturm-1030x773.jpg 1030w, https:\/\/www.tuicamper.com\/wp-docker\/wp-content\/uploads\/2019\/07\/duesseldorf-schlossturm-300x225.jpg 300w, https:\/\/www.tuicamper.com\/wp-docker\/wp-content\/uploads\/2019\/07\/duesseldorf-schlossturm-768x576.jpg 768w, https:\/\/www.tuicamper.com\/wp-docker\/wp-content\/uploads\/2019\/07\/duesseldorf-schlossturm-705x529.jpg 705w, https:\/\/www.tuicamper.com\/wp-docker\/wp-content\/uploads\/2019\/07\/duesseldorf-schlossturm-450x338.jpg 450w, https:\/\/www.tuicamper.com\/wp-docker\/wp-content\/uploads\/2019\/07\/duesseldorf-schlossturm.jpg 1280w\" data-sizes=\"(max-width: 1030px) 100vw, 1030px\" class='avia_image '  aria-label='D\u00fcsseldorfer Schlossturm'><div class=\"av-image-caption-overlay\"><div class=\"av-caption-image-overlay-bg\"><\/div><div class=\"av-image-caption-overlay-position\"><div class=\"av-image-caption-overlay-center\"><p>D\u00fcsseldorfer Schlossturm<\/p>\n<\/div><\/div><\/div><img decoding=\"async\" fetchpriority=\"high\" class='wp-image-3733 avia-img-lazy-loading-not-3733 avia_image ' src=\"https:\/\/www.tuicamper.com\/wp-docker\/wp-content\/uploads\/2019\/07\/duesseldorf-schlossturm-1280x630.jpg\" alt='D\u00fcsseldorfer Schlossturm' title='D\u00fcsseldorfer Schlossturm'  height=\"630\" width=\"1280\"  itemprop=\"thumbnailUrl\"  \/><\/a><\/div><\/div><\/div>\n\n<\/div><\/div><\/div><!-- close content main div --><\/div><\/div><div id='av_section_8'  class='avia-section av-jt5vrdgv-4386718e65b314e69682ca60ae604601 main_color avia-section-default avia-no-border-styling  avia-builder-el-19  el_after_av_section  el_before_av_section  reduced-content avia-bg-style-scroll container_wrap sidebar_right'  ><div class='container av-section-cont-open' ><div class='template-page content  av-content-small alpha units'><div class='post-entry post-entry-type-page post-entry-3059'><div class='entry-content-wrapper clearfix'>\n\n<style type=\"text\/css\" data-created_by=\"avia_inline_auto\" id=\"style-css-av-1g5aou-6e8505d9de1136ce38f66b0d0e5d2a36\">\n.flex_column.av-1g5aou-6e8505d9de1136ce38f66b0d0e5d2a36{\nborder-radius:0px 0px 0px 0px;\npadding:0px 0px 0px 0px;\n}\n<\/style>\n<div  class='flex_column av-1g5aou-6e8505d9de1136ce38f66b0d0e5d2a36 av_one_full  avia-builder-el-20  avia-builder-el-no-sibling  first flex_column_div av-zero-column-padding  '     ><section  class='av_textblock_section av-jt5tjyk0-1e04ddf86ca9bd8201b4b17bbb4a6491 '   itemscope=\"itemscope\" itemtype=\"https:\/\/schema.org\/BlogPosting\" itemprop=\"blogPost\" ><div class='avia_textblock'  itemprop=\"text\" ><h3>2.) Die Heinzelm\u00e4nnchen von K\u00f6ln<\/h3>\n<p>Von D\u00fcsseldorf geht es zur n\u00e4chsten Station des Rheinischen Sagenwegs: K\u00f6ln. Die Weltstadt ist reich an Sagen, wobei sich die bekannteste um die ber\u00fchmten K\u00f6lner Heinzelm\u00e4nnchen drehen d\u00fcrfte. Den flei\u00dfigen Zwergen wird nachgesagt, dass sie in der Nacht die tags\u00fcber liegengebliebenen Aufgaben der K\u00f6lner erledigten. Dass die unerm\u00fcdlichen Helfer heute nicht mehr in K\u00f6ln anzutreffen sind, liegt \u00fcbrigens an einer allzu neugierigen Schneidersfrau. Diese wollte unbedingt einen der Zwerge mit eigenen Augen sehen \u2013 und vertrieb damit versehentlich gleich alle aus der Stadt.<\/p>\n<p>Heute zeugt der Heinzelm\u00e4nnchenbrunnen vom Wirken der Zwerge \u2013 und bietet dank seiner unmittelbaren N\u00e4he zum K\u00f6lner Dom auch gleich einen guten Startpunkt, um die Stadt n\u00e4her kennenzulernen.<\/p>\n<\/div><\/section><\/div>\n\n<\/div><\/div><\/div><!-- close content main div --><\/div><\/div><div id='av_section_9'  class='avia-section av-b7gvl-1eb57de5f7b7a94c40602e8cf977ebb0 main_color avia-section-default avia-no-border-styling  avia-builder-el-22  el_after_av_section  el_before_av_section  reduced-content avia-bg-style-scroll container_wrap sidebar_right'  ><div class='container av-section-cont-open' ><div class='template-page content  av-content-small alpha units'><div class='post-entry post-entry-type-page post-entry-3059'><div class='entry-content-wrapper clearfix'>\n\n<style type=\"text\/css\" data-created_by=\"avia_inline_auto\" id=\"style-css-av-jtplvt5k-d64e3e591e649831eb18760b94e980d3\">\n.avia-image-container.av-jtplvt5k-d64e3e591e649831eb18760b94e980d3 img.avia_image{\nbox-shadow:none;\n}\n.avia-image-container.av-jtplvt5k-d64e3e591e649831eb18760b94e980d3 .av-caption-image-overlay-bg{\nopacity:0.4;\nbackground-color:#000000;\n}\n.avia-image-container.av-jtplvt5k-d64e3e591e649831eb18760b94e980d3 .av-image-caption-overlay-center{\ncolor:#ffffff;\n}\n<\/style>\n<div  class='avia-image-container av-jtplvt5k-d64e3e591e649831eb18760b94e980d3 av-styling- av-img-linked avia_animated_image av-animated-when-visible-95 fade-in avia-align-center  avia-builder-el-23  avia-builder-el-no-sibling  noHover av-overlay-on-hover'   itemprop=\"image\" itemscope=\"itemscope\" itemtype=\"https:\/\/schema.org\/ImageObject\" ><div class=\"avia-image-container-inner\"><div class=\"avia-image-overlay-wrap\"><a href=\"https:\/\/www.tuicamper.com\/wp-docker\/wp-content\/uploads\/2019\/05\/koeln-heinzelmaennchen-orig-1030x710.jpg\" data-srcset=\"https:\/\/www.tuicamper.com\/wp-docker\/wp-content\/uploads\/2019\/05\/koeln-heinzelmaennchen-orig-1030x710.jpg 1030w, https:\/\/www.tuicamper.com\/wp-docker\/wp-content\/uploads\/2019\/05\/koeln-heinzelmaennchen-orig-300x207.jpg 300w, https:\/\/www.tuicamper.com\/wp-docker\/wp-content\/uploads\/2019\/05\/koeln-heinzelmaennchen-orig-768x529.jpg 768w, https:\/\/www.tuicamper.com\/wp-docker\/wp-content\/uploads\/2019\/05\/koeln-heinzelmaennchen-orig-705x486.jpg 705w, https:\/\/www.tuicamper.com\/wp-docker\/wp-content\/uploads\/2019\/05\/koeln-heinzelmaennchen-orig-450x310.jpg 450w, https:\/\/www.tuicamper.com\/wp-docker\/wp-content\/uploads\/2019\/05\/koeln-heinzelmaennchen-orig.jpg 1280w\" data-sizes=\"(max-width: 1030px) 100vw, 1030px\" class='avia_image '  aria-label='Heinzelm\u00e4nnchen K\u00f6ln'><div class=\"av-image-caption-overlay\"><div class=\"av-caption-image-overlay-bg\"><\/div><div class=\"av-image-caption-overlay-position\"><div class=\"av-image-caption-overlay-center\"><p>K\u00f6lner Heinzelm\u00e4nnchen<\/p>\n<\/div><\/div><\/div><img decoding=\"async\" fetchpriority=\"high\" class='wp-image-3064 avia-img-lazy-loading-not-3064 avia_image ' src=\"https:\/\/www.tuicamper.com\/wp-docker\/wp-content\/uploads\/2019\/05\/koeln-heinzelmaennchen-orig-1280x630.jpg\" alt='Heinzelm\u00e4nnchen K\u00f6ln' title='Heinzelm\u00e4nnchen K\u00f6ln'  height=\"630\" width=\"1280\"  itemprop=\"thumbnailUrl\"  \/><\/a><\/div><\/div><\/div>\n\n<\/div><\/div><\/div><!-- close content main div --><\/div><\/div><div id='av_section_10'  class='avia-section av-jt5vrdgv-4386718e65b314e69682ca60ae604601 main_color avia-section-default avia-no-border-styling  avia-builder-el-24  el_after_av_section  el_before_av_section  reduced-content avia-bg-style-scroll container_wrap sidebar_right'  ><div class='container av-section-cont-open' ><div class='template-page content  av-content-small alpha units'><div class='post-entry post-entry-type-page post-entry-3059'><div class='entry-content-wrapper clearfix'>\n\n<style type=\"text\/css\" data-created_by=\"avia_inline_auto\" id=\"style-css-av-1g5aou-6e8505d9de1136ce38f66b0d0e5d2a36\">\n.flex_column.av-1g5aou-6e8505d9de1136ce38f66b0d0e5d2a36{\nborder-radius:0px 0px 0px 0px;\npadding:0px 0px 0px 0px;\n}\n<\/style>\n<div  class='flex_column av-1g5aou-6e8505d9de1136ce38f66b0d0e5d2a36 av_one_full  avia-builder-el-25  avia-builder-el-no-sibling  first flex_column_div av-zero-column-padding  '     ><section  class='av_textblock_section av-jt5tjyk0-1e04ddf86ca9bd8201b4b17bbb4a6491 '   itemscope=\"itemscope\" itemtype=\"https:\/\/schema.org\/BlogPosting\" itemprop=\"blogPost\" ><div class='avia_textblock'  itemprop=\"text\" ><h3>3.) Die Cochemer St\u00fcckelschen<\/h3>\n<p>Cochem: Die direkt an der Mosel gelegene Kleinstadt bietet das Beste des Rheinischen Sagenwegs in der Nussschale. Traumhafte Fachwerkh\u00e4user, idyllisch gelegene Restaurants, wo die ber\u00fchmten Weine der Region verkostet werden k\u00f6nnen, ausladende W\u00e4lder, Weinberge und ein pr\u00e4chtiges Schloss, das majest\u00e4tisch \u00fcber dem Ort thront. Nicht ohne Grund machen viele Camper entlang des Rheinischen Sagenwegs in Cochem Halt. Legendentechnisch erfreuen sich \u00fcbrigens die \u201eCochemer St\u00fcckelchen\u201c gro\u00dfer Beliebtheit. Diese augenzwinkernden kleinen Geschichten nehmen in bester Schildb\u00fcrgermanier so manche einst einflussreiche Pers\u00f6nlichkeit aufs Korn.<\/p>\n<p><strong>Tipp<\/strong>: In und rund um Cochem gibt es gleich mehrere Campingpl\u00e4tze. Besonders idyllisch liegt etwa der <a href=\"https:\/\/www.camping-cochem.de\/de\/\" target=\"_blank\" rel=\"noopener noreferrer\">Campingplatz Schausten<\/a>.<\/p>\n<\/div><\/section><\/div>\n\n<\/div><\/div><\/div><!-- close content main div --><\/div><\/div><div id='av_section_11'  class='avia-section av-b7gvl-1eb57de5f7b7a94c40602e8cf977ebb0 main_color avia-section-default avia-no-border-styling  avia-builder-el-27  el_after_av_section  el_before_av_section  reduced-content avia-bg-style-scroll container_wrap sidebar_right'  ><div class='container av-section-cont-open' ><div class='template-page content  av-content-small alpha units'><div class='post-entry post-entry-type-page post-entry-3059'><div class='entry-content-wrapper clearfix'>\n\n<style type=\"text\/css\" data-created_by=\"avia_inline_auto\" id=\"style-css-av-jtplvt5k-eeed1de9af0a8a0668c24817d8d7efe8\">\n.avia-image-container.av-jtplvt5k-eeed1de9af0a8a0668c24817d8d7efe8 img.avia_image{\nbox-shadow:none;\n}\n.avia-image-container.av-jtplvt5k-eeed1de9af0a8a0668c24817d8d7efe8 .av-caption-image-overlay-bg{\nopacity:0.4;\nbackground-color:#000000;\n}\n.avia-image-container.av-jtplvt5k-eeed1de9af0a8a0668c24817d8d7efe8 .av-image-caption-overlay-center{\ncolor:#ffffff;\n}\n<\/style>\n<div  class='avia-image-container av-jtplvt5k-eeed1de9af0a8a0668c24817d8d7efe8 av-styling- av-img-linked avia_animated_image av-animated-when-visible-95 fade-in avia-align-center  avia-builder-el-28  avia-builder-el-no-sibling  noHover av-overlay-on-hover'   itemprop=\"image\" itemscope=\"itemscope\" itemtype=\"https:\/\/schema.org\/ImageObject\" ><div class=\"avia-image-container-inner\"><div class=\"avia-image-overlay-wrap\"><a href=\"https:\/\/www.tuicamper.com\/wp-docker\/wp-content\/uploads\/2019\/08\/cochem-1030x686.jpg\" data-srcset=\"https:\/\/www.tuicamper.com\/wp-docker\/wp-content\/uploads\/2019\/08\/cochem-1030x686.jpg 1030w, https:\/\/www.tuicamper.com\/wp-docker\/wp-content\/uploads\/2019\/08\/cochem-300x200.jpg 300w, https:\/\/www.tuicamper.com\/wp-docker\/wp-content\/uploads\/2019\/08\/cochem-768x512.jpg 768w, https:\/\/www.tuicamper.com\/wp-docker\/wp-content\/uploads\/2019\/08\/cochem-705x470.jpg 705w, https:\/\/www.tuicamper.com\/wp-docker\/wp-content\/uploads\/2019\/08\/cochem-450x300.jpg 450w, https:\/\/www.tuicamper.com\/wp-docker\/wp-content\/uploads\/2019\/08\/cochem.jpg 1280w\" data-sizes=\"(max-width: 1030px) 100vw, 1030px\" class='avia_image '  aria-label='Cochem an der Mosel'><div class=\"av-image-caption-overlay\"><div class=\"av-caption-image-overlay-bg\"><\/div><div class=\"av-image-caption-overlay-position\"><div class=\"av-image-caption-overlay-center\"><p>Cochem an der Mosel<\/p>\n<\/div><\/div><\/div><img decoding=\"async\" fetchpriority=\"high\" class='wp-image-3736 avia-img-lazy-loading-not-3736 avia_image ' src=\"https:\/\/www.tuicamper.com\/wp-docker\/wp-content\/uploads\/2019\/08\/cochem-1280x630.jpg\" alt='Cochem an der Mosel' title='Cochem an der Mosel'  height=\"630\" width=\"1280\"  itemprop=\"thumbnailUrl\"  \/><\/a><\/div><\/div><\/div>\n\n<\/div><\/div><\/div><!-- close content main div --><\/div><\/div><div id='av_section_12'  class='avia-section av-jt5vrdgv-4386718e65b314e69682ca60ae604601 main_color avia-section-default avia-no-border-styling  avia-builder-el-29  el_after_av_section  el_before_av_section  reduced-content avia-bg-style-scroll container_wrap sidebar_right'  ><div class='container av-section-cont-open' ><div class='template-page content  av-content-small alpha units'><div class='post-entry post-entry-type-page post-entry-3059'><div class='entry-content-wrapper clearfix'>\n\n<style type=\"text\/css\" data-created_by=\"avia_inline_auto\" id=\"style-css-av-1g5aou-6e8505d9de1136ce38f66b0d0e5d2a36\">\n.flex_column.av-1g5aou-6e8505d9de1136ce38f66b0d0e5d2a36{\nborder-radius:0px 0px 0px 0px;\npadding:0px 0px 0px 0px;\n}\n<\/style>\n<div  class='flex_column av-1g5aou-6e8505d9de1136ce38f66b0d0e5d2a36 av_one_full  avia-builder-el-30  avia-builder-el-no-sibling  first flex_column_div av-zero-column-padding  '     ><section  class='av_textblock_section av-jt5tjyk0-1e04ddf86ca9bd8201b4b17bbb4a6491 '   itemscope=\"itemscope\" itemtype=\"https:\/\/schema.org\/BlogPosting\" itemprop=\"blogPost\" ><div class='avia_textblock'  itemprop=\"text\" ><h3>4.) Alle Wege f\u00fchren nach Limburg<\/h3>\n<p>Neben dem Rhein und der Mosel macht das Umfeld der Lahn einen bedeutenden Teil des Rheinischen Sagenwegs aus. Als besonders idyllische Stadt an der Lahn gilt Limburg. Zumal der Limburger Dom auch noch deutschlandweite Ber\u00fchmtheit genie\u00dft. Auf einem Kalkfelsen gelegen, thront er weithin sichtbar \u00fcber der pittoresken, mit vielen Fachwerkh\u00e4usern aufwartenden, Altstadt Limburgs. Wer den pr\u00e4chtigen Dom erblickt, d\u00fcrfte nicht verwundert sein, dass dieser neben Briefmarken lange Zeit auch den 1.000-DM-Schein schm\u00fcckte. Dass Limburg ein Ort zum Verweilen ist, verdeutlicht auch eine alte Legende. Im 4. Jahrhundert soll der Heilige Lubentius auf einem Kahn im Rhein bestattet worden sein. Schlie\u00dflich trieb er auf die Lahn bis zum heutigen Limburg \u2013 und das, wie es sich f\u00fcr ein Wunder geh\u00f6rt, entgegen der Stromrichtung.<\/p>\n<p><strong>Tipp<\/strong>: Wenn Sie die Limburger Altstadt erkunden m\u00f6chten, bietet sich der <a href=\"http:\/\/www.lahncamping.de\/campingplatz.php\" target=\"_blank\" rel=\"noopener noreferrer\">Campingplatz Limburg<\/a> an. Dieser befindet sich nur wenige Gehminuten von der Altstadt entfernt.<\/p>\n<\/div><\/section><\/div>\n\n<\/div><\/div><\/div><!-- close content main div --><\/div><\/div><div id='av_section_13'  class='avia-section av-b7gvl-1eb57de5f7b7a94c40602e8cf977ebb0 main_color avia-section-default avia-no-border-styling  avia-builder-el-32  el_after_av_section  el_before_av_section  reduced-content avia-bg-style-scroll container_wrap sidebar_right'  ><div class='container av-section-cont-open' ><div class='template-page content  av-content-small alpha units'><div class='post-entry post-entry-type-page post-entry-3059'><div class='entry-content-wrapper clearfix'>\n\n<style type=\"text\/css\" data-created_by=\"avia_inline_auto\" id=\"style-css-av-jtplvt5k-cee2f8916a9417c336351b20eb9863d2\">\n.avia-image-container.av-jtplvt5k-cee2f8916a9417c336351b20eb9863d2 img.avia_image{\nbox-shadow:none;\n}\n.avia-image-container.av-jtplvt5k-cee2f8916a9417c336351b20eb9863d2 .av-caption-image-overlay-bg{\nopacity:0.4;\nbackground-color:#000000;\n}\n.avia-image-container.av-jtplvt5k-cee2f8916a9417c336351b20eb9863d2 .av-image-caption-overlay-center{\ncolor:#ffffff;\n}\n<\/style>\n<div  class='avia-image-container av-jtplvt5k-cee2f8916a9417c336351b20eb9863d2 av-styling- av-img-linked avia_animated_image av-animated-when-visible-95 fade-in avia-align-center  avia-builder-el-33  avia-builder-el-no-sibling  noHover av-overlay-on-hover'   itemprop=\"image\" itemscope=\"itemscope\" itemtype=\"https:\/\/schema.org\/ImageObject\" ><div class=\"avia-image-container-inner\"><div class=\"avia-image-overlay-wrap\"><a href=\"https:\/\/www.tuicamper.com\/wp-docker\/wp-content\/uploads\/2019\/08\/limburg-dom-1030x702.jpg\" data-srcset=\"https:\/\/www.tuicamper.com\/wp-docker\/wp-content\/uploads\/2019\/08\/limburg-dom-1030x702.jpg 1030w, https:\/\/www.tuicamper.com\/wp-docker\/wp-content\/uploads\/2019\/08\/limburg-dom-300x205.jpg 300w, https:\/\/www.tuicamper.com\/wp-docker\/wp-content\/uploads\/2019\/08\/limburg-dom-768x524.jpg 768w, https:\/\/www.tuicamper.com\/wp-docker\/wp-content\/uploads\/2019\/08\/limburg-dom-705x481.jpg 705w, https:\/\/www.tuicamper.com\/wp-docker\/wp-content\/uploads\/2019\/08\/limburg-dom-450x307.jpg 450w, https:\/\/www.tuicamper.com\/wp-docker\/wp-content\/uploads\/2019\/08\/limburg-dom.jpg 1280w\" data-sizes=\"(max-width: 1030px) 100vw, 1030px\" class='avia_image '  aria-label='Limburger Dom'><div class=\"av-image-caption-overlay\"><div class=\"av-caption-image-overlay-bg\"><\/div><div class=\"av-image-caption-overlay-position\"><div class=\"av-image-caption-overlay-center\"><p>Limburger Dom<\/p>\n<\/div><\/div><\/div><img decoding=\"async\" fetchpriority=\"high\" class='wp-image-3737 avia-img-lazy-loading-not-3737 avia_image ' src=\"https:\/\/www.tuicamper.com\/wp-docker\/wp-content\/uploads\/2019\/08\/limburg-dom-1280x630.jpg\" alt='' title='Limburger Dom'  height=\"630\" width=\"1280\"  itemprop=\"thumbnailUrl\"  \/><\/a><\/div><\/div><\/div>\n\n<\/div><\/div><\/div><!-- close content main div --><\/div><\/div><div id='av_section_14'  class='avia-section av-jt5vrdgv-4386718e65b314e69682ca60ae604601 main_color avia-section-default avia-no-border-styling  avia-builder-el-34  el_after_av_section  el_before_av_section  reduced-content avia-bg-style-scroll container_wrap sidebar_right'  ><div class='container av-section-cont-open' ><div class='template-page content  av-content-small alpha units'><div class='post-entry post-entry-type-page post-entry-3059'><div class='entry-content-wrapper clearfix'>\n\n<style type=\"text\/css\" data-created_by=\"avia_inline_auto\" id=\"style-css-av-1g5aou-6e8505d9de1136ce38f66b0d0e5d2a36\">\n.flex_column.av-1g5aou-6e8505d9de1136ce38f66b0d0e5d2a36{\nborder-radius:0px 0px 0px 0px;\npadding:0px 0px 0px 0px;\n}\n<\/style>\n<div  class='flex_column av-1g5aou-6e8505d9de1136ce38f66b0d0e5d2a36 av_one_full  avia-builder-el-35  avia-builder-el-no-sibling  first flex_column_div av-zero-column-padding  '     ><section  class='av_textblock_section av-jt5tjyk0-1e04ddf86ca9bd8201b4b17bbb4a6491 '   itemscope=\"itemscope\" itemtype=\"https:\/\/schema.org\/BlogPosting\" itemprop=\"blogPost\" ><div class='avia_textblock'  itemprop=\"text\" ><h3>5.) Die Zauberin Lore Lay<\/h3>\n<p>Wer den Rhein mit dem Wohnmobil erkundet, kommt an einem Highlight kaum vorbei: dem Fels der Loreley. Der \u00fcber 130 Meter hohe Schieferfelsen ist in der Tat ein imposanter Anblick. Noch besser ist nur die Aussicht, die sich Campern vom Gipfel des Felsens erschlie\u00dft. Der Blick auf die Rheinkurven und die Burg Katz ist schlicht atemberaubend.<\/p>\n<p>Schon im Mittelalter hat der markante Fels, der sich obendrein an einer gef\u00e4hrlichen Str\u00f6mung des Rheins befindet, Dichter inspiriert. Die ber\u00fchmteste Sage rund um den Loreley-Felsen geht allerdings auf Clemens Brentano zur\u00fcck. Dieser schuf die Geschichte der \u201eLore Lay\u201c \u2013 eine vermeintliche Zauberin, die unwiderstehlich auf M\u00e4nner wirkte und sich aus Liebeskummer schlie\u00dflich vom besagte Felsen st\u00fcrzte.<\/p>\n<\/div><\/section><\/div>\n\n<\/div><\/div><\/div><!-- close content main div --><\/div><\/div><div id='av_section_15'  class='avia-section av-b7gvl-1eb57de5f7b7a94c40602e8cf977ebb0 main_color avia-section-default avia-no-border-styling  avia-builder-el-37  el_after_av_section  el_before_av_section  reduced-content avia-bg-style-scroll container_wrap sidebar_right'  ><div class='container av-section-cont-open' ><div class='template-page content  av-content-small alpha units'><div class='post-entry post-entry-type-page post-entry-3059'><div class='entry-content-wrapper clearfix'>\n\n<style type=\"text\/css\" data-created_by=\"avia_inline_auto\" id=\"style-css-av-jtplvt5k-983cff7c743c7820d62aafe6c06c9927\">\n.avia-image-container.av-jtplvt5k-983cff7c743c7820d62aafe6c06c9927 img.avia_image{\nbox-shadow:none;\n}\n.avia-image-container.av-jtplvt5k-983cff7c743c7820d62aafe6c06c9927 .av-caption-image-overlay-bg{\nopacity:0.4;\nbackground-color:#000000;\n}\n.avia-image-container.av-jtplvt5k-983cff7c743c7820d62aafe6c06c9927 .av-image-caption-overlay-center{\ncolor:#ffffff;\n}\n<\/style>\n<div  class='avia-image-container av-jtplvt5k-983cff7c743c7820d62aafe6c06c9927 av-styling- av-img-linked avia_animated_image av-animated-when-visible-95 fade-in avia-align-center  avia-builder-el-38  avia-builder-el-no-sibling  noHover av-overlay-on-hover'   itemprop=\"image\" itemscope=\"itemscope\" itemtype=\"https:\/\/schema.org\/ImageObject\" ><div class=\"avia-image-container-inner\"><div class=\"avia-image-overlay-wrap\"><a href=\"https:\/\/www.tuicamper.com\/wp-docker\/wp-content\/uploads\/2019\/08\/burg-katz-1030x773.jpg\" data-srcset=\"https:\/\/www.tuicamper.com\/wp-docker\/wp-content\/uploads\/2019\/08\/burg-katz-1030x773.jpg 1030w, https:\/\/www.tuicamper.com\/wp-docker\/wp-content\/uploads\/2019\/08\/burg-katz-300x225.jpg 300w, https:\/\/www.tuicamper.com\/wp-docker\/wp-content\/uploads\/2019\/08\/burg-katz-768x576.jpg 768w, https:\/\/www.tuicamper.com\/wp-docker\/wp-content\/uploads\/2019\/08\/burg-katz-705x529.jpg 705w, https:\/\/www.tuicamper.com\/wp-docker\/wp-content\/uploads\/2019\/08\/burg-katz-450x338.jpg 450w, https:\/\/www.tuicamper.com\/wp-docker\/wp-content\/uploads\/2019\/08\/burg-katz.jpg 1280w\" data-sizes=\"(max-width: 1030px) 100vw, 1030px\" class='avia_image '  aria-label='Ausblick vom Dreiburgenblick auf die Burg Katz'><div class=\"av-image-caption-overlay\"><div class=\"av-caption-image-overlay-bg\"><\/div><div class=\"av-image-caption-overlay-position\"><div class=\"av-image-caption-overlay-center\"><p>Ausblick vom Dreiburgenblick auf die Burg Katz<\/p>\n<\/div><\/div><\/div><img decoding=\"async\" fetchpriority=\"high\" class='wp-image-3738 avia-img-lazy-loading-not-3738 avia_image ' src=\"https:\/\/www.tuicamper.com\/wp-docker\/wp-content\/uploads\/2019\/08\/burg-katz-1280x630.jpg\" alt='Ausblick vom Dreiburgenblick auf die Burg Katz' title='Ausblick vom Dreiburgenblick auf die Burg Katz'  height=\"630\" width=\"1280\"  itemprop=\"thumbnailUrl\"  \/><\/a><\/div><\/div><\/div>\n\n<\/div><\/div><\/div><!-- close content main div --><\/div><\/div><div id='av_section_16'  class='avia-section av-jt5vrdgv-4386718e65b314e69682ca60ae604601 main_color avia-section-default avia-no-border-styling  avia-builder-el-39  el_after_av_section  el_before_av_textblock  reduced-content avia-bg-style-scroll container_wrap sidebar_right'  ><div class='container av-section-cont-open' ><div class='template-page content  av-content-small alpha units'><div class='post-entry post-entry-type-page post-entry-3059'><div class='entry-content-wrapper clearfix'>\n\n<style type=\"text\/css\" data-created_by=\"avia_inline_auto\" id=\"style-css-av-1g5aou-6e8505d9de1136ce38f66b0d0e5d2a36\">\n.flex_column.av-1g5aou-6e8505d9de1136ce38f66b0d0e5d2a36{\nborder-radius:0px 0px 0px 0px;\npadding:0px 0px 0px 0px;\n}\n<\/style>\n<div  class='flex_column av-1g5aou-6e8505d9de1136ce38f66b0d0e5d2a36 av_one_full  avia-builder-el-40  avia-builder-el-no-sibling  first flex_column_div av-zero-column-padding  '     ><section  class='av_textblock_section av-jt5tjyk0-1e04ddf86ca9bd8201b4b17bbb4a6491 '   itemscope=\"itemscope\" itemtype=\"https:\/\/schema.org\/BlogPosting\" itemprop=\"blogPost\" ><div class='avia_textblock'  itemprop=\"text\" ><h3>6.) Das Wirken des Dr. Faust<\/h3>\n<p>Dr. Faust und sein Pakt mit dem Teufel hat in Kunst, Musik und Literatur vielf\u00e4ltige Spuren hinterlassen. Besonderer Ber\u00fchmtheit erfreut sich etwa die Faust-Adaption von Goethe. Die Legenden gehen dabei auf die reale Person Johann Georg Faust zur\u00fcck, der im 15. und 16. als Alchimist, Wahrsager und Wunderheiler wirkte. Unter anderem in der beschaulichen Kurstadt Bad Kreuznach, die noch heute dazu einl\u00e4dt, den Spuren des historischen Dr. Faust nachzusp\u00fcren. So etwa im Faust-Haus in der Magister-Faust-Gasse.<\/p>\n<\/div><\/section><\/div>\n<\/div><\/div><\/div><!-- close content main div --><\/div><\/div><div id='after_section_16'  class='main_color av_default_container_wrap container_wrap sidebar_right'  ><div class='container av-section-cont-open' ><div class='template-page content  av-content-small alpha units'><div class='post-entry post-entry-type-page post-entry-3059'><div class='entry-content-wrapper clearfix'>\n<section  class='av_textblock_section av-jtpqpty6-550c066a997ebaf648fccc87d0b9ff16 '   itemscope=\"itemscope\" itemtype=\"https:\/\/schema.org\/BlogPosting\" itemprop=\"blogPost\" ><div class='avia_textblock'  itemprop=\"text\" >\r\n<div style=\"clear: both;\"><\/div>\r\n<div class=\"post-breaker-item breaker-type-default\">\r\n    <div class=\"post-breaker-item-inner\">\r\n                    \n<style type=\"text\/css\" data-created_by=\"avia_inline_auto\" id=\"style-css-av-jtpksizx-4b352f2a2752c01e58a4c67632af1aa6\">\n#top .av_textblock_section.av-jtpksizx-4b352f2a2752c01e58a4c67632af1aa6 .avia_textblock{\nfont-size:28px;\n}\n<\/style>\n<section  class='av_textblock_section av-jtpksizx-4b352f2a2752c01e58a4c67632af1aa6 '   itemscope=\"itemscope\" itemtype=\"https:\/\/schema.org\/BlogPosting\" itemprop=\"blogPost\" ><div class='avia_textblock'  itemprop=\"text\" ><p><strong>\u2013 Lesen Sie auch \u2013<\/strong><\/p>\n<\/div><\/section>\n\n<style type=\"text\/css\" data-created_by=\"avia_inline_auto\" id=\"style-css-av-ehyb5-42286bbb62f5c947921c50b729609f1d\">\n.flex_column.av-ehyb5-42286bbb62f5c947921c50b729609f1d{\nborder-radius:0px 0px 0px 0px;\npadding:0px 0px 0px 0px;\n}\n<\/style>\n<div  class='flex_column av-ehyb5-42286bbb62f5c947921c50b729609f1d av_one_third first flex_column_div av-zero-column-padding  '     ><p>\n<style type=\"text\/css\" data-created_by=\"avia_inline_auto\" id=\"style-css-av-jt75ko0n-41eff700c0bab3736f809dc0fe5be0c0\">\n.avia-image-container.av-jt75ko0n-41eff700c0bab3736f809dc0fe5be0c0 img.avia_image{\nbox-shadow:none;\n}\n.avia-image-container.av-jt75ko0n-41eff700c0bab3736f809dc0fe5be0c0 .av-image-caption-overlay-center{\ncolor:#ffffff;\n}\n<\/style>\n<div  class='avia-image-container av-jt75ko0n-41eff700c0bab3736f809dc0fe5be0c0 av-styling-no-styling av-hover-grow av-hide-overflow av-img-linked avia_animated_image av-animated-when-visible-95 fade-in avia-align-left'   itemprop=\"image\" itemscope=\"itemscope\" itemtype=\"https:\/\/schema.org\/ImageObject\" ><div class=\"avia-image-container-inner\"><div class=\"avia-image-overlay-wrap\"><a href=\"https:\/\/www.tuicamper.com\/magazin\/allgaeu-urlaub-mit-dem-wohnmobil\/\" class='avia_image '  aria-label='Allg\u00e4u Urlaub'><img decoding=\"async\" fetchpriority=\"high\" class='wp-image-570 avia-img-lazy-loading-not-570 avia_image ' src=\"https:\/\/www.tuicamper.com\/wp-docker\/wp-content\/uploads\/2019\/03\/allgaeu-urlaub-teaser.jpg\" alt='Allg\u00e4u Urlaub' title='Allg\u00e4u Urlaub'  height=\"200\" width=\"350\"  itemprop=\"thumbnailUrl\" srcset=\"https:\/\/www.tuicamper.com\/wp-docker\/wp-content\/uploads\/2019\/03\/allgaeu-urlaub-teaser.jpg 350w, https:\/\/www.tuicamper.com\/wp-docker\/wp-content\/uploads\/2019\/03\/allgaeu-urlaub-teaser-300x171.jpg 300w\" sizes=\"(max-width: 350px) 100vw, 350px\" \/><\/a><\/div><\/div><\/div><br \/>\n<section  class='av_textblock_section av-jt75lbqb-bba29013bb6610b0762c56b6a5ae7819 '   itemscope=\"itemscope\" itemtype=\"https:\/\/schema.org\/BlogPosting\" itemprop=\"blogPost\" ><div class='avia_textblock'  itemprop=\"text\" ><p style=\"text-align: left;\"><strong><a href=\"https:\/\/www.tuicamper.com\/magazin\/allgaeu-urlaub-mit-dem-wohnmobil\/\">Allg\u00e4u-Urlaub mit dem Wohnmobil: Highlights, Camping &amp; Ausflugstipps<\/a><\/strong><\/p>\n<\/div><\/section><\/p><\/div>\n\n<style type=\"text\/css\" data-created_by=\"avia_inline_auto\" id=\"style-css-av-7tzf5-0c74ac4f5c6d3099336654f757cbc09f\">\n.flex_column.av-7tzf5-0c74ac4f5c6d3099336654f757cbc09f{\nborder-radius:0px 0px 0px 0px;\npadding:0px 0px 0px 0px;\n}\n<\/style>\n<div  class='flex_column av-7tzf5-0c74ac4f5c6d3099336654f757cbc09f av_one_third flex_column_div av-zero-column-padding  '     ><p>\n<style type=\"text\/css\" data-created_by=\"avia_inline_auto\" id=\"style-css-av-jt75ko0n-4fa7c7a945dda68b59dc8f15234e6d5b\">\n.avia-image-container.av-jt75ko0n-4fa7c7a945dda68b59dc8f15234e6d5b img.avia_image{\nbox-shadow:none;\n}\n.avia-image-container.av-jt75ko0n-4fa7c7a945dda68b59dc8f15234e6d5b .av-image-caption-overlay-center{\ncolor:#ffffff;\n}\n<\/style>\n<div  class='avia-image-container av-jt75ko0n-4fa7c7a945dda68b59dc8f15234e6d5b av-styling-no-styling av-hover-grow av-hide-overflow av-img-linked avia_animated_image av-animated-when-visible-95 fade-in avia-align-left'   itemprop=\"image\" itemscope=\"itemscope\" itemtype=\"https:\/\/schema.org\/ImageObject\" ><div class=\"avia-image-container-inner\"><div class=\"avia-image-overlay-wrap\"><a href=\"https:\/\/www.tuicamper.com\/magazin\/deutsche-burgenstrasse\/\" class='avia_image '  ><img decoding=\"async\" fetchpriority=\"high\" class='wp-image-3496 avia-img-lazy-loading-not-3496 avia_image ' src=\"https:\/\/www.tuicamper.com\/wp-docker\/wp-content\/uploads\/2019\/06\/burgenstrasse-teaser.jpg\" alt='Die Burgenstra\u00dfe' title=''  height=\"200\" width=\"350\"  itemprop=\"thumbnailUrl\" srcset=\"https:\/\/www.tuicamper.com\/wp-docker\/wp-content\/uploads\/2019\/06\/burgenstrasse-teaser.jpg 350w, https:\/\/www.tuicamper.com\/wp-docker\/wp-content\/uploads\/2019\/06\/burgenstrasse-teaser-300x171.jpg 300w\" sizes=\"(max-width: 350px) 100vw, 350px\" \/><\/a><\/div><\/div><\/div><br \/>\n<section  class='av_textblock_section av-jt75lbqb-bba29013bb6610b0762c56b6a5ae7819 '   itemscope=\"itemscope\" itemtype=\"https:\/\/schema.org\/BlogPosting\" itemprop=\"blogPost\" ><div class='avia_textblock'  itemprop=\"text\" ><p style=\"text-align: left;\"><a href=\"https:\/\/www.tuicamper.com\/magazin\/deutsche-burgenstrasse\/\"><strong>Die Burgenstra\u00dfe: Vorbei an Burgen, Schl\u00f6ssern &amp; historischen Altst\u00e4dten<\/strong><\/a><\/p>\n<\/div><\/section><\/p><\/div>\n<style type=\"text\/css\" data-created_by=\"avia_inline_auto\" id=\"style-css-av-ehyb5-8fadcff6392c44a3fc98dc4b014d4246\">\n.flex_column.av-ehyb5-8fadcff6392c44a3fc98dc4b014d4246{\nborder-radius:0px 0px 0px 0px;\npadding:0px 0px 0px 0px;\n}\n<\/style>\n<div  class='flex_column av-ehyb5-8fadcff6392c44a3fc98dc4b014d4246 av_one_third flex_column_div av-zero-column-padding  '     ><p>\n<style type=\"text\/css\" data-created_by=\"avia_inline_auto\" id=\"style-css-av-jt75ko0n-39f78f46f506ecc06b59bf5f8fcbb4e2\">\n.avia-image-container.av-jt75ko0n-39f78f46f506ecc06b59bf5f8fcbb4e2 img.avia_image{\nbox-shadow:none;\n}\n.avia-image-container.av-jt75ko0n-39f78f46f506ecc06b59bf5f8fcbb4e2 .av-image-caption-overlay-center{\ncolor:#ffffff;\n}\n<\/style>\n<div  class='avia-image-container av-jt75ko0n-39f78f46f506ecc06b59bf5f8fcbb4e2 av-styling-no-styling av-hover-grow av-hide-overflow av-img-linked avia_animated_image av-animated-when-visible-95 fade-in avia-align-left'   itemprop=\"image\" itemscope=\"itemscope\" itemtype=\"https:\/\/schema.org\/ImageObject\" ><div class=\"avia-image-container-inner\"><div class=\"avia-image-overlay-wrap\"><a href=\"https:\/\/www.tuicamper.com\/magazin\/schwarzwald-urlaub-mit-wohnmobil\/\" class='avia_image '  ><img decoding=\"async\" fetchpriority=\"high\" class='wp-image-3495 avia-img-lazy-loading-not-3495 avia_image ' src=\"https:\/\/www.tuicamper.com\/wp-docker\/wp-content\/uploads\/2019\/06\/schwarzwald-urlaub-teaser.jpg\" alt='Schwarzwald Urlaub' title=''  height=\"200\" width=\"350\"  itemprop=\"thumbnailUrl\" srcset=\"https:\/\/www.tuicamper.com\/wp-docker\/wp-content\/uploads\/2019\/06\/schwarzwald-urlaub-teaser.jpg 350w, https:\/\/www.tuicamper.com\/wp-docker\/wp-content\/uploads\/2019\/06\/schwarzwald-urlaub-teaser-300x171.jpg 300w\" sizes=\"(max-width: 350px) 100vw, 350px\" \/><\/a><\/div><\/div><\/div><br \/>\n<section  class='av_textblock_section av-jt75lbqb-bba29013bb6610b0762c56b6a5ae7819 '   itemscope=\"itemscope\" itemtype=\"https:\/\/schema.org\/BlogPosting\" itemprop=\"blogPost\" ><div class='avia_textblock'  itemprop=\"text\" ><p style=\"text-align: left;\"><strong><a href=\"https:\/\/www.tuicamper.com\/magazin\/schwarzwald-urlaub-mit-wohnmobil\/\">Schwarzwald-Urlaub mit dem Wohnmobil \u2013 Die sch\u00f6nsten Highlights<\/a><\/strong><\/p>\n<\/div><\/section><\/p><\/div><\/p>\n            <div style=\"clear: both;\"><\/div>\r\n            <\/div>\r\n<\/div>\r\n\n<\/div><\/section>\n<\/div><\/div><\/div><!-- close content main div --><\/div><\/div><div id='av_section_17'  class='avia-section av-jt5vrdgv-4386718e65b314e69682ca60ae604601 main_color avia-section-default avia-no-border-styling  avia-builder-el-43  el_after_av_textblock  el_before_av_section  reduced-content avia-bg-style-scroll container_wrap sidebar_right'  ><div class='container av-section-cont-open' ><div class='template-page content  av-content-small alpha units'><div class='post-entry post-entry-type-page post-entry-3059'><div class='entry-content-wrapper clearfix'>\n\n<style type=\"text\/css\" data-created_by=\"avia_inline_auto\" id=\"style-css-av-1g5aou-6e8505d9de1136ce38f66b0d0e5d2a36\">\n.flex_column.av-1g5aou-6e8505d9de1136ce38f66b0d0e5d2a36{\nborder-radius:0px 0px 0px 0px;\npadding:0px 0px 0px 0px;\n}\n<\/style>\n<div  class='flex_column av-1g5aou-6e8505d9de1136ce38f66b0d0e5d2a36 av_one_full  avia-builder-el-44  avia-builder-el-no-sibling  first flex_column_div av-zero-column-padding  '     ><section  class='av_textblock_section av-jt5tjyk0-1e04ddf86ca9bd8201b4b17bbb4a6491 '   itemscope=\"itemscope\" itemtype=\"https:\/\/schema.org\/BlogPosting\" itemprop=\"blogPost\" ><div class='avia_textblock'  itemprop=\"text\" ><h3>7.) Wie ein Riese Wiesbaden formte \u2013 und zu seinem Wohlstand verhalf<\/h3>\n<p>Eine der letzten Stationen auf der Wohnmobil-Reise entlang des Rheins ist Wiesbaden. Die hessische Landeshauptstadt ist nicht nur f\u00fcr ihre historische Altstadt, ihre Schl\u00f6sser und Prachtboulevards, sondern auch als eines der \u00e4ltesten Kurb\u00e4der Europas bekannt. Der Sage nach verdankt Wiesbaden seine hei\u00dfen Quellen, die den heutigen Wohlstand der Stadt begr\u00fcndeten, einem Riesen. Dieser soll, auf der Jagd nach einem Drachen, den er unter der Erde vermutete, seine Lanze so tief ins Erdreich gestochen haben, dass kochendes Wasser aus dem entstandenen Loch sprudelte. Die Wiesbadener Umgebung formte er bei einem anschlie\u00dfenden Sturz gleich mit.<\/p>\n<\/div><\/section><\/div>\n\n<\/div><\/div><\/div><!-- close content main div --><\/div><\/div><div id='av_section_18'  class='avia-section av-jt5vrdgv-4386718e65b314e69682ca60ae604601 main_color avia-section-default avia-no-border-styling  avia-builder-el-46  el_after_av_section  avia-builder-el-last  reduced-content avia-bg-style-scroll container_wrap sidebar_right'  ><div class='container av-section-cont-open' ><div class='template-page content  av-content-small alpha units'><div class='post-entry post-entry-type-page post-entry-3059'><div class='entry-content-wrapper clearfix'>\n<div  class='avia-button-wrap av-ju2eusip-835d1ab8fdd045aebc3bdaa25c325e82-wrap avia-button-center  avia-builder-el-47  el_before_av_one_full  avia-builder-el-first '><a href='https:\/\/www.tuicamper.com\/reiseziele\/europa\/deutschland\/'  class='avia-button av-ju2eusip-835d1ab8fdd045aebc3bdaa25c325e82 av-link-btn avia-icon_select-yes-right-icon avia-size-large avia-position-center avia-color-theme-color'   aria-label=\"Jetzt Wohnmobil mieten f\u00fcr Deutschland\"><span class='avia_iconbox_title' >Jetzt Wohnmobil mieten f\u00fcr Deutschland<\/span><span class='avia_button_icon avia_button_icon_right avia-iconfont avia-font-entypo-fontello' data-av_icon='\ue875' data-av_iconfont='entypo-fontello' ><\/span><\/a><\/div>\n\n<style type=\"text\/css\" data-created_by=\"avia_inline_auto\" id=\"style-css-av-1g5aou-6e8505d9de1136ce38f66b0d0e5d2a36\">\n.flex_column.av-1g5aou-6e8505d9de1136ce38f66b0d0e5d2a36{\nborder-radius:0px 0px 0px 0px;\npadding:0px 0px 0px 0px;\n}\n<\/style>\n<div  class='flex_column av-1g5aou-6e8505d9de1136ce38f66b0d0e5d2a36 av_one_full  avia-builder-el-48  el_after_av_button  el_before_av_social_share  first flex_column_div av-zero-column-padding  '     ><style type=\"text\/css\" data-created_by=\"avia_inline_auto\" id=\"style-css-av-jt5tjyk0-26a28d0242835cbba60d70517a13c769\">\n#top .av_textblock_section.av-jt5tjyk0-26a28d0242835cbba60d70517a13c769 .avia_textblock{\nfont-size:28px;\n}\n<\/style>\n<section  class='av_textblock_section av-jt5tjyk0-26a28d0242835cbba60d70517a13c769 '   itemscope=\"itemscope\" itemtype=\"https:\/\/schema.org\/BlogPosting\" itemprop=\"blogPost\" ><div class='avia_textblock'  itemprop=\"text\" ><p><strong>Ihr TUI Camper-Team w\u00fcnscht Ihnen eine m\u00e4rchenhafte Wohnmobil-Tour entlang des Rheinischen Sagenwegs!<\/strong><\/p>\n<\/div><\/section><\/div><div  class='av-social-sharing-box av-10zg8-8676a2d54b4a15bbf6c39a1c18f0815b av-social-sharing-box-default  avia-builder-el-50  el_after_av_one_full  avia-builder-el-last  av-social-sharing-box-fullwidth'><div class=\"av-share-box\"><ul class=\"av-share-box-list noLightbox\"><li class='av-share-link av-social-link-facebook avia_social_iconfont' ><a target=\"_blank\" aria-label=\"Teilen auf Facebook\" href='https:\/\/www.facebook.com\/sharer.php?u=https:\/\/www.tuicamper.com\/magazin\/rheinische-sagenweg\/&#038;t=Der%20Rheinische%20Sagenweg%3A%20Mit%20dem%20Wohnmobil%20den%20Rhein%20entlang' data-av_icon='\ue8f3' data-av_iconfont='entypo-fontello'  title='' data-avia-related-tooltip='Teilen auf Facebook'><span class='avia_hidden_link_text'>Teilen auf Facebook<\/span><\/a><\/li><li class='av-share-link av-social-link-twitter avia_social_iconfont' ><a target=\"_blank\" aria-label=\"Teilen auf X\" href='https:\/\/twitter.com\/share?text=Der%20Rheinische%20Sagenweg%3A%20Mit%20dem%20Wohnmobil%20den%20Rhein%20entlang&#038;url=https:\/\/www.tuicamper.com\/magazin\/rheinische-sagenweg\/' data-av_icon='\ue932' data-av_iconfont='entypo-fontello'  title='' data-avia-related-tooltip='Teilen auf X'><span class='avia_hidden_link_text'>Teilen auf X<\/span><\/a><\/li><li class='av-share-link av-social-link-whatsapp avia_social_iconfont' ><a target=\"_blank\" aria-label=\"Teilen auf WhatsApp\" href='https:\/\/api.whatsapp.com\/send?text=https:\/\/www.tuicamper.com\/magazin\/rheinische-sagenweg\/' data-av_icon='\uf232' data-av_iconfont='entypo-fontello'  title='' data-avia-related-tooltip='Teilen auf WhatsApp'><span class='avia_hidden_link_text'>Teilen auf WhatsApp<\/span><\/a><\/li><li class='av-share-link av-social-link-pinterest avia_social_iconfont' ><a target=\"_blank\" aria-label=\"Teilen auf Pinterest\" href='https:\/\/pinterest.com\/pin\/create\/button\/?url=https%3A%2F%2Fwww.tuicamper.com%2Fmagazin%2Frheinische-sagenweg%2F&#038;description=Der%20Rheinische%20Sagenweg%3A%20Mit%20dem%20Wohnmobil%20den%20Rhein%20entlang&#038;media=https%3A%2F%2Fwww.tuicamper.com%2Fwp-docker%2Fwp-content%2Fuploads%2F2019%2F08%2Frheinischer-sagenweg-705x269.jpg' data-av_icon='\ue8f8' data-av_iconfont='entypo-fontello'  title='' data-avia-related-tooltip='Teilen auf Pinterest'><span class='avia_hidden_link_text'>Teilen auf Pinterest<\/span><\/a><\/li><li class='av-share-link av-social-link-mail avia_social_iconfont' ><a  aria-label=\"Per E-Mail teilen\" href='mailto:?subject=Der%20Rheinische%20Sagenweg%3A%20Mit%20dem%20Wohnmobil%20den%20Rhein%20entlang&#038;body=https:\/\/www.tuicamper.com\/magazin\/rheinische-sagenweg\/' data-av_icon='\ue805' data-av_iconfont='entypo-fontello'  title='' data-avia-related-tooltip='Per E-Mail teilen'><span class='avia_hidden_link_text'>Per E-Mail teilen<\/span><\/a><\/li><\/ul><\/div><\/div>\n<\/div><\/div><\/div><!-- close content main div --><\/div><\/div><div id='after_section_18'  class='main_color av_default_container_wrap container_wrap sidebar_right'  ><div class='container av-section-cont-open' ><div class='template-page content  av-content-small alpha units'><div class='post-entry post-entry-type-page post-entry-3059'><div class='entry-content-wrapper clearfix'>\n","protected":false},"excerpt":{"rendered":"<p>Dutzende Burgen und Schl\u00f6sser, faszinierende Sagen und eine spektakul\u00e4re Naturkulisse: Erfahren Sie, warum der Rheinischen Sagenweg unter Campern so beliebt ist! <\/p>\n","protected":false},"author":4,"featured_media":3740,"comment_status":"open","ping_status":"open","sticky":false,"template":"","format":"standard","meta":{"footnotes":""},"categories":[33],"tags":[28,53],"class_list":["post-3059","post","type-post","status-publish","format-standard","has-post-thumbnail","hentry","category-reisethema","tag-deutschland","tag-kultur"],"yoast_head":"<!-- This site is optimized with the Yoast SEO plugin v27.4 - https:\/\/yoast.com\/product\/yoast-seo-wordpress\/ -->\n<title>Der Rheinische Sagenweg: Mit dem Wohnmobil den Rhein entlang<\/title>\n<meta name=\"description\" content=\"Dutzende Burgen und Schl\u00f6sser, faszinierende Sagen und eine spektakul\u00e4re Naturkulisse: Erfahren Sie, warum der Rheinischen Sagenweg unter Campern so beliebt ist!\" \/>\n<meta name=\"robots\" content=\"index, follow, max-snippet:-1, max-image-preview:large, max-video-preview:-1\" \/>\n<link rel=\"canonical\" href=\"https:\/\/www.tuicamper.com\/magazin\/rheinische-sagenweg\/\" \/>\n<meta property=\"og:locale\" content=\"de_DE\" \/>\n<meta property=\"og:type\" content=\"article\" \/>\n<meta property=\"og:title\" content=\"Der Rheinische Sagenweg: Mit dem Wohnmobil den Rhein entlang\" \/>\n<meta property=\"og:description\" content=\"Dutzende Burgen und Schl\u00f6sser, faszinierende Sagen und eine spektakul\u00e4re Naturkulisse: Erfahren Sie, warum der Rheinischen Sagenweg unter Campern so beliebt ist!\" \/>\n<meta property=\"og:url\" content=\"https:\/\/www.tuicamper.com\/magazin\/rheinische-sagenweg\/\" \/>\n<meta property=\"og:site_name\" content=\"TUI Camper Magazin\" \/>\n<meta property=\"article:published_time\" content=\"2019-08-09T14:10:44+00:00\" \/>\n<meta property=\"article:modified_time\" content=\"2020-09-03T09:27:49+00:00\" \/>\n<meta property=\"og:image\" content=\"https:\/\/www.tuicamper.com\/wp-docker\/wp-content\/uploads\/2019\/08\/rheinischer-sagenweg.jpg\" \/>\n\t<meta property=\"og:image:width\" content=\"1310\" \/>\n\t<meta property=\"og:image:height\" content=\"500\" \/>\n\t<meta property=\"og:image:type\" content=\"image\/jpeg\" \/>\n<meta name=\"author\" content=\"Trang\" \/>\n<meta name=\"twitter:card\" content=\"summary_large_image\" \/>\n<meta name=\"twitter:label1\" content=\"Verfasst von\" \/>\n\t<meta name=\"twitter:data1\" content=\"Trang\" \/>\n\t<meta name=\"twitter:label2\" content=\"Gesch\u00e4tzte Lesezeit\" \/>\n\t<meta name=\"twitter:data2\" content=\"26\u00a0Minuten\" \/>\n<!-- \/ Yoast SEO plugin. -->","yoast_head_json":{"title":"Der Rheinische Sagenweg: Mit dem Wohnmobil den Rhein entlang","description":"Dutzende Burgen und Schl\u00f6sser, faszinierende Sagen und eine spektakul\u00e4re Naturkulisse: Erfahren Sie, warum der Rheinischen Sagenweg unter Campern so beliebt ist!","robots":{"index":"index","follow":"follow","max-snippet":"max-snippet:-1","max-image-preview":"max-image-preview:large","max-video-preview":"max-video-preview:-1"},"canonical":"https:\/\/www.tuicamper.com\/magazin\/rheinische-sagenweg\/","og_locale":"de_DE","og_type":"article","og_title":"Der Rheinische Sagenweg: Mit dem Wohnmobil den Rhein entlang","og_description":"Dutzende Burgen und Schl\u00f6sser, faszinierende Sagen und eine spektakul\u00e4re Naturkulisse: Erfahren Sie, warum der Rheinischen Sagenweg unter Campern so beliebt ist!","og_url":"https:\/\/www.tuicamper.com\/magazin\/rheinische-sagenweg\/","og_site_name":"TUI Camper Magazin","article_published_time":"2019-08-09T14:10:44+00:00","article_modified_time":"2020-09-03T09:27:49+00:00","og_image":[{"width":1310,"height":500,"url":"https:\/\/www.tuicamper.com\/wp-docker\/wp-content\/uploads\/2019\/08\/rheinischer-sagenweg.jpg","type":"image\/jpeg"}],"author":"Trang","twitter_card":"summary_large_image","twitter_misc":{"Verfasst von":"Trang","Gesch\u00e4tzte Lesezeit":"26\u00a0Minuten"},"schema":{"@context":"https:\/\/schema.org","@graph":[{"@type":"Article","@id":"https:\/\/www.tuicamper.com\/magazin\/rheinische-sagenweg\/#article","isPartOf":{"@id":"https:\/\/www.tuicamper.com\/magazin\/rheinische-sagenweg\/"},"author":{"name":"Trang","@id":"https:\/\/www.tuicamper.com\/wp-docker\/#\/schema\/person\/64621aaf52862d378f4e7a6961086fa3"},"headline":"Der Rheinische Sagenweg: Mit dem Wohnmobil den Rhein entlang","datePublished":"2019-08-09T14:10:44+00:00","dateModified":"2020-09-03T09:27:49+00:00","mainEntityOfPage":{"@id":"https:\/\/www.tuicamper.com\/magazin\/rheinische-sagenweg\/"},"wordCount":4256,"commentCount":0,"image":{"@id":"https:\/\/www.tuicamper.com\/magazin\/rheinische-sagenweg\/#primaryimage"},"thumbnailUrl":"https:\/\/www.tuicamper.com\/wp-docker\/wp-content\/uploads\/2019\/08\/rheinischer-sagenweg.jpg","keywords":["Deutschland","Kultur"],"articleSection":["Reisethema"],"inLanguage":"de","potentialAction":[{"@type":"CommentAction","name":"Comment","target":["https:\/\/www.tuicamper.com\/magazin\/rheinische-sagenweg\/#respond"]}]},{"@type":"WebPage","@id":"https:\/\/www.tuicamper.com\/magazin\/rheinische-sagenweg\/","url":"https:\/\/www.tuicamper.com\/magazin\/rheinische-sagenweg\/","name":"Der Rheinische Sagenweg: Mit dem Wohnmobil den Rhein entlang","isPartOf":{"@id":"https:\/\/www.tuicamper.com\/#website"},"primaryImageOfPage":{"@id":"https:\/\/www.tuicamper.com\/magazin\/rheinische-sagenweg\/#primaryimage"},"image":{"@id":"https:\/\/www.tuicamper.com\/magazin\/rheinische-sagenweg\/#primaryimage"},"thumbnailUrl":"https:\/\/www.tuicamper.com\/wp-content\/uploads\/2019\/08\/rheinischer-sagenweg.jpg","datePublished":"2019-08-09T14:10:44+00:00","dateModified":"2020-09-03T09:27:49+00:00","author":{"@id":"https:\/\/www.tuicamper.com\/#\/schema\/person\/64621aaf52862d378f4e7a6961086fa3"},"description":"Dutzende Burgen und Schl\u00f6sser, faszinierende Sagen und eine spektakul\u00e4re Naturkulisse: Erfahren Sie, warum der Rheinischen Sagenweg unter Campern so beliebt ist!","breadcrumb":{"@id":"https:\/\/www.tuicamper.com\/magazin\/rheinische-sagenweg\/#breadcrumb"},"inLanguage":"de","potentialAction":["Array"]},{"@type":"ImageObject","inLanguage":"de","@id":"https:\/\/www.tuicamper.com\/magazin\/rheinische-sagenweg\/#primaryimage","url":"https:\/\/www.tuicamper.com\/wp-docker\/wp-content\/uploads\/2019\/08\/rheinischer-sagenweg.jpg","contentUrl":"https:\/\/www.tuicamper.com\/wp-docker\/wp-content\/uploads\/2019\/08\/rheinischer-sagenweg.jpg","width":1310,"height":500,"caption":"Rheinischer Sagenweg"},{"@type":"BreadcrumbList","@id":"https:\/\/www.tuicamper.com\/magazin\/rheinische-sagenweg\/#breadcrumb","itemListElement":[{"@type":"ListItem","position":1,"name":"Startseite","item":"https:\/\/www.tuicamper.com\/wp-docker\/"},{"@type":"ListItem","position":2,"name":"Der Rheinische Sagenweg: Mit dem Wohnmobil den Rhein entlang"}]},{"@type":"WebSite","@id":"https:\/\/www.tuicamper.com\/#website","url":"https:\/\/www.tuicamper.com\/","name":"TUI Camper Magazin","description":"","potentialAction":["Array"],"inLanguage":"de"},{"@type":"Person","@id":"https:\/\/www.tuicamper.com\/wp-docker\/#\/schema\/person\/64621aaf52862d378f4e7a6961086fa3","name":"Trang","image":{"@type":"ImageObject","inLanguage":"de","@id":"https:\/\/secure.gravatar.com\/avatar\/c946f00f16c232f8cdecfb386f553c12468182e6b4443fb0719b0ef4d8387620?s=96&d=mm&r=g","url":"https:\/\/secure.gravatar.com\/avatar\/c946f00f16c232f8cdecfb386f553c12468182e6b4443fb0719b0ef4d8387620?s=96&d=mm&r=g","contentUrl":"https:\/\/secure.gravatar.com\/avatar\/c946f00f16c232f8cdecfb386f553c12468182e6b4443fb0719b0ef4d8387620?s=96&d=mm&r=g","caption":"Trang"},"url":"https:\/\/www.tuicamper.com\/wp-docker\/magazin\/author\/trang\/"}]}},"_links":{"self":[{"href":"https:\/\/www.tuicamper.com\/wp-docker\/wp-json\/wp\/v2\/posts\/3059","targetHints":{"allow":["GET"]}}],"collection":[{"href":"https:\/\/www.tuicamper.com\/wp-docker\/wp-json\/wp\/v2\/posts"}],"about":[{"href":"https:\/\/www.tuicamper.com\/wp-docker\/wp-json\/wp\/v2\/types\/post"}],"author":[{"embeddable":true,"href":"https:\/\/www.tuicamper.com\/wp-docker\/wp-json\/wp\/v2\/users\/4"}],"replies":[{"embeddable":true,"href":"https:\/\/www.tuicamper.com\/wp-docker\/wp-json\/wp\/v2\/comments?post=3059"}],"version-history":[{"count":14,"href":"https:\/\/www.tuicamper.com\/wp-docker\/wp-json\/wp\/v2\/posts\/3059\/revisions"}],"predecessor-version":[{"id":6678,"href":"https:\/\/www.tuicamper.com\/wp-docker\/wp-json\/wp\/v2\/posts\/3059\/revisions\/6678"}],"wp:featuredmedia":[{"embeddable":true,"href":"https:\/\/www.tuicamper.com\/wp-docker\/wp-json\/wp\/v2\/media\/3740"}],"wp:attachment":[{"href":"https:\/\/www.tuicamper.com\/wp-docker\/wp-json\/wp\/v2\/media?parent=3059"}],"wp:term":[{"taxonomy":"category","embeddable":true,"href":"https:\/\/www.tuicamper.com\/wp-docker\/wp-json\/wp\/v2\/categories?post=3059"},{"taxonomy":"post_tag","embeddable":true,"href":"https:\/\/www.tuicamper.com\/wp-docker\/wp-json\/wp\/v2\/tags?post=3059"}],"curies":[{"name":"wp","href":"https:\/\/api.w.org\/{rel}","templated":true}]}}