{"id":241,"date":"2019-03-25T16:23:09","date_gmt":"2019-03-25T15:23:09","guid":{"rendered":"https:\/\/www.tuicamper.com\/wp-docker\/?p=241"},"modified":"2026-02-04T11:44:15","modified_gmt":"2026-02-04T10:44:15","slug":"mit-dem-wohnmobil-nach-istrien","status":"publish","type":"post","link":"https:\/\/www.tuicamper.com\/magazin\/mit-dem-wohnmobil-nach-istrien\/","title":{"rendered":"Mit dem Wohnmobil nach Istrien: Perle an der Adria"},"content":{"rendered":"<div id='av_section_1'  class='avia-section av-b7gvl-1eb57de5f7b7a94c40602e8cf977ebb0 main_color avia-section-default avia-no-border-styling  avia-builder-el-0  el_before_av_textblock  avia-builder-el-first  reduced-content avia-bg-style-scroll container_wrap sidebar_right'  ><div class='container av-section-cont-open' ><main  role=\"main\" itemprop=\"mainContentOfPage\"  class='template-page content  av-content-small alpha units'><div class='post-entry post-entry-type-page post-entry-241'><div class='entry-content-wrapper clearfix'>\n<section  class='av_textblock_section av-jtohi5he-f122a0598281838dd9458067607116f9 '   itemscope=\"itemscope\" itemtype=\"https:\/\/schema.org\/BlogPosting\" itemprop=\"blogPost\" ><div class='avia_textblock'  itemprop=\"text\" ><p>Quirlige K\u00fcstenst\u00e4dte, kulinarische Spezialit\u00e4ten, idyllische Landschaften und urige D\u00f6rfer im h\u00fcgeligen Hinterland: Istrien k\u00f6nnte vielseitiger kaum sein. Nicht verwunderlich, dass es Camper aus ganz Europa immer wieder hierherzieht. Wir beleuchten die vielen Facetten der kroatischen Halbinsel.<\/p>\n<\/div><\/section>\n<\/div><\/div><\/main><!-- close content main element --><\/div><\/div><div id='after_section_1'  class='main_color av_default_container_wrap container_wrap sidebar_right'  ><div class='container av-section-cont-open' ><div class='template-page content  av-content-small alpha units'><div class='post-entry post-entry-type-page post-entry-241'><div class='entry-content-wrapper clearfix'>\n<section  class='av_textblock_section av-jtohwfe1-e08fc689b2013a3e139331bfc4639826 '   itemscope=\"itemscope\" itemtype=\"https:\/\/schema.org\/BlogPosting\" itemprop=\"blogPost\" ><div class='avia_textblock'  itemprop=\"text\" >\n<\/div><\/section>\n<\/div><\/div><\/div><!-- close content main div --><\/div><\/div><div id='av_section_2'  class='avia-section av-b7gvl-28-95bc11915c6bee2640a648c410b27887 main_color avia-section-default avia-no-border-styling  avia-builder-el-3  el_after_av_textblock  el_before_av_section  reduced-content avia-bg-style-scroll container_wrap sidebar_right'  ><div class='container av-section-cont-open' ><div class='template-page content  av-content-small alpha units'><div class='post-entry post-entry-type-page post-entry-241'><div class='entry-content-wrapper clearfix'>\n<section  class='av_textblock_section av-jtohi5he-27-0e106f0110123c87de4362ac5ba50e26 '   itemscope=\"itemscope\" itemtype=\"https:\/\/schema.org\/BlogPosting\" itemprop=\"blogPost\" ><div class='avia_textblock'  itemprop=\"text\" ><div id=\"js-table-of-contents\">\r\n    <strong>Inhaltsverzeichnis<\/strong>\r\n<\/div>\n<\/div><\/section>\n\n<\/div><\/div><\/div><!-- close content main div --><\/div><\/div><div id='av_section_3'  class='avia-section av-b7gvl-25-66128a3c8a0d2d686e69e444cfe6f02c main_color avia-section-default avia-no-border-styling  avia-builder-el-5  el_after_av_section  el_before_av_section  reduced-content avia-bg-style-scroll container_wrap sidebar_right'  ><div class='container av-section-cont-open' ><div class='template-page content  av-content-small alpha units'><div class='post-entry post-entry-type-page post-entry-241'><div class='entry-content-wrapper clearfix'>\n<section  class='av_textblock_section av-jtoi26pj-77dd0cb29181077f43d251209d367b82 '   itemscope=\"itemscope\" itemtype=\"https:\/\/schema.org\/BlogPosting\" itemprop=\"blogPost\" ><div class='avia_textblock'  itemprop=\"text\" ><h2>Camper-Urlaub Istrien: die Anreise<\/h2>\n<p>Da Sie\u00a0<a href=\"https:\/\/www.tuicamper.com\/magazin\/wohnmobil-kroatien\/\">Kroatien<\/a>\u00a0problemlos auf dem Landweg erreichen, empfiehlt es sich, bereits in\u00a0<a href=\"https:\/\/www.tuicamper.com\/reiseziele\/europa\/deutschland\/\">Deutschland ein Wohnmobil anzumieten<\/a>. \u00dcber\u00a0<a href=\"https:\/\/www.tuicamper.com\/magazin\/wohnmobil-oesterreich\/\">\u00d6sterreich<\/a>\u00a0geht es dabei runter nach Slowenien, vorbei an dessen Hauptstadt Ljubljana, bis Sie schlie\u00dflich die kroatische Gespanschaft Istrien erreichen. Wichtig zu wissen: Sowohl f\u00fcr die \u00f6sterreichischen als auch f\u00fcr die slowenischen Autobahnen ben\u00f6tigen Sie eine Vignette. Alles zur <a href=\"https:\/\/www.tuicamper.com\/magazin\/maut-in-oesterreich-fuer-wohnmobile\/\">Maut in \u00d6sterreich mit dem Wohnmobil<\/a> lesen Sie im verlinkten Magazin-Artikel.<br \/>\nAls Alternative haben Sie auch die M\u00f6glichkeit, sich Ihren Wunschcamper direkt bei unserem Partner <a href=\"https:\/\/www.tuicamper.com\/reiseziele\/europa\/kroatien\/\">in Kroatien zu mieten<\/a>.<\/p>\n<\/div><\/section>\n\n<\/div><\/div><\/div><!-- close content main div --><\/div><\/div><div id='av_section_4'  class='avia-section av-b5055-d8e790556df0cd764a9752bec9ee5c78 main_color avia-section-default avia-no-border-styling  avia-builder-el-7  el_after_av_section  el_before_av_textblock  reduced-content avia-bg-style-scroll container_wrap sidebar_right'  ><div class='container av-section-cont-open' ><div class='template-page content  av-content-small alpha units'><div class='post-entry post-entry-type-page post-entry-241'><div class='entry-content-wrapper clearfix'>\n<section  class='av_textblock_section av-ml7we2f8-53139bb640596aec424765aea13d2b46 '   itemscope=\"itemscope\" itemtype=\"https:\/\/schema.org\/BlogPosting\" itemprop=\"blogPost\" ><div class='avia_textblock'  itemprop=\"text\" ><h2>Camping in Istrien \u2013 4 wichtige Hinweise &#038; Tipps<\/h2>\n<p>Seit Generationen zieht es Wohnmobil-Urlauber nach Istrien. F\u00fcr alle, die das erste Mal auf der Halbinsel unterwegs sind, haben wir einige Hinweise f\u00fcr den anstehenden Camping-Urlaub zusammengestellt.<\/p>\n<ol>\n<li><strong><a href=\"https:\/\/www.tuicamper.com\/magazin\/wildcamping\/\">Wildcamping<\/a> ist in Kroatien verboten<\/strong>. Gerade an den K\u00fcstenregionen sowie in touristischen Gebieten wird verst\u00e4rkt kontrolliert. Wer sich nicht an das Verbot h\u00e4lt und erwischt wird, muss mit einem Bu\u00dfgeld von bis zu 400 Euro rechnen.<\/li>\n<li><strong><a href=\"https:\/\/www.tuicamper.com\/magazin\/fkk-camping-in-kroatien\/\">FKK-Camping in Kroatien<\/a> hat eine lange Tradition<\/strong>. Auf zahlreichen Campingpl\u00e4tzen k\u00f6nnen Camper die H\u00fcllen fallen lassen \u2013 so auch in Istrien. Mit dem <a href=\"https:\/\/www.istracamping.com\/de\/unterkunft\/camping-ulika\/\">Campingplatz Ulika<\/a> und dem <a href=\"https:\/\/www.maistra.com\/de\/unterkunft\/koversada-park-camping-resort\/koversada-uncovered-naturist-campsite\/#\/\">Naturist Park Koversada<\/a> befinden sich vor Ort gleich zwei der sch\u00f6nsten FKK-Campingpl\u00e4tze des Landes.<\/li>\n<li><strong>Die beste Reisezeit herrscht zwischen Juni und September<\/strong>. Dann ist es angenehm warm und einem Badeurlaub an der K\u00fcste Istriens steht nichts im Wege. Wenn Sie vor allem Wanderungen abseits des Trubels und bei gutem Wetter unternehmen m\u00f6chten, bieten sich die Monate Mai, September und Oktober an.<\/li>\n<li><strong>Auf der Autobahn gibt es kein Vignetten-System<\/strong>. Stattdessen wird eine streckenabh\u00e4ngige Maut f\u00e4llig, die an den Mautstationen gezahlt wird. Im Sommer kann es hier zu Wartezeiten kommen. Ein digitales Bezahlsystem soll erst im Herbst 2026 eingef\u00fchrt werden.<\/li>\n<\/ol>\n<\/div><\/section>\n<\/div><\/div><\/div><!-- close content main div --><\/div><\/div><div id='after_section_4'  class='main_color av_default_container_wrap container_wrap sidebar_right'  ><div class='container av-section-cont-open' ><div class='template-page content  av-content-small alpha units'><div class='post-entry post-entry-type-page post-entry-241'><div class='entry-content-wrapper clearfix'>\n<section  class='av_textblock_section av-jtohwfe1-26-2f755fe5a179a96a0860e101074c12ce '   itemscope=\"itemscope\" itemtype=\"https:\/\/schema.org\/BlogPosting\" itemprop=\"blogPost\" ><div class='avia_textblock'  itemprop=\"text\" >\r\n<div style=\"clear: both;\"><\/div>\r\n<div class=\"post-breaker-item breaker-type-default\">\r\n    <div class=\"post-breaker-item-inner\">\r\n                    \n<style type=\"text\/css\" data-created_by=\"avia_inline_auto\" id=\"style-css-av-jtpksizx-4b352f2a2752c01e58a4c67632af1aa6\">\n#top .av_textblock_section.av-jtpksizx-4b352f2a2752c01e58a4c67632af1aa6 .avia_textblock{\nfont-size:28px;\n}\n<\/style>\n<section  class='av_textblock_section av-jtpksizx-4b352f2a2752c01e58a4c67632af1aa6 '   itemscope=\"itemscope\" itemtype=\"https:\/\/schema.org\/BlogPosting\" itemprop=\"blogPost\" ><div class='avia_textblock'  itemprop=\"text\" ><p><strong>\u2013 Lesen Sie auch \u2013<\/strong><\/p>\n<\/div><\/section>\n\n<style type=\"text\/css\" data-created_by=\"avia_inline_auto\" id=\"style-css-av-mjaz5-4a5e7a4612d820311f0a023801221c9c\">\n.flex_column.av-mjaz5-4a5e7a4612d820311f0a023801221c9c{\nborder-radius:0px 0px 0px 0px;\npadding:0px 0px 0px 0px;\n}\n<\/style>\n<div  class='flex_column av-mjaz5-4a5e7a4612d820311f0a023801221c9c av_one_third first flex_column_div av-zero-column-padding  '     ><p>\n<style type=\"text\/css\" data-created_by=\"avia_inline_auto\" id=\"style-css-av-jt75ko0n-f06f66094e72a6b9f7e64592aa700402\">\n.avia-image-container.av-jt75ko0n-f06f66094e72a6b9f7e64592aa700402 img.avia_image{\nbox-shadow:none;\n}\n.avia-image-container.av-jt75ko0n-f06f66094e72a6b9f7e64592aa700402 .av-image-caption-overlay-center{\ncolor:#ffffff;\n}\n<\/style>\n<div  class='avia-image-container av-jt75ko0n-f06f66094e72a6b9f7e64592aa700402 av-styling-no-styling av-hover-grow av-hide-overflow av-img-linked avia_animated_image av-animated-when-visible-95 fade-in avia-align-left'   itemprop=\"image\" itemscope=\"itemscope\" itemtype=\"https:\/\/schema.org\/ImageObject\" ><div class=\"avia-image-container-inner\"><div class=\"avia-image-overlay-wrap\"><a href=\"https:\/\/www.tuicamper.com\/magazin\/wohnmobil-kroatien\/\" class='avia_image '  aria-label='Wohnmobil Kroatien'><img decoding=\"async\" fetchpriority=\"high\" class='wp-image-271 avia-img-lazy-loading-not-271 avia_image ' src=\"https:\/\/www.tuicamper.com\/wp-docker\/wp-content\/uploads\/2019\/03\/wohnmobil-kroatien-teaser.jpg\" alt='Wohnmobil Kroatien' title='Wohnmobil Kroatien'  height=\"200\" width=\"350\"  itemprop=\"thumbnailUrl\" srcset=\"https:\/\/www.tuicamper.com\/wp-docker\/wp-content\/uploads\/2019\/03\/wohnmobil-kroatien-teaser.jpg 350w, https:\/\/www.tuicamper.com\/wp-docker\/wp-content\/uploads\/2019\/03\/wohnmobil-kroatien-teaser-300x171.jpg 300w\" sizes=\"(max-width: 350px) 100vw, 350px\" \/><\/a><\/div><\/div><\/div><br \/>\n<section  class='av_textblock_section av-jt75lbqb-bba29013bb6610b0762c56b6a5ae7819 '   itemscope=\"itemscope\" itemtype=\"https:\/\/schema.org\/BlogPosting\" itemprop=\"blogPost\" ><div class='avia_textblock'  itemprop=\"text\" ><p style=\"text-align: left;\"><a href=\"https:\/\/www.tuicamper.com\/magazin\/wohnmobil-kroatien\/\"><strong>Wohnmobil Kroatien: Reisetipps und die sch\u00f6nsten Touren &amp; Highlights<\/strong><\/a><\/p>\n<\/div><\/section><\/p><\/div>\n\n<style type=\"text\/css\" data-created_by=\"avia_inline_auto\" id=\"style-css-av-ehyb5-8fadcff6392c44a3fc98dc4b014d4246\">\n.flex_column.av-ehyb5-8fadcff6392c44a3fc98dc4b014d4246{\nborder-radius:0px 0px 0px 0px;\npadding:0px 0px 0px 0px;\n}\n<\/style>\n<div  class='flex_column av-ehyb5-8fadcff6392c44a3fc98dc4b014d4246 av_one_third flex_column_div av-zero-column-padding  '     ><p>\n<style type=\"text\/css\" data-created_by=\"avia_inline_auto\" id=\"style-css-av-jt75ko0n-cc98ffbe9b6c321f554d71695323eba3\">\n.avia-image-container.av-jt75ko0n-cc98ffbe9b6c321f554d71695323eba3 img.avia_image{\nbox-shadow:none;\n}\n.avia-image-container.av-jt75ko0n-cc98ffbe9b6c321f554d71695323eba3 .av-image-caption-overlay-center{\ncolor:#ffffff;\n}\n<\/style>\n<div  class='avia-image-container av-jt75ko0n-cc98ffbe9b6c321f554d71695323eba3 av-styling-no-styling av-hover-grow av-hide-overflow av-img-linked avia_animated_image av-animated-when-visible-95 fade-in avia-align-left'   itemprop=\"image\" itemscope=\"itemscope\" itemtype=\"https:\/\/schema.org\/ImageObject\" ><div class=\"avia-image-container-inner\"><div class=\"avia-image-overlay-wrap\"><a href=\"https:\/\/www.tuicamper.com\/magazin\/reisetipps-italien\/\" class='avia_image '  aria-label='Reisetipps Italien'><img decoding=\"async\" fetchpriority=\"high\" class='wp-image-272 avia-img-lazy-loading-not-272 avia_image ' src=\"https:\/\/www.tuicamper.com\/wp-docker\/wp-content\/uploads\/2019\/03\/reisetipps-italien-teaser.jpg\" alt='Reisetipps Italien' title='Reisetipps Italien'  height=\"200\" width=\"350\"  itemprop=\"thumbnailUrl\" srcset=\"https:\/\/www.tuicamper.com\/wp-docker\/wp-content\/uploads\/2019\/03\/reisetipps-italien-teaser.jpg 350w, https:\/\/www.tuicamper.com\/wp-docker\/wp-content\/uploads\/2019\/03\/reisetipps-italien-teaser-300x171.jpg 300w\" sizes=\"(max-width: 350px) 100vw, 350px\" \/><\/a><\/div><\/div><\/div><br \/>\n<section  class='av_textblock_section av-jt75lbqb-bba29013bb6610b0762c56b6a5ae7819 '   itemscope=\"itemscope\" itemtype=\"https:\/\/schema.org\/BlogPosting\" itemprop=\"blogPost\" ><div class='avia_textblock'  itemprop=\"text\" ><p style=\"text-align: left;\"><strong><a href=\"https:\/\/www.tuicamper.com\/magazin\/reisetipps-italien\/\">Reisetipps Italien: Das sollten Sie wissen f\u00fcr Ihren Camper-Urlaub<\/a><\/strong><\/p>\n<\/div><\/section><\/p><\/div>\n\n<style type=\"text\/css\" data-created_by=\"avia_inline_auto\" id=\"style-css-av-7tzf5-0c74ac4f5c6d3099336654f757cbc09f\">\n.flex_column.av-7tzf5-0c74ac4f5c6d3099336654f757cbc09f{\nborder-radius:0px 0px 0px 0px;\npadding:0px 0px 0px 0px;\n}\n<\/style>\n<div  class='flex_column av-7tzf5-0c74ac4f5c6d3099336654f757cbc09f av_one_third flex_column_div av-zero-column-padding  '     ><p>\n<style type=\"text\/css\" data-created_by=\"avia_inline_auto\" id=\"style-css-av-jt75ko0n-5bf7779a702e9c0e83d3aafeb3e2677f\">\n.avia-image-container.av-jt75ko0n-5bf7779a702e9c0e83d3aafeb3e2677f img.avia_image{\nbox-shadow:none;\n}\n.avia-image-container.av-jt75ko0n-5bf7779a702e9c0e83d3aafeb3e2677f .av-image-caption-overlay-center{\ncolor:#ffffff;\n}\n<\/style>\n<div  class='avia-image-container av-jt75ko0n-5bf7779a702e9c0e83d3aafeb3e2677f av-styling-no-styling av-hover-grow av-hide-overflow av-img-linked avia_animated_image av-animated-when-visible-95 fade-in avia-align-left'   itemprop=\"image\" itemscope=\"itemscope\" itemtype=\"https:\/\/schema.org\/ImageObject\" ><div class=\"avia-image-container-inner\"><div class=\"avia-image-overlay-wrap\"><a href=\"https:\/\/www.tuicamper.com\/magazin\/wohnmobil-provence\/\" class='avia_image '  aria-label='Wohnmobil Provence'><img decoding=\"async\" fetchpriority=\"high\" class='wp-image-280 avia-img-lazy-loading-not-280 avia_image ' src=\"https:\/\/www.tuicamper.com\/wp-docker\/wp-content\/uploads\/2019\/03\/wohnmobil-provence-teaser.jpg\" alt='Wohnmobil Provence' title='Wohnmobil Provence'  height=\"200\" width=\"350\"  itemprop=\"thumbnailUrl\" srcset=\"https:\/\/www.tuicamper.com\/wp-docker\/wp-content\/uploads\/2019\/03\/wohnmobil-provence-teaser.jpg 350w, https:\/\/www.tuicamper.com\/wp-docker\/wp-content\/uploads\/2019\/03\/wohnmobil-provence-teaser-300x171.jpg 300w\" sizes=\"(max-width: 350px) 100vw, 350px\" \/><\/a><\/div><\/div><\/div><br \/>\n<section  class='av_textblock_section av-jt75lbqb-bba29013bb6610b0762c56b6a5ae7819 '   itemscope=\"itemscope\" itemtype=\"https:\/\/schema.org\/BlogPosting\" itemprop=\"blogPost\" ><div class='avia_textblock'  itemprop=\"text\" ><p style=\"text-align: left;\"><a href=\"https:\/\/www.tuicamper.com\/magazin\/wohnmobil-provence\/\"><strong>Mit dem Wohnmobil in die Provence und an die C\u00f4te d&#8217;Azur <\/strong><\/a><\/p>\n<\/div><\/section><\/p><\/div>\n            <div style=\"clear: both;\"><\/div>\r\n            <\/div>\r\n<\/div>\r\n\n<\/div><\/section>\n<\/div><\/div><\/div><!-- close content main div --><\/div><\/div><div id='av_section_5'  class='avia-section av-b7gvl-24-d2573b891c7b85750203cbf1c31853e8 main_color avia-section-default avia-no-border-styling  avia-builder-el-10  el_after_av_textblock  el_before_av_section  reduced-content avia-bg-style-scroll container_wrap sidebar_right'  ><div class='container av-section-cont-open' ><div class='template-page content  av-content-small alpha units'><div class='post-entry post-entry-type-page post-entry-241'><div class='entry-content-wrapper clearfix'>\n<section  class='av_textblock_section av-jtoi26pj-23-1e6c9d8c507567e4c4f8332179219ed2 '   itemscope=\"itemscope\" itemtype=\"https:\/\/schema.org\/BlogPosting\" itemprop=\"blogPost\" ><div class='avia_textblock'  itemprop=\"text\" ><h2>5 Istrien-Sehensw\u00fcrdigkeiten, die Sie nicht verpassen sollten<\/h2>\n<p>Von traumhaften Altst\u00e4dten inklusive UNESCO-Welterbest\u00e4tten \u00fcber wei\u00dfe Sandstr\u00e4nde bis hin zu einem fjord\u00e4hnlichen Kanal: Istrien geizt nicht mit Sehensw\u00fcrdigkeiten. Wir stellen f\u00fcnf Highlights der Region vor, die Sie im Camper-Urlaub nicht verpassen sollten.<\/p>\n<\/div><\/section>\n\n<\/div><\/div><\/div><!-- close content main div --><\/div><\/div><div id='av_section_6'  class='avia-section av-b7gvl-22-1f904ded0aa8675f14a93f6d65599c5f main_color avia-section-default avia-no-border-styling  avia-builder-el-12  el_after_av_section  el_before_av_section  reduced-content avia-bg-style-scroll container_wrap sidebar_right'  ><div class='container av-section-cont-open' ><div class='template-page content  av-content-small alpha units'><div class='post-entry post-entry-type-page post-entry-241'><div class='entry-content-wrapper clearfix'>\n<section  class='av_textblock_section av-jtoi26pj-21-15cc2429fe7e9e05c71806677a646626 '   itemscope=\"itemscope\" itemtype=\"https:\/\/schema.org\/BlogPosting\" itemprop=\"blogPost\" ><div class='avia_textblock'  itemprop=\"text\" ><h3>1.) Pore\u010d: facettenreiche Stadt zwischen Weltkulturerbe und Badespa\u00df<\/h3>\n<p>Wer von Slowenien kommend mit dem Wohnmobil anreist, erreicht etwa 25 Kilometer nach der Grenz\u00fcberquerung zu Kroatien die Stadt Pore\u010d \u2013 eine der Perlen Istriens schlechthin. Kaum einen Besucher kann die Stadt nicht zufriedenstellen.<\/p>\n<ul>\n<li>Besuchen Sie die ber\u00fchmte Euphrasius-Basilika, die bereits 1997 von der UNESCO zum Weltkulturerbe erkl\u00e4rt worden ist.<\/li>\n<li>Erkunden Sie die verwinkelten G\u00e4sschen der sich um die Basilika ausbreitenden Altstadt und genie\u00dfen Sie eine kleine St\u00e4rkung in einem der vielen Caf\u00e9s.<\/li>\n<li>Sammeln Sie Kraft f\u00fcr die anstehende Camper-Tour und entspannen Sie einen Tag lang an einem der traumhaften Pore\u010der Str\u00e4nde.<\/li>\n<\/ul>\n<p><strong>Praktisch<\/strong>: Campingpl\u00e4tze gibt es vor Ort gleich mehrere. Empfehlenswert ist etwa der gut ausgestattete Platz <a href=\"https:\/\/www.istracamping.com\/en\/camping\/bijela-uvala\" target=\"_blank\" rel=\"nofollow noopener\">Camping Bijela Uvala<\/a>, der sogar mit einem eigenen Strand aufwartet.<\/p>\n<\/div><\/section>\n\n<\/div><\/div><\/div><!-- close content main div --><\/div><\/div><div id='av_section_7'  class='avia-section av-b7gvl-20-cf2a2b14c452456f2b8d93580b2ccc32 main_color avia-section-default avia-no-border-styling  avia-builder-el-14  el_after_av_section  el_before_av_section  reduced-content avia-bg-style-scroll container_wrap sidebar_right'  ><div class='container av-section-cont-open' ><div class='template-page content  av-content-small alpha units'><div class='post-entry post-entry-type-page post-entry-241'><div class='entry-content-wrapper clearfix'>\n\n<style type=\"text\/css\" data-created_by=\"avia_inline_auto\" id=\"style-css-av-jtplvt5k-01f9f7b8fc893dcd45855e285b8965f5\">\n.avia-image-container.av-jtplvt5k-01f9f7b8fc893dcd45855e285b8965f5 img.avia_image{\nbox-shadow:none;\n}\n.avia-image-container.av-jtplvt5k-01f9f7b8fc893dcd45855e285b8965f5 .av-caption-image-overlay-bg{\nopacity:0.4;\nbackground-color:#000000;\n}\n.avia-image-container.av-jtplvt5k-01f9f7b8fc893dcd45855e285b8965f5 .av-image-caption-overlay-center{\ncolor:#ffffff;\n}\n<\/style>\n<div  class='avia-image-container av-jtplvt5k-01f9f7b8fc893dcd45855e285b8965f5 av-styling- av-img-linked avia_animated_image av-animated-when-visible-95 fade-in avia-align-center  avia-builder-el-15  avia-builder-el-no-sibling  noHover av-overlay-on-hover'   itemprop=\"image\" itemscope=\"itemscope\" itemtype=\"https:\/\/schema.org\/ImageObject\" ><div class=\"avia-image-container-inner\"><div class=\"avia-image-overlay-wrap\"><a href=\"https:\/\/www.tuicamper.com\/wp-docker\/wp-content\/uploads\/2019\/03\/istrien-content-1.jpg\" data-srcset=\"https:\/\/www.tuicamper.com\/wp-docker\/wp-content\/uploads\/2019\/03\/istrien-content-1.jpg 920w, https:\/\/www.tuicamper.com\/wp-docker\/wp-content\/uploads\/2019\/03\/istrien-content-1-300x163.jpg 300w, https:\/\/www.tuicamper.com\/wp-docker\/wp-content\/uploads\/2019\/03\/istrien-content-1-768x417.jpg 768w, https:\/\/www.tuicamper.com\/wp-docker\/wp-content\/uploads\/2019\/03\/istrien-content-1-705x383.jpg 705w, https:\/\/www.tuicamper.com\/wp-docker\/wp-content\/uploads\/2019\/03\/istrien-content-1-450x245.jpg 450w\" data-sizes=\"(max-width: 920px) 100vw, 920px\" class='avia_image '  aria-label='K\u00fcste von Pore\u010d im Abendlicht'><div class=\"av-image-caption-overlay\"><div class=\"av-caption-image-overlay-bg\"><\/div><div class=\"av-image-caption-overlay-position\"><div class=\"av-image-caption-overlay-center\"><p>K\u00fcste von Pore\u010d im Abendlicht<\/p>\n<\/div><\/div><\/div><img decoding=\"async\" fetchpriority=\"high\" class='wp-image-273 avia-img-lazy-loading-not-273 avia_image ' src=\"https:\/\/www.tuicamper.com\/wp-docker\/wp-content\/uploads\/2019\/03\/istrien-content-1.jpg\" alt='K\u00fcste von Pore\u010d im Abendlicht' title='K\u00fcste von Pore\u010d im Abendlicht'  height=\"500\" width=\"920\"  itemprop=\"thumbnailUrl\" srcset=\"https:\/\/www.tuicamper.com\/wp-docker\/wp-content\/uploads\/2019\/03\/istrien-content-1.jpg 920w, https:\/\/www.tuicamper.com\/wp-docker\/wp-content\/uploads\/2019\/03\/istrien-content-1-300x163.jpg 300w, https:\/\/www.tuicamper.com\/wp-docker\/wp-content\/uploads\/2019\/03\/istrien-content-1-768x417.jpg 768w, https:\/\/www.tuicamper.com\/wp-docker\/wp-content\/uploads\/2019\/03\/istrien-content-1-705x383.jpg 705w, https:\/\/www.tuicamper.com\/wp-docker\/wp-content\/uploads\/2019\/03\/istrien-content-1-450x245.jpg 450w\" sizes=\"(max-width: 920px) 100vw, 920px\" \/><\/a><\/div><\/div><\/div>\n\n<\/div><\/div><\/div><!-- close content main div --><\/div><\/div><div id='av_section_8'  class='avia-section av-b7gvl-18-76d8c827889a0c10fbc058375172f635 main_color avia-section-default avia-no-border-styling  avia-builder-el-16  el_after_av_section  el_before_av_section  reduced-content avia-bg-style-scroll container_wrap sidebar_right'  ><div class='container av-section-cont-open' ><div class='template-page content  av-content-small alpha units'><div class='post-entry post-entry-type-page post-entry-241'><div class='entry-content-wrapper clearfix'>\n<section  class='av_textblock_section av-jtoi26pj-19-6ac940647e763777ef07aeca28c5dfe1 '   itemscope=\"itemscope\" itemtype=\"https:\/\/schema.org\/BlogPosting\" itemprop=\"blogPost\" ><div class='avia_textblock'  itemprop=\"text\" ><h3>2.) Der Limski Kanal: atemberaubende Natursch\u00f6nheiten und die wohl besten Muscheln Kroatiens<\/h3>\n<p>\u00dcber eine L\u00e4nge von 11 Kilometern erstreckt sich zwischen Vrsar und Rovinj der Limski Kanal \u2013 und mit ihm eines der sch\u00f6nsten Naturschutzgebiete ganz Kroatiens. Die \u00fcppigen W\u00e4lder rund um den \u2013 geologisch falsch, optisch aber durchaus treffender \u2013 manchmal auch als Fjord bezeichneten Kanal, reichen bis an das Ufer heran. Gerade von h\u00f6heren Lagen aus genie\u00dfen Sie am Limski Kanal ein beeindruckendes Panorama. Aber auch eine Bootsfahrt entlang des Kanals lohnt. Im Rahmen der von vielen der nahegelegenen K\u00fcstenorte aus angeboten Fahrt k\u00f6nnen Sie mit etwas Gl\u00fcck sogar Delfine beobachten.<\/p>\n<p><strong>Tipp<\/strong>: In Folge der hohen Sauerstoffkonzentration und des niedrigen Salzgehalts werden an vielen Teilen des Ufers Muscheln gez\u00fcchtet, die zu den wohlschmeckendsten Kroatiens z\u00e4hlen sollen. Probieren k\u00f6nnen Sie die Meeresfr\u00fcchte in einem der zahlreichen Uferrestaurants am Ende des Kanals.<\/p>\n<\/div><\/section>\n\n<\/div><\/div><\/div><!-- close content main div --><\/div><\/div><div id='av_section_9'  class='avia-section av-b7gvl-16-37cc237ba68afb61b08a162758abb06c main_color avia-section-default avia-no-border-styling  avia-builder-el-18  el_after_av_section  el_before_av_section  reduced-content avia-bg-style-scroll container_wrap sidebar_right'  ><div class='container av-section-cont-open' ><div class='template-page content  av-content-small alpha units'><div class='post-entry post-entry-type-page post-entry-241'><div class='entry-content-wrapper clearfix'>\n\n<style type=\"text\/css\" data-created_by=\"avia_inline_auto\" id=\"style-css-av-jtplvt5k-17-3e10f3266eb161e6d6b0c0c5c3731df8\">\n.avia-image-container.av-jtplvt5k-17-3e10f3266eb161e6d6b0c0c5c3731df8 img.avia_image{\nbox-shadow:none;\n}\n.avia-image-container.av-jtplvt5k-17-3e10f3266eb161e6d6b0c0c5c3731df8 .av-caption-image-overlay-bg{\nopacity:0.4;\nbackground-color:#000000;\n}\n.avia-image-container.av-jtplvt5k-17-3e10f3266eb161e6d6b0c0c5c3731df8 .av-image-caption-overlay-center{\ncolor:#ffffff;\n}\n<\/style>\n<div  class='avia-image-container av-jtplvt5k-17-3e10f3266eb161e6d6b0c0c5c3731df8 av-styling- av-img-linked avia_animated_image av-animated-when-visible-95 fade-in avia-align-center  avia-builder-el-19  avia-builder-el-no-sibling  noHover av-overlay-on-hover'   itemprop=\"image\" itemscope=\"itemscope\" itemtype=\"https:\/\/schema.org\/ImageObject\" ><div class=\"avia-image-container-inner\"><div class=\"avia-image-overlay-wrap\"><a href=\"https:\/\/www.tuicamper.com\/wp-docker\/wp-content\/uploads\/2019\/03\/istrien-content-2.jpg\" data-srcset=\"https:\/\/www.tuicamper.com\/wp-docker\/wp-content\/uploads\/2019\/03\/istrien-content-2.jpg 920w, https:\/\/www.tuicamper.com\/wp-docker\/wp-content\/uploads\/2019\/03\/istrien-content-2-300x163.jpg 300w, https:\/\/www.tuicamper.com\/wp-docker\/wp-content\/uploads\/2019\/03\/istrien-content-2-768x417.jpg 768w, https:\/\/www.tuicamper.com\/wp-docker\/wp-content\/uploads\/2019\/03\/istrien-content-2-705x383.jpg 705w, https:\/\/www.tuicamper.com\/wp-docker\/wp-content\/uploads\/2019\/03\/istrien-content-2-450x245.jpg 450w\" data-sizes=\"(max-width: 920px) 100vw, 920px\" class='avia_image '  aria-label='Blick in den Limski-Kanal'><div class=\"av-image-caption-overlay\"><div class=\"av-caption-image-overlay-bg\"><\/div><div class=\"av-image-caption-overlay-position\"><div class=\"av-image-caption-overlay-center\"><p>Blick in den Limski-Kanal<\/p>\n<\/div><\/div><\/div><img decoding=\"async\" fetchpriority=\"high\" class='wp-image-274 avia-img-lazy-loading-not-274 avia_image ' src=\"https:\/\/www.tuicamper.com\/wp-docker\/wp-content\/uploads\/2019\/03\/istrien-content-2.jpg\" alt='Blick in den Limski-Kanal' title='Blick in den Limski-Kanal'  height=\"500\" width=\"920\"  itemprop=\"thumbnailUrl\" srcset=\"https:\/\/www.tuicamper.com\/wp-docker\/wp-content\/uploads\/2019\/03\/istrien-content-2.jpg 920w, https:\/\/www.tuicamper.com\/wp-docker\/wp-content\/uploads\/2019\/03\/istrien-content-2-300x163.jpg 300w, https:\/\/www.tuicamper.com\/wp-docker\/wp-content\/uploads\/2019\/03\/istrien-content-2-768x417.jpg 768w, https:\/\/www.tuicamper.com\/wp-docker\/wp-content\/uploads\/2019\/03\/istrien-content-2-705x383.jpg 705w, https:\/\/www.tuicamper.com\/wp-docker\/wp-content\/uploads\/2019\/03\/istrien-content-2-450x245.jpg 450w\" sizes=\"(max-width: 920px) 100vw, 920px\" \/><\/a><\/div><\/div><\/div>\n\n<\/div><\/div><\/div><!-- close content main div --><\/div><\/div><div id='av_section_10'  class='avia-section av-b7gvl-14-c2f08828f78ad6328b16b559bb4c71ad main_color avia-section-default avia-no-border-styling  avia-builder-el-20  el_after_av_section  el_before_av_section  reduced-content avia-bg-style-scroll container_wrap sidebar_right'  ><div class='container av-section-cont-open' ><div class='template-page content  av-content-small alpha units'><div class='post-entry post-entry-type-page post-entry-241'><div class='entry-content-wrapper clearfix'>\n<section  class='av_textblock_section av-jtoi26pj-15-2a88b183af32e6c6dc52631533839a1f '   itemscope=\"itemscope\" itemtype=\"https:\/\/schema.org\/BlogPosting\" itemprop=\"blogPost\" ><div class='avia_textblock'  itemprop=\"text\" ><h3>3.) Rovinj: ein Besuch in der sch\u00f6nsten Altstadt Istriens<\/h3>\n<p>Die Altstadt Rovinjs gilt vielen Kennern als sch\u00f6nste Istriens. Auf einer kreisrunden Halbinsel gelegen, hebt sich die Altstadt mit ihrer charakteristischen Kirche im Zentrum auf beeindruckende Weise vom Rest der Stadt ab. Ein Bummel durch die G\u00e4sschen mit ihren Caf\u00e9s, Antiquit\u00e4tenl\u00e4den und kleinen Tavernen ist ein absolutes Muss. Mit dem Vier-Sterne-Platz\u00a0<a href=\"https:\/\/www.maistra.com\/properties\/campsite-amarin\" target=\"_blank\" rel=\"noopener\">Camping Amarin<\/a> bietet Rovinj einen exzellenten Campingplatz \u2013 inklusive freiem Blick auf die Altstadt.<\/p>\n<p><strong>Tipp<\/strong>: Es lohnt sich, die Anh\u00f6he zur Kirche Santa Eufemia zu besteigen. Hier, vom h\u00f6chsten Punkt Rovinjs aus, hat man einen sagenhaft guten Blick auf die umliegenden kleinen Inseln.<\/p>\n<\/div><\/section>\n<\/div><\/div><\/div><!-- close content main div --><\/div><\/div><div id='av_section_11'  class='avia-section av-b7gvl-12-1428f8d61cf894cdabad1f154a4bb7fc main_color avia-section-default avia-no-border-styling  avia-builder-el-22  el_after_av_section  el_before_av_section  reduced-content avia-bg-style-scroll container_wrap sidebar_right'  ><div class='container av-section-cont-open' ><div class='template-page content  av-content-small alpha units'><div class='post-entry post-entry-type-page post-entry-241'><div class='entry-content-wrapper clearfix'>\n\n<style type=\"text\/css\" data-created_by=\"avia_inline_auto\" id=\"style-css-av-jtplvt5k-13-475ff80380c82d48abfb335d3a730fc5\">\n.avia-image-container.av-jtplvt5k-13-475ff80380c82d48abfb335d3a730fc5 img.avia_image{\nbox-shadow:none;\n}\n.avia-image-container.av-jtplvt5k-13-475ff80380c82d48abfb335d3a730fc5 .av-caption-image-overlay-bg{\nopacity:0.4;\nbackground-color:#000000;\n}\n.avia-image-container.av-jtplvt5k-13-475ff80380c82d48abfb335d3a730fc5 .av-image-caption-overlay-center{\ncolor:#ffffff;\n}\n<\/style>\n<div  class='avia-image-container av-jtplvt5k-13-475ff80380c82d48abfb335d3a730fc5 av-styling- av-img-linked avia_animated_image av-animated-when-visible-95 fade-in avia-align-center  avia-builder-el-23  avia-builder-el-no-sibling  noHover av-overlay-on-hover'   itemprop=\"image\" itemscope=\"itemscope\" itemtype=\"https:\/\/schema.org\/ImageObject\" ><div class=\"avia-image-container-inner\"><div class=\"avia-image-overlay-wrap\"><a href=\"https:\/\/www.tuicamper.com\/wp-docker\/wp-content\/uploads\/2019\/03\/istrien-content-3.jpg\" data-srcset=\"https:\/\/www.tuicamper.com\/wp-docker\/wp-content\/uploads\/2019\/03\/istrien-content-3.jpg 920w, https:\/\/www.tuicamper.com\/wp-docker\/wp-content\/uploads\/2019\/03\/istrien-content-3-300x163.jpg 300w, https:\/\/www.tuicamper.com\/wp-docker\/wp-content\/uploads\/2019\/03\/istrien-content-3-768x417.jpg 768w, https:\/\/www.tuicamper.com\/wp-docker\/wp-content\/uploads\/2019\/03\/istrien-content-3-705x383.jpg 705w, https:\/\/www.tuicamper.com\/wp-docker\/wp-content\/uploads\/2019\/03\/istrien-content-3-450x245.jpg 450w\" data-sizes=\"(max-width: 920px) 100vw, 920px\" class='avia_image '  aria-label='Der Hafen von Rovinj'><div class=\"av-image-caption-overlay\"><div class=\"av-caption-image-overlay-bg\"><\/div><div class=\"av-image-caption-overlay-position\"><div class=\"av-image-caption-overlay-center\"><p>Der Hafen von Rovinj<\/p>\n<\/div><\/div><\/div><img decoding=\"async\" fetchpriority=\"high\" class='wp-image-277 avia-img-lazy-loading-not-277 avia_image ' src=\"https:\/\/www.tuicamper.com\/wp-docker\/wp-content\/uploads\/2019\/03\/istrien-content-3.jpg\" alt='Der Hafen von Rovinj' title='Der Hafen von Rovinj'  height=\"500\" width=\"920\"  itemprop=\"thumbnailUrl\" srcset=\"https:\/\/www.tuicamper.com\/wp-docker\/wp-content\/uploads\/2019\/03\/istrien-content-3.jpg 920w, https:\/\/www.tuicamper.com\/wp-docker\/wp-content\/uploads\/2019\/03\/istrien-content-3-300x163.jpg 300w, https:\/\/www.tuicamper.com\/wp-docker\/wp-content\/uploads\/2019\/03\/istrien-content-3-768x417.jpg 768w, https:\/\/www.tuicamper.com\/wp-docker\/wp-content\/uploads\/2019\/03\/istrien-content-3-705x383.jpg 705w, https:\/\/www.tuicamper.com\/wp-docker\/wp-content\/uploads\/2019\/03\/istrien-content-3-450x245.jpg 450w\" sizes=\"(max-width: 920px) 100vw, 920px\" \/><\/a><\/div><\/div><\/div>\n<\/p>\n<\/div><\/div><\/div><!-- close content main div --><\/div><\/div><div id='av_section_12'  class='avia-section av-b7gvl-10-e6a6f1868ccaec0e4c10e1b54d8916f6 main_color avia-section-default avia-no-border-styling  avia-builder-el-24  el_after_av_section  el_before_av_section  reduced-content avia-bg-style-scroll container_wrap sidebar_right'  ><div class='container av-section-cont-open' ><div class='template-page content  av-content-small alpha units'><div class='post-entry post-entry-type-page post-entry-241'><div class='entry-content-wrapper clearfix'>\n<section  class='av_textblock_section av-jtoi26pj-11-53247215df1f864d8110c6a4c8a0a565 '   itemscope=\"itemscope\" itemtype=\"https:\/\/schema.org\/BlogPosting\" itemprop=\"blogPost\" ><div class='avia_textblock'  itemprop=\"text\" ><h3>4.) Das Amphitheater von Pula: Zeugnis einer langen Geschichte<\/h3>\n<p>Pula, Istriens gr\u00f6\u00dfte Stadt, schl\u00e4gt Besucher mit ihrer allseits sichtbaren 7.000-j\u00e4hrigen Geschichte sofort in den Bann. Kirchen, Tempel, Stadtmauer und ein Triumphbogen zeugen noch heute von l\u00e4ngst vergangenen Zeiten. Wahrzeichen der Stadt und eines der absoluten Highlights Istriens ist allerdings das Amphitheater von Pula. Das unter Kaiser Augustus entstandene, sehr gut erhaltene Bauwerk erreicht eine H\u00f6he von \u00fcber 32 Metern und bot einst Platz f\u00fcr mehr als 26.000 Menschen. Die antike Sehensw\u00fcrdigkeit gilt als eines der gr\u00f6\u00dften r\u00f6mischen Amphitheater \u00fcberhaupt.<\/p>\n<p><strong>Tipp<\/strong>: Als Ausgangspunkt f\u00fcr eine Erkundung Pulas ist der Campingplatz\u00a0<a href=\"https:\/\/www.arenacampsites.com\/de\/campingplatze-istrien\/camping-arena-stoja\" target=\"_blank\" rel=\"noopener\">Arena Stoja<\/a>\u00a0geradezu pr\u00e4destiniert. Neben einer guten Lage punktet der Platz mit einer umfangreichen Ausstattung und einem eigenen Sandstrand<\/p>\n<\/div><\/section>\n<\/div><\/div><\/div><!-- close content main div --><\/div><\/div><div id='av_section_13'  class='avia-section av-b7gvl-8-4674bce8dfa3993c02e77597b5587bb4 main_color avia-section-default avia-no-border-styling  avia-builder-el-26  el_after_av_section  el_before_av_section  reduced-content avia-bg-style-scroll container_wrap sidebar_right'  ><div class='container av-section-cont-open' ><div class='template-page content  av-content-small alpha units'><div class='post-entry post-entry-type-page post-entry-241'><div class='entry-content-wrapper clearfix'>\n\n<style type=\"text\/css\" data-created_by=\"avia_inline_auto\" id=\"style-css-av-jtplvt5k-9-aeb123b4e5d32329c9ce00410b6fcef3\">\n.avia-image-container.av-jtplvt5k-9-aeb123b4e5d32329c9ce00410b6fcef3 img.avia_image{\nbox-shadow:none;\n}\n.avia-image-container.av-jtplvt5k-9-aeb123b4e5d32329c9ce00410b6fcef3 .av-caption-image-overlay-bg{\nopacity:0.4;\nbackground-color:#000000;\n}\n.avia-image-container.av-jtplvt5k-9-aeb123b4e5d32329c9ce00410b6fcef3 .av-image-caption-overlay-center{\ncolor:#ffffff;\n}\n<\/style>\n<div  class='avia-image-container av-jtplvt5k-9-aeb123b4e5d32329c9ce00410b6fcef3 av-styling- av-img-linked avia_animated_image av-animated-when-visible-95 fade-in avia-align-center  avia-builder-el-27  avia-builder-el-no-sibling  noHover av-overlay-on-hover'   itemprop=\"image\" itemscope=\"itemscope\" itemtype=\"https:\/\/schema.org\/ImageObject\" ><div class=\"avia-image-container-inner\"><div class=\"avia-image-overlay-wrap\"><a href=\"https:\/\/www.tuicamper.com\/wp-docker\/wp-content\/uploads\/2019\/03\/istrien-content-4.jpg\" data-srcset=\"https:\/\/www.tuicamper.com\/wp-docker\/wp-content\/uploads\/2019\/03\/istrien-content-4.jpg 920w, https:\/\/www.tuicamper.com\/wp-docker\/wp-content\/uploads\/2019\/03\/istrien-content-4-300x98.jpg 300w, https:\/\/www.tuicamper.com\/wp-docker\/wp-content\/uploads\/2019\/03\/istrien-content-4-768x250.jpg 768w, https:\/\/www.tuicamper.com\/wp-docker\/wp-content\/uploads\/2019\/03\/istrien-content-4-705x230.jpg 705w, https:\/\/www.tuicamper.com\/wp-docker\/wp-content\/uploads\/2019\/03\/istrien-content-4-450x147.jpg 450w\" data-sizes=\"(max-width: 920px) 100vw, 920px\" class='avia_image '  aria-label='Das Amphitheater von Pula'><div class=\"av-image-caption-overlay\"><div class=\"av-caption-image-overlay-bg\"><\/div><div class=\"av-image-caption-overlay-position\"><div class=\"av-image-caption-overlay-center\"><p>Das Amphitheater von Pula<\/p>\n<\/div><\/div><\/div><img decoding=\"async\" fetchpriority=\"high\" class='wp-image-278 avia-img-lazy-loading-not-278 avia_image ' src=\"https:\/\/www.tuicamper.com\/wp-docker\/wp-content\/uploads\/2019\/03\/istrien-content-4.jpg\" alt='Das Amphitheater von Pula' title='Das Amphitheater von Pula'  height=\"300\" width=\"920\"  itemprop=\"thumbnailUrl\" srcset=\"https:\/\/www.tuicamper.com\/wp-docker\/wp-content\/uploads\/2019\/03\/istrien-content-4.jpg 920w, https:\/\/www.tuicamper.com\/wp-docker\/wp-content\/uploads\/2019\/03\/istrien-content-4-300x98.jpg 300w, https:\/\/www.tuicamper.com\/wp-docker\/wp-content\/uploads\/2019\/03\/istrien-content-4-768x250.jpg 768w, https:\/\/www.tuicamper.com\/wp-docker\/wp-content\/uploads\/2019\/03\/istrien-content-4-705x230.jpg 705w, https:\/\/www.tuicamper.com\/wp-docker\/wp-content\/uploads\/2019\/03\/istrien-content-4-450x147.jpg 450w\" sizes=\"(max-width: 920px) 100vw, 920px\" \/><\/a><\/div><\/div><\/div>\n<\/p>\n<\/div><\/div><\/div><!-- close content main div --><\/div><\/div><div id='av_section_14'  class='avia-section av-b7gvl-6-5f28fb062f32834afb66813839d4a29d main_color avia-section-default avia-no-border-styling  avia-builder-el-28  el_after_av_section  el_before_av_section  reduced-content avia-bg-style-scroll container_wrap sidebar_right'  ><div class='container av-section-cont-open' ><div class='template-page content  av-content-small alpha units'><div class='post-entry post-entry-type-page post-entry-241'><div class='entry-content-wrapper clearfix'>\n<section  class='av_textblock_section av-jtoi26pj-7-267709cd1159fac2cda0d4b2cb7d3138 '   itemscope=\"itemscope\" itemtype=\"https:\/\/schema.org\/BlogPosting\" itemprop=\"blogPost\" ><div class='avia_textblock'  itemprop=\"text\" ><h3>5.) Buzet: traumhaftes Panorama und Edelpilze<\/h3>\n<p>Sehenswert ist nicht nur die istrische K\u00fcstenregion, sondern auch das Landesinnere. Bestes Beispiel: Buzet. Die kleine Stadt liegt im h\u00fcgelig bis bergigen Norden Istriens und ist umgeben von ausgedehnten W\u00e4ldern und kleinen Bergd\u00f6rfern. Entsprechend spektakul\u00e4r f\u00e4llt auch der Panoramablick von der Altstadt Buzets aus. Eines der Highlights rund um Buzet verbirgt sich allerdings in den dichten W\u00e4ldern der Region. Genauer gesagt unter der Erde. So ist die Region ber\u00fchmt f\u00fcr ihre Tr\u00fcffel, die weltweit exportiert werden. Vor Ort finden Sie zahlreiche Tr\u00fcffelh\u00e4ndler mit ihren Hunden, die Ihnen gerne Einblick in die spannende Tr\u00fcffeljagd geben. Kosten k\u00f6nnen Sie die teure Spezialit\u00e4t in vielen Restaurants der Stadt.<\/p>\n<p><strong>Tipp<\/strong>: Von Buzet aus lohnt sich ein Abstecher ins nahe gelegene Hum. Mit ihren 30 Einwohnern gilt das mittelalterlich gepr\u00e4gte Hum als kleinste Stadt der Welt, geizt aber nicht mit Sehensw\u00fcrdigkeiten.<\/p>\n<\/div><\/section>\n\n<\/div><\/div><\/div><!-- close content main div --><\/div><\/div><div id='av_section_15'  class='avia-section av-b7gvl-5-ccbc8a2053c46285cf890f9f5a8eab34 main_color avia-section-default avia-no-border-styling  avia-builder-el-30  el_after_av_section  el_before_av_section  reduced-content avia-bg-style-scroll container_wrap sidebar_right'  ><div class='container av-section-cont-open' ><div class='template-page content  av-content-small alpha units'><div class='post-entry post-entry-type-page post-entry-241'><div class='entry-content-wrapper clearfix'>\n<section  class='av_textblock_section av-jtoi26pj-4-b8913883e9cda69e575dce80ef44886e '   itemscope=\"itemscope\" itemtype=\"https:\/\/schema.org\/BlogPosting\" itemprop=\"blogPost\" ><div class='avia_textblock'  itemprop=\"text\" ><h2>Istrien \u2013 das Radfahr-Eldorado<\/h2>\n<p>Wenn Sie mit dem Wohnmobil Istrien bereisen, sollten Sie auf eines nicht verzichten: das Ausleihen oder die Mitnahme von Fahrr\u00e4dern. Warum? Istrien ist ganz klar ein wahres Paradies f\u00fcr Radfahrer. Gut 2.000 Kilometer Radwege schl\u00e4ngeln sich durch Istrien. Sie f\u00fchren durch pulsierende K\u00fcstenst\u00e4dtchen, urige D\u00f6rfer im Hinterland und idyllische Landschaften. Von nahezu \u00fcberall aus lohnt es, sich aufs Fahrrad zu schwingen und einen halben Tag lang die Region zu erkunden.<\/p>\n<\/div><\/section>\n<div  class='avia-button-wrap av-ju2eusip-d6a47bd874ca365075210952b86a7c2b-wrap avia-button-center  avia-builder-el-32  el_after_av_textblock  avia-builder-el-last '><a href='https:\/\/www.tuicamper.com\/reiseziele\/europa\/kroatien\/'  class='avia-button av-ju2eusip-d6a47bd874ca365075210952b86a7c2b av-link-btn avia-icon_select-yes-right-icon avia-size-large avia-position-center avia-color-theme-color'   aria-label=\"Jetzt Wohnmobil mieten in Kroatien\"><span class='avia_iconbox_title' >Jetzt Wohnmobil mieten in Kroatien<\/span><span class='avia_button_icon avia_button_icon_right avia-iconfont avia-font-entypo-fontello' data-av_icon='\ue875' data-av_iconfont='entypo-fontello' ><\/span><\/a><\/div>\n\n<\/div><\/div><\/div><!-- close content main div --><\/div><\/div><div id='av_section_16'  class='avia-section av-b7gvl-3-5ec49652f0433cf0a839ff35ed0e4fcd main_color avia-section-default avia-no-border-styling  avia-builder-el-33  el_after_av_section  avia-builder-el-last  reduced-content avia-bg-style-scroll container_wrap sidebar_right'  ><div class='container av-section-cont-open' ><div class='template-page content  av-content-small alpha units'><div class='post-entry post-entry-type-page post-entry-241'><div class='entry-content-wrapper clearfix'>\n\n<style type=\"text\/css\" data-created_by=\"avia_inline_auto\" id=\"style-css-av-jtoi26pj-2-6e2d2347c9f258c4722c4c1570ad2f98\">\n#top .av_textblock_section.av-jtoi26pj-2-6e2d2347c9f258c4722c4c1570ad2f98 .avia_textblock{\nfont-size:24px;\n}\n<\/style>\n<section  class='av_textblock_section av-jtoi26pj-2-6e2d2347c9f258c4722c4c1570ad2f98 '   itemscope=\"itemscope\" itemtype=\"https:\/\/schema.org\/BlogPosting\" itemprop=\"blogPost\" ><div class='avia_textblock'  itemprop=\"text\" ><p><strong>Ihr TUI CAMPER-Team w\u00fcnscht Ihnen eine facettenreiche Wohnmobil-Tour durch Istrien!<\/strong><\/p>\n<\/div><\/section>\n<div  class='av-social-sharing-box av-10zg8-8676a2d54b4a15bbf6c39a1c18f0815b av-social-sharing-box-default  avia-builder-el-35  el_after_av_textblock  avia-builder-el-last  av-social-sharing-box-fullwidth'><div class=\"av-share-box\"><ul class=\"av-share-box-list noLightbox\"><li class='av-share-link av-social-link-facebook avia_social_iconfont' ><a target=\"_blank\" aria-label=\"Teilen auf Facebook\" href='https:\/\/www.facebook.com\/sharer.php?u=https:\/\/www.tuicamper.com\/magazin\/mit-dem-wohnmobil-nach-istrien\/&#038;t=Mit%20dem%20Wohnmobil%20nach%20Istrien%3A%20Perle%20an%20der%20Adria' data-av_icon='\ue8f3' data-av_iconfont='entypo-fontello'  title='' data-avia-related-tooltip='Teilen auf Facebook'><span class='avia_hidden_link_text'>Teilen auf Facebook<\/span><\/a><\/li><li class='av-share-link av-social-link-twitter avia_social_iconfont' ><a target=\"_blank\" aria-label=\"Teilen auf X\" href='https:\/\/twitter.com\/share?text=Mit%20dem%20Wohnmobil%20nach%20Istrien%3A%20Perle%20an%20der%20Adria&#038;url=https:\/\/www.tuicamper.com\/magazin\/mit-dem-wohnmobil-nach-istrien\/' data-av_icon='\ue932' data-av_iconfont='entypo-fontello'  title='' data-avia-related-tooltip='Teilen auf X'><span class='avia_hidden_link_text'>Teilen auf X<\/span><\/a><\/li><li class='av-share-link av-social-link-whatsapp avia_social_iconfont' ><a target=\"_blank\" aria-label=\"Teilen auf WhatsApp\" href='https:\/\/api.whatsapp.com\/send?text=https:\/\/www.tuicamper.com\/magazin\/mit-dem-wohnmobil-nach-istrien\/' data-av_icon='\uf232' data-av_iconfont='entypo-fontello'  title='' data-avia-related-tooltip='Teilen auf WhatsApp'><span class='avia_hidden_link_text'>Teilen auf WhatsApp<\/span><\/a><\/li><li class='av-share-link av-social-link-pinterest avia_social_iconfont' ><a target=\"_blank\" aria-label=\"Teilen auf Pinterest\" href='https:\/\/pinterest.com\/pin\/create\/button\/?url=https%3A%2F%2Fwww.tuicamper.com%2Fmagazin%2Fmit-dem-wohnmobil-nach-istrien%2F&#038;description=Mit%20dem%20Wohnmobil%20nach%20Istrien%3A%20Perle%20an%20der%20Adria&#038;media=https%3A%2F%2Fwww.tuicamper.com%2Fwp-docker%2Fwp-content%2Fuploads%2F2019%2F03%2Fistrien-header-705x269.jpg' data-av_icon='\ue8f8' data-av_iconfont='entypo-fontello'  title='' data-avia-related-tooltip='Teilen auf Pinterest'><span class='avia_hidden_link_text'>Teilen auf Pinterest<\/span><\/a><\/li><li class='av-share-link av-social-link-mail avia_social_iconfont' ><a  aria-label=\"Per E-Mail teilen\" href='mailto:?subject=Mit%20dem%20Wohnmobil%20nach%20Istrien%3A%20Perle%20an%20der%20Adria&#038;body=https:\/\/www.tuicamper.com\/magazin\/mit-dem-wohnmobil-nach-istrien\/' data-av_icon='\ue805' data-av_iconfont='entypo-fontello'  title='' data-avia-related-tooltip='Per E-Mail teilen'><span class='avia_hidden_link_text'>Per E-Mail teilen<\/span><\/a><\/li><\/ul><\/div><\/div>\n<\/div><\/div><\/div><!-- close content main div --><\/div><\/div><div id='after_section_16'  class='main_color av_default_container_wrap container_wrap sidebar_right'  ><div class='container av-section-cont-open' ><div class='template-page content  av-content-small alpha units'><div class='post-entry post-entry-type-page post-entry-241'><div class='entry-content-wrapper clearfix'>\n","protected":false},"excerpt":{"rendered":"<p>Von den lebhaften K\u00fcstenst\u00e4dten zu den charmanten D\u00f6rfern des h\u00fcgeligen Hinterlands: Wir zeigen Ihnen, warum eine Istrien-Tour f\u00fcr Camper ein Erlebnis ist.<\/p>\n","protected":false},"author":3,"featured_media":262,"comment_status":"open","ping_status":"open","sticky":false,"template":"","format":"standard","meta":{"footnotes":""},"categories":[33],"tags":[55,53,50,19],"class_list":["post-241","post","type-post","status-publish","format-standard","has-post-thumbnail","hentry","category-reisethema","tag-kroatien","tag-kultur","tag-natur","tag-sommer"],"yoast_head":"<!-- This site is optimized with the Yoast SEO plugin v27.4 - https:\/\/yoast.com\/product\/yoast-seo-wordpress\/ -->\n<title>Mit dem Wohnmobil nach Istrien: Perle an der Adria - TUI Camper Magazin<\/title>\n<meta name=\"description\" content=\"Von den lebhaften K\u00fcstenst\u00e4dten zu den charmanten D\u00f6rfern des h\u00fcgeligen Hinterlands: Wir zeigen Ihnen, warum eine Istrien-Tour f\u00fcr Camper ein Erlebnis ist.\" \/>\n<meta name=\"robots\" content=\"index, follow, max-snippet:-1, max-image-preview:large, max-video-preview:-1\" \/>\n<link rel=\"canonical\" href=\"https:\/\/www.tuicamper.com\/magazin\/mit-dem-wohnmobil-nach-istrien\/\" \/>\n<meta property=\"og:locale\" content=\"de_DE\" \/>\n<meta property=\"og:type\" content=\"article\" \/>\n<meta property=\"og:title\" content=\"Mit dem Wohnmobil nach Istrien: Perle an der Adria - TUI Camper Magazin\" \/>\n<meta property=\"og:description\" content=\"Von den lebhaften K\u00fcstenst\u00e4dten zu den charmanten D\u00f6rfern des h\u00fcgeligen Hinterlands: Wir zeigen Ihnen, warum eine Istrien-Tour f\u00fcr Camper ein Erlebnis ist.\" \/>\n<meta property=\"og:url\" content=\"https:\/\/www.tuicamper.com\/magazin\/mit-dem-wohnmobil-nach-istrien\/\" \/>\n<meta property=\"og:site_name\" content=\"TUI Camper Magazin\" \/>\n<meta property=\"article:published_time\" content=\"2019-03-25T15:23:09+00:00\" \/>\n<meta property=\"article:modified_time\" content=\"2026-02-04T10:44:15+00:00\" \/>\n<meta property=\"og:image\" content=\"https:\/\/www.tuicamper.com\/wp-docker\/wp-content\/uploads\/2019\/03\/istrien-header.jpg\" \/>\n\t<meta property=\"og:image:width\" content=\"1310\" \/>\n\t<meta property=\"og:image:height\" content=\"500\" \/>\n\t<meta property=\"og:image:type\" content=\"image\/jpeg\" \/>\n<meta name=\"author\" content=\"S\u00f6ren Cortekar\" \/>\n<meta name=\"twitter:card\" content=\"summary_large_image\" \/>\n<meta name=\"twitter:label1\" content=\"Verfasst von\" \/>\n\t<meta name=\"twitter:data1\" content=\"S\u00f6ren Cortekar\" \/>\n\t<meta name=\"twitter:label2\" content=\"Gesch\u00e4tzte Lesezeit\" \/>\n\t<meta name=\"twitter:data2\" content=\"8\u00a0Minuten\" \/>\n<!-- \/ Yoast SEO plugin. -->","yoast_head_json":{"title":"Mit dem Wohnmobil nach Istrien: Perle an der Adria - TUI Camper Magazin","description":"Von den lebhaften K\u00fcstenst\u00e4dten zu den charmanten D\u00f6rfern des h\u00fcgeligen Hinterlands: Wir zeigen Ihnen, warum eine Istrien-Tour f\u00fcr Camper ein Erlebnis ist.","robots":{"index":"index","follow":"follow","max-snippet":"max-snippet:-1","max-image-preview":"max-image-preview:large","max-video-preview":"max-video-preview:-1"},"canonical":"https:\/\/www.tuicamper.com\/magazin\/mit-dem-wohnmobil-nach-istrien\/","og_locale":"de_DE","og_type":"article","og_title":"Mit dem Wohnmobil nach Istrien: Perle an der Adria - TUI Camper Magazin","og_description":"Von den lebhaften K\u00fcstenst\u00e4dten zu den charmanten D\u00f6rfern des h\u00fcgeligen Hinterlands: Wir zeigen Ihnen, warum eine Istrien-Tour f\u00fcr Camper ein Erlebnis ist.","og_url":"https:\/\/www.tuicamper.com\/magazin\/mit-dem-wohnmobil-nach-istrien\/","og_site_name":"TUI Camper Magazin","article_published_time":"2019-03-25T15:23:09+00:00","article_modified_time":"2026-02-04T10:44:15+00:00","og_image":[{"width":1310,"height":500,"url":"https:\/\/www.tuicamper.com\/wp-docker\/wp-content\/uploads\/2019\/03\/istrien-header.jpg","type":"image\/jpeg"}],"author":"S\u00f6ren Cortekar","twitter_card":"summary_large_image","twitter_misc":{"Verfasst von":"S\u00f6ren Cortekar","Gesch\u00e4tzte Lesezeit":"8\u00a0Minuten"},"schema":{"@context":"https:\/\/schema.org","@graph":[{"@type":"Article","@id":"https:\/\/www.tuicamper.com\/magazin\/mit-dem-wohnmobil-nach-istrien\/#article","isPartOf":{"@id":"https:\/\/www.tuicamper.com\/magazin\/mit-dem-wohnmobil-nach-istrien\/"},"author":{"name":"S\u00f6ren Cortekar","@id":"https:\/\/www.tuicamper.com\/wp-docker\/#\/schema\/person\/a9ad15b73e3b6169a6c4a794a58d1ea6"},"headline":"Mit dem Wohnmobil nach Istrien: Perle an der Adria","datePublished":"2019-03-25T15:23:09+00:00","dateModified":"2026-02-04T10:44:15+00:00","mainEntityOfPage":{"@id":"https:\/\/www.tuicamper.com\/magazin\/mit-dem-wohnmobil-nach-istrien\/"},"wordCount":3647,"commentCount":0,"image":{"@id":"https:\/\/www.tuicamper.com\/magazin\/mit-dem-wohnmobil-nach-istrien\/#primaryimage"},"thumbnailUrl":"https:\/\/www.tuicamper.com\/wp-docker\/wp-content\/uploads\/2019\/03\/istrien-header.jpg","keywords":["Kroatien","Kultur","Natur","Sommer"],"articleSection":["Reisethema"],"inLanguage":"de","potentialAction":[{"@type":"CommentAction","name":"Comment","target":["https:\/\/www.tuicamper.com\/magazin\/mit-dem-wohnmobil-nach-istrien\/#respond"]}]},{"@type":"WebPage","@id":"https:\/\/www.tuicamper.com\/magazin\/mit-dem-wohnmobil-nach-istrien\/","url":"https:\/\/www.tuicamper.com\/magazin\/mit-dem-wohnmobil-nach-istrien\/","name":"Mit dem Wohnmobil nach Istrien: Perle an der Adria - TUI Camper Magazin","isPartOf":{"@id":"https:\/\/www.tuicamper.com\/#website"},"primaryImageOfPage":{"@id":"https:\/\/www.tuicamper.com\/magazin\/mit-dem-wohnmobil-nach-istrien\/#primaryimage"},"image":{"@id":"https:\/\/www.tuicamper.com\/magazin\/mit-dem-wohnmobil-nach-istrien\/#primaryimage"},"thumbnailUrl":"https:\/\/www.tuicamper.com\/wp-content\/uploads\/2019\/03\/istrien-header.jpg","datePublished":"2019-03-25T15:23:09+00:00","dateModified":"2026-02-04T10:44:15+00:00","author":{"@id":"https:\/\/www.tuicamper.com\/#\/schema\/person\/a9ad15b73e3b6169a6c4a794a58d1ea6"},"description":"Von den lebhaften K\u00fcstenst\u00e4dten zu den charmanten D\u00f6rfern des h\u00fcgeligen Hinterlands: Wir zeigen Ihnen, warum eine Istrien-Tour f\u00fcr Camper ein Erlebnis ist.","breadcrumb":{"@id":"https:\/\/www.tuicamper.com\/magazin\/mit-dem-wohnmobil-nach-istrien\/#breadcrumb"},"inLanguage":"de","potentialAction":["Array"]},{"@type":"ImageObject","inLanguage":"de","@id":"https:\/\/www.tuicamper.com\/magazin\/mit-dem-wohnmobil-nach-istrien\/#primaryimage","url":"https:\/\/www.tuicamper.com\/wp-docker\/wp-content\/uploads\/2019\/03\/istrien-header.jpg","contentUrl":"https:\/\/www.tuicamper.com\/wp-docker\/wp-content\/uploads\/2019\/03\/istrien-header.jpg","width":1310,"height":500},{"@type":"BreadcrumbList","@id":"https:\/\/www.tuicamper.com\/magazin\/mit-dem-wohnmobil-nach-istrien\/#breadcrumb","itemListElement":[{"@type":"ListItem","position":1,"name":"Startseite","item":"https:\/\/www.tuicamper.com\/wp-docker\/"},{"@type":"ListItem","position":2,"name":"Mit dem Wohnmobil nach Istrien: Perle an der Adria"}]},{"@type":"WebSite","@id":"https:\/\/www.tuicamper.com\/#website","url":"https:\/\/www.tuicamper.com\/","name":"TUI Camper Magazin","description":"","potentialAction":["Array"],"inLanguage":"de"},{"@type":"Person","@id":"https:\/\/www.tuicamper.com\/wp-docker\/#\/schema\/person\/a9ad15b73e3b6169a6c4a794a58d1ea6","name":"S\u00f6ren Cortekar","image":{"@type":"ImageObject","inLanguage":"de","@id":"https:\/\/secure.gravatar.com\/avatar\/399f9c9096d84e9147b61735bfa53689fd2add8aa9c074669869e4c106f7df59?s=96&d=mm&r=g","url":"https:\/\/secure.gravatar.com\/avatar\/399f9c9096d84e9147b61735bfa53689fd2add8aa9c074669869e4c106f7df59?s=96&d=mm&r=g","contentUrl":"https:\/\/secure.gravatar.com\/avatar\/399f9c9096d84e9147b61735bfa53689fd2add8aa9c074669869e4c106f7df59?s=96&d=mm&r=g","caption":"S\u00f6ren Cortekar"},"url":"https:\/\/www.tuicamper.com\/wp-docker\/magazin\/author\/soeren-cortekar\/"}]}},"_links":{"self":[{"href":"https:\/\/www.tuicamper.com\/wp-docker\/wp-json\/wp\/v2\/posts\/241","targetHints":{"allow":["GET"]}}],"collection":[{"href":"https:\/\/www.tuicamper.com\/wp-docker\/wp-json\/wp\/v2\/posts"}],"about":[{"href":"https:\/\/www.tuicamper.com\/wp-docker\/wp-json\/wp\/v2\/types\/post"}],"author":[{"embeddable":true,"href":"https:\/\/www.tuicamper.com\/wp-docker\/wp-json\/wp\/v2\/users\/3"}],"replies":[{"embeddable":true,"href":"https:\/\/www.tuicamper.com\/wp-docker\/wp-json\/wp\/v2\/comments?post=241"}],"version-history":[{"count":25,"href":"https:\/\/www.tuicamper.com\/wp-docker\/wp-json\/wp\/v2\/posts\/241\/revisions"}],"predecessor-version":[{"id":127368,"href":"https:\/\/www.tuicamper.com\/wp-docker\/wp-json\/wp\/v2\/posts\/241\/revisions\/127368"}],"wp:featuredmedia":[{"embeddable":true,"href":"https:\/\/www.tuicamper.com\/wp-docker\/wp-json\/wp\/v2\/media\/262"}],"wp:attachment":[{"href":"https:\/\/www.tuicamper.com\/wp-docker\/wp-json\/wp\/v2\/media?parent=241"}],"wp:term":[{"taxonomy":"category","embeddable":true,"href":"https:\/\/www.tuicamper.com\/wp-docker\/wp-json\/wp\/v2\/categories?post=241"},{"taxonomy":"post_tag","embeddable":true,"href":"https:\/\/www.tuicamper.com\/wp-docker\/wp-json\/wp\/v2\/tags?post=241"}],"curies":[{"name":"wp","href":"https:\/\/api.w.org\/{rel}","templated":true}]}}