{"id":2112,"date":"2019-05-20T12:05:23","date_gmt":"2019-05-20T10:05:23","guid":{"rendered":"https:\/\/www.tuicamper.com\/wp-docker\/?p=2112"},"modified":"2023-11-08T13:57:19","modified_gmt":"2023-11-08T12:57:19","slug":"beste-reisezeit-kanada","status":"publish","type":"post","link":"https:\/\/www.tuicamper.com\/magazin\/beste-reisezeit-kanada\/","title":{"rendered":"Beste Reisezeit Kanada: Alle Klimainfos zu den einzelnen Regionen"},"content":{"rendered":"<div id='av_section_1'  class='avia-section av-jt5vrdgv-4386718e65b314e69682ca60ae604601 main_color avia-section-default avia-no-border-styling  avia-builder-el-0  el_before_av_textblock  avia-builder-el-first  reduced-content avia-bg-style-scroll container_wrap sidebar_right'  ><div class='container av-section-cont-open' ><main  role=\"main\" itemprop=\"mainContentOfPage\"  class='template-page content  av-content-small alpha units'><div class='post-entry post-entry-type-page post-entry-2112'><div class='entry-content-wrapper clearfix'>\n\n<style type=\"text\/css\" data-created_by=\"avia_inline_auto\" id=\"style-css-av-1g5aou-6e8505d9de1136ce38f66b0d0e5d2a36\">\n.flex_column.av-1g5aou-6e8505d9de1136ce38f66b0d0e5d2a36{\nborder-radius:0px 0px 0px 0px;\npadding:0px 0px 0px 0px;\n}\n<\/style>\n<div  class='flex_column av-1g5aou-6e8505d9de1136ce38f66b0d0e5d2a36 av_one_full  avia-builder-el-1  avia-builder-el-no-sibling  first flex_column_div av-zero-column-padding  '     ><section  class='av_textblock_section av-jt5tjyk0-1e04ddf86ca9bd8201b4b17bbb4a6491 '   itemscope=\"itemscope\" itemtype=\"https:\/\/schema.org\/BlogPosting\" itemprop=\"blogPost\" ><div class='avia_textblock'  itemprop=\"text\" ><p>Mit einer Fl\u00e4che von fast 10 Millionen Quadratkilometern ist Kanada der zweitgr\u00f6\u00dfte Staat der Erde. Entsprechend sind auch die klimatischen Bedingungen des Landes keineswegs einheitlich. Das schl\u00e4gt sich auch auf die beste Reisezeit f\u00fcr eine Camper-Tour nieder. W\u00e4hrend in einigen Regionen die Sommermonate f\u00fcr viele Anspr\u00fcche alternativlos sind, ist anderenorts der Fr\u00fchling oder der Herbst die bessere Reisezeit. Grund genug f\u00fcr uns, Ihnen einige Reisezeitempfehlungen f\u00fcr Ihren anstehenden <a href=\"https:\/\/www.tuicamper.com\/reiseziele\/nordamerika\/kanada\/\">Wohnmobil-Urlaub in Kanada<\/a> an die Hand zu geben.<\/p>\n<\/div><\/section><\/div>\n<\/div><\/div><\/main><!-- close content main element --><\/div><\/div><div id='after_section_1'  class='main_color av_default_container_wrap container_wrap sidebar_right'  ><div class='container av-section-cont-open' ><div class='template-page content  av-content-small alpha units'><div class='post-entry post-entry-type-page post-entry-2112'><div class='entry-content-wrapper clearfix'>\n<section  class='av_textblock_section av-jtpqpty6-550c066a997ebaf648fccc87d0b9ff16 '   itemscope=\"itemscope\" itemtype=\"https:\/\/schema.org\/BlogPosting\" itemprop=\"blogPost\" ><div class='avia_textblock'  itemprop=\"text\" >\n<\/div><\/section>\n<\/div><\/div><\/div><!-- close content main div --><\/div><\/div><div id='av_section_2'  class='avia-section av-jt5vrdgv-4386718e65b314e69682ca60ae604601 main_color avia-section-default avia-no-border-styling  avia-builder-el-4  el_after_av_textblock  el_before_av_section  reduced-content avia-bg-style-scroll container_wrap sidebar_right'  ><div class='container av-section-cont-open' ><div class='template-page content  av-content-small alpha units'><div class='post-entry post-entry-type-page post-entry-2112'><div class='entry-content-wrapper clearfix'>\n<section  class='av_textblock_section av-jt5tjyk0-1e04ddf86ca9bd8201b4b17bbb4a6491 '   itemscope=\"itemscope\" itemtype=\"https:\/\/schema.org\/BlogPosting\" itemprop=\"blogPost\" ><div class='avia_textblock'  itemprop=\"text\" ><div id=\"js-table-of-contents\">\r\n    <strong>Inhaltsverzeichnis<\/strong>\r\n<\/div>\n<\/div><\/section>\n\n<\/div><\/div><\/div><!-- close content main div --><\/div><\/div><div id='av_section_3'  class='avia-section av-jt5vrdgv-4386718e65b314e69682ca60ae604601 main_color avia-section-default avia-no-border-styling  avia-builder-el-6  el_after_av_section  el_before_av_section  reduced-content avia-bg-style-scroll container_wrap sidebar_right'  ><div class='container av-section-cont-open' ><div class='template-page content  av-content-small alpha units'><div class='post-entry post-entry-type-page post-entry-2112'><div class='entry-content-wrapper clearfix'>\n\n<style type=\"text\/css\" data-created_by=\"avia_inline_auto\" id=\"style-css-av-1g5aou-6e8505d9de1136ce38f66b0d0e5d2a36\">\n.flex_column.av-1g5aou-6e8505d9de1136ce38f66b0d0e5d2a36{\nborder-radius:0px 0px 0px 0px;\npadding:0px 0px 0px 0px;\n}\n<\/style>\n<div  class='flex_column av-1g5aou-6e8505d9de1136ce38f66b0d0e5d2a36 av_one_full  avia-builder-el-7  avia-builder-el-no-sibling  first flex_column_div av-zero-column-padding  '     ><section  class='av_textblock_section av-jt5tjyk0-1e04ddf86ca9bd8201b4b17bbb4a6491 '   itemscope=\"itemscope\" itemtype=\"https:\/\/schema.org\/BlogPosting\" itemprop=\"blogPost\" ><div class='avia_textblock'  itemprop=\"text\" ><h2>Allgemeine Empfehlungen zur Reisezeit<\/h2>\n<p>Gerade im Winter ist Kanada ein sehr kaltes Pflaster. In den meisten Regionen ist in der kalten Jahreszeit daher kaum ein Wohnmobil-Urlaub m\u00f6glich \u2013 vorausgesetzt Sie haben es nicht auf die Skiregionen des Landes abgesehen. Zwischen Juni und August herrschen dagegen in allen Teilen des Landes milde bis warme Temperaturen, die zu Erkundungstouren mit dem Camper einladen. Zur Hochsaison im Sommer sind allerdings auch die Preise f\u00fcr die Anmietung eines Wohnmobils sowie f\u00fcr die Campingpl\u00e4tze des Landes am h\u00f6chsten. Die gute Nachricht: In vielen Provinzen steht auch dem Camping-Urlaub in der Nebensaison nichts im Wege.<\/p>\n<\/div><\/section><\/div>\n\n<\/div><\/div><\/div><!-- close content main div --><\/div><\/div><div id='av_section_4'  class='avia-section av-b7gvl-1eb57de5f7b7a94c40602e8cf977ebb0 main_color avia-section-default avia-no-border-styling  avia-builder-el-9  el_after_av_section  el_before_av_section  reduced-content avia-bg-style-scroll container_wrap sidebar_right'  ><div class='container av-section-cont-open' ><div class='template-page content  av-content-small alpha units'><div class='post-entry post-entry-type-page post-entry-2112'><div class='entry-content-wrapper clearfix'>\n\n<style type=\"text\/css\" data-created_by=\"avia_inline_auto\" id=\"style-css-av-jtplvt5k-5d8b721108799e3c81ed17a5aa742f78\">\n.avia-image-container.av-jtplvt5k-5d8b721108799e3c81ed17a5aa742f78 img.avia_image{\nbox-shadow:none;\n}\n.avia-image-container.av-jtplvt5k-5d8b721108799e3c81ed17a5aa742f78 .av-caption-image-overlay-bg{\nopacity:0.4;\nbackground-color:#000000;\n}\n.avia-image-container.av-jtplvt5k-5d8b721108799e3c81ed17a5aa742f78 .av-image-caption-overlay-center{\ncolor:#ffffff;\n}\n<\/style>\n<div  class='avia-image-container av-jtplvt5k-5d8b721108799e3c81ed17a5aa742f78 av-styling- av-img-linked avia_animated_image av-animated-when-visible-95 fade-in avia-align-center  avia-builder-el-10  avia-builder-el-no-sibling  noHover av-overlay-on-hover'   itemprop=\"image\" itemscope=\"itemscope\" itemtype=\"https:\/\/schema.org\/ImageObject\" ><div class=\"avia-image-container-inner\"><div class=\"avia-image-overlay-wrap\"><a href=\"https:\/\/www.tuicamper.com\/wp-docker\/wp-content\/uploads\/2019\/05\/trailblzaer-kanada-1030x702.jpg\" data-srcset=\"https:\/\/www.tuicamper.com\/wp-docker\/wp-content\/uploads\/2019\/05\/trailblzaer-kanada-1030x702.jpg 1030w, https:\/\/www.tuicamper.com\/wp-docker\/wp-content\/uploads\/2019\/05\/trailblzaer-kanada-300x205.jpg 300w, https:\/\/www.tuicamper.com\/wp-docker\/wp-content\/uploads\/2019\/05\/trailblzaer-kanada-768x524.jpg 768w, https:\/\/www.tuicamper.com\/wp-docker\/wp-content\/uploads\/2019\/05\/trailblzaer-kanada-705x481.jpg 705w, https:\/\/www.tuicamper.com\/wp-docker\/wp-content\/uploads\/2019\/05\/trailblzaer-kanada-450x307.jpg 450w, https:\/\/www.tuicamper.com\/wp-docker\/wp-content\/uploads\/2019\/05\/trailblzaer-kanada.jpg 1280w\" data-sizes=\"(max-width: 1030px) 100vw, 1030px\" class='avia_image '  aria-label='Mit dem Trailblazer von Jucy in Kanada'><div class=\"av-image-caption-overlay\"><div class=\"av-caption-image-overlay-bg\"><\/div><div class=\"av-image-caption-overlay-position\"><div class=\"av-image-caption-overlay-center\"><p>Mit dem Trailblazer von Jucy in Kanada<\/p>\n<\/div><\/div><\/div><img decoding=\"async\" fetchpriority=\"high\" class='wp-image-3008 avia-img-lazy-loading-not-3008 avia_image ' src=\"https:\/\/www.tuicamper.com\/wp-docker\/wp-content\/uploads\/2019\/05\/trailblzaer-kanada-1280x630.jpg\" alt='Mit dem Trailblazer von Jucy in Kanada' title='Mit dem Trailblazer von Jucy in Kanada'  height=\"630\" width=\"1280\"  itemprop=\"thumbnailUrl\"  \/><\/a><\/div><\/div><\/div>\n\n<\/div><\/div><\/div><!-- close content main div --><\/div><\/div><div id='av_section_5'  class='avia-section av-jt5vrdgv-4386718e65b314e69682ca60ae604601 main_color avia-section-default avia-no-border-styling  avia-builder-el-11  el_after_av_section  el_before_av_section  reduced-content avia-bg-style-scroll container_wrap sidebar_right'  ><div class='container av-section-cont-open' ><div class='template-page content  av-content-small alpha units'><div class='post-entry post-entry-type-page post-entry-2112'><div class='entry-content-wrapper clearfix'>\n\n<style type=\"text\/css\" data-created_by=\"avia_inline_auto\" id=\"style-css-av-1g5aou-6e8505d9de1136ce38f66b0d0e5d2a36\">\n.flex_column.av-1g5aou-6e8505d9de1136ce38f66b0d0e5d2a36{\nborder-radius:0px 0px 0px 0px;\npadding:0px 0px 0px 0px;\n}\n<\/style>\n<div  class='flex_column av-1g5aou-6e8505d9de1136ce38f66b0d0e5d2a36 av_one_full  avia-builder-el-12  avia-builder-el-no-sibling  first flex_column_div av-zero-column-padding  '     ><section  class='av_textblock_section av-jt5tjyk0-1e04ddf86ca9bd8201b4b17bbb4a6491 '   itemscope=\"itemscope\" itemtype=\"https:\/\/schema.org\/BlogPosting\" itemprop=\"blogPost\" ><div class='avia_textblock'  itemprop=\"text\" ><h2>Beste Reisezeit Kanada: Alle Reisezeitempfehlungen auf einen Blick<\/h2>\n<p>Von Juni bis August kann Kanada in der Regel ohne Einschr\u00e4nkungen bereist werden. Zumindest, wenn man von Touristenmassen in einigen Nationalparks und Hotspots des Landes absieht. Je nach Region bieten sich aber auch andere Reisedaten f\u00fcr einen Wohnmobil-Urlaub an. So ist der Sommer zwar \u00fcberall eine gute Reisezeit, aber nicht unbedingt die beste. Wir geben Ihnen zum Einstieg einen \u00dcberblick \u00fcber die empfehlenswerten Reisezeiten der verschiedenen Regionen und beliebten Hotspots Kanadas.<\/p>\n<\/div><\/section><\/div>\n\n<\/div><\/div><\/div><!-- close content main div --><\/div><\/div><div id='av_section_6'  class='avia-section av-jt5vrdgv-4386718e65b314e69682ca60ae604601 main_color avia-section-default avia-no-border-styling  avia-builder-el-14  el_after_av_section  el_before_av_section  reduced-content avia-bg-style-scroll container_wrap sidebar_right'  ><div class='container av-section-cont-open' ><div class='template-page content  av-content-small alpha units'><div class='post-entry post-entry-type-page post-entry-2112'><div class='entry-content-wrapper clearfix'>\n<div class='avia-data-table-wrap av-a9jgj-53f71681cba0224d9b46ce797a9f78d7 avia_scrollable_table avia-table-1'><table  class='avia-table avia-data-table avia_pricing_default  avia-builder-el-15  avia-builder-el-no-sibling '  itemscope=\"itemscope\" itemtype=\"https:\/\/schema.org\/Table\" ><tbody><tr class='avia-heading-row'><th class='avia-highlight-col'>Region<\/th><th class='avia-highlight-col'>Gute Reisezeit<\/th><th class='avia-highlight-col'>Beste Reisezeit<\/th><th class='avia-highlight-col'>Anmerkung<\/th><\/tr><tr class=''><td class='avia-highlight-col'>S\u00fcden<\/td><td class='avia-highlight-col'>April; Oktober <\/td><td class='avia-highlight-col'>Mai \u2013 September <\/td><td class='avia-highlight-col'>\u2022 Viel Schnee in den Wintermonaten <\/td><\/tr><tr class=''><td class='avia-highlight-col'>Westen<\/td><td class='avia-highlight-col'>April \u2013 Mai; Oktober<\/td><td class='avia-highlight-col'>Juni \u2013 September <\/td><td class='avia-highlight-col'>\u2022 Auch im Winter fallen die Temperaturen selten unter 0\u00b0C. <\/td><\/tr><tr class=''><td class='avia-highlight-col'>Vancouver &amp; Vancouver Island<\/td><td class='avia-highlight-col'>April; Oktober<\/td><td class='avia-highlight-col'>Mai; September<\/td><td class='avia-highlight-col'>\u2022 Angenehmes Klima in der Nebensaison<\/td><\/tr><tr class=''><td class='avia-highlight-col'>Banff &amp; Jasper Nationalpark<\/td><td class='avia-highlight-col'>April \u2013 Mai; September \u2013 Oktober <\/td><td class='avia-highlight-col'>Juni \u2013 August <\/td><td class='avia-highlight-col'>\u2022 Viele Regentage im Mai und Juni<br \/>\n\u2022 Wildtiere k\u00f6nnen im Fr\u00fchling besonders gut beobachtet werden<\/td><\/tr><tr class=''><td class='avia-highlight-col'>Osten<\/td><td class='avia-highlight-col'>Mai \u2013 August <\/td><td class='avia-highlight-col'>September \u2013 Oktober<\/td><td class='avia-highlight-col'>\u2022 Indian Summer im Herbst<\/td><\/tr><tr class=''><td class='avia-highlight-col'>Toronto, Ottawa, Montreal<\/td><td class='avia-highlight-col'>Ganzj\u00e4hrig<\/td><td class='avia-highlight-col'>September \u2013 Oktober <\/td><td class='avia-highlight-col'>\u2022 Im Winter viel Schnee<br \/>\n\u2022 Indian Summer im Herbst<\/td><\/tr><tr class=''><td class='avia-highlight-col'>Norden<\/td><td class='avia-highlight-col'>April \u2013 Mai; September \u2013 Oktober <\/td><td class='avia-highlight-col'>Juni \u2013 August<\/td><td class='avia-highlight-col'>\u2022 Abseits der Sommermonate k\u00fchlt es merklich ab<br \/>\n\u2022 Beste Chance auf Polarlichter im Winter, Sp\u00e4therbst und Fr\u00fchling<\/td><\/tr><\/tbody><\/table><\/div>\n\n<\/div><\/div><\/div><!-- close content main div --><\/div><\/div><div id='av_section_7'  class='avia-section av-jt5vrdgv-4386718e65b314e69682ca60ae604601 main_color avia-section-default avia-no-border-styling  avia-builder-el-16  el_after_av_section  el_before_av_section  reduced-content avia-bg-style-scroll container_wrap sidebar_right'  ><div class='container av-section-cont-open' ><div class='template-page content  av-content-small alpha units'><div class='post-entry post-entry-type-page post-entry-2112'><div class='entry-content-wrapper clearfix'>\n\n<style type=\"text\/css\" data-created_by=\"avia_inline_auto\" id=\"style-css-av-1g5aou-6e8505d9de1136ce38f66b0d0e5d2a36\">\n.flex_column.av-1g5aou-6e8505d9de1136ce38f66b0d0e5d2a36{\nborder-radius:0px 0px 0px 0px;\npadding:0px 0px 0px 0px;\n}\n<\/style>\n<div  class='flex_column av-1g5aou-6e8505d9de1136ce38f66b0d0e5d2a36 av_one_full  avia-builder-el-17  avia-builder-el-no-sibling  first flex_column_div av-zero-column-padding  '     ><section  class='av_textblock_section av-jt5tjyk0-1e04ddf86ca9bd8201b4b17bbb4a6491 '   itemscope=\"itemscope\" itemtype=\"https:\/\/schema.org\/BlogPosting\" itemprop=\"blogPost\" ><div class='avia_textblock'  itemprop=\"text\" ><h2>Von S\u00fcd nach Nord, von West nach Ost \u2013 Tipps zur besten Reisezeit in Kanada<\/h2>\n<p>Angesichts der Gr\u00f6\u00dfe Kanadas verwundert es nicht, dass sich die Empfehlungen zur besten Reisezeit von Region zu Region unterscheiden. In den Sommermonaten k\u00f6nnen zwar prinzipiell alle Landesteile erkundet werden, so manches Highlight bekommt man jedoch nur im Fr\u00fchling oder Herbst geboten.<\/p>\n<\/div><\/section><\/div>\n\n<\/div><\/div><\/div><!-- close content main div --><\/div><\/div><div id='av_section_8'  class='avia-section av-jt5vrdgv-4386718e65b314e69682ca60ae604601 main_color avia-section-default avia-no-border-styling  avia-builder-el-19  el_after_av_section  el_before_av_section  reduced-content avia-bg-style-scroll container_wrap sidebar_right'  ><div class='container av-section-cont-open' ><div class='template-page content  av-content-small alpha units'><div class='post-entry post-entry-type-page post-entry-2112'><div class='entry-content-wrapper clearfix'>\n\n<style type=\"text\/css\" data-created_by=\"avia_inline_auto\" id=\"style-css-av-1g5aou-6e8505d9de1136ce38f66b0d0e5d2a36\">\n.flex_column.av-1g5aou-6e8505d9de1136ce38f66b0d0e5d2a36{\nborder-radius:0px 0px 0px 0px;\npadding:0px 0px 0px 0px;\n}\n<\/style>\n<div  class='flex_column av-1g5aou-6e8505d9de1136ce38f66b0d0e5d2a36 av_one_full  avia-builder-el-20  avia-builder-el-no-sibling  first flex_column_div av-zero-column-padding  '     ><section  class='av_textblock_section av-jt5tjyk0-1e04ddf86ca9bd8201b4b17bbb4a6491 '   itemscope=\"itemscope\" itemtype=\"https:\/\/schema.org\/BlogPosting\" itemprop=\"blogPost\" ><div class='avia_textblock'  itemprop=\"text\" ><h3>Kanadas S\u00fcden<\/h3>\n<p>Im Sommer wird es im S\u00fcden Kanadas angenehm warm. Aber auch im Fr\u00fchling und Herbst herrschen hier noch angenehm warme Temperaturen. Gerade der beliebte <a href=\"https:\/\/www.tuicamper.com\/magazin\/banff-nationalpark\/\">Banff Nationalpark<\/a> kann daher problemlos auch abseits der Hauptsaison besucht werden. Das ist nicht nur g\u00fcnstiger, sondern angesichts der allm\u00e4hlich schwindenden Besuchermassen auch deutlich stressfreier. Wer es darauf anlegt, findet hier sogar noch im Winter ge\u00f6ffnete Campingpl\u00e4tze \u2013 und kann ein verschneites Campingabenteuer ohne allzu niedrige Temperaturen und ohne Touristenmassen verbringen.<\/p>\n<\/div><\/section><\/div>\n\n<\/div><\/div><\/div><!-- close content main div --><\/div><\/div><div id='av_section_9'  class='avia-section av-b7gvl-1eb57de5f7b7a94c40602e8cf977ebb0 main_color avia-section-default avia-no-border-styling  avia-builder-el-22  el_after_av_section  el_before_av_section  reduced-content avia-bg-style-scroll container_wrap sidebar_right'  ><div class='container av-section-cont-open' ><div class='template-page content  av-content-small alpha units'><div class='post-entry post-entry-type-page post-entry-2112'><div class='entry-content-wrapper clearfix'>\n\n<style type=\"text\/css\" data-created_by=\"avia_inline_auto\" id=\"style-css-av-jtplvt5k-30495dec2b620470052bbb43e0e0141e\">\n.avia-image-container.av-jtplvt5k-30495dec2b620470052bbb43e0e0141e img.avia_image{\nbox-shadow:none;\n}\n.avia-image-container.av-jtplvt5k-30495dec2b620470052bbb43e0e0141e .av-caption-image-overlay-bg{\nopacity:0.4;\nbackground-color:#000000;\n}\n.avia-image-container.av-jtplvt5k-30495dec2b620470052bbb43e0e0141e .av-image-caption-overlay-center{\ncolor:#ffffff;\n}\n<\/style>\n<div  class='avia-image-container av-jtplvt5k-30495dec2b620470052bbb43e0e0141e av-styling- av-img-linked avia_animated_image av-animated-when-visible-95 fade-in avia-align-center  avia-builder-el-23  avia-builder-el-no-sibling  noHover av-overlay-on-hover'   itemprop=\"image\" itemscope=\"itemscope\" itemtype=\"https:\/\/schema.org\/ImageObject\" ><div class=\"avia-image-container-inner\"><div class=\"avia-image-overlay-wrap\"><a href=\"https:\/\/www.tuicamper.com\/wp-docker\/wp-content\/uploads\/2019\/04\/see-kanada-1030x686.jpg\" data-srcset=\"https:\/\/www.tuicamper.com\/wp-docker\/wp-content\/uploads\/2019\/04\/see-kanada-1030x686.jpg 1030w, https:\/\/www.tuicamper.com\/wp-docker\/wp-content\/uploads\/2019\/04\/see-kanada-300x200.jpg 300w, https:\/\/www.tuicamper.com\/wp-docker\/wp-content\/uploads\/2019\/04\/see-kanada-768x512.jpg 768w, https:\/\/www.tuicamper.com\/wp-docker\/wp-content\/uploads\/2019\/04\/see-kanada-705x470.jpg 705w, https:\/\/www.tuicamper.com\/wp-docker\/wp-content\/uploads\/2019\/04\/see-kanada-450x300.jpg 450w, https:\/\/www.tuicamper.com\/wp-docker\/wp-content\/uploads\/2019\/04\/see-kanada.jpg 1280w\" data-sizes=\"(max-width: 1030px) 100vw, 1030px\" class='avia_image '  aria-label='See im Banff Nationalpark'><div class=\"av-image-caption-overlay\"><div class=\"av-caption-image-overlay-bg\"><\/div><div class=\"av-image-caption-overlay-position\"><div class=\"av-image-caption-overlay-center\"><p>See im Banff Nationalpark<\/p>\n<\/div><\/div><\/div><img decoding=\"async\" fetchpriority=\"high\" class='wp-image-1885 avia-img-lazy-loading-not-1885 avia_image ' src=\"https:\/\/www.tuicamper.com\/wp-docker\/wp-content\/uploads\/2019\/04\/see-kanada-1280x630.jpg\" alt='See im Banff Nationalpark' title='See im Banff Nationalpark'  height=\"630\" width=\"1280\"  itemprop=\"thumbnailUrl\"  \/><\/a><\/div><\/div><\/div>\n\n<\/div><\/div><\/div><!-- close content main div --><\/div><\/div><div id='av_section_10'  class='avia-section av-jt5vrdgv-4386718e65b314e69682ca60ae604601 main_color avia-section-default avia-no-border-styling  avia-builder-el-24  el_after_av_section  el_before_av_section  reduced-content avia-bg-style-scroll container_wrap sidebar_right'  ><div class='container av-section-cont-open' ><div class='template-page content  av-content-small alpha units'><div class='post-entry post-entry-type-page post-entry-2112'><div class='entry-content-wrapper clearfix'>\n\n<style type=\"text\/css\" data-created_by=\"avia_inline_auto\" id=\"style-css-av-1g5aou-6e8505d9de1136ce38f66b0d0e5d2a36\">\n.flex_column.av-1g5aou-6e8505d9de1136ce38f66b0d0e5d2a36{\nborder-radius:0px 0px 0px 0px;\npadding:0px 0px 0px 0px;\n}\n<\/style>\n<div  class='flex_column av-1g5aou-6e8505d9de1136ce38f66b0d0e5d2a36 av_one_full  avia-builder-el-25  avia-builder-el-no-sibling  first flex_column_div av-zero-column-padding  '     ><section  class='av_textblock_section av-jt5tjyk0-6aa3227fe094a9e74019488ec4bd2357 '   itemscope=\"itemscope\" itemtype=\"https:\/\/schema.org\/BlogPosting\" itemprop=\"blogPost\" ><div class='avia_textblock'  itemprop=\"text\" ><h3>Kanadas Westen<\/h3>\n<p>Der k\u00fcstennahe Westen Kanadas sorgt f\u00fcr angenehm milde Temperaturen \u2013 auch schon im Fr\u00fchling. Wer beispielsweise <a href=\"https:\/\/www.tuicamper.com\/reiseziele\/nordamerika\/kanada\/vancouver\/\">Vancouver<\/a> und <a href=\"https:\/\/www.tuicamper.com\/magazin\/vancouver-island-rundreise\/\">Vancouver Island<\/a> im Mai oder September bereist, kann noch mit vergleichsweise warmen Temperaturen rechnen, entgeht aber dem gr\u00f6\u00dften Trubel. Auch im April und Oktober ist es meist noch angenehm mild. Im Winter kann es allerdings auch hier empfindlich kalt werden. Je weiter Camper ins Landesinnere kommen, desto mehr verschiebt sich die ideale Reisezeit in Richtung Sommer. Insbesondere die <a href=\"https:\/\/www.tuicamper.com\/routen\/kanada-routen\/ab-vancouver\/wohnmobil-route-british-columbia-und-die-rocky-mountains\/\">Rocky Mountains<\/a> zeigen sich im Sommer von ihrer sch\u00f6nsten Seite.<\/p>\n<p><strong>Alle Highlights f\u00fcr Vancouver finden Sie hier<\/strong>:<br \/>\n<a href=\"https:\/\/www.tuicamper.com\/magazin\/vancouver-sehenswuerdigkeiten\/\" rel=\"noopener\">Vancouver Sehensw\u00fcrdigkeiten: Die sch\u00f6nsten Highlights &amp; besten Tipps<\/a><\/p>\n<\/div><\/section><\/div><\/div><\/div><\/div><!-- close content main div --><\/div><\/div><div id='av_section_11'  class='avia-section av-b7gvl-1eb57de5f7b7a94c40602e8cf977ebb0 main_color avia-section-default avia-no-border-styling  avia-builder-el-27  el_after_av_section  el_before_av_section  reduced-content avia-bg-style-scroll container_wrap sidebar_right'  ><div class='container av-section-cont-open' ><div class='template-page content  av-content-small alpha units'><div class='post-entry post-entry-type-page post-entry-2112'><div class='entry-content-wrapper clearfix'>\n\n<style type=\"text\/css\" data-created_by=\"avia_inline_auto\" id=\"style-css-av-jtplvt5k-5572f1c1e3122e07a3517f8dc08d3516\">\n.avia-image-container.av-jtplvt5k-5572f1c1e3122e07a3517f8dc08d3516 img.avia_image{\nbox-shadow:none;\n}\n.avia-image-container.av-jtplvt5k-5572f1c1e3122e07a3517f8dc08d3516 .av-caption-image-overlay-bg{\nopacity:0.4;\nbackground-color:#000000;\n}\n.avia-image-container.av-jtplvt5k-5572f1c1e3122e07a3517f8dc08d3516 .av-image-caption-overlay-center{\ncolor:#ffffff;\n}\n<\/style>\n<div  class='avia-image-container av-jtplvt5k-5572f1c1e3122e07a3517f8dc08d3516 av-styling- av-img-linked avia_animated_image av-animated-when-visible-95 fade-in avia-align-center  avia-builder-el-28  avia-builder-el-no-sibling  noHover av-overlay-on-hover'   itemprop=\"image\" itemscope=\"itemscope\" itemtype=\"https:\/\/schema.org\/ImageObject\" ><div class=\"avia-image-container-inner\"><div class=\"avia-image-overlay-wrap\"><a href=\"https:\/\/www.tuicamper.com\/wp-docker\/wp-content\/uploads\/2019\/05\/rocky-mountains-kanada-1030x583.jpg\" data-srcset=\"https:\/\/www.tuicamper.com\/wp-docker\/wp-content\/uploads\/2019\/05\/rocky-mountains-kanada-1030x583.jpg 1030w, https:\/\/www.tuicamper.com\/wp-docker\/wp-content\/uploads\/2019\/05\/rocky-mountains-kanada-300x170.jpg 300w, https:\/\/www.tuicamper.com\/wp-docker\/wp-content\/uploads\/2019\/05\/rocky-mountains-kanada-768x434.jpg 768w, https:\/\/www.tuicamper.com\/wp-docker\/wp-content\/uploads\/2019\/05\/rocky-mountains-kanada-705x399.jpg 705w, https:\/\/www.tuicamper.com\/wp-docker\/wp-content\/uploads\/2019\/05\/rocky-mountains-kanada-450x255.jpg 450w, https:\/\/www.tuicamper.com\/wp-docker\/wp-content\/uploads\/2019\/05\/rocky-mountains-kanada.jpg 1280w\" data-sizes=\"(max-width: 1030px) 100vw, 1030px\" class='avia_image '  aria-label='Rocky Mountains in Kanada'><div class=\"av-image-caption-overlay\"><div class=\"av-caption-image-overlay-bg\"><\/div><div class=\"av-image-caption-overlay-position\"><div class=\"av-image-caption-overlay-center\"><p>Rocky Mountains in Kanada<\/p>\n<\/div><\/div><\/div><img decoding=\"async\" fetchpriority=\"high\" class='wp-image-3005 avia-img-lazy-loading-not-3005 avia_image ' src=\"https:\/\/www.tuicamper.com\/wp-docker\/wp-content\/uploads\/2019\/05\/rocky-mountains-kanada-1280x630.jpg\" alt='Rocky Mountains in Kanada' title='Rocky Mountains in Kanada'  height=\"630\" width=\"1280\"  itemprop=\"thumbnailUrl\"  \/><\/a><\/div><\/div><\/div>\n<\/p>\n<\/div><\/div><\/div><!-- close content main div --><\/div><\/div><div id='av_section_12'  class='avia-section av-jt5vrdgv-4386718e65b314e69682ca60ae604601 main_color avia-section-default avia-no-border-styling  avia-builder-el-29  el_after_av_section  el_before_av_section  reduced-content avia-bg-style-scroll container_wrap sidebar_right'  ><div class='container av-section-cont-open' ><div class='template-page content  av-content-small alpha units'><div class='post-entry post-entry-type-page post-entry-2112'><div class='entry-content-wrapper clearfix'>\n\n<style type=\"text\/css\" data-created_by=\"avia_inline_auto\" id=\"style-css-av-1g5aou-6e8505d9de1136ce38f66b0d0e5d2a36\">\n.flex_column.av-1g5aou-6e8505d9de1136ce38f66b0d0e5d2a36{\nborder-radius:0px 0px 0px 0px;\npadding:0px 0px 0px 0px;\n}\n<\/style>\n<div  class='flex_column av-1g5aou-6e8505d9de1136ce38f66b0d0e5d2a36 av_one_full  avia-builder-el-30  avia-builder-el-no-sibling  first flex_column_div av-zero-column-padding  '     ><section  class='av_textblock_section av-jt5tjyk0-1e04ddf86ca9bd8201b4b17bbb4a6491 '   itemscope=\"itemscope\" itemtype=\"https:\/\/schema.org\/BlogPosting\" itemprop=\"blogPost\" ><div class='avia_textblock'  itemprop=\"text\" ><h3>Kanadas Osten<\/h3>\n<p>Im Osten Kanadas locken einerseits Metropolen wie Ottawa, <a href=\"https:\/\/www.tuicamper.com\/reiseziele\/nordamerika\/kanada\/montreal\/\">Montreal<\/a> und <a href=\"https:\/\/www.tuicamper.com\/reiseziele\/nordamerika\/kanada\/toronto\/\">Toronto<\/a>. Diese k\u00f6nnen prinzipiell das ganze Jahr \u00fcber erkundet werden, pr\u00e4sentieren sich aber in den Sommermonaten von ihrer sonnigsten Seite. Wer dagegen in erster Linie <a href=\"https:\/\/www.tuicamper.com\/magazin\/indian-summer-kanada-usa\/\">die atemberaubende Sch\u00f6nheit des Indian Summers erleben m\u00f6chte<\/a>, muss auf die Herbstmonate warten. Insbesondere September und Oktober sind im Osten Kanadas von einem angenehm warmen und trockenen Klima gepr\u00e4gt. In dieser Zeit f\u00e4rben sich die Bl\u00e4tter der Laub- und Mischw\u00e4lder und leuchten in den pr\u00e4chtigsten Farben unter dem meist strahlend blauen Himmel.<\/p>\n<\/div><\/section><\/div>\n\n<\/div><\/div><\/div><!-- close content main div --><\/div><\/div><div id='av_section_13'  class='avia-section av-b7gvl-1eb57de5f7b7a94c40602e8cf977ebb0 main_color avia-section-default avia-no-border-styling  avia-builder-el-32  el_after_av_section  el_before_av_section  reduced-content avia-bg-style-scroll container_wrap sidebar_right'  ><div class='container av-section-cont-open' ><div class='template-page content  av-content-small alpha units'><div class='post-entry post-entry-type-page post-entry-2112'><div class='entry-content-wrapper clearfix'>\n\n<style type=\"text\/css\" data-created_by=\"avia_inline_auto\" id=\"style-css-av-jtplvt5k-6aa86458d249a9d1fe4bc84bf971d44b\">\n.avia-image-container.av-jtplvt5k-6aa86458d249a9d1fe4bc84bf971d44b img.avia_image{\nbox-shadow:none;\n}\n.avia-image-container.av-jtplvt5k-6aa86458d249a9d1fe4bc84bf971d44b .av-caption-image-overlay-bg{\nopacity:0.4;\nbackground-color:#000000;\n}\n.avia-image-container.av-jtplvt5k-6aa86458d249a9d1fe4bc84bf971d44b .av-image-caption-overlay-center{\ncolor:#ffffff;\n}\n<\/style>\n<div  class='avia-image-container av-jtplvt5k-6aa86458d249a9d1fe4bc84bf971d44b av-styling- av-img-linked avia_animated_image av-animated-when-visible-95 fade-in avia-align-center  avia-builder-el-33  avia-builder-el-no-sibling  noHover av-overlay-on-hover'   itemprop=\"image\" itemscope=\"itemscope\" itemtype=\"https:\/\/schema.org\/ImageObject\" ><div class=\"avia-image-container-inner\"><div class=\"avia-image-overlay-wrap\"><a href=\"https:\/\/www.tuicamper.com\/wp-docker\/wp-content\/uploads\/2019\/05\/ottawa-1030x578.jpg\" data-srcset=\"https:\/\/www.tuicamper.com\/wp-docker\/wp-content\/uploads\/2019\/05\/ottawa-1030x578.jpg 1030w, https:\/\/www.tuicamper.com\/wp-docker\/wp-content\/uploads\/2019\/05\/ottawa-300x168.jpg 300w, https:\/\/www.tuicamper.com\/wp-docker\/wp-content\/uploads\/2019\/05\/ottawa-768x431.jpg 768w, https:\/\/www.tuicamper.com\/wp-docker\/wp-content\/uploads\/2019\/05\/ottawa-705x395.jpg 705w, https:\/\/www.tuicamper.com\/wp-docker\/wp-content\/uploads\/2019\/05\/ottawa-450x252.jpg 450w, https:\/\/www.tuicamper.com\/wp-docker\/wp-content\/uploads\/2019\/05\/ottawa.jpg 1280w\" data-sizes=\"(max-width: 1030px) 100vw, 1030px\" class='avia_image '  aria-label='Blick auf Ottawa'><div class=\"av-image-caption-overlay\"><div class=\"av-caption-image-overlay-bg\"><\/div><div class=\"av-image-caption-overlay-position\"><div class=\"av-image-caption-overlay-center\"><p>Blick auf Ottawa<\/p>\n<\/div><\/div><\/div><img decoding=\"async\" fetchpriority=\"high\" class='wp-image-3001 avia-img-lazy-loading-not-3001 avia_image ' src=\"https:\/\/www.tuicamper.com\/wp-docker\/wp-content\/uploads\/2019\/05\/ottawa-1280x630.jpg\" alt='Blick auf Ottawa' title='Blick auf Ottawa'  height=\"630\" width=\"1280\"  itemprop=\"thumbnailUrl\"  \/><\/a><\/div><\/div><\/div>\n\n<\/div><\/div><\/div><!-- close content main div --><\/div><\/div><div id='av_section_14'  class='avia-section av-jt5vrdgv-4386718e65b314e69682ca60ae604601 main_color avia-section-default avia-no-border-styling  avia-builder-el-34  el_after_av_section  el_before_av_textblock  reduced-content avia-bg-style-scroll container_wrap sidebar_right'  ><div class='container av-section-cont-open' ><div class='template-page content  av-content-small alpha units'><div class='post-entry post-entry-type-page post-entry-2112'><div class='entry-content-wrapper clearfix'>\n\n<style type=\"text\/css\" data-created_by=\"avia_inline_auto\" id=\"style-css-av-1g5aou-6e8505d9de1136ce38f66b0d0e5d2a36\">\n.flex_column.av-1g5aou-6e8505d9de1136ce38f66b0d0e5d2a36{\nborder-radius:0px 0px 0px 0px;\npadding:0px 0px 0px 0px;\n}\n<\/style>\n<div  class='flex_column av-1g5aou-6e8505d9de1136ce38f66b0d0e5d2a36 av_one_full  avia-builder-el-35  avia-builder-el-no-sibling  first flex_column_div av-zero-column-padding  '     ><section  class='av_textblock_section av-jt5tjyk0-1e04ddf86ca9bd8201b4b17bbb4a6491 '   itemscope=\"itemscope\" itemtype=\"https:\/\/schema.org\/BlogPosting\" itemprop=\"blogPost\" ><div class='avia_textblock'  itemprop=\"text\" ><h3>Kanadas Norden<\/h3>\n<p>Im Norden Kanadas stehen die Chancen gut im Rahmen des Camper-Urlaubs Polarlichter zu sehen. Die Aurora borealis zeigen sich in den Polarregionen besonders h\u00e4ufig. Da die Temperaturen im Norden Kanadas in den Wintermonaten bis auf 40 Grad unter Null fallen k\u00f6nnen, ist der Sommer f\u00fcr die Region klar die beste Reisezeit.<\/p>\n<\/div><\/section><\/div>\n<\/div><\/div><\/div><!-- close content main div --><\/div><\/div><div id='after_section_14'  class='main_color av_default_container_wrap container_wrap sidebar_right'  ><div class='container av-section-cont-open' ><div class='template-page content  av-content-small alpha units'><div class='post-entry post-entry-type-page post-entry-2112'><div class='entry-content-wrapper clearfix'>\n<section  class='av_textblock_section av-jtpqpty6-550c066a997ebaf648fccc87d0b9ff16 '   itemscope=\"itemscope\" itemtype=\"https:\/\/schema.org\/BlogPosting\" itemprop=\"blogPost\" ><div class='avia_textblock'  itemprop=\"text\" >\r\n<div style=\"clear: both;\"><\/div>\r\n<div class=\"post-breaker-item breaker-type-default\">\r\n    <div class=\"post-breaker-item-inner\">\r\n                    \n<style type=\"text\/css\" data-created_by=\"avia_inline_auto\" id=\"style-css-av-jtpksizx-4b352f2a2752c01e58a4c67632af1aa6\">\n#top .av_textblock_section.av-jtpksizx-4b352f2a2752c01e58a4c67632af1aa6 .avia_textblock{\nfont-size:28px;\n}\n<\/style>\n<section  class='av_textblock_section av-jtpksizx-4b352f2a2752c01e58a4c67632af1aa6 '   itemscope=\"itemscope\" itemtype=\"https:\/\/schema.org\/BlogPosting\" itemprop=\"blogPost\" ><div class='avia_textblock'  itemprop=\"text\" ><p><strong>\u2013 Lesen Sie auch \u2013<\/strong><\/p>\n<\/div><\/section>\n\n<style type=\"text\/css\" data-created_by=\"avia_inline_auto\" id=\"style-css-av-7tzf5-e6e9a5bdae0b67e6b0f568ed33849f23\">\n.flex_column.av-7tzf5-e6e9a5bdae0b67e6b0f568ed33849f23{\nborder-radius:0px 0px 0px 0px;\npadding:0px 0px 0px 0px;\n}\n<\/style>\n<div  class='flex_column av-7tzf5-e6e9a5bdae0b67e6b0f568ed33849f23 av_one_third first flex_column_div av-zero-column-padding  '     ><p>\n<style type=\"text\/css\" data-created_by=\"avia_inline_auto\" id=\"style-css-av-jt75ko0n-ef4ac53649851e1f1c4c426b7807d285\">\n.avia-image-container.av-jt75ko0n-ef4ac53649851e1f1c4c426b7807d285 img.avia_image{\nbox-shadow:none;\n}\n.avia-image-container.av-jt75ko0n-ef4ac53649851e1f1c4c426b7807d285 .av-image-caption-overlay-center{\ncolor:#ffffff;\n}\n<\/style>\n<div  class='avia-image-container av-jt75ko0n-ef4ac53649851e1f1c4c426b7807d285 av-styling-no-styling av-hover-grow av-hide-overflow av-img-linked avia_animated_image av-animated-when-visible-95 fade-in avia-align-left'   itemprop=\"image\" itemscope=\"itemscope\" itemtype=\"https:\/\/schema.org\/ImageObject\" ><div class=\"avia-image-container-inner\"><div class=\"avia-image-overlay-wrap\"><a href=\"https:\/\/www.tuicamper.com\/magazin\/vancouver-island-rundreise\/\" class='avia_image '  aria-label='Vancouver Island'><img decoding=\"async\" fetchpriority=\"high\" class='wp-image-1892 avia-img-lazy-loading-not-1892 avia_image ' src=\"https:\/\/www.tuicamper.com\/wp-docker\/wp-content\/uploads\/2019\/04\/vancouver-island-teaser.jpg\" alt='Vancouver Island' title='Vancouver Island'  height=\"200\" width=\"350\"  itemprop=\"thumbnailUrl\" srcset=\"https:\/\/www.tuicamper.com\/wp-docker\/wp-content\/uploads\/2019\/04\/vancouver-island-teaser.jpg 350w, https:\/\/www.tuicamper.com\/wp-docker\/wp-content\/uploads\/2019\/04\/vancouver-island-teaser-300x171.jpg 300w\" sizes=\"(max-width: 350px) 100vw, 350px\" \/><\/a><\/div><\/div><\/div><br \/>\n<section  class='av_textblock_section av-jt75lbqb-bba29013bb6610b0762c56b6a5ae7819 '   itemscope=\"itemscope\" itemtype=\"https:\/\/schema.org\/BlogPosting\" itemprop=\"blogPost\" ><div class='avia_textblock'  itemprop=\"text\" ><p style=\"text-align: left;\"><a href=\"https:\/\/www.tuicamper.com\/magazin\/vancouver-island-rundreise\/\"><strong>Vancouver Island Rundreise \u2013 Die sch\u00f6nsten Highlights mit dem Wohnmobil<\/strong><\/a><\/p>\n<\/div><\/section><\/p><\/div>\n\n<style type=\"text\/css\" data-created_by=\"avia_inline_auto\" id=\"style-css-av-ehyb5-8fadcff6392c44a3fc98dc4b014d4246\">\n.flex_column.av-ehyb5-8fadcff6392c44a3fc98dc4b014d4246{\nborder-radius:0px 0px 0px 0px;\npadding:0px 0px 0px 0px;\n}\n<\/style>\n<div  class='flex_column av-ehyb5-8fadcff6392c44a3fc98dc4b014d4246 av_one_third flex_column_div av-zero-column-padding  '     ><p>\n<style type=\"text\/css\" data-created_by=\"avia_inline_auto\" id=\"style-css-av-jt75ko0n-e37989b311beedc2e917d886669b1e1b\">\n.avia-image-container.av-jt75ko0n-e37989b311beedc2e917d886669b1e1b img.avia_image{\nbox-shadow:none;\n}\n.avia-image-container.av-jt75ko0n-e37989b311beedc2e917d886669b1e1b .av-image-caption-overlay-center{\ncolor:#ffffff;\n}\n<\/style>\n<div  class='avia-image-container av-jt75ko0n-e37989b311beedc2e917d886669b1e1b av-styling-no-styling av-hover-grow av-hide-overflow av-img-linked avia_animated_image av-animated-when-visible-95 fade-in avia-align-left'   itemprop=\"image\" itemscope=\"itemscope\" itemtype=\"https:\/\/schema.org\/ImageObject\" ><div class=\"avia-image-container-inner\"><div class=\"avia-image-overlay-wrap\"><a href=\"https:\/\/www.tuicamper.com\/magazin\/banff-nationalpark\/\" class='avia_image '  aria-label='Banff Nationalpark'><img decoding=\"async\" fetchpriority=\"high\" class='wp-image-1719 avia-img-lazy-loading-not-1719 avia_image ' src=\"https:\/\/www.tuicamper.com\/wp-docker\/wp-content\/uploads\/2019\/04\/banff-nationalpark-teaser.jpg\" alt='Banff Nationalpark' title='Banff Nationalpark'  height=\"200\" width=\"350\"  itemprop=\"thumbnailUrl\" srcset=\"https:\/\/www.tuicamper.com\/wp-docker\/wp-content\/uploads\/2019\/04\/banff-nationalpark-teaser.jpg 350w, https:\/\/www.tuicamper.com\/wp-docker\/wp-content\/uploads\/2019\/04\/banff-nationalpark-teaser-300x171.jpg 300w\" sizes=\"(max-width: 350px) 100vw, 350px\" \/><\/a><\/div><\/div><\/div><br \/>\n<section  class='av_textblock_section av-jt75lbqb-bba29013bb6610b0762c56b6a5ae7819 '   itemscope=\"itemscope\" itemtype=\"https:\/\/schema.org\/BlogPosting\" itemprop=\"blogPost\" ><div class='avia_textblock'  itemprop=\"text\" ><p style=\"text-align: left;\"><strong><a href=\"https:\/\/www.tuicamper.com\/magazin\/banff-nationalpark\/\">Banff-Nationalpark \u2013 Sehensw\u00fcrdigkeiten, Camping &amp; die besten Tipps<\/a><\/strong><\/p>\n<\/div><\/section><\/p><\/div>\n\n<style type=\"text\/css\" data-created_by=\"avia_inline_auto\" id=\"style-css-av-ehyb5-8fadcff6392c44a3fc98dc4b014d4246\">\n.flex_column.av-ehyb5-8fadcff6392c44a3fc98dc4b014d4246{\nborder-radius:0px 0px 0px 0px;\npadding:0px 0px 0px 0px;\n}\n<\/style>\n<div  class='flex_column av-ehyb5-8fadcff6392c44a3fc98dc4b014d4246 av_one_third flex_column_div av-zero-column-padding  '     ><p>\n<style type=\"text\/css\" data-created_by=\"avia_inline_auto\" id=\"style-css-av-jt75ko0n-84ae4ae00b92efcdb2a1a90fa2bb60a6\">\n.avia-image-container.av-jt75ko0n-84ae4ae00b92efcdb2a1a90fa2bb60a6 img.avia_image{\nbox-shadow:none;\n}\n.avia-image-container.av-jt75ko0n-84ae4ae00b92efcdb2a1a90fa2bb60a6 .av-image-caption-overlay-center{\ncolor:#ffffff;\n}\n<\/style>\n<div  class='avia-image-container av-jt75ko0n-84ae4ae00b92efcdb2a1a90fa2bb60a6 av-styling-no-styling av-hover-grow av-hide-overflow av-img-linked avia_animated_image av-animated-when-visible-95 fade-in avia-align-left'   itemprop=\"image\" itemscope=\"itemscope\" itemtype=\"https:\/\/schema.org\/ImageObject\" ><div class=\"avia-image-container-inner\"><div class=\"avia-image-overlay-wrap\"><a href=\"https:\/\/www.tuicamper.com\/magazin\/yukon-reisebericht\/\" class='avia_image '  aria-label='Yukon Reisebericht'><img decoding=\"async\" fetchpriority=\"high\" class='wp-image-2139 avia-img-lazy-loading-not-2139 avia_image ' src=\"https:\/\/www.tuicamper.com\/wp-docker\/wp-content\/uploads\/2019\/04\/yukon-reisebericht-teaser.jpg\" alt='Yukon Reisebericht' title='Yukon Reisebericht'  height=\"200\" width=\"350\"  itemprop=\"thumbnailUrl\" srcset=\"https:\/\/www.tuicamper.com\/wp-docker\/wp-content\/uploads\/2019\/04\/yukon-reisebericht-teaser.jpg 350w, https:\/\/www.tuicamper.com\/wp-docker\/wp-content\/uploads\/2019\/04\/yukon-reisebericht-teaser-300x171.jpg 300w\" sizes=\"(max-width: 350px) 100vw, 350px\" \/><\/a><\/div><\/div><\/div><br \/>\n<section  class='av_textblock_section av-jt75lbqb-bba29013bb6610b0762c56b6a5ae7819 '   itemscope=\"itemscope\" itemtype=\"https:\/\/schema.org\/BlogPosting\" itemprop=\"blogPost\" ><div class='avia_textblock'  itemprop=\"text\" ><p style=\"text-align: left;\"><strong><a href=\"https:\/\/www.tuicamper.com\/magazin\/yukon-reisebericht\/\">Abenteuer Yukon \u2013 Endlose Traumstra\u00dfen &amp; unber\u00fchrte Natur<\/a><\/strong><\/p>\n<\/div><\/section><\/p><\/div>\n            <div style=\"clear: both;\"><\/div>\r\n            <\/div>\r\n<\/div>\r\n\n<\/div><\/section>\n<\/div><\/div><\/div><!-- close content main div --><\/div><\/div><div id='av_section_15'  class='avia-section av-jt5vrdgv-4386718e65b314e69682ca60ae604601 main_color avia-section-default avia-no-border-styling  avia-builder-el-38  el_after_av_textblock  avia-builder-el-last  reduced-content avia-bg-style-scroll container_wrap sidebar_right'  ><div class='container av-section-cont-open' ><div class='template-page content  av-content-small alpha units'><div class='post-entry post-entry-type-page post-entry-2112'><div class='entry-content-wrapper clearfix'>\n<div  class='avia-button-wrap av-ju2eusip-1d1663851887c68fd81c09ffb94fc3b9-wrap avia-button-center  avia-builder-el-39  el_before_av_one_full  avia-builder-el-first '><a href='https:\/\/www.tuicamper.com\/reiseziele\/nordamerika\/kanada\/'  class='avia-button av-ju2eusip-1d1663851887c68fd81c09ffb94fc3b9 av-link-btn avia-icon_select-yes-right-icon avia-size-large avia-position-center avia-color-theme-color'   aria-label=\"Jetzt Wohnmobil mieten f\u00fcr Kanada\"><span class='avia_iconbox_title' >Jetzt Wohnmobil mieten f\u00fcr Kanada<\/span><span class='avia_button_icon avia_button_icon_right avia-iconfont avia-font-entypo-fontello' data-av_icon='\ue875' data-av_iconfont='entypo-fontello' ><\/span><\/a><\/div>\n\n<style type=\"text\/css\" data-created_by=\"avia_inline_auto\" id=\"style-css-av-1g5aou-6e8505d9de1136ce38f66b0d0e5d2a36\">\n.flex_column.av-1g5aou-6e8505d9de1136ce38f66b0d0e5d2a36{\nborder-radius:0px 0px 0px 0px;\npadding:0px 0px 0px 0px;\n}\n<\/style>\n<div  class='flex_column av-1g5aou-6e8505d9de1136ce38f66b0d0e5d2a36 av_one_full  avia-builder-el-40  el_after_av_button  el_before_av_social_share  first flex_column_div av-zero-column-padding  '     ><style type=\"text\/css\" data-created_by=\"avia_inline_auto\" id=\"style-css-av-jt5tjyk0-26a28d0242835cbba60d70517a13c769\">\n#top .av_textblock_section.av-jt5tjyk0-26a28d0242835cbba60d70517a13c769 .avia_textblock{\nfont-size:28px;\n}\n<\/style>\n<section  class='av_textblock_section av-jt5tjyk0-26a28d0242835cbba60d70517a13c769 '   itemscope=\"itemscope\" itemtype=\"https:\/\/schema.org\/BlogPosting\" itemprop=\"blogPost\" ><div class='avia_textblock'  itemprop=\"text\" ><p><strong>Ihr TUI CAMPER-Team w\u00fcnscht Ihnen einen vielseitigen Wohnmobil-Urlaub in Kanada!<\/strong><\/p>\n<\/div><\/section><\/div><div  class='av-social-sharing-box av-10zg8-8676a2d54b4a15bbf6c39a1c18f0815b av-social-sharing-box-default  avia-builder-el-42  el_after_av_one_full  avia-builder-el-last  av-social-sharing-box-fullwidth'><div class=\"av-share-box\"><ul class=\"av-share-box-list noLightbox\"><li class='av-share-link av-social-link-facebook avia_social_iconfont' ><a target=\"_blank\" aria-label=\"Teilen auf Facebook\" href='https:\/\/www.facebook.com\/sharer.php?u=https:\/\/www.tuicamper.com\/magazin\/beste-reisezeit-kanada\/&#038;t=Beste%20Reisezeit%20Kanada%3A%20Alle%20Klimainfos%20zu%20den%20einzelnen%20Regionen' data-av_icon='\ue8f3' data-av_iconfont='entypo-fontello'  title='' data-avia-related-tooltip='Teilen auf Facebook'><span class='avia_hidden_link_text'>Teilen auf Facebook<\/span><\/a><\/li><li class='av-share-link av-social-link-twitter avia_social_iconfont' ><a target=\"_blank\" aria-label=\"Teilen auf X\" href='https:\/\/twitter.com\/share?text=Beste%20Reisezeit%20Kanada%3A%20Alle%20Klimainfos%20zu%20den%20einzelnen%20Regionen&#038;url=https:\/\/www.tuicamper.com\/magazin\/beste-reisezeit-kanada\/' data-av_icon='\ue932' data-av_iconfont='entypo-fontello'  title='' data-avia-related-tooltip='Teilen auf X'><span class='avia_hidden_link_text'>Teilen auf X<\/span><\/a><\/li><li class='av-share-link av-social-link-whatsapp avia_social_iconfont' ><a target=\"_blank\" aria-label=\"Teilen auf WhatsApp\" href='https:\/\/api.whatsapp.com\/send?text=https:\/\/www.tuicamper.com\/magazin\/beste-reisezeit-kanada\/' data-av_icon='\uf232' data-av_iconfont='entypo-fontello'  title='' data-avia-related-tooltip='Teilen auf WhatsApp'><span class='avia_hidden_link_text'>Teilen auf WhatsApp<\/span><\/a><\/li><li class='av-share-link av-social-link-pinterest avia_social_iconfont' ><a target=\"_blank\" aria-label=\"Teilen auf Pinterest\" href='https:\/\/pinterest.com\/pin\/create\/button\/?url=https%3A%2F%2Fwww.tuicamper.com%2Fmagazin%2Fbeste-reisezeit-kanada%2F&#038;description=Beste%20Reisezeit%20Kanada%3A%20Alle%20Klimainfos%20zu%20den%20einzelnen%20Regionen&#038;media=https%3A%2F%2Fwww.tuicamper.com%2Fwp-docker%2Fwp-content%2Fuploads%2F2019%2F04%2Fmoraine-see-705x269.jpg' data-av_icon='\ue8f8' data-av_iconfont='entypo-fontello'  title='' data-avia-related-tooltip='Teilen auf Pinterest'><span class='avia_hidden_link_text'>Teilen auf Pinterest<\/span><\/a><\/li><li class='av-share-link av-social-link-mail avia_social_iconfont' ><a  aria-label=\"Per E-Mail teilen\" href='mailto:?subject=Beste%20Reisezeit%20Kanada%3A%20Alle%20Klimainfos%20zu%20den%20einzelnen%20Regionen&#038;body=https:\/\/www.tuicamper.com\/magazin\/beste-reisezeit-kanada\/' data-av_icon='\ue805' data-av_iconfont='entypo-fontello'  title='' data-avia-related-tooltip='Per E-Mail teilen'><span class='avia_hidden_link_text'>Per E-Mail teilen<\/span><\/a><\/li><\/ul><\/div><\/div>\n<\/div><\/div><\/div><!-- close content main div --><\/div><\/div><div id='after_section_15'  class='main_color av_default_container_wrap container_wrap sidebar_right'  ><div class='container av-section-cont-open' ><div class='template-page content  av-content-small alpha units'><div class='post-entry post-entry-type-page post-entry-2112'><div class='entry-content-wrapper clearfix'>\n","protected":false},"excerpt":{"rendered":"<p>Kanada: Das zweitgr\u00f6\u00dfte Land der Welt hat viele faszinierenden Seiten. Lesen Sie hier, welche Reisezeit sich f\u00fcr eine Erkundung Kanadas mit dem Camper anbietet! <\/p>\n","protected":false},"author":4,"featured_media":2129,"comment_status":"open","ping_status":"open","sticky":false,"template":"","format":"standard","meta":{"footnotes":""},"categories":[29],"tags":[48,56],"class_list":["post-2112","post","type-post","status-publish","format-standard","has-post-thumbnail","hentry","category-reisezeit","tag-buchungstipps","tag-kanada"],"yoast_head":"<!-- This site is optimized with the Yoast SEO plugin v27.4 - https:\/\/yoast.com\/product\/yoast-seo-wordpress\/ -->\n<title>Beste Reisezeit Kanada: Alle Klimainfos zu den einzelnen Regionen<\/title>\n<meta name=\"description\" content=\"Kanada: Das zweitgr\u00f6\u00dfte Land der Welt hat viele faszinierenden Seiten. Lesen Sie hier, welche Reisezeit sich f\u00fcr eine Erkundung Kanadas mit dem Camper anbietet!\" \/>\n<meta name=\"robots\" content=\"index, follow, max-snippet:-1, max-image-preview:large, max-video-preview:-1\" \/>\n<link rel=\"canonical\" href=\"https:\/\/www.tuicamper.com\/magazin\/beste-reisezeit-kanada\/\" \/>\n<meta property=\"og:locale\" content=\"de_DE\" \/>\n<meta property=\"og:type\" content=\"article\" \/>\n<meta property=\"og:title\" content=\"Beste Reisezeit Kanada: Alle Klimainfos zu den einzelnen Regionen\" \/>\n<meta property=\"og:description\" content=\"Kanada: Das zweitgr\u00f6\u00dfte Land der Welt hat viele faszinierenden Seiten. Lesen Sie hier, welche Reisezeit sich f\u00fcr eine Erkundung Kanadas mit dem Camper anbietet!\" \/>\n<meta property=\"og:url\" content=\"https:\/\/www.tuicamper.com\/magazin\/beste-reisezeit-kanada\/\" \/>\n<meta property=\"og:site_name\" content=\"TUI Camper Magazin\" \/>\n<meta property=\"article:published_time\" content=\"2019-05-20T10:05:23+00:00\" \/>\n<meta property=\"article:modified_time\" content=\"2023-11-08T12:57:19+00:00\" \/>\n<meta property=\"og:image\" content=\"https:\/\/www.tuicamper.com\/wp-docker\/wp-content\/uploads\/2019\/04\/moraine-see.jpg\" \/>\n\t<meta property=\"og:image:width\" content=\"1310\" \/>\n\t<meta property=\"og:image:height\" content=\"500\" \/>\n\t<meta property=\"og:image:type\" content=\"image\/jpeg\" \/>\n<meta name=\"author\" content=\"Trang\" \/>\n<meta name=\"twitter:card\" content=\"summary_large_image\" \/>\n<meta name=\"twitter:label1\" content=\"Verfasst von\" \/>\n\t<meta name=\"twitter:data1\" content=\"Trang\" \/>\n\t<meta name=\"twitter:label2\" content=\"Gesch\u00e4tzte Lesezeit\" \/>\n\t<meta name=\"twitter:data2\" content=\"11\u00a0Minuten\" \/>\n<!-- \/ Yoast SEO plugin. -->","yoast_head_json":{"title":"Beste Reisezeit Kanada: Alle Klimainfos zu den einzelnen Regionen","description":"Kanada: Das zweitgr\u00f6\u00dfte Land der Welt hat viele faszinierenden Seiten. Lesen Sie hier, welche Reisezeit sich f\u00fcr eine Erkundung Kanadas mit dem Camper anbietet!","robots":{"index":"index","follow":"follow","max-snippet":"max-snippet:-1","max-image-preview":"max-image-preview:large","max-video-preview":"max-video-preview:-1"},"canonical":"https:\/\/www.tuicamper.com\/magazin\/beste-reisezeit-kanada\/","og_locale":"de_DE","og_type":"article","og_title":"Beste Reisezeit Kanada: Alle Klimainfos zu den einzelnen Regionen","og_description":"Kanada: Das zweitgr\u00f6\u00dfte Land der Welt hat viele faszinierenden Seiten. Lesen Sie hier, welche Reisezeit sich f\u00fcr eine Erkundung Kanadas mit dem Camper anbietet!","og_url":"https:\/\/www.tuicamper.com\/magazin\/beste-reisezeit-kanada\/","og_site_name":"TUI Camper Magazin","article_published_time":"2019-05-20T10:05:23+00:00","article_modified_time":"2023-11-08T12:57:19+00:00","og_image":[{"width":1310,"height":500,"url":"https:\/\/www.tuicamper.com\/wp-docker\/wp-content\/uploads\/2019\/04\/moraine-see.jpg","type":"image\/jpeg"}],"author":"Trang","twitter_card":"summary_large_image","twitter_misc":{"Verfasst von":"Trang","Gesch\u00e4tzte Lesezeit":"11\u00a0Minuten"},"schema":{"@context":"https:\/\/schema.org","@graph":[{"@type":"Article","@id":"https:\/\/www.tuicamper.com\/magazin\/beste-reisezeit-kanada\/#article","isPartOf":{"@id":"https:\/\/www.tuicamper.com\/magazin\/beste-reisezeit-kanada\/"},"author":{"name":"Trang","@id":"https:\/\/www.tuicamper.com\/wp-docker\/#\/schema\/person\/64621aaf52862d378f4e7a6961086fa3"},"headline":"Beste Reisezeit Kanada: Alle Klimainfos zu den einzelnen Regionen","datePublished":"2019-05-20T10:05:23+00:00","dateModified":"2023-11-08T12:57:19+00:00","mainEntityOfPage":{"@id":"https:\/\/www.tuicamper.com\/magazin\/beste-reisezeit-kanada\/"},"wordCount":3980,"commentCount":0,"image":{"@id":"https:\/\/www.tuicamper.com\/magazin\/beste-reisezeit-kanada\/#primaryimage"},"thumbnailUrl":"https:\/\/www.tuicamper.com\/wp-docker\/wp-content\/uploads\/2019\/04\/moraine-see.jpg","keywords":["Buchungstipps","Kanada"],"articleSection":["Reisezeit"],"inLanguage":"de","potentialAction":[{"@type":"CommentAction","name":"Comment","target":["https:\/\/www.tuicamper.com\/magazin\/beste-reisezeit-kanada\/#respond"]}]},{"@type":"WebPage","@id":"https:\/\/www.tuicamper.com\/magazin\/beste-reisezeit-kanada\/","url":"https:\/\/www.tuicamper.com\/magazin\/beste-reisezeit-kanada\/","name":"Beste Reisezeit Kanada: Alle Klimainfos zu den einzelnen Regionen","isPartOf":{"@id":"https:\/\/www.tuicamper.com\/#website"},"primaryImageOfPage":{"@id":"https:\/\/www.tuicamper.com\/magazin\/beste-reisezeit-kanada\/#primaryimage"},"image":{"@id":"https:\/\/www.tuicamper.com\/magazin\/beste-reisezeit-kanada\/#primaryimage"},"thumbnailUrl":"https:\/\/www.tuicamper.com\/wp-content\/uploads\/2019\/04\/moraine-see.jpg","datePublished":"2019-05-20T10:05:23+00:00","dateModified":"2023-11-08T12:57:19+00:00","author":{"@id":"https:\/\/www.tuicamper.com\/#\/schema\/person\/64621aaf52862d378f4e7a6961086fa3"},"description":"Kanada: Das zweitgr\u00f6\u00dfte Land der Welt hat viele faszinierenden Seiten. Lesen Sie hier, welche Reisezeit sich f\u00fcr eine Erkundung Kanadas mit dem Camper anbietet!","breadcrumb":{"@id":"https:\/\/www.tuicamper.com\/magazin\/beste-reisezeit-kanada\/#breadcrumb"},"inLanguage":"de","potentialAction":["Array"]},{"@type":"ImageObject","inLanguage":"de","@id":"https:\/\/www.tuicamper.com\/magazin\/beste-reisezeit-kanada\/#primaryimage","url":"https:\/\/www.tuicamper.com\/wp-docker\/wp-content\/uploads\/2019\/04\/moraine-see.jpg","contentUrl":"https:\/\/www.tuicamper.com\/wp-docker\/wp-content\/uploads\/2019\/04\/moraine-see.jpg","width":1310,"height":500,"caption":"Beste Reisezeit Kanada"},{"@type":"BreadcrumbList","@id":"https:\/\/www.tuicamper.com\/magazin\/beste-reisezeit-kanada\/#breadcrumb","itemListElement":[{"@type":"ListItem","position":1,"name":"Startseite","item":"https:\/\/www.tuicamper.com\/wp-docker\/"},{"@type":"ListItem","position":2,"name":"Beste Reisezeit Kanada: Alle Klimainfos zu den einzelnen Regionen"}]},{"@type":"WebSite","@id":"https:\/\/www.tuicamper.com\/#website","url":"https:\/\/www.tuicamper.com\/","name":"TUI Camper Magazin","description":"","potentialAction":["Array"],"inLanguage":"de"},{"@type":"Person","@id":"https:\/\/www.tuicamper.com\/wp-docker\/#\/schema\/person\/64621aaf52862d378f4e7a6961086fa3","name":"Trang","image":{"@type":"ImageObject","inLanguage":"de","@id":"https:\/\/secure.gravatar.com\/avatar\/c946f00f16c232f8cdecfb386f553c12468182e6b4443fb0719b0ef4d8387620?s=96&d=mm&r=g","url":"https:\/\/secure.gravatar.com\/avatar\/c946f00f16c232f8cdecfb386f553c12468182e6b4443fb0719b0ef4d8387620?s=96&d=mm&r=g","contentUrl":"https:\/\/secure.gravatar.com\/avatar\/c946f00f16c232f8cdecfb386f553c12468182e6b4443fb0719b0ef4d8387620?s=96&d=mm&r=g","caption":"Trang"},"url":"https:\/\/www.tuicamper.com\/wp-docker\/magazin\/author\/trang\/"}]}},"_links":{"self":[{"href":"https:\/\/www.tuicamper.com\/wp-docker\/wp-json\/wp\/v2\/posts\/2112","targetHints":{"allow":["GET"]}}],"collection":[{"href":"https:\/\/www.tuicamper.com\/wp-docker\/wp-json\/wp\/v2\/posts"}],"about":[{"href":"https:\/\/www.tuicamper.com\/wp-docker\/wp-json\/wp\/v2\/types\/post"}],"author":[{"embeddable":true,"href":"https:\/\/www.tuicamper.com\/wp-docker\/wp-json\/wp\/v2\/users\/4"}],"replies":[{"embeddable":true,"href":"https:\/\/www.tuicamper.com\/wp-docker\/wp-json\/wp\/v2\/comments?post=2112"}],"version-history":[{"count":19,"href":"https:\/\/www.tuicamper.com\/wp-docker\/wp-json\/wp\/v2\/posts\/2112\/revisions"}],"predecessor-version":[{"id":64359,"href":"https:\/\/www.tuicamper.com\/wp-docker\/wp-json\/wp\/v2\/posts\/2112\/revisions\/64359"}],"wp:featuredmedia":[{"embeddable":true,"href":"https:\/\/www.tuicamper.com\/wp-docker\/wp-json\/wp\/v2\/media\/2129"}],"wp:attachment":[{"href":"https:\/\/www.tuicamper.com\/wp-docker\/wp-json\/wp\/v2\/media?parent=2112"}],"wp:term":[{"taxonomy":"category","embeddable":true,"href":"https:\/\/www.tuicamper.com\/wp-docker\/wp-json\/wp\/v2\/categories?post=2112"},{"taxonomy":"post_tag","embeddable":true,"href":"https:\/\/www.tuicamper.com\/wp-docker\/wp-json\/wp\/v2\/tags?post=2112"}],"curies":[{"name":"wp","href":"https:\/\/api.w.org\/{rel}","templated":true}]}}