{"id":2019,"date":"2019-04-26T16:07:58","date_gmt":"2019-04-26T14:07:58","guid":{"rendered":"https:\/\/www.tuicamper.com\/wp-docker\/?p=2019"},"modified":"2019-05-03T11:06:42","modified_gmt":"2019-05-03T09:06:42","slug":"ihre-erste-camper-reise-das-sollten-sie-wissen","status":"publish","type":"post","link":"https:\/\/www.tuicamper.com\/magazin\/ihre-erste-camper-reise-das-sollten-sie-wissen\/","title":{"rendered":"Tipps f\u00fcr Ihre erste Camper-Reise &#8211; das sollten Sie wissen"},"content":{"rendered":"<div id='av_section_1'  class='avia-section av-jt5vrdgv-4386718e65b314e69682ca60ae604601 main_color avia-section-default avia-no-border-styling  avia-builder-el-0  el_before_av_textblock  avia-builder-el-first  reduced-content avia-bg-style-scroll container_wrap sidebar_right'  ><div class='container av-section-cont-open' ><main  role=\"main\" itemprop=\"mainContentOfPage\"  class='template-page content  av-content-small alpha units'><div class='post-entry post-entry-type-page post-entry-2019'><div class='entry-content-wrapper clearfix'>\n\n<style type=\"text\/css\" data-created_by=\"avia_inline_auto\" id=\"style-css-av-1g5aou-6e8505d9de1136ce38f66b0d0e5d2a36\">\n.flex_column.av-1g5aou-6e8505d9de1136ce38f66b0d0e5d2a36{\nborder-radius:0px 0px 0px 0px;\npadding:0px 0px 0px 0px;\n}\n<\/style>\n<div  class='flex_column av-1g5aou-6e8505d9de1136ce38f66b0d0e5d2a36 av_one_full  avia-builder-el-1  avia-builder-el-no-sibling  first flex_column_div av-zero-column-padding  '     ><section  class='av_textblock_section av-jt5tjyk0-1e04ddf86ca9bd8201b4b17bbb4a6491 '   itemscope=\"itemscope\" itemtype=\"https:\/\/schema.org\/BlogPosting\" itemprop=\"blogPost\" ><div class='avia_textblock'  itemprop=\"text\" ><p>Sie tr\u00e4umen von einer Reise durch faszinierende Landschaften und einem Gef\u00fchl von unendlicher Freiheit? Das Leben im eigenen Tempo genie\u00dfen? Morgens an spektakul\u00e4ren Wasserf\u00e4llen fr\u00fchst\u00fccken und nachts den glitzernden Sternenhimmel mitten in der Natur genie\u00dfen? <b>Dann sollten Sie unbedingt \u00fcber eine Wohnmobil-Reise nachdenken.<\/b><\/p>\n<\/div><\/section><\/div>\n<\/div><\/div><\/main><!-- close content main element --><\/div><\/div><div id='after_section_1'  class='main_color av_default_container_wrap container_wrap sidebar_right'  ><div class='container av-section-cont-open' ><div class='template-page content  av-content-small alpha units'><div class='post-entry post-entry-type-page post-entry-2019'><div class='entry-content-wrapper clearfix'>\n<section  class='av_textblock_section av-jtpqpty6-550c066a997ebaf648fccc87d0b9ff16 '   itemscope=\"itemscope\" itemtype=\"https:\/\/schema.org\/BlogPosting\" itemprop=\"blogPost\" ><div class='avia_textblock'  itemprop=\"text\" >\n<\/div><\/section>\n<\/div><\/div><\/div><!-- close content main div --><\/div><\/div><div id='av_section_2'  class='avia-section av-jt5vrdgv-4386718e65b314e69682ca60ae604601 main_color avia-section-default avia-no-border-styling  avia-builder-el-4  el_after_av_textblock  el_before_av_section  reduced-content avia-bg-style-scroll container_wrap sidebar_right'  ><div class='container av-section-cont-open' ><div class='template-page content  av-content-small alpha units'><div class='post-entry post-entry-type-page post-entry-2019'><div class='entry-content-wrapper clearfix'>\n<section  class='av_textblock_section av-jt5tjyk0-1e04ddf86ca9bd8201b4b17bbb4a6491 '   itemscope=\"itemscope\" itemtype=\"https:\/\/schema.org\/BlogPosting\" itemprop=\"blogPost\" ><div class='avia_textblock'  itemprop=\"text\" ><div id=\"js-table-of-contents\">\r\n    <strong>Inhaltsverzeichnis<\/strong>\r\n<\/div>\n<\/div><\/section>\n\n<\/div><\/div><\/div><!-- close content main div --><\/div><\/div><div id='av_section_3'  class='avia-section av-jt5vrdgv-4386718e65b314e69682ca60ae604601 main_color avia-section-default avia-no-border-styling  avia-builder-el-6  el_after_av_section  el_before_av_section  reduced-content avia-bg-style-scroll container_wrap sidebar_right'  ><div class='container av-section-cont-open' ><div class='template-page content  av-content-small alpha units'><div class='post-entry post-entry-type-page post-entry-2019'><div class='entry-content-wrapper clearfix'>\n\n<style type=\"text\/css\" data-created_by=\"avia_inline_auto\" id=\"style-css-av-1g5aou-6e8505d9de1136ce38f66b0d0e5d2a36\">\n.flex_column.av-1g5aou-6e8505d9de1136ce38f66b0d0e5d2a36{\nborder-radius:0px 0px 0px 0px;\npadding:0px 0px 0px 0px;\n}\n<\/style>\n<div  class='flex_column av-1g5aou-6e8505d9de1136ce38f66b0d0e5d2a36 av_one_full  avia-builder-el-7  avia-builder-el-no-sibling  first flex_column_div av-zero-column-padding  '     ><section  class='av_textblock_section av-jt5tjyk0-1e04ddf86ca9bd8201b4b17bbb4a6491 '   itemscope=\"itemscope\" itemtype=\"https:\/\/schema.org\/BlogPosting\" itemprop=\"blogPost\" ><div class='avia_textblock'  itemprop=\"text\" ><h2>Worauf kommt es bei der Planung eines Camper-Urlaubs an?<\/h2>\n<p>Als erstes sollten Sie sich folgende Fragen stellen:<\/p>\n<ul>\n<li>Wohin m\u00f6chten Sie wann reisen?<\/li>\n<li>Zu welcher Jahreszeit sind Sie dort?<\/li>\n<li>Mit wie vielen Personen reisen Sie?<\/li>\n<li>Wie lang soll die Reise sein?<\/li>\n<li>Welches Budget steht pro Person zur Verf\u00fcgung?<\/li>\n<\/ul>\n<p>Erfahrungsgem\u00e4\u00df kann man die Fragen nicht sofort beantworten. Viele Camper-Neulinge suchen das Abenteuer, wissen aber nicht unbedingt, wohin die Reise gehen soll. Deshalb bieten wir \u00fcber unsere Merklisten-Funktion die M\u00f6glichkeit, Camper in verschiedenen L\u00e4ndern und zu unterschiedlichen Mietzeitr\u00e4umen abzulegen und zu vergleichen.<\/p>\n<\/div><\/section><\/div>\n\n<\/div><\/div><\/div><!-- close content main div --><\/div><\/div><div id='av_section_4'  class='avia-section av-b7gvl-1eb57de5f7b7a94c40602e8cf977ebb0 main_color avia-section-default avia-no-border-styling  avia-builder-el-9  el_after_av_section  el_before_av_section  reduced-content avia-bg-style-scroll container_wrap sidebar_right'  ><div class='container av-section-cont-open' ><div class='template-page content  av-content-small alpha units'><div class='post-entry post-entry-type-page post-entry-2019'><div class='entry-content-wrapper clearfix'>\n\n<style type=\"text\/css\" data-created_by=\"avia_inline_auto\" id=\"style-css-av-jtplvt5k-a9cf5de689650e55b14966e3162318d6\">\n.avia-image-container.av-jtplvt5k-a9cf5de689650e55b14966e3162318d6 img.avia_image{\nbox-shadow:none;\n}\n.avia-image-container.av-jtplvt5k-a9cf5de689650e55b14966e3162318d6 .av-caption-image-overlay-bg{\nopacity:0.4;\nbackground-color:#000000;\n}\n.avia-image-container.av-jtplvt5k-a9cf5de689650e55b14966e3162318d6 .av-image-caption-overlay-center{\ncolor:#ffffff;\n}\n<\/style>\n<div  class='avia-image-container av-jtplvt5k-a9cf5de689650e55b14966e3162318d6 av-styling- av-img-linked avia_animated_image av-animated-when-visible-95 fade-in avia-align-center  avia-builder-el-10  avia-builder-el-no-sibling  noHover av-overlay-on-hover'   itemprop=\"image\" itemscope=\"itemscope\" itemtype=\"https:\/\/schema.org\/ImageObject\" ><div class=\"avia-image-container-inner\"><div class=\"avia-image-overlay-wrap\"><a href=\"https:\/\/www.tuicamper.com\/wp-docker\/wp-content\/uploads\/2019\/04\/stellplatz-ausblick-1030x655.jpg\" data-srcset=\"https:\/\/www.tuicamper.com\/wp-docker\/wp-content\/uploads\/2019\/04\/stellplatz-ausblick-1030x655.jpg 1030w, https:\/\/www.tuicamper.com\/wp-docker\/wp-content\/uploads\/2019\/04\/stellplatz-ausblick-300x191.jpg 300w, https:\/\/www.tuicamper.com\/wp-docker\/wp-content\/uploads\/2019\/04\/stellplatz-ausblick-768x488.jpg 768w, https:\/\/www.tuicamper.com\/wp-docker\/wp-content\/uploads\/2019\/04\/stellplatz-ausblick-705x448.jpg 705w, https:\/\/www.tuicamper.com\/wp-docker\/wp-content\/uploads\/2019\/04\/stellplatz-ausblick-450x286.jpg 450w, https:\/\/www.tuicamper.com\/wp-docker\/wp-content\/uploads\/2019\/04\/stellplatz-ausblick.jpg 1280w\" data-sizes=\"(max-width: 1030px) 100vw, 1030px\" class='avia_image '  aria-label='Stellplatz an der K\u00fcste vor Irland'><div class=\"av-image-caption-overlay\"><div class=\"av-caption-image-overlay-bg\"><\/div><div class=\"av-image-caption-overlay-position\"><div class=\"av-image-caption-overlay-center\"><p>Stellplatz an der K\u00fcste vor Irland<\/p>\n<\/div><\/div><\/div><img decoding=\"async\" fetchpriority=\"high\" class='wp-image-1870 avia-img-lazy-loading-not-1870 avia_image ' src=\"https:\/\/www.tuicamper.com\/wp-docker\/wp-content\/uploads\/2019\/04\/stellplatz-ausblick-1280x630.jpg\" alt='Stellplatz an der K\u00fcste vor Irland' title='Stellplatz an der K\u00fcste vor Irland'  height=\"630\" width=\"1280\"  itemprop=\"thumbnailUrl\"  \/><\/a><\/div><\/div><\/div>\n\n<\/div><\/div><\/div><!-- close content main div --><\/div><\/div><div id='av_section_5'  class='avia-section av-jt5vrdgv-4386718e65b314e69682ca60ae604601 main_color avia-section-default avia-no-border-styling  avia-builder-el-11  el_after_av_section  el_before_av_section  reduced-content avia-bg-style-scroll container_wrap sidebar_right'  ><div class='container av-section-cont-open' ><div class='template-page content  av-content-small alpha units'><div class='post-entry post-entry-type-page post-entry-2019'><div class='entry-content-wrapper clearfix'>\n\n<style type=\"text\/css\" data-created_by=\"avia_inline_auto\" id=\"style-css-av-1g5aou-6e8505d9de1136ce38f66b0d0e5d2a36\">\n.flex_column.av-1g5aou-6e8505d9de1136ce38f66b0d0e5d2a36{\nborder-radius:0px 0px 0px 0px;\npadding:0px 0px 0px 0px;\n}\n<\/style>\n<div  class='flex_column av-1g5aou-6e8505d9de1136ce38f66b0d0e5d2a36 av_one_full  avia-builder-el-12  avia-builder-el-no-sibling  first flex_column_div av-zero-column-padding  '     ><section  class='av_textblock_section av-jt5tjyk0-1e04ddf86ca9bd8201b4b17bbb4a6491 '   itemscope=\"itemscope\" itemtype=\"https:\/\/schema.org\/BlogPosting\" itemprop=\"blogPost\" ><div class='avia_textblock'  itemprop=\"text\" ><h2>Wohnmobil online buchen \u2013 Wann ist der richtige Zeitpunkt?<\/h2>\n<p>Wir empfehlen, sich\u00a0<a href=\"https:\/\/www.tuicamper.com\/magazin\/bester-zeitpunkt-camperbuchung\/\">fr\u00fchzeitig um die Buchung des Wohnmobils zu k\u00fcmmern<\/a>. So k\u00f6nnen Sie sicher gehen, dass Sie Ihr Wunsch-Fahrzeug erhalten. Die Nachfrage nach Campern und Wohnmobilen ist in den letzten Jahren schneller gestiegen als die Kapazit\u00e4ten. Insbesondere in den L\u00e4ndern\u00a0<a href=\"https:\/\/www.tuicamper.com\/reiseziele\/nordamerika\/usa\/\">USA<\/a>,\u00a0<a href=\"https:\/\/www.tuicamper.com\/reiseziele\/nordamerika\/kanada\/\">Kanada<\/a>,\u00a0<a href=\"https:\/\/www.tuicamper.com\/reiseziele\/ozeanien\/australien\/\">Australien<\/a>\u00a0und\u00a0<a href=\"https:\/\/www.tuicamper.com\/reiseziele\/ozeanien\/neuseeland\/\">Neuseeland<\/a>\u00a0ist es ratsam, sich\u00a0<b>6 bis 12 Monate vor Abreise<\/b>\u00a0ein Fahrzeug zu sichern.<br \/>\nWer in den Schulferien verreisen m\u00f6chte, sollte so fr\u00fch wie m\u00f6glich einen Camper buchen. Zumal man von attraktiven Fr\u00fchbucherrabatten profitieren kann. Ab Mitte\/Ende August werden die TUI CAMPER Fr\u00fchbucherpreise und Sparangebote f\u00fcr den darauffolgenden Sommer aktiv.<br \/>\nWer zeitlich flexibel ist und kein konkretes Ziel im Fokus hat, kann sich selbstverst\u00e4ndlich auch die Last-Minute-Angebote zu Nutze machen. Die besten Deals f\u00fcr Spontan-Bucher finden Sie unter\u00a0<a href=\"https:\/\/www.tuicamper.com\/angebote\/\">TUI CAMPER &gt; Angebote<\/a>.<\/p>\n<\/div><\/section><\/div>\n\n<\/div><\/div><\/div><!-- close content main div --><\/div><\/div><div id='av_section_6'  class='avia-section av-b7gvl-1eb57de5f7b7a94c40602e8cf977ebb0 main_color avia-section-default avia-no-border-styling  avia-builder-el-14  el_after_av_section  el_before_av_section  reduced-content avia-bg-style-scroll container_wrap sidebar_right'  ><div class='container av-section-cont-open' ><div class='template-page content  av-content-small alpha units'><div class='post-entry post-entry-type-page post-entry-2019'><div class='entry-content-wrapper clearfix'>\n\n<style type=\"text\/css\" data-created_by=\"avia_inline_auto\" id=\"style-css-av-jtplvt5k-2de1b363deca13ff74ad7f5d30f18138\">\n.avia-image-container.av-jtplvt5k-2de1b363deca13ff74ad7f5d30f18138 img.avia_image{\nbox-shadow:none;\n}\n.avia-image-container.av-jtplvt5k-2de1b363deca13ff74ad7f5d30f18138 .av-caption-image-overlay-bg{\nopacity:0.4;\nbackground-color:#000000;\n}\n.avia-image-container.av-jtplvt5k-2de1b363deca13ff74ad7f5d30f18138 .av-image-caption-overlay-center{\ncolor:#ffffff;\n}\n<\/style>\n<div  class='avia-image-container av-jtplvt5k-2de1b363deca13ff74ad7f5d30f18138 av-styling- av-img-linked avia_animated_image av-animated-when-visible-95 fade-in avia-align-center  avia-builder-el-15  avia-builder-el-no-sibling  noHover av-overlay-on-hover'   itemprop=\"image\" itemscope=\"itemscope\" itemtype=\"https:\/\/schema.org\/ImageObject\" ><div class=\"avia-image-container-inner\"><div class=\"avia-image-overlay-wrap\"><a href=\"https:\/\/www.tuicamper.com\/wp-docker\/wp-content\/uploads\/2019\/04\/ausblick-monument-valley-1-1030x686.jpg\" data-srcset=\"https:\/\/www.tuicamper.com\/wp-docker\/wp-content\/uploads\/2019\/04\/ausblick-monument-valley-1-1030x686.jpg 1030w, https:\/\/www.tuicamper.com\/wp-docker\/wp-content\/uploads\/2019\/04\/ausblick-monument-valley-1-300x200.jpg 300w, https:\/\/www.tuicamper.com\/wp-docker\/wp-content\/uploads\/2019\/04\/ausblick-monument-valley-1-768x512.jpg 768w, https:\/\/www.tuicamper.com\/wp-docker\/wp-content\/uploads\/2019\/04\/ausblick-monument-valley-1-705x470.jpg 705w, https:\/\/www.tuicamper.com\/wp-docker\/wp-content\/uploads\/2019\/04\/ausblick-monument-valley-1-450x300.jpg 450w, https:\/\/www.tuicamper.com\/wp-docker\/wp-content\/uploads\/2019\/04\/ausblick-monument-valley-1.jpg 1280w\" data-sizes=\"(max-width: 1030px) 100vw, 1030px\" class='avia_image '  aria-label='Sonnenuntergang am Monument Valley'><div class=\"av-image-caption-overlay\"><div class=\"av-caption-image-overlay-bg\"><\/div><div class=\"av-image-caption-overlay-position\"><div class=\"av-image-caption-overlay-center\"><p>Sonnenuntergang am Monument Valley<\/p>\n<\/div><\/div><\/div><img decoding=\"async\" fetchpriority=\"high\" class='wp-image-2077 avia-img-lazy-loading-not-2077 avia_image ' src=\"https:\/\/www.tuicamper.com\/wp-docker\/wp-content\/uploads\/2019\/04\/ausblick-monument-valley-1-1280x630.jpg\" alt='Sonnenuntergang am Monument Valley' title='Sonnenuntergang am Monument Valley'  height=\"630\" width=\"1280\"  itemprop=\"thumbnailUrl\"  \/><\/a><\/div><\/div><\/div>\n\n<\/div><\/div><\/div><!-- close content main div --><\/div><\/div><div id='av_section_7'  class='avia-section av-jt5vrdgv-4386718e65b314e69682ca60ae604601 main_color avia-section-default avia-no-border-styling  avia-builder-el-16  el_after_av_section  el_before_av_section  reduced-content avia-bg-style-scroll container_wrap sidebar_right'  ><div class='container av-section-cont-open' ><div class='template-page content  av-content-small alpha units'><div class='post-entry post-entry-type-page post-entry-2019'><div class='entry-content-wrapper clearfix'>\n\n<style type=\"text\/css\" data-created_by=\"avia_inline_auto\" id=\"style-css-av-1g5aou-6e8505d9de1136ce38f66b0d0e5d2a36\">\n.flex_column.av-1g5aou-6e8505d9de1136ce38f66b0d0e5d2a36{\nborder-radius:0px 0px 0px 0px;\npadding:0px 0px 0px 0px;\n}\n<\/style>\n<div  class='flex_column av-1g5aou-6e8505d9de1136ce38f66b0d0e5d2a36 av_one_full  avia-builder-el-17  avia-builder-el-no-sibling  first flex_column_div av-zero-column-padding  '     ><section  class='av_textblock_section av-jt5tjyk0-1e04ddf86ca9bd8201b4b17bbb4a6491 '   itemscope=\"itemscope\" itemtype=\"https:\/\/schema.org\/BlogPosting\" itemprop=\"blogPost\" ><div class='avia_textblock'  itemprop=\"text\" ><h2>Welches ist das richtige Fahrzeug?<\/h2>\n<p>Ob Campervan, Pick-Up, Wohnmobil oder Allradcamper \u2013 der Fahrzeugtyp h\u00e4ngt von der Anzahl der Reisenden ab. Reisen Sie mit Kindern oder sind Sie mit Freunden unterwegs? Wie viele Betten sowie Pl\u00e4tze mit einem Sicherheitsgurt bietet das Fahrzeug? Wie viel Privatsph\u00e4re ist Ihnen wichtig? Wie viel Wert legen Sie auf Komfort w\u00e4hrend des Roadtrips? Dar\u00fcber hinaus sollten Sie das Reiseziel und die Gegebenheiten vor Ort ber\u00fccksichtigen. Sind Sie ausschlie\u00dflich in der Natur unterwegs oder stehen auch St\u00e4dte auf dem Programm? Dann kann ein kompakter und wendiger Campervan sicherlich vorteilhaft sein. Wie viel Gep\u00e4ck m\u00fcssen Sie transportieren? Reisen Sie mit Sperrgep\u00e4ck?<\/p>\n<p>Tauschen Sie sich mit allen Mitreisenden \u00fcber die Reisemotive und Bed\u00fcrfnisse aus und legen Sie alle Kriterien fest. \u00dcber die TUI CAMPER-Filterfunktion finden Sie das ideale Fahrzeug f\u00fcr Ihren Camper-Urlaub. Der Filter erm\u00f6glicht Ihnen die Fahrzeugausstattung, die Leistungspakete sowie die Wohnmobilanbieter zu selektieren. Die einzelnen Extras sind unabh\u00e4ngig vom Leistungspaket und k\u00f6nnen im n\u00e4chsten Buchungsschritt einfach dazu gebucht werden.<br \/>\nHier finden Sie eine \u00dcbersicht der\u00a0<a href=\"https:\/\/www.tuicamper.com\/fahrzeuge\/\">Fahrzeugtypen<\/a>.<\/p>\n<\/div><\/section><\/div>\n\n<\/div><\/div><\/div><!-- close content main div --><\/div><\/div><div id='av_section_8'  class='avia-section av-b7gvl-1eb57de5f7b7a94c40602e8cf977ebb0 main_color avia-section-default avia-no-border-styling  avia-builder-el-19  el_after_av_section  el_before_av_section  reduced-content avia-bg-style-scroll container_wrap sidebar_right'  ><div class='container av-section-cont-open' ><div class='template-page content  av-content-small alpha units'><div class='post-entry post-entry-type-page post-entry-2019'><div class='entry-content-wrapper clearfix'>\n\n<style type=\"text\/css\" data-created_by=\"avia_inline_auto\" id=\"style-css-av-jtplvt5k-25c69c867e40fc73babc20f9063da6ee\">\n.avia-image-container.av-jtplvt5k-25c69c867e40fc73babc20f9063da6ee img.avia_image{\nbox-shadow:none;\n}\n.avia-image-container.av-jtplvt5k-25c69c867e40fc73babc20f9063da6ee .av-caption-image-overlay-bg{\nopacity:0.4;\nbackground-color:#000000;\n}\n.avia-image-container.av-jtplvt5k-25c69c867e40fc73babc20f9063da6ee .av-image-caption-overlay-center{\ncolor:#ffffff;\n}\n<\/style>\n<div  class='avia-image-container av-jtplvt5k-25c69c867e40fc73babc20f9063da6ee av-styling- av-img-linked avia_animated_image av-animated-when-visible-95 fade-in avia-align-center  avia-builder-el-20  avia-builder-el-no-sibling  noHover av-overlay-on-hover'   itemprop=\"image\" itemscope=\"itemscope\" itemtype=\"https:\/\/schema.org\/ImageObject\" ><div class=\"avia-image-container-inner\"><div class=\"avia-image-overlay-wrap\"><a href=\"https:\/\/www.tuicamper.com\/wp-docker\/wp-content\/uploads\/2019\/04\/champ-queensland-1030x680.jpg\" data-srcset=\"https:\/\/www.tuicamper.com\/wp-docker\/wp-content\/uploads\/2019\/04\/champ-queensland-1030x680.jpg 1030w, https:\/\/www.tuicamper.com\/wp-docker\/wp-content\/uploads\/2019\/04\/champ-queensland-300x198.jpg 300w, https:\/\/www.tuicamper.com\/wp-docker\/wp-content\/uploads\/2019\/04\/champ-queensland-768x507.jpg 768w, https:\/\/www.tuicamper.com\/wp-docker\/wp-content\/uploads\/2019\/04\/champ-queensland-705x465.jpg 705w, https:\/\/www.tuicamper.com\/wp-docker\/wp-content\/uploads\/2019\/04\/champ-queensland-450x297.jpg 450w, https:\/\/www.tuicamper.com\/wp-docker\/wp-content\/uploads\/2019\/04\/champ-queensland.jpg 1280w\" data-sizes=\"(max-width: 1030px) 100vw, 1030px\" class='avia_image '  aria-label='Mit dem Champ von Jucy in Queensland'><div class=\"av-image-caption-overlay\"><div class=\"av-caption-image-overlay-bg\"><\/div><div class=\"av-image-caption-overlay-position\"><div class=\"av-image-caption-overlay-center\"><p>Mit dem Champ von Jucy in Queensland<\/p>\n<\/div><\/div><\/div><img decoding=\"async\" fetchpriority=\"high\" class='wp-image-2076 avia-img-lazy-loading-not-2076 avia_image ' src=\"https:\/\/www.tuicamper.com\/wp-docker\/wp-content\/uploads\/2019\/04\/champ-queensland-1030x680.jpg\" alt='Mit dem Champ von Jucy in Queensland' title='Mit dem Champ von Jucy in Queensland'  height=\"680\" width=\"1030\"  itemprop=\"thumbnailUrl\" srcset=\"https:\/\/www.tuicamper.com\/wp-docker\/wp-content\/uploads\/2019\/04\/champ-queensland-1030x680.jpg 1030w, https:\/\/www.tuicamper.com\/wp-docker\/wp-content\/uploads\/2019\/04\/champ-queensland-300x198.jpg 300w, https:\/\/www.tuicamper.com\/wp-docker\/wp-content\/uploads\/2019\/04\/champ-queensland-768x507.jpg 768w, https:\/\/www.tuicamper.com\/wp-docker\/wp-content\/uploads\/2019\/04\/champ-queensland-705x465.jpg 705w, https:\/\/www.tuicamper.com\/wp-docker\/wp-content\/uploads\/2019\/04\/champ-queensland-450x297.jpg 450w, https:\/\/www.tuicamper.com\/wp-docker\/wp-content\/uploads\/2019\/04\/champ-queensland.jpg 1280w\" sizes=\"(max-width: 1030px) 100vw, 1030px\" \/><\/a><\/div><\/div><\/div>\n\n<\/div><\/div><\/div><!-- close content main div --><\/div><\/div><div id='av_section_9'  class='avia-section av-jt5vrdgv-4386718e65b314e69682ca60ae604601 main_color avia-section-default avia-no-border-styling  avia-builder-el-21  el_after_av_section  el_before_av_textblock  reduced-content avia-bg-style-scroll container_wrap sidebar_right'  ><div class='container av-section-cont-open' ><div class='template-page content  av-content-small alpha units'><div class='post-entry post-entry-type-page post-entry-2019'><div class='entry-content-wrapper clearfix'>\n\n<style type=\"text\/css\" data-created_by=\"avia_inline_auto\" id=\"style-css-av-1g5aou-6e8505d9de1136ce38f66b0d0e5d2a36\">\n.flex_column.av-1g5aou-6e8505d9de1136ce38f66b0d0e5d2a36{\nborder-radius:0px 0px 0px 0px;\npadding:0px 0px 0px 0px;\n}\n<\/style>\n<div  class='flex_column av-1g5aou-6e8505d9de1136ce38f66b0d0e5d2a36 av_one_full  avia-builder-el-22  avia-builder-el-no-sibling  first flex_column_div av-zero-column-padding  '     ><section  class='av_textblock_section av-jt5tjyk0-1e04ddf86ca9bd8201b4b17bbb4a6491 '   itemscope=\"itemscope\" itemtype=\"https:\/\/schema.org\/BlogPosting\" itemprop=\"blogPost\" ><div class='avia_textblock'  itemprop=\"text\" ><h2>Versicherungen &amp; Extras \u2013 welches Leistungspaket ist das richtige?<\/h2>\n<p>Wer ein unvergessliches Abenteuer ohne Verzicht auf Komfort und erstklassigen Service erleben m\u00f6chte, kann sich auf TUI CAMPER verlassen. Mit einem Wohnmobil vom f\u00fchrenden Reiseveranstalter k\u00f6nnen Sie sich auf einen rundum gelungenen Erlebnisurlaub freuen. Damit Sie sich Ihr Camper-Angebot individuell nach Ihren Bed\u00fcrfnissen zusammenstellen k\u00f6nnen, bieten wir Ihnen die Auswahl aus f\u00fcnf Leistungspaketen an.<\/p>\n<p>Jedes Paket steht f\u00fcr Qualit\u00e4t und Zuverl\u00e4ssigkeit und hat folgende Leistungen immer inklusive:<\/p>\n<ul>\n<li><strong>Eine Zusatzhaftpflichtversicherung mit mind. 7,5 Mio. Euro ist immer inkludiert.<\/strong>\u00a0Gesetzliche Haftpflichtversicherungen im Ausland fallen h\u00e4ufig geringer aus als in Deutschland. Dadurch k\u00f6nnen die Folgekosten eines Unfalls oft nicht gedeckt werden. Damit Sie sorglos die Reise genie\u00dfen k\u00f6nnen, beinhaltet jedes TUI CAMPER Paket einen zus\u00e4tzlichen Schutz mit einer Mindestdeckungssumme von 7,5 Mio. Euro.<\/li>\n<li>Lokale Steuern auf eingeschlossene Leistungen<\/li>\n<\/ul>\n<p>Werfen Sie einen Blick auf unsere\u00a0<a href=\"https:\/\/www.tuicamper.com\/leistungspakete\/\">Leistungspakete<\/a>. Sie unterscheiden sich im Versicherungsumfang sowie bei der Ausstattung. Je nach Urlaubsland kann es innerhalb der Leistungspakete Unterschiede geben. Innerhalb der Buchung k\u00f6nnen Sie die Leistungen verschiedener Campertypen \u00fcbersichtlich vergleichen, indem Sie unsere Merkliste nutzen.<\/p>\n<p><b>Extras\u00a0<\/b>k\u00f6nnen zu jedem Leistungspaket im zweiten Buchungsschritt unkompliziert dazu gebucht werden. Einige Extras werden in der jeweiligen W\u00e4hrung erst vor Ort bezahlt. Hinweise dazu finden Sie selbstverst\u00e4ndlich vor Buchung.<\/p>\n<\/div><\/section><\/div>\n<\/div><\/div><\/div><!-- close content main div --><\/div><\/div><div id='after_section_9'  class='main_color av_default_container_wrap container_wrap sidebar_right'  ><div class='container av-section-cont-open' ><div class='template-page content  av-content-small alpha units'><div class='post-entry post-entry-type-page post-entry-2019'><div class='entry-content-wrapper clearfix'>\n<section  class='av_textblock_section av-jtpqpty6-550c066a997ebaf648fccc87d0b9ff16 '   itemscope=\"itemscope\" itemtype=\"https:\/\/schema.org\/BlogPosting\" itemprop=\"blogPost\" ><div class='avia_textblock'  itemprop=\"text\" >\r\n<div style=\"clear: both;\"><\/div>\r\n<div class=\"post-breaker-item breaker-type-default\">\r\n    <div class=\"post-breaker-item-inner\">\r\n                    \n<style type=\"text\/css\" data-created_by=\"avia_inline_auto\" id=\"style-css-av-jtpksizx-4b352f2a2752c01e58a4c67632af1aa6\">\n#top .av_textblock_section.av-jtpksizx-4b352f2a2752c01e58a4c67632af1aa6 .avia_textblock{\nfont-size:28px;\n}\n<\/style>\n<section  class='av_textblock_section av-jtpksizx-4b352f2a2752c01e58a4c67632af1aa6 '   itemscope=\"itemscope\" itemtype=\"https:\/\/schema.org\/BlogPosting\" itemprop=\"blogPost\" ><div class='avia_textblock'  itemprop=\"text\" ><p><strong>\u2013 Lesen Sie auch \u2013<\/strong><\/p>\n<\/div><\/section>\n\n<style type=\"text\/css\" data-created_by=\"avia_inline_auto\" id=\"style-css-av-ehyb5-42286bbb62f5c947921c50b729609f1d\">\n.flex_column.av-ehyb5-42286bbb62f5c947921c50b729609f1d{\nborder-radius:0px 0px 0px 0px;\npadding:0px 0px 0px 0px;\n}\n<\/style>\n<div  class='flex_column av-ehyb5-42286bbb62f5c947921c50b729609f1d av_one_third first flex_column_div av-zero-column-padding  '     ><p>\n<style type=\"text\/css\" data-created_by=\"avia_inline_auto\" id=\"style-css-av-jt75ko0n-b43f370347ad460181b50c8ec8948820\">\n.avia-image-container.av-jt75ko0n-b43f370347ad460181b50c8ec8948820 img.avia_image{\nbox-shadow:none;\n}\n.avia-image-container.av-jt75ko0n-b43f370347ad460181b50c8ec8948820 .av-image-caption-overlay-center{\ncolor:#ffffff;\n}\n<\/style>\n<div  class='avia-image-container av-jt75ko0n-b43f370347ad460181b50c8ec8948820 av-styling-no-styling av-hover-grow av-hide-overflow av-img-linked avia_animated_image av-animated-when-visible-95 fade-in avia-align-left'   itemprop=\"image\" itemscope=\"itemscope\" itemtype=\"https:\/\/schema.org\/ImageObject\" ><div class=\"avia-image-container-inner\"><div class=\"avia-image-overlay-wrap\"><a href=\"https:\/\/www.tuicamper.com\/magazin\/wohnmobil-grundausruestung\/\" class='avia_image '  aria-label='Wohnmobil Grundausstattung'><img decoding=\"async\" fetchpriority=\"high\" class='wp-image-499 avia-img-lazy-loading-not-499 avia_image ' src=\"https:\/\/www.tuicamper.com\/wp-docker\/wp-content\/uploads\/2019\/03\/wohnmobil-grundausruestung-teaser.jpg\" alt='Wohnmobil Grundausstattung' title='Wohnmobil Grundausstattung'  height=\"200\" width=\"350\"  itemprop=\"thumbnailUrl\" srcset=\"https:\/\/www.tuicamper.com\/wp-docker\/wp-content\/uploads\/2019\/03\/wohnmobil-grundausruestung-teaser.jpg 350w, https:\/\/www.tuicamper.com\/wp-docker\/wp-content\/uploads\/2019\/03\/wohnmobil-grundausruestung-teaser-300x171.jpg 300w\" sizes=\"(max-width: 350px) 100vw, 350px\" \/><\/a><\/div><\/div><\/div><br \/>\n<section  class='av_textblock_section av-jt75lbqb-bba29013bb6610b0762c56b6a5ae7819 '   itemscope=\"itemscope\" itemtype=\"https:\/\/schema.org\/BlogPosting\" itemprop=\"blogPost\" ><div class='avia_textblock'  itemprop=\"text\" ><p style=\"text-align: left;\"><strong><a href=\"https:\/\/www.tuicamper.com\/magazin\/wohnmobil-grundausruestung\/\">Wohnmobil Grundausstattung \u2013 Das beste Zubeh\u00f6r &amp; n\u00fctzliche Gadgets<\/a><\/strong><\/p>\n<\/div><\/section><\/p><\/div>\n<style type=\"text\/css\" data-created_by=\"avia_inline_auto\" id=\"style-css-av-ehyb5-8fadcff6392c44a3fc98dc4b014d4246\">\n.flex_column.av-ehyb5-8fadcff6392c44a3fc98dc4b014d4246{\nborder-radius:0px 0px 0px 0px;\npadding:0px 0px 0px 0px;\n}\n<\/style>\n<div  class='flex_column av-ehyb5-8fadcff6392c44a3fc98dc4b014d4246 av_one_third flex_column_div av-zero-column-padding  '     ><p>\n<style type=\"text\/css\" data-created_by=\"avia_inline_auto\" id=\"style-css-av-jt75ko0n-ab10728d649707654e287d2e84a4c036\">\n.avia-image-container.av-jt75ko0n-ab10728d649707654e287d2e84a4c036 img.avia_image{\nbox-shadow:none;\n}\n.avia-image-container.av-jt75ko0n-ab10728d649707654e287d2e84a4c036 .av-image-caption-overlay-center{\ncolor:#ffffff;\n}\n<\/style>\n<div  class='avia-image-container av-jt75ko0n-ab10728d649707654e287d2e84a4c036 av-styling-no-styling av-hover-grow av-hide-overflow av-img-linked avia_animated_image av-animated-when-visible-95 fade-in avia-align-left'   itemprop=\"image\" itemscope=\"itemscope\" itemtype=\"https:\/\/schema.org\/ImageObject\" ><div class=\"avia-image-container-inner\"><div class=\"avia-image-overlay-wrap\"><a href=\"https:\/\/www.tuicamper.com\/magazin\/roadtrip-usa\/\" class='avia_image '  aria-label='Roadtrip USA'><img decoding=\"async\" fetchpriority=\"high\" class='wp-image-1244 avia-img-lazy-loading-not-1244 avia_image ' src=\"https:\/\/www.tuicamper.com\/wp-docker\/wp-content\/uploads\/2019\/04\/roadtrip-usa-teaser.jpg\" alt='Roadtrip USA' title='Roadtrip USA'  height=\"200\" width=\"350\"  itemprop=\"thumbnailUrl\" srcset=\"https:\/\/www.tuicamper.com\/wp-docker\/wp-content\/uploads\/2019\/04\/roadtrip-usa-teaser.jpg 350w, https:\/\/www.tuicamper.com\/wp-docker\/wp-content\/uploads\/2019\/04\/roadtrip-usa-teaser-300x171.jpg 300w\" sizes=\"(max-width: 350px) 100vw, 350px\" \/><\/a><\/div><\/div><\/div><br \/>\n<section  class='av_textblock_section av-jt75lbqb-bba29013bb6610b0762c56b6a5ae7819 '   itemscope=\"itemscope\" itemtype=\"https:\/\/schema.org\/BlogPosting\" itemprop=\"blogPost\" ><div class='avia_textblock'  itemprop=\"text\" ><p style=\"text-align: left;\"><strong><a href=\"https:\/\/www.tuicamper.com\/magazin\/roadtrip-usa\/\">USA Roadtrip mit dem Wohnmobil \u2013 10 Orte, die Sie nicht verpassen d\u00fcrfen!<\/a><\/strong><\/p>\n<\/div><\/section><\/p><\/div>\n<style type=\"text\/css\" data-created_by=\"avia_inline_auto\" id=\"style-css-av-ehyb5-8fadcff6392c44a3fc98dc4b014d4246\">\n.flex_column.av-ehyb5-8fadcff6392c44a3fc98dc4b014d4246{\nborder-radius:0px 0px 0px 0px;\npadding:0px 0px 0px 0px;\n}\n<\/style>\n<div  class='flex_column av-ehyb5-8fadcff6392c44a3fc98dc4b014d4246 av_one_third flex_column_div av-zero-column-padding  '     ><p>\n<style type=\"text\/css\" data-created_by=\"avia_inline_auto\" id=\"style-css-av-jt75ko0n-732c073231c43e932a1f0dcedf1397ab\">\n.avia-image-container.av-jt75ko0n-732c073231c43e932a1f0dcedf1397ab img.avia_image{\nbox-shadow:none;\n}\n.avia-image-container.av-jt75ko0n-732c073231c43e932a1f0dcedf1397ab .av-image-caption-overlay-center{\ncolor:#ffffff;\n}\n<\/style>\n<div  class='avia-image-container av-jt75ko0n-732c073231c43e932a1f0dcedf1397ab av-styling-no-styling av-hover-grow av-hide-overflow av-img-linked avia_animated_image av-animated-when-visible-95 fade-in avia-align-left'   itemprop=\"image\" itemscope=\"itemscope\" itemtype=\"https:\/\/schema.org\/ImageObject\" ><div class=\"avia-image-container-inner\"><div class=\"avia-image-overlay-wrap\"><a href=\"https:\/\/www.tuicamper.com\/magazin\/trendurlaub-wohnmobil\/\" class='avia_image '  aria-label='Trendurlaub Wohnmobil'><img decoding=\"async\" fetchpriority=\"high\" class='wp-image-2079 avia-img-lazy-loading-not-2079 avia_image ' src=\"https:\/\/www.tuicamper.com\/wp-docker\/wp-content\/uploads\/2019\/04\/trendurlaub-wohnmobil-teaser.jpg\" alt='Trendurlaub Wohnmobil' title='Trendurlaub Wohnmobil'  height=\"200\" width=\"350\"  itemprop=\"thumbnailUrl\" srcset=\"https:\/\/www.tuicamper.com\/wp-docker\/wp-content\/uploads\/2019\/04\/trendurlaub-wohnmobil-teaser.jpg 350w, https:\/\/www.tuicamper.com\/wp-docker\/wp-content\/uploads\/2019\/04\/trendurlaub-wohnmobil-teaser-300x171.jpg 300w\" sizes=\"(max-width: 350px) 100vw, 350px\" \/><\/a><\/div><\/div><\/div><br \/>\n<section  class='av_textblock_section av-jt75lbqb-bba29013bb6610b0762c56b6a5ae7819 '   itemscope=\"itemscope\" itemtype=\"https:\/\/schema.org\/BlogPosting\" itemprop=\"blogPost\" ><div class='avia_textblock'  itemprop=\"text\" ><p style=\"text-align: left;\"><strong><a href=\"https:\/\/www.tuicamper.com\/magazin\/trendurlaub-wohnmobil\/\">Urlaub im Wohnmobil liegt im Trend \u2013 TUI CAMPER nennt 5 Gr\u00fcnde!<\/a><\/strong><\/p>\n<\/div><\/section><\/p><\/div><\/p>\n            <div style=\"clear: both;\"><\/div>\r\n            <\/div>\r\n<\/div>\r\n\n<\/div><\/section>\n<\/div><\/div><\/div><!-- close content main div --><\/div><\/div><div id='av_section_10'  class='avia-section av-jt5vrdgv-4386718e65b314e69682ca60ae604601 main_color avia-section-default avia-no-border-styling  avia-builder-el-25  el_after_av_textblock  el_before_av_section  reduced-content avia-bg-style-scroll container_wrap sidebar_right'  ><div class='container av-section-cont-open' ><div class='template-page content  av-content-small alpha units'><div class='post-entry post-entry-type-page post-entry-2019'><div class='entry-content-wrapper clearfix'>\n\n<style type=\"text\/css\" data-created_by=\"avia_inline_auto\" id=\"style-css-av-1g5aou-6e8505d9de1136ce38f66b0d0e5d2a36\">\n.flex_column.av-1g5aou-6e8505d9de1136ce38f66b0d0e5d2a36{\nborder-radius:0px 0px 0px 0px;\npadding:0px 0px 0px 0px;\n}\n<\/style>\n<div  class='flex_column av-1g5aou-6e8505d9de1136ce38f66b0d0e5d2a36 av_one_full  avia-builder-el-26  avia-builder-el-no-sibling  first flex_column_div av-zero-column-padding  '     ><section  class='av_textblock_section av-jt5tjyk0-1e04ddf86ca9bd8201b4b17bbb4a6491 '   itemscope=\"itemscope\" itemtype=\"https:\/\/schema.org\/BlogPosting\" itemprop=\"blogPost\" ><div class='avia_textblock'  itemprop=\"text\" ><h2>Was ist im Preis enthalten?<\/h2>\n<p>TUI CAMPER steht f\u00fcr Transparenz und erstklassigen Service. Unser Ziel ist es, dass Sie bereits bei der Planung \u00fcber alle Kosten, die im Zusammenhang mit dem Wohnmobil stehen, informiert sind. Eine detaillierte \u00dcbersicht aller Leistungen und Geb\u00fchren soll Ihnen dabei helfen. Sie kennen vor Buchung somit alle Kosten die sofort und vor Ort anfallen.<br \/>\nVergessen Sie nicht, dass neben dem Wohnmobil weitere Kosten f\u00fcr\u00a0<a href=\"https:\/\/www.tuicamper.com\/magazin\/sprit-sparen\/\">Sprit<\/a>, Campingpl\u00e4tze,\u00a0<a href=\"https:\/\/www.tuicamper.com\/magazin\/kochen-im-wohnmobil-tipps-und-tricks-fuer-ihre-camper-kueche\/\">Verpflegung<\/a>, Flug, ggf. Transfer und Eintrittskarten anfallen.<\/p>\n<\/div><\/section><\/div>\n\n<\/div><\/div><\/div><!-- close content main div --><\/div><\/div><div id='av_section_11'  class='avia-section av-jt5vrdgv-4386718e65b314e69682ca60ae604601 main_color avia-section-default avia-no-border-styling  avia-builder-el-28  el_after_av_section  avia-builder-el-last  reduced-content avia-bg-style-scroll container_wrap sidebar_right'  ><div class='container av-section-cont-open' ><div class='template-page content  av-content-small alpha units'><div class='post-entry post-entry-type-page post-entry-2019'><div class='entry-content-wrapper clearfix'>\n\n<style type=\"text\/css\" data-created_by=\"avia_inline_auto\" id=\"style-css-av-1g5aou-6e8505d9de1136ce38f66b0d0e5d2a36\">\n.flex_column.av-1g5aou-6e8505d9de1136ce38f66b0d0e5d2a36{\nborder-radius:0px 0px 0px 0px;\npadding:0px 0px 0px 0px;\n}\n<\/style>\n<div  class='flex_column av-1g5aou-6e8505d9de1136ce38f66b0d0e5d2a36 av_one_full  avia-builder-el-29  el_before_av_social_share  avia-builder-el-first  first flex_column_div av-zero-column-padding  '     ><style type=\"text\/css\" data-created_by=\"avia_inline_auto\" id=\"style-css-av-jt5tjyk0-26a28d0242835cbba60d70517a13c769\">\n#top .av_textblock_section.av-jt5tjyk0-26a28d0242835cbba60d70517a13c769 .avia_textblock{\nfont-size:28px;\n}\n<\/style>\n<section  class='av_textblock_section av-jt5tjyk0-26a28d0242835cbba60d70517a13c769 '   itemscope=\"itemscope\" itemtype=\"https:\/\/schema.org\/BlogPosting\" itemprop=\"blogPost\" ><div class='avia_textblock'  itemprop=\"text\" ><p><strong>Ihr TUI CAMPER-Team w\u00fcnscht Ihnen eine gute erste Camper-Reise!<\/strong><\/p>\n<\/div><\/section><\/div><div  class='av-social-sharing-box av-10zg8-8676a2d54b4a15bbf6c39a1c18f0815b av-social-sharing-box-default  avia-builder-el-31  el_after_av_one_full  avia-builder-el-last  av-social-sharing-box-fullwidth'><div class=\"av-share-box\"><ul class=\"av-share-box-list noLightbox\"><li class='av-share-link av-social-link-facebook avia_social_iconfont' ><a target=\"_blank\" aria-label=\"Teilen auf Facebook\" href='https:\/\/www.facebook.com\/sharer.php?u=https:\/\/www.tuicamper.com\/magazin\/ihre-erste-camper-reise-das-sollten-sie-wissen\/&#038;t=Tipps%20f%C3%BCr%20Ihre%20erste%20Camper-Reise%20%E2%80%93%20das%20sollten%20Sie%20wissen' data-av_icon='\ue8f3' data-av_iconfont='entypo-fontello'  title='' data-avia-related-tooltip='Teilen auf Facebook'><span class='avia_hidden_link_text'>Teilen auf Facebook<\/span><\/a><\/li><li class='av-share-link av-social-link-twitter avia_social_iconfont' ><a target=\"_blank\" aria-label=\"Teilen auf X\" href='https:\/\/twitter.com\/share?text=Tipps%20f%C3%BCr%20Ihre%20erste%20Camper-Reise%20%E2%80%93%20das%20sollten%20Sie%20wissen&#038;url=https:\/\/www.tuicamper.com\/magazin\/ihre-erste-camper-reise-das-sollten-sie-wissen\/' data-av_icon='\ue932' data-av_iconfont='entypo-fontello'  title='' data-avia-related-tooltip='Teilen auf X'><span class='avia_hidden_link_text'>Teilen auf X<\/span><\/a><\/li><li class='av-share-link av-social-link-whatsapp avia_social_iconfont' ><a target=\"_blank\" aria-label=\"Teilen auf WhatsApp\" href='https:\/\/api.whatsapp.com\/send?text=https:\/\/www.tuicamper.com\/magazin\/ihre-erste-camper-reise-das-sollten-sie-wissen\/' data-av_icon='\uf232' data-av_iconfont='entypo-fontello'  title='' data-avia-related-tooltip='Teilen auf WhatsApp'><span class='avia_hidden_link_text'>Teilen auf WhatsApp<\/span><\/a><\/li><li class='av-share-link av-social-link-pinterest avia_social_iconfont' ><a target=\"_blank\" aria-label=\"Teilen auf Pinterest\" href='https:\/\/pinterest.com\/pin\/create\/button\/?url=https%3A%2F%2Fwww.tuicamper.com%2Fmagazin%2Fihre-erste-camper-reise-das-sollten-sie-wissen%2F&#038;description=Tipps%20f%C3%BCr%20Ihre%20erste%20Camper-Reise%20%E2%80%93%20das%20sollten%20Sie%20wissen&#038;media=https%3A%2F%2Fwww.tuicamper.com%2Fwp-docker%2Fwp-content%2Fuploads%2F2019%2F04%2Ftipps-erste-camper-reise-705x269.jpg' data-av_icon='\ue8f8' data-av_iconfont='entypo-fontello'  title='' data-avia-related-tooltip='Teilen auf Pinterest'><span class='avia_hidden_link_text'>Teilen auf Pinterest<\/span><\/a><\/li><li class='av-share-link av-social-link-mail avia_social_iconfont' ><a  aria-label=\"Per E-Mail teilen\" href='mailto:?subject=Tipps%20f%C3%BCr%20Ihre%20erste%20Camper-Reise%20%E2%80%93%20das%20sollten%20Sie%20wissen&#038;body=https:\/\/www.tuicamper.com\/magazin\/ihre-erste-camper-reise-das-sollten-sie-wissen\/' data-av_icon='\ue805' data-av_iconfont='entypo-fontello'  title='' data-avia-related-tooltip='Per E-Mail teilen'><span class='avia_hidden_link_text'>Per E-Mail teilen<\/span><\/a><\/li><\/ul><\/div><\/div>\n<\/div><\/div><\/div><!-- close content main div --><\/div><\/div><div id='after_section_11'  class='main_color av_default_container_wrap container_wrap sidebar_right'  ><div class='container av-section-cont-open' ><div class='template-page content  av-content-small alpha units'><div class='post-entry post-entry-type-page post-entry-2019'><div class='entry-content-wrapper clearfix'>\n","protected":false},"excerpt":{"rendered":"<p>Lesen Sie unsere Tipps f\u00fcr Wohnmobil-Anf\u00e4nger und Ihre erste Camper-Reise \u2013 so kann bei der Buchung und unterwegs nichts mehr schief gehen!<\/p>\n","protected":false},"author":3,"featured_media":2073,"comment_status":"open","ping_status":"open","sticky":false,"template":"","format":"standard","meta":{"footnotes":""},"categories":[32],"tags":[48,44],"class_list":["post-2019","post","type-post","status-publish","format-standard","has-post-thumbnail","hentry","category-camper-insights","tag-buchungstipps","tag-insider-infos"],"yoast_head":"<!-- This site is optimized with the Yoast SEO plugin v27.4 - https:\/\/yoast.com\/product\/yoast-seo-wordpress\/ -->\n<title>Tipps f\u00fcr Ihre erste Camper-Reise - das sollten Sie wissen<\/title>\n<meta name=\"description\" content=\"Lesen Sie unsere Tipps f\u00fcr Wohnmobil-Anf\u00e4nger und Ihre erste Camper-Reise \u2013 so kann bei der Buchung und unterwegs nichts mehr schief gehen!\" \/>\n<meta name=\"robots\" content=\"index, follow, max-snippet:-1, max-image-preview:large, max-video-preview:-1\" \/>\n<link rel=\"canonical\" href=\"https:\/\/www.tuicamper.com\/magazin\/ihre-erste-camper-reise-das-sollten-sie-wissen\/\" \/>\n<meta property=\"og:locale\" content=\"de_DE\" \/>\n<meta property=\"og:type\" content=\"article\" \/>\n<meta property=\"og:title\" content=\"Tipps f\u00fcr Ihre erste Camper-Reise - das sollten Sie wissen\" \/>\n<meta property=\"og:description\" content=\"Lesen Sie unsere Tipps f\u00fcr Wohnmobil-Anf\u00e4nger und Ihre erste Camper-Reise \u2013 so kann bei der Buchung und unterwegs nichts mehr schief gehen!\" \/>\n<meta property=\"og:url\" content=\"https:\/\/www.tuicamper.com\/magazin\/ihre-erste-camper-reise-das-sollten-sie-wissen\/\" \/>\n<meta property=\"og:site_name\" content=\"TUI Camper Magazin\" \/>\n<meta property=\"article:published_time\" content=\"2019-04-26T14:07:58+00:00\" \/>\n<meta property=\"article:modified_time\" content=\"2019-05-03T09:06:42+00:00\" \/>\n<meta property=\"og:image\" content=\"https:\/\/www.tuicamper.com\/wp-docker\/wp-content\/uploads\/2019\/04\/tipps-erste-camper-reise.jpg\" \/>\n\t<meta property=\"og:image:width\" content=\"1310\" \/>\n\t<meta property=\"og:image:height\" content=\"500\" \/>\n\t<meta property=\"og:image:type\" content=\"image\/jpeg\" \/>\n<meta name=\"author\" content=\"S\u00f6ren Cortekar\" \/>\n<meta name=\"twitter:card\" content=\"summary_large_image\" \/>\n<meta name=\"twitter:label1\" content=\"Verfasst von\" \/>\n\t<meta name=\"twitter:data1\" content=\"S\u00f6ren Cortekar\" \/>\n\t<meta name=\"twitter:label2\" content=\"Gesch\u00e4tzte Lesezeit\" \/>\n\t<meta name=\"twitter:data2\" content=\"17\u00a0Minuten\" \/>\n<!-- \/ Yoast SEO plugin. -->","yoast_head_json":{"title":"Tipps f\u00fcr Ihre erste Camper-Reise - das sollten Sie wissen","description":"Lesen Sie unsere Tipps f\u00fcr Wohnmobil-Anf\u00e4nger und Ihre erste Camper-Reise \u2013 so kann bei der Buchung und unterwegs nichts mehr schief gehen!","robots":{"index":"index","follow":"follow","max-snippet":"max-snippet:-1","max-image-preview":"max-image-preview:large","max-video-preview":"max-video-preview:-1"},"canonical":"https:\/\/www.tuicamper.com\/magazin\/ihre-erste-camper-reise-das-sollten-sie-wissen\/","og_locale":"de_DE","og_type":"article","og_title":"Tipps f\u00fcr Ihre erste Camper-Reise - das sollten Sie wissen","og_description":"Lesen Sie unsere Tipps f\u00fcr Wohnmobil-Anf\u00e4nger und Ihre erste Camper-Reise \u2013 so kann bei der Buchung und unterwegs nichts mehr schief gehen!","og_url":"https:\/\/www.tuicamper.com\/magazin\/ihre-erste-camper-reise-das-sollten-sie-wissen\/","og_site_name":"TUI Camper Magazin","article_published_time":"2019-04-26T14:07:58+00:00","article_modified_time":"2019-05-03T09:06:42+00:00","og_image":[{"width":1310,"height":500,"url":"https:\/\/www.tuicamper.com\/wp-docker\/wp-content\/uploads\/2019\/04\/tipps-erste-camper-reise.jpg","type":"image\/jpeg"}],"author":"S\u00f6ren Cortekar","twitter_card":"summary_large_image","twitter_misc":{"Verfasst von":"S\u00f6ren Cortekar","Gesch\u00e4tzte Lesezeit":"17\u00a0Minuten"},"schema":{"@context":"https:\/\/schema.org","@graph":[{"@type":"Article","@id":"https:\/\/www.tuicamper.com\/magazin\/ihre-erste-camper-reise-das-sollten-sie-wissen\/#article","isPartOf":{"@id":"https:\/\/www.tuicamper.com\/magazin\/ihre-erste-camper-reise-das-sollten-sie-wissen\/"},"author":{"name":"S\u00f6ren Cortekar","@id":"https:\/\/www.tuicamper.com\/wp-docker\/#\/schema\/person\/a9ad15b73e3b6169a6c4a794a58d1ea6"},"headline":"Tipps f\u00fcr Ihre erste Camper-Reise &#8211; das sollten Sie wissen","datePublished":"2019-04-26T14:07:58+00:00","dateModified":"2019-05-03T09:06:42+00:00","mainEntityOfPage":{"@id":"https:\/\/www.tuicamper.com\/magazin\/ihre-erste-camper-reise-das-sollten-sie-wissen\/"},"wordCount":2764,"commentCount":0,"image":{"@id":"https:\/\/www.tuicamper.com\/magazin\/ihre-erste-camper-reise-das-sollten-sie-wissen\/#primaryimage"},"thumbnailUrl":"https:\/\/www.tuicamper.com\/wp-docker\/wp-content\/uploads\/2019\/04\/tipps-erste-camper-reise.jpg","keywords":["Buchungstipps","Insider-Infos"],"articleSection":["Camper-Insights"],"inLanguage":"de","potentialAction":[{"@type":"CommentAction","name":"Comment","target":["https:\/\/www.tuicamper.com\/magazin\/ihre-erste-camper-reise-das-sollten-sie-wissen\/#respond"]}]},{"@type":"WebPage","@id":"https:\/\/www.tuicamper.com\/magazin\/ihre-erste-camper-reise-das-sollten-sie-wissen\/","url":"https:\/\/www.tuicamper.com\/magazin\/ihre-erste-camper-reise-das-sollten-sie-wissen\/","name":"Tipps f\u00fcr Ihre erste Camper-Reise - das sollten Sie wissen","isPartOf":{"@id":"https:\/\/www.tuicamper.com\/#website"},"primaryImageOfPage":{"@id":"https:\/\/www.tuicamper.com\/magazin\/ihre-erste-camper-reise-das-sollten-sie-wissen\/#primaryimage"},"image":{"@id":"https:\/\/www.tuicamper.com\/magazin\/ihre-erste-camper-reise-das-sollten-sie-wissen\/#primaryimage"},"thumbnailUrl":"https:\/\/www.tuicamper.com\/wp-content\/uploads\/2019\/04\/tipps-erste-camper-reise.jpg","datePublished":"2019-04-26T14:07:58+00:00","dateModified":"2019-05-03T09:06:42+00:00","author":{"@id":"https:\/\/www.tuicamper.com\/#\/schema\/person\/a9ad15b73e3b6169a6c4a794a58d1ea6"},"description":"Lesen Sie unsere Tipps f\u00fcr Wohnmobil-Anf\u00e4nger und Ihre erste Camper-Reise \u2013 so kann bei der Buchung und unterwegs nichts mehr schief gehen!","breadcrumb":{"@id":"https:\/\/www.tuicamper.com\/magazin\/ihre-erste-camper-reise-das-sollten-sie-wissen\/#breadcrumb"},"inLanguage":"de","potentialAction":["Array"]},{"@type":"ImageObject","inLanguage":"de","@id":"https:\/\/www.tuicamper.com\/magazin\/ihre-erste-camper-reise-das-sollten-sie-wissen\/#primaryimage","url":"https:\/\/www.tuicamper.com\/wp-docker\/wp-content\/uploads\/2019\/04\/tipps-erste-camper-reise.jpg","contentUrl":"https:\/\/www.tuicamper.com\/wp-docker\/wp-content\/uploads\/2019\/04\/tipps-erste-camper-reise.jpg","width":1310,"height":500,"caption":"Tipps erste Camper Reise"},{"@type":"BreadcrumbList","@id":"https:\/\/www.tuicamper.com\/magazin\/ihre-erste-camper-reise-das-sollten-sie-wissen\/#breadcrumb","itemListElement":[{"@type":"ListItem","position":1,"name":"Startseite","item":"https:\/\/www.tuicamper.com\/wp-docker\/"},{"@type":"ListItem","position":2,"name":"Tipps f\u00fcr Ihre erste Camper-Reise &#8211; das sollten Sie wissen"}]},{"@type":"WebSite","@id":"https:\/\/www.tuicamper.com\/#website","url":"https:\/\/www.tuicamper.com\/","name":"TUI Camper Magazin","description":"","potentialAction":["Array"],"inLanguage":"de"},{"@type":"Person","@id":"https:\/\/www.tuicamper.com\/wp-docker\/#\/schema\/person\/a9ad15b73e3b6169a6c4a794a58d1ea6","name":"S\u00f6ren Cortekar","image":{"@type":"ImageObject","inLanguage":"de","@id":"https:\/\/secure.gravatar.com\/avatar\/399f9c9096d84e9147b61735bfa53689fd2add8aa9c074669869e4c106f7df59?s=96&d=mm&r=g","url":"https:\/\/secure.gravatar.com\/avatar\/399f9c9096d84e9147b61735bfa53689fd2add8aa9c074669869e4c106f7df59?s=96&d=mm&r=g","contentUrl":"https:\/\/secure.gravatar.com\/avatar\/399f9c9096d84e9147b61735bfa53689fd2add8aa9c074669869e4c106f7df59?s=96&d=mm&r=g","caption":"S\u00f6ren Cortekar"},"url":"https:\/\/www.tuicamper.com\/wp-docker\/magazin\/author\/soeren-cortekar\/"}]}},"_links":{"self":[{"href":"https:\/\/www.tuicamper.com\/wp-docker\/wp-json\/wp\/v2\/posts\/2019","targetHints":{"allow":["GET"]}}],"collection":[{"href":"https:\/\/www.tuicamper.com\/wp-docker\/wp-json\/wp\/v2\/posts"}],"about":[{"href":"https:\/\/www.tuicamper.com\/wp-docker\/wp-json\/wp\/v2\/types\/post"}],"author":[{"embeddable":true,"href":"https:\/\/www.tuicamper.com\/wp-docker\/wp-json\/wp\/v2\/users\/3"}],"replies":[{"embeddable":true,"href":"https:\/\/www.tuicamper.com\/wp-docker\/wp-json\/wp\/v2\/comments?post=2019"}],"version-history":[{"count":9,"href":"https:\/\/www.tuicamper.com\/wp-docker\/wp-json\/wp\/v2\/posts\/2019\/revisions"}],"predecessor-version":[{"id":2679,"href":"https:\/\/www.tuicamper.com\/wp-docker\/wp-json\/wp\/v2\/posts\/2019\/revisions\/2679"}],"wp:featuredmedia":[{"embeddable":true,"href":"https:\/\/www.tuicamper.com\/wp-docker\/wp-json\/wp\/v2\/media\/2073"}],"wp:attachment":[{"href":"https:\/\/www.tuicamper.com\/wp-docker\/wp-json\/wp\/v2\/media?parent=2019"}],"wp:term":[{"taxonomy":"category","embeddable":true,"href":"https:\/\/www.tuicamper.com\/wp-docker\/wp-json\/wp\/v2\/categories?post=2019"},{"taxonomy":"post_tag","embeddable":true,"href":"https:\/\/www.tuicamper.com\/wp-docker\/wp-json\/wp\/v2\/tags?post=2019"}],"curies":[{"name":"wp","href":"https:\/\/api.w.org\/{rel}","templated":true}]}}