{"id":2015,"date":"2019-05-02T13:51:46","date_gmt":"2019-05-02T11:51:46","guid":{"rendered":"https:\/\/www.tuicamper.com\/wp-docker\/?p=2015"},"modified":"2022-12-02T12:06:46","modified_gmt":"2022-12-02T11:06:46","slug":"elternzeit-im-wohnmobil","status":"publish","type":"post","link":"https:\/\/www.tuicamper.com\/magazin\/elternzeit-im-wohnmobil\/","title":{"rendered":"Wohnmobil mit Baby \u2013 Auf Reisen in der Elternzeit"},"content":{"rendered":"<div id='av_section_1'  class='avia-section av-jt5vrdgv-4386718e65b314e69682ca60ae604601 main_color avia-section-default avia-no-border-styling  avia-builder-el-0  el_before_av_textblock  avia-builder-el-first  reduced-content avia-bg-style-scroll container_wrap sidebar_right'  ><div class='container av-section-cont-open' ><main  role=\"main\" itemprop=\"mainContentOfPage\"  class='template-page content  av-content-small alpha units'><div class='post-entry post-entry-type-page post-entry-2015'><div class='entry-content-wrapper clearfix'>\n\n<style type=\"text\/css\" data-created_by=\"avia_inline_auto\" id=\"style-css-av-1g5aou-6e8505d9de1136ce38f66b0d0e5d2a36\">\n.flex_column.av-1g5aou-6e8505d9de1136ce38f66b0d0e5d2a36{\nborder-radius:0px 0px 0px 0px;\npadding:0px 0px 0px 0px;\n}\n<\/style>\n<div  class='flex_column av-1g5aou-6e8505d9de1136ce38f66b0d0e5d2a36 av_one_full  avia-builder-el-1  avia-builder-el-no-sibling  first flex_column_div av-zero-column-padding  '     ><section  class='av_textblock_section av-jt5tjyk0-1e04ddf86ca9bd8201b4b17bbb4a6491 '   itemscope=\"itemscope\" itemtype=\"https:\/\/schema.org\/BlogPosting\" itemprop=\"blogPost\" ><div class='avia_textblock'  itemprop=\"text\" ><p>Sie widmen sich gerade ganz dem jungen Nachwuchs und m\u00f6chten die Elternzeit gerne f\u00fcr eine l\u00e4ngere Wohnmobil-Reise nutzen? Dem steht prinzipiell nichts im Wege. Beim Reisen mit dem Baby im Wohnmobil gilt es allerdings eine Reihe von Punkten zu beachten. Neben einer gr\u00fcndlichen Vorbereitung sind auch w\u00e4hrend des Urlaubs einige Punkte zu ber\u00fccksichtigen. Wir zeigen Ihnen, wie die Elternzeit im Wohnmobil gelingt und f\u00fcr die ganze Familie zum lohnenswerten Erlebnis wird.<\/p>\n<\/div><\/section><\/div>\n<\/div><\/div><\/main><!-- close content main element --><\/div><\/div><div id='after_section_1'  class='main_color av_default_container_wrap container_wrap sidebar_right'  ><div class='container av-section-cont-open' ><div class='template-page content  av-content-small alpha units'><div class='post-entry post-entry-type-page post-entry-2015'><div class='entry-content-wrapper clearfix'>\n<section  class='av_textblock_section av-jtpqpty6-550c066a997ebaf648fccc87d0b9ff16 '   itemscope=\"itemscope\" itemtype=\"https:\/\/schema.org\/BlogPosting\" itemprop=\"blogPost\" ><div class='avia_textblock'  itemprop=\"text\" >\n<\/div><\/section>\n<\/div><\/div><\/div><!-- close content main div --><\/div><\/div><div id='av_section_2'  class='avia-section av-jt5vrdgv-4386718e65b314e69682ca60ae604601 main_color avia-section-default avia-no-border-styling  avia-builder-el-4  el_after_av_textblock  el_before_av_section  reduced-content avia-bg-style-scroll container_wrap sidebar_right'  ><div class='container av-section-cont-open' ><div class='template-page content  av-content-small alpha units'><div class='post-entry post-entry-type-page post-entry-2015'><div class='entry-content-wrapper clearfix'>\n<section  class='av_textblock_section av-jt5tjyk0-1e04ddf86ca9bd8201b4b17bbb4a6491 '   itemscope=\"itemscope\" itemtype=\"https:\/\/schema.org\/BlogPosting\" itemprop=\"blogPost\" ><div class='avia_textblock'  itemprop=\"text\" ><div id=\"js-table-of-contents\">\r\n    <strong>Inhaltsverzeichnis<\/strong>\r\n<\/div>\n<\/div><\/section>\n\n<\/div><\/div><\/div><!-- close content main div --><\/div><\/div><div id='av_section_3'  class='avia-section av-jt5vrdgv-4386718e65b314e69682ca60ae604601 main_color avia-section-default avia-no-border-styling  avia-builder-el-6  el_after_av_section  el_before_av_section  reduced-content avia-bg-style-scroll container_wrap sidebar_right'  ><div class='container av-section-cont-open' ><div class='template-page content  av-content-small alpha units'><div class='post-entry post-entry-type-page post-entry-2015'><div class='entry-content-wrapper clearfix'>\n\n<style type=\"text\/css\" data-created_by=\"avia_inline_auto\" id=\"style-css-av-1g5aou-6e8505d9de1136ce38f66b0d0e5d2a36\">\n.flex_column.av-1g5aou-6e8505d9de1136ce38f66b0d0e5d2a36{\nborder-radius:0px 0px 0px 0px;\npadding:0px 0px 0px 0px;\n}\n<\/style>\n<div  class='flex_column av-1g5aou-6e8505d9de1136ce38f66b0d0e5d2a36 av_one_full  avia-builder-el-7  avia-builder-el-no-sibling  first flex_column_div av-zero-column-padding  '     ><section  class='av_textblock_section av-jt5tjyk0-1e04ddf86ca9bd8201b4b17bbb4a6491 '   itemscope=\"itemscope\" itemtype=\"https:\/\/schema.org\/BlogPosting\" itemprop=\"blogPost\" ><div class='avia_textblock'  itemprop=\"text\" ><h2>Die wichtigsten Vorr\u00e4te und Utensilien f\u00fcrs Baby \u2013 eine Checkliste<\/h2>\n<p>Eine mehrw\u00f6chige Wohnmobil-Reise mit dem Baby steht vor der T\u00fcr? Reiseziel und Wohnmobil sind bereits ausgew\u00e4hlt? Dann geht es jetzt in die hei\u00dfe Phase der Vorbereitungen. Immerhin gibt es gerade beim Reisen mit Baby im Vorfeld viel zu beachten. Wer wichtige Baby-Utensilien \u2013 etwa Feuchtt\u00fccher oder einen Notfallvorrat Fertigbrei \u2013 vergisst, kann unterwegs stark in die Bredouille geraten. Umso wichtiger ist eine gr\u00fcndliche Vorbereitung. Eine erste Orientierung bietet die folgende Checkliste:<\/p>\n<ul>\n<li>Auch f\u00fcr Kleinkinder wird bei Reisen ins EU-Ausland mitunter ein\u00a0<strong>Kinderreisepass\u00a0<\/strong>n\u00f6tig. Wichtig: Diesen rechtzeitig beantragen!<\/li>\n<li>Unerl\u00e4sslich f\u00fcr die Fahrzeugsicherheit: Ein sicherer\u00a0<strong>Kindersitz<\/strong>, der richtig befestigt werden kann.<\/li>\n<li>Mindestens ebenso wichtig ist ein robuster\u00a0<strong>Kinderwagen<\/strong>, mit dem unterwegs auch mal l\u00e4ngere Strecken zur\u00fcckgelegt werden k\u00f6nnen.<\/li>\n<li>Wer kleinere Wanderungen unternehmen m\u00f6chte, ist neben einem guten Kinderwagen auch mit einer\u00a0<strong>Babytrage\u00a0<\/strong>gut beraten.<\/li>\n<li>Denken Sie an die Reiseapotheke f\u00fcr Ihr Baby! Diese umfasst etwa\u00a0<strong>Fieber-Z\u00e4pfchen<\/strong>,\u00a0<strong>Pflaster<\/strong>,\u00a0<strong>Wundschutz-Creme<\/strong>,\u00a0<strong>Hustensaft<\/strong>,\u00a0<strong>Nasentropfen<\/strong>,\u00a0<strong>Fieberthermometer<\/strong>,<strong>\u00a0Insektenstich-Gel<\/strong>\u00a0und eine\u00a0<strong>Pinzette<\/strong>.<\/li>\n<li>Nicht vergessen:\u00a0<strong>Sonnencreme\u00a0<\/strong>mit hohem Lichtschutzfaktor!<\/li>\n<li><strong>Zahnb\u00fcrste<\/strong>\u00a0und\u00a0<strong>Zahnpasta<\/strong>\u00a0geh\u00f6ren selbstverst\u00e4ndlich ebenso ins Gep\u00e4ck.<\/li>\n<li><strong>Lieblingskuscheltier<\/strong>\u00a0und\u00a0<strong>Kuscheldecke<\/strong>\u00a0d\u00fcrfen auf Reisen nat\u00fcrlich nicht fehlen.<\/li>\n<li>Ein absolutes Muss sind auch\u00a0<strong>Windeln<\/strong>\u00a0und\u00a0<strong>Feuchtt\u00fccher<\/strong>.<\/li>\n<li>F\u00fcr kleinere Babys lohnt es sich \u2013 gerade w\u00e4hrend der Zeit des Abstillens \u2013 einen\u00a0<strong>Breikocher <\/strong>mit an Bord zu nehmen. Auf diese Weise k\u00f6nnen auf Basis frischer Zutaten unterwegs leckere Breis hergestellt werden.<\/li>\n<li>Als Notfall-Reserve geh\u00f6ren zudem einige\u00a0<strong>Fertigbreis<\/strong>\u00a0ins Gep\u00e4ck.<\/li>\n<li>Au\u00dferdem gilt es, ausreichend\u00a0<strong>Getr\u00e4nke<\/strong>\u00a0mit an Bord zu nehmen.<\/li>\n<li>Denken Sie an\u00a0<strong>Wechselbekleidung<\/strong>\u00a0f\u00fcr Ihr Baby. Immerhin ist es auf Reisen nicht immer gew\u00e4hrleistet, dass Sie zeitnah eine Wasch-M\u00f6glichkeit finden.<\/li>\n<li><strong>Kinderb\u00fccher<\/strong>\u00a0und\u00a0<strong>Babyspielzeug<\/strong>\u00a0sorgen unterwegs f\u00fcr Besch\u00e4ftigung.<\/li>\n<\/ul>\n<p><b>Unser Tipp<\/b>: Fertigen Sie sich eine Packliste an und haken Sie vor Reiseantritt jeden Punkt einzeln ab. So k\u00f6nnen Sie sicher sein, nichts Wichtiges vergessen zu haben.<\/p>\n<\/div><\/section><\/div>\n\n<\/div><\/div><\/div><!-- close content main div --><\/div><\/div><div id='av_section_4'  class='avia-section av-b7gvl-1eb57de5f7b7a94c40602e8cf977ebb0 main_color avia-section-default avia-no-border-styling  avia-builder-el-9  el_after_av_section  el_before_av_section  reduced-content avia-bg-style-scroll container_wrap sidebar_right'  ><div class='container av-section-cont-open' ><div class='template-page content  av-content-small alpha units'><div class='post-entry post-entry-type-page post-entry-2015'><div class='entry-content-wrapper clearfix'>\n\n<style type=\"text\/css\" data-created_by=\"avia_inline_auto\" id=\"style-css-av-jtplvt5k-c2497d1f986b82c08796c596e4b33172\">\n.avia-image-container.av-jtplvt5k-c2497d1f986b82c08796c596e4b33172 img.avia_image{\nbox-shadow:none;\n}\n.avia-image-container.av-jtplvt5k-c2497d1f986b82c08796c596e4b33172 .av-caption-image-overlay-bg{\nopacity:0.4;\nbackground-color:#000000;\n}\n.avia-image-container.av-jtplvt5k-c2497d1f986b82c08796c596e4b33172 .av-image-caption-overlay-center{\ncolor:#ffffff;\n}\n<\/style>\n<div  class='avia-image-container av-jtplvt5k-c2497d1f986b82c08796c596e4b33172 av-styling- av-img-linked avia_animated_image av-animated-when-visible-95 fade-in avia-align-center  avia-builder-el-10  avia-builder-el-no-sibling  noHover av-overlay-on-hover'   itemprop=\"image\" itemscope=\"itemscope\" itemtype=\"https:\/\/schema.org\/ImageObject\" ><div class=\"avia-image-container-inner\"><div class=\"avia-image-overlay-wrap\"><a href=\"https:\/\/www.tuicamper.com\/wp-docker\/wp-content\/uploads\/2019\/05\/mutter-mit-kind-1030x686.jpg\" data-srcset=\"https:\/\/www.tuicamper.com\/wp-docker\/wp-content\/uploads\/2019\/05\/mutter-mit-kind-1030x686.jpg 1030w, https:\/\/www.tuicamper.com\/wp-docker\/wp-content\/uploads\/2019\/05\/mutter-mit-kind-300x200.jpg 300w, https:\/\/www.tuicamper.com\/wp-docker\/wp-content\/uploads\/2019\/05\/mutter-mit-kind-768x512.jpg 768w, https:\/\/www.tuicamper.com\/wp-docker\/wp-content\/uploads\/2019\/05\/mutter-mit-kind-705x470.jpg 705w, https:\/\/www.tuicamper.com\/wp-docker\/wp-content\/uploads\/2019\/05\/mutter-mit-kind-450x300.jpg 450w, https:\/\/www.tuicamper.com\/wp-docker\/wp-content\/uploads\/2019\/05\/mutter-mit-kind.jpg 1280w\" data-sizes=\"(max-width: 1030px) 100vw, 1030px\" class='avia_image '  aria-label='Mutter mit Kind'><div class=\"av-image-caption-overlay\"><div class=\"av-caption-image-overlay-bg\"><\/div><div class=\"av-image-caption-overlay-position\"><div class=\"av-image-caption-overlay-center\"><p>Mutter mit Kind<\/p>\n<\/div><\/div><\/div><img decoding=\"async\" fetchpriority=\"high\" class='wp-image-2492 avia-img-lazy-loading-not-2492 avia_image ' src=\"https:\/\/www.tuicamper.com\/wp-docker\/wp-content\/uploads\/2019\/05\/mutter-mit-kind-1280x630.jpg\" alt='Mutter mit Kind' title='Mutter mit Kind'  height=\"630\" width=\"1280\"  itemprop=\"thumbnailUrl\"  \/><\/a><\/div><\/div><\/div>\n\n<\/div><\/div><\/div><!-- close content main div --><\/div><\/div><div id='av_section_5'  class='avia-section av-jt5vrdgv-4386718e65b314e69682ca60ae604601 main_color avia-section-default avia-no-border-styling  avia-builder-el-11  el_after_av_section  el_before_av_section  reduced-content avia-bg-style-scroll container_wrap sidebar_right'  ><div class='container av-section-cont-open' ><div class='template-page content  av-content-small alpha units'><div class='post-entry post-entry-type-page post-entry-2015'><div class='entry-content-wrapper clearfix'>\n\n<style type=\"text\/css\" data-created_by=\"avia_inline_auto\" id=\"style-css-av-1g5aou-6e8505d9de1136ce38f66b0d0e5d2a36\">\n.flex_column.av-1g5aou-6e8505d9de1136ce38f66b0d0e5d2a36{\nborder-radius:0px 0px 0px 0px;\npadding:0px 0px 0px 0px;\n}\n<\/style>\n<div  class='flex_column av-1g5aou-6e8505d9de1136ce38f66b0d0e5d2a36 av_one_full  avia-builder-el-12  avia-builder-el-no-sibling  first flex_column_div av-zero-column-padding  '     ><section  class='av_textblock_section av-jt5tjyk0-1e04ddf86ca9bd8201b4b17bbb4a6491 '   itemscope=\"itemscope\" itemtype=\"https:\/\/schema.org\/BlogPosting\" itemprop=\"blogPost\" ><div class='avia_textblock'  itemprop=\"text\" ><h2>Die Etappenplanung: Nicht zu viel zumuten<\/h2>\n<p>Das Reisen mit j\u00fcngeren Babys hat einen gro\u00dfen Vorteil: Die Kleinen schlafen noch sehr viel, sodass in der Regel auch l\u00e4ngere Etappen problemlos bew\u00e4ltigt werden k\u00f6nnen. Je nach Alter und Agilit\u00e4tsgrad des Kindes gibt es hier jedoch keine festen Regeln, was die optimale Tagesetappe betrifft. Prinzipiell gilt:\u00a0<a href=\"https:\/\/www.tuicamper.com\/magazin\/streckenplanung\/\">Nehmen Sie sich nicht zu viel vor<\/a>! Eine Fahrtdauer von zwei bis drei Stunden pro Tag ist in den meisten F\u00e4llen realistisch. Die \u00fcbrige Zeit sollten Sie f\u00fcr gemeinsame Aktivit\u00e4ten und die speziellen Bed\u00fcrfnisse Ihres Babys einplanen.<\/p>\n<\/div><\/section><\/div>\n\n<\/div><\/div><\/div><!-- close content main div --><\/div><\/div><div id='av_section_6'  class='avia-section av-b7gvl-1eb57de5f7b7a94c40602e8cf977ebb0 main_color avia-section-default avia-no-border-styling  avia-builder-el-14  el_after_av_section  el_before_av_section  reduced-content avia-bg-style-scroll container_wrap sidebar_right'  ><div class='container av-section-cont-open' ><div class='template-page content  av-content-small alpha units'><div class='post-entry post-entry-type-page post-entry-2015'><div class='entry-content-wrapper clearfix'>\n\n<style type=\"text\/css\" data-created_by=\"avia_inline_auto\" id=\"style-css-av-jtplvt5k-ed354bdc8e81446de23da1ced3352fc7\">\n.avia-image-container.av-jtplvt5k-ed354bdc8e81446de23da1ced3352fc7 img.avia_image{\nbox-shadow:none;\n}\n.avia-image-container.av-jtplvt5k-ed354bdc8e81446de23da1ced3352fc7 .av-caption-image-overlay-bg{\nopacity:0.4;\nbackground-color:#000000;\n}\n.avia-image-container.av-jtplvt5k-ed354bdc8e81446de23da1ced3352fc7 .av-image-caption-overlay-center{\ncolor:#ffffff;\n}\n<\/style>\n<div  class='avia-image-container av-jtplvt5k-ed354bdc8e81446de23da1ced3352fc7 av-styling- av-img-linked avia_animated_image av-animated-when-visible-95 fade-in avia-align-center  avia-builder-el-15  avia-builder-el-no-sibling  noHover av-overlay-on-hover'   itemprop=\"image\" itemscope=\"itemscope\" itemtype=\"https:\/\/schema.org\/ImageObject\" ><div class=\"avia-image-container-inner\"><div class=\"avia-image-overlay-wrap\"><a href=\"https:\/\/www.tuicamper.com\/wp-docker\/wp-content\/uploads\/2019\/05\/mutter-mit-kind-im-wohnmobil-1030x686.jpg\" data-srcset=\"https:\/\/www.tuicamper.com\/wp-docker\/wp-content\/uploads\/2019\/05\/mutter-mit-kind-im-wohnmobil-1030x686.jpg 1030w, https:\/\/www.tuicamper.com\/wp-docker\/wp-content\/uploads\/2019\/05\/mutter-mit-kind-im-wohnmobil-300x200.jpg 300w, https:\/\/www.tuicamper.com\/wp-docker\/wp-content\/uploads\/2019\/05\/mutter-mit-kind-im-wohnmobil-768x512.jpg 768w, https:\/\/www.tuicamper.com\/wp-docker\/wp-content\/uploads\/2019\/05\/mutter-mit-kind-im-wohnmobil-705x470.jpg 705w, https:\/\/www.tuicamper.com\/wp-docker\/wp-content\/uploads\/2019\/05\/mutter-mit-kind-im-wohnmobil-450x300.jpg 450w, https:\/\/www.tuicamper.com\/wp-docker\/wp-content\/uploads\/2019\/05\/mutter-mit-kind-im-wohnmobil.jpg 1280w\" data-sizes=\"(max-width: 1030px) 100vw, 1030px\" class='avia_image '  aria-label='Mutter mit Kind im Wohnmobil'><div class=\"av-image-caption-overlay\"><div class=\"av-caption-image-overlay-bg\"><\/div><div class=\"av-image-caption-overlay-position\"><div class=\"av-image-caption-overlay-center\"><p>Mutter mit Kind im Wohnmobil<\/p>\n<\/div><\/div><\/div><img decoding=\"async\" fetchpriority=\"high\" class='wp-image-2493 avia-img-lazy-loading-not-2493 avia_image ' src=\"https:\/\/www.tuicamper.com\/wp-docker\/wp-content\/uploads\/2019\/05\/mutter-mit-kind-im-wohnmobil-1280x630.jpg\" alt='' title='Mutter mit Kind im Wohnmobil'  height=\"630\" width=\"1280\"  itemprop=\"thumbnailUrl\"  \/><\/a><\/div><\/div><\/div>\n\n<\/div><\/div><\/div><!-- close content main div --><\/div><\/div><div id='av_section_7'  class='avia-section av-jt5vrdgv-4386718e65b314e69682ca60ae604601 main_color avia-section-default avia-no-border-styling  avia-builder-el-16  el_after_av_section  el_before_av_section  reduced-content avia-bg-style-scroll container_wrap sidebar_right'  ><div class='container av-section-cont-open' ><div class='template-page content  av-content-small alpha units'><div class='post-entry post-entry-type-page post-entry-2015'><div class='entry-content-wrapper clearfix'>\n\n<style type=\"text\/css\" data-created_by=\"avia_inline_auto\" id=\"style-css-av-1g5aou-6e8505d9de1136ce38f66b0d0e5d2a36\">\n.flex_column.av-1g5aou-6e8505d9de1136ce38f66b0d0e5d2a36{\nborder-radius:0px 0px 0px 0px;\npadding:0px 0px 0px 0px;\n}\n<\/style>\n<div  class='flex_column av-1g5aou-6e8505d9de1136ce38f66b0d0e5d2a36 av_one_full  avia-builder-el-17  avia-builder-el-no-sibling  first flex_column_div av-zero-column-padding  '     ><section  class='av_textblock_section av-jt5tjyk0-1e04ddf86ca9bd8201b4b17bbb4a6491 '   itemscope=\"itemscope\" itemtype=\"https:\/\/schema.org\/BlogPosting\" itemprop=\"blogPost\" ><div class='avia_textblock'  itemprop=\"text\" ><h2>Auf diese Aktivit\u00e4ten sollten Sie mit Baby besser verzichten<\/h2>\n<p>Zwar l\u00e4sst sich auch mit einem Baby viel unternehmen. Dank robusten Kinderw\u00e4gen und Babytragen liegen neben Spazierg\u00e4ngen beispielsweise auch kleinere Wanderungen im Bereich des M\u00f6glichen. Allerdings gibt es auch eine Reihe von Aktivit\u00e4ten, auf die Sie mit einem Baby besser verzichten sollten.<\/p>\n<p>Das gilt beispielsweise f\u00fcr ausgedehnte Wanderungen \u2013 gerade in Gebieten mit schlechter Versorgung. Dass auf Klettertouren verzichtet werden muss, versteht sich von selbst. Aber auch l\u00e4ngere Aufenthalte in der prallen Sonne sind mit Baby tabu! Stellen Sie daher stets sicher, dass schattige R\u00fcckzugspl\u00e4tze schnell erreicht werden k\u00f6nnen.<\/p>\n<\/div><\/section><\/div>\n\n<\/div><\/div><\/div><!-- close content main div --><\/div><\/div><div id='av_section_8'  class='avia-section av-b7gvl-1eb57de5f7b7a94c40602e8cf977ebb0 main_color avia-section-default avia-no-border-styling  avia-builder-el-19  el_after_av_section  el_before_av_section  reduced-content avia-bg-style-scroll container_wrap sidebar_right'  ><div class='container av-section-cont-open' ><div class='template-page content  av-content-small alpha units'><div class='post-entry post-entry-type-page post-entry-2015'><div class='entry-content-wrapper clearfix'>\n\n<style type=\"text\/css\" data-created_by=\"avia_inline_auto\" id=\"style-css-av-jtplvt5k-133543371e047b9037aa4f766bab722a\">\n.avia-image-container.av-jtplvt5k-133543371e047b9037aa4f766bab722a img.avia_image{\nbox-shadow:none;\n}\n.avia-image-container.av-jtplvt5k-133543371e047b9037aa4f766bab722a .av-caption-image-overlay-bg{\nopacity:0.4;\nbackground-color:#000000;\n}\n.avia-image-container.av-jtplvt5k-133543371e047b9037aa4f766bab722a .av-image-caption-overlay-center{\ncolor:#ffffff;\n}\n<\/style>\n<div  class='avia-image-container av-jtplvt5k-133543371e047b9037aa4f766bab722a av-styling- av-img-linked avia_animated_image av-animated-when-visible-95 fade-in avia-align-center  avia-builder-el-20  avia-builder-el-no-sibling  noHover av-overlay-on-hover'   itemprop=\"image\" itemscope=\"itemscope\" itemtype=\"https:\/\/schema.org\/ImageObject\" ><div class=\"avia-image-container-inner\"><div class=\"avia-image-overlay-wrap\"><a href=\"https:\/\/www.tuicamper.com\/wp-docker\/wp-content\/uploads\/2019\/05\/mutter-mit-kind-usa-1030x686.jpg\" data-srcset=\"https:\/\/www.tuicamper.com\/wp-docker\/wp-content\/uploads\/2019\/05\/mutter-mit-kind-usa-1030x686.jpg 1030w, https:\/\/www.tuicamper.com\/wp-docker\/wp-content\/uploads\/2019\/05\/mutter-mit-kind-usa-300x200.jpg 300w, https:\/\/www.tuicamper.com\/wp-docker\/wp-content\/uploads\/2019\/05\/mutter-mit-kind-usa-768x512.jpg 768w, https:\/\/www.tuicamper.com\/wp-docker\/wp-content\/uploads\/2019\/05\/mutter-mit-kind-usa-705x470.jpg 705w, https:\/\/www.tuicamper.com\/wp-docker\/wp-content\/uploads\/2019\/05\/mutter-mit-kind-usa-450x300.jpg 450w, https:\/\/www.tuicamper.com\/wp-docker\/wp-content\/uploads\/2019\/05\/mutter-mit-kind-usa.jpg 1280w\" data-sizes=\"(max-width: 1030px) 100vw, 1030px\" class='avia_image '  aria-label='Mutter mit Kindauf dem Arm in den USA'><div class=\"av-image-caption-overlay\"><div class=\"av-caption-image-overlay-bg\"><\/div><div class=\"av-image-caption-overlay-position\"><div class=\"av-image-caption-overlay-center\"><p>Mutter mit Kind im Wohnmobil<\/p>\n<\/div><\/div><\/div><img decoding=\"async\" fetchpriority=\"high\" class='wp-image-2494 avia-img-lazy-loading-not-2494 avia_image ' src=\"https:\/\/www.tuicamper.com\/wp-docker\/wp-content\/uploads\/2019\/05\/mutter-mit-kind-usa-1280x630.jpg\" alt='Mutter mit Kindauf dem Arm in den USA' title='Mutter mit Kindauf dem Arm in den USA'  height=\"630\" width=\"1280\"  itemprop=\"thumbnailUrl\"  \/><\/a><\/div><\/div><\/div>\n\n<\/div><\/div><\/div><!-- close content main div --><\/div><\/div><div id='av_section_9'  class='avia-section av-jt5vrdgv-4386718e65b314e69682ca60ae604601 main_color avia-section-default avia-no-border-styling  avia-builder-el-21  el_after_av_section  el_before_av_section  reduced-content avia-bg-style-scroll container_wrap sidebar_right'  ><div class='container av-section-cont-open' ><div class='template-page content  av-content-small alpha units'><div class='post-entry post-entry-type-page post-entry-2015'><div class='entry-content-wrapper clearfix'>\n\n<style type=\"text\/css\" data-created_by=\"avia_inline_auto\" id=\"style-css-av-1g5aou-6e8505d9de1136ce38f66b0d0e5d2a36\">\n.flex_column.av-1g5aou-6e8505d9de1136ce38f66b0d0e5d2a36{\nborder-radius:0px 0px 0px 0px;\npadding:0px 0px 0px 0px;\n}\n<\/style>\n<div  class='flex_column av-1g5aou-6e8505d9de1136ce38f66b0d0e5d2a36 av_one_full  avia-builder-el-22  avia-builder-el-no-sibling  first flex_column_div av-zero-column-padding  '     ><section  class='av_textblock_section av-jt5tjyk0-1e04ddf86ca9bd8201b4b17bbb4a6491 '   itemscope=\"itemscope\" itemtype=\"https:\/\/schema.org\/BlogPosting\" itemprop=\"blogPost\" ><div class='avia_textblock'  itemprop=\"text\" ><h2>N\u00fctzliche Tipps und Tricks f\u00fcr das Reisen mit Baby auf einen Blick<\/h2>\n<p>Neben einer gr\u00fcndlichen Vorbereitung, ausreichend Proviant und den Verzicht auf gewisse Aktivit\u00e4ten gilt es noch eine Reihe weiterer Hinweise zu beachten. So gibt es beispielsweise auch f\u00fcr Babys bereits die ersten Reiseschutzimpfungen, die beim Wohnmobil-Urlaub in einigen L\u00e4ndern mehr als sinnvoll sind.<\/p>\n<p>Dar\u00fcber hinaus sind Sie gut damit beraten, den ruhigen Schlaf Ihres Babys sicherzustellen. Es empfiehlt sich daher bereits im Vorfeld Kinderwagen und Co. auszutesten. Zudem sollten Sie nach M\u00f6glichkeit vor Reisebuchung eine Probefahrt im Camper antreten. F\u00fchlt sich Ihr Baby hier auch w\u00e4hrend der Fahrt wohl und ist in der Lage zu schlafen?<\/p>\n<\/div><\/section><\/div>\n\n<\/div><\/div><\/div><!-- close content main div --><\/div><\/div><div id='av_section_10'  class='avia-section av-b7gvl-1eb57de5f7b7a94c40602e8cf977ebb0 main_color avia-section-default avia-no-border-styling  avia-builder-el-24  el_after_av_section  el_before_av_section  reduced-content avia-bg-style-scroll container_wrap sidebar_right'  ><div class='container av-section-cont-open' ><div class='template-page content  av-content-small alpha units'><div class='post-entry post-entry-type-page post-entry-2015'><div class='entry-content-wrapper clearfix'>\n\n<style type=\"text\/css\" data-created_by=\"avia_inline_auto\" id=\"style-css-av-jtplvt5k-30c2bd848f190a2886a939813764a3f6\">\n.avia-image-container.av-jtplvt5k-30c2bd848f190a2886a939813764a3f6 img.avia_image{\nbox-shadow:none;\n}\n.avia-image-container.av-jtplvt5k-30c2bd848f190a2886a939813764a3f6 .av-caption-image-overlay-bg{\nopacity:0.4;\nbackground-color:#000000;\n}\n.avia-image-container.av-jtplvt5k-30c2bd848f190a2886a939813764a3f6 .av-image-caption-overlay-center{\ncolor:#ffffff;\n}\n<\/style>\n<div  class='avia-image-container av-jtplvt5k-30c2bd848f190a2886a939813764a3f6 av-styling- av-img-linked avia_animated_image av-animated-when-visible-95 fade-in avia-align-center  avia-builder-el-25  avia-builder-el-no-sibling  noHover av-overlay-on-hover'   itemprop=\"image\" itemscope=\"itemscope\" itemtype=\"https:\/\/schema.org\/ImageObject\" ><div class=\"avia-image-container-inner\"><div class=\"avia-image-overlay-wrap\"><a href=\"https:\/\/www.tuicamper.com\/wp-docker\/wp-content\/uploads\/2019\/05\/horseshoe-bend-1-1030x686.jpg\" data-srcset=\"https:\/\/www.tuicamper.com\/wp-docker\/wp-content\/uploads\/2019\/05\/horseshoe-bend-1-1030x686.jpg 1030w, https:\/\/www.tuicamper.com\/wp-docker\/wp-content\/uploads\/2019\/05\/horseshoe-bend-1-300x200.jpg 300w, https:\/\/www.tuicamper.com\/wp-docker\/wp-content\/uploads\/2019\/05\/horseshoe-bend-1-768x512.jpg 768w, https:\/\/www.tuicamper.com\/wp-docker\/wp-content\/uploads\/2019\/05\/horseshoe-bend-1-705x470.jpg 705w, https:\/\/www.tuicamper.com\/wp-docker\/wp-content\/uploads\/2019\/05\/horseshoe-bend-1-450x300.jpg 450w, https:\/\/www.tuicamper.com\/wp-docker\/wp-content\/uploads\/2019\/05\/horseshoe-bend-1.jpg 1280w\" data-sizes=\"(max-width: 1030px) 100vw, 1030px\" class='avia_image '  aria-label='Horseshoe Bend'><div class=\"av-image-caption-overlay\"><div class=\"av-caption-image-overlay-bg\"><\/div><div class=\"av-image-caption-overlay-position\"><div class=\"av-image-caption-overlay-center\"><p>Horseshoe Bend in Amerika<\/p>\n<\/div><\/div><\/div><img decoding=\"async\" fetchpriority=\"high\" class='wp-image-2497 avia-img-lazy-loading-not-2497 avia_image ' src=\"https:\/\/www.tuicamper.com\/wp-docker\/wp-content\/uploads\/2019\/05\/horseshoe-bend-1-1280x630.jpg\" alt='Horseshoe Bend' title='Horseshoe Bend'  height=\"630\" width=\"1280\"  itemprop=\"thumbnailUrl\"  \/><\/a><\/div><\/div><\/div>\n\n<\/div><\/div><\/div><!-- close content main div --><\/div><\/div><div id='av_section_11'  class='avia-section av-jt5vrdgv-4386718e65b314e69682ca60ae604601 main_color avia-section-default avia-no-border-styling  avia-builder-el-26  el_after_av_section  el_before_av_section  reduced-content avia-bg-style-scroll container_wrap sidebar_right'  ><div class='container av-section-cont-open' ><div class='template-page content  av-content-small alpha units'><div class='post-entry post-entry-type-page post-entry-2015'><div class='entry-content-wrapper clearfix'>\n\n<style type=\"text\/css\" data-created_by=\"avia_inline_auto\" id=\"style-css-av-1g5aou-6e8505d9de1136ce38f66b0d0e5d2a36\">\n.flex_column.av-1g5aou-6e8505d9de1136ce38f66b0d0e5d2a36{\nborder-radius:0px 0px 0px 0px;\npadding:0px 0px 0px 0px;\n}\n<\/style>\n<div  class='flex_column av-1g5aou-6e8505d9de1136ce38f66b0d0e5d2a36 av_one_full  avia-builder-el-27  avia-builder-el-no-sibling  first flex_column_div av-zero-column-padding  '     ><section  class='av_textblock_section av-jt5tjyk0-1e04ddf86ca9bd8201b4b17bbb4a6491 '   itemscope=\"itemscope\" itemtype=\"https:\/\/schema.org\/BlogPosting\" itemprop=\"blogPost\" ><div class='avia_textblock'  itemprop=\"text\" ><h2>5 G\u00fcnstige Reiseziele in der Elternzeit<\/h2>\n<p>So viel zu den Tipps und Vorbereitungen f\u00fcr die Elternzeit im Wohnmobil. Eine wichtige Frage blieb bislang allerdings noch ungekl\u00e4rt: Welche Reiseziele eignen sich \u00fcberhaupt f\u00fcr den Wohnmobil-Urlaub mit Baby \u2013 und sind dar\u00fcber hinaus (zumindest abseits der Hauptsaison) noch einigerma\u00dfen erschwinglich? Wir haben f\u00fcnf Tipps f\u00fcr Sie parat.<\/p>\n<\/div><\/section><\/div>\n\n<\/div><\/div><\/div><!-- close content main div --><\/div><\/div><div id='av_section_12'  class='avia-section av-jt5vrdgv-4386718e65b314e69682ca60ae604601 main_color avia-section-default avia-no-border-styling  avia-builder-el-29  el_after_av_section  el_before_av_section  reduced-content avia-bg-style-scroll container_wrap sidebar_right'  ><div class='container av-section-cont-open' ><div class='template-page content  av-content-small alpha units'><div class='post-entry post-entry-type-page post-entry-2015'><div class='entry-content-wrapper clearfix'>\n\n<style type=\"text\/css\" data-created_by=\"avia_inline_auto\" id=\"style-css-av-1g5aou-6e8505d9de1136ce38f66b0d0e5d2a36\">\n.flex_column.av-1g5aou-6e8505d9de1136ce38f66b0d0e5d2a36{\nborder-radius:0px 0px 0px 0px;\npadding:0px 0px 0px 0px;\n}\n<\/style>\n<div  class='flex_column av-1g5aou-6e8505d9de1136ce38f66b0d0e5d2a36 av_one_full  avia-builder-el-30  avia-builder-el-no-sibling  first flex_column_div av-zero-column-padding  '     ><section  class='av_textblock_section av-jt5tjyk0-69347f2b68b0b2a0a7f856b9f4c87537 '   itemscope=\"itemscope\" itemtype=\"https:\/\/schema.org\/BlogPosting\" itemprop=\"blogPost\" ><div class='avia_textblock'  itemprop=\"text\" ><h3>1. Nord- und Ostsee<\/h3>\n<p>Der Klassiker unter den Wohnmobil-Reisen mit Baby. Immerhin liegen\u00a0<a href=\"https:\/\/www.tuicamper.com\/routen\/deutschland-routen\/nordsee-rundreise\/\">Nordsee<\/a>\u00a0und\u00a0<a href=\"https:\/\/www.tuicamper.com\/routen\/deutschland-routen\/ostsee-rundreise\/\">Ostsee<\/a>\u00a0direkt vor der Haust\u00fcr. Badespa\u00df ist hier garantiert und Tropenkrankheiten sind auch nicht zu bef\u00fcrchten.<\/p>\n<\/div><\/section><\/div><\/div><\/div><\/div><!-- close content main div --><\/div><\/div><div id='av_section_13'  class='avia-section av-jt5vrdgv-4386718e65b314e69682ca60ae604601 main_color avia-section-default avia-no-border-styling  avia-builder-el-32  el_after_av_section  el_before_av_textblock  reduced-content avia-bg-style-scroll container_wrap sidebar_right'  ><div class='container av-section-cont-open' ><div class='template-page content  av-content-small alpha units'><div class='post-entry post-entry-type-page post-entry-2015'><div class='entry-content-wrapper clearfix'>\n\n<style type=\"text\/css\" data-created_by=\"avia_inline_auto\" id=\"style-css-av-1g5aou-6e8505d9de1136ce38f66b0d0e5d2a36\">\n.flex_column.av-1g5aou-6e8505d9de1136ce38f66b0d0e5d2a36{\nborder-radius:0px 0px 0px 0px;\npadding:0px 0px 0px 0px;\n}\n<\/style>\n<div  class='flex_column av-1g5aou-6e8505d9de1136ce38f66b0d0e5d2a36 av_one_full  avia-builder-el-33  avia-builder-el-no-sibling  first flex_column_div av-zero-column-padding  '     ><section  class='av_textblock_section av-jt5tjyk0-1e04ddf86ca9bd8201b4b17bbb4a6491 '   itemscope=\"itemscope\" itemtype=\"https:\/\/schema.org\/BlogPosting\" itemprop=\"blogPost\" ><div class='avia_textblock'  itemprop=\"text\" ><h3>2. Griechenland, Kroatien, Italien<\/h3>\n<p>Aber auch im europ\u00e4ischen Ausland finden sich zahlreiche kinderfreundliche Ziele, die mit vergleichsweise g\u00fcnstigen Preisen locken. Hierzu z\u00e4hlen beispielsweise Griechenland,\u00a0<a href=\"https:\/\/www.tuicamper.com\/reiseziele\/europa\/italien\/\">Italien<\/a>\u00a0und\u00a0<a href=\"https:\/\/www.tuicamper.com\/magazin\/wohnmobil-kroatien\/\">Kroatien<\/a>. Der gro\u00dfe Vorteile: S\u00e4mtliche L\u00e4nder verf\u00fcgen \u00fcber zahlreiche Campingm\u00f6glichkeiten \u2013 oftmals sogar in Strandn\u00e4he. Dar\u00fcber hinaus gibt es unz\u00e4hlige kulturelle H\u00f6hepunkte zu besichtigen, sodass auch bei den Eltern keine Langeweile aufkommt.<\/p>\n<\/div><\/section><\/div>\n<\/div><\/div><\/div><!-- close content main div --><\/div><\/div><div id='after_section_13'  class='main_color av_default_container_wrap container_wrap sidebar_right'  ><div class='container av-section-cont-open' ><div class='template-page content  av-content-small alpha units'><div class='post-entry post-entry-type-page post-entry-2015'><div class='entry-content-wrapper clearfix'><\/p>\n<section  class='av_textblock_section av-jtpqpty6-550c066a997ebaf648fccc87d0b9ff16 '   itemscope=\"itemscope\" itemtype=\"https:\/\/schema.org\/BlogPosting\" itemprop=\"blogPost\" ><div class='avia_textblock'  itemprop=\"text\" >\r\n<div style=\"clear: both;\"><\/div>\r\n<div class=\"post-breaker-item breaker-type-default\">\r\n    <div class=\"post-breaker-item-inner\">\r\n                    \n<style type=\"text\/css\" data-created_by=\"avia_inline_auto\" id=\"style-css-av-jtpksizx-4b352f2a2752c01e58a4c67632af1aa6\">\n#top .av_textblock_section.av-jtpksizx-4b352f2a2752c01e58a4c67632af1aa6 .avia_textblock{\nfont-size:28px;\n}\n<\/style>\n<section  class='av_textblock_section av-jtpksizx-4b352f2a2752c01e58a4c67632af1aa6 '   itemscope=\"itemscope\" itemtype=\"https:\/\/schema.org\/BlogPosting\" itemprop=\"blogPost\" ><div class='avia_textblock'  itemprop=\"text\" ><p><strong>\u2013 Lesen Sie auch \u2013<\/strong><\/p>\n<\/div><\/section>\n\n<style type=\"text\/css\" data-created_by=\"avia_inline_auto\" id=\"style-css-av-ehyb5-42286bbb62f5c947921c50b729609f1d\">\n.flex_column.av-ehyb5-42286bbb62f5c947921c50b729609f1d{\nborder-radius:0px 0px 0px 0px;\npadding:0px 0px 0px 0px;\n}\n<\/style>\n<div  class='flex_column av-ehyb5-42286bbb62f5c947921c50b729609f1d av_one_third first flex_column_div av-zero-column-padding  '     ><p>\n<style type=\"text\/css\" data-created_by=\"avia_inline_auto\" id=\"style-css-av-jt75ko0n-f35cb1ae55a0bad8249fab65ac2a9d50\">\n.avia-image-container.av-jt75ko0n-f35cb1ae55a0bad8249fab65ac2a9d50 img.avia_image{\nbox-shadow:none;\n}\n.avia-image-container.av-jt75ko0n-f35cb1ae55a0bad8249fab65ac2a9d50 .av-image-caption-overlay-center{\ncolor:#ffffff;\n}\n<\/style>\n<div  class='avia-image-container av-jt75ko0n-f35cb1ae55a0bad8249fab65ac2a9d50 av-styling-no-styling av-hover-grow av-hide-overflow av-img-linked avia_animated_image av-animated-when-visible-95 fade-in avia-align-left'   itemprop=\"image\" itemscope=\"itemscope\" itemtype=\"https:\/\/schema.org\/ImageObject\" ><div class=\"avia-image-container-inner\"><div class=\"avia-image-overlay-wrap\"><a href=\"https:\/\/www.tuicamper.com\/magazin\/roadtrip-usa-mit-kind\/\" class='avia_image '  aria-label='USA Reise mit Kindern'><img decoding=\"async\" fetchpriority=\"high\" class='wp-image-879 avia-img-lazy-loading-not-879 avia_image ' src=\"https:\/\/www.tuicamper.com\/wp-docker\/wp-content\/uploads\/2019\/04\/usa-reise-mit-kindern-teaser.jpg\" alt='USA Reise mit Kindern' title='USA Reise mit Kindern'  height=\"200\" width=\"350\"  itemprop=\"thumbnailUrl\" srcset=\"https:\/\/www.tuicamper.com\/wp-docker\/wp-content\/uploads\/2019\/04\/usa-reise-mit-kindern-teaser.jpg 350w, https:\/\/www.tuicamper.com\/wp-docker\/wp-content\/uploads\/2019\/04\/usa-reise-mit-kindern-teaser-300x171.jpg 300w\" sizes=\"(max-width: 350px) 100vw, 350px\" \/><\/a><\/div><\/div><\/div><br \/>\n<section  class='av_textblock_section av-jt75lbqb-bba29013bb6610b0762c56b6a5ae7819 '   itemscope=\"itemscope\" itemtype=\"https:\/\/schema.org\/BlogPosting\" itemprop=\"blogPost\" ><div class='avia_textblock'  itemprop=\"text\" ><p style=\"text-align: left;\"><strong><a href=\"https:\/\/www.tuicamper.com\/magazin\/roadtrip-usa-mit-kind\/\">USA Reise mit Kindern &#8211; mit der Familie quer durch Amerika<\/a><\/strong><\/p>\n<\/div><\/section><\/p><\/div>\n<style type=\"text\/css\" data-created_by=\"avia_inline_auto\" id=\"style-css-av-ehyb5-8fadcff6392c44a3fc98dc4b014d4246\">\n.flex_column.av-ehyb5-8fadcff6392c44a3fc98dc4b014d4246{\nborder-radius:0px 0px 0px 0px;\npadding:0px 0px 0px 0px;\n}\n<\/style>\n<div  class='flex_column av-ehyb5-8fadcff6392c44a3fc98dc4b014d4246 av_one_third flex_column_div av-zero-column-padding  '     ><p>\n<style type=\"text\/css\" data-created_by=\"avia_inline_auto\" id=\"style-css-av-jt75ko0n-54ee3735799361767573f1d93d31b7c7\">\n.avia-image-container.av-jt75ko0n-54ee3735799361767573f1d93d31b7c7 img.avia_image{\nbox-shadow:none;\n}\n.avia-image-container.av-jt75ko0n-54ee3735799361767573f1d93d31b7c7 .av-image-caption-overlay-center{\ncolor:#ffffff;\n}\n<\/style>\n<div  class='avia-image-container av-jt75ko0n-54ee3735799361767573f1d93d31b7c7 av-styling-no-styling av-hover-grow av-hide-overflow av-img-linked avia_animated_image av-animated-when-visible-95 fade-in avia-align-left'   itemprop=\"image\" itemscope=\"itemscope\" itemtype=\"https:\/\/schema.org\/ImageObject\" ><div class=\"avia-image-container-inner\"><div class=\"avia-image-overlay-wrap\"><a href=\"https:\/\/www.tuicamper.com\/magazin\/wohnmobil-daenemark\/\" class='avia_image '  aria-label='Wohnmobil D\u00e4nemark'><img decoding=\"async\" fetchpriority=\"high\" class='wp-image-1739 avia-img-lazy-loading-not-1739 avia_image ' src=\"https:\/\/www.tuicamper.com\/wp-docker\/wp-content\/uploads\/2019\/04\/wohnmobil-daenemark-teaser.jpg\" alt='Wohnmobil D\u00e4nemark' title='Wohnmobil D\u00e4nemark'  height=\"200\" width=\"350\"  itemprop=\"thumbnailUrl\" srcset=\"https:\/\/www.tuicamper.com\/wp-docker\/wp-content\/uploads\/2019\/04\/wohnmobil-daenemark-teaser.jpg 350w, https:\/\/www.tuicamper.com\/wp-docker\/wp-content\/uploads\/2019\/04\/wohnmobil-daenemark-teaser-300x171.jpg 300w\" sizes=\"(max-width: 350px) 100vw, 350px\" \/><\/a><\/div><\/div><\/div><br \/>\n<section  class='av_textblock_section av-jt75lbqb-bba29013bb6610b0762c56b6a5ae7819 '   itemscope=\"itemscope\" itemtype=\"https:\/\/schema.org\/BlogPosting\" itemprop=\"blogPost\" ><div class='avia_textblock'  itemprop=\"text\" ><p style=\"text-align: left;\"><strong><a href=\"https:\/\/www.tuicamper.com\/magazin\/wohnmobil-daenemark\/\">Wohnmobil D\u00e4nemark \u2013 Die sch\u00f6nsten Touren &amp; Highlights<\/a><\/strong><\/p>\n<\/div><\/section><\/p><\/div>\n<style type=\"text\/css\" data-created_by=\"avia_inline_auto\" id=\"style-css-av-ehyb5-8fadcff6392c44a3fc98dc4b014d4246\">\n.flex_column.av-ehyb5-8fadcff6392c44a3fc98dc4b014d4246{\nborder-radius:0px 0px 0px 0px;\npadding:0px 0px 0px 0px;\n}\n<\/style>\n<div  class='flex_column av-ehyb5-8fadcff6392c44a3fc98dc4b014d4246 av_one_third flex_column_div av-zero-column-padding  '     ><p>\n<style type=\"text\/css\" data-created_by=\"avia_inline_auto\" id=\"style-css-av-jt75ko0n-b0bd9e019c22a6e3e0c809a51554667c\">\n.avia-image-container.av-jt75ko0n-b0bd9e019c22a6e3e0c809a51554667c img.avia_image{\nbox-shadow:none;\n}\n.avia-image-container.av-jt75ko0n-b0bd9e019c22a6e3e0c809a51554667c .av-image-caption-overlay-center{\ncolor:#ffffff;\n}\n<\/style>\n<div  class='avia-image-container av-jt75ko0n-b0bd9e019c22a6e3e0c809a51554667c av-styling-no-styling av-hover-grow av-hide-overflow av-img-linked avia_animated_image av-animated-when-visible-95 fade-in avia-align-left'   itemprop=\"image\" itemscope=\"itemscope\" itemtype=\"https:\/\/schema.org\/ImageObject\" ><div class=\"avia-image-container-inner\"><div class=\"avia-image-overlay-wrap\"><a href=\"https:\/\/www.tuicamper.com\/magazin\/wohnmobil-gardasee\/\" class='avia_image '  aria-label='Wohnmobil Gardasee'><img decoding=\"async\" fetchpriority=\"high\" class='wp-image-1861 avia-img-lazy-loading-not-1861 avia_image ' src=\"https:\/\/www.tuicamper.com\/wp-docker\/wp-content\/uploads\/2019\/04\/wohnmobil-gardasee-teaser.jpg\" alt='Wohnmobil Gardasee' title='Wohnmobil Gardasee'  height=\"200\" width=\"350\"  itemprop=\"thumbnailUrl\" srcset=\"https:\/\/www.tuicamper.com\/wp-docker\/wp-content\/uploads\/2019\/04\/wohnmobil-gardasee-teaser.jpg 350w, https:\/\/www.tuicamper.com\/wp-docker\/wp-content\/uploads\/2019\/04\/wohnmobil-gardasee-teaser-300x171.jpg 300w\" sizes=\"(max-width: 350px) 100vw, 350px\" \/><\/a><\/div><\/div><\/div><br \/>\n<section  class='av_textblock_section av-jt75lbqb-bba29013bb6610b0762c56b6a5ae7819 '   itemscope=\"itemscope\" itemtype=\"https:\/\/schema.org\/BlogPosting\" itemprop=\"blogPost\" ><div class='avia_textblock'  itemprop=\"text\" ><p style=\"text-align: left;\"><strong><a href=\"https:\/\/www.tuicamper.com\/magazin\/wohnmobil-gardasee\/\">Wohnmobil Gardasee \u2013 Camping, Highlights &amp; die besten Ausfl\u00fcge<\/a><\/strong><\/p>\n<\/div><\/section><\/p><\/div><\/p>\n            <div style=\"clear: both;\"><\/div>\r\n            <\/div>\r\n<\/div>\r\n\n<\/div><\/section>\n<\/div><\/div><\/div><!-- close content main div --><\/div><\/div><div id='av_section_14'  class='avia-section av-jt5vrdgv-4386718e65b314e69682ca60ae604601 main_color avia-section-default avia-no-border-styling  avia-builder-el-36  el_after_av_textblock  el_before_av_section  reduced-content avia-bg-style-scroll container_wrap sidebar_right'  ><div class='container av-section-cont-open' ><div class='template-page content  av-content-small alpha units'><div class='post-entry post-entry-type-page post-entry-2015'><div class='entry-content-wrapper clearfix'>\n\n<style type=\"text\/css\" data-created_by=\"avia_inline_auto\" id=\"style-css-av-1g5aou-6e8505d9de1136ce38f66b0d0e5d2a36\">\n.flex_column.av-1g5aou-6e8505d9de1136ce38f66b0d0e5d2a36{\nborder-radius:0px 0px 0px 0px;\npadding:0px 0px 0px 0px;\n}\n<\/style>\n<div  class='flex_column av-1g5aou-6e8505d9de1136ce38f66b0d0e5d2a36 av_one_full  avia-builder-el-37  avia-builder-el-no-sibling  first flex_column_div av-zero-column-padding  '     ><section  class='av_textblock_section av-jt5tjyk0-1e04ddf86ca9bd8201b4b17bbb4a6491 '   itemscope=\"itemscope\" itemtype=\"https:\/\/schema.org\/BlogPosting\" itemprop=\"blogPost\" ><div class='avia_textblock'  itemprop=\"text\" ><h3>3. Kanaren<\/h3>\n<p>Sie m\u00f6chten gerne in etwas exotischere Gefilde reisen, ohne dabei allzu weit von Zuhause entfernt zu sein und zugleich die Annehmlichkeiten der Europ\u00e4ischen Union nicht missen? Dann sind die Kanaren das perfekte Reiseziel.<\/p>\n<\/div><\/section><\/div>\n\n<\/div><\/div><\/div><!-- close content main div --><\/div><\/div><div id='av_section_15'  class='avia-section av-jt5vrdgv-4386718e65b314e69682ca60ae604601 main_color avia-section-default avia-no-border-styling  avia-builder-el-39  el_after_av_section  el_before_av_section  reduced-content avia-bg-style-scroll container_wrap sidebar_right'  ><div class='container av-section-cont-open' ><div class='template-page content  av-content-small alpha units'><div class='post-entry post-entry-type-page post-entry-2015'><div class='entry-content-wrapper clearfix'>\n\n<style type=\"text\/css\" data-created_by=\"avia_inline_auto\" id=\"style-css-av-1g5aou-6e8505d9de1136ce38f66b0d0e5d2a36\">\n.flex_column.av-1g5aou-6e8505d9de1136ce38f66b0d0e5d2a36{\nborder-radius:0px 0px 0px 0px;\npadding:0px 0px 0px 0px;\n}\n<\/style>\n<div  class='flex_column av-1g5aou-6e8505d9de1136ce38f66b0d0e5d2a36 av_one_full  avia-builder-el-40  avia-builder-el-no-sibling  first flex_column_div av-zero-column-padding  '     ><section  class='av_textblock_section av-jt5tjyk0-1e04ddf86ca9bd8201b4b17bbb4a6491 '   itemscope=\"itemscope\" itemtype=\"https:\/\/schema.org\/BlogPosting\" itemprop=\"blogPost\" ><div class='avia_textblock'  itemprop=\"text\" ><h3>4. Neuseeland<\/h3>\n<p>Wer bereit ist, einen l\u00e4ngeren Flug auf sich zu nehmen, findet in Neuseeland ein fantastisches Reiseziel f\u00fcr einen l\u00e4ngeren Aufenthalt w\u00e4hrend der Elternzeit. Die\u00a0<a href=\"https:\/\/www.tuicamper.com\/reiseziele\/ozeanien\/neuseeland\/\">spektakul\u00e4re Landschaft Neuseelands<\/a>\u00a0bietet viel Raum f\u00fcr Erkundungstouren, ohne dabei wie in Australien den Biss giftiger Tiere bef\u00fcrchten zu m\u00fcssen. Praktisch: Da Babys noch keinen eigenen Sitzplatz ben\u00f6tigen, fliegen Sie in der Regel kostenlos oder gegen einen geringen Aufschlag. Denken Sie an den Abschluss einer Reisekrankenversicherung!<\/p>\n<\/div><\/section><\/div>\n\n<\/div><\/div><\/div><!-- close content main div --><\/div><\/div><div id='av_section_16'  class='avia-section av-jt5vrdgv-4386718e65b314e69682ca60ae604601 main_color avia-section-default avia-no-border-styling  avia-builder-el-42  el_after_av_section  el_before_av_section  reduced-content avia-bg-style-scroll container_wrap sidebar_right'  ><div class='container av-section-cont-open' ><div class='template-page content  av-content-small alpha units'><div class='post-entry post-entry-type-page post-entry-2015'><div class='entry-content-wrapper clearfix'>\n\n<style type=\"text\/css\" data-created_by=\"avia_inline_auto\" id=\"style-css-av-1g5aou-6e8505d9de1136ce38f66b0d0e5d2a36\">\n.flex_column.av-1g5aou-6e8505d9de1136ce38f66b0d0e5d2a36{\nborder-radius:0px 0px 0px 0px;\npadding:0px 0px 0px 0px;\n}\n<\/style>\n<div  class='flex_column av-1g5aou-6e8505d9de1136ce38f66b0d0e5d2a36 av_one_full  avia-builder-el-43  avia-builder-el-no-sibling  first flex_column_div av-zero-column-padding  '     ><section  class='av_textblock_section av-jt5tjyk0-1e04ddf86ca9bd8201b4b17bbb4a6491 '   itemscope=\"itemscope\" itemtype=\"https:\/\/schema.org\/BlogPosting\" itemprop=\"blogPost\" ><div class='avia_textblock'  itemprop=\"text\" ><h3>5. USA<\/h3>\n<p>Keine Frage, die\u00a0<a href=\"https:\/\/www.tuicamper.com\/reiseziele\/nordamerika\/usa\/\">USA<\/a>\u00a0geh\u00f6ren zu den eher teureren Reisezielen. Abseits der Saison sind Preise f\u00fcr Fl\u00fcge und Camper aber durchaus erschwinglich. Neben einer gut ausgebauten Infrastruktur und einer hervorragenden medizinischen Versorgung sprechen die landschaftlichen H\u00f6hepunkte f\u00fcr diese Reisedestination. Wichtig: Schlie\u00dfen Sie vor Reiseantritt unbedingt eine Reisekrankenversicherung ab!<\/p>\n<\/div><\/section><\/div>\n\n<\/div><\/div><\/div><!-- close content main div --><\/div><\/div><div id='av_section_17'  class='avia-section av-jt5vrdgv-4386718e65b314e69682ca60ae604601 main_color avia-section-default avia-no-border-styling  avia-builder-el-45  el_after_av_section  avia-builder-el-last  reduced-content avia-bg-style-scroll container_wrap sidebar_right'  ><div class='container av-section-cont-open' ><div class='template-page content  av-content-small alpha units'><div class='post-entry post-entry-type-page post-entry-2015'><div class='entry-content-wrapper clearfix'>\n<div  class='avia-button-wrap av-ju2eusip-1ea5fae3e85455fbd7036f09971f65f1-wrap avia-button-center  avia-builder-el-46  el_before_av_one_full  avia-builder-el-first '><a href='https:\/\/www.tuicamper.com\/'  class='avia-button av-ju2eusip-1ea5fae3e85455fbd7036f09971f65f1 av-link-btn avia-icon_select-yes-right-icon avia-size-large avia-position-center avia-color-theme-color'   aria-label=\"Jetzt Wohnmobil mieten\"><span class='avia_iconbox_title' >Jetzt Wohnmobil mieten<\/span><span class='avia_button_icon avia_button_icon_right avia-iconfont avia-font-entypo-fontello' data-av_icon='\ue875' data-av_iconfont='entypo-fontello' ><\/span><\/a><\/div>\n\n<style type=\"text\/css\" data-created_by=\"avia_inline_auto\" id=\"style-css-av-1g5aou-6e8505d9de1136ce38f66b0d0e5d2a36\">\n.flex_column.av-1g5aou-6e8505d9de1136ce38f66b0d0e5d2a36{\nborder-radius:0px 0px 0px 0px;\npadding:0px 0px 0px 0px;\n}\n<\/style>\n<div  class='flex_column av-1g5aou-6e8505d9de1136ce38f66b0d0e5d2a36 av_one_full  avia-builder-el-47  el_after_av_button  el_before_av_social_share  first flex_column_div av-zero-column-padding  '     ><style type=\"text\/css\" data-created_by=\"avia_inline_auto\" id=\"style-css-av-jt5tjyk0-26a28d0242835cbba60d70517a13c769\">\n#top .av_textblock_section.av-jt5tjyk0-26a28d0242835cbba60d70517a13c769 .avia_textblock{\nfont-size:28px;\n}\n<\/style>\n<section  class='av_textblock_section av-jt5tjyk0-26a28d0242835cbba60d70517a13c769 '   itemscope=\"itemscope\" itemtype=\"https:\/\/schema.org\/BlogPosting\" itemprop=\"blogPost\" ><div class='avia_textblock'  itemprop=\"text\" ><p><strong>Ihr TUI CAMPER-Team w\u00fcnscht Ihnen eine sch\u00f6ne Elternzeit im Wohnmobil!<\/strong><\/p>\n<\/div><\/section><\/div><div  class='av-social-sharing-box av-10zg8-8676a2d54b4a15bbf6c39a1c18f0815b av-social-sharing-box-default  avia-builder-el-49  el_after_av_one_full  avia-builder-el-last  av-social-sharing-box-fullwidth'><div class=\"av-share-box\"><ul class=\"av-share-box-list noLightbox\"><li class='av-share-link av-social-link-facebook avia_social_iconfont' ><a target=\"_blank\" aria-label=\"Teilen auf Facebook\" href='https:\/\/www.facebook.com\/sharer.php?u=https:\/\/www.tuicamper.com\/magazin\/elternzeit-im-wohnmobil\/&#038;t=Wohnmobil%20mit%20Baby%20%E2%80%93%20Auf%20Reisen%20in%20der%20Elternzeit' data-av_icon='\ue8f3' data-av_iconfont='entypo-fontello'  title='' data-avia-related-tooltip='Teilen auf Facebook'><span class='avia_hidden_link_text'>Teilen auf Facebook<\/span><\/a><\/li><li class='av-share-link av-social-link-twitter avia_social_iconfont' ><a target=\"_blank\" aria-label=\"Teilen auf X\" href='https:\/\/twitter.com\/share?text=Wohnmobil%20mit%20Baby%20%E2%80%93%20Auf%20Reisen%20in%20der%20Elternzeit&#038;url=https:\/\/www.tuicamper.com\/magazin\/elternzeit-im-wohnmobil\/' data-av_icon='\ue932' data-av_iconfont='entypo-fontello'  title='' data-avia-related-tooltip='Teilen auf X'><span class='avia_hidden_link_text'>Teilen auf X<\/span><\/a><\/li><li class='av-share-link av-social-link-whatsapp avia_social_iconfont' ><a target=\"_blank\" aria-label=\"Teilen auf WhatsApp\" href='https:\/\/api.whatsapp.com\/send?text=https:\/\/www.tuicamper.com\/magazin\/elternzeit-im-wohnmobil\/' data-av_icon='\uf232' data-av_iconfont='entypo-fontello'  title='' data-avia-related-tooltip='Teilen auf WhatsApp'><span class='avia_hidden_link_text'>Teilen auf WhatsApp<\/span><\/a><\/li><li class='av-share-link av-social-link-pinterest avia_social_iconfont' ><a target=\"_blank\" aria-label=\"Teilen auf Pinterest\" href='https:\/\/pinterest.com\/pin\/create\/button\/?url=https%3A%2F%2Fwww.tuicamper.com%2Fmagazin%2Felternzeit-im-wohnmobil%2F&#038;description=Wohnmobil%20mit%20Baby%20%E2%80%93%20Auf%20Reisen%20in%20der%20Elternzeit&#038;media=https%3A%2F%2Fwww.tuicamper.com%2Fwp-docker%2Fwp-content%2Fuploads%2F2019%2F05%2Fwohnmobil-mit-baby-705x269.jpg' data-av_icon='\ue8f8' data-av_iconfont='entypo-fontello'  title='' data-avia-related-tooltip='Teilen auf Pinterest'><span class='avia_hidden_link_text'>Teilen auf Pinterest<\/span><\/a><\/li><li class='av-share-link av-social-link-mail avia_social_iconfont' ><a  aria-label=\"Per E-Mail teilen\" href='mailto:?subject=Wohnmobil%20mit%20Baby%20%E2%80%93%20Auf%20Reisen%20in%20der%20Elternzeit&#038;body=https:\/\/www.tuicamper.com\/magazin\/elternzeit-im-wohnmobil\/' data-av_icon='\ue805' data-av_iconfont='entypo-fontello'  title='' data-avia-related-tooltip='Per E-Mail teilen'><span class='avia_hidden_link_text'>Per E-Mail teilen<\/span><\/a><\/li><\/ul><\/div><\/div>\n<\/div><\/div><\/div><!-- close content main div --><\/div><\/div><div id='after_section_17'  class='main_color av_default_container_wrap container_wrap sidebar_right'  ><div class='container av-section-cont-open' ><div class='template-page content  av-content-small alpha units'><div class='post-entry post-entry-type-page post-entry-2015'><div class='entry-content-wrapper clearfix'>\n","protected":false},"excerpt":{"rendered":"<p>Sie m\u00f6chten die Elternzeit nutzen, um auf gro\u00dfe Camper-Tour zu gehen? Lesen Sie hier, was Sie bei Wohnmobil-Reisen mit Ihrem Baby beachten m\u00fcssen!<\/p>\n","protected":false},"author":3,"featured_media":2489,"comment_status":"open","ping_status":"open","sticky":false,"template":"","format":"standard","meta":{"footnotes":""},"categories":[30],"tags":[40,44],"class_list":["post-2015","post","type-post","status-publish","format-standard","has-post-thumbnail","hentry","category-zielgruppe","tag-familie","tag-insider-infos"],"yoast_head":"<!-- This site is optimized with the Yoast SEO plugin v27.4 - https:\/\/yoast.com\/product\/yoast-seo-wordpress\/ -->\n<title>Wohnmobil mit Baby \u2013 Auf Reisen in der Elternzeit - TUI Camper Magazin<\/title>\n<meta name=\"description\" content=\"Sie m\u00f6chten die Elternzeit nutzen, um auf gro\u00dfe Camper-Tour zu gehen? Lesen Sie hier, was Sie bei Wohnmobil-Reisen mit Ihrem Baby beachten m\u00fcssen!\" \/>\n<meta name=\"robots\" content=\"index, follow, max-snippet:-1, max-image-preview:large, max-video-preview:-1\" \/>\n<link rel=\"canonical\" href=\"https:\/\/www.tuicamper.com\/magazin\/elternzeit-im-wohnmobil\/\" \/>\n<meta property=\"og:locale\" content=\"de_DE\" \/>\n<meta property=\"og:type\" content=\"article\" \/>\n<meta property=\"og:title\" content=\"Wohnmobil mit Baby \u2013 Auf Reisen in der Elternzeit - TUI Camper Magazin\" \/>\n<meta property=\"og:description\" content=\"Sie m\u00f6chten die Elternzeit nutzen, um auf gro\u00dfe Camper-Tour zu gehen? Lesen Sie hier, was Sie bei Wohnmobil-Reisen mit Ihrem Baby beachten m\u00fcssen!\" \/>\n<meta property=\"og:url\" content=\"https:\/\/www.tuicamper.com\/magazin\/elternzeit-im-wohnmobil\/\" \/>\n<meta property=\"og:site_name\" content=\"TUI Camper Magazin\" \/>\n<meta property=\"article:published_time\" content=\"2019-05-02T11:51:46+00:00\" \/>\n<meta property=\"article:modified_time\" content=\"2022-12-02T11:06:46+00:00\" \/>\n<meta property=\"og:image\" content=\"https:\/\/www.tuicamper.com\/wp-docker\/wp-content\/uploads\/2019\/05\/wohnmobil-mit-baby.jpg\" \/>\n\t<meta property=\"og:image:width\" content=\"1310\" \/>\n\t<meta property=\"og:image:height\" content=\"500\" \/>\n\t<meta property=\"og:image:type\" content=\"image\/jpeg\" \/>\n<meta name=\"author\" content=\"S\u00f6ren Cortekar\" \/>\n<meta name=\"twitter:card\" content=\"summary_large_image\" \/>\n<meta name=\"twitter:label1\" content=\"Verfasst von\" \/>\n\t<meta name=\"twitter:data1\" content=\"S\u00f6ren Cortekar\" \/>\n\t<meta name=\"twitter:label2\" content=\"Gesch\u00e4tzte Lesezeit\" \/>\n\t<meta name=\"twitter:data2\" content=\"13\u00a0Minuten\" \/>\n<!-- \/ Yoast SEO plugin. -->","yoast_head_json":{"title":"Wohnmobil mit Baby \u2013 Auf Reisen in der Elternzeit - TUI Camper Magazin","description":"Sie m\u00f6chten die Elternzeit nutzen, um auf gro\u00dfe Camper-Tour zu gehen? Lesen Sie hier, was Sie bei Wohnmobil-Reisen mit Ihrem Baby beachten m\u00fcssen!","robots":{"index":"index","follow":"follow","max-snippet":"max-snippet:-1","max-image-preview":"max-image-preview:large","max-video-preview":"max-video-preview:-1"},"canonical":"https:\/\/www.tuicamper.com\/magazin\/elternzeit-im-wohnmobil\/","og_locale":"de_DE","og_type":"article","og_title":"Wohnmobil mit Baby \u2013 Auf Reisen in der Elternzeit - TUI Camper Magazin","og_description":"Sie m\u00f6chten die Elternzeit nutzen, um auf gro\u00dfe Camper-Tour zu gehen? Lesen Sie hier, was Sie bei Wohnmobil-Reisen mit Ihrem Baby beachten m\u00fcssen!","og_url":"https:\/\/www.tuicamper.com\/magazin\/elternzeit-im-wohnmobil\/","og_site_name":"TUI Camper Magazin","article_published_time":"2019-05-02T11:51:46+00:00","article_modified_time":"2022-12-02T11:06:46+00:00","og_image":[{"width":1310,"height":500,"url":"https:\/\/www.tuicamper.com\/wp-docker\/wp-content\/uploads\/2019\/05\/wohnmobil-mit-baby.jpg","type":"image\/jpeg"}],"author":"S\u00f6ren Cortekar","twitter_card":"summary_large_image","twitter_misc":{"Verfasst von":"S\u00f6ren Cortekar","Gesch\u00e4tzte Lesezeit":"13\u00a0Minuten"},"schema":{"@context":"https:\/\/schema.org","@graph":[{"@type":"Article","@id":"https:\/\/www.tuicamper.com\/magazin\/elternzeit-im-wohnmobil\/#article","isPartOf":{"@id":"https:\/\/www.tuicamper.com\/magazin\/elternzeit-im-wohnmobil\/"},"author":{"name":"S\u00f6ren Cortekar","@id":"https:\/\/www.tuicamper.com\/wp-docker\/#\/schema\/person\/a9ad15b73e3b6169a6c4a794a58d1ea6"},"headline":"Wohnmobil mit Baby \u2013 Auf Reisen in der Elternzeit","datePublished":"2019-05-02T11:51:46+00:00","dateModified":"2022-12-02T11:06:46+00:00","mainEntityOfPage":{"@id":"https:\/\/www.tuicamper.com\/magazin\/elternzeit-im-wohnmobil\/"},"wordCount":4211,"commentCount":0,"image":{"@id":"https:\/\/www.tuicamper.com\/magazin\/elternzeit-im-wohnmobil\/#primaryimage"},"thumbnailUrl":"https:\/\/www.tuicamper.com\/wp-docker\/wp-content\/uploads\/2019\/05\/wohnmobil-mit-baby.jpg","keywords":["Familie","Insider-Infos"],"articleSection":["Zielgruppe"],"inLanguage":"de","potentialAction":[{"@type":"CommentAction","name":"Comment","target":["https:\/\/www.tuicamper.com\/magazin\/elternzeit-im-wohnmobil\/#respond"]}]},{"@type":"WebPage","@id":"https:\/\/www.tuicamper.com\/magazin\/elternzeit-im-wohnmobil\/","url":"https:\/\/www.tuicamper.com\/magazin\/elternzeit-im-wohnmobil\/","name":"Wohnmobil mit Baby \u2013 Auf Reisen in der Elternzeit - TUI Camper Magazin","isPartOf":{"@id":"https:\/\/www.tuicamper.com\/#website"},"primaryImageOfPage":{"@id":"https:\/\/www.tuicamper.com\/magazin\/elternzeit-im-wohnmobil\/#primaryimage"},"image":{"@id":"https:\/\/www.tuicamper.com\/magazin\/elternzeit-im-wohnmobil\/#primaryimage"},"thumbnailUrl":"https:\/\/www.tuicamper.com\/wp-content\/uploads\/2019\/05\/wohnmobil-mit-baby.jpg","datePublished":"2019-05-02T11:51:46+00:00","dateModified":"2022-12-02T11:06:46+00:00","author":{"@id":"https:\/\/www.tuicamper.com\/#\/schema\/person\/a9ad15b73e3b6169a6c4a794a58d1ea6"},"description":"Sie m\u00f6chten die Elternzeit nutzen, um auf gro\u00dfe Camper-Tour zu gehen? Lesen Sie hier, was Sie bei Wohnmobil-Reisen mit Ihrem Baby beachten m\u00fcssen!","breadcrumb":{"@id":"https:\/\/www.tuicamper.com\/magazin\/elternzeit-im-wohnmobil\/#breadcrumb"},"inLanguage":"de","potentialAction":["Array"]},{"@type":"ImageObject","inLanguage":"de","@id":"https:\/\/www.tuicamper.com\/magazin\/elternzeit-im-wohnmobil\/#primaryimage","url":"https:\/\/www.tuicamper.com\/wp-docker\/wp-content\/uploads\/2019\/05\/wohnmobil-mit-baby.jpg","contentUrl":"https:\/\/www.tuicamper.com\/wp-docker\/wp-content\/uploads\/2019\/05\/wohnmobil-mit-baby.jpg","width":1310,"height":500,"caption":"Wohnmobil mit Baby"},{"@type":"BreadcrumbList","@id":"https:\/\/www.tuicamper.com\/magazin\/elternzeit-im-wohnmobil\/#breadcrumb","itemListElement":[{"@type":"ListItem","position":1,"name":"Startseite","item":"https:\/\/www.tuicamper.com\/wp-docker\/"},{"@type":"ListItem","position":2,"name":"Wohnmobil mit Baby \u2013 Auf Reisen in der Elternzeit"}]},{"@type":"WebSite","@id":"https:\/\/www.tuicamper.com\/#website","url":"https:\/\/www.tuicamper.com\/","name":"TUI Camper Magazin","description":"","potentialAction":["Array"],"inLanguage":"de"},{"@type":"Person","@id":"https:\/\/www.tuicamper.com\/wp-docker\/#\/schema\/person\/a9ad15b73e3b6169a6c4a794a58d1ea6","name":"S\u00f6ren Cortekar","image":{"@type":"ImageObject","inLanguage":"de","@id":"https:\/\/secure.gravatar.com\/avatar\/399f9c9096d84e9147b61735bfa53689fd2add8aa9c074669869e4c106f7df59?s=96&d=mm&r=g","url":"https:\/\/secure.gravatar.com\/avatar\/399f9c9096d84e9147b61735bfa53689fd2add8aa9c074669869e4c106f7df59?s=96&d=mm&r=g","contentUrl":"https:\/\/secure.gravatar.com\/avatar\/399f9c9096d84e9147b61735bfa53689fd2add8aa9c074669869e4c106f7df59?s=96&d=mm&r=g","caption":"S\u00f6ren Cortekar"},"url":"https:\/\/www.tuicamper.com\/wp-docker\/magazin\/author\/soeren-cortekar\/"}]}},"_links":{"self":[{"href":"https:\/\/www.tuicamper.com\/wp-docker\/wp-json\/wp\/v2\/posts\/2015","targetHints":{"allow":["GET"]}}],"collection":[{"href":"https:\/\/www.tuicamper.com\/wp-docker\/wp-json\/wp\/v2\/posts"}],"about":[{"href":"https:\/\/www.tuicamper.com\/wp-docker\/wp-json\/wp\/v2\/types\/post"}],"author":[{"embeddable":true,"href":"https:\/\/www.tuicamper.com\/wp-docker\/wp-json\/wp\/v2\/users\/3"}],"replies":[{"embeddable":true,"href":"https:\/\/www.tuicamper.com\/wp-docker\/wp-json\/wp\/v2\/comments?post=2015"}],"version-history":[{"count":12,"href":"https:\/\/www.tuicamper.com\/wp-docker\/wp-json\/wp\/v2\/posts\/2015\/revisions"}],"predecessor-version":[{"id":29479,"href":"https:\/\/www.tuicamper.com\/wp-docker\/wp-json\/wp\/v2\/posts\/2015\/revisions\/29479"}],"wp:featuredmedia":[{"embeddable":true,"href":"https:\/\/www.tuicamper.com\/wp-docker\/wp-json\/wp\/v2\/media\/2489"}],"wp:attachment":[{"href":"https:\/\/www.tuicamper.com\/wp-docker\/wp-json\/wp\/v2\/media?parent=2015"}],"wp:term":[{"taxonomy":"category","embeddable":true,"href":"https:\/\/www.tuicamper.com\/wp-docker\/wp-json\/wp\/v2\/categories?post=2015"},{"taxonomy":"post_tag","embeddable":true,"href":"https:\/\/www.tuicamper.com\/wp-docker\/wp-json\/wp\/v2\/tags?post=2015"}],"curies":[{"name":"wp","href":"https:\/\/api.w.org\/{rel}","templated":true}]}}