{"id":1994,"date":"2019-05-02T10:28:19","date_gmt":"2019-05-02T08:28:19","guid":{"rendered":"https:\/\/www.tuicamper.com\/wp-docker\/?p=1994"},"modified":"2019-05-03T10:55:00","modified_gmt":"2019-05-03T08:55:00","slug":"wohnmobil-sizilien","status":"publish","type":"post","link":"https:\/\/www.tuicamper.com\/magazin\/wohnmobil-sizilien\/","title":{"rendered":"Wohnmobil Sizilien \u2013 Highlights f\u00fcr eine Camper-Rundreise"},"content":{"rendered":"<div id='av_section_1'  class='avia-section av-jt5vrdgv-4386718e65b314e69682ca60ae604601 main_color avia-section-default avia-no-border-styling  avia-builder-el-0  el_before_av_textblock  avia-builder-el-first  reduced-content avia-bg-style-scroll container_wrap sidebar_right'  ><div class='container av-section-cont-open' ><main  role=\"main\" itemprop=\"mainContentOfPage\"  class='template-page content  av-content-small alpha units'><div class='post-entry post-entry-type-page post-entry-1994'><div class='entry-content-wrapper clearfix'>\n\n<style type=\"text\/css\" data-created_by=\"avia_inline_auto\" id=\"style-css-av-1g5aou-6e8505d9de1136ce38f66b0d0e5d2a36\">\n.flex_column.av-1g5aou-6e8505d9de1136ce38f66b0d0e5d2a36{\nborder-radius:0px 0px 0px 0px;\npadding:0px 0px 0px 0px;\n}\n<\/style>\n<div  class='flex_column av-1g5aou-6e8505d9de1136ce38f66b0d0e5d2a36 av_one_full  avia-builder-el-1  avia-builder-el-no-sibling  first flex_column_div av-zero-column-padding  '     ><section  class='av_textblock_section av-jt5tjyk0-1e04ddf86ca9bd8201b4b17bbb4a6491 '   itemscope=\"itemscope\" itemtype=\"https:\/\/schema.org\/BlogPosting\" itemprop=\"blogPost\" ><div class='avia_textblock'  itemprop=\"text\" ><p>Jahrtausendealte St\u00e4dte, lange Sandstr\u00e4nde in traumhaften Buchten, spektakul\u00e4re Panoramen und der ber\u00fchmteste Vulkan Europas: Sizilien gilt zu Recht als eine der begehrtesten Destinationen f\u00fcr Wohnmobil-Reisende. Wir nehmen die gr\u00f6\u00dfte Insel des Mittelmeers in den Fokus, stellen Ihnen ausgew\u00e4hlte Highlights vor und geben Ihnen zahlreiche Camper-Tipps an die Hand!<\/p>\n<\/div><\/section><\/div>\n<\/div><\/div><\/main><!-- close content main element --><\/div><\/div><div id='after_section_1'  class='main_color av_default_container_wrap container_wrap sidebar_right'  ><div class='container av-section-cont-open' ><div class='template-page content  av-content-small alpha units'><div class='post-entry post-entry-type-page post-entry-1994'><div class='entry-content-wrapper clearfix'>\n<section  class='av_textblock_section av-jtpqpty6-550c066a997ebaf648fccc87d0b9ff16 '   itemscope=\"itemscope\" itemtype=\"https:\/\/schema.org\/BlogPosting\" itemprop=\"blogPost\" ><div class='avia_textblock'  itemprop=\"text\" >\n<\/div><\/section>\n<\/div><\/div><\/div><!-- close content main div --><\/div><\/div><div id='av_section_2'  class='avia-section av-jt5vrdgv-4386718e65b314e69682ca60ae604601 main_color avia-section-default avia-no-border-styling  avia-builder-el-4  el_after_av_textblock  el_before_av_section  reduced-content avia-bg-style-scroll container_wrap sidebar_right'  ><div class='container av-section-cont-open' ><div class='template-page content  av-content-small alpha units'><div class='post-entry post-entry-type-page post-entry-1994'><div class='entry-content-wrapper clearfix'>\n<section  class='av_textblock_section av-jt5tjyk0-1e04ddf86ca9bd8201b4b17bbb4a6491 '   itemscope=\"itemscope\" itemtype=\"https:\/\/schema.org\/BlogPosting\" itemprop=\"blogPost\" ><div class='avia_textblock'  itemprop=\"text\" ><div id=\"js-table-of-contents\">\r\n    <strong>Inhaltsverzeichnis<\/strong>\r\n<\/div>\n<\/div><\/section>\n\n<\/div><\/div><\/div><!-- close content main div --><\/div><\/div><div id='av_section_3'  class='avia-section av-jt5vrdgv-4386718e65b314e69682ca60ae604601 main_color avia-section-default avia-no-border-styling  avia-builder-el-6  el_after_av_section  el_before_av_section  reduced-content avia-bg-style-scroll container_wrap sidebar_right'  ><div class='container av-section-cont-open' ><div class='template-page content  av-content-small alpha units'><div class='post-entry post-entry-type-page post-entry-1994'><div class='entry-content-wrapper clearfix'>\n\n<style type=\"text\/css\" data-created_by=\"avia_inline_auto\" id=\"style-css-av-1g5aou-6e8505d9de1136ce38f66b0d0e5d2a36\">\n.flex_column.av-1g5aou-6e8505d9de1136ce38f66b0d0e5d2a36{\nborder-radius:0px 0px 0px 0px;\npadding:0px 0px 0px 0px;\n}\n<\/style>\n<div  class='flex_column av-1g5aou-6e8505d9de1136ce38f66b0d0e5d2a36 av_one_full  avia-builder-el-7  avia-builder-el-no-sibling  first flex_column_div av-zero-column-padding  '     ><section  class='av_textblock_section av-jt5tjyk0-1e04ddf86ca9bd8201b4b17bbb4a6491 '   itemscope=\"itemscope\" itemtype=\"https:\/\/schema.org\/BlogPosting\" itemprop=\"blogPost\" ><div class='avia_textblock'  itemprop=\"text\" ><h2>Mit dem Wohnmobil nach Sizilien: die Anreise<\/h2>\n<p>Wer bereits\u00a0<a href=\"https:\/\/www.tuicamper.com\/reiseziele\/europa\/deutschland\/\">in Deutschland ein Wohnmobil mietet<\/a>, erreicht\u00a0<a href=\"https:\/\/www.tuicamper.com\/reiseziele\/europa\/italien\/\">Italien<\/a>\u00a0\u00fcber den Brenner. Danach geht es vorbei an\u00a0<a href=\"https:\/\/www.tuicamper.com\/reiseziele\/europa\/italien\/rom\/\">Rom<\/a>\u00a0und\u00a0<a href=\"https:\/\/www.tuicamper.com\/reiseziele\/europa\/italien\/bologna\/\">Bologna<\/a>, bis Sie schlie\u00dflich Villa San Giovanni erreichen, wo das italienische Festland nur wenige Kilometer von Sizilien entfernt liegt. Mit der F\u00e4hre ist es nun nur noch ein Katensprung nach Messina. Wer sich die lange Anreise sparen m\u00f6chte, fliegt am besten nach\u00a0<a href=\"https:\/\/www.tuicamper.com\/reiseziele\/europa\/italien\/catania\/\">Catania<\/a>. In Randazzo, unweit von der Stadtgrenze Catanias entfernt, befindet sich die Camper-Anmietstation unseres TUI-Partners.<\/p>\n<\/div><\/section><\/div>\n\n<\/div><\/div><\/div><!-- close content main div --><\/div><\/div><div id='av_section_4'  class='avia-section av-jt5vrdgv-4386718e65b314e69682ca60ae604601 main_color avia-section-default avia-no-border-styling  avia-builder-el-9  el_after_av_section  el_before_av_section  reduced-content avia-bg-style-scroll container_wrap sidebar_right'  ><div class='container av-section-cont-open' ><div class='template-page content  av-content-small alpha units'><div class='post-entry post-entry-type-page post-entry-1994'><div class='entry-content-wrapper clearfix'>\n\n<style type=\"text\/css\" data-created_by=\"avia_inline_auto\" id=\"style-css-av-1g5aou-6e8505d9de1136ce38f66b0d0e5d2a36\">\n.flex_column.av-1g5aou-6e8505d9de1136ce38f66b0d0e5d2a36{\nborder-radius:0px 0px 0px 0px;\npadding:0px 0px 0px 0px;\n}\n<\/style>\n<div  class='flex_column av-1g5aou-6e8505d9de1136ce38f66b0d0e5d2a36 av_one_full  avia-builder-el-10  avia-builder-el-no-sibling  first flex_column_div av-zero-column-padding  '     ><section  class='av_textblock_section av-jt5tjyk0-1e04ddf86ca9bd8201b4b17bbb4a6491 '   itemscope=\"itemscope\" itemtype=\"https:\/\/schema.org\/BlogPosting\" itemprop=\"blogPost\" ><div class='avia_textblock'  itemprop=\"text\" ><h2>Camper-Rundreise Sizilien \u2013 5 Highlights, die Sie nicht verpassen sollten<\/h2>\n<p>Majest\u00e4tische Vulkane wie der \u00c4tna und der Stromboli, die allgegenw\u00e4rtigen Spuren der Antike, lebendige St\u00e4dte und vertr\u00e4umte Fischerd\u00f6rfer mit Traumstr\u00e4nden \u2013 an Highlights mangelt es Sizilien wirklich nicht. Wir stellen Ihnen f\u00fcnf der sch\u00f6nsten Pl\u00e4tze der italienischen Insel vor, die Sie nach Belieben in Ihre Sizilien-Rundreise integrieren k\u00f6nnen.<\/p>\n<\/div><\/section><\/div>\n\n<\/div><\/div><\/div><!-- close content main div --><\/div><\/div><div id='av_section_5'  class='avia-section av-jt5vrdgv-aaa57a0ec80f3287d16e73c9693d5a37 main_color avia-section-default avia-no-border-styling  avia-builder-el-12  el_after_av_section  el_before_av_section  reduced-content av-mini-hide avia-bg-style-scroll container_wrap sidebar_right'  ><div class='container av-section-cont-open' ><div class='template-page content  av-content-small alpha units'><div class='post-entry post-entry-type-page post-entry-1994'><div class='entry-content-wrapper clearfix'>\n\n\n<\/div><\/div><\/div><!-- close content main div --><\/div><\/div><div id='av_section_6'  class='avia-section av-jt5vrdgv-4386718e65b314e69682ca60ae604601 main_color avia-section-default avia-no-border-styling  avia-builder-el-14  el_after_av_section  el_before_av_section  reduced-content avia-bg-style-scroll container_wrap sidebar_right'  ><div class='container av-section-cont-open' ><div class='template-page content  av-content-small alpha units'><div class='post-entry post-entry-type-page post-entry-1994'><div class='entry-content-wrapper clearfix'>\n\n<style type=\"text\/css\" data-created_by=\"avia_inline_auto\" id=\"style-css-av-1g5aou-6e8505d9de1136ce38f66b0d0e5d2a36\">\n.flex_column.av-1g5aou-6e8505d9de1136ce38f66b0d0e5d2a36{\nborder-radius:0px 0px 0px 0px;\npadding:0px 0px 0px 0px;\n}\n<\/style>\n<div  class='flex_column av-1g5aou-6e8505d9de1136ce38f66b0d0e5d2a36 av_one_full  avia-builder-el-15  avia-builder-el-no-sibling  first flex_column_div av-zero-column-padding  '     ><section  class='av_textblock_section av-jt5tjyk0-1e04ddf86ca9bd8201b4b17bbb4a6491 '   itemscope=\"itemscope\" itemtype=\"https:\/\/schema.org\/BlogPosting\" itemprop=\"blogPost\" ><div class='avia_textblock'  itemprop=\"text\" ><h4><strong>1.) Catania \u2013 das Tor zum \u00c4tna<\/strong><\/h4>\n<p>Dank seines Flughafens ist Catania f\u00fcr viele Camper die erste Station ihres Sizilien-Urlaubs. Das ist praktisch, gibt es in der geschichtstr\u00e4chtigen Hafenstadt doch viel zu erkunden:<\/p>\n<ul>\n<li>Bestaunen Sie das gut erhaltene Amphitheater der Stadt, das in der Antike bis zu 16.000 Zuschauern Platz bot.<\/li>\n<li>Besuchen Sie die ber\u00fchmte Barock-Altstadt Catanias, die etliche Prachtbauten beherbergt.<\/li>\n<li>Schlendern Sie \u00fcber den Fischmarkt, der sich durch mehrere G\u00e4sschen schl\u00e4ngelt, und genie\u00dfen Sie eine Portion exzellenter Meeresfr\u00fcchte.<\/li>\n<\/ul>\n<p>Ihr Wohnmobil k\u00f6nnen Sie vor der Innenstadt-Erkundung beispielsweise im\u00a0<a href=\"http:\/\/www.campingjonio.com\/\" target=\"_blank\" rel=\"nofollow noopener noreferrer\">Camping Village Jonio<\/a> abstellen.<\/p>\n<\/div><\/section><\/div>\n\n<\/div><\/div><\/div><!-- close content main div --><\/div><\/div><div id='av_section_7'  class='avia-section av-b7gvl-1eb57de5f7b7a94c40602e8cf977ebb0 main_color avia-section-default avia-no-border-styling  avia-builder-el-17  el_after_av_section  el_before_av_section  reduced-content avia-bg-style-scroll container_wrap sidebar_right'  ><div class='container av-section-cont-open' ><div class='template-page content  av-content-small alpha units'><div class='post-entry post-entry-type-page post-entry-1994'><div class='entry-content-wrapper clearfix'>\n\n<style type=\"text\/css\" data-created_by=\"avia_inline_auto\" id=\"style-css-av-jtplvt5k-a3ef1a9f0e64bfa4e370eca1a8a26a52\">\n.avia-image-container.av-jtplvt5k-a3ef1a9f0e64bfa4e370eca1a8a26a52 img.avia_image{\nbox-shadow:none;\n}\n.avia-image-container.av-jtplvt5k-a3ef1a9f0e64bfa4e370eca1a8a26a52 .av-caption-image-overlay-bg{\nopacity:0.4;\nbackground-color:#000000;\n}\n.avia-image-container.av-jtplvt5k-a3ef1a9f0e64bfa4e370eca1a8a26a52 .av-image-caption-overlay-center{\ncolor:#ffffff;\n}\n<\/style>\n<div  class='avia-image-container av-jtplvt5k-a3ef1a9f0e64bfa4e370eca1a8a26a52 av-styling- av-img-linked avia_animated_image av-animated-when-visible-95 fade-in avia-align-center  avia-builder-el-18  avia-builder-el-no-sibling  noHover av-overlay-on-hover'   itemprop=\"image\" itemscope=\"itemscope\" itemtype=\"https:\/\/schema.org\/ImageObject\" ><div class=\"avia-image-container-inner\"><div class=\"avia-image-overlay-wrap\"><a href=\"https:\/\/www.tuicamper.com\/wp-docker\/wp-content\/uploads\/2019\/05\/catania-etna-1030x626.jpg\" data-srcset=\"https:\/\/www.tuicamper.com\/wp-docker\/wp-content\/uploads\/2019\/05\/catania-etna-1030x626.jpg 1030w, https:\/\/www.tuicamper.com\/wp-docker\/wp-content\/uploads\/2019\/05\/catania-etna-300x182.jpg 300w, https:\/\/www.tuicamper.com\/wp-docker\/wp-content\/uploads\/2019\/05\/catania-etna-768x467.jpg 768w, https:\/\/www.tuicamper.com\/wp-docker\/wp-content\/uploads\/2019\/05\/catania-etna-705x429.jpg 705w, https:\/\/www.tuicamper.com\/wp-docker\/wp-content\/uploads\/2019\/05\/catania-etna-450x274.jpg 450w, https:\/\/www.tuicamper.com\/wp-docker\/wp-content\/uploads\/2019\/05\/catania-etna.jpg 1280w\" data-sizes=\"(max-width: 1030px) 100vw, 1030px\" class='avia_image '  aria-label='Catania mit Blick auf den \u00c4tna'><div class=\"av-image-caption-overlay\"><div class=\"av-caption-image-overlay-bg\"><\/div><div class=\"av-image-caption-overlay-position\"><div class=\"av-image-caption-overlay-center\"><p>Catania mit Blick auf den \u00c4tna<\/p>\n<\/div><\/div><\/div><img decoding=\"async\" fetchpriority=\"high\" class='wp-image-2434 avia-img-lazy-loading-not-2434 avia_image ' src=\"https:\/\/www.tuicamper.com\/wp-docker\/wp-content\/uploads\/2019\/05\/catania-etna-1280x630.jpg\" alt='Catania mit Blick auf den \u00c4tna' title='Catania mit Blick auf den \u00c4tna'  height=\"630\" width=\"1280\"  itemprop=\"thumbnailUrl\"  \/><\/a><\/div><\/div><\/div>\n\n<\/div><\/div><\/div><!-- close content main div --><\/div><\/div><div id='av_section_8'  class='avia-section av-jt5vrdgv-4386718e65b314e69682ca60ae604601 main_color avia-section-default avia-no-border-styling  avia-builder-el-19  el_after_av_section  el_before_av_section  reduced-content avia-bg-style-scroll container_wrap sidebar_right'  ><div class='container av-section-cont-open' ><div class='template-page content  av-content-small alpha units'><div class='post-entry post-entry-type-page post-entry-1994'><div class='entry-content-wrapper clearfix'>\n\n<style type=\"text\/css\" data-created_by=\"avia_inline_auto\" id=\"style-css-av-1g5aou-6e8505d9de1136ce38f66b0d0e5d2a36\">\n.flex_column.av-1g5aou-6e8505d9de1136ce38f66b0d0e5d2a36{\nborder-radius:0px 0px 0px 0px;\npadding:0px 0px 0px 0px;\n}\n<\/style>\n<div  class='flex_column av-1g5aou-6e8505d9de1136ce38f66b0d0e5d2a36 av_one_full  avia-builder-el-20  avia-builder-el-no-sibling  first flex_column_div av-zero-column-padding  '     ><section  class='av_textblock_section av-jt5tjyk0-1e04ddf86ca9bd8201b4b17bbb4a6491 '   itemscope=\"itemscope\" itemtype=\"https:\/\/schema.org\/BlogPosting\" itemprop=\"blogPost\" ><div class='avia_textblock'  itemprop=\"text\" ><h4><strong>2.) Gr\u00fc\u00dfe an den Feuergott \u2013 Erkundung des \u00c4tnas<\/strong><\/h4>\n<p>In Catania dominiert er bereits den Horizont: der \u00c4tna \u2013 der h\u00f6chste Vulkan Europas. Der noch immer aktive Gigant streckt sich mehr als 3.300 Meter in den Himmel \u2013 und fasziniert mit seinen schwarzen Vulkanlandschaften Besucher aus aller Welt. Via Seilbahn und gef\u00fchrten Wandertouren k\u00f6nnen Sie die Mondlandschaften des Kolosses ausgiebig erkunden \u2013 unvergessliche Panoramablicke inklusive.<br \/>\nGut zu wissen: Direkt am Fu\u00dfe des Vulkans befindet sich\u00a0<a href=\"https:\/\/www.nicolosietna.it\/it\/strutture-e-impianti\/camping-etna.html\" target=\"_blank\" rel=\"nofollow noopener noreferrer\">ein kleiner Campingplatz<\/a>.<\/p>\n<\/div><\/section><\/div>\n\n<\/div><\/div><\/div><!-- close content main div --><\/div><\/div><div id='av_section_9'  class='avia-section av-b7gvl-1eb57de5f7b7a94c40602e8cf977ebb0 main_color avia-section-default avia-no-border-styling  avia-builder-el-22  el_after_av_section  el_before_av_section  reduced-content avia-bg-style-scroll container_wrap sidebar_right'  ><div class='container av-section-cont-open' ><div class='template-page content  av-content-small alpha units'><div class='post-entry post-entry-type-page post-entry-1994'><div class='entry-content-wrapper clearfix'>\n\n<style type=\"text\/css\" data-created_by=\"avia_inline_auto\" id=\"style-css-av-jtplvt5k-7910f09a263b6a96b2ddbd1966d9d571\">\n.avia-image-container.av-jtplvt5k-7910f09a263b6a96b2ddbd1966d9d571 img.avia_image{\nbox-shadow:none;\n}\n.avia-image-container.av-jtplvt5k-7910f09a263b6a96b2ddbd1966d9d571 .av-caption-image-overlay-bg{\nopacity:0.4;\nbackground-color:#000000;\n}\n.avia-image-container.av-jtplvt5k-7910f09a263b6a96b2ddbd1966d9d571 .av-image-caption-overlay-center{\ncolor:#ffffff;\n}\n<\/style>\n<div  class='avia-image-container av-jtplvt5k-7910f09a263b6a96b2ddbd1966d9d571 av-styling- av-img-linked avia_animated_image av-animated-when-visible-95 fade-in avia-align-center  avia-builder-el-23  avia-builder-el-no-sibling  noHover av-overlay-on-hover'   itemprop=\"image\" itemscope=\"itemscope\" itemtype=\"https:\/\/schema.org\/ImageObject\" ><div class=\"avia-image-container-inner\"><div class=\"avia-image-overlay-wrap\"><a href=\"https:\/\/www.tuicamper.com\/wp-docker\/wp-content\/uploads\/2019\/05\/etna-1030x579.jpg\" data-srcset=\"https:\/\/www.tuicamper.com\/wp-docker\/wp-content\/uploads\/2019\/05\/etna-1030x579.jpg 1030w, https:\/\/www.tuicamper.com\/wp-docker\/wp-content\/uploads\/2019\/05\/etna-300x169.jpg 300w, https:\/\/www.tuicamper.com\/wp-docker\/wp-content\/uploads\/2019\/05\/etna-768x432.jpg 768w, https:\/\/www.tuicamper.com\/wp-docker\/wp-content\/uploads\/2019\/05\/etna-705x397.jpg 705w, https:\/\/www.tuicamper.com\/wp-docker\/wp-content\/uploads\/2019\/05\/etna-450x253.jpg 450w, https:\/\/www.tuicamper.com\/wp-docker\/wp-content\/uploads\/2019\/05\/etna.jpg 1280w\" data-sizes=\"(max-width: 1030px) 100vw, 1030px\" class='avia_image '  aria-label='Der \u00c4tna'><div class=\"av-image-caption-overlay\"><div class=\"av-caption-image-overlay-bg\"><\/div><div class=\"av-image-caption-overlay-position\"><div class=\"av-image-caption-overlay-center\"><p>Der \u00c4tna<\/p>\n<\/div><\/div><\/div><img decoding=\"async\" fetchpriority=\"high\" class='wp-image-2435 avia-img-lazy-loading-not-2435 avia_image ' src=\"https:\/\/www.tuicamper.com\/wp-docker\/wp-content\/uploads\/2019\/05\/etna-1280x630.jpg\" alt='' title='Der \u00c4tna'  height=\"630\" width=\"1280\"  itemprop=\"thumbnailUrl\"  \/><\/a><\/div><\/div><\/div>\n\n<\/div><\/div><\/div><!-- close content main div --><\/div><\/div><div id='av_section_10'  class='avia-section av-jt5vrdgv-4386718e65b314e69682ca60ae604601 main_color avia-section-default avia-no-border-styling  avia-builder-el-24  el_after_av_section  el_before_av_section  reduced-content avia-bg-style-scroll container_wrap sidebar_right'  ><div class='container av-section-cont-open' ><div class='template-page content  av-content-small alpha units'><div class='post-entry post-entry-type-page post-entry-1994'><div class='entry-content-wrapper clearfix'>\n\n<style type=\"text\/css\" data-created_by=\"avia_inline_auto\" id=\"style-css-av-1g5aou-6e8505d9de1136ce38f66b0d0e5d2a36\">\n.flex_column.av-1g5aou-6e8505d9de1136ce38f66b0d0e5d2a36{\nborder-radius:0px 0px 0px 0px;\npadding:0px 0px 0px 0px;\n}\n<\/style>\n<div  class='flex_column av-1g5aou-6e8505d9de1136ce38f66b0d0e5d2a36 av_one_full  avia-builder-el-25  avia-builder-el-no-sibling  first flex_column_div av-zero-column-padding  '     ><section  class='av_textblock_section av-jt5tjyk0-1e04ddf86ca9bd8201b4b17bbb4a6491 '   itemscope=\"itemscope\" itemtype=\"https:\/\/schema.org\/BlogPosting\" itemprop=\"blogPost\" ><div class='avia_textblock'  itemprop=\"text\" ><h4><strong>3.) Ein Ausflug zum Stromboli<\/strong><\/h4>\n<p>W\u00e4hrend die schneebedeckten Gipfel des \u00c4tna nicht auf den ersten Blick ihren vulkanischen Ursprung verraten, gibt sich der Stromboli schnell als Vulkan zu erkennen. Nahezu st\u00fcndlich steigt Rauch aus dem Krater aus. Kleine Eruptionen und Lavastr\u00f6me sind keine Seltenheit. Diese Aktivit\u00e4t macht den Reiz des feierspeienden Kolosses aus, der per Schiff erreicht werden kann. Camper, die die schroffe Vulkaninsel im Rahmen eines Ausflugs erkunden m\u00f6chten, haben sogar die M\u00f6glichkeit auf einer gef\u00fchrten Tour bis zum Krater des Vulkans hochzusteigen. Rund drei Stunden dauert eine solche kr\u00e4ftezehrende Tour, die nur von erfahrenen Bergf\u00fchrern angeboten wird. Belohnt werden Sie f\u00fcr die Strapazen mit einem Blick mitten ins ebenso faszinierende wie zerst\u00f6rerische Herz der Natur. Schiffsausfl\u00fcge zum Stromboli k\u00f6nnen Sie beispielsweise von Milazzo aus buchen.<br \/>\n<b>Tipp<\/b>: Einige Schiffsausfl\u00fcge werden auch in der Nacht angeboten. Zu dieser Stunde zeigt der Stromboli erst seine wahre Sch\u00f6nheit \u2013 wenn er mal wieder rotgl\u00fchende Lavafont\u00e4nen in die tiefschwarze Nacht speit.<\/p>\n<\/div><\/section><\/div>\n\n<\/div><\/div><\/div><!-- close content main div --><\/div><\/div><div id='av_section_11'  class='avia-section av-b7gvl-1eb57de5f7b7a94c40602e8cf977ebb0 main_color avia-section-default avia-no-border-styling  avia-builder-el-27  el_after_av_section  el_before_av_section  reduced-content avia-bg-style-scroll container_wrap sidebar_right'  ><div class='container av-section-cont-open' ><div class='template-page content  av-content-small alpha units'><div class='post-entry post-entry-type-page post-entry-1994'><div class='entry-content-wrapper clearfix'>\n\n<style type=\"text\/css\" data-created_by=\"avia_inline_auto\" id=\"style-css-av-jtplvt5k-3c856ba8af3024545011e51cfa093f8c\">\n.avia-image-container.av-jtplvt5k-3c856ba8af3024545011e51cfa093f8c img.avia_image{\nbox-shadow:none;\n}\n.avia-image-container.av-jtplvt5k-3c856ba8af3024545011e51cfa093f8c .av-caption-image-overlay-bg{\nopacity:0.4;\nbackground-color:#000000;\n}\n.avia-image-container.av-jtplvt5k-3c856ba8af3024545011e51cfa093f8c .av-image-caption-overlay-center{\ncolor:#ffffff;\n}\n<\/style>\n<div  class='avia-image-container av-jtplvt5k-3c856ba8af3024545011e51cfa093f8c av-styling- av-img-linked avia_animated_image av-animated-when-visible-95 fade-in avia-align-center  avia-builder-el-28  avia-builder-el-no-sibling  noHover av-overlay-on-hover'   itemprop=\"image\" itemscope=\"itemscope\" itemtype=\"https:\/\/schema.org\/ImageObject\" ><div class=\"avia-image-container-inner\"><div class=\"avia-image-overlay-wrap\"><a href=\"https:\/\/www.tuicamper.com\/wp-docker\/wp-content\/uploads\/2019\/05\/stromboli-1030x686.jpg\" data-srcset=\"https:\/\/www.tuicamper.com\/wp-docker\/wp-content\/uploads\/2019\/05\/stromboli-1030x686.jpg 1030w, https:\/\/www.tuicamper.com\/wp-docker\/wp-content\/uploads\/2019\/05\/stromboli-300x200.jpg 300w, https:\/\/www.tuicamper.com\/wp-docker\/wp-content\/uploads\/2019\/05\/stromboli-768x512.jpg 768w, https:\/\/www.tuicamper.com\/wp-docker\/wp-content\/uploads\/2019\/05\/stromboli-705x470.jpg 705w, https:\/\/www.tuicamper.com\/wp-docker\/wp-content\/uploads\/2019\/05\/stromboli-450x300.jpg 450w, https:\/\/www.tuicamper.com\/wp-docker\/wp-content\/uploads\/2019\/05\/stromboli.jpg 1280w\" data-sizes=\"(max-width: 1030px) 100vw, 1030px\" class='avia_image '  aria-label='Blick auf den Stromboli'><div class=\"av-image-caption-overlay\"><div class=\"av-caption-image-overlay-bg\"><\/div><div class=\"av-image-caption-overlay-position\"><div class=\"av-image-caption-overlay-center\"><p>Blick auf den Stromboli<\/p>\n<\/div><\/div><\/div><img decoding=\"async\" fetchpriority=\"high\" class='wp-image-2436 avia-img-lazy-loading-not-2436 avia_image ' src=\"https:\/\/www.tuicamper.com\/wp-docker\/wp-content\/uploads\/2019\/05\/stromboli-1280x630.jpg\" alt='Blick auf den Stromboli' title='Blick auf den Stromboli'  height=\"630\" width=\"1280\"  itemprop=\"thumbnailUrl\"  \/><\/a><\/div><\/div><\/div>\n\n<\/div><\/div><\/div><!-- close content main div --><\/div><\/div><div id='av_section_12'  class='avia-section av-jt5vrdgv-4386718e65b314e69682ca60ae604601 main_color avia-section-default avia-no-border-styling  avia-builder-el-29  el_after_av_section  el_before_av_section  reduced-content avia-bg-style-scroll container_wrap sidebar_right'  ><div class='container av-section-cont-open' ><div class='template-page content  av-content-small alpha units'><div class='post-entry post-entry-type-page post-entry-1994'><div class='entry-content-wrapper clearfix'>\n\n<style type=\"text\/css\" data-created_by=\"avia_inline_auto\" id=\"style-css-av-1g5aou-6e8505d9de1136ce38f66b0d0e5d2a36\">\n.flex_column.av-1g5aou-6e8505d9de1136ce38f66b0d0e5d2a36{\nborder-radius:0px 0px 0px 0px;\npadding:0px 0px 0px 0px;\n}\n<\/style>\n<div  class='flex_column av-1g5aou-6e8505d9de1136ce38f66b0d0e5d2a36 av_one_full  avia-builder-el-30  avia-builder-el-no-sibling  first flex_column_div av-zero-column-padding  '     ><section  class='av_textblock_section av-jt5tjyk0-1e04ddf86ca9bd8201b4b17bbb4a6491 '   itemscope=\"itemscope\" itemtype=\"https:\/\/schema.org\/BlogPosting\" itemprop=\"blogPost\" ><div class='avia_textblock'  itemprop=\"text\" ><h4><strong>4.) Der Traumstrand von Cefal\u00f9<\/strong><\/h4>\n<p>Das einstige Fischerd\u00f6rfchen Cefal\u00f9 geh\u00f6rt zu den sch\u00f6nsten Orten der sizilianischen Nordk\u00fcste. Die pittoreske Altstadt Cefal\u00f9s schmiegt sich direkt ans Meer \u2013 ein absolut postkartenmotivw\u00fcrdiger Anblick. Zumal sich hier ein kilometerlanger Sandstrand anschlie\u00dft, der ohne Zweifel zu den sch\u00f6nsten Siziliens geh\u00f6rt.<br \/>\n<strong>Tipp<\/strong>: Schlendern Sie durch die malerische Altstadt und statten Sie der imposanten Kathedrale Santissimo Salvatore mit ihrem kunstvoll gestalteten Innenraum einen Besuch ab.<\/p>\n<\/div><\/section><\/div>\n\n<\/div><\/div><\/div><!-- close content main div --><\/div><\/div><div id='av_section_13'  class='avia-section av-b7gvl-1eb57de5f7b7a94c40602e8cf977ebb0 main_color avia-section-default avia-no-border-styling  avia-builder-el-32  el_after_av_section  el_before_av_section  reduced-content avia-bg-style-scroll container_wrap sidebar_right'  ><div class='container av-section-cont-open' ><div class='template-page content  av-content-small alpha units'><div class='post-entry post-entry-type-page post-entry-1994'><div class='entry-content-wrapper clearfix'>\n\n<style type=\"text\/css\" data-created_by=\"avia_inline_auto\" id=\"style-css-av-jtplvt5k-7732f2918e4bc48dfaad5cda4f795b91\">\n.avia-image-container.av-jtplvt5k-7732f2918e4bc48dfaad5cda4f795b91 img.avia_image{\nbox-shadow:none;\n}\n.avia-image-container.av-jtplvt5k-7732f2918e4bc48dfaad5cda4f795b91 .av-caption-image-overlay-bg{\nopacity:0.4;\nbackground-color:#000000;\n}\n.avia-image-container.av-jtplvt5k-7732f2918e4bc48dfaad5cda4f795b91 .av-image-caption-overlay-center{\ncolor:#ffffff;\n}\n<\/style>\n<div  class='avia-image-container av-jtplvt5k-7732f2918e4bc48dfaad5cda4f795b91 av-styling- av-img-linked avia_animated_image av-animated-when-visible-95 fade-in avia-align-center  avia-builder-el-33  avia-builder-el-no-sibling  noHover av-overlay-on-hover'   itemprop=\"image\" itemscope=\"itemscope\" itemtype=\"https:\/\/schema.org\/ImageObject\" ><div class=\"avia-image-container-inner\"><div class=\"avia-image-overlay-wrap\"><a href=\"https:\/\/www.tuicamper.com\/wp-docker\/wp-content\/uploads\/2019\/05\/cefalu-1030x689.jpg\" data-srcset=\"https:\/\/www.tuicamper.com\/wp-docker\/wp-content\/uploads\/2019\/05\/cefalu-1030x689.jpg 1030w, https:\/\/www.tuicamper.com\/wp-docker\/wp-content\/uploads\/2019\/05\/cefalu-300x201.jpg 300w, https:\/\/www.tuicamper.com\/wp-docker\/wp-content\/uploads\/2019\/05\/cefalu-768x514.jpg 768w, https:\/\/www.tuicamper.com\/wp-docker\/wp-content\/uploads\/2019\/05\/cefalu-705x471.jpg 705w, https:\/\/www.tuicamper.com\/wp-docker\/wp-content\/uploads\/2019\/05\/cefalu-450x301.jpg 450w, https:\/\/www.tuicamper.com\/wp-docker\/wp-content\/uploads\/2019\/05\/cefalu.jpg 1280w\" data-sizes=\"(max-width: 1030px) 100vw, 1030px\" class='avia_image '  aria-label='Blick auf Cefal\u00f9'><div class=\"av-image-caption-overlay\"><div class=\"av-caption-image-overlay-bg\"><\/div><div class=\"av-image-caption-overlay-position\"><div class=\"av-image-caption-overlay-center\"><p>Blick auf Cefal\u00f9<\/p>\n<\/div><\/div><\/div><img decoding=\"async\" fetchpriority=\"high\" class='wp-image-2437 avia-img-lazy-loading-not-2437 avia_image ' src=\"https:\/\/www.tuicamper.com\/wp-docker\/wp-content\/uploads\/2019\/05\/cefalu-1280x630.jpg\" alt='Blick auf Cefal\u00f9' title='Blick auf Cefal\u00f9'  height=\"630\" width=\"1280\"  itemprop=\"thumbnailUrl\"  \/><\/a><\/div><\/div><\/div>\n\n<\/div><\/div><\/div><!-- close content main div --><\/div><\/div><div id='av_section_14'  class='avia-section av-jt5vrdgv-4386718e65b314e69682ca60ae604601 main_color avia-section-default avia-no-border-styling  avia-builder-el-34  el_after_av_section  el_before_av_section  reduced-content avia-bg-style-scroll container_wrap sidebar_right'  ><div class='container av-section-cont-open' ><div class='template-page content  av-content-small alpha units'><div class='post-entry post-entry-type-page post-entry-1994'><div class='entry-content-wrapper clearfix'>\n\n<style type=\"text\/css\" data-created_by=\"avia_inline_auto\" id=\"style-css-av-1g5aou-6e8505d9de1136ce38f66b0d0e5d2a36\">\n.flex_column.av-1g5aou-6e8505d9de1136ce38f66b0d0e5d2a36{\nborder-radius:0px 0px 0px 0px;\npadding:0px 0px 0px 0px;\n}\n<\/style>\n<div  class='flex_column av-1g5aou-6e8505d9de1136ce38f66b0d0e5d2a36 av_one_full  avia-builder-el-35  avia-builder-el-no-sibling  first flex_column_div av-zero-column-padding  '     ><section  class='av_textblock_section av-jt5tjyk0-1e04ddf86ca9bd8201b4b17bbb4a6491 '   itemscope=\"itemscope\" itemtype=\"https:\/\/schema.org\/BlogPosting\" itemprop=\"blogPost\" ><div class='avia_textblock'  itemprop=\"text\" ><h4><strong>5.) Die H\u00fcgelstadt Taormina \u2013 Sizilien in der Nussschale<\/strong><\/h4>\n<p>Taormina, die H\u00fcgelstadt an der Ostk\u00fcste Siziliens verdichtet die Highlights Siziliens auf engstem Raum. Hier<\/p>\n<ul>\n<li>genie\u00dfen Sie den Blick auf die schneebedeckten Gipfel des \u00c4tnas,<\/li>\n<li>haben Sie die M\u00f6glichkeit \u00fcber diverse Wanderwege bis zum Gipfel des \u00c4tnas zu gelangen,<\/li>\n<li>sp\u00fcren Sie im alten griechisch-r\u00f6mischen Theater, wo noch heute Auff\u00fchrungen stattfinden, den Spuren der Antike nach,<\/li>\n<li>erwarten Sie spektakul\u00e4re Aussichten auf die umliegende Steilk\u00fcste,<\/li>\n<li>finden Sie idyllische Buchten mit kleinen Sandstr\u00e4nden.<\/li>\n<\/ul>\n<\/div><\/section><\/div>\n\n<\/div><\/div><\/div><!-- close content main div --><\/div><\/div><div id='av_section_15'  class='avia-section av-b7gvl-1eb57de5f7b7a94c40602e8cf977ebb0 main_color avia-section-default avia-no-border-styling  avia-builder-el-37  el_after_av_section  el_before_av_section  reduced-content avia-bg-style-scroll container_wrap sidebar_right'  ><div class='container av-section-cont-open' ><div class='template-page content  av-content-small alpha units'><div class='post-entry post-entry-type-page post-entry-1994'><div class='entry-content-wrapper clearfix'>\n\n<style type=\"text\/css\" data-created_by=\"avia_inline_auto\" id=\"style-css-av-jtplvt5k-9d1d8cf76e2d510c54fb422ea167ca74\">\n.avia-image-container.av-jtplvt5k-9d1d8cf76e2d510c54fb422ea167ca74 img.avia_image{\nbox-shadow:none;\n}\n.avia-image-container.av-jtplvt5k-9d1d8cf76e2d510c54fb422ea167ca74 .av-caption-image-overlay-bg{\nopacity:0.4;\nbackground-color:#000000;\n}\n.avia-image-container.av-jtplvt5k-9d1d8cf76e2d510c54fb422ea167ca74 .av-image-caption-overlay-center{\ncolor:#ffffff;\n}\n<\/style>\n<div  class='avia-image-container av-jtplvt5k-9d1d8cf76e2d510c54fb422ea167ca74 av-styling- av-img-linked avia_animated_image av-animated-when-visible-95 fade-in avia-align-center  avia-builder-el-38  avia-builder-el-no-sibling  noHover av-overlay-on-hover'   itemprop=\"image\" itemscope=\"itemscope\" itemtype=\"https:\/\/schema.org\/ImageObject\" ><div class=\"avia-image-container-inner\"><div class=\"avia-image-overlay-wrap\"><a href=\"https:\/\/www.tuicamper.com\/wp-docker\/wp-content\/uploads\/2019\/05\/taormina.jpg\" data-srcset=\"https:\/\/www.tuicamper.com\/wp-docker\/wp-content\/uploads\/2019\/05\/taormina.jpg 849w, https:\/\/www.tuicamper.com\/wp-docker\/wp-content\/uploads\/2019\/05\/taormina-300x200.jpg 300w, https:\/\/www.tuicamper.com\/wp-docker\/wp-content\/uploads\/2019\/05\/taormina-768x512.jpg 768w, https:\/\/www.tuicamper.com\/wp-docker\/wp-content\/uploads\/2019\/05\/taormina-705x470.jpg 705w, https:\/\/www.tuicamper.com\/wp-docker\/wp-content\/uploads\/2019\/05\/taormina-450x300.jpg 450w\" data-sizes=\"(max-width: 849px) 100vw, 849px\" class='avia_image '  aria-label='Die Ruinen von Taormina bei Sonnenuntergang (\u00a9 romas_ph \/ Fotolia)'><div class=\"av-image-caption-overlay\"><div class=\"av-caption-image-overlay-bg\"><\/div><div class=\"av-image-caption-overlay-position\"><div class=\"av-image-caption-overlay-center\"><p>Die Ruinen von Taormina bei Sonnenuntergang (\u00a9 romas_ph \/ Fotolia)<\/p>\n<\/div><\/div><\/div><img decoding=\"async\" fetchpriority=\"high\" class='wp-image-2438 avia-img-lazy-loading-not-2438 avia_image ' src=\"https:\/\/www.tuicamper.com\/wp-docker\/wp-content\/uploads\/2019\/05\/taormina.jpg\" alt='' title='Die Ruinen von Taormina bei Sonnenuntergang (\u00a9 romas_ph \/ Fotolia)'  height=\"566\" width=\"849\"  itemprop=\"thumbnailUrl\" srcset=\"https:\/\/www.tuicamper.com\/wp-docker\/wp-content\/uploads\/2019\/05\/taormina.jpg 849w, https:\/\/www.tuicamper.com\/wp-docker\/wp-content\/uploads\/2019\/05\/taormina-300x200.jpg 300w, https:\/\/www.tuicamper.com\/wp-docker\/wp-content\/uploads\/2019\/05\/taormina-768x512.jpg 768w, https:\/\/www.tuicamper.com\/wp-docker\/wp-content\/uploads\/2019\/05\/taormina-705x470.jpg 705w, https:\/\/www.tuicamper.com\/wp-docker\/wp-content\/uploads\/2019\/05\/taormina-450x300.jpg 450w\" sizes=\"(max-width: 849px) 100vw, 849px\" \/><\/a><\/div><\/div><\/div>\n\n<\/div><\/div><\/div><!-- close content main div --><\/div><\/div><div id='av_section_16'  class='avia-section av-jt5vrdgv-4386718e65b314e69682ca60ae604601 main_color avia-section-default avia-no-border-styling  avia-builder-el-39  el_after_av_section  el_before_av_textblock  reduced-content avia-bg-style-scroll container_wrap sidebar_right'  ><div class='container av-section-cont-open' ><div class='template-page content  av-content-small alpha units'><div class='post-entry post-entry-type-page post-entry-1994'><div class='entry-content-wrapper clearfix'>\n\n<style type=\"text\/css\" data-created_by=\"avia_inline_auto\" id=\"style-css-av-1g5aou-6e8505d9de1136ce38f66b0d0e5d2a36\">\n.flex_column.av-1g5aou-6e8505d9de1136ce38f66b0d0e5d2a36{\nborder-radius:0px 0px 0px 0px;\npadding:0px 0px 0px 0px;\n}\n<\/style>\n<div  class='flex_column av-1g5aou-6e8505d9de1136ce38f66b0d0e5d2a36 av_one_full  avia-builder-el-40  avia-builder-el-no-sibling  first flex_column_div av-zero-column-padding  '     ><section  class='av_textblock_section av-jt5tjyk0-1e04ddf86ca9bd8201b4b17bbb4a6491 '   itemscope=\"itemscope\" itemtype=\"https:\/\/schema.org\/BlogPosting\" itemprop=\"blogPost\" ><div class='avia_textblock'  itemprop=\"text\" ><h2>Mit dem Camper auf Sizilien: Das sollten Sie wissen<\/h2>\n<p>Die gute Nachricht: In Sizilien finden Sie eine ganze Reihe von gut eingerichteten Campingpl\u00e4tzen, was Ihnen viel Freiheit bei Ihrer Routenplanung erm\u00f6glicht. Einige Punkte sollten Sie auf Ihrer Camper-Tour durch Sizilien allerdings beachten:<\/p>\n<ul>\n<li><a href=\"https:\/\/www.tuicamper.com\/magazin\/wildcamping\/\">Wildcampen<\/a>\u00a0ist auf Sizilien nicht gestattet. Angesichts m\u00f6glicher Strafen nutzen Sie besser die gro\u00dfe Auswahl der Campingpl\u00e4tze.<\/li>\n<li>Der Verkehr in den sizilianischen Gro\u00dfst\u00e4dten ist ber\u00fcchtigt. Das gilt insbesondere f\u00fcr Palermo. Stellen Sie Ihren Camper daher nach M\u00f6glichkeit in einem Vorort ab, bevor Sie die gro\u00dfen St\u00e4dte erkunden.<\/li>\n<li>Viele sizilianische Nebenstra\u00dfen sind schlecht asphaltiert und haben viele Kurven. Hier ist Vorsicht angesagt.<\/li>\n<\/ul>\n<\/div><\/section><\/div>\n<\/div><\/div><\/div><!-- close content main div --><\/div><\/div><div id='after_section_16'  class='main_color av_default_container_wrap container_wrap sidebar_right'  ><div class='container av-section-cont-open' ><div class='template-page content  av-content-small alpha units'><div class='post-entry post-entry-type-page post-entry-1994'><div class='entry-content-wrapper clearfix'>\n<section  class='av_textblock_section av-jtpqpty6-550c066a997ebaf648fccc87d0b9ff16 '   itemscope=\"itemscope\" itemtype=\"https:\/\/schema.org\/BlogPosting\" itemprop=\"blogPost\" ><div class='avia_textblock'  itemprop=\"text\" >\r\n<div style=\"clear: both;\"><\/div>\r\n<div class=\"post-breaker-item breaker-type-default\">\r\n    <div class=\"post-breaker-item-inner\">\r\n                    \n<style type=\"text\/css\" data-created_by=\"avia_inline_auto\" id=\"style-css-av-jtpksizx-4b352f2a2752c01e58a4c67632af1aa6\">\n#top .av_textblock_section.av-jtpksizx-4b352f2a2752c01e58a4c67632af1aa6 .avia_textblock{\nfont-size:28px;\n}\n<\/style>\n<section  class='av_textblock_section av-jtpksizx-4b352f2a2752c01e58a4c67632af1aa6 '   itemscope=\"itemscope\" itemtype=\"https:\/\/schema.org\/BlogPosting\" itemprop=\"blogPost\" ><div class='avia_textblock'  itemprop=\"text\" ><p><strong>\u2013 Lesen Sie auch \u2013<\/strong><\/p>\n<\/div><\/section>\n\n<style type=\"text\/css\" data-created_by=\"avia_inline_auto\" id=\"style-css-av-ehyb5-42286bbb62f5c947921c50b729609f1d\">\n.flex_column.av-ehyb5-42286bbb62f5c947921c50b729609f1d{\nborder-radius:0px 0px 0px 0px;\npadding:0px 0px 0px 0px;\n}\n<\/style>\n<div  class='flex_column av-ehyb5-42286bbb62f5c947921c50b729609f1d av_one_third first flex_column_div av-zero-column-padding  '     ><p>\n<style type=\"text\/css\" data-created_by=\"avia_inline_auto\" id=\"style-css-av-jt75ko0n-b3ae510b2760ad435adfd60cb3f7b6d9\">\n.avia-image-container.av-jt75ko0n-b3ae510b2760ad435adfd60cb3f7b6d9 img.avia_image{\nbox-shadow:none;\n}\n.avia-image-container.av-jt75ko0n-b3ae510b2760ad435adfd60cb3f7b6d9 .av-image-caption-overlay-center{\ncolor:#ffffff;\n}\n<\/style>\n<div  class='avia-image-container av-jt75ko0n-b3ae510b2760ad435adfd60cb3f7b6d9 av-styling-no-styling av-hover-grow av-hide-overflow av-img-linked avia_animated_image av-animated-when-visible-95 fade-in avia-align-left'   itemprop=\"image\" itemscope=\"itemscope\" itemtype=\"https:\/\/schema.org\/ImageObject\" ><div class=\"avia-image-container-inner\"><div class=\"avia-image-overlay-wrap\"><a href=\"https:\/\/www.tuicamper.com\/magazin\/wohnmobil-sardinien\/\" class='avia_image '  aria-label='Wohnmobil Sardinien'><img decoding=\"async\" fetchpriority=\"high\" class='wp-image-1740 avia-img-lazy-loading-not-1740 avia_image ' src=\"https:\/\/www.tuicamper.com\/wp-docker\/wp-content\/uploads\/2019\/04\/sardinien-teaser.jpg\" alt='Wohnmobil Sardinien' title='Wohnmobil Sardinien'  height=\"200\" width=\"350\"  itemprop=\"thumbnailUrl\" srcset=\"https:\/\/www.tuicamper.com\/wp-docker\/wp-content\/uploads\/2019\/04\/sardinien-teaser.jpg 350w, https:\/\/www.tuicamper.com\/wp-docker\/wp-content\/uploads\/2019\/04\/sardinien-teaser-300x171.jpg 300w\" sizes=\"(max-width: 350px) 100vw, 350px\" \/><\/a><\/div><\/div><\/div><br \/>\n<section  class='av_textblock_section av-jt75lbqb-bba29013bb6610b0762c56b6a5ae7819 '   itemscope=\"itemscope\" itemtype=\"https:\/\/schema.org\/BlogPosting\" itemprop=\"blogPost\" ><div class='avia_textblock'  itemprop=\"text\" ><p style=\"text-align: left;\"><strong><a href=\"https:\/\/www.tuicamper.com\/magazin\/wohnmobil-sardinien\/\">Wohnmobil Sardinien \u2013 5 Highlights einer Sardinien-Rundreise<\/a><\/strong><\/p>\n<\/div><\/section><\/p><\/div>\n<style type=\"text\/css\" data-created_by=\"avia_inline_auto\" id=\"style-css-av-ehyb5-8fadcff6392c44a3fc98dc4b014d4246\">\n.flex_column.av-ehyb5-8fadcff6392c44a3fc98dc4b014d4246{\nborder-radius:0px 0px 0px 0px;\npadding:0px 0px 0px 0px;\n}\n<\/style>\n<div  class='flex_column av-ehyb5-8fadcff6392c44a3fc98dc4b014d4246 av_one_third flex_column_div av-zero-column-padding  '     ><p>\n<style type=\"text\/css\" data-created_by=\"avia_inline_auto\" id=\"style-css-av-jt75ko0n-b0bd9e019c22a6e3e0c809a51554667c\">\n.avia-image-container.av-jt75ko0n-b0bd9e019c22a6e3e0c809a51554667c img.avia_image{\nbox-shadow:none;\n}\n.avia-image-container.av-jt75ko0n-b0bd9e019c22a6e3e0c809a51554667c .av-image-caption-overlay-center{\ncolor:#ffffff;\n}\n<\/style>\n<div  class='avia-image-container av-jt75ko0n-b0bd9e019c22a6e3e0c809a51554667c av-styling-no-styling av-hover-grow av-hide-overflow av-img-linked avia_animated_image av-animated-when-visible-95 fade-in avia-align-left'   itemprop=\"image\" itemscope=\"itemscope\" itemtype=\"https:\/\/schema.org\/ImageObject\" ><div class=\"avia-image-container-inner\"><div class=\"avia-image-overlay-wrap\"><a href=\"https:\/\/www.tuicamper.com\/magazin\/wohnmobil-gardasee\/\" class='avia_image '  aria-label='Wohnmobil Gardasee'><img decoding=\"async\" fetchpriority=\"high\" class='wp-image-1861 avia-img-lazy-loading-not-1861 avia_image ' src=\"https:\/\/www.tuicamper.com\/wp-docker\/wp-content\/uploads\/2019\/04\/wohnmobil-gardasee-teaser.jpg\" alt='Wohnmobil Gardasee' title='Wohnmobil Gardasee'  height=\"200\" width=\"350\"  itemprop=\"thumbnailUrl\" srcset=\"https:\/\/www.tuicamper.com\/wp-docker\/wp-content\/uploads\/2019\/04\/wohnmobil-gardasee-teaser.jpg 350w, https:\/\/www.tuicamper.com\/wp-docker\/wp-content\/uploads\/2019\/04\/wohnmobil-gardasee-teaser-300x171.jpg 300w\" sizes=\"(max-width: 350px) 100vw, 350px\" \/><\/a><\/div><\/div><\/div><br \/>\n<section  class='av_textblock_section av-jt75lbqb-bba29013bb6610b0762c56b6a5ae7819 '   itemscope=\"itemscope\" itemtype=\"https:\/\/schema.org\/BlogPosting\" itemprop=\"blogPost\" ><div class='avia_textblock'  itemprop=\"text\" ><p style=\"text-align: left;\"><strong><a href=\"https:\/\/www.tuicamper.com\/magazin\/wohnmobil-gardasee\/\">Wohnmobil Gardasee \u2013 Camping, Highlights &amp; die besten Ausfl\u00fcge<\/a><\/strong><\/p>\n<\/div><\/section><\/p><\/div>\n<style type=\"text\/css\" data-created_by=\"avia_inline_auto\" id=\"style-css-av-ehyb5-8fadcff6392c44a3fc98dc4b014d4246\">\n.flex_column.av-ehyb5-8fadcff6392c44a3fc98dc4b014d4246{\nborder-radius:0px 0px 0px 0px;\npadding:0px 0px 0px 0px;\n}\n<\/style>\n<div  class='flex_column av-ehyb5-8fadcff6392c44a3fc98dc4b014d4246 av_one_third flex_column_div av-zero-column-padding  '     ><p>\n<style type=\"text\/css\" data-created_by=\"avia_inline_auto\" id=\"style-css-av-jt75ko0n-043c1535437381019dd51978735c1770\">\n.avia-image-container.av-jt75ko0n-043c1535437381019dd51978735c1770 img.avia_image{\nbox-shadow:none;\n}\n.avia-image-container.av-jt75ko0n-043c1535437381019dd51978735c1770 .av-image-caption-overlay-center{\ncolor:#ffffff;\n}\n<\/style>\n<div  class='avia-image-container av-jt75ko0n-043c1535437381019dd51978735c1770 av-styling-no-styling av-hover-grow av-hide-overflow av-img-linked avia_animated_image av-animated-when-visible-95 fade-in avia-align-left'   itemprop=\"image\" itemscope=\"itemscope\" itemtype=\"https:\/\/schema.org\/ImageObject\" ><div class=\"avia-image-container-inner\"><div class=\"avia-image-overlay-wrap\"><a href=\"https:\/\/www.tuicamper.com\/magazin\/wohnmobil-toskana\/\" class='avia_image '  aria-label='Wohnmobil Toskana'><img decoding=\"async\" fetchpriority=\"high\" class='wp-image-1761 avia-img-lazy-loading-not-1761 avia_image ' src=\"https:\/\/www.tuicamper.com\/wp-docker\/wp-content\/uploads\/2019\/04\/wohnmobil-toskana-teaser.jpg\" alt='Wohnmobil Toskana' title='Wohnmobil Toskana'  height=\"200\" width=\"350\"  itemprop=\"thumbnailUrl\" srcset=\"https:\/\/www.tuicamper.com\/wp-docker\/wp-content\/uploads\/2019\/04\/wohnmobil-toskana-teaser.jpg 350w, https:\/\/www.tuicamper.com\/wp-docker\/wp-content\/uploads\/2019\/04\/wohnmobil-toskana-teaser-300x171.jpg 300w\" sizes=\"(max-width: 350px) 100vw, 350px\" \/><\/a><\/div><\/div><\/div><br \/>\n<section  class='av_textblock_section av-jt75lbqb-bba29013bb6610b0762c56b6a5ae7819 '   itemscope=\"itemscope\" itemtype=\"https:\/\/schema.org\/BlogPosting\" itemprop=\"blogPost\" ><div class='avia_textblock'  itemprop=\"text\" ><p style=\"text-align: left;\"><strong><a href=\"https:\/\/www.tuicamper.com\/magazin\/wohnmobil-toskana\/\">Wohnmobil Toskana \u2013 10 Highlights f\u00fcr eine Camper-Reise<\/a><\/strong><\/p>\n<\/div><\/section><\/p><\/div><\/p>\n            <div style=\"clear: both;\"><\/div>\r\n            <\/div>\r\n<\/div>\r\n\n<\/div><\/section>\n<\/div><\/div><\/div><!-- close content main div --><\/div><\/div><div id='av_section_17'  class='avia-section av-jt5vrdgv-4386718e65b314e69682ca60ae604601 main_color avia-section-default avia-no-border-styling  avia-builder-el-43  el_after_av_textblock  avia-builder-el-last  reduced-content avia-bg-style-scroll container_wrap sidebar_right'  ><div class='container av-section-cont-open' ><div class='template-page content  av-content-small alpha units'><div class='post-entry post-entry-type-page post-entry-1994'><div class='entry-content-wrapper clearfix'>\n<div  class='avia-button-wrap av-ju2eusip-8f14bff7b05d3be95d1ce04ea4284478-wrap avia-button-center  avia-builder-el-44  el_before_av_one_full  avia-builder-el-first '><a href='https:\/\/www.tuicamper.com\/reiseziele\/europa\/italien\/'  class='avia-button av-ju2eusip-8f14bff7b05d3be95d1ce04ea4284478 av-link-btn avia-icon_select-yes-right-icon avia-size-large avia-position-center avia-color-theme-color'   aria-label=\"Jetzt Wohnmobil mieten f\u00fcr Italien\"><span class='avia_iconbox_title' >Jetzt Wohnmobil mieten f\u00fcr Italien<\/span><span class='avia_button_icon avia_button_icon_right avia-iconfont avia-font-entypo-fontello' data-av_icon='\ue875' data-av_iconfont='entypo-fontello' ><\/span><\/a><\/div>\n\n<style type=\"text\/css\" data-created_by=\"avia_inline_auto\" id=\"style-css-av-1g5aou-6e8505d9de1136ce38f66b0d0e5d2a36\">\n.flex_column.av-1g5aou-6e8505d9de1136ce38f66b0d0e5d2a36{\nborder-radius:0px 0px 0px 0px;\npadding:0px 0px 0px 0px;\n}\n<\/style>\n<div  class='flex_column av-1g5aou-6e8505d9de1136ce38f66b0d0e5d2a36 av_one_full  avia-builder-el-45  el_after_av_button  el_before_av_social_share  first flex_column_div av-zero-column-padding  '     ><style type=\"text\/css\" data-created_by=\"avia_inline_auto\" id=\"style-css-av-jt5tjyk0-26a28d0242835cbba60d70517a13c769\">\n#top .av_textblock_section.av-jt5tjyk0-26a28d0242835cbba60d70517a13c769 .avia_textblock{\nfont-size:28px;\n}\n<\/style>\n<section  class='av_textblock_section av-jt5tjyk0-26a28d0242835cbba60d70517a13c769 '   itemscope=\"itemscope\" itemtype=\"https:\/\/schema.org\/BlogPosting\" itemprop=\"blogPost\" ><div class='avia_textblock'  itemprop=\"text\" ><p><strong>Ihr TUI CAMPER-Team w\u00fcnscht Ihnen eine spannende Wohnmobil-Tour auf der Vulkan-Insel Sizilien!<\/strong><\/p>\n<\/div><\/section><\/div><div  class='av-social-sharing-box av-10zg8-8676a2d54b4a15bbf6c39a1c18f0815b av-social-sharing-box-default  avia-builder-el-47  el_after_av_one_full  avia-builder-el-last  av-social-sharing-box-fullwidth'><div class=\"av-share-box\"><ul class=\"av-share-box-list noLightbox\"><li class='av-share-link av-social-link-facebook avia_social_iconfont' ><a target=\"_blank\" aria-label=\"Teilen auf Facebook\" href='https:\/\/www.facebook.com\/sharer.php?u=https:\/\/www.tuicamper.com\/magazin\/wohnmobil-sizilien\/&#038;t=Wohnmobil%20Sizilien%20%E2%80%93%20Highlights%20f%C3%BCr%20eine%20Camper-Rundreise' data-av_icon='\ue8f3' data-av_iconfont='entypo-fontello'  title='' data-avia-related-tooltip='Teilen auf Facebook'><span class='avia_hidden_link_text'>Teilen auf Facebook<\/span><\/a><\/li><li class='av-share-link av-social-link-twitter avia_social_iconfont' ><a target=\"_blank\" aria-label=\"Teilen auf X\" href='https:\/\/twitter.com\/share?text=Wohnmobil%20Sizilien%20%E2%80%93%20Highlights%20f%C3%BCr%20eine%20Camper-Rundreise&#038;url=https:\/\/www.tuicamper.com\/magazin\/wohnmobil-sizilien\/' data-av_icon='\ue932' data-av_iconfont='entypo-fontello'  title='' data-avia-related-tooltip='Teilen auf X'><span class='avia_hidden_link_text'>Teilen auf X<\/span><\/a><\/li><li class='av-share-link av-social-link-whatsapp avia_social_iconfont' ><a target=\"_blank\" aria-label=\"Teilen auf WhatsApp\" href='https:\/\/api.whatsapp.com\/send?text=https:\/\/www.tuicamper.com\/magazin\/wohnmobil-sizilien\/' data-av_icon='\uf232' data-av_iconfont='entypo-fontello'  title='' data-avia-related-tooltip='Teilen auf WhatsApp'><span class='avia_hidden_link_text'>Teilen auf WhatsApp<\/span><\/a><\/li><li class='av-share-link av-social-link-pinterest avia_social_iconfont' ><a target=\"_blank\" aria-label=\"Teilen auf Pinterest\" href='https:\/\/pinterest.com\/pin\/create\/button\/?url=https%3A%2F%2Fwww.tuicamper.com%2Fmagazin%2Fwohnmobil-sizilien%2F&#038;description=Wohnmobil%20Sizilien%20%E2%80%93%20Highlights%20f%C3%BCr%20eine%20Camper-Rundreise&#038;media=https%3A%2F%2Fwww.tuicamper.com%2Fwp-docker%2Fwp-content%2Fuploads%2F2019%2F05%2Fwohnmobil-sizilien-705x269.jpg' data-av_icon='\ue8f8' data-av_iconfont='entypo-fontello'  title='' data-avia-related-tooltip='Teilen auf Pinterest'><span class='avia_hidden_link_text'>Teilen auf Pinterest<\/span><\/a><\/li><li class='av-share-link av-social-link-mail avia_social_iconfont' ><a  aria-label=\"Per E-Mail teilen\" href='mailto:?subject=Wohnmobil%20Sizilien%20%E2%80%93%20Highlights%20f%C3%BCr%20eine%20Camper-Rundreise&#038;body=https:\/\/www.tuicamper.com\/magazin\/wohnmobil-sizilien\/' data-av_icon='\ue805' data-av_iconfont='entypo-fontello'  title='' data-avia-related-tooltip='Per E-Mail teilen'><span class='avia_hidden_link_text'>Per E-Mail teilen<\/span><\/a><\/li><\/ul><\/div><\/div>\n<\/div><\/div><\/div><!-- close content main div --><\/div><\/div><div id='after_section_17'  class='main_color av_default_container_wrap container_wrap sidebar_right'  ><div class='container av-section-cont-open' ><div class='template-page content  av-content-small alpha units'><div class='post-entry post-entry-type-page post-entry-1994'><div class='entry-content-wrapper clearfix'>\n","protected":false},"excerpt":{"rendered":"<p>Idyllische St\u00e4dtchen, traumhafte Str\u00e4nde und majest\u00e4tische Vulkane: Sizilien zieht Camper schnell in seinen Bann. Lesen Sie hier mehr zu den Insel-Highlights f\u00fcr eine Wohnmobil-Rundreise!<\/p>\n","protected":false},"author":3,"featured_media":2433,"comment_status":"open","ping_status":"open","sticky":false,"template":"","format":"standard","meta":{"footnotes":""},"categories":[33],"tags":[69,42],"class_list":["post-1994","post","type-post","status-publish","format-standard","has-post-thumbnail","hentry","category-reisethema","tag-italien","tag-paare"],"yoast_head":"<!-- This site is optimized with the Yoast SEO plugin v27.4 - https:\/\/yoast.com\/product\/yoast-seo-wordpress\/ -->\n<title>Wohnmobil Sizilien \u2013 Highlights f\u00fcr eine Camper-Rundreise<\/title>\n<meta name=\"description\" content=\"Idyllische St\u00e4dtchen, traumhafte Str\u00e4nde und majest\u00e4tische Vulkane: Sizilien zieht Camper schnell in seinen Bann. Lesen Sie hier mehr zu den Insel-Highlights f\u00fcr eine Wohnmobil-Rundreise!\" \/>\n<meta name=\"robots\" content=\"index, follow, max-snippet:-1, max-image-preview:large, max-video-preview:-1\" \/>\n<link rel=\"canonical\" href=\"https:\/\/www.tuicamper.com\/magazin\/wohnmobil-sizilien\/\" \/>\n<meta property=\"og:locale\" content=\"de_DE\" \/>\n<meta property=\"og:type\" content=\"article\" \/>\n<meta property=\"og:title\" content=\"Wohnmobil Sizilien \u2013 Highlights f\u00fcr eine Camper-Rundreise\" \/>\n<meta property=\"og:description\" content=\"Idyllische St\u00e4dtchen, traumhafte Str\u00e4nde und majest\u00e4tische Vulkane: Sizilien zieht Camper schnell in seinen Bann. Lesen Sie hier mehr zu den Insel-Highlights f\u00fcr eine Wohnmobil-Rundreise!\" \/>\n<meta property=\"og:url\" content=\"https:\/\/www.tuicamper.com\/magazin\/wohnmobil-sizilien\/\" \/>\n<meta property=\"og:site_name\" content=\"TUI Camper Magazin\" \/>\n<meta property=\"article:published_time\" content=\"2019-05-02T08:28:19+00:00\" \/>\n<meta property=\"article:modified_time\" content=\"2019-05-03T08:55:00+00:00\" \/>\n<meta property=\"og:image\" content=\"https:\/\/www.tuicamper.com\/wp-docker\/wp-content\/uploads\/2019\/05\/wohnmobil-sizilien.jpg\" \/>\n\t<meta property=\"og:image:width\" content=\"1310\" \/>\n\t<meta property=\"og:image:height\" content=\"500\" \/>\n\t<meta property=\"og:image:type\" content=\"image\/jpeg\" \/>\n<meta name=\"author\" content=\"S\u00f6ren Cortekar\" \/>\n<meta name=\"twitter:card\" content=\"summary_large_image\" \/>\n<meta name=\"twitter:label1\" content=\"Verfasst von\" \/>\n\t<meta name=\"twitter:data1\" content=\"S\u00f6ren Cortekar\" \/>\n\t<meta name=\"twitter:label2\" content=\"Gesch\u00e4tzte Lesezeit\" \/>\n\t<meta name=\"twitter:data2\" content=\"24\u00a0Minuten\" \/>\n<!-- \/ Yoast SEO plugin. -->","yoast_head_json":{"title":"Wohnmobil Sizilien \u2013 Highlights f\u00fcr eine Camper-Rundreise","description":"Idyllische St\u00e4dtchen, traumhafte Str\u00e4nde und majest\u00e4tische Vulkane: Sizilien zieht Camper schnell in seinen Bann. Lesen Sie hier mehr zu den Insel-Highlights f\u00fcr eine Wohnmobil-Rundreise!","robots":{"index":"index","follow":"follow","max-snippet":"max-snippet:-1","max-image-preview":"max-image-preview:large","max-video-preview":"max-video-preview:-1"},"canonical":"https:\/\/www.tuicamper.com\/magazin\/wohnmobil-sizilien\/","og_locale":"de_DE","og_type":"article","og_title":"Wohnmobil Sizilien \u2013 Highlights f\u00fcr eine Camper-Rundreise","og_description":"Idyllische St\u00e4dtchen, traumhafte Str\u00e4nde und majest\u00e4tische Vulkane: Sizilien zieht Camper schnell in seinen Bann. Lesen Sie hier mehr zu den Insel-Highlights f\u00fcr eine Wohnmobil-Rundreise!","og_url":"https:\/\/www.tuicamper.com\/magazin\/wohnmobil-sizilien\/","og_site_name":"TUI Camper Magazin","article_published_time":"2019-05-02T08:28:19+00:00","article_modified_time":"2019-05-03T08:55:00+00:00","og_image":[{"width":1310,"height":500,"url":"https:\/\/www.tuicamper.com\/wp-docker\/wp-content\/uploads\/2019\/05\/wohnmobil-sizilien.jpg","type":"image\/jpeg"}],"author":"S\u00f6ren Cortekar","twitter_card":"summary_large_image","twitter_misc":{"Verfasst von":"S\u00f6ren Cortekar","Gesch\u00e4tzte Lesezeit":"24\u00a0Minuten"},"schema":{"@context":"https:\/\/schema.org","@graph":[{"@type":"Article","@id":"https:\/\/www.tuicamper.com\/magazin\/wohnmobil-sizilien\/#article","isPartOf":{"@id":"https:\/\/www.tuicamper.com\/magazin\/wohnmobil-sizilien\/"},"author":{"name":"S\u00f6ren Cortekar","@id":"https:\/\/www.tuicamper.com\/wp-docker\/#\/schema\/person\/a9ad15b73e3b6169a6c4a794a58d1ea6"},"headline":"Wohnmobil Sizilien \u2013 Highlights f\u00fcr eine Camper-Rundreise","datePublished":"2019-05-02T08:28:19+00:00","dateModified":"2019-05-03T08:55:00+00:00","mainEntityOfPage":{"@id":"https:\/\/www.tuicamper.com\/magazin\/wohnmobil-sizilien\/"},"wordCount":3841,"commentCount":0,"image":{"@id":"https:\/\/www.tuicamper.com\/magazin\/wohnmobil-sizilien\/#primaryimage"},"thumbnailUrl":"https:\/\/www.tuicamper.com\/wp-docker\/wp-content\/uploads\/2019\/05\/wohnmobil-sizilien.jpg","keywords":["Italien","Paare"],"articleSection":["Reisethema"],"inLanguage":"de","potentialAction":[{"@type":"CommentAction","name":"Comment","target":["https:\/\/www.tuicamper.com\/magazin\/wohnmobil-sizilien\/#respond"]}]},{"@type":"WebPage","@id":"https:\/\/www.tuicamper.com\/magazin\/wohnmobil-sizilien\/","url":"https:\/\/www.tuicamper.com\/magazin\/wohnmobil-sizilien\/","name":"Wohnmobil Sizilien \u2013 Highlights f\u00fcr eine Camper-Rundreise","isPartOf":{"@id":"https:\/\/www.tuicamper.com\/#website"},"primaryImageOfPage":{"@id":"https:\/\/www.tuicamper.com\/magazin\/wohnmobil-sizilien\/#primaryimage"},"image":{"@id":"https:\/\/www.tuicamper.com\/magazin\/wohnmobil-sizilien\/#primaryimage"},"thumbnailUrl":"https:\/\/www.tuicamper.com\/wp-content\/uploads\/2019\/05\/wohnmobil-sizilien.jpg","datePublished":"2019-05-02T08:28:19+00:00","dateModified":"2019-05-03T08:55:00+00:00","author":{"@id":"https:\/\/www.tuicamper.com\/#\/schema\/person\/a9ad15b73e3b6169a6c4a794a58d1ea6"},"description":"Idyllische St\u00e4dtchen, traumhafte Str\u00e4nde und majest\u00e4tische Vulkane: Sizilien zieht Camper schnell in seinen Bann. Lesen Sie hier mehr zu den Insel-Highlights f\u00fcr eine Wohnmobil-Rundreise!","breadcrumb":{"@id":"https:\/\/www.tuicamper.com\/magazin\/wohnmobil-sizilien\/#breadcrumb"},"inLanguage":"de","potentialAction":["Array"]},{"@type":"ImageObject","inLanguage":"de","@id":"https:\/\/www.tuicamper.com\/magazin\/wohnmobil-sizilien\/#primaryimage","url":"https:\/\/www.tuicamper.com\/wp-docker\/wp-content\/uploads\/2019\/05\/wohnmobil-sizilien.jpg","contentUrl":"https:\/\/www.tuicamper.com\/wp-docker\/wp-content\/uploads\/2019\/05\/wohnmobil-sizilien.jpg","width":1310,"height":500,"caption":"Wohnmobil Sizilien"},{"@type":"BreadcrumbList","@id":"https:\/\/www.tuicamper.com\/magazin\/wohnmobil-sizilien\/#breadcrumb","itemListElement":[{"@type":"ListItem","position":1,"name":"Startseite","item":"https:\/\/www.tuicamper.com\/wp-docker\/"},{"@type":"ListItem","position":2,"name":"Wohnmobil Sizilien \u2013 Highlights f\u00fcr eine Camper-Rundreise"}]},{"@type":"WebSite","@id":"https:\/\/www.tuicamper.com\/#website","url":"https:\/\/www.tuicamper.com\/","name":"TUI Camper Magazin","description":"","potentialAction":["Array"],"inLanguage":"de"},{"@type":"Person","@id":"https:\/\/www.tuicamper.com\/wp-docker\/#\/schema\/person\/a9ad15b73e3b6169a6c4a794a58d1ea6","name":"S\u00f6ren Cortekar","image":{"@type":"ImageObject","inLanguage":"de","@id":"https:\/\/secure.gravatar.com\/avatar\/399f9c9096d84e9147b61735bfa53689fd2add8aa9c074669869e4c106f7df59?s=96&d=mm&r=g","url":"https:\/\/secure.gravatar.com\/avatar\/399f9c9096d84e9147b61735bfa53689fd2add8aa9c074669869e4c106f7df59?s=96&d=mm&r=g","contentUrl":"https:\/\/secure.gravatar.com\/avatar\/399f9c9096d84e9147b61735bfa53689fd2add8aa9c074669869e4c106f7df59?s=96&d=mm&r=g","caption":"S\u00f6ren Cortekar"},"url":"https:\/\/www.tuicamper.com\/wp-docker\/magazin\/author\/soeren-cortekar\/"}]}},"_links":{"self":[{"href":"https:\/\/www.tuicamper.com\/wp-docker\/wp-json\/wp\/v2\/posts\/1994","targetHints":{"allow":["GET"]}}],"collection":[{"href":"https:\/\/www.tuicamper.com\/wp-docker\/wp-json\/wp\/v2\/posts"}],"about":[{"href":"https:\/\/www.tuicamper.com\/wp-docker\/wp-json\/wp\/v2\/types\/post"}],"author":[{"embeddable":true,"href":"https:\/\/www.tuicamper.com\/wp-docker\/wp-json\/wp\/v2\/users\/3"}],"replies":[{"embeddable":true,"href":"https:\/\/www.tuicamper.com\/wp-docker\/wp-json\/wp\/v2\/comments?post=1994"}],"version-history":[{"count":12,"href":"https:\/\/www.tuicamper.com\/wp-docker\/wp-json\/wp\/v2\/posts\/1994\/revisions"}],"predecessor-version":[{"id":2637,"href":"https:\/\/www.tuicamper.com\/wp-docker\/wp-json\/wp\/v2\/posts\/1994\/revisions\/2637"}],"wp:featuredmedia":[{"embeddable":true,"href":"https:\/\/www.tuicamper.com\/wp-docker\/wp-json\/wp\/v2\/media\/2433"}],"wp:attachment":[{"href":"https:\/\/www.tuicamper.com\/wp-docker\/wp-json\/wp\/v2\/media?parent=1994"}],"wp:term":[{"taxonomy":"category","embeddable":true,"href":"https:\/\/www.tuicamper.com\/wp-docker\/wp-json\/wp\/v2\/categories?post=1994"},{"taxonomy":"post_tag","embeddable":true,"href":"https:\/\/www.tuicamper.com\/wp-docker\/wp-json\/wp\/v2\/tags?post=1994"}],"curies":[{"name":"wp","href":"https:\/\/api.w.org\/{rel}","templated":true}]}}