{"id":1977,"date":"2019-05-02T13:24:51","date_gmt":"2019-05-02T11:24:51","guid":{"rendered":"https:\/\/www.tuicamper.com\/wp-docker\/?p=1977"},"modified":"2022-04-26T11:52:12","modified_gmt":"2022-04-26T09:52:12","slug":"wohnmobil-polen","status":"publish","type":"post","link":"https:\/\/www.tuicamper.com\/magazin\/wohnmobil-polen\/","title":{"rendered":"Mit dem Wohnmobil durch Polen &#8211; 10 Highlights f\u00fcr eine Camper-Reise"},"content":{"rendered":"<div id='av_section_1'  class='avia-section av-jt5vrdgv-4386718e65b314e69682ca60ae604601 main_color avia-section-default avia-no-border-styling  avia-builder-el-0  el_before_av_textblock  avia-builder-el-first  reduced-content avia-bg-style-scroll container_wrap sidebar_right'  ><div class='container av-section-cont-open' ><main  role=\"main\" itemprop=\"mainContentOfPage\"  class='template-page content  av-content-small alpha units'><div class='post-entry post-entry-type-page post-entry-1977'><div class='entry-content-wrapper clearfix'>\n\n<style type=\"text\/css\" data-created_by=\"avia_inline_auto\" id=\"style-css-av-1g5aou-6e8505d9de1136ce38f66b0d0e5d2a36\">\n.flex_column.av-1g5aou-6e8505d9de1136ce38f66b0d0e5d2a36{\nborder-radius:0px 0px 0px 0px;\npadding:0px 0px 0px 0px;\n}\n<\/style>\n<div  class='flex_column av-1g5aou-6e8505d9de1136ce38f66b0d0e5d2a36 av_one_full  avia-builder-el-1  avia-builder-el-no-sibling  first flex_column_div av-zero-column-padding  '     ><section  class='av_textblock_section av-jt5tjyk0-0d18eb781390b291547f54187af4d25e '   itemscope=\"itemscope\" itemtype=\"https:\/\/schema.org\/BlogPosting\" itemprop=\"blogPost\" ><div class='avia_textblock'  itemprop=\"text\" ><p>Lebendige Metropolen wie\u00a0<a href=\"https:\/\/www.tuicamper.com\/reiseziele\/europa\/polen\/warschau\/\">Warschau<\/a>, Krakau und\u00a0Danzig, kulturelle Highlights und Naturparadiese wie sie innerhalb Europas ihresgleichen suchen. Wir zeigen Ihnen, warum jeder Camper zumindest einmal\u00a0<a href=\"https:\/\/www.tuicamper.com\/reiseziele\/europa\/polen\/\">Polen erkunden<\/a>\u00a0sollte. Insgesamt 10 Highlights haben wir f\u00fcr eine m\u00f6gliche Camper-Reise durch Polen zusammengestellt.<\/p>\n<\/div><\/section><\/div><\/div><\/div><\/main><!-- close content main element --><\/div><\/div><div id='after_section_1'  class='main_color av_default_container_wrap container_wrap sidebar_right'  ><div class='container av-section-cont-open' ><div class='template-page content  av-content-small alpha units'><div class='post-entry post-entry-type-page post-entry-1977'><div class='entry-content-wrapper clearfix'><section  class='av_textblock_section av-jtpqpty6-550c066a997ebaf648fccc87d0b9ff16 '   itemscope=\"itemscope\" itemtype=\"https:\/\/schema.org\/BlogPosting\" itemprop=\"blogPost\" ><div class='avia_textblock'  itemprop=\"text\" >\n<\/div><\/section><\/p>\n<\/div><\/div><\/div><!-- close content main div --><\/div><\/div><div id='av_section_2'  class='avia-section av-jt5vrdgv-4386718e65b314e69682ca60ae604601 main_color avia-section-default avia-no-border-styling  avia-builder-el-4  el_after_av_textblock  el_before_av_section  reduced-content avia-bg-style-scroll container_wrap sidebar_right'  ><div class='container av-section-cont-open' ><div class='template-page content  av-content-small alpha units'><div class='post-entry post-entry-type-page post-entry-1977'><div class='entry-content-wrapper clearfix'>\n<section  class='av_textblock_section av-jt5tjyk0-1e04ddf86ca9bd8201b4b17bbb4a6491 '   itemscope=\"itemscope\" itemtype=\"https:\/\/schema.org\/BlogPosting\" itemprop=\"blogPost\" ><div class='avia_textblock'  itemprop=\"text\" ><div id=\"js-table-of-contents\">\r\n    <strong>Inhaltsverzeichnis<\/strong>\r\n<\/div>\n<\/div><\/section>\n\n<\/div><\/div><\/div><!-- close content main div --><\/div><\/div><div id='av_section_3'  class='avia-section av-jt5vrdgv-aaa57a0ec80f3287d16e73c9693d5a37 main_color avia-section-default avia-no-border-styling  avia-builder-el-6  el_after_av_section  el_before_av_section  reduced-content av-mini-hide avia-bg-style-scroll container_wrap sidebar_right'  ><div class='container av-section-cont-open' ><div class='template-page content  av-content-small alpha units'><div class='post-entry post-entry-type-page post-entry-1977'><div class='entry-content-wrapper clearfix'>\n\n\n<\/div><\/div><\/div><!-- close content main div --><\/div><\/div><div id='av_section_4'  class='avia-section av-jt5vrdgv-4386718e65b314e69682ca60ae604601 main_color avia-section-default avia-no-border-styling  avia-builder-el-8  el_after_av_section  el_before_av_section  reduced-content avia-bg-style-scroll container_wrap sidebar_right'  ><div class='container av-section-cont-open' ><div class='template-page content  av-content-small alpha units'><div class='post-entry post-entry-type-page post-entry-1977'><div class='entry-content-wrapper clearfix'>\n\n<style type=\"text\/css\" data-created_by=\"avia_inline_auto\" id=\"style-css-av-1g5aou-6e8505d9de1136ce38f66b0d0e5d2a36\">\n.flex_column.av-1g5aou-6e8505d9de1136ce38f66b0d0e5d2a36{\nborder-radius:0px 0px 0px 0px;\npadding:0px 0px 0px 0px;\n}\n<\/style>\n<div  class='flex_column av-1g5aou-6e8505d9de1136ce38f66b0d0e5d2a36 av_one_full  avia-builder-el-9  avia-builder-el-no-sibling  first flex_column_div av-zero-column-padding  '     ><section  class='av_textblock_section av-jt5tjyk0-1e04ddf86ca9bd8201b4b17bbb4a6491 '   itemscope=\"itemscope\" itemtype=\"https:\/\/schema.org\/BlogPosting\" itemprop=\"blogPost\" ><div class='avia_textblock'  itemprop=\"text\" ><h2>1.) Masurische Seenplatte \u2013 das polnische Inselparadies<\/h2>\n<p>Wenn eine Region Europas die Bezeichnung \u201eParadies\u201c wirklich verdient, ist es die Masurische Seenplatte. Das Netzwerk aus tausenden, teils miteinander verbundenen Seen, \u00fcppig gr\u00fcnen W\u00e4ldern und Inseln mit kleinen Str\u00e4nden und Buchten bietet spektakul\u00e4re Panoramen soweit das Auge reicht. In dem weitl\u00e4ufigen Gebiet k\u00f6nnen Sie ungest\u00f6rt Elche, Biber und W\u00f6lfe beobachten \u2013 ohne von Touristenmassen gest\u00f6rt zu werden.<\/p>\n<p><b>Einen ausf\u00fchrlichen Bericht zu den Masuren finden Sie hier:<\/b><br \/>\n<a href=\"https:\/\/www.tuicamper.com\/magazin\/masurische-seenplatte\/\">Masuren Urlaub: Mit dem Camper an die Masurische Seenplatte<\/a><\/p>\n<\/div><\/section><\/div>\n\n<\/div><\/div><\/div><!-- close content main div --><\/div><\/div><div id='av_section_5'  class='avia-section av-b7gvl-1eb57de5f7b7a94c40602e8cf977ebb0 main_color avia-section-default avia-no-border-styling  avia-builder-el-11  el_after_av_section  el_before_av_section  reduced-content avia-bg-style-scroll container_wrap sidebar_right'  ><div class='container av-section-cont-open' ><div class='template-page content  av-content-small alpha units'><div class='post-entry post-entry-type-page post-entry-1977'><div class='entry-content-wrapper clearfix'>\n\n<style type=\"text\/css\" data-created_by=\"avia_inline_auto\" id=\"style-css-av-jtplvt5k-5d7167e4546fcf17501660b3cb0343d9\">\n.avia-image-container.av-jtplvt5k-5d7167e4546fcf17501660b3cb0343d9 img.avia_image{\nbox-shadow:none;\n}\n.avia-image-container.av-jtplvt5k-5d7167e4546fcf17501660b3cb0343d9 .av-caption-image-overlay-bg{\nopacity:0.4;\nbackground-color:#000000;\n}\n.avia-image-container.av-jtplvt5k-5d7167e4546fcf17501660b3cb0343d9 .av-image-caption-overlay-center{\ncolor:#ffffff;\n}\n<\/style>\n<div  class='avia-image-container av-jtplvt5k-5d7167e4546fcf17501660b3cb0343d9 av-styling- av-img-linked avia_animated_image av-animated-when-visible-95 fade-in avia-align-center  avia-builder-el-12  avia-builder-el-no-sibling  noHover av-overlay-on-hover'   itemprop=\"image\" itemscope=\"itemscope\" itemtype=\"https:\/\/schema.org\/ImageObject\" ><div class=\"avia-image-container-inner\"><div class=\"avia-image-overlay-wrap\"><a href=\"https:\/\/www.tuicamper.com\/wp-docker\/wp-content\/uploads\/2019\/05\/masuren-1030x689.jpg\" data-srcset=\"https:\/\/www.tuicamper.com\/wp-docker\/wp-content\/uploads\/2019\/05\/masuren-1030x689.jpg 1030w, https:\/\/www.tuicamper.com\/wp-docker\/wp-content\/uploads\/2019\/05\/masuren-300x201.jpg 300w, https:\/\/www.tuicamper.com\/wp-docker\/wp-content\/uploads\/2019\/05\/masuren-768x514.jpg 768w, https:\/\/www.tuicamper.com\/wp-docker\/wp-content\/uploads\/2019\/05\/masuren-705x471.jpg 705w, https:\/\/www.tuicamper.com\/wp-docker\/wp-content\/uploads\/2019\/05\/masuren-450x301.jpg 450w, https:\/\/www.tuicamper.com\/wp-docker\/wp-content\/uploads\/2019\/05\/masuren.jpg 1280w\" data-sizes=\"(max-width: 1030px) 100vw, 1030px\" class='avia_image '  aria-label='Masurische Seenplatte'><div class=\"av-image-caption-overlay\"><div class=\"av-caption-image-overlay-bg\"><\/div><div class=\"av-image-caption-overlay-position\"><div class=\"av-image-caption-overlay-center\"><p>Masurische Seenplatte<\/p>\n<\/div><\/div><\/div><img decoding=\"async\" fetchpriority=\"high\" class='wp-image-2479 avia-img-lazy-loading-not-2479 avia_image ' src=\"https:\/\/www.tuicamper.com\/wp-docker\/wp-content\/uploads\/2019\/05\/masuren-1280x630.jpg\" alt='Masurische Seenplatte' title='Masurische Seenplatte'  height=\"630\" width=\"1280\"  itemprop=\"thumbnailUrl\"  \/><\/a><\/div><\/div><\/div>\n\n<\/div><\/div><\/div><!-- close content main div --><\/div><\/div><div id='av_section_6'  class='avia-section av-jt5vrdgv-4386718e65b314e69682ca60ae604601 main_color avia-section-default avia-no-border-styling  avia-builder-el-13  el_after_av_section  el_before_av_section  reduced-content avia-bg-style-scroll container_wrap sidebar_right'  ><div class='container av-section-cont-open' ><div class='template-page content  av-content-small alpha units'><div class='post-entry post-entry-type-page post-entry-1977'><div class='entry-content-wrapper clearfix'>\n\n<style type=\"text\/css\" data-created_by=\"avia_inline_auto\" id=\"style-css-av-1g5aou-6e8505d9de1136ce38f66b0d0e5d2a36\">\n.flex_column.av-1g5aou-6e8505d9de1136ce38f66b0d0e5d2a36{\nborder-radius:0px 0px 0px 0px;\npadding:0px 0px 0px 0px;\n}\n<\/style>\n<div  class='flex_column av-1g5aou-6e8505d9de1136ce38f66b0d0e5d2a36 av_one_full  avia-builder-el-14  avia-builder-el-no-sibling  first flex_column_div av-zero-column-padding  '     ><section  class='av_textblock_section av-jt5tjyk0-1e04ddf86ca9bd8201b4b17bbb4a6491 '   itemscope=\"itemscope\" itemtype=\"https:\/\/schema.org\/BlogPosting\" itemprop=\"blogPost\" ><div class='avia_textblock'  itemprop=\"text\" ><h2>2.) Warschau: Moderne trifft Vergangenheit<\/h2>\n<p>In Warschau gibt es nichts, was es nicht gibt. Und das im besten Sinne. W\u00e4hrend sich in der pittoresken Altstadt fr\u00fchbarocke Geb\u00e4ude aneinanderreihen, bilden die Wolkenkratzer der Innenstadt eine der spektakul\u00e4rsten Skylines Europas. Es lohnt, diesen einmaligen Mikrokosmos im Rahmen des Wohnmobilurlaubs Polen zu erkunden.<br \/>\n<b>Tipp<\/b>: Nutzen Sie unsere\u00a0<a href=\"https:\/\/www.tuicamper.com\/reiseziele\/europa\/polen\/warschau\/\">Wohnmobilstation in Warschau<\/a>, um von hier aus direkt ins Polen-Abenteuer zu starten!<\/p>\n<\/div><\/section><\/div>\n\n<\/div><\/div><\/div><!-- close content main div --><\/div><\/div><div id='av_section_7'  class='avia-section av-jt5vrdgv-4386718e65b314e69682ca60ae604601 main_color avia-section-default avia-no-border-styling  avia-builder-el-16  el_after_av_section  el_before_av_section  reduced-content avia-bg-style-scroll container_wrap sidebar_right'  ><div class='container av-section-cont-open' ><div class='template-page content  av-content-small alpha units'><div class='post-entry post-entry-type-page post-entry-1977'><div class='entry-content-wrapper clearfix'>\n\n<style type=\"text\/css\" data-created_by=\"avia_inline_auto\" id=\"style-css-av-1g5aou-6e8505d9de1136ce38f66b0d0e5d2a36\">\n.flex_column.av-1g5aou-6e8505d9de1136ce38f66b0d0e5d2a36{\nborder-radius:0px 0px 0px 0px;\npadding:0px 0px 0px 0px;\n}\n<\/style>\n<div  class='flex_column av-1g5aou-6e8505d9de1136ce38f66b0d0e5d2a36 av_one_full  avia-builder-el-17  avia-builder-el-no-sibling  first flex_column_div av-zero-column-padding  '     ><section  class='av_textblock_section av-jt5tjyk0-1e04ddf86ca9bd8201b4b17bbb4a6491 '   itemscope=\"itemscope\" itemtype=\"https:\/\/schema.org\/BlogPosting\" itemprop=\"blogPost\" ><div class='avia_textblock'  itemprop=\"text\" ><h2>3.) Wie aus dem M\u00e4rchenbuch: Danziger Rechtstadt<\/h2>\n<p>Wer durch die Stra\u00dfen und Gassen der Danziger Rechtstadt, dem historischen Zentrum der Metropole Danzig, schlendert, w\u00e4hnt sich mitunter in einem fleischgewordenen M\u00e4rchen. Die durchweg prunkvoll gestalteten H\u00e4user und etliche Prachtbauten, die sich dicht an dicht aneinanderreihen, verleihen dem Stadtkern ein einzigartiges Flair, das Touristen aus aller Welt in seinen Bann schl\u00e4gt. Alle ber\u00fchmten Sehensw\u00fcrdigkeiten wie die Langgasse, das Gr\u00fcne Tor und das Rechtst\u00e4dter Rathaus sind fu\u00dfl\u00e4ufig zu erreichen und k\u00f6nnen im Rahmen eines Tagestrips bestaunt werden. Ideal also f\u00fcr Camper, die Polen im Anschluss noch weiter erkunden m\u00f6chten.<br \/>\n<b>Gut zu wissen<\/b>: Ein Kuriosum in Danzig ist, dass die \u201eAltstadt\u201c (Stadtteil) nicht mit dem historischen Stadtzentrum, der \u201eRechtstadt\u201c, zusammenf\u00e4llt. Vielmehr handelt es sich bei dem heutigen Stadtteil von Danzig um eine Siedlung, die urspr\u00fcnglich vor den Danziger Toren lag. Wer die ber\u00fchmten Sehensw\u00fcrdigkeiten Danzigs besichtigen m\u00f6chte, muss folglich die Rechtstadt besuchen \u2013 die historische Altstadt Danzigs.<\/p>\n<\/div><\/section><\/div>\n\n<\/div><\/div><\/div><!-- close content main div --><\/div><\/div><div id='av_section_8'  class='avia-section av-b7gvl-1eb57de5f7b7a94c40602e8cf977ebb0 main_color avia-section-default avia-no-border-styling  avia-builder-el-19  el_after_av_section  el_before_av_section  reduced-content avia-bg-style-scroll container_wrap sidebar_right'  ><div class='container av-section-cont-open' ><div class='template-page content  av-content-small alpha units'><div class='post-entry post-entry-type-page post-entry-1977'><div class='entry-content-wrapper clearfix'>\n\n<style type=\"text\/css\" data-created_by=\"avia_inline_auto\" id=\"style-css-av-jtplvt5k-e9122a7983173edf673a60fc1d32b118\">\n.avia-image-container.av-jtplvt5k-e9122a7983173edf673a60fc1d32b118 img.avia_image{\nbox-shadow:none;\n}\n.avia-image-container.av-jtplvt5k-e9122a7983173edf673a60fc1d32b118 .av-caption-image-overlay-bg{\nopacity:0.4;\nbackground-color:#000000;\n}\n.avia-image-container.av-jtplvt5k-e9122a7983173edf673a60fc1d32b118 .av-image-caption-overlay-center{\ncolor:#ffffff;\n}\n<\/style>\n<div  class='avia-image-container av-jtplvt5k-e9122a7983173edf673a60fc1d32b118 av-styling- av-img-linked avia_animated_image av-animated-when-visible-95 fade-in avia-align-center  avia-builder-el-20  avia-builder-el-no-sibling  noHover av-overlay-on-hover'   itemprop=\"image\" itemscope=\"itemscope\" itemtype=\"https:\/\/schema.org\/ImageObject\" ><div class=\"avia-image-container-inner\"><div class=\"avia-image-overlay-wrap\"><a href=\"https:\/\/www.tuicamper.com\/wp-docker\/wp-content\/uploads\/2019\/04\/danzig-1030x579.jpg\" data-srcset=\"https:\/\/www.tuicamper.com\/wp-docker\/wp-content\/uploads\/2019\/04\/danzig-1030x579.jpg 1030w, https:\/\/www.tuicamper.com\/wp-docker\/wp-content\/uploads\/2019\/04\/danzig-300x169.jpg 300w, https:\/\/www.tuicamper.com\/wp-docker\/wp-content\/uploads\/2019\/04\/danzig-768x431.jpg 768w, https:\/\/www.tuicamper.com\/wp-docker\/wp-content\/uploads\/2019\/04\/danzig-705x396.jpg 705w, https:\/\/www.tuicamper.com\/wp-docker\/wp-content\/uploads\/2019\/04\/danzig-450x253.jpg 450w, https:\/\/www.tuicamper.com\/wp-docker\/wp-content\/uploads\/2019\/04\/danzig.jpg 1280w\" data-sizes=\"(max-width: 1030px) 100vw, 1030px\" class='avia_image '  aria-label='Blick auf die Altstadt von Danzig'><div class=\"av-image-caption-overlay\"><div class=\"av-caption-image-overlay-bg\"><\/div><div class=\"av-image-caption-overlay-position\"><div class=\"av-image-caption-overlay-center\"><p>Blick auf die Altstadt von Danzig<\/p>\n<\/div><\/div><\/div><img decoding=\"async\" fetchpriority=\"high\" class='wp-image-1331 avia-img-lazy-loading-not-1331 avia_image ' src=\"https:\/\/www.tuicamper.com\/wp-docker\/wp-content\/uploads\/2019\/04\/danzig-1280x630.jpg\" alt='Blick auf die Altstadt von Danzig' title='Blick auf die Altstadt von Danzig'  height=\"630\" width=\"1280\"  itemprop=\"thumbnailUrl\"  \/><\/a><\/div><\/div><\/div>\n\n<\/div><\/div><\/div><!-- close content main div --><\/div><\/div><div id='av_section_9'  class='avia-section av-jt5vrdgv-4386718e65b314e69682ca60ae604601 main_color avia-section-default avia-no-border-styling  avia-builder-el-21  el_after_av_section  el_before_av_section  reduced-content avia-bg-style-scroll container_wrap sidebar_right'  ><div class='container av-section-cont-open' ><div class='template-page content  av-content-small alpha units'><div class='post-entry post-entry-type-page post-entry-1977'><div class='entry-content-wrapper clearfix'>\n\n<style type=\"text\/css\" data-created_by=\"avia_inline_auto\" id=\"style-css-av-1g5aou-6e8505d9de1136ce38f66b0d0e5d2a36\">\n.flex_column.av-1g5aou-6e8505d9de1136ce38f66b0d0e5d2a36{\nborder-radius:0px 0px 0px 0px;\npadding:0px 0px 0px 0px;\n}\n<\/style>\n<div  class='flex_column av-1g5aou-6e8505d9de1136ce38f66b0d0e5d2a36 av_one_full  avia-builder-el-22  avia-builder-el-no-sibling  first flex_column_div av-zero-column-padding  '     ><section  class='av_textblock_section av-jt5tjyk0-1e04ddf86ca9bd8201b4b17bbb4a6491 '   itemscope=\"itemscope\" itemtype=\"https:\/\/schema.org\/BlogPosting\" itemprop=\"blogPost\" ><div class='avia_textblock'  itemprop=\"text\" ><h2>4.) Insidertipp: das Turmuhrenmuseum in Danzig<\/h2>\n<p>Zu den meistbesuchten Museen geh\u00f6rt das Danziger Turmuhrenmuseum nicht gerade. Das mag nicht zuletzt den vielen dutzend Treppenstufen geschuldet sein, die es f\u00fcr einen Besuch des Museums im Turm der Katharinenkirche zu \u00fcberwinden gilt. Wer diese kleine Strapaze auf sich nimmt, wird allerdings mit Impressionen belohnt, die in klassischen Museen sonst kaum zu finden sind. Das allgegenw\u00e4rtige, mysteri\u00f6s-gespenstisch wirkende Ticken der historischen, teils mehr als 500 Jahre alten Uhren, verbunden mit blauen, roten und gr\u00fcnen Beleuchtungsakzenten mag bisweilen sogar f\u00fcr echte G\u00e4nsehaut sorgen. Teil der Museumssammlung sind \u00fcbrigens auch eine hochmoderne Pulsaruhr, die die Genauigkeit einer Atomuhr um das Zehnfache \u00fcbertrifft, und die Pendeluhr mit dem l\u00e4ngsten Pendel der Welt. Letzteres misst stolze 31,22 Meter.<br \/>\n<strong>Tipp<\/strong>: Wer alle Stufen bis auf den Kirchturm meistert, wird mit einem atemberaubenden Panorama auf das historische Danzig belohnt. Fotoapparat nicht vergessen!<\/p>\n<\/div><\/section><\/div>\n\n<\/div><\/div><\/div><!-- close content main div --><\/div><\/div><div id='av_section_10'  class='avia-section av-jt5vrdgv-4386718e65b314e69682ca60ae604601 main_color avia-section-default avia-no-border-styling  avia-builder-el-24  el_after_av_section  el_before_av_section  reduced-content avia-bg-style-scroll container_wrap sidebar_right'  ><div class='container av-section-cont-open' ><div class='template-page content  av-content-small alpha units'><div class='post-entry post-entry-type-page post-entry-1977'><div class='entry-content-wrapper clearfix'>\n\n<style type=\"text\/css\" data-created_by=\"avia_inline_auto\" id=\"style-css-av-1g5aou-6e8505d9de1136ce38f66b0d0e5d2a36\">\n.flex_column.av-1g5aou-6e8505d9de1136ce38f66b0d0e5d2a36{\nborder-radius:0px 0px 0px 0px;\npadding:0px 0px 0px 0px;\n}\n<\/style>\n<div  class='flex_column av-1g5aou-6e8505d9de1136ce38f66b0d0e5d2a36 av_one_full  avia-builder-el-25  avia-builder-el-no-sibling  first flex_column_div av-zero-column-padding  '     ><section  class='av_textblock_section av-jt5tjyk0-1e04ddf86ca9bd8201b4b17bbb4a6491 '   itemscope=\"itemscope\" itemtype=\"https:\/\/schema.org\/BlogPosting\" itemprop=\"blogPost\" ><div class='avia_textblock'  itemprop=\"text\" ><h2>5.) Leba: der polnische Hotspot an der Ostsee<\/h2>\n<p>Die polnische Ostseek\u00fcste ist nicht nur wegen ihren bedeutsamen St\u00e4dten und Metropolen wie Danzig ein beliebtes Ziel unter Campern. Auch etliche kleinere Ortschaften, die lebendiger kaum sein k\u00f6nnten, machen den langen K\u00fcstenstreifen unter Badeurlaubern beliebt. Der Hotspot schlechthin: Leba. Die nicht einmal 4.000 Einwohner umfassende Ortschaft mit ihren Traumstr\u00e4nden, die als die besten ganz Polens gelten, erwacht sp\u00e4testens mit dem Voranschreiten des Fr\u00fchlings aus ihrem Dornr\u00f6schenschlaf. Dann sorgen etliche Restaurants, Caf\u00e9s, Bars, Clubs und kleine L\u00e4den f\u00fcr ein buntes Treiben, das auch bei l\u00e4ngeren Aufenthalten viel Abwechslung garantiert. Praktisch: In Leba gibt es gleich mehrere Campingpl\u00e4tze. Zur Hauptsaison empfiehlt sich dennoch eine rechtzeitige Reservierung.<br \/>\n<b>Tipp<\/b>: Direkt am Meer und landseitig umgeben von einem kleinen W\u00e4ldchen liegt das schloss\u00e4hnliche \u201e<a href=\"http:\/\/www.neptunhotel.pl\/de\" target=\"_blank\" rel=\"nofollow noopener\">Hotel Neptun<\/a>\u201c, dessen erstklassiges Restaurant mit spektakul\u00e4rem Meerblick f\u00fcr jedermann offen steht.<\/p>\n<\/div><\/section><\/div>\n\n<\/div><\/div><\/div><!-- close content main div --><\/div><\/div><div id='av_section_11'  class='avia-section av-b7gvl-1eb57de5f7b7a94c40602e8cf977ebb0 main_color avia-section-default avia-no-border-styling  avia-builder-el-27  el_after_av_section  el_before_av_section  reduced-content avia-bg-style-scroll container_wrap sidebar_right'  ><div class='container av-section-cont-open' ><div class='template-page content  av-content-small alpha units'><div class='post-entry post-entry-type-page post-entry-1977'><div class='entry-content-wrapper clearfix'>\n\n<style type=\"text\/css\" data-created_by=\"avia_inline_auto\" id=\"style-css-av-jtplvt5k-6ff6a255bd818a535d47c2f2624832d6\">\n.avia-image-container.av-jtplvt5k-6ff6a255bd818a535d47c2f2624832d6 img.avia_image{\nbox-shadow:none;\n}\n.avia-image-container.av-jtplvt5k-6ff6a255bd818a535d47c2f2624832d6 .av-caption-image-overlay-bg{\nopacity:0.4;\nbackground-color:#000000;\n}\n.avia-image-container.av-jtplvt5k-6ff6a255bd818a535d47c2f2624832d6 .av-image-caption-overlay-center{\ncolor:#ffffff;\n}\n<\/style>\n<div  class='avia-image-container av-jtplvt5k-6ff6a255bd818a535d47c2f2624832d6 av-styling- av-img-linked avia_animated_image av-animated-when-visible-95 fade-in avia-align-center  avia-builder-el-28  avia-builder-el-no-sibling  noHover av-overlay-on-hover'   itemprop=\"image\" itemscope=\"itemscope\" itemtype=\"https:\/\/schema.org\/ImageObject\" ><div class=\"avia-image-container-inner\"><div class=\"avia-image-overlay-wrap\"><a href=\"https:\/\/www.tuicamper.com\/wp-docker\/wp-content\/uploads\/2019\/05\/leba-strand-1030x686.jpg\" data-srcset=\"https:\/\/www.tuicamper.com\/wp-docker\/wp-content\/uploads\/2019\/05\/leba-strand-1030x686.jpg 1030w, https:\/\/www.tuicamper.com\/wp-docker\/wp-content\/uploads\/2019\/05\/leba-strand-300x200.jpg 300w, https:\/\/www.tuicamper.com\/wp-docker\/wp-content\/uploads\/2019\/05\/leba-strand-768x512.jpg 768w, https:\/\/www.tuicamper.com\/wp-docker\/wp-content\/uploads\/2019\/05\/leba-strand-705x470.jpg 705w, https:\/\/www.tuicamper.com\/wp-docker\/wp-content\/uploads\/2019\/05\/leba-strand-450x300.jpg 450w, https:\/\/www.tuicamper.com\/wp-docker\/wp-content\/uploads\/2019\/05\/leba-strand.jpg 1280w\" data-sizes=\"(max-width: 1030px) 100vw, 1030px\" class='avia_image '  aria-label='Strand von Leba'><div class=\"av-image-caption-overlay\"><div class=\"av-caption-image-overlay-bg\"><\/div><div class=\"av-image-caption-overlay-position\"><div class=\"av-image-caption-overlay-center\"><p>Strand von Leba<\/p>\n<\/div><\/div><\/div><img decoding=\"async\" fetchpriority=\"high\" class='wp-image-2480 avia-img-lazy-loading-not-2480 avia_image ' src=\"https:\/\/www.tuicamper.com\/wp-docker\/wp-content\/uploads\/2019\/05\/leba-strand-1280x630.jpg\" alt='Strand von Leba' title='Strand von Leba'  height=\"630\" width=\"1280\"  itemprop=\"thumbnailUrl\"  \/><\/a><\/div><\/div><\/div>\n\n<\/div><\/div><\/div><!-- close content main div --><\/div><\/div><div id='av_section_12'  class='avia-section av-jt5vrdgv-4386718e65b314e69682ca60ae604601 main_color avia-section-default avia-no-border-styling  avia-builder-el-29  el_after_av_section  el_before_av_section  reduced-content avia-bg-style-scroll container_wrap sidebar_right'  ><div class='container av-section-cont-open' ><div class='template-page content  av-content-small alpha units'><div class='post-entry post-entry-type-page post-entry-1977'><div class='entry-content-wrapper clearfix'>\n\n<style type=\"text\/css\" data-created_by=\"avia_inline_auto\" id=\"style-css-av-1g5aou-6e8505d9de1136ce38f66b0d0e5d2a36\">\n.flex_column.av-1g5aou-6e8505d9de1136ce38f66b0d0e5d2a36{\nborder-radius:0px 0px 0px 0px;\npadding:0px 0px 0px 0px;\n}\n<\/style>\n<div  class='flex_column av-1g5aou-6e8505d9de1136ce38f66b0d0e5d2a36 av_one_full  avia-builder-el-30  avia-builder-el-no-sibling  first flex_column_div av-zero-column-padding  '     ><section  class='av_textblock_section av-jt5tjyk0-1e04ddf86ca9bd8201b4b17bbb4a6491 '   itemscope=\"itemscope\" itemtype=\"https:\/\/schema.org\/BlogPosting\" itemprop=\"blogPost\" ><div class='avia_textblock'  itemprop=\"text\" ><h2>6.) Slowinzischer Nationalpark: facettenreiche Naturlandschaft<\/h2>\n<p>Obwohl der vor den Toren Lebas gelegene\u00a0<a href=\"https:\/\/slowinskipn.pl\/de\/\" target=\"_blank\" rel=\"noopener\">Slowinzische Nationalpark<\/a>\u00a0(oder Slowinski Nationalpark) verh\u00e4ltnism\u00e4\u00dfig klein ist, bietet er eine Vielfalt an unterschiedlichen Naturr\u00e4umen, die Naturliebhaber strahlen l\u00e4sst. Idyllische K\u00fcstenabschnitte mit traumhaften Str\u00e4nden und \u00fcppige W\u00e4lder mit dichter Vegetation wollen hier ebenso erkundet werden wie ein gro\u00dfer K\u00fcstensee und beschauliche Flussabschnitte. Nicht umsonst z\u00e4hlt die UNESCO den Park zum Weltreservat der Biosph\u00e4re.<br \/>\n<strong>Tipp<\/strong>: Wer sich f\u00fcr die Kultur der namensgebenden Slowinzen und Kaschuben interessiert, sollte dem im Nationalpark gelegenen Dorfmuseum Kluki einen Besuch abstatten.<\/p>\n<\/div><\/section><\/div>\n\n<\/div><\/div><\/div><!-- close content main div --><\/div><\/div><div id='av_section_13'  class='avia-section av-jt5vrdgv-4386718e65b314e69682ca60ae604601 main_color avia-section-default avia-no-border-styling  avia-builder-el-32  el_after_av_section  el_before_av_section  reduced-content avia-bg-style-scroll container_wrap sidebar_right'  ><div class='container av-section-cont-open' ><div class='template-page content  av-content-small alpha units'><div class='post-entry post-entry-type-page post-entry-1977'><div class='entry-content-wrapper clearfix'>\n\n<style type=\"text\/css\" data-created_by=\"avia_inline_auto\" id=\"style-css-av-1g5aou-6e8505d9de1136ce38f66b0d0e5d2a36\">\n.flex_column.av-1g5aou-6e8505d9de1136ce38f66b0d0e5d2a36{\nborder-radius:0px 0px 0px 0px;\npadding:0px 0px 0px 0px;\n}\n<\/style>\n<div  class='flex_column av-1g5aou-6e8505d9de1136ce38f66b0d0e5d2a36 av_one_full  avia-builder-el-33  avia-builder-el-no-sibling  first flex_column_div av-zero-column-padding  '     ><section  class='av_textblock_section av-jt5tjyk0-1e04ddf86ca9bd8201b4b17bbb4a6491 '   itemscope=\"itemscope\" itemtype=\"https:\/\/schema.org\/BlogPosting\" itemprop=\"blogPost\" ><div class='avia_textblock'  itemprop=\"text\" ><h2>7.) Die Wanderd\u00fcnen vor Leba \u2013 Willkommen in der polnischen W\u00fcste<\/h2>\n<p>Teil des Slowinzischen Nationalparks ist ein Naturspektakel der besonderen Art. Mit der Lontzked\u00fcne befindet sich hier eine der gr\u00f6\u00dften Wanderd\u00fcnen Europas. Die f\u00fcr Besucher zug\u00e4ngliche D\u00fcne w\u00e4lzt sich j\u00e4hrlich um stolze 12 Meter nach Osten, ist bis zu 42 Meter hoch, 1.300 Meter lang und umfasst eine Breite von 500 Metern. Wie die D\u00fcne die B\u00e4ume des angrenzenden Waldes sukzessive unter sich begr\u00e4bt ist ein bizarrer \u2013 man m\u00f6chte fast sagen melancholischer \u2013 Anblick, der noch lange im Ged\u00e4chtnis bleiben wird. Tipp: Vor der D\u00fcne finden Sie einen sch\u00f6nen, muschelreichen Sandstrand, der \u2013 im Gegensatz zu den Str\u00e4nden Lebas \u2013 nur von wenigen Badeg\u00e4sten besucht wird.<\/p>\n<\/div><\/section><\/div>\n\n<\/div><\/div><\/div><!-- close content main div --><\/div><\/div><div id='av_section_14'  class='avia-section av-b7gvl-1eb57de5f7b7a94c40602e8cf977ebb0 main_color avia-section-default avia-no-border-styling  avia-builder-el-35  el_after_av_section  el_before_av_section  reduced-content avia-bg-style-scroll container_wrap sidebar_right'  ><div class='container av-section-cont-open' ><div class='template-page content  av-content-small alpha units'><div class='post-entry post-entry-type-page post-entry-1977'><div class='entry-content-wrapper clearfix'>\n\n<style type=\"text\/css\" data-created_by=\"avia_inline_auto\" id=\"style-css-av-jtplvt5k-aedce96ec9ea7dbf2f93a56f122cb2e6\">\n.avia-image-container.av-jtplvt5k-aedce96ec9ea7dbf2f93a56f122cb2e6 img.avia_image{\nbox-shadow:none;\n}\n.avia-image-container.av-jtplvt5k-aedce96ec9ea7dbf2f93a56f122cb2e6 .av-caption-image-overlay-bg{\nopacity:0.4;\nbackground-color:#000000;\n}\n.avia-image-container.av-jtplvt5k-aedce96ec9ea7dbf2f93a56f122cb2e6 .av-image-caption-overlay-center{\ncolor:#ffffff;\n}\n<\/style>\n<div  class='avia-image-container av-jtplvt5k-aedce96ec9ea7dbf2f93a56f122cb2e6 av-styling- av-img-linked avia_animated_image av-animated-when-visible-95 fade-in avia-align-center  avia-builder-el-36  avia-builder-el-no-sibling  noHover av-overlay-on-hover'   itemprop=\"image\" itemscope=\"itemscope\" itemtype=\"https:\/\/schema.org\/ImageObject\" ><div class=\"avia-image-container-inner\"><div class=\"avia-image-overlay-wrap\"><a href=\"https:\/\/www.tuicamper.com\/wp-docker\/wp-content\/uploads\/2019\/05\/slowinski-national-park-1030x686.jpg\" data-srcset=\"https:\/\/www.tuicamper.com\/wp-docker\/wp-content\/uploads\/2019\/05\/slowinski-national-park-1030x686.jpg 1030w, https:\/\/www.tuicamper.com\/wp-docker\/wp-content\/uploads\/2019\/05\/slowinski-national-park-300x200.jpg 300w, https:\/\/www.tuicamper.com\/wp-docker\/wp-content\/uploads\/2019\/05\/slowinski-national-park-768x512.jpg 768w, https:\/\/www.tuicamper.com\/wp-docker\/wp-content\/uploads\/2019\/05\/slowinski-national-park-705x470.jpg 705w, https:\/\/www.tuicamper.com\/wp-docker\/wp-content\/uploads\/2019\/05\/slowinski-national-park-450x300.jpg 450w, https:\/\/www.tuicamper.com\/wp-docker\/wp-content\/uploads\/2019\/05\/slowinski-national-park.jpg 1280w\" data-sizes=\"(max-width: 1030px) 100vw, 1030px\" class='avia_image '  aria-label='Wanderd\u00fcne vor Leba'><div class=\"av-image-caption-overlay\"><div class=\"av-caption-image-overlay-bg\"><\/div><div class=\"av-image-caption-overlay-position\"><div class=\"av-image-caption-overlay-center\"><p>Wanderd\u00fcne vor Leba<\/p>\n<\/div><\/div><\/div><img decoding=\"async\" fetchpriority=\"high\" class='wp-image-2481 avia-img-lazy-loading-not-2481 avia_image ' src=\"https:\/\/www.tuicamper.com\/wp-docker\/wp-content\/uploads\/2019\/05\/slowinski-national-park-1280x630.jpg\" alt='Wanderd\u00fcne vor Leba' title='Wanderd\u00fcne vor Leba'  height=\"630\" width=\"1280\"  itemprop=\"thumbnailUrl\"  \/><\/a><\/div><\/div><\/div>\n\n<\/div><\/div><\/div><!-- close content main div --><\/div><\/div><div id='av_section_15'  class='avia-section av-jt5vrdgv-4386718e65b314e69682ca60ae604601 main_color avia-section-default avia-no-border-styling  avia-builder-el-37  el_after_av_section  el_before_av_textblock  reduced-content avia-bg-style-scroll container_wrap sidebar_right'  ><div class='container av-section-cont-open' ><div class='template-page content  av-content-small alpha units'><div class='post-entry post-entry-type-page post-entry-1977'><div class='entry-content-wrapper clearfix'>\n\n<style type=\"text\/css\" data-created_by=\"avia_inline_auto\" id=\"style-css-av-1g5aou-6e8505d9de1136ce38f66b0d0e5d2a36\">\n.flex_column.av-1g5aou-6e8505d9de1136ce38f66b0d0e5d2a36{\nborder-radius:0px 0px 0px 0px;\npadding:0px 0px 0px 0px;\n}\n<\/style>\n<div  class='flex_column av-1g5aou-6e8505d9de1136ce38f66b0d0e5d2a36 av_one_full  avia-builder-el-38  avia-builder-el-no-sibling  first flex_column_div av-zero-column-padding  '     ><section  class='av_textblock_section av-jt5tjyk0-1e04ddf86ca9bd8201b4b17bbb4a6491 '   itemscope=\"itemscope\" itemtype=\"https:\/\/schema.org\/BlogPosting\" itemprop=\"blogPost\" ><div class='avia_textblock'  itemprop=\"text\" ><h2>8.) Krakau: die Stadt der K\u00f6nige<\/h2>\n<p>Die Geschichte der jahrtausendealten polnischen Stadt Krakau wird in der Altstadt lebendig. Hier befinden sich unz\u00e4hlige Sehensw\u00fcrdigkeiten, darunter die ber\u00fchmten Krakauer Tuchhallen.<br \/>\n<b>Tipp<\/b>: Den wohl besten Blick auf die Krakauer Altstadt haben Sie vom Wawel aus. Die Burganlage, in der einst die K\u00f6nige Polens residierten, geh\u00f6rt zu den Hotspots Krakaus.<\/p>\n<\/div><\/section><\/div>\n<\/div><\/div><\/div><!-- close content main div --><\/div><\/div><div id='after_section_15'  class='main_color av_default_container_wrap container_wrap sidebar_right'  ><div class='container av-section-cont-open' ><div class='template-page content  av-content-small alpha units'><div class='post-entry post-entry-type-page post-entry-1977'><div class='entry-content-wrapper clearfix'>\n<section  class='av_textblock_section av-jtpqpty6-550c066a997ebaf648fccc87d0b9ff16 '   itemscope=\"itemscope\" itemtype=\"https:\/\/schema.org\/BlogPosting\" itemprop=\"blogPost\" ><div class='avia_textblock'  itemprop=\"text\" >\r\n<div style=\"clear: both;\"><\/div>\r\n<div class=\"post-breaker-item breaker-type-default\">\r\n    <div class=\"post-breaker-item-inner\">\r\n                    \n<style type=\"text\/css\" data-created_by=\"avia_inline_auto\" id=\"style-css-av-jtpksizx-4b352f2a2752c01e58a4c67632af1aa6\">\n#top .av_textblock_section.av-jtpksizx-4b352f2a2752c01e58a4c67632af1aa6 .avia_textblock{\nfont-size:28px;\n}\n<\/style>\n<section  class='av_textblock_section av-jtpksizx-4b352f2a2752c01e58a4c67632af1aa6 '   itemscope=\"itemscope\" itemtype=\"https:\/\/schema.org\/BlogPosting\" itemprop=\"blogPost\" ><div class='avia_textblock'  itemprop=\"text\" ><p><strong>\u2013 Lesen Sie auch \u2013<\/strong><\/p>\n<\/div><\/section>\n\n<style type=\"text\/css\" data-created_by=\"avia_inline_auto\" id=\"style-css-av-mjaz5-4a5e7a4612d820311f0a023801221c9c\">\n.flex_column.av-mjaz5-4a5e7a4612d820311f0a023801221c9c{\nborder-radius:0px 0px 0px 0px;\npadding:0px 0px 0px 0px;\n}\n<\/style>\n<div  class='flex_column av-mjaz5-4a5e7a4612d820311f0a023801221c9c av_one_third first flex_column_div av-zero-column-padding  '     ><p>\n<style type=\"text\/css\" data-created_by=\"avia_inline_auto\" id=\"style-css-av-jt75ko0n-cf37ea3a1473af54355b8458b69302fc\">\n.avia-image-container.av-jt75ko0n-cf37ea3a1473af54355b8458b69302fc img.avia_image{\nbox-shadow:none;\n}\n.avia-image-container.av-jt75ko0n-cf37ea3a1473af54355b8458b69302fc .av-image-caption-overlay-center{\ncolor:#ffffff;\n}\n<\/style>\n<div  class='avia-image-container av-jt75ko0n-cf37ea3a1473af54355b8458b69302fc av-styling-no-styling av-hover-grow av-hide-overflow av-img-linked avia_animated_image av-animated-when-visible-95 fade-in avia-align-left'   itemprop=\"image\" itemscope=\"itemscope\" itemtype=\"https:\/\/schema.org\/ImageObject\" ><div class=\"avia-image-container-inner\"><div class=\"avia-image-overlay-wrap\"><a href=\"https:\/\/www.tuicamper.com\/magazin\/masurische-seenplatte\/\" class='avia_image '  aria-label='Masurische Seenplatte'><img decoding=\"async\" fetchpriority=\"high\" class='wp-image-1522 avia-img-lazy-loading-not-1522 avia_image ' src=\"https:\/\/www.tuicamper.com\/wp-docker\/wp-content\/uploads\/2019\/04\/masuren-teaser.jpg\" alt='Masurische Seenplatte' title='Masurische Seenplatte'  height=\"200\" width=\"350\"  itemprop=\"thumbnailUrl\" srcset=\"https:\/\/www.tuicamper.com\/wp-docker\/wp-content\/uploads\/2019\/04\/masuren-teaser.jpg 350w, https:\/\/www.tuicamper.com\/wp-docker\/wp-content\/uploads\/2019\/04\/masuren-teaser-300x171.jpg 300w\" sizes=\"(max-width: 350px) 100vw, 350px\" \/><\/a><\/div><\/div><\/div><br \/>\n<section  class='av_textblock_section av-jt75lbqb-bba29013bb6610b0762c56b6a5ae7819 '   itemscope=\"itemscope\" itemtype=\"https:\/\/schema.org\/BlogPosting\" itemprop=\"blogPost\" ><div class='avia_textblock'  itemprop=\"text\" ><p style=\"text-align: left;\"><a href=\"https:\/\/www.tuicamper.com\/magazin\/masurische-seenplatte\/\"><strong>Masuren Urlaub \u2013 Mit dem Camper an die Masurische Seenplatte<\/strong><\/a><\/p>\n<\/div><\/section><\/p><\/div>\n<style type=\"text\/css\" data-created_by=\"avia_inline_auto\" id=\"style-css-av-ehyb5-8fadcff6392c44a3fc98dc4b014d4246\">\n.flex_column.av-ehyb5-8fadcff6392c44a3fc98dc4b014d4246{\nborder-radius:0px 0px 0px 0px;\npadding:0px 0px 0px 0px;\n}\n<\/style>\n<div  class='flex_column av-ehyb5-8fadcff6392c44a3fc98dc4b014d4246 av_one_third flex_column_div av-zero-column-padding  '     ><p>\n<style type=\"text\/css\" data-created_by=\"avia_inline_auto\" id=\"style-css-av-jt75ko0n-9862c2dcecede4b8f6a89ad529a59770\">\n.avia-image-container.av-jt75ko0n-9862c2dcecede4b8f6a89ad529a59770 img.avia_image{\nbox-shadow:none;\n}\n.avia-image-container.av-jt75ko0n-9862c2dcecede4b8f6a89ad529a59770 .av-image-caption-overlay-center{\ncolor:#ffffff;\n}\n<\/style>\n<div  class='avia-image-container av-jt75ko0n-9862c2dcecede4b8f6a89ad529a59770 av-styling-no-styling av-hover-grow av-hide-overflow av-img-linked avia_animated_image av-animated-when-visible-95 fade-in avia-align-left'   itemprop=\"image\" itemscope=\"itemscope\" itemtype=\"https:\/\/schema.org\/ImageObject\" ><div class=\"avia-image-container-inner\"><div class=\"avia-image-overlay-wrap\"><a href=\"https:\/\/www.tuicamper.com\/magazin\/wohnmobil-baltikum\/\" class='avia_image '  aria-label='Wohnmobil Baltikum'><img decoding=\"async\" fetchpriority=\"high\" class='wp-image-1335 avia-img-lazy-loading-not-1335 avia_image ' src=\"https:\/\/www.tuicamper.com\/wp-docker\/wp-content\/uploads\/2019\/04\/wohnmobil-baltikum-teaser.jpg\" alt='Wohnmobil Baltikum' title='Wohnmobil Baltikum'  height=\"200\" width=\"350\"  itemprop=\"thumbnailUrl\" srcset=\"https:\/\/www.tuicamper.com\/wp-docker\/wp-content\/uploads\/2019\/04\/wohnmobil-baltikum-teaser.jpg 350w, https:\/\/www.tuicamper.com\/wp-docker\/wp-content\/uploads\/2019\/04\/wohnmobil-baltikum-teaser-300x171.jpg 300w\" sizes=\"(max-width: 350px) 100vw, 350px\" \/><\/a><\/div><\/div><\/div><br \/>\n<section  class='av_textblock_section av-jt75lbqb-bba29013bb6610b0762c56b6a5ae7819 '   itemscope=\"itemscope\" itemtype=\"https:\/\/schema.org\/BlogPosting\" itemprop=\"blogPost\" ><div class='avia_textblock'  itemprop=\"text\" ><p style=\"text-align: left;\"><strong><a href=\"https:\/\/www.tuicamper.com\/magazin\/wohnmobil-baltikum\/\">Baltikum Rundreise mit dem Wohnmobil \u2013 Die 5 sch\u00f6nsten Highlights<\/a><\/strong><\/p>\n<\/div><\/section><\/p><\/div>\n<style type=\"text\/css\" data-created_by=\"avia_inline_auto\" id=\"style-css-av-ehyb5-8fadcff6392c44a3fc98dc4b014d4246\">\n.flex_column.av-ehyb5-8fadcff6392c44a3fc98dc4b014d4246{\nborder-radius:0px 0px 0px 0px;\npadding:0px 0px 0px 0px;\n}\n<\/style>\n<div  class='flex_column av-ehyb5-8fadcff6392c44a3fc98dc4b014d4246 av_one_third flex_column_div av-zero-column-padding  '     ><p>\n<style type=\"text\/css\" data-created_by=\"avia_inline_auto\" id=\"style-css-av-jt75ko0n-b43f370347ad460181b50c8ec8948820\">\n.avia-image-container.av-jt75ko0n-b43f370347ad460181b50c8ec8948820 img.avia_image{\nbox-shadow:none;\n}\n.avia-image-container.av-jt75ko0n-b43f370347ad460181b50c8ec8948820 .av-image-caption-overlay-center{\ncolor:#ffffff;\n}\n<\/style>\n<div  class='avia-image-container av-jt75ko0n-b43f370347ad460181b50c8ec8948820 av-styling-no-styling av-hover-grow av-hide-overflow av-img-linked avia_animated_image av-animated-when-visible-95 fade-in avia-align-left'   itemprop=\"image\" itemscope=\"itemscope\" itemtype=\"https:\/\/schema.org\/ImageObject\" ><div class=\"avia-image-container-inner\"><div class=\"avia-image-overlay-wrap\"><a href=\"https:\/\/www.tuicamper.com\/magazin\/wohnmobil-grundausruestung\/\" class='avia_image '  aria-label='Wohnmobil Grundausstattung'><img decoding=\"async\" fetchpriority=\"high\" class='wp-image-499 avia-img-lazy-loading-not-499 avia_image ' src=\"https:\/\/www.tuicamper.com\/wp-docker\/wp-content\/uploads\/2019\/03\/wohnmobil-grundausruestung-teaser.jpg\" alt='Wohnmobil Grundausstattung' title='Wohnmobil Grundausstattung'  height=\"200\" width=\"350\"  itemprop=\"thumbnailUrl\" srcset=\"https:\/\/www.tuicamper.com\/wp-docker\/wp-content\/uploads\/2019\/03\/wohnmobil-grundausruestung-teaser.jpg 350w, https:\/\/www.tuicamper.com\/wp-docker\/wp-content\/uploads\/2019\/03\/wohnmobil-grundausruestung-teaser-300x171.jpg 300w\" sizes=\"(max-width: 350px) 100vw, 350px\" \/><\/a><\/div><\/div><\/div><br \/>\n<section  class='av_textblock_section av-jt75lbqb-bba29013bb6610b0762c56b6a5ae7819 '   itemscope=\"itemscope\" itemtype=\"https:\/\/schema.org\/BlogPosting\" itemprop=\"blogPost\" ><div class='avia_textblock'  itemprop=\"text\" ><p style=\"text-align: left;\"><strong><a href=\"https:\/\/www.tuicamper.com\/magazin\/wohnmobil-grundausruestung\/\">Wohnmobil Grundausstattung \u2013 Das beste Zubeh\u00f6r &amp; n\u00fctzliche Gadgets<\/a><\/strong><\/p>\n<\/div><\/section><\/p><\/div><\/p>\n            <div style=\"clear: both;\"><\/div>\r\n            <\/div>\r\n<\/div>\r\n\n<\/div><\/section>\n<\/div><\/div><\/div><!-- close content main div --><\/div><\/div><div id='av_section_16'  class='avia-section av-jt5vrdgv-4386718e65b314e69682ca60ae604601 main_color avia-section-default avia-no-border-styling  avia-builder-el-41  el_after_av_textblock  el_before_av_section  reduced-content avia-bg-style-scroll container_wrap sidebar_right'  ><div class='container av-section-cont-open' ><div class='template-page content  av-content-small alpha units'><div class='post-entry post-entry-type-page post-entry-1977'><div class='entry-content-wrapper clearfix'>\n\n<style type=\"text\/css\" data-created_by=\"avia_inline_auto\" id=\"style-css-av-1g5aou-6e8505d9de1136ce38f66b0d0e5d2a36\">\n.flex_column.av-1g5aou-6e8505d9de1136ce38f66b0d0e5d2a36{\nborder-radius:0px 0px 0px 0px;\npadding:0px 0px 0px 0px;\n}\n<\/style>\n<div  class='flex_column av-1g5aou-6e8505d9de1136ce38f66b0d0e5d2a36 av_one_full  avia-builder-el-42  avia-builder-el-no-sibling  first flex_column_div av-zero-column-padding  '     ><section  class='av_textblock_section av-jt5tjyk0-1e04ddf86ca9bd8201b4b17bbb4a6491 '   itemscope=\"itemscope\" itemtype=\"https:\/\/schema.org\/BlogPosting\" itemprop=\"blogPost\" ><div class='avia_textblock'  itemprop=\"text\" ><h2>9.) Ein echtes Juwel: das Salzbergwerk Wieliczka<\/h2>\n<p>Nur wenige Kilometer vor der Krakauer Stadtgrenze liegt das Salzbergwerk Wieliczka \u2013 eines der unbestrittenen H\u00f6hepunkte der Region. Das seit 1978 zum UNESCO Weltkulturerbe z\u00e4hlende ehemalige Salzbergwerk z\u00e4hlt nicht nur zu den \u00e4ltesten Salzbergwerken der Welt, es gilt auch als eines der touristisch am besten erschlossensten. Die Perle der Mine: die Heilige Kinga Kapelle, die mehr als 100 Meter unter Tage liegt und durch ihre atemberaubenden Salz-Reliefs besticht.<\/p>\n<\/div><\/section><\/div>\n\n<\/div><\/div><\/div><!-- close content main div --><\/div><\/div><div id='av_section_17'  class='avia-section av-b7gvl-1eb57de5f7b7a94c40602e8cf977ebb0 main_color avia-section-default avia-no-border-styling  avia-builder-el-44  el_after_av_section  el_before_av_section  reduced-content avia-bg-style-scroll container_wrap sidebar_right'  ><div class='container av-section-cont-open' ><div class='template-page content  av-content-small alpha units'><div class='post-entry post-entry-type-page post-entry-1977'><div class='entry-content-wrapper clearfix'>\n\n<style type=\"text\/css\" data-created_by=\"avia_inline_auto\" id=\"style-css-av-jtplvt5k-ab65a8511788d0c12071683bb2933f5e\">\n.avia-image-container.av-jtplvt5k-ab65a8511788d0c12071683bb2933f5e img.avia_image{\nbox-shadow:none;\n}\n.avia-image-container.av-jtplvt5k-ab65a8511788d0c12071683bb2933f5e .av-caption-image-overlay-bg{\nopacity:0.4;\nbackground-color:#000000;\n}\n.avia-image-container.av-jtplvt5k-ab65a8511788d0c12071683bb2933f5e .av-image-caption-overlay-center{\ncolor:#ffffff;\n}\n<\/style>\n<div  class='avia-image-container av-jtplvt5k-ab65a8511788d0c12071683bb2933f5e av-styling- av-img-linked avia_animated_image av-animated-when-visible-95 fade-in avia-align-center  avia-builder-el-45  avia-builder-el-no-sibling  noHover av-overlay-on-hover'   itemprop=\"image\" itemscope=\"itemscope\" itemtype=\"https:\/\/schema.org\/ImageObject\" ><div class=\"avia-image-container-inner\"><div class=\"avia-image-overlay-wrap\"><a href=\"https:\/\/www.tuicamper.com\/wp-docker\/wp-content\/uploads\/2019\/05\/wieliczka-mine-1030x691.jpg\" data-srcset=\"https:\/\/www.tuicamper.com\/wp-docker\/wp-content\/uploads\/2019\/05\/wieliczka-mine-1030x691.jpg 1030w, https:\/\/www.tuicamper.com\/wp-docker\/wp-content\/uploads\/2019\/05\/wieliczka-mine-300x201.jpg 300w, https:\/\/www.tuicamper.com\/wp-docker\/wp-content\/uploads\/2019\/05\/wieliczka-mine-768x515.jpg 768w, https:\/\/www.tuicamper.com\/wp-docker\/wp-content\/uploads\/2019\/05\/wieliczka-mine-705x473.jpg 705w, https:\/\/www.tuicamper.com\/wp-docker\/wp-content\/uploads\/2019\/05\/wieliczka-mine-450x302.jpg 450w, https:\/\/www.tuicamper.com\/wp-docker\/wp-content\/uploads\/2019\/05\/wieliczka-mine.jpg 1280w\" data-sizes=\"(max-width: 1030px) 100vw, 1030px\" class='avia_image '  aria-label='Salzbergwerk, Wieliczka-Mine'><div class=\"av-image-caption-overlay\"><div class=\"av-caption-image-overlay-bg\"><\/div><div class=\"av-image-caption-overlay-position\"><div class=\"av-image-caption-overlay-center\"><p>Salzbergwerk, Wieliczka-Mine<\/p>\n<\/div><\/div><\/div><img decoding=\"async\" fetchpriority=\"high\" class='wp-image-2482 avia-img-lazy-loading-not-2482 avia_image ' src=\"https:\/\/www.tuicamper.com\/wp-docker\/wp-content\/uploads\/2019\/05\/wieliczka-mine-1280x630.jpg\" alt='Salzbergwerk, Wieliczka-Mine' title='Salzbergwerk, Wieliczka-Mine'  height=\"630\" width=\"1280\"  itemprop=\"thumbnailUrl\"  \/><\/a><\/div><\/div><\/div>\n\n<\/div><\/div><\/div><!-- close content main div --><\/div><\/div><div id='av_section_18'  class='avia-section av-jt5vrdgv-4386718e65b314e69682ca60ae604601 main_color avia-section-default avia-no-border-styling  avia-builder-el-46  el_after_av_section  el_before_av_section  reduced-content avia-bg-style-scroll container_wrap sidebar_right'  ><div class='container av-section-cont-open' ><div class='template-page content  av-content-small alpha units'><div class='post-entry post-entry-type-page post-entry-1977'><div class='entry-content-wrapper clearfix'>\n\n<style type=\"text\/css\" data-created_by=\"avia_inline_auto\" id=\"style-css-av-1g5aou-6e8505d9de1136ce38f66b0d0e5d2a36\">\n.flex_column.av-1g5aou-6e8505d9de1136ce38f66b0d0e5d2a36{\nborder-radius:0px 0px 0px 0px;\npadding:0px 0px 0px 0px;\n}\n<\/style>\n<div  class='flex_column av-1g5aou-6e8505d9de1136ce38f66b0d0e5d2a36 av_one_full  avia-builder-el-47  avia-builder-el-no-sibling  first flex_column_div av-zero-column-padding  '     ><section  class='av_textblock_section av-jt5tjyk0-1e04ddf86ca9bd8201b4b17bbb4a6491 '   itemscope=\"itemscope\" itemtype=\"https:\/\/schema.org\/BlogPosting\" itemprop=\"blogPost\" ><div class='avia_textblock'  itemprop=\"text\" ><h2>10.) Natur pur erleben \u2013 in einem der letzten Urw\u00e4lder Europas<\/h2>\n<p>Die einst riesigen europ\u00e4ischen Urwaldgebiete sind auf ein Minimum zusammengeschrumpft. Einer der letzten verbliebenen Urw\u00e4lder liegt in Polen, genauer gesagt an der polnisch-wei\u00dfrussischen Grenze: der Bia\u0142owie\u017ca-Urwald. Mehr als 12.000 Tierarten bev\u00f6lkern dieses Naturparadies, darunter auch der majest\u00e4tische Bison (Wisent).<\/p>\n<\/div><\/section><\/div>\n\n<\/div><\/div><\/div><!-- close content main div --><\/div><\/div><div id='av_section_19'  class='avia-section av-jt5vrdgv-4386718e65b314e69682ca60ae604601 main_color avia-section-default avia-no-border-styling  avia-builder-el-49  el_after_av_section  avia-builder-el-last  reduced-content avia-bg-style-scroll container_wrap sidebar_right'  ><div class='container av-section-cont-open' ><div class='template-page content  av-content-small alpha units'><div class='post-entry post-entry-type-page post-entry-1977'><div class='entry-content-wrapper clearfix'>\n<div  class='avia-button-wrap av-ju2eusip-716f7f9484eb2776d3c69bb391e889d8-wrap avia-button-center  avia-builder-el-50  el_before_av_one_full  avia-builder-el-first '><a href='https:\/\/www.tuicamper.com\/reiseziele\/europa\/polen\/'  class='avia-button av-ju2eusip-716f7f9484eb2776d3c69bb391e889d8 av-link-btn avia-icon_select-yes-right-icon avia-size-large avia-position-center avia-color-theme-color'   aria-label=\"Jetzt Wohnmobil mieten f\u00fcr Polen\"><span class='avia_iconbox_title' >Jetzt Wohnmobil mieten f\u00fcr Polen<\/span><span class='avia_button_icon avia_button_icon_right avia-iconfont avia-font-entypo-fontello' data-av_icon='\ue875' data-av_iconfont='entypo-fontello' ><\/span><\/a><\/div>\n\n<style type=\"text\/css\" data-created_by=\"avia_inline_auto\" id=\"style-css-av-1g5aou-6e8505d9de1136ce38f66b0d0e5d2a36\">\n.flex_column.av-1g5aou-6e8505d9de1136ce38f66b0d0e5d2a36{\nborder-radius:0px 0px 0px 0px;\npadding:0px 0px 0px 0px;\n}\n<\/style>\n<div  class='flex_column av-1g5aou-6e8505d9de1136ce38f66b0d0e5d2a36 av_one_full  avia-builder-el-51  el_after_av_button  el_before_av_social_share  first flex_column_div av-zero-column-padding  '     ><style type=\"text\/css\" data-created_by=\"avia_inline_auto\" id=\"style-css-av-jt5tjyk0-26a28d0242835cbba60d70517a13c769\">\n#top .av_textblock_section.av-jt5tjyk0-26a28d0242835cbba60d70517a13c769 .avia_textblock{\nfont-size:28px;\n}\n<\/style>\n<section  class='av_textblock_section av-jt5tjyk0-26a28d0242835cbba60d70517a13c769 '   itemscope=\"itemscope\" itemtype=\"https:\/\/schema.org\/BlogPosting\" itemprop=\"blogPost\" ><div class='avia_textblock'  itemprop=\"text\" ><p><strong>Ihr TUI CAMPER-Team w\u00fcnscht Ihnen eine h\u00f6hepunktreiche Camper-Tour durch Polen!<\/strong><\/p>\n<\/div><\/section><\/div><div  class='av-social-sharing-box av-10zg8-8676a2d54b4a15bbf6c39a1c18f0815b av-social-sharing-box-default  avia-builder-el-53  el_after_av_one_full  avia-builder-el-last  av-social-sharing-box-fullwidth'><div class=\"av-share-box\"><ul class=\"av-share-box-list noLightbox\"><li class='av-share-link av-social-link-facebook avia_social_iconfont' ><a target=\"_blank\" aria-label=\"Teilen auf Facebook\" href='https:\/\/www.facebook.com\/sharer.php?u=https:\/\/www.tuicamper.com\/magazin\/wohnmobil-polen\/&#038;t=Mit%20dem%20Wohnmobil%20durch%20Polen%20%E2%80%93%2010%20Highlights%20f%C3%BCr%20eine%20Camper-Reise' data-av_icon='\ue8f3' data-av_iconfont='entypo-fontello'  title='' data-avia-related-tooltip='Teilen auf Facebook'><span class='avia_hidden_link_text'>Teilen auf Facebook<\/span><\/a><\/li><li class='av-share-link av-social-link-twitter avia_social_iconfont' ><a target=\"_blank\" aria-label=\"Teilen auf X\" href='https:\/\/twitter.com\/share?text=Mit%20dem%20Wohnmobil%20durch%20Polen%20%E2%80%93%2010%20Highlights%20f%C3%BCr%20eine%20Camper-Reise&#038;url=https:\/\/www.tuicamper.com\/magazin\/wohnmobil-polen\/' data-av_icon='\ue932' data-av_iconfont='entypo-fontello'  title='' data-avia-related-tooltip='Teilen auf X'><span class='avia_hidden_link_text'>Teilen auf X<\/span><\/a><\/li><li class='av-share-link av-social-link-whatsapp avia_social_iconfont' ><a target=\"_blank\" aria-label=\"Teilen auf WhatsApp\" href='https:\/\/api.whatsapp.com\/send?text=https:\/\/www.tuicamper.com\/magazin\/wohnmobil-polen\/' data-av_icon='\uf232' data-av_iconfont='entypo-fontello'  title='' data-avia-related-tooltip='Teilen auf WhatsApp'><span class='avia_hidden_link_text'>Teilen auf WhatsApp<\/span><\/a><\/li><li class='av-share-link av-social-link-pinterest avia_social_iconfont' ><a target=\"_blank\" aria-label=\"Teilen auf Pinterest\" href='https:\/\/pinterest.com\/pin\/create\/button\/?url=https%3A%2F%2Fwww.tuicamper.com%2Fmagazin%2Fwohnmobil-polen%2F&#038;description=Mit%20dem%20Wohnmobil%20durch%20Polen%20%E2%80%93%2010%20Highlights%20f%C3%BCr%20eine%20Camper-Reise&#038;media=https%3A%2F%2Fwww.tuicamper.com%2Fwp-docker%2Fwp-content%2Fuploads%2F2019%2F05%2Fwohnmobil-polen-705x269.jpg' data-av_icon='\ue8f8' data-av_iconfont='entypo-fontello'  title='' data-avia-related-tooltip='Teilen auf Pinterest'><span class='avia_hidden_link_text'>Teilen auf Pinterest<\/span><\/a><\/li><li class='av-share-link av-social-link-mail avia_social_iconfont' ><a  aria-label=\"Per E-Mail teilen\" href='mailto:?subject=Mit%20dem%20Wohnmobil%20durch%20Polen%20%E2%80%93%2010%20Highlights%20f%C3%BCr%20eine%20Camper-Reise&#038;body=https:\/\/www.tuicamper.com\/magazin\/wohnmobil-polen\/' data-av_icon='\ue805' data-av_iconfont='entypo-fontello'  title='' data-avia-related-tooltip='Per E-Mail teilen'><span class='avia_hidden_link_text'>Per E-Mail teilen<\/span><\/a><\/li><\/ul><\/div><\/div>\n<\/div><\/div><\/div><!-- close content main div --><\/div><\/div><div id='after_section_19'  class='main_color av_default_container_wrap container_wrap sidebar_right'  ><div class='container av-section-cont-open' ><div class='template-page content  av-content-small alpha units'><div class='post-entry post-entry-type-page post-entry-1977'><div class='entry-content-wrapper clearfix'>\n","protected":false},"excerpt":{"rendered":"<p>Kulturelle H\u00f6hepunkte und einer der letzten Urw\u00e4lder Europas. Lesen Sie hier, welche 10 Highlights Sie auf Ihrem Camper-Trip durch Polen nicht verpassen d\u00fcrfen.<\/p>\n","protected":false},"author":3,"featured_media":2478,"comment_status":"open","ping_status":"open","sticky":false,"template":"","format":"standard","meta":{"footnotes":""},"categories":[8],"tags":[50,23,54],"class_list":["post-1977","post","type-post","status-publish","format-standard","has-post-thumbnail","hentry","category-reiselaender","tag-natur","tag-polen","tag-staedte"],"yoast_head":"<!-- This site is optimized with the Yoast SEO plugin v27.4 - https:\/\/yoast.com\/product\/yoast-seo-wordpress\/ -->\n<title>Mit dem Wohnmobil durch Polen - 10 Highlights f\u00fcr eine Camper-Reise<\/title>\n<meta name=\"description\" content=\"Kulturelle H\u00f6hepunkte und einer der letzten Urw\u00e4lder Europas. Lesen Sie hier, welche 10 Highlights Sie auf Ihrem Camper-Trip durch Polen nicht verpassen d\u00fcrfen.\" \/>\n<meta name=\"robots\" content=\"index, follow, max-snippet:-1, max-image-preview:large, max-video-preview:-1\" \/>\n<link rel=\"canonical\" href=\"https:\/\/www.tuicamper.com\/magazin\/wohnmobil-polen\/\" \/>\n<meta property=\"og:locale\" content=\"de_DE\" \/>\n<meta property=\"og:type\" content=\"article\" \/>\n<meta property=\"og:title\" content=\"Mit dem Wohnmobil durch Polen - 10 Highlights f\u00fcr eine Camper-Reise\" \/>\n<meta property=\"og:description\" content=\"Kulturelle H\u00f6hepunkte und einer der letzten Urw\u00e4lder Europas. Lesen Sie hier, welche 10 Highlights Sie auf Ihrem Camper-Trip durch Polen nicht verpassen d\u00fcrfen.\" \/>\n<meta property=\"og:url\" content=\"https:\/\/www.tuicamper.com\/magazin\/wohnmobil-polen\/\" \/>\n<meta property=\"og:site_name\" content=\"TUI Camper Magazin\" \/>\n<meta property=\"article:published_time\" content=\"2019-05-02T11:24:51+00:00\" \/>\n<meta property=\"article:modified_time\" content=\"2022-04-26T09:52:12+00:00\" \/>\n<meta property=\"og:image\" content=\"https:\/\/www.tuicamper.com\/wp-docker\/wp-content\/uploads\/2019\/05\/wohnmobil-polen.jpg\" \/>\n\t<meta property=\"og:image:width\" content=\"1310\" \/>\n\t<meta property=\"og:image:height\" content=\"500\" \/>\n\t<meta property=\"og:image:type\" content=\"image\/jpeg\" \/>\n<meta name=\"author\" content=\"S\u00f6ren Cortekar\" \/>\n<meta name=\"twitter:card\" content=\"summary_large_image\" \/>\n<meta name=\"twitter:label1\" content=\"Verfasst von\" \/>\n\t<meta name=\"twitter:data1\" content=\"S\u00f6ren Cortekar\" \/>\n\t<meta name=\"twitter:label2\" content=\"Gesch\u00e4tzte Lesezeit\" \/>\n\t<meta name=\"twitter:data2\" content=\"28\u00a0Minuten\" \/>\n<!-- \/ Yoast SEO plugin. -->","yoast_head_json":{"title":"Mit dem Wohnmobil durch Polen - 10 Highlights f\u00fcr eine Camper-Reise","description":"Kulturelle H\u00f6hepunkte und einer der letzten Urw\u00e4lder Europas. Lesen Sie hier, welche 10 Highlights Sie auf Ihrem Camper-Trip durch Polen nicht verpassen d\u00fcrfen.","robots":{"index":"index","follow":"follow","max-snippet":"max-snippet:-1","max-image-preview":"max-image-preview:large","max-video-preview":"max-video-preview:-1"},"canonical":"https:\/\/www.tuicamper.com\/magazin\/wohnmobil-polen\/","og_locale":"de_DE","og_type":"article","og_title":"Mit dem Wohnmobil durch Polen - 10 Highlights f\u00fcr eine Camper-Reise","og_description":"Kulturelle H\u00f6hepunkte und einer der letzten Urw\u00e4lder Europas. Lesen Sie hier, welche 10 Highlights Sie auf Ihrem Camper-Trip durch Polen nicht verpassen d\u00fcrfen.","og_url":"https:\/\/www.tuicamper.com\/magazin\/wohnmobil-polen\/","og_site_name":"TUI Camper Magazin","article_published_time":"2019-05-02T11:24:51+00:00","article_modified_time":"2022-04-26T09:52:12+00:00","og_image":[{"width":1310,"height":500,"url":"https:\/\/www.tuicamper.com\/wp-docker\/wp-content\/uploads\/2019\/05\/wohnmobil-polen.jpg","type":"image\/jpeg"}],"author":"S\u00f6ren Cortekar","twitter_card":"summary_large_image","twitter_misc":{"Verfasst von":"S\u00f6ren Cortekar","Gesch\u00e4tzte Lesezeit":"28\u00a0Minuten"},"schema":{"@context":"https:\/\/schema.org","@graph":[{"@type":"Article","@id":"https:\/\/www.tuicamper.com\/magazin\/wohnmobil-polen\/#article","isPartOf":{"@id":"https:\/\/www.tuicamper.com\/magazin\/wohnmobil-polen\/"},"author":{"name":"S\u00f6ren Cortekar","@id":"https:\/\/www.tuicamper.com\/wp-docker\/#\/schema\/person\/a9ad15b73e3b6169a6c4a794a58d1ea6"},"headline":"Mit dem Wohnmobil durch Polen &#8211; 10 Highlights f\u00fcr eine Camper-Reise","datePublished":"2019-05-02T11:24:51+00:00","dateModified":"2022-04-26T09:52:12+00:00","mainEntityOfPage":{"@id":"https:\/\/www.tuicamper.com\/magazin\/wohnmobil-polen\/"},"wordCount":4490,"commentCount":0,"image":{"@id":"https:\/\/www.tuicamper.com\/magazin\/wohnmobil-polen\/#primaryimage"},"thumbnailUrl":"https:\/\/www.tuicamper.com\/wp-docker\/wp-content\/uploads\/2019\/05\/wohnmobil-polen.jpg","keywords":["Natur","Polen","St\u00e4dte"],"articleSection":["Reisel\u00e4nder"],"inLanguage":"de","potentialAction":[{"@type":"CommentAction","name":"Comment","target":["https:\/\/www.tuicamper.com\/magazin\/wohnmobil-polen\/#respond"]}]},{"@type":"WebPage","@id":"https:\/\/www.tuicamper.com\/magazin\/wohnmobil-polen\/","url":"https:\/\/www.tuicamper.com\/magazin\/wohnmobil-polen\/","name":"Mit dem Wohnmobil durch Polen - 10 Highlights f\u00fcr eine Camper-Reise","isPartOf":{"@id":"https:\/\/www.tuicamper.com\/#website"},"primaryImageOfPage":{"@id":"https:\/\/www.tuicamper.com\/magazin\/wohnmobil-polen\/#primaryimage"},"image":{"@id":"https:\/\/www.tuicamper.com\/magazin\/wohnmobil-polen\/#primaryimage"},"thumbnailUrl":"https:\/\/www.tuicamper.com\/wp-content\/uploads\/2019\/05\/wohnmobil-polen.jpg","datePublished":"2019-05-02T11:24:51+00:00","dateModified":"2022-04-26T09:52:12+00:00","author":{"@id":"https:\/\/www.tuicamper.com\/#\/schema\/person\/a9ad15b73e3b6169a6c4a794a58d1ea6"},"description":"Kulturelle H\u00f6hepunkte und einer der letzten Urw\u00e4lder Europas. Lesen Sie hier, welche 10 Highlights Sie auf Ihrem Camper-Trip durch Polen nicht verpassen d\u00fcrfen.","breadcrumb":{"@id":"https:\/\/www.tuicamper.com\/magazin\/wohnmobil-polen\/#breadcrumb"},"inLanguage":"de","potentialAction":["Array"]},{"@type":"ImageObject","inLanguage":"de","@id":"https:\/\/www.tuicamper.com\/magazin\/wohnmobil-polen\/#primaryimage","url":"https:\/\/www.tuicamper.com\/wp-docker\/wp-content\/uploads\/2019\/05\/wohnmobil-polen.jpg","contentUrl":"https:\/\/www.tuicamper.com\/wp-docker\/wp-content\/uploads\/2019\/05\/wohnmobil-polen.jpg","width":1310,"height":500,"caption":"Wohnmobil Polen"},{"@type":"BreadcrumbList","@id":"https:\/\/www.tuicamper.com\/magazin\/wohnmobil-polen\/#breadcrumb","itemListElement":[{"@type":"ListItem","position":1,"name":"Startseite","item":"https:\/\/www.tuicamper.com\/wp-docker\/"},{"@type":"ListItem","position":2,"name":"Mit dem Wohnmobil durch Polen &#8211; 10 Highlights f\u00fcr eine Camper-Reise"}]},{"@type":"WebSite","@id":"https:\/\/www.tuicamper.com\/#website","url":"https:\/\/www.tuicamper.com\/","name":"TUI Camper Magazin","description":"","potentialAction":["Array"],"inLanguage":"de"},{"@type":"Person","@id":"https:\/\/www.tuicamper.com\/wp-docker\/#\/schema\/person\/a9ad15b73e3b6169a6c4a794a58d1ea6","name":"S\u00f6ren Cortekar","image":{"@type":"ImageObject","inLanguage":"de","@id":"https:\/\/secure.gravatar.com\/avatar\/399f9c9096d84e9147b61735bfa53689fd2add8aa9c074669869e4c106f7df59?s=96&d=mm&r=g","url":"https:\/\/secure.gravatar.com\/avatar\/399f9c9096d84e9147b61735bfa53689fd2add8aa9c074669869e4c106f7df59?s=96&d=mm&r=g","contentUrl":"https:\/\/secure.gravatar.com\/avatar\/399f9c9096d84e9147b61735bfa53689fd2add8aa9c074669869e4c106f7df59?s=96&d=mm&r=g","caption":"S\u00f6ren Cortekar"},"url":"https:\/\/www.tuicamper.com\/wp-docker\/magazin\/author\/soeren-cortekar\/"}]}},"_links":{"self":[{"href":"https:\/\/www.tuicamper.com\/wp-docker\/wp-json\/wp\/v2\/posts\/1977","targetHints":{"allow":["GET"]}}],"collection":[{"href":"https:\/\/www.tuicamper.com\/wp-docker\/wp-json\/wp\/v2\/posts"}],"about":[{"href":"https:\/\/www.tuicamper.com\/wp-docker\/wp-json\/wp\/v2\/types\/post"}],"author":[{"embeddable":true,"href":"https:\/\/www.tuicamper.com\/wp-docker\/wp-json\/wp\/v2\/users\/3"}],"replies":[{"embeddable":true,"href":"https:\/\/www.tuicamper.com\/wp-docker\/wp-json\/wp\/v2\/comments?post=1977"}],"version-history":[{"count":8,"href":"https:\/\/www.tuicamper.com\/wp-docker\/wp-json\/wp\/v2\/posts\/1977\/revisions"}],"predecessor-version":[{"id":10431,"href":"https:\/\/www.tuicamper.com\/wp-docker\/wp-json\/wp\/v2\/posts\/1977\/revisions\/10431"}],"wp:featuredmedia":[{"embeddable":true,"href":"https:\/\/www.tuicamper.com\/wp-docker\/wp-json\/wp\/v2\/media\/2478"}],"wp:attachment":[{"href":"https:\/\/www.tuicamper.com\/wp-docker\/wp-json\/wp\/v2\/media?parent=1977"}],"wp:term":[{"taxonomy":"category","embeddable":true,"href":"https:\/\/www.tuicamper.com\/wp-docker\/wp-json\/wp\/v2\/categories?post=1977"},{"taxonomy":"post_tag","embeddable":true,"href":"https:\/\/www.tuicamper.com\/wp-docker\/wp-json\/wp\/v2\/tags?post=1977"}],"curies":[{"name":"wp","href":"https:\/\/api.w.org\/{rel}","templated":true}]}}