{"id":1583,"date":"2019-04-23T12:17:02","date_gmt":"2019-04-23T10:17:02","guid":{"rendered":"https:\/\/www.tuicamper.com\/wp-docker\/?p=1583"},"modified":"2019-05-03T11:11:34","modified_gmt":"2019-05-03T09:11:34","slug":"wohnmobil-grundausruestung","status":"publish","type":"post","link":"https:\/\/www.tuicamper.com\/magazin\/wohnmobil-grundausruestung\/","title":{"rendered":"Wohnmobil Grundausstattung: Zubeh\u00f6r und n\u00fctzliche Gadgets"},"content":{"rendered":"<div id='av_section_1'  class='avia-section av-jt5vrdgv-4386718e65b314e69682ca60ae604601 main_color avia-section-default avia-no-border-styling  avia-builder-el-0  el_before_av_textblock  avia-builder-el-first  reduced-content avia-bg-style-scroll container_wrap sidebar_right'  ><div class='container av-section-cont-open' ><main  role=\"main\" itemprop=\"mainContentOfPage\"  class='template-page content  av-content-small alpha units'><div class='post-entry post-entry-type-page post-entry-1583'><div class='entry-content-wrapper clearfix'>\n\n<style type=\"text\/css\" data-created_by=\"avia_inline_auto\" id=\"style-css-av-1g5aou-6e8505d9de1136ce38f66b0d0e5d2a36\">\n.flex_column.av-1g5aou-6e8505d9de1136ce38f66b0d0e5d2a36{\nborder-radius:0px 0px 0px 0px;\npadding:0px 0px 0px 0px;\n}\n<\/style>\n<div  class='flex_column av-1g5aou-6e8505d9de1136ce38f66b0d0e5d2a36 av_one_full  avia-builder-el-1  avia-builder-el-no-sibling  first flex_column_div av-zero-column-padding  '     ><section  class='av_textblock_section av-jt5tjyk0-1e04ddf86ca9bd8201b4b17bbb4a6491 '   itemscope=\"itemscope\" itemtype=\"https:\/\/schema.org\/BlogPosting\" itemprop=\"blogPost\" ><div class='avia_textblock'  itemprop=\"text\" ><p>Vom Erste-Hilfe-Kasten \u00fcber Streichh\u00f6lzer bis hin zum Klebeband: Einige Ausr\u00fcstungsgegenst\u00e4nde geh\u00f6ren im Camping-Urlaub einfach zur Grundausstattung. Auf andere wiederum l\u00e4sst sich strenggenommen verzichten, sie erleichtern das Campingleben aber ungemein. Wir zeigen Ihnen, was zur Grundausr\u00fcstung f\u00fcr den Wohnmobil-Urlaub geh\u00f6rt und stellen Ihnen einige mehr als praktische Camping-Gadgets vor!<\/p>\n<\/div><\/section><\/div>\n<\/div><\/div><\/main><!-- close content main element --><\/div><\/div><div id='after_section_1'  class='main_color av_default_container_wrap container_wrap sidebar_right'  ><div class='container av-section-cont-open' ><div class='template-page content  av-content-small alpha units'><div class='post-entry post-entry-type-page post-entry-1583'><div class='entry-content-wrapper clearfix'>\n<section  class='av_textblock_section av-jtpqpty6-550c066a997ebaf648fccc87d0b9ff16 '   itemscope=\"itemscope\" itemtype=\"https:\/\/schema.org\/BlogPosting\" itemprop=\"blogPost\" ><div class='avia_textblock'  itemprop=\"text\" >\n<\/div><\/section>\n<\/div><\/div><\/div><!-- close content main div --><\/div><\/div><div id='av_section_2'  class='avia-section av-jt5vrdgv-4386718e65b314e69682ca60ae604601 main_color avia-section-default avia-no-border-styling  avia-builder-el-4  el_after_av_textblock  el_before_av_section  reduced-content avia-bg-style-scroll container_wrap sidebar_right'  ><div class='container av-section-cont-open' ><div class='template-page content  av-content-small alpha units'><div class='post-entry post-entry-type-page post-entry-1583'><div class='entry-content-wrapper clearfix'>\n<section  class='av_textblock_section av-jt5tjyk0-1e04ddf86ca9bd8201b4b17bbb4a6491 '   itemscope=\"itemscope\" itemtype=\"https:\/\/schema.org\/BlogPosting\" itemprop=\"blogPost\" ><div class='avia_textblock'  itemprop=\"text\" ><div id=\"js-table-of-contents\">\r\n    <strong>Inhaltsverzeichnis<\/strong>\r\n<\/div>\n<\/div><\/section>\n\n<\/div><\/div><\/div><!-- close content main div --><\/div><\/div><div id='av_section_3'  class='avia-section av-jt5vrdgv-4386718e65b314e69682ca60ae604601 main_color avia-section-default avia-no-border-styling  avia-builder-el-6  el_after_av_section  el_before_av_section  reduced-content avia-bg-style-scroll container_wrap sidebar_right'  ><div class='container av-section-cont-open' ><div class='template-page content  av-content-small alpha units'><div class='post-entry post-entry-type-page post-entry-1583'><div class='entry-content-wrapper clearfix'>\n\n<style type=\"text\/css\" data-created_by=\"avia_inline_auto\" id=\"style-css-av-1g5aou-6e8505d9de1136ce38f66b0d0e5d2a36\">\n.flex_column.av-1g5aou-6e8505d9de1136ce38f66b0d0e5d2a36{\nborder-radius:0px 0px 0px 0px;\npadding:0px 0px 0px 0px;\n}\n<\/style>\n<div  class='flex_column av-1g5aou-6e8505d9de1136ce38f66b0d0e5d2a36 av_one_full  avia-builder-el-7  avia-builder-el-no-sibling  first flex_column_div av-zero-column-padding  '     ><section  class='av_textblock_section av-jt5tjyk0-1e04ddf86ca9bd8201b4b17bbb4a6491 '   itemscope=\"itemscope\" itemtype=\"https:\/\/schema.org\/BlogPosting\" itemprop=\"blogPost\" ><div class='avia_textblock'  itemprop=\"text\" ><h2>Unfall- und Pannenvorsorge: Camper-Grundausstattung f\u00fcr den Fall der F\u00e4lle<\/h2>\n<p>Im Urlaub verdr\u00e4ngt man die M\u00f6glichkeit eines Unfalls gerne in die hinterste Ecke seiner Gedanken. Doch gerade im Wohnmobil-Urlaub in fremden Regionen lassen sich Unf\u00e4lle im Stra\u00dfenverkehr nie hundertprozentig ausschlie\u00dfen \u2013 und eine Panne erst recht nicht. Umso wichtiger ist es, Vorsorge zu betreiben, um im Fall der F\u00e4lle alle notwendigen Ausr\u00fcstungsgegenst\u00e4nde griffbereit zu haben \u2013 und letztlich auch anderen verungl\u00fcckten Stra\u00dfenverkehrsteilnehmern helfen zu k\u00f6nnen! Was also geh\u00f6rt hinsichtlich der Unfall- und Pannenvorsorge zur Camper-Grundausstattung? Wir stellen sieben Ausr\u00fcstungsgegenst\u00e4nde vor, auf die Sie nicht verzichten sollten.<\/p>\n<\/div><\/section><\/div>\n\n<\/div><\/div><\/div><!-- close content main div --><\/div><\/div><div id='av_section_4'  class='avia-section av-b7gvl-1eb57de5f7b7a94c40602e8cf977ebb0 main_color avia-section-default avia-no-border-styling  avia-builder-el-9  el_after_av_section  el_before_av_section  reduced-content avia-bg-style-scroll container_wrap sidebar_right'  ><div class='container av-section-cont-open' ><div class='template-page content  av-content-small alpha units'><div class='post-entry post-entry-type-page post-entry-1583'><div class='entry-content-wrapper clearfix'>\n\n<style type=\"text\/css\" data-created_by=\"avia_inline_auto\" id=\"style-css-av-jtplvt5k-7cdc5d68f50809db436fe036d1ae4dc3\">\n.avia-image-container.av-jtplvt5k-7cdc5d68f50809db436fe036d1ae4dc3 img.avia_image{\nbox-shadow:none;\n}\n.avia-image-container.av-jtplvt5k-7cdc5d68f50809db436fe036d1ae4dc3 .av-caption-image-overlay-bg{\nopacity:0.4;\nbackground-color:#000000;\n}\n.avia-image-container.av-jtplvt5k-7cdc5d68f50809db436fe036d1ae4dc3 .av-image-caption-overlay-center{\ncolor:#ffffff;\n}\n<\/style>\n<div  class='avia-image-container av-jtplvt5k-7cdc5d68f50809db436fe036d1ae4dc3 av-styling- av-img-linked avia_animated_image av-animated-when-visible-95 fade-in avia-align-center  avia-builder-el-10  avia-builder-el-no-sibling  noHover av-overlay-on-hover'   itemprop=\"image\" itemscope=\"itemscope\" itemtype=\"https:\/\/schema.org\/ImageObject\" ><div class=\"avia-image-container-inner\"><div class=\"avia-image-overlay-wrap\"><a href=\"https:\/\/www.tuicamper.com\/wp-docker\/wp-content\/uploads\/2019\/04\/champ-jucy-1030x686.jpg\" data-srcset=\"https:\/\/www.tuicamper.com\/wp-docker\/wp-content\/uploads\/2019\/04\/champ-jucy-1030x686.jpg 1030w, https:\/\/www.tuicamper.com\/wp-docker\/wp-content\/uploads\/2019\/04\/champ-jucy-300x200.jpg 300w, https:\/\/www.tuicamper.com\/wp-docker\/wp-content\/uploads\/2019\/04\/champ-jucy-768x512.jpg 768w, https:\/\/www.tuicamper.com\/wp-docker\/wp-content\/uploads\/2019\/04\/champ-jucy-705x470.jpg 705w, https:\/\/www.tuicamper.com\/wp-docker\/wp-content\/uploads\/2019\/04\/champ-jucy-450x300.jpg 450w, https:\/\/www.tuicamper.com\/wp-docker\/wp-content\/uploads\/2019\/04\/champ-jucy.jpg 1280w\" data-sizes=\"(max-width: 1030px) 100vw, 1030px\" class='avia_image '  aria-label='Champ Camper von Jucy'><div class=\"av-image-caption-overlay\"><div class=\"av-caption-image-overlay-bg\"><\/div><div class=\"av-image-caption-overlay-position\"><div class=\"av-image-caption-overlay-center\"><p>Champ Camper von Jucy mit Blick auf den Ayers Rock<\/p>\n<\/div><\/div><\/div><img decoding=\"async\" fetchpriority=\"high\" class='wp-image-1612 avia-img-lazy-loading-not-1612 avia_image ' src=\"https:\/\/www.tuicamper.com\/wp-docker\/wp-content\/uploads\/2019\/04\/champ-jucy-1280x630.jpg\" alt='Champ Camper von Jucy' title='Champ Camper von Jucy'  height=\"630\" width=\"1280\"  itemprop=\"thumbnailUrl\"  \/><\/a><\/div><\/div><\/div>\n\n<\/div><\/div><\/div><!-- close content main div --><\/div><\/div><div id='av_section_5'  class='avia-section av-jt5vrdgv-4386718e65b314e69682ca60ae604601 main_color avia-section-default avia-no-border-styling  avia-builder-el-11  el_after_av_section  el_before_av_section  reduced-content avia-bg-style-scroll container_wrap sidebar_right'  ><div class='container av-section-cont-open' ><div class='template-page content  av-content-small alpha units'><div class='post-entry post-entry-type-page post-entry-1583'><div class='entry-content-wrapper clearfix'>\n\n<style type=\"text\/css\" data-created_by=\"avia_inline_auto\" id=\"style-css-av-1g5aou-6e8505d9de1136ce38f66b0d0e5d2a36\">\n.flex_column.av-1g5aou-6e8505d9de1136ce38f66b0d0e5d2a36{\nborder-radius:0px 0px 0px 0px;\npadding:0px 0px 0px 0px;\n}\n<\/style>\n<div  class='flex_column av-1g5aou-6e8505d9de1136ce38f66b0d0e5d2a36 av_one_full  avia-builder-el-12  avia-builder-el-no-sibling  first flex_column_div av-zero-column-padding  '     ><section  class='av_textblock_section av-jt5tjyk0-1e04ddf86ca9bd8201b4b17bbb4a6491 '   itemscope=\"itemscope\" itemtype=\"https:\/\/schema.org\/BlogPosting\" itemprop=\"blogPost\" ><div class='avia_textblock'  itemprop=\"text\" ><ol>\n<li>Klar, der <strong>Erste-Hilfe-Kasten<\/strong>\u00a0ist absolute Pflicht. In der Regel befindet er sich beim Mieten eines Campers bereits an Bord. Es empfiehlt sich jedoch vor Reiseantritt das Haltbarkeitsdatum zu checken!<\/li>\n<li>In vielen Destinationen herrscht \u2013 wie auch in Deutschland \u2013 Warnwestenpflicht. Und das v\u00f6llig zu Recht! Immerhin erh\u00f6ht eine\u00a0<strong>Warnweste<\/strong>\u00a0die Sichtbarkeit ihrer Tr\u00e4ger auch bei schlechtem Wetter enorm. Sobald Sie sich nach einer Panne oder einem Unfall auf die Stra\u00dfe begeben, sollten Sie eine entsprechende Weste \u00fcberstreifen.<\/li>\n<li>Ebenso wie eine Warnweste geh\u00f6rt auch ein\u00a0<strong>Warndreieck<\/strong>\u00a0zur Pannen- und Unfall-Grundausr\u00fcstung f\u00fcr Camper. Wichtig: Versichern Sie sich noch vor der Fahrt, wo sich das mitgef\u00fchrte Warndreieck befindet!<\/li>\n<li><strong>Rettungsdecken<\/strong>\u00a0sch\u00fctzen Personen sowohl vor Unterk\u00fchlung als auch vor \u00dcberhitzung. Damit geh\u00f6ren sie ganz klar zur Camper-Grundausstattung.<\/li>\n<li>Sollte der Camper in Folge eines schweren Unfalls umkippen oder stark besch\u00e4digt sein, ist es m\u00f6glich, dass die Fahrzeuginsassen diesen nicht ohne Weiteres \u00fcber die verbogenen Fenster oder T\u00fcren verlassen k\u00f6nnen.\u00a0<strong>Rettungshammer<\/strong>, mit denen Fenster eingeschlagen werden k\u00f6nnen, schaffen in diesem Szenario Abhilfe. Am besten werden sie an gut zug\u00e4nglicher Stelle unter dem Sitz befestigt.<\/li>\n<li>Ein\u00a0<strong>Feuerl\u00f6scher<\/strong>\u00a0kann im Fall der F\u00e4lle gute Dienste leisten. Auch abseits von Pannen und Unf\u00e4llen im Stra\u00dfenverkehr kann er zum Einsatz kommen \u2013 beispielsweise, falls mal ein Lagerfeuer au\u00dfer Kontrolle geraten sollte.<\/li>\n<li>Last, but not least geh\u00f6rt nat\u00fcrlich ein\u00a0<strong>Ersatzreifen<\/strong>\u00a0\u2013 oder zumindest ein entsprechendes\u00a0<strong>Reparaturset<\/strong>\u00a0\u2013 zur Grundausstattung.<\/li>\n<\/ol>\n<\/div><\/section><\/div>\n\n<\/div><\/div><\/div><!-- close content main div --><\/div><\/div><div id='av_section_6'  class='avia-section av-b7gvl-1eb57de5f7b7a94c40602e8cf977ebb0 main_color avia-section-default avia-no-border-styling  avia-builder-el-14  el_after_av_section  el_before_av_section  reduced-content avia-bg-style-scroll container_wrap sidebar_right'  ><div class='container av-section-cont-open' ><div class='template-page content  av-content-small alpha units'><div class='post-entry post-entry-type-page post-entry-1583'><div class='entry-content-wrapper clearfix'>\n\n<style type=\"text\/css\" data-created_by=\"avia_inline_auto\" id=\"style-css-av-jtplvt5k-dace272489c30426b7626bd7f5b2dc9e\">\n.avia-image-container.av-jtplvt5k-dace272489c30426b7626bd7f5b2dc9e img.avia_image{\nbox-shadow:none;\n}\n.avia-image-container.av-jtplvt5k-dace272489c30426b7626bd7f5b2dc9e .av-caption-image-overlay-bg{\nopacity:0.4;\nbackground-color:#000000;\n}\n.avia-image-container.av-jtplvt5k-dace272489c30426b7626bd7f5b2dc9e .av-image-caption-overlay-center{\ncolor:#ffffff;\n}\n<\/style>\n<div  class='avia-image-container av-jtplvt5k-dace272489c30426b7626bd7f5b2dc9e av-styling- av-img-linked avia_animated_image av-animated-when-visible-95 fade-in avia-align-center  avia-builder-el-15  avia-builder-el-no-sibling  noHover av-overlay-on-hover'   itemprop=\"image\" itemscope=\"itemscope\" itemtype=\"https:\/\/schema.org\/ImageObject\" ><div class=\"avia-image-container-inner\"><div class=\"avia-image-overlay-wrap\"><a href=\"https:\/\/www.tuicamper.com\/wp-docker\/wp-content\/uploads\/2019\/04\/panorama-usa-westkueste-1030x672.jpg\" data-srcset=\"https:\/\/www.tuicamper.com\/wp-docker\/wp-content\/uploads\/2019\/04\/panorama-usa-westkueste-1030x672.jpg 1030w, https:\/\/www.tuicamper.com\/wp-docker\/wp-content\/uploads\/2019\/04\/panorama-usa-westkueste-300x196.jpg 300w, https:\/\/www.tuicamper.com\/wp-docker\/wp-content\/uploads\/2019\/04\/panorama-usa-westkueste-768x501.jpg 768w, https:\/\/www.tuicamper.com\/wp-docker\/wp-content\/uploads\/2019\/04\/panorama-usa-westkueste-705x460.jpg 705w, https:\/\/www.tuicamper.com\/wp-docker\/wp-content\/uploads\/2019\/04\/panorama-usa-westkueste-450x294.jpg 450w, https:\/\/www.tuicamper.com\/wp-docker\/wp-content\/uploads\/2019\/04\/panorama-usa-westkueste.jpg 1280w\" data-sizes=\"(max-width: 1030px) 100vw, 1030px\" class='avia_image '  aria-label='Panorama an der Westk\u00fcste der USA'><div class=\"av-image-caption-overlay\"><div class=\"av-caption-image-overlay-bg\"><\/div><div class=\"av-image-caption-overlay-position\"><div class=\"av-image-caption-overlay-center\"><p>Panorama an der Westk\u00fcste der USA<\/p>\n<\/div><\/div><\/div><img decoding=\"async\" fetchpriority=\"high\" class='wp-image-1318 avia-img-lazy-loading-not-1318 avia_image ' src=\"https:\/\/www.tuicamper.com\/wp-docker\/wp-content\/uploads\/2019\/04\/panorama-usa-westkueste-1280x630.jpg\" alt='Panorama an der Westk\u00fcste der USA' title='Panorama an der Westk\u00fcste der USA'  height=\"630\" width=\"1280\"  itemprop=\"thumbnailUrl\"  \/><\/a><\/div><\/div><\/div>\n\n<\/div><\/div><\/div><!-- close content main div --><\/div><\/div><div id='av_section_7'  class='avia-section av-jt5vrdgv-4386718e65b314e69682ca60ae604601 main_color avia-section-default avia-no-border-styling  avia-builder-el-16  el_after_av_section  el_before_av_section  reduced-content avia-bg-style-scroll container_wrap sidebar_right'  ><div class='container av-section-cont-open' ><div class='template-page content  av-content-small alpha units'><div class='post-entry post-entry-type-page post-entry-1583'><div class='entry-content-wrapper clearfix'>\n\n<style type=\"text\/css\" data-created_by=\"avia_inline_auto\" id=\"style-css-av-1g5aou-6e8505d9de1136ce38f66b0d0e5d2a36\">\n.flex_column.av-1g5aou-6e8505d9de1136ce38f66b0d0e5d2a36{\nborder-radius:0px 0px 0px 0px;\npadding:0px 0px 0px 0px;\n}\n<\/style>\n<div  class='flex_column av-1g5aou-6e8505d9de1136ce38f66b0d0e5d2a36 av_one_full  avia-builder-el-17  avia-builder-el-no-sibling  first flex_column_div av-zero-column-padding  '     ><section  class='av_textblock_section av-jt5tjyk0-1e04ddf86ca9bd8201b4b17bbb4a6491 '   itemscope=\"itemscope\" itemtype=\"https:\/\/schema.org\/BlogPosting\" itemprop=\"blogPost\" ><div class='avia_textblock'  itemprop=\"text\" ><h2>Camping-Ausr\u00fcstung: Das braucht es f\u00fcr entspannte Camping-Abende auf dem Stellplatz<\/h2>\n<p>Nach einer langen Tagestour erreichen Sie am sp\u00e4ten Nachmittag endlich den Campingplatz Ihrer Wahl \u2013 und m\u00f6chten f\u00fcr einige Stunden noch so richtig ausspannen. Der \u00c4rger ist gro\u00df, wenn zur Verwirklichung der entspannten Stunden die n\u00f6tigen Ausr\u00fcstungsgegenst\u00e4nde fehlen.<\/p>\n<p>Das f\u00e4ngt bereits bei der Nivellierung des Wohnmobils an. Ohne mitgef\u00fchrte\u00a0<b>Holzkeile <\/b>(und Wasserwaage) wird es schwer bis unm\u00f6glich den Camper auf unebenen Standfl\u00e4chen ins Gleichgewicht zu bringen. Sp\u00e4testens, wenn das Geschirr vom Wohnmobil-Tisch rutscht, ist es erst mal vorbei mit der erhofften Gem\u00fctlichkeit. Apropos Gem\u00fctlichkeit: Besonders gut entspannen l\u00e4sst es sich nat\u00fcrlich in einer\u00a0<b>H\u00e4ngematte<\/b>. Wohl den Campern, die vor Reiseantritt an eine solche gedacht haben! F\u00fcr die leckeren Grillw\u00fcrstchen am Abend wiederum bedarf es immer \u00f6fter eines kleinen\u00a0<b>Gasgrills<\/b>. Der Grund: Nicht wenige Campingpl\u00e4tze untersagen die Nutzung von Holzkohlegrills. Selbst wenn Holzkohlegrills und offene Lagerfeuer erlaubt sein sollten: Ohne\u00a0<b>Streichh\u00f6lzer oder Feuerzeug<\/b>\u00a0wird es schwierig, diese zu entz\u00fcnden<\/p>\n<\/div><\/section><\/div>\n\n<\/div><\/div><\/div><!-- close content main div --><\/div><\/div><div id='av_section_8'  class='avia-section av-b7gvl-1eb57de5f7b7a94c40602e8cf977ebb0 main_color avia-section-default avia-no-border-styling  avia-builder-el-19  el_after_av_section  el_before_av_section  reduced-content avia-bg-style-scroll container_wrap sidebar_right'  ><div class='container av-section-cont-open' ><div class='template-page content  av-content-small alpha units'><div class='post-entry post-entry-type-page post-entry-1583'><div class='entry-content-wrapper clearfix'>\n\n<style type=\"text\/css\" data-created_by=\"avia_inline_auto\" id=\"style-css-av-jtplvt5k-6c1a39d6d5c9c7fbeb8d17b8e677d0ba\">\n.avia-image-container.av-jtplvt5k-6c1a39d6d5c9c7fbeb8d17b8e677d0ba img.avia_image{\nbox-shadow:none;\n}\n.avia-image-container.av-jtplvt5k-6c1a39d6d5c9c7fbeb8d17b8e677d0ba .av-caption-image-overlay-bg{\nopacity:0.4;\nbackground-color:#000000;\n}\n.avia-image-container.av-jtplvt5k-6c1a39d6d5c9c7fbeb8d17b8e677d0ba .av-image-caption-overlay-center{\ncolor:#ffffff;\n}\n<\/style>\n<div  class='avia-image-container av-jtplvt5k-6c1a39d6d5c9c7fbeb8d17b8e677d0ba av-styling- av-img-linked avia_animated_image av-animated-when-visible-95 fade-in avia-align-center  avia-builder-el-20  avia-builder-el-no-sibling  noHover av-overlay-on-hover'   itemprop=\"image\" itemscope=\"itemscope\" itemtype=\"https:\/\/schema.org\/ImageObject\" ><div class=\"avia-image-container-inner\"><div class=\"avia-image-overlay-wrap\"><a href=\"https:\/\/www.tuicamper.com\/wp-docker\/wp-content\/uploads\/2019\/04\/lagerfeuer-1030x686.jpg\" data-srcset=\"https:\/\/www.tuicamper.com\/wp-docker\/wp-content\/uploads\/2019\/04\/lagerfeuer-1030x686.jpg 1030w, https:\/\/www.tuicamper.com\/wp-docker\/wp-content\/uploads\/2019\/04\/lagerfeuer-300x200.jpg 300w, https:\/\/www.tuicamper.com\/wp-docker\/wp-content\/uploads\/2019\/04\/lagerfeuer-768x511.jpg 768w, https:\/\/www.tuicamper.com\/wp-docker\/wp-content\/uploads\/2019\/04\/lagerfeuer-705x469.jpg 705w, https:\/\/www.tuicamper.com\/wp-docker\/wp-content\/uploads\/2019\/04\/lagerfeuer-450x300.jpg 450w, https:\/\/www.tuicamper.com\/wp-docker\/wp-content\/uploads\/2019\/04\/lagerfeuer.jpg 1280w\" data-sizes=\"(max-width: 1030px) 100vw, 1030px\" class='avia_image '  aria-label='Feuerkorb am Campingplatz'><div class=\"av-image-caption-overlay\"><div class=\"av-caption-image-overlay-bg\"><\/div><div class=\"av-image-caption-overlay-position\"><div class=\"av-image-caption-overlay-center\"><p>Feuerkorb am Campingplatz<\/p>\n<\/div><\/div><\/div><img decoding=\"async\" fetchpriority=\"high\" class='wp-image-1141 avia-img-lazy-loading-not-1141 avia_image ' src=\"https:\/\/www.tuicamper.com\/wp-docker\/wp-content\/uploads\/2019\/04\/lagerfeuer-1280x630.jpg\" alt='Feuerkorb am Campingplatz' title='Feuerkorb am Campingplatz'  height=\"630\" width=\"1280\"  itemprop=\"thumbnailUrl\"  \/><\/a><\/div><\/div><\/div>\n\n<\/div><\/div><\/div><!-- close content main div --><\/div><\/div><div id='av_section_9'  class='avia-section av-jt5vrdgv-4386718e65b314e69682ca60ae604601 main_color avia-section-default avia-no-border-styling  avia-builder-el-21  el_after_av_section  el_before_av_section  reduced-content avia-bg-style-scroll container_wrap sidebar_right'  ><div class='container av-section-cont-open' ><div class='template-page content  av-content-small alpha units'><div class='post-entry post-entry-type-page post-entry-1583'><div class='entry-content-wrapper clearfix'>\n\n<style type=\"text\/css\" data-created_by=\"avia_inline_auto\" id=\"style-css-av-1g5aou-6e8505d9de1136ce38f66b0d0e5d2a36\">\n.flex_column.av-1g5aou-6e8505d9de1136ce38f66b0d0e5d2a36{\nborder-radius:0px 0px 0px 0px;\npadding:0px 0px 0px 0px;\n}\n<\/style>\n<div  class='flex_column av-1g5aou-6e8505d9de1136ce38f66b0d0e5d2a36 av_one_full  avia-builder-el-22  avia-builder-el-no-sibling  first flex_column_div av-zero-column-padding  '     ><section  class='av_textblock_section av-jt5tjyk0-1e04ddf86ca9bd8201b4b17bbb4a6491 '   itemscope=\"itemscope\" itemtype=\"https:\/\/schema.org\/BlogPosting\" itemprop=\"blogPost\" ><div class='avia_textblock'  itemprop=\"text\" ><h2>5 n\u00fctzliche Gadgets und Ausr\u00fcstungstipps, die Ihnen den Camping-Urlaub vers\u00fc\u00dfen<\/h2>\n<p>Zugegeben, bew\u00e4ltigen l\u00e4sst sich der bevorstehende Wohnmobil-Urlaub auch ohne die folgenden Camping-Gadgets. Er w\u00fcrde stellenweise aber deutlich nervenaufreibender ausfallen! Wir stellen Ihnen f\u00fcnf praktische Gadgets vor, die Ihre Camper-Reise vereinfachen.<\/p>\n<\/div><\/section><\/div>\n\n<\/div><\/div><\/div><!-- close content main div --><\/div><\/div><div id='av_section_10'  class='avia-section av-jt5vrdgv-4386718e65b314e69682ca60ae604601 main_color avia-section-default avia-no-border-styling  avia-builder-el-24  el_after_av_section  el_before_av_section  reduced-content avia-bg-style-scroll container_wrap sidebar_right'  ><div class='container av-section-cont-open' ><div class='template-page content  av-content-small alpha units'><div class='post-entry post-entry-type-page post-entry-1583'><div class='entry-content-wrapper clearfix'>\n\n<style type=\"text\/css\" data-created_by=\"avia_inline_auto\" id=\"style-css-av-1g5aou-6e8505d9de1136ce38f66b0d0e5d2a36\">\n.flex_column.av-1g5aou-6e8505d9de1136ce38f66b0d0e5d2a36{\nborder-radius:0px 0px 0px 0px;\npadding:0px 0px 0px 0px;\n}\n<\/style>\n<div  class='flex_column av-1g5aou-6e8505d9de1136ce38f66b0d0e5d2a36 av_one_full  avia-builder-el-25  avia-builder-el-no-sibling  first flex_column_div av-zero-column-padding  '     ><section  class='av_textblock_section av-jt5tjyk0-1e04ddf86ca9bd8201b4b17bbb4a6491 '   itemscope=\"itemscope\" itemtype=\"https:\/\/schema.org\/BlogPosting\" itemprop=\"blogPost\" ><div class='avia_textblock'  itemprop=\"text\" ><h3>1.) Powerbank: externer Akku f\u00fcr lange Wanderungen<\/h3>\n<p>Keine Frage, Smartphone, Tablet und Digitalkamera d\u00fcrfen heute auf den meisten Camping-Trips nicht fehlen. Schon alleine wegen den vielen\u00a0<a href=\"https:\/\/www.tuicamper.com\/magazin\/camper-apps-fuer-den-wohnmobil-urlaub\/\">praktischen Apps<\/a>\u00a0und den erinnerungsw\u00fcrdigen Fotos. \u00c4rgerlich nur, wenn sich der Akku der Ger\u00e4te auf langen Wanderungen vorzeitig verabschiedet. In F\u00e4llen wie diesen schafft eine sogenannte Powerbank, also ein externer Akku, Abhilfe. Entsprechende Ger\u00e4te sind mittlerweile schon f\u00fcr einen niedrigen zweistelligen Betrag zu haben und erlauben es Smartphone, Tablet oder Digitalkamera mehrfach unterwegs aufzuladen. H\u00e4ufig k\u00f6nnen sogar mehrere Ger\u00e4te gleichzeitig geladen werden.<\/p>\n<\/div><\/section><\/div>\n\n<\/div><\/div><\/div><!-- close content main div --><\/div><\/div><div id='av_section_11'  class='avia-section av-jt5vrdgv-4386718e65b314e69682ca60ae604601 main_color avia-section-default avia-no-border-styling  avia-builder-el-27  el_after_av_section  el_before_av_section  reduced-content avia-bg-style-scroll container_wrap sidebar_right'  ><div class='container av-section-cont-open' ><div class='template-page content  av-content-small alpha units'><div class='post-entry post-entry-type-page post-entry-1583'><div class='entry-content-wrapper clearfix'>\n\n<style type=\"text\/css\" data-created_by=\"avia_inline_auto\" id=\"style-css-av-1g5aou-6e8505d9de1136ce38f66b0d0e5d2a36\">\n.flex_column.av-1g5aou-6e8505d9de1136ce38f66b0d0e5d2a36{\nborder-radius:0px 0px 0px 0px;\npadding:0px 0px 0px 0px;\n}\n<\/style>\n<div  class='flex_column av-1g5aou-6e8505d9de1136ce38f66b0d0e5d2a36 av_one_full  avia-builder-el-28  avia-builder-el-no-sibling  first flex_column_div av-zero-column-padding  '     ><section  class='av_textblock_section av-jt5tjyk0-1e04ddf86ca9bd8201b4b17bbb4a6491 '   itemscope=\"itemscope\" itemtype=\"https:\/\/schema.org\/BlogPosting\" itemprop=\"blogPost\" ><div class='avia_textblock'  itemprop=\"text\" ><h3>2.) Erh\u00f6hen die Trinkwasserqualit\u00e4t in Windeseile: Outdoor Wasserfilter<\/h3>\n<p>Outdoor Wasserfilter erfreuen sich insbesondere unter Hardcore-Campern hoher Beliebtheit, die auf langen Wanderungen im Zweifelsfall auch Brackwasser in genie\u00dfbares Trinkwasser verwandeln m\u00f6chten. Immerhin filtern entsprechende Wasserfilter bis zu 99,9 Prozent aller Bakterien und Keime aus dem Wasser.<br \/>\n<strong>Praktisch<\/strong>: Die Ger\u00e4te sind mittlerweile so klein, dass sie bequem in den Rucksack passen. Auch f\u00fcr Camper, die sich auf die einwandfreie Hygiene des Frischwassertanks nicht verlassen m\u00f6chten, sind Outdoor Wasserfilter eine erw\u00e4genswerte Anschaffung.<\/p>\n<\/div><\/section><\/div>\n\n<\/div><\/div><\/div><!-- close content main div --><\/div><\/div><div id='av_section_12'  class='avia-section av-jt5vrdgv-4386718e65b314e69682ca60ae604601 main_color avia-section-default avia-no-border-styling  avia-builder-el-30  el_after_av_section  el_before_av_section  reduced-content avia-bg-style-scroll container_wrap sidebar_right'  ><div class='container av-section-cont-open' ><div class='template-page content  av-content-small alpha units'><div class='post-entry post-entry-type-page post-entry-1583'><div class='entry-content-wrapper clearfix'>\n\n<style type=\"text\/css\" data-created_by=\"avia_inline_auto\" id=\"style-css-av-1g5aou-6e8505d9de1136ce38f66b0d0e5d2a36\">\n.flex_column.av-1g5aou-6e8505d9de1136ce38f66b0d0e5d2a36{\nborder-radius:0px 0px 0px 0px;\npadding:0px 0px 0px 0px;\n}\n<\/style>\n<div  class='flex_column av-1g5aou-6e8505d9de1136ce38f66b0d0e5d2a36 av_one_full  avia-builder-el-31  avia-builder-el-no-sibling  first flex_column_div av-zero-column-padding  '     ><section  class='av_textblock_section av-jt5tjyk0-1e04ddf86ca9bd8201b4b17bbb4a6491 '   itemscope=\"itemscope\" itemtype=\"https:\/\/schema.org\/BlogPosting\" itemprop=\"blogPost\" ><div class='avia_textblock'  itemprop=\"text\" ><h3>3.) Stapeln und Falten: die zwei Mantras f\u00fcr die Camper-K\u00fcche<\/h3>\n<p>Geschirr geh\u00f6rt ohne jeden Zweifel zur Grundausr\u00fcstung f\u00fcr den Wohnmobil-Urlaub. Besonders gut geeignet sind Geschirr-Sets, die mindestens eine der beiden folgenden Anforderungen erf\u00fcllen: Sie lassen sich stapeln oder sind faltbar! So k\u00f6nnen Camper eine ausreichende Menge an Geschirr mitf\u00fchren, ohne Platzprobleme in der Wohnmobil-K\u00fcche zu bekommen.<\/p>\n<\/div><\/section><\/div>\n\n<\/div><\/div><\/div><!-- close content main div --><\/div><\/div><div id='av_section_13'  class='avia-section av-b7gvl-1eb57de5f7b7a94c40602e8cf977ebb0 main_color avia-section-default avia-no-border-styling  avia-builder-el-33  el_after_av_section  el_before_av_section  reduced-content avia-bg-style-scroll container_wrap sidebar_right'  ><div class='container av-section-cont-open' ><div class='template-page content  av-content-small alpha units'><div class='post-entry post-entry-type-page post-entry-1583'><div class='entry-content-wrapper clearfix'>\n\n<style type=\"text\/css\" data-created_by=\"avia_inline_auto\" id=\"style-css-av-jtplvt5k-e57c978bbcc4b3a306e57ea8bb358a30\">\n.avia-image-container.av-jtplvt5k-e57c978bbcc4b3a306e57ea8bb358a30 img.avia_image{\nbox-shadow:none;\n}\n.avia-image-container.av-jtplvt5k-e57c978bbcc4b3a306e57ea8bb358a30 .av-caption-image-overlay-bg{\nopacity:0.4;\nbackground-color:#000000;\n}\n.avia-image-container.av-jtplvt5k-e57c978bbcc4b3a306e57ea8bb358a30 .av-image-caption-overlay-center{\ncolor:#ffffff;\n}\n<\/style>\n<div  class='avia-image-container av-jtplvt5k-e57c978bbcc4b3a306e57ea8bb358a30 av-styling- av-img-linked avia_animated_image av-animated-when-visible-95 fade-in avia-align-center  avia-builder-el-34  avia-builder-el-no-sibling  noHover av-overlay-on-hover'   itemprop=\"image\" itemscope=\"itemscope\" itemtype=\"https:\/\/schema.org\/ImageObject\" ><div class=\"avia-image-container-inner\"><div class=\"avia-image-overlay-wrap\"><a href=\"https:\/\/www.tuicamper.com\/wp-docker\/wp-content\/uploads\/2019\/04\/essen-im-camper-1030x686.jpg\" data-srcset=\"https:\/\/www.tuicamper.com\/wp-docker\/wp-content\/uploads\/2019\/04\/essen-im-camper-1030x686.jpg 1030w, https:\/\/www.tuicamper.com\/wp-docker\/wp-content\/uploads\/2019\/04\/essen-im-camper-300x200.jpg 300w, https:\/\/www.tuicamper.com\/wp-docker\/wp-content\/uploads\/2019\/04\/essen-im-camper-768x512.jpg 768w, https:\/\/www.tuicamper.com\/wp-docker\/wp-content\/uploads\/2019\/04\/essen-im-camper-705x470.jpg 705w, https:\/\/www.tuicamper.com\/wp-docker\/wp-content\/uploads\/2019\/04\/essen-im-camper-450x300.jpg 450w, https:\/\/www.tuicamper.com\/wp-docker\/wp-content\/uploads\/2019\/04\/essen-im-camper.jpg 1280w\" data-sizes=\"(max-width: 1030px) 100vw, 1030px\" class='avia_image '  aria-label='Essen im Camper'><div class=\"av-image-caption-overlay\"><div class=\"av-caption-image-overlay-bg\"><\/div><div class=\"av-image-caption-overlay-position\"><div class=\"av-image-caption-overlay-center\"><p>Gemeinsames Essen im Camper<\/p>\n<\/div><\/div><\/div><img decoding=\"async\" fetchpriority=\"high\" class='wp-image-1452 avia-img-lazy-loading-not-1452 avia_image ' src=\"https:\/\/www.tuicamper.com\/wp-docker\/wp-content\/uploads\/2019\/04\/essen-im-camper-1280x630.jpg\" alt='Gemeinsames Essen im Camper' title='Essen im Camper'  height=\"630\" width=\"1280\"  itemprop=\"thumbnailUrl\"  \/><\/a><\/div><\/div><\/div>\n\n<\/div><\/div><\/div><!-- close content main div --><\/div><\/div><div id='av_section_14'  class='avia-section av-jt5vrdgv-4386718e65b314e69682ca60ae604601 main_color avia-section-default avia-no-border-styling  avia-builder-el-35  el_after_av_section  el_before_av_section  reduced-content avia-bg-style-scroll container_wrap sidebar_right'  ><div class='container av-section-cont-open' ><div class='template-page content  av-content-small alpha units'><div class='post-entry post-entry-type-page post-entry-1583'><div class='entry-content-wrapper clearfix'>\n\n<style type=\"text\/css\" data-created_by=\"avia_inline_auto\" id=\"style-css-av-1g5aou-6e8505d9de1136ce38f66b0d0e5d2a36\">\n.flex_column.av-1g5aou-6e8505d9de1136ce38f66b0d0e5d2a36{\nborder-radius:0px 0px 0px 0px;\npadding:0px 0px 0px 0px;\n}\n<\/style>\n<div  class='flex_column av-1g5aou-6e8505d9de1136ce38f66b0d0e5d2a36 av_one_full  avia-builder-el-36  avia-builder-el-no-sibling  first flex_column_div av-zero-column-padding  '     ><section  class='av_textblock_section av-jt5tjyk0-1e04ddf86ca9bd8201b4b17bbb4a6491 '   itemscope=\"itemscope\" itemtype=\"https:\/\/schema.org\/BlogPosting\" itemprop=\"blogPost\" ><div class='avia_textblock'  itemprop=\"text\" ><h3>4.) Universaldeckel: einfach nur praktisch<\/h3>\n<p>Gut zu wissen: Von zahlreichen Herstellern sind mittlerweile sogenannte Universaldeckel erh\u00e4ltlich. Einmal gekauft, passen sie auf nahezu jeden Topf. Da auf diese Weise nur eins bis zwei Deckel mitgef\u00fchrt werden m\u00fcssen, sparen Camper in der K\u00fcche viel Platz!<\/p>\n<\/div><\/section><\/div>\n\n<\/div><\/div><\/div><!-- close content main div --><\/div><\/div><div id='av_section_15'  class='avia-section av-jt5vrdgv-4386718e65b314e69682ca60ae604601 main_color avia-section-default avia-no-border-styling  avia-builder-el-38  el_after_av_section  el_before_av_textblock  reduced-content avia-bg-style-scroll container_wrap sidebar_right'  ><div class='container av-section-cont-open' ><div class='template-page content  av-content-small alpha units'><div class='post-entry post-entry-type-page post-entry-1583'><div class='entry-content-wrapper clearfix'>\n\n<style type=\"text\/css\" data-created_by=\"avia_inline_auto\" id=\"style-css-av-1g5aou-6e8505d9de1136ce38f66b0d0e5d2a36\">\n.flex_column.av-1g5aou-6e8505d9de1136ce38f66b0d0e5d2a36{\nborder-radius:0px 0px 0px 0px;\npadding:0px 0px 0px 0px;\n}\n<\/style>\n<div  class='flex_column av-1g5aou-6e8505d9de1136ce38f66b0d0e5d2a36 av_one_full  avia-builder-el-39  avia-builder-el-no-sibling  first flex_column_div av-zero-column-padding  '     ><section  class='av_textblock_section av-jt5tjyk0-1e04ddf86ca9bd8201b4b17bbb4a6491 '   itemscope=\"itemscope\" itemtype=\"https:\/\/schema.org\/BlogPosting\" itemprop=\"blogPost\" ><div class='avia_textblock'  itemprop=\"text\" ><h3>5.) Der smarte Camping-Kocher<\/h3>\n<p>Unter den Campingkochern befinden sich heute wahre Hightechger\u00e4te, die auch mit unterwegs gesammeltem Holz einwandfrei funktionieren. Einige dieser smarten Campingkocher sind sogar in der Lage Strom zu produzieren, mit dem beispielsweise das Smartphone geladen werden kann.<\/p>\n<\/div><\/section><\/div>\n<\/div><\/div><\/div><!-- close content main div --><\/div><\/div><div id='after_section_15'  class='main_color av_default_container_wrap container_wrap sidebar_right'  ><div class='container av-section-cont-open' ><div class='template-page content  av-content-small alpha units'><div class='post-entry post-entry-type-page post-entry-1583'><div class='entry-content-wrapper clearfix'>\n<section  class='av_textblock_section av-jtpqpty6-550c066a997ebaf648fccc87d0b9ff16 '   itemscope=\"itemscope\" itemtype=\"https:\/\/schema.org\/BlogPosting\" itemprop=\"blogPost\" ><div class='avia_textblock'  itemprop=\"text\" >\r\n<div style=\"clear: both;\"><\/div>\r\n<div class=\"post-breaker-item breaker-type-default\">\r\n    <div class=\"post-breaker-item-inner\">\r\n                    \n<style type=\"text\/css\" data-created_by=\"avia_inline_auto\" id=\"style-css-av-jtpksizx-4b352f2a2752c01e58a4c67632af1aa6\">\n#top .av_textblock_section.av-jtpksizx-4b352f2a2752c01e58a4c67632af1aa6 .avia_textblock{\nfont-size:28px;\n}\n<\/style>\n<section  class='av_textblock_section av-jtpksizx-4b352f2a2752c01e58a4c67632af1aa6 '   itemscope=\"itemscope\" itemtype=\"https:\/\/schema.org\/BlogPosting\" itemprop=\"blogPost\" ><div class='avia_textblock'  itemprop=\"text\" ><p><strong>\u2013 Lesen Sie auch \u2013<\/strong><\/p>\n<\/div><\/section>\n\n<style type=\"text\/css\" data-created_by=\"avia_inline_auto\" id=\"style-css-av-ehyb5-42286bbb62f5c947921c50b729609f1d\">\n.flex_column.av-ehyb5-42286bbb62f5c947921c50b729609f1d{\nborder-radius:0px 0px 0px 0px;\npadding:0px 0px 0px 0px;\n}\n<\/style>\n<div  class='flex_column av-ehyb5-42286bbb62f5c947921c50b729609f1d av_one_third first flex_column_div av-zero-column-padding  '     ><p>\n<style type=\"text\/css\" data-created_by=\"avia_inline_auto\" id=\"style-css-av-jt75ko0n-ae0abf66f680910458804783a0283718\">\n.avia-image-container.av-jt75ko0n-ae0abf66f680910458804783a0283718 img.avia_image{\nbox-shadow:none;\n}\n.avia-image-container.av-jt75ko0n-ae0abf66f680910458804783a0283718 .av-image-caption-overlay-center{\ncolor:#ffffff;\n}\n<\/style>\n<div  class='avia-image-container av-jt75ko0n-ae0abf66f680910458804783a0283718 av-styling-no-styling av-hover-grow av-hide-overflow av-img-linked avia_animated_image av-animated-when-visible-95 fade-in avia-align-left'   itemprop=\"image\" itemscope=\"itemscope\" itemtype=\"https:\/\/schema.org\/ImageObject\" ><div class=\"avia-image-container-inner\"><div class=\"avia-image-overlay-wrap\"><a href=\"https:\/\/www.tuicamper.com\/magazin\/wohnmobil-urlaub-mit-kindern\/\" class='avia_image '  aria-label='Wohnmobil-Urlaub mit Kindern'><img decoding=\"async\" fetchpriority=\"high\" class='wp-image-620 avia-img-lazy-loading-not-620 avia_image ' src=\"https:\/\/www.tuicamper.com\/wp-docker\/wp-content\/uploads\/2019\/03\/wohnmobil-urlaub-kinder-teaser.jpg\" alt='Wohnmobil-Urlaub mit Kindern' title='Wohnmobil-Urlaub mit Kindern'  height=\"200\" width=\"350\"  itemprop=\"thumbnailUrl\" srcset=\"https:\/\/www.tuicamper.com\/wp-docker\/wp-content\/uploads\/2019\/03\/wohnmobil-urlaub-kinder-teaser.jpg 350w, https:\/\/www.tuicamper.com\/wp-docker\/wp-content\/uploads\/2019\/03\/wohnmobil-urlaub-kinder-teaser-300x171.jpg 300w\" sizes=\"(max-width: 350px) 100vw, 350px\" \/><\/a><\/div><\/div><\/div><br \/>\n<section  class='av_textblock_section av-jt75lbqb-bba29013bb6610b0762c56b6a5ae7819 '   itemscope=\"itemscope\" itemtype=\"https:\/\/schema.org\/BlogPosting\" itemprop=\"blogPost\" ><div class='avia_textblock'  itemprop=\"text\" ><p style=\"text-align: left;\"><strong><a href=\"https:\/\/www.tuicamper.com\/magazin\/wohnmobil-urlaub-mit-kindern\/\">Wohnmobil-Urlaub mit Kindern \u2013 Tipps zum entspannten Reisen<\/a><\/strong><\/p>\n<\/div><\/section><\/p><\/div>\n<style type=\"text\/css\" data-created_by=\"avia_inline_auto\" id=\"style-css-av-ehyb5-8fadcff6392c44a3fc98dc4b014d4246\">\n.flex_column.av-ehyb5-8fadcff6392c44a3fc98dc4b014d4246{\nborder-radius:0px 0px 0px 0px;\npadding:0px 0px 0px 0px;\n}\n<\/style>\n<div  class='flex_column av-ehyb5-8fadcff6392c44a3fc98dc4b014d4246 av_one_third flex_column_div av-zero-column-padding  '     ><p>\n<style type=\"text\/css\" data-created_by=\"avia_inline_auto\" id=\"style-css-av-jt75ko0n-68808f5085d572c023161567a357b7c9\">\n.avia-image-container.av-jt75ko0n-68808f5085d572c023161567a357b7c9 img.avia_image{\nbox-shadow:none;\n}\n.avia-image-container.av-jt75ko0n-68808f5085d572c023161567a357b7c9 .av-image-caption-overlay-center{\ncolor:#ffffff;\n}\n<\/style>\n<div  class='avia-image-container av-jt75ko0n-68808f5085d572c023161567a357b7c9 av-styling-no-styling av-hover-grow av-hide-overflow av-img-linked avia_animated_image av-animated-when-visible-95 fade-in avia-align-left'   itemprop=\"image\" itemscope=\"itemscope\" itemtype=\"https:\/\/schema.org\/ImageObject\" ><div class=\"avia-image-container-inner\"><div class=\"avia-image-overlay-wrap\"><a href=\"https:\/\/www.tuicamper.com\/magazin\/schutz-gegen-hitze\/\" class='avia_image '  aria-label='Tipps gegen Hitze'><img decoding=\"async\" fetchpriority=\"high\" class='wp-image-1113 avia-img-lazy-loading-not-1113 avia_image ' src=\"https:\/\/www.tuicamper.com\/wp-docker\/wp-content\/uploads\/2019\/04\/tipps-bei-hitze-teaser.jpg\" alt='Tipps gegen Hitze' title='Tipps gegen Hitze'  height=\"200\" width=\"350\"  itemprop=\"thumbnailUrl\" srcset=\"https:\/\/www.tuicamper.com\/wp-docker\/wp-content\/uploads\/2019\/04\/tipps-bei-hitze-teaser.jpg 350w, https:\/\/www.tuicamper.com\/wp-docker\/wp-content\/uploads\/2019\/04\/tipps-bei-hitze-teaser-300x171.jpg 300w\" sizes=\"(max-width: 350px) 100vw, 350px\" \/><\/a><\/div><\/div><\/div><br \/>\n<section  class='av_textblock_section av-jt75lbqb-bba29013bb6610b0762c56b6a5ae7819 '   itemscope=\"itemscope\" itemtype=\"https:\/\/schema.org\/BlogPosting\" itemprop=\"blogPost\" ><div class='avia_textblock'  itemprop=\"text\" ><p style=\"text-align: left;\"><strong><a href=\"https:\/\/www.tuicamper.com\/magazin\/schutz-gegen-hitze\/\">Tipps gegen Hitze \u2013 So bleibt Ihr Wohnmobil im Sommer k\u00fchl<\/a><\/strong><\/p>\n<\/div><\/section><\/p><\/div>\n<style type=\"text\/css\" data-created_by=\"avia_inline_auto\" id=\"style-css-av-mjaz5-8c98367a6c18636835015f228c708a47\">\n.flex_column.av-mjaz5-8c98367a6c18636835015f228c708a47{\nborder-radius:0px 0px 0px 0px;\npadding:0px 0px 0px 0px;\n}\n<\/style>\n<div  class='flex_column av-mjaz5-8c98367a6c18636835015f228c708a47 av_one_third flex_column_div av-zero-column-padding  '     ><p>\n<style type=\"text\/css\" data-created_by=\"avia_inline_auto\" id=\"style-css-av-jt75ko0n-936a7e755d09d003012dadea625cf8fe\">\n.avia-image-container.av-jt75ko0n-936a7e755d09d003012dadea625cf8fe img.avia_image{\nbox-shadow:none;\n}\n.avia-image-container.av-jt75ko0n-936a7e755d09d003012dadea625cf8fe .av-image-caption-overlay-center{\ncolor:#ffffff;\n}\n<\/style>\n<div  class='avia-image-container av-jt75ko0n-936a7e755d09d003012dadea625cf8fe av-styling-no-styling av-hover-grow av-hide-overflow av-img-linked avia_animated_image av-animated-when-visible-95 fade-in avia-align-left'   itemprop=\"image\" itemscope=\"itemscope\" itemtype=\"https:\/\/schema.org\/ImageObject\" ><div class=\"avia-image-container-inner\"><div class=\"avia-image-overlay-wrap\"><a href=\"https:\/\/www.tuicamper.com\/magazin\/streckenplanung\/\" class='avia_image '  aria-label='Streckenplanung'><img decoding=\"async\" fetchpriority=\"high\" class='wp-image-498 avia-img-lazy-loading-not-498 avia_image ' src=\"https:\/\/www.tuicamper.com\/wp-docker\/wp-content\/uploads\/2019\/03\/streckenplanung-teaser.jpg\" alt='' title='Streckenplanung'  height=\"200\" width=\"350\"  itemprop=\"thumbnailUrl\" srcset=\"https:\/\/www.tuicamper.com\/wp-docker\/wp-content\/uploads\/2019\/03\/streckenplanung-teaser.jpg 350w, https:\/\/www.tuicamper.com\/wp-docker\/wp-content\/uploads\/2019\/03\/streckenplanung-teaser-300x171.jpg 300w\" sizes=\"(max-width: 350px) 100vw, 350px\" \/><\/a><\/div><\/div><\/div><br \/>\n<section  class='av_textblock_section av-jt75lbqb-bba29013bb6610b0762c56b6a5ae7819 '   itemscope=\"itemscope\" itemtype=\"https:\/\/schema.org\/BlogPosting\" itemprop=\"blogPost\" ><div class='avia_textblock'  itemprop=\"text\" ><p style=\"text-align: left;\"><a href=\"https:\/\/www.tuicamper.com\/magazin\/streckenplanung\/\"><strong>Streckenplanung \u2013 Clevere Tipps f\u00fcr eine entspannte Wohnmobil-Reise<\/strong><\/a><\/p>\n<\/div><\/section><\/p><\/div><\/p>\n            <div style=\"clear: both;\"><\/div>\r\n            <\/div>\r\n<\/div>\r\n\n<\/div><\/section>\n<\/div><\/div><\/div><!-- close content main div --><\/div><\/div><div id='av_section_16'  class='avia-section av-jt5vrdgv-4386718e65b314e69682ca60ae604601 main_color avia-section-default avia-no-border-styling  avia-builder-el-42  el_after_av_textblock  el_before_av_section  reduced-content avia-bg-style-scroll container_wrap sidebar_right'  ><div class='container av-section-cont-open' ><div class='template-page content  av-content-small alpha units'><div class='post-entry post-entry-type-page post-entry-1583'><div class='entry-content-wrapper clearfix'>\n\n<style type=\"text\/css\" data-created_by=\"avia_inline_auto\" id=\"style-css-av-1g5aou-6e8505d9de1136ce38f66b0d0e5d2a36\">\n.flex_column.av-1g5aou-6e8505d9de1136ce38f66b0d0e5d2a36{\nborder-radius:0px 0px 0px 0px;\npadding:0px 0px 0px 0px;\n}\n<\/style>\n<div  class='flex_column av-1g5aou-6e8505d9de1136ce38f66b0d0e5d2a36 av_one_full  avia-builder-el-43  el_before_av_button  avia-builder-el-first  first flex_column_div av-zero-column-padding  '     ><section  class='av_textblock_section av-jt5tjyk0-1e04ddf86ca9bd8201b4b17bbb4a6491 '   itemscope=\"itemscope\" itemtype=\"https:\/\/schema.org\/BlogPosting\" itemprop=\"blogPost\" ><div class='avia_textblock'  itemprop=\"text\" ><h2>Vom Insektenspray zum Gaffer Tape: Diese Alltagshelfer brauchen Camper<\/h2>\n<p>Etliche Ausr\u00fcstungsgegenst\u00e4nde sind f\u00fcr unseren Camping-Alltag schon l\u00e4ngst selbstverst\u00e4ndlich geworden. Umso \u00e4rgerlicher ist es, wenn wir sie vergessen! Unsere abschlie\u00dfende Checkliste f\u00fchrt die wichtigsten Alltagshelfer auf, die Sie besser mit an Bord nehmen.<\/p>\n<ul>\n<li>Wer kennt es nicht: das l\u00e4stige Summen der M\u00fccken am Abend und deren juckende Stiche.\u00a0<strong>M\u00fcckenspray<\/strong>\u00a0schafft schnelle Abhilfe gegen die Plagegeister!<\/li>\n<li>Generell ist es empfehlenswert, einen\u00a0<a href=\"https:\/\/www.tuicamper.com\/magazin\/ungeziefer-im-wohnmobil\/\"><strong>Basisschutz gegen Ungeziefer<\/strong><\/a>\u00a0aller Art mitzuf\u00fchren.<\/li>\n<li><strong>Klebeband<\/strong>\u00a0\u2013 insbesondere stabiles Gaffer Tape \u2013 ist der beste Freund eines jeden Campers. Mit Klebeband lassen sich die unterschiedlichsten Reparaturen provisorisch durchf\u00fchren.<\/li>\n<li>Sei es f\u00fcr Abfall, Essensreste oder schlicht als Regenschutz:\u00a0<strong>Plastikt\u00fcten<\/strong>\u00a0geh\u00f6ren nicht umsonst zur Camper-Grundausr\u00fcstung!<\/li>\n<li>Ein kleiner Vorrat an\u00a0<strong>Streichh\u00f6lzern bzw. Feuerzeugen<\/strong>\u00a0ist nie verkehrt.<\/li>\n<li>Gleiches gilt f\u00fcr ein\u00a0<strong>Taschenmesser<\/strong>, das als Werkzeugkoffer im Miniformat gleich eine ganze Palette an n\u00fctzlichen Utensilien beinhaltet.<\/li>\n<li>Ein richtiger\u00a0<strong>Werkzeugkoffer<\/strong>\u00a0\u2013 inklusive N\u00e4geln, Schraubenzieher, Schraubenschl\u00fcssel und einem Hammer \u2013 ist f\u00fcr kleinere Reparaturen nicht minder empfehlenswert.<\/li>\n<li>Ganz egal, ob f\u00fcr eine Nachtwanderung oder zur Pannenhilfe: Eine\u00a0<strong>Taschenlampe<\/strong>\u00a0\u2013 inklusive\u00a0<strong>Batterien<\/strong>! \u2013 sollte Teil einer jeden Camper-Grundausr\u00fcstung sein!<\/li>\n<\/ul>\n<\/div><\/section><\/div><div  class='avia-button-wrap av-ju2eusip-1ea5fae3e85455fbd7036f09971f65f1-wrap avia-button-center  avia-builder-el-45  el_after_av_one_full  avia-builder-el-last '><a href='https:\/\/www.tuicamper.com\/'  class='avia-button av-ju2eusip-1ea5fae3e85455fbd7036f09971f65f1 av-link-btn avia-icon_select-yes-right-icon avia-size-large avia-position-center avia-color-theme-color'   aria-label=\"Jetzt Wohnmobil mieten\"><span class='avia_iconbox_title' >Jetzt Wohnmobil mieten<\/span><span class='avia_button_icon avia_button_icon_right avia-iconfont avia-font-entypo-fontello' data-av_icon='\ue875' data-av_iconfont='entypo-fontello' ><\/span><\/a><\/div>\n\n<\/div><\/div><\/div><!-- close content main div --><\/div><\/div><div id='av_section_17'  class='avia-section av-jt5vrdgv-4386718e65b314e69682ca60ae604601 main_color avia-section-default avia-no-border-styling  avia-builder-el-46  el_after_av_section  avia-builder-el-last  reduced-content avia-bg-style-scroll container_wrap sidebar_right'  ><div class='container av-section-cont-open' ><div class='template-page content  av-content-small alpha units'><div class='post-entry post-entry-type-page post-entry-1583'><div class='entry-content-wrapper clearfix'>\n\n<style type=\"text\/css\" data-created_by=\"avia_inline_auto\" id=\"style-css-av-1g5aou-6e8505d9de1136ce38f66b0d0e5d2a36\">\n.flex_column.av-1g5aou-6e8505d9de1136ce38f66b0d0e5d2a36{\nborder-radius:0px 0px 0px 0px;\npadding:0px 0px 0px 0px;\n}\n<\/style>\n<div  class='flex_column av-1g5aou-6e8505d9de1136ce38f66b0d0e5d2a36 av_one_full  avia-builder-el-47  el_before_av_social_share  avia-builder-el-first  first flex_column_div av-zero-column-padding  '     ><style type=\"text\/css\" data-created_by=\"avia_inline_auto\" id=\"style-css-av-jt5tjyk0-26a28d0242835cbba60d70517a13c769\">\n#top .av_textblock_section.av-jt5tjyk0-26a28d0242835cbba60d70517a13c769 .avia_textblock{\nfont-size:28px;\n}\n<\/style>\n<section  class='av_textblock_section av-jt5tjyk0-26a28d0242835cbba60d70517a13c769 '   itemscope=\"itemscope\" itemtype=\"https:\/\/schema.org\/BlogPosting\" itemprop=\"blogPost\" ><div class='avia_textblock'  itemprop=\"text\" ><p><strong>Ihr TUI CAMPER-Team w\u00fcnscht Ihnen viel Erfolg beim Zusammensuchen der Grundausr\u00fcstung f\u00fcr den anstehenden Camper-Urlaub!<\/strong><\/p>\n<\/div><\/section><\/div><div  class='av-social-sharing-box av-10zg8-8676a2d54b4a15bbf6c39a1c18f0815b av-social-sharing-box-default  avia-builder-el-49  el_after_av_one_full  avia-builder-el-last  av-social-sharing-box-fullwidth'><div class=\"av-share-box\"><ul class=\"av-share-box-list noLightbox\"><li class='av-share-link av-social-link-facebook avia_social_iconfont' ><a target=\"_blank\" aria-label=\"Teilen auf Facebook\" href='https:\/\/www.facebook.com\/sharer.php?u=https:\/\/www.tuicamper.com\/magazin\/wohnmobil-grundausruestung\/&#038;t=Wohnmobil%20Grundausstattung%3A%20Zubeh%C3%B6r%20und%20n%C3%BCtzliche%20Gadgets' data-av_icon='\ue8f3' data-av_iconfont='entypo-fontello'  title='' data-avia-related-tooltip='Teilen auf Facebook'><span class='avia_hidden_link_text'>Teilen auf Facebook<\/span><\/a><\/li><li class='av-share-link av-social-link-twitter avia_social_iconfont' ><a target=\"_blank\" aria-label=\"Teilen auf X\" href='https:\/\/twitter.com\/share?text=Wohnmobil%20Grundausstattung%3A%20Zubeh%C3%B6r%20und%20n%C3%BCtzliche%20Gadgets&#038;url=https:\/\/www.tuicamper.com\/magazin\/wohnmobil-grundausruestung\/' data-av_icon='\ue932' data-av_iconfont='entypo-fontello'  title='' data-avia-related-tooltip='Teilen auf X'><span class='avia_hidden_link_text'>Teilen auf X<\/span><\/a><\/li><li class='av-share-link av-social-link-whatsapp avia_social_iconfont' ><a target=\"_blank\" aria-label=\"Teilen auf WhatsApp\" href='https:\/\/api.whatsapp.com\/send?text=https:\/\/www.tuicamper.com\/magazin\/wohnmobil-grundausruestung\/' data-av_icon='\uf232' data-av_iconfont='entypo-fontello'  title='' data-avia-related-tooltip='Teilen auf WhatsApp'><span class='avia_hidden_link_text'>Teilen auf WhatsApp<\/span><\/a><\/li><li class='av-share-link av-social-link-pinterest avia_social_iconfont' ><a target=\"_blank\" aria-label=\"Teilen auf Pinterest\" href='https:\/\/pinterest.com\/pin\/create\/button\/?url=https%3A%2F%2Fwww.tuicamper.com%2Fmagazin%2Fwohnmobil-grundausruestung%2F&#038;description=Wohnmobil%20Grundausstattung%3A%20Zubeh%C3%B6r%20und%20n%C3%BCtzliche%20Gadgets&#038;media=https%3A%2F%2Fwww.tuicamper.com%2Fwp-docker%2Fwp-content%2Fuploads%2F2019%2F04%2Fwohnmobil-grundausstattung-705x269.jpg' data-av_icon='\ue8f8' data-av_iconfont='entypo-fontello'  title='' data-avia-related-tooltip='Teilen auf Pinterest'><span class='avia_hidden_link_text'>Teilen auf Pinterest<\/span><\/a><\/li><li class='av-share-link av-social-link-mail avia_social_iconfont' ><a  aria-label=\"Per E-Mail teilen\" href='mailto:?subject=Wohnmobil%20Grundausstattung%3A%20Zubeh%C3%B6r%20und%20n%C3%BCtzliche%20Gadgets&#038;body=https:\/\/www.tuicamper.com\/magazin\/wohnmobil-grundausruestung\/' data-av_icon='\ue805' data-av_iconfont='entypo-fontello'  title='' data-avia-related-tooltip='Per E-Mail teilen'><span class='avia_hidden_link_text'>Per E-Mail teilen<\/span><\/a><\/li><\/ul><\/div><\/div>\n<\/div><\/div><\/div><!-- close content main div --><\/div><\/div><div id='after_section_17'  class='main_color av_default_container_wrap container_wrap sidebar_right'  ><div class='container av-section-cont-open' ><div class='template-page content  av-content-small alpha units'><div class='post-entry post-entry-type-page post-entry-1583'><div class='entry-content-wrapper clearfix'>\n","protected":false},"excerpt":{"rendered":"<p>Von Warnwesten \u00fcber Holzkeile bis hin zu M\u00fcckenspray: Hier erfahren Sie, welche Gegenst\u00e4nde Teil der Grundausstattung eines Wohnmobil-Urlaubs sein sollten!<\/p>\n","protected":false},"author":3,"featured_media":1603,"comment_status":"open","ping_status":"open","sticky":false,"template":"","format":"standard","meta":{"footnotes":""},"categories":[31],"tags":[39,35,47],"class_list":["post-1583","post","type-post","status-publish","format-standard","has-post-thumbnail","hentry","category-camper-know-how","tag-einkaufen","tag-einpacken","tag-grundlagen"],"yoast_head":"<!-- This site is optimized with the Yoast SEO plugin v27.4 - https:\/\/yoast.com\/product\/yoast-seo-wordpress\/ -->\n<title>Wohnmobil Grundausstattung: Zubeh\u00f6r und n\u00fctzliche Gadgets<\/title>\n<meta name=\"description\" content=\"Von Warnwesten \u00fcber Holzkeile bis hin zu M\u00fcckenspray: Hier erfahren Sie, welche Gegenst\u00e4nde Teil der Grundausstattung eines Wohnmobil-Urlaubs sein sollten!\" \/>\n<meta name=\"robots\" content=\"index, follow, max-snippet:-1, max-image-preview:large, max-video-preview:-1\" \/>\n<link rel=\"canonical\" href=\"https:\/\/www.tuicamper.com\/magazin\/wohnmobil-grundausruestung\/\" \/>\n<meta property=\"og:locale\" content=\"de_DE\" \/>\n<meta property=\"og:type\" content=\"article\" \/>\n<meta property=\"og:title\" content=\"Wohnmobil Grundausstattung: Zubeh\u00f6r und n\u00fctzliche Gadgets\" \/>\n<meta property=\"og:description\" content=\"Von Warnwesten \u00fcber Holzkeile bis hin zu M\u00fcckenspray: Hier erfahren Sie, welche Gegenst\u00e4nde Teil der Grundausstattung eines Wohnmobil-Urlaubs sein sollten!\" \/>\n<meta property=\"og:url\" content=\"https:\/\/www.tuicamper.com\/magazin\/wohnmobil-grundausruestung\/\" \/>\n<meta property=\"og:site_name\" content=\"TUI Camper Magazin\" \/>\n<meta property=\"article:published_time\" content=\"2019-04-23T10:17:02+00:00\" \/>\n<meta property=\"article:modified_time\" content=\"2019-05-03T09:11:34+00:00\" \/>\n<meta property=\"og:image\" content=\"https:\/\/www.tuicamper.com\/wp-docker\/wp-content\/uploads\/2019\/04\/wohnmobil-grundausstattung.jpg\" \/>\n\t<meta property=\"og:image:width\" content=\"1310\" \/>\n\t<meta property=\"og:image:height\" content=\"500\" \/>\n\t<meta property=\"og:image:type\" content=\"image\/jpeg\" \/>\n<meta name=\"author\" content=\"S\u00f6ren Cortekar\" \/>\n<meta name=\"twitter:card\" content=\"summary_large_image\" \/>\n<meta name=\"twitter:label1\" content=\"Verfasst von\" \/>\n\t<meta name=\"twitter:data1\" content=\"S\u00f6ren Cortekar\" \/>\n\t<meta name=\"twitter:label2\" content=\"Gesch\u00e4tzte Lesezeit\" \/>\n\t<meta name=\"twitter:data2\" content=\"26\u00a0Minuten\" \/>\n<!-- \/ Yoast SEO plugin. -->","yoast_head_json":{"title":"Wohnmobil Grundausstattung: Zubeh\u00f6r und n\u00fctzliche Gadgets","description":"Von Warnwesten \u00fcber Holzkeile bis hin zu M\u00fcckenspray: Hier erfahren Sie, welche Gegenst\u00e4nde Teil der Grundausstattung eines Wohnmobil-Urlaubs sein sollten!","robots":{"index":"index","follow":"follow","max-snippet":"max-snippet:-1","max-image-preview":"max-image-preview:large","max-video-preview":"max-video-preview:-1"},"canonical":"https:\/\/www.tuicamper.com\/magazin\/wohnmobil-grundausruestung\/","og_locale":"de_DE","og_type":"article","og_title":"Wohnmobil Grundausstattung: Zubeh\u00f6r und n\u00fctzliche Gadgets","og_description":"Von Warnwesten \u00fcber Holzkeile bis hin zu M\u00fcckenspray: Hier erfahren Sie, welche Gegenst\u00e4nde Teil der Grundausstattung eines Wohnmobil-Urlaubs sein sollten!","og_url":"https:\/\/www.tuicamper.com\/magazin\/wohnmobil-grundausruestung\/","og_site_name":"TUI Camper Magazin","article_published_time":"2019-04-23T10:17:02+00:00","article_modified_time":"2019-05-03T09:11:34+00:00","og_image":[{"width":1310,"height":500,"url":"https:\/\/www.tuicamper.com\/wp-docker\/wp-content\/uploads\/2019\/04\/wohnmobil-grundausstattung.jpg","type":"image\/jpeg"}],"author":"S\u00f6ren Cortekar","twitter_card":"summary_large_image","twitter_misc":{"Verfasst von":"S\u00f6ren Cortekar","Gesch\u00e4tzte Lesezeit":"26\u00a0Minuten"},"schema":{"@context":"https:\/\/schema.org","@graph":[{"@type":"Article","@id":"https:\/\/www.tuicamper.com\/magazin\/wohnmobil-grundausruestung\/#article","isPartOf":{"@id":"https:\/\/www.tuicamper.com\/magazin\/wohnmobil-grundausruestung\/"},"author":{"name":"S\u00f6ren Cortekar","@id":"https:\/\/www.tuicamper.com\/wp-docker\/#\/schema\/person\/a9ad15b73e3b6169a6c4a794a58d1ea6"},"headline":"Wohnmobil Grundausstattung: Zubeh\u00f6r und n\u00fctzliche Gadgets","datePublished":"2019-04-23T10:17:02+00:00","dateModified":"2019-05-03T09:11:34+00:00","mainEntityOfPage":{"@id":"https:\/\/www.tuicamper.com\/magazin\/wohnmobil-grundausruestung\/"},"wordCount":4304,"commentCount":0,"image":{"@id":"https:\/\/www.tuicamper.com\/magazin\/wohnmobil-grundausruestung\/#primaryimage"},"thumbnailUrl":"https:\/\/www.tuicamper.com\/wp-docker\/wp-content\/uploads\/2019\/04\/wohnmobil-grundausstattung.jpg","keywords":["Einkaufen","Einpacken","Grundlagen"],"articleSection":["Camper Know-how"],"inLanguage":"de","potentialAction":[{"@type":"CommentAction","name":"Comment","target":["https:\/\/www.tuicamper.com\/magazin\/wohnmobil-grundausruestung\/#respond"]}]},{"@type":"WebPage","@id":"https:\/\/www.tuicamper.com\/magazin\/wohnmobil-grundausruestung\/","url":"https:\/\/www.tuicamper.com\/magazin\/wohnmobil-grundausruestung\/","name":"Wohnmobil Grundausstattung: Zubeh\u00f6r und n\u00fctzliche Gadgets","isPartOf":{"@id":"https:\/\/www.tuicamper.com\/#website"},"primaryImageOfPage":{"@id":"https:\/\/www.tuicamper.com\/magazin\/wohnmobil-grundausruestung\/#primaryimage"},"image":{"@id":"https:\/\/www.tuicamper.com\/magazin\/wohnmobil-grundausruestung\/#primaryimage"},"thumbnailUrl":"https:\/\/www.tuicamper.com\/wp-content\/uploads\/2019\/04\/wohnmobil-grundausstattung.jpg","datePublished":"2019-04-23T10:17:02+00:00","dateModified":"2019-05-03T09:11:34+00:00","author":{"@id":"https:\/\/www.tuicamper.com\/#\/schema\/person\/a9ad15b73e3b6169a6c4a794a58d1ea6"},"description":"Von Warnwesten \u00fcber Holzkeile bis hin zu M\u00fcckenspray: Hier erfahren Sie, welche Gegenst\u00e4nde Teil der Grundausstattung eines Wohnmobil-Urlaubs sein sollten!","breadcrumb":{"@id":"https:\/\/www.tuicamper.com\/magazin\/wohnmobil-grundausruestung\/#breadcrumb"},"inLanguage":"de","potentialAction":["Array"]},{"@type":"ImageObject","inLanguage":"de","@id":"https:\/\/www.tuicamper.com\/magazin\/wohnmobil-grundausruestung\/#primaryimage","url":"https:\/\/www.tuicamper.com\/wp-docker\/wp-content\/uploads\/2019\/04\/wohnmobil-grundausstattung.jpg","contentUrl":"https:\/\/www.tuicamper.com\/wp-docker\/wp-content\/uploads\/2019\/04\/wohnmobil-grundausstattung.jpg","width":1310,"height":500,"caption":"Wohnmobil Grundausstattung"},{"@type":"BreadcrumbList","@id":"https:\/\/www.tuicamper.com\/magazin\/wohnmobil-grundausruestung\/#breadcrumb","itemListElement":[{"@type":"ListItem","position":1,"name":"Startseite","item":"https:\/\/www.tuicamper.com\/wp-docker\/"},{"@type":"ListItem","position":2,"name":"Wohnmobil Grundausstattung: Zubeh\u00f6r und n\u00fctzliche Gadgets"}]},{"@type":"WebSite","@id":"https:\/\/www.tuicamper.com\/#website","url":"https:\/\/www.tuicamper.com\/","name":"TUI Camper Magazin","description":"","potentialAction":["Array"],"inLanguage":"de"},{"@type":"Person","@id":"https:\/\/www.tuicamper.com\/wp-docker\/#\/schema\/person\/a9ad15b73e3b6169a6c4a794a58d1ea6","name":"S\u00f6ren Cortekar","image":{"@type":"ImageObject","inLanguage":"de","@id":"https:\/\/secure.gravatar.com\/avatar\/399f9c9096d84e9147b61735bfa53689fd2add8aa9c074669869e4c106f7df59?s=96&d=mm&r=g","url":"https:\/\/secure.gravatar.com\/avatar\/399f9c9096d84e9147b61735bfa53689fd2add8aa9c074669869e4c106f7df59?s=96&d=mm&r=g","contentUrl":"https:\/\/secure.gravatar.com\/avatar\/399f9c9096d84e9147b61735bfa53689fd2add8aa9c074669869e4c106f7df59?s=96&d=mm&r=g","caption":"S\u00f6ren Cortekar"},"url":"https:\/\/www.tuicamper.com\/wp-docker\/magazin\/author\/soeren-cortekar\/"}]}},"_links":{"self":[{"href":"https:\/\/www.tuicamper.com\/wp-docker\/wp-json\/wp\/v2\/posts\/1583","targetHints":{"allow":["GET"]}}],"collection":[{"href":"https:\/\/www.tuicamper.com\/wp-docker\/wp-json\/wp\/v2\/posts"}],"about":[{"href":"https:\/\/www.tuicamper.com\/wp-docker\/wp-json\/wp\/v2\/types\/post"}],"author":[{"embeddable":true,"href":"https:\/\/www.tuicamper.com\/wp-docker\/wp-json\/wp\/v2\/users\/3"}],"replies":[{"embeddable":true,"href":"https:\/\/www.tuicamper.com\/wp-docker\/wp-json\/wp\/v2\/comments?post=1583"}],"version-history":[{"count":14,"href":"https:\/\/www.tuicamper.com\/wp-docker\/wp-json\/wp\/v2\/posts\/1583\/revisions"}],"predecessor-version":[{"id":2721,"href":"https:\/\/www.tuicamper.com\/wp-docker\/wp-json\/wp\/v2\/posts\/1583\/revisions\/2721"}],"wp:featuredmedia":[{"embeddable":true,"href":"https:\/\/www.tuicamper.com\/wp-docker\/wp-json\/wp\/v2\/media\/1603"}],"wp:attachment":[{"href":"https:\/\/www.tuicamper.com\/wp-docker\/wp-json\/wp\/v2\/media?parent=1583"}],"wp:term":[{"taxonomy":"category","embeddable":true,"href":"https:\/\/www.tuicamper.com\/wp-docker\/wp-json\/wp\/v2\/categories?post=1583"},{"taxonomy":"post_tag","embeddable":true,"href":"https:\/\/www.tuicamper.com\/wp-docker\/wp-json\/wp\/v2\/tags?post=1583"}],"curies":[{"name":"wp","href":"https:\/\/api.w.org\/{rel}","templated":true}]}}