{"id":1573,"date":"2019-04-29T15:48:05","date_gmt":"2019-04-29T13:48:05","guid":{"rendered":"https:\/\/www.tuicamper.com\/wp-docker\/?p=1573"},"modified":"2022-05-12T10:17:47","modified_gmt":"2022-05-12T08:17:47","slug":"wohnmobil-chiemsee","status":"publish","type":"post","link":"https:\/\/www.tuicamper.com\/magazin\/wohnmobil-chiemsee\/","title":{"rendered":"Wohnmobil-Urlaub am Chiemsee \u2013 Camping, Highlights &#038; die besten Ausfl\u00fcge"},"content":{"rendered":"<div id='av_section_1'  class='avia-section av-jt5vrdgv-4386718e65b314e69682ca60ae604601 main_color avia-section-default avia-no-border-styling  avia-builder-el-0  el_before_av_textblock  avia-builder-el-first  reduced-content avia-bg-style-scroll container_wrap sidebar_right'  ><div class='container av-section-cont-open' ><main  role=\"main\" itemprop=\"mainContentOfPage\"  class='template-page content  av-content-small alpha units'><div class='post-entry post-entry-type-page post-entry-1573'><div class='entry-content-wrapper clearfix'>\n\n<style type=\"text\/css\" data-created_by=\"avia_inline_auto\" id=\"style-css-av-1g5aou-6e8505d9de1136ce38f66b0d0e5d2a36\">\n.flex_column.av-1g5aou-6e8505d9de1136ce38f66b0d0e5d2a36{\nborder-radius:0px 0px 0px 0px;\npadding:0px 0px 0px 0px;\n}\n<\/style>\n<div  class='flex_column av-1g5aou-6e8505d9de1136ce38f66b0d0e5d2a36 av_one_full  avia-builder-el-1  avia-builder-el-no-sibling  first flex_column_div av-zero-column-padding  '     ><section  class='av_textblock_section av-jt5tjyk0-1e04ddf86ca9bd8201b4b17bbb4a6491 '   itemscope=\"itemscope\" itemtype=\"https:\/\/schema.org\/BlogPosting\" itemprop=\"blogPost\" ><div class='avia_textblock'  itemprop=\"text\" ><p>Klares Wasser, malerische Ortschaften, eine idyllische Uferlinie und der Blick auf die majest\u00e4tischen Chiemgauer Alpen: Der Chiemsee und die umliegende Landschaft, der Chiemgau, haben Campern viel zu bieten. Wir zeigen Ihnen, warum sich ein Wohnmobil-Urlaub am Chiemsee lohnt!<\/p>\n<\/div><\/section><\/div>\n<\/div><\/div><\/main><!-- close content main element --><\/div><\/div><div id='after_section_1'  class='main_color av_default_container_wrap container_wrap sidebar_right'  ><div class='container av-section-cont-open' ><div class='template-page content  av-content-small alpha units'><div class='post-entry post-entry-type-page post-entry-1573'><div class='entry-content-wrapper clearfix'>\n<section  class='av_textblock_section av-jtpqpty6-550c066a997ebaf648fccc87d0b9ff16 '   itemscope=\"itemscope\" itemtype=\"https:\/\/schema.org\/BlogPosting\" itemprop=\"blogPost\" ><div class='avia_textblock'  itemprop=\"text\" >\n<\/div><\/section>\n<\/div><\/div><\/div><!-- close content main div --><\/div><\/div><div id='av_section_2'  class='avia-section av-jt5vrdgv-4386718e65b314e69682ca60ae604601 main_color avia-section-default avia-no-border-styling  avia-builder-el-4  el_after_av_textblock  el_before_av_section  reduced-content avia-bg-style-scroll container_wrap sidebar_right'  ><div class='container av-section-cont-open' ><div class='template-page content  av-content-small alpha units'><div class='post-entry post-entry-type-page post-entry-1573'><div class='entry-content-wrapper clearfix'>\n<section  class='av_textblock_section av-jt5tjyk0-1e04ddf86ca9bd8201b4b17bbb4a6491 '   itemscope=\"itemscope\" itemtype=\"https:\/\/schema.org\/BlogPosting\" itemprop=\"blogPost\" ><div class='avia_textblock'  itemprop=\"text\" ><div id=\"js-table-of-contents\">\r\n    <strong>Inhaltsverzeichnis<\/strong>\r\n<\/div>\n<\/div><\/section>\n\n<\/div><\/div><\/div><!-- close content main div --><\/div><\/div><div id='av_section_3'  class='avia-section av-jt5vrdgv-4386718e65b314e69682ca60ae604601 main_color avia-section-default avia-no-border-styling  avia-builder-el-6  el_after_av_section  el_before_av_section  reduced-content avia-bg-style-scroll container_wrap sidebar_right'  ><div class='container av-section-cont-open' ><div class='template-page content  av-content-small alpha units'><div class='post-entry post-entry-type-page post-entry-1573'><div class='entry-content-wrapper clearfix'>\n\n<style type=\"text\/css\" data-created_by=\"avia_inline_auto\" id=\"style-css-av-1g5aou-6e8505d9de1136ce38f66b0d0e5d2a36\">\n.flex_column.av-1g5aou-6e8505d9de1136ce38f66b0d0e5d2a36{\nborder-radius:0px 0px 0px 0px;\npadding:0px 0px 0px 0px;\n}\n<\/style>\n<div  class='flex_column av-1g5aou-6e8505d9de1136ce38f66b0d0e5d2a36 av_one_full  avia-builder-el-7  avia-builder-el-no-sibling  first flex_column_div av-zero-column-padding  '     ><section  class='av_textblock_section av-jt5tjyk0-0d18eb781390b291547f54187af4d25e '   itemscope=\"itemscope\" itemtype=\"https:\/\/schema.org\/BlogPosting\" itemprop=\"blogPost\" ><div class='avia_textblock'  itemprop=\"text\" ><h2>Wohnmobil mieten am Chiemsee: Diese Stationen befinden sich in der N\u00e4he<\/h2>\n<p>Sie m\u00f6chten rund um den Chiemsee ein Wohnmobil mieten? Dann haben Sie die sprichw\u00f6rtliche Qual der Wahl. Verteilt auf diverse St\u00e4dte befinden sich gleich mehrere Anmietstationen entlang des Chiemsees. W\u00e4hlen k\u00f6nnen Sie \u2013 je nach Entfernung zu Ihrem Wohnort bzw. Ihrer Anfahrt \u2013 etwa zwischen den Stationen in<\/p>\n<ul>\n<li><a href=\"https:\/\/www.tuicamper.com\/reiseziele\/europa\/deutschland\/rosenheim\/\">Rosenheim<\/a>,<\/li>\n<li><a href=\"https:\/\/www.tuicamper.com\/reiseziele\/europa\/deutschland\/passau\/\">Passau<\/a>,<\/li>\n<li><a href=\"https:\/\/www.tuicamper.com\/reiseziele\/europa\/deutschland\/isny\/\">Isny<\/a>\u00a0und<\/li>\n<li><a href=\"https:\/\/www.tuicamper.com\/reiseziele\/europa\/deutschland\/muenchen\/\">M\u00fcnchen<\/a>.<\/li>\n<\/ul>\n<p>Von s\u00e4mtlichen Stationen aus erreichen Sie die Ufer des Chiemsees innerhalb weniger Stunden.<\/p>\n<\/div><\/section><\/div><\/div><\/div><\/div><!-- close content main div --><\/div><\/div><div id='av_section_4'  class='avia-section av-b7gvl-1eb57de5f7b7a94c40602e8cf977ebb0 main_color avia-section-default avia-no-border-styling  avia-builder-el-9  el_after_av_section  el_before_av_section  reduced-content avia-bg-style-scroll container_wrap sidebar_right'  ><div class='container av-section-cont-open' ><div class='template-page content  av-content-small alpha units'><div class='post-entry post-entry-type-page post-entry-1573'><div class='entry-content-wrapper clearfix'>\n\n<style type=\"text\/css\" data-created_by=\"avia_inline_auto\" id=\"style-css-av-jtplvt5k-c4a54bca2519024bd499d699c4f3b810\">\n.avia-image-container.av-jtplvt5k-c4a54bca2519024bd499d699c4f3b810 img.avia_image{\nbox-shadow:none;\n}\n.avia-image-container.av-jtplvt5k-c4a54bca2519024bd499d699c4f3b810 .av-caption-image-overlay-bg{\nopacity:0.4;\nbackground-color:#000000;\n}\n.avia-image-container.av-jtplvt5k-c4a54bca2519024bd499d699c4f3b810 .av-image-caption-overlay-center{\ncolor:#ffffff;\n}\n<\/style>\n<div  class='avia-image-container av-jtplvt5k-c4a54bca2519024bd499d699c4f3b810 av-styling- av-img-linked avia_animated_image av-animated-when-visible-95 fade-in avia-align-center  avia-builder-el-10  avia-builder-el-no-sibling  noHover av-overlay-on-hover'   itemprop=\"image\" itemscope=\"itemscope\" itemtype=\"https:\/\/schema.org\/ImageObject\" ><div class=\"avia-image-container-inner\"><div class=\"avia-image-overlay-wrap\"><a href=\"https:\/\/www.tuicamper.com\/wp-docker\/wp-content\/uploads\/2019\/04\/segelboote-chiemsee-1030x686.jpg\" data-srcset=\"https:\/\/www.tuicamper.com\/wp-docker\/wp-content\/uploads\/2019\/04\/segelboote-chiemsee-1030x686.jpg 1030w, https:\/\/www.tuicamper.com\/wp-docker\/wp-content\/uploads\/2019\/04\/segelboote-chiemsee-300x200.jpg 300w, https:\/\/www.tuicamper.com\/wp-docker\/wp-content\/uploads\/2019\/04\/segelboote-chiemsee-768x512.jpg 768w, https:\/\/www.tuicamper.com\/wp-docker\/wp-content\/uploads\/2019\/04\/segelboote-chiemsee-705x470.jpg 705w, https:\/\/www.tuicamper.com\/wp-docker\/wp-content\/uploads\/2019\/04\/segelboote-chiemsee-450x300.jpg 450w, https:\/\/www.tuicamper.com\/wp-docker\/wp-content\/uploads\/2019\/04\/segelboote-chiemsee.jpg 1280w\" data-sizes=\"(max-width: 1030px) 100vw, 1030px\" class='avia_image '  aria-label='Segelboote auf dem Chiemsee'><div class=\"av-image-caption-overlay\"><div class=\"av-caption-image-overlay-bg\"><\/div><div class=\"av-image-caption-overlay-position\"><div class=\"av-image-caption-overlay-center\"><p>Segelboote auf dem Chiemsee<\/p>\n<\/div><\/div><\/div><img decoding=\"async\" fetchpriority=\"high\" class='wp-image-1693 avia-img-lazy-loading-not-1693 avia_image ' src=\"https:\/\/www.tuicamper.com\/wp-docker\/wp-content\/uploads\/2019\/04\/segelboote-chiemsee-1280x630.jpg\" alt='Segelboote auf dem Chiemsee' title='Segelboote auf dem Chiemsee'  height=\"630\" width=\"1280\"  itemprop=\"thumbnailUrl\"  \/><\/a><\/div><\/div><\/div>\n<\/p>\n<\/div><\/div><\/div><!-- close content main div --><\/div><\/div><div id='av_section_5'  class='avia-section av-jt5vrdgv-4386718e65b314e69682ca60ae604601 main_color avia-section-default avia-no-border-styling  avia-builder-el-11  el_after_av_section  el_before_av_section  reduced-content avia-bg-style-scroll container_wrap sidebar_right'  ><div class='container av-section-cont-open' ><div class='template-page content  av-content-small alpha units'><div class='post-entry post-entry-type-page post-entry-1573'><div class='entry-content-wrapper clearfix'>\n\n<style type=\"text\/css\" data-created_by=\"avia_inline_auto\" id=\"style-css-av-1g5aou-6e8505d9de1136ce38f66b0d0e5d2a36\">\n.flex_column.av-1g5aou-6e8505d9de1136ce38f66b0d0e5d2a36{\nborder-radius:0px 0px 0px 0px;\npadding:0px 0px 0px 0px;\n}\n<\/style>\n<div  class='flex_column av-1g5aou-6e8505d9de1136ce38f66b0d0e5d2a36 av_one_full  avia-builder-el-12  avia-builder-el-no-sibling  first flex_column_div av-zero-column-padding  '     ><section  class='av_textblock_section av-jt5tjyk0-1e04ddf86ca9bd8201b4b17bbb4a6491 '   itemscope=\"itemscope\" itemtype=\"https:\/\/schema.org\/BlogPosting\" itemprop=\"blogPost\" ><div class='avia_textblock'  itemprop=\"text\" ><h2>5 Highlights und Hotspots rund um den Chiemsee<\/h2>\n<p>Dass der Chiemsee Jahr f\u00fcr Jahr zahlreiche Camper anzieht, kommt nicht von ungef\u00e4hr. Zahlreiche Highlights, Hotspots und Aktivit\u00e4ten machen Chiemsee und Chiemgau so facettenreich, dass es in jedem Wohnmobil-Urlaub wieder etwas Neues zu entdecken gibt. Zumindest f\u00fcnf Chiemsee-Highlights wollen wir an dieser Stelle in den Fokus nehmen.<\/p>\n<\/div><\/section><\/div>\n\n<\/div><\/div><\/div><!-- close content main div --><\/div><\/div><div id='av_section_6'  class='avia-section av-jt5vrdgv-4386718e65b314e69682ca60ae604601 main_color avia-section-default avia-no-border-styling  avia-builder-el-14  el_after_av_section  el_before_av_section  reduced-content avia-bg-style-scroll container_wrap sidebar_right'  ><div class='container av-section-cont-open' ><div class='template-page content  av-content-small alpha units'><div class='post-entry post-entry-type-page post-entry-1573'><div class='entry-content-wrapper clearfix'>\n\n<style type=\"text\/css\" data-created_by=\"avia_inline_auto\" id=\"style-css-av-1g5aou-6e8505d9de1136ce38f66b0d0e5d2a36\">\n.flex_column.av-1g5aou-6e8505d9de1136ce38f66b0d0e5d2a36{\nborder-radius:0px 0px 0px 0px;\npadding:0px 0px 0px 0px;\n}\n<\/style>\n<div  class='flex_column av-1g5aou-6e8505d9de1136ce38f66b0d0e5d2a36 av_one_full  avia-builder-el-15  avia-builder-el-no-sibling  first flex_column_div av-zero-column-padding  '     ><section  class='av_textblock_section av-jt5tjyk0-1e04ddf86ca9bd8201b4b17bbb4a6491 '   itemscope=\"itemscope\" itemtype=\"https:\/\/schema.org\/BlogPosting\" itemprop=\"blogPost\" ><div class='avia_textblock'  itemprop=\"text\" ><h3>1.) Die Fraueninsel: Willkommen in der Chiemsee-Idylle<\/h3>\n<p>Mit \u00fcberschaubaren 15,5 ha ist die im Chiemsee gelegene Fraueninsel deutlich kleiner als die Herreninsel. Als Ausflugsziel ist sie allerdings ungleich beliebter. Anziehungspunkt ist unter anderem das idyllische Kloster Frauenchiemsee, das rund ein Drittel der gesamten Inselfl\u00e4che ausmacht. Im Rahmen von verschiedenen Seminaren und Lesungen k\u00f6nnen Besucher nach Voranmeldung ins kl\u00f6sterliche Leben eintauchen. Auch ein Spaziergang um die beschauliche Insel mit ihren rund 50 dauerhaft bewohnten H\u00e4uschen lohnt.<br \/>\n<b>Tipp<\/b>: F\u00fcr alle Urlauber, die im Winter unterwegs sind, lohnt sich ein Besuch der Fraueninsel insbesondere\u00a0am ersten und zweiten Adventswochenende. Zu dieser Zeit wird auf der Insel ein romantischer\u00a0<a href=\"https:\/\/www.christkindlmarkt-fraueninsel.de\/\" target=\"_blank\" rel=\"noopener\">Christkindlmarkt<\/a>\u00a0veranstaltet, der mittlerweile weit \u00fcber die Grenzen des Chiemgaus bekannt ist.<\/p>\n<\/div><\/section><\/div>\n\n<\/div><\/div><\/div><!-- close content main div --><\/div><\/div><div id='av_section_7'  class='avia-section av-b7gvl-1eb57de5f7b7a94c40602e8cf977ebb0 main_color avia-section-default avia-no-border-styling  avia-builder-el-17  el_after_av_section  el_before_av_section  reduced-content avia-bg-style-scroll container_wrap sidebar_right'  ><div class='container av-section-cont-open' ><div class='template-page content  av-content-small alpha units'><div class='post-entry post-entry-type-page post-entry-1573'><div class='entry-content-wrapper clearfix'>\n\n<style type=\"text\/css\" data-created_by=\"avia_inline_auto\" id=\"style-css-av-jtplvt5k-d58cf0fc96327924ddb1f2506ba4c6d5\">\n.avia-image-container.av-jtplvt5k-d58cf0fc96327924ddb1f2506ba4c6d5 img.avia_image{\nbox-shadow:none;\n}\n.avia-image-container.av-jtplvt5k-d58cf0fc96327924ddb1f2506ba4c6d5 .av-caption-image-overlay-bg{\nopacity:0.4;\nbackground-color:#000000;\n}\n.avia-image-container.av-jtplvt5k-d58cf0fc96327924ddb1f2506ba4c6d5 .av-image-caption-overlay-center{\ncolor:#ffffff;\n}\n<\/style>\n<div  class='avia-image-container av-jtplvt5k-d58cf0fc96327924ddb1f2506ba4c6d5 av-styling- av-img-linked avia_animated_image av-animated-when-visible-95 fade-in avia-align-center  avia-builder-el-18  avia-builder-el-no-sibling  noHover av-overlay-on-hover'   itemprop=\"image\" itemscope=\"itemscope\" itemtype=\"https:\/\/schema.org\/ImageObject\" ><div class=\"avia-image-container-inner\"><div class=\"avia-image-overlay-wrap\"><a href=\"https:\/\/www.tuicamper.com\/wp-docker\/wp-content\/uploads\/2019\/04\/fraueninsel-chiemsee-1030x579.jpg\" data-srcset=\"https:\/\/www.tuicamper.com\/wp-docker\/wp-content\/uploads\/2019\/04\/fraueninsel-chiemsee-1030x579.jpg 1030w, https:\/\/www.tuicamper.com\/wp-docker\/wp-content\/uploads\/2019\/04\/fraueninsel-chiemsee-300x169.jpg 300w, https:\/\/www.tuicamper.com\/wp-docker\/wp-content\/uploads\/2019\/04\/fraueninsel-chiemsee-768x432.jpg 768w, https:\/\/www.tuicamper.com\/wp-docker\/wp-content\/uploads\/2019\/04\/fraueninsel-chiemsee-705x397.jpg 705w, https:\/\/www.tuicamper.com\/wp-docker\/wp-content\/uploads\/2019\/04\/fraueninsel-chiemsee-450x253.jpg 450w, https:\/\/www.tuicamper.com\/wp-docker\/wp-content\/uploads\/2019\/04\/fraueninsel-chiemsee.jpg 1280w\" data-sizes=\"(max-width: 1030px) 100vw, 1030px\" class='avia_image '  aria-label='Die Fraueninsel im Chiemsee'><div class=\"av-image-caption-overlay\"><div class=\"av-caption-image-overlay-bg\"><\/div><div class=\"av-image-caption-overlay-position\"><div class=\"av-image-caption-overlay-center\"><p>Die Fraueninsel im Chiemsee<\/p>\n<\/div><\/div><\/div><img decoding=\"async\" fetchpriority=\"high\" class='wp-image-1696 avia-img-lazy-loading-not-1696 avia_image ' src=\"https:\/\/www.tuicamper.com\/wp-docker\/wp-content\/uploads\/2019\/04\/fraueninsel-chiemsee-1280x630.jpg\" alt='Die Fraueninsel im Chiemsee' title='Die Fraueninsel im Chiemsee'  height=\"630\" width=\"1280\"  itemprop=\"thumbnailUrl\"  \/><\/a><\/div><\/div><\/div>\n\n<\/div><\/div><\/div><!-- close content main div --><\/div><\/div><div id='av_section_8'  class='avia-section av-jt5vrdgv-4386718e65b314e69682ca60ae604601 main_color avia-section-default avia-no-border-styling  avia-builder-el-19  el_after_av_section  el_before_av_section  reduced-content avia-bg-style-scroll container_wrap sidebar_right'  ><div class='container av-section-cont-open' ><div class='template-page content  av-content-small alpha units'><div class='post-entry post-entry-type-page post-entry-1573'><div class='entry-content-wrapper clearfix'>\n\n<style type=\"text\/css\" data-created_by=\"avia_inline_auto\" id=\"style-css-av-1g5aou-6e8505d9de1136ce38f66b0d0e5d2a36\">\n.flex_column.av-1g5aou-6e8505d9de1136ce38f66b0d0e5d2a36{\nborder-radius:0px 0px 0px 0px;\npadding:0px 0px 0px 0px;\n}\n<\/style>\n<div  class='flex_column av-1g5aou-6e8505d9de1136ce38f66b0d0e5d2a36 av_one_full  avia-builder-el-20  avia-builder-el-no-sibling  first flex_column_div av-zero-column-padding  '     ><section  class='av_textblock_section av-jt5tjyk0-1e04ddf86ca9bd8201b4b17bbb4a6491 '   itemscope=\"itemscope\" itemtype=\"https:\/\/schema.org\/BlogPosting\" itemprop=\"blogPost\" ><div class='avia_textblock'  itemprop=\"text\" ><h3>2.) Surfen und Segeln am Chiemsee<\/h3>\n<p>Der Chiemsee gilt als der Hotspot f\u00fcr Wassersportler in Deutschland. Insbesondere Surfer und Segler kommen hier voll auf ihre Kosten. Das liegt vor allem an den extrem g\u00fcnstigen Windverh\u00e4ltnissen auf dem Chiemsee, die rasante Surf- und Segeltouren versprechen. Wassersportbegeisterte Camper sind hier also genau an der richtigen Adresse. Nicht umsonst tr\u00e4gt der Chiemsee den vielsagenden Beinamen \u201eBayerisches Meer\u201c.<\/p>\n<\/div><\/section><\/div>\n\n<\/div><\/div><\/div><!-- close content main div --><\/div><\/div><div id='av_section_9'  class='avia-section av-jt5vrdgv-4386718e65b314e69682ca60ae604601 main_color avia-section-default avia-no-border-styling  avia-builder-el-22  el_after_av_section  el_before_av_section  reduced-content avia-bg-style-scroll container_wrap sidebar_right'  ><div class='container av-section-cont-open' ><div class='template-page content  av-content-small alpha units'><div class='post-entry post-entry-type-page post-entry-1573'><div class='entry-content-wrapper clearfix'>\n\n<style type=\"text\/css\" data-created_by=\"avia_inline_auto\" id=\"style-css-av-1g5aou-6e8505d9de1136ce38f66b0d0e5d2a36\">\n.flex_column.av-1g5aou-6e8505d9de1136ce38f66b0d0e5d2a36{\nborder-radius:0px 0px 0px 0px;\npadding:0px 0px 0px 0px;\n}\n<\/style>\n<div  class='flex_column av-1g5aou-6e8505d9de1136ce38f66b0d0e5d2a36 av_one_full  avia-builder-el-23  avia-builder-el-no-sibling  first flex_column_div av-zero-column-padding  '     ><section  class='av_textblock_section av-jt5tjyk0-1e04ddf86ca9bd8201b4b17bbb4a6491 '   itemscope=\"itemscope\" itemtype=\"https:\/\/schema.org\/BlogPosting\" itemprop=\"blogPost\" ><div class='avia_textblock'  itemprop=\"text\" ><h3>3.) Chieming: Wo der Sonnenuntergang am sch\u00f6nsten ist<\/h3>\n<p>Wenn die Sonne das Wasser des Chiemsees in fl\u00fcssiges Gold verwandelt, der warme Sand die nackten F\u00fc\u00dfe w\u00e4rmt und sich die majest\u00e4tischen Chiemgauer Alpen umso klarer am Horizont abzeichnen, beschert der Chiemsee Campern die erinnerungsw\u00fcrdigsten Momente. Die ber\u00fchmten Sonnenunterg\u00e4nge lassen sich von vielen Stellen entlang des Chiemsees genie\u00dfen. Besonders sch\u00f6n ist der Anblick allerdings von Chieming aus. Stolze sechs Kilometer flaches Seeufer bietet die Ortschaft \u2013 mit direktem Blick auf die Berglandschaft des Chiemgaus.<\/p>\n<\/div><\/section><\/div>\n\n<\/div><\/div><\/div><!-- close content main div --><\/div><\/div><div id='av_section_10'  class='avia-section av-b7gvl-1eb57de5f7b7a94c40602e8cf977ebb0 main_color avia-section-default avia-no-border-styling  avia-builder-el-25  el_after_av_section  el_before_av_section  reduced-content avia-bg-style-scroll container_wrap sidebar_right'  ><div class='container av-section-cont-open' ><div class='template-page content  av-content-small alpha units'><div class='post-entry post-entry-type-page post-entry-1573'><div class='entry-content-wrapper clearfix'>\n\n<style type=\"text\/css\" data-created_by=\"avia_inline_auto\" id=\"style-css-av-jtplvt5k-0ec15b7f17f9bb5fb9e45133ca0cbc26\">\n.avia-image-container.av-jtplvt5k-0ec15b7f17f9bb5fb9e45133ca0cbc26 img.avia_image{\nbox-shadow:none;\n}\n.avia-image-container.av-jtplvt5k-0ec15b7f17f9bb5fb9e45133ca0cbc26 .av-caption-image-overlay-bg{\nopacity:0.4;\nbackground-color:#000000;\n}\n.avia-image-container.av-jtplvt5k-0ec15b7f17f9bb5fb9e45133ca0cbc26 .av-image-caption-overlay-center{\ncolor:#ffffff;\n}\n<\/style>\n<div  class='avia-image-container av-jtplvt5k-0ec15b7f17f9bb5fb9e45133ca0cbc26 av-styling- av-img-linked avia_animated_image av-animated-when-visible-95 fade-in avia-align-center  avia-builder-el-26  avia-builder-el-no-sibling  noHover av-overlay-on-hover'   itemprop=\"image\" itemscope=\"itemscope\" itemtype=\"https:\/\/schema.org\/ImageObject\" ><div class=\"avia-image-container-inner\"><div class=\"avia-image-overlay-wrap\"><a href=\"https:\/\/www.tuicamper.com\/wp-docker\/wp-content\/uploads\/2019\/04\/sonnenuntergang-chiemsee-1030x773.jpg\" data-srcset=\"https:\/\/www.tuicamper.com\/wp-docker\/wp-content\/uploads\/2019\/04\/sonnenuntergang-chiemsee-1030x773.jpg 1030w, https:\/\/www.tuicamper.com\/wp-docker\/wp-content\/uploads\/2019\/04\/sonnenuntergang-chiemsee-300x225.jpg 300w, https:\/\/www.tuicamper.com\/wp-docker\/wp-content\/uploads\/2019\/04\/sonnenuntergang-chiemsee-768x576.jpg 768w, https:\/\/www.tuicamper.com\/wp-docker\/wp-content\/uploads\/2019\/04\/sonnenuntergang-chiemsee-705x529.jpg 705w, https:\/\/www.tuicamper.com\/wp-docker\/wp-content\/uploads\/2019\/04\/sonnenuntergang-chiemsee-450x338.jpg 450w, https:\/\/www.tuicamper.com\/wp-docker\/wp-content\/uploads\/2019\/04\/sonnenuntergang-chiemsee.jpg 1280w\" data-sizes=\"(max-width: 1030px) 100vw, 1030px\" class='avia_image '  aria-label='Sonnenuntergang \u00fcber dem Chiemsee'><div class=\"av-image-caption-overlay\"><div class=\"av-caption-image-overlay-bg\"><\/div><div class=\"av-image-caption-overlay-position\"><div class=\"av-image-caption-overlay-center\"><p>Sonnenuntergang \u00fcber dem Chiemsee<\/p>\n<\/div><\/div><\/div><img decoding=\"async\" fetchpriority=\"high\" class='wp-image-1697 avia-img-lazy-loading-not-1697 avia_image ' src=\"https:\/\/www.tuicamper.com\/wp-docker\/wp-content\/uploads\/2019\/04\/sonnenuntergang-chiemsee-1280x630.jpg\" alt='Sonnenuntergang \u00fcber dem Chiemsee' title='Sonnenuntergang \u00fcber dem Chiemsee'  height=\"630\" width=\"1280\"  itemprop=\"thumbnailUrl\"  \/><\/a><\/div><\/div><\/div>\n\n<\/div><\/div><\/div><!-- close content main div --><\/div><\/div><div id='av_section_11'  class='avia-section av-jt5vrdgv-4386718e65b314e69682ca60ae604601 main_color avia-section-default avia-no-border-styling  avia-builder-el-27  el_after_av_section  el_before_av_section  reduced-content avia-bg-style-scroll container_wrap sidebar_right'  ><div class='container av-section-cont-open' ><div class='template-page content  av-content-small alpha units'><div class='post-entry post-entry-type-page post-entry-1573'><div class='entry-content-wrapper clearfix'>\n\n<style type=\"text\/css\" data-created_by=\"avia_inline_auto\" id=\"style-css-av-1g5aou-6e8505d9de1136ce38f66b0d0e5d2a36\">\n.flex_column.av-1g5aou-6e8505d9de1136ce38f66b0d0e5d2a36{\nborder-radius:0px 0px 0px 0px;\npadding:0px 0px 0px 0px;\n}\n<\/style>\n<div  class='flex_column av-1g5aou-6e8505d9de1136ce38f66b0d0e5d2a36 av_one_full  avia-builder-el-28  el_before_av_button  avia-builder-el-first  first flex_column_div av-zero-column-padding  '     ><section  class='av_textblock_section av-jt5tjyk0-1e04ddf86ca9bd8201b4b17bbb4a6491 '   itemscope=\"itemscope\" itemtype=\"https:\/\/schema.org\/BlogPosting\" itemprop=\"blogPost\" ><div class='avia_textblock'  itemprop=\"text\" ><h3>4.) Tittmoning: das Chiemgauer Juwel<\/h3>\n<p>Auch st\u00e4dtetechnisch haben Chiemsee und Chiemgau so einiges zu bieten. Bestes Beispiel: Tittmoning. Die kleine Stadt wartet mit einer eindrucksvollen Burganlage und einer historischen Altstadt auf. Ein Spaziergang durch die verwinkelten Gassen, entlang derer immer wieder kleine Brunnen, Tore und Kirchen ersp\u00e4ht werden k\u00f6nnen, ist w\u00e4rmstens zu empfehlen. Dass Tittmoning auch noch mit diversen Festivals und einem Kunsthandwerkmarkt aufwartet, rundet einen Ausflug zur Stadt ab.<\/p>\n<\/div><\/section><\/div><div  class='avia-button-wrap av-ju2eusip-835d1ab8fdd045aebc3bdaa25c325e82-wrap avia-button-center  avia-builder-el-30  el_after_av_one_full  avia-builder-el-last '><a href='https:\/\/www.tuicamper.com\/reiseziele\/europa\/deutschland\/'  class='avia-button av-ju2eusip-835d1ab8fdd045aebc3bdaa25c325e82 av-link-btn avia-icon_select-yes-right-icon avia-size-large avia-position-center avia-color-theme-color'   aria-label=\"Jetzt Wohnmobil mieten f\u00fcr Deutschland\"><span class='avia_iconbox_title' >Jetzt Wohnmobil mieten f\u00fcr Deutschland<\/span><span class='avia_button_icon avia_button_icon_right avia-iconfont avia-font-entypo-fontello' data-av_icon='\ue875' data-av_iconfont='entypo-fontello' ><\/span><\/a><\/div>\n\n<\/div><\/div><\/div><!-- close content main div --><\/div><\/div><div id='av_section_12'  class='avia-section av-jt5vrdgv-4386718e65b314e69682ca60ae604601 main_color avia-section-default avia-no-border-styling  avia-builder-el-31  el_after_av_section  el_before_av_textblock  reduced-content avia-bg-style-scroll container_wrap sidebar_right'  ><div class='container av-section-cont-open' ><div class='template-page content  av-content-small alpha units'><div class='post-entry post-entry-type-page post-entry-1573'><div class='entry-content-wrapper clearfix'>\n\n<style type=\"text\/css\" data-created_by=\"avia_inline_auto\" id=\"style-css-av-1g5aou-6e8505d9de1136ce38f66b0d0e5d2a36\">\n.flex_column.av-1g5aou-6e8505d9de1136ce38f66b0d0e5d2a36{\nborder-radius:0px 0px 0px 0px;\npadding:0px 0px 0px 0px;\n}\n<\/style>\n<div  class='flex_column av-1g5aou-6e8505d9de1136ce38f66b0d0e5d2a36 av_one_full  avia-builder-el-32  avia-builder-el-no-sibling  first flex_column_div av-zero-column-padding  '     ><section  class='av_textblock_section av-jt5tjyk0-1e04ddf86ca9bd8201b4b17bbb4a6491 '   itemscope=\"itemscope\" itemtype=\"https:\/\/schema.org\/BlogPosting\" itemprop=\"blogPost\" ><div class='avia_textblock'  itemprop=\"text\" ><h3>5.) Die Eggst\u00e4dt-Hemhofer Seenplatte: untersch\u00e4tztes Kleinod<\/h3>\n<p>Der Chiemsee ist nicht das einzige sehenswerte Gew\u00e4sser in S\u00fcdbayern. Nicht minder sch\u00f6n ist die Eggst\u00e4dt-Hemhofer Seenplatte. Als Ausflugsziele erstaunlicherweise noch fast ein Geheimtipp, sind die insgesamt 18 kleinen Seen ein echtes Naturparadies. Unz\u00e4hlige Tiere und Pflanzen sind hier heimisch. An den gr\u00f6\u00dferen Seen \u2013 beispielsweise am Hartsee \u2013 gibt es sogar Strandb\u00e4der, die das Baden erm\u00f6glichen. Ganz abseits von l\u00e4rmenden Touristenmassen.<\/p>\n<\/div><\/section><\/div>\n<\/div><\/div><\/div><!-- close content main div --><\/div><\/div><div id='after_section_12'  class='main_color av_default_container_wrap container_wrap sidebar_right'  ><div class='container av-section-cont-open' ><div class='template-page content  av-content-small alpha units'><div class='post-entry post-entry-type-page post-entry-1573'><div class='entry-content-wrapper clearfix'>\n<section  class='av_textblock_section av-jtpqpty6-550c066a997ebaf648fccc87d0b9ff16 '   itemscope=\"itemscope\" itemtype=\"https:\/\/schema.org\/BlogPosting\" itemprop=\"blogPost\" ><div class='avia_textblock'  itemprop=\"text\" >\r\n<div style=\"clear: both;\"><\/div>\r\n<div class=\"post-breaker-item breaker-type-default\">\r\n    <div class=\"post-breaker-item-inner\">\r\n                    \n<style type=\"text\/css\" data-created_by=\"avia_inline_auto\" id=\"style-css-av-jtpksizx-4b352f2a2752c01e58a4c67632af1aa6\">\n#top .av_textblock_section.av-jtpksizx-4b352f2a2752c01e58a4c67632af1aa6 .avia_textblock{\nfont-size:28px;\n}\n<\/style>\n<section  class='av_textblock_section av-jtpksizx-4b352f2a2752c01e58a4c67632af1aa6 '   itemscope=\"itemscope\" itemtype=\"https:\/\/schema.org\/BlogPosting\" itemprop=\"blogPost\" ><div class='avia_textblock'  itemprop=\"text\" ><p><strong>\u2013 Lesen Sie auch \u2013<\/strong><\/p>\n<\/div><\/section>\n\n<style type=\"text\/css\" data-created_by=\"avia_inline_auto\" id=\"style-css-av-7tzf5-e6e9a5bdae0b67e6b0f568ed33849f23\">\n.flex_column.av-7tzf5-e6e9a5bdae0b67e6b0f568ed33849f23{\nborder-radius:0px 0px 0px 0px;\npadding:0px 0px 0px 0px;\n}\n<\/style>\n<div  class='flex_column av-7tzf5-e6e9a5bdae0b67e6b0f568ed33849f23 av_one_third first flex_column_div av-zero-column-padding  '     ><p>\n<style type=\"text\/css\" data-created_by=\"avia_inline_auto\" id=\"style-css-av-jt75ko0n-789a284cee69e08c8b03dfa3ef7ffaf3\">\n.avia-image-container.av-jt75ko0n-789a284cee69e08c8b03dfa3ef7ffaf3 img.avia_image{\nbox-shadow:none;\n}\n.avia-image-container.av-jt75ko0n-789a284cee69e08c8b03dfa3ef7ffaf3 .av-image-caption-overlay-center{\ncolor:#ffffff;\n}\n<\/style>\n<div  class='avia-image-container av-jt75ko0n-789a284cee69e08c8b03dfa3ef7ffaf3 av-styling-no-styling av-hover-grow av-hide-overflow av-img-linked avia_animated_image av-animated-when-visible-95 fade-in avia-align-left'   itemprop=\"image\" itemscope=\"itemscope\" itemtype=\"https:\/\/schema.org\/ImageObject\" ><div class=\"avia-image-container-inner\"><div class=\"avia-image-overlay-wrap\"><a href=\"https:\/\/www.tuicamper.com\/magazin\/wohnmobil-bodensee\/\" class='avia_image '  aria-label='Wohnmobil Bodensee'><img decoding=\"async\" fetchpriority=\"high\" class='wp-image-719 avia-img-lazy-loading-not-719 avia_image ' src=\"https:\/\/www.tuicamper.com\/wp-docker\/wp-content\/uploads\/2019\/04\/wohnmobil-bodensee-teaser.jpg\" alt='Wohnmobil Bodensee' title='Wohnmobil Bodensee'  height=\"200\" width=\"350\"  itemprop=\"thumbnailUrl\" srcset=\"https:\/\/www.tuicamper.com\/wp-docker\/wp-content\/uploads\/2019\/04\/wohnmobil-bodensee-teaser.jpg 350w, https:\/\/www.tuicamper.com\/wp-docker\/wp-content\/uploads\/2019\/04\/wohnmobil-bodensee-teaser-300x171.jpg 300w\" sizes=\"(max-width: 350px) 100vw, 350px\" \/><\/a><\/div><\/div><\/div><br \/>\n<section  class='av_textblock_section av-jt75lbqb-bba29013bb6610b0762c56b6a5ae7819 '   itemscope=\"itemscope\" itemtype=\"https:\/\/schema.org\/BlogPosting\" itemprop=\"blogPost\" ><div class='avia_textblock'  itemprop=\"text\" ><p style=\"text-align: left;\"><a href=\"https:\/\/www.tuicamper.com\/magazin\/wohnmobil-bodensee\/\"><strong>Wohnmobil Bodensee \u2013 Highlights, Ausfl\u00fcge &amp; die besten Stellpl\u00e4tze<\/strong><\/a><\/p>\n<\/div><\/section><\/p><\/div>\n<style type=\"text\/css\" data-created_by=\"avia_inline_auto\" id=\"style-css-av-ehyb5-8fadcff6392c44a3fc98dc4b014d4246\">\n.flex_column.av-ehyb5-8fadcff6392c44a3fc98dc4b014d4246{\nborder-radius:0px 0px 0px 0px;\npadding:0px 0px 0px 0px;\n}\n<\/style>\n<div  class='flex_column av-ehyb5-8fadcff6392c44a3fc98dc4b014d4246 av_one_third flex_column_div av-zero-column-padding  '     ><p>\n<style type=\"text\/css\" data-created_by=\"avia_inline_auto\" id=\"style-css-av-jt75ko0n-41eff700c0bab3736f809dc0fe5be0c0\">\n.avia-image-container.av-jt75ko0n-41eff700c0bab3736f809dc0fe5be0c0 img.avia_image{\nbox-shadow:none;\n}\n.avia-image-container.av-jt75ko0n-41eff700c0bab3736f809dc0fe5be0c0 .av-image-caption-overlay-center{\ncolor:#ffffff;\n}\n<\/style>\n<div  class='avia-image-container av-jt75ko0n-41eff700c0bab3736f809dc0fe5be0c0 av-styling-no-styling av-hover-grow av-hide-overflow av-img-linked avia_animated_image av-animated-when-visible-95 fade-in avia-align-left'   itemprop=\"image\" itemscope=\"itemscope\" itemtype=\"https:\/\/schema.org\/ImageObject\" ><div class=\"avia-image-container-inner\"><div class=\"avia-image-overlay-wrap\"><a href=\"https:\/\/www.tuicamper.com\/magazin\/allgaeu-urlaub-mit-dem-wohnmobil\/\" class='avia_image '  aria-label='Allg\u00e4u Urlaub'><img decoding=\"async\" fetchpriority=\"high\" class='wp-image-570 avia-img-lazy-loading-not-570 avia_image ' src=\"https:\/\/www.tuicamper.com\/wp-docker\/wp-content\/uploads\/2019\/03\/allgaeu-urlaub-teaser.jpg\" alt='Allg\u00e4u Urlaub' title='Allg\u00e4u Urlaub'  height=\"200\" width=\"350\"  itemprop=\"thumbnailUrl\" srcset=\"https:\/\/www.tuicamper.com\/wp-docker\/wp-content\/uploads\/2019\/03\/allgaeu-urlaub-teaser.jpg 350w, https:\/\/www.tuicamper.com\/wp-docker\/wp-content\/uploads\/2019\/03\/allgaeu-urlaub-teaser-300x171.jpg 300w\" sizes=\"(max-width: 350px) 100vw, 350px\" \/><\/a><\/div><\/div><\/div><br \/>\n<section  class='av_textblock_section av-jt75lbqb-bba29013bb6610b0762c56b6a5ae7819 '   itemscope=\"itemscope\" itemtype=\"https:\/\/schema.org\/BlogPosting\" itemprop=\"blogPost\" ><div class='avia_textblock'  itemprop=\"text\" ><p style=\"text-align: left;\"><strong><a href=\"https:\/\/www.tuicamper.com\/magazin\/allgaeu-urlaub-mit-dem-wohnmobil\/\">Allg\u00e4u-Urlaub mit dem Wohnmobil: Highlights, Camping &amp; Ausflugstipps<\/a><\/strong><\/p>\n<\/div><\/section><\/p><\/div><\/p>\n\n<style type=\"text\/css\" data-created_by=\"avia_inline_auto\" id=\"style-css-av-mjaz5-8c98367a6c18636835015f228c708a47\">\n.flex_column.av-mjaz5-8c98367a6c18636835015f228c708a47{\nborder-radius:0px 0px 0px 0px;\npadding:0px 0px 0px 0px;\n}\n<\/style>\n<div  class='flex_column av-mjaz5-8c98367a6c18636835015f228c708a47 av_one_third flex_column_div av-zero-column-padding  '     ><p>\n<style type=\"text\/css\" data-created_by=\"avia_inline_auto\" id=\"style-css-av-jt75ko0n-a34198ec9bd8aed53c2f3748c1eaa724\">\n.avia-image-container.av-jt75ko0n-a34198ec9bd8aed53c2f3748c1eaa724 img.avia_image{\nbox-shadow:none;\n}\n.avia-image-container.av-jt75ko0n-a34198ec9bd8aed53c2f3748c1eaa724 .av-image-caption-overlay-center{\ncolor:#ffffff;\n}\n<\/style>\n<div  class='avia-image-container av-jt75ko0n-a34198ec9bd8aed53c2f3748c1eaa724 av-styling-no-styling av-hover-grow av-hide-overflow av-img-linked avia_animated_image av-animated-when-visible-95 fade-in avia-align-left'   itemprop=\"image\" itemscope=\"itemscope\" itemtype=\"https:\/\/schema.org\/ImageObject\" ><div class=\"avia-image-container-inner\"><div class=\"avia-image-overlay-wrap\"><a href=\"https:\/\/www.tuicamper.com\/magazin\/saechsische-schweiz\/\" class='avia_image '  ><img decoding=\"async\" fetchpriority=\"high\" class='wp-image-569 avia-img-lazy-loading-not-569 avia_image ' src=\"https:\/\/www.tuicamper.com\/wp-docker\/wp-content\/uploads\/2019\/03\/saechsische-schweiz-teaser.jpg\" alt='S\u00e4chsische Schweiz' title=''  height=\"200\" width=\"350\"  itemprop=\"thumbnailUrl\" srcset=\"https:\/\/www.tuicamper.com\/wp-docker\/wp-content\/uploads\/2019\/03\/saechsische-schweiz-teaser.jpg 350w, https:\/\/www.tuicamper.com\/wp-docker\/wp-content\/uploads\/2019\/03\/saechsische-schweiz-teaser-300x171.jpg 300w\" sizes=\"(max-width: 350px) 100vw, 350px\" \/><\/a><\/div><\/div><\/div><br \/>\n<section  class='av_textblock_section av-jt75lbqb-bba29013bb6610b0762c56b6a5ae7819 '   itemscope=\"itemscope\" itemtype=\"https:\/\/schema.org\/BlogPosting\" itemprop=\"blogPost\" ><div class='avia_textblock'  itemprop=\"text\" ><p style=\"text-align: left;\"><a href=\"https:\/\/www.tuicamper.com\/magazin\/saechsische-schweiz\/\"><strong>Die S\u00e4chsische Schweiz \u2013 Mit dem Wohnmobil ins Elbsandsteingebirge<\/strong><\/a><\/p>\n<\/div><\/section><\/p><\/div>\n            <div style=\"clear: both;\"><\/div>\r\n            <\/div>\r\n<\/div>\r\n\n<\/div><\/section>\n<\/div><\/div><\/div><!-- close content main div --><\/div><\/div><div id='av_section_13'  class='avia-section av-jt5vrdgv-4386718e65b314e69682ca60ae604601 main_color avia-section-default avia-no-border-styling  avia-builder-el-35  el_after_av_textblock  el_before_av_section  reduced-content avia-bg-style-scroll container_wrap sidebar_right'  ><div class='container av-section-cont-open' ><div class='template-page content  av-content-small alpha units'><div class='post-entry post-entry-type-page post-entry-1573'><div class='entry-content-wrapper clearfix'>\n\n<style type=\"text\/css\" data-created_by=\"avia_inline_auto\" id=\"style-css-av-1g5aou-6e8505d9de1136ce38f66b0d0e5d2a36\">\n.flex_column.av-1g5aou-6e8505d9de1136ce38f66b0d0e5d2a36{\nborder-radius:0px 0px 0px 0px;\npadding:0px 0px 0px 0px;\n}\n<\/style>\n<div  class='flex_column av-1g5aou-6e8505d9de1136ce38f66b0d0e5d2a36 av_one_full  avia-builder-el-36  avia-builder-el-no-sibling  first flex_column_div av-zero-column-padding  '     ><section  class='av_textblock_section av-jt5tjyk0-1e04ddf86ca9bd8201b4b17bbb4a6491 '   itemscope=\"itemscope\" itemtype=\"https:\/\/schema.org\/BlogPosting\" itemprop=\"blogPost\" ><div class='avia_textblock'  itemprop=\"text\" ><h2>Empfehlenswerte Campingpl\u00e4tze am Chiemsee im Kurzportrait<\/h2>\n<p>Gute Nachrichten f\u00fcr Camper. Rund um den Chiemsee und im Chiemgau gibt es eine ganze Reihe von empfehlenswerten Campingpl\u00e4tzen. Wir stellen f\u00fcnf von ihnen vor.<\/p>\n<\/div><\/section><\/div>\n\n<\/div><\/div><\/div><!-- close content main div --><\/div><\/div><div id='av_section_14'  class='avia-section av-jt5vrdgv-aaa57a0ec80f3287d16e73c9693d5a37 main_color avia-section-default avia-no-border-styling  avia-builder-el-38  el_after_av_section  el_before_av_section  reduced-content av-mini-hide avia-bg-style-scroll container_wrap sidebar_right'  ><div class='container av-section-cont-open' ><div class='template-page content  av-content-small alpha units'><div class='post-entry post-entry-type-page post-entry-1573'><div class='entry-content-wrapper clearfix'>\n\n\n<\/div><\/div><\/div><!-- close content main div --><\/div><\/div><div id='av_section_15'  class='avia-section av-jt5vrdgv-4386718e65b314e69682ca60ae604601 main_color avia-section-default avia-no-border-styling  avia-builder-el-40  el_after_av_section  el_before_av_section  reduced-content avia-bg-style-scroll container_wrap sidebar_right'  ><div class='container av-section-cont-open' ><div class='template-page content  av-content-small alpha units'><div class='post-entry post-entry-type-page post-entry-1573'><div class='entry-content-wrapper clearfix'>\n\n<style type=\"text\/css\" data-created_by=\"avia_inline_auto\" id=\"style-css-av-1g5aou-6e8505d9de1136ce38f66b0d0e5d2a36\">\n.flex_column.av-1g5aou-6e8505d9de1136ce38f66b0d0e5d2a36{\nborder-radius:0px 0px 0px 0px;\npadding:0px 0px 0px 0px;\n}\n<\/style>\n<div  class='flex_column av-1g5aou-6e8505d9de1136ce38f66b0d0e5d2a36 av_one_full  avia-builder-el-41  avia-builder-el-no-sibling  first flex_column_div av-zero-column-padding  '     ><section  class='av_textblock_section av-jt5tjyk0-1e04ddf86ca9bd8201b4b17bbb4a6491 '   itemscope=\"itemscope\" itemtype=\"https:\/\/schema.org\/BlogPosting\" itemprop=\"blogPost\" ><div class='avia_textblock'  itemprop=\"text\" ><ul>\n<li><strong>Panorama Camping Harras<\/strong>: Der Campingplatz h\u00e4lt, was er verspricht. So liegt der Platz am S\u00fcdwestufer des Chiemsees \u2013 und bietet einen fantastischen Ausblick auf den Chiemsee. Camper d\u00fcrfen sich auf ein Restaurant mit Biergarten freuen. Auch einen Kinderspielplatz gibt es vor Ort.<\/li>\n<li><strong>Campingplatz Hofbauer<\/strong>: Der nahe der Autobahn gelegene Campingplatz Hofbauer ist nicht nur leicht erreichbar. Er punktet auch mit kostenfreiem WLAN und einem Fahrradverleih. Ideal f\u00fcr alle Camper, die den Chiemsee mit dem Fahrrad erkunden m\u00f6chten.<\/li>\n<li><strong>Camping Seeh\u00e4usl<\/strong>: Camping Seeh\u00e4usl gilt nicht nur als einer der \u00e4ltesten, sondern auch als einer der sch\u00f6nsten Campingpl\u00e4tze Deutschlands. Und das nicht ohne Grund. Eine erstklassige Lage, ein Restaurant mit Panorama-Terrasse, ein Treetbootverleih und viele Inklusivleistungen sprechen f\u00fcr sich.<\/li>\n<li><strong>Campingplatz Kupferschmiede<\/strong>: Auch der Campingplatz Kupferschmiede \u00fcberzeugt mit seiner Lage direkt am Chiemsee und bietet zudem ein kleines Restaurant. Einziges Manko: Der Platz liegt nahe an einer Stra\u00dfe.<\/li>\n<li><strong>Chiemsee Camping Lambach<\/strong>: Allen Wohnmobil-Urlaubern, die nicht nur die Ufer und Inseln des Chiemsees, sondern auch die herrlichen Landschaften des Chiemgau kennenlernen m\u00f6chten, sei dieser Campingplatz empfohlen. Unsere Empfehlung verdankt der Platz seiner unmittelbaren N\u00e4he zu einem sch\u00f6nen Natur- und Vogelschutzgebiet. Ebenfalls gut zu wissen: Vor Ort erwarten Sie WLAN, Sauna und Biergarten.<\/li>\n<li><strong>Camping am Chiemsee<\/strong>: Dieser Campingplatz \u00fcberzeugt neben der perfekten Seelage am S\u00fcdufer auch mit der verkehrsg\u00fcnstigen Anbindung direkt an der A8.<\/li>\n<\/ul>\n<\/div><\/section><\/div>\n\n<\/div><\/div><\/div><!-- close content main div --><\/div><\/div><div id='av_section_16'  class='avia-section av-jt5vrdgv-4386718e65b314e69682ca60ae604601 main_color avia-section-default avia-no-border-styling  avia-builder-el-43  el_after_av_section  el_before_av_section  reduced-content avia-bg-style-scroll container_wrap sidebar_right'  ><div class='container av-section-cont-open' ><div class='template-page content  av-content-small alpha units'><div class='post-entry post-entry-type-page post-entry-1573'><div class='entry-content-wrapper clearfix'>\n<div class='avia-data-table-wrap av-a9jgj-53f71681cba0224d9b46ce797a9f78d7 avia_scrollable_table avia-table-1'><table  class='avia-table avia-data-table avia_pricing_default  avia-builder-el-44  avia-builder-el-no-sibling '  itemscope=\"itemscope\" itemtype=\"https:\/\/schema.org\/Table\" ><tbody><tr class='avia-heading-row'><th class='avia-highlight-col'>CAMPINGPLATZ<\/th><th class='avia-highlight-col'>ADRESSE<\/th><th class='avia-highlight-col'>KONTAKT\/WEBSITE<\/th><\/tr><tr class=''><td class='avia-highlight-col'>Panorama Camping Harras<\/td><td class='avia-highlight-col'>Harrasser Str. 135, 83209 Prien am Chiemsee<\/td><td class='avia-highlight-col'><a href=\"https:\/\/www.camping-harras.de\/\" target=\"_blank\" rel=\"nofollow noopener\">Camping Harras<br \/>\n<\/a><br \/>\n<\/td><\/tr><tr class=''><td class='avia-highlight-col'>Campingplatz Hofbauer<\/td><td class='avia-highlight-col'>Bernauer Str. 110, 83209 Prien am Chiemsee<\/td><td class='avia-highlight-col'><a href=\"http:\/\/camping-prien-chiemsee.de\/\" target=\"_blank\" rel=\"nofollow noopener\">Hofbauer Camping und Ferienhaus<br \/>\n<\/a><\/td><\/tr><tr class=''><td class='avia-highlight-col'>Camping Seeh\u00e4usl<\/td><td class='avia-highlight-col'>Beim Seeh\u00e4usl 1, 83339 Chieming<\/td><td class='avia-highlight-col'><a href=\"https:\/\/www.camping-seehaeusl.de\/\" target=\"_blank\" rel=\"nofollow noopener\">Campingplatz Seeh\u00e4usl<br \/>\n<\/a><\/td><\/tr><tr class=''><td class='avia-highlight-col'>Campingplatz Kupferschmiede<\/td><td class='avia-highlight-col'>Trostberger Str. 4, 83339 Chieming<\/td><td class='avia-highlight-col'><a href=\"https:\/\/www.campingkupferschmiede.de\/index.htm\" target=\"_blank\" rel=\"nofollow noopener\">Chiemsee Camping<br \/>\n<\/a><\/td><\/tr><tr class=''><td class='avia-highlight-col'>Chiemsee Camping Lambach<\/td><td class='avia-highlight-col'>Lambach 3, 83358 Seeon-Seebruck<\/td><td class='avia-highlight-col'><a href=\"https:\/\/camping-am-chiemsee.de\/\" target=\"_blank\" rel=\"nofollow noopener\">Camping am Chiemsee<br \/>\n<\/a><\/td><\/tr><tr class=''><td class='avia-highlight-col'>Chiemsee Camping R\u00f6dlgries<\/td><td class='avia-highlight-col'>R\u00f6dlgries 1, 83236 \u00dcbersee <\/td><td class='avia-highlight-col'><a href=\"https:\/\/www.chiemsee-camping.de\/\" target=\"_blank\" rel=\"nofollow noopener\">Chiemsee Camping<br \/>\n<\/a><\/td><\/tr><\/tbody><\/table><\/div>\n\n<\/div><\/div><\/div><!-- close content main div --><\/div><\/div><div id='av_section_17'  class='avia-section av-jt5vrdgv-4386718e65b314e69682ca60ae604601 main_color avia-section-default avia-no-border-styling  avia-builder-el-45  el_after_av_section  avia-builder-el-last  reduced-content avia-bg-style-scroll container_wrap sidebar_right'  ><div class='container av-section-cont-open' ><div class='template-page content  av-content-small alpha units'><div class='post-entry post-entry-type-page post-entry-1573'><div class='entry-content-wrapper clearfix'>\n\n<style type=\"text\/css\" data-created_by=\"avia_inline_auto\" id=\"style-css-av-1g5aou-6e8505d9de1136ce38f66b0d0e5d2a36\">\n.flex_column.av-1g5aou-6e8505d9de1136ce38f66b0d0e5d2a36{\nborder-radius:0px 0px 0px 0px;\npadding:0px 0px 0px 0px;\n}\n<\/style>\n<div  class='flex_column av-1g5aou-6e8505d9de1136ce38f66b0d0e5d2a36 av_one_full  avia-builder-el-46  el_before_av_social_share  avia-builder-el-first  first flex_column_div av-zero-column-padding  '     ><style type=\"text\/css\" data-created_by=\"avia_inline_auto\" id=\"style-css-av-jt5tjyk0-26a28d0242835cbba60d70517a13c769\">\n#top .av_textblock_section.av-jt5tjyk0-26a28d0242835cbba60d70517a13c769 .avia_textblock{\nfont-size:28px;\n}\n<\/style>\n<section  class='av_textblock_section av-jt5tjyk0-26a28d0242835cbba60d70517a13c769 '   itemscope=\"itemscope\" itemtype=\"https:\/\/schema.org\/BlogPosting\" itemprop=\"blogPost\" ><div class='avia_textblock'  itemprop=\"text\" ><p><strong>Ihr TUI CAMPER-Team w\u00fcnscht Ihnen einen erholsamen Wohnmobil-Urlaub am Chiemsee!<\/strong><\/p>\n<\/div><\/section><\/div><div  class='av-social-sharing-box av-10zg8-8676a2d54b4a15bbf6c39a1c18f0815b av-social-sharing-box-default  avia-builder-el-48  el_after_av_one_full  avia-builder-el-last  av-social-sharing-box-fullwidth'><div class=\"av-share-box\"><ul class=\"av-share-box-list noLightbox\"><li class='av-share-link av-social-link-facebook avia_social_iconfont' ><a target=\"_blank\" aria-label=\"Teilen auf Facebook\" href='https:\/\/www.facebook.com\/sharer.php?u=https:\/\/www.tuicamper.com\/magazin\/wohnmobil-chiemsee\/&#038;t=Wohnmobil-Urlaub%20am%20Chiemsee%20%E2%80%93%20Camping%2C%20Highlights%20%26%20die%20besten%20Ausfl%C3%BCge' data-av_icon='\ue8f3' data-av_iconfont='entypo-fontello'  title='' data-avia-related-tooltip='Teilen auf Facebook'><span class='avia_hidden_link_text'>Teilen auf Facebook<\/span><\/a><\/li><li class='av-share-link av-social-link-twitter avia_social_iconfont' ><a target=\"_blank\" aria-label=\"Teilen auf X\" href='https:\/\/twitter.com\/share?text=Wohnmobil-Urlaub%20am%20Chiemsee%20%E2%80%93%20Camping%2C%20Highlights%20%26%20die%20besten%20Ausfl%C3%BCge&#038;url=https:\/\/www.tuicamper.com\/magazin\/wohnmobil-chiemsee\/' data-av_icon='\ue932' data-av_iconfont='entypo-fontello'  title='' data-avia-related-tooltip='Teilen auf X'><span class='avia_hidden_link_text'>Teilen auf X<\/span><\/a><\/li><li class='av-share-link av-social-link-whatsapp avia_social_iconfont' ><a target=\"_blank\" aria-label=\"Teilen auf WhatsApp\" href='https:\/\/api.whatsapp.com\/send?text=https:\/\/www.tuicamper.com\/magazin\/wohnmobil-chiemsee\/' data-av_icon='\uf232' data-av_iconfont='entypo-fontello'  title='' data-avia-related-tooltip='Teilen auf WhatsApp'><span class='avia_hidden_link_text'>Teilen auf WhatsApp<\/span><\/a><\/li><li class='av-share-link av-social-link-pinterest avia_social_iconfont' ><a target=\"_blank\" aria-label=\"Teilen auf Pinterest\" href='https:\/\/pinterest.com\/pin\/create\/button\/?url=https%3A%2F%2Fwww.tuicamper.com%2Fmagazin%2Fwohnmobil-chiemsee%2F&#038;description=Wohnmobil-Urlaub%20am%20Chiemsee%20%E2%80%93%20Camping%2C%20Highlights%20%26%20die%20besten%20Ausfl%C3%BCge&#038;media=https%3A%2F%2Fwww.tuicamper.com%2Fwp-docker%2Fwp-content%2Fuploads%2F2019%2F04%2Fwohnmobil-chiemsee-705x269.jpg' data-av_icon='\ue8f8' data-av_iconfont='entypo-fontello'  title='' data-avia-related-tooltip='Teilen auf Pinterest'><span class='avia_hidden_link_text'>Teilen auf Pinterest<\/span><\/a><\/li><li class='av-share-link av-social-link-mail avia_social_iconfont' ><a  aria-label=\"Per E-Mail teilen\" href='mailto:?subject=Wohnmobil-Urlaub%20am%20Chiemsee%20%E2%80%93%20Camping%2C%20Highlights%20%26%20die%20besten%20Ausfl%C3%BCge&#038;body=https:\/\/www.tuicamper.com\/magazin\/wohnmobil-chiemsee\/' data-av_icon='\ue805' data-av_iconfont='entypo-fontello'  title='' data-avia-related-tooltip='Per E-Mail teilen'><span class='avia_hidden_link_text'>Per E-Mail teilen<\/span><\/a><\/li><\/ul><\/div><\/div>\n<\/div><\/div><\/div><!-- close content main div --><\/div><\/div><div id='after_section_17'  class='main_color av_default_container_wrap container_wrap sidebar_right'  ><div class='container av-section-cont-open' ><div class='template-page content  av-content-small alpha units'><div class='post-entry post-entry-type-page post-entry-1573'><div class='entry-content-wrapper clearfix'>\n","protected":false},"excerpt":{"rendered":"<p>Willkommen am Chiemsee! In Ihrem Wohnmobil-Urlaub erwarten Sie einige der sch\u00f6nsten Panoramen Deutschlands, Badespa\u00df pur und ein Eldorado f\u00fcr Wassersportler.<\/p>\n","protected":false},"author":3,"featured_media":1690,"comment_status":"open","ping_status":"open","sticky":false,"template":"","format":"standard","meta":{"footnotes":""},"categories":[33],"tags":[28,40,38],"class_list":["post-1573","post","type-post","status-publish","format-standard","has-post-thumbnail","hentry","category-reisethema","tag-deutschland","tag-familie","tag-uebernachten"],"yoast_head":"<!-- This site is optimized with the Yoast SEO plugin v27.4 - https:\/\/yoast.com\/product\/yoast-seo-wordpress\/ -->\n<title>Wohnmobil-Urlaub am Chiemsee \u2013 Camping, Highlights &amp; die besten Ausfl\u00fcge<\/title>\n<meta name=\"description\" content=\"Willkommen am Chiemsee! In Ihrem Wohnmobil-Urlaub erwarten Sie einige der sch\u00f6nsten Panoramen Deutschlands, Badespa\u00df pur und ein Eldorado f\u00fcr Wassersportler.\" \/>\n<meta name=\"robots\" content=\"index, follow, max-snippet:-1, max-image-preview:large, max-video-preview:-1\" \/>\n<link rel=\"canonical\" href=\"https:\/\/www.tuicamper.com\/magazin\/wohnmobil-chiemsee\/\" \/>\n<meta property=\"og:locale\" content=\"de_DE\" \/>\n<meta property=\"og:type\" content=\"article\" \/>\n<meta property=\"og:title\" content=\"Wohnmobil-Urlaub am Chiemsee \u2013 Camping, Highlights &amp; die besten Ausfl\u00fcge\" \/>\n<meta property=\"og:description\" content=\"Willkommen am Chiemsee! In Ihrem Wohnmobil-Urlaub erwarten Sie einige der sch\u00f6nsten Panoramen Deutschlands, Badespa\u00df pur und ein Eldorado f\u00fcr Wassersportler.\" \/>\n<meta property=\"og:url\" content=\"https:\/\/www.tuicamper.com\/magazin\/wohnmobil-chiemsee\/\" \/>\n<meta property=\"og:site_name\" content=\"TUI Camper Magazin\" \/>\n<meta property=\"article:published_time\" content=\"2019-04-29T13:48:05+00:00\" \/>\n<meta property=\"article:modified_time\" content=\"2022-05-12T08:17:47+00:00\" \/>\n<meta property=\"og:image\" content=\"https:\/\/www.tuicamper.com\/wp-docker\/wp-content\/uploads\/2019\/04\/wohnmobil-chiemsee.jpg\" \/>\n\t<meta property=\"og:image:width\" content=\"1310\" \/>\n\t<meta property=\"og:image:height\" content=\"500\" \/>\n\t<meta property=\"og:image:type\" content=\"image\/jpeg\" \/>\n<meta name=\"author\" content=\"S\u00f6ren Cortekar\" \/>\n<meta name=\"twitter:card\" content=\"summary_large_image\" \/>\n<meta name=\"twitter:label1\" content=\"Verfasst von\" \/>\n\t<meta name=\"twitter:data1\" content=\"S\u00f6ren Cortekar\" \/>\n\t<meta name=\"twitter:label2\" content=\"Gesch\u00e4tzte Lesezeit\" \/>\n\t<meta name=\"twitter:data2\" content=\"26\u00a0Minuten\" \/>\n<!-- \/ Yoast SEO plugin. -->","yoast_head_json":{"title":"Wohnmobil-Urlaub am Chiemsee \u2013 Camping, Highlights & die besten Ausfl\u00fcge","description":"Willkommen am Chiemsee! In Ihrem Wohnmobil-Urlaub erwarten Sie einige der sch\u00f6nsten Panoramen Deutschlands, Badespa\u00df pur und ein Eldorado f\u00fcr Wassersportler.","robots":{"index":"index","follow":"follow","max-snippet":"max-snippet:-1","max-image-preview":"max-image-preview:large","max-video-preview":"max-video-preview:-1"},"canonical":"https:\/\/www.tuicamper.com\/magazin\/wohnmobil-chiemsee\/","og_locale":"de_DE","og_type":"article","og_title":"Wohnmobil-Urlaub am Chiemsee \u2013 Camping, Highlights & die besten Ausfl\u00fcge","og_description":"Willkommen am Chiemsee! In Ihrem Wohnmobil-Urlaub erwarten Sie einige der sch\u00f6nsten Panoramen Deutschlands, Badespa\u00df pur und ein Eldorado f\u00fcr Wassersportler.","og_url":"https:\/\/www.tuicamper.com\/magazin\/wohnmobil-chiemsee\/","og_site_name":"TUI Camper Magazin","article_published_time":"2019-04-29T13:48:05+00:00","article_modified_time":"2022-05-12T08:17:47+00:00","og_image":[{"width":1310,"height":500,"url":"https:\/\/www.tuicamper.com\/wp-docker\/wp-content\/uploads\/2019\/04\/wohnmobil-chiemsee.jpg","type":"image\/jpeg"}],"author":"S\u00f6ren Cortekar","twitter_card":"summary_large_image","twitter_misc":{"Verfasst von":"S\u00f6ren Cortekar","Gesch\u00e4tzte Lesezeit":"26\u00a0Minuten"},"schema":{"@context":"https:\/\/schema.org","@graph":[{"@type":"Article","@id":"https:\/\/www.tuicamper.com\/magazin\/wohnmobil-chiemsee\/#article","isPartOf":{"@id":"https:\/\/www.tuicamper.com\/magazin\/wohnmobil-chiemsee\/"},"author":{"name":"S\u00f6ren Cortekar","@id":"https:\/\/www.tuicamper.com\/wp-docker\/#\/schema\/person\/a9ad15b73e3b6169a6c4a794a58d1ea6"},"headline":"Wohnmobil-Urlaub am Chiemsee \u2013 Camping, Highlights &#038; die besten Ausfl\u00fcge","datePublished":"2019-04-29T13:48:05+00:00","dateModified":"2022-05-12T08:17:47+00:00","mainEntityOfPage":{"@id":"https:\/\/www.tuicamper.com\/magazin\/wohnmobil-chiemsee\/"},"wordCount":4272,"commentCount":0,"image":{"@id":"https:\/\/www.tuicamper.com\/magazin\/wohnmobil-chiemsee\/#primaryimage"},"thumbnailUrl":"https:\/\/www.tuicamper.com\/wp-docker\/wp-content\/uploads\/2019\/04\/wohnmobil-chiemsee.jpg","keywords":["Deutschland","Familie","\u00dcbernachten"],"articleSection":["Reisethema"],"inLanguage":"de","potentialAction":[{"@type":"CommentAction","name":"Comment","target":["https:\/\/www.tuicamper.com\/magazin\/wohnmobil-chiemsee\/#respond"]}]},{"@type":"WebPage","@id":"https:\/\/www.tuicamper.com\/magazin\/wohnmobil-chiemsee\/","url":"https:\/\/www.tuicamper.com\/magazin\/wohnmobil-chiemsee\/","name":"Wohnmobil-Urlaub am Chiemsee \u2013 Camping, Highlights & die besten Ausfl\u00fcge","isPartOf":{"@id":"https:\/\/www.tuicamper.com\/#website"},"primaryImageOfPage":{"@id":"https:\/\/www.tuicamper.com\/magazin\/wohnmobil-chiemsee\/#primaryimage"},"image":{"@id":"https:\/\/www.tuicamper.com\/magazin\/wohnmobil-chiemsee\/#primaryimage"},"thumbnailUrl":"https:\/\/www.tuicamper.com\/wp-content\/uploads\/2019\/04\/wohnmobil-chiemsee.jpg","datePublished":"2019-04-29T13:48:05+00:00","dateModified":"2022-05-12T08:17:47+00:00","author":{"@id":"https:\/\/www.tuicamper.com\/#\/schema\/person\/a9ad15b73e3b6169a6c4a794a58d1ea6"},"description":"Willkommen am Chiemsee! In Ihrem Wohnmobil-Urlaub erwarten Sie einige der sch\u00f6nsten Panoramen Deutschlands, Badespa\u00df pur und ein Eldorado f\u00fcr Wassersportler.","breadcrumb":{"@id":"https:\/\/www.tuicamper.com\/magazin\/wohnmobil-chiemsee\/#breadcrumb"},"inLanguage":"de","potentialAction":["Array"]},{"@type":"ImageObject","inLanguage":"de","@id":"https:\/\/www.tuicamper.com\/magazin\/wohnmobil-chiemsee\/#primaryimage","url":"https:\/\/www.tuicamper.com\/wp-docker\/wp-content\/uploads\/2019\/04\/wohnmobil-chiemsee.jpg","contentUrl":"https:\/\/www.tuicamper.com\/wp-docker\/wp-content\/uploads\/2019\/04\/wohnmobil-chiemsee.jpg","width":1310,"height":500,"caption":"Wohnmobil Chiemsee"},{"@type":"BreadcrumbList","@id":"https:\/\/www.tuicamper.com\/magazin\/wohnmobil-chiemsee\/#breadcrumb","itemListElement":[{"@type":"ListItem","position":1,"name":"Startseite","item":"https:\/\/www.tuicamper.com\/wp-docker\/"},{"@type":"ListItem","position":2,"name":"Wohnmobil-Urlaub am Chiemsee \u2013 Camping, Highlights &#038; die besten Ausfl\u00fcge"}]},{"@type":"WebSite","@id":"https:\/\/www.tuicamper.com\/#website","url":"https:\/\/www.tuicamper.com\/","name":"TUI Camper Magazin","description":"","potentialAction":["Array"],"inLanguage":"de"},{"@type":"Person","@id":"https:\/\/www.tuicamper.com\/wp-docker\/#\/schema\/person\/a9ad15b73e3b6169a6c4a794a58d1ea6","name":"S\u00f6ren Cortekar","image":{"@type":"ImageObject","inLanguage":"de","@id":"https:\/\/secure.gravatar.com\/avatar\/399f9c9096d84e9147b61735bfa53689fd2add8aa9c074669869e4c106f7df59?s=96&d=mm&r=g","url":"https:\/\/secure.gravatar.com\/avatar\/399f9c9096d84e9147b61735bfa53689fd2add8aa9c074669869e4c106f7df59?s=96&d=mm&r=g","contentUrl":"https:\/\/secure.gravatar.com\/avatar\/399f9c9096d84e9147b61735bfa53689fd2add8aa9c074669869e4c106f7df59?s=96&d=mm&r=g","caption":"S\u00f6ren Cortekar"},"url":"https:\/\/www.tuicamper.com\/wp-docker\/magazin\/author\/soeren-cortekar\/"}]}},"_links":{"self":[{"href":"https:\/\/www.tuicamper.com\/wp-docker\/wp-json\/wp\/v2\/posts\/1573","targetHints":{"allow":["GET"]}}],"collection":[{"href":"https:\/\/www.tuicamper.com\/wp-docker\/wp-json\/wp\/v2\/posts"}],"about":[{"href":"https:\/\/www.tuicamper.com\/wp-docker\/wp-json\/wp\/v2\/types\/post"}],"author":[{"embeddable":true,"href":"https:\/\/www.tuicamper.com\/wp-docker\/wp-json\/wp\/v2\/users\/3"}],"replies":[{"embeddable":true,"href":"https:\/\/www.tuicamper.com\/wp-docker\/wp-json\/wp\/v2\/comments?post=1573"}],"version-history":[{"count":17,"href":"https:\/\/www.tuicamper.com\/wp-docker\/wp-json\/wp\/v2\/posts\/1573\/revisions"}],"predecessor-version":[{"id":1703,"href":"https:\/\/www.tuicamper.com\/wp-docker\/wp-json\/wp\/v2\/posts\/1573\/revisions\/1703"}],"wp:featuredmedia":[{"embeddable":true,"href":"https:\/\/www.tuicamper.com\/wp-docker\/wp-json\/wp\/v2\/media\/1690"}],"wp:attachment":[{"href":"https:\/\/www.tuicamper.com\/wp-docker\/wp-json\/wp\/v2\/media?parent=1573"}],"wp:term":[{"taxonomy":"category","embeddable":true,"href":"https:\/\/www.tuicamper.com\/wp-docker\/wp-json\/wp\/v2\/categories?post=1573"},{"taxonomy":"post_tag","embeddable":true,"href":"https:\/\/www.tuicamper.com\/wp-docker\/wp-json\/wp\/v2\/tags?post=1573"}],"curies":[{"name":"wp","href":"https:\/\/api.w.org\/{rel}","templated":true}]}}