{"id":15581,"date":"2022-08-01T16:32:23","date_gmt":"2022-08-01T14:32:23","guid":{"rendered":"https:\/\/www.tuicamper.com\/?p=15581"},"modified":"2022-08-01T16:47:45","modified_gmt":"2022-08-01T14:47:45","slug":"nachhaltig-reisen-im-wohnmobil","status":"publish","type":"post","link":"https:\/\/www.tuicamper.com\/magazin\/nachhaltig-reisen-im-wohnmobil\/","title":{"rendered":"Nachhaltig reisen im Wohnmobil: Tipps f\u00fcr einen umweltschonenden Camper-Urlaub"},"content":{"rendered":"<div id='av_section_1'  class='avia-section av-l9w57od-d09e7def7cdaebfb351c7eefe59e4a32 main_color avia-section-default avia-no-border-styling  avia-builder-el-0  el_before_av_textblock  avia-builder-el-first  reduced-content avia-bg-style-scroll container_wrap sidebar_right'  ><div class='container av-section-cont-open' ><main  role=\"main\" itemprop=\"mainContentOfPage\"  class='template-page content  av-content-small alpha units'><div class='post-entry post-entry-type-page post-entry-15581'><div class='entry-content-wrapper clearfix'>\n\n<style type=\"text\/css\" data-created_by=\"avia_inline_auto\" id=\"style-css-av-kpy05st-5145acb621cd286c42d77e7307418a86\">\n.flex_column.av-kpy05st-5145acb621cd286c42d77e7307418a86{\nborder-radius:0px 0px 0px 0px;\npadding:0px 0px 0px 0px;\n}\n<\/style>\n<div  class='flex_column av-kpy05st-5145acb621cd286c42d77e7307418a86 av_one_full  avia-builder-el-1  avia-builder-el-no-sibling  first flex_column_div av-zero-column-padding  '     ><section  class='av_textblock_section av-l4r0or1v-db50e6489d13e9c24454c0f1a3e61a22 '   itemscope=\"itemscope\" itemtype=\"https:\/\/schema.org\/BlogPosting\" itemprop=\"blogPost\" ><div class='avia_textblock'  itemprop=\"text\" ><p>Seien es Flugreisen, Hotelreisen oder Kreuzfahrten: Im Vergleich zu anderen Urlaubsarten schneidet der Camping-Urlaub in Sachen Umweltfreundlichkeit sehr gut ab. Das unterstreicht auch eine <a href=\"https:\/\/www.civd.de\/artikel\/caravaning-klimabilanz\/\" target=\"_blank\" rel=\"noopener\">Studie des Heidelberger Instituts f\u00fcr Energie- und Umweltforschung (ifeu)<\/a>. Der Grund: Wer selbstst\u00e4ndig mit dem Wohnmobil unterwegs ist, verursacht deutlich weniger klimasch\u00e4dliches CO<sub>2<\/sub>. Letzteres wird nicht nur bei einer Flugreise oder Kreuzfahrt freigesetzt, sondern auch in erheblichem Ma\u00df im regul\u00e4ren Hotelbetrieb. M\u00f6chten Sie m\u00f6glichst nachhaltig reisen, bietet sich also ein Wohnmobil-Urlaub an. Zumal es auch w\u00e4hrend der Camper-Tour noch etliche zus\u00e4tzliche M\u00f6glichkeiten gibt, die Umwelt zu schonen.<\/p>\n<\/div><\/section><\/div>\n<\/div><\/div><\/main><!-- close content main element --><\/div><\/div><div id='after_section_1'  class='main_color av_default_container_wrap container_wrap sidebar_right'  ><div class='container av-section-cont-open' ><div class='template-page content  av-content-small alpha units'><div class='post-entry post-entry-type-page post-entry-15581'><div class='entry-content-wrapper clearfix'>\n<section  class='av_textblock_section av-kjwe871-8632b9d5216e45cc6a10a47168085faa '   itemscope=\"itemscope\" itemtype=\"https:\/\/schema.org\/BlogPosting\" itemprop=\"blogPost\" ><div class='avia_textblock'  itemprop=\"text\" >\n<\/div><\/section>\n<\/div><\/div><\/div><!-- close content main div --><\/div><\/div><div id='av_section_2'  class='avia-section av-jvnvh5p-635b800866bc7f5d1d393b11c7017f90 main_color avia-section-default avia-no-border-styling  avia-builder-el-4  el_after_av_textblock  el_before_av_section  reduced-content avia-bg-style-scroll container_wrap sidebar_right'  ><div class='container av-section-cont-open' ><div class='template-page content  av-content-small alpha units'><div class='post-entry post-entry-type-page post-entry-15581'><div class='entry-content-wrapper clearfix'>\n<section  class='av_textblock_section av-jf6elct-448264a5e5a3299133bff988a8d4e2e7 '   itemscope=\"itemscope\" itemtype=\"https:\/\/schema.org\/BlogPosting\" itemprop=\"blogPost\" ><div class='avia_textblock'  itemprop=\"text\" ><div id=\"js-table-of-contents\">\r\n    <strong>Inhaltsverzeichnis<\/strong>\r\n<\/div>\n<\/div><\/section>\n\n<\/div><\/div><\/div><!-- close content main div --><\/div><\/div><div id='av_section_3'  class='avia-section av-iz6uuv1-fb6a8cd37aeb0f1c08311172f0a7cad5 main_color avia-section-default avia-no-border-styling  avia-builder-el-6  el_after_av_section  el_before_av_section  reduced-content avia-bg-style-scroll container_wrap sidebar_right'  ><div class='container av-section-cont-open' ><div class='template-page content  av-content-small alpha units'><div class='post-entry post-entry-type-page post-entry-15581'><div class='entry-content-wrapper clearfix'>\n\n<style type=\"text\/css\" data-created_by=\"avia_inline_auto\" id=\"style-css-av-iofv3nh-1ba8b429757ced6701dcec5a77be4f1d\">\n.flex_column.av-iofv3nh-1ba8b429757ced6701dcec5a77be4f1d{\nborder-radius:0px 0px 0px 0px;\npadding:0px 0px 0px 0px;\n}\n<\/style>\n<div  class='flex_column av-iofv3nh-1ba8b429757ced6701dcec5a77be4f1d av_one_full  avia-builder-el-7  avia-builder-el-no-sibling  first flex_column_div av-zero-column-padding  '     ><section  class='av_textblock_section av-l4r0q7m3-f2624c0ad545e1ae22fc6cca294b45a4 '   itemscope=\"itemscope\" itemtype=\"https:\/\/schema.org\/BlogPosting\" itemprop=\"blogPost\" ><div class='avia_textblock'  itemprop=\"text\" ><h2>5 Tipps f\u00fcr einen umweltfreundlichen Urlaub im Wohnmobil<\/h2>\n<p>Sie m\u00f6chten Ihren anstehenden Wohnmobil-Urlaub m\u00f6glichst umweltfreundlich gestalten? Wir zeigen Ihnen, wie Sie Ihren \u00f6kologischen Fu\u00dfabdruck so klein wie m\u00f6glich halten.<\/p>\n<\/div><\/section><\/div>\n\n<\/div><\/div><\/div><!-- close content main div --><\/div><\/div><div id='av_section_4'  class='avia-section av-ib4cl19-56b8b7ce7d422c7e8f0d007b7ee395e0 main_color avia-section-default avia-no-border-styling  avia-builder-el-9  el_after_av_section  el_before_av_section  reduced-content avia-bg-style-scroll container_wrap sidebar_right'  ><div class='container av-section-cont-open' ><div class='template-page content  av-content-small alpha units'><div class='post-entry post-entry-type-page post-entry-15581'><div class='entry-content-wrapper clearfix'>\n\n<style type=\"text\/css\" data-created_by=\"avia_inline_auto\" id=\"style-css-av-1rggk65-b1eab4b61130e4d1175a4f8587027094\">\n.flex_column.av-1rggk65-b1eab4b61130e4d1175a4f8587027094{\nborder-radius:0px 0px 0px 0px;\npadding:0px 0px 0px 0px;\n}\n<\/style>\n<div  class='flex_column av-1rggk65-b1eab4b61130e4d1175a4f8587027094 av_one_full  avia-builder-el-10  avia-builder-el-no-sibling  first flex_column_div av-zero-column-padding  '     ><section  class='av_textblock_section av-l4r0qywb-6a790ca7e16c22ea0a12fe712f04b8b5 '   itemscope=\"itemscope\" itemtype=\"https:\/\/schema.org\/BlogPosting\" itemprop=\"blogPost\" ><div class='avia_textblock'  itemprop=\"text\" ><h3>1.) W\u00e4hlen Sie Ihr Wohnmobil mit Bedacht aus<\/h3>\n<p>Ein umweltfreundlicher Urlaub beginnt schon mit der Auswahl des Wohnmobils. Insbesondere moderne Wohnmobile zeichnen sich durch einen niedrigen Kraftstoffverbrauch aus. Aber auch dar\u00fcber hinaus gibt es M\u00f6glichkeiten, mit der Wohnmobil-Auswahl Sprit zu sparen \u2013 und damit die Umwelt zu schonen:<\/p>\n<ul>\n<li>Machen Sie die Wohnmobil-Gr\u00f6\u00dfe von der Zahl der Mitreisenden abh\u00e4ngig. Je kleiner das gew\u00e4hlte Modell ausf\u00e4llt, desto niedriger ist der Verbrauch.<\/li>\n<li>Verzichten Sie auf Ausstattungen, die Sie nicht ben\u00f6tigen \u2013 von der Sitzheizung bis zum W\u00e4schetrockner. Das spart Energie und macht das Wohnmobil obendrein leichter.<\/li>\n<li>Setzen Sie \u2013 soweit verf\u00fcgbar \u2013 auf Wohnmobile mit integrierten Solaranlagen, um unterwegs eine gr\u00fcne Energieversorgung sicherzustellen.<\/li>\n<\/ul>\n<p>Besonders umweltfreundlich reisen Sie mit einem Wohnmobil mit Elektro-Antrieb. Aktuell sind diese allerdings noch sehr rar ges\u00e4t. \u00dcber kurz oder lang wird aber auch das Angebot an Elektro-Wohnmobilen zunehmen.<\/p>\n<p><strong>Eine \u00dcbersicht der Fahrzeugmodelle auf Tuicamper.com finden Sie hier:<\/strong><br \/>\n<a href=\"https:\/\/www.tuicamper.com\/fahrzeuge\/\">Camper-Typen\u2013 Eine \u00dcbersicht unserer Wohnmobil-Klassen<\/a><\/p>\n<\/div><\/section><\/div>\n\n<\/div><\/div><\/div><!-- close content main div --><\/div><\/div><div id='av_section_5'  class='avia-section av-hae0ugt-dc54c358d182e3ec3a84a83bd57bcdc5 main_color avia-section-default avia-no-border-styling  avia-builder-el-12  el_after_av_section  el_before_av_section  reduced-content avia-bg-style-scroll container_wrap sidebar_right'  ><div class='container av-section-cont-open' ><div class='template-page content  av-content-small alpha units'><div class='post-entry post-entry-type-page post-entry-15581'><div class='entry-content-wrapper clearfix'>\n\n<style type=\"text\/css\" data-created_by=\"avia_inline_auto\" id=\"style-css-av-gpyfskd-c1ceafcfc00d9d65e89fd2b3d2baf590\">\n.avia-image-container.av-gpyfskd-c1ceafcfc00d9d65e89fd2b3d2baf590 img.avia_image{\nbox-shadow:none;\n}\n.avia-image-container.av-gpyfskd-c1ceafcfc00d9d65e89fd2b3d2baf590 .av-caption-image-overlay-bg{\nopacity:0.4;\nbackground-color:#000000;\n}\n.avia-image-container.av-gpyfskd-c1ceafcfc00d9d65e89fd2b3d2baf590 .av-image-caption-overlay-center{\ncolor:#ffffff;\n}\n<\/style>\n<div  class='avia-image-container av-gpyfskd-c1ceafcfc00d9d65e89fd2b3d2baf590 av-styling- av-img-linked avia_animated_image av-animated-when-visible-95 fade-in avia-align-center  avia-builder-el-13  el_before_av_hr  avia-builder-el-first  noHover av-overlay-on-hover'   itemprop=\"image\" itemscope=\"itemscope\" itemtype=\"https:\/\/schema.org\/ImageObject\" ><div class=\"avia-image-container-inner\"><div class=\"avia-image-overlay-wrap\"><a href=\"https:\/\/www.tuicamper.com\/wp-docker\/wp-content\/uploads\/2020\/02\/Neuseeland-Britz-Venturer.gif\" class='avia_image '  ><div class=\"av-image-caption-overlay\"><div class=\"av-caption-image-overlay-bg\"><\/div><div class=\"av-image-caption-overlay-position\"><div class=\"av-image-caption-overlay-center\"><p>Der Venturer Camper von Britz<\/p>\n<\/div><\/div><\/div><img decoding=\"async\" fetchpriority=\"high\" class='wp-image-5756 avia-img-lazy-loading-not-5756 avia_image ' src=\"https:\/\/www.tuicamper.com\/wp-docker\/wp-content\/uploads\/2020\/02\/Neuseeland-Britz-Venturer.gif\" alt='Modell Venturer von Britz' title=''  height=\"533\" width=\"800\"  itemprop=\"thumbnailUrl\"  \/><\/a><\/div><\/div><\/div>\n\n<style type=\"text\/css\" data-created_by=\"avia_inline_auto\" id=\"style-css-av-g9yh1y5-6f0ba568ab8934d12ac61907674d88df\">\n#top .hr.hr-invisible.av-g9yh1y5-6f0ba568ab8934d12ac61907674d88df{\nheight:25px;\n}\n<\/style>\n<div  class='hr av-g9yh1y5-6f0ba568ab8934d12ac61907674d88df hr-invisible  avia-builder-el-14  el_after_av_image  avia-builder-el-last '><span class='hr-inner '><span class=\"hr-inner-style\"><\/span><\/span><\/div>\n\n<\/div><\/div><\/div><!-- close content main div --><\/div><\/div><div id='av_section_6'  class='avia-section av-4f8qxnh-9eaaaa4a40850752ad5aa8a21c58ed72 main_color avia-section-default avia-no-border-styling  avia-builder-el-15  el_after_av_section  el_before_av_section  reduced-content avia-bg-style-scroll container_wrap sidebar_right'  ><div class='container av-section-cont-open' ><div class='template-page content  av-content-small alpha units'><div class='post-entry post-entry-type-page post-entry-15581'><div class='entry-content-wrapper clearfix'>\n\n<style type=\"text\/css\" data-created_by=\"avia_inline_auto\" id=\"style-css-av-3x93lst-ed6e00002708c8f7ffc8912d033faa8d\">\n.flex_column.av-3x93lst-ed6e00002708c8f7ffc8912d033faa8d{\nborder-radius:0px 0px 0px 0px;\npadding:0px 0px 0px 0px;\n}\n<\/style>\n<div  class='flex_column av-3x93lst-ed6e00002708c8f7ffc8912d033faa8d av_one_full  avia-builder-el-16  avia-builder-el-no-sibling  first flex_column_div av-zero-column-padding  '     ><section  class='av_textblock_section av-3irdge5-1446b74a0ef99c2b2c74b833465d1bd6 '   itemscope=\"itemscope\" itemtype=\"https:\/\/schema.org\/BlogPosting\" itemprop=\"blogPost\" ><div class='avia_textblock'  itemprop=\"text\" ><h3>2.) Planen Sie Ihre Route im Voraus<\/h3>\n<p>Vorausschauende Planung zahlt sich aus. Zumindest, was den Spritverbrauch unterwegs angeht. Wer die anzusteuernden Highlights im Vorfeld festlegt, f\u00e4hrt automatisch weniger Umwege \u2013 und verbraucht weniger. Sind Versorgungsm\u00f6glichkeiten und Tankstellen entlang der Route schon bekannt, ben\u00f6tigen Sie weniger Proviant an Bord und m\u00fcssen Ihren Camper nicht bei jeder Gelegenheit volltanken. Beides spart Gewicht und wirkt sich damit direkt auf den Kraftstoffverbrauch aus.<\/p>\n<p>Hinzu kommt: Planen Sie Ihre Route im Voraus, k\u00f6nnen Sie gezielt \u00f6kologisch nachhaltige Campingpl\u00e4tze ansteuern. Bei der Planung Ihrer Reise k\u00f6nnen Sie sich gerne von unseren <a href=\"https:\/\/www.tuicamper.com\/routen\/\">Routen-Vorschl\u00e4gen<\/a> inspirieren lassen.<\/p>\n<p><strong>Mehr Tipps f\u00fcr die Streckenplanung mit dem Wohnmobil finden Sie in unserem Magazin-Artikel:<\/strong><br \/>\n<a href=\"https:\/\/www.tuicamper.com\/magazin\/streckenplanung\/\">Streckenplanung: Clevere Tipps f\u00fcr eine entspannte Wohnmobil-Tour<\/a><\/p>\n<\/div><\/section><\/div>\n\n<\/div><\/div><\/div><!-- close content main div --><\/div><\/div><div id='av_section_7'  class='avia-section av-1qk4q0t-864e7e4d74cce2d8a440ee9bc6cb56b2 main_color avia-section-default avia-no-border-styling  avia-builder-el-18  el_after_av_section  el_before_av_section  reduced-content avia-bg-style-scroll container_wrap sidebar_right'  ><div class='container av-section-cont-open' ><div class='template-page content  av-content-small alpha units'><div class='post-entry post-entry-type-page post-entry-15581'><div class='entry-content-wrapper clearfix'>\n\n<style type=\"text\/css\" data-created_by=\"avia_inline_auto\" id=\"style-css-av-11ot2il-e825198c4eb8c8fb79021d2488acc252\">\n.flex_column.av-11ot2il-e825198c4eb8c8fb79021d2488acc252{\nborder-radius:0px 0px 0px 0px;\npadding:0px 0px 0px 0px;\n}\n<\/style>\n<div  class='flex_column av-11ot2il-e825198c4eb8c8fb79021d2488acc252 av_one_full  avia-builder-el-19  avia-builder-el-no-sibling  first flex_column_div av-zero-column-padding  '     ><section  class='av_textblock_section av-kmmav1-c315cc9e8c4ee1d0a066e05d8ba0bcec '   itemscope=\"itemscope\" itemtype=\"https:\/\/schema.org\/BlogPosting\" itemprop=\"blogPost\" ><div class='avia_textblock'  itemprop=\"text\" ><h3>3.) Bevorzugen Sie \u00f6kologisch nachhaltige Campingpl\u00e4tze<\/h3>\n<p>\u00dcberall auf der Welt gibt es Campingpl\u00e4tze, die sich in besonderem Ma\u00dfe f\u00fcr Umwelt- und Naturschutz einsetzen. Ziel ist es dabei stets, den beim Camping entstehenden \u00f6kologischen Fu\u00dfabdruck so klein wie m\u00f6glich zu halten. Mittlerweile gibt es auch eine Reihe von Siegeln, mit denen entsprechende Pl\u00e4tze ausgezeichnet werden k\u00f6nnen. Zu den bekanntesten Auszeichnungen f\u00fcr Nachhaltigkeit innerhalb Europas z\u00e4hlt die <a href=\"https:\/\/ecocamping.de\/\" target=\"_blank\" rel=\"noopener\">ECOCAMPING-Auszeichnung<\/a>, die bereits an \u00fcber 200 Campingpl\u00e4tze vergeben worden ist.<\/p>\n<p>Dar\u00fcber hinaus gibt es eine Reihe von Kriterien, an denen Sie \u00f6kologisch nachhaltige Campingpl\u00e4tze erkennen k\u00f6nnen:<\/p>\n<ul>\n<li>M\u00fcll wird vor Ort getrennt und weitestgehend vermieden.<\/li>\n<li>Die Anlage setzt auf moderne Wassereinsparsysteme \u2013 etwa im Sanit\u00e4rbereich.<\/li>\n<li>Es wird insgesamt sparsam mit Energie umgegangen.<\/li>\n<li>Der Platz bezieht Energie aus eigenen Solaranlagen oder anderen regenerativen Quellen.<\/li>\n<li>Es kommen keine umweltsch\u00e4dlichen Reinigungs- oder D\u00fcngemittel zum Einsatz.<\/li>\n<li>Die Freizeitangebote sind naturvertr\u00e4glich.<\/li>\n<\/ul>\n<p><strong>Weitere Tipps zum Thema Wohnmobil-Stellpl\u00e4tze finden Sie hier:<\/strong><br \/>\n<a href=\"https:\/\/www.tuicamper.com\/magazin\/wohnmobil-stellplatz\/\">Wohnmobil Stellplatz \u2013 Welche \u00dcbernachtungsm\u00f6glichkeiten gibt es mit dem Camper?<\/a><\/p>\n<\/div><\/section><\/div>\n\n<\/div><\/div><\/div><!-- close content main div --><\/div><\/div><div id='av_section_8'  class='avia-section av-2y35m7x-688c4108bedf31eec7ab9236b3bbf072 main_color avia-section-default avia-no-border-styling  avia-builder-el-21  el_after_av_section  el_before_av_section  reduced-content avia-bg-style-scroll container_wrap sidebar_right'  ><div class='container av-section-cont-open' ><div class='template-page content  av-content-small alpha units'><div class='post-entry post-entry-type-page post-entry-15581'><div class='entry-content-wrapper clearfix'>\n\n<style type=\"text\/css\" data-created_by=\"avia_inline_auto\" id=\"style-css-av-2ercbj1-4254e38e9e185b9bee62aaa3f893d4d6\">\n.avia-image-container.av-2ercbj1-4254e38e9e185b9bee62aaa3f893d4d6 img.avia_image{\nbox-shadow:none;\n}\n.avia-image-container.av-2ercbj1-4254e38e9e185b9bee62aaa3f893d4d6 .av-caption-image-overlay-bg{\nopacity:0.4;\nbackground-color:#000000;\n}\n.avia-image-container.av-2ercbj1-4254e38e9e185b9bee62aaa3f893d4d6 .av-image-caption-overlay-center{\ncolor:#ffffff;\n}\n<\/style>\n<div  class='avia-image-container av-2ercbj1-4254e38e9e185b9bee62aaa3f893d4d6 av-styling- av-img-linked avia_animated_image av-animated-when-visible-95 fade-in avia-align-center  avia-builder-el-22  el_before_av_hr  avia-builder-el-first  noHover av-overlay-on-hover'   itemprop=\"image\" itemscope=\"itemscope\" itemtype=\"https:\/\/schema.org\/ImageObject\" ><div class=\"avia-image-container-inner\"><div class=\"avia-image-overlay-wrap\"><a href=\"https:\/\/www.tuicamper.com\/wp-docker\/wp-content\/uploads\/2022\/04\/TUI_Camper_Drohne-6-1030x686.jpg\" data-srcset=\"https:\/\/www.tuicamper.com\/wp-docker\/wp-content\/uploads\/2022\/04\/TUI_Camper_Drohne-6-1030x686.jpg 1030w, https:\/\/www.tuicamper.com\/wp-docker\/wp-content\/uploads\/2022\/04\/TUI_Camper_Drohne-6-300x200.jpg 300w, https:\/\/www.tuicamper.com\/wp-docker\/wp-content\/uploads\/2022\/04\/TUI_Camper_Drohne-6-768x512.jpg 768w, https:\/\/www.tuicamper.com\/wp-docker\/wp-content\/uploads\/2022\/04\/TUI_Camper_Drohne-6-705x470.jpg 705w, https:\/\/www.tuicamper.com\/wp-docker\/wp-content\/uploads\/2022\/04\/TUI_Camper_Drohne-6.jpg 1288w\" data-sizes=\"(max-width: 1030px) 100vw, 1030px\" class='avia_image '  ><div class=\"av-image-caption-overlay\"><div class=\"av-caption-image-overlay-bg\"><\/div><div class=\"av-image-caption-overlay-position\"><div class=\"av-image-caption-overlay-center\"><p>Mit dem Wohnmobil direkt am Strand<\/p>\n<\/div><\/div><\/div><img decoding=\"async\" fetchpriority=\"high\" class='wp-image-8386 avia-img-lazy-loading-not-8386 avia_image ' src=\"https:\/\/www.tuicamper.com\/wp-docker\/wp-content\/uploads\/2022\/04\/TUI_Camper_Drohne-6.jpg\" alt='Mit dem Wohnmobil direkt am Strand' title=''  height=\"858\" width=\"1288\"  itemprop=\"thumbnailUrl\" srcset=\"https:\/\/www.tuicamper.com\/wp-docker\/wp-content\/uploads\/2022\/04\/TUI_Camper_Drohne-6.jpg 1288w, https:\/\/www.tuicamper.com\/wp-docker\/wp-content\/uploads\/2022\/04\/TUI_Camper_Drohne-6-300x200.jpg 300w, https:\/\/www.tuicamper.com\/wp-docker\/wp-content\/uploads\/2022\/04\/TUI_Camper_Drohne-6-1030x686.jpg 1030w, https:\/\/www.tuicamper.com\/wp-docker\/wp-content\/uploads\/2022\/04\/TUI_Camper_Drohne-6-768x512.jpg 768w, https:\/\/www.tuicamper.com\/wp-docker\/wp-content\/uploads\/2022\/04\/TUI_Camper_Drohne-6-705x470.jpg 705w\" sizes=\"(max-width: 1288px) 100vw, 1288px\" \/><\/a><\/div><\/div><\/div>\n\n<style type=\"text\/css\" data-created_by=\"avia_inline_auto\" id=\"style-css-av-88mhlp-041578f18d2826a7397e12a3ebc988bc\">\n#top .hr.hr-invisible.av-88mhlp-041578f18d2826a7397e12a3ebc988bc{\nheight:25px;\n}\n<\/style>\n<div  class='hr av-88mhlp-041578f18d2826a7397e12a3ebc988bc hr-invisible  avia-builder-el-23  el_after_av_image  avia-builder-el-last '><span class='hr-inner '><span class=\"hr-inner-style\"><\/span><\/span><\/div>\n\n<\/div><\/div><\/div><!-- close content main div --><\/div><\/div><div id='av_section_9'  class='avia-section av-7n90zh-aafa65dd12e3d4831a171e69d6f1615f main_color avia-section-default avia-no-border-styling  avia-builder-el-24  el_after_av_section  el_before_av_one_full  reduced-content avia-bg-style-scroll container_wrap sidebar_right'  ><div class='container av-section-cont-open' ><div class='template-page content  av-content-small alpha units'><div class='post-entry post-entry-type-page post-entry-15581'><div class='entry-content-wrapper clearfix'>\n\n<style type=\"text\/css\" data-created_by=\"avia_inline_auto\" id=\"style-css-av-1n0pykd-9efd46cc6a3b7f2a6ecb9cbacbb382fc\">\n.flex_column.av-1n0pykd-9efd46cc6a3b7f2a6ecb9cbacbb382fc{\nborder-radius:0px 0px 0px 0px;\npadding:0px 0px 0px 0px;\n}\n<\/style>\n<div  class='flex_column av-1n0pykd-9efd46cc6a3b7f2a6ecb9cbacbb382fc av_one_full  avia-builder-el-25  avia-builder-el-no-sibling  first flex_column_div av-zero-column-padding  '     ><section  class='av_textblock_section av-1amsagt-c156f2fe27c0eee9292444b32770e712 '   itemscope=\"itemscope\" itemtype=\"https:\/\/schema.org\/BlogPosting\" itemprop=\"blogPost\" ><div class='avia_textblock'  itemprop=\"text\" ><h3>4.) Senken Sie Ihren Energieverbrauch w\u00e4hrend der Reise<\/h3>\n<p>Prinzipiell gibt es drei M\u00f6glichkeiten, den Energieverbrauch w\u00e4hrend dem Camper-Urlaub zu senken.<\/p>\n<ol>\n<li><strong>Gewicht reduzieren<\/strong>: Die Rechnung ist denkbar einfach. Je geringer das Gewicht Ihres Campers, desto niedriger f\u00e4llt auch der Spritverbrauch aus. Versuchen Sie daher, so wenig Reisegep\u00e4ck wie m\u00f6glich einzupacken. Vorr\u00e4te etwa k\u00f6nnen im Regelfall auch unterwegs einfach aufgefrischt werden. Und dreckige W\u00e4sche l\u00e4sst sich auf Campingpl\u00e4tzen oder in Waschsalons unkompliziert waschen.<\/li>\n<li><strong>Elektrische Ger\u00e4te auslassen<\/strong>: Jedes elektrische Ger\u00e4t, das Sie unterwegs nutzen, verbraucht Energie \u2013 und bietet entsprechendes Einsparpotenzial. Echte Energiefresser sind dabei traditionell Standheizung und Klimaanlage. Es lohnt sich, beides so sparsam wie m\u00f6glich einzusetzen.<\/li>\n<li><strong>Zur\u00fcckhaltend fahren<\/strong>: Was viele Wohnmobil-Reisende nicht auf der Rechnung haben: Auch der Fahrstil beeinflusst den Kraftstoffverbrauch ganz erheblich. Je schneller Sie fahren und je h\u00e4ufiger Sie unterwegs abbremsen und anfahren m\u00fcssen, desto gr\u00f6\u00dfer ist der Verbrauch. Versuchen Sie daher unterwegs m\u00f6glichst gleichm\u00e4\u00dfig, zur\u00fcckhaltend und weitsichtig zu fahren.<\/li>\n<\/ol>\n<p><strong>Tipp<\/strong>: Energie sparen Sie auch, indem Sie den Widerstand w\u00e4hrend der Fahrt reduzieren. Sei es der Luftwiderstand, der bei schneller Fahrt mit offenem (Dach-)Fenster entsteht, oder der Rollwiderstand in Folge eines optimierungsbed\u00fcrftigen Reifendrucks.<\/p>\n<p><strong>Mehr zum Thema Benzin sparen mit dem Wohnmobil finden Sie hier:<\/strong><br \/>\n<a href=\"https:\/\/www.tuicamper.com\/magazin\/sprit-sparen\/\">Benzin sparen mit dem Wohnmobil \u2013 Die besten Tipps<\/a><\/p>\n<\/div><\/section><\/div>\n<\/div><\/div><\/div><!-- close content main div --><\/div><\/div><div id='after_section_9'  class='main_color av_default_container_wrap container_wrap sidebar_right'  ><div class='container av-section-cont-open' ><div class='template-page content  av-content-small alpha units'><div class='post-entry post-entry-type-page post-entry-15581'><div class='entry-content-wrapper clearfix'>\n\n<style type=\"text\/css\" data-created_by=\"avia_inline_auto\" id=\"style-css-av-4w0p1p9-ff561c41c18d24c69d2d692231c5cf03\">\n.flex_column.av-4w0p1p9-ff561c41c18d24c69d2d692231c5cf03{\nborder-radius:0px 0px 0px 0px;\npadding:0px 0px 0px 0px;\n}\n<\/style>\n<div  class='flex_column av-4w0p1p9-ff561c41c18d24c69d2d692231c5cf03 av_one_full  avia-builder-el-27  el_after_av_section  el_before_av_section  avia-builder-el-no-sibling  first flex_column_div av-zero-column-padding  '     ><section  class='av_textblock_section av-4a3izct-b2d20ad277127975f84ac4bfe4a9d609 '   itemscope=\"itemscope\" itemtype=\"https:\/\/schema.org\/BlogPosting\" itemprop=\"blogPost\" ><div class='avia_textblock'  itemprop=\"text\" >\r\n<div style=\"clear: both;\"><\/div>\r\n<div class=\"post-breaker-item breaker-type-default\">\r\n    <div class=\"post-breaker-item-inner\">\r\n                    <section  class='av_textblock_section av-jtpksizx-164f13b3c3c3c77f29161827e20b76e7 '   itemscope=\"itemscope\" itemtype=\"https:\/\/schema.org\/BlogPosting\" itemprop=\"blogPost\" ><div class='avia_textblock'  itemprop=\"text\" ><h3>\u2013 Auch interessant \u2013<\/h3>\n<\/div><\/section>\n\n<style type=\"text\/css\" data-created_by=\"avia_inline_auto\" id=\"style-css-av-ehyb5-42286bbb62f5c947921c50b729609f1d\">\n.flex_column.av-ehyb5-42286bbb62f5c947921c50b729609f1d{\nborder-radius:0px 0px 0px 0px;\npadding:0px 0px 0px 0px;\n}\n<\/style>\n<div  class='flex_column av-ehyb5-42286bbb62f5c947921c50b729609f1d av_one_third first flex_column_div av-zero-column-padding  '     ><p>\n<style type=\"text\/css\" data-created_by=\"avia_inline_auto\" id=\"style-css-av-jt75ko0n-ffee6827062e7756e889cff91f9ff09f\">\n.avia-image-container.av-jt75ko0n-ffee6827062e7756e889cff91f9ff09f img.avia_image{\nbox-shadow:none;\n}\n.avia-image-container.av-jt75ko0n-ffee6827062e7756e889cff91f9ff09f .av-image-caption-overlay-center{\ncolor:#ffffff;\n}\n<\/style>\n<div  class='avia-image-container av-jt75ko0n-ffee6827062e7756e889cff91f9ff09f av-styling-no-styling av-hover-grow av-hide-overflow av-img-linked avia_animated_image av-animated-when-visible-95 fade-in avia-align-left'   itemprop=\"image\" itemscope=\"itemscope\" itemtype=\"https:\/\/schema.org\/ImageObject\" ><div class=\"avia-image-container-inner\"><div class=\"avia-image-overlay-wrap\"><a href=\"https:\/\/www.tuicamper.com\/magazin\/harz-urlaub-im-wohnmobil\/\" class='avia_image '  aria-label='Harz Urlaub'><img decoding=\"async\" fetchpriority=\"high\" class='wp-image-2179 avia-img-lazy-loading-not-2179 avia_image ' src=\"https:\/\/www.tuicamper.com\/wp-docker\/wp-content\/uploads\/2019\/04\/harz-urlaub-teaser.jpg\" alt='Harz Urlaub' title='Harz Urlaub'  height=\"200\" width=\"350\"  itemprop=\"thumbnailUrl\" srcset=\"https:\/\/www.tuicamper.com\/wp-docker\/wp-content\/uploads\/2019\/04\/harz-urlaub-teaser.jpg 350w, https:\/\/www.tuicamper.com\/wp-docker\/wp-content\/uploads\/2019\/04\/harz-urlaub-teaser-300x171.jpg 300w\" sizes=\"(max-width: 350px) 100vw, 350px\" \/><\/a><\/div><\/div><\/div><br \/>\n<section  class='av_textblock_section av-jt75lbqb-0e28abd88dd346ceab05488c61a808ca '   itemscope=\"itemscope\" itemtype=\"https:\/\/schema.org\/BlogPosting\" itemprop=\"blogPost\" ><div class='avia_textblock'  itemprop=\"text\" ><p style=\"text-align: left;\"><strong><a href=\"https:\/\/www.tuicamper.com\/magazin\/harz-urlaub-im-wohnmobil\/\">Harz-Urlaub im Wohnmobil: Sehensw\u00fcrdigkeiten, Camping &amp; Ausflugsziele<\/a><\/strong><\/p>\n<\/div><\/section><\/p><\/div>\n\n<style type=\"text\/css\" data-created_by=\"avia_inline_auto\" id=\"style-css-av-ehyb5-8fadcff6392c44a3fc98dc4b014d4246\">\n.flex_column.av-ehyb5-8fadcff6392c44a3fc98dc4b014d4246{\nborder-radius:0px 0px 0px 0px;\npadding:0px 0px 0px 0px;\n}\n<\/style>\n<div  class='flex_column av-ehyb5-8fadcff6392c44a3fc98dc4b014d4246 av_one_third flex_column_div av-zero-column-padding  '     ><p>\n<style type=\"text\/css\" data-created_by=\"avia_inline_auto\" id=\"style-css-av-jt75ko0n-41eff700c0bab3736f809dc0fe5be0c0\">\n.avia-image-container.av-jt75ko0n-41eff700c0bab3736f809dc0fe5be0c0 img.avia_image{\nbox-shadow:none;\n}\n.avia-image-container.av-jt75ko0n-41eff700c0bab3736f809dc0fe5be0c0 .av-image-caption-overlay-center{\ncolor:#ffffff;\n}\n<\/style>\n<div  class='avia-image-container av-jt75ko0n-41eff700c0bab3736f809dc0fe5be0c0 av-styling-no-styling av-hover-grow av-hide-overflow av-img-linked avia_animated_image av-animated-when-visible-95 fade-in avia-align-left'   itemprop=\"image\" itemscope=\"itemscope\" itemtype=\"https:\/\/schema.org\/ImageObject\" ><div class=\"avia-image-container-inner\"><div class=\"avia-image-overlay-wrap\"><a href=\"https:\/\/www.tuicamper.com\/magazin\/allgaeu-urlaub-mit-dem-wohnmobil\/\" class='avia_image '  aria-label='Allg\u00e4u Urlaub'><img decoding=\"async\" fetchpriority=\"high\" class='wp-image-570 avia-img-lazy-loading-not-570 avia_image ' src=\"https:\/\/www.tuicamper.com\/wp-docker\/wp-content\/uploads\/2019\/03\/allgaeu-urlaub-teaser.jpg\" alt='Allg\u00e4u Urlaub' title='Allg\u00e4u Urlaub'  height=\"200\" width=\"350\"  itemprop=\"thumbnailUrl\" srcset=\"https:\/\/www.tuicamper.com\/wp-docker\/wp-content\/uploads\/2019\/03\/allgaeu-urlaub-teaser.jpg 350w, https:\/\/www.tuicamper.com\/wp-docker\/wp-content\/uploads\/2019\/03\/allgaeu-urlaub-teaser-300x171.jpg 300w\" sizes=\"(max-width: 350px) 100vw, 350px\" \/><\/a><\/div><\/div><\/div><br \/>\n<section  class='av_textblock_section av-jt75lbqb-bba29013bb6610b0762c56b6a5ae7819 '   itemscope=\"itemscope\" itemtype=\"https:\/\/schema.org\/BlogPosting\" itemprop=\"blogPost\" ><div class='avia_textblock'  itemprop=\"text\" ><p style=\"text-align: left;\"><strong><a href=\"https:\/\/www.tuicamper.com\/magazin\/allgaeu-urlaub-mit-dem-wohnmobil\/\">Allg\u00e4u-Urlaub mit dem Wohnmobil: Highlights, Camping &amp; Ausflugstipps<\/a><\/strong><\/p>\n<\/div><\/section><\/p><\/div>\n\n<style type=\"text\/css\" data-created_by=\"avia_inline_auto\" id=\"style-css-av-ehyb5-8fadcff6392c44a3fc98dc4b014d4246\">\n.flex_column.av-ehyb5-8fadcff6392c44a3fc98dc4b014d4246{\nborder-radius:0px 0px 0px 0px;\npadding:0px 0px 0px 0px;\n}\n<\/style>\n<div  class='flex_column av-ehyb5-8fadcff6392c44a3fc98dc4b014d4246 av_one_third flex_column_div av-zero-column-padding  '     ><p>\n<style type=\"text\/css\" data-created_by=\"avia_inline_auto\" id=\"style-css-av-jt75ko0n-54ee3735799361767573f1d93d31b7c7\">\n.avia-image-container.av-jt75ko0n-54ee3735799361767573f1d93d31b7c7 img.avia_image{\nbox-shadow:none;\n}\n.avia-image-container.av-jt75ko0n-54ee3735799361767573f1d93d31b7c7 .av-image-caption-overlay-center{\ncolor:#ffffff;\n}\n<\/style>\n<div  class='avia-image-container av-jt75ko0n-54ee3735799361767573f1d93d31b7c7 av-styling-no-styling av-hover-grow av-hide-overflow av-img-linked avia_animated_image av-animated-when-visible-95 fade-in avia-align-left'   itemprop=\"image\" itemscope=\"itemscope\" itemtype=\"https:\/\/schema.org\/ImageObject\" ><div class=\"avia-image-container-inner\"><div class=\"avia-image-overlay-wrap\"><a href=\"https:\/\/www.tuicamper.com\/magazin\/wohnmobil-daenemark\/\" class='avia_image '  aria-label='Wohnmobil D\u00e4nemark'><img decoding=\"async\" fetchpriority=\"high\" class='wp-image-1739 avia-img-lazy-loading-not-1739 avia_image ' src=\"https:\/\/www.tuicamper.com\/wp-docker\/wp-content\/uploads\/2019\/04\/wohnmobil-daenemark-teaser.jpg\" alt='Wohnmobil D\u00e4nemark' title='Wohnmobil D\u00e4nemark'  height=\"200\" width=\"350\"  itemprop=\"thumbnailUrl\" srcset=\"https:\/\/www.tuicamper.com\/wp-docker\/wp-content\/uploads\/2019\/04\/wohnmobil-daenemark-teaser.jpg 350w, https:\/\/www.tuicamper.com\/wp-docker\/wp-content\/uploads\/2019\/04\/wohnmobil-daenemark-teaser-300x171.jpg 300w\" sizes=\"(max-width: 350px) 100vw, 350px\" \/><\/a><\/div><\/div><\/div><br \/>\n<section  class='av_textblock_section av-jt75lbqb-bba29013bb6610b0762c56b6a5ae7819 '   itemscope=\"itemscope\" itemtype=\"https:\/\/schema.org\/BlogPosting\" itemprop=\"blogPost\" ><div class='avia_textblock'  itemprop=\"text\" ><p style=\"text-align: left;\"><strong><a href=\"https:\/\/www.tuicamper.com\/magazin\/wohnmobil-daenemark\/\">Wohnmobil D\u00e4nemark \u2013 Die sch\u00f6nsten Touren &amp; Highlights<\/a><\/strong><\/p>\n<\/div><\/section><\/p><\/div>\n            <div style=\"clear: both;\"><\/div>\r\n            <\/div>\r\n<\/div>\r\n\n<\/div><\/section><\/div>\n<\/div><\/div><\/div><!-- close content main div --><\/div><\/div><div id='av_section_10'  class='avia-section av-1ijshr1-b20f545a1726771e683fff08ae60e155 main_color avia-section-default avia-no-border-styling  avia-builder-el-29  el_after_av_one_full  el_before_av_section  reduced-content avia-bg-style-scroll container_wrap sidebar_right'  ><div class='container av-section-cont-open' ><div class='template-page content  av-content-small alpha units'><div class='post-entry post-entry-type-page post-entry-15581'><div class='entry-content-wrapper clearfix'>\n\n<style type=\"text\/css\" data-created_by=\"avia_inline_auto\" id=\"style-css-av-1753onx-92676f181bac4fc3010d7fe5516b2940\">\n.flex_column.av-1753onx-92676f181bac4fc3010d7fe5516b2940{\nborder-radius:0px 0px 0px 0px;\npadding:0px 0px 0px 0px;\n}\n<\/style>\n<div  class='flex_column av-1753onx-92676f181bac4fc3010d7fe5516b2940 av_one_full  avia-builder-el-30  avia-builder-el-no-sibling  first flex_column_div av-zero-column-padding  '     ><section  class='av_textblock_section av-ldpivx-a70112438c7842ac65fc32a91665bb31 '   itemscope=\"itemscope\" itemtype=\"https:\/\/schema.org\/BlogPosting\" itemprop=\"blogPost\" ><div class='avia_textblock'  itemprop=\"text\" ><h3>5.) Versorgen Sie sich umweltfreundlich<\/h3>\n<p>Auch beim Auffrischen Ihrer Vorr\u00e4te sollten Sie auf Umweltvertr\u00e4glichkeit achten. Prinzipiell gilt: Der Einkauf sollte so wenig umweltsch\u00e4dlichen Plastikm\u00fcll wie m\u00f6glich erzeugen. Bauernm\u00e4rkte etwa sind ideal geeignet, um unverpacktes Obst, Gem\u00fcse und Fleisch einzukaufen. Aber auch Getr\u00e4nke, Sanit\u00e4rprodukte und Haushaltswaren lassen sich vielerorts in alternativen, umweltvertr\u00e4glicheren Verpackungen erstehen.<\/p>\n<p>Dar\u00fcber hinaus gilt es nat\u00fcrlich stets darauf zu achten, unterwegs keinen M\u00fcll zu hinterlassen. Erst recht beim <a href=\"https:\/\/www.tuicamper.com\/magazin\/wildcamping\/\">Wildcamping<\/a> in empfindlichen \u00d6kosystemen, wo schon eine aus reiner Gedankenlosigkeit vergessene Plastikt\u00fcte Konsequenzen f\u00fcr die heimische Tier- und Pflanzenwelt haben kann.<\/p>\n<\/div><\/section><\/div>\n\n<\/div><\/div><\/div><!-- close content main div --><\/div><\/div><div id='av_section_11'  class='avia-section av-1lva6v1-a0c438e5e4e92962e26bcf00b1793963 main_color avia-section-default avia-no-border-styling  avia-builder-el-32  el_after_av_section  el_before_av_section  reduced-content avia-bg-style-scroll container_wrap sidebar_right'  ><div class='container av-section-cont-open' ><div class='template-page content  av-content-small alpha units'><div class='post-entry post-entry-type-page post-entry-15581'><div class='entry-content-wrapper clearfix'>\n\n<style type=\"text\/css\" data-created_by=\"avia_inline_auto\" id=\"style-css-av-fjcillp-def47690a7f5e1a1c2470d4ddbe61737\">\n.flex_column.av-fjcillp-def47690a7f5e1a1c2470d4ddbe61737{\nborder-radius:0px 0px 0px 0px;\npadding:0px 0px 0px 0px;\n}\n<\/style>\n<div  class='flex_column av-fjcillp-def47690a7f5e1a1c2470d4ddbe61737 av_one_full  avia-builder-el-33  avia-builder-el-no-sibling  first flex_column_div av-zero-column-padding  '     ><section  class='av_textblock_section av-f2obinx-8792b93de0d0ea31d3b6fa410bf02aef '   itemscope=\"itemscope\" itemtype=\"https:\/\/schema.org\/BlogPosting\" itemprop=\"blogPost\" ><div class='avia_textblock'  itemprop=\"text\" ><h2>Mit dem Wohnmobil die Umwelt schonen: Es funktioniert!<\/h2>\n<p>Planen, Sprit sparen, \u00f6kologische Campingpl\u00e4tze ausw\u00e4hlen: Wer im Wohnmobil-Urlaub konsequent auf Nachhaltigkeit achtet, reduziert seinen \u00f6kologischen Fu\u00dfabdruck auf ein Minimum. Ein solcher Urlaub verdient die Bezeichnung \u201enachhaltig\u201c tats\u00e4chlich.<\/p>\n<\/div><\/section><\/div>\n\n<\/div><\/div><\/div><!-- close content main div --><\/div><\/div><div id='av_section_12'  class='avia-section av-2o4fy8t-d0544e6dfc77e2784cf845c682be7fdd main_color avia-section-default avia-no-border-styling  avia-builder-el-35  el_after_av_section  avia-builder-el-last  reduced-content avia-bg-style-scroll container_wrap sidebar_right'  ><div class='container av-section-cont-open' ><div class='template-page content  av-content-small alpha units'><div class='post-entry post-entry-type-page post-entry-15581'><div class='entry-content-wrapper clearfix'>\n<div  class='avia-button-wrap av-2630bkt-54b1bce1e0392a872235d39584af3950-wrap avia-button-center  avia-builder-el-36  el_before_av_one_full  avia-builder-el-first '><a href='https:\/\/www.tuicamper.com\/'  class='avia-button av-2630bkt-54b1bce1e0392a872235d39584af3950 av-link-btn avia-icon_select-yes-right-icon avia-size-large avia-position-center avia-color-theme-color'   aria-label=\"Jetzt Wohnmobil mieten\"><span class='avia_iconbox_title' >Jetzt Wohnmobil mieten<\/span><span class='avia_button_icon avia_button_icon_right avia-iconfont avia-font-entypo-fontello' data-av_icon='\ue875' data-av_iconfont='entypo-fontello' ><\/span><\/a><\/div>\n\n<style type=\"text\/css\" data-created_by=\"avia_inline_auto\" id=\"style-css-av-1pqf6xp-991bcfeab528ad2c9322763e81f18b91\">\n.flex_column.av-1pqf6xp-991bcfeab528ad2c9322763e81f18b91{\nborder-radius:0px 0px 0px 0px;\npadding:0px 0px 0px 0px;\n}\n<\/style>\n<div  class='flex_column av-1pqf6xp-991bcfeab528ad2c9322763e81f18b91 av_one_full  avia-builder-el-37  el_after_av_button  el_before_av_social_share  first flex_column_div av-zero-column-padding  '     ><style type=\"text\/css\" data-created_by=\"avia_inline_auto\" id=\"style-css-av-11yc071-11451cf5c3282500480b30eb5746a7e3\">\n#top .av_textblock_section.av-11yc071-11451cf5c3282500480b30eb5746a7e3 .avia_textblock{\nfont-size:28px;\n}\n<\/style>\n<section  class='av_textblock_section av-11yc071-11451cf5c3282500480b30eb5746a7e3 '   itemscope=\"itemscope\" itemtype=\"https:\/\/schema.org\/BlogPosting\" itemprop=\"blogPost\" ><div class='avia_textblock'  itemprop=\"text\" ><p><strong>Ihr TUI CAMPER-Team w\u00fcnscht Ihnen einen entspannten Wohnmobil-Urlaub \u2013 mit vielen bleibenden Erinnerungen und winzigem \u00f6kologischen Fu\u00dfabdruck!<\/strong><\/p>\n<\/div><\/section><\/div><div  class='av-social-sharing-box av-ovv9z1-0d92c4349d466fd06627fd19f4a7e2ff av-social-sharing-box-default  avia-builder-el-39  el_after_av_one_full  avia-builder-el-last  av-social-sharing-box-fullwidth'><div class=\"av-share-box\"><ul class=\"av-share-box-list noLightbox\"><li class='av-share-link av-social-link-facebook avia_social_iconfont' ><a target=\"_blank\" aria-label=\"Teilen auf Facebook\" href='https:\/\/www.facebook.com\/sharer.php?u=https:\/\/www.tuicamper.com\/magazin\/nachhaltig-reisen-im-wohnmobil\/&#038;t=Nachhaltig%20reisen%20im%20Wohnmobil%3A%20Tipps%20f%C3%BCr%20einen%20umweltschonenden%20Camper-Urlaub' data-av_icon='\ue8f3' data-av_iconfont='entypo-fontello'  title='' data-avia-related-tooltip='Teilen auf Facebook'><span class='avia_hidden_link_text'>Teilen auf Facebook<\/span><\/a><\/li><li class='av-share-link av-social-link-twitter avia_social_iconfont' ><a target=\"_blank\" aria-label=\"Teilen auf X\" href='https:\/\/twitter.com\/share?text=Nachhaltig%20reisen%20im%20Wohnmobil%3A%20Tipps%20f%C3%BCr%20einen%20umweltschonenden%20Camper-Urlaub&#038;url=https:\/\/www.tuicamper.com\/magazin\/nachhaltig-reisen-im-wohnmobil\/' data-av_icon='\ue932' data-av_iconfont='entypo-fontello'  title='' data-avia-related-tooltip='Teilen auf X'><span class='avia_hidden_link_text'>Teilen auf X<\/span><\/a><\/li><li class='av-share-link av-social-link-whatsapp avia_social_iconfont' ><a target=\"_blank\" aria-label=\"Teilen auf WhatsApp\" href='https:\/\/api.whatsapp.com\/send?text=https:\/\/www.tuicamper.com\/magazin\/nachhaltig-reisen-im-wohnmobil\/' data-av_icon='\uf232' data-av_iconfont='entypo-fontello'  title='' data-avia-related-tooltip='Teilen auf WhatsApp'><span class='avia_hidden_link_text'>Teilen auf WhatsApp<\/span><\/a><\/li><li class='av-share-link av-social-link-pinterest avia_social_iconfont' ><a target=\"_blank\" aria-label=\"Teilen auf Pinterest\" href='https:\/\/pinterest.com\/pin\/create\/button\/?url=https%3A%2F%2Fwww.tuicamper.com%2Fmagazin%2Fnachhaltig-reisen-im-wohnmobil%2F&#038;description=Nachhaltig%20reisen%20im%20Wohnmobil%3A%20Tipps%20f%C3%BCr%20einen%20umweltschonenden%20Camper-Urlaub&#038;media=https%3A%2F%2Fwww.tuicamper.com%2Fwp-docker%2Fwp-content%2Fuploads%2F2022%2F08%2Fmighty-neuseeland-lake-pukaki-705x269.jpg' data-av_icon='\ue8f8' data-av_iconfont='entypo-fontello'  title='' data-avia-related-tooltip='Teilen auf Pinterest'><span class='avia_hidden_link_text'>Teilen auf Pinterest<\/span><\/a><\/li><li class='av-share-link av-social-link-mail avia_social_iconfont' ><a  aria-label=\"Per E-Mail teilen\" href='mailto:?subject=Nachhaltig%20reisen%20im%20Wohnmobil%3A%20Tipps%20f%C3%BCr%20einen%20umweltschonenden%20Camper-Urlaub&#038;body=https:\/\/www.tuicamper.com\/magazin\/nachhaltig-reisen-im-wohnmobil\/' data-av_icon='\ue805' data-av_iconfont='entypo-fontello'  title='' data-avia-related-tooltip='Per E-Mail teilen'><span class='avia_hidden_link_text'>Per E-Mail teilen<\/span><\/a><\/li><\/ul><\/div><\/div>\n<\/div><\/div><\/div><!-- close content main div --><\/div><\/div><div id='after_section_12'  class='main_color av_default_container_wrap container_wrap sidebar_right'  ><div class='container av-section-cont-open' ><div class='template-page content  av-content-small alpha units'><div class='post-entry post-entry-type-page post-entry-15581'><div class='entry-content-wrapper clearfix'>\n","protected":false},"excerpt":{"rendered":"<p>Umweltschonend verreisen? Im Wohnmobil kein Problem! Wir geben Ihnen f\u00fcnf praxisnahe Tipps f\u00fcr einen \u00f6kologisch nachhaltigen Camper-Urlaub an die Hand.<\/p>\n","protected":false},"author":3,"featured_media":19061,"comment_status":"open","ping_status":"open","sticky":false,"template":"","format":"standard","meta":{"footnotes":""},"categories":[31],"tags":[39,35,37],"class_list":["post-15581","post","type-post","status-publish","format-standard","has-post-thumbnail","hentry","category-camper-know-how","tag-einkaufen","tag-einpacken","tag-verkehr"],"yoast_head":"<!-- This site is optimized with the Yoast SEO plugin v27.4 - https:\/\/yoast.com\/product\/yoast-seo-wordpress\/ -->\n<title>Nachhaltig reisen im Wohnmobil: Tipps &amp; Tricks - TUI Camper Magazin<\/title>\n<meta name=\"description\" content=\"Umweltschonend verreisen? Im Wohnmobil kein Problem! Wir geben Ihnen f\u00fcnf praxisnahe Tipps f\u00fcr einen \u00f6kologisch nachhaltigen Camper-Urlaub an die Hand.\" \/>\n<meta name=\"robots\" content=\"index, follow, max-snippet:-1, max-image-preview:large, max-video-preview:-1\" \/>\n<link rel=\"canonical\" href=\"https:\/\/www.tuicamper.com\/magazin\/nachhaltig-reisen-im-wohnmobil\/\" \/>\n<meta property=\"og:locale\" content=\"de_DE\" \/>\n<meta property=\"og:type\" content=\"article\" \/>\n<meta property=\"og:title\" content=\"Nachhaltig reisen im Wohnmobil: Tipps &amp; Tricks - TUI Camper Magazin\" \/>\n<meta property=\"og:description\" content=\"Umweltschonend verreisen? Im Wohnmobil kein Problem! Wir geben Ihnen f\u00fcnf praxisnahe Tipps f\u00fcr einen \u00f6kologisch nachhaltigen Camper-Urlaub an die Hand.\" \/>\n<meta property=\"og:url\" content=\"https:\/\/www.tuicamper.com\/magazin\/nachhaltig-reisen-im-wohnmobil\/\" \/>\n<meta property=\"og:site_name\" content=\"TUI Camper Magazin\" \/>\n<meta property=\"article:published_time\" content=\"2022-08-01T14:32:23+00:00\" \/>\n<meta property=\"article:modified_time\" content=\"2022-08-01T14:47:45+00:00\" \/>\n<meta property=\"og:image\" content=\"https:\/\/www.tuicamper.com\/wp-docker\/wp-content\/uploads\/2022\/08\/mighty-neuseeland-lake-pukaki.jpg\" \/>\n\t<meta property=\"og:image:width\" content=\"1310\" \/>\n\t<meta property=\"og:image:height\" content=\"500\" \/>\n\t<meta property=\"og:image:type\" content=\"image\/jpeg\" \/>\n<meta name=\"author\" content=\"S\u00f6ren Cortekar\" \/>\n<meta name=\"twitter:card\" content=\"summary_large_image\" \/>\n<meta name=\"twitter:label1\" content=\"Verfasst von\" \/>\n\t<meta name=\"twitter:data1\" content=\"S\u00f6ren Cortekar\" \/>\n\t<meta name=\"twitter:label2\" content=\"Gesch\u00e4tzte Lesezeit\" \/>\n\t<meta name=\"twitter:data2\" content=\"13\u00a0Minuten\" \/>\n<!-- \/ Yoast SEO plugin. -->","yoast_head_json":{"title":"Nachhaltig reisen im Wohnmobil: Tipps & Tricks - TUI Camper Magazin","description":"Umweltschonend verreisen? Im Wohnmobil kein Problem! Wir geben Ihnen f\u00fcnf praxisnahe Tipps f\u00fcr einen \u00f6kologisch nachhaltigen Camper-Urlaub an die Hand.","robots":{"index":"index","follow":"follow","max-snippet":"max-snippet:-1","max-image-preview":"max-image-preview:large","max-video-preview":"max-video-preview:-1"},"canonical":"https:\/\/www.tuicamper.com\/magazin\/nachhaltig-reisen-im-wohnmobil\/","og_locale":"de_DE","og_type":"article","og_title":"Nachhaltig reisen im Wohnmobil: Tipps & Tricks - TUI Camper Magazin","og_description":"Umweltschonend verreisen? Im Wohnmobil kein Problem! Wir geben Ihnen f\u00fcnf praxisnahe Tipps f\u00fcr einen \u00f6kologisch nachhaltigen Camper-Urlaub an die Hand.","og_url":"https:\/\/www.tuicamper.com\/magazin\/nachhaltig-reisen-im-wohnmobil\/","og_site_name":"TUI Camper Magazin","article_published_time":"2022-08-01T14:32:23+00:00","article_modified_time":"2022-08-01T14:47:45+00:00","og_image":[{"width":1310,"height":500,"url":"https:\/\/www.tuicamper.com\/wp-docker\/wp-content\/uploads\/2022\/08\/mighty-neuseeland-lake-pukaki.jpg","type":"image\/jpeg"}],"author":"S\u00f6ren Cortekar","twitter_card":"summary_large_image","twitter_misc":{"Verfasst von":"S\u00f6ren Cortekar","Gesch\u00e4tzte Lesezeit":"13\u00a0Minuten"},"schema":{"@context":"https:\/\/schema.org","@graph":[{"@type":"Article","@id":"https:\/\/www.tuicamper.com\/magazin\/nachhaltig-reisen-im-wohnmobil\/#article","isPartOf":{"@id":"https:\/\/www.tuicamper.com\/magazin\/nachhaltig-reisen-im-wohnmobil\/"},"author":{"name":"S\u00f6ren Cortekar","@id":"https:\/\/www.tuicamper.com\/wp-docker\/#\/schema\/person\/a9ad15b73e3b6169a6c4a794a58d1ea6"},"headline":"Nachhaltig reisen im Wohnmobil: Tipps f\u00fcr einen umweltschonenden Camper-Urlaub","datePublished":"2022-08-01T14:32:23+00:00","dateModified":"2022-08-01T14:47:45+00:00","mainEntityOfPage":{"@id":"https:\/\/www.tuicamper.com\/magazin\/nachhaltig-reisen-im-wohnmobil\/"},"wordCount":4176,"commentCount":0,"image":{"@id":"https:\/\/www.tuicamper.com\/magazin\/nachhaltig-reisen-im-wohnmobil\/#primaryimage"},"thumbnailUrl":"https:\/\/www.tuicamper.com\/wp-docker\/wp-content\/uploads\/2022\/08\/mighty-neuseeland-lake-pukaki.jpg","keywords":["Einkaufen","Einpacken","Verkehr"],"articleSection":["Camper Know-how"],"inLanguage":"de","potentialAction":[{"@type":"CommentAction","name":"Comment","target":["https:\/\/www.tuicamper.com\/magazin\/nachhaltig-reisen-im-wohnmobil\/#respond"]}]},{"@type":"WebPage","@id":"https:\/\/www.tuicamper.com\/magazin\/nachhaltig-reisen-im-wohnmobil\/","url":"https:\/\/www.tuicamper.com\/magazin\/nachhaltig-reisen-im-wohnmobil\/","name":"Nachhaltig reisen im Wohnmobil: Tipps & Tricks - TUI Camper Magazin","isPartOf":{"@id":"https:\/\/www.tuicamper.com\/#website"},"primaryImageOfPage":{"@id":"https:\/\/www.tuicamper.com\/magazin\/nachhaltig-reisen-im-wohnmobil\/#primaryimage"},"image":{"@id":"https:\/\/www.tuicamper.com\/magazin\/nachhaltig-reisen-im-wohnmobil\/#primaryimage"},"thumbnailUrl":"https:\/\/www.tuicamper.com\/wp-content\/uploads\/2022\/08\/mighty-neuseeland-lake-pukaki.jpg","datePublished":"2022-08-01T14:32:23+00:00","dateModified":"2022-08-01T14:47:45+00:00","author":{"@id":"https:\/\/www.tuicamper.com\/#\/schema\/person\/a9ad15b73e3b6169a6c4a794a58d1ea6"},"description":"Umweltschonend verreisen? Im Wohnmobil kein Problem! Wir geben Ihnen f\u00fcnf praxisnahe Tipps f\u00fcr einen \u00f6kologisch nachhaltigen Camper-Urlaub an die Hand.","breadcrumb":{"@id":"https:\/\/www.tuicamper.com\/magazin\/nachhaltig-reisen-im-wohnmobil\/#breadcrumb"},"inLanguage":"de","potentialAction":["Array"]},{"@type":"ImageObject","inLanguage":"de","@id":"https:\/\/www.tuicamper.com\/magazin\/nachhaltig-reisen-im-wohnmobil\/#primaryimage","url":"https:\/\/www.tuicamper.com\/wp-docker\/wp-content\/uploads\/2022\/08\/mighty-neuseeland-lake-pukaki.jpg","contentUrl":"https:\/\/www.tuicamper.com\/wp-docker\/wp-content\/uploads\/2022\/08\/mighty-neuseeland-lake-pukaki.jpg","width":1310,"height":500,"caption":"mighty-neuseeland-lake-pukaki"},{"@type":"BreadcrumbList","@id":"https:\/\/www.tuicamper.com\/magazin\/nachhaltig-reisen-im-wohnmobil\/#breadcrumb","itemListElement":[{"@type":"ListItem","position":1,"name":"Startseite","item":"https:\/\/www.tuicamper.com\/wp-docker\/"},{"@type":"ListItem","position":2,"name":"Nachhaltig reisen im Wohnmobil: Tipps f\u00fcr einen umweltschonenden Camper-Urlaub"}]},{"@type":"WebSite","@id":"https:\/\/www.tuicamper.com\/#website","url":"https:\/\/www.tuicamper.com\/","name":"TUI Camper Magazin","description":"","potentialAction":["Array"],"inLanguage":"de"},{"@type":"Person","@id":"https:\/\/www.tuicamper.com\/wp-docker\/#\/schema\/person\/a9ad15b73e3b6169a6c4a794a58d1ea6","name":"S\u00f6ren Cortekar","image":{"@type":"ImageObject","inLanguage":"de","@id":"https:\/\/secure.gravatar.com\/avatar\/399f9c9096d84e9147b61735bfa53689fd2add8aa9c074669869e4c106f7df59?s=96&d=mm&r=g","url":"https:\/\/secure.gravatar.com\/avatar\/399f9c9096d84e9147b61735bfa53689fd2add8aa9c074669869e4c106f7df59?s=96&d=mm&r=g","contentUrl":"https:\/\/secure.gravatar.com\/avatar\/399f9c9096d84e9147b61735bfa53689fd2add8aa9c074669869e4c106f7df59?s=96&d=mm&r=g","caption":"S\u00f6ren Cortekar"},"url":"https:\/\/www.tuicamper.com\/wp-docker\/magazin\/author\/soeren-cortekar\/"}]}},"_links":{"self":[{"href":"https:\/\/www.tuicamper.com\/wp-docker\/wp-json\/wp\/v2\/posts\/15581","targetHints":{"allow":["GET"]}}],"collection":[{"href":"https:\/\/www.tuicamper.com\/wp-docker\/wp-json\/wp\/v2\/posts"}],"about":[{"href":"https:\/\/www.tuicamper.com\/wp-docker\/wp-json\/wp\/v2\/types\/post"}],"author":[{"embeddable":true,"href":"https:\/\/www.tuicamper.com\/wp-docker\/wp-json\/wp\/v2\/users\/3"}],"replies":[{"embeddable":true,"href":"https:\/\/www.tuicamper.com\/wp-docker\/wp-json\/wp\/v2\/comments?post=15581"}],"version-history":[{"count":12,"href":"https:\/\/www.tuicamper.com\/wp-docker\/wp-json\/wp\/v2\/posts\/15581\/revisions"}],"predecessor-version":[{"id":52306,"href":"https:\/\/www.tuicamper.com\/wp-docker\/wp-json\/wp\/v2\/posts\/15581\/revisions\/52306"}],"wp:featuredmedia":[{"embeddable":true,"href":"https:\/\/www.tuicamper.com\/wp-docker\/wp-json\/wp\/v2\/media\/19061"}],"wp:attachment":[{"href":"https:\/\/www.tuicamper.com\/wp-docker\/wp-json\/wp\/v2\/media?parent=15581"}],"wp:term":[{"taxonomy":"category","embeddable":true,"href":"https:\/\/www.tuicamper.com\/wp-docker\/wp-json\/wp\/v2\/categories?post=15581"},{"taxonomy":"post_tag","embeddable":true,"href":"https:\/\/www.tuicamper.com\/wp-docker\/wp-json\/wp\/v2\/tags?post=15581"}],"curies":[{"name":"wp","href":"https:\/\/api.w.org\/{rel}","templated":true}]}}