{"id":121459,"date":"2026-01-20T14:10:59","date_gmt":"2026-01-20T13:10:59","guid":{"rendered":"https:\/\/www.tuicamper.com\/?p=121459"},"modified":"2026-01-20T14:10:59","modified_gmt":"2026-01-20T13:10:59","slug":"camping-auf-texel-highlights-und-tipps","status":"publish","type":"post","link":"https:\/\/www.tuicamper.com\/magazin\/camping-auf-texel-highlights-und-tipps\/","title":{"rendered":"Camping auf Texel: Highlights, Tipps und Campingpl\u00e4tze"},"content":{"rendered":"<div id='av_section_1'  class='avia-section av-9lstv5pv-dca191e966312ef7818170933c4184ed main_color avia-section-default avia-no-border-styling  avia-builder-el-0  el_before_av_textblock  avia-builder-el-first  reduced-content avia-bg-style-scroll container_wrap sidebar_right'  ><div class='container av-section-cont-open' ><main  role=\"main\" itemprop=\"mainContentOfPage\"  class='template-page content  av-content-small alpha units'><div class='post-entry post-entry-type-page post-entry-121459'><div class='entry-content-wrapper clearfix'>\n\n<style type=\"text\/css\" data-created_by=\"avia_inline_auto\" id=\"style-css-av-9gndc7xv-7ed8658fd4adb4fed376d8b5000b76b0\">\n.flex_column.av-9gndc7xv-7ed8658fd4adb4fed376d8b5000b76b0{\nborder-radius:0px 0px 0px 0px;\npadding:0px 0px 0px 0px;\n}\n<\/style>\n<div  class='flex_column av-9gndc7xv-7ed8658fd4adb4fed376d8b5000b76b0 av_one_full  avia-builder-el-1  avia-builder-el-no-sibling  first flex_column_div av-zero-column-padding  '     ><section  class='av_textblock_section av-9f5l6koj-15efd60b70308c514d32b50ae0a13bcd '   itemscope=\"itemscope\" itemtype=\"https:\/\/schema.org\/BlogPosting\" itemprop=\"blogPost\" ><div class='avia_textblock'  itemprop=\"text\" ><p>Texel, die gr\u00f6\u00dfte Westfriesische Insel, ist wie geschaffen f\u00fcr einen Wohnmobil-Urlaub. Lange Sandstr\u00e4nde, gro\u00dfartige Naturlandschaften und traumhafte Sonnenunterg\u00e4nge versprechen ein entspanntes Camping-Erlebnis. Und auch an Ausflugszielen auf der gr\u00fcnen Insel mangelt es nicht. Wir zeigen Ihnen, was Sie beim Camping auf Texel erwartet, und stellen Ihnen die Highlights der Insel vor.<\/p>\n<\/div><\/section><\/div>\n<\/div><\/div><\/main><!-- close content main element --><\/div><\/div><div id='after_section_1'  class='main_color av_default_container_wrap container_wrap sidebar_right'  ><div class='container av-section-cont-open' ><div class='template-page content  av-content-small alpha units'><div class='post-entry post-entry-type-page post-entry-121459'><div class='entry-content-wrapper clearfix'>\n<section  class='av_textblock_section av-9bcadwhf-a45a85d69d5b892860698671193f7630 '   itemscope=\"itemscope\" itemtype=\"https:\/\/schema.org\/BlogPosting\" itemprop=\"blogPost\" ><div class='avia_textblock'  itemprop=\"text\" >\n<\/div><\/section>\n<\/div><\/div><\/div><!-- close content main div --><\/div><\/div><div id='av_section_2'  class='avia-section av-94m4x0z7-a91428ee9de787d61828f6926586b269 main_color avia-section-default avia-no-border-styling  avia-builder-el-4  el_after_av_textblock  el_before_av_section  reduced-content avia-bg-style-scroll container_wrap sidebar_right'  ><div class='container av-section-cont-open' ><div class='template-page content  av-content-small alpha units'><div class='post-entry post-entry-type-page post-entry-121459'><div class='entry-content-wrapper clearfix'>\n<section  class='av_textblock_section av-8yyukt2r-d1c389291fc9e74e81f094ea4cb26fa0 '   itemscope=\"itemscope\" itemtype=\"https:\/\/schema.org\/BlogPosting\" itemprop=\"blogPost\" ><div class='avia_textblock'  itemprop=\"text\" ><div id=\"js-table-of-contents\">\r\n    <strong>Inhaltsverzeichnis<\/strong>\r\n<\/div>\n<\/div><\/section>\n\n<\/div><\/div><\/div><!-- close content main div --><\/div><\/div><div id='av_section_3'  class='avia-section av-8xdodasz-3f902f9ae7bfdab157533e19841c4532 main_color avia-section-default avia-no-border-styling  avia-builder-el-6  el_after_av_section  el_before_av_section  reduced-content avia-bg-style-scroll container_wrap sidebar_right'  ><div class='container av-section-cont-open' ><div class='template-page content  av-content-small alpha units'><div class='post-entry post-entry-type-page post-entry-121459'><div class='entry-content-wrapper clearfix'>\n\n<style type=\"text\/css\" data-created_by=\"avia_inline_auto\" id=\"style-css-av-8s0ks3jn-57ba65b5345361fe33a30f6777011102\">\n.flex_column.av-8s0ks3jn-57ba65b5345361fe33a30f6777011102{\nborder-radius:0px 0px 0px 0px;\npadding:0px 0px 0px 0px;\n}\n<\/style>\n<div  class='flex_column av-8s0ks3jn-57ba65b5345361fe33a30f6777011102 av_one_full  avia-builder-el-7  avia-builder-el-no-sibling  first flex_column_div av-zero-column-padding  '     ><section  class='av_textblock_section av-8m6vfoxf-9653365a977148394939f026c4c360a1 '   itemscope=\"itemscope\" itemtype=\"https:\/\/schema.org\/BlogPosting\" itemprop=\"blogPost\" ><div class='avia_textblock'  itemprop=\"text\" ><h2>Die Anreise<\/h2>\n<p>Vom Westen Deutschlands dauert die Fahrt nach Texel oft nur zwischen 4 und 6 Stunden \u2013 und ist damit an einem Tag m\u00f6glich. Gefahren wird stets nach Den Helder in Nordholland, denn hier liegt der einzige F\u00e4hrhafen, der Texel mit dem holl\u00e4ndischen Festland verbindet.<\/p>\n<p>Vom Osten und S\u00fcden Deutschlands sind eher 10 bis 14 Stunden \u2013 und (mindestens) eine \u00dcbernachtung \u2013 einzuplanen. Wollen Sie Zeit sparen und Ihren Wohnmobil-Urlaub komplett auf Texel verbringen, empfiehlt sich die Anreise mit dem Flugzeug nach Amsterdam. (Gut zu wissen: Sie k\u00f6nnen direkt in <a href=\"https:\/\/www.tuicamper.com\/reiseziele\/europa\/niederlande\/amsterdam\/\">Amsterdam ein Wohnmobil mieten<\/a>.) Von der niederl\u00e4ndischen Hauptstadt sind es nur noch rund 100 Kilometer zum F\u00e4hrhafen von Den Helder. Direktfl\u00fcge nach Amsterdam sind von den meisten gr\u00f6\u00dferen deutschen Flugh\u00e4gen m\u00f6glich. Die Flugzeit betr\u00e4gt 1 bis 1,5 Stunden.<\/p>\n<\/div><\/section><\/div>\n\n<\/div><\/div><\/div><!-- close content main div --><\/div><\/div><div id='av_section_4'  class='avia-section av-8fu4td0z-8d682fca1fa77581c8c3680d69f88e6d main_color avia-section-default avia-no-border-styling  avia-builder-el-9  el_after_av_section  el_before_av_section  reduced-content avia-bg-style-scroll container_wrap sidebar_right'  ><div class='container av-section-cont-open' ><div class='template-page content  av-content-small alpha units'><div class='post-entry post-entry-type-page post-entry-121459'><div class='entry-content-wrapper clearfix'>\n\n<style type=\"text\/css\" data-created_by=\"avia_inline_auto\" id=\"style-css-av-8eeo0egj-380367840f4f2e563f84c072d0d32269\">\n.avia-image-container.av-8eeo0egj-380367840f4f2e563f84c072d0d32269 img.avia_image{\nbox-shadow:none;\n}\n.avia-image-container.av-8eeo0egj-380367840f4f2e563f84c072d0d32269 .av-caption-image-overlay-bg{\nopacity:0.4;\nbackground-color:#000000;\n}\n.avia-image-container.av-8eeo0egj-380367840f4f2e563f84c072d0d32269 .av-image-caption-overlay-center{\ncolor:#ffffff;\n}\n<\/style>\n<div  class='avia-image-container av-8eeo0egj-380367840f4f2e563f84c072d0d32269 av-styling- av-img-linked avia_animated_image av-animated-when-visible-95 fade-in avia-align-center  avia-builder-el-10  el_before_av_hr  avia-builder-el-first  noHover av-overlay-on-hover'   itemprop=\"image\" itemscope=\"itemscope\" itemtype=\"https:\/\/schema.org\/ImageObject\" ><div class=\"avia-image-container-inner\"><div class=\"avia-image-overlay-wrap\"><a href=\"https:\/\/www.tuicamper.com\/wp-docker\/wp-content\/uploads\/2026\/01\/camping-texel-faehre-1030x644.jpg\" data-srcset=\"https:\/\/www.tuicamper.com\/wp-docker\/wp-content\/uploads\/2026\/01\/camping-texel-faehre-1030x644.jpg 1030w, https:\/\/www.tuicamper.com\/wp-docker\/wp-content\/uploads\/2026\/01\/camping-texel-faehre-300x188.jpg 300w, https:\/\/www.tuicamper.com\/wp-docker\/wp-content\/uploads\/2026\/01\/camping-texel-faehre-768x480.jpg 768w, https:\/\/www.tuicamper.com\/wp-docker\/wp-content\/uploads\/2026\/01\/camping-texel-faehre-705x441.jpg 705w, https:\/\/www.tuicamper.com\/wp-docker\/wp-content\/uploads\/2026\/01\/camping-texel-faehre.jpg 1440w\" data-sizes=\"(max-width: 1030px) 100vw, 1030px\" class='avia_image '  aria-label='F\u00e4hre nach Texel'><div class=\"av-image-caption-overlay\"><div class=\"av-caption-image-overlay-bg\"><\/div><div class=\"av-image-caption-overlay-position\"><div class=\"av-image-caption-overlay-center\"><p>Die Fahrt mit der F\u00e4hre zwischen Den Helder und der Insel Texel dauert nur 20 Minuten.<\/p>\n<\/div><\/div><\/div><img decoding=\"async\" fetchpriority=\"high\" class='wp-image-121467 avia-img-lazy-loading-not-121467 avia_image ' src=\"https:\/\/www.tuicamper.com\/wp-docker\/wp-content\/uploads\/2026\/01\/camping-texel-faehre-845x684.jpg\" alt='' title='F\u00e4hre nach Texel'  height=\"684\" width=\"845\"  itemprop=\"thumbnailUrl\" srcset=\"https:\/\/www.tuicamper.com\/wp-docker\/wp-content\/uploads\/2026\/01\/camping-texel-faehre-845x684.jpg 845w, https:\/\/www.tuicamper.com\/wp-docker\/wp-content\/uploads\/2026\/01\/camping-texel-faehre-495x400.jpg 495w\" sizes=\"(max-width: 845px) 100vw, 845px\" \/><\/a><\/div><\/div><\/div>\n\n<style type=\"text\/css\" data-created_by=\"avia_inline_auto\" id=\"style-css-av-872fpucz-d6361299fbaf584a158e0db3344826e1\">\n#top .hr.hr-invisible.av-872fpucz-d6361299fbaf584a158e0db3344826e1{\nheight:25px;\n}\n<\/style>\n<div  class='hr av-872fpucz-d6361299fbaf584a158e0db3344826e1 hr-invisible  avia-builder-el-11  el_after_av_image  avia-builder-el-last '><span class='hr-inner '><span class=\"hr-inner-style\"><\/span><\/span><\/div>\n\n<\/div><\/div><\/div><!-- close content main div --><\/div><\/div><div id='av_section_5'  class='avia-section av-85t7daur-df422b1716f5028c060bfe0d5e5c0e4a main_color avia-section-default avia-no-border-styling  avia-builder-el-12  el_after_av_section  el_before_av_section  reduced-content avia-bg-style-scroll container_wrap sidebar_right'  ><div class='container av-section-cont-open' ><div class='template-page content  av-content-small alpha units'><div class='post-entry post-entry-type-page post-entry-121459'><div class='entry-content-wrapper clearfix'>\n\n<style type=\"text\/css\" data-created_by=\"avia_inline_auto\" id=\"style-css-av-7xjzaywj-be3430736939866bf951c03241d26f08\">\n.flex_column.av-7xjzaywj-be3430736939866bf951c03241d26f08{\nborder-radius:0px 0px 0px 0px;\npadding:0px 0px 0px 0px;\n}\n<\/style>\n<div  class='flex_column av-7xjzaywj-be3430736939866bf951c03241d26f08 av_one_full  avia-builder-el-13  avia-builder-el-no-sibling  first flex_column_div av-zero-column-padding  '     ><section  class='av_textblock_section av-s5sicfn-f9049fad03beebdd673304a386a4c66b '   itemscope=\"itemscope\" itemtype=\"https:\/\/schema.org\/BlogPosting\" itemprop=\"blogPost\" ><div class='avia_textblock'  itemprop=\"text\" ><h2>Mit der F\u00e4hre nach Texel<\/h2>\n<p>Texel erreichen Sie ausschlie\u00dflich via F\u00e4hre von Den Helder. Eine Br\u00fccke auf die Nordseeinsel gibt es nicht. Die TESO-F\u00e4hre verkehrt 365 Tage im Jahr von morgens bis abends \u2013 je nach Saison st\u00fcndlich oder halbst\u00fcndlich. Die konkreten Abfahrtzeiten (inkl. voraussichtlicher Wartezeit) k\u00f6nnen Sie auf <a href=\"https:\/\/www.teso.nl\/de\/abfahrtzeiten\/\" target=\"_blank\" rel=\"noopener\">teso.nl<\/a> nachlesen.<\/p>\n<p>Tickets sind weder an ein Datum noch an eine Uhrzeit gebunden und k\u00f6nnen online gekauft werden. Die Preise f\u00fcr Wohnmobile sind von der L\u00e4nge des Fahrzeugs abh\u00e4ngig. Um ein <a href=\"https:\/\/www.teso.nl\/de\/tickets\/\" target=\"_blank\" rel=\"noopener\">Ticket online kaufen<\/a> zu k\u00f6nnen, m\u00fcssen Sie die L\u00e4nge Ihres Wohnmobils angeben. Bei einer \u00dcberfahrt dienstags, mittwochs oder donnerstags gibt es 30% Rabatt auf den Preis. Ein Ticket gilt immer f\u00fcr Hin- und R\u00fcckfahrt.<\/p>\n<p>Preisbeispiel: F\u00fcr eine \u00dcberfahrt mit einem Wohnmobil zwischen 6,51 und 7,50 Metern L\u00e4nge zahlen Sie an einem Samstag 68,25\u20ac. An einem Mittwoch sinkt der Ticketpreis auf 51,10\u20ac. (Stand: Januar 2026)<\/p>\n<\/div><\/section><\/div>\n\n<\/div><\/div><\/div><!-- close content main div --><\/div><\/div><div id='av_section_6'  class='avia-section av-7oy7y2er-953075d099d714ac5bfafba2aef0b55e main_color avia-section-default avia-no-border-styling  avia-builder-el-15  el_after_av_section  el_before_av_section  reduced-content avia-bg-style-scroll container_wrap sidebar_right'  ><div class='container av-section-cont-open' ><div class='template-page content  av-content-small alpha units'><div class='post-entry post-entry-type-page post-entry-121459'><div class='entry-content-wrapper clearfix'>\n\n<style type=\"text\/css\" data-created_by=\"avia_inline_auto\" id=\"style-css-av-7lmkewoj-aa800b85ebbd2ffc923f301a33561153\">\n.avia-image-container.av-7lmkewoj-aa800b85ebbd2ffc923f301a33561153 img.avia_image{\nbox-shadow:none;\n}\n.avia-image-container.av-7lmkewoj-aa800b85ebbd2ffc923f301a33561153 .av-caption-image-overlay-bg{\nopacity:0.4;\nbackground-color:#000000;\n}\n.avia-image-container.av-7lmkewoj-aa800b85ebbd2ffc923f301a33561153 .av-image-caption-overlay-center{\ncolor:#ffffff;\n}\n<\/style>\n<div  class='avia-image-container av-7lmkewoj-aa800b85ebbd2ffc923f301a33561153 av-styling- av-img-linked avia_animated_image av-animated-when-visible-95 fade-in avia-align-center  avia-builder-el-16  el_before_av_hr  avia-builder-el-first  noHover av-overlay-on-hover'   itemprop=\"image\" itemscope=\"itemscope\" itemtype=\"https:\/\/schema.org\/ImageObject\" ><div class=\"avia-image-container-inner\"><div class=\"avia-image-overlay-wrap\"><a href=\"https:\/\/www.tuicamper.com\/wp-docker\/wp-content\/uploads\/2026\/01\/camping-texel-1030x644.jpg\" data-srcset=\"https:\/\/www.tuicamper.com\/wp-docker\/wp-content\/uploads\/2026\/01\/camping-texel-1030x644.jpg 1030w, https:\/\/www.tuicamper.com\/wp-docker\/wp-content\/uploads\/2026\/01\/camping-texel-300x188.jpg 300w, https:\/\/www.tuicamper.com\/wp-docker\/wp-content\/uploads\/2026\/01\/camping-texel-768x480.jpg 768w, https:\/\/www.tuicamper.com\/wp-docker\/wp-content\/uploads\/2026\/01\/camping-texel-705x441.jpg 705w, https:\/\/www.tuicamper.com\/wp-docker\/wp-content\/uploads\/2026\/01\/camping-texel.jpg 1440w\" data-sizes=\"(max-width: 1030px) 100vw, 1030px\" class='avia_image '  aria-label='Texel aus der Vogelperspektive'><div class=\"av-image-caption-overlay\"><div class=\"av-caption-image-overlay-bg\"><\/div><div class=\"av-image-caption-overlay-position\"><div class=\"av-image-caption-overlay-center\"><p>Texel aus der Vogelperspektive<\/p>\n<\/div><\/div><\/div><img decoding=\"async\" fetchpriority=\"high\" class='wp-image-121470 avia-img-lazy-loading-not-121470 avia_image ' src=\"https:\/\/www.tuicamper.com\/wp-docker\/wp-content\/uploads\/2026\/01\/camping-texel-845x684.jpg\" alt='' title='Texel aus der Vogelperspektive'  height=\"684\" width=\"845\"  itemprop=\"thumbnailUrl\" srcset=\"https:\/\/www.tuicamper.com\/wp-docker\/wp-content\/uploads\/2026\/01\/camping-texel-845x684.jpg 845w, https:\/\/www.tuicamper.com\/wp-docker\/wp-content\/uploads\/2026\/01\/camping-texel-495x400.jpg 495w\" sizes=\"(max-width: 845px) 100vw, 845px\" \/><\/a><\/div><\/div><\/div>\n\n<style type=\"text\/css\" data-created_by=\"avia_inline_auto\" id=\"style-css-av-7ikup9ir-f3cfdf8b8d24344c06798c1fc085e913\">\n#top .hr.hr-invisible.av-7ikup9ir-f3cfdf8b8d24344c06798c1fc085e913{\nheight:25px;\n}\n<\/style>\n<div  class='hr av-7ikup9ir-f3cfdf8b8d24344c06798c1fc085e913 hr-invisible  avia-builder-el-17  el_after_av_image  avia-builder-el-last '><span class='hr-inner '><span class=\"hr-inner-style\"><\/span><\/span><\/div>\n\n<\/div><\/div><\/div><!-- close content main div --><\/div><\/div><div id='av_section_7'  class='avia-section av-7boz8epf-e29a84959bdf07e5c72dd65acdf88d1e main_color avia-section-default avia-no-border-styling  avia-builder-el-18  el_after_av_section  el_before_av_section  reduced-content avia-bg-style-scroll container_wrap sidebar_right'  ><div class='container av-section-cont-open' ><div class='template-page content  av-content-small alpha units'><div class='post-entry post-entry-type-page post-entry-121459'><div class='entry-content-wrapper clearfix'>\n\n<style type=\"text\/css\" data-created_by=\"avia_inline_auto\" id=\"style-css-av-75vjexrn-d6feeeb8d0610044111b985faad66c7b\">\n.flex_column.av-75vjexrn-d6feeeb8d0610044111b985faad66c7b{\nborder-radius:0px 0px 0px 0px;\npadding:0px 0px 0px 0px;\n}\n<\/style>\n<div  class='flex_column av-75vjexrn-d6feeeb8d0610044111b985faad66c7b av_one_full  avia-builder-el-19  avia-builder-el-no-sibling  first flex_column_div av-zero-column-padding  '     ><section  class='av_textblock_section av-pogaqk3-ad55a48a24598cfcdc168bfddb37261b '   itemscope=\"itemscope\" itemtype=\"https:\/\/schema.org\/BlogPosting\" itemprop=\"blogPost\" ><div class='avia_textblock'  itemprop=\"text\" ><h2>Camping auf Texel: 3 Tipps f\u00fcr Ihren Wohnmobil-Urlaub<\/h2>\n<p>Jahr f\u00fcr Jahr zieht es zahlreiche Camper nach Texel. Sind Sie das erste Mal auf der Westfriesischen Insel unterwegs, sollten Sie insbesondere die drei folgenden Hinweise beachten.<\/p>\n<ol>\n<li><strong>Reservieren Sie Ihren Wunsch-Campingplatz rechtzeitig<\/strong>. Zwar gibt es auf Texel viele Campingpl\u00e4tze. Gerade in der Hauptsaison im Sommer f\u00fcllen sich die Stellpl\u00e4tze aber sehr schnell. M\u00f6chten Sie auf einem bestimmten Campingplatz \u00fcbernachten, sollten Sie daher fr\u00fchzeitig reservieren.<\/li>\n<li><strong>Leihen Sie sich ein Fahrrad<\/strong>. Texel ist wunderbar flach und verf\u00fcgt \u00fcber ein hervorragend ausgebautes Fahrradnetz. Perfekte Bedingungen also, um die Nordseeinsel via Rad zu erkunden.<\/li>\n<li><strong>Vermeiden Sie freies Stehen<\/strong>. Wildcamping ist in den Niederlanden nicht erlaubt und wird auch auf Texel streng geahndet. Die \u00dcbernachtung in den D\u00fcnen oder in Waldgebieten abseits der Campingpl\u00e4tze kann mit Bu\u00dfgeldern von bis zu 500 Euro geahndet werden.<\/li>\n<\/ol>\n<\/div><\/section><\/div>\n\n<\/div><\/div><\/div><!-- close content main div --><\/div><\/div><div id='av_section_8'  class='avia-section av-6lndonxv-a23845a55bec0d2b5a1c970c04f94b8c main_color avia-section-default avia-no-border-styling  avia-builder-el-21  el_after_av_section  el_before_av_section  reduced-content avia-bg-style-scroll container_wrap sidebar_right'  ><div class='container av-section-cont-open' ><div class='template-page content  av-content-small alpha units'><div class='post-entry post-entry-type-page post-entry-121459'><div class='entry-content-wrapper clearfix'>\n\n<style type=\"text\/css\" data-created_by=\"avia_inline_auto\" id=\"style-css-av-bm932lv-7fd939325544ee0c91dc9e8b658d9221\">\n.flex_column.av-bm932lv-7fd939325544ee0c91dc9e8b658d9221{\nborder-radius:0px 0px 0px 0px;\npadding:0px 0px 0px 0px;\n}\n<\/style>\n<div  class='flex_column av-bm932lv-7fd939325544ee0c91dc9e8b658d9221 av_one_full  avia-builder-el-22  avia-builder-el-no-sibling  first flex_column_div av-zero-column-padding  '     ><section  class='av_textblock_section av-5m1rb8z-46edca7adf532e00e6d0e79776d3aed3 '   itemscope=\"itemscope\" itemtype=\"https:\/\/schema.org\/BlogPosting\" itemprop=\"blogPost\" ><div class='avia_textblock'  itemprop=\"text\" ><h2>Campingpl\u00e4tze auf Texel<\/h2>\n<p>Mit \u00fcber einem Dutzend Campingpl\u00e4tzen bietet Texel beste Voraussetzungen f\u00fcr einen Wohnmobil-Urlaub. Einige der sch\u00f6nsten Campingpl\u00e4tze:<\/p>\n<ul>\n<li><a href=\"https:\/\/www.woudtexel.nl\/de\/\" target=\"_blank\" rel=\"noopener\"><strong>Woud Texel<\/strong><\/a>: Umgeben von W\u00e4ldern und am Rande des Inselnationalparks gelegen, ist der Campingplatz Woud der perfekte Ort, um die Natur zu genie\u00dfen und zur Ruhe zu kommen.<\/li>\n<li><a href=\"https:\/\/www.dehogekamptexel.nl\/\" target=\"_blank\" rel=\"noopener\"><strong>Camping De Hoge Kamp<\/strong><\/a><strong> &amp; <\/strong><a href=\"https:\/\/www.detesselsekamping.com\/campingdetesselsekamping\" target=\"_blank\" rel=\"noopener\"><strong>De Tesselse Kamping<\/strong><\/a>: <a href=\"https:\/\/www.tuicamper.com\/magazin\/camping-auf-dem-bauernhof\/\">Camping auf dem Bauernhof<\/a>? Das geht auch auf Texel. Auf den benachbarten kleinen Campingpl\u00e4tze De Hoge Kamp und De Tesselse.<\/li>\n<li><a href=\"https:\/\/www.coogherveld-texel.nl\/de\/\" target=\"_blank\" rel=\"noopener\"><strong>Camping Coogherveld<\/strong><\/a>: Der Familiencampingplatz Coogherveld geh\u00f6rt zu den gr\u00f6\u00dferen Campingpl\u00e4tzen auf Texel \u2013 und liegt herrlich zentral. Wald, D\u00fcnen, Strand \u2013 hier ist alles fu\u00dfl\u00e4ufig erreichbar.<\/li>\n<li><a href=\"https:\/\/www.waddenstertexel.nl\/\" target=\"_blank\" rel=\"noopener\"><strong>Camping de Waddenster<\/strong><\/a>: Wer es ruhig und famili\u00e4r mag, ist auf dem Campingplatz de Waddenster mit seinen gerade mal 15 Stellpl\u00e4tzen gut aufgehoben.<\/li>\n<\/ul>\n<\/div><\/section><\/div>\n\n<\/div><\/div><\/div><!-- close content main div --><\/div><\/div><div id='av_section_9'  class='avia-section av-6b5jbjn-f5190827108efe5930aa80d9f8ffab4f main_color avia-section-default avia-no-border-styling  avia-builder-el-24  el_after_av_section  el_before_av_section  reduced-content avia-bg-style-scroll container_wrap sidebar_right'  ><div class='container av-section-cont-open' ><div class='template-page content  av-content-small alpha units'><div class='post-entry post-entry-type-page post-entry-121459'><div class='entry-content-wrapper clearfix'>\n\n\n<\/div><\/div><\/div><!-- close content main div --><\/div><\/div><div id='av_section_10'  class='avia-section av-158kfilv-98efdbbb386e4eedd96975f497827974 main_color avia-section-default avia-no-border-styling  avia-builder-el-26  el_after_av_section  el_before_av_section  reduced-content avia-bg-style-scroll container_wrap sidebar_right'  ><div class='container av-section-cont-open' ><div class='template-page content  av-content-small alpha units'><div class='post-entry post-entry-type-page post-entry-121459'><div class='entry-content-wrapper clearfix'>\n\n<style type=\"text\/css\" data-created_by=\"avia_inline_auto\" id=\"style-css-av-xmhalyr-a9eae69ac7e76698fddcdec26c22f374\">\n.flex_column.av-xmhalyr-a9eae69ac7e76698fddcdec26c22f374{\nborder-radius:0px 0px 0px 0px;\npadding:0px 0px 0px 0px;\n}\n<\/style>\n<div  class='flex_column av-xmhalyr-a9eae69ac7e76698fddcdec26c22f374 av_one_full  avia-builder-el-27  avia-builder-el-no-sibling  first flex_column_div av-zero-column-padding  '     ><section  class='av_textblock_section av-2vvm8c3-199055b8cabbe0cd2af66fc2cf81ebd5 '   itemscope=\"itemscope\" itemtype=\"https:\/\/schema.org\/BlogPosting\" itemprop=\"blogPost\" ><div class='avia_textblock'  itemprop=\"text\" ><h2>Sehensw\u00fcrdigkeiten und Ausflugstipps<\/h2>\n<p>D\u00fcnenlandschaften, Str\u00e4nde und spektakul\u00e4re Sonnenunterg\u00e4nge. W\u00e4lder, Wiesen und tausende Schafe. Die Naturlandschaft Texels geizt nicht mit Reizen. Aber auch klassische Sehensw\u00fcrdigkeiten, die sich als Ausflugsziel eignen, gibt es so einige. Da w\u00e4re der ikonische <strong>Leuchtturm von Texel<\/strong>, von dem aus Sie ein fantastischer Panoramablick erwartet. (F\u00fcr die Besichtigung m\u00fcssen Online-Tickets gebucht werden.) Das Naturmuseum und <strong>Aquarium Ecomare<\/strong>, wo Sie auf Tuchf\u00fchlung mit der Tier- und Pflanzenwelt des Wattenmeers gehen k\u00f6nnen. Oder das Schifffahrtsmuseum <strong>Museum Kaap Skil<\/strong>, das das Leben auf dem Meer anhand anschaulicher Geschichten und Abenteuer greifbar macht. Und wer mehr \u00fcber die Schafe Texels erfahren m\u00f6chte, die die Insel seit Jahrhunderten pr\u00e4gen, ist auf der Schaffarm nahe dem Hauptort Den Burg genau an der richtigen Adresse. (L\u00e4mmer-Kuscheln ausdr\u00fccklich erlaubt.)<\/p>\n<\/div><\/section><\/div>\n\n<\/div><\/div><\/div><!-- close content main div --><\/div><\/div><div id='av_section_11'  class='avia-section av-6x7ykcqb-84cdf367386db43b40dbc50b491ceace main_color avia-section-default avia-no-border-styling  avia-builder-el-29  el_after_av_section  el_before_av_section  magazine-slider-section fullwidth_section avia-bg-style-scroll container_wrap sidebar_right'  ><div class='container av-section-cont-open' ><div class='template-page content  av-content-small alpha units'><div class='post-entry post-entry-type-page post-entry-121459'><div class='entry-content-wrapper clearfix'>\n\n<style type=\"text\/css\" data-created_by=\"avia_inline_auto\" id=\"style-css-av-og9gi5v-c737fe26a089450b06ba43976bb65550\">\n.flex_column.av-og9gi5v-c737fe26a089450b06ba43976bb65550{\nborder-radius:0px 0px 0px 0px;\npadding:0px 0px 0px 0px;\n}\n<\/style>\n<div  class='flex_column av-og9gi5v-c737fe26a089450b06ba43976bb65550 av_one_full  avia-builder-el-30  avia-builder-el-no-sibling  first flex_column_div av-zero-column-padding  '     ><section  class='av_textblock_section av-6pdsah9v-92c9a0debb6e5f93a348f8a9678e9e08 '   itemscope=\"itemscope\" itemtype=\"https:\/\/schema.org\/BlogPosting\" itemprop=\"blogPost\" ><div class='avia_textblock'  itemprop=\"text\" ><div class=\"flex_column av_three_fourth flex_column_div av-zero-column-padding first el_before_av_one_fourth avia-builder-el-first headline-section\">\r\n    <section class=\"av_textblock_section \" itemscope=\"itemscope\"\r\n             itemtype=\"https:\/\/schema.org\/CreativeWork\">\r\n                    <div class=\"avia_textblock\" itemprop=\"text\">\r\n                                    Aus dem TUI Camper Magazin:<br>\r\n                                Spannende Artikel \u00fcber Niederlande &amp; Deutschland            <\/div>\r\n            <\/section>\r\n<\/div>\r\n<div class=\"flex_column av_one_fourth flex_column_div av-zero-column-padding el_after_av_three_fourth el_before_av_feature_image_slider avia-builder-el-last logo-section\">\r\n    <div class=\"avia-image-container avia-builder-el-no-sibling avia-align-center\"\r\n         itemprop=\"image\" itemscope=\"itemscope\" itemtype=\"https:\/\/schema.org\/ImageObject\">\r\n        <div class=\"avia-image-container-inner\">\r\n            <div class=\"avia-image-overlay-wrap\">\r\n                <a href=\"\/magazin\/\">\r\n                    <img decoding=\"async\" class=\"wp-image-3099 avia-img-lazy-loading-not-3099 avia_image\"\r\n                         src=\"\/wp-docker\/wp-content\/themes\/tuicamper_enfold\/assets\/img\/logo_350-135.png\"\r\n                         alt=\"TUI Camper Magazin\" height=\"69\" width=\"150\"\r\n                         itemprop=\"thumbnailUrl\">\r\n                <\/a>\r\n            <\/div>\r\n        <\/div>\r\n    <\/div>\r\n<\/div>\r\n<div class=\"flex_column av_one_full flex_column_div av-zero-column-padding first el_before_av_textblock avia-builder-el-first\"\r\n     style=\"border-radius:0px;\">\r\n    <div class=\"carousel\">\r\n                    <div class=\"carousel-cell\">\r\n                <a href=\"https:\/\/www.tuicamper.com\/magazin\/groesster-campingplatz-deutschlands-grav-insel\/\">\r\n                    <div class=\"img-container\" style=\"background-image: url('https:\/\/www.tuicamper.com\/wp-docker\/wp-content\/uploads\/2024\/11\/Campingplatz_Deutschland.jpg');\"><\/div>\r\n                    <p>Grav-Insel: Das erwartet Sie auf dem gr\u00f6\u00dften Campingplatz Deutschlands <span class=\"dashicons dashicons-arrow-right-alt2\"><\/span><\/p>\r\n                <\/a>\r\n            <\/div>\r\n                    <div class=\"carousel-cell\">\r\n                <a href=\"https:\/\/www.tuicamper.com\/magazin\/camping-ueber-silvester\/\">\r\n                    <div class=\"img-container\" style=\"background-image: url('https:\/\/www.tuicamper.com\/wp-docker\/wp-content\/uploads\/2024\/09\/Camping_Silvester_Feuerwerk.jpg');\"><\/div>\r\n                    <p>Camping \u00fcber Silvester: Die besten Tipps &#038; Stellpl\u00e4tze <span class=\"dashicons dashicons-arrow-right-alt2\"><\/span><\/p>\r\n                <\/a>\r\n            <\/div>\r\n                    <div class=\"carousel-cell\">\r\n                <a href=\"https:\/\/www.tuicamper.com\/magazin\/schwarzwaldhochstrasse-mit-dem-wohnmobil\/\">\r\n                    <div class=\"img-container\" style=\"background-image: url('https:\/\/www.tuicamper.com\/wp-docker\/wp-content\/uploads\/2025\/03\/schwarzwaldhochstrasse-header.jpg');\"><\/div>\r\n                    <p>Schwarzwaldhochstra\u00dfe: Mit dem Wohnmobil durch unber\u00fchrte Naturlandschaften <span class=\"dashicons dashicons-arrow-right-alt2\"><\/span><\/p>\r\n                <\/a>\r\n            <\/div>\r\n                    <div class=\"carousel-cell\">\r\n                <a href=\"https:\/\/www.tuicamper.com\/magazin\/indian-summer-in-deutschland\/\">\r\n                    <div class=\"img-container\" style=\"background-image: url('https:\/\/www.tuicamper.com\/wp-docker\/wp-content\/uploads\/2025\/08\/indian-summer-deutschland-header.jpg');\"><\/div>\r\n                    <p>Indian Summer in Deutschland erleben: Tipps f\u00fcr die herbstliche Camper-Tour <span class=\"dashicons dashicons-arrow-right-alt2\"><\/span><\/p>\r\n                <\/a>\r\n            <\/div>\r\n                    <div class=\"carousel-cell\">\r\n                <a href=\"https:\/\/www.tuicamper.com\/magazin\/camping-im-europa-park-rust\/\">\r\n                    <div class=\"img-container\" style=\"background-image: url('https:\/\/www.tuicamper.com\/wp-docker\/wp-content\/uploads\/2025\/03\/camping-europa-park-header.jpg');\"><\/div>\r\n                    <p>Camping im Europa-Park: Mit dem Wohnmobil zum Freizeitpark der Superlative <span class=\"dashicons dashicons-arrow-right-alt2\"><\/span><\/p>\r\n                <\/a>\r\n            <\/div>\r\n                    <div class=\"carousel-cell\">\r\n                <a href=\"https:\/\/www.tuicamper.com\/magazin\/muenchen-sehenswuerdigkeiten\/\">\r\n                    <div class=\"img-container\" style=\"background-image: url('https:\/\/www.tuicamper.com\/wp-docker\/wp-content\/uploads\/2025\/09\/muenchen-sehenswuerdigkeiten-header.jpg');\"><\/div>\r\n                    <p>M\u00fcnchen Sehensw\u00fcrdigkeiten: Die sch\u00f6nsten Highlights, Campingpl\u00e4tze &#038; Tipps <span class=\"dashicons dashicons-arrow-right-alt2\"><\/span><\/p>\r\n                <\/a>\r\n            <\/div>\r\n            <\/div>\r\n<\/div>\n<\/div><\/section><\/div><div id='av_section_12'  class='avia-section av-an7hjqr-2a86e92ff390b6a2120aeb5c30eb7d01 main_color avia-section-default avia-no-border-styling  avia-builder-el-0  el_before_av_textblock  avia-builder-el-first  reduced-content avia-bg-style-scroll container_wrap sidebar_right'  ><div class='container av-section-cont-open' ><main  role=\"main\" itemprop=\"mainContentOfPage\"  class='template-page content  av-content-small alpha units'><div class='post-entry post-entry-type-page post-entry-121459'><div class='entry-content-wrapper clearfix'>\n\n<style type=\"text\/css\" data-created_by=\"avia_inline_auto\" id=\"style-css-av-6eyh0oj-3aee9aef3df280029f77d3fbeb298d02\">\n.flex_column.av-6eyh0oj-3aee9aef3df280029f77d3fbeb298d02{\nborder-radius:0px 0px 0px 0px;\npadding:0px 0px 0px 0px;\n}\n<\/style>\n<div  class='flex_column av-6eyh0oj-3aee9aef3df280029f77d3fbeb298d02 av_one_full  avia-builder-el-1  avia-builder-el-no-sibling  first flex_column_div av-zero-column-padding  '     ><section  class='av_textblock_section av-mkl189k2-ca4ae6076315443eaea47e8614ac81f5 '   itemscope=\"itemscope\" itemtype=\"https:\/\/schema.org\/BlogPosting\" itemprop=\"blogPost\" ><div class='avia_textblock'  itemprop=\"text\" ><h2>Camping auf Texel mit Hund<\/h2>\n<p>Sie m\u00f6chten Ihren Vierbeiner mit in den Camping-Urlaub nehmen? Kein Problem. Auf Texel befinden sich viele hundefreundliche Campingpl\u00e4tze, auf denen Haustiere ausdr\u00fccklich erlaubt sind. Und f\u00fcr ordentlich Auslauf ist dank der gro\u00dfartigen Natur und den langen Sandstr\u00e4nden vor Ort auch gesorgt. Im Wald von De Dennen und an vielen Strandabschnitten d\u00fcrfen Hunde sogar ohne Leine laufen. An anderen \u00f6ffentlichen Orten wiederum herrscht Leinenpflicht. Achten Sie daher auf die Beschilderung vor Ort.<\/p>\n<\/div><\/section><\/div>\n<\/div><\/div><\/main><!-- close content main element --><\/div><\/div><div id='after_section_12'  class='main_color av_default_container_wrap container_wrap sidebar_right'  ><div class='container av-section-cont-open' ><div class='template-page content  av-content-small alpha units'><div class='post-entry post-entry-type-page post-entry-121459'><div class='entry-content-wrapper clearfix'><\/p>\n<\/div><\/div><\/div><!-- close content main div --><\/div><\/div><div id='av_section_13'  class='avia-section av-q97hqr7-8c42f1b3de69462ae49cab7a6bdd2e64 main_color avia-section-default avia-no-border-styling  reduced-content avia-bg-style-scroll container_wrap sidebar_right'  ><div class='container av-section-cont-open' ><div class='template-page content  av-content-small alpha units'><div class='post-entry post-entry-type-page post-entry-121459'><div class='entry-content-wrapper clearfix'>\n<div  class='avia-button-wrap av-lf6dbzn-ca58cc5e7c57ce864b3a259df046cd50-wrap avia-button-center '><a href='https:\/\/www.tuicamper.com\/reiseziele\/europa\/niederlande\/'  class='avia-button av-lf6dbzn-ca58cc5e7c57ce864b3a259df046cd50 av-link-btn avia-icon_select-yes-right-icon avia-size-large avia-position-center avia-color-theme-color'   aria-label=\"Jetzt Wohnmobil mieten f\u00fcr Niederlande\"><span class='avia_iconbox_title' >Jetzt Wohnmobil mieten f\u00fcr Niederlande<\/span><span class='avia_button_icon avia_button_icon_right avia-iconfont avia-font-entypo-fontello' data-av_icon='\ue875' data-av_iconfont='entypo-fontello' ><\/span><\/a><\/div>\n\n<style type=\"text\/css\" data-created_by=\"avia_inline_auto\" id=\"style-css-av-epy8qcz-15866a695b9e4312d200a215305c7b39\">\n.flex_column.av-epy8qcz-15866a695b9e4312d200a215305c7b39{\nborder-radius:0px 0px 0px 0px;\npadding:0px 0px 0px 0px;\n}\n<\/style>\n<div  class='flex_column av-epy8qcz-15866a695b9e4312d200a215305c7b39 av_one_full first flex_column_div av-zero-column-padding  '     ><style type=\"text\/css\" data-created_by=\"avia_inline_auto\" id=\"style-css-av-aavxm2b-4894aba2e138525682a719f829f1aaa6\">\n#top .av_textblock_section.av-aavxm2b-4894aba2e138525682a719f829f1aaa6 .avia_textblock{\nfont-size:28px;\n}\n<\/style>\n<section  class='av_textblock_section av-aavxm2b-4894aba2e138525682a719f829f1aaa6 '   itemscope=\"itemscope\" itemtype=\"https:\/\/schema.org\/BlogPosting\" itemprop=\"blogPost\" ><div class='avia_textblock'  itemprop=\"text\" ><p><strong>Ihr TUI CAMPER-Team w\u00fcnscht Ihnen einen erholsamen Wohnmobil-Urlaub auf der Wattinsel Texel!<\/strong><\/p>\n<\/div><\/section><\/div><div  class='av-social-sharing-box av-8phzgxf-fc005a45c98af7d9254d4421eb884b90 av-social-sharing-box-default av-social-sharing-box-fullwidth'><div class=\"av-share-box\"><ul class=\"av-share-box-list noLightbox\"><li class='av-share-link av-social-link-facebook avia_social_iconfont' ><a target=\"_blank\" aria-label=\"Teilen auf Facebook\" href='https:\/\/www.facebook.com\/sharer.php?u=https:\/\/www.tuicamper.com\/magazin\/muenchen-sehenswuerdigkeiten\/&#038;t=M%C3%BCnchen%20Sehensw%C3%BCrdigkeiten%3A%20Die%20sch%C3%B6nsten%20Highlights%2C%20Campingpl%C3%A4tze%20%26%20Tipps' data-av_icon='\ue8f3' data-av_iconfont='entypo-fontello'  title='' data-avia-related-tooltip='Teilen auf Facebook'><span class='avia_hidden_link_text'>Teilen auf Facebook<\/span><\/a><\/li><li class='av-share-link av-social-link-twitter avia_social_iconfont' ><a target=\"_blank\" aria-label=\"Teilen auf X\" href='https:\/\/twitter.com\/share?text=M%C3%BCnchen%20Sehensw%C3%BCrdigkeiten%3A%20Die%20sch%C3%B6nsten%20Highlights%2C%20Campingpl%C3%A4tze%20%26%20Tipps&#038;url=https:\/\/www.tuicamper.com\/magazin\/muenchen-sehenswuerdigkeiten\/' data-av_icon='\ue932' data-av_iconfont='entypo-fontello'  title='' data-avia-related-tooltip='Teilen auf X'><span class='avia_hidden_link_text'>Teilen auf X<\/span><\/a><\/li><li class='av-share-link av-social-link-whatsapp avia_social_iconfont' ><a target=\"_blank\" aria-label=\"Teilen auf WhatsApp\" href='https:\/\/api.whatsapp.com\/send?text=https:\/\/www.tuicamper.com\/magazin\/muenchen-sehenswuerdigkeiten\/' data-av_icon='\uf232' data-av_iconfont='entypo-fontello'  title='' data-avia-related-tooltip='Teilen auf WhatsApp'><span class='avia_hidden_link_text'>Teilen auf WhatsApp<\/span><\/a><\/li><li class='av-share-link av-social-link-pinterest avia_social_iconfont' ><a target=\"_blank\" aria-label=\"Teilen auf Pinterest\" href='https:\/\/pinterest.com\/pin\/create\/button\/?url=https%3A%2F%2Fwww.tuicamper.com%2Fmagazin%2Fmuenchen-sehenswuerdigkeiten%2F&#038;description=M%C3%BCnchen%20Sehensw%C3%BCrdigkeiten%3A%20Die%20sch%C3%B6nsten%20Highlights%2C%20Campingpl%C3%A4tze%20%26%20Tipps&#038;media=https%3A%2F%2Fwww.tuicamper.com%2Fwp-docker%2Fwp-content%2Fuploads%2F2025%2F09%2Fmuenchen-sehenswuerdigkeiten-header-705x271.jpg' data-av_icon='\ue8f8' data-av_iconfont='entypo-fontello'  title='' data-avia-related-tooltip='Teilen auf Pinterest'><span class='avia_hidden_link_text'>Teilen auf Pinterest<\/span><\/a><\/li><li class='av-share-link av-social-link-mail avia_social_iconfont' ><a  aria-label=\"Per E-Mail teilen\" href='mailto:?subject=M%C3%BCnchen%20Sehensw%C3%BCrdigkeiten%3A%20Die%20sch%C3%B6nsten%20Highlights%2C%20Campingpl%C3%A4tze%20%26%20Tipps&#038;body=https:\/\/www.tuicamper.com\/magazin\/muenchen-sehenswuerdigkeiten\/' data-av_icon='\ue805' data-av_iconfont='entypo-fontello'  title='' data-avia-related-tooltip='Per E-Mail teilen'><span class='avia_hidden_link_text'>Per E-Mail teilen<\/span><\/a><\/li><\/ul><\/div><\/div>\n<\/div><\/div><\/div><!-- close content main div --><\/div><\/div><div id='after_section_13'  class='main_color av_default_container_wrap container_wrap sidebar_right'  ><div class='container av-section-cont-open' ><div class='template-page content  av-content-small alpha units'><div class='post-entry post-entry-type-page post-entry-121459'><div class='entry-content-wrapper clearfix'>\n","protected":false},"excerpt":{"rendered":"<p>Ein Wohnmobil-Urlaub zwischen kilometerlangen Str\u00e4nden, D\u00fcnen, W\u00e4ldern und Wiesen: Texel ist ein Paradies f\u00fcr Camper. Lernen Sie die Nordseeinsel kennen!<\/p>\n","protected":false},"author":5,"featured_media":121463,"comment_status":"open","ping_status":"open","sticky":false,"template":"","format":"standard","meta":{"footnotes":""},"categories":[8],"tags":[50,61],"class_list":["post-121459","post","type-post","status-publish","format-standard","has-post-thumbnail","hentry","category-reiselaender","tag-natur","tag-niederlande"],"yoast_head":"<!-- This site is optimized with the Yoast SEO plugin v27.4 - https:\/\/yoast.com\/product\/yoast-seo-wordpress\/ -->\n<title>Camping auf Texel: Highlights, Tipps und Campingpl\u00e4tze - TUI CAMPER<\/title>\n<meta name=\"description\" content=\"\u00dcber ein Dutzend Campingpl\u00e4tze und zahlreiche Ausflugsm\u00f6glichkeiten: Wir zeigen Ihnen, was Sie beim Camping auf Texel erwartet!\" \/>\n<meta name=\"robots\" content=\"index, follow, max-snippet:-1, max-image-preview:large, max-video-preview:-1\" \/>\n<link rel=\"canonical\" href=\"https:\/\/www.tuicamper.com\/magazin\/camping-auf-texel-highlights-und-tipps\/\" \/>\n<meta property=\"og:locale\" content=\"de_DE\" \/>\n<meta property=\"og:type\" content=\"article\" \/>\n<meta property=\"og:title\" content=\"Camping auf Texel: Highlights, Tipps und Campingpl\u00e4tze - TUI CAMPER\" \/>\n<meta property=\"og:description\" content=\"\u00dcber ein Dutzend Campingpl\u00e4tze und zahlreiche Ausflugsm\u00f6glichkeiten: Wir zeigen Ihnen, was Sie beim Camping auf Texel erwartet!\" \/>\n<meta property=\"og:url\" content=\"https:\/\/www.tuicamper.com\/magazin\/camping-auf-texel-highlights-und-tipps\/\" \/>\n<meta property=\"og:site_name\" content=\"TUI Camper Magazin\" \/>\n<meta property=\"article:published_time\" content=\"2026-01-20T13:10:59+00:00\" \/>\n<meta property=\"og:image\" content=\"https:\/\/www.tuicamper.com\/wp-docker\/wp-content\/uploads\/2026\/01\/camping-texel-header.jpg\" \/>\n\t<meta property=\"og:image:width\" content=\"1280\" \/>\n\t<meta property=\"og:image:height\" content=\"492\" \/>\n\t<meta property=\"og:image:type\" content=\"image\/jpeg\" \/>\n<meta name=\"author\" content=\"Olli\" \/>\n<meta name=\"twitter:card\" content=\"summary_large_image\" \/>\n<meta name=\"twitter:label1\" content=\"Verfasst von\" \/>\n\t<meta name=\"twitter:data1\" content=\"Olli\" \/>\n\t<meta name=\"twitter:label2\" content=\"Gesch\u00e4tzte Lesezeit\" \/>\n\t<meta name=\"twitter:data2\" content=\"6\u00a0Minuten\" \/>\n<!-- \/ Yoast SEO plugin. -->","yoast_head_json":{"title":"Camping auf Texel: Highlights, Tipps und Campingpl\u00e4tze - TUI CAMPER","description":"\u00dcber ein Dutzend Campingpl\u00e4tze und zahlreiche Ausflugsm\u00f6glichkeiten: Wir zeigen Ihnen, was Sie beim Camping auf Texel erwartet!","robots":{"index":"index","follow":"follow","max-snippet":"max-snippet:-1","max-image-preview":"max-image-preview:large","max-video-preview":"max-video-preview:-1"},"canonical":"https:\/\/www.tuicamper.com\/magazin\/camping-auf-texel-highlights-und-tipps\/","og_locale":"de_DE","og_type":"article","og_title":"Camping auf Texel: Highlights, Tipps und Campingpl\u00e4tze - TUI CAMPER","og_description":"\u00dcber ein Dutzend Campingpl\u00e4tze und zahlreiche Ausflugsm\u00f6glichkeiten: Wir zeigen Ihnen, was Sie beim Camping auf Texel erwartet!","og_url":"https:\/\/www.tuicamper.com\/magazin\/camping-auf-texel-highlights-und-tipps\/","og_site_name":"TUI Camper Magazin","article_published_time":"2026-01-20T13:10:59+00:00","og_image":[{"width":1280,"height":492,"url":"https:\/\/www.tuicamper.com\/wp-docker\/wp-content\/uploads\/2026\/01\/camping-texel-header.jpg","type":"image\/jpeg"}],"author":"Olli","twitter_card":"summary_large_image","twitter_misc":{"Verfasst von":"Olli","Gesch\u00e4tzte Lesezeit":"6\u00a0Minuten"},"schema":{"@context":"https:\/\/schema.org","@graph":[{"@type":"Article","@id":"https:\/\/www.tuicamper.com\/magazin\/camping-auf-texel-highlights-und-tipps\/#article","isPartOf":{"@id":"https:\/\/www.tuicamper.com\/magazin\/camping-auf-texel-highlights-und-tipps\/"},"author":{"name":"Olli","@id":"https:\/\/www.tuicamper.com\/wp-docker\/#\/schema\/person\/98975e733813f701672fd75ef9df8b69"},"headline":"Camping auf Texel: Highlights, Tipps und Campingpl\u00e4tze","datePublished":"2026-01-20T13:10:59+00:00","mainEntityOfPage":{"@id":"https:\/\/www.tuicamper.com\/magazin\/camping-auf-texel-highlights-und-tipps\/"},"wordCount":4932,"commentCount":0,"image":{"@id":"https:\/\/www.tuicamper.com\/magazin\/camping-auf-texel-highlights-und-tipps\/#primaryimage"},"thumbnailUrl":"https:\/\/www.tuicamper.com\/wp-docker\/wp-content\/uploads\/2026\/01\/camping-texel-header.jpg","keywords":["Natur","Niederlande"],"articleSection":["Reisel\u00e4nder"],"inLanguage":"de","potentialAction":[{"@type":"CommentAction","name":"Comment","target":["https:\/\/www.tuicamper.com\/magazin\/camping-auf-texel-highlights-und-tipps\/#respond"]}]},{"@type":"WebPage","@id":"https:\/\/www.tuicamper.com\/magazin\/camping-auf-texel-highlights-und-tipps\/","url":"https:\/\/www.tuicamper.com\/magazin\/camping-auf-texel-highlights-und-tipps\/","name":"Camping auf Texel: Highlights, Tipps und Campingpl\u00e4tze - TUI CAMPER","isPartOf":{"@id":"https:\/\/www.tuicamper.com\/#website"},"primaryImageOfPage":{"@id":"https:\/\/www.tuicamper.com\/magazin\/camping-auf-texel-highlights-und-tipps\/#primaryimage"},"image":{"@id":"https:\/\/www.tuicamper.com\/magazin\/camping-auf-texel-highlights-und-tipps\/#primaryimage"},"thumbnailUrl":"https:\/\/www.tuicamper.com\/wp-content\/uploads\/2026\/01\/camping-texel-header.jpg","datePublished":"2026-01-20T13:10:59+00:00","author":{"@id":"https:\/\/www.tuicamper.com\/#\/schema\/person\/98975e733813f701672fd75ef9df8b69"},"description":"\u00dcber ein Dutzend Campingpl\u00e4tze und zahlreiche Ausflugsm\u00f6glichkeiten: Wir zeigen Ihnen, was Sie beim Camping auf Texel erwartet!","breadcrumb":{"@id":"https:\/\/www.tuicamper.com\/magazin\/camping-auf-texel-highlights-und-tipps\/#breadcrumb"},"inLanguage":"de","potentialAction":["Array"]},{"@type":"ImageObject","inLanguage":"de","@id":"https:\/\/www.tuicamper.com\/magazin\/camping-auf-texel-highlights-und-tipps\/#primaryimage","url":"https:\/\/www.tuicamper.com\/wp-docker\/wp-content\/uploads\/2026\/01\/camping-texel-header.jpg","contentUrl":"https:\/\/www.tuicamper.com\/wp-docker\/wp-content\/uploads\/2026\/01\/camping-texel-header.jpg","width":1280,"height":492},{"@type":"BreadcrumbList","@id":"https:\/\/www.tuicamper.com\/magazin\/camping-auf-texel-highlights-und-tipps\/#breadcrumb","itemListElement":[{"@type":"ListItem","position":1,"name":"Startseite","item":"https:\/\/www.tuicamper.com\/wp-docker\/"},{"@type":"ListItem","position":2,"name":"Camping auf Texel: Highlights, Tipps und Campingpl\u00e4tze"}]},{"@type":"WebSite","@id":"https:\/\/www.tuicamper.com\/#website","url":"https:\/\/www.tuicamper.com\/","name":"TUI Camper Magazin","description":"","potentialAction":["Array"],"inLanguage":"de"},{"@type":"Person","@id":"https:\/\/www.tuicamper.com\/wp-docker\/#\/schema\/person\/98975e733813f701672fd75ef9df8b69","name":"Olli","image":{"@type":"ImageObject","inLanguage":"de","@id":"https:\/\/secure.gravatar.com\/avatar\/4529b17b9a4dec34d38f705f89e1db8c906d30537b64d795d775d528c07951ff?s=96&d=mm&r=g","url":"https:\/\/secure.gravatar.com\/avatar\/4529b17b9a4dec34d38f705f89e1db8c906d30537b64d795d775d528c07951ff?s=96&d=mm&r=g","contentUrl":"https:\/\/secure.gravatar.com\/avatar\/4529b17b9a4dec34d38f705f89e1db8c906d30537b64d795d775d528c07951ff?s=96&d=mm&r=g","caption":"Olli"},"url":"https:\/\/www.tuicamper.com\/wp-docker\/magazin\/author\/olli\/"}]}},"_links":{"self":[{"href":"https:\/\/www.tuicamper.com\/wp-docker\/wp-json\/wp\/v2\/posts\/121459","targetHints":{"allow":["GET"]}}],"collection":[{"href":"https:\/\/www.tuicamper.com\/wp-docker\/wp-json\/wp\/v2\/posts"}],"about":[{"href":"https:\/\/www.tuicamper.com\/wp-docker\/wp-json\/wp\/v2\/types\/post"}],"author":[{"embeddable":true,"href":"https:\/\/www.tuicamper.com\/wp-docker\/wp-json\/wp\/v2\/users\/5"}],"replies":[{"embeddable":true,"href":"https:\/\/www.tuicamper.com\/wp-docker\/wp-json\/wp\/v2\/comments?post=121459"}],"version-history":[{"count":13,"href":"https:\/\/www.tuicamper.com\/wp-docker\/wp-json\/wp\/v2\/posts\/121459\/revisions"}],"predecessor-version":[{"id":121476,"href":"https:\/\/www.tuicamper.com\/wp-docker\/wp-json\/wp\/v2\/posts\/121459\/revisions\/121476"}],"wp:featuredmedia":[{"embeddable":true,"href":"https:\/\/www.tuicamper.com\/wp-docker\/wp-json\/wp\/v2\/media\/121463"}],"wp:attachment":[{"href":"https:\/\/www.tuicamper.com\/wp-docker\/wp-json\/wp\/v2\/media?parent=121459"}],"wp:term":[{"taxonomy":"category","embeddable":true,"href":"https:\/\/www.tuicamper.com\/wp-docker\/wp-json\/wp\/v2\/categories?post=121459"},{"taxonomy":"post_tag","embeddable":true,"href":"https:\/\/www.tuicamper.com\/wp-docker\/wp-json\/wp\/v2\/tags?post=121459"}],"curies":[{"name":"wp","href":"https:\/\/api.w.org\/{rel}","templated":true}]}}