{"id":120510,"date":"2026-01-06T11:57:41","date_gmt":"2026-01-06T10:57:41","guid":{"rendered":"https:\/\/www.tuicamper.com\/?p=120510"},"modified":"2026-01-06T11:57:41","modified_gmt":"2026-01-06T10:57:41","slug":"5-aussergewoehnliche-campingplaetze-in-deutschland","status":"publish","type":"post","link":"https:\/\/www.tuicamper.com\/magazin\/5-aussergewoehnliche-campingplaetze-in-deutschland\/","title":{"rendered":"Au\u00dfergew\u00f6hnliche Campingpl\u00e4tze in Deutschland: 5 ganz besondere Camping-Spots"},"content":{"rendered":"<div id='av_section_1'  class='avia-section av-9myx3bjy-7e48940c89f74192a60facf4db74ddf8 main_color avia-section-default avia-no-border-styling  avia-builder-el-0  el_before_av_textblock  avia-builder-el-first  reduced-content avia-bg-style-scroll container_wrap sidebar_right'  ><div class='container av-section-cont-open' ><main  role=\"main\" itemprop=\"mainContentOfPage\"  class='template-page content  av-content-small alpha units'><div class='post-entry post-entry-type-page post-entry-120510'><div class='entry-content-wrapper clearfix'>\n\n<style type=\"text\/css\" data-created_by=\"avia_inline_auto\" id=\"style-css-av-9guug4n2-38d0e23d6ab0e2c2a3db7d2f06bb570e\">\n.flex_column.av-9guug4n2-38d0e23d6ab0e2c2a3db7d2f06bb570e{\nborder-radius:0px 0px 0px 0px;\npadding:0px 0px 0px 0px;\n}\n<\/style>\n<div  class='flex_column av-9guug4n2-38d0e23d6ab0e2c2a3db7d2f06bb570e av_one_full  avia-builder-el-1  avia-builder-el-no-sibling  first flex_column_div av-zero-column-padding  '     ><section  class='av_textblock_section av-9fqixbsu-9d3f9ee956e639c593032c36e1a710ad '   itemscope=\"itemscope\" itemtype=\"https:\/\/schema.org\/BlogPosting\" itemprop=\"blogPost\" ><div class='avia_textblock'  itemprop=\"text\" ><p>Sie sind auf der Suche nach einem Camping-Erlebnis der Extraklasse? Nach Campingpl\u00e4tzen mit dem gewissen Etwas, das es sonst nirgends gibt? Nach einem besonderen Wohnmobil-Urlaub, den Sie nie wieder vergessen werden? Wir stellen Ihnen 5 aus ganz verschiedenen Gr\u00fcnden au\u00dfergew\u00f6hnliche Campingpl\u00e4tze in Deutschland vor, auf denen Sie genau das erwartet! Vom XXL-Campingplatz bis zur versteckten Camping-Perle.<\/p>\n<\/div><\/section><\/div>\n<\/div><\/div><\/main><!-- close content main element --><\/div><\/div><div id='after_section_1'  class='main_color av_default_container_wrap container_wrap sidebar_right'  ><div class='container av-section-cont-open' ><div class='template-page content  av-content-small alpha units'><div class='post-entry post-entry-type-page post-entry-120510'><div class='entry-content-wrapper clearfix'>\n<section  class='av_textblock_section av-97zw27su-551b56f6ae55e5b5088ec8cd0aebe1c5 '   itemscope=\"itemscope\" itemtype=\"https:\/\/schema.org\/BlogPosting\" itemprop=\"blogPost\" ><div class='avia_textblock'  itemprop=\"text\" >\n<\/div><\/section>\n<\/div><\/div><\/div><!-- close content main div --><\/div><\/div><div id='av_section_2'  class='avia-section av-962w5rzy-af312242c516e37d851e602def58323d main_color avia-section-default avia-no-border-styling  avia-builder-el-4  el_after_av_textblock  el_before_av_section  reduced-content avia-bg-style-scroll container_wrap sidebar_right'  ><div class='container av-section-cont-open' ><div class='template-page content  av-content-small alpha units'><div class='post-entry post-entry-type-page post-entry-120510'><div class='entry-content-wrapper clearfix'>\n<section  class='av_textblock_section av-wcfrt32-93868b9c565f9e716831d73068f0ab76 '   itemscope=\"itemscope\" itemtype=\"https:\/\/schema.org\/BlogPosting\" itemprop=\"blogPost\" ><div class='avia_textblock'  itemprop=\"text\" ><div id=\"js-table-of-contents\">\r\n    <strong>Inhaltsverzeichnis<\/strong>\r\n<\/div>\n<\/div><\/section>\n\n<\/div><\/div><\/div><!-- close content main div --><\/div><\/div><div id='av_section_3'  class='avia-section av-8xh5zqpq-9b39ac7d0ac0df7d6d230c7dfe85ee32 main_color avia-section-default avia-no-border-styling  avia-builder-el-6  el_after_av_section  el_before_av_section  reduced-content avia-bg-style-scroll container_wrap sidebar_right'  ><div class='container av-section-cont-open' ><div class='template-page content  av-content-small alpha units'><div class='post-entry post-entry-type-page post-entry-120510'><div class='entry-content-wrapper clearfix'>\n\n\n<\/div><\/div><\/div><!-- close content main div --><\/div><\/div><div id='av_section_4'  class='avia-section av-hcef9fi-ef9de96ef3c3b5557c358b876793d1cf main_color avia-section-default avia-no-border-styling  avia-builder-el-8  el_after_av_section  el_before_av_section  reduced-content avia-bg-style-scroll container_wrap sidebar_right'  ><div class='container av-section-cont-open' ><div class='template-page content  av-content-small alpha units'><div class='post-entry post-entry-type-page post-entry-120510'><div class='entry-content-wrapper clearfix'>\n\n<style type=\"text\/css\" data-created_by=\"avia_inline_auto\" id=\"style-css-av-a5tqy7y-c0dae91fd591e8e315712002b1944ab2\">\n.flex_column.av-a5tqy7y-c0dae91fd591e8e315712002b1944ab2{\nborder-radius:0px 0px 0px 0px;\npadding:0px 0px 0px 0px;\n}\n<\/style>\n<div  class='flex_column av-a5tqy7y-c0dae91fd591e8e315712002b1944ab2 av_one_full  avia-builder-el-9  avia-builder-el-no-sibling  first flex_column_div av-zero-column-padding  '     ><section  class='av_textblock_section av-83v8gxq-dda28ecd35dec71b22bc7971a78731e7 '   itemscope=\"itemscope\" itemtype=\"https:\/\/schema.org\/BlogPosting\" itemprop=\"blogPost\" ><div class='avia_textblock'  itemprop=\"text\" ><h2>1.) S\u00fcdsee-Camp \u2013 S\u00fcdseeflair und Erlebnis pur<\/h2>\n<p>Mitten in der gro\u00dfartigen Landschaft der L\u00fcneburger Heide liegt das S\u00fcdsee-Camp \u2013 ein Familien-Campingplatz der Extraklasse. Was Sie hier geboten bekommen, gibt es in der Summe so wohl nirgendwo sonst in Deutschland. Da ist zum einen das gro\u00dfz\u00fcgige Freizeitangebot und umfangreiche Animationsprogramm f\u00fcr die gesamte Familie \u2013 organisierte Ausfl\u00fcge zu den vielen Highlights der Region inklusive. Noch mehr besticht das S\u00fcdsee-Camp aber durch seine au\u00dfergew\u00f6hnlichen Freizeiteinrichtungen. Zu nennen ist in dem Zusammenhang nat\u00fcrlich der riesige Indoor-Spielplatz, auf dem sich kleine und gro\u00dfe Kinder so richtig austoben k\u00f6nnen. Aber auch wilder Badespa\u00df ist garantiert. Zum einen dank eigenem Badesee. Absolutes Highlight ist allerdings das S\u00fcdsee-Badeparadies. In dem Indoor-Spa\u00dfbad mit Wildwasser-Kanal und Wellenbad plantschen Sie unter echten Palmen und exotischen Pflanzen. Aus gutem Grund geh\u00f6rt das S\u00fcdsee-Camp f\u00fcr uns auch zu den sch\u00f6nsten Campingpl\u00e4tzen mit Hallenbad in Deutschland.<\/p>\n<ul>\n<li><strong>Alleinstellungsmerkmal<\/strong>: Indoor-Spa\u00dfbad mit tropischem Badeparadies und einmaligem S\u00fcdsee-Flair<\/li>\n<li><strong>Weitere Highlights<\/strong>: Badesee, gro\u00dfer Indoorspielplatz, umfangreiche Animation<\/li>\n<li><strong>Ausflugsm\u00f6glichkeiten<\/strong>: <a href=\"https:\/\/www.tuicamper.com\/magazin\/camping-lueneburger-heide\/\">L\u00fcneburger Heide<\/a>, Weltvogelpark Walsrode, Hamburg, Bremen, Designer Outlet Soltau<\/li>\n<li><strong>Website<\/strong>: <a href=\"https:\/\/www.suedsee-camp.de\/\" target=\"_blank\" rel=\"noopener\">suedsee-camp.de\/<\/a><\/li>\n<\/ul>\n<\/div><\/section><\/div>\n\n<\/div><\/div><\/div><!-- close content main div --><\/div><\/div><div id='av_section_5'  class='avia-section av-8fqw4dq6-c5badb8d18c767d73fad7b6a62947498 main_color avia-section-default avia-no-border-styling  avia-builder-el-11  el_after_av_section  el_before_av_section  reduced-content avia-bg-style-scroll container_wrap sidebar_right'  ><div class='container av-section-cont-open' ><div class='template-page content  av-content-small alpha units'><div class='post-entry post-entry-type-page post-entry-120510'><div class='entry-content-wrapper clearfix'>\n\n<style type=\"text\/css\" data-created_by=\"avia_inline_auto\" id=\"style-css-av-8eblv6ta-d4996b8916bbd071c643649345ffe521\">\n.avia-image-container.av-8eblv6ta-d4996b8916bbd071c643649345ffe521 img.avia_image{\nbox-shadow:none;\n}\n.avia-image-container.av-8eblv6ta-d4996b8916bbd071c643649345ffe521 .av-caption-image-overlay-bg{\nopacity:0.4;\nbackground-color:#000000;\n}\n.avia-image-container.av-8eblv6ta-d4996b8916bbd071c643649345ffe521 .av-image-caption-overlay-center{\ncolor:#ffffff;\n}\n<\/style>\n<div  class='avia-image-container av-8eblv6ta-d4996b8916bbd071c643649345ffe521 av-styling- av-img-linked avia_animated_image av-animated-when-visible-95 fade-in avia-align-center  avia-builder-el-12  el_before_av_hr  avia-builder-el-first  noHover av-overlay-on-hover'   itemprop=\"image\" itemscope=\"itemscope\" itemtype=\"https:\/\/schema.org\/ImageObject\" ><div class=\"avia-image-container-inner\"><div class=\"avia-image-overlay-wrap\"><a href=\"https:\/\/www.tuicamper.com\/wp-docker\/wp-content\/uploads\/2026\/01\/aussergewoehnliche-campingplaetze-deutschland-suedsee-1030x644.jpg\" data-srcset=\"https:\/\/www.tuicamper.com\/wp-docker\/wp-content\/uploads\/2026\/01\/aussergewoehnliche-campingplaetze-deutschland-suedsee-1030x644.jpg 1030w, https:\/\/www.tuicamper.com\/wp-docker\/wp-content\/uploads\/2026\/01\/aussergewoehnliche-campingplaetze-deutschland-suedsee-300x188.jpg 300w, https:\/\/www.tuicamper.com\/wp-docker\/wp-content\/uploads\/2026\/01\/aussergewoehnliche-campingplaetze-deutschland-suedsee-768x480.jpg 768w, https:\/\/www.tuicamper.com\/wp-docker\/wp-content\/uploads\/2026\/01\/aussergewoehnliche-campingplaetze-deutschland-suedsee-705x441.jpg 705w, https:\/\/www.tuicamper.com\/wp-docker\/wp-content\/uploads\/2026\/01\/aussergewoehnliche-campingplaetze-deutschland-suedsee.jpg 1440w\" data-sizes=\"(max-width: 1030px) 100vw, 1030px\" class='avia_image '  aria-label='Campingplatz L\u00fcneburger Heide'><div class=\"av-image-caption-overlay\"><div class=\"av-caption-image-overlay-bg\"><\/div><div class=\"av-image-caption-overlay-position\"><div class=\"av-image-caption-overlay-center\"><p>Das S\u00fcdsee-Camp bietet Pl\u00e4tze im Kiefernwald oder auch sonnige Pl\u00e4tze<\/p>\n<\/div><\/div><\/div><img decoding=\"async\" fetchpriority=\"high\" class='wp-image-120523 avia-img-lazy-loading-not-120523 avia_image ' src=\"https:\/\/www.tuicamper.com\/wp-docker\/wp-content\/uploads\/2026\/01\/aussergewoehnliche-campingplaetze-deutschland-suedsee-845x684.jpg\" alt='' title='Campingplatz L\u00fcneburger Heide'  height=\"684\" width=\"845\"  itemprop=\"thumbnailUrl\" srcset=\"https:\/\/www.tuicamper.com\/wp-docker\/wp-content\/uploads\/2026\/01\/aussergewoehnliche-campingplaetze-deutschland-suedsee-845x684.jpg 845w, https:\/\/www.tuicamper.com\/wp-docker\/wp-content\/uploads\/2026\/01\/aussergewoehnliche-campingplaetze-deutschland-suedsee-495x400.jpg 495w\" sizes=\"(max-width: 845px) 100vw, 845px\" \/><\/a><\/div><\/div><\/div>\n\n<style type=\"text\/css\" data-created_by=\"avia_inline_auto\" id=\"style-css-av-88h9wb7i-82f14cd14cd8aa20b9e7bd9b451bc271\">\n#top .hr.hr-invisible.av-88h9wb7i-82f14cd14cd8aa20b9e7bd9b451bc271{\nheight:25px;\n}\n<\/style>\n<div  class='hr av-88h9wb7i-82f14cd14cd8aa20b9e7bd9b451bc271 hr-invisible  avia-builder-el-13  el_after_av_image  avia-builder-el-last '><span class='hr-inner '><span class=\"hr-inner-style\"><\/span><\/span><\/div>\n<\/div><\/div><\/div><!-- close content main div --><\/div><\/div><div id='av_section_6'  class='avia-section av-85bo9svy-b6b0e986bc7b382e1285cd1333095e27 main_color avia-section-default avia-no-border-styling  avia-builder-el-14  el_after_av_section  el_before_av_section  reduced-content avia-bg-style-scroll container_wrap sidebar_right'  ><div class='container av-section-cont-open' ><div class='template-page content  av-content-small alpha units'><div class='post-entry post-entry-type-page post-entry-120510'><div class='entry-content-wrapper clearfix'>\n\n<style type=\"text\/css\" data-created_by=\"avia_inline_auto\" id=\"style-css-av-80vi2n26-ee234daef059d78af631b29af602b8d3\">\n.flex_column.av-80vi2n26-ee234daef059d78af631b29af602b8d3{\nborder-radius:0px 0px 0px 0px;\npadding:0px 0px 0px 0px;\n}\n<\/style>\n<div  class='flex_column av-80vi2n26-ee234daef059d78af631b29af602b8d3 av_one_full  avia-builder-el-15  avia-builder-el-no-sibling  first flex_column_div av-zero-column-padding  '     ><section  class='av_textblock_section av-s41edku-f633929f6a4fbaf3e9b435aadc78fc57 '   itemscope=\"itemscope\" itemtype=\"https:\/\/schema.org\/BlogPosting\" itemprop=\"blogPost\" ><div class='avia_textblock'  itemprop=\"text\" ><h2>2.) Campingplatz Grav-Insel \u2013 Camping auf dem gr\u00f6\u00dften Platz Deutschlands<\/h2>\n<p>Die Grav-Insel ist ein Campingplatz der Superlative \u2013 und darf unangefochten den Titel \u201e<a href=\"https:\/\/www.tuicamper.com\/magazin\/groesster-campingplatz-deutschlands-grav-insel\/\">gr\u00f6\u00dfter Campingplatz Deutschland<\/a>\u201c tragen. Klar, dass vor Ort alles deutlich gr\u00f6\u00dfer als gewohnt ausf\u00e4llt. 2.400 Stellpl\u00e4tze und \u00fcber 2 Millionen Quadratmeter Gr\u00fcnfl\u00e4che erwartet Sie vor Ort. Zeitweise \u00fcbernachten hier mehr als 15.000 Menschen gleichzeitig \u2013 und bilden eine eigene kleine Campingstadt. Nirgendwo sonst in Deutschland treffen Sie so viele andere Camper auf engstem Raum. Nat\u00fcrlich ist in der \u201eCamping-Stadt\u201c auch f\u00fcr Abwechslung gesorgt. Vom eigenen Wochen- und Tr\u00f6delmarkt \u00fcber Badespa\u00df im Natursee bis hin zu vielseitigen Wassersportm\u00f6glichkeiten wird alles geboten.<\/p>\n<ul>\n<li><strong>Alleinstellungsmerkmal<\/strong>: Gr\u00f6\u00dfter Campingplatz Deutschlands<\/li>\n<li><strong>Weitere Highlights<\/strong>: Strandbad, Sportanlagen (darunter eine 3 km lange Inliner-Strecke), Wochenmarkt<\/li>\n<li><strong>Ausflugsm\u00f6glichkeiten<\/strong>: Hansestadt Wesel, LVR-Arch\u00e4ologischer Park Xanten, Rheinradweg, Schloss Diersfordt<\/li>\n<li><strong>Website<\/strong>: <a href=\"https:\/\/www.grav-insel.com\" target=\"_blank\" rel=\"noopener\">https:\/\/www.grav-insel.com<\/a><\/li>\n<\/ul>\n<\/div><\/section><\/div>\n<\/p>\n<\/div><\/div><\/div><!-- close content main div --><\/div><\/div><div id='av_section_7'  class='avia-section av-av_section-2107efcb6a7decaede31ece042cb8d59 main_color avia-section-default avia-no-border-styling  avia-builder-el-17  el_after_av_section  el_before_av_section  reduced-content avia-bg-style-scroll container_wrap sidebar_right'  ><div class='container av-section-cont-open' ><div class='template-page content  av-content-small alpha units'><div class='post-entry post-entry-type-page post-entry-120510'><div class='entry-content-wrapper clearfix'>\n\n<style type=\"text\/css\" data-created_by=\"avia_inline_auto\" id=\"style-css-av-av_image-cec622c43a0fdd689c7f67034dc9ab81\">\n.avia-image-container.av-av_image-cec622c43a0fdd689c7f67034dc9ab81 img.avia_image{\nbox-shadow:none;\n}\n.avia-image-container.av-av_image-cec622c43a0fdd689c7f67034dc9ab81 .av-caption-image-overlay-bg{\nopacity:0.4;\nbackground-color:#000000;\n}\n.avia-image-container.av-av_image-cec622c43a0fdd689c7f67034dc9ab81 .av-image-caption-overlay-center{\ncolor:#ffffff;\n}\n<\/style>\n<div  class='avia-image-container av-av_image-cec622c43a0fdd689c7f67034dc9ab81 av-styling- av-img-linked avia_animated_image av-animated-when-visible-95 fade-in avia-align-center  avia-builder-el-18  el_before_av_hr  avia-builder-el-first  noHover av-overlay-on-hover'   itemprop=\"image\" itemscope=\"itemscope\" itemtype=\"https:\/\/schema.org\/ImageObject\" ><div class=\"avia-image-container-inner\"><div class=\"avia-image-overlay-wrap\"><a href=\"https:\/\/www.tuicamper.com\/wp-docker\/wp-content\/uploads\/2026\/01\/aussergewoehnliche-campingplaetze-deutschland-fehmarn-1030x644.jpg\" data-srcset=\"https:\/\/www.tuicamper.com\/wp-docker\/wp-content\/uploads\/2026\/01\/aussergewoehnliche-campingplaetze-deutschland-fehmarn-1030x644.jpg 1030w, https:\/\/www.tuicamper.com\/wp-docker\/wp-content\/uploads\/2026\/01\/aussergewoehnliche-campingplaetze-deutschland-fehmarn-300x188.jpg 300w, https:\/\/www.tuicamper.com\/wp-docker\/wp-content\/uploads\/2026\/01\/aussergewoehnliche-campingplaetze-deutschland-fehmarn-768x480.jpg 768w, https:\/\/www.tuicamper.com\/wp-docker\/wp-content\/uploads\/2026\/01\/aussergewoehnliche-campingplaetze-deutschland-fehmarn-705x441.jpg 705w, https:\/\/www.tuicamper.com\/wp-docker\/wp-content\/uploads\/2026\/01\/aussergewoehnliche-campingplaetze-deutschland-fehmarn.jpg 1440w\" data-sizes=\"(max-width: 1030px) 100vw, 1030px\" class='avia_image '  aria-label='Fehmarn-S\u00fcdstrand'><div class=\"av-image-caption-overlay\"><div class=\"av-caption-image-overlay-bg\"><\/div><div class=\"av-image-caption-overlay-position\"><div class=\"av-image-caption-overlay-center\"><p>S\u00fcdstrand auf Fehmarn<\/p>\n<\/div><\/div><\/div><img decoding=\"async\" fetchpriority=\"high\" class='wp-image-120521 avia-img-lazy-loading-not-120521 avia_image ' src=\"https:\/\/www.tuicamper.com\/wp-docker\/wp-content\/uploads\/2026\/01\/aussergewoehnliche-campingplaetze-deutschland-fehmarn-845x684.jpg\" alt='' title='Fehmarn-S\u00fcdstrand'  height=\"684\" width=\"845\"  itemprop=\"thumbnailUrl\" srcset=\"https:\/\/www.tuicamper.com\/wp-docker\/wp-content\/uploads\/2026\/01\/aussergewoehnliche-campingplaetze-deutschland-fehmarn-845x684.jpg 845w, https:\/\/www.tuicamper.com\/wp-docker\/wp-content\/uploads\/2026\/01\/aussergewoehnliche-campingplaetze-deutschland-fehmarn-495x400.jpg 495w\" sizes=\"(max-width: 845px) 100vw, 845px\" \/><\/a><\/div><\/div><\/div>\n\n<style type=\"text\/css\" data-created_by=\"avia_inline_auto\" id=\"style-css-av-av_hr-5305fcd8eee3278794e45a8d8d6bfab2\">\n#top .hr.hr-invisible.av-av_hr-5305fcd8eee3278794e45a8d8d6bfab2{\nheight:25px;\n}\n<\/style>\n<div  class='hr av-av_hr-5305fcd8eee3278794e45a8d8d6bfab2 hr-invisible  avia-builder-el-19  el_after_av_image  avia-builder-el-last '><span class='hr-inner '><span class=\"hr-inner-style\"><\/span><\/span><\/div>\n\n<\/div><\/div><\/div><!-- close content main div --><\/div><\/div><div id='av_section_8'  class='avia-section av-7e1x2oxq-67f17b11d6ffb223e769ddd19993aa95 main_color avia-section-default avia-no-border-styling  avia-builder-el-20  el_after_av_section  el_before_av_section  reduced-content avia-bg-style-scroll container_wrap sidebar_right'  ><div class='container av-section-cont-open' ><div class='template-page content  av-content-small alpha units'><div class='post-entry post-entry-type-page post-entry-120510'><div class='entry-content-wrapper clearfix'>\n\n<style type=\"text\/css\" data-created_by=\"avia_inline_auto\" id=\"style-css-av-76ild6bi-7593e2ee2e33fd2d53061a0eef531b64\">\n.flex_column.av-76ild6bi-7593e2ee2e33fd2d53061a0eef531b64{\nborder-radius:0px 0px 0px 0px;\npadding:0px 0px 0px 0px;\n}\n<\/style>\n<div  class='flex_column av-76ild6bi-7593e2ee2e33fd2d53061a0eef531b64 av_one_full  avia-builder-el-21  avia-builder-el-no-sibling  first flex_column_div av-zero-column-padding  '     ><section  class='av_textblock_section av-72v3jnge-c7d9def26703d5584c9177cb0b16595d '   itemscope=\"itemscope\" itemtype=\"https:\/\/schema.org\/BlogPosting\" itemprop=\"blogPost\" ><div class='avia_textblock'  itemprop=\"text\" ><h2>3.) Insel-Camp Fehmarn \u2013 Natur, Strand, Luxus<\/h2>\n<p>Mit ihren langen Sandstr\u00e4nden, charmanten St\u00e4dtchen und einer malerischen Natur ist Fehmarn ein beliebtes Reiseziel \u2013 auch f\u00fcr Wohnmobil-Urlauber. Dass sich letztere auf der Ostseeinsel besonders wohlf\u00fchlen, ist nicht zuletzt dem Insel-Camp Fehmarn zu verdanken. Denn der Campingplatz bietet alles, was es f\u00fcr ein entspanntes Camping braucht: direkter Zugang zu einem grandiosen Ostseestrand, gro\u00dfz\u00fcgige Stellpl\u00e4tze inmitten idyllischer, unber\u00fchrter Natur \u2013 und ein Hauch von <a href=\"https:\/\/www.tuicamper.com\/magazin\/glamping-deutschland\/\">Glamping<\/a>-Feeling. So wird Genuss auf dem 5 Sterne Campingplatz gro\u00dfgeschrieben. Neben einem eigenen Restaurant, in dem regionale Spezialit\u00e4ten zubereitet werden, erwartet Camper auch ein umfangreiches Wellness-Angebot \u2013 inklusive Sauna, Massagen und Fitnessm\u00f6glichkeiten.<\/p>\n<ul>\n<li><strong>Alleinstellungsmerkmal<\/strong>: Luxus-Camping direkt an einem Ostseestrand, inmitten unber\u00fchrter Natur<\/li>\n<li><strong>Weitere Highlights<\/strong>: Wellness-Angebot, Meeresschaukel (Schaukel-Erlebnis \u00fcber den Wellen + Fotospot)<\/li>\n<li><strong>Ausflugsm\u00f6glichkeiten<\/strong>: Fehmarnsundbr\u00fccke, Altstadt von Burg, U-Boot-Museum Fehmarn, Galileo-Wissenswelt<\/li>\n<li><strong>Website<\/strong>: <a href=\"https:\/\/www.inselcamp.de\" target=\"_blank\" rel=\"noopener\">https:\/\/www.inselcamp.de<\/a><\/li>\n<\/ul>\n<\/div><\/section><\/div>\n\n<\/div><\/div><\/div><!-- close content main div --><\/div><\/div><div id='av_section_9'  class='avia-section av-6zdluh6m-d244a4acf68c56c2947e1f5bad7f622f main_color avia-section-default avia-no-border-styling  avia-builder-el-23  el_after_av_section  el_before_av_section  magazine-slider-section fullwidth_section avia-bg-style-scroll container_wrap sidebar_right'  ><div class='container av-section-cont-open' ><div class='template-page content  av-content-small alpha units'><div class='post-entry post-entry-type-page post-entry-120510'><div class='entry-content-wrapper clearfix'>\n\n<style type=\"text\/css\" data-created_by=\"avia_inline_auto\" id=\"style-css-av-6sbkaxq6-5a626ce72b08d29a8cdeed2d08dd3543\">\n.flex_column.av-6sbkaxq6-5a626ce72b08d29a8cdeed2d08dd3543{\nborder-radius:0px 0px 0px 0px;\npadding:0px 0px 0px 0px;\n}\n<\/style>\n<div  class='flex_column av-6sbkaxq6-5a626ce72b08d29a8cdeed2d08dd3543 av_one_full  avia-builder-el-24  avia-builder-el-no-sibling  first flex_column_div av-zero-column-padding  '     ><section  class='av_textblock_section av-6pduo6ym-99b6ec6c9590054b88945413332729f1 '   itemscope=\"itemscope\" itemtype=\"https:\/\/schema.org\/BlogPosting\" itemprop=\"blogPost\" ><div class='avia_textblock'  itemprop=\"text\" ><div class=\"flex_column av_three_fourth flex_column_div av-zero-column-padding first el_before_av_one_fourth avia-builder-el-first headline-section\">\r\n    <section class=\"av_textblock_section \" itemscope=\"itemscope\"\r\n             itemtype=\"https:\/\/schema.org\/CreativeWork\">\r\n                    <div class=\"avia_textblock\" itemprop=\"text\">\r\n                                    Aus dem TUI Camper Magazin:<br>\r\n                                Spannende Artikel \u00fcber Deutschland            <\/div>\r\n            <\/section>\r\n<\/div>\r\n<div class=\"flex_column av_one_fourth flex_column_div av-zero-column-padding el_after_av_three_fourth el_before_av_feature_image_slider avia-builder-el-last logo-section\">\r\n    <div class=\"avia-image-container avia-builder-el-no-sibling avia-align-center\"\r\n         itemprop=\"image\" itemscope=\"itemscope\" itemtype=\"https:\/\/schema.org\/ImageObject\">\r\n        <div class=\"avia-image-container-inner\">\r\n            <div class=\"avia-image-overlay-wrap\">\r\n                <a href=\"\/magazin\/\">\r\n                    <img decoding=\"async\" class=\"wp-image-3099 avia-img-lazy-loading-not-3099 avia_image\"\r\n                         src=\"\/wp-docker\/wp-content\/themes\/tuicamper_enfold\/assets\/img\/logo_350-135.png\"\r\n                         alt=\"TUI Camper Magazin\" height=\"69\" width=\"150\"\r\n                         itemprop=\"thumbnailUrl\">\r\n                <\/a>\r\n            <\/div>\r\n        <\/div>\r\n    <\/div>\r\n<\/div>\r\n<div class=\"flex_column av_one_full flex_column_div av-zero-column-padding first el_before_av_textblock avia-builder-el-first\"\r\n     style=\"border-radius:0px;\">\r\n    <div class=\"carousel\">\r\n                    <div class=\"carousel-cell\">\r\n                <a href=\"https:\/\/www.tuicamper.com\/magazin\/schoenste-campingplaetze-mit-hallenbad-in-deutschland\/\">\r\n                    <div class=\"img-container\" style=\"background-image: url('https:\/\/www.tuicamper.com\/wp-docker\/wp-content\/uploads\/2025\/11\/camping-hallenbad-header.jpg');\"><\/div>\r\n                    <p>Camping mit Hallenbad: Die 5 sch\u00f6nsten Campingpl\u00e4tze in Deutschland <span class=\"dashicons dashicons-arrow-right-alt2\"><\/span><\/p>\r\n                <\/a>\r\n            <\/div>\r\n                    <div class=\"carousel-cell\">\r\n                <a href=\"https:\/\/www.tuicamper.com\/magazin\/camping-ohne-hund-die-schoensten-hundefreien-campingplaetze\/\">\r\n                    <div class=\"img-container\" style=\"background-image: url('https:\/\/www.tuicamper.com\/wp-docker\/wp-content\/uploads\/2025\/11\/camping-ohne-hund-header.jpg');\"><\/div>\r\n                    <p>Camping ohne Hund: Die sch\u00f6nsten hundefreien Campingpl\u00e4tze <span class=\"dashicons dashicons-arrow-right-alt2\"><\/span><\/p>\r\n                <\/a>\r\n            <\/div>\r\n                    <div class=\"carousel-cell\">\r\n                <a href=\"https:\/\/www.tuicamper.com\/magazin\/allgaeu-urlaub-mit-dem-wohnmobil\/\">\r\n                    <div class=\"img-container\" style=\"background-image: url('https:\/\/www.tuicamper.com\/wp-docker\/wp-content\/uploads\/2019\/03\/allgaeu-urlaub-header.jpg');\"><\/div>\r\n                    <p>Allg\u00e4u-Urlaub mit dem Wohnmobil: Highlights, Camping &#038; Ausflugstipps <span class=\"dashicons dashicons-arrow-right-alt2\"><\/span><\/p>\r\n                <\/a>\r\n            <\/div>\r\n                    <div class=\"carousel-cell\">\r\n                <a href=\"https:\/\/www.tuicamper.com\/magazin\/wohnmobil-alpen\/\">\r\n                    <div class=\"img-container\" style=\"background-image: url('https:\/\/www.tuicamper.com\/wp-docker\/wp-content\/uploads\/2019\/12\/alpen.jpg');\"><\/div>\r\n                    <p>Mit dem Wohnmobil einmal quer durch die Alpen <span class=\"dashicons dashicons-arrow-right-alt2\"><\/span><\/p>\r\n                <\/a>\r\n            <\/div>\r\n                    <div class=\"carousel-cell\">\r\n                <a href=\"https:\/\/www.tuicamper.com\/magazin\/badeseen-in-deutschland\/\">\r\n                    <div class=\"img-container\" style=\"background-image: url('https:\/\/www.tuicamper.com\/wp-docker\/wp-content\/uploads\/2019\/09\/urlaub-am-see.jpg');\"><\/div>\r\n                    <p>Urlaub am See: Die 5 sch\u00f6nsten Badeseen in Deutschland <span class=\"dashicons dashicons-arrow-right-alt2\"><\/span><\/p>\r\n                <\/a>\r\n            <\/div>\r\n                    <div class=\"carousel-cell\">\r\n                <a href=\"https:\/\/www.tuicamper.com\/magazin\/deutsche-burgenstrasse\/\">\r\n                    <div class=\"img-container\" style=\"background-image: url('https:\/\/www.tuicamper.com\/wp-docker\/wp-content\/uploads\/2019\/05\/burgenstrasse.jpg');\"><\/div>\r\n                    <p>Die Burgenstra\u00dfe: Vorbei an Burgen, Schl\u00f6ssern &#038; historischen Altst\u00e4dten <span class=\"dashicons dashicons-arrow-right-alt2\"><\/span><\/p>\r\n                <\/a>\r\n            <\/div>\r\n            <\/div>\r\n<\/div>\n<\/div><\/section><\/div>\n\n<div id='av_section_10'  class='avia-section av-nnzyola-b84f51bffaf76f038c51011109a95a0d main_color avia-section-default avia-no-border-styling  avia-builder-el-0  el_before_av_textblock  avia-builder-el-first  reduced-content avia-bg-style-scroll container_wrap sidebar_right'  ><div class='container av-section-cont-open' ><main  role=\"main\" itemprop=\"mainContentOfPage\"  class='template-page content  av-content-small alpha units'><div class='post-entry post-entry-type-page post-entry-120510'><div class='entry-content-wrapper clearfix'>\n\n<style type=\"text\/css\" data-created_by=\"avia_inline_auto\" id=\"style-css-av-6fs07ghq-27614882e3e0f213be94378e0a143b93\">\n.flex_column.av-6fs07ghq-27614882e3e0f213be94378e0a143b93{\nborder-radius:0px 0px 0px 0px;\npadding:0px 0px 0px 0px;\n}\n<\/style>\n<div  class='flex_column av-6fs07ghq-27614882e3e0f213be94378e0a143b93 av_one_full  avia-builder-el-1  avia-builder-el-no-sibling  first flex_column_div av-zero-column-padding  '     ><section  class='av_textblock_section av-6aggl03i-2f6d162b4411497428e5268d2adcc960 '   itemscope=\"itemscope\" itemtype=\"https:\/\/schema.org\/BlogPosting\" itemprop=\"blogPost\" ><div class='avia_textblock'  itemprop=\"text\" ><h2>4.) Camping Endler Sebnitz \u2013 wundersch\u00f6ner Campingplatz in der S\u00e4chsischen Schweiz<\/h2>\n<p>Klein, famili\u00e4r, gem\u00fctlich \u2013 und noch fast ein Geheimtipp. Der Campingplatz Endler in Sebnitz steht in einem angenehmen Kontrast zu den bisher genannten gro\u00dfen Campingpl\u00e4tzen \u2013 und ist doch nicht weniger besonders. Dass es der Campingplatz auf unsere Liste der au\u00dfergew\u00f6hnlichsten Campingpl\u00e4tze Deutschlands schafft, liegt vor allem an dessen traumwandlerisch sch\u00f6ner Lage. Hier campen Sie zwischen Teichen, Wiesen und W\u00e4ldern ohne festgelegte Parzellen und k\u00f6nnen inmitten der idyllischen Naturlandschaft zur Ruhe kommen. Und wenn Ihnen der Sinn nach spektakul\u00e4ren Ausblicken und dramatischen Landschaften steht, ist auch das kein Problem. Denn der Campingplatz befindet sich mitten in der \u00fcberw\u00e4ltigenden Naturlandschaft der <a href=\"https:\/\/www.tuicamper.com\/magazin\/saechsische-schweiz\/\">S\u00e4chsischen Schweiz<\/a>. Das Elbsandsteingebirge ist ber\u00fchmt f\u00fcr seine Schl\u00f6sser und Burgen, auf denen sich spektakul\u00e4re Panoramablicke \u00fcber dichte W\u00e4lder und atemberaubende Felsformationen offenbaren.<\/p>\n<ul>\n<li><strong>Alleinstellungsmerkmal<\/strong>: Idyllische Lage inmitten der S\u00e4chsischen Schweiz<\/li>\n<li><strong>Weitere Highlights<\/strong>: Private, famili\u00e4re Atmosph\u00e4re, sehr ruhiger Campingplatz<\/li>\n<li><strong>Ausflugsm\u00f6glichkeiten<\/strong>: Nationalpark S\u00e4chsische Schweiz, Dresden, B\u00f6hmische Schweiz (Tschechien)<\/li>\n<li><strong>Website<\/strong>: <a href=\"https:\/\/www.camping-sebnitz.de\" target=\"_blank\" rel=\"noopener\">https:\/\/www.camping-sebnitz.de<\/a><\/li>\n<\/ul>\n<\/div><\/section><\/div>\n<\/div><\/div><\/main><!-- close content main element --><\/div><\/div><div id='after_section_10'  class='main_color av_default_container_wrap container_wrap sidebar_right'  ><div class='container av-section-cont-open' ><div class='template-page content  av-content-small alpha units'><div class='post-entry post-entry-type-page post-entry-120510'><div class='entry-content-wrapper clearfix'>\n<\/div><\/div><\/div><!-- close content main div --><\/div><\/div><div id='av_section_11'  class='avia-section av-7p1tqjjy-55038605658e3faa14b57111d1a319e9 main_color avia-section-default avia-no-border-styling  reduced-content avia-bg-style-scroll container_wrap sidebar_right'  ><div class='container av-section-cont-open' ><div class='template-page content  av-content-small alpha units'><div class='post-entry post-entry-type-page post-entry-120510'><div class='entry-content-wrapper clearfix'>\n\n<style type=\"text\/css\" data-created_by=\"avia_inline_auto\" id=\"style-css-av-7m4w367y-661f8cf098a872385f1a0ceb60af76e6\">\n.avia-image-container.av-7m4w367y-661f8cf098a872385f1a0ceb60af76e6 img.avia_image{\nbox-shadow:none;\n}\n.avia-image-container.av-7m4w367y-661f8cf098a872385f1a0ceb60af76e6 .av-caption-image-overlay-bg{\nopacity:0.4;\nbackground-color:#000000;\n}\n.avia-image-container.av-7m4w367y-661f8cf098a872385f1a0ceb60af76e6 .av-image-caption-overlay-center{\ncolor:#ffffff;\n}\n<\/style>\n<div  class='avia-image-container av-7m4w367y-661f8cf098a872385f1a0ceb60af76e6 av-styling- av-img-linked avia_animated_image av-animated-when-visible-95 fade-in avia-align-center noHover av-overlay-on-hover'   itemprop=\"image\" itemscope=\"itemscope\" itemtype=\"https:\/\/schema.org\/ImageObject\" ><div class=\"avia-image-container-inner\"><div class=\"avia-image-overlay-wrap\"><a href=\"https:\/\/www.tuicamper.com\/wp-docker\/wp-content\/uploads\/2025\/09\/camping-serengeti-park-giraffe-1030x644.jpg\" data-srcset=\"https:\/\/www.tuicamper.com\/wp-docker\/wp-content\/uploads\/2025\/09\/camping-serengeti-park-giraffe-1030x644.jpg 1030w, https:\/\/www.tuicamper.com\/wp-docker\/wp-content\/uploads\/2025\/09\/camping-serengeti-park-giraffe-300x188.jpg 300w, https:\/\/www.tuicamper.com\/wp-docker\/wp-content\/uploads\/2025\/09\/camping-serengeti-park-giraffe-768x480.jpg 768w, https:\/\/www.tuicamper.com\/wp-docker\/wp-content\/uploads\/2025\/09\/camping-serengeti-park-giraffe-705x441.jpg 705w, https:\/\/www.tuicamper.com\/wp-docker\/wp-content\/uploads\/2025\/09\/camping-serengeti-park-giraffe.jpg 1440w\" data-sizes=\"(max-width: 1030px) 100vw, 1030px\" class='avia_image '  aria-label='Giraffen im Serengeti Park'><div class=\"av-image-caption-overlay\"><div class=\"av-caption-image-overlay-bg\"><\/div><div class=\"av-image-caption-overlay-position\"><div class=\"av-image-caption-overlay-center\"><p>Giraffen im Serengeti Park<\/p>\n<\/div><\/div><\/div><img decoding=\"async\" fetchpriority=\"high\" class='wp-image-112706 avia-img-lazy-loading-not-112706 avia_image ' src=\"https:\/\/www.tuicamper.com\/wp-docker\/wp-content\/uploads\/2025\/09\/camping-serengeti-park-giraffe-845x684.jpg\" alt='' title='Giraffen im Serengeti Park'  height=\"684\" width=\"845\"  itemprop=\"thumbnailUrl\" srcset=\"https:\/\/www.tuicamper.com\/wp-docker\/wp-content\/uploads\/2025\/09\/camping-serengeti-park-giraffe-845x684.jpg 845w, https:\/\/www.tuicamper.com\/wp-docker\/wp-content\/uploads\/2025\/09\/camping-serengeti-park-giraffe-495x400.jpg 495w\" sizes=\"(max-width: 845px) 100vw, 845px\" \/><\/a><\/div><\/div><\/div>\n\n<style type=\"text\/css\" data-created_by=\"avia_inline_auto\" id=\"style-css-av-7if7ofi6-87f1252cb3c61ab100eb6588c25a2195\">\n#top .hr.hr-invisible.av-7if7ofi6-87f1252cb3c61ab100eb6588c25a2195{\nheight:25px;\n}\n<\/style>\n<div  class='hr av-7if7ofi6-87f1252cb3c61ab100eb6588c25a2195 hr-invisible'><span class='hr-inner '><span class=\"hr-inner-style\"><\/span><\/span><\/div>\n<\/div><\/div><\/div><!-- close content main div --><\/div><\/div><div id='after_section_11'  class='main_color av_default_container_wrap container_wrap sidebar_right'  ><div class='container av-section-cont-open' ><div class='template-page content  av-content-small alpha units'><div class='post-entry post-entry-type-page post-entry-120510'><div class='entry-content-wrapper clearfix'>\n<\/div><\/div><\/div><!-- close content main div --><\/div><\/div><div id='av_section_12'  class='avia-section av-14oltapq-6607d3435ddda600b0b8bae6194feb68 main_color avia-section-default avia-no-border-styling  reduced-content avia-bg-style-scroll container_wrap sidebar_right'  ><div class='container av-section-cont-open' ><div class='template-page content  av-content-small alpha units'><div class='post-entry post-entry-type-page post-entry-120510'><div class='entry-content-wrapper clearfix'>\n\n<style type=\"text\/css\" data-created_by=\"avia_inline_auto\" id=\"style-css-av-y3y0c1q-bd43005d3c67a627af6f01b7dbdb4b91\">\n.flex_column.av-y3y0c1q-bd43005d3c67a627af6f01b7dbdb4b91{\nborder-radius:0px 0px 0px 0px;\npadding:0px 0px 0px 0px;\n}\n<\/style>\n<div  class='flex_column av-y3y0c1q-bd43005d3c67a627af6f01b7dbdb4b91 av_one_full first flex_column_div av-zero-column-padding  '     ><section  class='av_textblock_section av-sezjc1q-719a2e901d8b683b43ca7c321dc125ef '   itemscope=\"itemscope\" itemtype=\"https:\/\/schema.org\/BlogPosting\" itemprop=\"blogPost\" ><div class='avia_textblock'  itemprop=\"text\" ><h2>5.) Wohnmobil-Stellpl\u00e4tze im Serengeti-Park \u2013 Camping wie in Afrika<\/h2>\n<p>Camping neben Giraffen, Nash\u00f6rnern, Spie\u00dfb\u00f6cken, Zebras, Elefanten und Co. \u2013 das geht nur in Afrika? Falsch gedacht. Den Tieren kommen Sie auch in Deutschland ganz nah, mitten in der L\u00fcneburger Heide, beim <a href=\"https:\/\/serengeti-park.de\/\">Camping im Serengeti Park<\/a>. Als einer der wenigen <a href=\"https:\/\/www.tuicamper.com\/magazin\/freizeitparks-mit-campingplatz\/\">Freizeitparks mit Campingplatz<\/a> in Deutschland, der sich wirklich auf dem Gel\u00e4nde befindet, bietet der Serengeti Park Wohnmobil-Stellpl\u00e4tze, wie Sie sie so kein zweites Mal finden. Am Rande der Masai-Mara-Anlage gelegen, ist die n\u00e4chste Safari nur einen Katzensprung entfernt. Gut zu wissen: Die Stellpl\u00e4tze k\u00f6nnen Sie nur buchen, wenn Sie diese mit einem regul\u00e4ren Parkeintritt verbinden.<\/p>\n<ul>\n<li><strong>Alleinstellungsmerkmal<\/strong>: Campingpl\u00e4tze inmitten des gr\u00f6\u00dften Safari-Parks Europas.<\/li>\n<li><strong>Weitere Highlights<\/strong>: Angeschlossener Tier- und Freizeitpark mit vielen Attraktionen, Shows und Fahrgesch\u00e4ften<\/li>\n<li><strong>Ausflugsm\u00f6glichkeiten<\/strong>: L\u00fcneburger Heide, Weltvogelpark Walsrode, Designer Outlet Soltau, Bremen, Hamburg<\/li>\n<li><strong>Website<\/strong>: <a href=\"https:\/\/serengeti-park.de\" target=\"_blank\" rel=\"noopener\">https:\/\/serengeti-park.de<\/a><\/li>\n<\/ul>\n<\/div><\/section><\/div>\n<\/div><\/div><\/div><!-- close content main div --><\/div><\/div><div id='after_section_12'  class='main_color av_default_container_wrap container_wrap sidebar_right'  ><div class='container av-section-cont-open' ><div class='template-page content  av-content-small alpha units'><div class='post-entry post-entry-type-page post-entry-120510'><div class='entry-content-wrapper clearfix'>\n<\/div><\/div><\/div><!-- close content main div --><\/div><\/div><div id='av_section_13'  class='avia-section av-2o8jy4e-f6e5784201ae04329a0bd30b514e7a1b main_color avia-section-default avia-no-border-styling  avia-builder-el-4  el_after_av_textblock  el_before_av_section  reduced-content avia-bg-style-scroll container_wrap sidebar_right'  ><div class='container av-section-cont-open' ><div class='template-page content  av-content-small alpha units'><div class='post-entry post-entry-type-page post-entry-120510'><div class='entry-content-wrapper clearfix'>\n<div  class='avia-button-wrap av-matwz3y-8c1d2fa4b8607d8e2dcb2d034fe9c28a-wrap avia-button-center '><a href='https:\/\/www.tuicamper.com\/reiseziele\/europa\/deutschland\/'  class='avia-button av-matwz3y-8c1d2fa4b8607d8e2dcb2d034fe9c28a av-link-btn avia-icon_select-yes-right-icon avia-size-large avia-position-center avia-color-theme-color'   aria-label=\"Jetzt Wohnmobil mieten f\u00fcr Deutschland\"><span class='avia_iconbox_title' >Jetzt Wohnmobil mieten f\u00fcr Deutschland<\/span><span class='avia_button_icon avia_button_icon_right avia-iconfont avia-font-entypo-fontello' data-av_icon='\ue875' data-av_iconfont='entypo-fontello' ><\/span><\/a><\/div>\n\n<style type=\"text\/css\" data-created_by=\"avia_inline_auto\" id=\"style-css-av-i19v79a-27744cdd2d52620483d2a5b7f9379424\">\n.flex_column.av-i19v79a-27744cdd2d52620483d2a5b7f9379424{\nborder-radius:0px 0px 0px 0px;\npadding:0px 0px 0px 0px;\n}\n<\/style>\n<div  class='flex_column av-i19v79a-27744cdd2d52620483d2a5b7f9379424 av_one_full first flex_column_div av-zero-column-padding  '     ><style type=\"text\/css\" data-created_by=\"avia_inline_auto\" id=\"style-css-av-d3r4bum-9bf9d25afeff4031c9a58b9fd553784a\">\n#top .av_textblock_section.av-d3r4bum-9bf9d25afeff4031c9a58b9fd553784a .avia_textblock{\nfont-size:28px;\n}\n<\/style>\n<section  class='av_textblock_section av-d3r4bum-9bf9d25afeff4031c9a58b9fd553784a '   itemscope=\"itemscope\" itemtype=\"https:\/\/schema.org\/BlogPosting\" itemprop=\"blogPost\" ><div class='avia_textblock'  itemprop=\"text\" ><p><strong>Ihr TUI CAMPER-Team w\u00fcnscht Ihnen ein einmaliges Camping-Erlebnis auf einem der au\u00dfergew\u00f6hnlichsten Campingpl\u00e4tze Deutschlands!<\/strong><\/p>\n<\/div><\/section><\/div><div  class='av-social-sharing-box av-8wg1i9q-e9e24cb3a83b21f175be56856673ff29 av-social-sharing-box-default av-social-sharing-box-fullwidth'><div class=\"av-share-box\"><ul class=\"av-share-box-list noLightbox\"><li class='av-share-link av-social-link-facebook avia_social_iconfont' ><a target=\"_blank\" aria-label=\"Teilen auf Facebook\" href='https:\/\/www.facebook.com\/sharer.php?u=https:\/\/www.tuicamper.com\/magazin\/deutsche-burgenstrasse\/&#038;t=Die%20Burgenstra%C3%9Fe%3A%20Vorbei%20an%20Burgen%2C%20Schl%C3%B6ssern%20%26%20historischen%20Altst%C3%A4dten' data-av_icon='\ue8f3' data-av_iconfont='entypo-fontello'  title='' data-avia-related-tooltip='Teilen auf Facebook'><span class='avia_hidden_link_text'>Teilen auf Facebook<\/span><\/a><\/li><li class='av-share-link av-social-link-twitter avia_social_iconfont' ><a target=\"_blank\" aria-label=\"Teilen auf X\" href='https:\/\/twitter.com\/share?text=Die%20Burgenstra%C3%9Fe%3A%20Vorbei%20an%20Burgen%2C%20Schl%C3%B6ssern%20%26%20historischen%20Altst%C3%A4dten&#038;url=https:\/\/www.tuicamper.com\/magazin\/deutsche-burgenstrasse\/' data-av_icon='\ue932' data-av_iconfont='entypo-fontello'  title='' data-avia-related-tooltip='Teilen auf X'><span class='avia_hidden_link_text'>Teilen auf X<\/span><\/a><\/li><li class='av-share-link av-social-link-whatsapp avia_social_iconfont' ><a target=\"_blank\" aria-label=\"Teilen auf WhatsApp\" href='https:\/\/api.whatsapp.com\/send?text=https:\/\/www.tuicamper.com\/magazin\/deutsche-burgenstrasse\/' data-av_icon='\uf232' data-av_iconfont='entypo-fontello'  title='' data-avia-related-tooltip='Teilen auf WhatsApp'><span class='avia_hidden_link_text'>Teilen auf WhatsApp<\/span><\/a><\/li><li class='av-share-link av-social-link-pinterest avia_social_iconfont' ><a target=\"_blank\" aria-label=\"Teilen auf Pinterest\" href='https:\/\/pinterest.com\/pin\/create\/button\/?url=https%3A%2F%2Fwww.tuicamper.com%2Fmagazin%2Fdeutsche-burgenstrasse%2F&#038;description=Die%20Burgenstra%C3%9Fe%3A%20Vorbei%20an%20Burgen%2C%20Schl%C3%B6ssern%20%26%20historischen%20Altst%C3%A4dten&#038;media=https%3A%2F%2Fwww.tuicamper.com%2Fwp-docker%2Fwp-content%2Fuploads%2F2019%2F05%2Fburgenstrasse-705x269.jpg' data-av_icon='\ue8f8' data-av_iconfont='entypo-fontello'  title='' data-avia-related-tooltip='Teilen auf Pinterest'><span class='avia_hidden_link_text'>Teilen auf Pinterest<\/span><\/a><\/li><li class='av-share-link av-social-link-mail avia_social_iconfont' ><a  aria-label=\"Per E-Mail teilen\" href='mailto:?subject=Die%20Burgenstra%C3%9Fe%3A%20Vorbei%20an%20Burgen%2C%20Schl%C3%B6ssern%20%26%20historischen%20Altst%C3%A4dten&#038;body=https:\/\/www.tuicamper.com\/magazin\/deutsche-burgenstrasse\/' data-av_icon='\ue805' data-av_iconfont='entypo-fontello'  title='' data-avia-related-tooltip='Per E-Mail teilen'><span class='avia_hidden_link_text'>Per E-Mail teilen<\/span><\/a><\/li><\/ul><\/div><\/div>\n\n","protected":false},"excerpt":{"rendered":"<p>Camping mit S\u00fcdsee-Flair? In Sichtweite zu afrikanischen Wildtieren campen? Inmitten einzigartiger Natur \u00fcbernachten? Auf diesen Campingpl\u00e4tzen kein Problem!<\/p>\n","protected":false},"author":5,"featured_media":120517,"comment_status":"open","ping_status":"open","sticky":false,"template":"","format":"standard","meta":{"footnotes":""},"categories":[8],"tags":[28,38],"class_list":["post-120510","post","type-post","status-publish","format-standard","has-post-thumbnail","hentry","category-reiselaender","tag-deutschland","tag-uebernachten"],"yoast_head":"<!-- This site is optimized with the Yoast SEO plugin v27.4 - https:\/\/yoast.com\/product\/yoast-seo-wordpress\/ -->\n<title>5 au\u00dfergew\u00f6hnliche Campingpl\u00e4tze in Deutschland - TUI CAMPER<\/title>\n<meta name=\"description\" content=\"Sie suchen einen Platz mit dem gewissen Ewas, der Ihren Camper-Urlaub unvergesslich macht? Wir haben die richtigen Spots!\" \/>\n<meta name=\"robots\" content=\"index, follow, max-snippet:-1, max-image-preview:large, max-video-preview:-1\" \/>\n<link rel=\"canonical\" href=\"https:\/\/www.tuicamper.com\/magazin\/5-aussergewoehnliche-campingplaetze-in-deutschland\/\" \/>\n<meta property=\"og:locale\" content=\"de_DE\" \/>\n<meta property=\"og:type\" content=\"article\" \/>\n<meta property=\"og:title\" content=\"5 au\u00dfergew\u00f6hnliche Campingpl\u00e4tze in Deutschland - TUI CAMPER\" \/>\n<meta property=\"og:description\" content=\"Sie suchen einen Platz mit dem gewissen Ewas, der Ihren Camper-Urlaub unvergesslich macht? Wir haben die richtigen Spots!\" \/>\n<meta property=\"og:url\" content=\"https:\/\/www.tuicamper.com\/magazin\/5-aussergewoehnliche-campingplaetze-in-deutschland\/\" \/>\n<meta property=\"og:site_name\" content=\"TUI Camper Magazin\" \/>\n<meta property=\"article:published_time\" content=\"2026-01-06T10:57:41+00:00\" \/>\n<meta property=\"og:image\" content=\"https:\/\/www.tuicamper.com\/wp-docker\/wp-content\/uploads\/2026\/01\/aussergewoehnliche-campingplaetze-deutschland-header.jpg\" \/>\n\t<meta property=\"og:image:width\" content=\"1280\" \/>\n\t<meta property=\"og:image:height\" content=\"492\" \/>\n\t<meta property=\"og:image:type\" content=\"image\/jpeg\" \/>\n<meta name=\"author\" content=\"Olli\" \/>\n<meta name=\"twitter:card\" content=\"summary_large_image\" \/>\n<meta name=\"twitter:label1\" content=\"Verfasst von\" \/>\n\t<meta name=\"twitter:data1\" content=\"Olli\" \/>\n\t<meta name=\"twitter:label2\" content=\"Gesch\u00e4tzte Lesezeit\" \/>\n\t<meta name=\"twitter:data2\" content=\"6\u00a0Minuten\" \/>\n<!-- \/ Yoast SEO plugin. -->","yoast_head_json":{"title":"5 au\u00dfergew\u00f6hnliche Campingpl\u00e4tze in Deutschland - TUI CAMPER","description":"Sie suchen einen Platz mit dem gewissen Ewas, der Ihren Camper-Urlaub unvergesslich macht? Wir haben die richtigen Spots!","robots":{"index":"index","follow":"follow","max-snippet":"max-snippet:-1","max-image-preview":"max-image-preview:large","max-video-preview":"max-video-preview:-1"},"canonical":"https:\/\/www.tuicamper.com\/magazin\/5-aussergewoehnliche-campingplaetze-in-deutschland\/","og_locale":"de_DE","og_type":"article","og_title":"5 au\u00dfergew\u00f6hnliche Campingpl\u00e4tze in Deutschland - TUI CAMPER","og_description":"Sie suchen einen Platz mit dem gewissen Ewas, der Ihren Camper-Urlaub unvergesslich macht? Wir haben die richtigen Spots!","og_url":"https:\/\/www.tuicamper.com\/magazin\/5-aussergewoehnliche-campingplaetze-in-deutschland\/","og_site_name":"TUI Camper Magazin","article_published_time":"2026-01-06T10:57:41+00:00","og_image":[{"width":1280,"height":492,"url":"https:\/\/www.tuicamper.com\/wp-docker\/wp-content\/uploads\/2026\/01\/aussergewoehnliche-campingplaetze-deutschland-header.jpg","type":"image\/jpeg"}],"author":"Olli","twitter_card":"summary_large_image","twitter_misc":{"Verfasst von":"Olli","Gesch\u00e4tzte Lesezeit":"6\u00a0Minuten"},"schema":{"@context":"https:\/\/schema.org","@graph":[{"@type":"Article","@id":"https:\/\/www.tuicamper.com\/magazin\/5-aussergewoehnliche-campingplaetze-in-deutschland\/#article","isPartOf":{"@id":"https:\/\/www.tuicamper.com\/magazin\/5-aussergewoehnliche-campingplaetze-in-deutschland\/"},"author":{"name":"Olli","@id":"https:\/\/www.tuicamper.com\/wp-docker\/#\/schema\/person\/98975e733813f701672fd75ef9df8b69"},"headline":"Au\u00dfergew\u00f6hnliche Campingpl\u00e4tze in Deutschland: 5 ganz besondere Camping-Spots","datePublished":"2026-01-06T10:57:41+00:00","mainEntityOfPage":{"@id":"https:\/\/www.tuicamper.com\/magazin\/5-aussergewoehnliche-campingplaetze-in-deutschland\/"},"wordCount":4751,"commentCount":0,"image":{"@id":"https:\/\/www.tuicamper.com\/magazin\/5-aussergewoehnliche-campingplaetze-in-deutschland\/#primaryimage"},"thumbnailUrl":"https:\/\/www.tuicamper.com\/wp-docker\/wp-content\/uploads\/2026\/01\/aussergewoehnliche-campingplaetze-deutschland-header.jpg","keywords":["Deutschland","\u00dcbernachten"],"articleSection":["Reisel\u00e4nder"],"inLanguage":"de","potentialAction":[{"@type":"CommentAction","name":"Comment","target":["https:\/\/www.tuicamper.com\/magazin\/5-aussergewoehnliche-campingplaetze-in-deutschland\/#respond"]}]},{"@type":"WebPage","@id":"https:\/\/www.tuicamper.com\/magazin\/5-aussergewoehnliche-campingplaetze-in-deutschland\/","url":"https:\/\/www.tuicamper.com\/magazin\/5-aussergewoehnliche-campingplaetze-in-deutschland\/","name":"5 au\u00dfergew\u00f6hnliche Campingpl\u00e4tze in Deutschland - TUI CAMPER","isPartOf":{"@id":"https:\/\/www.tuicamper.com\/#website"},"primaryImageOfPage":{"@id":"https:\/\/www.tuicamper.com\/magazin\/5-aussergewoehnliche-campingplaetze-in-deutschland\/#primaryimage"},"image":{"@id":"https:\/\/www.tuicamper.com\/magazin\/5-aussergewoehnliche-campingplaetze-in-deutschland\/#primaryimage"},"thumbnailUrl":"https:\/\/www.tuicamper.com\/wp-content\/uploads\/2026\/01\/aussergewoehnliche-campingplaetze-deutschland-header.jpg","datePublished":"2026-01-06T10:57:41+00:00","author":{"@id":"https:\/\/www.tuicamper.com\/#\/schema\/person\/98975e733813f701672fd75ef9df8b69"},"description":"Sie suchen einen Platz mit dem gewissen Ewas, der Ihren Camper-Urlaub unvergesslich macht? Wir haben die richtigen Spots!","breadcrumb":{"@id":"https:\/\/www.tuicamper.com\/magazin\/5-aussergewoehnliche-campingplaetze-in-deutschland\/#breadcrumb"},"inLanguage":"de","potentialAction":["Array"]},{"@type":"ImageObject","inLanguage":"de","@id":"https:\/\/www.tuicamper.com\/magazin\/5-aussergewoehnliche-campingplaetze-in-deutschland\/#primaryimage","url":"https:\/\/www.tuicamper.com\/wp-docker\/wp-content\/uploads\/2026\/01\/aussergewoehnliche-campingplaetze-deutschland-header.jpg","contentUrl":"https:\/\/www.tuicamper.com\/wp-docker\/wp-content\/uploads\/2026\/01\/aussergewoehnliche-campingplaetze-deutschland-header.jpg","width":1280,"height":492},{"@type":"BreadcrumbList","@id":"https:\/\/www.tuicamper.com\/magazin\/5-aussergewoehnliche-campingplaetze-in-deutschland\/#breadcrumb","itemListElement":[{"@type":"ListItem","position":1,"name":"Startseite","item":"https:\/\/www.tuicamper.com\/wp-docker\/"},{"@type":"ListItem","position":2,"name":"Au\u00dfergew\u00f6hnliche Campingpl\u00e4tze in Deutschland: 5 ganz besondere Camping-Spots"}]},{"@type":"WebSite","@id":"https:\/\/www.tuicamper.com\/#website","url":"https:\/\/www.tuicamper.com\/","name":"TUI Camper Magazin","description":"","potentialAction":["Array"],"inLanguage":"de"},{"@type":"Person","@id":"https:\/\/www.tuicamper.com\/wp-docker\/#\/schema\/person\/98975e733813f701672fd75ef9df8b69","name":"Olli","image":{"@type":"ImageObject","inLanguage":"de","@id":"https:\/\/secure.gravatar.com\/avatar\/4529b17b9a4dec34d38f705f89e1db8c906d30537b64d795d775d528c07951ff?s=96&d=mm&r=g","url":"https:\/\/secure.gravatar.com\/avatar\/4529b17b9a4dec34d38f705f89e1db8c906d30537b64d795d775d528c07951ff?s=96&d=mm&r=g","contentUrl":"https:\/\/secure.gravatar.com\/avatar\/4529b17b9a4dec34d38f705f89e1db8c906d30537b64d795d775d528c07951ff?s=96&d=mm&r=g","caption":"Olli"},"url":"https:\/\/www.tuicamper.com\/wp-docker\/magazin\/author\/olli\/"}]}},"_links":{"self":[{"href":"https:\/\/www.tuicamper.com\/wp-docker\/wp-json\/wp\/v2\/posts\/120510","targetHints":{"allow":["GET"]}}],"collection":[{"href":"https:\/\/www.tuicamper.com\/wp-docker\/wp-json\/wp\/v2\/posts"}],"about":[{"href":"https:\/\/www.tuicamper.com\/wp-docker\/wp-json\/wp\/v2\/types\/post"}],"author":[{"embeddable":true,"href":"https:\/\/www.tuicamper.com\/wp-docker\/wp-json\/wp\/v2\/users\/5"}],"replies":[{"embeddable":true,"href":"https:\/\/www.tuicamper.com\/wp-docker\/wp-json\/wp\/v2\/comments?post=120510"}],"version-history":[{"count":12,"href":"https:\/\/www.tuicamper.com\/wp-docker\/wp-json\/wp\/v2\/posts\/120510\/revisions"}],"predecessor-version":[{"id":120525,"href":"https:\/\/www.tuicamper.com\/wp-docker\/wp-json\/wp\/v2\/posts\/120510\/revisions\/120525"}],"wp:featuredmedia":[{"embeddable":true,"href":"https:\/\/www.tuicamper.com\/wp-docker\/wp-json\/wp\/v2\/media\/120517"}],"wp:attachment":[{"href":"https:\/\/www.tuicamper.com\/wp-docker\/wp-json\/wp\/v2\/media?parent=120510"}],"wp:term":[{"taxonomy":"category","embeddable":true,"href":"https:\/\/www.tuicamper.com\/wp-docker\/wp-json\/wp\/v2\/categories?post=120510"},{"taxonomy":"post_tag","embeddable":true,"href":"https:\/\/www.tuicamper.com\/wp-docker\/wp-json\/wp\/v2\/tags?post=120510"}],"curies":[{"name":"wp","href":"https:\/\/api.w.org\/{rel}","templated":true}]}}