{"id":118755,"date":"2025-12-10T14:53:14","date_gmt":"2025-12-10T13:53:14","guid":{"rendered":"https:\/\/www.tuicamper.com\/?p=118755"},"modified":"2025-12-10T14:53:14","modified_gmt":"2025-12-10T13:53:14","slug":"camping-an-bord-auf-faehren","status":"publish","type":"post","link":"https:\/\/www.tuicamper.com\/magazin\/camping-an-bord-auf-faehren\/","title":{"rendered":"Camping an Bord: Auf diesen F\u00e4hren ist die \u00dcbernachtung im Wohnmobil m\u00f6glich"},"content":{"rendered":"<div id='av_section_1'  class='avia-section av-9l1hpko3-f89455f3bd028a8172885154ffecfcbd main_color avia-section-default avia-no-border-styling  avia-builder-el-0  el_before_av_textblock  avia-builder-el-first  reduced-content avia-bg-style-scroll container_wrap sidebar_right'  ><div class='container av-section-cont-open' ><main  role=\"main\" itemprop=\"mainContentOfPage\"  class='template-page content  av-content-small alpha units'><div class='post-entry post-entry-type-page post-entry-118755'><div class='entry-content-wrapper clearfix'>\n\n<style type=\"text\/css\" data-created_by=\"avia_inline_auto\" id=\"style-css-av-9h8lsqlf-8c82c7e511cb88e2ad2d55ed7c6294db\">\n.flex_column.av-9h8lsqlf-8c82c7e511cb88e2ad2d55ed7c6294db{\nborder-radius:0px 0px 0px 0px;\npadding:0px 0px 0px 0px;\n}\n<\/style>\n<div  class='flex_column av-9h8lsqlf-8c82c7e511cb88e2ad2d55ed7c6294db av_one_full  avia-builder-el-1  avia-builder-el-no-sibling  first flex_column_div av-zero-column-padding  '     ><section  class='av_textblock_section av-9fohoz1f-06e527e0ba680fcd80adcc20f609dd4b '   itemscope=\"itemscope\" itemtype=\"https:\/\/schema.org\/BlogPosting\" itemprop=\"blogPost\" ><div class='avia_textblock'  itemprop=\"text\" ><p>Gem\u00fctlich im eigenen Wohnmobil einschlafen \u2013 und ausgeruht in einem neuen Reiseland aufwachen? Camping an Bord macht es m\u00f6glich. Auf ausgew\u00e4hlten F\u00e4hren d\u00fcrfen Passagiere ganz entspannt kosteng\u00fcnstig im Wohnmobil \u00fcbernachten. Die Pl\u00e4tze allerdings sind in der Regel begrenzt. Wir zeigen Ihnen, was Sie zum Camping on Board wissen m\u00fcssen!<\/p>\n<\/div><\/section><\/div>\n<\/div><\/div><\/main><!-- close content main element --><\/div><\/div><div id='after_section_1'  class='main_color av_default_container_wrap container_wrap sidebar_right'  ><div class='container av-section-cont-open' ><div class='template-page content  av-content-small alpha units'><div class='post-entry post-entry-type-page post-entry-118755'><div class='entry-content-wrapper clearfix'>\n<section  class='av_textblock_section av-9ay166xv-65cb983187fe9f65a655f0a29a1449d3 '   itemscope=\"itemscope\" itemtype=\"https:\/\/schema.org\/BlogPosting\" itemprop=\"blogPost\" ><div class='avia_textblock'  itemprop=\"text\" >\n<\/div><\/section>\n<\/div><\/div><\/div><!-- close content main div --><\/div><\/div><div id='av_section_2'  class='avia-section av-93ui1n1f-15562bd7e58c69709ab3d620abc1536a main_color avia-section-default avia-no-border-styling  avia-builder-el-4  el_after_av_textblock  el_before_av_section  reduced-content avia-bg-style-scroll container_wrap sidebar_right'  ><div class='container av-section-cont-open' ><div class='template-page content  av-content-small alpha units'><div class='post-entry post-entry-type-page post-entry-118755'><div class='entry-content-wrapper clearfix'>\n<section  class='av_textblock_section av-90lqpc6b-f0ab6d411dc0947365e575a2a6d0a48c '   itemscope=\"itemscope\" itemtype=\"https:\/\/schema.org\/BlogPosting\" itemprop=\"blogPost\" ><div class='avia_textblock'  itemprop=\"text\" ><div id=\"js-table-of-contents\">\r\n    <strong>Inhaltsverzeichnis<\/strong>\r\n<\/div>\n<\/div><\/section>\n\n<\/div><\/div><\/div><!-- close content main div --><\/div><\/div><div id='av_section_3'  class='avia-section av-8um601sz-503284812d32ab84ae311d16c7a46bca main_color avia-section-default avia-no-border-styling  avia-builder-el-6  el_after_av_section  el_before_av_section  reduced-content avia-bg-style-scroll container_wrap sidebar_right'  ><div class='container av-section-cont-open' ><div class='template-page content  av-content-small alpha units'><div class='post-entry post-entry-type-page post-entry-118755'><div class='entry-content-wrapper clearfix'>\n\n<style type=\"text\/css\" data-created_by=\"avia_inline_auto\" id=\"style-css-av-8rzr0d7n-f1f655fbef4d9f276e34b19598f354c1\">\n.flex_column.av-8rzr0d7n-f1f655fbef4d9f276e34b19598f354c1{\nborder-radius:0px 0px 0px 0px;\npadding:0px 0px 0px 0px;\n}\n<\/style>\n<div  class='flex_column av-8rzr0d7n-f1f655fbef4d9f276e34b19598f354c1 av_one_full  avia-builder-el-7  avia-builder-el-no-sibling  first flex_column_div av-zero-column-padding  '     ><section  class='av_textblock_section av-uuh2ctf-cb6c55b366722578d58252650c63be41 '   itemscope=\"itemscope\" itemtype=\"https:\/\/schema.org\/BlogPosting\" itemprop=\"blogPost\" ><div class='avia_textblock'  itemprop=\"text\" ><h2>Was ist Camping on Board?<\/h2>\n<p>Sie sind f\u00fcr mehrere Wochen im S\u00fcden Europas mit dem Wohnmobil unterwegs \u2013 und w\u00fcrden die eine oder andere Route gerne abk\u00fcrzen? Dann k\u00f6nnte \u201eCamping an Bord\u201c oder \u201eCamping on Board\u201c genau das richtige f\u00fcr Sie sein. Das Besondere: Auf F\u00e4hren, die diesen Service anbieten, d\u00fcrfen Sie w\u00e4hrend der Fahrt im Wohnmobil bleiben \u2013 und sparen sich damit die teure Kabine.<\/p>\n<p>Angeboten wurde Camping an Bord in der Vergangenheit vor allem auf F\u00e4hren zwischen Italien und Griechenland sowie in der Adriaregion. Allerdings wechselt das Angebot mitunter von Saison zu Saison. Verf\u00fcgbar ist Camping on Board dabei meist nur von Anfang April bis Ende Oktober. Das Angebot ist dabei nur auf ausgew\u00e4hlten F\u00e4hrverbindungen verf\u00fcgbar. Interessierte sollten unbedingt checken, ob Camping an Bord auf der gew\u00fcnschten Verbdingung auch in der aktuellen Saison angeboten wird.<\/p>\n<\/div><\/section><\/div>\n\n<\/div><\/div><\/div><!-- close content main div --><\/div><\/div><div id='av_section_4'  class='avia-section av-8gfzwco3-e37bebee064c7065a7e5b01a6e8259b8 main_color avia-section-default avia-no-border-styling  avia-builder-el-9  el_after_av_section  el_before_av_section  reduced-content avia-bg-style-scroll container_wrap sidebar_right'  ><div class='container av-section-cont-open' ><div class='template-page content  av-content-small alpha units'><div class='post-entry post-entry-type-page post-entry-118755'><div class='entry-content-wrapper clearfix'>\n\n<style type=\"text\/css\" data-created_by=\"avia_inline_auto\" id=\"style-css-av-8e3dda77-3f0727caa589c97b1a3b057191f246bb\">\n.avia-image-container.av-8e3dda77-3f0727caa589c97b1a3b057191f246bb img.avia_image{\nbox-shadow:none;\n}\n.avia-image-container.av-8e3dda77-3f0727caa589c97b1a3b057191f246bb .av-caption-image-overlay-bg{\nopacity:0.4;\nbackground-color:#000000;\n}\n.avia-image-container.av-8e3dda77-3f0727caa589c97b1a3b057191f246bb .av-image-caption-overlay-center{\ncolor:#ffffff;\n}\n<\/style>\n<div  class='avia-image-container av-8e3dda77-3f0727caa589c97b1a3b057191f246bb av-styling- av-img-linked avia_animated_image av-animated-when-visible-95 fade-in avia-align-center  avia-builder-el-10  el_before_av_hr  avia-builder-el-first  noHover av-overlay-on-hover'   itemprop=\"image\" itemscope=\"itemscope\" itemtype=\"https:\/\/schema.org\/ImageObject\" ><div class=\"avia-image-container-inner\"><div class=\"avia-image-overlay-wrap\"><a href=\"https:\/\/www.tuicamper.com\/wp-docker\/wp-content\/uploads\/2025\/12\/camping-an-bord-faehre-1030x644.jpg\" data-srcset=\"https:\/\/www.tuicamper.com\/wp-docker\/wp-content\/uploads\/2025\/12\/camping-an-bord-faehre-1030x644.jpg 1030w, https:\/\/www.tuicamper.com\/wp-docker\/wp-content\/uploads\/2025\/12\/camping-an-bord-faehre-300x188.jpg 300w, https:\/\/www.tuicamper.com\/wp-docker\/wp-content\/uploads\/2025\/12\/camping-an-bord-faehre-768x480.jpg 768w, https:\/\/www.tuicamper.com\/wp-docker\/wp-content\/uploads\/2025\/12\/camping-an-bord-faehre-705x441.jpg 705w, https:\/\/www.tuicamper.com\/wp-docker\/wp-content\/uploads\/2025\/12\/camping-an-bord-faehre.jpg 1440w\" data-sizes=\"(max-width: 1030px) 100vw, 1030px\" class='avia_image '  aria-label='Autof\u00e4hre'><div class=\"av-image-caption-overlay\"><div class=\"av-caption-image-overlay-bg\"><\/div><div class=\"av-image-caption-overlay-position\"><div class=\"av-image-caption-overlay-center\"><p>Autof\u00e4hre am Abend<\/p>\n<\/div><\/div><\/div><img decoding=\"async\" fetchpriority=\"high\" class='wp-image-119198 avia-img-lazy-loading-not-119198 avia_image ' src=\"https:\/\/www.tuicamper.com\/wp-docker\/wp-content\/uploads\/2025\/12\/camping-an-bord-faehre-845x684.jpg\" alt='' title='Autof\u00e4hre'  height=\"684\" width=\"845\"  itemprop=\"thumbnailUrl\" srcset=\"https:\/\/www.tuicamper.com\/wp-docker\/wp-content\/uploads\/2025\/12\/camping-an-bord-faehre-845x684.jpg 845w, https:\/\/www.tuicamper.com\/wp-docker\/wp-content\/uploads\/2025\/12\/camping-an-bord-faehre-495x400.jpg 495w\" sizes=\"(max-width: 845px) 100vw, 845px\" \/><\/a><\/div><\/div><\/div>\n\n<style type=\"text\/css\" data-created_by=\"avia_inline_auto\" id=\"style-css-av-88eqsyar-b41081b545dd6244342d914228531f9e\">\n#top .hr.hr-invisible.av-88eqsyar-b41081b545dd6244342d914228531f9e{\nheight:25px;\n}\n<\/style>\n<div  class='hr av-88eqsyar-b41081b545dd6244342d914228531f9e hr-invisible  avia-builder-el-11  el_after_av_image  avia-builder-el-last '><span class='hr-inner '><span class=\"hr-inner-style\"><\/span><\/span><\/div>\n\n<\/div><\/div><\/div><!-- close content main div --><\/div><\/div><div id='av_section_5'  class='avia-section av-83s1fkir-9ad5476e0cccc7c7152d5abf2f977907 main_color avia-section-default avia-no-border-styling  avia-builder-el-12  el_after_av_section  el_before_av_section  reduced-content avia-bg-style-scroll container_wrap sidebar_right'  ><div class='container av-section-cont-open' ><div class='template-page content  av-content-small alpha units'><div class='post-entry post-entry-type-page post-entry-118755'><div class='entry-content-wrapper clearfix'>\n\n<style type=\"text\/css\" data-created_by=\"avia_inline_auto\" id=\"style-css-av-7xyypmw3-8d0f676ab5dc6e227d314f48e7c9fc73\">\n.flex_column.av-7xyypmw3-8d0f676ab5dc6e227d314f48e7c9fc73{\nborder-radius:0px 0px 0px 0px;\npadding:0px 0px 0px 0px;\n}\n<\/style>\n<div  class='flex_column av-7xyypmw3-8d0f676ab5dc6e227d314f48e7c9fc73 av_one_full  avia-builder-el-13  avia-builder-el-no-sibling  first flex_column_div av-zero-column-padding  '     ><section  class='av_textblock_section av-7wc5k7qb-68874b014c92f4b71eddce95585e90dc '   itemscope=\"itemscope\" itemtype=\"https:\/\/schema.org\/BlogPosting\" itemprop=\"blogPost\" ><div class='avia_textblock'  itemprop=\"text\" ><h2>Diese Vorteile bringt das \u00dcbernachten im Wohnmobil auf der F\u00e4hre<\/h2>\n<p>Camping on Board bringt so einige Vorteile gegen\u00fcber einer regul\u00e4ren F\u00e4hrfahrt. Um nur die wichtigsten zu nennen:<\/p>\n<ul>\n<li>Sie \u00fcbernachten ganz bequem im Wohnmobil \u2013 l\u00e4stiges Umr\u00e4umen oder Packen ist nicht notwendig.<\/li>\n<li>Sie sparen sich die Kabinenkosten. Gezahlt wird lediglich der g\u00fcnstige Camper-Tarif (Strom ist meist inklusive).<\/li>\n<li>Sie k\u00f6nnen im Fahrzeug kochen (kein Gas erlaubt) und m\u00fcssen nicht ins Bordrestaurant.<\/li>\n<li>Sie k\u00f6nnen die Sanit\u00e4ranlagen im Wohnmobil nutzen.<\/li>\n<li>Ihre Haustiere k\u00f6nnen entspannt bei Ihnen im Camper bleiben.<\/li>\n<\/ul>\n<p>Einziges Manko: Die Pl\u00e4tze f\u00fcr das Camping an Bord sind meist stark limitiert. Ihre Verbindung sollten Sie daher fr\u00fchzeitig buchen.<\/p>\n<\/div><\/section><\/div>\n\n<\/div><\/div><\/div><!-- close content main div --><\/div><\/div><div id='av_section_6'  class='avia-section av-2nrvrtv-06959eaeebfff462f4e0c618a6143ff0 main_color avia-section-default avia-no-border-styling  avia-builder-el-15  el_after_av_section  el_before_av_section  reduced-content avia-bg-style-scroll container_wrap sidebar_right'  ><div class='container av-section-cont-open' ><div class='template-page content  av-content-small alpha units'><div class='post-entry post-entry-type-page post-entry-118755'><div class='entry-content-wrapper clearfix'>\n\n<style type=\"text\/css\" data-created_by=\"avia_inline_auto\" id=\"style-css-av-76uwbn1f-45db1e2c2143225cbb8d6129df2426e1\">\n.flex_column.av-76uwbn1f-45db1e2c2143225cbb8d6129df2426e1{\nborder-radius:0px 0px 0px 0px;\npadding:0px 0px 0px 0px;\n}\n<\/style>\n<div  class='flex_column av-76uwbn1f-45db1e2c2143225cbb8d6129df2426e1 av_one_full  avia-builder-el-16  avia-builder-el-no-sibling  first flex_column_div av-zero-column-padding  '     ><section  class='av_textblock_section av-74dq2d7n-322da349de46cbdf7b0a61d8b51626d2 '   itemscope=\"itemscope\" itemtype=\"https:\/\/schema.org\/BlogPosting\" itemprop=\"blogPost\" ><div class='avia_textblock'  itemprop=\"text\" ><h2>Welche F\u00e4hren bieten Camping an Bord?<\/h2>\n<p>Leider haben viele Reedereien 2025 Ihr Camping-an-Bord-Angebot eingestellt. Betroffen davon sind unseres Wissens s\u00e4mtliche Verbindungen von Italien nach Griechenland. Es lohnt sich allerdings, regelm\u00e4\u00dfig nach entsprechenden Angeboten Ausschau zu halten. So entscheiden viele Reedereien von Saison zu Saison \u00fcber das Camping an Bord. In der Vergangenheit haben folgende Reedereien Camping an Bord angeboten.<\/p>\n<ul>\n<li>ANEK Lines<\/li>\n<li>Superfast Ferries<\/li>\n<li>Minoan Lines<\/li>\n<\/ul>\n<p>Aktuell (Stand: Juli 2025) bietet nur noch Star Lines Camping an Bord an. Gefahren wird von der italienischen Gemeinde Brindisi in die albanische Hafenstadt Vlora.<\/p>\n<\/div><\/section><\/div>\n\n<\/div><\/div><\/div><!-- close content main div --><\/div><\/div><div id='av_section_7'  class='avia-section av-6zakw44j-6554d17476889561a1c0f7594d218cff main_color avia-section-default avia-no-border-styling  avia-builder-el-18  el_after_av_section  el_before_av_section  magazine-slider-section fullwidth_section avia-bg-style-scroll container_wrap sidebar_right'  ><div class='container av-section-cont-open' ><div class='template-page content  av-content-small alpha units'><div class='post-entry post-entry-type-page post-entry-118755'><div class='entry-content-wrapper clearfix'>\n\n<style type=\"text\/css\" data-created_by=\"avia_inline_auto\" id=\"style-css-av-op0er37-7df257a3bbea30cb0cba5b0c9f3c1177\">\n.flex_column.av-op0er37-7df257a3bbea30cb0cba5b0c9f3c1177{\nborder-radius:0px 0px 0px 0px;\npadding:0px 0px 0px 0px;\n}\n<\/style>\n<div  class='flex_column av-op0er37-7df257a3bbea30cb0cba5b0c9f3c1177 av_one_full  avia-builder-el-19  avia-builder-el-no-sibling  first flex_column_div av-zero-column-padding  '     ><section  class='av_textblock_section av-6pjo8qjn-f04c2cf8326e4c78346a757aebc3ed0b '   itemscope=\"itemscope\" itemtype=\"https:\/\/schema.org\/BlogPosting\" itemprop=\"blogPost\" ><div class='avia_textblock'  itemprop=\"text\" ><div class=\"flex_column av_three_fourth flex_column_div av-zero-column-padding first el_before_av_one_fourth avia-builder-el-first headline-section\">\r\n    <section class=\"av_textblock_section \" itemscope=\"itemscope\"\r\n             itemtype=\"https:\/\/schema.org\/CreativeWork\">\r\n                    <div class=\"avia_textblock\" itemprop=\"text\">\r\n                                    Aus dem TUI Camper Magazin:<br>\r\n                                Spannende Artikel \u00fcber Deutschland            <\/div>\r\n            <\/section>\r\n<\/div>\r\n<div class=\"flex_column av_one_fourth flex_column_div av-zero-column-padding el_after_av_three_fourth el_before_av_feature_image_slider avia-builder-el-last logo-section\">\r\n    <div class=\"avia-image-container avia-builder-el-no-sibling avia-align-center\"\r\n         itemprop=\"image\" itemscope=\"itemscope\" itemtype=\"https:\/\/schema.org\/ImageObject\">\r\n        <div class=\"avia-image-container-inner\">\r\n            <div class=\"avia-image-overlay-wrap\">\r\n                <a href=\"\/magazin\/\">\r\n                    <img decoding=\"async\" class=\"wp-image-3099 avia-img-lazy-loading-not-3099 avia_image\"\r\n                         src=\"\/wp-docker\/wp-content\/themes\/tuicamper_enfold\/assets\/img\/logo_350-135.png\"\r\n                         alt=\"TUI Camper Magazin\" height=\"69\" width=\"150\"\r\n                         itemprop=\"thumbnailUrl\">\r\n                <\/a>\r\n            <\/div>\r\n        <\/div>\r\n    <\/div>\r\n<\/div>\r\n<div class=\"flex_column av_one_full flex_column_div av-zero-column-padding first el_before_av_textblock avia-builder-el-first\"\r\n     style=\"border-radius:0px;\">\r\n    <div class=\"carousel\">\r\n                    <div class=\"carousel-cell\">\r\n                <a href=\"https:\/\/www.tuicamper.com\/magazin\/wohnmobil-in-deutschland-mieten-oder-vor-ort\/\">\r\n                    <div class=\"img-container\" style=\"background-image: url('https:\/\/www.tuicamper.com\/wp-docker\/wp-content\/uploads\/2021\/03\/wo-camper-anmieten-header.jpg');\"><\/div>\r\n                    <p>Wohnmobil in Deutschland mieten oder vor Ort? <span class=\"dashicons dashicons-arrow-right-alt2\"><\/span><\/p>\r\n                <\/a>\r\n            <\/div>\r\n                    <div class=\"carousel-cell\">\r\n                <a href=\"https:\/\/www.tuicamper.com\/magazin\/kostenlose-wohnmobilstellplaetze-deutschland\/\">\r\n                    <div class=\"img-container\" style=\"background-image: url('https:\/\/www.tuicamper.com\/wp-docker\/wp-content\/uploads\/2024\/07\/Kostenlose_Campingplaetze.jpg');\"><\/div>\r\n                    <p>Kostenlose Wohnmobilstellpl\u00e4tze in Deutschland finden: Tipps &#038; Empfehlungen <span class=\"dashicons dashicons-arrow-right-alt2\"><\/span><\/p>\r\n                <\/a>\r\n            <\/div>\r\n                    <div class=\"carousel-cell\">\r\n                <a href=\"https:\/\/www.tuicamper.com\/magazin\/camping-im-mai\/\">\r\n                    <div class=\"img-container\" style=\"background-image: url('https:\/\/www.tuicamper.com\/wp-docker\/wp-content\/uploads\/2025\/02\/camping-im-mai-teaser.jpg');\"><\/div>\r\n                    <p>Camping im Mai \u2013 Die 5 sch\u00f6nsten Reiseziele f\u00fcr die Wohnmobil-Tour <span class=\"dashicons dashicons-arrow-right-alt2\"><\/span><\/p>\r\n                <\/a>\r\n            <\/div>\r\n                    <div class=\"carousel-cell\">\r\n                <a href=\"https:\/\/www.tuicamper.com\/magazin\/wochenendtrip-mit-dem-wohnmobil\/\">\r\n                    <div class=\"img-container\" style=\"background-image: url('https:\/\/www.tuicamper.com\/wp-docker\/wp-content\/uploads\/2020\/08\/Basteibruecke.jpg');\"><\/div>\r\n                    <p>5 Vorschl\u00e4ge f\u00fcr einen Wochenendtrip mit dem Wohnmobil <span class=\"dashicons dashicons-arrow-right-alt2\"><\/span><\/p>\r\n                <\/a>\r\n            <\/div>\r\n                    <div class=\"carousel-cell\">\r\n                <a href=\"https:\/\/www.tuicamper.com\/magazin\/camping-mit-kindern\/\">\r\n                    <div class=\"img-container\" style=\"background-image: url('https:\/\/www.tuicamper.com\/wp-docker\/wp-content\/uploads\/2025\/08\/camping-familie-header.jpg');\"><\/div>\r\n                    <p>Camping mit Kindern: Familienfreundliche Campingpl\u00e4tze, Tipps &#038; Packliste <span class=\"dashicons dashicons-arrow-right-alt2\"><\/span><\/p>\r\n                <\/a>\r\n            <\/div>\r\n                    <div class=\"carousel-cell\">\r\n                <a href=\"https:\/\/www.tuicamper.com\/magazin\/schoenste-campingplaetze-mit-hallenbad-in-deutschland\/\">\r\n                    <div class=\"img-container\" style=\"background-image: url('https:\/\/www.tuicamper.com\/wp-docker\/wp-content\/uploads\/2025\/11\/camping-hallenbad-header.jpg');\"><\/div>\r\n                    <p>Camping mit Hallenbad: Die 5 sch\u00f6nsten Campingpl\u00e4tze in Deutschland <span class=\"dashicons dashicons-arrow-right-alt2\"><\/span><\/p>\r\n                <\/a>\r\n            <\/div>\r\n            <\/div>\r\n<\/div>\n<\/div><\/section><\/div>\n\n<div id='av_section_8'  class='avia-section av-6jgfd7vn-310b3c751f7179e0aba2d53fae4bdb6a main_color avia-section-default avia-no-border-styling  avia-builder-el-0  el_before_av_textblock  avia-builder-el-first  reduced-content avia-bg-style-scroll container_wrap sidebar_right'  ><div class='container av-section-cont-open' ><main  role=\"main\" itemprop=\"mainContentOfPage\"  class='template-page content  av-content-small alpha units'><div class='post-entry post-entry-type-page post-entry-118755'><div class='entry-content-wrapper clearfix'>\n\n<style type=\"text\/css\" data-created_by=\"avia_inline_auto\" id=\"style-css-av-6h195e8z-7c20113f1eda3bfd62050a9c15d61197\">\n.flex_column.av-6h195e8z-7c20113f1eda3bfd62050a9c15d61197{\nborder-radius:0px 0px 0px 0px;\npadding:0px 0px 0px 0px;\n}\n<\/style>\n<div  class='flex_column av-6h195e8z-7c20113f1eda3bfd62050a9c15d61197 av_one_full  avia-builder-el-1  avia-builder-el-no-sibling  first flex_column_div av-zero-column-padding  '     ><section  class='av_textblock_section av-6ajgcf8j-4afe9a23a84a93eaac94e54c38da93c2 '   itemscope=\"itemscope\" itemtype=\"https:\/\/schema.org\/BlogPosting\" itemprop=\"blogPost\" ><div class='avia_textblock'  itemprop=\"text\" ><h2>Welche Alternativen gibt es?<\/h2>\n<p>Minoan Lines hat in der Vergangenheit \u201eCamping all Inclusive\u201c angeboten, bei der Passagiere mit Wohnmobil von einer verg\u00fcnstigten Innenkabine profitiert haben. Es lohnt sich, nach entsprechenden Angeboten Ausschau zu halten.<\/p>\n<p>\u00dcbrigens: Dass eine Route nicht mehr f\u00fcr das Camping an Bord genutzt werden kann, bedeutet nicht, dass Sie die F\u00e4hrverbindung nicht mehr mit Ihrem Wohnmobil nutzen k\u00f6nnen. Das ist oftmals immer noch m\u00f6glich. Sie d\u00fcrfen w\u00e4hrend der \u00dcberfahrt allerdings nicht mehr im Fahrzeug bleiben und m\u00fcssen sich eine separate Kabine buchen.<\/p>\n<p>Wichtig: Da ohne Camping an Bord auch Ihre Haustiere nicht im Fahrzeug bleiben d\u00fcrfen, m\u00fcssen Sie in der Regel eine spezielle \u201eHaustierkabine\u201c buchen. Auch hier ist das Angebot sehr oft begrenzt, sodass sich eine fr\u00fchzeitige Buchung empfiehlt.<\/p>\n<\/div><\/section><\/div>\n<\/div><\/div><\/main><!-- close content main element --><\/div><\/div><div id='after_section_8'  class='main_color av_default_container_wrap container_wrap sidebar_right'  ><div class='container av-section-cont-open' ><div class='template-page content  av-content-small alpha units'><div class='post-entry post-entry-type-page post-entry-118755'><div class='entry-content-wrapper clearfix'>\n<\/div><\/div><\/div><!-- close content main div --><\/div><\/div><div id='av_section_9'  class='avia-section av-12683cdf-156bd387f3ae3b69a91a5cc90f8d10b4 main_color avia-section-default avia-no-border-styling  reduced-content avia-bg-style-scroll container_wrap sidebar_right'  ><div class='container av-section-cont-open' ><div class='template-page content  av-content-small alpha units'><div class='post-entry post-entry-type-page post-entry-118755'><div class='entry-content-wrapper clearfix'>\n\n<style type=\"text\/css\" data-created_by=\"avia_inline_auto\" id=\"style-css-av-xxqqqub-b8cb6cc8fb9bc6e369b1d97cb06dc53b\">\n.flex_column.av-xxqqqub-b8cb6cc8fb9bc6e369b1d97cb06dc53b{\nborder-radius:0px 0px 0px 0px;\npadding:0px 0px 0px 0px;\n}\n<\/style>\n<div  class='flex_column av-xxqqqub-b8cb6cc8fb9bc6e369b1d97cb06dc53b av_one_full first flex_column_div av-zero-column-padding  '     ><section  class='av_textblock_section av-u28rf6r-5de6ac40088499f46f0fdf118ba82789 '   itemscope=\"itemscope\" itemtype=\"https:\/\/schema.org\/BlogPosting\" itemprop=\"blogPost\" ><div class='avia_textblock'  itemprop=\"text\" ><h2>Diese Regeln sollten Sie kennen<\/h2>\n<p>Wichtig zu wissen: Das Angebot f\u00fcr das Camping an Bord gilt ausschlie\u00dflich f\u00fcr Wohnmobile, Campervans und Wohnwagen \u2013 nicht f\u00fcr gew\u00f6hnliche Automobile, Transporter oder Kleinbusse. Ansonsten gelten an Bord folgende Regeln:<\/p>\n<ul>\n<li><strong>Eine fr\u00fchzeitige Buchung ist essenziell.<\/strong> Denn in der Regel gibt es nur wenige Pl\u00e4tze, sodass das (durchaus beliebte) Angebot f\u00fcr das Camping an Bord schnell ausgebucht ist.<\/li>\n<li><strong>Nutzen Sie keine Gaskocher<\/strong>. Das ist w\u00e4hrend der Fahrt aus Sicherheitsgr\u00fcnden strengstens untersagt. (Meist gibt es auf dem Fahrzeugdeck keine nat\u00fcrliche Bel\u00fcftung, sodass sich Gas unbemerkt ansammeln k\u00f6nnte.) Das Verbot bezieht sich ebenso auf die Verwendung von Gasflaschen.<\/li>\n<li><strong>Der Fahrzeugmotor muss ausgeschaltet bleiben<\/strong>. Ein Laufenlassen \u2013 auch f\u00fcr kurze Zeit \u2013 ist strengstens untersagt.<\/li>\n<li><strong>Das Rauchen ist verboten<\/strong>.<\/li>\n<\/ul>\n<p>Bei Abfahrt und Ankunft des Schiffs m\u00fcssen Passagiere den Camper-Bereich meist verlassen. Sobald die F\u00e4hre den Hafen sicher verlassen bzw. angelegt hat, ist das Fahrzeug wieder zug\u00e4nglich.<\/p>\n<\/div><\/section><\/div>\n<\/div><\/div><\/div><!-- close content main div --><\/div><\/div><div id='after_section_9'  class='main_color av_default_container_wrap container_wrap sidebar_right'  ><div class='container av-section-cont-open' ><div class='template-page content  av-content-small alpha units'><div class='post-entry post-entry-type-page post-entry-118755'><div class='entry-content-wrapper clearfix'>\n<\/div><\/div><\/div><!-- close content main div --><\/div><\/div><div id='av_section_10'  class='avia-section av-p2sy9lv-4cd812458c5cde9b8d7efcf41bc9f3c1 main_color avia-section-default avia-no-border-styling  avia-builder-el-4  el_after_av_textblock  el_before_av_section  reduced-content avia-bg-style-scroll container_wrap sidebar_right'  ><div class='container av-section-cont-open' ><div class='template-page content  av-content-small alpha units'><div class='post-entry post-entry-type-page post-entry-118755'><div class='entry-content-wrapper clearfix'>\n<div  class='avia-button-wrap av-jzq5qxv-b816121762edf013cf17dbccca235c29-wrap avia-button-center '><a href='https:\/\/www.tuicamper.com\/reiseziele\/europa\/deutschland\/'  class='avia-button av-jzq5qxv-b816121762edf013cf17dbccca235c29 av-link-btn avia-icon_select-yes-right-icon avia-size-large avia-position-center avia-color-theme-color'   aria-label=\"Jetzt Wohnmobil mieten f\u00fcr Deutschland\"><span class='avia_iconbox_title' >Jetzt Wohnmobil mieten f\u00fcr Deutschland<\/span><span class='avia_button_icon avia_button_icon_right avia-iconfont avia-font-entypo-fontello' data-av_icon='\ue875' data-av_iconfont='entypo-fontello' ><\/span><\/a><\/div>\n\n<style type=\"text\/css\" data-created_by=\"avia_inline_auto\" id=\"style-css-av-1ov1psz-ba8089aba55b8c469b2c2b25fbfa7c23\">\n.flex_column.av-1ov1psz-ba8089aba55b8c469b2c2b25fbfa7c23{\nborder-radius:0px 0px 0px 0px;\npadding:0px 0px 0px 0px;\n}\n<\/style>\n<div  class='flex_column av-1ov1psz-ba8089aba55b8c469b2c2b25fbfa7c23 av_one_full first flex_column_div av-zero-column-padding  '     ><style type=\"text\/css\" data-created_by=\"avia_inline_auto\" id=\"style-css-av-c75mx5v-54c225ebefa2116e050793ebe9e53bae\">\n#top .av_textblock_section.av-c75mx5v-54c225ebefa2116e050793ebe9e53bae .avia_textblock{\nfont-size:28px;\n}\n<\/style>\n<section  class='av_textblock_section av-c75mx5v-54c225ebefa2116e050793ebe9e53bae '   itemscope=\"itemscope\" itemtype=\"https:\/\/schema.org\/BlogPosting\" itemprop=\"blogPost\" ><div class='avia_textblock'  itemprop=\"text\" ><p><strong>Ihr TUI CAMPER-Team w\u00fcnscht Ihnen eine unvergessliche F\u00e4hrfahrt beim Camping an Bord!<\/strong><\/p>\n<\/div><\/section><\/div><div  class='av-social-sharing-box av-5fflv6r-726d7119e392ec3d6214c06c3f6fd1a6 av-social-sharing-box-default av-social-sharing-box-fullwidth'><div class=\"av-share-box\"><ul class=\"av-share-box-list noLightbox\"><li class='av-share-link av-social-link-facebook avia_social_iconfont' ><a target=\"_blank\" aria-label=\"Teilen auf Facebook\" href='https:\/\/www.facebook.com\/sharer.php?u=https:\/\/www.tuicamper.com\/magazin\/schoenste-campingplaetze-mit-hallenbad-in-deutschland\/&#038;t=Camping%20mit%20Hallenbad%3A%20Die%205%20sch%C3%B6nsten%20Campingpl%C3%A4tze%20in%20Deutschland' data-av_icon='\ue8f3' data-av_iconfont='entypo-fontello'  title='' data-avia-related-tooltip='Teilen auf Facebook'><span class='avia_hidden_link_text'>Teilen auf Facebook<\/span><\/a><\/li><li class='av-share-link av-social-link-twitter avia_social_iconfont' ><a target=\"_blank\" aria-label=\"Teilen auf X\" href='https:\/\/twitter.com\/share?text=Camping%20mit%20Hallenbad%3A%20Die%205%20sch%C3%B6nsten%20Campingpl%C3%A4tze%20in%20Deutschland&#038;url=https:\/\/www.tuicamper.com\/magazin\/schoenste-campingplaetze-mit-hallenbad-in-deutschland\/' data-av_icon='\ue932' data-av_iconfont='entypo-fontello'  title='' data-avia-related-tooltip='Teilen auf X'><span class='avia_hidden_link_text'>Teilen auf X<\/span><\/a><\/li><li class='av-share-link av-social-link-whatsapp avia_social_iconfont' ><a target=\"_blank\" aria-label=\"Teilen auf WhatsApp\" href='https:\/\/api.whatsapp.com\/send?text=https:\/\/www.tuicamper.com\/magazin\/schoenste-campingplaetze-mit-hallenbad-in-deutschland\/' data-av_icon='\uf232' data-av_iconfont='entypo-fontello'  title='' data-avia-related-tooltip='Teilen auf WhatsApp'><span class='avia_hidden_link_text'>Teilen auf WhatsApp<\/span><\/a><\/li><li class='av-share-link av-social-link-pinterest avia_social_iconfont' ><a target=\"_blank\" aria-label=\"Teilen auf Pinterest\" href='https:\/\/pinterest.com\/pin\/create\/button\/?url=https%3A%2F%2Fwww.tuicamper.com%2Fmagazin%2Fschoenste-campingplaetze-mit-hallenbad-in-deutschland%2F&#038;description=Camping%20mit%20Hallenbad%3A%20Die%205%20sch%C3%B6nsten%20Campingpl%C3%A4tze%20in%20Deutschland&#038;media=https%3A%2F%2Fwww.tuicamper.com%2Fwp-docker%2Fwp-content%2Fuploads%2F2025%2F11%2Fcamping-hallenbad-header-705x271.jpg' data-av_icon='\ue8f8' data-av_iconfont='entypo-fontello'  title='' data-avia-related-tooltip='Teilen auf Pinterest'><span class='avia_hidden_link_text'>Teilen auf Pinterest<\/span><\/a><\/li><li class='av-share-link av-social-link-mail avia_social_iconfont' ><a  aria-label=\"Per E-Mail teilen\" href='mailto:?subject=Camping%20mit%20Hallenbad%3A%20Die%205%20sch%C3%B6nsten%20Campingpl%C3%A4tze%20in%20Deutschland&#038;body=https:\/\/www.tuicamper.com\/magazin\/schoenste-campingplaetze-mit-hallenbad-in-deutschland\/' data-av_icon='\ue805' data-av_iconfont='entypo-fontello'  title='' data-avia-related-tooltip='Per E-Mail teilen'><span class='avia_hidden_link_text'>Per E-Mail teilen<\/span><\/a><\/li><\/ul><\/div><\/div>\n\n","protected":false},"excerpt":{"rendered":"<p>Camping an Bord erm\u00f6glicht es Ihnen, auf der F\u00e4hre im eigenen Wohnmobil zu bleiben und dort zu \u00fcbernachten. Lesen Sie, was Sie zum Angebot wissen m\u00fcssen!<\/p>\n","protected":false},"author":5,"featured_media":119197,"comment_status":"open","ping_status":"open","sticky":false,"template":"","format":"standard","meta":{"footnotes":""},"categories":[33],"tags":[44,38],"class_list":["post-118755","post","type-post","status-publish","format-standard","has-post-thumbnail","hentry","category-reisethema","tag-insider-infos","tag-uebernachten"],"yoast_head":"<!-- This site is optimized with the Yoast SEO plugin v27.4 - https:\/\/yoast.com\/product\/yoast-seo-wordpress\/ -->\n<title>Camping an Bord: Hier ist die \u00dcbernachtung im Wohnmobil m\u00f6glich - TUI CAMPER<\/title>\n<meta name=\"description\" content=\"Mit der F\u00e4hre \u00fcbersetzen und dabei entspannt und kosteng\u00fcnstig im Wohnmobil \u00fcbernachten? Camping on Board macht es m\u00f6glich. Mehr erfahren!\" \/>\n<meta name=\"robots\" content=\"index, follow, max-snippet:-1, max-image-preview:large, max-video-preview:-1\" \/>\n<link rel=\"canonical\" href=\"https:\/\/www.tuicamper.com\/magazin\/camping-an-bord-auf-faehren\/\" \/>\n<meta property=\"og:locale\" content=\"de_DE\" \/>\n<meta property=\"og:type\" content=\"article\" \/>\n<meta property=\"og:title\" content=\"Camping an Bord: Hier ist die \u00dcbernachtung im Wohnmobil m\u00f6glich - TUI CAMPER\" \/>\n<meta property=\"og:description\" content=\"Mit der F\u00e4hre \u00fcbersetzen und dabei entspannt und kosteng\u00fcnstig im Wohnmobil \u00fcbernachten? Camping on Board macht es m\u00f6glich. Mehr erfahren!\" \/>\n<meta property=\"og:url\" content=\"https:\/\/www.tuicamper.com\/magazin\/camping-an-bord-auf-faehren\/\" \/>\n<meta property=\"og:site_name\" content=\"TUI Camper Magazin\" \/>\n<meta property=\"article:published_time\" content=\"2025-12-10T13:53:14+00:00\" \/>\n<meta property=\"og:image\" content=\"https:\/\/www.tuicamper.com\/wp-docker\/wp-content\/uploads\/2025\/12\/camping-an-bord-header.jpg\" \/>\n\t<meta property=\"og:image:width\" content=\"1280\" \/>\n\t<meta property=\"og:image:height\" content=\"492\" \/>\n\t<meta property=\"og:image:type\" content=\"image\/jpeg\" \/>\n<meta name=\"author\" content=\"Olli\" \/>\n<meta name=\"twitter:card\" content=\"summary_large_image\" \/>\n<meta name=\"twitter:label1\" content=\"Verfasst von\" \/>\n\t<meta name=\"twitter:data1\" content=\"Olli\" \/>\n\t<meta name=\"twitter:label2\" content=\"Gesch\u00e4tzte Lesezeit\" \/>\n\t<meta name=\"twitter:data2\" content=\"5\u00a0Minuten\" \/>\n<!-- \/ Yoast SEO plugin. -->","yoast_head_json":{"title":"Camping an Bord: Hier ist die \u00dcbernachtung im Wohnmobil m\u00f6glich - TUI CAMPER","description":"Mit der F\u00e4hre \u00fcbersetzen und dabei entspannt und kosteng\u00fcnstig im Wohnmobil \u00fcbernachten? Camping on Board macht es m\u00f6glich. Mehr erfahren!","robots":{"index":"index","follow":"follow","max-snippet":"max-snippet:-1","max-image-preview":"max-image-preview:large","max-video-preview":"max-video-preview:-1"},"canonical":"https:\/\/www.tuicamper.com\/magazin\/camping-an-bord-auf-faehren\/","og_locale":"de_DE","og_type":"article","og_title":"Camping an Bord: Hier ist die \u00dcbernachtung im Wohnmobil m\u00f6glich - TUI CAMPER","og_description":"Mit der F\u00e4hre \u00fcbersetzen und dabei entspannt und kosteng\u00fcnstig im Wohnmobil \u00fcbernachten? Camping on Board macht es m\u00f6glich. Mehr erfahren!","og_url":"https:\/\/www.tuicamper.com\/magazin\/camping-an-bord-auf-faehren\/","og_site_name":"TUI Camper Magazin","article_published_time":"2025-12-10T13:53:14+00:00","og_image":[{"width":1280,"height":492,"url":"https:\/\/www.tuicamper.com\/wp-docker\/wp-content\/uploads\/2025\/12\/camping-an-bord-header.jpg","type":"image\/jpeg"}],"author":"Olli","twitter_card":"summary_large_image","twitter_misc":{"Verfasst von":"Olli","Gesch\u00e4tzte Lesezeit":"5\u00a0Minuten"},"schema":{"@context":"https:\/\/schema.org","@graph":[{"@type":"Article","@id":"https:\/\/www.tuicamper.com\/magazin\/camping-an-bord-auf-faehren\/#article","isPartOf":{"@id":"https:\/\/www.tuicamper.com\/magazin\/camping-an-bord-auf-faehren\/"},"author":{"name":"Olli","@id":"https:\/\/www.tuicamper.com\/wp-docker\/#\/schema\/person\/98975e733813f701672fd75ef9df8b69"},"headline":"Camping an Bord: Auf diesen F\u00e4hren ist die \u00dcbernachtung im Wohnmobil m\u00f6glich","datePublished":"2025-12-10T13:53:14+00:00","mainEntityOfPage":{"@id":"https:\/\/www.tuicamper.com\/magazin\/camping-an-bord-auf-faehren\/"},"wordCount":3654,"commentCount":0,"image":{"@id":"https:\/\/www.tuicamper.com\/magazin\/camping-an-bord-auf-faehren\/#primaryimage"},"thumbnailUrl":"https:\/\/www.tuicamper.com\/wp-docker\/wp-content\/uploads\/2025\/12\/camping-an-bord-header.jpg","keywords":["Insider-Infos","\u00dcbernachten"],"articleSection":["Reisethema"],"inLanguage":"de","potentialAction":[{"@type":"CommentAction","name":"Comment","target":["https:\/\/www.tuicamper.com\/magazin\/camping-an-bord-auf-faehren\/#respond"]}]},{"@type":"WebPage","@id":"https:\/\/www.tuicamper.com\/magazin\/camping-an-bord-auf-faehren\/","url":"https:\/\/www.tuicamper.com\/magazin\/camping-an-bord-auf-faehren\/","name":"Camping an Bord: Hier ist die \u00dcbernachtung im Wohnmobil m\u00f6glich - TUI CAMPER","isPartOf":{"@id":"https:\/\/www.tuicamper.com\/#website"},"primaryImageOfPage":{"@id":"https:\/\/www.tuicamper.com\/magazin\/camping-an-bord-auf-faehren\/#primaryimage"},"image":{"@id":"https:\/\/www.tuicamper.com\/magazin\/camping-an-bord-auf-faehren\/#primaryimage"},"thumbnailUrl":"https:\/\/www.tuicamper.com\/wp-content\/uploads\/2025\/12\/camping-an-bord-header.jpg","datePublished":"2025-12-10T13:53:14+00:00","author":{"@id":"https:\/\/www.tuicamper.com\/#\/schema\/person\/98975e733813f701672fd75ef9df8b69"},"description":"Mit der F\u00e4hre \u00fcbersetzen und dabei entspannt und kosteng\u00fcnstig im Wohnmobil \u00fcbernachten? Camping on Board macht es m\u00f6glich. Mehr erfahren!","breadcrumb":{"@id":"https:\/\/www.tuicamper.com\/magazin\/camping-an-bord-auf-faehren\/#breadcrumb"},"inLanguage":"de","potentialAction":["Array"]},{"@type":"ImageObject","inLanguage":"de","@id":"https:\/\/www.tuicamper.com\/magazin\/camping-an-bord-auf-faehren\/#primaryimage","url":"https:\/\/www.tuicamper.com\/wp-docker\/wp-content\/uploads\/2025\/12\/camping-an-bord-header.jpg","contentUrl":"https:\/\/www.tuicamper.com\/wp-docker\/wp-content\/uploads\/2025\/12\/camping-an-bord-header.jpg","width":1280,"height":492},{"@type":"BreadcrumbList","@id":"https:\/\/www.tuicamper.com\/magazin\/camping-an-bord-auf-faehren\/#breadcrumb","itemListElement":[{"@type":"ListItem","position":1,"name":"Startseite","item":"https:\/\/www.tuicamper.com\/wp-docker\/"},{"@type":"ListItem","position":2,"name":"Camping an Bord: Auf diesen F\u00e4hren ist die \u00dcbernachtung im Wohnmobil m\u00f6glich"}]},{"@type":"WebSite","@id":"https:\/\/www.tuicamper.com\/#website","url":"https:\/\/www.tuicamper.com\/","name":"TUI Camper Magazin","description":"","potentialAction":["Array"],"inLanguage":"de"},{"@type":"Person","@id":"https:\/\/www.tuicamper.com\/wp-docker\/#\/schema\/person\/98975e733813f701672fd75ef9df8b69","name":"Olli","image":{"@type":"ImageObject","inLanguage":"de","@id":"https:\/\/secure.gravatar.com\/avatar\/4529b17b9a4dec34d38f705f89e1db8c906d30537b64d795d775d528c07951ff?s=96&d=mm&r=g","url":"https:\/\/secure.gravatar.com\/avatar\/4529b17b9a4dec34d38f705f89e1db8c906d30537b64d795d775d528c07951ff?s=96&d=mm&r=g","contentUrl":"https:\/\/secure.gravatar.com\/avatar\/4529b17b9a4dec34d38f705f89e1db8c906d30537b64d795d775d528c07951ff?s=96&d=mm&r=g","caption":"Olli"},"url":"https:\/\/www.tuicamper.com\/wp-docker\/magazin\/author\/olli\/"}]}},"_links":{"self":[{"href":"https:\/\/www.tuicamper.com\/wp-docker\/wp-json\/wp\/v2\/posts\/118755","targetHints":{"allow":["GET"]}}],"collection":[{"href":"https:\/\/www.tuicamper.com\/wp-docker\/wp-json\/wp\/v2\/posts"}],"about":[{"href":"https:\/\/www.tuicamper.com\/wp-docker\/wp-json\/wp\/v2\/types\/post"}],"author":[{"embeddable":true,"href":"https:\/\/www.tuicamper.com\/wp-docker\/wp-json\/wp\/v2\/users\/5"}],"replies":[{"embeddable":true,"href":"https:\/\/www.tuicamper.com\/wp-docker\/wp-json\/wp\/v2\/comments?post=118755"}],"version-history":[{"count":7,"href":"https:\/\/www.tuicamper.com\/wp-docker\/wp-json\/wp\/v2\/posts\/118755\/revisions"}],"predecessor-version":[{"id":119202,"href":"https:\/\/www.tuicamper.com\/wp-docker\/wp-json\/wp\/v2\/posts\/118755\/revisions\/119202"}],"wp:featuredmedia":[{"embeddable":true,"href":"https:\/\/www.tuicamper.com\/wp-docker\/wp-json\/wp\/v2\/media\/119197"}],"wp:attachment":[{"href":"https:\/\/www.tuicamper.com\/wp-docker\/wp-json\/wp\/v2\/media?parent=118755"}],"wp:term":[{"taxonomy":"category","embeddable":true,"href":"https:\/\/www.tuicamper.com\/wp-docker\/wp-json\/wp\/v2\/categories?post=118755"},{"taxonomy":"post_tag","embeddable":true,"href":"https:\/\/www.tuicamper.com\/wp-docker\/wp-json\/wp\/v2\/tags?post=118755"}],"curies":[{"name":"wp","href":"https:\/\/api.w.org\/{rel}","templated":true}]}}