{"id":115472,"date":"2025-10-24T14:11:28","date_gmt":"2025-10-24T12:11:28","guid":{"rendered":"https:\/\/www.tuicamper.com\/?p=115472"},"modified":"2025-10-24T14:11:28","modified_gmt":"2025-10-24T12:11:28","slug":"maut-in-der-schweiz-fuer-wohnmobile-alle-infos","status":"publish","type":"post","link":"https:\/\/www.tuicamper.com\/magazin\/maut-in-der-schweiz-fuer-wohnmobile-alle-infos\/","title":{"rendered":"Maut in der Schweiz f\u00fcr Wohnmobile: Alle Infos"},"content":{"rendered":"<div id='av_section_1'  class='avia-section av-9h6fsvtc-387969ae3c9c90780092fc14d7fb320e main_color avia-section-default avia-no-border-styling  avia-builder-el-0  el_before_av_textblock  avia-builder-el-first  reduced-content avia-bg-style-scroll container_wrap sidebar_right'  ><div class='container av-section-cont-open' ><main  role=\"main\" itemprop=\"mainContentOfPage\"  class='template-page content  av-content-small alpha units'><div class='post-entry post-entry-type-page post-entry-115472'><div class='entry-content-wrapper clearfix'>\n\n<style type=\"text\/css\" data-created_by=\"avia_inline_auto\" id=\"style-css-av-9ddp8y6o-c1123caea77fcec0740907f51240d893\">\n.flex_column.av-9ddp8y6o-c1123caea77fcec0740907f51240d893{\nborder-radius:0px 0px 0px 0px;\npadding:0px 0px 0px 0px;\n}\n<\/style>\n<div  class='flex_column av-9ddp8y6o-c1123caea77fcec0740907f51240d893 av_one_full  avia-builder-el-1  avia-builder-el-no-sibling  first flex_column_div av-zero-column-padding  '     ><section  class='av_textblock_section av-mh4nsex9-63ce381d5332ede58d13d62978d78298 '   itemscope=\"itemscope\" itemtype=\"https:\/\/schema.org\/BlogPosting\" itemprop=\"blogPost\" ><div class='avia_textblock'  itemprop=\"text\" ><p>Kristallklare Bergseen, malerische T\u00e4ler, kulturreiche St\u00e4dtchen und Campingpl\u00e4tze mitten in der Natur: Aus gutem Grund zieht es viele Wohnmobil-Urlauber immer wieder in die Schweiz. Wer mit dem Wohnmobil auf Schweizer Autobahnen unterwegs ist, kommt aber an einem Thema nicht vorbei: der Maut. In diesem Beitrag haben wir f\u00fcr Sie daher alle Infos rund um die Maut in der Schweiz f\u00fcr Wohnmobile zusammengestellt.<\/p>\n<\/div><\/section><\/div>\n<\/div><\/div><\/main><!-- close content main element --><\/div><\/div><div id='after_section_1'  class='main_color av_default_container_wrap container_wrap sidebar_right'  ><div class='container av-section-cont-open' ><div class='template-page content  av-content-small alpha units'><div class='post-entry post-entry-type-page post-entry-115472'><div class='entry-content-wrapper clearfix'>\n<section  class='av_textblock_section av-x8isms0-dc67dd1246eb6b904bf91d9b240c6bbc '   itemscope=\"itemscope\" itemtype=\"https:\/\/schema.org\/BlogPosting\" itemprop=\"blogPost\" ><div class='avia_textblock'  itemprop=\"text\" >\n<\/div><\/section>\n<\/div><\/div><\/div><!-- close content main div --><\/div><\/div><div id='av_section_2'  class='avia-section av-931h5tu8-2c290218ee0c8411764903d56ee27e47 main_color avia-section-default avia-no-border-styling  avia-builder-el-4  el_after_av_textblock  el_before_av_section  reduced-content avia-bg-style-scroll container_wrap sidebar_right'  ><div class='container av-section-cont-open' ><div class='template-page content  av-content-small alpha units'><div class='post-entry post-entry-type-page post-entry-115472'><div class='entry-content-wrapper clearfix'>\n<section  class='av_textblock_section av-we6a7ps-4ff81a77f40d2780b52206e84187388d '   itemscope=\"itemscope\" itemtype=\"https:\/\/schema.org\/BlogPosting\" itemprop=\"blogPost\" ><div class='avia_textblock'  itemprop=\"text\" ><div id=\"js-table-of-contents\">\r\n    <strong>Inhaltsverzeichnis<\/strong>\r\n<\/div>\n<\/div><\/section>\n\n<\/div><\/div><\/div><!-- close content main div --><\/div><\/div><div id='av_section_3'  class='avia-section av-8vbxlbrk-3d20f33a6c25cfe269d6541bcffd2a57 main_color avia-section-default avia-no-border-styling  avia-builder-el-6  el_after_av_section  el_before_av_section  reduced-content avia-bg-style-scroll container_wrap sidebar_right'  ><div class='container av-section-cont-open' ><div class='template-page content  av-content-small alpha units'><div class='post-entry post-entry-type-page post-entry-115472'><div class='entry-content-wrapper clearfix'>\n\n<style type=\"text\/css\" data-created_by=\"avia_inline_auto\" id=\"style-css-av-8pnx218w-c27b4b7d42e3f13e72ea8acad652099f\">\n.flex_column.av-8pnx218w-c27b4b7d42e3f13e72ea8acad652099f{\nborder-radius:0px 0px 0px 0px;\npadding:0px 0px 0px 0px;\n}\n<\/style>\n<div  class='flex_column av-8pnx218w-c27b4b7d42e3f13e72ea8acad652099f av_one_full  avia-builder-el-7  avia-builder-el-no-sibling  first flex_column_div av-zero-column-padding  '     ><section  class='av_textblock_section av-8kru3vgw-e49a54ab80cad1140e5a2584ba5b2db8 '   itemscope=\"itemscope\" itemtype=\"https:\/\/schema.org\/BlogPosting\" itemprop=\"blogPost\" ><div class='avia_textblock'  itemprop=\"text\" ><h2>Maut f\u00fcr Wohnmobile unter 3,5 Tonnen<\/h2>\n<p>Fahrzeuge unter 3,5 Tonnen \u2013 dazu z\u00e4hlen auch Wohnmobile \u2013 ben\u00f6tigen eine Vignette, um die Autobahnen und autobahn\u00e4hnlichen Stra\u00dfen der Schweiz nutzen zu d\u00fcrfen. Wichtig zu wissen: Erh\u00e4ltlich ist die Vignette ausschlie\u00dflich als Jahresvignette (G\u00fcltigkeit 14 Monate: 1. Dezember bis 31. Januar) zu einem Preis von 40 Schweizer Franken (CHF). Eine g\u00fcnstigere Option f\u00fcr einen k\u00fcrzeren Zeitraum gibt es nicht. Wer ohne Vignette erwischt wird, muss mit einem Bu\u00dfgeld (200 Franken) rechnen. Hinzu kommen die Anschaffungskosten f\u00fcr den Kauf einer Vignette.<\/p>\n<p>Gut zu wissen: Wenn Sie Ihr <a href=\"https:\/\/www.tuicamper.com\/reiseziele\/europa\/schweiz\/\">Wohnmobil in der Schweiz mieten<\/a>, sollten Sie nicht davon ausgehen, dass es bereits mit einer Vignette ausgestattet ist. Abh\u00e4ngig vom jeweiligen Anbieter m\u00fcssen Sie sich gegebenenfalls selbst um die Anschaffung einer Vignette k\u00fcmmern.<\/p>\n<\/div><\/section><\/div>\n\n<\/div><\/div><\/div><!-- close content main div --><\/div><\/div><div id='av_section_4'  class='avia-section av-8imy7o40-2060b30bff763547bc059534deaf8f39 main_color avia-section-default avia-no-border-styling  avia-builder-el-9  el_after_av_section  el_before_av_section  reduced-content avia-bg-style-scroll container_wrap sidebar_right'  ><div class='container av-section-cont-open' ><div class='template-page content  av-content-small alpha units'><div class='post-entry post-entry-type-page post-entry-115472'><div class='entry-content-wrapper clearfix'>\n\n<style type=\"text\/css\" data-created_by=\"avia_inline_auto\" id=\"style-css-av-8bv6ebbk-a485427e412dd41847e97496b9506c6d\">\n.avia-image-container.av-8bv6ebbk-a485427e412dd41847e97496b9506c6d img.avia_image{\nbox-shadow:none;\n}\n.avia-image-container.av-8bv6ebbk-a485427e412dd41847e97496b9506c6d .av-caption-image-overlay-bg{\nopacity:0.4;\nbackground-color:#000000;\n}\n.avia-image-container.av-8bv6ebbk-a485427e412dd41847e97496b9506c6d .av-image-caption-overlay-center{\ncolor:#ffffff;\n}\n<\/style>\n<div  class='avia-image-container av-8bv6ebbk-a485427e412dd41847e97496b9506c6d av-styling- av-img-linked avia_animated_image av-animated-when-visible-95 fade-in avia-align-center  avia-builder-el-10  el_before_av_hr  avia-builder-el-first  noHover av-overlay-on-hover'   itemprop=\"image\" itemscope=\"itemscope\" itemtype=\"https:\/\/schema.org\/ImageObject\" ><div class=\"avia-image-container-inner\"><div class=\"avia-image-overlay-wrap\"><a href=\"https:\/\/www.tuicamper.com\/wp-docker\/wp-content\/uploads\/2025\/10\/schweiz-maut-strasse-1030x644.jpg\" data-srcset=\"https:\/\/www.tuicamper.com\/wp-docker\/wp-content\/uploads\/2025\/10\/schweiz-maut-strasse-1030x644.jpg 1030w, https:\/\/www.tuicamper.com\/wp-docker\/wp-content\/uploads\/2025\/10\/schweiz-maut-strasse-300x188.jpg 300w, https:\/\/www.tuicamper.com\/wp-docker\/wp-content\/uploads\/2025\/10\/schweiz-maut-strasse-768x480.jpg 768w, https:\/\/www.tuicamper.com\/wp-docker\/wp-content\/uploads\/2025\/10\/schweiz-maut-strasse-705x441.jpg 705w, https:\/\/www.tuicamper.com\/wp-docker\/wp-content\/uploads\/2025\/10\/schweiz-maut-strasse.jpg 1440w\" data-sizes=\"(max-width: 1030px) 100vw, 1030px\" class='avia_image '  aria-label='Schweiz Br\u00fccke'><div class=\"av-image-caption-overlay\"><div class=\"av-caption-image-overlay-bg\"><\/div><div class=\"av-image-caption-overlay-position\"><div class=\"av-image-caption-overlay-center\"><p>Das Stra\u00dfennetz in der Schweiz ist hervorragend gepflegt<\/p>\n<\/div><\/div><\/div><img decoding=\"async\" fetchpriority=\"high\" class='wp-image-115476 avia-img-lazy-loading-not-115476 avia_image ' src=\"https:\/\/www.tuicamper.com\/wp-docker\/wp-content\/uploads\/2025\/10\/schweiz-maut-strasse-845x684.jpg\" alt='' title='Schweiz Br\u00fccke'  height=\"684\" width=\"845\"  itemprop=\"thumbnailUrl\" srcset=\"https:\/\/www.tuicamper.com\/wp-docker\/wp-content\/uploads\/2025\/10\/schweiz-maut-strasse-845x684.jpg 845w, https:\/\/www.tuicamper.com\/wp-docker\/wp-content\/uploads\/2025\/10\/schweiz-maut-strasse-495x400.jpg 495w\" sizes=\"(max-width: 845px) 100vw, 845px\" \/><\/a><\/div><\/div><\/div>\n\n<style type=\"text\/css\" data-created_by=\"avia_inline_auto\" id=\"style-css-av-88dgyi6o-2002d2753fa079755c18e8d67b24dbbb\">\n#top .hr.hr-invisible.av-88dgyi6o-2002d2753fa079755c18e8d67b24dbbb{\nheight:25px;\n}\n<\/style>\n<div  class='hr av-88dgyi6o-2002d2753fa079755c18e8d67b24dbbb hr-invisible  avia-builder-el-11  el_after_av_image  avia-builder-el-last '><span class='hr-inner '><span class=\"hr-inner-style\"><\/span><\/span><\/div>\n\n<\/div><\/div><\/div><!-- close content main div --><\/div><\/div><div id='av_section_5'  class='avia-section av-83ck5rrk-4088f8641c6f9a1b1fb23880604e3c37 main_color avia-section-default avia-no-border-styling  avia-builder-el-12  el_after_av_section  el_before_av_section  reduced-content avia-bg-style-scroll container_wrap sidebar_right'  ><div class='container av-section-cont-open' ><div class='template-page content  av-content-small alpha units'><div class='post-entry post-entry-type-page post-entry-115472'><div class='entry-content-wrapper clearfix'>\n\n<style type=\"text\/css\" data-created_by=\"avia_inline_auto\" id=\"style-css-av-8128zdzk-9c14c312b2b7e9f6175e6b33e14054a6\">\n.flex_column.av-8128zdzk-9c14c312b2b7e9f6175e6b33e14054a6{\nborder-radius:0px 0px 0px 0px;\npadding:0px 0px 0px 0px;\n}\n<\/style>\n<div  class='flex_column av-8128zdzk-9c14c312b2b7e9f6175e6b33e14054a6 av_one_full  avia-builder-el-13  avia-builder-el-no-sibling  first flex_column_div av-zero-column-padding  '     ><section  class='av_textblock_section av-7u5p3rdc-9cd278288ac051a8c9998277cc754cde '   itemscope=\"itemscope\" itemtype=\"https:\/\/schema.org\/BlogPosting\" itemprop=\"blogPost\" ><div class='avia_textblock'  itemprop=\"text\" ><h3>Vignette kaufen: Diese M\u00f6glichkeiten gibt es<\/h3>\n<p>Die Vignette f\u00fcr die Autobahn-Maut in der Schweiz k\u00f6nnen Sie in zwei Varianten kaufen:<\/p>\n<ol>\n<li><strong>Klebevignette<\/strong>: Die Klebevignette k\u00f6nnen Sie von Deutschland aus bequem \u00fcber diverse Online-Shops (z.B. den ADAC) erwerben. Alternativ ist auch ein Kauf in Grenzn\u00e4he (z.B. an Tankstellen) m\u00f6glich. Angebracht wird die Vignette gut sichtbar an der Windschutzscheibe (z.B. oben links) \u2013 und zwar so, dass sie das Sichtfeld des Fahrers nicht beeintr\u00e4chtigt.<\/li>\n<li><strong>E-Vignette<\/strong>: Seit einigen Jahren kann die Vignette auch in digitaler Form erworben werden. \u00dcber das <a href=\"https:\/\/via.admin.ch\/shop\/dashboard\" target=\"_blank\" rel=\"noopener\">Via Portal<\/a> k\u00f6nnen Sie die E-Vignette ganz einfach online kaufen. Hierf\u00fcr sind lediglich Fahrzeugkategorie, Zulassungsland und Nummernschild (Kontrollschild) anzugeben. Durch die elektronische Verkn\u00fcpfung des Nummernschilds mit der Vignette ben\u00f6tigen Sie keinen physischen Aufkleber mehr.<\/li>\n<\/ol>\n<p>In puncto G\u00fcltigkeit und Kosten gibt es keine Unterschiede zwischen Klebe- und E-Vignette. Wichtig: Da Vignetten stets an ein Fahrzeug\/Kontrollschild gebunden sind, d\u00fcrfen diese nicht weitergeben werden. Abgekratzte, \u201egebrauchte Vignetten\u201c, die im Netz ab und an angeboten werden, sind nicht zul\u00e4ssig.<\/p>\n<\/div><\/section><\/div>\n\n<\/div><\/div><\/div><!-- close content main div --><\/div><\/div><div id='av_section_6'  class='avia-section av-7b07ydhs-80ed0e0951f5a5a867a450ebcf547661 main_color avia-section-default avia-no-border-styling  avia-builder-el-15  el_after_av_section  el_before_av_section  reduced-content avia-bg-style-scroll container_wrap sidebar_right'  ><div class='container av-section-cont-open' ><div class='template-page content  av-content-small alpha units'><div class='post-entry post-entry-type-page post-entry-115472'><div class='entry-content-wrapper clearfix'>\n\n<style type=\"text\/css\" data-created_by=\"avia_inline_auto\" id=\"style-css-av-75vyw2vk-ce25d9010e6edaf0cd442fcea406b0fd\">\n.flex_column.av-75vyw2vk-ce25d9010e6edaf0cd442fcea406b0fd{\nborder-radius:0px 0px 0px 0px;\npadding:0px 0px 0px 0px;\n}\n<\/style>\n<div  class='flex_column av-75vyw2vk-ce25d9010e6edaf0cd442fcea406b0fd av_one_full  avia-builder-el-16  avia-builder-el-no-sibling  first flex_column_div av-zero-column-padding  '     ><section  class='av_textblock_section av-732aj3ps-d76a8519bb829426770e7c8158ea3f93 '   itemscope=\"itemscope\" itemtype=\"https:\/\/schema.org\/BlogPosting\" itemprop=\"blogPost\" ><div class='avia_textblock'  itemprop=\"text\" ><h2>Maut f\u00fcr Wohnmobile \u00fcber 3,5 Tonnen<\/h2>\n<p>Wohnmobile, die \u00fcber 3,5 Tonnen wiegen, m\u00fcssen f\u00fcr s\u00e4mtliche Stra\u00dfen (nicht nur f\u00fcr Autobahnen und autobahn\u00e4hnliche Stra\u00dfen\/Autostra\u00dfen) die sogenannte Pauschale Schwerverkehrsabgabe (PSVA) entrichten. Fahren Sie ein schweres Wohnmobil mit einem zul\u00e4ssigen Gesamtgewicht (zGG) von \u00fcber 3,5 t, kommen Sie um die Abgabe daher nicht herum. Sie wird auch dann f\u00e4llig, wenn Sie lediglich \u00fcber die Landstra\u00dfe einen Campingplatz in Grenzn\u00e4he ansteuern.<\/p>\n<p>Fallen Sie mit Ihrem Fahrzeug unter die Schwerverkehrsabgabe ist der Kauf einer Vignette nicht mehr erforderlich.<\/p>\n<\/div><\/section><\/div>\n\n<\/div><\/div><\/div><!-- close content main div --><\/div><\/div><div id='av_section_7'  class='avia-section av-7pms2n4g-ca43f84e04f5d40444149926d651f816 main_color avia-section-default avia-no-border-styling  avia-builder-el-18  el_after_av_section  el_before_av_section  reduced-content avia-bg-style-scroll container_wrap sidebar_right'  ><div class='container av-section-cont-open' ><div class='template-page content  av-content-small alpha units'><div class='post-entry post-entry-type-page post-entry-115472'><div class='entry-content-wrapper clearfix'>\n\n<style type=\"text\/css\" data-created_by=\"avia_inline_auto\" id=\"style-css-av-7k3htbm8-5837075b510bc2937eb5d7f176d9125b\">\n.avia-image-container.av-7k3htbm8-5837075b510bc2937eb5d7f176d9125b img.avia_image{\nbox-shadow:none;\n}\n.avia-image-container.av-7k3htbm8-5837075b510bc2937eb5d7f176d9125b .av-caption-image-overlay-bg{\nopacity:0.4;\nbackground-color:#000000;\n}\n.avia-image-container.av-7k3htbm8-5837075b510bc2937eb5d7f176d9125b .av-image-caption-overlay-center{\ncolor:#ffffff;\n}\n<\/style>\n<div  class='avia-image-container av-7k3htbm8-5837075b510bc2937eb5d7f176d9125b av-styling- av-img-linked avia_animated_image av-animated-when-visible-95 fade-in avia-align-center  avia-builder-el-19  el_before_av_hr  avia-builder-el-first  noHover av-overlay-on-hover'   itemprop=\"image\" itemscope=\"itemscope\" itemtype=\"https:\/\/schema.org\/ImageObject\" ><div class=\"avia-image-container-inner\"><div class=\"avia-image-overlay-wrap\"><a href=\"https:\/\/www.tuicamper.com\/wp-docker\/wp-content\/uploads\/2025\/10\/schweiz-maut-wohnmobil-1030x644.jpg\" data-srcset=\"https:\/\/www.tuicamper.com\/wp-docker\/wp-content\/uploads\/2025\/10\/schweiz-maut-wohnmobil-1030x644.jpg 1030w, https:\/\/www.tuicamper.com\/wp-docker\/wp-content\/uploads\/2025\/10\/schweiz-maut-wohnmobil-300x188.jpg 300w, https:\/\/www.tuicamper.com\/wp-docker\/wp-content\/uploads\/2025\/10\/schweiz-maut-wohnmobil-768x480.jpg 768w, https:\/\/www.tuicamper.com\/wp-docker\/wp-content\/uploads\/2025\/10\/schweiz-maut-wohnmobil-705x441.jpg 705w, https:\/\/www.tuicamper.com\/wp-docker\/wp-content\/uploads\/2025\/10\/schweiz-maut-wohnmobil.jpg 1440w\" data-sizes=\"(max-width: 1030px) 100vw, 1030px\" class='avia_image '  aria-label='Wohnmobil in der Schweiz'><div class=\"av-image-caption-overlay\"><div class=\"av-caption-image-overlay-bg\"><\/div><div class=\"av-image-caption-overlay-position\"><div class=\"av-image-caption-overlay-center\"><p>Fahrten durch die Schweiz sind immer etwas besonderes<\/p>\n<\/div><\/div><\/div><img decoding=\"async\" fetchpriority=\"high\" class='wp-image-115479 avia-img-lazy-loading-not-115479 avia_image ' src=\"https:\/\/www.tuicamper.com\/wp-docker\/wp-content\/uploads\/2025\/10\/schweiz-maut-wohnmobil-845x684.jpg\" alt='' title='Wohnmobil in der Schweiz'  height=\"684\" width=\"845\"  itemprop=\"thumbnailUrl\" srcset=\"https:\/\/www.tuicamper.com\/wp-docker\/wp-content\/uploads\/2025\/10\/schweiz-maut-wohnmobil-845x684.jpg 845w, https:\/\/www.tuicamper.com\/wp-docker\/wp-content\/uploads\/2025\/10\/schweiz-maut-wohnmobil-495x400.jpg 495w\" sizes=\"(max-width: 845px) 100vw, 845px\" \/><\/a><\/div><\/div><\/div>\n\n<style type=\"text\/css\" data-created_by=\"avia_inline_auto\" id=\"style-css-av-7hbirzrk-b9ed70e29fc429dbc4c7e70378a77d15\">\n#top .hr.hr-invisible.av-7hbirzrk-b9ed70e29fc429dbc4c7e70378a77d15{\nheight:25px;\n}\n<\/style>\n<div  class='hr av-7hbirzrk-b9ed70e29fc429dbc4c7e70378a77d15 hr-invisible  avia-builder-el-20  el_after_av_image  avia-builder-el-last '><span class='hr-inner '><span class=\"hr-inner-style\"><\/span><\/span><\/div>\n\n<\/div><\/div><\/div><!-- close content main div --><\/div><\/div><div id='av_section_8'  class='avia-section av-6jak09lc-e8a8fcd7e4657a9ff6bdfbbee1699c5d main_color avia-section-default avia-no-border-styling  avia-builder-el-21  el_after_av_section  el_before_av_section  reduced-content avia-bg-style-scroll container_wrap sidebar_right'  ><div class='container av-section-cont-open' ><div class='template-page content  av-content-small alpha units'><div class='post-entry post-entry-type-page post-entry-115472'><div class='entry-content-wrapper clearfix'>\n\n<style type=\"text\/css\" data-created_by=\"avia_inline_auto\" id=\"style-css-av-6fy5361c-ed2b46a042a065abaa6071831468bfb1\">\n.flex_column.av-6fy5361c-ed2b46a042a065abaa6071831468bfb1{\nborder-radius:0px 0px 0px 0px;\npadding:0px 0px 0px 0px;\n}\n<\/style>\n<div  class='flex_column av-6fy5361c-ed2b46a042a065abaa6071831468bfb1 av_one_full  avia-builder-el-22  avia-builder-el-no-sibling  first flex_column_div av-zero-column-padding  '     ><section  class='av_textblock_section av-6dlnbkeo-4eb82114810010f3568b4872bedcc7ea '   itemscope=\"itemscope\" itemtype=\"https:\/\/schema.org\/BlogPosting\" itemprop=\"blogPost\" ><div class='avia_textblock'  itemprop=\"text\" ><h3>Bezahlung der Schwerverkehrsabgabe<\/h3>\n<p>Im Gegensatz zur Klebevignette m\u00fcssen Sie die Schwerverkehrsabgabe vor der Abreise bezahlen. Eine Bezahlung an den Grenz\u00fcberg\u00e4ngen ist nicht mehr m\u00f6glich. Die konkrete H\u00f6he der Abgabe h\u00e4ngt neben dem zul\u00e4ssigen Gesamtgewicht auch von den Emissionen des Fahrzeugs sowie der Aufenthaltsdauer ab. F\u00fcr Wohnmobile \u00fcber 3,5 Tonnen betr\u00e4gt sie f\u00fcr einen Aufenthalt von einem Monat maximal 58,50 CHF, die Mindestabgabe liegt bei 25,00 CHF.<\/p>\n<p>Wie die E-Vignette wird auch die Schwerverkehrsabgabe \u00fcber das <a href=\"https:\/\/via.admin.ch\/shop\/dashboard\" target=\"_blank\" rel=\"noopener\">Via Portal<\/a> gekauft. Im PSVA-Ticket-Konfigurator sind neben der Fahrzeugart (Wohnmobil) das Kontrollschild sowie die Laufzeit des Tickets anzugeben.<\/p>\n<\/div><\/section><\/div>\n\n<\/div><\/div><\/div><!-- close content main div --><\/div><\/div><div id='av_section_9'  class='avia-section av-6zdo83ps-833a827f0805eb8a10da9d293b32a660 main_color avia-section-default avia-no-border-styling  avia-builder-el-24  el_after_av_section  el_before_av_section  routes-breaker fullwidth_section avia-bg-style-scroll container_wrap sidebar_right'  ><div class='container av-section-cont-open' ><div class='template-page content  av-content-small alpha units'><div class='post-entry post-entry-type-page post-entry-115472'><div class='entry-content-wrapper clearfix'>\n<section  class='av_textblock_section av-mh4t5mgm-59ba94a9c1da0b9cd673557574619324 '   itemscope=\"itemscope\" itemtype=\"https:\/\/schema.org\/BlogPosting\" itemprop=\"blogPost\" ><div class='avia_textblock'  itemprop=\"text\" >\r\n<div class=\"flex_column av_one_full flex_column_div av-zero-column-padding first avia-builder-el-first\">\r\n    <section class=\"av_textblock_section \" itemscope=\"itemscope\"\r\n             itemtype=\"https:\/\/schema.org\/CreativeWork\">\r\n        <div class=\"avia_textblock\" itemprop=\"text\">\r\n            Die besten Routentipps        <\/div>\r\n    <\/section>\r\n    <div class=\"route-breaker-items\">\r\n                    <div class=\"route-breaker-item\">\r\n                <a href=\"https:\/\/www.tuicamper.com\/routen\/schweiz-routen\/zuerich-rundreise\/\">\r\n                                            <div\r\n                                class=\"route-breaker-item-thumbnail\"\r\n                                style=\"background-image: url(https:\/\/www.tuicamper.com\/wp-docker\/wp-content\/uploads\/2022\/11\/alpen-see-panorama-400x200.jpg);\"\r\n                        ><\/div>\r\n                                        <span>Z\u00fcrich Rundreise \u2013 Alpenpanoramen &#038; gro\u00dfe Seen<\/span>\r\n                <\/a>\r\n            <\/div>\r\n                    <div class=\"route-breaker-item\">\r\n                <a href=\"https:\/\/www.tuicamper.com\/routen\/schweiz-routen\/von-zuerich-in-die-romandie\/\">\r\n                                            <div\r\n                                class=\"route-breaker-item-thumbnail\"\r\n                                style=\"background-image: url(https:\/\/www.tuicamper.com\/wp-docker\/wp-content\/uploads\/2022\/04\/zuerich-panorama.jpg);\"\r\n                        ><\/div>\r\n                                        <span>Von Z\u00fcrich in die Romandie \u2013 Metropolen, Berge &#038; Seen<\/span>\r\n                <\/a>\r\n            <\/div>\r\n                    <div class=\"route-breaker-item\">\r\n                <a href=\"https:\/\/www.tuicamper.com\/routen\/frankreich-routen\/rundreise-atlantikkueste-suedfrankreich\/\">\r\n                                            <div\r\n                                class=\"route-breaker-item-thumbnail\"\r\n                                style=\"background-image: url(https:\/\/www.tuicamper.com\/wp-docker\/wp-content\/uploads\/2024\/10\/Biarritz-400x200.jpg);\"\r\n                        ><\/div>\r\n                                        <span>An der Atlantikk\u00fcste durch S\u00fcdfrankreich bis nach Biarritz und den Pyren\u00e4en<\/span>\r\n                <\/a>\r\n            <\/div>\r\n                    <\/div>\r\n            <div class=\"route-breaker-countries-footer mode-footer_inline\">\r\n            <div><p>Alle Routen f\u00fcr:<\/p><\/div>\r\n            <div>\r\n                                    <a href=\"https:\/\/www.tuicamper.com\/routen\/schweiz-routen\/\">\r\n                                                    <img decoding=\"async\" src=\"https:\/\/www.tuicamper.com\/wp-docker\/wp-content\/uploads\/2022\/04\/ch-circle.png\" alt=\"Schweiz\">\r\n                                                Schweiz                    <\/a>\r\n                                    <a href=\"https:\/\/www.tuicamper.com\/routen\/frankreich-routen\/\">\r\n                                                    <img decoding=\"async\" src=\"https:\/\/www.tuicamper.com\/wp-docker\/wp-content\/uploads\/2022\/04\/fr-circle.png\" alt=\"Frankreich\">\r\n                                                Frankreich                    <\/a>\r\n                            <\/div>\r\n        <\/div>\r\n                <div class=\"route-breaker-countries-footer mode-overview no-border\">\r\n            <p><i class=\"tui-cars-icon tuicars-icon-arrow-left\"><\/i><a href=\"https:\/\/www.tuicamper.com\/routen\/\">Zur Routen-\u00dcbersicht<\/a><\/p>\r\n        <\/div>\r\n    <\/div>\r\n\n<\/div><\/section>\n\n<\/div><\/div><\/div><!-- close content main div --><\/div><\/div><div id='av_section_10'  class='avia-section av-13o3tiq8-2ea3a375389676fabab05e971131f87c main_color avia-section-default avia-no-border-styling  avia-builder-el-26  el_after_av_section  el_before_av_section  reduced-content avia-bg-style-scroll container_wrap sidebar_right'  ><div class='container av-section-cont-open' ><div class='template-page content  av-content-small alpha units'><div class='post-entry post-entry-type-page post-entry-115472'><div class='entry-content-wrapper clearfix'>\n\n<style type=\"text\/css\" data-created_by=\"avia_inline_auto\" id=\"style-css-av-3f28xg0-308e057f82a754e04efa8fc908d5677d\">\n.flex_column.av-3f28xg0-308e057f82a754e04efa8fc908d5677d{\nborder-radius:0px 0px 0px 0px;\npadding:0px 0px 0px 0px;\n}\n<\/style>\n<div  class='flex_column av-3f28xg0-308e057f82a754e04efa8fc908d5677d av_one_full  avia-builder-el-27  avia-builder-el-no-sibling  first flex_column_div av-zero-column-padding  '     ><section  class='av_textblock_section av-ve94psg-45b185805534cea7e3989a2b8b174455 '   itemscope=\"itemscope\" itemtype=\"https:\/\/schema.org\/BlogPosting\" itemprop=\"blogPost\" ><div class='avia_textblock'  itemprop=\"text\" ><h2>Mautgeb\u00fchren f\u00fcr Tunnel<\/h2>\n<p>Neben der Vignette bzw. der Schwerverkehrsabgabe k\u00f6nnen weitere Mautgeb\u00fchren f\u00fcr Tunnel f\u00e4llig werden. Sondermautpflichtig sind etwa der Grosse St. Bernhard Stra\u00dfentunnel sowie der Munt-La-Schera Stra\u00dfentunnel. Beide Tunnel verbinden die Schweiz mit Italien \u2013 und sind damit vor allem f\u00fcr Wohnmobil-Reisende interessant, die auf ihrer Tour auch nach Italien wollen.<\/p>\n<ul>\n<li><strong>Grosser-St.-Bernhard-Tunnel<\/strong>: Um den knapp 5,8 Kilometer langen Tunnel nutzen zu d\u00fcrfen, werden f\u00fcr Wohnmobile derzeit 48,50 CHF (einfache Fahrt) f\u00e4llig.<\/li>\n<li><strong>Munt-la-Schera-Tunnel<\/strong>: Auch f\u00fcr die Nutzung des 3,5 Kilometer langen Munt-la-Schera-Tunnels wird eine Sondermaut f\u00e4llig. In den Sommermonaten sind die Preise g\u00fcnstiger als im Winter.<\/li>\n<\/ul>\n<p>Gut zu wissen: Neben den beiden Tunneln sind auch viele Alpen-Passstra\u00dfen sondermautpflichtig.<\/p>\n<\/div><\/section><\/div>\n\n<\/div><\/div><\/div><!-- close content main div --><\/div><\/div><div id='av_section_11'  class='avia-section av-11t3dzk-2c66038ac14f035236f34193af3e25de main_color avia-section-default avia-no-border-styling  avia-builder-el-29  el_after_av_section  el_before_av_section  reduced-content avia-bg-style-scroll container_wrap sidebar_right'  ><div class='container av-section-cont-open' ><div class='template-page content  av-content-small alpha units'><div class='post-entry post-entry-type-page post-entry-115472'><div class='entry-content-wrapper clearfix'>\n\n<style type=\"text\/css\" data-created_by=\"avia_inline_auto\" id=\"style-css-av-6p5tcb4-d92ee822d35f7783575c9ede613242a9\">\n.flex_column.av-6p5tcb4-d92ee822d35f7783575c9ede613242a9{\nborder-radius:0px 0px 0px 0px;\npadding:0px 0px 0px 0px;\n}\n<\/style>\n<div  class='flex_column av-6p5tcb4-d92ee822d35f7783575c9ede613242a9 av_one_full  avia-builder-el-30  avia-builder-el-no-sibling  first flex_column_div av-zero-column-padding  '     ><section  class='av_textblock_section av-mh4nxmez-987e900c395a0b148dc6617302650d66 '   itemscope=\"itemscope\" itemtype=\"https:\/\/schema.org\/BlogPosting\" itemprop=\"blogPost\" ><div class='avia_textblock'  itemprop=\"text\" ><h2>Autoverladung: Autoz\u00fcge mit dem Wohnmobil nutzen?<\/h2>\n<p>Mautgeb\u00fchren sind nicht die einzigen Kosten, die auf Sie zukommen k\u00f6nnen, wenn Sie mit dem Wohnmobil in der Schweiz unterwegs sind. Im Rahmen der Autoverladung etwa k\u00f6nnen Sie Zugstrecken durch Tunnel oder \u00fcber Bergp\u00e4sse nutzen. Dabei parken Sie auf speziellen Verladewagen. Vielerorts ist das auch mit dem Wohnmobil m\u00f6glich (auf Gr\u00f6\u00dfenbeschr\u00e4nkungen achten). Die meisten dieser Autoz\u00fcge k\u00f6nnen vor Ort bezahlt werden. H\u00e4ufig k\u00f6nnen Tickets jedoch auch im Vorfeld erworben werden.<\/p>\n<\/div><\/section><\/div>\n\n<\/div><\/div><\/div><!-- close content main div --><\/div><\/div><div id='av_section_12'  class='avia-section av-o8hmn80-7ea554badb5b0992b3ec681e51dafffc main_color avia-section-default avia-no-border-styling  avia-builder-el-32  el_after_av_section  avia-builder-el-last  reduced-content avia-bg-style-scroll container_wrap sidebar_right'  ><div class='container av-section-cont-open' ><div class='template-page content  av-content-small alpha units'><div class='post-entry post-entry-type-page post-entry-115472'><div class='entry-content-wrapper clearfix'>\n<div  class='avia-button-wrap av-ke5x3io-576a7eab53a07d6b895448678095290a-wrap avia-button-center  avia-builder-el-33  el_before_av_one_full  avia-builder-el-first '><a href='https:\/\/www.tuicamper.com\/reiseziele\/europa\/schweiz\/'  class='avia-button av-ke5x3io-576a7eab53a07d6b895448678095290a av-link-btn avia-icon_select-yes-right-icon avia-size-large avia-position-center avia-color-theme-color'   aria-label=\"Jetzt Wohnmobil mieten f\u00fcr Schweiz\"><span class='avia_iconbox_title' >Jetzt Wohnmobil mieten f\u00fcr Schweiz<\/span><span class='avia_button_icon avia_button_icon_right avia-iconfont avia-font-entypo-fontello' data-av_icon='\ue875' data-av_iconfont='entypo-fontello' ><\/span><\/a><\/div>\n\n<style type=\"text\/css\" data-created_by=\"avia_inline_auto\" id=\"style-css-av-el9qxjk-a111c998490bc3f97f2f7d67597185e6\">\n.flex_column.av-el9qxjk-a111c998490bc3f97f2f7d67597185e6{\nborder-radius:0px 0px 0px 0px;\npadding:0px 0px 0px 0px;\n}\n<\/style>\n<div  class='flex_column av-el9qxjk-a111c998490bc3f97f2f7d67597185e6 av_one_full  avia-builder-el-34  el_after_av_button  el_before_av_social_share  first flex_column_div av-zero-column-padding  '     ><style type=\"text\/css\" data-created_by=\"avia_inline_auto\" id=\"style-css-av-blzk0b4-9ba2784f8e5c055c36222af6636d3387\">\n#top .av_textblock_section.av-blzk0b4-9ba2784f8e5c055c36222af6636d3387 .avia_textblock{\nfont-size:28px;\n}\n<\/style>\n<section  class='av_textblock_section av-blzk0b4-9ba2784f8e5c055c36222af6636d3387 '   itemscope=\"itemscope\" itemtype=\"https:\/\/schema.org\/BlogPosting\" itemprop=\"blogPost\" ><div class='avia_textblock'  itemprop=\"text\" ><p><strong>Ihr TUI CAMPER-Team w\u00fcnscht Ihnen einen grandiosen Wohnmobil-Urlaub in der Schweiz!<\/strong><\/p>\n<\/div><\/section><\/div><div  class='av-social-sharing-box av-7ultma8-9a512b0142869660fb9c974aa28e33f9 av-social-sharing-box-default  avia-builder-el-36  el_after_av_one_full  avia-builder-el-last  av-social-sharing-box-fullwidth'><div class=\"av-share-box\"><ul class=\"av-share-box-list noLightbox\"><li class='av-share-link av-social-link-facebook avia_social_iconfont' ><a target=\"_blank\" aria-label=\"Teilen auf Facebook\" href='https:\/\/www.facebook.com\/sharer.php?u=https:\/\/www.tuicamper.com\/magazin\/maut-in-der-schweiz-fuer-wohnmobile-alle-infos\/&#038;t=Maut%20in%20der%20Schweiz%20f%C3%BCr%20Wohnmobile%3A%20Alle%20Infos' data-av_icon='\ue8f3' data-av_iconfont='entypo-fontello'  title='' data-avia-related-tooltip='Teilen auf Facebook'><span class='avia_hidden_link_text'>Teilen auf Facebook<\/span><\/a><\/li><li class='av-share-link av-social-link-twitter avia_social_iconfont' ><a target=\"_blank\" aria-label=\"Teilen auf X\" href='https:\/\/twitter.com\/share?text=Maut%20in%20der%20Schweiz%20f%C3%BCr%20Wohnmobile%3A%20Alle%20Infos&#038;url=https:\/\/www.tuicamper.com\/magazin\/maut-in-der-schweiz-fuer-wohnmobile-alle-infos\/' data-av_icon='\ue932' data-av_iconfont='entypo-fontello'  title='' data-avia-related-tooltip='Teilen auf X'><span class='avia_hidden_link_text'>Teilen auf X<\/span><\/a><\/li><li class='av-share-link av-social-link-whatsapp avia_social_iconfont' ><a target=\"_blank\" aria-label=\"Teilen auf WhatsApp\" href='https:\/\/api.whatsapp.com\/send?text=https:\/\/www.tuicamper.com\/magazin\/maut-in-der-schweiz-fuer-wohnmobile-alle-infos\/' data-av_icon='\uf232' data-av_iconfont='entypo-fontello'  title='' data-avia-related-tooltip='Teilen auf WhatsApp'><span class='avia_hidden_link_text'>Teilen auf WhatsApp<\/span><\/a><\/li><li class='av-share-link av-social-link-pinterest avia_social_iconfont' ><a target=\"_blank\" aria-label=\"Teilen auf Pinterest\" href='https:\/\/pinterest.com\/pin\/create\/button\/?url=https%3A%2F%2Fwww.tuicamper.com%2Fmagazin%2Fmaut-in-der-schweiz-fuer-wohnmobile-alle-infos%2F&#038;description=Maut%20in%20der%20Schweiz%20f%C3%BCr%20Wohnmobile%3A%20Alle%20Infos&#038;media=https%3A%2F%2Fwww.tuicamper.com%2Fwp-docker%2Fwp-content%2Fuploads%2F2025%2F10%2Fschweiz-maut-header-705x271.jpg' data-av_icon='\ue8f8' data-av_iconfont='entypo-fontello'  title='' data-avia-related-tooltip='Teilen auf Pinterest'><span class='avia_hidden_link_text'>Teilen auf Pinterest<\/span><\/a><\/li><li class='av-share-link av-social-link-mail avia_social_iconfont' ><a  aria-label=\"Per E-Mail teilen\" href='mailto:?subject=Maut%20in%20der%20Schweiz%20f%C3%BCr%20Wohnmobile%3A%20Alle%20Infos&#038;body=https:\/\/www.tuicamper.com\/magazin\/maut-in-der-schweiz-fuer-wohnmobile-alle-infos\/' data-av_icon='\ue805' data-av_iconfont='entypo-fontello'  title='' data-avia-related-tooltip='Per E-Mail teilen'><span class='avia_hidden_link_text'>Per E-Mail teilen<\/span><\/a><\/li><\/ul><\/div><\/div>\n<\/div><\/div><\/div><!-- close content main div --><\/div><\/div><div id='after_section_12'  class='main_color av_default_container_wrap container_wrap sidebar_right'  ><div class='container av-section-cont-open' ><div class='template-page content  av-content-small alpha units'><div class='post-entry post-entry-type-page post-entry-115472'><div class='entry-content-wrapper clearfix'>\n","protected":false},"excerpt":{"rendered":"<p>Die Autobahnen in der Schweiz sind mautpflichtig. Wir verraten Ihnen, welche Regelungen f\u00fcr Wohnmobile gelten und zeigen Ihnen, worauf Sie achten m\u00fcssen!<\/p>\n","protected":false},"author":5,"featured_media":115475,"comment_status":"open","ping_status":"open","sticky":false,"template":"","format":"standard","meta":{"footnotes":""},"categories":[8],"tags":[75,37],"class_list":["post-115472","post","type-post","status-publish","format-standard","has-post-thumbnail","hentry","category-reiselaender","tag-schweiz","tag-verkehr"],"yoast_head":"<!-- This site is optimized with the Yoast SEO plugin v27.4 - https:\/\/yoast.com\/product\/yoast-seo-wordpress\/ -->\n<title>Maut in der Schweiz f\u00fcr Wohnmobile: Alle Infos - TUI CAMPER<\/title>\n<meta name=\"description\" content=\"F\u00fcr wen gilt die Vignette? Wo kaufe ich sie? Wann wird f\u00fcr Wohnmobile eine Schwerverkehrsabgabe f\u00e4llig? Lesen Sie jetzt die Antworten!\" \/>\n<meta name=\"robots\" content=\"index, follow, max-snippet:-1, max-image-preview:large, max-video-preview:-1\" \/>\n<link rel=\"canonical\" href=\"https:\/\/www.tuicamper.com\/magazin\/maut-in-der-schweiz-fuer-wohnmobile-alle-infos\/\" \/>\n<meta property=\"og:locale\" content=\"de_DE\" \/>\n<meta property=\"og:type\" content=\"article\" \/>\n<meta property=\"og:title\" content=\"Maut in der Schweiz f\u00fcr Wohnmobile: Alle Infos - TUI CAMPER\" \/>\n<meta property=\"og:description\" content=\"F\u00fcr wen gilt die Vignette? Wo kaufe ich sie? Wann wird f\u00fcr Wohnmobile eine Schwerverkehrsabgabe f\u00e4llig? Lesen Sie jetzt die Antworten!\" \/>\n<meta property=\"og:url\" content=\"https:\/\/www.tuicamper.com\/magazin\/maut-in-der-schweiz-fuer-wohnmobile-alle-infos\/\" \/>\n<meta property=\"og:site_name\" content=\"TUI Camper Magazin\" \/>\n<meta property=\"article:published_time\" content=\"2025-10-24T12:11:28+00:00\" \/>\n<meta property=\"og:image\" content=\"https:\/\/www.tuicamper.com\/wp-docker\/wp-content\/uploads\/2025\/10\/schweiz-maut-header.jpg\" \/>\n\t<meta property=\"og:image:width\" content=\"1280\" \/>\n\t<meta property=\"og:image:height\" content=\"492\" \/>\n\t<meta property=\"og:image:type\" content=\"image\/jpeg\" \/>\n<meta name=\"author\" content=\"Olli\" \/>\n<meta name=\"twitter:card\" content=\"summary_large_image\" \/>\n<meta name=\"twitter:label1\" content=\"Verfasst von\" \/>\n\t<meta name=\"twitter:data1\" content=\"Olli\" \/>\n\t<meta name=\"twitter:label2\" content=\"Gesch\u00e4tzte Lesezeit\" \/>\n\t<meta name=\"twitter:data2\" content=\"6\u00a0Minuten\" \/>\n<!-- \/ Yoast SEO plugin. -->","yoast_head_json":{"title":"Maut in der Schweiz f\u00fcr Wohnmobile: Alle Infos - TUI CAMPER","description":"F\u00fcr wen gilt die Vignette? Wo kaufe ich sie? Wann wird f\u00fcr Wohnmobile eine Schwerverkehrsabgabe f\u00e4llig? Lesen Sie jetzt die Antworten!","robots":{"index":"index","follow":"follow","max-snippet":"max-snippet:-1","max-image-preview":"max-image-preview:large","max-video-preview":"max-video-preview:-1"},"canonical":"https:\/\/www.tuicamper.com\/magazin\/maut-in-der-schweiz-fuer-wohnmobile-alle-infos\/","og_locale":"de_DE","og_type":"article","og_title":"Maut in der Schweiz f\u00fcr Wohnmobile: Alle Infos - TUI CAMPER","og_description":"F\u00fcr wen gilt die Vignette? Wo kaufe ich sie? Wann wird f\u00fcr Wohnmobile eine Schwerverkehrsabgabe f\u00e4llig? Lesen Sie jetzt die Antworten!","og_url":"https:\/\/www.tuicamper.com\/magazin\/maut-in-der-schweiz-fuer-wohnmobile-alle-infos\/","og_site_name":"TUI Camper Magazin","article_published_time":"2025-10-24T12:11:28+00:00","og_image":[{"width":1280,"height":492,"url":"https:\/\/www.tuicamper.com\/wp-docker\/wp-content\/uploads\/2025\/10\/schweiz-maut-header.jpg","type":"image\/jpeg"}],"author":"Olli","twitter_card":"summary_large_image","twitter_misc":{"Verfasst von":"Olli","Gesch\u00e4tzte Lesezeit":"6\u00a0Minuten"},"schema":{"@context":"https:\/\/schema.org","@graph":[{"@type":"Article","@id":"https:\/\/www.tuicamper.com\/magazin\/maut-in-der-schweiz-fuer-wohnmobile-alle-infos\/#article","isPartOf":{"@id":"https:\/\/www.tuicamper.com\/magazin\/maut-in-der-schweiz-fuer-wohnmobile-alle-infos\/"},"author":{"name":"Olli","@id":"https:\/\/www.tuicamper.com\/wp-docker\/#\/schema\/person\/98975e733813f701672fd75ef9df8b69"},"headline":"Maut in der Schweiz f\u00fcr Wohnmobile: Alle Infos","datePublished":"2025-10-24T12:11:28+00:00","mainEntityOfPage":{"@id":"https:\/\/www.tuicamper.com\/magazin\/maut-in-der-schweiz-fuer-wohnmobile-alle-infos\/"},"wordCount":4803,"commentCount":0,"image":{"@id":"https:\/\/www.tuicamper.com\/magazin\/maut-in-der-schweiz-fuer-wohnmobile-alle-infos\/#primaryimage"},"thumbnailUrl":"https:\/\/www.tuicamper.com\/wp-docker\/wp-content\/uploads\/2025\/10\/schweiz-maut-header.jpg","keywords":["Schweiz","Verkehr"],"articleSection":["Reisel\u00e4nder"],"inLanguage":"de","potentialAction":[{"@type":"CommentAction","name":"Comment","target":["https:\/\/www.tuicamper.com\/magazin\/maut-in-der-schweiz-fuer-wohnmobile-alle-infos\/#respond"]}]},{"@type":"WebPage","@id":"https:\/\/www.tuicamper.com\/magazin\/maut-in-der-schweiz-fuer-wohnmobile-alle-infos\/","url":"https:\/\/www.tuicamper.com\/magazin\/maut-in-der-schweiz-fuer-wohnmobile-alle-infos\/","name":"Maut in der Schweiz f\u00fcr Wohnmobile: Alle Infos - TUI CAMPER","isPartOf":{"@id":"https:\/\/www.tuicamper.com\/#website"},"primaryImageOfPage":{"@id":"https:\/\/www.tuicamper.com\/magazin\/maut-in-der-schweiz-fuer-wohnmobile-alle-infos\/#primaryimage"},"image":{"@id":"https:\/\/www.tuicamper.com\/magazin\/maut-in-der-schweiz-fuer-wohnmobile-alle-infos\/#primaryimage"},"thumbnailUrl":"https:\/\/www.tuicamper.com\/wp-content\/uploads\/2025\/10\/schweiz-maut-header.jpg","datePublished":"2025-10-24T12:11:28+00:00","author":{"@id":"https:\/\/www.tuicamper.com\/#\/schema\/person\/98975e733813f701672fd75ef9df8b69"},"description":"F\u00fcr wen gilt die Vignette? Wo kaufe ich sie? Wann wird f\u00fcr Wohnmobile eine Schwerverkehrsabgabe f\u00e4llig? Lesen Sie jetzt die Antworten!","breadcrumb":{"@id":"https:\/\/www.tuicamper.com\/magazin\/maut-in-der-schweiz-fuer-wohnmobile-alle-infos\/#breadcrumb"},"inLanguage":"de","potentialAction":["Array"]},{"@type":"ImageObject","inLanguage":"de","@id":"https:\/\/www.tuicamper.com\/magazin\/maut-in-der-schweiz-fuer-wohnmobile-alle-infos\/#primaryimage","url":"https:\/\/www.tuicamper.com\/wp-docker\/wp-content\/uploads\/2025\/10\/schweiz-maut-header.jpg","contentUrl":"https:\/\/www.tuicamper.com\/wp-docker\/wp-content\/uploads\/2025\/10\/schweiz-maut-header.jpg","width":1280,"height":492},{"@type":"BreadcrumbList","@id":"https:\/\/www.tuicamper.com\/magazin\/maut-in-der-schweiz-fuer-wohnmobile-alle-infos\/#breadcrumb","itemListElement":[{"@type":"ListItem","position":1,"name":"Startseite","item":"https:\/\/www.tuicamper.com\/wp-docker\/"},{"@type":"ListItem","position":2,"name":"Maut in der Schweiz f\u00fcr Wohnmobile: Alle Infos"}]},{"@type":"WebSite","@id":"https:\/\/www.tuicamper.com\/#website","url":"https:\/\/www.tuicamper.com\/","name":"TUI Camper Magazin","description":"","potentialAction":["Array"],"inLanguage":"de"},{"@type":"Person","@id":"https:\/\/www.tuicamper.com\/wp-docker\/#\/schema\/person\/98975e733813f701672fd75ef9df8b69","name":"Olli","image":{"@type":"ImageObject","inLanguage":"de","@id":"https:\/\/secure.gravatar.com\/avatar\/4529b17b9a4dec34d38f705f89e1db8c906d30537b64d795d775d528c07951ff?s=96&d=mm&r=g","url":"https:\/\/secure.gravatar.com\/avatar\/4529b17b9a4dec34d38f705f89e1db8c906d30537b64d795d775d528c07951ff?s=96&d=mm&r=g","contentUrl":"https:\/\/secure.gravatar.com\/avatar\/4529b17b9a4dec34d38f705f89e1db8c906d30537b64d795d775d528c07951ff?s=96&d=mm&r=g","caption":"Olli"},"url":"https:\/\/www.tuicamper.com\/wp-docker\/magazin\/author\/olli\/"}]}},"_links":{"self":[{"href":"https:\/\/www.tuicamper.com\/wp-docker\/wp-json\/wp\/v2\/posts\/115472","targetHints":{"allow":["GET"]}}],"collection":[{"href":"https:\/\/www.tuicamper.com\/wp-docker\/wp-json\/wp\/v2\/posts"}],"about":[{"href":"https:\/\/www.tuicamper.com\/wp-docker\/wp-json\/wp\/v2\/types\/post"}],"author":[{"embeddable":true,"href":"https:\/\/www.tuicamper.com\/wp-docker\/wp-json\/wp\/v2\/users\/5"}],"replies":[{"embeddable":true,"href":"https:\/\/www.tuicamper.com\/wp-docker\/wp-json\/wp\/v2\/comments?post=115472"}],"version-history":[{"count":11,"href":"https:\/\/www.tuicamper.com\/wp-docker\/wp-json\/wp\/v2\/posts\/115472\/revisions"}],"predecessor-version":[{"id":115490,"href":"https:\/\/www.tuicamper.com\/wp-docker\/wp-json\/wp\/v2\/posts\/115472\/revisions\/115490"}],"wp:featuredmedia":[{"embeddable":true,"href":"https:\/\/www.tuicamper.com\/wp-docker\/wp-json\/wp\/v2\/media\/115475"}],"wp:attachment":[{"href":"https:\/\/www.tuicamper.com\/wp-docker\/wp-json\/wp\/v2\/media?parent=115472"}],"wp:term":[{"taxonomy":"category","embeddable":true,"href":"https:\/\/www.tuicamper.com\/wp-docker\/wp-json\/wp\/v2\/categories?post=115472"},{"taxonomy":"post_tag","embeddable":true,"href":"https:\/\/www.tuicamper.com\/wp-docker\/wp-json\/wp\/v2\/tags?post=115472"}],"curies":[{"name":"wp","href":"https:\/\/api.w.org\/{rel}","templated":true}]}}