{"id":114982,"date":"2025-10-20T11:45:31","date_gmt":"2025-10-20T09:45:31","guid":{"rendered":"https:\/\/www.tuicamper.com\/?p=114982"},"modified":"2025-10-20T13:10:13","modified_gmt":"2025-10-20T11:10:13","slug":"minicamping-tipps-zu-kleinen-campingplaetzen","status":"publish","type":"post","link":"https:\/\/www.tuicamper.com\/magazin\/minicamping-tipps-zu-kleinen-campingplaetzen\/","title":{"rendered":"Minicamping: Infos, Tipps &#038; Empfehlungen zu kleinen Campingpl\u00e4tzen"},"content":{"rendered":"<div id='av_section_1'  class='avia-section av-9jhamk6e-9a39e7f30105b7600b23b93952940606 main_color avia-section-default avia-no-border-styling  avia-builder-el-0  el_before_av_textblock  avia-builder-el-first  reduced-content avia-bg-style-scroll container_wrap sidebar_right'  ><div class='container av-section-cont-open' ><main  role=\"main\" itemprop=\"mainContentOfPage\"  class='template-page content  av-content-small alpha units'><div class='post-entry post-entry-type-page post-entry-114982'><div class='entry-content-wrapper clearfix'>\n\n<style type=\"text\/css\" data-created_by=\"avia_inline_auto\" id=\"style-css-av-9fqnoodi-63adecfebdf9898de735d1c26f001298\">\n.flex_column.av-9fqnoodi-63adecfebdf9898de735d1c26f001298{\nborder-radius:0px 0px 0px 0px;\npadding:0px 0px 0px 0px;\n}\n<\/style>\n<div  class='flex_column av-9fqnoodi-63adecfebdf9898de735d1c26f001298 av_one_full  avia-builder-el-1  avia-builder-el-no-sibling  first flex_column_div av-zero-column-padding  '     ><section  class='av_textblock_section av-mgux6dro-85c30a8574348e5acab039424f5a7605 '   itemscope=\"itemscope\" itemtype=\"https:\/\/schema.org\/BlogPosting\" itemprop=\"blogPost\" ><div class='avia_textblock'  itemprop=\"text\" ><p>Am Morgen werden Sie vom Zwitschern der V\u00f6gel geweckt. Zur Mittagszeit wandern Sie durch unber\u00fchrte Naturlandschaften und entdecken dabei immer wieder neue idyllische Pl\u00e4tze, die Sie ganz f\u00fcr sich allein haben. Nachts tauschen Sie Abenteuergeschichten mit einem Camper-P\u00e4rchen aus. Und beim Blick nach oben f\u00e4llt Ihr Blick \u2013 fernab der st\u00e4dtischen Lichtverschmutzung \u2013 direkt in die Milchstra\u00dfe. Ein derart naturnahes, intensives Camping-Erlebnis ist ganz nach Ihrem Geschmack? Dann ist Minicamping genau das Richtige. Wir zeigen Ihnen, was hinter dem Trend steckt und geben Ihnen wertvolle Tipps und Tricks rund um Minicampingpl\u00e4tze an die Hand \u2013 inkl. Campingplatz-Empfehlungen.<\/p>\n<\/div><\/section><\/div>\n<\/div><\/div><\/main><!-- close content main element --><\/div><\/div><div id='after_section_1'  class='main_color av_default_container_wrap container_wrap sidebar_right'  ><div class='container av-section-cont-open' ><div class='template-page content  av-content-small alpha units'><div class='post-entry post-entry-type-page post-entry-114982'><div class='entry-content-wrapper clearfix'>\n<section  class='av_textblock_section av-9acauj52-6e9b1e5dab63f909952c26ad3118b29a '   itemscope=\"itemscope\" itemtype=\"https:\/\/schema.org\/BlogPosting\" itemprop=\"blogPost\" ><div class='avia_textblock'  itemprop=\"text\" >\n<\/div><\/section>\n<\/div><\/div><\/div><!-- close content main div --><\/div><\/div><div id='av_section_2'  class='avia-section av-95di9a5i-2f0ea1bf62b60e3ede8190ad8e04ec0d main_color avia-section-default avia-no-border-styling  avia-builder-el-4  el_after_av_textblock  el_before_av_section  reduced-content avia-bg-style-scroll container_wrap sidebar_right'  ><div class='container av-section-cont-open' ><div class='template-page content  av-content-small alpha units'><div class='post-entry post-entry-type-page post-entry-114982'><div class='entry-content-wrapper clearfix'>\n<section  class='av_textblock_section av-9188erza-4727bfdbaebc6b72fcc73666955112e0 '   itemscope=\"itemscope\" itemtype=\"https:\/\/schema.org\/BlogPosting\" itemprop=\"blogPost\" ><div class='avia_textblock'  itemprop=\"text\" ><div id=\"js-table-of-contents\">\r\n    <strong>Inhaltsverzeichnis<\/strong>\r\n<\/div>\n<\/div><\/section>\n\n<\/div><\/div><\/div><!-- close content main div --><\/div><\/div><div id='av_section_3'  class='avia-section av-8v9cpp0m-4849110aa09b79c43d3cfeba743c0bb1 main_color avia-section-default avia-no-border-styling  avia-builder-el-6  el_after_av_section  el_before_av_section  reduced-content avia-bg-style-scroll container_wrap sidebar_right'  ><div class='container av-section-cont-open' ><div class='template-page content  av-content-small alpha units'><div class='post-entry post-entry-type-page post-entry-114982'><div class='entry-content-wrapper clearfix'>\n\n<style type=\"text\/css\" data-created_by=\"avia_inline_auto\" id=\"style-css-av-8rfwk4di-863db33ca4f96b03b5153b29cae45d1e\">\n.flex_column.av-8rfwk4di-863db33ca4f96b03b5153b29cae45d1e{\nborder-radius:0px 0px 0px 0px;\npadding:0px 0px 0px 0px;\n}\n<\/style>\n<div  class='flex_column av-8rfwk4di-863db33ca4f96b03b5153b29cae45d1e av_one_full  avia-builder-el-7  avia-builder-el-no-sibling  first flex_column_div av-zero-column-padding  '     ><section  class='av_textblock_section av-8o835izq-44df5b9f4ebb07d318d7b2d1e8eaedc3 '   itemscope=\"itemscope\" itemtype=\"https:\/\/schema.org\/BlogPosting\" itemprop=\"blogPost\" ><div class='avia_textblock'  itemprop=\"text\" ><h2>Was ist Minicamping?<\/h2>\n<p>So viel vorweg: Eine allgemeing\u00fcltige, trennscharfe Definition von \u201eMinicamping\u201c gibt es nicht. Trotzdem ist fast jedem Camper und Platzbetreiber klar, was damit gemeint ist. So handelt es sich um einen kleinen Campingplatz, der eine ganze Reihe bestimmter Eigenschaften hat. Campingpl\u00e4tze, die sich mit dem Label \u201eMinicamping\u201c schm\u00fccken, zeichnen sich in der Regel durch folgende Kriterien aus:<\/p>\n<ul>\n<li><strong>Wenige Stellpl\u00e4tze<\/strong>: Die Zahl der Stellpl\u00e4tze ist eines der wichtigsten Merkmale eines Minicampingplatzes. Als Faustregel gilt: Besitzt eine Anlage maximal 30 Stellpl\u00e4tze (oft weniger), kann von Minicamping gesprochen werden.<\/li>\n<li><strong>Naturnahe Lage<\/strong>: Sei es idyllisch an einem See oder Fluss, am Waldrand oder in einem Nationalpark: Die kleinen Campingpl\u00e4tze befinden sich meist mitten in der Natur in einer ruhigen Umgebung.<\/li>\n<li><strong>Famili\u00e4re Atmosph\u00e4re<\/strong>: Da die Parzellen h\u00e4ufig sehr gro\u00dfz\u00fcgig bemessen sind, r\u00fcckt man sich beim Minicamping zwar nicht auf die Pelle. Ins Gespr\u00e4ch kommt man aber trotzdem \u2013 sei es beim gemeinsamen Angeln oder bei einem abendlichen Gespr\u00e4ch am Lagerfeuer. Denn im Gegensatz zu gr\u00f6\u00dferen Campingpl\u00e4tzen herrscht hier eine pers\u00f6nliche, fast famili\u00e4re Atmosph\u00e4re.<\/li>\n<li><strong>Private Betreiber<\/strong>: Sehr viele Minicampingpl\u00e4tze werden von privaten Betreibern gef\u00fchrt oder befinden sich seit Generationen in Familienbesitz. Die Leidenschaft f\u00fcrs Camping ist bei den Betreibern dabei fast immer sp\u00fcrbar \u2013 und zeigt sich in Form einer besonders herzlichen Gastfreundschaft.<\/li>\n<li><strong>Begrenzte Ausstattung<\/strong>: Schwimmb\u00e4der, Tennispl\u00e4tze, Restaurants, kleine Superm\u00e4rkte: W\u00e4hrend gro\u00dfe Campingpl\u00e4tze oft keine W\u00fcnsche offenlassen, sucht man Annehmlichkeiten wie diese beim Minicamping vergeblich. Hier bleibt alles auf das Wesentliche reduziert. Oft gibt es lediglich Wasser- und Stromanschl\u00fcsse sowie Sanit\u00e4ranlagen. Eben ganz im Sinne eines reizarmen, naturnahen Camping-Erlebnisses.<\/li>\n<\/ul>\n<p>Grunds\u00e4tzlich gilt au\u00dferdem: Minicampingpl\u00e4tze passen sich ganz nat\u00fcrlich ihrer Umgebung an \u2013 ohne dabei die Natur zu ver\u00e4ndern oder gar zu zerst\u00f6ren. <strong>Nachhaltigkeit<\/strong> wird hier gro\u00dfgeschrieben.<\/p>\n<\/div><\/section><\/div>\n\n<\/div><\/div><\/div><!-- close content main div --><\/div><\/div><div id='av_section_4'  class='avia-section av-8gnvalpi-1e726b562856b0fa596261b34d2e9cc3 main_color avia-section-default avia-no-border-styling  avia-builder-el-9  el_after_av_section  el_before_av_section  reduced-content avia-bg-style-scroll container_wrap sidebar_right'  ><div class='container av-section-cont-open' ><div class='template-page content  av-content-small alpha units'><div class='post-entry post-entry-type-page post-entry-114982'><div class='entry-content-wrapper clearfix'>\n\n<style type=\"text\/css\" data-created_by=\"avia_inline_auto\" id=\"style-css-av-8d9fqmcm-f05f7c384c1cdf587ed6596fd043ddcb\">\n.avia-image-container.av-8d9fqmcm-f05f7c384c1cdf587ed6596fd043ddcb img.avia_image{\nbox-shadow:none;\n}\n.avia-image-container.av-8d9fqmcm-f05f7c384c1cdf587ed6596fd043ddcb .av-caption-image-overlay-bg{\nopacity:0.4;\nbackground-color:#000000;\n}\n.avia-image-container.av-8d9fqmcm-f05f7c384c1cdf587ed6596fd043ddcb .av-image-caption-overlay-center{\ncolor:#ffffff;\n}\n<\/style>\n<div  class='avia-image-container av-8d9fqmcm-f05f7c384c1cdf587ed6596fd043ddcb av-styling- av-img-linked avia_animated_image av-animated-when-visible-95 fade-in avia-align-center  avia-builder-el-10  el_before_av_hr  avia-builder-el-first  noHover av-overlay-on-hover'   itemprop=\"image\" itemscope=\"itemscope\" itemtype=\"https:\/\/schema.org\/ImageObject\" ><div class=\"avia-image-container-inner\"><div class=\"avia-image-overlay-wrap\"><a href=\"https:\/\/www.tuicamper.com\/wp-docker\/wp-content\/uploads\/2025\/10\/minicamping-sternenhimmel-1030x644.jpg\" data-srcset=\"https:\/\/www.tuicamper.com\/wp-docker\/wp-content\/uploads\/2025\/10\/minicamping-sternenhimmel-1030x644.jpg 1030w, https:\/\/www.tuicamper.com\/wp-docker\/wp-content\/uploads\/2025\/10\/minicamping-sternenhimmel-300x188.jpg 300w, https:\/\/www.tuicamper.com\/wp-docker\/wp-content\/uploads\/2025\/10\/minicamping-sternenhimmel-768x480.jpg 768w, https:\/\/www.tuicamper.com\/wp-docker\/wp-content\/uploads\/2025\/10\/minicamping-sternenhimmel-705x441.jpg 705w, https:\/\/www.tuicamper.com\/wp-docker\/wp-content\/uploads\/2025\/10\/minicamping-sternenhimmel.jpg 1440w\" data-sizes=\"(max-width: 1030px) 100vw, 1030px\" class='avia_image '  aria-label='Camping unterm  Sternenhimmel'><div class=\"av-image-caption-overlay\"><div class=\"av-caption-image-overlay-bg\"><\/div><div class=\"av-image-caption-overlay-position\"><div class=\"av-image-caption-overlay-center\"><p>Camping unterm Sternenhimmel<\/p>\n<\/div><\/div><\/div><img decoding=\"async\" fetchpriority=\"high\" class='wp-image-114997 avia-img-lazy-loading-not-114997 avia_image ' src=\"https:\/\/www.tuicamper.com\/wp-docker\/wp-content\/uploads\/2025\/10\/minicamping-sternenhimmel-845x684.jpg\" alt='' title='Camping unterm  Sternenhimmel'  height=\"684\" width=\"845\"  itemprop=\"thumbnailUrl\" srcset=\"https:\/\/www.tuicamper.com\/wp-docker\/wp-content\/uploads\/2025\/10\/minicamping-sternenhimmel-845x684.jpg 845w, https:\/\/www.tuicamper.com\/wp-docker\/wp-content\/uploads\/2025\/10\/minicamping-sternenhimmel-495x400.jpg 495w\" sizes=\"(max-width: 845px) 100vw, 845px\" \/><\/a><\/div><\/div><\/div>\n\n<style type=\"text\/css\" data-created_by=\"avia_inline_auto\" id=\"style-css-av-86n6s1ly-67b152e7eb4fd97c505861cb1cd27a51\">\n#top .hr.hr-invisible.av-86n6s1ly-67b152e7eb4fd97c505861cb1cd27a51{\nheight:25px;\n}\n<\/style>\n<div  class='hr av-86n6s1ly-67b152e7eb4fd97c505861cb1cd27a51 hr-invisible  avia-builder-el-11  el_after_av_image  avia-builder-el-last '><span class='hr-inner '><span class=\"hr-inner-style\"><\/span><\/span><\/div>\n\n<\/div><\/div><\/div><!-- close content main div --><\/div><\/div><div id='av_section_5'  class='avia-section av-t2s9zae-6753c23bcb7acb3033506f32dd083915 main_color avia-section-default avia-no-border-styling  avia-builder-el-12  el_after_av_section  el_before_av_section  reduced-content avia-bg-style-scroll container_wrap sidebar_right'  ><div class='container av-section-cont-open' ><div class='template-page content  av-content-small alpha units'><div class='post-entry post-entry-type-page post-entry-114982'><div class='entry-content-wrapper clearfix'>\n\n<style type=\"text\/css\" data-created_by=\"avia_inline_auto\" id=\"style-css-av-807irzmu-4d89ca695351e3b8422f5bccdbcd885b\">\n.flex_column.av-807irzmu-4d89ca695351e3b8422f5bccdbcd885b{\nborder-radius:0px 0px 0px 0px;\npadding:0px 0px 0px 0px;\n}\n<\/style>\n<div  class='flex_column av-807irzmu-4d89ca695351e3b8422f5bccdbcd885b av_one_full  avia-builder-el-13  el_before_av_codeblock  avia-builder-el-first  first flex_column_div av-zero-column-padding  '     ><section  class='av_textblock_section av-s8c6yli-65ae95930cd075c0cae5ddbcb4d3183a '   itemscope=\"itemscope\" itemtype=\"https:\/\/schema.org\/BlogPosting\" itemprop=\"blogPost\" ><div class='avia_textblock'  itemprop=\"text\" ><h2>5 der sch\u00f6nsten Minicampingpl\u00e4tze im Kurzportr\u00e4t<\/h2>\n<p>Idyllische Minicampingpl\u00e4tze gibt es in ganz Europa. Wir stellen Ihnen 5 kleine Campinganlagen vor, in denen sich ein Camping-Urlaub lohnt:<\/p>\n<\/div><\/section><\/div>\n\n<\/div><\/div><\/div><!-- close content main div --><\/div><\/div><div id='av_section_6'  class='avia-section av-7ari6xba-000650140d6e981d2bd4bb330516598c main_color avia-section-default avia-no-border-styling  avia-builder-el-16  el_after_av_section  el_before_av_section  reduced-content avia-bg-style-scroll container_wrap sidebar_right'  ><div class='container av-section-cont-open' ><div class='template-page content  av-content-small alpha units'><div class='post-entry post-entry-type-page post-entry-114982'><div class='entry-content-wrapper clearfix'>\n\n<style type=\"text\/css\" data-created_by=\"avia_inline_auto\" id=\"style-css-av-q4443fq-d23d6722ad9fb99d300d4b5abfd0ada9\">\n.flex_column.av-q4443fq-d23d6722ad9fb99d300d4b5abfd0ada9{\nborder-radius:0px 0px 0px 0px;\npadding:0px 0px 0px 0px;\n}\n<\/style>\n<div  class='flex_column av-q4443fq-d23d6722ad9fb99d300d4b5abfd0ada9 av_one_full  avia-builder-el-17  avia-builder-el-no-sibling  first flex_column_div av-zero-column-padding  '     ><section  class='av_textblock_section av-72sehvl2-f811da5b6d82bdefe54c69ab08040062 '   itemscope=\"itemscope\" itemtype=\"https:\/\/schema.org\/BlogPosting\" itemprop=\"blogPost\" ><div class='avia_textblock'  itemprop=\"text\" ><h3>1.) Bergoase S\u00e4chsische Schweiz<\/h3>\n<p>Mit gerade mal 11 Wohnmobilstellpl\u00e4tzen f\u00e4llt der <a href=\"https:\/\/www.berg-oase.de\/\" target=\"_blank\" rel=\"noopener\">Campingplatz Bergoase<\/a> klar in die Kategorie \u201eMinicamping\u201c. Zumal vor Ort eine pers\u00f6nliche, fast famili\u00e4re Atmosph\u00e4re herrscht. Wirklich gro\u00dfartig ist die Aussicht, die sich auf dem von Wald umgebenen Panorama-Campingplatz bietet. So schraubt sich am Horizont das Elbsandsteingebirge der <a href=\"https:\/\/www.tuicamper.com\/magazin\/saechsische-schweiz\/\">S\u00e4chsischen Schweiz<\/a> majest\u00e4tisch in den Himmel \u2013 und macht Lust auf Wanderungen durch den gleichnamigen Nationalpark. Ein Preis von knapp 15 Euro (Stand: Mai 2025) pro Nacht f\u00fcr einen Wohnmobil-Stellplatz erscheint unter diesem Hintergrund mehr als fair.<\/p>\n<\/div><\/section><\/div>\n\n<\/div><\/div><\/div><!-- close content main div --><\/div><\/div><div id='av_section_7'  class='avia-section av-f6u4606-d858882ddcb6e6d7e562940aac747364 main_color avia-section-default avia-no-border-styling  avia-builder-el-19  el_after_av_section  el_before_av_section  reduced-content avia-bg-style-scroll container_wrap sidebar_right'  ><div class='container av-section-cont-open' ><div class='template-page content  av-content-small alpha units'><div class='post-entry post-entry-type-page post-entry-114982'><div class='entry-content-wrapper clearfix'>\n\n<style type=\"text\/css\" data-created_by=\"avia_inline_auto\" id=\"style-css-av-c0qmnja-7a2b3e1bd5d07bc831d69e787c4c0fd5\">\n.avia-image-container.av-c0qmnja-7a2b3e1bd5d07bc831d69e787c4c0fd5 img.avia_image{\nbox-shadow:none;\n}\n.avia-image-container.av-c0qmnja-7a2b3e1bd5d07bc831d69e787c4c0fd5 .av-caption-image-overlay-bg{\nopacity:0.4;\nbackground-color:#000000;\n}\n.avia-image-container.av-c0qmnja-7a2b3e1bd5d07bc831d69e787c4c0fd5 .av-image-caption-overlay-center{\ncolor:#ffffff;\n}\n<\/style>\n<div  class='avia-image-container av-c0qmnja-7a2b3e1bd5d07bc831d69e787c4c0fd5 av-styling- av-img-linked avia_animated_image av-animated-when-visible-95 fade-in avia-align-center  avia-builder-el-20  el_before_av_hr  avia-builder-el-first  noHover av-overlay-on-hover'   itemprop=\"image\" itemscope=\"itemscope\" itemtype=\"https:\/\/schema.org\/ImageObject\" ><div class=\"avia-image-container-inner\"><div class=\"avia-image-overlay-wrap\"><a href=\"https:\/\/www.tuicamper.com\/wp-docker\/wp-content\/uploads\/2025\/10\/minicamping-saechsiche-schweiz-1030x644.jpg\" data-srcset=\"https:\/\/www.tuicamper.com\/wp-docker\/wp-content\/uploads\/2025\/10\/minicamping-saechsiche-schweiz-1030x644.jpg 1030w, https:\/\/www.tuicamper.com\/wp-docker\/wp-content\/uploads\/2025\/10\/minicamping-saechsiche-schweiz-300x188.jpg 300w, https:\/\/www.tuicamper.com\/wp-docker\/wp-content\/uploads\/2025\/10\/minicamping-saechsiche-schweiz-768x480.jpg 768w, https:\/\/www.tuicamper.com\/wp-docker\/wp-content\/uploads\/2025\/10\/minicamping-saechsiche-schweiz-705x441.jpg 705w, https:\/\/www.tuicamper.com\/wp-docker\/wp-content\/uploads\/2025\/10\/minicamping-saechsiche-schweiz.jpg 1440w\" data-sizes=\"(max-width: 1030px) 100vw, 1030px\" class='avia_image '  aria-label='S\u00e4chsische Schweiz'><div class=\"av-image-caption-overlay\"><div class=\"av-caption-image-overlay-bg\"><\/div><div class=\"av-image-caption-overlay-position\"><div class=\"av-image-caption-overlay-center\"><p>Blick in die S\u00e4chsische Schweiz<\/p>\n<\/div><\/div><\/div><img decoding=\"async\" fetchpriority=\"high\" class='wp-image-114995 avia-img-lazy-loading-not-114995 avia_image ' src=\"https:\/\/www.tuicamper.com\/wp-docker\/wp-content\/uploads\/2025\/10\/minicamping-saechsiche-schweiz-845x684.jpg\" alt='' title='S\u00e4chsische Schweiz'  height=\"684\" width=\"845\"  itemprop=\"thumbnailUrl\" srcset=\"https:\/\/www.tuicamper.com\/wp-docker\/wp-content\/uploads\/2025\/10\/minicamping-saechsiche-schweiz-845x684.jpg 845w, https:\/\/www.tuicamper.com\/wp-docker\/wp-content\/uploads\/2025\/10\/minicamping-saechsiche-schweiz-495x400.jpg 495w\" sizes=\"(max-width: 845px) 100vw, 845px\" \/><\/a><\/div><\/div><\/div>\n\n<style type=\"text\/css\" data-created_by=\"avia_inline_auto\" id=\"style-css-av-8odhusm-83f545e10cb526f0df2a1b2d30cdf4e9\">\n#top .hr.hr-invisible.av-8odhusm-83f545e10cb526f0df2a1b2d30cdf4e9{\nheight:25px;\n}\n<\/style>\n<div  class='hr av-8odhusm-83f545e10cb526f0df2a1b2d30cdf4e9 hr-invisible  avia-builder-el-21  el_after_av_image  avia-builder-el-last '><span class='hr-inner '><span class=\"hr-inner-style\"><\/span><\/span><\/div>\n\n<\/div><\/div><\/div><!-- close content main div --><\/div><\/div><div id='av_section_8'  class='avia-section av-1049ks6e-9e28b61bd81ab41e848b5b4fe9ccc317 main_color avia-section-default avia-no-border-styling  avia-builder-el-22  el_after_av_section  el_before_av_section  reduced-content avia-bg-style-scroll container_wrap sidebar_right'  ><div class='container av-section-cont-open' ><div class='template-page content  av-content-small alpha units'><div class='post-entry post-entry-type-page post-entry-114982'><div class='entry-content-wrapper clearfix'>\n\n<style type=\"text\/css\" data-created_by=\"avia_inline_auto\" id=\"style-css-av-20nebsh2-a603d95f4de41df074d8a6516cb24db8\">\n.flex_column.av-20nebsh2-a603d95f4de41df074d8a6516cb24db8{\nborder-radius:0px 0px 0px 0px;\npadding:0px 0px 0px 0px;\n}\n<\/style>\n<div  class='flex_column av-20nebsh2-a603d95f4de41df074d8a6516cb24db8 av_one_full  avia-builder-el-23  avia-builder-el-no-sibling  first flex_column_div av-zero-column-padding  '     ><section  class='av_textblock_section av-mguxaost-5bd511e45b46210cf24c6c6604ad0733 '   itemscope=\"itemscope\" itemtype=\"https:\/\/schema.org\/BlogPosting\" itemprop=\"blogPost\" ><div class='avia_textblock'  itemprop=\"text\" ><h3>2.) Lynx Camp Schwarzwald<\/h3>\n<p>Tiere beobachten. Wanderungen durch die atemberaubende Natur des <a href=\"https:\/\/www.tuicamper.com\/magazin\/schwarzwald-urlaub-mit-wohnmobil\/\">Schwarzwalds<\/a> unternehmen. Durchatmen und zur Ruhe kommen. Der kleine Platz <a href=\"https:\/\/www.lynx.camp\/\" target=\"_blank\" rel=\"noopener\">Lynx Camping<\/a> im Herzen des Schwarzwalds bietet all das. Gastgeberin Nicole steht bei Fragen immer zur Verf\u00fcgung und f\u00fchrt den Platz ganz ohne Personal, nur mit Unterst\u00fctzung ihres Sohnes. Besonderer Fokus liegt dabei auf dem Camping mit Hunden. So sind alle Stellpl\u00e4tze eingez\u00e4unt und haben einen eigenen Hundegarten.<\/p>\n<\/div><\/section><\/div>\n\n<\/div><\/div><\/div><!-- close content main div --><\/div><\/div><div id='av_section_9'  class='avia-section av-sf62zfq-22980e54b4d828411cc0ab61e6631191 main_color avia-section-default avia-no-border-styling  avia-builder-el-25  el_after_av_section  el_before_av_section  reduced-content avia-bg-style-scroll container_wrap sidebar_right'  ><div class='container av-section-cont-open' ><div class='template-page content  av-content-small alpha units'><div class='post-entry post-entry-type-page post-entry-114982'><div class='entry-content-wrapper clearfix'>\n\n<style type=\"text\/css\" data-created_by=\"avia_inline_auto\" id=\"style-css-av-p9omicm-972497c10bee22ca5077ddcb40ddab35\">\n.flex_column.av-p9omicm-972497c10bee22ca5077ddcb40ddab35{\nborder-radius:0px 0px 0px 0px;\npadding:0px 0px 0px 0px;\n}\n<\/style>\n<div  class='flex_column av-p9omicm-972497c10bee22ca5077ddcb40ddab35 av_one_full  avia-builder-el-26  avia-builder-el-no-sibling  first flex_column_div av-zero-column-padding  '     ><section  class='av_textblock_section av-kgn83vq-75be351312bb71a7ce987b0da247281c '   itemscope=\"itemscope\" itemtype=\"https:\/\/schema.org\/BlogPosting\" itemprop=\"blogPost\" ><div class='avia_textblock'  itemprop=\"text\" ><h3>3.) Minicamping Het Wielseveld<\/h3>\n<p>Gerade in den Niederlanden gibt es sehr viele Minicampingpl\u00e4tze. Einer der sch\u00f6nsten ist <a href=\"https:\/\/camping-betuwe-wielseveld.nl\/\" target=\"_blank\" rel=\"noopener\">Minicamping Het Wielseveld<\/a>. Die Anlage bietet insgesamt 25 Stellpl\u00e4tze \u2013 alle gro\u00dfz\u00fcgig bemessen und mit viel Gr\u00fcn. Das Betreiberpaar schreibt Gastfreundschaft gro\u00df und sorgt mit einer herzlichen Begr\u00fc\u00dfung daf\u00fcr, dass sich jeder Neuank\u00f6mmling willkommen f\u00fchlt. Und auch f\u00fcr ein nettes Gespr\u00e4ch sind die beiden immer zu haben.<\/p>\n<\/div><\/section><\/div>\n\n<\/div><\/div><\/div><!-- close content main div --><\/div><\/div><div id='av_section_10'  class='avia-section av-i3memw6-c09ff9d713cd7146b2cf8a51e2bb216c main_color avia-section-default avia-no-border-styling  avia-builder-el-28  el_after_av_section  el_before_av_section  reduced-content avia-bg-style-scroll container_wrap sidebar_right'  ><div class='container av-section-cont-open' ><div class='template-page content  av-content-small alpha units'><div class='post-entry post-entry-type-page post-entry-114982'><div class='entry-content-wrapper clearfix'>\n\n<style type=\"text\/css\" data-created_by=\"avia_inline_auto\" id=\"style-css-av-auda3om-7a8208fafc0ec4a349e0acaeb0b70a2c\">\n.flex_column.av-auda3om-7a8208fafc0ec4a349e0acaeb0b70a2c{\nborder-radius:0px 0px 0px 0px;\npadding:0px 0px 0px 0px;\n}\n<\/style>\n<div  class='flex_column av-auda3om-7a8208fafc0ec4a349e0acaeb0b70a2c av_one_full  avia-builder-el-29  avia-builder-el-no-sibling  first flex_column_div av-zero-column-padding  '     ><section  class='av_textblock_section av-58f5zs6-713ef16a918c204a39aaef78a7a3c888 '   itemscope=\"itemscope\" itemtype=\"https:\/\/schema.org\/BlogPosting\" itemprop=\"blogPost\" ><div class='avia_textblock'  itemprop=\"text\" ><h3>4.) Camping Le Chenantier<\/h3>\n<p>Gr\u00fcne Wiesen, w\u00fcrzig duftende W\u00e4lder, steile Berge und ein idyllisches D\u00f6rfchen: Die Aussicht auf dem Minicampingplatz <a href=\"https:\/\/www.camping-lechenantier.com\/\" target=\"_blank\" rel=\"noopener\">Le Chenantier<\/a> ist einfach spektakul\u00e4r. Der in den s\u00fcdlichen Alpen Frankreichs gelegene Platz garantiert ein intensives Naturerlebnis \u2013 und verspricht Ruhe und Erholung.<\/p>\n<\/div><\/section><\/div>\n\n<\/div><\/div><\/div><!-- close content main div --><\/div><\/div><div id='av_section_11'  class='avia-section av-6l3l0nty-d1f62c89ca0bfd092fbe565288486477 main_color avia-section-default avia-no-border-styling  avia-builder-el-31  el_after_av_section  el_before_av_section  reduced-content avia-bg-style-scroll container_wrap sidebar_right'  ><div class='container av-section-cont-open' ><div class='template-page content  av-content-small alpha units'><div class='post-entry post-entry-type-page post-entry-114982'><div class='entry-content-wrapper clearfix'>\n\n<style type=\"text\/css\" data-created_by=\"avia_inline_auto\" id=\"style-css-av-6f86clwm-dc6cb33c4bfa61e8830ad8f08ec039a9\">\n.flex_column.av-6f86clwm-dc6cb33c4bfa61e8830ad8f08ec039a9{\nborder-radius:0px 0px 0px 0px;\npadding:0px 0px 0px 0px;\n}\n<\/style>\n<div  class='flex_column av-6f86clwm-dc6cb33c4bfa61e8830ad8f08ec039a9 av_one_full  avia-builder-el-32  avia-builder-el-no-sibling  first flex_column_div av-zero-column-padding  '     ><section  class='av_textblock_section av-6crw8qqu-6b84eca7502485fab1224c004f9abd52 '   itemscope=\"itemscope\" itemtype=\"https:\/\/schema.org\/BlogPosting\" itemprop=\"blogPost\" ><div class='avia_textblock'  itemprop=\"text\" ><h3>5.) Mini-Kamp Sani<\/h3>\n<p>Auch Kroatien hat viele sch\u00f6ne Minicampingpl\u00e4tze zu bieten. Bestes Beispiel: Mini-Kamp Sani in Brodarica an der kroatischen Adriak\u00fcste. Der kleine, famili\u00e4re Campingplatz wird von einem hilfsbereiten Ehepaar gef\u00fchrt und bietet eine kleine Zahl an gro\u00dfz\u00fcgigen Stellpl\u00e4tzen. Praktisch: Meer und Strand sind nur einen kurzen Spaziergang entfernt.<\/p>\n<\/div><\/section><\/div>\n\n<\/div><\/div><\/div><!-- close content main div --><\/div><\/div><div id='av_section_12'  class='avia-section av-7ox0ha92-a7a18e0c1149ec58506a4c25d7bdb6cd main_color avia-section-default avia-no-border-styling  avia-builder-el-34  el_after_av_section  el_before_av_section  reduced-content avia-bg-style-scroll container_wrap sidebar_right'  ><div class='container av-section-cont-open' ><div class='template-page content  av-content-small alpha units'><div class='post-entry post-entry-type-page post-entry-114982'><div class='entry-content-wrapper clearfix'>\n\n<style type=\"text\/css\" data-created_by=\"avia_inline_auto\" id=\"style-css-av-7jo7os9y-0aa7d17316dad755db8a297a765cede0\">\n.avia-image-container.av-7jo7os9y-0aa7d17316dad755db8a297a765cede0 img.avia_image{\nbox-shadow:none;\n}\n.avia-image-container.av-7jo7os9y-0aa7d17316dad755db8a297a765cede0 .av-caption-image-overlay-bg{\nopacity:0.4;\nbackground-color:#000000;\n}\n.avia-image-container.av-7jo7os9y-0aa7d17316dad755db8a297a765cede0 .av-image-caption-overlay-center{\ncolor:#ffffff;\n}\n<\/style>\n<div  class='avia-image-container av-7jo7os9y-0aa7d17316dad755db8a297a765cede0 av-styling- av-img-linked avia_animated_image av-animated-when-visible-95 fade-in avia-align-center  avia-builder-el-35  el_before_av_hr  avia-builder-el-first  noHover av-overlay-on-hover'   itemprop=\"image\" itemscope=\"itemscope\" itemtype=\"https:\/\/schema.org\/ImageObject\" ><div class=\"avia-image-container-inner\"><div class=\"avia-image-overlay-wrap\"><a href=\"https:\/\/www.tuicamper.com\/wp-docker\/wp-content\/uploads\/2025\/10\/minicamping-adria-kroatien-1030x644.jpg\" data-srcset=\"https:\/\/www.tuicamper.com\/wp-docker\/wp-content\/uploads\/2025\/10\/minicamping-adria-kroatien-1030x644.jpg 1030w, https:\/\/www.tuicamper.com\/wp-docker\/wp-content\/uploads\/2025\/10\/minicamping-adria-kroatien-300x188.jpg 300w, https:\/\/www.tuicamper.com\/wp-docker\/wp-content\/uploads\/2025\/10\/minicamping-adria-kroatien-768x480.jpg 768w, https:\/\/www.tuicamper.com\/wp-docker\/wp-content\/uploads\/2025\/10\/minicamping-adria-kroatien-705x441.jpg 705w, https:\/\/www.tuicamper.com\/wp-docker\/wp-content\/uploads\/2025\/10\/minicamping-adria-kroatien.jpg 1440w\" data-sizes=\"(max-width: 1030px) 100vw, 1030px\" class='avia_image '  aria-label='Adriak\u00fcste Kroatien'><div class=\"av-image-caption-overlay\"><div class=\"av-caption-image-overlay-bg\"><\/div><div class=\"av-image-caption-overlay-position\"><div class=\"av-image-caption-overlay-center\"><p>Es gibt unz\u00e4hlige malerische Orte an der Adriak\u00fcste in Kroatien<\/p>\n<\/div><\/div><\/div><img decoding=\"async\" fetchpriority=\"high\" class='wp-image-114999 avia-img-lazy-loading-not-114999 avia_image ' src=\"https:\/\/www.tuicamper.com\/wp-docker\/wp-content\/uploads\/2025\/10\/minicamping-adria-kroatien-845x684.jpg\" alt='' title='Adriak\u00fcste Kroatien'  height=\"684\" width=\"845\"  itemprop=\"thumbnailUrl\" srcset=\"https:\/\/www.tuicamper.com\/wp-docker\/wp-content\/uploads\/2025\/10\/minicamping-adria-kroatien-845x684.jpg 845w, https:\/\/www.tuicamper.com\/wp-docker\/wp-content\/uploads\/2025\/10\/minicamping-adria-kroatien-495x400.jpg 495w\" sizes=\"(max-width: 845px) 100vw, 845px\" \/><\/a><\/div><\/div><\/div>\n\n<style type=\"text\/css\" data-created_by=\"avia_inline_auto\" id=\"style-css-av-7hkga21y-fc9345f1a13b1c22d1a2e488239a8a94\">\n#top .hr.hr-invisible.av-7hkga21y-fc9345f1a13b1c22d1a2e488239a8a94{\nheight:25px;\n}\n<\/style>\n<div  class='hr av-7hkga21y-fc9345f1a13b1c22d1a2e488239a8a94 hr-invisible  avia-builder-el-36  el_after_av_image  avia-builder-el-last '><span class='hr-inner '><span class=\"hr-inner-style\"><\/span><\/span><\/div>\n\n<\/div><\/div><\/div><!-- close content main div --><\/div><\/div><div id='av_section_13'  class='avia-section av-ebnuli-3fd72c92caf8f947ba5a1100d9ebd64e main_color avia-section-default avia-no-border-styling  avia-builder-el-37  el_after_av_section  el_before_av_section  reduced-content avia-bg-style-scroll container_wrap sidebar_right'  ><div class='container av-section-cont-open' ><div class='template-page content  av-content-small alpha units'><div class='post-entry post-entry-type-page post-entry-114982'><div class='entry-content-wrapper clearfix'>\n\n<style type=\"text\/css\" data-created_by=\"avia_inline_auto\" id=\"style-css-av-wrmx1ra-154aa21fd837e825a729b015d6edb30e\">\n.flex_column.av-wrmx1ra-154aa21fd837e825a729b015d6edb30e{\nborder-radius:0px 0px 0px 0px;\npadding:0px 0px 0px 0px;\n}\n<\/style>\n<div  class='flex_column av-wrmx1ra-154aa21fd837e825a729b015d6edb30e av_one_full  avia-builder-el-38  avia-builder-el-no-sibling  first flex_column_div av-zero-column-padding  '     ><section  class='av_textblock_section av-3509d9i-605680fbd1f63bb70a4272eb1be83c9c '   itemscope=\"itemscope\" itemtype=\"https:\/\/schema.org\/BlogPosting\" itemprop=\"blogPost\" ><div class='avia_textblock'  itemprop=\"text\" ><h2>Alle Vorteile des Minicampings<\/h2>\n<p>Minicamping steht hoch im Kurs \u2013 bei Campern aus ganz Europa. Und das aus guten Gr\u00fcnden. Immerhin versprechen die kleinen Campingpl\u00e4tze einen besonders intimen Camping-Urlaub. Die Vorteile:<\/p>\n<ul>\n<li>Sie k\u00f6nnen die Natur in vollen Z\u00fcgen genie\u00dfen \u2013 und das ohne die typische Ger\u00e4uschkulisse eines gro\u00dfen Campingplatzes.<\/li>\n<li>Sie bleiben nicht anonym, sondern kommen mit anderen Campern ins Gespr\u00e4ch. So entstehen Kontakte auf Augenh\u00f6he, aus denen sich nicht selten jahrelange Freundschaften entwickeln.<\/li>\n<li>Sie haben viel Platz, da sich meist wenige Parzellen auf eine gro\u00dfe Gesamtfl\u00e4che verteilen.<\/li>\n<li>Sie profitieren von g\u00fcnstigen Preisen. Selten werden mehr als 30 Euro pro Nacht verlangt. Oft fallen die Preise sogar noch deutlich niedriger aus.<\/li>\n<\/ul>\n<p>Es gibt kaum einen besseren Ort, einen Gang runterzuschalten und den Alltagsstress abzusch\u00fctteln als auf einem Minicampingplatz.<\/p>\n<\/div><\/section><\/div>\n\n<\/div><\/div><\/div><!-- close content main div --><\/div><\/div><div id='av_section_14'  class='avia-section av-6wuvmc86-b06a0b5ed8f39f8e38b5e8fea185d02a main_color avia-section-default avia-no-border-styling  avia-builder-el-40  el_after_av_section  el_before_av_section  magazine-slider-section fullwidth_section avia-bg-style-scroll container_wrap sidebar_right'  ><div class='container av-section-cont-open' ><div class='template-page content  av-content-small alpha units'><div class='post-entry post-entry-type-page post-entry-114982'><div class='entry-content-wrapper clearfix'>\n\n<style type=\"text\/css\" data-created_by=\"avia_inline_auto\" id=\"style-css-av-6twf738m-c3f605e6852f531e64290874879050ad\">\n.flex_column.av-6twf738m-c3f605e6852f531e64290874879050ad{\nborder-radius:0px 0px 0px 0px;\npadding:0px 0px 0px 0px;\n}\n<\/style>\n<div  class='flex_column av-6twf738m-c3f605e6852f531e64290874879050ad av_one_full  avia-builder-el-41  avia-builder-el-no-sibling  first flex_column_div av-zero-column-padding  '     ><section  class='av_textblock_section av-6pnk5ism-f924f0cdbc05da77f330509e3a84c419 '   itemscope=\"itemscope\" itemtype=\"https:\/\/schema.org\/BlogPosting\" itemprop=\"blogPost\" ><div class='avia_textblock'  itemprop=\"text\" ><div class=\"flex_column av_three_fourth flex_column_div av-zero-column-padding first el_before_av_one_fourth avia-builder-el-first headline-section\">\r\n    <section class=\"av_textblock_section \" itemscope=\"itemscope\"\r\n             itemtype=\"https:\/\/schema.org\/CreativeWork\">\r\n                    <div class=\"avia_textblock\" itemprop=\"text\">\r\n                                    Aus dem TUI Camper Magazin:<br>\r\n                                Spannende Artikel \u00fcber Deutschland            <\/div>\r\n            <\/section>\r\n<\/div>\r\n<div class=\"flex_column av_one_fourth flex_column_div av-zero-column-padding el_after_av_three_fourth el_before_av_feature_image_slider avia-builder-el-last logo-section\">\r\n    <div class=\"avia-image-container avia-builder-el-no-sibling avia-align-center\"\r\n         itemprop=\"image\" itemscope=\"itemscope\" itemtype=\"https:\/\/schema.org\/ImageObject\">\r\n        <div class=\"avia-image-container-inner\">\r\n            <div class=\"avia-image-overlay-wrap\">\r\n                <a href=\"\/magazin\/\">\r\n                    <img decoding=\"async\" class=\"wp-image-3099 avia-img-lazy-loading-not-3099 avia_image\"\r\n                         src=\"\/wp-docker\/wp-content\/themes\/tuicamper_enfold\/assets\/img\/logo_350-135.png\"\r\n                         alt=\"TUI Camper Magazin\" height=\"69\" width=\"150\"\r\n                         itemprop=\"thumbnailUrl\">\r\n                <\/a>\r\n            <\/div>\r\n        <\/div>\r\n    <\/div>\r\n<\/div>\r\n<div class=\"flex_column av_one_full flex_column_div av-zero-column-padding first el_before_av_textblock avia-builder-el-first\"\r\n     style=\"border-radius:0px;\">\r\n    <div class=\"carousel\">\r\n                    <div class=\"carousel-cell\">\r\n                <a href=\"https:\/\/www.tuicamper.com\/magazin\/5-aussergewoehnliche-campingplaetze-in-deutschland\/\">\r\n                    <div class=\"img-container\" style=\"background-image: url('https:\/\/www.tuicamper.com\/wp-docker\/wp-content\/uploads\/2026\/01\/aussergewoehnliche-campingplaetze-deutschland-header.jpg');\"><\/div>\r\n                    <p>Au\u00dfergew\u00f6hnliche Campingpl\u00e4tze in Deutschland: 5 ganz besondere Camping-Spots <span class=\"dashicons dashicons-arrow-right-alt2\"><\/span><\/p>\r\n                <\/a>\r\n            <\/div>\r\n                    <div class=\"carousel-cell\">\r\n                <a href=\"https:\/\/www.tuicamper.com\/magazin\/kostenlose-wohnmobilstellplaetze-deutschland\/\">\r\n                    <div class=\"img-container\" style=\"background-image: url('https:\/\/www.tuicamper.com\/wp-docker\/wp-content\/uploads\/2024\/07\/Kostenlose_Campingplaetze.jpg');\"><\/div>\r\n                    <p>Kostenlose Wohnmobilstellpl\u00e4tze in Deutschland finden: Tipps &#038; Empfehlungen <span class=\"dashicons dashicons-arrow-right-alt2\"><\/span><\/p>\r\n                <\/a>\r\n            <\/div>\r\n                    <div class=\"carousel-cell\">\r\n                <a href=\"https:\/\/www.tuicamper.com\/magazin\/camper-idyll-nordseekueste\/\">\r\n                    <div class=\"img-container\" style=\"background-image: url('https:\/\/www.tuicamper.com\/wp-docker\/wp-content\/uploads\/2020\/02\/nordsee-panorama.jpg');\"><\/div>\r\n                    <p>Camper-Idyll Nordseek\u00fcste: Von Ostfriesland bis nach Hamburg <span class=\"dashicons dashicons-arrow-right-alt2\"><\/span><\/p>\r\n                <\/a>\r\n            <\/div>\r\n                    <div class=\"carousel-cell\">\r\n                <a href=\"https:\/\/www.tuicamper.com\/magazin\/allgaeu-urlaub-mit-dem-wohnmobil\/\">\r\n                    <div class=\"img-container\" style=\"background-image: url('https:\/\/www.tuicamper.com\/wp-docker\/wp-content\/uploads\/2019\/03\/allgaeu-urlaub-header.jpg');\"><\/div>\r\n                    <p>Allg\u00e4u-Urlaub mit dem Wohnmobil: Highlights, Camping &#038; Ausflugstipps <span class=\"dashicons dashicons-arrow-right-alt2\"><\/span><\/p>\r\n                <\/a>\r\n            <\/div>\r\n                    <div class=\"carousel-cell\">\r\n                <a href=\"https:\/\/www.tuicamper.com\/magazin\/mit-dem-camper-entlang-der-ostseekueste\/\">\r\n                    <div class=\"img-container\" style=\"background-image: url('https:\/\/www.tuicamper.com\/wp-docker\/wp-content\/uploads\/2021\/07\/seebruecke-sellin.jpg');\"><\/div>\r\n                    <p>Mit dem Camper entlang der Ostseek\u00fcste: Von Kiel bis nach R\u00fcgen <span class=\"dashicons dashicons-arrow-right-alt2\"><\/span><\/p>\r\n                <\/a>\r\n            <\/div>\r\n                    <div class=\"carousel-cell\">\r\n                <a href=\"https:\/\/www.tuicamper.com\/magazin\/hamburg-sehenswuerdigkeiten\/\">\r\n                    <div class=\"img-container\" style=\"background-image: url('https:\/\/www.tuicamper.com\/wp-docker\/wp-content\/uploads\/2023\/07\/Hamburg_beitragsbild-e1689226964282.jpg');\"><\/div>\r\n                    <p>Hamburg Sehensw\u00fcrdigkeiten: Die sch\u00f6nsten Highlights &#038; besten Tipps <span class=\"dashicons dashicons-arrow-right-alt2\"><\/span><\/p>\r\n                <\/a>\r\n            <\/div>\r\n            <\/div>\r\n<\/div>\n<\/div><\/section><\/div>\n\n<div id='av_section_15'  class='avia-section av-1ukliz52-2821d8299dc3efd69eb3f9fad0d63558 main_color avia-section-default avia-no-border-styling  avia-builder-el-0  el_before_av_textblock  avia-builder-el-first  reduced-content avia-bg-style-scroll container_wrap sidebar_right'  ><div class='container av-section-cont-open' ><main  role=\"main\" itemprop=\"mainContentOfPage\"  class='template-page content  av-content-small alpha units'><div class='post-entry post-entry-type-page post-entry-114982'><div class='entry-content-wrapper clearfix'>\n\n<style type=\"text\/css\" data-created_by=\"avia_inline_auto\" id=\"style-css-av-1rdr8yg6-a5d11e4835e352e2a0bcef04c1f1d346\">\n.flex_column.av-1rdr8yg6-a5d11e4835e352e2a0bcef04c1f1d346{\nborder-radius:0px 0px 0px 0px;\npadding:0px 0px 0px 0px;\n}\n<\/style>\n<div  class='flex_column av-1rdr8yg6-a5d11e4835e352e2a0bcef04c1f1d346 av_one_full  avia-builder-el-1  avia-builder-el-no-sibling  first flex_column_div av-zero-column-padding  '     ><section  class='av_textblock_section av-mguxc16r-24ba4cab3506c034cea77cce60e620e0 '   itemscope=\"itemscope\" itemtype=\"https:\/\/schema.org\/BlogPosting\" itemprop=\"blogPost\" ><div class='avia_textblock'  itemprop=\"text\" ><h2>Geh\u00f6ren zusammen: Minicamping und Minicamper<\/h2>\n<p>Gro\u00dfe <a href=\"https:\/\/www.tuicamper.com\/magazin\/luxus-wohnmobil-mieten\/\">Luxus-Wohnmobile<\/a> mit allem erdenklichen Komfort sucht man auf einem Minicampingplatz in der Regel vergeblich. Stattdessen f\u00e4llt \u2013 ganz dem Anspruch der Nachhaltigkeit folgend \u2013 alles eine Nummer kleiner aus. Besonders h\u00e4ufig werden die Pl\u00e4tze daher mit einem kleinen Wohnmobil mit einfacher Schlafm\u00f6glichkeit auf der R\u00fcckbank oder im Dachzelt angefahren. Gut zu wissen: Wenn Sie Ihren \u00f6kologischen Fu\u00dfabdruck m\u00f6glichst gering halten wollen, haben Sie bei TUI CAMPER die M\u00f6glichkeit einen <a href=\"https:\/\/www.tuicamper.com\/magazin\/mini-camper-mieten\/\">Mini-Camper zu mieten<\/a>. Welche Modelle hierf\u00fcr in Frage kommen, haben wir im verlinkten Artikel f\u00fcr Sie zusammengefasst.<\/p>\n<\/div><\/section><\/div>\n<\/div><\/div><\/main><!-- close content main element --><\/div><\/div><div id='after_section_15'  class='main_color av_default_container_wrap container_wrap sidebar_right'  ><div class='container av-section-cont-open' ><div class='template-page content  av-content-small alpha units'><div class='post-entry post-entry-type-page post-entry-114982'><div class='entry-content-wrapper clearfix'>\n<\/div><\/div><\/div><!-- close content main div --><\/div><\/div><div id='av_section_16'  class='avia-section av-1n97liw6-347d5d1329a73b26572422c73bc2bdc6 main_color avia-section-default avia-no-border-styling  reduced-content avia-bg-style-scroll container_wrap sidebar_right'  ><div class='container av-section-cont-open' ><div class='template-page content  av-content-small alpha units'><div class='post-entry post-entry-type-page post-entry-114982'><div class='entry-content-wrapper clearfix'>\n\n<style type=\"text\/css\" data-created_by=\"avia_inline_auto\" id=\"style-css-av-1gzzsiue-362486bc57d09118f775b79c9c77d24c\">\n.flex_column.av-1gzzsiue-362486bc57d09118f775b79c9c77d24c{\nborder-radius:0px 0px 0px 0px;\npadding:0px 0px 0px 0px;\n}\n<\/style>\n<div  class='flex_column av-1gzzsiue-362486bc57d09118f775b79c9c77d24c av_one_full first flex_column_div av-zero-column-padding  '     ><section  class='av_textblock_section av-mguxcglt-d837d844e6a5b3b470ff2d6135b3a6dc '   itemscope=\"itemscope\" itemtype=\"https:\/\/schema.org\/BlogPosting\" itemprop=\"blogPost\" ><div class='avia_textblock'  itemprop=\"text\" ><h2>5 Tipps f\u00fcr Ihr n\u00e4chstes Minicamping<\/h2>\n<p>Einige Tage oder Wochen auf einem Mini-Campingplatz zu verbringen ist eine intensive Naturerfahrung. Um unn\u00f6tigen Stress zu vermeiden und das Beste aus Ihrem Wohnmobil-Urlaub herauszuholen, sollten Sie allerdings die folgenden Tipps beachten:<\/p>\n<ol>\n<li><strong>Reservieren Sie fr\u00fchzeitig<\/strong>. Da Minicampingpl\u00e4tze naturgem\u00e4\u00df nur wenige Stellpl\u00e4tze haben, sind diese gerade zur Hauptsaison schnell belegt. Das gilt insbesondere f\u00fcr Stellpl\u00e4tze in Nationalparks oder nahe beliebter Natur-Highlights. Oftmals bieten die kleinen Campingpl\u00e4tze auf ihrer Website allerdings keine Reservierungsoption. In dem Fall lohnt ein schneller Anruf oder eine kurze E-Mail, um sich den Platz zu sichern.<\/li>\n<li><strong>Nehmen Sie das N\u00f6tigste mit<\/strong>. Insbesondere Lebensmittel und Hygieneartikel sollten Sie besser im Vorfeld kaufen und mitbringen. Denn einen nahegelegenen Supermarkt gibt es auf den winzigen Campinganlagen in den seltensten F\u00e4llen. Je nach Lage m\u00fcssen Sie bis zur n\u00e4chsten Versorgungsm\u00f6glichkeit einiges an Fahrzeit in Kauf nehmen.<\/li>\n<li><strong>Nutzen Sie Ihre Zeit zum Digital Detox<\/strong>. In ruhiger famili\u00e4rer Atmosph\u00e4re, umgeben von unber\u00fchrter Natur, bietet sich endlich die Gelegenheit zur Entschleunigung. Smartphones und Tablets d\u00fcrfen in dieser Zeit gerne offline bleiben. Schalten Sie ab und entscheiden sich bewusst f\u00fcr den Digital Detox, ist es auch kein Problem, dass WLAN auf den kleinen Campingpl\u00e4tzen noch immer keine Selbstverst\u00e4ndlichkeit ist.<\/li>\n<li><strong>Suchen Sie den Austausch<\/strong>. Auf Minicampingpl\u00e4tzen f\u00e4llt es leicht, mit anderen Campern oder den Betreibern ins Gespr\u00e4ch zu kommen. Die perfekte Gelegenheit, um sich Tipps f\u00fcr lohnenswerte Ausfl\u00fcge, zu den leckersten Restaurants und \u00fcber echte Geheimtipps in der Umgebung einzuholen!<\/li>\n<li><strong>Informieren Sie sich im Vorfeld \u00fcber den Platz<\/strong>. Denn Ausstattung und Gegebenheiten unterscheiden sich zwischen den kleinen Campingpl\u00e4tzen stark. So sind einige Pl\u00e4tze beispielsweise ausschlie\u00dflich f\u00fcr sehr kleine Wohnmobile geeignet. Auf anderen wiederum kann die Zahl der Stromanschl\u00fcsse begrenzt sein.<\/li>\n<\/ol>\n<\/div><\/section><\/div>\n<\/div><\/div><\/div><!-- close content main div --><\/div><\/div><div id='after_section_16'  class='main_color av_default_container_wrap container_wrap sidebar_right'  ><div class='container av-section-cont-open' ><div class='template-page content  av-content-small alpha units'><div class='post-entry post-entry-type-page post-entry-114982'><div class='entry-content-wrapper clearfix'>\n<\/div><\/div><\/div><!-- close content main div --><\/div><\/div><div id='av_section_17'  class='avia-section av-fruu3vq-43f033f44467b85e7f2e9611252fbd83 main_color avia-section-default avia-no-border-styling  avia-builder-el-4  el_after_av_textblock  el_before_av_section  reduced-content avia-bg-style-scroll container_wrap sidebar_right'  ><div class='container av-section-cont-open' ><div class='template-page content  av-content-small alpha units'><div class='post-entry post-entry-type-page post-entry-114982'><div class='entry-content-wrapper clearfix'>\n\n<style type=\"text\/css\" data-created_by=\"avia_inline_auto\" id=\"style-css-av-btfh25i-08293fc02346156b7aac6e32a292227c\">\n.avia-image-container.av-btfh25i-08293fc02346156b7aac6e32a292227c img.avia_image{\nbox-shadow:none;\n}\n.avia-image-container.av-btfh25i-08293fc02346156b7aac6e32a292227c .av-caption-image-overlay-bg{\nopacity:0.4;\nbackground-color:#000000;\n}\n.avia-image-container.av-btfh25i-08293fc02346156b7aac6e32a292227c .av-image-caption-overlay-center{\ncolor:#ffffff;\n}\n<\/style>\n<div  class='avia-image-container av-btfh25i-08293fc02346156b7aac6e32a292227c av-styling- av-img-linked avia_animated_image av-animated-when-visible-95 fade-in avia-align-center noHover av-overlay-on-hover'   itemprop=\"image\" itemscope=\"itemscope\" itemtype=\"https:\/\/schema.org\/ImageObject\" ><div class=\"avia-image-container-inner\"><div class=\"avia-image-overlay-wrap\"><a href=\"https:\/\/www.tuicamper.com\/wp-docker\/wp-content\/uploads\/2025\/10\/minicamping-camping-am-see-1030x644.jpg\" data-srcset=\"https:\/\/www.tuicamper.com\/wp-docker\/wp-content\/uploads\/2025\/10\/minicamping-camping-am-see-1030x644.jpg 1030w, https:\/\/www.tuicamper.com\/wp-docker\/wp-content\/uploads\/2025\/10\/minicamping-camping-am-see-300x188.jpg 300w, https:\/\/www.tuicamper.com\/wp-docker\/wp-content\/uploads\/2025\/10\/minicamping-camping-am-see-768x480.jpg 768w, https:\/\/www.tuicamper.com\/wp-docker\/wp-content\/uploads\/2025\/10\/minicamping-camping-am-see-705x441.jpg 705w, https:\/\/www.tuicamper.com\/wp-docker\/wp-content\/uploads\/2025\/10\/minicamping-camping-am-see.jpg 1440w\" data-sizes=\"(max-width: 1030px) 100vw, 1030px\" class='avia_image '  aria-label='VW Camper am See'><div class=\"av-image-caption-overlay\"><div class=\"av-caption-image-overlay-bg\"><\/div><div class=\"av-image-caption-overlay-position\"><div class=\"av-image-caption-overlay-center\"><p>Mit einem kleineren Camper lassen sich abgelegenere Gebiete prinzipiell leichter erreichen<\/p>\n<\/div><\/div><\/div><img decoding=\"async\" fetchpriority=\"high\" class='wp-image-115001 avia-img-lazy-loading-not-115001 avia_image ' src=\"https:\/\/www.tuicamper.com\/wp-docker\/wp-content\/uploads\/2025\/10\/minicamping-camping-am-see-845x684.jpg\" alt='' title='VW Camper am See'  height=\"684\" width=\"845\"  itemprop=\"thumbnailUrl\" srcset=\"https:\/\/www.tuicamper.com\/wp-docker\/wp-content\/uploads\/2025\/10\/minicamping-camping-am-see-845x684.jpg 845w, https:\/\/www.tuicamper.com\/wp-docker\/wp-content\/uploads\/2025\/10\/minicamping-camping-am-see-495x400.jpg 495w\" sizes=\"(max-width: 845px) 100vw, 845px\" \/><\/a><\/div><\/div><\/div>\n\n<style type=\"text\/css\" data-created_by=\"avia_inline_auto\" id=\"style-css-av-580a5nq-e65035302d3625eadc7f25ee35ffbb3d\">\n#top .hr.hr-invisible.av-580a5nq-e65035302d3625eadc7f25ee35ffbb3d{\nheight:25px;\n}\n<\/style>\n<div  class='hr av-580a5nq-e65035302d3625eadc7f25ee35ffbb3d hr-invisible'><span class='hr-inner '><span class=\"hr-inner-style\"><\/span><\/span><\/div>\n\n<\/div><\/div><\/div><!-- close content main div --><\/div><\/div><div id='av_section_18'  class='avia-section av-1ajqyap2-ac677e2a2d2d183b46fc953361a8add9 main_color avia-section-default avia-no-border-styling  reduced-content avia-bg-style-scroll container_wrap sidebar_right'  ><div class='container av-section-cont-open' ><div class='template-page content  av-content-small alpha units'><div class='post-entry post-entry-type-page post-entry-114982'><div class='entry-content-wrapper clearfix'>\n\n<style type=\"text\/css\" data-created_by=\"avia_inline_auto\" id=\"style-css-av-18x35rza-6fdef25817b4c6dd6a3bb459c2973b06\">\n.flex_column.av-18x35rza-6fdef25817b4c6dd6a3bb459c2973b06{\nborder-radius:0px 0px 0px 0px;\npadding:0px 0px 0px 0px;\n}\n<\/style>\n<div  class='flex_column av-18x35rza-6fdef25817b4c6dd6a3bb459c2973b06 av_one_full first flex_column_div av-zero-column-padding  '     ><section  class='av_textblock_section av-mguxcu7k-aaa3ca056766bf77ddf327b8e974a3a2 '   itemscope=\"itemscope\" itemtype=\"https:\/\/schema.org\/BlogPosting\" itemprop=\"blogPost\" ><div class='avia_textblock'  itemprop=\"text\" ><h2>Microcamping: die ultrakleine Variante des Minicampings<\/h2>\n<p>Neben klassischem Minicamping auf Pl\u00e4tzen mit maximal 30 Stellpl\u00e4tzen gibt es noch eine weitere Kategorie kleiner Campingpl\u00e4tze: das sogenannte Microcamping. Auch hier ist die Definition nicht ganz eindeutig, in der Regel spricht man aber erst dann von Microcamping, wenn ein Campingplatz nicht mehr als 5 Stellpl\u00e4tze umfasst. H\u00e4ufig handelt es sich beim Microcamping um privat angebotene Stellpl\u00e4tze (etwa auf Weing\u00fctern oder landwirtschaftlichen Betrieben), die nicht Teil eines eigenen Campingplatzes sind. Das <a href=\"https:\/\/www.tuicamper.com\/magazin\/camping-auf-dem-bauernhof\/\">Camping auf dem Bauernhof<\/a> etwa erf\u00fcllt h\u00e4ufig die Kriterien eines Microcampingplatzes. Abgesehen von der Anzahl der Stellpl\u00e4tze gibt es kaum nennenswerte Unterschiede zum Microcamping.<\/p>\n<\/div><\/section><\/div>\n<\/div><\/div><\/div><!-- close content main div --><\/div><\/div><div id='after_section_18'  class='main_color av_default_container_wrap container_wrap sidebar_right'  ><div class='container av-section-cont-open' ><div class='template-page content  av-content-small alpha units'><div class='post-entry post-entry-type-page post-entry-114982'><div class='entry-content-wrapper clearfix'>\n<\/div><\/div><\/div><!-- close content main div --><\/div><\/div><div id='av_section_19'  class='avia-section av-148ck2sm-d7a3ed4b323d53d92ede79f4d6c5e90f main_color avia-section-default avia-no-border-styling  avia-builder-el-6  el_after_av_section  el_before_av_section  reduced-content avia-bg-style-scroll container_wrap sidebar_right'  ><div class='container av-section-cont-open' ><div class='template-page content  av-content-small alpha units'><div class='post-entry post-entry-type-page post-entry-114982'><div class='entry-content-wrapper clearfix'>\n\n<style type=\"text\/css\" data-created_by=\"avia_inline_auto\" id=\"style-css-av-10015tba-35ca4271d211a3646e9bb7ddf8947dc4\">\n.flex_column.av-10015tba-35ca4271d211a3646e9bb7ddf8947dc4{\nborder-radius:0px 0px 0px 0px;\npadding:0px 0px 0px 0px;\n}\n<\/style>\n<div  class='flex_column av-10015tba-35ca4271d211a3646e9bb7ddf8947dc4 av_one_full  avia-builder-el-7  avia-builder-el-no-sibling  first flex_column_div av-zero-column-padding  '     ><section  class='av_textblock_section av-mguxd64d-fc86304eba644a101fd22e98dd239202 '   itemscope=\"itemscope\" itemtype=\"https:\/\/schema.org\/BlogPosting\" itemprop=\"blogPost\" ><div class='avia_textblock'  itemprop=\"text\" ><h2>Camping, Minicamping, Microcamping \u2013 ein Vergleich<\/h2>\n<p>Im Folgenden haben wir die wichtigsten Eigenheiten und Unterschiede von klassischem \u201eCamping\u201c, \u201eMinicamping\u201c und \u201eMicrocamping\u201c noch einmal f\u00fcr Sie zusammengefasst.<\/p>\n<\/div><\/section><\/div><div class='avia-data-table-wrap av-59ljbt7q-ea08f88a433b301e8bd206f88dfee36b avia_scrollable_table avia-table-1'><table  class='avia-table avia-data-table avia_pricing_default'  itemscope=\"itemscope\" itemtype=\"https:\/\/schema.org\/Table\" ><tbody><tr class='avia-heading-row'><th class='avia-highlight-col'>EIGENSCHAFTEN<\/th><th class='avia-highlight-col'>CAMPING<\/th><th class='avia-highlight-col'>MINICAMPING<\/th><th class='avia-highlight-col'>MICROCAMPING<\/th><\/tr><tr class=''><td class='avia-highlight-col'>Stellpl\u00e4tze<\/td><td class='avia-highlight-col'>unter 30<\/td><td class='avia-highlight-col'>5 &#8211; 30<\/td><td class='avia-highlight-col'>1 &#8211; 5<\/td><\/tr><tr class=''><td class='avia-highlight-col'>Lage<\/td><td class='avia-highlight-col'>verschieden, oft touristisch<\/td><td class='avia-highlight-col'>sehr naturnah, z.B. in Nationalparks<\/td><td class='avia-highlight-col'>auf privatem Grund, z.B. Bauernhof, teils sehr abgelegen<\/td><\/tr><tr class=''><td class='avia-highlight-col'>Ausstattung<\/td><td class='avia-highlight-col'>umfassend, z.B. Supermarkt, Sport- &amp; Freizeitprogramm<\/td><td class='avia-highlight-col'>rudiment\u00e4r, z.B. Strom &amp; Sanit\u00e4r<\/td><td class='avia-highlight-col'>minimal, teils keine Infrastruktur<\/td><\/tr><tr class=''><td class='avia-highlight-col'>Atmosph\u00e4re<\/td><td class='avia-highlight-col'>touristisch, eher anonym<\/td><td class='avia-highlight-col'>pers\u00f6nlich, famili\u00e4r<\/td><td class='avia-highlight-col'>sehr ruhig<\/td><\/tr><tr class=''><td class='avia-highlight-col'>Buchung<\/td><td class='avia-highlight-col'>teils online m\u00f6glich<\/td><td class='avia-highlight-col'>h\u00e4ufig pers\u00f6nlich, z.B. per Mail oder Telefon<\/td><td class='avia-highlight-col'>in der Regel pers\u00f6nlich, oft spontan<\/td><\/tr><tr class=''><td class='avia-highlight-col'>Preis<\/td><td class='avia-highlight-col'>mittel bis hoch niedrig<\/td><td class='avia-highlight-col'>niedrig<\/td><td class='avia-highlight-col'>sehr niedrig, teils als kostenlose Stellpl\u00e4tze<\/td><\/tr><\/tbody><\/table><\/div>\n\n<\/div><\/div><\/div><!-- close content main div --><\/div><\/div><div id='av_section_20'  class='avia-section av-1plu546-dccead57ca1f3e4b0ded6fc7a7691e84 main_color avia-section-default avia-no-border-styling  avia-builder-el-9  el_after_av_section  el_before_av_section  reduced-content avia-bg-style-scroll container_wrap sidebar_right'  ><div class='container av-section-cont-open' ><div class='template-page content  av-content-small alpha units'><div class='post-entry post-entry-type-page post-entry-114982'><div class='entry-content-wrapper clearfix'>\n\n<style type=\"text\/css\" data-created_by=\"avia_inline_auto\" id=\"style-css-av-cqtj8iu-a595465d268cb50b6920bc280cbd3a92\">\n.flex_column.av-cqtj8iu-a595465d268cb50b6920bc280cbd3a92{\nborder-radius:0px 0px 0px 0px;\npadding:0px 0px 0px 0px;\n}\n<\/style>\n<div  class='flex_column av-cqtj8iu-a595465d268cb50b6920bc280cbd3a92 av_one_full first flex_column_div av-zero-column-padding  '     ><section  class='av_textblock_section av-5h7b606-e680474e17d4903c1966d26e8125f2ba '   itemscope=\"itemscope\" itemtype=\"https:\/\/schema.org\/BlogPosting\" itemprop=\"blogPost\" ><div class='avia_textblock'  itemprop=\"text\" ><h2>Packliste: Das muss beim naturnahen Campen mit an Bord<\/h2>\n<p>Der Wohnmobil-Urlaub auf einem Minicampingplatz steht an? Mit der folgenden Packliste sind Sie f\u00fcr die speziellen Anforderungen des Minicampings gut ger\u00fcstet:<\/p>\n<ul>\n<li>Da der n\u00e4chste Supermarkt mitunter weit entfernt liegt, wird ein Grundstock an <strong>haltbaren Lebensmitteln<\/strong> ben\u00f6tigt.<\/li>\n<li>Neben Lebensmitteln geh\u00f6ren selbstverst\u00e4ndlich auch <strong>Drogerieartikel<\/strong> (z.B. Zahnb\u00fcrste, Zahnpasta, Seife, Feuchtt\u00fccher etc.) ins Gep\u00e4ck.<\/li>\n<li>Sofern Ihr Mini-Wohnmobil keine K\u00fcchenzeile hat, ist ein <strong>Campingkocher mit zugeh\u00f6rigen Gaskartuschen<\/strong> sehr empfehlenswert.<\/li>\n<li>Bequeme und funktionale <strong>Outdoor-Kleidung<\/strong> ist Voraussetzung, um auf Wanderungen die Umgebung zu entdecken.<\/li>\n<li>Wenn die Sonne lacht und die Natur ruft, verbringen Sie ganz automatisch viel Zeit drau\u00dfen. <strong>Sonnenschutz<\/strong> (Sonnencreme, Sonnenbrille, Hut etc.) ist daher Pflicht.<\/li>\n<li>Gerade auf sehr kleinen Pl\u00e4tzen ist ein Vorrat an <strong>Toilettenpapier<\/strong> sehr empfehlenswert.<\/li>\n<li>Auch <strong>M\u00fcllbeutel<\/strong> geh\u00f6ren mit an Bord. Immerhin wird vor Ort viel Wert darauf gelegt, keine Abf\u00e4lle in der Natur zu hinterlassen.<\/li>\n<li>Da viele Minicampingpl\u00e4tze in der N\u00e4he von Seen oder kleinen Teichen liegen, werden sie nicht selten von M\u00fccken heimgesucht. Umso wichtiger ist <strong>M\u00fcckenspray<\/strong>.<\/li>\n<li>Bis zum n\u00e4chsten Ort kann es weit sein \u2013 und nachts sehr dunkel werden. Gute <strong>Taschenlampen<\/strong> (inkl. Ersatzbatterien) empfehlen sich daher.<\/li>\n<li>Gerade, wenn Ihr Minicampingplatz in einem Natur- oder Nationalpark liegt, ist es mit dem mobilen Internet oft nicht weit her. F\u00fcr Wanderungen braucht es daher <strong>Offline-Kartenmaterial<\/strong>.<\/li>\n<\/ul>\n<\/div><\/section><\/div>\n\n<\/div><\/div><\/div><!-- close content main div --><\/div><\/div><div id='av_section_21'  class='avia-section av-4p6qv8m-b839e5a1b5de1576f5e77ce4fcb48632 main_color avia-section-default avia-no-border-styling  routes-breaker fullwidth_section avia-bg-style-scroll container_wrap sidebar_right'  ><div class='container av-section-cont-open' ><div class='template-page content  av-content-small alpha units'><div class='post-entry post-entry-type-page post-entry-114982'><div class='entry-content-wrapper clearfix'>\n<section  class='av_textblock_section av-174o6equ-37f8e34f2fa75665cbc1775a68ef591e '   itemscope=\"itemscope\" itemtype=\"https:\/\/schema.org\/BlogPosting\" itemprop=\"blogPost\" ><div class='avia_textblock'  itemprop=\"text\" >\r\n<div class=\"flex_column av_one_full flex_column_div av-zero-column-padding first avia-builder-el-first\">\r\n    <section class=\"av_textblock_section \" itemscope=\"itemscope\"\r\n             itemtype=\"https:\/\/schema.org\/CreativeWork\">\r\n        <div class=\"avia_textblock\" itemprop=\"text\">\r\n            Die besten Routentipps        <\/div>\r\n    <\/section>\r\n    <div class=\"route-breaker-items\">\r\n                    <div class=\"route-breaker-item\">\r\n                <a href=\"https:\/\/www.tuicamper.com\/routen\/deutschland-routen\/nordsee-rundreise\/\">\r\n                                            <div\r\n                                class=\"route-breaker-item-thumbnail\"\r\n                                style=\"background-image: url(https:\/\/www.tuicamper.com\/wp-docker\/wp-content\/uploads\/2022\/11\/strand-nordsee-pano-400x200.jpg);\"\r\n                        ><\/div>\r\n                                        <span>Nordsee-Rundreise mit dem Camper \u2013 Wattenmeer und D\u00fcnen<\/span>\r\n                <\/a>\r\n            <\/div>\r\n                    <div class=\"route-breaker-item\">\r\n                <a href=\"https:\/\/www.tuicamper.com\/routen\/deutschland-routen\/ostsee-rundreise\/\">\r\n                                            <div\r\n                                class=\"route-breaker-item-thumbnail\"\r\n                                style=\"background-image: url(https:\/\/www.tuicamper.com\/wp-docker\/wp-content\/uploads\/2022\/11\/seebruecke-pano-400x200.jpg);\"\r\n                        ><\/div>\r\n                                        <span>Ostsee-Rundreise \u2013 Hansest\u00e4dte und Backsteingotik<\/span>\r\n                <\/a>\r\n            <\/div>\r\n                    <div class=\"route-breaker-item\">\r\n                <a href=\"https:\/\/www.tuicamper.com\/routen\/deutschland-routen\/bremen-rundreise\/\">\r\n                                            <div\r\n                                class=\"route-breaker-item-thumbnail\"\r\n                                style=\"background-image: url(https:\/\/www.tuicamper.com\/wp-docker\/wp-content\/uploads\/2023\/04\/bremen-ge66684bab_1280-1-e1681381785411-400x200.jpg);\"\r\n                        ><\/div>\r\n                                        <span>Bremen-Rundreise: Nationalparks, K\u00fcsten &#038; historische St\u00e4dte<\/span>\r\n                <\/a>\r\n            <\/div>\r\n                    <\/div>\r\n            <div class=\"route-breaker-countries-footer mode-footer_inline\">\r\n            <div><p>Alle Routen f\u00fcr:<\/p><\/div>\r\n            <div>\r\n                                    <a href=\"https:\/\/www.tuicamper.com\/routen\/deutschland-routen\/\">\r\n                                                    <img decoding=\"async\" src=\"https:\/\/www.tuicamper.com\/wp-docker\/wp-content\/uploads\/2022\/04\/de-circle.png\" alt=\"Deutschland\">\r\n                                                Deutschland                    <\/a>\r\n                            <\/div>\r\n        <\/div>\r\n                <div class=\"route-breaker-countries-footer mode-overview no-border\">\r\n            <p><i class=\"tui-cars-icon tuicars-icon-arrow-left\"><\/i><a href=\"https:\/\/www.tuicamper.com\/routen\/\">Zur Routen-\u00dcbersicht<\/a><\/p>\r\n        <\/div>\r\n    <\/div>\r\n\n<\/div><\/section>\n<\/div><\/div><\/div><!-- close content main div --><\/div><\/div><div id='after_section_21'  class='main_color av_default_container_wrap container_wrap sidebar_right'  ><div class='container av-section-cont-open' ><div class='template-page content  av-content-small alpha units'><div class='post-entry post-entry-type-page post-entry-114982'><div class='entry-content-wrapper clearfix'>\n<\/div><\/div><\/div><!-- close content main div --><\/div><\/div><div id='av_section_22'  class='avia-section av-cxss5t2-7412498ebce299aae2b344a9eb7e9fb0 main_color avia-section-default avia-no-border-styling  reduced-content avia-bg-style-scroll container_wrap sidebar_right'  ><div class='container av-section-cont-open' ><div class='template-page content  av-content-small alpha units'><div class='post-entry post-entry-type-page post-entry-114982'><div class='entry-content-wrapper clearfix'>\n\n<style type=\"text\/css\" data-created_by=\"avia_inline_auto\" id=\"style-css-av-5yukoh2-6f43a6af49b3f8f948862c41ac41565c\">\n.flex_column.av-5yukoh2-6f43a6af49b3f8f948862c41ac41565c{\nborder-radius:0px 0px 0px 0px;\npadding:0px 0px 0px 0px;\n}\n<\/style>\n<div  class='flex_column av-5yukoh2-6f43a6af49b3f8f948862c41ac41565c av_one_full first flex_column_div av-zero-column-padding  '     ><section  class='av_textblock_section av-mguxekv8-7888746eb14ba083758c7daf389ecadd '   itemscope=\"itemscope\" itemtype=\"https:\/\/schema.org\/BlogPosting\" itemprop=\"blogPost\" ><div class='avia_textblock'  itemprop=\"text\" ><h2>Fragen und Antworten<\/h2>\n<p>Abschlie\u00dfend beantworten wir Ihnen die wichtigsten Fragen rund um das Thema Minicamping.<\/p>\n<h3>Wo gibt es Minicampingpl\u00e4tze?<\/h3>\n<p>Minicampingpl\u00e4tze gibt es in ganz Europa. Gerade in den Niederlanden und in Belgien sind die kleinen Campingpl\u00e4tze beliebt und werben auch mit dem Begriff \u201eMinicamping\u201c. Aber auch hierzulande, in Frankreich, Italien und Skandinavien gibt es viele kleine Campingpl\u00e4tze, die das \u201eMini\u201c zwar nicht im Namen tragen, die der Definition nach aber Minicampingpl\u00e4tze sind.<\/p>\n<h3>Wie finde ich die kleinen Campingpl\u00e4tze?<\/h3>\n<p>Sofern sich die kleinen Campingpl\u00e4tze als \u201eMinicampingplatz\u201c bezeichnen, werden Sie bei einer Websuche f\u00fcr die gew\u00fcnschte Region (z.B. in Google Maps) f\u00fcndig. Dar\u00fcber hinaus empfiehlt sich die Suche auf einschl\u00e4gigen Online-Portalen (z.B. <a href=\"https:\/\/www.camping.info\/de\" target=\"_blank\" rel=\"noopener\">Camping.info<\/a>). \u00dcber die Filtereinstellungen k\u00f6nnen Sie hier gezielt nach Campingpl\u00e4tzen mit wenigen Stellpl\u00e4tzen suchen.<\/p>\n<h3>Welche Regeln gelten auf einem Minicampingplatz?<\/h3>\n<p>Genau wie gr\u00f6\u00dfere Campingpl\u00e4tze legt auch jeder Minicampingplatz seine Hausregeln \u2013 zum Beispiel bez\u00fcglich Ruhezeiten \u2013 selbst fest. Insbesondere in puncto M\u00fcllvermeidung und M\u00fcllbeseitigung gibt es bei den naturnahen Pl\u00e4tzen meist strenge Vorgaben. Sofern vor Ort keine Entsorgung m\u00f6glich ist, m\u00fcssen Camper Ihren Abfall mitnehmen und sp\u00e4ter selbst entsorgen.<\/p>\n<\/div><\/section><\/div><\/div><\/div><\/div><!-- close content main div --><\/div><\/div><div id='after_section_22'  class='main_color av_default_container_wrap container_wrap sidebar_right'  ><div class='container av-section-cont-open' ><div class='template-page content  av-content-small alpha units'><div class='post-entry post-entry-type-page post-entry-114982'><div class='entry-content-wrapper clearfix'><\/div><\/div><\/div><!-- close content main div --><\/div><\/div><div id='av_section_23'  class='avia-section av-pvrg6xy-6cc38dc0546a03aa7896329dc290c87f main_color avia-section-default avia-no-border-styling  reduced-content avia-bg-style-scroll container_wrap sidebar_right'  ><div class='container av-section-cont-open' ><div class='template-page content  av-content-small alpha units'><div class='post-entry post-entry-type-page post-entry-114982'><div class='entry-content-wrapper clearfix'>\n<div  class='avia-button-wrap av-22cvciu-89623fa335a1dc2eacca6110b86bb2df-wrap avia-button-center '><a href='https:\/\/www.tuicamper.com\/reiseziele\/europa\/deutschland\/'  class='avia-button av-22cvciu-89623fa335a1dc2eacca6110b86bb2df av-link-btn avia-icon_select-yes-right-icon avia-size-large avia-position-center avia-color-theme-color'   aria-label=\"Jetzt Wohnmobil mieten f\u00fcr Deutschland\"><span class='avia_iconbox_title' >Jetzt Wohnmobil mieten f\u00fcr Deutschland<\/span><span class='avia_button_icon avia_button_icon_right avia-iconfont avia-font-entypo-fontello' data-av_icon='\ue875' data-av_iconfont='entypo-fontello' ><\/span><\/a><\/div>\n\n<style type=\"text\/css\" data-created_by=\"avia_inline_auto\" id=\"style-css-av-gs9ulye-40007a9a1be644f6fe4b9c7ff8d8e593\">\n.flex_column.av-gs9ulye-40007a9a1be644f6fe4b9c7ff8d8e593{\nborder-radius:0px 0px 0px 0px;\npadding:0px 0px 0px 0px;\n}\n<\/style>\n<div  class='flex_column av-gs9ulye-40007a9a1be644f6fe4b9c7ff8d8e593 av_one_full first flex_column_div av-zero-column-padding  '     ><style type=\"text\/css\" data-created_by=\"avia_inline_auto\" id=\"style-css-av-csu64bq-13d674485cc045ef33dfea080e080600\">\n#top .av_textblock_section.av-csu64bq-13d674485cc045ef33dfea080e080600 .avia_textblock{\nfont-size:28px;\n}\n<\/style>\n<section  class='av_textblock_section av-csu64bq-13d674485cc045ef33dfea080e080600 '   itemscope=\"itemscope\" itemtype=\"https:\/\/schema.org\/BlogPosting\" itemprop=\"blogPost\" ><div class='avia_textblock'  itemprop=\"text\" ><p><strong>Ihr TUI CAMPER-Team w\u00fcnscht Ihnen ein famili\u00e4res Minicamping-Erlebnis!<\/strong><\/p>\n<\/div><\/section><\/div><div  class='av-social-sharing-box av-5ny80ti-4260608ca611cf4acf7b6936f09e30e0 av-social-sharing-box-default av-social-sharing-box-fullwidth'><div class=\"av-share-box\"><ul class=\"av-share-box-list noLightbox\"><li class='av-share-link av-social-link-facebook avia_social_iconfont' ><a target=\"_blank\" aria-label=\"Teilen auf Facebook\" href='https:\/\/www.facebook.com\/sharer.php?u=https:\/\/www.tuicamper.com\/magazin\/hamburg-sehenswuerdigkeiten\/&#038;t=Hamburg%20Sehensw%C3%BCrdigkeiten%3A%20Die%20sch%C3%B6nsten%20Highlights%20%26%20besten%20Tipps' data-av_icon='\ue8f3' data-av_iconfont='entypo-fontello'  title='' data-avia-related-tooltip='Teilen auf Facebook'><span class='avia_hidden_link_text'>Teilen auf Facebook<\/span><\/a><\/li><li class='av-share-link av-social-link-twitter avia_social_iconfont' ><a target=\"_blank\" aria-label=\"Teilen auf X\" href='https:\/\/twitter.com\/share?text=Hamburg%20Sehensw%C3%BCrdigkeiten%3A%20Die%20sch%C3%B6nsten%20Highlights%20%26%20besten%20Tipps&#038;url=https:\/\/www.tuicamper.com\/magazin\/hamburg-sehenswuerdigkeiten\/' data-av_icon='\ue932' data-av_iconfont='entypo-fontello'  title='' data-avia-related-tooltip='Teilen auf X'><span class='avia_hidden_link_text'>Teilen auf X<\/span><\/a><\/li><li class='av-share-link av-social-link-whatsapp avia_social_iconfont' ><a target=\"_blank\" aria-label=\"Teilen auf WhatsApp\" href='https:\/\/api.whatsapp.com\/send?text=https:\/\/www.tuicamper.com\/magazin\/hamburg-sehenswuerdigkeiten\/' data-av_icon='\uf232' data-av_iconfont='entypo-fontello'  title='' data-avia-related-tooltip='Teilen auf WhatsApp'><span class='avia_hidden_link_text'>Teilen auf WhatsApp<\/span><\/a><\/li><li class='av-share-link av-social-link-pinterest avia_social_iconfont' ><a target=\"_blank\" aria-label=\"Teilen auf Pinterest\" href='https:\/\/pinterest.com\/pin\/create\/button\/?url=https%3A%2F%2Fwww.tuicamper.com%2Fmagazin%2Fhamburg-sehenswuerdigkeiten%2F&#038;description=Hamburg%20Sehensw%C3%BCrdigkeiten%3A%20Die%20sch%C3%B6nsten%20Highlights%20%26%20besten%20Tipps&#038;media=https%3A%2F%2Fwww.tuicamper.com%2Fwp-docker%2Fwp-content%2Fuploads%2F2023%2F07%2FHamburg_beitragsbild-e1689226964282-705x271.jpg' data-av_icon='\ue8f8' data-av_iconfont='entypo-fontello'  title='' data-avia-related-tooltip='Teilen auf Pinterest'><span class='avia_hidden_link_text'>Teilen auf Pinterest<\/span><\/a><\/li><li class='av-share-link av-social-link-mail avia_social_iconfont' ><a  aria-label=\"Per E-Mail teilen\" href='mailto:?subject=Hamburg%20Sehensw%C3%BCrdigkeiten%3A%20Die%20sch%C3%B6nsten%20Highlights%20%26%20besten%20Tipps&#038;body=https:\/\/www.tuicamper.com\/magazin\/hamburg-sehenswuerdigkeiten\/' data-av_icon='\ue805' data-av_iconfont='entypo-fontello'  title='' data-avia-related-tooltip='Per E-Mail teilen'><span class='avia_hidden_link_text'>Per E-Mail teilen<\/span><\/a><\/li><\/ul><\/div><\/div>\n<\/div><\/div><\/div><!-- close content main div --><\/div><\/div><div id='after_section_23'  class='main_color av_default_container_wrap container_wrap sidebar_right'  ><div class='container av-section-cont-open' ><div class='template-page content  av-content-small alpha units'><div class='post-entry post-entry-type-page post-entry-114982'><div class='entry-content-wrapper clearfix'><\/p>\n","protected":false},"excerpt":{"rendered":"<p>Sie w\u00fcnschen sich ein g\u00fcnstiges, naturnahes Camping-Erlebnis auf einem kleinen, ruhigen Platz in famili\u00e4rer Atmosph\u00e4re? Dann ist Minicamping genau das Richtige! <\/p>\n","protected":false},"author":5,"featured_media":114991,"comment_status":"open","ping_status":"open","sticky":false,"template":"","format":"standard","meta":{"footnotes":""},"categories":[32],"tags":[48,47,50,38],"class_list":["post-114982","post","type-post","status-publish","format-standard","has-post-thumbnail","hentry","category-camper-insights","tag-buchungstipps","tag-grundlagen","tag-natur","tag-uebernachten"],"yoast_head":"<!-- This site is optimized with the Yoast SEO plugin v27.4 - https:\/\/yoast.com\/product\/yoast-seo-wordpress\/ -->\n<title>Minicamping: Infos, Tipps &amp; Empfehlungen - TUI CAMPER<\/title>\n<meta name=\"description\" content=\"Ruhiges Camping auf einem kleinen Platz mitten in der Natur \u2713 5 Minicampingpl\u00e4tze im Portr\u00e4t \u2713 Vorteile \u2713 Camping-Tipps \u2713 Jetzt mehr erfahren!\" \/>\n<meta name=\"robots\" content=\"index, follow, max-snippet:-1, max-image-preview:large, max-video-preview:-1\" \/>\n<link rel=\"canonical\" href=\"https:\/\/www.tuicamper.com\/magazin\/minicamping-tipps-zu-kleinen-campingplaetzen\/\" \/>\n<meta property=\"og:locale\" content=\"de_DE\" \/>\n<meta property=\"og:type\" content=\"article\" \/>\n<meta property=\"og:title\" content=\"Minicamping: Infos, Tipps &amp; Empfehlungen - TUI CAMPER\" \/>\n<meta property=\"og:description\" content=\"Ruhiges Camping auf einem kleinen Platz mitten in der Natur \u2713 5 Minicampingpl\u00e4tze im Portr\u00e4t \u2713 Vorteile \u2713 Camping-Tipps \u2713 Jetzt mehr erfahren!\" \/>\n<meta property=\"og:url\" content=\"https:\/\/www.tuicamper.com\/magazin\/minicamping-tipps-zu-kleinen-campingplaetzen\/\" \/>\n<meta property=\"og:site_name\" content=\"TUI Camper Magazin\" \/>\n<meta property=\"article:published_time\" content=\"2025-10-20T09:45:31+00:00\" \/>\n<meta property=\"article:modified_time\" content=\"2025-10-20T11:10:13+00:00\" \/>\n<meta property=\"og:image\" content=\"https:\/\/www.tuicamper.com\/wp-docker\/wp-content\/uploads\/2025\/10\/minicamping-header.jpg\" \/>\n\t<meta property=\"og:image:width\" content=\"1280\" \/>\n\t<meta property=\"og:image:height\" content=\"492\" \/>\n\t<meta property=\"og:image:type\" content=\"image\/jpeg\" \/>\n<meta name=\"author\" content=\"Olli\" \/>\n<meta name=\"twitter:card\" content=\"summary_large_image\" \/>\n<meta name=\"twitter:label1\" content=\"Verfasst von\" \/>\n\t<meta name=\"twitter:data1\" content=\"Olli\" \/>\n\t<meta name=\"twitter:label2\" content=\"Gesch\u00e4tzte Lesezeit\" \/>\n\t<meta name=\"twitter:data2\" content=\"13\u00a0Minuten\" \/>\n<!-- \/ Yoast SEO plugin. -->","yoast_head_json":{"title":"Minicamping: Infos, Tipps & Empfehlungen - TUI CAMPER","description":"Ruhiges Camping auf einem kleinen Platz mitten in der Natur \u2713 5 Minicampingpl\u00e4tze im Portr\u00e4t \u2713 Vorteile \u2713 Camping-Tipps \u2713 Jetzt mehr erfahren!","robots":{"index":"index","follow":"follow","max-snippet":"max-snippet:-1","max-image-preview":"max-image-preview:large","max-video-preview":"max-video-preview:-1"},"canonical":"https:\/\/www.tuicamper.com\/magazin\/minicamping-tipps-zu-kleinen-campingplaetzen\/","og_locale":"de_DE","og_type":"article","og_title":"Minicamping: Infos, Tipps & Empfehlungen - TUI CAMPER","og_description":"Ruhiges Camping auf einem kleinen Platz mitten in der Natur \u2713 5 Minicampingpl\u00e4tze im Portr\u00e4t \u2713 Vorteile \u2713 Camping-Tipps \u2713 Jetzt mehr erfahren!","og_url":"https:\/\/www.tuicamper.com\/magazin\/minicamping-tipps-zu-kleinen-campingplaetzen\/","og_site_name":"TUI Camper Magazin","article_published_time":"2025-10-20T09:45:31+00:00","article_modified_time":"2025-10-20T11:10:13+00:00","og_image":[{"width":1280,"height":492,"url":"https:\/\/www.tuicamper.com\/wp-docker\/wp-content\/uploads\/2025\/10\/minicamping-header.jpg","type":"image\/jpeg"}],"author":"Olli","twitter_card":"summary_large_image","twitter_misc":{"Verfasst von":"Olli","Gesch\u00e4tzte Lesezeit":"13\u00a0Minuten"},"schema":{"@context":"https:\/\/schema.org","@graph":[{"@type":"Article","@id":"https:\/\/www.tuicamper.com\/magazin\/minicamping-tipps-zu-kleinen-campingplaetzen\/#article","isPartOf":{"@id":"https:\/\/www.tuicamper.com\/magazin\/minicamping-tipps-zu-kleinen-campingplaetzen\/"},"author":{"name":"Olli","@id":"https:\/\/www.tuicamper.com\/wp-docker\/#\/schema\/person\/98975e733813f701672fd75ef9df8b69"},"headline":"Minicamping: Infos, Tipps &#038; Empfehlungen zu kleinen Campingpl\u00e4tzen","datePublished":"2025-10-20T09:45:31+00:00","dateModified":"2025-10-20T11:10:13+00:00","mainEntityOfPage":{"@id":"https:\/\/www.tuicamper.com\/magazin\/minicamping-tipps-zu-kleinen-campingplaetzen\/"},"wordCount":8922,"commentCount":0,"image":{"@id":"https:\/\/www.tuicamper.com\/magazin\/minicamping-tipps-zu-kleinen-campingplaetzen\/#primaryimage"},"thumbnailUrl":"https:\/\/www.tuicamper.com\/wp-docker\/wp-content\/uploads\/2025\/10\/minicamping-header.jpg","keywords":["Buchungstipps","Grundlagen","Natur","\u00dcbernachten"],"articleSection":["Camper-Insights"],"inLanguage":"de","potentialAction":[{"@type":"CommentAction","name":"Comment","target":["https:\/\/www.tuicamper.com\/magazin\/minicamping-tipps-zu-kleinen-campingplaetzen\/#respond"]}]},{"@type":"WebPage","@id":"https:\/\/www.tuicamper.com\/magazin\/minicamping-tipps-zu-kleinen-campingplaetzen\/","url":"https:\/\/www.tuicamper.com\/magazin\/minicamping-tipps-zu-kleinen-campingplaetzen\/","name":"Minicamping: Infos, Tipps & Empfehlungen - TUI CAMPER","isPartOf":{"@id":"https:\/\/www.tuicamper.com\/#website"},"primaryImageOfPage":{"@id":"https:\/\/www.tuicamper.com\/magazin\/minicamping-tipps-zu-kleinen-campingplaetzen\/#primaryimage"},"image":{"@id":"https:\/\/www.tuicamper.com\/magazin\/minicamping-tipps-zu-kleinen-campingplaetzen\/#primaryimage"},"thumbnailUrl":"https:\/\/www.tuicamper.com\/wp-content\/uploads\/2025\/10\/minicamping-header.jpg","datePublished":"2025-10-20T09:45:31+00:00","dateModified":"2025-10-20T11:10:13+00:00","author":{"@id":"https:\/\/www.tuicamper.com\/#\/schema\/person\/98975e733813f701672fd75ef9df8b69"},"description":"Ruhiges Camping auf einem kleinen Platz mitten in der Natur \u2713 5 Minicampingpl\u00e4tze im Portr\u00e4t \u2713 Vorteile \u2713 Camping-Tipps \u2713 Jetzt mehr erfahren!","breadcrumb":{"@id":"https:\/\/www.tuicamper.com\/magazin\/minicamping-tipps-zu-kleinen-campingplaetzen\/#breadcrumb"},"inLanguage":"de","potentialAction":["Array"]},{"@type":"ImageObject","inLanguage":"de","@id":"https:\/\/www.tuicamper.com\/magazin\/minicamping-tipps-zu-kleinen-campingplaetzen\/#primaryimage","url":"https:\/\/www.tuicamper.com\/wp-docker\/wp-content\/uploads\/2025\/10\/minicamping-header.jpg","contentUrl":"https:\/\/www.tuicamper.com\/wp-docker\/wp-content\/uploads\/2025\/10\/minicamping-header.jpg","width":1280,"height":492},{"@type":"BreadcrumbList","@id":"https:\/\/www.tuicamper.com\/magazin\/minicamping-tipps-zu-kleinen-campingplaetzen\/#breadcrumb","itemListElement":[{"@type":"ListItem","position":1,"name":"Startseite","item":"https:\/\/www.tuicamper.com\/wp-docker\/"},{"@type":"ListItem","position":2,"name":"Minicamping: Infos, Tipps &#038; Empfehlungen zu kleinen Campingpl\u00e4tzen"}]},{"@type":"WebSite","@id":"https:\/\/www.tuicamper.com\/#website","url":"https:\/\/www.tuicamper.com\/","name":"TUI Camper Magazin","description":"","potentialAction":["Array"],"inLanguage":"de"},{"@type":"Person","@id":"https:\/\/www.tuicamper.com\/wp-docker\/#\/schema\/person\/98975e733813f701672fd75ef9df8b69","name":"Olli","image":{"@type":"ImageObject","inLanguage":"de","@id":"https:\/\/secure.gravatar.com\/avatar\/4529b17b9a4dec34d38f705f89e1db8c906d30537b64d795d775d528c07951ff?s=96&d=mm&r=g","url":"https:\/\/secure.gravatar.com\/avatar\/4529b17b9a4dec34d38f705f89e1db8c906d30537b64d795d775d528c07951ff?s=96&d=mm&r=g","contentUrl":"https:\/\/secure.gravatar.com\/avatar\/4529b17b9a4dec34d38f705f89e1db8c906d30537b64d795d775d528c07951ff?s=96&d=mm&r=g","caption":"Olli"},"url":"https:\/\/www.tuicamper.com\/wp-docker\/magazin\/author\/olli\/"}]}},"_links":{"self":[{"href":"https:\/\/www.tuicamper.com\/wp-docker\/wp-json\/wp\/v2\/posts\/114982","targetHints":{"allow":["GET"]}}],"collection":[{"href":"https:\/\/www.tuicamper.com\/wp-docker\/wp-json\/wp\/v2\/posts"}],"about":[{"href":"https:\/\/www.tuicamper.com\/wp-docker\/wp-json\/wp\/v2\/types\/post"}],"author":[{"embeddable":true,"href":"https:\/\/www.tuicamper.com\/wp-docker\/wp-json\/wp\/v2\/users\/5"}],"replies":[{"embeddable":true,"href":"https:\/\/www.tuicamper.com\/wp-docker\/wp-json\/wp\/v2\/comments?post=114982"}],"version-history":[{"count":34,"href":"https:\/\/www.tuicamper.com\/wp-docker\/wp-json\/wp\/v2\/posts\/114982\/revisions"}],"predecessor-version":[{"id":115003,"href":"https:\/\/www.tuicamper.com\/wp-docker\/wp-json\/wp\/v2\/posts\/114982\/revisions\/115003"}],"wp:featuredmedia":[{"embeddable":true,"href":"https:\/\/www.tuicamper.com\/wp-docker\/wp-json\/wp\/v2\/media\/114991"}],"wp:attachment":[{"href":"https:\/\/www.tuicamper.com\/wp-docker\/wp-json\/wp\/v2\/media?parent=114982"}],"wp:term":[{"taxonomy":"category","embeddable":true,"href":"https:\/\/www.tuicamper.com\/wp-docker\/wp-json\/wp\/v2\/categories?post=114982"},{"taxonomy":"post_tag","embeddable":true,"href":"https:\/\/www.tuicamper.com\/wp-docker\/wp-json\/wp\/v2\/tags?post=114982"}],"curies":[{"name":"wp","href":"https:\/\/api.w.org\/{rel}","templated":true}]}}