{"id":112203,"date":"2025-09-03T17:54:31","date_gmt":"2025-09-03T15:54:31","guid":{"rendered":"https:\/\/www.tuicamper.com\/?p=112203"},"modified":"2025-09-16T10:51:47","modified_gmt":"2025-09-16T08:51:47","slug":"muenchen-sehenswuerdigkeiten","status":"publish","type":"post","link":"https:\/\/www.tuicamper.com\/magazin\/muenchen-sehenswuerdigkeiten\/","title":{"rendered":"M\u00fcnchen Sehensw\u00fcrdigkeiten: Die sch\u00f6nsten Highlights, Campingpl\u00e4tze &#038; Tipps"},"content":{"rendered":"<div id='av_section_1'  class='avia-section av-9nl4oakr-50c52cf26b7a1f246fe488cdb34c342a main_color avia-section-default avia-no-border-styling  avia-builder-el-0  el_before_av_textblock  avia-builder-el-first  reduced-content avia-bg-style-scroll container_wrap sidebar_right'  ><div class='container av-section-cont-open' ><main  role=\"main\" itemprop=\"mainContentOfPage\"  class='template-page content  av-content-small alpha units'><div class='post-entry post-entry-type-page post-entry-112203'><div class='entry-content-wrapper clearfix'>\n\n<style type=\"text\/css\" data-created_by=\"avia_inline_auto\" id=\"style-css-av-9gi5sh8r-815d4de441af0e3e45a82e798e56e14f\">\n.flex_column.av-9gi5sh8r-815d4de441af0e3e45a82e798e56e14f{\nborder-radius:0px 0px 0px 0px;\npadding:0px 0px 0px 0px;\n}\n<\/style>\n<div  class='flex_column av-9gi5sh8r-815d4de441af0e3e45a82e798e56e14f av_one_full  avia-builder-el-1  avia-builder-el-no-sibling  first flex_column_div av-zero-column-padding  '     ><section  class='av_textblock_section av-9eboqnt7-13559992fd84009c2ae6175d9b492a9f '   itemscope=\"itemscope\" itemtype=\"https:\/\/schema.org\/BlogPosting\" itemprop=\"blogPost\" ><div class='avia_textblock'  itemprop=\"text\" ><p>Imposante Bauwerke, quicklebendige Viertel und ein extrem facettenreiches Kunst- und Kulturleben: Die bayerische Landeshauptstadt M\u00fcnchen z\u00e4hlt nicht ohne Grund zu den lebenswertesten St\u00e4dten der Welt und zu den beliebtesten Reisedestinationen Deutschlands. Praktisch: Da sich in und um die Millionenmetropole etliche Stell- und Campingpl\u00e4tze befinden, steht auch einem Besuch mit dem Wohnmobil nichts im Wege. Sei es im Rahmen eines 1-t\u00e4gigen Kurztrips oder als mehrt\u00e4gige Stadtbesichtigung. Wir zeigen Ihnen, welche Highlights Sie vor Ort nicht verpassen d\u00fcrfen!<\/p>\n<\/div><\/section><\/div>\n<\/div><\/div><\/main><!-- close content main element --><\/div><\/div><div id='after_section_1'  class='main_color av_default_container_wrap container_wrap sidebar_right'  ><div class='container av-section-cont-open' ><div class='template-page content  av-content-small alpha units'><div class='post-entry post-entry-type-page post-entry-112203'><div class='entry-content-wrapper clearfix'>\n<section  class='av_textblock_section av-98zt7jbf-b5f340435d544643381963b8923b45f1 '   itemscope=\"itemscope\" itemtype=\"https:\/\/schema.org\/BlogPosting\" itemprop=\"blogPost\" ><div class='avia_textblock'  itemprop=\"text\" >\n<\/div><\/section>\n<\/div><\/div><\/div><!-- close content main div --><\/div><\/div><div id='av_section_2'  class='avia-section av-95ihgp3f-5cbfbdcd32b945825fa9bb3b6ceaada8 main_color avia-section-default avia-no-border-styling  avia-builder-el-4  el_after_av_textblock  el_before_av_section  reduced-content avia-bg-style-scroll container_wrap sidebar_right'  ><div class='container av-section-cont-open' ><div class='template-page content  av-content-small alpha units'><div class='post-entry post-entry-type-page post-entry-112203'><div class='entry-content-wrapper clearfix'>\n<section  class='av_textblock_section av-8zwgdf63-af1e169b6adc963d352c0a632d95c44b '   itemscope=\"itemscope\" itemtype=\"https:\/\/schema.org\/BlogPosting\" itemprop=\"blogPost\" ><div class='avia_textblock'  itemprop=\"text\" ><div id=\"js-table-of-contents\">\r\n    <strong>Inhaltsverzeichnis<\/strong>\r\n<\/div>\n<\/div><\/section>\n\n<\/div><\/div><\/div><!-- close content main div --><\/div><\/div><div id='av_section_3'  class='avia-section av-8wln7daj-5dc58c83ee4e8218c422908bd1eb4544 main_color avia-section-default avia-no-border-styling  avia-builder-el-6  el_after_av_section  el_before_av_section  reduced-content avia-bg-style-scroll container_wrap sidebar_right'  ><div class='container av-section-cont-open' ><div class='template-page content  av-content-small alpha units'><div class='post-entry post-entry-type-page post-entry-112203'><div class='entry-content-wrapper clearfix'>\n\n<style type=\"text\/css\" data-created_by=\"avia_inline_auto\" id=\"style-css-av-8s8fksqz-b1046e04daccf6270aedbb3b17d55d16\">\n.flex_column.av-8s8fksqz-b1046e04daccf6270aedbb3b17d55d16{\nborder-radius:0px 0px 0px 0px;\npadding:0px 0px 0px 0px;\n}\n<\/style>\n<div  class='flex_column av-8s8fksqz-b1046e04daccf6270aedbb3b17d55d16 av_one_full  avia-builder-el-7  avia-builder-el-no-sibling  first flex_column_div av-zero-column-padding  '     ><section  class='av_textblock_section av-8n93xoej-d00da3ede27ea581d575b7588fa880a5 '   itemscope=\"itemscope\" itemtype=\"https:\/\/schema.org\/BlogPosting\" itemprop=\"blogPost\" ><div class='avia_textblock'  itemprop=\"text\" ><h2>Die Top-Sehensw\u00fcrdigkeiten f\u00fcr einen Kurztrip nach M\u00fcnchen<\/h2>\n<p>Sie sind maximal einen Tag in M\u00fcnchen? Dann empfehlen wir zun\u00e4chst einen Besuch des zentralen <strong>Marienplatzes<\/strong>. Immerhin befinden sich rund um das Herzst\u00fcck der Altstadt zahlreiche Sehensw\u00fcrdigkeiten. Allen voran das reich geschm\u00fcckte und architektonisch eindrucksvolle <strong>Neue Rathaus<\/strong> sowie das sp\u00e4tgotische <strong>Alte Rathaus<\/strong>. Und auch die <strong>Frauenkirche<\/strong> mit ihren beiden charakteristischen T\u00fcrmen \u2013 eines der bekanntesten Wahrzeichen der Stadt \u2013 steht nur einen Steinwurf entfernt. F\u00fcr eine mitt\u00e4gliche St\u00e4rkung bietet sich im Anschluss ein Abstecher zum ber\u00fchmten <strong>Hofbr\u00e4uhaus <\/strong>an, wo neben M\u00fcnchener Bier auch deftige Speisen serviert werden. Danach lohnt sich ein Spaziergang zum <strong>Englischen Garten<\/strong>, wo Sie den Nachmittag und Abend ausklingen lassen k\u00f6nnen. Der am Westufer der Isar gelegene Park geh\u00f6rt zu den gr\u00f6\u00dften Parkanlagen der Welt und wird von M\u00fcnchenern sehr gerne besucht. Vor Ort k\u00f6nnen Sie Bauwerke wie den chinesischen Turm bestaunen, am idyllischen Schwabinger Bach entspannen oder in einem Biergarten mit M\u00fcnchenern ins Gespr\u00e4ch kommen. Tipp: Am Eisbach gibt es mit der Eisbachwelle sogar einen gut frequentierten Surf-Spot, der das gesamte Jahr \u00fcber Surfer und Schaulustige anlockt.<\/p>\n<\/div><\/section><\/div>\n\n<\/div><\/div><\/div><!-- close content main div --><\/div><\/div><div id='av_section_4'  class='avia-section av-8i027ocr-9ca9838635c7cd6fb1c87c5990fcdf3f main_color avia-section-default avia-no-border-styling  avia-builder-el-9  el_after_av_section  el_before_av_section  reduced-content avia-bg-style-scroll container_wrap sidebar_right'  ><div class='container av-section-cont-open' ><div class='template-page content  av-content-small alpha units'><div class='post-entry post-entry-type-page post-entry-112203'><div class='entry-content-wrapper clearfix'>\n\n<style type=\"text\/css\" data-created_by=\"avia_inline_auto\" id=\"style-css-av-8e02ag5n-9ecdba78dc39f01a3fb43d9ae6a4924e\">\n.avia-image-container.av-8e02ag5n-9ecdba78dc39f01a3fb43d9ae6a4924e img.avia_image{\nbox-shadow:none;\n}\n.avia-image-container.av-8e02ag5n-9ecdba78dc39f01a3fb43d9ae6a4924e .av-caption-image-overlay-bg{\nopacity:0.4;\nbackground-color:#000000;\n}\n.avia-image-container.av-8e02ag5n-9ecdba78dc39f01a3fb43d9ae6a4924e .av-image-caption-overlay-center{\ncolor:#ffffff;\n}\n<\/style>\n<div  class='avia-image-container av-8e02ag5n-9ecdba78dc39f01a3fb43d9ae6a4924e av-styling- av-img-linked avia_animated_image av-animated-when-visible-95 fade-in avia-align-center  avia-builder-el-10  el_before_av_hr  avia-builder-el-first  noHover av-overlay-on-hover'   itemprop=\"image\" itemscope=\"itemscope\" itemtype=\"https:\/\/schema.org\/ImageObject\" ><div class=\"avia-image-container-inner\"><div class=\"avia-image-overlay-wrap\"><a href=\"https:\/\/www.tuicamper.com\/wp-docker\/wp-content\/uploads\/2025\/09\/muenchen-sehenswuerdigkeiten-isar-1030x644.jpg\" data-srcset=\"https:\/\/www.tuicamper.com\/wp-docker\/wp-content\/uploads\/2025\/09\/muenchen-sehenswuerdigkeiten-isar-1030x644.jpg 1030w, https:\/\/www.tuicamper.com\/wp-docker\/wp-content\/uploads\/2025\/09\/muenchen-sehenswuerdigkeiten-isar-300x188.jpg 300w, https:\/\/www.tuicamper.com\/wp-docker\/wp-content\/uploads\/2025\/09\/muenchen-sehenswuerdigkeiten-isar-768x480.jpg 768w, https:\/\/www.tuicamper.com\/wp-docker\/wp-content\/uploads\/2025\/09\/muenchen-sehenswuerdigkeiten-isar-705x441.jpg 705w, https:\/\/www.tuicamper.com\/wp-docker\/wp-content\/uploads\/2025\/09\/muenchen-sehenswuerdigkeiten-isar.jpg 1440w\" data-sizes=\"(max-width: 1030px) 100vw, 1030px\" class='avia_image '  aria-label='M\u00fcnchen Isar'><div class=\"av-image-caption-overlay\"><div class=\"av-caption-image-overlay-bg\"><\/div><div class=\"av-image-caption-overlay-position\"><div class=\"av-image-caption-overlay-center\"><p>Mitten in der Stadt M\u00fcnchen kann man auch in der Isar entspannen<\/p>\n<\/div><\/div><\/div><img decoding=\"async\" fetchpriority=\"high\" class='wp-image-112214 avia-img-lazy-loading-not-112214 avia_image ' src=\"https:\/\/www.tuicamper.com\/wp-docker\/wp-content\/uploads\/2025\/09\/muenchen-sehenswuerdigkeiten-isar-845x684.jpg\" alt='' title='M\u00fcnchen Isar'  height=\"684\" width=\"845\"  itemprop=\"thumbnailUrl\" srcset=\"https:\/\/www.tuicamper.com\/wp-docker\/wp-content\/uploads\/2025\/09\/muenchen-sehenswuerdigkeiten-isar-845x684.jpg 845w, https:\/\/www.tuicamper.com\/wp-docker\/wp-content\/uploads\/2025\/09\/muenchen-sehenswuerdigkeiten-isar-495x400.jpg 495w\" sizes=\"(max-width: 845px) 100vw, 845px\" \/><\/a><\/div><\/div><\/div>\n\n<style type=\"text\/css\" data-created_by=\"avia_inline_auto\" id=\"style-css-av-88tbx4sr-7380cc108f520efbf81d0d8b58669c38\">\n#top .hr.hr-invisible.av-88tbx4sr-7380cc108f520efbf81d0d8b58669c38{\nheight:25px;\n}\n<\/style>\n<div  class='hr av-88tbx4sr-7380cc108f520efbf81d0d8b58669c38 hr-invisible  avia-builder-el-11  el_after_av_image  avia-builder-el-last '><span class='hr-inner '><span class=\"hr-inner-style\"><\/span><\/span><\/div>\n\n<\/div><\/div><\/div><!-- close content main div --><\/div><\/div><div id='av_section_5'  class='avia-section av-84o5n897-51f137abfaa47e44fe46583a968cf000 main_color avia-section-default avia-no-border-styling  avia-builder-el-12  el_after_av_section  el_before_av_section  reduced-content avia-bg-style-scroll container_wrap sidebar_right'  ><div class='container av-section-cont-open' ><div class='template-page content  av-content-small alpha units'><div class='post-entry post-entry-type-page post-entry-112203'><div class='entry-content-wrapper clearfix'>\n\n<style type=\"text\/css\" data-created_by=\"avia_inline_auto\" id=\"style-css-av-7xuy15u3-dc96064e6c17d0b1abd54713054bbea8\">\n.flex_column.av-7xuy15u3-dc96064e6c17d0b1abd54713054bbea8{\nborder-radius:0px 0px 0px 0px;\npadding:0px 0px 0px 0px;\n}\n<\/style>\n<div  class='flex_column av-7xuy15u3-dc96064e6c17d0b1abd54713054bbea8 av_one_full  avia-builder-el-13  avia-builder-el-no-sibling  first flex_column_div av-zero-column-padding  '     ><section  class='av_textblock_section av-7w1pa4cr-a35306d38be3c420063d45e4d3b2d354 '   itemscope=\"itemscope\" itemtype=\"https:\/\/schema.org\/BlogPosting\" itemprop=\"blogPost\" ><div class='avia_textblock'  itemprop=\"text\" ><h2>7 M\u00fcnchen-Highlights f\u00fcr einen mehrt\u00e4gigen Besuch<\/h2>\n<p>Bringen Sie gleich mehrere Tage f\u00fcr Ihren M\u00fcnchen-Besuch mit, k\u00f6nnen weitere Sehensw\u00fcrdigkeiten der vielseitigen Stadt ins Auge gefasst werden. Wir empfehlen Ihnen insbesondere die folgenden.<\/p>\n<ol>\n<li><strong>Viktualienmarkt<\/strong>: Der M\u00fcnchener Viktualienmarkt ist die Pilgerst\u00e4tte f\u00fcr alle Foodies. Seit Jahrhunderten bieten hier H\u00e4ndler mitten im Stadtzentrum Lebensmittel und regionale Spezialit\u00e4ten ein. Der ideale Ort also, um sich nach Herzenslust durch die M\u00fcnchener K\u00fcche zu schlemmen.<\/li>\n<li><strong>Schloss Nymphenburg<\/strong>: Das Schloss Nymphenburg geh\u00f6rt zu den gr\u00f6\u00dften und eindrucksvollsten K\u00f6nigsschl\u00f6ssern Europas. Nicht nur von au\u00dfen ist die gewaltige Palastanlage mit ihrem weitl\u00e4ufigen Park imposant. Auch im Inneren fasziniert Schloss Nymphenburg mit seiner \u00fcppigen Rokoko-Einrichtung. Das Schloss beherbergt gleich mehrere Museen \u2013 darunter das sehr sehenswerte Marstallmuseum, dessen h\u00f6fische Kutschensammlung weltber\u00fchmt ist.<\/li>\n<li><strong>Pinakotheken<\/strong>: Kunstfreunde kommen an einem Besuch der M\u00fcnchener Pinakotheken nicht vorbei. Verteilt auf die Alte Pinakothek, die neue Pinakothek und die Pinakothek der Moderne erwartet Sie auf dem Kunstareal eine der bedeutendsten Kunstsammlungen der Welt<\/li>\n<li><strong>Reichenbachbr\u00fccke<\/strong>: Sie m\u00f6chten ein paar entspannte Stunden genie\u00dfen und mit M\u00fcnchenern ins Gespr\u00e4ch kommen? Dann gibt es kaum einen besseren Ort als die Reichenbachbr\u00fccke. Das Ufer der Isar hat sich hier zum Treffpunkt f\u00fcr Jung und Alt entwickelt. F\u00fcr Erfrischungen an hei\u00dfen Tagen sorgt ein Kiosk mit gro\u00dfer Bierauswahl.<\/li>\n<li><strong>Luitpoldpark<\/strong>: Angesichts ber\u00fchmter Parkanlagen wie dem Englischen Garten oder dem Olympiapark geht der Luitpoldpark meist unter. So ist der idyllische Park in Schwabing-West fast ein Geheimtipp. Zumal Sie vom Luitpoldh\u00fcgel einer der sch\u00f6nsten Panoramablicke auf M\u00fcnchen erwartet!<\/li>\n<li><strong>Karlsplatz<\/strong>: Der Karlsplatz, oft auch \u201eStachus\u201c genannt, geh\u00f6rt zu den belebtesten und bekanntesten Pl\u00e4tzen der Stadt. Der Platz am Rande der Fu\u00dfg\u00e4ngerzone ist der perfekte Ausgangspunkt f\u00fcr eine Shopping-Tour durch die M\u00fcnchener Innenstadt.<\/li>\n<li><strong>Glockenbachviertel<\/strong>: Dass M\u00fcnchen auch etliche sehenswerte Viertel zu bieten hat, ist kein Geheimnis. Absolutes Must-see ist das trendige Glockenbachviertel mit seinen vielen Altbauten und dem legend\u00e4ren Nachtleben. Angesichts der anhaltenden Gentrifizierung verschiebt sich die Schwulen- und K\u00fcnstlerszene allerdings zunehmend ins alternative Westend, das ebenfalls einen Besuch wert ist.<\/li>\n<\/ol>\n<\/div><\/section><\/div>\n\n<\/div><\/div><\/div><!-- close content main div --><\/div><\/div><div id='av_section_6'  class='avia-section av-7qfca6bv-135ddac5168125c0ea82e168e13b356c main_color avia-section-default avia-no-border-styling  avia-builder-el-15  el_after_av_section  el_before_av_section  reduced-content avia-bg-style-scroll container_wrap sidebar_right'  ><div class='container av-section-cont-open' ><div class='template-page content  av-content-small alpha units'><div class='post-entry post-entry-type-page post-entry-112203'><div class='entry-content-wrapper clearfix'>\n\n<style type=\"text\/css\" data-created_by=\"avia_inline_auto\" id=\"style-css-av-r5jfz9n-498bacf756d6afa5274169c6d94741ca\">\n.avia-image-container.av-r5jfz9n-498bacf756d6afa5274169c6d94741ca img.avia_image{\nbox-shadow:none;\n}\n.avia-image-container.av-r5jfz9n-498bacf756d6afa5274169c6d94741ca .av-caption-image-overlay-bg{\nopacity:0.4;\nbackground-color:#000000;\n}\n.avia-image-container.av-r5jfz9n-498bacf756d6afa5274169c6d94741ca .av-image-caption-overlay-center{\ncolor:#ffffff;\n}\n<\/style>\n<div  class='avia-image-container av-r5jfz9n-498bacf756d6afa5274169c6d94741ca av-styling- av-img-linked avia_animated_image av-animated-when-visible-95 fade-in avia-align-center  avia-builder-el-16  el_before_av_hr  avia-builder-el-first  noHover av-overlay-on-hover'   itemprop=\"image\" itemscope=\"itemscope\" itemtype=\"https:\/\/schema.org\/ImageObject\" ><div class=\"avia-image-container-inner\"><div class=\"avia-image-overlay-wrap\"><a href=\"https:\/\/www.tuicamper.com\/wp-docker\/wp-content\/uploads\/2025\/09\/muenchen-sehenswuerdigkeiten-marienplatz-1030x644.jpg\" data-srcset=\"https:\/\/www.tuicamper.com\/wp-docker\/wp-content\/uploads\/2025\/09\/muenchen-sehenswuerdigkeiten-marienplatz-1030x644.jpg 1030w, https:\/\/www.tuicamper.com\/wp-docker\/wp-content\/uploads\/2025\/09\/muenchen-sehenswuerdigkeiten-marienplatz-300x188.jpg 300w, https:\/\/www.tuicamper.com\/wp-docker\/wp-content\/uploads\/2025\/09\/muenchen-sehenswuerdigkeiten-marienplatz-768x480.jpg 768w, https:\/\/www.tuicamper.com\/wp-docker\/wp-content\/uploads\/2025\/09\/muenchen-sehenswuerdigkeiten-marienplatz-705x441.jpg 705w, https:\/\/www.tuicamper.com\/wp-docker\/wp-content\/uploads\/2025\/09\/muenchen-sehenswuerdigkeiten-marienplatz.jpg 1440w\" data-sizes=\"(max-width: 1030px) 100vw, 1030px\" class='avia_image '  aria-label='M\u00fcnchen Marienplatz'><div class=\"av-image-caption-overlay\"><div class=\"av-caption-image-overlay-bg\"><\/div><div class=\"av-image-caption-overlay-position\"><div class=\"av-image-caption-overlay-center\"><p>Rathaus am Marienplatz am Abend<\/p>\n<\/div><\/div><\/div><img decoding=\"async\" fetchpriority=\"high\" class='wp-image-112213 avia-img-lazy-loading-not-112213 avia_image ' src=\"https:\/\/www.tuicamper.com\/wp-docker\/wp-content\/uploads\/2025\/09\/muenchen-sehenswuerdigkeiten-marienplatz-845x684.jpg\" alt='' title='M\u00fcnchen Marienplatz'  height=\"684\" width=\"845\"  itemprop=\"thumbnailUrl\" srcset=\"https:\/\/www.tuicamper.com\/wp-docker\/wp-content\/uploads\/2025\/09\/muenchen-sehenswuerdigkeiten-marienplatz-845x684.jpg 845w, https:\/\/www.tuicamper.com\/wp-docker\/wp-content\/uploads\/2025\/09\/muenchen-sehenswuerdigkeiten-marienplatz-495x400.jpg 495w\" sizes=\"(max-width: 845px) 100vw, 845px\" \/><\/a><\/div><\/div><\/div>\n\n<style type=\"text\/css\" data-created_by=\"avia_inline_auto\" id=\"style-css-av-7hyphnd7-86f6299faf494c10dfc4b8c430634f87\">\n#top .hr.hr-invisible.av-7hyphnd7-86f6299faf494c10dfc4b8c430634f87{\nheight:25px;\n}\n<\/style>\n<div  class='hr av-7hyphnd7-86f6299faf494c10dfc4b8c430634f87 hr-invisible  avia-builder-el-17  el_after_av_image  avia-builder-el-last '><span class='hr-inner '><span class=\"hr-inner-style\"><\/span><\/span><\/div>\n\n<\/div><\/div><\/div><!-- close content main div --><\/div><\/div><div id='av_section_7'  class='avia-section av-7ae6wx6z-c8bc72e48976ece76b06d6d88f09e461 main_color avia-section-default avia-no-border-styling  avia-builder-el-18  el_after_av_section  el_before_av_section  reduced-content avia-bg-style-scroll container_wrap sidebar_right'  ><div class='container av-section-cont-open' ><div class='template-page content  av-content-small alpha units'><div class='post-entry post-entry-type-page post-entry-112203'><div class='entry-content-wrapper clearfix'>\n\n<style type=\"text\/css\" data-created_by=\"avia_inline_auto\" id=\"style-css-av-q14y0ej-5b55c1a0030d28ab2b5b799dd97160ab\">\n.flex_column.av-q14y0ej-5b55c1a0030d28ab2b5b799dd97160ab{\nborder-radius:0px 0px 0px 0px;\npadding:0px 0px 0px 0px;\n}\n<\/style>\n<div  class='flex_column av-q14y0ej-5b55c1a0030d28ab2b5b799dd97160ab av_one_full  avia-builder-el-19  avia-builder-el-no-sibling  first flex_column_div av-zero-column-padding  '     ><section  class='av_textblock_section av-744wq6q3-c953547cb2273c9783e0c8afa32b7382 '   itemscope=\"itemscope\" itemtype=\"https:\/\/schema.org\/BlogPosting\" itemprop=\"blogPost\" ><div class='avia_textblock'  itemprop=\"text\" ><h2>Die sch\u00f6nsten Ausfl\u00fcge rund um M\u00fcnchen<\/h2>\n<p>Dass M\u00fcnchen bei Campern hoch im Kurs steht, liegt nicht nur an den vielen Highlights der Metropole selbst, sondern auch am sehenswerten Umland. So ist M\u00fcnchen der ideale Ausgangspunkt f\u00fcr Ausfl\u00fcge in die Region:<\/p>\n<ul>\n<li><strong>Starnberger See<\/strong>: Der Starnberger See liegt nur rund 25 Kilometer von M\u00fcnchen entfernt und bietet das perfekte Kontrastprogramm zur turbulenten Gro\u00dfstadt. Am Ufer des idyllischen Sees k\u00f6nnen unterschiedlichste Arten von Wassersport betrieben werden. Zudem befinden sich rund um den See gleich mehrere idyllisch gelegene Campingpl\u00e4tze.<\/li>\n<li><strong>Bayerische Voralpen<\/strong>: Die bayerischen Voralpen erstrecken sich wenige Kilometer vor M\u00fcnchen und bieten ein panoramastarkes Wanderparadies par excellence.<\/li>\n<li><strong>Schloss Neuschwanstein<\/strong>: S\u00fcd\u00f6stlich von M\u00fcnchen, nahe der \u00f6sterreichischen Grenze, befindet sich Deutschlands bekanntestes M\u00e4rchenschloss. Als sei es geradewegs einem Bilderbuch entsprungen, thront die majest\u00e4tische Schlossanlage auf einem H\u00fcgel.<\/li>\n<\/ul>\n<\/div><\/section><\/div>\n\n<\/div><\/div><\/div><!-- close content main div --><\/div><\/div><div id='av_section_8'  class='avia-section av-1bcla7kb-a3e4d4c4f0209b76e68bfe25a16d9b9c main_color avia-section-default avia-no-border-styling  avia-builder-el-21  el_after_av_section  el_before_av_section  routes-breaker fullwidth_section avia-bg-style-scroll container_wrap sidebar_right'  ><div class='container av-section-cont-open' ><div class='template-page content  av-content-small alpha units'><div class='post-entry post-entry-type-page post-entry-112203'><div class='entry-content-wrapper clearfix'>\n<section  class='av_textblock_section av-188j10i3-836a8c332c294d6a3a214a11420b9fc8 '   itemscope=\"itemscope\" itemtype=\"https:\/\/schema.org\/BlogPosting\" itemprop=\"blogPost\" ><div class='avia_textblock'  itemprop=\"text\" >\r\n<div class=\"flex_column av_one_full flex_column_div av-zero-column-padding first avia-builder-el-first\">\r\n    <section class=\"av_textblock_section \" itemscope=\"itemscope\"\r\n             itemtype=\"https:\/\/schema.org\/CreativeWork\">\r\n        <div class=\"avia_textblock\" itemprop=\"text\">\r\n            Die besten Routentipps        <\/div>\r\n    <\/section>\r\n    <div class=\"route-breaker-items\">\r\n                    <div class=\"route-breaker-item\">\r\n                <a href=\"https:\/\/www.tuicamper.com\/routen\/deutschland-routen\/bayern-rundreise\/\">\r\n                                            <div\r\n                                class=\"route-breaker-item-thumbnail\"\r\n                                style=\"background-image: url(https:\/\/www.tuicamper.com\/wp-docker\/wp-content\/uploads\/2022\/11\/chiemsee-pano-400x200.jpg);\"\r\n                        ><\/div>\r\n                                        <span>Bayern Rundreise \u2013 Ober- und Niederbayern &#038; das Salzburger Land<\/span>\r\n                <\/a>\r\n            <\/div>\r\n                    <div class=\"route-breaker-item\">\r\n                <a href=\"https:\/\/www.tuicamper.com\/routen\/deutschland-routen\/die-deutsche-alpenstrasse\/\">\r\n                                            <div\r\n                                class=\"route-breaker-item-thumbnail\"\r\n                                style=\"background-image: url(https:\/\/www.tuicamper.com\/wp-docker\/wp-content\/uploads\/2022\/11\/allgaeu-panorama-400x200.jpg);\"\r\n                        ><\/div>\r\n                                        <span>Die deutsche Alpenstra\u00dfe: Mit dem Wohnmobil unterwegs im Allg\u00e4u<\/span>\r\n                <\/a>\r\n            <\/div>\r\n                    <div class=\"route-breaker-item\">\r\n                <a href=\"https:\/\/www.tuicamper.com\/routen\/deutschland-routen\/bremen-rundreise\/\">\r\n                                            <div\r\n                                class=\"route-breaker-item-thumbnail\"\r\n                                style=\"background-image: url(https:\/\/www.tuicamper.com\/wp-docker\/wp-content\/uploads\/2023\/04\/bremen-ge66684bab_1280-1-e1681381785411-400x200.jpg);\"\r\n                        ><\/div>\r\n                                        <span>Bremen-Rundreise: Nationalparks, K\u00fcsten &#038; historische St\u00e4dte<\/span>\r\n                <\/a>\r\n            <\/div>\r\n                    <\/div>\r\n            <div class=\"route-breaker-countries-footer mode-footer_inline\">\r\n            <div><p>Alle Routen f\u00fcr:<\/p><\/div>\r\n            <div>\r\n                                    <a href=\"https:\/\/www.tuicamper.com\/routen\/deutschland-routen\/\">\r\n                                                    <img decoding=\"async\" src=\"https:\/\/www.tuicamper.com\/wp-docker\/wp-content\/uploads\/2022\/04\/de-circle.png\" alt=\"Deutschland\">\r\n                                                Deutschland                    <\/a>\r\n                            <\/div>\r\n        <\/div>\r\n                <div class=\"route-breaker-countries-footer mode-overview no-border\">\r\n            <p><i class=\"tui-cars-icon tuicars-icon-arrow-left\"><\/i><a href=\"https:\/\/www.tuicamper.com\/routen\/\">Zur Routen-\u00dcbersicht<\/a><\/p>\r\n        <\/div>\r\n    <\/div>\r\n\n<\/div><\/section>\n\n<\/div><\/div><\/div><!-- close content main div --><\/div><\/div><div id='av_section_9'  class='avia-section av-6j2hgnuz-a6b5f380975b2db51c8a0b5a9e32ca55 main_color avia-section-default avia-no-border-styling  avia-builder-el-23  el_after_av_section  el_before_av_section  reduced-content avia-bg-style-scroll container_wrap sidebar_right'  ><div class='container av-section-cont-open' ><div class='template-page content  av-content-small alpha units'><div class='post-entry post-entry-type-page post-entry-112203'><div class='entry-content-wrapper clearfix'>\n\n<style type=\"text\/css\" data-created_by=\"avia_inline_auto\" id=\"style-css-av-6f6x3lsb-66f004c1649bba4be6a127993c8a5805\">\n.flex_column.av-6f6x3lsb-66f004c1649bba4be6a127993c8a5805{\nborder-radius:0px 0px 0px 0px;\npadding:0px 0px 0px 0px;\n}\n<\/style>\n<div  class='flex_column av-6f6x3lsb-66f004c1649bba4be6a127993c8a5805 av_one_full  avia-builder-el-24  avia-builder-el-no-sibling  first flex_column_div av-zero-column-padding  '     ><section  class='av_textblock_section av-6broyte3-6be3c1cd117fbf13c877bdae6a6a563c '   itemscope=\"itemscope\" itemtype=\"https:\/\/schema.org\/BlogPosting\" itemprop=\"blogPost\" ><div class='avia_textblock'  itemprop=\"text\" ><h2>Camping- und Stellpl\u00e4tze rund um die bayerische Metropole<\/h2>\n<p>Auf dem M\u00fcnchener Stadtgebiet stehen Wohnmobil-Urlaubern eine Vielzahl an gut ausgestatteten Campingpl\u00e4tzen und zentral gelegenen Stellpl\u00e4tzen zur Verf\u00fcgung. Dazu geh\u00f6ren insbesondere die folgenden:<\/p>\n<\/div><\/section><br \/>\n<div  class='avia-table av-mhchl1n-cbb00fc818b235433efb9b9fa018bc1a main_color avia-pricing-table-container avia_pricing_default  avia-builder-el-26  el_after_av_textblock  el_before_av_textblock  avia-table-1'  itemscope=\"itemscope\" itemtype=\"https:\/\/schema.org\/Table\" ><div class=\"pricing-table-wrap\"><ul class='pricing-table '><li class='avia-heading-row'><div class='first-table-item'>Campingplatz M\u00fcnchen Thalkirchen<\/div><span class='pricing-extra'><\/span><\/li><li class=''>Zentrall\u00e4ndstra\u00dfe 49, 81379 M\u00fcnchen<\/li><li class='avia-button-row'><div  class='avia-button-wrap av-4jiqwsqz-de0f0f4e4d347a48212b184104dfa4ea-wrap avia-button-center  avia-builder-el-27  el_before_av_button  avia-builder-el-first '><a href='https:\/\/campingplatz-thalkirchen.de\/ '  class='avia-button av-4jiqwsqz-de0f0f4e4d347a48212b184104dfa4ea av-link-btn avia-icon_select-yes-left-icon avia-size-small avia-position-center avia-color-theme-color'  target=\"_blank\"  rel=\"noopener noreferrer\"  aria-label=\"Website\"><span class='avia_button_icon avia_button_icon_left avia-iconfont avia-font-entypo-fontello' data-av_icon='\ue835' data-av_iconfont='entypo-fontello' ><\/span><span class='avia_iconbox_title' >Website<\/span><\/a><\/div><br \/><\/li><\/ul><\/div><div class=\"pricing-table-wrap\"><ul class='pricing-table '><li class='avia-heading-row'><div class='first-table-item'>Campingplatz M\u00fcnchen-Obermenzing<\/div><span class='pricing-extra'><\/span><\/li><li class=''>Lochhausener Str. 59, 81247 M\u00fcnchen<\/li><li class='avia-button-row'><div  class='avia-button-wrap av-4baa8emj-e47f436440b4cffa22b45adec3c00b07-wrap avia-button-center  avia-builder-el-28  el_after_av_button  el_before_av_button '><a href='https:\/\/www.campingplatz-muenchen.de\/ '  class='avia-button av-4baa8emj-e47f436440b4cffa22b45adec3c00b07 av-link-btn avia-icon_select-yes-left-icon avia-size-small avia-position-center avia-color-theme-color'  target=\"_blank\"  rel=\"noopener noreferrer\"  aria-label=\"Website\"><span class='avia_button_icon avia_button_icon_left avia-iconfont avia-font-entypo-fontello' data-av_icon='\ue835' data-av_iconfont='entypo-fontello' ><\/span><span class='avia_iconbox_title' >Website<\/span><\/a><\/div><br \/><\/li><\/ul><\/div><div class=\"pricing-table-wrap\"><ul class='pricing-table '><li class='avia-heading-row'><div class='first-table-item'>Campingplatz Nord-West<\/div><span class='pricing-extra'><\/span><\/li><li class=''>Auf den Schrederwiesen 3, 80995 M\u00fcnchen<\/li><li class='avia-button-row'><div  class='avia-button-wrap av-3z1eqy6j-00f13c944437c2ccbddb76ead4baaff0-wrap avia-button-center  avia-builder-el-29  el_after_av_button  el_before_av_button '><a href='https:\/\/campingplatz-nord-west.de\/ '  class='avia-button av-3z1eqy6j-00f13c944437c2ccbddb76ead4baaff0 av-link-btn avia-icon_select-yes-left-icon avia-size-small avia-position-center avia-color-theme-color'  target=\"_blank\"  rel=\"noopener noreferrer\"  aria-label=\"Website\"><span class='avia_button_icon avia_button_icon_left avia-iconfont avia-font-entypo-fontello' data-av_icon='\ue835' data-av_iconfont='entypo-fontello' ><\/span><span class='avia_iconbox_title' >Website<\/span><\/a><\/div><br \/><\/li><\/ul><\/div><div class=\"pricing-table-wrap\"><ul class='pricing-table '><li class='avia-heading-row'><div class='first-table-item'>Campingplatz Langwieder See<\/div><span class='pricing-extra'><\/span><\/li><li class=''>Eschenrieder Str. 119, 81249 M\u00fcnchen<\/li><li class='avia-button-row'><div  class='avia-button-wrap av-3rwags7f-248d7be747124658a7d188353c790381-wrap avia-button-center  avia-builder-el-30  el_after_av_button  el_before_av_button '><a href='http:\/\/www.camping-langwieder-see.de\/ '  class='avia-button av-3rwags7f-248d7be747124658a7d188353c790381 av-link-btn avia-icon_select-yes-left-icon avia-size-small avia-position-center avia-color-theme-color'  target=\"_blank\"  rel=\"noopener noreferrer\"  aria-label=\"Website\"><span class='avia_button_icon avia_button_icon_left avia-iconfont avia-font-entypo-fontello' data-av_icon='\ue835' data-av_iconfont='entypo-fontello' ><\/span><span class='avia_iconbox_title' >Website<\/span><\/a><\/div><br \/><\/li><\/ul><\/div><div class=\"pricing-table-wrap\"><ul class='pricing-table '><li class='avia-heading-row'><div class='first-table-item'>Allianz Arena Besucherparkplatz (spielfreie Tage)<\/div><span class='pricing-extra'><\/span><\/li><li class=''>Werner-Heisenberg-Allee 25, 80939 M\u00fcnchen<\/li><li class='avia-button-row'><div  class='avia-button-wrap av-mf45099k-01057ccb078750a1d9b504a436d8902b-wrap avia-button-center  avia-builder-el-31  el_after_av_button  avia-builder-el-last '><a href='https:\/\/allianz-arena.com\/de\/die-arena\/anreise-zutritt '  class='avia-button av-mf45099k-01057ccb078750a1d9b504a436d8902b av-link-btn avia-icon_select-yes-left-icon avia-size-small avia-position-center avia-color-theme-color'   aria-label=\"Webseite\"><span class='avia_button_icon avia_button_icon_left avia-iconfont avia-font-entypo-fontello' data-av_icon='\ue835' data-av_iconfont='entypo-fontello' ><\/span><span class='avia_iconbox_title' >Webseite<\/span><\/a><\/div><br \/><\/li><\/ul><\/div><\/div><br \/>\n<section  class='av_textblock_section av-mf45kuq6-ed84cdfff36ba15ac9c1384b7b23f131 '   itemscope=\"itemscope\" itemtype=\"https:\/\/schema.org\/BlogPosting\" itemprop=\"blogPost\" ><div class='avia_textblock'  itemprop=\"text\" ><p>Wer M\u00fcnchen w\u00e4hrend des Oktoberfests besucht, kann zudem die Stellpl\u00e4tze des <a href=\"https:\/\/www.oktoberfest-camping.com\/de\/home\/\" target=\"_blank\" rel=\"noopener\">Oktoberfest Campings<\/a> (De-Gasperi-Bogen, 81829 M\u00fcnchen) nutzen.<\/p>\n<\/div><\/section><br \/>\n<\/p><\/div><\/div><\/div><\/div><!-- close content main div --><\/div><\/div><div id='av_section_10'  class='avia-section av-1425agsr-02b1d0356de32a648ba1d4f21eaee29d main_color avia-section-default avia-no-border-styling  avia-builder-el-34  el_after_av_section  el_before_av_section  reduced-content avia-bg-style-scroll container_wrap sidebar_right'  ><div class='container av-section-cont-open' ><div class='template-page content  av-content-small alpha units'><div class='post-entry post-entry-type-page post-entry-112203'><div class='entry-content-wrapper clearfix'>\n\n<style type=\"text\/css\" data-created_by=\"avia_inline_auto\" id=\"style-css-av-wu5evkb-fae7e2c7555f5ac381a488340399d51e\">\n.flex_column.av-wu5evkb-fae7e2c7555f5ac381a488340399d51e{\nborder-radius:0px 0px 0px 0px;\npadding:0px 0px 0px 0px;\n}\n<\/style>\n<div  class='flex_column av-wu5evkb-fae7e2c7555f5ac381a488340399d51e av_one_full  avia-builder-el-35  avia-builder-el-no-sibling  first flex_column_div av-zero-column-padding  '     ><section  class='av_textblock_section av-sr2r0uj-95bc7c808fad9ee3d4aa80b787b8dfe6 '   itemscope=\"itemscope\" itemtype=\"https:\/\/schema.org\/BlogPosting\" itemprop=\"blogPost\" ><div class='avia_textblock'  itemprop=\"text\" ><h2>Die beste Reisezeit f\u00fcr den M\u00fcnchen-Besuch<\/h2>\n<p>Ihre lebendige Kunst- und Kulturlandschaft und das pulsierende Nachtleben machen die Metropole M\u00fcnchen das gesamte Jahr \u00fcber zu einer lohnenswerten Reise. Viel Sonnenschein und wenig Regen erwarten Sie in den Monaten zwischen Mai und September. Wer Englischen Garten, Olympiapark und Co. bei bestem Wetter erkunden m\u00f6chte, sollte den Besuch daher in den warmen Sommermonaten einplanen. Aber auch im Herbst, wenn sich die Laubb\u00e4ume des Englischen Gartens bunt einf\u00e4rben, pr\u00e4sentiert sich M\u00fcnchen im besten Licht. Zumal die Metropole Mitte September bis Anfang Oktober Schauplatz des ber\u00fchmten Oktoberfests ist, das als gr\u00f6\u00dftes Volksfest der Welt gilt.<\/p>\n<\/div><\/section><\/div>\n<\/p>\n<\/div><\/div><\/div><!-- close content main div --><\/div><\/div><div id='av_section_11'  class='avia-section av-o9cl45n-44ec0e0a612fea0b389921302728f7bf main_color avia-section-default avia-no-border-styling  avia-builder-el-37  el_after_av_section  avia-builder-el-last  reduced-content avia-bg-style-scroll container_wrap sidebar_right'  ><div class='container av-section-cont-open' ><div class='template-page content  av-content-small alpha units'><div class='post-entry post-entry-type-page post-entry-112203'><div class='entry-content-wrapper clearfix'>\n<div  class='avia-button-wrap av-mx69eyz-dc0817c324fa3d3532982201471d7de5-wrap avia-button-center  avia-builder-el-38  el_before_av_one_full  avia-builder-el-first '><a href='https:\/\/www.tuicamper.com\/reiseziele\/europa\/deutschland\/'  class='avia-button av-mx69eyz-dc0817c324fa3d3532982201471d7de5 av-link-btn avia-icon_select-yes-right-icon avia-size-large avia-position-center avia-color-theme-color'   aria-label=\"Jetzt Wohnmobil mieten f\u00fcr Deutschland\"><span class='avia_iconbox_title' >Jetzt Wohnmobil mieten f\u00fcr Deutschland<\/span><span class='avia_button_icon avia_button_icon_right avia-iconfont avia-font-entypo-fontello' data-av_icon='\ue875' data-av_iconfont='entypo-fontello' ><\/span><\/a><\/div>\n\n<style type=\"text\/css\" data-created_by=\"avia_inline_auto\" id=\"style-css-av-gpbve4r-9696669b5c9c87cd1a7a985f7cd7c9c6\">\n.flex_column.av-gpbve4r-9696669b5c9c87cd1a7a985f7cd7c9c6{\nborder-radius:0px 0px 0px 0px;\npadding:0px 0px 0px 0px;\n}\n<\/style>\n<div  class='flex_column av-gpbve4r-9696669b5c9c87cd1a7a985f7cd7c9c6 av_one_full  avia-builder-el-39  el_after_av_button  el_before_av_social_share  first flex_column_div av-zero-column-padding  '     ><style type=\"text\/css\" data-created_by=\"avia_inline_auto\" id=\"style-css-av-adxh68b-dd7f7026fb99981c5bcb9f64afe1675f\">\n#top .av_textblock_section.av-adxh68b-dd7f7026fb99981c5bcb9f64afe1675f .avia_textblock{\nfont-size:28px;\n}\n<\/style>\n<section  class='av_textblock_section av-adxh68b-dd7f7026fb99981c5bcb9f64afe1675f '   itemscope=\"itemscope\" itemtype=\"https:\/\/schema.org\/BlogPosting\" itemprop=\"blogPost\" ><div class='avia_textblock'  itemprop=\"text\" ><p>Das TUI CAMPER-Team w\u00fcnscht Ihnen einen unvergesslichen Wohnmobil-Urlaub in der bayerischen Metropole!<\/p>\n<\/div><\/section><\/div><div  class='av-social-sharing-box av-7shm2bv-3da85457df8f6b81920e5c22698e9d07 av-social-sharing-box-default  avia-builder-el-41  el_after_av_one_full  avia-builder-el-last  av-social-sharing-box-fullwidth'><div class=\"av-share-box\"><ul class=\"av-share-box-list noLightbox\"><li class='av-share-link av-social-link-facebook avia_social_iconfont' ><a target=\"_blank\" aria-label=\"Teilen auf Facebook\" href='https:\/\/www.facebook.com\/sharer.php?u=https:\/\/www.tuicamper.com\/magazin\/muenchen-sehenswuerdigkeiten\/&#038;t=M%C3%BCnchen%20Sehensw%C3%BCrdigkeiten%3A%20Die%20sch%C3%B6nsten%20Highlights%2C%20Campingpl%C3%A4tze%20%26%20Tipps' data-av_icon='\ue8f3' data-av_iconfont='entypo-fontello'  title='' data-avia-related-tooltip='Teilen auf Facebook'><span class='avia_hidden_link_text'>Teilen auf Facebook<\/span><\/a><\/li><li class='av-share-link av-social-link-twitter avia_social_iconfont' ><a target=\"_blank\" aria-label=\"Teilen auf X\" href='https:\/\/twitter.com\/share?text=M%C3%BCnchen%20Sehensw%C3%BCrdigkeiten%3A%20Die%20sch%C3%B6nsten%20Highlights%2C%20Campingpl%C3%A4tze%20%26%20Tipps&#038;url=https:\/\/www.tuicamper.com\/magazin\/muenchen-sehenswuerdigkeiten\/' data-av_icon='\ue932' data-av_iconfont='entypo-fontello'  title='' data-avia-related-tooltip='Teilen auf X'><span class='avia_hidden_link_text'>Teilen auf X<\/span><\/a><\/li><li class='av-share-link av-social-link-whatsapp avia_social_iconfont' ><a target=\"_blank\" aria-label=\"Teilen auf WhatsApp\" href='https:\/\/api.whatsapp.com\/send?text=https:\/\/www.tuicamper.com\/magazin\/muenchen-sehenswuerdigkeiten\/' data-av_icon='\uf232' data-av_iconfont='entypo-fontello'  title='' data-avia-related-tooltip='Teilen auf WhatsApp'><span class='avia_hidden_link_text'>Teilen auf WhatsApp<\/span><\/a><\/li><li class='av-share-link av-social-link-pinterest avia_social_iconfont' ><a target=\"_blank\" aria-label=\"Teilen auf Pinterest\" href='https:\/\/pinterest.com\/pin\/create\/button\/?url=https%3A%2F%2Fwww.tuicamper.com%2Fmagazin%2Fmuenchen-sehenswuerdigkeiten%2F&#038;description=M%C3%BCnchen%20Sehensw%C3%BCrdigkeiten%3A%20Die%20sch%C3%B6nsten%20Highlights%2C%20Campingpl%C3%A4tze%20%26%20Tipps&#038;media=https%3A%2F%2Fwww.tuicamper.com%2Fwp-docker%2Fwp-content%2Fuploads%2F2025%2F09%2Fmuenchen-sehenswuerdigkeiten-header-705x271.jpg' data-av_icon='\ue8f8' data-av_iconfont='entypo-fontello'  title='' data-avia-related-tooltip='Teilen auf Pinterest'><span class='avia_hidden_link_text'>Teilen auf Pinterest<\/span><\/a><\/li><li class='av-share-link av-social-link-mail avia_social_iconfont' ><a  aria-label=\"Per E-Mail teilen\" href='mailto:?subject=M%C3%BCnchen%20Sehensw%C3%BCrdigkeiten%3A%20Die%20sch%C3%B6nsten%20Highlights%2C%20Campingpl%C3%A4tze%20%26%20Tipps&#038;body=https:\/\/www.tuicamper.com\/magazin\/muenchen-sehenswuerdigkeiten\/' data-av_icon='\ue805' data-av_iconfont='entypo-fontello'  title='' data-avia-related-tooltip='Per E-Mail teilen'><span class='avia_hidden_link_text'>Per E-Mail teilen<\/span><\/a><\/li><\/ul><\/div><\/div>\n<\/div><\/div><\/div><!-- close content main div --><\/div><\/div><div id='after_section_11'  class='main_color av_default_container_wrap container_wrap sidebar_right'  ><div class='container av-section-cont-open' ><div class='template-page content  av-content-small alpha units'><div class='post-entry post-entry-type-page post-entry-112203'><div class='entry-content-wrapper clearfix'>\n","protected":false},"excerpt":{"rendered":"<p>Architektonische Highlights, charmante Viertel, viel Kunst und Kultur und eine weltoffene Atmosph\u00e4re: Entdecken Sie die Metropole M\u00fcnchen mit dem Wohnmobil!  <\/p>\n","protected":false},"author":5,"featured_media":112207,"comment_status":"open","ping_status":"open","sticky":false,"template":"","format":"standard","meta":{"footnotes":""},"categories":[33],"tags":[28],"class_list":["post-112203","post","type-post","status-publish","format-standard","has-post-thumbnail","hentry","category-reisethema","tag-deutschland"],"yoast_head":"<!-- This site is optimized with the Yoast SEO plugin v27.4 - https:\/\/yoast.com\/product\/yoast-seo-wordpress\/ -->\n<title>M\u00fcnchen Sehensw\u00fcrdigkeiten: Die sch\u00f6nsten Highlights &amp; Tipps - TUI CAMPER<\/title>\n<meta name=\"description\" content=\"Architektonische Highlights, charmante Viertel, viel Kunst und Kultur und eine weltoffene Atmosph\u00e4re: Entdecken Sie die Metropole M\u00fcnchen mit dem Wohnmobil!\" \/>\n<meta name=\"robots\" content=\"index, follow, max-snippet:-1, max-image-preview:large, max-video-preview:-1\" \/>\n<link rel=\"canonical\" href=\"https:\/\/www.tuicamper.com\/magazin\/muenchen-sehenswuerdigkeiten\/\" \/>\n<meta property=\"og:locale\" content=\"de_DE\" \/>\n<meta property=\"og:type\" content=\"article\" \/>\n<meta property=\"og:title\" content=\"M\u00fcnchen Sehensw\u00fcrdigkeiten: Die sch\u00f6nsten Highlights &amp; Tipps - TUI CAMPER\" \/>\n<meta property=\"og:description\" content=\"Architektonische Highlights, charmante Viertel, viel Kunst und Kultur und eine weltoffene Atmosph\u00e4re: Entdecken Sie die Metropole M\u00fcnchen mit dem Wohnmobil!\" \/>\n<meta property=\"og:url\" content=\"https:\/\/www.tuicamper.com\/magazin\/muenchen-sehenswuerdigkeiten\/\" \/>\n<meta property=\"og:site_name\" content=\"TUI Camper Magazin\" \/>\n<meta property=\"article:published_time\" content=\"2025-09-03T15:54:31+00:00\" \/>\n<meta property=\"article:modified_time\" content=\"2025-09-16T08:51:47+00:00\" \/>\n<meta property=\"og:image\" content=\"https:\/\/www.tuicamper.com\/wp-docker\/wp-content\/uploads\/2025\/09\/muenchen-sehenswuerdigkeiten-header.jpg\" \/>\n\t<meta property=\"og:image:width\" content=\"1280\" \/>\n\t<meta property=\"og:image:height\" content=\"492\" \/>\n\t<meta property=\"og:image:type\" content=\"image\/jpeg\" \/>\n<meta name=\"author\" content=\"Olli\" \/>\n<meta name=\"twitter:card\" content=\"summary_large_image\" \/>\n<meta name=\"twitter:label1\" content=\"Verfasst von\" \/>\n\t<meta name=\"twitter:data1\" content=\"Olli\" \/>\n\t<meta name=\"twitter:label2\" content=\"Gesch\u00e4tzte Lesezeit\" \/>\n\t<meta name=\"twitter:data2\" content=\"7\u00a0Minuten\" \/>\n<!-- \/ Yoast SEO plugin. -->","yoast_head_json":{"title":"M\u00fcnchen Sehensw\u00fcrdigkeiten: Die sch\u00f6nsten Highlights & Tipps - TUI CAMPER","description":"Architektonische Highlights, charmante Viertel, viel Kunst und Kultur und eine weltoffene Atmosph\u00e4re: Entdecken Sie die Metropole M\u00fcnchen mit dem Wohnmobil!","robots":{"index":"index","follow":"follow","max-snippet":"max-snippet:-1","max-image-preview":"max-image-preview:large","max-video-preview":"max-video-preview:-1"},"canonical":"https:\/\/www.tuicamper.com\/magazin\/muenchen-sehenswuerdigkeiten\/","og_locale":"de_DE","og_type":"article","og_title":"M\u00fcnchen Sehensw\u00fcrdigkeiten: Die sch\u00f6nsten Highlights & Tipps - TUI CAMPER","og_description":"Architektonische Highlights, charmante Viertel, viel Kunst und Kultur und eine weltoffene Atmosph\u00e4re: Entdecken Sie die Metropole M\u00fcnchen mit dem Wohnmobil!","og_url":"https:\/\/www.tuicamper.com\/magazin\/muenchen-sehenswuerdigkeiten\/","og_site_name":"TUI Camper Magazin","article_published_time":"2025-09-03T15:54:31+00:00","article_modified_time":"2025-09-16T08:51:47+00:00","og_image":[{"width":1280,"height":492,"url":"https:\/\/www.tuicamper.com\/wp-docker\/wp-content\/uploads\/2025\/09\/muenchen-sehenswuerdigkeiten-header.jpg","type":"image\/jpeg"}],"author":"Olli","twitter_card":"summary_large_image","twitter_misc":{"Verfasst von":"Olli","Gesch\u00e4tzte Lesezeit":"7\u00a0Minuten"},"schema":{"@context":"https:\/\/schema.org","@graph":[{"@type":"Article","@id":"https:\/\/www.tuicamper.com\/magazin\/muenchen-sehenswuerdigkeiten\/#article","isPartOf":{"@id":"https:\/\/www.tuicamper.com\/magazin\/muenchen-sehenswuerdigkeiten\/"},"author":{"name":"Olli","@id":"https:\/\/www.tuicamper.com\/wp-docker\/#\/schema\/person\/98975e733813f701672fd75ef9df8b69"},"headline":"M\u00fcnchen Sehensw\u00fcrdigkeiten: Die sch\u00f6nsten Highlights, Campingpl\u00e4tze &#038; Tipps","datePublished":"2025-09-03T15:54:31+00:00","dateModified":"2025-09-16T08:51:47+00:00","mainEntityOfPage":{"@id":"https:\/\/www.tuicamper.com\/magazin\/muenchen-sehenswuerdigkeiten\/"},"wordCount":5795,"commentCount":0,"image":{"@id":"https:\/\/www.tuicamper.com\/magazin\/muenchen-sehenswuerdigkeiten\/#primaryimage"},"thumbnailUrl":"https:\/\/www.tuicamper.com\/wp-docker\/wp-content\/uploads\/2025\/09\/muenchen-sehenswuerdigkeiten-header.jpg","keywords":["Deutschland"],"articleSection":["Reisethema"],"inLanguage":"de","potentialAction":[{"@type":"CommentAction","name":"Comment","target":["https:\/\/www.tuicamper.com\/magazin\/muenchen-sehenswuerdigkeiten\/#respond"]}]},{"@type":"WebPage","@id":"https:\/\/www.tuicamper.com\/magazin\/muenchen-sehenswuerdigkeiten\/","url":"https:\/\/www.tuicamper.com\/magazin\/muenchen-sehenswuerdigkeiten\/","name":"M\u00fcnchen Sehensw\u00fcrdigkeiten: Die sch\u00f6nsten Highlights & Tipps - TUI CAMPER","isPartOf":{"@id":"https:\/\/www.tuicamper.com\/#website"},"primaryImageOfPage":{"@id":"https:\/\/www.tuicamper.com\/magazin\/muenchen-sehenswuerdigkeiten\/#primaryimage"},"image":{"@id":"https:\/\/www.tuicamper.com\/magazin\/muenchen-sehenswuerdigkeiten\/#primaryimage"},"thumbnailUrl":"https:\/\/www.tuicamper.com\/wp-content\/uploads\/2025\/09\/muenchen-sehenswuerdigkeiten-header.jpg","datePublished":"2025-09-03T15:54:31+00:00","dateModified":"2025-09-16T08:51:47+00:00","author":{"@id":"https:\/\/www.tuicamper.com\/#\/schema\/person\/98975e733813f701672fd75ef9df8b69"},"description":"Architektonische Highlights, charmante Viertel, viel Kunst und Kultur und eine weltoffene Atmosph\u00e4re: Entdecken Sie die Metropole M\u00fcnchen mit dem Wohnmobil!","breadcrumb":{"@id":"https:\/\/www.tuicamper.com\/magazin\/muenchen-sehenswuerdigkeiten\/#breadcrumb"},"inLanguage":"de","potentialAction":["Array"]},{"@type":"ImageObject","inLanguage":"de","@id":"https:\/\/www.tuicamper.com\/magazin\/muenchen-sehenswuerdigkeiten\/#primaryimage","url":"https:\/\/www.tuicamper.com\/wp-docker\/wp-content\/uploads\/2025\/09\/muenchen-sehenswuerdigkeiten-header.jpg","contentUrl":"https:\/\/www.tuicamper.com\/wp-docker\/wp-content\/uploads\/2025\/09\/muenchen-sehenswuerdigkeiten-header.jpg","width":1280,"height":492},{"@type":"BreadcrumbList","@id":"https:\/\/www.tuicamper.com\/magazin\/muenchen-sehenswuerdigkeiten\/#breadcrumb","itemListElement":[{"@type":"ListItem","position":1,"name":"Startseite","item":"https:\/\/www.tuicamper.com\/wp-docker\/"},{"@type":"ListItem","position":2,"name":"M\u00fcnchen Sehensw\u00fcrdigkeiten: Die sch\u00f6nsten Highlights, Campingpl\u00e4tze &#038; Tipps"}]},{"@type":"WebSite","@id":"https:\/\/www.tuicamper.com\/#website","url":"https:\/\/www.tuicamper.com\/","name":"TUI Camper Magazin","description":"","potentialAction":["Array"],"inLanguage":"de"},{"@type":"Person","@id":"https:\/\/www.tuicamper.com\/wp-docker\/#\/schema\/person\/98975e733813f701672fd75ef9df8b69","name":"Olli","image":{"@type":"ImageObject","inLanguage":"de","@id":"https:\/\/secure.gravatar.com\/avatar\/4529b17b9a4dec34d38f705f89e1db8c906d30537b64d795d775d528c07951ff?s=96&d=mm&r=g","url":"https:\/\/secure.gravatar.com\/avatar\/4529b17b9a4dec34d38f705f89e1db8c906d30537b64d795d775d528c07951ff?s=96&d=mm&r=g","contentUrl":"https:\/\/secure.gravatar.com\/avatar\/4529b17b9a4dec34d38f705f89e1db8c906d30537b64d795d775d528c07951ff?s=96&d=mm&r=g","caption":"Olli"},"url":"https:\/\/www.tuicamper.com\/wp-docker\/magazin\/author\/olli\/"}]}},"_links":{"self":[{"href":"https:\/\/www.tuicamper.com\/wp-docker\/wp-json\/wp\/v2\/posts\/112203","targetHints":{"allow":["GET"]}}],"collection":[{"href":"https:\/\/www.tuicamper.com\/wp-docker\/wp-json\/wp\/v2\/posts"}],"about":[{"href":"https:\/\/www.tuicamper.com\/wp-docker\/wp-json\/wp\/v2\/types\/post"}],"author":[{"embeddable":true,"href":"https:\/\/www.tuicamper.com\/wp-docker\/wp-json\/wp\/v2\/users\/5"}],"replies":[{"embeddable":true,"href":"https:\/\/www.tuicamper.com\/wp-docker\/wp-json\/wp\/v2\/comments?post=112203"}],"version-history":[{"count":15,"href":"https:\/\/www.tuicamper.com\/wp-docker\/wp-json\/wp\/v2\/posts\/112203\/revisions"}],"predecessor-version":[{"id":112221,"href":"https:\/\/www.tuicamper.com\/wp-docker\/wp-json\/wp\/v2\/posts\/112203\/revisions\/112221"}],"wp:featuredmedia":[{"embeddable":true,"href":"https:\/\/www.tuicamper.com\/wp-docker\/wp-json\/wp\/v2\/media\/112207"}],"wp:attachment":[{"href":"https:\/\/www.tuicamper.com\/wp-docker\/wp-json\/wp\/v2\/media?parent=112203"}],"wp:term":[{"taxonomy":"category","embeddable":true,"href":"https:\/\/www.tuicamper.com\/wp-docker\/wp-json\/wp\/v2\/categories?post=112203"},{"taxonomy":"post_tag","embeddable":true,"href":"https:\/\/www.tuicamper.com\/wp-docker\/wp-json\/wp\/v2\/tags?post=112203"}],"curies":[{"name":"wp","href":"https:\/\/api.w.org\/{rel}","templated":true}]}}