{"id":1090,"date":"2019-04-10T12:06:10","date_gmt":"2019-04-10T10:06:10","guid":{"rendered":"https:\/\/www.tuicamper.com\/wp-docker\/?p=1090"},"modified":"2023-06-21T11:39:56","modified_gmt":"2023-06-21T09:39:56","slug":"trendurlaub-wohnmobil","status":"publish","type":"post","link":"https:\/\/www.tuicamper.com\/magazin\/trendurlaub-wohnmobil\/","title":{"rendered":"Wohnmobil-Urlaub liegt im Trend \u2013 TUI CAMPER nennt 5 Gr\u00fcnde!"},"content":{"rendered":"<div id='av_section_1'  class='avia-section av-jt5vrdgv-4386718e65b314e69682ca60ae604601 main_color avia-section-default avia-no-border-styling  avia-builder-el-0  el_before_av_textblock  avia-builder-el-first  reduced-content avia-bg-style-scroll container_wrap sidebar_right'  ><div class='container av-section-cont-open' ><main  role=\"main\" itemprop=\"mainContentOfPage\"  class='template-page content  av-content-small alpha units'><div class='post-entry post-entry-type-page post-entry-1090'><div class='entry-content-wrapper clearfix'>\n\n<style type=\"text\/css\" data-created_by=\"avia_inline_auto\" id=\"style-css-av-1g5aou-6e8505d9de1136ce38f66b0d0e5d2a36\">\n.flex_column.av-1g5aou-6e8505d9de1136ce38f66b0d0e5d2a36{\nborder-radius:0px 0px 0px 0px;\npadding:0px 0px 0px 0px;\n}\n<\/style>\n<div  class='flex_column av-1g5aou-6e8505d9de1136ce38f66b0d0e5d2a36 av_one_full  avia-builder-el-1  avia-builder-el-no-sibling  first flex_column_div av-zero-column-padding  '     ><section  class='av_textblock_section av-jt5tjyk0-1e04ddf86ca9bd8201b4b17bbb4a6491 '   itemscope=\"itemscope\" itemtype=\"https:\/\/schema.org\/BlogPosting\" itemprop=\"blogPost\" ><div class='avia_textblock'  itemprop=\"text\" ><p>Der Wohnmobil-Urlaub liegt wieder im Trend \u2013 und das nicht erst seit gestern. Seit mehr als einem Jahrzehnt registriert die Campingbranche eine rasant steigende Nachfrage. Doch was steckt hinter dem Langzeittrend? Warum erfreut sich der Camping-Urlaub bei unterschiedlichsten Altersklassen so gro\u00dfer Beliebtheit? Wir haben den Dauerbrenner Wohnmobil-Urlaub unter die Lupe genommen. Dabei sind wir auf f\u00fcnf Hauptgr\u00fcnde gesto\u00dfen, die Camping anderen Urlaubsalternativen voraus hat!<\/p>\n<\/div><\/section><\/div>\n<\/div><\/div><\/main><!-- close content main element --><\/div><\/div><div id='after_section_1'  class='main_color av_default_container_wrap container_wrap sidebar_right'  ><div class='container av-section-cont-open' ><div class='template-page content  av-content-small alpha units'><div class='post-entry post-entry-type-page post-entry-1090'><div class='entry-content-wrapper clearfix'>\n<section  class='av_textblock_section av-jtpqpty6-550c066a997ebaf648fccc87d0b9ff16 '   itemscope=\"itemscope\" itemtype=\"https:\/\/schema.org\/BlogPosting\" itemprop=\"blogPost\" ><div class='avia_textblock'  itemprop=\"text\" >\n<\/div><\/section>\n<\/div><\/div><\/div><!-- close content main div --><\/div><\/div><div id='av_section_2'  class='avia-section av-jt5vrdgv-26-1a8b7eb57e49308c24979ab2a4f6349c main_color avia-section-default avia-no-border-styling  avia-builder-el-4  el_after_av_textblock  el_before_av_section  reduced-content avia-bg-style-scroll container_wrap sidebar_right'  ><div class='container av-section-cont-open' ><div class='template-page content  av-content-small alpha units'><div class='post-entry post-entry-type-page post-entry-1090'><div class='entry-content-wrapper clearfix'>\n<section  class='av_textblock_section av-jt5tjyk0-24-e5e03dea2ae816c5d4c7eb8594bd89f2 '   itemscope=\"itemscope\" itemtype=\"https:\/\/schema.org\/BlogPosting\" itemprop=\"blogPost\" ><div class='avia_textblock'  itemprop=\"text\" ><div id=\"js-table-of-contents\">\r\n    <strong>Inhaltsverzeichnis<\/strong>\r\n<\/div>\n<\/div><\/section>\n\n<\/div><\/div><\/div><!-- close content main div --><\/div><\/div><div id='av_section_3'  class='avia-section av-jt5vrdgv-22-8d58a5882411f6fe4f1be71d5889fa97 main_color avia-section-default avia-no-border-styling  avia-builder-el-6  el_after_av_section  el_before_av_section  reduced-content avia-bg-style-scroll container_wrap sidebar_right'  ><div class='container av-section-cont-open' ><div class='template-page content  av-content-small alpha units'><div class='post-entry post-entry-type-page post-entry-1090'><div class='entry-content-wrapper clearfix'>\n\n<style type=\"text\/css\" data-created_by=\"avia_inline_auto\" id=\"style-css-av-1g5aou-25-67dacc25ad1b950b40fce227594269b6\">\n.flex_column.av-1g5aou-25-67dacc25ad1b950b40fce227594269b6{\nborder-radius:0px 0px 0px 0px;\npadding:0px 0px 0px 0px;\n}\n<\/style>\n<div  class='flex_column av-1g5aou-25-67dacc25ad1b950b40fce227594269b6 av_one_full  avia-builder-el-7  el_before_av_horizontal_gallery  avia-builder-el-no-sibling  first flex_column_div av-zero-column-padding  '     ><section  class='av_textblock_section av-jt5tjyk0-21-7b311304db64f12d2ca08fd58a526353 '   itemscope=\"itemscope\" itemtype=\"https:\/\/schema.org\/BlogPosting\" itemprop=\"blogPost\" ><div class='avia_textblock'  itemprop=\"text\" ><h2>1.) Der Ruf der Freiheit: Natur hautnah erleben<\/h2>\n<p>Der wohl gewichtigste Grund, der f\u00fcr einen Camping-Urlaub spricht: Keine andere Urlaubsart kommt der Natur n\u00e4her. Wer mit einem Wohnmobil reist, hat die Qual der Wahl. Soll das Lager an einem Rastplatz am Waldrand aufgeschlagen werden, wo Camper morgens durch das Zwitschern der V\u00f6gel sanft aus dem Schlaf geholt werden und der w\u00fcrzige Geruch des Waldes wie ein feiner Schleier \u00fcber allem h\u00e4ngt? Oder bevorzugen Sie ein Lager am Strand, wo Sie das meditative Rauschen der Wellen genie\u00dfen und sich in der vor Ihnen liegenden Weite des Ozeans verlieren k\u00f6nnen?<\/p>\n<p>Selbst in vielen Nationalparks steht dem Campen auf ausgeschriebenen Fl\u00e4chen nichts im Wege. Sie entscheiden selbst, zu welchen Abenteuern Sie im Wohnmobil aufbrechen m\u00f6chten. Kein Wunder also, dass es f\u00fcr Naturliebhaber zum Wohnmobil-Urlaub kaum ernsthafte Alternativen gibt.<\/p>\n<\/div><\/section><\/div>\n<style type=\"text\/css\" data-created_by=\"avia_inline_auto\" id=\"style-css-av-juazpu5v-aed61634dbb24fa99ce1256ad093761d\">\n.av-horizontal-gallery.av-juazpu5v-aed61634dbb24fa99ce1256ad093761d{\npadding:4.5% 0px;;\n}\n.av-horizontal-gallery.av-juazpu5v-aed61634dbb24fa99ce1256ad093761d .av-horizontal-gallery-inner{\npadding-bottom:30%;\n}\n<\/style>\n<div  class='av-horizontal-gallery av-juazpu5v-aed61634dbb24fa99ce1256ad093761d av-horizontal-gallery-large-gap av-horizontal-gallery-enlarge-effect  avia-builder-el-9  el_after_av_one_full  avia-builder-el-last  av-slideshow-ui av-control-default av-slideshow-manual av-loop-once av-loop-manual-endless av-horizontal-gallery-1' data-slideshow-data=\"{&quot;enlarge&quot;:1.3,&quot;animation&quot;:&quot;slide&quot;,&quot;autoplay&quot;:false,&quot;loop_autoplay&quot;:&quot;once&quot;,&quot;interval&quot;:5,&quot;loop_manual&quot;:&quot;manual-endless&quot;,&quot;autoplay_stopper&quot;:false,&quot;noNavigation&quot;:false,&quot;bg_slider&quot;:false,&quot;keep_padding&quot;:&quot;&quot;,&quot;hoverpause&quot;:false,&quot;show_slide_delay&quot;:0,&quot;initial&quot;:&quot;2&quot;}\"  itemprop=\"image\" itemscope=\"itemscope\" itemtype=\"https:\/\/schema.org\/ImageObject\" ><div class='avia-slideshow-arrows avia-slideshow-controls' ><a href='#prev' class='prev-slide av-horizontal-gallery-prev avia-svg-icon avia-font-svg_entypo-fontello' data-av_svg_icon='left-open-big' data-av_iconset='svg_entypo-fontello' tabindex='-1' title=\"Zur\u00fcck\"><svg version=\"1.1\" xmlns=\"http:\/\/www.w3.org\/2000\/svg\" width=\"15\" height=\"32\" viewBox=\"0 0 15 32\" preserveAspectRatio=\"xMidYMid meet\" aria-labelledby='av-svg-title-1' aria-describedby='av-svg-desc-1' role=\"graphics-symbol\" aria-hidden=\"true\">\n<title id='av-svg-title-1'>Zur\u00fcck<\/title>\n<desc id='av-svg-desc-1'>Zur\u00fcck<\/desc>\n<path d=\"M14.464 27.84q0.832 0.832 0 1.536-0.832 0.832-1.536 0l-12.544-12.608q-0.768-0.768 0-1.6l12.544-12.608q0.704-0.832 1.536 0 0.832 0.704 0 1.536l-11.456 11.904z\"><\/path>\n<\/svg><span class='avia_hidden_link_text'>Zur\u00fcck<\/span><\/a><a href='#next' class='next-slide av-horizontal-gallery-next avia-svg-icon avia-font-svg_entypo-fontello' data-av_svg_icon='right-open-big' data-av_iconset='svg_entypo-fontello' tabindex='-1' title=\"Weiter\"><svg version=\"1.1\" xmlns=\"http:\/\/www.w3.org\/2000\/svg\" width=\"15\" height=\"32\" viewBox=\"0 0 15 32\" preserveAspectRatio=\"xMidYMid meet\" aria-labelledby='av-svg-title-2' aria-describedby='av-svg-desc-2' role=\"graphics-symbol\" aria-hidden=\"true\">\n<title id='av-svg-title-2'>Weiter<\/title>\n<desc id='av-svg-desc-2'>Weiter<\/desc>\n<path d=\"M0.416 27.84l11.456-11.84-11.456-11.904q-0.832-0.832 0-1.536 0.832-0.832 1.536 0l12.544 12.608q0.768 0.832 0 1.6l-12.544 12.608q-0.704 0.832-1.536 0-0.832-0.704 0-1.536z\"><\/path>\n<\/svg><span class='avia_hidden_link_text'>Weiter<\/span><\/a><\/div><div class='avia-slideshow-dots avia-slideshow-controls av-horizontal-gallery-dots fade-in'><a href='#1' class='goto-slide active' >1<\/a><a href='#2' class='goto-slide ' >2<\/a><a href='#3' class='goto-slide ' >3<\/a><\/div><div class='av-horizontal-gallery-inner' data-av-height='30'><div class=\"av-horizontal-gallery-slider\"><div class=\"av-horizontal-gallery-wrap noHover\"><img decoding=\"async\" loading=\"lazy\" class='wp-image-1133 avia-img-lazy-loading-1133 av-horizontal-gallery-img' width=\"495\" height=\"400\" src=\"https:\/\/www.tuicamper.com\/wp-docker\/wp-content\/uploads\/2019\/04\/ausblick-monument-valley-495x400.jpg\" title='Ausblick Monument Valley' alt='Ausblick Monument Valley' srcset=\"https:\/\/www.tuicamper.com\/wp-docker\/wp-content\/uploads\/2019\/04\/ausblick-monument-valley-495x400.jpg 495w, https:\/\/www.tuicamper.com\/wp-docker\/wp-content\/uploads\/2019\/04\/ausblick-monument-valley-845x684.jpg 845w\" sizes=\"auto, (max-width: 495px) 100vw, 495px\" \/><a href=\"https:\/\/www.tuicamper.com\/wp-docker\/wp-content\/uploads\/2019\/04\/ausblick-monument-valley-1030x686.jpg\" data-srcset=\"https:\/\/www.tuicamper.com\/wp-docker\/wp-content\/uploads\/2019\/04\/ausblick-monument-valley-1030x686.jpg 1030w, https:\/\/www.tuicamper.com\/wp-docker\/wp-content\/uploads\/2019\/04\/ausblick-monument-valley-300x200.jpg 300w, https:\/\/www.tuicamper.com\/wp-docker\/wp-content\/uploads\/2019\/04\/ausblick-monument-valley-768x512.jpg 768w, https:\/\/www.tuicamper.com\/wp-docker\/wp-content\/uploads\/2019\/04\/ausblick-monument-valley-705x470.jpg 705w, https:\/\/www.tuicamper.com\/wp-docker\/wp-content\/uploads\/2019\/04\/ausblick-monument-valley-450x300.jpg 450w, https:\/\/www.tuicamper.com\/wp-docker\/wp-content\/uploads\/2019\/04\/ausblick-monument-valley.jpg 1280w\" data-sizes=\"(max-width: 1030px) 100vw, 1030px\" class='av-horizontal-gallery-link avia-svg-icon avia-font-svg_entypo-fontello' data-av_svg_icon='resize-full' data-av_iconset='svg_entypo-fontello' title='Ausblick Monument Valley' alt='Ausblick Monument Valley' aria-label='Open image in lightbox: Ausblick Monument Valley'><svg version=\"1.1\" xmlns=\"http:\/\/www.w3.org\/2000\/svg\" width=\"25\" height=\"32\" viewBox=\"0 0 25 32\" preserveAspectRatio=\"xMidYMid meet\" aria-labelledby='av-svg-title-3' aria-describedby='av-svg-desc-3' role=\"graphics-symbol\" aria-hidden=\"true\">\n<title id='av-svg-title-3'>Open image in lightbox: Ausblick Monument Valley<\/title>\n<desc id='av-svg-desc-3'>Open image in lightbox: Ausblick Monument Valley<\/desc>\n<path d=\"M15.232 3.328h10.112v10.112l-3.2-3.968-4.672 4.864-3.2-3.2 4.864-4.672zM7.872 17.536l3.2 3.2-4.864 4.672 3.904 3.2h-10.112v-10.112l3.2 3.904z\"><\/path>\n<\/svg><\/a><\/div><div class=\"av-horizontal-gallery-wrap noHover\"><img decoding=\"async\" loading=\"lazy\" class='wp-image-1134 avia-img-lazy-loading-1134 av-horizontal-gallery-img' width=\"495\" height=\"400\" src=\"https:\/\/www.tuicamper.com\/wp-docker\/wp-content\/uploads\/2019\/04\/camper-am-strand-495x400.jpg\" title='Camper am Strand' alt='Camper am Strand' srcset=\"https:\/\/www.tuicamper.com\/wp-docker\/wp-content\/uploads\/2019\/04\/camper-am-strand-495x400.jpg 495w, https:\/\/www.tuicamper.com\/wp-docker\/wp-content\/uploads\/2019\/04\/camper-am-strand-845x684.jpg 845w\" sizes=\"auto, (max-width: 495px) 100vw, 495px\" \/><a href=\"https:\/\/www.tuicamper.com\/wp-docker\/wp-content\/uploads\/2019\/04\/camper-am-strand-1030x687.jpg\" data-srcset=\"https:\/\/www.tuicamper.com\/wp-docker\/wp-content\/uploads\/2019\/04\/camper-am-strand-1030x687.jpg 1030w, https:\/\/www.tuicamper.com\/wp-docker\/wp-content\/uploads\/2019\/04\/camper-am-strand-300x200.jpg 300w, https:\/\/www.tuicamper.com\/wp-docker\/wp-content\/uploads\/2019\/04\/camper-am-strand-768x512.jpg 768w, https:\/\/www.tuicamper.com\/wp-docker\/wp-content\/uploads\/2019\/04\/camper-am-strand-705x470.jpg 705w, https:\/\/www.tuicamper.com\/wp-docker\/wp-content\/uploads\/2019\/04\/camper-am-strand-450x300.jpg 450w, https:\/\/www.tuicamper.com\/wp-docker\/wp-content\/uploads\/2019\/04\/camper-am-strand.jpg 1280w\" data-sizes=\"(max-width: 1030px) 100vw, 1030px\" class='av-horizontal-gallery-link avia-svg-icon avia-font-svg_entypo-fontello' data-av_svg_icon='resize-full' data-av_iconset='svg_entypo-fontello' title='Camper am Strand' alt='Camper am Strand' aria-label='Open image in lightbox: Camper am Strand'><svg version=\"1.1\" xmlns=\"http:\/\/www.w3.org\/2000\/svg\" width=\"25\" height=\"32\" viewBox=\"0 0 25 32\" preserveAspectRatio=\"xMidYMid meet\" aria-labelledby='av-svg-title-4' aria-describedby='av-svg-desc-4' role=\"graphics-symbol\" aria-hidden=\"true\">\n<title id='av-svg-title-4'>Open image in lightbox: Camper am Strand<\/title>\n<desc id='av-svg-desc-4'>Open image in lightbox: Camper am Strand<\/desc>\n<path d=\"M15.232 3.328h10.112v10.112l-3.2-3.968-4.672 4.864-3.2-3.2 4.864-4.672zM7.872 17.536l3.2 3.2-4.864 4.672 3.904 3.2h-10.112v-10.112l3.2 3.904z\"><\/path>\n<\/svg><\/a><\/div><div class=\"av-horizontal-gallery-wrap noHover\"><img decoding=\"async\" loading=\"lazy\" class='wp-image-1135 avia-img-lazy-loading-1135 av-horizontal-gallery-img' width=\"495\" height=\"400\" src=\"https:\/\/www.tuicamper.com\/wp-docker\/wp-content\/uploads\/2019\/04\/trailblazer-usa-495x400.jpg\" title='Trailblazer in den USA' alt='Trailblazer in den USA' srcset=\"https:\/\/www.tuicamper.com\/wp-docker\/wp-content\/uploads\/2019\/04\/trailblazer-usa-495x400.jpg 495w, https:\/\/www.tuicamper.com\/wp-docker\/wp-content\/uploads\/2019\/04\/trailblazer-usa-845x684.jpg 845w\" sizes=\"auto, (max-width: 495px) 100vw, 495px\" \/><a href=\"https:\/\/www.tuicamper.com\/wp-docker\/wp-content\/uploads\/2019\/04\/trailblazer-usa-1030x708.jpg\" data-srcset=\"https:\/\/www.tuicamper.com\/wp-docker\/wp-content\/uploads\/2019\/04\/trailblazer-usa-1030x708.jpg 1030w, https:\/\/www.tuicamper.com\/wp-docker\/wp-content\/uploads\/2019\/04\/trailblazer-usa-300x206.jpg 300w, https:\/\/www.tuicamper.com\/wp-docker\/wp-content\/uploads\/2019\/04\/trailblazer-usa-768x528.jpg 768w, https:\/\/www.tuicamper.com\/wp-docker\/wp-content\/uploads\/2019\/04\/trailblazer-usa-705x485.jpg 705w, https:\/\/www.tuicamper.com\/wp-docker\/wp-content\/uploads\/2019\/04\/trailblazer-usa-450x309.jpg 450w, https:\/\/www.tuicamper.com\/wp-docker\/wp-content\/uploads\/2019\/04\/trailblazer-usa.jpg 1280w\" data-sizes=\"(max-width: 1030px) 100vw, 1030px\" class='av-horizontal-gallery-link avia-svg-icon avia-font-svg_entypo-fontello' data-av_svg_icon='resize-full' data-av_iconset='svg_entypo-fontello' title='Trailblazer in den USA' alt='Trailblazer in den USA' aria-label='Open image in lightbox: Trailblazer in den USA'><svg version=\"1.1\" xmlns=\"http:\/\/www.w3.org\/2000\/svg\" width=\"25\" height=\"32\" viewBox=\"0 0 25 32\" preserveAspectRatio=\"xMidYMid meet\" aria-labelledby='av-svg-title-5' aria-describedby='av-svg-desc-5' role=\"graphics-symbol\" aria-hidden=\"true\">\n<title id='av-svg-title-5'>Open image in lightbox: Trailblazer in den USA<\/title>\n<desc id='av-svg-desc-5'>Open image in lightbox: Trailblazer in den USA<\/desc>\n<path d=\"M15.232 3.328h10.112v10.112l-3.2-3.968-4.672 4.864-3.2-3.2 4.864-4.672zM7.872 17.536l3.2 3.2-4.864 4.672 3.904 3.2h-10.112v-10.112l3.2 3.904z\"><\/path>\n<\/svg><\/a><\/div><\/div><\/div><\/div>\n\n<\/div><\/div><\/div><!-- close content main div --><\/div><\/div><div id='av_section_4'  class='avia-section av-jt5vrdgv-20-9a365a697394a909cc50cbafc0a95ce6 main_color avia-section-default avia-no-border-styling  avia-builder-el-10  el_after_av_section  el_before_av_section  reduced-content avia-bg-style-scroll container_wrap sidebar_right'  ><div class='container av-section-cont-open' ><div class='template-page content  av-content-small alpha units'><div class='post-entry post-entry-type-page post-entry-1090'><div class='entry-content-wrapper clearfix'>\n\n<style type=\"text\/css\" data-created_by=\"avia_inline_auto\" id=\"style-css-av-1g5aou-19-c6c907dba605fbe84697216732caafc6\">\n.flex_column.av-1g5aou-19-c6c907dba605fbe84697216732caafc6{\nborder-radius:0px 0px 0px 0px;\npadding:0px 0px 0px 0px;\n}\n<\/style>\n<div  class='flex_column av-1g5aou-19-c6c907dba605fbe84697216732caafc6 av_one_full  avia-builder-el-11  el_before_av_horizontal_gallery  avia-builder-el-no-sibling  first flex_column_div av-zero-column-padding  '     ><section  class='av_textblock_section av-jt5tjyk0-18-d47b11a33b9e956f284ce6415ef2804d '   itemscope=\"itemscope\" itemtype=\"https:\/\/schema.org\/BlogPosting\" itemprop=\"blogPost\" ><div class='avia_textblock'  itemprop=\"text\" ><h2>2.) Lagerfeuer und Sternenhimmel \u2013 Wildromantik par excellence<\/h2>\n<p>Der Ruf der Freiheit, der auf freier Stra\u00dfe von allen Seiten erklingt, ist die eine Seite des Camping-Urlaubs. Doch ein\u00a0<a href=\"https:\/\/www.tuicamper.com\/routen\/\">Camper-Roadtrip<\/a>\u00a0\u00fcbt nicht nur auf Naturliebhaber, sondern auch auf Romantiker und Nostalgiker eine unwiderstehliche Anziehungskraft aus! Warum? Halten Sie sich einfach das folgende typische Camping-Szenario vor Augen.<\/p>\n<p>Sie schlagen Ihr Lager p\u00fcnktlich zu Beginn der Abendd\u00e4mmerung auf, die den weiten Horizont leuchtend violett einf\u00e4rbt. Frau und Kinder bereiten in der\u00a0<a href=\"https:\/\/www.tuicamper.com\/magazin\/kochen-im-wohnmobil-tipps-und-tricks-fuer-ihre-camper-kueche\/\">Wohnmobil-K\u00fcche die Abendmahlzeit vor<\/a>, w\u00e4hrend Sie \u2013 inmitten der Kulisse eines Nationalparks \u2013 ein Lagerfeuer entfachen. 20 Minuten sp\u00e4ter sitzen Sie beim Knistern des Lagerfeuers im Kreis und grillen gemeinsam W\u00fcrstchen, Stockbrot und Marshmellows \u2013 genau wie Sie es vor vielen Jahren schon mit Ihren Eltern getan haben. Fernab jedweder Lichtverschmutzung funkeln \u00fcber Ihnen die Sterne derweil fast schon surreal.<br \/>\nKlar, dass Nostalgie und Romantik untrennbar mit einem Camper-Urlaub verbunden sind.<\/p>\n<\/div><\/section><\/div>\n<style type=\"text\/css\" data-created_by=\"avia_inline_auto\" id=\"style-css-av-juazpu5v-17-e1635301989501e12ac563d256049a30\">\n.av-horizontal-gallery.av-juazpu5v-17-e1635301989501e12ac563d256049a30{\npadding:4.5% 0px;;\n}\n.av-horizontal-gallery.av-juazpu5v-17-e1635301989501e12ac563d256049a30 .av-horizontal-gallery-inner{\npadding-bottom:30%;\n}\n<\/style>\n<div  class='av-horizontal-gallery av-juazpu5v-17-e1635301989501e12ac563d256049a30 av-horizontal-gallery-large-gap av-horizontal-gallery-enlarge-effect  avia-builder-el-13  el_after_av_one_full  avia-builder-el-last  av-slideshow-ui av-control-default av-slideshow-manual av-loop-once av-loop-manual-endless av-horizontal-gallery-2' data-slideshow-data=\"{&quot;enlarge&quot;:1.3,&quot;animation&quot;:&quot;slide&quot;,&quot;autoplay&quot;:false,&quot;loop_autoplay&quot;:&quot;once&quot;,&quot;interval&quot;:5,&quot;loop_manual&quot;:&quot;manual-endless&quot;,&quot;autoplay_stopper&quot;:false,&quot;noNavigation&quot;:false,&quot;bg_slider&quot;:false,&quot;keep_padding&quot;:&quot;&quot;,&quot;hoverpause&quot;:false,&quot;show_slide_delay&quot;:0,&quot;initial&quot;:&quot;2&quot;}\"  itemprop=\"image\" itemscope=\"itemscope\" itemtype=\"https:\/\/schema.org\/ImageObject\" ><div class='avia-slideshow-arrows avia-slideshow-controls' ><a href='#prev' class='prev-slide av-horizontal-gallery-prev avia-svg-icon avia-font-svg_entypo-fontello' data-av_svg_icon='left-open-big' data-av_iconset='svg_entypo-fontello' tabindex='-1' title=\"Zur\u00fcck\"><svg version=\"1.1\" xmlns=\"http:\/\/www.w3.org\/2000\/svg\" width=\"15\" height=\"32\" viewBox=\"0 0 15 32\" preserveAspectRatio=\"xMidYMid meet\" aria-labelledby='av-svg-title-6' aria-describedby='av-svg-desc-6' role=\"graphics-symbol\" aria-hidden=\"true\">\n<title id='av-svg-title-6'>Zur\u00fcck<\/title>\n<desc id='av-svg-desc-6'>Zur\u00fcck<\/desc>\n<path d=\"M14.464 27.84q0.832 0.832 0 1.536-0.832 0.832-1.536 0l-12.544-12.608q-0.768-0.768 0-1.6l12.544-12.608q0.704-0.832 1.536 0 0.832 0.704 0 1.536l-11.456 11.904z\"><\/path>\n<\/svg><span class='avia_hidden_link_text'>Zur\u00fcck<\/span><\/a><a href='#next' class='next-slide av-horizontal-gallery-next avia-svg-icon avia-font-svg_entypo-fontello' data-av_svg_icon='right-open-big' data-av_iconset='svg_entypo-fontello' tabindex='-1' title=\"Weiter\"><svg version=\"1.1\" xmlns=\"http:\/\/www.w3.org\/2000\/svg\" width=\"15\" height=\"32\" viewBox=\"0 0 15 32\" preserveAspectRatio=\"xMidYMid meet\" aria-labelledby='av-svg-title-7' aria-describedby='av-svg-desc-7' role=\"graphics-symbol\" aria-hidden=\"true\">\n<title id='av-svg-title-7'>Weiter<\/title>\n<desc id='av-svg-desc-7'>Weiter<\/desc>\n<path d=\"M0.416 27.84l11.456-11.84-11.456-11.904q-0.832-0.832 0-1.536 0.832-0.832 1.536 0l12.544 12.608q0.768 0.832 0 1.6l-12.544 12.608q-0.704 0.832-1.536 0-0.832-0.704 0-1.536z\"><\/path>\n<\/svg><span class='avia_hidden_link_text'>Weiter<\/span><\/a><\/div><div class='avia-slideshow-dots avia-slideshow-controls av-horizontal-gallery-dots fade-in'><a href='#1' class='goto-slide active' >1<\/a><a href='#2' class='goto-slide ' >2<\/a><a href='#3' class='goto-slide ' >3<\/a><\/div><div class='av-horizontal-gallery-inner' data-av-height='30'><div class=\"av-horizontal-gallery-slider\"><div class=\"av-horizontal-gallery-wrap noHover\"><img decoding=\"async\" loading=\"lazy\" class='wp-image-1141 avia-img-lazy-loading-1141 av-horizontal-gallery-img' width=\"495\" height=\"400\" src=\"https:\/\/www.tuicamper.com\/wp-docker\/wp-content\/uploads\/2019\/04\/lagerfeuer-495x400.jpg\" title='Feuerkorb am Campingplatz' alt='Feuerkorb am Campingplatz' srcset=\"https:\/\/www.tuicamper.com\/wp-docker\/wp-content\/uploads\/2019\/04\/lagerfeuer-495x400.jpg 495w, https:\/\/www.tuicamper.com\/wp-docker\/wp-content\/uploads\/2019\/04\/lagerfeuer-845x684.jpg 845w\" sizes=\"auto, (max-width: 495px) 100vw, 495px\" \/><a href=\"https:\/\/www.tuicamper.com\/wp-docker\/wp-content\/uploads\/2019\/04\/lagerfeuer-1030x686.jpg\" data-srcset=\"https:\/\/www.tuicamper.com\/wp-docker\/wp-content\/uploads\/2019\/04\/lagerfeuer-1030x686.jpg 1030w, https:\/\/www.tuicamper.com\/wp-docker\/wp-content\/uploads\/2019\/04\/lagerfeuer-300x200.jpg 300w, https:\/\/www.tuicamper.com\/wp-docker\/wp-content\/uploads\/2019\/04\/lagerfeuer-768x511.jpg 768w, https:\/\/www.tuicamper.com\/wp-docker\/wp-content\/uploads\/2019\/04\/lagerfeuer-705x469.jpg 705w, https:\/\/www.tuicamper.com\/wp-docker\/wp-content\/uploads\/2019\/04\/lagerfeuer-450x300.jpg 450w, https:\/\/www.tuicamper.com\/wp-docker\/wp-content\/uploads\/2019\/04\/lagerfeuer.jpg 1280w\" data-sizes=\"(max-width: 1030px) 100vw, 1030px\" class='av-horizontal-gallery-link avia-svg-icon avia-font-svg_entypo-fontello' data-av_svg_icon='resize-full' data-av_iconset='svg_entypo-fontello' title='Feuerkorb am Campingplatz' alt='Feuerkorb am Campingplatz' aria-label='Open image in lightbox: Feuerkorb am Campingplatz'><svg version=\"1.1\" xmlns=\"http:\/\/www.w3.org\/2000\/svg\" width=\"25\" height=\"32\" viewBox=\"0 0 25 32\" preserveAspectRatio=\"xMidYMid meet\" aria-labelledby='av-svg-title-8' aria-describedby='av-svg-desc-8' role=\"graphics-symbol\" aria-hidden=\"true\">\n<title id='av-svg-title-8'>Open image in lightbox: Feuerkorb am Campingplatz<\/title>\n<desc id='av-svg-desc-8'>Open image in lightbox: Feuerkorb am Campingplatz<\/desc>\n<path d=\"M15.232 3.328h10.112v10.112l-3.2-3.968-4.672 4.864-3.2-3.2 4.864-4.672zM7.872 17.536l3.2 3.2-4.864 4.672 3.904 3.2h-10.112v-10.112l3.2 3.904z\"><\/path>\n<\/svg><\/a><\/div><div class=\"av-horizontal-gallery-wrap noHover\"><img decoding=\"async\" loading=\"lazy\" class='wp-image-1140 avia-img-lazy-loading-1140 av-horizontal-gallery-img' width=\"495\" height=\"400\" src=\"https:\/\/www.tuicamper.com\/wp-docker\/wp-content\/uploads\/2019\/04\/picknick-am-meer-495x400.jpg\" title='Picknick am Meer' alt='Picknick am Meer' srcset=\"https:\/\/www.tuicamper.com\/wp-docker\/wp-content\/uploads\/2019\/04\/picknick-am-meer-495x400.jpg 495w, https:\/\/www.tuicamper.com\/wp-docker\/wp-content\/uploads\/2019\/04\/picknick-am-meer-845x684.jpg 845w\" sizes=\"auto, (max-width: 495px) 100vw, 495px\" \/><a href=\"https:\/\/www.tuicamper.com\/wp-docker\/wp-content\/uploads\/2019\/04\/picknick-am-meer-1030x686.jpg\" data-srcset=\"https:\/\/www.tuicamper.com\/wp-docker\/wp-content\/uploads\/2019\/04\/picknick-am-meer-1030x686.jpg 1030w, https:\/\/www.tuicamper.com\/wp-docker\/wp-content\/uploads\/2019\/04\/picknick-am-meer-300x200.jpg 300w, https:\/\/www.tuicamper.com\/wp-docker\/wp-content\/uploads\/2019\/04\/picknick-am-meer-768x512.jpg 768w, https:\/\/www.tuicamper.com\/wp-docker\/wp-content\/uploads\/2019\/04\/picknick-am-meer-705x470.jpg 705w, https:\/\/www.tuicamper.com\/wp-docker\/wp-content\/uploads\/2019\/04\/picknick-am-meer-450x300.jpg 450w, https:\/\/www.tuicamper.com\/wp-docker\/wp-content\/uploads\/2019\/04\/picknick-am-meer.jpg 1280w\" data-sizes=\"(max-width: 1030px) 100vw, 1030px\" class='av-horizontal-gallery-link avia-svg-icon avia-font-svg_entypo-fontello' data-av_svg_icon='resize-full' data-av_iconset='svg_entypo-fontello' title='Picknick am Meer' alt='Picknick am Meer' aria-label='Open image in lightbox: Picknick am Meer'><svg version=\"1.1\" xmlns=\"http:\/\/www.w3.org\/2000\/svg\" width=\"25\" height=\"32\" viewBox=\"0 0 25 32\" preserveAspectRatio=\"xMidYMid meet\" aria-labelledby='av-svg-title-9' aria-describedby='av-svg-desc-9' role=\"graphics-symbol\" aria-hidden=\"true\">\n<title id='av-svg-title-9'>Open image in lightbox: Picknick am Meer<\/title>\n<desc id='av-svg-desc-9'>Open image in lightbox: Picknick am Meer<\/desc>\n<path d=\"M15.232 3.328h10.112v10.112l-3.2-3.968-4.672 4.864-3.2-3.2 4.864-4.672zM7.872 17.536l3.2 3.2-4.864 4.672 3.904 3.2h-10.112v-10.112l3.2 3.904z\"><\/path>\n<\/svg><\/a><\/div><div class=\"av-horizontal-gallery-wrap noHover\"><img decoding=\"async\" loading=\"lazy\" class='wp-image-1142 avia-img-lazy-loading-1142 av-horizontal-gallery-img' width=\"495\" height=\"400\" src=\"https:\/\/www.tuicamper.com\/wp-docker\/wp-content\/uploads\/2019\/04\/kaffee-am-morgen-495x400.jpg\" title='Kaffee am Morgen' alt='Kaffee am Morgen' srcset=\"https:\/\/www.tuicamper.com\/wp-docker\/wp-content\/uploads\/2019\/04\/kaffee-am-morgen-495x400.jpg 495w, https:\/\/www.tuicamper.com\/wp-docker\/wp-content\/uploads\/2019\/04\/kaffee-am-morgen-845x684.jpg 845w\" sizes=\"auto, (max-width: 495px) 100vw, 495px\" \/><a href=\"https:\/\/www.tuicamper.com\/wp-docker\/wp-content\/uploads\/2019\/04\/kaffee-am-morgen-1030x686.jpg\" data-srcset=\"https:\/\/www.tuicamper.com\/wp-docker\/wp-content\/uploads\/2019\/04\/kaffee-am-morgen-1030x686.jpg 1030w, https:\/\/www.tuicamper.com\/wp-docker\/wp-content\/uploads\/2019\/04\/kaffee-am-morgen-300x200.jpg 300w, https:\/\/www.tuicamper.com\/wp-docker\/wp-content\/uploads\/2019\/04\/kaffee-am-morgen-768x512.jpg 768w, https:\/\/www.tuicamper.com\/wp-docker\/wp-content\/uploads\/2019\/04\/kaffee-am-morgen-705x470.jpg 705w, https:\/\/www.tuicamper.com\/wp-docker\/wp-content\/uploads\/2019\/04\/kaffee-am-morgen-450x300.jpg 450w, https:\/\/www.tuicamper.com\/wp-docker\/wp-content\/uploads\/2019\/04\/kaffee-am-morgen.jpg 1280w\" data-sizes=\"(max-width: 1030px) 100vw, 1030px\" class='av-horizontal-gallery-link avia-svg-icon avia-font-svg_entypo-fontello' data-av_svg_icon='resize-full' data-av_iconset='svg_entypo-fontello' title='Kaffee am Morgen' alt='Kaffee am Morgen' aria-label='Open image in lightbox: Kaffee am Morgen'><svg version=\"1.1\" xmlns=\"http:\/\/www.w3.org\/2000\/svg\" width=\"25\" height=\"32\" viewBox=\"0 0 25 32\" preserveAspectRatio=\"xMidYMid meet\" aria-labelledby='av-svg-title-10' aria-describedby='av-svg-desc-10' role=\"graphics-symbol\" aria-hidden=\"true\">\n<title id='av-svg-title-10'>Open image in lightbox: Kaffee am Morgen<\/title>\n<desc id='av-svg-desc-10'>Open image in lightbox: Kaffee am Morgen<\/desc>\n<path d=\"M15.232 3.328h10.112v10.112l-3.2-3.968-4.672 4.864-3.2-3.2 4.864-4.672zM7.872 17.536l3.2 3.2-4.864 4.672 3.904 3.2h-10.112v-10.112l3.2 3.904z\"><\/path>\n<\/svg><\/a><\/div><\/div><\/div><\/div>\n\n<\/div><\/div><\/div><!-- close content main div --><\/div><\/div><div id='av_section_5'  class='avia-section av-jt5vrdgv-16-affaf024292dfb18097e1d5d21a2b7c8 main_color avia-section-default avia-no-border-styling  avia-builder-el-14  el_after_av_section  el_before_av_section  reduced-content avia-bg-style-scroll container_wrap sidebar_right'  ><div class='container av-section-cont-open' ><div class='template-page content  av-content-small alpha units'><div class='post-entry post-entry-type-page post-entry-1090'><div class='entry-content-wrapper clearfix'>\n\n<style type=\"text\/css\" data-created_by=\"avia_inline_auto\" id=\"style-css-av-1g5aou-15-7e314de3ccb4af2b5a452289917a23ff\">\n.flex_column.av-1g5aou-15-7e314de3ccb4af2b5a452289917a23ff{\nborder-radius:0px 0px 0px 0px;\npadding:0px 0px 0px 0px;\n}\n<\/style>\n<div  class='flex_column av-1g5aou-15-7e314de3ccb4af2b5a452289917a23ff av_one_full  avia-builder-el-15  el_before_av_horizontal_gallery  avia-builder-el-no-sibling  first flex_column_div av-zero-column-padding  '     ><section  class='av_textblock_section av-jt5tjyk0-14-035bbcae6dd533af777e7c6fabb8d3cc '   itemscope=\"itemscope\" itemtype=\"https:\/\/schema.org\/BlogPosting\" itemprop=\"blogPost\" ><div class='avia_textblock'  itemprop=\"text\" ><h2>3.) Camping verspricht gr\u00f6\u00dftm\u00f6gliche Flexibilit\u00e4t<\/h2>\n<p>Was die meisten Camper neben der Naturverbundenheit und Romantik, die mit einem Wohnmobil-Urlaub einhergehen, sch\u00e4tzen: das H\u00f6chstma\u00df an Flexibilit\u00e4t. Keine andere Form des Urlaubs l\u00e4sst Reisenden derart viel Raum f\u00fcr Spontanit\u00e4t. Im Rahmen eines Wohnmobil-Urlaubs<\/p>\n<ul>\n<li>entscheiden Sie selbst dar\u00fcber wie lange Sie so verweilen.<\/li>\n<li>k\u00f6nnen Sie sich auf Wunsch auch fernab ausgetretener Touristenpfade bewegen \u2013 und so Ihre ganz pers\u00f6nliche Robinsonade erleben!<\/li>\n<li>sind Sie auch verpflegungstechnisch Ihr eigener Herr. Entscheiden Sie sich nach Lust und Laune, ob Sie in Ihrer Wohnmobil-K\u00fcche eine Mahlzeit zaubern, oder ein nahegelegenes Restaurant aufsuchen.<\/li>\n<li>sind l\u00e4stige Hotelaufenthalte \u2013 inklusive fester Fr\u00fchst\u00fcckszeiten \u2013 pass\u00e9. Sie \u00fcbernachten in Ihrem eigenen mobilen Hotel!<\/li>\n<li>k\u00f6nnen Sie Ihr Wohnmobil dank\u00a0<a href=\"https:\/\/www.tuicamper.com\/magazin\/einwegmieten\/\">Einwegmiete<\/a>\u00a0an Ihrer Wunschdestination abgeben.<\/li>\n<li>haben Sie mehr als genug Stauraum f\u00fcr Ihr Gep\u00e4ck \u2013 und k\u00f6nnen beispielsweise auch Fahrr\u00e4der transportieren.<\/li>\n<li>macht Ihnen auch schlechtes Wetter keinen Strich durch die Rechnung. Nutzen Sie die Zeit einfach f\u00fcr die Fahrt zu Ihrer n\u00e4chsten Destination.<\/li>\n<\/ul>\n<\/div><\/section><\/div>\n<style type=\"text\/css\" data-created_by=\"avia_inline_auto\" id=\"style-css-av-juazpu5v-13-fee840d5f530ed325c6fe285b9bd7ca0\">\n.av-horizontal-gallery.av-juazpu5v-13-fee840d5f530ed325c6fe285b9bd7ca0{\npadding:4.5% 0px;;\n}\n.av-horizontal-gallery.av-juazpu5v-13-fee840d5f530ed325c6fe285b9bd7ca0 .av-horizontal-gallery-inner{\npadding-bottom:30%;\n}\n<\/style>\n<div  class='av-horizontal-gallery av-juazpu5v-13-fee840d5f530ed325c6fe285b9bd7ca0 av-horizontal-gallery-large-gap av-horizontal-gallery-enlarge-effect  avia-builder-el-17  el_after_av_one_full  avia-builder-el-last  av-slideshow-ui av-control-default av-slideshow-manual av-loop-once av-loop-manual-endless av-horizontal-gallery-3' data-slideshow-data=\"{&quot;enlarge&quot;:1.3,&quot;animation&quot;:&quot;slide&quot;,&quot;autoplay&quot;:false,&quot;loop_autoplay&quot;:&quot;once&quot;,&quot;interval&quot;:5,&quot;loop_manual&quot;:&quot;manual-endless&quot;,&quot;autoplay_stopper&quot;:false,&quot;noNavigation&quot;:false,&quot;bg_slider&quot;:false,&quot;keep_padding&quot;:&quot;&quot;,&quot;hoverpause&quot;:false,&quot;show_slide_delay&quot;:0,&quot;initial&quot;:&quot;2&quot;}\"  itemprop=\"image\" itemscope=\"itemscope\" itemtype=\"https:\/\/schema.org\/ImageObject\" ><div class='avia-slideshow-arrows avia-slideshow-controls' ><a href='#prev' class='prev-slide av-horizontal-gallery-prev avia-svg-icon avia-font-svg_entypo-fontello' data-av_svg_icon='left-open-big' data-av_iconset='svg_entypo-fontello' tabindex='-1' title=\"Zur\u00fcck\"><svg version=\"1.1\" xmlns=\"http:\/\/www.w3.org\/2000\/svg\" width=\"15\" height=\"32\" viewBox=\"0 0 15 32\" preserveAspectRatio=\"xMidYMid meet\" aria-labelledby='av-svg-title-11' aria-describedby='av-svg-desc-11' role=\"graphics-symbol\" aria-hidden=\"true\">\n<title id='av-svg-title-11'>Zur\u00fcck<\/title>\n<desc id='av-svg-desc-11'>Zur\u00fcck<\/desc>\n<path d=\"M14.464 27.84q0.832 0.832 0 1.536-0.832 0.832-1.536 0l-12.544-12.608q-0.768-0.768 0-1.6l12.544-12.608q0.704-0.832 1.536 0 0.832 0.704 0 1.536l-11.456 11.904z\"><\/path>\n<\/svg><span class='avia_hidden_link_text'>Zur\u00fcck<\/span><\/a><a href='#next' class='next-slide av-horizontal-gallery-next avia-svg-icon avia-font-svg_entypo-fontello' data-av_svg_icon='right-open-big' data-av_iconset='svg_entypo-fontello' tabindex='-1' title=\"Weiter\"><svg version=\"1.1\" xmlns=\"http:\/\/www.w3.org\/2000\/svg\" width=\"15\" height=\"32\" viewBox=\"0 0 15 32\" preserveAspectRatio=\"xMidYMid meet\" aria-labelledby='av-svg-title-12' aria-describedby='av-svg-desc-12' role=\"graphics-symbol\" aria-hidden=\"true\">\n<title id='av-svg-title-12'>Weiter<\/title>\n<desc id='av-svg-desc-12'>Weiter<\/desc>\n<path d=\"M0.416 27.84l11.456-11.84-11.456-11.904q-0.832-0.832 0-1.536 0.832-0.832 1.536 0l12.544 12.608q0.768 0.832 0 1.6l-12.544 12.608q-0.704 0.832-1.536 0-0.832-0.704 0-1.536z\"><\/path>\n<\/svg><span class='avia_hidden_link_text'>Weiter<\/span><\/a><\/div><div class='avia-slideshow-dots avia-slideshow-controls av-horizontal-gallery-dots fade-in'><a href='#1' class='goto-slide active' >1<\/a><a href='#2' class='goto-slide ' >2<\/a><a href='#3' class='goto-slide ' >3<\/a><\/div><div class='av-horizontal-gallery-inner' data-av-height='30'><div class=\"av-horizontal-gallery-slider\"><div class=\"av-horizontal-gallery-wrap noHover\"><img decoding=\"async\" loading=\"lazy\" class='wp-image-1148 avia-img-lazy-loading-1148 av-horizontal-gallery-img' width=\"495\" height=\"400\" src=\"https:\/\/www.tuicamper.com\/wp-docker\/wp-content\/uploads\/2019\/04\/freiheit-im-camper-495x400.jpg\" title='Freiheit im Camper' alt='' srcset=\"https:\/\/www.tuicamper.com\/wp-docker\/wp-content\/uploads\/2019\/04\/freiheit-im-camper-495x400.jpg 495w, https:\/\/www.tuicamper.com\/wp-docker\/wp-content\/uploads\/2019\/04\/freiheit-im-camper-845x684.jpg 845w\" sizes=\"auto, (max-width: 495px) 100vw, 495px\" \/><a href=\"https:\/\/www.tuicamper.com\/wp-docker\/wp-content\/uploads\/2019\/04\/freiheit-im-camper-1030x686.jpg\" data-srcset=\"https:\/\/www.tuicamper.com\/wp-docker\/wp-content\/uploads\/2019\/04\/freiheit-im-camper-1030x686.jpg 1030w, https:\/\/www.tuicamper.com\/wp-docker\/wp-content\/uploads\/2019\/04\/freiheit-im-camper-300x200.jpg 300w, https:\/\/www.tuicamper.com\/wp-docker\/wp-content\/uploads\/2019\/04\/freiheit-im-camper-768x512.jpg 768w, https:\/\/www.tuicamper.com\/wp-docker\/wp-content\/uploads\/2019\/04\/freiheit-im-camper-705x470.jpg 705w, https:\/\/www.tuicamper.com\/wp-docker\/wp-content\/uploads\/2019\/04\/freiheit-im-camper-450x300.jpg 450w, https:\/\/www.tuicamper.com\/wp-docker\/wp-content\/uploads\/2019\/04\/freiheit-im-camper.jpg 1280w\" data-sizes=\"(max-width: 1030px) 100vw, 1030px\" class='av-horizontal-gallery-link avia-svg-icon avia-font-svg_entypo-fontello' data-av_svg_icon='resize-full' data-av_iconset='svg_entypo-fontello' title='Freiheit im Camper' alt='' aria-label='Open image in lightbox: Freiheit im Camper'><svg version=\"1.1\" xmlns=\"http:\/\/www.w3.org\/2000\/svg\" width=\"25\" height=\"32\" viewBox=\"0 0 25 32\" preserveAspectRatio=\"xMidYMid meet\" aria-labelledby='av-svg-title-13' aria-describedby='av-svg-desc-13' role=\"graphics-symbol\" aria-hidden=\"true\">\n<title id='av-svg-title-13'>Open image in lightbox: Freiheit im Camper<\/title>\n<desc id='av-svg-desc-13'>Open image in lightbox: Freiheit im Camper<\/desc>\n<path d=\"M15.232 3.328h10.112v10.112l-3.2-3.968-4.672 4.864-3.2-3.2 4.864-4.672zM7.872 17.536l3.2 3.2-4.864 4.672 3.904 3.2h-10.112v-10.112l3.2 3.904z\"><\/path>\n<\/svg><\/a><\/div><div class=\"av-horizontal-gallery-wrap noHover\"><img decoding=\"async\" loading=\"lazy\" class='wp-image-1150 avia-img-lazy-loading-1150 av-horizontal-gallery-img' width=\"495\" height=\"400\" src=\"https:\/\/www.tuicamper.com\/wp-docker\/wp-content\/uploads\/2019\/04\/stellplatz-mit-ausblick-495x400.jpg\" title='Stellplatz mit Ausblick' alt='Stellplatz mit Ausblick' srcset=\"https:\/\/www.tuicamper.com\/wp-docker\/wp-content\/uploads\/2019\/04\/stellplatz-mit-ausblick-495x400.jpg 495w, https:\/\/www.tuicamper.com\/wp-docker\/wp-content\/uploads\/2019\/04\/stellplatz-mit-ausblick-845x684.jpg 845w\" sizes=\"auto, (max-width: 495px) 100vw, 495px\" \/><a href=\"https:\/\/www.tuicamper.com\/wp-docker\/wp-content\/uploads\/2019\/04\/stellplatz-mit-ausblick-1030x655.jpg\" data-srcset=\"https:\/\/www.tuicamper.com\/wp-docker\/wp-content\/uploads\/2019\/04\/stellplatz-mit-ausblick-1030x655.jpg 1030w, https:\/\/www.tuicamper.com\/wp-docker\/wp-content\/uploads\/2019\/04\/stellplatz-mit-ausblick-300x191.jpg 300w, https:\/\/www.tuicamper.com\/wp-docker\/wp-content\/uploads\/2019\/04\/stellplatz-mit-ausblick-768x488.jpg 768w, https:\/\/www.tuicamper.com\/wp-docker\/wp-content\/uploads\/2019\/04\/stellplatz-mit-ausblick-705x448.jpg 705w, https:\/\/www.tuicamper.com\/wp-docker\/wp-content\/uploads\/2019\/04\/stellplatz-mit-ausblick-450x286.jpg 450w, https:\/\/www.tuicamper.com\/wp-docker\/wp-content\/uploads\/2019\/04\/stellplatz-mit-ausblick.jpg 1280w\" data-sizes=\"(max-width: 1030px) 100vw, 1030px\" class='av-horizontal-gallery-link avia-svg-icon avia-font-svg_entypo-fontello' data-av_svg_icon='resize-full' data-av_iconset='svg_entypo-fontello' title='Stellplatz mit Ausblick' alt='Stellplatz mit Ausblick' aria-label='Open image in lightbox: Stellplatz mit Ausblick'><svg version=\"1.1\" xmlns=\"http:\/\/www.w3.org\/2000\/svg\" width=\"25\" height=\"32\" viewBox=\"0 0 25 32\" preserveAspectRatio=\"xMidYMid meet\" aria-labelledby='av-svg-title-14' aria-describedby='av-svg-desc-14' role=\"graphics-symbol\" aria-hidden=\"true\">\n<title id='av-svg-title-14'>Open image in lightbox: Stellplatz mit Ausblick<\/title>\n<desc id='av-svg-desc-14'>Open image in lightbox: Stellplatz mit Ausblick<\/desc>\n<path d=\"M15.232 3.328h10.112v10.112l-3.2-3.968-4.672 4.864-3.2-3.2 4.864-4.672zM7.872 17.536l3.2 3.2-4.864 4.672 3.904 3.2h-10.112v-10.112l3.2 3.904z\"><\/path>\n<\/svg><\/a><\/div><div class=\"av-horizontal-gallery-wrap noHover\"><img decoding=\"async\" loading=\"lazy\" class='wp-image-1149 avia-img-lazy-loading-1149 av-horizontal-gallery-img' width=\"495\" height=\"400\" src=\"https:\/\/www.tuicamper.com\/wp-docker\/wp-content\/uploads\/2019\/04\/pause-am-strand-495x400.jpg\" title='Pause am Strand' alt='Pause am Strand' srcset=\"https:\/\/www.tuicamper.com\/wp-docker\/wp-content\/uploads\/2019\/04\/pause-am-strand-495x400.jpg 495w, https:\/\/www.tuicamper.com\/wp-docker\/wp-content\/uploads\/2019\/04\/pause-am-strand-845x684.jpg 845w\" sizes=\"auto, (max-width: 495px) 100vw, 495px\" \/><a href=\"https:\/\/www.tuicamper.com\/wp-docker\/wp-content\/uploads\/2019\/04\/pause-am-strand-1030x680.jpg\" data-srcset=\"https:\/\/www.tuicamper.com\/wp-docker\/wp-content\/uploads\/2019\/04\/pause-am-strand-1030x680.jpg 1030w, https:\/\/www.tuicamper.com\/wp-docker\/wp-content\/uploads\/2019\/04\/pause-am-strand-300x198.jpg 300w, https:\/\/www.tuicamper.com\/wp-docker\/wp-content\/uploads\/2019\/04\/pause-am-strand-768x507.jpg 768w, https:\/\/www.tuicamper.com\/wp-docker\/wp-content\/uploads\/2019\/04\/pause-am-strand-705x465.jpg 705w, https:\/\/www.tuicamper.com\/wp-docker\/wp-content\/uploads\/2019\/04\/pause-am-strand-450x297.jpg 450w, https:\/\/www.tuicamper.com\/wp-docker\/wp-content\/uploads\/2019\/04\/pause-am-strand.jpg 1280w\" data-sizes=\"(max-width: 1030px) 100vw, 1030px\" class='av-horizontal-gallery-link avia-svg-icon avia-font-svg_entypo-fontello' data-av_svg_icon='resize-full' data-av_iconset='svg_entypo-fontello' title='Pause am Strand' alt='Pause am Strand' aria-label='Open image in lightbox: Pause am Strand'><svg version=\"1.1\" xmlns=\"http:\/\/www.w3.org\/2000\/svg\" width=\"25\" height=\"32\" viewBox=\"0 0 25 32\" preserveAspectRatio=\"xMidYMid meet\" aria-labelledby='av-svg-title-15' aria-describedby='av-svg-desc-15' role=\"graphics-symbol\" aria-hidden=\"true\">\n<title id='av-svg-title-15'>Open image in lightbox: Pause am Strand<\/title>\n<desc id='av-svg-desc-15'>Open image in lightbox: Pause am Strand<\/desc>\n<path d=\"M15.232 3.328h10.112v10.112l-3.2-3.968-4.672 4.864-3.2-3.2 4.864-4.672zM7.872 17.536l3.2 3.2-4.864 4.672 3.904 3.2h-10.112v-10.112l3.2 3.904z\"><\/path>\n<\/svg><\/a><\/div><\/div><\/div><\/div>\n\n<\/div><\/div><\/div><!-- close content main div --><\/div><\/div><div id='av_section_6'  class='avia-section av-jt5vrdgv-12-9257252cc7210947059503e8badd01f3 main_color avia-section-default avia-no-border-styling  avia-builder-el-18  el_after_av_section  el_before_av_section  reduced-content avia-bg-style-scroll container_wrap sidebar_right'  ><div class='container av-section-cont-open' ><div class='template-page content  av-content-small alpha units'><div class='post-entry post-entry-type-page post-entry-1090'><div class='entry-content-wrapper clearfix'>\n\n<style type=\"text\/css\" data-created_by=\"avia_inline_auto\" id=\"style-css-av-1g5aou-11-f476629dde47588bc753624edee2e1bf\">\n.flex_column.av-1g5aou-11-f476629dde47588bc753624edee2e1bf{\nborder-radius:0px 0px 0px 0px;\npadding:0px 0px 0px 0px;\n}\n<\/style>\n<div  class='flex_column av-1g5aou-11-f476629dde47588bc753624edee2e1bf av_one_full  avia-builder-el-19  avia-builder-el-no-sibling  first flex_column_div av-zero-column-padding  '     ><section  class='av_textblock_section av-jt5tjyk0-10-d591ad47f628efa71b16b05b99556dc9 '   itemscope=\"itemscope\" itemtype=\"https:\/\/schema.org\/BlogPosting\" itemprop=\"blogPost\" ><div class='avia_textblock'  itemprop=\"text\" ><h2>4.) Wohnmobil-Urlaub: sparen Sie bares Geld<\/h2>\n<p>Ein Grund mehr f\u00fcr den anhaltenden Trend des Wohnmobil-Urlaubs: Er bietet ein\u00a0<a href=\"https:\/\/www.tuicamper.com\/magazin\/spartipps-fuer-den-wohnmobil-urlaub\/\">erhebliches Sparpotenzial<\/a>. Obwohl die Mietkosten f\u00fcr das Wohnmobil und die \u00dcbernachtung auf Campingpl\u00e4tzen anfallen, ist der Camper-Urlaub aufgrund der gro\u00dfz\u00fcgigen Platzverh\u00e4ltnisse f\u00fcr mehrere Personen immer noch deutlich g\u00fcnstiger als ein herk\u00f6mmlicher Hotel-Urlaub. Zudem erm\u00f6glicht die eigene K\u00fcche im Wohnmobil kosteng\u00fcnstige Verpflegung unterwegs.<\/p>\n<p><strong>Mehr Platz, mehr Ersparnis<\/strong><\/p>\n<p>Im Vergleich zu einem Hotelzimmer bietet ein Wohnmobil eine betr\u00e4chtliche Menge an Platz. Je nach Modell k\u00f6nnen mehrere Personen bequem darin untergebracht werden. Dies erm\u00f6glicht es Familien und Gruppen, gemeinsam zu reisen und die Kosten f\u00fcr Unterkunft und Transport erheblich zu senken. Anstatt mehrere Hotelzimmer buchen zu m\u00fcssen, kann eine einzige Wohnmobilbuchung ausreichen, um alle Reisenden zu beherbergen.<\/p>\n<p><strong>G\u00fcnstige Verpflegungsm\u00f6glichkeiten an Bord<\/strong><\/p>\n<p>Ein weiterer Vorteil des Wohnmobil-Urlaubs ist die mitgebrachte Camper-K\u00fcche. Diese erm\u00f6glicht es den Reisenden, ihre eigenen Mahlzeiten zuzubereiten und somit erheblich bei den Verpflegungskosten zu sparen. Anstatt teure Restaurants besuchen zu m\u00fcssen, k\u00f6nnen frische Zutaten vor Ort eingekauft und in der Wohnmobil-K\u00fcche zu leckeren Mahlzeiten verarbeitet werden. Dies ist nicht nur kosteng\u00fcnstig, sondern bietet auch Flexibilit\u00e4t in Bezug auf individuelle Ern\u00e4hrungsgewohnheiten.<\/p>\n<\/div><\/section><\/div>\n\n<\/div><\/div><\/div><!-- close content main div --><\/div><\/div><div id='av_section_7'  class='avia-section av-46dh3m-fa958202f31a4c7362856849bc3bfd31 main_color avia-section-default avia-no-border-styling  avia-builder-el-21  el_after_av_section  el_before_av_section  magazine-slider-section fullwidth_section avia-bg-style-scroll container_wrap sidebar_right'  ><div class='container av-section-cont-open' ><div class='template-page content  av-content-small alpha units'><div class='post-entry post-entry-type-page post-entry-1090'><div class='entry-content-wrapper clearfix'>\n\n<style type=\"text\/css\" data-created_by=\"avia_inline_auto\" id=\"style-css-av-2yuwhu-ff39e3c1d6b3da9148edac9a4d590485\">\n.flex_column.av-2yuwhu-ff39e3c1d6b3da9148edac9a4d590485{\nborder-radius:0px 0px 0px 0px;\npadding:0px 0px 0px 0px;\n}\n<\/style>\n<div  class='flex_column av-2yuwhu-ff39e3c1d6b3da9148edac9a4d590485 av_one_full  avia-builder-el-22  avia-builder-el-no-sibling  first flex_column_div av-zero-column-padding  '     ><section  class='av_textblock_section av-lj5iskpw-1bf803ed213fe6acf2d849de38725352 '   itemscope=\"itemscope\" itemtype=\"https:\/\/schema.org\/BlogPosting\" itemprop=\"blogPost\" ><div class='avia_textblock'  itemprop=\"text\" ><div class=\"flex_column av_three_fourth flex_column_div av-zero-column-padding first el_before_av_one_fourth avia-builder-el-first headline-section\">\r\n    <section class=\"av_textblock_section \" itemscope=\"itemscope\"\r\n             itemtype=\"https:\/\/schema.org\/CreativeWork\">\r\n                    <div class=\"avia_textblock\" itemprop=\"text\">\r\n                                    Aus dem TUI Camper Magazin:<br>\r\n                                Spannende Artikel f\u00fcr Ihren Camper-Urlaub            <\/div>\r\n            <\/section>\r\n<\/div>\r\n<div class=\"flex_column av_one_fourth flex_column_div av-zero-column-padding el_after_av_three_fourth el_before_av_feature_image_slider avia-builder-el-last logo-section\">\r\n    <div class=\"avia-image-container avia-builder-el-no-sibling avia-align-center\"\r\n         itemprop=\"image\" itemscope=\"itemscope\" itemtype=\"https:\/\/schema.org\/ImageObject\">\r\n        <div class=\"avia-image-container-inner\">\r\n            <div class=\"avia-image-overlay-wrap\">\r\n                <a href=\"\/magazin\/\">\r\n                    <img decoding=\"async\" class=\"wp-image-3099 avia-img-lazy-loading-not-3099 avia_image\"\r\n                         src=\"\/wp-docker\/wp-content\/themes\/tuicamper_enfold\/assets\/img\/logo_350-135.png\"\r\n                         alt=\"TUI Camper Magazin\" height=\"69\" width=\"150\"\r\n                         itemprop=\"thumbnailUrl\">\r\n                <\/a>\r\n            <\/div>\r\n        <\/div>\r\n    <\/div>\r\n<\/div>\r\n<div class=\"flex_column av_one_full flex_column_div av-zero-column-padding first el_before_av_textblock avia-builder-el-first\"\r\n     style=\"border-radius:0px;\">\r\n    <div class=\"carousel\">\r\n                    <div class=\"carousel-cell\">\r\n                <a href=\"https:\/\/www.tuicamper.com\/magazin\/camping-ohne-kinder-tipps-und-campingplaetze\/\">\r\n                    <div class=\"img-container\" style=\"background-image: url('https:\/\/www.tuicamper.com\/wp-docker\/wp-content\/uploads\/2025\/10\/camping-ohne-kinder-header.jpg');\"><\/div>\r\n                    <p>Camping ohne Kinder? M\u00f6glichkeiten, Tipps und Campingpl\u00e4tze <span class=\"dashicons dashicons-arrow-right-alt2\"><\/span><\/p>\r\n                <\/a>\r\n            <\/div>\r\n                    <div class=\"carousel-cell\">\r\n                <a href=\"https:\/\/www.tuicamper.com\/magazin\/camping-im-phantasialand\/\">\r\n                    <div class=\"img-container\" style=\"background-image: url('https:\/\/www.tuicamper.com\/wp-docker\/wp-content\/uploads\/2025\/04\/camping-im-phantasiland-header.jpg');\"><\/div>\r\n                    <p>Camping im Phantasialand: Geht das? <span class=\"dashicons dashicons-arrow-right-alt2\"><\/span><\/p>\r\n                <\/a>\r\n            <\/div>\r\n                    <div class=\"carousel-cell\">\r\n                <a href=\"https:\/\/www.tuicamper.com\/magazin\/badeseen-in-deutschland\/\">\r\n                    <div class=\"img-container\" style=\"background-image: url('https:\/\/www.tuicamper.com\/wp-docker\/wp-content\/uploads\/2019\/09\/urlaub-am-see.jpg');\"><\/div>\r\n                    <p>Urlaub am See: Die 5 sch\u00f6nsten Badeseen in Deutschland <span class=\"dashicons dashicons-arrow-right-alt2\"><\/span><\/p>\r\n                <\/a>\r\n            <\/div>\r\n                    <div class=\"carousel-cell\">\r\n                <a href=\"https:\/\/www.tuicamper.com\/magazin\/freizeitparks-mit-campingplatz\/\">\r\n                    <div class=\"img-container\" style=\"background-image: url('https:\/\/www.tuicamper.com\/wp-docker\/wp-content\/uploads\/2024\/07\/Freizeitparks_mit_Campingplatz.jpg');\"><\/div>\r\n                    <p>Freizeitparks mit Campingplatz \u2013 Camping bei Deutschlands beliebtesten Parks <span class=\"dashicons dashicons-arrow-right-alt2\"><\/span><\/p>\r\n                <\/a>\r\n            <\/div>\r\n                    <div class=\"carousel-cell\">\r\n                <a href=\"https:\/\/www.tuicamper.com\/magazin\/wohnmobil-touren-fuer-anfaenger\/\">\r\n                    <div class=\"img-container\" style=\"background-image: url('https:\/\/www.tuicamper.com\/wp-docker\/wp-content\/uploads\/2024\/02\/wohnmobil-touren-fuer-anfaenger-teaser.jpg');\"><\/div>\r\n                    <p>Wohnmobil-Touren f\u00fcr Anf\u00e4nger \u2013 Planung, Tipps und Routen <span class=\"dashicons dashicons-arrow-right-alt2\"><\/span><\/p>\r\n                <\/a>\r\n            <\/div>\r\n                    <div class=\"carousel-cell\">\r\n                <a href=\"https:\/\/www.tuicamper.com\/magazin\/wohnmobil-chiemsee\/\">\r\n                    <div class=\"img-container\" style=\"background-image: url('https:\/\/www.tuicamper.com\/wp-docker\/wp-content\/uploads\/2019\/04\/wohnmobil-chiemsee.jpg');\"><\/div>\r\n                    <p>Wohnmobil-Urlaub am Chiemsee \u2013 Camping, Highlights &#038; die besten Ausfl\u00fcge <span class=\"dashicons dashicons-arrow-right-alt2\"><\/span><\/p>\r\n                <\/a>\r\n            <\/div>\r\n            <\/div>\r\n<\/div>\n<\/div><\/section><\/div>\n\n<div id='av_section_8'  class='avia-section av-jt5vrdgv-9-06978d48f47c0b2e0cde0fca8f77ea77 main_color avia-section-default avia-no-border-styling  avia-builder-el-0  el_before_av_textblock  avia-builder-el-first  reduced-content avia-bg-style-scroll container_wrap sidebar_right'  ><div class='container av-section-cont-open' ><main  role=\"main\" itemprop=\"mainContentOfPage\"  class='template-page content  av-content-small alpha units'><div class='post-entry post-entry-type-page post-entry-1090'><div class='entry-content-wrapper clearfix'>\n\n<style type=\"text\/css\" data-created_by=\"avia_inline_auto\" id=\"style-css-av-1g5aou-8-333a8aca8d60ad30096030bf70238cbb\">\n.flex_column.av-1g5aou-8-333a8aca8d60ad30096030bf70238cbb{\nborder-radius:0px 0px 0px 0px;\npadding:0px 0px 0px 0px;\n}\n<\/style>\n<div  class='flex_column av-1g5aou-8-333a8aca8d60ad30096030bf70238cbb av_one_full  avia-builder-el-1  avia-builder-el-no-sibling  first flex_column_div av-zero-column-padding  '     ><section  class='av_textblock_section av-jt5tjyk0-7-94e1a4b9b176b450a83830dc810d4353 '   itemscope=\"itemscope\" itemtype=\"https:\/\/schema.org\/BlogPosting\" itemprop=\"blogPost\" ><div class='avia_textblock'  itemprop=\"text\" ><h2>5.) Kontakte kn\u00fcpfen und Familienzusammenhalt st\u00e4rken<\/h2>\n<p>Last, but not least: Ein Wohnmobil-Urlaub st\u00e4rkt den Zusammenhalt zwischen den Reisenden ungemein. Seien es die gem\u00fctlichen abendlichen Lagerfeuer im intimen Kreis, die abenteuerliche Suche nach unber\u00fchrten Naturspektakeln oder das gemeinsame Kochen: Der Camping-Alltag bietet unz\u00e4hlige Gelegenheiten sich n\u00e4herzukommen. Auf Rastpl\u00e4tzen und Co. bietet sich zudem die M\u00f6glichkeit mit anderen Wohnmobil-Reisen auf Tuchf\u00fchlung zu gehen \u2013 und neue spannende Kontakte mit Campern aus aller Welt zu kn\u00fcpfen!<\/p>\n<\/div><\/section><\/div>\n<style type=\"text\/css\" data-created_by=\"avia_inline_auto\" id=\"style-css-av-lj5ii502-3c269565dff00c21dd5f272fe5f9fa34\">\n.av-horizontal-gallery.av-lj5ii502-3c269565dff00c21dd5f272fe5f9fa34{\npadding:4.5% 0px;;\n}\n.av-horizontal-gallery.av-lj5ii502-3c269565dff00c21dd5f272fe5f9fa34 .av-horizontal-gallery-inner{\npadding-bottom:30%;\n}\n<\/style>\n<div  class='av-horizontal-gallery av-lj5ii502-3c269565dff00c21dd5f272fe5f9fa34 av-horizontal-gallery-large-gap av-horizontal-gallery-enlarge-effect av-slideshow-ui av-control-default av-slideshow-manual av-loop-once av-loop-manual-endless av-horizontal-gallery-4' data-slideshow-data=\"{&quot;enlarge&quot;:1.3,&quot;animation&quot;:&quot;slide&quot;,&quot;autoplay&quot;:false,&quot;loop_autoplay&quot;:&quot;once&quot;,&quot;interval&quot;:5,&quot;loop_manual&quot;:&quot;manual-endless&quot;,&quot;autoplay_stopper&quot;:false,&quot;noNavigation&quot;:false,&quot;bg_slider&quot;:false,&quot;keep_padding&quot;:&quot;&quot;,&quot;hoverpause&quot;:false,&quot;show_slide_delay&quot;:0,&quot;initial&quot;:&quot;2&quot;}\"  itemprop=\"image\" itemscope=\"itemscope\" itemtype=\"https:\/\/schema.org\/ImageObject\" ><div class='avia-slideshow-arrows avia-slideshow-controls' ><a href='#prev' class='prev-slide av-horizontal-gallery-prev avia-svg-icon avia-font-svg_entypo-fontello' data-av_svg_icon='left-open-big' data-av_iconset='svg_entypo-fontello' tabindex='-1' title=\"Zur\u00fcck\"><svg version=\"1.1\" xmlns=\"http:\/\/www.w3.org\/2000\/svg\" width=\"15\" height=\"32\" viewBox=\"0 0 15 32\" preserveAspectRatio=\"xMidYMid meet\" aria-labelledby='av-svg-title-16' aria-describedby='av-svg-desc-16' role=\"graphics-symbol\" aria-hidden=\"true\">\n<title id='av-svg-title-16'>Zur\u00fcck<\/title>\n<desc id='av-svg-desc-16'>Zur\u00fcck<\/desc>\n<path d=\"M14.464 27.84q0.832 0.832 0 1.536-0.832 0.832-1.536 0l-12.544-12.608q-0.768-0.768 0-1.6l12.544-12.608q0.704-0.832 1.536 0 0.832 0.704 0 1.536l-11.456 11.904z\"><\/path>\n<\/svg><span class='avia_hidden_link_text'>Zur\u00fcck<\/span><\/a><a href='#next' class='next-slide av-horizontal-gallery-next avia-svg-icon avia-font-svg_entypo-fontello' data-av_svg_icon='right-open-big' data-av_iconset='svg_entypo-fontello' tabindex='-1' title=\"Weiter\"><svg version=\"1.1\" xmlns=\"http:\/\/www.w3.org\/2000\/svg\" width=\"15\" height=\"32\" viewBox=\"0 0 15 32\" preserveAspectRatio=\"xMidYMid meet\" aria-labelledby='av-svg-title-17' aria-describedby='av-svg-desc-17' role=\"graphics-symbol\" aria-hidden=\"true\">\n<title id='av-svg-title-17'>Weiter<\/title>\n<desc id='av-svg-desc-17'>Weiter<\/desc>\n<path d=\"M0.416 27.84l11.456-11.84-11.456-11.904q-0.832-0.832 0-1.536 0.832-0.832 1.536 0l12.544 12.608q0.768 0.832 0 1.6l-12.544 12.608q-0.704 0.832-1.536 0-0.832-0.704 0-1.536z\"><\/path>\n<\/svg><span class='avia_hidden_link_text'>Weiter<\/span><\/a><\/div><div class='avia-slideshow-dots avia-slideshow-controls av-horizontal-gallery-dots fade-in'><a href='#1' class='goto-slide active' >1<\/a><a href='#2' class='goto-slide ' >2<\/a><a href='#3' class='goto-slide ' >3<\/a><\/div><div class='av-horizontal-gallery-inner' data-av-height='30'><div class=\"av-horizontal-gallery-slider\"><div class=\"av-horizontal-gallery-wrap noHover\"><img decoding=\"async\" fetchpriority=\"high\" class='wp-image-1440 avia-img-lazy-loading-not-1440 av-horizontal-gallery-img' width=\"495\" height=\"400\" src=\"https:\/\/www.tuicamper.com\/wp-docker\/wp-content\/uploads\/2019\/04\/kochen-im-wohnmobil-495x400.jpg\" title='Kochen im Wohnmobil' alt='Kochen im Wohnmobil' \/><a href=\"https:\/\/www.tuicamper.com\/wp-docker\/wp-content\/uploads\/2019\/04\/kochen-im-wohnmobil-1030x393.jpg\" data-srcset=\"https:\/\/www.tuicamper.com\/wp-docker\/wp-content\/uploads\/2019\/04\/kochen-im-wohnmobil-1030x393.jpg 1030w, https:\/\/www.tuicamper.com\/wp-docker\/wp-content\/uploads\/2019\/04\/kochen-im-wohnmobil-300x115.jpg 300w, https:\/\/www.tuicamper.com\/wp-docker\/wp-content\/uploads\/2019\/04\/kochen-im-wohnmobil-768x293.jpg 768w, https:\/\/www.tuicamper.com\/wp-docker\/wp-content\/uploads\/2019\/04\/kochen-im-wohnmobil-705x269.jpg 705w, https:\/\/www.tuicamper.com\/wp-docker\/wp-content\/uploads\/2019\/04\/kochen-im-wohnmobil-845x321.jpg 845w, https:\/\/www.tuicamper.com\/wp-docker\/wp-content\/uploads\/2019\/04\/kochen-im-wohnmobil-450x172.jpg 450w, https:\/\/www.tuicamper.com\/wp-docker\/wp-content\/uploads\/2019\/04\/kochen-im-wohnmobil.jpg 1310w\" data-sizes=\"(max-width: 1030px) 100vw, 1030px\" class='av-horizontal-gallery-link avia-svg-icon avia-font-svg_entypo-fontello' data-av_svg_icon='resize-full' data-av_iconset='svg_entypo-fontello' title='Kochen im Wohnmobil' alt='Kochen im Wohnmobil' aria-label='Open image in lightbox: Kochen im Wohnmobil'><svg version=\"1.1\" xmlns=\"http:\/\/www.w3.org\/2000\/svg\" width=\"25\" height=\"32\" viewBox=\"0 0 25 32\" preserveAspectRatio=\"xMidYMid meet\" aria-labelledby='av-svg-title-18' aria-describedby='av-svg-desc-18' role=\"graphics-symbol\" aria-hidden=\"true\">\n<title id='av-svg-title-18'>Open image in lightbox: Kochen im Wohnmobil<\/title>\n<desc id='av-svg-desc-18'>Open image in lightbox: Kochen im Wohnmobil<\/desc>\n<path d=\"M15.232 3.328h10.112v10.112l-3.2-3.968-4.672 4.864-3.2-3.2 4.864-4.672zM7.872 17.536l3.2 3.2-4.864 4.672 3.904 3.2h-10.112v-10.112l3.2 3.904z\"><\/path>\n<\/svg><\/a><\/div><div class=\"av-horizontal-gallery-wrap noHover\"><img decoding=\"async\" fetchpriority=\"high\" class='wp-image-1888 avia-img-lazy-loading-not-1888 av-horizontal-gallery-img' width=\"495\" height=\"400\" src=\"https:\/\/www.tuicamper.com\/wp-docker\/wp-content\/uploads\/2019\/04\/lagerfeuer-kanada-495x400.jpg\" title='Lagerfeuer am Stellplatz' alt='Lagerfeuer am Stellplatz' srcset=\"https:\/\/www.tuicamper.com\/wp-docker\/wp-content\/uploads\/2019\/04\/lagerfeuer-kanada-495x400.jpg 495w, https:\/\/www.tuicamper.com\/wp-docker\/wp-content\/uploads\/2019\/04\/lagerfeuer-kanada-845x684.jpg 845w\" sizes=\"(max-width: 495px) 100vw, 495px\" \/><a href=\"https:\/\/www.tuicamper.com\/wp-docker\/wp-content\/uploads\/2019\/04\/lagerfeuer-kanada-1030x687.jpg\" data-srcset=\"https:\/\/www.tuicamper.com\/wp-docker\/wp-content\/uploads\/2019\/04\/lagerfeuer-kanada-1030x687.jpg 1030w, https:\/\/www.tuicamper.com\/wp-docker\/wp-content\/uploads\/2019\/04\/lagerfeuer-kanada-300x200.jpg 300w, https:\/\/www.tuicamper.com\/wp-docker\/wp-content\/uploads\/2019\/04\/lagerfeuer-kanada-768x512.jpg 768w, https:\/\/www.tuicamper.com\/wp-docker\/wp-content\/uploads\/2019\/04\/lagerfeuer-kanada-705x470.jpg 705w, https:\/\/www.tuicamper.com\/wp-docker\/wp-content\/uploads\/2019\/04\/lagerfeuer-kanada-450x300.jpg 450w, https:\/\/www.tuicamper.com\/wp-docker\/wp-content\/uploads\/2019\/04\/lagerfeuer-kanada.jpg 1280w\" data-sizes=\"(max-width: 1030px) 100vw, 1030px\" class='av-horizontal-gallery-link avia-svg-icon avia-font-svg_entypo-fontello' data-av_svg_icon='resize-full' data-av_iconset='svg_entypo-fontello' title='Lagerfeuer am Stellplatz' alt='Lagerfeuer am Stellplatz' aria-label='Open image in lightbox: Lagerfeuer am Stellplatz'><svg version=\"1.1\" xmlns=\"http:\/\/www.w3.org\/2000\/svg\" width=\"25\" height=\"32\" viewBox=\"0 0 25 32\" preserveAspectRatio=\"xMidYMid meet\" aria-labelledby='av-svg-title-19' aria-describedby='av-svg-desc-19' role=\"graphics-symbol\" aria-hidden=\"true\">\n<title id='av-svg-title-19'>Open image in lightbox: Lagerfeuer am Stellplatz<\/title>\n<desc id='av-svg-desc-19'>Open image in lightbox: Lagerfeuer am Stellplatz<\/desc>\n<path d=\"M15.232 3.328h10.112v10.112l-3.2-3.968-4.672 4.864-3.2-3.2 4.864-4.672zM7.872 17.536l3.2 3.2-4.864 4.672 3.904 3.2h-10.112v-10.112l3.2 3.904z\"><\/path>\n<\/svg><\/a><\/div><div class=\"av-horizontal-gallery-wrap noHover\"><img decoding=\"async\" fetchpriority=\"high\" class='wp-image-28763 avia-img-lazy-loading-not-28763 av-horizontal-gallery-img' width=\"495\" height=\"400\" src=\"https:\/\/www.tuicamper.com\/wp-docker\/wp-content\/uploads\/2022\/11\/lagerfeuer-camper-495x400.jpg\" title='' alt='Lagerfeuer am Camper' srcset=\"https:\/\/www.tuicamper.com\/wp-docker\/wp-content\/uploads\/2022\/11\/lagerfeuer-camper-495x400.jpg 495w, https:\/\/www.tuicamper.com\/wp-docker\/wp-content\/uploads\/2022\/11\/lagerfeuer-camper-845x684.jpg 845w\" sizes=\"(max-width: 495px) 100vw, 495px\" \/><a href=\"https:\/\/www.tuicamper.com\/wp-docker\/wp-content\/uploads\/2022\/11\/lagerfeuer-camper-1030x686.jpg\" data-srcset=\"https:\/\/www.tuicamper.com\/wp-docker\/wp-content\/uploads\/2022\/11\/lagerfeuer-camper-1030x686.jpg 1030w, https:\/\/www.tuicamper.com\/wp-docker\/wp-content\/uploads\/2022\/11\/lagerfeuer-camper-300x200.jpg 300w, https:\/\/www.tuicamper.com\/wp-docker\/wp-content\/uploads\/2022\/11\/lagerfeuer-camper-768x512.jpg 768w, https:\/\/www.tuicamper.com\/wp-docker\/wp-content\/uploads\/2022\/11\/lagerfeuer-camper-705x470.jpg 705w, https:\/\/www.tuicamper.com\/wp-docker\/wp-content\/uploads\/2022\/11\/lagerfeuer-camper.jpg 1280w\" data-sizes=\"(max-width: 1030px) 100vw, 1030px\" class='av-horizontal-gallery-link avia-svg-icon avia-font-svg_entypo-fontello' data-av_svg_icon='resize-full' data-av_iconset='svg_entypo-fontello' title='' alt='Lagerfeuer am Camper' aria-label='Open image in lightbox: '><svg version=\"1.1\" xmlns=\"http:\/\/www.w3.org\/2000\/svg\" width=\"25\" height=\"32\" viewBox=\"0 0 25 32\" preserveAspectRatio=\"xMidYMid meet\" aria-labelledby='av-svg-title-20' aria-describedby='av-svg-desc-20' role=\"graphics-symbol\" aria-hidden=\"true\">\n<title id='av-svg-title-20'>Open image in lightbox: <\/title>\n<desc id='av-svg-desc-20'>Open image in lightbox: <\/desc>\n<path d=\"M15.232 3.328h10.112v10.112l-3.2-3.968-4.672 4.864-3.2-3.2 4.864-4.672zM7.872 17.536l3.2 3.2-4.864 4.672 3.904 3.2h-10.112v-10.112l3.2 3.904z\"><\/path>\n<\/svg><\/a><\/div><\/div><\/div><\/div>\n<\/div><\/div><\/main><!-- close content main element --><\/div><\/div><div id='after_section_8'  class='main_color av_default_container_wrap container_wrap sidebar_right'  ><div class='container av-section-cont-open' ><div class='template-page content  av-content-small alpha units'><div class='post-entry post-entry-type-page post-entry-1090'><div class='entry-content-wrapper clearfix'><\/div><\/div><\/div><!-- close content main div --><\/div><\/div><div id='av_section_9'  class='avia-section av-jt5vrdgv-6-d6a7dc34d8bb54ec2eae97e6d7089bb7 main_color avia-section-default avia-no-border-styling  reduced-content avia-bg-style-scroll container_wrap sidebar_right'  ><div class='container av-section-cont-open' ><div class='template-page content  av-content-small alpha units'><div class='post-entry post-entry-type-page post-entry-1090'><div class='entry-content-wrapper clearfix'>\n\n<style type=\"text\/css\" data-created_by=\"avia_inline_auto\" id=\"style-css-av-1g5aou-5-33bf9caecc3153e04985c29a10571060\">\n.flex_column.av-1g5aou-5-33bf9caecc3153e04985c29a10571060{\nborder-radius:0px 0px 0px 0px;\npadding:0px 0px 0px 0px;\n}\n<\/style>\n<div  class='flex_column av-1g5aou-5-33bf9caecc3153e04985c29a10571060 av_one_full first flex_column_div av-zero-column-padding  '     ><section  class='av_textblock_section av-jt5tjyk0-4-9fc7c54a0d4bcab8b5a5cd532fc579da '   itemscope=\"itemscope\" itemtype=\"https:\/\/schema.org\/BlogPosting\" itemprop=\"blogPost\" ><div class='avia_textblock'  itemprop=\"text\" ><h2 class=\"\">Fazit<\/h2>\n<p>Der Wohnmobil-Urlaub erfreut sich wachsender Beliebtheit und bietet zahlreiche Vorteile. Er erm\u00f6glicht ein intensives Naturerlebnis, f\u00f6rdert Nostalgie und Romantik durch Lagerfeuer und Sternenhimmel, bietet maximale Flexibilit\u00e4t in Bezug auf Reiseroute und Verpflegung, spart Kosten im Vergleich zu herk\u00f6mmlichen Hotel-Urlauben und st\u00e4rkt den Zusammenhalt zwischen den Reisenden. Die gem\u00fctlichen Lagerfeuer, gemeinsame Abenteuer und die M\u00f6glichkeit, neue Kontakte mit Campern aus aller Welt zu kn\u00fcpfen, tragen dazu bei, dass ein Wohnmobil-Urlaub eine unvergessliche Erfahrung f\u00fcr Familien und Reisegruppen ist.<\/p>\n<p>Sie m\u00f6chten die Flexibilit\u00e4t einer Wohnmobil-Reise nutzen? Dann lesen Sie mehr zu den\u00a0<a href=\"https:\/\/www.tuicamper.com\/vorteile\/\">Vorteilen einer Buchung bei TUI CAMPER<\/a>. Profitieren Sie von einer einfachen Buchung, transparenten Preisen und einem umfangreichen Versicherungsschutz. Wir finden garantiert\u00a0<a href=\"https:\/\/www.tuicamper.com\/fahrzeuge\/\">das richtige Wohnmobil f\u00fcr Sie<\/a>!<\/p>\n<\/div><\/section><\/div><div  class='avia-button-wrap av-ju2eusip-88679154069d77c0d7e6521a84dfae4c-wrap avia-button-center '><a href='https:\/\/www.tuicamper.com\/'  class='avia-button av-ju2eusip-88679154069d77c0d7e6521a84dfae4c av-link-btn avia-icon_select-yes-right-icon avia-size-large avia-position-center avia-color-theme-color'   aria-label=\"Jetzt Wohnmobil mieten f\u00fcr Ihren Traumurlaub\"><span class='avia_iconbox_title' >Jetzt Wohnmobil mieten f\u00fcr Ihren Traumurlaub<\/span><span class='avia_button_icon avia_button_icon_right avia-iconfont avia-font-entypo-fontello' data-av_icon='\ue875' data-av_iconfont='entypo-fontello' ><\/span><\/a><\/div>\n<\/div><\/div><\/div><!-- close content main div --><\/div><\/div><div id='after_section_9'  class='main_color av_default_container_wrap container_wrap sidebar_right'  ><div class='container av-section-cont-open' ><div class='template-page content  av-content-small alpha units'><div class='post-entry post-entry-type-page post-entry-1090'><div class='entry-content-wrapper clearfix'><\/p>\n<\/div><\/div><\/div><!-- close content main div --><\/div><\/div><div id='av_section_10'  class='avia-section av-jt5vrdgv-3-a1f4b84a13d7c5b59effd0b6befbee48 main_color avia-section-default avia-no-border-styling  avia-builder-el-4  el_after_av_textblock  el_before_av_section  reduced-content avia-bg-style-scroll container_wrap sidebar_right'  ><div class='container av-section-cont-open' ><div class='template-page content  av-content-small alpha units'><div class='post-entry post-entry-type-page post-entry-1090'><div class='entry-content-wrapper clearfix'>\n\n<style type=\"text\/css\" data-created_by=\"avia_inline_auto\" id=\"style-css-av-1g5aou-2-1f93a398e8836930f210449bc6b0e531\">\n.flex_column.av-1g5aou-2-1f93a398e8836930f210449bc6b0e531{\nborder-radius:0px 0px 0px 0px;\npadding:0px 0px 0px 0px;\n}\n<\/style>\n<div  class='flex_column av-1g5aou-2-1f93a398e8836930f210449bc6b0e531 av_one_full first flex_column_div av-zero-column-padding  '     ><style type=\"text\/css\" data-created_by=\"avia_inline_auto\" id=\"style-css-av-jt5tjyk0-1-a5ecf02c774751e4f7179b9ea17bc2e5\">\n#top .av_textblock_section.av-jt5tjyk0-1-a5ecf02c774751e4f7179b9ea17bc2e5 .avia_textblock{\nfont-size:28px;\n}\n<\/style>\n<section  class='av_textblock_section av-jt5tjyk0-1-a5ecf02c774751e4f7179b9ea17bc2e5 '   itemscope=\"itemscope\" itemtype=\"https:\/\/schema.org\/BlogPosting\" itemprop=\"blogPost\" ><div class='avia_textblock'  itemprop=\"text\" ><p><strong>Ihr TUI CAMPER-Team w\u00fcnscht Ihnen eine sorglose Wohnmobil-Reise!<\/strong><\/p>\n<\/div><\/section><\/div><div  class='av-social-sharing-box av-10zg8-8676a2d54b4a15bbf6c39a1c18f0815b av-social-sharing-box-default av-social-sharing-box-fullwidth'><div class=\"av-share-box\"><ul class=\"av-share-box-list noLightbox\"><li class='av-share-link av-social-link-facebook avia_social_iconfont' ><a target=\"_blank\" aria-label=\"Teilen auf Facebook\" href='https:\/\/www.facebook.com\/sharer.php?u=https:\/\/www.tuicamper.com\/magazin\/wohnmobil-chiemsee\/&#038;t=Wohnmobil-Urlaub%20am%20Chiemsee%20%E2%80%93%20Camping%2C%20Highlights%20%26%20die%20besten%20Ausfl%C3%BCge' data-av_icon='\ue8f3' data-av_iconfont='entypo-fontello'  title='' data-avia-related-tooltip='Teilen auf Facebook'><span class='avia_hidden_link_text'>Teilen auf Facebook<\/span><\/a><\/li><li class='av-share-link av-social-link-twitter avia_social_iconfont' ><a target=\"_blank\" aria-label=\"Teilen auf X\" href='https:\/\/twitter.com\/share?text=Wohnmobil-Urlaub%20am%20Chiemsee%20%E2%80%93%20Camping%2C%20Highlights%20%26%20die%20besten%20Ausfl%C3%BCge&#038;url=https:\/\/www.tuicamper.com\/magazin\/wohnmobil-chiemsee\/' data-av_icon='\ue932' data-av_iconfont='entypo-fontello'  title='' data-avia-related-tooltip='Teilen auf X'><span class='avia_hidden_link_text'>Teilen auf X<\/span><\/a><\/li><li class='av-share-link av-social-link-whatsapp avia_social_iconfont' ><a target=\"_blank\" aria-label=\"Teilen auf WhatsApp\" href='https:\/\/api.whatsapp.com\/send?text=https:\/\/www.tuicamper.com\/magazin\/wohnmobil-chiemsee\/' data-av_icon='\uf232' data-av_iconfont='entypo-fontello'  title='' data-avia-related-tooltip='Teilen auf WhatsApp'><span class='avia_hidden_link_text'>Teilen auf WhatsApp<\/span><\/a><\/li><li class='av-share-link av-social-link-pinterest avia_social_iconfont' ><a target=\"_blank\" aria-label=\"Teilen auf Pinterest\" href='https:\/\/pinterest.com\/pin\/create\/button\/?url=https%3A%2F%2Fwww.tuicamper.com%2Fmagazin%2Fwohnmobil-chiemsee%2F&#038;description=Wohnmobil-Urlaub%20am%20Chiemsee%20%E2%80%93%20Camping%2C%20Highlights%20%26%20die%20besten%20Ausfl%C3%BCge&#038;media=https%3A%2F%2Fwww.tuicamper.com%2Fwp-docker%2Fwp-content%2Fuploads%2F2019%2F04%2Fwohnmobil-chiemsee-705x269.jpg' data-av_icon='\ue8f8' data-av_iconfont='entypo-fontello'  title='' data-avia-related-tooltip='Teilen auf Pinterest'><span class='avia_hidden_link_text'>Teilen auf Pinterest<\/span><\/a><\/li><li class='av-share-link av-social-link-mail avia_social_iconfont' ><a  aria-label=\"Per E-Mail teilen\" href='mailto:?subject=Wohnmobil-Urlaub%20am%20Chiemsee%20%E2%80%93%20Camping%2C%20Highlights%20%26%20die%20besten%20Ausfl%C3%BCge&#038;body=https:\/\/www.tuicamper.com\/magazin\/wohnmobil-chiemsee\/' data-av_icon='\ue805' data-av_iconfont='entypo-fontello'  title='' data-avia-related-tooltip='Per E-Mail teilen'><span class='avia_hidden_link_text'>Per E-Mail teilen<\/span><\/a><\/li><\/ul><\/div><\/div>\n\n","protected":false},"excerpt":{"rendered":"<p>Natur, Romantik, Flexibilit\u00e4t: Millionen Deutsche schw\u00f6ren auf den Urlaub im Wohnmobil. Erfahren Sie hier, warum der Trend zum Camper-Urlaub ungebrochen ist!<\/p>\n","protected":false},"author":3,"featured_media":1130,"comment_status":"open","ping_status":"open","sticky":false,"template":"","format":"standard","meta":{"footnotes":""},"categories":[32],"tags":[44,38],"class_list":["post-1090","post","type-post","status-publish","format-standard","has-post-thumbnail","hentry","category-camper-insights","tag-insider-infos","tag-uebernachten"],"yoast_head":"<!-- This site is optimized with the Yoast SEO plugin v27.4 - https:\/\/yoast.com\/product\/yoast-seo-wordpress\/ -->\n<title>Wohnmobil-Urlaub liegt im Trend \u2013 TUI CAMPER nennt 5 Gr\u00fcnde!<\/title>\n<meta name=\"description\" content=\"Natur, Romantik, Flexibilit\u00e4t: Millionen Deutsche schw\u00f6ren auf den Urlaub im Wohnmobil. Erfahren Sie hier, warum der Trend zum Camper-Urlaub ungebrochen ist!\" \/>\n<meta name=\"robots\" content=\"index, follow, max-snippet:-1, max-image-preview:large, max-video-preview:-1\" \/>\n<link rel=\"canonical\" href=\"https:\/\/www.tuicamper.com\/magazin\/trendurlaub-wohnmobil\/\" \/>\n<meta property=\"og:locale\" content=\"de_DE\" \/>\n<meta property=\"og:type\" content=\"article\" \/>\n<meta property=\"og:title\" content=\"Wohnmobil-Urlaub liegt im Trend \u2013 TUI CAMPER nennt 5 Gr\u00fcnde!\" \/>\n<meta property=\"og:description\" content=\"Natur, Romantik, Flexibilit\u00e4t: Millionen Deutsche schw\u00f6ren auf den Urlaub im Wohnmobil. Erfahren Sie hier, warum der Trend zum Camper-Urlaub ungebrochen ist!\" \/>\n<meta property=\"og:url\" content=\"https:\/\/www.tuicamper.com\/magazin\/trendurlaub-wohnmobil\/\" \/>\n<meta property=\"og:site_name\" content=\"TUI Camper Magazin\" \/>\n<meta property=\"article:published_time\" content=\"2019-04-10T10:06:10+00:00\" \/>\n<meta property=\"article:modified_time\" content=\"2023-06-21T09:39:56+00:00\" \/>\n<meta property=\"og:image\" content=\"https:\/\/www.tuicamper.com\/wp-docker\/wp-content\/uploads\/2019\/04\/trendurlaub-wohnmobil.jpg\" \/>\n\t<meta property=\"og:image:width\" content=\"1310\" \/>\n\t<meta property=\"og:image:height\" content=\"500\" \/>\n\t<meta property=\"og:image:type\" content=\"image\/jpeg\" \/>\n<meta name=\"author\" content=\"S\u00f6ren Cortekar\" \/>\n<meta name=\"twitter:card\" content=\"summary_large_image\" \/>\n<meta name=\"twitter:label1\" content=\"Verfasst von\" \/>\n\t<meta name=\"twitter:data1\" content=\"S\u00f6ren Cortekar\" \/>\n\t<meta name=\"twitter:label2\" content=\"Gesch\u00e4tzte Lesezeit\" \/>\n\t<meta name=\"twitter:data2\" content=\"11\u00a0Minuten\" \/>\n<!-- \/ Yoast SEO plugin. -->","yoast_head_json":{"title":"Wohnmobil-Urlaub liegt im Trend \u2013 TUI CAMPER nennt 5 Gr\u00fcnde!","description":"Natur, Romantik, Flexibilit\u00e4t: Millionen Deutsche schw\u00f6ren auf den Urlaub im Wohnmobil. Erfahren Sie hier, warum der Trend zum Camper-Urlaub ungebrochen ist!","robots":{"index":"index","follow":"follow","max-snippet":"max-snippet:-1","max-image-preview":"max-image-preview:large","max-video-preview":"max-video-preview:-1"},"canonical":"https:\/\/www.tuicamper.com\/magazin\/trendurlaub-wohnmobil\/","og_locale":"de_DE","og_type":"article","og_title":"Wohnmobil-Urlaub liegt im Trend \u2013 TUI CAMPER nennt 5 Gr\u00fcnde!","og_description":"Natur, Romantik, Flexibilit\u00e4t: Millionen Deutsche schw\u00f6ren auf den Urlaub im Wohnmobil. Erfahren Sie hier, warum der Trend zum Camper-Urlaub ungebrochen ist!","og_url":"https:\/\/www.tuicamper.com\/magazin\/trendurlaub-wohnmobil\/","og_site_name":"TUI Camper Magazin","article_published_time":"2019-04-10T10:06:10+00:00","article_modified_time":"2023-06-21T09:39:56+00:00","og_image":[{"width":1310,"height":500,"url":"https:\/\/www.tuicamper.com\/wp-docker\/wp-content\/uploads\/2019\/04\/trendurlaub-wohnmobil.jpg","type":"image\/jpeg"}],"author":"S\u00f6ren Cortekar","twitter_card":"summary_large_image","twitter_misc":{"Verfasst von":"S\u00f6ren Cortekar","Gesch\u00e4tzte Lesezeit":"11\u00a0Minuten"},"schema":{"@context":"https:\/\/schema.org","@graph":[{"@type":"Article","@id":"https:\/\/www.tuicamper.com\/magazin\/trendurlaub-wohnmobil\/#article","isPartOf":{"@id":"https:\/\/www.tuicamper.com\/magazin\/trendurlaub-wohnmobil\/"},"author":{"name":"S\u00f6ren Cortekar","@id":"https:\/\/www.tuicamper.com\/wp-docker\/#\/schema\/person\/a9ad15b73e3b6169a6c4a794a58d1ea6"},"headline":"Wohnmobil-Urlaub liegt im Trend \u2013 TUI CAMPER nennt 5 Gr\u00fcnde!","datePublished":"2019-04-10T10:06:10+00:00","dateModified":"2023-06-21T09:39:56+00:00","mainEntityOfPage":{"@id":"https:\/\/www.tuicamper.com\/magazin\/trendurlaub-wohnmobil\/"},"wordCount":3319,"commentCount":0,"image":{"@id":"https:\/\/www.tuicamper.com\/magazin\/trendurlaub-wohnmobil\/#primaryimage"},"thumbnailUrl":"https:\/\/www.tuicamper.com\/wp-docker\/wp-content\/uploads\/2019\/04\/trendurlaub-wohnmobil.jpg","keywords":["Insider-Infos","\u00dcbernachten"],"articleSection":["Camper-Insights"],"inLanguage":"de","potentialAction":[{"@type":"CommentAction","name":"Comment","target":["https:\/\/www.tuicamper.com\/magazin\/trendurlaub-wohnmobil\/#respond"]}]},{"@type":"WebPage","@id":"https:\/\/www.tuicamper.com\/magazin\/trendurlaub-wohnmobil\/","url":"https:\/\/www.tuicamper.com\/magazin\/trendurlaub-wohnmobil\/","name":"Wohnmobil-Urlaub liegt im Trend \u2013 TUI CAMPER nennt 5 Gr\u00fcnde!","isPartOf":{"@id":"https:\/\/www.tuicamper.com\/#website"},"primaryImageOfPage":{"@id":"https:\/\/www.tuicamper.com\/magazin\/trendurlaub-wohnmobil\/#primaryimage"},"image":{"@id":"https:\/\/www.tuicamper.com\/magazin\/trendurlaub-wohnmobil\/#primaryimage"},"thumbnailUrl":"https:\/\/www.tuicamper.com\/wp-content\/uploads\/2019\/04\/trendurlaub-wohnmobil.jpg","datePublished":"2019-04-10T10:06:10+00:00","dateModified":"2023-06-21T09:39:56+00:00","author":{"@id":"https:\/\/www.tuicamper.com\/#\/schema\/person\/a9ad15b73e3b6169a6c4a794a58d1ea6"},"description":"Natur, Romantik, Flexibilit\u00e4t: Millionen Deutsche schw\u00f6ren auf den Urlaub im Wohnmobil. Erfahren Sie hier, warum der Trend zum Camper-Urlaub ungebrochen ist!","breadcrumb":{"@id":"https:\/\/www.tuicamper.com\/magazin\/trendurlaub-wohnmobil\/#breadcrumb"},"inLanguage":"de","potentialAction":["Array"]},{"@type":"ImageObject","inLanguage":"de","@id":"https:\/\/www.tuicamper.com\/magazin\/trendurlaub-wohnmobil\/#primaryimage","url":"https:\/\/www.tuicamper.com\/wp-docker\/wp-content\/uploads\/2019\/04\/trendurlaub-wohnmobil.jpg","contentUrl":"https:\/\/www.tuicamper.com\/wp-docker\/wp-content\/uploads\/2019\/04\/trendurlaub-wohnmobil.jpg","width":1310,"height":500,"caption":"Trendurlaub Wohnmobil"},{"@type":"BreadcrumbList","@id":"https:\/\/www.tuicamper.com\/magazin\/trendurlaub-wohnmobil\/#breadcrumb","itemListElement":[{"@type":"ListItem","position":1,"name":"Startseite","item":"https:\/\/www.tuicamper.com\/wp-docker\/"},{"@type":"ListItem","position":2,"name":"Wohnmobil-Urlaub liegt im Trend \u2013 TUI CAMPER nennt 5 Gr\u00fcnde!"}]},{"@type":"WebSite","@id":"https:\/\/www.tuicamper.com\/#website","url":"https:\/\/www.tuicamper.com\/","name":"TUI Camper Magazin","description":"","potentialAction":["Array"],"inLanguage":"de"},{"@type":"Person","@id":"https:\/\/www.tuicamper.com\/wp-docker\/#\/schema\/person\/a9ad15b73e3b6169a6c4a794a58d1ea6","name":"S\u00f6ren Cortekar","image":{"@type":"ImageObject","inLanguage":"de","@id":"https:\/\/secure.gravatar.com\/avatar\/399f9c9096d84e9147b61735bfa53689fd2add8aa9c074669869e4c106f7df59?s=96&d=mm&r=g","url":"https:\/\/secure.gravatar.com\/avatar\/399f9c9096d84e9147b61735bfa53689fd2add8aa9c074669869e4c106f7df59?s=96&d=mm&r=g","contentUrl":"https:\/\/secure.gravatar.com\/avatar\/399f9c9096d84e9147b61735bfa53689fd2add8aa9c074669869e4c106f7df59?s=96&d=mm&r=g","caption":"S\u00f6ren Cortekar"},"url":"https:\/\/www.tuicamper.com\/wp-docker\/magazin\/author\/soeren-cortekar\/"}]}},"_links":{"self":[{"href":"https:\/\/www.tuicamper.com\/wp-docker\/wp-json\/wp\/v2\/posts\/1090","targetHints":{"allow":["GET"]}}],"collection":[{"href":"https:\/\/www.tuicamper.com\/wp-docker\/wp-json\/wp\/v2\/posts"}],"about":[{"href":"https:\/\/www.tuicamper.com\/wp-docker\/wp-json\/wp\/v2\/types\/post"}],"author":[{"embeddable":true,"href":"https:\/\/www.tuicamper.com\/wp-docker\/wp-json\/wp\/v2\/users\/3"}],"replies":[{"embeddable":true,"href":"https:\/\/www.tuicamper.com\/wp-docker\/wp-json\/wp\/v2\/comments?post=1090"}],"version-history":[{"count":27,"href":"https:\/\/www.tuicamper.com\/wp-docker\/wp-json\/wp\/v2\/posts\/1090\/revisions"}],"predecessor-version":[{"id":51640,"href":"https:\/\/www.tuicamper.com\/wp-docker\/wp-json\/wp\/v2\/posts\/1090\/revisions\/51640"}],"wp:featuredmedia":[{"embeddable":true,"href":"https:\/\/www.tuicamper.com\/wp-docker\/wp-json\/wp\/v2\/media\/1130"}],"wp:attachment":[{"href":"https:\/\/www.tuicamper.com\/wp-docker\/wp-json\/wp\/v2\/media?parent=1090"}],"wp:term":[{"taxonomy":"category","embeddable":true,"href":"https:\/\/www.tuicamper.com\/wp-docker\/wp-json\/wp\/v2\/categories?post=1090"},{"taxonomy":"post_tag","embeddable":true,"href":"https:\/\/www.tuicamper.com\/wp-docker\/wp-json\/wp\/v2\/tags?post=1090"}],"curies":[{"name":"wp","href":"https:\/\/api.w.org\/{rel}","templated":true}]}}