{"id":1088,"date":"2019-04-10T15:00:24","date_gmt":"2019-04-10T13:00:24","guid":{"rendered":"https:\/\/www.tuicamper.com\/wp-docker\/?p=1088"},"modified":"2025-05-09T11:44:25","modified_gmt":"2025-05-09T09:44:25","slug":"surfspots-europa","status":"publish","type":"post","link":"https:\/\/www.tuicamper.com\/magazin\/surfspots-europa\/","title":{"rendered":"Surfspots Europa: Die sch\u00f6nsten Ziele f\u00fcr den Surfurlaub"},"content":{"rendered":"<div id='av_section_1'  class='avia-section av-jt5vrdgv-4386718e65b314e69682ca60ae604601 main_color avia-section-default avia-no-border-styling  avia-builder-el-0  el_before_av_textblock  avia-builder-el-first  reduced-content avia-bg-style-scroll container_wrap sidebar_right'  ><div class='container av-section-cont-open' ><main  role=\"main\" itemprop=\"mainContentOfPage\"  class='template-page content  av-content-small alpha units'><div class='post-entry post-entry-type-page post-entry-1088'><div class='entry-content-wrapper clearfix'>\n\n<style type=\"text\/css\" data-created_by=\"avia_inline_auto\" id=\"style-css-av-1g5aou-6e8505d9de1136ce38f66b0d0e5d2a36\">\n.flex_column.av-1g5aou-6e8505d9de1136ce38f66b0d0e5d2a36{\nborder-radius:0px 0px 0px 0px;\npadding:0px 0px 0px 0px;\n}\n<\/style>\n<div  class='flex_column av-1g5aou-6e8505d9de1136ce38f66b0d0e5d2a36 av_one_full  avia-builder-el-1  avia-builder-el-no-sibling  first flex_column_div av-zero-column-padding  '     ><section  class='av_textblock_section av-jt5tjyk0-1e04ddf86ca9bd8201b4b17bbb4a6491 '   itemscope=\"itemscope\" itemtype=\"https:\/\/schema.org\/BlogPosting\" itemprop=\"blogPost\" ><div class='avia_textblock'  itemprop=\"text\" ><p>Europa hat viele Spots zu bieten, die Surfer-Augen zum Leuchten bringen. Vieles spricht daf\u00fcr, sich mit dem Camper auf die Suche nach den sch\u00f6nsten Surfpl\u00e4tzen zu begeben. Immerhin erm\u00f6glicht dieser ein H\u00f6chstma\u00df an Flexibilit\u00e4t. Doch wo liegen die sch\u00f6nsten Surfziele Europas? Wir nehmen f\u00fcnf Top-Destinationen in den Fokus.<\/p>\n<\/div><\/section><\/div>\n<\/div><\/div><\/main><!-- close content main element --><\/div><\/div><div id='after_section_1'  class='main_color av_default_container_wrap container_wrap sidebar_right'  ><div class='container av-section-cont-open' ><div class='template-page content  av-content-small alpha units'><div class='post-entry post-entry-type-page post-entry-1088'><div class='entry-content-wrapper clearfix'>\n<section  class='av_textblock_section av-jtpqpty6-550c066a997ebaf648fccc87d0b9ff16 '   itemscope=\"itemscope\" itemtype=\"https:\/\/schema.org\/BlogPosting\" itemprop=\"blogPost\" ><div class='avia_textblock'  itemprop=\"text\" >\n<\/div><\/section>\n<\/div><\/div><\/div><!-- close content main div --><\/div><\/div><div id='av_section_2'  class='avia-section av-jt5vrdgv-4386718e65b314e69682ca60ae604601 main_color avia-section-default avia-no-border-styling  avia-builder-el-4  el_after_av_textblock  el_before_av_section  reduced-content avia-bg-style-scroll container_wrap sidebar_right'  ><div class='container av-section-cont-open' ><div class='template-page content  av-content-small alpha units'><div class='post-entry post-entry-type-page post-entry-1088'><div class='entry-content-wrapper clearfix'>\n<section  class='av_textblock_section av-jt5tjyk0-1e04ddf86ca9bd8201b4b17bbb4a6491 '   itemscope=\"itemscope\" itemtype=\"https:\/\/schema.org\/BlogPosting\" itemprop=\"blogPost\" ><div class='avia_textblock'  itemprop=\"text\" ><div id=\"js-table-of-contents\">\r\n    <strong>Inhaltsverzeichnis<\/strong>\r\n<\/div>\n<\/div><\/section>\n\n<\/div><\/div><\/div><!-- close content main div --><\/div><\/div><div id='av_section_3'  class='avia-section av-jt5vrdgv-4386718e65b314e69682ca60ae604601 main_color avia-section-default avia-no-border-styling  avia-builder-el-6  el_after_av_section  el_before_av_section  reduced-content avia-bg-style-scroll container_wrap sidebar_right'  ><div class='container av-section-cont-open' ><div class='template-page content  av-content-small alpha units'><div class='post-entry post-entry-type-page post-entry-1088'><div class='entry-content-wrapper clearfix'>\n\n<style type=\"text\/css\" data-created_by=\"avia_inline_auto\" id=\"style-css-av-1g5aou-6e8505d9de1136ce38f66b0d0e5d2a36\">\n.flex_column.av-1g5aou-6e8505d9de1136ce38f66b0d0e5d2a36{\nborder-radius:0px 0px 0px 0px;\npadding:0px 0px 0px 0px;\n}\n<\/style>\n<div  class='flex_column av-1g5aou-6e8505d9de1136ce38f66b0d0e5d2a36 av_one_full  avia-builder-el-7  avia-builder-el-no-sibling  first flex_column_div av-zero-column-padding  '     ><section  class='av_textblock_section av-jt5tjyk0-6aa3227fe094a9e74019488ec4bd2357 '   itemscope=\"itemscope\" itemtype=\"https:\/\/schema.org\/BlogPosting\" itemprop=\"blogPost\" ><div class='avia_textblock'  itemprop=\"text\" ><h2>1.) Holland \u2013 der Surfspot vor der Haust\u00fcr<\/h2>\n<p>Wer darauf brennt, sich in die Wellen zu st\u00fcrzen, muss nicht weit reisen. Gute Surfspots finden sich schon\u00a0<a href=\"https:\/\/www.tuicamper.com\/magazin\/wohnmobil-niederlande\/\">in den Niederlanden<\/a>. Nicht umsonst findet hier Jahr f\u00fcr Jahr das\u00a0<a href=\"https:\/\/www.surfanafestival.com\/\" target=\"_blank\" rel=\"nofollow noopener\">Surfana Festival<\/a> statt, das Surfbegeisterte aus ganz Europa anlockt. Als besonders guter Surfspot gilt \u00fcbrigens\u00a0<b>Scheveningen<\/b>. Die Wellen in dem Badeort und Stadtbezirk Den Haags haben es in sich. Kaum zu glauben, dass die Nordsee so gute Surfbedingungen liefert. Zumindest, wenn sie dazu gewillt ist. Ganz so zuverl\u00e4ssig wie im Atlantik rauschen die Wellen hier nat\u00fcrlich nicht in Richtung K\u00fcste. Wer einen guten Tag erwischt, kann sich aber so richtig austoben.<\/p>\n<p><b>Tipp<\/b>: Der Campingplatz Duinhoorst in Wassenaar befindet sich in unmittelbarer N\u00e4he zum Scheveningener Strand.<\/p>\n<\/div><\/section><br \/>\n<div  class='avia-button-wrap av-ju2eusip-497674650332f336d358dbeded14bb53-wrap avia-button-center  avia-builder-el-9  el_after_av_textblock  avia-builder-el-last '><a href='https:\/\/www.tuicamper.com\/reiseziele\/europa\/niederlande\/'  class='avia-button av-ju2eusip-497674650332f336d358dbeded14bb53 av-link-btn avia-icon_select-yes-right-icon avia-size-large avia-position-center avia-color-theme-color'   aria-label=\"Jetzt Wohnmobil mieten f\u00fcr die Niederlande\"><span class='avia_iconbox_title' >Jetzt Wohnmobil mieten f\u00fcr die Niederlande<\/span><span class='avia_button_icon avia_button_icon_right avia-iconfont avia-font-entypo-fontello' data-av_icon='\ue875' data-av_iconfont='entypo-fontello' ><\/span><\/a><\/div><\/p><\/div><\/div><\/div><\/div><!-- close content main div --><\/div><\/div><div id='av_section_4'  class='avia-section av-b7gvl-1eb57de5f7b7a94c40602e8cf977ebb0 main_color avia-section-default avia-no-border-styling  avia-builder-el-10  el_after_av_section  el_before_av_section  reduced-content avia-bg-style-scroll container_wrap sidebar_right'  ><div class='container av-section-cont-open' ><div class='template-page content  av-content-small alpha units'><div class='post-entry post-entry-type-page post-entry-1088'><div class='entry-content-wrapper clearfix'>\n\n<style type=\"text\/css\" data-created_by=\"avia_inline_auto\" id=\"style-css-av-jtplvt5k-9d11393561778f536120526944022dd9\">\n.avia-image-container.av-jtplvt5k-9d11393561778f536120526944022dd9 img.avia_image{\nbox-shadow:none;\n}\n.avia-image-container.av-jtplvt5k-9d11393561778f536120526944022dd9 .av-caption-image-overlay-bg{\nopacity:0.4;\nbackground-color:#000000;\n}\n.avia-image-container.av-jtplvt5k-9d11393561778f536120526944022dd9 .av-image-caption-overlay-center{\ncolor:#ffffff;\n}\n<\/style>\n<div  class='avia-image-container av-jtplvt5k-9d11393561778f536120526944022dd9 av-styling- av-img-linked avia_animated_image av-animated-when-visible-95 fade-in avia-align-center  avia-builder-el-11  avia-builder-el-no-sibling  noHover av-overlay-on-hover'   itemprop=\"image\" itemscope=\"itemscope\" itemtype=\"https:\/\/schema.org\/ImageObject\" ><div class=\"avia-image-container-inner\"><div class=\"avia-image-overlay-wrap\"><a href=\"https:\/\/www.tuicamper.com\/wp-docker\/wp-content\/uploads\/2019\/04\/strandhuette-niederlande-1030x517.jpg\" data-srcset=\"https:\/\/www.tuicamper.com\/wp-docker\/wp-content\/uploads\/2019\/04\/strandhuette-niederlande-1030x517.jpg 1030w, https:\/\/www.tuicamper.com\/wp-docker\/wp-content\/uploads\/2019\/04\/strandhuette-niederlande-300x150.jpg 300w, https:\/\/www.tuicamper.com\/wp-docker\/wp-content\/uploads\/2019\/04\/strandhuette-niederlande-768x385.jpg 768w, https:\/\/www.tuicamper.com\/wp-docker\/wp-content\/uploads\/2019\/04\/strandhuette-niederlande-705x354.jpg 705w, https:\/\/www.tuicamper.com\/wp-docker\/wp-content\/uploads\/2019\/04\/strandhuette-niederlande-450x226.jpg 450w, https:\/\/www.tuicamper.com\/wp-docker\/wp-content\/uploads\/2019\/04\/strandhuette-niederlande.jpg 1280w\" data-sizes=\"(max-width: 1030px) 100vw, 1030px\" class='avia_image '  aria-label='Strandh\u00fctte Niederlande'><div class=\"av-image-caption-overlay\"><div class=\"av-caption-image-overlay-bg\"><\/div><div class=\"av-image-caption-overlay-position\"><div class=\"av-image-caption-overlay-center\"><p>Strandh\u00fctte in den Niederlanden<\/p>\n<\/div><\/div><\/div><img decoding=\"async\" fetchpriority=\"high\" class='wp-image-1169 avia-img-lazy-loading-not-1169 avia_image ' src=\"https:\/\/www.tuicamper.com\/wp-docker\/wp-content\/uploads\/2019\/04\/strandhuette-niederlande-1280x630.jpg\" alt='Strandh\u00fctte in den Niederlanden' title='Strandh\u00fctte Niederlande'  height=\"630\" width=\"1280\"  itemprop=\"thumbnailUrl\"  \/><\/a><\/div><\/div><\/div>\n<\/p>\n<\/div><\/div><\/div><!-- close content main div --><\/div><\/div><div id='av_section_5'  class='avia-section av-jt5vrdgv-4386718e65b314e69682ca60ae604601 main_color avia-section-default avia-no-border-styling  avia-builder-el-12  el_after_av_section  el_before_av_section  reduced-content avia-bg-style-scroll container_wrap sidebar_right'  ><div class='container av-section-cont-open' ><div class='template-page content  av-content-small alpha units'><div class='post-entry post-entry-type-page post-entry-1088'><div class='entry-content-wrapper clearfix'>\n\n<style type=\"text\/css\" data-created_by=\"avia_inline_auto\" id=\"style-css-av-1g5aou-6e8505d9de1136ce38f66b0d0e5d2a36\">\n.flex_column.av-1g5aou-6e8505d9de1136ce38f66b0d0e5d2a36{\nborder-radius:0px 0px 0px 0px;\npadding:0px 0px 0px 0px;\n}\n<\/style>\n<div  class='flex_column av-1g5aou-6e8505d9de1136ce38f66b0d0e5d2a36 av_one_full  avia-builder-el-13  el_before_av_button  avia-builder-el-first  first flex_column_div av-zero-column-padding  '     ><section  class='av_textblock_section av-jt5tjyk0-1e04ddf86ca9bd8201b4b17bbb4a6491 '   itemscope=\"itemscope\" itemtype=\"https:\/\/schema.org\/BlogPosting\" itemprop=\"blogPost\" ><div class='avia_textblock'  itemprop=\"text\" ><h2>2.) Spanien \u2013 Surfspots en masse<\/h2>\n<p>Wer sich in\u00a0<a href=\"https:\/\/www.tuicamper.com\/reiseziele\/europa\/spanien\/\">Spanien<\/a>, genauer gesagt in Nordspanien, auf die Suche nach den besten Surfspots begibt, ist mit einem Wohnmobil gut beraten. Immerhin rollen an etlichen Stellen entlang der K\u00fcste immer wieder traumhafte Wellen heran. Nicht ohne Grund trifft man vor Ort auch professionelle Surfer. Ein solcher sollte man durchaus sein, wenn man vor der K\u00fcste von\u00a0<b>Mundaka<\/b>\u00a0ins Wasser geht. Bis zu 400 Meter breit werden die Wellen hier \u2013 und rollen mit einer Geschwindigkeit gen K\u00fcste. Bei unerfahrenen Surfern lassen diese Wellen schnell Schwindelgef\u00fchle aufkommen. Kein Wunder, dass Mundaka als einer der besten Surfspots der Welt gilt.<\/p>\n<p>Hobbysurfer d\u00fcrften in\u00a0<b>Zarautz<\/b>\u00a0deutlich besser aufgehoben sein. Die kleine Stadt im Baskenland mit ihrem zwei Kilometer langen Sandstrand lockt Wellenreiter aller Fasson an.<\/p>\n<p><b>Tipp<\/b>: Vor Ort finden Sie gleich zwei empfehlenswerte Campingpl\u00e4tze. Der Campingplatz Talaimendi ist gut ausgestattet und bietet einen traumhaften Blick aufs Meer. Eine noch bessere Aussicht liefert der auf einem H\u00fcgel gelegene Campingplatz Gran Camping Zarautz.<\/p>\n<\/div><\/section><\/div><div  class='avia-button-wrap av-av_button-96f8aa57507d5aa1e0bc11e97b6bbb4a-wrap avia-button-center  avia-builder-el-15  el_after_av_one_full  avia-builder-el-last '><a href='https:\/\/www.tuicamper.com\/reiseziele\/europa\/spanien\/'  class='avia-button av-av_button-96f8aa57507d5aa1e0bc11e97b6bbb4a av-link-btn avia-icon_select-yes-right-icon avia-size-large avia-position-center avia-color-theme-color'   aria-label=\"Jetzt Wohnmobil mieten f\u00fcr Spanien\"><span class='avia_iconbox_title' >Jetzt Wohnmobil mieten f\u00fcr Spanien<\/span><span class='avia_button_icon avia_button_icon_right avia-iconfont avia-font-entypo-fontello' data-av_icon='\ue875' data-av_iconfont='entypo-fontello' ><\/span><\/a><\/div>\n<\/div><\/div><\/div><!-- close content main div --><\/div><\/div><div id='av_section_6'  class='avia-section av-b7gvl-1eb57de5f7b7a94c40602e8cf977ebb0 main_color avia-section-default avia-no-border-styling  avia-builder-el-16  el_after_av_section  el_before_av_section  reduced-content avia-bg-style-scroll container_wrap sidebar_right'  ><div class='container av-section-cont-open' ><div class='template-page content  av-content-small alpha units'><div class='post-entry post-entry-type-page post-entry-1088'><div class='entry-content-wrapper clearfix'>\n\n<style type=\"text\/css\" data-created_by=\"avia_inline_auto\" id=\"style-css-av-jtplvt5k-20c5d6597608cec711b394660a194ad5\">\n.avia-image-container.av-jtplvt5k-20c5d6597608cec711b394660a194ad5 img.avia_image{\nbox-shadow:none;\n}\n.avia-image-container.av-jtplvt5k-20c5d6597608cec711b394660a194ad5 .av-caption-image-overlay-bg{\nopacity:0.4;\nbackground-color:#000000;\n}\n.avia-image-container.av-jtplvt5k-20c5d6597608cec711b394660a194ad5 .av-image-caption-overlay-center{\ncolor:#ffffff;\n}\n<\/style>\n<div  class='avia-image-container av-jtplvt5k-20c5d6597608cec711b394660a194ad5 av-styling- av-img-linked avia_animated_image av-animated-when-visible-95 fade-in avia-align-center  avia-builder-el-17  avia-builder-el-no-sibling  noHover av-overlay-on-hover'   itemprop=\"image\" itemscope=\"itemscope\" itemtype=\"https:\/\/schema.org\/ImageObject\" ><div class=\"avia-image-container-inner\"><div class=\"avia-image-overlay-wrap\"><a href=\"https:\/\/www.tuicamper.com\/wp-docker\/wp-content\/uploads\/2019\/04\/surfer-strand-1030x686.jpg\" data-srcset=\"https:\/\/www.tuicamper.com\/wp-docker\/wp-content\/uploads\/2019\/04\/surfer-strand-1030x686.jpg 1030w, https:\/\/www.tuicamper.com\/wp-docker\/wp-content\/uploads\/2019\/04\/surfer-strand-300x200.jpg 300w, https:\/\/www.tuicamper.com\/wp-docker\/wp-content\/uploads\/2019\/04\/surfer-strand-768x512.jpg 768w, https:\/\/www.tuicamper.com\/wp-docker\/wp-content\/uploads\/2019\/04\/surfer-strand-705x470.jpg 705w, https:\/\/www.tuicamper.com\/wp-docker\/wp-content\/uploads\/2019\/04\/surfer-strand-450x300.jpg 450w, https:\/\/www.tuicamper.com\/wp-docker\/wp-content\/uploads\/2019\/04\/surfer-strand.jpg 1280w\" data-sizes=\"(max-width: 1030px) 100vw, 1030px\" class='avia_image '  aria-label='Surfer am Strand'><div class=\"av-image-caption-overlay\"><div class=\"av-caption-image-overlay-bg\"><\/div><div class=\"av-image-caption-overlay-position\"><div class=\"av-image-caption-overlay-center\"><p>Surfer auf dem Weg ins Wasser<\/p>\n<\/div><\/div><\/div><img decoding=\"async\" fetchpriority=\"high\" class='wp-image-1167 avia-img-lazy-loading-not-1167 avia_image ' src=\"https:\/\/www.tuicamper.com\/wp-docker\/wp-content\/uploads\/2019\/04\/surfer-strand-1280x630.jpg\" alt='Surfer auf dem Weg ins Wasser' title='Surfer am Strand'  height=\"630\" width=\"1280\"  itemprop=\"thumbnailUrl\"  \/><\/a><\/div><\/div><\/div>\n<\/p>\n<\/div><\/div><\/div><!-- close content main div --><\/div><\/div><div id='av_section_7'  class='avia-section av-jt5vrdgv-4386718e65b314e69682ca60ae604601 main_color avia-section-default avia-no-border-styling  avia-builder-el-18  el_after_av_section  el_before_av_section  reduced-content avia-bg-style-scroll container_wrap sidebar_right'  ><div class='container av-section-cont-open' ><div class='template-page content  av-content-small alpha units'><div class='post-entry post-entry-type-page post-entry-1088'><div class='entry-content-wrapper clearfix'>\n\n<style type=\"text\/css\" data-created_by=\"avia_inline_auto\" id=\"style-css-av-1g5aou-6e8505d9de1136ce38f66b0d0e5d2a36\">\n.flex_column.av-1g5aou-6e8505d9de1136ce38f66b0d0e5d2a36{\nborder-radius:0px 0px 0px 0px;\npadding:0px 0px 0px 0px;\n}\n<\/style>\n<div  class='flex_column av-1g5aou-6e8505d9de1136ce38f66b0d0e5d2a36 av_one_full  avia-builder-el-19  avia-builder-el-no-sibling  first flex_column_div av-zero-column-padding  '     ><section  class='av_textblock_section av-jt5tjyk0-1e04ddf86ca9bd8201b4b17bbb4a6491 '   itemscope=\"itemscope\" itemtype=\"https:\/\/schema.org\/BlogPosting\" itemprop=\"blogPost\" ><div class='avia_textblock'  itemprop=\"text\" ><h2>3.) Surfen in Frankreich \u2013 zwischen Surf-Hotspot und einsamem Wellenreiten<\/h2>\n<p>Auch\u00a0<a href=\"https:\/\/www.tuicamper.com\/magazin\/wohnmobil-frankreich\/\">Frankreich<\/a>\u00a0gilt als Surfhochburg. Das gilt insbesondere f\u00fcr das lebendige D\u00f6rfchen\u00a0<b>Hossegor<\/b>, wo sich Surfbegeisterte aus ganz Europa seit Jahrzehnten die Klinke in die Hand dr\u00fccken. Das franz\u00f6sische Zentrum der Surfindustrie bietet alles, was Surfer sich w\u00fcnschen k\u00f6nnen: fantastische Wellen, beste Ausstattungsm\u00f6glichkeiten, Surfschulen, komfortable Unterk\u00fcnfte und nette Surfer aus aller Welt. Diverse Campingpl\u00e4tze befinden sich in der N\u00e4he.<\/p>\n<p>Wem in Hossegor deutlich zu viel Trubel herrscht, findet in dem nordfranz\u00f6sischen Ort\u00a0<b>Pointe de la Torche<\/b>\u00a0eine deutlich ruhigere Alternative. Die Wind- und Wellenverh\u00e4ltnisse sind ideal zum Surfen. Allerdings ist vor Ort erh\u00f6hte Vorsicht geboten, da starke Str\u00f6mungen herrschen.<\/p>\n<\/div><\/section><br \/>\n<div  class='avia-button-wrap av-ju2eusip-4a82aa0651df5c375484a24056847ee5-wrap avia-button-center  avia-builder-el-21  el_after_av_textblock  avia-builder-el-last '><a href='https:\/\/www.tuicamper.com\/reiseziele\/europa\/frankreich\/'  class='avia-button av-ju2eusip-4a82aa0651df5c375484a24056847ee5 av-link-btn avia-icon_select-yes-right-icon avia-size-large avia-position-center avia-color-theme-color'   aria-label=\"Jetzt Wohnmobil mieten f\u00fcr Frankreich\"><span class='avia_iconbox_title' >Jetzt Wohnmobil mieten f\u00fcr Frankreich<\/span><span class='avia_button_icon avia_button_icon_right avia-iconfont avia-font-entypo-fontello' data-av_icon='\ue875' data-av_iconfont='entypo-fontello' ><\/span><\/a><\/div><\/p><\/div><\/div><\/div><\/div><!-- close content main div --><\/div><\/div><div id='av_section_8'  class='avia-section av-b7gvl-1eb57de5f7b7a94c40602e8cf977ebb0 main_color avia-section-default avia-no-border-styling  avia-builder-el-22  el_after_av_section  el_before_av_section  reduced-content avia-bg-style-scroll container_wrap sidebar_right'  ><div class='container av-section-cont-open' ><div class='template-page content  av-content-small alpha units'><div class='post-entry post-entry-type-page post-entry-1088'><div class='entry-content-wrapper clearfix'>\n\n<style type=\"text\/css\" data-created_by=\"avia_inline_auto\" id=\"style-css-av-jtplvt5k-417a5432f9a9c28fe4dde40ee53fb8b1\">\n.avia-image-container.av-jtplvt5k-417a5432f9a9c28fe4dde40ee53fb8b1 img.avia_image{\nbox-shadow:none;\n}\n.avia-image-container.av-jtplvt5k-417a5432f9a9c28fe4dde40ee53fb8b1 .av-caption-image-overlay-bg{\nopacity:0.4;\nbackground-color:#000000;\n}\n.avia-image-container.av-jtplvt5k-417a5432f9a9c28fe4dde40ee53fb8b1 .av-image-caption-overlay-center{\ncolor:#ffffff;\n}\n<\/style>\n<div  class='avia-image-container av-jtplvt5k-417a5432f9a9c28fe4dde40ee53fb8b1 av-styling- av-img-linked avia_animated_image av-animated-when-visible-95 fade-in avia-align-center  avia-builder-el-23  avia-builder-el-no-sibling  noHover av-overlay-on-hover'   itemprop=\"image\" itemscope=\"itemscope\" itemtype=\"https:\/\/schema.org\/ImageObject\" ><div class=\"avia-image-container-inner\"><div class=\"avia-image-overlay-wrap\"><a href=\"https:\/\/www.tuicamper.com\/wp-docker\/wp-content\/uploads\/2019\/04\/surfer-wasser-1030x686.jpg\" data-srcset=\"https:\/\/www.tuicamper.com\/wp-docker\/wp-content\/uploads\/2019\/04\/surfer-wasser-1030x686.jpg 1030w, https:\/\/www.tuicamper.com\/wp-docker\/wp-content\/uploads\/2019\/04\/surfer-wasser-300x200.jpg 300w, https:\/\/www.tuicamper.com\/wp-docker\/wp-content\/uploads\/2019\/04\/surfer-wasser-768x512.jpg 768w, https:\/\/www.tuicamper.com\/wp-docker\/wp-content\/uploads\/2019\/04\/surfer-wasser-705x470.jpg 705w, https:\/\/www.tuicamper.com\/wp-docker\/wp-content\/uploads\/2019\/04\/surfer-wasser-450x300.jpg 450w, https:\/\/www.tuicamper.com\/wp-docker\/wp-content\/uploads\/2019\/04\/surfer-wasser.jpg 1280w\" data-sizes=\"(max-width: 1030px) 100vw, 1030px\" class='avia_image '  aria-label='Surfer im Wasser'><div class=\"av-image-caption-overlay\"><div class=\"av-caption-image-overlay-bg\"><\/div><div class=\"av-image-caption-overlay-position\"><div class=\"av-image-caption-overlay-center\"><p>Surfer im Wasser<\/p>\n<\/div><\/div><\/div><img decoding=\"async\" fetchpriority=\"high\" class='wp-image-1163 avia-img-lazy-loading-not-1163 avia_image ' src=\"https:\/\/www.tuicamper.com\/wp-docker\/wp-content\/uploads\/2019\/04\/surfer-wasser-1280x630.jpg\" alt='Surfer im Wasser' title='Surfer im Wasser'  height=\"630\" width=\"1280\"  itemprop=\"thumbnailUrl\"  \/><\/a><\/div><\/div><\/div>\n<\/p>\n<\/div><\/div><\/div><!-- close content main div --><\/div><\/div><div id='av_section_9'  class='avia-section av-jt5vrdgv-4386718e65b314e69682ca60ae604601 main_color avia-section-default avia-no-border-styling  avia-builder-el-24  el_after_av_section  el_before_av_section  reduced-content avia-bg-style-scroll container_wrap sidebar_right'  ><div class='container av-section-cont-open' ><div class='template-page content  av-content-small alpha units'><div class='post-entry post-entry-type-page post-entry-1088'><div class='entry-content-wrapper clearfix'>\n\n<style type=\"text\/css\" data-created_by=\"avia_inline_auto\" id=\"style-css-av-1g5aou-6e8505d9de1136ce38f66b0d0e5d2a36\">\n.flex_column.av-1g5aou-6e8505d9de1136ce38f66b0d0e5d2a36{\nborder-radius:0px 0px 0px 0px;\npadding:0px 0px 0px 0px;\n}\n<\/style>\n<div  class='flex_column av-1g5aou-6e8505d9de1136ce38f66b0d0e5d2a36 av_one_full  avia-builder-el-25  el_before_av_button  avia-builder-el-first  first flex_column_div av-zero-column-padding  '     ><section  class='av_textblock_section av-jt5tjyk0-1e04ddf86ca9bd8201b4b17bbb4a6491 '   itemscope=\"itemscope\" itemtype=\"https:\/\/schema.org\/BlogPosting\" itemprop=\"blogPost\" ><div class='avia_textblock'  itemprop=\"text\" ><h2>4.) Irland: Auf der Jagd nach der Riesenwelle<\/h2>\n<p>Saftig gr\u00fcne Wiesen, dramatische Steilk\u00fcsten, charmante D\u00f6rfer: Dass\u00a0<a href=\"https:\/\/www.tuicamper.com\/reiseziele\/europa\/irland\/\">Irland<\/a>\u00a0f\u00fcr Camper eine der sch\u00f6nsten Destinationen \u00fcberhaupt ist, ist kein Geheimnis. Dass auch Surfer hier voll auf ihre Kosten kommen, ist dagegen weniger bekannt. Dabei gibt es hier einige herausragende Surfspots. Insbesondere\u00a0<b>Tullan<\/b>,\u00a0<b>Strandhill<\/b>\u00a0und\u00a0<b>Bundoran<\/b>\u00a0warten mit sehr guten Wind- und Wellenbedingungen auf. Wer besonders gro\u00dfen Wellen hinterherjagt, ist dagegen im unweit von Bundoran gelegenen\u00a0<b>Mullaghmore<\/b>\u00a0an der richtigen Adresse. Vor der K\u00fcste des kleinen Dorfs t\u00fcrmen sich mitunter wahre Monsterwellen auf, die von Surfern bezwungen werden wollen.<\/p>\n<p>Angenehmer Nebeneffekt eines Camping- und Surfurlaubs in Irland: Im Vergleich zu Frankreich oder Spanien sind die Surfspots hier angenehm leer.<\/p>\n<\/div><\/section><\/div><div  class='avia-button-wrap av-av_button-81f0007b749b3386e21b6fa92877f57b-wrap avia-button-center  avia-builder-el-27  el_after_av_one_full  avia-builder-el-last '><a href='https:\/\/www.tuicamper.com\/reiseziele\/europa\/irland\/'  class='avia-button av-av_button-81f0007b749b3386e21b6fa92877f57b av-link-btn avia-icon_select-yes-right-icon avia-size-large avia-position-center avia-color-theme-color'   aria-label=\"Jetzt Wohnmobil mieten f\u00fcr Irland\"><span class='avia_iconbox_title' >Jetzt Wohnmobil mieten f\u00fcr Irland<\/span><span class='avia_button_icon avia_button_icon_right avia-iconfont avia-font-entypo-fontello' data-av_icon='\ue875' data-av_iconfont='entypo-fontello' ><\/span><\/a><\/div>\n<\/div><\/div><\/div><!-- close content main div --><\/div><\/div><div id='av_section_10'  class='avia-section av-b7gvl-1eb57de5f7b7a94c40602e8cf977ebb0 main_color avia-section-default avia-no-border-styling  avia-builder-el-28  el_after_av_section  el_before_av_section  reduced-content avia-bg-style-scroll container_wrap sidebar_right'  ><div class='container av-section-cont-open' ><div class='template-page content  av-content-small alpha units'><div class='post-entry post-entry-type-page post-entry-1088'><div class='entry-content-wrapper clearfix'>\n\n<style type=\"text\/css\" data-created_by=\"avia_inline_auto\" id=\"style-css-av-jtplvt5k-13e16ede363398cb57613717911e1c0e\">\n.avia-image-container.av-jtplvt5k-13e16ede363398cb57613717911e1c0e img.avia_image{\nbox-shadow:none;\n}\n.avia-image-container.av-jtplvt5k-13e16ede363398cb57613717911e1c0e .av-caption-image-overlay-bg{\nopacity:0.4;\nbackground-color:#000000;\n}\n.avia-image-container.av-jtplvt5k-13e16ede363398cb57613717911e1c0e .av-image-caption-overlay-center{\ncolor:#ffffff;\n}\n<\/style>\n<div  class='avia-image-container av-jtplvt5k-13e16ede363398cb57613717911e1c0e av-styling- av-img-linked avia_animated_image av-animated-when-visible-95 fade-in avia-align-center  avia-builder-el-29  avia-builder-el-no-sibling  noHover av-overlay-on-hover'   itemprop=\"image\" itemscope=\"itemscope\" itemtype=\"https:\/\/schema.org\/ImageObject\" ><div class=\"avia-image-container-inner\"><div class=\"avia-image-overlay-wrap\"><a href=\"https:\/\/www.tuicamper.com\/wp-docker\/wp-content\/uploads\/2019\/04\/surfer-lagerfeuer-1030x687.jpg\" data-srcset=\"https:\/\/www.tuicamper.com\/wp-docker\/wp-content\/uploads\/2019\/04\/surfer-lagerfeuer-1030x687.jpg 1030w, https:\/\/www.tuicamper.com\/wp-docker\/wp-content\/uploads\/2019\/04\/surfer-lagerfeuer-300x200.jpg 300w, https:\/\/www.tuicamper.com\/wp-docker\/wp-content\/uploads\/2019\/04\/surfer-lagerfeuer-768x512.jpg 768w, https:\/\/www.tuicamper.com\/wp-docker\/wp-content\/uploads\/2019\/04\/surfer-lagerfeuer-705x470.jpg 705w, https:\/\/www.tuicamper.com\/wp-docker\/wp-content\/uploads\/2019\/04\/surfer-lagerfeuer-450x300.jpg 450w, https:\/\/www.tuicamper.com\/wp-docker\/wp-content\/uploads\/2019\/04\/surfer-lagerfeuer.jpg 1280w\" data-sizes=\"(max-width: 1030px) 100vw, 1030px\" class='avia_image '  aria-label='Surfer Lagerfeuer'><div class=\"av-image-caption-overlay\"><div class=\"av-caption-image-overlay-bg\"><\/div><div class=\"av-image-caption-overlay-position\"><div class=\"av-image-caption-overlay-center\"><p>Surfer am Lagerfeuer<\/p>\n<\/div><\/div><\/div><img decoding=\"async\" fetchpriority=\"high\" class='wp-image-1165 avia-img-lazy-loading-not-1165 avia_image ' src=\"https:\/\/www.tuicamper.com\/wp-docker\/wp-content\/uploads\/2019\/04\/surfer-lagerfeuer-1280x630.jpg\" alt='Surfer am Lagerfeuer' title='Surfer Lagerfeuer'  height=\"630\" width=\"1280\"  itemprop=\"thumbnailUrl\"  \/><\/a><\/div><\/div><\/div>\n<\/p>\n<\/div><\/div><\/div><!-- close content main div --><\/div><\/div><div id='av_section_11'  class='avia-section av-jt5vrdgv-4386718e65b314e69682ca60ae604601 main_color avia-section-default avia-no-border-styling  avia-builder-el-30  el_after_av_section  el_before_av_section  reduced-content avia-bg-style-scroll container_wrap sidebar_right'  ><div class='container av-section-cont-open' ><div class='template-page content  av-content-small alpha units'><div class='post-entry post-entry-type-page post-entry-1088'><div class='entry-content-wrapper clearfix'>\n\n<style type=\"text\/css\" data-created_by=\"avia_inline_auto\" id=\"style-css-av-1g5aou-6e8505d9de1136ce38f66b0d0e5d2a36\">\n.flex_column.av-1g5aou-6e8505d9de1136ce38f66b0d0e5d2a36{\nborder-radius:0px 0px 0px 0px;\npadding:0px 0px 0px 0px;\n}\n<\/style>\n<div  class='flex_column av-1g5aou-6e8505d9de1136ce38f66b0d0e5d2a36 av_one_full  avia-builder-el-31  el_before_av_button  avia-builder-el-first  first flex_column_div av-zero-column-padding  '     ><section  class='av_textblock_section av-jt5tjyk0-1e04ddf86ca9bd8201b4b17bbb4a6491 '   itemscope=\"itemscope\" itemtype=\"https:\/\/schema.org\/BlogPosting\" itemprop=\"blogPost\" ><div class='avia_textblock'  itemprop=\"text\" ><h2>5.) Portugal: Das Surf-Mekka<\/h2>\n<p>Die lange K\u00fcste\u00a0<a href=\"https:\/\/www.tuicamper.com\/reiseziele\/europa\/portugal\/\">Portugals<\/a>\u00a0ist wie geschaffen f\u00fcr einen Surfurlaub. Wer mit dem Wohnmobil die K\u00fcste entlang f\u00e4hrt, findet st\u00e4ndig neue Surfspots, die zum Ausprobieren einladen. Gerade die Algarve lockt vielerorts mit traumhaften Str\u00e4nden und hervorragenden Wellenbedingungen. Besonders gro\u00dfer Beliebtheit erfreut sich\u00a0<b>Ericeira<\/b>. \u00dcber acht Kilometer hinweg liegen gleich mehrere Surfspots, die regelm\u00e4\u00dfig von Surfern angesteuert werden. Nicht minder beliebt ist das n\u00f6rdlich von\u00a0<a href=\"https:\/\/www.tuicamper.com\/reiseziele\/europa\/portugal\/lissabon\/\">Lissabon<\/a>\u00a0gelegene\u00a0<b>Peniche<\/b>. Hier finden Surfer mit unterschiedlichen Erfahrungsgraden alles, was das Herz begehrt. Wer es in erster Linie auf Riesenwellen abgesehen hat, kommt um einen Besuch von\u00a0<b>Nazar\u00e9<\/b>\u00a0nicht herum. Bis zu 30 Meter hoch t\u00fcrmen sich die Wellen hier auf. Kein Ort f\u00fcr Surfer mit schwachen Nerven.<\/p>\n<\/div><\/section><\/div><div  class='avia-button-wrap av-ju2eusip-e21b6e1e73e06ab8100dfca0fa160d89-wrap avia-button-center  avia-builder-el-33  el_after_av_one_full  avia-builder-el-last '><a href='https:\/\/www.tuicamper.com\/reiseziele\/europa\/portugal\/'  class='avia-button av-ju2eusip-e21b6e1e73e06ab8100dfca0fa160d89 av-link-btn avia-icon_select-yes-right-icon avia-size-large avia-position-center avia-color-theme-color'   aria-label=\"Jetzt Wohnmobil mieten f\u00fcr Portugal\"><span class='avia_iconbox_title' >Jetzt Wohnmobil mieten f\u00fcr Portugal<\/span><span class='avia_button_icon avia_button_icon_right avia-iconfont avia-font-entypo-fontello' data-av_icon='\ue875' data-av_iconfont='entypo-fontello' ><\/span><\/a><\/div>\n\n<\/div><\/div><\/div><!-- close content main div --><\/div><\/div><div id='av_section_12'  class='avia-section av-b7gvl-1eb57de5f7b7a94c40602e8cf977ebb0 main_color avia-section-default avia-no-border-styling  avia-builder-el-34  el_after_av_section  el_before_av_section  reduced-content avia-bg-style-scroll container_wrap sidebar_right'  ><div class='container av-section-cont-open' ><div class='template-page content  av-content-small alpha units'><div class='post-entry post-entry-type-page post-entry-1088'><div class='entry-content-wrapper clearfix'>\n\n<style type=\"text\/css\" data-created_by=\"avia_inline_auto\" id=\"style-css-av-jtplvt5k-9e41b7865bccf2b6a637e004fc94d0f4\">\n.avia-image-container.av-jtplvt5k-9e41b7865bccf2b6a637e004fc94d0f4 img.avia_image{\nbox-shadow:none;\n}\n.avia-image-container.av-jtplvt5k-9e41b7865bccf2b6a637e004fc94d0f4 .av-caption-image-overlay-bg{\nopacity:0.4;\nbackground-color:#000000;\n}\n.avia-image-container.av-jtplvt5k-9e41b7865bccf2b6a637e004fc94d0f4 .av-image-caption-overlay-center{\ncolor:#ffffff;\n}\n<\/style>\n<div  class='avia-image-container av-jtplvt5k-9e41b7865bccf2b6a637e004fc94d0f4 av-styling- av-img-linked avia_animated_image av-animated-when-visible-95 fade-in avia-align-center  avia-builder-el-35  avia-builder-el-no-sibling  noHover av-overlay-on-hover'   itemprop=\"image\" itemscope=\"itemscope\" itemtype=\"https:\/\/schema.org\/ImageObject\" ><div class=\"avia-image-container-inner\"><div class=\"avia-image-overlay-wrap\"><a href=\"https:\/\/www.tuicamper.com\/wp-docker\/wp-content\/uploads\/2019\/04\/surfer-portugal-1030x686.jpg\" data-srcset=\"https:\/\/www.tuicamper.com\/wp-docker\/wp-content\/uploads\/2019\/04\/surfer-portugal-1030x686.jpg 1030w, https:\/\/www.tuicamper.com\/wp-docker\/wp-content\/uploads\/2019\/04\/surfer-portugal-300x200.jpg 300w, https:\/\/www.tuicamper.com\/wp-docker\/wp-content\/uploads\/2019\/04\/surfer-portugal-768x512.jpg 768w, https:\/\/www.tuicamper.com\/wp-docker\/wp-content\/uploads\/2019\/04\/surfer-portugal-705x470.jpg 705w, https:\/\/www.tuicamper.com\/wp-docker\/wp-content\/uploads\/2019\/04\/surfer-portugal-450x300.jpg 450w, https:\/\/www.tuicamper.com\/wp-docker\/wp-content\/uploads\/2019\/04\/surfer-portugal.jpg 1280w\" data-sizes=\"(max-width: 1030px) 100vw, 1030px\" class='avia_image '  aria-label='Surfer am Strand von Portugal'><div class=\"av-image-caption-overlay\"><div class=\"av-caption-image-overlay-bg\"><\/div><div class=\"av-image-caption-overlay-position\"><div class=\"av-image-caption-overlay-center\"><p>Surfer am Strand von Portugal<\/p>\n<\/div><\/div><\/div><img decoding=\"async\" fetchpriority=\"high\" class='wp-image-1161 avia-img-lazy-loading-not-1161 avia_image ' src=\"https:\/\/www.tuicamper.com\/wp-docker\/wp-content\/uploads\/2019\/04\/surfer-portugal-1280x630.jpg\" alt='Surfer am Strand von Portugal' title='Surfer am Strand von Portugal'  height=\"630\" width=\"1280\"  itemprop=\"thumbnailUrl\"  \/><\/a><\/div><\/div><\/div>\n\n<\/div><\/div><\/div><!-- close content main div --><\/div><\/div><div id='av_section_13'  class='avia-section av-jt5vrdgv-4386718e65b314e69682ca60ae604601 main_color avia-section-default avia-no-border-styling  avia-builder-el-36  el_after_av_section  el_before_av_section  reduced-content avia-bg-style-scroll container_wrap sidebar_right'  ><div class='container av-section-cont-open' ><div class='template-page content  av-content-small alpha units'><div class='post-entry post-entry-type-page post-entry-1088'><div class='entry-content-wrapper clearfix'>\n\n<style type=\"text\/css\" data-created_by=\"avia_inline_auto\" id=\"style-css-av-1g5aou-6e8505d9de1136ce38f66b0d0e5d2a36\">\n.flex_column.av-1g5aou-6e8505d9de1136ce38f66b0d0e5d2a36{\nborder-radius:0px 0px 0px 0px;\npadding:0px 0px 0px 0px;\n}\n<\/style>\n<div  class='flex_column av-1g5aou-6e8505d9de1136ce38f66b0d0e5d2a36 av_one_full  avia-builder-el-37  avia-builder-el-no-sibling  first flex_column_div av-zero-column-padding  '     ><section  class='av_textblock_section av-jt5tjyk0-1e04ddf86ca9bd8201b4b17bbb4a6491 '   itemscope=\"itemscope\" itemtype=\"https:\/\/schema.org\/BlogPosting\" itemprop=\"blogPost\" ><div class='avia_textblock'  itemprop=\"text\" ><h2>Surfen im Camperurlaub \u2013 eine Checkliste<\/h2>\n<p>Der n\u00e4chste Surfurlaub im Wohnmobil steht an? Dann stellen Sie besser sicher, dass Sie an alles gedacht haben. Eine Orientierung bietet die folgende Checkliste:<\/p>\n<ul>\n<li>Gerade zur Hochsaison sind Campingpl\u00e4tze nahe beliebter Surfspots oft \u00fcberlaufen. Denken Sie an eine <strong>rechtzeitige Reservierung<\/strong>!<\/li>\n<li>Einige der sch\u00f6nsten Surfspots befinden sich an nicht leicht zug\u00e4nglichen K\u00fcstenabschnitten \u2013 ohne nahegelegenen <a href=\"https:\/\/www.tuicamper.com\/magazin\/wohnmobil-stellplatz\/\">Stellplatz<\/a>. Mit einem kleinen <strong>Wurfzelt<\/strong>, k\u00f6nnen Sie Ihr Lager stets in der N\u00e4he aufschlagen \u2013 und den Camper einige Kilometer entfernt aufstellen.<\/li>\n<li>Auf der Suche nach den besten Spots m\u00fcssen Sie eventuell \u00fcber enge, holprige Stra\u00dfen brettern. Ein <strong>wendiger Camper-Van<\/strong> ist daher oftmals die bessere Alternative zu einem gro\u00dfen Wohnmobil.<\/li>\n<li>Haben Sie auch an die <strong>notwendige Surfausr\u00fcstung<\/strong> gedacht? Nicht immer l\u00e4sst sich vor Ort alles ausleihen.<\/li>\n<li>Von Sonnencreme \u00fcber M\u00fcckenschutz bis zum Campinggeschirr: Im Surfer-Urlaub sollten Sie sich vorab mit\u00a0<strong><a href=\"https:\/\/www.tuicamper.com\/magazin\/wohnmobil-grundausruestung\/\">den wichtigsten Camping-Utensilien<\/a><\/strong>\u00a0eindecken.<\/li>\n<\/ul>\n<\/div><\/section><\/div>\n\n<\/div><\/div><\/div><!-- close content main div --><\/div><\/div><div id='av_section_14'  class='avia-section av-jt5vrdgv-4386718e65b314e69682ca60ae604601 main_color avia-section-default avia-no-border-styling  avia-builder-el-39  el_after_av_section  avia-builder-el-last  reduced-content avia-bg-style-scroll container_wrap sidebar_right'  ><div class='container av-section-cont-open' ><div class='template-page content  av-content-small alpha units'><div class='post-entry post-entry-type-page post-entry-1088'><div class='entry-content-wrapper clearfix'>\n\n<style type=\"text\/css\" data-created_by=\"avia_inline_auto\" id=\"style-css-av-1g5aou-6e8505d9de1136ce38f66b0d0e5d2a36\">\n.flex_column.av-1g5aou-6e8505d9de1136ce38f66b0d0e5d2a36{\nborder-radius:0px 0px 0px 0px;\npadding:0px 0px 0px 0px;\n}\n<\/style>\n<div  class='flex_column av-1g5aou-6e8505d9de1136ce38f66b0d0e5d2a36 av_one_full  avia-builder-el-40  el_before_av_social_share  avia-builder-el-first  first flex_column_div av-zero-column-padding  '     ><style type=\"text\/css\" data-created_by=\"avia_inline_auto\" id=\"style-css-av-jt5tjyk0-26a28d0242835cbba60d70517a13c769\">\n#top .av_textblock_section.av-jt5tjyk0-26a28d0242835cbba60d70517a13c769 .avia_textblock{\nfont-size:28px;\n}\n<\/style>\n<section  class='av_textblock_section av-jt5tjyk0-26a28d0242835cbba60d70517a13c769 '   itemscope=\"itemscope\" itemtype=\"https:\/\/schema.org\/BlogPosting\" itemprop=\"blogPost\" ><div class='avia_textblock'  itemprop=\"text\" ><p><strong>Ihr TUI CAMPER-Team w\u00fcnscht Ihnen viel Spa\u00df beim Wellenreiten!<\/strong><\/p>\n<\/div><\/section><\/div><div  class='av-social-sharing-box av-10zg8-8676a2d54b4a15bbf6c39a1c18f0815b av-social-sharing-box-default  avia-builder-el-42  el_after_av_one_full  avia-builder-el-last  av-social-sharing-box-fullwidth'><div class=\"av-share-box\"><ul class=\"av-share-box-list noLightbox\"><li class='av-share-link av-social-link-facebook avia_social_iconfont' ><a target=\"_blank\" aria-label=\"Teilen auf Facebook\" href='https:\/\/www.facebook.com\/sharer.php?u=https:\/\/www.tuicamper.com\/magazin\/surfspots-europa\/&#038;t=Surfspots%20Europa%3A%20Die%20sch%C3%B6nsten%20Ziele%20f%C3%BCr%20den%20Surfurlaub' data-av_icon='\ue8f3' data-av_iconfont='entypo-fontello'  title='' data-avia-related-tooltip='Teilen auf Facebook'><span class='avia_hidden_link_text'>Teilen auf Facebook<\/span><\/a><\/li><li class='av-share-link av-social-link-twitter avia_social_iconfont' ><a target=\"_blank\" aria-label=\"Teilen auf X\" href='https:\/\/twitter.com\/share?text=Surfspots%20Europa%3A%20Die%20sch%C3%B6nsten%20Ziele%20f%C3%BCr%20den%20Surfurlaub&#038;url=https:\/\/www.tuicamper.com\/magazin\/surfspots-europa\/' data-av_icon='\ue932' data-av_iconfont='entypo-fontello'  title='' data-avia-related-tooltip='Teilen auf X'><span class='avia_hidden_link_text'>Teilen auf X<\/span><\/a><\/li><li class='av-share-link av-social-link-whatsapp avia_social_iconfont' ><a target=\"_blank\" aria-label=\"Teilen auf WhatsApp\" href='https:\/\/api.whatsapp.com\/send?text=https:\/\/www.tuicamper.com\/magazin\/surfspots-europa\/' data-av_icon='\uf232' data-av_iconfont='entypo-fontello'  title='' data-avia-related-tooltip='Teilen auf WhatsApp'><span class='avia_hidden_link_text'>Teilen auf WhatsApp<\/span><\/a><\/li><li class='av-share-link av-social-link-pinterest avia_social_iconfont' ><a target=\"_blank\" aria-label=\"Teilen auf Pinterest\" href='https:\/\/pinterest.com\/pin\/create\/button\/?url=https%3A%2F%2Fwww.tuicamper.com%2Fmagazin%2Fsurfspots-europa%2F&#038;description=Surfspots%20Europa%3A%20Die%20sch%C3%B6nsten%20Ziele%20f%C3%BCr%20den%20Surfurlaub&#038;media=https%3A%2F%2Fwww.tuicamper.com%2Fwp-docker%2Fwp-content%2Fuploads%2F2019%2F04%2Fsurfspots-europa-705x269.jpg' data-av_icon='\ue8f8' data-av_iconfont='entypo-fontello'  title='' data-avia-related-tooltip='Teilen auf Pinterest'><span class='avia_hidden_link_text'>Teilen auf Pinterest<\/span><\/a><\/li><li class='av-share-link av-social-link-mail avia_social_iconfont' ><a  aria-label=\"Per E-Mail teilen\" href='mailto:?subject=Surfspots%20Europa%3A%20Die%20sch%C3%B6nsten%20Ziele%20f%C3%BCr%20den%20Surfurlaub&#038;body=https:\/\/www.tuicamper.com\/magazin\/surfspots-europa\/' data-av_icon='\ue805' data-av_iconfont='entypo-fontello'  title='' data-avia-related-tooltip='Per E-Mail teilen'><span class='avia_hidden_link_text'>Per E-Mail teilen<\/span><\/a><\/li><\/ul><\/div><\/div>\n<\/div><\/div><\/div><!-- close content main div --><\/div><\/div><div id='after_section_14'  class='main_color av_default_container_wrap container_wrap sidebar_right'  ><div class='container av-section-cont-open' ><div class='template-page content  av-content-small alpha units'><div class='post-entry post-entry-type-page post-entry-1088'><div class='entry-content-wrapper clearfix'>\n","protected":false},"excerpt":{"rendered":"<p>Ein Surfurlaub im Camper verspricht Mobilit\u00e4t. Gerade in Europa gibt es viele Surfspots, die mit dem Wohnmobil angesteuert werden k\u00f6nnen. Wir verraten, welche!<\/p>\n","protected":false},"author":3,"featured_media":1160,"comment_status":"open","ping_status":"open","sticky":false,"template":"","format":"standard","meta":{"footnotes":""},"categories":[33],"tags":[49,24,25,61,60,41,26],"class_list":["post-1088","post","type-post","status-publish","format-standard","has-post-thumbnail","hentry","category-reisethema","tag-abenteuer","tag-frankreich","tag-irland","tag-niederlande","tag-portugal","tag-single","tag-spanien"],"yoast_head":"<!-- This site is optimized with the Yoast SEO plugin v27.4 - https:\/\/yoast.com\/product\/yoast-seo-wordpress\/ -->\n<title>Surfspots Europa: Die sch\u00f6nsten Ziele f\u00fcr den Surfurlaub<\/title>\n<meta name=\"description\" content=\"Ein Surfurlaub im Camper verspricht Mobilit\u00e4t. Gerade in Europa gibt es viele Surfspots, die mit dem Wohnmobil angesteuert werden k\u00f6nnen. Wir verraten, welche!\" \/>\n<meta name=\"robots\" content=\"index, follow, max-snippet:-1, max-image-preview:large, max-video-preview:-1\" \/>\n<link rel=\"canonical\" href=\"https:\/\/www.tuicamper.com\/magazin\/surfspots-europa\/\" \/>\n<meta property=\"og:locale\" content=\"de_DE\" \/>\n<meta property=\"og:type\" content=\"article\" \/>\n<meta property=\"og:title\" content=\"Surfspots Europa: Die sch\u00f6nsten Ziele f\u00fcr den Surfurlaub\" \/>\n<meta property=\"og:description\" content=\"Ein Surfurlaub im Camper verspricht Mobilit\u00e4t. Gerade in Europa gibt es viele Surfspots, die mit dem Wohnmobil angesteuert werden k\u00f6nnen. Wir verraten, welche!\" \/>\n<meta property=\"og:url\" content=\"https:\/\/www.tuicamper.com\/magazin\/surfspots-europa\/\" \/>\n<meta property=\"og:site_name\" content=\"TUI Camper Magazin\" \/>\n<meta property=\"article:published_time\" content=\"2019-04-10T13:00:24+00:00\" \/>\n<meta property=\"article:modified_time\" content=\"2025-05-09T09:44:25+00:00\" \/>\n<meta property=\"og:image\" content=\"https:\/\/www.tuicamper.com\/wp-docker\/wp-content\/uploads\/2019\/04\/surfspots-europa.jpg\" \/>\n\t<meta property=\"og:image:width\" content=\"1310\" \/>\n\t<meta property=\"og:image:height\" content=\"500\" \/>\n\t<meta property=\"og:image:type\" content=\"image\/jpeg\" \/>\n<meta name=\"author\" content=\"S\u00f6ren Cortekar\" \/>\n<meta name=\"twitter:card\" content=\"summary_large_image\" \/>\n<meta name=\"twitter:label1\" content=\"Verfasst von\" \/>\n\t<meta name=\"twitter:data1\" content=\"S\u00f6ren Cortekar\" \/>\n\t<meta name=\"twitter:label2\" content=\"Gesch\u00e4tzte Lesezeit\" \/>\n\t<meta name=\"twitter:data2\" content=\"6\u00a0Minuten\" \/>\n<!-- \/ Yoast SEO plugin. -->","yoast_head_json":{"title":"Surfspots Europa: Die sch\u00f6nsten Ziele f\u00fcr den Surfurlaub","description":"Ein Surfurlaub im Camper verspricht Mobilit\u00e4t. Gerade in Europa gibt es viele Surfspots, die mit dem Wohnmobil angesteuert werden k\u00f6nnen. Wir verraten, welche!","robots":{"index":"index","follow":"follow","max-snippet":"max-snippet:-1","max-image-preview":"max-image-preview:large","max-video-preview":"max-video-preview:-1"},"canonical":"https:\/\/www.tuicamper.com\/magazin\/surfspots-europa\/","og_locale":"de_DE","og_type":"article","og_title":"Surfspots Europa: Die sch\u00f6nsten Ziele f\u00fcr den Surfurlaub","og_description":"Ein Surfurlaub im Camper verspricht Mobilit\u00e4t. Gerade in Europa gibt es viele Surfspots, die mit dem Wohnmobil angesteuert werden k\u00f6nnen. Wir verraten, welche!","og_url":"https:\/\/www.tuicamper.com\/magazin\/surfspots-europa\/","og_site_name":"TUI Camper Magazin","article_published_time":"2019-04-10T13:00:24+00:00","article_modified_time":"2025-05-09T09:44:25+00:00","og_image":[{"width":1310,"height":500,"url":"https:\/\/www.tuicamper.com\/wp-docker\/wp-content\/uploads\/2019\/04\/surfspots-europa.jpg","type":"image\/jpeg"}],"author":"S\u00f6ren Cortekar","twitter_card":"summary_large_image","twitter_misc":{"Verfasst von":"S\u00f6ren Cortekar","Gesch\u00e4tzte Lesezeit":"6\u00a0Minuten"},"schema":{"@context":"https:\/\/schema.org","@graph":[{"@type":"Article","@id":"https:\/\/www.tuicamper.com\/magazin\/surfspots-europa\/#article","isPartOf":{"@id":"https:\/\/www.tuicamper.com\/magazin\/surfspots-europa\/"},"author":{"name":"S\u00f6ren Cortekar","@id":"https:\/\/www.tuicamper.com\/wp-docker\/#\/schema\/person\/a9ad15b73e3b6169a6c4a794a58d1ea6"},"headline":"Surfspots Europa: Die sch\u00f6nsten Ziele f\u00fcr den Surfurlaub","datePublished":"2019-04-10T13:00:24+00:00","dateModified":"2025-05-09T09:44:25+00:00","mainEntityOfPage":{"@id":"https:\/\/www.tuicamper.com\/magazin\/surfspots-europa\/"},"wordCount":4064,"commentCount":0,"image":{"@id":"https:\/\/www.tuicamper.com\/magazin\/surfspots-europa\/#primaryimage"},"thumbnailUrl":"https:\/\/www.tuicamper.com\/wp-docker\/wp-content\/uploads\/2019\/04\/surfspots-europa.jpg","keywords":["Abenteuer","Frankreich","Irland","Niederlande","Portugal","Single","Spanien"],"articleSection":["Reisethema"],"inLanguage":"de","potentialAction":[{"@type":"CommentAction","name":"Comment","target":["https:\/\/www.tuicamper.com\/magazin\/surfspots-europa\/#respond"]}]},{"@type":"WebPage","@id":"https:\/\/www.tuicamper.com\/magazin\/surfspots-europa\/","url":"https:\/\/www.tuicamper.com\/magazin\/surfspots-europa\/","name":"Surfspots Europa: Die sch\u00f6nsten Ziele f\u00fcr den Surfurlaub","isPartOf":{"@id":"https:\/\/www.tuicamper.com\/#website"},"primaryImageOfPage":{"@id":"https:\/\/www.tuicamper.com\/magazin\/surfspots-europa\/#primaryimage"},"image":{"@id":"https:\/\/www.tuicamper.com\/magazin\/surfspots-europa\/#primaryimage"},"thumbnailUrl":"https:\/\/www.tuicamper.com\/wp-content\/uploads\/2019\/04\/surfspots-europa.jpg","datePublished":"2019-04-10T13:00:24+00:00","dateModified":"2025-05-09T09:44:25+00:00","author":{"@id":"https:\/\/www.tuicamper.com\/#\/schema\/person\/a9ad15b73e3b6169a6c4a794a58d1ea6"},"description":"Ein Surfurlaub im Camper verspricht Mobilit\u00e4t. Gerade in Europa gibt es viele Surfspots, die mit dem Wohnmobil angesteuert werden k\u00f6nnen. Wir verraten, welche!","breadcrumb":{"@id":"https:\/\/www.tuicamper.com\/magazin\/surfspots-europa\/#breadcrumb"},"inLanguage":"de","potentialAction":["Array"]},{"@type":"ImageObject","inLanguage":"de","@id":"https:\/\/www.tuicamper.com\/magazin\/surfspots-europa\/#primaryimage","url":"https:\/\/www.tuicamper.com\/wp-docker\/wp-content\/uploads\/2019\/04\/surfspots-europa.jpg","contentUrl":"https:\/\/www.tuicamper.com\/wp-docker\/wp-content\/uploads\/2019\/04\/surfspots-europa.jpg","width":1310,"height":500,"caption":"Surfspots in Europa"},{"@type":"BreadcrumbList","@id":"https:\/\/www.tuicamper.com\/magazin\/surfspots-europa\/#breadcrumb","itemListElement":[{"@type":"ListItem","position":1,"name":"Startseite","item":"https:\/\/www.tuicamper.com\/wp-docker\/"},{"@type":"ListItem","position":2,"name":"Surfspots Europa: Die sch\u00f6nsten Ziele f\u00fcr den Surfurlaub"}]},{"@type":"WebSite","@id":"https:\/\/www.tuicamper.com\/#website","url":"https:\/\/www.tuicamper.com\/","name":"TUI Camper Magazin","description":"","potentialAction":["Array"],"inLanguage":"de"},{"@type":"Person","@id":"https:\/\/www.tuicamper.com\/wp-docker\/#\/schema\/person\/a9ad15b73e3b6169a6c4a794a58d1ea6","name":"S\u00f6ren Cortekar","image":{"@type":"ImageObject","inLanguage":"de","@id":"https:\/\/secure.gravatar.com\/avatar\/399f9c9096d84e9147b61735bfa53689fd2add8aa9c074669869e4c106f7df59?s=96&d=mm&r=g","url":"https:\/\/secure.gravatar.com\/avatar\/399f9c9096d84e9147b61735bfa53689fd2add8aa9c074669869e4c106f7df59?s=96&d=mm&r=g","contentUrl":"https:\/\/secure.gravatar.com\/avatar\/399f9c9096d84e9147b61735bfa53689fd2add8aa9c074669869e4c106f7df59?s=96&d=mm&r=g","caption":"S\u00f6ren Cortekar"},"url":"https:\/\/www.tuicamper.com\/wp-docker\/magazin\/author\/soeren-cortekar\/"}]}},"_links":{"self":[{"href":"https:\/\/www.tuicamper.com\/wp-docker\/wp-json\/wp\/v2\/posts\/1088","targetHints":{"allow":["GET"]}}],"collection":[{"href":"https:\/\/www.tuicamper.com\/wp-docker\/wp-json\/wp\/v2\/posts"}],"about":[{"href":"https:\/\/www.tuicamper.com\/wp-docker\/wp-json\/wp\/v2\/types\/post"}],"author":[{"embeddable":true,"href":"https:\/\/www.tuicamper.com\/wp-docker\/wp-json\/wp\/v2\/users\/3"}],"replies":[{"embeddable":true,"href":"https:\/\/www.tuicamper.com\/wp-docker\/wp-json\/wp\/v2\/comments?post=1088"}],"version-history":[{"count":12,"href":"https:\/\/www.tuicamper.com\/wp-docker\/wp-json\/wp\/v2\/posts\/1088\/revisions"}],"predecessor-version":[{"id":104121,"href":"https:\/\/www.tuicamper.com\/wp-docker\/wp-json\/wp\/v2\/posts\/1088\/revisions\/104121"}],"wp:featuredmedia":[{"embeddable":true,"href":"https:\/\/www.tuicamper.com\/wp-docker\/wp-json\/wp\/v2\/media\/1160"}],"wp:attachment":[{"href":"https:\/\/www.tuicamper.com\/wp-docker\/wp-json\/wp\/v2\/media?parent=1088"}],"wp:term":[{"taxonomy":"category","embeddable":true,"href":"https:\/\/www.tuicamper.com\/wp-docker\/wp-json\/wp\/v2\/categories?post=1088"},{"taxonomy":"post_tag","embeddable":true,"href":"https:\/\/www.tuicamper.com\/wp-docker\/wp-json\/wp\/v2\/tags?post=1088"}],"curies":[{"name":"wp","href":"https:\/\/api.w.org\/{rel}","templated":true}]}}